{"id":63316,"date":"2021-03-10T18:48:03","date_gmt":"2021-03-10T21:48:03","guid":{"rendered":"https:\/\/www.arquimaster.com.ar\/web\/?p=63316"},"modified":"2025-07-25T19:10:58","modified_gmt":"2025-07-25T22:10:58","slug":"los-nuevos-aliados-de-todos-los-ambientes-del-hogar-estantes-de-madera","status":"publish","type":"post","link":"https:\/\/www.arquimaster.com.ar\/web\/los-nuevos-aliados-de-todos-los-ambientes-del-hogar-estantes-de-madera\/","title":{"rendered":"Los nuevos aliados de todos los ambientes del hogar: estantes de madera"},"content":{"rendered":"<div style=\"margin-top: 0px; margin-bottom: 0px;\" class=\"sharethis-inline-share-buttons\" ><\/div><div class=\"b812932af2e751442846f039925109de\" data-index=\"1\" style=\"float: none; margin:25px 0 25px 0; text-align:center;\">\n<script async src=\"https:\/\/pagead2.googlesyndication.com\/pagead\/js\/adsbygoogle.js\"><\/script>\r\n<!-- Arquimaster (superior) -->\r\n<ins class=\"adsbygoogle\"\r\n     style=\"display:block\"\r\n     data-ad-client=\"ca-pub-6351072698456832\"\r\n     data-ad-slot=\"6455489680\"\r\n     data-ad-format=\"auto\"\r\n     data-full-width-responsive=\"true\"><\/ins>\r\n<script>\r\n     (adsbygoogle = window.adsbygoogle || []).push({});\r\n<\/script>\n<\/div>\n<h3><em><strong>Cetol acerca 3 tips para que se luzcan y sean tan eficientes como necesit\u00e1s.<\/strong><\/em><\/h3>\n<p>En el ba\u00f1o, en la cocina, en el dormitorio, en el living, en el comedor, donde se los imagine aportan una gran variedad de beneficios funcionales y est\u00e9ticos.<\/p>\n<p>Infinidad de fotos en Pinterest proponen sumar estantes a los hogares y el material elegido por excelencia es la madera. Estos elementos nos permiten agregar liviandad visual a nuestros ambientes, mientras que al mismo tiempo son socios estrat\u00e9gicos para optimizar espacios, lograr orden y aportar detalles decorativos a nuestros ambientes.<\/p>\n<div id='gallery-1' class='gallery galleryid-63316 gallery-columns-3 gallery-size-thumbnail'><figure class='gallery-item'>\n\t\t\t<div class='gallery-icon landscape'>\n\t\t\t\t<a href='https:\/\/www.arquimaster.com.ar\/web\/wp-content\/uploads\/2021\/03\/cetol_estantes_madera1.jpg' title=\"Los nuevos aliados de todos los ambientes del hogar: estantes de madera\" data-rl_title=\"Los nuevos aliados de todos los ambientes del hogar: estantes de madera\" class=\"rl-gallery-link\" data-rl_caption=\"Los nuevos aliados de todos los ambientes del hogar: estantes de madera\" data-rel=\"lightbox-gallery-1\"><img loading=\"lazy\" decoding=\"async\" width=\"150\" height=\"150\" src=\"https:\/\/www.arquimaster.com.ar\/web\/wp-content\/uploads\/2021\/03\/cetol_estantes_madera1-150x150.jpg\" class=\"attachment-thumbnail size-thumbnail\" alt=\"Los nuevos aliados de todos los ambientes del hogar: estantes de madera\" aria-describedby=\"gallery-1-63318\" \/><\/a>\n\t\t\t<\/div>\n\t\t\t\t<figcaption class='wp-caption-text gallery-caption' id='gallery-1-63318'>\n\t\t\t\tLos nuevos aliados de todos los ambientes del hogar: estantes de madera\n\t\t\t\t<\/figcaption><\/figure><figure class='gallery-item'>\n\t\t\t<div class='gallery-icon landscape'>\n\t\t\t\t<a href='https:\/\/www.arquimaster.com.ar\/web\/wp-content\/uploads\/2021\/03\/cetol_estantes_madera2.jpg' title=\"Los nuevos aliados de todos los ambientes del hogar: estantes de madera\" data-rl_title=\"Los nuevos aliados de todos los ambientes del hogar: estantes de madera\" class=\"rl-gallery-link\" data-rl_caption=\"Los nuevos aliados de todos los ambientes del hogar: estantes de madera\" data-rel=\"lightbox-gallery-1\"><img loading=\"lazy\" decoding=\"async\" width=\"150\" height=\"150\" src=\"https:\/\/www.arquimaster.com.ar\/web\/wp-content\/uploads\/2021\/03\/cetol_estantes_madera2-150x150.jpg\" class=\"attachment-thumbnail size-thumbnail\" alt=\"Los nuevos aliados de todos los ambientes del hogar: estantes de madera\" aria-describedby=\"gallery-1-63319\" \/><\/a>\n\t\t\t<\/div>\n\t\t\t\t<figcaption class='wp-caption-text gallery-caption' id='gallery-1-63319'>\n\t\t\t\tLos nuevos aliados de todos los ambientes del hogar: estantes de madera\n\t\t\t\t<\/figcaption><\/figure><figure class='gallery-item'>\n\t\t\t<div class='gallery-icon landscape'>\n\t\t\t\t<a href='https:\/\/www.arquimaster.com.ar\/web\/wp-content\/uploads\/2021\/03\/cetol_estantes_madera3.jpg' title=\"Los nuevos aliados de todos los ambientes del hogar: estantes de madera\" data-rl_title=\"Los nuevos aliados de todos los ambientes del hogar: estantes de madera\" class=\"rl-gallery-link\" data-rl_caption=\"Los nuevos aliados de todos los ambientes del hogar: estantes de madera\" data-rel=\"lightbox-gallery-1\"><img loading=\"lazy\" decoding=\"async\" width=\"150\" height=\"150\" src=\"https:\/\/www.arquimaster.com.ar\/web\/wp-content\/uploads\/2021\/03\/cetol_estantes_madera3-150x150.jpg\" class=\"attachment-thumbnail size-thumbnail\" alt=\"Los nuevos aliados de todos los ambientes del hogar: estantes de madera\" aria-describedby=\"gallery-1-63320\" \/><\/a>\n\t\t\t<\/div>\n\t\t\t\t<figcaption class='wp-caption-text gallery-caption' id='gallery-1-63320'>\n\t\t\t\tLos nuevos aliados de todos los ambientes del hogar: estantes de madera\n\t\t\t\t<\/figcaption><\/figure><figure class='gallery-item'>\n\t\t\t<div class='gallery-icon landscape'>\n\t\t\t\t<a href='https:\/\/www.arquimaster.com.ar\/web\/wp-content\/uploads\/2021\/03\/cetol_estantes_madera4.jpg' title=\"Los nuevos aliados de todos los ambientes del hogar: estantes de madera\" data-rl_title=\"Los nuevos aliados de todos los ambientes del hogar: estantes de madera\" class=\"rl-gallery-link\" data-rl_caption=\"Los nuevos aliados de todos los ambientes del hogar: estantes de madera\" data-rel=\"lightbox-gallery-1\"><img loading=\"lazy\" decoding=\"async\" width=\"150\" height=\"150\" src=\"https:\/\/www.arquimaster.com.ar\/web\/wp-content\/uploads\/2021\/03\/cetol_estantes_madera4-150x150.jpg\" class=\"attachment-thumbnail size-thumbnail\" alt=\"Los nuevos aliados de todos los ambientes del hogar: estantes de madera\" aria-describedby=\"gallery-1-63321\" \/><\/a>\n\t\t\t<\/div>\n\t\t\t\t<figcaption class='wp-caption-text gallery-caption' id='gallery-1-63321'>\n\t\t\t\tLos nuevos aliados de todos los ambientes del hogar: estantes de madera\n\t\t\t\t<\/figcaption><\/figure>\n\t\t<\/div>\n\n<p>En la cocina reciben, por ejemplo, frascos con distintos ingredientes que facilitan su uso al momento de preparar cualquier plato. En los dormitorios nos permiten alojar libros, objetos decorativos y hasta juguetes de nuestros hijos. En los livings se lucen plantas, cuadros y adornos, mientras que en el ba\u00f1o nos dan la posibilidad de dejar a mano los elementos cruciales de una manera arm\u00f3nica y funcional: toallas, toallones, jabones, shampoo, etc.<\/p>\n<p>La <a href=\"https:\/\/www.arquimaster.com.ar\/web\/tag\/madera\/\">madera<\/a> es la m\u00e1s elegida para incorporarlos a la casa y el motivo se ancla en la cuota de calidez que aporta este material y la versatilidad de propuestas en t\u00e9rminos de colores, vetas y texturas que ofrece.<\/p>\n<p><a href=\"https:\/\/www.arquimaster.com.ar\/web\/tag\/cetol\/\">Cetol<\/a>, marca l\u00edder en cuidado y protecci\u00f3n de madera del grupo AkzoNobel, acerca 3 tips a tener en cuenta al momento de incorporarlos:<\/p>\n<p>1) <strong>Tama\u00f1o: profundidad, espesor y largo<\/strong>. Seg\u00fan cu\u00e1les sean los objetos que all\u00ed se ubicar\u00e1n, ser\u00e1 preciso pensar y definir con antelaci\u00f3n cu\u00e1l es la verdadera necesidad de estante, as\u00ed como entender qu\u00e9 rol ocupar\u00e1n: si decorativo, funcional o ambos. \u00bfCu\u00e1ntos? \u00bfC\u00f3mo deben ser? Ser\u00e1 fundamental hacernos esta pregunta para antes de proceder en su instalaci\u00f3n, tomar la decisi\u00f3n correcta. No es igual el espacio que necesitamos para apoyar cuadros, que para poner frascos, toallas o libros, as\u00ed como tambi\u00e9n entender las dimensiones del ambiente para no sobrecargarlo.<\/p>\n<p>2) <strong>Color y tipo de madera<\/strong>. Aqu\u00ed todo depender\u00e1 de nuestros gustos. En este sentido lo que se tendr\u00e1 que tener en cuenta es qu\u00e9 tonalidades queremos incorporar con este c\u00e1lido material. \u00bfUna madera oscura? \u00bfUna clara? \u00bfUna con muchas vetas? No importa de cu\u00e1l de ellas se trate, para asegurarnos su durabilidad ser\u00e1 preciso aplicar protecci\u00f3n, especialmente para los ambientes que son afectados por humedad y vapor de agua para que duren m\u00e1s y para facilitar su r\u00e1pida limpieza.<\/p>\n<p>3) <strong>Protecci\u00f3n<\/strong>. Para este tipo de superficies, Cetol recomienda aplicar 3 manos de Classic Balance. Esta soluci\u00f3n no s\u00f3lo aporta protecci\u00f3n a la madera, sino que adem\u00e1s viene en 6 colores listos para usar que permiten transformar incluso el material si as\u00ed se lo deseara. Estos tonos son: roble, nogal, caoba, cedro, cristal y natural. El trabajo puede terminarse en un d\u00eda, ya que al pertenecer a la l\u00ednea Balance, el producto seca r\u00e1pido, no tiene olor y los pinceles se lavan con agua.<\/p>\n<p>Una buena idea por ejemplo es comprar madera de pino y realzar su propuesta a partir de la incorporaci\u00f3n de un Cetol Classic con color. Viene en terminaci\u00f3n satinada o brillante. Cabe destacar que para aquellos estantes que reciban elementos que representen una gran fricci\u00f3n entre la superficie y aquello que se apoya, se recomienda Cetol Parquet, que se distingue por tener una gran resistencia al desgaste y evitar rayones.<\/p>\n<p>Una buena planificaci\u00f3n y cuidado del material garantizar\u00e1 el \u00e9xito de estos nuevos aliados de casa. Simplemente debemos pensar qu\u00e9 rol ocupar\u00e1n, qu\u00e9 caracter\u00edsticas queremos que tengan y finalmente protegerlos para que duren m\u00e1s.<\/p>\n<p>Para inspirarte y aprender c\u00f3mo proteger, podes seguirnos en el perfil de Instagram\u00a0@cetoltendencias y en nuestra Cetolteca de Youtube.<\/p>\n\n<div style=\"font-size: 0px; height: 0px; line-height: 0px; margin: 0; padding: 0; clear: both;\"><\/div><div style=\"margin-top: 0px; margin-bottom: 0px;\" class=\"sharethis-inline-share-buttons\" ><\/div>","protected":false},"excerpt":{"rendered":"<p>Cetol acerca 3 tips para que se luzcan y sean tan eficientes como necesit\u00e1s&#8230;<\/p>\n","protected":false},"author":1,"featured_media":63317,"comment_status":"closed","ping_status":"closed","sticky":false,"template":"","format":"standard","meta":{"_uag_custom_page_level_css":"","footnotes":""},"categories":[55,56],"tags":[1111,1107,6966,701,4894],"class_list":["post-63316","post","type-post","status-publish","format-standard","has-post-thumbnail","hentry","category-diseno","category-diseno-interior-decoracion","tag-akzonobel","tag-cetol","tag-estantes","tag-madera","tag-protector-para-madera","generate-columns","tablet-grid-50","mobile-grid-100","grid-parent","grid-50"],"yoast_head":"<!-- This site is optimized with the Yoast SEO plugin v27.3 - https:\/\/yoast.com\/product\/yoast-seo-wordpress\/ -->\n<title>Los nuevos aliados de todos los ambientes del hogar: estantes de madera - Arquimaster<\/title>\n<meta name=\"description\" content=\"Cetol acerca 3 tips para que se luzcan y sean tan eficientes como necesit\u00e1s.\" \/>\n<meta name=\"robots\" content=\"index, follow, max-snippet:-1, max-image-preview:large, max-video-preview:-1\" \/>\n<link rel=\"canonical\" href=\"https:\/\/www.arquimaster.com.ar\/web\/los-nuevos-aliados-de-todos-los-ambientes-del-hogar-estantes-de-madera\/\" \/>\n<meta property=\"og:locale\" content=\"es_ES\" \/>\n<meta property=\"og:type\" content=\"article\" \/>\n<meta property=\"og:title\" content=\"Los nuevos aliados de todos los ambientes del hogar: estantes de madera\" \/>\n<meta property=\"og:description\" content=\"Cetol acerca 3 tips para que se luzcan y sean tan eficientes como necesit\u00e1s.\" \/>\n<meta property=\"og:url\" content=\"https:\/\/www.arquimaster.com.ar\/web\/los-nuevos-aliados-de-todos-los-ambientes-del-hogar-estantes-de-madera\/\" \/>\n<meta property=\"og:site_name\" content=\"Arquimaster\" \/>\n<meta property=\"article:publisher\" content=\"http:\/\/www.facebook.com\/ARQUIMASTER.com.ar\" \/>\n<meta property=\"article:published_time\" content=\"2021-03-10T21:48:03+00:00\" \/>\n<meta property=\"article:modified_time\" content=\"2025-07-25T22:10:58+00:00\" \/>\n<meta property=\"og:image\" content=\"https:\/\/www.arquimaster.com.ar\/web\/wp-content\/uploads\/2021\/03\/cetol_estantes_madera_slide.jpg\" \/>\n\t<meta property=\"og:image:width\" content=\"698\" \/>\n\t<meta property=\"og:image:height\" content=\"364\" \/>\n\t<meta property=\"og:image:type\" content=\"image\/jpeg\" \/>\n<meta name=\"author\" content=\"Arquimaster\" \/>\n<meta name=\"twitter:card\" content=\"summary_large_image\" \/>\n<meta name=\"twitter:title\" content=\"Los nuevos aliados de todos los ambientes del hogar: estantes de madera\" \/>\n<meta name=\"twitter:description\" content=\"Cetol acerca 3 tips para que se luzcan y sean tan eficientes como necesit\u00e1s.\" \/>\n<meta name=\"twitter:image\" content=\"https:\/\/www.arquimaster.com.ar\/web\/wp-content\/uploads\/2021\/03\/cetol_estantes_madera_slide.jpg\" \/>\n<meta name=\"twitter:creator\" content=\"@arquimaster\" \/>\n<meta name=\"twitter:site\" content=\"@arquimaster\" \/>\n<meta name=\"twitter:label1\" content=\"Escrito por\" \/>\n\t<meta name=\"twitter:data1\" content=\"Arquimaster\" \/>\n\t<meta name=\"twitter:label2\" content=\"Tiempo de lectura\" \/>\n\t<meta name=\"twitter:data2\" content=\"3 minutos\" \/>\n<script type=\"application\/ld+json\" class=\"yoast-schema-graph\">{\"@context\":\"https:\\\/\\\/schema.org\",\"@graph\":[{\"@type\":\"Article\",\"@id\":\"https:\\\/\\\/www.arquimaster.com.ar\\\/web\\\/los-nuevos-aliados-de-todos-los-ambientes-del-hogar-estantes-de-madera\\\/#article\",\"isPartOf\":{\"@id\":\"https:\\\/\\\/www.arquimaster.com.ar\\\/web\\\/los-nuevos-aliados-de-todos-los-ambientes-del-hogar-estantes-de-madera\\\/\"},\"author\":{\"name\":\"Arquimaster\",\"@id\":\"https:\\\/\\\/www.arquimaster.com.ar\\\/web\\\/#\\\/schema\\\/person\\\/359e9f7c00193fcde068e0dd2ceb0028\"},\"headline\":\"Los nuevos aliados de todos los ambientes del hogar: estantes de madera\",\"datePublished\":\"2021-03-10T21:48:03+00:00\",\"dateModified\":\"2025-07-25T22:10:58+00:00\",\"mainEntityOfPage\":{\"@id\":\"https:\\\/\\\/www.arquimaster.com.ar\\\/web\\\/los-nuevos-aliados-de-todos-los-ambientes-del-hogar-estantes-de-madera\\\/\"},\"wordCount\":653,\"publisher\":{\"@id\":\"https:\\\/\\\/www.arquimaster.com.ar\\\/web\\\/#organization\"},\"image\":{\"@id\":\"https:\\\/\\\/www.arquimaster.com.ar\\\/web\\\/los-nuevos-aliados-de-todos-los-ambientes-del-hogar-estantes-de-madera\\\/#primaryimage\"},\"thumbnailUrl\":\"https:\\\/\\\/www.arquimaster.com.ar\\\/web\\\/wp-content\\\/uploads\\\/2021\\\/03\\\/cetol_estantes_madera_slide.jpg\",\"keywords\":[\"AkzoNobel\",\"Cetol\",\"estantes\",\"madera\",\"protector para madera\"],\"articleSection\":[\"Dise\u00f1o\",\"Dise\u00f1o interior y decoracion\"],\"inLanguage\":\"es\"},{\"@type\":\"WebPage\",\"@id\":\"https:\\\/\\\/www.arquimaster.com.ar\\\/web\\\/los-nuevos-aliados-de-todos-los-ambientes-del-hogar-estantes-de-madera\\\/\",\"url\":\"https:\\\/\\\/www.arquimaster.com.ar\\\/web\\\/los-nuevos-aliados-de-todos-los-ambientes-del-hogar-estantes-de-madera\\\/\",\"name\":\"Los nuevos aliados de todos los ambientes del hogar: estantes de madera - Arquimaster\",\"isPartOf\":{\"@id\":\"https:\\\/\\\/www.arquimaster.com.ar\\\/web\\\/#website\"},\"primaryImageOfPage\":{\"@id\":\"https:\\\/\\\/www.arquimaster.com.ar\\\/web\\\/los-nuevos-aliados-de-todos-los-ambientes-del-hogar-estantes-de-madera\\\/#primaryimage\"},\"image\":{\"@id\":\"https:\\\/\\\/www.arquimaster.com.ar\\\/web\\\/los-nuevos-aliados-de-todos-los-ambientes-del-hogar-estantes-de-madera\\\/#primaryimage\"},\"thumbnailUrl\":\"https:\\\/\\\/www.arquimaster.com.ar\\\/web\\\/wp-content\\\/uploads\\\/2021\\\/03\\\/cetol_estantes_madera_slide.jpg\",\"datePublished\":\"2021-03-10T21:48:03+00:00\",\"dateModified\":\"2025-07-25T22:10:58+00:00\",\"description\":\"Cetol acerca 3 tips para que se luzcan y sean tan eficientes como necesit\u00e1s.\",\"breadcrumb\":{\"@id\":\"https:\\\/\\\/www.arquimaster.com.ar\\\/web\\\/los-nuevos-aliados-de-todos-los-ambientes-del-hogar-estantes-de-madera\\\/#breadcrumb\"},\"inLanguage\":\"es\",\"potentialAction\":[{\"@type\":\"ReadAction\",\"target\":[\"https:\\\/\\\/www.arquimaster.com.ar\\\/web\\\/los-nuevos-aliados-de-todos-los-ambientes-del-hogar-estantes-de-madera\\\/\"]}]},{\"@type\":\"ImageObject\",\"inLanguage\":\"es\",\"@id\":\"https:\\\/\\\/www.arquimaster.com.ar\\\/web\\\/los-nuevos-aliados-de-todos-los-ambientes-del-hogar-estantes-de-madera\\\/#primaryimage\",\"url\":\"https:\\\/\\\/www.arquimaster.com.ar\\\/web\\\/wp-content\\\/uploads\\\/2021\\\/03\\\/cetol_estantes_madera_slide.jpg\",\"contentUrl\":\"https:\\\/\\\/www.arquimaster.com.ar\\\/web\\\/wp-content\\\/uploads\\\/2021\\\/03\\\/cetol_estantes_madera_slide.jpg\",\"width\":698,\"height\":364,\"caption\":\"Los nuevos aliados de todos los ambientes del hogar: estantes de madera\"},{\"@type\":\"BreadcrumbList\",\"@id\":\"https:\\\/\\\/www.arquimaster.com.ar\\\/web\\\/los-nuevos-aliados-de-todos-los-ambientes-del-hogar-estantes-de-madera\\\/#breadcrumb\",\"itemListElement\":[{\"@type\":\"ListItem\",\"position\":1,\"name\":\"Portada\",\"item\":\"https:\\\/\\\/www.arquimaster.com.ar\\\/web\\\/\"},{\"@type\":\"ListItem\",\"position\":2,\"name\":\"Los nuevos aliados de todos los ambientes del hogar: estantes de madera\"}]},{\"@type\":\"WebSite\",\"@id\":\"https:\\\/\\\/www.arquimaster.com.ar\\\/web\\\/#website\",\"url\":\"https:\\\/\\\/www.arquimaster.com.ar\\\/web\\\/\",\"name\":\"Arquimaster\",\"description\":\"Web de arquitectura, dise\u00f1o y construccion\",\"publisher\":{\"@id\":\"https:\\\/\\\/www.arquimaster.com.ar\\\/web\\\/#organization\"},\"potentialAction\":[{\"@type\":\"SearchAction\",\"target\":{\"@type\":\"EntryPoint\",\"urlTemplate\":\"https:\\\/\\\/www.arquimaster.com.ar\\\/web\\\/?s={search_term_string}\"},\"query-input\":{\"@type\":\"PropertyValueSpecification\",\"valueRequired\":true,\"valueName\":\"search_term_string\"}}],\"inLanguage\":\"es\"},{\"@type\":\"Organization\",\"@id\":\"https:\\\/\\\/www.arquimaster.com.ar\\\/web\\\/#organization\",\"name\":\"Arquimaster\",\"url\":\"https:\\\/\\\/www.arquimaster.com.ar\\\/web\\\/\",\"logo\":{\"@type\":\"ImageObject\",\"inLanguage\":\"es\",\"@id\":\"https:\\\/\\\/www.arquimaster.com.ar\\\/web\\\/#\\\/schema\\\/logo\\\/image\\\/\",\"url\":\"https:\\\/\\\/www.arquimaster.com.ar\\\/web\\\/wp-content\\\/uploads\\\/2022\\\/06\\\/arquimaster.png\",\"contentUrl\":\"https:\\\/\\\/www.arquimaster.com.ar\\\/web\\\/wp-content\\\/uploads\\\/2022\\\/06\\\/arquimaster.png\",\"width\":594,\"height\":78,\"caption\":\"Arquimaster\"},\"image\":{\"@id\":\"https:\\\/\\\/www.arquimaster.com.ar\\\/web\\\/#\\\/schema\\\/logo\\\/image\\\/\"},\"sameAs\":[\"http:\\\/\\\/www.facebook.com\\\/ARQUIMASTER.com.ar\",\"https:\\\/\\\/x.com\\\/arquimaster\",\"https:\\\/\\\/www.instagram.com\\\/arquimasterblog\\\/\",\"https:\\\/\\\/www.linkedin.com\\\/company\\\/arquimaster\",\"https:\\\/\\\/www.pinterest.com\\\/arquimaster\",\"https:\\\/\\\/t.me\\\/arquimaster\"]},{\"@type\":\"Person\",\"@id\":\"https:\\\/\\\/www.arquimaster.com.ar\\\/web\\\/#\\\/schema\\\/person\\\/359e9f7c00193fcde068e0dd2ceb0028\",\"name\":\"Arquimaster\"}]}<\/script>\n<!-- \/ Yoast SEO plugin. -->","yoast_head_json":{"title":"Los nuevos aliados de todos los ambientes del hogar: estantes de madera - Arquimaster","description":"Cetol acerca 3 tips para que se luzcan y sean tan eficientes como necesit\u00e1s.","robots":{"index":"index","follow":"follow","max-snippet":"max-snippet:-1","max-image-preview":"max-image-preview:large","max-video-preview":"max-video-preview:-1"},"canonical":"https:\/\/www.arquimaster.com.ar\/web\/los-nuevos-aliados-de-todos-los-ambientes-del-hogar-estantes-de-madera\/","og_locale":"es_ES","og_type":"article","og_title":"Los nuevos aliados de todos los ambientes del hogar: estantes de madera","og_description":"Cetol acerca 3 tips para que se luzcan y sean tan eficientes como necesit\u00e1s.","og_url":"https:\/\/www.arquimaster.com.ar\/web\/los-nuevos-aliados-de-todos-los-ambientes-del-hogar-estantes-de-madera\/","og_site_name":"Arquimaster","article_publisher":"http:\/\/www.facebook.com\/ARQUIMASTER.com.ar","article_published_time":"2021-03-10T21:48:03+00:00","article_modified_time":"2025-07-25T22:10:58+00:00","og_image":[{"width":698,"height":364,"url":"https:\/\/www.arquimaster.com.ar\/web\/wp-content\/uploads\/2021\/03\/cetol_estantes_madera_slide.jpg","type":"image\/jpeg"}],"author":"Arquimaster","twitter_card":"summary_large_image","twitter_title":"Los nuevos aliados de todos los ambientes del hogar: estantes de madera","twitter_description":"Cetol acerca 3 tips para que se luzcan y sean tan eficientes como necesit\u00e1s.","twitter_image":"https:\/\/www.arquimaster.com.ar\/web\/wp-content\/uploads\/2021\/03\/cetol_estantes_madera_slide.jpg","twitter_creator":"@arquimaster","twitter_site":"@arquimaster","twitter_misc":{"Escrito por":"Arquimaster","Tiempo de lectura":"3 minutos"},"schema":{"@context":"https:\/\/schema.org","@graph":[{"@type":"Article","@id":"https:\/\/www.arquimaster.com.ar\/web\/los-nuevos-aliados-de-todos-los-ambientes-del-hogar-estantes-de-madera\/#article","isPartOf":{"@id":"https:\/\/www.arquimaster.com.ar\/web\/los-nuevos-aliados-de-todos-los-ambientes-del-hogar-estantes-de-madera\/"},"author":{"name":"Arquimaster","@id":"https:\/\/www.arquimaster.com.ar\/web\/#\/schema\/person\/359e9f7c00193fcde068e0dd2ceb0028"},"headline":"Los nuevos aliados de todos los ambientes del hogar: estantes de madera","datePublished":"2021-03-10T21:48:03+00:00","dateModified":"2025-07-25T22:10:58+00:00","mainEntityOfPage":{"@id":"https:\/\/www.arquimaster.com.ar\/web\/los-nuevos-aliados-de-todos-los-ambientes-del-hogar-estantes-de-madera\/"},"wordCount":653,"publisher":{"@id":"https:\/\/www.arquimaster.com.ar\/web\/#organization"},"image":{"@id":"https:\/\/www.arquimaster.com.ar\/web\/los-nuevos-aliados-de-todos-los-ambientes-del-hogar-estantes-de-madera\/#primaryimage"},"thumbnailUrl":"https:\/\/www.arquimaster.com.ar\/web\/wp-content\/uploads\/2021\/03\/cetol_estantes_madera_slide.jpg","keywords":["AkzoNobel","Cetol","estantes","madera","protector para madera"],"articleSection":["Dise\u00f1o","Dise\u00f1o interior y decoracion"],"inLanguage":"es"},{"@type":"WebPage","@id":"https:\/\/www.arquimaster.com.ar\/web\/los-nuevos-aliados-de-todos-los-ambientes-del-hogar-estantes-de-madera\/","url":"https:\/\/www.arquimaster.com.ar\/web\/los-nuevos-aliados-de-todos-los-ambientes-del-hogar-estantes-de-madera\/","name":"Los nuevos aliados de todos los ambientes del hogar: estantes de madera - Arquimaster","isPartOf":{"@id":"https:\/\/www.arquimaster.com.ar\/web\/#website"},"primaryImageOfPage":{"@id":"https:\/\/www.arquimaster.com.ar\/web\/los-nuevos-aliados-de-todos-los-ambientes-del-hogar-estantes-de-madera\/#primaryimage"},"image":{"@id":"https:\/\/www.arquimaster.com.ar\/web\/los-nuevos-aliados-de-todos-los-ambientes-del-hogar-estantes-de-madera\/#primaryimage"},"thumbnailUrl":"https:\/\/www.arquimaster.com.ar\/web\/wp-content\/uploads\/2021\/03\/cetol_estantes_madera_slide.jpg","datePublished":"2021-03-10T21:48:03+00:00","dateModified":"2025-07-25T22:10:58+00:00","description":"Cetol acerca 3 tips para que se luzcan y sean tan eficientes como necesit\u00e1s.","breadcrumb":{"@id":"https:\/\/www.arquimaster.com.ar\/web\/los-nuevos-aliados-de-todos-los-ambientes-del-hogar-estantes-de-madera\/#breadcrumb"},"inLanguage":"es","potentialAction":[{"@type":"ReadAction","target":["https:\/\/www.arquimaster.com.ar\/web\/los-nuevos-aliados-de-todos-los-ambientes-del-hogar-estantes-de-madera\/"]}]},{"@type":"ImageObject","inLanguage":"es","@id":"https:\/\/www.arquimaster.com.ar\/web\/los-nuevos-aliados-de-todos-los-ambientes-del-hogar-estantes-de-madera\/#primaryimage","url":"https:\/\/www.arquimaster.com.ar\/web\/wp-content\/uploads\/2021\/03\/cetol_estantes_madera_slide.jpg","contentUrl":"https:\/\/www.arquimaster.com.ar\/web\/wp-content\/uploads\/2021\/03\/cetol_estantes_madera_slide.jpg","width":698,"height":364,"caption":"Los nuevos aliados de todos los ambientes del hogar: estantes de madera"},{"@type":"BreadcrumbList","@id":"https:\/\/www.arquimaster.com.ar\/web\/los-nuevos-aliados-de-todos-los-ambientes-del-hogar-estantes-de-madera\/#breadcrumb","itemListElement":[{"@type":"ListItem","position":1,"name":"Portada","item":"https:\/\/www.arquimaster.com.ar\/web\/"},{"@type":"ListItem","position":2,"name":"Los nuevos aliados de todos los ambientes del hogar: estantes de madera"}]},{"@type":"WebSite","@id":"https:\/\/www.arquimaster.com.ar\/web\/#website","url":"https:\/\/www.arquimaster.com.ar\/web\/","name":"Arquimaster","description":"Web de arquitectura, dise\u00f1o y construccion","publisher":{"@id":"https:\/\/www.arquimaster.com.ar\/web\/#organization"},"potentialAction":[{"@type":"SearchAction","target":{"@type":"EntryPoint","urlTemplate":"https:\/\/www.arquimaster.com.ar\/web\/?s={search_term_string}"},"query-input":{"@type":"PropertyValueSpecification","valueRequired":true,"valueName":"search_term_string"}}],"inLanguage":"es"},{"@type":"Organization","@id":"https:\/\/www.arquimaster.com.ar\/web\/#organization","name":"Arquimaster","url":"https:\/\/www.arquimaster.com.ar\/web\/","logo":{"@type":"ImageObject","inLanguage":"es","@id":"https:\/\/www.arquimaster.com.ar\/web\/#\/schema\/logo\/image\/","url":"https:\/\/www.arquimaster.com.ar\/web\/wp-content\/uploads\/2022\/06\/arquimaster.png","contentUrl":"https:\/\/www.arquimaster.com.ar\/web\/wp-content\/uploads\/2022\/06\/arquimaster.png","width":594,"height":78,"caption":"Arquimaster"},"image":{"@id":"https:\/\/www.arquimaster.com.ar\/web\/#\/schema\/logo\/image\/"},"sameAs":["http:\/\/www.facebook.com\/ARQUIMASTER.com.ar","https:\/\/x.com\/arquimaster","https:\/\/www.instagram.com\/arquimasterblog\/","https:\/\/www.linkedin.com\/company\/arquimaster","https:\/\/www.pinterest.com\/arquimaster","https:\/\/t.me\/arquimaster"]},{"@type":"Person","@id":"https:\/\/www.arquimaster.com.ar\/web\/#\/schema\/person\/359e9f7c00193fcde068e0dd2ceb0028","name":"Arquimaster"}]}},"uagb_featured_image_src":{"full":["https:\/\/www.arquimaster.com.ar\/web\/wp-content\/uploads\/2021\/03\/cetol_estantes_madera_slide.jpg",698,364,false],"thumbnail":["https:\/\/www.arquimaster.com.ar\/web\/wp-content\/uploads\/2021\/03\/cetol_estantes_madera_slide-150x150.jpg",150,150,true],"medium":["https:\/\/www.arquimaster.com.ar\/web\/wp-content\/uploads\/2021\/03\/cetol_estantes_madera_slide.jpg",698,364,false],"medium_large":["https:\/\/www.arquimaster.com.ar\/web\/wp-content\/uploads\/2021\/03\/cetol_estantes_madera_slide.jpg",698,364,false],"large":["https:\/\/www.arquimaster.com.ar\/web\/wp-content\/uploads\/2021\/03\/cetol_estantes_madera_slide.jpg",698,364,false],"1536x1536":["https:\/\/www.arquimaster.com.ar\/web\/wp-content\/uploads\/2021\/03\/cetol_estantes_madera_slide.jpg",698,364,false],"2048x2048":["https:\/\/www.arquimaster.com.ar\/web\/wp-content\/uploads\/2021\/03\/cetol_estantes_madera_slide.jpg",698,364,false]},"uagb_author_info":{"display_name":"Arquimaster","author_link":"https:\/\/www.arquimaster.com.ar\/web\/author\/arquimaster\/"},"uagb_comment_info":0,"uagb_excerpt":"Cetol acerca 3 tips para que se luzcan y sean tan eficientes como necesit\u00e1s...","_links":{"self":[{"href":"https:\/\/www.arquimaster.com.ar\/web\/wp-json\/wp\/v2\/posts\/63316","targetHints":{"allow":["GET"]}}],"collection":[{"href":"https:\/\/www.arquimaster.com.ar\/web\/wp-json\/wp\/v2\/posts"}],"about":[{"href":"https:\/\/www.arquimaster.com.ar\/web\/wp-json\/wp\/v2\/types\/post"}],"author":[{"embeddable":true,"href":"https:\/\/www.arquimaster.com.ar\/web\/wp-json\/wp\/v2\/users\/1"}],"replies":[{"embeddable":true,"href":"https:\/\/www.arquimaster.com.ar\/web\/wp-json\/wp\/v2\/comments?post=63316"}],"version-history":[{"count":3,"href":"https:\/\/www.arquimaster.com.ar\/web\/wp-json\/wp\/v2\/posts\/63316\/revisions"}],"predecessor-version":[{"id":85283,"href":"https:\/\/www.arquimaster.com.ar\/web\/wp-json\/wp\/v2\/posts\/63316\/revisions\/85283"}],"wp:featuredmedia":[{"embeddable":true,"href":"https:\/\/www.arquimaster.com.ar\/web\/wp-json\/wp\/v2\/media\/63317"}],"wp:attachment":[{"href":"https:\/\/www.arquimaster.com.ar\/web\/wp-json\/wp\/v2\/media?parent=63316"}],"wp:term":[{"taxonomy":"category","embeddable":true,"href":"https:\/\/www.arquimaster.com.ar\/web\/wp-json\/wp\/v2\/categories?post=63316"},{"taxonomy":"post_tag","embeddable":true,"href":"https:\/\/www.arquimaster.com.ar\/web\/wp-json\/wp\/v2\/tags?post=63316"}],"curies":[{"name":"wp","href":"https:\/\/api.w.org\/{rel}","templated":true}]}}