{"id":63344,"date":"2021-03-08T20:19:00","date_gmt":"2021-03-08T23:19:00","guid":{"rendered":"https:\/\/www.arquimaster.com.ar\/web\/?p=63344"},"modified":"2021-03-29T19:25:56","modified_gmt":"2021-03-29T22:25:56","slug":"el-amb-finaliza-la-zona-deportiva-ricard-ginebreda-de-molins-de-rei","status":"publish","type":"post","link":"https:\/\/www.arquimaster.com.ar\/web\/el-amb-finaliza-la-zona-deportiva-ricard-ginebreda-de-molins-de-rei\/","title":{"rendered":"El AMB finaliza la zona deportiva \u00abRicard Ginebreda\u00bb de Molins de Rei"},"content":{"rendered":"<div style=\"margin-top: 0px; margin-bottom: 0px;\" class=\"sharethis-inline-share-buttons\" ><\/div><div class=\"b812932af2e751442846f039925109de\" data-index=\"1\" style=\"float: none; margin:25px 0 25px 0; text-align:center;\">\n<script async src=\"https:\/\/pagead2.googlesyndication.com\/pagead\/js\/adsbygoogle.js\"><\/script>\r\n<!-- Arquimaster (superior) -->\r\n<ins class=\"adsbygoogle\"\r\n     style=\"display:block\"\r\n     data-ad-client=\"ca-pub-6351072698456832\"\r\n     data-ad-slot=\"6455489680\"\r\n     data-ad-format=\"auto\"\r\n     data-full-width-responsive=\"true\"><\/ins>\r\n<script>\r\n     (adsbygoogle = window.adsbygoogle || []).push({});\r\n<\/script>\n<\/div>\n<h3><em><strong>Este equipamiento, en el que se han invertido 3.689.023 \u20ac, tiene el objetivo de aglutinar diferentes actividades deportivas que se hac\u00edan en otros locales. El nuevo complejo se ha construido como un espacio social y familiar, que huye de la visi\u00f3n m\u00e1s profesionalizada del deporte y de la competici\u00f3n.<\/strong><\/em><\/h3>\n<p>El \u00c1rea Metropolitana de Barcelona (AMB), a trav\u00e9s de la Direcci\u00f3n de Servicios de Espacio P\u00fablico, ha finalizado la construcci\u00f3n de la <strong>zona deportiva Ricard Ginebreda de Molins de Rei<\/strong>. Este nuevo equipamiento se ha creado en torno a un campo de f\u00fatbol previamente existente de un club arraigado al barrio de El Canal. El objetivo principal del edificio es acoger, adem\u00e1s de la entidad ya establecida, deportes como la halterofilia, el yudo, la escalada o la gimnasia art\u00edstica, que se encontraban dispersos en locales que no se adecuaban a sus necesidades particulares.<\/p>\n<div id='gallery-1' class='gallery galleryid-63344 gallery-columns-3 gallery-size-thumbnail'><figure class='gallery-item'>\n\t\t\t<div class='gallery-icon landscape'>\n\t\t\t\t<a href='https:\/\/www.arquimaster.com.ar\/web\/wp-content\/uploads\/2021\/03\/zona_deportiva_ricard_ginebreda1.jpg' title=\"El AMB finaliza la zona deportiva &quot;Ricard Ginebreda&quot; de Molins de Rei\" data-rl_title=\"El AMB finaliza la zona deportiva &quot;Ricard Ginebreda&quot; de Molins de Rei\" class=\"rl-gallery-link\" data-rl_caption=\"El AMB finaliza la zona deportiva &quot;Ricard Ginebreda&quot; de Molins de Rei\" data-rel=\"lightbox-gallery-1\"><img loading=\"lazy\" decoding=\"async\" width=\"150\" height=\"150\" src=\"https:\/\/www.arquimaster.com.ar\/web\/wp-content\/uploads\/2021\/03\/zona_deportiva_ricard_ginebreda1-150x150.jpg\" class=\"attachment-thumbnail size-thumbnail\" alt=\"El AMB finaliza la zona deportiva &quot;Ricard Ginebreda&quot; de Molins de Rei\" aria-describedby=\"gallery-1-63346\" \/><\/a>\n\t\t\t<\/div>\n\t\t\t\t<figcaption class='wp-caption-text gallery-caption' id='gallery-1-63346'>\n\t\t\t\tEl AMB finaliza la zona deportiva \u00abRicard Ginebreda\u00bb de Molins de Rei\n\t\t\t\t<\/figcaption><\/figure><figure class='gallery-item'>\n\t\t\t<div class='gallery-icon landscape'>\n\t\t\t\t<a href='https:\/\/www.arquimaster.com.ar\/web\/wp-content\/uploads\/2021\/03\/zona_deportiva_ricard_ginebreda2.jpg' title=\"El AMB finaliza la zona deportiva &quot;Ricard Ginebreda&quot; de Molins de Rei\" data-rl_title=\"El AMB finaliza la zona deportiva &quot;Ricard Ginebreda&quot; de Molins de Rei\" class=\"rl-gallery-link\" data-rl_caption=\"El AMB finaliza la zona deportiva &quot;Ricard Ginebreda&quot; de Molins de Rei\" data-rel=\"lightbox-gallery-1\"><img loading=\"lazy\" decoding=\"async\" width=\"150\" height=\"150\" src=\"https:\/\/www.arquimaster.com.ar\/web\/wp-content\/uploads\/2021\/03\/zona_deportiva_ricard_ginebreda2-150x150.jpg\" class=\"attachment-thumbnail size-thumbnail\" alt=\"El AMB finaliza la zona deportiva &quot;Ricard Ginebreda&quot; de Molins de Rei\" aria-describedby=\"gallery-1-63347\" \/><\/a>\n\t\t\t<\/div>\n\t\t\t\t<figcaption class='wp-caption-text gallery-caption' id='gallery-1-63347'>\n\t\t\t\tEl AMB finaliza la zona deportiva \u00abRicard Ginebreda\u00bb de Molins de Rei\n\t\t\t\t<\/figcaption><\/figure><figure class='gallery-item'>\n\t\t\t<div class='gallery-icon landscape'>\n\t\t\t\t<a href='https:\/\/www.arquimaster.com.ar\/web\/wp-content\/uploads\/2021\/03\/zona_deportiva_ricard_ginebreda3.jpg' title=\"El AMB finaliza la zona deportiva &quot;Ricard Ginebreda&quot; de Molins de Rei\" data-rl_title=\"El AMB finaliza la zona deportiva &quot;Ricard Ginebreda&quot; de Molins de Rei\" class=\"rl-gallery-link\" data-rl_caption=\"El AMB finaliza la zona deportiva &quot;Ricard Ginebreda&quot; de Molins de Rei\" data-rel=\"lightbox-gallery-1\"><img loading=\"lazy\" decoding=\"async\" width=\"150\" height=\"150\" src=\"https:\/\/www.arquimaster.com.ar\/web\/wp-content\/uploads\/2021\/03\/zona_deportiva_ricard_ginebreda3-150x150.jpg\" class=\"attachment-thumbnail size-thumbnail\" alt=\"El AMB finaliza la zona deportiva &quot;Ricard Ginebreda&quot; de Molins de Rei\" aria-describedby=\"gallery-1-63348\" \/><\/a>\n\t\t\t<\/div>\n\t\t\t\t<figcaption class='wp-caption-text gallery-caption' id='gallery-1-63348'>\n\t\t\t\tEl AMB finaliza la zona deportiva \u00abRicard Ginebreda\u00bb de Molins de Rei\n\t\t\t\t<\/figcaption><\/figure><figure class='gallery-item'>\n\t\t\t<div class='gallery-icon landscape'>\n\t\t\t\t<a href='https:\/\/www.arquimaster.com.ar\/web\/wp-content\/uploads\/2021\/03\/zona_deportiva_ricard_ginebreda4.jpg' title=\"El AMB finaliza la zona deportiva &quot;Ricard Ginebreda&quot; de Molins de Rei\" data-rl_title=\"El AMB finaliza la zona deportiva &quot;Ricard Ginebreda&quot; de Molins de Rei\" class=\"rl-gallery-link\" data-rl_caption=\"El AMB finaliza la zona deportiva &quot;Ricard Ginebreda&quot; de Molins de Rei\" data-rel=\"lightbox-gallery-1\"><img loading=\"lazy\" decoding=\"async\" width=\"150\" height=\"150\" src=\"https:\/\/www.arquimaster.com.ar\/web\/wp-content\/uploads\/2021\/03\/zona_deportiva_ricard_ginebreda4-150x150.jpg\" class=\"attachment-thumbnail size-thumbnail\" alt=\"El AMB finaliza la zona deportiva &quot;Ricard Ginebreda&quot; de Molins de Rei\" aria-describedby=\"gallery-1-63349\" \/><\/a>\n\t\t\t<\/div>\n\t\t\t\t<figcaption class='wp-caption-text gallery-caption' id='gallery-1-63349'>\n\t\t\t\tEl AMB finaliza la zona deportiva \u00abRicard Ginebreda\u00bb de Molins de Rei\n\t\t\t\t<\/figcaption><\/figure>\n\t\t<\/div>\n\n<p>El proyecto, dirigido por el arquitecto del AMB <strong>Roger M\u00e9ndez<\/strong>, presenta las siguientes caracter\u00edsticas arquitect\u00f3nicas:<\/p>\n<p>&#8211; <strong>Construcci\u00f3n de una gran marquesina principal<\/strong>, que responde a toda la dimensi\u00f3n del campo de f\u00fatbol y agrupa los vol\u00famenes resultantes de las diferentes salas del complejo, bajo la cual se encuentran los espacios de concurrencia p\u00fablica: el bar, el acceso y las gradas, que se han concebido como espacios sociales a cubierto.<\/p>\n<p>&#8211; <strong>M\u00e1xima accesibilidad<\/strong>, puesto que se ha construido en una planta baja. De este modo, se evita el uso de ascensores y escaleras.<\/p>\n<p>&#8211; Existencia de <strong>luz y ventilaci\u00f3n natural<\/strong> en todas las estancias con el objetivo de ofrecer confort a los usuarios y favorecer el ahorro energ\u00e9tico en las instalaciones.<\/p>\n<p>&#8211; <strong>Construcci\u00f3n de unas gradas<\/strong> con tres niveles, que huyen de la faceta m\u00e1s profesionalizada del deporte y pretenden concebirlo como una actividad social y no como una pr\u00e1ctica puramente competitiva.<\/p>\n<p>&#8211; <strong>Gesti\u00f3n compartida de los vestuarios<\/strong>, que permite realizar diferentes actividades deportivas simult\u00e1neamente y hacer un uso intensivo de las instalaciones.<\/p>\n<p>&#8211; <strong>Presencia de un bar<\/strong> situado en el <strong>acceso del equipamiento<\/strong>, que da servicio tanto dentro como fuera de la instalaci\u00f3n deportiva, lo que permite hacer una gesti\u00f3n independiente del centro y flexibilizar su uso y horario.<\/p>\n<h3><strong>Un equipamiento que fomenta la vertiente social y mejora la calidad paisaj\u00edstica del entorno<\/strong><\/h3>\n<p>Para empezar, el nuevo equipamiento pretende fomentar la vertiente social de la entidad en un lugar que se ha ido dotando de equipamientos p\u00fablicos. La concentraci\u00f3n de actividades deportivas en una \u00fanica instalaci\u00f3n representa un punto de atracci\u00f3n de actividades que potencia las relaciones familiares y sociales del barrio.<\/p>\n<p>Adem\u00e1s, cabe destacar que las nuevas instalaciones se han concebido como un espacio de estancia y acogida, y permiten compatibilizar la competici\u00f3n de alto nivel con la existencia de un espacio social y familiar.<\/p>\n<p>En segundo lugar, el impulso del nuevo equipamiento tiene una funci\u00f3n de calidad paisaj\u00edstica y urbana del entorno. Su construcci\u00f3n ha servido para mejorar el contexto urbano en dos niveles: local y metropolitano. A nivel local, el recinto estaba muy aislado a causa de la antigua valla de obra perimetral y tambi\u00e9n por la poca relaci\u00f3n entre el barrio y el parque adyacente. El proyecto ha permitido mejorar la conectividad y la relaci\u00f3n con las calles adyacentes y potenciar la calle Felip Canalias como un verdadero eje urbano.<\/p>\n<p>A nivel metropolitano, el campo de f\u00fatbol ten\u00eda poca relaci\u00f3n con los espacios libres que conectan con el r\u00edo Llobregat debido a la fragmentaci\u00f3n territorial que produce el paso de la B-23. Con el nuevo proyecto, se ha creado una gran entrada abierta en el barrio, acompa\u00f1ada de un nuevo espacio p\u00fablico que favorece la relaci\u00f3n con el parque del Llobregat.<\/p>\n\n<div style=\"font-size: 0px; height: 0px; line-height: 0px; margin: 0; padding: 0; clear: both;\"><\/div><div style=\"margin-top: 0px; margin-bottom: 0px;\" class=\"sharethis-inline-share-buttons\" ><\/div>","protected":false},"excerpt":{"rendered":"<p>El nuevo complejo se ha construido como un espacio social y familiar&#8230;<\/p>\n","protected":false},"author":1,"featured_media":63345,"comment_status":"closed","ping_status":"closed","sticky":false,"template":"","format":"standard","meta":{"_uag_custom_page_level_css":"","footnotes":""},"categories":[70,68],"tags":[6972,6975,2556,679,6974],"class_list":["post-63344","post","type-post","status-publish","format-standard","has-post-thumbnail","hentry","category-noticias-arquitectura","category-novedades","tag-amb","tag-area-metropolitana-de-barcelona","tag-arquitectura-deportiva","tag-barcelona","tag-molins-de-rei","generate-columns","tablet-grid-50","mobile-grid-100","grid-parent","grid-50"],"yoast_head":"<!-- This site is optimized with the Yoast SEO plugin v27.3 - https:\/\/yoast.com\/product\/yoast-seo-wordpress\/ -->\n<title>El AMB finaliza la zona deportiva &quot;Ricard Ginebreda&quot; de Molins de Rei - Arquimaster<\/title>\n<meta name=\"description\" content=\"El nuevo complejo se ha construido como un espacio social y familiar, que huye de la visi\u00f3n m\u00e1s profesionalizada del deporte y de la competici\u00f3n.\" \/>\n<meta name=\"robots\" content=\"index, follow, max-snippet:-1, max-image-preview:large, max-video-preview:-1\" \/>\n<link rel=\"canonical\" href=\"https:\/\/www.arquimaster.com.ar\/web\/el-amb-finaliza-la-zona-deportiva-ricard-ginebreda-de-molins-de-rei\/\" \/>\n<meta property=\"og:locale\" content=\"es_ES\" \/>\n<meta property=\"og:type\" content=\"article\" \/>\n<meta property=\"og:title\" content=\"El AMB finaliza la zona deportiva &quot;Ricard Ginebreda&quot; de Molins de Rei\" \/>\n<meta property=\"og:description\" content=\"El nuevo complejo se ha construido como un espacio social y familiar, que huye de la visi\u00f3n m\u00e1s profesionalizada del deporte y de la competici\u00f3n.\" \/>\n<meta property=\"og:url\" content=\"https:\/\/www.arquimaster.com.ar\/web\/el-amb-finaliza-la-zona-deportiva-ricard-ginebreda-de-molins-de-rei\/\" \/>\n<meta property=\"og:site_name\" content=\"Arquimaster\" \/>\n<meta property=\"article:publisher\" content=\"http:\/\/www.facebook.com\/ARQUIMASTER.com.ar\" \/>\n<meta property=\"article:published_time\" content=\"2021-03-08T23:19:00+00:00\" \/>\n<meta property=\"article:modified_time\" content=\"2021-03-29T22:25:56+00:00\" \/>\n<meta property=\"og:image\" content=\"https:\/\/www.arquimaster.com.ar\/web\/wp-content\/uploads\/2021\/03\/zona_deportiva_ricard_ginebreda_slide.jpg\" \/>\n\t<meta property=\"og:image:width\" content=\"698\" \/>\n\t<meta property=\"og:image:height\" content=\"364\" \/>\n\t<meta property=\"og:image:type\" content=\"image\/jpeg\" \/>\n<meta name=\"author\" content=\"Arquimaster\" \/>\n<meta name=\"twitter:card\" content=\"summary_large_image\" \/>\n<meta name=\"twitter:title\" content=\"El AMB finaliza la zona deportiva &quot;Ricard Ginebreda&quot; de Molins de Rei\" \/>\n<meta name=\"twitter:description\" content=\"El nuevo complejo se ha construido como un espacio social y familiar, que huye de la visi\u00f3n m\u00e1s profesionalizada del deporte y de la competici\u00f3n.\" \/>\n<meta name=\"twitter:image\" content=\"https:\/\/www.arquimaster.com.ar\/web\/wp-content\/uploads\/2021\/03\/zona_deportiva_ricard_ginebreda_slide.jpg\" \/>\n<meta name=\"twitter:creator\" content=\"@arquimaster\" \/>\n<meta name=\"twitter:site\" content=\"@arquimaster\" \/>\n<meta name=\"twitter:label1\" content=\"Escrito por\" \/>\n\t<meta name=\"twitter:data1\" content=\"Arquimaster\" \/>\n\t<meta name=\"twitter:label2\" content=\"Tiempo de lectura\" \/>\n\t<meta name=\"twitter:data2\" content=\"3 minutos\" \/>\n<script type=\"application\/ld+json\" class=\"yoast-schema-graph\">{\"@context\":\"https:\\\/\\\/schema.org\",\"@graph\":[{\"@type\":\"Article\",\"@id\":\"https:\\\/\\\/www.arquimaster.com.ar\\\/web\\\/el-amb-finaliza-la-zona-deportiva-ricard-ginebreda-de-molins-de-rei\\\/#article\",\"isPartOf\":{\"@id\":\"https:\\\/\\\/www.arquimaster.com.ar\\\/web\\\/el-amb-finaliza-la-zona-deportiva-ricard-ginebreda-de-molins-de-rei\\\/\"},\"author\":{\"name\":\"Arquimaster\",\"@id\":\"https:\\\/\\\/www.arquimaster.com.ar\\\/web\\\/#\\\/schema\\\/person\\\/359e9f7c00193fcde068e0dd2ceb0028\"},\"headline\":\"El AMB finaliza la zona deportiva \u00abRicard Ginebreda\u00bb de Molins de Rei\",\"datePublished\":\"2021-03-08T23:19:00+00:00\",\"dateModified\":\"2021-03-29T22:25:56+00:00\",\"mainEntityOfPage\":{\"@id\":\"https:\\\/\\\/www.arquimaster.com.ar\\\/web\\\/el-amb-finaliza-la-zona-deportiva-ricard-ginebreda-de-molins-de-rei\\\/\"},\"wordCount\":661,\"publisher\":{\"@id\":\"https:\\\/\\\/www.arquimaster.com.ar\\\/web\\\/#organization\"},\"image\":{\"@id\":\"https:\\\/\\\/www.arquimaster.com.ar\\\/web\\\/el-amb-finaliza-la-zona-deportiva-ricard-ginebreda-de-molins-de-rei\\\/#primaryimage\"},\"thumbnailUrl\":\"https:\\\/\\\/www.arquimaster.com.ar\\\/web\\\/wp-content\\\/uploads\\\/2021\\\/03\\\/zona_deportiva_ricard_ginebreda_slide.jpg\",\"keywords\":[\"AMB\",\"\u00c1rea Metropolitana de Barcelona\",\"arquitectura deportiva\",\"Barcelona\",\"Molins de Rei\"],\"articleSection\":[\"Noticias de arquitectura y dise\u00f1o\",\"Novedades\"],\"inLanguage\":\"es\"},{\"@type\":\"WebPage\",\"@id\":\"https:\\\/\\\/www.arquimaster.com.ar\\\/web\\\/el-amb-finaliza-la-zona-deportiva-ricard-ginebreda-de-molins-de-rei\\\/\",\"url\":\"https:\\\/\\\/www.arquimaster.com.ar\\\/web\\\/el-amb-finaliza-la-zona-deportiva-ricard-ginebreda-de-molins-de-rei\\\/\",\"name\":\"El AMB finaliza la zona deportiva \\\"Ricard Ginebreda\\\" de Molins de Rei - Arquimaster\",\"isPartOf\":{\"@id\":\"https:\\\/\\\/www.arquimaster.com.ar\\\/web\\\/#website\"},\"primaryImageOfPage\":{\"@id\":\"https:\\\/\\\/www.arquimaster.com.ar\\\/web\\\/el-amb-finaliza-la-zona-deportiva-ricard-ginebreda-de-molins-de-rei\\\/#primaryimage\"},\"image\":{\"@id\":\"https:\\\/\\\/www.arquimaster.com.ar\\\/web\\\/el-amb-finaliza-la-zona-deportiva-ricard-ginebreda-de-molins-de-rei\\\/#primaryimage\"},\"thumbnailUrl\":\"https:\\\/\\\/www.arquimaster.com.ar\\\/web\\\/wp-content\\\/uploads\\\/2021\\\/03\\\/zona_deportiva_ricard_ginebreda_slide.jpg\",\"datePublished\":\"2021-03-08T23:19:00+00:00\",\"dateModified\":\"2021-03-29T22:25:56+00:00\",\"description\":\"El nuevo complejo se ha construido como un espacio social y familiar, que huye de la visi\u00f3n m\u00e1s profesionalizada del deporte y de la competici\u00f3n.\",\"breadcrumb\":{\"@id\":\"https:\\\/\\\/www.arquimaster.com.ar\\\/web\\\/el-amb-finaliza-la-zona-deportiva-ricard-ginebreda-de-molins-de-rei\\\/#breadcrumb\"},\"inLanguage\":\"es\",\"potentialAction\":[{\"@type\":\"ReadAction\",\"target\":[\"https:\\\/\\\/www.arquimaster.com.ar\\\/web\\\/el-amb-finaliza-la-zona-deportiva-ricard-ginebreda-de-molins-de-rei\\\/\"]}]},{\"@type\":\"ImageObject\",\"inLanguage\":\"es\",\"@id\":\"https:\\\/\\\/www.arquimaster.com.ar\\\/web\\\/el-amb-finaliza-la-zona-deportiva-ricard-ginebreda-de-molins-de-rei\\\/#primaryimage\",\"url\":\"https:\\\/\\\/www.arquimaster.com.ar\\\/web\\\/wp-content\\\/uploads\\\/2021\\\/03\\\/zona_deportiva_ricard_ginebreda_slide.jpg\",\"contentUrl\":\"https:\\\/\\\/www.arquimaster.com.ar\\\/web\\\/wp-content\\\/uploads\\\/2021\\\/03\\\/zona_deportiva_ricard_ginebreda_slide.jpg\",\"width\":698,\"height\":364,\"caption\":\"El AMB finaliza la zona deportiva \\\"Ricard Ginebreda\\\" de Molins de Rei\"},{\"@type\":\"BreadcrumbList\",\"@id\":\"https:\\\/\\\/www.arquimaster.com.ar\\\/web\\\/el-amb-finaliza-la-zona-deportiva-ricard-ginebreda-de-molins-de-rei\\\/#breadcrumb\",\"itemListElement\":[{\"@type\":\"ListItem\",\"position\":1,\"name\":\"Portada\",\"item\":\"https:\\\/\\\/www.arquimaster.com.ar\\\/web\\\/\"},{\"@type\":\"ListItem\",\"position\":2,\"name\":\"El AMB finaliza la zona deportiva \u00abRicard Ginebreda\u00bb de Molins de Rei\"}]},{\"@type\":\"WebSite\",\"@id\":\"https:\\\/\\\/www.arquimaster.com.ar\\\/web\\\/#website\",\"url\":\"https:\\\/\\\/www.arquimaster.com.ar\\\/web\\\/\",\"name\":\"Arquimaster\",\"description\":\"Web de arquitectura, dise\u00f1o y construccion\",\"publisher\":{\"@id\":\"https:\\\/\\\/www.arquimaster.com.ar\\\/web\\\/#organization\"},\"potentialAction\":[{\"@type\":\"SearchAction\",\"target\":{\"@type\":\"EntryPoint\",\"urlTemplate\":\"https:\\\/\\\/www.arquimaster.com.ar\\\/web\\\/?s={search_term_string}\"},\"query-input\":{\"@type\":\"PropertyValueSpecification\",\"valueRequired\":true,\"valueName\":\"search_term_string\"}}],\"inLanguage\":\"es\"},{\"@type\":\"Organization\",\"@id\":\"https:\\\/\\\/www.arquimaster.com.ar\\\/web\\\/#organization\",\"name\":\"Arquimaster\",\"url\":\"https:\\\/\\\/www.arquimaster.com.ar\\\/web\\\/\",\"logo\":{\"@type\":\"ImageObject\",\"inLanguage\":\"es\",\"@id\":\"https:\\\/\\\/www.arquimaster.com.ar\\\/web\\\/#\\\/schema\\\/logo\\\/image\\\/\",\"url\":\"https:\\\/\\\/www.arquimaster.com.ar\\\/web\\\/wp-content\\\/uploads\\\/2022\\\/06\\\/arquimaster.png\",\"contentUrl\":\"https:\\\/\\\/www.arquimaster.com.ar\\\/web\\\/wp-content\\\/uploads\\\/2022\\\/06\\\/arquimaster.png\",\"width\":594,\"height\":78,\"caption\":\"Arquimaster\"},\"image\":{\"@id\":\"https:\\\/\\\/www.arquimaster.com.ar\\\/web\\\/#\\\/schema\\\/logo\\\/image\\\/\"},\"sameAs\":[\"http:\\\/\\\/www.facebook.com\\\/ARQUIMASTER.com.ar\",\"https:\\\/\\\/x.com\\\/arquimaster\",\"https:\\\/\\\/www.instagram.com\\\/arquimasterblog\\\/\",\"https:\\\/\\\/www.linkedin.com\\\/company\\\/arquimaster\",\"https:\\\/\\\/www.pinterest.com\\\/arquimaster\",\"https:\\\/\\\/t.me\\\/arquimaster\"]},{\"@type\":\"Person\",\"@id\":\"https:\\\/\\\/www.arquimaster.com.ar\\\/web\\\/#\\\/schema\\\/person\\\/359e9f7c00193fcde068e0dd2ceb0028\",\"name\":\"Arquimaster\"}]}<\/script>\n<!-- \/ Yoast SEO plugin. -->","yoast_head_json":{"title":"El AMB finaliza la zona deportiva \"Ricard Ginebreda\" de Molins de Rei - Arquimaster","description":"El nuevo complejo se ha construido como un espacio social y familiar, que huye de la visi\u00f3n m\u00e1s profesionalizada del deporte y de la competici\u00f3n.","robots":{"index":"index","follow":"follow","max-snippet":"max-snippet:-1","max-image-preview":"max-image-preview:large","max-video-preview":"max-video-preview:-1"},"canonical":"https:\/\/www.arquimaster.com.ar\/web\/el-amb-finaliza-la-zona-deportiva-ricard-ginebreda-de-molins-de-rei\/","og_locale":"es_ES","og_type":"article","og_title":"El AMB finaliza la zona deportiva \"Ricard Ginebreda\" de Molins de Rei","og_description":"El nuevo complejo se ha construido como un espacio social y familiar, que huye de la visi\u00f3n m\u00e1s profesionalizada del deporte y de la competici\u00f3n.","og_url":"https:\/\/www.arquimaster.com.ar\/web\/el-amb-finaliza-la-zona-deportiva-ricard-ginebreda-de-molins-de-rei\/","og_site_name":"Arquimaster","article_publisher":"http:\/\/www.facebook.com\/ARQUIMASTER.com.ar","article_published_time":"2021-03-08T23:19:00+00:00","article_modified_time":"2021-03-29T22:25:56+00:00","og_image":[{"width":698,"height":364,"url":"https:\/\/www.arquimaster.com.ar\/web\/wp-content\/uploads\/2021\/03\/zona_deportiva_ricard_ginebreda_slide.jpg","type":"image\/jpeg"}],"author":"Arquimaster","twitter_card":"summary_large_image","twitter_title":"El AMB finaliza la zona deportiva \"Ricard Ginebreda\" de Molins de Rei","twitter_description":"El nuevo complejo se ha construido como un espacio social y familiar, que huye de la visi\u00f3n m\u00e1s profesionalizada del deporte y de la competici\u00f3n.","twitter_image":"https:\/\/www.arquimaster.com.ar\/web\/wp-content\/uploads\/2021\/03\/zona_deportiva_ricard_ginebreda_slide.jpg","twitter_creator":"@arquimaster","twitter_site":"@arquimaster","twitter_misc":{"Escrito por":"Arquimaster","Tiempo de lectura":"3 minutos"},"schema":{"@context":"https:\/\/schema.org","@graph":[{"@type":"Article","@id":"https:\/\/www.arquimaster.com.ar\/web\/el-amb-finaliza-la-zona-deportiva-ricard-ginebreda-de-molins-de-rei\/#article","isPartOf":{"@id":"https:\/\/www.arquimaster.com.ar\/web\/el-amb-finaliza-la-zona-deportiva-ricard-ginebreda-de-molins-de-rei\/"},"author":{"name":"Arquimaster","@id":"https:\/\/www.arquimaster.com.ar\/web\/#\/schema\/person\/359e9f7c00193fcde068e0dd2ceb0028"},"headline":"El AMB finaliza la zona deportiva \u00abRicard Ginebreda\u00bb de Molins de Rei","datePublished":"2021-03-08T23:19:00+00:00","dateModified":"2021-03-29T22:25:56+00:00","mainEntityOfPage":{"@id":"https:\/\/www.arquimaster.com.ar\/web\/el-amb-finaliza-la-zona-deportiva-ricard-ginebreda-de-molins-de-rei\/"},"wordCount":661,"publisher":{"@id":"https:\/\/www.arquimaster.com.ar\/web\/#organization"},"image":{"@id":"https:\/\/www.arquimaster.com.ar\/web\/el-amb-finaliza-la-zona-deportiva-ricard-ginebreda-de-molins-de-rei\/#primaryimage"},"thumbnailUrl":"https:\/\/www.arquimaster.com.ar\/web\/wp-content\/uploads\/2021\/03\/zona_deportiva_ricard_ginebreda_slide.jpg","keywords":["AMB","\u00c1rea Metropolitana de Barcelona","arquitectura deportiva","Barcelona","Molins de Rei"],"articleSection":["Noticias de arquitectura y dise\u00f1o","Novedades"],"inLanguage":"es"},{"@type":"WebPage","@id":"https:\/\/www.arquimaster.com.ar\/web\/el-amb-finaliza-la-zona-deportiva-ricard-ginebreda-de-molins-de-rei\/","url":"https:\/\/www.arquimaster.com.ar\/web\/el-amb-finaliza-la-zona-deportiva-ricard-ginebreda-de-molins-de-rei\/","name":"El AMB finaliza la zona deportiva \"Ricard Ginebreda\" de Molins de Rei - Arquimaster","isPartOf":{"@id":"https:\/\/www.arquimaster.com.ar\/web\/#website"},"primaryImageOfPage":{"@id":"https:\/\/www.arquimaster.com.ar\/web\/el-amb-finaliza-la-zona-deportiva-ricard-ginebreda-de-molins-de-rei\/#primaryimage"},"image":{"@id":"https:\/\/www.arquimaster.com.ar\/web\/el-amb-finaliza-la-zona-deportiva-ricard-ginebreda-de-molins-de-rei\/#primaryimage"},"thumbnailUrl":"https:\/\/www.arquimaster.com.ar\/web\/wp-content\/uploads\/2021\/03\/zona_deportiva_ricard_ginebreda_slide.jpg","datePublished":"2021-03-08T23:19:00+00:00","dateModified":"2021-03-29T22:25:56+00:00","description":"El nuevo complejo se ha construido como un espacio social y familiar, que huye de la visi\u00f3n m\u00e1s profesionalizada del deporte y de la competici\u00f3n.","breadcrumb":{"@id":"https:\/\/www.arquimaster.com.ar\/web\/el-amb-finaliza-la-zona-deportiva-ricard-ginebreda-de-molins-de-rei\/#breadcrumb"},"inLanguage":"es","potentialAction":[{"@type":"ReadAction","target":["https:\/\/www.arquimaster.com.ar\/web\/el-amb-finaliza-la-zona-deportiva-ricard-ginebreda-de-molins-de-rei\/"]}]},{"@type":"ImageObject","inLanguage":"es","@id":"https:\/\/www.arquimaster.com.ar\/web\/el-amb-finaliza-la-zona-deportiva-ricard-ginebreda-de-molins-de-rei\/#primaryimage","url":"https:\/\/www.arquimaster.com.ar\/web\/wp-content\/uploads\/2021\/03\/zona_deportiva_ricard_ginebreda_slide.jpg","contentUrl":"https:\/\/www.arquimaster.com.ar\/web\/wp-content\/uploads\/2021\/03\/zona_deportiva_ricard_ginebreda_slide.jpg","width":698,"height":364,"caption":"El AMB finaliza la zona deportiva \"Ricard Ginebreda\" de Molins de Rei"},{"@type":"BreadcrumbList","@id":"https:\/\/www.arquimaster.com.ar\/web\/el-amb-finaliza-la-zona-deportiva-ricard-ginebreda-de-molins-de-rei\/#breadcrumb","itemListElement":[{"@type":"ListItem","position":1,"name":"Portada","item":"https:\/\/www.arquimaster.com.ar\/web\/"},{"@type":"ListItem","position":2,"name":"El AMB finaliza la zona deportiva \u00abRicard Ginebreda\u00bb de Molins de Rei"}]},{"@type":"WebSite","@id":"https:\/\/www.arquimaster.com.ar\/web\/#website","url":"https:\/\/www.arquimaster.com.ar\/web\/","name":"Arquimaster","description":"Web de arquitectura, dise\u00f1o y construccion","publisher":{"@id":"https:\/\/www.arquimaster.com.ar\/web\/#organization"},"potentialAction":[{"@type":"SearchAction","target":{"@type":"EntryPoint","urlTemplate":"https:\/\/www.arquimaster.com.ar\/web\/?s={search_term_string}"},"query-input":{"@type":"PropertyValueSpecification","valueRequired":true,"valueName":"search_term_string"}}],"inLanguage":"es"},{"@type":"Organization","@id":"https:\/\/www.arquimaster.com.ar\/web\/#organization","name":"Arquimaster","url":"https:\/\/www.arquimaster.com.ar\/web\/","logo":{"@type":"ImageObject","inLanguage":"es","@id":"https:\/\/www.arquimaster.com.ar\/web\/#\/schema\/logo\/image\/","url":"https:\/\/www.arquimaster.com.ar\/web\/wp-content\/uploads\/2022\/06\/arquimaster.png","contentUrl":"https:\/\/www.arquimaster.com.ar\/web\/wp-content\/uploads\/2022\/06\/arquimaster.png","width":594,"height":78,"caption":"Arquimaster"},"image":{"@id":"https:\/\/www.arquimaster.com.ar\/web\/#\/schema\/logo\/image\/"},"sameAs":["http:\/\/www.facebook.com\/ARQUIMASTER.com.ar","https:\/\/x.com\/arquimaster","https:\/\/www.instagram.com\/arquimasterblog\/","https:\/\/www.linkedin.com\/company\/arquimaster","https:\/\/www.pinterest.com\/arquimaster","https:\/\/t.me\/arquimaster"]},{"@type":"Person","@id":"https:\/\/www.arquimaster.com.ar\/web\/#\/schema\/person\/359e9f7c00193fcde068e0dd2ceb0028","name":"Arquimaster"}]}},"uagb_featured_image_src":{"full":["https:\/\/www.arquimaster.com.ar\/web\/wp-content\/uploads\/2021\/03\/zona_deportiva_ricard_ginebreda_slide.jpg",698,364,false],"thumbnail":["https:\/\/www.arquimaster.com.ar\/web\/wp-content\/uploads\/2021\/03\/zona_deportiva_ricard_ginebreda_slide-150x150.jpg",150,150,true],"medium":["https:\/\/www.arquimaster.com.ar\/web\/wp-content\/uploads\/2021\/03\/zona_deportiva_ricard_ginebreda_slide.jpg",698,364,false],"medium_large":["https:\/\/www.arquimaster.com.ar\/web\/wp-content\/uploads\/2021\/03\/zona_deportiva_ricard_ginebreda_slide.jpg",698,364,false],"large":["https:\/\/www.arquimaster.com.ar\/web\/wp-content\/uploads\/2021\/03\/zona_deportiva_ricard_ginebreda_slide.jpg",698,364,false],"1536x1536":["https:\/\/www.arquimaster.com.ar\/web\/wp-content\/uploads\/2021\/03\/zona_deportiva_ricard_ginebreda_slide.jpg",698,364,false],"2048x2048":["https:\/\/www.arquimaster.com.ar\/web\/wp-content\/uploads\/2021\/03\/zona_deportiva_ricard_ginebreda_slide.jpg",698,364,false]},"uagb_author_info":{"display_name":"Arquimaster","author_link":"https:\/\/www.arquimaster.com.ar\/web\/author\/arquimaster\/"},"uagb_comment_info":0,"uagb_excerpt":"El nuevo complejo se ha construido como un espacio social y familiar...","_links":{"self":[{"href":"https:\/\/www.arquimaster.com.ar\/web\/wp-json\/wp\/v2\/posts\/63344","targetHints":{"allow":["GET"]}}],"collection":[{"href":"https:\/\/www.arquimaster.com.ar\/web\/wp-json\/wp\/v2\/posts"}],"about":[{"href":"https:\/\/www.arquimaster.com.ar\/web\/wp-json\/wp\/v2\/types\/post"}],"author":[{"embeddable":true,"href":"https:\/\/www.arquimaster.com.ar\/web\/wp-json\/wp\/v2\/users\/1"}],"replies":[{"embeddable":true,"href":"https:\/\/www.arquimaster.com.ar\/web\/wp-json\/wp\/v2\/comments?post=63344"}],"version-history":[{"count":1,"href":"https:\/\/www.arquimaster.com.ar\/web\/wp-json\/wp\/v2\/posts\/63344\/revisions"}],"predecessor-version":[{"id":63350,"href":"https:\/\/www.arquimaster.com.ar\/web\/wp-json\/wp\/v2\/posts\/63344\/revisions\/63350"}],"wp:featuredmedia":[{"embeddable":true,"href":"https:\/\/www.arquimaster.com.ar\/web\/wp-json\/wp\/v2\/media\/63345"}],"wp:attachment":[{"href":"https:\/\/www.arquimaster.com.ar\/web\/wp-json\/wp\/v2\/media?parent=63344"}],"wp:term":[{"taxonomy":"category","embeddable":true,"href":"https:\/\/www.arquimaster.com.ar\/web\/wp-json\/wp\/v2\/categories?post=63344"},{"taxonomy":"post_tag","embeddable":true,"href":"https:\/\/www.arquimaster.com.ar\/web\/wp-json\/wp\/v2\/tags?post=63344"}],"curies":[{"name":"wp","href":"https:\/\/api.w.org\/{rel}","templated":true}]}}