{"id":63352,"date":"2021-03-08T20:16:00","date_gmt":"2021-03-08T23:16:00","guid":{"rendered":"https:\/\/www.arquimaster.com.ar\/web\/?p=63352"},"modified":"2021-03-28T10:58:44","modified_gmt":"2021-03-28T13:58:44","slug":"empieza-la-recuperacion-socioambiental-del-camino-del-rio-llobregat-en-palleja","status":"publish","type":"post","link":"https:\/\/www.arquimaster.com.ar\/web\/empieza-la-recuperacion-socioambiental-del-camino-del-rio-llobregat-en-palleja\/","title":{"rendered":"Empieza la recuperaci\u00f3n socioambiental del camino del R\u00edo Llobregat en Pallej\u00e1"},"content":{"rendered":"<div style=\"margin-top: 0px; margin-bottom: 0px;\" class=\"sharethis-inline-share-buttons\" ><\/div><div class=\"b812932af2e751442846f039925109de\" data-index=\"1\" style=\"float: none; margin:25px 0 25px 0; text-align:center;\">\n<script async src=\"https:\/\/pagead2.googlesyndication.com\/pagead\/js\/adsbygoogle.js\"><\/script>\r\n<!-- Arquimaster (superior) -->\r\n<ins class=\"adsbygoogle\"\r\n     style=\"display:block\"\r\n     data-ad-client=\"ca-pub-6351072698456832\"\r\n     data-ad-slot=\"6455489680\"\r\n     data-ad-format=\"auto\"\r\n     data-full-width-responsive=\"true\"><\/ins>\r\n<script>\r\n     (adsbygoogle = window.adsbygoogle || []).push({});\r\n<\/script>\n<\/div>\n<h3><em><strong>Las obras mejorar\u00e1n la calidad ambiental del espacio fluvial y potenciar\u00e1n su uso social gracias a la movilidad sostenible. Estas actuaciones forman parte del plan de inversiones PSG (Programa de Actuaciones en Paisajes Naturales y Urbanos) y cuentan con financiaci\u00f3n proveniente del fondo FEDER.<\/strong><\/em><\/h3>\n<p>En enero empezaron las actuaciones para <strong>mejorar el camino fluvial del r\u00edo Llobregat en su paso por Pallej\u00e0<\/strong>. Se trata de la primera de las cuatro intervenciones que el AMB llevar\u00e1 a cabo en la orilla derecha del r\u00edo Llobregat en Sant Vicen\u00e7 dels Horts, Santa Coloma de Cervell\u00f3 y Sant Boi de Llobregat. Las obras de mejora en los tres municipios restantes empezar\u00e1n durante este 2021.<\/p>\n<p>La intervenci\u00f3n consiste en la creaci\u00f3n de una red b\u00e1sica de accesos al r\u00edo, la mejora de caminos secundarios y la instalaci\u00f3n de equipamientos en el espacio fluvial. El objetivo principal es mejorar la calidad ambiental del Llobregat y compatibilizar los usos social y l\u00fadico con la recuperaci\u00f3n medioambiental.<\/p>\n<div id='gallery-1' class='gallery galleryid-63352 gallery-columns-3 gallery-size-thumbnail'><figure class='gallery-item'>\n\t\t\t<div class='gallery-icon landscape'>\n\t\t\t\t<a href='https:\/\/www.arquimaster.com.ar\/web\/wp-content\/uploads\/2021\/03\/recuperacion_camino_rio_llobregat-_palleja1.jpg' title=\"Empieza la recuperaci\u00f3n socioambiental del camino del R\u00edo Llobregat en Pallej\u00e1\" data-rl_title=\"Empieza la recuperaci\u00f3n socioambiental del camino del R\u00edo Llobregat en Pallej\u00e1\" class=\"rl-gallery-link\" data-rl_caption=\"Empieza la recuperaci\u00f3n socioambiental del camino del R\u00edo Llobregat en Pallej\u00e1\" data-rel=\"lightbox-gallery-1\"><img loading=\"lazy\" decoding=\"async\" width=\"150\" height=\"150\" src=\"https:\/\/www.arquimaster.com.ar\/web\/wp-content\/uploads\/2021\/03\/recuperacion_camino_rio_llobregat-_palleja1-150x150.jpg\" class=\"attachment-thumbnail size-thumbnail\" alt=\"Empieza la recuperaci\u00f3n socioambiental del camino del R\u00edo Llobregat en Pallej\u00e1\" aria-describedby=\"gallery-1-63354\" \/><\/a>\n\t\t\t<\/div>\n\t\t\t\t<figcaption class='wp-caption-text gallery-caption' id='gallery-1-63354'>\n\t\t\t\tEmpieza la recuperaci\u00f3n socioambiental del camino del R\u00edo Llobregat en Pallej\u00e1\n\t\t\t\t<\/figcaption><\/figure><figure class='gallery-item'>\n\t\t\t<div class='gallery-icon landscape'>\n\t\t\t\t<a href='https:\/\/www.arquimaster.com.ar\/web\/wp-content\/uploads\/2021\/03\/recuperacion_camino_rio_llobregat-_palleja2.jpg' title=\"Empieza la recuperaci\u00f3n socioambiental del camino del R\u00edo Llobregat en Pallej\u00e1\" data-rl_title=\"Empieza la recuperaci\u00f3n socioambiental del camino del R\u00edo Llobregat en Pallej\u00e1\" class=\"rl-gallery-link\" data-rl_caption=\"Empieza la recuperaci\u00f3n socioambiental del camino del R\u00edo Llobregat en Pallej\u00e1\" data-rel=\"lightbox-gallery-1\"><img loading=\"lazy\" decoding=\"async\" width=\"150\" height=\"150\" src=\"https:\/\/www.arquimaster.com.ar\/web\/wp-content\/uploads\/2021\/03\/recuperacion_camino_rio_llobregat-_palleja2-150x150.jpg\" class=\"attachment-thumbnail size-thumbnail\" alt=\"Empieza la recuperaci\u00f3n socioambiental del camino del R\u00edo Llobregat en Pallej\u00e1\" aria-describedby=\"gallery-1-63355\" \/><\/a>\n\t\t\t<\/div>\n\t\t\t\t<figcaption class='wp-caption-text gallery-caption' id='gallery-1-63355'>\n\t\t\t\tEmpieza la recuperaci\u00f3n socioambiental del camino del R\u00edo Llobregat en Pallej\u00e1\n\t\t\t\t<\/figcaption><\/figure><figure class='gallery-item'>\n\t\t\t<div class='gallery-icon landscape'>\n\t\t\t\t<a href='https:\/\/www.arquimaster.com.ar\/web\/wp-content\/uploads\/2021\/03\/recuperacion_camino_rio_llobregat-_palleja3.jpg' title=\"Empieza la recuperaci\u00f3n socioambiental del camino del R\u00edo Llobregat en Pallej\u00e1\" data-rl_title=\"Empieza la recuperaci\u00f3n socioambiental del camino del R\u00edo Llobregat en Pallej\u00e1\" class=\"rl-gallery-link\" data-rl_caption=\"Empieza la recuperaci\u00f3n socioambiental del camino del R\u00edo Llobregat en Pallej\u00e1\" data-rel=\"lightbox-gallery-1\"><img loading=\"lazy\" decoding=\"async\" width=\"150\" height=\"150\" src=\"https:\/\/www.arquimaster.com.ar\/web\/wp-content\/uploads\/2021\/03\/recuperacion_camino_rio_llobregat-_palleja3-150x150.jpg\" class=\"attachment-thumbnail size-thumbnail\" alt=\"Empieza la recuperaci\u00f3n socioambiental del camino del R\u00edo Llobregat en Pallej\u00e1\" aria-describedby=\"gallery-1-63356\" \/><\/a>\n\t\t\t<\/div>\n\t\t\t\t<figcaption class='wp-caption-text gallery-caption' id='gallery-1-63356'>\n\t\t\t\tEmpieza la recuperaci\u00f3n socioambiental del camino del R\u00edo Llobregat en Pallej\u00e1\n\t\t\t\t<\/figcaption><\/figure><figure class='gallery-item'>\n\t\t\t<div class='gallery-icon landscape'>\n\t\t\t\t<a href='https:\/\/www.arquimaster.com.ar\/web\/wp-content\/uploads\/2021\/03\/recuperacion_camino_rio_llobregat-_palleja4.jpg' title=\"Empieza la recuperaci\u00f3n socioambiental del camino del R\u00edo Llobregat en Pallej\u00e1\" data-rl_title=\"Empieza la recuperaci\u00f3n socioambiental del camino del R\u00edo Llobregat en Pallej\u00e1\" class=\"rl-gallery-link\" data-rl_caption=\"Empieza la recuperaci\u00f3n socioambiental del camino del R\u00edo Llobregat en Pallej\u00e1\" data-rel=\"lightbox-gallery-1\"><img loading=\"lazy\" decoding=\"async\" width=\"150\" height=\"150\" src=\"https:\/\/www.arquimaster.com.ar\/web\/wp-content\/uploads\/2021\/03\/recuperacion_camino_rio_llobregat-_palleja4-150x150.jpg\" class=\"attachment-thumbnail size-thumbnail\" alt=\"Empieza la recuperaci\u00f3n socioambiental del camino del R\u00edo Llobregat en Pallej\u00e1\" aria-describedby=\"gallery-1-63357\" \/><\/a>\n\t\t\t<\/div>\n\t\t\t\t<figcaption class='wp-caption-text gallery-caption' id='gallery-1-63357'>\n\t\t\t\tEmpieza la recuperaci\u00f3n socioambiental del camino del R\u00edo Llobregat en Pallej\u00e1\n\t\t\t\t<\/figcaption><\/figure>\n\t\t<\/div>\n\n<p>Se prev\u00e9 actuar sobre los dos principales caminos de acceso a la llanura fluvial: el camino paralelo al r\u00edo y el camino de la riera de Boter.<\/p>\n<p>Las principales actuaciones que se llevar\u00e1n a cabo son las siguientes:<\/p>\n<p>&#8211; Creaci\u00f3n de <strong>puntos de encuentro<\/strong> o puertas en los dos caminos de acceso.<\/p>\n<p>&#8211; <strong>Pavimentaci\u00f3n<\/strong>: mejoras en el firme.<\/p>\n<p>&#8211; <strong>Gesti\u00f3n natural del agua<\/strong>: mejoras en el drenaje para evitar la erosi\u00f3n de tierra y potenciar la resiliencia ante episodios de lluvia torrencial.<\/p>\n<p>&#8211; <strong>Condicionamiento de los pasos inferiores<\/strong> para mejorar la permeabilidad de las infraestructuras: renovar los pasos inferiores del AVE y la A-2, que permitir\u00e1n mejorar las conexiones entre los n\u00facleos urbanos y el espacio fluvial del Llobregat. De esta forma se conseguir\u00e1 la integraci\u00f3n entre infraestructuras, espacios naturales y n\u00facleo urbano.<\/p>\n<p>&#8211; <strong>Mejora de la calidad paisaj\u00edstica<\/strong> con plantaciones de \u00e1rboles y especies arbustivas a lo largo de todo el recorrido.<\/p>\n<p>El conjunto de actuaciones que se desarrollar\u00e1n permitir\u00e1n la conexi\u00f3n de los habitantes de Pallej\u00e0 con la red de caminos fluviales existentes en el r\u00edo Llobregat, que cuenta con m\u00e1s de 60 km de recorridos dentro de la metr\u00f3polis de Barcelona desde El Prat de Llobregat hasta Martorell. Dicha red de caminos fluviales potencia la conexi\u00f3n a pie y en bicicleta entre todos los municipios ribere\u00f1os de la comarca.<\/p>\n<p>Asimismo, en el \u00e1mbito local, la propuesta incluir\u00e1 un recorrido circular, saludable e inclusivo de 1,5 km de longitud que potenciar\u00e1 la accesibilidad al r\u00edo para aquellos colectivos con determinadas discapacidades.<\/p>\n<p>El Ayuntamiento de Pallej\u00e0 pretende acercar el r\u00edo a sus ciudadanos, mejorando la conexi\u00f3n natural entre la ciudad y el r\u00edo, potenciando la recuperaci\u00f3n natural de este espacio fluvial y favoreciendo su biodiversidad. La propuesta act\u00faa principalmente sobre la red de caminos rurales existente, en la que el a\u00f1o pasado se cre\u00f3 una puerta de acceso al \u00e1mbito fluvial que conecta con el camino de la riera de Boter.<\/p>\n<p>El proyecto del presente a\u00f1o plantea tambi\u00e9n otras actuaciones de renaturalizaci\u00f3n del entorno de los caminos y creaci\u00f3n de m\u00e1s puertas, zonas de estancia y miradores.<\/p>\n<p>La intervenci\u00f3n tiene un presupuesto de proyecto de 599.732,56 \u20ac y est\u00e1 financiada por el AMB, el Ayuntamiento de Pallej\u00e0 y el FEDER (Fondo Europeo de Desarrollo Regional) en el marco del convenio firmado entre la Generalitat de Catalu\u00f1a y el AMB.<\/p>\n<p>Este proyecto forma parte del PSG (Programa de Actuaciones en Paisajes Naturales y Urbanos). Se trata de un plan de inversiones que prev\u00e9 mejorar los espacios fluviales metropolitanos, recuperar las zonas degradadas e integrar varios elementos naturales del territorio metropolitano que presentan alguna fragmentaci\u00f3n. As\u00ed, el AMB consolida paulatinamente la infraestructura verde metropolitana: un conjunto de espacios naturales interconectados que ocupan m\u00e1s del 50 % de la superficie de la metr\u00f3polis de Barcelona y que tienen funciones vitales para la calidad ambiental y la cohesi\u00f3n social de este territorio.<\/p>\n\n<div style=\"font-size: 0px; height: 0px; line-height: 0px; margin: 0; padding: 0; clear: both;\"><\/div><div style=\"margin-top: 0px; margin-bottom: 0px;\" class=\"sharethis-inline-share-buttons\" ><\/div>","protected":false},"excerpt":{"rendered":"<p>Las obras mejorar\u00e1n la calidad ambiental del espacio fluvial&#8230;<\/p>\n","protected":false},"author":1,"featured_media":63353,"comment_status":"closed","ping_status":"closed","sticky":false,"template":"","format":"standard","meta":{"_uag_custom_page_level_css":"","footnotes":""},"categories":[70,68],"tags":[6972,6975,679,2354,6978,6976,6977],"class_list":["post-63352","post","type-post","status-publish","format-standard","has-post-thumbnail","hentry","category-noticias-arquitectura","category-novedades","tag-amb","tag-area-metropolitana-de-barcelona","tag-barcelona","tag-equipamiento-urbano","tag-espacio-fluvial","tag-palleja","tag-rio-llobregat","generate-columns","tablet-grid-50","mobile-grid-100","grid-parent","grid-50"],"yoast_head":"<!-- This site is optimized with the Yoast SEO plugin v27.3 - https:\/\/yoast.com\/product\/yoast-seo-wordpress\/ -->\n<title>Empieza la recuperaci\u00f3n socioambiental del camino del R\u00edo Llobregat en Pallej\u00e1 - Arquimaster<\/title>\n<meta name=\"description\" content=\"Las obras mejorar\u00e1n la calidad ambiental del espacio fluvial y potenciar\u00e1n su uso social gracias a la movilidad sostenible.\" \/>\n<meta name=\"robots\" content=\"index, follow, max-snippet:-1, max-image-preview:large, max-video-preview:-1\" \/>\n<link rel=\"canonical\" href=\"https:\/\/www.arquimaster.com.ar\/web\/empieza-la-recuperacion-socioambiental-del-camino-del-rio-llobregat-en-palleja\/\" \/>\n<meta property=\"og:locale\" content=\"es_ES\" \/>\n<meta property=\"og:type\" content=\"article\" \/>\n<meta property=\"og:title\" content=\"Empieza la recuperaci\u00f3n socioambiental del camino del R\u00edo Llobregat en Pallej\u00e1\" \/>\n<meta property=\"og:description\" content=\"Las obras mejorar\u00e1n la calidad ambiental del espacio fluvial y potenciar\u00e1n su uso social gracias a la movilidad sostenible.\" \/>\n<meta property=\"og:url\" content=\"https:\/\/www.arquimaster.com.ar\/web\/empieza-la-recuperacion-socioambiental-del-camino-del-rio-llobregat-en-palleja\/\" \/>\n<meta property=\"og:site_name\" content=\"Arquimaster\" \/>\n<meta property=\"article:publisher\" content=\"http:\/\/www.facebook.com\/ARQUIMASTER.com.ar\" \/>\n<meta property=\"article:published_time\" content=\"2021-03-08T23:16:00+00:00\" \/>\n<meta property=\"article:modified_time\" content=\"2021-03-28T13:58:44+00:00\" \/>\n<meta property=\"og:image\" content=\"https:\/\/www.arquimaster.com.ar\/web\/wp-content\/uploads\/2021\/03\/recuperacion_camino_rio_llobregat-_palleja_slide.jpg\" \/>\n\t<meta property=\"og:image:width\" content=\"698\" \/>\n\t<meta property=\"og:image:height\" content=\"364\" \/>\n\t<meta property=\"og:image:type\" content=\"image\/jpeg\" \/>\n<meta name=\"author\" content=\"Arquimaster\" \/>\n<meta name=\"twitter:card\" content=\"summary_large_image\" \/>\n<meta name=\"twitter:title\" content=\"Empieza la recuperaci\u00f3n socioambiental del camino del R\u00edo Llobregat en Pallej\u00e1\" \/>\n<meta name=\"twitter:description\" content=\"Las obras mejorar\u00e1n la calidad ambiental del espacio fluvial y potenciar\u00e1n su uso social gracias a la movilidad sostenible.\" \/>\n<meta name=\"twitter:image\" content=\"https:\/\/www.arquimaster.com.ar\/web\/wp-content\/uploads\/2021\/03\/recuperacion_camino_rio_llobregat-_palleja_slide.jpg\" \/>\n<meta name=\"twitter:creator\" content=\"@arquimaster\" \/>\n<meta name=\"twitter:site\" content=\"@arquimaster\" \/>\n<meta name=\"twitter:label1\" content=\"Escrito por\" \/>\n\t<meta name=\"twitter:data1\" content=\"Arquimaster\" \/>\n\t<meta name=\"twitter:label2\" content=\"Tiempo de lectura\" \/>\n\t<meta name=\"twitter:data2\" content=\"3 minutos\" \/>\n<script type=\"application\/ld+json\" class=\"yoast-schema-graph\">{\"@context\":\"https:\\\/\\\/schema.org\",\"@graph\":[{\"@type\":\"Article\",\"@id\":\"https:\\\/\\\/www.arquimaster.com.ar\\\/web\\\/empieza-la-recuperacion-socioambiental-del-camino-del-rio-llobregat-en-palleja\\\/#article\",\"isPartOf\":{\"@id\":\"https:\\\/\\\/www.arquimaster.com.ar\\\/web\\\/empieza-la-recuperacion-socioambiental-del-camino-del-rio-llobregat-en-palleja\\\/\"},\"author\":{\"name\":\"Arquimaster\",\"@id\":\"https:\\\/\\\/www.arquimaster.com.ar\\\/web\\\/#\\\/schema\\\/person\\\/359e9f7c00193fcde068e0dd2ceb0028\"},\"headline\":\"Empieza la recuperaci\u00f3n socioambiental del camino del R\u00edo Llobregat en Pallej\u00e1\",\"datePublished\":\"2021-03-08T23:16:00+00:00\",\"dateModified\":\"2021-03-28T13:58:44+00:00\",\"mainEntityOfPage\":{\"@id\":\"https:\\\/\\\/www.arquimaster.com.ar\\\/web\\\/empieza-la-recuperacion-socioambiental-del-camino-del-rio-llobregat-en-palleja\\\/\"},\"wordCount\":699,\"publisher\":{\"@id\":\"https:\\\/\\\/www.arquimaster.com.ar\\\/web\\\/#organization\"},\"image\":{\"@id\":\"https:\\\/\\\/www.arquimaster.com.ar\\\/web\\\/empieza-la-recuperacion-socioambiental-del-camino-del-rio-llobregat-en-palleja\\\/#primaryimage\"},\"thumbnailUrl\":\"https:\\\/\\\/www.arquimaster.com.ar\\\/web\\\/wp-content\\\/uploads\\\/2021\\\/03\\\/recuperacion_camino_rio_llobregat-_palleja_slide.jpg\",\"keywords\":[\"AMB\",\"\u00c1rea Metropolitana de Barcelona\",\"Barcelona\",\"equipamiento urbano\",\"espacio fluvial\",\"Pallej\u00e1\",\"R\u00edo Llobregat\"],\"articleSection\":[\"Noticias de arquitectura y dise\u00f1o\",\"Novedades\"],\"inLanguage\":\"es\"},{\"@type\":\"WebPage\",\"@id\":\"https:\\\/\\\/www.arquimaster.com.ar\\\/web\\\/empieza-la-recuperacion-socioambiental-del-camino-del-rio-llobregat-en-palleja\\\/\",\"url\":\"https:\\\/\\\/www.arquimaster.com.ar\\\/web\\\/empieza-la-recuperacion-socioambiental-del-camino-del-rio-llobregat-en-palleja\\\/\",\"name\":\"Empieza la recuperaci\u00f3n socioambiental del camino del R\u00edo Llobregat en Pallej\u00e1 - Arquimaster\",\"isPartOf\":{\"@id\":\"https:\\\/\\\/www.arquimaster.com.ar\\\/web\\\/#website\"},\"primaryImageOfPage\":{\"@id\":\"https:\\\/\\\/www.arquimaster.com.ar\\\/web\\\/empieza-la-recuperacion-socioambiental-del-camino-del-rio-llobregat-en-palleja\\\/#primaryimage\"},\"image\":{\"@id\":\"https:\\\/\\\/www.arquimaster.com.ar\\\/web\\\/empieza-la-recuperacion-socioambiental-del-camino-del-rio-llobregat-en-palleja\\\/#primaryimage\"},\"thumbnailUrl\":\"https:\\\/\\\/www.arquimaster.com.ar\\\/web\\\/wp-content\\\/uploads\\\/2021\\\/03\\\/recuperacion_camino_rio_llobregat-_palleja_slide.jpg\",\"datePublished\":\"2021-03-08T23:16:00+00:00\",\"dateModified\":\"2021-03-28T13:58:44+00:00\",\"description\":\"Las obras mejorar\u00e1n la calidad ambiental del espacio fluvial y potenciar\u00e1n su uso social gracias a la movilidad sostenible.\",\"breadcrumb\":{\"@id\":\"https:\\\/\\\/www.arquimaster.com.ar\\\/web\\\/empieza-la-recuperacion-socioambiental-del-camino-del-rio-llobregat-en-palleja\\\/#breadcrumb\"},\"inLanguage\":\"es\",\"potentialAction\":[{\"@type\":\"ReadAction\",\"target\":[\"https:\\\/\\\/www.arquimaster.com.ar\\\/web\\\/empieza-la-recuperacion-socioambiental-del-camino-del-rio-llobregat-en-palleja\\\/\"]}]},{\"@type\":\"ImageObject\",\"inLanguage\":\"es\",\"@id\":\"https:\\\/\\\/www.arquimaster.com.ar\\\/web\\\/empieza-la-recuperacion-socioambiental-del-camino-del-rio-llobregat-en-palleja\\\/#primaryimage\",\"url\":\"https:\\\/\\\/www.arquimaster.com.ar\\\/web\\\/wp-content\\\/uploads\\\/2021\\\/03\\\/recuperacion_camino_rio_llobregat-_palleja_slide.jpg\",\"contentUrl\":\"https:\\\/\\\/www.arquimaster.com.ar\\\/web\\\/wp-content\\\/uploads\\\/2021\\\/03\\\/recuperacion_camino_rio_llobregat-_palleja_slide.jpg\",\"width\":698,\"height\":364,\"caption\":\"Empieza la recuperaci\u00f3n socioambiental del camino del R\u00edo Llobregat en Pallej\u00e1\"},{\"@type\":\"BreadcrumbList\",\"@id\":\"https:\\\/\\\/www.arquimaster.com.ar\\\/web\\\/empieza-la-recuperacion-socioambiental-del-camino-del-rio-llobregat-en-palleja\\\/#breadcrumb\",\"itemListElement\":[{\"@type\":\"ListItem\",\"position\":1,\"name\":\"Portada\",\"item\":\"https:\\\/\\\/www.arquimaster.com.ar\\\/web\\\/\"},{\"@type\":\"ListItem\",\"position\":2,\"name\":\"Empieza la recuperaci\u00f3n socioambiental del camino del R\u00edo Llobregat en Pallej\u00e1\"}]},{\"@type\":\"WebSite\",\"@id\":\"https:\\\/\\\/www.arquimaster.com.ar\\\/web\\\/#website\",\"url\":\"https:\\\/\\\/www.arquimaster.com.ar\\\/web\\\/\",\"name\":\"Arquimaster\",\"description\":\"Web de arquitectura, dise\u00f1o y construccion\",\"publisher\":{\"@id\":\"https:\\\/\\\/www.arquimaster.com.ar\\\/web\\\/#organization\"},\"potentialAction\":[{\"@type\":\"SearchAction\",\"target\":{\"@type\":\"EntryPoint\",\"urlTemplate\":\"https:\\\/\\\/www.arquimaster.com.ar\\\/web\\\/?s={search_term_string}\"},\"query-input\":{\"@type\":\"PropertyValueSpecification\",\"valueRequired\":true,\"valueName\":\"search_term_string\"}}],\"inLanguage\":\"es\"},{\"@type\":\"Organization\",\"@id\":\"https:\\\/\\\/www.arquimaster.com.ar\\\/web\\\/#organization\",\"name\":\"Arquimaster\",\"url\":\"https:\\\/\\\/www.arquimaster.com.ar\\\/web\\\/\",\"logo\":{\"@type\":\"ImageObject\",\"inLanguage\":\"es\",\"@id\":\"https:\\\/\\\/www.arquimaster.com.ar\\\/web\\\/#\\\/schema\\\/logo\\\/image\\\/\",\"url\":\"https:\\\/\\\/www.arquimaster.com.ar\\\/web\\\/wp-content\\\/uploads\\\/2022\\\/06\\\/arquimaster.png\",\"contentUrl\":\"https:\\\/\\\/www.arquimaster.com.ar\\\/web\\\/wp-content\\\/uploads\\\/2022\\\/06\\\/arquimaster.png\",\"width\":594,\"height\":78,\"caption\":\"Arquimaster\"},\"image\":{\"@id\":\"https:\\\/\\\/www.arquimaster.com.ar\\\/web\\\/#\\\/schema\\\/logo\\\/image\\\/\"},\"sameAs\":[\"http:\\\/\\\/www.facebook.com\\\/ARQUIMASTER.com.ar\",\"https:\\\/\\\/x.com\\\/arquimaster\",\"https:\\\/\\\/www.instagram.com\\\/arquimasterblog\\\/\",\"https:\\\/\\\/www.linkedin.com\\\/company\\\/arquimaster\",\"https:\\\/\\\/www.pinterest.com\\\/arquimaster\",\"https:\\\/\\\/t.me\\\/arquimaster\"]},{\"@type\":\"Person\",\"@id\":\"https:\\\/\\\/www.arquimaster.com.ar\\\/web\\\/#\\\/schema\\\/person\\\/359e9f7c00193fcde068e0dd2ceb0028\",\"name\":\"Arquimaster\"}]}<\/script>\n<!-- \/ Yoast SEO plugin. -->","yoast_head_json":{"title":"Empieza la recuperaci\u00f3n socioambiental del camino del R\u00edo Llobregat en Pallej\u00e1 - Arquimaster","description":"Las obras mejorar\u00e1n la calidad ambiental del espacio fluvial y potenciar\u00e1n su uso social gracias a la movilidad sostenible.","robots":{"index":"index","follow":"follow","max-snippet":"max-snippet:-1","max-image-preview":"max-image-preview:large","max-video-preview":"max-video-preview:-1"},"canonical":"https:\/\/www.arquimaster.com.ar\/web\/empieza-la-recuperacion-socioambiental-del-camino-del-rio-llobregat-en-palleja\/","og_locale":"es_ES","og_type":"article","og_title":"Empieza la recuperaci\u00f3n socioambiental del camino del R\u00edo Llobregat en Pallej\u00e1","og_description":"Las obras mejorar\u00e1n la calidad ambiental del espacio fluvial y potenciar\u00e1n su uso social gracias a la movilidad sostenible.","og_url":"https:\/\/www.arquimaster.com.ar\/web\/empieza-la-recuperacion-socioambiental-del-camino-del-rio-llobregat-en-palleja\/","og_site_name":"Arquimaster","article_publisher":"http:\/\/www.facebook.com\/ARQUIMASTER.com.ar","article_published_time":"2021-03-08T23:16:00+00:00","article_modified_time":"2021-03-28T13:58:44+00:00","og_image":[{"width":698,"height":364,"url":"https:\/\/www.arquimaster.com.ar\/web\/wp-content\/uploads\/2021\/03\/recuperacion_camino_rio_llobregat-_palleja_slide.jpg","type":"image\/jpeg"}],"author":"Arquimaster","twitter_card":"summary_large_image","twitter_title":"Empieza la recuperaci\u00f3n socioambiental del camino del R\u00edo Llobregat en Pallej\u00e1","twitter_description":"Las obras mejorar\u00e1n la calidad ambiental del espacio fluvial y potenciar\u00e1n su uso social gracias a la movilidad sostenible.","twitter_image":"https:\/\/www.arquimaster.com.ar\/web\/wp-content\/uploads\/2021\/03\/recuperacion_camino_rio_llobregat-_palleja_slide.jpg","twitter_creator":"@arquimaster","twitter_site":"@arquimaster","twitter_misc":{"Escrito por":"Arquimaster","Tiempo de lectura":"3 minutos"},"schema":{"@context":"https:\/\/schema.org","@graph":[{"@type":"Article","@id":"https:\/\/www.arquimaster.com.ar\/web\/empieza-la-recuperacion-socioambiental-del-camino-del-rio-llobregat-en-palleja\/#article","isPartOf":{"@id":"https:\/\/www.arquimaster.com.ar\/web\/empieza-la-recuperacion-socioambiental-del-camino-del-rio-llobregat-en-palleja\/"},"author":{"name":"Arquimaster","@id":"https:\/\/www.arquimaster.com.ar\/web\/#\/schema\/person\/359e9f7c00193fcde068e0dd2ceb0028"},"headline":"Empieza la recuperaci\u00f3n socioambiental del camino del R\u00edo Llobregat en Pallej\u00e1","datePublished":"2021-03-08T23:16:00+00:00","dateModified":"2021-03-28T13:58:44+00:00","mainEntityOfPage":{"@id":"https:\/\/www.arquimaster.com.ar\/web\/empieza-la-recuperacion-socioambiental-del-camino-del-rio-llobregat-en-palleja\/"},"wordCount":699,"publisher":{"@id":"https:\/\/www.arquimaster.com.ar\/web\/#organization"},"image":{"@id":"https:\/\/www.arquimaster.com.ar\/web\/empieza-la-recuperacion-socioambiental-del-camino-del-rio-llobregat-en-palleja\/#primaryimage"},"thumbnailUrl":"https:\/\/www.arquimaster.com.ar\/web\/wp-content\/uploads\/2021\/03\/recuperacion_camino_rio_llobregat-_palleja_slide.jpg","keywords":["AMB","\u00c1rea Metropolitana de Barcelona","Barcelona","equipamiento urbano","espacio fluvial","Pallej\u00e1","R\u00edo Llobregat"],"articleSection":["Noticias de arquitectura y dise\u00f1o","Novedades"],"inLanguage":"es"},{"@type":"WebPage","@id":"https:\/\/www.arquimaster.com.ar\/web\/empieza-la-recuperacion-socioambiental-del-camino-del-rio-llobregat-en-palleja\/","url":"https:\/\/www.arquimaster.com.ar\/web\/empieza-la-recuperacion-socioambiental-del-camino-del-rio-llobregat-en-palleja\/","name":"Empieza la recuperaci\u00f3n socioambiental del camino del R\u00edo Llobregat en Pallej\u00e1 - Arquimaster","isPartOf":{"@id":"https:\/\/www.arquimaster.com.ar\/web\/#website"},"primaryImageOfPage":{"@id":"https:\/\/www.arquimaster.com.ar\/web\/empieza-la-recuperacion-socioambiental-del-camino-del-rio-llobregat-en-palleja\/#primaryimage"},"image":{"@id":"https:\/\/www.arquimaster.com.ar\/web\/empieza-la-recuperacion-socioambiental-del-camino-del-rio-llobregat-en-palleja\/#primaryimage"},"thumbnailUrl":"https:\/\/www.arquimaster.com.ar\/web\/wp-content\/uploads\/2021\/03\/recuperacion_camino_rio_llobregat-_palleja_slide.jpg","datePublished":"2021-03-08T23:16:00+00:00","dateModified":"2021-03-28T13:58:44+00:00","description":"Las obras mejorar\u00e1n la calidad ambiental del espacio fluvial y potenciar\u00e1n su uso social gracias a la movilidad sostenible.","breadcrumb":{"@id":"https:\/\/www.arquimaster.com.ar\/web\/empieza-la-recuperacion-socioambiental-del-camino-del-rio-llobregat-en-palleja\/#breadcrumb"},"inLanguage":"es","potentialAction":[{"@type":"ReadAction","target":["https:\/\/www.arquimaster.com.ar\/web\/empieza-la-recuperacion-socioambiental-del-camino-del-rio-llobregat-en-palleja\/"]}]},{"@type":"ImageObject","inLanguage":"es","@id":"https:\/\/www.arquimaster.com.ar\/web\/empieza-la-recuperacion-socioambiental-del-camino-del-rio-llobregat-en-palleja\/#primaryimage","url":"https:\/\/www.arquimaster.com.ar\/web\/wp-content\/uploads\/2021\/03\/recuperacion_camino_rio_llobregat-_palleja_slide.jpg","contentUrl":"https:\/\/www.arquimaster.com.ar\/web\/wp-content\/uploads\/2021\/03\/recuperacion_camino_rio_llobregat-_palleja_slide.jpg","width":698,"height":364,"caption":"Empieza la recuperaci\u00f3n socioambiental del camino del R\u00edo Llobregat en Pallej\u00e1"},{"@type":"BreadcrumbList","@id":"https:\/\/www.arquimaster.com.ar\/web\/empieza-la-recuperacion-socioambiental-del-camino-del-rio-llobregat-en-palleja\/#breadcrumb","itemListElement":[{"@type":"ListItem","position":1,"name":"Portada","item":"https:\/\/www.arquimaster.com.ar\/web\/"},{"@type":"ListItem","position":2,"name":"Empieza la recuperaci\u00f3n socioambiental del camino del R\u00edo Llobregat en Pallej\u00e1"}]},{"@type":"WebSite","@id":"https:\/\/www.arquimaster.com.ar\/web\/#website","url":"https:\/\/www.arquimaster.com.ar\/web\/","name":"Arquimaster","description":"Web de arquitectura, dise\u00f1o y construccion","publisher":{"@id":"https:\/\/www.arquimaster.com.ar\/web\/#organization"},"potentialAction":[{"@type":"SearchAction","target":{"@type":"EntryPoint","urlTemplate":"https:\/\/www.arquimaster.com.ar\/web\/?s={search_term_string}"},"query-input":{"@type":"PropertyValueSpecification","valueRequired":true,"valueName":"search_term_string"}}],"inLanguage":"es"},{"@type":"Organization","@id":"https:\/\/www.arquimaster.com.ar\/web\/#organization","name":"Arquimaster","url":"https:\/\/www.arquimaster.com.ar\/web\/","logo":{"@type":"ImageObject","inLanguage":"es","@id":"https:\/\/www.arquimaster.com.ar\/web\/#\/schema\/logo\/image\/","url":"https:\/\/www.arquimaster.com.ar\/web\/wp-content\/uploads\/2022\/06\/arquimaster.png","contentUrl":"https:\/\/www.arquimaster.com.ar\/web\/wp-content\/uploads\/2022\/06\/arquimaster.png","width":594,"height":78,"caption":"Arquimaster"},"image":{"@id":"https:\/\/www.arquimaster.com.ar\/web\/#\/schema\/logo\/image\/"},"sameAs":["http:\/\/www.facebook.com\/ARQUIMASTER.com.ar","https:\/\/x.com\/arquimaster","https:\/\/www.instagram.com\/arquimasterblog\/","https:\/\/www.linkedin.com\/company\/arquimaster","https:\/\/www.pinterest.com\/arquimaster","https:\/\/t.me\/arquimaster"]},{"@type":"Person","@id":"https:\/\/www.arquimaster.com.ar\/web\/#\/schema\/person\/359e9f7c00193fcde068e0dd2ceb0028","name":"Arquimaster"}]}},"uagb_featured_image_src":{"full":["https:\/\/www.arquimaster.com.ar\/web\/wp-content\/uploads\/2021\/03\/recuperacion_camino_rio_llobregat-_palleja_slide.jpg",698,364,false],"thumbnail":["https:\/\/www.arquimaster.com.ar\/web\/wp-content\/uploads\/2021\/03\/recuperacion_camino_rio_llobregat-_palleja_slide-150x150.jpg",150,150,true],"medium":["https:\/\/www.arquimaster.com.ar\/web\/wp-content\/uploads\/2021\/03\/recuperacion_camino_rio_llobregat-_palleja_slide.jpg",698,364,false],"medium_large":["https:\/\/www.arquimaster.com.ar\/web\/wp-content\/uploads\/2021\/03\/recuperacion_camino_rio_llobregat-_palleja_slide.jpg",698,364,false],"large":["https:\/\/www.arquimaster.com.ar\/web\/wp-content\/uploads\/2021\/03\/recuperacion_camino_rio_llobregat-_palleja_slide.jpg",698,364,false],"1536x1536":["https:\/\/www.arquimaster.com.ar\/web\/wp-content\/uploads\/2021\/03\/recuperacion_camino_rio_llobregat-_palleja_slide.jpg",698,364,false],"2048x2048":["https:\/\/www.arquimaster.com.ar\/web\/wp-content\/uploads\/2021\/03\/recuperacion_camino_rio_llobregat-_palleja_slide.jpg",698,364,false]},"uagb_author_info":{"display_name":"Arquimaster","author_link":"https:\/\/www.arquimaster.com.ar\/web\/author\/arquimaster\/"},"uagb_comment_info":0,"uagb_excerpt":"Las obras mejorar\u00e1n la calidad ambiental del espacio fluvial...","_links":{"self":[{"href":"https:\/\/www.arquimaster.com.ar\/web\/wp-json\/wp\/v2\/posts\/63352","targetHints":{"allow":["GET"]}}],"collection":[{"href":"https:\/\/www.arquimaster.com.ar\/web\/wp-json\/wp\/v2\/posts"}],"about":[{"href":"https:\/\/www.arquimaster.com.ar\/web\/wp-json\/wp\/v2\/types\/post"}],"author":[{"embeddable":true,"href":"https:\/\/www.arquimaster.com.ar\/web\/wp-json\/wp\/v2\/users\/1"}],"replies":[{"embeddable":true,"href":"https:\/\/www.arquimaster.com.ar\/web\/wp-json\/wp\/v2\/comments?post=63352"}],"version-history":[{"count":1,"href":"https:\/\/www.arquimaster.com.ar\/web\/wp-json\/wp\/v2\/posts\/63352\/revisions"}],"predecessor-version":[{"id":63358,"href":"https:\/\/www.arquimaster.com.ar\/web\/wp-json\/wp\/v2\/posts\/63352\/revisions\/63358"}],"wp:featuredmedia":[{"embeddable":true,"href":"https:\/\/www.arquimaster.com.ar\/web\/wp-json\/wp\/v2\/media\/63353"}],"wp:attachment":[{"href":"https:\/\/www.arquimaster.com.ar\/web\/wp-json\/wp\/v2\/media?parent=63352"}],"wp:term":[{"taxonomy":"category","embeddable":true,"href":"https:\/\/www.arquimaster.com.ar\/web\/wp-json\/wp\/v2\/categories?post=63352"},{"taxonomy":"post_tag","embeddable":true,"href":"https:\/\/www.arquimaster.com.ar\/web\/wp-json\/wp\/v2\/tags?post=63352"}],"curies":[{"name":"wp","href":"https:\/\/api.w.org\/{rel}","templated":true}]}}