{"id":63842,"date":"2021-04-01T16:43:07","date_gmt":"2021-04-01T19:43:07","guid":{"rendered":"https:\/\/www.arquimaster.com.ar\/web\/?p=63842"},"modified":"2021-08-26T20:05:27","modified_gmt":"2021-08-26T23:05:27","slug":"proyecto-1o-premio-espacio-publico-y-movilidad-del-area-central-de-la-ciudad-de-resistencia-karla-montauti-elizabeth-vergara","status":"publish","type":"post","link":"https:\/\/www.arquimaster.com.ar\/web\/proyecto-1o-premio-espacio-publico-y-movilidad-del-area-central-de-la-ciudad-de-resistencia-karla-montauti-elizabeth-vergara\/","title":{"rendered":"Proyecto 1\u00ba Premio Espacio P\u00fablico y Movilidad del \u00c1rea Central de la Ciudad de Resistencia \/ Karla Montauti + Elizabeth Vergara"},"content":{"rendered":"<div style=\"margin-top: 0px; margin-bottom: 0px;\" class=\"sharethis-inline-share-buttons\" ><\/div><div class=\"b812932af2e751442846f039925109de\" data-index=\"1\" style=\"float: none; margin:25px 0 25px 0; text-align:center;\">\n<script async src=\"https:\/\/pagead2.googlesyndication.com\/pagead\/js\/adsbygoogle.js\"><\/script>\r\n<!-- Arquimaster (superior) -->\r\n<ins class=\"adsbygoogle\"\r\n     style=\"display:block\"\r\n     data-ad-client=\"ca-pub-6351072698456832\"\r\n     data-ad-slot=\"6455489680\"\r\n     data-ad-format=\"auto\"\r\n     data-full-width-responsive=\"true\"><\/ins>\r\n<script>\r\n     (adsbygoogle = window.adsbygoogle || []).push({});\r\n<\/script>\n<\/div>\n<p><strong>ECO Resistencia &#8211; Proyecto 1\u00ba Premio Espacio P\u00fablico y Movilidad del \u00c1rea Central de la Ciudad de Resistencia<\/strong> (Resistencia, Chaco, Argentina) por<strong> Karla Montauti + Elizabeth Vergara<\/strong>. El proyecto obtuvo el 1er. Premio por unanimidad en el Concurso Nacional de Ideas Espacio P\u00fablico y Movilidad del \u00c1rea Central de la Ciudad de Resistencia auspiciado por FADEA. Creaci\u00f3n de una Red modular de 16 Macromanzanas con circulaci\u00f3n vehicular perif\u00e9rica y calles prioridad peat\u00f3n con Eco Movilidad a trav\u00e9s de las Bio-Sendas en su interior. La propuesta descentraliza un n\u00facleo muy consolidado creando estos micro-barrios tematizados con actividades din\u00e1micas de participaci\u00f3n ciudadana a trav\u00e9s de una Red de Esquinas Multiusos, sumado a la Red de Micro-bosques como dispositivos que garantizan la absorci\u00f3n y superamos el acceso por habitante al espacio verde recomendado por la OMS.<\/p>\n<div id='gallery-1' class='gallery galleryid-63842 gallery-columns-3 gallery-size-thumbnail'><figure class='gallery-item'>\n\t\t\t<div class='gallery-icon landscape'>\n\t\t\t\t<a href='https:\/\/www.arquimaster.com.ar\/web\/wp-content\/uploads\/2021\/04\/proyecto_eco_resistencia1.jpg' title=\"Proyecto 1\u00ba Premio Espacio P\u00fablico y Movilidad del \u00c1rea Central de la Ciudad de Resistencia \/ Karla Montauti + Elizabeth Vergara\" data-rl_title=\"Proyecto 1\u00ba Premio Espacio P\u00fablico y Movilidad del \u00c1rea Central de la Ciudad de Resistencia \/ Karla Montauti + Elizabeth Vergara\" class=\"rl-gallery-link\" data-rl_caption=\"Proyecto 1\u00ba Premio Espacio P\u00fablico y Movilidad del \u00c1rea Central de la Ciudad de Resistencia \/ Karla Montauti + Elizabeth Vergara\" data-rel=\"lightbox-gallery-1\"><img loading=\"lazy\" decoding=\"async\" width=\"150\" height=\"150\" src=\"https:\/\/www.arquimaster.com.ar\/web\/wp-content\/uploads\/2021\/04\/proyecto_eco_resistencia1-150x150.jpg\" class=\"attachment-thumbnail size-thumbnail\" alt=\"Proyecto 1\u00ba Premio Espacio P\u00fablico y Movilidad del \u00c1rea Central de la Ciudad de Resistencia \/ Karla Montauti + Elizabeth Vergara\" aria-describedby=\"gallery-1-63844\" \/><\/a>\n\t\t\t<\/div>\n\t\t\t\t<figcaption class='wp-caption-text gallery-caption' id='gallery-1-63844'>\n\t\t\t\tProyecto 1\u00ba Premio Espacio P\u00fablico y Movilidad del \u00c1rea Central de la Ciudad de Resistencia \/ Karla Montauti + Elizabeth Vergara\n\t\t\t\t<\/figcaption><\/figure><figure class='gallery-item'>\n\t\t\t<div class='gallery-icon landscape'>\n\t\t\t\t<a href='https:\/\/www.arquimaster.com.ar\/web\/wp-content\/uploads\/2021\/04\/proyecto_eco_resistencia2.jpg' title=\"Proyecto 1\u00ba Premio Espacio P\u00fablico y Movilidad del \u00c1rea Central de la Ciudad de Resistencia \/ Karla Montauti + Elizabeth Vergara\" data-rl_title=\"Proyecto 1\u00ba Premio Espacio P\u00fablico y Movilidad del \u00c1rea Central de la Ciudad de Resistencia \/ Karla Montauti + Elizabeth Vergara\" class=\"rl-gallery-link\" data-rl_caption=\"Proyecto 1\u00ba Premio Espacio P\u00fablico y Movilidad del \u00c1rea Central de la Ciudad de Resistencia \/ Karla Montauti + Elizabeth Vergara\" data-rel=\"lightbox-gallery-1\"><img loading=\"lazy\" decoding=\"async\" width=\"150\" height=\"150\" src=\"https:\/\/www.arquimaster.com.ar\/web\/wp-content\/uploads\/2021\/04\/proyecto_eco_resistencia2-150x150.jpg\" class=\"attachment-thumbnail size-thumbnail\" alt=\"Proyecto 1\u00ba Premio Espacio P\u00fablico y Movilidad del \u00c1rea Central de la Ciudad de Resistencia \/ Karla Montauti + Elizabeth Vergara\" aria-describedby=\"gallery-1-63845\" \/><\/a>\n\t\t\t<\/div>\n\t\t\t\t<figcaption class='wp-caption-text gallery-caption' id='gallery-1-63845'>\n\t\t\t\tProyecto 1\u00ba Premio Espacio P\u00fablico y Movilidad del \u00c1rea Central de la Ciudad de Resistencia \/ Karla Montauti + Elizabeth Vergara\n\t\t\t\t<\/figcaption><\/figure><figure class='gallery-item'>\n\t\t\t<div class='gallery-icon landscape'>\n\t\t\t\t<a href='https:\/\/www.arquimaster.com.ar\/web\/wp-content\/uploads\/2021\/04\/proyecto_eco_resistencia3.jpg' title=\"Proyecto 1\u00ba Premio Espacio P\u00fablico y Movilidad del \u00c1rea Central de la Ciudad de Resistencia \/ Karla Montauti + Elizabeth Vergara\" data-rl_title=\"Proyecto 1\u00ba Premio Espacio P\u00fablico y Movilidad del \u00c1rea Central de la Ciudad de Resistencia \/ Karla Montauti + Elizabeth Vergara\" class=\"rl-gallery-link\" data-rl_caption=\"Proyecto 1\u00ba Premio Espacio P\u00fablico y Movilidad del \u00c1rea Central de la Ciudad de Resistencia \/ Karla Montauti + Elizabeth Vergara\" data-rel=\"lightbox-gallery-1\"><img loading=\"lazy\" decoding=\"async\" width=\"150\" height=\"150\" src=\"https:\/\/www.arquimaster.com.ar\/web\/wp-content\/uploads\/2021\/04\/proyecto_eco_resistencia3-150x150.jpg\" class=\"attachment-thumbnail size-thumbnail\" alt=\"Proyecto 1\u00ba Premio Espacio P\u00fablico y Movilidad del \u00c1rea Central de la Ciudad de Resistencia \/ Karla Montauti + Elizabeth Vergara\" aria-describedby=\"gallery-1-63846\" \/><\/a>\n\t\t\t<\/div>\n\t\t\t\t<figcaption class='wp-caption-text gallery-caption' id='gallery-1-63846'>\n\t\t\t\tProyecto 1\u00ba Premio Espacio P\u00fablico y Movilidad del \u00c1rea Central de la Ciudad de Resistencia \/ Karla Montauti + Elizabeth Vergara\n\t\t\t\t<\/figcaption><\/figure><figure class='gallery-item'>\n\t\t\t<div class='gallery-icon landscape'>\n\t\t\t\t<a href='https:\/\/www.arquimaster.com.ar\/web\/wp-content\/uploads\/2021\/04\/proyecto_eco_resistencia4.jpg' title=\"Proyecto 1\u00ba Premio Espacio P\u00fablico y Movilidad del \u00c1rea Central de la Ciudad de Resistencia \/ Karla Montauti + Elizabeth Vergara\" data-rl_title=\"Proyecto 1\u00ba Premio Espacio P\u00fablico y Movilidad del \u00c1rea Central de la Ciudad de Resistencia \/ Karla Montauti + Elizabeth Vergara\" class=\"rl-gallery-link\" data-rl_caption=\"Proyecto 1\u00ba Premio Espacio P\u00fablico y Movilidad del \u00c1rea Central de la Ciudad de Resistencia \/ Karla Montauti + Elizabeth Vergara\" data-rel=\"lightbox-gallery-1\"><img loading=\"lazy\" decoding=\"async\" width=\"150\" height=\"150\" src=\"https:\/\/www.arquimaster.com.ar\/web\/wp-content\/uploads\/2021\/04\/proyecto_eco_resistencia4-150x150.jpg\" class=\"attachment-thumbnail size-thumbnail\" alt=\"Proyecto 1\u00ba Premio Espacio P\u00fablico y Movilidad del \u00c1rea Central de la Ciudad de Resistencia \/ Karla Montauti + Elizabeth Vergara\" aria-describedby=\"gallery-1-63847\" \/><\/a>\n\t\t\t<\/div>\n\t\t\t\t<figcaption class='wp-caption-text gallery-caption' id='gallery-1-63847'>\n\t\t\t\tProyecto 1\u00ba Premio Espacio P\u00fablico y Movilidad del \u00c1rea Central de la Ciudad de Resistencia \/ Karla Montauti + Elizabeth Vergara\n\t\t\t\t<\/figcaption><\/figure><figure class='gallery-item'>\n\t\t\t<div class='gallery-icon landscape'>\n\t\t\t\t<a href='https:\/\/www.arquimaster.com.ar\/web\/wp-content\/uploads\/2021\/04\/proyecto_eco_resistencia5.jpg' title=\"Proyecto 1\u00ba Premio Espacio P\u00fablico y Movilidad del \u00c1rea Central de la Ciudad de Resistencia \/ Karla Montauti + Elizabeth Vergara\" data-rl_title=\"Proyecto 1\u00ba Premio Espacio P\u00fablico y Movilidad del \u00c1rea Central de la Ciudad de Resistencia \/ Karla Montauti + Elizabeth Vergara\" class=\"rl-gallery-link\" data-rl_caption=\"Proyecto 1\u00ba Premio Espacio P\u00fablico y Movilidad del \u00c1rea Central de la Ciudad de Resistencia \/ Karla Montauti + Elizabeth Vergara\" data-rel=\"lightbox-gallery-1\"><img loading=\"lazy\" decoding=\"async\" width=\"150\" height=\"150\" src=\"https:\/\/www.arquimaster.com.ar\/web\/wp-content\/uploads\/2021\/04\/proyecto_eco_resistencia5-150x150.jpg\" class=\"attachment-thumbnail size-thumbnail\" alt=\"Proyecto 1\u00ba Premio Espacio P\u00fablico y Movilidad del \u00c1rea Central de la Ciudad de Resistencia \/ Karla Montauti + Elizabeth Vergara\" aria-describedby=\"gallery-1-63848\" \/><\/a>\n\t\t\t<\/div>\n\t\t\t\t<figcaption class='wp-caption-text gallery-caption' id='gallery-1-63848'>\n\t\t\t\tProyecto 1\u00ba Premio Espacio P\u00fablico y Movilidad del \u00c1rea Central de la Ciudad de Resistencia \/ Karla Montauti + Elizabeth Vergara\n\t\t\t\t<\/figcaption><\/figure><figure class='gallery-item'>\n\t\t\t<div class='gallery-icon landscape'>\n\t\t\t\t<a href='https:\/\/www.arquimaster.com.ar\/web\/wp-content\/uploads\/2021\/04\/proyecto_eco_resistencia6.jpg' title=\"Proyecto 1\u00ba Premio Espacio P\u00fablico y Movilidad del \u00c1rea Central de la Ciudad de Resistencia \/ Karla Montauti + Elizabeth Vergara\" data-rl_title=\"Proyecto 1\u00ba Premio Espacio P\u00fablico y Movilidad del \u00c1rea Central de la Ciudad de Resistencia \/ Karla Montauti + Elizabeth Vergara\" class=\"rl-gallery-link\" data-rl_caption=\"Proyecto 1\u00ba Premio Espacio P\u00fablico y Movilidad del \u00c1rea Central de la Ciudad de Resistencia \/ Karla Montauti + Elizabeth Vergara\" data-rel=\"lightbox-gallery-1\"><img loading=\"lazy\" decoding=\"async\" width=\"150\" height=\"150\" src=\"https:\/\/www.arquimaster.com.ar\/web\/wp-content\/uploads\/2021\/04\/proyecto_eco_resistencia6-150x150.jpg\" class=\"attachment-thumbnail size-thumbnail\" alt=\"Proyecto 1\u00ba Premio Espacio P\u00fablico y Movilidad del \u00c1rea Central de la Ciudad de Resistencia \/ Karla Montauti + Elizabeth Vergara\" aria-describedby=\"gallery-1-63849\" \/><\/a>\n\t\t\t<\/div>\n\t\t\t\t<figcaption class='wp-caption-text gallery-caption' id='gallery-1-63849'>\n\t\t\t\tProyecto 1\u00ba Premio Espacio P\u00fablico y Movilidad del \u00c1rea Central de la Ciudad de Resistencia \/ Karla Montauti + Elizabeth Vergara\n\t\t\t\t<\/figcaption><\/figure><figure class='gallery-item'>\n\t\t\t<div class='gallery-icon landscape'>\n\t\t\t\t<a href='https:\/\/www.arquimaster.com.ar\/web\/wp-content\/uploads\/2021\/04\/proyecto_eco_resistencia7.jpg' title=\"Proyecto 1\u00ba Premio Espacio P\u00fablico y Movilidad del \u00c1rea Central de la Ciudad de Resistencia \/ Karla Montauti + Elizabeth Vergara\" data-rl_title=\"Proyecto 1\u00ba Premio Espacio P\u00fablico y Movilidad del \u00c1rea Central de la Ciudad de Resistencia \/ Karla Montauti + Elizabeth Vergara\" class=\"rl-gallery-link\" data-rl_caption=\"Proyecto 1\u00ba Premio Espacio P\u00fablico y Movilidad del \u00c1rea Central de la Ciudad de Resistencia \/ Karla Montauti + Elizabeth Vergara\" data-rel=\"lightbox-gallery-1\"><img loading=\"lazy\" decoding=\"async\" width=\"150\" height=\"150\" src=\"https:\/\/www.arquimaster.com.ar\/web\/wp-content\/uploads\/2021\/04\/proyecto_eco_resistencia7-150x150.jpg\" class=\"attachment-thumbnail size-thumbnail\" alt=\"Proyecto 1\u00ba Premio Espacio P\u00fablico y Movilidad del \u00c1rea Central de la Ciudad de Resistencia \/ Karla Montauti + Elizabeth Vergara\" aria-describedby=\"gallery-1-63850\" \/><\/a>\n\t\t\t<\/div>\n\t\t\t\t<figcaption class='wp-caption-text gallery-caption' id='gallery-1-63850'>\n\t\t\t\tProyecto 1\u00ba Premio Espacio P\u00fablico y Movilidad del \u00c1rea Central de la Ciudad de Resistencia \/ Karla Montauti + Elizabeth Vergara\n\t\t\t\t<\/figcaption><\/figure><figure class='gallery-item'>\n\t\t\t<div class='gallery-icon landscape'>\n\t\t\t\t<a href='https:\/\/www.arquimaster.com.ar\/web\/wp-content\/uploads\/2021\/04\/proyecto_eco_resistencia8.jpg' title=\"Proyecto 1\u00ba Premio Espacio P\u00fablico y Movilidad del \u00c1rea Central de la Ciudad de Resistencia \/ Karla Montauti + Elizabeth Vergara\" data-rl_title=\"Proyecto 1\u00ba Premio Espacio P\u00fablico y Movilidad del \u00c1rea Central de la Ciudad de Resistencia \/ Karla Montauti + Elizabeth Vergara\" class=\"rl-gallery-link\" data-rl_caption=\"Proyecto 1\u00ba Premio Espacio P\u00fablico y Movilidad del \u00c1rea Central de la Ciudad de Resistencia \/ Karla Montauti + Elizabeth Vergara\" data-rel=\"lightbox-gallery-1\"><img loading=\"lazy\" decoding=\"async\" width=\"150\" height=\"150\" src=\"https:\/\/www.arquimaster.com.ar\/web\/wp-content\/uploads\/2021\/04\/proyecto_eco_resistencia8-150x150.jpg\" class=\"attachment-thumbnail size-thumbnail\" alt=\"Proyecto 1\u00ba Premio Espacio P\u00fablico y Movilidad del \u00c1rea Central de la Ciudad de Resistencia \/ Karla Montauti + Elizabeth Vergara\" aria-describedby=\"gallery-1-63851\" \/><\/a>\n\t\t\t<\/div>\n\t\t\t\t<figcaption class='wp-caption-text gallery-caption' id='gallery-1-63851'>\n\t\t\t\tProyecto 1\u00ba Premio Espacio P\u00fablico y Movilidad del \u00c1rea Central de la Ciudad de Resistencia \/ Karla Montauti + Elizabeth Vergara\n\t\t\t\t<\/figcaption><\/figure><figure class='gallery-item'>\n\t\t\t<div class='gallery-icon landscape'>\n\t\t\t\t<a href='https:\/\/www.arquimaster.com.ar\/web\/wp-content\/uploads\/2021\/04\/proyecto_eco_resistencia9.jpg' title=\"Proyecto 1\u00ba Premio Espacio P\u00fablico y Movilidad del \u00c1rea Central de la Ciudad de Resistencia \/ Karla Montauti + Elizabeth Vergara\" data-rl_title=\"Proyecto 1\u00ba Premio Espacio P\u00fablico y Movilidad del \u00c1rea Central de la Ciudad de Resistencia \/ Karla Montauti + Elizabeth Vergara\" class=\"rl-gallery-link\" data-rl_caption=\"Proyecto 1\u00ba Premio Espacio P\u00fablico y Movilidad del \u00c1rea Central de la Ciudad de Resistencia \/ Karla Montauti + Elizabeth Vergara\" data-rel=\"lightbox-gallery-1\"><img loading=\"lazy\" decoding=\"async\" width=\"150\" height=\"150\" src=\"https:\/\/www.arquimaster.com.ar\/web\/wp-content\/uploads\/2021\/04\/proyecto_eco_resistencia9-150x150.jpg\" class=\"attachment-thumbnail size-thumbnail\" alt=\"Proyecto 1\u00ba Premio Espacio P\u00fablico y Movilidad del \u00c1rea Central de la Ciudad de Resistencia \/ Karla Montauti + Elizabeth Vergara\" aria-describedby=\"gallery-1-63852\" \/><\/a>\n\t\t\t<\/div>\n\t\t\t\t<figcaption class='wp-caption-text gallery-caption' id='gallery-1-63852'>\n\t\t\t\tProyecto 1\u00ba Premio Espacio P\u00fablico y Movilidad del \u00c1rea Central de la Ciudad de Resistencia \/ Karla Montauti + Elizabeth Vergara\n\t\t\t\t<\/figcaption><\/figure><figure class='gallery-item'>\n\t\t\t<div class='gallery-icon landscape'>\n\t\t\t\t<a href='https:\/\/www.arquimaster.com.ar\/web\/wp-content\/uploads\/2021\/04\/proyecto_eco_resistencia10.jpg' title=\"Proyecto 1\u00ba Premio Espacio P\u00fablico y Movilidad del \u00c1rea Central de la Ciudad de Resistencia \/ Karla Montauti + Elizabeth Vergara\" data-rl_title=\"Proyecto 1\u00ba Premio Espacio P\u00fablico y Movilidad del \u00c1rea Central de la Ciudad de Resistencia \/ Karla Montauti + Elizabeth Vergara\" class=\"rl-gallery-link\" data-rl_caption=\"Proyecto 1\u00ba Premio Espacio P\u00fablico y Movilidad del \u00c1rea Central de la Ciudad de Resistencia \/ Karla Montauti + Elizabeth Vergara\" data-rel=\"lightbox-gallery-1\"><img loading=\"lazy\" decoding=\"async\" width=\"150\" height=\"150\" src=\"https:\/\/www.arquimaster.com.ar\/web\/wp-content\/uploads\/2021\/04\/proyecto_eco_resistencia10-150x150.jpg\" class=\"attachment-thumbnail size-thumbnail\" alt=\"Proyecto 1\u00ba Premio Espacio P\u00fablico y Movilidad del \u00c1rea Central de la Ciudad de Resistencia \/ Karla Montauti + Elizabeth Vergara\" aria-describedby=\"gallery-1-63853\" \/><\/a>\n\t\t\t<\/div>\n\t\t\t\t<figcaption class='wp-caption-text gallery-caption' id='gallery-1-63853'>\n\t\t\t\tProyecto 1\u00ba Premio Espacio P\u00fablico y Movilidad del \u00c1rea Central de la Ciudad de Resistencia \/ Karla Montauti + Elizabeth Vergara\n\t\t\t\t<\/figcaption><\/figure><figure class='gallery-item'>\n\t\t\t<div class='gallery-icon landscape'>\n\t\t\t\t<a href='https:\/\/www.arquimaster.com.ar\/web\/wp-content\/uploads\/2021\/04\/proyecto_eco_resistencia11.jpg' title=\"Proyecto 1\u00ba Premio Espacio P\u00fablico y Movilidad del \u00c1rea Central de la Ciudad de Resistencia \/ Karla Montauti + Elizabeth Vergara\" data-rl_title=\"Proyecto 1\u00ba Premio Espacio P\u00fablico y Movilidad del \u00c1rea Central de la Ciudad de Resistencia \/ Karla Montauti + Elizabeth Vergara\" class=\"rl-gallery-link\" data-rl_caption=\"Proyecto 1\u00ba Premio Espacio P\u00fablico y Movilidad del \u00c1rea Central de la Ciudad de Resistencia \/ Karla Montauti + Elizabeth Vergara\" data-rel=\"lightbox-gallery-1\"><img loading=\"lazy\" decoding=\"async\" width=\"150\" height=\"150\" src=\"https:\/\/www.arquimaster.com.ar\/web\/wp-content\/uploads\/2021\/04\/proyecto_eco_resistencia11-150x150.jpg\" class=\"attachment-thumbnail size-thumbnail\" alt=\"Proyecto 1\u00ba Premio Espacio P\u00fablico y Movilidad del \u00c1rea Central de la Ciudad de Resistencia \/ Karla Montauti + Elizabeth Vergara\" aria-describedby=\"gallery-1-63854\" \/><\/a>\n\t\t\t<\/div>\n\t\t\t\t<figcaption class='wp-caption-text gallery-caption' id='gallery-1-63854'>\n\t\t\t\tProyecto 1\u00ba Premio Espacio P\u00fablico y Movilidad del \u00c1rea Central de la Ciudad de Resistencia \/ Karla Montauti + Elizabeth Vergara\n\t\t\t\t<\/figcaption><\/figure><figure class='gallery-item'>\n\t\t\t<div class='gallery-icon landscape'>\n\t\t\t\t<a href='https:\/\/www.arquimaster.com.ar\/web\/wp-content\/uploads\/2021\/04\/proyecto_eco_resistencia12.jpg' title=\"Proyecto 1\u00ba Premio Espacio P\u00fablico y Movilidad del \u00c1rea Central de la Ciudad de Resistencia \/ Karla Montauti + Elizabeth Vergara\" data-rl_title=\"Proyecto 1\u00ba Premio Espacio P\u00fablico y Movilidad del \u00c1rea Central de la Ciudad de Resistencia \/ Karla Montauti + Elizabeth Vergara\" class=\"rl-gallery-link\" data-rl_caption=\"Proyecto 1\u00ba Premio Espacio P\u00fablico y Movilidad del \u00c1rea Central de la Ciudad de Resistencia \/ Karla Montauti + Elizabeth Vergara\" data-rel=\"lightbox-gallery-1\"><img loading=\"lazy\" decoding=\"async\" width=\"150\" height=\"150\" src=\"https:\/\/www.arquimaster.com.ar\/web\/wp-content\/uploads\/2021\/04\/proyecto_eco_resistencia12-150x150.jpg\" class=\"attachment-thumbnail size-thumbnail\" alt=\"Proyecto 1\u00ba Premio Espacio P\u00fablico y Movilidad del \u00c1rea Central de la Ciudad de Resistencia \/ Karla Montauti + Elizabeth Vergara\" aria-describedby=\"gallery-1-63855\" \/><\/a>\n\t\t\t<\/div>\n\t\t\t\t<figcaption class='wp-caption-text gallery-caption' id='gallery-1-63855'>\n\t\t\t\tProyecto 1\u00ba Premio Espacio P\u00fablico y Movilidad del \u00c1rea Central de la Ciudad de Resistencia \/ Karla Montauti + Elizabeth Vergara\n\t\t\t\t<\/figcaption><\/figure><figure class='gallery-item'>\n\t\t\t<div class='gallery-icon landscape'>\n\t\t\t\t<a href='https:\/\/www.arquimaster.com.ar\/web\/wp-content\/uploads\/2021\/04\/proyecto_eco_resistencia13.jpg' title=\"Proyecto 1\u00ba Premio Espacio P\u00fablico y Movilidad del \u00c1rea Central de la Ciudad de Resistencia \/ Karla Montauti + Elizabeth Vergara\" data-rl_title=\"Proyecto 1\u00ba Premio Espacio P\u00fablico y Movilidad del \u00c1rea Central de la Ciudad de Resistencia \/ Karla Montauti + Elizabeth Vergara\" class=\"rl-gallery-link\" data-rl_caption=\"Proyecto 1\u00ba Premio Espacio P\u00fablico y Movilidad del \u00c1rea Central de la Ciudad de Resistencia \/ Karla Montauti + Elizabeth Vergara\" data-rel=\"lightbox-gallery-1\"><img loading=\"lazy\" decoding=\"async\" width=\"150\" height=\"150\" src=\"https:\/\/www.arquimaster.com.ar\/web\/wp-content\/uploads\/2021\/04\/proyecto_eco_resistencia13-150x150.jpg\" class=\"attachment-thumbnail size-thumbnail\" alt=\"Proyecto 1\u00ba Premio Espacio P\u00fablico y Movilidad del \u00c1rea Central de la Ciudad de Resistencia \/ Karla Montauti + Elizabeth Vergara\" aria-describedby=\"gallery-1-63856\" \/><\/a>\n\t\t\t<\/div>\n\t\t\t\t<figcaption class='wp-caption-text gallery-caption' id='gallery-1-63856'>\n\t\t\t\tProyecto 1\u00ba Premio Espacio P\u00fablico y Movilidad del \u00c1rea Central de la Ciudad de Resistencia \/ Karla Montauti + Elizabeth Vergara\n\t\t\t\t<\/figcaption><\/figure><figure class='gallery-item'>\n\t\t\t<div class='gallery-icon landscape'>\n\t\t\t\t<a href='https:\/\/www.arquimaster.com.ar\/web\/wp-content\/uploads\/2021\/04\/proyecto_eco_resistencia14.jpg' title=\"Proyecto 1\u00ba Premio Espacio P\u00fablico y Movilidad del \u00c1rea Central de la Ciudad de Resistencia \/ Karla Montauti + Elizabeth Vergara\" data-rl_title=\"Proyecto 1\u00ba Premio Espacio P\u00fablico y Movilidad del \u00c1rea Central de la Ciudad de Resistencia \/ Karla Montauti + Elizabeth Vergara\" class=\"rl-gallery-link\" data-rl_caption=\"Proyecto 1\u00ba Premio Espacio P\u00fablico y Movilidad del \u00c1rea Central de la Ciudad de Resistencia \/ Karla Montauti + Elizabeth Vergara\" data-rel=\"lightbox-gallery-1\"><img loading=\"lazy\" decoding=\"async\" width=\"150\" height=\"150\" src=\"https:\/\/www.arquimaster.com.ar\/web\/wp-content\/uploads\/2021\/04\/proyecto_eco_resistencia14-150x150.jpg\" class=\"attachment-thumbnail size-thumbnail\" alt=\"Proyecto 1\u00ba Premio Espacio P\u00fablico y Movilidad del \u00c1rea Central de la Ciudad de Resistencia \/ Karla Montauti + Elizabeth Vergara\" aria-describedby=\"gallery-1-63857\" \/><\/a>\n\t\t\t<\/div>\n\t\t\t\t<figcaption class='wp-caption-text gallery-caption' id='gallery-1-63857'>\n\t\t\t\tProyecto 1\u00ba Premio Espacio P\u00fablico y Movilidad del \u00c1rea Central de la Ciudad de Resistencia \/ Karla Montauti + Elizabeth Vergara\n\t\t\t\t<\/figcaption><\/figure><figure class='gallery-item'>\n\t\t\t<div class='gallery-icon landscape'>\n\t\t\t\t<a href='https:\/\/www.arquimaster.com.ar\/web\/wp-content\/uploads\/2021\/04\/proyecto_eco_resistencia15.jpg' title=\"Proyecto 1\u00ba Premio Espacio P\u00fablico y Movilidad del \u00c1rea Central de la Ciudad de Resistencia \/ Karla Montauti + Elizabeth Vergara\" data-rl_title=\"Proyecto 1\u00ba Premio Espacio P\u00fablico y Movilidad del \u00c1rea Central de la Ciudad de Resistencia \/ Karla Montauti + Elizabeth Vergara\" class=\"rl-gallery-link\" data-rl_caption=\"Proyecto 1\u00ba Premio Espacio P\u00fablico y Movilidad del \u00c1rea Central de la Ciudad de Resistencia \/ Karla Montauti + Elizabeth Vergara\" data-rel=\"lightbox-gallery-1\"><img loading=\"lazy\" decoding=\"async\" width=\"150\" height=\"150\" src=\"https:\/\/www.arquimaster.com.ar\/web\/wp-content\/uploads\/2021\/04\/proyecto_eco_resistencia15-150x150.jpg\" class=\"attachment-thumbnail size-thumbnail\" alt=\"Proyecto 1\u00ba Premio Espacio P\u00fablico y Movilidad del \u00c1rea Central de la Ciudad de Resistencia \/ Karla Montauti + Elizabeth Vergara\" aria-describedby=\"gallery-1-63858\" \/><\/a>\n\t\t\t<\/div>\n\t\t\t\t<figcaption class='wp-caption-text gallery-caption' id='gallery-1-63858'>\n\t\t\t\tProyecto 1\u00ba Premio Espacio P\u00fablico y Movilidad del \u00c1rea Central de la Ciudad de Resistencia \/ Karla Montauti + Elizabeth Vergara\n\t\t\t\t<\/figcaption><\/figure><figure class='gallery-item'>\n\t\t\t<div class='gallery-icon landscape'>\n\t\t\t\t<a href='https:\/\/www.arquimaster.com.ar\/web\/wp-content\/uploads\/2021\/04\/proyecto_eco_resistencia16.jpg' title=\"Proyecto 1\u00ba Premio Espacio P\u00fablico y Movilidad del \u00c1rea Central de la Ciudad de Resistencia \/ Karla Montauti + Elizabeth Vergara\" data-rl_title=\"Proyecto 1\u00ba Premio Espacio P\u00fablico y Movilidad del \u00c1rea Central de la Ciudad de Resistencia \/ Karla Montauti + Elizabeth Vergara\" class=\"rl-gallery-link\" data-rl_caption=\"Proyecto 1\u00ba Premio Espacio P\u00fablico y Movilidad del \u00c1rea Central de la Ciudad de Resistencia \/ Karla Montauti + Elizabeth Vergara\" data-rel=\"lightbox-gallery-1\"><img loading=\"lazy\" decoding=\"async\" width=\"150\" height=\"150\" src=\"https:\/\/www.arquimaster.com.ar\/web\/wp-content\/uploads\/2021\/04\/proyecto_eco_resistencia16-150x150.jpg\" class=\"attachment-thumbnail size-thumbnail\" alt=\"Proyecto 1\u00ba Premio Espacio P\u00fablico y Movilidad del \u00c1rea Central de la Ciudad de Resistencia \/ Karla Montauti + Elizabeth Vergara\" aria-describedby=\"gallery-1-63859\" \/><\/a>\n\t\t\t<\/div>\n\t\t\t\t<figcaption class='wp-caption-text gallery-caption' id='gallery-1-63859'>\n\t\t\t\tProyecto 1\u00ba Premio Espacio P\u00fablico y Movilidad del \u00c1rea Central de la Ciudad de Resistencia \/ Karla Montauti + Elizabeth Vergara\n\t\t\t\t<\/figcaption><\/figure><figure class='gallery-item'>\n\t\t\t<div class='gallery-icon landscape'>\n\t\t\t\t<a href='https:\/\/www.arquimaster.com.ar\/web\/wp-content\/uploads\/2021\/04\/proyecto_eco_resistencia17.jpg' title=\"Proyecto 1\u00ba Premio Espacio P\u00fablico y Movilidad del \u00c1rea Central de la Ciudad de Resistencia \/ Karla Montauti + Elizabeth Vergara\" data-rl_title=\"Proyecto 1\u00ba Premio Espacio P\u00fablico y Movilidad del \u00c1rea Central de la Ciudad de Resistencia \/ Karla Montauti + Elizabeth Vergara\" class=\"rl-gallery-link\" data-rl_caption=\"Proyecto 1\u00ba Premio Espacio P\u00fablico y Movilidad del \u00c1rea Central de la Ciudad de Resistencia \/ Karla Montauti + Elizabeth Vergara\" data-rel=\"lightbox-gallery-1\"><img loading=\"lazy\" decoding=\"async\" width=\"150\" height=\"150\" src=\"https:\/\/www.arquimaster.com.ar\/web\/wp-content\/uploads\/2021\/04\/proyecto_eco_resistencia17-150x150.jpg\" class=\"attachment-thumbnail size-thumbnail\" alt=\"Proyecto 1\u00ba Premio Espacio P\u00fablico y Movilidad del \u00c1rea Central de la Ciudad de Resistencia \/ Karla Montauti + Elizabeth Vergara\" aria-describedby=\"gallery-1-63860\" \/><\/a>\n\t\t\t<\/div>\n\t\t\t\t<figcaption class='wp-caption-text gallery-caption' id='gallery-1-63860'>\n\t\t\t\tProyecto 1\u00ba Premio Espacio P\u00fablico y Movilidad del \u00c1rea Central de la Ciudad de Resistencia \/ Karla Montauti + Elizabeth Vergara\n\t\t\t\t<\/figcaption><\/figure><figure class='gallery-item'>\n\t\t\t<div class='gallery-icon landscape'>\n\t\t\t\t<a href='https:\/\/www.arquimaster.com.ar\/web\/wp-content\/uploads\/2021\/04\/proyecto_eco_resistencia18.jpg' title=\"Proyecto 1\u00ba Premio Espacio P\u00fablico y Movilidad del \u00c1rea Central de la Ciudad de Resistencia \/ Karla Montauti + Elizabeth Vergara\" data-rl_title=\"Proyecto 1\u00ba Premio Espacio P\u00fablico y Movilidad del \u00c1rea Central de la Ciudad de Resistencia \/ Karla Montauti + Elizabeth Vergara\" class=\"rl-gallery-link\" data-rl_caption=\"Proyecto 1\u00ba Premio Espacio P\u00fablico y Movilidad del \u00c1rea Central de la Ciudad de Resistencia \/ Karla Montauti + Elizabeth Vergara\" data-rel=\"lightbox-gallery-1\"><img loading=\"lazy\" decoding=\"async\" width=\"150\" height=\"150\" src=\"https:\/\/www.arquimaster.com.ar\/web\/wp-content\/uploads\/2021\/04\/proyecto_eco_resistencia18-150x150.jpg\" class=\"attachment-thumbnail size-thumbnail\" alt=\"Proyecto 1\u00ba Premio Espacio P\u00fablico y Movilidad del \u00c1rea Central de la Ciudad de Resistencia \/ Karla Montauti + Elizabeth Vergara\" aria-describedby=\"gallery-1-63861\" \/><\/a>\n\t\t\t<\/div>\n\t\t\t\t<figcaption class='wp-caption-text gallery-caption' id='gallery-1-63861'>\n\t\t\t\tProyecto 1\u00ba Premio Espacio P\u00fablico y Movilidad del \u00c1rea Central de la Ciudad de Resistencia \/ Karla Montauti + Elizabeth Vergara\n\t\t\t\t<\/figcaption><\/figure><figure class='gallery-item'>\n\t\t\t<div class='gallery-icon portrait'>\n\t\t\t\t<a href='https:\/\/www.arquimaster.com.ar\/web\/wp-content\/uploads\/2021\/04\/proyecto_eco_resistencia19.jpg' title=\"Proyecto 1\u00ba Premio Espacio P\u00fablico y Movilidad del \u00c1rea Central de la Ciudad de Resistencia \/ Karla Montauti + Elizabeth Vergara\" data-rl_title=\"Proyecto 1\u00ba Premio Espacio P\u00fablico y Movilidad del \u00c1rea Central de la Ciudad de Resistencia \/ Karla Montauti + Elizabeth Vergara\" class=\"rl-gallery-link\" data-rl_caption=\"Proyecto 1\u00ba Premio Espacio P\u00fablico y Movilidad del \u00c1rea Central de la Ciudad de Resistencia \/ Karla Montauti + Elizabeth Vergara\" data-rel=\"lightbox-gallery-1\"><img loading=\"lazy\" decoding=\"async\" width=\"150\" height=\"150\" src=\"https:\/\/www.arquimaster.com.ar\/web\/wp-content\/uploads\/2021\/04\/proyecto_eco_resistencia19-150x150.jpg\" class=\"attachment-thumbnail size-thumbnail\" alt=\"Proyecto 1\u00ba Premio Espacio P\u00fablico y Movilidad del \u00c1rea Central de la Ciudad de Resistencia \/ Karla Montauti + Elizabeth Vergara\" aria-describedby=\"gallery-1-63862\" \/><\/a>\n\t\t\t<\/div>\n\t\t\t\t<figcaption class='wp-caption-text gallery-caption' id='gallery-1-63862'>\n\t\t\t\tProyecto 1\u00ba Premio Espacio P\u00fablico y Movilidad del \u00c1rea Central de la Ciudad de Resistencia \/ Karla Montauti + Elizabeth Vergara\n\t\t\t\t<\/figcaption><\/figure><figure class='gallery-item'>\n\t\t\t<div class='gallery-icon portrait'>\n\t\t\t\t<a href='https:\/\/www.arquimaster.com.ar\/web\/wp-content\/uploads\/2021\/04\/proyecto_eco_resistencia20.jpg' title=\"Proyecto 1\u00ba Premio Espacio P\u00fablico y Movilidad del \u00c1rea Central de la Ciudad de Resistencia \/ Karla Montauti + Elizabeth Vergara\" data-rl_title=\"Proyecto 1\u00ba Premio Espacio P\u00fablico y Movilidad del \u00c1rea Central de la Ciudad de Resistencia \/ Karla Montauti + Elizabeth Vergara\" class=\"rl-gallery-link\" data-rl_caption=\"Proyecto 1\u00ba Premio Espacio P\u00fablico y Movilidad del \u00c1rea Central de la Ciudad de Resistencia \/ Karla Montauti + Elizabeth Vergara\" data-rel=\"lightbox-gallery-1\"><img loading=\"lazy\" decoding=\"async\" width=\"150\" height=\"150\" src=\"https:\/\/www.arquimaster.com.ar\/web\/wp-content\/uploads\/2021\/04\/proyecto_eco_resistencia20-150x150.jpg\" class=\"attachment-thumbnail size-thumbnail\" alt=\"Proyecto 1\u00ba Premio Espacio P\u00fablico y Movilidad del \u00c1rea Central de la Ciudad de Resistencia \/ Karla Montauti + Elizabeth Vergara\" aria-describedby=\"gallery-1-63863\" \/><\/a>\n\t\t\t<\/div>\n\t\t\t\t<figcaption class='wp-caption-text gallery-caption' id='gallery-1-63863'>\n\t\t\t\tProyecto 1\u00ba Premio Espacio P\u00fablico y Movilidad del \u00c1rea Central de la Ciudad de Resistencia \/ Karla Montauti + Elizabeth Vergara\n\t\t\t\t<\/figcaption><\/figure><figure class='gallery-item'>\n\t\t\t<div class='gallery-icon portrait'>\n\t\t\t\t<a href='https:\/\/www.arquimaster.com.ar\/web\/wp-content\/uploads\/2021\/04\/proyecto_eco_resistencia21.jpg' title=\"Proyecto 1\u00ba Premio Espacio P\u00fablico y Movilidad del \u00c1rea Central de la Ciudad de Resistencia \/ Karla Montauti + Elizabeth Vergara\" data-rl_title=\"Proyecto 1\u00ba Premio Espacio P\u00fablico y Movilidad del \u00c1rea Central de la Ciudad de Resistencia \/ Karla Montauti + Elizabeth Vergara\" class=\"rl-gallery-link\" data-rl_caption=\"Proyecto 1\u00ba Premio Espacio P\u00fablico y Movilidad del \u00c1rea Central de la Ciudad de Resistencia \/ Karla Montauti + Elizabeth Vergara\" data-rel=\"lightbox-gallery-1\"><img loading=\"lazy\" decoding=\"async\" width=\"150\" height=\"150\" src=\"https:\/\/www.arquimaster.com.ar\/web\/wp-content\/uploads\/2021\/04\/proyecto_eco_resistencia21-150x150.jpg\" class=\"attachment-thumbnail size-thumbnail\" alt=\"Proyecto 1\u00ba Premio Espacio P\u00fablico y Movilidad del \u00c1rea Central de la Ciudad de Resistencia \/ Karla Montauti + Elizabeth Vergara\" aria-describedby=\"gallery-1-63864\" \/><\/a>\n\t\t\t<\/div>\n\t\t\t\t<figcaption class='wp-caption-text gallery-caption' id='gallery-1-63864'>\n\t\t\t\tProyecto 1\u00ba Premio Espacio P\u00fablico y Movilidad del \u00c1rea Central de la Ciudad de Resistencia \/ Karla Montauti + Elizabeth Vergara\n\t\t\t\t<\/figcaption><\/figure><figure class='gallery-item'>\n\t\t\t<div class='gallery-icon portrait'>\n\t\t\t\t<a href='https:\/\/www.arquimaster.com.ar\/web\/wp-content\/uploads\/2021\/04\/proyecto_eco_resistencia22.jpg' title=\"Proyecto 1\u00ba Premio Espacio P\u00fablico y Movilidad del \u00c1rea Central de la Ciudad de Resistencia \/ Karla Montauti + Elizabeth Vergara\" data-rl_title=\"Proyecto 1\u00ba Premio Espacio P\u00fablico y Movilidad del \u00c1rea Central de la Ciudad de Resistencia \/ Karla Montauti + Elizabeth Vergara\" class=\"rl-gallery-link\" data-rl_caption=\"Proyecto 1\u00ba Premio Espacio P\u00fablico y Movilidad del \u00c1rea Central de la Ciudad de Resistencia \/ Karla Montauti + Elizabeth Vergara\" data-rel=\"lightbox-gallery-1\"><img loading=\"lazy\" decoding=\"async\" width=\"150\" height=\"150\" src=\"https:\/\/www.arquimaster.com.ar\/web\/wp-content\/uploads\/2021\/04\/proyecto_eco_resistencia22-150x150.jpg\" class=\"attachment-thumbnail size-thumbnail\" alt=\"Proyecto 1\u00ba Premio Espacio P\u00fablico y Movilidad del \u00c1rea Central de la Ciudad de Resistencia \/ Karla Montauti + Elizabeth Vergara\" aria-describedby=\"gallery-1-63865\" \/><\/a>\n\t\t\t<\/div>\n\t\t\t\t<figcaption class='wp-caption-text gallery-caption' id='gallery-1-63865'>\n\t\t\t\tProyecto 1\u00ba Premio Espacio P\u00fablico y Movilidad del \u00c1rea Central de la Ciudad de Resistencia \/ Karla Montauti + Elizabeth Vergara\n\t\t\t\t<\/figcaption><\/figure><figure class='gallery-item'>\n\t\t\t<div class='gallery-icon portrait'>\n\t\t\t\t<a href='https:\/\/www.arquimaster.com.ar\/web\/wp-content\/uploads\/2021\/04\/proyecto_eco_resistencia23.jpg' title=\"Proyecto 1\u00ba Premio Espacio P\u00fablico y Movilidad del \u00c1rea Central de la Ciudad de Resistencia \/ Karla Montauti + Elizabeth Vergara\" data-rl_title=\"Proyecto 1\u00ba Premio Espacio P\u00fablico y Movilidad del \u00c1rea Central de la Ciudad de Resistencia \/ Karla Montauti + Elizabeth Vergara\" class=\"rl-gallery-link\" data-rl_caption=\"Proyecto 1\u00ba Premio Espacio P\u00fablico y Movilidad del \u00c1rea Central de la Ciudad de Resistencia \/ Karla Montauti + Elizabeth Vergara\" data-rel=\"lightbox-gallery-1\"><img loading=\"lazy\" decoding=\"async\" width=\"150\" height=\"150\" src=\"https:\/\/www.arquimaster.com.ar\/web\/wp-content\/uploads\/2021\/04\/proyecto_eco_resistencia23-150x150.jpg\" class=\"attachment-thumbnail size-thumbnail\" alt=\"Proyecto 1\u00ba Premio Espacio P\u00fablico y Movilidad del \u00c1rea Central de la Ciudad de Resistencia \/ Karla Montauti + Elizabeth Vergara\" aria-describedby=\"gallery-1-63866\" \/><\/a>\n\t\t\t<\/div>\n\t\t\t\t<figcaption class='wp-caption-text gallery-caption' id='gallery-1-63866'>\n\t\t\t\tProyecto 1\u00ba Premio Espacio P\u00fablico y Movilidad del \u00c1rea Central de la Ciudad de Resistencia \/ Karla Montauti + Elizabeth Vergara\n\t\t\t\t<\/figcaption><\/figure><figure class='gallery-item'>\n\t\t\t<div class='gallery-icon landscape'>\n\t\t\t\t<a href='https:\/\/www.arquimaster.com.ar\/web\/wp-content\/uploads\/2021\/04\/proyecto_eco_resistencia24.jpg' title=\"Proyecto 1\u00ba Premio Espacio P\u00fablico y Movilidad del \u00c1rea Central de la Ciudad de Resistencia \/ Karla Montauti + Elizabeth Vergara\" data-rl_title=\"Proyecto 1\u00ba Premio Espacio P\u00fablico y Movilidad del \u00c1rea Central de la Ciudad de Resistencia \/ Karla Montauti + Elizabeth Vergara\" class=\"rl-gallery-link\" data-rl_caption=\"Proyecto 1\u00ba Premio Espacio P\u00fablico y Movilidad del \u00c1rea Central de la Ciudad de Resistencia \/ Karla Montauti + Elizabeth Vergara\" data-rel=\"lightbox-gallery-1\"><img loading=\"lazy\" decoding=\"async\" width=\"150\" height=\"150\" src=\"https:\/\/www.arquimaster.com.ar\/web\/wp-content\/uploads\/2021\/04\/proyecto_eco_resistencia24-150x150.jpg\" class=\"attachment-thumbnail size-thumbnail\" alt=\"Proyecto 1\u00ba Premio Espacio P\u00fablico y Movilidad del \u00c1rea Central de la Ciudad de Resistencia \/ Karla Montauti + Elizabeth Vergara\" aria-describedby=\"gallery-1-63867\" \/><\/a>\n\t\t\t<\/div>\n\t\t\t\t<figcaption class='wp-caption-text gallery-caption' id='gallery-1-63867'>\n\t\t\t\tProyecto 1\u00ba Premio Espacio P\u00fablico y Movilidad del \u00c1rea Central de la Ciudad de Resistencia \/ Karla Montauti + Elizabeth Vergara\n\t\t\t\t<\/figcaption><\/figure><figure class='gallery-item'>\n\t\t\t<div class='gallery-icon landscape'>\n\t\t\t\t<a href='https:\/\/www.arquimaster.com.ar\/web\/wp-content\/uploads\/2021\/04\/proyecto_eco_resistencia25.jpg' title=\"Proyecto 1\u00ba Premio Espacio P\u00fablico y Movilidad del \u00c1rea Central de la Ciudad de Resistencia \/ Karla Montauti + Elizabeth Vergara\" data-rl_title=\"Proyecto 1\u00ba Premio Espacio P\u00fablico y Movilidad del \u00c1rea Central de la Ciudad de Resistencia \/ Karla Montauti + Elizabeth Vergara\" class=\"rl-gallery-link\" data-rl_caption=\"Proyecto 1\u00ba Premio Espacio P\u00fablico y Movilidad del \u00c1rea Central de la Ciudad de Resistencia \/ Karla Montauti + Elizabeth Vergara\" data-rel=\"lightbox-gallery-1\"><img loading=\"lazy\" decoding=\"async\" width=\"150\" height=\"150\" src=\"https:\/\/www.arquimaster.com.ar\/web\/wp-content\/uploads\/2021\/04\/proyecto_eco_resistencia25-150x150.jpg\" class=\"attachment-thumbnail size-thumbnail\" alt=\"Proyecto 1\u00ba Premio Espacio P\u00fablico y Movilidad del \u00c1rea Central de la Ciudad de Resistencia \/ Karla Montauti + Elizabeth Vergara\" aria-describedby=\"gallery-1-63868\" \/><\/a>\n\t\t\t<\/div>\n\t\t\t\t<figcaption class='wp-caption-text gallery-caption' id='gallery-1-63868'>\n\t\t\t\tProyecto 1\u00ba Premio Espacio P\u00fablico y Movilidad del \u00c1rea Central de la Ciudad de Resistencia \/ Karla Montauti + Elizabeth Vergara\n\t\t\t\t<\/figcaption><\/figure><figure class='gallery-item'>\n\t\t\t<div class='gallery-icon landscape'>\n\t\t\t\t<a href='https:\/\/www.arquimaster.com.ar\/web\/wp-content\/uploads\/2021\/04\/proyecto_eco_resistencia26.jpg' title=\"Proyecto 1\u00ba Premio Espacio P\u00fablico y Movilidad del \u00c1rea Central de la Ciudad de Resistencia \/ Karla Montauti + Elizabeth Vergara\" data-rl_title=\"Proyecto 1\u00ba Premio Espacio P\u00fablico y Movilidad del \u00c1rea Central de la Ciudad de Resistencia \/ Karla Montauti + Elizabeth Vergara\" class=\"rl-gallery-link\" data-rl_caption=\"Proyecto 1\u00ba Premio Espacio P\u00fablico y Movilidad del \u00c1rea Central de la Ciudad de Resistencia \/ Karla Montauti + Elizabeth Vergara\" data-rel=\"lightbox-gallery-1\"><img loading=\"lazy\" decoding=\"async\" width=\"150\" height=\"150\" src=\"https:\/\/www.arquimaster.com.ar\/web\/wp-content\/uploads\/2021\/04\/proyecto_eco_resistencia26-150x150.jpg\" class=\"attachment-thumbnail size-thumbnail\" alt=\"Proyecto 1\u00ba Premio Espacio P\u00fablico y Movilidad del \u00c1rea Central de la Ciudad de Resistencia \/ Karla Montauti + Elizabeth Vergara\" aria-describedby=\"gallery-1-63869\" \/><\/a>\n\t\t\t<\/div>\n\t\t\t\t<figcaption class='wp-caption-text gallery-caption' id='gallery-1-63869'>\n\t\t\t\tProyecto 1\u00ba Premio Espacio P\u00fablico y Movilidad del \u00c1rea Central de la Ciudad de Resistencia \/ Karla Montauti + Elizabeth Vergara\n\t\t\t\t<\/figcaption><\/figure><figure class='gallery-item'>\n\t\t\t<div class='gallery-icon landscape'>\n\t\t\t\t<a href='https:\/\/www.arquimaster.com.ar\/web\/wp-content\/uploads\/2021\/04\/proyecto_eco_resistencia27.jpg' title=\"Proyecto 1\u00ba Premio Espacio P\u00fablico y Movilidad del \u00c1rea Central de la Ciudad de Resistencia \/ Karla Montauti + Elizabeth Vergara\" data-rl_title=\"Proyecto 1\u00ba Premio Espacio P\u00fablico y Movilidad del \u00c1rea Central de la Ciudad de Resistencia \/ Karla Montauti + Elizabeth Vergara\" class=\"rl-gallery-link\" data-rl_caption=\"Proyecto 1\u00ba Premio Espacio P\u00fablico y Movilidad del \u00c1rea Central de la Ciudad de Resistencia \/ Karla Montauti + Elizabeth Vergara\" data-rel=\"lightbox-gallery-1\"><img loading=\"lazy\" decoding=\"async\" width=\"150\" height=\"150\" src=\"https:\/\/www.arquimaster.com.ar\/web\/wp-content\/uploads\/2021\/04\/proyecto_eco_resistencia27-150x150.jpg\" class=\"attachment-thumbnail size-thumbnail\" alt=\"Proyecto 1\u00ba Premio Espacio P\u00fablico y Movilidad del \u00c1rea Central de la Ciudad de Resistencia \/ Karla Montauti + Elizabeth Vergara\" aria-describedby=\"gallery-1-63870\" \/><\/a>\n\t\t\t<\/div>\n\t\t\t\t<figcaption class='wp-caption-text gallery-caption' id='gallery-1-63870'>\n\t\t\t\tProyecto 1\u00ba Premio Espacio P\u00fablico y Movilidad del \u00c1rea Central de la Ciudad de Resistencia \/ Karla Montauti + Elizabeth Vergara\n\t\t\t\t<\/figcaption><\/figure><figure class='gallery-item'>\n\t\t\t<div class='gallery-icon landscape'>\n\t\t\t\t<a href='https:\/\/www.arquimaster.com.ar\/web\/wp-content\/uploads\/2021\/04\/proyecto_eco_resistencia28.jpg' title=\"Proyecto 1\u00ba Premio Espacio P\u00fablico y Movilidad del \u00c1rea Central de la Ciudad de Resistencia \/ Karla Montauti + Elizabeth Vergara\" data-rl_title=\"Proyecto 1\u00ba Premio Espacio P\u00fablico y Movilidad del \u00c1rea Central de la Ciudad de Resistencia \/ Karla Montauti + Elizabeth Vergara\" class=\"rl-gallery-link\" data-rl_caption=\"Proyecto 1\u00ba Premio Espacio P\u00fablico y Movilidad del \u00c1rea Central de la Ciudad de Resistencia \/ Karla Montauti + Elizabeth Vergara\" data-rel=\"lightbox-gallery-1\"><img loading=\"lazy\" decoding=\"async\" width=\"150\" height=\"150\" src=\"https:\/\/www.arquimaster.com.ar\/web\/wp-content\/uploads\/2021\/04\/proyecto_eco_resistencia28-150x150.jpg\" class=\"attachment-thumbnail size-thumbnail\" alt=\"Proyecto 1\u00ba Premio Espacio P\u00fablico y Movilidad del \u00c1rea Central de la Ciudad de Resistencia \/ Karla Montauti + Elizabeth Vergara\" aria-describedby=\"gallery-1-63871\" \/><\/a>\n\t\t\t<\/div>\n\t\t\t\t<figcaption class='wp-caption-text gallery-caption' id='gallery-1-63871'>\n\t\t\t\tProyecto 1\u00ba Premio Espacio P\u00fablico y Movilidad del \u00c1rea Central de la Ciudad de Resistencia \/ Karla Montauti + Elizabeth Vergara\n\t\t\t\t<\/figcaption><\/figure><figure class='gallery-item'>\n\t\t\t<div class='gallery-icon landscape'>\n\t\t\t\t<a href='https:\/\/www.arquimaster.com.ar\/web\/wp-content\/uploads\/2021\/04\/proyecto_eco_resistencia29.jpg' title=\"Proyecto 1\u00ba Premio Espacio P\u00fablico y Movilidad del \u00c1rea Central de la Ciudad de Resistencia \/ Karla Montauti + Elizabeth Vergara\" data-rl_title=\"Proyecto 1\u00ba Premio Espacio P\u00fablico y Movilidad del \u00c1rea Central de la Ciudad de Resistencia \/ Karla Montauti + Elizabeth Vergara\" class=\"rl-gallery-link\" data-rl_caption=\"Proyecto 1\u00ba Premio Espacio P\u00fablico y Movilidad del \u00c1rea Central de la Ciudad de Resistencia \/ Karla Montauti + Elizabeth Vergara\" data-rel=\"lightbox-gallery-1\"><img loading=\"lazy\" decoding=\"async\" width=\"150\" height=\"150\" src=\"https:\/\/www.arquimaster.com.ar\/web\/wp-content\/uploads\/2021\/04\/proyecto_eco_resistencia29-150x150.jpg\" class=\"attachment-thumbnail size-thumbnail\" alt=\"Proyecto 1\u00ba Premio Espacio P\u00fablico y Movilidad del \u00c1rea Central de la Ciudad de Resistencia \/ Karla Montauti + Elizabeth Vergara\" aria-describedby=\"gallery-1-63872\" \/><\/a>\n\t\t\t<\/div>\n\t\t\t\t<figcaption class='wp-caption-text gallery-caption' id='gallery-1-63872'>\n\t\t\t\tProyecto 1\u00ba Premio Espacio P\u00fablico y Movilidad del \u00c1rea Central de la Ciudad de Resistencia \/ Karla Montauti + Elizabeth Vergara\n\t\t\t\t<\/figcaption><\/figure><figure class='gallery-item'>\n\t\t\t<div class='gallery-icon landscape'>\n\t\t\t\t<a href='https:\/\/www.arquimaster.com.ar\/web\/wp-content\/uploads\/2021\/04\/proyecto_eco_resistencia30.jpg' title=\"Proyecto 1\u00ba Premio Espacio P\u00fablico y Movilidad del \u00c1rea Central de la Ciudad de Resistencia \/ Karla Montauti + Elizabeth Vergara\" data-rl_title=\"Proyecto 1\u00ba Premio Espacio P\u00fablico y Movilidad del \u00c1rea Central de la Ciudad de Resistencia \/ Karla Montauti + Elizabeth Vergara\" class=\"rl-gallery-link\" data-rl_caption=\"Proyecto 1\u00ba Premio Espacio P\u00fablico y Movilidad del \u00c1rea Central de la Ciudad de Resistencia \/ Karla Montauti + Elizabeth Vergara\" data-rel=\"lightbox-gallery-1\"><img loading=\"lazy\" decoding=\"async\" width=\"150\" height=\"150\" src=\"https:\/\/www.arquimaster.com.ar\/web\/wp-content\/uploads\/2021\/04\/proyecto_eco_resistencia30-150x150.jpg\" class=\"attachment-thumbnail size-thumbnail\" alt=\"Proyecto 1\u00ba Premio Espacio P\u00fablico y Movilidad del \u00c1rea Central de la Ciudad de Resistencia \/ Karla Montauti + Elizabeth Vergara\" aria-describedby=\"gallery-1-63873\" \/><\/a>\n\t\t\t<\/div>\n\t\t\t\t<figcaption class='wp-caption-text gallery-caption' id='gallery-1-63873'>\n\t\t\t\tProyecto 1\u00ba Premio Espacio P\u00fablico y Movilidad del \u00c1rea Central de la Ciudad de Resistencia \/ Karla Montauti + Elizabeth Vergara\n\t\t\t\t<\/figcaption><\/figure><figure class='gallery-item'>\n\t\t\t<div class='gallery-icon landscape'>\n\t\t\t\t<a href='https:\/\/www.arquimaster.com.ar\/web\/wp-content\/uploads\/2021\/04\/proyecto_eco_resistencia31.jpg' title=\"Proyecto 1\u00ba Premio Espacio P\u00fablico y Movilidad del \u00c1rea Central de la Ciudad de Resistencia \/ Karla Montauti + Elizabeth Vergara\" data-rl_title=\"Proyecto 1\u00ba Premio Espacio P\u00fablico y Movilidad del \u00c1rea Central de la Ciudad de Resistencia \/ Karla Montauti + Elizabeth Vergara\" class=\"rl-gallery-link\" data-rl_caption=\"Proyecto 1\u00ba Premio Espacio P\u00fablico y Movilidad del \u00c1rea Central de la Ciudad de Resistencia \/ Karla Montauti + Elizabeth Vergara\" data-rel=\"lightbox-gallery-1\"><img loading=\"lazy\" decoding=\"async\" width=\"150\" height=\"150\" src=\"https:\/\/www.arquimaster.com.ar\/web\/wp-content\/uploads\/2021\/04\/proyecto_eco_resistencia31-150x150.jpg\" class=\"attachment-thumbnail size-thumbnail\" alt=\"Proyecto 1\u00ba Premio Espacio P\u00fablico y Movilidad del \u00c1rea Central de la Ciudad de Resistencia \/ Karla Montauti + Elizabeth Vergara\" aria-describedby=\"gallery-1-63874\" \/><\/a>\n\t\t\t<\/div>\n\t\t\t\t<figcaption class='wp-caption-text gallery-caption' id='gallery-1-63874'>\n\t\t\t\tProyecto 1\u00ba Premio Espacio P\u00fablico y Movilidad del \u00c1rea Central de la Ciudad de Resistencia \/ Karla Montauti + Elizabeth Vergara\n\t\t\t\t<\/figcaption><\/figure><figure class='gallery-item'>\n\t\t\t<div class='gallery-icon landscape'>\n\t\t\t\t<a href='https:\/\/www.arquimaster.com.ar\/web\/wp-content\/uploads\/2021\/04\/proyecto_eco_resistencia32.jpg' title=\"Proyecto 1\u00ba Premio Espacio P\u00fablico y Movilidad del \u00c1rea Central de la Ciudad de Resistencia \/ Karla Montauti + Elizabeth Vergara\" data-rl_title=\"Proyecto 1\u00ba Premio Espacio P\u00fablico y Movilidad del \u00c1rea Central de la Ciudad de Resistencia \/ Karla Montauti + Elizabeth Vergara\" class=\"rl-gallery-link\" data-rl_caption=\"Proyecto 1\u00ba Premio Espacio P\u00fablico y Movilidad del \u00c1rea Central de la Ciudad de Resistencia \/ Karla Montauti + Elizabeth Vergara\" data-rel=\"lightbox-gallery-1\"><img loading=\"lazy\" decoding=\"async\" width=\"150\" height=\"150\" src=\"https:\/\/www.arquimaster.com.ar\/web\/wp-content\/uploads\/2021\/04\/proyecto_eco_resistencia32-150x150.jpg\" class=\"attachment-thumbnail size-thumbnail\" alt=\"Proyecto 1\u00ba Premio Espacio P\u00fablico y Movilidad del \u00c1rea Central de la Ciudad de Resistencia \/ Karla Montauti + Elizabeth Vergara\" aria-describedby=\"gallery-1-63875\" \/><\/a>\n\t\t\t<\/div>\n\t\t\t\t<figcaption class='wp-caption-text gallery-caption' id='gallery-1-63875'>\n\t\t\t\tProyecto 1\u00ba Premio Espacio P\u00fablico y Movilidad del \u00c1rea Central de la Ciudad de Resistencia \/ Karla Montauti + Elizabeth Vergara\n\t\t\t\t<\/figcaption><\/figure><figure class='gallery-item'>\n\t\t\t<div class='gallery-icon landscape'>\n\t\t\t\t<a href='https:\/\/www.arquimaster.com.ar\/web\/wp-content\/uploads\/2021\/04\/proyecto_eco_resistencia33.jpg' title=\"Proyecto 1\u00ba Premio Espacio P\u00fablico y Movilidad del \u00c1rea Central de la Ciudad de Resistencia \/ Karla Montauti + Elizabeth Vergara\" data-rl_title=\"Proyecto 1\u00ba Premio Espacio P\u00fablico y Movilidad del \u00c1rea Central de la Ciudad de Resistencia \/ Karla Montauti + Elizabeth Vergara\" class=\"rl-gallery-link\" data-rl_caption=\"Proyecto 1\u00ba Premio Espacio P\u00fablico y Movilidad del \u00c1rea Central de la Ciudad de Resistencia \/ Karla Montauti + Elizabeth Vergara\" data-rel=\"lightbox-gallery-1\"><img loading=\"lazy\" decoding=\"async\" width=\"150\" height=\"150\" src=\"https:\/\/www.arquimaster.com.ar\/web\/wp-content\/uploads\/2021\/04\/proyecto_eco_resistencia33-150x150.jpg\" class=\"attachment-thumbnail size-thumbnail\" alt=\"Proyecto 1\u00ba Premio Espacio P\u00fablico y Movilidad del \u00c1rea Central de la Ciudad de Resistencia \/ Karla Montauti + Elizabeth Vergara\" aria-describedby=\"gallery-1-63876\" \/><\/a>\n\t\t\t<\/div>\n\t\t\t\t<figcaption class='wp-caption-text gallery-caption' id='gallery-1-63876'>\n\t\t\t\tProyecto 1\u00ba Premio Espacio P\u00fablico y Movilidad del \u00c1rea Central de la Ciudad de Resistencia \/ Karla Montauti + Elizabeth Vergara\n\t\t\t\t<\/figcaption><\/figure><figure class='gallery-item'>\n\t\t\t<div class='gallery-icon landscape'>\n\t\t\t\t<a href='https:\/\/www.arquimaster.com.ar\/web\/wp-content\/uploads\/2021\/04\/proyecto_eco_resistencia34.jpg' title=\"Proyecto 1\u00ba Premio Espacio P\u00fablico y Movilidad del \u00c1rea Central de la Ciudad de Resistencia \/ Karla Montauti + Elizabeth Vergara\" data-rl_title=\"Proyecto 1\u00ba Premio Espacio P\u00fablico y Movilidad del \u00c1rea Central de la Ciudad de Resistencia \/ Karla Montauti + Elizabeth Vergara\" class=\"rl-gallery-link\" data-rl_caption=\"Proyecto 1\u00ba Premio Espacio P\u00fablico y Movilidad del \u00c1rea Central de la Ciudad de Resistencia \/ Karla Montauti + Elizabeth Vergara\" data-rel=\"lightbox-gallery-1\"><img loading=\"lazy\" decoding=\"async\" width=\"150\" height=\"150\" src=\"https:\/\/www.arquimaster.com.ar\/web\/wp-content\/uploads\/2021\/04\/proyecto_eco_resistencia34-150x150.jpg\" class=\"attachment-thumbnail size-thumbnail\" alt=\"Proyecto 1\u00ba Premio Espacio P\u00fablico y Movilidad del \u00c1rea Central de la Ciudad de Resistencia \/ Karla Montauti + Elizabeth Vergara\" aria-describedby=\"gallery-1-63877\" \/><\/a>\n\t\t\t<\/div>\n\t\t\t\t<figcaption class='wp-caption-text gallery-caption' id='gallery-1-63877'>\n\t\t\t\tProyecto 1\u00ba Premio Espacio P\u00fablico y Movilidad del \u00c1rea Central de la Ciudad de Resistencia \/ Karla Montauti + Elizabeth Vergara\n\t\t\t\t<\/figcaption><\/figure><figure class='gallery-item'>\n\t\t\t<div class='gallery-icon landscape'>\n\t\t\t\t<a href='https:\/\/www.arquimaster.com.ar\/web\/wp-content\/uploads\/2021\/04\/proyecto_eco_resistencia35.jpg' title=\"Proyecto 1\u00ba Premio Espacio P\u00fablico y Movilidad del \u00c1rea Central de la Ciudad de Resistencia \/ Karla Montauti + Elizabeth Vergara\" data-rl_title=\"Proyecto 1\u00ba Premio Espacio P\u00fablico y Movilidad del \u00c1rea Central de la Ciudad de Resistencia \/ Karla Montauti + Elizabeth Vergara\" class=\"rl-gallery-link\" data-rl_caption=\"Proyecto 1\u00ba Premio Espacio P\u00fablico y Movilidad del \u00c1rea Central de la Ciudad de Resistencia \/ Karla Montauti + Elizabeth Vergara\" data-rel=\"lightbox-gallery-1\"><img loading=\"lazy\" decoding=\"async\" width=\"150\" height=\"150\" src=\"https:\/\/www.arquimaster.com.ar\/web\/wp-content\/uploads\/2021\/04\/proyecto_eco_resistencia35-150x150.jpg\" class=\"attachment-thumbnail size-thumbnail\" alt=\"Proyecto 1\u00ba Premio Espacio P\u00fablico y Movilidad del \u00c1rea Central de la Ciudad de Resistencia \/ Karla Montauti + Elizabeth Vergara\" aria-describedby=\"gallery-1-63878\" \/><\/a>\n\t\t\t<\/div>\n\t\t\t\t<figcaption class='wp-caption-text gallery-caption' id='gallery-1-63878'>\n\t\t\t\tProyecto 1\u00ba Premio Espacio P\u00fablico y Movilidad del \u00c1rea Central de la Ciudad de Resistencia \/ Karla Montauti + Elizabeth Vergara\n\t\t\t\t<\/figcaption><\/figure><figure class='gallery-item'>\n\t\t\t<div class='gallery-icon landscape'>\n\t\t\t\t<a href='https:\/\/www.arquimaster.com.ar\/web\/wp-content\/uploads\/2021\/04\/proyecto_eco_resistencia36.jpg' title=\"Proyecto 1\u00ba Premio Espacio P\u00fablico y Movilidad del \u00c1rea Central de la Ciudad de Resistencia \/ Karla Montauti + Elizabeth Vergara\" data-rl_title=\"Proyecto 1\u00ba Premio Espacio P\u00fablico y Movilidad del \u00c1rea Central de la Ciudad de Resistencia \/ Karla Montauti + Elizabeth Vergara\" class=\"rl-gallery-link\" data-rl_caption=\"Proyecto 1\u00ba Premio Espacio P\u00fablico y Movilidad del \u00c1rea Central de la Ciudad de Resistencia \/ Karla Montauti + Elizabeth Vergara\" data-rel=\"lightbox-gallery-1\"><img loading=\"lazy\" decoding=\"async\" width=\"150\" height=\"150\" src=\"https:\/\/www.arquimaster.com.ar\/web\/wp-content\/uploads\/2021\/04\/proyecto_eco_resistencia36-150x150.jpg\" class=\"attachment-thumbnail size-thumbnail\" alt=\"Proyecto 1\u00ba Premio Espacio P\u00fablico y Movilidad del \u00c1rea Central de la Ciudad de Resistencia \/ Karla Montauti + Elizabeth Vergara\" aria-describedby=\"gallery-1-63879\" \/><\/a>\n\t\t\t<\/div>\n\t\t\t\t<figcaption class='wp-caption-text gallery-caption' id='gallery-1-63879'>\n\t\t\t\tProyecto 1\u00ba Premio Espacio P\u00fablico y Movilidad del \u00c1rea Central de la Ciudad de Resistencia \/ Karla Montauti + Elizabeth Vergara\n\t\t\t\t<\/figcaption><\/figure><figure class='gallery-item'>\n\t\t\t<div class='gallery-icon landscape'>\n\t\t\t\t<a href='https:\/\/www.arquimaster.com.ar\/web\/wp-content\/uploads\/2021\/04\/proyecto_eco_resistencia37.jpg' title=\"Proyecto 1\u00ba Premio Espacio P\u00fablico y Movilidad del \u00c1rea Central de la Ciudad de Resistencia \/ Karla Montauti + Elizabeth Vergara\" data-rl_title=\"Proyecto 1\u00ba Premio Espacio P\u00fablico y Movilidad del \u00c1rea Central de la Ciudad de Resistencia \/ Karla Montauti + Elizabeth Vergara\" class=\"rl-gallery-link\" data-rl_caption=\"Proyecto 1\u00ba Premio Espacio P\u00fablico y Movilidad del \u00c1rea Central de la Ciudad de Resistencia \/ Karla Montauti + Elizabeth Vergara\" data-rel=\"lightbox-gallery-1\"><img loading=\"lazy\" decoding=\"async\" width=\"150\" height=\"150\" src=\"https:\/\/www.arquimaster.com.ar\/web\/wp-content\/uploads\/2021\/04\/proyecto_eco_resistencia37-150x150.jpg\" class=\"attachment-thumbnail size-thumbnail\" alt=\"Proyecto 1\u00ba Premio Espacio P\u00fablico y Movilidad del \u00c1rea Central de la Ciudad de Resistencia \/ Karla Montauti + Elizabeth Vergara\" aria-describedby=\"gallery-1-63880\" \/><\/a>\n\t\t\t<\/div>\n\t\t\t\t<figcaption class='wp-caption-text gallery-caption' id='gallery-1-63880'>\n\t\t\t\tProyecto 1\u00ba Premio Espacio P\u00fablico y Movilidad del \u00c1rea Central de la Ciudad de Resistencia \/ Karla Montauti + Elizabeth Vergara\n\t\t\t\t<\/figcaption><\/figure><figure class='gallery-item'>\n\t\t\t<div class='gallery-icon landscape'>\n\t\t\t\t<a href='https:\/\/www.arquimaster.com.ar\/web\/wp-content\/uploads\/2021\/04\/proyecto_eco_resistencia38.jpg' title=\"Proyecto 1\u00ba Premio Espacio P\u00fablico y Movilidad del \u00c1rea Central de la Ciudad de Resistencia \/ Karla Montauti + Elizabeth Vergara\" data-rl_title=\"Proyecto 1\u00ba Premio Espacio P\u00fablico y Movilidad del \u00c1rea Central de la Ciudad de Resistencia \/ Karla Montauti + Elizabeth Vergara\" class=\"rl-gallery-link\" data-rl_caption=\"Proyecto 1\u00ba Premio Espacio P\u00fablico y Movilidad del \u00c1rea Central de la Ciudad de Resistencia \/ Karla Montauti + Elizabeth Vergara\" data-rel=\"lightbox-gallery-1\"><img loading=\"lazy\" decoding=\"async\" width=\"150\" height=\"150\" src=\"https:\/\/www.arquimaster.com.ar\/web\/wp-content\/uploads\/2021\/04\/proyecto_eco_resistencia38-150x150.jpg\" class=\"attachment-thumbnail size-thumbnail\" alt=\"Proyecto 1\u00ba Premio Espacio P\u00fablico y Movilidad del \u00c1rea Central de la Ciudad de Resistencia \/ Karla Montauti + Elizabeth Vergara\" aria-describedby=\"gallery-1-63881\" \/><\/a>\n\t\t\t<\/div>\n\t\t\t\t<figcaption class='wp-caption-text gallery-caption' id='gallery-1-63881'>\n\t\t\t\tProyecto 1\u00ba Premio Espacio P\u00fablico y Movilidad del \u00c1rea Central de la Ciudad de Resistencia \/ Karla Montauti + Elizabeth Vergara\n\t\t\t\t<\/figcaption><\/figure><figure class='gallery-item'>\n\t\t\t<div class='gallery-icon landscape'>\n\t\t\t\t<a href='https:\/\/www.arquimaster.com.ar\/web\/wp-content\/uploads\/2021\/04\/proyecto_eco_resistencia39.jpg' title=\"Proyecto 1\u00ba Premio Espacio P\u00fablico y Movilidad del \u00c1rea Central de la Ciudad de Resistencia \/ Karla Montauti + Elizabeth Vergara\" data-rl_title=\"Proyecto 1\u00ba Premio Espacio P\u00fablico y Movilidad del \u00c1rea Central de la Ciudad de Resistencia \/ Karla Montauti + Elizabeth Vergara\" class=\"rl-gallery-link\" data-rl_caption=\"Proyecto 1\u00ba Premio Espacio P\u00fablico y Movilidad del \u00c1rea Central de la Ciudad de Resistencia \/ Karla Montauti + Elizabeth Vergara\" data-rel=\"lightbox-gallery-1\"><img loading=\"lazy\" decoding=\"async\" width=\"150\" height=\"150\" src=\"https:\/\/www.arquimaster.com.ar\/web\/wp-content\/uploads\/2021\/04\/proyecto_eco_resistencia39-150x150.jpg\" class=\"attachment-thumbnail size-thumbnail\" alt=\"Proyecto 1\u00ba Premio Espacio P\u00fablico y Movilidad del \u00c1rea Central de la Ciudad de Resistencia \/ Karla Montauti + Elizabeth Vergara\" aria-describedby=\"gallery-1-63882\" \/><\/a>\n\t\t\t<\/div>\n\t\t\t\t<figcaption class='wp-caption-text gallery-caption' id='gallery-1-63882'>\n\t\t\t\tProyecto 1\u00ba Premio Espacio P\u00fablico y Movilidad del \u00c1rea Central de la Ciudad de Resistencia \/ Karla Montauti + Elizabeth Vergara\n\t\t\t\t<\/figcaption><\/figure><figure class='gallery-item'>\n\t\t\t<div class='gallery-icon landscape'>\n\t\t\t\t<a href='https:\/\/www.arquimaster.com.ar\/web\/wp-content\/uploads\/2021\/04\/proyecto_eco_resistencia40.jpg' title=\"Proyecto 1\u00ba Premio Espacio P\u00fablico y Movilidad del \u00c1rea Central de la Ciudad de Resistencia \/ Karla Montauti + Elizabeth Vergara\" data-rl_title=\"Proyecto 1\u00ba Premio Espacio P\u00fablico y Movilidad del \u00c1rea Central de la Ciudad de Resistencia \/ Karla Montauti + Elizabeth Vergara\" class=\"rl-gallery-link\" data-rl_caption=\"Proyecto 1\u00ba Premio Espacio P\u00fablico y Movilidad del \u00c1rea Central de la Ciudad de Resistencia \/ Karla Montauti + Elizabeth Vergara\" data-rel=\"lightbox-gallery-1\"><img loading=\"lazy\" decoding=\"async\" width=\"150\" height=\"150\" src=\"https:\/\/www.arquimaster.com.ar\/web\/wp-content\/uploads\/2021\/04\/proyecto_eco_resistencia40-150x150.jpg\" class=\"attachment-thumbnail size-thumbnail\" alt=\"Proyecto 1\u00ba Premio Espacio P\u00fablico y Movilidad del \u00c1rea Central de la Ciudad de Resistencia \/ Karla Montauti + Elizabeth Vergara\" aria-describedby=\"gallery-1-63883\" \/><\/a>\n\t\t\t<\/div>\n\t\t\t\t<figcaption class='wp-caption-text gallery-caption' id='gallery-1-63883'>\n\t\t\t\tProyecto 1\u00ba Premio Espacio P\u00fablico y Movilidad del \u00c1rea Central de la Ciudad de Resistencia \/ Karla Montauti + Elizabeth Vergara\n\t\t\t\t<\/figcaption><\/figure><figure class='gallery-item'>\n\t\t\t<div class='gallery-icon landscape'>\n\t\t\t\t<a href='https:\/\/www.arquimaster.com.ar\/web\/wp-content\/uploads\/2021\/04\/proyecto_eco_resistencia41.jpg' title=\"Proyecto 1\u00ba Premio Espacio P\u00fablico y Movilidad del \u00c1rea Central de la Ciudad de Resistencia \/ Karla Montauti + Elizabeth Vergara\" data-rl_title=\"Proyecto 1\u00ba Premio Espacio P\u00fablico y Movilidad del \u00c1rea Central de la Ciudad de Resistencia \/ Karla Montauti + Elizabeth Vergara\" class=\"rl-gallery-link\" data-rl_caption=\"Proyecto 1\u00ba Premio Espacio P\u00fablico y Movilidad del \u00c1rea Central de la Ciudad de Resistencia \/ Karla Montauti + Elizabeth Vergara\" data-rel=\"lightbox-gallery-1\"><img loading=\"lazy\" decoding=\"async\" width=\"150\" height=\"150\" src=\"https:\/\/www.arquimaster.com.ar\/web\/wp-content\/uploads\/2021\/04\/proyecto_eco_resistencia41-150x150.jpg\" class=\"attachment-thumbnail size-thumbnail\" alt=\"Proyecto 1\u00ba Premio Espacio P\u00fablico y Movilidad del \u00c1rea Central de la Ciudad de Resistencia \/ Karla Montauti + Elizabeth Vergara\" aria-describedby=\"gallery-1-63884\" \/><\/a>\n\t\t\t<\/div>\n\t\t\t\t<figcaption class='wp-caption-text gallery-caption' id='gallery-1-63884'>\n\t\t\t\tProyecto 1\u00ba Premio Espacio P\u00fablico y Movilidad del \u00c1rea Central de la Ciudad de Resistencia \/ Karla Montauti + Elizabeth Vergara\n\t\t\t\t<\/figcaption><\/figure>\n\t\t<\/div>\n\n<p><strong>Propuesta Metropolitana<br \/>\n<\/strong>Macro. Proponemos reencontrarnos con los Bordes Naturales de la ciudad. Impulsamos la creaci\u00f3n de Ejes Ecol\u00f3gicos que culminan como Miradores Naturales.<\/p>\n<p>Mezzo. Proponemos cada 10 cuadras aproximadamente como grilla conectora del paisaje y parques urbanos existentes. Humaniza los recorridos inter-barriales con alamedas de velocidad intermedia y carriles exclusivos de colectivos, con islas verdes centrales mitigadores de emisi\u00f3n de C02 y ruido.<\/p>\n<p>Micro. Macromanzanas din\u00e1micas en el centro. Tomamos el caso exitoso de Barcelona con el modelo de las supermanzanas y regeometrizamos la ciudad potenciando su interior con los Micro-bosques como estrategia conjunta de movilidad, actividades, ambiente, paisaje y equipamiento.<\/p>\n<p><strong>Macromanzanas<\/strong><br \/>\n<strong>\u00abEl Espacio P\u00fablico es el que define la existencia de la ciudad\u00bb<br \/>\n<\/strong>El eje central de la propuesta est\u00e1 en la creaci\u00f3n de una Red modular de 16 Macromanzanas en 196 manzanas con circulaci\u00f3n vehicular perif\u00e9rica y calles prioridad peat\u00f3n en su interior. La propuesta descentraliza un n\u00facleo muy consolidado creando estos micro-barrios tematizados con actividades din\u00e1micas, culturales, deportivas y recreativas y sumado a la Red de Micro-bosques como dispositivos que garantizan la absorci\u00f3n y el acceso por habitante al espacio verde.<\/p>\n<p>En las texturas de piso de las calles prioridad peat\u00f3n proponemos una conexi\u00f3n cultural con los ancestros del territorio con los patrones de los telares de pueblos originarios. Cada calle tendr\u00e1 identidad propia con un patr\u00f3n especial que la diferencie. Tematizando la ciudad simb\u00f3licamente con la mitolog\u00eda ancestral.<\/p>\n<p><strong>Plan de Eco-movilidad y Bio-sendas como Eco-Transporte<\/strong><br \/>\nProponemos un cambio de paradigma. Un modelo de humanizaci\u00f3n que promueva la eco-movilidad a trav\u00e9s de la redistribuci\u00f3n del 70% del espacio p\u00fablico ocupado por motos y autos aparcados, a trav\u00e9s de la priorizaci\u00f3n de los usuarios, colocando al peat\u00f3n y las nuevas formas de eco-transporte en la cima, seguido del transporte p\u00fablico con carriles exclusivos directos y planteamos la reorganizaci\u00f3n del tr\u00e1fico vehicular por tipo, con las macromanzanas el tr\u00e1fico general no puede circular por el interior de la agrupaci\u00f3n de manzanas, solo tienen acceso veh\u00edculos vecinales, polic\u00eda, ambulancias, bomberos, repartidores y movilidad reducida.<\/p>\n<p>Evolucionamos la vieja bicisenda de 2 metros de ancho y creamos las bio-sendas de 3 metros de ancho, no solo para los ciclistas, sino tambi\u00e9n para promover las nuevas formas de eco-transporte sobre ruedas como monopatines el\u00e9ctricos, hoovers, monociclos el\u00e9ctricos, patines, patinetas, ciclo-taxis, etc.<\/p>\n<p><strong>Usos Mixtos, Plazas Multiusos con actividades din\u00e1micas<\/strong><br \/>\nProponemos la flexibilidad m\u00e1xima a trav\u00e9s de la recalificaci\u00f3n del suelo por Usos Mixtos y Ejes Comerciales-Gastron\u00f3micos. El proyecto gestiona acciones innovadoras, tecnol\u00f3gicas, ecol\u00f3gicas y creativas que auspician la activaci\u00f3n tem\u00e1tica a trav\u00e9s de recorridos inteligentes y las esquinas multiusos. Nuestra misi\u00f3n est\u00e1 en \u00abllenar de vida las calles\u00bb.<\/p>\n<p><strong>Microbosques. Red absorbente natural<\/strong><br \/>\nEl ambiente es transversal a toda la propuesta. Una ciudad para los seres vivos, humanos, animales y vegetaci\u00f3n. Re naturalizamos la ciudad a trav\u00e9s de una Red de Absorci\u00f3n Ecol\u00f3gica de 640 Microbosques, estos confieren un paisaje cultural que recupera rasgos del sistema ecol\u00f3gico chaque\u00f1o.<\/p>\n<p><strong>Ficha t\u00e9cnica<\/strong><br \/>\nNombre: Proyecto Espacio P\u00fablico y Movilidad del \u00c1rea Central de la Ciudad de Resistencia<br \/>\nUbicaci\u00f3n: Resistencia, Chaco, Argentina<br \/>\nAutoria: Arq. Karla Montauti + Arq. Elizabeth Vergara<br \/>\nAsesoria: Guillermo Tella (urbanismo y movilidad), Ana Fal\u00fa (inclusi\u00f3n), LPYDP Leandro Castillo (paisaje y sustentabilidad), Scott Francisco (ciudades forestales)<br \/>\nColaboradores: Melany Verg\u00e9s, Carlos Joel Fern\u00e1ndez,Lucas Pablo Bertoli<br \/>\nVisualizacion 3D: Zapata Films<br \/>\nConcurso: Concurso Nacional de Ideas Espacio P\u00fablico y Movilidad del \u00c1rea Central de la Ciudad de Resistencia<br \/>\nPremio: 1er. Premio por unanimidad<br \/>\nSuperficie proyectada: 400 hectareas<br \/>\nA\u00f1o concurso: 2021<\/p>\n<p><strong>Contacto<\/strong><br \/>\n<a href=\"https:\/\/www.karlamontauti.com\" target=\"_blank\" rel=\"noopener\">https:\/\/www.karlamontauti.com<\/a><\/p>\n\n<div style=\"font-size: 0px; height: 0px; line-height: 0px; margin: 0; padding: 0; clear: both;\"><\/div><div style=\"margin-top: 0px; margin-bottom: 0px;\" class=\"sharethis-inline-share-buttons\" ><\/div>","protected":false},"excerpt":{"rendered":"<p>Propone la creaci\u00f3n de una red modular de macromanzanas con eco-movilidad&#8230;<\/p>\n","protected":false},"author":1,"featured_media":63843,"comment_status":"closed","ping_status":"closed","sticky":false,"template":"","format":"standard","meta":{"_uag_custom_page_level_css":"","footnotes":""},"categories":[1,81,713],"tags":[2582,7046,399,1126,7045,2530,1128,100,2581,554,3586],"class_list":["post-63842","post","type-post","status-publish","format-standard","has-post-thumbnail","hentry","category-proyecto","category-proyectos-concursos","category-proyectos-urbanos","tag-chaco","tag-elizabeth-vergara","tag-espacio-publico","tag-espacio-urbano","tag-karla-montauti","tag-movilidad-sustentable","tag-proyecto-urbano","tag-proyectos-para-concursos","tag-resistencia","tag-sustentabilidad","tag-urbanismo-sustentable","generate-columns","tablet-grid-50","mobile-grid-100","grid-parent","grid-50"],"yoast_head":"<!-- This site is optimized with the Yoast SEO plugin v27.3 - https:\/\/yoast.com\/product\/yoast-seo-wordpress\/ -->\n<title>Proyecto 1\u00ba Premio Espacio P\u00fablico y Movilidad del \u00c1rea Central de la Ciudad de Resistencia \/ Karla Montauti + Elizabeth Vergara - Arquimaster<\/title>\n<meta name=\"description\" content=\"Creaci\u00f3n de una red modular de 16 macromanzanas con circulaci\u00f3n vehicular perif\u00e9rica y calles prioridad peat\u00f3n con eco-movilidad a trav\u00e9s de bio-sendas.\" \/>\n<meta name=\"robots\" content=\"index, follow, max-snippet:-1, max-image-preview:large, max-video-preview:-1\" \/>\n<link rel=\"canonical\" href=\"https:\/\/www.arquimaster.com.ar\/web\/proyecto-1o-premio-espacio-publico-y-movilidad-del-area-central-de-la-ciudad-de-resistencia-karla-montauti-elizabeth-vergara\/\" \/>\n<meta property=\"og:locale\" content=\"es_ES\" \/>\n<meta property=\"og:type\" content=\"article\" \/>\n<meta property=\"og:title\" content=\"Proyecto 1\u00ba Premio Espacio P\u00fablico y Movilidad del \u00c1rea Central de la Ciudad de Resistencia \/ Karla Montauti + Elizabeth Vergara\" \/>\n<meta property=\"og:description\" content=\"Creaci\u00f3n de una red modular de 16 macromanzanas con circulaci\u00f3n vehicular perif\u00e9rica y calles prioridad peat\u00f3n con eco-movilidad a trav\u00e9s de bio-sendas.\" \/>\n<meta property=\"og:url\" content=\"https:\/\/www.arquimaster.com.ar\/web\/proyecto-1o-premio-espacio-publico-y-movilidad-del-area-central-de-la-ciudad-de-resistencia-karla-montauti-elizabeth-vergara\/\" \/>\n<meta property=\"og:site_name\" content=\"Arquimaster\" \/>\n<meta property=\"article:publisher\" content=\"http:\/\/www.facebook.com\/ARQUIMASTER.com.ar\" \/>\n<meta property=\"article:published_time\" content=\"2021-04-01T19:43:07+00:00\" \/>\n<meta property=\"article:modified_time\" content=\"2021-08-26T23:05:27+00:00\" \/>\n<meta property=\"og:image\" content=\"https:\/\/www.arquimaster.com.ar\/web\/wp-content\/uploads\/2021\/04\/proyecto_eco_resistencia_slide.jpg\" \/>\n\t<meta property=\"og:image:width\" content=\"698\" \/>\n\t<meta property=\"og:image:height\" content=\"364\" \/>\n\t<meta property=\"og:image:type\" content=\"image\/jpeg\" \/>\n<meta name=\"author\" content=\"Arquimaster\" \/>\n<meta name=\"twitter:card\" content=\"summary_large_image\" \/>\n<meta name=\"twitter:title\" content=\"Proyecto 1\u00ba Premio Espacio P\u00fablico y Movilidad del \u00c1rea Central de la Ciudad de Resistencia \/ Karla Montauti + Elizabeth Vergara\" \/>\n<meta name=\"twitter:description\" content=\"Creaci\u00f3n de una red modular de 16 macromanzanas con circulaci\u00f3n vehicular perif\u00e9rica y calles prioridad peat\u00f3n con eco-movilidad a trav\u00e9s de bio-sendas.\" \/>\n<meta name=\"twitter:image\" content=\"https:\/\/www.arquimaster.com.ar\/web\/wp-content\/uploads\/2021\/04\/proyecto_eco_resistencia_slide.jpg\" \/>\n<meta name=\"twitter:creator\" content=\"@arquimaster\" \/>\n<meta name=\"twitter:site\" content=\"@arquimaster\" \/>\n<meta name=\"twitter:label1\" content=\"Escrito por\" \/>\n\t<meta name=\"twitter:data1\" content=\"Arquimaster\" \/>\n\t<meta name=\"twitter:label2\" content=\"Tiempo de lectura\" \/>\n\t<meta name=\"twitter:data2\" content=\"4 minutos\" \/>\n<script type=\"application\/ld+json\" class=\"yoast-schema-graph\">{\"@context\":\"https:\\\/\\\/schema.org\",\"@graph\":[{\"@type\":\"Article\",\"@id\":\"https:\\\/\\\/www.arquimaster.com.ar\\\/web\\\/proyecto-1o-premio-espacio-publico-y-movilidad-del-area-central-de-la-ciudad-de-resistencia-karla-montauti-elizabeth-vergara\\\/#article\",\"isPartOf\":{\"@id\":\"https:\\\/\\\/www.arquimaster.com.ar\\\/web\\\/proyecto-1o-premio-espacio-publico-y-movilidad-del-area-central-de-la-ciudad-de-resistencia-karla-montauti-elizabeth-vergara\\\/\"},\"author\":{\"name\":\"Arquimaster\",\"@id\":\"https:\\\/\\\/www.arquimaster.com.ar\\\/web\\\/#\\\/schema\\\/person\\\/359e9f7c00193fcde068e0dd2ceb0028\"},\"headline\":\"Proyecto 1\u00ba Premio Espacio P\u00fablico y Movilidad del \u00c1rea Central de la Ciudad de Resistencia \\\/ Karla Montauti + Elizabeth Vergara\",\"datePublished\":\"2021-04-01T19:43:07+00:00\",\"dateModified\":\"2021-08-26T23:05:27+00:00\",\"mainEntityOfPage\":{\"@id\":\"https:\\\/\\\/www.arquimaster.com.ar\\\/web\\\/proyecto-1o-premio-espacio-publico-y-movilidad-del-area-central-de-la-ciudad-de-resistencia-karla-montauti-elizabeth-vergara\\\/\"},\"wordCount\":791,\"publisher\":{\"@id\":\"https:\\\/\\\/www.arquimaster.com.ar\\\/web\\\/#organization\"},\"image\":{\"@id\":\"https:\\\/\\\/www.arquimaster.com.ar\\\/web\\\/proyecto-1o-premio-espacio-publico-y-movilidad-del-area-central-de-la-ciudad-de-resistencia-karla-montauti-elizabeth-vergara\\\/#primaryimage\"},\"thumbnailUrl\":\"https:\\\/\\\/www.arquimaster.com.ar\\\/web\\\/wp-content\\\/uploads\\\/2021\\\/04\\\/proyecto_eco_resistencia_slide.jpg\",\"keywords\":[\"Chaco\",\"Elizabeth Vergara\",\"espacio p\u00fablico\",\"espacio urbano\",\"Karla Montauti\",\"movilidad sustentable\",\"proyecto urbano\",\"proyectos para concursos\",\"Resistencia\",\"sustentabilidad\",\"urbanismo sustentable\"],\"articleSection\":[\"Proyecto\",\"Proyectos para Concursos\",\"Proyectos urbanos\"],\"inLanguage\":\"es\"},{\"@type\":\"WebPage\",\"@id\":\"https:\\\/\\\/www.arquimaster.com.ar\\\/web\\\/proyecto-1o-premio-espacio-publico-y-movilidad-del-area-central-de-la-ciudad-de-resistencia-karla-montauti-elizabeth-vergara\\\/\",\"url\":\"https:\\\/\\\/www.arquimaster.com.ar\\\/web\\\/proyecto-1o-premio-espacio-publico-y-movilidad-del-area-central-de-la-ciudad-de-resistencia-karla-montauti-elizabeth-vergara\\\/\",\"name\":\"Proyecto 1\u00ba Premio Espacio P\u00fablico y Movilidad del \u00c1rea Central de la Ciudad de Resistencia \\\/ Karla Montauti + Elizabeth Vergara - Arquimaster\",\"isPartOf\":{\"@id\":\"https:\\\/\\\/www.arquimaster.com.ar\\\/web\\\/#website\"},\"primaryImageOfPage\":{\"@id\":\"https:\\\/\\\/www.arquimaster.com.ar\\\/web\\\/proyecto-1o-premio-espacio-publico-y-movilidad-del-area-central-de-la-ciudad-de-resistencia-karla-montauti-elizabeth-vergara\\\/#primaryimage\"},\"image\":{\"@id\":\"https:\\\/\\\/www.arquimaster.com.ar\\\/web\\\/proyecto-1o-premio-espacio-publico-y-movilidad-del-area-central-de-la-ciudad-de-resistencia-karla-montauti-elizabeth-vergara\\\/#primaryimage\"},\"thumbnailUrl\":\"https:\\\/\\\/www.arquimaster.com.ar\\\/web\\\/wp-content\\\/uploads\\\/2021\\\/04\\\/proyecto_eco_resistencia_slide.jpg\",\"datePublished\":\"2021-04-01T19:43:07+00:00\",\"dateModified\":\"2021-08-26T23:05:27+00:00\",\"description\":\"Creaci\u00f3n de una red modular de 16 macromanzanas con circulaci\u00f3n vehicular perif\u00e9rica y calles prioridad peat\u00f3n con eco-movilidad a trav\u00e9s de bio-sendas.\",\"breadcrumb\":{\"@id\":\"https:\\\/\\\/www.arquimaster.com.ar\\\/web\\\/proyecto-1o-premio-espacio-publico-y-movilidad-del-area-central-de-la-ciudad-de-resistencia-karla-montauti-elizabeth-vergara\\\/#breadcrumb\"},\"inLanguage\":\"es\",\"potentialAction\":[{\"@type\":\"ReadAction\",\"target\":[\"https:\\\/\\\/www.arquimaster.com.ar\\\/web\\\/proyecto-1o-premio-espacio-publico-y-movilidad-del-area-central-de-la-ciudad-de-resistencia-karla-montauti-elizabeth-vergara\\\/\"]}]},{\"@type\":\"ImageObject\",\"inLanguage\":\"es\",\"@id\":\"https:\\\/\\\/www.arquimaster.com.ar\\\/web\\\/proyecto-1o-premio-espacio-publico-y-movilidad-del-area-central-de-la-ciudad-de-resistencia-karla-montauti-elizabeth-vergara\\\/#primaryimage\",\"url\":\"https:\\\/\\\/www.arquimaster.com.ar\\\/web\\\/wp-content\\\/uploads\\\/2021\\\/04\\\/proyecto_eco_resistencia_slide.jpg\",\"contentUrl\":\"https:\\\/\\\/www.arquimaster.com.ar\\\/web\\\/wp-content\\\/uploads\\\/2021\\\/04\\\/proyecto_eco_resistencia_slide.jpg\",\"width\":698,\"height\":364,\"caption\":\"Proyecto 1\u00ba Premio Espacio P\u00fablico y Movilidad del \u00c1rea Central de la Ciudad de Resistencia \\\/ Karla Montauti + Elizabeth Vergara\"},{\"@type\":\"BreadcrumbList\",\"@id\":\"https:\\\/\\\/www.arquimaster.com.ar\\\/web\\\/proyecto-1o-premio-espacio-publico-y-movilidad-del-area-central-de-la-ciudad-de-resistencia-karla-montauti-elizabeth-vergara\\\/#breadcrumb\",\"itemListElement\":[{\"@type\":\"ListItem\",\"position\":1,\"name\":\"Portada\",\"item\":\"https:\\\/\\\/www.arquimaster.com.ar\\\/web\\\/\"},{\"@type\":\"ListItem\",\"position\":2,\"name\":\"Proyecto 1\u00ba Premio Espacio P\u00fablico y Movilidad del \u00c1rea Central de la Ciudad de Resistencia \\\/ Karla Montauti + Elizabeth Vergara\"}]},{\"@type\":\"WebSite\",\"@id\":\"https:\\\/\\\/www.arquimaster.com.ar\\\/web\\\/#website\",\"url\":\"https:\\\/\\\/www.arquimaster.com.ar\\\/web\\\/\",\"name\":\"Arquimaster\",\"description\":\"Web de arquitectura, dise\u00f1o y construccion\",\"publisher\":{\"@id\":\"https:\\\/\\\/www.arquimaster.com.ar\\\/web\\\/#organization\"},\"potentialAction\":[{\"@type\":\"SearchAction\",\"target\":{\"@type\":\"EntryPoint\",\"urlTemplate\":\"https:\\\/\\\/www.arquimaster.com.ar\\\/web\\\/?s={search_term_string}\"},\"query-input\":{\"@type\":\"PropertyValueSpecification\",\"valueRequired\":true,\"valueName\":\"search_term_string\"}}],\"inLanguage\":\"es\"},{\"@type\":\"Organization\",\"@id\":\"https:\\\/\\\/www.arquimaster.com.ar\\\/web\\\/#organization\",\"name\":\"Arquimaster\",\"url\":\"https:\\\/\\\/www.arquimaster.com.ar\\\/web\\\/\",\"logo\":{\"@type\":\"ImageObject\",\"inLanguage\":\"es\",\"@id\":\"https:\\\/\\\/www.arquimaster.com.ar\\\/web\\\/#\\\/schema\\\/logo\\\/image\\\/\",\"url\":\"https:\\\/\\\/www.arquimaster.com.ar\\\/web\\\/wp-content\\\/uploads\\\/2022\\\/06\\\/arquimaster.png\",\"contentUrl\":\"https:\\\/\\\/www.arquimaster.com.ar\\\/web\\\/wp-content\\\/uploads\\\/2022\\\/06\\\/arquimaster.png\",\"width\":594,\"height\":78,\"caption\":\"Arquimaster\"},\"image\":{\"@id\":\"https:\\\/\\\/www.arquimaster.com.ar\\\/web\\\/#\\\/schema\\\/logo\\\/image\\\/\"},\"sameAs\":[\"http:\\\/\\\/www.facebook.com\\\/ARQUIMASTER.com.ar\",\"https:\\\/\\\/x.com\\\/arquimaster\",\"https:\\\/\\\/www.instagram.com\\\/arquimasterblog\\\/\",\"https:\\\/\\\/www.linkedin.com\\\/company\\\/arquimaster\",\"https:\\\/\\\/www.pinterest.com\\\/arquimaster\",\"https:\\\/\\\/t.me\\\/arquimaster\"]},{\"@type\":\"Person\",\"@id\":\"https:\\\/\\\/www.arquimaster.com.ar\\\/web\\\/#\\\/schema\\\/person\\\/359e9f7c00193fcde068e0dd2ceb0028\",\"name\":\"Arquimaster\"}]}<\/script>\n<!-- \/ Yoast SEO plugin. -->","yoast_head_json":{"title":"Proyecto 1\u00ba Premio Espacio P\u00fablico y Movilidad del \u00c1rea Central de la Ciudad de Resistencia \/ Karla Montauti + Elizabeth Vergara - Arquimaster","description":"Creaci\u00f3n de una red modular de 16 macromanzanas con circulaci\u00f3n vehicular perif\u00e9rica y calles prioridad peat\u00f3n con eco-movilidad a trav\u00e9s de bio-sendas.","robots":{"index":"index","follow":"follow","max-snippet":"max-snippet:-1","max-image-preview":"max-image-preview:large","max-video-preview":"max-video-preview:-1"},"canonical":"https:\/\/www.arquimaster.com.ar\/web\/proyecto-1o-premio-espacio-publico-y-movilidad-del-area-central-de-la-ciudad-de-resistencia-karla-montauti-elizabeth-vergara\/","og_locale":"es_ES","og_type":"article","og_title":"Proyecto 1\u00ba Premio Espacio P\u00fablico y Movilidad del \u00c1rea Central de la Ciudad de Resistencia \/ Karla Montauti + Elizabeth Vergara","og_description":"Creaci\u00f3n de una red modular de 16 macromanzanas con circulaci\u00f3n vehicular perif\u00e9rica y calles prioridad peat\u00f3n con eco-movilidad a trav\u00e9s de bio-sendas.","og_url":"https:\/\/www.arquimaster.com.ar\/web\/proyecto-1o-premio-espacio-publico-y-movilidad-del-area-central-de-la-ciudad-de-resistencia-karla-montauti-elizabeth-vergara\/","og_site_name":"Arquimaster","article_publisher":"http:\/\/www.facebook.com\/ARQUIMASTER.com.ar","article_published_time":"2021-04-01T19:43:07+00:00","article_modified_time":"2021-08-26T23:05:27+00:00","og_image":[{"width":698,"height":364,"url":"https:\/\/www.arquimaster.com.ar\/web\/wp-content\/uploads\/2021\/04\/proyecto_eco_resistencia_slide.jpg","type":"image\/jpeg"}],"author":"Arquimaster","twitter_card":"summary_large_image","twitter_title":"Proyecto 1\u00ba Premio Espacio P\u00fablico y Movilidad del \u00c1rea Central de la Ciudad de Resistencia \/ Karla Montauti + Elizabeth Vergara","twitter_description":"Creaci\u00f3n de una red modular de 16 macromanzanas con circulaci\u00f3n vehicular perif\u00e9rica y calles prioridad peat\u00f3n con eco-movilidad a trav\u00e9s de bio-sendas.","twitter_image":"https:\/\/www.arquimaster.com.ar\/web\/wp-content\/uploads\/2021\/04\/proyecto_eco_resistencia_slide.jpg","twitter_creator":"@arquimaster","twitter_site":"@arquimaster","twitter_misc":{"Escrito por":"Arquimaster","Tiempo de lectura":"4 minutos"},"schema":{"@context":"https:\/\/schema.org","@graph":[{"@type":"Article","@id":"https:\/\/www.arquimaster.com.ar\/web\/proyecto-1o-premio-espacio-publico-y-movilidad-del-area-central-de-la-ciudad-de-resistencia-karla-montauti-elizabeth-vergara\/#article","isPartOf":{"@id":"https:\/\/www.arquimaster.com.ar\/web\/proyecto-1o-premio-espacio-publico-y-movilidad-del-area-central-de-la-ciudad-de-resistencia-karla-montauti-elizabeth-vergara\/"},"author":{"name":"Arquimaster","@id":"https:\/\/www.arquimaster.com.ar\/web\/#\/schema\/person\/359e9f7c00193fcde068e0dd2ceb0028"},"headline":"Proyecto 1\u00ba Premio Espacio P\u00fablico y Movilidad del \u00c1rea Central de la Ciudad de Resistencia \/ Karla Montauti + Elizabeth Vergara","datePublished":"2021-04-01T19:43:07+00:00","dateModified":"2021-08-26T23:05:27+00:00","mainEntityOfPage":{"@id":"https:\/\/www.arquimaster.com.ar\/web\/proyecto-1o-premio-espacio-publico-y-movilidad-del-area-central-de-la-ciudad-de-resistencia-karla-montauti-elizabeth-vergara\/"},"wordCount":791,"publisher":{"@id":"https:\/\/www.arquimaster.com.ar\/web\/#organization"},"image":{"@id":"https:\/\/www.arquimaster.com.ar\/web\/proyecto-1o-premio-espacio-publico-y-movilidad-del-area-central-de-la-ciudad-de-resistencia-karla-montauti-elizabeth-vergara\/#primaryimage"},"thumbnailUrl":"https:\/\/www.arquimaster.com.ar\/web\/wp-content\/uploads\/2021\/04\/proyecto_eco_resistencia_slide.jpg","keywords":["Chaco","Elizabeth Vergara","espacio p\u00fablico","espacio urbano","Karla Montauti","movilidad sustentable","proyecto urbano","proyectos para concursos","Resistencia","sustentabilidad","urbanismo sustentable"],"articleSection":["Proyecto","Proyectos para Concursos","Proyectos urbanos"],"inLanguage":"es"},{"@type":"WebPage","@id":"https:\/\/www.arquimaster.com.ar\/web\/proyecto-1o-premio-espacio-publico-y-movilidad-del-area-central-de-la-ciudad-de-resistencia-karla-montauti-elizabeth-vergara\/","url":"https:\/\/www.arquimaster.com.ar\/web\/proyecto-1o-premio-espacio-publico-y-movilidad-del-area-central-de-la-ciudad-de-resistencia-karla-montauti-elizabeth-vergara\/","name":"Proyecto 1\u00ba Premio Espacio P\u00fablico y Movilidad del \u00c1rea Central de la Ciudad de Resistencia \/ Karla Montauti + Elizabeth Vergara - Arquimaster","isPartOf":{"@id":"https:\/\/www.arquimaster.com.ar\/web\/#website"},"primaryImageOfPage":{"@id":"https:\/\/www.arquimaster.com.ar\/web\/proyecto-1o-premio-espacio-publico-y-movilidad-del-area-central-de-la-ciudad-de-resistencia-karla-montauti-elizabeth-vergara\/#primaryimage"},"image":{"@id":"https:\/\/www.arquimaster.com.ar\/web\/proyecto-1o-premio-espacio-publico-y-movilidad-del-area-central-de-la-ciudad-de-resistencia-karla-montauti-elizabeth-vergara\/#primaryimage"},"thumbnailUrl":"https:\/\/www.arquimaster.com.ar\/web\/wp-content\/uploads\/2021\/04\/proyecto_eco_resistencia_slide.jpg","datePublished":"2021-04-01T19:43:07+00:00","dateModified":"2021-08-26T23:05:27+00:00","description":"Creaci\u00f3n de una red modular de 16 macromanzanas con circulaci\u00f3n vehicular perif\u00e9rica y calles prioridad peat\u00f3n con eco-movilidad a trav\u00e9s de bio-sendas.","breadcrumb":{"@id":"https:\/\/www.arquimaster.com.ar\/web\/proyecto-1o-premio-espacio-publico-y-movilidad-del-area-central-de-la-ciudad-de-resistencia-karla-montauti-elizabeth-vergara\/#breadcrumb"},"inLanguage":"es","potentialAction":[{"@type":"ReadAction","target":["https:\/\/www.arquimaster.com.ar\/web\/proyecto-1o-premio-espacio-publico-y-movilidad-del-area-central-de-la-ciudad-de-resistencia-karla-montauti-elizabeth-vergara\/"]}]},{"@type":"ImageObject","inLanguage":"es","@id":"https:\/\/www.arquimaster.com.ar\/web\/proyecto-1o-premio-espacio-publico-y-movilidad-del-area-central-de-la-ciudad-de-resistencia-karla-montauti-elizabeth-vergara\/#primaryimage","url":"https:\/\/www.arquimaster.com.ar\/web\/wp-content\/uploads\/2021\/04\/proyecto_eco_resistencia_slide.jpg","contentUrl":"https:\/\/www.arquimaster.com.ar\/web\/wp-content\/uploads\/2021\/04\/proyecto_eco_resistencia_slide.jpg","width":698,"height":364,"caption":"Proyecto 1\u00ba Premio Espacio P\u00fablico y Movilidad del \u00c1rea Central de la Ciudad de Resistencia \/ Karla Montauti + Elizabeth Vergara"},{"@type":"BreadcrumbList","@id":"https:\/\/www.arquimaster.com.ar\/web\/proyecto-1o-premio-espacio-publico-y-movilidad-del-area-central-de-la-ciudad-de-resistencia-karla-montauti-elizabeth-vergara\/#breadcrumb","itemListElement":[{"@type":"ListItem","position":1,"name":"Portada","item":"https:\/\/www.arquimaster.com.ar\/web\/"},{"@type":"ListItem","position":2,"name":"Proyecto 1\u00ba Premio Espacio P\u00fablico y Movilidad del \u00c1rea Central de la Ciudad de Resistencia \/ Karla Montauti + Elizabeth Vergara"}]},{"@type":"WebSite","@id":"https:\/\/www.arquimaster.com.ar\/web\/#website","url":"https:\/\/www.arquimaster.com.ar\/web\/","name":"Arquimaster","description":"Web de arquitectura, dise\u00f1o y construccion","publisher":{"@id":"https:\/\/www.arquimaster.com.ar\/web\/#organization"},"potentialAction":[{"@type":"SearchAction","target":{"@type":"EntryPoint","urlTemplate":"https:\/\/www.arquimaster.com.ar\/web\/?s={search_term_string}"},"query-input":{"@type":"PropertyValueSpecification","valueRequired":true,"valueName":"search_term_string"}}],"inLanguage":"es"},{"@type":"Organization","@id":"https:\/\/www.arquimaster.com.ar\/web\/#organization","name":"Arquimaster","url":"https:\/\/www.arquimaster.com.ar\/web\/","logo":{"@type":"ImageObject","inLanguage":"es","@id":"https:\/\/www.arquimaster.com.ar\/web\/#\/schema\/logo\/image\/","url":"https:\/\/www.arquimaster.com.ar\/web\/wp-content\/uploads\/2022\/06\/arquimaster.png","contentUrl":"https:\/\/www.arquimaster.com.ar\/web\/wp-content\/uploads\/2022\/06\/arquimaster.png","width":594,"height":78,"caption":"Arquimaster"},"image":{"@id":"https:\/\/www.arquimaster.com.ar\/web\/#\/schema\/logo\/image\/"},"sameAs":["http:\/\/www.facebook.com\/ARQUIMASTER.com.ar","https:\/\/x.com\/arquimaster","https:\/\/www.instagram.com\/arquimasterblog\/","https:\/\/www.linkedin.com\/company\/arquimaster","https:\/\/www.pinterest.com\/arquimaster","https:\/\/t.me\/arquimaster"]},{"@type":"Person","@id":"https:\/\/www.arquimaster.com.ar\/web\/#\/schema\/person\/359e9f7c00193fcde068e0dd2ceb0028","name":"Arquimaster"}]}},"uagb_featured_image_src":{"full":["https:\/\/www.arquimaster.com.ar\/web\/wp-content\/uploads\/2021\/04\/proyecto_eco_resistencia_slide.jpg",698,364,false],"thumbnail":["https:\/\/www.arquimaster.com.ar\/web\/wp-content\/uploads\/2021\/04\/proyecto_eco_resistencia_slide-150x150.jpg",150,150,true],"medium":["https:\/\/www.arquimaster.com.ar\/web\/wp-content\/uploads\/2021\/04\/proyecto_eco_resistencia_slide.jpg",698,364,false],"medium_large":["https:\/\/www.arquimaster.com.ar\/web\/wp-content\/uploads\/2021\/04\/proyecto_eco_resistencia_slide.jpg",698,364,false],"large":["https:\/\/www.arquimaster.com.ar\/web\/wp-content\/uploads\/2021\/04\/proyecto_eco_resistencia_slide.jpg",698,364,false],"1536x1536":["https:\/\/www.arquimaster.com.ar\/web\/wp-content\/uploads\/2021\/04\/proyecto_eco_resistencia_slide.jpg",698,364,false],"2048x2048":["https:\/\/www.arquimaster.com.ar\/web\/wp-content\/uploads\/2021\/04\/proyecto_eco_resistencia_slide.jpg",698,364,false]},"uagb_author_info":{"display_name":"Arquimaster","author_link":"https:\/\/www.arquimaster.com.ar\/web\/author\/arquimaster\/"},"uagb_comment_info":0,"uagb_excerpt":"Propone la creaci\u00f3n de una red modular de macromanzanas con eco-movilidad...","_links":{"self":[{"href":"https:\/\/www.arquimaster.com.ar\/web\/wp-json\/wp\/v2\/posts\/63842","targetHints":{"allow":["GET"]}}],"collection":[{"href":"https:\/\/www.arquimaster.com.ar\/web\/wp-json\/wp\/v2\/posts"}],"about":[{"href":"https:\/\/www.arquimaster.com.ar\/web\/wp-json\/wp\/v2\/types\/post"}],"author":[{"embeddable":true,"href":"https:\/\/www.arquimaster.com.ar\/web\/wp-json\/wp\/v2\/users\/1"}],"replies":[{"embeddable":true,"href":"https:\/\/www.arquimaster.com.ar\/web\/wp-json\/wp\/v2\/comments?post=63842"}],"version-history":[{"count":1,"href":"https:\/\/www.arquimaster.com.ar\/web\/wp-json\/wp\/v2\/posts\/63842\/revisions"}],"predecessor-version":[{"id":63885,"href":"https:\/\/www.arquimaster.com.ar\/web\/wp-json\/wp\/v2\/posts\/63842\/revisions\/63885"}],"wp:featuredmedia":[{"embeddable":true,"href":"https:\/\/www.arquimaster.com.ar\/web\/wp-json\/wp\/v2\/media\/63843"}],"wp:attachment":[{"href":"https:\/\/www.arquimaster.com.ar\/web\/wp-json\/wp\/v2\/media?parent=63842"}],"wp:term":[{"taxonomy":"category","embeddable":true,"href":"https:\/\/www.arquimaster.com.ar\/web\/wp-json\/wp\/v2\/categories?post=63842"},{"taxonomy":"post_tag","embeddable":true,"href":"https:\/\/www.arquimaster.com.ar\/web\/wp-json\/wp\/v2\/tags?post=63842"}],"curies":[{"name":"wp","href":"https:\/\/api.w.org\/{rel}","templated":true}]}}