{"id":64131,"date":"2021-04-15T19:55:26","date_gmt":"2021-04-15T22:55:26","guid":{"rendered":"https:\/\/www.arquimaster.com.ar\/web\/?p=64131"},"modified":"2021-09-28T15:25:22","modified_gmt":"2021-09-28T18:25:22","slug":"colegio-oficial-de-gestores-administrativos-de-valencia-destudio-arquitectura","status":"publish","type":"post","link":"https:\/\/www.arquimaster.com.ar\/web\/colegio-oficial-de-gestores-administrativos-de-valencia-destudio-arquitectura\/","title":{"rendered":"Colegio Oficial de Gestores Administrativos de Valencia \/ Destudio Arquitectura"},"content":{"rendered":"<div style=\"margin-top: 0px; margin-bottom: 0px;\" class=\"sharethis-inline-share-buttons\" ><\/div><div class=\"b812932af2e751442846f039925109de\" data-index=\"1\" style=\"float: none; margin:25px 0 25px 0; text-align:center;\">\n<script async src=\"https:\/\/pagead2.googlesyndication.com\/pagead\/js\/adsbygoogle.js\"><\/script>\r\n<!-- Arquimaster (superior) -->\r\n<ins class=\"adsbygoogle\"\r\n     style=\"display:block\"\r\n     data-ad-client=\"ca-pub-6351072698456832\"\r\n     data-ad-slot=\"6455489680\"\r\n     data-ad-format=\"auto\"\r\n     data-full-width-responsive=\"true\"><\/ins>\r\n<script>\r\n     (adsbygoogle = window.adsbygoogle || []).push({});\r\n<\/script>\n<\/div>\n<p><strong>Colegio Oficial de Gestores Administrativos de Valencia<\/strong> (Valencia, Espa\u00f1a) por <strong>Destudio Arquitectura<\/strong>. Nuestro trabajo para el Colegio de Gestores Administrativos de Valencia parte de ofrecer un nuevo concepto de oficina para su sede de servicios centralizados de tr\u00e1fico. El local del que part\u00edamos hab\u00eda sido reformado hace m\u00e1s de 20 a\u00f1os, con lo cual este proyecto ha supuesto un reto de innovaci\u00f3n con la intenci\u00f3n de mejorar su espacio de trabajo y dise\u00f1ar unas oficinas acogedoras y adaptadas a las necesidades de hoy en d\u00eda.<\/p>\n<div id='gallery-1' class='gallery galleryid-64131 gallery-columns-3 gallery-size-thumbnail'><figure class='gallery-item'>\n\t\t\t<div class='gallery-icon landscape'>\n\t\t\t\t<a href='https:\/\/www.arquimaster.com.ar\/web\/wp-content\/uploads\/2021\/04\/colegio_gestores1.jpg' title=\"Colegio Oficial de Gestores Administrativos de Valencia \/ Destudio Arquitectura (\u00a9 Germ\u00e1n Cabo)\" data-rl_title=\"Colegio Oficial de Gestores Administrativos de Valencia \/ Destudio Arquitectura (\u00a9 Germ\u00e1n Cabo)\" class=\"rl-gallery-link\" data-rl_caption=\"Colegio Oficial de Gestores Administrativos de Valencia \/ Destudio Arquitectura (\u00a9 Germ\u00e1n Cabo)\" data-rel=\"lightbox-gallery-1\"><img loading=\"lazy\" decoding=\"async\" width=\"150\" height=\"150\" src=\"https:\/\/www.arquimaster.com.ar\/web\/wp-content\/uploads\/2021\/04\/colegio_gestores1-150x150.jpg\" class=\"attachment-thumbnail size-thumbnail\" alt=\"Colegio Oficial de Gestores Administrativos de Valencia \/ Destudio Arquitectura\" aria-describedby=\"gallery-1-64133\" \/><\/a>\n\t\t\t<\/div>\n\t\t\t\t<figcaption class='wp-caption-text gallery-caption' id='gallery-1-64133'>\n\t\t\t\tColegio Oficial de Gestores Administrativos de Valencia \/ Destudio Arquitectura (\u00a9 Germ\u00e1n Cabo)\n\t\t\t\t<\/figcaption><\/figure><figure class='gallery-item'>\n\t\t\t<div class='gallery-icon portrait'>\n\t\t\t\t<a href='https:\/\/www.arquimaster.com.ar\/web\/wp-content\/uploads\/2021\/04\/colegio_gestores2.jpg' title=\"Colegio Oficial de Gestores Administrativos de Valencia \/ Destudio Arquitectura (\u00a9 Germ\u00e1n Cabo)\" data-rl_title=\"Colegio Oficial de Gestores Administrativos de Valencia \/ Destudio Arquitectura (\u00a9 Germ\u00e1n Cabo)\" class=\"rl-gallery-link\" data-rl_caption=\"Colegio Oficial de Gestores Administrativos de Valencia \/ Destudio Arquitectura (\u00a9 Germ\u00e1n Cabo)\" data-rel=\"lightbox-gallery-1\"><img loading=\"lazy\" decoding=\"async\" width=\"150\" height=\"150\" src=\"https:\/\/www.arquimaster.com.ar\/web\/wp-content\/uploads\/2021\/04\/colegio_gestores2-150x150.jpg\" class=\"attachment-thumbnail size-thumbnail\" alt=\"Colegio Oficial de Gestores Administrativos de Valencia \/ Destudio Arquitectura\" aria-describedby=\"gallery-1-64134\" \/><\/a>\n\t\t\t<\/div>\n\t\t\t\t<figcaption class='wp-caption-text gallery-caption' id='gallery-1-64134'>\n\t\t\t\tColegio Oficial de Gestores Administrativos de Valencia \/ Destudio Arquitectura (\u00a9 Germ\u00e1n Cabo)\n\t\t\t\t<\/figcaption><\/figure><figure class='gallery-item'>\n\t\t\t<div class='gallery-icon portrait'>\n\t\t\t\t<a href='https:\/\/www.arquimaster.com.ar\/web\/wp-content\/uploads\/2021\/04\/colegio_gestores3.jpg' title=\"Colegio Oficial de Gestores Administrativos de Valencia \/ Destudio Arquitectura (\u00a9 Germ\u00e1n Cabo)\" data-rl_title=\"Colegio Oficial de Gestores Administrativos de Valencia \/ Destudio Arquitectura (\u00a9 Germ\u00e1n Cabo)\" class=\"rl-gallery-link\" data-rl_caption=\"Colegio Oficial de Gestores Administrativos de Valencia \/ Destudio Arquitectura (\u00a9 Germ\u00e1n Cabo)\" data-rel=\"lightbox-gallery-1\"><img loading=\"lazy\" decoding=\"async\" width=\"150\" height=\"150\" src=\"https:\/\/www.arquimaster.com.ar\/web\/wp-content\/uploads\/2021\/04\/colegio_gestores3-150x150.jpg\" class=\"attachment-thumbnail size-thumbnail\" alt=\"Colegio Oficial de Gestores Administrativos de Valencia \/ Destudio Arquitectura\" aria-describedby=\"gallery-1-64135\" \/><\/a>\n\t\t\t<\/div>\n\t\t\t\t<figcaption class='wp-caption-text gallery-caption' id='gallery-1-64135'>\n\t\t\t\tColegio Oficial de Gestores Administrativos de Valencia \/ Destudio Arquitectura (\u00a9 Germ\u00e1n Cabo)\n\t\t\t\t<\/figcaption><\/figure><figure class='gallery-item'>\n\t\t\t<div class='gallery-icon landscape'>\n\t\t\t\t<a href='https:\/\/www.arquimaster.com.ar\/web\/wp-content\/uploads\/2021\/04\/colegio_gestores4.jpg' title=\"Colegio Oficial de Gestores Administrativos de Valencia \/ Destudio Arquitectura (\u00a9 Germ\u00e1n Cabo)\" data-rl_title=\"Colegio Oficial de Gestores Administrativos de Valencia \/ Destudio Arquitectura (\u00a9 Germ\u00e1n Cabo)\" class=\"rl-gallery-link\" data-rl_caption=\"Colegio Oficial de Gestores Administrativos de Valencia \/ Destudio Arquitectura (\u00a9 Germ\u00e1n Cabo)\" data-rel=\"lightbox-gallery-1\"><img loading=\"lazy\" decoding=\"async\" width=\"150\" height=\"150\" src=\"https:\/\/www.arquimaster.com.ar\/web\/wp-content\/uploads\/2021\/04\/colegio_gestores4-150x150.jpg\" class=\"attachment-thumbnail size-thumbnail\" alt=\"Colegio Oficial de Gestores Administrativos de Valencia \/ Destudio Arquitectura\" aria-describedby=\"gallery-1-64136\" \/><\/a>\n\t\t\t<\/div>\n\t\t\t\t<figcaption class='wp-caption-text gallery-caption' id='gallery-1-64136'>\n\t\t\t\tColegio Oficial de Gestores Administrativos de Valencia \/ Destudio Arquitectura (\u00a9 Germ\u00e1n Cabo)\n\t\t\t\t<\/figcaption><\/figure><figure class='gallery-item'>\n\t\t\t<div class='gallery-icon landscape'>\n\t\t\t\t<a href='https:\/\/www.arquimaster.com.ar\/web\/wp-content\/uploads\/2021\/04\/colegio_gestores5.jpg' title=\"Colegio Oficial de Gestores Administrativos de Valencia \/ Destudio Arquitectura (\u00a9 Germ\u00e1n Cabo)\" data-rl_title=\"Colegio Oficial de Gestores Administrativos de Valencia \/ Destudio Arquitectura (\u00a9 Germ\u00e1n Cabo)\" class=\"rl-gallery-link\" data-rl_caption=\"Colegio Oficial de Gestores Administrativos de Valencia \/ Destudio Arquitectura (\u00a9 Germ\u00e1n Cabo)\" data-rel=\"lightbox-gallery-1\"><img loading=\"lazy\" decoding=\"async\" width=\"150\" height=\"150\" src=\"https:\/\/www.arquimaster.com.ar\/web\/wp-content\/uploads\/2021\/04\/colegio_gestores5-150x150.jpg\" class=\"attachment-thumbnail size-thumbnail\" alt=\"Colegio Oficial de Gestores Administrativos de Valencia \/ Destudio Arquitectura\" aria-describedby=\"gallery-1-64137\" \/><\/a>\n\t\t\t<\/div>\n\t\t\t\t<figcaption class='wp-caption-text gallery-caption' id='gallery-1-64137'>\n\t\t\t\tColegio Oficial de Gestores Administrativos de Valencia \/ Destudio Arquitectura (\u00a9 Germ\u00e1n Cabo)\n\t\t\t\t<\/figcaption><\/figure><figure class='gallery-item'>\n\t\t\t<div class='gallery-icon landscape'>\n\t\t\t\t<a href='https:\/\/www.arquimaster.com.ar\/web\/wp-content\/uploads\/2021\/04\/colegio_gestores6.jpg' title=\"Colegio Oficial de Gestores Administrativos de Valencia \/ Destudio Arquitectura (\u00a9 Germ\u00e1n Cabo)\" data-rl_title=\"Colegio Oficial de Gestores Administrativos de Valencia \/ Destudio Arquitectura (\u00a9 Germ\u00e1n Cabo)\" class=\"rl-gallery-link\" data-rl_caption=\"Colegio Oficial de Gestores Administrativos de Valencia \/ Destudio Arquitectura (\u00a9 Germ\u00e1n Cabo)\" data-rel=\"lightbox-gallery-1\"><img loading=\"lazy\" decoding=\"async\" width=\"150\" height=\"150\" src=\"https:\/\/www.arquimaster.com.ar\/web\/wp-content\/uploads\/2021\/04\/colegio_gestores6-150x150.jpg\" class=\"attachment-thumbnail size-thumbnail\" alt=\"Colegio Oficial de Gestores Administrativos de Valencia \/ Destudio Arquitectura\" aria-describedby=\"gallery-1-64138\" \/><\/a>\n\t\t\t<\/div>\n\t\t\t\t<figcaption class='wp-caption-text gallery-caption' id='gallery-1-64138'>\n\t\t\t\tColegio Oficial de Gestores Administrativos de Valencia \/ Destudio Arquitectura (\u00a9 Germ\u00e1n Cabo)\n\t\t\t\t<\/figcaption><\/figure><figure class='gallery-item'>\n\t\t\t<div class='gallery-icon landscape'>\n\t\t\t\t<a href='https:\/\/www.arquimaster.com.ar\/web\/wp-content\/uploads\/2021\/04\/colegio_gestores7.jpg' title=\"Colegio Oficial de Gestores Administrativos de Valencia \/ Destudio Arquitectura (\u00a9 Germ\u00e1n Cabo)\" data-rl_title=\"Colegio Oficial de Gestores Administrativos de Valencia \/ Destudio Arquitectura (\u00a9 Germ\u00e1n Cabo)\" class=\"rl-gallery-link\" data-rl_caption=\"Colegio Oficial de Gestores Administrativos de Valencia \/ Destudio Arquitectura (\u00a9 Germ\u00e1n Cabo)\" data-rel=\"lightbox-gallery-1\"><img loading=\"lazy\" decoding=\"async\" width=\"150\" height=\"150\" src=\"https:\/\/www.arquimaster.com.ar\/web\/wp-content\/uploads\/2021\/04\/colegio_gestores7-150x150.jpg\" class=\"attachment-thumbnail size-thumbnail\" alt=\"Colegio Oficial de Gestores Administrativos de Valencia \/ Destudio Arquitectura\" aria-describedby=\"gallery-1-64139\" \/><\/a>\n\t\t\t<\/div>\n\t\t\t\t<figcaption class='wp-caption-text gallery-caption' id='gallery-1-64139'>\n\t\t\t\tColegio Oficial de Gestores Administrativos de Valencia \/ Destudio Arquitectura (\u00a9 Germ\u00e1n Cabo)\n\t\t\t\t<\/figcaption><\/figure><figure class='gallery-item'>\n\t\t\t<div class='gallery-icon landscape'>\n\t\t\t\t<a href='https:\/\/www.arquimaster.com.ar\/web\/wp-content\/uploads\/2021\/04\/colegio_gestores8.jpg' title=\"Colegio Oficial de Gestores Administrativos de Valencia \/ Destudio Arquitectura (\u00a9 Germ\u00e1n Cabo)\" data-rl_title=\"Colegio Oficial de Gestores Administrativos de Valencia \/ Destudio Arquitectura (\u00a9 Germ\u00e1n Cabo)\" class=\"rl-gallery-link\" data-rl_caption=\"Colegio Oficial de Gestores Administrativos de Valencia \/ Destudio Arquitectura (\u00a9 Germ\u00e1n Cabo)\" data-rel=\"lightbox-gallery-1\"><img loading=\"lazy\" decoding=\"async\" width=\"150\" height=\"150\" src=\"https:\/\/www.arquimaster.com.ar\/web\/wp-content\/uploads\/2021\/04\/colegio_gestores8-150x150.jpg\" class=\"attachment-thumbnail size-thumbnail\" alt=\"Colegio Oficial de Gestores Administrativos de Valencia \/ Destudio Arquitectura\" aria-describedby=\"gallery-1-64140\" \/><\/a>\n\t\t\t<\/div>\n\t\t\t\t<figcaption class='wp-caption-text gallery-caption' id='gallery-1-64140'>\n\t\t\t\tColegio Oficial de Gestores Administrativos de Valencia \/ Destudio Arquitectura (\u00a9 Germ\u00e1n Cabo)\n\t\t\t\t<\/figcaption><\/figure><figure class='gallery-item'>\n\t\t\t<div class='gallery-icon portrait'>\n\t\t\t\t<a href='https:\/\/www.arquimaster.com.ar\/web\/wp-content\/uploads\/2021\/04\/colegio_gestores9.jpg' title=\"Colegio Oficial de Gestores Administrativos de Valencia \/ Destudio Arquitectura (\u00a9 Germ\u00e1n Cabo)\" data-rl_title=\"Colegio Oficial de Gestores Administrativos de Valencia \/ Destudio Arquitectura (\u00a9 Germ\u00e1n Cabo)\" class=\"rl-gallery-link\" data-rl_caption=\"Colegio Oficial de Gestores Administrativos de Valencia \/ Destudio Arquitectura (\u00a9 Germ\u00e1n Cabo)\" data-rel=\"lightbox-gallery-1\"><img loading=\"lazy\" decoding=\"async\" width=\"150\" height=\"150\" src=\"https:\/\/www.arquimaster.com.ar\/web\/wp-content\/uploads\/2021\/04\/colegio_gestores9-150x150.jpg\" class=\"attachment-thumbnail size-thumbnail\" alt=\"Colegio Oficial de Gestores Administrativos de Valencia \/ Destudio Arquitectura\" aria-describedby=\"gallery-1-64141\" \/><\/a>\n\t\t\t<\/div>\n\t\t\t\t<figcaption class='wp-caption-text gallery-caption' id='gallery-1-64141'>\n\t\t\t\tColegio Oficial de Gestores Administrativos de Valencia \/ Destudio Arquitectura (\u00a9 Germ\u00e1n Cabo)\n\t\t\t\t<\/figcaption><\/figure><figure class='gallery-item'>\n\t\t\t<div class='gallery-icon landscape'>\n\t\t\t\t<a href='https:\/\/www.arquimaster.com.ar\/web\/wp-content\/uploads\/2021\/04\/colegio_gestores10.jpg' title=\"Colegio Oficial de Gestores Administrativos de Valencia \/ Destudio Arquitectura (\u00a9 Germ\u00e1n Cabo)\" data-rl_title=\"Colegio Oficial de Gestores Administrativos de Valencia \/ Destudio Arquitectura (\u00a9 Germ\u00e1n Cabo)\" class=\"rl-gallery-link\" data-rl_caption=\"Colegio Oficial de Gestores Administrativos de Valencia \/ Destudio Arquitectura (\u00a9 Germ\u00e1n Cabo)\" data-rel=\"lightbox-gallery-1\"><img loading=\"lazy\" decoding=\"async\" width=\"150\" height=\"150\" src=\"https:\/\/www.arquimaster.com.ar\/web\/wp-content\/uploads\/2021\/04\/colegio_gestores10-150x150.jpg\" class=\"attachment-thumbnail size-thumbnail\" alt=\"Colegio Oficial de Gestores Administrativos de Valencia \/ Destudio Arquitectura\" aria-describedby=\"gallery-1-64142\" \/><\/a>\n\t\t\t<\/div>\n\t\t\t\t<figcaption class='wp-caption-text gallery-caption' id='gallery-1-64142'>\n\t\t\t\tColegio Oficial de Gestores Administrativos de Valencia \/ Destudio Arquitectura (\u00a9 Germ\u00e1n Cabo)\n\t\t\t\t<\/figcaption><\/figure><figure class='gallery-item'>\n\t\t\t<div class='gallery-icon landscape'>\n\t\t\t\t<a href='https:\/\/www.arquimaster.com.ar\/web\/wp-content\/uploads\/2021\/04\/colegio_gestores11.jpg' title=\"Colegio Oficial de Gestores Administrativos de Valencia \/ Destudio Arquitectura (\u00a9 Germ\u00e1n Cabo)\" data-rl_title=\"Colegio Oficial de Gestores Administrativos de Valencia \/ Destudio Arquitectura (\u00a9 Germ\u00e1n Cabo)\" class=\"rl-gallery-link\" data-rl_caption=\"Colegio Oficial de Gestores Administrativos de Valencia \/ Destudio Arquitectura (\u00a9 Germ\u00e1n Cabo)\" data-rel=\"lightbox-gallery-1\"><img loading=\"lazy\" decoding=\"async\" width=\"150\" height=\"150\" src=\"https:\/\/www.arquimaster.com.ar\/web\/wp-content\/uploads\/2021\/04\/colegio_gestores11-150x150.jpg\" class=\"attachment-thumbnail size-thumbnail\" alt=\"Colegio Oficial de Gestores Administrativos de Valencia \/ Destudio Arquitectura\" aria-describedby=\"gallery-1-64143\" \/><\/a>\n\t\t\t<\/div>\n\t\t\t\t<figcaption class='wp-caption-text gallery-caption' id='gallery-1-64143'>\n\t\t\t\tColegio Oficial de Gestores Administrativos de Valencia \/ Destudio Arquitectura (\u00a9 Germ\u00e1n Cabo)\n\t\t\t\t<\/figcaption><\/figure><figure class='gallery-item'>\n\t\t\t<div class='gallery-icon landscape'>\n\t\t\t\t<a href='https:\/\/www.arquimaster.com.ar\/web\/wp-content\/uploads\/2021\/04\/colegio_gestores12.jpg' title=\"Colegio Oficial de Gestores Administrativos de Valencia \/ Destudio Arquitectura (\u00a9 Germ\u00e1n Cabo)\" data-rl_title=\"Colegio Oficial de Gestores Administrativos de Valencia \/ Destudio Arquitectura (\u00a9 Germ\u00e1n Cabo)\" class=\"rl-gallery-link\" data-rl_caption=\"Colegio Oficial de Gestores Administrativos de Valencia \/ Destudio Arquitectura (\u00a9 Germ\u00e1n Cabo)\" data-rel=\"lightbox-gallery-1\"><img loading=\"lazy\" decoding=\"async\" width=\"150\" height=\"150\" src=\"https:\/\/www.arquimaster.com.ar\/web\/wp-content\/uploads\/2021\/04\/colegio_gestores12-150x150.jpg\" class=\"attachment-thumbnail size-thumbnail\" alt=\"Colegio Oficial de Gestores Administrativos de Valencia \/ Destudio Arquitectura\" aria-describedby=\"gallery-1-64144\" \/><\/a>\n\t\t\t<\/div>\n\t\t\t\t<figcaption class='wp-caption-text gallery-caption' id='gallery-1-64144'>\n\t\t\t\tColegio Oficial de Gestores Administrativos de Valencia \/ Destudio Arquitectura (\u00a9 Germ\u00e1n Cabo)\n\t\t\t\t<\/figcaption><\/figure><figure class='gallery-item'>\n\t\t\t<div class='gallery-icon landscape'>\n\t\t\t\t<a href='https:\/\/www.arquimaster.com.ar\/web\/wp-content\/uploads\/2021\/04\/colegio_gestores13.jpg' title=\"Colegio Oficial de Gestores Administrativos de Valencia \/ Destudio Arquitectura (\u00a9 Germ\u00e1n Cabo)\" data-rl_title=\"Colegio Oficial de Gestores Administrativos de Valencia \/ Destudio Arquitectura (\u00a9 Germ\u00e1n Cabo)\" class=\"rl-gallery-link\" data-rl_caption=\"Colegio Oficial de Gestores Administrativos de Valencia \/ Destudio Arquitectura (\u00a9 Germ\u00e1n Cabo)\" data-rel=\"lightbox-gallery-1\"><img loading=\"lazy\" decoding=\"async\" width=\"150\" height=\"150\" src=\"https:\/\/www.arquimaster.com.ar\/web\/wp-content\/uploads\/2021\/04\/colegio_gestores13-150x150.jpg\" class=\"attachment-thumbnail size-thumbnail\" alt=\"Colegio Oficial de Gestores Administrativos de Valencia \/ Destudio Arquitectura\" aria-describedby=\"gallery-1-64145\" \/><\/a>\n\t\t\t<\/div>\n\t\t\t\t<figcaption class='wp-caption-text gallery-caption' id='gallery-1-64145'>\n\t\t\t\tColegio Oficial de Gestores Administrativos de Valencia \/ Destudio Arquitectura (\u00a9 Germ\u00e1n Cabo)\n\t\t\t\t<\/figcaption><\/figure><figure class='gallery-item'>\n\t\t\t<div class='gallery-icon landscape'>\n\t\t\t\t<a href='https:\/\/www.arquimaster.com.ar\/web\/wp-content\/uploads\/2021\/04\/colegio_gestores14.jpg' title=\"Colegio Oficial de Gestores Administrativos de Valencia \/ Destudio Arquitectura (\u00a9 Germ\u00e1n Cabo)\" data-rl_title=\"Colegio Oficial de Gestores Administrativos de Valencia \/ Destudio Arquitectura (\u00a9 Germ\u00e1n Cabo)\" class=\"rl-gallery-link\" data-rl_caption=\"Colegio Oficial de Gestores Administrativos de Valencia \/ Destudio Arquitectura (\u00a9 Germ\u00e1n Cabo)\" data-rel=\"lightbox-gallery-1\"><img loading=\"lazy\" decoding=\"async\" width=\"150\" height=\"150\" src=\"https:\/\/www.arquimaster.com.ar\/web\/wp-content\/uploads\/2021\/04\/colegio_gestores14-150x150.jpg\" class=\"attachment-thumbnail size-thumbnail\" alt=\"Colegio Oficial de Gestores Administrativos de Valencia \/ Destudio Arquitectura\" aria-describedby=\"gallery-1-64146\" \/><\/a>\n\t\t\t<\/div>\n\t\t\t\t<figcaption class='wp-caption-text gallery-caption' id='gallery-1-64146'>\n\t\t\t\tColegio Oficial de Gestores Administrativos de Valencia \/ Destudio Arquitectura (\u00a9 Germ\u00e1n Cabo)\n\t\t\t\t<\/figcaption><\/figure><figure class='gallery-item'>\n\t\t\t<div class='gallery-icon landscape'>\n\t\t\t\t<a href='https:\/\/www.arquimaster.com.ar\/web\/wp-content\/uploads\/2021\/04\/colegio_gestores15.jpg' title=\"Colegio Oficial de Gestores Administrativos de Valencia \/ Destudio Arquitectura (\u00a9 Germ\u00e1n Cabo)\" data-rl_title=\"Colegio Oficial de Gestores Administrativos de Valencia \/ Destudio Arquitectura (\u00a9 Germ\u00e1n Cabo)\" class=\"rl-gallery-link\" data-rl_caption=\"Colegio Oficial de Gestores Administrativos de Valencia \/ Destudio Arquitectura (\u00a9 Germ\u00e1n Cabo)\" data-rel=\"lightbox-gallery-1\"><img loading=\"lazy\" decoding=\"async\" width=\"150\" height=\"150\" src=\"https:\/\/www.arquimaster.com.ar\/web\/wp-content\/uploads\/2021\/04\/colegio_gestores15-150x150.jpg\" class=\"attachment-thumbnail size-thumbnail\" alt=\"Colegio Oficial de Gestores Administrativos de Valencia \/ Destudio Arquitectura\" aria-describedby=\"gallery-1-64147\" \/><\/a>\n\t\t\t<\/div>\n\t\t\t\t<figcaption class='wp-caption-text gallery-caption' id='gallery-1-64147'>\n\t\t\t\tColegio Oficial de Gestores Administrativos de Valencia \/ Destudio Arquitectura (\u00a9 Germ\u00e1n Cabo)\n\t\t\t\t<\/figcaption><\/figure><figure class='gallery-item'>\n\t\t\t<div class='gallery-icon landscape'>\n\t\t\t\t<a href='https:\/\/www.arquimaster.com.ar\/web\/wp-content\/uploads\/2021\/04\/colegio_gestores16.jpg' title=\"Colegio Oficial de Gestores Administrativos de Valencia \/ Destudio Arquitectura (\u00a9 Germ\u00e1n Cabo)\" data-rl_title=\"Colegio Oficial de Gestores Administrativos de Valencia \/ Destudio Arquitectura (\u00a9 Germ\u00e1n Cabo)\" class=\"rl-gallery-link\" data-rl_caption=\"Colegio Oficial de Gestores Administrativos de Valencia \/ Destudio Arquitectura (\u00a9 Germ\u00e1n Cabo)\" data-rel=\"lightbox-gallery-1\"><img loading=\"lazy\" decoding=\"async\" width=\"150\" height=\"150\" src=\"https:\/\/www.arquimaster.com.ar\/web\/wp-content\/uploads\/2021\/04\/colegio_gestores16-150x150.jpg\" class=\"attachment-thumbnail size-thumbnail\" alt=\"Colegio Oficial de Gestores Administrativos de Valencia \/ Destudio Arquitectura\" aria-describedby=\"gallery-1-64148\" \/><\/a>\n\t\t\t<\/div>\n\t\t\t\t<figcaption class='wp-caption-text gallery-caption' id='gallery-1-64148'>\n\t\t\t\tColegio Oficial de Gestores Administrativos de Valencia \/ Destudio Arquitectura (\u00a9 Germ\u00e1n Cabo)\n\t\t\t\t<\/figcaption><\/figure><figure class='gallery-item'>\n\t\t\t<div class='gallery-icon landscape'>\n\t\t\t\t<a href='https:\/\/www.arquimaster.com.ar\/web\/wp-content\/uploads\/2021\/04\/colegio_gestores17.jpg' title=\"Colegio Oficial de Gestores Administrativos de Valencia \/ Destudio Arquitectura (\u00a9 Germ\u00e1n Cabo)\" data-rl_title=\"Colegio Oficial de Gestores Administrativos de Valencia \/ Destudio Arquitectura (\u00a9 Germ\u00e1n Cabo)\" class=\"rl-gallery-link\" data-rl_caption=\"Colegio Oficial de Gestores Administrativos de Valencia \/ Destudio Arquitectura (\u00a9 Germ\u00e1n Cabo)\" data-rel=\"lightbox-gallery-1\"><img loading=\"lazy\" decoding=\"async\" width=\"150\" height=\"150\" src=\"https:\/\/www.arquimaster.com.ar\/web\/wp-content\/uploads\/2021\/04\/colegio_gestores17-150x150.jpg\" class=\"attachment-thumbnail size-thumbnail\" alt=\"Colegio Oficial de Gestores Administrativos de Valencia \/ Destudio Arquitectura\" aria-describedby=\"gallery-1-64149\" \/><\/a>\n\t\t\t<\/div>\n\t\t\t\t<figcaption class='wp-caption-text gallery-caption' id='gallery-1-64149'>\n\t\t\t\tColegio Oficial de Gestores Administrativos de Valencia \/ Destudio Arquitectura (\u00a9 Germ\u00e1n Cabo)\n\t\t\t\t<\/figcaption><\/figure><figure class='gallery-item'>\n\t\t\t<div class='gallery-icon landscape'>\n\t\t\t\t<a href='https:\/\/www.arquimaster.com.ar\/web\/wp-content\/uploads\/2021\/04\/colegio_gestores18.jpg' title=\"Colegio Oficial de Gestores Administrativos de Valencia \/ Destudio Arquitectura (\u00a9 Germ\u00e1n Cabo)\" data-rl_title=\"Colegio Oficial de Gestores Administrativos de Valencia \/ Destudio Arquitectura (\u00a9 Germ\u00e1n Cabo)\" class=\"rl-gallery-link\" data-rl_caption=\"Colegio Oficial de Gestores Administrativos de Valencia \/ Destudio Arquitectura (\u00a9 Germ\u00e1n Cabo)\" data-rel=\"lightbox-gallery-1\"><img loading=\"lazy\" decoding=\"async\" width=\"150\" height=\"150\" src=\"https:\/\/www.arquimaster.com.ar\/web\/wp-content\/uploads\/2021\/04\/colegio_gestores18-150x150.jpg\" class=\"attachment-thumbnail size-thumbnail\" alt=\"Colegio Oficial de Gestores Administrativos de Valencia \/ Destudio Arquitectura\" aria-describedby=\"gallery-1-64150\" \/><\/a>\n\t\t\t<\/div>\n\t\t\t\t<figcaption class='wp-caption-text gallery-caption' id='gallery-1-64150'>\n\t\t\t\tColegio Oficial de Gestores Administrativos de Valencia \/ Destudio Arquitectura (\u00a9 Germ\u00e1n Cabo)\n\t\t\t\t<\/figcaption><\/figure><figure class='gallery-item'>\n\t\t\t<div class='gallery-icon landscape'>\n\t\t\t\t<a href='https:\/\/www.arquimaster.com.ar\/web\/wp-content\/uploads\/2021\/04\/colegio_gestores19.jpg' title=\"Colegio Oficial de Gestores Administrativos de Valencia \/ Destudio Arquitectura (\u00a9 Germ\u00e1n Cabo)\" data-rl_title=\"Colegio Oficial de Gestores Administrativos de Valencia \/ Destudio Arquitectura (\u00a9 Germ\u00e1n Cabo)\" class=\"rl-gallery-link\" data-rl_caption=\"Colegio Oficial de Gestores Administrativos de Valencia \/ Destudio Arquitectura (\u00a9 Germ\u00e1n Cabo)\" data-rel=\"lightbox-gallery-1\"><img loading=\"lazy\" decoding=\"async\" width=\"150\" height=\"150\" src=\"https:\/\/www.arquimaster.com.ar\/web\/wp-content\/uploads\/2021\/04\/colegio_gestores19-150x150.jpg\" class=\"attachment-thumbnail size-thumbnail\" alt=\"Colegio Oficial de Gestores Administrativos de Valencia \/ Destudio Arquitectura\" aria-describedby=\"gallery-1-64151\" \/><\/a>\n\t\t\t<\/div>\n\t\t\t\t<figcaption class='wp-caption-text gallery-caption' id='gallery-1-64151'>\n\t\t\t\tColegio Oficial de Gestores Administrativos de Valencia \/ Destudio Arquitectura (\u00a9 Germ\u00e1n Cabo)\n\t\t\t\t<\/figcaption><\/figure><figure class='gallery-item'>\n\t\t\t<div class='gallery-icon landscape'>\n\t\t\t\t<a href='https:\/\/www.arquimaster.com.ar\/web\/wp-content\/uploads\/2021\/04\/colegio_gestores20.jpg' title=\"Colegio Oficial de Gestores Administrativos de Valencia \/ Destudio Arquitectura (\u00a9 Germ\u00e1n Cabo)\" data-rl_title=\"Colegio Oficial de Gestores Administrativos de Valencia \/ Destudio Arquitectura (\u00a9 Germ\u00e1n Cabo)\" class=\"rl-gallery-link\" data-rl_caption=\"Colegio Oficial de Gestores Administrativos de Valencia \/ Destudio Arquitectura (\u00a9 Germ\u00e1n Cabo)\" data-rel=\"lightbox-gallery-1\"><img loading=\"lazy\" decoding=\"async\" width=\"150\" height=\"150\" src=\"https:\/\/www.arquimaster.com.ar\/web\/wp-content\/uploads\/2021\/04\/colegio_gestores20-150x150.jpg\" class=\"attachment-thumbnail size-thumbnail\" alt=\"Colegio Oficial de Gestores Administrativos de Valencia \/ Destudio Arquitectura\" aria-describedby=\"gallery-1-64152\" \/><\/a>\n\t\t\t<\/div>\n\t\t\t\t<figcaption class='wp-caption-text gallery-caption' id='gallery-1-64152'>\n\t\t\t\tColegio Oficial de Gestores Administrativos de Valencia \/ Destudio Arquitectura (\u00a9 Germ\u00e1n Cabo)\n\t\t\t\t<\/figcaption><\/figure><figure class='gallery-item'>\n\t\t\t<div class='gallery-icon landscape'>\n\t\t\t\t<a href='https:\/\/www.arquimaster.com.ar\/web\/wp-content\/uploads\/2021\/04\/colegio_gestores21.jpg' title=\"Colegio Oficial de Gestores Administrativos de Valencia \/ Destudio Arquitectura (\u00a9 Germ\u00e1n Cabo)\" data-rl_title=\"Colegio Oficial de Gestores Administrativos de Valencia \/ Destudio Arquitectura (\u00a9 Germ\u00e1n Cabo)\" class=\"rl-gallery-link\" data-rl_caption=\"Colegio Oficial de Gestores Administrativos de Valencia \/ Destudio Arquitectura (\u00a9 Germ\u00e1n Cabo)\" data-rel=\"lightbox-gallery-1\"><img loading=\"lazy\" decoding=\"async\" width=\"150\" height=\"150\" src=\"https:\/\/www.arquimaster.com.ar\/web\/wp-content\/uploads\/2021\/04\/colegio_gestores21-150x150.jpg\" class=\"attachment-thumbnail size-thumbnail\" alt=\"Colegio Oficial de Gestores Administrativos de Valencia \/ Destudio Arquitectura\" aria-describedby=\"gallery-1-64153\" \/><\/a>\n\t\t\t<\/div>\n\t\t\t\t<figcaption class='wp-caption-text gallery-caption' id='gallery-1-64153'>\n\t\t\t\tColegio Oficial de Gestores Administrativos de Valencia \/ Destudio Arquitectura (\u00a9 Germ\u00e1n Cabo)\n\t\t\t\t<\/figcaption><\/figure><figure class='gallery-item'>\n\t\t\t<div class='gallery-icon landscape'>\n\t\t\t\t<a href='https:\/\/www.arquimaster.com.ar\/web\/wp-content\/uploads\/2021\/04\/colegio_gestores22.jpg' title=\"Colegio Oficial de Gestores Administrativos de Valencia \/ Destudio Arquitectura (\u00a9 Germ\u00e1n Cabo)\" data-rl_title=\"Colegio Oficial de Gestores Administrativos de Valencia \/ Destudio Arquitectura (\u00a9 Germ\u00e1n Cabo)\" class=\"rl-gallery-link\" data-rl_caption=\"Colegio Oficial de Gestores Administrativos de Valencia \/ Destudio Arquitectura (\u00a9 Germ\u00e1n Cabo)\" data-rel=\"lightbox-gallery-1\"><img loading=\"lazy\" decoding=\"async\" width=\"150\" height=\"150\" src=\"https:\/\/www.arquimaster.com.ar\/web\/wp-content\/uploads\/2021\/04\/colegio_gestores22-150x150.jpg\" class=\"attachment-thumbnail size-thumbnail\" alt=\"Colegio Oficial de Gestores Administrativos de Valencia \/ Destudio Arquitectura\" aria-describedby=\"gallery-1-64154\" \/><\/a>\n\t\t\t<\/div>\n\t\t\t\t<figcaption class='wp-caption-text gallery-caption' id='gallery-1-64154'>\n\t\t\t\tColegio Oficial de Gestores Administrativos de Valencia \/ Destudio Arquitectura (\u00a9 Germ\u00e1n Cabo)\n\t\t\t\t<\/figcaption><\/figure><figure class='gallery-item'>\n\t\t\t<div class='gallery-icon landscape'>\n\t\t\t\t<a href='https:\/\/www.arquimaster.com.ar\/web\/wp-content\/uploads\/2021\/04\/colegio_gestores23.jpg' title=\"Colegio Oficial de Gestores Administrativos de Valencia \/ Destudio Arquitectura (\u00a9 Germ\u00e1n Cabo)\" data-rl_title=\"Colegio Oficial de Gestores Administrativos de Valencia \/ Destudio Arquitectura (\u00a9 Germ\u00e1n Cabo)\" class=\"rl-gallery-link\" data-rl_caption=\"Colegio Oficial de Gestores Administrativos de Valencia \/ Destudio Arquitectura (\u00a9 Germ\u00e1n Cabo)\" data-rel=\"lightbox-gallery-1\"><img loading=\"lazy\" decoding=\"async\" width=\"150\" height=\"150\" src=\"https:\/\/www.arquimaster.com.ar\/web\/wp-content\/uploads\/2021\/04\/colegio_gestores23-150x150.jpg\" class=\"attachment-thumbnail size-thumbnail\" alt=\"Colegio Oficial de Gestores Administrativos de Valencia \/ Destudio Arquitectura\" aria-describedby=\"gallery-1-64155\" \/><\/a>\n\t\t\t<\/div>\n\t\t\t\t<figcaption class='wp-caption-text gallery-caption' id='gallery-1-64155'>\n\t\t\t\tColegio Oficial de Gestores Administrativos de Valencia \/ Destudio Arquitectura (\u00a9 Germ\u00e1n Cabo)\n\t\t\t\t<\/figcaption><\/figure><figure class='gallery-item'>\n\t\t\t<div class='gallery-icon landscape'>\n\t\t\t\t<a href='https:\/\/www.arquimaster.com.ar\/web\/wp-content\/uploads\/2021\/04\/colegio_gestores24.jpg' title=\"Colegio Oficial de Gestores Administrativos de Valencia \/ Destudio Arquitectura (\u00a9 Germ\u00e1n Cabo)\" data-rl_title=\"Colegio Oficial de Gestores Administrativos de Valencia \/ Destudio Arquitectura (\u00a9 Germ\u00e1n Cabo)\" class=\"rl-gallery-link\" data-rl_caption=\"Colegio Oficial de Gestores Administrativos de Valencia \/ Destudio Arquitectura (\u00a9 Germ\u00e1n Cabo)\" data-rel=\"lightbox-gallery-1\"><img loading=\"lazy\" decoding=\"async\" width=\"150\" height=\"150\" src=\"https:\/\/www.arquimaster.com.ar\/web\/wp-content\/uploads\/2021\/04\/colegio_gestores24-150x150.jpg\" class=\"attachment-thumbnail size-thumbnail\" alt=\"Colegio Oficial de Gestores Administrativos de Valencia \/ Destudio Arquitectura\" aria-describedby=\"gallery-1-64156\" \/><\/a>\n\t\t\t<\/div>\n\t\t\t\t<figcaption class='wp-caption-text gallery-caption' id='gallery-1-64156'>\n\t\t\t\tColegio Oficial de Gestores Administrativos de Valencia \/ Destudio Arquitectura (\u00a9 Germ\u00e1n Cabo)\n\t\t\t\t<\/figcaption><\/figure><figure class='gallery-item'>\n\t\t\t<div class='gallery-icon landscape'>\n\t\t\t\t<a href='https:\/\/www.arquimaster.com.ar\/web\/wp-content\/uploads\/2021\/04\/colegio_gestores25.jpg' title=\"Colegio Oficial de Gestores Administrativos de Valencia \/ Destudio Arquitectura (\u00a9 Germ\u00e1n Cabo)\" data-rl_title=\"Colegio Oficial de Gestores Administrativos de Valencia \/ Destudio Arquitectura (\u00a9 Germ\u00e1n Cabo)\" class=\"rl-gallery-link\" data-rl_caption=\"Colegio Oficial de Gestores Administrativos de Valencia \/ Destudio Arquitectura (\u00a9 Germ\u00e1n Cabo)\" data-rel=\"lightbox-gallery-1\"><img loading=\"lazy\" decoding=\"async\" width=\"150\" height=\"150\" src=\"https:\/\/www.arquimaster.com.ar\/web\/wp-content\/uploads\/2021\/04\/colegio_gestores25-150x150.jpg\" class=\"attachment-thumbnail size-thumbnail\" alt=\"Colegio Oficial de Gestores Administrativos de Valencia \/ Destudio Arquitectura\" aria-describedby=\"gallery-1-64157\" \/><\/a>\n\t\t\t<\/div>\n\t\t\t\t<figcaption class='wp-caption-text gallery-caption' id='gallery-1-64157'>\n\t\t\t\tColegio Oficial de Gestores Administrativos de Valencia \/ Destudio Arquitectura (\u00a9 Germ\u00e1n Cabo)\n\t\t\t\t<\/figcaption><\/figure><figure class='gallery-item'>\n\t\t\t<div class='gallery-icon landscape'>\n\t\t\t\t<a href='https:\/\/www.arquimaster.com.ar\/web\/wp-content\/uploads\/2021\/04\/colegio_gestores26.jpg' title=\"Colegio Oficial de Gestores Administrativos de Valencia \/ Destudio Arquitectura (\u00a9 Germ\u00e1n Cabo)\" data-rl_title=\"Colegio Oficial de Gestores Administrativos de Valencia \/ Destudio Arquitectura (\u00a9 Germ\u00e1n Cabo)\" class=\"rl-gallery-link\" data-rl_caption=\"Colegio Oficial de Gestores Administrativos de Valencia \/ Destudio Arquitectura (\u00a9 Germ\u00e1n Cabo)\" data-rel=\"lightbox-gallery-1\"><img loading=\"lazy\" decoding=\"async\" width=\"150\" height=\"150\" src=\"https:\/\/www.arquimaster.com.ar\/web\/wp-content\/uploads\/2021\/04\/colegio_gestores26-150x150.jpg\" class=\"attachment-thumbnail size-thumbnail\" alt=\"Colegio Oficial de Gestores Administrativos de Valencia \/ Destudio Arquitectura\" aria-describedby=\"gallery-1-64158\" \/><\/a>\n\t\t\t<\/div>\n\t\t\t\t<figcaption class='wp-caption-text gallery-caption' id='gallery-1-64158'>\n\t\t\t\tColegio Oficial de Gestores Administrativos de Valencia \/ Destudio Arquitectura (\u00a9 Germ\u00e1n Cabo)\n\t\t\t\t<\/figcaption><\/figure><figure class='gallery-item'>\n\t\t\t<div class='gallery-icon landscape'>\n\t\t\t\t<a href='https:\/\/www.arquimaster.com.ar\/web\/wp-content\/uploads\/2021\/04\/colegio_gestores27.jpg' title=\"Colegio Oficial de Gestores Administrativos de Valencia \/ Destudio Arquitectura (\u00a9 Germ\u00e1n Cabo)\" data-rl_title=\"Colegio Oficial de Gestores Administrativos de Valencia \/ Destudio Arquitectura (\u00a9 Germ\u00e1n Cabo)\" class=\"rl-gallery-link\" data-rl_caption=\"Colegio Oficial de Gestores Administrativos de Valencia \/ Destudio Arquitectura (\u00a9 Germ\u00e1n Cabo)\" data-rel=\"lightbox-gallery-1\"><img loading=\"lazy\" decoding=\"async\" width=\"150\" height=\"150\" src=\"https:\/\/www.arquimaster.com.ar\/web\/wp-content\/uploads\/2021\/04\/colegio_gestores27-150x150.jpg\" class=\"attachment-thumbnail size-thumbnail\" alt=\"Colegio Oficial de Gestores Administrativos de Valencia \/ Destudio Arquitectura\" aria-describedby=\"gallery-1-64159\" \/><\/a>\n\t\t\t<\/div>\n\t\t\t\t<figcaption class='wp-caption-text gallery-caption' id='gallery-1-64159'>\n\t\t\t\tColegio Oficial de Gestores Administrativos de Valencia \/ Destudio Arquitectura (\u00a9 Germ\u00e1n Cabo)\n\t\t\t\t<\/figcaption><\/figure><figure class='gallery-item'>\n\t\t\t<div class='gallery-icon landscape'>\n\t\t\t\t<a href='https:\/\/www.arquimaster.com.ar\/web\/wp-content\/uploads\/2021\/04\/colegio_gestores28.jpg' title=\"Colegio Oficial de Gestores Administrativos de Valencia \/ Destudio Arquitectura (planta)\" data-rl_title=\"Colegio Oficial de Gestores Administrativos de Valencia \/ Destudio Arquitectura (planta)\" class=\"rl-gallery-link\" data-rl_caption=\"Colegio Oficial de Gestores Administrativos de Valencia \/ Destudio Arquitectura (planta)\" data-rel=\"lightbox-gallery-1\"><img loading=\"lazy\" decoding=\"async\" width=\"150\" height=\"150\" src=\"https:\/\/www.arquimaster.com.ar\/web\/wp-content\/uploads\/2021\/04\/colegio_gestores28-150x150.jpg\" class=\"attachment-thumbnail size-thumbnail\" alt=\"Colegio Oficial de Gestores Administrativos de Valencia \/ Destudio Arquitectura\" aria-describedby=\"gallery-1-64160\" \/><\/a>\n\t\t\t<\/div>\n\t\t\t\t<figcaption class='wp-caption-text gallery-caption' id='gallery-1-64160'>\n\t\t\t\tColegio Oficial de Gestores Administrativos de Valencia \/ Destudio Arquitectura (planta)\n\t\t\t\t<\/figcaption><\/figure>\n\t\t<\/div>\n\n<p>El objetivo principal ha sido transmitir elegancia y cercan\u00eda mediante el contraste de materiales nobles como la madera, y materiales m\u00e1s contempor\u00e1neos como las perfilerias negras y el micro cemento.<\/p>\n<p>Vinculamos orden y dise\u00f1o mediante la creaci\u00f3n de todo el mobiliario a medida. A trav\u00e9s de la envolvente exterior conseguimos captar la atenci\u00f3n de gestores y viandantes.<\/p>\n<p>El acceso se hace mediante un espacio de transici\u00f3n, que enmarcado por un gran dintel y acompa\u00f1ado por un jard\u00edn vertical de grandes dimensiones nos acerca al espacio m\u00e1s p\u00fablico del local.<\/p>\n<p>Trasdosados de paliller\u00eda de madera en el interior, un mostrador de microcemento, una estanter\u00eda que act\u00faa como filtro de la zona m\u00e1s privada, una sala de reuniones de grandes dimensiones y una cuidada selecci\u00f3n de mobiliario e iluminaci\u00f3n de dise\u00f1o, hacen que la experiencia del gestor de un giro de 360\u00ba.<\/p>\n<p>Para el personal del Colegio, se mejora el confort t\u00e9rmico ubicando de forma estrat\u00e9gica las mesas de trabajo y creando una piel vegetal que conecta visualmente el espacio interior con el exterior.<\/p>\n<p>En definitiva, para este proyecto de reforma integral de oficina en Valencia se ha conseguido unificar el espacio, aport\u00e1ndole armon\u00eda, cercan\u00eda, confort y dise\u00f1o.<\/p>\n<p><strong>Ficha t\u00e9cnica<\/strong><br \/>\nNombre: Colegio Oficial de Gestores Administrativos de Valencia<br \/>\nUbicaci\u00f3n: Valencia, Espa\u00f1a<br \/>\nArquitectura, dise\u00f1o y construcci\u00f3n: Destudio Arquitectura<br \/>\nFotograf\u00eda: <a href=\"https:\/\/germancabo.com\/\" target=\"_blank\" rel=\"noopener\">Germ\u00e1n Cabo<\/a><\/p>\n<p><strong>Contacto<\/strong><br \/>\n<a href=\"https:\/\/www.destudio.es\" target=\"_blank\" rel=\"noopener\">https:\/\/www.destudio.es<\/a><\/p>\n\n<div style=\"font-size: 0px; height: 0px; line-height: 0px; margin: 0; padding: 0; clear: both;\"><\/div><div style=\"margin-top: 0px; margin-bottom: 0px;\" class=\"sharethis-inline-share-buttons\" ><\/div>","protected":false},"excerpt":{"rendered":"<p>Transmitir elegancia y cercan\u00eda mediante el contraste de materiales nobles&#8230;<\/p>\n","protected":false},"author":1,"featured_media":64132,"comment_status":"closed","ping_status":"closed","sticky":false,"template":"","format":"standard","meta":{"_uag_custom_page_level_css":"","footnotes":""},"categories":[3767,1],"tags":[5885,7069,7048,7049,104,255,260],"class_list":["post-64131","post","type-post","status-publish","format-standard","has-post-thumbnail","hentry","category-arquitectura-institucional","category-proyecto","tag-arquitectura-institucional","tag-colegio-profesional","tag-destudio","tag-destudio-arquitectura","tag-espana","tag-oficinas","tag-valencia","generate-columns","tablet-grid-50","mobile-grid-100","grid-parent","grid-50"],"yoast_head":"<!-- This site is optimized with the Yoast SEO plugin v27.3 - https:\/\/yoast.com\/product\/yoast-seo-wordpress\/ -->\n<title>Colegio Oficial de Gestores Administrativos de Valencia \/ Destudio Arquitectura - Arquimaster<\/title>\n<meta name=\"description\" content=\"Transmitir elegancia y cercan\u00eda mediante el contraste de materiales nobles como la madera, y materiales m\u00e1s contempor\u00e1neos.\" \/>\n<meta name=\"robots\" content=\"index, follow, max-snippet:-1, max-image-preview:large, max-video-preview:-1\" \/>\n<link rel=\"canonical\" href=\"https:\/\/www.arquimaster.com.ar\/web\/colegio-oficial-de-gestores-administrativos-de-valencia-destudio-arquitectura\/\" \/>\n<meta property=\"og:locale\" content=\"es_ES\" \/>\n<meta property=\"og:type\" content=\"article\" \/>\n<meta property=\"og:title\" content=\"Colegio Oficial de Gestores Administrativos de Valencia \/ Destudio Arquitectura\" \/>\n<meta property=\"og:description\" content=\"Transmitir elegancia y cercan\u00eda mediante el contraste de materiales nobles como la madera, y materiales m\u00e1s contempor\u00e1neos.\" \/>\n<meta property=\"og:url\" content=\"https:\/\/www.arquimaster.com.ar\/web\/colegio-oficial-de-gestores-administrativos-de-valencia-destudio-arquitectura\/\" \/>\n<meta property=\"og:site_name\" content=\"Arquimaster\" \/>\n<meta property=\"article:publisher\" content=\"http:\/\/www.facebook.com\/ARQUIMASTER.com.ar\" \/>\n<meta property=\"article:published_time\" content=\"2021-04-15T22:55:26+00:00\" \/>\n<meta property=\"article:modified_time\" content=\"2021-09-28T18:25:22+00:00\" \/>\n<meta property=\"og:image\" content=\"https:\/\/www.arquimaster.com.ar\/web\/wp-content\/uploads\/2021\/04\/colegio_gestores_slide.jpg\" \/>\n\t<meta property=\"og:image:width\" content=\"698\" \/>\n\t<meta property=\"og:image:height\" content=\"364\" \/>\n\t<meta property=\"og:image:type\" content=\"image\/jpeg\" \/>\n<meta name=\"author\" content=\"Arquimaster\" \/>\n<meta name=\"twitter:card\" content=\"summary_large_image\" \/>\n<meta name=\"twitter:title\" content=\"Colegio Oficial de Gestores Administrativos de Valencia \/ Destudio Arquitectura\" \/>\n<meta name=\"twitter:description\" content=\"Transmitir elegancia y cercan\u00eda mediante el contraste de materiales nobles como la madera, y materiales m\u00e1s contempor\u00e1neos.\" \/>\n<meta name=\"twitter:image\" content=\"https:\/\/www.arquimaster.com.ar\/web\/wp-content\/uploads\/2021\/04\/colegio_gestores_slide.jpg\" \/>\n<meta name=\"twitter:creator\" content=\"@arquimaster\" \/>\n<meta name=\"twitter:site\" content=\"@arquimaster\" \/>\n<meta name=\"twitter:label1\" content=\"Escrito por\" \/>\n\t<meta name=\"twitter:data1\" content=\"Arquimaster\" \/>\n\t<meta name=\"twitter:label2\" content=\"Tiempo de lectura\" \/>\n\t<meta name=\"twitter:data2\" content=\"2 minutos\" \/>\n<script type=\"application\/ld+json\" class=\"yoast-schema-graph\">{\"@context\":\"https:\\\/\\\/schema.org\",\"@graph\":[{\"@type\":\"Article\",\"@id\":\"https:\\\/\\\/www.arquimaster.com.ar\\\/web\\\/colegio-oficial-de-gestores-administrativos-de-valencia-destudio-arquitectura\\\/#article\",\"isPartOf\":{\"@id\":\"https:\\\/\\\/www.arquimaster.com.ar\\\/web\\\/colegio-oficial-de-gestores-administrativos-de-valencia-destudio-arquitectura\\\/\"},\"author\":{\"name\":\"Arquimaster\",\"@id\":\"https:\\\/\\\/www.arquimaster.com.ar\\\/web\\\/#\\\/schema\\\/person\\\/359e9f7c00193fcde068e0dd2ceb0028\"},\"headline\":\"Colegio Oficial de Gestores Administrativos de Valencia \\\/ Destudio Arquitectura\",\"datePublished\":\"2021-04-15T22:55:26+00:00\",\"dateModified\":\"2021-09-28T18:25:22+00:00\",\"mainEntityOfPage\":{\"@id\":\"https:\\\/\\\/www.arquimaster.com.ar\\\/web\\\/colegio-oficial-de-gestores-administrativos-de-valencia-destudio-arquitectura\\\/\"},\"wordCount\":361,\"publisher\":{\"@id\":\"https:\\\/\\\/www.arquimaster.com.ar\\\/web\\\/#organization\"},\"image\":{\"@id\":\"https:\\\/\\\/www.arquimaster.com.ar\\\/web\\\/colegio-oficial-de-gestores-administrativos-de-valencia-destudio-arquitectura\\\/#primaryimage\"},\"thumbnailUrl\":\"https:\\\/\\\/www.arquimaster.com.ar\\\/web\\\/wp-content\\\/uploads\\\/2021\\\/04\\\/colegio_gestores_slide.jpg\",\"keywords\":[\"arquitectura institucional\",\"colegio profesional\",\"Destudio\",\"Destudio Arquitectura\",\"Espa\u00f1a\",\"oficinas\",\"Valencia\"],\"articleSection\":[\"Arquitectura institucional\",\"Proyecto\"],\"inLanguage\":\"es\"},{\"@type\":\"WebPage\",\"@id\":\"https:\\\/\\\/www.arquimaster.com.ar\\\/web\\\/colegio-oficial-de-gestores-administrativos-de-valencia-destudio-arquitectura\\\/\",\"url\":\"https:\\\/\\\/www.arquimaster.com.ar\\\/web\\\/colegio-oficial-de-gestores-administrativos-de-valencia-destudio-arquitectura\\\/\",\"name\":\"Colegio Oficial de Gestores Administrativos de Valencia \\\/ Destudio Arquitectura - Arquimaster\",\"isPartOf\":{\"@id\":\"https:\\\/\\\/www.arquimaster.com.ar\\\/web\\\/#website\"},\"primaryImageOfPage\":{\"@id\":\"https:\\\/\\\/www.arquimaster.com.ar\\\/web\\\/colegio-oficial-de-gestores-administrativos-de-valencia-destudio-arquitectura\\\/#primaryimage\"},\"image\":{\"@id\":\"https:\\\/\\\/www.arquimaster.com.ar\\\/web\\\/colegio-oficial-de-gestores-administrativos-de-valencia-destudio-arquitectura\\\/#primaryimage\"},\"thumbnailUrl\":\"https:\\\/\\\/www.arquimaster.com.ar\\\/web\\\/wp-content\\\/uploads\\\/2021\\\/04\\\/colegio_gestores_slide.jpg\",\"datePublished\":\"2021-04-15T22:55:26+00:00\",\"dateModified\":\"2021-09-28T18:25:22+00:00\",\"description\":\"Transmitir elegancia y cercan\u00eda mediante el contraste de materiales nobles como la madera, y materiales m\u00e1s contempor\u00e1neos.\",\"breadcrumb\":{\"@id\":\"https:\\\/\\\/www.arquimaster.com.ar\\\/web\\\/colegio-oficial-de-gestores-administrativos-de-valencia-destudio-arquitectura\\\/#breadcrumb\"},\"inLanguage\":\"es\",\"potentialAction\":[{\"@type\":\"ReadAction\",\"target\":[\"https:\\\/\\\/www.arquimaster.com.ar\\\/web\\\/colegio-oficial-de-gestores-administrativos-de-valencia-destudio-arquitectura\\\/\"]}]},{\"@type\":\"ImageObject\",\"inLanguage\":\"es\",\"@id\":\"https:\\\/\\\/www.arquimaster.com.ar\\\/web\\\/colegio-oficial-de-gestores-administrativos-de-valencia-destudio-arquitectura\\\/#primaryimage\",\"url\":\"https:\\\/\\\/www.arquimaster.com.ar\\\/web\\\/wp-content\\\/uploads\\\/2021\\\/04\\\/colegio_gestores_slide.jpg\",\"contentUrl\":\"https:\\\/\\\/www.arquimaster.com.ar\\\/web\\\/wp-content\\\/uploads\\\/2021\\\/04\\\/colegio_gestores_slide.jpg\",\"width\":698,\"height\":364,\"caption\":\"Colegio Oficial de Gestores Administrativos de Valencia \\\/ Destudio Arquitectura\"},{\"@type\":\"BreadcrumbList\",\"@id\":\"https:\\\/\\\/www.arquimaster.com.ar\\\/web\\\/colegio-oficial-de-gestores-administrativos-de-valencia-destudio-arquitectura\\\/#breadcrumb\",\"itemListElement\":[{\"@type\":\"ListItem\",\"position\":1,\"name\":\"Portada\",\"item\":\"https:\\\/\\\/www.arquimaster.com.ar\\\/web\\\/\"},{\"@type\":\"ListItem\",\"position\":2,\"name\":\"Colegio Oficial de Gestores Administrativos de Valencia \\\/ Destudio Arquitectura\"}]},{\"@type\":\"WebSite\",\"@id\":\"https:\\\/\\\/www.arquimaster.com.ar\\\/web\\\/#website\",\"url\":\"https:\\\/\\\/www.arquimaster.com.ar\\\/web\\\/\",\"name\":\"Arquimaster\",\"description\":\"Web de arquitectura, dise\u00f1o y construccion\",\"publisher\":{\"@id\":\"https:\\\/\\\/www.arquimaster.com.ar\\\/web\\\/#organization\"},\"potentialAction\":[{\"@type\":\"SearchAction\",\"target\":{\"@type\":\"EntryPoint\",\"urlTemplate\":\"https:\\\/\\\/www.arquimaster.com.ar\\\/web\\\/?s={search_term_string}\"},\"query-input\":{\"@type\":\"PropertyValueSpecification\",\"valueRequired\":true,\"valueName\":\"search_term_string\"}}],\"inLanguage\":\"es\"},{\"@type\":\"Organization\",\"@id\":\"https:\\\/\\\/www.arquimaster.com.ar\\\/web\\\/#organization\",\"name\":\"Arquimaster\",\"url\":\"https:\\\/\\\/www.arquimaster.com.ar\\\/web\\\/\",\"logo\":{\"@type\":\"ImageObject\",\"inLanguage\":\"es\",\"@id\":\"https:\\\/\\\/www.arquimaster.com.ar\\\/web\\\/#\\\/schema\\\/logo\\\/image\\\/\",\"url\":\"https:\\\/\\\/www.arquimaster.com.ar\\\/web\\\/wp-content\\\/uploads\\\/2022\\\/06\\\/arquimaster.png\",\"contentUrl\":\"https:\\\/\\\/www.arquimaster.com.ar\\\/web\\\/wp-content\\\/uploads\\\/2022\\\/06\\\/arquimaster.png\",\"width\":594,\"height\":78,\"caption\":\"Arquimaster\"},\"image\":{\"@id\":\"https:\\\/\\\/www.arquimaster.com.ar\\\/web\\\/#\\\/schema\\\/logo\\\/image\\\/\"},\"sameAs\":[\"http:\\\/\\\/www.facebook.com\\\/ARQUIMASTER.com.ar\",\"https:\\\/\\\/x.com\\\/arquimaster\",\"https:\\\/\\\/www.instagram.com\\\/arquimasterblog\\\/\",\"https:\\\/\\\/www.linkedin.com\\\/company\\\/arquimaster\",\"https:\\\/\\\/www.pinterest.com\\\/arquimaster\",\"https:\\\/\\\/t.me\\\/arquimaster\"]},{\"@type\":\"Person\",\"@id\":\"https:\\\/\\\/www.arquimaster.com.ar\\\/web\\\/#\\\/schema\\\/person\\\/359e9f7c00193fcde068e0dd2ceb0028\",\"name\":\"Arquimaster\"}]}<\/script>\n<!-- \/ Yoast SEO plugin. -->","yoast_head_json":{"title":"Colegio Oficial de Gestores Administrativos de Valencia \/ Destudio Arquitectura - Arquimaster","description":"Transmitir elegancia y cercan\u00eda mediante el contraste de materiales nobles como la madera, y materiales m\u00e1s contempor\u00e1neos.","robots":{"index":"index","follow":"follow","max-snippet":"max-snippet:-1","max-image-preview":"max-image-preview:large","max-video-preview":"max-video-preview:-1"},"canonical":"https:\/\/www.arquimaster.com.ar\/web\/colegio-oficial-de-gestores-administrativos-de-valencia-destudio-arquitectura\/","og_locale":"es_ES","og_type":"article","og_title":"Colegio Oficial de Gestores Administrativos de Valencia \/ Destudio Arquitectura","og_description":"Transmitir elegancia y cercan\u00eda mediante el contraste de materiales nobles como la madera, y materiales m\u00e1s contempor\u00e1neos.","og_url":"https:\/\/www.arquimaster.com.ar\/web\/colegio-oficial-de-gestores-administrativos-de-valencia-destudio-arquitectura\/","og_site_name":"Arquimaster","article_publisher":"http:\/\/www.facebook.com\/ARQUIMASTER.com.ar","article_published_time":"2021-04-15T22:55:26+00:00","article_modified_time":"2021-09-28T18:25:22+00:00","og_image":[{"width":698,"height":364,"url":"https:\/\/www.arquimaster.com.ar\/web\/wp-content\/uploads\/2021\/04\/colegio_gestores_slide.jpg","type":"image\/jpeg"}],"author":"Arquimaster","twitter_card":"summary_large_image","twitter_title":"Colegio Oficial de Gestores Administrativos de Valencia \/ Destudio Arquitectura","twitter_description":"Transmitir elegancia y cercan\u00eda mediante el contraste de materiales nobles como la madera, y materiales m\u00e1s contempor\u00e1neos.","twitter_image":"https:\/\/www.arquimaster.com.ar\/web\/wp-content\/uploads\/2021\/04\/colegio_gestores_slide.jpg","twitter_creator":"@arquimaster","twitter_site":"@arquimaster","twitter_misc":{"Escrito por":"Arquimaster","Tiempo de lectura":"2 minutos"},"schema":{"@context":"https:\/\/schema.org","@graph":[{"@type":"Article","@id":"https:\/\/www.arquimaster.com.ar\/web\/colegio-oficial-de-gestores-administrativos-de-valencia-destudio-arquitectura\/#article","isPartOf":{"@id":"https:\/\/www.arquimaster.com.ar\/web\/colegio-oficial-de-gestores-administrativos-de-valencia-destudio-arquitectura\/"},"author":{"name":"Arquimaster","@id":"https:\/\/www.arquimaster.com.ar\/web\/#\/schema\/person\/359e9f7c00193fcde068e0dd2ceb0028"},"headline":"Colegio Oficial de Gestores Administrativos de Valencia \/ Destudio Arquitectura","datePublished":"2021-04-15T22:55:26+00:00","dateModified":"2021-09-28T18:25:22+00:00","mainEntityOfPage":{"@id":"https:\/\/www.arquimaster.com.ar\/web\/colegio-oficial-de-gestores-administrativos-de-valencia-destudio-arquitectura\/"},"wordCount":361,"publisher":{"@id":"https:\/\/www.arquimaster.com.ar\/web\/#organization"},"image":{"@id":"https:\/\/www.arquimaster.com.ar\/web\/colegio-oficial-de-gestores-administrativos-de-valencia-destudio-arquitectura\/#primaryimage"},"thumbnailUrl":"https:\/\/www.arquimaster.com.ar\/web\/wp-content\/uploads\/2021\/04\/colegio_gestores_slide.jpg","keywords":["arquitectura institucional","colegio profesional","Destudio","Destudio Arquitectura","Espa\u00f1a","oficinas","Valencia"],"articleSection":["Arquitectura institucional","Proyecto"],"inLanguage":"es"},{"@type":"WebPage","@id":"https:\/\/www.arquimaster.com.ar\/web\/colegio-oficial-de-gestores-administrativos-de-valencia-destudio-arquitectura\/","url":"https:\/\/www.arquimaster.com.ar\/web\/colegio-oficial-de-gestores-administrativos-de-valencia-destudio-arquitectura\/","name":"Colegio Oficial de Gestores Administrativos de Valencia \/ Destudio Arquitectura - Arquimaster","isPartOf":{"@id":"https:\/\/www.arquimaster.com.ar\/web\/#website"},"primaryImageOfPage":{"@id":"https:\/\/www.arquimaster.com.ar\/web\/colegio-oficial-de-gestores-administrativos-de-valencia-destudio-arquitectura\/#primaryimage"},"image":{"@id":"https:\/\/www.arquimaster.com.ar\/web\/colegio-oficial-de-gestores-administrativos-de-valencia-destudio-arquitectura\/#primaryimage"},"thumbnailUrl":"https:\/\/www.arquimaster.com.ar\/web\/wp-content\/uploads\/2021\/04\/colegio_gestores_slide.jpg","datePublished":"2021-04-15T22:55:26+00:00","dateModified":"2021-09-28T18:25:22+00:00","description":"Transmitir elegancia y cercan\u00eda mediante el contraste de materiales nobles como la madera, y materiales m\u00e1s contempor\u00e1neos.","breadcrumb":{"@id":"https:\/\/www.arquimaster.com.ar\/web\/colegio-oficial-de-gestores-administrativos-de-valencia-destudio-arquitectura\/#breadcrumb"},"inLanguage":"es","potentialAction":[{"@type":"ReadAction","target":["https:\/\/www.arquimaster.com.ar\/web\/colegio-oficial-de-gestores-administrativos-de-valencia-destudio-arquitectura\/"]}]},{"@type":"ImageObject","inLanguage":"es","@id":"https:\/\/www.arquimaster.com.ar\/web\/colegio-oficial-de-gestores-administrativos-de-valencia-destudio-arquitectura\/#primaryimage","url":"https:\/\/www.arquimaster.com.ar\/web\/wp-content\/uploads\/2021\/04\/colegio_gestores_slide.jpg","contentUrl":"https:\/\/www.arquimaster.com.ar\/web\/wp-content\/uploads\/2021\/04\/colegio_gestores_slide.jpg","width":698,"height":364,"caption":"Colegio Oficial de Gestores Administrativos de Valencia \/ Destudio Arquitectura"},{"@type":"BreadcrumbList","@id":"https:\/\/www.arquimaster.com.ar\/web\/colegio-oficial-de-gestores-administrativos-de-valencia-destudio-arquitectura\/#breadcrumb","itemListElement":[{"@type":"ListItem","position":1,"name":"Portada","item":"https:\/\/www.arquimaster.com.ar\/web\/"},{"@type":"ListItem","position":2,"name":"Colegio Oficial de Gestores Administrativos de Valencia \/ Destudio Arquitectura"}]},{"@type":"WebSite","@id":"https:\/\/www.arquimaster.com.ar\/web\/#website","url":"https:\/\/www.arquimaster.com.ar\/web\/","name":"Arquimaster","description":"Web de arquitectura, dise\u00f1o y construccion","publisher":{"@id":"https:\/\/www.arquimaster.com.ar\/web\/#organization"},"potentialAction":[{"@type":"SearchAction","target":{"@type":"EntryPoint","urlTemplate":"https:\/\/www.arquimaster.com.ar\/web\/?s={search_term_string}"},"query-input":{"@type":"PropertyValueSpecification","valueRequired":true,"valueName":"search_term_string"}}],"inLanguage":"es"},{"@type":"Organization","@id":"https:\/\/www.arquimaster.com.ar\/web\/#organization","name":"Arquimaster","url":"https:\/\/www.arquimaster.com.ar\/web\/","logo":{"@type":"ImageObject","inLanguage":"es","@id":"https:\/\/www.arquimaster.com.ar\/web\/#\/schema\/logo\/image\/","url":"https:\/\/www.arquimaster.com.ar\/web\/wp-content\/uploads\/2022\/06\/arquimaster.png","contentUrl":"https:\/\/www.arquimaster.com.ar\/web\/wp-content\/uploads\/2022\/06\/arquimaster.png","width":594,"height":78,"caption":"Arquimaster"},"image":{"@id":"https:\/\/www.arquimaster.com.ar\/web\/#\/schema\/logo\/image\/"},"sameAs":["http:\/\/www.facebook.com\/ARQUIMASTER.com.ar","https:\/\/x.com\/arquimaster","https:\/\/www.instagram.com\/arquimasterblog\/","https:\/\/www.linkedin.com\/company\/arquimaster","https:\/\/www.pinterest.com\/arquimaster","https:\/\/t.me\/arquimaster"]},{"@type":"Person","@id":"https:\/\/www.arquimaster.com.ar\/web\/#\/schema\/person\/359e9f7c00193fcde068e0dd2ceb0028","name":"Arquimaster"}]}},"uagb_featured_image_src":{"full":["https:\/\/www.arquimaster.com.ar\/web\/wp-content\/uploads\/2021\/04\/colegio_gestores_slide.jpg",698,364,false],"thumbnail":["https:\/\/www.arquimaster.com.ar\/web\/wp-content\/uploads\/2021\/04\/colegio_gestores_slide-150x150.jpg",150,150,true],"medium":["https:\/\/www.arquimaster.com.ar\/web\/wp-content\/uploads\/2021\/04\/colegio_gestores_slide.jpg",698,364,false],"medium_large":["https:\/\/www.arquimaster.com.ar\/web\/wp-content\/uploads\/2021\/04\/colegio_gestores_slide.jpg",698,364,false],"large":["https:\/\/www.arquimaster.com.ar\/web\/wp-content\/uploads\/2021\/04\/colegio_gestores_slide.jpg",698,364,false],"1536x1536":["https:\/\/www.arquimaster.com.ar\/web\/wp-content\/uploads\/2021\/04\/colegio_gestores_slide.jpg",698,364,false],"2048x2048":["https:\/\/www.arquimaster.com.ar\/web\/wp-content\/uploads\/2021\/04\/colegio_gestores_slide.jpg",698,364,false]},"uagb_author_info":{"display_name":"Arquimaster","author_link":"https:\/\/www.arquimaster.com.ar\/web\/author\/arquimaster\/"},"uagb_comment_info":0,"uagb_excerpt":"Transmitir elegancia y cercan\u00eda mediante el contraste de materiales nobles...","_links":{"self":[{"href":"https:\/\/www.arquimaster.com.ar\/web\/wp-json\/wp\/v2\/posts\/64131","targetHints":{"allow":["GET"]}}],"collection":[{"href":"https:\/\/www.arquimaster.com.ar\/web\/wp-json\/wp\/v2\/posts"}],"about":[{"href":"https:\/\/www.arquimaster.com.ar\/web\/wp-json\/wp\/v2\/types\/post"}],"author":[{"embeddable":true,"href":"https:\/\/www.arquimaster.com.ar\/web\/wp-json\/wp\/v2\/users\/1"}],"replies":[{"embeddable":true,"href":"https:\/\/www.arquimaster.com.ar\/web\/wp-json\/wp\/v2\/comments?post=64131"}],"version-history":[{"count":1,"href":"https:\/\/www.arquimaster.com.ar\/web\/wp-json\/wp\/v2\/posts\/64131\/revisions"}],"predecessor-version":[{"id":64161,"href":"https:\/\/www.arquimaster.com.ar\/web\/wp-json\/wp\/v2\/posts\/64131\/revisions\/64161"}],"wp:featuredmedia":[{"embeddable":true,"href":"https:\/\/www.arquimaster.com.ar\/web\/wp-json\/wp\/v2\/media\/64132"}],"wp:attachment":[{"href":"https:\/\/www.arquimaster.com.ar\/web\/wp-json\/wp\/v2\/media?parent=64131"}],"wp:term":[{"taxonomy":"category","embeddable":true,"href":"https:\/\/www.arquimaster.com.ar\/web\/wp-json\/wp\/v2\/categories?post=64131"},{"taxonomy":"post_tag","embeddable":true,"href":"https:\/\/www.arquimaster.com.ar\/web\/wp-json\/wp\/v2\/tags?post=64131"}],"curies":[{"name":"wp","href":"https:\/\/api.w.org\/{rel}","templated":true}]}}