{"id":64271,"date":"2021-04-22T20:10:11","date_gmt":"2021-04-22T23:10:11","guid":{"rendered":"https:\/\/www.arquimaster.com.ar\/web\/?p=64271"},"modified":"2021-10-13T16:33:13","modified_gmt":"2021-10-13T19:33:13","slug":"rehabilitacion-oficinas-bmat-yela-arquitectura","status":"publish","type":"post","link":"https:\/\/www.arquimaster.com.ar\/web\/rehabilitacion-oficinas-bmat-yela-arquitectura\/","title":{"rendered":"Rehabilitaci\u00f3n oficinas BMAT \/ Yela Arquitectura"},"content":{"rendered":"<div style=\"margin-top: 0px; margin-bottom: 0px;\" class=\"sharethis-inline-share-buttons\" ><\/div><div class=\"b812932af2e751442846f039925109de\" data-index=\"1\" style=\"float: none; margin:25px 0 25px 0; text-align:center;\">\n<script async src=\"https:\/\/pagead2.googlesyndication.com\/pagead\/js\/adsbygoogle.js\"><\/script>\r\n<!-- Arquimaster (superior) -->\r\n<ins class=\"adsbygoogle\"\r\n     style=\"display:block\"\r\n     data-ad-client=\"ca-pub-6351072698456832\"\r\n     data-ad-slot=\"6455489680\"\r\n     data-ad-format=\"auto\"\r\n     data-full-width-responsive=\"true\"><\/ins>\r\n<script>\r\n     (adsbygoogle = window.adsbygoogle || []).push({});\r\n<\/script>\n<\/div>\n<p><strong>Rehabilitaci\u00f3n oficinas BMAT<\/strong> (Barcelona) por <strong>Yela Arquitectura<\/strong>. BMAT es una empresa joven, tecnol\u00f3gica e innovadora que surge como spin-off de la Universitat Pompeu Fabra. Se dedican a la identificaci\u00f3n de m\u00fasica en todo tipo de contextos para hacer que el reparto de los derechos musicales se haga de la manera m\u00e1s eficiente, justa y transparente posible. Se caracterizan por aplicar metodolog\u00edas innovadoras en su gesti\u00f3n diaria, ejemplo de ello son flexibilidad absoluta de la jornada laboral, trabajo en remoto, transversalidad, sin jerarqu\u00edas estrictas ni despachos personales para direcci\u00f3n y sitios de trabajo rotativos cada 6 meses.<\/p>\n<div id='gallery-1' class='gallery galleryid-64271 gallery-columns-3 gallery-size-thumbnail'><figure class='gallery-item'>\n\t\t\t<div class='gallery-icon landscape'>\n\t\t\t\t<a href='https:\/\/www.arquimaster.com.ar\/web\/wp-content\/uploads\/2021\/04\/oficinas_bmat1.jpg' title=\"Rehabilitaci\u00f3n oficinas BMAT \/ Yela Arquitectura (\u00a9 Sim\u00f3n Garc\u00eda | arqfoto)\" data-rl_title=\"Rehabilitaci\u00f3n oficinas BMAT \/ Yela Arquitectura (\u00a9 Sim\u00f3n Garc\u00eda | arqfoto)\" class=\"rl-gallery-link\" data-rl_caption=\"Rehabilitaci\u00f3n oficinas BMAT \/ Yela Arquitectura (\u00a9 Sim\u00f3n Garc\u00eda | arqfoto)\" data-rel=\"lightbox-gallery-1\"><img loading=\"lazy\" decoding=\"async\" width=\"150\" height=\"150\" src=\"https:\/\/www.arquimaster.com.ar\/web\/wp-content\/uploads\/2021\/04\/oficinas_bmat1-150x150.jpg\" class=\"attachment-thumbnail size-thumbnail\" alt=\"Rehabilitaci\u00f3n oficinas BMAT \/ Yela Arquitectura\" aria-describedby=\"gallery-1-64273\" \/><\/a>\n\t\t\t<\/div>\n\t\t\t\t<figcaption class='wp-caption-text gallery-caption' id='gallery-1-64273'>\n\t\t\t\tRehabilitaci\u00f3n oficinas BMAT \/ Yela Arquitectura (\u00a9 Sim\u00f3n Garc\u00eda | arqfoto)\n\t\t\t\t<\/figcaption><\/figure><figure class='gallery-item'>\n\t\t\t<div class='gallery-icon landscape'>\n\t\t\t\t<a href='https:\/\/www.arquimaster.com.ar\/web\/wp-content\/uploads\/2021\/04\/oficinas_bmat2.jpg' title=\"Rehabilitaci\u00f3n oficinas BMAT \/ Yela Arquitectura (\u00a9 Sim\u00f3n Garc\u00eda | arqfoto)\" data-rl_title=\"Rehabilitaci\u00f3n oficinas BMAT \/ Yela Arquitectura (\u00a9 Sim\u00f3n Garc\u00eda | arqfoto)\" class=\"rl-gallery-link\" data-rl_caption=\"Rehabilitaci\u00f3n oficinas BMAT \/ Yela Arquitectura (\u00a9 Sim\u00f3n Garc\u00eda | arqfoto)\" data-rel=\"lightbox-gallery-1\"><img loading=\"lazy\" decoding=\"async\" width=\"150\" height=\"150\" src=\"https:\/\/www.arquimaster.com.ar\/web\/wp-content\/uploads\/2021\/04\/oficinas_bmat2-150x150.jpg\" class=\"attachment-thumbnail size-thumbnail\" alt=\"Rehabilitaci\u00f3n oficinas BMAT \/ Yela Arquitectura\" aria-describedby=\"gallery-1-64274\" \/><\/a>\n\t\t\t<\/div>\n\t\t\t\t<figcaption class='wp-caption-text gallery-caption' id='gallery-1-64274'>\n\t\t\t\tRehabilitaci\u00f3n oficinas BMAT \/ Yela Arquitectura (\u00a9 Sim\u00f3n Garc\u00eda | arqfoto)\n\t\t\t\t<\/figcaption><\/figure><figure class='gallery-item'>\n\t\t\t<div class='gallery-icon landscape'>\n\t\t\t\t<a href='https:\/\/www.arquimaster.com.ar\/web\/wp-content\/uploads\/2021\/04\/oficinas_bmat3.jpg' title=\"Rehabilitaci\u00f3n oficinas BMAT \/ Yela Arquitectura (\u00a9 Sim\u00f3n Garc\u00eda | arqfoto)\" data-rl_title=\"Rehabilitaci\u00f3n oficinas BMAT \/ Yela Arquitectura (\u00a9 Sim\u00f3n Garc\u00eda | arqfoto)\" class=\"rl-gallery-link\" data-rl_caption=\"Rehabilitaci\u00f3n oficinas BMAT \/ Yela Arquitectura (\u00a9 Sim\u00f3n Garc\u00eda | arqfoto)\" data-rel=\"lightbox-gallery-1\"><img loading=\"lazy\" decoding=\"async\" width=\"150\" height=\"150\" src=\"https:\/\/www.arquimaster.com.ar\/web\/wp-content\/uploads\/2021\/04\/oficinas_bmat3-150x150.jpg\" class=\"attachment-thumbnail size-thumbnail\" alt=\"Rehabilitaci\u00f3n oficinas BMAT \/ Yela Arquitectura\" aria-describedby=\"gallery-1-64275\" \/><\/a>\n\t\t\t<\/div>\n\t\t\t\t<figcaption class='wp-caption-text gallery-caption' id='gallery-1-64275'>\n\t\t\t\tRehabilitaci\u00f3n oficinas BMAT \/ Yela Arquitectura (\u00a9 Sim\u00f3n Garc\u00eda | arqfoto)\n\t\t\t\t<\/figcaption><\/figure><figure class='gallery-item'>\n\t\t\t<div class='gallery-icon portrait'>\n\t\t\t\t<a href='https:\/\/www.arquimaster.com.ar\/web\/wp-content\/uploads\/2021\/04\/oficinas_bmat4.jpg' title=\"Rehabilitaci\u00f3n oficinas BMAT \/ Yela Arquitectura (\u00a9 Sim\u00f3n Garc\u00eda | arqfoto)\" data-rl_title=\"Rehabilitaci\u00f3n oficinas BMAT \/ Yela Arquitectura (\u00a9 Sim\u00f3n Garc\u00eda | arqfoto)\" class=\"rl-gallery-link\" data-rl_caption=\"Rehabilitaci\u00f3n oficinas BMAT \/ Yela Arquitectura (\u00a9 Sim\u00f3n Garc\u00eda | arqfoto)\" data-rel=\"lightbox-gallery-1\"><img loading=\"lazy\" decoding=\"async\" width=\"150\" height=\"150\" src=\"https:\/\/www.arquimaster.com.ar\/web\/wp-content\/uploads\/2021\/04\/oficinas_bmat4-150x150.jpg\" class=\"attachment-thumbnail size-thumbnail\" alt=\"Rehabilitaci\u00f3n oficinas BMAT \/ Yela Arquitectura\" aria-describedby=\"gallery-1-64276\" \/><\/a>\n\t\t\t<\/div>\n\t\t\t\t<figcaption class='wp-caption-text gallery-caption' id='gallery-1-64276'>\n\t\t\t\tRehabilitaci\u00f3n oficinas BMAT \/ Yela Arquitectura (\u00a9 Sim\u00f3n Garc\u00eda | arqfoto)\n\t\t\t\t<\/figcaption><\/figure><figure class='gallery-item'>\n\t\t\t<div class='gallery-icon landscape'>\n\t\t\t\t<a href='https:\/\/www.arquimaster.com.ar\/web\/wp-content\/uploads\/2021\/04\/oficinas_bmat5.jpg' title=\"Rehabilitaci\u00f3n oficinas BMAT \/ Yela Arquitectura (\u00a9 Sim\u00f3n Garc\u00eda | arqfoto)\" data-rl_title=\"Rehabilitaci\u00f3n oficinas BMAT \/ Yela Arquitectura (\u00a9 Sim\u00f3n Garc\u00eda | arqfoto)\" class=\"rl-gallery-link\" data-rl_caption=\"Rehabilitaci\u00f3n oficinas BMAT \/ Yela Arquitectura (\u00a9 Sim\u00f3n Garc\u00eda | arqfoto)\" data-rel=\"lightbox-gallery-1\"><img loading=\"lazy\" decoding=\"async\" width=\"150\" height=\"150\" src=\"https:\/\/www.arquimaster.com.ar\/web\/wp-content\/uploads\/2021\/04\/oficinas_bmat5-150x150.jpg\" class=\"attachment-thumbnail size-thumbnail\" alt=\"Rehabilitaci\u00f3n oficinas BMAT \/ Yela Arquitectura\" aria-describedby=\"gallery-1-64277\" srcset=\"https:\/\/www.arquimaster.com.ar\/web\/wp-content\/uploads\/2021\/04\/oficinas_bmat5-150x150.jpg 150w, https:\/\/www.arquimaster.com.ar\/web\/wp-content\/uploads\/2021\/04\/oficinas_bmat5-768x767.jpg 768w, https:\/\/www.arquimaster.com.ar\/web\/wp-content\/uploads\/2021\/04\/oficinas_bmat5.jpg 1502w\" sizes=\"auto, (max-width: 150px) 100vw, 150px\" \/><\/a>\n\t\t\t<\/div>\n\t\t\t\t<figcaption class='wp-caption-text gallery-caption' id='gallery-1-64277'>\n\t\t\t\tRehabilitaci\u00f3n oficinas BMAT \/ Yela Arquitectura (\u00a9 Sim\u00f3n Garc\u00eda | arqfoto)\n\t\t\t\t<\/figcaption><\/figure><figure class='gallery-item'>\n\t\t\t<div class='gallery-icon portrait'>\n\t\t\t\t<a href='https:\/\/www.arquimaster.com.ar\/web\/wp-content\/uploads\/2021\/04\/oficinas_bmat6.jpg' title=\"Rehabilitaci\u00f3n oficinas BMAT \/ Yela Arquitectura (\u00a9 Sim\u00f3n Garc\u00eda | arqfoto)\" data-rl_title=\"Rehabilitaci\u00f3n oficinas BMAT \/ Yela Arquitectura (\u00a9 Sim\u00f3n Garc\u00eda | arqfoto)\" class=\"rl-gallery-link\" data-rl_caption=\"Rehabilitaci\u00f3n oficinas BMAT \/ Yela Arquitectura (\u00a9 Sim\u00f3n Garc\u00eda | arqfoto)\" data-rel=\"lightbox-gallery-1\"><img loading=\"lazy\" decoding=\"async\" width=\"150\" height=\"150\" src=\"https:\/\/www.arquimaster.com.ar\/web\/wp-content\/uploads\/2021\/04\/oficinas_bmat6-150x150.jpg\" class=\"attachment-thumbnail size-thumbnail\" alt=\"Rehabilitaci\u00f3n oficinas BMAT \/ Yela Arquitectura\" aria-describedby=\"gallery-1-64278\" \/><\/a>\n\t\t\t<\/div>\n\t\t\t\t<figcaption class='wp-caption-text gallery-caption' id='gallery-1-64278'>\n\t\t\t\tRehabilitaci\u00f3n oficinas BMAT \/ Yela Arquitectura (\u00a9 Sim\u00f3n Garc\u00eda | arqfoto)\n\t\t\t\t<\/figcaption><\/figure><figure class='gallery-item'>\n\t\t\t<div class='gallery-icon landscape'>\n\t\t\t\t<a href='https:\/\/www.arquimaster.com.ar\/web\/wp-content\/uploads\/2021\/04\/oficinas_bmat7.jpg' title=\"Rehabilitaci\u00f3n oficinas BMAT \/ Yela Arquitectura (\u00a9 Sim\u00f3n Garc\u00eda | arqfoto)\" data-rl_title=\"Rehabilitaci\u00f3n oficinas BMAT \/ Yela Arquitectura (\u00a9 Sim\u00f3n Garc\u00eda | arqfoto)\" class=\"rl-gallery-link\" data-rl_caption=\"Rehabilitaci\u00f3n oficinas BMAT \/ Yela Arquitectura (\u00a9 Sim\u00f3n Garc\u00eda | arqfoto)\" data-rel=\"lightbox-gallery-1\"><img loading=\"lazy\" decoding=\"async\" width=\"150\" height=\"150\" src=\"https:\/\/www.arquimaster.com.ar\/web\/wp-content\/uploads\/2021\/04\/oficinas_bmat7-150x150.jpg\" class=\"attachment-thumbnail size-thumbnail\" alt=\"Rehabilitaci\u00f3n oficinas BMAT \/ Yela Arquitectura\" aria-describedby=\"gallery-1-64279\" \/><\/a>\n\t\t\t<\/div>\n\t\t\t\t<figcaption class='wp-caption-text gallery-caption' id='gallery-1-64279'>\n\t\t\t\tRehabilitaci\u00f3n oficinas BMAT \/ Yela Arquitectura (\u00a9 Sim\u00f3n Garc\u00eda | arqfoto)\n\t\t\t\t<\/figcaption><\/figure><figure class='gallery-item'>\n\t\t\t<div class='gallery-icon landscape'>\n\t\t\t\t<a href='https:\/\/www.arquimaster.com.ar\/web\/wp-content\/uploads\/2021\/04\/oficinas_bmat8.jpg' title=\"Rehabilitaci\u00f3n oficinas BMAT \/ Yela Arquitectura (\u00a9 Sim\u00f3n Garc\u00eda | arqfoto)\" data-rl_title=\"Rehabilitaci\u00f3n oficinas BMAT \/ Yela Arquitectura (\u00a9 Sim\u00f3n Garc\u00eda | arqfoto)\" class=\"rl-gallery-link\" data-rl_caption=\"Rehabilitaci\u00f3n oficinas BMAT \/ Yela Arquitectura (\u00a9 Sim\u00f3n Garc\u00eda | arqfoto)\" data-rel=\"lightbox-gallery-1\"><img loading=\"lazy\" decoding=\"async\" width=\"150\" height=\"150\" src=\"https:\/\/www.arquimaster.com.ar\/web\/wp-content\/uploads\/2021\/04\/oficinas_bmat8-150x150.jpg\" class=\"attachment-thumbnail size-thumbnail\" alt=\"Rehabilitaci\u00f3n oficinas BMAT \/ Yela Arquitectura\" aria-describedby=\"gallery-1-64280\" \/><\/a>\n\t\t\t<\/div>\n\t\t\t\t<figcaption class='wp-caption-text gallery-caption' id='gallery-1-64280'>\n\t\t\t\tRehabilitaci\u00f3n oficinas BMAT \/ Yela Arquitectura (\u00a9 Sim\u00f3n Garc\u00eda | arqfoto)\n\t\t\t\t<\/figcaption><\/figure><figure class='gallery-item'>\n\t\t\t<div class='gallery-icon landscape'>\n\t\t\t\t<a href='https:\/\/www.arquimaster.com.ar\/web\/wp-content\/uploads\/2021\/04\/oficinas_bmat9.jpg' title=\"Rehabilitaci\u00f3n oficinas BMAT \/ Yela Arquitectura (\u00a9 Sim\u00f3n Garc\u00eda | arqfoto)\" data-rl_title=\"Rehabilitaci\u00f3n oficinas BMAT \/ Yela Arquitectura (\u00a9 Sim\u00f3n Garc\u00eda | arqfoto)\" class=\"rl-gallery-link\" data-rl_caption=\"Rehabilitaci\u00f3n oficinas BMAT \/ Yela Arquitectura (\u00a9 Sim\u00f3n Garc\u00eda | arqfoto)\" data-rel=\"lightbox-gallery-1\"><img loading=\"lazy\" decoding=\"async\" width=\"150\" height=\"150\" src=\"https:\/\/www.arquimaster.com.ar\/web\/wp-content\/uploads\/2021\/04\/oficinas_bmat9-150x150.jpg\" class=\"attachment-thumbnail size-thumbnail\" alt=\"Rehabilitaci\u00f3n oficinas BMAT \/ Yela Arquitectura\" aria-describedby=\"gallery-1-64281\" \/><\/a>\n\t\t\t<\/div>\n\t\t\t\t<figcaption class='wp-caption-text gallery-caption' id='gallery-1-64281'>\n\t\t\t\tRehabilitaci\u00f3n oficinas BMAT \/ Yela Arquitectura (\u00a9 Sim\u00f3n Garc\u00eda | arqfoto)\n\t\t\t\t<\/figcaption><\/figure><figure class='gallery-item'>\n\t\t\t<div class='gallery-icon landscape'>\n\t\t\t\t<a href='https:\/\/www.arquimaster.com.ar\/web\/wp-content\/uploads\/2021\/04\/oficinas_bmat10.jpg' title=\"Rehabilitaci\u00f3n oficinas BMAT \/ Yela Arquitectura (\u00a9 Sim\u00f3n Garc\u00eda | arqfoto)\" data-rl_title=\"Rehabilitaci\u00f3n oficinas BMAT \/ Yela Arquitectura (\u00a9 Sim\u00f3n Garc\u00eda | arqfoto)\" class=\"rl-gallery-link\" data-rl_caption=\"Rehabilitaci\u00f3n oficinas BMAT \/ Yela Arquitectura (\u00a9 Sim\u00f3n Garc\u00eda | arqfoto)\" data-rel=\"lightbox-gallery-1\"><img loading=\"lazy\" decoding=\"async\" width=\"150\" height=\"150\" src=\"https:\/\/www.arquimaster.com.ar\/web\/wp-content\/uploads\/2021\/04\/oficinas_bmat10-150x150.jpg\" class=\"attachment-thumbnail size-thumbnail\" alt=\"Rehabilitaci\u00f3n oficinas BMAT \/ Yela Arquitectura\" aria-describedby=\"gallery-1-64282\" \/><\/a>\n\t\t\t<\/div>\n\t\t\t\t<figcaption class='wp-caption-text gallery-caption' id='gallery-1-64282'>\n\t\t\t\tRehabilitaci\u00f3n oficinas BMAT \/ Yela Arquitectura (\u00a9 Sim\u00f3n Garc\u00eda | arqfoto)\n\t\t\t\t<\/figcaption><\/figure><figure class='gallery-item'>\n\t\t\t<div class='gallery-icon landscape'>\n\t\t\t\t<a href='https:\/\/www.arquimaster.com.ar\/web\/wp-content\/uploads\/2021\/04\/oficinas_bmat11.jpg' title=\"Rehabilitaci\u00f3n oficinas BMAT \/ Yela Arquitectura (planta baja)\" data-rl_title=\"Rehabilitaci\u00f3n oficinas BMAT \/ Yela Arquitectura (planta baja)\" class=\"rl-gallery-link\" data-rl_caption=\"Rehabilitaci\u00f3n oficinas BMAT \/ Yela Arquitectura (planta baja)\" data-rel=\"lightbox-gallery-1\"><img loading=\"lazy\" decoding=\"async\" width=\"150\" height=\"150\" src=\"https:\/\/www.arquimaster.com.ar\/web\/wp-content\/uploads\/2021\/04\/oficinas_bmat11-150x150.jpg\" class=\"attachment-thumbnail size-thumbnail\" alt=\"Rehabilitaci\u00f3n oficinas BMAT \/ Yela Arquitectura\" aria-describedby=\"gallery-1-64283\" \/><\/a>\n\t\t\t<\/div>\n\t\t\t\t<figcaption class='wp-caption-text gallery-caption' id='gallery-1-64283'>\n\t\t\t\tRehabilitaci\u00f3n oficinas BMAT \/ Yela Arquitectura (planta baja)\n\t\t\t\t<\/figcaption><\/figure><figure class='gallery-item'>\n\t\t\t<div class='gallery-icon landscape'>\n\t\t\t\t<a href='https:\/\/www.arquimaster.com.ar\/web\/wp-content\/uploads\/2021\/04\/oficinas_bmat12.jpg' title=\"Rehabilitaci\u00f3n oficinas BMAT \/ Yela Arquitectura (planta primera)\" data-rl_title=\"Rehabilitaci\u00f3n oficinas BMAT \/ Yela Arquitectura (planta primera)\" class=\"rl-gallery-link\" data-rl_caption=\"Rehabilitaci\u00f3n oficinas BMAT \/ Yela Arquitectura (planta primera)\" data-rel=\"lightbox-gallery-1\"><img loading=\"lazy\" decoding=\"async\" width=\"150\" height=\"150\" src=\"https:\/\/www.arquimaster.com.ar\/web\/wp-content\/uploads\/2021\/04\/oficinas_bmat12-150x150.jpg\" class=\"attachment-thumbnail size-thumbnail\" alt=\"Rehabilitaci\u00f3n oficinas BMAT \/ Yela Arquitectura\" aria-describedby=\"gallery-1-64284\" \/><\/a>\n\t\t\t<\/div>\n\t\t\t\t<figcaption class='wp-caption-text gallery-caption' id='gallery-1-64284'>\n\t\t\t\tRehabilitaci\u00f3n oficinas BMAT \/ Yela Arquitectura (planta primera)\n\t\t\t\t<\/figcaption><\/figure><figure class='gallery-item'>\n\t\t\t<div class='gallery-icon landscape'>\n\t\t\t\t<a href='https:\/\/www.arquimaster.com.ar\/web\/wp-content\/uploads\/2021\/04\/oficinas_bmat13.jpg' title=\"Rehabilitaci\u00f3n oficinas BMAT \/ Yela Arquitectura (planta semisotano)\" data-rl_title=\"Rehabilitaci\u00f3n oficinas BMAT \/ Yela Arquitectura (planta semisotano)\" class=\"rl-gallery-link\" data-rl_caption=\"Rehabilitaci\u00f3n oficinas BMAT \/ Yela Arquitectura (planta semisotano)\" data-rel=\"lightbox-gallery-1\"><img loading=\"lazy\" decoding=\"async\" width=\"150\" height=\"150\" src=\"https:\/\/www.arquimaster.com.ar\/web\/wp-content\/uploads\/2021\/04\/oficinas_bmat13-150x150.jpg\" class=\"attachment-thumbnail size-thumbnail\" alt=\"Rehabilitaci\u00f3n oficinas BMAT \/ Yela Arquitectura\" aria-describedby=\"gallery-1-64285\" \/><\/a>\n\t\t\t<\/div>\n\t\t\t\t<figcaption class='wp-caption-text gallery-caption' id='gallery-1-64285'>\n\t\t\t\tRehabilitaci\u00f3n oficinas BMAT \/ Yela Arquitectura (planta semisotano)\n\t\t\t\t<\/figcaption><\/figure><figure class='gallery-item'>\n\t\t\t<div class='gallery-icon landscape'>\n\t\t\t\t<a href='https:\/\/www.arquimaster.com.ar\/web\/wp-content\/uploads\/2021\/04\/oficinas_bmat14.jpg' title=\"Rehabilitaci\u00f3n oficinas BMAT \/ Yela Arquitectura (corte)\" data-rl_title=\"Rehabilitaci\u00f3n oficinas BMAT \/ Yela Arquitectura (corte)\" class=\"rl-gallery-link\" data-rl_caption=\"Rehabilitaci\u00f3n oficinas BMAT \/ Yela Arquitectura (corte)\" data-rel=\"lightbox-gallery-1\"><img loading=\"lazy\" decoding=\"async\" width=\"150\" height=\"150\" src=\"https:\/\/www.arquimaster.com.ar\/web\/wp-content\/uploads\/2021\/04\/oficinas_bmat14-150x150.jpg\" class=\"attachment-thumbnail size-thumbnail\" alt=\"Rehabilitaci\u00f3n oficinas BMAT \/ Yela Arquitectura\" aria-describedby=\"gallery-1-64286\" \/><\/a>\n\t\t\t<\/div>\n\t\t\t\t<figcaption class='wp-caption-text gallery-caption' id='gallery-1-64286'>\n\t\t\t\tRehabilitaci\u00f3n oficinas BMAT \/ Yela Arquitectura (corte)\n\t\t\t\t<\/figcaption><\/figure><figure class='gallery-item'>\n\t\t\t<div class='gallery-icon landscape'>\n\t\t\t\t<a href='https:\/\/www.arquimaster.com.ar\/web\/wp-content\/uploads\/2021\/04\/oficinas_bmat15.jpg' title=\"Rehabilitaci\u00f3n oficinas BMAT \/ Yela Arquitectura (corte)\" data-rl_title=\"Rehabilitaci\u00f3n oficinas BMAT \/ Yela Arquitectura (corte)\" class=\"rl-gallery-link\" data-rl_caption=\"Rehabilitaci\u00f3n oficinas BMAT \/ Yela Arquitectura (corte)\" data-rel=\"lightbox-gallery-1\"><img loading=\"lazy\" decoding=\"async\" width=\"150\" height=\"150\" src=\"https:\/\/www.arquimaster.com.ar\/web\/wp-content\/uploads\/2021\/04\/oficinas_bmat15-150x150.jpg\" class=\"attachment-thumbnail size-thumbnail\" alt=\"Rehabilitaci\u00f3n oficinas BMAT \/ Yela Arquitectura\" aria-describedby=\"gallery-1-64287\" \/><\/a>\n\t\t\t<\/div>\n\t\t\t\t<figcaption class='wp-caption-text gallery-caption' id='gallery-1-64287'>\n\t\t\t\tRehabilitaci\u00f3n oficinas BMAT \/ Yela Arquitectura (corte)\n\t\t\t\t<\/figcaption><\/figure><figure class='gallery-item'>\n\t\t\t<div class='gallery-icon landscape'>\n\t\t\t\t<a href='https:\/\/www.arquimaster.com.ar\/web\/wp-content\/uploads\/2021\/04\/oficinas_bmat16.jpg' title=\"Rehabilitaci\u00f3n oficinas BMAT \/ Yela Arquitectura (corte)\" data-rl_title=\"Rehabilitaci\u00f3n oficinas BMAT \/ Yela Arquitectura (corte)\" class=\"rl-gallery-link\" data-rl_caption=\"Rehabilitaci\u00f3n oficinas BMAT \/ Yela Arquitectura (corte)\" data-rel=\"lightbox-gallery-1\"><img loading=\"lazy\" decoding=\"async\" width=\"150\" height=\"150\" src=\"https:\/\/www.arquimaster.com.ar\/web\/wp-content\/uploads\/2021\/04\/oficinas_bmat16-150x150.jpg\" class=\"attachment-thumbnail size-thumbnail\" alt=\"Rehabilitaci\u00f3n oficinas BMAT \/ Yela Arquitectura\" aria-describedby=\"gallery-1-64288\" \/><\/a>\n\t\t\t<\/div>\n\t\t\t\t<figcaption class='wp-caption-text gallery-caption' id='gallery-1-64288'>\n\t\t\t\tRehabilitaci\u00f3n oficinas BMAT \/ Yela Arquitectura (corte)\n\t\t\t\t<\/figcaption><\/figure>\n\t\t<\/div>\n\n<p>Estas caracter\u00edsticas de la empresa que fomentan el contacto entre personas y la generaci\u00f3n de ideas marcaron el proceso de dise\u00f1o creando m\u00faltiples espacios de encuentro y relaci\u00f3n con un gran espacio polivalente (y que se proyecta en el jard\u00edn) como centro de la vida comunal.<\/p>\n<p>En contraposici\u00f3n los puestos de trabajo se colocaron en espacios con abundante luz natural y ac\u00fasticamente tranquilos. Se opt\u00f3 por un ambiente c\u00e1lido y relajante que permite una transici\u00f3n de espacio laboral a eventos de ocio y team building.<\/p>\n<p>Al ser BMAT es una empresa fundada por estudiantes que se financia gracias a su actividad y no cuenta con inversores profesionales en su accionariado su filosof\u00eda se basa en el uso creativo de los recursos. Esto se reflej\u00f3 en el proyecto tanto en un presupuesto optimizado de alrededor de 300\u20ac\/m2 como en un dise\u00f1o que huye de soluciones estandarizadas.<\/p>\n<p><strong>Descripci\u00f3n del edificio<\/strong> <br \/>El edificio es el resultado de la uni\u00f3n de dos fincas (previa a la obra aqu\u00ed descrita que se reforz\u00f3 con nuevas aberturas durante el proyecto).<\/p>\n<p><strong>Descripci\u00f3n de la intervenci\u00f3n<\/strong> <br \/>El edificio se encontraba abandonado y estaba en un estado de conservaci\u00f3n precario, por ejemplo las cubiertas eran de fibrocemento y estaban muy deterioradas por lo que se tuvieron que cambiar en su totalidad.<\/p>\n<p>El anterior inquilino era una empresa se doblaje de pel\u00edculas y series. Debido a esto los espacios estaban compartimentados, cerrados e insonorizados. Con la intervenci\u00f3n el espacio se abre a la calle, iluminando los jardines de Can Mantega durante la noche y generando relaciones entre el interior y el exterior del edificio. Dejando de ser un edificio en continua degeneraci\u00f3n para pasar a ser un edificio participe del barrio en el que se ubica.<\/p>\n<p>La obra de rehabilitaci\u00f3n se bas\u00f3 en rescatar la estructura original del edificio y hacer visibles las distintas cicatrices que han generado m\u00e1s de 100 a\u00f1os de diferentes usos. Todos los elementos a\u00f1adidos como la utilizaci\u00f3n de hierro crudo para el cierre de las salas de reuniones o madera sin pulir se ten\u00edan que integrar con el esp\u00edritu industrial del edificio. La mayor\u00eda de paredes se dejaron sin tratar siempre que era posible.<\/p>\n<p><strong>Ficha t\u00e9cnica<\/strong> <br \/>Nombre: Nuevas oficinas BMAT<br \/>Ubicaci\u00f3n: Calle Roses 39, Barcelona<br \/>Arquitecto autor de la obra: Yela Arquitectura, Rafael Yela Canencia<br \/>Arquitectos colaboradores: David Pelaez Nicol\u00e1s y Christian Arques Bautista<br \/>Arquitecto t\u00e9cnico: Jordi Arboix Salvad\u00f3<br \/>Construcci\u00f3n: EFHYS Integral Solutions, S.L.<br \/>Superficie construida: 771,73 m2<br \/>A\u00f1o t\u00e9rmino construcci\u00f3n: 2020<br \/>Fotografias: <a href=\"http:\/\/www.arqfoto.com\" target=\"_blank\" rel=\"noopener\">Sim\u00f3n Garc\u00eda | arqfoto<\/a><\/p>\n<p><strong>Contacto<\/strong><br \/>r@yela.cat<\/p>\n\n\n<div style=\"height:20px\" aria-hidden=\"true\" class=\"wp-block-spacer\"><\/div>\n\n\n<p><em><strong>English version<\/strong><\/em><\/p>\n<p><em>BMAT is a young, technological and innovative company that emerges as a spin-off from the Pompeu Fabra University. They are dedicated to identifying music in all kinds of contexts to make the distribution of musical rights in the most efficient, fair and transparent way possible. It is characterized by applying innovative methodologies in its daily management, an example of this is absolute flexibility of the working day, remote work, transversality, without strict hierarchies or personal offices for management and rotating work sites every 6 months.<\/em><\/p>\n<p><em>These characteristics of the company that foster contact between people and the generation of ideas mark the design process creating multiple meeting spaces and relationships with a large multipurpose space (and that is projected in the garden) as the center of community life. In contrast, the workstations will be placed in spaces with abundant natural light and acoustically calm. Choose a warm and relaxing environment that allows a transition from the workspace to leisure and teamwork events.<\/em><\/p>\n<p><em>As BMAT is a company founded by students that is financed thanks to its activity and does not have professional investors in its shareholding, its philosophy is based on the creative use of resources. This is reflected in the project both in an optimized budget of around \u20ac 300 \/ m2 and in a design that avoids standardized solutions.<\/em><\/p>\n<p><em><strong>Building Description<\/strong><\/em><br><em>The building is the result of the union of two farms (prior to the work described here that was reinforced with new openings during the project).<\/em><\/p>\n<p><em><strong>Description of the intervention<\/strong><\/em><br><em>The building was abandoned and was in a precarious state of preservation, for example the roofs were made of fiber cement and were badly damaged, so they had to be completely replaced.<\/em><\/p>\n<p><em>The previous tenant was a dubbing company for movies and series. Due to this, the spaces were compartmentalized, closed and soundproof. With the intervention, the space opens onto the street, illuminating the Can Mantega gardens at night and generating relationships between the interior and exterior of the building. Ceasing to be a building in continuous degeneration to become a building that participates in the neighborhood in which it is located.<\/em><\/p>\n<p><em>The rehabilitation work was based on rescuing the original structure of the building and making visible the different scars that have generated more than 100 years of different uses. All the added elements such as the use of crude iron to close the meeting rooms or unpolished wood had to be integrated with the industrial spirit of the building. Most of the walls were left untreated whenever possible.<\/em><\/p>\n<div style=\"font-size: 0px; height: 0px; line-height: 0px; margin: 0; padding: 0; clear: both;\"><\/div><div style=\"margin-top: 0px; margin-bottom: 0px;\" class=\"sharethis-inline-share-buttons\" ><\/div>","protected":false},"excerpt":{"rendered":"<p>Se dise\u00f1aron m\u00faltiples espacios de encuentro y relaci\u00f3n con un gran espacio polivalente&#8230;<\/p>\n","protected":false},"author":1,"featured_media":64272,"comment_status":"closed","ping_status":"closed","sticky":false,"template":"","format":"standard","meta":{"_uag_custom_page_level_css":"","footnotes":""},"categories":[76,1],"tags":[1362,679,104,255,7082,680,7081],"class_list":["post-64271","post","type-post","status-publish","format-standard","has-post-thumbnail","hentry","category-arquitectura-corporativa","category-proyecto","tag-arquitectura-corporativa-2","tag-barcelona","tag-espana","tag-oficinas","tag-rafael-yela-canencia","tag-rehabilitacion","tag-yela-arquitectura","generate-columns","tablet-grid-50","mobile-grid-100","grid-parent","grid-50"],"yoast_head":"<!-- This site is optimized with the Yoast SEO plugin v27.3 - https:\/\/yoast.com\/product\/yoast-seo-wordpress\/ -->\n<title>Rehabilitaci\u00f3n oficinas BMAT \/ Yela Arquitectura - Arquimaster<\/title>\n<meta name=\"description\" content=\"Se dise\u00f1aron m\u00faltiples espacios de encuentro y relaci\u00f3n con un gran espacio polivalente (y que se proyecta en el jard\u00edn) como centro de la vida comunal.\" \/>\n<meta name=\"robots\" content=\"index, follow, max-snippet:-1, max-image-preview:large, max-video-preview:-1\" \/>\n<link rel=\"canonical\" href=\"https:\/\/www.arquimaster.com.ar\/web\/rehabilitacion-oficinas-bmat-yela-arquitectura\/\" \/>\n<meta property=\"og:locale\" content=\"es_ES\" \/>\n<meta property=\"og:type\" content=\"article\" \/>\n<meta property=\"og:title\" content=\"Rehabilitaci\u00f3n oficinas BMAT \/ Yela Arquitectura\" \/>\n<meta property=\"og:description\" content=\"Se dise\u00f1aron m\u00faltiples espacios de encuentro y relaci\u00f3n con un gran espacio polivalente (y que se proyecta en el jard\u00edn) como centro de la vida comunal.\" \/>\n<meta property=\"og:url\" content=\"https:\/\/www.arquimaster.com.ar\/web\/rehabilitacion-oficinas-bmat-yela-arquitectura\/\" \/>\n<meta property=\"og:site_name\" content=\"Arquimaster\" \/>\n<meta property=\"article:publisher\" content=\"http:\/\/www.facebook.com\/ARQUIMASTER.com.ar\" \/>\n<meta property=\"article:published_time\" content=\"2021-04-22T23:10:11+00:00\" \/>\n<meta property=\"article:modified_time\" content=\"2021-10-13T19:33:13+00:00\" \/>\n<meta property=\"og:image\" content=\"https:\/\/www.arquimaster.com.ar\/web\/wp-content\/uploads\/2021\/04\/oficinas_bmat_slide.jpg\" \/>\n\t<meta property=\"og:image:width\" content=\"698\" \/>\n\t<meta property=\"og:image:height\" content=\"364\" \/>\n\t<meta property=\"og:image:type\" content=\"image\/jpeg\" \/>\n<meta name=\"author\" content=\"Arquimaster\" \/>\n<meta name=\"twitter:card\" content=\"summary_large_image\" \/>\n<meta name=\"twitter:title\" content=\"Rehabilitaci\u00f3n oficinas BMAT \/ Yela Arquitectura\" \/>\n<meta name=\"twitter:description\" content=\"Se dise\u00f1aron m\u00faltiples espacios de encuentro y relaci\u00f3n con un gran espacio polivalente (y que se proyecta en el jard\u00edn) como centro de la vida comunal.\" \/>\n<meta name=\"twitter:image\" content=\"https:\/\/www.arquimaster.com.ar\/web\/wp-content\/uploads\/2021\/04\/oficinas_bmat_slide.jpg\" \/>\n<meta name=\"twitter:creator\" content=\"@arquimaster\" \/>\n<meta name=\"twitter:site\" content=\"@arquimaster\" \/>\n<meta name=\"twitter:label1\" content=\"Escrito por\" \/>\n\t<meta name=\"twitter:data1\" content=\"Arquimaster\" \/>\n\t<meta name=\"twitter:label2\" content=\"Tiempo de lectura\" \/>\n\t<meta name=\"twitter:data2\" content=\"5 minutos\" \/>\n<script type=\"application\/ld+json\" class=\"yoast-schema-graph\">{\"@context\":\"https:\\\/\\\/schema.org\",\"@graph\":[{\"@type\":\"Article\",\"@id\":\"https:\\\/\\\/www.arquimaster.com.ar\\\/web\\\/rehabilitacion-oficinas-bmat-yela-arquitectura\\\/#article\",\"isPartOf\":{\"@id\":\"https:\\\/\\\/www.arquimaster.com.ar\\\/web\\\/rehabilitacion-oficinas-bmat-yela-arquitectura\\\/\"},\"author\":{\"name\":\"Arquimaster\",\"@id\":\"https:\\\/\\\/www.arquimaster.com.ar\\\/web\\\/#\\\/schema\\\/person\\\/359e9f7c00193fcde068e0dd2ceb0028\"},\"headline\":\"Rehabilitaci\u00f3n oficinas BMAT \\\/ Yela Arquitectura\",\"datePublished\":\"2021-04-22T23:10:11+00:00\",\"dateModified\":\"2021-10-13T19:33:13+00:00\",\"mainEntityOfPage\":{\"@id\":\"https:\\\/\\\/www.arquimaster.com.ar\\\/web\\\/rehabilitacion-oficinas-bmat-yela-arquitectura\\\/\"},\"wordCount\":980,\"publisher\":{\"@id\":\"https:\\\/\\\/www.arquimaster.com.ar\\\/web\\\/#organization\"},\"image\":{\"@id\":\"https:\\\/\\\/www.arquimaster.com.ar\\\/web\\\/rehabilitacion-oficinas-bmat-yela-arquitectura\\\/#primaryimage\"},\"thumbnailUrl\":\"https:\\\/\\\/www.arquimaster.com.ar\\\/web\\\/wp-content\\\/uploads\\\/2021\\\/04\\\/oficinas_bmat_slide.jpg\",\"keywords\":[\"arquitectura corporativa\",\"Barcelona\",\"Espa\u00f1a\",\"oficinas\",\"Rafael Yela Canencia\",\"rehabilitaci\u00f3n\",\"Yela Arquitectura\"],\"articleSection\":[\"Arquitectura corporativa\",\"Proyecto\"],\"inLanguage\":\"es\"},{\"@type\":\"WebPage\",\"@id\":\"https:\\\/\\\/www.arquimaster.com.ar\\\/web\\\/rehabilitacion-oficinas-bmat-yela-arquitectura\\\/\",\"url\":\"https:\\\/\\\/www.arquimaster.com.ar\\\/web\\\/rehabilitacion-oficinas-bmat-yela-arquitectura\\\/\",\"name\":\"Rehabilitaci\u00f3n oficinas BMAT \\\/ Yela Arquitectura - Arquimaster\",\"isPartOf\":{\"@id\":\"https:\\\/\\\/www.arquimaster.com.ar\\\/web\\\/#website\"},\"primaryImageOfPage\":{\"@id\":\"https:\\\/\\\/www.arquimaster.com.ar\\\/web\\\/rehabilitacion-oficinas-bmat-yela-arquitectura\\\/#primaryimage\"},\"image\":{\"@id\":\"https:\\\/\\\/www.arquimaster.com.ar\\\/web\\\/rehabilitacion-oficinas-bmat-yela-arquitectura\\\/#primaryimage\"},\"thumbnailUrl\":\"https:\\\/\\\/www.arquimaster.com.ar\\\/web\\\/wp-content\\\/uploads\\\/2021\\\/04\\\/oficinas_bmat_slide.jpg\",\"datePublished\":\"2021-04-22T23:10:11+00:00\",\"dateModified\":\"2021-10-13T19:33:13+00:00\",\"description\":\"Se dise\u00f1aron m\u00faltiples espacios de encuentro y relaci\u00f3n con un gran espacio polivalente (y que se proyecta en el jard\u00edn) como centro de la vida comunal.\",\"breadcrumb\":{\"@id\":\"https:\\\/\\\/www.arquimaster.com.ar\\\/web\\\/rehabilitacion-oficinas-bmat-yela-arquitectura\\\/#breadcrumb\"},\"inLanguage\":\"es\",\"potentialAction\":[{\"@type\":\"ReadAction\",\"target\":[\"https:\\\/\\\/www.arquimaster.com.ar\\\/web\\\/rehabilitacion-oficinas-bmat-yela-arquitectura\\\/\"]}]},{\"@type\":\"ImageObject\",\"inLanguage\":\"es\",\"@id\":\"https:\\\/\\\/www.arquimaster.com.ar\\\/web\\\/rehabilitacion-oficinas-bmat-yela-arquitectura\\\/#primaryimage\",\"url\":\"https:\\\/\\\/www.arquimaster.com.ar\\\/web\\\/wp-content\\\/uploads\\\/2021\\\/04\\\/oficinas_bmat_slide.jpg\",\"contentUrl\":\"https:\\\/\\\/www.arquimaster.com.ar\\\/web\\\/wp-content\\\/uploads\\\/2021\\\/04\\\/oficinas_bmat_slide.jpg\",\"width\":698,\"height\":364,\"caption\":\"Rehabilitaci\u00f3n oficinas BMAT \\\/ Yela Arquitectura\"},{\"@type\":\"BreadcrumbList\",\"@id\":\"https:\\\/\\\/www.arquimaster.com.ar\\\/web\\\/rehabilitacion-oficinas-bmat-yela-arquitectura\\\/#breadcrumb\",\"itemListElement\":[{\"@type\":\"ListItem\",\"position\":1,\"name\":\"Portada\",\"item\":\"https:\\\/\\\/www.arquimaster.com.ar\\\/web\\\/\"},{\"@type\":\"ListItem\",\"position\":2,\"name\":\"Rehabilitaci\u00f3n oficinas BMAT \\\/ Yela Arquitectura\"}]},{\"@type\":\"WebSite\",\"@id\":\"https:\\\/\\\/www.arquimaster.com.ar\\\/web\\\/#website\",\"url\":\"https:\\\/\\\/www.arquimaster.com.ar\\\/web\\\/\",\"name\":\"Arquimaster\",\"description\":\"Web de arquitectura, dise\u00f1o y construccion\",\"publisher\":{\"@id\":\"https:\\\/\\\/www.arquimaster.com.ar\\\/web\\\/#organization\"},\"potentialAction\":[{\"@type\":\"SearchAction\",\"target\":{\"@type\":\"EntryPoint\",\"urlTemplate\":\"https:\\\/\\\/www.arquimaster.com.ar\\\/web\\\/?s={search_term_string}\"},\"query-input\":{\"@type\":\"PropertyValueSpecification\",\"valueRequired\":true,\"valueName\":\"search_term_string\"}}],\"inLanguage\":\"es\"},{\"@type\":\"Organization\",\"@id\":\"https:\\\/\\\/www.arquimaster.com.ar\\\/web\\\/#organization\",\"name\":\"Arquimaster\",\"url\":\"https:\\\/\\\/www.arquimaster.com.ar\\\/web\\\/\",\"logo\":{\"@type\":\"ImageObject\",\"inLanguage\":\"es\",\"@id\":\"https:\\\/\\\/www.arquimaster.com.ar\\\/web\\\/#\\\/schema\\\/logo\\\/image\\\/\",\"url\":\"https:\\\/\\\/www.arquimaster.com.ar\\\/web\\\/wp-content\\\/uploads\\\/2022\\\/06\\\/arquimaster.png\",\"contentUrl\":\"https:\\\/\\\/www.arquimaster.com.ar\\\/web\\\/wp-content\\\/uploads\\\/2022\\\/06\\\/arquimaster.png\",\"width\":594,\"height\":78,\"caption\":\"Arquimaster\"},\"image\":{\"@id\":\"https:\\\/\\\/www.arquimaster.com.ar\\\/web\\\/#\\\/schema\\\/logo\\\/image\\\/\"},\"sameAs\":[\"http:\\\/\\\/www.facebook.com\\\/ARQUIMASTER.com.ar\",\"https:\\\/\\\/x.com\\\/arquimaster\",\"https:\\\/\\\/www.instagram.com\\\/arquimasterblog\\\/\",\"https:\\\/\\\/www.linkedin.com\\\/company\\\/arquimaster\",\"https:\\\/\\\/www.pinterest.com\\\/arquimaster\",\"https:\\\/\\\/t.me\\\/arquimaster\"]},{\"@type\":\"Person\",\"@id\":\"https:\\\/\\\/www.arquimaster.com.ar\\\/web\\\/#\\\/schema\\\/person\\\/359e9f7c00193fcde068e0dd2ceb0028\",\"name\":\"Arquimaster\"}]}<\/script>\n<!-- \/ Yoast SEO plugin. -->","yoast_head_json":{"title":"Rehabilitaci\u00f3n oficinas BMAT \/ Yela Arquitectura - Arquimaster","description":"Se dise\u00f1aron m\u00faltiples espacios de encuentro y relaci\u00f3n con un gran espacio polivalente (y que se proyecta en el jard\u00edn) como centro de la vida comunal.","robots":{"index":"index","follow":"follow","max-snippet":"max-snippet:-1","max-image-preview":"max-image-preview:large","max-video-preview":"max-video-preview:-1"},"canonical":"https:\/\/www.arquimaster.com.ar\/web\/rehabilitacion-oficinas-bmat-yela-arquitectura\/","og_locale":"es_ES","og_type":"article","og_title":"Rehabilitaci\u00f3n oficinas BMAT \/ Yela Arquitectura","og_description":"Se dise\u00f1aron m\u00faltiples espacios de encuentro y relaci\u00f3n con un gran espacio polivalente (y que se proyecta en el jard\u00edn) como centro de la vida comunal.","og_url":"https:\/\/www.arquimaster.com.ar\/web\/rehabilitacion-oficinas-bmat-yela-arquitectura\/","og_site_name":"Arquimaster","article_publisher":"http:\/\/www.facebook.com\/ARQUIMASTER.com.ar","article_published_time":"2021-04-22T23:10:11+00:00","article_modified_time":"2021-10-13T19:33:13+00:00","og_image":[{"width":698,"height":364,"url":"https:\/\/www.arquimaster.com.ar\/web\/wp-content\/uploads\/2021\/04\/oficinas_bmat_slide.jpg","type":"image\/jpeg"}],"author":"Arquimaster","twitter_card":"summary_large_image","twitter_title":"Rehabilitaci\u00f3n oficinas BMAT \/ Yela Arquitectura","twitter_description":"Se dise\u00f1aron m\u00faltiples espacios de encuentro y relaci\u00f3n con un gran espacio polivalente (y que se proyecta en el jard\u00edn) como centro de la vida comunal.","twitter_image":"https:\/\/www.arquimaster.com.ar\/web\/wp-content\/uploads\/2021\/04\/oficinas_bmat_slide.jpg","twitter_creator":"@arquimaster","twitter_site":"@arquimaster","twitter_misc":{"Escrito por":"Arquimaster","Tiempo de lectura":"5 minutos"},"schema":{"@context":"https:\/\/schema.org","@graph":[{"@type":"Article","@id":"https:\/\/www.arquimaster.com.ar\/web\/rehabilitacion-oficinas-bmat-yela-arquitectura\/#article","isPartOf":{"@id":"https:\/\/www.arquimaster.com.ar\/web\/rehabilitacion-oficinas-bmat-yela-arquitectura\/"},"author":{"name":"Arquimaster","@id":"https:\/\/www.arquimaster.com.ar\/web\/#\/schema\/person\/359e9f7c00193fcde068e0dd2ceb0028"},"headline":"Rehabilitaci\u00f3n oficinas BMAT \/ Yela Arquitectura","datePublished":"2021-04-22T23:10:11+00:00","dateModified":"2021-10-13T19:33:13+00:00","mainEntityOfPage":{"@id":"https:\/\/www.arquimaster.com.ar\/web\/rehabilitacion-oficinas-bmat-yela-arquitectura\/"},"wordCount":980,"publisher":{"@id":"https:\/\/www.arquimaster.com.ar\/web\/#organization"},"image":{"@id":"https:\/\/www.arquimaster.com.ar\/web\/rehabilitacion-oficinas-bmat-yela-arquitectura\/#primaryimage"},"thumbnailUrl":"https:\/\/www.arquimaster.com.ar\/web\/wp-content\/uploads\/2021\/04\/oficinas_bmat_slide.jpg","keywords":["arquitectura corporativa","Barcelona","Espa\u00f1a","oficinas","Rafael Yela Canencia","rehabilitaci\u00f3n","Yela Arquitectura"],"articleSection":["Arquitectura corporativa","Proyecto"],"inLanguage":"es"},{"@type":"WebPage","@id":"https:\/\/www.arquimaster.com.ar\/web\/rehabilitacion-oficinas-bmat-yela-arquitectura\/","url":"https:\/\/www.arquimaster.com.ar\/web\/rehabilitacion-oficinas-bmat-yela-arquitectura\/","name":"Rehabilitaci\u00f3n oficinas BMAT \/ Yela Arquitectura - Arquimaster","isPartOf":{"@id":"https:\/\/www.arquimaster.com.ar\/web\/#website"},"primaryImageOfPage":{"@id":"https:\/\/www.arquimaster.com.ar\/web\/rehabilitacion-oficinas-bmat-yela-arquitectura\/#primaryimage"},"image":{"@id":"https:\/\/www.arquimaster.com.ar\/web\/rehabilitacion-oficinas-bmat-yela-arquitectura\/#primaryimage"},"thumbnailUrl":"https:\/\/www.arquimaster.com.ar\/web\/wp-content\/uploads\/2021\/04\/oficinas_bmat_slide.jpg","datePublished":"2021-04-22T23:10:11+00:00","dateModified":"2021-10-13T19:33:13+00:00","description":"Se dise\u00f1aron m\u00faltiples espacios de encuentro y relaci\u00f3n con un gran espacio polivalente (y que se proyecta en el jard\u00edn) como centro de la vida comunal.","breadcrumb":{"@id":"https:\/\/www.arquimaster.com.ar\/web\/rehabilitacion-oficinas-bmat-yela-arquitectura\/#breadcrumb"},"inLanguage":"es","potentialAction":[{"@type":"ReadAction","target":["https:\/\/www.arquimaster.com.ar\/web\/rehabilitacion-oficinas-bmat-yela-arquitectura\/"]}]},{"@type":"ImageObject","inLanguage":"es","@id":"https:\/\/www.arquimaster.com.ar\/web\/rehabilitacion-oficinas-bmat-yela-arquitectura\/#primaryimage","url":"https:\/\/www.arquimaster.com.ar\/web\/wp-content\/uploads\/2021\/04\/oficinas_bmat_slide.jpg","contentUrl":"https:\/\/www.arquimaster.com.ar\/web\/wp-content\/uploads\/2021\/04\/oficinas_bmat_slide.jpg","width":698,"height":364,"caption":"Rehabilitaci\u00f3n oficinas BMAT \/ Yela Arquitectura"},{"@type":"BreadcrumbList","@id":"https:\/\/www.arquimaster.com.ar\/web\/rehabilitacion-oficinas-bmat-yela-arquitectura\/#breadcrumb","itemListElement":[{"@type":"ListItem","position":1,"name":"Portada","item":"https:\/\/www.arquimaster.com.ar\/web\/"},{"@type":"ListItem","position":2,"name":"Rehabilitaci\u00f3n oficinas BMAT \/ Yela Arquitectura"}]},{"@type":"WebSite","@id":"https:\/\/www.arquimaster.com.ar\/web\/#website","url":"https:\/\/www.arquimaster.com.ar\/web\/","name":"Arquimaster","description":"Web de arquitectura, dise\u00f1o y construccion","publisher":{"@id":"https:\/\/www.arquimaster.com.ar\/web\/#organization"},"potentialAction":[{"@type":"SearchAction","target":{"@type":"EntryPoint","urlTemplate":"https:\/\/www.arquimaster.com.ar\/web\/?s={search_term_string}"},"query-input":{"@type":"PropertyValueSpecification","valueRequired":true,"valueName":"search_term_string"}}],"inLanguage":"es"},{"@type":"Organization","@id":"https:\/\/www.arquimaster.com.ar\/web\/#organization","name":"Arquimaster","url":"https:\/\/www.arquimaster.com.ar\/web\/","logo":{"@type":"ImageObject","inLanguage":"es","@id":"https:\/\/www.arquimaster.com.ar\/web\/#\/schema\/logo\/image\/","url":"https:\/\/www.arquimaster.com.ar\/web\/wp-content\/uploads\/2022\/06\/arquimaster.png","contentUrl":"https:\/\/www.arquimaster.com.ar\/web\/wp-content\/uploads\/2022\/06\/arquimaster.png","width":594,"height":78,"caption":"Arquimaster"},"image":{"@id":"https:\/\/www.arquimaster.com.ar\/web\/#\/schema\/logo\/image\/"},"sameAs":["http:\/\/www.facebook.com\/ARQUIMASTER.com.ar","https:\/\/x.com\/arquimaster","https:\/\/www.instagram.com\/arquimasterblog\/","https:\/\/www.linkedin.com\/company\/arquimaster","https:\/\/www.pinterest.com\/arquimaster","https:\/\/t.me\/arquimaster"]},{"@type":"Person","@id":"https:\/\/www.arquimaster.com.ar\/web\/#\/schema\/person\/359e9f7c00193fcde068e0dd2ceb0028","name":"Arquimaster"}]}},"uagb_featured_image_src":{"full":["https:\/\/www.arquimaster.com.ar\/web\/wp-content\/uploads\/2021\/04\/oficinas_bmat_slide.jpg",698,364,false],"thumbnail":["https:\/\/www.arquimaster.com.ar\/web\/wp-content\/uploads\/2021\/04\/oficinas_bmat_slide-150x150.jpg",150,150,true],"medium":["https:\/\/www.arquimaster.com.ar\/web\/wp-content\/uploads\/2021\/04\/oficinas_bmat_slide.jpg",698,364,false],"medium_large":["https:\/\/www.arquimaster.com.ar\/web\/wp-content\/uploads\/2021\/04\/oficinas_bmat_slide.jpg",698,364,false],"large":["https:\/\/www.arquimaster.com.ar\/web\/wp-content\/uploads\/2021\/04\/oficinas_bmat_slide.jpg",698,364,false],"1536x1536":["https:\/\/www.arquimaster.com.ar\/web\/wp-content\/uploads\/2021\/04\/oficinas_bmat_slide.jpg",698,364,false],"2048x2048":["https:\/\/www.arquimaster.com.ar\/web\/wp-content\/uploads\/2021\/04\/oficinas_bmat_slide.jpg",698,364,false]},"uagb_author_info":{"display_name":"Arquimaster","author_link":"https:\/\/www.arquimaster.com.ar\/web\/author\/arquimaster\/"},"uagb_comment_info":0,"uagb_excerpt":"Se dise\u00f1aron m\u00faltiples espacios de encuentro y relaci\u00f3n con un gran espacio polivalente...","_links":{"self":[{"href":"https:\/\/www.arquimaster.com.ar\/web\/wp-json\/wp\/v2\/posts\/64271","targetHints":{"allow":["GET"]}}],"collection":[{"href":"https:\/\/www.arquimaster.com.ar\/web\/wp-json\/wp\/v2\/posts"}],"about":[{"href":"https:\/\/www.arquimaster.com.ar\/web\/wp-json\/wp\/v2\/types\/post"}],"author":[{"embeddable":true,"href":"https:\/\/www.arquimaster.com.ar\/web\/wp-json\/wp\/v2\/users\/1"}],"replies":[{"embeddable":true,"href":"https:\/\/www.arquimaster.com.ar\/web\/wp-json\/wp\/v2\/comments?post=64271"}],"version-history":[{"count":2,"href":"https:\/\/www.arquimaster.com.ar\/web\/wp-json\/wp\/v2\/posts\/64271\/revisions"}],"predecessor-version":[{"id":67613,"href":"https:\/\/www.arquimaster.com.ar\/web\/wp-json\/wp\/v2\/posts\/64271\/revisions\/67613"}],"wp:featuredmedia":[{"embeddable":true,"href":"https:\/\/www.arquimaster.com.ar\/web\/wp-json\/wp\/v2\/media\/64272"}],"wp:attachment":[{"href":"https:\/\/www.arquimaster.com.ar\/web\/wp-json\/wp\/v2\/media?parent=64271"}],"wp:term":[{"taxonomy":"category","embeddable":true,"href":"https:\/\/www.arquimaster.com.ar\/web\/wp-json\/wp\/v2\/categories?post=64271"},{"taxonomy":"post_tag","embeddable":true,"href":"https:\/\/www.arquimaster.com.ar\/web\/wp-json\/wp\/v2\/tags?post=64271"}],"curies":[{"name":"wp","href":"https:\/\/api.w.org\/{rel}","templated":true}]}}