{"id":64447,"date":"2021-04-29T19:49:27","date_gmt":"2021-04-29T22:49:27","guid":{"rendered":"https:\/\/www.arquimaster.com.ar\/web\/?p=64447"},"modified":"2026-03-29T20:44:21","modified_gmt":"2026-03-29T23:44:21","slug":"rehabilitacion-edifici-del-coneixement-cpva-arquitectes","status":"publish","type":"post","link":"https:\/\/www.arquimaster.com.ar\/web\/rehabilitacion-edifici-del-coneixement-cpva-arquitectes\/","title":{"rendered":"Rehabilitaci\u00f3n Edifici del Coneixement \/ CPVA Arquitectes"},"content":{"rendered":"<div style=\"margin-top: 0px; margin-bottom: 0px;\" class=\"sharethis-inline-share-buttons\" ><\/div><div class=\"b812932af2e751442846f039925109de\" data-index=\"1\" style=\"float: none; margin:25px 0 25px 0; text-align:center;\">\n<script async src=\"https:\/\/pagead2.googlesyndication.com\/pagead\/js\/adsbygoogle.js\"><\/script>\r\n<!-- Arquimaster (superior) -->\r\n<ins class=\"adsbygoogle\"\r\n     style=\"display:block\"\r\n     data-ad-client=\"ca-pub-6351072698456832\"\r\n     data-ad-slot=\"6455489680\"\r\n     data-ad-format=\"auto\"\r\n     data-full-width-responsive=\"true\"><\/ins>\r\n<script>\r\n     (adsbygoogle = window.adsbygoogle || []).push({});\r\n<\/script>\n<\/div>\n<p><strong>Rehabilitaci\u00f3n Edifici del Coneixement<\/strong> (Granollers, Barcelona) por <strong>CPVA Arquitectes<\/strong>. El edificio forma parte del conjunto del antiguo Asilo del Hospital de Granollers. Es una construcci\u00f3n modernista de inicios del Siglo XX del arquitecto Josep M\u00aa Mir\u00f3 y Guibernau catalogada como Bien Cultural de Inter\u00e9s Local.<\/p>\n<div id='gallery-1' class='gallery galleryid-64447 gallery-columns-3 gallery-size-thumbnail'><figure class='gallery-item'>\n\t\t\t<div class='gallery-icon landscape'>\n\t\t\t\t<a href='https:\/\/www.arquimaster.com.ar\/web\/wp-content\/uploads\/2021\/04\/rehabilitacion_edificio_coneixement1.jpg' title=\"Rehabilitaci\u00f3n Edifici del Coneixement \/ CPVA Arquitectes (\u00a9 Sim\u00f3n Garc\u00eda | arqfoto)\" data-rl_title=\"Rehabilitaci\u00f3n Edifici del Coneixement \/ CPVA Arquitectes (\u00a9 Sim\u00f3n Garc\u00eda | arqfoto)\" class=\"rl-gallery-link\" data-rl_caption=\"Rehabilitaci\u00f3n Edifici del Coneixement \/ CPVA Arquitectes (\u00a9 Sim\u00f3n Garc\u00eda | arqfoto)\" data-rel=\"lightbox-gallery-1\"><img loading=\"lazy\" decoding=\"async\" width=\"150\" height=\"150\" src=\"https:\/\/www.arquimaster.com.ar\/web\/wp-content\/uploads\/2021\/04\/rehabilitacion_edificio_coneixement1-150x150.jpg\" class=\"attachment-thumbnail size-thumbnail\" alt=\"Rehabilitaci\u00f3n Edifici del Coneixement \/ CPVA Arquitectes\" aria-describedby=\"gallery-1-64449\" srcset=\"https:\/\/www.arquimaster.com.ar\/web\/wp-content\/uploads\/2021\/04\/rehabilitacion_edificio_coneixement1-150x150.jpg 150w, https:\/\/www.arquimaster.com.ar\/web\/wp-content\/uploads\/2021\/04\/rehabilitacion_edificio_coneixement1-768x767.jpg 768w, https:\/\/www.arquimaster.com.ar\/web\/wp-content\/uploads\/2021\/04\/rehabilitacion_edificio_coneixement1.jpg 1500w\" sizes=\"auto, (max-width: 150px) 100vw, 150px\" \/><\/a>\n\t\t\t<\/div>\n\t\t\t\t<figcaption class='wp-caption-text gallery-caption' id='gallery-1-64449'>\n\t\t\t\tRehabilitaci\u00f3n Edifici del Coneixement \/ CPVA Arquitectes (\u00a9 Sim\u00f3n Garc\u00eda | arqfoto)\n\t\t\t\t<\/figcaption><\/figure><figure class='gallery-item'>\n\t\t\t<div class='gallery-icon landscape'>\n\t\t\t\t<a href='https:\/\/www.arquimaster.com.ar\/web\/wp-content\/uploads\/2021\/04\/rehabilitacion_edificio_coneixement2.jpg' title=\"Rehabilitaci\u00f3n Edifici del Coneixement \/ CPVA Arquitectes (\u00a9 Sim\u00f3n Garc\u00eda | arqfoto)\" data-rl_title=\"Rehabilitaci\u00f3n Edifici del Coneixement \/ CPVA Arquitectes (\u00a9 Sim\u00f3n Garc\u00eda | arqfoto)\" class=\"rl-gallery-link\" data-rl_caption=\"Rehabilitaci\u00f3n Edifici del Coneixement \/ CPVA Arquitectes (\u00a9 Sim\u00f3n Garc\u00eda | arqfoto)\" data-rel=\"lightbox-gallery-1\"><img loading=\"lazy\" decoding=\"async\" width=\"150\" height=\"150\" src=\"https:\/\/www.arquimaster.com.ar\/web\/wp-content\/uploads\/2021\/04\/rehabilitacion_edificio_coneixement2-150x150.jpg\" class=\"attachment-thumbnail size-thumbnail\" alt=\"Rehabilitaci\u00f3n Edifici del Coneixement \/ CPVA Arquitectes\" aria-describedby=\"gallery-1-64450\" \/><\/a>\n\t\t\t<\/div>\n\t\t\t\t<figcaption class='wp-caption-text gallery-caption' id='gallery-1-64450'>\n\t\t\t\tRehabilitaci\u00f3n Edifici del Coneixement \/ CPVA Arquitectes (\u00a9 Sim\u00f3n Garc\u00eda | arqfoto)\n\t\t\t\t<\/figcaption><\/figure><figure class='gallery-item'>\n\t\t\t<div class='gallery-icon landscape'>\n\t\t\t\t<a href='https:\/\/www.arquimaster.com.ar\/web\/wp-content\/uploads\/2021\/04\/rehabilitacion_edificio_coneixement3.jpg' title=\"Rehabilitaci\u00f3n Edifici del Coneixement \/ CPVA Arquitectes (\u00a9 Sim\u00f3n Garc\u00eda | arqfoto)\" data-rl_title=\"Rehabilitaci\u00f3n Edifici del Coneixement \/ CPVA Arquitectes (\u00a9 Sim\u00f3n Garc\u00eda | arqfoto)\" class=\"rl-gallery-link\" data-rl_caption=\"Rehabilitaci\u00f3n Edifici del Coneixement \/ CPVA Arquitectes (\u00a9 Sim\u00f3n Garc\u00eda | arqfoto)\" data-rel=\"lightbox-gallery-1\"><img loading=\"lazy\" decoding=\"async\" width=\"150\" height=\"150\" src=\"https:\/\/www.arquimaster.com.ar\/web\/wp-content\/uploads\/2021\/04\/rehabilitacion_edificio_coneixement3-150x150.jpg\" class=\"attachment-thumbnail size-thumbnail\" alt=\"Rehabilitaci\u00f3n Edifici del Coneixement \/ CPVA Arquitectes\" aria-describedby=\"gallery-1-64451\" \/><\/a>\n\t\t\t<\/div>\n\t\t\t\t<figcaption class='wp-caption-text gallery-caption' id='gallery-1-64451'>\n\t\t\t\tRehabilitaci\u00f3n Edifici del Coneixement \/ CPVA Arquitectes (\u00a9 Sim\u00f3n Garc\u00eda | arqfoto)\n\t\t\t\t<\/figcaption><\/figure><figure class='gallery-item'>\n\t\t\t<div class='gallery-icon landscape'>\n\t\t\t\t<a href='https:\/\/www.arquimaster.com.ar\/web\/wp-content\/uploads\/2021\/04\/rehabilitacion_edificio_coneixement4.jpg' title=\"Rehabilitaci\u00f3n Edifici del Coneixement \/ CPVA Arquitectes (\u00a9 Sim\u00f3n Garc\u00eda | arqfoto)\" data-rl_title=\"Rehabilitaci\u00f3n Edifici del Coneixement \/ CPVA Arquitectes (\u00a9 Sim\u00f3n Garc\u00eda | arqfoto)\" class=\"rl-gallery-link\" data-rl_caption=\"Rehabilitaci\u00f3n Edifici del Coneixement \/ CPVA Arquitectes (\u00a9 Sim\u00f3n Garc\u00eda | arqfoto)\" data-rel=\"lightbox-gallery-1\"><img loading=\"lazy\" decoding=\"async\" width=\"150\" height=\"150\" src=\"https:\/\/www.arquimaster.com.ar\/web\/wp-content\/uploads\/2021\/04\/rehabilitacion_edificio_coneixement4-150x150.jpg\" class=\"attachment-thumbnail size-thumbnail\" alt=\"Rehabilitaci\u00f3n Edifici del Coneixement \/ CPVA Arquitectes\" aria-describedby=\"gallery-1-64452\" \/><\/a>\n\t\t\t<\/div>\n\t\t\t\t<figcaption class='wp-caption-text gallery-caption' id='gallery-1-64452'>\n\t\t\t\tRehabilitaci\u00f3n Edifici del Coneixement \/ CPVA Arquitectes (\u00a9 Sim\u00f3n Garc\u00eda | arqfoto)\n\t\t\t\t<\/figcaption><\/figure><figure class='gallery-item'>\n\t\t\t<div class='gallery-icon landscape'>\n\t\t\t\t<a href='https:\/\/www.arquimaster.com.ar\/web\/wp-content\/uploads\/2021\/04\/rehabilitacion_edificio_coneixement5.jpg' title=\"Rehabilitaci\u00f3n Edifici del Coneixement \/ CPVA Arquitectes (\u00a9 Sim\u00f3n Garc\u00eda | arqfoto)\" data-rl_title=\"Rehabilitaci\u00f3n Edifici del Coneixement \/ CPVA Arquitectes (\u00a9 Sim\u00f3n Garc\u00eda | arqfoto)\" class=\"rl-gallery-link\" data-rl_caption=\"Rehabilitaci\u00f3n Edifici del Coneixement \/ CPVA Arquitectes (\u00a9 Sim\u00f3n Garc\u00eda | arqfoto)\" data-rel=\"lightbox-gallery-1\"><img loading=\"lazy\" decoding=\"async\" width=\"150\" height=\"150\" src=\"https:\/\/www.arquimaster.com.ar\/web\/wp-content\/uploads\/2021\/04\/rehabilitacion_edificio_coneixement5-150x150.jpg\" class=\"attachment-thumbnail size-thumbnail\" alt=\"Rehabilitaci\u00f3n Edifici del Coneixement \/ CPVA Arquitectes\" aria-describedby=\"gallery-1-64453\" \/><\/a>\n\t\t\t<\/div>\n\t\t\t\t<figcaption class='wp-caption-text gallery-caption' id='gallery-1-64453'>\n\t\t\t\tRehabilitaci\u00f3n Edifici del Coneixement \/ CPVA Arquitectes (\u00a9 Sim\u00f3n Garc\u00eda | arqfoto)\n\t\t\t\t<\/figcaption><\/figure><figure class='gallery-item'>\n\t\t\t<div class='gallery-icon landscape'>\n\t\t\t\t<a href='https:\/\/www.arquimaster.com.ar\/web\/wp-content\/uploads\/2021\/04\/rehabilitacion_edificio_coneixement6.jpg' title=\"Rehabilitaci\u00f3n Edifici del Coneixement \/ CPVA Arquitectes (\u00a9 Sim\u00f3n Garc\u00eda | arqfoto)\" data-rl_title=\"Rehabilitaci\u00f3n Edifici del Coneixement \/ CPVA Arquitectes (\u00a9 Sim\u00f3n Garc\u00eda | arqfoto)\" class=\"rl-gallery-link\" data-rl_caption=\"Rehabilitaci\u00f3n Edifici del Coneixement \/ CPVA Arquitectes (\u00a9 Sim\u00f3n Garc\u00eda | arqfoto)\" data-rel=\"lightbox-gallery-1\"><img loading=\"lazy\" decoding=\"async\" width=\"150\" height=\"150\" src=\"https:\/\/www.arquimaster.com.ar\/web\/wp-content\/uploads\/2021\/04\/rehabilitacion_edificio_coneixement6-150x150.jpg\" class=\"attachment-thumbnail size-thumbnail\" alt=\"Rehabilitaci\u00f3n Edifici del Coneixement \/ CPVA Arquitectes\" aria-describedby=\"gallery-1-64454\" \/><\/a>\n\t\t\t<\/div>\n\t\t\t\t<figcaption class='wp-caption-text gallery-caption' id='gallery-1-64454'>\n\t\t\t\tRehabilitaci\u00f3n Edifici del Coneixement \/ CPVA Arquitectes (\u00a9 Sim\u00f3n Garc\u00eda | arqfoto)\n\t\t\t\t<\/figcaption><\/figure><figure class='gallery-item'>\n\t\t\t<div class='gallery-icon landscape'>\n\t\t\t\t<a href='https:\/\/www.arquimaster.com.ar\/web\/wp-content\/uploads\/2021\/04\/rehabilitacion_edificio_coneixement7.jpg' title=\"Rehabilitaci\u00f3n Edifici del Coneixement \/ CPVA Arquitectes (\u00a9 Sim\u00f3n Garc\u00eda | arqfoto)\" data-rl_title=\"Rehabilitaci\u00f3n Edifici del Coneixement \/ CPVA Arquitectes (\u00a9 Sim\u00f3n Garc\u00eda | arqfoto)\" class=\"rl-gallery-link\" data-rl_caption=\"Rehabilitaci\u00f3n Edifici del Coneixement \/ CPVA Arquitectes (\u00a9 Sim\u00f3n Garc\u00eda | arqfoto)\" data-rel=\"lightbox-gallery-1\"><img loading=\"lazy\" decoding=\"async\" width=\"150\" height=\"150\" src=\"https:\/\/www.arquimaster.com.ar\/web\/wp-content\/uploads\/2021\/04\/rehabilitacion_edificio_coneixement7-150x150.jpg\" class=\"attachment-thumbnail size-thumbnail\" alt=\"Rehabilitaci\u00f3n Edifici del Coneixement \/ CPVA Arquitectes\" aria-describedby=\"gallery-1-64455\" \/><\/a>\n\t\t\t<\/div>\n\t\t\t\t<figcaption class='wp-caption-text gallery-caption' id='gallery-1-64455'>\n\t\t\t\tRehabilitaci\u00f3n Edifici del Coneixement \/ CPVA Arquitectes (\u00a9 Sim\u00f3n Garc\u00eda | arqfoto)\n\t\t\t\t<\/figcaption><\/figure><figure class='gallery-item'>\n\t\t\t<div class='gallery-icon landscape'>\n\t\t\t\t<a href='https:\/\/www.arquimaster.com.ar\/web\/wp-content\/uploads\/2021\/04\/rehabilitacion_edificio_coneixement8.jpg' title=\"Rehabilitaci\u00f3n Edifici del Coneixement \/ CPVA Arquitectes (\u00a9 Sim\u00f3n Garc\u00eda | arqfoto)\" data-rl_title=\"Rehabilitaci\u00f3n Edifici del Coneixement \/ CPVA Arquitectes (\u00a9 Sim\u00f3n Garc\u00eda | arqfoto)\" class=\"rl-gallery-link\" data-rl_caption=\"Rehabilitaci\u00f3n Edifici del Coneixement \/ CPVA Arquitectes (\u00a9 Sim\u00f3n Garc\u00eda | arqfoto)\" data-rel=\"lightbox-gallery-1\"><img loading=\"lazy\" decoding=\"async\" width=\"150\" height=\"150\" src=\"https:\/\/www.arquimaster.com.ar\/web\/wp-content\/uploads\/2021\/04\/rehabilitacion_edificio_coneixement8-150x150.jpg\" class=\"attachment-thumbnail size-thumbnail\" alt=\"Rehabilitaci\u00f3n Edifici del Coneixement \/ CPVA Arquitectes\" aria-describedby=\"gallery-1-64456\" \/><\/a>\n\t\t\t<\/div>\n\t\t\t\t<figcaption class='wp-caption-text gallery-caption' id='gallery-1-64456'>\n\t\t\t\tRehabilitaci\u00f3n Edifici del Coneixement \/ CPVA Arquitectes (\u00a9 Sim\u00f3n Garc\u00eda | arqfoto)\n\t\t\t\t<\/figcaption><\/figure><figure class='gallery-item'>\n\t\t\t<div class='gallery-icon landscape'>\n\t\t\t\t<a href='https:\/\/www.arquimaster.com.ar\/web\/wp-content\/uploads\/2021\/04\/rehabilitacion_edificio_coneixement9.jpg' title=\"Rehabilitaci\u00f3n Edifici del Coneixement \/ CPVA Arquitectes (\u00a9 Sim\u00f3n Garc\u00eda | arqfoto)\" data-rl_title=\"Rehabilitaci\u00f3n Edifici del Coneixement \/ CPVA Arquitectes (\u00a9 Sim\u00f3n Garc\u00eda | arqfoto)\" class=\"rl-gallery-link\" data-rl_caption=\"Rehabilitaci\u00f3n Edifici del Coneixement \/ CPVA Arquitectes (\u00a9 Sim\u00f3n Garc\u00eda | arqfoto)\" data-rel=\"lightbox-gallery-1\"><img loading=\"lazy\" decoding=\"async\" width=\"150\" height=\"150\" src=\"https:\/\/www.arquimaster.com.ar\/web\/wp-content\/uploads\/2021\/04\/rehabilitacion_edificio_coneixement9-150x150.jpg\" class=\"attachment-thumbnail size-thumbnail\" alt=\"Rehabilitaci\u00f3n Edifici del Coneixement \/ CPVA Arquitectes\" aria-describedby=\"gallery-1-64457\" \/><\/a>\n\t\t\t<\/div>\n\t\t\t\t<figcaption class='wp-caption-text gallery-caption' id='gallery-1-64457'>\n\t\t\t\tRehabilitaci\u00f3n Edifici del Coneixement \/ CPVA Arquitectes (\u00a9 Sim\u00f3n Garc\u00eda | arqfoto)\n\t\t\t\t<\/figcaption><\/figure><figure class='gallery-item'>\n\t\t\t<div class='gallery-icon landscape'>\n\t\t\t\t<a href='https:\/\/www.arquimaster.com.ar\/web\/wp-content\/uploads\/2021\/04\/rehabilitacion_edificio_coneixement10.jpg' title=\"Rehabilitaci\u00f3n Edifici del Coneixement \/ CPVA Arquitectes (\u00a9 Sim\u00f3n Garc\u00eda | arqfoto)\" data-rl_title=\"Rehabilitaci\u00f3n Edifici del Coneixement \/ CPVA Arquitectes (\u00a9 Sim\u00f3n Garc\u00eda | arqfoto)\" class=\"rl-gallery-link\" data-rl_caption=\"Rehabilitaci\u00f3n Edifici del Coneixement \/ CPVA Arquitectes (\u00a9 Sim\u00f3n Garc\u00eda | arqfoto)\" data-rel=\"lightbox-gallery-1\"><img loading=\"lazy\" decoding=\"async\" width=\"150\" height=\"150\" src=\"https:\/\/www.arquimaster.com.ar\/web\/wp-content\/uploads\/2021\/04\/rehabilitacion_edificio_coneixement10-150x150.jpg\" class=\"attachment-thumbnail size-thumbnail\" alt=\"Rehabilitaci\u00f3n Edifici del Coneixement \/ CPVA Arquitectes\" aria-describedby=\"gallery-1-64458\" \/><\/a>\n\t\t\t<\/div>\n\t\t\t\t<figcaption class='wp-caption-text gallery-caption' id='gallery-1-64458'>\n\t\t\t\tRehabilitaci\u00f3n Edifici del Coneixement \/ CPVA Arquitectes (\u00a9 Sim\u00f3n Garc\u00eda | arqfoto)\n\t\t\t\t<\/figcaption><\/figure><figure class='gallery-item'>\n\t\t\t<div class='gallery-icon landscape'>\n\t\t\t\t<a href='https:\/\/www.arquimaster.com.ar\/web\/wp-content\/uploads\/2021\/04\/rehabilitacion_edificio_coneixement11.jpg' title=\"Rehabilitaci\u00f3n Edifici del Coneixement \/ CPVA Arquitectes (emplazamiento)\" data-rl_title=\"Rehabilitaci\u00f3n Edifici del Coneixement \/ CPVA Arquitectes (emplazamiento)\" class=\"rl-gallery-link\" data-rl_caption=\"Rehabilitaci\u00f3n Edifici del Coneixement \/ CPVA Arquitectes (emplazamiento)\" data-rel=\"lightbox-gallery-1\"><img loading=\"lazy\" decoding=\"async\" width=\"150\" height=\"150\" src=\"https:\/\/www.arquimaster.com.ar\/web\/wp-content\/uploads\/2021\/04\/rehabilitacion_edificio_coneixement11-150x150.jpg\" class=\"attachment-thumbnail size-thumbnail\" alt=\"Rehabilitaci\u00f3n Edifici del Coneixement \/ CPVA Arquitectes\" aria-describedby=\"gallery-1-64459\" \/><\/a>\n\t\t\t<\/div>\n\t\t\t\t<figcaption class='wp-caption-text gallery-caption' id='gallery-1-64459'>\n\t\t\t\tRehabilitaci\u00f3n Edifici del Coneixement \/ CPVA Arquitectes (emplazamiento)\n\t\t\t\t<\/figcaption><\/figure><figure class='gallery-item'>\n\t\t\t<div class='gallery-icon landscape'>\n\t\t\t\t<a href='https:\/\/www.arquimaster.com.ar\/web\/wp-content\/uploads\/2021\/04\/rehabilitacion_edificio_coneixement12.jpg' title=\"Rehabilitaci\u00f3n Edifici del Coneixement \/ CPVA Arquitectes (situacion)\" data-rl_title=\"Rehabilitaci\u00f3n Edifici del Coneixement \/ CPVA Arquitectes (situacion)\" class=\"rl-gallery-link\" data-rl_caption=\"Rehabilitaci\u00f3n Edifici del Coneixement \/ CPVA Arquitectes (situacion)\" data-rel=\"lightbox-gallery-1\"><img loading=\"lazy\" decoding=\"async\" width=\"150\" height=\"150\" src=\"https:\/\/www.arquimaster.com.ar\/web\/wp-content\/uploads\/2021\/04\/rehabilitacion_edificio_coneixement12-150x150.jpg\" class=\"attachment-thumbnail size-thumbnail\" alt=\"Rehabilitaci\u00f3n Edifici del Coneixement \/ CPVA Arquitectes\" aria-describedby=\"gallery-1-64460\" \/><\/a>\n\t\t\t<\/div>\n\t\t\t\t<figcaption class='wp-caption-text gallery-caption' id='gallery-1-64460'>\n\t\t\t\tRehabilitaci\u00f3n Edifici del Coneixement \/ CPVA Arquitectes (situacion)\n\t\t\t\t<\/figcaption><\/figure><figure class='gallery-item'>\n\t\t\t<div class='gallery-icon landscape'>\n\t\t\t\t<a href='https:\/\/www.arquimaster.com.ar\/web\/wp-content\/uploads\/2021\/04\/rehabilitacion_edificio_coneixement13.jpg' title=\"Rehabilitaci\u00f3n Edifici del Coneixement \/ CPVA Arquitectes (planta baja)\" data-rl_title=\"Rehabilitaci\u00f3n Edifici del Coneixement \/ CPVA Arquitectes (planta baja)\" class=\"rl-gallery-link\" data-rl_caption=\"Rehabilitaci\u00f3n Edifici del Coneixement \/ CPVA Arquitectes (planta baja)\" data-rel=\"lightbox-gallery-1\"><img loading=\"lazy\" decoding=\"async\" width=\"150\" height=\"150\" src=\"https:\/\/www.arquimaster.com.ar\/web\/wp-content\/uploads\/2021\/04\/rehabilitacion_edificio_coneixement13-150x150.jpg\" class=\"attachment-thumbnail size-thumbnail\" alt=\"Rehabilitaci\u00f3n Edifici del Coneixement \/ CPVA Arquitectes\" aria-describedby=\"gallery-1-64461\" \/><\/a>\n\t\t\t<\/div>\n\t\t\t\t<figcaption class='wp-caption-text gallery-caption' id='gallery-1-64461'>\n\t\t\t\tRehabilitaci\u00f3n Edifici del Coneixement \/ CPVA Arquitectes (planta baja)\n\t\t\t\t<\/figcaption><\/figure><figure class='gallery-item'>\n\t\t\t<div class='gallery-icon landscape'>\n\t\t\t\t<a href='https:\/\/www.arquimaster.com.ar\/web\/wp-content\/uploads\/2021\/04\/rehabilitacion_edificio_coneixement14.jpg' title=\"Rehabilitaci\u00f3n Edifici del Coneixement \/ CPVA Arquitectes (planta alta)\" data-rl_title=\"Rehabilitaci\u00f3n Edifici del Coneixement \/ CPVA Arquitectes (planta alta)\" class=\"rl-gallery-link\" data-rl_caption=\"Rehabilitaci\u00f3n Edifici del Coneixement \/ CPVA Arquitectes (planta alta)\" data-rel=\"lightbox-gallery-1\"><img loading=\"lazy\" decoding=\"async\" width=\"150\" height=\"150\" src=\"https:\/\/www.arquimaster.com.ar\/web\/wp-content\/uploads\/2021\/04\/rehabilitacion_edificio_coneixement14-150x150.jpg\" class=\"attachment-thumbnail size-thumbnail\" alt=\"Rehabilitaci\u00f3n Edifici del Coneixement \/ CPVA Arquitectes\" aria-describedby=\"gallery-1-64462\" \/><\/a>\n\t\t\t<\/div>\n\t\t\t\t<figcaption class='wp-caption-text gallery-caption' id='gallery-1-64462'>\n\t\t\t\tRehabilitaci\u00f3n Edifici del Coneixement \/ CPVA Arquitectes (planta alta)\n\t\t\t\t<\/figcaption><\/figure><figure class='gallery-item'>\n\t\t\t<div class='gallery-icon landscape'>\n\t\t\t\t<a href='https:\/\/www.arquimaster.com.ar\/web\/wp-content\/uploads\/2021\/04\/rehabilitacion_edificio_coneixement15.jpg' title=\"Rehabilitaci\u00f3n Edifici del Coneixement \/ CPVA Arquitectes (planta sotano)\" data-rl_title=\"Rehabilitaci\u00f3n Edifici del Coneixement \/ CPVA Arquitectes (planta sotano)\" class=\"rl-gallery-link\" data-rl_caption=\"Rehabilitaci\u00f3n Edifici del Coneixement \/ CPVA Arquitectes (planta sotano)\" data-rel=\"lightbox-gallery-1\"><img loading=\"lazy\" decoding=\"async\" width=\"150\" height=\"150\" src=\"https:\/\/www.arquimaster.com.ar\/web\/wp-content\/uploads\/2021\/04\/rehabilitacion_edificio_coneixement15-150x150.jpg\" class=\"attachment-thumbnail size-thumbnail\" alt=\"Rehabilitaci\u00f3n Edifici del Coneixement \/ CPVA Arquitectes\" aria-describedby=\"gallery-1-64463\" \/><\/a>\n\t\t\t<\/div>\n\t\t\t\t<figcaption class='wp-caption-text gallery-caption' id='gallery-1-64463'>\n\t\t\t\tRehabilitaci\u00f3n Edifici del Coneixement \/ CPVA Arquitectes (planta sotano)\n\t\t\t\t<\/figcaption><\/figure><figure class='gallery-item'>\n\t\t\t<div class='gallery-icon landscape'>\n\t\t\t\t<a href='https:\/\/www.arquimaster.com.ar\/web\/wp-content\/uploads\/2021\/04\/rehabilitacion_edificio_coneixement16.jpg' title=\"Rehabilitaci\u00f3n Edifici del Coneixement \/ CPVA Arquitectes (corte)\" data-rl_title=\"Rehabilitaci\u00f3n Edifici del Coneixement \/ CPVA Arquitectes (corte)\" class=\"rl-gallery-link\" data-rl_caption=\"Rehabilitaci\u00f3n Edifici del Coneixement \/ CPVA Arquitectes (corte)\" data-rel=\"lightbox-gallery-1\"><img loading=\"lazy\" decoding=\"async\" width=\"150\" height=\"150\" src=\"https:\/\/www.arquimaster.com.ar\/web\/wp-content\/uploads\/2021\/04\/rehabilitacion_edificio_coneixement16-150x150.jpg\" class=\"attachment-thumbnail size-thumbnail\" alt=\"Rehabilitaci\u00f3n Edifici del Coneixement \/ CPVA Arquitectes\" aria-describedby=\"gallery-1-64464\" \/><\/a>\n\t\t\t<\/div>\n\t\t\t\t<figcaption class='wp-caption-text gallery-caption' id='gallery-1-64464'>\n\t\t\t\tRehabilitaci\u00f3n Edifici del Coneixement \/ CPVA Arquitectes (corte)\n\t\t\t\t<\/figcaption><\/figure><figure class='gallery-item'>\n\t\t\t<div class='gallery-icon portrait'>\n\t\t\t\t<a href='https:\/\/www.arquimaster.com.ar\/web\/wp-content\/uploads\/2021\/04\/rehabilitacion_edificio_coneixement17.jpg' title=\"Rehabilitaci\u00f3n Edifici del Coneixement \/ CPVA Arquitectes (corte)\" data-rl_title=\"Rehabilitaci\u00f3n Edifici del Coneixement \/ CPVA Arquitectes (corte)\" class=\"rl-gallery-link\" data-rl_caption=\"Rehabilitaci\u00f3n Edifici del Coneixement \/ CPVA Arquitectes (corte)\" data-rel=\"lightbox-gallery-1\"><img loading=\"lazy\" decoding=\"async\" width=\"150\" height=\"150\" src=\"https:\/\/www.arquimaster.com.ar\/web\/wp-content\/uploads\/2021\/04\/rehabilitacion_edificio_coneixement17-150x150.jpg\" class=\"attachment-thumbnail size-thumbnail\" alt=\"Rehabilitaci\u00f3n Edifici del Coneixement \/ CPVA Arquitectes\" aria-describedby=\"gallery-1-64465\" \/><\/a>\n\t\t\t<\/div>\n\t\t\t\t<figcaption class='wp-caption-text gallery-caption' id='gallery-1-64465'>\n\t\t\t\tRehabilitaci\u00f3n Edifici del Coneixement \/ CPVA Arquitectes (corte)\n\t\t\t\t<\/figcaption><\/figure><figure class='gallery-item'>\n\t\t\t<div class='gallery-icon portrait'>\n\t\t\t\t<a href='https:\/\/www.arquimaster.com.ar\/web\/wp-content\/uploads\/2021\/04\/rehabilitacion_edificio_coneixement18.jpg' title=\"Rehabilitaci\u00f3n Edifici del Coneixement \/ CPVA Arquitectes (corte)\" data-rl_title=\"Rehabilitaci\u00f3n Edifici del Coneixement \/ CPVA Arquitectes (corte)\" class=\"rl-gallery-link\" data-rl_caption=\"Rehabilitaci\u00f3n Edifici del Coneixement \/ CPVA Arquitectes (corte)\" data-rel=\"lightbox-gallery-1\"><img loading=\"lazy\" decoding=\"async\" width=\"150\" height=\"150\" src=\"https:\/\/www.arquimaster.com.ar\/web\/wp-content\/uploads\/2021\/04\/rehabilitacion_edificio_coneixement18-150x150.jpg\" class=\"attachment-thumbnail size-thumbnail\" alt=\"Rehabilitaci\u00f3n Edifici del Coneixement \/ CPVA Arquitectes\" aria-describedby=\"gallery-1-64466\" \/><\/a>\n\t\t\t<\/div>\n\t\t\t\t<figcaption class='wp-caption-text gallery-caption' id='gallery-1-64466'>\n\t\t\t\tRehabilitaci\u00f3n Edifici del Coneixement \/ CPVA Arquitectes (corte)\n\t\t\t\t<\/figcaption><\/figure><figure class='gallery-item'>\n\t\t\t<div class='gallery-icon landscape'>\n\t\t\t\t<a href='https:\/\/www.arquimaster.com.ar\/web\/wp-content\/uploads\/2021\/04\/rehabilitacion_edificio_coneixement20.jpg' title=\"Rehabilitaci\u00f3n Edifici del Coneixement \/ CPVA Arquitectes (vista frente)\" data-rl_title=\"Rehabilitaci\u00f3n Edifici del Coneixement \/ CPVA Arquitectes (vista frente)\" class=\"rl-gallery-link\" data-rl_caption=\"Rehabilitaci\u00f3n Edifici del Coneixement \/ CPVA Arquitectes (vista frente)\" data-rel=\"lightbox-gallery-1\"><img loading=\"lazy\" decoding=\"async\" width=\"150\" height=\"150\" src=\"https:\/\/www.arquimaster.com.ar\/web\/wp-content\/uploads\/2021\/04\/rehabilitacion_edificio_coneixement20-150x150.jpg\" class=\"attachment-thumbnail size-thumbnail\" alt=\"Rehabilitaci\u00f3n Edifici del Coneixement \/ CPVA Arquitectes\" aria-describedby=\"gallery-1-64468\" \/><\/a>\n\t\t\t<\/div>\n\t\t\t\t<figcaption class='wp-caption-text gallery-caption' id='gallery-1-64468'>\n\t\t\t\tRehabilitaci\u00f3n Edifici del Coneixement \/ CPVA Arquitectes (vista frente)\n\t\t\t\t<\/figcaption><\/figure><figure class='gallery-item'>\n\t\t\t<div class='gallery-icon landscape'>\n\t\t\t\t<a href='https:\/\/www.arquimaster.com.ar\/web\/wp-content\/uploads\/2021\/04\/rehabilitacion_edificio_coneixement22.jpg' title=\"Rehabilitaci\u00f3n Edifici del Coneixement \/ CPVA Arquitectes (vista posterior)\" data-rl_title=\"Rehabilitaci\u00f3n Edifici del Coneixement \/ CPVA Arquitectes (vista posterior)\" class=\"rl-gallery-link\" data-rl_caption=\"Rehabilitaci\u00f3n Edifici del Coneixement \/ CPVA Arquitectes (vista posterior)\" data-rel=\"lightbox-gallery-1\"><img loading=\"lazy\" decoding=\"async\" width=\"150\" height=\"150\" src=\"https:\/\/www.arquimaster.com.ar\/web\/wp-content\/uploads\/2021\/04\/rehabilitacion_edificio_coneixement22-150x150.jpg\" class=\"attachment-thumbnail size-thumbnail\" alt=\"Rehabilitaci\u00f3n Edifici del Coneixement \/ CPVA Arquitectes\" aria-describedby=\"gallery-1-64470\" \/><\/a>\n\t\t\t<\/div>\n\t\t\t\t<figcaption class='wp-caption-text gallery-caption' id='gallery-1-64470'>\n\t\t\t\tRehabilitaci\u00f3n Edifici del Coneixement \/ CPVA Arquitectes (vista posterior)\n\t\t\t\t<\/figcaption><\/figure><figure class='gallery-item'>\n\t\t\t<div class='gallery-icon portrait'>\n\t\t\t\t<a href='https:\/\/www.arquimaster.com.ar\/web\/wp-content\/uploads\/2021\/04\/rehabilitacion_edificio_coneixement24.jpg' title=\"Rehabilitaci\u00f3n Edifici del Coneixement \/ CPVA Arquitectes (vista lateral)\" data-rl_title=\"Rehabilitaci\u00f3n Edifici del Coneixement \/ CPVA Arquitectes (vista lateral)\" class=\"rl-gallery-link\" data-rl_caption=\"Rehabilitaci\u00f3n Edifici del Coneixement \/ CPVA Arquitectes (vista lateral)\" data-rel=\"lightbox-gallery-1\"><img loading=\"lazy\" decoding=\"async\" width=\"150\" height=\"150\" src=\"https:\/\/www.arquimaster.com.ar\/web\/wp-content\/uploads\/2021\/04\/rehabilitacion_edificio_coneixement24-150x150.jpg\" class=\"attachment-thumbnail size-thumbnail\" alt=\"Rehabilitaci\u00f3n Edifici del Coneixement \/ CPVA Arquitectes\" aria-describedby=\"gallery-1-64472\" \/><\/a>\n\t\t\t<\/div>\n\t\t\t\t<figcaption class='wp-caption-text gallery-caption' id='gallery-1-64472'>\n\t\t\t\tRehabilitaci\u00f3n Edifici del Coneixement \/ CPVA Arquitectes (vista lateral)\n\t\t\t\t<\/figcaption><\/figure><figure class='gallery-item'>\n\t\t\t<div class='gallery-icon portrait'>\n\t\t\t\t<a href='https:\/\/www.arquimaster.com.ar\/web\/wp-content\/uploads\/2021\/04\/rehabilitacion_edificio_coneixement25.jpg' title=\"Rehabilitaci\u00f3n Edifici del Coneixement \/ CPVA Arquitectes (vista lateral)\" data-rl_title=\"Rehabilitaci\u00f3n Edifici del Coneixement \/ CPVA Arquitectes (vista lateral)\" class=\"rl-gallery-link\" data-rl_caption=\"Rehabilitaci\u00f3n Edifici del Coneixement \/ CPVA Arquitectes (vista lateral)\" data-rel=\"lightbox-gallery-1\"><img loading=\"lazy\" decoding=\"async\" width=\"150\" height=\"150\" src=\"https:\/\/www.arquimaster.com.ar\/web\/wp-content\/uploads\/2021\/04\/rehabilitacion_edificio_coneixement25-150x150.jpg\" class=\"attachment-thumbnail size-thumbnail\" alt=\"Rehabilitaci\u00f3n Edifici del Coneixement \/ CPVA Arquitectes\" aria-describedby=\"gallery-1-64473\" \/><\/a>\n\t\t\t<\/div>\n\t\t\t\t<figcaption class='wp-caption-text gallery-caption' id='gallery-1-64473'>\n\t\t\t\tRehabilitaci\u00f3n Edifici del Coneixement \/ CPVA Arquitectes (vista lateral)\n\t\t\t\t<\/figcaption><\/figure>\n\t\t<\/div>\n\n<p>El cambio de Uso del edificio para adecuarlo al nuevo uso \u00abEdifici del Coneixement\u00bb en el \u00e1mbito de la medicina impuls\u00f3 la restauraci\u00f3n del edificio.<\/p>\n<p>La intervenci\u00f3n consta de la rehabilitaci\u00f3n del edificio y la consolidaci\u00f3n de la estructura y la adecuaci\u00f3n de los espacios y las instalaciones al nuevo uso.<\/p>\n<p>Se genera un nuevo espacio en la planta bajo cubierta que acoger\u00e1 la biblioteca y el aula magna y revaloriza las cerchas originales hasta ahora ocultas en la antigua buhardilla.<\/p>\n<p><strong>Ficha t\u00e9cnica<\/strong><br \/>Nombre: Rehabilitaci\u00f3n Edifici del Coneixement<br \/>Ubicaci\u00f3n: Granollers, Barcelona<br \/>Arquitectos autores de la obra: CPVA Arquitectes<br \/>Construcci\u00f3n: ESOROSA<br \/>C\u00e1lculo Estructural: BIS arquitectes<br \/>Equipo de Dise\u00f1o: CPVA arquitectes<br \/>Instalaciones: JG ingenieros consultores<br \/>Superficie construida: (m2) 1.273,28<br \/>A\u00f1o t\u00e9rmino construcci\u00f3n: 2019<br \/>Fotografias: Sim\u00f3n Garc\u00eda | arqfoto<\/p>\n\n\n<div style=\"height:20px\" aria-hidden=\"true\" class=\"wp-block-spacer\"><\/div>\n\n\n<p><strong><em>English version<\/em><\/strong><\/p>\n<p><em>The building is part of the old Asylum of the Hospital de Granollers. It is a modernist construction from the beginning of the 20th century by the architect Josep M\u00aa Mir\u00f3 i Guibernau, listed as a Cultural Asset of Local Interest.<\/em><\/p>\n<p><em>The change of use of the building to adapt it to the new use \u00abBuilding of Knowledge\u00bb in the field of medicine led to the restoration of the building.<\/em><\/p>\n<p><em>The intervention consists of the rehabilitation of the building and the consolidation of the structure and the adaptation of the spaces and facilities to the new use.<\/em><\/p>\n<p><em>A new space is created on the basement that will house the library and the great classroom and revalue the original trusses hitherto hidden in the old attics.<\/em><\/p>\n<div style=\"font-size: 0px; height: 0px; line-height: 0px; margin: 0; padding: 0; clear: both;\"><\/div><div style=\"margin-top: 0px; margin-bottom: 0px;\" class=\"sharethis-inline-share-buttons\" ><\/div>","protected":false},"excerpt":{"rendered":"<p>El edificio forma parte del conjunto del antiguo Asilo del Hospital de Granollers&#8230;<\/p>\n","protected":false},"author":1,"featured_media":64448,"comment_status":"closed","ping_status":"closed","sticky":false,"template":"","format":"standard","meta":{"_uag_custom_page_level_css":"","footnotes":""},"categories":[905,1,82],"tags":[7087,679,2229,7085,4189,104,7084,680],"class_list":["post-64447","post","type-post","status-publish","format-standard","has-post-thumbnail","hentry","category-edificios-para-la-salud","category-proyecto","category-rehabilitaciones","tag-aula-magna","tag-barcelona","tag-biblioteca","tag-cpva-arquitectes","tag-edificios-para-la-salud","tag-espana","tag-granollers","tag-rehabilitacion","generate-columns","tablet-grid-50","mobile-grid-100","grid-parent","grid-50"],"yoast_head":"<!-- This site is optimized with the Yoast SEO plugin v27.3 - https:\/\/yoast.com\/product\/yoast-seo-wordpress\/ -->\n<title>Rehabilitaci\u00f3n Edifici del Coneixement \/ CPVA Arquitectes - Arquimaster<\/title>\n<meta name=\"description\" content=\"El edificio forma parte del conjunto del antiguo Asilo del Hospital de Granollers, una construcci\u00f3n modernista de inicios del Siglo XX.\" \/>\n<meta name=\"robots\" content=\"index, follow, max-snippet:-1, max-image-preview:large, max-video-preview:-1\" \/>\n<link rel=\"canonical\" href=\"https:\/\/www.arquimaster.com.ar\/web\/rehabilitacion-edifici-del-coneixement-cpva-arquitectes\/\" \/>\n<meta property=\"og:locale\" content=\"es_ES\" \/>\n<meta property=\"og:type\" content=\"article\" \/>\n<meta property=\"og:title\" content=\"Rehabilitaci\u00f3n Edificio del Coneixement \/ CPVA Arquitectes\" \/>\n<meta property=\"og:description\" content=\"El edificio forma parte del conjunto del antiguo Asilo del Hospital de Granollers, una construcci\u00f3n modernista de inicios del Siglo XX.\" \/>\n<meta property=\"og:url\" content=\"https:\/\/www.arquimaster.com.ar\/web\/rehabilitacion-edifici-del-coneixement-cpva-arquitectes\/\" \/>\n<meta property=\"og:site_name\" content=\"Arquimaster\" \/>\n<meta property=\"article:publisher\" content=\"http:\/\/www.facebook.com\/ARQUIMASTER.com.ar\" \/>\n<meta property=\"article:published_time\" content=\"2021-04-29T22:49:27+00:00\" \/>\n<meta property=\"article:modified_time\" content=\"2026-03-29T23:44:21+00:00\" \/>\n<meta property=\"og:image\" content=\"https:\/\/www.arquimaster.com.ar\/web\/wp-content\/uploads\/2021\/04\/rehabilitacion_edificio_coneixement_slide.jpg\" \/>\n\t<meta property=\"og:image:width\" content=\"698\" \/>\n\t<meta property=\"og:image:height\" content=\"364\" \/>\n\t<meta property=\"og:image:type\" content=\"image\/jpeg\" \/>\n<meta name=\"author\" content=\"Arquimaster\" \/>\n<meta name=\"twitter:card\" content=\"summary_large_image\" \/>\n<meta name=\"twitter:title\" content=\"Rehabilitaci\u00f3n Edificio del Coneixement \/ CPVA Arquitectes\" \/>\n<meta name=\"twitter:description\" content=\"El edificio forma parte del conjunto del antiguo Asilo del Hospital de Granollers, una construcci\u00f3n modernista de inicios del Siglo XX.\" \/>\n<meta name=\"twitter:image\" content=\"https:\/\/www.arquimaster.com.ar\/web\/wp-content\/uploads\/2021\/04\/rehabilitacion_edificio_coneixement_slide.jpg\" \/>\n<meta name=\"twitter:creator\" content=\"@arquimaster\" \/>\n<meta name=\"twitter:site\" content=\"@arquimaster\" \/>\n<meta name=\"twitter:label1\" content=\"Escrito por\" \/>\n\t<meta name=\"twitter:data1\" content=\"Arquimaster\" \/>\n\t<meta name=\"twitter:label2\" content=\"Tiempo de lectura\" \/>\n\t<meta name=\"twitter:data2\" content=\"2 minutos\" \/>\n<script type=\"application\/ld+json\" class=\"yoast-schema-graph\">{\"@context\":\"https:\\\/\\\/schema.org\",\"@graph\":[{\"@type\":\"Article\",\"@id\":\"https:\\\/\\\/www.arquimaster.com.ar\\\/web\\\/rehabilitacion-edifici-del-coneixement-cpva-arquitectes\\\/#article\",\"isPartOf\":{\"@id\":\"https:\\\/\\\/www.arquimaster.com.ar\\\/web\\\/rehabilitacion-edifici-del-coneixement-cpva-arquitectes\\\/\"},\"author\":{\"name\":\"Arquimaster\",\"@id\":\"https:\\\/\\\/www.arquimaster.com.ar\\\/web\\\/#\\\/schema\\\/person\\\/359e9f7c00193fcde068e0dd2ceb0028\"},\"headline\":\"Rehabilitaci\u00f3n Edifici del Coneixement \\\/ CPVA Arquitectes\",\"datePublished\":\"2021-04-29T22:49:27+00:00\",\"dateModified\":\"2026-03-29T23:44:21+00:00\",\"mainEntityOfPage\":{\"@id\":\"https:\\\/\\\/www.arquimaster.com.ar\\\/web\\\/rehabilitacion-edifici-del-coneixement-cpva-arquitectes\\\/\"},\"wordCount\":318,\"publisher\":{\"@id\":\"https:\\\/\\\/www.arquimaster.com.ar\\\/web\\\/#organization\"},\"image\":{\"@id\":\"https:\\\/\\\/www.arquimaster.com.ar\\\/web\\\/rehabilitacion-edifici-del-coneixement-cpva-arquitectes\\\/#primaryimage\"},\"thumbnailUrl\":\"https:\\\/\\\/www.arquimaster.com.ar\\\/web\\\/wp-content\\\/uploads\\\/2021\\\/04\\\/rehabilitacion_edificio_coneixement_slide.jpg\",\"keywords\":[\"aula magna\",\"Barcelona\",\"biblioteca\",\"CPVA Arquitectes\",\"edificios para la salud\",\"Espa\u00f1a\",\"Granollers\",\"rehabilitaci\u00f3n\"],\"articleSection\":[\"Edificios para la salud\",\"Proyecto\",\"Rehabilitaciones y ampliaciones\"],\"inLanguage\":\"es\"},{\"@type\":\"WebPage\",\"@id\":\"https:\\\/\\\/www.arquimaster.com.ar\\\/web\\\/rehabilitacion-edifici-del-coneixement-cpva-arquitectes\\\/\",\"url\":\"https:\\\/\\\/www.arquimaster.com.ar\\\/web\\\/rehabilitacion-edifici-del-coneixement-cpva-arquitectes\\\/\",\"name\":\"Rehabilitaci\u00f3n Edifici del Coneixement \\\/ CPVA Arquitectes - Arquimaster\",\"isPartOf\":{\"@id\":\"https:\\\/\\\/www.arquimaster.com.ar\\\/web\\\/#website\"},\"primaryImageOfPage\":{\"@id\":\"https:\\\/\\\/www.arquimaster.com.ar\\\/web\\\/rehabilitacion-edifici-del-coneixement-cpva-arquitectes\\\/#primaryimage\"},\"image\":{\"@id\":\"https:\\\/\\\/www.arquimaster.com.ar\\\/web\\\/rehabilitacion-edifici-del-coneixement-cpva-arquitectes\\\/#primaryimage\"},\"thumbnailUrl\":\"https:\\\/\\\/www.arquimaster.com.ar\\\/web\\\/wp-content\\\/uploads\\\/2021\\\/04\\\/rehabilitacion_edificio_coneixement_slide.jpg\",\"datePublished\":\"2021-04-29T22:49:27+00:00\",\"dateModified\":\"2026-03-29T23:44:21+00:00\",\"description\":\"El edificio forma parte del conjunto del antiguo Asilo del Hospital de Granollers, una construcci\u00f3n modernista de inicios del Siglo XX.\",\"breadcrumb\":{\"@id\":\"https:\\\/\\\/www.arquimaster.com.ar\\\/web\\\/rehabilitacion-edifici-del-coneixement-cpva-arquitectes\\\/#breadcrumb\"},\"inLanguage\":\"es\",\"potentialAction\":[{\"@type\":\"ReadAction\",\"target\":[\"https:\\\/\\\/www.arquimaster.com.ar\\\/web\\\/rehabilitacion-edifici-del-coneixement-cpva-arquitectes\\\/\"]}]},{\"@type\":\"ImageObject\",\"inLanguage\":\"es\",\"@id\":\"https:\\\/\\\/www.arquimaster.com.ar\\\/web\\\/rehabilitacion-edifici-del-coneixement-cpva-arquitectes\\\/#primaryimage\",\"url\":\"https:\\\/\\\/www.arquimaster.com.ar\\\/web\\\/wp-content\\\/uploads\\\/2021\\\/04\\\/rehabilitacion_edificio_coneixement_slide.jpg\",\"contentUrl\":\"https:\\\/\\\/www.arquimaster.com.ar\\\/web\\\/wp-content\\\/uploads\\\/2021\\\/04\\\/rehabilitacion_edificio_coneixement_slide.jpg\",\"width\":698,\"height\":364,\"caption\":\"Rehabilitaci\u00f3n Edificio del Coneixement \\\/ CPVA Arquitectes\"},{\"@type\":\"BreadcrumbList\",\"@id\":\"https:\\\/\\\/www.arquimaster.com.ar\\\/web\\\/rehabilitacion-edifici-del-coneixement-cpva-arquitectes\\\/#breadcrumb\",\"itemListElement\":[{\"@type\":\"ListItem\",\"position\":1,\"name\":\"Portada\",\"item\":\"https:\\\/\\\/www.arquimaster.com.ar\\\/web\\\/\"},{\"@type\":\"ListItem\",\"position\":2,\"name\":\"Rehabilitaci\u00f3n Edifici del Coneixement \\\/ CPVA Arquitectes\"}]},{\"@type\":\"WebSite\",\"@id\":\"https:\\\/\\\/www.arquimaster.com.ar\\\/web\\\/#website\",\"url\":\"https:\\\/\\\/www.arquimaster.com.ar\\\/web\\\/\",\"name\":\"Arquimaster\",\"description\":\"Web de arquitectura, dise\u00f1o y construccion\",\"publisher\":{\"@id\":\"https:\\\/\\\/www.arquimaster.com.ar\\\/web\\\/#organization\"},\"potentialAction\":[{\"@type\":\"SearchAction\",\"target\":{\"@type\":\"EntryPoint\",\"urlTemplate\":\"https:\\\/\\\/www.arquimaster.com.ar\\\/web\\\/?s={search_term_string}\"},\"query-input\":{\"@type\":\"PropertyValueSpecification\",\"valueRequired\":true,\"valueName\":\"search_term_string\"}}],\"inLanguage\":\"es\"},{\"@type\":\"Organization\",\"@id\":\"https:\\\/\\\/www.arquimaster.com.ar\\\/web\\\/#organization\",\"name\":\"Arquimaster\",\"url\":\"https:\\\/\\\/www.arquimaster.com.ar\\\/web\\\/\",\"logo\":{\"@type\":\"ImageObject\",\"inLanguage\":\"es\",\"@id\":\"https:\\\/\\\/www.arquimaster.com.ar\\\/web\\\/#\\\/schema\\\/logo\\\/image\\\/\",\"url\":\"https:\\\/\\\/www.arquimaster.com.ar\\\/web\\\/wp-content\\\/uploads\\\/2022\\\/06\\\/arquimaster.png\",\"contentUrl\":\"https:\\\/\\\/www.arquimaster.com.ar\\\/web\\\/wp-content\\\/uploads\\\/2022\\\/06\\\/arquimaster.png\",\"width\":594,\"height\":78,\"caption\":\"Arquimaster\"},\"image\":{\"@id\":\"https:\\\/\\\/www.arquimaster.com.ar\\\/web\\\/#\\\/schema\\\/logo\\\/image\\\/\"},\"sameAs\":[\"http:\\\/\\\/www.facebook.com\\\/ARQUIMASTER.com.ar\",\"https:\\\/\\\/x.com\\\/arquimaster\",\"https:\\\/\\\/www.instagram.com\\\/arquimasterblog\\\/\",\"https:\\\/\\\/www.linkedin.com\\\/company\\\/arquimaster\",\"https:\\\/\\\/www.pinterest.com\\\/arquimaster\",\"https:\\\/\\\/t.me\\\/arquimaster\"]},{\"@type\":\"Person\",\"@id\":\"https:\\\/\\\/www.arquimaster.com.ar\\\/web\\\/#\\\/schema\\\/person\\\/359e9f7c00193fcde068e0dd2ceb0028\",\"name\":\"Arquimaster\"}]}<\/script>\n<!-- \/ Yoast SEO plugin. -->","yoast_head_json":{"title":"Rehabilitaci\u00f3n Edifici del Coneixement \/ CPVA Arquitectes - Arquimaster","description":"El edificio forma parte del conjunto del antiguo Asilo del Hospital de Granollers, una construcci\u00f3n modernista de inicios del Siglo XX.","robots":{"index":"index","follow":"follow","max-snippet":"max-snippet:-1","max-image-preview":"max-image-preview:large","max-video-preview":"max-video-preview:-1"},"canonical":"https:\/\/www.arquimaster.com.ar\/web\/rehabilitacion-edifici-del-coneixement-cpva-arquitectes\/","og_locale":"es_ES","og_type":"article","og_title":"Rehabilitaci\u00f3n Edificio del Coneixement \/ CPVA Arquitectes","og_description":"El edificio forma parte del conjunto del antiguo Asilo del Hospital de Granollers, una construcci\u00f3n modernista de inicios del Siglo XX.","og_url":"https:\/\/www.arquimaster.com.ar\/web\/rehabilitacion-edifici-del-coneixement-cpva-arquitectes\/","og_site_name":"Arquimaster","article_publisher":"http:\/\/www.facebook.com\/ARQUIMASTER.com.ar","article_published_time":"2021-04-29T22:49:27+00:00","article_modified_time":"2026-03-29T23:44:21+00:00","og_image":[{"width":698,"height":364,"url":"https:\/\/www.arquimaster.com.ar\/web\/wp-content\/uploads\/2021\/04\/rehabilitacion_edificio_coneixement_slide.jpg","type":"image\/jpeg"}],"author":"Arquimaster","twitter_card":"summary_large_image","twitter_title":"Rehabilitaci\u00f3n Edificio del Coneixement \/ CPVA Arquitectes","twitter_description":"El edificio forma parte del conjunto del antiguo Asilo del Hospital de Granollers, una construcci\u00f3n modernista de inicios del Siglo XX.","twitter_image":"https:\/\/www.arquimaster.com.ar\/web\/wp-content\/uploads\/2021\/04\/rehabilitacion_edificio_coneixement_slide.jpg","twitter_creator":"@arquimaster","twitter_site":"@arquimaster","twitter_misc":{"Escrito por":"Arquimaster","Tiempo de lectura":"2 minutos"},"schema":{"@context":"https:\/\/schema.org","@graph":[{"@type":"Article","@id":"https:\/\/www.arquimaster.com.ar\/web\/rehabilitacion-edifici-del-coneixement-cpva-arquitectes\/#article","isPartOf":{"@id":"https:\/\/www.arquimaster.com.ar\/web\/rehabilitacion-edifici-del-coneixement-cpva-arquitectes\/"},"author":{"name":"Arquimaster","@id":"https:\/\/www.arquimaster.com.ar\/web\/#\/schema\/person\/359e9f7c00193fcde068e0dd2ceb0028"},"headline":"Rehabilitaci\u00f3n Edifici del Coneixement \/ CPVA Arquitectes","datePublished":"2021-04-29T22:49:27+00:00","dateModified":"2026-03-29T23:44:21+00:00","mainEntityOfPage":{"@id":"https:\/\/www.arquimaster.com.ar\/web\/rehabilitacion-edifici-del-coneixement-cpva-arquitectes\/"},"wordCount":318,"publisher":{"@id":"https:\/\/www.arquimaster.com.ar\/web\/#organization"},"image":{"@id":"https:\/\/www.arquimaster.com.ar\/web\/rehabilitacion-edifici-del-coneixement-cpva-arquitectes\/#primaryimage"},"thumbnailUrl":"https:\/\/www.arquimaster.com.ar\/web\/wp-content\/uploads\/2021\/04\/rehabilitacion_edificio_coneixement_slide.jpg","keywords":["aula magna","Barcelona","biblioteca","CPVA Arquitectes","edificios para la salud","Espa\u00f1a","Granollers","rehabilitaci\u00f3n"],"articleSection":["Edificios para la salud","Proyecto","Rehabilitaciones y ampliaciones"],"inLanguage":"es"},{"@type":"WebPage","@id":"https:\/\/www.arquimaster.com.ar\/web\/rehabilitacion-edifici-del-coneixement-cpva-arquitectes\/","url":"https:\/\/www.arquimaster.com.ar\/web\/rehabilitacion-edifici-del-coneixement-cpva-arquitectes\/","name":"Rehabilitaci\u00f3n Edifici del Coneixement \/ CPVA Arquitectes - Arquimaster","isPartOf":{"@id":"https:\/\/www.arquimaster.com.ar\/web\/#website"},"primaryImageOfPage":{"@id":"https:\/\/www.arquimaster.com.ar\/web\/rehabilitacion-edifici-del-coneixement-cpva-arquitectes\/#primaryimage"},"image":{"@id":"https:\/\/www.arquimaster.com.ar\/web\/rehabilitacion-edifici-del-coneixement-cpva-arquitectes\/#primaryimage"},"thumbnailUrl":"https:\/\/www.arquimaster.com.ar\/web\/wp-content\/uploads\/2021\/04\/rehabilitacion_edificio_coneixement_slide.jpg","datePublished":"2021-04-29T22:49:27+00:00","dateModified":"2026-03-29T23:44:21+00:00","description":"El edificio forma parte del conjunto del antiguo Asilo del Hospital de Granollers, una construcci\u00f3n modernista de inicios del Siglo XX.","breadcrumb":{"@id":"https:\/\/www.arquimaster.com.ar\/web\/rehabilitacion-edifici-del-coneixement-cpva-arquitectes\/#breadcrumb"},"inLanguage":"es","potentialAction":[{"@type":"ReadAction","target":["https:\/\/www.arquimaster.com.ar\/web\/rehabilitacion-edifici-del-coneixement-cpva-arquitectes\/"]}]},{"@type":"ImageObject","inLanguage":"es","@id":"https:\/\/www.arquimaster.com.ar\/web\/rehabilitacion-edifici-del-coneixement-cpva-arquitectes\/#primaryimage","url":"https:\/\/www.arquimaster.com.ar\/web\/wp-content\/uploads\/2021\/04\/rehabilitacion_edificio_coneixement_slide.jpg","contentUrl":"https:\/\/www.arquimaster.com.ar\/web\/wp-content\/uploads\/2021\/04\/rehabilitacion_edificio_coneixement_slide.jpg","width":698,"height":364,"caption":"Rehabilitaci\u00f3n Edificio del Coneixement \/ CPVA Arquitectes"},{"@type":"BreadcrumbList","@id":"https:\/\/www.arquimaster.com.ar\/web\/rehabilitacion-edifici-del-coneixement-cpva-arquitectes\/#breadcrumb","itemListElement":[{"@type":"ListItem","position":1,"name":"Portada","item":"https:\/\/www.arquimaster.com.ar\/web\/"},{"@type":"ListItem","position":2,"name":"Rehabilitaci\u00f3n Edifici del Coneixement \/ CPVA Arquitectes"}]},{"@type":"WebSite","@id":"https:\/\/www.arquimaster.com.ar\/web\/#website","url":"https:\/\/www.arquimaster.com.ar\/web\/","name":"Arquimaster","description":"Web de arquitectura, dise\u00f1o y construccion","publisher":{"@id":"https:\/\/www.arquimaster.com.ar\/web\/#organization"},"potentialAction":[{"@type":"SearchAction","target":{"@type":"EntryPoint","urlTemplate":"https:\/\/www.arquimaster.com.ar\/web\/?s={search_term_string}"},"query-input":{"@type":"PropertyValueSpecification","valueRequired":true,"valueName":"search_term_string"}}],"inLanguage":"es"},{"@type":"Organization","@id":"https:\/\/www.arquimaster.com.ar\/web\/#organization","name":"Arquimaster","url":"https:\/\/www.arquimaster.com.ar\/web\/","logo":{"@type":"ImageObject","inLanguage":"es","@id":"https:\/\/www.arquimaster.com.ar\/web\/#\/schema\/logo\/image\/","url":"https:\/\/www.arquimaster.com.ar\/web\/wp-content\/uploads\/2022\/06\/arquimaster.png","contentUrl":"https:\/\/www.arquimaster.com.ar\/web\/wp-content\/uploads\/2022\/06\/arquimaster.png","width":594,"height":78,"caption":"Arquimaster"},"image":{"@id":"https:\/\/www.arquimaster.com.ar\/web\/#\/schema\/logo\/image\/"},"sameAs":["http:\/\/www.facebook.com\/ARQUIMASTER.com.ar","https:\/\/x.com\/arquimaster","https:\/\/www.instagram.com\/arquimasterblog\/","https:\/\/www.linkedin.com\/company\/arquimaster","https:\/\/www.pinterest.com\/arquimaster","https:\/\/t.me\/arquimaster"]},{"@type":"Person","@id":"https:\/\/www.arquimaster.com.ar\/web\/#\/schema\/person\/359e9f7c00193fcde068e0dd2ceb0028","name":"Arquimaster"}]}},"uagb_featured_image_src":{"full":["https:\/\/www.arquimaster.com.ar\/web\/wp-content\/uploads\/2021\/04\/rehabilitacion_edificio_coneixement_slide.jpg",698,364,false],"thumbnail":["https:\/\/www.arquimaster.com.ar\/web\/wp-content\/uploads\/2021\/04\/rehabilitacion_edificio_coneixement_slide-150x150.jpg",150,150,true],"medium":["https:\/\/www.arquimaster.com.ar\/web\/wp-content\/uploads\/2021\/04\/rehabilitacion_edificio_coneixement_slide.jpg",698,364,false],"medium_large":["https:\/\/www.arquimaster.com.ar\/web\/wp-content\/uploads\/2021\/04\/rehabilitacion_edificio_coneixement_slide.jpg",698,364,false],"large":["https:\/\/www.arquimaster.com.ar\/web\/wp-content\/uploads\/2021\/04\/rehabilitacion_edificio_coneixement_slide.jpg",698,364,false],"1536x1536":["https:\/\/www.arquimaster.com.ar\/web\/wp-content\/uploads\/2021\/04\/rehabilitacion_edificio_coneixement_slide.jpg",698,364,false],"2048x2048":["https:\/\/www.arquimaster.com.ar\/web\/wp-content\/uploads\/2021\/04\/rehabilitacion_edificio_coneixement_slide.jpg",698,364,false]},"uagb_author_info":{"display_name":"Arquimaster","author_link":"https:\/\/www.arquimaster.com.ar\/web\/author\/arquimaster\/"},"uagb_comment_info":0,"uagb_excerpt":"El edificio forma parte del conjunto del antiguo Asilo del Hospital de Granollers...","_links":{"self":[{"href":"https:\/\/www.arquimaster.com.ar\/web\/wp-json\/wp\/v2\/posts\/64447","targetHints":{"allow":["GET"]}}],"collection":[{"href":"https:\/\/www.arquimaster.com.ar\/web\/wp-json\/wp\/v2\/posts"}],"about":[{"href":"https:\/\/www.arquimaster.com.ar\/web\/wp-json\/wp\/v2\/types\/post"}],"author":[{"embeddable":true,"href":"https:\/\/www.arquimaster.com.ar\/web\/wp-json\/wp\/v2\/users\/1"}],"replies":[{"embeddable":true,"href":"https:\/\/www.arquimaster.com.ar\/web\/wp-json\/wp\/v2\/comments?post=64447"}],"version-history":[{"count":3,"href":"https:\/\/www.arquimaster.com.ar\/web\/wp-json\/wp\/v2\/posts\/64447\/revisions"}],"predecessor-version":[{"id":88265,"href":"https:\/\/www.arquimaster.com.ar\/web\/wp-json\/wp\/v2\/posts\/64447\/revisions\/88265"}],"wp:featuredmedia":[{"embeddable":true,"href":"https:\/\/www.arquimaster.com.ar\/web\/wp-json\/wp\/v2\/media\/64448"}],"wp:attachment":[{"href":"https:\/\/www.arquimaster.com.ar\/web\/wp-json\/wp\/v2\/media?parent=64447"}],"wp:term":[{"taxonomy":"category","embeddable":true,"href":"https:\/\/www.arquimaster.com.ar\/web\/wp-json\/wp\/v2\/categories?post=64447"},{"taxonomy":"post_tag","embeddable":true,"href":"https:\/\/www.arquimaster.com.ar\/web\/wp-json\/wp\/v2\/tags?post=64447"}],"curies":[{"name":"wp","href":"https:\/\/api.w.org\/{rel}","templated":true}]}}