{"id":6446,"date":"2014-04-19T19:36:09","date_gmt":"2014-04-19T22:36:09","guid":{"rendered":"http:\/\/www.arquimaster.com.ar\/web\/?p=6446"},"modified":"2026-03-28T20:39:25","modified_gmt":"2026-03-28T23:39:25","slug":"en-febrero-construir-y-equipar-el-interior-de-oficinas-corporativas-costo-23-mas-respecto-del-mes-anterior","status":"publish","type":"post","link":"https:\/\/www.arquimaster.com.ar\/web\/en-febrero-construir-y-equipar-el-interior-de-oficinas-corporativas-costo-23-mas-respecto-del-mes-anterior\/","title":{"rendered":"En febrero construir y equipar el interior de oficinas corporativas cost\u00f3 2,3% mas respecto del mes anterior"},"content":{"rendered":"<div style=\"margin-top: 0px; margin-bottom: 0px;\" class=\"sharethis-inline-share-buttons\" ><\/div><div class=\"b812932af2e751442846f039925109de\" data-index=\"1\" style=\"float: none; margin:25px 0 25px 0; text-align:center;\">\n<script async src=\"https:\/\/pagead2.googlesyndication.com\/pagead\/js\/adsbygoogle.js\"><\/script>\r\n<!-- Arquimaster (superior) -->\r\n<ins class=\"adsbygoogle\"\r\n     style=\"display:block\"\r\n     data-ad-client=\"ca-pub-6351072698456832\"\r\n     data-ad-slot=\"6455489680\"\r\n     data-ad-format=\"auto\"\r\n     data-full-width-responsive=\"true\"><\/ins>\r\n<script>\r\n     (adsbygoogle = window.adsbygoogle || []).push({});\r\n<\/script>\n<\/div>\n<p><em><strong>La mayor suba se reflej\u00f3 en la categor\u00eda Alta Gama, con un aumento del 2,8% versus el mes anterior. Pisos y Mobiliario fueron los rubros que m\u00e1s incidieron en dicha alza, con una suba del 9,60% y 3,31% respectivamente. La categor\u00eda Est\u00e1ndar Superior present\u00f3 una suba del 2,60% respecto a Enero, en el que el rubro pisos reflej\u00f3 un alza del 12,34%. Por \u00faltimo la categor\u00eda Est\u00e1ndar B\u00e1sico, present\u00f3 una suba del 1,51%, siendo el rubro tabiquer\u00eda vidriada el que reflej\u00f3 un alza del 9,5% respecto del mes de Enero.<\/strong><\/em><\/p>\n<div id='gallery-1' class='gallery galleryid-6446 gallery-columns-3 gallery-size-thumbnail'><figure class='gallery-item'>\n\t\t\t<div class='gallery-icon landscape'>\n\t\t\t\t<a href='https:\/\/www.arquimaster.com.ar\/web\/wp-content\/uploads\/2014\/04\/indice_contract_febrero2014.jpg' title=\"\u00cdndice Contract Argentina en pesos\" data-rl_title=\"\u00cdndice Contract Argentina en pesos\" class=\"rl-gallery-link\" data-rl_caption=\"\u00cdndice Contract Argentina en pesos\" data-rel=\"lightbox-gallery-1\"><img loading=\"lazy\" decoding=\"async\" width=\"150\" height=\"150\" src=\"https:\/\/www.arquimaster.com.ar\/web\/wp-content\/uploads\/2014\/04\/indice_contract_febrero2014-150x150.jpg\" class=\"attachment-thumbnail size-thumbnail\" alt=\"\" aria-describedby=\"gallery-1-6449\" srcset=\"https:\/\/www.arquimaster.com.ar\/web\/wp-content\/uploads\/2014\/04\/indice_contract_febrero2014-150x150.jpg 150w, https:\/\/www.arquimaster.com.ar\/web\/wp-content\/uploads\/2014\/04\/indice_contract_febrero2014-50x50.jpg 50w, https:\/\/www.arquimaster.com.ar\/web\/wp-content\/uploads\/2014\/04\/indice_contract_febrero2014-125x125.jpg 125w\" sizes=\"auto, (max-width: 150px) 100vw, 150px\" \/><\/a>\n\t\t\t<\/div>\n\t\t\t\t<figcaption class='wp-caption-text gallery-caption' id='gallery-1-6449'>\n\t\t\t\t\u00cdndice Contract Argentina en pesos\n\t\t\t\t<\/figcaption><\/figure>\n\t\t<\/div>\n\n<p><strong>Contract<\/strong>, la empresa regional l\u00edder en dise\u00f1o y construcci\u00f3n de espacios de trabajo, difundi\u00f3 los valores del <strong>\u00cdndice Contract<\/strong> de <strong>febrero de 2014<\/strong>.<\/p>\n<p>El \u00cdndice Contract mide la evoluci\u00f3n del costo por metro cuadrado de la construcci\u00f3n y equipamiento de interiores de oficinas corporativas. Este indicador es calculado en base a tres categor\u00edas de oficinas clasificadas seg\u00fan la calidad en sus terminaciones e instalaciones t\u00e9cnicas en <strong>Est\u00e1ndar B\u00e1sico<\/strong>, <strong>Est\u00e1ndar Superior<\/strong> y <strong>Alta Gama<\/strong>.<\/p>\n<p>Esta herramienta ofrece informaci\u00f3n esencial para las empresas que est\u00e1n evaluando una ampliaci\u00f3n o mudanza de sus oficinas, ya que les permite calcular anticipadamente el monto de la inversi\u00f3n a asumir.<\/p>\n<p>Si bien el segundo mes del a\u00f1o contin\u00faa reflejando un alza en el costo de los insumos para interiores de oficinas corporativas, se verifica una tendencia a la estabilizaci\u00f3n en los precios, con excepci\u00f3n de las fuertes subas reflejadas en pisos y tabiquer\u00edas vidriadas.<\/p>\n<p><em>\u00abEste a\u00f1o comienza con un horizonte de negocios poco claro\u00bb<\/em>, comenta <strong>Sergio Romaniuk<\/strong>, Gerente General de Contract Argentina, y agrega: <em>\u00abNuestra actividad puede considerarse como un term\u00f3metro del clima econ\u00f3mico del pa\u00eds y en el actual contexto, resulta\u00a0 evidente que las compa\u00f1\u00edas prefieren evitar tomar riesgos y afrontar grandes inversiones\u00bb<\/em>.<\/p>\n<p><em>\u00abNuestra estrategia comercial est\u00e1 enfocada en la apertura de nuevos mercados dentro de la regi\u00f3n\u00bb<\/em>, informa <strong>Victor Feingold<\/strong>, CEO de Contract. <em>\u00abAdem\u00e1s de nuestras oficinas propias en Buenos Aires, Santiago de Chile, Lima, Montevideo y M\u00e9xico, estamos desarrollando fuertes alianzas comerciales en Colombia, Brasil y Panam\u00e1, con el objetivo de poder atender las necesidades de compa\u00f1\u00edas regionales e internacionales que requieren una misma calidad de servicio en los distintos pa\u00edses en que operan\u00bb<\/em>, afirma el directivo.<\/p>\n<p>El \u00cdndice Contract -que se mide en Buenos Aires, Santiago y Montevideo-, se encuentra en proceso de preparaci\u00f3n para su pr\u00f3ximo lanzamiento tambi\u00e9n en Per\u00fa y M\u00e9xico.<\/p>\n<p><strong>Indice Contract febrero 2014<\/strong><br \/>\n<strong><br \/>\nEst\u00e1ndar B\u00e1sico<\/strong>: $ 3575,54<br \/>\n<strong>Est\u00e1ndar Superior<\/strong>: $ 5776,40<br \/>\n<strong>Alta Gama<\/strong>: $ 9845,03<\/p>\n<p>Valores expresados en Pesos<br \/>\nNo incluyen IVA<br \/>\nV\u00e1lidos s\u00f3lo para Argentina<\/p>\n<p>La informaci\u00f3n completa, cuadros comparativos, rubros cotizados por categor\u00eda, definici\u00f3n de los modelos e im\u00e1genes se encuentran disponibles en el sitio web de la empresa.<\/p>\n<p><strong>Acerca de Contract<\/strong><br \/>\nContract es la empresa regional l\u00edder en conceptualizaci\u00f3n, dise\u00f1o y construcci\u00f3n de espacios de trabajo. Sus servicios integrales incluyen la consultor\u00eda inicial, space planning, workplace strategy, dise\u00f1o, proyecto ejecutivo, construcci\u00f3n, log\u00edstica de mudanza, change management y servicio post ocupaci\u00f3n. La compa\u00f1\u00eda desarrolla oficinas de alta performance, adaptadas a las necesidades de cada organizaci\u00f3n y alineadas a las \u00faltimas tendencias mundiales en arquitectura corporativa. La empresa cuenta con m\u00e1s de 200 profesionales, 900 obras entregadas exitosamente y el respaldo de prestigiosas empresas que avalan la calidad y eficiencia del servicio. Contract tiene operaciones en Argentina, Uruguay, Chile, Per\u00fa y M\u00e9xico. Pr\u00f3ximamente incorporar\u00e1 operaciones en Ecuador, Panam\u00e1 y Paraguay.<\/p>\n\n<div style=\"font-size: 0px; height: 0px; line-height: 0px; margin: 0; padding: 0; clear: both;\"><\/div><div style=\"margin-top: 0px; margin-bottom: 0px;\" class=\"sharethis-inline-share-buttons\" ><\/div>","protected":false},"excerpt":{"rendered":"<p>Se verifica un alza en el costo de los insumos con tendencia a la estabilizaci\u00f3n en los precios&#8230;<\/p>\n","protected":false},"author":1,"featured_media":6445,"comment_status":"closed","ping_status":"closed","sticky":false,"template":"","format":"standard","meta":{"_uag_custom_page_level_css":"","footnotes":""},"categories":[40,64],"tags":[527,529,531,528,530,504,526,1295,255,532],"class_list":["post-6446","post","type-post","status-publish","format-standard","has-post-thumbnail","hentry","category-construccion","category-empresas-construccion","tag-contract","tag-costo-por-m2","tag-costos","tag-costos-de-la-construccion","tag-dolar","tag-ic","tag-indice-contract","tag-indice-contract-regional","tag-oficinas","tag-precios","generate-columns","tablet-grid-50","mobile-grid-100","grid-parent","grid-50"],"yoast_head":"<!-- This site is optimized with the Yoast SEO plugin v27.3 - https:\/\/yoast.com\/product\/yoast-seo-wordpress\/ -->\n<title>En febrero construir y equipar el interior de oficinas corporativas cost\u00f3 2,3% mas respecto del mes anterior - Arquimaster<\/title>\n<meta name=\"robots\" content=\"index, follow, max-snippet:-1, max-image-preview:large, max-video-preview:-1\" \/>\n<link rel=\"canonical\" href=\"https:\/\/www.arquimaster.com.ar\/web\/en-febrero-construir-y-equipar-el-interior-de-oficinas-corporativas-costo-23-mas-respecto-del-mes-anterior\/\" \/>\n<meta property=\"og:locale\" content=\"es_ES\" \/>\n<meta property=\"og:type\" content=\"article\" \/>\n<meta property=\"og:title\" content=\"En febrero construir y equipar el interior de oficinas corporativas cost\u00f3 2,3% mas respecto del mes anterior - Arquimaster\" \/>\n<meta property=\"og:description\" content=\"Se verifica un alza en el costo de los insumos con tendencia a la estabilizaci\u00f3n en los precios...\" \/>\n<meta property=\"og:url\" content=\"https:\/\/www.arquimaster.com.ar\/web\/en-febrero-construir-y-equipar-el-interior-de-oficinas-corporativas-costo-23-mas-respecto-del-mes-anterior\/\" \/>\n<meta property=\"og:site_name\" content=\"Arquimaster\" \/>\n<meta property=\"article:publisher\" content=\"http:\/\/www.facebook.com\/ARQUIMASTER.com.ar\" \/>\n<meta property=\"article:published_time\" content=\"2014-04-19T22:36:09+00:00\" \/>\n<meta property=\"article:modified_time\" content=\"2026-03-28T23:39:25+00:00\" \/>\n<meta property=\"og:image\" content=\"https:\/\/www.arquimaster.com.ar\/web\/wp-content\/uploads\/2014\/04\/indice_contract_febrero2014_slide.jpg\" \/>\n\t<meta property=\"og:image:width\" content=\"642\" \/>\n\t<meta property=\"og:image:height\" content=\"336\" \/>\n\t<meta property=\"og:image:type\" content=\"image\/jpeg\" \/>\n<meta name=\"author\" content=\"Arquimaster\" \/>\n<meta name=\"twitter:card\" content=\"summary_large_image\" \/>\n<meta name=\"twitter:creator\" content=\"@arquimaster\" \/>\n<meta name=\"twitter:site\" content=\"@arquimaster\" \/>\n<meta name=\"twitter:label1\" content=\"Escrito por\" \/>\n\t<meta name=\"twitter:data1\" content=\"Arquimaster\" \/>\n\t<meta name=\"twitter:label2\" content=\"Tiempo de lectura\" \/>\n\t<meta name=\"twitter:data2\" content=\"3 minutos\" \/>\n<script type=\"application\/ld+json\" class=\"yoast-schema-graph\">{\"@context\":\"https:\\\/\\\/schema.org\",\"@graph\":[{\"@type\":\"Article\",\"@id\":\"https:\\\/\\\/www.arquimaster.com.ar\\\/web\\\/en-febrero-construir-y-equipar-el-interior-de-oficinas-corporativas-costo-23-mas-respecto-del-mes-anterior\\\/#article\",\"isPartOf\":{\"@id\":\"https:\\\/\\\/www.arquimaster.com.ar\\\/web\\\/en-febrero-construir-y-equipar-el-interior-de-oficinas-corporativas-costo-23-mas-respecto-del-mes-anterior\\\/\"},\"author\":{\"name\":\"Arquimaster\",\"@id\":\"https:\\\/\\\/www.arquimaster.com.ar\\\/web\\\/#\\\/schema\\\/person\\\/359e9f7c00193fcde068e0dd2ceb0028\"},\"headline\":\"En febrero construir y equipar el interior de oficinas corporativas cost\u00f3 2,3% mas respecto del mes anterior\",\"datePublished\":\"2014-04-19T22:36:09+00:00\",\"dateModified\":\"2026-03-28T23:39:25+00:00\",\"mainEntityOfPage\":{\"@id\":\"https:\\\/\\\/www.arquimaster.com.ar\\\/web\\\/en-febrero-construir-y-equipar-el-interior-de-oficinas-corporativas-costo-23-mas-respecto-del-mes-anterior\\\/\"},\"wordCount\":621,\"publisher\":{\"@id\":\"https:\\\/\\\/www.arquimaster.com.ar\\\/web\\\/#organization\"},\"image\":{\"@id\":\"https:\\\/\\\/www.arquimaster.com.ar\\\/web\\\/en-febrero-construir-y-equipar-el-interior-de-oficinas-corporativas-costo-23-mas-respecto-del-mes-anterior\\\/#primaryimage\"},\"thumbnailUrl\":\"https:\\\/\\\/www.arquimaster.com.ar\\\/web\\\/wp-content\\\/uploads\\\/2014\\\/04\\\/indice_contract_febrero2014_slide.jpg\",\"keywords\":[\"Contract\",\"costo por m2\",\"costos\",\"costos de la construccion\",\"dolar\",\"IC\",\"Indice Contract\",\"Indice Contract Regional\",\"oficinas\",\"precios\"],\"articleSection\":[\"Construccion\",\"Empresas de la construccion\"],\"inLanguage\":\"es\"},{\"@type\":\"WebPage\",\"@id\":\"https:\\\/\\\/www.arquimaster.com.ar\\\/web\\\/en-febrero-construir-y-equipar-el-interior-de-oficinas-corporativas-costo-23-mas-respecto-del-mes-anterior\\\/\",\"url\":\"https:\\\/\\\/www.arquimaster.com.ar\\\/web\\\/en-febrero-construir-y-equipar-el-interior-de-oficinas-corporativas-costo-23-mas-respecto-del-mes-anterior\\\/\",\"name\":\"En febrero construir y equipar el interior de oficinas corporativas cost\u00f3 2,3% mas respecto del mes anterior - Arquimaster\",\"isPartOf\":{\"@id\":\"https:\\\/\\\/www.arquimaster.com.ar\\\/web\\\/#website\"},\"primaryImageOfPage\":{\"@id\":\"https:\\\/\\\/www.arquimaster.com.ar\\\/web\\\/en-febrero-construir-y-equipar-el-interior-de-oficinas-corporativas-costo-23-mas-respecto-del-mes-anterior\\\/#primaryimage\"},\"image\":{\"@id\":\"https:\\\/\\\/www.arquimaster.com.ar\\\/web\\\/en-febrero-construir-y-equipar-el-interior-de-oficinas-corporativas-costo-23-mas-respecto-del-mes-anterior\\\/#primaryimage\"},\"thumbnailUrl\":\"https:\\\/\\\/www.arquimaster.com.ar\\\/web\\\/wp-content\\\/uploads\\\/2014\\\/04\\\/indice_contract_febrero2014_slide.jpg\",\"datePublished\":\"2014-04-19T22:36:09+00:00\",\"dateModified\":\"2026-03-28T23:39:25+00:00\",\"breadcrumb\":{\"@id\":\"https:\\\/\\\/www.arquimaster.com.ar\\\/web\\\/en-febrero-construir-y-equipar-el-interior-de-oficinas-corporativas-costo-23-mas-respecto-del-mes-anterior\\\/#breadcrumb\"},\"inLanguage\":\"es\",\"potentialAction\":[{\"@type\":\"ReadAction\",\"target\":[\"https:\\\/\\\/www.arquimaster.com.ar\\\/web\\\/en-febrero-construir-y-equipar-el-interior-de-oficinas-corporativas-costo-23-mas-respecto-del-mes-anterior\\\/\"]}]},{\"@type\":\"ImageObject\",\"inLanguage\":\"es\",\"@id\":\"https:\\\/\\\/www.arquimaster.com.ar\\\/web\\\/en-febrero-construir-y-equipar-el-interior-de-oficinas-corporativas-costo-23-mas-respecto-del-mes-anterior\\\/#primaryimage\",\"url\":\"https:\\\/\\\/www.arquimaster.com.ar\\\/web\\\/wp-content\\\/uploads\\\/2014\\\/04\\\/indice_contract_febrero2014_slide.jpg\",\"contentUrl\":\"https:\\\/\\\/www.arquimaster.com.ar\\\/web\\\/wp-content\\\/uploads\\\/2014\\\/04\\\/indice_contract_febrero2014_slide.jpg\",\"width\":642,\"height\":336},{\"@type\":\"BreadcrumbList\",\"@id\":\"https:\\\/\\\/www.arquimaster.com.ar\\\/web\\\/en-febrero-construir-y-equipar-el-interior-de-oficinas-corporativas-costo-23-mas-respecto-del-mes-anterior\\\/#breadcrumb\",\"itemListElement\":[{\"@type\":\"ListItem\",\"position\":1,\"name\":\"Portada\",\"item\":\"https:\\\/\\\/www.arquimaster.com.ar\\\/web\\\/\"},{\"@type\":\"ListItem\",\"position\":2,\"name\":\"En febrero construir y equipar el interior de oficinas corporativas cost\u00f3 2,3% mas respecto del mes anterior\"}]},{\"@type\":\"WebSite\",\"@id\":\"https:\\\/\\\/www.arquimaster.com.ar\\\/web\\\/#website\",\"url\":\"https:\\\/\\\/www.arquimaster.com.ar\\\/web\\\/\",\"name\":\"Arquimaster\",\"description\":\"Web de arquitectura, dise\u00f1o y construccion\",\"publisher\":{\"@id\":\"https:\\\/\\\/www.arquimaster.com.ar\\\/web\\\/#organization\"},\"potentialAction\":[{\"@type\":\"SearchAction\",\"target\":{\"@type\":\"EntryPoint\",\"urlTemplate\":\"https:\\\/\\\/www.arquimaster.com.ar\\\/web\\\/?s={search_term_string}\"},\"query-input\":{\"@type\":\"PropertyValueSpecification\",\"valueRequired\":true,\"valueName\":\"search_term_string\"}}],\"inLanguage\":\"es\"},{\"@type\":\"Organization\",\"@id\":\"https:\\\/\\\/www.arquimaster.com.ar\\\/web\\\/#organization\",\"name\":\"Arquimaster\",\"url\":\"https:\\\/\\\/www.arquimaster.com.ar\\\/web\\\/\",\"logo\":{\"@type\":\"ImageObject\",\"inLanguage\":\"es\",\"@id\":\"https:\\\/\\\/www.arquimaster.com.ar\\\/web\\\/#\\\/schema\\\/logo\\\/image\\\/\",\"url\":\"https:\\\/\\\/www.arquimaster.com.ar\\\/web\\\/wp-content\\\/uploads\\\/2022\\\/06\\\/arquimaster.png\",\"contentUrl\":\"https:\\\/\\\/www.arquimaster.com.ar\\\/web\\\/wp-content\\\/uploads\\\/2022\\\/06\\\/arquimaster.png\",\"width\":594,\"height\":78,\"caption\":\"Arquimaster\"},\"image\":{\"@id\":\"https:\\\/\\\/www.arquimaster.com.ar\\\/web\\\/#\\\/schema\\\/logo\\\/image\\\/\"},\"sameAs\":[\"http:\\\/\\\/www.facebook.com\\\/ARQUIMASTER.com.ar\",\"https:\\\/\\\/x.com\\\/arquimaster\",\"https:\\\/\\\/www.instagram.com\\\/arquimasterblog\\\/\",\"https:\\\/\\\/www.linkedin.com\\\/company\\\/arquimaster\",\"https:\\\/\\\/www.pinterest.com\\\/arquimaster\",\"https:\\\/\\\/t.me\\\/arquimaster\"]},{\"@type\":\"Person\",\"@id\":\"https:\\\/\\\/www.arquimaster.com.ar\\\/web\\\/#\\\/schema\\\/person\\\/359e9f7c00193fcde068e0dd2ceb0028\",\"name\":\"Arquimaster\"}]}<\/script>\n<!-- \/ Yoast SEO plugin. -->","yoast_head_json":{"title":"En febrero construir y equipar el interior de oficinas corporativas cost\u00f3 2,3% mas respecto del mes anterior - Arquimaster","robots":{"index":"index","follow":"follow","max-snippet":"max-snippet:-1","max-image-preview":"max-image-preview:large","max-video-preview":"max-video-preview:-1"},"canonical":"https:\/\/www.arquimaster.com.ar\/web\/en-febrero-construir-y-equipar-el-interior-de-oficinas-corporativas-costo-23-mas-respecto-del-mes-anterior\/","og_locale":"es_ES","og_type":"article","og_title":"En febrero construir y equipar el interior de oficinas corporativas cost\u00f3 2,3% mas respecto del mes anterior - Arquimaster","og_description":"Se verifica un alza en el costo de los insumos con tendencia a la estabilizaci\u00f3n en los precios...","og_url":"https:\/\/www.arquimaster.com.ar\/web\/en-febrero-construir-y-equipar-el-interior-de-oficinas-corporativas-costo-23-mas-respecto-del-mes-anterior\/","og_site_name":"Arquimaster","article_publisher":"http:\/\/www.facebook.com\/ARQUIMASTER.com.ar","article_published_time":"2014-04-19T22:36:09+00:00","article_modified_time":"2026-03-28T23:39:25+00:00","og_image":[{"width":642,"height":336,"url":"https:\/\/www.arquimaster.com.ar\/web\/wp-content\/uploads\/2014\/04\/indice_contract_febrero2014_slide.jpg","type":"image\/jpeg"}],"author":"Arquimaster","twitter_card":"summary_large_image","twitter_creator":"@arquimaster","twitter_site":"@arquimaster","twitter_misc":{"Escrito por":"Arquimaster","Tiempo de lectura":"3 minutos"},"schema":{"@context":"https:\/\/schema.org","@graph":[{"@type":"Article","@id":"https:\/\/www.arquimaster.com.ar\/web\/en-febrero-construir-y-equipar-el-interior-de-oficinas-corporativas-costo-23-mas-respecto-del-mes-anterior\/#article","isPartOf":{"@id":"https:\/\/www.arquimaster.com.ar\/web\/en-febrero-construir-y-equipar-el-interior-de-oficinas-corporativas-costo-23-mas-respecto-del-mes-anterior\/"},"author":{"name":"Arquimaster","@id":"https:\/\/www.arquimaster.com.ar\/web\/#\/schema\/person\/359e9f7c00193fcde068e0dd2ceb0028"},"headline":"En febrero construir y equipar el interior de oficinas corporativas cost\u00f3 2,3% mas respecto del mes anterior","datePublished":"2014-04-19T22:36:09+00:00","dateModified":"2026-03-28T23:39:25+00:00","mainEntityOfPage":{"@id":"https:\/\/www.arquimaster.com.ar\/web\/en-febrero-construir-y-equipar-el-interior-de-oficinas-corporativas-costo-23-mas-respecto-del-mes-anterior\/"},"wordCount":621,"publisher":{"@id":"https:\/\/www.arquimaster.com.ar\/web\/#organization"},"image":{"@id":"https:\/\/www.arquimaster.com.ar\/web\/en-febrero-construir-y-equipar-el-interior-de-oficinas-corporativas-costo-23-mas-respecto-del-mes-anterior\/#primaryimage"},"thumbnailUrl":"https:\/\/www.arquimaster.com.ar\/web\/wp-content\/uploads\/2014\/04\/indice_contract_febrero2014_slide.jpg","keywords":["Contract","costo por m2","costos","costos de la construccion","dolar","IC","Indice Contract","Indice Contract Regional","oficinas","precios"],"articleSection":["Construccion","Empresas de la construccion"],"inLanguage":"es"},{"@type":"WebPage","@id":"https:\/\/www.arquimaster.com.ar\/web\/en-febrero-construir-y-equipar-el-interior-de-oficinas-corporativas-costo-23-mas-respecto-del-mes-anterior\/","url":"https:\/\/www.arquimaster.com.ar\/web\/en-febrero-construir-y-equipar-el-interior-de-oficinas-corporativas-costo-23-mas-respecto-del-mes-anterior\/","name":"En febrero construir y equipar el interior de oficinas corporativas cost\u00f3 2,3% mas respecto del mes anterior - Arquimaster","isPartOf":{"@id":"https:\/\/www.arquimaster.com.ar\/web\/#website"},"primaryImageOfPage":{"@id":"https:\/\/www.arquimaster.com.ar\/web\/en-febrero-construir-y-equipar-el-interior-de-oficinas-corporativas-costo-23-mas-respecto-del-mes-anterior\/#primaryimage"},"image":{"@id":"https:\/\/www.arquimaster.com.ar\/web\/en-febrero-construir-y-equipar-el-interior-de-oficinas-corporativas-costo-23-mas-respecto-del-mes-anterior\/#primaryimage"},"thumbnailUrl":"https:\/\/www.arquimaster.com.ar\/web\/wp-content\/uploads\/2014\/04\/indice_contract_febrero2014_slide.jpg","datePublished":"2014-04-19T22:36:09+00:00","dateModified":"2026-03-28T23:39:25+00:00","breadcrumb":{"@id":"https:\/\/www.arquimaster.com.ar\/web\/en-febrero-construir-y-equipar-el-interior-de-oficinas-corporativas-costo-23-mas-respecto-del-mes-anterior\/#breadcrumb"},"inLanguage":"es","potentialAction":[{"@type":"ReadAction","target":["https:\/\/www.arquimaster.com.ar\/web\/en-febrero-construir-y-equipar-el-interior-de-oficinas-corporativas-costo-23-mas-respecto-del-mes-anterior\/"]}]},{"@type":"ImageObject","inLanguage":"es","@id":"https:\/\/www.arquimaster.com.ar\/web\/en-febrero-construir-y-equipar-el-interior-de-oficinas-corporativas-costo-23-mas-respecto-del-mes-anterior\/#primaryimage","url":"https:\/\/www.arquimaster.com.ar\/web\/wp-content\/uploads\/2014\/04\/indice_contract_febrero2014_slide.jpg","contentUrl":"https:\/\/www.arquimaster.com.ar\/web\/wp-content\/uploads\/2014\/04\/indice_contract_febrero2014_slide.jpg","width":642,"height":336},{"@type":"BreadcrumbList","@id":"https:\/\/www.arquimaster.com.ar\/web\/en-febrero-construir-y-equipar-el-interior-de-oficinas-corporativas-costo-23-mas-respecto-del-mes-anterior\/#breadcrumb","itemListElement":[{"@type":"ListItem","position":1,"name":"Portada","item":"https:\/\/www.arquimaster.com.ar\/web\/"},{"@type":"ListItem","position":2,"name":"En febrero construir y equipar el interior de oficinas corporativas cost\u00f3 2,3% mas respecto del mes anterior"}]},{"@type":"WebSite","@id":"https:\/\/www.arquimaster.com.ar\/web\/#website","url":"https:\/\/www.arquimaster.com.ar\/web\/","name":"Arquimaster","description":"Web de arquitectura, dise\u00f1o y construccion","publisher":{"@id":"https:\/\/www.arquimaster.com.ar\/web\/#organization"},"potentialAction":[{"@type":"SearchAction","target":{"@type":"EntryPoint","urlTemplate":"https:\/\/www.arquimaster.com.ar\/web\/?s={search_term_string}"},"query-input":{"@type":"PropertyValueSpecification","valueRequired":true,"valueName":"search_term_string"}}],"inLanguage":"es"},{"@type":"Organization","@id":"https:\/\/www.arquimaster.com.ar\/web\/#organization","name":"Arquimaster","url":"https:\/\/www.arquimaster.com.ar\/web\/","logo":{"@type":"ImageObject","inLanguage":"es","@id":"https:\/\/www.arquimaster.com.ar\/web\/#\/schema\/logo\/image\/","url":"https:\/\/www.arquimaster.com.ar\/web\/wp-content\/uploads\/2022\/06\/arquimaster.png","contentUrl":"https:\/\/www.arquimaster.com.ar\/web\/wp-content\/uploads\/2022\/06\/arquimaster.png","width":594,"height":78,"caption":"Arquimaster"},"image":{"@id":"https:\/\/www.arquimaster.com.ar\/web\/#\/schema\/logo\/image\/"},"sameAs":["http:\/\/www.facebook.com\/ARQUIMASTER.com.ar","https:\/\/x.com\/arquimaster","https:\/\/www.instagram.com\/arquimasterblog\/","https:\/\/www.linkedin.com\/company\/arquimaster","https:\/\/www.pinterest.com\/arquimaster","https:\/\/t.me\/arquimaster"]},{"@type":"Person","@id":"https:\/\/www.arquimaster.com.ar\/web\/#\/schema\/person\/359e9f7c00193fcde068e0dd2ceb0028","name":"Arquimaster"}]}},"uagb_featured_image_src":{"full":["https:\/\/www.arquimaster.com.ar\/web\/wp-content\/uploads\/2014\/04\/indice_contract_febrero2014_slide.jpg",642,336,false],"thumbnail":["https:\/\/www.arquimaster.com.ar\/web\/wp-content\/uploads\/2014\/04\/indice_contract_febrero2014_slide-150x150.jpg",150,150,true],"medium":["https:\/\/www.arquimaster.com.ar\/web\/wp-content\/uploads\/2014\/04\/indice_contract_febrero2014_slide-300x157.jpg",300,157,true],"medium_large":["https:\/\/www.arquimaster.com.ar\/web\/wp-content\/uploads\/2014\/04\/indice_contract_febrero2014_slide.jpg",642,336,false],"large":["https:\/\/www.arquimaster.com.ar\/web\/wp-content\/uploads\/2014\/04\/indice_contract_febrero2014_slide.jpg",642,336,false],"1536x1536":["https:\/\/www.arquimaster.com.ar\/web\/wp-content\/uploads\/2014\/04\/indice_contract_febrero2014_slide.jpg",642,336,false],"2048x2048":["https:\/\/www.arquimaster.com.ar\/web\/wp-content\/uploads\/2014\/04\/indice_contract_febrero2014_slide.jpg",642,336,false]},"uagb_author_info":{"display_name":"Arquimaster","author_link":"https:\/\/www.arquimaster.com.ar\/web\/author\/arquimaster\/"},"uagb_comment_info":0,"uagb_excerpt":"Se verifica un alza en el costo de los insumos con tendencia a la estabilizaci\u00f3n en los precios...","_links":{"self":[{"href":"https:\/\/www.arquimaster.com.ar\/web\/wp-json\/wp\/v2\/posts\/6446","targetHints":{"allow":["GET"]}}],"collection":[{"href":"https:\/\/www.arquimaster.com.ar\/web\/wp-json\/wp\/v2\/posts"}],"about":[{"href":"https:\/\/www.arquimaster.com.ar\/web\/wp-json\/wp\/v2\/types\/post"}],"author":[{"embeddable":true,"href":"https:\/\/www.arquimaster.com.ar\/web\/wp-json\/wp\/v2\/users\/1"}],"replies":[{"embeddable":true,"href":"https:\/\/www.arquimaster.com.ar\/web\/wp-json\/wp\/v2\/comments?post=6446"}],"version-history":[{"count":2,"href":"https:\/\/www.arquimaster.com.ar\/web\/wp-json\/wp\/v2\/posts\/6446\/revisions"}],"predecessor-version":[{"id":88020,"href":"https:\/\/www.arquimaster.com.ar\/web\/wp-json\/wp\/v2\/posts\/6446\/revisions\/88020"}],"wp:featuredmedia":[{"embeddable":true,"href":"https:\/\/www.arquimaster.com.ar\/web\/wp-json\/wp\/v2\/media\/6445"}],"wp:attachment":[{"href":"https:\/\/www.arquimaster.com.ar\/web\/wp-json\/wp\/v2\/media?parent=6446"}],"wp:term":[{"taxonomy":"category","embeddable":true,"href":"https:\/\/www.arquimaster.com.ar\/web\/wp-json\/wp\/v2\/categories?post=6446"},{"taxonomy":"post_tag","embeddable":true,"href":"https:\/\/www.arquimaster.com.ar\/web\/wp-json\/wp\/v2\/tags?post=6446"}],"curies":[{"name":"wp","href":"https:\/\/api.w.org\/{rel}","templated":true}]}}