{"id":64477,"date":"2021-04-29T20:09:27","date_gmt":"2021-04-29T23:09:27","guid":{"rendered":"https:\/\/www.arquimaster.com.ar\/web\/?p=64477"},"modified":"2021-10-20T18:50:22","modified_gmt":"2021-10-20T21:50:22","slug":"casa-entreparotas-di-frenna-arquitectos","status":"publish","type":"post","link":"https:\/\/www.arquimaster.com.ar\/web\/casa-entreparotas-di-frenna-arquitectos\/","title":{"rendered":"Casa Entreparotas \/ Di Frenna Arquitectos"},"content":{"rendered":"<div style=\"margin-top: 0px; margin-bottom: 0px;\" class=\"sharethis-inline-share-buttons\" ><\/div><div class=\"b812932af2e751442846f039925109de\" data-index=\"1\" style=\"float: none; margin:25px 0 25px 0; text-align:center;\">\n<script async src=\"https:\/\/pagead2.googlesyndication.com\/pagead\/js\/adsbygoogle.js\"><\/script>\r\n<!-- Arquimaster (superior) -->\r\n<ins class=\"adsbygoogle\"\r\n     style=\"display:block\"\r\n     data-ad-client=\"ca-pub-6351072698456832\"\r\n     data-ad-slot=\"6455489680\"\r\n     data-ad-format=\"auto\"\r\n     data-full-width-responsive=\"true\"><\/ins>\r\n<script>\r\n     (adsbygoogle = window.adsbygoogle || []).push({});\r\n<\/script>\n<\/div>\n<p><strong>Casa Entreparotas<\/strong> (Colima, M\u00e9xico) por <strong>Di Frenna Arquitectos<\/strong>. Casa Entreparotas es un proyecto que permite a sus habitantes vivir en constante relaci\u00f3n con la naturaleza, por consiguiente la premisa de elegir un emplazamiento que enalteciera la relevancia de la vegetaci\u00f3n existente y de un peque\u00f1o arroyo que se pasea por el terreno. Una variedad de vegetaci\u00f3n tropical, donde sobresalen las parotas e higueras, generan una atm\u00f3sfera selv\u00e1tica que posibilit\u00f3 el concepto del dise\u00f1o.<\/p>\n<div id='gallery-1' class='gallery galleryid-64477 gallery-columns-3 gallery-size-thumbnail'><figure class='gallery-item'>\n\t\t\t<div class='gallery-icon portrait'>\n\t\t\t\t<a href='https:\/\/www.arquimaster.com.ar\/web\/wp-content\/uploads\/2021\/04\/casa_entreparotas1.jpg' title=\"Casa Entreparotas \/ Di Frenna Arquitectos (\u00a9 Lorena Darque)\" data-rl_title=\"Casa Entreparotas \/ Di Frenna Arquitectos (\u00a9 Lorena Darque)\" class=\"rl-gallery-link\" data-rl_caption=\"Casa Entreparotas \/ Di Frenna Arquitectos (\u00a9 Lorena Darque)\" data-rel=\"lightbox-gallery-1\"><img loading=\"lazy\" decoding=\"async\" width=\"150\" height=\"150\" src=\"https:\/\/www.arquimaster.com.ar\/web\/wp-content\/uploads\/2021\/04\/casa_entreparotas1-150x150.jpg\" class=\"attachment-thumbnail size-thumbnail\" alt=\"Casa Entreparotas \/ Di Frenna Arquitectos\" aria-describedby=\"gallery-1-64479\" \/><\/a>\n\t\t\t<\/div>\n\t\t\t\t<figcaption class='wp-caption-text gallery-caption' id='gallery-1-64479'>\n\t\t\t\tCasa Entreparotas \/ Di Frenna Arquitectos (\u00a9 Lorena Darque)\n\t\t\t\t<\/figcaption><\/figure><figure class='gallery-item'>\n\t\t\t<div class='gallery-icon portrait'>\n\t\t\t\t<a href='https:\/\/www.arquimaster.com.ar\/web\/wp-content\/uploads\/2021\/04\/casa_entreparotas2.jpg' title=\"Casa Entreparotas \/ Di Frenna Arquitectos (\u00a9 Lorena Darque)\" data-rl_title=\"Casa Entreparotas \/ Di Frenna Arquitectos (\u00a9 Lorena Darque)\" class=\"rl-gallery-link\" data-rl_caption=\"Casa Entreparotas \/ Di Frenna Arquitectos (\u00a9 Lorena Darque)\" data-rel=\"lightbox-gallery-1\"><img loading=\"lazy\" decoding=\"async\" width=\"150\" height=\"150\" src=\"https:\/\/www.arquimaster.com.ar\/web\/wp-content\/uploads\/2021\/04\/casa_entreparotas2-150x150.jpg\" class=\"attachment-thumbnail size-thumbnail\" alt=\"Casa Entreparotas \/ Di Frenna Arquitectos\" aria-describedby=\"gallery-1-64480\" \/><\/a>\n\t\t\t<\/div>\n\t\t\t\t<figcaption class='wp-caption-text gallery-caption' id='gallery-1-64480'>\n\t\t\t\tCasa Entreparotas \/ Di Frenna Arquitectos (\u00a9 Lorena Darque)\n\t\t\t\t<\/figcaption><\/figure><figure class='gallery-item'>\n\t\t\t<div class='gallery-icon portrait'>\n\t\t\t\t<a href='https:\/\/www.arquimaster.com.ar\/web\/wp-content\/uploads\/2021\/04\/casa_entreparotas3.jpg' title=\"Casa Entreparotas \/ Di Frenna Arquitectos (\u00a9 Lorena Darque)\" data-rl_title=\"Casa Entreparotas \/ Di Frenna Arquitectos (\u00a9 Lorena Darque)\" class=\"rl-gallery-link\" data-rl_caption=\"Casa Entreparotas \/ Di Frenna Arquitectos (\u00a9 Lorena Darque)\" data-rel=\"lightbox-gallery-1\"><img loading=\"lazy\" decoding=\"async\" width=\"150\" height=\"150\" src=\"https:\/\/www.arquimaster.com.ar\/web\/wp-content\/uploads\/2021\/04\/casa_entreparotas3-150x150.jpg\" class=\"attachment-thumbnail size-thumbnail\" alt=\"Casa Entreparotas \/ Di Frenna Arquitectos\" aria-describedby=\"gallery-1-64481\" \/><\/a>\n\t\t\t<\/div>\n\t\t\t\t<figcaption class='wp-caption-text gallery-caption' id='gallery-1-64481'>\n\t\t\t\tCasa Entreparotas \/ Di Frenna Arquitectos (\u00a9 Lorena Darque)\n\t\t\t\t<\/figcaption><\/figure><figure class='gallery-item'>\n\t\t\t<div class='gallery-icon portrait'>\n\t\t\t\t<a href='https:\/\/www.arquimaster.com.ar\/web\/wp-content\/uploads\/2021\/04\/casa_entreparotas4.jpg' title=\"Casa Entreparotas \/ Di Frenna Arquitectos (\u00a9 Lorena Darque)\" data-rl_title=\"Casa Entreparotas \/ Di Frenna Arquitectos (\u00a9 Lorena Darque)\" class=\"rl-gallery-link\" data-rl_caption=\"Casa Entreparotas \/ Di Frenna Arquitectos (\u00a9 Lorena Darque)\" data-rel=\"lightbox-gallery-1\"><img loading=\"lazy\" decoding=\"async\" width=\"150\" height=\"150\" src=\"https:\/\/www.arquimaster.com.ar\/web\/wp-content\/uploads\/2021\/04\/casa_entreparotas4-150x150.jpg\" class=\"attachment-thumbnail size-thumbnail\" alt=\"Casa Entreparotas \/ Di Frenna Arquitectos\" aria-describedby=\"gallery-1-64482\" \/><\/a>\n\t\t\t<\/div>\n\t\t\t\t<figcaption class='wp-caption-text gallery-caption' id='gallery-1-64482'>\n\t\t\t\tCasa Entreparotas \/ Di Frenna Arquitectos (\u00a9 Lorena Darque)\n\t\t\t\t<\/figcaption><\/figure><figure class='gallery-item'>\n\t\t\t<div class='gallery-icon landscape'>\n\t\t\t\t<a href='https:\/\/www.arquimaster.com.ar\/web\/wp-content\/uploads\/2021\/04\/casa_entreparotas5.jpg' title=\"Casa Entreparotas \/ Di Frenna Arquitectos (\u00a9 Lorena Darque)\" data-rl_title=\"Casa Entreparotas \/ Di Frenna Arquitectos (\u00a9 Lorena Darque)\" class=\"rl-gallery-link\" data-rl_caption=\"Casa Entreparotas \/ Di Frenna Arquitectos (\u00a9 Lorena Darque)\" data-rel=\"lightbox-gallery-1\"><img loading=\"lazy\" decoding=\"async\" width=\"150\" height=\"150\" src=\"https:\/\/www.arquimaster.com.ar\/web\/wp-content\/uploads\/2021\/04\/casa_entreparotas5-150x150.jpg\" class=\"attachment-thumbnail size-thumbnail\" alt=\"Casa Entreparotas \/ Di Frenna Arquitectos\" aria-describedby=\"gallery-1-64483\" \/><\/a>\n\t\t\t<\/div>\n\t\t\t\t<figcaption class='wp-caption-text gallery-caption' id='gallery-1-64483'>\n\t\t\t\tCasa Entreparotas \/ Di Frenna Arquitectos (\u00a9 Lorena Darque)\n\t\t\t\t<\/figcaption><\/figure><figure class='gallery-item'>\n\t\t\t<div class='gallery-icon landscape'>\n\t\t\t\t<a href='https:\/\/www.arquimaster.com.ar\/web\/wp-content\/uploads\/2021\/04\/casa_entreparotas6.jpg' title=\"Casa Entreparotas \/ Di Frenna Arquitectos (\u00a9 Lorena Darque)\" data-rl_title=\"Casa Entreparotas \/ Di Frenna Arquitectos (\u00a9 Lorena Darque)\" class=\"rl-gallery-link\" data-rl_caption=\"Casa Entreparotas \/ Di Frenna Arquitectos (\u00a9 Lorena Darque)\" data-rel=\"lightbox-gallery-1\"><img loading=\"lazy\" decoding=\"async\" width=\"150\" height=\"150\" src=\"https:\/\/www.arquimaster.com.ar\/web\/wp-content\/uploads\/2021\/04\/casa_entreparotas6-150x150.jpg\" class=\"attachment-thumbnail size-thumbnail\" alt=\"Casa Entreparotas \/ Di Frenna Arquitectos\" aria-describedby=\"gallery-1-64484\" \/><\/a>\n\t\t\t<\/div>\n\t\t\t\t<figcaption class='wp-caption-text gallery-caption' id='gallery-1-64484'>\n\t\t\t\tCasa Entreparotas \/ Di Frenna Arquitectos (\u00a9 Lorena Darque)\n\t\t\t\t<\/figcaption><\/figure><figure class='gallery-item'>\n\t\t\t<div class='gallery-icon landscape'>\n\t\t\t\t<a href='https:\/\/www.arquimaster.com.ar\/web\/wp-content\/uploads\/2021\/04\/casa_entreparotas7.jpg' title=\"Casa Entreparotas \/ Di Frenna Arquitectos (\u00a9 Lorena Darque)\" data-rl_title=\"Casa Entreparotas \/ Di Frenna Arquitectos (\u00a9 Lorena Darque)\" class=\"rl-gallery-link\" data-rl_caption=\"Casa Entreparotas \/ Di Frenna Arquitectos (\u00a9 Lorena Darque)\" data-rel=\"lightbox-gallery-1\"><img loading=\"lazy\" decoding=\"async\" width=\"150\" height=\"150\" src=\"https:\/\/www.arquimaster.com.ar\/web\/wp-content\/uploads\/2021\/04\/casa_entreparotas7-150x150.jpg\" class=\"attachment-thumbnail size-thumbnail\" alt=\"Casa Entreparotas \/ Di Frenna Arquitectos\" aria-describedby=\"gallery-1-64485\" \/><\/a>\n\t\t\t<\/div>\n\t\t\t\t<figcaption class='wp-caption-text gallery-caption' id='gallery-1-64485'>\n\t\t\t\tCasa Entreparotas \/ Di Frenna Arquitectos (\u00a9 Lorena Darque)\n\t\t\t\t<\/figcaption><\/figure><figure class='gallery-item'>\n\t\t\t<div class='gallery-icon landscape'>\n\t\t\t\t<a href='https:\/\/www.arquimaster.com.ar\/web\/wp-content\/uploads\/2021\/04\/casa_entreparotas8.jpg' title=\"Casa Entreparotas \/ Di Frenna Arquitectos (\u00a9 Lorena Darque)\" data-rl_title=\"Casa Entreparotas \/ Di Frenna Arquitectos (\u00a9 Lorena Darque)\" class=\"rl-gallery-link\" data-rl_caption=\"Casa Entreparotas \/ Di Frenna Arquitectos (\u00a9 Lorena Darque)\" data-rel=\"lightbox-gallery-1\"><img loading=\"lazy\" decoding=\"async\" width=\"150\" height=\"150\" src=\"https:\/\/www.arquimaster.com.ar\/web\/wp-content\/uploads\/2021\/04\/casa_entreparotas8-150x150.jpg\" class=\"attachment-thumbnail size-thumbnail\" alt=\"Casa Entreparotas \/ Di Frenna Arquitectos\" aria-describedby=\"gallery-1-64486\" \/><\/a>\n\t\t\t<\/div>\n\t\t\t\t<figcaption class='wp-caption-text gallery-caption' id='gallery-1-64486'>\n\t\t\t\tCasa Entreparotas \/ Di Frenna Arquitectos (\u00a9 Lorena Darque)\n\t\t\t\t<\/figcaption><\/figure><figure class='gallery-item'>\n\t\t\t<div class='gallery-icon landscape'>\n\t\t\t\t<a href='https:\/\/www.arquimaster.com.ar\/web\/wp-content\/uploads\/2021\/04\/casa_entreparotas9.jpg' title=\"Casa Entreparotas \/ Di Frenna Arquitectos (\u00a9 Lorena Darque)\" data-rl_title=\"Casa Entreparotas \/ Di Frenna Arquitectos (\u00a9 Lorena Darque)\" class=\"rl-gallery-link\" data-rl_caption=\"Casa Entreparotas \/ Di Frenna Arquitectos (\u00a9 Lorena Darque)\" data-rel=\"lightbox-gallery-1\"><img loading=\"lazy\" decoding=\"async\" width=\"150\" height=\"150\" src=\"https:\/\/www.arquimaster.com.ar\/web\/wp-content\/uploads\/2021\/04\/casa_entreparotas9-150x150.jpg\" class=\"attachment-thumbnail size-thumbnail\" alt=\"Casa Entreparotas \/ Di Frenna Arquitectos\" aria-describedby=\"gallery-1-64487\" \/><\/a>\n\t\t\t<\/div>\n\t\t\t\t<figcaption class='wp-caption-text gallery-caption' id='gallery-1-64487'>\n\t\t\t\tCasa Entreparotas \/ Di Frenna Arquitectos (\u00a9 Lorena Darque)\n\t\t\t\t<\/figcaption><\/figure><figure class='gallery-item'>\n\t\t\t<div class='gallery-icon portrait'>\n\t\t\t\t<a href='https:\/\/www.arquimaster.com.ar\/web\/wp-content\/uploads\/2021\/04\/casa_entreparotas10.jpg' title=\"Casa Entreparotas \/ Di Frenna Arquitectos (\u00a9 Lorena Darque)\" data-rl_title=\"Casa Entreparotas \/ Di Frenna Arquitectos (\u00a9 Lorena Darque)\" class=\"rl-gallery-link\" data-rl_caption=\"Casa Entreparotas \/ Di Frenna Arquitectos (\u00a9 Lorena Darque)\" data-rel=\"lightbox-gallery-1\"><img loading=\"lazy\" decoding=\"async\" width=\"150\" height=\"150\" src=\"https:\/\/www.arquimaster.com.ar\/web\/wp-content\/uploads\/2021\/04\/casa_entreparotas10-150x150.jpg\" class=\"attachment-thumbnail size-thumbnail\" alt=\"Casa Entreparotas \/ Di Frenna Arquitectos\" aria-describedby=\"gallery-1-64488\" \/><\/a>\n\t\t\t<\/div>\n\t\t\t\t<figcaption class='wp-caption-text gallery-caption' id='gallery-1-64488'>\n\t\t\t\tCasa Entreparotas \/ Di Frenna Arquitectos (\u00a9 Lorena Darque)\n\t\t\t\t<\/figcaption><\/figure><figure class='gallery-item'>\n\t\t\t<div class='gallery-icon portrait'>\n\t\t\t\t<a href='https:\/\/www.arquimaster.com.ar\/web\/wp-content\/uploads\/2021\/04\/casa_entreparotas11.jpg' title=\"Casa Entreparotas \/ Di Frenna Arquitectos (\u00a9 Lorena Darque)\" data-rl_title=\"Casa Entreparotas \/ Di Frenna Arquitectos (\u00a9 Lorena Darque)\" class=\"rl-gallery-link\" data-rl_caption=\"Casa Entreparotas \/ Di Frenna Arquitectos (\u00a9 Lorena Darque)\" data-rel=\"lightbox-gallery-1\"><img loading=\"lazy\" decoding=\"async\" width=\"150\" height=\"150\" src=\"https:\/\/www.arquimaster.com.ar\/web\/wp-content\/uploads\/2021\/04\/casa_entreparotas11-150x150.jpg\" class=\"attachment-thumbnail size-thumbnail\" alt=\"Casa Entreparotas \/ Di Frenna Arquitectos\" aria-describedby=\"gallery-1-64489\" \/><\/a>\n\t\t\t<\/div>\n\t\t\t\t<figcaption class='wp-caption-text gallery-caption' id='gallery-1-64489'>\n\t\t\t\tCasa Entreparotas \/ Di Frenna Arquitectos (\u00a9 Lorena Darque)\n\t\t\t\t<\/figcaption><\/figure><figure class='gallery-item'>\n\t\t\t<div class='gallery-icon portrait'>\n\t\t\t\t<a href='https:\/\/www.arquimaster.com.ar\/web\/wp-content\/uploads\/2021\/04\/casa_entreparotas12.jpg' title=\"Casa Entreparotas \/ Di Frenna Arquitectos (\u00a9 Lorena Darque)\" data-rl_title=\"Casa Entreparotas \/ Di Frenna Arquitectos (\u00a9 Lorena Darque)\" class=\"rl-gallery-link\" data-rl_caption=\"Casa Entreparotas \/ Di Frenna Arquitectos (\u00a9 Lorena Darque)\" data-rel=\"lightbox-gallery-1\"><img loading=\"lazy\" decoding=\"async\" width=\"150\" height=\"150\" src=\"https:\/\/www.arquimaster.com.ar\/web\/wp-content\/uploads\/2021\/04\/casa_entreparotas12-150x150.jpg\" class=\"attachment-thumbnail size-thumbnail\" alt=\"Casa Entreparotas \/ Di Frenna Arquitectos\" aria-describedby=\"gallery-1-64490\" \/><\/a>\n\t\t\t<\/div>\n\t\t\t\t<figcaption class='wp-caption-text gallery-caption' id='gallery-1-64490'>\n\t\t\t\tCasa Entreparotas \/ Di Frenna Arquitectos (\u00a9 Lorena Darque)\n\t\t\t\t<\/figcaption><\/figure><figure class='gallery-item'>\n\t\t\t<div class='gallery-icon portrait'>\n\t\t\t\t<a href='https:\/\/www.arquimaster.com.ar\/web\/wp-content\/uploads\/2021\/04\/casa_entreparotas13.jpg' title=\"Casa Entreparotas \/ Di Frenna Arquitectos (\u00a9 Lorena Darque)\" data-rl_title=\"Casa Entreparotas \/ Di Frenna Arquitectos (\u00a9 Lorena Darque)\" class=\"rl-gallery-link\" data-rl_caption=\"Casa Entreparotas \/ Di Frenna Arquitectos (\u00a9 Lorena Darque)\" data-rel=\"lightbox-gallery-1\"><img loading=\"lazy\" decoding=\"async\" width=\"150\" height=\"150\" src=\"https:\/\/www.arquimaster.com.ar\/web\/wp-content\/uploads\/2021\/04\/casa_entreparotas13-150x150.jpg\" class=\"attachment-thumbnail size-thumbnail\" alt=\"Casa Entreparotas \/ Di Frenna Arquitectos\" aria-describedby=\"gallery-1-64491\" \/><\/a>\n\t\t\t<\/div>\n\t\t\t\t<figcaption class='wp-caption-text gallery-caption' id='gallery-1-64491'>\n\t\t\t\tCasa Entreparotas \/ Di Frenna Arquitectos (\u00a9 Lorena Darque)\n\t\t\t\t<\/figcaption><\/figure><figure class='gallery-item'>\n\t\t\t<div class='gallery-icon portrait'>\n\t\t\t\t<a href='https:\/\/www.arquimaster.com.ar\/web\/wp-content\/uploads\/2021\/04\/casa_entreparotas14.jpg' title=\"Casa Entreparotas \/ Di Frenna Arquitectos (\u00a9 Lorena Darque)\" data-rl_title=\"Casa Entreparotas \/ Di Frenna Arquitectos (\u00a9 Lorena Darque)\" class=\"rl-gallery-link\" data-rl_caption=\"Casa Entreparotas \/ Di Frenna Arquitectos (\u00a9 Lorena Darque)\" data-rel=\"lightbox-gallery-1\"><img loading=\"lazy\" decoding=\"async\" width=\"150\" height=\"150\" src=\"https:\/\/www.arquimaster.com.ar\/web\/wp-content\/uploads\/2021\/04\/casa_entreparotas14-150x150.jpg\" class=\"attachment-thumbnail size-thumbnail\" alt=\"Casa Entreparotas \/ Di Frenna Arquitectos\" aria-describedby=\"gallery-1-64492\" \/><\/a>\n\t\t\t<\/div>\n\t\t\t\t<figcaption class='wp-caption-text gallery-caption' id='gallery-1-64492'>\n\t\t\t\tCasa Entreparotas \/ Di Frenna Arquitectos (\u00a9 Lorena Darque)\n\t\t\t\t<\/figcaption><\/figure><figure class='gallery-item'>\n\t\t\t<div class='gallery-icon landscape'>\n\t\t\t\t<a href='https:\/\/www.arquimaster.com.ar\/web\/wp-content\/uploads\/2021\/04\/casa_entreparotas15.jpg' title=\"Casa Entreparotas \/ Di Frenna Arquitectos (\u00a9 Lorena Darque)\" data-rl_title=\"Casa Entreparotas \/ Di Frenna Arquitectos (\u00a9 Lorena Darque)\" class=\"rl-gallery-link\" data-rl_caption=\"Casa Entreparotas \/ Di Frenna Arquitectos (\u00a9 Lorena Darque)\" data-rel=\"lightbox-gallery-1\"><img loading=\"lazy\" decoding=\"async\" width=\"150\" height=\"150\" src=\"https:\/\/www.arquimaster.com.ar\/web\/wp-content\/uploads\/2021\/04\/casa_entreparotas15-150x150.jpg\" class=\"attachment-thumbnail size-thumbnail\" alt=\"Casa Entreparotas \/ Di Frenna Arquitectos\" aria-describedby=\"gallery-1-64493\" \/><\/a>\n\t\t\t<\/div>\n\t\t\t\t<figcaption class='wp-caption-text gallery-caption' id='gallery-1-64493'>\n\t\t\t\tCasa Entreparotas \/ Di Frenna Arquitectos (\u00a9 Lorena Darque)\n\t\t\t\t<\/figcaption><\/figure><figure class='gallery-item'>\n\t\t\t<div class='gallery-icon portrait'>\n\t\t\t\t<a href='https:\/\/www.arquimaster.com.ar\/web\/wp-content\/uploads\/2021\/04\/casa_entreparotas16.jpg' title=\"Casa Entreparotas \/ Di Frenna Arquitectos (\u00a9 Lorena Darque)\" data-rl_title=\"Casa Entreparotas \/ Di Frenna Arquitectos (\u00a9 Lorena Darque)\" class=\"rl-gallery-link\" data-rl_caption=\"Casa Entreparotas \/ Di Frenna Arquitectos (\u00a9 Lorena Darque)\" data-rel=\"lightbox-gallery-1\"><img loading=\"lazy\" decoding=\"async\" width=\"150\" height=\"150\" src=\"https:\/\/www.arquimaster.com.ar\/web\/wp-content\/uploads\/2021\/04\/casa_entreparotas16-150x150.jpg\" class=\"attachment-thumbnail size-thumbnail\" alt=\"Casa Entreparotas \/ Di Frenna Arquitectos\" aria-describedby=\"gallery-1-64494\" \/><\/a>\n\t\t\t<\/div>\n\t\t\t\t<figcaption class='wp-caption-text gallery-caption' id='gallery-1-64494'>\n\t\t\t\tCasa Entreparotas \/ Di Frenna Arquitectos (\u00a9 Lorena Darque)\n\t\t\t\t<\/figcaption><\/figure><figure class='gallery-item'>\n\t\t\t<div class='gallery-icon portrait'>\n\t\t\t\t<a href='https:\/\/www.arquimaster.com.ar\/web\/wp-content\/uploads\/2021\/04\/casa_entreparotas17.jpg' title=\"Casa Entreparotas \/ Di Frenna Arquitectos (\u00a9 Lorena Darque)\" data-rl_title=\"Casa Entreparotas \/ Di Frenna Arquitectos (\u00a9 Lorena Darque)\" class=\"rl-gallery-link\" data-rl_caption=\"Casa Entreparotas \/ Di Frenna Arquitectos (\u00a9 Lorena Darque)\" data-rel=\"lightbox-gallery-1\"><img loading=\"lazy\" decoding=\"async\" width=\"150\" height=\"150\" src=\"https:\/\/www.arquimaster.com.ar\/web\/wp-content\/uploads\/2021\/04\/casa_entreparotas17-150x150.jpg\" class=\"attachment-thumbnail size-thumbnail\" alt=\"Casa Entreparotas \/ Di Frenna Arquitectos\" aria-describedby=\"gallery-1-64495\" \/><\/a>\n\t\t\t<\/div>\n\t\t\t\t<figcaption class='wp-caption-text gallery-caption' id='gallery-1-64495'>\n\t\t\t\tCasa Entreparotas \/ Di Frenna Arquitectos (\u00a9 Lorena Darque)\n\t\t\t\t<\/figcaption><\/figure><figure class='gallery-item'>\n\t\t\t<div class='gallery-icon portrait'>\n\t\t\t\t<a href='https:\/\/www.arquimaster.com.ar\/web\/wp-content\/uploads\/2021\/04\/casa_entreparotas18.jpg' title=\"Casa Entreparotas \/ Di Frenna Arquitectos (\u00a9 Lorena Darque)\" data-rl_title=\"Casa Entreparotas \/ Di Frenna Arquitectos (\u00a9 Lorena Darque)\" class=\"rl-gallery-link\" data-rl_caption=\"Casa Entreparotas \/ Di Frenna Arquitectos (\u00a9 Lorena Darque)\" data-rel=\"lightbox-gallery-1\"><img loading=\"lazy\" decoding=\"async\" width=\"150\" height=\"150\" src=\"https:\/\/www.arquimaster.com.ar\/web\/wp-content\/uploads\/2021\/04\/casa_entreparotas18-150x150.jpg\" class=\"attachment-thumbnail size-thumbnail\" alt=\"Casa Entreparotas \/ Di Frenna Arquitectos\" aria-describedby=\"gallery-1-64496\" \/><\/a>\n\t\t\t<\/div>\n\t\t\t\t<figcaption class='wp-caption-text gallery-caption' id='gallery-1-64496'>\n\t\t\t\tCasa Entreparotas \/ Di Frenna Arquitectos (\u00a9 Lorena Darque)\n\t\t\t\t<\/figcaption><\/figure><figure class='gallery-item'>\n\t\t\t<div class='gallery-icon portrait'>\n\t\t\t\t<a href='https:\/\/www.arquimaster.com.ar\/web\/wp-content\/uploads\/2021\/04\/casa_entreparotas19.jpg' title=\"Casa Entreparotas \/ Di Frenna Arquitectos (\u00a9 Lorena Darque)\" data-rl_title=\"Casa Entreparotas \/ Di Frenna Arquitectos (\u00a9 Lorena Darque)\" class=\"rl-gallery-link\" data-rl_caption=\"Casa Entreparotas \/ Di Frenna Arquitectos (\u00a9 Lorena Darque)\" data-rel=\"lightbox-gallery-1\"><img loading=\"lazy\" decoding=\"async\" width=\"150\" height=\"150\" src=\"https:\/\/www.arquimaster.com.ar\/web\/wp-content\/uploads\/2021\/04\/casa_entreparotas19-150x150.jpg\" class=\"attachment-thumbnail size-thumbnail\" alt=\"Casa Entreparotas \/ Di Frenna Arquitectos\" aria-describedby=\"gallery-1-64497\" \/><\/a>\n\t\t\t<\/div>\n\t\t\t\t<figcaption class='wp-caption-text gallery-caption' id='gallery-1-64497'>\n\t\t\t\tCasa Entreparotas \/ Di Frenna Arquitectos (\u00a9 Lorena Darque)\n\t\t\t\t<\/figcaption><\/figure><figure class='gallery-item'>\n\t\t\t<div class='gallery-icon landscape'>\n\t\t\t\t<a href='https:\/\/www.arquimaster.com.ar\/web\/wp-content\/uploads\/2021\/04\/casa_entreparotas20.jpg' title=\"Casa Entreparotas \/ Di Frenna Arquitectos (\u00a9 Lorena Darque)\" data-rl_title=\"Casa Entreparotas \/ Di Frenna Arquitectos (\u00a9 Lorena Darque)\" class=\"rl-gallery-link\" data-rl_caption=\"Casa Entreparotas \/ Di Frenna Arquitectos (\u00a9 Lorena Darque)\" data-rel=\"lightbox-gallery-1\"><img loading=\"lazy\" decoding=\"async\" width=\"150\" height=\"150\" src=\"https:\/\/www.arquimaster.com.ar\/web\/wp-content\/uploads\/2021\/04\/casa_entreparotas20-150x150.jpg\" class=\"attachment-thumbnail size-thumbnail\" alt=\"Casa Entreparotas \/ Di Frenna Arquitectos\" aria-describedby=\"gallery-1-64498\" \/><\/a>\n\t\t\t<\/div>\n\t\t\t\t<figcaption class='wp-caption-text gallery-caption' id='gallery-1-64498'>\n\t\t\t\tCasa Entreparotas \/ Di Frenna Arquitectos (\u00a9 Lorena Darque)\n\t\t\t\t<\/figcaption><\/figure><figure class='gallery-item'>\n\t\t\t<div class='gallery-icon landscape'>\n\t\t\t\t<a href='https:\/\/www.arquimaster.com.ar\/web\/wp-content\/uploads\/2021\/04\/casa_entreparotas21.jpg' title=\"Casa Entreparotas \/ Di Frenna Arquitectos (\u00a9 Lorena Darque)\" data-rl_title=\"Casa Entreparotas \/ Di Frenna Arquitectos (\u00a9 Lorena Darque)\" class=\"rl-gallery-link\" data-rl_caption=\"Casa Entreparotas \/ Di Frenna Arquitectos (\u00a9 Lorena Darque)\" data-rel=\"lightbox-gallery-1\"><img loading=\"lazy\" decoding=\"async\" width=\"150\" height=\"150\" src=\"https:\/\/www.arquimaster.com.ar\/web\/wp-content\/uploads\/2021\/04\/casa_entreparotas21-150x150.jpg\" class=\"attachment-thumbnail size-thumbnail\" alt=\"Casa Entreparotas \/ Di Frenna Arquitectos\" aria-describedby=\"gallery-1-64499\" \/><\/a>\n\t\t\t<\/div>\n\t\t\t\t<figcaption class='wp-caption-text gallery-caption' id='gallery-1-64499'>\n\t\t\t\tCasa Entreparotas \/ Di Frenna Arquitectos (\u00a9 Lorena Darque)\n\t\t\t\t<\/figcaption><\/figure><figure class='gallery-item'>\n\t\t\t<div class='gallery-icon landscape'>\n\t\t\t\t<a href='https:\/\/www.arquimaster.com.ar\/web\/wp-content\/uploads\/2021\/04\/casa_entreparotas22.jpg' title=\"Casa Entreparotas \/ Di Frenna Arquitectos (\u00a9 Lorena Darque)\" data-rl_title=\"Casa Entreparotas \/ Di Frenna Arquitectos (\u00a9 Lorena Darque)\" class=\"rl-gallery-link\" data-rl_caption=\"Casa Entreparotas \/ Di Frenna Arquitectos (\u00a9 Lorena Darque)\" data-rel=\"lightbox-gallery-1\"><img loading=\"lazy\" decoding=\"async\" width=\"150\" height=\"150\" src=\"https:\/\/www.arquimaster.com.ar\/web\/wp-content\/uploads\/2021\/04\/casa_entreparotas22-150x150.jpg\" class=\"attachment-thumbnail size-thumbnail\" alt=\"Casa Entreparotas \/ Di Frenna Arquitectos\" aria-describedby=\"gallery-1-64500\" \/><\/a>\n\t\t\t<\/div>\n\t\t\t\t<figcaption class='wp-caption-text gallery-caption' id='gallery-1-64500'>\n\t\t\t\tCasa Entreparotas \/ Di Frenna Arquitectos (\u00a9 Lorena Darque)\n\t\t\t\t<\/figcaption><\/figure><figure class='gallery-item'>\n\t\t\t<div class='gallery-icon landscape'>\n\t\t\t\t<a href='https:\/\/www.arquimaster.com.ar\/web\/wp-content\/uploads\/2021\/04\/casa_entreparotas23.jpg' title=\"Casa Entreparotas \/ Di Frenna Arquitectos (\u00a9 Lorena Darque)\" data-rl_title=\"Casa Entreparotas \/ Di Frenna Arquitectos (\u00a9 Lorena Darque)\" class=\"rl-gallery-link\" data-rl_caption=\"Casa Entreparotas \/ Di Frenna Arquitectos (\u00a9 Lorena Darque)\" data-rel=\"lightbox-gallery-1\"><img loading=\"lazy\" decoding=\"async\" width=\"150\" height=\"150\" src=\"https:\/\/www.arquimaster.com.ar\/web\/wp-content\/uploads\/2021\/04\/casa_entreparotas23-150x150.jpg\" class=\"attachment-thumbnail size-thumbnail\" alt=\"Casa Entreparotas \/ Di Frenna Arquitectos\" aria-describedby=\"gallery-1-64501\" \/><\/a>\n\t\t\t<\/div>\n\t\t\t\t<figcaption class='wp-caption-text gallery-caption' id='gallery-1-64501'>\n\t\t\t\tCasa Entreparotas \/ Di Frenna Arquitectos (\u00a9 Lorena Darque)\n\t\t\t\t<\/figcaption><\/figure><figure class='gallery-item'>\n\t\t\t<div class='gallery-icon landscape'>\n\t\t\t\t<a href='https:\/\/www.arquimaster.com.ar\/web\/wp-content\/uploads\/2021\/04\/casa_entreparotas24.jpg' title=\"Casa Entreparotas \/ Di Frenna Arquitectos (\u00a9 Lorena Darque)\" data-rl_title=\"Casa Entreparotas \/ Di Frenna Arquitectos (\u00a9 Lorena Darque)\" class=\"rl-gallery-link\" data-rl_caption=\"Casa Entreparotas \/ Di Frenna Arquitectos (\u00a9 Lorena Darque)\" data-rel=\"lightbox-gallery-1\"><img loading=\"lazy\" decoding=\"async\" width=\"150\" height=\"150\" src=\"https:\/\/www.arquimaster.com.ar\/web\/wp-content\/uploads\/2021\/04\/casa_entreparotas24-150x150.jpg\" class=\"attachment-thumbnail size-thumbnail\" alt=\"Casa Entreparotas \/ Di Frenna Arquitectos\" aria-describedby=\"gallery-1-64502\" \/><\/a>\n\t\t\t<\/div>\n\t\t\t\t<figcaption class='wp-caption-text gallery-caption' id='gallery-1-64502'>\n\t\t\t\tCasa Entreparotas \/ Di Frenna Arquitectos (\u00a9 Lorena Darque)\n\t\t\t\t<\/figcaption><\/figure><figure class='gallery-item'>\n\t\t\t<div class='gallery-icon landscape'>\n\t\t\t\t<a href='https:\/\/www.arquimaster.com.ar\/web\/wp-content\/uploads\/2021\/04\/casa_entreparotas25.jpg' title=\"Casa Entreparotas \/ Di Frenna Arquitectos (\u00a9 Lorena Darque)\" data-rl_title=\"Casa Entreparotas \/ Di Frenna Arquitectos (\u00a9 Lorena Darque)\" class=\"rl-gallery-link\" data-rl_caption=\"Casa Entreparotas \/ Di Frenna Arquitectos (\u00a9 Lorena Darque)\" data-rel=\"lightbox-gallery-1\"><img loading=\"lazy\" decoding=\"async\" width=\"150\" height=\"150\" src=\"https:\/\/www.arquimaster.com.ar\/web\/wp-content\/uploads\/2021\/04\/casa_entreparotas25-150x150.jpg\" class=\"attachment-thumbnail size-thumbnail\" alt=\"Casa Entreparotas \/ Di Frenna Arquitectos\" aria-describedby=\"gallery-1-64503\" \/><\/a>\n\t\t\t<\/div>\n\t\t\t\t<figcaption class='wp-caption-text gallery-caption' id='gallery-1-64503'>\n\t\t\t\tCasa Entreparotas \/ Di Frenna Arquitectos (\u00a9 Lorena Darque)\n\t\t\t\t<\/figcaption><\/figure><figure class='gallery-item'>\n\t\t\t<div class='gallery-icon landscape'>\n\t\t\t\t<a href='https:\/\/www.arquimaster.com.ar\/web\/wp-content\/uploads\/2021\/04\/casa_entreparotas26.jpg' title=\"Casa Entreparotas \/ Di Frenna Arquitectos (\u00a9 Lorena Darque)\" data-rl_title=\"Casa Entreparotas \/ Di Frenna Arquitectos (\u00a9 Lorena Darque)\" class=\"rl-gallery-link\" data-rl_caption=\"Casa Entreparotas \/ Di Frenna Arquitectos (\u00a9 Lorena Darque)\" data-rel=\"lightbox-gallery-1\"><img loading=\"lazy\" decoding=\"async\" width=\"150\" height=\"150\" src=\"https:\/\/www.arquimaster.com.ar\/web\/wp-content\/uploads\/2021\/04\/casa_entreparotas26-150x150.jpg\" class=\"attachment-thumbnail size-thumbnail\" alt=\"Casa Entreparotas \/ Di Frenna Arquitectos\" aria-describedby=\"gallery-1-64504\" \/><\/a>\n\t\t\t<\/div>\n\t\t\t\t<figcaption class='wp-caption-text gallery-caption' id='gallery-1-64504'>\n\t\t\t\tCasa Entreparotas \/ Di Frenna Arquitectos (\u00a9 Lorena Darque)\n\t\t\t\t<\/figcaption><\/figure><figure class='gallery-item'>\n\t\t\t<div class='gallery-icon landscape'>\n\t\t\t\t<a href='https:\/\/www.arquimaster.com.ar\/web\/wp-content\/uploads\/2021\/04\/casa_entreparotas27.jpg' title=\"Casa Entreparotas \/ Di Frenna Arquitectos (\u00a9 Lorena Darque)\" data-rl_title=\"Casa Entreparotas \/ Di Frenna Arquitectos (\u00a9 Lorena Darque)\" class=\"rl-gallery-link\" data-rl_caption=\"Casa Entreparotas \/ Di Frenna Arquitectos (\u00a9 Lorena Darque)\" data-rel=\"lightbox-gallery-1\"><img loading=\"lazy\" decoding=\"async\" width=\"150\" height=\"150\" src=\"https:\/\/www.arquimaster.com.ar\/web\/wp-content\/uploads\/2021\/04\/casa_entreparotas27-150x150.jpg\" class=\"attachment-thumbnail size-thumbnail\" alt=\"Casa Entreparotas \/ Di Frenna Arquitectos\" aria-describedby=\"gallery-1-64505\" \/><\/a>\n\t\t\t<\/div>\n\t\t\t\t<figcaption class='wp-caption-text gallery-caption' id='gallery-1-64505'>\n\t\t\t\tCasa Entreparotas \/ Di Frenna Arquitectos (\u00a9 Lorena Darque)\n\t\t\t\t<\/figcaption><\/figure><figure class='gallery-item'>\n\t\t\t<div class='gallery-icon landscape'>\n\t\t\t\t<a href='https:\/\/www.arquimaster.com.ar\/web\/wp-content\/uploads\/2021\/04\/casa_entreparotas28.jpg' title=\"Casa Entreparotas \/ Di Frenna Arquitectos (\u00a9 Lorena Darque)\" data-rl_title=\"Casa Entreparotas \/ Di Frenna Arquitectos (\u00a9 Lorena Darque)\" class=\"rl-gallery-link\" data-rl_caption=\"Casa Entreparotas \/ Di Frenna Arquitectos (\u00a9 Lorena Darque)\" data-rel=\"lightbox-gallery-1\"><img loading=\"lazy\" decoding=\"async\" width=\"150\" height=\"150\" src=\"https:\/\/www.arquimaster.com.ar\/web\/wp-content\/uploads\/2021\/04\/casa_entreparotas28-150x150.jpg\" class=\"attachment-thumbnail size-thumbnail\" alt=\"Casa Entreparotas \/ Di Frenna Arquitectos\" aria-describedby=\"gallery-1-64506\" \/><\/a>\n\t\t\t<\/div>\n\t\t\t\t<figcaption class='wp-caption-text gallery-caption' id='gallery-1-64506'>\n\t\t\t\tCasa Entreparotas \/ Di Frenna Arquitectos (\u00a9 Lorena Darque)\n\t\t\t\t<\/figcaption><\/figure><figure class='gallery-item'>\n\t\t\t<div class='gallery-icon landscape'>\n\t\t\t\t<a href='https:\/\/www.arquimaster.com.ar\/web\/wp-content\/uploads\/2021\/04\/casa_entreparotas29.jpg' title=\"Casa Entreparotas \/ Di Frenna Arquitectos (\u00a9 Lorena Darque)\" data-rl_title=\"Casa Entreparotas \/ Di Frenna Arquitectos (\u00a9 Lorena Darque)\" class=\"rl-gallery-link\" data-rl_caption=\"Casa Entreparotas \/ Di Frenna Arquitectos (\u00a9 Lorena Darque)\" data-rel=\"lightbox-gallery-1\"><img loading=\"lazy\" decoding=\"async\" width=\"150\" height=\"150\" src=\"https:\/\/www.arquimaster.com.ar\/web\/wp-content\/uploads\/2021\/04\/casa_entreparotas29-150x150.jpg\" class=\"attachment-thumbnail size-thumbnail\" alt=\"Casa Entreparotas \/ Di Frenna Arquitectos\" aria-describedby=\"gallery-1-64507\" \/><\/a>\n\t\t\t<\/div>\n\t\t\t\t<figcaption class='wp-caption-text gallery-caption' id='gallery-1-64507'>\n\t\t\t\tCasa Entreparotas \/ Di Frenna Arquitectos (\u00a9 Lorena Darque)\n\t\t\t\t<\/figcaption><\/figure><figure class='gallery-item'>\n\t\t\t<div class='gallery-icon portrait'>\n\t\t\t\t<a href='https:\/\/www.arquimaster.com.ar\/web\/wp-content\/uploads\/2021\/04\/casa_entreparotas30.jpg' title=\"Casa Entreparotas \/ Di Frenna Arquitectos (\u00a9 Lorena Darque)\" data-rl_title=\"Casa Entreparotas \/ Di Frenna Arquitectos (\u00a9 Lorena Darque)\" class=\"rl-gallery-link\" data-rl_caption=\"Casa Entreparotas \/ Di Frenna Arquitectos (\u00a9 Lorena Darque)\" data-rel=\"lightbox-gallery-1\"><img loading=\"lazy\" decoding=\"async\" width=\"150\" height=\"150\" src=\"https:\/\/www.arquimaster.com.ar\/web\/wp-content\/uploads\/2021\/04\/casa_entreparotas30-150x150.jpg\" class=\"attachment-thumbnail size-thumbnail\" alt=\"Casa Entreparotas \/ Di Frenna Arquitectos\" aria-describedby=\"gallery-1-64508\" \/><\/a>\n\t\t\t<\/div>\n\t\t\t\t<figcaption class='wp-caption-text gallery-caption' id='gallery-1-64508'>\n\t\t\t\tCasa Entreparotas \/ Di Frenna Arquitectos (\u00a9 Lorena Darque)\n\t\t\t\t<\/figcaption><\/figure><figure class='gallery-item'>\n\t\t\t<div class='gallery-icon portrait'>\n\t\t\t\t<a href='https:\/\/www.arquimaster.com.ar\/web\/wp-content\/uploads\/2021\/04\/casa_entreparotas31.jpg' title=\"Casa Entreparotas \/ Di Frenna Arquitectos (\u00a9 Lorena Darque)\" data-rl_title=\"Casa Entreparotas \/ Di Frenna Arquitectos (\u00a9 Lorena Darque)\" class=\"rl-gallery-link\" data-rl_caption=\"Casa Entreparotas \/ Di Frenna Arquitectos (\u00a9 Lorena Darque)\" data-rel=\"lightbox-gallery-1\"><img loading=\"lazy\" decoding=\"async\" width=\"150\" height=\"150\" src=\"https:\/\/www.arquimaster.com.ar\/web\/wp-content\/uploads\/2021\/04\/casa_entreparotas31-150x150.jpg\" class=\"attachment-thumbnail size-thumbnail\" alt=\"Casa Entreparotas \/ Di Frenna Arquitectos\" aria-describedby=\"gallery-1-64509\" \/><\/a>\n\t\t\t<\/div>\n\t\t\t\t<figcaption class='wp-caption-text gallery-caption' id='gallery-1-64509'>\n\t\t\t\tCasa Entreparotas \/ Di Frenna Arquitectos (\u00a9 Lorena Darque)\n\t\t\t\t<\/figcaption><\/figure><figure class='gallery-item'>\n\t\t\t<div class='gallery-icon portrait'>\n\t\t\t\t<a href='https:\/\/www.arquimaster.com.ar\/web\/wp-content\/uploads\/2021\/04\/casa_entreparotas32.jpg' title=\"Casa Entreparotas \/ Di Frenna Arquitectos (\u00a9 Lorena Darque)\" data-rl_title=\"Casa Entreparotas \/ Di Frenna Arquitectos (\u00a9 Lorena Darque)\" class=\"rl-gallery-link\" data-rl_caption=\"Casa Entreparotas \/ Di Frenna Arquitectos (\u00a9 Lorena Darque)\" data-rel=\"lightbox-gallery-1\"><img loading=\"lazy\" decoding=\"async\" width=\"150\" height=\"150\" src=\"https:\/\/www.arquimaster.com.ar\/web\/wp-content\/uploads\/2021\/04\/casa_entreparotas32-150x150.jpg\" class=\"attachment-thumbnail size-thumbnail\" alt=\"Casa Entreparotas \/ Di Frenna Arquitectos\" aria-describedby=\"gallery-1-64510\" \/><\/a>\n\t\t\t<\/div>\n\t\t\t\t<figcaption class='wp-caption-text gallery-caption' id='gallery-1-64510'>\n\t\t\t\tCasa Entreparotas \/ Di Frenna Arquitectos (\u00a9 Lorena Darque)\n\t\t\t\t<\/figcaption><\/figure><figure class='gallery-item'>\n\t\t\t<div class='gallery-icon landscape'>\n\t\t\t\t<a href='https:\/\/www.arquimaster.com.ar\/web\/wp-content\/uploads\/2021\/04\/casa_entreparotas33.jpg' title=\"Casa Entreparotas \/ Di Frenna Arquitectos (\u00a9 Lorena Darque)\" data-rl_title=\"Casa Entreparotas \/ Di Frenna Arquitectos (\u00a9 Lorena Darque)\" class=\"rl-gallery-link\" data-rl_caption=\"Casa Entreparotas \/ Di Frenna Arquitectos (\u00a9 Lorena Darque)\" data-rel=\"lightbox-gallery-1\"><img loading=\"lazy\" decoding=\"async\" width=\"150\" height=\"150\" src=\"https:\/\/www.arquimaster.com.ar\/web\/wp-content\/uploads\/2021\/04\/casa_entreparotas33-150x150.jpg\" class=\"attachment-thumbnail size-thumbnail\" alt=\"Casa Entreparotas \/ Di Frenna Arquitectos\" aria-describedby=\"gallery-1-64511\" \/><\/a>\n\t\t\t<\/div>\n\t\t\t\t<figcaption class='wp-caption-text gallery-caption' id='gallery-1-64511'>\n\t\t\t\tCasa Entreparotas \/ Di Frenna Arquitectos (\u00a9 Lorena Darque)\n\t\t\t\t<\/figcaption><\/figure><figure class='gallery-item'>\n\t\t\t<div class='gallery-icon landscape'>\n\t\t\t\t<a href='https:\/\/www.arquimaster.com.ar\/web\/wp-content\/uploads\/2021\/04\/casa_entreparotas34.jpg' title=\"Casa Entreparotas \/ Di Frenna Arquitectos (\u00a9 Lorena Darque)\" data-rl_title=\"Casa Entreparotas \/ Di Frenna Arquitectos (\u00a9 Lorena Darque)\" class=\"rl-gallery-link\" data-rl_caption=\"Casa Entreparotas \/ Di Frenna Arquitectos (\u00a9 Lorena Darque)\" data-rel=\"lightbox-gallery-1\"><img loading=\"lazy\" decoding=\"async\" width=\"150\" height=\"150\" src=\"https:\/\/www.arquimaster.com.ar\/web\/wp-content\/uploads\/2021\/04\/casa_entreparotas34-150x150.jpg\" class=\"attachment-thumbnail size-thumbnail\" alt=\"Casa Entreparotas \/ Di Frenna Arquitectos\" aria-describedby=\"gallery-1-64512\" \/><\/a>\n\t\t\t<\/div>\n\t\t\t\t<figcaption class='wp-caption-text gallery-caption' id='gallery-1-64512'>\n\t\t\t\tCasa Entreparotas \/ Di Frenna Arquitectos (\u00a9 Lorena Darque)\n\t\t\t\t<\/figcaption><\/figure><figure class='gallery-item'>\n\t\t\t<div class='gallery-icon landscape'>\n\t\t\t\t<a href='https:\/\/www.arquimaster.com.ar\/web\/wp-content\/uploads\/2021\/04\/casa_entreparotas35.jpg' title=\"Casa Entreparotas \/ Di Frenna Arquitectos (\u00a9 Lorena Darque)\" data-rl_title=\"Casa Entreparotas \/ Di Frenna Arquitectos (\u00a9 Lorena Darque)\" class=\"rl-gallery-link\" data-rl_caption=\"Casa Entreparotas \/ Di Frenna Arquitectos (\u00a9 Lorena Darque)\" data-rel=\"lightbox-gallery-1\"><img loading=\"lazy\" decoding=\"async\" width=\"150\" height=\"150\" src=\"https:\/\/www.arquimaster.com.ar\/web\/wp-content\/uploads\/2021\/04\/casa_entreparotas35-150x150.jpg\" class=\"attachment-thumbnail size-thumbnail\" alt=\"Casa Entreparotas \/ Di Frenna Arquitectos\" aria-describedby=\"gallery-1-64513\" \/><\/a>\n\t\t\t<\/div>\n\t\t\t\t<figcaption class='wp-caption-text gallery-caption' id='gallery-1-64513'>\n\t\t\t\tCasa Entreparotas \/ Di Frenna Arquitectos (\u00a9 Lorena Darque)\n\t\t\t\t<\/figcaption><\/figure><figure class='gallery-item'>\n\t\t\t<div class='gallery-icon landscape'>\n\t\t\t\t<a href='https:\/\/www.arquimaster.com.ar\/web\/wp-content\/uploads\/2021\/04\/casa_entreparotas36.jpg' title=\"Casa Entreparotas \/ Di Frenna Arquitectos (planta baja)\" data-rl_title=\"Casa Entreparotas \/ Di Frenna Arquitectos (planta baja)\" class=\"rl-gallery-link\" data-rl_caption=\"Casa Entreparotas \/ Di Frenna Arquitectos (planta baja)\" data-rel=\"lightbox-gallery-1\"><img loading=\"lazy\" decoding=\"async\" width=\"150\" height=\"150\" src=\"https:\/\/www.arquimaster.com.ar\/web\/wp-content\/uploads\/2021\/04\/casa_entreparotas36-150x150.jpg\" class=\"attachment-thumbnail size-thumbnail\" alt=\"Casa Entreparotas \/ Di Frenna Arquitectos\" aria-describedby=\"gallery-1-64514\" \/><\/a>\n\t\t\t<\/div>\n\t\t\t\t<figcaption class='wp-caption-text gallery-caption' id='gallery-1-64514'>\n\t\t\t\tCasa Entreparotas \/ Di Frenna Arquitectos (planta baja)\n\t\t\t\t<\/figcaption><\/figure><figure class='gallery-item'>\n\t\t\t<div class='gallery-icon landscape'>\n\t\t\t\t<a href='https:\/\/www.arquimaster.com.ar\/web\/wp-content\/uploads\/2021\/04\/casa_entreparotas37.jpg' title=\"Casa Entreparotas \/ Di Frenna Arquitectos (planta alta)\" data-rl_title=\"Casa Entreparotas \/ Di Frenna Arquitectos (planta alta)\" class=\"rl-gallery-link\" data-rl_caption=\"Casa Entreparotas \/ Di Frenna Arquitectos (planta alta)\" data-rel=\"lightbox-gallery-1\"><img loading=\"lazy\" decoding=\"async\" width=\"150\" height=\"150\" src=\"https:\/\/www.arquimaster.com.ar\/web\/wp-content\/uploads\/2021\/04\/casa_entreparotas37-150x150.jpg\" class=\"attachment-thumbnail size-thumbnail\" alt=\"Casa Entreparotas \/ Di Frenna Arquitectos\" aria-describedby=\"gallery-1-64515\" \/><\/a>\n\t\t\t<\/div>\n\t\t\t\t<figcaption class='wp-caption-text gallery-caption' id='gallery-1-64515'>\n\t\t\t\tCasa Entreparotas \/ Di Frenna Arquitectos (planta alta)\n\t\t\t\t<\/figcaption><\/figure><figure class='gallery-item'>\n\t\t\t<div class='gallery-icon landscape'>\n\t\t\t\t<a href='https:\/\/www.arquimaster.com.ar\/web\/wp-content\/uploads\/2021\/04\/casa_entreparotas38.jpg' title=\"Casa Entreparotas \/ Di Frenna Arquitectos (corte)\" data-rl_title=\"Casa Entreparotas \/ Di Frenna Arquitectos (corte)\" class=\"rl-gallery-link\" data-rl_caption=\"Casa Entreparotas \/ Di Frenna Arquitectos (corte)\" data-rel=\"lightbox-gallery-1\"><img loading=\"lazy\" decoding=\"async\" width=\"150\" height=\"150\" src=\"https:\/\/www.arquimaster.com.ar\/web\/wp-content\/uploads\/2021\/04\/casa_entreparotas38-150x150.jpg\" class=\"attachment-thumbnail size-thumbnail\" alt=\"Casa Entreparotas \/ Di Frenna Arquitectos\" aria-describedby=\"gallery-1-64516\" \/><\/a>\n\t\t\t<\/div>\n\t\t\t\t<figcaption class='wp-caption-text gallery-caption' id='gallery-1-64516'>\n\t\t\t\tCasa Entreparotas \/ Di Frenna Arquitectos (corte)\n\t\t\t\t<\/figcaption><\/figure><figure class='gallery-item'>\n\t\t\t<div class='gallery-icon landscape'>\n\t\t\t\t<a href='https:\/\/www.arquimaster.com.ar\/web\/wp-content\/uploads\/2021\/04\/casa_entreparotas39.jpg' title=\"Casa Entreparotas \/ Di Frenna Arquitectos (corte)\" data-rl_title=\"Casa Entreparotas \/ Di Frenna Arquitectos (corte)\" class=\"rl-gallery-link\" data-rl_caption=\"Casa Entreparotas \/ Di Frenna Arquitectos (corte)\" data-rel=\"lightbox-gallery-1\"><img loading=\"lazy\" decoding=\"async\" width=\"150\" height=\"150\" src=\"https:\/\/www.arquimaster.com.ar\/web\/wp-content\/uploads\/2021\/04\/casa_entreparotas39-150x150.jpg\" class=\"attachment-thumbnail size-thumbnail\" alt=\"Casa Entreparotas \/ Di Frenna Arquitectos\" aria-describedby=\"gallery-1-64517\" \/><\/a>\n\t\t\t<\/div>\n\t\t\t\t<figcaption class='wp-caption-text gallery-caption' id='gallery-1-64517'>\n\t\t\t\tCasa Entreparotas \/ Di Frenna Arquitectos (corte)\n\t\t\t\t<\/figcaption><\/figure><figure class='gallery-item'>\n\t\t\t<div class='gallery-icon landscape'>\n\t\t\t\t<a href='https:\/\/www.arquimaster.com.ar\/web\/wp-content\/uploads\/2021\/04\/casa_entreparotas40.jpg' title=\"Casa Entreparotas \/ Di Frenna Arquitectos (vista frente)\" data-rl_title=\"Casa Entreparotas \/ Di Frenna Arquitectos (vista frente)\" class=\"rl-gallery-link\" data-rl_caption=\"Casa Entreparotas \/ Di Frenna Arquitectos (vista frente)\" data-rel=\"lightbox-gallery-1\"><img loading=\"lazy\" decoding=\"async\" width=\"150\" height=\"150\" src=\"https:\/\/www.arquimaster.com.ar\/web\/wp-content\/uploads\/2021\/04\/casa_entreparotas40-150x150.jpg\" class=\"attachment-thumbnail size-thumbnail\" alt=\"Casa Entreparotas \/ Di Frenna Arquitectos\" aria-describedby=\"gallery-1-64518\" \/><\/a>\n\t\t\t<\/div>\n\t\t\t\t<figcaption class='wp-caption-text gallery-caption' id='gallery-1-64518'>\n\t\t\t\tCasa Entreparotas \/ Di Frenna Arquitectos (vista frente)\n\t\t\t\t<\/figcaption><\/figure><figure class='gallery-item'>\n\t\t\t<div class='gallery-icon landscape'>\n\t\t\t\t<a href='https:\/\/www.arquimaster.com.ar\/web\/wp-content\/uploads\/2021\/04\/casa_entreparotas41.jpg' title=\"Casa Entreparotas \/ Di Frenna Arquitectos (vista lateral)\" data-rl_title=\"Casa Entreparotas \/ Di Frenna Arquitectos (vista lateral)\" class=\"rl-gallery-link\" data-rl_caption=\"Casa Entreparotas \/ Di Frenna Arquitectos (vista lateral)\" data-rel=\"lightbox-gallery-1\"><img loading=\"lazy\" decoding=\"async\" width=\"150\" height=\"150\" src=\"https:\/\/www.arquimaster.com.ar\/web\/wp-content\/uploads\/2021\/04\/casa_entreparotas41-150x150.jpg\" class=\"attachment-thumbnail size-thumbnail\" alt=\"Casa Entreparotas \/ Di Frenna Arquitectos\" aria-describedby=\"gallery-1-64519\" \/><\/a>\n\t\t\t<\/div>\n\t\t\t\t<figcaption class='wp-caption-text gallery-caption' id='gallery-1-64519'>\n\t\t\t\tCasa Entreparotas \/ Di Frenna Arquitectos (vista lateral)\n\t\t\t\t<\/figcaption><\/figure><figure class='gallery-item'>\n\t\t\t<div class='gallery-icon landscape'>\n\t\t\t\t<a href='https:\/\/www.arquimaster.com.ar\/web\/wp-content\/uploads\/2021\/04\/casa_entreparotas42.jpg' title=\"Casa Entreparotas \/ Di Frenna Arquitectos (vista posterior)\" data-rl_title=\"Casa Entreparotas \/ Di Frenna Arquitectos (vista posterior)\" class=\"rl-gallery-link\" data-rl_caption=\"Casa Entreparotas \/ Di Frenna Arquitectos (vista posterior)\" data-rel=\"lightbox-gallery-1\"><img loading=\"lazy\" decoding=\"async\" width=\"150\" height=\"150\" src=\"https:\/\/www.arquimaster.com.ar\/web\/wp-content\/uploads\/2021\/04\/casa_entreparotas42-150x150.jpg\" class=\"attachment-thumbnail size-thumbnail\" alt=\"Casa Entreparotas \/ Di Frenna Arquitectos\" aria-describedby=\"gallery-1-64520\" \/><\/a>\n\t\t\t<\/div>\n\t\t\t\t<figcaption class='wp-caption-text gallery-caption' id='gallery-1-64520'>\n\t\t\t\tCasa Entreparotas \/ Di Frenna Arquitectos (vista posterior)\n\t\t\t\t<\/figcaption><\/figure><figure class='gallery-item'>\n\t\t\t<div class='gallery-icon landscape'>\n\t\t\t\t<a href='https:\/\/www.arquimaster.com.ar\/web\/wp-content\/uploads\/2021\/04\/casa_entreparotas43.jpg' title=\"Casa Entreparotas \/ Di Frenna Arquitectos (vista lateral)\" data-rl_title=\"Casa Entreparotas \/ Di Frenna Arquitectos (vista lateral)\" class=\"rl-gallery-link\" data-rl_caption=\"Casa Entreparotas \/ Di Frenna Arquitectos (vista lateral)\" data-rel=\"lightbox-gallery-1\"><img loading=\"lazy\" decoding=\"async\" width=\"150\" height=\"150\" src=\"https:\/\/www.arquimaster.com.ar\/web\/wp-content\/uploads\/2021\/04\/casa_entreparotas43-150x150.jpg\" class=\"attachment-thumbnail size-thumbnail\" alt=\"Casa Entreparotas \/ Di Frenna Arquitectos\" aria-describedby=\"gallery-1-64521\" \/><\/a>\n\t\t\t<\/div>\n\t\t\t\t<figcaption class='wp-caption-text gallery-caption' id='gallery-1-64521'>\n\t\t\t\tCasa Entreparotas \/ Di Frenna Arquitectos (vista lateral)\n\t\t\t\t<\/figcaption><\/figure>\n\t\t<\/div>\n\n<p>Vol\u00famenes imponentes de concreto que entienden el relieve del sitio, se plasmaron de manera considerada, generando una serie de recorridos para circular la casa. Los trayectos creados, conceden siempre a la vegetaci\u00f3n asomarse y consienten al usuario a ir descubriendo la residencia.<\/p>\n<p>Los materiales seleccionados juegan con una gama de colores neutros y p\u00e9treos que interpretan la esencia de una ruina perdida entre la selva, donde la arquitectura da un paso atr\u00e1s para elogiar lo que ocurre afuera y a su vez se dignifica y accede a sus componentes a adquirir una riqueza perceptible, al envejecer junto con el entorno.<\/p>\n<p>La luz, el aire y la lluvia son elementos que rodean continuamente el edificio, la perforaci\u00f3n de los grandes vol\u00famenes con ventanas de piso a techo, dan oportunidad a que peque\u00f1os jardines se crucen y abracen ininterrumpidamente la casa.<\/p>\n<p>La planta inferior del proyecto alberga el coraz\u00f3n de la residencia; la sala y el comedor que se abren en su totalidad con una doble altura, la cual asimila a una caja de cristal que intersecta el eje principal y difumina los l\u00edmites entre adentro y afuera, dota de iluminaci\u00f3n natural a los espacios, mismos que se conectan a trav\u00e9s de escalonamientos que vuelven a apostar por disfrutables recorridos, con la terraza.<\/p>\n<p>Esta \u00faltima se aparta del resto del programa rodeada de cuerpos de agua intercalados que conceden un v\u00ednculo m\u00e1s pr\u00f3ximo con el jard\u00edn y que tambi\u00e9n da cabida a un mirador al que se sube a trav\u00e9s de una escalera de papelillo para deleitarse con la vista al horizonte.<\/p>\n<p>El nivel m\u00e1s alto, acoge las zonas m\u00e1s privadas. Circulando a trav\u00e9s de las escaleras que se colocan en el centro de la casa para continuar con la idea de la importancia de la luz y la conexi\u00f3n directa con el contexto, se accede a un alargado pasillo, cuya perspectiva se ampl\u00eda con la doble altura de la planta baja, el cual distribuye a las rec\u00e1maras.<\/p>\n<p>La estructura propuesta solvent\u00f3 la posibilidad de grandes voladizos y espacios libres de muros que se pudieran percibir completamente abiertos hacia la fachada posterior. Fue as\u00ed que se opt\u00f3 por una estructura mixta de concreto y acero que logr\u00f3 una homogeneidad con la mano de obra artesanal de muros de piedra y madera de parota.<\/p>\n<p><strong>Ficha t\u00e9cnica<\/strong><br \/>Nombre: Casa Entreparotas<br \/>Ubicaci\u00f3n: Colima, M\u00e9xico<br \/>Oficina de Arquitectura: Di Frenna Arquitectos <br \/>Arquitectos a cargo: Matia Di Frenna M\u00fcller<br \/>Equipo de Dise\u00f1o: Matia Di Frenna M\u00fcller, Mariana De la Mora<br \/>Ingenier\u00eda: Ing. Juan Guardado<br \/>Paisajismo: Di Frenna Arquitectos <br \/>Colaboradores: Matia Di Frenna M\u00fcller, Ing. Juan Guardado, Mariana de la Mora<br \/>A\u00f1o finalizaci\u00f3n construcci\u00f3n: 2019<br \/>Superficie construida: 568 m2<br \/>Fotograf\u00edas: <a href=\"http:\/\/www.lorenads.com\/\" target=\"_blank\" rel=\"noopener\">Lorena Darquea<\/a><\/p>\n<p><strong>Contacto<\/strong><br \/><a href=\"https:\/\/www.difrennaarquitectos.com\" target=\"_blank\" rel=\"noopener\">https:\/\/www.difrennaarquitectos.com<\/a><\/p>\n\n\n<div style=\"height:20px\" aria-hidden=\"true\" class=\"wp-block-spacer\"><\/div>\n\n\n<p><strong><em>English version<\/em><\/strong><\/p>\n<p><em>Entreparotas house is a project which allows its users to live in a constant relation with nature, therefore the premise of choosing a site that would enhance the relevance of the existing flora and a small stream that passes through the terrain. A tropical vegetation, where the parotas and fig trees stand out, generates a jungle atmosphere that made the design concept possible.<\/em><\/p>\n<p><em>Imposing concrete volumes that understood the site&#8217;s topography, were placed in a studied way, generating a series of paths to wander around the house. The created routes, always grant the vegetation to pop out and allow the user to discover the residence.<\/em><\/p>\n<p><em>Selected materials play with a range of neutral and stone-like colors which interpret the essence of a lost ruin in the middle of the jungle, where architecture takes a step back to praise what happens on the outside and also dignifies and favors its components to acquire a perceptible richness as it ages along with the environment.<\/em><\/p>\n<p><em>Light, wind and rain are elements that surround continuously the building, the perforation of big volumes with windows from floor to ceiling, allow the crossing of small gardens which constantly embrace the house.<\/em><\/p>\n<p><em>Downstairs the project harbors the heart of the residence; both living and dining rooms are opened completely with a double height ceiling, which resembles a crystal box that intersects the main axis and blurs the boundaries between inside and outside, providing natural lightning to all the spaces, which are connected through stairs that once again bet for enjoyable passages, with the terrace.<\/em><\/p>\n<p><em>This last one diverges from the rest of the program surrounded by alternated water bodies that reward a closer contact with the garden, and also accommodates a rooftop which you access through a light structured stair to enjoy a moment of sightseeing.<\/em><\/p>\n<p><em>The upper level, hosts the most private zones. Walking through the stairs that are placed in the center of the house, to continue with the idea of the importance of light and the direct connection with the context, you reach an elongated corridor whose perspective is extended with the double height of the ground floor which distributes to the bedrooms.<\/em><\/p>\n<p><em>The proposed structure solved the possibility of large cantilevers and free wall spaces, that could be perceived completely open toward the back facade. This is how a mixed structure of concrete and steel was chosen and achieved a perfect blend with artisan work in stone walls and parota woodwork.<\/em><\/p>\n<div style=\"font-size: 0px; height: 0px; line-height: 0px; margin: 0; padding: 0; clear: both;\"><\/div><div style=\"margin-top: 0px; margin-bottom: 0px;\" class=\"sharethis-inline-share-buttons\" ><\/div>","protected":false},"excerpt":{"rendered":"<p>El proyecto permite a sus habitantes vivir en constante relaci\u00f3n con la naturaleza&#8230;<\/p>\n","protected":false},"author":1,"featured_media":64478,"comment_status":"closed","ping_status":"closed","sticky":false,"template":"","format":"standard","meta":{"_uag_custom_page_level_css":"","footnotes":""},"categories":[1,83],"tags":[7089,7088,1176,1175,7092,7091,7090,24,254],"class_list":["post-64477","post","type-post","status-publish","format-standard","has-post-thumbnail","hentry","category-proyecto","category-vivienda-unifamiliar","tag-colima","tag-di-frenna-arquitectos","tag-hormigon-a-la-vista","tag-hormigon-visto","tag-juan-guardado","tag-mariana-de-la-mora","tag-matia-di-frenna-muller","tag-mexico","tag-vivienda-unifamiliar-2","generate-columns","tablet-grid-50","mobile-grid-100","grid-parent","grid-50"],"yoast_head":"<!-- This site is optimized with the Yoast SEO plugin v27.3 - https:\/\/yoast.com\/product\/yoast-seo-wordpress\/ -->\n<title>Casa Entreparotas \/ Di Frenna Arquitectos - Arquimaster<\/title>\n<meta name=\"description\" content=\"El proyecto permite a sus habitantes vivir en constante relaci\u00f3n con la naturaleza, la vegetaci\u00f3n existente y un peque\u00f1o arroyo.\" \/>\n<meta name=\"robots\" content=\"index, follow, max-snippet:-1, max-image-preview:large, max-video-preview:-1\" \/>\n<link rel=\"canonical\" href=\"https:\/\/www.arquimaster.com.ar\/web\/casa-entreparotas-di-frenna-arquitectos\/\" \/>\n<meta property=\"og:locale\" content=\"es_ES\" \/>\n<meta property=\"og:type\" content=\"article\" \/>\n<meta property=\"og:title\" content=\"Casa Entreparotas \/ Di Frenna Arquitectos\" \/>\n<meta property=\"og:description\" content=\"El proyecto permite a sus habitantes vivir en constante relaci\u00f3n con la naturaleza, la vegetaci\u00f3n existente y un peque\u00f1o arroyo.\" \/>\n<meta property=\"og:url\" content=\"https:\/\/www.arquimaster.com.ar\/web\/casa-entreparotas-di-frenna-arquitectos\/\" \/>\n<meta property=\"og:site_name\" content=\"Arquimaster\" \/>\n<meta property=\"article:publisher\" content=\"http:\/\/www.facebook.com\/ARQUIMASTER.com.ar\" \/>\n<meta property=\"article:published_time\" content=\"2021-04-29T23:09:27+00:00\" \/>\n<meta property=\"article:modified_time\" content=\"2021-10-20T21:50:22+00:00\" \/>\n<meta property=\"og:image\" content=\"https:\/\/www.arquimaster.com.ar\/web\/wp-content\/uploads\/2021\/04\/casa_entreparotas_slide.jpg\" \/>\n\t<meta property=\"og:image:width\" content=\"698\" \/>\n\t<meta property=\"og:image:height\" content=\"364\" \/>\n\t<meta property=\"og:image:type\" content=\"image\/jpeg\" \/>\n<meta name=\"author\" content=\"Arquimaster\" \/>\n<meta name=\"twitter:card\" content=\"summary_large_image\" \/>\n<meta name=\"twitter:title\" content=\"Casa Entreparotas \/ Di Frenna Arquitectos\" \/>\n<meta name=\"twitter:description\" content=\"El proyecto permite a sus habitantes vivir en constante relaci\u00f3n con la naturaleza, la vegetaci\u00f3n existente y un peque\u00f1o arroyo.\" \/>\n<meta name=\"twitter:image\" content=\"https:\/\/www.arquimaster.com.ar\/web\/wp-content\/uploads\/2021\/04\/casa_entreparotas_slide.jpg\" \/>\n<meta name=\"twitter:creator\" content=\"@arquimaster\" \/>\n<meta name=\"twitter:site\" content=\"@arquimaster\" \/>\n<meta name=\"twitter:label1\" content=\"Escrito por\" \/>\n\t<meta name=\"twitter:data1\" content=\"Arquimaster\" \/>\n\t<meta name=\"twitter:label2\" content=\"Tiempo de lectura\" \/>\n\t<meta name=\"twitter:data2\" content=\"5 minutos\" \/>\n<script type=\"application\/ld+json\" class=\"yoast-schema-graph\">{\"@context\":\"https:\\\/\\\/schema.org\",\"@graph\":[{\"@type\":\"Article\",\"@id\":\"https:\\\/\\\/www.arquimaster.com.ar\\\/web\\\/casa-entreparotas-di-frenna-arquitectos\\\/#article\",\"isPartOf\":{\"@id\":\"https:\\\/\\\/www.arquimaster.com.ar\\\/web\\\/casa-entreparotas-di-frenna-arquitectos\\\/\"},\"author\":{\"name\":\"Arquimaster\",\"@id\":\"https:\\\/\\\/www.arquimaster.com.ar\\\/web\\\/#\\\/schema\\\/person\\\/359e9f7c00193fcde068e0dd2ceb0028\"},\"headline\":\"Casa Entreparotas \\\/ Di Frenna Arquitectos\",\"datePublished\":\"2021-04-29T23:09:27+00:00\",\"dateModified\":\"2021-10-20T21:50:22+00:00\",\"mainEntityOfPage\":{\"@id\":\"https:\\\/\\\/www.arquimaster.com.ar\\\/web\\\/casa-entreparotas-di-frenna-arquitectos\\\/\"},\"wordCount\":977,\"publisher\":{\"@id\":\"https:\\\/\\\/www.arquimaster.com.ar\\\/web\\\/#organization\"},\"image\":{\"@id\":\"https:\\\/\\\/www.arquimaster.com.ar\\\/web\\\/casa-entreparotas-di-frenna-arquitectos\\\/#primaryimage\"},\"thumbnailUrl\":\"https:\\\/\\\/www.arquimaster.com.ar\\\/web\\\/wp-content\\\/uploads\\\/2021\\\/04\\\/casa_entreparotas_slide.jpg\",\"keywords\":[\"Colima\",\"Di Frenna Arquitectos\",\"hormig\u00f3n a la vista\",\"hormig\u00f3n visto\",\"Juan Guardado\",\"Mariana De la Mora\",\"Matia Di Frenna M\u00fcller\",\"Mexico\",\"vivienda unifamiliar\"],\"articleSection\":[\"Proyecto\",\"Vivienda unifamiliar y PH\"],\"inLanguage\":\"es\"},{\"@type\":\"WebPage\",\"@id\":\"https:\\\/\\\/www.arquimaster.com.ar\\\/web\\\/casa-entreparotas-di-frenna-arquitectos\\\/\",\"url\":\"https:\\\/\\\/www.arquimaster.com.ar\\\/web\\\/casa-entreparotas-di-frenna-arquitectos\\\/\",\"name\":\"Casa Entreparotas \\\/ Di Frenna Arquitectos - Arquimaster\",\"isPartOf\":{\"@id\":\"https:\\\/\\\/www.arquimaster.com.ar\\\/web\\\/#website\"},\"primaryImageOfPage\":{\"@id\":\"https:\\\/\\\/www.arquimaster.com.ar\\\/web\\\/casa-entreparotas-di-frenna-arquitectos\\\/#primaryimage\"},\"image\":{\"@id\":\"https:\\\/\\\/www.arquimaster.com.ar\\\/web\\\/casa-entreparotas-di-frenna-arquitectos\\\/#primaryimage\"},\"thumbnailUrl\":\"https:\\\/\\\/www.arquimaster.com.ar\\\/web\\\/wp-content\\\/uploads\\\/2021\\\/04\\\/casa_entreparotas_slide.jpg\",\"datePublished\":\"2021-04-29T23:09:27+00:00\",\"dateModified\":\"2021-10-20T21:50:22+00:00\",\"description\":\"El proyecto permite a sus habitantes vivir en constante relaci\u00f3n con la naturaleza, la vegetaci\u00f3n existente y un peque\u00f1o arroyo.\",\"breadcrumb\":{\"@id\":\"https:\\\/\\\/www.arquimaster.com.ar\\\/web\\\/casa-entreparotas-di-frenna-arquitectos\\\/#breadcrumb\"},\"inLanguage\":\"es\",\"potentialAction\":[{\"@type\":\"ReadAction\",\"target\":[\"https:\\\/\\\/www.arquimaster.com.ar\\\/web\\\/casa-entreparotas-di-frenna-arquitectos\\\/\"]}]},{\"@type\":\"ImageObject\",\"inLanguage\":\"es\",\"@id\":\"https:\\\/\\\/www.arquimaster.com.ar\\\/web\\\/casa-entreparotas-di-frenna-arquitectos\\\/#primaryimage\",\"url\":\"https:\\\/\\\/www.arquimaster.com.ar\\\/web\\\/wp-content\\\/uploads\\\/2021\\\/04\\\/casa_entreparotas_slide.jpg\",\"contentUrl\":\"https:\\\/\\\/www.arquimaster.com.ar\\\/web\\\/wp-content\\\/uploads\\\/2021\\\/04\\\/casa_entreparotas_slide.jpg\",\"width\":698,\"height\":364,\"caption\":\"Casa Entreparotas \\\/ Di Frenna Arquitectos\"},{\"@type\":\"BreadcrumbList\",\"@id\":\"https:\\\/\\\/www.arquimaster.com.ar\\\/web\\\/casa-entreparotas-di-frenna-arquitectos\\\/#breadcrumb\",\"itemListElement\":[{\"@type\":\"ListItem\",\"position\":1,\"name\":\"Portada\",\"item\":\"https:\\\/\\\/www.arquimaster.com.ar\\\/web\\\/\"},{\"@type\":\"ListItem\",\"position\":2,\"name\":\"Casa Entreparotas \\\/ Di Frenna Arquitectos\"}]},{\"@type\":\"WebSite\",\"@id\":\"https:\\\/\\\/www.arquimaster.com.ar\\\/web\\\/#website\",\"url\":\"https:\\\/\\\/www.arquimaster.com.ar\\\/web\\\/\",\"name\":\"Arquimaster\",\"description\":\"Web de arquitectura, dise\u00f1o y construccion\",\"publisher\":{\"@id\":\"https:\\\/\\\/www.arquimaster.com.ar\\\/web\\\/#organization\"},\"potentialAction\":[{\"@type\":\"SearchAction\",\"target\":{\"@type\":\"EntryPoint\",\"urlTemplate\":\"https:\\\/\\\/www.arquimaster.com.ar\\\/web\\\/?s={search_term_string}\"},\"query-input\":{\"@type\":\"PropertyValueSpecification\",\"valueRequired\":true,\"valueName\":\"search_term_string\"}}],\"inLanguage\":\"es\"},{\"@type\":\"Organization\",\"@id\":\"https:\\\/\\\/www.arquimaster.com.ar\\\/web\\\/#organization\",\"name\":\"Arquimaster\",\"url\":\"https:\\\/\\\/www.arquimaster.com.ar\\\/web\\\/\",\"logo\":{\"@type\":\"ImageObject\",\"inLanguage\":\"es\",\"@id\":\"https:\\\/\\\/www.arquimaster.com.ar\\\/web\\\/#\\\/schema\\\/logo\\\/image\\\/\",\"url\":\"https:\\\/\\\/www.arquimaster.com.ar\\\/web\\\/wp-content\\\/uploads\\\/2022\\\/06\\\/arquimaster.png\",\"contentUrl\":\"https:\\\/\\\/www.arquimaster.com.ar\\\/web\\\/wp-content\\\/uploads\\\/2022\\\/06\\\/arquimaster.png\",\"width\":594,\"height\":78,\"caption\":\"Arquimaster\"},\"image\":{\"@id\":\"https:\\\/\\\/www.arquimaster.com.ar\\\/web\\\/#\\\/schema\\\/logo\\\/image\\\/\"},\"sameAs\":[\"http:\\\/\\\/www.facebook.com\\\/ARQUIMASTER.com.ar\",\"https:\\\/\\\/x.com\\\/arquimaster\",\"https:\\\/\\\/www.instagram.com\\\/arquimasterblog\\\/\",\"https:\\\/\\\/www.linkedin.com\\\/company\\\/arquimaster\",\"https:\\\/\\\/www.pinterest.com\\\/arquimaster\",\"https:\\\/\\\/t.me\\\/arquimaster\"]},{\"@type\":\"Person\",\"@id\":\"https:\\\/\\\/www.arquimaster.com.ar\\\/web\\\/#\\\/schema\\\/person\\\/359e9f7c00193fcde068e0dd2ceb0028\",\"name\":\"Arquimaster\"}]}<\/script>\n<!-- \/ Yoast SEO plugin. -->","yoast_head_json":{"title":"Casa Entreparotas \/ Di Frenna Arquitectos - Arquimaster","description":"El proyecto permite a sus habitantes vivir en constante relaci\u00f3n con la naturaleza, la vegetaci\u00f3n existente y un peque\u00f1o arroyo.","robots":{"index":"index","follow":"follow","max-snippet":"max-snippet:-1","max-image-preview":"max-image-preview:large","max-video-preview":"max-video-preview:-1"},"canonical":"https:\/\/www.arquimaster.com.ar\/web\/casa-entreparotas-di-frenna-arquitectos\/","og_locale":"es_ES","og_type":"article","og_title":"Casa Entreparotas \/ Di Frenna Arquitectos","og_description":"El proyecto permite a sus habitantes vivir en constante relaci\u00f3n con la naturaleza, la vegetaci\u00f3n existente y un peque\u00f1o arroyo.","og_url":"https:\/\/www.arquimaster.com.ar\/web\/casa-entreparotas-di-frenna-arquitectos\/","og_site_name":"Arquimaster","article_publisher":"http:\/\/www.facebook.com\/ARQUIMASTER.com.ar","article_published_time":"2021-04-29T23:09:27+00:00","article_modified_time":"2021-10-20T21:50:22+00:00","og_image":[{"width":698,"height":364,"url":"https:\/\/www.arquimaster.com.ar\/web\/wp-content\/uploads\/2021\/04\/casa_entreparotas_slide.jpg","type":"image\/jpeg"}],"author":"Arquimaster","twitter_card":"summary_large_image","twitter_title":"Casa Entreparotas \/ Di Frenna Arquitectos","twitter_description":"El proyecto permite a sus habitantes vivir en constante relaci\u00f3n con la naturaleza, la vegetaci\u00f3n existente y un peque\u00f1o arroyo.","twitter_image":"https:\/\/www.arquimaster.com.ar\/web\/wp-content\/uploads\/2021\/04\/casa_entreparotas_slide.jpg","twitter_creator":"@arquimaster","twitter_site":"@arquimaster","twitter_misc":{"Escrito por":"Arquimaster","Tiempo de lectura":"5 minutos"},"schema":{"@context":"https:\/\/schema.org","@graph":[{"@type":"Article","@id":"https:\/\/www.arquimaster.com.ar\/web\/casa-entreparotas-di-frenna-arquitectos\/#article","isPartOf":{"@id":"https:\/\/www.arquimaster.com.ar\/web\/casa-entreparotas-di-frenna-arquitectos\/"},"author":{"name":"Arquimaster","@id":"https:\/\/www.arquimaster.com.ar\/web\/#\/schema\/person\/359e9f7c00193fcde068e0dd2ceb0028"},"headline":"Casa Entreparotas \/ Di Frenna Arquitectos","datePublished":"2021-04-29T23:09:27+00:00","dateModified":"2021-10-20T21:50:22+00:00","mainEntityOfPage":{"@id":"https:\/\/www.arquimaster.com.ar\/web\/casa-entreparotas-di-frenna-arquitectos\/"},"wordCount":977,"publisher":{"@id":"https:\/\/www.arquimaster.com.ar\/web\/#organization"},"image":{"@id":"https:\/\/www.arquimaster.com.ar\/web\/casa-entreparotas-di-frenna-arquitectos\/#primaryimage"},"thumbnailUrl":"https:\/\/www.arquimaster.com.ar\/web\/wp-content\/uploads\/2021\/04\/casa_entreparotas_slide.jpg","keywords":["Colima","Di Frenna Arquitectos","hormig\u00f3n a la vista","hormig\u00f3n visto","Juan Guardado","Mariana De la Mora","Matia Di Frenna M\u00fcller","Mexico","vivienda unifamiliar"],"articleSection":["Proyecto","Vivienda unifamiliar y PH"],"inLanguage":"es"},{"@type":"WebPage","@id":"https:\/\/www.arquimaster.com.ar\/web\/casa-entreparotas-di-frenna-arquitectos\/","url":"https:\/\/www.arquimaster.com.ar\/web\/casa-entreparotas-di-frenna-arquitectos\/","name":"Casa Entreparotas \/ Di Frenna Arquitectos - Arquimaster","isPartOf":{"@id":"https:\/\/www.arquimaster.com.ar\/web\/#website"},"primaryImageOfPage":{"@id":"https:\/\/www.arquimaster.com.ar\/web\/casa-entreparotas-di-frenna-arquitectos\/#primaryimage"},"image":{"@id":"https:\/\/www.arquimaster.com.ar\/web\/casa-entreparotas-di-frenna-arquitectos\/#primaryimage"},"thumbnailUrl":"https:\/\/www.arquimaster.com.ar\/web\/wp-content\/uploads\/2021\/04\/casa_entreparotas_slide.jpg","datePublished":"2021-04-29T23:09:27+00:00","dateModified":"2021-10-20T21:50:22+00:00","description":"El proyecto permite a sus habitantes vivir en constante relaci\u00f3n con la naturaleza, la vegetaci\u00f3n existente y un peque\u00f1o arroyo.","breadcrumb":{"@id":"https:\/\/www.arquimaster.com.ar\/web\/casa-entreparotas-di-frenna-arquitectos\/#breadcrumb"},"inLanguage":"es","potentialAction":[{"@type":"ReadAction","target":["https:\/\/www.arquimaster.com.ar\/web\/casa-entreparotas-di-frenna-arquitectos\/"]}]},{"@type":"ImageObject","inLanguage":"es","@id":"https:\/\/www.arquimaster.com.ar\/web\/casa-entreparotas-di-frenna-arquitectos\/#primaryimage","url":"https:\/\/www.arquimaster.com.ar\/web\/wp-content\/uploads\/2021\/04\/casa_entreparotas_slide.jpg","contentUrl":"https:\/\/www.arquimaster.com.ar\/web\/wp-content\/uploads\/2021\/04\/casa_entreparotas_slide.jpg","width":698,"height":364,"caption":"Casa Entreparotas \/ Di Frenna Arquitectos"},{"@type":"BreadcrumbList","@id":"https:\/\/www.arquimaster.com.ar\/web\/casa-entreparotas-di-frenna-arquitectos\/#breadcrumb","itemListElement":[{"@type":"ListItem","position":1,"name":"Portada","item":"https:\/\/www.arquimaster.com.ar\/web\/"},{"@type":"ListItem","position":2,"name":"Casa Entreparotas \/ Di Frenna Arquitectos"}]},{"@type":"WebSite","@id":"https:\/\/www.arquimaster.com.ar\/web\/#website","url":"https:\/\/www.arquimaster.com.ar\/web\/","name":"Arquimaster","description":"Web de arquitectura, dise\u00f1o y construccion","publisher":{"@id":"https:\/\/www.arquimaster.com.ar\/web\/#organization"},"potentialAction":[{"@type":"SearchAction","target":{"@type":"EntryPoint","urlTemplate":"https:\/\/www.arquimaster.com.ar\/web\/?s={search_term_string}"},"query-input":{"@type":"PropertyValueSpecification","valueRequired":true,"valueName":"search_term_string"}}],"inLanguage":"es"},{"@type":"Organization","@id":"https:\/\/www.arquimaster.com.ar\/web\/#organization","name":"Arquimaster","url":"https:\/\/www.arquimaster.com.ar\/web\/","logo":{"@type":"ImageObject","inLanguage":"es","@id":"https:\/\/www.arquimaster.com.ar\/web\/#\/schema\/logo\/image\/","url":"https:\/\/www.arquimaster.com.ar\/web\/wp-content\/uploads\/2022\/06\/arquimaster.png","contentUrl":"https:\/\/www.arquimaster.com.ar\/web\/wp-content\/uploads\/2022\/06\/arquimaster.png","width":594,"height":78,"caption":"Arquimaster"},"image":{"@id":"https:\/\/www.arquimaster.com.ar\/web\/#\/schema\/logo\/image\/"},"sameAs":["http:\/\/www.facebook.com\/ARQUIMASTER.com.ar","https:\/\/x.com\/arquimaster","https:\/\/www.instagram.com\/arquimasterblog\/","https:\/\/www.linkedin.com\/company\/arquimaster","https:\/\/www.pinterest.com\/arquimaster","https:\/\/t.me\/arquimaster"]},{"@type":"Person","@id":"https:\/\/www.arquimaster.com.ar\/web\/#\/schema\/person\/359e9f7c00193fcde068e0dd2ceb0028","name":"Arquimaster"}]}},"uagb_featured_image_src":{"full":["https:\/\/www.arquimaster.com.ar\/web\/wp-content\/uploads\/2021\/04\/casa_entreparotas_slide.jpg",698,364,false],"thumbnail":["https:\/\/www.arquimaster.com.ar\/web\/wp-content\/uploads\/2021\/04\/casa_entreparotas_slide-150x150.jpg",150,150,true],"medium":["https:\/\/www.arquimaster.com.ar\/web\/wp-content\/uploads\/2021\/04\/casa_entreparotas_slide.jpg",698,364,false],"medium_large":["https:\/\/www.arquimaster.com.ar\/web\/wp-content\/uploads\/2021\/04\/casa_entreparotas_slide.jpg",698,364,false],"large":["https:\/\/www.arquimaster.com.ar\/web\/wp-content\/uploads\/2021\/04\/casa_entreparotas_slide.jpg",698,364,false],"1536x1536":["https:\/\/www.arquimaster.com.ar\/web\/wp-content\/uploads\/2021\/04\/casa_entreparotas_slide.jpg",698,364,false],"2048x2048":["https:\/\/www.arquimaster.com.ar\/web\/wp-content\/uploads\/2021\/04\/casa_entreparotas_slide.jpg",698,364,false]},"uagb_author_info":{"display_name":"Arquimaster","author_link":"https:\/\/www.arquimaster.com.ar\/web\/author\/arquimaster\/"},"uagb_comment_info":0,"uagb_excerpt":"El proyecto permite a sus habitantes vivir en constante relaci\u00f3n con la naturaleza...","_links":{"self":[{"href":"https:\/\/www.arquimaster.com.ar\/web\/wp-json\/wp\/v2\/posts\/64477","targetHints":{"allow":["GET"]}}],"collection":[{"href":"https:\/\/www.arquimaster.com.ar\/web\/wp-json\/wp\/v2\/posts"}],"about":[{"href":"https:\/\/www.arquimaster.com.ar\/web\/wp-json\/wp\/v2\/types\/post"}],"author":[{"embeddable":true,"href":"https:\/\/www.arquimaster.com.ar\/web\/wp-json\/wp\/v2\/users\/1"}],"replies":[{"embeddable":true,"href":"https:\/\/www.arquimaster.com.ar\/web\/wp-json\/wp\/v2\/comments?post=64477"}],"version-history":[{"count":1,"href":"https:\/\/www.arquimaster.com.ar\/web\/wp-json\/wp\/v2\/posts\/64477\/revisions"}],"predecessor-version":[{"id":64522,"href":"https:\/\/www.arquimaster.com.ar\/web\/wp-json\/wp\/v2\/posts\/64477\/revisions\/64522"}],"wp:featuredmedia":[{"embeddable":true,"href":"https:\/\/www.arquimaster.com.ar\/web\/wp-json\/wp\/v2\/media\/64478"}],"wp:attachment":[{"href":"https:\/\/www.arquimaster.com.ar\/web\/wp-json\/wp\/v2\/media?parent=64477"}],"wp:term":[{"taxonomy":"category","embeddable":true,"href":"https:\/\/www.arquimaster.com.ar\/web\/wp-json\/wp\/v2\/categories?post=64477"},{"taxonomy":"post_tag","embeddable":true,"href":"https:\/\/www.arquimaster.com.ar\/web\/wp-json\/wp\/v2\/tags?post=64477"}],"curies":[{"name":"wp","href":"https:\/\/api.w.org\/{rel}","templated":true}]}}