{"id":64590,"date":"2021-05-06T20:29:42","date_gmt":"2021-05-06T23:29:42","guid":{"rendered":"https:\/\/www.arquimaster.com.ar\/web\/?p=64590"},"modified":"2021-10-30T17:46:23","modified_gmt":"2021-10-30T20:46:23","slug":"casa-del-agua-di-frenna-arquitectos","status":"publish","type":"post","link":"https:\/\/www.arquimaster.com.ar\/web\/casa-del-agua-di-frenna-arquitectos\/","title":{"rendered":"Casa del Agua \/ Di Frenna Arquitectos"},"content":{"rendered":"<div style=\"margin-top: 0px; margin-bottom: 0px;\" class=\"sharethis-inline-share-buttons\" ><\/div><div class=\"b812932af2e751442846f039925109de\" data-index=\"1\" style=\"float: none; margin:25px 0 25px 0; text-align:center;\">\n<script async src=\"https:\/\/pagead2.googlesyndication.com\/pagead\/js\/adsbygoogle.js\"><\/script>\r\n<!-- Arquimaster (superior) -->\r\n<ins class=\"adsbygoogle\"\r\n     style=\"display:block\"\r\n     data-ad-client=\"ca-pub-6351072698456832\"\r\n     data-ad-slot=\"6455489680\"\r\n     data-ad-format=\"auto\"\r\n     data-full-width-responsive=\"true\"><\/ins>\r\n<script>\r\n     (adsbygoogle = window.adsbygoogle || []).push({});\r\n<\/script>\n<\/div>\n<p><strong>Casa del Agua<\/strong> (Colima, M\u00e9xico) por <strong>Di Frenna Arquitectos<\/strong>. Construida en Colima, bajo un clima tropical-h\u00famedo; se decidi\u00f3 aprovechar la oportunidad para dise\u00f1ar un proyecto que pudiera vivirse y abrirse completamente al exterior. El emplazamiento se enraiz\u00f3 al terreno en forma de \u00abU\u00bb para elogiar un \u00e1rbol Primavera de flor amarilla caracter\u00edstico de la zona y otras Parotas que la acompa\u00f1aban. As\u00ed, el programa arquitect\u00f3nico pudo desarrollarse facilitando la privacidad de la casa y sus vistas; y que estas pudieran cerrarse y generar su propio entorno, abrazando a los componentes claves: los \u00e1rboles, la alberca y el patio interior.<\/p>\n<div id='gallery-1' class='gallery galleryid-64590 gallery-columns-3 gallery-size-thumbnail'><figure class='gallery-item'>\n\t\t\t<div class='gallery-icon landscape'>\n\t\t\t\t<a href='https:\/\/www.arquimaster.com.ar\/web\/wp-content\/uploads\/2021\/05\/casa_del_agua1.jpg' title=\"Casa del Agua \/ Di Frenna Arquitectos (\u00a9 Oscar Hernandez)\" data-rl_title=\"Casa del Agua \/ Di Frenna Arquitectos (\u00a9 Oscar Hernandez)\" class=\"rl-gallery-link\" data-rl_caption=\"Casa del Agua \/ Di Frenna Arquitectos (\u00a9 Oscar Hernandez)\" data-rel=\"lightbox-gallery-1\"><img loading=\"lazy\" decoding=\"async\" width=\"150\" height=\"150\" src=\"https:\/\/www.arquimaster.com.ar\/web\/wp-content\/uploads\/2021\/05\/casa_del_agua1-150x150.jpg\" class=\"attachment-thumbnail size-thumbnail\" alt=\"Casa del Agua \/ Di Frenna Arquitectos\" aria-describedby=\"gallery-1-64592\" \/><\/a>\n\t\t\t<\/div>\n\t\t\t\t<figcaption class='wp-caption-text gallery-caption' id='gallery-1-64592'>\n\t\t\t\tCasa del Agua \/ Di Frenna Arquitectos (\u00a9 Oscar Hernandez)\n\t\t\t\t<\/figcaption><\/figure><figure class='gallery-item'>\n\t\t\t<div class='gallery-icon portrait'>\n\t\t\t\t<a href='https:\/\/www.arquimaster.com.ar\/web\/wp-content\/uploads\/2021\/05\/casa_del_agua2.jpg' title=\"Casa del Agua \/ Di Frenna Arquitectos (\u00a9 Oscar Hernandez)\" data-rl_title=\"Casa del Agua \/ Di Frenna Arquitectos (\u00a9 Oscar Hernandez)\" class=\"rl-gallery-link\" data-rl_caption=\"Casa del Agua \/ Di Frenna Arquitectos (\u00a9 Oscar Hernandez)\" data-rel=\"lightbox-gallery-1\"><img loading=\"lazy\" decoding=\"async\" width=\"150\" height=\"150\" src=\"https:\/\/www.arquimaster.com.ar\/web\/wp-content\/uploads\/2021\/05\/casa_del_agua2-150x150.jpg\" class=\"attachment-thumbnail size-thumbnail\" alt=\"Casa del Agua \/ Di Frenna Arquitectos\" aria-describedby=\"gallery-1-64593\" \/><\/a>\n\t\t\t<\/div>\n\t\t\t\t<figcaption class='wp-caption-text gallery-caption' id='gallery-1-64593'>\n\t\t\t\tCasa del Agua \/ Di Frenna Arquitectos (\u00a9 Oscar Hernandez)\n\t\t\t\t<\/figcaption><\/figure><figure class='gallery-item'>\n\t\t\t<div class='gallery-icon portrait'>\n\t\t\t\t<a href='https:\/\/www.arquimaster.com.ar\/web\/wp-content\/uploads\/2021\/05\/casa_del_agua3.jpg' title=\"Casa del Agua \/ Di Frenna Arquitectos (\u00a9 Oscar Hernandez)\" data-rl_title=\"Casa del Agua \/ Di Frenna Arquitectos (\u00a9 Oscar Hernandez)\" class=\"rl-gallery-link\" data-rl_caption=\"Casa del Agua \/ Di Frenna Arquitectos (\u00a9 Oscar Hernandez)\" data-rel=\"lightbox-gallery-1\"><img loading=\"lazy\" decoding=\"async\" width=\"150\" height=\"150\" src=\"https:\/\/www.arquimaster.com.ar\/web\/wp-content\/uploads\/2021\/05\/casa_del_agua3-150x150.jpg\" class=\"attachment-thumbnail size-thumbnail\" alt=\"Casa del Agua \/ Di Frenna Arquitectos\" aria-describedby=\"gallery-1-64594\" \/><\/a>\n\t\t\t<\/div>\n\t\t\t\t<figcaption class='wp-caption-text gallery-caption' id='gallery-1-64594'>\n\t\t\t\tCasa del Agua \/ Di Frenna Arquitectos (\u00a9 Oscar Hernandez)\n\t\t\t\t<\/figcaption><\/figure><figure class='gallery-item'>\n\t\t\t<div class='gallery-icon landscape'>\n\t\t\t\t<a href='https:\/\/www.arquimaster.com.ar\/web\/wp-content\/uploads\/2021\/05\/casa_del_agua4.jpg' title=\"Casa del Agua \/ Di Frenna Arquitectos (\u00a9 Oscar Hernandez)\" data-rl_title=\"Casa del Agua \/ Di Frenna Arquitectos (\u00a9 Oscar Hernandez)\" class=\"rl-gallery-link\" data-rl_caption=\"Casa del Agua \/ Di Frenna Arquitectos (\u00a9 Oscar Hernandez)\" data-rel=\"lightbox-gallery-1\"><img loading=\"lazy\" decoding=\"async\" width=\"150\" height=\"150\" src=\"https:\/\/www.arquimaster.com.ar\/web\/wp-content\/uploads\/2021\/05\/casa_del_agua4-150x150.jpg\" class=\"attachment-thumbnail size-thumbnail\" alt=\"Casa del Agua \/ Di Frenna Arquitectos\" aria-describedby=\"gallery-1-64595\" \/><\/a>\n\t\t\t<\/div>\n\t\t\t\t<figcaption class='wp-caption-text gallery-caption' id='gallery-1-64595'>\n\t\t\t\tCasa del Agua \/ Di Frenna Arquitectos (\u00a9 Oscar Hernandez)\n\t\t\t\t<\/figcaption><\/figure><figure class='gallery-item'>\n\t\t\t<div class='gallery-icon landscape'>\n\t\t\t\t<a href='https:\/\/www.arquimaster.com.ar\/web\/wp-content\/uploads\/2021\/05\/casa_del_agua5.jpg' title=\"Casa del Agua \/ Di Frenna Arquitectos (\u00a9 Oscar Hernandez)\" data-rl_title=\"Casa del Agua \/ Di Frenna Arquitectos (\u00a9 Oscar Hernandez)\" class=\"rl-gallery-link\" data-rl_caption=\"Casa del Agua \/ Di Frenna Arquitectos (\u00a9 Oscar Hernandez)\" data-rel=\"lightbox-gallery-1\"><img loading=\"lazy\" decoding=\"async\" width=\"150\" height=\"150\" src=\"https:\/\/www.arquimaster.com.ar\/web\/wp-content\/uploads\/2021\/05\/casa_del_agua5-150x150.jpg\" class=\"attachment-thumbnail size-thumbnail\" alt=\"Casa del Agua \/ Di Frenna Arquitectos\" aria-describedby=\"gallery-1-64596\" \/><\/a>\n\t\t\t<\/div>\n\t\t\t\t<figcaption class='wp-caption-text gallery-caption' id='gallery-1-64596'>\n\t\t\t\tCasa del Agua \/ Di Frenna Arquitectos (\u00a9 Oscar Hernandez)\n\t\t\t\t<\/figcaption><\/figure><figure class='gallery-item'>\n\t\t\t<div class='gallery-icon landscape'>\n\t\t\t\t<a href='https:\/\/www.arquimaster.com.ar\/web\/wp-content\/uploads\/2021\/05\/casa_del_agua6.jpg' title=\"Casa del Agua \/ Di Frenna Arquitectos (\u00a9 Oscar Hernandez)\" data-rl_title=\"Casa del Agua \/ Di Frenna Arquitectos (\u00a9 Oscar Hernandez)\" class=\"rl-gallery-link\" data-rl_caption=\"Casa del Agua \/ Di Frenna Arquitectos (\u00a9 Oscar Hernandez)\" data-rel=\"lightbox-gallery-1\"><img loading=\"lazy\" decoding=\"async\" width=\"150\" height=\"150\" src=\"https:\/\/www.arquimaster.com.ar\/web\/wp-content\/uploads\/2021\/05\/casa_del_agua6-150x150.jpg\" class=\"attachment-thumbnail size-thumbnail\" alt=\"Casa del Agua \/ Di Frenna Arquitectos\" aria-describedby=\"gallery-1-64597\" \/><\/a>\n\t\t\t<\/div>\n\t\t\t\t<figcaption class='wp-caption-text gallery-caption' id='gallery-1-64597'>\n\t\t\t\tCasa del Agua \/ Di Frenna Arquitectos (\u00a9 Oscar Hernandez)\n\t\t\t\t<\/figcaption><\/figure><figure class='gallery-item'>\n\t\t\t<div class='gallery-icon landscape'>\n\t\t\t\t<a href='https:\/\/www.arquimaster.com.ar\/web\/wp-content\/uploads\/2021\/05\/casa_del_agua7.jpg' title=\"Casa del Agua \/ Di Frenna Arquitectos (\u00a9 Oscar Hernandez)\" data-rl_title=\"Casa del Agua \/ Di Frenna Arquitectos (\u00a9 Oscar Hernandez)\" class=\"rl-gallery-link\" data-rl_caption=\"Casa del Agua \/ Di Frenna Arquitectos (\u00a9 Oscar Hernandez)\" data-rel=\"lightbox-gallery-1\"><img loading=\"lazy\" decoding=\"async\" width=\"150\" height=\"150\" src=\"https:\/\/www.arquimaster.com.ar\/web\/wp-content\/uploads\/2021\/05\/casa_del_agua7-150x150.jpg\" class=\"attachment-thumbnail size-thumbnail\" alt=\"Casa del Agua \/ Di Frenna Arquitectos\" aria-describedby=\"gallery-1-64598\" \/><\/a>\n\t\t\t<\/div>\n\t\t\t\t<figcaption class='wp-caption-text gallery-caption' id='gallery-1-64598'>\n\t\t\t\tCasa del Agua \/ Di Frenna Arquitectos (\u00a9 Oscar Hernandez)\n\t\t\t\t<\/figcaption><\/figure><figure class='gallery-item'>\n\t\t\t<div class='gallery-icon portrait'>\n\t\t\t\t<a href='https:\/\/www.arquimaster.com.ar\/web\/wp-content\/uploads\/2021\/05\/casa_del_agua8.jpg' title=\"Casa del Agua \/ Di Frenna Arquitectos (\u00a9 Oscar Hernandez)\" data-rl_title=\"Casa del Agua \/ Di Frenna Arquitectos (\u00a9 Oscar Hernandez)\" class=\"rl-gallery-link\" data-rl_caption=\"Casa del Agua \/ Di Frenna Arquitectos (\u00a9 Oscar Hernandez)\" data-rel=\"lightbox-gallery-1\"><img loading=\"lazy\" decoding=\"async\" width=\"150\" height=\"150\" src=\"https:\/\/www.arquimaster.com.ar\/web\/wp-content\/uploads\/2021\/05\/casa_del_agua8-150x150.jpg\" class=\"attachment-thumbnail size-thumbnail\" alt=\"Casa del Agua \/ Di Frenna Arquitectos\" aria-describedby=\"gallery-1-64599\" \/><\/a>\n\t\t\t<\/div>\n\t\t\t\t<figcaption class='wp-caption-text gallery-caption' id='gallery-1-64599'>\n\t\t\t\tCasa del Agua \/ Di Frenna Arquitectos (\u00a9 Oscar Hernandez)\n\t\t\t\t<\/figcaption><\/figure><figure class='gallery-item'>\n\t\t\t<div class='gallery-icon landscape'>\n\t\t\t\t<a href='https:\/\/www.arquimaster.com.ar\/web\/wp-content\/uploads\/2021\/05\/casa_del_agua9.jpg' title=\"Casa del Agua \/ Di Frenna Arquitectos (\u00a9 Oscar Hernandez)\" data-rl_title=\"Casa del Agua \/ Di Frenna Arquitectos (\u00a9 Oscar Hernandez)\" class=\"rl-gallery-link\" data-rl_caption=\"Casa del Agua \/ Di Frenna Arquitectos (\u00a9 Oscar Hernandez)\" data-rel=\"lightbox-gallery-1\"><img loading=\"lazy\" decoding=\"async\" width=\"150\" height=\"150\" src=\"https:\/\/www.arquimaster.com.ar\/web\/wp-content\/uploads\/2021\/05\/casa_del_agua9-150x150.jpg\" class=\"attachment-thumbnail size-thumbnail\" alt=\"Casa del Agua \/ Di Frenna Arquitectos\" aria-describedby=\"gallery-1-64600\" \/><\/a>\n\t\t\t<\/div>\n\t\t\t\t<figcaption class='wp-caption-text gallery-caption' id='gallery-1-64600'>\n\t\t\t\tCasa del Agua \/ Di Frenna Arquitectos (\u00a9 Oscar Hernandez)\n\t\t\t\t<\/figcaption><\/figure><figure class='gallery-item'>\n\t\t\t<div class='gallery-icon portrait'>\n\t\t\t\t<a href='https:\/\/www.arquimaster.com.ar\/web\/wp-content\/uploads\/2021\/05\/casa_del_agua10.jpg' title=\"Casa del Agua \/ Di Frenna Arquitectos (\u00a9 Oscar Hernandez)\" data-rl_title=\"Casa del Agua \/ Di Frenna Arquitectos (\u00a9 Oscar Hernandez)\" class=\"rl-gallery-link\" data-rl_caption=\"Casa del Agua \/ Di Frenna Arquitectos (\u00a9 Oscar Hernandez)\" data-rel=\"lightbox-gallery-1\"><img loading=\"lazy\" decoding=\"async\" width=\"150\" height=\"150\" src=\"https:\/\/www.arquimaster.com.ar\/web\/wp-content\/uploads\/2021\/05\/casa_del_agua10-150x150.jpg\" class=\"attachment-thumbnail size-thumbnail\" alt=\"Casa del Agua \/ Di Frenna Arquitectos\" aria-describedby=\"gallery-1-64601\" \/><\/a>\n\t\t\t<\/div>\n\t\t\t\t<figcaption class='wp-caption-text gallery-caption' id='gallery-1-64601'>\n\t\t\t\tCasa del Agua \/ Di Frenna Arquitectos (\u00a9 Oscar Hernandez)\n\t\t\t\t<\/figcaption><\/figure><figure class='gallery-item'>\n\t\t\t<div class='gallery-icon portrait'>\n\t\t\t\t<a href='https:\/\/www.arquimaster.com.ar\/web\/wp-content\/uploads\/2021\/05\/casa_del_agua11.jpg' title=\"Casa del Agua \/ Di Frenna Arquitectos (\u00a9 Oscar Hernandez)\" data-rl_title=\"Casa del Agua \/ Di Frenna Arquitectos (\u00a9 Oscar Hernandez)\" class=\"rl-gallery-link\" data-rl_caption=\"Casa del Agua \/ Di Frenna Arquitectos (\u00a9 Oscar Hernandez)\" data-rel=\"lightbox-gallery-1\"><img loading=\"lazy\" decoding=\"async\" width=\"150\" height=\"150\" src=\"https:\/\/www.arquimaster.com.ar\/web\/wp-content\/uploads\/2021\/05\/casa_del_agua11-150x150.jpg\" class=\"attachment-thumbnail size-thumbnail\" alt=\"Casa del Agua \/ Di Frenna Arquitectos\" aria-describedby=\"gallery-1-64602\" \/><\/a>\n\t\t\t<\/div>\n\t\t\t\t<figcaption class='wp-caption-text gallery-caption' id='gallery-1-64602'>\n\t\t\t\tCasa del Agua \/ Di Frenna Arquitectos (\u00a9 Oscar Hernandez)\n\t\t\t\t<\/figcaption><\/figure><figure class='gallery-item'>\n\t\t\t<div class='gallery-icon landscape'>\n\t\t\t\t<a href='https:\/\/www.arquimaster.com.ar\/web\/wp-content\/uploads\/2021\/05\/casa_del_agua12.jpg' title=\"Casa del Agua \/ Di Frenna Arquitectos (\u00a9 Oscar Hernandez)\" data-rl_title=\"Casa del Agua \/ Di Frenna Arquitectos (\u00a9 Oscar Hernandez)\" class=\"rl-gallery-link\" data-rl_caption=\"Casa del Agua \/ Di Frenna Arquitectos (\u00a9 Oscar Hernandez)\" data-rel=\"lightbox-gallery-1\"><img loading=\"lazy\" decoding=\"async\" width=\"150\" height=\"150\" src=\"https:\/\/www.arquimaster.com.ar\/web\/wp-content\/uploads\/2021\/05\/casa_del_agua12-150x150.jpg\" class=\"attachment-thumbnail size-thumbnail\" alt=\"Casa del Agua \/ Di Frenna Arquitectos\" aria-describedby=\"gallery-1-64603\" \/><\/a>\n\t\t\t<\/div>\n\t\t\t\t<figcaption class='wp-caption-text gallery-caption' id='gallery-1-64603'>\n\t\t\t\tCasa del Agua \/ Di Frenna Arquitectos (\u00a9 Oscar Hernandez)\n\t\t\t\t<\/figcaption><\/figure><figure class='gallery-item'>\n\t\t\t<div class='gallery-icon portrait'>\n\t\t\t\t<a href='https:\/\/www.arquimaster.com.ar\/web\/wp-content\/uploads\/2021\/05\/casa_del_agua13.jpg' title=\"Casa del Agua \/ Di Frenna Arquitectos (\u00a9 Oscar Hernandez)\" data-rl_title=\"Casa del Agua \/ Di Frenna Arquitectos (\u00a9 Oscar Hernandez)\" class=\"rl-gallery-link\" data-rl_caption=\"Casa del Agua \/ Di Frenna Arquitectos (\u00a9 Oscar Hernandez)\" data-rel=\"lightbox-gallery-1\"><img loading=\"lazy\" decoding=\"async\" width=\"150\" height=\"150\" src=\"https:\/\/www.arquimaster.com.ar\/web\/wp-content\/uploads\/2021\/05\/casa_del_agua13-150x150.jpg\" class=\"attachment-thumbnail size-thumbnail\" alt=\"Casa del Agua \/ Di Frenna Arquitectos\" aria-describedby=\"gallery-1-64604\" \/><\/a>\n\t\t\t<\/div>\n\t\t\t\t<figcaption class='wp-caption-text gallery-caption' id='gallery-1-64604'>\n\t\t\t\tCasa del Agua \/ Di Frenna Arquitectos (\u00a9 Oscar Hernandez)\n\t\t\t\t<\/figcaption><\/figure><figure class='gallery-item'>\n\t\t\t<div class='gallery-icon landscape'>\n\t\t\t\t<a href='https:\/\/www.arquimaster.com.ar\/web\/wp-content\/uploads\/2021\/05\/casa_del_agua14.jpg' title=\"Casa del Agua \/ Di Frenna Arquitectos (\u00a9 Oscar Hernandez)\" data-rl_title=\"Casa del Agua \/ Di Frenna Arquitectos (\u00a9 Oscar Hernandez)\" class=\"rl-gallery-link\" data-rl_caption=\"Casa del Agua \/ Di Frenna Arquitectos (\u00a9 Oscar Hernandez)\" data-rel=\"lightbox-gallery-1\"><img loading=\"lazy\" decoding=\"async\" width=\"150\" height=\"150\" src=\"https:\/\/www.arquimaster.com.ar\/web\/wp-content\/uploads\/2021\/05\/casa_del_agua14-150x150.jpg\" class=\"attachment-thumbnail size-thumbnail\" alt=\"Casa del Agua \/ Di Frenna Arquitectos\" aria-describedby=\"gallery-1-64605\" \/><\/a>\n\t\t\t<\/div>\n\t\t\t\t<figcaption class='wp-caption-text gallery-caption' id='gallery-1-64605'>\n\t\t\t\tCasa del Agua \/ Di Frenna Arquitectos (\u00a9 Oscar Hernandez)\n\t\t\t\t<\/figcaption><\/figure><figure class='gallery-item'>\n\t\t\t<div class='gallery-icon landscape'>\n\t\t\t\t<a href='https:\/\/www.arquimaster.com.ar\/web\/wp-content\/uploads\/2021\/05\/casa_del_agua15.jpg' title=\"Casa del Agua \/ Di Frenna Arquitectos (\u00a9 Oscar Hernandez)\" data-rl_title=\"Casa del Agua \/ Di Frenna Arquitectos (\u00a9 Oscar Hernandez)\" class=\"rl-gallery-link\" data-rl_caption=\"Casa del Agua \/ Di Frenna Arquitectos (\u00a9 Oscar Hernandez)\" data-rel=\"lightbox-gallery-1\"><img loading=\"lazy\" decoding=\"async\" width=\"150\" height=\"150\" src=\"https:\/\/www.arquimaster.com.ar\/web\/wp-content\/uploads\/2021\/05\/casa_del_agua15-150x150.jpg\" class=\"attachment-thumbnail size-thumbnail\" alt=\"Casa del Agua \/ Di Frenna Arquitectos\" aria-describedby=\"gallery-1-64606\" \/><\/a>\n\t\t\t<\/div>\n\t\t\t\t<figcaption class='wp-caption-text gallery-caption' id='gallery-1-64606'>\n\t\t\t\tCasa del Agua \/ Di Frenna Arquitectos (\u00a9 Oscar Hernandez)\n\t\t\t\t<\/figcaption><\/figure><figure class='gallery-item'>\n\t\t\t<div class='gallery-icon landscape'>\n\t\t\t\t<a href='https:\/\/www.arquimaster.com.ar\/web\/wp-content\/uploads\/2021\/05\/casa_del_agua16.jpg' title=\"Casa del Agua \/ Di Frenna Arquitectos (\u00a9 Oscar Hernandez)\" data-rl_title=\"Casa del Agua \/ Di Frenna Arquitectos (\u00a9 Oscar Hernandez)\" class=\"rl-gallery-link\" data-rl_caption=\"Casa del Agua \/ Di Frenna Arquitectos (\u00a9 Oscar Hernandez)\" data-rel=\"lightbox-gallery-1\"><img loading=\"lazy\" decoding=\"async\" width=\"150\" height=\"150\" src=\"https:\/\/www.arquimaster.com.ar\/web\/wp-content\/uploads\/2021\/05\/casa_del_agua16-150x150.jpg\" class=\"attachment-thumbnail size-thumbnail\" alt=\"Casa del Agua \/ Di Frenna Arquitectos\" aria-describedby=\"gallery-1-64607\" \/><\/a>\n\t\t\t<\/div>\n\t\t\t\t<figcaption class='wp-caption-text gallery-caption' id='gallery-1-64607'>\n\t\t\t\tCasa del Agua \/ Di Frenna Arquitectos (\u00a9 Oscar Hernandez)\n\t\t\t\t<\/figcaption><\/figure><figure class='gallery-item'>\n\t\t\t<div class='gallery-icon portrait'>\n\t\t\t\t<a href='https:\/\/www.arquimaster.com.ar\/web\/wp-content\/uploads\/2021\/05\/casa_del_agua17.jpg' title=\"Casa del Agua \/ Di Frenna Arquitectos (\u00a9 Oscar Hernandez)\" data-rl_title=\"Casa del Agua \/ Di Frenna Arquitectos (\u00a9 Oscar Hernandez)\" class=\"rl-gallery-link\" data-rl_caption=\"Casa del Agua \/ Di Frenna Arquitectos (\u00a9 Oscar Hernandez)\" data-rel=\"lightbox-gallery-1\"><img loading=\"lazy\" decoding=\"async\" width=\"150\" height=\"150\" src=\"https:\/\/www.arquimaster.com.ar\/web\/wp-content\/uploads\/2021\/05\/casa_del_agua17-150x150.jpg\" class=\"attachment-thumbnail size-thumbnail\" alt=\"Casa del Agua \/ Di Frenna Arquitectos\" aria-describedby=\"gallery-1-64608\" \/><\/a>\n\t\t\t<\/div>\n\t\t\t\t<figcaption class='wp-caption-text gallery-caption' id='gallery-1-64608'>\n\t\t\t\tCasa del Agua \/ Di Frenna Arquitectos (\u00a9 Oscar Hernandez)\n\t\t\t\t<\/figcaption><\/figure><figure class='gallery-item'>\n\t\t\t<div class='gallery-icon landscape'>\n\t\t\t\t<a href='https:\/\/www.arquimaster.com.ar\/web\/wp-content\/uploads\/2021\/05\/casa_del_agua18.jpg' title=\"Casa del Agua \/ Di Frenna Arquitectos (\u00a9 Oscar Hernandez)\" data-rl_title=\"Casa del Agua \/ Di Frenna Arquitectos (\u00a9 Oscar Hernandez)\" class=\"rl-gallery-link\" data-rl_caption=\"Casa del Agua \/ Di Frenna Arquitectos (\u00a9 Oscar Hernandez)\" data-rel=\"lightbox-gallery-1\"><img loading=\"lazy\" decoding=\"async\" width=\"150\" height=\"150\" src=\"https:\/\/www.arquimaster.com.ar\/web\/wp-content\/uploads\/2021\/05\/casa_del_agua18-150x150.jpg\" class=\"attachment-thumbnail size-thumbnail\" alt=\"Casa del Agua \/ Di Frenna Arquitectos\" aria-describedby=\"gallery-1-64609\" \/><\/a>\n\t\t\t<\/div>\n\t\t\t\t<figcaption class='wp-caption-text gallery-caption' id='gallery-1-64609'>\n\t\t\t\tCasa del Agua \/ Di Frenna Arquitectos (\u00a9 Oscar Hernandez)\n\t\t\t\t<\/figcaption><\/figure><figure class='gallery-item'>\n\t\t\t<div class='gallery-icon landscape'>\n\t\t\t\t<a href='https:\/\/www.arquimaster.com.ar\/web\/wp-content\/uploads\/2021\/05\/casa_del_agua19.jpg' title=\"Casa del Agua \/ Di Frenna Arquitectos (\u00a9 Oscar Hernandez)\" data-rl_title=\"Casa del Agua \/ Di Frenna Arquitectos (\u00a9 Oscar Hernandez)\" class=\"rl-gallery-link\" data-rl_caption=\"Casa del Agua \/ Di Frenna Arquitectos (\u00a9 Oscar Hernandez)\" data-rel=\"lightbox-gallery-1\"><img loading=\"lazy\" decoding=\"async\" width=\"150\" height=\"150\" src=\"https:\/\/www.arquimaster.com.ar\/web\/wp-content\/uploads\/2021\/05\/casa_del_agua19-150x150.jpg\" class=\"attachment-thumbnail size-thumbnail\" alt=\"Casa del Agua \/ Di Frenna Arquitectos\" aria-describedby=\"gallery-1-64610\" \/><\/a>\n\t\t\t<\/div>\n\t\t\t\t<figcaption class='wp-caption-text gallery-caption' id='gallery-1-64610'>\n\t\t\t\tCasa del Agua \/ Di Frenna Arquitectos (\u00a9 Oscar Hernandez)\n\t\t\t\t<\/figcaption><\/figure><figure class='gallery-item'>\n\t\t\t<div class='gallery-icon landscape'>\n\t\t\t\t<a href='https:\/\/www.arquimaster.com.ar\/web\/wp-content\/uploads\/2021\/05\/casa_del_agua20.jpg' title=\"Casa del Agua \/ Di Frenna Arquitectos (\u00a9 Oscar Hernandez)\" data-rl_title=\"Casa del Agua \/ Di Frenna Arquitectos (\u00a9 Oscar Hernandez)\" class=\"rl-gallery-link\" data-rl_caption=\"Casa del Agua \/ Di Frenna Arquitectos (\u00a9 Oscar Hernandez)\" data-rel=\"lightbox-gallery-1\"><img loading=\"lazy\" decoding=\"async\" width=\"150\" height=\"150\" src=\"https:\/\/www.arquimaster.com.ar\/web\/wp-content\/uploads\/2021\/05\/casa_del_agua20-150x150.jpg\" class=\"attachment-thumbnail size-thumbnail\" alt=\"Casa del Agua \/ Di Frenna Arquitectos\" aria-describedby=\"gallery-1-64611\" \/><\/a>\n\t\t\t<\/div>\n\t\t\t\t<figcaption class='wp-caption-text gallery-caption' id='gallery-1-64611'>\n\t\t\t\tCasa del Agua \/ Di Frenna Arquitectos (\u00a9 Oscar Hernandez)\n\t\t\t\t<\/figcaption><\/figure><figure class='gallery-item'>\n\t\t\t<div class='gallery-icon landscape'>\n\t\t\t\t<a href='https:\/\/www.arquimaster.com.ar\/web\/wp-content\/uploads\/2021\/05\/casa_del_agua21.jpg' title=\"Casa del Agua \/ Di Frenna Arquitectos (planta sotano)\" data-rl_title=\"Casa del Agua \/ Di Frenna Arquitectos (planta sotano)\" class=\"rl-gallery-link\" data-rl_caption=\"Casa del Agua \/ Di Frenna Arquitectos (planta sotano)\" data-rel=\"lightbox-gallery-1\"><img loading=\"lazy\" decoding=\"async\" width=\"150\" height=\"150\" src=\"https:\/\/www.arquimaster.com.ar\/web\/wp-content\/uploads\/2021\/05\/casa_del_agua21-150x150.jpg\" class=\"attachment-thumbnail size-thumbnail\" alt=\"Casa del Agua \/ Di Frenna Arquitectos\" aria-describedby=\"gallery-1-64612\" \/><\/a>\n\t\t\t<\/div>\n\t\t\t\t<figcaption class='wp-caption-text gallery-caption' id='gallery-1-64612'>\n\t\t\t\tCasa del Agua \/ Di Frenna Arquitectos (planta sotano)\n\t\t\t\t<\/figcaption><\/figure><figure class='gallery-item'>\n\t\t\t<div class='gallery-icon landscape'>\n\t\t\t\t<a href='https:\/\/www.arquimaster.com.ar\/web\/wp-content\/uploads\/2021\/05\/casa_del_agua22.jpg' title=\"Casa del Agua \/ Di Frenna Arquitectos (planta baja)\" data-rl_title=\"Casa del Agua \/ Di Frenna Arquitectos (planta baja)\" class=\"rl-gallery-link\" data-rl_caption=\"Casa del Agua \/ Di Frenna Arquitectos (planta baja)\" data-rel=\"lightbox-gallery-1\"><img loading=\"lazy\" decoding=\"async\" width=\"150\" height=\"150\" src=\"https:\/\/www.arquimaster.com.ar\/web\/wp-content\/uploads\/2021\/05\/casa_del_agua22-150x150.jpg\" class=\"attachment-thumbnail size-thumbnail\" alt=\"Casa del Agua \/ Di Frenna Arquitectos\" aria-describedby=\"gallery-1-64613\" \/><\/a>\n\t\t\t<\/div>\n\t\t\t\t<figcaption class='wp-caption-text gallery-caption' id='gallery-1-64613'>\n\t\t\t\tCasa del Agua \/ Di Frenna Arquitectos (planta baja)\n\t\t\t\t<\/figcaption><\/figure><figure class='gallery-item'>\n\t\t\t<div class='gallery-icon landscape'>\n\t\t\t\t<a href='https:\/\/www.arquimaster.com.ar\/web\/wp-content\/uploads\/2021\/05\/casa_del_agua23.jpg' title=\"Casa del Agua \/ Di Frenna Arquitectos (planta alta)\" data-rl_title=\"Casa del Agua \/ Di Frenna Arquitectos (planta alta)\" class=\"rl-gallery-link\" data-rl_caption=\"Casa del Agua \/ Di Frenna Arquitectos (planta alta)\" data-rel=\"lightbox-gallery-1\"><img loading=\"lazy\" decoding=\"async\" width=\"150\" height=\"150\" src=\"https:\/\/www.arquimaster.com.ar\/web\/wp-content\/uploads\/2021\/05\/casa_del_agua23-150x150.jpg\" class=\"attachment-thumbnail size-thumbnail\" alt=\"Casa del Agua \/ Di Frenna Arquitectos\" aria-describedby=\"gallery-1-64614\" \/><\/a>\n\t\t\t<\/div>\n\t\t\t\t<figcaption class='wp-caption-text gallery-caption' id='gallery-1-64614'>\n\t\t\t\tCasa del Agua \/ Di Frenna Arquitectos (planta alta)\n\t\t\t\t<\/figcaption><\/figure><figure class='gallery-item'>\n\t\t\t<div class='gallery-icon landscape'>\n\t\t\t\t<a href='https:\/\/www.arquimaster.com.ar\/web\/wp-content\/uploads\/2021\/05\/casa_del_agua24.jpg' title=\"Casa del Agua \/ Di Frenna Arquitectos (corte)\" data-rl_title=\"Casa del Agua \/ Di Frenna Arquitectos (corte)\" class=\"rl-gallery-link\" data-rl_caption=\"Casa del Agua \/ Di Frenna Arquitectos (corte)\" data-rel=\"lightbox-gallery-1\"><img loading=\"lazy\" decoding=\"async\" width=\"150\" height=\"150\" src=\"https:\/\/www.arquimaster.com.ar\/web\/wp-content\/uploads\/2021\/05\/casa_del_agua24-150x150.jpg\" class=\"attachment-thumbnail size-thumbnail\" alt=\"Casa del Agua \/ Di Frenna Arquitectos\" aria-describedby=\"gallery-1-64615\" \/><\/a>\n\t\t\t<\/div>\n\t\t\t\t<figcaption class='wp-caption-text gallery-caption' id='gallery-1-64615'>\n\t\t\t\tCasa del Agua \/ Di Frenna Arquitectos (corte)\n\t\t\t\t<\/figcaption><\/figure><figure class='gallery-item'>\n\t\t\t<div class='gallery-icon landscape'>\n\t\t\t\t<a href='https:\/\/www.arquimaster.com.ar\/web\/wp-content\/uploads\/2021\/05\/casa_del_agua25.jpg' title=\"Casa del Agua \/ Di Frenna Arquitectos (corte)\" data-rl_title=\"Casa del Agua \/ Di Frenna Arquitectos (corte)\" class=\"rl-gallery-link\" data-rl_caption=\"Casa del Agua \/ Di Frenna Arquitectos (corte)\" data-rel=\"lightbox-gallery-1\"><img loading=\"lazy\" decoding=\"async\" width=\"150\" height=\"150\" src=\"https:\/\/www.arquimaster.com.ar\/web\/wp-content\/uploads\/2021\/05\/casa_del_agua25-150x150.jpg\" class=\"attachment-thumbnail size-thumbnail\" alt=\"Casa del Agua \/ Di Frenna Arquitectos\" aria-describedby=\"gallery-1-64616\" \/><\/a>\n\t\t\t<\/div>\n\t\t\t\t<figcaption class='wp-caption-text gallery-caption' id='gallery-1-64616'>\n\t\t\t\tCasa del Agua \/ Di Frenna Arquitectos (corte)\n\t\t\t\t<\/figcaption><\/figure><figure class='gallery-item'>\n\t\t\t<div class='gallery-icon landscape'>\n\t\t\t\t<a href='https:\/\/www.arquimaster.com.ar\/web\/wp-content\/uploads\/2021\/05\/casa_del_agua26.jpg' title=\"Casa del Agua \/ Di Frenna Arquitectos (vista)\" data-rl_title=\"Casa del Agua \/ Di Frenna Arquitectos (vista)\" class=\"rl-gallery-link\" data-rl_caption=\"Casa del Agua \/ Di Frenna Arquitectos (vista)\" data-rel=\"lightbox-gallery-1\"><img loading=\"lazy\" decoding=\"async\" width=\"150\" height=\"150\" src=\"https:\/\/www.arquimaster.com.ar\/web\/wp-content\/uploads\/2021\/05\/casa_del_agua26-150x150.jpg\" class=\"attachment-thumbnail size-thumbnail\" alt=\"Casa del Agua \/ Di Frenna Arquitectos\" aria-describedby=\"gallery-1-64617\" \/><\/a>\n\t\t\t<\/div>\n\t\t\t\t<figcaption class='wp-caption-text gallery-caption' id='gallery-1-64617'>\n\t\t\t\tCasa del Agua \/ Di Frenna Arquitectos (vista)\n\t\t\t\t<\/figcaption><\/figure><figure class='gallery-item'>\n\t\t\t<div class='gallery-icon landscape'>\n\t\t\t\t<a href='https:\/\/www.arquimaster.com.ar\/web\/wp-content\/uploads\/2021\/05\/casa_del_agua27.jpg' title=\"Casa del Agua \/ Di Frenna Arquitectos (vista)\" data-rl_title=\"Casa del Agua \/ Di Frenna Arquitectos (vista)\" class=\"rl-gallery-link\" data-rl_caption=\"Casa del Agua \/ Di Frenna Arquitectos (vista)\" data-rel=\"lightbox-gallery-1\"><img loading=\"lazy\" decoding=\"async\" width=\"150\" height=\"150\" src=\"https:\/\/www.arquimaster.com.ar\/web\/wp-content\/uploads\/2021\/05\/casa_del_agua27-150x150.jpg\" class=\"attachment-thumbnail size-thumbnail\" alt=\"Casa del Agua \/ Di Frenna Arquitectos\" aria-describedby=\"gallery-1-64618\" \/><\/a>\n\t\t\t<\/div>\n\t\t\t\t<figcaption class='wp-caption-text gallery-caption' id='gallery-1-64618'>\n\t\t\t\tCasa del Agua \/ Di Frenna Arquitectos (vista)\n\t\t\t\t<\/figcaption><\/figure><figure class='gallery-item'>\n\t\t\t<div class='gallery-icon landscape'>\n\t\t\t\t<a href='https:\/\/www.arquimaster.com.ar\/web\/wp-content\/uploads\/2021\/05\/casa_del_agua28.jpg' title=\"Casa del Agua \/ Di Frenna Arquitectos (vista)\" data-rl_title=\"Casa del Agua \/ Di Frenna Arquitectos (vista)\" class=\"rl-gallery-link\" data-rl_caption=\"Casa del Agua \/ Di Frenna Arquitectos (vista)\" data-rel=\"lightbox-gallery-1\"><img loading=\"lazy\" decoding=\"async\" width=\"150\" height=\"150\" src=\"https:\/\/www.arquimaster.com.ar\/web\/wp-content\/uploads\/2021\/05\/casa_del_agua28-150x150.jpg\" class=\"attachment-thumbnail size-thumbnail\" alt=\"Casa del Agua \/ Di Frenna Arquitectos\" aria-describedby=\"gallery-1-64619\" \/><\/a>\n\t\t\t<\/div>\n\t\t\t\t<figcaption class='wp-caption-text gallery-caption' id='gallery-1-64619'>\n\t\t\t\tCasa del Agua \/ Di Frenna Arquitectos (vista)\n\t\t\t\t<\/figcaption><\/figure>\n\t\t<\/div>\n\n<p>La Casa del Agua adquiere su nombre por el anhelo de quienes ser\u00edan sus habitantes, los cuales deseaban que la arquitectura estuviera rodeada de elementos acu\u00e1ticos y vegetativos en todo momento. La alberca, protagonista del proyecto, se volvi\u00f3 un hito puntual que recibe las vistas y asoleamiento de toda la construcci\u00f3n y que a la vez genera un espacio tan contemplativo o tan concurrido como el usuario lo apetezca.<\/p>\n<p>En el eje principal de la residencia se origin\u00f3 un puente que se suspende de lado a lado hacia los ejes perpendiculares del proyecto, creando la sensaci\u00f3n de planta libre en el nivel bajo de la casa y abriendo los espacios a la riqueza de la vegetaci\u00f3n y la luz natural que se permea por las ventanas a doble altura de la fachada posterior.<\/p>\n<p>La imponente escalera de herrer\u00eda en forma de caracol, fue un elemento esencial para la soluci\u00f3n estructural que permiti\u00f3 un claro tan grande, generando un di\u00e1logo entre este elemento escult\u00f3rico y los componentes arquitect\u00f3nicos como columnas y vigas de acero, pintadas en color negro, que terminaron involucr\u00e1ndose en la est\u00e9tica de la casa.<\/p>\n<p>Suscitar la sensaci\u00f3n de calidez fue encomienda de los materiales. La parota, piedra Blanco Galarza y los pisos blancos; cubren los espacios evocando a la emoci\u00f3n del clima tropical. Otros elementos como celos\u00edas mamparas y hasta algunos recovecos, protegen al usuario de la orientaci\u00f3n y el sol, generando juegos de luces y sombras que se aventuran con ritmo a ciertas horas sobre las superficies de la casa.<\/p>\n<p>El s\u00f3tano alberga las \u00e1reas sociales como el cine y el bar; y fue componente estructural indispensable para el proyecto, que debido a los mantos fre\u00e1ticos del terreno, desplanta el resto de la construcci\u00f3n con un sistema mixto a base de concreto y acero.<\/p>\n<p>Ingresar a la casa, y recorrer el espacio libre de la planta baja refleja las intenciones claras del dise\u00f1o a balancear las sensaciones de elegancia y calidez y lograr su homogeneidad para recibir las \u00e1reas m\u00e1s transitadas de la casa: vest\u00edbulo, sala, comedor, cocina, terraza y bar; y al mismo tiempo ceder el entorno m\u00e1s privilegiado para la rec\u00e1mara principal que se separa y se abre al panorama de la alberca.<\/p>\n<p>Finalmente la planta alta se descubre al subir por la escalera y atravesar el puente suspendido que continuamente facilita la perspectiva al jard\u00edn y alberca, distribuyendo al usuario a las rec\u00e1maras secundarias.<\/p>\n<p>El desarrollo y colocaci\u00f3n de las \u00e1reas a trav\u00e9s del terreno regalan tambi\u00e9n a estos espacios terrazas mucho m\u00e1s privadas que una vez m\u00e1s acceden el goce de una buena tarde en la hamaca disfrutando el sol, el viento, la vegetaci\u00f3n y el clima del sitio.<\/p>\n<p><strong>Ficha t\u00e9cnica<\/strong><br \/>Nombre: Casa del Agua<br \/>Ubicaci\u00f3n: Colima, M\u00e9xico<br \/>Oficina de Arquitectura: Di Frenna Arquitectos <br \/>Arquitecto a cargo: Matia Di Frenna M\u00fcller<br \/>Equipo de Dise\u00f1o: Matia Di Frenna M\u00fcller, Mariana De la Mora<br \/>Ingenier\u00eda: Ing. Juan Guardado<br \/>Paisajismo: Di Frenna Arquitectos <br \/>Colaboradores: Matia Di Frenna M\u00fcller, Ing. Juan Guardado, Mariana de la Mora<br \/>Superficie construida: 940 m2<br \/>A\u00f1o finalizaci\u00f3n construcci\u00f3n: 2019<br \/>Fotograf\u00edas: <a href=\"https:\/\/www.oscarhernandez.com.mx\/\" target=\"_blank\" rel=\"noopener\">Oscar Hernandez<\/a><\/p>\n<p><strong>Contacto<\/strong><br \/><a href=\"https:\/\/www.difrennaarquitectos.com\" target=\"_blank\" rel=\"noopener\">https:\/\/www.difrennaarquitectos.com<\/a><\/p>\n\n\n<div style=\"height:20px\" aria-hidden=\"true\" class=\"wp-block-spacer\"><\/div>\n\n\n<p><strong><em>Enlish version<\/em><\/strong><\/p>\n<p><em>Built in Colima, under a tropical-humid climate; It was decided to take advantage of the opportunity to design a project that could be lived and opened completely to the outside. The emplacement was rooted in a \u00abU\u00bb formed plan to praise a characteristic yellow-flowered Primavera tree and other Parotas that accompanied it. Therefore, the architectural program could be developed facilitating the privacy of the house and its views; allowing the creation of their own environment and embracing the key components: the trees, the pool and the inner courtyard.<\/em><\/p>\n<p><em>\u00abLa Casa del Agua\u00bb got its name from the desire of who its inhabitants would be, those wishing architecture surrounded by aquatic and vegetative elements at all times. The swimming pool, the protagonist of the project, became a specific landmark which receives the views and sunshine of the entire construction and at the same time generates a space as contemplative or as crowded as the user wants.<\/em><\/p>\n<p><em>In the main axis of the residence a bridge arises suspended from side to side towards the perpendicular axes of the project, creating the sensation of a free plan on the lower level of the house and opening the spaces to the wealth of vegetation and natural light that permeates through the double-height windows of the rear fa\u00e7ade.<\/em><\/p>\n<p><em>The imposing blacksmith spiral staircase was an essential element for the structural solution and allowed a clear space, generating a dialogue between this sculptural element and architectural components such as steel columns and beams, painted in black, which at the end became involved in the aesthetics of the house.<\/em><\/p>\n<p><em>Awakening the feeling of warmth was the material&#8217;s task. The parota, Blanco Galarza stone and the white floors; overlay the spaces evoking the emotion of tropical climate. Other elements such as screen lattices, protect the user from the orientation and the sun, generating lights and shadows that venture with rhythm at certain hours on the surfaces of the house.<\/em><\/p>\n<p><em>The basement contains social areas such as the cinema and the bar; and it was an essential structural component to the project, which, due to the groundwater tables, displaces the rest of the construction with a mixed system based on concrete and steel.<\/em><\/p>\n<p><em>Entering the house, and going through the free space on the ground floor reflects the perspicuous intentions of the design to balance the sensations of elegance and warmth and to achieve its homogeneity to receive the most visited areas of the house: hall, living room, dining room, kitchen, terrace and bar; and at the same time gave up the most privileged environment for the main bedroom that separates from the rest of the program and opens up to the pool panorama.<\/em><\/p>\n<p><em>Finally, the upper level is discovered by wandering through the stairs and crossing the suspended bridge which continuously facilitates the perspective of the garden and pool, distributing the user to the secondary bedrooms.<\/em><\/p>\n<p><em>The development and placement of the areas through the site also gave these spaces much more private terraces that once again allow enjoying a good afternoon in the hammock appreciating the sun, the wind, the trees and the climate of the site.<\/em><\/p>\n<div style=\"font-size: 0px; height: 0px; line-height: 0px; margin: 0; padding: 0; clear: both;\"><\/div><div style=\"margin-top: 0px; margin-bottom: 0px;\" class=\"sharethis-inline-share-buttons\" ><\/div>","protected":false},"excerpt":{"rendered":"<p>Un proyecto que puede vivirse y abrirse completamente al exterior&#8230;<\/p>\n","protected":false},"author":1,"featured_media":64591,"comment_status":"closed","ping_status":"closed","sticky":false,"template":"","format":"standard","meta":{"_uag_custom_page_level_css":"","footnotes":""},"categories":[1,83],"tags":[7089,7088,7092,7091,7090,24,254],"class_list":["post-64590","post","type-post","status-publish","format-standard","has-post-thumbnail","hentry","category-proyecto","category-vivienda-unifamiliar","tag-colima","tag-di-frenna-arquitectos","tag-juan-guardado","tag-mariana-de-la-mora","tag-matia-di-frenna-muller","tag-mexico","tag-vivienda-unifamiliar-2","generate-columns","tablet-grid-50","mobile-grid-100","grid-parent","grid-50"],"yoast_head":"<!-- This site is optimized with the Yoast SEO plugin v27.3 - https:\/\/yoast.com\/product\/yoast-seo-wordpress\/ -->\n<title>Casa del Agua \/ Di Frenna Arquitectos - Arquimaster<\/title>\n<meta name=\"description\" content=\"Construida bajo un clima tropical-h\u00famedo, el proyecto puede vivirse y abrirse completamente al exterior.\" \/>\n<meta name=\"robots\" content=\"index, follow, max-snippet:-1, max-image-preview:large, max-video-preview:-1\" \/>\n<link rel=\"canonical\" href=\"https:\/\/www.arquimaster.com.ar\/web\/casa-del-agua-di-frenna-arquitectos\/\" \/>\n<meta property=\"og:locale\" content=\"es_ES\" \/>\n<meta property=\"og:type\" content=\"article\" \/>\n<meta property=\"og:title\" content=\"Casa del Agua \/ Di Frenna Arquitectos\" \/>\n<meta property=\"og:description\" content=\"Construida bajo un clima tropical-h\u00famedo, el proyecto puede vivirse y abrirse completamente al exterior.\" \/>\n<meta property=\"og:url\" content=\"https:\/\/www.arquimaster.com.ar\/web\/casa-del-agua-di-frenna-arquitectos\/\" \/>\n<meta property=\"og:site_name\" content=\"Arquimaster\" \/>\n<meta property=\"article:publisher\" content=\"http:\/\/www.facebook.com\/ARQUIMASTER.com.ar\" \/>\n<meta property=\"article:published_time\" content=\"2021-05-06T23:29:42+00:00\" \/>\n<meta property=\"article:modified_time\" content=\"2021-10-30T20:46:23+00:00\" \/>\n<meta property=\"og:image\" content=\"https:\/\/www.arquimaster.com.ar\/web\/wp-content\/uploads\/2021\/05\/casa_del_agua_slide.jpg\" \/>\n\t<meta property=\"og:image:width\" content=\"698\" \/>\n\t<meta property=\"og:image:height\" content=\"364\" \/>\n\t<meta property=\"og:image:type\" content=\"image\/jpeg\" \/>\n<meta name=\"author\" content=\"Arquimaster\" \/>\n<meta name=\"twitter:card\" content=\"summary_large_image\" \/>\n<meta name=\"twitter:title\" content=\"Casa del Agua \/ Di Frenna Arquitectos\" \/>\n<meta name=\"twitter:description\" content=\"Construida bajo un clima tropical-h\u00famedo, el proyecto puede vivirse y abrirse completamente al exterior.\" \/>\n<meta name=\"twitter:image\" content=\"https:\/\/www.arquimaster.com.ar\/web\/wp-content\/uploads\/2021\/05\/casa_del_agua_slide.jpg\" \/>\n<meta name=\"twitter:creator\" content=\"@arquimaster\" \/>\n<meta name=\"twitter:site\" content=\"@arquimaster\" \/>\n<meta name=\"twitter:label1\" content=\"Escrito por\" \/>\n\t<meta name=\"twitter:data1\" content=\"Arquimaster\" \/>\n\t<meta name=\"twitter:label2\" content=\"Tiempo de lectura\" \/>\n\t<meta name=\"twitter:data2\" content=\"5 minutos\" \/>\n<script type=\"application\/ld+json\" class=\"yoast-schema-graph\">{\"@context\":\"https:\\\/\\\/schema.org\",\"@graph\":[{\"@type\":\"Article\",\"@id\":\"https:\\\/\\\/www.arquimaster.com.ar\\\/web\\\/casa-del-agua-di-frenna-arquitectos\\\/#article\",\"isPartOf\":{\"@id\":\"https:\\\/\\\/www.arquimaster.com.ar\\\/web\\\/casa-del-agua-di-frenna-arquitectos\\\/\"},\"author\":{\"name\":\"Arquimaster\",\"@id\":\"https:\\\/\\\/www.arquimaster.com.ar\\\/web\\\/#\\\/schema\\\/person\\\/359e9f7c00193fcde068e0dd2ceb0028\"},\"headline\":\"Casa del Agua \\\/ Di Frenna Arquitectos\",\"datePublished\":\"2021-05-06T23:29:42+00:00\",\"dateModified\":\"2021-10-30T20:46:23+00:00\",\"mainEntityOfPage\":{\"@id\":\"https:\\\/\\\/www.arquimaster.com.ar\\\/web\\\/casa-del-agua-di-frenna-arquitectos\\\/\"},\"wordCount\":1190,\"publisher\":{\"@id\":\"https:\\\/\\\/www.arquimaster.com.ar\\\/web\\\/#organization\"},\"image\":{\"@id\":\"https:\\\/\\\/www.arquimaster.com.ar\\\/web\\\/casa-del-agua-di-frenna-arquitectos\\\/#primaryimage\"},\"thumbnailUrl\":\"https:\\\/\\\/www.arquimaster.com.ar\\\/web\\\/wp-content\\\/uploads\\\/2021\\\/05\\\/casa_del_agua_slide.jpg\",\"keywords\":[\"Colima\",\"Di Frenna Arquitectos\",\"Juan Guardado\",\"Mariana De la Mora\",\"Matia Di Frenna M\u00fcller\",\"Mexico\",\"vivienda unifamiliar\"],\"articleSection\":[\"Proyecto\",\"Vivienda unifamiliar y PH\"],\"inLanguage\":\"es\"},{\"@type\":\"WebPage\",\"@id\":\"https:\\\/\\\/www.arquimaster.com.ar\\\/web\\\/casa-del-agua-di-frenna-arquitectos\\\/\",\"url\":\"https:\\\/\\\/www.arquimaster.com.ar\\\/web\\\/casa-del-agua-di-frenna-arquitectos\\\/\",\"name\":\"Casa del Agua \\\/ Di Frenna Arquitectos - Arquimaster\",\"isPartOf\":{\"@id\":\"https:\\\/\\\/www.arquimaster.com.ar\\\/web\\\/#website\"},\"primaryImageOfPage\":{\"@id\":\"https:\\\/\\\/www.arquimaster.com.ar\\\/web\\\/casa-del-agua-di-frenna-arquitectos\\\/#primaryimage\"},\"image\":{\"@id\":\"https:\\\/\\\/www.arquimaster.com.ar\\\/web\\\/casa-del-agua-di-frenna-arquitectos\\\/#primaryimage\"},\"thumbnailUrl\":\"https:\\\/\\\/www.arquimaster.com.ar\\\/web\\\/wp-content\\\/uploads\\\/2021\\\/05\\\/casa_del_agua_slide.jpg\",\"datePublished\":\"2021-05-06T23:29:42+00:00\",\"dateModified\":\"2021-10-30T20:46:23+00:00\",\"description\":\"Construida bajo un clima tropical-h\u00famedo, el proyecto puede vivirse y abrirse completamente al exterior.\",\"breadcrumb\":{\"@id\":\"https:\\\/\\\/www.arquimaster.com.ar\\\/web\\\/casa-del-agua-di-frenna-arquitectos\\\/#breadcrumb\"},\"inLanguage\":\"es\",\"potentialAction\":[{\"@type\":\"ReadAction\",\"target\":[\"https:\\\/\\\/www.arquimaster.com.ar\\\/web\\\/casa-del-agua-di-frenna-arquitectos\\\/\"]}]},{\"@type\":\"ImageObject\",\"inLanguage\":\"es\",\"@id\":\"https:\\\/\\\/www.arquimaster.com.ar\\\/web\\\/casa-del-agua-di-frenna-arquitectos\\\/#primaryimage\",\"url\":\"https:\\\/\\\/www.arquimaster.com.ar\\\/web\\\/wp-content\\\/uploads\\\/2021\\\/05\\\/casa_del_agua_slide.jpg\",\"contentUrl\":\"https:\\\/\\\/www.arquimaster.com.ar\\\/web\\\/wp-content\\\/uploads\\\/2021\\\/05\\\/casa_del_agua_slide.jpg\",\"width\":698,\"height\":364,\"caption\":\"Casa del Agua \\\/ Di Frenna Arquitectos\"},{\"@type\":\"BreadcrumbList\",\"@id\":\"https:\\\/\\\/www.arquimaster.com.ar\\\/web\\\/casa-del-agua-di-frenna-arquitectos\\\/#breadcrumb\",\"itemListElement\":[{\"@type\":\"ListItem\",\"position\":1,\"name\":\"Portada\",\"item\":\"https:\\\/\\\/www.arquimaster.com.ar\\\/web\\\/\"},{\"@type\":\"ListItem\",\"position\":2,\"name\":\"Casa del Agua \\\/ Di Frenna Arquitectos\"}]},{\"@type\":\"WebSite\",\"@id\":\"https:\\\/\\\/www.arquimaster.com.ar\\\/web\\\/#website\",\"url\":\"https:\\\/\\\/www.arquimaster.com.ar\\\/web\\\/\",\"name\":\"Arquimaster\",\"description\":\"Web de arquitectura, dise\u00f1o y construccion\",\"publisher\":{\"@id\":\"https:\\\/\\\/www.arquimaster.com.ar\\\/web\\\/#organization\"},\"potentialAction\":[{\"@type\":\"SearchAction\",\"target\":{\"@type\":\"EntryPoint\",\"urlTemplate\":\"https:\\\/\\\/www.arquimaster.com.ar\\\/web\\\/?s={search_term_string}\"},\"query-input\":{\"@type\":\"PropertyValueSpecification\",\"valueRequired\":true,\"valueName\":\"search_term_string\"}}],\"inLanguage\":\"es\"},{\"@type\":\"Organization\",\"@id\":\"https:\\\/\\\/www.arquimaster.com.ar\\\/web\\\/#organization\",\"name\":\"Arquimaster\",\"url\":\"https:\\\/\\\/www.arquimaster.com.ar\\\/web\\\/\",\"logo\":{\"@type\":\"ImageObject\",\"inLanguage\":\"es\",\"@id\":\"https:\\\/\\\/www.arquimaster.com.ar\\\/web\\\/#\\\/schema\\\/logo\\\/image\\\/\",\"url\":\"https:\\\/\\\/www.arquimaster.com.ar\\\/web\\\/wp-content\\\/uploads\\\/2022\\\/06\\\/arquimaster.png\",\"contentUrl\":\"https:\\\/\\\/www.arquimaster.com.ar\\\/web\\\/wp-content\\\/uploads\\\/2022\\\/06\\\/arquimaster.png\",\"width\":594,\"height\":78,\"caption\":\"Arquimaster\"},\"image\":{\"@id\":\"https:\\\/\\\/www.arquimaster.com.ar\\\/web\\\/#\\\/schema\\\/logo\\\/image\\\/\"},\"sameAs\":[\"http:\\\/\\\/www.facebook.com\\\/ARQUIMASTER.com.ar\",\"https:\\\/\\\/x.com\\\/arquimaster\",\"https:\\\/\\\/www.instagram.com\\\/arquimasterblog\\\/\",\"https:\\\/\\\/www.linkedin.com\\\/company\\\/arquimaster\",\"https:\\\/\\\/www.pinterest.com\\\/arquimaster\",\"https:\\\/\\\/t.me\\\/arquimaster\"]},{\"@type\":\"Person\",\"@id\":\"https:\\\/\\\/www.arquimaster.com.ar\\\/web\\\/#\\\/schema\\\/person\\\/359e9f7c00193fcde068e0dd2ceb0028\",\"name\":\"Arquimaster\"}]}<\/script>\n<!-- \/ Yoast SEO plugin. -->","yoast_head_json":{"title":"Casa del Agua \/ Di Frenna Arquitectos - Arquimaster","description":"Construida bajo un clima tropical-h\u00famedo, el proyecto puede vivirse y abrirse completamente al exterior.","robots":{"index":"index","follow":"follow","max-snippet":"max-snippet:-1","max-image-preview":"max-image-preview:large","max-video-preview":"max-video-preview:-1"},"canonical":"https:\/\/www.arquimaster.com.ar\/web\/casa-del-agua-di-frenna-arquitectos\/","og_locale":"es_ES","og_type":"article","og_title":"Casa del Agua \/ Di Frenna Arquitectos","og_description":"Construida bajo un clima tropical-h\u00famedo, el proyecto puede vivirse y abrirse completamente al exterior.","og_url":"https:\/\/www.arquimaster.com.ar\/web\/casa-del-agua-di-frenna-arquitectos\/","og_site_name":"Arquimaster","article_publisher":"http:\/\/www.facebook.com\/ARQUIMASTER.com.ar","article_published_time":"2021-05-06T23:29:42+00:00","article_modified_time":"2021-10-30T20:46:23+00:00","og_image":[{"width":698,"height":364,"url":"https:\/\/www.arquimaster.com.ar\/web\/wp-content\/uploads\/2021\/05\/casa_del_agua_slide.jpg","type":"image\/jpeg"}],"author":"Arquimaster","twitter_card":"summary_large_image","twitter_title":"Casa del Agua \/ Di Frenna Arquitectos","twitter_description":"Construida bajo un clima tropical-h\u00famedo, el proyecto puede vivirse y abrirse completamente al exterior.","twitter_image":"https:\/\/www.arquimaster.com.ar\/web\/wp-content\/uploads\/2021\/05\/casa_del_agua_slide.jpg","twitter_creator":"@arquimaster","twitter_site":"@arquimaster","twitter_misc":{"Escrito por":"Arquimaster","Tiempo de lectura":"5 minutos"},"schema":{"@context":"https:\/\/schema.org","@graph":[{"@type":"Article","@id":"https:\/\/www.arquimaster.com.ar\/web\/casa-del-agua-di-frenna-arquitectos\/#article","isPartOf":{"@id":"https:\/\/www.arquimaster.com.ar\/web\/casa-del-agua-di-frenna-arquitectos\/"},"author":{"name":"Arquimaster","@id":"https:\/\/www.arquimaster.com.ar\/web\/#\/schema\/person\/359e9f7c00193fcde068e0dd2ceb0028"},"headline":"Casa del Agua \/ Di Frenna Arquitectos","datePublished":"2021-05-06T23:29:42+00:00","dateModified":"2021-10-30T20:46:23+00:00","mainEntityOfPage":{"@id":"https:\/\/www.arquimaster.com.ar\/web\/casa-del-agua-di-frenna-arquitectos\/"},"wordCount":1190,"publisher":{"@id":"https:\/\/www.arquimaster.com.ar\/web\/#organization"},"image":{"@id":"https:\/\/www.arquimaster.com.ar\/web\/casa-del-agua-di-frenna-arquitectos\/#primaryimage"},"thumbnailUrl":"https:\/\/www.arquimaster.com.ar\/web\/wp-content\/uploads\/2021\/05\/casa_del_agua_slide.jpg","keywords":["Colima","Di Frenna Arquitectos","Juan Guardado","Mariana De la Mora","Matia Di Frenna M\u00fcller","Mexico","vivienda unifamiliar"],"articleSection":["Proyecto","Vivienda unifamiliar y PH"],"inLanguage":"es"},{"@type":"WebPage","@id":"https:\/\/www.arquimaster.com.ar\/web\/casa-del-agua-di-frenna-arquitectos\/","url":"https:\/\/www.arquimaster.com.ar\/web\/casa-del-agua-di-frenna-arquitectos\/","name":"Casa del Agua \/ Di Frenna Arquitectos - Arquimaster","isPartOf":{"@id":"https:\/\/www.arquimaster.com.ar\/web\/#website"},"primaryImageOfPage":{"@id":"https:\/\/www.arquimaster.com.ar\/web\/casa-del-agua-di-frenna-arquitectos\/#primaryimage"},"image":{"@id":"https:\/\/www.arquimaster.com.ar\/web\/casa-del-agua-di-frenna-arquitectos\/#primaryimage"},"thumbnailUrl":"https:\/\/www.arquimaster.com.ar\/web\/wp-content\/uploads\/2021\/05\/casa_del_agua_slide.jpg","datePublished":"2021-05-06T23:29:42+00:00","dateModified":"2021-10-30T20:46:23+00:00","description":"Construida bajo un clima tropical-h\u00famedo, el proyecto puede vivirse y abrirse completamente al exterior.","breadcrumb":{"@id":"https:\/\/www.arquimaster.com.ar\/web\/casa-del-agua-di-frenna-arquitectos\/#breadcrumb"},"inLanguage":"es","potentialAction":[{"@type":"ReadAction","target":["https:\/\/www.arquimaster.com.ar\/web\/casa-del-agua-di-frenna-arquitectos\/"]}]},{"@type":"ImageObject","inLanguage":"es","@id":"https:\/\/www.arquimaster.com.ar\/web\/casa-del-agua-di-frenna-arquitectos\/#primaryimage","url":"https:\/\/www.arquimaster.com.ar\/web\/wp-content\/uploads\/2021\/05\/casa_del_agua_slide.jpg","contentUrl":"https:\/\/www.arquimaster.com.ar\/web\/wp-content\/uploads\/2021\/05\/casa_del_agua_slide.jpg","width":698,"height":364,"caption":"Casa del Agua \/ Di Frenna Arquitectos"},{"@type":"BreadcrumbList","@id":"https:\/\/www.arquimaster.com.ar\/web\/casa-del-agua-di-frenna-arquitectos\/#breadcrumb","itemListElement":[{"@type":"ListItem","position":1,"name":"Portada","item":"https:\/\/www.arquimaster.com.ar\/web\/"},{"@type":"ListItem","position":2,"name":"Casa del Agua \/ Di Frenna Arquitectos"}]},{"@type":"WebSite","@id":"https:\/\/www.arquimaster.com.ar\/web\/#website","url":"https:\/\/www.arquimaster.com.ar\/web\/","name":"Arquimaster","description":"Web de arquitectura, dise\u00f1o y construccion","publisher":{"@id":"https:\/\/www.arquimaster.com.ar\/web\/#organization"},"potentialAction":[{"@type":"SearchAction","target":{"@type":"EntryPoint","urlTemplate":"https:\/\/www.arquimaster.com.ar\/web\/?s={search_term_string}"},"query-input":{"@type":"PropertyValueSpecification","valueRequired":true,"valueName":"search_term_string"}}],"inLanguage":"es"},{"@type":"Organization","@id":"https:\/\/www.arquimaster.com.ar\/web\/#organization","name":"Arquimaster","url":"https:\/\/www.arquimaster.com.ar\/web\/","logo":{"@type":"ImageObject","inLanguage":"es","@id":"https:\/\/www.arquimaster.com.ar\/web\/#\/schema\/logo\/image\/","url":"https:\/\/www.arquimaster.com.ar\/web\/wp-content\/uploads\/2022\/06\/arquimaster.png","contentUrl":"https:\/\/www.arquimaster.com.ar\/web\/wp-content\/uploads\/2022\/06\/arquimaster.png","width":594,"height":78,"caption":"Arquimaster"},"image":{"@id":"https:\/\/www.arquimaster.com.ar\/web\/#\/schema\/logo\/image\/"},"sameAs":["http:\/\/www.facebook.com\/ARQUIMASTER.com.ar","https:\/\/x.com\/arquimaster","https:\/\/www.instagram.com\/arquimasterblog\/","https:\/\/www.linkedin.com\/company\/arquimaster","https:\/\/www.pinterest.com\/arquimaster","https:\/\/t.me\/arquimaster"]},{"@type":"Person","@id":"https:\/\/www.arquimaster.com.ar\/web\/#\/schema\/person\/359e9f7c00193fcde068e0dd2ceb0028","name":"Arquimaster"}]}},"uagb_featured_image_src":{"full":["https:\/\/www.arquimaster.com.ar\/web\/wp-content\/uploads\/2021\/05\/casa_del_agua_slide.jpg",698,364,false],"thumbnail":["https:\/\/www.arquimaster.com.ar\/web\/wp-content\/uploads\/2021\/05\/casa_del_agua_slide-150x150.jpg",150,150,true],"medium":["https:\/\/www.arquimaster.com.ar\/web\/wp-content\/uploads\/2021\/05\/casa_del_agua_slide.jpg",698,364,false],"medium_large":["https:\/\/www.arquimaster.com.ar\/web\/wp-content\/uploads\/2021\/05\/casa_del_agua_slide.jpg",698,364,false],"large":["https:\/\/www.arquimaster.com.ar\/web\/wp-content\/uploads\/2021\/05\/casa_del_agua_slide.jpg",698,364,false],"1536x1536":["https:\/\/www.arquimaster.com.ar\/web\/wp-content\/uploads\/2021\/05\/casa_del_agua_slide.jpg",698,364,false],"2048x2048":["https:\/\/www.arquimaster.com.ar\/web\/wp-content\/uploads\/2021\/05\/casa_del_agua_slide.jpg",698,364,false]},"uagb_author_info":{"display_name":"Arquimaster","author_link":"https:\/\/www.arquimaster.com.ar\/web\/author\/arquimaster\/"},"uagb_comment_info":0,"uagb_excerpt":"Un proyecto que puede vivirse y abrirse completamente al exterior...","_links":{"self":[{"href":"https:\/\/www.arquimaster.com.ar\/web\/wp-json\/wp\/v2\/posts\/64590","targetHints":{"allow":["GET"]}}],"collection":[{"href":"https:\/\/www.arquimaster.com.ar\/web\/wp-json\/wp\/v2\/posts"}],"about":[{"href":"https:\/\/www.arquimaster.com.ar\/web\/wp-json\/wp\/v2\/types\/post"}],"author":[{"embeddable":true,"href":"https:\/\/www.arquimaster.com.ar\/web\/wp-json\/wp\/v2\/users\/1"}],"replies":[{"embeddable":true,"href":"https:\/\/www.arquimaster.com.ar\/web\/wp-json\/wp\/v2\/comments?post=64590"}],"version-history":[{"count":1,"href":"https:\/\/www.arquimaster.com.ar\/web\/wp-json\/wp\/v2\/posts\/64590\/revisions"}],"predecessor-version":[{"id":64620,"href":"https:\/\/www.arquimaster.com.ar\/web\/wp-json\/wp\/v2\/posts\/64590\/revisions\/64620"}],"wp:featuredmedia":[{"embeddable":true,"href":"https:\/\/www.arquimaster.com.ar\/web\/wp-json\/wp\/v2\/media\/64591"}],"wp:attachment":[{"href":"https:\/\/www.arquimaster.com.ar\/web\/wp-json\/wp\/v2\/media?parent=64590"}],"wp:term":[{"taxonomy":"category","embeddable":true,"href":"https:\/\/www.arquimaster.com.ar\/web\/wp-json\/wp\/v2\/categories?post=64590"},{"taxonomy":"post_tag","embeddable":true,"href":"https:\/\/www.arquimaster.com.ar\/web\/wp-json\/wp\/v2\/tags?post=64590"}],"curies":[{"name":"wp","href":"https:\/\/api.w.org\/{rel}","templated":true}]}}