{"id":6460,"date":"2014-04-19T21:09:34","date_gmt":"2014-04-19T21:09:34","guid":{"rendered":"http:\/\/www.arquimaster.com.ar\/web\/?p=6460"},"modified":"2026-03-28T20:39:08","modified_gmt":"2026-03-28T23:39:08","slug":"la-catedral-metropolitana-se-renueva-gracias-a-la-iluminacion-de-philips","status":"publish","type":"post","link":"https:\/\/www.arquimaster.com.ar\/web\/la-catedral-metropolitana-se-renueva-gracias-a-la-iluminacion-de-philips\/","title":{"rendered":"La Catedral Metropolitana se renueva gracias a la Iluminaci\u00f3n de Philips"},"content":{"rendered":"<div style=\"margin-top: 0px; margin-bottom: 0px;\" class=\"sharethis-inline-share-buttons\" ><\/div><div class=\"b812932af2e751442846f039925109de\" data-index=\"1\" style=\"float: none; margin:25px 0 25px 0; text-align:center;\">\n<script async src=\"https:\/\/pagead2.googlesyndication.com\/pagead\/js\/adsbygoogle.js\"><\/script>\r\n<!-- Arquimaster (superior) -->\r\n<ins class=\"adsbygoogle\"\r\n     style=\"display:block\"\r\n     data-ad-client=\"ca-pub-6351072698456832\"\r\n     data-ad-slot=\"6455489680\"\r\n     data-ad-format=\"auto\"\r\n     data-full-width-responsive=\"true\"><\/ins>\r\n<script>\r\n     (adsbygoogle = window.adsbygoogle || []).push({});\r\n<\/script>\n<\/div>\n<p><em><strong>La empresa l\u00edder en iluminaci\u00f3n utiliz\u00f3 tecnolog\u00eda LED para destacar elementos escult\u00f3ricos, arquitect\u00f3nicos y el acceso principal del edificio.<\/strong><\/em><\/p>\n<div id='gallery-1' class='gallery galleryid-6460 gallery-columns-3 gallery-size-thumbnail'><figure class='gallery-item'>\n\t\t\t<div class='gallery-icon landscape'>\n\t\t\t\t<a href='https:\/\/www.arquimaster.com.ar\/web\/wp-content\/uploads\/2014\/04\/catedral_metropolitana_philips.jpg' title=\"La Catedral Metropolitana se renueva gracias a la Iluminaci\u00f3n de Philips\" data-rl_title=\"La Catedral Metropolitana se renueva gracias a la Iluminaci\u00f3n de Philips\" class=\"rl-gallery-link\" data-rl_caption=\"La Catedral Metropolitana se renueva gracias a la Iluminaci\u00f3n de Philips\" data-rel=\"lightbox-gallery-1\"><img loading=\"lazy\" decoding=\"async\" width=\"150\" height=\"150\" src=\"https:\/\/www.arquimaster.com.ar\/web\/wp-content\/uploads\/2014\/04\/catedral_metropolitana_philips-150x150.jpg\" class=\"attachment-thumbnail size-thumbnail\" alt=\"\" aria-describedby=\"gallery-1-6462\" srcset=\"https:\/\/www.arquimaster.com.ar\/web\/wp-content\/uploads\/2014\/04\/catedral_metropolitana_philips-150x150.jpg 150w, https:\/\/www.arquimaster.com.ar\/web\/wp-content\/uploads\/2014\/04\/catedral_metropolitana_philips-50x50.jpg 50w, https:\/\/www.arquimaster.com.ar\/web\/wp-content\/uploads\/2014\/04\/catedral_metropolitana_philips-125x125.jpg 125w\" sizes=\"auto, (max-width: 150px) 100vw, 150px\" \/><\/a>\n\t\t\t<\/div>\n\t\t\t\t<figcaption class='wp-caption-text gallery-caption' id='gallery-1-6462'>\n\t\t\t\tLa Catedral Metropolitana se renueva gracias a la Iluminaci\u00f3n de Philips\n\t\t\t\t<\/figcaption><\/figure>\n\t\t<\/div>\n\n<p><strong>Philips Argentina<\/strong> trabaj\u00f3 junto al Gobierno de la Ciudad de Buenos Aires en la realizaci\u00f3n de las obras de restauraci\u00f3n y puesta en valor de la <strong>Catedral Metropolitana<\/strong>. En funci\u00f3n de la importancia hist\u00f3rica del edificio y de la necesidad de su preservaci\u00f3n, Philips plante\u00f3 una intervenci\u00f3n que respeta la estructura original del monumento y prev\u00e9 un alto grado de reversibilidad.<\/p>\n<p>Philips est\u00e1 presente con su tecnolog\u00eda de avanzada en la iluminaci\u00f3n de grandes edificios, monumentos y espacios p\u00fablicos de la Argentina y del mundo. Desde hace varios a\u00f1os, la compa\u00f1\u00eda viene trabajando en la iluminaci\u00f3n de las m\u00e1s importantes catedrales entre las que se destacan: Catedral de Notre Dame (Par\u00eds), la Catedral de San Idelfonso (Yucat\u00e1n) y la Catedral de Sal (Bogot\u00e1). El proyecto llevado a cabo en la Ciudad de Buenos Aires posiciona a la Catedral Metropolitana como un sitio ic\u00f3nico de Argentina a nivel mundial.<\/p>\n<p><em>\u00abEn Philips entendemos que en una \u00e9poca de urbanizaci\u00f3n sin precedentes, la renovaci\u00f3n de la infraestructura de iluminaci\u00f3n de ciudades y edificios hist\u00f3ricos ofrece una oportunidad para mejorar la vida de las personas a trav\u00e9s de los beneficios econ\u00f3micos, sociales y ambientales\u00bb<\/em>, se\u00f1al\u00f3 <strong>Gladys Gatti<\/strong>, Senior Manager Outdoor Segment de Philips Lighting Am\u00e9rica Latina.<\/p>\n<p><em>\u00abPor eso, junto con ciudades, gobiernos, empresas y ONG se busca impulsar la aplicaci\u00f3n de la iluminaci\u00f3n LED y la comunicaci\u00f3n de sus beneficios\u00bb<\/em>, concluy\u00f3.<\/p>\n<p><strong>Descripci\u00f3n del proyecto<\/strong><br \/>\nLa soluciones encontradas para llevar adelante el\u00a0 objetivo\u00a0 fueron las<strong> luminarias Philips IWGraze Powercore<\/strong> y el<strong> proyector Philips iWBlast Powercore<\/strong> con posibilidad de cambio de temperatura de color. La iluminaci\u00f3n se dise\u00f1\u00f3 teniendo en cuenta los requerimientos est\u00e9ticos de cada elemento arquitect\u00f3nico o escult\u00f3rico por medio de luminarias de haces asim\u00e9tricos, con el fin de obtener una adecuada uniformidad y m\u00ednima dispersi\u00f3n de la luz.<\/p>\n<p>En la implementaci\u00f3n en la Catedral Metropolitana se privilegi\u00f3 el dise\u00f1o de un\u00a0 sistema a partir del uso de leds de alta emisi\u00f3n y un complemento con l\u00e1mparas de descarga de color de luz blanca. Las luminarias que utilizan este tipo de leds poseen una vida \u00fatil de 50.000 horas, con una depreciaci\u00f3n no mayor del 30% de su flujo luminoso, lo cual facilita considerablemente su mantenimiento, tanto desde el punto de vista operativo, como por su costo.<\/p>\n<p><strong>Informaci\u00f3n del proyecto<\/strong><br \/>\nCliente: Catedral Metropolitana CABA<br \/>\nUbicaci\u00f3n: Ciudad Aut\u00f3noma de Buenos Aires<br \/>\nProyecto: Iluminaci\u00f3n de la Catedral Metropolitana<br \/>\nProductos Philips: IWBlast Powercore, IWGraze Powercore, Data Enable PRO<br \/>\nSistema de Control: I Player 3<\/p>\n<p><strong>Acerca de Royal Philips<\/strong><br \/>\nRoyal Philips (NYSE: PHG, AEX: PHIA) es una empresa diversificada de salud y bienestar enfocada en mejorar la vida de las personas a trav\u00e9s de innovaciones oportunas en los sectores de Cuidado de la Salud, Estilo de Vida e Iluminaci\u00f3n. Con sede en Holanda, Philips report\u00f3 ventas de 24.8 mil millones de euros en 2012 y cuenta con aproximadamente 114.000 empleados con servicios y comercializaci\u00f3n en m\u00e1s de 100 pa\u00edses. La compa\u00f1\u00eda es l\u00edder en el mercado de cuidados card\u00edacos, cuidados intensivos y atenci\u00f3n m\u00e9dica en el hogar, as\u00ed como en soluciones de energ\u00eda eficientes y nuevas aplicaciones de iluminaci\u00f3n, as\u00ed como en afeitadoras para hombres y depiladoras y cuidado de la salud oral.<\/p>\n\n<div style=\"font-size: 0px; height: 0px; line-height: 0px; margin: 0; padding: 0; clear: both;\"><\/div><div style=\"margin-top: 0px; margin-bottom: 0px;\" class=\"sharethis-inline-share-buttons\" ><\/div>","protected":false},"excerpt":{"rendered":"<p>La empresa utiliz\u00f3 tecnolog\u00eda LED para destacar elementos escult\u00f3ricos, arquitect\u00f3nicos&#8230;<\/p>\n","protected":false},"author":1,"featured_media":6461,"comment_status":"closed","ping_status":"closed","sticky":false,"template":"","format":"standard","meta":{"_uag_custom_page_level_css":"","footnotes":""},"categories":[55,789],"tags":[1609,790,1610,301,1371,304,300],"class_list":["post-6460","post","type-post","status-publish","format-standard","has-post-thumbnail","hentry","category-diseno","category-diseno-de-iluminacion","tag-catedral-metropolitana","tag-diseno-de-iluminacion-2","tag-gcba","tag-iluminacion","tag-iluminacion-eficiente","tag-led","tag-philips","generate-columns","tablet-grid-50","mobile-grid-100","grid-parent","grid-50"],"yoast_head":"<!-- This site is optimized with the Yoast SEO plugin v27.3 - https:\/\/yoast.com\/product\/yoast-seo-wordpress\/ -->\n<title>La Catedral Metropolitana se renueva gracias a la Iluminaci\u00f3n de Philips - Arquimaster<\/title>\n<meta name=\"robots\" content=\"index, follow, max-snippet:-1, max-image-preview:large, max-video-preview:-1\" \/>\n<link rel=\"canonical\" href=\"https:\/\/www.arquimaster.com.ar\/web\/la-catedral-metropolitana-se-renueva-gracias-a-la-iluminacion-de-philips\/\" \/>\n<meta property=\"og:locale\" content=\"es_ES\" \/>\n<meta property=\"og:type\" content=\"article\" \/>\n<meta property=\"og:title\" content=\"La Catedral Metropolitana se renueva gracias a la Iluminaci\u00f3n de Philips - Arquimaster\" \/>\n<meta property=\"og:description\" content=\"La empresa utiliz\u00f3 tecnolog\u00eda LED para destacar elementos escult\u00f3ricos, arquitect\u00f3nicos...\" \/>\n<meta property=\"og:url\" content=\"https:\/\/www.arquimaster.com.ar\/web\/la-catedral-metropolitana-se-renueva-gracias-a-la-iluminacion-de-philips\/\" \/>\n<meta property=\"og:site_name\" content=\"Arquimaster\" \/>\n<meta property=\"article:publisher\" content=\"http:\/\/www.facebook.com\/ARQUIMASTER.com.ar\" \/>\n<meta property=\"article:published_time\" content=\"2014-04-19T21:09:34+00:00\" \/>\n<meta property=\"article:modified_time\" content=\"2026-03-28T23:39:08+00:00\" \/>\n<meta property=\"og:image\" content=\"https:\/\/www.arquimaster.com.ar\/web\/wp-content\/uploads\/2014\/04\/catedral_metropolitana_philips_slide.jpg\" \/>\n\t<meta property=\"og:image:width\" content=\"642\" \/>\n\t<meta property=\"og:image:height\" content=\"336\" \/>\n\t<meta property=\"og:image:type\" content=\"image\/jpeg\" \/>\n<meta name=\"author\" content=\"Arquimaster\" \/>\n<meta name=\"twitter:card\" content=\"summary_large_image\" \/>\n<meta name=\"twitter:creator\" content=\"@arquimaster\" \/>\n<meta name=\"twitter:site\" content=\"@arquimaster\" \/>\n<meta name=\"twitter:label1\" content=\"Escrito por\" \/>\n\t<meta name=\"twitter:data1\" content=\"Arquimaster\" \/>\n\t<meta name=\"twitter:label2\" content=\"Tiempo de lectura\" \/>\n\t<meta name=\"twitter:data2\" content=\"3 minutos\" \/>\n<script type=\"application\/ld+json\" class=\"yoast-schema-graph\">{\"@context\":\"https:\\\/\\\/schema.org\",\"@graph\":[{\"@type\":\"Article\",\"@id\":\"https:\\\/\\\/www.arquimaster.com.ar\\\/web\\\/la-catedral-metropolitana-se-renueva-gracias-a-la-iluminacion-de-philips\\\/#article\",\"isPartOf\":{\"@id\":\"https:\\\/\\\/www.arquimaster.com.ar\\\/web\\\/la-catedral-metropolitana-se-renueva-gracias-a-la-iluminacion-de-philips\\\/\"},\"author\":{\"name\":\"Arquimaster\",\"@id\":\"https:\\\/\\\/www.arquimaster.com.ar\\\/web\\\/#\\\/schema\\\/person\\\/359e9f7c00193fcde068e0dd2ceb0028\"},\"headline\":\"La Catedral Metropolitana se renueva gracias a la Iluminaci\u00f3n de Philips\",\"datePublished\":\"2014-04-19T21:09:34+00:00\",\"dateModified\":\"2026-03-28T23:39:08+00:00\",\"mainEntityOfPage\":{\"@id\":\"https:\\\/\\\/www.arquimaster.com.ar\\\/web\\\/la-catedral-metropolitana-se-renueva-gracias-a-la-iluminacion-de-philips\\\/\"},\"wordCount\":614,\"publisher\":{\"@id\":\"https:\\\/\\\/www.arquimaster.com.ar\\\/web\\\/#organization\"},\"image\":{\"@id\":\"https:\\\/\\\/www.arquimaster.com.ar\\\/web\\\/la-catedral-metropolitana-se-renueva-gracias-a-la-iluminacion-de-philips\\\/#primaryimage\"},\"thumbnailUrl\":\"https:\\\/\\\/www.arquimaster.com.ar\\\/web\\\/wp-content\\\/uploads\\\/2014\\\/04\\\/catedral_metropolitana_philips_slide.jpg\",\"keywords\":[\"Catedral Metropolitana\",\"dise\u00f1o de iluminacion\",\"GCBA\",\"iluminacion\",\"iluminacion eficiente\",\"LED\",\"Philips\"],\"articleSection\":[\"Dise\u00f1o\",\"Dise\u00f1o de iluminacion\"],\"inLanguage\":\"es\"},{\"@type\":\"WebPage\",\"@id\":\"https:\\\/\\\/www.arquimaster.com.ar\\\/web\\\/la-catedral-metropolitana-se-renueva-gracias-a-la-iluminacion-de-philips\\\/\",\"url\":\"https:\\\/\\\/www.arquimaster.com.ar\\\/web\\\/la-catedral-metropolitana-se-renueva-gracias-a-la-iluminacion-de-philips\\\/\",\"name\":\"La Catedral Metropolitana se renueva gracias a la Iluminaci\u00f3n de Philips - Arquimaster\",\"isPartOf\":{\"@id\":\"https:\\\/\\\/www.arquimaster.com.ar\\\/web\\\/#website\"},\"primaryImageOfPage\":{\"@id\":\"https:\\\/\\\/www.arquimaster.com.ar\\\/web\\\/la-catedral-metropolitana-se-renueva-gracias-a-la-iluminacion-de-philips\\\/#primaryimage\"},\"image\":{\"@id\":\"https:\\\/\\\/www.arquimaster.com.ar\\\/web\\\/la-catedral-metropolitana-se-renueva-gracias-a-la-iluminacion-de-philips\\\/#primaryimage\"},\"thumbnailUrl\":\"https:\\\/\\\/www.arquimaster.com.ar\\\/web\\\/wp-content\\\/uploads\\\/2014\\\/04\\\/catedral_metropolitana_philips_slide.jpg\",\"datePublished\":\"2014-04-19T21:09:34+00:00\",\"dateModified\":\"2026-03-28T23:39:08+00:00\",\"breadcrumb\":{\"@id\":\"https:\\\/\\\/www.arquimaster.com.ar\\\/web\\\/la-catedral-metropolitana-se-renueva-gracias-a-la-iluminacion-de-philips\\\/#breadcrumb\"},\"inLanguage\":\"es\",\"potentialAction\":[{\"@type\":\"ReadAction\",\"target\":[\"https:\\\/\\\/www.arquimaster.com.ar\\\/web\\\/la-catedral-metropolitana-se-renueva-gracias-a-la-iluminacion-de-philips\\\/\"]}]},{\"@type\":\"ImageObject\",\"inLanguage\":\"es\",\"@id\":\"https:\\\/\\\/www.arquimaster.com.ar\\\/web\\\/la-catedral-metropolitana-se-renueva-gracias-a-la-iluminacion-de-philips\\\/#primaryimage\",\"url\":\"https:\\\/\\\/www.arquimaster.com.ar\\\/web\\\/wp-content\\\/uploads\\\/2014\\\/04\\\/catedral_metropolitana_philips_slide.jpg\",\"contentUrl\":\"https:\\\/\\\/www.arquimaster.com.ar\\\/web\\\/wp-content\\\/uploads\\\/2014\\\/04\\\/catedral_metropolitana_philips_slide.jpg\",\"width\":642,\"height\":336},{\"@type\":\"BreadcrumbList\",\"@id\":\"https:\\\/\\\/www.arquimaster.com.ar\\\/web\\\/la-catedral-metropolitana-se-renueva-gracias-a-la-iluminacion-de-philips\\\/#breadcrumb\",\"itemListElement\":[{\"@type\":\"ListItem\",\"position\":1,\"name\":\"Portada\",\"item\":\"https:\\\/\\\/www.arquimaster.com.ar\\\/web\\\/\"},{\"@type\":\"ListItem\",\"position\":2,\"name\":\"La Catedral Metropolitana se renueva gracias a la Iluminaci\u00f3n de Philips\"}]},{\"@type\":\"WebSite\",\"@id\":\"https:\\\/\\\/www.arquimaster.com.ar\\\/web\\\/#website\",\"url\":\"https:\\\/\\\/www.arquimaster.com.ar\\\/web\\\/\",\"name\":\"Arquimaster\",\"description\":\"Web de arquitectura, dise\u00f1o y construccion\",\"publisher\":{\"@id\":\"https:\\\/\\\/www.arquimaster.com.ar\\\/web\\\/#organization\"},\"potentialAction\":[{\"@type\":\"SearchAction\",\"target\":{\"@type\":\"EntryPoint\",\"urlTemplate\":\"https:\\\/\\\/www.arquimaster.com.ar\\\/web\\\/?s={search_term_string}\"},\"query-input\":{\"@type\":\"PropertyValueSpecification\",\"valueRequired\":true,\"valueName\":\"search_term_string\"}}],\"inLanguage\":\"es\"},{\"@type\":\"Organization\",\"@id\":\"https:\\\/\\\/www.arquimaster.com.ar\\\/web\\\/#organization\",\"name\":\"Arquimaster\",\"url\":\"https:\\\/\\\/www.arquimaster.com.ar\\\/web\\\/\",\"logo\":{\"@type\":\"ImageObject\",\"inLanguage\":\"es\",\"@id\":\"https:\\\/\\\/www.arquimaster.com.ar\\\/web\\\/#\\\/schema\\\/logo\\\/image\\\/\",\"url\":\"https:\\\/\\\/www.arquimaster.com.ar\\\/web\\\/wp-content\\\/uploads\\\/2022\\\/06\\\/arquimaster.png\",\"contentUrl\":\"https:\\\/\\\/www.arquimaster.com.ar\\\/web\\\/wp-content\\\/uploads\\\/2022\\\/06\\\/arquimaster.png\",\"width\":594,\"height\":78,\"caption\":\"Arquimaster\"},\"image\":{\"@id\":\"https:\\\/\\\/www.arquimaster.com.ar\\\/web\\\/#\\\/schema\\\/logo\\\/image\\\/\"},\"sameAs\":[\"http:\\\/\\\/www.facebook.com\\\/ARQUIMASTER.com.ar\",\"https:\\\/\\\/x.com\\\/arquimaster\",\"https:\\\/\\\/www.instagram.com\\\/arquimasterblog\\\/\",\"https:\\\/\\\/www.linkedin.com\\\/company\\\/arquimaster\",\"https:\\\/\\\/www.pinterest.com\\\/arquimaster\",\"https:\\\/\\\/t.me\\\/arquimaster\"]},{\"@type\":\"Person\",\"@id\":\"https:\\\/\\\/www.arquimaster.com.ar\\\/web\\\/#\\\/schema\\\/person\\\/359e9f7c00193fcde068e0dd2ceb0028\",\"name\":\"Arquimaster\"}]}<\/script>\n<!-- \/ Yoast SEO plugin. -->","yoast_head_json":{"title":"La Catedral Metropolitana se renueva gracias a la Iluminaci\u00f3n de Philips - Arquimaster","robots":{"index":"index","follow":"follow","max-snippet":"max-snippet:-1","max-image-preview":"max-image-preview:large","max-video-preview":"max-video-preview:-1"},"canonical":"https:\/\/www.arquimaster.com.ar\/web\/la-catedral-metropolitana-se-renueva-gracias-a-la-iluminacion-de-philips\/","og_locale":"es_ES","og_type":"article","og_title":"La Catedral Metropolitana se renueva gracias a la Iluminaci\u00f3n de Philips - Arquimaster","og_description":"La empresa utiliz\u00f3 tecnolog\u00eda LED para destacar elementos escult\u00f3ricos, arquitect\u00f3nicos...","og_url":"https:\/\/www.arquimaster.com.ar\/web\/la-catedral-metropolitana-se-renueva-gracias-a-la-iluminacion-de-philips\/","og_site_name":"Arquimaster","article_publisher":"http:\/\/www.facebook.com\/ARQUIMASTER.com.ar","article_published_time":"2014-04-19T21:09:34+00:00","article_modified_time":"2026-03-28T23:39:08+00:00","og_image":[{"width":642,"height":336,"url":"https:\/\/www.arquimaster.com.ar\/web\/wp-content\/uploads\/2014\/04\/catedral_metropolitana_philips_slide.jpg","type":"image\/jpeg"}],"author":"Arquimaster","twitter_card":"summary_large_image","twitter_creator":"@arquimaster","twitter_site":"@arquimaster","twitter_misc":{"Escrito por":"Arquimaster","Tiempo de lectura":"3 minutos"},"schema":{"@context":"https:\/\/schema.org","@graph":[{"@type":"Article","@id":"https:\/\/www.arquimaster.com.ar\/web\/la-catedral-metropolitana-se-renueva-gracias-a-la-iluminacion-de-philips\/#article","isPartOf":{"@id":"https:\/\/www.arquimaster.com.ar\/web\/la-catedral-metropolitana-se-renueva-gracias-a-la-iluminacion-de-philips\/"},"author":{"name":"Arquimaster","@id":"https:\/\/www.arquimaster.com.ar\/web\/#\/schema\/person\/359e9f7c00193fcde068e0dd2ceb0028"},"headline":"La Catedral Metropolitana se renueva gracias a la Iluminaci\u00f3n de Philips","datePublished":"2014-04-19T21:09:34+00:00","dateModified":"2026-03-28T23:39:08+00:00","mainEntityOfPage":{"@id":"https:\/\/www.arquimaster.com.ar\/web\/la-catedral-metropolitana-se-renueva-gracias-a-la-iluminacion-de-philips\/"},"wordCount":614,"publisher":{"@id":"https:\/\/www.arquimaster.com.ar\/web\/#organization"},"image":{"@id":"https:\/\/www.arquimaster.com.ar\/web\/la-catedral-metropolitana-se-renueva-gracias-a-la-iluminacion-de-philips\/#primaryimage"},"thumbnailUrl":"https:\/\/www.arquimaster.com.ar\/web\/wp-content\/uploads\/2014\/04\/catedral_metropolitana_philips_slide.jpg","keywords":["Catedral Metropolitana","dise\u00f1o de iluminacion","GCBA","iluminacion","iluminacion eficiente","LED","Philips"],"articleSection":["Dise\u00f1o","Dise\u00f1o de iluminacion"],"inLanguage":"es"},{"@type":"WebPage","@id":"https:\/\/www.arquimaster.com.ar\/web\/la-catedral-metropolitana-se-renueva-gracias-a-la-iluminacion-de-philips\/","url":"https:\/\/www.arquimaster.com.ar\/web\/la-catedral-metropolitana-se-renueva-gracias-a-la-iluminacion-de-philips\/","name":"La Catedral Metropolitana se renueva gracias a la Iluminaci\u00f3n de Philips - Arquimaster","isPartOf":{"@id":"https:\/\/www.arquimaster.com.ar\/web\/#website"},"primaryImageOfPage":{"@id":"https:\/\/www.arquimaster.com.ar\/web\/la-catedral-metropolitana-se-renueva-gracias-a-la-iluminacion-de-philips\/#primaryimage"},"image":{"@id":"https:\/\/www.arquimaster.com.ar\/web\/la-catedral-metropolitana-se-renueva-gracias-a-la-iluminacion-de-philips\/#primaryimage"},"thumbnailUrl":"https:\/\/www.arquimaster.com.ar\/web\/wp-content\/uploads\/2014\/04\/catedral_metropolitana_philips_slide.jpg","datePublished":"2014-04-19T21:09:34+00:00","dateModified":"2026-03-28T23:39:08+00:00","breadcrumb":{"@id":"https:\/\/www.arquimaster.com.ar\/web\/la-catedral-metropolitana-se-renueva-gracias-a-la-iluminacion-de-philips\/#breadcrumb"},"inLanguage":"es","potentialAction":[{"@type":"ReadAction","target":["https:\/\/www.arquimaster.com.ar\/web\/la-catedral-metropolitana-se-renueva-gracias-a-la-iluminacion-de-philips\/"]}]},{"@type":"ImageObject","inLanguage":"es","@id":"https:\/\/www.arquimaster.com.ar\/web\/la-catedral-metropolitana-se-renueva-gracias-a-la-iluminacion-de-philips\/#primaryimage","url":"https:\/\/www.arquimaster.com.ar\/web\/wp-content\/uploads\/2014\/04\/catedral_metropolitana_philips_slide.jpg","contentUrl":"https:\/\/www.arquimaster.com.ar\/web\/wp-content\/uploads\/2014\/04\/catedral_metropolitana_philips_slide.jpg","width":642,"height":336},{"@type":"BreadcrumbList","@id":"https:\/\/www.arquimaster.com.ar\/web\/la-catedral-metropolitana-se-renueva-gracias-a-la-iluminacion-de-philips\/#breadcrumb","itemListElement":[{"@type":"ListItem","position":1,"name":"Portada","item":"https:\/\/www.arquimaster.com.ar\/web\/"},{"@type":"ListItem","position":2,"name":"La Catedral Metropolitana se renueva gracias a la Iluminaci\u00f3n de Philips"}]},{"@type":"WebSite","@id":"https:\/\/www.arquimaster.com.ar\/web\/#website","url":"https:\/\/www.arquimaster.com.ar\/web\/","name":"Arquimaster","description":"Web de arquitectura, dise\u00f1o y construccion","publisher":{"@id":"https:\/\/www.arquimaster.com.ar\/web\/#organization"},"potentialAction":[{"@type":"SearchAction","target":{"@type":"EntryPoint","urlTemplate":"https:\/\/www.arquimaster.com.ar\/web\/?s={search_term_string}"},"query-input":{"@type":"PropertyValueSpecification","valueRequired":true,"valueName":"search_term_string"}}],"inLanguage":"es"},{"@type":"Organization","@id":"https:\/\/www.arquimaster.com.ar\/web\/#organization","name":"Arquimaster","url":"https:\/\/www.arquimaster.com.ar\/web\/","logo":{"@type":"ImageObject","inLanguage":"es","@id":"https:\/\/www.arquimaster.com.ar\/web\/#\/schema\/logo\/image\/","url":"https:\/\/www.arquimaster.com.ar\/web\/wp-content\/uploads\/2022\/06\/arquimaster.png","contentUrl":"https:\/\/www.arquimaster.com.ar\/web\/wp-content\/uploads\/2022\/06\/arquimaster.png","width":594,"height":78,"caption":"Arquimaster"},"image":{"@id":"https:\/\/www.arquimaster.com.ar\/web\/#\/schema\/logo\/image\/"},"sameAs":["http:\/\/www.facebook.com\/ARQUIMASTER.com.ar","https:\/\/x.com\/arquimaster","https:\/\/www.instagram.com\/arquimasterblog\/","https:\/\/www.linkedin.com\/company\/arquimaster","https:\/\/www.pinterest.com\/arquimaster","https:\/\/t.me\/arquimaster"]},{"@type":"Person","@id":"https:\/\/www.arquimaster.com.ar\/web\/#\/schema\/person\/359e9f7c00193fcde068e0dd2ceb0028","name":"Arquimaster"}]}},"uagb_featured_image_src":{"full":["https:\/\/www.arquimaster.com.ar\/web\/wp-content\/uploads\/2014\/04\/catedral_metropolitana_philips_slide.jpg",642,336,false],"thumbnail":["https:\/\/www.arquimaster.com.ar\/web\/wp-content\/uploads\/2014\/04\/catedral_metropolitana_philips_slide-150x150.jpg",150,150,true],"medium":["https:\/\/www.arquimaster.com.ar\/web\/wp-content\/uploads\/2014\/04\/catedral_metropolitana_philips_slide-300x157.jpg",300,157,true],"medium_large":["https:\/\/www.arquimaster.com.ar\/web\/wp-content\/uploads\/2014\/04\/catedral_metropolitana_philips_slide.jpg",642,336,false],"large":["https:\/\/www.arquimaster.com.ar\/web\/wp-content\/uploads\/2014\/04\/catedral_metropolitana_philips_slide.jpg",642,336,false],"1536x1536":["https:\/\/www.arquimaster.com.ar\/web\/wp-content\/uploads\/2014\/04\/catedral_metropolitana_philips_slide.jpg",642,336,false],"2048x2048":["https:\/\/www.arquimaster.com.ar\/web\/wp-content\/uploads\/2014\/04\/catedral_metropolitana_philips_slide.jpg",642,336,false]},"uagb_author_info":{"display_name":"Arquimaster","author_link":"https:\/\/www.arquimaster.com.ar\/web\/author\/arquimaster\/"},"uagb_comment_info":0,"uagb_excerpt":"La empresa utiliz\u00f3 tecnolog\u00eda LED para destacar elementos escult\u00f3ricos, arquitect\u00f3nicos...","_links":{"self":[{"href":"https:\/\/www.arquimaster.com.ar\/web\/wp-json\/wp\/v2\/posts\/6460","targetHints":{"allow":["GET"]}}],"collection":[{"href":"https:\/\/www.arquimaster.com.ar\/web\/wp-json\/wp\/v2\/posts"}],"about":[{"href":"https:\/\/www.arquimaster.com.ar\/web\/wp-json\/wp\/v2\/types\/post"}],"author":[{"embeddable":true,"href":"https:\/\/www.arquimaster.com.ar\/web\/wp-json\/wp\/v2\/users\/1"}],"replies":[{"embeddable":true,"href":"https:\/\/www.arquimaster.com.ar\/web\/wp-json\/wp\/v2\/comments?post=6460"}],"version-history":[{"count":1,"href":"https:\/\/www.arquimaster.com.ar\/web\/wp-json\/wp\/v2\/posts\/6460\/revisions"}],"predecessor-version":[{"id":88019,"href":"https:\/\/www.arquimaster.com.ar\/web\/wp-json\/wp\/v2\/posts\/6460\/revisions\/88019"}],"wp:featuredmedia":[{"embeddable":true,"href":"https:\/\/www.arquimaster.com.ar\/web\/wp-json\/wp\/v2\/media\/6461"}],"wp:attachment":[{"href":"https:\/\/www.arquimaster.com.ar\/web\/wp-json\/wp\/v2\/media?parent=6460"}],"wp:term":[{"taxonomy":"category","embeddable":true,"href":"https:\/\/www.arquimaster.com.ar\/web\/wp-json\/wp\/v2\/categories?post=6460"},{"taxonomy":"post_tag","embeddable":true,"href":"https:\/\/www.arquimaster.com.ar\/web\/wp-json\/wp\/v2\/tags?post=6460"}],"curies":[{"name":"wp","href":"https:\/\/api.w.org\/{rel}","templated":true}]}}