{"id":6478,"date":"2014-04-19T23:45:59","date_gmt":"2014-04-19T23:45:59","guid":{"rendered":"http:\/\/www.arquimaster.com.ar\/web\/?p=6478"},"modified":"2026-03-28T20:38:58","modified_gmt":"2026-03-28T23:38:58","slug":"arup-presenta-un-plan-estrategico-para-revitalizar-el-centro-historico-barranquilla-colombia","status":"publish","type":"post","link":"https:\/\/www.arquimaster.com.ar\/web\/arup-presenta-un-plan-estrategico-para-revitalizar-el-centro-historico-barranquilla-colombia\/","title":{"rendered":"Arup presenta un plan estrat\u00e9gico para revitalizar el centro hist\u00f3rico de Barranquilla"},"content":{"rendered":"<div style=\"margin-top: 0px; margin-bottom: 0px;\" class=\"sharethis-inline-share-buttons\" ><\/div><div class=\"b812932af2e751442846f039925109de\" data-index=\"1\" style=\"float: none; margin:25px 0 25px 0; text-align:center;\">\n<script async src=\"https:\/\/pagead2.googlesyndication.com\/pagead\/js\/adsbygoogle.js\"><\/script>\r\n<!-- Arquimaster (superior) -->\r\n<ins class=\"adsbygoogle\"\r\n     style=\"display:block\"\r\n     data-ad-client=\"ca-pub-6351072698456832\"\r\n     data-ad-slot=\"6455489680\"\r\n     data-ad-format=\"auto\"\r\n     data-full-width-responsive=\"true\"><\/ins>\r\n<script>\r\n     (adsbygoogle = window.adsbygoogle || []).push({});\r\n<\/script>\n<\/div>\n<p><em><strong>El plan apunta a permitir el crecimiento, manteniendo el centro hist\u00f3rico de la ciudad de Barranquilla (Colombia).<\/strong><\/em><\/p>\n<p><strong>Arup<\/strong>, una empresa de consultor\u00eda e ingenier\u00eda multidisciplinaria conocida por ofrecer dise\u00f1os innovadores y sostenibles, le present\u00f3 un <strong>plan maestro para el centro de Barranquilla<\/strong> a la alcaldesa Elsa Noguera. Arup encabez\u00f3 el proyecto de planeamiento que se enfoca en la revitalizaci\u00f3n del importante centro hist\u00f3rico de la ciudad.<\/p>\n<div id='gallery-1' class='gallery galleryid-6478 gallery-columns-3 gallery-size-thumbnail'><figure class='gallery-item'>\n\t\t\t<div class='gallery-icon portrait'>\n\t\t\t\t<a href='https:\/\/www.arquimaster.com.ar\/web\/wp-content\/uploads\/2014\/04\/plan_barranquilla_arup.jpg' title=\"Arup presenta un plan estrat\u00e9gico para revitalizar el centro hist\u00f3rico de Barranquilla (\u00a9 Arup)\" data-rl_title=\"Arup presenta un plan estrat\u00e9gico para revitalizar el centro hist\u00f3rico de Barranquilla (\u00a9 Arup)\" class=\"rl-gallery-link\" data-rl_caption=\"Arup presenta un plan estrat\u00e9gico para revitalizar el centro hist\u00f3rico de Barranquilla (\u00a9 Arup)\" data-rel=\"lightbox-gallery-1\"><img loading=\"lazy\" decoding=\"async\" width=\"150\" height=\"150\" src=\"https:\/\/www.arquimaster.com.ar\/web\/wp-content\/uploads\/2014\/04\/plan_barranquilla_arup-150x150.jpg\" class=\"attachment-thumbnail size-thumbnail\" alt=\"\" aria-describedby=\"gallery-1-6480\" srcset=\"https:\/\/www.arquimaster.com.ar\/web\/wp-content\/uploads\/2014\/04\/plan_barranquilla_arup-150x150.jpg 150w, https:\/\/www.arquimaster.com.ar\/web\/wp-content\/uploads\/2014\/04\/plan_barranquilla_arup-50x50.jpg 50w, https:\/\/www.arquimaster.com.ar\/web\/wp-content\/uploads\/2014\/04\/plan_barranquilla_arup-125x125.jpg 125w\" sizes=\"auto, (max-width: 150px) 100vw, 150px\" \/><\/a>\n\t\t\t<\/div>\n\t\t\t\t<figcaption class='wp-caption-text gallery-caption' id='gallery-1-6480'>\n\t\t\t\tArup presenta un plan estrat\u00e9gico para revitalizar el centro hist\u00f3rico de Barranquilla (\u00a9 Arup)\n\t\t\t\t<\/figcaption><\/figure>\n\t\t<\/div>\n\n<p>Entre los muchos desaf\u00edos que presenta el \u00e1rea, el centro de la ciudad de Barranquilla fue planeado sin un sistema formal de gesti\u00f3n de aguas pluviales, por lo que lluvias ligeras pueden ocasionar inundaciones en las calles de la ciudad. Adem\u00e1s, posee una de las menores densidades de espacios verdes por ciudadano del mundo. Por otro lado, la ciudad se caracteriza por una congesti\u00f3n pesada, calles peque\u00f1as ocupadas por vendedores ambulantes, estacionamiento sin control y entornos peatonales y discontinuos. El plan maestro apunta a solucionar estas cuestiones.<\/p>\n<p>El plan estrat\u00e9gico de Arup pretende permitir el crecimiento de la ciudad manteniendo el centro hist\u00f3rico y apoyar la <strong>sostenibilidad ambiental<\/strong> y la preparaci\u00f3n ante el cambio clim\u00e1tico. Los principios que subyacen al plan se centran en diversificar las actividades econ\u00f3micas, crear una nueva red de espacio p\u00fablico para mejorar la accesibilidad y promover un estilo de vida saludable, crear una nueva agencia de gesti\u00f3n para el centro hist\u00f3rico e implementar un plan de inclusi\u00f3n social para el desarrollo del marco f\u00edsico. Algunas de las estrategias propuestas incluyen <strong>movilidad urbana y ciclov\u00edas<\/strong>, infraestructura con <strong>superficies permeables<\/strong>, zonas de <strong>protecci\u00f3n frente a inundaciones<\/strong> y la generaci\u00f3n de una marca en torno al centro hist\u00f3rico como destino cultural y tur\u00edstico.<\/p>\n<p>La alcaldesa de Barranquilla, Elsa Noguera, recibi\u00f3 con benepl\u00e1cito el plan estrat\u00e9gico y expres\u00f3 que coincide mucho con su visi\u00f3n de la ciudad. El pr\u00f3ximo paso, seg\u00fan la alcaldesa Noguera, consiste en implementar el plan para revitalizar el centro hist\u00f3rico.<\/p>\n<p>El director del proyecto de Arup, <strong>Pablo Lazo<\/strong>, manifest\u00f3: <em>\u00abEstamos muy entusiasmados con este plan y el futuro de Barranquilla porque nos da la oportunidad de ahondar en las ideas sobre el planeamiento de la ciudad a partir de estrategias urbanas vers\u00e1tiles y sistemas de movilidad inteligentes\u00bb<\/em>.<\/p>\n<p>El proyecto fue financiado parcialmente por el Fondo para la Prosperidad del Gobierno del Reino Unido (Fondo para la Prosperidad). FINDETER (La Financiera del Desarrollo Territorial), organismo colombiano para el desarrollo, tambi\u00e9n financi\u00f3 y gestion\u00f3 esta iniciativa para el Fondo para la Prosperidad. Arup lider\u00f3 la evaluaci\u00f3n de la infraestructura, el transporte, la movilidad, la sostenibilidad, el financiamiento y la implementaci\u00f3n para desarrollar el plan maestro.<\/p>\n<p><strong>Acerca de Arup<\/strong><br \/>\nArup es la fuerza creativa ubicada en el coraz\u00f3n de muchos de los proyectos m\u00e1s destacados del mundo en el entorno construido y a trav\u00e9s de diferentes industrias. Sus ingenieros y consultores ofrecen proyectos innovadores en todo el mundo. Arup abri\u00f3 su primera oficina estadounidense hace 25 a\u00f1os y actualmente cuenta con 1.000 empleados extendidos en el continente americano. La empresa fue fundada en 1946 con un conjunto duradero de valores que fomentan una cultura distintiva, independencia intelectual y un enfoque colaborativo. Las personas que trabajan en Arup se enfocan en buscar la mejor manera de ofrecer mejores soluciones a sus clientes.<\/p>\n<p>Imagen cortesia de Arup<\/p>\n\n<div style=\"font-size: 0px; height: 0px; line-height: 0px; margin: 0; padding: 0; clear: both;\"><\/div><div style=\"margin-top: 0px; margin-bottom: 0px;\" class=\"sharethis-inline-share-buttons\" ><\/div>","protected":false},"excerpt":{"rendered":"<p>El plan apunta a permitir el crecimiento, manteniendo el centro hist\u00f3rico de la ciudad&#8230;<\/p>\n","protected":false},"author":1,"featured_media":6479,"comment_status":"closed","ping_status":"closed","sticky":false,"template":"","format":"standard","meta":{"_uag_custom_page_level_css":"","footnotes":""},"categories":[70,68],"tags":[549,1617,685,1619,889,553,153,805,1064,1655,1128,555,471],"class_list":["post-6478","post","type-post","status-publish","format-standard","has-post-thumbnail","hentry","category-noticias-arquitectura","category-novedades","tag-arup","tag-barranquilla","tag-casco-historico","tag-centro-historico","tag-colombia","tag-infraestructura","tag-inundaciones-urbanas","tag-movilidad-urbana","tag-plan-maestro","tag-plan-urbano","tag-proyecto-urbano","tag-sostenibilidad","tag-urbanismo","generate-columns","tablet-grid-50","mobile-grid-100","grid-parent","grid-50"],"yoast_head":"<!-- This site is optimized with the Yoast SEO plugin v27.3 - https:\/\/yoast.com\/product\/yoast-seo-wordpress\/ -->\n<title>Arup presenta un plan estrat\u00e9gico para revitalizar el centro hist\u00f3rico de Barranquilla - Arquimaster<\/title>\n<meta name=\"robots\" content=\"index, follow, max-snippet:-1, max-image-preview:large, max-video-preview:-1\" \/>\n<link rel=\"canonical\" href=\"https:\/\/www.arquimaster.com.ar\/web\/arup-presenta-un-plan-estrategico-para-revitalizar-el-centro-historico-barranquilla-colombia\/\" \/>\n<meta property=\"og:locale\" content=\"es_ES\" \/>\n<meta property=\"og:type\" content=\"article\" \/>\n<meta property=\"og:title\" content=\"Arup presenta un plan estrat\u00e9gico para revitalizar el centro hist\u00f3rico de Barranquilla - Arquimaster\" \/>\n<meta property=\"og:description\" content=\"El plan apunta a permitir el crecimiento, manteniendo el centro hist\u00f3rico de la ciudad...\" \/>\n<meta property=\"og:url\" content=\"https:\/\/www.arquimaster.com.ar\/web\/arup-presenta-un-plan-estrategico-para-revitalizar-el-centro-historico-barranquilla-colombia\/\" \/>\n<meta property=\"og:site_name\" content=\"Arquimaster\" \/>\n<meta property=\"article:publisher\" content=\"http:\/\/www.facebook.com\/ARQUIMASTER.com.ar\" \/>\n<meta property=\"article:published_time\" content=\"2014-04-19T23:45:59+00:00\" \/>\n<meta property=\"article:modified_time\" content=\"2026-03-28T23:38:58+00:00\" \/>\n<meta property=\"og:image\" content=\"https:\/\/www.arquimaster.com.ar\/web\/wp-content\/uploads\/2014\/04\/plan_barranquilla_arup_slide.jpg\" \/>\n\t<meta property=\"og:image:width\" content=\"642\" \/>\n\t<meta property=\"og:image:height\" content=\"336\" \/>\n\t<meta property=\"og:image:type\" content=\"image\/jpeg\" \/>\n<meta name=\"author\" content=\"Arquimaster\" \/>\n<meta name=\"twitter:card\" content=\"summary_large_image\" \/>\n<meta name=\"twitter:creator\" content=\"@arquimaster\" \/>\n<meta name=\"twitter:site\" content=\"@arquimaster\" \/>\n<meta name=\"twitter:label1\" content=\"Escrito por\" \/>\n\t<meta name=\"twitter:data1\" content=\"Arquimaster\" \/>\n\t<meta name=\"twitter:label2\" content=\"Tiempo de lectura\" \/>\n\t<meta name=\"twitter:data2\" content=\"3 minutos\" \/>\n<script type=\"application\/ld+json\" class=\"yoast-schema-graph\">{\"@context\":\"https:\\\/\\\/schema.org\",\"@graph\":[{\"@type\":\"Article\",\"@id\":\"https:\\\/\\\/www.arquimaster.com.ar\\\/web\\\/arup-presenta-un-plan-estrategico-para-revitalizar-el-centro-historico-barranquilla-colombia\\\/#article\",\"isPartOf\":{\"@id\":\"https:\\\/\\\/www.arquimaster.com.ar\\\/web\\\/arup-presenta-un-plan-estrategico-para-revitalizar-el-centro-historico-barranquilla-colombia\\\/\"},\"author\":{\"name\":\"Arquimaster\",\"@id\":\"https:\\\/\\\/www.arquimaster.com.ar\\\/web\\\/#\\\/schema\\\/person\\\/359e9f7c00193fcde068e0dd2ceb0028\"},\"headline\":\"Arup presenta un plan estrat\u00e9gico para revitalizar el centro hist\u00f3rico de Barranquilla\",\"datePublished\":\"2014-04-19T23:45:59+00:00\",\"dateModified\":\"2026-03-28T23:38:58+00:00\",\"mainEntityOfPage\":{\"@id\":\"https:\\\/\\\/www.arquimaster.com.ar\\\/web\\\/arup-presenta-un-plan-estrategico-para-revitalizar-el-centro-historico-barranquilla-colombia\\\/\"},\"wordCount\":588,\"publisher\":{\"@id\":\"https:\\\/\\\/www.arquimaster.com.ar\\\/web\\\/#organization\"},\"image\":{\"@id\":\"https:\\\/\\\/www.arquimaster.com.ar\\\/web\\\/arup-presenta-un-plan-estrategico-para-revitalizar-el-centro-historico-barranquilla-colombia\\\/#primaryimage\"},\"thumbnailUrl\":\"https:\\\/\\\/www.arquimaster.com.ar\\\/web\\\/wp-content\\\/uploads\\\/2014\\\/04\\\/plan_barranquilla_arup_slide.jpg\",\"keywords\":[\"ARUP\",\"Barranquilla\",\"casco hist\u00f3rico\",\"centro historico\",\"Colombia\",\"infraestructura\",\"inundaciones urbanas\",\"movilidad urbana\",\"plan maestro\",\"plan urbano\",\"proyecto urbano\",\"sostenibilidad\",\"urbanismo\"],\"articleSection\":[\"Noticias de arquitectura y dise\u00f1o\",\"Novedades\"],\"inLanguage\":\"es\"},{\"@type\":\"WebPage\",\"@id\":\"https:\\\/\\\/www.arquimaster.com.ar\\\/web\\\/arup-presenta-un-plan-estrategico-para-revitalizar-el-centro-historico-barranquilla-colombia\\\/\",\"url\":\"https:\\\/\\\/www.arquimaster.com.ar\\\/web\\\/arup-presenta-un-plan-estrategico-para-revitalizar-el-centro-historico-barranquilla-colombia\\\/\",\"name\":\"Arup presenta un plan estrat\u00e9gico para revitalizar el centro hist\u00f3rico de Barranquilla - Arquimaster\",\"isPartOf\":{\"@id\":\"https:\\\/\\\/www.arquimaster.com.ar\\\/web\\\/#website\"},\"primaryImageOfPage\":{\"@id\":\"https:\\\/\\\/www.arquimaster.com.ar\\\/web\\\/arup-presenta-un-plan-estrategico-para-revitalizar-el-centro-historico-barranquilla-colombia\\\/#primaryimage\"},\"image\":{\"@id\":\"https:\\\/\\\/www.arquimaster.com.ar\\\/web\\\/arup-presenta-un-plan-estrategico-para-revitalizar-el-centro-historico-barranquilla-colombia\\\/#primaryimage\"},\"thumbnailUrl\":\"https:\\\/\\\/www.arquimaster.com.ar\\\/web\\\/wp-content\\\/uploads\\\/2014\\\/04\\\/plan_barranquilla_arup_slide.jpg\",\"datePublished\":\"2014-04-19T23:45:59+00:00\",\"dateModified\":\"2026-03-28T23:38:58+00:00\",\"breadcrumb\":{\"@id\":\"https:\\\/\\\/www.arquimaster.com.ar\\\/web\\\/arup-presenta-un-plan-estrategico-para-revitalizar-el-centro-historico-barranquilla-colombia\\\/#breadcrumb\"},\"inLanguage\":\"es\",\"potentialAction\":[{\"@type\":\"ReadAction\",\"target\":[\"https:\\\/\\\/www.arquimaster.com.ar\\\/web\\\/arup-presenta-un-plan-estrategico-para-revitalizar-el-centro-historico-barranquilla-colombia\\\/\"]}]},{\"@type\":\"ImageObject\",\"inLanguage\":\"es\",\"@id\":\"https:\\\/\\\/www.arquimaster.com.ar\\\/web\\\/arup-presenta-un-plan-estrategico-para-revitalizar-el-centro-historico-barranquilla-colombia\\\/#primaryimage\",\"url\":\"https:\\\/\\\/www.arquimaster.com.ar\\\/web\\\/wp-content\\\/uploads\\\/2014\\\/04\\\/plan_barranquilla_arup_slide.jpg\",\"contentUrl\":\"https:\\\/\\\/www.arquimaster.com.ar\\\/web\\\/wp-content\\\/uploads\\\/2014\\\/04\\\/plan_barranquilla_arup_slide.jpg\",\"width\":642,\"height\":336},{\"@type\":\"BreadcrumbList\",\"@id\":\"https:\\\/\\\/www.arquimaster.com.ar\\\/web\\\/arup-presenta-un-plan-estrategico-para-revitalizar-el-centro-historico-barranquilla-colombia\\\/#breadcrumb\",\"itemListElement\":[{\"@type\":\"ListItem\",\"position\":1,\"name\":\"Portada\",\"item\":\"https:\\\/\\\/www.arquimaster.com.ar\\\/web\\\/\"},{\"@type\":\"ListItem\",\"position\":2,\"name\":\"Arup presenta un plan estrat\u00e9gico para revitalizar el centro hist\u00f3rico de Barranquilla\"}]},{\"@type\":\"WebSite\",\"@id\":\"https:\\\/\\\/www.arquimaster.com.ar\\\/web\\\/#website\",\"url\":\"https:\\\/\\\/www.arquimaster.com.ar\\\/web\\\/\",\"name\":\"Arquimaster\",\"description\":\"Web de arquitectura, dise\u00f1o y construccion\",\"publisher\":{\"@id\":\"https:\\\/\\\/www.arquimaster.com.ar\\\/web\\\/#organization\"},\"potentialAction\":[{\"@type\":\"SearchAction\",\"target\":{\"@type\":\"EntryPoint\",\"urlTemplate\":\"https:\\\/\\\/www.arquimaster.com.ar\\\/web\\\/?s={search_term_string}\"},\"query-input\":{\"@type\":\"PropertyValueSpecification\",\"valueRequired\":true,\"valueName\":\"search_term_string\"}}],\"inLanguage\":\"es\"},{\"@type\":\"Organization\",\"@id\":\"https:\\\/\\\/www.arquimaster.com.ar\\\/web\\\/#organization\",\"name\":\"Arquimaster\",\"url\":\"https:\\\/\\\/www.arquimaster.com.ar\\\/web\\\/\",\"logo\":{\"@type\":\"ImageObject\",\"inLanguage\":\"es\",\"@id\":\"https:\\\/\\\/www.arquimaster.com.ar\\\/web\\\/#\\\/schema\\\/logo\\\/image\\\/\",\"url\":\"https:\\\/\\\/www.arquimaster.com.ar\\\/web\\\/wp-content\\\/uploads\\\/2022\\\/06\\\/arquimaster.png\",\"contentUrl\":\"https:\\\/\\\/www.arquimaster.com.ar\\\/web\\\/wp-content\\\/uploads\\\/2022\\\/06\\\/arquimaster.png\",\"width\":594,\"height\":78,\"caption\":\"Arquimaster\"},\"image\":{\"@id\":\"https:\\\/\\\/www.arquimaster.com.ar\\\/web\\\/#\\\/schema\\\/logo\\\/image\\\/\"},\"sameAs\":[\"http:\\\/\\\/www.facebook.com\\\/ARQUIMASTER.com.ar\",\"https:\\\/\\\/x.com\\\/arquimaster\",\"https:\\\/\\\/www.instagram.com\\\/arquimasterblog\\\/\",\"https:\\\/\\\/www.linkedin.com\\\/company\\\/arquimaster\",\"https:\\\/\\\/www.pinterest.com\\\/arquimaster\",\"https:\\\/\\\/t.me\\\/arquimaster\"]},{\"@type\":\"Person\",\"@id\":\"https:\\\/\\\/www.arquimaster.com.ar\\\/web\\\/#\\\/schema\\\/person\\\/359e9f7c00193fcde068e0dd2ceb0028\",\"name\":\"Arquimaster\"}]}<\/script>\n<!-- \/ Yoast SEO plugin. -->","yoast_head_json":{"title":"Arup presenta un plan estrat\u00e9gico para revitalizar el centro hist\u00f3rico de Barranquilla - Arquimaster","robots":{"index":"index","follow":"follow","max-snippet":"max-snippet:-1","max-image-preview":"max-image-preview:large","max-video-preview":"max-video-preview:-1"},"canonical":"https:\/\/www.arquimaster.com.ar\/web\/arup-presenta-un-plan-estrategico-para-revitalizar-el-centro-historico-barranquilla-colombia\/","og_locale":"es_ES","og_type":"article","og_title":"Arup presenta un plan estrat\u00e9gico para revitalizar el centro hist\u00f3rico de Barranquilla - Arquimaster","og_description":"El plan apunta a permitir el crecimiento, manteniendo el centro hist\u00f3rico de la ciudad...","og_url":"https:\/\/www.arquimaster.com.ar\/web\/arup-presenta-un-plan-estrategico-para-revitalizar-el-centro-historico-barranquilla-colombia\/","og_site_name":"Arquimaster","article_publisher":"http:\/\/www.facebook.com\/ARQUIMASTER.com.ar","article_published_time":"2014-04-19T23:45:59+00:00","article_modified_time":"2026-03-28T23:38:58+00:00","og_image":[{"width":642,"height":336,"url":"https:\/\/www.arquimaster.com.ar\/web\/wp-content\/uploads\/2014\/04\/plan_barranquilla_arup_slide.jpg","type":"image\/jpeg"}],"author":"Arquimaster","twitter_card":"summary_large_image","twitter_creator":"@arquimaster","twitter_site":"@arquimaster","twitter_misc":{"Escrito por":"Arquimaster","Tiempo de lectura":"3 minutos"},"schema":{"@context":"https:\/\/schema.org","@graph":[{"@type":"Article","@id":"https:\/\/www.arquimaster.com.ar\/web\/arup-presenta-un-plan-estrategico-para-revitalizar-el-centro-historico-barranquilla-colombia\/#article","isPartOf":{"@id":"https:\/\/www.arquimaster.com.ar\/web\/arup-presenta-un-plan-estrategico-para-revitalizar-el-centro-historico-barranquilla-colombia\/"},"author":{"name":"Arquimaster","@id":"https:\/\/www.arquimaster.com.ar\/web\/#\/schema\/person\/359e9f7c00193fcde068e0dd2ceb0028"},"headline":"Arup presenta un plan estrat\u00e9gico para revitalizar el centro hist\u00f3rico de Barranquilla","datePublished":"2014-04-19T23:45:59+00:00","dateModified":"2026-03-28T23:38:58+00:00","mainEntityOfPage":{"@id":"https:\/\/www.arquimaster.com.ar\/web\/arup-presenta-un-plan-estrategico-para-revitalizar-el-centro-historico-barranquilla-colombia\/"},"wordCount":588,"publisher":{"@id":"https:\/\/www.arquimaster.com.ar\/web\/#organization"},"image":{"@id":"https:\/\/www.arquimaster.com.ar\/web\/arup-presenta-un-plan-estrategico-para-revitalizar-el-centro-historico-barranquilla-colombia\/#primaryimage"},"thumbnailUrl":"https:\/\/www.arquimaster.com.ar\/web\/wp-content\/uploads\/2014\/04\/plan_barranquilla_arup_slide.jpg","keywords":["ARUP","Barranquilla","casco hist\u00f3rico","centro historico","Colombia","infraestructura","inundaciones urbanas","movilidad urbana","plan maestro","plan urbano","proyecto urbano","sostenibilidad","urbanismo"],"articleSection":["Noticias de arquitectura y dise\u00f1o","Novedades"],"inLanguage":"es"},{"@type":"WebPage","@id":"https:\/\/www.arquimaster.com.ar\/web\/arup-presenta-un-plan-estrategico-para-revitalizar-el-centro-historico-barranquilla-colombia\/","url":"https:\/\/www.arquimaster.com.ar\/web\/arup-presenta-un-plan-estrategico-para-revitalizar-el-centro-historico-barranquilla-colombia\/","name":"Arup presenta un plan estrat\u00e9gico para revitalizar el centro hist\u00f3rico de Barranquilla - Arquimaster","isPartOf":{"@id":"https:\/\/www.arquimaster.com.ar\/web\/#website"},"primaryImageOfPage":{"@id":"https:\/\/www.arquimaster.com.ar\/web\/arup-presenta-un-plan-estrategico-para-revitalizar-el-centro-historico-barranquilla-colombia\/#primaryimage"},"image":{"@id":"https:\/\/www.arquimaster.com.ar\/web\/arup-presenta-un-plan-estrategico-para-revitalizar-el-centro-historico-barranquilla-colombia\/#primaryimage"},"thumbnailUrl":"https:\/\/www.arquimaster.com.ar\/web\/wp-content\/uploads\/2014\/04\/plan_barranquilla_arup_slide.jpg","datePublished":"2014-04-19T23:45:59+00:00","dateModified":"2026-03-28T23:38:58+00:00","breadcrumb":{"@id":"https:\/\/www.arquimaster.com.ar\/web\/arup-presenta-un-plan-estrategico-para-revitalizar-el-centro-historico-barranquilla-colombia\/#breadcrumb"},"inLanguage":"es","potentialAction":[{"@type":"ReadAction","target":["https:\/\/www.arquimaster.com.ar\/web\/arup-presenta-un-plan-estrategico-para-revitalizar-el-centro-historico-barranquilla-colombia\/"]}]},{"@type":"ImageObject","inLanguage":"es","@id":"https:\/\/www.arquimaster.com.ar\/web\/arup-presenta-un-plan-estrategico-para-revitalizar-el-centro-historico-barranquilla-colombia\/#primaryimage","url":"https:\/\/www.arquimaster.com.ar\/web\/wp-content\/uploads\/2014\/04\/plan_barranquilla_arup_slide.jpg","contentUrl":"https:\/\/www.arquimaster.com.ar\/web\/wp-content\/uploads\/2014\/04\/plan_barranquilla_arup_slide.jpg","width":642,"height":336},{"@type":"BreadcrumbList","@id":"https:\/\/www.arquimaster.com.ar\/web\/arup-presenta-un-plan-estrategico-para-revitalizar-el-centro-historico-barranquilla-colombia\/#breadcrumb","itemListElement":[{"@type":"ListItem","position":1,"name":"Portada","item":"https:\/\/www.arquimaster.com.ar\/web\/"},{"@type":"ListItem","position":2,"name":"Arup presenta un plan estrat\u00e9gico para revitalizar el centro hist\u00f3rico de Barranquilla"}]},{"@type":"WebSite","@id":"https:\/\/www.arquimaster.com.ar\/web\/#website","url":"https:\/\/www.arquimaster.com.ar\/web\/","name":"Arquimaster","description":"Web de arquitectura, dise\u00f1o y construccion","publisher":{"@id":"https:\/\/www.arquimaster.com.ar\/web\/#organization"},"potentialAction":[{"@type":"SearchAction","target":{"@type":"EntryPoint","urlTemplate":"https:\/\/www.arquimaster.com.ar\/web\/?s={search_term_string}"},"query-input":{"@type":"PropertyValueSpecification","valueRequired":true,"valueName":"search_term_string"}}],"inLanguage":"es"},{"@type":"Organization","@id":"https:\/\/www.arquimaster.com.ar\/web\/#organization","name":"Arquimaster","url":"https:\/\/www.arquimaster.com.ar\/web\/","logo":{"@type":"ImageObject","inLanguage":"es","@id":"https:\/\/www.arquimaster.com.ar\/web\/#\/schema\/logo\/image\/","url":"https:\/\/www.arquimaster.com.ar\/web\/wp-content\/uploads\/2022\/06\/arquimaster.png","contentUrl":"https:\/\/www.arquimaster.com.ar\/web\/wp-content\/uploads\/2022\/06\/arquimaster.png","width":594,"height":78,"caption":"Arquimaster"},"image":{"@id":"https:\/\/www.arquimaster.com.ar\/web\/#\/schema\/logo\/image\/"},"sameAs":["http:\/\/www.facebook.com\/ARQUIMASTER.com.ar","https:\/\/x.com\/arquimaster","https:\/\/www.instagram.com\/arquimasterblog\/","https:\/\/www.linkedin.com\/company\/arquimaster","https:\/\/www.pinterest.com\/arquimaster","https:\/\/t.me\/arquimaster"]},{"@type":"Person","@id":"https:\/\/www.arquimaster.com.ar\/web\/#\/schema\/person\/359e9f7c00193fcde068e0dd2ceb0028","name":"Arquimaster"}]}},"uagb_featured_image_src":{"full":["https:\/\/www.arquimaster.com.ar\/web\/wp-content\/uploads\/2014\/04\/plan_barranquilla_arup_slide.jpg",642,336,false],"thumbnail":["https:\/\/www.arquimaster.com.ar\/web\/wp-content\/uploads\/2014\/04\/plan_barranquilla_arup_slide-150x150.jpg",150,150,true],"medium":["https:\/\/www.arquimaster.com.ar\/web\/wp-content\/uploads\/2014\/04\/plan_barranquilla_arup_slide-300x157.jpg",300,157,true],"medium_large":["https:\/\/www.arquimaster.com.ar\/web\/wp-content\/uploads\/2014\/04\/plan_barranquilla_arup_slide.jpg",642,336,false],"large":["https:\/\/www.arquimaster.com.ar\/web\/wp-content\/uploads\/2014\/04\/plan_barranquilla_arup_slide.jpg",642,336,false],"1536x1536":["https:\/\/www.arquimaster.com.ar\/web\/wp-content\/uploads\/2014\/04\/plan_barranquilla_arup_slide.jpg",642,336,false],"2048x2048":["https:\/\/www.arquimaster.com.ar\/web\/wp-content\/uploads\/2014\/04\/plan_barranquilla_arup_slide.jpg",642,336,false]},"uagb_author_info":{"display_name":"Arquimaster","author_link":"https:\/\/www.arquimaster.com.ar\/web\/author\/arquimaster\/"},"uagb_comment_info":0,"uagb_excerpt":"El plan apunta a permitir el crecimiento, manteniendo el centro hist\u00f3rico de la ciudad...","_links":{"self":[{"href":"https:\/\/www.arquimaster.com.ar\/web\/wp-json\/wp\/v2\/posts\/6478","targetHints":{"allow":["GET"]}}],"collection":[{"href":"https:\/\/www.arquimaster.com.ar\/web\/wp-json\/wp\/v2\/posts"}],"about":[{"href":"https:\/\/www.arquimaster.com.ar\/web\/wp-json\/wp\/v2\/types\/post"}],"author":[{"embeddable":true,"href":"https:\/\/www.arquimaster.com.ar\/web\/wp-json\/wp\/v2\/users\/1"}],"replies":[{"embeddable":true,"href":"https:\/\/www.arquimaster.com.ar\/web\/wp-json\/wp\/v2\/comments?post=6478"}],"version-history":[{"count":1,"href":"https:\/\/www.arquimaster.com.ar\/web\/wp-json\/wp\/v2\/posts\/6478\/revisions"}],"predecessor-version":[{"id":88018,"href":"https:\/\/www.arquimaster.com.ar\/web\/wp-json\/wp\/v2\/posts\/6478\/revisions\/88018"}],"wp:featuredmedia":[{"embeddable":true,"href":"https:\/\/www.arquimaster.com.ar\/web\/wp-json\/wp\/v2\/media\/6479"}],"wp:attachment":[{"href":"https:\/\/www.arquimaster.com.ar\/web\/wp-json\/wp\/v2\/media?parent=6478"}],"wp:term":[{"taxonomy":"category","embeddable":true,"href":"https:\/\/www.arquimaster.com.ar\/web\/wp-json\/wp\/v2\/categories?post=6478"},{"taxonomy":"post_tag","embeddable":true,"href":"https:\/\/www.arquimaster.com.ar\/web\/wp-json\/wp\/v2\/tags?post=6478"}],"curies":[{"name":"wp","href":"https:\/\/api.w.org\/{rel}","templated":true}]}}