{"id":64998,"date":"2021-05-10T23:29:00","date_gmt":"2021-05-11T02:29:00","guid":{"rendered":"https:\/\/www.arquimaster.com.ar\/web\/?p=64998"},"modified":"2021-06-02T17:02:34","modified_gmt":"2021-06-02T20:02:34","slug":"unidad-de-vivienda-espacio-3-casa-foa-2021-viviana-melamed","status":"publish","type":"post","link":"https:\/\/www.arquimaster.com.ar\/web\/unidad-de-vivienda-espacio-3-casa-foa-2021-viviana-melamed\/","title":{"rendered":"Unidad de vivienda (Espacio 3 \/ Casa FOA 2021) \/ Viviana Melamed"},"content":{"rendered":"<div style=\"margin-top: 0px; margin-bottom: 0px;\" class=\"sharethis-inline-share-buttons\" ><\/div><div class=\"b812932af2e751442846f039925109de\" data-index=\"1\" style=\"float: none; margin:25px 0 25px 0; text-align:center;\">\n<script async src=\"https:\/\/pagead2.googlesyndication.com\/pagead\/js\/adsbygoogle.js\"><\/script>\r\n<!-- Arquimaster (superior) -->\r\n<ins class=\"adsbygoogle\"\r\n     style=\"display:block\"\r\n     data-ad-client=\"ca-pub-6351072698456832\"\r\n     data-ad-slot=\"6455489680\"\r\n     data-ad-format=\"auto\"\r\n     data-full-width-responsive=\"true\"><\/ins>\r\n<script>\r\n     (adsbygoogle = window.adsbygoogle || []).push({});\r\n<\/script>\n<\/div>\n<p><strong>Unidad de vivienda<\/strong> (Espacio 3 \/ Casa FOA 2021 \/ Experiencia Sat\u00e9lite Puertos) por <strong>Estudio Viviana Melamed<\/strong> (Arq. Viviana Melamed, Arq. Laura Rojas, Arq. Gabriela Ebrase, Arq. Genesis Lepage). En una implantaci\u00f3n de ensue\u00f1o, Casa Lago -as\u00ed llamamos al departamento que nos toc\u00f3 ambientar- se integra naturalmente al paisaje id\u00edlico de la laguna y su inmensidad. Planteado en el umbral de lo urbano y lo natural, nos dejamos llevar por el impacto de la locaci\u00f3n y de los tiempos que corren, permiti\u00e9ndonos dise\u00f1ar un espacio para estar o para \u00abescapar\u00bb.<\/p>\n<div id='gallery-1' class='gallery galleryid-64998 gallery-columns-3 gallery-size-thumbnail'><figure class='gallery-item'>\n\t\t\t<div class='gallery-icon landscape'>\n\t\t\t\t<a href='https:\/\/www.arquimaster.com.ar\/web\/wp-content\/uploads\/2021\/05\/casa_foa_2021_espacio3_1.jpg' title=\"Unidad de vivienda (Espacio 3 \/ Casa FOA 2021) \/ Viviana Melamed (Fotos \u00a9 Casa FOA \/ Gustavo Ressio @estudioressio)\" data-rl_title=\"Unidad de vivienda (Espacio 3 \/ Casa FOA 2021) \/ Viviana Melamed (Fotos \u00a9 Casa FOA \/ Gustavo Ressio @estudioressio)\" class=\"rl-gallery-link\" data-rl_caption=\"Unidad de vivienda (Espacio 3 \/ Casa FOA 2021) \/ Viviana Melamed (Fotos \u00a9 Casa FOA \/ Gustavo Ressio @estudioressio)\" data-rel=\"lightbox-gallery-1\"><img loading=\"lazy\" decoding=\"async\" width=\"150\" height=\"150\" src=\"https:\/\/www.arquimaster.com.ar\/web\/wp-content\/uploads\/2021\/05\/casa_foa_2021_espacio3_1-150x150.jpg\" class=\"attachment-thumbnail size-thumbnail\" alt=\"Unidad de vivienda (Espacio 3 \/ Casa FOA 2021) \/ Viviana Melamed\" aria-describedby=\"gallery-1-65000\" \/><\/a>\n\t\t\t<\/div>\n\t\t\t\t<figcaption class='wp-caption-text gallery-caption' id='gallery-1-65000'>\n\t\t\t\tUnidad de vivienda (Espacio 3 \/ Casa FOA 2021) \/ Viviana Melamed (Fotos \u00a9 Casa FOA \/ Gustavo Ressio @estudioressio)\n\t\t\t\t<\/figcaption><\/figure><figure class='gallery-item'>\n\t\t\t<div class='gallery-icon landscape'>\n\t\t\t\t<a href='https:\/\/www.arquimaster.com.ar\/web\/wp-content\/uploads\/2021\/05\/casa_foa_2021_espacio3_2.jpg' title=\"Unidad de vivienda (Espacio 3 \/ Casa FOA 2021) \/ Viviana Melamed (Fotos \u00a9 Casa FOA \/ Gustavo Ressio @estudioressio)\" data-rl_title=\"Unidad de vivienda (Espacio 3 \/ Casa FOA 2021) \/ Viviana Melamed (Fotos \u00a9 Casa FOA \/ Gustavo Ressio @estudioressio)\" class=\"rl-gallery-link\" data-rl_caption=\"Unidad de vivienda (Espacio 3 \/ Casa FOA 2021) \/ Viviana Melamed (Fotos \u00a9 Casa FOA \/ Gustavo Ressio @estudioressio)\" data-rel=\"lightbox-gallery-1\"><img loading=\"lazy\" decoding=\"async\" width=\"150\" height=\"150\" src=\"https:\/\/www.arquimaster.com.ar\/web\/wp-content\/uploads\/2021\/05\/casa_foa_2021_espacio3_2-150x150.jpg\" class=\"attachment-thumbnail size-thumbnail\" alt=\"Unidad de vivienda (Espacio 3 \/ Casa FOA 2021) \/ Viviana Melamed\" aria-describedby=\"gallery-1-65001\" \/><\/a>\n\t\t\t<\/div>\n\t\t\t\t<figcaption class='wp-caption-text gallery-caption' id='gallery-1-65001'>\n\t\t\t\tUnidad de vivienda (Espacio 3 \/ Casa FOA 2021) \/ Viviana Melamed (Fotos \u00a9 Casa FOA \/ Gustavo Ressio @estudioressio)\n\t\t\t\t<\/figcaption><\/figure><figure class='gallery-item'>\n\t\t\t<div class='gallery-icon landscape'>\n\t\t\t\t<a href='https:\/\/www.arquimaster.com.ar\/web\/wp-content\/uploads\/2021\/05\/casa_foa_2021_espacio3_3.jpg' title=\"Unidad de vivienda (Espacio 3 \/ Casa FOA 2021) \/ Viviana Melamed (Fotos \u00a9 Casa FOA \/ Gustavo Ressio @estudioressio)\" data-rl_title=\"Unidad de vivienda (Espacio 3 \/ Casa FOA 2021) \/ Viviana Melamed (Fotos \u00a9 Casa FOA \/ Gustavo Ressio @estudioressio)\" class=\"rl-gallery-link\" data-rl_caption=\"Unidad de vivienda (Espacio 3 \/ Casa FOA 2021) \/ Viviana Melamed (Fotos \u00a9 Casa FOA \/ Gustavo Ressio @estudioressio)\" data-rel=\"lightbox-gallery-1\"><img loading=\"lazy\" decoding=\"async\" width=\"150\" height=\"150\" src=\"https:\/\/www.arquimaster.com.ar\/web\/wp-content\/uploads\/2021\/05\/casa_foa_2021_espacio3_3-150x150.jpg\" class=\"attachment-thumbnail size-thumbnail\" alt=\"Unidad de vivienda (Espacio 3 \/ Casa FOA 2021) \/ Viviana Melamed\" aria-describedby=\"gallery-1-65002\" \/><\/a>\n\t\t\t<\/div>\n\t\t\t\t<figcaption class='wp-caption-text gallery-caption' id='gallery-1-65002'>\n\t\t\t\tUnidad de vivienda (Espacio 3 \/ Casa FOA 2021) \/ Viviana Melamed (Fotos \u00a9 Casa FOA \/ Gustavo Ressio @estudioressio)\n\t\t\t\t<\/figcaption><\/figure><figure class='gallery-item'>\n\t\t\t<div class='gallery-icon landscape'>\n\t\t\t\t<a href='https:\/\/www.arquimaster.com.ar\/web\/wp-content\/uploads\/2021\/05\/casa_foa_2021_espacio3_4.jpg' title=\"Unidad de vivienda (Espacio 3 \/ Casa FOA 2021) \/ Viviana Melamed (Fotos \u00a9 Casa FOA \/ Gustavo Ressio @estudioressio)\" data-rl_title=\"Unidad de vivienda (Espacio 3 \/ Casa FOA 2021) \/ Viviana Melamed (Fotos \u00a9 Casa FOA \/ Gustavo Ressio @estudioressio)\" class=\"rl-gallery-link\" data-rl_caption=\"Unidad de vivienda (Espacio 3 \/ Casa FOA 2021) \/ Viviana Melamed (Fotos \u00a9 Casa FOA \/ Gustavo Ressio @estudioressio)\" data-rel=\"lightbox-gallery-1\"><img loading=\"lazy\" decoding=\"async\" width=\"150\" height=\"150\" src=\"https:\/\/www.arquimaster.com.ar\/web\/wp-content\/uploads\/2021\/05\/casa_foa_2021_espacio3_4-150x150.jpg\" class=\"attachment-thumbnail size-thumbnail\" alt=\"Unidad de vivienda (Espacio 3 \/ Casa FOA 2021) \/ Viviana Melamed\" aria-describedby=\"gallery-1-65003\" \/><\/a>\n\t\t\t<\/div>\n\t\t\t\t<figcaption class='wp-caption-text gallery-caption' id='gallery-1-65003'>\n\t\t\t\tUnidad de vivienda (Espacio 3 \/ Casa FOA 2021) \/ Viviana Melamed (Fotos \u00a9 Casa FOA \/ Gustavo Ressio @estudioressio)\n\t\t\t\t<\/figcaption><\/figure><figure class='gallery-item'>\n\t\t\t<div class='gallery-icon landscape'>\n\t\t\t\t<a href='https:\/\/www.arquimaster.com.ar\/web\/wp-content\/uploads\/2021\/05\/casa_foa_2021_espacio3_5.jpg' title=\"Unidad de vivienda (Espacio 3 \/ Casa FOA 2021) \/ Viviana Melamed (Fotos \u00a9 Casa FOA \/ Gustavo Ressio @estudioressio)\" data-rl_title=\"Unidad de vivienda (Espacio 3 \/ Casa FOA 2021) \/ Viviana Melamed (Fotos \u00a9 Casa FOA \/ Gustavo Ressio @estudioressio)\" class=\"rl-gallery-link\" data-rl_caption=\"Unidad de vivienda (Espacio 3 \/ Casa FOA 2021) \/ Viviana Melamed (Fotos \u00a9 Casa FOA \/ Gustavo Ressio @estudioressio)\" data-rel=\"lightbox-gallery-1\"><img loading=\"lazy\" decoding=\"async\" width=\"150\" height=\"150\" src=\"https:\/\/www.arquimaster.com.ar\/web\/wp-content\/uploads\/2021\/05\/casa_foa_2021_espacio3_5-150x150.jpg\" class=\"attachment-thumbnail size-thumbnail\" alt=\"Unidad de vivienda (Espacio 3 \/ Casa FOA 2021) \/ Viviana Melamed\" aria-describedby=\"gallery-1-65004\" \/><\/a>\n\t\t\t<\/div>\n\t\t\t\t<figcaption class='wp-caption-text gallery-caption' id='gallery-1-65004'>\n\t\t\t\tUnidad de vivienda (Espacio 3 \/ Casa FOA 2021) \/ Viviana Melamed (Fotos \u00a9 Casa FOA \/ Gustavo Ressio @estudioressio)\n\t\t\t\t<\/figcaption><\/figure><figure class='gallery-item'>\n\t\t\t<div class='gallery-icon landscape'>\n\t\t\t\t<a href='https:\/\/www.arquimaster.com.ar\/web\/wp-content\/uploads\/2021\/05\/casa_foa_2021_espacio3_6.jpg' title=\"Unidad de vivienda (Espacio 3 \/ Casa FOA 2021) \/ Viviana Melamed (Fotos \u00a9 Casa FOA \/ Gustavo Ressio @estudioressio)\" data-rl_title=\"Unidad de vivienda (Espacio 3 \/ Casa FOA 2021) \/ Viviana Melamed (Fotos \u00a9 Casa FOA \/ Gustavo Ressio @estudioressio)\" class=\"rl-gallery-link\" data-rl_caption=\"Unidad de vivienda (Espacio 3 \/ Casa FOA 2021) \/ Viviana Melamed (Fotos \u00a9 Casa FOA \/ Gustavo Ressio @estudioressio)\" data-rel=\"lightbox-gallery-1\"><img loading=\"lazy\" decoding=\"async\" width=\"150\" height=\"150\" src=\"https:\/\/www.arquimaster.com.ar\/web\/wp-content\/uploads\/2021\/05\/casa_foa_2021_espacio3_6-150x150.jpg\" class=\"attachment-thumbnail size-thumbnail\" alt=\"Unidad de vivienda (Espacio 3 \/ Casa FOA 2021) \/ Viviana Melamed\" aria-describedby=\"gallery-1-65005\" \/><\/a>\n\t\t\t<\/div>\n\t\t\t\t<figcaption class='wp-caption-text gallery-caption' id='gallery-1-65005'>\n\t\t\t\tUnidad de vivienda (Espacio 3 \/ Casa FOA 2021) \/ Viviana Melamed (Fotos \u00a9 Casa FOA \/ Gustavo Ressio @estudioressio)\n\t\t\t\t<\/figcaption><\/figure><figure class='gallery-item'>\n\t\t\t<div class='gallery-icon portrait'>\n\t\t\t\t<a href='https:\/\/www.arquimaster.com.ar\/web\/wp-content\/uploads\/2021\/05\/casa_foa_2021_espacio3_7.jpg' title=\"Unidad de vivienda (Espacio 3 \/ Casa FOA 2021) \/ Viviana Melamed (Fotos \u00a9 Casa FOA \/ Gustavo Ressio @estudioressio)\" data-rl_title=\"Unidad de vivienda (Espacio 3 \/ Casa FOA 2021) \/ Viviana Melamed (Fotos \u00a9 Casa FOA \/ Gustavo Ressio @estudioressio)\" class=\"rl-gallery-link\" data-rl_caption=\"Unidad de vivienda (Espacio 3 \/ Casa FOA 2021) \/ Viviana Melamed (Fotos \u00a9 Casa FOA \/ Gustavo Ressio @estudioressio)\" data-rel=\"lightbox-gallery-1\"><img loading=\"lazy\" decoding=\"async\" width=\"150\" height=\"150\" src=\"https:\/\/www.arquimaster.com.ar\/web\/wp-content\/uploads\/2021\/05\/casa_foa_2021_espacio3_7-150x150.jpg\" class=\"attachment-thumbnail size-thumbnail\" alt=\"Unidad de vivienda (Espacio 3 \/ Casa FOA 2021) \/ Viviana Melamed\" aria-describedby=\"gallery-1-65006\" \/><\/a>\n\t\t\t<\/div>\n\t\t\t\t<figcaption class='wp-caption-text gallery-caption' id='gallery-1-65006'>\n\t\t\t\tUnidad de vivienda (Espacio 3 \/ Casa FOA 2021) \/ Viviana Melamed (Fotos \u00a9 Casa FOA \/ Gustavo Ressio @estudioressio)\n\t\t\t\t<\/figcaption><\/figure><figure class='gallery-item'>\n\t\t\t<div class='gallery-icon portrait'>\n\t\t\t\t<a href='https:\/\/www.arquimaster.com.ar\/web\/wp-content\/uploads\/2021\/05\/casa_foa_2021_espacio3_8.jpg' title=\"Unidad de vivienda (Espacio 3 \/ Casa FOA 2021) \/ Viviana Melamed (Fotos \u00a9 Casa FOA \/ Gustavo Ressio @estudioressio)\" data-rl_title=\"Unidad de vivienda (Espacio 3 \/ Casa FOA 2021) \/ Viviana Melamed (Fotos \u00a9 Casa FOA \/ Gustavo Ressio @estudioressio)\" class=\"rl-gallery-link\" data-rl_caption=\"Unidad de vivienda (Espacio 3 \/ Casa FOA 2021) \/ Viviana Melamed (Fotos \u00a9 Casa FOA \/ Gustavo Ressio @estudioressio)\" data-rel=\"lightbox-gallery-1\"><img loading=\"lazy\" decoding=\"async\" width=\"150\" height=\"150\" src=\"https:\/\/www.arquimaster.com.ar\/web\/wp-content\/uploads\/2021\/05\/casa_foa_2021_espacio3_8-150x150.jpg\" class=\"attachment-thumbnail size-thumbnail\" alt=\"Unidad de vivienda (Espacio 3 \/ Casa FOA 2021) \/ Viviana Melamed\" aria-describedby=\"gallery-1-65007\" \/><\/a>\n\t\t\t<\/div>\n\t\t\t\t<figcaption class='wp-caption-text gallery-caption' id='gallery-1-65007'>\n\t\t\t\tUnidad de vivienda (Espacio 3 \/ Casa FOA 2021) \/ Viviana Melamed (Fotos \u00a9 Casa FOA \/ Gustavo Ressio @estudioressio)\n\t\t\t\t<\/figcaption><\/figure><figure class='gallery-item'>\n\t\t\t<div class='gallery-icon portrait'>\n\t\t\t\t<a href='https:\/\/www.arquimaster.com.ar\/web\/wp-content\/uploads\/2021\/05\/casa_foa_2021_espacio3_9.jpg' title=\"Unidad de vivienda (Espacio 3 \/ Casa FOA 2021) \/ Viviana Melamed (Fotos \u00a9 Casa FOA \/ Gustavo Ressio @estudioressio)\" data-rl_title=\"Unidad de vivienda (Espacio 3 \/ Casa FOA 2021) \/ Viviana Melamed (Fotos \u00a9 Casa FOA \/ Gustavo Ressio @estudioressio)\" class=\"rl-gallery-link\" data-rl_caption=\"Unidad de vivienda (Espacio 3 \/ Casa FOA 2021) \/ Viviana Melamed (Fotos \u00a9 Casa FOA \/ Gustavo Ressio @estudioressio)\" data-rel=\"lightbox-gallery-1\"><img loading=\"lazy\" decoding=\"async\" width=\"150\" height=\"150\" src=\"https:\/\/www.arquimaster.com.ar\/web\/wp-content\/uploads\/2021\/05\/casa_foa_2021_espacio3_9-150x150.jpg\" class=\"attachment-thumbnail size-thumbnail\" alt=\"Unidad de vivienda (Espacio 3 \/ Casa FOA 2021) \/ Viviana Melamed\" aria-describedby=\"gallery-1-65008\" \/><\/a>\n\t\t\t<\/div>\n\t\t\t\t<figcaption class='wp-caption-text gallery-caption' id='gallery-1-65008'>\n\t\t\t\tUnidad de vivienda (Espacio 3 \/ Casa FOA 2021) \/ Viviana Melamed (Fotos \u00a9 Casa FOA \/ Gustavo Ressio @estudioressio)\n\t\t\t\t<\/figcaption><\/figure><figure class='gallery-item'>\n\t\t\t<div class='gallery-icon landscape'>\n\t\t\t\t<a href='https:\/\/www.arquimaster.com.ar\/web\/wp-content\/uploads\/2021\/05\/casa_foa_2021_espacio3_10.jpg' title=\"Unidad de vivienda (Espacio 3 \/ Casa FOA 2021) \/ Viviana Melamed (Fotos \u00a9 Casa FOA \/ Gustavo Ressio @estudioressio)\" data-rl_title=\"Unidad de vivienda (Espacio 3 \/ Casa FOA 2021) \/ Viviana Melamed (Fotos \u00a9 Casa FOA \/ Gustavo Ressio @estudioressio)\" class=\"rl-gallery-link\" data-rl_caption=\"Unidad de vivienda (Espacio 3 \/ Casa FOA 2021) \/ Viviana Melamed (Fotos \u00a9 Casa FOA \/ Gustavo Ressio @estudioressio)\" data-rel=\"lightbox-gallery-1\"><img loading=\"lazy\" decoding=\"async\" width=\"150\" height=\"150\" src=\"https:\/\/www.arquimaster.com.ar\/web\/wp-content\/uploads\/2021\/05\/casa_foa_2021_espacio3_10-150x150.jpg\" class=\"attachment-thumbnail size-thumbnail\" alt=\"Unidad de vivienda (Espacio 3 \/ Casa FOA 2021) \/ Viviana Melamed\" aria-describedby=\"gallery-1-65009\" \/><\/a>\n\t\t\t<\/div>\n\t\t\t\t<figcaption class='wp-caption-text gallery-caption' id='gallery-1-65009'>\n\t\t\t\tUnidad de vivienda (Espacio 3 \/ Casa FOA 2021) \/ Viviana Melamed (Fotos \u00a9 Casa FOA \/ Gustavo Ressio @estudioressio)\n\t\t\t\t<\/figcaption><\/figure><figure class='gallery-item'>\n\t\t\t<div class='gallery-icon landscape'>\n\t\t\t\t<a href='https:\/\/www.arquimaster.com.ar\/web\/wp-content\/uploads\/2021\/05\/casa_foa_2021_espacio3_11.jpg' title=\"Unidad de vivienda (Espacio 3 \/ Casa FOA 2021) \/ Viviana Melamed (Fotos \u00a9 Casa FOA \/ Gustavo Ressio @estudioressio)\" data-rl_title=\"Unidad de vivienda (Espacio 3 \/ Casa FOA 2021) \/ Viviana Melamed (Fotos \u00a9 Casa FOA \/ Gustavo Ressio @estudioressio)\" class=\"rl-gallery-link\" data-rl_caption=\"Unidad de vivienda (Espacio 3 \/ Casa FOA 2021) \/ Viviana Melamed (Fotos \u00a9 Casa FOA \/ Gustavo Ressio @estudioressio)\" data-rel=\"lightbox-gallery-1\"><img loading=\"lazy\" decoding=\"async\" width=\"150\" height=\"150\" src=\"https:\/\/www.arquimaster.com.ar\/web\/wp-content\/uploads\/2021\/05\/casa_foa_2021_espacio3_11-150x150.jpg\" class=\"attachment-thumbnail size-thumbnail\" alt=\"Unidad de vivienda (Espacio 3 \/ Casa FOA 2021) \/ Viviana Melamed\" aria-describedby=\"gallery-1-65010\" \/><\/a>\n\t\t\t<\/div>\n\t\t\t\t<figcaption class='wp-caption-text gallery-caption' id='gallery-1-65010'>\n\t\t\t\tUnidad de vivienda (Espacio 3 \/ Casa FOA 2021) \/ Viviana Melamed (Fotos \u00a9 Casa FOA \/ Gustavo Ressio @estudioressio)\n\t\t\t\t<\/figcaption><\/figure><figure class='gallery-item'>\n\t\t\t<div class='gallery-icon landscape'>\n\t\t\t\t<a href='https:\/\/www.arquimaster.com.ar\/web\/wp-content\/uploads\/2021\/05\/casa_foa_2021_espacio3_12.jpg' title=\"Unidad de vivienda (Espacio 3 \/ Casa FOA 2021) \/ Viviana Melamed (Fotos \u00a9 Casa FOA \/ Gustavo Ressio @estudioressio)\" data-rl_title=\"Unidad de vivienda (Espacio 3 \/ Casa FOA 2021) \/ Viviana Melamed (Fotos \u00a9 Casa FOA \/ Gustavo Ressio @estudioressio)\" class=\"rl-gallery-link\" data-rl_caption=\"Unidad de vivienda (Espacio 3 \/ Casa FOA 2021) \/ Viviana Melamed (Fotos \u00a9 Casa FOA \/ Gustavo Ressio @estudioressio)\" data-rel=\"lightbox-gallery-1\"><img loading=\"lazy\" decoding=\"async\" width=\"150\" height=\"150\" src=\"https:\/\/www.arquimaster.com.ar\/web\/wp-content\/uploads\/2021\/05\/casa_foa_2021_espacio3_12-150x150.jpg\" class=\"attachment-thumbnail size-thumbnail\" alt=\"Unidad de vivienda (Espacio 3 \/ Casa FOA 2021) \/ Viviana Melamed\" aria-describedby=\"gallery-1-65011\" \/><\/a>\n\t\t\t<\/div>\n\t\t\t\t<figcaption class='wp-caption-text gallery-caption' id='gallery-1-65011'>\n\t\t\t\tUnidad de vivienda (Espacio 3 \/ Casa FOA 2021) \/ Viviana Melamed (Fotos \u00a9 Casa FOA \/ Gustavo Ressio @estudioressio)\n\t\t\t\t<\/figcaption><\/figure>\n\t\t<\/div>\n\n<p>Un espacio claro, liviano, abierto, sostenible, integrado pero divisible, trabajado con paneles corredizos espejados que al cerrarse multiplican los reflejos del agua y el verde, pero que tambi\u00e9n pueden desaparecer dentro del mobiliario y permitir la integraci\u00f3n del espacio y las vistas 360\u00ba.<\/p>\n<p>Reflejos, texturas, materialidades sinceras, org\u00e1nicas, naturales, sofisticadas, de alta calidad. Con filtros espaciales y lum\u00ednicos. Muy tecnol\u00f3gico, domotizado, controlando todas las operaciones diarias haciendo uso de la tecnolog\u00eda actual.<\/p>\n<p>M\u00e1s con menos: actuamos responsablemente con el planeta, evolucionando creativamente. Menos material, nada de desperdicio y ahorro de energ\u00eda, sin abandonar en el proceso el desempe\u00f1o, la calidad y la belleza. Un \u00abm\u00e1s\u00bb eficiente y cr\u00edtico en un acercamiento que impacta en el coraz\u00f3n del proyecto.<\/p>\n<div id='gallery-2' class='gallery galleryid-64998 gallery-columns-3 gallery-size-thumbnail'><figure class='gallery-item'>\n\t\t\t<div class='gallery-icon landscape'>\n\t\t\t\t<a href='https:\/\/www.arquimaster.com.ar\/web\/wp-content\/uploads\/2021\/05\/casa_foa_2021_espacio3_13.jpg' title=\"Unidad de vivienda (Espacio 3 \/ Casa FOA 2021) \/ Viviana Melamed (Fotos \u00a9 Casa FOA \/ Gustavo Ressio @estudioressio)\" data-rl_title=\"Unidad de vivienda (Espacio 3 \/ Casa FOA 2021) \/ Viviana Melamed (Fotos \u00a9 Casa FOA \/ Gustavo Ressio @estudioressio)\" class=\"rl-gallery-link\" data-rl_caption=\"Unidad de vivienda (Espacio 3 \/ Casa FOA 2021) \/ Viviana Melamed (Fotos \u00a9 Casa FOA \/ Gustavo Ressio @estudioressio)\" data-rel=\"lightbox-gallery-2\"><img loading=\"lazy\" decoding=\"async\" width=\"150\" height=\"150\" src=\"https:\/\/www.arquimaster.com.ar\/web\/wp-content\/uploads\/2021\/05\/casa_foa_2021_espacio3_13-150x150.jpg\" class=\"attachment-thumbnail size-thumbnail\" alt=\"Unidad de vivienda (Espacio 3 \/ Casa FOA 2021) \/ Viviana Melamed\" aria-describedby=\"gallery-2-65012\" \/><\/a>\n\t\t\t<\/div>\n\t\t\t\t<figcaption class='wp-caption-text gallery-caption' id='gallery-2-65012'>\n\t\t\t\tUnidad de vivienda (Espacio 3 \/ Casa FOA 2021) \/ Viviana Melamed (Fotos \u00a9 Casa FOA \/ Gustavo Ressio @estudioressio)\n\t\t\t\t<\/figcaption><\/figure><figure class='gallery-item'>\n\t\t\t<div class='gallery-icon landscape'>\n\t\t\t\t<a href='https:\/\/www.arquimaster.com.ar\/web\/wp-content\/uploads\/2021\/05\/casa_foa_2021_espacio3_14.jpg' title=\"Unidad de vivienda (Espacio 3 \/ Casa FOA 2021) \/ Viviana Melamed (Fotos \u00a9 Casa FOA \/ Gustavo Ressio @estudioressio)\" data-rl_title=\"Unidad de vivienda (Espacio 3 \/ Casa FOA 2021) \/ Viviana Melamed (Fotos \u00a9 Casa FOA \/ Gustavo Ressio @estudioressio)\" class=\"rl-gallery-link\" data-rl_caption=\"Unidad de vivienda (Espacio 3 \/ Casa FOA 2021) \/ Viviana Melamed (Fotos \u00a9 Casa FOA \/ Gustavo Ressio @estudioressio)\" data-rel=\"lightbox-gallery-2\"><img loading=\"lazy\" decoding=\"async\" width=\"150\" height=\"150\" src=\"https:\/\/www.arquimaster.com.ar\/web\/wp-content\/uploads\/2021\/05\/casa_foa_2021_espacio3_14-150x150.jpg\" class=\"attachment-thumbnail size-thumbnail\" alt=\"Unidad de vivienda (Espacio 3 \/ Casa FOA 2021) \/ Viviana Melamed\" aria-describedby=\"gallery-2-65013\" \/><\/a>\n\t\t\t<\/div>\n\t\t\t\t<figcaption class='wp-caption-text gallery-caption' id='gallery-2-65013'>\n\t\t\t\tUnidad de vivienda (Espacio 3 \/ Casa FOA 2021) \/ Viviana Melamed (Fotos \u00a9 Casa FOA \/ Gustavo Ressio @estudioressio)\n\t\t\t\t<\/figcaption><\/figure><figure class='gallery-item'>\n\t\t\t<div class='gallery-icon portrait'>\n\t\t\t\t<a href='https:\/\/www.arquimaster.com.ar\/web\/wp-content\/uploads\/2021\/05\/casa_foa_2021_espacio3_15.jpg' title=\"Unidad de vivienda (Espacio 3 \/ Casa FOA 2021) \/ Viviana Melamed (Fotos \u00a9 Casa FOA \/ Gustavo Ressio @estudioressio)\" data-rl_title=\"Unidad de vivienda (Espacio 3 \/ Casa FOA 2021) \/ Viviana Melamed (Fotos \u00a9 Casa FOA \/ Gustavo Ressio @estudioressio)\" class=\"rl-gallery-link\" data-rl_caption=\"Unidad de vivienda (Espacio 3 \/ Casa FOA 2021) \/ Viviana Melamed (Fotos \u00a9 Casa FOA \/ Gustavo Ressio @estudioressio)\" data-rel=\"lightbox-gallery-2\"><img loading=\"lazy\" decoding=\"async\" width=\"150\" height=\"150\" src=\"https:\/\/www.arquimaster.com.ar\/web\/wp-content\/uploads\/2021\/05\/casa_foa_2021_espacio3_15-150x150.jpg\" class=\"attachment-thumbnail size-thumbnail\" alt=\"Unidad de vivienda (Espacio 3 \/ Casa FOA 2021) \/ Viviana Melamed\" aria-describedby=\"gallery-2-65014\" \/><\/a>\n\t\t\t<\/div>\n\t\t\t\t<figcaption class='wp-caption-text gallery-caption' id='gallery-2-65014'>\n\t\t\t\tUnidad de vivienda (Espacio 3 \/ Casa FOA 2021) \/ Viviana Melamed (Fotos \u00a9 Casa FOA \/ Gustavo Ressio @estudioressio)\n\t\t\t\t<\/figcaption><\/figure><figure class='gallery-item'>\n\t\t\t<div class='gallery-icon landscape'>\n\t\t\t\t<a href='https:\/\/www.arquimaster.com.ar\/web\/wp-content\/uploads\/2021\/05\/casa_foa_2021_espacio3_16.jpg' title=\"Unidad de vivienda (Espacio 3 \/ Casa FOA 2021) \/ Viviana Melamed (Fotos \u00a9 Casa FOA \/ Gustavo Ressio @estudioressio)\" data-rl_title=\"Unidad de vivienda (Espacio 3 \/ Casa FOA 2021) \/ Viviana Melamed (Fotos \u00a9 Casa FOA \/ Gustavo Ressio @estudioressio)\" class=\"rl-gallery-link\" data-rl_caption=\"Unidad de vivienda (Espacio 3 \/ Casa FOA 2021) \/ Viviana Melamed (Fotos \u00a9 Casa FOA \/ Gustavo Ressio @estudioressio)\" data-rel=\"lightbox-gallery-2\"><img loading=\"lazy\" decoding=\"async\" width=\"150\" height=\"150\" src=\"https:\/\/www.arquimaster.com.ar\/web\/wp-content\/uploads\/2021\/05\/casa_foa_2021_espacio3_16-150x150.jpg\" class=\"attachment-thumbnail size-thumbnail\" alt=\"Unidad de vivienda (Espacio 3 \/ Casa FOA 2021) \/ Viviana Melamed\" aria-describedby=\"gallery-2-65020\" \/><\/a>\n\t\t\t<\/div>\n\t\t\t\t<figcaption class='wp-caption-text gallery-caption' id='gallery-2-65020'>\n\t\t\t\tUnidad de vivienda (Espacio 3 \/ Casa FOA 2021) \/ Viviana Melamed (Fotos \u00a9 Casa FOA \/ Gustavo Ressio @estudioressio)\n\t\t\t\t<\/figcaption><\/figure><figure class='gallery-item'>\n\t\t\t<div class='gallery-icon portrait'>\n\t\t\t\t<a href='https:\/\/www.arquimaster.com.ar\/web\/wp-content\/uploads\/2021\/05\/casa_foa_2021_espacio3_17.jpg' title=\"Unidad de vivienda (Espacio 3 \/ Casa FOA 2021) \/ Viviana Melamed (Fotos \u00a9 Casa FOA \/ Gustavo Ressio @estudioressio)\" data-rl_title=\"Unidad de vivienda (Espacio 3 \/ Casa FOA 2021) \/ Viviana Melamed (Fotos \u00a9 Casa FOA \/ Gustavo Ressio @estudioressio)\" class=\"rl-gallery-link\" data-rl_caption=\"Unidad de vivienda (Espacio 3 \/ Casa FOA 2021) \/ Viviana Melamed (Fotos \u00a9 Casa FOA \/ Gustavo Ressio @estudioressio)\" data-rel=\"lightbox-gallery-2\"><img loading=\"lazy\" decoding=\"async\" width=\"150\" height=\"150\" src=\"https:\/\/www.arquimaster.com.ar\/web\/wp-content\/uploads\/2021\/05\/casa_foa_2021_espacio3_17-150x150.jpg\" class=\"attachment-thumbnail size-thumbnail\" alt=\"Unidad de vivienda (Espacio 3 \/ Casa FOA 2021) \/ Viviana Melamed\" aria-describedby=\"gallery-2-65015\" \/><\/a>\n\t\t\t<\/div>\n\t\t\t\t<figcaption class='wp-caption-text gallery-caption' id='gallery-2-65015'>\n\t\t\t\tUnidad de vivienda (Espacio 3 \/ Casa FOA 2021) \/ Viviana Melamed (Fotos \u00a9 Casa FOA \/ Gustavo Ressio @estudioressio)\n\t\t\t\t<\/figcaption><\/figure><figure class='gallery-item'>\n\t\t\t<div class='gallery-icon portrait'>\n\t\t\t\t<a href='https:\/\/www.arquimaster.com.ar\/web\/wp-content\/uploads\/2021\/05\/casa_foa_2021_espacio3_18.jpg' title=\"Unidad de vivienda (Espacio 3 \/ Casa FOA 2021) \/ Viviana Melamed (Fotos \u00a9 Casa FOA \/ Gustavo Ressio @estudioressio)\" data-rl_title=\"Unidad de vivienda (Espacio 3 \/ Casa FOA 2021) \/ Viviana Melamed (Fotos \u00a9 Casa FOA \/ Gustavo Ressio @estudioressio)\" class=\"rl-gallery-link\" data-rl_caption=\"Unidad de vivienda (Espacio 3 \/ Casa FOA 2021) \/ Viviana Melamed (Fotos \u00a9 Casa FOA \/ Gustavo Ressio @estudioressio)\" data-rel=\"lightbox-gallery-2\"><img loading=\"lazy\" decoding=\"async\" width=\"150\" height=\"150\" src=\"https:\/\/www.arquimaster.com.ar\/web\/wp-content\/uploads\/2021\/05\/casa_foa_2021_espacio3_18-150x150.jpg\" class=\"attachment-thumbnail size-thumbnail\" alt=\"Unidad de vivienda (Espacio 3 \/ Casa FOA 2021) \/ Viviana Melamed\" aria-describedby=\"gallery-2-65016\" \/><\/a>\n\t\t\t<\/div>\n\t\t\t\t<figcaption class='wp-caption-text gallery-caption' id='gallery-2-65016'>\n\t\t\t\tUnidad de vivienda (Espacio 3 \/ Casa FOA 2021) \/ Viviana Melamed (Fotos \u00a9 Casa FOA \/ Gustavo Ressio @estudioressio)\n\t\t\t\t<\/figcaption><\/figure><figure class='gallery-item'>\n\t\t\t<div class='gallery-icon portrait'>\n\t\t\t\t<a href='https:\/\/www.arquimaster.com.ar\/web\/wp-content\/uploads\/2021\/05\/casa_foa_2021_espacio3_19.jpg' title=\"Unidad de vivienda (Espacio 3 \/ Casa FOA 2021) \/ Viviana Melamed (Fotos \u00a9 Casa FOA \/ Gustavo Ressio @estudioressio)\" data-rl_title=\"Unidad de vivienda (Espacio 3 \/ Casa FOA 2021) \/ Viviana Melamed (Fotos \u00a9 Casa FOA \/ Gustavo Ressio @estudioressio)\" class=\"rl-gallery-link\" data-rl_caption=\"Unidad de vivienda (Espacio 3 \/ Casa FOA 2021) \/ Viviana Melamed (Fotos \u00a9 Casa FOA \/ Gustavo Ressio @estudioressio)\" data-rel=\"lightbox-gallery-2\"><img loading=\"lazy\" decoding=\"async\" width=\"150\" height=\"150\" src=\"https:\/\/www.arquimaster.com.ar\/web\/wp-content\/uploads\/2021\/05\/casa_foa_2021_espacio3_19-150x150.jpg\" class=\"attachment-thumbnail size-thumbnail\" alt=\"Unidad de vivienda (Espacio 3 \/ Casa FOA 2021) \/ Viviana Melamed\" aria-describedby=\"gallery-2-65017\" \/><\/a>\n\t\t\t<\/div>\n\t\t\t\t<figcaption class='wp-caption-text gallery-caption' id='gallery-2-65017'>\n\t\t\t\tUnidad de vivienda (Espacio 3 \/ Casa FOA 2021) \/ Viviana Melamed (Fotos \u00a9 Casa FOA \/ Gustavo Ressio @estudioressio)\n\t\t\t\t<\/figcaption><\/figure><figure class='gallery-item'>\n\t\t\t<div class='gallery-icon landscape'>\n\t\t\t\t<a href='https:\/\/www.arquimaster.com.ar\/web\/wp-content\/uploads\/2021\/05\/casa_foa_2021_espacio3_20.jpg' title=\"Unidad de vivienda (Espacio 3 \/ Casa FOA 2021) \/ Viviana Melamed (Fotos \u00a9 Casa FOA \/ Gustavo Ressio @estudioressio)\" data-rl_title=\"Unidad de vivienda (Espacio 3 \/ Casa FOA 2021) \/ Viviana Melamed (Fotos \u00a9 Casa FOA \/ Gustavo Ressio @estudioressio)\" class=\"rl-gallery-link\" data-rl_caption=\"Unidad de vivienda (Espacio 3 \/ Casa FOA 2021) \/ Viviana Melamed (Fotos \u00a9 Casa FOA \/ Gustavo Ressio @estudioressio)\" data-rel=\"lightbox-gallery-2\"><img loading=\"lazy\" decoding=\"async\" width=\"150\" height=\"150\" src=\"https:\/\/www.arquimaster.com.ar\/web\/wp-content\/uploads\/2021\/05\/casa_foa_2021_espacio3_20-150x150.jpg\" class=\"attachment-thumbnail size-thumbnail\" alt=\"Unidad de vivienda (Espacio 3 \/ Casa FOA 2021) \/ Viviana Melamed\" aria-describedby=\"gallery-2-65018\" \/><\/a>\n\t\t\t<\/div>\n\t\t\t\t<figcaption class='wp-caption-text gallery-caption' id='gallery-2-65018'>\n\t\t\t\tUnidad de vivienda (Espacio 3 \/ Casa FOA 2021) \/ Viviana Melamed (Fotos \u00a9 Casa FOA \/ Gustavo Ressio @estudioressio)\n\t\t\t\t<\/figcaption><\/figure><figure class='gallery-item'>\n\t\t\t<div class='gallery-icon landscape'>\n\t\t\t\t<a href='https:\/\/www.arquimaster.com.ar\/web\/wp-content\/uploads\/2021\/05\/casa_foa_2021_espacio3_21.jpg' title=\"Unidad de vivienda (Espacio 3 \/ Casa FOA 2021) \/ Viviana Melamed (Fotos \u00a9 Casa FOA \/ Gustavo Ressio @estudioressio)\" data-rl_title=\"Unidad de vivienda (Espacio 3 \/ Casa FOA 2021) \/ Viviana Melamed (Fotos \u00a9 Casa FOA \/ Gustavo Ressio @estudioressio)\" class=\"rl-gallery-link\" data-rl_caption=\"Unidad de vivienda (Espacio 3 \/ Casa FOA 2021) \/ Viviana Melamed (Fotos \u00a9 Casa FOA \/ Gustavo Ressio @estudioressio)\" data-rel=\"lightbox-gallery-2\"><img loading=\"lazy\" decoding=\"async\" width=\"150\" height=\"150\" src=\"https:\/\/www.arquimaster.com.ar\/web\/wp-content\/uploads\/2021\/05\/casa_foa_2021_espacio3_21-150x150.jpg\" class=\"attachment-thumbnail size-thumbnail\" alt=\"Unidad de vivienda (Espacio 3 \/ Casa FOA 2021) \/ Viviana Melamed\" aria-describedby=\"gallery-2-65019\" \/><\/a>\n\t\t\t<\/div>\n\t\t\t\t<figcaption class='wp-caption-text gallery-caption' id='gallery-2-65019'>\n\t\t\t\tUnidad de vivienda (Espacio 3 \/ Casa FOA 2021) \/ Viviana Melamed (Fotos \u00a9 Casa FOA \/ Gustavo Ressio @estudioressio)\n\t\t\t\t<\/figcaption><\/figure>\n\t\t<\/div>\n\n<p>El espacio se organiza en \u00e1reas entrelazadas: expansi\u00f3n, estar, comer, cocinar, dormir, vestirse y de bienestar. Todas hablan un mismo lenguaje de materiales nobles y claros. Una gran biblioteca enfrenta la laguna y se pliega para alojar el \u00e1rea de cocina. Tres paneles espejados aparecen o desaparecen como filtros flexibles.<\/p>\n<p>La caja contenedora de todas estas funciones es pura, columnas de hormig\u00f3n armado a la vista y cielorrasos continuidad interior-exterior.<\/p>\n<p><strong>Materiales y terminaciones<\/strong><br \/>\nLos ba\u00f1os fueron pintados l\u00e1tex Alba color Carbonilla Claro. Paredes en parte definidas por el mobiliario de Dwell para Matriz Design en melamina Helsinki de Faplac y el resto endu\u00eddas y pintadas en satinol de Alba color Telara\u00f1a.<\/p>\n<p>Usamos un mismo piso para el \u00e1rea interior, porcellanatto 80&#215;80 Liscio Ivory Out de Vite, en la gran expansi\u00f3n exterior, porcellanato Murata de Vite 20&#215;120 que tambi\u00e9n reviste una de las paredes.<\/p>\n<p>Silestone Eternal Pearl Jasmin en el \u00e1rea de preparaci\u00f3n de la cocina de Canteras del Mundo. Dekton Bergen Stonika en las mesadas de ambos ba\u00f1os. Cuarcita en las tapas del mobiliario de exterior.<\/p>\n<p>Una gran innovaci\u00f3n de la propuesta para este departamento es la iluminaci\u00f3n y su control. De la mano de Cronolait + World Leds Go proponemos una innovaci\u00f3n en el modo de concebir la iluminaci\u00f3n, creando un mood para cada momento, y controlando flujos de aire, motores de cortinas y m\u00e1s.<\/p>\n<p>En los ba\u00f1os, sanitarios Roca, revestimientos de madera y vinilum Patagonia Flooring, vidrios VIIO. Los artefactos de iluminaci\u00f3n t\u00e9cnica de World Leds Go, los decorativos de Boutique de Luz.<\/p>\n<p>En el vestidor combinamos espejos color de VIIO para Cristal Dise\u00f1o, y el armado en melamina Street de Faplac por Dwell.<\/p>\n<p>Todo el mobiliario es de Matriz Design, empresa argentina de producci\u00f3n de muebles de alta gama para residencias, hoteles y desarrollos inmobiliarios, presentando en esta Experiencia Sat\u00e9lite la Colecci\u00f3n 2021 junto a piezas de sus atemporales colecciones pasadas.<\/p>\n<p>Tapizado en telas de fibras 100% naturales, linos, rafias, jacquards de Rafias Pri, con maderas roble avorio y casta\u00f1o ahumado de Lussich, muebles de cocina, vestidor, biblioteca de Dwell, carpetas de Rugit, acentos de Egido, vidrios y espejos de VIIO por Cristal Dise\u00f1o, marmoler\u00eda Cervaiole.<\/p>\n<p>Privilegiando el bienestar continuo, el respirar, dispusimos un sector en el dormitorio para el nuevo desarrollo de Blink Wellness &amp; Yoga. Un espaldar de secciones el\u00edpticas de madera lustre gris y los elementos para la pr\u00e1ctica de yoga de madera lustre olivo.<\/p>\n<p><strong>Contacto<\/strong><br \/>\nEstudio Viviana Melamed<br \/>\nViviana Melamed, arquitecta MDI<br \/>\nLaura Rojas, arquitecta<br \/>\nGabriela Ebrase, arquitecta<br \/>\nGenesis Lepage, arquitecta<br \/>\ninfo@vivianamelamed.com.ar<br \/>\n<a href=\"http:\/\/www.vivianamelamed.com.ar\/\" target=\"_blank\" rel=\"noopener\">http:\/\/www.vivianamelamed.com.ar<\/a><br \/>\nFacebook: estudio viviana melamed<br \/>\nInstagram: estudio viviana melamed<\/p>\n<p><strong>Visitar espacio en Casa FOA<\/strong><br \/>\n<a href=\"https:\/\/www.casafoa.com\" target=\"_blank\" rel=\"noopener\">https:\/\/www.casafoa.com<\/a><\/p>\n<p><strong>Fotos<\/strong><br \/>\nGentileza Casa FOA \/ Gustavo Ressio @estudioressio<\/p>\n<p><strong>De la colecci\u00f3n 2021 Matriz Design<\/strong><br \/>\nSofa y chaise longe Harris, mesa baja Lagos, mesas Scott Outdoor, mesa Tippet, mesa Alara, sillas Reni, cama Nap, mesas de noche Serena, mesa alta Han, banquetas altas Balta, sill\u00f3n Park con posapi\u00e9s, escritorio Trevor, banquito Little.<\/p>\n<p><strong>Sponsor del espacio<\/strong><br \/>\nMatriz Design<\/p>\n<p><strong>Productos de los Sponsors Oficiales de Experiencia Sat\u00e9lite Casa FOA que vas a encontrar en este espacio<\/strong><br \/>\nAlba: Albaplast endu\u00eddo interior, Fijador sellador al agua, Satinol Esmalte Balance. Colores: Telara\u00f1a y Carbonilla Claro. Duralba Acr\u00edlico Total. Color Carbonilla Claro.<br \/>\nRoca: Grifer\u00eda de cocina Syra. En ba\u00f1o principal: Inodoro Inspira, bacha Beyond, Plato de ducha Neo Daiquiri, grifer\u00eda Iconia. En toilette: inodoro Hall, bacha Hall y grifer\u00eda L20.<br \/>\nCanteras del Mundo: Cuarcita Adamantium.<br \/>\nDekton: Color Bergen.<br \/>\nPatagonia Flooring: Revestimiento de pared Vinilum Ash Oak Proa 3\/8&#215;7.<br \/>\nJohnson Acero: Pileta Q55 A (pr\u00f3ximo lanzamiento).<br \/>\nLongvie: Anafe modelo A6600GF.<br \/>\nKlaukol: Adhesivo Klaukol Flex y pastinas Klaukol Performance.<br \/>\nRielamericano: Cortinas Tecnoroll Automatizada.<br \/>\nFaplac: Melaminas Helsinki, Tribal y Street.<br \/>\nAtrim: Z\u00f3calo EPS Square.<br \/>\nR\u00edo Uruguay Seguros.<br \/>\nRosen: Colch\u00f3n Deco, Almohada soft Plus y s\u00e1banas Urban.<br \/>\nSilestone: Color Jasmine.<br \/>\nVite Porcellanato: Piso porcellanato Liscio Ivory Out y Murata.<\/p>\n<p><strong>Colaboradores<\/strong><br \/>\nCronolait, dom\u00f3tica<br \/>\nWLG, world leds go<br \/>\nCristal Dise\u00f1o, vidrios cristales a medida<br \/>\nLusich e Hijos, maderas<br \/>\nDwell, cocinas<br \/>\nRugit Alfombras<br \/>\nMarina Herbst, fotograf\u00edas decorativas<br \/>\nVicky Pelaez, curadur\u00eda<br \/>\nQuintana Casa, arte y objetos<br \/>\nJorge Sarsale, artista pl\u00e1stico<br \/>\nEspalma, ropa blanca<br \/>\nCervaiole, marmoleria<br \/>\nDucasse Industrial Atlantica SA<br \/>\nEgido<br \/>\nBoutique de Luz, iluminaci\u00f3n<br \/>\nRafias Pri Sim, textiles<br \/>\nOule, aromas<br \/>\nMatriz Wellness, elementos de bienestar<br \/>\nVeronica Barg, cer\u00e1micas<br \/>\nTaschen books<br \/>\nEstudio Oliva, Paisajismo<br \/>\nBauform<br \/>\nHus Concept<br \/>\nHermanas Caradonti<br \/>\nVIIO, Vidrios decorativos<br \/>\nCopelsa SA, empresa constructora<br \/>\nDAC Maderas<br \/>\nAndres Negroni, fot\u00f3grafo<\/p>\n\n<div style=\"font-size: 0px; height: 0px; line-height: 0px; margin: 0; padding: 0; clear: both;\"><\/div><div style=\"margin-top: 0px; margin-bottom: 0px;\" class=\"sharethis-inline-share-buttons\" ><\/div>","protected":false},"excerpt":{"rendered":"<p>Un espacio claro, liviano, abierto, sostenible, integrado pero divisible con paneles&#8230;<\/p>\n","protected":false},"author":1,"featured_media":64999,"comment_status":"closed","ping_status":"closed","sticky":false,"template":"","format":"standard","meta":{"_uag_custom_page_level_css":"","footnotes":""},"categories":[7111,55],"tags":[2066,6282,249,38,2718,7109,4005,1108,4241,5427,2719,254],"class_list":["post-64998","post","type-post","status-publish","format-standard","has-post-thumbnail","hentry","category-casa-foa-2021","category-diseno","tag-casa-foa","tag-casa-foa-2021","tag-departamento","tag-diseno-interior","tag-estudio-viviana-melamed","tag-experiencia-satelite-puertos","tag-matrizdesign","tag-muestras","tag-puertos-lago","tag-puertos-escobar","tag-viviana-melamed","tag-vivienda-unifamiliar-2","generate-columns","tablet-grid-50","mobile-grid-100","grid-parent","grid-50"],"yoast_head":"<!-- This site is optimized with the Yoast SEO plugin v27.3 - https:\/\/yoast.com\/product\/yoast-seo-wordpress\/ -->\n<title>Unidad de vivienda (Espacio 3 \/ Casa FOA 2021) \/ Viviana Melamed - Arquimaster<\/title>\n<meta name=\"description\" content=\"Un espacio claro, liviano, abierto, sostenible, integrado pero divisible, trabajado con paneles corredizos espejados.\" \/>\n<meta name=\"robots\" content=\"index, follow, max-snippet:-1, max-image-preview:large, max-video-preview:-1\" \/>\n<link rel=\"canonical\" href=\"https:\/\/www.arquimaster.com.ar\/web\/unidad-de-vivienda-espacio-3-casa-foa-2021-viviana-melamed\/\" \/>\n<meta property=\"og:locale\" content=\"es_ES\" \/>\n<meta property=\"og:type\" content=\"article\" \/>\n<meta property=\"og:title\" content=\"Unidad de vivienda (Espacio 3 \/ Casa FOA 2021) \/ Viviana Melamed\" \/>\n<meta property=\"og:description\" content=\"Un espacio claro, liviano, abierto, sostenible, integrado pero divisible, trabajado con paneles corredizos espejados.\" \/>\n<meta property=\"og:url\" content=\"https:\/\/www.arquimaster.com.ar\/web\/unidad-de-vivienda-espacio-3-casa-foa-2021-viviana-melamed\/\" \/>\n<meta property=\"og:site_name\" content=\"Arquimaster\" \/>\n<meta property=\"article:publisher\" content=\"http:\/\/www.facebook.com\/ARQUIMASTER.com.ar\" \/>\n<meta property=\"article:published_time\" content=\"2021-05-11T02:29:00+00:00\" \/>\n<meta property=\"article:modified_time\" content=\"2021-06-02T20:02:34+00:00\" \/>\n<meta property=\"og:image\" content=\"https:\/\/www.arquimaster.com.ar\/web\/wp-content\/uploads\/2021\/05\/casa_foa_2021_espacio3_slide.jpg\" \/>\n\t<meta property=\"og:image:width\" content=\"698\" \/>\n\t<meta property=\"og:image:height\" content=\"364\" \/>\n\t<meta property=\"og:image:type\" content=\"image\/jpeg\" \/>\n<meta name=\"author\" content=\"Arquimaster\" \/>\n<meta name=\"twitter:card\" content=\"summary_large_image\" \/>\n<meta name=\"twitter:title\" content=\"Unidad de vivienda (Espacio 3 \/ Casa FOA 2021) \/ Viviana Melamed\" \/>\n<meta name=\"twitter:description\" content=\"Un espacio claro, liviano, abierto, sostenible, integrado pero divisible, trabajado con paneles corredizos espejados.\" \/>\n<meta name=\"twitter:image\" content=\"https:\/\/www.arquimaster.com.ar\/web\/wp-content\/uploads\/2021\/05\/casa_foa_2021_espacio3_slide.jpg\" \/>\n<meta name=\"twitter:creator\" content=\"@arquimaster\" \/>\n<meta name=\"twitter:site\" content=\"@arquimaster\" \/>\n<meta name=\"twitter:label1\" content=\"Escrito por\" \/>\n\t<meta name=\"twitter:data1\" content=\"Arquimaster\" \/>\n\t<meta name=\"twitter:label2\" content=\"Tiempo de lectura\" \/>\n\t<meta name=\"twitter:data2\" content=\"5 minutos\" \/>\n<script type=\"application\/ld+json\" class=\"yoast-schema-graph\">{\"@context\":\"https:\\\/\\\/schema.org\",\"@graph\":[{\"@type\":\"Article\",\"@id\":\"https:\\\/\\\/www.arquimaster.com.ar\\\/web\\\/unidad-de-vivienda-espacio-3-casa-foa-2021-viviana-melamed\\\/#article\",\"isPartOf\":{\"@id\":\"https:\\\/\\\/www.arquimaster.com.ar\\\/web\\\/unidad-de-vivienda-espacio-3-casa-foa-2021-viviana-melamed\\\/\"},\"author\":{\"name\":\"Arquimaster\",\"@id\":\"https:\\\/\\\/www.arquimaster.com.ar\\\/web\\\/#\\\/schema\\\/person\\\/359e9f7c00193fcde068e0dd2ceb0028\"},\"headline\":\"Unidad de vivienda (Espacio 3 \\\/ Casa FOA 2021) \\\/ Viviana Melamed\",\"datePublished\":\"2021-05-11T02:29:00+00:00\",\"dateModified\":\"2021-06-02T20:02:34+00:00\",\"mainEntityOfPage\":{\"@id\":\"https:\\\/\\\/www.arquimaster.com.ar\\\/web\\\/unidad-de-vivienda-espacio-3-casa-foa-2021-viviana-melamed\\\/\"},\"wordCount\":1014,\"publisher\":{\"@id\":\"https:\\\/\\\/www.arquimaster.com.ar\\\/web\\\/#organization\"},\"image\":{\"@id\":\"https:\\\/\\\/www.arquimaster.com.ar\\\/web\\\/unidad-de-vivienda-espacio-3-casa-foa-2021-viviana-melamed\\\/#primaryimage\"},\"thumbnailUrl\":\"https:\\\/\\\/www.arquimaster.com.ar\\\/web\\\/wp-content\\\/uploads\\\/2021\\\/05\\\/casa_foa_2021_espacio3_slide.jpg\",\"keywords\":[\"Casa FOA\",\"Casa FOA 2021\",\"departamento\",\"dise\u00f1o interior\",\"Estudio Viviana Melamed\",\"Experiencia Satelite Puertos\",\"MATRIZdesign\",\"muestras\",\"Puertos Lago\",\"Puertos\\\/Escobar\",\"Viviana Melamed\",\"vivienda unifamiliar\"],\"articleSection\":[\"Casa FOA 2021\",\"Dise\u00f1o\"],\"inLanguage\":\"es\"},{\"@type\":\"WebPage\",\"@id\":\"https:\\\/\\\/www.arquimaster.com.ar\\\/web\\\/unidad-de-vivienda-espacio-3-casa-foa-2021-viviana-melamed\\\/\",\"url\":\"https:\\\/\\\/www.arquimaster.com.ar\\\/web\\\/unidad-de-vivienda-espacio-3-casa-foa-2021-viviana-melamed\\\/\",\"name\":\"Unidad de vivienda (Espacio 3 \\\/ Casa FOA 2021) \\\/ Viviana Melamed - Arquimaster\",\"isPartOf\":{\"@id\":\"https:\\\/\\\/www.arquimaster.com.ar\\\/web\\\/#website\"},\"primaryImageOfPage\":{\"@id\":\"https:\\\/\\\/www.arquimaster.com.ar\\\/web\\\/unidad-de-vivienda-espacio-3-casa-foa-2021-viviana-melamed\\\/#primaryimage\"},\"image\":{\"@id\":\"https:\\\/\\\/www.arquimaster.com.ar\\\/web\\\/unidad-de-vivienda-espacio-3-casa-foa-2021-viviana-melamed\\\/#primaryimage\"},\"thumbnailUrl\":\"https:\\\/\\\/www.arquimaster.com.ar\\\/web\\\/wp-content\\\/uploads\\\/2021\\\/05\\\/casa_foa_2021_espacio3_slide.jpg\",\"datePublished\":\"2021-05-11T02:29:00+00:00\",\"dateModified\":\"2021-06-02T20:02:34+00:00\",\"description\":\"Un espacio claro, liviano, abierto, sostenible, integrado pero divisible, trabajado con paneles corredizos espejados.\",\"breadcrumb\":{\"@id\":\"https:\\\/\\\/www.arquimaster.com.ar\\\/web\\\/unidad-de-vivienda-espacio-3-casa-foa-2021-viviana-melamed\\\/#breadcrumb\"},\"inLanguage\":\"es\",\"potentialAction\":[{\"@type\":\"ReadAction\",\"target\":[\"https:\\\/\\\/www.arquimaster.com.ar\\\/web\\\/unidad-de-vivienda-espacio-3-casa-foa-2021-viviana-melamed\\\/\"]}]},{\"@type\":\"ImageObject\",\"inLanguage\":\"es\",\"@id\":\"https:\\\/\\\/www.arquimaster.com.ar\\\/web\\\/unidad-de-vivienda-espacio-3-casa-foa-2021-viviana-melamed\\\/#primaryimage\",\"url\":\"https:\\\/\\\/www.arquimaster.com.ar\\\/web\\\/wp-content\\\/uploads\\\/2021\\\/05\\\/casa_foa_2021_espacio3_slide.jpg\",\"contentUrl\":\"https:\\\/\\\/www.arquimaster.com.ar\\\/web\\\/wp-content\\\/uploads\\\/2021\\\/05\\\/casa_foa_2021_espacio3_slide.jpg\",\"width\":698,\"height\":364,\"caption\":\"Unidad de vivienda (Espacio 3 \\\/ Casa FOA 2021) \\\/ Viviana Melamed\"},{\"@type\":\"BreadcrumbList\",\"@id\":\"https:\\\/\\\/www.arquimaster.com.ar\\\/web\\\/unidad-de-vivienda-espacio-3-casa-foa-2021-viviana-melamed\\\/#breadcrumb\",\"itemListElement\":[{\"@type\":\"ListItem\",\"position\":1,\"name\":\"Portada\",\"item\":\"https:\\\/\\\/www.arquimaster.com.ar\\\/web\\\/\"},{\"@type\":\"ListItem\",\"position\":2,\"name\":\"Unidad de vivienda (Espacio 3 \\\/ Casa FOA 2021) \\\/ Viviana Melamed\"}]},{\"@type\":\"WebSite\",\"@id\":\"https:\\\/\\\/www.arquimaster.com.ar\\\/web\\\/#website\",\"url\":\"https:\\\/\\\/www.arquimaster.com.ar\\\/web\\\/\",\"name\":\"Arquimaster\",\"description\":\"Web de arquitectura, dise\u00f1o y construccion\",\"publisher\":{\"@id\":\"https:\\\/\\\/www.arquimaster.com.ar\\\/web\\\/#organization\"},\"potentialAction\":[{\"@type\":\"SearchAction\",\"target\":{\"@type\":\"EntryPoint\",\"urlTemplate\":\"https:\\\/\\\/www.arquimaster.com.ar\\\/web\\\/?s={search_term_string}\"},\"query-input\":{\"@type\":\"PropertyValueSpecification\",\"valueRequired\":true,\"valueName\":\"search_term_string\"}}],\"inLanguage\":\"es\"},{\"@type\":\"Organization\",\"@id\":\"https:\\\/\\\/www.arquimaster.com.ar\\\/web\\\/#organization\",\"name\":\"Arquimaster\",\"url\":\"https:\\\/\\\/www.arquimaster.com.ar\\\/web\\\/\",\"logo\":{\"@type\":\"ImageObject\",\"inLanguage\":\"es\",\"@id\":\"https:\\\/\\\/www.arquimaster.com.ar\\\/web\\\/#\\\/schema\\\/logo\\\/image\\\/\",\"url\":\"https:\\\/\\\/www.arquimaster.com.ar\\\/web\\\/wp-content\\\/uploads\\\/2022\\\/06\\\/arquimaster.png\",\"contentUrl\":\"https:\\\/\\\/www.arquimaster.com.ar\\\/web\\\/wp-content\\\/uploads\\\/2022\\\/06\\\/arquimaster.png\",\"width\":594,\"height\":78,\"caption\":\"Arquimaster\"},\"image\":{\"@id\":\"https:\\\/\\\/www.arquimaster.com.ar\\\/web\\\/#\\\/schema\\\/logo\\\/image\\\/\"},\"sameAs\":[\"http:\\\/\\\/www.facebook.com\\\/ARQUIMASTER.com.ar\",\"https:\\\/\\\/x.com\\\/arquimaster\",\"https:\\\/\\\/www.instagram.com\\\/arquimasterblog\\\/\",\"https:\\\/\\\/www.linkedin.com\\\/company\\\/arquimaster\",\"https:\\\/\\\/www.pinterest.com\\\/arquimaster\",\"https:\\\/\\\/t.me\\\/arquimaster\"]},{\"@type\":\"Person\",\"@id\":\"https:\\\/\\\/www.arquimaster.com.ar\\\/web\\\/#\\\/schema\\\/person\\\/359e9f7c00193fcde068e0dd2ceb0028\",\"name\":\"Arquimaster\"}]}<\/script>\n<!-- \/ Yoast SEO plugin. -->","yoast_head_json":{"title":"Unidad de vivienda (Espacio 3 \/ Casa FOA 2021) \/ Viviana Melamed - Arquimaster","description":"Un espacio claro, liviano, abierto, sostenible, integrado pero divisible, trabajado con paneles corredizos espejados.","robots":{"index":"index","follow":"follow","max-snippet":"max-snippet:-1","max-image-preview":"max-image-preview:large","max-video-preview":"max-video-preview:-1"},"canonical":"https:\/\/www.arquimaster.com.ar\/web\/unidad-de-vivienda-espacio-3-casa-foa-2021-viviana-melamed\/","og_locale":"es_ES","og_type":"article","og_title":"Unidad de vivienda (Espacio 3 \/ Casa FOA 2021) \/ Viviana Melamed","og_description":"Un espacio claro, liviano, abierto, sostenible, integrado pero divisible, trabajado con paneles corredizos espejados.","og_url":"https:\/\/www.arquimaster.com.ar\/web\/unidad-de-vivienda-espacio-3-casa-foa-2021-viviana-melamed\/","og_site_name":"Arquimaster","article_publisher":"http:\/\/www.facebook.com\/ARQUIMASTER.com.ar","article_published_time":"2021-05-11T02:29:00+00:00","article_modified_time":"2021-06-02T20:02:34+00:00","og_image":[{"width":698,"height":364,"url":"https:\/\/www.arquimaster.com.ar\/web\/wp-content\/uploads\/2021\/05\/casa_foa_2021_espacio3_slide.jpg","type":"image\/jpeg"}],"author":"Arquimaster","twitter_card":"summary_large_image","twitter_title":"Unidad de vivienda (Espacio 3 \/ Casa FOA 2021) \/ Viviana Melamed","twitter_description":"Un espacio claro, liviano, abierto, sostenible, integrado pero divisible, trabajado con paneles corredizos espejados.","twitter_image":"https:\/\/www.arquimaster.com.ar\/web\/wp-content\/uploads\/2021\/05\/casa_foa_2021_espacio3_slide.jpg","twitter_creator":"@arquimaster","twitter_site":"@arquimaster","twitter_misc":{"Escrito por":"Arquimaster","Tiempo de lectura":"5 minutos"},"schema":{"@context":"https:\/\/schema.org","@graph":[{"@type":"Article","@id":"https:\/\/www.arquimaster.com.ar\/web\/unidad-de-vivienda-espacio-3-casa-foa-2021-viviana-melamed\/#article","isPartOf":{"@id":"https:\/\/www.arquimaster.com.ar\/web\/unidad-de-vivienda-espacio-3-casa-foa-2021-viviana-melamed\/"},"author":{"name":"Arquimaster","@id":"https:\/\/www.arquimaster.com.ar\/web\/#\/schema\/person\/359e9f7c00193fcde068e0dd2ceb0028"},"headline":"Unidad de vivienda (Espacio 3 \/ Casa FOA 2021) \/ Viviana Melamed","datePublished":"2021-05-11T02:29:00+00:00","dateModified":"2021-06-02T20:02:34+00:00","mainEntityOfPage":{"@id":"https:\/\/www.arquimaster.com.ar\/web\/unidad-de-vivienda-espacio-3-casa-foa-2021-viviana-melamed\/"},"wordCount":1014,"publisher":{"@id":"https:\/\/www.arquimaster.com.ar\/web\/#organization"},"image":{"@id":"https:\/\/www.arquimaster.com.ar\/web\/unidad-de-vivienda-espacio-3-casa-foa-2021-viviana-melamed\/#primaryimage"},"thumbnailUrl":"https:\/\/www.arquimaster.com.ar\/web\/wp-content\/uploads\/2021\/05\/casa_foa_2021_espacio3_slide.jpg","keywords":["Casa FOA","Casa FOA 2021","departamento","dise\u00f1o interior","Estudio Viviana Melamed","Experiencia Satelite Puertos","MATRIZdesign","muestras","Puertos Lago","Puertos\/Escobar","Viviana Melamed","vivienda unifamiliar"],"articleSection":["Casa FOA 2021","Dise\u00f1o"],"inLanguage":"es"},{"@type":"WebPage","@id":"https:\/\/www.arquimaster.com.ar\/web\/unidad-de-vivienda-espacio-3-casa-foa-2021-viviana-melamed\/","url":"https:\/\/www.arquimaster.com.ar\/web\/unidad-de-vivienda-espacio-3-casa-foa-2021-viviana-melamed\/","name":"Unidad de vivienda (Espacio 3 \/ Casa FOA 2021) \/ Viviana Melamed - Arquimaster","isPartOf":{"@id":"https:\/\/www.arquimaster.com.ar\/web\/#website"},"primaryImageOfPage":{"@id":"https:\/\/www.arquimaster.com.ar\/web\/unidad-de-vivienda-espacio-3-casa-foa-2021-viviana-melamed\/#primaryimage"},"image":{"@id":"https:\/\/www.arquimaster.com.ar\/web\/unidad-de-vivienda-espacio-3-casa-foa-2021-viviana-melamed\/#primaryimage"},"thumbnailUrl":"https:\/\/www.arquimaster.com.ar\/web\/wp-content\/uploads\/2021\/05\/casa_foa_2021_espacio3_slide.jpg","datePublished":"2021-05-11T02:29:00+00:00","dateModified":"2021-06-02T20:02:34+00:00","description":"Un espacio claro, liviano, abierto, sostenible, integrado pero divisible, trabajado con paneles corredizos espejados.","breadcrumb":{"@id":"https:\/\/www.arquimaster.com.ar\/web\/unidad-de-vivienda-espacio-3-casa-foa-2021-viviana-melamed\/#breadcrumb"},"inLanguage":"es","potentialAction":[{"@type":"ReadAction","target":["https:\/\/www.arquimaster.com.ar\/web\/unidad-de-vivienda-espacio-3-casa-foa-2021-viviana-melamed\/"]}]},{"@type":"ImageObject","inLanguage":"es","@id":"https:\/\/www.arquimaster.com.ar\/web\/unidad-de-vivienda-espacio-3-casa-foa-2021-viviana-melamed\/#primaryimage","url":"https:\/\/www.arquimaster.com.ar\/web\/wp-content\/uploads\/2021\/05\/casa_foa_2021_espacio3_slide.jpg","contentUrl":"https:\/\/www.arquimaster.com.ar\/web\/wp-content\/uploads\/2021\/05\/casa_foa_2021_espacio3_slide.jpg","width":698,"height":364,"caption":"Unidad de vivienda (Espacio 3 \/ Casa FOA 2021) \/ Viviana Melamed"},{"@type":"BreadcrumbList","@id":"https:\/\/www.arquimaster.com.ar\/web\/unidad-de-vivienda-espacio-3-casa-foa-2021-viviana-melamed\/#breadcrumb","itemListElement":[{"@type":"ListItem","position":1,"name":"Portada","item":"https:\/\/www.arquimaster.com.ar\/web\/"},{"@type":"ListItem","position":2,"name":"Unidad de vivienda (Espacio 3 \/ Casa FOA 2021) \/ Viviana Melamed"}]},{"@type":"WebSite","@id":"https:\/\/www.arquimaster.com.ar\/web\/#website","url":"https:\/\/www.arquimaster.com.ar\/web\/","name":"Arquimaster","description":"Web de arquitectura, dise\u00f1o y construccion","publisher":{"@id":"https:\/\/www.arquimaster.com.ar\/web\/#organization"},"potentialAction":[{"@type":"SearchAction","target":{"@type":"EntryPoint","urlTemplate":"https:\/\/www.arquimaster.com.ar\/web\/?s={search_term_string}"},"query-input":{"@type":"PropertyValueSpecification","valueRequired":true,"valueName":"search_term_string"}}],"inLanguage":"es"},{"@type":"Organization","@id":"https:\/\/www.arquimaster.com.ar\/web\/#organization","name":"Arquimaster","url":"https:\/\/www.arquimaster.com.ar\/web\/","logo":{"@type":"ImageObject","inLanguage":"es","@id":"https:\/\/www.arquimaster.com.ar\/web\/#\/schema\/logo\/image\/","url":"https:\/\/www.arquimaster.com.ar\/web\/wp-content\/uploads\/2022\/06\/arquimaster.png","contentUrl":"https:\/\/www.arquimaster.com.ar\/web\/wp-content\/uploads\/2022\/06\/arquimaster.png","width":594,"height":78,"caption":"Arquimaster"},"image":{"@id":"https:\/\/www.arquimaster.com.ar\/web\/#\/schema\/logo\/image\/"},"sameAs":["http:\/\/www.facebook.com\/ARQUIMASTER.com.ar","https:\/\/x.com\/arquimaster","https:\/\/www.instagram.com\/arquimasterblog\/","https:\/\/www.linkedin.com\/company\/arquimaster","https:\/\/www.pinterest.com\/arquimaster","https:\/\/t.me\/arquimaster"]},{"@type":"Person","@id":"https:\/\/www.arquimaster.com.ar\/web\/#\/schema\/person\/359e9f7c00193fcde068e0dd2ceb0028","name":"Arquimaster"}]}},"uagb_featured_image_src":{"full":["https:\/\/www.arquimaster.com.ar\/web\/wp-content\/uploads\/2021\/05\/casa_foa_2021_espacio3_slide.jpg",698,364,false],"thumbnail":["https:\/\/www.arquimaster.com.ar\/web\/wp-content\/uploads\/2021\/05\/casa_foa_2021_espacio3_slide-150x150.jpg",150,150,true],"medium":["https:\/\/www.arquimaster.com.ar\/web\/wp-content\/uploads\/2021\/05\/casa_foa_2021_espacio3_slide.jpg",698,364,false],"medium_large":["https:\/\/www.arquimaster.com.ar\/web\/wp-content\/uploads\/2021\/05\/casa_foa_2021_espacio3_slide.jpg",698,364,false],"large":["https:\/\/www.arquimaster.com.ar\/web\/wp-content\/uploads\/2021\/05\/casa_foa_2021_espacio3_slide.jpg",698,364,false],"1536x1536":["https:\/\/www.arquimaster.com.ar\/web\/wp-content\/uploads\/2021\/05\/casa_foa_2021_espacio3_slide.jpg",698,364,false],"2048x2048":["https:\/\/www.arquimaster.com.ar\/web\/wp-content\/uploads\/2021\/05\/casa_foa_2021_espacio3_slide.jpg",698,364,false]},"uagb_author_info":{"display_name":"Arquimaster","author_link":"https:\/\/www.arquimaster.com.ar\/web\/author\/arquimaster\/"},"uagb_comment_info":0,"uagb_excerpt":"Un espacio claro, liviano, abierto, sostenible, integrado pero divisible con paneles...","_links":{"self":[{"href":"https:\/\/www.arquimaster.com.ar\/web\/wp-json\/wp\/v2\/posts\/64998","targetHints":{"allow":["GET"]}}],"collection":[{"href":"https:\/\/www.arquimaster.com.ar\/web\/wp-json\/wp\/v2\/posts"}],"about":[{"href":"https:\/\/www.arquimaster.com.ar\/web\/wp-json\/wp\/v2\/types\/post"}],"author":[{"embeddable":true,"href":"https:\/\/www.arquimaster.com.ar\/web\/wp-json\/wp\/v2\/users\/1"}],"replies":[{"embeddable":true,"href":"https:\/\/www.arquimaster.com.ar\/web\/wp-json\/wp\/v2\/comments?post=64998"}],"version-history":[{"count":1,"href":"https:\/\/www.arquimaster.com.ar\/web\/wp-json\/wp\/v2\/posts\/64998\/revisions"}],"predecessor-version":[{"id":65021,"href":"https:\/\/www.arquimaster.com.ar\/web\/wp-json\/wp\/v2\/posts\/64998\/revisions\/65021"}],"wp:featuredmedia":[{"embeddable":true,"href":"https:\/\/www.arquimaster.com.ar\/web\/wp-json\/wp\/v2\/media\/64999"}],"wp:attachment":[{"href":"https:\/\/www.arquimaster.com.ar\/web\/wp-json\/wp\/v2\/media?parent=64998"}],"wp:term":[{"taxonomy":"category","embeddable":true,"href":"https:\/\/www.arquimaster.com.ar\/web\/wp-json\/wp\/v2\/categories?post=64998"},{"taxonomy":"post_tag","embeddable":true,"href":"https:\/\/www.arquimaster.com.ar\/web\/wp-json\/wp\/v2\/tags?post=64998"}],"curies":[{"name":"wp","href":"https:\/\/api.w.org\/{rel}","templated":true}]}}