{"id":65202,"date":"2021-05-27T19:59:36","date_gmt":"2021-05-27T22:59:36","guid":{"rendered":"https:\/\/www.arquimaster.com.ar\/web\/?p=65202"},"modified":"2021-11-23T15:37:59","modified_gmt":"2021-11-23T18:37:59","slug":"casa-keita-di-frenna-arquitectos","status":"publish","type":"post","link":"https:\/\/www.arquimaster.com.ar\/web\/casa-keita-di-frenna-arquitectos\/","title":{"rendered":"Casa Keita \/ Di Frenna Arquitectos"},"content":{"rendered":"<div style=\"margin-top: 0px; margin-bottom: 0px;\" class=\"sharethis-inline-share-buttons\" ><\/div><div class=\"b812932af2e751442846f039925109de\" data-index=\"1\" style=\"float: none; margin:25px 0 25px 0; text-align:center;\">\n<script async src=\"https:\/\/pagead2.googlesyndication.com\/pagead\/js\/adsbygoogle.js\"><\/script>\r\n<!-- Arquimaster (superior) -->\r\n<ins class=\"adsbygoogle\"\r\n     style=\"display:block\"\r\n     data-ad-client=\"ca-pub-6351072698456832\"\r\n     data-ad-slot=\"6455489680\"\r\n     data-ad-format=\"auto\"\r\n     data-full-width-responsive=\"true\"><\/ins>\r\n<script>\r\n     (adsbygoogle = window.adsbygoogle || []).push({});\r\n<\/script>\n<\/div>\n<p><strong>Casa Keita<\/strong> (Colima, M\u00e9xico) por <strong>Di Frenna Arquitectos<\/strong>. Interpretar la tipolog\u00eda de una casa mexicana en una versi\u00f3n contempor\u00e1nea, fue la premisa para dise\u00f1ar Casa Keita, donde el patio central se convirti\u00f3 en la circulaci\u00f3n y vista principal de la residencia. Este mismo, funge como el coraz\u00f3n del proyecto, se contempla desde cualquiera de los espacios, y se rodea completamente de las zonas m\u00e1s privadas y sociales de la propuesta.<\/p>\n<div id='gallery-1' class='gallery galleryid-65202 gallery-columns-3 gallery-size-thumbnail'><figure class='gallery-item'>\n\t\t\t<div class='gallery-icon landscape'>\n\t\t\t\t<a href='https:\/\/www.arquimaster.com.ar\/web\/wp-content\/uploads\/2021\/05\/casa_keita1.jpg' title=\"Casa Keita \/ Di Frenna Arquitectos (\u00a9 Onnis Luque)\" data-rl_title=\"Casa Keita \/ Di Frenna Arquitectos (\u00a9 Onnis Luque)\" class=\"rl-gallery-link\" data-rl_caption=\"Casa Keita \/ Di Frenna Arquitectos (\u00a9 Onnis Luque)\" data-rel=\"lightbox-gallery-1\"><img loading=\"lazy\" decoding=\"async\" width=\"150\" height=\"150\" src=\"https:\/\/www.arquimaster.com.ar\/web\/wp-content\/uploads\/2021\/05\/casa_keita1-150x150.jpg\" class=\"attachment-thumbnail size-thumbnail\" alt=\"Casa Keita \/ Di Frenna Arquitectos\" aria-describedby=\"gallery-1-65204\" \/><\/a>\n\t\t\t<\/div>\n\t\t\t\t<figcaption class='wp-caption-text gallery-caption' id='gallery-1-65204'>\n\t\t\t\tCasa Keita \/ Di Frenna Arquitectos (\u00a9 Onnis Luque)\n\t\t\t\t<\/figcaption><\/figure><figure class='gallery-item'>\n\t\t\t<div class='gallery-icon landscape'>\n\t\t\t\t<a href='https:\/\/www.arquimaster.com.ar\/web\/wp-content\/uploads\/2021\/05\/casa_keita2.jpg' title=\"Casa Keita \/ Di Frenna Arquitectos (\u00a9 Onnis Luque)\" data-rl_title=\"Casa Keita \/ Di Frenna Arquitectos (\u00a9 Onnis Luque)\" class=\"rl-gallery-link\" data-rl_caption=\"Casa Keita \/ Di Frenna Arquitectos (\u00a9 Onnis Luque)\" data-rel=\"lightbox-gallery-1\"><img loading=\"lazy\" decoding=\"async\" width=\"150\" height=\"150\" src=\"https:\/\/www.arquimaster.com.ar\/web\/wp-content\/uploads\/2021\/05\/casa_keita2-150x150.jpg\" class=\"attachment-thumbnail size-thumbnail\" alt=\"Casa Keita \/ Di Frenna Arquitectos\" aria-describedby=\"gallery-1-65205\" \/><\/a>\n\t\t\t<\/div>\n\t\t\t\t<figcaption class='wp-caption-text gallery-caption' id='gallery-1-65205'>\n\t\t\t\tCasa Keita \/ Di Frenna Arquitectos (\u00a9 Onnis Luque)\n\t\t\t\t<\/figcaption><\/figure><figure class='gallery-item'>\n\t\t\t<div class='gallery-icon landscape'>\n\t\t\t\t<a href='https:\/\/www.arquimaster.com.ar\/web\/wp-content\/uploads\/2021\/05\/casa_keita3.jpg' title=\"Casa Keita \/ Di Frenna Arquitectos (\u00a9 Onnis Luque)\" data-rl_title=\"Casa Keita \/ Di Frenna Arquitectos (\u00a9 Onnis Luque)\" class=\"rl-gallery-link\" data-rl_caption=\"Casa Keita \/ Di Frenna Arquitectos (\u00a9 Onnis Luque)\" data-rel=\"lightbox-gallery-1\"><img loading=\"lazy\" decoding=\"async\" width=\"150\" height=\"150\" src=\"https:\/\/www.arquimaster.com.ar\/web\/wp-content\/uploads\/2021\/05\/casa_keita3-150x150.jpg\" class=\"attachment-thumbnail size-thumbnail\" alt=\"Casa Keita \/ Di Frenna Arquitectos\" aria-describedby=\"gallery-1-65206\" \/><\/a>\n\t\t\t<\/div>\n\t\t\t\t<figcaption class='wp-caption-text gallery-caption' id='gallery-1-65206'>\n\t\t\t\tCasa Keita \/ Di Frenna Arquitectos (\u00a9 Onnis Luque)\n\t\t\t\t<\/figcaption><\/figure><figure class='gallery-item'>\n\t\t\t<div class='gallery-icon landscape'>\n\t\t\t\t<a href='https:\/\/www.arquimaster.com.ar\/web\/wp-content\/uploads\/2021\/05\/casa_keita4.jpg' title=\"Casa Keita \/ Di Frenna Arquitectos (\u00a9 Onnis Luque)\" data-rl_title=\"Casa Keita \/ Di Frenna Arquitectos (\u00a9 Onnis Luque)\" class=\"rl-gallery-link\" data-rl_caption=\"Casa Keita \/ Di Frenna Arquitectos (\u00a9 Onnis Luque)\" data-rel=\"lightbox-gallery-1\"><img loading=\"lazy\" decoding=\"async\" width=\"150\" height=\"150\" src=\"https:\/\/www.arquimaster.com.ar\/web\/wp-content\/uploads\/2021\/05\/casa_keita4-150x150.jpg\" class=\"attachment-thumbnail size-thumbnail\" alt=\"Casa Keita \/ Di Frenna Arquitectos\" aria-describedby=\"gallery-1-65207\" \/><\/a>\n\t\t\t<\/div>\n\t\t\t\t<figcaption class='wp-caption-text gallery-caption' id='gallery-1-65207'>\n\t\t\t\tCasa Keita \/ Di Frenna Arquitectos (\u00a9 Onnis Luque)\n\t\t\t\t<\/figcaption><\/figure><figure class='gallery-item'>\n\t\t\t<div class='gallery-icon landscape'>\n\t\t\t\t<a href='https:\/\/www.arquimaster.com.ar\/web\/wp-content\/uploads\/2021\/05\/casa_keita5.jpg' title=\"Casa Keita \/ Di Frenna Arquitectos (\u00a9 Onnis Luque)\" data-rl_title=\"Casa Keita \/ Di Frenna Arquitectos (\u00a9 Onnis Luque)\" class=\"rl-gallery-link\" data-rl_caption=\"Casa Keita \/ Di Frenna Arquitectos (\u00a9 Onnis Luque)\" data-rel=\"lightbox-gallery-1\"><img loading=\"lazy\" decoding=\"async\" width=\"150\" height=\"150\" src=\"https:\/\/www.arquimaster.com.ar\/web\/wp-content\/uploads\/2021\/05\/casa_keita5-150x150.jpg\" class=\"attachment-thumbnail size-thumbnail\" alt=\"Casa Keita \/ Di Frenna Arquitectos\" aria-describedby=\"gallery-1-65208\" \/><\/a>\n\t\t\t<\/div>\n\t\t\t\t<figcaption class='wp-caption-text gallery-caption' id='gallery-1-65208'>\n\t\t\t\tCasa Keita \/ Di Frenna Arquitectos (\u00a9 Onnis Luque)\n\t\t\t\t<\/figcaption><\/figure><figure class='gallery-item'>\n\t\t\t<div class='gallery-icon portrait'>\n\t\t\t\t<a href='https:\/\/www.arquimaster.com.ar\/web\/wp-content\/uploads\/2021\/05\/casa_keita6.jpg' title=\"Casa Keita \/ Di Frenna Arquitectos (\u00a9 Onnis Luque)\" data-rl_title=\"Casa Keita \/ Di Frenna Arquitectos (\u00a9 Onnis Luque)\" class=\"rl-gallery-link\" data-rl_caption=\"Casa Keita \/ Di Frenna Arquitectos (\u00a9 Onnis Luque)\" data-rel=\"lightbox-gallery-1\"><img loading=\"lazy\" decoding=\"async\" width=\"150\" height=\"150\" src=\"https:\/\/www.arquimaster.com.ar\/web\/wp-content\/uploads\/2021\/05\/casa_keita6-150x150.jpg\" class=\"attachment-thumbnail size-thumbnail\" alt=\"Casa Keita \/ Di Frenna Arquitectos\" aria-describedby=\"gallery-1-65209\" \/><\/a>\n\t\t\t<\/div>\n\t\t\t\t<figcaption class='wp-caption-text gallery-caption' id='gallery-1-65209'>\n\t\t\t\tCasa Keita \/ Di Frenna Arquitectos (\u00a9 Onnis Luque)\n\t\t\t\t<\/figcaption><\/figure><figure class='gallery-item'>\n\t\t\t<div class='gallery-icon landscape'>\n\t\t\t\t<a href='https:\/\/www.arquimaster.com.ar\/web\/wp-content\/uploads\/2021\/05\/casa_keita7.jpg' title=\"Casa Keita \/ Di Frenna Arquitectos (\u00a9 Onnis Luque)\" data-rl_title=\"Casa Keita \/ Di Frenna Arquitectos (\u00a9 Onnis Luque)\" class=\"rl-gallery-link\" data-rl_caption=\"Casa Keita \/ Di Frenna Arquitectos (\u00a9 Onnis Luque)\" data-rel=\"lightbox-gallery-1\"><img loading=\"lazy\" decoding=\"async\" width=\"150\" height=\"150\" src=\"https:\/\/www.arquimaster.com.ar\/web\/wp-content\/uploads\/2021\/05\/casa_keita7-150x150.jpg\" class=\"attachment-thumbnail size-thumbnail\" alt=\"Casa Keita \/ Di Frenna Arquitectos\" aria-describedby=\"gallery-1-65210\" \/><\/a>\n\t\t\t<\/div>\n\t\t\t\t<figcaption class='wp-caption-text gallery-caption' id='gallery-1-65210'>\n\t\t\t\tCasa Keita \/ Di Frenna Arquitectos (\u00a9 Onnis Luque)\n\t\t\t\t<\/figcaption><\/figure><figure class='gallery-item'>\n\t\t\t<div class='gallery-icon landscape'>\n\t\t\t\t<a href='https:\/\/www.arquimaster.com.ar\/web\/wp-content\/uploads\/2021\/05\/casa_keita8.jpg' title=\"Casa Keita \/ Di Frenna Arquitectos (\u00a9 Onnis Luque)\" data-rl_title=\"Casa Keita \/ Di Frenna Arquitectos (\u00a9 Onnis Luque)\" class=\"rl-gallery-link\" data-rl_caption=\"Casa Keita \/ Di Frenna Arquitectos (\u00a9 Onnis Luque)\" data-rel=\"lightbox-gallery-1\"><img loading=\"lazy\" decoding=\"async\" width=\"150\" height=\"150\" src=\"https:\/\/www.arquimaster.com.ar\/web\/wp-content\/uploads\/2021\/05\/casa_keita8-150x150.jpg\" class=\"attachment-thumbnail size-thumbnail\" alt=\"Casa Keita \/ Di Frenna Arquitectos\" aria-describedby=\"gallery-1-65211\" \/><\/a>\n\t\t\t<\/div>\n\t\t\t\t<figcaption class='wp-caption-text gallery-caption' id='gallery-1-65211'>\n\t\t\t\tCasa Keita \/ Di Frenna Arquitectos (\u00a9 Onnis Luque)\n\t\t\t\t<\/figcaption><\/figure><figure class='gallery-item'>\n\t\t\t<div class='gallery-icon portrait'>\n\t\t\t\t<a href='https:\/\/www.arquimaster.com.ar\/web\/wp-content\/uploads\/2021\/05\/casa_keita9.jpg' title=\"Casa Keita \/ Di Frenna Arquitectos (\u00a9 Onnis Luque)\" data-rl_title=\"Casa Keita \/ Di Frenna Arquitectos (\u00a9 Onnis Luque)\" class=\"rl-gallery-link\" data-rl_caption=\"Casa Keita \/ Di Frenna Arquitectos (\u00a9 Onnis Luque)\" data-rel=\"lightbox-gallery-1\"><img loading=\"lazy\" decoding=\"async\" width=\"150\" height=\"150\" src=\"https:\/\/www.arquimaster.com.ar\/web\/wp-content\/uploads\/2021\/05\/casa_keita9-150x150.jpg\" class=\"attachment-thumbnail size-thumbnail\" alt=\"Casa Keita \/ Di Frenna Arquitectos\" aria-describedby=\"gallery-1-65212\" \/><\/a>\n\t\t\t<\/div>\n\t\t\t\t<figcaption class='wp-caption-text gallery-caption' id='gallery-1-65212'>\n\t\t\t\tCasa Keita \/ Di Frenna Arquitectos (\u00a9 Onnis Luque)\n\t\t\t\t<\/figcaption><\/figure><figure class='gallery-item'>\n\t\t\t<div class='gallery-icon landscape'>\n\t\t\t\t<a href='https:\/\/www.arquimaster.com.ar\/web\/wp-content\/uploads\/2021\/05\/casa_keita10.jpg' title=\"Casa Keita \/ Di Frenna Arquitectos (\u00a9 Onnis Luque)\" data-rl_title=\"Casa Keita \/ Di Frenna Arquitectos (\u00a9 Onnis Luque)\" class=\"rl-gallery-link\" data-rl_caption=\"Casa Keita \/ Di Frenna Arquitectos (\u00a9 Onnis Luque)\" data-rel=\"lightbox-gallery-1\"><img loading=\"lazy\" decoding=\"async\" width=\"150\" height=\"150\" src=\"https:\/\/www.arquimaster.com.ar\/web\/wp-content\/uploads\/2021\/05\/casa_keita10-150x150.jpg\" class=\"attachment-thumbnail size-thumbnail\" alt=\"Casa Keita \/ Di Frenna Arquitectos\" aria-describedby=\"gallery-1-65213\" \/><\/a>\n\t\t\t<\/div>\n\t\t\t\t<figcaption class='wp-caption-text gallery-caption' id='gallery-1-65213'>\n\t\t\t\tCasa Keita \/ Di Frenna Arquitectos (\u00a9 Onnis Luque)\n\t\t\t\t<\/figcaption><\/figure><figure class='gallery-item'>\n\t\t\t<div class='gallery-icon landscape'>\n\t\t\t\t<a href='https:\/\/www.arquimaster.com.ar\/web\/wp-content\/uploads\/2021\/05\/casa_keita11.jpg' title=\"Casa Keita \/ Di Frenna Arquitectos (\u00a9 Onnis Luque)\" data-rl_title=\"Casa Keita \/ Di Frenna Arquitectos (\u00a9 Onnis Luque)\" class=\"rl-gallery-link\" data-rl_caption=\"Casa Keita \/ Di Frenna Arquitectos (\u00a9 Onnis Luque)\" data-rel=\"lightbox-gallery-1\"><img loading=\"lazy\" decoding=\"async\" width=\"150\" height=\"150\" src=\"https:\/\/www.arquimaster.com.ar\/web\/wp-content\/uploads\/2021\/05\/casa_keita11-150x150.jpg\" class=\"attachment-thumbnail size-thumbnail\" alt=\"Casa Keita \/ Di Frenna Arquitectos\" aria-describedby=\"gallery-1-65214\" \/><\/a>\n\t\t\t<\/div>\n\t\t\t\t<figcaption class='wp-caption-text gallery-caption' id='gallery-1-65214'>\n\t\t\t\tCasa Keita \/ Di Frenna Arquitectos (\u00a9 Onnis Luque)\n\t\t\t\t<\/figcaption><\/figure><figure class='gallery-item'>\n\t\t\t<div class='gallery-icon landscape'>\n\t\t\t\t<a href='https:\/\/www.arquimaster.com.ar\/web\/wp-content\/uploads\/2021\/05\/casa_keita12.jpg' title=\"Casa Keita \/ Di Frenna Arquitectos (\u00a9 Onnis Luque)\" data-rl_title=\"Casa Keita \/ Di Frenna Arquitectos (\u00a9 Onnis Luque)\" class=\"rl-gallery-link\" data-rl_caption=\"Casa Keita \/ Di Frenna Arquitectos (\u00a9 Onnis Luque)\" data-rel=\"lightbox-gallery-1\"><img loading=\"lazy\" decoding=\"async\" width=\"150\" height=\"150\" src=\"https:\/\/www.arquimaster.com.ar\/web\/wp-content\/uploads\/2021\/05\/casa_keita12-150x150.jpg\" class=\"attachment-thumbnail size-thumbnail\" alt=\"Casa Keita \/ Di Frenna Arquitectos\" aria-describedby=\"gallery-1-65215\" \/><\/a>\n\t\t\t<\/div>\n\t\t\t\t<figcaption class='wp-caption-text gallery-caption' id='gallery-1-65215'>\n\t\t\t\tCasa Keita \/ Di Frenna Arquitectos (\u00a9 Onnis Luque)\n\t\t\t\t<\/figcaption><\/figure><figure class='gallery-item'>\n\t\t\t<div class='gallery-icon portrait'>\n\t\t\t\t<a href='https:\/\/www.arquimaster.com.ar\/web\/wp-content\/uploads\/2021\/05\/casa_keita13.jpg' title=\"Casa Keita \/ Di Frenna Arquitectos (\u00a9 Onnis Luque)\" data-rl_title=\"Casa Keita \/ Di Frenna Arquitectos (\u00a9 Onnis Luque)\" class=\"rl-gallery-link\" data-rl_caption=\"Casa Keita \/ Di Frenna Arquitectos (\u00a9 Onnis Luque)\" data-rel=\"lightbox-gallery-1\"><img loading=\"lazy\" decoding=\"async\" width=\"150\" height=\"150\" src=\"https:\/\/www.arquimaster.com.ar\/web\/wp-content\/uploads\/2021\/05\/casa_keita13-150x150.jpg\" class=\"attachment-thumbnail size-thumbnail\" alt=\"Casa Keita \/ Di Frenna Arquitectos\" aria-describedby=\"gallery-1-65216\" \/><\/a>\n\t\t\t<\/div>\n\t\t\t\t<figcaption class='wp-caption-text gallery-caption' id='gallery-1-65216'>\n\t\t\t\tCasa Keita \/ Di Frenna Arquitectos (\u00a9 Onnis Luque)\n\t\t\t\t<\/figcaption><\/figure><figure class='gallery-item'>\n\t\t\t<div class='gallery-icon portrait'>\n\t\t\t\t<a href='https:\/\/www.arquimaster.com.ar\/web\/wp-content\/uploads\/2021\/05\/casa_keita14.jpg' title=\"Casa Keita \/ Di Frenna Arquitectos (\u00a9 Onnis Luque)\" data-rl_title=\"Casa Keita \/ Di Frenna Arquitectos (\u00a9 Onnis Luque)\" class=\"rl-gallery-link\" data-rl_caption=\"Casa Keita \/ Di Frenna Arquitectos (\u00a9 Onnis Luque)\" data-rel=\"lightbox-gallery-1\"><img loading=\"lazy\" decoding=\"async\" width=\"150\" height=\"150\" src=\"https:\/\/www.arquimaster.com.ar\/web\/wp-content\/uploads\/2021\/05\/casa_keita14-150x150.jpg\" class=\"attachment-thumbnail size-thumbnail\" alt=\"Casa Keita \/ Di Frenna Arquitectos\" aria-describedby=\"gallery-1-65217\" \/><\/a>\n\t\t\t<\/div>\n\t\t\t\t<figcaption class='wp-caption-text gallery-caption' id='gallery-1-65217'>\n\t\t\t\tCasa Keita \/ Di Frenna Arquitectos (\u00a9 Onnis Luque)\n\t\t\t\t<\/figcaption><\/figure><figure class='gallery-item'>\n\t\t\t<div class='gallery-icon portrait'>\n\t\t\t\t<a href='https:\/\/www.arquimaster.com.ar\/web\/wp-content\/uploads\/2021\/05\/casa_keita15.jpg' title=\"Casa Keita \/ Di Frenna Arquitectos (\u00a9 Onnis Luque)\" data-rl_title=\"Casa Keita \/ Di Frenna Arquitectos (\u00a9 Onnis Luque)\" class=\"rl-gallery-link\" data-rl_caption=\"Casa Keita \/ Di Frenna Arquitectos (\u00a9 Onnis Luque)\" data-rel=\"lightbox-gallery-1\"><img loading=\"lazy\" decoding=\"async\" width=\"150\" height=\"150\" src=\"https:\/\/www.arquimaster.com.ar\/web\/wp-content\/uploads\/2021\/05\/casa_keita15-150x150.jpg\" class=\"attachment-thumbnail size-thumbnail\" alt=\"Casa Keita \/ Di Frenna Arquitectos\" aria-describedby=\"gallery-1-65218\" \/><\/a>\n\t\t\t<\/div>\n\t\t\t\t<figcaption class='wp-caption-text gallery-caption' id='gallery-1-65218'>\n\t\t\t\tCasa Keita \/ Di Frenna Arquitectos (\u00a9 Onnis Luque)\n\t\t\t\t<\/figcaption><\/figure><figure class='gallery-item'>\n\t\t\t<div class='gallery-icon portrait'>\n\t\t\t\t<a href='https:\/\/www.arquimaster.com.ar\/web\/wp-content\/uploads\/2021\/05\/casa_keita16.jpg' title=\"Casa Keita \/ Di Frenna Arquitectos (\u00a9 Onnis Luque)\" data-rl_title=\"Casa Keita \/ Di Frenna Arquitectos (\u00a9 Onnis Luque)\" class=\"rl-gallery-link\" data-rl_caption=\"Casa Keita \/ Di Frenna Arquitectos (\u00a9 Onnis Luque)\" data-rel=\"lightbox-gallery-1\"><img loading=\"lazy\" decoding=\"async\" width=\"150\" height=\"150\" src=\"https:\/\/www.arquimaster.com.ar\/web\/wp-content\/uploads\/2021\/05\/casa_keita16-150x150.jpg\" class=\"attachment-thumbnail size-thumbnail\" alt=\"Casa Keita \/ Di Frenna Arquitectos\" aria-describedby=\"gallery-1-65219\" \/><\/a>\n\t\t\t<\/div>\n\t\t\t\t<figcaption class='wp-caption-text gallery-caption' id='gallery-1-65219'>\n\t\t\t\tCasa Keita \/ Di Frenna Arquitectos (\u00a9 Onnis Luque)\n\t\t\t\t<\/figcaption><\/figure><figure class='gallery-item'>\n\t\t\t<div class='gallery-icon portrait'>\n\t\t\t\t<a href='https:\/\/www.arquimaster.com.ar\/web\/wp-content\/uploads\/2021\/05\/casa_keita17.jpg' title=\"Casa Keita \/ Di Frenna Arquitectos (\u00a9 Onnis Luque)\" data-rl_title=\"Casa Keita \/ Di Frenna Arquitectos (\u00a9 Onnis Luque)\" class=\"rl-gallery-link\" data-rl_caption=\"Casa Keita \/ Di Frenna Arquitectos (\u00a9 Onnis Luque)\" data-rel=\"lightbox-gallery-1\"><img loading=\"lazy\" decoding=\"async\" width=\"150\" height=\"150\" src=\"https:\/\/www.arquimaster.com.ar\/web\/wp-content\/uploads\/2021\/05\/casa_keita17-150x150.jpg\" class=\"attachment-thumbnail size-thumbnail\" alt=\"Casa Keita \/ Di Frenna Arquitectos\" aria-describedby=\"gallery-1-65220\" \/><\/a>\n\t\t\t<\/div>\n\t\t\t\t<figcaption class='wp-caption-text gallery-caption' id='gallery-1-65220'>\n\t\t\t\tCasa Keita \/ Di Frenna Arquitectos (\u00a9 Onnis Luque)\n\t\t\t\t<\/figcaption><\/figure><figure class='gallery-item'>\n\t\t\t<div class='gallery-icon portrait'>\n\t\t\t\t<a href='https:\/\/www.arquimaster.com.ar\/web\/wp-content\/uploads\/2021\/05\/casa_keita18.jpg' title=\"Casa Keita \/ Di Frenna Arquitectos (\u00a9 Onnis Luque)\" data-rl_title=\"Casa Keita \/ Di Frenna Arquitectos (\u00a9 Onnis Luque)\" class=\"rl-gallery-link\" data-rl_caption=\"Casa Keita \/ Di Frenna Arquitectos (\u00a9 Onnis Luque)\" data-rel=\"lightbox-gallery-1\"><img loading=\"lazy\" decoding=\"async\" width=\"150\" height=\"150\" src=\"https:\/\/www.arquimaster.com.ar\/web\/wp-content\/uploads\/2021\/05\/casa_keita18-150x150.jpg\" class=\"attachment-thumbnail size-thumbnail\" alt=\"Casa Keita \/ Di Frenna Arquitectos\" aria-describedby=\"gallery-1-65221\" \/><\/a>\n\t\t\t<\/div>\n\t\t\t\t<figcaption class='wp-caption-text gallery-caption' id='gallery-1-65221'>\n\t\t\t\tCasa Keita \/ Di Frenna Arquitectos (\u00a9 Onnis Luque)\n\t\t\t\t<\/figcaption><\/figure><figure class='gallery-item'>\n\t\t\t<div class='gallery-icon landscape'>\n\t\t\t\t<a href='https:\/\/www.arquimaster.com.ar\/web\/wp-content\/uploads\/2021\/05\/casa_keita19.jpg' title=\"Casa Keita \/ Di Frenna Arquitectos (\u00a9 Onnis Luque)\" data-rl_title=\"Casa Keita \/ Di Frenna Arquitectos (\u00a9 Onnis Luque)\" class=\"rl-gallery-link\" data-rl_caption=\"Casa Keita \/ Di Frenna Arquitectos (\u00a9 Onnis Luque)\" data-rel=\"lightbox-gallery-1\"><img loading=\"lazy\" decoding=\"async\" width=\"150\" height=\"150\" src=\"https:\/\/www.arquimaster.com.ar\/web\/wp-content\/uploads\/2021\/05\/casa_keita19-150x150.jpg\" class=\"attachment-thumbnail size-thumbnail\" alt=\"Casa Keita \/ Di Frenna Arquitectos\" aria-describedby=\"gallery-1-65222\" \/><\/a>\n\t\t\t<\/div>\n\t\t\t\t<figcaption class='wp-caption-text gallery-caption' id='gallery-1-65222'>\n\t\t\t\tCasa Keita \/ Di Frenna Arquitectos (\u00a9 Onnis Luque)\n\t\t\t\t<\/figcaption><\/figure><figure class='gallery-item'>\n\t\t\t<div class='gallery-icon landscape'>\n\t\t\t\t<a href='https:\/\/www.arquimaster.com.ar\/web\/wp-content\/uploads\/2021\/05\/casa_keita20.jpg' title=\"Casa Keita \/ Di Frenna Arquitectos (\u00a9 Onnis Luque)\" data-rl_title=\"Casa Keita \/ Di Frenna Arquitectos (\u00a9 Onnis Luque)\" class=\"rl-gallery-link\" data-rl_caption=\"Casa Keita \/ Di Frenna Arquitectos (\u00a9 Onnis Luque)\" data-rel=\"lightbox-gallery-1\"><img loading=\"lazy\" decoding=\"async\" width=\"150\" height=\"150\" src=\"https:\/\/www.arquimaster.com.ar\/web\/wp-content\/uploads\/2021\/05\/casa_keita20-150x150.jpg\" class=\"attachment-thumbnail size-thumbnail\" alt=\"Casa Keita \/ Di Frenna Arquitectos\" aria-describedby=\"gallery-1-65223\" \/><\/a>\n\t\t\t<\/div>\n\t\t\t\t<figcaption class='wp-caption-text gallery-caption' id='gallery-1-65223'>\n\t\t\t\tCasa Keita \/ Di Frenna Arquitectos (\u00a9 Onnis Luque)\n\t\t\t\t<\/figcaption><\/figure><figure class='gallery-item'>\n\t\t\t<div class='gallery-icon portrait'>\n\t\t\t\t<a href='https:\/\/www.arquimaster.com.ar\/web\/wp-content\/uploads\/2021\/05\/casa_keita21.jpg' title=\"Casa Keita \/ Di Frenna Arquitectos (\u00a9 Onnis Luque)\" data-rl_title=\"Casa Keita \/ Di Frenna Arquitectos (\u00a9 Onnis Luque)\" class=\"rl-gallery-link\" data-rl_caption=\"Casa Keita \/ Di Frenna Arquitectos (\u00a9 Onnis Luque)\" data-rel=\"lightbox-gallery-1\"><img loading=\"lazy\" decoding=\"async\" width=\"150\" height=\"150\" src=\"https:\/\/www.arquimaster.com.ar\/web\/wp-content\/uploads\/2021\/05\/casa_keita21-150x150.jpg\" class=\"attachment-thumbnail size-thumbnail\" alt=\"Casa Keita \/ Di Frenna Arquitectos\" aria-describedby=\"gallery-1-65224\" \/><\/a>\n\t\t\t<\/div>\n\t\t\t\t<figcaption class='wp-caption-text gallery-caption' id='gallery-1-65224'>\n\t\t\t\tCasa Keita \/ Di Frenna Arquitectos (\u00a9 Onnis Luque)\n\t\t\t\t<\/figcaption><\/figure><figure class='gallery-item'>\n\t\t\t<div class='gallery-icon landscape'>\n\t\t\t\t<a href='https:\/\/www.arquimaster.com.ar\/web\/wp-content\/uploads\/2021\/05\/casa_keita22.jpg' title=\"Casa Keita \/ Di Frenna Arquitectos (\u00a9 Onnis Luque)\" data-rl_title=\"Casa Keita \/ Di Frenna Arquitectos (\u00a9 Onnis Luque)\" class=\"rl-gallery-link\" data-rl_caption=\"Casa Keita \/ Di Frenna Arquitectos (\u00a9 Onnis Luque)\" data-rel=\"lightbox-gallery-1\"><img loading=\"lazy\" decoding=\"async\" width=\"150\" height=\"150\" src=\"https:\/\/www.arquimaster.com.ar\/web\/wp-content\/uploads\/2021\/05\/casa_keita22-150x150.jpg\" class=\"attachment-thumbnail size-thumbnail\" alt=\"Casa Keita \/ Di Frenna Arquitectos\" aria-describedby=\"gallery-1-65225\" \/><\/a>\n\t\t\t<\/div>\n\t\t\t\t<figcaption class='wp-caption-text gallery-caption' id='gallery-1-65225'>\n\t\t\t\tCasa Keita \/ Di Frenna Arquitectos (\u00a9 Onnis Luque)\n\t\t\t\t<\/figcaption><\/figure><figure class='gallery-item'>\n\t\t\t<div class='gallery-icon landscape'>\n\t\t\t\t<a href='https:\/\/www.arquimaster.com.ar\/web\/wp-content\/uploads\/2021\/05\/casa_keita23.jpg' title=\"Casa Keita \/ Di Frenna Arquitectos (\u00a9 Onnis Luque)\" data-rl_title=\"Casa Keita \/ Di Frenna Arquitectos (\u00a9 Onnis Luque)\" class=\"rl-gallery-link\" data-rl_caption=\"Casa Keita \/ Di Frenna Arquitectos (\u00a9 Onnis Luque)\" data-rel=\"lightbox-gallery-1\"><img loading=\"lazy\" decoding=\"async\" width=\"150\" height=\"150\" src=\"https:\/\/www.arquimaster.com.ar\/web\/wp-content\/uploads\/2021\/05\/casa_keita23-150x150.jpg\" class=\"attachment-thumbnail size-thumbnail\" alt=\"Casa Keita \/ Di Frenna Arquitectos\" aria-describedby=\"gallery-1-65226\" \/><\/a>\n\t\t\t<\/div>\n\t\t\t\t<figcaption class='wp-caption-text gallery-caption' id='gallery-1-65226'>\n\t\t\t\tCasa Keita \/ Di Frenna Arquitectos (\u00a9 Onnis Luque)\n\t\t\t\t<\/figcaption><\/figure><figure class='gallery-item'>\n\t\t\t<div class='gallery-icon landscape'>\n\t\t\t\t<a href='https:\/\/www.arquimaster.com.ar\/web\/wp-content\/uploads\/2021\/05\/casa_keita24.jpg' title=\"Casa Keita \/ Di Frenna Arquitectos (\u00a9 Onnis Luque)\" data-rl_title=\"Casa Keita \/ Di Frenna Arquitectos (\u00a9 Onnis Luque)\" class=\"rl-gallery-link\" data-rl_caption=\"Casa Keita \/ Di Frenna Arquitectos (\u00a9 Onnis Luque)\" data-rel=\"lightbox-gallery-1\"><img loading=\"lazy\" decoding=\"async\" width=\"150\" height=\"150\" src=\"https:\/\/www.arquimaster.com.ar\/web\/wp-content\/uploads\/2021\/05\/casa_keita24-150x150.jpg\" class=\"attachment-thumbnail size-thumbnail\" alt=\"Casa Keita \/ Di Frenna Arquitectos\" aria-describedby=\"gallery-1-65227\" \/><\/a>\n\t\t\t<\/div>\n\t\t\t\t<figcaption class='wp-caption-text gallery-caption' id='gallery-1-65227'>\n\t\t\t\tCasa Keita \/ Di Frenna Arquitectos (\u00a9 Onnis Luque)\n\t\t\t\t<\/figcaption><\/figure><figure class='gallery-item'>\n\t\t\t<div class='gallery-icon landscape'>\n\t\t\t\t<a href='https:\/\/www.arquimaster.com.ar\/web\/wp-content\/uploads\/2021\/05\/casa_keita25.jpg' title=\"Casa Keita \/ Di Frenna Arquitectos (\u00a9 Onnis Luque)\" data-rl_title=\"Casa Keita \/ Di Frenna Arquitectos (\u00a9 Onnis Luque)\" class=\"rl-gallery-link\" data-rl_caption=\"Casa Keita \/ Di Frenna Arquitectos (\u00a9 Onnis Luque)\" data-rel=\"lightbox-gallery-1\"><img loading=\"lazy\" decoding=\"async\" width=\"150\" height=\"150\" src=\"https:\/\/www.arquimaster.com.ar\/web\/wp-content\/uploads\/2021\/05\/casa_keita25-150x150.jpg\" class=\"attachment-thumbnail size-thumbnail\" alt=\"Casa Keita \/ Di Frenna Arquitectos\" aria-describedby=\"gallery-1-65228\" \/><\/a>\n\t\t\t<\/div>\n\t\t\t\t<figcaption class='wp-caption-text gallery-caption' id='gallery-1-65228'>\n\t\t\t\tCasa Keita \/ Di Frenna Arquitectos (\u00a9 Onnis Luque)\n\t\t\t\t<\/figcaption><\/figure><figure class='gallery-item'>\n\t\t\t<div class='gallery-icon portrait'>\n\t\t\t\t<a href='https:\/\/www.arquimaster.com.ar\/web\/wp-content\/uploads\/2021\/05\/casa_keita26.jpg' title=\"Casa Keita \/ Di Frenna Arquitectos (\u00a9 Onnis Luque)\" data-rl_title=\"Casa Keita \/ Di Frenna Arquitectos (\u00a9 Onnis Luque)\" class=\"rl-gallery-link\" data-rl_caption=\"Casa Keita \/ Di Frenna Arquitectos (\u00a9 Onnis Luque)\" data-rel=\"lightbox-gallery-1\"><img loading=\"lazy\" decoding=\"async\" width=\"150\" height=\"150\" src=\"https:\/\/www.arquimaster.com.ar\/web\/wp-content\/uploads\/2021\/05\/casa_keita26-150x150.jpg\" class=\"attachment-thumbnail size-thumbnail\" alt=\"Casa Keita \/ Di Frenna Arquitectos\" aria-describedby=\"gallery-1-65229\" \/><\/a>\n\t\t\t<\/div>\n\t\t\t\t<figcaption class='wp-caption-text gallery-caption' id='gallery-1-65229'>\n\t\t\t\tCasa Keita \/ Di Frenna Arquitectos (\u00a9 Onnis Luque)\n\t\t\t\t<\/figcaption><\/figure><figure class='gallery-item'>\n\t\t\t<div class='gallery-icon portrait'>\n\t\t\t\t<a href='https:\/\/www.arquimaster.com.ar\/web\/wp-content\/uploads\/2021\/05\/casa_keita27.jpg' title=\"Casa Keita \/ Di Frenna Arquitectos (\u00a9 Onnis Luque)\" data-rl_title=\"Casa Keita \/ Di Frenna Arquitectos (\u00a9 Onnis Luque)\" class=\"rl-gallery-link\" data-rl_caption=\"Casa Keita \/ Di Frenna Arquitectos (\u00a9 Onnis Luque)\" data-rel=\"lightbox-gallery-1\"><img loading=\"lazy\" decoding=\"async\" width=\"150\" height=\"150\" src=\"https:\/\/www.arquimaster.com.ar\/web\/wp-content\/uploads\/2021\/05\/casa_keita27-150x150.jpg\" class=\"attachment-thumbnail size-thumbnail\" alt=\"Casa Keita \/ Di Frenna Arquitectos\" aria-describedby=\"gallery-1-65230\" \/><\/a>\n\t\t\t<\/div>\n\t\t\t\t<figcaption class='wp-caption-text gallery-caption' id='gallery-1-65230'>\n\t\t\t\tCasa Keita \/ Di Frenna Arquitectos (\u00a9 Onnis Luque)\n\t\t\t\t<\/figcaption><\/figure><figure class='gallery-item'>\n\t\t\t<div class='gallery-icon landscape'>\n\t\t\t\t<a href='https:\/\/www.arquimaster.com.ar\/web\/wp-content\/uploads\/2021\/05\/casa_keita28.jpg' title=\"Casa Keita \/ Di Frenna Arquitectos (\u00a9 Onnis Luque)\" data-rl_title=\"Casa Keita \/ Di Frenna Arquitectos (\u00a9 Onnis Luque)\" class=\"rl-gallery-link\" data-rl_caption=\"Casa Keita \/ Di Frenna Arquitectos (\u00a9 Onnis Luque)\" data-rel=\"lightbox-gallery-1\"><img loading=\"lazy\" decoding=\"async\" width=\"150\" height=\"150\" src=\"https:\/\/www.arquimaster.com.ar\/web\/wp-content\/uploads\/2021\/05\/casa_keita28-150x150.jpg\" class=\"attachment-thumbnail size-thumbnail\" alt=\"Casa Keita \/ Di Frenna Arquitectos\" aria-describedby=\"gallery-1-65231\" \/><\/a>\n\t\t\t<\/div>\n\t\t\t\t<figcaption class='wp-caption-text gallery-caption' id='gallery-1-65231'>\n\t\t\t\tCasa Keita \/ Di Frenna Arquitectos (\u00a9 Onnis Luque)\n\t\t\t\t<\/figcaption><\/figure><figure class='gallery-item'>\n\t\t\t<div class='gallery-icon landscape'>\n\t\t\t\t<a href='https:\/\/www.arquimaster.com.ar\/web\/wp-content\/uploads\/2021\/05\/casa_keita29.jpg' title=\"Casa Keita \/ Di Frenna Arquitectos (\u00a9 Onnis Luque)\" data-rl_title=\"Casa Keita \/ Di Frenna Arquitectos (\u00a9 Onnis Luque)\" class=\"rl-gallery-link\" data-rl_caption=\"Casa Keita \/ Di Frenna Arquitectos (\u00a9 Onnis Luque)\" data-rel=\"lightbox-gallery-1\"><img loading=\"lazy\" decoding=\"async\" width=\"150\" height=\"150\" src=\"https:\/\/www.arquimaster.com.ar\/web\/wp-content\/uploads\/2021\/05\/casa_keita29-150x150.jpg\" class=\"attachment-thumbnail size-thumbnail\" alt=\"Casa Keita \/ Di Frenna Arquitectos\" aria-describedby=\"gallery-1-65232\" \/><\/a>\n\t\t\t<\/div>\n\t\t\t\t<figcaption class='wp-caption-text gallery-caption' id='gallery-1-65232'>\n\t\t\t\tCasa Keita \/ Di Frenna Arquitectos (\u00a9 Onnis Luque)\n\t\t\t\t<\/figcaption><\/figure><figure class='gallery-item'>\n\t\t\t<div class='gallery-icon landscape'>\n\t\t\t\t<a href='https:\/\/www.arquimaster.com.ar\/web\/wp-content\/uploads\/2021\/05\/casa_keita30.jpg' title=\"Casa Keita \/ Di Frenna Arquitectos (\u00a9 Onnis Luque)\" data-rl_title=\"Casa Keita \/ Di Frenna Arquitectos (\u00a9 Onnis Luque)\" class=\"rl-gallery-link\" data-rl_caption=\"Casa Keita \/ Di Frenna Arquitectos (\u00a9 Onnis Luque)\" data-rel=\"lightbox-gallery-1\"><img loading=\"lazy\" decoding=\"async\" width=\"150\" height=\"150\" src=\"https:\/\/www.arquimaster.com.ar\/web\/wp-content\/uploads\/2021\/05\/casa_keita30-150x150.jpg\" class=\"attachment-thumbnail size-thumbnail\" alt=\"Casa Keita \/ Di Frenna Arquitectos\" aria-describedby=\"gallery-1-65233\" \/><\/a>\n\t\t\t<\/div>\n\t\t\t\t<figcaption class='wp-caption-text gallery-caption' id='gallery-1-65233'>\n\t\t\t\tCasa Keita \/ Di Frenna Arquitectos (\u00a9 Onnis Luque)\n\t\t\t\t<\/figcaption><\/figure><figure class='gallery-item'>\n\t\t\t<div class='gallery-icon portrait'>\n\t\t\t\t<a href='https:\/\/www.arquimaster.com.ar\/web\/wp-content\/uploads\/2021\/05\/casa_keita31.jpg' title=\"Casa Keita \/ Di Frenna Arquitectos (\u00a9 Onnis Luque)\" data-rl_title=\"Casa Keita \/ Di Frenna Arquitectos (\u00a9 Onnis Luque)\" class=\"rl-gallery-link\" data-rl_caption=\"Casa Keita \/ Di Frenna Arquitectos (\u00a9 Onnis Luque)\" data-rel=\"lightbox-gallery-1\"><img loading=\"lazy\" decoding=\"async\" width=\"150\" height=\"150\" src=\"https:\/\/www.arquimaster.com.ar\/web\/wp-content\/uploads\/2021\/05\/casa_keita31-150x150.jpg\" class=\"attachment-thumbnail size-thumbnail\" alt=\"Casa Keita \/ Di Frenna Arquitectos\" aria-describedby=\"gallery-1-65234\" \/><\/a>\n\t\t\t<\/div>\n\t\t\t\t<figcaption class='wp-caption-text gallery-caption' id='gallery-1-65234'>\n\t\t\t\tCasa Keita \/ Di Frenna Arquitectos (\u00a9 Onnis Luque)\n\t\t\t\t<\/figcaption><\/figure><figure class='gallery-item'>\n\t\t\t<div class='gallery-icon landscape'>\n\t\t\t\t<a href='https:\/\/www.arquimaster.com.ar\/web\/wp-content\/uploads\/2021\/05\/casa_keita32.jpg' title=\"Casa Keita \/ Di Frenna Arquitectos (\u00a9 Onnis Luque)\" data-rl_title=\"Casa Keita \/ Di Frenna Arquitectos (\u00a9 Onnis Luque)\" class=\"rl-gallery-link\" data-rl_caption=\"Casa Keita \/ Di Frenna Arquitectos (\u00a9 Onnis Luque)\" data-rel=\"lightbox-gallery-1\"><img loading=\"lazy\" decoding=\"async\" width=\"150\" height=\"150\" src=\"https:\/\/www.arquimaster.com.ar\/web\/wp-content\/uploads\/2021\/05\/casa_keita32-150x150.jpg\" class=\"attachment-thumbnail size-thumbnail\" alt=\"Casa Keita \/ Di Frenna Arquitectos\" aria-describedby=\"gallery-1-65235\" \/><\/a>\n\t\t\t<\/div>\n\t\t\t\t<figcaption class='wp-caption-text gallery-caption' id='gallery-1-65235'>\n\t\t\t\tCasa Keita \/ Di Frenna Arquitectos (\u00a9 Onnis Luque)\n\t\t\t\t<\/figcaption><\/figure><figure class='gallery-item'>\n\t\t\t<div class='gallery-icon landscape'>\n\t\t\t\t<a href='https:\/\/www.arquimaster.com.ar\/web\/wp-content\/uploads\/2021\/05\/casa_keita33.jpg' title=\"Casa Keita \/ Di Frenna Arquitectos (\u00a9 Onnis Luque)\" data-rl_title=\"Casa Keita \/ Di Frenna Arquitectos (\u00a9 Onnis Luque)\" class=\"rl-gallery-link\" data-rl_caption=\"Casa Keita \/ Di Frenna Arquitectos (\u00a9 Onnis Luque)\" data-rel=\"lightbox-gallery-1\"><img loading=\"lazy\" decoding=\"async\" width=\"150\" height=\"150\" src=\"https:\/\/www.arquimaster.com.ar\/web\/wp-content\/uploads\/2021\/05\/casa_keita33-150x150.jpg\" class=\"attachment-thumbnail size-thumbnail\" alt=\"Casa Keita \/ Di Frenna Arquitectos\" aria-describedby=\"gallery-1-65236\" \/><\/a>\n\t\t\t<\/div>\n\t\t\t\t<figcaption class='wp-caption-text gallery-caption' id='gallery-1-65236'>\n\t\t\t\tCasa Keita \/ Di Frenna Arquitectos (\u00a9 Onnis Luque)\n\t\t\t\t<\/figcaption><\/figure><figure class='gallery-item'>\n\t\t\t<div class='gallery-icon landscape'>\n\t\t\t\t<a href='https:\/\/www.arquimaster.com.ar\/web\/wp-content\/uploads\/2021\/05\/casa_keita34.jpg' title=\"Casa Keita \/ Di Frenna Arquitectos (\u00a9 Onnis Luque)\" data-rl_title=\"Casa Keita \/ Di Frenna Arquitectos (\u00a9 Onnis Luque)\" class=\"rl-gallery-link\" data-rl_caption=\"Casa Keita \/ Di Frenna Arquitectos (\u00a9 Onnis Luque)\" data-rel=\"lightbox-gallery-1\"><img loading=\"lazy\" decoding=\"async\" width=\"150\" height=\"150\" src=\"https:\/\/www.arquimaster.com.ar\/web\/wp-content\/uploads\/2021\/05\/casa_keita34-150x150.jpg\" class=\"attachment-thumbnail size-thumbnail\" alt=\"Casa Keita \/ Di Frenna Arquitectos\" aria-describedby=\"gallery-1-65237\" \/><\/a>\n\t\t\t<\/div>\n\t\t\t\t<figcaption class='wp-caption-text gallery-caption' id='gallery-1-65237'>\n\t\t\t\tCasa Keita \/ Di Frenna Arquitectos (\u00a9 Onnis Luque)\n\t\t\t\t<\/figcaption><\/figure><figure class='gallery-item'>\n\t\t\t<div class='gallery-icon landscape'>\n\t\t\t\t<a href='https:\/\/www.arquimaster.com.ar\/web\/wp-content\/uploads\/2021\/05\/casa_keita35.jpg' title=\"Casa Keita \/ Di Frenna Arquitectos (\u00a9 Onnis Luque)\" data-rl_title=\"Casa Keita \/ Di Frenna Arquitectos (\u00a9 Onnis Luque)\" class=\"rl-gallery-link\" data-rl_caption=\"Casa Keita \/ Di Frenna Arquitectos (\u00a9 Onnis Luque)\" data-rel=\"lightbox-gallery-1\"><img loading=\"lazy\" decoding=\"async\" width=\"150\" height=\"150\" src=\"https:\/\/www.arquimaster.com.ar\/web\/wp-content\/uploads\/2021\/05\/casa_keita35-150x150.jpg\" class=\"attachment-thumbnail size-thumbnail\" alt=\"Casa Keita \/ Di Frenna Arquitectos\" aria-describedby=\"gallery-1-65238\" \/><\/a>\n\t\t\t<\/div>\n\t\t\t\t<figcaption class='wp-caption-text gallery-caption' id='gallery-1-65238'>\n\t\t\t\tCasa Keita \/ Di Frenna Arquitectos (\u00a9 Onnis Luque)\n\t\t\t\t<\/figcaption><\/figure><figure class='gallery-item'>\n\t\t\t<div class='gallery-icon landscape'>\n\t\t\t\t<a href='https:\/\/www.arquimaster.com.ar\/web\/wp-content\/uploads\/2021\/05\/casa_keita36.jpg' title=\"Casa Keita \/ Di Frenna Arquitectos (planta)\" data-rl_title=\"Casa Keita \/ Di Frenna Arquitectos (planta)\" class=\"rl-gallery-link\" data-rl_caption=\"Casa Keita \/ Di Frenna Arquitectos (planta)\" data-rel=\"lightbox-gallery-1\"><img loading=\"lazy\" decoding=\"async\" width=\"150\" height=\"150\" src=\"https:\/\/www.arquimaster.com.ar\/web\/wp-content\/uploads\/2021\/05\/casa_keita36-150x150.jpg\" class=\"attachment-thumbnail size-thumbnail\" alt=\"Casa Keita \/ Di Frenna Arquitectos\" aria-describedby=\"gallery-1-65239\" \/><\/a>\n\t\t\t<\/div>\n\t\t\t\t<figcaption class='wp-caption-text gallery-caption' id='gallery-1-65239'>\n\t\t\t\tCasa Keita \/ Di Frenna Arquitectos (planta)\n\t\t\t\t<\/figcaption><\/figure><figure class='gallery-item'>\n\t\t\t<div class='gallery-icon landscape'>\n\t\t\t\t<a href='https:\/\/www.arquimaster.com.ar\/web\/wp-content\/uploads\/2021\/05\/casa_keita37.jpg' title=\"Casa Keita \/ Di Frenna Arquitectos (corte)\" data-rl_title=\"Casa Keita \/ Di Frenna Arquitectos (corte)\" class=\"rl-gallery-link\" data-rl_caption=\"Casa Keita \/ Di Frenna Arquitectos (corte)\" data-rel=\"lightbox-gallery-1\"><img loading=\"lazy\" decoding=\"async\" width=\"150\" height=\"150\" src=\"https:\/\/www.arquimaster.com.ar\/web\/wp-content\/uploads\/2021\/05\/casa_keita37-150x150.jpg\" class=\"attachment-thumbnail size-thumbnail\" alt=\"Casa Keita \/ Di Frenna Arquitectos\" aria-describedby=\"gallery-1-65240\" \/><\/a>\n\t\t\t<\/div>\n\t\t\t\t<figcaption class='wp-caption-text gallery-caption' id='gallery-1-65240'>\n\t\t\t\tCasa Keita \/ Di Frenna Arquitectos (corte)\n\t\t\t\t<\/figcaption><\/figure><figure class='gallery-item'>\n\t\t\t<div class='gallery-icon landscape'>\n\t\t\t\t<a href='https:\/\/www.arquimaster.com.ar\/web\/wp-content\/uploads\/2021\/05\/casa_keita38.jpg' title=\"Casa Keita \/ Di Frenna Arquitectos (corte)\" data-rl_title=\"Casa Keita \/ Di Frenna Arquitectos (corte)\" class=\"rl-gallery-link\" data-rl_caption=\"Casa Keita \/ Di Frenna Arquitectos (corte)\" data-rel=\"lightbox-gallery-1\"><img loading=\"lazy\" decoding=\"async\" width=\"150\" height=\"150\" src=\"https:\/\/www.arquimaster.com.ar\/web\/wp-content\/uploads\/2021\/05\/casa_keita38-150x150.jpg\" class=\"attachment-thumbnail size-thumbnail\" alt=\"Casa Keita \/ Di Frenna Arquitectos\" aria-describedby=\"gallery-1-65241\" \/><\/a>\n\t\t\t<\/div>\n\t\t\t\t<figcaption class='wp-caption-text gallery-caption' id='gallery-1-65241'>\n\t\t\t\tCasa Keita \/ Di Frenna Arquitectos (corte)\n\t\t\t\t<\/figcaption><\/figure><figure class='gallery-item'>\n\t\t\t<div class='gallery-icon landscape'>\n\t\t\t\t<a href='https:\/\/www.arquimaster.com.ar\/web\/wp-content\/uploads\/2021\/05\/casa_keita39.jpg' title=\"Casa Keita \/ Di Frenna Arquitectos (vista frente)\" data-rl_title=\"Casa Keita \/ Di Frenna Arquitectos (vista frente)\" class=\"rl-gallery-link\" data-rl_caption=\"Casa Keita \/ Di Frenna Arquitectos (vista frente)\" data-rel=\"lightbox-gallery-1\"><img loading=\"lazy\" decoding=\"async\" width=\"150\" height=\"150\" src=\"https:\/\/www.arquimaster.com.ar\/web\/wp-content\/uploads\/2021\/05\/casa_keita39-150x150.jpg\" class=\"attachment-thumbnail size-thumbnail\" alt=\"Casa Keita \/ Di Frenna Arquitectos\" aria-describedby=\"gallery-1-65242\" \/><\/a>\n\t\t\t<\/div>\n\t\t\t\t<figcaption class='wp-caption-text gallery-caption' id='gallery-1-65242'>\n\t\t\t\tCasa Keita \/ Di Frenna Arquitectos (vista frente)\n\t\t\t\t<\/figcaption><\/figure><figure class='gallery-item'>\n\t\t\t<div class='gallery-icon landscape'>\n\t\t\t\t<a href='https:\/\/www.arquimaster.com.ar\/web\/wp-content\/uploads\/2021\/05\/casa_keita40.jpg' title=\"Casa Keita \/ Di Frenna Arquitectos (vista oeste)\" data-rl_title=\"Casa Keita \/ Di Frenna Arquitectos (vista oeste)\" class=\"rl-gallery-link\" data-rl_caption=\"Casa Keita \/ Di Frenna Arquitectos (vista oeste)\" data-rel=\"lightbox-gallery-1\"><img loading=\"lazy\" decoding=\"async\" width=\"150\" height=\"150\" src=\"https:\/\/www.arquimaster.com.ar\/web\/wp-content\/uploads\/2021\/05\/casa_keita40-150x150.jpg\" class=\"attachment-thumbnail size-thumbnail\" alt=\"Casa Keita \/ Di Frenna Arquitectos\" aria-describedby=\"gallery-1-65243\" \/><\/a>\n\t\t\t<\/div>\n\t\t\t\t<figcaption class='wp-caption-text gallery-caption' id='gallery-1-65243'>\n\t\t\t\tCasa Keita \/ Di Frenna Arquitectos (vista oeste)\n\t\t\t\t<\/figcaption><\/figure><figure class='gallery-item'>\n\t\t\t<div class='gallery-icon landscape'>\n\t\t\t\t<a href='https:\/\/www.arquimaster.com.ar\/web\/wp-content\/uploads\/2021\/05\/casa_keita41.jpg' title=\"Casa Keita \/ Di Frenna Arquitectos (vista posterior)\" data-rl_title=\"Casa Keita \/ Di Frenna Arquitectos (vista posterior)\" class=\"rl-gallery-link\" data-rl_caption=\"Casa Keita \/ Di Frenna Arquitectos (vista posterior)\" data-rel=\"lightbox-gallery-1\"><img loading=\"lazy\" decoding=\"async\" width=\"150\" height=\"150\" src=\"https:\/\/www.arquimaster.com.ar\/web\/wp-content\/uploads\/2021\/05\/casa_keita41-150x150.jpg\" class=\"attachment-thumbnail size-thumbnail\" alt=\"Casa Keita \/ Di Frenna Arquitectos\" aria-describedby=\"gallery-1-65244\" \/><\/a>\n\t\t\t<\/div>\n\t\t\t\t<figcaption class='wp-caption-text gallery-caption' id='gallery-1-65244'>\n\t\t\t\tCasa Keita \/ Di Frenna Arquitectos (vista posterior)\n\t\t\t\t<\/figcaption><\/figure><figure class='gallery-item'>\n\t\t\t<div class='gallery-icon landscape'>\n\t\t\t\t<a href='https:\/\/www.arquimaster.com.ar\/web\/wp-content\/uploads\/2021\/05\/casa_keita42.jpg' title=\"Casa Keita \/ Di Frenna Arquitectos (vista este)\" data-rl_title=\"Casa Keita \/ Di Frenna Arquitectos (vista este)\" class=\"rl-gallery-link\" data-rl_caption=\"Casa Keita \/ Di Frenna Arquitectos (vista este)\" data-rel=\"lightbox-gallery-1\"><img loading=\"lazy\" decoding=\"async\" width=\"150\" height=\"150\" src=\"https:\/\/www.arquimaster.com.ar\/web\/wp-content\/uploads\/2021\/05\/casa_keita42-150x150.jpg\" class=\"attachment-thumbnail size-thumbnail\" alt=\"Casa Keita \/ Di Frenna Arquitectos\" aria-describedby=\"gallery-1-65245\" \/><\/a>\n\t\t\t<\/div>\n\t\t\t\t<figcaption class='wp-caption-text gallery-caption' id='gallery-1-65245'>\n\t\t\t\tCasa Keita \/ Di Frenna Arquitectos (vista este)\n\t\t\t\t<\/figcaption><\/figure>\n\t\t<\/div>\n\n<p>La vegetaci\u00f3n existente y el clima en la ciudad de Colima, permitieron la apertura continua de los vol\u00famenes propuestos. En el dise\u00f1o, todos los espacios son permeados siempre de alg\u00fan modo por la vegetaci\u00f3n, el aire y la luz natural, componentes que a la vez conquistan hasta borrar la barrera entre naturaleza y cuerpos arquitect\u00f3nicos.&nbsp;<\/p>\n<p>Para generar una atm\u00f3sfera m\u00e1s \u00edntima y acogedora, se propuso una sola planta con la intenci\u00f3n de vivir una vinculaci\u00f3n m\u00e1s directa en todos los espacios, premisa que tambi\u00e9n dio lugar al gesto en el que absolutamente todo el programa pueda convivir directa y tangiblemente con el entorno.<\/p>\n<p>En un primer encuentro al recorrer la edificaci\u00f3n, la cocina, el comedor y la sala, reciben a qui\u00e9n circula con una generosa altura que abraza por la calidez de las vigas y plaf\u00f3n de madera. La apertura de estas \u00e1reas con ventanas libres de piso a techo, conceden una perspectiva libre al fondo de la casa donde se conserva un \u00e1rbol que junto con la estructura que le rinde homenaje, dan sombra a la terraza. Por \u00faltimo, en un segundo eje se distribuyen \u00edntimamente las rec\u00e1maras que gozan siempre de agradables paisajes y constante contacto con la flora del sitio, sin dejar a un lado la privacidad solicitada.&nbsp;<\/p>\n<p>La volumetr\u00eda juega un papel interesante en el planteamiento de la casa, son claros los ejes principales del proyecto y evidente el movimiento de cuerpos que favorecen la generaci\u00f3n de nuevas \u00e1reas casi como una intencionada acci\u00f3n en el terreno de interacci\u00f3n entre negativo y positivo.&nbsp;<\/p>\n<p>Se aventur\u00f3 con una selecci\u00f3n de elementos en una gama de colores contrastante, que logr\u00f3 la armon\u00eda perfecta con los \u00e1rboles y las tonalidades verdes del contexto. La textura y el color del tabique rojo coordinado con el concreto, la madera y la presencia de la estructura de acero, proponen una est\u00e9tica que reafirma la calidez que se busc\u00f3 en el dise\u00f1o.<\/p>\n<p>La mezcla de estructura de acero y concreto fue la soluci\u00f3n que admiti\u00f3 la ejecuci\u00f3n de la construcci\u00f3n. El proceso de cimentaci\u00f3n fue uno muy meticuloso, ya que se configur\u00f3 como parte de la est\u00e9tica de la casa al proponer muros con concreto pigmentado negro que protegieran los vol\u00famenes de ladrillo los cuales se conformaron de manera artesanal.&nbsp;<\/p>\n<p>Las vigas y columnas de acero se convirtieron en fundamentos r\u00edtmicos y compositivos al formar parte de un conjunto de l\u00edneas y planos, que en ocasiones tambi\u00e9n recuerdan a grietas o aberturas verticales en los grandes cuerpos arquitect\u00f3nicos, por los que se concede un recorrido de agua que termina en acertados espejos de agua.<\/p>\n<p><strong>Ficha t\u00e9cnica<\/strong><br>Nombre: Casa Keita<br>Ubicaci\u00f3n: Colima, M\u00e9xico<br>Oficina de Arquitectura: Di Frenna Arquitectos <br>Arquitecto a Cargo: Matia Di Frenna M\u00fcller<br>Equipo de Dise\u00f1o: Matia Di Frenna M\u00fcller, Mariana De la Mora<br>Ingenier\u00eda: Ing. Juan Guardado, Ing. Hugo Saucedo<br>Paisajismo: Di Frenna Arquitectos <br>Colaboradores: Matia Di Frenna M\u00fcller, Ing. Juan Guardado, Mariana de la Mora<br>A\u00f1o finalizaci\u00f3n construcci\u00f3n: 2019<br>Superficie construida: 283 m2<br>Fotograf\u00edas: <a href=\"https:\/\/onnisluque.com\/\" target=\"_blank\" rel=\"noopener\">Onnis Luque<\/a><\/p>\n<p><strong>Contacto<\/strong><br><a href=\"https:\/\/www.difrennaarquitectos.com\" target=\"_blank\" rel=\"noopener\">https:\/\/www.difrennaarquitectos.com<\/a><\/p>\n\n\n<div style=\"height:20px\" aria-hidden=\"true\" class=\"wp-block-spacer\"><\/div>\n\n\n<p><strong><em>English version<\/em><\/strong><\/p>\n<p><em>Reinterpreting the typology of a Mexican house in a contemporary version, was the premise to design Keita House, where the central patio became the circulation and main view of the residence. This last one, serves as the project\u2019s heart, it can be contemplated from everywhere, and it is completely surrounded by both private and social areas of the proposal.&nbsp;<\/em><\/p>\n<p><em>Existing vegetation and the climate in Colima city, allowed the continuous opening of the proposed volumes. In the design, all the spaces are somehow permeated by either vegetation, wind and natural light, components that at the same time conquer until erasing the barrier between nature and architecture.&nbsp;<\/em><\/p>\n<p><em>In order to generate a more intimate and cozy atmosphere, a one-storey house was proposed, with the intention of living a more direct connection within all spaces, an assumption that also gave place to the gesture in which absolutely all the architectural program can interact directly and palpably with the environment.&nbsp;<\/em><\/p>\n<p><em>As a first encounter when wandering through the building, the kitchen, living room and dining room, welcome the visitor with a bountiful height that embraces with its wooden beams and roof. The aperture of this area with floor to ceiling windows, grants a free perspective on the background of the house, where a tree is preserved advocated by a steel structure, that provides shadow to the terrace. At last, in a second axis, the bedrooms that always enjoy pleasant landscapes and constant approach with the site\u2019s flora are distributed intimately, without leaving aside the requested privacy.&nbsp;<\/em><\/p>\n<p><em>Volumes played an interesting role in the design of the house, the main axes of the project are indisputable, and there is an evident movement of bodies that favor the creation of new areas, almost as an intentional action in the terrain of an interaction between negative and positive.&nbsp;<\/em><\/p>\n<p><em>The decision of taking a risk with a selection of elements in a contrasting range of colors, achieved a perfect aesthetic harmony with the trees and green hues of the context. The texture and color of red brick, coordinated with concrete, wood and the presence of steel structure, reaffirm the warmth with which the project was conceived from the beginning.<\/em><\/p>\n<p><em>Mixing steel structure with concrete became the solution that admitted the execution of construction. The foundation process was very precise, since it was arranged as a part of the aesthetics of the house when proposing black pigmented concrete walls that protected the brick volumes that were tailored in an artisan way.&nbsp;<\/em><\/p>\n<p><em>Beams and steel columns, were reformed rhythmic and compositional elements as part of a set of lines and faces, which also recall cracks or vertical openings in the big architectural bodies, where water runs through and ends peacefully in reflecting pools.<\/em><\/p>\n<div style=\"font-size: 0px; height: 0px; line-height: 0px; margin: 0; padding: 0; clear: both;\"><\/div><div style=\"margin-top: 0px; margin-bottom: 0px;\" class=\"sharethis-inline-share-buttons\" ><\/div>","protected":false},"excerpt":{"rendered":"<p>Interpretar la tipolog\u00eda de una casa mexicana en una versi\u00f3n contempor\u00e1nea&#8230;<\/p>\n","protected":false},"author":1,"featured_media":65203,"comment_status":"closed","ping_status":"closed","sticky":false,"template":"","format":"standard","meta":{"_uag_custom_page_level_css":"","footnotes":""},"categories":[1,83],"tags":[7089,7088,7124,7092,7091,7090,24,254],"class_list":["post-65202","post","type-post","status-publish","format-standard","has-post-thumbnail","hentry","category-proyecto","category-vivienda-unifamiliar","tag-colima","tag-di-frenna-arquitectos","tag-hugo-saucedo","tag-juan-guardado","tag-mariana-de-la-mora","tag-matia-di-frenna-muller","tag-mexico","tag-vivienda-unifamiliar-2","generate-columns","tablet-grid-50","mobile-grid-100","grid-parent","grid-50"],"yoast_head":"<!-- This site is optimized with the Yoast SEO plugin v27.3 - https:\/\/yoast.com\/product\/yoast-seo-wordpress\/ -->\n<title>Casa Keita \/ Di Frenna Arquitectos - Arquimaster<\/title>\n<meta name=\"description\" content=\"Interpretar la tipolog\u00eda de una casa mexicana en una versi\u00f3n contempor\u00e1nea, donde el patio central se convirti\u00f3 en la circulaci\u00f3n y vista principal de la residencia.\" \/>\n<meta name=\"robots\" content=\"index, follow, max-snippet:-1, max-image-preview:large, max-video-preview:-1\" \/>\n<link rel=\"canonical\" href=\"https:\/\/www.arquimaster.com.ar\/web\/casa-keita-di-frenna-arquitectos\/\" \/>\n<meta property=\"og:locale\" content=\"es_ES\" \/>\n<meta property=\"og:type\" content=\"article\" \/>\n<meta property=\"og:title\" content=\"Casa Keita \/ Di Frenna Arquitectos\" \/>\n<meta property=\"og:description\" content=\"Interpretar la tipolog\u00eda de una casa mexicana en una versi\u00f3n contempor\u00e1nea, donde el patio central se convirti\u00f3 en la circulaci\u00f3n y vista principal de la residencia.\" \/>\n<meta property=\"og:url\" content=\"https:\/\/www.arquimaster.com.ar\/web\/casa-keita-di-frenna-arquitectos\/\" \/>\n<meta property=\"og:site_name\" content=\"Arquimaster\" \/>\n<meta property=\"article:publisher\" content=\"http:\/\/www.facebook.com\/ARQUIMASTER.com.ar\" \/>\n<meta property=\"article:published_time\" content=\"2021-05-27T22:59:36+00:00\" \/>\n<meta property=\"article:modified_time\" content=\"2021-11-23T18:37:59+00:00\" \/>\n<meta property=\"og:image\" content=\"https:\/\/www.arquimaster.com.ar\/web\/wp-content\/uploads\/2021\/05\/casa_keita_slide.jpg\" \/>\n\t<meta property=\"og:image:width\" content=\"698\" \/>\n\t<meta property=\"og:image:height\" content=\"364\" \/>\n\t<meta property=\"og:image:type\" content=\"image\/jpeg\" \/>\n<meta name=\"author\" content=\"Arquimaster\" \/>\n<meta name=\"twitter:card\" content=\"summary_large_image\" \/>\n<meta name=\"twitter:title\" content=\"Casa Keita \/ Di Frenna Arquitectos\" \/>\n<meta name=\"twitter:description\" content=\"Interpretar la tipolog\u00eda de una casa mexicana en una versi\u00f3n contempor\u00e1nea, donde el patio central se convirti\u00f3 en la circulaci\u00f3n y vista principal de la residencia.\" \/>\n<meta name=\"twitter:image\" content=\"https:\/\/www.arquimaster.com.ar\/web\/wp-content\/uploads\/2021\/05\/casa_keita_slide.jpg\" \/>\n<meta name=\"twitter:creator\" content=\"@arquimaster\" \/>\n<meta name=\"twitter:site\" content=\"@arquimaster\" \/>\n<meta name=\"twitter:label1\" content=\"Escrito por\" \/>\n\t<meta name=\"twitter:data1\" content=\"Arquimaster\" \/>\n\t<meta name=\"twitter:label2\" content=\"Tiempo de lectura\" \/>\n\t<meta name=\"twitter:data2\" content=\"5 minutos\" \/>\n<script type=\"application\/ld+json\" class=\"yoast-schema-graph\">{\"@context\":\"https:\\\/\\\/schema.org\",\"@graph\":[{\"@type\":\"Article\",\"@id\":\"https:\\\/\\\/www.arquimaster.com.ar\\\/web\\\/casa-keita-di-frenna-arquitectos\\\/#article\",\"isPartOf\":{\"@id\":\"https:\\\/\\\/www.arquimaster.com.ar\\\/web\\\/casa-keita-di-frenna-arquitectos\\\/\"},\"author\":{\"name\":\"Arquimaster\",\"@id\":\"https:\\\/\\\/www.arquimaster.com.ar\\\/web\\\/#\\\/schema\\\/person\\\/359e9f7c00193fcde068e0dd2ceb0028\"},\"headline\":\"Casa Keita \\\/ Di Frenna Arquitectos\",\"datePublished\":\"2021-05-27T22:59:36+00:00\",\"dateModified\":\"2021-11-23T18:37:59+00:00\",\"mainEntityOfPage\":{\"@id\":\"https:\\\/\\\/www.arquimaster.com.ar\\\/web\\\/casa-keita-di-frenna-arquitectos\\\/\"},\"wordCount\":1095,\"publisher\":{\"@id\":\"https:\\\/\\\/www.arquimaster.com.ar\\\/web\\\/#organization\"},\"image\":{\"@id\":\"https:\\\/\\\/www.arquimaster.com.ar\\\/web\\\/casa-keita-di-frenna-arquitectos\\\/#primaryimage\"},\"thumbnailUrl\":\"https:\\\/\\\/www.arquimaster.com.ar\\\/web\\\/wp-content\\\/uploads\\\/2021\\\/05\\\/casa_keita_slide.jpg\",\"keywords\":[\"Colima\",\"Di Frenna Arquitectos\",\"Hugo Saucedo\",\"Juan Guardado\",\"Mariana De la Mora\",\"Matia Di Frenna M\u00fcller\",\"Mexico\",\"vivienda unifamiliar\"],\"articleSection\":[\"Proyecto\",\"Vivienda unifamiliar y PH\"],\"inLanguage\":\"es\"},{\"@type\":\"WebPage\",\"@id\":\"https:\\\/\\\/www.arquimaster.com.ar\\\/web\\\/casa-keita-di-frenna-arquitectos\\\/\",\"url\":\"https:\\\/\\\/www.arquimaster.com.ar\\\/web\\\/casa-keita-di-frenna-arquitectos\\\/\",\"name\":\"Casa Keita \\\/ Di Frenna Arquitectos - Arquimaster\",\"isPartOf\":{\"@id\":\"https:\\\/\\\/www.arquimaster.com.ar\\\/web\\\/#website\"},\"primaryImageOfPage\":{\"@id\":\"https:\\\/\\\/www.arquimaster.com.ar\\\/web\\\/casa-keita-di-frenna-arquitectos\\\/#primaryimage\"},\"image\":{\"@id\":\"https:\\\/\\\/www.arquimaster.com.ar\\\/web\\\/casa-keita-di-frenna-arquitectos\\\/#primaryimage\"},\"thumbnailUrl\":\"https:\\\/\\\/www.arquimaster.com.ar\\\/web\\\/wp-content\\\/uploads\\\/2021\\\/05\\\/casa_keita_slide.jpg\",\"datePublished\":\"2021-05-27T22:59:36+00:00\",\"dateModified\":\"2021-11-23T18:37:59+00:00\",\"description\":\"Interpretar la tipolog\u00eda de una casa mexicana en una versi\u00f3n contempor\u00e1nea, donde el patio central se convirti\u00f3 en la circulaci\u00f3n y vista principal de la residencia.\",\"breadcrumb\":{\"@id\":\"https:\\\/\\\/www.arquimaster.com.ar\\\/web\\\/casa-keita-di-frenna-arquitectos\\\/#breadcrumb\"},\"inLanguage\":\"es\",\"potentialAction\":[{\"@type\":\"ReadAction\",\"target\":[\"https:\\\/\\\/www.arquimaster.com.ar\\\/web\\\/casa-keita-di-frenna-arquitectos\\\/\"]}]},{\"@type\":\"ImageObject\",\"inLanguage\":\"es\",\"@id\":\"https:\\\/\\\/www.arquimaster.com.ar\\\/web\\\/casa-keita-di-frenna-arquitectos\\\/#primaryimage\",\"url\":\"https:\\\/\\\/www.arquimaster.com.ar\\\/web\\\/wp-content\\\/uploads\\\/2021\\\/05\\\/casa_keita_slide.jpg\",\"contentUrl\":\"https:\\\/\\\/www.arquimaster.com.ar\\\/web\\\/wp-content\\\/uploads\\\/2021\\\/05\\\/casa_keita_slide.jpg\",\"width\":698,\"height\":364,\"caption\":\"Casa Keita \\\/ Di Frenna Arquitectos\"},{\"@type\":\"BreadcrumbList\",\"@id\":\"https:\\\/\\\/www.arquimaster.com.ar\\\/web\\\/casa-keita-di-frenna-arquitectos\\\/#breadcrumb\",\"itemListElement\":[{\"@type\":\"ListItem\",\"position\":1,\"name\":\"Portada\",\"item\":\"https:\\\/\\\/www.arquimaster.com.ar\\\/web\\\/\"},{\"@type\":\"ListItem\",\"position\":2,\"name\":\"Casa Keita \\\/ Di Frenna Arquitectos\"}]},{\"@type\":\"WebSite\",\"@id\":\"https:\\\/\\\/www.arquimaster.com.ar\\\/web\\\/#website\",\"url\":\"https:\\\/\\\/www.arquimaster.com.ar\\\/web\\\/\",\"name\":\"Arquimaster\",\"description\":\"Web de arquitectura, dise\u00f1o y construccion\",\"publisher\":{\"@id\":\"https:\\\/\\\/www.arquimaster.com.ar\\\/web\\\/#organization\"},\"potentialAction\":[{\"@type\":\"SearchAction\",\"target\":{\"@type\":\"EntryPoint\",\"urlTemplate\":\"https:\\\/\\\/www.arquimaster.com.ar\\\/web\\\/?s={search_term_string}\"},\"query-input\":{\"@type\":\"PropertyValueSpecification\",\"valueRequired\":true,\"valueName\":\"search_term_string\"}}],\"inLanguage\":\"es\"},{\"@type\":\"Organization\",\"@id\":\"https:\\\/\\\/www.arquimaster.com.ar\\\/web\\\/#organization\",\"name\":\"Arquimaster\",\"url\":\"https:\\\/\\\/www.arquimaster.com.ar\\\/web\\\/\",\"logo\":{\"@type\":\"ImageObject\",\"inLanguage\":\"es\",\"@id\":\"https:\\\/\\\/www.arquimaster.com.ar\\\/web\\\/#\\\/schema\\\/logo\\\/image\\\/\",\"url\":\"https:\\\/\\\/www.arquimaster.com.ar\\\/web\\\/wp-content\\\/uploads\\\/2022\\\/06\\\/arquimaster.png\",\"contentUrl\":\"https:\\\/\\\/www.arquimaster.com.ar\\\/web\\\/wp-content\\\/uploads\\\/2022\\\/06\\\/arquimaster.png\",\"width\":594,\"height\":78,\"caption\":\"Arquimaster\"},\"image\":{\"@id\":\"https:\\\/\\\/www.arquimaster.com.ar\\\/web\\\/#\\\/schema\\\/logo\\\/image\\\/\"},\"sameAs\":[\"http:\\\/\\\/www.facebook.com\\\/ARQUIMASTER.com.ar\",\"https:\\\/\\\/x.com\\\/arquimaster\",\"https:\\\/\\\/www.instagram.com\\\/arquimasterblog\\\/\",\"https:\\\/\\\/www.linkedin.com\\\/company\\\/arquimaster\",\"https:\\\/\\\/www.pinterest.com\\\/arquimaster\",\"https:\\\/\\\/t.me\\\/arquimaster\"]},{\"@type\":\"Person\",\"@id\":\"https:\\\/\\\/www.arquimaster.com.ar\\\/web\\\/#\\\/schema\\\/person\\\/359e9f7c00193fcde068e0dd2ceb0028\",\"name\":\"Arquimaster\"}]}<\/script>\n<!-- \/ Yoast SEO plugin. -->","yoast_head_json":{"title":"Casa Keita \/ Di Frenna Arquitectos - Arquimaster","description":"Interpretar la tipolog\u00eda de una casa mexicana en una versi\u00f3n contempor\u00e1nea, donde el patio central se convirti\u00f3 en la circulaci\u00f3n y vista principal de la residencia.","robots":{"index":"index","follow":"follow","max-snippet":"max-snippet:-1","max-image-preview":"max-image-preview:large","max-video-preview":"max-video-preview:-1"},"canonical":"https:\/\/www.arquimaster.com.ar\/web\/casa-keita-di-frenna-arquitectos\/","og_locale":"es_ES","og_type":"article","og_title":"Casa Keita \/ Di Frenna Arquitectos","og_description":"Interpretar la tipolog\u00eda de una casa mexicana en una versi\u00f3n contempor\u00e1nea, donde el patio central se convirti\u00f3 en la circulaci\u00f3n y vista principal de la residencia.","og_url":"https:\/\/www.arquimaster.com.ar\/web\/casa-keita-di-frenna-arquitectos\/","og_site_name":"Arquimaster","article_publisher":"http:\/\/www.facebook.com\/ARQUIMASTER.com.ar","article_published_time":"2021-05-27T22:59:36+00:00","article_modified_time":"2021-11-23T18:37:59+00:00","og_image":[{"width":698,"height":364,"url":"https:\/\/www.arquimaster.com.ar\/web\/wp-content\/uploads\/2021\/05\/casa_keita_slide.jpg","type":"image\/jpeg"}],"author":"Arquimaster","twitter_card":"summary_large_image","twitter_title":"Casa Keita \/ Di Frenna Arquitectos","twitter_description":"Interpretar la tipolog\u00eda de una casa mexicana en una versi\u00f3n contempor\u00e1nea, donde el patio central se convirti\u00f3 en la circulaci\u00f3n y vista principal de la residencia.","twitter_image":"https:\/\/www.arquimaster.com.ar\/web\/wp-content\/uploads\/2021\/05\/casa_keita_slide.jpg","twitter_creator":"@arquimaster","twitter_site":"@arquimaster","twitter_misc":{"Escrito por":"Arquimaster","Tiempo de lectura":"5 minutos"},"schema":{"@context":"https:\/\/schema.org","@graph":[{"@type":"Article","@id":"https:\/\/www.arquimaster.com.ar\/web\/casa-keita-di-frenna-arquitectos\/#article","isPartOf":{"@id":"https:\/\/www.arquimaster.com.ar\/web\/casa-keita-di-frenna-arquitectos\/"},"author":{"name":"Arquimaster","@id":"https:\/\/www.arquimaster.com.ar\/web\/#\/schema\/person\/359e9f7c00193fcde068e0dd2ceb0028"},"headline":"Casa Keita \/ Di Frenna Arquitectos","datePublished":"2021-05-27T22:59:36+00:00","dateModified":"2021-11-23T18:37:59+00:00","mainEntityOfPage":{"@id":"https:\/\/www.arquimaster.com.ar\/web\/casa-keita-di-frenna-arquitectos\/"},"wordCount":1095,"publisher":{"@id":"https:\/\/www.arquimaster.com.ar\/web\/#organization"},"image":{"@id":"https:\/\/www.arquimaster.com.ar\/web\/casa-keita-di-frenna-arquitectos\/#primaryimage"},"thumbnailUrl":"https:\/\/www.arquimaster.com.ar\/web\/wp-content\/uploads\/2021\/05\/casa_keita_slide.jpg","keywords":["Colima","Di Frenna Arquitectos","Hugo Saucedo","Juan Guardado","Mariana De la Mora","Matia Di Frenna M\u00fcller","Mexico","vivienda unifamiliar"],"articleSection":["Proyecto","Vivienda unifamiliar y PH"],"inLanguage":"es"},{"@type":"WebPage","@id":"https:\/\/www.arquimaster.com.ar\/web\/casa-keita-di-frenna-arquitectos\/","url":"https:\/\/www.arquimaster.com.ar\/web\/casa-keita-di-frenna-arquitectos\/","name":"Casa Keita \/ Di Frenna Arquitectos - Arquimaster","isPartOf":{"@id":"https:\/\/www.arquimaster.com.ar\/web\/#website"},"primaryImageOfPage":{"@id":"https:\/\/www.arquimaster.com.ar\/web\/casa-keita-di-frenna-arquitectos\/#primaryimage"},"image":{"@id":"https:\/\/www.arquimaster.com.ar\/web\/casa-keita-di-frenna-arquitectos\/#primaryimage"},"thumbnailUrl":"https:\/\/www.arquimaster.com.ar\/web\/wp-content\/uploads\/2021\/05\/casa_keita_slide.jpg","datePublished":"2021-05-27T22:59:36+00:00","dateModified":"2021-11-23T18:37:59+00:00","description":"Interpretar la tipolog\u00eda de una casa mexicana en una versi\u00f3n contempor\u00e1nea, donde el patio central se convirti\u00f3 en la circulaci\u00f3n y vista principal de la residencia.","breadcrumb":{"@id":"https:\/\/www.arquimaster.com.ar\/web\/casa-keita-di-frenna-arquitectos\/#breadcrumb"},"inLanguage":"es","potentialAction":[{"@type":"ReadAction","target":["https:\/\/www.arquimaster.com.ar\/web\/casa-keita-di-frenna-arquitectos\/"]}]},{"@type":"ImageObject","inLanguage":"es","@id":"https:\/\/www.arquimaster.com.ar\/web\/casa-keita-di-frenna-arquitectos\/#primaryimage","url":"https:\/\/www.arquimaster.com.ar\/web\/wp-content\/uploads\/2021\/05\/casa_keita_slide.jpg","contentUrl":"https:\/\/www.arquimaster.com.ar\/web\/wp-content\/uploads\/2021\/05\/casa_keita_slide.jpg","width":698,"height":364,"caption":"Casa Keita \/ Di Frenna Arquitectos"},{"@type":"BreadcrumbList","@id":"https:\/\/www.arquimaster.com.ar\/web\/casa-keita-di-frenna-arquitectos\/#breadcrumb","itemListElement":[{"@type":"ListItem","position":1,"name":"Portada","item":"https:\/\/www.arquimaster.com.ar\/web\/"},{"@type":"ListItem","position":2,"name":"Casa Keita \/ Di Frenna Arquitectos"}]},{"@type":"WebSite","@id":"https:\/\/www.arquimaster.com.ar\/web\/#website","url":"https:\/\/www.arquimaster.com.ar\/web\/","name":"Arquimaster","description":"Web de arquitectura, dise\u00f1o y construccion","publisher":{"@id":"https:\/\/www.arquimaster.com.ar\/web\/#organization"},"potentialAction":[{"@type":"SearchAction","target":{"@type":"EntryPoint","urlTemplate":"https:\/\/www.arquimaster.com.ar\/web\/?s={search_term_string}"},"query-input":{"@type":"PropertyValueSpecification","valueRequired":true,"valueName":"search_term_string"}}],"inLanguage":"es"},{"@type":"Organization","@id":"https:\/\/www.arquimaster.com.ar\/web\/#organization","name":"Arquimaster","url":"https:\/\/www.arquimaster.com.ar\/web\/","logo":{"@type":"ImageObject","inLanguage":"es","@id":"https:\/\/www.arquimaster.com.ar\/web\/#\/schema\/logo\/image\/","url":"https:\/\/www.arquimaster.com.ar\/web\/wp-content\/uploads\/2022\/06\/arquimaster.png","contentUrl":"https:\/\/www.arquimaster.com.ar\/web\/wp-content\/uploads\/2022\/06\/arquimaster.png","width":594,"height":78,"caption":"Arquimaster"},"image":{"@id":"https:\/\/www.arquimaster.com.ar\/web\/#\/schema\/logo\/image\/"},"sameAs":["http:\/\/www.facebook.com\/ARQUIMASTER.com.ar","https:\/\/x.com\/arquimaster","https:\/\/www.instagram.com\/arquimasterblog\/","https:\/\/www.linkedin.com\/company\/arquimaster","https:\/\/www.pinterest.com\/arquimaster","https:\/\/t.me\/arquimaster"]},{"@type":"Person","@id":"https:\/\/www.arquimaster.com.ar\/web\/#\/schema\/person\/359e9f7c00193fcde068e0dd2ceb0028","name":"Arquimaster"}]}},"uagb_featured_image_src":{"full":["https:\/\/www.arquimaster.com.ar\/web\/wp-content\/uploads\/2021\/05\/casa_keita_slide.jpg",698,364,false],"thumbnail":["https:\/\/www.arquimaster.com.ar\/web\/wp-content\/uploads\/2021\/05\/casa_keita_slide-150x150.jpg",150,150,true],"medium":["https:\/\/www.arquimaster.com.ar\/web\/wp-content\/uploads\/2021\/05\/casa_keita_slide.jpg",698,364,false],"medium_large":["https:\/\/www.arquimaster.com.ar\/web\/wp-content\/uploads\/2021\/05\/casa_keita_slide.jpg",698,364,false],"large":["https:\/\/www.arquimaster.com.ar\/web\/wp-content\/uploads\/2021\/05\/casa_keita_slide.jpg",698,364,false],"1536x1536":["https:\/\/www.arquimaster.com.ar\/web\/wp-content\/uploads\/2021\/05\/casa_keita_slide.jpg",698,364,false],"2048x2048":["https:\/\/www.arquimaster.com.ar\/web\/wp-content\/uploads\/2021\/05\/casa_keita_slide.jpg",698,364,false]},"uagb_author_info":{"display_name":"Arquimaster","author_link":"https:\/\/www.arquimaster.com.ar\/web\/author\/arquimaster\/"},"uagb_comment_info":0,"uagb_excerpt":"Interpretar la tipolog\u00eda de una casa mexicana en una versi\u00f3n contempor\u00e1nea...","_links":{"self":[{"href":"https:\/\/www.arquimaster.com.ar\/web\/wp-json\/wp\/v2\/posts\/65202","targetHints":{"allow":["GET"]}}],"collection":[{"href":"https:\/\/www.arquimaster.com.ar\/web\/wp-json\/wp\/v2\/posts"}],"about":[{"href":"https:\/\/www.arquimaster.com.ar\/web\/wp-json\/wp\/v2\/types\/post"}],"author":[{"embeddable":true,"href":"https:\/\/www.arquimaster.com.ar\/web\/wp-json\/wp\/v2\/users\/1"}],"replies":[{"embeddable":true,"href":"https:\/\/www.arquimaster.com.ar\/web\/wp-json\/wp\/v2\/comments?post=65202"}],"version-history":[{"count":3,"href":"https:\/\/www.arquimaster.com.ar\/web\/wp-json\/wp\/v2\/posts\/65202\/revisions"}],"predecessor-version":[{"id":67924,"href":"https:\/\/www.arquimaster.com.ar\/web\/wp-json\/wp\/v2\/posts\/65202\/revisions\/67924"}],"wp:featuredmedia":[{"embeddable":true,"href":"https:\/\/www.arquimaster.com.ar\/web\/wp-json\/wp\/v2\/media\/65203"}],"wp:attachment":[{"href":"https:\/\/www.arquimaster.com.ar\/web\/wp-json\/wp\/v2\/media?parent=65202"}],"wp:term":[{"taxonomy":"category","embeddable":true,"href":"https:\/\/www.arquimaster.com.ar\/web\/wp-json\/wp\/v2\/categories?post=65202"},{"taxonomy":"post_tag","embeddable":true,"href":"https:\/\/www.arquimaster.com.ar\/web\/wp-json\/wp\/v2\/tags?post=65202"}],"curies":[{"name":"wp","href":"https:\/\/api.w.org\/{rel}","templated":true}]}}