{"id":65248,"date":"2021-05-27T20:24:32","date_gmt":"2021-05-27T23:24:32","guid":{"rendered":"https:\/\/www.arquimaster.com.ar\/web\/?p=65248"},"modified":"2023-02-18T20:24:35","modified_gmt":"2023-02-18T23:24:35","slug":"curso-diseno-y-reforma-de-viviendas","status":"publish","type":"post","link":"https:\/\/www.arquimaster.com.ar\/web\/curso-diseno-y-reforma-de-viviendas\/","title":{"rendered":"Curso Dise\u00f1o y Reforma de Viviendas"},"content":{"rendered":"<div style=\"margin-top: 0px; margin-bottom: 0px;\" class=\"sharethis-inline-share-buttons\" ><\/div><div class=\"b812932af2e751442846f039925109de\" data-index=\"1\" style=\"float: none; margin:25px 0 25px 0; text-align:center;\">\n<script async src=\"https:\/\/pagead2.googlesyndication.com\/pagead\/js\/adsbygoogle.js\"><\/script>\r\n<!-- Arquimaster (superior) -->\r\n<ins class=\"adsbygoogle\"\r\n     style=\"display:block\"\r\n     data-ad-client=\"ca-pub-6351072698456832\"\r\n     data-ad-slot=\"6455489680\"\r\n     data-ad-format=\"auto\"\r\n     data-full-width-responsive=\"true\"><\/ins>\r\n<script>\r\n     (adsbygoogle = window.adsbygoogle || []).push({});\r\n<\/script>\n<\/div>\n<h3>Con el <strong><a href=\"https:\/\/www.arquimaster.com.ar\/web\/diseno-y-reforma-de-viviendas\" target=\"_blank\" rel=\"noopener\">Curso Dise\u00f1o y reforma de viviendas<\/a><\/strong> aprende a dise\u00f1ar la reforma de tu casa, desde los aspectos generales hasta el m\u00e1s m\u00ednimo detalle y convertir tus ideas en un espacio que te enamore, con un dise\u00f1o arm\u00f3nico y atemporal.<\/h3>\n\n\n<div style=\"height:20px\" aria-hidden=\"true\" class=\"wp-block-spacer\"><\/div>\n\n\n\n<div class=\"wp-block-buttons is-layout-flex wp-block-buttons-is-layout-flex\">\n<div class=\"wp-block-button has-custom-width wp-block-button__width-100 has-custom-font-size has-medium-font-size\"><a class=\"wp-block-button__link has-very-light-gray-to-cyan-bluish-gray-gradient-background has-text-color has-background wp-element-button\" href=\"https:\/\/www.arquimaster.com.ar\/web\/diseno-y-reforma-de-viviendas\" style=\"border-radius:20px;color:#333333\" target=\"_blank\" rel=\"noreferrer noopener\">Click para m\u00e1s informaci\u00f3n sobre el<br><strong>Curso Dise\u00f1o y Reforma de Viviendas<\/strong><\/a><\/div>\n<\/div>\n\n\n\n<div style=\"height:20px\" aria-hidden=\"true\" class=\"wp-block-spacer\"><\/div>\n\n\n<p>El <a href=\"https:\/\/www.arquimaster.com.ar\/web\/diseno-y-reforma-de-viviendas\" target=\"_blank\" rel=\"noopener\"><strong>Curso Dise\u00f1o y Reforma de Viviendas<\/strong><\/a> es online, a distancia, y puede comenzarse en cualquier momento del a\u00f1o. El acceso al curso es ilimitado para siempre y lo podes cursar a tu propio ritmo. El curso est\u00e1 dictado por Himera Estudio, estudio de arquitectura y dise\u00f1o de interiores.<\/p>\n<h3><em><strong>Crea espacios que perduren en el tiempo y que se ajusten a tu presupuesto.<\/strong><\/em><\/h3>\n<p>Cada casa tiene una historia que contar, \u00bfimaginas cu\u00e1l ser\u00e1 la de tu hogar? Ana Campos y Edgar Esteban, fundadores del estudio de arquitectura e interiorismo Himera Estudio, dan forma a la narrativa de las viviendas creando espacios que dialoguen con las personas que los habitan.<\/p>\n<p>En este curso aprender\u00e1s a dise\u00f1ar la reforma de tu casa, desde los aspectos generales hasta el m\u00e1s m\u00ednimo detalle. Convertir\u00e1s tus ideas en un espacio que te enamore, con un dise\u00f1o arm\u00f3nico y atemporal.<\/p>\n<p><strong>\u00bfQu\u00e9 incluye este curso?<\/strong><br \/>Para empezar, Ana Campos y Edgar Esteban te hablar\u00e1n sobre su historia, explic\u00e1ndote c\u00f3mo se conocieron y c\u00f3mo naci\u00f3 Himera Estudio. Tambi\u00e9n te contar\u00e1n cu\u00e1l es la base de sus proyectos y qu\u00e9 profesionales de la arquitectura les inspiran.<\/p>\n<p>En la siguiente unidad, analizar\u00e1s las necesidades de tu casa antes de pasar a la reforma. Ana y Edgar compartir\u00e1n contigo su m\u00e9todo preferido para tomar los datos del espacio. Luego, te ense\u00f1ar\u00e1n c\u00f3mo y d\u00f3nde buscar las referencias visuales que marcar\u00e1n las l\u00edneas de tu proyecto y plasmar\u00e1s toda esa informaci\u00f3n en un mood board.<\/p>\n<p>A continuaci\u00f3n, comenzar\u00e1s con el dise\u00f1o de la reforma que transformar\u00e1 tu hogar. Primero, detectar\u00e1s la estructura principal y las instalaciones para adecuar la distribuci\u00f3n espacial.<\/p>\n<p>Despu\u00e9s, seleccionar\u00e1s los materiales para suelos, paredes y techos, y aprender\u00e1s cu\u00e1les son los mejores acabados para cada estancia.<\/p>\n<p>Dise\u00f1ar\u00e1s la iluminaci\u00f3n y vestir\u00e1s el espacio mediante carpinter\u00eda de madera a medida, adaptando todas las decisiones a tu presupuesto.<\/p>\n<p>Por \u00faltimo, Ana y Edgar te mostrar\u00e1n c\u00f3mo transcribir todas las decisiones que has tomado en una memoria que puedas compartir con la empresa constructora. Y, adem\u00e1s, te dar\u00e1n algunos consejos finales para que el resultado sea un \u00e9xito.<\/p>\n<p><strong>\u00bfCu\u00e1l es el proyecto del curso?<\/strong><br \/>Dise\u00f1ar\u00e1s la reforma de tu propia casa o de un modelo que tus profesores te propondr\u00e1n durante el curso.<\/p>\n<p><strong>\u00bfA qui\u00e9n est\u00e1 dirigido?<\/strong><br \/>A cualquier persona apasionada del dise\u00f1o y el interiorismo que quiera reformar su casa.<\/p>\n<p><strong>Requisitos<\/strong><br \/>No es necesario tener experiencia previa en arquitectura o dise\u00f1o de interiores. Definir\u00e1s el proyecto seg\u00fan tu grado de conocimientos y, sea cual sea, el resultado ser\u00e1 suficiente para poder llevar a cabo la transformaci\u00f3n de tu casa.<\/p>\n<p><strong>Contenidos<\/strong><\/p>\n<p style=\"padding-left: 40px;\"><strong>Introducci\u00f3n<\/strong><br \/>Presentaci\u00f3n<br \/>Influencias<\/p>\n<p style=\"padding-left: 40px;\"><strong>Pasos previos e inspiraci\u00f3n antes de dise\u00f1ar la reforma<\/strong><br \/>Qu\u00e9 necesitaremos para el curso<br \/>An\u00e1lisis de necesidades<br \/>Estado previo de la casa: toma y volcado de datos<br \/>B\u00fasqueda de referencias<br \/>Mood board de materiales<\/p>\n<p style=\"padding-left: 40px;\"><strong>Dise\u00f1o de la reforma de tu casa<\/strong><br \/>Mejorando la distribuci\u00f3n espacial<br \/>Dise\u00f1o y elecci\u00f3n de suelos y paredes<br \/>Dise\u00f1o y elecci\u00f3n de techos e iluminaci\u00f3n<br \/>Dise\u00f1o de carpinter\u00eda<br \/>Elecci\u00f3n de complementos<\/p>\n<p style=\"padding-left: 40px;\"><strong>\u00daltimos pasos y consejos finales<\/strong><br \/>Memoria de acabados y complementos<br \/>Tips finales: agilizando el proceso<\/p>\n<p style=\"padding-left: 40px;\"><strong>Proyecto final<\/strong><br \/>Dise\u00f1o y reforma de viviendas<\/p>\n<h2><a href=\"https:\/\/www.arquimaster.com.ar\/web\/diseno-y-reforma-de-viviendas\" target=\"_blank\" rel=\"noopener\">Click para m\u00e1s informaci\u00f3n sobre el <strong>Curso Dise\u00f1o y Reforma de Viviendas<\/strong><\/a><\/h2>\n\n\n<div class=\"wp-block-group\"><div class=\"wp-block-group__inner-container is-layout-flow wp-block-group-is-layout-flow\">\n<div style=\"height:20px\" aria-hidden=\"true\" class=\"wp-block-spacer\"><\/div>\n<\/div><\/div>\n\n\n\n<h2 class=\"wp-block-heading\">M\u00e1s cursos que podr\u00edan interesarte&#8230;<\/h2>\n\n\n\n\t\t\t<div class=\"wp-block-uagb-post-grid uagb-post-grid  uagb-post__image-position-top uagb-post__image-enabled uagb-block-48a46709     uagb-post__items uagb-post__columns-2 is-grid uagb-post__columns-tablet-2 uagb-post__columns-mobile-1 uagb-post__equal-height\" data-total=\"6\" style=\"\">\n\n\t\t\t\t\t\t\t\t\t\t\t\t<article class=\"uagb-post__inner-wrap\">\t\t\t\t\t\t\t\t<div class='uagb-post__image'>\n\t\t\t\t\t\t\t\t\t<a href=\"https:\/\/www.arquimaster.com.ar\/web\/curso-materiales-para-diseno-de-interiores\/\" target=\"_self\" rel=\"bookmark noopener noreferrer\" class='uagb-image-ratio-inherit'><img loading=\"lazy\" decoding=\"async\" width=\"698\" height=\"364\" src=\"https:\/\/www.arquimaster.com.ar\/web\/wp-content\/uploads\/2021\/05\/curso_materiales_diseno_interior_slide.jpg\" class=\"attachment-large size-large\" alt=\"Curso Materiales para dise\u00f1o de interiores\" \/>\t\t\t\t\t<\/a>\n\t\t\t\t\t\t\t<\/div>\n\t\t\t\t\t\t<h2 class=\"uagb-post__title uagb-post__text\">\n\t\t\t\t<a href=\"https:\/\/www.arquimaster.com.ar\/web\/curso-materiales-para-diseno-de-interiores\/\" target=\"_self\" rel=\"bookmark noopener noreferrer\">Curso Materiales para dise\u00f1o de interiores<\/a>\n\t\t\t<\/h2>\n\t\t\t\t\t\t<div class='uagb-post__text uagb-post-grid-byline'>\n\t\t\t\t\t\t\t<\/div>\n\t\t\t\t\t\t\t<div class='uagb-post__text uagb-post__excerpt'>\n\t\t\t\t\tAprende a elegir materiales, combinando sus texturas y colores para convertir cada espacio&#8230;\t\t\t\t<\/div>\n\t\t\t\t\t\t<div class=\"uagb-post__text uagb-post__cta wp-block-button\">\n\t\t\t\t<a class=\"wp-block-button__link uagb-text-link\" style=\"\" href=\"https:\/\/www.arquimaster.com.ar\/web\/curso-materiales-para-diseno-de-interiores\/\" target=\"_self\" rel=\"bookmark noopener noreferrer\">IR al Curso&#8230;<\/a>\n\t\t\t<\/div>\n\t\t\t\n\t\t\t\t\t\t\t\t\t<\/article>\n\t\t\t\t\t\t\t\t\t\t\t\t\t\t\t\t<article class=\"uagb-post__inner-wrap\">\t\t\t\t\t\t\t\t<div class='uagb-post__image'>\n\t\t\t\t\t\t\t\t\t<a href=\"https:\/\/www.arquimaster.com.ar\/web\/curso-introduccion-al-diseno-e-impresion-en-3d\/\" target=\"_self\" rel=\"bookmark noopener noreferrer\" class='uagb-image-ratio-inherit'><img loading=\"lazy\" decoding=\"async\" width=\"698\" height=\"364\" src=\"https:\/\/www.arquimaster.com.ar\/web\/wp-content\/uploads\/2020\/04\/curso_impresion_3d_domestika_slide.jpg\" class=\"attachment-large size-large\" alt=\"\" \/>\t\t\t\t\t<\/a>\n\t\t\t\t\t\t\t<\/div>\n\t\t\t\t\t\t<h2 class=\"uagb-post__title uagb-post__text\">\n\t\t\t\t<a href=\"https:\/\/www.arquimaster.com.ar\/web\/curso-introduccion-al-diseno-e-impresion-en-3d\/\" target=\"_self\" rel=\"bookmark noopener noreferrer\">Curso Introducci\u00f3n al dise\u00f1o e impresi\u00f3n en 3D<\/a>\n\t\t\t<\/h2>\n\t\t\t\t\t\t<div class='uagb-post__text uagb-post-grid-byline'>\n\t\t\t\t\t\t\t<\/div>\n\t\t\t\t\t\t\t<div class='uagb-post__text uagb-post__excerpt'>\n\t\t\t\t\tAprende paso a paso el proceso de dise\u00f1o, modelado e impresi\u00f3n en 3D&#8230;\t\t\t\t<\/div>\n\t\t\t\t\t\t<div class=\"uagb-post__text uagb-post__cta wp-block-button\">\n\t\t\t\t<a class=\"wp-block-button__link uagb-text-link\" style=\"\" href=\"https:\/\/www.arquimaster.com.ar\/web\/curso-introduccion-al-diseno-e-impresion-en-3d\/\" target=\"_self\" rel=\"bookmark noopener noreferrer\">IR al Curso&#8230;<\/a>\n\t\t\t<\/div>\n\t\t\t\n\t\t\t\t\t\t\t\t\t<\/article>\n\t\t\t\t\t\t\t\t\t\t\t\t\t\t\t\t<article class=\"uagb-post__inner-wrap\">\t\t\t\t\t\t\t\t<div class='uagb-post__image'>\n\t\t\t\t\t\t\t\t\t<a href=\"https:\/\/www.arquimaster.com.ar\/web\/curso-infografia-arquitectonica-en-3d\/\" target=\"_self\" rel=\"bookmark noopener noreferrer\" class='uagb-image-ratio-inherit'><img loading=\"lazy\" decoding=\"async\" width=\"698\" height=\"364\" src=\"https:\/\/www.arquimaster.com.ar\/web\/wp-content\/uploads\/2020\/05\/curso_infografia_arquitectonica_3d_domestika_slide.jpg\" class=\"attachment-large size-large\" alt=\"\" \/>\t\t\t\t\t<\/a>\n\t\t\t\t\t\t\t<\/div>\n\t\t\t\t\t\t<h2 class=\"uagb-post__title uagb-post__text\">\n\t\t\t\t<a href=\"https:\/\/www.arquimaster.com.ar\/web\/curso-infografia-arquitectonica-en-3d\/\" target=\"_self\" rel=\"bookmark noopener noreferrer\">Curso Infograf\u00eda arquitect\u00f3nica en 3D<\/a>\n\t\t\t<\/h2>\n\t\t\t\t\t\t<div class='uagb-post__text uagb-post-grid-byline'>\n\t\t\t\t\t\t\t<\/div>\n\t\t\t\t\t\t\t<div class='uagb-post__text uagb-post__excerpt'>\n\t\t\t\t\tAprende a crear im\u00e1genes fotorrealistas impactantes de un espacio interior con 3ds Max y V-Ray&#8230;\t\t\t\t<\/div>\n\t\t\t\t\t\t<div class=\"uagb-post__text uagb-post__cta wp-block-button\">\n\t\t\t\t<a class=\"wp-block-button__link uagb-text-link\" style=\"\" href=\"https:\/\/www.arquimaster.com.ar\/web\/curso-infografia-arquitectonica-en-3d\/\" target=\"_self\" rel=\"bookmark noopener noreferrer\">IR al Curso&#8230;<\/a>\n\t\t\t<\/div>\n\t\t\t\n\t\t\t\t\t\t\t\t\t<\/article>\n\t\t\t\t\t\t\t\t\t\t\t\t\t\t\t\t<article class=\"uagb-post__inner-wrap\">\t\t\t\t\t\t\t\t<div class='uagb-post__image'>\n\t\t\t\t\t\t\t\t\t<a href=\"https:\/\/www.arquimaster.com.ar\/web\/curso-representacion-grafica-de-proyectos-arquitectonicos\/\" target=\"_self\" rel=\"bookmark noopener noreferrer\" class='uagb-image-ratio-inherit'><img loading=\"lazy\" decoding=\"async\" width=\"698\" height=\"364\" src=\"https:\/\/www.arquimaster.com.ar\/web\/wp-content\/uploads\/2020\/05\/curso_representacion_grafica_proyectos_arquitectonicos_domestika_slide.jpg\" class=\"attachment-large size-large\" alt=\"\" \/>\t\t\t\t\t<\/a>\n\t\t\t\t\t\t\t<\/div>\n\t\t\t\t\t\t<h2 class=\"uagb-post__title uagb-post__text\">\n\t\t\t\t<a href=\"https:\/\/www.arquimaster.com.ar\/web\/curso-representacion-grafica-de-proyectos-arquitectonicos\/\" target=\"_self\" rel=\"bookmark noopener noreferrer\">Curso Representaci\u00f3n gr\u00e1fica de proyectos arquitect\u00f3nicos<\/a>\n\t\t\t<\/h2>\n\t\t\t\t\t\t<div class='uagb-post__text uagb-post-grid-byline'>\n\t\t\t\t\t\t\t<\/div>\n\t\t\t\t\t\t\t<div class='uagb-post__text uagb-post__excerpt'>\n\t\t\t\t\tAprende a modelar y componer espacios a trav\u00e9s del collage digital&#8230;\t\t\t\t<\/div>\n\t\t\t\t\t\t<div class=\"uagb-post__text uagb-post__cta wp-block-button\">\n\t\t\t\t<a class=\"wp-block-button__link uagb-text-link\" style=\"\" href=\"https:\/\/www.arquimaster.com.ar\/web\/curso-representacion-grafica-de-proyectos-arquitectonicos\/\" target=\"_self\" rel=\"bookmark noopener noreferrer\">IR al Curso&#8230;<\/a>\n\t\t\t<\/div>\n\t\t\t\n\t\t\t\t\t\t\t\t\t<\/article>\n\t\t\t\t\t\t\t\t\t\t\t\t\t\t\t\t<article class=\"uagb-post__inner-wrap\">\t\t\t\t\t\t\t\t<div class='uagb-post__image'>\n\t\t\t\t\t\t\t\t\t<a href=\"https:\/\/www.arquimaster.com.ar\/web\/curso-visualizacion-arquitectonica-expresiva-de-exteriores\/\" target=\"_self\" rel=\"bookmark noopener noreferrer\" class='uagb-image-ratio-inherit'><img loading=\"lazy\" decoding=\"async\" width=\"698\" height=\"364\" src=\"https:\/\/www.arquimaster.com.ar\/web\/wp-content\/uploads\/2020\/10\/curso_visualizacion_arquitectonica_expresiva_exteriores_slide.jpg\" class=\"attachment-large size-large\" alt=\"Curso Visualizaci\u00f3n arquitect\u00f3nica expresiva de exteriores\" \/>\t\t\t\t\t<\/a>\n\t\t\t\t\t\t\t<\/div>\n\t\t\t\t\t\t<h2 class=\"uagb-post__title uagb-post__text\">\n\t\t\t\t<a href=\"https:\/\/www.arquimaster.com.ar\/web\/curso-visualizacion-arquitectonica-expresiva-de-exteriores\/\" target=\"_self\" rel=\"bookmark noopener noreferrer\">Curso Visualizaci\u00f3n arquitect\u00f3nica expresiva de exteriores<\/a>\n\t\t\t<\/h2>\n\t\t\t\t\t\t<div class='uagb-post__text uagb-post-grid-byline'>\n\t\t\t\t\t\t\t<\/div>\n\t\t\t\t\t\t\t<div class='uagb-post__text uagb-post__excerpt'>\n\t\t\t\t\tDesarrolla una est\u00e9tica propia para modelar y crear im\u00e1genes impactantes&#8230;\t\t\t\t<\/div>\n\t\t\t\t\t\t<div class=\"uagb-post__text uagb-post__cta wp-block-button\">\n\t\t\t\t<a class=\"wp-block-button__link uagb-text-link\" style=\"\" href=\"https:\/\/www.arquimaster.com.ar\/web\/curso-visualizacion-arquitectonica-expresiva-de-exteriores\/\" target=\"_self\" rel=\"bookmark noopener noreferrer\">IR al Curso&#8230;<\/a>\n\t\t\t<\/div>\n\t\t\t\n\t\t\t\t\t\t\t\t\t<\/article>\n\t\t\t\t\t\t\t\t\t\t\t\t\t\t\t\t<article class=\"uagb-post__inner-wrap\">\t\t\t\t\t\t\t\t<div class='uagb-post__image'>\n\t\t\t\t\t\t\t\t\t<a href=\"https:\/\/www.arquimaster.com.ar\/web\/curso-introduccion-al-retail-design-diseno-de-espacios-comerciales\/\" target=\"_self\" rel=\"bookmark noopener noreferrer\" class='uagb-image-ratio-inherit'><img loading=\"lazy\" decoding=\"async\" width=\"698\" height=\"364\" src=\"https:\/\/www.arquimaster.com.ar\/web\/wp-content\/uploads\/2020\/10\/curso_introduccion_retail_design_slide.jpg\" class=\"attachment-large size-large\" alt=\"Curso Introducci\u00f3n al Retail Design (dise\u00f1o de espacios comerciales)\" \/>\t\t\t\t\t<\/a>\n\t\t\t\t\t\t\t<\/div>\n\t\t\t\t\t\t<h2 class=\"uagb-post__title uagb-post__text\">\n\t\t\t\t<a href=\"https:\/\/www.arquimaster.com.ar\/web\/curso-introduccion-al-retail-design-diseno-de-espacios-comerciales\/\" target=\"_self\" rel=\"bookmark noopener noreferrer\">Curso Introducci\u00f3n al Retail Design (dise\u00f1o de espacios comerciales)<\/a>\n\t\t\t<\/h2>\n\t\t\t\t\t\t<div class='uagb-post__text uagb-post-grid-byline'>\n\t\t\t\t\t\t\t<\/div>\n\t\t\t\t\t\t\t<div class='uagb-post__text uagb-post__excerpt'>\n\t\t\t\t\tAprende a dise\u00f1ar un espacio comercial desde cero que genere una experiencia de compra \u00fanica&#8230;\t\t\t\t<\/div>\n\t\t\t\t\t\t<div class=\"uagb-post__text uagb-post__cta wp-block-button\">\n\t\t\t\t<a class=\"wp-block-button__link uagb-text-link\" style=\"\" href=\"https:\/\/www.arquimaster.com.ar\/web\/curso-introduccion-al-retail-design-diseno-de-espacios-comerciales\/\" target=\"_self\" rel=\"bookmark noopener noreferrer\">IR al Curso&#8230;<\/a>\n\t\t\t<\/div>\n\t\t\t\n\t\t\t\t\t\t\t\t\t<\/article>\n\t\t\t\t\t\t\t\t\t\t\t\t\t\t\t\t<article class=\"uagb-post__inner-wrap\">\t\t\t\t\t\t\t\t<div class='uagb-post__image'>\n\t\t\t\t\t\t\t\t\t<a href=\"https:\/\/www.arquimaster.com.ar\/web\/curso-representacion-de-espacios-arquitectonicos-con-3d-studio-max\/\" target=\"_self\" rel=\"bookmark noopener noreferrer\" class='uagb-image-ratio-inherit'><img loading=\"lazy\" decoding=\"async\" width=\"698\" height=\"364\" src=\"https:\/\/www.arquimaster.com.ar\/web\/wp-content\/uploads\/2019\/11\/curso_3dstudio_phrame_domestika.jpg\" class=\"attachment-large size-large\" alt=\"\" \/>\t\t\t\t\t<\/a>\n\t\t\t\t\t\t\t<\/div>\n\t\t\t\t\t\t<h2 class=\"uagb-post__title uagb-post__text\">\n\t\t\t\t<a href=\"https:\/\/www.arquimaster.com.ar\/web\/curso-representacion-de-espacios-arquitectonicos-con-3d-studio-max\/\" target=\"_self\" rel=\"bookmark noopener noreferrer\">Curso Representaci\u00f3n de espacios arquitect\u00f3nicos con 3D Studio Max<\/a>\n\t\t\t<\/h2>\n\t\t\t\t\t\t<div class='uagb-post__text uagb-post-grid-byline'>\n\t\t\t\t\t\t\t<\/div>\n\t\t\t\t\t\t\t<div class='uagb-post__text uagb-post__excerpt'>\n\t\t\t\t\tPara aprender a crear im\u00e1genes fotorrealistas de espacios arquitect\u00f3nicos&#8230;\t\t\t\t<\/div>\n\t\t\t\t\t\t<div class=\"uagb-post__text uagb-post__cta wp-block-button\">\n\t\t\t\t<a class=\"wp-block-button__link uagb-text-link\" style=\"\" href=\"https:\/\/www.arquimaster.com.ar\/web\/curso-representacion-de-espacios-arquitectonicos-con-3d-studio-max\/\" target=\"_self\" rel=\"bookmark noopener noreferrer\">IR al Curso&#8230;<\/a>\n\t\t\t<\/div>\n\t\t\t\n\t\t\t\t\t\t\t\t\t<\/article>\n\t\t\t\t\t\t\t\t\t\t\t\t\t\t\t\t<article class=\"uagb-post__inner-wrap\">\t\t\t\t\t\t\t\t<div class='uagb-post__image'>\n\t\t\t\t\t\t\t\t\t<a href=\"https:\/\/www.arquimaster.com.ar\/web\/curso-diseno-y-reforma-de-viviendas\/\" target=\"_self\" rel=\"bookmark noopener noreferrer\" class='uagb-image-ratio-inherit'><img loading=\"lazy\" decoding=\"async\" width=\"698\" height=\"364\" src=\"https:\/\/www.arquimaster.com.ar\/web\/wp-content\/uploads\/2021\/05\/curso_reforma_viviendas_slide.jpg\" class=\"attachment-large size-large\" alt=\"Curso Dise\u00f1o y reforma de viviendas\" \/>\t\t\t\t\t<\/a>\n\t\t\t\t\t\t\t<\/div>\n\t\t\t\t\t\t<h2 class=\"uagb-post__title uagb-post__text\">\n\t\t\t\t<a href=\"https:\/\/www.arquimaster.com.ar\/web\/curso-diseno-y-reforma-de-viviendas\/\" target=\"_self\" rel=\"bookmark noopener noreferrer\">Curso Dise\u00f1o y Reforma de Viviendas<\/a>\n\t\t\t<\/h2>\n\t\t\t\t\t\t<div class='uagb-post__text uagb-post-grid-byline'>\n\t\t\t\t\t\t\t<\/div>\n\t\t\t\t\t\t\t<div class='uagb-post__text uagb-post__excerpt'>\n\t\t\t\t\tCrea espacios que perduren en el tiempo y que se ajusten a tu presupuesto&#8230;\t\t\t\t<\/div>\n\t\t\t\t\t\t<div class=\"uagb-post__text uagb-post__cta wp-block-button\">\n\t\t\t\t<a class=\"wp-block-button__link uagb-text-link\" style=\"\" href=\"https:\/\/www.arquimaster.com.ar\/web\/curso-diseno-y-reforma-de-viviendas\/\" target=\"_self\" rel=\"bookmark noopener noreferrer\">IR al Curso&#8230;<\/a>\n\t\t\t<\/div>\n\t\t\t\n\t\t\t\t\t\t\t\t\t<\/article>\n\t\t\t\t\t\t\t\t\t\t\t\t\t\t\t\t<article class=\"uagb-post__inner-wrap\">\t\t\t\t\t\t\t\t<div class='uagb-post__image'>\n\t\t\t\t\t\t\t\t\t<a href=\"https:\/\/www.arquimaster.com.ar\/web\/curso-autodesk-revit-para-principiantes\/\" target=\"_self\" rel=\"bookmark noopener noreferrer\" class='uagb-image-ratio-inherit'><img loading=\"lazy\" decoding=\"async\" width=\"698\" height=\"364\" src=\"https:\/\/www.arquimaster.com.ar\/web\/wp-content\/uploads\/2021\/03\/curso_autodesk_revit_principiantes_slide.jpg\" class=\"attachment-large size-large\" alt=\"Curso Autodesk Revit para principiantes\" \/>\t\t\t\t\t<\/a>\n\t\t\t\t\t\t\t<\/div>\n\t\t\t\t\t\t<h2 class=\"uagb-post__title uagb-post__text\">\n\t\t\t\t<a href=\"https:\/\/www.arquimaster.com.ar\/web\/curso-autodesk-revit-para-principiantes\/\" target=\"_self\" rel=\"bookmark noopener noreferrer\">Curso Autodesk Revit para principiantes<\/a>\n\t\t\t<\/h2>\n\t\t\t\t\t\t<div class='uagb-post__text uagb-post-grid-byline'>\n\t\t\t\t\t\t\t<\/div>\n\t\t\t\t\t\t\t<div class='uagb-post__text uagb-post__excerpt'>\n\t\t\t\t\tAprende a modelar edificios en 3D con precisi\u00f3n y exactitud&#8230;\t\t\t\t<\/div>\n\t\t\t\t\t\t<div class=\"uagb-post__text uagb-post__cta wp-block-button\">\n\t\t\t\t<a class=\"wp-block-button__link uagb-text-link\" style=\"\" href=\"https:\/\/www.arquimaster.com.ar\/web\/curso-autodesk-revit-para-principiantes\/\" target=\"_self\" rel=\"bookmark noopener noreferrer\">IR al Curso&#8230;<\/a>\n\t\t\t<\/div>\n\t\t\t\n\t\t\t\t\t\t\t\t\t<\/article>\n\t\t\t\t\t\t\t\t\t\t\t\t\t\t\t\t<article class=\"uagb-post__inner-wrap\">\t\t\t\t\t\t\t\t<div class='uagb-post__image'>\n\t\t\t\t\t\t\t\t\t<a href=\"https:\/\/www.arquimaster.com.ar\/web\/curso-paisajes-urbanos-en-acuarela\/\" target=\"_self\" rel=\"bookmark noopener noreferrer\" class='uagb-image-ratio-inherit'><img loading=\"lazy\" decoding=\"async\" width=\"698\" height=\"364\" src=\"https:\/\/www.arquimaster.com.ar\/web\/wp-content\/uploads\/2020\/03\/curso_paisajes_urbanos_acuarela_domestika_slide.jpg\" class=\"attachment-large size-large\" alt=\"\" \/>\t\t\t\t\t<\/a>\n\t\t\t\t\t\t\t<\/div>\n\t\t\t\t\t\t<h2 class=\"uagb-post__title uagb-post__text\">\n\t\t\t\t<a href=\"https:\/\/www.arquimaster.com.ar\/web\/curso-paisajes-urbanos-en-acuarela\/\" target=\"_self\" rel=\"bookmark noopener noreferrer\">Curso Paisajes urbanos en acuarela<\/a>\n\t\t\t<\/h2>\n\t\t\t\t\t\t<div class='uagb-post__text uagb-post-grid-byline'>\n\t\t\t\t\t\t\t<\/div>\n\t\t\t\t\t\t\t<div class='uagb-post__text uagb-post__excerpt'>\n\t\t\t\t\tAprende procesos profesionales para convertir un paisaje real en una ilustraci\u00f3n de acuarela&#8230;\t\t\t\t<\/div>\n\t\t\t\t\t\t<div class=\"uagb-post__text uagb-post__cta wp-block-button\">\n\t\t\t\t<a class=\"wp-block-button__link uagb-text-link\" style=\"\" href=\"https:\/\/www.arquimaster.com.ar\/web\/curso-paisajes-urbanos-en-acuarela\/\" target=\"_self\" rel=\"bookmark noopener noreferrer\">IR al Curso&#8230;<\/a>\n\t\t\t<\/div>\n\t\t\t\n\t\t\t\t\t\t\t\t\t<\/article>\n\t\t\t\t\t\t\t\t\t\t\t<\/div>\n\t\t\t\n<div style=\"font-size: 0px; height: 0px; line-height: 0px; margin: 0; padding: 0; clear: both;\"><\/div><div style=\"margin-top: 0px; margin-bottom: 0px;\" class=\"sharethis-inline-share-buttons\" ><\/div>","protected":false},"excerpt":{"rendered":"<p>Crea espacios que perduren en el tiempo y que se ajusten a tu presupuesto&#8230;<\/p>\n","protected":false},"author":1,"featured_media":65249,"comment_status":"closed","ping_status":"closed","sticky":false,"template":"","format":"standard","meta":{"_uag_custom_page_level_css":"","footnotes":""},"categories":[3,31],"tags":[1571,5114,5630,7011,681,33,5999,5099,5512,6485,1043,680],"class_list":["post-65248","post","type-post","status-publish","format-standard","has-post-thumbnail","hentry","category-agenda","category-cursos-seminarios","tag-a-distancia","tag-a-distancia-2019","tag-a-distancia-2020","tag-a-distancia-2021","tag-ampliacion","tag-cursos-2","tag-cursos-a-distancia-de-diseno-interior-y-decoracion","tag-cursos-de-diseno-interior-y-decoracion","tag-domestika","tag-reforma-de-apartamento","tag-reforma-de-vivienda","tag-rehabilitacion","generate-columns","tablet-grid-50","mobile-grid-100","grid-parent","grid-50"],"yoast_head":"<!-- This site is optimized with the Yoast SEO plugin v27.3 - https:\/\/yoast.com\/product\/yoast-seo-wordpress\/ -->\n<title>Curso Dise\u00f1o y Reforma de Viviendas - Arquimaster<\/title>\n<meta name=\"description\" content=\"Aprende a dise\u00f1ar la reforma de tu casa, desde los aspectos generales hasta el m\u00e1s m\u00ednimo detalle y convertir tus ideas en un espacio con un dise\u00f1o arm\u00f3nico y atemporal.\" \/>\n<meta name=\"robots\" content=\"index, follow, max-snippet:-1, max-image-preview:large, max-video-preview:-1\" \/>\n<link rel=\"canonical\" href=\"https:\/\/www.arquimaster.com.ar\/web\/curso-diseno-y-reforma-de-viviendas\/\" \/>\n<meta property=\"og:locale\" content=\"es_ES\" \/>\n<meta property=\"og:type\" content=\"article\" \/>\n<meta property=\"og:title\" content=\"Curso Dise\u00f1o y reforma de viviendas\" \/>\n<meta property=\"og:description\" content=\"Aprende a dise\u00f1ar la reforma de tu casa, desde los aspectos generales hasta el m\u00e1s m\u00ednimo detalle y convertir tus ideas en un espacio con un dise\u00f1o arm\u00f3nico y atemporal.\" \/>\n<meta property=\"og:url\" content=\"https:\/\/www.arquimaster.com.ar\/web\/curso-diseno-y-reforma-de-viviendas\/\" \/>\n<meta property=\"og:site_name\" content=\"Arquimaster\" \/>\n<meta property=\"article:publisher\" content=\"http:\/\/www.facebook.com\/ARQUIMASTER.com.ar\" \/>\n<meta property=\"article:published_time\" content=\"2021-05-27T23:24:32+00:00\" \/>\n<meta property=\"article:modified_time\" content=\"2023-02-18T23:24:35+00:00\" \/>\n<meta property=\"og:image\" content=\"https:\/\/www.arquimaster.com.ar\/web\/wp-content\/uploads\/2021\/05\/curso_reforma_viviendas_slide.jpg\" \/>\n\t<meta property=\"og:image:width\" content=\"698\" \/>\n\t<meta property=\"og:image:height\" content=\"364\" \/>\n\t<meta property=\"og:image:type\" content=\"image\/jpeg\" \/>\n<meta name=\"author\" content=\"Arquimaster\" \/>\n<meta name=\"twitter:card\" content=\"summary_large_image\" \/>\n<meta name=\"twitter:title\" content=\"Curso Dise\u00f1o y reforma de viviendas\" \/>\n<meta name=\"twitter:description\" content=\"Aprende a dise\u00f1ar la reforma de tu casa, desde los aspectos generales hasta el m\u00e1s m\u00ednimo detalle y convertir tus ideas en un espacio con un dise\u00f1o arm\u00f3nico y atemporal.\" \/>\n<meta name=\"twitter:image\" content=\"https:\/\/www.arquimaster.com.ar\/web\/wp-content\/uploads\/2021\/05\/curso_reforma_viviendas_slide.jpg\" \/>\n<meta name=\"twitter:creator\" content=\"@arquimaster\" \/>\n<meta name=\"twitter:site\" content=\"@arquimaster\" \/>\n<meta name=\"twitter:label1\" content=\"Escrito por\" \/>\n\t<meta name=\"twitter:data1\" content=\"Arquimaster\" \/>\n\t<meta name=\"twitter:label2\" content=\"Tiempo de lectura\" \/>\n\t<meta name=\"twitter:data2\" content=\"3 minutos\" \/>\n<script type=\"application\/ld+json\" class=\"yoast-schema-graph\">{\"@context\":\"https:\\\/\\\/schema.org\",\"@graph\":[{\"@type\":\"Article\",\"@id\":\"https:\\\/\\\/www.arquimaster.com.ar\\\/web\\\/curso-diseno-y-reforma-de-viviendas\\\/#article\",\"isPartOf\":{\"@id\":\"https:\\\/\\\/www.arquimaster.com.ar\\\/web\\\/curso-diseno-y-reforma-de-viviendas\\\/\"},\"author\":{\"name\":\"Arquimaster\",\"@id\":\"https:\\\/\\\/www.arquimaster.com.ar\\\/web\\\/#\\\/schema\\\/person\\\/359e9f7c00193fcde068e0dd2ceb0028\"},\"headline\":\"Curso Dise\u00f1o y Reforma de Viviendas\",\"datePublished\":\"2021-05-27T23:24:32+00:00\",\"dateModified\":\"2023-02-18T23:24:35+00:00\",\"mainEntityOfPage\":{\"@id\":\"https:\\\/\\\/www.arquimaster.com.ar\\\/web\\\/curso-diseno-y-reforma-de-viviendas\\\/\"},\"wordCount\":668,\"publisher\":{\"@id\":\"https:\\\/\\\/www.arquimaster.com.ar\\\/web\\\/#organization\"},\"image\":{\"@id\":\"https:\\\/\\\/www.arquimaster.com.ar\\\/web\\\/curso-diseno-y-reforma-de-viviendas\\\/#primaryimage\"},\"thumbnailUrl\":\"https:\\\/\\\/www.arquimaster.com.ar\\\/web\\\/wp-content\\\/uploads\\\/2021\\\/05\\\/curso_reforma_viviendas_slide.jpg\",\"keywords\":[\"a distancia\",\"a distancia 2019\",\"a distancia 2020\",\"a distancia 2021\",\"ampliaci\u00f3n\",\"cursos\",\"cursos a distancia de dise\u00f1o interior y decoracion\",\"cursos de dise\u00f1o interior y decoracion\",\"Domestika\",\"reforma de apartamento\",\"reforma de vivienda\",\"rehabilitaci\u00f3n\"],\"articleSection\":[\"Agenda\",\"Cursos de arquitectura y dise\u00f1o\"],\"inLanguage\":\"es\"},{\"@type\":\"WebPage\",\"@id\":\"https:\\\/\\\/www.arquimaster.com.ar\\\/web\\\/curso-diseno-y-reforma-de-viviendas\\\/\",\"url\":\"https:\\\/\\\/www.arquimaster.com.ar\\\/web\\\/curso-diseno-y-reforma-de-viviendas\\\/\",\"name\":\"Curso Dise\u00f1o y Reforma de Viviendas - Arquimaster\",\"isPartOf\":{\"@id\":\"https:\\\/\\\/www.arquimaster.com.ar\\\/web\\\/#website\"},\"primaryImageOfPage\":{\"@id\":\"https:\\\/\\\/www.arquimaster.com.ar\\\/web\\\/curso-diseno-y-reforma-de-viviendas\\\/#primaryimage\"},\"image\":{\"@id\":\"https:\\\/\\\/www.arquimaster.com.ar\\\/web\\\/curso-diseno-y-reforma-de-viviendas\\\/#primaryimage\"},\"thumbnailUrl\":\"https:\\\/\\\/www.arquimaster.com.ar\\\/web\\\/wp-content\\\/uploads\\\/2021\\\/05\\\/curso_reforma_viviendas_slide.jpg\",\"datePublished\":\"2021-05-27T23:24:32+00:00\",\"dateModified\":\"2023-02-18T23:24:35+00:00\",\"description\":\"Aprende a dise\u00f1ar la reforma de tu casa, desde los aspectos generales hasta el m\u00e1s m\u00ednimo detalle y convertir tus ideas en un espacio con un dise\u00f1o arm\u00f3nico y atemporal.\",\"breadcrumb\":{\"@id\":\"https:\\\/\\\/www.arquimaster.com.ar\\\/web\\\/curso-diseno-y-reforma-de-viviendas\\\/#breadcrumb\"},\"inLanguage\":\"es\",\"potentialAction\":[{\"@type\":\"ReadAction\",\"target\":[\"https:\\\/\\\/www.arquimaster.com.ar\\\/web\\\/curso-diseno-y-reforma-de-viviendas\\\/\"]}]},{\"@type\":\"ImageObject\",\"inLanguage\":\"es\",\"@id\":\"https:\\\/\\\/www.arquimaster.com.ar\\\/web\\\/curso-diseno-y-reforma-de-viviendas\\\/#primaryimage\",\"url\":\"https:\\\/\\\/www.arquimaster.com.ar\\\/web\\\/wp-content\\\/uploads\\\/2021\\\/05\\\/curso_reforma_viviendas_slide.jpg\",\"contentUrl\":\"https:\\\/\\\/www.arquimaster.com.ar\\\/web\\\/wp-content\\\/uploads\\\/2021\\\/05\\\/curso_reforma_viviendas_slide.jpg\",\"width\":698,\"height\":364,\"caption\":\"Curso Dise\u00f1o y reforma de viviendas\"},{\"@type\":\"BreadcrumbList\",\"@id\":\"https:\\\/\\\/www.arquimaster.com.ar\\\/web\\\/curso-diseno-y-reforma-de-viviendas\\\/#breadcrumb\",\"itemListElement\":[{\"@type\":\"ListItem\",\"position\":1,\"name\":\"Portada\",\"item\":\"https:\\\/\\\/www.arquimaster.com.ar\\\/web\\\/\"},{\"@type\":\"ListItem\",\"position\":2,\"name\":\"Curso Dise\u00f1o y Reforma de Viviendas\"}]},{\"@type\":\"WebSite\",\"@id\":\"https:\\\/\\\/www.arquimaster.com.ar\\\/web\\\/#website\",\"url\":\"https:\\\/\\\/www.arquimaster.com.ar\\\/web\\\/\",\"name\":\"Arquimaster\",\"description\":\"Web de arquitectura, dise\u00f1o y construccion\",\"publisher\":{\"@id\":\"https:\\\/\\\/www.arquimaster.com.ar\\\/web\\\/#organization\"},\"potentialAction\":[{\"@type\":\"SearchAction\",\"target\":{\"@type\":\"EntryPoint\",\"urlTemplate\":\"https:\\\/\\\/www.arquimaster.com.ar\\\/web\\\/?s={search_term_string}\"},\"query-input\":{\"@type\":\"PropertyValueSpecification\",\"valueRequired\":true,\"valueName\":\"search_term_string\"}}],\"inLanguage\":\"es\"},{\"@type\":\"Organization\",\"@id\":\"https:\\\/\\\/www.arquimaster.com.ar\\\/web\\\/#organization\",\"name\":\"Arquimaster\",\"url\":\"https:\\\/\\\/www.arquimaster.com.ar\\\/web\\\/\",\"logo\":{\"@type\":\"ImageObject\",\"inLanguage\":\"es\",\"@id\":\"https:\\\/\\\/www.arquimaster.com.ar\\\/web\\\/#\\\/schema\\\/logo\\\/image\\\/\",\"url\":\"https:\\\/\\\/www.arquimaster.com.ar\\\/web\\\/wp-content\\\/uploads\\\/2022\\\/06\\\/arquimaster.png\",\"contentUrl\":\"https:\\\/\\\/www.arquimaster.com.ar\\\/web\\\/wp-content\\\/uploads\\\/2022\\\/06\\\/arquimaster.png\",\"width\":594,\"height\":78,\"caption\":\"Arquimaster\"},\"image\":{\"@id\":\"https:\\\/\\\/www.arquimaster.com.ar\\\/web\\\/#\\\/schema\\\/logo\\\/image\\\/\"},\"sameAs\":[\"http:\\\/\\\/www.facebook.com\\\/ARQUIMASTER.com.ar\",\"https:\\\/\\\/x.com\\\/arquimaster\",\"https:\\\/\\\/www.instagram.com\\\/arquimasterblog\\\/\",\"https:\\\/\\\/www.linkedin.com\\\/company\\\/arquimaster\",\"https:\\\/\\\/www.pinterest.com\\\/arquimaster\",\"https:\\\/\\\/t.me\\\/arquimaster\"]},{\"@type\":\"Person\",\"@id\":\"https:\\\/\\\/www.arquimaster.com.ar\\\/web\\\/#\\\/schema\\\/person\\\/359e9f7c00193fcde068e0dd2ceb0028\",\"name\":\"Arquimaster\"}]}<\/script>\n<!-- \/ Yoast SEO plugin. -->","yoast_head_json":{"title":"Curso Dise\u00f1o y Reforma de Viviendas - Arquimaster","description":"Aprende a dise\u00f1ar la reforma de tu casa, desde los aspectos generales hasta el m\u00e1s m\u00ednimo detalle y convertir tus ideas en un espacio con un dise\u00f1o arm\u00f3nico y atemporal.","robots":{"index":"index","follow":"follow","max-snippet":"max-snippet:-1","max-image-preview":"max-image-preview:large","max-video-preview":"max-video-preview:-1"},"canonical":"https:\/\/www.arquimaster.com.ar\/web\/curso-diseno-y-reforma-de-viviendas\/","og_locale":"es_ES","og_type":"article","og_title":"Curso Dise\u00f1o y reforma de viviendas","og_description":"Aprende a dise\u00f1ar la reforma de tu casa, desde los aspectos generales hasta el m\u00e1s m\u00ednimo detalle y convertir tus ideas en un espacio con un dise\u00f1o arm\u00f3nico y atemporal.","og_url":"https:\/\/www.arquimaster.com.ar\/web\/curso-diseno-y-reforma-de-viviendas\/","og_site_name":"Arquimaster","article_publisher":"http:\/\/www.facebook.com\/ARQUIMASTER.com.ar","article_published_time":"2021-05-27T23:24:32+00:00","article_modified_time":"2023-02-18T23:24:35+00:00","og_image":[{"width":698,"height":364,"url":"https:\/\/www.arquimaster.com.ar\/web\/wp-content\/uploads\/2021\/05\/curso_reforma_viviendas_slide.jpg","type":"image\/jpeg"}],"author":"Arquimaster","twitter_card":"summary_large_image","twitter_title":"Curso Dise\u00f1o y reforma de viviendas","twitter_description":"Aprende a dise\u00f1ar la reforma de tu casa, desde los aspectos generales hasta el m\u00e1s m\u00ednimo detalle y convertir tus ideas en un espacio con un dise\u00f1o arm\u00f3nico y atemporal.","twitter_image":"https:\/\/www.arquimaster.com.ar\/web\/wp-content\/uploads\/2021\/05\/curso_reforma_viviendas_slide.jpg","twitter_creator":"@arquimaster","twitter_site":"@arquimaster","twitter_misc":{"Escrito por":"Arquimaster","Tiempo de lectura":"3 minutos"},"schema":{"@context":"https:\/\/schema.org","@graph":[{"@type":"Article","@id":"https:\/\/www.arquimaster.com.ar\/web\/curso-diseno-y-reforma-de-viviendas\/#article","isPartOf":{"@id":"https:\/\/www.arquimaster.com.ar\/web\/curso-diseno-y-reforma-de-viviendas\/"},"author":{"name":"Arquimaster","@id":"https:\/\/www.arquimaster.com.ar\/web\/#\/schema\/person\/359e9f7c00193fcde068e0dd2ceb0028"},"headline":"Curso Dise\u00f1o y Reforma de Viviendas","datePublished":"2021-05-27T23:24:32+00:00","dateModified":"2023-02-18T23:24:35+00:00","mainEntityOfPage":{"@id":"https:\/\/www.arquimaster.com.ar\/web\/curso-diseno-y-reforma-de-viviendas\/"},"wordCount":668,"publisher":{"@id":"https:\/\/www.arquimaster.com.ar\/web\/#organization"},"image":{"@id":"https:\/\/www.arquimaster.com.ar\/web\/curso-diseno-y-reforma-de-viviendas\/#primaryimage"},"thumbnailUrl":"https:\/\/www.arquimaster.com.ar\/web\/wp-content\/uploads\/2021\/05\/curso_reforma_viviendas_slide.jpg","keywords":["a distancia","a distancia 2019","a distancia 2020","a distancia 2021","ampliaci\u00f3n","cursos","cursos a distancia de dise\u00f1o interior y decoracion","cursos de dise\u00f1o interior y decoracion","Domestika","reforma de apartamento","reforma de vivienda","rehabilitaci\u00f3n"],"articleSection":["Agenda","Cursos de arquitectura y dise\u00f1o"],"inLanguage":"es"},{"@type":"WebPage","@id":"https:\/\/www.arquimaster.com.ar\/web\/curso-diseno-y-reforma-de-viviendas\/","url":"https:\/\/www.arquimaster.com.ar\/web\/curso-diseno-y-reforma-de-viviendas\/","name":"Curso Dise\u00f1o y Reforma de Viviendas - Arquimaster","isPartOf":{"@id":"https:\/\/www.arquimaster.com.ar\/web\/#website"},"primaryImageOfPage":{"@id":"https:\/\/www.arquimaster.com.ar\/web\/curso-diseno-y-reforma-de-viviendas\/#primaryimage"},"image":{"@id":"https:\/\/www.arquimaster.com.ar\/web\/curso-diseno-y-reforma-de-viviendas\/#primaryimage"},"thumbnailUrl":"https:\/\/www.arquimaster.com.ar\/web\/wp-content\/uploads\/2021\/05\/curso_reforma_viviendas_slide.jpg","datePublished":"2021-05-27T23:24:32+00:00","dateModified":"2023-02-18T23:24:35+00:00","description":"Aprende a dise\u00f1ar la reforma de tu casa, desde los aspectos generales hasta el m\u00e1s m\u00ednimo detalle y convertir tus ideas en un espacio con un dise\u00f1o arm\u00f3nico y atemporal.","breadcrumb":{"@id":"https:\/\/www.arquimaster.com.ar\/web\/curso-diseno-y-reforma-de-viviendas\/#breadcrumb"},"inLanguage":"es","potentialAction":[{"@type":"ReadAction","target":["https:\/\/www.arquimaster.com.ar\/web\/curso-diseno-y-reforma-de-viviendas\/"]}]},{"@type":"ImageObject","inLanguage":"es","@id":"https:\/\/www.arquimaster.com.ar\/web\/curso-diseno-y-reforma-de-viviendas\/#primaryimage","url":"https:\/\/www.arquimaster.com.ar\/web\/wp-content\/uploads\/2021\/05\/curso_reforma_viviendas_slide.jpg","contentUrl":"https:\/\/www.arquimaster.com.ar\/web\/wp-content\/uploads\/2021\/05\/curso_reforma_viviendas_slide.jpg","width":698,"height":364,"caption":"Curso Dise\u00f1o y reforma de viviendas"},{"@type":"BreadcrumbList","@id":"https:\/\/www.arquimaster.com.ar\/web\/curso-diseno-y-reforma-de-viviendas\/#breadcrumb","itemListElement":[{"@type":"ListItem","position":1,"name":"Portada","item":"https:\/\/www.arquimaster.com.ar\/web\/"},{"@type":"ListItem","position":2,"name":"Curso Dise\u00f1o y Reforma de Viviendas"}]},{"@type":"WebSite","@id":"https:\/\/www.arquimaster.com.ar\/web\/#website","url":"https:\/\/www.arquimaster.com.ar\/web\/","name":"Arquimaster","description":"Web de arquitectura, dise\u00f1o y construccion","publisher":{"@id":"https:\/\/www.arquimaster.com.ar\/web\/#organization"},"potentialAction":[{"@type":"SearchAction","target":{"@type":"EntryPoint","urlTemplate":"https:\/\/www.arquimaster.com.ar\/web\/?s={search_term_string}"},"query-input":{"@type":"PropertyValueSpecification","valueRequired":true,"valueName":"search_term_string"}}],"inLanguage":"es"},{"@type":"Organization","@id":"https:\/\/www.arquimaster.com.ar\/web\/#organization","name":"Arquimaster","url":"https:\/\/www.arquimaster.com.ar\/web\/","logo":{"@type":"ImageObject","inLanguage":"es","@id":"https:\/\/www.arquimaster.com.ar\/web\/#\/schema\/logo\/image\/","url":"https:\/\/www.arquimaster.com.ar\/web\/wp-content\/uploads\/2022\/06\/arquimaster.png","contentUrl":"https:\/\/www.arquimaster.com.ar\/web\/wp-content\/uploads\/2022\/06\/arquimaster.png","width":594,"height":78,"caption":"Arquimaster"},"image":{"@id":"https:\/\/www.arquimaster.com.ar\/web\/#\/schema\/logo\/image\/"},"sameAs":["http:\/\/www.facebook.com\/ARQUIMASTER.com.ar","https:\/\/x.com\/arquimaster","https:\/\/www.instagram.com\/arquimasterblog\/","https:\/\/www.linkedin.com\/company\/arquimaster","https:\/\/www.pinterest.com\/arquimaster","https:\/\/t.me\/arquimaster"]},{"@type":"Person","@id":"https:\/\/www.arquimaster.com.ar\/web\/#\/schema\/person\/359e9f7c00193fcde068e0dd2ceb0028","name":"Arquimaster"}]}},"uagb_featured_image_src":{"full":["https:\/\/www.arquimaster.com.ar\/web\/wp-content\/uploads\/2021\/05\/curso_reforma_viviendas_slide.jpg",698,364,false],"thumbnail":["https:\/\/www.arquimaster.com.ar\/web\/wp-content\/uploads\/2021\/05\/curso_reforma_viviendas_slide-150x150.jpg",150,150,true],"medium":["https:\/\/www.arquimaster.com.ar\/web\/wp-content\/uploads\/2021\/05\/curso_reforma_viviendas_slide.jpg",698,364,false],"medium_large":["https:\/\/www.arquimaster.com.ar\/web\/wp-content\/uploads\/2021\/05\/curso_reforma_viviendas_slide.jpg",698,364,false],"large":["https:\/\/www.arquimaster.com.ar\/web\/wp-content\/uploads\/2021\/05\/curso_reforma_viviendas_slide.jpg",698,364,false],"1536x1536":["https:\/\/www.arquimaster.com.ar\/web\/wp-content\/uploads\/2021\/05\/curso_reforma_viviendas_slide.jpg",698,364,false],"2048x2048":["https:\/\/www.arquimaster.com.ar\/web\/wp-content\/uploads\/2021\/05\/curso_reforma_viviendas_slide.jpg",698,364,false]},"uagb_author_info":{"display_name":"Arquimaster","author_link":"https:\/\/www.arquimaster.com.ar\/web\/author\/arquimaster\/"},"uagb_comment_info":0,"uagb_excerpt":"Crea espacios que perduren en el tiempo y que se ajusten a tu presupuesto...","_links":{"self":[{"href":"https:\/\/www.arquimaster.com.ar\/web\/wp-json\/wp\/v2\/posts\/65248","targetHints":{"allow":["GET"]}}],"collection":[{"href":"https:\/\/www.arquimaster.com.ar\/web\/wp-json\/wp\/v2\/posts"}],"about":[{"href":"https:\/\/www.arquimaster.com.ar\/web\/wp-json\/wp\/v2\/types\/post"}],"author":[{"embeddable":true,"href":"https:\/\/www.arquimaster.com.ar\/web\/wp-json\/wp\/v2\/users\/1"}],"replies":[{"embeddable":true,"href":"https:\/\/www.arquimaster.com.ar\/web\/wp-json\/wp\/v2\/comments?post=65248"}],"version-history":[{"count":3,"href":"https:\/\/www.arquimaster.com.ar\/web\/wp-json\/wp\/v2\/posts\/65248\/revisions"}],"predecessor-version":[{"id":74746,"href":"https:\/\/www.arquimaster.com.ar\/web\/wp-json\/wp\/v2\/posts\/65248\/revisions\/74746"}],"wp:featuredmedia":[{"embeddable":true,"href":"https:\/\/www.arquimaster.com.ar\/web\/wp-json\/wp\/v2\/media\/65249"}],"wp:attachment":[{"href":"https:\/\/www.arquimaster.com.ar\/web\/wp-json\/wp\/v2\/media?parent=65248"}],"wp:term":[{"taxonomy":"category","embeddable":true,"href":"https:\/\/www.arquimaster.com.ar\/web\/wp-json\/wp\/v2\/categories?post=65248"},{"taxonomy":"post_tag","embeddable":true,"href":"https:\/\/www.arquimaster.com.ar\/web\/wp-json\/wp\/v2\/tags?post=65248"}],"curies":[{"name":"wp","href":"https:\/\/api.w.org\/{rel}","templated":true}]}}