{"id":65305,"date":"2021-05-05T18:49:00","date_gmt":"2021-05-05T21:49:00","guid":{"rendered":"https:\/\/www.arquimaster.com.ar\/web\/?p=65305"},"modified":"2021-06-27T15:43:22","modified_gmt":"2021-06-27T18:43:22","slug":"cuando-arte-callejero-y-ecologia-van-de-la-mano","status":"publish","type":"post","link":"https:\/\/www.arquimaster.com.ar\/web\/cuando-arte-callejero-y-ecologia-van-de-la-mano\/","title":{"rendered":"Cuando arte callejero y ecolog\u00eda van de la mano"},"content":{"rendered":"<div style=\"margin-top: 0px; margin-bottom: 0px;\" class=\"sharethis-inline-share-buttons\" ><\/div><div class=\"b812932af2e751442846f039925109de\" data-index=\"1\" style=\"float: none; margin:25px 0 25px 0; text-align:center;\">\n<script async src=\"https:\/\/pagead2.googlesyndication.com\/pagead\/js\/adsbygoogle.js\"><\/script>\r\n<!-- Arquimaster (superior) -->\r\n<ins class=\"adsbygoogle\"\r\n     style=\"display:block\"\r\n     data-ad-client=\"ca-pub-6351072698456832\"\r\n     data-ad-slot=\"6455489680\"\r\n     data-ad-format=\"auto\"\r\n     data-full-width-responsive=\"true\"><\/ins>\r\n<script>\r\n     (adsbygoogle = window.adsbygoogle || []).push({});\r\n<\/script>\n<\/div>\n<p>El 15 de abril se celebra el <strong>D\u00eda Mundial del Arte<\/strong> con el objetivo de dar a conocer la importancia que tienen el arte y el pensamiento creativo para la evoluci\u00f3n del pensamiento y la resoluci\u00f3n de los problemas que afectan a la humanidad. Precisamente un 15 de abril se conmemora el nacimiento de Leonardo Da Vinci (1452), uno de los mayores artistas que se han conocido.<\/p>\n<p><strong>Air is Art<\/strong> es un movimiento que fusiona arte sostenible y cultura, destinado a promover y aumentar la concienciaci\u00f3n sobre la calidad del aire mediante la creaci\u00f3n de murales y otros tipos de obras de arte. Cuenta entre sus creadores con artistas emergentes y otros de fama internacional, que usan una revolucionaria tecnolog\u00eda para sus obras, la<strong> ecopintura Airlite<\/strong>.<\/p>\n<div id='gallery-1' class='gallery galleryid-65305 gallery-columns-3 gallery-size-thumbnail'><figure class='gallery-item'>\n\t\t\t<div class='gallery-icon landscape'>\n\t\t\t\t<a href='https:\/\/www.arquimaster.com.ar\/web\/wp-content\/uploads\/2021\/05\/air_is_art1.jpg' title=\"Cuando arte callejero y ecolog\u00eda van de la mano\" data-rl_title=\"Cuando arte callejero y ecolog\u00eda van de la mano\" class=\"rl-gallery-link\" data-rl_caption=\"Cuando arte callejero y ecolog\u00eda van de la mano\" data-rel=\"lightbox-gallery-1\"><img loading=\"lazy\" decoding=\"async\" width=\"150\" height=\"150\" src=\"https:\/\/www.arquimaster.com.ar\/web\/wp-content\/uploads\/2021\/05\/air_is_art1-150x150.jpg\" class=\"attachment-thumbnail size-thumbnail\" alt=\"Cuando arte callejero y ecolog\u00eda van de la mano\" aria-describedby=\"gallery-1-65299\" \/><\/a>\n\t\t\t<\/div>\n\t\t\t\t<figcaption class='wp-caption-text gallery-caption' id='gallery-1-65299'>\n\t\t\t\tCuando arte callejero y ecolog\u00eda van de la mano\n\t\t\t\t<\/figcaption><\/figure><figure class='gallery-item'>\n\t\t\t<div class='gallery-icon portrait'>\n\t\t\t\t<a href='https:\/\/www.arquimaster.com.ar\/web\/wp-content\/uploads\/2021\/05\/air_is_art2.jpg' title=\"Cuando arte callejero y ecolog\u00eda van de la mano\" data-rl_title=\"Cuando arte callejero y ecolog\u00eda van de la mano\" class=\"rl-gallery-link\" data-rl_caption=\"Cuando arte callejero y ecolog\u00eda van de la mano\" data-rel=\"lightbox-gallery-1\"><img loading=\"lazy\" decoding=\"async\" width=\"150\" height=\"150\" src=\"https:\/\/www.arquimaster.com.ar\/web\/wp-content\/uploads\/2021\/05\/air_is_art2-150x150.jpg\" class=\"attachment-thumbnail size-thumbnail\" alt=\"Cuando arte callejero y ecolog\u00eda van de la mano\" aria-describedby=\"gallery-1-65300\" \/><\/a>\n\t\t\t<\/div>\n\t\t\t\t<figcaption class='wp-caption-text gallery-caption' id='gallery-1-65300'>\n\t\t\t\tCuando arte callejero y ecolog\u00eda van de la mano\n\t\t\t\t<\/figcaption><\/figure><figure class='gallery-item'>\n\t\t\t<div class='gallery-icon landscape'>\n\t\t\t\t<a href='https:\/\/www.arquimaster.com.ar\/web\/wp-content\/uploads\/2021\/05\/air_is_art3.jpg' title=\"Cuando arte callejero y ecolog\u00eda van de la mano\" data-rl_title=\"Cuando arte callejero y ecolog\u00eda van de la mano\" class=\"rl-gallery-link\" data-rl_caption=\"Cuando arte callejero y ecolog\u00eda van de la mano\" data-rel=\"lightbox-gallery-1\"><img loading=\"lazy\" decoding=\"async\" width=\"150\" height=\"150\" src=\"https:\/\/www.arquimaster.com.ar\/web\/wp-content\/uploads\/2021\/05\/air_is_art3-150x150.jpg\" class=\"attachment-thumbnail size-thumbnail\" alt=\"Cuando arte callejero y ecolog\u00eda van de la mano\" aria-describedby=\"gallery-1-65301\" \/><\/a>\n\t\t\t<\/div>\n\t\t\t\t<figcaption class='wp-caption-text gallery-caption' id='gallery-1-65301'>\n\t\t\t\tCuando arte callejero y ecolog\u00eda van de la mano\n\t\t\t\t<\/figcaption><\/figure>\n\t\t<\/div>\n\n<p>Detr\u00e1s de la mayor\u00eda de estas iniciativas se sit\u00faa la organizaci\u00f3n sin \u00e1nimo de lucro <strong>Yourban2030<\/strong>, dirigida por <strong>Veronica De Angelis<\/strong>. La entidad se inspira en los objetivos de la Agenda 2030 y conecta el arte y las innovaciones tecnol\u00f3gicas para dar vida a proyectos vinculados al medio ambiente y la sostenibilidad.<\/p>\n<p>La alianza entre arte callejero y la ecopintura anticontaminante Airlite ha permitido el compromiso de la cultura con el medio ambiente. Se trata de un producto que purifica el aire de la misma manera que los bosques. Cada metro cuadrado pintado equivale a plantar la misma superficie de \u00e1rboles.<\/p>\n<p>Roma, Londres, \u00c1msterdam o Ciudad de M\u00e9xico son algunos de los lugares del mundo donde lucen murales en los que se ha usado esta pintura: 20.000 metros cuadrados de murales pintados que equivalen a 20.000 metros cuadrados de \u00e1rboles y eliminan al d\u00eda la contaminaci\u00f3n de 4.100 coches de gasolina Euro 6.<\/p>\n<p>La tecnolog\u00eda natural que usa Airlite no necesita sustancias qu\u00edmicas ni biocidas. Solo con la luz y la presencia de humedad en el aire se crea una barrera de oxidantes que descompone las sustancias org\u00e1nicas nocivas y las transforma en sustancias inofensivas. Su capacidad de reducir los contaminantes t\u00f3xicos del aire, como los \u00f3xidos de nitr\u00f3geno (NOx), puede eliminar hasta el 88,8% de la contaminaci\u00f3n exterior.<\/p>\n<p>En Espa\u00f1a, el primer mural urbano pintado con este producto fue en Puerto del Rosario (Fuerteventura), en 2019. La iniciativa, impulsada por la estudiante de arquitectura y dise\u00f1o <strong>Natalia Mart\u00edn Fuentes<\/strong>, llev\u00f3 a una veintena de ni\u00f1os con discapacidad a realizar esta obra en el centro Diferentes Iguales. Contaron con la colaboraci\u00f3n del artista del grafitti <strong>Dailos Paniagua<\/strong>.<\/p>\n<p>El pasado a\u00f1o, <strong>Ana Penad\u00e9s<\/strong> realiz\u00f3 un mural en Almansa (Albacete) como trabajo final del M\u00e1ster de Producci\u00f3n Art\u00edstica de la facultad de Bellas artes en la UPV de Valencia. El inter\u00e9s de la creadora por hacer arte, pero con una m\u00ednima huella ecol\u00f3gica, le condujo a investigar con materiales sostenibles. Entonces conoci\u00f3 las pinturas fotocatal\u00edticas de Airlite y sus propiedades descontaminantes.<\/p>\n<p>Tres murales gigantescos pintados con Airlite adornan Ciudad de M\u00e9xico. Uno de ellos, un \u00e1rbol de 35 metros que luce en el Paseo de la Reforma, lo llev\u00f3 a cabo el colectivo espa\u00f1ol <strong>Boa Mistura<\/strong>. Distintas ciudades italianas cuentan en sus edificios con arte callejero realizado con Airlite. Entre ellos destaca en Roma <strong>Hunting Pollution<\/strong>, el mural ecosostenible m\u00e1s grande de Europa, de 1.000 m2, al que se considera el pulm\u00f3n verde de la ciudad. El autor es un artista milan\u00e9s, <strong>Federico Massa<\/strong>, que firma como <strong>Iena Cruz<\/strong>.<\/p>\n<p>La capital italiana tambi\u00e9n es escenario de la fusi\u00f3n de la lucha por el medio ambiente y la reivindicaci\u00f3n social con <strong>Outside In<\/strong>, un mural dedicado a la memoria de la drag queen Andrea Berardicurti, La Karl Du Pign\u00e9, activista del movimiento LGTBI en Italia, que muri\u00f3 en 2018. Creado por la artista holandesa <strong>JDL<\/strong> (Judith De Leeuw), Outside In es el primer mural anti-humo (neutraliza la contaminaci\u00f3n) como tributo a la diversidad sexual. Se exhibe en la fachada del Instituto T\u00e9cnico Industrial Armellini, en el barrio de San Paolo.<\/p>\n<p>Adem\u00e1s ha servido para promocionar el nuevo coche el\u00e9ctrico ID.3, de Volkswagen AG, de cero emisiones, con una campa\u00f1a publicitaria totalmente verde: seis grandes murales realizados con pintura Airlite en seis ciudades de Reino Unido. Una de las \u00faltimas iniciativas de arte callejero y ecol\u00f3gico ha llegado a \u00c1msterdam. <strong>Diversity<\/strong> in Bureaucracy es un mural de 100 metros cuadrados para reflexionar sobre el tema de la desigualdad, encargado al artista holand\u00e9s JDL.<\/p>\n\n<div style=\"font-size: 0px; height: 0px; line-height: 0px; margin: 0; padding: 0; clear: both;\"><\/div><div style=\"margin-top: 0px; margin-bottom: 0px;\" class=\"sharethis-inline-share-buttons\" ><\/div>","protected":false},"excerpt":{"rendered":"<p>La ecopintura utilizada tiene la capacidad de reducir los contaminantes del aire&#8230;<\/p>\n","protected":false},"author":1,"featured_media":65298,"comment_status":"closed","ping_status":"closed","sticky":false,"template":"","format":"standard","meta":{"_uag_custom_page_level_css":"","footnotes":""},"categories":[70,68],"tags":[7138,7035,187,2238,7034,225,204],"class_list":["post-65305","post","type-post","status-publish","format-standard","has-post-thumbnail","hentry","category-noticias-arquitectura","category-novedades","tag-air-is-art","tag-airlite","tag-arte","tag-arte-urbano","tag-ecopintura","tag-mural","tag-pintura","generate-columns","tablet-grid-50","mobile-grid-100","grid-parent","grid-50"],"yoast_head":"<!-- This site is optimized with the Yoast SEO plugin v27.3 - https:\/\/yoast.com\/product\/yoast-seo-wordpress\/ -->\n<title>Cuando arte callejero y ecolog\u00eda van de la mano - Arquimaster<\/title>\n<meta name=\"description\" content=\"La ecopintura utilizada en los murales urbanos tiene la capacidad de reducir los contaminantes t\u00f3xicos del aire.\" \/>\n<meta name=\"robots\" content=\"index, follow, max-snippet:-1, max-image-preview:large, max-video-preview:-1\" \/>\n<link rel=\"canonical\" href=\"https:\/\/www.arquimaster.com.ar\/web\/cuando-arte-callejero-y-ecologia-van-de-la-mano\/\" \/>\n<meta property=\"og:locale\" content=\"es_ES\" \/>\n<meta property=\"og:type\" content=\"article\" \/>\n<meta property=\"og:title\" content=\"Cuando arte callejero y ecolog\u00eda van de la mano\" \/>\n<meta property=\"og:description\" content=\"La ecopintura utilizada en los murales urbanos tiene la capacidad de reducir los contaminantes t\u00f3xicos del aire.\" \/>\n<meta property=\"og:url\" content=\"https:\/\/www.arquimaster.com.ar\/web\/cuando-arte-callejero-y-ecologia-van-de-la-mano\/\" \/>\n<meta property=\"og:site_name\" content=\"Arquimaster\" \/>\n<meta property=\"article:publisher\" content=\"http:\/\/www.facebook.com\/ARQUIMASTER.com.ar\" \/>\n<meta property=\"article:published_time\" content=\"2021-05-05T21:49:00+00:00\" \/>\n<meta property=\"article:modified_time\" content=\"2021-06-27T18:43:22+00:00\" \/>\n<meta property=\"og:image\" content=\"https:\/\/www.arquimaster.com.ar\/web\/wp-content\/uploads\/2021\/05\/air_is_art_slide.jpg\" \/>\n\t<meta property=\"og:image:width\" content=\"698\" \/>\n\t<meta property=\"og:image:height\" content=\"364\" \/>\n\t<meta property=\"og:image:type\" content=\"image\/jpeg\" \/>\n<meta name=\"author\" content=\"Arquimaster\" \/>\n<meta name=\"twitter:card\" content=\"summary_large_image\" \/>\n<meta name=\"twitter:title\" content=\"Cuando arte callejero y ecolog\u00eda van de la mano\" \/>\n<meta name=\"twitter:description\" content=\"La ecopintura utilizada en los murales urbanos tiene la capacidad de reducir los contaminantes t\u00f3xicos del aire.\" \/>\n<meta name=\"twitter:image\" content=\"https:\/\/www.arquimaster.com.ar\/web\/wp-content\/uploads\/2021\/05\/air_is_art_slide.jpg\" \/>\n<meta name=\"twitter:creator\" content=\"@arquimaster\" \/>\n<meta name=\"twitter:site\" content=\"@arquimaster\" \/>\n<meta name=\"twitter:label1\" content=\"Escrito por\" \/>\n\t<meta name=\"twitter:data1\" content=\"Arquimaster\" \/>\n\t<meta name=\"twitter:label2\" content=\"Tiempo de lectura\" \/>\n\t<meta name=\"twitter:data2\" content=\"4 minutos\" \/>\n<script type=\"application\/ld+json\" class=\"yoast-schema-graph\">{\"@context\":\"https:\\\/\\\/schema.org\",\"@graph\":[{\"@type\":\"Article\",\"@id\":\"https:\\\/\\\/www.arquimaster.com.ar\\\/web\\\/cuando-arte-callejero-y-ecologia-van-de-la-mano\\\/#article\",\"isPartOf\":{\"@id\":\"https:\\\/\\\/www.arquimaster.com.ar\\\/web\\\/cuando-arte-callejero-y-ecologia-van-de-la-mano\\\/\"},\"author\":{\"name\":\"Arquimaster\",\"@id\":\"https:\\\/\\\/www.arquimaster.com.ar\\\/web\\\/#\\\/schema\\\/person\\\/359e9f7c00193fcde068e0dd2ceb0028\"},\"headline\":\"Cuando arte callejero y ecolog\u00eda van de la mano\",\"datePublished\":\"2021-05-05T21:49:00+00:00\",\"dateModified\":\"2021-06-27T18:43:22+00:00\",\"mainEntityOfPage\":{\"@id\":\"https:\\\/\\\/www.arquimaster.com.ar\\\/web\\\/cuando-arte-callejero-y-ecologia-van-de-la-mano\\\/\"},\"wordCount\":764,\"publisher\":{\"@id\":\"https:\\\/\\\/www.arquimaster.com.ar\\\/web\\\/#organization\"},\"image\":{\"@id\":\"https:\\\/\\\/www.arquimaster.com.ar\\\/web\\\/cuando-arte-callejero-y-ecologia-van-de-la-mano\\\/#primaryimage\"},\"thumbnailUrl\":\"https:\\\/\\\/www.arquimaster.com.ar\\\/web\\\/wp-content\\\/uploads\\\/2021\\\/05\\\/air_is_art_slide.jpg\",\"keywords\":[\"Air is Art\",\"Airlite\",\"arte\",\"arte urbano\",\"ecopintura\",\"mural\",\"pintura\"],\"articleSection\":[\"Noticias de arquitectura y dise\u00f1o\",\"Novedades\"],\"inLanguage\":\"es\"},{\"@type\":\"WebPage\",\"@id\":\"https:\\\/\\\/www.arquimaster.com.ar\\\/web\\\/cuando-arte-callejero-y-ecologia-van-de-la-mano\\\/\",\"url\":\"https:\\\/\\\/www.arquimaster.com.ar\\\/web\\\/cuando-arte-callejero-y-ecologia-van-de-la-mano\\\/\",\"name\":\"Cuando arte callejero y ecolog\u00eda van de la mano - Arquimaster\",\"isPartOf\":{\"@id\":\"https:\\\/\\\/www.arquimaster.com.ar\\\/web\\\/#website\"},\"primaryImageOfPage\":{\"@id\":\"https:\\\/\\\/www.arquimaster.com.ar\\\/web\\\/cuando-arte-callejero-y-ecologia-van-de-la-mano\\\/#primaryimage\"},\"image\":{\"@id\":\"https:\\\/\\\/www.arquimaster.com.ar\\\/web\\\/cuando-arte-callejero-y-ecologia-van-de-la-mano\\\/#primaryimage\"},\"thumbnailUrl\":\"https:\\\/\\\/www.arquimaster.com.ar\\\/web\\\/wp-content\\\/uploads\\\/2021\\\/05\\\/air_is_art_slide.jpg\",\"datePublished\":\"2021-05-05T21:49:00+00:00\",\"dateModified\":\"2021-06-27T18:43:22+00:00\",\"description\":\"La ecopintura utilizada en los murales urbanos tiene la capacidad de reducir los contaminantes t\u00f3xicos del aire.\",\"breadcrumb\":{\"@id\":\"https:\\\/\\\/www.arquimaster.com.ar\\\/web\\\/cuando-arte-callejero-y-ecologia-van-de-la-mano\\\/#breadcrumb\"},\"inLanguage\":\"es\",\"potentialAction\":[{\"@type\":\"ReadAction\",\"target\":[\"https:\\\/\\\/www.arquimaster.com.ar\\\/web\\\/cuando-arte-callejero-y-ecologia-van-de-la-mano\\\/\"]}]},{\"@type\":\"ImageObject\",\"inLanguage\":\"es\",\"@id\":\"https:\\\/\\\/www.arquimaster.com.ar\\\/web\\\/cuando-arte-callejero-y-ecologia-van-de-la-mano\\\/#primaryimage\",\"url\":\"https:\\\/\\\/www.arquimaster.com.ar\\\/web\\\/wp-content\\\/uploads\\\/2021\\\/05\\\/air_is_art_slide.jpg\",\"contentUrl\":\"https:\\\/\\\/www.arquimaster.com.ar\\\/web\\\/wp-content\\\/uploads\\\/2021\\\/05\\\/air_is_art_slide.jpg\",\"width\":698,\"height\":364,\"caption\":\"Cuando arte callejero y ecolog\u00eda van de la mano\"},{\"@type\":\"BreadcrumbList\",\"@id\":\"https:\\\/\\\/www.arquimaster.com.ar\\\/web\\\/cuando-arte-callejero-y-ecologia-van-de-la-mano\\\/#breadcrumb\",\"itemListElement\":[{\"@type\":\"ListItem\",\"position\":1,\"name\":\"Portada\",\"item\":\"https:\\\/\\\/www.arquimaster.com.ar\\\/web\\\/\"},{\"@type\":\"ListItem\",\"position\":2,\"name\":\"Cuando arte callejero y ecolog\u00eda van de la mano\"}]},{\"@type\":\"WebSite\",\"@id\":\"https:\\\/\\\/www.arquimaster.com.ar\\\/web\\\/#website\",\"url\":\"https:\\\/\\\/www.arquimaster.com.ar\\\/web\\\/\",\"name\":\"Arquimaster\",\"description\":\"Web de arquitectura, dise\u00f1o y construccion\",\"publisher\":{\"@id\":\"https:\\\/\\\/www.arquimaster.com.ar\\\/web\\\/#organization\"},\"potentialAction\":[{\"@type\":\"SearchAction\",\"target\":{\"@type\":\"EntryPoint\",\"urlTemplate\":\"https:\\\/\\\/www.arquimaster.com.ar\\\/web\\\/?s={search_term_string}\"},\"query-input\":{\"@type\":\"PropertyValueSpecification\",\"valueRequired\":true,\"valueName\":\"search_term_string\"}}],\"inLanguage\":\"es\"},{\"@type\":\"Organization\",\"@id\":\"https:\\\/\\\/www.arquimaster.com.ar\\\/web\\\/#organization\",\"name\":\"Arquimaster\",\"url\":\"https:\\\/\\\/www.arquimaster.com.ar\\\/web\\\/\",\"logo\":{\"@type\":\"ImageObject\",\"inLanguage\":\"es\",\"@id\":\"https:\\\/\\\/www.arquimaster.com.ar\\\/web\\\/#\\\/schema\\\/logo\\\/image\\\/\",\"url\":\"https:\\\/\\\/www.arquimaster.com.ar\\\/web\\\/wp-content\\\/uploads\\\/2022\\\/06\\\/arquimaster.png\",\"contentUrl\":\"https:\\\/\\\/www.arquimaster.com.ar\\\/web\\\/wp-content\\\/uploads\\\/2022\\\/06\\\/arquimaster.png\",\"width\":594,\"height\":78,\"caption\":\"Arquimaster\"},\"image\":{\"@id\":\"https:\\\/\\\/www.arquimaster.com.ar\\\/web\\\/#\\\/schema\\\/logo\\\/image\\\/\"},\"sameAs\":[\"http:\\\/\\\/www.facebook.com\\\/ARQUIMASTER.com.ar\",\"https:\\\/\\\/x.com\\\/arquimaster\",\"https:\\\/\\\/www.instagram.com\\\/arquimasterblog\\\/\",\"https:\\\/\\\/www.linkedin.com\\\/company\\\/arquimaster\",\"https:\\\/\\\/www.pinterest.com\\\/arquimaster\",\"https:\\\/\\\/t.me\\\/arquimaster\"]},{\"@type\":\"Person\",\"@id\":\"https:\\\/\\\/www.arquimaster.com.ar\\\/web\\\/#\\\/schema\\\/person\\\/359e9f7c00193fcde068e0dd2ceb0028\",\"name\":\"Arquimaster\"}]}<\/script>\n<!-- \/ Yoast SEO plugin. -->","yoast_head_json":{"title":"Cuando arte callejero y ecolog\u00eda van de la mano - Arquimaster","description":"La ecopintura utilizada en los murales urbanos tiene la capacidad de reducir los contaminantes t\u00f3xicos del aire.","robots":{"index":"index","follow":"follow","max-snippet":"max-snippet:-1","max-image-preview":"max-image-preview:large","max-video-preview":"max-video-preview:-1"},"canonical":"https:\/\/www.arquimaster.com.ar\/web\/cuando-arte-callejero-y-ecologia-van-de-la-mano\/","og_locale":"es_ES","og_type":"article","og_title":"Cuando arte callejero y ecolog\u00eda van de la mano","og_description":"La ecopintura utilizada en los murales urbanos tiene la capacidad de reducir los contaminantes t\u00f3xicos del aire.","og_url":"https:\/\/www.arquimaster.com.ar\/web\/cuando-arte-callejero-y-ecologia-van-de-la-mano\/","og_site_name":"Arquimaster","article_publisher":"http:\/\/www.facebook.com\/ARQUIMASTER.com.ar","article_published_time":"2021-05-05T21:49:00+00:00","article_modified_time":"2021-06-27T18:43:22+00:00","og_image":[{"width":698,"height":364,"url":"https:\/\/www.arquimaster.com.ar\/web\/wp-content\/uploads\/2021\/05\/air_is_art_slide.jpg","type":"image\/jpeg"}],"author":"Arquimaster","twitter_card":"summary_large_image","twitter_title":"Cuando arte callejero y ecolog\u00eda van de la mano","twitter_description":"La ecopintura utilizada en los murales urbanos tiene la capacidad de reducir los contaminantes t\u00f3xicos del aire.","twitter_image":"https:\/\/www.arquimaster.com.ar\/web\/wp-content\/uploads\/2021\/05\/air_is_art_slide.jpg","twitter_creator":"@arquimaster","twitter_site":"@arquimaster","twitter_misc":{"Escrito por":"Arquimaster","Tiempo de lectura":"4 minutos"},"schema":{"@context":"https:\/\/schema.org","@graph":[{"@type":"Article","@id":"https:\/\/www.arquimaster.com.ar\/web\/cuando-arte-callejero-y-ecologia-van-de-la-mano\/#article","isPartOf":{"@id":"https:\/\/www.arquimaster.com.ar\/web\/cuando-arte-callejero-y-ecologia-van-de-la-mano\/"},"author":{"name":"Arquimaster","@id":"https:\/\/www.arquimaster.com.ar\/web\/#\/schema\/person\/359e9f7c00193fcde068e0dd2ceb0028"},"headline":"Cuando arte callejero y ecolog\u00eda van de la mano","datePublished":"2021-05-05T21:49:00+00:00","dateModified":"2021-06-27T18:43:22+00:00","mainEntityOfPage":{"@id":"https:\/\/www.arquimaster.com.ar\/web\/cuando-arte-callejero-y-ecologia-van-de-la-mano\/"},"wordCount":764,"publisher":{"@id":"https:\/\/www.arquimaster.com.ar\/web\/#organization"},"image":{"@id":"https:\/\/www.arquimaster.com.ar\/web\/cuando-arte-callejero-y-ecologia-van-de-la-mano\/#primaryimage"},"thumbnailUrl":"https:\/\/www.arquimaster.com.ar\/web\/wp-content\/uploads\/2021\/05\/air_is_art_slide.jpg","keywords":["Air is Art","Airlite","arte","arte urbano","ecopintura","mural","pintura"],"articleSection":["Noticias de arquitectura y dise\u00f1o","Novedades"],"inLanguage":"es"},{"@type":"WebPage","@id":"https:\/\/www.arquimaster.com.ar\/web\/cuando-arte-callejero-y-ecologia-van-de-la-mano\/","url":"https:\/\/www.arquimaster.com.ar\/web\/cuando-arte-callejero-y-ecologia-van-de-la-mano\/","name":"Cuando arte callejero y ecolog\u00eda van de la mano - Arquimaster","isPartOf":{"@id":"https:\/\/www.arquimaster.com.ar\/web\/#website"},"primaryImageOfPage":{"@id":"https:\/\/www.arquimaster.com.ar\/web\/cuando-arte-callejero-y-ecologia-van-de-la-mano\/#primaryimage"},"image":{"@id":"https:\/\/www.arquimaster.com.ar\/web\/cuando-arte-callejero-y-ecologia-van-de-la-mano\/#primaryimage"},"thumbnailUrl":"https:\/\/www.arquimaster.com.ar\/web\/wp-content\/uploads\/2021\/05\/air_is_art_slide.jpg","datePublished":"2021-05-05T21:49:00+00:00","dateModified":"2021-06-27T18:43:22+00:00","description":"La ecopintura utilizada en los murales urbanos tiene la capacidad de reducir los contaminantes t\u00f3xicos del aire.","breadcrumb":{"@id":"https:\/\/www.arquimaster.com.ar\/web\/cuando-arte-callejero-y-ecologia-van-de-la-mano\/#breadcrumb"},"inLanguage":"es","potentialAction":[{"@type":"ReadAction","target":["https:\/\/www.arquimaster.com.ar\/web\/cuando-arte-callejero-y-ecologia-van-de-la-mano\/"]}]},{"@type":"ImageObject","inLanguage":"es","@id":"https:\/\/www.arquimaster.com.ar\/web\/cuando-arte-callejero-y-ecologia-van-de-la-mano\/#primaryimage","url":"https:\/\/www.arquimaster.com.ar\/web\/wp-content\/uploads\/2021\/05\/air_is_art_slide.jpg","contentUrl":"https:\/\/www.arquimaster.com.ar\/web\/wp-content\/uploads\/2021\/05\/air_is_art_slide.jpg","width":698,"height":364,"caption":"Cuando arte callejero y ecolog\u00eda van de la mano"},{"@type":"BreadcrumbList","@id":"https:\/\/www.arquimaster.com.ar\/web\/cuando-arte-callejero-y-ecologia-van-de-la-mano\/#breadcrumb","itemListElement":[{"@type":"ListItem","position":1,"name":"Portada","item":"https:\/\/www.arquimaster.com.ar\/web\/"},{"@type":"ListItem","position":2,"name":"Cuando arte callejero y ecolog\u00eda van de la mano"}]},{"@type":"WebSite","@id":"https:\/\/www.arquimaster.com.ar\/web\/#website","url":"https:\/\/www.arquimaster.com.ar\/web\/","name":"Arquimaster","description":"Web de arquitectura, dise\u00f1o y construccion","publisher":{"@id":"https:\/\/www.arquimaster.com.ar\/web\/#organization"},"potentialAction":[{"@type":"SearchAction","target":{"@type":"EntryPoint","urlTemplate":"https:\/\/www.arquimaster.com.ar\/web\/?s={search_term_string}"},"query-input":{"@type":"PropertyValueSpecification","valueRequired":true,"valueName":"search_term_string"}}],"inLanguage":"es"},{"@type":"Organization","@id":"https:\/\/www.arquimaster.com.ar\/web\/#organization","name":"Arquimaster","url":"https:\/\/www.arquimaster.com.ar\/web\/","logo":{"@type":"ImageObject","inLanguage":"es","@id":"https:\/\/www.arquimaster.com.ar\/web\/#\/schema\/logo\/image\/","url":"https:\/\/www.arquimaster.com.ar\/web\/wp-content\/uploads\/2022\/06\/arquimaster.png","contentUrl":"https:\/\/www.arquimaster.com.ar\/web\/wp-content\/uploads\/2022\/06\/arquimaster.png","width":594,"height":78,"caption":"Arquimaster"},"image":{"@id":"https:\/\/www.arquimaster.com.ar\/web\/#\/schema\/logo\/image\/"},"sameAs":["http:\/\/www.facebook.com\/ARQUIMASTER.com.ar","https:\/\/x.com\/arquimaster","https:\/\/www.instagram.com\/arquimasterblog\/","https:\/\/www.linkedin.com\/company\/arquimaster","https:\/\/www.pinterest.com\/arquimaster","https:\/\/t.me\/arquimaster"]},{"@type":"Person","@id":"https:\/\/www.arquimaster.com.ar\/web\/#\/schema\/person\/359e9f7c00193fcde068e0dd2ceb0028","name":"Arquimaster"}]}},"uagb_featured_image_src":{"full":["https:\/\/www.arquimaster.com.ar\/web\/wp-content\/uploads\/2021\/05\/air_is_art_slide.jpg",698,364,false],"thumbnail":["https:\/\/www.arquimaster.com.ar\/web\/wp-content\/uploads\/2021\/05\/air_is_art_slide-150x150.jpg",150,150,true],"medium":["https:\/\/www.arquimaster.com.ar\/web\/wp-content\/uploads\/2021\/05\/air_is_art_slide.jpg",698,364,false],"medium_large":["https:\/\/www.arquimaster.com.ar\/web\/wp-content\/uploads\/2021\/05\/air_is_art_slide.jpg",698,364,false],"large":["https:\/\/www.arquimaster.com.ar\/web\/wp-content\/uploads\/2021\/05\/air_is_art_slide.jpg",698,364,false],"1536x1536":["https:\/\/www.arquimaster.com.ar\/web\/wp-content\/uploads\/2021\/05\/air_is_art_slide.jpg",698,364,false],"2048x2048":["https:\/\/www.arquimaster.com.ar\/web\/wp-content\/uploads\/2021\/05\/air_is_art_slide.jpg",698,364,false]},"uagb_author_info":{"display_name":"Arquimaster","author_link":"https:\/\/www.arquimaster.com.ar\/web\/author\/arquimaster\/"},"uagb_comment_info":0,"uagb_excerpt":"La ecopintura utilizada tiene la capacidad de reducir los contaminantes del aire...","_links":{"self":[{"href":"https:\/\/www.arquimaster.com.ar\/web\/wp-json\/wp\/v2\/posts\/65305","targetHints":{"allow":["GET"]}}],"collection":[{"href":"https:\/\/www.arquimaster.com.ar\/web\/wp-json\/wp\/v2\/posts"}],"about":[{"href":"https:\/\/www.arquimaster.com.ar\/web\/wp-json\/wp\/v2\/types\/post"}],"author":[{"embeddable":true,"href":"https:\/\/www.arquimaster.com.ar\/web\/wp-json\/wp\/v2\/users\/1"}],"replies":[{"embeddable":true,"href":"https:\/\/www.arquimaster.com.ar\/web\/wp-json\/wp\/v2\/comments?post=65305"}],"version-history":[{"count":1,"href":"https:\/\/www.arquimaster.com.ar\/web\/wp-json\/wp\/v2\/posts\/65305\/revisions"}],"predecessor-version":[{"id":65306,"href":"https:\/\/www.arquimaster.com.ar\/web\/wp-json\/wp\/v2\/posts\/65305\/revisions\/65306"}],"wp:featuredmedia":[{"embeddable":true,"href":"https:\/\/www.arquimaster.com.ar\/web\/wp-json\/wp\/v2\/media\/65298"}],"wp:attachment":[{"href":"https:\/\/www.arquimaster.com.ar\/web\/wp-json\/wp\/v2\/media?parent=65305"}],"wp:term":[{"taxonomy":"category","embeddable":true,"href":"https:\/\/www.arquimaster.com.ar\/web\/wp-json\/wp\/v2\/categories?post=65305"},{"taxonomy":"post_tag","embeddable":true,"href":"https:\/\/www.arquimaster.com.ar\/web\/wp-json\/wp\/v2\/tags?post=65305"}],"curies":[{"name":"wp","href":"https:\/\/api.w.org\/{rel}","templated":true}]}}