{"id":65720,"date":"2021-06-09T19:21:48","date_gmt":"2021-06-09T22:21:48","guid":{"rendered":"https:\/\/www.arquimaster.com.ar\/web\/?p=65720"},"modified":"2021-12-11T12:02:00","modified_gmt":"2021-12-11T15:02:00","slug":"casa-la-blanca-di-frenna-arquitectos","status":"publish","type":"post","link":"https:\/\/www.arquimaster.com.ar\/web\/casa-la-blanca-di-frenna-arquitectos\/","title":{"rendered":"Casa La Blanca \/ Di Frenna Arquitectos"},"content":{"rendered":"<div style=\"margin-top: 0px; margin-bottom: 0px;\" class=\"sharethis-inline-share-buttons\" ><\/div><div class=\"b812932af2e751442846f039925109de\" data-index=\"1\" style=\"float: none; margin:25px 0 25px 0; text-align:center;\">\n<script async src=\"https:\/\/pagead2.googlesyndication.com\/pagead\/js\/adsbygoogle.js\"><\/script>\r\n<!-- Arquimaster (superior) -->\r\n<ins class=\"adsbygoogle\"\r\n     style=\"display:block\"\r\n     data-ad-client=\"ca-pub-6351072698456832\"\r\n     data-ad-slot=\"6455489680\"\r\n     data-ad-format=\"auto\"\r\n     data-full-width-responsive=\"true\"><\/ins>\r\n<script>\r\n     (adsbygoogle = window.adsbygoogle || []).push({});\r\n<\/script>\n<\/div>\n<p><strong>Casa La Blanca<\/strong> (Villa de Alvarez, Colima, M\u00e9xico) por <strong>Di Frenna Arquitectos<\/strong>. Una mampara de celos\u00eda perdi\u00e9ndose dentro de los muros blancos de d\u00eda, de noche una mampara de luz y sombras se presenta en la fachada de Casa la Blanca.\u00a0Una de las t\u00edpicas celos\u00edas mexicanas, muy usadas dentro del Estado de Colima, desde hace d\u00e9cadas, dentro de sus ciudades y en la costa para protegerse del intenso clima c\u00e1lido sub-h\u00famedo y sus fuertes cambios clim\u00e1ticos. Es usada como piel para proteger la Casa, dando privacidad, seguridad, efectos de luz y sombra en interiores y exteriores.<\/p>\n<div id='gallery-1' class='gallery galleryid-65720 gallery-columns-3 gallery-size-thumbnail'><figure class='gallery-item'>\n\t\t\t<div class='gallery-icon landscape'>\n\t\t\t\t<a href='https:\/\/www.arquimaster.com.ar\/web\/wp-content\/uploads\/2021\/06\/casa_la_blanca1.jpg' title=\"Casa La Blanca \/ Di Frenna Arquitectos (\u00a9 Lorena Darquea)\" data-rl_title=\"Casa La Blanca \/ Di Frenna Arquitectos (\u00a9 Lorena Darquea)\" class=\"rl-gallery-link\" data-rl_caption=\"Casa La Blanca \/ Di Frenna Arquitectos (\u00a9 Lorena Darquea)\" data-rel=\"lightbox-gallery-1\"><img loading=\"lazy\" decoding=\"async\" width=\"150\" height=\"150\" src=\"https:\/\/www.arquimaster.com.ar\/web\/wp-content\/uploads\/2021\/06\/casa_la_blanca1-150x150.jpg\" class=\"attachment-thumbnail size-thumbnail\" alt=\"Casa La Blanca \/ Di Frenna Arquitectos\" aria-describedby=\"gallery-1-65722\" \/><\/a>\n\t\t\t<\/div>\n\t\t\t\t<figcaption class='wp-caption-text gallery-caption' id='gallery-1-65722'>\n\t\t\t\tCasa La Blanca \/ Di Frenna Arquitectos (\u00a9 Lorena Darquea)\n\t\t\t\t<\/figcaption><\/figure><figure class='gallery-item'>\n\t\t\t<div class='gallery-icon landscape'>\n\t\t\t\t<a href='https:\/\/www.arquimaster.com.ar\/web\/wp-content\/uploads\/2021\/06\/casa_la_blanca2.jpg' title=\"Casa La Blanca \/ Di Frenna Arquitectos (\u00a9 Lorena Darquea)\" data-rl_title=\"Casa La Blanca \/ Di Frenna Arquitectos (\u00a9 Lorena Darquea)\" class=\"rl-gallery-link\" data-rl_caption=\"Casa La Blanca \/ Di Frenna Arquitectos (\u00a9 Lorena Darquea)\" data-rel=\"lightbox-gallery-1\"><img loading=\"lazy\" decoding=\"async\" width=\"150\" height=\"150\" src=\"https:\/\/www.arquimaster.com.ar\/web\/wp-content\/uploads\/2021\/06\/casa_la_blanca2-150x150.jpg\" class=\"attachment-thumbnail size-thumbnail\" alt=\"Casa La Blanca \/ Di Frenna Arquitectos\" aria-describedby=\"gallery-1-65723\" \/><\/a>\n\t\t\t<\/div>\n\t\t\t\t<figcaption class='wp-caption-text gallery-caption' id='gallery-1-65723'>\n\t\t\t\tCasa La Blanca \/ Di Frenna Arquitectos (\u00a9 Lorena Darquea)\n\t\t\t\t<\/figcaption><\/figure><figure class='gallery-item'>\n\t\t\t<div class='gallery-icon landscape'>\n\t\t\t\t<a href='https:\/\/www.arquimaster.com.ar\/web\/wp-content\/uploads\/2021\/06\/casa_la_blanca3.jpg' title=\"Casa La Blanca \/ Di Frenna Arquitectos (\u00a9 Lorena Darquea)\" data-rl_title=\"Casa La Blanca \/ Di Frenna Arquitectos (\u00a9 Lorena Darquea)\" class=\"rl-gallery-link\" data-rl_caption=\"Casa La Blanca \/ Di Frenna Arquitectos (\u00a9 Lorena Darquea)\" data-rel=\"lightbox-gallery-1\"><img loading=\"lazy\" decoding=\"async\" width=\"150\" height=\"150\" src=\"https:\/\/www.arquimaster.com.ar\/web\/wp-content\/uploads\/2021\/06\/casa_la_blanca3-150x150.jpg\" class=\"attachment-thumbnail size-thumbnail\" alt=\"Casa La Blanca \/ Di Frenna Arquitectos\" aria-describedby=\"gallery-1-65724\" \/><\/a>\n\t\t\t<\/div>\n\t\t\t\t<figcaption class='wp-caption-text gallery-caption' id='gallery-1-65724'>\n\t\t\t\tCasa La Blanca \/ Di Frenna Arquitectos (\u00a9 Lorena Darquea)\n\t\t\t\t<\/figcaption><\/figure><figure class='gallery-item'>\n\t\t\t<div class='gallery-icon landscape'>\n\t\t\t\t<a href='https:\/\/www.arquimaster.com.ar\/web\/wp-content\/uploads\/2021\/06\/casa_la_blanca4.jpg' title=\"Casa La Blanca \/ Di Frenna Arquitectos (\u00a9 Lorena Darquea)\" data-rl_title=\"Casa La Blanca \/ Di Frenna Arquitectos (\u00a9 Lorena Darquea)\" class=\"rl-gallery-link\" data-rl_caption=\"Casa La Blanca \/ Di Frenna Arquitectos (\u00a9 Lorena Darquea)\" data-rel=\"lightbox-gallery-1\"><img loading=\"lazy\" decoding=\"async\" width=\"150\" height=\"150\" src=\"https:\/\/www.arquimaster.com.ar\/web\/wp-content\/uploads\/2021\/06\/casa_la_blanca4-150x150.jpg\" class=\"attachment-thumbnail size-thumbnail\" alt=\"Casa La Blanca \/ Di Frenna Arquitectos\" aria-describedby=\"gallery-1-65725\" \/><\/a>\n\t\t\t<\/div>\n\t\t\t\t<figcaption class='wp-caption-text gallery-caption' id='gallery-1-65725'>\n\t\t\t\tCasa La Blanca \/ Di Frenna Arquitectos (\u00a9 Lorena Darquea)\n\t\t\t\t<\/figcaption><\/figure><figure class='gallery-item'>\n\t\t\t<div class='gallery-icon portrait'>\n\t\t\t\t<a href='https:\/\/www.arquimaster.com.ar\/web\/wp-content\/uploads\/2021\/06\/casa_la_blanca5.jpg' title=\"Casa La Blanca \/ Di Frenna Arquitectos (\u00a9 Lorena Darquea)\" data-rl_title=\"Casa La Blanca \/ Di Frenna Arquitectos (\u00a9 Lorena Darquea)\" class=\"rl-gallery-link\" data-rl_caption=\"Casa La Blanca \/ Di Frenna Arquitectos (\u00a9 Lorena Darquea)\" data-rel=\"lightbox-gallery-1\"><img loading=\"lazy\" decoding=\"async\" width=\"150\" height=\"150\" src=\"https:\/\/www.arquimaster.com.ar\/web\/wp-content\/uploads\/2021\/06\/casa_la_blanca5-150x150.jpg\" class=\"attachment-thumbnail size-thumbnail\" alt=\"Casa La Blanca \/ Di Frenna Arquitectos\" aria-describedby=\"gallery-1-65726\" \/><\/a>\n\t\t\t<\/div>\n\t\t\t\t<figcaption class='wp-caption-text gallery-caption' id='gallery-1-65726'>\n\t\t\t\tCasa La Blanca \/ Di Frenna Arquitectos (\u00a9 Lorena Darquea)\n\t\t\t\t<\/figcaption><\/figure><figure class='gallery-item'>\n\t\t\t<div class='gallery-icon portrait'>\n\t\t\t\t<a href='https:\/\/www.arquimaster.com.ar\/web\/wp-content\/uploads\/2021\/06\/casa_la_blanca6.jpg' title=\"Casa La Blanca \/ Di Frenna Arquitectos (\u00a9 Lorena Darquea)\" data-rl_title=\"Casa La Blanca \/ Di Frenna Arquitectos (\u00a9 Lorena Darquea)\" class=\"rl-gallery-link\" data-rl_caption=\"Casa La Blanca \/ Di Frenna Arquitectos (\u00a9 Lorena Darquea)\" data-rel=\"lightbox-gallery-1\"><img loading=\"lazy\" decoding=\"async\" width=\"150\" height=\"150\" src=\"https:\/\/www.arquimaster.com.ar\/web\/wp-content\/uploads\/2021\/06\/casa_la_blanca6-150x150.jpg\" class=\"attachment-thumbnail size-thumbnail\" alt=\"Casa La Blanca \/ Di Frenna Arquitectos\" aria-describedby=\"gallery-1-65727\" \/><\/a>\n\t\t\t<\/div>\n\t\t\t\t<figcaption class='wp-caption-text gallery-caption' id='gallery-1-65727'>\n\t\t\t\tCasa La Blanca \/ Di Frenna Arquitectos (\u00a9 Lorena Darquea)\n\t\t\t\t<\/figcaption><\/figure><figure class='gallery-item'>\n\t\t\t<div class='gallery-icon portrait'>\n\t\t\t\t<a href='https:\/\/www.arquimaster.com.ar\/web\/wp-content\/uploads\/2021\/06\/casa_la_blanca7.jpg' title=\"Casa La Blanca \/ Di Frenna Arquitectos (\u00a9 Lorena Darquea)\" data-rl_title=\"Casa La Blanca \/ Di Frenna Arquitectos (\u00a9 Lorena Darquea)\" class=\"rl-gallery-link\" data-rl_caption=\"Casa La Blanca \/ Di Frenna Arquitectos (\u00a9 Lorena Darquea)\" data-rel=\"lightbox-gallery-1\"><img loading=\"lazy\" decoding=\"async\" width=\"150\" height=\"150\" src=\"https:\/\/www.arquimaster.com.ar\/web\/wp-content\/uploads\/2021\/06\/casa_la_blanca7-150x150.jpg\" class=\"attachment-thumbnail size-thumbnail\" alt=\"Casa La Blanca \/ Di Frenna Arquitectos\" aria-describedby=\"gallery-1-65728\" \/><\/a>\n\t\t\t<\/div>\n\t\t\t\t<figcaption class='wp-caption-text gallery-caption' id='gallery-1-65728'>\n\t\t\t\tCasa La Blanca \/ Di Frenna Arquitectos (\u00a9 Lorena Darquea)\n\t\t\t\t<\/figcaption><\/figure><figure class='gallery-item'>\n\t\t\t<div class='gallery-icon landscape'>\n\t\t\t\t<a href='https:\/\/www.arquimaster.com.ar\/web\/wp-content\/uploads\/2021\/06\/casa_la_blanca8.jpg' title=\"Casa La Blanca \/ Di Frenna Arquitectos (\u00a9 Lorena Darquea)\" data-rl_title=\"Casa La Blanca \/ Di Frenna Arquitectos (\u00a9 Lorena Darquea)\" class=\"rl-gallery-link\" data-rl_caption=\"Casa La Blanca \/ Di Frenna Arquitectos (\u00a9 Lorena Darquea)\" data-rel=\"lightbox-gallery-1\"><img loading=\"lazy\" decoding=\"async\" width=\"150\" height=\"150\" src=\"https:\/\/www.arquimaster.com.ar\/web\/wp-content\/uploads\/2021\/06\/casa_la_blanca8-150x150.jpg\" class=\"attachment-thumbnail size-thumbnail\" alt=\"Casa La Blanca \/ Di Frenna Arquitectos\" aria-describedby=\"gallery-1-65729\" \/><\/a>\n\t\t\t<\/div>\n\t\t\t\t<figcaption class='wp-caption-text gallery-caption' id='gallery-1-65729'>\n\t\t\t\tCasa La Blanca \/ Di Frenna Arquitectos (\u00a9 Lorena Darquea)\n\t\t\t\t<\/figcaption><\/figure><figure class='gallery-item'>\n\t\t\t<div class='gallery-icon landscape'>\n\t\t\t\t<a href='https:\/\/www.arquimaster.com.ar\/web\/wp-content\/uploads\/2021\/06\/casa_la_blanca9.jpg' title=\"Casa La Blanca \/ Di Frenna Arquitectos (\u00a9 Lorena Darquea)\" data-rl_title=\"Casa La Blanca \/ Di Frenna Arquitectos (\u00a9 Lorena Darquea)\" class=\"rl-gallery-link\" data-rl_caption=\"Casa La Blanca \/ Di Frenna Arquitectos (\u00a9 Lorena Darquea)\" data-rel=\"lightbox-gallery-1\"><img loading=\"lazy\" decoding=\"async\" width=\"150\" height=\"150\" src=\"https:\/\/www.arquimaster.com.ar\/web\/wp-content\/uploads\/2021\/06\/casa_la_blanca9-150x150.jpg\" class=\"attachment-thumbnail size-thumbnail\" alt=\"Casa La Blanca \/ Di Frenna Arquitectos\" aria-describedby=\"gallery-1-65730\" \/><\/a>\n\t\t\t<\/div>\n\t\t\t\t<figcaption class='wp-caption-text gallery-caption' id='gallery-1-65730'>\n\t\t\t\tCasa La Blanca \/ Di Frenna Arquitectos (\u00a9 Lorena Darquea)\n\t\t\t\t<\/figcaption><\/figure><figure class='gallery-item'>\n\t\t\t<div class='gallery-icon landscape'>\n\t\t\t\t<a href='https:\/\/www.arquimaster.com.ar\/web\/wp-content\/uploads\/2021\/06\/casa_la_blanca10.jpg' title=\"Casa La Blanca \/ Di Frenna Arquitectos (\u00a9 Lorena Darquea)\" data-rl_title=\"Casa La Blanca \/ Di Frenna Arquitectos (\u00a9 Lorena Darquea)\" class=\"rl-gallery-link\" data-rl_caption=\"Casa La Blanca \/ Di Frenna Arquitectos (\u00a9 Lorena Darquea)\" data-rel=\"lightbox-gallery-1\"><img loading=\"lazy\" decoding=\"async\" width=\"150\" height=\"150\" src=\"https:\/\/www.arquimaster.com.ar\/web\/wp-content\/uploads\/2021\/06\/casa_la_blanca10-150x150.jpg\" class=\"attachment-thumbnail size-thumbnail\" alt=\"Casa La Blanca \/ Di Frenna Arquitectos\" aria-describedby=\"gallery-1-65731\" \/><\/a>\n\t\t\t<\/div>\n\t\t\t\t<figcaption class='wp-caption-text gallery-caption' id='gallery-1-65731'>\n\t\t\t\tCasa La Blanca \/ Di Frenna Arquitectos (\u00a9 Lorena Darquea)\n\t\t\t\t<\/figcaption><\/figure><figure class='gallery-item'>\n\t\t\t<div class='gallery-icon landscape'>\n\t\t\t\t<a href='https:\/\/www.arquimaster.com.ar\/web\/wp-content\/uploads\/2021\/06\/casa_la_blanca11.jpg' title=\"Casa La Blanca \/ Di Frenna Arquitectos (\u00a9 Lorena Darquea)\" data-rl_title=\"Casa La Blanca \/ Di Frenna Arquitectos (\u00a9 Lorena Darquea)\" class=\"rl-gallery-link\" data-rl_caption=\"Casa La Blanca \/ Di Frenna Arquitectos (\u00a9 Lorena Darquea)\" data-rel=\"lightbox-gallery-1\"><img loading=\"lazy\" decoding=\"async\" width=\"150\" height=\"150\" src=\"https:\/\/www.arquimaster.com.ar\/web\/wp-content\/uploads\/2021\/06\/casa_la_blanca11-150x150.jpg\" class=\"attachment-thumbnail size-thumbnail\" alt=\"Casa La Blanca \/ Di Frenna Arquitectos\" aria-describedby=\"gallery-1-65732\" \/><\/a>\n\t\t\t<\/div>\n\t\t\t\t<figcaption class='wp-caption-text gallery-caption' id='gallery-1-65732'>\n\t\t\t\tCasa La Blanca \/ Di Frenna Arquitectos (\u00a9 Lorena Darquea)\n\t\t\t\t<\/figcaption><\/figure><figure class='gallery-item'>\n\t\t\t<div class='gallery-icon landscape'>\n\t\t\t\t<a href='https:\/\/www.arquimaster.com.ar\/web\/wp-content\/uploads\/2021\/06\/casa_la_blanca12.jpg' title=\"Casa La Blanca \/ Di Frenna Arquitectos (\u00a9 Lorena Darquea)\" data-rl_title=\"Casa La Blanca \/ Di Frenna Arquitectos (\u00a9 Lorena Darquea)\" class=\"rl-gallery-link\" data-rl_caption=\"Casa La Blanca \/ Di Frenna Arquitectos (\u00a9 Lorena Darquea)\" data-rel=\"lightbox-gallery-1\"><img loading=\"lazy\" decoding=\"async\" width=\"150\" height=\"150\" src=\"https:\/\/www.arquimaster.com.ar\/web\/wp-content\/uploads\/2021\/06\/casa_la_blanca12-150x150.jpg\" class=\"attachment-thumbnail size-thumbnail\" alt=\"Casa La Blanca \/ Di Frenna Arquitectos\" aria-describedby=\"gallery-1-65733\" \/><\/a>\n\t\t\t<\/div>\n\t\t\t\t<figcaption class='wp-caption-text gallery-caption' id='gallery-1-65733'>\n\t\t\t\tCasa La Blanca \/ Di Frenna Arquitectos (\u00a9 Lorena Darquea)\n\t\t\t\t<\/figcaption><\/figure><figure class='gallery-item'>\n\t\t\t<div class='gallery-icon landscape'>\n\t\t\t\t<a href='https:\/\/www.arquimaster.com.ar\/web\/wp-content\/uploads\/2021\/06\/casa_la_blanca13.jpg' title=\"Casa La Blanca \/ Di Frenna Arquitectos (\u00a9 Lorena Darquea)\" data-rl_title=\"Casa La Blanca \/ Di Frenna Arquitectos (\u00a9 Lorena Darquea)\" class=\"rl-gallery-link\" data-rl_caption=\"Casa La Blanca \/ Di Frenna Arquitectos (\u00a9 Lorena Darquea)\" data-rel=\"lightbox-gallery-1\"><img loading=\"lazy\" decoding=\"async\" width=\"150\" height=\"150\" src=\"https:\/\/www.arquimaster.com.ar\/web\/wp-content\/uploads\/2021\/06\/casa_la_blanca13-150x150.jpg\" class=\"attachment-thumbnail size-thumbnail\" alt=\"Casa La Blanca \/ Di Frenna Arquitectos\" aria-describedby=\"gallery-1-65734\" \/><\/a>\n\t\t\t<\/div>\n\t\t\t\t<figcaption class='wp-caption-text gallery-caption' id='gallery-1-65734'>\n\t\t\t\tCasa La Blanca \/ Di Frenna Arquitectos (\u00a9 Lorena Darquea)\n\t\t\t\t<\/figcaption><\/figure><figure class='gallery-item'>\n\t\t\t<div class='gallery-icon landscape'>\n\t\t\t\t<a href='https:\/\/www.arquimaster.com.ar\/web\/wp-content\/uploads\/2021\/06\/casa_la_blanca14.jpg' title=\"Casa La Blanca \/ Di Frenna Arquitectos (\u00a9 Lorena Darquea)\" data-rl_title=\"Casa La Blanca \/ Di Frenna Arquitectos (\u00a9 Lorena Darquea)\" class=\"rl-gallery-link\" data-rl_caption=\"Casa La Blanca \/ Di Frenna Arquitectos (\u00a9 Lorena Darquea)\" data-rel=\"lightbox-gallery-1\"><img loading=\"lazy\" decoding=\"async\" width=\"150\" height=\"150\" src=\"https:\/\/www.arquimaster.com.ar\/web\/wp-content\/uploads\/2021\/06\/casa_la_blanca14-150x150.jpg\" class=\"attachment-thumbnail size-thumbnail\" alt=\"Casa La Blanca \/ Di Frenna Arquitectos\" aria-describedby=\"gallery-1-65735\" \/><\/a>\n\t\t\t<\/div>\n\t\t\t\t<figcaption class='wp-caption-text gallery-caption' id='gallery-1-65735'>\n\t\t\t\tCasa La Blanca \/ Di Frenna Arquitectos (\u00a9 Lorena Darquea)\n\t\t\t\t<\/figcaption><\/figure><figure class='gallery-item'>\n\t\t\t<div class='gallery-icon portrait'>\n\t\t\t\t<a href='https:\/\/www.arquimaster.com.ar\/web\/wp-content\/uploads\/2021\/06\/casa_la_blanca15.jpg' title=\"Casa La Blanca \/ Di Frenna Arquitectos (\u00a9 Lorena Darquea)\" data-rl_title=\"Casa La Blanca \/ Di Frenna Arquitectos (\u00a9 Lorena Darquea)\" class=\"rl-gallery-link\" data-rl_caption=\"Casa La Blanca \/ Di Frenna Arquitectos (\u00a9 Lorena Darquea)\" data-rel=\"lightbox-gallery-1\"><img loading=\"lazy\" decoding=\"async\" width=\"150\" height=\"150\" src=\"https:\/\/www.arquimaster.com.ar\/web\/wp-content\/uploads\/2021\/06\/casa_la_blanca15-150x150.jpg\" class=\"attachment-thumbnail size-thumbnail\" alt=\"Casa La Blanca \/ Di Frenna Arquitectos\" aria-describedby=\"gallery-1-65736\" \/><\/a>\n\t\t\t<\/div>\n\t\t\t\t<figcaption class='wp-caption-text gallery-caption' id='gallery-1-65736'>\n\t\t\t\tCasa La Blanca \/ Di Frenna Arquitectos (\u00a9 Lorena Darquea)\n\t\t\t\t<\/figcaption><\/figure><figure class='gallery-item'>\n\t\t\t<div class='gallery-icon landscape'>\n\t\t\t\t<a href='https:\/\/www.arquimaster.com.ar\/web\/wp-content\/uploads\/2021\/06\/casa_la_blanca16.jpg' title=\"Casa La Blanca \/ Di Frenna Arquitectos (\u00a9 Lorena Darquea)\" data-rl_title=\"Casa La Blanca \/ Di Frenna Arquitectos (\u00a9 Lorena Darquea)\" class=\"rl-gallery-link\" data-rl_caption=\"Casa La Blanca \/ Di Frenna Arquitectos (\u00a9 Lorena Darquea)\" data-rel=\"lightbox-gallery-1\"><img loading=\"lazy\" decoding=\"async\" width=\"150\" height=\"150\" src=\"https:\/\/www.arquimaster.com.ar\/web\/wp-content\/uploads\/2021\/06\/casa_la_blanca16-150x150.jpg\" class=\"attachment-thumbnail size-thumbnail\" alt=\"Casa La Blanca \/ Di Frenna Arquitectos\" aria-describedby=\"gallery-1-65737\" \/><\/a>\n\t\t\t<\/div>\n\t\t\t\t<figcaption class='wp-caption-text gallery-caption' id='gallery-1-65737'>\n\t\t\t\tCasa La Blanca \/ Di Frenna Arquitectos (\u00a9 Lorena Darquea)\n\t\t\t\t<\/figcaption><\/figure><figure class='gallery-item'>\n\t\t\t<div class='gallery-icon landscape'>\n\t\t\t\t<a href='https:\/\/www.arquimaster.com.ar\/web\/wp-content\/uploads\/2021\/06\/casa_la_blanca17.jpg' title=\"Casa La Blanca \/ Di Frenna Arquitectos (\u00a9 Lorena Darquea)\" data-rl_title=\"Casa La Blanca \/ Di Frenna Arquitectos (\u00a9 Lorena Darquea)\" class=\"rl-gallery-link\" data-rl_caption=\"Casa La Blanca \/ Di Frenna Arquitectos (\u00a9 Lorena Darquea)\" data-rel=\"lightbox-gallery-1\"><img loading=\"lazy\" decoding=\"async\" width=\"150\" height=\"150\" src=\"https:\/\/www.arquimaster.com.ar\/web\/wp-content\/uploads\/2021\/06\/casa_la_blanca17-150x150.jpg\" class=\"attachment-thumbnail size-thumbnail\" alt=\"Casa La Blanca \/ Di Frenna Arquitectos\" aria-describedby=\"gallery-1-65738\" \/><\/a>\n\t\t\t<\/div>\n\t\t\t\t<figcaption class='wp-caption-text gallery-caption' id='gallery-1-65738'>\n\t\t\t\tCasa La Blanca \/ Di Frenna Arquitectos (\u00a9 Lorena Darquea)\n\t\t\t\t<\/figcaption><\/figure><figure class='gallery-item'>\n\t\t\t<div class='gallery-icon landscape'>\n\t\t\t\t<a href='https:\/\/www.arquimaster.com.ar\/web\/wp-content\/uploads\/2021\/06\/casa_la_blanca18.jpg' title=\"Casa La Blanca \/ Di Frenna Arquitectos (\u00a9 Lorena Darquea)\" data-rl_title=\"Casa La Blanca \/ Di Frenna Arquitectos (\u00a9 Lorena Darquea)\" class=\"rl-gallery-link\" data-rl_caption=\"Casa La Blanca \/ Di Frenna Arquitectos (\u00a9 Lorena Darquea)\" data-rel=\"lightbox-gallery-1\"><img loading=\"lazy\" decoding=\"async\" width=\"150\" height=\"150\" src=\"https:\/\/www.arquimaster.com.ar\/web\/wp-content\/uploads\/2021\/06\/casa_la_blanca18-150x150.jpg\" class=\"attachment-thumbnail size-thumbnail\" alt=\"Casa La Blanca \/ Di Frenna Arquitectos\" aria-describedby=\"gallery-1-65739\" \/><\/a>\n\t\t\t<\/div>\n\t\t\t\t<figcaption class='wp-caption-text gallery-caption' id='gallery-1-65739'>\n\t\t\t\tCasa La Blanca \/ Di Frenna Arquitectos (\u00a9 Lorena Darquea)\n\t\t\t\t<\/figcaption><\/figure><figure class='gallery-item'>\n\t\t\t<div class='gallery-icon landscape'>\n\t\t\t\t<a href='https:\/\/www.arquimaster.com.ar\/web\/wp-content\/uploads\/2021\/06\/casa_la_blanca19.jpg' title=\"Casa La Blanca \/ Di Frenna Arquitectos (\u00a9 Lorena Darquea)\" data-rl_title=\"Casa La Blanca \/ Di Frenna Arquitectos (\u00a9 Lorena Darquea)\" class=\"rl-gallery-link\" data-rl_caption=\"Casa La Blanca \/ Di Frenna Arquitectos (\u00a9 Lorena Darquea)\" data-rel=\"lightbox-gallery-1\"><img loading=\"lazy\" decoding=\"async\" width=\"150\" height=\"150\" src=\"https:\/\/www.arquimaster.com.ar\/web\/wp-content\/uploads\/2021\/06\/casa_la_blanca19-150x150.jpg\" class=\"attachment-thumbnail size-thumbnail\" alt=\"Casa La Blanca \/ Di Frenna Arquitectos\" aria-describedby=\"gallery-1-65740\" \/><\/a>\n\t\t\t<\/div>\n\t\t\t\t<figcaption class='wp-caption-text gallery-caption' id='gallery-1-65740'>\n\t\t\t\tCasa La Blanca \/ Di Frenna Arquitectos (\u00a9 Lorena Darquea)\n\t\t\t\t<\/figcaption><\/figure><figure class='gallery-item'>\n\t\t\t<div class='gallery-icon landscape'>\n\t\t\t\t<a href='https:\/\/www.arquimaster.com.ar\/web\/wp-content\/uploads\/2021\/06\/casa_la_blanca20.jpg' title=\"Casa La Blanca \/ Di Frenna Arquitectos (\u00a9 Lorena Darquea)\" data-rl_title=\"Casa La Blanca \/ Di Frenna Arquitectos (\u00a9 Lorena Darquea)\" class=\"rl-gallery-link\" data-rl_caption=\"Casa La Blanca \/ Di Frenna Arquitectos (\u00a9 Lorena Darquea)\" data-rel=\"lightbox-gallery-1\"><img loading=\"lazy\" decoding=\"async\" width=\"150\" height=\"150\" src=\"https:\/\/www.arquimaster.com.ar\/web\/wp-content\/uploads\/2021\/06\/casa_la_blanca20-150x150.jpg\" class=\"attachment-thumbnail size-thumbnail\" alt=\"Casa La Blanca \/ Di Frenna Arquitectos\" aria-describedby=\"gallery-1-65741\" \/><\/a>\n\t\t\t<\/div>\n\t\t\t\t<figcaption class='wp-caption-text gallery-caption' id='gallery-1-65741'>\n\t\t\t\tCasa La Blanca \/ Di Frenna Arquitectos (\u00a9 Lorena Darquea)\n\t\t\t\t<\/figcaption><\/figure><figure class='gallery-item'>\n\t\t\t<div class='gallery-icon landscape'>\n\t\t\t\t<a href='https:\/\/www.arquimaster.com.ar\/web\/wp-content\/uploads\/2021\/06\/casa_la_blanca21.jpg' title=\"Casa La Blanca \/ Di Frenna Arquitectos (\u00a9 Lorena Darquea)\" data-rl_title=\"Casa La Blanca \/ Di Frenna Arquitectos (\u00a9 Lorena Darquea)\" class=\"rl-gallery-link\" data-rl_caption=\"Casa La Blanca \/ Di Frenna Arquitectos (\u00a9 Lorena Darquea)\" data-rel=\"lightbox-gallery-1\"><img loading=\"lazy\" decoding=\"async\" width=\"150\" height=\"150\" src=\"https:\/\/www.arquimaster.com.ar\/web\/wp-content\/uploads\/2021\/06\/casa_la_blanca21-150x150.jpg\" class=\"attachment-thumbnail size-thumbnail\" alt=\"Casa La Blanca \/ Di Frenna Arquitectos\" aria-describedby=\"gallery-1-65742\" \/><\/a>\n\t\t\t<\/div>\n\t\t\t\t<figcaption class='wp-caption-text gallery-caption' id='gallery-1-65742'>\n\t\t\t\tCasa La Blanca \/ Di Frenna Arquitectos (\u00a9 Lorena Darquea)\n\t\t\t\t<\/figcaption><\/figure><figure class='gallery-item'>\n\t\t\t<div class='gallery-icon landscape'>\n\t\t\t\t<a href='https:\/\/www.arquimaster.com.ar\/web\/wp-content\/uploads\/2021\/06\/casa_la_blanca22.jpg' title=\"Casa La Blanca \/ Di Frenna Arquitectos (\u00a9 Lorena Darquea)\" data-rl_title=\"Casa La Blanca \/ Di Frenna Arquitectos (\u00a9 Lorena Darquea)\" class=\"rl-gallery-link\" data-rl_caption=\"Casa La Blanca \/ Di Frenna Arquitectos (\u00a9 Lorena Darquea)\" data-rel=\"lightbox-gallery-1\"><img loading=\"lazy\" decoding=\"async\" width=\"150\" height=\"150\" src=\"https:\/\/www.arquimaster.com.ar\/web\/wp-content\/uploads\/2021\/06\/casa_la_blanca22-150x150.jpg\" class=\"attachment-thumbnail size-thumbnail\" alt=\"Casa La Blanca \/ Di Frenna Arquitectos\" aria-describedby=\"gallery-1-65743\" \/><\/a>\n\t\t\t<\/div>\n\t\t\t\t<figcaption class='wp-caption-text gallery-caption' id='gallery-1-65743'>\n\t\t\t\tCasa La Blanca \/ Di Frenna Arquitectos (\u00a9 Lorena Darquea)\n\t\t\t\t<\/figcaption><\/figure><figure class='gallery-item'>\n\t\t\t<div class='gallery-icon landscape'>\n\t\t\t\t<a href='https:\/\/www.arquimaster.com.ar\/web\/wp-content\/uploads\/2021\/06\/casa_la_blanca23.jpg' title=\"Casa La Blanca \/ Di Frenna Arquitectos (\u00a9 Lorena Darquea)\" data-rl_title=\"Casa La Blanca \/ Di Frenna Arquitectos (\u00a9 Lorena Darquea)\" class=\"rl-gallery-link\" data-rl_caption=\"Casa La Blanca \/ Di Frenna Arquitectos (\u00a9 Lorena Darquea)\" data-rel=\"lightbox-gallery-1\"><img loading=\"lazy\" decoding=\"async\" width=\"150\" height=\"150\" src=\"https:\/\/www.arquimaster.com.ar\/web\/wp-content\/uploads\/2021\/06\/casa_la_blanca23-150x150.jpg\" class=\"attachment-thumbnail size-thumbnail\" alt=\"Casa La Blanca \/ Di Frenna Arquitectos\" aria-describedby=\"gallery-1-65744\" \/><\/a>\n\t\t\t<\/div>\n\t\t\t\t<figcaption class='wp-caption-text gallery-caption' id='gallery-1-65744'>\n\t\t\t\tCasa La Blanca \/ Di Frenna Arquitectos (\u00a9 Lorena Darquea)\n\t\t\t\t<\/figcaption><\/figure><figure class='gallery-item'>\n\t\t\t<div class='gallery-icon landscape'>\n\t\t\t\t<a href='https:\/\/www.arquimaster.com.ar\/web\/wp-content\/uploads\/2021\/06\/casa_la_blanca24.jpg' title=\"Casa La Blanca \/ Di Frenna Arquitectos (\u00a9 Lorena Darquea)\" data-rl_title=\"Casa La Blanca \/ Di Frenna Arquitectos (\u00a9 Lorena Darquea)\" class=\"rl-gallery-link\" data-rl_caption=\"Casa La Blanca \/ Di Frenna Arquitectos (\u00a9 Lorena Darquea)\" data-rel=\"lightbox-gallery-1\"><img loading=\"lazy\" decoding=\"async\" width=\"150\" height=\"150\" src=\"https:\/\/www.arquimaster.com.ar\/web\/wp-content\/uploads\/2021\/06\/casa_la_blanca24-150x150.jpg\" class=\"attachment-thumbnail size-thumbnail\" alt=\"Casa La Blanca \/ Di Frenna Arquitectos\" aria-describedby=\"gallery-1-65745\" \/><\/a>\n\t\t\t<\/div>\n\t\t\t\t<figcaption class='wp-caption-text gallery-caption' id='gallery-1-65745'>\n\t\t\t\tCasa La Blanca \/ Di Frenna Arquitectos (\u00a9 Lorena Darquea)\n\t\t\t\t<\/figcaption><\/figure><figure class='gallery-item'>\n\t\t\t<div class='gallery-icon landscape'>\n\t\t\t\t<a href='https:\/\/www.arquimaster.com.ar\/web\/wp-content\/uploads\/2021\/06\/casa_la_blanca25.jpg' title=\"Casa La Blanca \/ Di Frenna Arquitectos (\u00a9 Lorena Darquea)\" data-rl_title=\"Casa La Blanca \/ Di Frenna Arquitectos (\u00a9 Lorena Darquea)\" class=\"rl-gallery-link\" data-rl_caption=\"Casa La Blanca \/ Di Frenna Arquitectos (\u00a9 Lorena Darquea)\" data-rel=\"lightbox-gallery-1\"><img loading=\"lazy\" decoding=\"async\" width=\"150\" height=\"150\" src=\"https:\/\/www.arquimaster.com.ar\/web\/wp-content\/uploads\/2021\/06\/casa_la_blanca25-150x150.jpg\" class=\"attachment-thumbnail size-thumbnail\" alt=\"Casa La Blanca \/ Di Frenna Arquitectos\" aria-describedby=\"gallery-1-65746\" \/><\/a>\n\t\t\t<\/div>\n\t\t\t\t<figcaption class='wp-caption-text gallery-caption' id='gallery-1-65746'>\n\t\t\t\tCasa La Blanca \/ Di Frenna Arquitectos (\u00a9 Lorena Darquea)\n\t\t\t\t<\/figcaption><\/figure><figure class='gallery-item'>\n\t\t\t<div class='gallery-icon portrait'>\n\t\t\t\t<a href='https:\/\/www.arquimaster.com.ar\/web\/wp-content\/uploads\/2021\/06\/casa_la_blanca26.jpg' title=\"Casa La Blanca \/ Di Frenna Arquitectos (\u00a9 Lorena Darquea)\" data-rl_title=\"Casa La Blanca \/ Di Frenna Arquitectos (\u00a9 Lorena Darquea)\" class=\"rl-gallery-link\" data-rl_caption=\"Casa La Blanca \/ Di Frenna Arquitectos (\u00a9 Lorena Darquea)\" data-rel=\"lightbox-gallery-1\"><img loading=\"lazy\" decoding=\"async\" width=\"150\" height=\"150\" src=\"https:\/\/www.arquimaster.com.ar\/web\/wp-content\/uploads\/2021\/06\/casa_la_blanca26-150x150.jpg\" class=\"attachment-thumbnail size-thumbnail\" alt=\"Casa La Blanca \/ Di Frenna Arquitectos\" aria-describedby=\"gallery-1-65747\" \/><\/a>\n\t\t\t<\/div>\n\t\t\t\t<figcaption class='wp-caption-text gallery-caption' id='gallery-1-65747'>\n\t\t\t\tCasa La Blanca \/ Di Frenna Arquitectos (\u00a9 Lorena Darquea)\n\t\t\t\t<\/figcaption><\/figure><figure class='gallery-item'>\n\t\t\t<div class='gallery-icon landscape'>\n\t\t\t\t<a href='https:\/\/www.arquimaster.com.ar\/web\/wp-content\/uploads\/2021\/06\/casa_la_blanca27.jpg' title=\"Casa La Blanca \/ Di Frenna Arquitectos (\u00a9 Lorena Darquea)\" data-rl_title=\"Casa La Blanca \/ Di Frenna Arquitectos (\u00a9 Lorena Darquea)\" class=\"rl-gallery-link\" data-rl_caption=\"Casa La Blanca \/ Di Frenna Arquitectos (\u00a9 Lorena Darquea)\" data-rel=\"lightbox-gallery-1\"><img loading=\"lazy\" decoding=\"async\" width=\"150\" height=\"150\" src=\"https:\/\/www.arquimaster.com.ar\/web\/wp-content\/uploads\/2021\/06\/casa_la_blanca27-150x150.jpg\" class=\"attachment-thumbnail size-thumbnail\" alt=\"Casa La Blanca \/ Di Frenna Arquitectos\" aria-describedby=\"gallery-1-65748\" \/><\/a>\n\t\t\t<\/div>\n\t\t\t\t<figcaption class='wp-caption-text gallery-caption' id='gallery-1-65748'>\n\t\t\t\tCasa La Blanca \/ Di Frenna Arquitectos (\u00a9 Lorena Darquea)\n\t\t\t\t<\/figcaption><\/figure><figure class='gallery-item'>\n\t\t\t<div class='gallery-icon landscape'>\n\t\t\t\t<a href='https:\/\/www.arquimaster.com.ar\/web\/wp-content\/uploads\/2021\/06\/casa_la_blanca28.jpg' title=\"Casa La Blanca \/ Di Frenna Arquitectos (\u00a9 Lorena Darquea)\" data-rl_title=\"Casa La Blanca \/ Di Frenna Arquitectos (\u00a9 Lorena Darquea)\" class=\"rl-gallery-link\" data-rl_caption=\"Casa La Blanca \/ Di Frenna Arquitectos (\u00a9 Lorena Darquea)\" data-rel=\"lightbox-gallery-1\"><img loading=\"lazy\" decoding=\"async\" width=\"150\" height=\"150\" src=\"https:\/\/www.arquimaster.com.ar\/web\/wp-content\/uploads\/2021\/06\/casa_la_blanca28-150x150.jpg\" class=\"attachment-thumbnail size-thumbnail\" alt=\"Casa La Blanca \/ Di Frenna Arquitectos\" aria-describedby=\"gallery-1-65749\" \/><\/a>\n\t\t\t<\/div>\n\t\t\t\t<figcaption class='wp-caption-text gallery-caption' id='gallery-1-65749'>\n\t\t\t\tCasa La Blanca \/ Di Frenna Arquitectos (\u00a9 Lorena Darquea)\n\t\t\t\t<\/figcaption><\/figure><figure class='gallery-item'>\n\t\t\t<div class='gallery-icon landscape'>\n\t\t\t\t<a href='https:\/\/www.arquimaster.com.ar\/web\/wp-content\/uploads\/2021\/06\/casa_la_blanca29.jpg' title=\"Casa La Blanca \/ Di Frenna Arquitectos (\u00a9 Lorena Darquea)\" data-rl_title=\"Casa La Blanca \/ Di Frenna Arquitectos (\u00a9 Lorena Darquea)\" class=\"rl-gallery-link\" data-rl_caption=\"Casa La Blanca \/ Di Frenna Arquitectos (\u00a9 Lorena Darquea)\" data-rel=\"lightbox-gallery-1\"><img loading=\"lazy\" decoding=\"async\" width=\"150\" height=\"150\" src=\"https:\/\/www.arquimaster.com.ar\/web\/wp-content\/uploads\/2021\/06\/casa_la_blanca29-150x150.jpg\" class=\"attachment-thumbnail size-thumbnail\" alt=\"Casa La Blanca \/ Di Frenna Arquitectos\" aria-describedby=\"gallery-1-65750\" \/><\/a>\n\t\t\t<\/div>\n\t\t\t\t<figcaption class='wp-caption-text gallery-caption' id='gallery-1-65750'>\n\t\t\t\tCasa La Blanca \/ Di Frenna Arquitectos (\u00a9 Lorena Darquea)\n\t\t\t\t<\/figcaption><\/figure><figure class='gallery-item'>\n\t\t\t<div class='gallery-icon portrait'>\n\t\t\t\t<a href='https:\/\/www.arquimaster.com.ar\/web\/wp-content\/uploads\/2021\/06\/casa_la_blanca30.jpg' title=\"Casa La Blanca \/ Di Frenna Arquitectos (\u00a9 Lorena Darquea)\" data-rl_title=\"Casa La Blanca \/ Di Frenna Arquitectos (\u00a9 Lorena Darquea)\" class=\"rl-gallery-link\" data-rl_caption=\"Casa La Blanca \/ Di Frenna Arquitectos (\u00a9 Lorena Darquea)\" data-rel=\"lightbox-gallery-1\"><img loading=\"lazy\" decoding=\"async\" width=\"150\" height=\"150\" src=\"https:\/\/www.arquimaster.com.ar\/web\/wp-content\/uploads\/2021\/06\/casa_la_blanca30-150x150.jpg\" class=\"attachment-thumbnail size-thumbnail\" alt=\"Casa La Blanca \/ Di Frenna Arquitectos\" aria-describedby=\"gallery-1-65751\" \/><\/a>\n\t\t\t<\/div>\n\t\t\t\t<figcaption class='wp-caption-text gallery-caption' id='gallery-1-65751'>\n\t\t\t\tCasa La Blanca \/ Di Frenna Arquitectos (\u00a9 Lorena Darquea)\n\t\t\t\t<\/figcaption><\/figure><figure class='gallery-item'>\n\t\t\t<div class='gallery-icon landscape'>\n\t\t\t\t<a href='https:\/\/www.arquimaster.com.ar\/web\/wp-content\/uploads\/2021\/06\/casa_la_blanca31.jpg' title=\"Casa La Blanca \/ Di Frenna Arquitectos (planta baja)\" data-rl_title=\"Casa La Blanca \/ Di Frenna Arquitectos (planta baja)\" class=\"rl-gallery-link\" data-rl_caption=\"Casa La Blanca \/ Di Frenna Arquitectos (planta baja)\" data-rel=\"lightbox-gallery-1\"><img loading=\"lazy\" decoding=\"async\" width=\"150\" height=\"150\" src=\"https:\/\/www.arquimaster.com.ar\/web\/wp-content\/uploads\/2021\/06\/casa_la_blanca31-150x150.jpg\" class=\"attachment-thumbnail size-thumbnail\" alt=\"Casa La Blanca \/ Di Frenna Arquitectos\" aria-describedby=\"gallery-1-65752\" \/><\/a>\n\t\t\t<\/div>\n\t\t\t\t<figcaption class='wp-caption-text gallery-caption' id='gallery-1-65752'>\n\t\t\t\tCasa La Blanca \/ Di Frenna Arquitectos (planta baja)\n\t\t\t\t<\/figcaption><\/figure><figure class='gallery-item'>\n\t\t\t<div class='gallery-icon landscape'>\n\t\t\t\t<a href='https:\/\/www.arquimaster.com.ar\/web\/wp-content\/uploads\/2021\/06\/casa_la_blanca32.jpg' title=\"Casa La Blanca \/ Di Frenna Arquitectos (planta alta)\" data-rl_title=\"Casa La Blanca \/ Di Frenna Arquitectos (planta alta)\" class=\"rl-gallery-link\" data-rl_caption=\"Casa La Blanca \/ Di Frenna Arquitectos (planta alta)\" data-rel=\"lightbox-gallery-1\"><img loading=\"lazy\" decoding=\"async\" width=\"150\" height=\"150\" src=\"https:\/\/www.arquimaster.com.ar\/web\/wp-content\/uploads\/2021\/06\/casa_la_blanca32-150x150.jpg\" class=\"attachment-thumbnail size-thumbnail\" alt=\"Casa La Blanca \/ Di Frenna Arquitectos\" aria-describedby=\"gallery-1-65753\" \/><\/a>\n\t\t\t<\/div>\n\t\t\t\t<figcaption class='wp-caption-text gallery-caption' id='gallery-1-65753'>\n\t\t\t\tCasa La Blanca \/ Di Frenna Arquitectos (planta alta)\n\t\t\t\t<\/figcaption><\/figure><figure class='gallery-item'>\n\t\t\t<div class='gallery-icon landscape'>\n\t\t\t\t<a href='https:\/\/www.arquimaster.com.ar\/web\/wp-content\/uploads\/2021\/06\/casa_la_blanca33.jpg' title=\"Casa La Blanca \/ Di Frenna Arquitectos (vista frente)\" data-rl_title=\"Casa La Blanca \/ Di Frenna Arquitectos (vista frente)\" class=\"rl-gallery-link\" data-rl_caption=\"Casa La Blanca \/ Di Frenna Arquitectos (vista frente)\" data-rel=\"lightbox-gallery-1\"><img loading=\"lazy\" decoding=\"async\" width=\"150\" height=\"150\" src=\"https:\/\/www.arquimaster.com.ar\/web\/wp-content\/uploads\/2021\/06\/casa_la_blanca33-150x150.jpg\" class=\"attachment-thumbnail size-thumbnail\" alt=\"Casa La Blanca \/ Di Frenna Arquitectos\" aria-describedby=\"gallery-1-65754\" \/><\/a>\n\t\t\t<\/div>\n\t\t\t\t<figcaption class='wp-caption-text gallery-caption' id='gallery-1-65754'>\n\t\t\t\tCasa La Blanca \/ Di Frenna Arquitectos (vista frente)\n\t\t\t\t<\/figcaption><\/figure><figure class='gallery-item'>\n\t\t\t<div class='gallery-icon landscape'>\n\t\t\t\t<a href='https:\/\/www.arquimaster.com.ar\/web\/wp-content\/uploads\/2021\/06\/casa_la_blanca34.jpg' title=\"Casa La Blanca \/ Di Frenna Arquitectos (vista posterior)\" data-rl_title=\"Casa La Blanca \/ Di Frenna Arquitectos (vista posterior)\" class=\"rl-gallery-link\" data-rl_caption=\"Casa La Blanca \/ Di Frenna Arquitectos (vista posterior)\" data-rel=\"lightbox-gallery-1\"><img loading=\"lazy\" decoding=\"async\" width=\"150\" height=\"150\" src=\"https:\/\/www.arquimaster.com.ar\/web\/wp-content\/uploads\/2021\/06\/casa_la_blanca34-150x150.jpg\" class=\"attachment-thumbnail size-thumbnail\" alt=\"Casa La Blanca \/ Di Frenna Arquitectos\" aria-describedby=\"gallery-1-65755\" \/><\/a>\n\t\t\t<\/div>\n\t\t\t\t<figcaption class='wp-caption-text gallery-caption' id='gallery-1-65755'>\n\t\t\t\tCasa La Blanca \/ Di Frenna Arquitectos (vista posterior)\n\t\t\t\t<\/figcaption><\/figure><figure class='gallery-item'>\n\t\t\t<div class='gallery-icon landscape'>\n\t\t\t\t<a href='https:\/\/www.arquimaster.com.ar\/web\/wp-content\/uploads\/2021\/06\/casa_la_blanca35.jpg' title=\"Casa La Blanca \/ Di Frenna Arquitectos (vista lateral izquierda)\" data-rl_title=\"Casa La Blanca \/ Di Frenna Arquitectos (vista lateral izquierda)\" class=\"rl-gallery-link\" data-rl_caption=\"Casa La Blanca \/ Di Frenna Arquitectos (vista lateral izquierda)\" data-rel=\"lightbox-gallery-1\"><img loading=\"lazy\" decoding=\"async\" width=\"150\" height=\"150\" src=\"https:\/\/www.arquimaster.com.ar\/web\/wp-content\/uploads\/2021\/06\/casa_la_blanca35-150x150.jpg\" class=\"attachment-thumbnail size-thumbnail\" alt=\"Casa La Blanca \/ Di Frenna Arquitectos\" aria-describedby=\"gallery-1-65756\" \/><\/a>\n\t\t\t<\/div>\n\t\t\t\t<figcaption class='wp-caption-text gallery-caption' id='gallery-1-65756'>\n\t\t\t\tCasa La Blanca \/ Di Frenna Arquitectos (vista lateral izquierda)\n\t\t\t\t<\/figcaption><\/figure><figure class='gallery-item'>\n\t\t\t<div class='gallery-icon landscape'>\n\t\t\t\t<a href='https:\/\/www.arquimaster.com.ar\/web\/wp-content\/uploads\/2021\/06\/casa_la_blanca36.jpg' title=\"Casa La Blanca \/ Di Frenna Arquitectos (vista lateral derecha)\" data-rl_title=\"Casa La Blanca \/ Di Frenna Arquitectos (vista lateral derecha)\" class=\"rl-gallery-link\" data-rl_caption=\"Casa La Blanca \/ Di Frenna Arquitectos (vista lateral derecha)\" data-rel=\"lightbox-gallery-1\"><img loading=\"lazy\" decoding=\"async\" width=\"150\" height=\"150\" src=\"https:\/\/www.arquimaster.com.ar\/web\/wp-content\/uploads\/2021\/06\/casa_la_blanca36-150x150.jpg\" class=\"attachment-thumbnail size-thumbnail\" alt=\"Casa La Blanca \/ Di Frenna Arquitectos\" aria-describedby=\"gallery-1-65757\" \/><\/a>\n\t\t\t<\/div>\n\t\t\t\t<figcaption class='wp-caption-text gallery-caption' id='gallery-1-65757'>\n\t\t\t\tCasa La Blanca \/ Di Frenna Arquitectos (vista lateral derecha)\n\t\t\t\t<\/figcaption><\/figure>\n\t\t<\/div>\n\n<p>La casa apuesta a un ambiente completamente interior con su planta en forma de \u00abU\u00bb, separando tanto el espacio social y de convivencia en planta baja como el espacio privado en planta alta.<\/p>\n<p>Las celos\u00edas moldeadas artesanalmente en concreto blanco, se desvanecen dentro de sus muros tratando de integrarse para crear un cuerpo uniforme dentro del juego de vol\u00famenes de la casa.<\/p>\n<p>Su forma en herradura ubicada de tal manera de protegerse del asoleamiento, crea un patio interior que nos dio el mismo terreno al tener un \u00e1rbol llamado Cuajiote colorado o m\u00e1s conocido como \u00abpapelillo\u00bb, por la corteza roja que va soltando como hojuelas en las diferentes estaciones del a\u00f1o.<\/p>\n<p>El \u00e1rbol rojo, la alberca y una fuente, crean el coraz\u00f3n y centro de la casa.<\/p>\n<p>Un interior completamente iluminado por sus vanos abiertos y blancos la caracterizan, espacios unidos pero definidos por cambios de alturas y desniveles.<\/p>\n<p>Su distribuci\u00f3n le ayuda a ser una casa muy familiar y vivir el interior-exterior rodeado por una de las partes fundamentales del proyecto, la vegetaci\u00f3n, destacando los enormes \u00e1rboles de Parota y su entorno tropical.<\/p>\n<p><strong>Ficha t\u00e9cnica<\/strong><br \/>Nombre: Casa La Blanca<br \/>Ubicaci\u00f3n: Fraccionamiento Residencial Las Parotas, Villa de Alvarez, Colima, M\u00e9xico<br \/>Oficina de Arquitectura: Di Frenna Arquitectos <br \/>Arquitecto a cargo: Matia Di Frenna Muller<br \/>Colaboradores: Arq. Matia Di Frenna M\u00fcller, Ing. Luis Flores, Arq. Mariana de la Mora <br \/>Superficie construida: 342 m2<br \/>A\u00f1o t\u00e9rmino construcci\u00f3n: 2018<br \/>Fotograf\u00edas: <a href=\"http:\/\/www.lorenads.com\/\" target=\"_blank\" rel=\"noopener\">Lorena Darquea<\/a><\/p>\n<p><strong>Contacto<\/strong><br \/><a href=\"https:\/\/www.difrennaarquitectos.com\" target=\"_blank\" rel=\"noopener\">https:\/\/www.difrennaarquitectos.com<\/a><\/p>\n\n\n<div style=\"height:20px\" aria-hidden=\"true\" class=\"wp-block-spacer\"><\/div>\n\n\n<p><strong><em>English version<\/em><\/strong><\/p>\n<p><em>A lattice screen is lost inside the white walls by day, at night a screen of light and shadows appears on the facade of Casa la Blanca.<\/em><\/p>\n<p><em>One of the typical Mexican lattices, widely used within the State of Colima, for decades, within its cities and on the coast to protect itself from the intense sub-humid warm climate and its strong climatic changes. It is used as skin to protect the House, giving privacy, security, effects of light and shadow indoors and outdoors.<\/em><\/p>\n<p><em>The house bets on a completely interior environment with its \u00abU\u00bb shaped floor, separating both the social and coexistence space on the ground floor and the private space on the upper floor.<\/em><\/p>\n<p><em>The lattices molded by hand in white concrete, fade into their walls trying to integrate to create a uniform body within the volume play of the house.<\/em><\/p>\n<p><em>Its horseshoe shape, located in such a way as to protect itself from sunning, creates an interior patio that gave us the same terrain by having a tree called Cuajiote colorado or better known as \u00abpapelillo\u00bb, by the red bark that is released as flakes in the different seasons.<\/em><\/p>\n<p><em>The red tree, the pool and a fountain create the heart and center of the house.<\/em><\/p>\n<p><em>An interior completely illuminated by its open and white openings characterize it, spaces united but defined by changes in heights and unevenness.<\/em><\/p>\n<p><em>Its distribution helps it to be a very familiar house and live inside-outside surrounded by one of the fundamental parts of the project, the vegetation, highlighting the huge trees of Parota and its tropical environment.<\/em><\/p>\n<div style=\"font-size: 0px; height: 0px; line-height: 0px; margin: 0; padding: 0; clear: both;\"><\/div><div style=\"margin-top: 0px; margin-bottom: 0px;\" class=\"sharethis-inline-share-buttons\" ><\/div>","protected":false},"excerpt":{"rendered":"<p>Una mampara de celos\u00eda perdi\u00e9ndose dentro de los muros blancos de d\u00eda&#8230;<\/p>\n","protected":false},"author":1,"featured_media":65721,"comment_status":"closed","ping_status":"closed","sticky":false,"template":"","format":"standard","meta":{"_uag_custom_page_level_css":"","footnotes":""},"categories":[1,83],"tags":[7089,7088,7189,7091,7090,24,254],"class_list":["post-65720","post","type-post","status-publish","format-standard","has-post-thumbnail","hentry","category-proyecto","category-vivienda-unifamiliar","tag-colima","tag-di-frenna-arquitectos","tag-luis-flores","tag-mariana-de-la-mora","tag-matia-di-frenna-muller","tag-mexico","tag-vivienda-unifamiliar-2","generate-columns","tablet-grid-50","mobile-grid-100","grid-parent","grid-50"],"yoast_head":"<!-- This site is optimized with the Yoast SEO plugin v27.3 - https:\/\/yoast.com\/product\/yoast-seo-wordpress\/ -->\n<title>Casa La Blanca \/ Di Frenna Arquitectos - Arquimaster<\/title>\n<meta name=\"description\" content=\"Una mampara de celos\u00eda perdi\u00e9ndose dentro de los muros blancos de d\u00eda, de noche una mampara de luz y sombras se presenta en la fachada.\" \/>\n<meta name=\"robots\" content=\"index, follow, max-snippet:-1, max-image-preview:large, max-video-preview:-1\" \/>\n<link rel=\"canonical\" href=\"https:\/\/www.arquimaster.com.ar\/web\/casa-la-blanca-di-frenna-arquitectos\/\" \/>\n<meta property=\"og:locale\" content=\"es_ES\" \/>\n<meta property=\"og:type\" content=\"article\" \/>\n<meta property=\"og:title\" content=\"Casa La Blanca \/ Di Frenna Arquitectos\" \/>\n<meta property=\"og:description\" content=\"Una mampara de celos\u00eda perdi\u00e9ndose dentro de los muros blancos de d\u00eda, de noche una mampara de luz y sombras se presenta en la fachada.\" \/>\n<meta property=\"og:url\" content=\"https:\/\/www.arquimaster.com.ar\/web\/casa-la-blanca-di-frenna-arquitectos\/\" \/>\n<meta property=\"og:site_name\" content=\"Arquimaster\" \/>\n<meta property=\"article:publisher\" content=\"http:\/\/www.facebook.com\/ARQUIMASTER.com.ar\" \/>\n<meta property=\"article:published_time\" content=\"2021-06-09T22:21:48+00:00\" \/>\n<meta property=\"article:modified_time\" content=\"2021-12-11T15:02:00+00:00\" \/>\n<meta property=\"og:image\" content=\"https:\/\/www.arquimaster.com.ar\/web\/wp-content\/uploads\/2021\/06\/casa_la_blanca_slide.jpg\" \/>\n\t<meta property=\"og:image:width\" content=\"698\" \/>\n\t<meta property=\"og:image:height\" content=\"364\" \/>\n\t<meta property=\"og:image:type\" content=\"image\/jpeg\" \/>\n<meta name=\"author\" content=\"Arquimaster\" \/>\n<meta name=\"twitter:card\" content=\"summary_large_image\" \/>\n<meta name=\"twitter:title\" content=\"Casa La Blanca \/ Di Frenna Arquitectos\" \/>\n<meta name=\"twitter:description\" content=\"Una mampara de celos\u00eda perdi\u00e9ndose dentro de los muros blancos de d\u00eda, de noche una mampara de luz y sombras se presenta en la fachada.\" \/>\n<meta name=\"twitter:image\" content=\"https:\/\/www.arquimaster.com.ar\/web\/wp-content\/uploads\/2021\/06\/casa_la_blanca_slide.jpg\" \/>\n<meta name=\"twitter:creator\" content=\"@arquimaster\" \/>\n<meta name=\"twitter:site\" content=\"@arquimaster\" \/>\n<meta name=\"twitter:label1\" content=\"Escrito por\" \/>\n\t<meta name=\"twitter:data1\" content=\"Arquimaster\" \/>\n\t<meta name=\"twitter:label2\" content=\"Tiempo de lectura\" \/>\n\t<meta name=\"twitter:data2\" content=\"3 minutos\" \/>\n<script type=\"application\/ld+json\" class=\"yoast-schema-graph\">{\"@context\":\"https:\\\/\\\/schema.org\",\"@graph\":[{\"@type\":\"Article\",\"@id\":\"https:\\\/\\\/www.arquimaster.com.ar\\\/web\\\/casa-la-blanca-di-frenna-arquitectos\\\/#article\",\"isPartOf\":{\"@id\":\"https:\\\/\\\/www.arquimaster.com.ar\\\/web\\\/casa-la-blanca-di-frenna-arquitectos\\\/\"},\"author\":{\"name\":\"Arquimaster\",\"@id\":\"https:\\\/\\\/www.arquimaster.com.ar\\\/web\\\/#\\\/schema\\\/person\\\/359e9f7c00193fcde068e0dd2ceb0028\"},\"headline\":\"Casa La Blanca \\\/ Di Frenna Arquitectos\",\"datePublished\":\"2021-06-09T22:21:48+00:00\",\"dateModified\":\"2021-12-11T15:02:00+00:00\",\"mainEntityOfPage\":{\"@id\":\"https:\\\/\\\/www.arquimaster.com.ar\\\/web\\\/casa-la-blanca-di-frenna-arquitectos\\\/\"},\"wordCount\":636,\"publisher\":{\"@id\":\"https:\\\/\\\/www.arquimaster.com.ar\\\/web\\\/#organization\"},\"image\":{\"@id\":\"https:\\\/\\\/www.arquimaster.com.ar\\\/web\\\/casa-la-blanca-di-frenna-arquitectos\\\/#primaryimage\"},\"thumbnailUrl\":\"https:\\\/\\\/www.arquimaster.com.ar\\\/web\\\/wp-content\\\/uploads\\\/2021\\\/06\\\/casa_la_blanca_slide.jpg\",\"keywords\":[\"Colima\",\"Di Frenna Arquitectos\",\"Luis Flores\",\"Mariana De la Mora\",\"Matia Di Frenna M\u00fcller\",\"Mexico\",\"vivienda unifamiliar\"],\"articleSection\":[\"Proyecto\",\"Vivienda unifamiliar y PH\"],\"inLanguage\":\"es\"},{\"@type\":\"WebPage\",\"@id\":\"https:\\\/\\\/www.arquimaster.com.ar\\\/web\\\/casa-la-blanca-di-frenna-arquitectos\\\/\",\"url\":\"https:\\\/\\\/www.arquimaster.com.ar\\\/web\\\/casa-la-blanca-di-frenna-arquitectos\\\/\",\"name\":\"Casa La Blanca \\\/ Di Frenna Arquitectos - Arquimaster\",\"isPartOf\":{\"@id\":\"https:\\\/\\\/www.arquimaster.com.ar\\\/web\\\/#website\"},\"primaryImageOfPage\":{\"@id\":\"https:\\\/\\\/www.arquimaster.com.ar\\\/web\\\/casa-la-blanca-di-frenna-arquitectos\\\/#primaryimage\"},\"image\":{\"@id\":\"https:\\\/\\\/www.arquimaster.com.ar\\\/web\\\/casa-la-blanca-di-frenna-arquitectos\\\/#primaryimage\"},\"thumbnailUrl\":\"https:\\\/\\\/www.arquimaster.com.ar\\\/web\\\/wp-content\\\/uploads\\\/2021\\\/06\\\/casa_la_blanca_slide.jpg\",\"datePublished\":\"2021-06-09T22:21:48+00:00\",\"dateModified\":\"2021-12-11T15:02:00+00:00\",\"description\":\"Una mampara de celos\u00eda perdi\u00e9ndose dentro de los muros blancos de d\u00eda, de noche una mampara de luz y sombras se presenta en la fachada.\",\"breadcrumb\":{\"@id\":\"https:\\\/\\\/www.arquimaster.com.ar\\\/web\\\/casa-la-blanca-di-frenna-arquitectos\\\/#breadcrumb\"},\"inLanguage\":\"es\",\"potentialAction\":[{\"@type\":\"ReadAction\",\"target\":[\"https:\\\/\\\/www.arquimaster.com.ar\\\/web\\\/casa-la-blanca-di-frenna-arquitectos\\\/\"]}]},{\"@type\":\"ImageObject\",\"inLanguage\":\"es\",\"@id\":\"https:\\\/\\\/www.arquimaster.com.ar\\\/web\\\/casa-la-blanca-di-frenna-arquitectos\\\/#primaryimage\",\"url\":\"https:\\\/\\\/www.arquimaster.com.ar\\\/web\\\/wp-content\\\/uploads\\\/2021\\\/06\\\/casa_la_blanca_slide.jpg\",\"contentUrl\":\"https:\\\/\\\/www.arquimaster.com.ar\\\/web\\\/wp-content\\\/uploads\\\/2021\\\/06\\\/casa_la_blanca_slide.jpg\",\"width\":698,\"height\":364,\"caption\":\"Casa La Blanca \\\/ Di Frenna Arquitectos\"},{\"@type\":\"BreadcrumbList\",\"@id\":\"https:\\\/\\\/www.arquimaster.com.ar\\\/web\\\/casa-la-blanca-di-frenna-arquitectos\\\/#breadcrumb\",\"itemListElement\":[{\"@type\":\"ListItem\",\"position\":1,\"name\":\"Portada\",\"item\":\"https:\\\/\\\/www.arquimaster.com.ar\\\/web\\\/\"},{\"@type\":\"ListItem\",\"position\":2,\"name\":\"Casa La Blanca \\\/ Di Frenna Arquitectos\"}]},{\"@type\":\"WebSite\",\"@id\":\"https:\\\/\\\/www.arquimaster.com.ar\\\/web\\\/#website\",\"url\":\"https:\\\/\\\/www.arquimaster.com.ar\\\/web\\\/\",\"name\":\"Arquimaster\",\"description\":\"Web de arquitectura, dise\u00f1o y construccion\",\"publisher\":{\"@id\":\"https:\\\/\\\/www.arquimaster.com.ar\\\/web\\\/#organization\"},\"potentialAction\":[{\"@type\":\"SearchAction\",\"target\":{\"@type\":\"EntryPoint\",\"urlTemplate\":\"https:\\\/\\\/www.arquimaster.com.ar\\\/web\\\/?s={search_term_string}\"},\"query-input\":{\"@type\":\"PropertyValueSpecification\",\"valueRequired\":true,\"valueName\":\"search_term_string\"}}],\"inLanguage\":\"es\"},{\"@type\":\"Organization\",\"@id\":\"https:\\\/\\\/www.arquimaster.com.ar\\\/web\\\/#organization\",\"name\":\"Arquimaster\",\"url\":\"https:\\\/\\\/www.arquimaster.com.ar\\\/web\\\/\",\"logo\":{\"@type\":\"ImageObject\",\"inLanguage\":\"es\",\"@id\":\"https:\\\/\\\/www.arquimaster.com.ar\\\/web\\\/#\\\/schema\\\/logo\\\/image\\\/\",\"url\":\"https:\\\/\\\/www.arquimaster.com.ar\\\/web\\\/wp-content\\\/uploads\\\/2022\\\/06\\\/arquimaster.png\",\"contentUrl\":\"https:\\\/\\\/www.arquimaster.com.ar\\\/web\\\/wp-content\\\/uploads\\\/2022\\\/06\\\/arquimaster.png\",\"width\":594,\"height\":78,\"caption\":\"Arquimaster\"},\"image\":{\"@id\":\"https:\\\/\\\/www.arquimaster.com.ar\\\/web\\\/#\\\/schema\\\/logo\\\/image\\\/\"},\"sameAs\":[\"http:\\\/\\\/www.facebook.com\\\/ARQUIMASTER.com.ar\",\"https:\\\/\\\/x.com\\\/arquimaster\",\"https:\\\/\\\/www.instagram.com\\\/arquimasterblog\\\/\",\"https:\\\/\\\/www.linkedin.com\\\/company\\\/arquimaster\",\"https:\\\/\\\/www.pinterest.com\\\/arquimaster\",\"https:\\\/\\\/t.me\\\/arquimaster\"]},{\"@type\":\"Person\",\"@id\":\"https:\\\/\\\/www.arquimaster.com.ar\\\/web\\\/#\\\/schema\\\/person\\\/359e9f7c00193fcde068e0dd2ceb0028\",\"name\":\"Arquimaster\"}]}<\/script>\n<!-- \/ Yoast SEO plugin. -->","yoast_head_json":{"title":"Casa La Blanca \/ Di Frenna Arquitectos - Arquimaster","description":"Una mampara de celos\u00eda perdi\u00e9ndose dentro de los muros blancos de d\u00eda, de noche una mampara de luz y sombras se presenta en la fachada.","robots":{"index":"index","follow":"follow","max-snippet":"max-snippet:-1","max-image-preview":"max-image-preview:large","max-video-preview":"max-video-preview:-1"},"canonical":"https:\/\/www.arquimaster.com.ar\/web\/casa-la-blanca-di-frenna-arquitectos\/","og_locale":"es_ES","og_type":"article","og_title":"Casa La Blanca \/ Di Frenna Arquitectos","og_description":"Una mampara de celos\u00eda perdi\u00e9ndose dentro de los muros blancos de d\u00eda, de noche una mampara de luz y sombras se presenta en la fachada.","og_url":"https:\/\/www.arquimaster.com.ar\/web\/casa-la-blanca-di-frenna-arquitectos\/","og_site_name":"Arquimaster","article_publisher":"http:\/\/www.facebook.com\/ARQUIMASTER.com.ar","article_published_time":"2021-06-09T22:21:48+00:00","article_modified_time":"2021-12-11T15:02:00+00:00","og_image":[{"width":698,"height":364,"url":"https:\/\/www.arquimaster.com.ar\/web\/wp-content\/uploads\/2021\/06\/casa_la_blanca_slide.jpg","type":"image\/jpeg"}],"author":"Arquimaster","twitter_card":"summary_large_image","twitter_title":"Casa La Blanca \/ Di Frenna Arquitectos","twitter_description":"Una mampara de celos\u00eda perdi\u00e9ndose dentro de los muros blancos de d\u00eda, de noche una mampara de luz y sombras se presenta en la fachada.","twitter_image":"https:\/\/www.arquimaster.com.ar\/web\/wp-content\/uploads\/2021\/06\/casa_la_blanca_slide.jpg","twitter_creator":"@arquimaster","twitter_site":"@arquimaster","twitter_misc":{"Escrito por":"Arquimaster","Tiempo de lectura":"3 minutos"},"schema":{"@context":"https:\/\/schema.org","@graph":[{"@type":"Article","@id":"https:\/\/www.arquimaster.com.ar\/web\/casa-la-blanca-di-frenna-arquitectos\/#article","isPartOf":{"@id":"https:\/\/www.arquimaster.com.ar\/web\/casa-la-blanca-di-frenna-arquitectos\/"},"author":{"name":"Arquimaster","@id":"https:\/\/www.arquimaster.com.ar\/web\/#\/schema\/person\/359e9f7c00193fcde068e0dd2ceb0028"},"headline":"Casa La Blanca \/ Di Frenna Arquitectos","datePublished":"2021-06-09T22:21:48+00:00","dateModified":"2021-12-11T15:02:00+00:00","mainEntityOfPage":{"@id":"https:\/\/www.arquimaster.com.ar\/web\/casa-la-blanca-di-frenna-arquitectos\/"},"wordCount":636,"publisher":{"@id":"https:\/\/www.arquimaster.com.ar\/web\/#organization"},"image":{"@id":"https:\/\/www.arquimaster.com.ar\/web\/casa-la-blanca-di-frenna-arquitectos\/#primaryimage"},"thumbnailUrl":"https:\/\/www.arquimaster.com.ar\/web\/wp-content\/uploads\/2021\/06\/casa_la_blanca_slide.jpg","keywords":["Colima","Di Frenna Arquitectos","Luis Flores","Mariana De la Mora","Matia Di Frenna M\u00fcller","Mexico","vivienda unifamiliar"],"articleSection":["Proyecto","Vivienda unifamiliar y PH"],"inLanguage":"es"},{"@type":"WebPage","@id":"https:\/\/www.arquimaster.com.ar\/web\/casa-la-blanca-di-frenna-arquitectos\/","url":"https:\/\/www.arquimaster.com.ar\/web\/casa-la-blanca-di-frenna-arquitectos\/","name":"Casa La Blanca \/ Di Frenna Arquitectos - Arquimaster","isPartOf":{"@id":"https:\/\/www.arquimaster.com.ar\/web\/#website"},"primaryImageOfPage":{"@id":"https:\/\/www.arquimaster.com.ar\/web\/casa-la-blanca-di-frenna-arquitectos\/#primaryimage"},"image":{"@id":"https:\/\/www.arquimaster.com.ar\/web\/casa-la-blanca-di-frenna-arquitectos\/#primaryimage"},"thumbnailUrl":"https:\/\/www.arquimaster.com.ar\/web\/wp-content\/uploads\/2021\/06\/casa_la_blanca_slide.jpg","datePublished":"2021-06-09T22:21:48+00:00","dateModified":"2021-12-11T15:02:00+00:00","description":"Una mampara de celos\u00eda perdi\u00e9ndose dentro de los muros blancos de d\u00eda, de noche una mampara de luz y sombras se presenta en la fachada.","breadcrumb":{"@id":"https:\/\/www.arquimaster.com.ar\/web\/casa-la-blanca-di-frenna-arquitectos\/#breadcrumb"},"inLanguage":"es","potentialAction":[{"@type":"ReadAction","target":["https:\/\/www.arquimaster.com.ar\/web\/casa-la-blanca-di-frenna-arquitectos\/"]}]},{"@type":"ImageObject","inLanguage":"es","@id":"https:\/\/www.arquimaster.com.ar\/web\/casa-la-blanca-di-frenna-arquitectos\/#primaryimage","url":"https:\/\/www.arquimaster.com.ar\/web\/wp-content\/uploads\/2021\/06\/casa_la_blanca_slide.jpg","contentUrl":"https:\/\/www.arquimaster.com.ar\/web\/wp-content\/uploads\/2021\/06\/casa_la_blanca_slide.jpg","width":698,"height":364,"caption":"Casa La Blanca \/ Di Frenna Arquitectos"},{"@type":"BreadcrumbList","@id":"https:\/\/www.arquimaster.com.ar\/web\/casa-la-blanca-di-frenna-arquitectos\/#breadcrumb","itemListElement":[{"@type":"ListItem","position":1,"name":"Portada","item":"https:\/\/www.arquimaster.com.ar\/web\/"},{"@type":"ListItem","position":2,"name":"Casa La Blanca \/ Di Frenna Arquitectos"}]},{"@type":"WebSite","@id":"https:\/\/www.arquimaster.com.ar\/web\/#website","url":"https:\/\/www.arquimaster.com.ar\/web\/","name":"Arquimaster","description":"Web de arquitectura, dise\u00f1o y construccion","publisher":{"@id":"https:\/\/www.arquimaster.com.ar\/web\/#organization"},"potentialAction":[{"@type":"SearchAction","target":{"@type":"EntryPoint","urlTemplate":"https:\/\/www.arquimaster.com.ar\/web\/?s={search_term_string}"},"query-input":{"@type":"PropertyValueSpecification","valueRequired":true,"valueName":"search_term_string"}}],"inLanguage":"es"},{"@type":"Organization","@id":"https:\/\/www.arquimaster.com.ar\/web\/#organization","name":"Arquimaster","url":"https:\/\/www.arquimaster.com.ar\/web\/","logo":{"@type":"ImageObject","inLanguage":"es","@id":"https:\/\/www.arquimaster.com.ar\/web\/#\/schema\/logo\/image\/","url":"https:\/\/www.arquimaster.com.ar\/web\/wp-content\/uploads\/2022\/06\/arquimaster.png","contentUrl":"https:\/\/www.arquimaster.com.ar\/web\/wp-content\/uploads\/2022\/06\/arquimaster.png","width":594,"height":78,"caption":"Arquimaster"},"image":{"@id":"https:\/\/www.arquimaster.com.ar\/web\/#\/schema\/logo\/image\/"},"sameAs":["http:\/\/www.facebook.com\/ARQUIMASTER.com.ar","https:\/\/x.com\/arquimaster","https:\/\/www.instagram.com\/arquimasterblog\/","https:\/\/www.linkedin.com\/company\/arquimaster","https:\/\/www.pinterest.com\/arquimaster","https:\/\/t.me\/arquimaster"]},{"@type":"Person","@id":"https:\/\/www.arquimaster.com.ar\/web\/#\/schema\/person\/359e9f7c00193fcde068e0dd2ceb0028","name":"Arquimaster"}]}},"uagb_featured_image_src":{"full":["https:\/\/www.arquimaster.com.ar\/web\/wp-content\/uploads\/2021\/06\/casa_la_blanca_slide.jpg",698,364,false],"thumbnail":["https:\/\/www.arquimaster.com.ar\/web\/wp-content\/uploads\/2021\/06\/casa_la_blanca_slide-150x150.jpg",150,150,true],"medium":["https:\/\/www.arquimaster.com.ar\/web\/wp-content\/uploads\/2021\/06\/casa_la_blanca_slide.jpg",698,364,false],"medium_large":["https:\/\/www.arquimaster.com.ar\/web\/wp-content\/uploads\/2021\/06\/casa_la_blanca_slide.jpg",698,364,false],"large":["https:\/\/www.arquimaster.com.ar\/web\/wp-content\/uploads\/2021\/06\/casa_la_blanca_slide.jpg",698,364,false],"1536x1536":["https:\/\/www.arquimaster.com.ar\/web\/wp-content\/uploads\/2021\/06\/casa_la_blanca_slide.jpg",698,364,false],"2048x2048":["https:\/\/www.arquimaster.com.ar\/web\/wp-content\/uploads\/2021\/06\/casa_la_blanca_slide.jpg",698,364,false]},"uagb_author_info":{"display_name":"Arquimaster","author_link":"https:\/\/www.arquimaster.com.ar\/web\/author\/arquimaster\/"},"uagb_comment_info":0,"uagb_excerpt":"Una mampara de celos\u00eda perdi\u00e9ndose dentro de los muros blancos de d\u00eda...","_links":{"self":[{"href":"https:\/\/www.arquimaster.com.ar\/web\/wp-json\/wp\/v2\/posts\/65720","targetHints":{"allow":["GET"]}}],"collection":[{"href":"https:\/\/www.arquimaster.com.ar\/web\/wp-json\/wp\/v2\/posts"}],"about":[{"href":"https:\/\/www.arquimaster.com.ar\/web\/wp-json\/wp\/v2\/types\/post"}],"author":[{"embeddable":true,"href":"https:\/\/www.arquimaster.com.ar\/web\/wp-json\/wp\/v2\/users\/1"}],"replies":[{"embeddable":true,"href":"https:\/\/www.arquimaster.com.ar\/web\/wp-json\/wp\/v2\/comments?post=65720"}],"version-history":[{"count":1,"href":"https:\/\/www.arquimaster.com.ar\/web\/wp-json\/wp\/v2\/posts\/65720\/revisions"}],"predecessor-version":[{"id":65758,"href":"https:\/\/www.arquimaster.com.ar\/web\/wp-json\/wp\/v2\/posts\/65720\/revisions\/65758"}],"wp:featuredmedia":[{"embeddable":true,"href":"https:\/\/www.arquimaster.com.ar\/web\/wp-json\/wp\/v2\/media\/65721"}],"wp:attachment":[{"href":"https:\/\/www.arquimaster.com.ar\/web\/wp-json\/wp\/v2\/media?parent=65720"}],"wp:term":[{"taxonomy":"category","embeddable":true,"href":"https:\/\/www.arquimaster.com.ar\/web\/wp-json\/wp\/v2\/categories?post=65720"},{"taxonomy":"post_tag","embeddable":true,"href":"https:\/\/www.arquimaster.com.ar\/web\/wp-json\/wp\/v2\/tags?post=65720"}],"curies":[{"name":"wp","href":"https:\/\/api.w.org\/{rel}","templated":true}]}}