{"id":65761,"date":"2021-06-09T19:48:38","date_gmt":"2021-06-09T22:48:38","guid":{"rendered":"https:\/\/www.arquimaster.com.ar\/web\/?p=65761"},"modified":"2021-11-27T14:30:39","modified_gmt":"2021-11-27T17:30:39","slug":"casa-frente-al-mar-jaume-illan-i-rosa-cullell","status":"publish","type":"post","link":"https:\/\/www.arquimaster.com.ar\/web\/casa-frente-al-mar-jaume-illan-i-rosa-cullell\/","title":{"rendered":"Casa frente al mar \/ Jaume Illan i Rosa Cullell"},"content":{"rendered":"<div style=\"margin-top: 0px; margin-bottom: 0px;\" class=\"sharethis-inline-share-buttons\" ><\/div><div class=\"b812932af2e751442846f039925109de\" data-index=\"1\" style=\"float: none; margin:25px 0 25px 0; text-align:center;\">\n<script async src=\"https:\/\/pagead2.googlesyndication.com\/pagead\/js\/adsbygoogle.js\"><\/script>\r\n<!-- Arquimaster (superior) -->\r\n<ins class=\"adsbygoogle\"\r\n     style=\"display:block\"\r\n     data-ad-client=\"ca-pub-6351072698456832\"\r\n     data-ad-slot=\"6455489680\"\r\n     data-ad-format=\"auto\"\r\n     data-full-width-responsive=\"true\"><\/ins>\r\n<script>\r\n     (adsbygoogle = window.adsbygoogle || []).push({});\r\n<\/script>\n<\/div>\n<p><strong>Casa frente al mar<\/strong> (Bah\u00eda de Roses, Espa\u00f1a) por <strong>Jaume Illan i Rosa Cullell<\/strong>. Se trata de una casa unifamiliar aislada de dos plantas, con piscina exterior, orientada a sud puro y vista plena a la Bah\u00eda de Roses. Para tratar de adaptarse al m\u00e1ximo a la topograf\u00eda, la planta superior, por donde se produce el acceso principal a la casa, se desarrolla en dos niveles: mediante una rampa de pendiente razonable se accede al p\u00e1rking para dos veh\u00edculos, que comunica con ascensor y escalera al segundo nivel donde hay el acceso peatonal y cuatro habitaciones con ba\u00f1o propio.<\/p>\n<div id='gallery-1' class='gallery galleryid-65761 gallery-columns-3 gallery-size-thumbnail'><figure class='gallery-item'>\n\t\t\t<div class='gallery-icon landscape'>\n\t\t\t\t<a href='https:\/\/www.arquimaster.com.ar\/web\/wp-content\/uploads\/2021\/06\/casa_frente_al_mar1.jpg' title=\"Casa frente al mar \/ Jaume Illan i Rosa Cullell (\u00a9 Sim\u00f3n Garc\u00eda | arqfoto)\" data-rl_title=\"Casa frente al mar \/ Jaume Illan i Rosa Cullell (\u00a9 Sim\u00f3n Garc\u00eda | arqfoto)\" class=\"rl-gallery-link\" data-rl_caption=\"Casa frente al mar \/ Jaume Illan i Rosa Cullell (\u00a9 Sim\u00f3n Garc\u00eda | arqfoto)\" data-rel=\"lightbox-gallery-1\"><img loading=\"lazy\" decoding=\"async\" width=\"150\" height=\"150\" src=\"https:\/\/www.arquimaster.com.ar\/web\/wp-content\/uploads\/2021\/06\/casa_frente_al_mar1-150x150.jpg\" class=\"attachment-thumbnail size-thumbnail\" alt=\"Casa frente al mar \/ Jaume Illan i Rosa Cullell\" aria-describedby=\"gallery-1-65763\" \/><\/a>\n\t\t\t<\/div>\n\t\t\t\t<figcaption class='wp-caption-text gallery-caption' id='gallery-1-65763'>\n\t\t\t\tCasa frente al mar \/ Jaume Illan i Rosa Cullell (\u00a9 Sim\u00f3n Garc\u00eda | arqfoto)\n\t\t\t\t<\/figcaption><\/figure><figure class='gallery-item'>\n\t\t\t<div class='gallery-icon landscape'>\n\t\t\t\t<a href='https:\/\/www.arquimaster.com.ar\/web\/wp-content\/uploads\/2021\/06\/casa_frente_al_mar2.jpg' title=\"Casa frente al mar \/ Jaume Illan i Rosa Cullell (\u00a9 Sim\u00f3n Garc\u00eda | arqfoto)\" data-rl_title=\"Casa frente al mar \/ Jaume Illan i Rosa Cullell (\u00a9 Sim\u00f3n Garc\u00eda | arqfoto)\" class=\"rl-gallery-link\" data-rl_caption=\"Casa frente al mar \/ Jaume Illan i Rosa Cullell (\u00a9 Sim\u00f3n Garc\u00eda | arqfoto)\" data-rel=\"lightbox-gallery-1\"><img loading=\"lazy\" decoding=\"async\" width=\"150\" height=\"150\" src=\"https:\/\/www.arquimaster.com.ar\/web\/wp-content\/uploads\/2021\/06\/casa_frente_al_mar2-150x150.jpg\" class=\"attachment-thumbnail size-thumbnail\" alt=\"Casa frente al mar \/ Jaume Illan i Rosa Cullell\" aria-describedby=\"gallery-1-65764\" \/><\/a>\n\t\t\t<\/div>\n\t\t\t\t<figcaption class='wp-caption-text gallery-caption' id='gallery-1-65764'>\n\t\t\t\tCasa frente al mar \/ Jaume Illan i Rosa Cullell (\u00a9 Sim\u00f3n Garc\u00eda | arqfoto)\n\t\t\t\t<\/figcaption><\/figure><figure class='gallery-item'>\n\t\t\t<div class='gallery-icon landscape'>\n\t\t\t\t<a href='https:\/\/www.arquimaster.com.ar\/web\/wp-content\/uploads\/2021\/06\/casa_frente_al_mar3.jpg' title=\"Casa frente al mar \/ Jaume Illan i Rosa Cullell (\u00a9 Sim\u00f3n Garc\u00eda | arqfoto)\" data-rl_title=\"Casa frente al mar \/ Jaume Illan i Rosa Cullell (\u00a9 Sim\u00f3n Garc\u00eda | arqfoto)\" class=\"rl-gallery-link\" data-rl_caption=\"Casa frente al mar \/ Jaume Illan i Rosa Cullell (\u00a9 Sim\u00f3n Garc\u00eda | arqfoto)\" data-rel=\"lightbox-gallery-1\"><img loading=\"lazy\" decoding=\"async\" width=\"150\" height=\"150\" src=\"https:\/\/www.arquimaster.com.ar\/web\/wp-content\/uploads\/2021\/06\/casa_frente_al_mar3-150x150.jpg\" class=\"attachment-thumbnail size-thumbnail\" alt=\"Casa frente al mar \/ Jaume Illan i Rosa Cullell\" aria-describedby=\"gallery-1-65765\" \/><\/a>\n\t\t\t<\/div>\n\t\t\t\t<figcaption class='wp-caption-text gallery-caption' id='gallery-1-65765'>\n\t\t\t\tCasa frente al mar \/ Jaume Illan i Rosa Cullell (\u00a9 Sim\u00f3n Garc\u00eda | arqfoto)\n\t\t\t\t<\/figcaption><\/figure><figure class='gallery-item'>\n\t\t\t<div class='gallery-icon landscape'>\n\t\t\t\t<a href='https:\/\/www.arquimaster.com.ar\/web\/wp-content\/uploads\/2021\/06\/casa_frente_al_mar4.jpg' title=\"Casa frente al mar \/ Jaume Illan i Rosa Cullell (\u00a9 Sim\u00f3n Garc\u00eda | arqfoto)\" data-rl_title=\"Casa frente al mar \/ Jaume Illan i Rosa Cullell (\u00a9 Sim\u00f3n Garc\u00eda | arqfoto)\" class=\"rl-gallery-link\" data-rl_caption=\"Casa frente al mar \/ Jaume Illan i Rosa Cullell (\u00a9 Sim\u00f3n Garc\u00eda | arqfoto)\" data-rel=\"lightbox-gallery-1\"><img loading=\"lazy\" decoding=\"async\" width=\"150\" height=\"150\" src=\"https:\/\/www.arquimaster.com.ar\/web\/wp-content\/uploads\/2021\/06\/casa_frente_al_mar4-150x150.jpg\" class=\"attachment-thumbnail size-thumbnail\" alt=\"Casa frente al mar \/ Jaume Illan i Rosa Cullell\" aria-describedby=\"gallery-1-65766\" \/><\/a>\n\t\t\t<\/div>\n\t\t\t\t<figcaption class='wp-caption-text gallery-caption' id='gallery-1-65766'>\n\t\t\t\tCasa frente al mar \/ Jaume Illan i Rosa Cullell (\u00a9 Sim\u00f3n Garc\u00eda | arqfoto)\n\t\t\t\t<\/figcaption><\/figure><figure class='gallery-item'>\n\t\t\t<div class='gallery-icon landscape'>\n\t\t\t\t<a href='https:\/\/www.arquimaster.com.ar\/web\/wp-content\/uploads\/2021\/06\/casa_frente_al_mar5.jpg' title=\"Casa frente al mar \/ Jaume Illan i Rosa Cullell (\u00a9 Sim\u00f3n Garc\u00eda | arqfoto)\" data-rl_title=\"Casa frente al mar \/ Jaume Illan i Rosa Cullell (\u00a9 Sim\u00f3n Garc\u00eda | arqfoto)\" class=\"rl-gallery-link\" data-rl_caption=\"Casa frente al mar \/ Jaume Illan i Rosa Cullell (\u00a9 Sim\u00f3n Garc\u00eda | arqfoto)\" data-rel=\"lightbox-gallery-1\"><img loading=\"lazy\" decoding=\"async\" width=\"150\" height=\"150\" src=\"https:\/\/www.arquimaster.com.ar\/web\/wp-content\/uploads\/2021\/06\/casa_frente_al_mar5-150x150.jpg\" class=\"attachment-thumbnail size-thumbnail\" alt=\"Casa frente al mar \/ Jaume Illan i Rosa Cullell\" aria-describedby=\"gallery-1-65767\" \/><\/a>\n\t\t\t<\/div>\n\t\t\t\t<figcaption class='wp-caption-text gallery-caption' id='gallery-1-65767'>\n\t\t\t\tCasa frente al mar \/ Jaume Illan i Rosa Cullell (\u00a9 Sim\u00f3n Garc\u00eda | arqfoto)\n\t\t\t\t<\/figcaption><\/figure><figure class='gallery-item'>\n\t\t\t<div class='gallery-icon landscape'>\n\t\t\t\t<a href='https:\/\/www.arquimaster.com.ar\/web\/wp-content\/uploads\/2021\/06\/casa_frente_al_mar6.jpg' title=\"Casa frente al mar \/ Jaume Illan i Rosa Cullell (\u00a9 Sim\u00f3n Garc\u00eda | arqfoto)\" data-rl_title=\"Casa frente al mar \/ Jaume Illan i Rosa Cullell (\u00a9 Sim\u00f3n Garc\u00eda | arqfoto)\" class=\"rl-gallery-link\" data-rl_caption=\"Casa frente al mar \/ Jaume Illan i Rosa Cullell (\u00a9 Sim\u00f3n Garc\u00eda | arqfoto)\" data-rel=\"lightbox-gallery-1\"><img loading=\"lazy\" decoding=\"async\" width=\"150\" height=\"150\" src=\"https:\/\/www.arquimaster.com.ar\/web\/wp-content\/uploads\/2021\/06\/casa_frente_al_mar6-150x150.jpg\" class=\"attachment-thumbnail size-thumbnail\" alt=\"Casa frente al mar \/ Jaume Illan i Rosa Cullell\" aria-describedby=\"gallery-1-65768\" srcset=\"https:\/\/www.arquimaster.com.ar\/web\/wp-content\/uploads\/2021\/06\/casa_frente_al_mar6-150x150.jpg 150w, https:\/\/www.arquimaster.com.ar\/web\/wp-content\/uploads\/2021\/06\/casa_frente_al_mar6-768x768.jpg 768w, https:\/\/www.arquimaster.com.ar\/web\/wp-content\/uploads\/2021\/06\/casa_frente_al_mar6.jpg 1500w\" sizes=\"auto, (max-width: 150px) 100vw, 150px\" \/><\/a>\n\t\t\t<\/div>\n\t\t\t\t<figcaption class='wp-caption-text gallery-caption' id='gallery-1-65768'>\n\t\t\t\tCasa frente al mar \/ Jaume Illan i Rosa Cullell (\u00a9 Sim\u00f3n Garc\u00eda | arqfoto)\n\t\t\t\t<\/figcaption><\/figure><figure class='gallery-item'>\n\t\t\t<div class='gallery-icon landscape'>\n\t\t\t\t<a href='https:\/\/www.arquimaster.com.ar\/web\/wp-content\/uploads\/2021\/06\/casa_frente_al_mar7.jpg' title=\"Casa frente al mar \/ Jaume Illan i Rosa Cullell (\u00a9 Sim\u00f3n Garc\u00eda | arqfoto)\" data-rl_title=\"Casa frente al mar \/ Jaume Illan i Rosa Cullell (\u00a9 Sim\u00f3n Garc\u00eda | arqfoto)\" class=\"rl-gallery-link\" data-rl_caption=\"Casa frente al mar \/ Jaume Illan i Rosa Cullell (\u00a9 Sim\u00f3n Garc\u00eda | arqfoto)\" data-rel=\"lightbox-gallery-1\"><img loading=\"lazy\" decoding=\"async\" width=\"150\" height=\"150\" src=\"https:\/\/www.arquimaster.com.ar\/web\/wp-content\/uploads\/2021\/06\/casa_frente_al_mar7-150x150.jpg\" class=\"attachment-thumbnail size-thumbnail\" alt=\"Casa frente al mar \/ Jaume Illan i Rosa Cullell\" aria-describedby=\"gallery-1-65769\" \/><\/a>\n\t\t\t<\/div>\n\t\t\t\t<figcaption class='wp-caption-text gallery-caption' id='gallery-1-65769'>\n\t\t\t\tCasa frente al mar \/ Jaume Illan i Rosa Cullell (\u00a9 Sim\u00f3n Garc\u00eda | arqfoto)\n\t\t\t\t<\/figcaption><\/figure><figure class='gallery-item'>\n\t\t\t<div class='gallery-icon portrait'>\n\t\t\t\t<a href='https:\/\/www.arquimaster.com.ar\/web\/wp-content\/uploads\/2021\/06\/casa_frente_al_mar8.jpg' title=\"Casa frente al mar \/ Jaume Illan i Rosa Cullell (\u00a9 Sim\u00f3n Garc\u00eda | arqfoto)\" data-rl_title=\"Casa frente al mar \/ Jaume Illan i Rosa Cullell (\u00a9 Sim\u00f3n Garc\u00eda | arqfoto)\" class=\"rl-gallery-link\" data-rl_caption=\"Casa frente al mar \/ Jaume Illan i Rosa Cullell (\u00a9 Sim\u00f3n Garc\u00eda | arqfoto)\" data-rel=\"lightbox-gallery-1\"><img loading=\"lazy\" decoding=\"async\" width=\"150\" height=\"150\" src=\"https:\/\/www.arquimaster.com.ar\/web\/wp-content\/uploads\/2021\/06\/casa_frente_al_mar8-150x150.jpg\" class=\"attachment-thumbnail size-thumbnail\" alt=\"Casa frente al mar \/ Jaume Illan i Rosa Cullell\" aria-describedby=\"gallery-1-65770\" \/><\/a>\n\t\t\t<\/div>\n\t\t\t\t<figcaption class='wp-caption-text gallery-caption' id='gallery-1-65770'>\n\t\t\t\tCasa frente al mar \/ Jaume Illan i Rosa Cullell (\u00a9 Sim\u00f3n Garc\u00eda | arqfoto)\n\t\t\t\t<\/figcaption><\/figure><figure class='gallery-item'>\n\t\t\t<div class='gallery-icon landscape'>\n\t\t\t\t<a href='https:\/\/www.arquimaster.com.ar\/web\/wp-content\/uploads\/2021\/06\/casa_frente_al_mar9.jpg' title=\"Casa frente al mar \/ Jaume Illan i Rosa Cullell (\u00a9 Sim\u00f3n Garc\u00eda | arqfoto)\" data-rl_title=\"Casa frente al mar \/ Jaume Illan i Rosa Cullell (\u00a9 Sim\u00f3n Garc\u00eda | arqfoto)\" class=\"rl-gallery-link\" data-rl_caption=\"Casa frente al mar \/ Jaume Illan i Rosa Cullell (\u00a9 Sim\u00f3n Garc\u00eda | arqfoto)\" data-rel=\"lightbox-gallery-1\"><img loading=\"lazy\" decoding=\"async\" width=\"150\" height=\"150\" src=\"https:\/\/www.arquimaster.com.ar\/web\/wp-content\/uploads\/2021\/06\/casa_frente_al_mar9-150x150.jpg\" class=\"attachment-thumbnail size-thumbnail\" alt=\"Casa frente al mar \/ Jaume Illan i Rosa Cullell\" aria-describedby=\"gallery-1-65771\" \/><\/a>\n\t\t\t<\/div>\n\t\t\t\t<figcaption class='wp-caption-text gallery-caption' id='gallery-1-65771'>\n\t\t\t\tCasa frente al mar \/ Jaume Illan i Rosa Cullell (\u00a9 Sim\u00f3n Garc\u00eda | arqfoto)\n\t\t\t\t<\/figcaption><\/figure><figure class='gallery-item'>\n\t\t\t<div class='gallery-icon landscape'>\n\t\t\t\t<a href='https:\/\/www.arquimaster.com.ar\/web\/wp-content\/uploads\/2021\/06\/casa_frente_al_mar10.jpg' title=\"Casa frente al mar \/ Jaume Illan i Rosa Cullell (planta baja)\" data-rl_title=\"Casa frente al mar \/ Jaume Illan i Rosa Cullell (planta baja)\" class=\"rl-gallery-link\" data-rl_caption=\"Casa frente al mar \/ Jaume Illan i Rosa Cullell (planta baja)\" data-rel=\"lightbox-gallery-1\"><img loading=\"lazy\" decoding=\"async\" width=\"150\" height=\"150\" src=\"https:\/\/www.arquimaster.com.ar\/web\/wp-content\/uploads\/2021\/06\/casa_frente_al_mar10-150x150.jpg\" class=\"attachment-thumbnail size-thumbnail\" alt=\"Casa frente al mar \/ Jaume Illan i Rosa Cullell\" aria-describedby=\"gallery-1-65772\" \/><\/a>\n\t\t\t<\/div>\n\t\t\t\t<figcaption class='wp-caption-text gallery-caption' id='gallery-1-65772'>\n\t\t\t\tCasa frente al mar \/ Jaume Illan i Rosa Cullell (planta baja)\n\t\t\t\t<\/figcaption><\/figure><figure class='gallery-item'>\n\t\t\t<div class='gallery-icon landscape'>\n\t\t\t\t<a href='https:\/\/www.arquimaster.com.ar\/web\/wp-content\/uploads\/2021\/06\/casa_frente_al_mar11.jpg' title=\"Casa frente al mar \/ Jaume Illan i Rosa Cullell (planta alta)\" data-rl_title=\"Casa frente al mar \/ Jaume Illan i Rosa Cullell (planta alta)\" class=\"rl-gallery-link\" data-rl_caption=\"Casa frente al mar \/ Jaume Illan i Rosa Cullell (planta alta)\" data-rel=\"lightbox-gallery-1\"><img loading=\"lazy\" decoding=\"async\" width=\"150\" height=\"150\" src=\"https:\/\/www.arquimaster.com.ar\/web\/wp-content\/uploads\/2021\/06\/casa_frente_al_mar11-150x150.jpg\" class=\"attachment-thumbnail size-thumbnail\" alt=\"Casa frente al mar \/ Jaume Illan i Rosa Cullell\" aria-describedby=\"gallery-1-65773\" \/><\/a>\n\t\t\t<\/div>\n\t\t\t\t<figcaption class='wp-caption-text gallery-caption' id='gallery-1-65773'>\n\t\t\t\tCasa frente al mar \/ Jaume Illan i Rosa Cullell (planta alta)\n\t\t\t\t<\/figcaption><\/figure><figure class='gallery-item'>\n\t\t\t<div class='gallery-icon landscape'>\n\t\t\t\t<a href='https:\/\/www.arquimaster.com.ar\/web\/wp-content\/uploads\/2021\/06\/casa_frente_al_mar12.jpg' title=\"Casa frente al mar \/ Jaume Illan i Rosa Cullell (corte)\" data-rl_title=\"Casa frente al mar \/ Jaume Illan i Rosa Cullell (corte)\" class=\"rl-gallery-link\" data-rl_caption=\"Casa frente al mar \/ Jaume Illan i Rosa Cullell (corte)\" data-rel=\"lightbox-gallery-1\"><img loading=\"lazy\" decoding=\"async\" width=\"150\" height=\"150\" src=\"https:\/\/www.arquimaster.com.ar\/web\/wp-content\/uploads\/2021\/06\/casa_frente_al_mar12-150x150.jpg\" class=\"attachment-thumbnail size-thumbnail\" alt=\"Casa frente al mar \/ Jaume Illan i Rosa Cullell\" aria-describedby=\"gallery-1-65774\" \/><\/a>\n\t\t\t<\/div>\n\t\t\t\t<figcaption class='wp-caption-text gallery-caption' id='gallery-1-65774'>\n\t\t\t\tCasa frente al mar \/ Jaume Illan i Rosa Cullell (corte)\n\t\t\t\t<\/figcaption><\/figure><figure class='gallery-item'>\n\t\t\t<div class='gallery-icon landscape'>\n\t\t\t\t<a href='https:\/\/www.arquimaster.com.ar\/web\/wp-content\/uploads\/2021\/06\/casa_frente_al_mar13.jpg' title=\"Casa frente al mar \/ Jaume Illan i Rosa Cullell (vista)\" data-rl_title=\"Casa frente al mar \/ Jaume Illan i Rosa Cullell (vista)\" class=\"rl-gallery-link\" data-rl_caption=\"Casa frente al mar \/ Jaume Illan i Rosa Cullell (vista)\" data-rel=\"lightbox-gallery-1\"><img loading=\"lazy\" decoding=\"async\" width=\"150\" height=\"150\" src=\"https:\/\/www.arquimaster.com.ar\/web\/wp-content\/uploads\/2021\/06\/casa_frente_al_mar13-150x150.jpg\" class=\"attachment-thumbnail size-thumbnail\" alt=\"Casa frente al mar \/ Jaume Illan i Rosa Cullell\" aria-describedby=\"gallery-1-65775\" \/><\/a>\n\t\t\t<\/div>\n\t\t\t\t<figcaption class='wp-caption-text gallery-caption' id='gallery-1-65775'>\n\t\t\t\tCasa frente al mar \/ Jaume Illan i Rosa Cullell (vista)\n\t\t\t\t<\/figcaption><\/figure>\n\t\t<\/div>\n\n<p>Todas ellas miran al mar y tiene acceso al balc\u00f3n que va de extremo a extremo de la fachada principal. La cubierta del p\u00e1rking, adem\u00e1s, funciona como aparcamiento exterior.<\/p>\n<p>La planta inferior es la destinada a la zona de d\u00eda, con sala de estar, comedor y cocina, adem\u00e1s de la suite principal y dos aseos de cortes\u00eda (uno interior y otro exterior). En este nivel, se generan dos zonas exteriores cubiertas: una destinada a comedor con office y barbacoa, y la otra a estar.<\/p>\n<p>La piscina est\u00e1 ubicada en un aterrazamiento 2 metros inferior, y desde ah\u00ed se accede a los sucesivos que conforman el jard\u00edn hasta llegar a la calle inferior que limita la parcela.<\/p>\n<p>Toda la estructura de la casa en contacto con el terreno es de hormig\u00f3n armado, y el resto (paredes portantes, forjados y divisiones interiores) est\u00e1n realizados con madera. Junto con el aislamiento utilizado y la climatizaci\u00f3n por suelo radiante, hace que la sensaci\u00f3n de confort en el interior de la vivienda, acompa\u00f1ada por la impresionante vista que se tiene desde cualquier punto, sea inmejorable.<\/p>\n<p><strong>Ficha t\u00e9cnica<\/strong><br \/>Nombre: Villa SRT<br \/>Ubicaci\u00f3n: Bahia de Roses, Alt Empord\u00e0, Espa\u00f1a<br \/>Arquitectos autores de la obra: Jaume Illan i Rosa Cullell<br \/>Construcci\u00f3n: Gratac\u00f3s Pujol SA<br \/>Estructura de madera: Maxmadera<br \/>Carpinter\u00eda interior &amp; cocina: Ebenisteria Say\u00f3 <br \/>Direcci\u00f3n ejecutiva: Josep Aiguaviva<br \/>Superficie construida: 370,40 m2<br \/>A\u00f1o t\u00e9rmino construcci\u00f3n: 2019<br \/>Fotografias: <a href=\"http:\/\/www.arqfoto.com\" target=\"_blank\" rel=\"noopener\">Sim\u00f3n Garc\u00eda | arqfoto<\/a><\/p>\n<p><strong>Contacto<\/strong><br \/><a href=\"https:\/\/www.icarquitectura.com\" target=\"_blank\" rel=\"noopener\">https:\/\/www.icarquitectura.com<\/a><\/p>\n\n\n<div style=\"height:20px\" aria-hidden=\"true\" class=\"wp-block-spacer\"><\/div>\n\n\n<p><strong><em>English version<\/em><\/strong><\/p>\n<p><em>It is an isolated single-family house with two floors, with an outdoor pool, oriented to the south and full view of the Bay of Roses.<\/em><\/p>\n<p><em>To try to adapt to the topography as much as possible, the upper floor, where the main access to the house takes place, is developed on two levels: a ramp with a reasonable slope leads to the parking for two vehicles, which communicates with an elevator and staircase to the second level where there is pedestrian access and four bedrooms with their own bathroom. All of them face the sea and have access to the balcony that goes from end to end of the main fa\u00e7ade. The parking deck also works as an outdoor car park.<\/em><\/p>\n<p><em>The lower floor is for the day area, with a living room, dining room and kitchen, as well as the master suite and two courtesy toilets (one inside and one outside). At this level, there are two covered outdoor areas: one for a dining room with an office and barbecue, and the other for living.<\/em><\/p>\n<p><em>The pool is located on a 2 m lower terrace, and from there you can access the successive ones that make up the garden until you reach the lower street that limits the plot.<\/em><\/p>\n<p><em>The entire structure of the house in contact with the ground is made of concrete, and the rest (bearing walls, slabs and interior divisions) are made of wood. Together with the isolation and the underfloor heating system, the feeling of comfort inside the house is, accompanied by the spectacular view from any point, unbeatable.<\/em><\/p>\n<div style=\"font-size: 0px; height: 0px; line-height: 0px; margin: 0; padding: 0; clear: both;\"><\/div><div style=\"margin-top: 0px; margin-bottom: 0px;\" class=\"sharethis-inline-share-buttons\" ><\/div>","protected":false},"excerpt":{"rendered":"<p>Vivienda aislada con piscina, orientada al sur y vista plena a la Bah\u00eda de Roses&#8230;<\/p>\n","protected":false},"author":1,"featured_media":65762,"comment_status":"closed","ping_status":"closed","sticky":false,"template":"","format":"standard","meta":{"_uag_custom_page_level_css":"","footnotes":""},"categories":[1,83],"tags":[7191,252,104,7190,7068,7065,7067,7066,254],"class_list":["post-65761","post","type-post","status-publish","format-standard","has-post-thumbnail","hentry","category-proyecto","category-vivienda-unifamiliar","tag-bahia-de-roses","tag-casa-de-playa","tag-espana","tag-gerona","tag-illan-i-cullell","tag-jaume-illan","tag-jaume-illan-i-rosa-cullell","tag-rosa-cullell","tag-vivienda-unifamiliar-2","generate-columns","tablet-grid-50","mobile-grid-100","grid-parent","grid-50"],"yoast_head":"<!-- This site is optimized with the Yoast SEO plugin v27.3 - https:\/\/yoast.com\/product\/yoast-seo-wordpress\/ -->\n<title>Casa frente al mar \/ Jaume Illan i Rosa Cullell - Arquimaster<\/title>\n<meta name=\"description\" content=\"Vivienda unifamiliar aislada de dos plantas, con piscina exterior, orientada a sud puro y vista plena a la Bah\u00eda de Roses.\" \/>\n<meta name=\"robots\" content=\"index, follow, max-snippet:-1, max-image-preview:large, max-video-preview:-1\" \/>\n<link rel=\"canonical\" href=\"https:\/\/www.arquimaster.com.ar\/web\/casa-frente-al-mar-jaume-illan-i-rosa-cullell\/\" \/>\n<meta property=\"og:locale\" content=\"es_ES\" \/>\n<meta property=\"og:type\" content=\"article\" \/>\n<meta property=\"og:title\" content=\"Casa frente al mar \/ Jaume Illan i Rosa Cullell\" \/>\n<meta property=\"og:description\" content=\"Vivienda unifamiliar aislada de dos plantas, con piscina exterior, orientada a sud puro y vista plena a la Bah\u00eda de Roses.\" \/>\n<meta property=\"og:url\" content=\"https:\/\/www.arquimaster.com.ar\/web\/casa-frente-al-mar-jaume-illan-i-rosa-cullell\/\" \/>\n<meta property=\"og:site_name\" content=\"Arquimaster\" \/>\n<meta property=\"article:publisher\" content=\"http:\/\/www.facebook.com\/ARQUIMASTER.com.ar\" \/>\n<meta property=\"article:published_time\" content=\"2021-06-09T22:48:38+00:00\" \/>\n<meta property=\"article:modified_time\" content=\"2021-11-27T17:30:39+00:00\" \/>\n<meta property=\"og:image\" content=\"https:\/\/www.arquimaster.com.ar\/web\/wp-content\/uploads\/2021\/06\/casa_frente_al_mar_slide.jpg\" \/>\n\t<meta property=\"og:image:width\" content=\"698\" \/>\n\t<meta property=\"og:image:height\" content=\"364\" \/>\n\t<meta property=\"og:image:type\" content=\"image\/jpeg\" \/>\n<meta name=\"author\" content=\"Arquimaster\" \/>\n<meta name=\"twitter:card\" content=\"summary_large_image\" \/>\n<meta name=\"twitter:title\" content=\"Casa frente al mar \/ Jaume Illan i Rosa Cullell\" \/>\n<meta name=\"twitter:description\" content=\"Vivienda unifamiliar aislada de dos plantas, con piscina exterior, orientada a sud puro y vista plena a la Bah\u00eda de Roses.\" \/>\n<meta name=\"twitter:image\" content=\"https:\/\/www.arquimaster.com.ar\/web\/wp-content\/uploads\/2021\/06\/casa_frente_al_mar_slide.jpg\" \/>\n<meta name=\"twitter:creator\" content=\"@arquimaster\" \/>\n<meta name=\"twitter:site\" content=\"@arquimaster\" \/>\n<meta name=\"twitter:label1\" content=\"Escrito por\" \/>\n\t<meta name=\"twitter:data1\" content=\"Arquimaster\" \/>\n\t<meta name=\"twitter:label2\" content=\"Tiempo de lectura\" \/>\n\t<meta name=\"twitter:data2\" content=\"3 minutos\" \/>\n<script type=\"application\/ld+json\" class=\"yoast-schema-graph\">{\"@context\":\"https:\\\/\\\/schema.org\",\"@graph\":[{\"@type\":\"Article\",\"@id\":\"https:\\\/\\\/www.arquimaster.com.ar\\\/web\\\/casa-frente-al-mar-jaume-illan-i-rosa-cullell\\\/#article\",\"isPartOf\":{\"@id\":\"https:\\\/\\\/www.arquimaster.com.ar\\\/web\\\/casa-frente-al-mar-jaume-illan-i-rosa-cullell\\\/\"},\"author\":{\"name\":\"Arquimaster\",\"@id\":\"https:\\\/\\\/www.arquimaster.com.ar\\\/web\\\/#\\\/schema\\\/person\\\/359e9f7c00193fcde068e0dd2ceb0028\"},\"headline\":\"Casa frente al mar \\\/ Jaume Illan i Rosa Cullell\",\"datePublished\":\"2021-06-09T22:48:38+00:00\",\"dateModified\":\"2021-11-27T17:30:39+00:00\",\"mainEntityOfPage\":{\"@id\":\"https:\\\/\\\/www.arquimaster.com.ar\\\/web\\\/casa-frente-al-mar-jaume-illan-i-rosa-cullell\\\/\"},\"wordCount\":638,\"publisher\":{\"@id\":\"https:\\\/\\\/www.arquimaster.com.ar\\\/web\\\/#organization\"},\"image\":{\"@id\":\"https:\\\/\\\/www.arquimaster.com.ar\\\/web\\\/casa-frente-al-mar-jaume-illan-i-rosa-cullell\\\/#primaryimage\"},\"thumbnailUrl\":\"https:\\\/\\\/www.arquimaster.com.ar\\\/web\\\/wp-content\\\/uploads\\\/2021\\\/06\\\/casa_frente_al_mar_slide.jpg\",\"keywords\":[\"Bahia de Roses\",\"casa de playa\",\"Espa\u00f1a\",\"Gerona\",\"Illan i Cullell\",\"Jaume Illan\",\"Jaume Illan i Rosa Cullell\",\"Rosa Cullell\",\"vivienda unifamiliar\"],\"articleSection\":[\"Proyecto\",\"Vivienda unifamiliar y PH\"],\"inLanguage\":\"es\"},{\"@type\":\"WebPage\",\"@id\":\"https:\\\/\\\/www.arquimaster.com.ar\\\/web\\\/casa-frente-al-mar-jaume-illan-i-rosa-cullell\\\/\",\"url\":\"https:\\\/\\\/www.arquimaster.com.ar\\\/web\\\/casa-frente-al-mar-jaume-illan-i-rosa-cullell\\\/\",\"name\":\"Casa frente al mar \\\/ Jaume Illan i Rosa Cullell - Arquimaster\",\"isPartOf\":{\"@id\":\"https:\\\/\\\/www.arquimaster.com.ar\\\/web\\\/#website\"},\"primaryImageOfPage\":{\"@id\":\"https:\\\/\\\/www.arquimaster.com.ar\\\/web\\\/casa-frente-al-mar-jaume-illan-i-rosa-cullell\\\/#primaryimage\"},\"image\":{\"@id\":\"https:\\\/\\\/www.arquimaster.com.ar\\\/web\\\/casa-frente-al-mar-jaume-illan-i-rosa-cullell\\\/#primaryimage\"},\"thumbnailUrl\":\"https:\\\/\\\/www.arquimaster.com.ar\\\/web\\\/wp-content\\\/uploads\\\/2021\\\/06\\\/casa_frente_al_mar_slide.jpg\",\"datePublished\":\"2021-06-09T22:48:38+00:00\",\"dateModified\":\"2021-11-27T17:30:39+00:00\",\"description\":\"Vivienda unifamiliar aislada de dos plantas, con piscina exterior, orientada a sud puro y vista plena a la Bah\u00eda de Roses.\",\"breadcrumb\":{\"@id\":\"https:\\\/\\\/www.arquimaster.com.ar\\\/web\\\/casa-frente-al-mar-jaume-illan-i-rosa-cullell\\\/#breadcrumb\"},\"inLanguage\":\"es\",\"potentialAction\":[{\"@type\":\"ReadAction\",\"target\":[\"https:\\\/\\\/www.arquimaster.com.ar\\\/web\\\/casa-frente-al-mar-jaume-illan-i-rosa-cullell\\\/\"]}]},{\"@type\":\"ImageObject\",\"inLanguage\":\"es\",\"@id\":\"https:\\\/\\\/www.arquimaster.com.ar\\\/web\\\/casa-frente-al-mar-jaume-illan-i-rosa-cullell\\\/#primaryimage\",\"url\":\"https:\\\/\\\/www.arquimaster.com.ar\\\/web\\\/wp-content\\\/uploads\\\/2021\\\/06\\\/casa_frente_al_mar_slide.jpg\",\"contentUrl\":\"https:\\\/\\\/www.arquimaster.com.ar\\\/web\\\/wp-content\\\/uploads\\\/2021\\\/06\\\/casa_frente_al_mar_slide.jpg\",\"width\":698,\"height\":364,\"caption\":\"Casa frente al mar \\\/ Jaume Illan i Rosa Cullell\"},{\"@type\":\"BreadcrumbList\",\"@id\":\"https:\\\/\\\/www.arquimaster.com.ar\\\/web\\\/casa-frente-al-mar-jaume-illan-i-rosa-cullell\\\/#breadcrumb\",\"itemListElement\":[{\"@type\":\"ListItem\",\"position\":1,\"name\":\"Portada\",\"item\":\"https:\\\/\\\/www.arquimaster.com.ar\\\/web\\\/\"},{\"@type\":\"ListItem\",\"position\":2,\"name\":\"Casa frente al mar \\\/ Jaume Illan i Rosa Cullell\"}]},{\"@type\":\"WebSite\",\"@id\":\"https:\\\/\\\/www.arquimaster.com.ar\\\/web\\\/#website\",\"url\":\"https:\\\/\\\/www.arquimaster.com.ar\\\/web\\\/\",\"name\":\"Arquimaster\",\"description\":\"Web de arquitectura, dise\u00f1o y construccion\",\"publisher\":{\"@id\":\"https:\\\/\\\/www.arquimaster.com.ar\\\/web\\\/#organization\"},\"potentialAction\":[{\"@type\":\"SearchAction\",\"target\":{\"@type\":\"EntryPoint\",\"urlTemplate\":\"https:\\\/\\\/www.arquimaster.com.ar\\\/web\\\/?s={search_term_string}\"},\"query-input\":{\"@type\":\"PropertyValueSpecification\",\"valueRequired\":true,\"valueName\":\"search_term_string\"}}],\"inLanguage\":\"es\"},{\"@type\":\"Organization\",\"@id\":\"https:\\\/\\\/www.arquimaster.com.ar\\\/web\\\/#organization\",\"name\":\"Arquimaster\",\"url\":\"https:\\\/\\\/www.arquimaster.com.ar\\\/web\\\/\",\"logo\":{\"@type\":\"ImageObject\",\"inLanguage\":\"es\",\"@id\":\"https:\\\/\\\/www.arquimaster.com.ar\\\/web\\\/#\\\/schema\\\/logo\\\/image\\\/\",\"url\":\"https:\\\/\\\/www.arquimaster.com.ar\\\/web\\\/wp-content\\\/uploads\\\/2022\\\/06\\\/arquimaster.png\",\"contentUrl\":\"https:\\\/\\\/www.arquimaster.com.ar\\\/web\\\/wp-content\\\/uploads\\\/2022\\\/06\\\/arquimaster.png\",\"width\":594,\"height\":78,\"caption\":\"Arquimaster\"},\"image\":{\"@id\":\"https:\\\/\\\/www.arquimaster.com.ar\\\/web\\\/#\\\/schema\\\/logo\\\/image\\\/\"},\"sameAs\":[\"http:\\\/\\\/www.facebook.com\\\/ARQUIMASTER.com.ar\",\"https:\\\/\\\/x.com\\\/arquimaster\",\"https:\\\/\\\/www.instagram.com\\\/arquimasterblog\\\/\",\"https:\\\/\\\/www.linkedin.com\\\/company\\\/arquimaster\",\"https:\\\/\\\/www.pinterest.com\\\/arquimaster\",\"https:\\\/\\\/t.me\\\/arquimaster\"]},{\"@type\":\"Person\",\"@id\":\"https:\\\/\\\/www.arquimaster.com.ar\\\/web\\\/#\\\/schema\\\/person\\\/359e9f7c00193fcde068e0dd2ceb0028\",\"name\":\"Arquimaster\"}]}<\/script>\n<!-- \/ Yoast SEO plugin. -->","yoast_head_json":{"title":"Casa frente al mar \/ Jaume Illan i Rosa Cullell - Arquimaster","description":"Vivienda unifamiliar aislada de dos plantas, con piscina exterior, orientada a sud puro y vista plena a la Bah\u00eda de Roses.","robots":{"index":"index","follow":"follow","max-snippet":"max-snippet:-1","max-image-preview":"max-image-preview:large","max-video-preview":"max-video-preview:-1"},"canonical":"https:\/\/www.arquimaster.com.ar\/web\/casa-frente-al-mar-jaume-illan-i-rosa-cullell\/","og_locale":"es_ES","og_type":"article","og_title":"Casa frente al mar \/ Jaume Illan i Rosa Cullell","og_description":"Vivienda unifamiliar aislada de dos plantas, con piscina exterior, orientada a sud puro y vista plena a la Bah\u00eda de Roses.","og_url":"https:\/\/www.arquimaster.com.ar\/web\/casa-frente-al-mar-jaume-illan-i-rosa-cullell\/","og_site_name":"Arquimaster","article_publisher":"http:\/\/www.facebook.com\/ARQUIMASTER.com.ar","article_published_time":"2021-06-09T22:48:38+00:00","article_modified_time":"2021-11-27T17:30:39+00:00","og_image":[{"width":698,"height":364,"url":"https:\/\/www.arquimaster.com.ar\/web\/wp-content\/uploads\/2021\/06\/casa_frente_al_mar_slide.jpg","type":"image\/jpeg"}],"author":"Arquimaster","twitter_card":"summary_large_image","twitter_title":"Casa frente al mar \/ Jaume Illan i Rosa Cullell","twitter_description":"Vivienda unifamiliar aislada de dos plantas, con piscina exterior, orientada a sud puro y vista plena a la Bah\u00eda de Roses.","twitter_image":"https:\/\/www.arquimaster.com.ar\/web\/wp-content\/uploads\/2021\/06\/casa_frente_al_mar_slide.jpg","twitter_creator":"@arquimaster","twitter_site":"@arquimaster","twitter_misc":{"Escrito por":"Arquimaster","Tiempo de lectura":"3 minutos"},"schema":{"@context":"https:\/\/schema.org","@graph":[{"@type":"Article","@id":"https:\/\/www.arquimaster.com.ar\/web\/casa-frente-al-mar-jaume-illan-i-rosa-cullell\/#article","isPartOf":{"@id":"https:\/\/www.arquimaster.com.ar\/web\/casa-frente-al-mar-jaume-illan-i-rosa-cullell\/"},"author":{"name":"Arquimaster","@id":"https:\/\/www.arquimaster.com.ar\/web\/#\/schema\/person\/359e9f7c00193fcde068e0dd2ceb0028"},"headline":"Casa frente al mar \/ Jaume Illan i Rosa Cullell","datePublished":"2021-06-09T22:48:38+00:00","dateModified":"2021-11-27T17:30:39+00:00","mainEntityOfPage":{"@id":"https:\/\/www.arquimaster.com.ar\/web\/casa-frente-al-mar-jaume-illan-i-rosa-cullell\/"},"wordCount":638,"publisher":{"@id":"https:\/\/www.arquimaster.com.ar\/web\/#organization"},"image":{"@id":"https:\/\/www.arquimaster.com.ar\/web\/casa-frente-al-mar-jaume-illan-i-rosa-cullell\/#primaryimage"},"thumbnailUrl":"https:\/\/www.arquimaster.com.ar\/web\/wp-content\/uploads\/2021\/06\/casa_frente_al_mar_slide.jpg","keywords":["Bahia de Roses","casa de playa","Espa\u00f1a","Gerona","Illan i Cullell","Jaume Illan","Jaume Illan i Rosa Cullell","Rosa Cullell","vivienda unifamiliar"],"articleSection":["Proyecto","Vivienda unifamiliar y PH"],"inLanguage":"es"},{"@type":"WebPage","@id":"https:\/\/www.arquimaster.com.ar\/web\/casa-frente-al-mar-jaume-illan-i-rosa-cullell\/","url":"https:\/\/www.arquimaster.com.ar\/web\/casa-frente-al-mar-jaume-illan-i-rosa-cullell\/","name":"Casa frente al mar \/ Jaume Illan i Rosa Cullell - Arquimaster","isPartOf":{"@id":"https:\/\/www.arquimaster.com.ar\/web\/#website"},"primaryImageOfPage":{"@id":"https:\/\/www.arquimaster.com.ar\/web\/casa-frente-al-mar-jaume-illan-i-rosa-cullell\/#primaryimage"},"image":{"@id":"https:\/\/www.arquimaster.com.ar\/web\/casa-frente-al-mar-jaume-illan-i-rosa-cullell\/#primaryimage"},"thumbnailUrl":"https:\/\/www.arquimaster.com.ar\/web\/wp-content\/uploads\/2021\/06\/casa_frente_al_mar_slide.jpg","datePublished":"2021-06-09T22:48:38+00:00","dateModified":"2021-11-27T17:30:39+00:00","description":"Vivienda unifamiliar aislada de dos plantas, con piscina exterior, orientada a sud puro y vista plena a la Bah\u00eda de Roses.","breadcrumb":{"@id":"https:\/\/www.arquimaster.com.ar\/web\/casa-frente-al-mar-jaume-illan-i-rosa-cullell\/#breadcrumb"},"inLanguage":"es","potentialAction":[{"@type":"ReadAction","target":["https:\/\/www.arquimaster.com.ar\/web\/casa-frente-al-mar-jaume-illan-i-rosa-cullell\/"]}]},{"@type":"ImageObject","inLanguage":"es","@id":"https:\/\/www.arquimaster.com.ar\/web\/casa-frente-al-mar-jaume-illan-i-rosa-cullell\/#primaryimage","url":"https:\/\/www.arquimaster.com.ar\/web\/wp-content\/uploads\/2021\/06\/casa_frente_al_mar_slide.jpg","contentUrl":"https:\/\/www.arquimaster.com.ar\/web\/wp-content\/uploads\/2021\/06\/casa_frente_al_mar_slide.jpg","width":698,"height":364,"caption":"Casa frente al mar \/ Jaume Illan i Rosa Cullell"},{"@type":"BreadcrumbList","@id":"https:\/\/www.arquimaster.com.ar\/web\/casa-frente-al-mar-jaume-illan-i-rosa-cullell\/#breadcrumb","itemListElement":[{"@type":"ListItem","position":1,"name":"Portada","item":"https:\/\/www.arquimaster.com.ar\/web\/"},{"@type":"ListItem","position":2,"name":"Casa frente al mar \/ Jaume Illan i Rosa Cullell"}]},{"@type":"WebSite","@id":"https:\/\/www.arquimaster.com.ar\/web\/#website","url":"https:\/\/www.arquimaster.com.ar\/web\/","name":"Arquimaster","description":"Web de arquitectura, dise\u00f1o y construccion","publisher":{"@id":"https:\/\/www.arquimaster.com.ar\/web\/#organization"},"potentialAction":[{"@type":"SearchAction","target":{"@type":"EntryPoint","urlTemplate":"https:\/\/www.arquimaster.com.ar\/web\/?s={search_term_string}"},"query-input":{"@type":"PropertyValueSpecification","valueRequired":true,"valueName":"search_term_string"}}],"inLanguage":"es"},{"@type":"Organization","@id":"https:\/\/www.arquimaster.com.ar\/web\/#organization","name":"Arquimaster","url":"https:\/\/www.arquimaster.com.ar\/web\/","logo":{"@type":"ImageObject","inLanguage":"es","@id":"https:\/\/www.arquimaster.com.ar\/web\/#\/schema\/logo\/image\/","url":"https:\/\/www.arquimaster.com.ar\/web\/wp-content\/uploads\/2022\/06\/arquimaster.png","contentUrl":"https:\/\/www.arquimaster.com.ar\/web\/wp-content\/uploads\/2022\/06\/arquimaster.png","width":594,"height":78,"caption":"Arquimaster"},"image":{"@id":"https:\/\/www.arquimaster.com.ar\/web\/#\/schema\/logo\/image\/"},"sameAs":["http:\/\/www.facebook.com\/ARQUIMASTER.com.ar","https:\/\/x.com\/arquimaster","https:\/\/www.instagram.com\/arquimasterblog\/","https:\/\/www.linkedin.com\/company\/arquimaster","https:\/\/www.pinterest.com\/arquimaster","https:\/\/t.me\/arquimaster"]},{"@type":"Person","@id":"https:\/\/www.arquimaster.com.ar\/web\/#\/schema\/person\/359e9f7c00193fcde068e0dd2ceb0028","name":"Arquimaster"}]}},"uagb_featured_image_src":{"full":["https:\/\/www.arquimaster.com.ar\/web\/wp-content\/uploads\/2021\/06\/casa_frente_al_mar_slide.jpg",698,364,false],"thumbnail":["https:\/\/www.arquimaster.com.ar\/web\/wp-content\/uploads\/2021\/06\/casa_frente_al_mar_slide-150x150.jpg",150,150,true],"medium":["https:\/\/www.arquimaster.com.ar\/web\/wp-content\/uploads\/2021\/06\/casa_frente_al_mar_slide.jpg",698,364,false],"medium_large":["https:\/\/www.arquimaster.com.ar\/web\/wp-content\/uploads\/2021\/06\/casa_frente_al_mar_slide.jpg",698,364,false],"large":["https:\/\/www.arquimaster.com.ar\/web\/wp-content\/uploads\/2021\/06\/casa_frente_al_mar_slide.jpg",698,364,false],"1536x1536":["https:\/\/www.arquimaster.com.ar\/web\/wp-content\/uploads\/2021\/06\/casa_frente_al_mar_slide.jpg",698,364,false],"2048x2048":["https:\/\/www.arquimaster.com.ar\/web\/wp-content\/uploads\/2021\/06\/casa_frente_al_mar_slide.jpg",698,364,false]},"uagb_author_info":{"display_name":"Arquimaster","author_link":"https:\/\/www.arquimaster.com.ar\/web\/author\/arquimaster\/"},"uagb_comment_info":0,"uagb_excerpt":"Vivienda aislada con piscina, orientada al sur y vista plena a la Bah\u00eda de Roses...","_links":{"self":[{"href":"https:\/\/www.arquimaster.com.ar\/web\/wp-json\/wp\/v2\/posts\/65761","targetHints":{"allow":["GET"]}}],"collection":[{"href":"https:\/\/www.arquimaster.com.ar\/web\/wp-json\/wp\/v2\/posts"}],"about":[{"href":"https:\/\/www.arquimaster.com.ar\/web\/wp-json\/wp\/v2\/types\/post"}],"author":[{"embeddable":true,"href":"https:\/\/www.arquimaster.com.ar\/web\/wp-json\/wp\/v2\/users\/1"}],"replies":[{"embeddable":true,"href":"https:\/\/www.arquimaster.com.ar\/web\/wp-json\/wp\/v2\/comments?post=65761"}],"version-history":[{"count":3,"href":"https:\/\/www.arquimaster.com.ar\/web\/wp-json\/wp\/v2\/posts\/65761\/revisions"}],"predecessor-version":[{"id":68046,"href":"https:\/\/www.arquimaster.com.ar\/web\/wp-json\/wp\/v2\/posts\/65761\/revisions\/68046"}],"wp:featuredmedia":[{"embeddable":true,"href":"https:\/\/www.arquimaster.com.ar\/web\/wp-json\/wp\/v2\/media\/65762"}],"wp:attachment":[{"href":"https:\/\/www.arquimaster.com.ar\/web\/wp-json\/wp\/v2\/media?parent=65761"}],"wp:term":[{"taxonomy":"category","embeddable":true,"href":"https:\/\/www.arquimaster.com.ar\/web\/wp-json\/wp\/v2\/categories?post=65761"},{"taxonomy":"post_tag","embeddable":true,"href":"https:\/\/www.arquimaster.com.ar\/web\/wp-json\/wp\/v2\/tags?post=65761"}],"curies":[{"name":"wp","href":"https:\/\/api.w.org\/{rel}","templated":true}]}}