{"id":65982,"date":"2021-06-24T20:07:16","date_gmt":"2021-06-24T23:07:16","guid":{"rendered":"https:\/\/www.arquimaster.com.ar\/web\/?p=65982"},"modified":"2021-12-29T18:01:41","modified_gmt":"2021-12-29T21:01:41","slug":"casa-grava-estudio-pka","status":"publish","type":"post","link":"https:\/\/www.arquimaster.com.ar\/web\/casa-grava-estudio-pka\/","title":{"rendered":"Casa Grava \/ Estudio PKa"},"content":{"rendered":"<div style=\"margin-top: 0px; margin-bottom: 0px;\" class=\"sharethis-inline-share-buttons\" ><\/div><div class=\"b812932af2e751442846f039925109de\" data-index=\"1\" style=\"float: none; margin:25px 0 25px 0; text-align:center;\">\n<script async src=\"https:\/\/pagead2.googlesyndication.com\/pagead\/js\/adsbygoogle.js\"><\/script>\r\n<!-- Arquimaster (superior) -->\r\n<ins class=\"adsbygoogle\"\r\n     style=\"display:block\"\r\n     data-ad-client=\"ca-pub-6351072698456832\"\r\n     data-ad-slot=\"6455489680\"\r\n     data-ad-format=\"auto\"\r\n     data-full-width-responsive=\"true\"><\/ins>\r\n<script>\r\n     (adsbygoogle = window.adsbygoogle || []).push({});\r\n<\/script>\n<\/div>\n<p><strong>Casa Grava<\/strong> (Tigre, Pcia. de Buenos Aires, Argentina) por <strong>Estudio PKa<\/strong>. Ubicada en Tigre, Buenos aires, Argentina con orientaci\u00f3n Noreste y visuales directas a la laguna central del barrio Virazon situado en Nordelta. La impronta de la casa parti\u00f3 de generar una geometr\u00eda pura y limpia que realza la naturaleza del entorno y respeta la privacidad de la propuesta.<\/p>\n<div id='gallery-1' class='gallery galleryid-65982 gallery-columns-3 gallery-size-thumbnail'><figure class='gallery-item'>\n\t\t\t<div class='gallery-icon landscape'>\n\t\t\t\t<a href='https:\/\/www.arquimaster.com.ar\/web\/wp-content\/uploads\/2021\/06\/casa_grava1.jpg' title=\"Casa Grava \/ Estudio PKa (\u00a9 Alejandro Peral)\" data-rl_title=\"Casa Grava \/ Estudio PKa (\u00a9 Alejandro Peral)\" class=\"rl-gallery-link\" data-rl_caption=\"Casa Grava \/ Estudio PKa (\u00a9 Alejandro Peral)\" data-rel=\"lightbox-gallery-1\"><img loading=\"lazy\" decoding=\"async\" width=\"150\" height=\"150\" src=\"https:\/\/www.arquimaster.com.ar\/web\/wp-content\/uploads\/2021\/06\/casa_grava1-150x150.jpg\" class=\"attachment-thumbnail size-thumbnail\" alt=\"Casa Grava \/ Estudio PKa\" aria-describedby=\"gallery-1-65984\" \/><\/a>\n\t\t\t<\/div>\n\t\t\t\t<figcaption class='wp-caption-text gallery-caption' id='gallery-1-65984'>\n\t\t\t\tCasa Grava \/ Estudio PKa (\u00a9 Alejandro Peral)\n\t\t\t\t<\/figcaption><\/figure><figure class='gallery-item'>\n\t\t\t<div class='gallery-icon landscape'>\n\t\t\t\t<a href='https:\/\/www.arquimaster.com.ar\/web\/wp-content\/uploads\/2021\/06\/casa_grava2.jpg' title=\"Casa Grava \/ Estudio PKa (\u00a9 Alejandro Peral)\" data-rl_title=\"Casa Grava \/ Estudio PKa (\u00a9 Alejandro Peral)\" class=\"rl-gallery-link\" data-rl_caption=\"Casa Grava \/ Estudio PKa (\u00a9 Alejandro Peral)\" data-rel=\"lightbox-gallery-1\"><img loading=\"lazy\" decoding=\"async\" width=\"150\" height=\"150\" src=\"https:\/\/www.arquimaster.com.ar\/web\/wp-content\/uploads\/2021\/06\/casa_grava2-150x150.jpg\" class=\"attachment-thumbnail size-thumbnail\" alt=\"Casa Grava \/ Estudio PKa\" aria-describedby=\"gallery-1-65985\" \/><\/a>\n\t\t\t<\/div>\n\t\t\t\t<figcaption class='wp-caption-text gallery-caption' id='gallery-1-65985'>\n\t\t\t\tCasa Grava \/ Estudio PKa (\u00a9 Alejandro Peral)\n\t\t\t\t<\/figcaption><\/figure><figure class='gallery-item'>\n\t\t\t<div class='gallery-icon landscape'>\n\t\t\t\t<a href='https:\/\/www.arquimaster.com.ar\/web\/wp-content\/uploads\/2021\/06\/casa_grava3.jpg' title=\"Casa Grava \/ Estudio PKa (\u00a9 Alejandro Peral)\" data-rl_title=\"Casa Grava \/ Estudio PKa (\u00a9 Alejandro Peral)\" class=\"rl-gallery-link\" data-rl_caption=\"Casa Grava \/ Estudio PKa (\u00a9 Alejandro Peral)\" data-rel=\"lightbox-gallery-1\"><img loading=\"lazy\" decoding=\"async\" width=\"150\" height=\"150\" src=\"https:\/\/www.arquimaster.com.ar\/web\/wp-content\/uploads\/2021\/06\/casa_grava3-150x150.jpg\" class=\"attachment-thumbnail size-thumbnail\" alt=\"Casa Grava \/ Estudio PKa\" aria-describedby=\"gallery-1-65986\" \/><\/a>\n\t\t\t<\/div>\n\t\t\t\t<figcaption class='wp-caption-text gallery-caption' id='gallery-1-65986'>\n\t\t\t\tCasa Grava \/ Estudio PKa (\u00a9 Alejandro Peral)\n\t\t\t\t<\/figcaption><\/figure><figure class='gallery-item'>\n\t\t\t<div class='gallery-icon portrait'>\n\t\t\t\t<a href='https:\/\/www.arquimaster.com.ar\/web\/wp-content\/uploads\/2021\/06\/casa_grava4.jpg' title=\"Casa Grava \/ Estudio PKa (\u00a9 Alejandro Peral)\" data-rl_title=\"Casa Grava \/ Estudio PKa (\u00a9 Alejandro Peral)\" class=\"rl-gallery-link\" data-rl_caption=\"Casa Grava \/ Estudio PKa (\u00a9 Alejandro Peral)\" data-rel=\"lightbox-gallery-1\"><img loading=\"lazy\" decoding=\"async\" width=\"150\" height=\"150\" src=\"https:\/\/www.arquimaster.com.ar\/web\/wp-content\/uploads\/2021\/06\/casa_grava4-150x150.jpg\" class=\"attachment-thumbnail size-thumbnail\" alt=\"Casa Grava \/ Estudio PKa\" aria-describedby=\"gallery-1-66019\" \/><\/a>\n\t\t\t<\/div>\n\t\t\t\t<figcaption class='wp-caption-text gallery-caption' id='gallery-1-66019'>\n\t\t\t\tCasa Grava \/ Estudio PKa (\u00a9 Alejandro Peral)\n\t\t\t\t<\/figcaption><\/figure><figure class='gallery-item'>\n\t\t\t<div class='gallery-icon portrait'>\n\t\t\t\t<a href='https:\/\/www.arquimaster.com.ar\/web\/wp-content\/uploads\/2021\/06\/casa_grava5.jpg' title=\"Casa Grava \/ Estudio PKa (\u00a9 Alejandro Peral)\" data-rl_title=\"Casa Grava \/ Estudio PKa (\u00a9 Alejandro Peral)\" class=\"rl-gallery-link\" data-rl_caption=\"Casa Grava \/ Estudio PKa (\u00a9 Alejandro Peral)\" data-rel=\"lightbox-gallery-1\"><img loading=\"lazy\" decoding=\"async\" width=\"150\" height=\"150\" src=\"https:\/\/www.arquimaster.com.ar\/web\/wp-content\/uploads\/2021\/06\/casa_grava5-150x150.jpg\" class=\"attachment-thumbnail size-thumbnail\" alt=\"Casa Grava \/ Estudio PKa\" aria-describedby=\"gallery-1-65987\" \/><\/a>\n\t\t\t<\/div>\n\t\t\t\t<figcaption class='wp-caption-text gallery-caption' id='gallery-1-65987'>\n\t\t\t\tCasa Grava \/ Estudio PKa (\u00a9 Alejandro Peral)\n\t\t\t\t<\/figcaption><\/figure><figure class='gallery-item'>\n\t\t\t<div class='gallery-icon landscape'>\n\t\t\t\t<a href='https:\/\/www.arquimaster.com.ar\/web\/wp-content\/uploads\/2021\/06\/casa_grava6.jpg' title=\"Casa Grava \/ Estudio PKa (\u00a9 Alejandro Peral)\" data-rl_title=\"Casa Grava \/ Estudio PKa (\u00a9 Alejandro Peral)\" class=\"rl-gallery-link\" data-rl_caption=\"Casa Grava \/ Estudio PKa (\u00a9 Alejandro Peral)\" data-rel=\"lightbox-gallery-1\"><img loading=\"lazy\" decoding=\"async\" width=\"150\" height=\"150\" src=\"https:\/\/www.arquimaster.com.ar\/web\/wp-content\/uploads\/2021\/06\/casa_grava6-150x150.jpg\" class=\"attachment-thumbnail size-thumbnail\" alt=\"Casa Grava \/ Estudio PKa\" aria-describedby=\"gallery-1-65988\" \/><\/a>\n\t\t\t<\/div>\n\t\t\t\t<figcaption class='wp-caption-text gallery-caption' id='gallery-1-65988'>\n\t\t\t\tCasa Grava \/ Estudio PKa (\u00a9 Alejandro Peral)\n\t\t\t\t<\/figcaption><\/figure><figure class='gallery-item'>\n\t\t\t<div class='gallery-icon portrait'>\n\t\t\t\t<a href='https:\/\/www.arquimaster.com.ar\/web\/wp-content\/uploads\/2021\/06\/casa_grava7.jpg' title=\"Casa Grava \/ Estudio PKa (\u00a9 Alejandro Peral)Casa Grava \/ Estudio PKa (\u00a9 Alejandro Peral)\" data-rl_title=\"Casa Grava \/ Estudio PKa (\u00a9 Alejandro Peral)Casa Grava \/ Estudio PKa (\u00a9 Alejandro Peral)\" class=\"rl-gallery-link\" data-rl_caption=\"Casa Grava \/ Estudio PKa (\u00a9 Alejandro Peral)Casa Grava \/ Estudio PKa (\u00a9 Alejandro Peral)\" data-rel=\"lightbox-gallery-1\"><img loading=\"lazy\" decoding=\"async\" width=\"150\" height=\"150\" src=\"https:\/\/www.arquimaster.com.ar\/web\/wp-content\/uploads\/2021\/06\/casa_grava7-150x150.jpg\" class=\"attachment-thumbnail size-thumbnail\" alt=\"Casa Grava \/ Estudio PKa\" aria-describedby=\"gallery-1-65989\" \/><\/a>\n\t\t\t<\/div>\n\t\t\t\t<figcaption class='wp-caption-text gallery-caption' id='gallery-1-65989'>\n\t\t\t\tCasa Grava \/ Estudio PKa (\u00a9 Alejandro Peral)Casa Grava \/ Estudio PKa (\u00a9 Alejandro Peral)\n\t\t\t\t<\/figcaption><\/figure><figure class='gallery-item'>\n\t\t\t<div class='gallery-icon portrait'>\n\t\t\t\t<a href='https:\/\/www.arquimaster.com.ar\/web\/wp-content\/uploads\/2021\/06\/casa_grava8.jpg' title=\"Casa Grava \/ Estudio PKa (\u00a9 Alejandro Peral)\" data-rl_title=\"Casa Grava \/ Estudio PKa (\u00a9 Alejandro Peral)\" class=\"rl-gallery-link\" data-rl_caption=\"Casa Grava \/ Estudio PKa (\u00a9 Alejandro Peral)\" data-rel=\"lightbox-gallery-1\"><img loading=\"lazy\" decoding=\"async\" width=\"150\" height=\"150\" src=\"https:\/\/www.arquimaster.com.ar\/web\/wp-content\/uploads\/2021\/06\/casa_grava8-150x150.jpg\" class=\"attachment-thumbnail size-thumbnail\" alt=\"Casa Grava \/ Estudio PKa\" aria-describedby=\"gallery-1-65990\" \/><\/a>\n\t\t\t<\/div>\n\t\t\t\t<figcaption class='wp-caption-text gallery-caption' id='gallery-1-65990'>\n\t\t\t\tCasa Grava \/ Estudio PKa (\u00a9 Alejandro Peral)\n\t\t\t\t<\/figcaption><\/figure><figure class='gallery-item'>\n\t\t\t<div class='gallery-icon portrait'>\n\t\t\t\t<a href='https:\/\/www.arquimaster.com.ar\/web\/wp-content\/uploads\/2021\/06\/casa_grava9.jpg' title=\"Casa Grava \/ Estudio PKa (\u00a9 Alejandro Peral)\" data-rl_title=\"Casa Grava \/ Estudio PKa (\u00a9 Alejandro Peral)\" class=\"rl-gallery-link\" data-rl_caption=\"Casa Grava \/ Estudio PKa (\u00a9 Alejandro Peral)\" data-rel=\"lightbox-gallery-1\"><img loading=\"lazy\" decoding=\"async\" width=\"150\" height=\"150\" src=\"https:\/\/www.arquimaster.com.ar\/web\/wp-content\/uploads\/2021\/06\/casa_grava9-150x150.jpg\" class=\"attachment-thumbnail size-thumbnail\" alt=\"Casa Grava \/ Estudio PKa\" aria-describedby=\"gallery-1-65991\" \/><\/a>\n\t\t\t<\/div>\n\t\t\t\t<figcaption class='wp-caption-text gallery-caption' id='gallery-1-65991'>\n\t\t\t\tCasa Grava \/ Estudio PKa (\u00a9 Alejandro Peral)\n\t\t\t\t<\/figcaption><\/figure><figure class='gallery-item'>\n\t\t\t<div class='gallery-icon portrait'>\n\t\t\t\t<a href='https:\/\/www.arquimaster.com.ar\/web\/wp-content\/uploads\/2021\/06\/casa_grava10.jpg' title=\"Casa Grava \/ Estudio PKa (\u00a9 Alejandro Peral)\" data-rl_title=\"Casa Grava \/ Estudio PKa (\u00a9 Alejandro Peral)\" class=\"rl-gallery-link\" data-rl_caption=\"Casa Grava \/ Estudio PKa (\u00a9 Alejandro Peral)\" data-rel=\"lightbox-gallery-1\"><img loading=\"lazy\" decoding=\"async\" width=\"150\" height=\"150\" src=\"https:\/\/www.arquimaster.com.ar\/web\/wp-content\/uploads\/2021\/06\/casa_grava10-150x150.jpg\" class=\"attachment-thumbnail size-thumbnail\" alt=\"Casa Grava \/ Estudio PKa\" aria-describedby=\"gallery-1-65992\" \/><\/a>\n\t\t\t<\/div>\n\t\t\t\t<figcaption class='wp-caption-text gallery-caption' id='gallery-1-65992'>\n\t\t\t\tCasa Grava \/ Estudio PKa (\u00a9 Alejandro Peral)\n\t\t\t\t<\/figcaption><\/figure><figure class='gallery-item'>\n\t\t\t<div class='gallery-icon portrait'>\n\t\t\t\t<a href='https:\/\/www.arquimaster.com.ar\/web\/wp-content\/uploads\/2021\/06\/casa_grava11.jpg' title=\"Casa Grava \/ Estudio PKa (\u00a9 Alejandro Peral)\" data-rl_title=\"Casa Grava \/ Estudio PKa (\u00a9 Alejandro Peral)\" class=\"rl-gallery-link\" data-rl_caption=\"Casa Grava \/ Estudio PKa (\u00a9 Alejandro Peral)\" data-rel=\"lightbox-gallery-1\"><img loading=\"lazy\" decoding=\"async\" width=\"150\" height=\"150\" src=\"https:\/\/www.arquimaster.com.ar\/web\/wp-content\/uploads\/2021\/06\/casa_grava11-150x150.jpg\" class=\"attachment-thumbnail size-thumbnail\" alt=\"Casa Grava \/ Estudio PKa\" aria-describedby=\"gallery-1-65993\" \/><\/a>\n\t\t\t<\/div>\n\t\t\t\t<figcaption class='wp-caption-text gallery-caption' id='gallery-1-65993'>\n\t\t\t\tCasa Grava \/ Estudio PKa (\u00a9 Alejandro Peral)\n\t\t\t\t<\/figcaption><\/figure><figure class='gallery-item'>\n\t\t\t<div class='gallery-icon landscape'>\n\t\t\t\t<a href='https:\/\/www.arquimaster.com.ar\/web\/wp-content\/uploads\/2021\/06\/casa_grava12.jpg' title=\"Casa Grava \/ Estudio PKa (\u00a9 Alejandro Peral)\" data-rl_title=\"Casa Grava \/ Estudio PKa (\u00a9 Alejandro Peral)\" class=\"rl-gallery-link\" data-rl_caption=\"Casa Grava \/ Estudio PKa (\u00a9 Alejandro Peral)\" data-rel=\"lightbox-gallery-1\"><img loading=\"lazy\" decoding=\"async\" width=\"150\" height=\"150\" src=\"https:\/\/www.arquimaster.com.ar\/web\/wp-content\/uploads\/2021\/06\/casa_grava12-150x150.jpg\" class=\"attachment-thumbnail size-thumbnail\" alt=\"Casa Grava \/ Estudio PKa\" aria-describedby=\"gallery-1-65994\" \/><\/a>\n\t\t\t<\/div>\n\t\t\t\t<figcaption class='wp-caption-text gallery-caption' id='gallery-1-65994'>\n\t\t\t\tCasa Grava \/ Estudio PKa (\u00a9 Alejandro Peral)\n\t\t\t\t<\/figcaption><\/figure><figure class='gallery-item'>\n\t\t\t<div class='gallery-icon portrait'>\n\t\t\t\t<a href='https:\/\/www.arquimaster.com.ar\/web\/wp-content\/uploads\/2021\/06\/casa_grava13.jpg' title=\"Casa Grava \/ Estudio PKa (\u00a9 Alejandro Peral)\" data-rl_title=\"Casa Grava \/ Estudio PKa (\u00a9 Alejandro Peral)\" class=\"rl-gallery-link\" data-rl_caption=\"Casa Grava \/ Estudio PKa (\u00a9 Alejandro Peral)\" data-rel=\"lightbox-gallery-1\"><img loading=\"lazy\" decoding=\"async\" width=\"150\" height=\"150\" src=\"https:\/\/www.arquimaster.com.ar\/web\/wp-content\/uploads\/2021\/06\/casa_grava13-150x150.jpg\" class=\"attachment-thumbnail size-thumbnail\" alt=\"Casa Grava \/ Estudio PKa\" aria-describedby=\"gallery-1-65995\" \/><\/a>\n\t\t\t<\/div>\n\t\t\t\t<figcaption class='wp-caption-text gallery-caption' id='gallery-1-65995'>\n\t\t\t\tCasa Grava \/ Estudio PKa (\u00a9 Alejandro Peral)\n\t\t\t\t<\/figcaption><\/figure><figure class='gallery-item'>\n\t\t\t<div class='gallery-icon portrait'>\n\t\t\t\t<a href='https:\/\/www.arquimaster.com.ar\/web\/wp-content\/uploads\/2021\/06\/casa_grava14.jpg' title=\"Casa Grava \/ Estudio PKa (\u00a9 Alejandro Peral)\" data-rl_title=\"Casa Grava \/ Estudio PKa (\u00a9 Alejandro Peral)\" class=\"rl-gallery-link\" data-rl_caption=\"Casa Grava \/ Estudio PKa (\u00a9 Alejandro Peral)\" data-rel=\"lightbox-gallery-1\"><img loading=\"lazy\" decoding=\"async\" width=\"150\" height=\"150\" src=\"https:\/\/www.arquimaster.com.ar\/web\/wp-content\/uploads\/2021\/06\/casa_grava14-150x150.jpg\" class=\"attachment-thumbnail size-thumbnail\" alt=\"Casa Grava \/ Estudio PKa\" aria-describedby=\"gallery-1-65996\" \/><\/a>\n\t\t\t<\/div>\n\t\t\t\t<figcaption class='wp-caption-text gallery-caption' id='gallery-1-65996'>\n\t\t\t\tCasa Grava \/ Estudio PKa (\u00a9 Alejandro Peral)\n\t\t\t\t<\/figcaption><\/figure><figure class='gallery-item'>\n\t\t\t<div class='gallery-icon portrait'>\n\t\t\t\t<a href='https:\/\/www.arquimaster.com.ar\/web\/wp-content\/uploads\/2021\/06\/casa_grava15.jpg' title=\"Casa Grava \/ Estudio PKa (\u00a9 Alejandro Peral)\" data-rl_title=\"Casa Grava \/ Estudio PKa (\u00a9 Alejandro Peral)\" class=\"rl-gallery-link\" data-rl_caption=\"Casa Grava \/ Estudio PKa (\u00a9 Alejandro Peral)\" data-rel=\"lightbox-gallery-1\"><img loading=\"lazy\" decoding=\"async\" width=\"150\" height=\"150\" src=\"https:\/\/www.arquimaster.com.ar\/web\/wp-content\/uploads\/2021\/06\/casa_grava15-150x150.jpg\" class=\"attachment-thumbnail size-thumbnail\" alt=\"Casa Grava \/ Estudio PKa\" aria-describedby=\"gallery-1-65997\" \/><\/a>\n\t\t\t<\/div>\n\t\t\t\t<figcaption class='wp-caption-text gallery-caption' id='gallery-1-65997'>\n\t\t\t\tCasa Grava \/ Estudio PKa (\u00a9 Alejandro Peral)\n\t\t\t\t<\/figcaption><\/figure><figure class='gallery-item'>\n\t\t\t<div class='gallery-icon portrait'>\n\t\t\t\t<a href='https:\/\/www.arquimaster.com.ar\/web\/wp-content\/uploads\/2021\/06\/casa_grava16.jpg' title=\"Casa Grava \/ Estudio PKa (\u00a9 Alejandro Peral)\" data-rl_title=\"Casa Grava \/ Estudio PKa (\u00a9 Alejandro Peral)\" class=\"rl-gallery-link\" data-rl_caption=\"Casa Grava \/ Estudio PKa (\u00a9 Alejandro Peral)\" data-rel=\"lightbox-gallery-1\"><img loading=\"lazy\" decoding=\"async\" width=\"150\" height=\"150\" src=\"https:\/\/www.arquimaster.com.ar\/web\/wp-content\/uploads\/2021\/06\/casa_grava16-150x150.jpg\" class=\"attachment-thumbnail size-thumbnail\" alt=\"Casa Grava \/ Estudio PKa\" aria-describedby=\"gallery-1-65998\" \/><\/a>\n\t\t\t<\/div>\n\t\t\t\t<figcaption class='wp-caption-text gallery-caption' id='gallery-1-65998'>\n\t\t\t\tCasa Grava \/ Estudio PKa (\u00a9 Alejandro Peral)\n\t\t\t\t<\/figcaption><\/figure><figure class='gallery-item'>\n\t\t\t<div class='gallery-icon portrait'>\n\t\t\t\t<a href='https:\/\/www.arquimaster.com.ar\/web\/wp-content\/uploads\/2021\/06\/casa_grava17.jpg' title=\"Casa Grava \/ Estudio PKa (\u00a9 Alejandro Peral)\" data-rl_title=\"Casa Grava \/ Estudio PKa (\u00a9 Alejandro Peral)\" class=\"rl-gallery-link\" data-rl_caption=\"Casa Grava \/ Estudio PKa (\u00a9 Alejandro Peral)\" data-rel=\"lightbox-gallery-1\"><img loading=\"lazy\" decoding=\"async\" width=\"150\" height=\"150\" src=\"https:\/\/www.arquimaster.com.ar\/web\/wp-content\/uploads\/2021\/06\/casa_grava17-150x150.jpg\" class=\"attachment-thumbnail size-thumbnail\" alt=\"Casa Grava \/ Estudio PKa\" aria-describedby=\"gallery-1-65999\" \/><\/a>\n\t\t\t<\/div>\n\t\t\t\t<figcaption class='wp-caption-text gallery-caption' id='gallery-1-65999'>\n\t\t\t\tCasa Grava \/ Estudio PKa (\u00a9 Alejandro Peral)\n\t\t\t\t<\/figcaption><\/figure><figure class='gallery-item'>\n\t\t\t<div class='gallery-icon landscape'>\n\t\t\t\t<a href='https:\/\/www.arquimaster.com.ar\/web\/wp-content\/uploads\/2021\/06\/casa_grava18.jpg' title=\"Casa Grava \/ Estudio PKa (\u00a9 Alejandro Peral)\" data-rl_title=\"Casa Grava \/ Estudio PKa (\u00a9 Alejandro Peral)\" class=\"rl-gallery-link\" data-rl_caption=\"Casa Grava \/ Estudio PKa (\u00a9 Alejandro Peral)\" data-rel=\"lightbox-gallery-1\"><img loading=\"lazy\" decoding=\"async\" width=\"150\" height=\"150\" src=\"https:\/\/www.arquimaster.com.ar\/web\/wp-content\/uploads\/2021\/06\/casa_grava18-150x150.jpg\" class=\"attachment-thumbnail size-thumbnail\" alt=\"Casa Grava \/ Estudio PKa\" aria-describedby=\"gallery-1-66000\" \/><\/a>\n\t\t\t<\/div>\n\t\t\t\t<figcaption class='wp-caption-text gallery-caption' id='gallery-1-66000'>\n\t\t\t\tCasa Grava \/ Estudio PKa (\u00a9 Alejandro Peral)\n\t\t\t\t<\/figcaption><\/figure>\n\t\t<\/div>\n\n<p>Casa Grava fue proyectada como un macizo, con su impronta personal y tect\u00f3nico, hubo una b\u00fasqueda con respecto a la materialidad, la elecci\u00f3n de la piedra en su exterior tuvo que ver con una idea nost\u00e1lgica del cliente, esto genero un dise\u00f1o que parte de la idea del asentamiento de una piedra.<\/p>\n<p>Conceptualmente partimos de una base pesada, con la piedra como protag\u00f3nico que identifica al lugar, una planta alta m\u00e1s liviana y diferentes perforaciones que se generaron para captar la mejor orientaci\u00f3n.<\/p>\n<p>La casa se desarrolla en dos plantas, la planta baja percibida como un gran volumen con caladuras las cuales generan patios internos y un patio de acceso, todos estos vac\u00edos est\u00e1n proyectados para que capten la mejor luz y generen diferentes situaciones enriquecedoras para los usuarios.<\/p>\n<div id='gallery-2' class='gallery galleryid-65982 gallery-columns-3 gallery-size-thumbnail'><figure class='gallery-item'>\n\t\t\t<div class='gallery-icon portrait'>\n\t\t\t\t<a href='https:\/\/www.arquimaster.com.ar\/web\/wp-content\/uploads\/2021\/06\/casa_grava19.jpg' title=\"Casa Grava \/ Estudio PKa (\u00a9 Alejandro Peral)\" data-rl_title=\"Casa Grava \/ Estudio PKa (\u00a9 Alejandro Peral)\" class=\"rl-gallery-link\" data-rl_caption=\"Casa Grava \/ Estudio PKa (\u00a9 Alejandro Peral)\" data-rel=\"lightbox-gallery-2\"><img loading=\"lazy\" decoding=\"async\" width=\"150\" height=\"150\" src=\"https:\/\/www.arquimaster.com.ar\/web\/wp-content\/uploads\/2021\/06\/casa_grava19-150x150.jpg\" class=\"attachment-thumbnail size-thumbnail\" alt=\"Casa Grava \/ Estudio PKa\" aria-describedby=\"gallery-2-66001\" \/><\/a>\n\t\t\t<\/div>\n\t\t\t\t<figcaption class='wp-caption-text gallery-caption' id='gallery-2-66001'>\n\t\t\t\tCasa Grava \/ Estudio PKa (\u00a9 Alejandro Peral)\n\t\t\t\t<\/figcaption><\/figure><figure class='gallery-item'>\n\t\t\t<div class='gallery-icon landscape'>\n\t\t\t\t<a href='https:\/\/www.arquimaster.com.ar\/web\/wp-content\/uploads\/2021\/06\/casa_grava20.jpg' title=\"Casa Grava \/ Estudio PKa (\u00a9 Alejandro Peral)\" data-rl_title=\"Casa Grava \/ Estudio PKa (\u00a9 Alejandro Peral)\" class=\"rl-gallery-link\" data-rl_caption=\"Casa Grava \/ Estudio PKa (\u00a9 Alejandro Peral)\" data-rel=\"lightbox-gallery-2\"><img loading=\"lazy\" decoding=\"async\" width=\"150\" height=\"150\" src=\"https:\/\/www.arquimaster.com.ar\/web\/wp-content\/uploads\/2021\/06\/casa_grava20-150x150.jpg\" class=\"attachment-thumbnail size-thumbnail\" alt=\"Casa Grava \/ Estudio PKa\" aria-describedby=\"gallery-2-66002\" \/><\/a>\n\t\t\t<\/div>\n\t\t\t\t<figcaption class='wp-caption-text gallery-caption' id='gallery-2-66002'>\n\t\t\t\tCasa Grava \/ Estudio PKa (\u00a9 Alejandro Peral)\n\t\t\t\t<\/figcaption><\/figure><figure class='gallery-item'>\n\t\t\t<div class='gallery-icon landscape'>\n\t\t\t\t<a href='https:\/\/www.arquimaster.com.ar\/web\/wp-content\/uploads\/2021\/06\/casa_grava21.jpg' title=\"Casa Grava \/ Estudio PKa (\u00a9 Alejandro Peral)\" data-rl_title=\"Casa Grava \/ Estudio PKa (\u00a9 Alejandro Peral)\" class=\"rl-gallery-link\" data-rl_caption=\"Casa Grava \/ Estudio PKa (\u00a9 Alejandro Peral)\" data-rel=\"lightbox-gallery-2\"><img loading=\"lazy\" decoding=\"async\" width=\"150\" height=\"150\" src=\"https:\/\/www.arquimaster.com.ar\/web\/wp-content\/uploads\/2021\/06\/casa_grava21-150x150.jpg\" class=\"attachment-thumbnail size-thumbnail\" alt=\"Casa Grava \/ Estudio PKa\" aria-describedby=\"gallery-2-66003\" \/><\/a>\n\t\t\t<\/div>\n\t\t\t\t<figcaption class='wp-caption-text gallery-caption' id='gallery-2-66003'>\n\t\t\t\tCasa Grava \/ Estudio PKa (\u00a9 Alejandro Peral)\n\t\t\t\t<\/figcaption><\/figure><figure class='gallery-item'>\n\t\t\t<div class='gallery-icon landscape'>\n\t\t\t\t<a href='https:\/\/www.arquimaster.com.ar\/web\/wp-content\/uploads\/2021\/06\/casa_grava22.jpg' title=\"Casa Grava \/ Estudio PKa (\u00a9 Alejandro Peral)\" data-rl_title=\"Casa Grava \/ Estudio PKa (\u00a9 Alejandro Peral)\" class=\"rl-gallery-link\" data-rl_caption=\"Casa Grava \/ Estudio PKa (\u00a9 Alejandro Peral)\" data-rel=\"lightbox-gallery-2\"><img loading=\"lazy\" decoding=\"async\" width=\"150\" height=\"150\" src=\"https:\/\/www.arquimaster.com.ar\/web\/wp-content\/uploads\/2021\/06\/casa_grava22-150x150.jpg\" class=\"attachment-thumbnail size-thumbnail\" alt=\"Casa Grava \/ Estudio PKa\" aria-describedby=\"gallery-2-66004\" \/><\/a>\n\t\t\t<\/div>\n\t\t\t\t<figcaption class='wp-caption-text gallery-caption' id='gallery-2-66004'>\n\t\t\t\tCasa Grava \/ Estudio PKa (\u00a9 Alejandro Peral)\n\t\t\t\t<\/figcaption><\/figure><figure class='gallery-item'>\n\t\t\t<div class='gallery-icon landscape'>\n\t\t\t\t<a href='https:\/\/www.arquimaster.com.ar\/web\/wp-content\/uploads\/2021\/06\/casa_grava23.jpg' title=\"Casa Grava \/ Estudio PKa (\u00a9 Alejandro Peral)\" data-rl_title=\"Casa Grava \/ Estudio PKa (\u00a9 Alejandro Peral)\" class=\"rl-gallery-link\" data-rl_caption=\"Casa Grava \/ Estudio PKa (\u00a9 Alejandro Peral)\" data-rel=\"lightbox-gallery-2\"><img loading=\"lazy\" decoding=\"async\" width=\"150\" height=\"150\" src=\"https:\/\/www.arquimaster.com.ar\/web\/wp-content\/uploads\/2021\/06\/casa_grava23-150x150.jpg\" class=\"attachment-thumbnail size-thumbnail\" alt=\"Casa Grava \/ Estudio PKa\" aria-describedby=\"gallery-2-66005\" \/><\/a>\n\t\t\t<\/div>\n\t\t\t\t<figcaption class='wp-caption-text gallery-caption' id='gallery-2-66005'>\n\t\t\t\tCasa Grava \/ Estudio PKa (\u00a9 Alejandro Peral)\n\t\t\t\t<\/figcaption><\/figure><figure class='gallery-item'>\n\t\t\t<div class='gallery-icon landscape'>\n\t\t\t\t<a href='https:\/\/www.arquimaster.com.ar\/web\/wp-content\/uploads\/2021\/06\/casa_grava24.jpg' title=\"Casa Grava \/ Estudio PKa (\u00a9 Alejandro Peral)\" data-rl_title=\"Casa Grava \/ Estudio PKa (\u00a9 Alejandro Peral)\" class=\"rl-gallery-link\" data-rl_caption=\"Casa Grava \/ Estudio PKa (\u00a9 Alejandro Peral)\" data-rel=\"lightbox-gallery-2\"><img loading=\"lazy\" decoding=\"async\" width=\"150\" height=\"150\" src=\"https:\/\/www.arquimaster.com.ar\/web\/wp-content\/uploads\/2021\/06\/casa_grava24-150x150.jpg\" class=\"attachment-thumbnail size-thumbnail\" alt=\"Casa Grava \/ Estudio PKa\" aria-describedby=\"gallery-2-66006\" \/><\/a>\n\t\t\t<\/div>\n\t\t\t\t<figcaption class='wp-caption-text gallery-caption' id='gallery-2-66006'>\n\t\t\t\tCasa Grava \/ Estudio PKa (\u00a9 Alejandro Peral)\n\t\t\t\t<\/figcaption><\/figure><figure class='gallery-item'>\n\t\t\t<div class='gallery-icon portrait'>\n\t\t\t\t<a href='https:\/\/www.arquimaster.com.ar\/web\/wp-content\/uploads\/2021\/06\/casa_grava25.jpg' title=\"Casa Grava \/ Estudio PKa (\u00a9 Alejandro Peral)\" data-rl_title=\"Casa Grava \/ Estudio PKa (\u00a9 Alejandro Peral)\" class=\"rl-gallery-link\" data-rl_caption=\"Casa Grava \/ Estudio PKa (\u00a9 Alejandro Peral)\" data-rel=\"lightbox-gallery-2\"><img loading=\"lazy\" decoding=\"async\" width=\"150\" height=\"150\" src=\"https:\/\/www.arquimaster.com.ar\/web\/wp-content\/uploads\/2021\/06\/casa_grava25-150x150.jpg\" class=\"attachment-thumbnail size-thumbnail\" alt=\"Casa Grava \/ Estudio PKa\" aria-describedby=\"gallery-2-66007\" \/><\/a>\n\t\t\t<\/div>\n\t\t\t\t<figcaption class='wp-caption-text gallery-caption' id='gallery-2-66007'>\n\t\t\t\tCasa Grava \/ Estudio PKa (\u00a9 Alejandro Peral)\n\t\t\t\t<\/figcaption><\/figure><figure class='gallery-item'>\n\t\t\t<div class='gallery-icon landscape'>\n\t\t\t\t<a href='https:\/\/www.arquimaster.com.ar\/web\/wp-content\/uploads\/2021\/06\/casa_grava26.jpg' title=\"Casa Grava \/ Estudio PKa (\u00a9 Alejandro Peral)\" data-rl_title=\"Casa Grava \/ Estudio PKa (\u00a9 Alejandro Peral)\" class=\"rl-gallery-link\" data-rl_caption=\"Casa Grava \/ Estudio PKa (\u00a9 Alejandro Peral)\" data-rel=\"lightbox-gallery-2\"><img loading=\"lazy\" decoding=\"async\" width=\"150\" height=\"150\" src=\"https:\/\/www.arquimaster.com.ar\/web\/wp-content\/uploads\/2021\/06\/casa_grava26-150x150.jpg\" class=\"attachment-thumbnail size-thumbnail\" alt=\"Casa Grava \/ Estudio PKa\" aria-describedby=\"gallery-2-66008\" \/><\/a>\n\t\t\t<\/div>\n\t\t\t\t<figcaption class='wp-caption-text gallery-caption' id='gallery-2-66008'>\n\t\t\t\tCasa Grava \/ Estudio PKa (\u00a9 Alejandro Peral)\n\t\t\t\t<\/figcaption><\/figure><figure class='gallery-item'>\n\t\t\t<div class='gallery-icon landscape'>\n\t\t\t\t<a href='https:\/\/www.arquimaster.com.ar\/web\/wp-content\/uploads\/2021\/06\/casa_grava27.jpg' title=\"Casa Grava \/ Estudio PKa (\u00a9 Alejandro Peral)\" data-rl_title=\"Casa Grava \/ Estudio PKa (\u00a9 Alejandro Peral)\" class=\"rl-gallery-link\" data-rl_caption=\"Casa Grava \/ Estudio PKa (\u00a9 Alejandro Peral)\" data-rel=\"lightbox-gallery-2\"><img loading=\"lazy\" decoding=\"async\" width=\"150\" height=\"150\" src=\"https:\/\/www.arquimaster.com.ar\/web\/wp-content\/uploads\/2021\/06\/casa_grava27-150x150.jpg\" class=\"attachment-thumbnail size-thumbnail\" alt=\"Casa Grava \/ Estudio PKa\" aria-describedby=\"gallery-2-66020\" \/><\/a>\n\t\t\t<\/div>\n\t\t\t\t<figcaption class='wp-caption-text gallery-caption' id='gallery-2-66020'>\n\t\t\t\tCasa Grava \/ Estudio PKa (\u00a9 Alejandro Peral)\n\t\t\t\t<\/figcaption><\/figure><figure class='gallery-item'>\n\t\t\t<div class='gallery-icon landscape'>\n\t\t\t\t<a href='https:\/\/www.arquimaster.com.ar\/web\/wp-content\/uploads\/2021\/06\/casa_grava28.jpg' title=\"Casa Grava \/ Estudio PKa (\u00a9 Alejandro Peral)\" data-rl_title=\"Casa Grava \/ Estudio PKa (\u00a9 Alejandro Peral)\" class=\"rl-gallery-link\" data-rl_caption=\"Casa Grava \/ Estudio PKa (\u00a9 Alejandro Peral)\" data-rel=\"lightbox-gallery-2\"><img loading=\"lazy\" decoding=\"async\" width=\"150\" height=\"150\" src=\"https:\/\/www.arquimaster.com.ar\/web\/wp-content\/uploads\/2021\/06\/casa_grava28-150x150.jpg\" class=\"attachment-thumbnail size-thumbnail\" alt=\"Casa Grava \/ Estudio PKa\" aria-describedby=\"gallery-2-66009\" \/><\/a>\n\t\t\t<\/div>\n\t\t\t\t<figcaption class='wp-caption-text gallery-caption' id='gallery-2-66009'>\n\t\t\t\tCasa Grava \/ Estudio PKa (\u00a9 Alejandro Peral)\n\t\t\t\t<\/figcaption><\/figure><figure class='gallery-item'>\n\t\t\t<div class='gallery-icon portrait'>\n\t\t\t\t<a href='https:\/\/www.arquimaster.com.ar\/web\/wp-content\/uploads\/2021\/06\/casa_grava29.jpg' title=\"Casa Grava \/ Estudio PKa (\u00a9 Alejandro Peral)\" data-rl_title=\"Casa Grava \/ Estudio PKa (\u00a9 Alejandro Peral)\" class=\"rl-gallery-link\" data-rl_caption=\"Casa Grava \/ Estudio PKa (\u00a9 Alejandro Peral)\" data-rel=\"lightbox-gallery-2\"><img loading=\"lazy\" decoding=\"async\" width=\"150\" height=\"150\" src=\"https:\/\/www.arquimaster.com.ar\/web\/wp-content\/uploads\/2021\/06\/casa_grava29-150x150.jpg\" class=\"attachment-thumbnail size-thumbnail\" alt=\"Casa Grava \/ Estudio PKa\" aria-describedby=\"gallery-2-66010\" \/><\/a>\n\t\t\t<\/div>\n\t\t\t\t<figcaption class='wp-caption-text gallery-caption' id='gallery-2-66010'>\n\t\t\t\tCasa Grava \/ Estudio PKa (\u00a9 Alejandro Peral)\n\t\t\t\t<\/figcaption><\/figure><figure class='gallery-item'>\n\t\t\t<div class='gallery-icon landscape'>\n\t\t\t\t<a href='https:\/\/www.arquimaster.com.ar\/web\/wp-content\/uploads\/2021\/06\/casa_grava30.jpg' title=\"Casa Grava \/ Estudio PKa (\u00a9 Alejandro Peral)\" data-rl_title=\"Casa Grava \/ Estudio PKa (\u00a9 Alejandro Peral)\" class=\"rl-gallery-link\" data-rl_caption=\"Casa Grava \/ Estudio PKa (\u00a9 Alejandro Peral)\" data-rel=\"lightbox-gallery-2\"><img loading=\"lazy\" decoding=\"async\" width=\"150\" height=\"150\" src=\"https:\/\/www.arquimaster.com.ar\/web\/wp-content\/uploads\/2021\/06\/casa_grava30-150x150.jpg\" class=\"attachment-thumbnail size-thumbnail\" alt=\"Casa Grava \/ Estudio PKa\" aria-describedby=\"gallery-2-66011\" \/><\/a>\n\t\t\t<\/div>\n\t\t\t\t<figcaption class='wp-caption-text gallery-caption' id='gallery-2-66011'>\n\t\t\t\tCasa Grava \/ Estudio PKa (\u00a9 Alejandro Peral)\n\t\t\t\t<\/figcaption><\/figure><figure class='gallery-item'>\n\t\t\t<div class='gallery-icon landscape'>\n\t\t\t\t<a href='https:\/\/www.arquimaster.com.ar\/web\/wp-content\/uploads\/2021\/06\/casa_grava31.jpg' title=\"Casa Grava \/ Estudio PKa (\u00a9 Alejandro Peral)\" data-rl_title=\"Casa Grava \/ Estudio PKa (\u00a9 Alejandro Peral)\" class=\"rl-gallery-link\" data-rl_caption=\"Casa Grava \/ Estudio PKa (\u00a9 Alejandro Peral)\" data-rel=\"lightbox-gallery-2\"><img loading=\"lazy\" decoding=\"async\" width=\"150\" height=\"150\" src=\"https:\/\/www.arquimaster.com.ar\/web\/wp-content\/uploads\/2021\/06\/casa_grava31-150x150.jpg\" class=\"attachment-thumbnail size-thumbnail\" alt=\"Casa Grava \/ Estudio PKa\" aria-describedby=\"gallery-2-66012\" \/><\/a>\n\t\t\t<\/div>\n\t\t\t\t<figcaption class='wp-caption-text gallery-caption' id='gallery-2-66012'>\n\t\t\t\tCasa Grava \/ Estudio PKa (\u00a9 Alejandro Peral)\n\t\t\t\t<\/figcaption><\/figure><figure class='gallery-item'>\n\t\t\t<div class='gallery-icon landscape'>\n\t\t\t\t<a href='https:\/\/www.arquimaster.com.ar\/web\/wp-content\/uploads\/2021\/06\/casa_grava32.jpg' title=\"Casa Grava \/ Estudio PKa (\u00a9 Alejandro Peral)\" data-rl_title=\"Casa Grava \/ Estudio PKa (\u00a9 Alejandro Peral)\" class=\"rl-gallery-link\" data-rl_caption=\"Casa Grava \/ Estudio PKa (\u00a9 Alejandro Peral)\" data-rel=\"lightbox-gallery-2\"><img loading=\"lazy\" decoding=\"async\" width=\"150\" height=\"150\" src=\"https:\/\/www.arquimaster.com.ar\/web\/wp-content\/uploads\/2021\/06\/casa_grava32-150x150.jpg\" class=\"attachment-thumbnail size-thumbnail\" alt=\"Casa Grava \/ Estudio PKa\" aria-describedby=\"gallery-2-66013\" \/><\/a>\n\t\t\t<\/div>\n\t\t\t\t<figcaption class='wp-caption-text gallery-caption' id='gallery-2-66013'>\n\t\t\t\tCasa Grava \/ Estudio PKa (\u00a9 Alejandro Peral)\n\t\t\t\t<\/figcaption><\/figure><figure class='gallery-item'>\n\t\t\t<div class='gallery-icon landscape'>\n\t\t\t\t<a href='https:\/\/www.arquimaster.com.ar\/web\/wp-content\/uploads\/2021\/06\/casa_grava33.jpg' title=\"Casa Grava \/ Estudio PKa (\u00a9 Alejandro Peral)\" data-rl_title=\"Casa Grava \/ Estudio PKa (\u00a9 Alejandro Peral)\" class=\"rl-gallery-link\" data-rl_caption=\"Casa Grava \/ Estudio PKa (\u00a9 Alejandro Peral)\" data-rel=\"lightbox-gallery-2\"><img loading=\"lazy\" decoding=\"async\" width=\"150\" height=\"150\" src=\"https:\/\/www.arquimaster.com.ar\/web\/wp-content\/uploads\/2021\/06\/casa_grava33-150x150.jpg\" class=\"attachment-thumbnail size-thumbnail\" alt=\"Casa Grava \/ Estudio PKa\" aria-describedby=\"gallery-2-66014\" \/><\/a>\n\t\t\t<\/div>\n\t\t\t\t<figcaption class='wp-caption-text gallery-caption' id='gallery-2-66014'>\n\t\t\t\tCasa Grava \/ Estudio PKa (\u00a9 Alejandro Peral)\n\t\t\t\t<\/figcaption><\/figure><figure class='gallery-item'>\n\t\t\t<div class='gallery-icon portrait'>\n\t\t\t\t<a href='https:\/\/www.arquimaster.com.ar\/web\/wp-content\/uploads\/2021\/06\/casa_grava34.jpg' title=\"Casa Grava \/ Estudio PKa (\u00a9 Alejandro Peral)\" data-rl_title=\"Casa Grava \/ Estudio PKa (\u00a9 Alejandro Peral)\" class=\"rl-gallery-link\" data-rl_caption=\"Casa Grava \/ Estudio PKa (\u00a9 Alejandro Peral)\" data-rel=\"lightbox-gallery-2\"><img loading=\"lazy\" decoding=\"async\" width=\"150\" height=\"150\" src=\"https:\/\/www.arquimaster.com.ar\/web\/wp-content\/uploads\/2021\/06\/casa_grava34-150x150.jpg\" class=\"attachment-thumbnail size-thumbnail\" alt=\"Casa Grava \/ Estudio PKa\" aria-describedby=\"gallery-2-66015\" \/><\/a>\n\t\t\t<\/div>\n\t\t\t\t<figcaption class='wp-caption-text gallery-caption' id='gallery-2-66015'>\n\t\t\t\tCasa Grava \/ Estudio PKa (\u00a9 Alejandro Peral)\n\t\t\t\t<\/figcaption><\/figure><figure class='gallery-item'>\n\t\t\t<div class='gallery-icon landscape'>\n\t\t\t\t<a href='https:\/\/www.arquimaster.com.ar\/web\/wp-content\/uploads\/2021\/06\/casa_grava35.jpg' title=\"Casa Grava \/ Estudio PKa (\u00a9 Alejandro Peral)\" data-rl_title=\"Casa Grava \/ Estudio PKa (\u00a9 Alejandro Peral)\" class=\"rl-gallery-link\" data-rl_caption=\"Casa Grava \/ Estudio PKa (\u00a9 Alejandro Peral)\" data-rel=\"lightbox-gallery-2\"><img loading=\"lazy\" decoding=\"async\" width=\"150\" height=\"150\" src=\"https:\/\/www.arquimaster.com.ar\/web\/wp-content\/uploads\/2021\/06\/casa_grava35-150x150.jpg\" class=\"attachment-thumbnail size-thumbnail\" alt=\"Casa Grava \/ Estudio PKa\" aria-describedby=\"gallery-2-66016\" \/><\/a>\n\t\t\t<\/div>\n\t\t\t\t<figcaption class='wp-caption-text gallery-caption' id='gallery-2-66016'>\n\t\t\t\tCasa Grava \/ Estudio PKa (\u00a9 Alejandro Peral)\n\t\t\t\t<\/figcaption><\/figure><figure class='gallery-item'>\n\t\t\t<div class='gallery-icon landscape'>\n\t\t\t\t<a href='https:\/\/www.arquimaster.com.ar\/web\/wp-content\/uploads\/2021\/06\/casa_grava36.jpg' title=\"Casa Grava \/ Estudio PKa (\u00a9 Alejandro Peral)\" data-rl_title=\"Casa Grava \/ Estudio PKa (\u00a9 Alejandro Peral)\" class=\"rl-gallery-link\" data-rl_caption=\"Casa Grava \/ Estudio PKa (\u00a9 Alejandro Peral)\" data-rel=\"lightbox-gallery-2\"><img loading=\"lazy\" decoding=\"async\" width=\"150\" height=\"150\" src=\"https:\/\/www.arquimaster.com.ar\/web\/wp-content\/uploads\/2021\/06\/casa_grava36-150x150.jpg\" class=\"attachment-thumbnail size-thumbnail\" alt=\"Casa Grava \/ Estudio PKa\" aria-describedby=\"gallery-2-66017\" \/><\/a>\n\t\t\t<\/div>\n\t\t\t\t<figcaption class='wp-caption-text gallery-caption' id='gallery-2-66017'>\n\t\t\t\tCasa Grava \/ Estudio PKa (\u00a9 Alejandro Peral)\n\t\t\t\t<\/figcaption><\/figure><figure class='gallery-item'>\n\t\t\t<div class='gallery-icon portrait'>\n\t\t\t\t<a href='https:\/\/www.arquimaster.com.ar\/web\/wp-content\/uploads\/2021\/06\/casa_grava37.jpg' title=\"Casa Grava \/ Estudio PKa (proyectistas)\" data-rl_title=\"Casa Grava \/ Estudio PKa (proyectistas)\" class=\"rl-gallery-link\" data-rl_caption=\"Casa Grava \/ Estudio PKa (proyectistas)\" data-rel=\"lightbox-gallery-2\"><img loading=\"lazy\" decoding=\"async\" width=\"150\" height=\"150\" src=\"https:\/\/www.arquimaster.com.ar\/web\/wp-content\/uploads\/2021\/06\/casa_grava37-150x150.jpg\" class=\"attachment-thumbnail size-thumbnail\" alt=\"Casa Grava \/ Estudio PKa\" aria-describedby=\"gallery-2-66018\" \/><\/a>\n\t\t\t<\/div>\n\t\t\t\t<figcaption class='wp-caption-text gallery-caption' id='gallery-2-66018'>\n\t\t\t\tCasa Grava \/ Estudio PKa (proyectistas)\n\t\t\t\t<\/figcaption><\/figure>\n\t\t<\/div>\n\n<p>Casa grava utiliza una dualidad entre el contraste de la materialidad interior y el exterior. La planta baja se percibe como un macizo, la piedra logra potenciar esta idea pero sus interiores se proyectaron livianos, permeables con un cielorraso suspendido color blanco que ayuda a reforzar esta dualidad, en planta alta una losa de hormig\u00f3n contrasta en el interior.<\/p>\n<p>El recorrido de la vivienda es una de las cuestiones m\u00e1s importantes, predominando la simpleza de la circulaci\u00f3n. Desde el acceso se plantea un recorrido ininterrumpido, es una casa muy fluida, herm\u00e9tica hacia la calle pero una vez que uno ingresa esa hermeticidad desaparece. Este recorrido vive el paisaje mediante los aventanamientos, al ser ininterrumpido logra esa conexi\u00f3n con la naturaleza generando un juego de luces y sombras a lo largo del d\u00eda, a su vez tienen proyecci\u00f3n hacia el agua que era uno de los focos m\u00e1s importantes a captar.<\/p>\n<p>Se busc\u00f3 la apertura y la relaci\u00f3n con el entorno. Uno de los desaf\u00edos que enfrentamos a la hora de proyectar fue de qu\u00e9 manera pod\u00eda ingresar el exterior al interior de la vivienda. Gracias a la cercan\u00eda con el Delta, era muy importante que ese exterior estuviera dentro de la casa, con lo cual se generaron varios vac\u00edos para permiten el ingreso de la vegetaci\u00f3n incluso debajo de la escalera, resaltando la sensaci\u00f3n de fluidez entre el interior y exterior. Con lo cual, a medida que uno va ingresando en la casa y la va recorriendo hay diferentes instancias y espacios verdes, incluso en la planta alta se gener\u00f3 una terraza a continuaci\u00f3n de todos los cuartos para seguir en contacto estrecho con todo lo que es la fluidez de la vegetaci\u00f3n.<\/p>\n<p><strong>Ficha t\u00e9cnica<\/strong><br \/>\nNombre: Casa Grava<br \/>\nUbicaci\u00f3n: Barrio Viraz\u00f3n, Tigre, Pcia. de Buenos Aires, Argentina<br \/>\nOficina de Arquitectura: Estudio PKa<br \/>\nArquitectos a cargo: Arq. Ignacio Pessagno, Arq. Lilian Kandus<br \/>\nEquipo de proyecto: Arq. Lilian Kandus, Arq. Ignacio Pessagno, Arq. Lucila L\u00f3pez, Arq. Denise Andreoli, Arq. Bel\u00e9n Luna Crook, Arq. Milagros Caride, Arq. Belen lopez Astrada, Arq. Vanesa Rol\u00f3n, Denise Bardelli, Melany D&#8217;angelo, Sofia Vier Abinet<br \/>\nEquipo de Obra: Arq. Pablo Martinelli, Arq. Javier Orts<br \/>\nC\u00e1lculo estructural: Ing. Jos\u00e9 Luis Pisani<br \/>\nSuperficie construida: 417 m2<br \/>\nA\u00f1o t\u00e9rmino construcci\u00f3n: 2020-2021<br \/>\nFot\u00f3grafo: <a href=\"https:\/\/www.instagram.com\/alejandroperalphotography\/\" target=\"_blank\" rel=\"noopener\">Alejandro Peral<\/a><\/p>\n<p><strong>Contacto<\/strong><br \/>\n<a href=\"https:\/\/www.estudiopka.com.ar\" target=\"_blank\" rel=\"noopener\">https:\/\/www.estudiopka.com.ar<\/a><br \/>\nInstagram: @estudiopka<\/p>\n\n<div style=\"font-size: 0px; height: 0px; line-height: 0px; margin: 0; padding: 0; clear: both;\"><\/div><div style=\"margin-top: 0px; margin-bottom: 0px;\" class=\"sharethis-inline-share-buttons\" ><\/div>","protected":false},"excerpt":{"rendered":"<p>La impronta de la casa parti\u00f3 de generar una geometr\u00eda pura y limpia que realza el entorno&#8230;<\/p>\n","protected":false},"author":1,"featured_media":65983,"comment_status":"closed","ping_status":"closed","sticky":false,"template":"","format":"standard","meta":{"_uag_custom_page_level_css":"","footnotes":""},"categories":[1,83],"tags":[16,847,3321,984,945,254],"class_list":["post-65982","post","type-post","status-publish","format-standard","has-post-thumbnail","hentry","category-proyecto","category-vivienda-unifamiliar","tag-buenos-aires","tag-casa-en-barrio-cerrado","tag-estudio-pka","tag-nordelta","tag-tigre","tag-vivienda-unifamiliar-2","generate-columns","tablet-grid-50","mobile-grid-100","grid-parent","grid-50"],"yoast_head":"<!-- This site is optimized with the Yoast SEO plugin v27.3 - https:\/\/yoast.com\/product\/yoast-seo-wordpress\/ -->\n<title>Casa Grava \/ Estudio PKa - Arquimaster<\/title>\n<meta name=\"description\" content=\"La impronta de la casa parti\u00f3 de generar una geometr\u00eda pura y limpia que realza la naturaleza del entorno y respeta la privacidad de la propuesta.\" \/>\n<meta name=\"robots\" content=\"index, follow, max-snippet:-1, max-image-preview:large, max-video-preview:-1\" \/>\n<link rel=\"canonical\" href=\"https:\/\/www.arquimaster.com.ar\/web\/casa-grava-estudio-pka\/\" \/>\n<meta property=\"og:locale\" content=\"es_ES\" \/>\n<meta property=\"og:type\" content=\"article\" \/>\n<meta property=\"og:title\" content=\"Casa Grava \/ Estudio PKa\" \/>\n<meta property=\"og:description\" content=\"La impronta de la casa parti\u00f3 de generar una geometr\u00eda pura y limpia que realza la naturaleza del entorno y respeta la privacidad de la propuesta.\" \/>\n<meta property=\"og:url\" content=\"https:\/\/www.arquimaster.com.ar\/web\/casa-grava-estudio-pka\/\" \/>\n<meta property=\"og:site_name\" content=\"Arquimaster\" \/>\n<meta property=\"article:publisher\" content=\"http:\/\/www.facebook.com\/ARQUIMASTER.com.ar\" \/>\n<meta property=\"article:published_time\" content=\"2021-06-24T23:07:16+00:00\" \/>\n<meta property=\"article:modified_time\" content=\"2021-12-29T21:01:41+00:00\" \/>\n<meta property=\"og:image\" content=\"https:\/\/www.arquimaster.com.ar\/web\/wp-content\/uploads\/2021\/06\/casa_grava_slide.jpg\" \/>\n\t<meta property=\"og:image:width\" content=\"698\" \/>\n\t<meta property=\"og:image:height\" content=\"364\" \/>\n\t<meta property=\"og:image:type\" content=\"image\/jpeg\" \/>\n<meta name=\"author\" content=\"Arquimaster\" \/>\n<meta name=\"twitter:card\" content=\"summary_large_image\" \/>\n<meta name=\"twitter:title\" content=\"Casa Grava \/ Estudio PKa\" \/>\n<meta name=\"twitter:description\" content=\"La impronta de la casa parti\u00f3 de generar una geometr\u00eda pura y limpia que realza la naturaleza del entorno y respeta la privacidad de la propuesta.\" \/>\n<meta name=\"twitter:image\" content=\"https:\/\/www.arquimaster.com.ar\/web\/wp-content\/uploads\/2021\/06\/casa_grava_slide.jpg\" \/>\n<meta name=\"twitter:creator\" content=\"@arquimaster\" \/>\n<meta name=\"twitter:site\" content=\"@arquimaster\" \/>\n<meta name=\"twitter:label1\" content=\"Escrito por\" \/>\n\t<meta name=\"twitter:data1\" content=\"Arquimaster\" \/>\n\t<meta name=\"twitter:label2\" content=\"Tiempo de lectura\" \/>\n\t<meta name=\"twitter:data2\" content=\"3 minutos\" \/>\n<script type=\"application\/ld+json\" class=\"yoast-schema-graph\">{\"@context\":\"https:\\\/\\\/schema.org\",\"@graph\":[{\"@type\":\"Article\",\"@id\":\"https:\\\/\\\/www.arquimaster.com.ar\\\/web\\\/casa-grava-estudio-pka\\\/#article\",\"isPartOf\":{\"@id\":\"https:\\\/\\\/www.arquimaster.com.ar\\\/web\\\/casa-grava-estudio-pka\\\/\"},\"author\":{\"name\":\"Arquimaster\",\"@id\":\"https:\\\/\\\/www.arquimaster.com.ar\\\/web\\\/#\\\/schema\\\/person\\\/359e9f7c00193fcde068e0dd2ceb0028\"},\"headline\":\"Casa Grava \\\/ Estudio PKa\",\"datePublished\":\"2021-06-24T23:07:16+00:00\",\"dateModified\":\"2021-12-29T21:01:41+00:00\",\"mainEntityOfPage\":{\"@id\":\"https:\\\/\\\/www.arquimaster.com.ar\\\/web\\\/casa-grava-estudio-pka\\\/\"},\"wordCount\":621,\"publisher\":{\"@id\":\"https:\\\/\\\/www.arquimaster.com.ar\\\/web\\\/#organization\"},\"image\":{\"@id\":\"https:\\\/\\\/www.arquimaster.com.ar\\\/web\\\/casa-grava-estudio-pka\\\/#primaryimage\"},\"thumbnailUrl\":\"https:\\\/\\\/www.arquimaster.com.ar\\\/web\\\/wp-content\\\/uploads\\\/2021\\\/06\\\/casa_grava_slide.jpg\",\"keywords\":[\"Buenos Aires\",\"casa en barrio cerrado\",\"Estudio Pka\",\"Nordelta\",\"Tigre\",\"vivienda unifamiliar\"],\"articleSection\":[\"Proyecto\",\"Vivienda unifamiliar y PH\"],\"inLanguage\":\"es\"},{\"@type\":\"WebPage\",\"@id\":\"https:\\\/\\\/www.arquimaster.com.ar\\\/web\\\/casa-grava-estudio-pka\\\/\",\"url\":\"https:\\\/\\\/www.arquimaster.com.ar\\\/web\\\/casa-grava-estudio-pka\\\/\",\"name\":\"Casa Grava \\\/ Estudio PKa - Arquimaster\",\"isPartOf\":{\"@id\":\"https:\\\/\\\/www.arquimaster.com.ar\\\/web\\\/#website\"},\"primaryImageOfPage\":{\"@id\":\"https:\\\/\\\/www.arquimaster.com.ar\\\/web\\\/casa-grava-estudio-pka\\\/#primaryimage\"},\"image\":{\"@id\":\"https:\\\/\\\/www.arquimaster.com.ar\\\/web\\\/casa-grava-estudio-pka\\\/#primaryimage\"},\"thumbnailUrl\":\"https:\\\/\\\/www.arquimaster.com.ar\\\/web\\\/wp-content\\\/uploads\\\/2021\\\/06\\\/casa_grava_slide.jpg\",\"datePublished\":\"2021-06-24T23:07:16+00:00\",\"dateModified\":\"2021-12-29T21:01:41+00:00\",\"description\":\"La impronta de la casa parti\u00f3 de generar una geometr\u00eda pura y limpia que realza la naturaleza del entorno y respeta la privacidad de la propuesta.\",\"breadcrumb\":{\"@id\":\"https:\\\/\\\/www.arquimaster.com.ar\\\/web\\\/casa-grava-estudio-pka\\\/#breadcrumb\"},\"inLanguage\":\"es\",\"potentialAction\":[{\"@type\":\"ReadAction\",\"target\":[\"https:\\\/\\\/www.arquimaster.com.ar\\\/web\\\/casa-grava-estudio-pka\\\/\"]}]},{\"@type\":\"ImageObject\",\"inLanguage\":\"es\",\"@id\":\"https:\\\/\\\/www.arquimaster.com.ar\\\/web\\\/casa-grava-estudio-pka\\\/#primaryimage\",\"url\":\"https:\\\/\\\/www.arquimaster.com.ar\\\/web\\\/wp-content\\\/uploads\\\/2021\\\/06\\\/casa_grava_slide.jpg\",\"contentUrl\":\"https:\\\/\\\/www.arquimaster.com.ar\\\/web\\\/wp-content\\\/uploads\\\/2021\\\/06\\\/casa_grava_slide.jpg\",\"width\":698,\"height\":364,\"caption\":\"Casa Grava \\\/ Estudio PKa\"},{\"@type\":\"BreadcrumbList\",\"@id\":\"https:\\\/\\\/www.arquimaster.com.ar\\\/web\\\/casa-grava-estudio-pka\\\/#breadcrumb\",\"itemListElement\":[{\"@type\":\"ListItem\",\"position\":1,\"name\":\"Portada\",\"item\":\"https:\\\/\\\/www.arquimaster.com.ar\\\/web\\\/\"},{\"@type\":\"ListItem\",\"position\":2,\"name\":\"Casa Grava \\\/ Estudio PKa\"}]},{\"@type\":\"WebSite\",\"@id\":\"https:\\\/\\\/www.arquimaster.com.ar\\\/web\\\/#website\",\"url\":\"https:\\\/\\\/www.arquimaster.com.ar\\\/web\\\/\",\"name\":\"Arquimaster\",\"description\":\"Web de arquitectura, dise\u00f1o y construccion\",\"publisher\":{\"@id\":\"https:\\\/\\\/www.arquimaster.com.ar\\\/web\\\/#organization\"},\"potentialAction\":[{\"@type\":\"SearchAction\",\"target\":{\"@type\":\"EntryPoint\",\"urlTemplate\":\"https:\\\/\\\/www.arquimaster.com.ar\\\/web\\\/?s={search_term_string}\"},\"query-input\":{\"@type\":\"PropertyValueSpecification\",\"valueRequired\":true,\"valueName\":\"search_term_string\"}}],\"inLanguage\":\"es\"},{\"@type\":\"Organization\",\"@id\":\"https:\\\/\\\/www.arquimaster.com.ar\\\/web\\\/#organization\",\"name\":\"Arquimaster\",\"url\":\"https:\\\/\\\/www.arquimaster.com.ar\\\/web\\\/\",\"logo\":{\"@type\":\"ImageObject\",\"inLanguage\":\"es\",\"@id\":\"https:\\\/\\\/www.arquimaster.com.ar\\\/web\\\/#\\\/schema\\\/logo\\\/image\\\/\",\"url\":\"https:\\\/\\\/www.arquimaster.com.ar\\\/web\\\/wp-content\\\/uploads\\\/2022\\\/06\\\/arquimaster.png\",\"contentUrl\":\"https:\\\/\\\/www.arquimaster.com.ar\\\/web\\\/wp-content\\\/uploads\\\/2022\\\/06\\\/arquimaster.png\",\"width\":594,\"height\":78,\"caption\":\"Arquimaster\"},\"image\":{\"@id\":\"https:\\\/\\\/www.arquimaster.com.ar\\\/web\\\/#\\\/schema\\\/logo\\\/image\\\/\"},\"sameAs\":[\"http:\\\/\\\/www.facebook.com\\\/ARQUIMASTER.com.ar\",\"https:\\\/\\\/x.com\\\/arquimaster\",\"https:\\\/\\\/www.instagram.com\\\/arquimasterblog\\\/\",\"https:\\\/\\\/www.linkedin.com\\\/company\\\/arquimaster\",\"https:\\\/\\\/www.pinterest.com\\\/arquimaster\",\"https:\\\/\\\/t.me\\\/arquimaster\"]},{\"@type\":\"Person\",\"@id\":\"https:\\\/\\\/www.arquimaster.com.ar\\\/web\\\/#\\\/schema\\\/person\\\/359e9f7c00193fcde068e0dd2ceb0028\",\"name\":\"Arquimaster\"}]}<\/script>\n<!-- \/ Yoast SEO plugin. -->","yoast_head_json":{"title":"Casa Grava \/ Estudio PKa - Arquimaster","description":"La impronta de la casa parti\u00f3 de generar una geometr\u00eda pura y limpia que realza la naturaleza del entorno y respeta la privacidad de la propuesta.","robots":{"index":"index","follow":"follow","max-snippet":"max-snippet:-1","max-image-preview":"max-image-preview:large","max-video-preview":"max-video-preview:-1"},"canonical":"https:\/\/www.arquimaster.com.ar\/web\/casa-grava-estudio-pka\/","og_locale":"es_ES","og_type":"article","og_title":"Casa Grava \/ Estudio PKa","og_description":"La impronta de la casa parti\u00f3 de generar una geometr\u00eda pura y limpia que realza la naturaleza del entorno y respeta la privacidad de la propuesta.","og_url":"https:\/\/www.arquimaster.com.ar\/web\/casa-grava-estudio-pka\/","og_site_name":"Arquimaster","article_publisher":"http:\/\/www.facebook.com\/ARQUIMASTER.com.ar","article_published_time":"2021-06-24T23:07:16+00:00","article_modified_time":"2021-12-29T21:01:41+00:00","og_image":[{"width":698,"height":364,"url":"https:\/\/www.arquimaster.com.ar\/web\/wp-content\/uploads\/2021\/06\/casa_grava_slide.jpg","type":"image\/jpeg"}],"author":"Arquimaster","twitter_card":"summary_large_image","twitter_title":"Casa Grava \/ Estudio PKa","twitter_description":"La impronta de la casa parti\u00f3 de generar una geometr\u00eda pura y limpia que realza la naturaleza del entorno y respeta la privacidad de la propuesta.","twitter_image":"https:\/\/www.arquimaster.com.ar\/web\/wp-content\/uploads\/2021\/06\/casa_grava_slide.jpg","twitter_creator":"@arquimaster","twitter_site":"@arquimaster","twitter_misc":{"Escrito por":"Arquimaster","Tiempo de lectura":"3 minutos"},"schema":{"@context":"https:\/\/schema.org","@graph":[{"@type":"Article","@id":"https:\/\/www.arquimaster.com.ar\/web\/casa-grava-estudio-pka\/#article","isPartOf":{"@id":"https:\/\/www.arquimaster.com.ar\/web\/casa-grava-estudio-pka\/"},"author":{"name":"Arquimaster","@id":"https:\/\/www.arquimaster.com.ar\/web\/#\/schema\/person\/359e9f7c00193fcde068e0dd2ceb0028"},"headline":"Casa Grava \/ Estudio PKa","datePublished":"2021-06-24T23:07:16+00:00","dateModified":"2021-12-29T21:01:41+00:00","mainEntityOfPage":{"@id":"https:\/\/www.arquimaster.com.ar\/web\/casa-grava-estudio-pka\/"},"wordCount":621,"publisher":{"@id":"https:\/\/www.arquimaster.com.ar\/web\/#organization"},"image":{"@id":"https:\/\/www.arquimaster.com.ar\/web\/casa-grava-estudio-pka\/#primaryimage"},"thumbnailUrl":"https:\/\/www.arquimaster.com.ar\/web\/wp-content\/uploads\/2021\/06\/casa_grava_slide.jpg","keywords":["Buenos Aires","casa en barrio cerrado","Estudio Pka","Nordelta","Tigre","vivienda unifamiliar"],"articleSection":["Proyecto","Vivienda unifamiliar y PH"],"inLanguage":"es"},{"@type":"WebPage","@id":"https:\/\/www.arquimaster.com.ar\/web\/casa-grava-estudio-pka\/","url":"https:\/\/www.arquimaster.com.ar\/web\/casa-grava-estudio-pka\/","name":"Casa Grava \/ Estudio PKa - Arquimaster","isPartOf":{"@id":"https:\/\/www.arquimaster.com.ar\/web\/#website"},"primaryImageOfPage":{"@id":"https:\/\/www.arquimaster.com.ar\/web\/casa-grava-estudio-pka\/#primaryimage"},"image":{"@id":"https:\/\/www.arquimaster.com.ar\/web\/casa-grava-estudio-pka\/#primaryimage"},"thumbnailUrl":"https:\/\/www.arquimaster.com.ar\/web\/wp-content\/uploads\/2021\/06\/casa_grava_slide.jpg","datePublished":"2021-06-24T23:07:16+00:00","dateModified":"2021-12-29T21:01:41+00:00","description":"La impronta de la casa parti\u00f3 de generar una geometr\u00eda pura y limpia que realza la naturaleza del entorno y respeta la privacidad de la propuesta.","breadcrumb":{"@id":"https:\/\/www.arquimaster.com.ar\/web\/casa-grava-estudio-pka\/#breadcrumb"},"inLanguage":"es","potentialAction":[{"@type":"ReadAction","target":["https:\/\/www.arquimaster.com.ar\/web\/casa-grava-estudio-pka\/"]}]},{"@type":"ImageObject","inLanguage":"es","@id":"https:\/\/www.arquimaster.com.ar\/web\/casa-grava-estudio-pka\/#primaryimage","url":"https:\/\/www.arquimaster.com.ar\/web\/wp-content\/uploads\/2021\/06\/casa_grava_slide.jpg","contentUrl":"https:\/\/www.arquimaster.com.ar\/web\/wp-content\/uploads\/2021\/06\/casa_grava_slide.jpg","width":698,"height":364,"caption":"Casa Grava \/ Estudio PKa"},{"@type":"BreadcrumbList","@id":"https:\/\/www.arquimaster.com.ar\/web\/casa-grava-estudio-pka\/#breadcrumb","itemListElement":[{"@type":"ListItem","position":1,"name":"Portada","item":"https:\/\/www.arquimaster.com.ar\/web\/"},{"@type":"ListItem","position":2,"name":"Casa Grava \/ Estudio PKa"}]},{"@type":"WebSite","@id":"https:\/\/www.arquimaster.com.ar\/web\/#website","url":"https:\/\/www.arquimaster.com.ar\/web\/","name":"Arquimaster","description":"Web de arquitectura, dise\u00f1o y construccion","publisher":{"@id":"https:\/\/www.arquimaster.com.ar\/web\/#organization"},"potentialAction":[{"@type":"SearchAction","target":{"@type":"EntryPoint","urlTemplate":"https:\/\/www.arquimaster.com.ar\/web\/?s={search_term_string}"},"query-input":{"@type":"PropertyValueSpecification","valueRequired":true,"valueName":"search_term_string"}}],"inLanguage":"es"},{"@type":"Organization","@id":"https:\/\/www.arquimaster.com.ar\/web\/#organization","name":"Arquimaster","url":"https:\/\/www.arquimaster.com.ar\/web\/","logo":{"@type":"ImageObject","inLanguage":"es","@id":"https:\/\/www.arquimaster.com.ar\/web\/#\/schema\/logo\/image\/","url":"https:\/\/www.arquimaster.com.ar\/web\/wp-content\/uploads\/2022\/06\/arquimaster.png","contentUrl":"https:\/\/www.arquimaster.com.ar\/web\/wp-content\/uploads\/2022\/06\/arquimaster.png","width":594,"height":78,"caption":"Arquimaster"},"image":{"@id":"https:\/\/www.arquimaster.com.ar\/web\/#\/schema\/logo\/image\/"},"sameAs":["http:\/\/www.facebook.com\/ARQUIMASTER.com.ar","https:\/\/x.com\/arquimaster","https:\/\/www.instagram.com\/arquimasterblog\/","https:\/\/www.linkedin.com\/company\/arquimaster","https:\/\/www.pinterest.com\/arquimaster","https:\/\/t.me\/arquimaster"]},{"@type":"Person","@id":"https:\/\/www.arquimaster.com.ar\/web\/#\/schema\/person\/359e9f7c00193fcde068e0dd2ceb0028","name":"Arquimaster"}]}},"uagb_featured_image_src":{"full":["https:\/\/www.arquimaster.com.ar\/web\/wp-content\/uploads\/2021\/06\/casa_grava_slide.jpg",698,364,false],"thumbnail":["https:\/\/www.arquimaster.com.ar\/web\/wp-content\/uploads\/2021\/06\/casa_grava_slide-150x150.jpg",150,150,true],"medium":["https:\/\/www.arquimaster.com.ar\/web\/wp-content\/uploads\/2021\/06\/casa_grava_slide.jpg",698,364,false],"medium_large":["https:\/\/www.arquimaster.com.ar\/web\/wp-content\/uploads\/2021\/06\/casa_grava_slide.jpg",698,364,false],"large":["https:\/\/www.arquimaster.com.ar\/web\/wp-content\/uploads\/2021\/06\/casa_grava_slide.jpg",698,364,false],"1536x1536":["https:\/\/www.arquimaster.com.ar\/web\/wp-content\/uploads\/2021\/06\/casa_grava_slide.jpg",698,364,false],"2048x2048":["https:\/\/www.arquimaster.com.ar\/web\/wp-content\/uploads\/2021\/06\/casa_grava_slide.jpg",698,364,false]},"uagb_author_info":{"display_name":"Arquimaster","author_link":"https:\/\/www.arquimaster.com.ar\/web\/author\/arquimaster\/"},"uagb_comment_info":0,"uagb_excerpt":"La impronta de la casa parti\u00f3 de generar una geometr\u00eda pura y limpia que realza el entorno...","_links":{"self":[{"href":"https:\/\/www.arquimaster.com.ar\/web\/wp-json\/wp\/v2\/posts\/65982","targetHints":{"allow":["GET"]}}],"collection":[{"href":"https:\/\/www.arquimaster.com.ar\/web\/wp-json\/wp\/v2\/posts"}],"about":[{"href":"https:\/\/www.arquimaster.com.ar\/web\/wp-json\/wp\/v2\/types\/post"}],"author":[{"embeddable":true,"href":"https:\/\/www.arquimaster.com.ar\/web\/wp-json\/wp\/v2\/users\/1"}],"replies":[{"embeddable":true,"href":"https:\/\/www.arquimaster.com.ar\/web\/wp-json\/wp\/v2\/comments?post=65982"}],"version-history":[{"count":1,"href":"https:\/\/www.arquimaster.com.ar\/web\/wp-json\/wp\/v2\/posts\/65982\/revisions"}],"predecessor-version":[{"id":66021,"href":"https:\/\/www.arquimaster.com.ar\/web\/wp-json\/wp\/v2\/posts\/65982\/revisions\/66021"}],"wp:featuredmedia":[{"embeddable":true,"href":"https:\/\/www.arquimaster.com.ar\/web\/wp-json\/wp\/v2\/media\/65983"}],"wp:attachment":[{"href":"https:\/\/www.arquimaster.com.ar\/web\/wp-json\/wp\/v2\/media?parent=65982"}],"wp:term":[{"taxonomy":"category","embeddable":true,"href":"https:\/\/www.arquimaster.com.ar\/web\/wp-json\/wp\/v2\/categories?post=65982"},{"taxonomy":"post_tag","embeddable":true,"href":"https:\/\/www.arquimaster.com.ar\/web\/wp-json\/wp\/v2\/tags?post=65982"}],"curies":[{"name":"wp","href":"https:\/\/api.w.org\/{rel}","templated":true}]}}