{"id":66022,"date":"2021-06-24T20:24:05","date_gmt":"2021-06-24T23:24:05","guid":{"rendered":"https:\/\/www.arquimaster.com.ar\/web\/?p=66022"},"modified":"2022-01-16T15:44:44","modified_gmt":"2022-01-16T18:44:44","slug":"departamento-d-377-otro-estudio-oficina-de-arquitectos","status":"publish","type":"post","link":"https:\/\/www.arquimaster.com.ar\/web\/departamento-d-377-otro-estudio-oficina-de-arquitectos\/","title":{"rendered":"Departamento D.377 \/ otro estudio [oficina de arquitectos]"},"content":{"rendered":"<div style=\"margin-top: 0px; margin-bottom: 0px;\" class=\"sharethis-inline-share-buttons\" ><\/div><div class=\"b812932af2e751442846f039925109de\" data-index=\"1\" style=\"float: none; margin:25px 0 25px 0; text-align:center;\">\n<script async src=\"https:\/\/pagead2.googlesyndication.com\/pagead\/js\/adsbygoogle.js\"><\/script>\r\n<!-- Arquimaster (superior) -->\r\n<ins class=\"adsbygoogle\"\r\n     style=\"display:block\"\r\n     data-ad-client=\"ca-pub-6351072698456832\"\r\n     data-ad-slot=\"6455489680\"\r\n     data-ad-format=\"auto\"\r\n     data-full-width-responsive=\"true\"><\/ins>\r\n<script>\r\n     (adsbygoogle = window.adsbygoogle || []).push({});\r\n<\/script>\n<\/div>\n<p><strong>Departamento D.377<\/strong> (Rafaela, Pcia. de Santa Fe, Argentina) por <strong>otro estudio [oficina de arquitectos]<\/strong> (Arq. Pedro Frund, Arq. Cristian Perret, Arq. Mauro Williner). Una clienta, recientemente jubilada, nos plantea el desarrollo del proyecto de un departamento que le permitiese generar otro ingreso econ\u00f3mico; a la vez que establece como condicionantes la superficie de terreno a destinar a dicho encargo y un presupuesto ajustado para ejecutarlo. Apelando a las posibilitantes del lote en esquina convencional con orientaci\u00f3n noreste (30&#215;10 metros) en el que actualmente vive, respetando la escala barrial y la l\u00f3gica de unidades con expansi\u00f3n propia como un valor importante, se define ocupar los \u00faltimos 7 metros del terreno lindantes con el vecino sur, por todo su ancho, dando una parcela de 70 m2.<\/p>\n<div id='gallery-1' class='gallery galleryid-66022 gallery-columns-3 gallery-size-thumbnail'><figure class='gallery-item'>\n\t\t\t<div class='gallery-icon landscape'>\n\t\t\t\t<a href='https:\/\/www.arquimaster.com.ar\/web\/wp-content\/uploads\/2021\/06\/departamento_d377_1.jpg' title=\"Departamento D.377 \/ otro estudio [oficina de arquitectos] (\u00a9 Ramiro Sosa)\" data-rl_title=\"Departamento D.377 \/ otro estudio [oficina de arquitectos] (\u00a9 Ramiro Sosa)\" class=\"rl-gallery-link\" data-rl_caption=\"Departamento D.377 \/ otro estudio [oficina de arquitectos] (\u00a9 Ramiro Sosa)\" data-rel=\"lightbox-gallery-1\"><img loading=\"lazy\" decoding=\"async\" width=\"150\" height=\"150\" src=\"https:\/\/www.arquimaster.com.ar\/web\/wp-content\/uploads\/2021\/06\/departamento_d377_1-150x150.jpg\" class=\"attachment-thumbnail size-thumbnail\" alt=\"Departamento D.377 \/ otro estudio [oficina de arquitectos]\" aria-describedby=\"gallery-1-66023\" \/><\/a>\n\t\t\t<\/div>\n\t\t\t\t<figcaption class='wp-caption-text gallery-caption' id='gallery-1-66023'>\n\t\t\t\tDepartamento D.377 \/ otro estudio [oficina de arquitectos] (\u00a9 Ramiro Sosa)\n\t\t\t\t<\/figcaption><\/figure><figure class='gallery-item'>\n\t\t\t<div class='gallery-icon landscape'>\n\t\t\t\t<a href='https:\/\/www.arquimaster.com.ar\/web\/wp-content\/uploads\/2021\/06\/departamento_d377_2.jpg' title=\"Departamento D.377 \/ otro estudio [oficina de arquitectos] (\u00a9 Ramiro Sosa)\" data-rl_title=\"Departamento D.377 \/ otro estudio [oficina de arquitectos] (\u00a9 Ramiro Sosa)\" class=\"rl-gallery-link\" data-rl_caption=\"Departamento D.377 \/ otro estudio [oficina de arquitectos] (\u00a9 Ramiro Sosa)\" data-rel=\"lightbox-gallery-1\"><img loading=\"lazy\" decoding=\"async\" width=\"150\" height=\"150\" src=\"https:\/\/www.arquimaster.com.ar\/web\/wp-content\/uploads\/2021\/06\/departamento_d377_2-150x150.jpg\" class=\"attachment-thumbnail size-thumbnail\" alt=\"Departamento D.377 \/ otro estudio [oficina de arquitectos]\" aria-describedby=\"gallery-1-66024\" \/><\/a>\n\t\t\t<\/div>\n\t\t\t\t<figcaption class='wp-caption-text gallery-caption' id='gallery-1-66024'>\n\t\t\t\tDepartamento D.377 \/ otro estudio [oficina de arquitectos] (\u00a9 Ramiro Sosa)\n\t\t\t\t<\/figcaption><\/figure><figure class='gallery-item'>\n\t\t\t<div class='gallery-icon landscape'>\n\t\t\t\t<a href='https:\/\/www.arquimaster.com.ar\/web\/wp-content\/uploads\/2021\/06\/departamento_d377_3.jpg' title=\"Departamento D.377 \/ otro estudio [oficina de arquitectos] (\u00a9 Ramiro Sosa)\" data-rl_title=\"Departamento D.377 \/ otro estudio [oficina de arquitectos] (\u00a9 Ramiro Sosa)\" class=\"rl-gallery-link\" data-rl_caption=\"Departamento D.377 \/ otro estudio [oficina de arquitectos] (\u00a9 Ramiro Sosa)\" data-rel=\"lightbox-gallery-1\"><img loading=\"lazy\" decoding=\"async\" width=\"150\" height=\"150\" src=\"https:\/\/www.arquimaster.com.ar\/web\/wp-content\/uploads\/2021\/06\/departamento_d377_3-150x150.jpg\" class=\"attachment-thumbnail size-thumbnail\" alt=\"Departamento D.377 \/ otro estudio [oficina de arquitectos]\" aria-describedby=\"gallery-1-66025\" \/><\/a>\n\t\t\t<\/div>\n\t\t\t\t<figcaption class='wp-caption-text gallery-caption' id='gallery-1-66025'>\n\t\t\t\tDepartamento D.377 \/ otro estudio [oficina de arquitectos] (\u00a9 Ramiro Sosa)\n\t\t\t\t<\/figcaption><\/figure><figure class='gallery-item'>\n\t\t\t<div class='gallery-icon portrait'>\n\t\t\t\t<a href='https:\/\/www.arquimaster.com.ar\/web\/wp-content\/uploads\/2021\/06\/departamento_d377_4.jpg' title=\"Departamento D.377 \/ otro estudio [oficina de arquitectos] (\u00a9 Ramiro Sosa)\" data-rl_title=\"Departamento D.377 \/ otro estudio [oficina de arquitectos] (\u00a9 Ramiro Sosa)\" class=\"rl-gallery-link\" data-rl_caption=\"Departamento D.377 \/ otro estudio [oficina de arquitectos] (\u00a9 Ramiro Sosa)\" data-rel=\"lightbox-gallery-1\"><img loading=\"lazy\" decoding=\"async\" width=\"150\" height=\"150\" src=\"https:\/\/www.arquimaster.com.ar\/web\/wp-content\/uploads\/2021\/06\/departamento_d377_4-150x150.jpg\" class=\"attachment-thumbnail size-thumbnail\" alt=\"Departamento D.377 \/ otro estudio [oficina de arquitectos]\" aria-describedby=\"gallery-1-66026\" \/><\/a>\n\t\t\t<\/div>\n\t\t\t\t<figcaption class='wp-caption-text gallery-caption' id='gallery-1-66026'>\n\t\t\t\tDepartamento D.377 \/ otro estudio [oficina de arquitectos] (\u00a9 Ramiro Sosa)\n\t\t\t\t<\/figcaption><\/figure><figure class='gallery-item'>\n\t\t\t<div class='gallery-icon portrait'>\n\t\t\t\t<a href='https:\/\/www.arquimaster.com.ar\/web\/wp-content\/uploads\/2021\/06\/departamento_d377_5.jpg' title=\"Departamento D.377 \/ otro estudio [oficina de arquitectos] (\u00a9 Ramiro Sosa)\" data-rl_title=\"Departamento D.377 \/ otro estudio [oficina de arquitectos] (\u00a9 Ramiro Sosa)\" class=\"rl-gallery-link\" data-rl_caption=\"Departamento D.377 \/ otro estudio [oficina de arquitectos] (\u00a9 Ramiro Sosa)\" data-rel=\"lightbox-gallery-1\"><img loading=\"lazy\" decoding=\"async\" width=\"150\" height=\"150\" src=\"https:\/\/www.arquimaster.com.ar\/web\/wp-content\/uploads\/2021\/06\/departamento_d377_5-150x150.jpg\" class=\"attachment-thumbnail size-thumbnail\" alt=\"Departamento D.377 \/ otro estudio [oficina de arquitectos]\" aria-describedby=\"gallery-1-66027\" \/><\/a>\n\t\t\t<\/div>\n\t\t\t\t<figcaption class='wp-caption-text gallery-caption' id='gallery-1-66027'>\n\t\t\t\tDepartamento D.377 \/ otro estudio [oficina de arquitectos] (\u00a9 Ramiro Sosa)\n\t\t\t\t<\/figcaption><\/figure><figure class='gallery-item'>\n\t\t\t<div class='gallery-icon portrait'>\n\t\t\t\t<a href='https:\/\/www.arquimaster.com.ar\/web\/wp-content\/uploads\/2021\/06\/departamento_d377_6.jpg' title=\"Departamento D.377 \/ otro estudio [oficina de arquitectos] (\u00a9 Ramiro Sosa)\" data-rl_title=\"Departamento D.377 \/ otro estudio [oficina de arquitectos] (\u00a9 Ramiro Sosa)\" class=\"rl-gallery-link\" data-rl_caption=\"Departamento D.377 \/ otro estudio [oficina de arquitectos] (\u00a9 Ramiro Sosa)\" data-rel=\"lightbox-gallery-1\"><img loading=\"lazy\" decoding=\"async\" width=\"150\" height=\"150\" src=\"https:\/\/www.arquimaster.com.ar\/web\/wp-content\/uploads\/2021\/06\/departamento_d377_6-150x150.jpg\" class=\"attachment-thumbnail size-thumbnail\" alt=\"Departamento D.377 \/ otro estudio [oficina de arquitectos]\" aria-describedby=\"gallery-1-66028\" \/><\/a>\n\t\t\t<\/div>\n\t\t\t\t<figcaption class='wp-caption-text gallery-caption' id='gallery-1-66028'>\n\t\t\t\tDepartamento D.377 \/ otro estudio [oficina de arquitectos] (\u00a9 Ramiro Sosa)\n\t\t\t\t<\/figcaption><\/figure><figure class='gallery-item'>\n\t\t\t<div class='gallery-icon landscape'>\n\t\t\t\t<a href='https:\/\/www.arquimaster.com.ar\/web\/wp-content\/uploads\/2021\/06\/departamento_d377_7.jpg' title=\"Departamento D.377 \/ otro estudio [oficina de arquitectos] (\u00a9 Ramiro Sosa)\" data-rl_title=\"Departamento D.377 \/ otro estudio [oficina de arquitectos] (\u00a9 Ramiro Sosa)\" class=\"rl-gallery-link\" data-rl_caption=\"Departamento D.377 \/ otro estudio [oficina de arquitectos] (\u00a9 Ramiro Sosa)\" data-rel=\"lightbox-gallery-1\"><img loading=\"lazy\" decoding=\"async\" width=\"150\" height=\"150\" src=\"https:\/\/www.arquimaster.com.ar\/web\/wp-content\/uploads\/2021\/06\/departamento_d377_7-150x150.jpg\" class=\"attachment-thumbnail size-thumbnail\" alt=\"Departamento D.377 \/ otro estudio [oficina de arquitectos]\" aria-describedby=\"gallery-1-66029\" \/><\/a>\n\t\t\t<\/div>\n\t\t\t\t<figcaption class='wp-caption-text gallery-caption' id='gallery-1-66029'>\n\t\t\t\tDepartamento D.377 \/ otro estudio [oficina de arquitectos] (\u00a9 Ramiro Sosa)\n\t\t\t\t<\/figcaption><\/figure><figure class='gallery-item'>\n\t\t\t<div class='gallery-icon portrait'>\n\t\t\t\t<a href='https:\/\/www.arquimaster.com.ar\/web\/wp-content\/uploads\/2021\/06\/departamento_d377_8.jpg' title=\"Departamento D.377 \/ otro estudio [oficina de arquitectos] (\u00a9 Ramiro Sosa)\" data-rl_title=\"Departamento D.377 \/ otro estudio [oficina de arquitectos] (\u00a9 Ramiro Sosa)\" class=\"rl-gallery-link\" data-rl_caption=\"Departamento D.377 \/ otro estudio [oficina de arquitectos] (\u00a9 Ramiro Sosa)\" data-rel=\"lightbox-gallery-1\"><img loading=\"lazy\" decoding=\"async\" width=\"150\" height=\"150\" src=\"https:\/\/www.arquimaster.com.ar\/web\/wp-content\/uploads\/2021\/06\/departamento_d377_8-150x150.jpg\" class=\"attachment-thumbnail size-thumbnail\" alt=\"Departamento D.377 \/ otro estudio [oficina de arquitectos]\" aria-describedby=\"gallery-1-66030\" \/><\/a>\n\t\t\t<\/div>\n\t\t\t\t<figcaption class='wp-caption-text gallery-caption' id='gallery-1-66030'>\n\t\t\t\tDepartamento D.377 \/ otro estudio [oficina de arquitectos] (\u00a9 Ramiro Sosa)\n\t\t\t\t<\/figcaption><\/figure><figure class='gallery-item'>\n\t\t\t<div class='gallery-icon portrait'>\n\t\t\t\t<a href='https:\/\/www.arquimaster.com.ar\/web\/wp-content\/uploads\/2021\/06\/departamento_d377_9.jpg' title=\"Departamento D.377 \/ otro estudio [oficina de arquitectos] (\u00a9 Ramiro Sosa)\" data-rl_title=\"Departamento D.377 \/ otro estudio [oficina de arquitectos] (\u00a9 Ramiro Sosa)\" class=\"rl-gallery-link\" data-rl_caption=\"Departamento D.377 \/ otro estudio [oficina de arquitectos] (\u00a9 Ramiro Sosa)\" data-rel=\"lightbox-gallery-1\"><img loading=\"lazy\" decoding=\"async\" width=\"150\" height=\"150\" src=\"https:\/\/www.arquimaster.com.ar\/web\/wp-content\/uploads\/2021\/06\/departamento_d377_9-150x150.jpg\" class=\"attachment-thumbnail size-thumbnail\" alt=\"Departamento D.377 \/ otro estudio [oficina de arquitectos]\" aria-describedby=\"gallery-1-66031\" \/><\/a>\n\t\t\t<\/div>\n\t\t\t\t<figcaption class='wp-caption-text gallery-caption' id='gallery-1-66031'>\n\t\t\t\tDepartamento D.377 \/ otro estudio [oficina de arquitectos] (\u00a9 Ramiro Sosa)\n\t\t\t\t<\/figcaption><\/figure><figure class='gallery-item'>\n\t\t\t<div class='gallery-icon portrait'>\n\t\t\t\t<a href='https:\/\/www.arquimaster.com.ar\/web\/wp-content\/uploads\/2021\/06\/departamento_d377_10.jpg' title=\"Departamento D.377 \/ otro estudio [oficina de arquitectos] (\u00a9 Ramiro Sosa)\" data-rl_title=\"Departamento D.377 \/ otro estudio [oficina de arquitectos] (\u00a9 Ramiro Sosa)\" class=\"rl-gallery-link\" data-rl_caption=\"Departamento D.377 \/ otro estudio [oficina de arquitectos] (\u00a9 Ramiro Sosa)\" data-rel=\"lightbox-gallery-1\"><img loading=\"lazy\" decoding=\"async\" width=\"150\" height=\"150\" src=\"https:\/\/www.arquimaster.com.ar\/web\/wp-content\/uploads\/2021\/06\/departamento_d377_10-150x150.jpg\" class=\"attachment-thumbnail size-thumbnail\" alt=\"Departamento D.377 \/ otro estudio [oficina de arquitectos]\" aria-describedby=\"gallery-1-66032\" \/><\/a>\n\t\t\t<\/div>\n\t\t\t\t<figcaption class='wp-caption-text gallery-caption' id='gallery-1-66032'>\n\t\t\t\tDepartamento D.377 \/ otro estudio [oficina de arquitectos] (\u00a9 Ramiro Sosa)\n\t\t\t\t<\/figcaption><\/figure><figure class='gallery-item'>\n\t\t\t<div class='gallery-icon portrait'>\n\t\t\t\t<a href='https:\/\/www.arquimaster.com.ar\/web\/wp-content\/uploads\/2021\/06\/departamento_d377_11.jpg' title=\"Departamento D.377 \/ otro estudio [oficina de arquitectos] (\u00a9 Ramiro Sosa)\" data-rl_title=\"Departamento D.377 \/ otro estudio [oficina de arquitectos] (\u00a9 Ramiro Sosa)\" class=\"rl-gallery-link\" data-rl_caption=\"Departamento D.377 \/ otro estudio [oficina de arquitectos] (\u00a9 Ramiro Sosa)\" data-rel=\"lightbox-gallery-1\"><img loading=\"lazy\" decoding=\"async\" width=\"150\" height=\"150\" src=\"https:\/\/www.arquimaster.com.ar\/web\/wp-content\/uploads\/2021\/06\/departamento_d377_11-150x150.jpg\" class=\"attachment-thumbnail size-thumbnail\" alt=\"Departamento D.377 \/ otro estudio [oficina de arquitectos]\" aria-describedby=\"gallery-1-66033\" \/><\/a>\n\t\t\t<\/div>\n\t\t\t\t<figcaption class='wp-caption-text gallery-caption' id='gallery-1-66033'>\n\t\t\t\tDepartamento D.377 \/ otro estudio [oficina de arquitectos] (\u00a9 Ramiro Sosa)\n\t\t\t\t<\/figcaption><\/figure><figure class='gallery-item'>\n\t\t\t<div class='gallery-icon portrait'>\n\t\t\t\t<a href='https:\/\/www.arquimaster.com.ar\/web\/wp-content\/uploads\/2021\/06\/departamento_d377_12.jpg' title=\"Departamento D.377 \/ otro estudio [oficina de arquitectos] (\u00a9 Ramiro Sosa)\" data-rl_title=\"Departamento D.377 \/ otro estudio [oficina de arquitectos] (\u00a9 Ramiro Sosa)\" class=\"rl-gallery-link\" data-rl_caption=\"Departamento D.377 \/ otro estudio [oficina de arquitectos] (\u00a9 Ramiro Sosa)\" data-rel=\"lightbox-gallery-1\"><img loading=\"lazy\" decoding=\"async\" width=\"150\" height=\"150\" src=\"https:\/\/www.arquimaster.com.ar\/web\/wp-content\/uploads\/2021\/06\/departamento_d377_12-150x150.jpg\" class=\"attachment-thumbnail size-thumbnail\" alt=\"Departamento D.377 \/ otro estudio [oficina de arquitectos]\" aria-describedby=\"gallery-1-66034\" \/><\/a>\n\t\t\t<\/div>\n\t\t\t\t<figcaption class='wp-caption-text gallery-caption' id='gallery-1-66034'>\n\t\t\t\tDepartamento D.377 \/ otro estudio [oficina de arquitectos] (\u00a9 Ramiro Sosa)\n\t\t\t\t<\/figcaption><\/figure><figure class='gallery-item'>\n\t\t\t<div class='gallery-icon portrait'>\n\t\t\t\t<a href='https:\/\/www.arquimaster.com.ar\/web\/wp-content\/uploads\/2021\/06\/departamento_d377_13.jpg' title=\"Departamento D.377 \/ otro estudio [oficina de arquitectos] (\u00a9 Ramiro Sosa)\" data-rl_title=\"Departamento D.377 \/ otro estudio [oficina de arquitectos] (\u00a9 Ramiro Sosa)\" class=\"rl-gallery-link\" data-rl_caption=\"Departamento D.377 \/ otro estudio [oficina de arquitectos] (\u00a9 Ramiro Sosa)\" data-rel=\"lightbox-gallery-1\"><img loading=\"lazy\" decoding=\"async\" width=\"150\" height=\"150\" src=\"https:\/\/www.arquimaster.com.ar\/web\/wp-content\/uploads\/2021\/06\/departamento_d377_13-150x150.jpg\" class=\"attachment-thumbnail size-thumbnail\" alt=\"Departamento D.377 \/ otro estudio [oficina de arquitectos]\" aria-describedby=\"gallery-1-66035\" \/><\/a>\n\t\t\t<\/div>\n\t\t\t\t<figcaption class='wp-caption-text gallery-caption' id='gallery-1-66035'>\n\t\t\t\tDepartamento D.377 \/ otro estudio [oficina de arquitectos] (\u00a9 Ramiro Sosa)\n\t\t\t\t<\/figcaption><\/figure><figure class='gallery-item'>\n\t\t\t<div class='gallery-icon landscape'>\n\t\t\t\t<a href='https:\/\/www.arquimaster.com.ar\/web\/wp-content\/uploads\/2021\/06\/departamento_d377_14.jpg' title=\"Departamento D.377 \/ otro estudio [oficina de arquitectos] (\u00a9 Ramiro Sosa)\" data-rl_title=\"Departamento D.377 \/ otro estudio [oficina de arquitectos] (\u00a9 Ramiro Sosa)\" class=\"rl-gallery-link\" data-rl_caption=\"Departamento D.377 \/ otro estudio [oficina de arquitectos] (\u00a9 Ramiro Sosa)\" data-rel=\"lightbox-gallery-1\"><img loading=\"lazy\" decoding=\"async\" width=\"150\" height=\"150\" src=\"https:\/\/www.arquimaster.com.ar\/web\/wp-content\/uploads\/2021\/06\/departamento_d377_14-150x150.jpg\" class=\"attachment-thumbnail size-thumbnail\" alt=\"Departamento D.377 \/ otro estudio [oficina de arquitectos]\" aria-describedby=\"gallery-1-66036\" \/><\/a>\n\t\t\t<\/div>\n\t\t\t\t<figcaption class='wp-caption-text gallery-caption' id='gallery-1-66036'>\n\t\t\t\tDepartamento D.377 \/ otro estudio [oficina de arquitectos] (\u00a9 Ramiro Sosa)\n\t\t\t\t<\/figcaption><\/figure><figure class='gallery-item'>\n\t\t\t<div class='gallery-icon landscape'>\n\t\t\t\t<a href='https:\/\/www.arquimaster.com.ar\/web\/wp-content\/uploads\/2021\/06\/departamento_d377_15.jpg' title=\"Departamento D.377 \/ otro estudio [oficina de arquitectos] (\u00a9 Ramiro Sosa)\" data-rl_title=\"Departamento D.377 \/ otro estudio [oficina de arquitectos] (\u00a9 Ramiro Sosa)\" class=\"rl-gallery-link\" data-rl_caption=\"Departamento D.377 \/ otro estudio [oficina de arquitectos] (\u00a9 Ramiro Sosa)\" data-rel=\"lightbox-gallery-1\"><img loading=\"lazy\" decoding=\"async\" width=\"150\" height=\"150\" src=\"https:\/\/www.arquimaster.com.ar\/web\/wp-content\/uploads\/2021\/06\/departamento_d377_15-150x150.jpg\" class=\"attachment-thumbnail size-thumbnail\" alt=\"Departamento D.377 \/ otro estudio [oficina de arquitectos]\" aria-describedby=\"gallery-1-66037\" \/><\/a>\n\t\t\t<\/div>\n\t\t\t\t<figcaption class='wp-caption-text gallery-caption' id='gallery-1-66037'>\n\t\t\t\tDepartamento D.377 \/ otro estudio [oficina de arquitectos] (\u00a9 Ramiro Sosa)\n\t\t\t\t<\/figcaption><\/figure><figure class='gallery-item'>\n\t\t\t<div class='gallery-icon landscape'>\n\t\t\t\t<a href='https:\/\/www.arquimaster.com.ar\/web\/wp-content\/uploads\/2021\/06\/departamento_d377_16.jpg' title=\"Departamento D.377 \/ otro estudio [oficina de arquitectos] (\u00a9 Ramiro Sosa)\" data-rl_title=\"Departamento D.377 \/ otro estudio [oficina de arquitectos] (\u00a9 Ramiro Sosa)\" class=\"rl-gallery-link\" data-rl_caption=\"Departamento D.377 \/ otro estudio [oficina de arquitectos] (\u00a9 Ramiro Sosa)\" data-rel=\"lightbox-gallery-1\"><img loading=\"lazy\" decoding=\"async\" width=\"150\" height=\"150\" src=\"https:\/\/www.arquimaster.com.ar\/web\/wp-content\/uploads\/2021\/06\/departamento_d377_16-150x150.jpg\" class=\"attachment-thumbnail size-thumbnail\" alt=\"Departamento D.377 \/ otro estudio [oficina de arquitectos]\" aria-describedby=\"gallery-1-66038\" \/><\/a>\n\t\t\t<\/div>\n\t\t\t\t<figcaption class='wp-caption-text gallery-caption' id='gallery-1-66038'>\n\t\t\t\tDepartamento D.377 \/ otro estudio [oficina de arquitectos] (\u00a9 Ramiro Sosa)\n\t\t\t\t<\/figcaption><\/figure><figure class='gallery-item'>\n\t\t\t<div class='gallery-icon landscape'>\n\t\t\t\t<a href='https:\/\/www.arquimaster.com.ar\/web\/wp-content\/uploads\/2021\/06\/departamento_d377_17.jpg' title=\"Departamento D.377 \/ otro estudio [oficina de arquitectos] (\u00a9 Ramiro Sosa)\" data-rl_title=\"Departamento D.377 \/ otro estudio [oficina de arquitectos] (\u00a9 Ramiro Sosa)\" class=\"rl-gallery-link\" data-rl_caption=\"Departamento D.377 \/ otro estudio [oficina de arquitectos] (\u00a9 Ramiro Sosa)\" data-rel=\"lightbox-gallery-1\"><img loading=\"lazy\" decoding=\"async\" width=\"150\" height=\"150\" src=\"https:\/\/www.arquimaster.com.ar\/web\/wp-content\/uploads\/2021\/06\/departamento_d377_17-150x150.jpg\" class=\"attachment-thumbnail size-thumbnail\" alt=\"Departamento D.377 \/ otro estudio [oficina de arquitectos]\" aria-describedby=\"gallery-1-66039\" \/><\/a>\n\t\t\t<\/div>\n\t\t\t\t<figcaption class='wp-caption-text gallery-caption' id='gallery-1-66039'>\n\t\t\t\tDepartamento D.377 \/ otro estudio [oficina de arquitectos] (\u00a9 Ramiro Sosa)\n\t\t\t\t<\/figcaption><\/figure><figure class='gallery-item'>\n\t\t\t<div class='gallery-icon portrait'>\n\t\t\t\t<a href='https:\/\/www.arquimaster.com.ar\/web\/wp-content\/uploads\/2021\/06\/departamento_d377_18.jpg' title=\"Departamento D.377 \/ otro estudio [oficina de arquitectos] (\u00a9 Ramiro Sosa)\" data-rl_title=\"Departamento D.377 \/ otro estudio [oficina de arquitectos] (\u00a9 Ramiro Sosa)\" class=\"rl-gallery-link\" data-rl_caption=\"Departamento D.377 \/ otro estudio [oficina de arquitectos] (\u00a9 Ramiro Sosa)\" data-rel=\"lightbox-gallery-1\"><img loading=\"lazy\" decoding=\"async\" width=\"150\" height=\"150\" src=\"https:\/\/www.arquimaster.com.ar\/web\/wp-content\/uploads\/2021\/06\/departamento_d377_18-150x150.jpg\" class=\"attachment-thumbnail size-thumbnail\" alt=\"Departamento D.377 \/ otro estudio [oficina de arquitectos]\" aria-describedby=\"gallery-1-66040\" \/><\/a>\n\t\t\t<\/div>\n\t\t\t\t<figcaption class='wp-caption-text gallery-caption' id='gallery-1-66040'>\n\t\t\t\tDepartamento D.377 \/ otro estudio [oficina de arquitectos] (\u00a9 Ramiro Sosa)\n\t\t\t\t<\/figcaption><\/figure><figure class='gallery-item'>\n\t\t\t<div class='gallery-icon portrait'>\n\t\t\t\t<a href='https:\/\/www.arquimaster.com.ar\/web\/wp-content\/uploads\/2021\/06\/departamento_d377_19.jpg' title=\"Departamento D.377 \/ otro estudio [oficina de arquitectos] (\u00a9 Ramiro Sosa)\" data-rl_title=\"Departamento D.377 \/ otro estudio [oficina de arquitectos] (\u00a9 Ramiro Sosa)\" class=\"rl-gallery-link\" data-rl_caption=\"Departamento D.377 \/ otro estudio [oficina de arquitectos] (\u00a9 Ramiro Sosa)\" data-rel=\"lightbox-gallery-1\"><img loading=\"lazy\" decoding=\"async\" width=\"150\" height=\"150\" src=\"https:\/\/www.arquimaster.com.ar\/web\/wp-content\/uploads\/2021\/06\/departamento_d377_19-150x150.jpg\" class=\"attachment-thumbnail size-thumbnail\" alt=\"Departamento D.377 \/ otro estudio [oficina de arquitectos]\" aria-describedby=\"gallery-1-66041\" \/><\/a>\n\t\t\t<\/div>\n\t\t\t\t<figcaption class='wp-caption-text gallery-caption' id='gallery-1-66041'>\n\t\t\t\tDepartamento D.377 \/ otro estudio [oficina de arquitectos] (\u00a9 Ramiro Sosa)\n\t\t\t\t<\/figcaption><\/figure><figure class='gallery-item'>\n\t\t\t<div class='gallery-icon portrait'>\n\t\t\t\t<a href='https:\/\/www.arquimaster.com.ar\/web\/wp-content\/uploads\/2021\/06\/departamento_d377_20.jpg' title=\"Departamento D.377 \/ otro estudio [oficina de arquitectos] (\u00a9 Ramiro Sosa)\" data-rl_title=\"Departamento D.377 \/ otro estudio [oficina de arquitectos] (\u00a9 Ramiro Sosa)\" class=\"rl-gallery-link\" data-rl_caption=\"Departamento D.377 \/ otro estudio [oficina de arquitectos] (\u00a9 Ramiro Sosa)\" data-rel=\"lightbox-gallery-1\"><img loading=\"lazy\" decoding=\"async\" width=\"150\" height=\"150\" src=\"https:\/\/www.arquimaster.com.ar\/web\/wp-content\/uploads\/2021\/06\/departamento_d377_20-150x150.jpg\" class=\"attachment-thumbnail size-thumbnail\" alt=\"Departamento D.377 \/ otro estudio [oficina de arquitectos]\" aria-describedby=\"gallery-1-66042\" \/><\/a>\n\t\t\t<\/div>\n\t\t\t\t<figcaption class='wp-caption-text gallery-caption' id='gallery-1-66042'>\n\t\t\t\tDepartamento D.377 \/ otro estudio [oficina de arquitectos] (\u00a9 Ramiro Sosa)\n\t\t\t\t<\/figcaption><\/figure><figure class='gallery-item'>\n\t\t\t<div class='gallery-icon portrait'>\n\t\t\t\t<a href='https:\/\/www.arquimaster.com.ar\/web\/wp-content\/uploads\/2021\/06\/departamento_d377_21.jpg' title=\"Departamento D.377 \/ otro estudio [oficina de arquitectos] (planta)\" data-rl_title=\"Departamento D.377 \/ otro estudio [oficina de arquitectos] (planta)\" class=\"rl-gallery-link\" data-rl_caption=\"Departamento D.377 \/ otro estudio [oficina de arquitectos] (planta)\" data-rel=\"lightbox-gallery-1\"><img loading=\"lazy\" decoding=\"async\" width=\"150\" height=\"150\" src=\"https:\/\/www.arquimaster.com.ar\/web\/wp-content\/uploads\/2021\/06\/departamento_d377_21-150x150.jpg\" class=\"attachment-thumbnail size-thumbnail\" alt=\"Departamento D.377 \/ otro estudio [oficina de arquitectos]\" aria-describedby=\"gallery-1-66043\" \/><\/a>\n\t\t\t<\/div>\n\t\t\t\t<figcaption class='wp-caption-text gallery-caption' id='gallery-1-66043'>\n\t\t\t\tDepartamento D.377 \/ otro estudio [oficina de arquitectos] (planta)\n\t\t\t\t<\/figcaption><\/figure><figure class='gallery-item'>\n\t\t\t<div class='gallery-icon landscape'>\n\t\t\t\t<a href='https:\/\/www.arquimaster.com.ar\/web\/wp-content\/uploads\/2021\/06\/departamento_d377_22.jpg' title=\"Departamento D.377 \/ otro estudio [oficina de arquitectos] (corte)\" data-rl_title=\"Departamento D.377 \/ otro estudio [oficina de arquitectos] (corte)\" class=\"rl-gallery-link\" data-rl_caption=\"Departamento D.377 \/ otro estudio [oficina de arquitectos] (corte)\" data-rel=\"lightbox-gallery-1\"><img loading=\"lazy\" decoding=\"async\" width=\"150\" height=\"150\" src=\"https:\/\/www.arquimaster.com.ar\/web\/wp-content\/uploads\/2021\/06\/departamento_d377_22-150x150.jpg\" class=\"attachment-thumbnail size-thumbnail\" alt=\"Departamento D.377 \/ otro estudio [oficina de arquitectos]\" aria-describedby=\"gallery-1-66044\" \/><\/a>\n\t\t\t<\/div>\n\t\t\t\t<figcaption class='wp-caption-text gallery-caption' id='gallery-1-66044'>\n\t\t\t\tDepartamento D.377 \/ otro estudio [oficina de arquitectos] (corte)\n\t\t\t\t<\/figcaption><\/figure><figure class='gallery-item'>\n\t\t\t<div class='gallery-icon landscape'>\n\t\t\t\t<a href='https:\/\/www.arquimaster.com.ar\/web\/wp-content\/uploads\/2021\/06\/departamento_d377_23.jpg' title=\"Departamento D.377 \/ otro estudio [oficina de arquitectos] (corte)\" data-rl_title=\"Departamento D.377 \/ otro estudio [oficina de arquitectos] (corte)\" class=\"rl-gallery-link\" data-rl_caption=\"Departamento D.377 \/ otro estudio [oficina de arquitectos] (corte)\" data-rel=\"lightbox-gallery-1\"><img loading=\"lazy\" decoding=\"async\" width=\"150\" height=\"150\" src=\"https:\/\/www.arquimaster.com.ar\/web\/wp-content\/uploads\/2021\/06\/departamento_d377_23-150x150.jpg\" class=\"attachment-thumbnail size-thumbnail\" alt=\"Departamento D.377 \/ otro estudio [oficina de arquitectos]\" aria-describedby=\"gallery-1-66045\" \/><\/a>\n\t\t\t<\/div>\n\t\t\t\t<figcaption class='wp-caption-text gallery-caption' id='gallery-1-66045'>\n\t\t\t\tDepartamento D.377 \/ otro estudio [oficina de arquitectos] (corte)\n\t\t\t\t<\/figcaption><\/figure><figure class='gallery-item'>\n\t\t\t<div class='gallery-icon landscape'>\n\t\t\t\t<a href='https:\/\/www.arquimaster.com.ar\/web\/wp-content\/uploads\/2021\/06\/departamento_d377_24.jpg' title=\"Departamento D.377 \/ otro estudio [oficina de arquitectos] (corte)\" data-rl_title=\"Departamento D.377 \/ otro estudio [oficina de arquitectos] (corte)\" class=\"rl-gallery-link\" data-rl_caption=\"Departamento D.377 \/ otro estudio [oficina de arquitectos] (corte)\" data-rel=\"lightbox-gallery-1\"><img loading=\"lazy\" decoding=\"async\" width=\"150\" height=\"150\" src=\"https:\/\/www.arquimaster.com.ar\/web\/wp-content\/uploads\/2021\/06\/departamento_d377_24-150x150.jpg\" class=\"attachment-thumbnail size-thumbnail\" alt=\"Departamento D.377 \/ otro estudio [oficina de arquitectos]\" aria-describedby=\"gallery-1-66046\" \/><\/a>\n\t\t\t<\/div>\n\t\t\t\t<figcaption class='wp-caption-text gallery-caption' id='gallery-1-66046'>\n\t\t\t\tDepartamento D.377 \/ otro estudio [oficina de arquitectos] (corte)\n\t\t\t\t<\/figcaption><\/figure><figure class='gallery-item'>\n\t\t\t<div class='gallery-icon landscape'>\n\t\t\t\t<a href='https:\/\/www.arquimaster.com.ar\/web\/wp-content\/uploads\/2021\/06\/departamento_d377_25.jpg' title=\"Departamento D.377 \/ otro estudio [oficina de arquitectos] (vista)\" data-rl_title=\"Departamento D.377 \/ otro estudio [oficina de arquitectos] (vista)\" class=\"rl-gallery-link\" data-rl_caption=\"Departamento D.377 \/ otro estudio [oficina de arquitectos] (vista)\" data-rel=\"lightbox-gallery-1\"><img loading=\"lazy\" decoding=\"async\" width=\"150\" height=\"150\" src=\"https:\/\/www.arquimaster.com.ar\/web\/wp-content\/uploads\/2021\/06\/departamento_d377_25-150x150.jpg\" class=\"attachment-thumbnail size-thumbnail\" alt=\"Departamento D.377 \/ otro estudio [oficina de arquitectos]\" aria-describedby=\"gallery-1-66047\" \/><\/a>\n\t\t\t<\/div>\n\t\t\t\t<figcaption class='wp-caption-text gallery-caption' id='gallery-1-66047'>\n\t\t\t\tDepartamento D.377 \/ otro estudio [oficina de arquitectos] (vista)\n\t\t\t\t<\/figcaption><\/figure><figure class='gallery-item'>\n\t\t\t<div class='gallery-icon landscape'>\n\t\t\t\t<a href='https:\/\/www.arquimaster.com.ar\/web\/wp-content\/uploads\/2021\/06\/departamento_d377_26.jpg' title=\"Departamento D.377 \/ otro estudio [oficina de arquitectos] (axonometria general)\" data-rl_title=\"Departamento D.377 \/ otro estudio [oficina de arquitectos] (axonometria general)\" class=\"rl-gallery-link\" data-rl_caption=\"Departamento D.377 \/ otro estudio [oficina de arquitectos] (axonometria general)\" data-rel=\"lightbox-gallery-1\"><img loading=\"lazy\" decoding=\"async\" width=\"150\" height=\"150\" src=\"https:\/\/www.arquimaster.com.ar\/web\/wp-content\/uploads\/2021\/06\/departamento_d377_26-150x150.jpg\" class=\"attachment-thumbnail size-thumbnail\" alt=\"Departamento D.377 \/ otro estudio [oficina de arquitectos]\" aria-describedby=\"gallery-1-66048\" \/><\/a>\n\t\t\t<\/div>\n\t\t\t\t<figcaption class='wp-caption-text gallery-caption' id='gallery-1-66048'>\n\t\t\t\tDepartamento D.377 \/ otro estudio [oficina de arquitectos] (axonometria general)\n\t\t\t\t<\/figcaption><\/figure><figure class='gallery-item'>\n\t\t\t<div class='gallery-icon landscape'>\n\t\t\t\t<a href='https:\/\/www.arquimaster.com.ar\/web\/wp-content\/uploads\/2021\/06\/departamento_d377_27.jpg' title=\"Departamento D.377 \/ otro estudio [oficina de arquitectos] (axonometria departamento)\" data-rl_title=\"Departamento D.377 \/ otro estudio [oficina de arquitectos] (axonometria departamento)\" class=\"rl-gallery-link\" data-rl_caption=\"Departamento D.377 \/ otro estudio [oficina de arquitectos] (axonometria departamento)\" data-rel=\"lightbox-gallery-1\"><img loading=\"lazy\" decoding=\"async\" width=\"150\" height=\"150\" src=\"https:\/\/www.arquimaster.com.ar\/web\/wp-content\/uploads\/2021\/06\/departamento_d377_27-150x150.jpg\" class=\"attachment-thumbnail size-thumbnail\" alt=\"Departamento D.377 \/ otro estudio [oficina de arquitectos]\" aria-describedby=\"gallery-1-66049\" \/><\/a>\n\t\t\t<\/div>\n\t\t\t\t<figcaption class='wp-caption-text gallery-caption' id='gallery-1-66049'>\n\t\t\t\tDepartamento D.377 \/ otro estudio [oficina de arquitectos] (axonometria departamento)\n\t\t\t\t<\/figcaption><\/figure>\n\t\t<\/div>\n\n<p>De este modo se plantea obtener m\u00e1xima autonom\u00eda de la vivienda existente (m\u00e1s pr\u00f3xima a la esquina propiamente dicha) gener\u00e1ndole un ingreso totalmente independiente. A su vez, aprovechando que el vecino ya ha constituido su vivienda y por ende la medianera en todo su largo, se opt\u00f3 por apoyarse en ella logrando protegerse del sur como orientaci\u00f3n desfavorable y abrir los espacios de la nueva vivienda al norte. Otra de las premisas consisti\u00f3 en que el nuevo departamento deb\u00eda respetar los \u00e1rboles existentes en la v\u00eda p\u00fablica (evitando tener que extraer alguno para generar el ingreso vehicular), as\u00ed como tambi\u00e9n la vegetaci\u00f3n de valor presente en el patio de la vivienda.<\/p>\n<p>En cuanto al programa, el mismo se estructura en tres bandas, de anchos diversos, que albergan todas la actividades. La primera, sobre la medianera, se constituye a partir de un mueble que recorre todo el departamento y sirve de soporte a los \u00e1mbitos subyacentes de la lonja central. Finalmente al norte se localizan los espacios exteriores. Estos \u00faltimos operan como ingreso, transiciones y lugares de estar en la nueva unidad, un espacio semicubierto cumple la funci\u00f3n de acceso, galer\u00eda y cochera; al fondo del mismo un patio oficia de expansi\u00f3n del estar-comedor mediando entre ellos un asador de doble frente que permite ver a trav\u00e9s de \u00e9l una vez que se atraviesa el l\u00edmite entre lo p\u00fablico y lo privado.<\/p>\n<p>El parrillero marca la pausa entre semicubierto y exterior, poniendo en evidencia el ingreso al departamento en s\u00ed mismo, ubicado en medio del planteo funcional. En este punto los espacios nocturnos, m\u00e1s privados, se organizan hacia la calle; localizando las aberturas de modo que se conserve la intimidad de los mismo a la vez que capturan recortes de cielo, vegetaci\u00f3n y operan como enmarque de los cambiantes fresnos americanos. Los espacios diurnos se ubican hacia el fondo en relaci\u00f3n al patio, con el que negocian una generosa continuidad espacial haciendo part\u00edcipe al exterior en la escena cotidiana.<\/p>\n<p>La formalizaci\u00f3n del proyecto apela a una paleta sencilla y reducida de elementos que se presentan sin ocultar su expresi\u00f3n y potencia material. Se opta por materiales de la construcci\u00f3n tradicional propios de la zona tal como el ladrillo visto manual cuyo m\u00f3dulo est\u00e1 presente en las proporciones espaciales y ha sido trabajado de manera que el tomado de juntas exalte la longitudinalidad de la traba produciendo una vibraci\u00f3n en ese sentido, revoques gruesos y finos para los muros, pisos de cemento alisado manual en exteriores y techo de chapa (visto en la galer\u00eda). En este campo se enfatiza el bajo mantenimiento as\u00ed como la facilidad del mismo, sin perder las cualidades materiales a lo largo del tiempo.<\/p>\n<p><strong>Ficha t\u00e9cnica<\/strong><br \/>Nombre: D.377<br \/>Ubicaci\u00f3n: Erasmo Poggi 377, Rafaela, Pcia. de Santa Fe, Argentina<br \/>Arquitectos: otro estudio [oficina de arquitectos] (Arq. Pedro Frund, Arq. Cristian Perret, Arq. Mauro Williner)<br \/>Superficie terreno: 70 m2<br \/>Superficie cubierta: 41 m2<br \/>Superficie semicubierta: 19 m2<br \/>A\u00f1o de proyecto: 2017<br \/>A\u00f1o de construcci\u00f3n: 2017-2018 <br \/>Colaboraci\u00f3n piezas gr\u00e1ficas: Tom\u00e1s Sola<br \/>Fotograf\u00edas: <a href=\"https:\/\/www.instagram.com\/ramirososafotografia\" target=\"_blank\" rel=\"noopener\">Ramiro Sosa<\/a><\/p>\n\n\n<div style=\"height:20px\" aria-hidden=\"true\" class=\"wp-block-spacer\"><\/div>\n\n\n<p><strong><em>English version<\/em><\/strong><\/p>\n<p><em>A client, recently retired, asks us to develop a project for an apartment that would allow her to generate another economic income; At the same time, she establishes as conditions the area of ??land to be allocated to said assignment and a tight budget to carry it out.<\/em><\/p>\n<p><em>Appealing to the possibility of the conventional corner lot with northeast orientation (30x10m) in which she currently lives, respecting the neighborhood scale and the logic of units with their own expansion as an important value; it is defined to occupy the last 7 m of the land bordering the southern neighbor, throughout its width, giving a plot of 70 m2.<\/em><\/p>\n<p><em>In this way, she plans to obtain maximum autonomy from the existing house (closer to the corner itself) generating a totally independent income. In turn, taking advantage of the fact that the neighbor has already constituted her home and therefore the dividing wall throughout its length, she opted to lean on it, managing to protect herself from the south as an unfavorable orientation and open the spaces of the new home to the north. Another of the premises was that the new department should respect the existing trees on the public highway (avoiding having to extract any to generate vehicle income), as well as the valuable vegetation present in the courtyard of the house.<\/em><\/p>\n<p><em>As for the program, it is structured in three bands, of different widths, which house all the activities. The first, on the dividing wall, is made up of a piece of furniture that runs through the entire department and serves as a support for the underlying areas of the central fish market. Finally to the north the exterior spaces are located. The latter operate as entrance, transitions and places of being in the new unit, a semi-covered space fulfills the function of access, gallery and garage.<\/em><\/p>\n<p><em>At the end of it, a patio acts as an expansion of the living-dining room, mediating between them a double-fronted grill that allows you to see through it once the boundary between public and private is crossed. The barbecue marks the pause between semi-covered and outside, highlighting the entrance to the apartment itself, located in the middle of the functional plan. At this point, the more private nocturnal spaces are organized towards the street; locating the openings so that their privacy is preserved while capturing cuttings of sky, vegetation and operating as a frame for the changing American ash trees. The daytime spaces are located towards the back in relation to the patio, with which they negotiate a generous spatial continuity, allowing the outside to participate in the daily scene.<\/em><\/p>\n<p><em>The formalization of the project appeals to a simple and reduced palette of elements that are presented without hiding their expression and material power. Traditional construction materials typical of the area are chosen, such as manual exposed brick, whose module is present in spatial proportions and has been worked in such a way that the joint taken enhances the longitudinality of the lock, producing a vibration in that sense. thick and thin plasters for the walls, exterior hand-smoothed concrete floors and sheet metal roof (seen in the gallery). In this field, low maintenance is emphasized as well as its ease, without losing the material qualities over time.<\/em><\/p>\n<div style=\"font-size: 0px; height: 0px; line-height: 0px; margin: 0; padding: 0; clear: both;\"><\/div><div style=\"margin-top: 0px; margin-bottom: 0px;\" class=\"sharethis-inline-share-buttons\" ><\/div>","protected":false},"excerpt":{"rendered":"<p>Se opta por materiales de la construcci\u00f3n tradicional propios de la zona como el ladrillo&#8230;<\/p>\n","protected":false},"author":1,"featured_media":66050,"comment_status":"closed","ping_status":"closed","sticky":false,"template":"","format":"standard","meta":{"_uag_custom_page_level_css":"","footnotes":""},"categories":[79,1],"tags":[6814,249,6815,7204,6813,3281,29,569],"class_list":["post-66022","post","type-post","status-publish","format-standard","has-post-thumbnail","hentry","category-departamentos","category-proyecto","tag-cristian-perret","tag-departamento","tag-mauro-williner","tag-otro-estudio-oficina-de-arquitectos","tag-pedro-frund","tag-rafaela","tag-santa-fe","tag-vivienda-minima","generate-columns","tablet-grid-50","mobile-grid-100","grid-parent","grid-50"],"yoast_head":"<!-- This site is optimized with the Yoast SEO plugin v27.3 - https:\/\/yoast.com\/product\/yoast-seo-wordpress\/ -->\n<title>Departamento D.377 \/ otro estudio [oficina de arquitectos] - Arquimaster<\/title>\n<meta name=\"description\" content=\"Se opta por materiales de la construcci\u00f3n tradicional propios de la zona tal como el ladrillo visto manual cuyo m\u00f3dulo est\u00e1 presente en las proporciones espaciales.\" \/>\n<meta name=\"robots\" content=\"index, follow, max-snippet:-1, max-image-preview:large, max-video-preview:-1\" \/>\n<link rel=\"canonical\" href=\"https:\/\/www.arquimaster.com.ar\/web\/departamento-d-377-otro-estudio-oficina-de-arquitectos\/\" \/>\n<meta property=\"og:locale\" content=\"es_ES\" \/>\n<meta property=\"og:type\" content=\"article\" \/>\n<meta property=\"og:title\" content=\"Departamento D.377 \/ otro estudio [oficina de arquitectos]\" \/>\n<meta property=\"og:description\" content=\"Se opta por materiales de la construcci\u00f3n tradicional propios de la zona tal como el ladrillo visto manual cuyo m\u00f3dulo est\u00e1 presente en las proporciones espaciales.\" \/>\n<meta property=\"og:url\" content=\"https:\/\/www.arquimaster.com.ar\/web\/departamento-d-377-otro-estudio-oficina-de-arquitectos\/\" \/>\n<meta property=\"og:site_name\" content=\"Arquimaster\" \/>\n<meta property=\"article:publisher\" content=\"http:\/\/www.facebook.com\/ARQUIMASTER.com.ar\" \/>\n<meta property=\"article:published_time\" content=\"2021-06-24T23:24:05+00:00\" \/>\n<meta property=\"article:modified_time\" content=\"2022-01-16T18:44:44+00:00\" \/>\n<meta property=\"og:image\" content=\"https:\/\/www.arquimaster.com.ar\/web\/wp-content\/uploads\/2021\/06\/departamento_d377_slide.jpg\" \/>\n\t<meta property=\"og:image:width\" content=\"698\" \/>\n\t<meta property=\"og:image:height\" content=\"364\" \/>\n\t<meta property=\"og:image:type\" content=\"image\/jpeg\" \/>\n<meta name=\"author\" content=\"Arquimaster\" \/>\n<meta name=\"twitter:card\" content=\"summary_large_image\" \/>\n<meta name=\"twitter:title\" content=\"Departamento D.377 \/ otro estudio [oficina de arquitectos]\" \/>\n<meta name=\"twitter:description\" content=\"Se opta por materiales de la construcci\u00f3n tradicional propios de la zona tal como el ladrillo visto manual cuyo m\u00f3dulo est\u00e1 presente en las proporciones espaciales.\" \/>\n<meta name=\"twitter:image\" content=\"https:\/\/www.arquimaster.com.ar\/web\/wp-content\/uploads\/2021\/06\/departamento_d377_slide.jpg\" \/>\n<meta name=\"twitter:creator\" content=\"@arquimaster\" \/>\n<meta name=\"twitter:site\" content=\"@arquimaster\" \/>\n<meta name=\"twitter:label1\" content=\"Escrito por\" \/>\n\t<meta name=\"twitter:data1\" content=\"Arquimaster\" \/>\n\t<meta name=\"twitter:label2\" content=\"Tiempo de lectura\" \/>\n\t<meta name=\"twitter:data2\" content=\"6 minutos\" \/>\n<script type=\"application\/ld+json\" class=\"yoast-schema-graph\">{\"@context\":\"https:\\\/\\\/schema.org\",\"@graph\":[{\"@type\":\"Article\",\"@id\":\"https:\\\/\\\/www.arquimaster.com.ar\\\/web\\\/departamento-d-377-otro-estudio-oficina-de-arquitectos\\\/#article\",\"isPartOf\":{\"@id\":\"https:\\\/\\\/www.arquimaster.com.ar\\\/web\\\/departamento-d-377-otro-estudio-oficina-de-arquitectos\\\/\"},\"author\":{\"name\":\"Arquimaster\",\"@id\":\"https:\\\/\\\/www.arquimaster.com.ar\\\/web\\\/#\\\/schema\\\/person\\\/359e9f7c00193fcde068e0dd2ceb0028\"},\"headline\":\"Departamento D.377 \\\/ otro estudio [oficina de arquitectos]\",\"datePublished\":\"2021-06-24T23:24:05+00:00\",\"dateModified\":\"2022-01-16T18:44:44+00:00\",\"mainEntityOfPage\":{\"@id\":\"https:\\\/\\\/www.arquimaster.com.ar\\\/web\\\/departamento-d-377-otro-estudio-oficina-de-arquitectos\\\/\"},\"wordCount\":1215,\"publisher\":{\"@id\":\"https:\\\/\\\/www.arquimaster.com.ar\\\/web\\\/#organization\"},\"image\":{\"@id\":\"https:\\\/\\\/www.arquimaster.com.ar\\\/web\\\/departamento-d-377-otro-estudio-oficina-de-arquitectos\\\/#primaryimage\"},\"thumbnailUrl\":\"https:\\\/\\\/www.arquimaster.com.ar\\\/web\\\/wp-content\\\/uploads\\\/2021\\\/06\\\/departamento_d377_slide.jpg\",\"keywords\":[\"Cristian Perret\",\"departamento\",\"Mauro Williner\",\"otro estudio [oficina de arquitectos]\",\"Pedro Frund\",\"Rafaela\",\"Santa Fe\",\"vivienda minima\"],\"articleSection\":[\"Departamentos y Lofts\",\"Proyecto\"],\"inLanguage\":\"es\"},{\"@type\":\"WebPage\",\"@id\":\"https:\\\/\\\/www.arquimaster.com.ar\\\/web\\\/departamento-d-377-otro-estudio-oficina-de-arquitectos\\\/\",\"url\":\"https:\\\/\\\/www.arquimaster.com.ar\\\/web\\\/departamento-d-377-otro-estudio-oficina-de-arquitectos\\\/\",\"name\":\"Departamento D.377 \\\/ otro estudio [oficina de arquitectos] - Arquimaster\",\"isPartOf\":{\"@id\":\"https:\\\/\\\/www.arquimaster.com.ar\\\/web\\\/#website\"},\"primaryImageOfPage\":{\"@id\":\"https:\\\/\\\/www.arquimaster.com.ar\\\/web\\\/departamento-d-377-otro-estudio-oficina-de-arquitectos\\\/#primaryimage\"},\"image\":{\"@id\":\"https:\\\/\\\/www.arquimaster.com.ar\\\/web\\\/departamento-d-377-otro-estudio-oficina-de-arquitectos\\\/#primaryimage\"},\"thumbnailUrl\":\"https:\\\/\\\/www.arquimaster.com.ar\\\/web\\\/wp-content\\\/uploads\\\/2021\\\/06\\\/departamento_d377_slide.jpg\",\"datePublished\":\"2021-06-24T23:24:05+00:00\",\"dateModified\":\"2022-01-16T18:44:44+00:00\",\"description\":\"Se opta por materiales de la construcci\u00f3n tradicional propios de la zona tal como el ladrillo visto manual cuyo m\u00f3dulo est\u00e1 presente en las proporciones espaciales.\",\"breadcrumb\":{\"@id\":\"https:\\\/\\\/www.arquimaster.com.ar\\\/web\\\/departamento-d-377-otro-estudio-oficina-de-arquitectos\\\/#breadcrumb\"},\"inLanguage\":\"es\",\"potentialAction\":[{\"@type\":\"ReadAction\",\"target\":[\"https:\\\/\\\/www.arquimaster.com.ar\\\/web\\\/departamento-d-377-otro-estudio-oficina-de-arquitectos\\\/\"]}]},{\"@type\":\"ImageObject\",\"inLanguage\":\"es\",\"@id\":\"https:\\\/\\\/www.arquimaster.com.ar\\\/web\\\/departamento-d-377-otro-estudio-oficina-de-arquitectos\\\/#primaryimage\",\"url\":\"https:\\\/\\\/www.arquimaster.com.ar\\\/web\\\/wp-content\\\/uploads\\\/2021\\\/06\\\/departamento_d377_slide.jpg\",\"contentUrl\":\"https:\\\/\\\/www.arquimaster.com.ar\\\/web\\\/wp-content\\\/uploads\\\/2021\\\/06\\\/departamento_d377_slide.jpg\",\"width\":698,\"height\":364,\"caption\":\"Departamento D.377 \\\/ otro estudio [oficina de arquitectos]\"},{\"@type\":\"BreadcrumbList\",\"@id\":\"https:\\\/\\\/www.arquimaster.com.ar\\\/web\\\/departamento-d-377-otro-estudio-oficina-de-arquitectos\\\/#breadcrumb\",\"itemListElement\":[{\"@type\":\"ListItem\",\"position\":1,\"name\":\"Portada\",\"item\":\"https:\\\/\\\/www.arquimaster.com.ar\\\/web\\\/\"},{\"@type\":\"ListItem\",\"position\":2,\"name\":\"Departamento D.377 \\\/ otro estudio [oficina de arquitectos]\"}]},{\"@type\":\"WebSite\",\"@id\":\"https:\\\/\\\/www.arquimaster.com.ar\\\/web\\\/#website\",\"url\":\"https:\\\/\\\/www.arquimaster.com.ar\\\/web\\\/\",\"name\":\"Arquimaster\",\"description\":\"Web de arquitectura, dise\u00f1o y construccion\",\"publisher\":{\"@id\":\"https:\\\/\\\/www.arquimaster.com.ar\\\/web\\\/#organization\"},\"potentialAction\":[{\"@type\":\"SearchAction\",\"target\":{\"@type\":\"EntryPoint\",\"urlTemplate\":\"https:\\\/\\\/www.arquimaster.com.ar\\\/web\\\/?s={search_term_string}\"},\"query-input\":{\"@type\":\"PropertyValueSpecification\",\"valueRequired\":true,\"valueName\":\"search_term_string\"}}],\"inLanguage\":\"es\"},{\"@type\":\"Organization\",\"@id\":\"https:\\\/\\\/www.arquimaster.com.ar\\\/web\\\/#organization\",\"name\":\"Arquimaster\",\"url\":\"https:\\\/\\\/www.arquimaster.com.ar\\\/web\\\/\",\"logo\":{\"@type\":\"ImageObject\",\"inLanguage\":\"es\",\"@id\":\"https:\\\/\\\/www.arquimaster.com.ar\\\/web\\\/#\\\/schema\\\/logo\\\/image\\\/\",\"url\":\"https:\\\/\\\/www.arquimaster.com.ar\\\/web\\\/wp-content\\\/uploads\\\/2022\\\/06\\\/arquimaster.png\",\"contentUrl\":\"https:\\\/\\\/www.arquimaster.com.ar\\\/web\\\/wp-content\\\/uploads\\\/2022\\\/06\\\/arquimaster.png\",\"width\":594,\"height\":78,\"caption\":\"Arquimaster\"},\"image\":{\"@id\":\"https:\\\/\\\/www.arquimaster.com.ar\\\/web\\\/#\\\/schema\\\/logo\\\/image\\\/\"},\"sameAs\":[\"http:\\\/\\\/www.facebook.com\\\/ARQUIMASTER.com.ar\",\"https:\\\/\\\/x.com\\\/arquimaster\",\"https:\\\/\\\/www.instagram.com\\\/arquimasterblog\\\/\",\"https:\\\/\\\/www.linkedin.com\\\/company\\\/arquimaster\",\"https:\\\/\\\/www.pinterest.com\\\/arquimaster\",\"https:\\\/\\\/t.me\\\/arquimaster\"]},{\"@type\":\"Person\",\"@id\":\"https:\\\/\\\/www.arquimaster.com.ar\\\/web\\\/#\\\/schema\\\/person\\\/359e9f7c00193fcde068e0dd2ceb0028\",\"name\":\"Arquimaster\"}]}<\/script>\n<!-- \/ Yoast SEO plugin. -->","yoast_head_json":{"title":"Departamento D.377 \/ otro estudio [oficina de arquitectos] - Arquimaster","description":"Se opta por materiales de la construcci\u00f3n tradicional propios de la zona tal como el ladrillo visto manual cuyo m\u00f3dulo est\u00e1 presente en las proporciones espaciales.","robots":{"index":"index","follow":"follow","max-snippet":"max-snippet:-1","max-image-preview":"max-image-preview:large","max-video-preview":"max-video-preview:-1"},"canonical":"https:\/\/www.arquimaster.com.ar\/web\/departamento-d-377-otro-estudio-oficina-de-arquitectos\/","og_locale":"es_ES","og_type":"article","og_title":"Departamento D.377 \/ otro estudio [oficina de arquitectos]","og_description":"Se opta por materiales de la construcci\u00f3n tradicional propios de la zona tal como el ladrillo visto manual cuyo m\u00f3dulo est\u00e1 presente en las proporciones espaciales.","og_url":"https:\/\/www.arquimaster.com.ar\/web\/departamento-d-377-otro-estudio-oficina-de-arquitectos\/","og_site_name":"Arquimaster","article_publisher":"http:\/\/www.facebook.com\/ARQUIMASTER.com.ar","article_published_time":"2021-06-24T23:24:05+00:00","article_modified_time":"2022-01-16T18:44:44+00:00","og_image":[{"width":698,"height":364,"url":"https:\/\/www.arquimaster.com.ar\/web\/wp-content\/uploads\/2021\/06\/departamento_d377_slide.jpg","type":"image\/jpeg"}],"author":"Arquimaster","twitter_card":"summary_large_image","twitter_title":"Departamento D.377 \/ otro estudio [oficina de arquitectos]","twitter_description":"Se opta por materiales de la construcci\u00f3n tradicional propios de la zona tal como el ladrillo visto manual cuyo m\u00f3dulo est\u00e1 presente en las proporciones espaciales.","twitter_image":"https:\/\/www.arquimaster.com.ar\/web\/wp-content\/uploads\/2021\/06\/departamento_d377_slide.jpg","twitter_creator":"@arquimaster","twitter_site":"@arquimaster","twitter_misc":{"Escrito por":"Arquimaster","Tiempo de lectura":"6 minutos"},"schema":{"@context":"https:\/\/schema.org","@graph":[{"@type":"Article","@id":"https:\/\/www.arquimaster.com.ar\/web\/departamento-d-377-otro-estudio-oficina-de-arquitectos\/#article","isPartOf":{"@id":"https:\/\/www.arquimaster.com.ar\/web\/departamento-d-377-otro-estudio-oficina-de-arquitectos\/"},"author":{"name":"Arquimaster","@id":"https:\/\/www.arquimaster.com.ar\/web\/#\/schema\/person\/359e9f7c00193fcde068e0dd2ceb0028"},"headline":"Departamento D.377 \/ otro estudio [oficina de arquitectos]","datePublished":"2021-06-24T23:24:05+00:00","dateModified":"2022-01-16T18:44:44+00:00","mainEntityOfPage":{"@id":"https:\/\/www.arquimaster.com.ar\/web\/departamento-d-377-otro-estudio-oficina-de-arquitectos\/"},"wordCount":1215,"publisher":{"@id":"https:\/\/www.arquimaster.com.ar\/web\/#organization"},"image":{"@id":"https:\/\/www.arquimaster.com.ar\/web\/departamento-d-377-otro-estudio-oficina-de-arquitectos\/#primaryimage"},"thumbnailUrl":"https:\/\/www.arquimaster.com.ar\/web\/wp-content\/uploads\/2021\/06\/departamento_d377_slide.jpg","keywords":["Cristian Perret","departamento","Mauro Williner","otro estudio [oficina de arquitectos]","Pedro Frund","Rafaela","Santa Fe","vivienda minima"],"articleSection":["Departamentos y Lofts","Proyecto"],"inLanguage":"es"},{"@type":"WebPage","@id":"https:\/\/www.arquimaster.com.ar\/web\/departamento-d-377-otro-estudio-oficina-de-arquitectos\/","url":"https:\/\/www.arquimaster.com.ar\/web\/departamento-d-377-otro-estudio-oficina-de-arquitectos\/","name":"Departamento D.377 \/ otro estudio [oficina de arquitectos] - Arquimaster","isPartOf":{"@id":"https:\/\/www.arquimaster.com.ar\/web\/#website"},"primaryImageOfPage":{"@id":"https:\/\/www.arquimaster.com.ar\/web\/departamento-d-377-otro-estudio-oficina-de-arquitectos\/#primaryimage"},"image":{"@id":"https:\/\/www.arquimaster.com.ar\/web\/departamento-d-377-otro-estudio-oficina-de-arquitectos\/#primaryimage"},"thumbnailUrl":"https:\/\/www.arquimaster.com.ar\/web\/wp-content\/uploads\/2021\/06\/departamento_d377_slide.jpg","datePublished":"2021-06-24T23:24:05+00:00","dateModified":"2022-01-16T18:44:44+00:00","description":"Se opta por materiales de la construcci\u00f3n tradicional propios de la zona tal como el ladrillo visto manual cuyo m\u00f3dulo est\u00e1 presente en las proporciones espaciales.","breadcrumb":{"@id":"https:\/\/www.arquimaster.com.ar\/web\/departamento-d-377-otro-estudio-oficina-de-arquitectos\/#breadcrumb"},"inLanguage":"es","potentialAction":[{"@type":"ReadAction","target":["https:\/\/www.arquimaster.com.ar\/web\/departamento-d-377-otro-estudio-oficina-de-arquitectos\/"]}]},{"@type":"ImageObject","inLanguage":"es","@id":"https:\/\/www.arquimaster.com.ar\/web\/departamento-d-377-otro-estudio-oficina-de-arquitectos\/#primaryimage","url":"https:\/\/www.arquimaster.com.ar\/web\/wp-content\/uploads\/2021\/06\/departamento_d377_slide.jpg","contentUrl":"https:\/\/www.arquimaster.com.ar\/web\/wp-content\/uploads\/2021\/06\/departamento_d377_slide.jpg","width":698,"height":364,"caption":"Departamento D.377 \/ otro estudio [oficina de arquitectos]"},{"@type":"BreadcrumbList","@id":"https:\/\/www.arquimaster.com.ar\/web\/departamento-d-377-otro-estudio-oficina-de-arquitectos\/#breadcrumb","itemListElement":[{"@type":"ListItem","position":1,"name":"Portada","item":"https:\/\/www.arquimaster.com.ar\/web\/"},{"@type":"ListItem","position":2,"name":"Departamento D.377 \/ otro estudio [oficina de arquitectos]"}]},{"@type":"WebSite","@id":"https:\/\/www.arquimaster.com.ar\/web\/#website","url":"https:\/\/www.arquimaster.com.ar\/web\/","name":"Arquimaster","description":"Web de arquitectura, dise\u00f1o y construccion","publisher":{"@id":"https:\/\/www.arquimaster.com.ar\/web\/#organization"},"potentialAction":[{"@type":"SearchAction","target":{"@type":"EntryPoint","urlTemplate":"https:\/\/www.arquimaster.com.ar\/web\/?s={search_term_string}"},"query-input":{"@type":"PropertyValueSpecification","valueRequired":true,"valueName":"search_term_string"}}],"inLanguage":"es"},{"@type":"Organization","@id":"https:\/\/www.arquimaster.com.ar\/web\/#organization","name":"Arquimaster","url":"https:\/\/www.arquimaster.com.ar\/web\/","logo":{"@type":"ImageObject","inLanguage":"es","@id":"https:\/\/www.arquimaster.com.ar\/web\/#\/schema\/logo\/image\/","url":"https:\/\/www.arquimaster.com.ar\/web\/wp-content\/uploads\/2022\/06\/arquimaster.png","contentUrl":"https:\/\/www.arquimaster.com.ar\/web\/wp-content\/uploads\/2022\/06\/arquimaster.png","width":594,"height":78,"caption":"Arquimaster"},"image":{"@id":"https:\/\/www.arquimaster.com.ar\/web\/#\/schema\/logo\/image\/"},"sameAs":["http:\/\/www.facebook.com\/ARQUIMASTER.com.ar","https:\/\/x.com\/arquimaster","https:\/\/www.instagram.com\/arquimasterblog\/","https:\/\/www.linkedin.com\/company\/arquimaster","https:\/\/www.pinterest.com\/arquimaster","https:\/\/t.me\/arquimaster"]},{"@type":"Person","@id":"https:\/\/www.arquimaster.com.ar\/web\/#\/schema\/person\/359e9f7c00193fcde068e0dd2ceb0028","name":"Arquimaster"}]}},"uagb_featured_image_src":{"full":["https:\/\/www.arquimaster.com.ar\/web\/wp-content\/uploads\/2021\/06\/departamento_d377_slide.jpg",698,364,false],"thumbnail":["https:\/\/www.arquimaster.com.ar\/web\/wp-content\/uploads\/2021\/06\/departamento_d377_slide-150x150.jpg",150,150,true],"medium":["https:\/\/www.arquimaster.com.ar\/web\/wp-content\/uploads\/2021\/06\/departamento_d377_slide.jpg",698,364,false],"medium_large":["https:\/\/www.arquimaster.com.ar\/web\/wp-content\/uploads\/2021\/06\/departamento_d377_slide.jpg",698,364,false],"large":["https:\/\/www.arquimaster.com.ar\/web\/wp-content\/uploads\/2021\/06\/departamento_d377_slide.jpg",698,364,false],"1536x1536":["https:\/\/www.arquimaster.com.ar\/web\/wp-content\/uploads\/2021\/06\/departamento_d377_slide.jpg",698,364,false],"2048x2048":["https:\/\/www.arquimaster.com.ar\/web\/wp-content\/uploads\/2021\/06\/departamento_d377_slide.jpg",698,364,false]},"uagb_author_info":{"display_name":"Arquimaster","author_link":"https:\/\/www.arquimaster.com.ar\/web\/author\/arquimaster\/"},"uagb_comment_info":0,"uagb_excerpt":"Se opta por materiales de la construcci\u00f3n tradicional propios de la zona como el ladrillo...","_links":{"self":[{"href":"https:\/\/www.arquimaster.com.ar\/web\/wp-json\/wp\/v2\/posts\/66022","targetHints":{"allow":["GET"]}}],"collection":[{"href":"https:\/\/www.arquimaster.com.ar\/web\/wp-json\/wp\/v2\/posts"}],"about":[{"href":"https:\/\/www.arquimaster.com.ar\/web\/wp-json\/wp\/v2\/types\/post"}],"author":[{"embeddable":true,"href":"https:\/\/www.arquimaster.com.ar\/web\/wp-json\/wp\/v2\/users\/1"}],"replies":[{"embeddable":true,"href":"https:\/\/www.arquimaster.com.ar\/web\/wp-json\/wp\/v2\/comments?post=66022"}],"version-history":[{"count":2,"href":"https:\/\/www.arquimaster.com.ar\/web\/wp-json\/wp\/v2\/posts\/66022\/revisions"}],"predecessor-version":[{"id":66052,"href":"https:\/\/www.arquimaster.com.ar\/web\/wp-json\/wp\/v2\/posts\/66022\/revisions\/66052"}],"wp:featuredmedia":[{"embeddable":true,"href":"https:\/\/www.arquimaster.com.ar\/web\/wp-json\/wp\/v2\/media\/66050"}],"wp:attachment":[{"href":"https:\/\/www.arquimaster.com.ar\/web\/wp-json\/wp\/v2\/media?parent=66022"}],"wp:term":[{"taxonomy":"category","embeddable":true,"href":"https:\/\/www.arquimaster.com.ar\/web\/wp-json\/wp\/v2\/categories?post=66022"},{"taxonomy":"post_tag","embeddable":true,"href":"https:\/\/www.arquimaster.com.ar\/web\/wp-json\/wp\/v2\/tags?post=66022"}],"curies":[{"name":"wp","href":"https:\/\/api.w.org\/{rel}","templated":true}]}}