{"id":66204,"date":"2021-07-08T16:23:51","date_gmt":"2021-07-08T19:23:51","guid":{"rendered":"https:\/\/www.arquimaster.com.ar\/web\/?p=66204"},"modified":"2022-01-05T19:14:01","modified_gmt":"2022-01-05T22:14:01","slug":"lan-4-formas-de-habitar-el-vinedo-oe-architect","status":"publish","type":"post","link":"https:\/\/www.arquimaster.com.ar\/web\/lan-4-formas-de-habitar-el-vinedo-oe-architect\/","title":{"rendered":"LAN-4, formas de habitar el vi\u00f1edo \/ oe architect"},"content":{"rendered":"<div style=\"margin-top: 0px; margin-bottom: 0px;\" class=\"sharethis-inline-share-buttons\" ><\/div><div class=\"b812932af2e751442846f039925109de\" data-index=\"1\" style=\"float: none; margin:25px 0 25px 0; text-align:center;\">\n<script async src=\"https:\/\/pagead2.googlesyndication.com\/pagead\/js\/adsbygoogle.js\"><\/script>\r\n<!-- Arquimaster (superior) -->\r\n<ins class=\"adsbygoogle\"\r\n     style=\"display:block\"\r\n     data-ad-client=\"ca-pub-6351072698456832\"\r\n     data-ad-slot=\"6455489680\"\r\n     data-ad-format=\"auto\"\r\n     data-full-width-responsive=\"true\"><\/ins>\r\n<script>\r\n     (adsbygoogle = window.adsbygoogle || []).push({});\r\n<\/script>\n<\/div>\n<p><strong>LAN-4, formas de habitar el vi\u00f1edo<\/strong> (Vi\u00f1a Lanciano de Bodegas LAN, La Rioja, Espa\u00f1a) por <strong>oe architect<\/strong>. Somos un despacho peque\u00f1o emergente de arquitectura llamado oe architect, liderado por Alejandro Ram\u00edrez, ubicados en la ciudad de M\u00e9xico desde el 2019. Nos dedicamos a la restauraci\u00f3n, planeaci\u00f3n y desarrollo de proyectos ejecutivos, adem\u00e1s nuestra pasi\u00f3n es el dise\u00f1o de espacios ef\u00edmeros, siendo este caso, que hemos participado en convocatorias tanto en M\u00e9xico como en el extranjero.<\/p>\n<p>En uno de estos -un concurso en Espa\u00f1a, una intervenci\u00f3n en un vi\u00f1edo nombrado Vi\u00f1a Lanciano-, revisamos las fotos, convencidos de que podr\u00edamos lograr algo completamente po\u00e9tico para LAN, de este modo decidimos participar. Este concurso -\u00abFestival Internacional de Arquitectura y Dise\u00f1o de Logro\u00f1o, Espa\u00f1a\u00bb- se realizada cada a\u00f1o, siendo la \u00faltima edici\u00f3n Conc\u00e9ntrico 06 que se realiz\u00f3 del 3 al 6 de septiembre de 2020.<\/p>\n<div id='gallery-1' class='gallery galleryid-66204 gallery-columns-3 gallery-size-thumbnail'><figure class='gallery-item'>\n\t\t\t<div class='gallery-icon landscape'>\n\t\t\t\t<a href='https:\/\/www.arquimaster.com.ar\/web\/wp-content\/uploads\/2021\/07\/lan-4_1.jpg' title=\"LAN-4, formas de habitar el vi\u00f1edo \/ oe architect (\u00a9 Josema Cutillas)\" data-rl_title=\"LAN-4, formas de habitar el vi\u00f1edo \/ oe architect (\u00a9 Josema Cutillas)\" class=\"rl-gallery-link\" data-rl_caption=\"LAN-4, formas de habitar el vi\u00f1edo \/ oe architect (\u00a9 Josema Cutillas)\" data-rel=\"lightbox-gallery-1\"><img loading=\"lazy\" decoding=\"async\" width=\"150\" height=\"150\" src=\"https:\/\/www.arquimaster.com.ar\/web\/wp-content\/uploads\/2021\/07\/lan-4_1-150x150.jpg\" class=\"attachment-thumbnail size-thumbnail\" alt=\"LAN-4, formas de habitar el vi\u00f1edo \/ oe architect\" aria-describedby=\"gallery-1-66205\" \/><\/a>\n\t\t\t<\/div>\n\t\t\t\t<figcaption class='wp-caption-text gallery-caption' id='gallery-1-66205'>\n\t\t\t\tLAN-4, formas de habitar el vi\u00f1edo \/ oe architect (\u00a9 Josema Cutillas)\n\t\t\t\t<\/figcaption><\/figure><figure class='gallery-item'>\n\t\t\t<div class='gallery-icon portrait'>\n\t\t\t\t<a href='https:\/\/www.arquimaster.com.ar\/web\/wp-content\/uploads\/2021\/07\/lan-4_2.jpg' title=\"LAN-4, formas de habitar el vi\u00f1edo \/ oe architect (\u00a9 Josema Cutillas)\" data-rl_title=\"LAN-4, formas de habitar el vi\u00f1edo \/ oe architect (\u00a9 Josema Cutillas)\" class=\"rl-gallery-link\" data-rl_caption=\"LAN-4, formas de habitar el vi\u00f1edo \/ oe architect (\u00a9 Josema Cutillas)\" data-rel=\"lightbox-gallery-1\"><img loading=\"lazy\" decoding=\"async\" width=\"150\" height=\"150\" src=\"https:\/\/www.arquimaster.com.ar\/web\/wp-content\/uploads\/2021\/07\/lan-4_2-150x150.jpg\" class=\"attachment-thumbnail size-thumbnail\" alt=\"LAN-4, formas de habitar el vi\u00f1edo \/ oe architect\" aria-describedby=\"gallery-1-66206\" \/><\/a>\n\t\t\t<\/div>\n\t\t\t\t<figcaption class='wp-caption-text gallery-caption' id='gallery-1-66206'>\n\t\t\t\tLAN-4, formas de habitar el vi\u00f1edo \/ oe architect (\u00a9 Josema Cutillas)\n\t\t\t\t<\/figcaption><\/figure><figure class='gallery-item'>\n\t\t\t<div class='gallery-icon landscape'>\n\t\t\t\t<a href='https:\/\/www.arquimaster.com.ar\/web\/wp-content\/uploads\/2021\/07\/lan-4_3.jpg' title=\"LAN-4, formas de habitar el vi\u00f1edo \/ oe architect (\u00a9 Josema Cutillas)\" data-rl_title=\"LAN-4, formas de habitar el vi\u00f1edo \/ oe architect (\u00a9 Josema Cutillas)\" class=\"rl-gallery-link\" data-rl_caption=\"LAN-4, formas de habitar el vi\u00f1edo \/ oe architect (\u00a9 Josema Cutillas)\" data-rel=\"lightbox-gallery-1\"><img loading=\"lazy\" decoding=\"async\" width=\"150\" height=\"150\" src=\"https:\/\/www.arquimaster.com.ar\/web\/wp-content\/uploads\/2021\/07\/lan-4_3-150x150.jpg\" class=\"attachment-thumbnail size-thumbnail\" alt=\"LAN-4, formas de habitar el vi\u00f1edo \/ oe architect\" aria-describedby=\"gallery-1-66207\" \/><\/a>\n\t\t\t<\/div>\n\t\t\t\t<figcaption class='wp-caption-text gallery-caption' id='gallery-1-66207'>\n\t\t\t\tLAN-4, formas de habitar el vi\u00f1edo \/ oe architect (\u00a9 Josema Cutillas)\n\t\t\t\t<\/figcaption><\/figure><figure class='gallery-item'>\n\t\t\t<div class='gallery-icon portrait'>\n\t\t\t\t<a href='https:\/\/www.arquimaster.com.ar\/web\/wp-content\/uploads\/2021\/07\/lan-4_4.jpg' title=\"LAN-4, formas de habitar el vi\u00f1edo \/ oe architect (\u00a9 Josema Cutillas)\" data-rl_title=\"LAN-4, formas de habitar el vi\u00f1edo \/ oe architect (\u00a9 Josema Cutillas)\" class=\"rl-gallery-link\" data-rl_caption=\"LAN-4, formas de habitar el vi\u00f1edo \/ oe architect (\u00a9 Josema Cutillas)\" data-rel=\"lightbox-gallery-1\"><img loading=\"lazy\" decoding=\"async\" width=\"150\" height=\"150\" src=\"https:\/\/www.arquimaster.com.ar\/web\/wp-content\/uploads\/2021\/07\/lan-4_4-150x150.jpg\" class=\"attachment-thumbnail size-thumbnail\" alt=\"LAN-4, formas de habitar el vi\u00f1edo \/ oe architect\" aria-describedby=\"gallery-1-66209\" \/><\/a>\n\t\t\t<\/div>\n\t\t\t\t<figcaption class='wp-caption-text gallery-caption' id='gallery-1-66209'>\n\t\t\t\tLAN-4, formas de habitar el vi\u00f1edo \/ oe architect (\u00a9 Josema Cutillas)\n\t\t\t\t<\/figcaption><\/figure><figure class='gallery-item'>\n\t\t\t<div class='gallery-icon landscape'>\n\t\t\t\t<a href='https:\/\/www.arquimaster.com.ar\/web\/wp-content\/uploads\/2021\/07\/lan-4_5.jpg' title=\"LAN-4, formas de habitar el vi\u00f1edo \/ oe architect (\u00a9 Josema Cutillas)\" data-rl_title=\"LAN-4, formas de habitar el vi\u00f1edo \/ oe architect (\u00a9 Josema Cutillas)\" class=\"rl-gallery-link\" data-rl_caption=\"LAN-4, formas de habitar el vi\u00f1edo \/ oe architect (\u00a9 Josema Cutillas)\" data-rel=\"lightbox-gallery-1\"><img loading=\"lazy\" decoding=\"async\" width=\"150\" height=\"150\" src=\"https:\/\/www.arquimaster.com.ar\/web\/wp-content\/uploads\/2021\/07\/lan-4_5-150x150.jpg\" class=\"attachment-thumbnail size-thumbnail\" alt=\"LAN-4, formas de habitar el vi\u00f1edo \/ oe architect\" aria-describedby=\"gallery-1-66210\" \/><\/a>\n\t\t\t<\/div>\n\t\t\t\t<figcaption class='wp-caption-text gallery-caption' id='gallery-1-66210'>\n\t\t\t\tLAN-4, formas de habitar el vi\u00f1edo \/ oe architect (\u00a9 Josema Cutillas)\n\t\t\t\t<\/figcaption><\/figure><figure class='gallery-item'>\n\t\t\t<div class='gallery-icon landscape'>\n\t\t\t\t<a href='https:\/\/www.arquimaster.com.ar\/web\/wp-content\/uploads\/2021\/07\/lan-4_6.jpg' title=\"LAN-4, formas de habitar el vi\u00f1edo \/ oe architect (\u00a9 Josema Cutillas)\" data-rl_title=\"LAN-4, formas de habitar el vi\u00f1edo \/ oe architect (\u00a9 Josema Cutillas)\" class=\"rl-gallery-link\" data-rl_caption=\"LAN-4, formas de habitar el vi\u00f1edo \/ oe architect (\u00a9 Josema Cutillas)\" data-rel=\"lightbox-gallery-1\"><img loading=\"lazy\" decoding=\"async\" width=\"150\" height=\"150\" src=\"https:\/\/www.arquimaster.com.ar\/web\/wp-content\/uploads\/2021\/07\/lan-4_6-150x150.jpg\" class=\"attachment-thumbnail size-thumbnail\" alt=\"LAN-4, formas de habitar el vi\u00f1edo \/ oe architect\" aria-describedby=\"gallery-1-66211\" \/><\/a>\n\t\t\t<\/div>\n\t\t\t\t<figcaption class='wp-caption-text gallery-caption' id='gallery-1-66211'>\n\t\t\t\tLAN-4, formas de habitar el vi\u00f1edo \/ oe architect (\u00a9 Josema Cutillas)\n\t\t\t\t<\/figcaption><\/figure><figure class='gallery-item'>\n\t\t\t<div class='gallery-icon landscape'>\n\t\t\t\t<a href='https:\/\/www.arquimaster.com.ar\/web\/wp-content\/uploads\/2021\/07\/lan-4_7.jpg' title=\"LAN-4, formas de habitar el vi\u00f1edo \/ oe architect (\u00a9 Josema Cutillas)\" data-rl_title=\"LAN-4, formas de habitar el vi\u00f1edo \/ oe architect (\u00a9 Josema Cutillas)\" class=\"rl-gallery-link\" data-rl_caption=\"LAN-4, formas de habitar el vi\u00f1edo \/ oe architect (\u00a9 Josema Cutillas)\" data-rel=\"lightbox-gallery-1\"><img loading=\"lazy\" decoding=\"async\" width=\"150\" height=\"150\" src=\"https:\/\/www.arquimaster.com.ar\/web\/wp-content\/uploads\/2021\/07\/lan-4_7-150x150.jpg\" class=\"attachment-thumbnail size-thumbnail\" alt=\"LAN-4, formas de habitar el vi\u00f1edo \/ oe architect\" aria-describedby=\"gallery-1-66212\" \/><\/a>\n\t\t\t<\/div>\n\t\t\t\t<figcaption class='wp-caption-text gallery-caption' id='gallery-1-66212'>\n\t\t\t\tLAN-4, formas de habitar el vi\u00f1edo \/ oe architect (\u00a9 Josema Cutillas)\n\t\t\t\t<\/figcaption><\/figure><figure class='gallery-item'>\n\t\t\t<div class='gallery-icon landscape'>\n\t\t\t\t<a href='https:\/\/www.arquimaster.com.ar\/web\/wp-content\/uploads\/2021\/07\/lan-4_8.jpg' title=\"LAN-4, formas de habitar el vi\u00f1edo \/ oe architect (\u00a9 Josema Cutillas)\" data-rl_title=\"LAN-4, formas de habitar el vi\u00f1edo \/ oe architect (\u00a9 Josema Cutillas)\" class=\"rl-gallery-link\" data-rl_caption=\"LAN-4, formas de habitar el vi\u00f1edo \/ oe architect (\u00a9 Josema Cutillas)\" data-rel=\"lightbox-gallery-1\"><img loading=\"lazy\" decoding=\"async\" width=\"150\" height=\"150\" src=\"https:\/\/www.arquimaster.com.ar\/web\/wp-content\/uploads\/2021\/07\/lan-4_8-150x150.jpg\" class=\"attachment-thumbnail size-thumbnail\" alt=\"LAN-4, formas de habitar el vi\u00f1edo \/ oe architect\" aria-describedby=\"gallery-1-66213\" \/><\/a>\n\t\t\t<\/div>\n\t\t\t\t<figcaption class='wp-caption-text gallery-caption' id='gallery-1-66213'>\n\t\t\t\tLAN-4, formas de habitar el vi\u00f1edo \/ oe architect (\u00a9 Josema Cutillas)\n\t\t\t\t<\/figcaption><\/figure><figure class='gallery-item'>\n\t\t\t<div class='gallery-icon landscape'>\n\t\t\t\t<a href='https:\/\/www.arquimaster.com.ar\/web\/wp-content\/uploads\/2021\/07\/lan-4_9.jpg' title=\"LAN-4, formas de habitar el vi\u00f1edo \/ oe architect (\u00a9 Josema Cutillas)\" data-rl_title=\"LAN-4, formas de habitar el vi\u00f1edo \/ oe architect (\u00a9 Josema Cutillas)\" class=\"rl-gallery-link\" data-rl_caption=\"LAN-4, formas de habitar el vi\u00f1edo \/ oe architect (\u00a9 Josema Cutillas)\" data-rel=\"lightbox-gallery-1\"><img loading=\"lazy\" decoding=\"async\" width=\"150\" height=\"150\" src=\"https:\/\/www.arquimaster.com.ar\/web\/wp-content\/uploads\/2021\/07\/lan-4_9-150x150.jpg\" class=\"attachment-thumbnail size-thumbnail\" alt=\"LAN-4, formas de habitar el vi\u00f1edo \/ oe architect\" aria-describedby=\"gallery-1-66214\" \/><\/a>\n\t\t\t<\/div>\n\t\t\t\t<figcaption class='wp-caption-text gallery-caption' id='gallery-1-66214'>\n\t\t\t\tLAN-4, formas de habitar el vi\u00f1edo \/ oe architect (\u00a9 Josema Cutillas)\n\t\t\t\t<\/figcaption><\/figure><figure class='gallery-item'>\n\t\t\t<div class='gallery-icon landscape'>\n\t\t\t\t<a href='https:\/\/www.arquimaster.com.ar\/web\/wp-content\/uploads\/2021\/07\/lan-4_10.jpg' title=\"LAN-4, formas de habitar el vi\u00f1edo \/ oe architect (\u00a9 Josema Cutillas)\" data-rl_title=\"LAN-4, formas de habitar el vi\u00f1edo \/ oe architect (\u00a9 Josema Cutillas)\" class=\"rl-gallery-link\" data-rl_caption=\"LAN-4, formas de habitar el vi\u00f1edo \/ oe architect (\u00a9 Josema Cutillas)\" data-rel=\"lightbox-gallery-1\"><img loading=\"lazy\" decoding=\"async\" width=\"150\" height=\"150\" src=\"https:\/\/www.arquimaster.com.ar\/web\/wp-content\/uploads\/2021\/07\/lan-4_10-150x150.jpg\" class=\"attachment-thumbnail size-thumbnail\" alt=\"LAN-4, formas de habitar el vi\u00f1edo \/ oe architect\" aria-describedby=\"gallery-1-66215\" \/><\/a>\n\t\t\t<\/div>\n\t\t\t\t<figcaption class='wp-caption-text gallery-caption' id='gallery-1-66215'>\n\t\t\t\tLAN-4, formas de habitar el vi\u00f1edo \/ oe architect (\u00a9 Josema Cutillas)\n\t\t\t\t<\/figcaption><\/figure><figure class='gallery-item'>\n\t\t\t<div class='gallery-icon landscape'>\n\t\t\t\t<a href='https:\/\/www.arquimaster.com.ar\/web\/wp-content\/uploads\/2021\/07\/lan-4_11.jpg' title=\"LAN-4, formas de habitar el vi\u00f1edo \/ oe architect (\u00a9 Josema Cutillas)\" data-rl_title=\"LAN-4, formas de habitar el vi\u00f1edo \/ oe architect (\u00a9 Josema Cutillas)\" class=\"rl-gallery-link\" data-rl_caption=\"LAN-4, formas de habitar el vi\u00f1edo \/ oe architect (\u00a9 Josema Cutillas)\" data-rel=\"lightbox-gallery-1\"><img loading=\"lazy\" decoding=\"async\" width=\"150\" height=\"150\" src=\"https:\/\/www.arquimaster.com.ar\/web\/wp-content\/uploads\/2021\/07\/lan-4_11-150x150.jpg\" class=\"attachment-thumbnail size-thumbnail\" alt=\"LAN-4, formas de habitar el vi\u00f1edo \/ oe architect\" aria-describedby=\"gallery-1-66216\" \/><\/a>\n\t\t\t<\/div>\n\t\t\t\t<figcaption class='wp-caption-text gallery-caption' id='gallery-1-66216'>\n\t\t\t\tLAN-4, formas de habitar el vi\u00f1edo \/ oe architect (\u00a9 Josema Cutillas)\n\t\t\t\t<\/figcaption><\/figure><figure class='gallery-item'>\n\t\t\t<div class='gallery-icon portrait'>\n\t\t\t\t<a href='https:\/\/www.arquimaster.com.ar\/web\/wp-content\/uploads\/2021\/07\/lan-4_12.jpg' title=\"LAN-4, formas de habitar el vi\u00f1edo \/ oe architect (\u00a9 Josema Cutillas)\" data-rl_title=\"LAN-4, formas de habitar el vi\u00f1edo \/ oe architect (\u00a9 Josema Cutillas)\" class=\"rl-gallery-link\" data-rl_caption=\"LAN-4, formas de habitar el vi\u00f1edo \/ oe architect (\u00a9 Josema Cutillas)\" data-rel=\"lightbox-gallery-1\"><img loading=\"lazy\" decoding=\"async\" width=\"150\" height=\"150\" src=\"https:\/\/www.arquimaster.com.ar\/web\/wp-content\/uploads\/2021\/07\/lan-4_12-150x150.jpg\" class=\"attachment-thumbnail size-thumbnail\" alt=\"LAN-4, formas de habitar el vi\u00f1edo \/ oe architect\" aria-describedby=\"gallery-1-66217\" \/><\/a>\n\t\t\t<\/div>\n\t\t\t\t<figcaption class='wp-caption-text gallery-caption' id='gallery-1-66217'>\n\t\t\t\tLAN-4, formas de habitar el vi\u00f1edo \/ oe architect (\u00a9 Josema Cutillas)\n\t\t\t\t<\/figcaption><\/figure><figure class='gallery-item'>\n\t\t\t<div class='gallery-icon landscape'>\n\t\t\t\t<a href='https:\/\/www.arquimaster.com.ar\/web\/wp-content\/uploads\/2021\/07\/lan-4_13.jpg' title=\"LAN-4, formas de habitar el vi\u00f1edo \/ oe architect (\u00a9 Josema Cutillas)\" data-rl_title=\"LAN-4, formas de habitar el vi\u00f1edo \/ oe architect (\u00a9 Josema Cutillas)\" class=\"rl-gallery-link\" data-rl_caption=\"LAN-4, formas de habitar el vi\u00f1edo \/ oe architect (\u00a9 Josema Cutillas)\" data-rel=\"lightbox-gallery-1\"><img loading=\"lazy\" decoding=\"async\" width=\"150\" height=\"150\" src=\"https:\/\/www.arquimaster.com.ar\/web\/wp-content\/uploads\/2021\/07\/lan-4_13-150x150.jpg\" class=\"attachment-thumbnail size-thumbnail\" alt=\"LAN-4, formas de habitar el vi\u00f1edo \/ oe architect\" aria-describedby=\"gallery-1-66218\" \/><\/a>\n\t\t\t<\/div>\n\t\t\t\t<figcaption class='wp-caption-text gallery-caption' id='gallery-1-66218'>\n\t\t\t\tLAN-4, formas de habitar el vi\u00f1edo \/ oe architect (\u00a9 Josema Cutillas)\n\t\t\t\t<\/figcaption><\/figure><figure class='gallery-item'>\n\t\t\t<div class='gallery-icon portrait'>\n\t\t\t\t<a href='https:\/\/www.arquimaster.com.ar\/web\/wp-content\/uploads\/2021\/07\/lan-4_14.jpg' title=\"LAN-4, formas de habitar el vi\u00f1edo \/ oe architect (\u00a9 Josema Cutillas)\" data-rl_title=\"LAN-4, formas de habitar el vi\u00f1edo \/ oe architect (\u00a9 Josema Cutillas)\" class=\"rl-gallery-link\" data-rl_caption=\"LAN-4, formas de habitar el vi\u00f1edo \/ oe architect (\u00a9 Josema Cutillas)\" data-rel=\"lightbox-gallery-1\"><img loading=\"lazy\" decoding=\"async\" width=\"150\" height=\"150\" src=\"https:\/\/www.arquimaster.com.ar\/web\/wp-content\/uploads\/2021\/07\/lan-4_14-150x150.jpg\" class=\"attachment-thumbnail size-thumbnail\" alt=\"LAN-4, formas de habitar el vi\u00f1edo \/ oe architect\" aria-describedby=\"gallery-1-66219\" \/><\/a>\n\t\t\t<\/div>\n\t\t\t\t<figcaption class='wp-caption-text gallery-caption' id='gallery-1-66219'>\n\t\t\t\tLAN-4, formas de habitar el vi\u00f1edo \/ oe architect (\u00a9 Josema Cutillas)\n\t\t\t\t<\/figcaption><\/figure><figure class='gallery-item'>\n\t\t\t<div class='gallery-icon portrait'>\n\t\t\t\t<a href='https:\/\/www.arquimaster.com.ar\/web\/wp-content\/uploads\/2021\/07\/lan-4_15.jpg' title=\"LAN-4, formas de habitar el vi\u00f1edo \/ oe architect (\u00a9 Josema Cutillas)\" data-rl_title=\"LAN-4, formas de habitar el vi\u00f1edo \/ oe architect (\u00a9 Josema Cutillas)\" class=\"rl-gallery-link\" data-rl_caption=\"LAN-4, formas de habitar el vi\u00f1edo \/ oe architect (\u00a9 Josema Cutillas)\" data-rel=\"lightbox-gallery-1\"><img loading=\"lazy\" decoding=\"async\" width=\"150\" height=\"150\" src=\"https:\/\/www.arquimaster.com.ar\/web\/wp-content\/uploads\/2021\/07\/lan-4_15-150x150.jpg\" class=\"attachment-thumbnail size-thumbnail\" alt=\"LAN-4, formas de habitar el vi\u00f1edo \/ oe architect\" aria-describedby=\"gallery-1-66220\" \/><\/a>\n\t\t\t<\/div>\n\t\t\t\t<figcaption class='wp-caption-text gallery-caption' id='gallery-1-66220'>\n\t\t\t\tLAN-4, formas de habitar el vi\u00f1edo \/ oe architect (\u00a9 Josema Cutillas)\n\t\t\t\t<\/figcaption><\/figure><figure class='gallery-item'>\n\t\t\t<div class='gallery-icon portrait'>\n\t\t\t\t<a href='https:\/\/www.arquimaster.com.ar\/web\/wp-content\/uploads\/2021\/07\/lan-4_16.jpg' title=\"LAN-4, formas de habitar el vi\u00f1edo \/ oe architect (\u00a9 Josema Cutillas)\" data-rl_title=\"LAN-4, formas de habitar el vi\u00f1edo \/ oe architect (\u00a9 Josema Cutillas)\" class=\"rl-gallery-link\" data-rl_caption=\"LAN-4, formas de habitar el vi\u00f1edo \/ oe architect (\u00a9 Josema Cutillas)\" data-rel=\"lightbox-gallery-1\"><img loading=\"lazy\" decoding=\"async\" width=\"150\" height=\"150\" src=\"https:\/\/www.arquimaster.com.ar\/web\/wp-content\/uploads\/2021\/07\/lan-4_16-150x150.jpg\" class=\"attachment-thumbnail size-thumbnail\" alt=\"LAN-4, formas de habitar el vi\u00f1edo \/ oe architect\" aria-describedby=\"gallery-1-66221\" \/><\/a>\n\t\t\t<\/div>\n\t\t\t\t<figcaption class='wp-caption-text gallery-caption' id='gallery-1-66221'>\n\t\t\t\tLAN-4, formas de habitar el vi\u00f1edo \/ oe architect (\u00a9 Josema Cutillas)\n\t\t\t\t<\/figcaption><\/figure><figure class='gallery-item'>\n\t\t\t<div class='gallery-icon landscape'>\n\t\t\t\t<a href='https:\/\/www.arquimaster.com.ar\/web\/wp-content\/uploads\/2021\/07\/lan-4_17.jpg' title=\"LAN-4, formas de habitar el vi\u00f1edo \/ oe architect (\u00a9 Josema Cutillas)\" data-rl_title=\"LAN-4, formas de habitar el vi\u00f1edo \/ oe architect (\u00a9 Josema Cutillas)\" class=\"rl-gallery-link\" data-rl_caption=\"LAN-4, formas de habitar el vi\u00f1edo \/ oe architect (\u00a9 Josema Cutillas)\" data-rel=\"lightbox-gallery-1\"><img loading=\"lazy\" decoding=\"async\" width=\"150\" height=\"150\" src=\"https:\/\/www.arquimaster.com.ar\/web\/wp-content\/uploads\/2021\/07\/lan-4_17-150x150.jpg\" class=\"attachment-thumbnail size-thumbnail\" alt=\"LAN-4, formas de habitar el vi\u00f1edo \/ oe architect\" aria-describedby=\"gallery-1-66222\" \/><\/a>\n\t\t\t<\/div>\n\t\t\t\t<figcaption class='wp-caption-text gallery-caption' id='gallery-1-66222'>\n\t\t\t\tLAN-4, formas de habitar el vi\u00f1edo \/ oe architect (\u00a9 Josema Cutillas)\n\t\t\t\t<\/figcaption><\/figure><figure class='gallery-item'>\n\t\t\t<div class='gallery-icon portrait'>\n\t\t\t\t<a href='https:\/\/www.arquimaster.com.ar\/web\/wp-content\/uploads\/2021\/07\/lan-4_18.jpg' title=\"LAN-4, formas de habitar el vi\u00f1edo \/ oe architect (\u00a9 Josema Cutillas)\" data-rl_title=\"LAN-4, formas de habitar el vi\u00f1edo \/ oe architect (\u00a9 Josema Cutillas)\" class=\"rl-gallery-link\" data-rl_caption=\"LAN-4, formas de habitar el vi\u00f1edo \/ oe architect (\u00a9 Josema Cutillas)\" data-rel=\"lightbox-gallery-1\"><img loading=\"lazy\" decoding=\"async\" width=\"150\" height=\"150\" src=\"https:\/\/www.arquimaster.com.ar\/web\/wp-content\/uploads\/2021\/07\/lan-4_18-150x150.jpg\" class=\"attachment-thumbnail size-thumbnail\" alt=\"LAN-4, formas de habitar el vi\u00f1edo \/ oe architect\" aria-describedby=\"gallery-1-66223\" \/><\/a>\n\t\t\t<\/div>\n\t\t\t\t<figcaption class='wp-caption-text gallery-caption' id='gallery-1-66223'>\n\t\t\t\tLAN-4, formas de habitar el vi\u00f1edo \/ oe architect (\u00a9 Josema Cutillas)\n\t\t\t\t<\/figcaption><\/figure><figure class='gallery-item'>\n\t\t\t<div class='gallery-icon portrait'>\n\t\t\t\t<a href='https:\/\/www.arquimaster.com.ar\/web\/wp-content\/uploads\/2021\/07\/lan-4_19.jpg' title=\"LAN-4, formas de habitar el vi\u00f1edo \/ oe architect (\u00a9 Josema Cutillas)\" data-rl_title=\"LAN-4, formas de habitar el vi\u00f1edo \/ oe architect (\u00a9 Josema Cutillas)\" class=\"rl-gallery-link\" data-rl_caption=\"LAN-4, formas de habitar el vi\u00f1edo \/ oe architect (\u00a9 Josema Cutillas)\" data-rel=\"lightbox-gallery-1\"><img loading=\"lazy\" decoding=\"async\" width=\"150\" height=\"150\" src=\"https:\/\/www.arquimaster.com.ar\/web\/wp-content\/uploads\/2021\/07\/lan-4_19-150x150.jpg\" class=\"attachment-thumbnail size-thumbnail\" alt=\"LAN-4, formas de habitar el vi\u00f1edo \/ oe architect\" aria-describedby=\"gallery-1-66224\" \/><\/a>\n\t\t\t<\/div>\n\t\t\t\t<figcaption class='wp-caption-text gallery-caption' id='gallery-1-66224'>\n\t\t\t\tLAN-4, formas de habitar el vi\u00f1edo \/ oe architect (\u00a9 Josema Cutillas)\n\t\t\t\t<\/figcaption><\/figure><figure class='gallery-item'>\n\t\t\t<div class='gallery-icon portrait'>\n\t\t\t\t<a href='https:\/\/www.arquimaster.com.ar\/web\/wp-content\/uploads\/2021\/07\/lan-4_20.jpg' title=\"LAN-4, formas de habitar el vi\u00f1edo \/ oe architect (\u00a9 Josema Cutillas)\" data-rl_title=\"LAN-4, formas de habitar el vi\u00f1edo \/ oe architect (\u00a9 Josema Cutillas)\" class=\"rl-gallery-link\" data-rl_caption=\"LAN-4, formas de habitar el vi\u00f1edo \/ oe architect (\u00a9 Josema Cutillas)\" data-rel=\"lightbox-gallery-1\"><img loading=\"lazy\" decoding=\"async\" width=\"150\" height=\"150\" src=\"https:\/\/www.arquimaster.com.ar\/web\/wp-content\/uploads\/2021\/07\/lan-4_20-150x150.jpg\" class=\"attachment-thumbnail size-thumbnail\" alt=\"LAN-4, formas de habitar el vi\u00f1edo \/ oe architect\" aria-describedby=\"gallery-1-66225\" \/><\/a>\n\t\t\t<\/div>\n\t\t\t\t<figcaption class='wp-caption-text gallery-caption' id='gallery-1-66225'>\n\t\t\t\tLAN-4, formas de habitar el vi\u00f1edo \/ oe architect (\u00a9 Josema Cutillas)\n\t\t\t\t<\/figcaption><\/figure><figure class='gallery-item'>\n\t\t\t<div class='gallery-icon portrait'>\n\t\t\t\t<a href='https:\/\/www.arquimaster.com.ar\/web\/wp-content\/uploads\/2021\/07\/lan-4_21.jpg' title=\"LAN-4, formas de habitar el vi\u00f1edo \/ oe architect (\u00a9 Josema Cutillas)\" data-rl_title=\"LAN-4, formas de habitar el vi\u00f1edo \/ oe architect (\u00a9 Josema Cutillas)\" class=\"rl-gallery-link\" data-rl_caption=\"LAN-4, formas de habitar el vi\u00f1edo \/ oe architect (\u00a9 Josema Cutillas)\" data-rel=\"lightbox-gallery-1\"><img loading=\"lazy\" decoding=\"async\" width=\"150\" height=\"150\" src=\"https:\/\/www.arquimaster.com.ar\/web\/wp-content\/uploads\/2021\/07\/lan-4_21-150x150.jpg\" class=\"attachment-thumbnail size-thumbnail\" alt=\"LAN-4, formas de habitar el vi\u00f1edo \/ oe architect\" aria-describedby=\"gallery-1-66226\" \/><\/a>\n\t\t\t<\/div>\n\t\t\t\t<figcaption class='wp-caption-text gallery-caption' id='gallery-1-66226'>\n\t\t\t\tLAN-4, formas de habitar el vi\u00f1edo \/ oe architect (\u00a9 Josema Cutillas)\n\t\t\t\t<\/figcaption><\/figure><figure class='gallery-item'>\n\t\t\t<div class='gallery-icon portrait'>\n\t\t\t\t<a href='https:\/\/www.arquimaster.com.ar\/web\/wp-content\/uploads\/2021\/07\/lan-4_22.jpg' title=\"LAN-4, formas de habitar el vi\u00f1edo \/ oe architect (\u00a9 Javier Ant\u00f3n)\" data-rl_title=\"LAN-4, formas de habitar el vi\u00f1edo \/ oe architect (\u00a9 Javier Ant\u00f3n)\" class=\"rl-gallery-link\" data-rl_caption=\"LAN-4, formas de habitar el vi\u00f1edo \/ oe architect (\u00a9 Javier Ant\u00f3n)\" data-rel=\"lightbox-gallery-1\"><img loading=\"lazy\" decoding=\"async\" width=\"150\" height=\"150\" src=\"https:\/\/www.arquimaster.com.ar\/web\/wp-content\/uploads\/2021\/07\/lan-4_22-150x150.jpg\" class=\"attachment-thumbnail size-thumbnail\" alt=\"LAN-4, formas de habitar el vi\u00f1edo \/ oe architect\" aria-describedby=\"gallery-1-66227\" \/><\/a>\n\t\t\t<\/div>\n\t\t\t\t<figcaption class='wp-caption-text gallery-caption' id='gallery-1-66227'>\n\t\t\t\tLAN-4, formas de habitar el vi\u00f1edo \/ oe architect (\u00a9 Javier Ant\u00f3n)\n\t\t\t\t<\/figcaption><\/figure><figure class='gallery-item'>\n\t\t\t<div class='gallery-icon portrait'>\n\t\t\t\t<a href='https:\/\/www.arquimaster.com.ar\/web\/wp-content\/uploads\/2021\/07\/lan-4_23.jpg' title=\"LAN-4, formas de habitar el vi\u00f1edo \/ oe architect (\u00a9 Javier Ant\u00f3n)\" data-rl_title=\"LAN-4, formas de habitar el vi\u00f1edo \/ oe architect (\u00a9 Javier Ant\u00f3n)\" class=\"rl-gallery-link\" data-rl_caption=\"LAN-4, formas de habitar el vi\u00f1edo \/ oe architect (\u00a9 Javier Ant\u00f3n)\" data-rel=\"lightbox-gallery-1\"><img loading=\"lazy\" decoding=\"async\" width=\"150\" height=\"150\" src=\"https:\/\/www.arquimaster.com.ar\/web\/wp-content\/uploads\/2021\/07\/lan-4_23-150x150.jpg\" class=\"attachment-thumbnail size-thumbnail\" alt=\"LAN-4, formas de habitar el vi\u00f1edo \/ oe architect\" aria-describedby=\"gallery-1-66228\" \/><\/a>\n\t\t\t<\/div>\n\t\t\t\t<figcaption class='wp-caption-text gallery-caption' id='gallery-1-66228'>\n\t\t\t\tLAN-4, formas de habitar el vi\u00f1edo \/ oe architect (\u00a9 Javier Ant\u00f3n)\n\t\t\t\t<\/figcaption><\/figure><figure class='gallery-item'>\n\t\t\t<div class='gallery-icon portrait'>\n\t\t\t\t<a href='https:\/\/www.arquimaster.com.ar\/web\/wp-content\/uploads\/2021\/07\/lan-4_24.jpg' title=\"LAN-4, formas de habitar el vi\u00f1edo \/ oe architect (\u00a9 Javier Ant\u00f3n)\" data-rl_title=\"LAN-4, formas de habitar el vi\u00f1edo \/ oe architect (\u00a9 Javier Ant\u00f3n)\" class=\"rl-gallery-link\" data-rl_caption=\"LAN-4, formas de habitar el vi\u00f1edo \/ oe architect (\u00a9 Javier Ant\u00f3n)\" data-rel=\"lightbox-gallery-1\"><img loading=\"lazy\" decoding=\"async\" width=\"150\" height=\"150\" src=\"https:\/\/www.arquimaster.com.ar\/web\/wp-content\/uploads\/2021\/07\/lan-4_24-150x150.jpg\" class=\"attachment-thumbnail size-thumbnail\" alt=\"LAN-4, formas de habitar el vi\u00f1edo \/ oe architect\" aria-describedby=\"gallery-1-66229\" \/><\/a>\n\t\t\t<\/div>\n\t\t\t\t<figcaption class='wp-caption-text gallery-caption' id='gallery-1-66229'>\n\t\t\t\tLAN-4, formas de habitar el vi\u00f1edo \/ oe architect (\u00a9 Javier Ant\u00f3n)\n\t\t\t\t<\/figcaption><\/figure><figure class='gallery-item'>\n\t\t\t<div class='gallery-icon portrait'>\n\t\t\t\t<a href='https:\/\/www.arquimaster.com.ar\/web\/wp-content\/uploads\/2021\/07\/lan-4_25.jpg' title=\"LAN-4, formas de habitar el vi\u00f1edo \/ oe architect (\u00a9 Javier Ant\u00f3n)\" data-rl_title=\"LAN-4, formas de habitar el vi\u00f1edo \/ oe architect (\u00a9 Javier Ant\u00f3n)\" class=\"rl-gallery-link\" data-rl_caption=\"LAN-4, formas de habitar el vi\u00f1edo \/ oe architect (\u00a9 Javier Ant\u00f3n)\" data-rel=\"lightbox-gallery-1\"><img loading=\"lazy\" decoding=\"async\" width=\"150\" height=\"150\" src=\"https:\/\/www.arquimaster.com.ar\/web\/wp-content\/uploads\/2021\/07\/lan-4_25-150x150.jpg\" class=\"attachment-thumbnail size-thumbnail\" alt=\"LAN-4, formas de habitar el vi\u00f1edo \/ oe architect\" aria-describedby=\"gallery-1-66230\" \/><\/a>\n\t\t\t<\/div>\n\t\t\t\t<figcaption class='wp-caption-text gallery-caption' id='gallery-1-66230'>\n\t\t\t\tLAN-4, formas de habitar el vi\u00f1edo \/ oe architect (\u00a9 Javier Ant\u00f3n)\n\t\t\t\t<\/figcaption><\/figure><figure class='gallery-item'>\n\t\t\t<div class='gallery-icon landscape'>\n\t\t\t\t<a href='https:\/\/www.arquimaster.com.ar\/web\/wp-content\/uploads\/2021\/07\/lan-4_26.jpg' title=\"LAN-4, formas de habitar el vi\u00f1edo \/ oe architect (\u00a9 Javier Ant\u00f3n)\" data-rl_title=\"LAN-4, formas de habitar el vi\u00f1edo \/ oe architect (\u00a9 Javier Ant\u00f3n)\" class=\"rl-gallery-link\" data-rl_caption=\"LAN-4, formas de habitar el vi\u00f1edo \/ oe architect (\u00a9 Javier Ant\u00f3n)\" data-rel=\"lightbox-gallery-1\"><img loading=\"lazy\" decoding=\"async\" width=\"150\" height=\"150\" src=\"https:\/\/www.arquimaster.com.ar\/web\/wp-content\/uploads\/2021\/07\/lan-4_26-150x150.jpg\" class=\"attachment-thumbnail size-thumbnail\" alt=\"LAN-4, formas de habitar el vi\u00f1edo \/ oe architect\" aria-describedby=\"gallery-1-66231\" \/><\/a>\n\t\t\t<\/div>\n\t\t\t\t<figcaption class='wp-caption-text gallery-caption' id='gallery-1-66231'>\n\t\t\t\tLAN-4, formas de habitar el vi\u00f1edo \/ oe architect (\u00a9 Javier Ant\u00f3n)\n\t\t\t\t<\/figcaption><\/figure><figure class='gallery-item'>\n\t\t\t<div class='gallery-icon landscape'>\n\t\t\t\t<a href='https:\/\/www.arquimaster.com.ar\/web\/wp-content\/uploads\/2021\/07\/lan-4_27.jpg' title=\"LAN-4, formas de habitar el vi\u00f1edo \/ oe architect (\u00a9 Javier Ant\u00f3n)\" data-rl_title=\"LAN-4, formas de habitar el vi\u00f1edo \/ oe architect (\u00a9 Javier Ant\u00f3n)\" class=\"rl-gallery-link\" data-rl_caption=\"LAN-4, formas de habitar el vi\u00f1edo \/ oe architect (\u00a9 Javier Ant\u00f3n)\" data-rel=\"lightbox-gallery-1\"><img loading=\"lazy\" decoding=\"async\" width=\"150\" height=\"150\" src=\"https:\/\/www.arquimaster.com.ar\/web\/wp-content\/uploads\/2021\/07\/lan-4_27-150x150.jpg\" class=\"attachment-thumbnail size-thumbnail\" alt=\"LAN-4, formas de habitar el vi\u00f1edo \/ oe architect\" aria-describedby=\"gallery-1-66232\" \/><\/a>\n\t\t\t<\/div>\n\t\t\t\t<figcaption class='wp-caption-text gallery-caption' id='gallery-1-66232'>\n\t\t\t\tLAN-4, formas de habitar el vi\u00f1edo \/ oe architect (\u00a9 Javier Ant\u00f3n)\n\t\t\t\t<\/figcaption><\/figure><figure class='gallery-item'>\n\t\t\t<div class='gallery-icon portrait'>\n\t\t\t\t<a href='https:\/\/www.arquimaster.com.ar\/web\/wp-content\/uploads\/2021\/07\/lan-4_28.jpg' title=\"LAN-4, formas de habitar el vi\u00f1edo \/ oe architect (\u00a9 Javier Ant\u00f3n)\" data-rl_title=\"LAN-4, formas de habitar el vi\u00f1edo \/ oe architect (\u00a9 Javier Ant\u00f3n)\" class=\"rl-gallery-link\" data-rl_caption=\"LAN-4, formas de habitar el vi\u00f1edo \/ oe architect (\u00a9 Javier Ant\u00f3n)\" data-rel=\"lightbox-gallery-1\"><img loading=\"lazy\" decoding=\"async\" width=\"150\" height=\"150\" src=\"https:\/\/www.arquimaster.com.ar\/web\/wp-content\/uploads\/2021\/07\/lan-4_28-150x150.jpg\" class=\"attachment-thumbnail size-thumbnail\" alt=\"LAN-4, formas de habitar el vi\u00f1edo \/ oe architect\" aria-describedby=\"gallery-1-66233\" \/><\/a>\n\t\t\t<\/div>\n\t\t\t\t<figcaption class='wp-caption-text gallery-caption' id='gallery-1-66233'>\n\t\t\t\tLAN-4, formas de habitar el vi\u00f1edo \/ oe architect (\u00a9 Javier Ant\u00f3n)\n\t\t\t\t<\/figcaption><\/figure><figure class='gallery-item'>\n\t\t\t<div class='gallery-icon landscape'>\n\t\t\t\t<a href='https:\/\/www.arquimaster.com.ar\/web\/wp-content\/uploads\/2021\/07\/lan-4_29.jpg' title=\"LAN-4, formas de habitar el vi\u00f1edo \/ oe architect (emplazamiento)\" data-rl_title=\"LAN-4, formas de habitar el vi\u00f1edo \/ oe architect (emplazamiento)\" class=\"rl-gallery-link\" data-rl_caption=\"LAN-4, formas de habitar el vi\u00f1edo \/ oe architect (emplazamiento)\" data-rel=\"lightbox-gallery-1\"><img loading=\"lazy\" decoding=\"async\" width=\"150\" height=\"150\" src=\"https:\/\/www.arquimaster.com.ar\/web\/wp-content\/uploads\/2021\/07\/lan-4_29-150x150.jpg\" class=\"attachment-thumbnail size-thumbnail\" alt=\"LAN-4, formas de habitar el vi\u00f1edo \/ oe architect\" aria-describedby=\"gallery-1-66234\" \/><\/a>\n\t\t\t<\/div>\n\t\t\t\t<figcaption class='wp-caption-text gallery-caption' id='gallery-1-66234'>\n\t\t\t\tLAN-4, formas de habitar el vi\u00f1edo \/ oe architect (emplazamiento)\n\t\t\t\t<\/figcaption><\/figure><figure class='gallery-item'>\n\t\t\t<div class='gallery-icon landscape'>\n\t\t\t\t<a href='https:\/\/www.arquimaster.com.ar\/web\/wp-content\/uploads\/2021\/07\/lan-4_30.jpg' title=\"LAN-4, formas de habitar el vi\u00f1edo \/ oe architect (corte)\" data-rl_title=\"LAN-4, formas de habitar el vi\u00f1edo \/ oe architect (corte)\" class=\"rl-gallery-link\" data-rl_caption=\"LAN-4, formas de habitar el vi\u00f1edo \/ oe architect (corte)\" data-rel=\"lightbox-gallery-1\"><img loading=\"lazy\" decoding=\"async\" width=\"150\" height=\"150\" src=\"https:\/\/www.arquimaster.com.ar\/web\/wp-content\/uploads\/2021\/07\/lan-4_30-150x150.jpg\" class=\"attachment-thumbnail size-thumbnail\" alt=\"LAN-4, formas de habitar el vi\u00f1edo \/ oe architect\" aria-describedby=\"gallery-1-66235\" \/><\/a>\n\t\t\t<\/div>\n\t\t\t\t<figcaption class='wp-caption-text gallery-caption' id='gallery-1-66235'>\n\t\t\t\tLAN-4, formas de habitar el vi\u00f1edo \/ oe architect (corte)\n\t\t\t\t<\/figcaption><\/figure><figure class='gallery-item'>\n\t\t\t<div class='gallery-icon landscape'>\n\t\t\t\t<a href='https:\/\/www.arquimaster.com.ar\/web\/wp-content\/uploads\/2021\/07\/lan-4_31.jpg' title=\"LAN-4, formas de habitar el vi\u00f1edo \/ oe architect (vistas)\" data-rl_title=\"LAN-4, formas de habitar el vi\u00f1edo \/ oe architect (vistas)\" class=\"rl-gallery-link\" data-rl_caption=\"LAN-4, formas de habitar el vi\u00f1edo \/ oe architect (vistas)\" data-rel=\"lightbox-gallery-1\"><img loading=\"lazy\" decoding=\"async\" width=\"150\" height=\"150\" src=\"https:\/\/www.arquimaster.com.ar\/web\/wp-content\/uploads\/2021\/07\/lan-4_31-150x150.jpg\" class=\"attachment-thumbnail size-thumbnail\" alt=\"LAN-4, formas de habitar el vi\u00f1edo \/ oe architect\" aria-describedby=\"gallery-1-66236\" \/><\/a>\n\t\t\t<\/div>\n\t\t\t\t<figcaption class='wp-caption-text gallery-caption' id='gallery-1-66236'>\n\t\t\t\tLAN-4, formas de habitar el vi\u00f1edo \/ oe architect (vistas)\n\t\t\t\t<\/figcaption><\/figure><figure class='gallery-item'>\n\t\t\t<div class='gallery-icon landscape'>\n\t\t\t\t<a href='https:\/\/www.arquimaster.com.ar\/web\/wp-content\/uploads\/2021\/07\/lan-4_32.jpg' title=\"LAN-4, formas de habitar el vi\u00f1edo \/ oe architect (axonometria)\" data-rl_title=\"LAN-4, formas de habitar el vi\u00f1edo \/ oe architect (axonometria)\" class=\"rl-gallery-link\" data-rl_caption=\"LAN-4, formas de habitar el vi\u00f1edo \/ oe architect (axonometria)\" data-rel=\"lightbox-gallery-1\"><img loading=\"lazy\" decoding=\"async\" width=\"150\" height=\"150\" src=\"https:\/\/www.arquimaster.com.ar\/web\/wp-content\/uploads\/2021\/07\/lan-4_32-150x150.jpg\" class=\"attachment-thumbnail size-thumbnail\" alt=\"LAN-4, formas de habitar el vi\u00f1edo \/ oe architect\" aria-describedby=\"gallery-1-66237\" \/><\/a>\n\t\t\t<\/div>\n\t\t\t\t<figcaption class='wp-caption-text gallery-caption' id='gallery-1-66237'>\n\t\t\t\tLAN-4, formas de habitar el vi\u00f1edo \/ oe architect (axonometria)\n\t\t\t\t<\/figcaption><\/figure>\n\t\t<\/div>\n\n<p>Nuestra propuesta fue una intervenci\u00f3n ef\u00edmera; no plantea competir con el paisaje de Vi\u00f1a Lanciano, sino enfatizarlo y adaptarse a \u00e9l. Como an\u00e9cdota, a una semana antes del env\u00edo de la propuesta tuvimos que cambiarla, debido a que el proyecto sent\u00edamos que no cumpl\u00eda con lo que quer\u00edamos interpretar, decidimos hacerle unos cambios y nos arriesgamos a enviarlo as\u00ed, ten\u00edamos las l\u00e1minas en la mano impresas y quedamos convencidos del resultado.<\/p>\n<p>Para el dise\u00f1o del proyecto, las ideas te vienen a la mente, no tenemos un m\u00e9todo de paso por paso, o una gu\u00eda, tuvimos que estudiar el sitio, dependiendo del proyecto y su escala, en especial para Vi\u00f1a Lanciano, se modelo todo en Sketchup. Ah\u00ed se trabajaron las vistas, materiales y escalas del mismo, pero lo que defini\u00f3 su forma final fue hacer una serie de maquetas volum\u00e9tricas a escala, ah\u00ed elegimos la propuesta final.<\/p>\n<p>LAN-4, fue planteado para un momento especifico, pero este \u00abmomento\u00bb cambio, y tuvo que adaptarse a las nuevas condiciones, as\u00ed es que otro tema importante fue adaptaci\u00f3n, dado que cabe destacar que una vez terminado el festival de arquitectura en Logro\u00f1o, se iba a desmantelar el elemento, pero fue de tal agrado de propios y visitantes que aun hasta el d\u00eda de hoy a\u00fan permanece en el vi\u00f1edo.<\/p>\n<p>De la elecci\u00f3n nos enteramos semanas despu\u00e9s, cuando nos informaron que nuestra propuesta LAN-4 hab\u00eda resultado ganadora de entre varias propuestas de diferentes pa\u00edses. Conforme a la convocatoria ten\u00edamos que mandar todo el dise\u00f1o del proyecto, todos los planos de fabricaci\u00f3n, mientras que Conc\u00e9ntrico se encargar\u00eda de toda la log\u00edstica. El resultado se puede ver en las fotos, muy orgullosos como mexicanos, nuestro proyecto recibi\u00f3 algunos premios y elogios.<\/p>\n<p><strong>Ficha t\u00e9cnica<\/strong><br \/>Nombre: LAN-4<br \/>Ubicaci\u00f3n: Vi\u00f1a Lanciano de Bodegas LAN, La Rioja, Espa\u00f1a<br \/>Oficina de arquiectura: oe architect &#8211; Alejandro Ram\u00edrez<br \/>Superficie construida: 4,68 m2<br \/>Fecha de finalizaci\u00f3n:\u00a0 2020<br \/>Fotograf\u00edas: Conc\u00e9ntrico 06, Josema Cutillas<\/p>\n<p><strong>Contacto<\/strong><br \/><a href=\"https:\/\/oearchitect.tumblr.com\/\" target=\"_blank\" rel=\"noopener\">https:\/\/oearchitect.tumblr.com\/<\/a><\/p>\n\n\n<div style=\"height:20px\" aria-hidden=\"true\" class=\"wp-block-spacer\"><\/div>\n\n\n<p><strong><em>English version<\/em><\/strong><\/p>\n<p><em>The ephemeral proposal LAN-4 stands out among several proposals from different countries. This winning project arose from the abstraction of the most used figure of wine. Its peculiar and elongated figure with that elegant touch of glass, creates the concept, a form that is a tribute to the quality and prestige of the wine.<\/em><\/p>\n<p><em>The shape; a tower that generates a landmark on the edge of one of Vi\u00f1a Lanciano&#8217;s plots, bringing its scale closer to the context of the Ebro river and the Mantible bridge, creates reflections that contrast with the Garnica wood interior.<\/em><\/p>\n<p><em>4 sides represent each of the stations, a vertical element that rises 7.50 m, an ephemeral landmark that stands out within the site that bathes the Ebro river. Its exterior faces are made up of a mirror-skin, a similarity to the elegant glass of the bottle of wine and creates a reflection of its changing environment, throughout the course of the year.<\/em><\/p>\n<p><em>LAN-4; It does not seek to compete with the landscape of Vi\u00f1a Lanciano, it dialogues, frames and lives with it. Approaching it is perceived as a climatic barrier alluding to the mountains, but in the distance it merges with the landscape, in a poetic element, which depends on the location of the viewer, shows a facet of its location. The tower has an opening at the top that allows you to see the sky.<\/em><\/p>\n<p><em>It should be noted that, according to the organizers of the Festival, the project was going to be removed at the end of the festival, but it was so liked by the visitors and their own, that they decided to leave it indefinitely in the vineyard.<\/em><\/p>\n<div style=\"font-size: 0px; height: 0px; line-height: 0px; margin: 0; padding: 0; clear: both;\"><\/div><div style=\"margin-top: 0px; margin-bottom: 0px;\" class=\"sharethis-inline-share-buttons\" ><\/div>","protected":false},"excerpt":{"rendered":"<p>Intervenci\u00f3n ef\u00edmera que no plantea competir con el paisaje del vi\u00f1edo&#8230;<\/p>\n","protected":false},"author":1,"featured_media":66208,"comment_status":"closed","ping_status":"closed","sticky":false,"template":"","format":"standard","meta":{"_uag_custom_page_level_css":"","footnotes":""},"categories":[77,78,1],"tags":[7220,489,3808,7221,3451,104,7222,1654,7219,3596],"class_list":["post-66204","post","type-post","status-publish","format-standard","has-post-thumbnail","hentry","category-arquitectura-paisaje","category-arquitectura-efimera","category-proyecto","tag-alejandro-ramirez","tag-arquitectura-del-paisaje","tag-arquitectura-efimera","tag-concentrico","tag-espacio-efimero","tag-espana","tag-intervencion-efimera","tag-la-rioja","tag-oe-architect","tag-vinedos","generate-columns","tablet-grid-50","mobile-grid-100","grid-parent","grid-50"],"yoast_head":"<!-- This site is optimized with the Yoast SEO plugin v27.3 - https:\/\/yoast.com\/product\/yoast-seo-wordpress\/ -->\n<title>LAN-4, formas de habitar el vi\u00f1edo \/ oe architect - Arquimaster<\/title>\n<meta name=\"description\" content=\"Intervenci\u00f3n ef\u00edmera que no plantea competir con el paisaje del vi\u00f1edo sino enfatizarlo y adaptarse a \u00e9l.\" \/>\n<meta name=\"robots\" content=\"index, follow, max-snippet:-1, max-image-preview:large, max-video-preview:-1\" \/>\n<link rel=\"canonical\" href=\"https:\/\/www.arquimaster.com.ar\/web\/lan-4-formas-de-habitar-el-vinedo-oe-architect\/\" \/>\n<meta property=\"og:locale\" content=\"es_ES\" \/>\n<meta property=\"og:type\" content=\"article\" \/>\n<meta property=\"og:title\" content=\"LAN-4, formas de habitar el vi\u00f1edo \/ oe architect\" \/>\n<meta property=\"og:description\" content=\"Intervenci\u00f3n ef\u00edmera que no plantea competir con el paisaje del vi\u00f1edo sino enfatizarlo y adaptarse a \u00e9l.\" \/>\n<meta property=\"og:url\" content=\"https:\/\/www.arquimaster.com.ar\/web\/lan-4-formas-de-habitar-el-vinedo-oe-architect\/\" \/>\n<meta property=\"og:site_name\" content=\"Arquimaster\" \/>\n<meta property=\"article:publisher\" content=\"http:\/\/www.facebook.com\/ARQUIMASTER.com.ar\" \/>\n<meta property=\"article:published_time\" content=\"2021-07-08T19:23:51+00:00\" \/>\n<meta property=\"article:modified_time\" content=\"2022-01-05T22:14:01+00:00\" \/>\n<meta property=\"og:image\" content=\"https:\/\/www.arquimaster.com.ar\/web\/wp-content\/uploads\/2021\/07\/lan-4_3_slide.jpg\" \/>\n\t<meta property=\"og:image:width\" content=\"698\" \/>\n\t<meta property=\"og:image:height\" content=\"364\" \/>\n\t<meta property=\"og:image:type\" content=\"image\/jpeg\" \/>\n<meta name=\"author\" content=\"Arquimaster\" \/>\n<meta name=\"twitter:card\" content=\"summary_large_image\" \/>\n<meta name=\"twitter:title\" content=\"LAN-4, formas de habitar el vi\u00f1edo \/ oe architect\" \/>\n<meta name=\"twitter:description\" content=\"Intervenci\u00f3n ef\u00edmera que no plantea competir con el paisaje del vi\u00f1edo sino enfatizarlo y adaptarse a \u00e9l.\" \/>\n<meta name=\"twitter:image\" content=\"https:\/\/www.arquimaster.com.ar\/web\/wp-content\/uploads\/2021\/07\/lan-4_3_slide.jpg\" \/>\n<meta name=\"twitter:creator\" content=\"@arquimaster\" \/>\n<meta name=\"twitter:site\" content=\"@arquimaster\" \/>\n<meta name=\"twitter:label1\" content=\"Escrito por\" \/>\n\t<meta name=\"twitter:data1\" content=\"Arquimaster\" \/>\n\t<meta name=\"twitter:label2\" content=\"Tiempo de lectura\" \/>\n\t<meta name=\"twitter:data2\" content=\"4 minutos\" \/>\n<script type=\"application\/ld+json\" class=\"yoast-schema-graph\">{\"@context\":\"https:\\\/\\\/schema.org\",\"@graph\":[{\"@type\":\"Article\",\"@id\":\"https:\\\/\\\/www.arquimaster.com.ar\\\/web\\\/lan-4-formas-de-habitar-el-vinedo-oe-architect\\\/#article\",\"isPartOf\":{\"@id\":\"https:\\\/\\\/www.arquimaster.com.ar\\\/web\\\/lan-4-formas-de-habitar-el-vinedo-oe-architect\\\/\"},\"author\":{\"name\":\"Arquimaster\",\"@id\":\"https:\\\/\\\/www.arquimaster.com.ar\\\/web\\\/#\\\/schema\\\/person\\\/359e9f7c00193fcde068e0dd2ceb0028\"},\"headline\":\"LAN-4, formas de habitar el vi\u00f1edo \\\/ oe architect\",\"datePublished\":\"2021-07-08T19:23:51+00:00\",\"dateModified\":\"2022-01-05T22:14:01+00:00\",\"mainEntityOfPage\":{\"@id\":\"https:\\\/\\\/www.arquimaster.com.ar\\\/web\\\/lan-4-formas-de-habitar-el-vinedo-oe-architect\\\/\"},\"wordCount\":811,\"publisher\":{\"@id\":\"https:\\\/\\\/www.arquimaster.com.ar\\\/web\\\/#organization\"},\"image\":{\"@id\":\"https:\\\/\\\/www.arquimaster.com.ar\\\/web\\\/lan-4-formas-de-habitar-el-vinedo-oe-architect\\\/#primaryimage\"},\"thumbnailUrl\":\"https:\\\/\\\/www.arquimaster.com.ar\\\/web\\\/wp-content\\\/uploads\\\/2021\\\/07\\\/lan-4_3_slide.jpg\",\"keywords\":[\"Alejandro Ram\u00edrez\",\"arquitectura del paisaje\",\"arquitectura ef\u00edmera\",\"Conc\u00e9ntrico\",\"espacio efimero\",\"Espa\u00f1a\",\"intervenci\u00f3n ef\u00edmera\",\"La Rioja\",\"oe architect\",\"vi\u00f1edos\"],\"articleSection\":[\"Arquitectura del paisaje\",\"Arquitectura efimera\",\"Proyecto\"],\"inLanguage\":\"es\"},{\"@type\":\"WebPage\",\"@id\":\"https:\\\/\\\/www.arquimaster.com.ar\\\/web\\\/lan-4-formas-de-habitar-el-vinedo-oe-architect\\\/\",\"url\":\"https:\\\/\\\/www.arquimaster.com.ar\\\/web\\\/lan-4-formas-de-habitar-el-vinedo-oe-architect\\\/\",\"name\":\"LAN-4, formas de habitar el vi\u00f1edo \\\/ oe architect - Arquimaster\",\"isPartOf\":{\"@id\":\"https:\\\/\\\/www.arquimaster.com.ar\\\/web\\\/#website\"},\"primaryImageOfPage\":{\"@id\":\"https:\\\/\\\/www.arquimaster.com.ar\\\/web\\\/lan-4-formas-de-habitar-el-vinedo-oe-architect\\\/#primaryimage\"},\"image\":{\"@id\":\"https:\\\/\\\/www.arquimaster.com.ar\\\/web\\\/lan-4-formas-de-habitar-el-vinedo-oe-architect\\\/#primaryimage\"},\"thumbnailUrl\":\"https:\\\/\\\/www.arquimaster.com.ar\\\/web\\\/wp-content\\\/uploads\\\/2021\\\/07\\\/lan-4_3_slide.jpg\",\"datePublished\":\"2021-07-08T19:23:51+00:00\",\"dateModified\":\"2022-01-05T22:14:01+00:00\",\"description\":\"Intervenci\u00f3n ef\u00edmera que no plantea competir con el paisaje del vi\u00f1edo sino enfatizarlo y adaptarse a \u00e9l.\",\"breadcrumb\":{\"@id\":\"https:\\\/\\\/www.arquimaster.com.ar\\\/web\\\/lan-4-formas-de-habitar-el-vinedo-oe-architect\\\/#breadcrumb\"},\"inLanguage\":\"es\",\"potentialAction\":[{\"@type\":\"ReadAction\",\"target\":[\"https:\\\/\\\/www.arquimaster.com.ar\\\/web\\\/lan-4-formas-de-habitar-el-vinedo-oe-architect\\\/\"]}]},{\"@type\":\"ImageObject\",\"inLanguage\":\"es\",\"@id\":\"https:\\\/\\\/www.arquimaster.com.ar\\\/web\\\/lan-4-formas-de-habitar-el-vinedo-oe-architect\\\/#primaryimage\",\"url\":\"https:\\\/\\\/www.arquimaster.com.ar\\\/web\\\/wp-content\\\/uploads\\\/2021\\\/07\\\/lan-4_3_slide.jpg\",\"contentUrl\":\"https:\\\/\\\/www.arquimaster.com.ar\\\/web\\\/wp-content\\\/uploads\\\/2021\\\/07\\\/lan-4_3_slide.jpg\",\"width\":698,\"height\":364,\"caption\":\"LAN-4, formas de habitar el vi\u00f1edo \\\/ oe architect\"},{\"@type\":\"BreadcrumbList\",\"@id\":\"https:\\\/\\\/www.arquimaster.com.ar\\\/web\\\/lan-4-formas-de-habitar-el-vinedo-oe-architect\\\/#breadcrumb\",\"itemListElement\":[{\"@type\":\"ListItem\",\"position\":1,\"name\":\"Portada\",\"item\":\"https:\\\/\\\/www.arquimaster.com.ar\\\/web\\\/\"},{\"@type\":\"ListItem\",\"position\":2,\"name\":\"LAN-4, formas de habitar el vi\u00f1edo \\\/ oe architect\"}]},{\"@type\":\"WebSite\",\"@id\":\"https:\\\/\\\/www.arquimaster.com.ar\\\/web\\\/#website\",\"url\":\"https:\\\/\\\/www.arquimaster.com.ar\\\/web\\\/\",\"name\":\"Arquimaster\",\"description\":\"Web de arquitectura, dise\u00f1o y construccion\",\"publisher\":{\"@id\":\"https:\\\/\\\/www.arquimaster.com.ar\\\/web\\\/#organization\"},\"potentialAction\":[{\"@type\":\"SearchAction\",\"target\":{\"@type\":\"EntryPoint\",\"urlTemplate\":\"https:\\\/\\\/www.arquimaster.com.ar\\\/web\\\/?s={search_term_string}\"},\"query-input\":{\"@type\":\"PropertyValueSpecification\",\"valueRequired\":true,\"valueName\":\"search_term_string\"}}],\"inLanguage\":\"es\"},{\"@type\":\"Organization\",\"@id\":\"https:\\\/\\\/www.arquimaster.com.ar\\\/web\\\/#organization\",\"name\":\"Arquimaster\",\"url\":\"https:\\\/\\\/www.arquimaster.com.ar\\\/web\\\/\",\"logo\":{\"@type\":\"ImageObject\",\"inLanguage\":\"es\",\"@id\":\"https:\\\/\\\/www.arquimaster.com.ar\\\/web\\\/#\\\/schema\\\/logo\\\/image\\\/\",\"url\":\"https:\\\/\\\/www.arquimaster.com.ar\\\/web\\\/wp-content\\\/uploads\\\/2022\\\/06\\\/arquimaster.png\",\"contentUrl\":\"https:\\\/\\\/www.arquimaster.com.ar\\\/web\\\/wp-content\\\/uploads\\\/2022\\\/06\\\/arquimaster.png\",\"width\":594,\"height\":78,\"caption\":\"Arquimaster\"},\"image\":{\"@id\":\"https:\\\/\\\/www.arquimaster.com.ar\\\/web\\\/#\\\/schema\\\/logo\\\/image\\\/\"},\"sameAs\":[\"http:\\\/\\\/www.facebook.com\\\/ARQUIMASTER.com.ar\",\"https:\\\/\\\/x.com\\\/arquimaster\",\"https:\\\/\\\/www.instagram.com\\\/arquimasterblog\\\/\",\"https:\\\/\\\/www.linkedin.com\\\/company\\\/arquimaster\",\"https:\\\/\\\/www.pinterest.com\\\/arquimaster\",\"https:\\\/\\\/t.me\\\/arquimaster\"]},{\"@type\":\"Person\",\"@id\":\"https:\\\/\\\/www.arquimaster.com.ar\\\/web\\\/#\\\/schema\\\/person\\\/359e9f7c00193fcde068e0dd2ceb0028\",\"name\":\"Arquimaster\"}]}<\/script>\n<!-- \/ Yoast SEO plugin. -->","yoast_head_json":{"title":"LAN-4, formas de habitar el vi\u00f1edo \/ oe architect - Arquimaster","description":"Intervenci\u00f3n ef\u00edmera que no plantea competir con el paisaje del vi\u00f1edo sino enfatizarlo y adaptarse a \u00e9l.","robots":{"index":"index","follow":"follow","max-snippet":"max-snippet:-1","max-image-preview":"max-image-preview:large","max-video-preview":"max-video-preview:-1"},"canonical":"https:\/\/www.arquimaster.com.ar\/web\/lan-4-formas-de-habitar-el-vinedo-oe-architect\/","og_locale":"es_ES","og_type":"article","og_title":"LAN-4, formas de habitar el vi\u00f1edo \/ oe architect","og_description":"Intervenci\u00f3n ef\u00edmera que no plantea competir con el paisaje del vi\u00f1edo sino enfatizarlo y adaptarse a \u00e9l.","og_url":"https:\/\/www.arquimaster.com.ar\/web\/lan-4-formas-de-habitar-el-vinedo-oe-architect\/","og_site_name":"Arquimaster","article_publisher":"http:\/\/www.facebook.com\/ARQUIMASTER.com.ar","article_published_time":"2021-07-08T19:23:51+00:00","article_modified_time":"2022-01-05T22:14:01+00:00","og_image":[{"width":698,"height":364,"url":"https:\/\/www.arquimaster.com.ar\/web\/wp-content\/uploads\/2021\/07\/lan-4_3_slide.jpg","type":"image\/jpeg"}],"author":"Arquimaster","twitter_card":"summary_large_image","twitter_title":"LAN-4, formas de habitar el vi\u00f1edo \/ oe architect","twitter_description":"Intervenci\u00f3n ef\u00edmera que no plantea competir con el paisaje del vi\u00f1edo sino enfatizarlo y adaptarse a \u00e9l.","twitter_image":"https:\/\/www.arquimaster.com.ar\/web\/wp-content\/uploads\/2021\/07\/lan-4_3_slide.jpg","twitter_creator":"@arquimaster","twitter_site":"@arquimaster","twitter_misc":{"Escrito por":"Arquimaster","Tiempo de lectura":"4 minutos"},"schema":{"@context":"https:\/\/schema.org","@graph":[{"@type":"Article","@id":"https:\/\/www.arquimaster.com.ar\/web\/lan-4-formas-de-habitar-el-vinedo-oe-architect\/#article","isPartOf":{"@id":"https:\/\/www.arquimaster.com.ar\/web\/lan-4-formas-de-habitar-el-vinedo-oe-architect\/"},"author":{"name":"Arquimaster","@id":"https:\/\/www.arquimaster.com.ar\/web\/#\/schema\/person\/359e9f7c00193fcde068e0dd2ceb0028"},"headline":"LAN-4, formas de habitar el vi\u00f1edo \/ oe architect","datePublished":"2021-07-08T19:23:51+00:00","dateModified":"2022-01-05T22:14:01+00:00","mainEntityOfPage":{"@id":"https:\/\/www.arquimaster.com.ar\/web\/lan-4-formas-de-habitar-el-vinedo-oe-architect\/"},"wordCount":811,"publisher":{"@id":"https:\/\/www.arquimaster.com.ar\/web\/#organization"},"image":{"@id":"https:\/\/www.arquimaster.com.ar\/web\/lan-4-formas-de-habitar-el-vinedo-oe-architect\/#primaryimage"},"thumbnailUrl":"https:\/\/www.arquimaster.com.ar\/web\/wp-content\/uploads\/2021\/07\/lan-4_3_slide.jpg","keywords":["Alejandro Ram\u00edrez","arquitectura del paisaje","arquitectura ef\u00edmera","Conc\u00e9ntrico","espacio efimero","Espa\u00f1a","intervenci\u00f3n ef\u00edmera","La Rioja","oe architect","vi\u00f1edos"],"articleSection":["Arquitectura del paisaje","Arquitectura efimera","Proyecto"],"inLanguage":"es"},{"@type":"WebPage","@id":"https:\/\/www.arquimaster.com.ar\/web\/lan-4-formas-de-habitar-el-vinedo-oe-architect\/","url":"https:\/\/www.arquimaster.com.ar\/web\/lan-4-formas-de-habitar-el-vinedo-oe-architect\/","name":"LAN-4, formas de habitar el vi\u00f1edo \/ oe architect - Arquimaster","isPartOf":{"@id":"https:\/\/www.arquimaster.com.ar\/web\/#website"},"primaryImageOfPage":{"@id":"https:\/\/www.arquimaster.com.ar\/web\/lan-4-formas-de-habitar-el-vinedo-oe-architect\/#primaryimage"},"image":{"@id":"https:\/\/www.arquimaster.com.ar\/web\/lan-4-formas-de-habitar-el-vinedo-oe-architect\/#primaryimage"},"thumbnailUrl":"https:\/\/www.arquimaster.com.ar\/web\/wp-content\/uploads\/2021\/07\/lan-4_3_slide.jpg","datePublished":"2021-07-08T19:23:51+00:00","dateModified":"2022-01-05T22:14:01+00:00","description":"Intervenci\u00f3n ef\u00edmera que no plantea competir con el paisaje del vi\u00f1edo sino enfatizarlo y adaptarse a \u00e9l.","breadcrumb":{"@id":"https:\/\/www.arquimaster.com.ar\/web\/lan-4-formas-de-habitar-el-vinedo-oe-architect\/#breadcrumb"},"inLanguage":"es","potentialAction":[{"@type":"ReadAction","target":["https:\/\/www.arquimaster.com.ar\/web\/lan-4-formas-de-habitar-el-vinedo-oe-architect\/"]}]},{"@type":"ImageObject","inLanguage":"es","@id":"https:\/\/www.arquimaster.com.ar\/web\/lan-4-formas-de-habitar-el-vinedo-oe-architect\/#primaryimage","url":"https:\/\/www.arquimaster.com.ar\/web\/wp-content\/uploads\/2021\/07\/lan-4_3_slide.jpg","contentUrl":"https:\/\/www.arquimaster.com.ar\/web\/wp-content\/uploads\/2021\/07\/lan-4_3_slide.jpg","width":698,"height":364,"caption":"LAN-4, formas de habitar el vi\u00f1edo \/ oe architect"},{"@type":"BreadcrumbList","@id":"https:\/\/www.arquimaster.com.ar\/web\/lan-4-formas-de-habitar-el-vinedo-oe-architect\/#breadcrumb","itemListElement":[{"@type":"ListItem","position":1,"name":"Portada","item":"https:\/\/www.arquimaster.com.ar\/web\/"},{"@type":"ListItem","position":2,"name":"LAN-4, formas de habitar el vi\u00f1edo \/ oe architect"}]},{"@type":"WebSite","@id":"https:\/\/www.arquimaster.com.ar\/web\/#website","url":"https:\/\/www.arquimaster.com.ar\/web\/","name":"Arquimaster","description":"Web de arquitectura, dise\u00f1o y construccion","publisher":{"@id":"https:\/\/www.arquimaster.com.ar\/web\/#organization"},"potentialAction":[{"@type":"SearchAction","target":{"@type":"EntryPoint","urlTemplate":"https:\/\/www.arquimaster.com.ar\/web\/?s={search_term_string}"},"query-input":{"@type":"PropertyValueSpecification","valueRequired":true,"valueName":"search_term_string"}}],"inLanguage":"es"},{"@type":"Organization","@id":"https:\/\/www.arquimaster.com.ar\/web\/#organization","name":"Arquimaster","url":"https:\/\/www.arquimaster.com.ar\/web\/","logo":{"@type":"ImageObject","inLanguage":"es","@id":"https:\/\/www.arquimaster.com.ar\/web\/#\/schema\/logo\/image\/","url":"https:\/\/www.arquimaster.com.ar\/web\/wp-content\/uploads\/2022\/06\/arquimaster.png","contentUrl":"https:\/\/www.arquimaster.com.ar\/web\/wp-content\/uploads\/2022\/06\/arquimaster.png","width":594,"height":78,"caption":"Arquimaster"},"image":{"@id":"https:\/\/www.arquimaster.com.ar\/web\/#\/schema\/logo\/image\/"},"sameAs":["http:\/\/www.facebook.com\/ARQUIMASTER.com.ar","https:\/\/x.com\/arquimaster","https:\/\/www.instagram.com\/arquimasterblog\/","https:\/\/www.linkedin.com\/company\/arquimaster","https:\/\/www.pinterest.com\/arquimaster","https:\/\/t.me\/arquimaster"]},{"@type":"Person","@id":"https:\/\/www.arquimaster.com.ar\/web\/#\/schema\/person\/359e9f7c00193fcde068e0dd2ceb0028","name":"Arquimaster"}]}},"uagb_featured_image_src":{"full":["https:\/\/www.arquimaster.com.ar\/web\/wp-content\/uploads\/2021\/07\/lan-4_3_slide.jpg",698,364,false],"thumbnail":["https:\/\/www.arquimaster.com.ar\/web\/wp-content\/uploads\/2021\/07\/lan-4_3_slide-150x150.jpg",150,150,true],"medium":["https:\/\/www.arquimaster.com.ar\/web\/wp-content\/uploads\/2021\/07\/lan-4_3_slide.jpg",698,364,false],"medium_large":["https:\/\/www.arquimaster.com.ar\/web\/wp-content\/uploads\/2021\/07\/lan-4_3_slide.jpg",698,364,false],"large":["https:\/\/www.arquimaster.com.ar\/web\/wp-content\/uploads\/2021\/07\/lan-4_3_slide.jpg",698,364,false],"1536x1536":["https:\/\/www.arquimaster.com.ar\/web\/wp-content\/uploads\/2021\/07\/lan-4_3_slide.jpg",698,364,false],"2048x2048":["https:\/\/www.arquimaster.com.ar\/web\/wp-content\/uploads\/2021\/07\/lan-4_3_slide.jpg",698,364,false]},"uagb_author_info":{"display_name":"Arquimaster","author_link":"https:\/\/www.arquimaster.com.ar\/web\/author\/arquimaster\/"},"uagb_comment_info":0,"uagb_excerpt":"Intervenci\u00f3n ef\u00edmera que no plantea competir con el paisaje del vi\u00f1edo...","_links":{"self":[{"href":"https:\/\/www.arquimaster.com.ar\/web\/wp-json\/wp\/v2\/posts\/66204","targetHints":{"allow":["GET"]}}],"collection":[{"href":"https:\/\/www.arquimaster.com.ar\/web\/wp-json\/wp\/v2\/posts"}],"about":[{"href":"https:\/\/www.arquimaster.com.ar\/web\/wp-json\/wp\/v2\/types\/post"}],"author":[{"embeddable":true,"href":"https:\/\/www.arquimaster.com.ar\/web\/wp-json\/wp\/v2\/users\/1"}],"replies":[{"embeddable":true,"href":"https:\/\/www.arquimaster.com.ar\/web\/wp-json\/wp\/v2\/comments?post=66204"}],"version-history":[{"count":1,"href":"https:\/\/www.arquimaster.com.ar\/web\/wp-json\/wp\/v2\/posts\/66204\/revisions"}],"predecessor-version":[{"id":66238,"href":"https:\/\/www.arquimaster.com.ar\/web\/wp-json\/wp\/v2\/posts\/66204\/revisions\/66238"}],"wp:featuredmedia":[{"embeddable":true,"href":"https:\/\/www.arquimaster.com.ar\/web\/wp-json\/wp\/v2\/media\/66208"}],"wp:attachment":[{"href":"https:\/\/www.arquimaster.com.ar\/web\/wp-json\/wp\/v2\/media?parent=66204"}],"wp:term":[{"taxonomy":"category","embeddable":true,"href":"https:\/\/www.arquimaster.com.ar\/web\/wp-json\/wp\/v2\/categories?post=66204"},{"taxonomy":"post_tag","embeddable":true,"href":"https:\/\/www.arquimaster.com.ar\/web\/wp-json\/wp\/v2\/tags?post=66204"}],"curies":[{"name":"wp","href":"https:\/\/api.w.org\/{rel}","templated":true}]}}