{"id":66284,"date":"2021-07-08T17:20:49","date_gmt":"2021-07-08T20:20:49","guid":{"rendered":"https:\/\/www.arquimaster.com.ar\/web\/?p=66284"},"modified":"2022-03-20T17:32:59","modified_gmt":"2022-03-20T20:32:59","slug":"casa-palermo-teobaldi-arquitectos","status":"publish","type":"post","link":"https:\/\/www.arquimaster.com.ar\/web\/casa-palermo-teobaldi-arquitectos\/","title":{"rendered":"Casa Palermo \/ Teobaldi Arquitectos"},"content":{"rendered":"<div style=\"margin-top: 0px; margin-bottom: 0px;\" class=\"sharethis-inline-share-buttons\" ><\/div><div class=\"b812932af2e751442846f039925109de\" data-index=\"1\" style=\"float: none; margin:25px 0 25px 0; text-align:center;\">\n<script async src=\"https:\/\/pagead2.googlesyndication.com\/pagead\/js\/adsbygoogle.js\"><\/script>\r\n<!-- Arquimaster (superior) -->\r\n<ins class=\"adsbygoogle\"\r\n     style=\"display:block\"\r\n     data-ad-client=\"ca-pub-6351072698456832\"\r\n     data-ad-slot=\"6455489680\"\r\n     data-ad-format=\"auto\"\r\n     data-full-width-responsive=\"true\"><\/ins>\r\n<script>\r\n     (adsbygoogle = window.adsbygoogle || []).push({});\r\n<\/script>\n<\/div>\n<p><strong>Casa Palermo<\/strong> (Villa Mar\u00eda, Pcia. de C\u00f3rdoba, Argentina) por <strong>Teobaldi Arquitectos<\/strong>. La Casa Palermo se encuentra construida en un peque\u00f1o lote en esquina de 25 metros de largo por 10 metros de ancho. Rodeada por grandes espacios verdes, \u00e1rboles, playa y el R\u00edo Ctalamochita, raz\u00f3n por la cual los usuarios decidieron asentarse aqu\u00ed a disfrutar de su retiro.<\/p>\n<p>Todo el dise\u00f1o gira entorno a un patio tipo claustro que asemeja aquellas casas antiguas tan caracter\u00edsticas de la regi\u00f3n en donde vivieron y se desarrollaron los clientes en sus inicios.<\/p>\n<div id='gallery-1' class='gallery galleryid-66284 gallery-columns-3 gallery-size-thumbnail'><figure class='gallery-item'>\n\t\t\t<div class='gallery-icon landscape'>\n\t\t\t\t<a href='https:\/\/www.arquimaster.com.ar\/web\/wp-content\/uploads\/2021\/07\/casa_palermo1.jpg' title=\"Casa Palermo \/ Teobaldi Arquitectos (\u00a9 Gonzalo Viramonte)\" data-rl_title=\"Casa Palermo \/ Teobaldi Arquitectos (\u00a9 Gonzalo Viramonte)\" class=\"rl-gallery-link\" data-rl_caption=\"Casa Palermo \/ Teobaldi Arquitectos (\u00a9 Gonzalo Viramonte)\" data-rel=\"lightbox-gallery-1\"><img loading=\"lazy\" decoding=\"async\" width=\"150\" height=\"150\" src=\"https:\/\/www.arquimaster.com.ar\/web\/wp-content\/uploads\/2021\/07\/casa_palermo1-150x150.jpg\" class=\"attachment-thumbnail size-thumbnail\" alt=\"Casa Palermo \/ Teobaldi Arquitectos\" aria-describedby=\"gallery-1-66286\" \/><\/a>\n\t\t\t<\/div>\n\t\t\t\t<figcaption class='wp-caption-text gallery-caption' id='gallery-1-66286'>\n\t\t\t\tCasa Palermo \/ Teobaldi Arquitectos (\u00a9 Gonzalo Viramonte)\n\t\t\t\t<\/figcaption><\/figure><figure class='gallery-item'>\n\t\t\t<div class='gallery-icon landscape'>\n\t\t\t\t<a href='https:\/\/www.arquimaster.com.ar\/web\/wp-content\/uploads\/2021\/07\/casa_palermo2.jpg' title=\"Casa Palermo \/ Teobaldi Arquitectos (\u00a9 Gonzalo Viramonte)\" data-rl_title=\"Casa Palermo \/ Teobaldi Arquitectos (\u00a9 Gonzalo Viramonte)\" class=\"rl-gallery-link\" data-rl_caption=\"Casa Palermo \/ Teobaldi Arquitectos (\u00a9 Gonzalo Viramonte)\" data-rel=\"lightbox-gallery-1\"><img loading=\"lazy\" decoding=\"async\" width=\"150\" height=\"150\" src=\"https:\/\/www.arquimaster.com.ar\/web\/wp-content\/uploads\/2021\/07\/casa_palermo2-150x150.jpg\" class=\"attachment-thumbnail size-thumbnail\" alt=\"Casa Palermo \/ Teobaldi Arquitectos\" aria-describedby=\"gallery-1-66287\" \/><\/a>\n\t\t\t<\/div>\n\t\t\t\t<figcaption class='wp-caption-text gallery-caption' id='gallery-1-66287'>\n\t\t\t\tCasa Palermo \/ Teobaldi Arquitectos (\u00a9 Gonzalo Viramonte)\n\t\t\t\t<\/figcaption><\/figure><figure class='gallery-item'>\n\t\t\t<div class='gallery-icon landscape'>\n\t\t\t\t<a href='https:\/\/www.arquimaster.com.ar\/web\/wp-content\/uploads\/2021\/07\/casa_palermo3.jpg' title=\"Casa Palermo \/ Teobaldi Arquitectos (\u00a9 Gonzalo Viramonte)\" data-rl_title=\"Casa Palermo \/ Teobaldi Arquitectos (\u00a9 Gonzalo Viramonte)\" class=\"rl-gallery-link\" data-rl_caption=\"Casa Palermo \/ Teobaldi Arquitectos (\u00a9 Gonzalo Viramonte)\" data-rel=\"lightbox-gallery-1\"><img loading=\"lazy\" decoding=\"async\" width=\"150\" height=\"150\" src=\"https:\/\/www.arquimaster.com.ar\/web\/wp-content\/uploads\/2021\/07\/casa_palermo3-150x150.jpg\" class=\"attachment-thumbnail size-thumbnail\" alt=\"Casa Palermo \/ Teobaldi Arquitectos\" aria-describedby=\"gallery-1-66288\" \/><\/a>\n\t\t\t<\/div>\n\t\t\t\t<figcaption class='wp-caption-text gallery-caption' id='gallery-1-66288'>\n\t\t\t\tCasa Palermo \/ Teobaldi Arquitectos (\u00a9 Gonzalo Viramonte)\n\t\t\t\t<\/figcaption><\/figure><figure class='gallery-item'>\n\t\t\t<div class='gallery-icon landscape'>\n\t\t\t\t<a href='https:\/\/www.arquimaster.com.ar\/web\/wp-content\/uploads\/2021\/07\/casa_palermo4.jpg' title=\"Casa Palermo \/ Teobaldi Arquitectos (\u00a9 Gonzalo Viramonte)\" data-rl_title=\"Casa Palermo \/ Teobaldi Arquitectos (\u00a9 Gonzalo Viramonte)\" class=\"rl-gallery-link\" data-rl_caption=\"Casa Palermo \/ Teobaldi Arquitectos (\u00a9 Gonzalo Viramonte)\" data-rel=\"lightbox-gallery-1\"><img loading=\"lazy\" decoding=\"async\" width=\"150\" height=\"150\" src=\"https:\/\/www.arquimaster.com.ar\/web\/wp-content\/uploads\/2021\/07\/casa_palermo4-150x150.jpg\" class=\"attachment-thumbnail size-thumbnail\" alt=\"Casa Palermo \/ Teobaldi Arquitectos\" aria-describedby=\"gallery-1-66289\" \/><\/a>\n\t\t\t<\/div>\n\t\t\t\t<figcaption class='wp-caption-text gallery-caption' id='gallery-1-66289'>\n\t\t\t\tCasa Palermo \/ Teobaldi Arquitectos (\u00a9 Gonzalo Viramonte)\n\t\t\t\t<\/figcaption><\/figure><figure class='gallery-item'>\n\t\t\t<div class='gallery-icon portrait'>\n\t\t\t\t<a href='https:\/\/www.arquimaster.com.ar\/web\/wp-content\/uploads\/2021\/07\/casa_palermo5.jpg' title=\"Casa Palermo \/ Teobaldi Arquitectos (\u00a9 Gonzalo Viramonte)\" data-rl_title=\"Casa Palermo \/ Teobaldi Arquitectos (\u00a9 Gonzalo Viramonte)\" class=\"rl-gallery-link\" data-rl_caption=\"Casa Palermo \/ Teobaldi Arquitectos (\u00a9 Gonzalo Viramonte)\" data-rel=\"lightbox-gallery-1\"><img loading=\"lazy\" decoding=\"async\" width=\"150\" height=\"150\" src=\"https:\/\/www.arquimaster.com.ar\/web\/wp-content\/uploads\/2021\/07\/casa_palermo5-150x150.jpg\" class=\"attachment-thumbnail size-thumbnail\" alt=\"Casa Palermo \/ Teobaldi Arquitectos\" aria-describedby=\"gallery-1-66290\" \/><\/a>\n\t\t\t<\/div>\n\t\t\t\t<figcaption class='wp-caption-text gallery-caption' id='gallery-1-66290'>\n\t\t\t\tCasa Palermo \/ Teobaldi Arquitectos (\u00a9 Gonzalo Viramonte)\n\t\t\t\t<\/figcaption><\/figure><figure class='gallery-item'>\n\t\t\t<div class='gallery-icon landscape'>\n\t\t\t\t<a href='https:\/\/www.arquimaster.com.ar\/web\/wp-content\/uploads\/2021\/07\/casa_palermo6.jpg' title=\"Casa Palermo \/ Teobaldi Arquitectos (\u00a9 Gonzalo Viramonte)\" data-rl_title=\"Casa Palermo \/ Teobaldi Arquitectos (\u00a9 Gonzalo Viramonte)\" class=\"rl-gallery-link\" data-rl_caption=\"Casa Palermo \/ Teobaldi Arquitectos (\u00a9 Gonzalo Viramonte)\" data-rel=\"lightbox-gallery-1\"><img loading=\"lazy\" decoding=\"async\" width=\"150\" height=\"150\" src=\"https:\/\/www.arquimaster.com.ar\/web\/wp-content\/uploads\/2021\/07\/casa_palermo6-150x150.jpg\" class=\"attachment-thumbnail size-thumbnail\" alt=\"Casa Palermo \/ Teobaldi Arquitectos\" aria-describedby=\"gallery-1-66291\" \/><\/a>\n\t\t\t<\/div>\n\t\t\t\t<figcaption class='wp-caption-text gallery-caption' id='gallery-1-66291'>\n\t\t\t\tCasa Palermo \/ Teobaldi Arquitectos (\u00a9 Gonzalo Viramonte)\n\t\t\t\t<\/figcaption><\/figure><figure class='gallery-item'>\n\t\t\t<div class='gallery-icon portrait'>\n\t\t\t\t<a href='https:\/\/www.arquimaster.com.ar\/web\/wp-content\/uploads\/2021\/07\/casa_palermo7.jpg' title=\"Casa Palermo \/ Teobaldi Arquitectos (\u00a9 Gonzalo Viramonte)\" data-rl_title=\"Casa Palermo \/ Teobaldi Arquitectos (\u00a9 Gonzalo Viramonte)\" class=\"rl-gallery-link\" data-rl_caption=\"Casa Palermo \/ Teobaldi Arquitectos (\u00a9 Gonzalo Viramonte)\" data-rel=\"lightbox-gallery-1\"><img loading=\"lazy\" decoding=\"async\" width=\"150\" height=\"150\" src=\"https:\/\/www.arquimaster.com.ar\/web\/wp-content\/uploads\/2021\/07\/casa_palermo7-150x150.jpg\" class=\"attachment-thumbnail size-thumbnail\" alt=\"Casa Palermo \/ Teobaldi Arquitectos\" aria-describedby=\"gallery-1-66292\" \/><\/a>\n\t\t\t<\/div>\n\t\t\t\t<figcaption class='wp-caption-text gallery-caption' id='gallery-1-66292'>\n\t\t\t\tCasa Palermo \/ Teobaldi Arquitectos (\u00a9 Gonzalo Viramonte)\n\t\t\t\t<\/figcaption><\/figure><figure class='gallery-item'>\n\t\t\t<div class='gallery-icon portrait'>\n\t\t\t\t<a href='https:\/\/www.arquimaster.com.ar\/web\/wp-content\/uploads\/2021\/07\/casa_palermo8.jpg' title=\"Casa Palermo \/ Teobaldi Arquitectos (\u00a9 Gonzalo Viramonte)\" data-rl_title=\"Casa Palermo \/ Teobaldi Arquitectos (\u00a9 Gonzalo Viramonte)\" class=\"rl-gallery-link\" data-rl_caption=\"Casa Palermo \/ Teobaldi Arquitectos (\u00a9 Gonzalo Viramonte)\" data-rel=\"lightbox-gallery-1\"><img loading=\"lazy\" decoding=\"async\" width=\"150\" height=\"150\" src=\"https:\/\/www.arquimaster.com.ar\/web\/wp-content\/uploads\/2021\/07\/casa_palermo8-150x150.jpg\" class=\"attachment-thumbnail size-thumbnail\" alt=\"Casa Palermo \/ Teobaldi Arquitectos\" aria-describedby=\"gallery-1-66293\" \/><\/a>\n\t\t\t<\/div>\n\t\t\t\t<figcaption class='wp-caption-text gallery-caption' id='gallery-1-66293'>\n\t\t\t\tCasa Palermo \/ Teobaldi Arquitectos (\u00a9 Gonzalo Viramonte)\n\t\t\t\t<\/figcaption><\/figure><figure class='gallery-item'>\n\t\t\t<div class='gallery-icon landscape'>\n\t\t\t\t<a href='https:\/\/www.arquimaster.com.ar\/web\/wp-content\/uploads\/2021\/07\/casa_palermo9.jpg' title=\"Casa Palermo \/ Teobaldi Arquitectos (\u00a9 Gonzalo Viramonte)\" data-rl_title=\"Casa Palermo \/ Teobaldi Arquitectos (\u00a9 Gonzalo Viramonte)\" class=\"rl-gallery-link\" data-rl_caption=\"Casa Palermo \/ Teobaldi Arquitectos (\u00a9 Gonzalo Viramonte)\" data-rel=\"lightbox-gallery-1\"><img loading=\"lazy\" decoding=\"async\" width=\"150\" height=\"150\" src=\"https:\/\/www.arquimaster.com.ar\/web\/wp-content\/uploads\/2021\/07\/casa_palermo9-150x150.jpg\" class=\"attachment-thumbnail size-thumbnail\" alt=\"Casa Palermo \/ Teobaldi Arquitectos\" aria-describedby=\"gallery-1-66294\" \/><\/a>\n\t\t\t<\/div>\n\t\t\t\t<figcaption class='wp-caption-text gallery-caption' id='gallery-1-66294'>\n\t\t\t\tCasa Palermo \/ Teobaldi Arquitectos (\u00a9 Gonzalo Viramonte)\n\t\t\t\t<\/figcaption><\/figure><figure class='gallery-item'>\n\t\t\t<div class='gallery-icon landscape'>\n\t\t\t\t<a href='https:\/\/www.arquimaster.com.ar\/web\/wp-content\/uploads\/2021\/07\/casa_palermo10.jpg' title=\"Casa Palermo \/ Teobaldi Arquitectos (\u00a9 Gonzalo Viramonte)\" data-rl_title=\"Casa Palermo \/ Teobaldi Arquitectos (\u00a9 Gonzalo Viramonte)\" class=\"rl-gallery-link\" data-rl_caption=\"Casa Palermo \/ Teobaldi Arquitectos (\u00a9 Gonzalo Viramonte)\" data-rel=\"lightbox-gallery-1\"><img loading=\"lazy\" decoding=\"async\" width=\"150\" height=\"150\" src=\"https:\/\/www.arquimaster.com.ar\/web\/wp-content\/uploads\/2021\/07\/casa_palermo10-150x150.jpg\" class=\"attachment-thumbnail size-thumbnail\" alt=\"Casa Palermo \/ Teobaldi Arquitectos\" aria-describedby=\"gallery-1-66295\" \/><\/a>\n\t\t\t<\/div>\n\t\t\t\t<figcaption class='wp-caption-text gallery-caption' id='gallery-1-66295'>\n\t\t\t\tCasa Palermo \/ Teobaldi Arquitectos (\u00a9 Gonzalo Viramonte)\n\t\t\t\t<\/figcaption><\/figure><figure class='gallery-item'>\n\t\t\t<div class='gallery-icon portrait'>\n\t\t\t\t<a href='https:\/\/www.arquimaster.com.ar\/web\/wp-content\/uploads\/2021\/07\/casa_palermo11.jpg' title=\"Casa Palermo \/ Teobaldi Arquitectos (\u00a9 Gonzalo Viramonte)\" data-rl_title=\"Casa Palermo \/ Teobaldi Arquitectos (\u00a9 Gonzalo Viramonte)\" class=\"rl-gallery-link\" data-rl_caption=\"Casa Palermo \/ Teobaldi Arquitectos (\u00a9 Gonzalo Viramonte)\" data-rel=\"lightbox-gallery-1\"><img loading=\"lazy\" decoding=\"async\" width=\"150\" height=\"150\" src=\"https:\/\/www.arquimaster.com.ar\/web\/wp-content\/uploads\/2021\/07\/casa_palermo11-150x150.jpg\" class=\"attachment-thumbnail size-thumbnail\" alt=\"Casa Palermo \/ Teobaldi Arquitectos\" aria-describedby=\"gallery-1-66296\" \/><\/a>\n\t\t\t<\/div>\n\t\t\t\t<figcaption class='wp-caption-text gallery-caption' id='gallery-1-66296'>\n\t\t\t\tCasa Palermo \/ Teobaldi Arquitectos (\u00a9 Gonzalo Viramonte)\n\t\t\t\t<\/figcaption><\/figure><figure class='gallery-item'>\n\t\t\t<div class='gallery-icon landscape'>\n\t\t\t\t<a href='https:\/\/www.arquimaster.com.ar\/web\/wp-content\/uploads\/2021\/07\/casa_palermo12.jpg' title=\"Casa Palermo \/ Teobaldi Arquitectos (\u00a9 Gonzalo Viramonte)\" data-rl_title=\"Casa Palermo \/ Teobaldi Arquitectos (\u00a9 Gonzalo Viramonte)\" class=\"rl-gallery-link\" data-rl_caption=\"Casa Palermo \/ Teobaldi Arquitectos (\u00a9 Gonzalo Viramonte)\" data-rel=\"lightbox-gallery-1\"><img loading=\"lazy\" decoding=\"async\" width=\"150\" height=\"150\" src=\"https:\/\/www.arquimaster.com.ar\/web\/wp-content\/uploads\/2021\/07\/casa_palermo12-150x150.jpg\" class=\"attachment-thumbnail size-thumbnail\" alt=\"Casa Palermo \/ Teobaldi Arquitectos\" aria-describedby=\"gallery-1-66297\" \/><\/a>\n\t\t\t<\/div>\n\t\t\t\t<figcaption class='wp-caption-text gallery-caption' id='gallery-1-66297'>\n\t\t\t\tCasa Palermo \/ Teobaldi Arquitectos (\u00a9 Gonzalo Viramonte)\n\t\t\t\t<\/figcaption><\/figure><figure class='gallery-item'>\n\t\t\t<div class='gallery-icon portrait'>\n\t\t\t\t<a href='https:\/\/www.arquimaster.com.ar\/web\/wp-content\/uploads\/2021\/07\/casa_palermo13.jpg' title=\"Casa Palermo \/ Teobaldi Arquitectos (\u00a9 Gonzalo Viramonte)\" data-rl_title=\"Casa Palermo \/ Teobaldi Arquitectos (\u00a9 Gonzalo Viramonte)\" class=\"rl-gallery-link\" data-rl_caption=\"Casa Palermo \/ Teobaldi Arquitectos (\u00a9 Gonzalo Viramonte)\" data-rel=\"lightbox-gallery-1\"><img loading=\"lazy\" decoding=\"async\" width=\"150\" height=\"150\" src=\"https:\/\/www.arquimaster.com.ar\/web\/wp-content\/uploads\/2021\/07\/casa_palermo13-150x150.jpg\" class=\"attachment-thumbnail size-thumbnail\" alt=\"Casa Palermo \/ Teobaldi Arquitectos\" aria-describedby=\"gallery-1-66298\" \/><\/a>\n\t\t\t<\/div>\n\t\t\t\t<figcaption class='wp-caption-text gallery-caption' id='gallery-1-66298'>\n\t\t\t\tCasa Palermo \/ Teobaldi Arquitectos (\u00a9 Gonzalo Viramonte)\n\t\t\t\t<\/figcaption><\/figure><figure class='gallery-item'>\n\t\t\t<div class='gallery-icon portrait'>\n\t\t\t\t<a href='https:\/\/www.arquimaster.com.ar\/web\/wp-content\/uploads\/2021\/07\/casa_palermo14.jpg' title=\"Casa Palermo \/ Teobaldi Arquitectos (\u00a9 Gonzalo Viramonte)\" data-rl_title=\"Casa Palermo \/ Teobaldi Arquitectos (\u00a9 Gonzalo Viramonte)\" class=\"rl-gallery-link\" data-rl_caption=\"Casa Palermo \/ Teobaldi Arquitectos (\u00a9 Gonzalo Viramonte)\" data-rel=\"lightbox-gallery-1\"><img loading=\"lazy\" decoding=\"async\" width=\"150\" height=\"150\" src=\"https:\/\/www.arquimaster.com.ar\/web\/wp-content\/uploads\/2021\/07\/casa_palermo14-150x150.jpg\" class=\"attachment-thumbnail size-thumbnail\" alt=\"Casa Palermo \/ Teobaldi Arquitectos\" aria-describedby=\"gallery-1-66299\" \/><\/a>\n\t\t\t<\/div>\n\t\t\t\t<figcaption class='wp-caption-text gallery-caption' id='gallery-1-66299'>\n\t\t\t\tCasa Palermo \/ Teobaldi Arquitectos (\u00a9 Gonzalo Viramonte)\n\t\t\t\t<\/figcaption><\/figure><figure class='gallery-item'>\n\t\t\t<div class='gallery-icon landscape'>\n\t\t\t\t<a href='https:\/\/www.arquimaster.com.ar\/web\/wp-content\/uploads\/2021\/07\/casa_palermo15.jpg' title=\"Casa Palermo \/ Teobaldi Arquitectos (\u00a9 Gonzalo Viramonte)\" data-rl_title=\"Casa Palermo \/ Teobaldi Arquitectos (\u00a9 Gonzalo Viramonte)\" class=\"rl-gallery-link\" data-rl_caption=\"Casa Palermo \/ Teobaldi Arquitectos (\u00a9 Gonzalo Viramonte)\" data-rel=\"lightbox-gallery-1\"><img loading=\"lazy\" decoding=\"async\" width=\"150\" height=\"150\" src=\"https:\/\/www.arquimaster.com.ar\/web\/wp-content\/uploads\/2021\/07\/casa_palermo15-150x150.jpg\" class=\"attachment-thumbnail size-thumbnail\" alt=\"Casa Palermo \/ Teobaldi Arquitectos\" aria-describedby=\"gallery-1-66300\" \/><\/a>\n\t\t\t<\/div>\n\t\t\t\t<figcaption class='wp-caption-text gallery-caption' id='gallery-1-66300'>\n\t\t\t\tCasa Palermo \/ Teobaldi Arquitectos (\u00a9 Gonzalo Viramonte)\n\t\t\t\t<\/figcaption><\/figure><figure class='gallery-item'>\n\t\t\t<div class='gallery-icon landscape'>\n\t\t\t\t<a href='https:\/\/www.arquimaster.com.ar\/web\/wp-content\/uploads\/2021\/07\/casa_palermo16.jpg' title=\"Casa Palermo \/ Teobaldi Arquitectos (\u00a9 Gonzalo Viramonte)\" data-rl_title=\"Casa Palermo \/ Teobaldi Arquitectos (\u00a9 Gonzalo Viramonte)\" class=\"rl-gallery-link\" data-rl_caption=\"Casa Palermo \/ Teobaldi Arquitectos (\u00a9 Gonzalo Viramonte)\" data-rel=\"lightbox-gallery-1\"><img loading=\"lazy\" decoding=\"async\" width=\"150\" height=\"150\" src=\"https:\/\/www.arquimaster.com.ar\/web\/wp-content\/uploads\/2021\/07\/casa_palermo16-150x150.jpg\" class=\"attachment-thumbnail size-thumbnail\" alt=\"Casa Palermo \/ Teobaldi Arquitectos\" aria-describedby=\"gallery-1-66301\" \/><\/a>\n\t\t\t<\/div>\n\t\t\t\t<figcaption class='wp-caption-text gallery-caption' id='gallery-1-66301'>\n\t\t\t\tCasa Palermo \/ Teobaldi Arquitectos (\u00a9 Gonzalo Viramonte)\n\t\t\t\t<\/figcaption><\/figure><figure class='gallery-item'>\n\t\t\t<div class='gallery-icon portrait'>\n\t\t\t\t<a href='https:\/\/www.arquimaster.com.ar\/web\/wp-content\/uploads\/2021\/07\/casa_palermo17.jpg' title=\"Casa Palermo \/ Teobaldi Arquitectos (\u00a9 Gonzalo Viramonte)\" data-rl_title=\"Casa Palermo \/ Teobaldi Arquitectos (\u00a9 Gonzalo Viramonte)\" class=\"rl-gallery-link\" data-rl_caption=\"Casa Palermo \/ Teobaldi Arquitectos (\u00a9 Gonzalo Viramonte)\" data-rel=\"lightbox-gallery-1\"><img loading=\"lazy\" decoding=\"async\" width=\"150\" height=\"150\" src=\"https:\/\/www.arquimaster.com.ar\/web\/wp-content\/uploads\/2021\/07\/casa_palermo17-150x150.jpg\" class=\"attachment-thumbnail size-thumbnail\" alt=\"Casa Palermo \/ Teobaldi Arquitectos\" aria-describedby=\"gallery-1-66302\" \/><\/a>\n\t\t\t<\/div>\n\t\t\t\t<figcaption class='wp-caption-text gallery-caption' id='gallery-1-66302'>\n\t\t\t\tCasa Palermo \/ Teobaldi Arquitectos (\u00a9 Gonzalo Viramonte)\n\t\t\t\t<\/figcaption><\/figure><figure class='gallery-item'>\n\t\t\t<div class='gallery-icon portrait'>\n\t\t\t\t<a href='https:\/\/www.arquimaster.com.ar\/web\/wp-content\/uploads\/2021\/07\/casa_palermo18.jpg' title=\"Casa Palermo \/ Teobaldi Arquitectos (\u00a9 Gonzalo Viramonte)\" data-rl_title=\"Casa Palermo \/ Teobaldi Arquitectos (\u00a9 Gonzalo Viramonte)\" class=\"rl-gallery-link\" data-rl_caption=\"Casa Palermo \/ Teobaldi Arquitectos (\u00a9 Gonzalo Viramonte)\" data-rel=\"lightbox-gallery-1\"><img loading=\"lazy\" decoding=\"async\" width=\"150\" height=\"150\" src=\"https:\/\/www.arquimaster.com.ar\/web\/wp-content\/uploads\/2021\/07\/casa_palermo18-150x150.jpg\" class=\"attachment-thumbnail size-thumbnail\" alt=\"Casa Palermo \/ Teobaldi Arquitectos\" aria-describedby=\"gallery-1-66303\" \/><\/a>\n\t\t\t<\/div>\n\t\t\t\t<figcaption class='wp-caption-text gallery-caption' id='gallery-1-66303'>\n\t\t\t\tCasa Palermo \/ Teobaldi Arquitectos (\u00a9 Gonzalo Viramonte)\n\t\t\t\t<\/figcaption><\/figure><figure class='gallery-item'>\n\t\t\t<div class='gallery-icon landscape'>\n\t\t\t\t<a href='https:\/\/www.arquimaster.com.ar\/web\/wp-content\/uploads\/2021\/07\/casa_palermo19.jpg' title=\"Casa Palermo \/ Teobaldi Arquitectos (\u00a9 Gonzalo Viramonte)\" data-rl_title=\"Casa Palermo \/ Teobaldi Arquitectos (\u00a9 Gonzalo Viramonte)\" class=\"rl-gallery-link\" data-rl_caption=\"Casa Palermo \/ Teobaldi Arquitectos (\u00a9 Gonzalo Viramonte)\" data-rel=\"lightbox-gallery-1\"><img loading=\"lazy\" decoding=\"async\" width=\"150\" height=\"150\" src=\"https:\/\/www.arquimaster.com.ar\/web\/wp-content\/uploads\/2021\/07\/casa_palermo19-150x150.jpg\" class=\"attachment-thumbnail size-thumbnail\" alt=\"Casa Palermo \/ Teobaldi Arquitectos\" aria-describedby=\"gallery-1-66304\" \/><\/a>\n\t\t\t<\/div>\n\t\t\t\t<figcaption class='wp-caption-text gallery-caption' id='gallery-1-66304'>\n\t\t\t\tCasa Palermo \/ Teobaldi Arquitectos (\u00a9 Gonzalo Viramonte)\n\t\t\t\t<\/figcaption><\/figure><figure class='gallery-item'>\n\t\t\t<div class='gallery-icon landscape'>\n\t\t\t\t<a href='https:\/\/www.arquimaster.com.ar\/web\/wp-content\/uploads\/2021\/07\/casa_palermo20.jpg' title=\"Casa Palermo \/ Teobaldi Arquitectos (\u00a9 Gonzalo Viramonte)\" data-rl_title=\"Casa Palermo \/ Teobaldi Arquitectos (\u00a9 Gonzalo Viramonte)\" class=\"rl-gallery-link\" data-rl_caption=\"Casa Palermo \/ Teobaldi Arquitectos (\u00a9 Gonzalo Viramonte)\" data-rel=\"lightbox-gallery-1\"><img loading=\"lazy\" decoding=\"async\" width=\"150\" height=\"150\" src=\"https:\/\/www.arquimaster.com.ar\/web\/wp-content\/uploads\/2021\/07\/casa_palermo20-150x150.jpg\" class=\"attachment-thumbnail size-thumbnail\" alt=\"Casa Palermo \/ Teobaldi Arquitectos\" aria-describedby=\"gallery-1-66305\" \/><\/a>\n\t\t\t<\/div>\n\t\t\t\t<figcaption class='wp-caption-text gallery-caption' id='gallery-1-66305'>\n\t\t\t\tCasa Palermo \/ Teobaldi Arquitectos (\u00a9 Gonzalo Viramonte)\n\t\t\t\t<\/figcaption><\/figure><figure class='gallery-item'>\n\t\t\t<div class='gallery-icon landscape'>\n\t\t\t\t<a href='https:\/\/www.arquimaster.com.ar\/web\/wp-content\/uploads\/2021\/07\/casa_palermo21.jpg' title=\"Casa Palermo \/ Teobaldi Arquitectos (\u00a9 Gonzalo Viramonte)\" data-rl_title=\"Casa Palermo \/ Teobaldi Arquitectos (\u00a9 Gonzalo Viramonte)\" class=\"rl-gallery-link\" data-rl_caption=\"Casa Palermo \/ Teobaldi Arquitectos (\u00a9 Gonzalo Viramonte)\" data-rel=\"lightbox-gallery-1\"><img loading=\"lazy\" decoding=\"async\" width=\"150\" height=\"150\" src=\"https:\/\/www.arquimaster.com.ar\/web\/wp-content\/uploads\/2021\/07\/casa_palermo21-150x150.jpg\" class=\"attachment-thumbnail size-thumbnail\" alt=\"Casa Palermo \/ Teobaldi Arquitectos\" aria-describedby=\"gallery-1-66306\" \/><\/a>\n\t\t\t<\/div>\n\t\t\t\t<figcaption class='wp-caption-text gallery-caption' id='gallery-1-66306'>\n\t\t\t\tCasa Palermo \/ Teobaldi Arquitectos (\u00a9 Gonzalo Viramonte)\n\t\t\t\t<\/figcaption><\/figure><figure class='gallery-item'>\n\t\t\t<div class='gallery-icon landscape'>\n\t\t\t\t<a href='https:\/\/www.arquimaster.com.ar\/web\/wp-content\/uploads\/2021\/07\/casa_palermo22.jpg' title=\"Casa Palermo \/ Teobaldi Arquitectos (\u00a9 Gonzalo Viramonte)\" data-rl_title=\"Casa Palermo \/ Teobaldi Arquitectos (\u00a9 Gonzalo Viramonte)\" class=\"rl-gallery-link\" data-rl_caption=\"Casa Palermo \/ Teobaldi Arquitectos (\u00a9 Gonzalo Viramonte)\" data-rel=\"lightbox-gallery-1\"><img loading=\"lazy\" decoding=\"async\" width=\"150\" height=\"150\" src=\"https:\/\/www.arquimaster.com.ar\/web\/wp-content\/uploads\/2021\/07\/casa_palermo22-150x150.jpg\" class=\"attachment-thumbnail size-thumbnail\" alt=\"Casa Palermo \/ Teobaldi Arquitectos\" aria-describedby=\"gallery-1-66307\" \/><\/a>\n\t\t\t<\/div>\n\t\t\t\t<figcaption class='wp-caption-text gallery-caption' id='gallery-1-66307'>\n\t\t\t\tCasa Palermo \/ Teobaldi Arquitectos (\u00a9 Gonzalo Viramonte)\n\t\t\t\t<\/figcaption><\/figure><figure class='gallery-item'>\n\t\t\t<div class='gallery-icon landscape'>\n\t\t\t\t<a href='https:\/\/www.arquimaster.com.ar\/web\/wp-content\/uploads\/2021\/07\/casa_palermo23.jpg' title=\"Casa Palermo \/ Teobaldi Arquitectos (\u00a9 Gonzalo Viramonte)\" data-rl_title=\"Casa Palermo \/ Teobaldi Arquitectos (\u00a9 Gonzalo Viramonte)\" class=\"rl-gallery-link\" data-rl_caption=\"Casa Palermo \/ Teobaldi Arquitectos (\u00a9 Gonzalo Viramonte)\" data-rel=\"lightbox-gallery-1\"><img loading=\"lazy\" decoding=\"async\" width=\"150\" height=\"150\" src=\"https:\/\/www.arquimaster.com.ar\/web\/wp-content\/uploads\/2021\/07\/casa_palermo23-150x150.jpg\" class=\"attachment-thumbnail size-thumbnail\" alt=\"Casa Palermo \/ Teobaldi Arquitectos\" aria-describedby=\"gallery-1-66308\" \/><\/a>\n\t\t\t<\/div>\n\t\t\t\t<figcaption class='wp-caption-text gallery-caption' id='gallery-1-66308'>\n\t\t\t\tCasa Palermo \/ Teobaldi Arquitectos (\u00a9 Gonzalo Viramonte)\n\t\t\t\t<\/figcaption><\/figure><figure class='gallery-item'>\n\t\t\t<div class='gallery-icon landscape'>\n\t\t\t\t<a href='https:\/\/www.arquimaster.com.ar\/web\/wp-content\/uploads\/2021\/07\/casa_palermo24.jpg' title=\"Casa Palermo \/ Teobaldi Arquitectos (planta baja)\" data-rl_title=\"Casa Palermo \/ Teobaldi Arquitectos (planta baja)\" class=\"rl-gallery-link\" data-rl_caption=\"Casa Palermo \/ Teobaldi Arquitectos (planta baja)\" data-rel=\"lightbox-gallery-1\"><img loading=\"lazy\" decoding=\"async\" width=\"150\" height=\"150\" src=\"https:\/\/www.arquimaster.com.ar\/web\/wp-content\/uploads\/2021\/07\/casa_palermo24-150x150.jpg\" class=\"attachment-thumbnail size-thumbnail\" alt=\"Casa Palermo \/ Teobaldi Arquitectos\" aria-describedby=\"gallery-1-66309\" \/><\/a>\n\t\t\t<\/div>\n\t\t\t\t<figcaption class='wp-caption-text gallery-caption' id='gallery-1-66309'>\n\t\t\t\tCasa Palermo \/ Teobaldi Arquitectos (planta baja)\n\t\t\t\t<\/figcaption><\/figure><figure class='gallery-item'>\n\t\t\t<div class='gallery-icon landscape'>\n\t\t\t\t<a href='https:\/\/www.arquimaster.com.ar\/web\/wp-content\/uploads\/2021\/07\/casa_palermo25.jpg' title=\"Casa Palermo \/ Teobaldi Arquitectos (planta alta)\" data-rl_title=\"Casa Palermo \/ Teobaldi Arquitectos (planta alta)\" class=\"rl-gallery-link\" data-rl_caption=\"Casa Palermo \/ Teobaldi Arquitectos (planta alta)\" data-rel=\"lightbox-gallery-1\"><img loading=\"lazy\" decoding=\"async\" width=\"150\" height=\"150\" src=\"https:\/\/www.arquimaster.com.ar\/web\/wp-content\/uploads\/2021\/07\/casa_palermo25-150x150.jpg\" class=\"attachment-thumbnail size-thumbnail\" alt=\"Casa Palermo \/ Teobaldi Arquitectos\" aria-describedby=\"gallery-1-66310\" \/><\/a>\n\t\t\t<\/div>\n\t\t\t\t<figcaption class='wp-caption-text gallery-caption' id='gallery-1-66310'>\n\t\t\t\tCasa Palermo \/ Teobaldi Arquitectos (planta alta)\n\t\t\t\t<\/figcaption><\/figure><figure class='gallery-item'>\n\t\t\t<div class='gallery-icon landscape'>\n\t\t\t\t<a href='https:\/\/www.arquimaster.com.ar\/web\/wp-content\/uploads\/2021\/07\/casa_palermo26.jpg' title=\"Casa Palermo \/ Teobaldi Arquitectos (planta terraza)\" data-rl_title=\"Casa Palermo \/ Teobaldi Arquitectos (planta terraza)\" class=\"rl-gallery-link\" data-rl_caption=\"Casa Palermo \/ Teobaldi Arquitectos (planta terraza)\" data-rel=\"lightbox-gallery-1\"><img loading=\"lazy\" decoding=\"async\" width=\"150\" height=\"150\" src=\"https:\/\/www.arquimaster.com.ar\/web\/wp-content\/uploads\/2021\/07\/casa_palermo26-150x150.jpg\" class=\"attachment-thumbnail size-thumbnail\" alt=\"Casa Palermo \/ Teobaldi Arquitectos\" aria-describedby=\"gallery-1-66311\" \/><\/a>\n\t\t\t<\/div>\n\t\t\t\t<figcaption class='wp-caption-text gallery-caption' id='gallery-1-66311'>\n\t\t\t\tCasa Palermo \/ Teobaldi Arquitectos (planta terraza)\n\t\t\t\t<\/figcaption><\/figure>\n\t\t<\/div>\n\n<p>Esta residencia posee un total de 350 m2 y se dispone en planta baja, alta y terrazas. El ingreso por el medio del lote de esquina nos permite diferenciar perfectamente los espacios p\u00fablicos y privados de la vivienda, y c\u00f3mo los mismos pueden mutar y apropiarse de distintas maneras para lograr una planta baja totalmente p\u00fablica para ocasiones especiales como festividades. De esta manera dejamos de perder grandes metros cuadrados en servicios o guardado para pasar a ser de uso com\u00fan en caso de que el usuario as\u00ed lo eligiera.<\/p>\n<p>La planta de primer piso, de car\u00e1cter semiprivado, donde conviven el cine y huerta, con las \u00e1reas m\u00e1s seguras y de mayor privacidad como la zona de dormitorios. Y por \u00faltimo nos encontramos con la planta del segundo piso, un \u00e1rea sumamente p\u00fablica y lugar de encuentro por excelencia familiar, donde el usuario puede compartir momentos en una terraza que se abre hacia el r\u00edo u optar por tomar sol en una piscina sobre elevada que vuela y se presenta sobre el claustro en donde todo se combina con perfecta armon\u00eda entre las grandes copas de los \u00e1rboles de alrededor, el rio, el muro verde y el cielo.<\/p>\n<p>Para lograr este di\u00e1logo entre el exterior e interior se plasm\u00f3 un gran exoesqueleto de hormig\u00f3n armado que posibilita, no s\u00f3lo la privacidad de la familia hacia el interior, sino que tambi\u00e9n, crea sombras y colores que cambian constantemente de acuerdo a las estaciones del a\u00f1o, logrando as\u00ed conectar con el usuario, y tambi\u00e9n, con el peat\u00f3n que experimenta su caminata diaria sobre la costanera de la ciudad.<\/p>\n<p>Este t\u00edpico claustro, muy com\u00fan en nuestra zona, es el protagonista de una intervenci\u00f3n del dise\u00f1o, no s\u00f3lo arquitect\u00f3nico, sino tambi\u00e9n de lo sustentable, desde el punto de vista lum\u00ednico, de asoleamiento y energ\u00e9tico.<\/p>\n<p>Toda la vida, tanto privada como p\u00fablica de la vivienda, girar\u00e1 en torno al patio, regal\u00e1ndole al interior una mayor calidad de vida e invitando al usuario a disfrutar de una manera continua y sin restricciones. Asimismo, sirve para regular la temperatura de toda la casa, y con la incorporaci\u00f3n de muros verdes, las arom\u00e1ticas y colores se adue\u00f1ar\u00e1n de las escenas internas y externas, por medio de grandes acristalamientos con DVH van a poder vivir y comunicarse desde todos los puntos de la vivienda.<\/p>\n<p>Posee una impronta de sustentabilidad muy fuerte, incitando al usuario a apropiarse de cada aspecto de la casa, donde la residencia pasa a ser un integrante m\u00e1s de la familia, incorporando alimentos por medio de la huerta que posee en planta alta, o reteniendo agua para su distribuci\u00f3n inteligente en \u00e9pocas de sequias. Con el apoyo de paneles solares, colector solar, luminotecnia led y dom\u00f3tica generalizada ayuda a hacer m\u00e1s f\u00e1cil la vida diaria y ahorra de manera significativa los costos de mantenimientos.<\/p>\n<p><strong>Ficha t\u00e9cnica<\/strong><br \/>\nNombre: Casa Palermo<br \/>\nUbicacion: Villa Mar\u00eda, Pcia. de C\u00f3rdoba, Argentina<br \/>\nOficina de arquitectura: Teobaldi Arquitectos<br \/>\nSuperficie: 350 m2<br \/>\nFecha de construcci\u00f3n: 2020<br \/>\nFotograf\u00edas: Gonzalo Viramonte<\/p>\n<p><strong>Contacto<\/strong><br \/>\n<a href=\"https:\/\/www.instagram.com\/teobaldiarquitectos\" target=\"_blank\" rel=\"noopener\">https:\/\/www.instagram.com\/teobaldiarquitectos<\/a><\/p>\n\n<div style=\"font-size: 0px; height: 0px; line-height: 0px; margin: 0; padding: 0; clear: both;\"><\/div><div style=\"margin-top: 0px; margin-bottom: 0px;\" class=\"sharethis-inline-share-buttons\" ><\/div>","protected":false},"excerpt":{"rendered":"<p>Todo el dise\u00f1o gira entorno a un patio tipo claustro que asemeja aquellas casas antiguas&#8230;<\/p>\n","protected":false},"author":1,"featured_media":66285,"comment_status":"closed","ping_status":"closed","sticky":false,"template":"","format":"standard","meta":{"_uag_custom_page_level_css":"","footnotes":""},"categories":[1,83],"tags":[44,228,4143,791,254],"class_list":["post-66284","post","type-post","status-publish","format-standard","has-post-thumbnail","hentry","category-proyecto","category-vivienda-unifamiliar","tag-arquitectura-sustentable","tag-cordoba","tag-teobaldi-arquitectos","tag-villa-maria","tag-vivienda-unifamiliar-2","generate-columns","tablet-grid-50","mobile-grid-100","grid-parent","grid-50"],"yoast_head":"<!-- This site is optimized with the Yoast SEO plugin v27.3 - https:\/\/yoast.com\/product\/yoast-seo-wordpress\/ -->\n<title>Casa Palermo \/ Teobaldi Arquitectos - Arquimaster<\/title>\n<meta name=\"description\" content=\"Todo el dise\u00f1o gira entorno a un patio tipo claustro que asemeja aquellas casas antiguas tan caracter\u00edsticas de la regi\u00f3n en donde vivieron y se desarrollaron los clientes en sus inicios.\" \/>\n<meta name=\"robots\" content=\"index, follow, max-snippet:-1, max-image-preview:large, max-video-preview:-1\" \/>\n<link rel=\"canonical\" href=\"https:\/\/www.arquimaster.com.ar\/web\/casa-palermo-teobaldi-arquitectos\/\" \/>\n<meta property=\"og:locale\" content=\"es_ES\" \/>\n<meta property=\"og:type\" content=\"article\" \/>\n<meta property=\"og:title\" content=\"Casa Palermo \/ Teobaldi Arquitectos\" \/>\n<meta property=\"og:description\" content=\"Todo el dise\u00f1o gira entorno a un patio tipo claustro que asemeja aquellas casas antiguas tan caracter\u00edsticas de la regi\u00f3n en donde vivieron y se desarrollaron los clientes en sus inicios.\" \/>\n<meta property=\"og:url\" content=\"https:\/\/www.arquimaster.com.ar\/web\/casa-palermo-teobaldi-arquitectos\/\" \/>\n<meta property=\"og:site_name\" content=\"Arquimaster\" \/>\n<meta property=\"article:publisher\" content=\"http:\/\/www.facebook.com\/ARQUIMASTER.com.ar\" \/>\n<meta property=\"article:published_time\" content=\"2021-07-08T20:20:49+00:00\" \/>\n<meta property=\"article:modified_time\" content=\"2022-03-20T20:32:59+00:00\" \/>\n<meta property=\"og:image\" content=\"https:\/\/www.arquimaster.com.ar\/web\/wp-content\/uploads\/2021\/07\/casa_palermo_slide.jpg\" \/>\n\t<meta property=\"og:image:width\" content=\"698\" \/>\n\t<meta property=\"og:image:height\" content=\"364\" \/>\n\t<meta property=\"og:image:type\" content=\"image\/jpeg\" \/>\n<meta name=\"author\" content=\"Arquimaster\" \/>\n<meta name=\"twitter:card\" content=\"summary_large_image\" \/>\n<meta name=\"twitter:title\" content=\"Casa Palermo \/ Teobaldi Arquitectos\" \/>\n<meta name=\"twitter:description\" content=\"Todo el dise\u00f1o gira entorno a un patio tipo claustro que asemeja aquellas casas antiguas tan caracter\u00edsticas de la regi\u00f3n en donde vivieron y se desarrollaron los clientes en sus inicios.\" \/>\n<meta name=\"twitter:image\" content=\"https:\/\/www.arquimaster.com.ar\/web\/wp-content\/uploads\/2021\/07\/casa_palermo_slide.jpg\" \/>\n<meta name=\"twitter:creator\" content=\"@arquimaster\" \/>\n<meta name=\"twitter:site\" content=\"@arquimaster\" \/>\n<meta name=\"twitter:label1\" content=\"Escrito por\" \/>\n\t<meta name=\"twitter:data1\" content=\"Arquimaster\" \/>\n\t<meta name=\"twitter:label2\" content=\"Tiempo de lectura\" \/>\n\t<meta name=\"twitter:data2\" content=\"3 minutos\" \/>\n<script type=\"application\/ld+json\" class=\"yoast-schema-graph\">{\"@context\":\"https:\\\/\\\/schema.org\",\"@graph\":[{\"@type\":\"Article\",\"@id\":\"https:\\\/\\\/www.arquimaster.com.ar\\\/web\\\/casa-palermo-teobaldi-arquitectos\\\/#article\",\"isPartOf\":{\"@id\":\"https:\\\/\\\/www.arquimaster.com.ar\\\/web\\\/casa-palermo-teobaldi-arquitectos\\\/\"},\"author\":{\"name\":\"Arquimaster\",\"@id\":\"https:\\\/\\\/www.arquimaster.com.ar\\\/web\\\/#\\\/schema\\\/person\\\/359e9f7c00193fcde068e0dd2ceb0028\"},\"headline\":\"Casa Palermo \\\/ Teobaldi Arquitectos\",\"datePublished\":\"2021-07-08T20:20:49+00:00\",\"dateModified\":\"2022-03-20T20:32:59+00:00\",\"mainEntityOfPage\":{\"@id\":\"https:\\\/\\\/www.arquimaster.com.ar\\\/web\\\/casa-palermo-teobaldi-arquitectos\\\/\"},\"wordCount\":642,\"publisher\":{\"@id\":\"https:\\\/\\\/www.arquimaster.com.ar\\\/web\\\/#organization\"},\"image\":{\"@id\":\"https:\\\/\\\/www.arquimaster.com.ar\\\/web\\\/casa-palermo-teobaldi-arquitectos\\\/#primaryimage\"},\"thumbnailUrl\":\"https:\\\/\\\/www.arquimaster.com.ar\\\/web\\\/wp-content\\\/uploads\\\/2021\\\/07\\\/casa_palermo_slide.jpg\",\"keywords\":[\"arquitectura sustentable\",\"C\u00f3rdoba\",\"Teobaldi Arquitectos\",\"Villa Mar\u00eda\",\"vivienda unifamiliar\"],\"articleSection\":[\"Proyecto\",\"Vivienda unifamiliar y PH\"],\"inLanguage\":\"es\"},{\"@type\":\"WebPage\",\"@id\":\"https:\\\/\\\/www.arquimaster.com.ar\\\/web\\\/casa-palermo-teobaldi-arquitectos\\\/\",\"url\":\"https:\\\/\\\/www.arquimaster.com.ar\\\/web\\\/casa-palermo-teobaldi-arquitectos\\\/\",\"name\":\"Casa Palermo \\\/ Teobaldi Arquitectos - Arquimaster\",\"isPartOf\":{\"@id\":\"https:\\\/\\\/www.arquimaster.com.ar\\\/web\\\/#website\"},\"primaryImageOfPage\":{\"@id\":\"https:\\\/\\\/www.arquimaster.com.ar\\\/web\\\/casa-palermo-teobaldi-arquitectos\\\/#primaryimage\"},\"image\":{\"@id\":\"https:\\\/\\\/www.arquimaster.com.ar\\\/web\\\/casa-palermo-teobaldi-arquitectos\\\/#primaryimage\"},\"thumbnailUrl\":\"https:\\\/\\\/www.arquimaster.com.ar\\\/web\\\/wp-content\\\/uploads\\\/2021\\\/07\\\/casa_palermo_slide.jpg\",\"datePublished\":\"2021-07-08T20:20:49+00:00\",\"dateModified\":\"2022-03-20T20:32:59+00:00\",\"description\":\"Todo el dise\u00f1o gira entorno a un patio tipo claustro que asemeja aquellas casas antiguas tan caracter\u00edsticas de la regi\u00f3n en donde vivieron y se desarrollaron los clientes en sus inicios.\",\"breadcrumb\":{\"@id\":\"https:\\\/\\\/www.arquimaster.com.ar\\\/web\\\/casa-palermo-teobaldi-arquitectos\\\/#breadcrumb\"},\"inLanguage\":\"es\",\"potentialAction\":[{\"@type\":\"ReadAction\",\"target\":[\"https:\\\/\\\/www.arquimaster.com.ar\\\/web\\\/casa-palermo-teobaldi-arquitectos\\\/\"]}]},{\"@type\":\"ImageObject\",\"inLanguage\":\"es\",\"@id\":\"https:\\\/\\\/www.arquimaster.com.ar\\\/web\\\/casa-palermo-teobaldi-arquitectos\\\/#primaryimage\",\"url\":\"https:\\\/\\\/www.arquimaster.com.ar\\\/web\\\/wp-content\\\/uploads\\\/2021\\\/07\\\/casa_palermo_slide.jpg\",\"contentUrl\":\"https:\\\/\\\/www.arquimaster.com.ar\\\/web\\\/wp-content\\\/uploads\\\/2021\\\/07\\\/casa_palermo_slide.jpg\",\"width\":698,\"height\":364,\"caption\":\"Casa Palermo \\\/ Teobaldi Arquitectos\"},{\"@type\":\"BreadcrumbList\",\"@id\":\"https:\\\/\\\/www.arquimaster.com.ar\\\/web\\\/casa-palermo-teobaldi-arquitectos\\\/#breadcrumb\",\"itemListElement\":[{\"@type\":\"ListItem\",\"position\":1,\"name\":\"Portada\",\"item\":\"https:\\\/\\\/www.arquimaster.com.ar\\\/web\\\/\"},{\"@type\":\"ListItem\",\"position\":2,\"name\":\"Casa Palermo \\\/ Teobaldi Arquitectos\"}]},{\"@type\":\"WebSite\",\"@id\":\"https:\\\/\\\/www.arquimaster.com.ar\\\/web\\\/#website\",\"url\":\"https:\\\/\\\/www.arquimaster.com.ar\\\/web\\\/\",\"name\":\"Arquimaster\",\"description\":\"Web de arquitectura, dise\u00f1o y construccion\",\"publisher\":{\"@id\":\"https:\\\/\\\/www.arquimaster.com.ar\\\/web\\\/#organization\"},\"potentialAction\":[{\"@type\":\"SearchAction\",\"target\":{\"@type\":\"EntryPoint\",\"urlTemplate\":\"https:\\\/\\\/www.arquimaster.com.ar\\\/web\\\/?s={search_term_string}\"},\"query-input\":{\"@type\":\"PropertyValueSpecification\",\"valueRequired\":true,\"valueName\":\"search_term_string\"}}],\"inLanguage\":\"es\"},{\"@type\":\"Organization\",\"@id\":\"https:\\\/\\\/www.arquimaster.com.ar\\\/web\\\/#organization\",\"name\":\"Arquimaster\",\"url\":\"https:\\\/\\\/www.arquimaster.com.ar\\\/web\\\/\",\"logo\":{\"@type\":\"ImageObject\",\"inLanguage\":\"es\",\"@id\":\"https:\\\/\\\/www.arquimaster.com.ar\\\/web\\\/#\\\/schema\\\/logo\\\/image\\\/\",\"url\":\"https:\\\/\\\/www.arquimaster.com.ar\\\/web\\\/wp-content\\\/uploads\\\/2022\\\/06\\\/arquimaster.png\",\"contentUrl\":\"https:\\\/\\\/www.arquimaster.com.ar\\\/web\\\/wp-content\\\/uploads\\\/2022\\\/06\\\/arquimaster.png\",\"width\":594,\"height\":78,\"caption\":\"Arquimaster\"},\"image\":{\"@id\":\"https:\\\/\\\/www.arquimaster.com.ar\\\/web\\\/#\\\/schema\\\/logo\\\/image\\\/\"},\"sameAs\":[\"http:\\\/\\\/www.facebook.com\\\/ARQUIMASTER.com.ar\",\"https:\\\/\\\/x.com\\\/arquimaster\",\"https:\\\/\\\/www.instagram.com\\\/arquimasterblog\\\/\",\"https:\\\/\\\/www.linkedin.com\\\/company\\\/arquimaster\",\"https:\\\/\\\/www.pinterest.com\\\/arquimaster\",\"https:\\\/\\\/t.me\\\/arquimaster\"]},{\"@type\":\"Person\",\"@id\":\"https:\\\/\\\/www.arquimaster.com.ar\\\/web\\\/#\\\/schema\\\/person\\\/359e9f7c00193fcde068e0dd2ceb0028\",\"name\":\"Arquimaster\"}]}<\/script>\n<!-- \/ Yoast SEO plugin. -->","yoast_head_json":{"title":"Casa Palermo \/ Teobaldi Arquitectos - Arquimaster","description":"Todo el dise\u00f1o gira entorno a un patio tipo claustro que asemeja aquellas casas antiguas tan caracter\u00edsticas de la regi\u00f3n en donde vivieron y se desarrollaron los clientes en sus inicios.","robots":{"index":"index","follow":"follow","max-snippet":"max-snippet:-1","max-image-preview":"max-image-preview:large","max-video-preview":"max-video-preview:-1"},"canonical":"https:\/\/www.arquimaster.com.ar\/web\/casa-palermo-teobaldi-arquitectos\/","og_locale":"es_ES","og_type":"article","og_title":"Casa Palermo \/ Teobaldi Arquitectos","og_description":"Todo el dise\u00f1o gira entorno a un patio tipo claustro que asemeja aquellas casas antiguas tan caracter\u00edsticas de la regi\u00f3n en donde vivieron y se desarrollaron los clientes en sus inicios.","og_url":"https:\/\/www.arquimaster.com.ar\/web\/casa-palermo-teobaldi-arquitectos\/","og_site_name":"Arquimaster","article_publisher":"http:\/\/www.facebook.com\/ARQUIMASTER.com.ar","article_published_time":"2021-07-08T20:20:49+00:00","article_modified_time":"2022-03-20T20:32:59+00:00","og_image":[{"width":698,"height":364,"url":"https:\/\/www.arquimaster.com.ar\/web\/wp-content\/uploads\/2021\/07\/casa_palermo_slide.jpg","type":"image\/jpeg"}],"author":"Arquimaster","twitter_card":"summary_large_image","twitter_title":"Casa Palermo \/ Teobaldi Arquitectos","twitter_description":"Todo el dise\u00f1o gira entorno a un patio tipo claustro que asemeja aquellas casas antiguas tan caracter\u00edsticas de la regi\u00f3n en donde vivieron y se desarrollaron los clientes en sus inicios.","twitter_image":"https:\/\/www.arquimaster.com.ar\/web\/wp-content\/uploads\/2021\/07\/casa_palermo_slide.jpg","twitter_creator":"@arquimaster","twitter_site":"@arquimaster","twitter_misc":{"Escrito por":"Arquimaster","Tiempo de lectura":"3 minutos"},"schema":{"@context":"https:\/\/schema.org","@graph":[{"@type":"Article","@id":"https:\/\/www.arquimaster.com.ar\/web\/casa-palermo-teobaldi-arquitectos\/#article","isPartOf":{"@id":"https:\/\/www.arquimaster.com.ar\/web\/casa-palermo-teobaldi-arquitectos\/"},"author":{"name":"Arquimaster","@id":"https:\/\/www.arquimaster.com.ar\/web\/#\/schema\/person\/359e9f7c00193fcde068e0dd2ceb0028"},"headline":"Casa Palermo \/ Teobaldi Arquitectos","datePublished":"2021-07-08T20:20:49+00:00","dateModified":"2022-03-20T20:32:59+00:00","mainEntityOfPage":{"@id":"https:\/\/www.arquimaster.com.ar\/web\/casa-palermo-teobaldi-arquitectos\/"},"wordCount":642,"publisher":{"@id":"https:\/\/www.arquimaster.com.ar\/web\/#organization"},"image":{"@id":"https:\/\/www.arquimaster.com.ar\/web\/casa-palermo-teobaldi-arquitectos\/#primaryimage"},"thumbnailUrl":"https:\/\/www.arquimaster.com.ar\/web\/wp-content\/uploads\/2021\/07\/casa_palermo_slide.jpg","keywords":["arquitectura sustentable","C\u00f3rdoba","Teobaldi Arquitectos","Villa Mar\u00eda","vivienda unifamiliar"],"articleSection":["Proyecto","Vivienda unifamiliar y PH"],"inLanguage":"es"},{"@type":"WebPage","@id":"https:\/\/www.arquimaster.com.ar\/web\/casa-palermo-teobaldi-arquitectos\/","url":"https:\/\/www.arquimaster.com.ar\/web\/casa-palermo-teobaldi-arquitectos\/","name":"Casa Palermo \/ Teobaldi Arquitectos - Arquimaster","isPartOf":{"@id":"https:\/\/www.arquimaster.com.ar\/web\/#website"},"primaryImageOfPage":{"@id":"https:\/\/www.arquimaster.com.ar\/web\/casa-palermo-teobaldi-arquitectos\/#primaryimage"},"image":{"@id":"https:\/\/www.arquimaster.com.ar\/web\/casa-palermo-teobaldi-arquitectos\/#primaryimage"},"thumbnailUrl":"https:\/\/www.arquimaster.com.ar\/web\/wp-content\/uploads\/2021\/07\/casa_palermo_slide.jpg","datePublished":"2021-07-08T20:20:49+00:00","dateModified":"2022-03-20T20:32:59+00:00","description":"Todo el dise\u00f1o gira entorno a un patio tipo claustro que asemeja aquellas casas antiguas tan caracter\u00edsticas de la regi\u00f3n en donde vivieron y se desarrollaron los clientes en sus inicios.","breadcrumb":{"@id":"https:\/\/www.arquimaster.com.ar\/web\/casa-palermo-teobaldi-arquitectos\/#breadcrumb"},"inLanguage":"es","potentialAction":[{"@type":"ReadAction","target":["https:\/\/www.arquimaster.com.ar\/web\/casa-palermo-teobaldi-arquitectos\/"]}]},{"@type":"ImageObject","inLanguage":"es","@id":"https:\/\/www.arquimaster.com.ar\/web\/casa-palermo-teobaldi-arquitectos\/#primaryimage","url":"https:\/\/www.arquimaster.com.ar\/web\/wp-content\/uploads\/2021\/07\/casa_palermo_slide.jpg","contentUrl":"https:\/\/www.arquimaster.com.ar\/web\/wp-content\/uploads\/2021\/07\/casa_palermo_slide.jpg","width":698,"height":364,"caption":"Casa Palermo \/ Teobaldi Arquitectos"},{"@type":"BreadcrumbList","@id":"https:\/\/www.arquimaster.com.ar\/web\/casa-palermo-teobaldi-arquitectos\/#breadcrumb","itemListElement":[{"@type":"ListItem","position":1,"name":"Portada","item":"https:\/\/www.arquimaster.com.ar\/web\/"},{"@type":"ListItem","position":2,"name":"Casa Palermo \/ Teobaldi Arquitectos"}]},{"@type":"WebSite","@id":"https:\/\/www.arquimaster.com.ar\/web\/#website","url":"https:\/\/www.arquimaster.com.ar\/web\/","name":"Arquimaster","description":"Web de arquitectura, dise\u00f1o y construccion","publisher":{"@id":"https:\/\/www.arquimaster.com.ar\/web\/#organization"},"potentialAction":[{"@type":"SearchAction","target":{"@type":"EntryPoint","urlTemplate":"https:\/\/www.arquimaster.com.ar\/web\/?s={search_term_string}"},"query-input":{"@type":"PropertyValueSpecification","valueRequired":true,"valueName":"search_term_string"}}],"inLanguage":"es"},{"@type":"Organization","@id":"https:\/\/www.arquimaster.com.ar\/web\/#organization","name":"Arquimaster","url":"https:\/\/www.arquimaster.com.ar\/web\/","logo":{"@type":"ImageObject","inLanguage":"es","@id":"https:\/\/www.arquimaster.com.ar\/web\/#\/schema\/logo\/image\/","url":"https:\/\/www.arquimaster.com.ar\/web\/wp-content\/uploads\/2022\/06\/arquimaster.png","contentUrl":"https:\/\/www.arquimaster.com.ar\/web\/wp-content\/uploads\/2022\/06\/arquimaster.png","width":594,"height":78,"caption":"Arquimaster"},"image":{"@id":"https:\/\/www.arquimaster.com.ar\/web\/#\/schema\/logo\/image\/"},"sameAs":["http:\/\/www.facebook.com\/ARQUIMASTER.com.ar","https:\/\/x.com\/arquimaster","https:\/\/www.instagram.com\/arquimasterblog\/","https:\/\/www.linkedin.com\/company\/arquimaster","https:\/\/www.pinterest.com\/arquimaster","https:\/\/t.me\/arquimaster"]},{"@type":"Person","@id":"https:\/\/www.arquimaster.com.ar\/web\/#\/schema\/person\/359e9f7c00193fcde068e0dd2ceb0028","name":"Arquimaster"}]}},"uagb_featured_image_src":{"full":["https:\/\/www.arquimaster.com.ar\/web\/wp-content\/uploads\/2021\/07\/casa_palermo_slide.jpg",698,364,false],"thumbnail":["https:\/\/www.arquimaster.com.ar\/web\/wp-content\/uploads\/2021\/07\/casa_palermo_slide-150x150.jpg",150,150,true],"medium":["https:\/\/www.arquimaster.com.ar\/web\/wp-content\/uploads\/2021\/07\/casa_palermo_slide.jpg",698,364,false],"medium_large":["https:\/\/www.arquimaster.com.ar\/web\/wp-content\/uploads\/2021\/07\/casa_palermo_slide.jpg",698,364,false],"large":["https:\/\/www.arquimaster.com.ar\/web\/wp-content\/uploads\/2021\/07\/casa_palermo_slide.jpg",698,364,false],"1536x1536":["https:\/\/www.arquimaster.com.ar\/web\/wp-content\/uploads\/2021\/07\/casa_palermo_slide.jpg",698,364,false],"2048x2048":["https:\/\/www.arquimaster.com.ar\/web\/wp-content\/uploads\/2021\/07\/casa_palermo_slide.jpg",698,364,false]},"uagb_author_info":{"display_name":"Arquimaster","author_link":"https:\/\/www.arquimaster.com.ar\/web\/author\/arquimaster\/"},"uagb_comment_info":0,"uagb_excerpt":"Todo el dise\u00f1o gira entorno a un patio tipo claustro que asemeja aquellas casas antiguas...","_links":{"self":[{"href":"https:\/\/www.arquimaster.com.ar\/web\/wp-json\/wp\/v2\/posts\/66284","targetHints":{"allow":["GET"]}}],"collection":[{"href":"https:\/\/www.arquimaster.com.ar\/web\/wp-json\/wp\/v2\/posts"}],"about":[{"href":"https:\/\/www.arquimaster.com.ar\/web\/wp-json\/wp\/v2\/types\/post"}],"author":[{"embeddable":true,"href":"https:\/\/www.arquimaster.com.ar\/web\/wp-json\/wp\/v2\/users\/1"}],"replies":[{"embeddable":true,"href":"https:\/\/www.arquimaster.com.ar\/web\/wp-json\/wp\/v2\/comments?post=66284"}],"version-history":[{"count":1,"href":"https:\/\/www.arquimaster.com.ar\/web\/wp-json\/wp\/v2\/posts\/66284\/revisions"}],"predecessor-version":[{"id":66312,"href":"https:\/\/www.arquimaster.com.ar\/web\/wp-json\/wp\/v2\/posts\/66284\/revisions\/66312"}],"wp:featuredmedia":[{"embeddable":true,"href":"https:\/\/www.arquimaster.com.ar\/web\/wp-json\/wp\/v2\/media\/66285"}],"wp:attachment":[{"href":"https:\/\/www.arquimaster.com.ar\/web\/wp-json\/wp\/v2\/media?parent=66284"}],"wp:term":[{"taxonomy":"category","embeddable":true,"href":"https:\/\/www.arquimaster.com.ar\/web\/wp-json\/wp\/v2\/categories?post=66284"},{"taxonomy":"post_tag","embeddable":true,"href":"https:\/\/www.arquimaster.com.ar\/web\/wp-json\/wp\/v2\/tags?post=66284"}],"curies":[{"name":"wp","href":"https:\/\/api.w.org\/{rel}","templated":true}]}}