{"id":66704,"date":"2021-08-05T20:34:58","date_gmt":"2021-08-05T23:34:58","guid":{"rendered":"https:\/\/www.arquimaster.com.ar\/web\/?p=66704"},"modified":"2022-04-27T21:23:19","modified_gmt":"2022-04-28T00:23:19","slug":"ampliacion-de-vivienda-ph-en-ciudad-de-buenos-aires-ba75-atelier-de-arquitectura","status":"publish","type":"post","link":"https:\/\/www.arquimaster.com.ar\/web\/ampliacion-de-vivienda-ph-en-ciudad-de-buenos-aires-ba75-atelier-de-arquitectura\/","title":{"rendered":"Ampliaci\u00f3n de vivienda PH en Ciudad de Buenos Aires \/ Ba75 Atelier de Arquitectura"},"content":{"rendered":"<div style=\"margin-top: 0px; margin-bottom: 0px;\" class=\"sharethis-inline-share-buttons\" ><\/div><div class=\"b812932af2e751442846f039925109de\" data-index=\"1\" style=\"float: none; margin:25px 0 25px 0; text-align:center;\">\n<script async src=\"https:\/\/pagead2.googlesyndication.com\/pagead\/js\/adsbygoogle.js\"><\/script>\r\n<!-- Arquimaster (superior) -->\r\n<ins class=\"adsbygoogle\"\r\n     style=\"display:block\"\r\n     data-ad-client=\"ca-pub-6351072698456832\"\r\n     data-ad-slot=\"6455489680\"\r\n     data-ad-format=\"auto\"\r\n     data-full-width-responsive=\"true\"><\/ins>\r\n<script>\r\n     (adsbygoogle = window.adsbygoogle || []).push({});\r\n<\/script>\n<\/div>\n<p><strong>Ampliaci\u00f3n de vivienda PH en Ciudad de Buenos Aires<\/strong> (Argentina) por <strong>Ba75 Atelier de Arquitectura<\/strong>. Una ampliaci\u00f3n de un PH en el barrio de Villa Urquiza. Con la necesidad de contar con un espacio para recibir gente se compr\u00f3 la propiedad contigua dentro del mismo PH. El programa: un gimnasio de uso familiar, un espacio para recibir gente, una parrilla con un horno a le\u00f1a y un patio con pileta.<\/p>\n<div id='gallery-1' class='gallery galleryid-66704 gallery-columns-3 gallery-size-thumbnail'><figure class='gallery-item'>\n\t\t\t<div class='gallery-icon portrait'>\n\t\t\t\t<a href='https:\/\/www.arquimaster.com.ar\/web\/wp-content\/uploads\/2021\/08\/ampliacion_ph_villa_urquiza1.jpg' title=\"Ampliaci\u00f3n de vivienda PH en Ciudad de Buenos Aires \/ Ba75 Atelier de Arquitectura (\u00a9 Adrian Salgueiro)\" data-rl_title=\"Ampliaci\u00f3n de vivienda PH en Ciudad de Buenos Aires \/ Ba75 Atelier de Arquitectura (\u00a9 Adrian Salgueiro)\" class=\"rl-gallery-link\" data-rl_caption=\"Ampliaci\u00f3n de vivienda PH en Ciudad de Buenos Aires \/ Ba75 Atelier de Arquitectura (\u00a9 Adrian Salgueiro)\" data-rel=\"lightbox-gallery-1\"><img loading=\"lazy\" decoding=\"async\" width=\"150\" height=\"150\" src=\"https:\/\/www.arquimaster.com.ar\/web\/wp-content\/uploads\/2021\/08\/ampliacion_ph_villa_urquiza1-150x150.jpg\" class=\"attachment-thumbnail size-thumbnail\" alt=\"Ampliaci\u00f3n de vivienda PH en Ciudad de Buenos Aires \/ Ba75 Atelier de Arquitectura\" aria-describedby=\"gallery-1-66706\" \/><\/a>\n\t\t\t<\/div>\n\t\t\t\t<figcaption class='wp-caption-text gallery-caption' id='gallery-1-66706'>\n\t\t\t\tAmpliaci\u00f3n de vivienda PH en Ciudad de Buenos Aires \/ Ba75 Atelier de Arquitectura (\u00a9 Adrian Salgueiro)\n\t\t\t\t<\/figcaption><\/figure><figure class='gallery-item'>\n\t\t\t<div class='gallery-icon landscape'>\n\t\t\t\t<a href='https:\/\/www.arquimaster.com.ar\/web\/wp-content\/uploads\/2021\/08\/ampliacion_ph_villa_urquiza2.jpg' title=\"Ampliaci\u00f3n de vivienda PH en Ciudad de Buenos Aires \/ Ba75 Atelier de Arquitectura (\u00a9 Adrian Salgueiro)\" data-rl_title=\"Ampliaci\u00f3n de vivienda PH en Ciudad de Buenos Aires \/ Ba75 Atelier de Arquitectura (\u00a9 Adrian Salgueiro)\" class=\"rl-gallery-link\" data-rl_caption=\"Ampliaci\u00f3n de vivienda PH en Ciudad de Buenos Aires \/ Ba75 Atelier de Arquitectura (\u00a9 Adrian Salgueiro)\" data-rel=\"lightbox-gallery-1\"><img loading=\"lazy\" decoding=\"async\" width=\"150\" height=\"150\" src=\"https:\/\/www.arquimaster.com.ar\/web\/wp-content\/uploads\/2021\/08\/ampliacion_ph_villa_urquiza2-150x150.jpg\" class=\"attachment-thumbnail size-thumbnail\" alt=\"Ampliaci\u00f3n de vivienda PH en Ciudad de Buenos Aires \/ Ba75 Atelier de Arquitectura\" aria-describedby=\"gallery-1-66707\" \/><\/a>\n\t\t\t<\/div>\n\t\t\t\t<figcaption class='wp-caption-text gallery-caption' id='gallery-1-66707'>\n\t\t\t\tAmpliaci\u00f3n de vivienda PH en Ciudad de Buenos Aires \/ Ba75 Atelier de Arquitectura (\u00a9 Adrian Salgueiro)\n\t\t\t\t<\/figcaption><\/figure><figure class='gallery-item'>\n\t\t\t<div class='gallery-icon landscape'>\n\t\t\t\t<a href='https:\/\/www.arquimaster.com.ar\/web\/wp-content\/uploads\/2021\/08\/ampliacion_ph_villa_urquiza3.jpg' title=\"Ampliaci\u00f3n de vivienda PH en Ciudad de Buenos Aires \/ Ba75 Atelier de Arquitectura (\u00a9 Adrian Salgueiro)\" data-rl_title=\"Ampliaci\u00f3n de vivienda PH en Ciudad de Buenos Aires \/ Ba75 Atelier de Arquitectura (\u00a9 Adrian Salgueiro)\" class=\"rl-gallery-link\" data-rl_caption=\"Ampliaci\u00f3n de vivienda PH en Ciudad de Buenos Aires \/ Ba75 Atelier de Arquitectura (\u00a9 Adrian Salgueiro)\" data-rel=\"lightbox-gallery-1\"><img loading=\"lazy\" decoding=\"async\" width=\"150\" height=\"150\" src=\"https:\/\/www.arquimaster.com.ar\/web\/wp-content\/uploads\/2021\/08\/ampliacion_ph_villa_urquiza3-150x150.jpg\" class=\"attachment-thumbnail size-thumbnail\" alt=\"Ampliaci\u00f3n de vivienda PH en Ciudad de Buenos Aires \/ Ba75 Atelier de Arquitectura\" aria-describedby=\"gallery-1-66708\" \/><\/a>\n\t\t\t<\/div>\n\t\t\t\t<figcaption class='wp-caption-text gallery-caption' id='gallery-1-66708'>\n\t\t\t\tAmpliaci\u00f3n de vivienda PH en Ciudad de Buenos Aires \/ Ba75 Atelier de Arquitectura (\u00a9 Adrian Salgueiro)\n\t\t\t\t<\/figcaption><\/figure><figure class='gallery-item'>\n\t\t\t<div class='gallery-icon landscape'>\n\t\t\t\t<a href='https:\/\/www.arquimaster.com.ar\/web\/wp-content\/uploads\/2021\/08\/ampliacion_ph_villa_urquiza4.jpg' title=\"Ampliaci\u00f3n de vivienda PH en Ciudad de Buenos Aires \/ Ba75 Atelier de Arquitectura (\u00a9 Adrian Salgueiro)\" data-rl_title=\"Ampliaci\u00f3n de vivienda PH en Ciudad de Buenos Aires \/ Ba75 Atelier de Arquitectura (\u00a9 Adrian Salgueiro)\" class=\"rl-gallery-link\" data-rl_caption=\"Ampliaci\u00f3n de vivienda PH en Ciudad de Buenos Aires \/ Ba75 Atelier de Arquitectura (\u00a9 Adrian Salgueiro)\" data-rel=\"lightbox-gallery-1\"><img loading=\"lazy\" decoding=\"async\" width=\"150\" height=\"150\" src=\"https:\/\/www.arquimaster.com.ar\/web\/wp-content\/uploads\/2021\/08\/ampliacion_ph_villa_urquiza4-150x150.jpg\" class=\"attachment-thumbnail size-thumbnail\" alt=\"Ampliaci\u00f3n de vivienda PH en Ciudad de Buenos Aires \/ Ba75 Atelier de Arquitectura\" aria-describedby=\"gallery-1-66709\" \/><\/a>\n\t\t\t<\/div>\n\t\t\t\t<figcaption class='wp-caption-text gallery-caption' id='gallery-1-66709'>\n\t\t\t\tAmpliaci\u00f3n de vivienda PH en Ciudad de Buenos Aires \/ Ba75 Atelier de Arquitectura (\u00a9 Adrian Salgueiro)\n\t\t\t\t<\/figcaption><\/figure><figure class='gallery-item'>\n\t\t\t<div class='gallery-icon portrait'>\n\t\t\t\t<a href='https:\/\/www.arquimaster.com.ar\/web\/wp-content\/uploads\/2021\/08\/ampliacion_ph_villa_urquiza5.jpg' title=\"Ampliaci\u00f3n de vivienda PH en Ciudad de Buenos Aires \/ Ba75 Atelier de Arquitectura (\u00a9 Adrian Salgueiro)\" data-rl_title=\"Ampliaci\u00f3n de vivienda PH en Ciudad de Buenos Aires \/ Ba75 Atelier de Arquitectura (\u00a9 Adrian Salgueiro)\" class=\"rl-gallery-link\" data-rl_caption=\"Ampliaci\u00f3n de vivienda PH en Ciudad de Buenos Aires \/ Ba75 Atelier de Arquitectura (\u00a9 Adrian Salgueiro)\" data-rel=\"lightbox-gallery-1\"><img loading=\"lazy\" decoding=\"async\" width=\"150\" height=\"150\" src=\"https:\/\/www.arquimaster.com.ar\/web\/wp-content\/uploads\/2021\/08\/ampliacion_ph_villa_urquiza5-150x150.jpg\" class=\"attachment-thumbnail size-thumbnail\" alt=\"Ampliaci\u00f3n de vivienda PH en Ciudad de Buenos Aires \/ Ba75 Atelier de Arquitectura\" aria-describedby=\"gallery-1-66710\" \/><\/a>\n\t\t\t<\/div>\n\t\t\t\t<figcaption class='wp-caption-text gallery-caption' id='gallery-1-66710'>\n\t\t\t\tAmpliaci\u00f3n de vivienda PH en Ciudad de Buenos Aires \/ Ba75 Atelier de Arquitectura (\u00a9 Adrian Salgueiro)\n\t\t\t\t<\/figcaption><\/figure><figure class='gallery-item'>\n\t\t\t<div class='gallery-icon landscape'>\n\t\t\t\t<a href='https:\/\/www.arquimaster.com.ar\/web\/wp-content\/uploads\/2021\/08\/ampliacion_ph_villa_urquiza6.jpg' title=\"Ampliaci\u00f3n de vivienda PH en Ciudad de Buenos Aires \/ Ba75 Atelier de Arquitectura (\u00a9 Adrian Salgueiro)\" data-rl_title=\"Ampliaci\u00f3n de vivienda PH en Ciudad de Buenos Aires \/ Ba75 Atelier de Arquitectura (\u00a9 Adrian Salgueiro)\" class=\"rl-gallery-link\" data-rl_caption=\"Ampliaci\u00f3n de vivienda PH en Ciudad de Buenos Aires \/ Ba75 Atelier de Arquitectura (\u00a9 Adrian Salgueiro)\" data-rel=\"lightbox-gallery-1\"><img loading=\"lazy\" decoding=\"async\" width=\"150\" height=\"150\" src=\"https:\/\/www.arquimaster.com.ar\/web\/wp-content\/uploads\/2021\/08\/ampliacion_ph_villa_urquiza6-150x150.jpg\" class=\"attachment-thumbnail size-thumbnail\" alt=\"Ampliaci\u00f3n de vivienda PH en Ciudad de Buenos Aires \/ Ba75 Atelier de Arquitectura\" aria-describedby=\"gallery-1-66715\" \/><\/a>\n\t\t\t<\/div>\n\t\t\t\t<figcaption class='wp-caption-text gallery-caption' id='gallery-1-66715'>\n\t\t\t\tAmpliaci\u00f3n de vivienda PH en Ciudad de Buenos Aires \/ Ba75 Atelier de Arquitectura (\u00a9 Adrian Salgueiro)\n\t\t\t\t<\/figcaption><\/figure><figure class='gallery-item'>\n\t\t\t<div class='gallery-icon landscape'>\n\t\t\t\t<a href='https:\/\/www.arquimaster.com.ar\/web\/wp-content\/uploads\/2021\/08\/ampliacion_ph_villa_urquiza7.jpg' title=\"Ampliaci\u00f3n de vivienda PH en Ciudad de Buenos Aires \/ Ba75 Atelier de Arquitectura (planta baja)\" data-rl_title=\"Ampliaci\u00f3n de vivienda PH en Ciudad de Buenos Aires \/ Ba75 Atelier de Arquitectura (planta baja)\" class=\"rl-gallery-link\" data-rl_caption=\"Ampliaci\u00f3n de vivienda PH en Ciudad de Buenos Aires \/ Ba75 Atelier de Arquitectura (planta baja)\" data-rel=\"lightbox-gallery-1\"><img loading=\"lazy\" decoding=\"async\" width=\"150\" height=\"150\" src=\"https:\/\/www.arquimaster.com.ar\/web\/wp-content\/uploads\/2021\/08\/ampliacion_ph_villa_urquiza7-150x150.jpg\" class=\"attachment-thumbnail size-thumbnail\" alt=\"Ampliaci\u00f3n de vivienda PH en Ciudad de Buenos Aires \/ Ba75 Atelier de Arquitectura\" aria-describedby=\"gallery-1-66711\" \/><\/a>\n\t\t\t<\/div>\n\t\t\t\t<figcaption class='wp-caption-text gallery-caption' id='gallery-1-66711'>\n\t\t\t\tAmpliaci\u00f3n de vivienda PH en Ciudad de Buenos Aires \/ Ba75 Atelier de Arquitectura (planta baja)\n\t\t\t\t<\/figcaption><\/figure><figure class='gallery-item'>\n\t\t\t<div class='gallery-icon landscape'>\n\t\t\t\t<a href='https:\/\/www.arquimaster.com.ar\/web\/wp-content\/uploads\/2021\/08\/ampliacion_ph_villa_urquiza8.jpg' title=\"Ampliaci\u00f3n de vivienda PH en Ciudad de Buenos Aires \/ Ba75 Atelier de Arquitectura (planta alta)\" data-rl_title=\"Ampliaci\u00f3n de vivienda PH en Ciudad de Buenos Aires \/ Ba75 Atelier de Arquitectura (planta alta)\" class=\"rl-gallery-link\" data-rl_caption=\"Ampliaci\u00f3n de vivienda PH en Ciudad de Buenos Aires \/ Ba75 Atelier de Arquitectura (planta alta)\" data-rel=\"lightbox-gallery-1\"><img loading=\"lazy\" decoding=\"async\" width=\"150\" height=\"150\" src=\"https:\/\/www.arquimaster.com.ar\/web\/wp-content\/uploads\/2021\/08\/ampliacion_ph_villa_urquiza8-150x150.jpg\" class=\"attachment-thumbnail size-thumbnail\" alt=\"Ampliaci\u00f3n de vivienda PH en Ciudad de Buenos Aires \/ Ba75 Atelier de Arquitectura\" aria-describedby=\"gallery-1-66712\" \/><\/a>\n\t\t\t<\/div>\n\t\t\t\t<figcaption class='wp-caption-text gallery-caption' id='gallery-1-66712'>\n\t\t\t\tAmpliaci\u00f3n de vivienda PH en Ciudad de Buenos Aires \/ Ba75 Atelier de Arquitectura (planta alta)\n\t\t\t\t<\/figcaption><\/figure><figure class='gallery-item'>\n\t\t\t<div class='gallery-icon landscape'>\n\t\t\t\t<a href='https:\/\/www.arquimaster.com.ar\/web\/wp-content\/uploads\/2021\/08\/ampliacion_ph_villa_urquiza9.jpg' title=\"Ampliaci\u00f3n de vivienda PH en Ciudad de Buenos Aires \/ Ba75 Atelier de Arquitectura (corte)\" data-rl_title=\"Ampliaci\u00f3n de vivienda PH en Ciudad de Buenos Aires \/ Ba75 Atelier de Arquitectura (corte)\" class=\"rl-gallery-link\" data-rl_caption=\"Ampliaci\u00f3n de vivienda PH en Ciudad de Buenos Aires \/ Ba75 Atelier de Arquitectura (corte)\" data-rel=\"lightbox-gallery-1\"><img loading=\"lazy\" decoding=\"async\" width=\"150\" height=\"150\" src=\"https:\/\/www.arquimaster.com.ar\/web\/wp-content\/uploads\/2021\/08\/ampliacion_ph_villa_urquiza9-150x150.jpg\" class=\"attachment-thumbnail size-thumbnail\" alt=\"Ampliaci\u00f3n de vivienda PH en Ciudad de Buenos Aires \/ Ba75 Atelier de Arquitectura\" aria-describedby=\"gallery-1-66713\" \/><\/a>\n\t\t\t<\/div>\n\t\t\t\t<figcaption class='wp-caption-text gallery-caption' id='gallery-1-66713'>\n\t\t\t\tAmpliaci\u00f3n de vivienda PH en Ciudad de Buenos Aires \/ Ba75 Atelier de Arquitectura (corte)\n\t\t\t\t<\/figcaption><\/figure><figure class='gallery-item'>\n\t\t\t<div class='gallery-icon landscape'>\n\t\t\t\t<a href='https:\/\/www.arquimaster.com.ar\/web\/wp-content\/uploads\/2021\/08\/ampliacion_ph_villa_urquiza10.jpg' title=\"Ampliaci\u00f3n de vivienda PH en Ciudad de Buenos Aires \/ Ba75 Atelier de Arquitectura (corte)\" data-rl_title=\"Ampliaci\u00f3n de vivienda PH en Ciudad de Buenos Aires \/ Ba75 Atelier de Arquitectura (corte)\" class=\"rl-gallery-link\" data-rl_caption=\"Ampliaci\u00f3n de vivienda PH en Ciudad de Buenos Aires \/ Ba75 Atelier de Arquitectura (corte)\" data-rel=\"lightbox-gallery-1\"><img loading=\"lazy\" decoding=\"async\" width=\"150\" height=\"150\" src=\"https:\/\/www.arquimaster.com.ar\/web\/wp-content\/uploads\/2021\/08\/ampliacion_ph_villa_urquiza10-150x150.jpg\" class=\"attachment-thumbnail size-thumbnail\" alt=\"Ampliaci\u00f3n de vivienda PH en Ciudad de Buenos Aires \/ Ba75 Atelier de Arquitectura\" aria-describedby=\"gallery-1-66714\" \/><\/a>\n\t\t\t<\/div>\n\t\t\t\t<figcaption class='wp-caption-text gallery-caption' id='gallery-1-66714'>\n\t\t\t\tAmpliaci\u00f3n de vivienda PH en Ciudad de Buenos Aires \/ Ba75 Atelier de Arquitectura (corte)\n\t\t\t\t<\/figcaption><\/figure>\n\t\t<\/div>\n\n<p>La premisa era la integraci\u00f3n total del espacio principal con el patio y al conjunto de la casa.<br \/>\nUtilizando el ancho m\u00e1ximo del lote se dejaron los servicios hacia un lateral, pudiendo a su vez conectar la planta alta existente con el gimnasio evitando la necesidad de otra escalera, liberando a\u00fan m\u00e1s la planta baja.<\/p>\n<p>Se mantuvo la entrada independiente y la parte nueva se conect\u00f3 a la cocina de la casa mediante un panel corredizo. El gimnasio ubicado en la planta alta se abre a una terraza existente que permite tomar el sol y realizar actividad al aire libre.<\/p>\n<p>Integramos a lo existente la ampliaci\u00f3n utilizando la misma est\u00e9tica en las carpinter\u00edas nuevas, logrando un conjunto arm\u00f3nico. Las puertas ventanas son con gu\u00edas embutidas que permite tener el mismo nivel dentro fuera dando mayor flexibilidad al espacio.<\/p>\n<p>Colocamos una pileta con las dimensiones justas para lograr el balance entre el estar y el sol\u00e1rium. Con un car\u00e1cter moderno unificamos el solado del interior con el del exterior.<\/p>\n<p>Revestimos muros exteriores con un mismo tono y material asi como unificamos tonos en las carpinter\u00edas y herrer\u00edas. El color se volc\u00f3 hacia el espacio interno creando mayor luminosidad al conjunto.<\/p>\n<p>Los intercambios de ideas y de usos con la clienta fueron de gran importancia para lograr este proyecto de intervenci\u00f3n puntual y precisa que termina convirti\u00e9ndose en el coraz\u00f3n de la casa.<\/p>\n<p><strong>Ficha t\u00e9cnica<\/strong><br \/>\nNombre: Ampliaci\u00f3n de vivienda PH en Ciudad de Buenos Aires<br \/>\nUbicaci\u00f3n: Ciudad de Buenos Aires, Argentina<br \/>\nProyectista: Ba75 Atelier de Arquitectura<br \/>\nTipolog\u00eda: PH<br \/>\nIntervenci\u00f3n: Reforma y ampliaci\u00f3n<br \/>\nSuperficie de ampliaci\u00f3n aproximada: 86 m2<br \/>\nFecha de construcci\u00f3n: 2018<br \/>\nFotograf\u00edas: Adrian Salgueiro<\/p>\n<p><strong>Contacto<\/strong><br \/>\n<a href=\"http:\/\/www.ba75.com.ar\" target=\"_blank\" rel=\"noopener\">http:\/\/www.ba75.com.ar<\/a><br \/>\n<a href=\"http:\/\/www.ba75.fr\" target=\"_blank\" rel=\"noopener\">http:\/\/www.ba75.fr<\/a><\/p>\n\n<div style=\"font-size: 0px; height: 0px; line-height: 0px; margin: 0; padding: 0; clear: both;\"><\/div><div style=\"margin-top: 0px; margin-bottom: 0px;\" class=\"sharethis-inline-share-buttons\" ><\/div>","protected":false},"excerpt":{"rendered":"<p>Integraci\u00f3n total del espacio principal con el patio y al conjunto de la casa&#8230;<\/p>\n","protected":false},"author":1,"featured_media":66705,"comment_status":"closed","ping_status":"closed","sticky":false,"template":"","format":"standard","meta":{"_uag_custom_page_level_css":"","footnotes":""},"categories":[1,83],"tags":[1859,681,1862,16,1488,1706,1043,254],"class_list":["post-66704","post","type-post","status-publish","format-standard","has-post-thumbnail","hentry","category-proyecto","category-vivienda-unifamiliar","tag-ba75-atelier-de-arquitectura","tag-ampliacion","tag-ba75","tag-buenos-aires","tag-ph","tag-refaccion","tag-reforma-de-vivienda","tag-vivienda-unifamiliar-2","generate-columns","tablet-grid-50","mobile-grid-100","grid-parent","grid-50"],"yoast_head":"<!-- This site is optimized with the Yoast SEO plugin v27.3 - https:\/\/yoast.com\/product\/yoast-seo-wordpress\/ -->\n<title>Ampliaci\u00f3n de vivienda PH en Ciudad de Buenos Aires \/ Ba75 Atelier de Arquitectura - Arquimaster<\/title>\n<meta name=\"description\" content=\"El programa consta de un gimnasio de uso familiar, un espacio para recibir visitas, una parrilla con un horno a le\u00f1a y un patio con pileta.\" \/>\n<meta name=\"robots\" content=\"index, follow, max-snippet:-1, max-image-preview:large, max-video-preview:-1\" \/>\n<link rel=\"canonical\" href=\"https:\/\/www.arquimaster.com.ar\/web\/ampliacion-de-vivienda-ph-en-ciudad-de-buenos-aires-ba75-atelier-de-arquitectura\/\" \/>\n<meta property=\"og:locale\" content=\"es_ES\" \/>\n<meta property=\"og:type\" content=\"article\" \/>\n<meta property=\"og:title\" content=\"Ampliaci\u00f3n de vivienda PH en Ciudad de Buenos Aires \/ Ba75 Atelier de Arquitectura\" \/>\n<meta property=\"og:description\" content=\"El programa consta de un gimnasio de uso familiar, un espacio para recibir visitas, una parrilla con un horno a le\u00f1a y un patio con pileta.\" \/>\n<meta property=\"og:url\" content=\"https:\/\/www.arquimaster.com.ar\/web\/ampliacion-de-vivienda-ph-en-ciudad-de-buenos-aires-ba75-atelier-de-arquitectura\/\" \/>\n<meta property=\"og:site_name\" content=\"Arquimaster\" \/>\n<meta property=\"article:publisher\" content=\"http:\/\/www.facebook.com\/ARQUIMASTER.com.ar\" \/>\n<meta property=\"article:published_time\" content=\"2021-08-05T23:34:58+00:00\" \/>\n<meta property=\"article:modified_time\" content=\"2022-04-28T00:23:19+00:00\" \/>\n<meta property=\"og:image\" content=\"https:\/\/www.arquimaster.com.ar\/web\/wp-content\/uploads\/2021\/08\/ampliacion_ph_villa_urquiza_slide.jpg\" \/>\n\t<meta property=\"og:image:width\" content=\"698\" \/>\n\t<meta property=\"og:image:height\" content=\"364\" \/>\n\t<meta property=\"og:image:type\" content=\"image\/jpeg\" \/>\n<meta name=\"author\" content=\"Arquimaster\" \/>\n<meta name=\"twitter:card\" content=\"summary_large_image\" \/>\n<meta name=\"twitter:title\" content=\"Ampliaci\u00f3n de vivienda PH en Ciudad de Buenos Aires \/ Ba75 Atelier de Arquitectura\" \/>\n<meta name=\"twitter:description\" content=\"El programa consta de un gimnasio de uso familiar, un espacio para recibir visitas, una parrilla con un horno a le\u00f1a y un patio con pileta.\" \/>\n<meta name=\"twitter:image\" content=\"https:\/\/www.arquimaster.com.ar\/web\/wp-content\/uploads\/2021\/08\/ampliacion_ph_villa_urquiza_slide.jpg\" \/>\n<meta name=\"twitter:creator\" content=\"@arquimaster\" \/>\n<meta name=\"twitter:site\" content=\"@arquimaster\" \/>\n<meta name=\"twitter:label1\" content=\"Escrito por\" \/>\n\t<meta name=\"twitter:data1\" content=\"Arquimaster\" \/>\n\t<meta name=\"twitter:label2\" content=\"Tiempo de lectura\" \/>\n\t<meta name=\"twitter:data2\" content=\"2 minutos\" \/>\n<script type=\"application\/ld+json\" class=\"yoast-schema-graph\">{\"@context\":\"https:\\\/\\\/schema.org\",\"@graph\":[{\"@type\":\"Article\",\"@id\":\"https:\\\/\\\/www.arquimaster.com.ar\\\/web\\\/ampliacion-de-vivienda-ph-en-ciudad-de-buenos-aires-ba75-atelier-de-arquitectura\\\/#article\",\"isPartOf\":{\"@id\":\"https:\\\/\\\/www.arquimaster.com.ar\\\/web\\\/ampliacion-de-vivienda-ph-en-ciudad-de-buenos-aires-ba75-atelier-de-arquitectura\\\/\"},\"author\":{\"name\":\"Arquimaster\",\"@id\":\"https:\\\/\\\/www.arquimaster.com.ar\\\/web\\\/#\\\/schema\\\/person\\\/359e9f7c00193fcde068e0dd2ceb0028\"},\"headline\":\"Ampliaci\u00f3n de vivienda PH en Ciudad de Buenos Aires \\\/ Ba75 Atelier de Arquitectura\",\"datePublished\":\"2021-08-05T23:34:58+00:00\",\"dateModified\":\"2022-04-28T00:23:19+00:00\",\"mainEntityOfPage\":{\"@id\":\"https:\\\/\\\/www.arquimaster.com.ar\\\/web\\\/ampliacion-de-vivienda-ph-en-ciudad-de-buenos-aires-ba75-atelier-de-arquitectura\\\/\"},\"wordCount\":397,\"publisher\":{\"@id\":\"https:\\\/\\\/www.arquimaster.com.ar\\\/web\\\/#organization\"},\"image\":{\"@id\":\"https:\\\/\\\/www.arquimaster.com.ar\\\/web\\\/ampliacion-de-vivienda-ph-en-ciudad-de-buenos-aires-ba75-atelier-de-arquitectura\\\/#primaryimage\"},\"thumbnailUrl\":\"https:\\\/\\\/www.arquimaster.com.ar\\\/web\\\/wp-content\\\/uploads\\\/2021\\\/08\\\/ampliacion_ph_villa_urquiza_slide.jpg\",\"keywords\":[\"(Ba75) Atelier de Arquitectura\",\"ampliaci\u00f3n\",\"Ba75\",\"Buenos Aires\",\"PH\",\"refacci\u00f3n\",\"reforma de vivienda\",\"vivienda unifamiliar\"],\"articleSection\":[\"Proyecto\",\"Vivienda unifamiliar y PH\"],\"inLanguage\":\"es\"},{\"@type\":\"WebPage\",\"@id\":\"https:\\\/\\\/www.arquimaster.com.ar\\\/web\\\/ampliacion-de-vivienda-ph-en-ciudad-de-buenos-aires-ba75-atelier-de-arquitectura\\\/\",\"url\":\"https:\\\/\\\/www.arquimaster.com.ar\\\/web\\\/ampliacion-de-vivienda-ph-en-ciudad-de-buenos-aires-ba75-atelier-de-arquitectura\\\/\",\"name\":\"Ampliaci\u00f3n de vivienda PH en Ciudad de Buenos Aires \\\/ Ba75 Atelier de Arquitectura - Arquimaster\",\"isPartOf\":{\"@id\":\"https:\\\/\\\/www.arquimaster.com.ar\\\/web\\\/#website\"},\"primaryImageOfPage\":{\"@id\":\"https:\\\/\\\/www.arquimaster.com.ar\\\/web\\\/ampliacion-de-vivienda-ph-en-ciudad-de-buenos-aires-ba75-atelier-de-arquitectura\\\/#primaryimage\"},\"image\":{\"@id\":\"https:\\\/\\\/www.arquimaster.com.ar\\\/web\\\/ampliacion-de-vivienda-ph-en-ciudad-de-buenos-aires-ba75-atelier-de-arquitectura\\\/#primaryimage\"},\"thumbnailUrl\":\"https:\\\/\\\/www.arquimaster.com.ar\\\/web\\\/wp-content\\\/uploads\\\/2021\\\/08\\\/ampliacion_ph_villa_urquiza_slide.jpg\",\"datePublished\":\"2021-08-05T23:34:58+00:00\",\"dateModified\":\"2022-04-28T00:23:19+00:00\",\"description\":\"El programa consta de un gimnasio de uso familiar, un espacio para recibir visitas, una parrilla con un horno a le\u00f1a y un patio con pileta.\",\"breadcrumb\":{\"@id\":\"https:\\\/\\\/www.arquimaster.com.ar\\\/web\\\/ampliacion-de-vivienda-ph-en-ciudad-de-buenos-aires-ba75-atelier-de-arquitectura\\\/#breadcrumb\"},\"inLanguage\":\"es\",\"potentialAction\":[{\"@type\":\"ReadAction\",\"target\":[\"https:\\\/\\\/www.arquimaster.com.ar\\\/web\\\/ampliacion-de-vivienda-ph-en-ciudad-de-buenos-aires-ba75-atelier-de-arquitectura\\\/\"]}]},{\"@type\":\"ImageObject\",\"inLanguage\":\"es\",\"@id\":\"https:\\\/\\\/www.arquimaster.com.ar\\\/web\\\/ampliacion-de-vivienda-ph-en-ciudad-de-buenos-aires-ba75-atelier-de-arquitectura\\\/#primaryimage\",\"url\":\"https:\\\/\\\/www.arquimaster.com.ar\\\/web\\\/wp-content\\\/uploads\\\/2021\\\/08\\\/ampliacion_ph_villa_urquiza_slide.jpg\",\"contentUrl\":\"https:\\\/\\\/www.arquimaster.com.ar\\\/web\\\/wp-content\\\/uploads\\\/2021\\\/08\\\/ampliacion_ph_villa_urquiza_slide.jpg\",\"width\":698,\"height\":364,\"caption\":\"Ampliaci\u00f3n de vivienda PH en Ciudad de Buenos Aires \\\/ Ba75 Atelier de Arquitectura\"},{\"@type\":\"BreadcrumbList\",\"@id\":\"https:\\\/\\\/www.arquimaster.com.ar\\\/web\\\/ampliacion-de-vivienda-ph-en-ciudad-de-buenos-aires-ba75-atelier-de-arquitectura\\\/#breadcrumb\",\"itemListElement\":[{\"@type\":\"ListItem\",\"position\":1,\"name\":\"Portada\",\"item\":\"https:\\\/\\\/www.arquimaster.com.ar\\\/web\\\/\"},{\"@type\":\"ListItem\",\"position\":2,\"name\":\"Ampliaci\u00f3n de vivienda PH en Ciudad de Buenos Aires \\\/ Ba75 Atelier de Arquitectura\"}]},{\"@type\":\"WebSite\",\"@id\":\"https:\\\/\\\/www.arquimaster.com.ar\\\/web\\\/#website\",\"url\":\"https:\\\/\\\/www.arquimaster.com.ar\\\/web\\\/\",\"name\":\"Arquimaster\",\"description\":\"Web de arquitectura, dise\u00f1o y construccion\",\"publisher\":{\"@id\":\"https:\\\/\\\/www.arquimaster.com.ar\\\/web\\\/#organization\"},\"potentialAction\":[{\"@type\":\"SearchAction\",\"target\":{\"@type\":\"EntryPoint\",\"urlTemplate\":\"https:\\\/\\\/www.arquimaster.com.ar\\\/web\\\/?s={search_term_string}\"},\"query-input\":{\"@type\":\"PropertyValueSpecification\",\"valueRequired\":true,\"valueName\":\"search_term_string\"}}],\"inLanguage\":\"es\"},{\"@type\":\"Organization\",\"@id\":\"https:\\\/\\\/www.arquimaster.com.ar\\\/web\\\/#organization\",\"name\":\"Arquimaster\",\"url\":\"https:\\\/\\\/www.arquimaster.com.ar\\\/web\\\/\",\"logo\":{\"@type\":\"ImageObject\",\"inLanguage\":\"es\",\"@id\":\"https:\\\/\\\/www.arquimaster.com.ar\\\/web\\\/#\\\/schema\\\/logo\\\/image\\\/\",\"url\":\"https:\\\/\\\/www.arquimaster.com.ar\\\/web\\\/wp-content\\\/uploads\\\/2022\\\/06\\\/arquimaster.png\",\"contentUrl\":\"https:\\\/\\\/www.arquimaster.com.ar\\\/web\\\/wp-content\\\/uploads\\\/2022\\\/06\\\/arquimaster.png\",\"width\":594,\"height\":78,\"caption\":\"Arquimaster\"},\"image\":{\"@id\":\"https:\\\/\\\/www.arquimaster.com.ar\\\/web\\\/#\\\/schema\\\/logo\\\/image\\\/\"},\"sameAs\":[\"http:\\\/\\\/www.facebook.com\\\/ARQUIMASTER.com.ar\",\"https:\\\/\\\/x.com\\\/arquimaster\",\"https:\\\/\\\/www.instagram.com\\\/arquimasterblog\\\/\",\"https:\\\/\\\/www.linkedin.com\\\/company\\\/arquimaster\",\"https:\\\/\\\/www.pinterest.com\\\/arquimaster\",\"https:\\\/\\\/t.me\\\/arquimaster\"]},{\"@type\":\"Person\",\"@id\":\"https:\\\/\\\/www.arquimaster.com.ar\\\/web\\\/#\\\/schema\\\/person\\\/359e9f7c00193fcde068e0dd2ceb0028\",\"name\":\"Arquimaster\"}]}<\/script>\n<!-- \/ Yoast SEO plugin. -->","yoast_head_json":{"title":"Ampliaci\u00f3n de vivienda PH en Ciudad de Buenos Aires \/ Ba75 Atelier de Arquitectura - Arquimaster","description":"El programa consta de un gimnasio de uso familiar, un espacio para recibir visitas, una parrilla con un horno a le\u00f1a y un patio con pileta.","robots":{"index":"index","follow":"follow","max-snippet":"max-snippet:-1","max-image-preview":"max-image-preview:large","max-video-preview":"max-video-preview:-1"},"canonical":"https:\/\/www.arquimaster.com.ar\/web\/ampliacion-de-vivienda-ph-en-ciudad-de-buenos-aires-ba75-atelier-de-arquitectura\/","og_locale":"es_ES","og_type":"article","og_title":"Ampliaci\u00f3n de vivienda PH en Ciudad de Buenos Aires \/ Ba75 Atelier de Arquitectura","og_description":"El programa consta de un gimnasio de uso familiar, un espacio para recibir visitas, una parrilla con un horno a le\u00f1a y un patio con pileta.","og_url":"https:\/\/www.arquimaster.com.ar\/web\/ampliacion-de-vivienda-ph-en-ciudad-de-buenos-aires-ba75-atelier-de-arquitectura\/","og_site_name":"Arquimaster","article_publisher":"http:\/\/www.facebook.com\/ARQUIMASTER.com.ar","article_published_time":"2021-08-05T23:34:58+00:00","article_modified_time":"2022-04-28T00:23:19+00:00","og_image":[{"width":698,"height":364,"url":"https:\/\/www.arquimaster.com.ar\/web\/wp-content\/uploads\/2021\/08\/ampliacion_ph_villa_urquiza_slide.jpg","type":"image\/jpeg"}],"author":"Arquimaster","twitter_card":"summary_large_image","twitter_title":"Ampliaci\u00f3n de vivienda PH en Ciudad de Buenos Aires \/ Ba75 Atelier de Arquitectura","twitter_description":"El programa consta de un gimnasio de uso familiar, un espacio para recibir visitas, una parrilla con un horno a le\u00f1a y un patio con pileta.","twitter_image":"https:\/\/www.arquimaster.com.ar\/web\/wp-content\/uploads\/2021\/08\/ampliacion_ph_villa_urquiza_slide.jpg","twitter_creator":"@arquimaster","twitter_site":"@arquimaster","twitter_misc":{"Escrito por":"Arquimaster","Tiempo de lectura":"2 minutos"},"schema":{"@context":"https:\/\/schema.org","@graph":[{"@type":"Article","@id":"https:\/\/www.arquimaster.com.ar\/web\/ampliacion-de-vivienda-ph-en-ciudad-de-buenos-aires-ba75-atelier-de-arquitectura\/#article","isPartOf":{"@id":"https:\/\/www.arquimaster.com.ar\/web\/ampliacion-de-vivienda-ph-en-ciudad-de-buenos-aires-ba75-atelier-de-arquitectura\/"},"author":{"name":"Arquimaster","@id":"https:\/\/www.arquimaster.com.ar\/web\/#\/schema\/person\/359e9f7c00193fcde068e0dd2ceb0028"},"headline":"Ampliaci\u00f3n de vivienda PH en Ciudad de Buenos Aires \/ Ba75 Atelier de Arquitectura","datePublished":"2021-08-05T23:34:58+00:00","dateModified":"2022-04-28T00:23:19+00:00","mainEntityOfPage":{"@id":"https:\/\/www.arquimaster.com.ar\/web\/ampliacion-de-vivienda-ph-en-ciudad-de-buenos-aires-ba75-atelier-de-arquitectura\/"},"wordCount":397,"publisher":{"@id":"https:\/\/www.arquimaster.com.ar\/web\/#organization"},"image":{"@id":"https:\/\/www.arquimaster.com.ar\/web\/ampliacion-de-vivienda-ph-en-ciudad-de-buenos-aires-ba75-atelier-de-arquitectura\/#primaryimage"},"thumbnailUrl":"https:\/\/www.arquimaster.com.ar\/web\/wp-content\/uploads\/2021\/08\/ampliacion_ph_villa_urquiza_slide.jpg","keywords":["(Ba75) Atelier de Arquitectura","ampliaci\u00f3n","Ba75","Buenos Aires","PH","refacci\u00f3n","reforma de vivienda","vivienda unifamiliar"],"articleSection":["Proyecto","Vivienda unifamiliar y PH"],"inLanguage":"es"},{"@type":"WebPage","@id":"https:\/\/www.arquimaster.com.ar\/web\/ampliacion-de-vivienda-ph-en-ciudad-de-buenos-aires-ba75-atelier-de-arquitectura\/","url":"https:\/\/www.arquimaster.com.ar\/web\/ampliacion-de-vivienda-ph-en-ciudad-de-buenos-aires-ba75-atelier-de-arquitectura\/","name":"Ampliaci\u00f3n de vivienda PH en Ciudad de Buenos Aires \/ Ba75 Atelier de Arquitectura - Arquimaster","isPartOf":{"@id":"https:\/\/www.arquimaster.com.ar\/web\/#website"},"primaryImageOfPage":{"@id":"https:\/\/www.arquimaster.com.ar\/web\/ampliacion-de-vivienda-ph-en-ciudad-de-buenos-aires-ba75-atelier-de-arquitectura\/#primaryimage"},"image":{"@id":"https:\/\/www.arquimaster.com.ar\/web\/ampliacion-de-vivienda-ph-en-ciudad-de-buenos-aires-ba75-atelier-de-arquitectura\/#primaryimage"},"thumbnailUrl":"https:\/\/www.arquimaster.com.ar\/web\/wp-content\/uploads\/2021\/08\/ampliacion_ph_villa_urquiza_slide.jpg","datePublished":"2021-08-05T23:34:58+00:00","dateModified":"2022-04-28T00:23:19+00:00","description":"El programa consta de un gimnasio de uso familiar, un espacio para recibir visitas, una parrilla con un horno a le\u00f1a y un patio con pileta.","breadcrumb":{"@id":"https:\/\/www.arquimaster.com.ar\/web\/ampliacion-de-vivienda-ph-en-ciudad-de-buenos-aires-ba75-atelier-de-arquitectura\/#breadcrumb"},"inLanguage":"es","potentialAction":[{"@type":"ReadAction","target":["https:\/\/www.arquimaster.com.ar\/web\/ampliacion-de-vivienda-ph-en-ciudad-de-buenos-aires-ba75-atelier-de-arquitectura\/"]}]},{"@type":"ImageObject","inLanguage":"es","@id":"https:\/\/www.arquimaster.com.ar\/web\/ampliacion-de-vivienda-ph-en-ciudad-de-buenos-aires-ba75-atelier-de-arquitectura\/#primaryimage","url":"https:\/\/www.arquimaster.com.ar\/web\/wp-content\/uploads\/2021\/08\/ampliacion_ph_villa_urquiza_slide.jpg","contentUrl":"https:\/\/www.arquimaster.com.ar\/web\/wp-content\/uploads\/2021\/08\/ampliacion_ph_villa_urquiza_slide.jpg","width":698,"height":364,"caption":"Ampliaci\u00f3n de vivienda PH en Ciudad de Buenos Aires \/ Ba75 Atelier de Arquitectura"},{"@type":"BreadcrumbList","@id":"https:\/\/www.arquimaster.com.ar\/web\/ampliacion-de-vivienda-ph-en-ciudad-de-buenos-aires-ba75-atelier-de-arquitectura\/#breadcrumb","itemListElement":[{"@type":"ListItem","position":1,"name":"Portada","item":"https:\/\/www.arquimaster.com.ar\/web\/"},{"@type":"ListItem","position":2,"name":"Ampliaci\u00f3n de vivienda PH en Ciudad de Buenos Aires \/ Ba75 Atelier de Arquitectura"}]},{"@type":"WebSite","@id":"https:\/\/www.arquimaster.com.ar\/web\/#website","url":"https:\/\/www.arquimaster.com.ar\/web\/","name":"Arquimaster","description":"Web de arquitectura, dise\u00f1o y construccion","publisher":{"@id":"https:\/\/www.arquimaster.com.ar\/web\/#organization"},"potentialAction":[{"@type":"SearchAction","target":{"@type":"EntryPoint","urlTemplate":"https:\/\/www.arquimaster.com.ar\/web\/?s={search_term_string}"},"query-input":{"@type":"PropertyValueSpecification","valueRequired":true,"valueName":"search_term_string"}}],"inLanguage":"es"},{"@type":"Organization","@id":"https:\/\/www.arquimaster.com.ar\/web\/#organization","name":"Arquimaster","url":"https:\/\/www.arquimaster.com.ar\/web\/","logo":{"@type":"ImageObject","inLanguage":"es","@id":"https:\/\/www.arquimaster.com.ar\/web\/#\/schema\/logo\/image\/","url":"https:\/\/www.arquimaster.com.ar\/web\/wp-content\/uploads\/2022\/06\/arquimaster.png","contentUrl":"https:\/\/www.arquimaster.com.ar\/web\/wp-content\/uploads\/2022\/06\/arquimaster.png","width":594,"height":78,"caption":"Arquimaster"},"image":{"@id":"https:\/\/www.arquimaster.com.ar\/web\/#\/schema\/logo\/image\/"},"sameAs":["http:\/\/www.facebook.com\/ARQUIMASTER.com.ar","https:\/\/x.com\/arquimaster","https:\/\/www.instagram.com\/arquimasterblog\/","https:\/\/www.linkedin.com\/company\/arquimaster","https:\/\/www.pinterest.com\/arquimaster","https:\/\/t.me\/arquimaster"]},{"@type":"Person","@id":"https:\/\/www.arquimaster.com.ar\/web\/#\/schema\/person\/359e9f7c00193fcde068e0dd2ceb0028","name":"Arquimaster"}]}},"uagb_featured_image_src":{"full":["https:\/\/www.arquimaster.com.ar\/web\/wp-content\/uploads\/2021\/08\/ampliacion_ph_villa_urquiza_slide.jpg",698,364,false],"thumbnail":["https:\/\/www.arquimaster.com.ar\/web\/wp-content\/uploads\/2021\/08\/ampliacion_ph_villa_urquiza_slide-150x150.jpg",150,150,true],"medium":["https:\/\/www.arquimaster.com.ar\/web\/wp-content\/uploads\/2021\/08\/ampliacion_ph_villa_urquiza_slide.jpg",698,364,false],"medium_large":["https:\/\/www.arquimaster.com.ar\/web\/wp-content\/uploads\/2021\/08\/ampliacion_ph_villa_urquiza_slide.jpg",698,364,false],"large":["https:\/\/www.arquimaster.com.ar\/web\/wp-content\/uploads\/2021\/08\/ampliacion_ph_villa_urquiza_slide.jpg",698,364,false],"1536x1536":["https:\/\/www.arquimaster.com.ar\/web\/wp-content\/uploads\/2021\/08\/ampliacion_ph_villa_urquiza_slide.jpg",698,364,false],"2048x2048":["https:\/\/www.arquimaster.com.ar\/web\/wp-content\/uploads\/2021\/08\/ampliacion_ph_villa_urquiza_slide.jpg",698,364,false]},"uagb_author_info":{"display_name":"Arquimaster","author_link":"https:\/\/www.arquimaster.com.ar\/web\/author\/arquimaster\/"},"uagb_comment_info":0,"uagb_excerpt":"Integraci\u00f3n total del espacio principal con el patio y al conjunto de la casa...","_links":{"self":[{"href":"https:\/\/www.arquimaster.com.ar\/web\/wp-json\/wp\/v2\/posts\/66704","targetHints":{"allow":["GET"]}}],"collection":[{"href":"https:\/\/www.arquimaster.com.ar\/web\/wp-json\/wp\/v2\/posts"}],"about":[{"href":"https:\/\/www.arquimaster.com.ar\/web\/wp-json\/wp\/v2\/types\/post"}],"author":[{"embeddable":true,"href":"https:\/\/www.arquimaster.com.ar\/web\/wp-json\/wp\/v2\/users\/1"}],"replies":[{"embeddable":true,"href":"https:\/\/www.arquimaster.com.ar\/web\/wp-json\/wp\/v2\/comments?post=66704"}],"version-history":[{"count":1,"href":"https:\/\/www.arquimaster.com.ar\/web\/wp-json\/wp\/v2\/posts\/66704\/revisions"}],"predecessor-version":[{"id":66716,"href":"https:\/\/www.arquimaster.com.ar\/web\/wp-json\/wp\/v2\/posts\/66704\/revisions\/66716"}],"wp:featuredmedia":[{"embeddable":true,"href":"https:\/\/www.arquimaster.com.ar\/web\/wp-json\/wp\/v2\/media\/66705"}],"wp:attachment":[{"href":"https:\/\/www.arquimaster.com.ar\/web\/wp-json\/wp\/v2\/media?parent=66704"}],"wp:term":[{"taxonomy":"category","embeddable":true,"href":"https:\/\/www.arquimaster.com.ar\/web\/wp-json\/wp\/v2\/categories?post=66704"},{"taxonomy":"post_tag","embeddable":true,"href":"https:\/\/www.arquimaster.com.ar\/web\/wp-json\/wp\/v2\/tags?post=66704"}],"curies":[{"name":"wp","href":"https:\/\/api.w.org\/{rel}","templated":true}]}}