{"id":66717,"date":"2021-08-05T21:00:50","date_gmt":"2021-08-06T00:00:50","guid":{"rendered":"https:\/\/www.arquimaster.com.ar\/web\/?p=66717"},"modified":"2022-05-06T15:36:38","modified_gmt":"2022-05-06T18:36:38","slug":"reforma-integral-de-la-torre-bizkaia-idom","status":"publish","type":"post","link":"https:\/\/www.arquimaster.com.ar\/web\/reforma-integral-de-la-torre-bizkaia-idom\/","title":{"rendered":"Reforma integral de la Torre Bizkaia \/ IDOM"},"content":{"rendered":"<div style=\"margin-top: 0px; margin-bottom: 0px;\" class=\"sharethis-inline-share-buttons\" ><\/div><div class=\"b812932af2e751442846f039925109de\" data-index=\"1\" style=\"float: none; margin:25px 0 25px 0; text-align:center;\">\n<script async src=\"https:\/\/pagead2.googlesyndication.com\/pagead\/js\/adsbygoogle.js\"><\/script>\r\n<!-- Arquimaster (superior) -->\r\n<ins class=\"adsbygoogle\"\r\n     style=\"display:block\"\r\n     data-ad-client=\"ca-pub-6351072698456832\"\r\n     data-ad-slot=\"6455489680\"\r\n     data-ad-format=\"auto\"\r\n     data-full-width-responsive=\"true\"><\/ins>\r\n<script>\r\n     (adsbygoogle = window.adsbygoogle || []).push({});\r\n<\/script>\n<\/div>\n<p><strong>Reforma integral de la Torre Bizkaia<\/strong> (Bilbao, Bizkaia) por <strong>IDOM<\/strong>. Reforma integral, cambio de fachada y adecuaci\u00f3n estructural de la Torre Bizkaia en la calle Gran V\u00eda 1 de Bilbao. La torre Bizkaia, antigua torre del BBVA, situada en el n\u00famero 1 de la calle Gran V\u00eda de Bilbao, es un edificio cuya construcci\u00f3n finaliz\u00f3 en 1969 y que fue destinado originalmente a uso administrativo, alojando la sede del banco Bilbao Vizcaya. El edificio dispone de una superficie de 30.400 m2 divididos en tres s\u00f3tanos y 22 plantas sobre rasante que alcanza una altura pr\u00f3xima a los 90 metros.<\/p>\n<div id='gallery-1' class='gallery galleryid-66717 gallery-columns-3 gallery-size-thumbnail'><figure class='gallery-item'>\n\t\t\t<div class='gallery-icon portrait'>\n\t\t\t\t<a href='https:\/\/www.arquimaster.com.ar\/web\/wp-content\/uploads\/2021\/08\/reforma_torre_bizkaia1.jpg' title=\"Reforma integral de la Torre Bizkaia \/ Idom (\u00a9 Aitor Ortiz)\" data-rl_title=\"Reforma integral de la Torre Bizkaia \/ Idom (\u00a9 Aitor Ortiz)\" class=\"rl-gallery-link\" data-rl_caption=\"Reforma integral de la Torre Bizkaia \/ Idom (\u00a9 Aitor Ortiz)\" data-rel=\"lightbox-gallery-1\"><img loading=\"lazy\" decoding=\"async\" width=\"150\" height=\"150\" src=\"https:\/\/www.arquimaster.com.ar\/web\/wp-content\/uploads\/2021\/08\/reforma_torre_bizkaia1-150x150.jpg\" class=\"attachment-thumbnail size-thumbnail\" alt=\"Reforma integral de la Torre Bizkaia \/ Idom\" aria-describedby=\"gallery-1-66719\" \/><\/a>\n\t\t\t<\/div>\n\t\t\t\t<figcaption class='wp-caption-text gallery-caption' id='gallery-1-66719'>\n\t\t\t\tReforma integral de la Torre Bizkaia \/ Idom (\u00a9 Aitor Ortiz)\n\t\t\t\t<\/figcaption><\/figure><figure class='gallery-item'>\n\t\t\t<div class='gallery-icon portrait'>\n\t\t\t\t<a href='https:\/\/www.arquimaster.com.ar\/web\/wp-content\/uploads\/2021\/08\/reforma_torre_bizkaia2.jpg' title=\"Reforma integral de la Torre Bizkaia \/ Idom (\u00a9 Aitor Ortiz)\" data-rl_title=\"Reforma integral de la Torre Bizkaia \/ Idom (\u00a9 Aitor Ortiz)\" class=\"rl-gallery-link\" data-rl_caption=\"Reforma integral de la Torre Bizkaia \/ Idom (\u00a9 Aitor Ortiz)\" data-rel=\"lightbox-gallery-1\"><img loading=\"lazy\" decoding=\"async\" width=\"150\" height=\"150\" src=\"https:\/\/www.arquimaster.com.ar\/web\/wp-content\/uploads\/2021\/08\/reforma_torre_bizkaia2-150x150.jpg\" class=\"attachment-thumbnail size-thumbnail\" alt=\"Reforma integral de la Torre Bizkaia \/ Idom\" aria-describedby=\"gallery-1-66720\" \/><\/a>\n\t\t\t<\/div>\n\t\t\t\t<figcaption class='wp-caption-text gallery-caption' id='gallery-1-66720'>\n\t\t\t\tReforma integral de la Torre Bizkaia \/ Idom (\u00a9 Aitor Ortiz)\n\t\t\t\t<\/figcaption><\/figure><figure class='gallery-item'>\n\t\t\t<div class='gallery-icon portrait'>\n\t\t\t\t<a href='https:\/\/www.arquimaster.com.ar\/web\/wp-content\/uploads\/2021\/08\/reforma_torre_bizkaia3.jpg' title=\"Reforma integral de la Torre Bizkaia \/ Idom (\u00a9 Aitor Ortiz)\" data-rl_title=\"Reforma integral de la Torre Bizkaia \/ Idom (\u00a9 Aitor Ortiz)\" class=\"rl-gallery-link\" data-rl_caption=\"Reforma integral de la Torre Bizkaia \/ Idom (\u00a9 Aitor Ortiz)\" data-rel=\"lightbox-gallery-1\"><img loading=\"lazy\" decoding=\"async\" width=\"150\" height=\"150\" src=\"https:\/\/www.arquimaster.com.ar\/web\/wp-content\/uploads\/2021\/08\/reforma_torre_bizkaia3-150x150.jpg\" class=\"attachment-thumbnail size-thumbnail\" alt=\"Reforma integral de la Torre Bizkaia \/ Idom\" aria-describedby=\"gallery-1-66721\" \/><\/a>\n\t\t\t<\/div>\n\t\t\t\t<figcaption class='wp-caption-text gallery-caption' id='gallery-1-66721'>\n\t\t\t\tReforma integral de la Torre Bizkaia \/ Idom (\u00a9 Aitor Ortiz)\n\t\t\t\t<\/figcaption><\/figure><figure class='gallery-item'>\n\t\t\t<div class='gallery-icon portrait'>\n\t\t\t\t<a href='https:\/\/www.arquimaster.com.ar\/web\/wp-content\/uploads\/2021\/08\/reforma_torre_bizkaia4.jpg' title=\"Reforma integral de la Torre Bizkaia \/ Idom (\u00a9 Aitor Ortiz)\" data-rl_title=\"Reforma integral de la Torre Bizkaia \/ Idom (\u00a9 Aitor Ortiz)\" class=\"rl-gallery-link\" data-rl_caption=\"Reforma integral de la Torre Bizkaia \/ Idom (\u00a9 Aitor Ortiz)\" data-rel=\"lightbox-gallery-1\"><img loading=\"lazy\" decoding=\"async\" width=\"150\" height=\"150\" src=\"https:\/\/www.arquimaster.com.ar\/web\/wp-content\/uploads\/2021\/08\/reforma_torre_bizkaia4-150x150.jpg\" class=\"attachment-thumbnail size-thumbnail\" alt=\"Reforma integral de la Torre Bizkaia \/ Idom\" aria-describedby=\"gallery-1-66722\" \/><\/a>\n\t\t\t<\/div>\n\t\t\t\t<figcaption class='wp-caption-text gallery-caption' id='gallery-1-66722'>\n\t\t\t\tReforma integral de la Torre Bizkaia \/ Idom (\u00a9 Aitor Ortiz)\n\t\t\t\t<\/figcaption><\/figure><figure class='gallery-item'>\n\t\t\t<div class='gallery-icon portrait'>\n\t\t\t\t<a href='https:\/\/www.arquimaster.com.ar\/web\/wp-content\/uploads\/2021\/08\/reforma_torre_bizkaia5.jpg' title=\"Reforma integral de la Torre Bizkaia \/ Idom (\u00a9 Aitor Ortiz)\" data-rl_title=\"Reforma integral de la Torre Bizkaia \/ Idom (\u00a9 Aitor Ortiz)\" class=\"rl-gallery-link\" data-rl_caption=\"Reforma integral de la Torre Bizkaia \/ Idom (\u00a9 Aitor Ortiz)\" data-rel=\"lightbox-gallery-1\"><img loading=\"lazy\" decoding=\"async\" width=\"150\" height=\"150\" src=\"https:\/\/www.arquimaster.com.ar\/web\/wp-content\/uploads\/2021\/08\/reforma_torre_bizkaia5-150x150.jpg\" class=\"attachment-thumbnail size-thumbnail\" alt=\"Reforma integral de la Torre Bizkaia \/ Idom\" aria-describedby=\"gallery-1-66723\" \/><\/a>\n\t\t\t<\/div>\n\t\t\t\t<figcaption class='wp-caption-text gallery-caption' id='gallery-1-66723'>\n\t\t\t\tReforma integral de la Torre Bizkaia \/ Idom (\u00a9 Aitor Ortiz)\n\t\t\t\t<\/figcaption><\/figure><figure class='gallery-item'>\n\t\t\t<div class='gallery-icon portrait'>\n\t\t\t\t<a href='https:\/\/www.arquimaster.com.ar\/web\/wp-content\/uploads\/2021\/08\/reforma_torre_bizkaia6.jpg' title=\"Reforma integral de la Torre Bizkaia \/ Idom (\u00a9 Aitor Ortiz)\" data-rl_title=\"Reforma integral de la Torre Bizkaia \/ Idom (\u00a9 Aitor Ortiz)\" class=\"rl-gallery-link\" data-rl_caption=\"Reforma integral de la Torre Bizkaia \/ Idom (\u00a9 Aitor Ortiz)\" data-rel=\"lightbox-gallery-1\"><img loading=\"lazy\" decoding=\"async\" width=\"150\" height=\"150\" src=\"https:\/\/www.arquimaster.com.ar\/web\/wp-content\/uploads\/2021\/08\/reforma_torre_bizkaia6-150x150.jpg\" class=\"attachment-thumbnail size-thumbnail\" alt=\"Reforma integral de la Torre Bizkaia \/ Idom\" aria-describedby=\"gallery-1-66724\" \/><\/a>\n\t\t\t<\/div>\n\t\t\t\t<figcaption class='wp-caption-text gallery-caption' id='gallery-1-66724'>\n\t\t\t\tReforma integral de la Torre Bizkaia \/ Idom (\u00a9 Aitor Ortiz)\n\t\t\t\t<\/figcaption><\/figure><figure class='gallery-item'>\n\t\t\t<div class='gallery-icon portrait'>\n\t\t\t\t<a href='https:\/\/www.arquimaster.com.ar\/web\/wp-content\/uploads\/2021\/08\/reforma_torre_bizkaia7.jpg' title=\"Reforma integral de la Torre Bizkaia \/ Idom (\u00a9 Aitor Ortiz)\" data-rl_title=\"Reforma integral de la Torre Bizkaia \/ Idom (\u00a9 Aitor Ortiz)\" class=\"rl-gallery-link\" data-rl_caption=\"Reforma integral de la Torre Bizkaia \/ Idom (\u00a9 Aitor Ortiz)\" data-rel=\"lightbox-gallery-1\"><img loading=\"lazy\" decoding=\"async\" width=\"150\" height=\"150\" src=\"https:\/\/www.arquimaster.com.ar\/web\/wp-content\/uploads\/2021\/08\/reforma_torre_bizkaia7-150x150.jpg\" class=\"attachment-thumbnail size-thumbnail\" alt=\"Reforma integral de la Torre Bizkaia \/ Idom\" aria-describedby=\"gallery-1-66725\" \/><\/a>\n\t\t\t<\/div>\n\t\t\t\t<figcaption class='wp-caption-text gallery-caption' id='gallery-1-66725'>\n\t\t\t\tReforma integral de la Torre Bizkaia \/ Idom (\u00a9 Aitor Ortiz)\n\t\t\t\t<\/figcaption><\/figure><figure class='gallery-item'>\n\t\t\t<div class='gallery-icon portrait'>\n\t\t\t\t<a href='https:\/\/www.arquimaster.com.ar\/web\/wp-content\/uploads\/2021\/08\/reforma_torre_bizkaia8.jpg' title=\"Reforma integral de la Torre Bizkaia \/ Idom (\u00a9 Aitor Ortiz)\" data-rl_title=\"Reforma integral de la Torre Bizkaia \/ Idom (\u00a9 Aitor Ortiz)\" class=\"rl-gallery-link\" data-rl_caption=\"Reforma integral de la Torre Bizkaia \/ Idom (\u00a9 Aitor Ortiz)\" data-rel=\"lightbox-gallery-1\"><img loading=\"lazy\" decoding=\"async\" width=\"150\" height=\"150\" src=\"https:\/\/www.arquimaster.com.ar\/web\/wp-content\/uploads\/2021\/08\/reforma_torre_bizkaia8-150x150.jpg\" class=\"attachment-thumbnail size-thumbnail\" alt=\"Reforma integral de la Torre Bizkaia \/ Idom\" aria-describedby=\"gallery-1-66726\" \/><\/a>\n\t\t\t<\/div>\n\t\t\t\t<figcaption class='wp-caption-text gallery-caption' id='gallery-1-66726'>\n\t\t\t\tReforma integral de la Torre Bizkaia \/ Idom (\u00a9 Aitor Ortiz)\n\t\t\t\t<\/figcaption><\/figure><figure class='gallery-item'>\n\t\t\t<div class='gallery-icon portrait'>\n\t\t\t\t<a href='https:\/\/www.arquimaster.com.ar\/web\/wp-content\/uploads\/2021\/08\/reforma_torre_bizkaia9.jpg' title=\"Reforma integral de la Torre Bizkaia \/ Idom (\u00a9 Aitor Ortiz)\" data-rl_title=\"Reforma integral de la Torre Bizkaia \/ Idom (\u00a9 Aitor Ortiz)\" class=\"rl-gallery-link\" data-rl_caption=\"Reforma integral de la Torre Bizkaia \/ Idom (\u00a9 Aitor Ortiz)\" data-rel=\"lightbox-gallery-1\"><img loading=\"lazy\" decoding=\"async\" width=\"150\" height=\"150\" src=\"https:\/\/www.arquimaster.com.ar\/web\/wp-content\/uploads\/2021\/08\/reforma_torre_bizkaia9-150x150.jpg\" class=\"attachment-thumbnail size-thumbnail\" alt=\"Reforma integral de la Torre Bizkaia \/ Idom\" aria-describedby=\"gallery-1-66727\" \/><\/a>\n\t\t\t<\/div>\n\t\t\t\t<figcaption class='wp-caption-text gallery-caption' id='gallery-1-66727'>\n\t\t\t\tReforma integral de la Torre Bizkaia \/ Idom (\u00a9 Aitor Ortiz)\n\t\t\t\t<\/figcaption><\/figure><figure class='gallery-item'>\n\t\t\t<div class='gallery-icon portrait'>\n\t\t\t\t<a href='https:\/\/www.arquimaster.com.ar\/web\/wp-content\/uploads\/2021\/08\/reforma_torre_bizkaia10.jpg' title=\"Reforma integral de la Torre Bizkaia \/ Idom (\u00a9 Aitor Ortiz)\" data-rl_title=\"Reforma integral de la Torre Bizkaia \/ Idom (\u00a9 Aitor Ortiz)\" class=\"rl-gallery-link\" data-rl_caption=\"Reforma integral de la Torre Bizkaia \/ Idom (\u00a9 Aitor Ortiz)\" data-rel=\"lightbox-gallery-1\"><img loading=\"lazy\" decoding=\"async\" width=\"150\" height=\"150\" src=\"https:\/\/www.arquimaster.com.ar\/web\/wp-content\/uploads\/2021\/08\/reforma_torre_bizkaia10-150x150.jpg\" class=\"attachment-thumbnail size-thumbnail\" alt=\"Reforma integral de la Torre Bizkaia \/ Idom\" aria-describedby=\"gallery-1-66728\" \/><\/a>\n\t\t\t<\/div>\n\t\t\t\t<figcaption class='wp-caption-text gallery-caption' id='gallery-1-66728'>\n\t\t\t\tReforma integral de la Torre Bizkaia \/ Idom (\u00a9 Aitor Ortiz)\n\t\t\t\t<\/figcaption><\/figure><figure class='gallery-item'>\n\t\t\t<div class='gallery-icon landscape'>\n\t\t\t\t<a href='https:\/\/www.arquimaster.com.ar\/web\/wp-content\/uploads\/2021\/08\/reforma_torre_bizkaia11.jpg' title=\"Reforma integral de la Torre Bizkaia \/ Idom (\u00a9 Aitor Ortiz)\" data-rl_title=\"Reforma integral de la Torre Bizkaia \/ Idom (\u00a9 Aitor Ortiz)\" class=\"rl-gallery-link\" data-rl_caption=\"Reforma integral de la Torre Bizkaia \/ Idom (\u00a9 Aitor Ortiz)\" data-rel=\"lightbox-gallery-1\"><img loading=\"lazy\" decoding=\"async\" width=\"150\" height=\"150\" src=\"https:\/\/www.arquimaster.com.ar\/web\/wp-content\/uploads\/2021\/08\/reforma_torre_bizkaia11-150x150.jpg\" class=\"attachment-thumbnail size-thumbnail\" alt=\"Reforma integral de la Torre Bizkaia \/ Idom\" aria-describedby=\"gallery-1-66729\" \/><\/a>\n\t\t\t<\/div>\n\t\t\t\t<figcaption class='wp-caption-text gallery-caption' id='gallery-1-66729'>\n\t\t\t\tReforma integral de la Torre Bizkaia \/ Idom (\u00a9 Aitor Ortiz)\n\t\t\t\t<\/figcaption><\/figure><figure class='gallery-item'>\n\t\t\t<div class='gallery-icon portrait'>\n\t\t\t\t<a href='https:\/\/www.arquimaster.com.ar\/web\/wp-content\/uploads\/2021\/08\/reforma_torre_bizkaia12.jpg' title=\"Reforma integral de la Torre Bizkaia \/ Idom (\u00a9 Aitor Ortiz)\" data-rl_title=\"Reforma integral de la Torre Bizkaia \/ Idom (\u00a9 Aitor Ortiz)\" class=\"rl-gallery-link\" data-rl_caption=\"Reforma integral de la Torre Bizkaia \/ Idom (\u00a9 Aitor Ortiz)\" data-rel=\"lightbox-gallery-1\"><img loading=\"lazy\" decoding=\"async\" width=\"150\" height=\"150\" src=\"https:\/\/www.arquimaster.com.ar\/web\/wp-content\/uploads\/2021\/08\/reforma_torre_bizkaia12-150x150.jpg\" class=\"attachment-thumbnail size-thumbnail\" alt=\"Reforma integral de la Torre Bizkaia \/ Idom\" aria-describedby=\"gallery-1-66730\" \/><\/a>\n\t\t\t<\/div>\n\t\t\t\t<figcaption class='wp-caption-text gallery-caption' id='gallery-1-66730'>\n\t\t\t\tReforma integral de la Torre Bizkaia \/ Idom (\u00a9 Aitor Ortiz)\n\t\t\t\t<\/figcaption><\/figure><figure class='gallery-item'>\n\t\t\t<div class='gallery-icon landscape'>\n\t\t\t\t<a href='https:\/\/www.arquimaster.com.ar\/web\/wp-content\/uploads\/2021\/08\/reforma_torre_bizkaia13.jpg' title=\"Reforma integral de la Torre Bizkaia \/ Idom (\u00a9 Aitor Ortiz)\" data-rl_title=\"Reforma integral de la Torre Bizkaia \/ Idom (\u00a9 Aitor Ortiz)\" class=\"rl-gallery-link\" data-rl_caption=\"Reforma integral de la Torre Bizkaia \/ Idom (\u00a9 Aitor Ortiz)\" data-rel=\"lightbox-gallery-1\"><img loading=\"lazy\" decoding=\"async\" width=\"150\" height=\"150\" src=\"https:\/\/www.arquimaster.com.ar\/web\/wp-content\/uploads\/2021\/08\/reforma_torre_bizkaia13-150x150.jpg\" class=\"attachment-thumbnail size-thumbnail\" alt=\"Reforma integral de la Torre Bizkaia \/ Idom\" aria-describedby=\"gallery-1-66731\" \/><\/a>\n\t\t\t<\/div>\n\t\t\t\t<figcaption class='wp-caption-text gallery-caption' id='gallery-1-66731'>\n\t\t\t\tReforma integral de la Torre Bizkaia \/ Idom (\u00a9 Aitor Ortiz)\n\t\t\t\t<\/figcaption><\/figure><figure class='gallery-item'>\n\t\t\t<div class='gallery-icon portrait'>\n\t\t\t\t<a href='https:\/\/www.arquimaster.com.ar\/web\/wp-content\/uploads\/2021\/08\/reforma_torre_bizkaia14.jpg' title=\"Reforma integral de la Torre Bizkaia \/ Idom (\u00a9 Aitor Ortiz)\" data-rl_title=\"Reforma integral de la Torre Bizkaia \/ Idom (\u00a9 Aitor Ortiz)\" class=\"rl-gallery-link\" data-rl_caption=\"Reforma integral de la Torre Bizkaia \/ Idom (\u00a9 Aitor Ortiz)\" data-rel=\"lightbox-gallery-1\"><img loading=\"lazy\" decoding=\"async\" width=\"150\" height=\"150\" src=\"https:\/\/www.arquimaster.com.ar\/web\/wp-content\/uploads\/2021\/08\/reforma_torre_bizkaia14-150x150.jpg\" class=\"attachment-thumbnail size-thumbnail\" alt=\"Reforma integral de la Torre Bizkaia \/ Idom\" aria-describedby=\"gallery-1-66732\" \/><\/a>\n\t\t\t<\/div>\n\t\t\t\t<figcaption class='wp-caption-text gallery-caption' id='gallery-1-66732'>\n\t\t\t\tReforma integral de la Torre Bizkaia \/ Idom (\u00a9 Aitor Ortiz)\n\t\t\t\t<\/figcaption><\/figure><figure class='gallery-item'>\n\t\t\t<div class='gallery-icon portrait'>\n\t\t\t\t<a href='https:\/\/www.arquimaster.com.ar\/web\/wp-content\/uploads\/2021\/08\/reforma_torre_bizkaia15.jpg' title=\"Reforma integral de la Torre Bizkaia \/ Idom (\u00a9 Aitor Ortiz)\" data-rl_title=\"Reforma integral de la Torre Bizkaia \/ Idom (\u00a9 Aitor Ortiz)\" class=\"rl-gallery-link\" data-rl_caption=\"Reforma integral de la Torre Bizkaia \/ Idom (\u00a9 Aitor Ortiz)\" data-rel=\"lightbox-gallery-1\"><img loading=\"lazy\" decoding=\"async\" width=\"150\" height=\"150\" src=\"https:\/\/www.arquimaster.com.ar\/web\/wp-content\/uploads\/2021\/08\/reforma_torre_bizkaia15-150x150.jpg\" class=\"attachment-thumbnail size-thumbnail\" alt=\"Reforma integral de la Torre Bizkaia \/ Idom\" aria-describedby=\"gallery-1-66733\" \/><\/a>\n\t\t\t<\/div>\n\t\t\t\t<figcaption class='wp-caption-text gallery-caption' id='gallery-1-66733'>\n\t\t\t\tReforma integral de la Torre Bizkaia \/ Idom (\u00a9 Aitor Ortiz)\n\t\t\t\t<\/figcaption><\/figure>\n\t\t<\/div>\n\n<p>50 a\u00f1os despu\u00e9s de su construcci\u00f3n, se ha realizado una reforma integral del edificio que ha permitido la implantaci\u00f3n de un uso comercial en las 6 primeras plantas, manteni\u00e9ndose el uso administrativo en el resto del edificio (un 65% de la superficie total). Dado el estado del edificio fue necesario un vaciado completo del mismo, manteniendo \u00fanicamente la estructura para acometer una reconstrucci\u00f3n integral.<\/p>\n<p>La estructura del edificio, formada por pilares y vigas met\u00e1licas que seg\u00fan la memoria del proyecto original fueron recubiertas de hormig\u00f3n a efectos de protecci\u00f3n contra el fuego, tambi\u00e9n ha sido reformada con refuerzos generalizados en las plantas comerciales y en las plantas administrativas donde se prev\u00e9n usos de p\u00fablica concurrencia, adapt\u00e1ndose as\u00ed el edificio a las nuevas sobrecargas y requerimientos normativos. A excepci\u00f3n del bloque central de ascensores y escaleras de la torre, el resto de los n\u00facleos de comunicaci\u00f3n han sido demolidos y sus huecos forjados, para generar en unos nuevos n\u00facleos de comunicaci\u00f3n otras ubicaciones, de mayor capacidad que aseguren la evacuaci\u00f3n del conjunto del edificio.<\/p>\n<div id='gallery-2' class='gallery galleryid-66717 gallery-columns-3 gallery-size-thumbnail'><figure class='gallery-item'>\n\t\t\t<div class='gallery-icon portrait'>\n\t\t\t\t<a href='https:\/\/www.arquimaster.com.ar\/web\/wp-content\/uploads\/2021\/08\/reforma_torre_bizkaia16.jpg' title=\"Reforma integral de la Torre Bizkaia \/ Idom (\u00a9 Aitor Ortiz)\" data-rl_title=\"Reforma integral de la Torre Bizkaia \/ Idom (\u00a9 Aitor Ortiz)\" class=\"rl-gallery-link\" data-rl_caption=\"Reforma integral de la Torre Bizkaia \/ Idom (\u00a9 Aitor Ortiz)\" data-rel=\"lightbox-gallery-2\"><img loading=\"lazy\" decoding=\"async\" width=\"150\" height=\"150\" src=\"https:\/\/www.arquimaster.com.ar\/web\/wp-content\/uploads\/2021\/08\/reforma_torre_bizkaia16-150x150.jpg\" class=\"attachment-thumbnail size-thumbnail\" alt=\"Reforma integral de la Torre Bizkaia \/ Idom\" aria-describedby=\"gallery-2-66734\" \/><\/a>\n\t\t\t<\/div>\n\t\t\t\t<figcaption class='wp-caption-text gallery-caption' id='gallery-2-66734'>\n\t\t\t\tReforma integral de la Torre Bizkaia \/ Idom (\u00a9 Aitor Ortiz)\n\t\t\t\t<\/figcaption><\/figure><figure class='gallery-item'>\n\t\t\t<div class='gallery-icon portrait'>\n\t\t\t\t<a href='https:\/\/www.arquimaster.com.ar\/web\/wp-content\/uploads\/2021\/08\/reforma_torre_bizkaia17.jpg' title=\"Reforma integral de la Torre Bizkaia \/ Idom (\u00a9 Aitor Ortiz)\" data-rl_title=\"Reforma integral de la Torre Bizkaia \/ Idom (\u00a9 Aitor Ortiz)\" class=\"rl-gallery-link\" data-rl_caption=\"Reforma integral de la Torre Bizkaia \/ Idom (\u00a9 Aitor Ortiz)\" data-rel=\"lightbox-gallery-2\"><img loading=\"lazy\" decoding=\"async\" width=\"150\" height=\"150\" src=\"https:\/\/www.arquimaster.com.ar\/web\/wp-content\/uploads\/2021\/08\/reforma_torre_bizkaia17-150x150.jpg\" class=\"attachment-thumbnail size-thumbnail\" alt=\"Reforma integral de la Torre Bizkaia \/ Idom\" aria-describedby=\"gallery-2-66735\" \/><\/a>\n\t\t\t<\/div>\n\t\t\t\t<figcaption class='wp-caption-text gallery-caption' id='gallery-2-66735'>\n\t\t\t\tReforma integral de la Torre Bizkaia \/ Idom (\u00a9 Aitor Ortiz)\n\t\t\t\t<\/figcaption><\/figure><figure class='gallery-item'>\n\t\t\t<div class='gallery-icon portrait'>\n\t\t\t\t<a href='https:\/\/www.arquimaster.com.ar\/web\/wp-content\/uploads\/2021\/08\/reforma_torre_bizkaia18.jpg' title=\"Reforma integral de la Torre Bizkaia \/ Idom (\u00a9 Aitor Ortiz)\" data-rl_title=\"Reforma integral de la Torre Bizkaia \/ Idom (\u00a9 Aitor Ortiz)\" class=\"rl-gallery-link\" data-rl_caption=\"Reforma integral de la Torre Bizkaia \/ Idom (\u00a9 Aitor Ortiz)\" data-rel=\"lightbox-gallery-2\"><img loading=\"lazy\" decoding=\"async\" width=\"150\" height=\"150\" src=\"https:\/\/www.arquimaster.com.ar\/web\/wp-content\/uploads\/2021\/08\/reforma_torre_bizkaia18-150x150.jpg\" class=\"attachment-thumbnail size-thumbnail\" alt=\"Reforma integral de la Torre Bizkaia \/ Idom\" aria-describedby=\"gallery-2-66736\" \/><\/a>\n\t\t\t<\/div>\n\t\t\t\t<figcaption class='wp-caption-text gallery-caption' id='gallery-2-66736'>\n\t\t\t\tReforma integral de la Torre Bizkaia \/ Idom (\u00a9 Aitor Ortiz)\n\t\t\t\t<\/figcaption><\/figure><figure class='gallery-item'>\n\t\t\t<div class='gallery-icon landscape'>\n\t\t\t\t<a href='https:\/\/www.arquimaster.com.ar\/web\/wp-content\/uploads\/2021\/08\/reforma_torre_bizkaia19.jpg' title=\"Reforma integral de la Torre Bizkaia \/ Idom (\u00a9 Aitor Ortiz)\" data-rl_title=\"Reforma integral de la Torre Bizkaia \/ Idom (\u00a9 Aitor Ortiz)\" class=\"rl-gallery-link\" data-rl_caption=\"Reforma integral de la Torre Bizkaia \/ Idom (\u00a9 Aitor Ortiz)\" data-rel=\"lightbox-gallery-2\"><img loading=\"lazy\" decoding=\"async\" width=\"150\" height=\"150\" src=\"https:\/\/www.arquimaster.com.ar\/web\/wp-content\/uploads\/2021\/08\/reforma_torre_bizkaia19-150x150.jpg\" class=\"attachment-thumbnail size-thumbnail\" alt=\"Reforma integral de la Torre Bizkaia \/ Idom\" aria-describedby=\"gallery-2-66737\" \/><\/a>\n\t\t\t<\/div>\n\t\t\t\t<figcaption class='wp-caption-text gallery-caption' id='gallery-2-66737'>\n\t\t\t\tReforma integral de la Torre Bizkaia \/ Idom (\u00a9 Aitor Ortiz)\n\t\t\t\t<\/figcaption><\/figure><figure class='gallery-item'>\n\t\t\t<div class='gallery-icon landscape'>\n\t\t\t\t<a href='https:\/\/www.arquimaster.com.ar\/web\/wp-content\/uploads\/2021\/08\/reforma_torre_bizkaia20.jpg' title=\"Reforma integral de la Torre Bizkaia \/ Idom (\u00a9 Aitor Ortiz)\" data-rl_title=\"Reforma integral de la Torre Bizkaia \/ Idom (\u00a9 Aitor Ortiz)\" class=\"rl-gallery-link\" data-rl_caption=\"Reforma integral de la Torre Bizkaia \/ Idom (\u00a9 Aitor Ortiz)\" data-rel=\"lightbox-gallery-2\"><img loading=\"lazy\" decoding=\"async\" width=\"150\" height=\"150\" src=\"https:\/\/www.arquimaster.com.ar\/web\/wp-content\/uploads\/2021\/08\/reforma_torre_bizkaia20-150x150.jpg\" class=\"attachment-thumbnail size-thumbnail\" alt=\"Reforma integral de la Torre Bizkaia \/ Idom\" aria-describedby=\"gallery-2-66738\" \/><\/a>\n\t\t\t<\/div>\n\t\t\t\t<figcaption class='wp-caption-text gallery-caption' id='gallery-2-66738'>\n\t\t\t\tReforma integral de la Torre Bizkaia \/ Idom (\u00a9 Aitor Ortiz)\n\t\t\t\t<\/figcaption><\/figure><figure class='gallery-item'>\n\t\t\t<div class='gallery-icon landscape'>\n\t\t\t\t<a href='https:\/\/www.arquimaster.com.ar\/web\/wp-content\/uploads\/2021\/08\/reforma_torre_bizkaia21.jpg' title=\"Reforma integral de la Torre Bizkaia \/ Idom (\u00a9 Aitor Ortiz)\" data-rl_title=\"Reforma integral de la Torre Bizkaia \/ Idom (\u00a9 Aitor Ortiz)\" class=\"rl-gallery-link\" data-rl_caption=\"Reforma integral de la Torre Bizkaia \/ Idom (\u00a9 Aitor Ortiz)\" data-rel=\"lightbox-gallery-2\"><img loading=\"lazy\" decoding=\"async\" width=\"150\" height=\"150\" src=\"https:\/\/www.arquimaster.com.ar\/web\/wp-content\/uploads\/2021\/08\/reforma_torre_bizkaia21-150x150.jpg\" class=\"attachment-thumbnail size-thumbnail\" alt=\"Reforma integral de la Torre Bizkaia \/ Idom\" aria-describedby=\"gallery-2-66739\" \/><\/a>\n\t\t\t<\/div>\n\t\t\t\t<figcaption class='wp-caption-text gallery-caption' id='gallery-2-66739'>\n\t\t\t\tReforma integral de la Torre Bizkaia \/ Idom (\u00a9 Aitor Ortiz)\n\t\t\t\t<\/figcaption><\/figure><figure class='gallery-item'>\n\t\t\t<div class='gallery-icon landscape'>\n\t\t\t\t<a href='https:\/\/www.arquimaster.com.ar\/web\/wp-content\/uploads\/2021\/08\/reforma_torre_bizkaia22.jpg' title=\"Reforma integral de la Torre Bizkaia \/ Idom (\u00a9 Aitor Ortiz)\" data-rl_title=\"Reforma integral de la Torre Bizkaia \/ Idom (\u00a9 Aitor Ortiz)\" class=\"rl-gallery-link\" data-rl_caption=\"Reforma integral de la Torre Bizkaia \/ Idom (\u00a9 Aitor Ortiz)\" data-rel=\"lightbox-gallery-2\"><img loading=\"lazy\" decoding=\"async\" width=\"150\" height=\"150\" src=\"https:\/\/www.arquimaster.com.ar\/web\/wp-content\/uploads\/2021\/08\/reforma_torre_bizkaia22-150x150.jpg\" class=\"attachment-thumbnail size-thumbnail\" alt=\"Reforma integral de la Torre Bizkaia \/ Idom\" aria-describedby=\"gallery-2-66740\" \/><\/a>\n\t\t\t<\/div>\n\t\t\t\t<figcaption class='wp-caption-text gallery-caption' id='gallery-2-66740'>\n\t\t\t\tReforma integral de la Torre Bizkaia \/ Idom (\u00a9 Aitor Ortiz)\n\t\t\t\t<\/figcaption><\/figure><figure class='gallery-item'>\n\t\t\t<div class='gallery-icon landscape'>\n\t\t\t\t<a href='https:\/\/www.arquimaster.com.ar\/web\/wp-content\/uploads\/2021\/08\/reforma_torre_bizkaia23.jpg' title=\"Reforma integral de la Torre Bizkaia \/ Idom (\u00a9 Aitor Ortiz)\" data-rl_title=\"Reforma integral de la Torre Bizkaia \/ Idom (\u00a9 Aitor Ortiz)\" class=\"rl-gallery-link\" data-rl_caption=\"Reforma integral de la Torre Bizkaia \/ Idom (\u00a9 Aitor Ortiz)\" data-rel=\"lightbox-gallery-2\"><img loading=\"lazy\" decoding=\"async\" width=\"150\" height=\"150\" src=\"https:\/\/www.arquimaster.com.ar\/web\/wp-content\/uploads\/2021\/08\/reforma_torre_bizkaia23-150x150.jpg\" class=\"attachment-thumbnail size-thumbnail\" alt=\"Reforma integral de la Torre Bizkaia \/ Idom\" aria-describedby=\"gallery-2-66741\" \/><\/a>\n\t\t\t<\/div>\n\t\t\t\t<figcaption class='wp-caption-text gallery-caption' id='gallery-2-66741'>\n\t\t\t\tReforma integral de la Torre Bizkaia \/ Idom (\u00a9 Aitor Ortiz)\n\t\t\t\t<\/figcaption><\/figure><figure class='gallery-item'>\n\t\t\t<div class='gallery-icon landscape'>\n\t\t\t\t<a href='https:\/\/www.arquimaster.com.ar\/web\/wp-content\/uploads\/2021\/08\/reforma_torre_bizkaia24.jpg' title=\"Reforma integral de la Torre Bizkaia \/ Idom (\u00a9 Aitor Ortiz)\" data-rl_title=\"Reforma integral de la Torre Bizkaia \/ Idom (\u00a9 Aitor Ortiz)\" class=\"rl-gallery-link\" data-rl_caption=\"Reforma integral de la Torre Bizkaia \/ Idom (\u00a9 Aitor Ortiz)\" data-rel=\"lightbox-gallery-2\"><img loading=\"lazy\" decoding=\"async\" width=\"150\" height=\"150\" src=\"https:\/\/www.arquimaster.com.ar\/web\/wp-content\/uploads\/2021\/08\/reforma_torre_bizkaia24-150x150.jpg\" class=\"attachment-thumbnail size-thumbnail\" alt=\"Reforma integral de la Torre Bizkaia \/ Idom\" aria-describedby=\"gallery-2-66742\" \/><\/a>\n\t\t\t<\/div>\n\t\t\t\t<figcaption class='wp-caption-text gallery-caption' id='gallery-2-66742'>\n\t\t\t\tReforma integral de la Torre Bizkaia \/ Idom (\u00a9 Aitor Ortiz)\n\t\t\t\t<\/figcaption><\/figure><figure class='gallery-item'>\n\t\t\t<div class='gallery-icon landscape'>\n\t\t\t\t<a href='https:\/\/www.arquimaster.com.ar\/web\/wp-content\/uploads\/2021\/08\/reforma_torre_bizkaia25.jpg' title=\"Reforma integral de la Torre Bizkaia \/ Idom (\u00a9 Aitor Ortiz)\" data-rl_title=\"Reforma integral de la Torre Bizkaia \/ Idom (\u00a9 Aitor Ortiz)\" class=\"rl-gallery-link\" data-rl_caption=\"Reforma integral de la Torre Bizkaia \/ Idom (\u00a9 Aitor Ortiz)\" data-rel=\"lightbox-gallery-2\"><img loading=\"lazy\" decoding=\"async\" width=\"150\" height=\"150\" src=\"https:\/\/www.arquimaster.com.ar\/web\/wp-content\/uploads\/2021\/08\/reforma_torre_bizkaia25-150x150.jpg\" class=\"attachment-thumbnail size-thumbnail\" alt=\"Reforma integral de la Torre Bizkaia \/ Idom\" aria-describedby=\"gallery-2-66743\" \/><\/a>\n\t\t\t<\/div>\n\t\t\t\t<figcaption class='wp-caption-text gallery-caption' id='gallery-2-66743'>\n\t\t\t\tReforma integral de la Torre Bizkaia \/ Idom (\u00a9 Aitor Ortiz)\n\t\t\t\t<\/figcaption><\/figure><figure class='gallery-item'>\n\t\t\t<div class='gallery-icon landscape'>\n\t\t\t\t<a href='https:\/\/www.arquimaster.com.ar\/web\/wp-content\/uploads\/2021\/08\/reforma_torre_bizkaia26.jpg' title=\"Reforma integral de la Torre Bizkaia \/ Idom (\u00a9 Aitor Ortiz)\" data-rl_title=\"Reforma integral de la Torre Bizkaia \/ Idom (\u00a9 Aitor Ortiz)\" class=\"rl-gallery-link\" data-rl_caption=\"Reforma integral de la Torre Bizkaia \/ Idom (\u00a9 Aitor Ortiz)\" data-rel=\"lightbox-gallery-2\"><img loading=\"lazy\" decoding=\"async\" width=\"150\" height=\"150\" src=\"https:\/\/www.arquimaster.com.ar\/web\/wp-content\/uploads\/2021\/08\/reforma_torre_bizkaia26-150x150.jpg\" class=\"attachment-thumbnail size-thumbnail\" alt=\"Reforma integral de la Torre Bizkaia \/ Idom\" aria-describedby=\"gallery-2-66744\" \/><\/a>\n\t\t\t<\/div>\n\t\t\t\t<figcaption class='wp-caption-text gallery-caption' id='gallery-2-66744'>\n\t\t\t\tReforma integral de la Torre Bizkaia \/ Idom (\u00a9 Aitor Ortiz)\n\t\t\t\t<\/figcaption><\/figure><figure class='gallery-item'>\n\t\t\t<div class='gallery-icon portrait'>\n\t\t\t\t<a href='https:\/\/www.arquimaster.com.ar\/web\/wp-content\/uploads\/2021\/08\/reforma_torre_bizkaia27.jpg' title=\"Reforma integral de la Torre Bizkaia \/ Idom (\u00a9 Aitor Ortiz)\" data-rl_title=\"Reforma integral de la Torre Bizkaia \/ Idom (\u00a9 Aitor Ortiz)\" class=\"rl-gallery-link\" data-rl_caption=\"Reforma integral de la Torre Bizkaia \/ Idom (\u00a9 Aitor Ortiz)\" data-rel=\"lightbox-gallery-2\"><img loading=\"lazy\" decoding=\"async\" width=\"150\" height=\"150\" src=\"https:\/\/www.arquimaster.com.ar\/web\/wp-content\/uploads\/2021\/08\/reforma_torre_bizkaia27-150x150.jpg\" class=\"attachment-thumbnail size-thumbnail\" alt=\"Reforma integral de la Torre Bizkaia \/ Idom\" aria-describedby=\"gallery-2-66745\" \/><\/a>\n\t\t\t<\/div>\n\t\t\t\t<figcaption class='wp-caption-text gallery-caption' id='gallery-2-66745'>\n\t\t\t\tReforma integral de la Torre Bizkaia \/ Idom (\u00a9 Aitor Ortiz)\n\t\t\t\t<\/figcaption><\/figure><figure class='gallery-item'>\n\t\t\t<div class='gallery-icon landscape'>\n\t\t\t\t<a href='https:\/\/www.arquimaster.com.ar\/web\/wp-content\/uploads\/2021\/08\/reforma_torre_bizkaia28.jpg' title=\"Reforma integral de la Torre Bizkaia \/ Idom (\u00a9 Aitor Ortiz)\" data-rl_title=\"Reforma integral de la Torre Bizkaia \/ Idom (\u00a9 Aitor Ortiz)\" class=\"rl-gallery-link\" data-rl_caption=\"Reforma integral de la Torre Bizkaia \/ Idom (\u00a9 Aitor Ortiz)\" data-rel=\"lightbox-gallery-2\"><img loading=\"lazy\" decoding=\"async\" width=\"150\" height=\"150\" src=\"https:\/\/www.arquimaster.com.ar\/web\/wp-content\/uploads\/2021\/08\/reforma_torre_bizkaia28-150x150.jpg\" class=\"attachment-thumbnail size-thumbnail\" alt=\"Reforma integral de la Torre Bizkaia \/ Idom\" aria-describedby=\"gallery-2-66746\" \/><\/a>\n\t\t\t<\/div>\n\t\t\t\t<figcaption class='wp-caption-text gallery-caption' id='gallery-2-66746'>\n\t\t\t\tReforma integral de la Torre Bizkaia \/ Idom (\u00a9 Aitor Ortiz)\n\t\t\t\t<\/figcaption><\/figure><figure class='gallery-item'>\n\t\t\t<div class='gallery-icon portrait'>\n\t\t\t\t<a href='https:\/\/www.arquimaster.com.ar\/web\/wp-content\/uploads\/2021\/08\/reforma_torre_bizkaia29.jpg' title=\"Reforma integral de la Torre Bizkaia \/ Idom (\u00a9 Aitor Ortiz)\" data-rl_title=\"Reforma integral de la Torre Bizkaia \/ Idom (\u00a9 Aitor Ortiz)\" class=\"rl-gallery-link\" data-rl_caption=\"Reforma integral de la Torre Bizkaia \/ Idom (\u00a9 Aitor Ortiz)\" data-rel=\"lightbox-gallery-2\"><img loading=\"lazy\" decoding=\"async\" width=\"150\" height=\"150\" src=\"https:\/\/www.arquimaster.com.ar\/web\/wp-content\/uploads\/2021\/08\/reforma_torre_bizkaia29-150x150.jpg\" class=\"attachment-thumbnail size-thumbnail\" alt=\"Reforma integral de la Torre Bizkaia \/ Idom\" aria-describedby=\"gallery-2-66747\" \/><\/a>\n\t\t\t<\/div>\n\t\t\t\t<figcaption class='wp-caption-text gallery-caption' id='gallery-2-66747'>\n\t\t\t\tReforma integral de la Torre Bizkaia \/ Idom (\u00a9 Aitor Ortiz)\n\t\t\t\t<\/figcaption><\/figure><figure class='gallery-item'>\n\t\t\t<div class='gallery-icon landscape'>\n\t\t\t\t<a href='https:\/\/www.arquimaster.com.ar\/web\/wp-content\/uploads\/2021\/08\/reforma_torre_bizkaia30.jpg' title=\"Reforma integral de la Torre Bizkaia \/ Idom (\u00a9 Aitor Ortiz)\" data-rl_title=\"Reforma integral de la Torre Bizkaia \/ Idom (\u00a9 Aitor Ortiz)\" class=\"rl-gallery-link\" data-rl_caption=\"Reforma integral de la Torre Bizkaia \/ Idom (\u00a9 Aitor Ortiz)\" data-rel=\"lightbox-gallery-2\"><img loading=\"lazy\" decoding=\"async\" width=\"150\" height=\"150\" src=\"https:\/\/www.arquimaster.com.ar\/web\/wp-content\/uploads\/2021\/08\/reforma_torre_bizkaia30-150x150.jpg\" class=\"attachment-thumbnail size-thumbnail\" alt=\"Reforma integral de la Torre Bizkaia \/ Idom\" aria-describedby=\"gallery-2-66748\" \/><\/a>\n\t\t\t<\/div>\n\t\t\t\t<figcaption class='wp-caption-text gallery-caption' id='gallery-2-66748'>\n\t\t\t\tReforma integral de la Torre Bizkaia \/ Idom (\u00a9 Aitor Ortiz)\n\t\t\t\t<\/figcaption><\/figure>\n\t\t<\/div>\n\n<p>Se han realizado otros cambios estructurales de gran calado fruto de condicionantes funcionales del \u00e1rea comercial, como la implantaci\u00f3n de un hueco que une 5 plantas del edificio con escaleras mec\u00e1nicas y que ha requerido la eliminaci\u00f3n de una de las vigas principales del edificio. Esto ha supuesto la necesidad de generar nuevos elementos de arriostrado, para asegurar una correcta transmisi\u00f3n de cargas y esfuerzos horizontales que se producen fruto de la nueva configuraci\u00f3n.<\/p>\n<p>Otro de los aspectos claves de la reforma ha estado centrada en la fachada del edificio, protegida por la normativa municipal. De manera previa al comienzo de la redacci\u00f3n del proyecto constructivo de fachada, se realiz\u00f3 una labor de investigaci\u00f3n, toma de datos y levantamiento topogr\u00e1fico para poder reproducir la geometr\u00eda exterior de la misma y poder construir una fachada de id\u00e9nticas caracter\u00edsticas a la original, corrigiendo las modificaciones que el edificio sufri\u00f3 a lo largo de los a\u00f1os.<\/p>\n<div id='gallery-3' class='gallery galleryid-66717 gallery-columns-3 gallery-size-thumbnail'><figure class='gallery-item'>\n\t\t\t<div class='gallery-icon portrait'>\n\t\t\t\t<a href='https:\/\/www.arquimaster.com.ar\/web\/wp-content\/uploads\/2021\/08\/reforma_torre_bizkaia31.jpg' title=\"Reforma integral de la Torre Bizkaia \/ Idom (\u00a9 Aitor Ortiz)\" data-rl_title=\"Reforma integral de la Torre Bizkaia \/ Idom (\u00a9 Aitor Ortiz)\" class=\"rl-gallery-link\" data-rl_caption=\"Reforma integral de la Torre Bizkaia \/ Idom (\u00a9 Aitor Ortiz)\" data-rel=\"lightbox-gallery-3\"><img loading=\"lazy\" decoding=\"async\" width=\"150\" height=\"150\" src=\"https:\/\/www.arquimaster.com.ar\/web\/wp-content\/uploads\/2021\/08\/reforma_torre_bizkaia31-150x150.jpg\" class=\"attachment-thumbnail size-thumbnail\" alt=\"Reforma integral de la Torre Bizkaia \/ Idom\" aria-describedby=\"gallery-3-66749\" \/><\/a>\n\t\t\t<\/div>\n\t\t\t\t<figcaption class='wp-caption-text gallery-caption' id='gallery-3-66749'>\n\t\t\t\tReforma integral de la Torre Bizkaia \/ Idom (\u00a9 Aitor Ortiz)\n\t\t\t\t<\/figcaption><\/figure><figure class='gallery-item'>\n\t\t\t<div class='gallery-icon portrait'>\n\t\t\t\t<a href='https:\/\/www.arquimaster.com.ar\/web\/wp-content\/uploads\/2021\/08\/reforma_torre_bizkaia32.jpg' title=\"Reforma integral de la Torre Bizkaia \/ Idom (\u00a9 Aitor Ortiz)\" data-rl_title=\"Reforma integral de la Torre Bizkaia \/ Idom (\u00a9 Aitor Ortiz)\" class=\"rl-gallery-link\" data-rl_caption=\"Reforma integral de la Torre Bizkaia \/ Idom (\u00a9 Aitor Ortiz)\" data-rel=\"lightbox-gallery-3\"><img loading=\"lazy\" decoding=\"async\" width=\"150\" height=\"150\" src=\"https:\/\/www.arquimaster.com.ar\/web\/wp-content\/uploads\/2021\/08\/reforma_torre_bizkaia32-150x150.jpg\" class=\"attachment-thumbnail size-thumbnail\" alt=\"Reforma integral de la Torre Bizkaia \/ Idom\" aria-describedby=\"gallery-3-66750\" \/><\/a>\n\t\t\t<\/div>\n\t\t\t\t<figcaption class='wp-caption-text gallery-caption' id='gallery-3-66750'>\n\t\t\t\tReforma integral de la Torre Bizkaia \/ Idom (\u00a9 Aitor Ortiz)\n\t\t\t\t<\/figcaption><\/figure><figure class='gallery-item'>\n\t\t\t<div class='gallery-icon portrait'>\n\t\t\t\t<a href='https:\/\/www.arquimaster.com.ar\/web\/wp-content\/uploads\/2021\/08\/reforma_torre_bizkaia33.jpg' title=\"Reforma integral de la Torre Bizkaia \/ Idom (\u00a9 Aitor Ortiz)\" data-rl_title=\"Reforma integral de la Torre Bizkaia \/ Idom (\u00a9 Aitor Ortiz)\" class=\"rl-gallery-link\" data-rl_caption=\"Reforma integral de la Torre Bizkaia \/ Idom (\u00a9 Aitor Ortiz)\" data-rel=\"lightbox-gallery-3\"><img loading=\"lazy\" decoding=\"async\" width=\"150\" height=\"150\" src=\"https:\/\/www.arquimaster.com.ar\/web\/wp-content\/uploads\/2021\/08\/reforma_torre_bizkaia33-150x150.jpg\" class=\"attachment-thumbnail size-thumbnail\" alt=\"Reforma integral de la Torre Bizkaia \/ Idom\" aria-describedby=\"gallery-3-66751\" \/><\/a>\n\t\t\t<\/div>\n\t\t\t\t<figcaption class='wp-caption-text gallery-caption' id='gallery-3-66751'>\n\t\t\t\tReforma integral de la Torre Bizkaia \/ Idom (\u00a9 Aitor Ortiz)\n\t\t\t\t<\/figcaption><\/figure><figure class='gallery-item'>\n\t\t\t<div class='gallery-icon portrait'>\n\t\t\t\t<a href='https:\/\/www.arquimaster.com.ar\/web\/wp-content\/uploads\/2021\/08\/reforma_torre_bizkaia34.jpg' title=\"Reforma integral de la Torre Bizkaia \/ Idom (\u00a9 Aitor Ortiz)\" data-rl_title=\"Reforma integral de la Torre Bizkaia \/ Idom (\u00a9 Aitor Ortiz)\" class=\"rl-gallery-link\" data-rl_caption=\"Reforma integral de la Torre Bizkaia \/ Idom (\u00a9 Aitor Ortiz)\" data-rel=\"lightbox-gallery-3\"><img loading=\"lazy\" decoding=\"async\" width=\"150\" height=\"150\" src=\"https:\/\/www.arquimaster.com.ar\/web\/wp-content\/uploads\/2021\/08\/reforma_torre_bizkaia34-150x150.jpg\" class=\"attachment-thumbnail size-thumbnail\" alt=\"Reforma integral de la Torre Bizkaia \/ Idom\" aria-describedby=\"gallery-3-66752\" \/><\/a>\n\t\t\t<\/div>\n\t\t\t\t<figcaption class='wp-caption-text gallery-caption' id='gallery-3-66752'>\n\t\t\t\tReforma integral de la Torre Bizkaia \/ Idom (\u00a9 Aitor Ortiz)\n\t\t\t\t<\/figcaption><\/figure><figure class='gallery-item'>\n\t\t\t<div class='gallery-icon landscape'>\n\t\t\t\t<a href='https:\/\/www.arquimaster.com.ar\/web\/wp-content\/uploads\/2021\/08\/reforma_torre_bizkaia35.jpg' title=\"Reforma integral de la Torre Bizkaia \/ Idom (\u00a9 Aitor Ortiz)\" data-rl_title=\"Reforma integral de la Torre Bizkaia \/ Idom (\u00a9 Aitor Ortiz)\" class=\"rl-gallery-link\" data-rl_caption=\"Reforma integral de la Torre Bizkaia \/ Idom (\u00a9 Aitor Ortiz)\" data-rel=\"lightbox-gallery-3\"><img loading=\"lazy\" decoding=\"async\" width=\"150\" height=\"150\" src=\"https:\/\/www.arquimaster.com.ar\/web\/wp-content\/uploads\/2021\/08\/reforma_torre_bizkaia35-150x150.jpg\" class=\"attachment-thumbnail size-thumbnail\" alt=\"Reforma integral de la Torre Bizkaia \/ Idom\" aria-describedby=\"gallery-3-66753\" \/><\/a>\n\t\t\t<\/div>\n\t\t\t\t<figcaption class='wp-caption-text gallery-caption' id='gallery-3-66753'>\n\t\t\t\tReforma integral de la Torre Bizkaia \/ Idom (\u00a9 Aitor Ortiz)\n\t\t\t\t<\/figcaption><\/figure><figure class='gallery-item'>\n\t\t\t<div class='gallery-icon portrait'>\n\t\t\t\t<a href='https:\/\/www.arquimaster.com.ar\/web\/wp-content\/uploads\/2021\/08\/reforma_torre_bizkaia36.jpg' title=\"Reforma integral de la Torre Bizkaia \/ Idom (\u00a9 Aitor Ortiz)\" data-rl_title=\"Reforma integral de la Torre Bizkaia \/ Idom (\u00a9 Aitor Ortiz)\" class=\"rl-gallery-link\" data-rl_caption=\"Reforma integral de la Torre Bizkaia \/ Idom (\u00a9 Aitor Ortiz)\" data-rel=\"lightbox-gallery-3\"><img loading=\"lazy\" decoding=\"async\" width=\"150\" height=\"150\" src=\"https:\/\/www.arquimaster.com.ar\/web\/wp-content\/uploads\/2021\/08\/reforma_torre_bizkaia36-150x150.jpg\" class=\"attachment-thumbnail size-thumbnail\" alt=\"Reforma integral de la Torre Bizkaia \/ Idom\" aria-describedby=\"gallery-3-66754\" \/><\/a>\n\t\t\t<\/div>\n\t\t\t\t<figcaption class='wp-caption-text gallery-caption' id='gallery-3-66754'>\n\t\t\t\tReforma integral de la Torre Bizkaia \/ Idom (\u00a9 Aitor Ortiz)\n\t\t\t\t<\/figcaption><\/figure><figure class='gallery-item'>\n\t\t\t<div class='gallery-icon portrait'>\n\t\t\t\t<a href='https:\/\/www.arquimaster.com.ar\/web\/wp-content\/uploads\/2021\/08\/reforma_torre_bizkaia37.jpg' title=\"Reforma integral de la Torre Bizkaia \/ Idom (\u00a9 Aitor Ortiz)\" data-rl_title=\"Reforma integral de la Torre Bizkaia \/ Idom (\u00a9 Aitor Ortiz)\" class=\"rl-gallery-link\" data-rl_caption=\"Reforma integral de la Torre Bizkaia \/ Idom (\u00a9 Aitor Ortiz)\" data-rel=\"lightbox-gallery-3\"><img loading=\"lazy\" decoding=\"async\" width=\"150\" height=\"150\" src=\"https:\/\/www.arquimaster.com.ar\/web\/wp-content\/uploads\/2021\/08\/reforma_torre_bizkaia37-150x150.jpg\" class=\"attachment-thumbnail size-thumbnail\" alt=\"Reforma integral de la Torre Bizkaia \/ Idom\" aria-describedby=\"gallery-3-66755\" \/><\/a>\n\t\t\t<\/div>\n\t\t\t\t<figcaption class='wp-caption-text gallery-caption' id='gallery-3-66755'>\n\t\t\t\tReforma integral de la Torre Bizkaia \/ Idom (\u00a9 Aitor Ortiz)\n\t\t\t\t<\/figcaption><\/figure><figure class='gallery-item'>\n\t\t\t<div class='gallery-icon portrait'>\n\t\t\t\t<a href='https:\/\/www.arquimaster.com.ar\/web\/wp-content\/uploads\/2021\/08\/reforma_torre_bizkaia38.jpg' title=\"Reforma integral de la Torre Bizkaia \/ Idom (\u00a9 Aitor Ortiz)\" data-rl_title=\"Reforma integral de la Torre Bizkaia \/ Idom (\u00a9 Aitor Ortiz)\" class=\"rl-gallery-link\" data-rl_caption=\"Reforma integral de la Torre Bizkaia \/ Idom (\u00a9 Aitor Ortiz)\" data-rel=\"lightbox-gallery-3\"><img loading=\"lazy\" decoding=\"async\" width=\"150\" height=\"150\" src=\"https:\/\/www.arquimaster.com.ar\/web\/wp-content\/uploads\/2021\/08\/reforma_torre_bizkaia38-150x150.jpg\" class=\"attachment-thumbnail size-thumbnail\" alt=\"Reforma integral de la Torre Bizkaia \/ Idom\" aria-describedby=\"gallery-3-66756\" \/><\/a>\n\t\t\t<\/div>\n\t\t\t\t<figcaption class='wp-caption-text gallery-caption' id='gallery-3-66756'>\n\t\t\t\tReforma integral de la Torre Bizkaia \/ Idom (\u00a9 Aitor Ortiz)\n\t\t\t\t<\/figcaption><\/figure><figure class='gallery-item'>\n\t\t\t<div class='gallery-icon landscape'>\n\t\t\t\t<a href='https:\/\/www.arquimaster.com.ar\/web\/wp-content\/uploads\/2021\/08\/reforma_torre_bizkaia39.jpg' title=\"Reforma integral de la Torre Bizkaia \/ Idom (\u00a9 Aitor Ortiz)\" data-rl_title=\"Reforma integral de la Torre Bizkaia \/ Idom (\u00a9 Aitor Ortiz)\" class=\"rl-gallery-link\" data-rl_caption=\"Reforma integral de la Torre Bizkaia \/ Idom (\u00a9 Aitor Ortiz)\" data-rel=\"lightbox-gallery-3\"><img loading=\"lazy\" decoding=\"async\" width=\"150\" height=\"150\" src=\"https:\/\/www.arquimaster.com.ar\/web\/wp-content\/uploads\/2021\/08\/reforma_torre_bizkaia39-150x150.jpg\" class=\"attachment-thumbnail size-thumbnail\" alt=\"Reforma integral de la Torre Bizkaia \/ Idom\" aria-describedby=\"gallery-3-66757\" \/><\/a>\n\t\t\t<\/div>\n\t\t\t\t<figcaption class='wp-caption-text gallery-caption' id='gallery-3-66757'>\n\t\t\t\tReforma integral de la Torre Bizkaia \/ Idom (\u00a9 Aitor Ortiz)\n\t\t\t\t<\/figcaption><\/figure><figure class='gallery-item'>\n\t\t\t<div class='gallery-icon portrait'>\n\t\t\t\t<a href='https:\/\/www.arquimaster.com.ar\/web\/wp-content\/uploads\/2021\/08\/reforma_torre_bizkaia40.jpg' title=\"Reforma integral de la Torre Bizkaia \/ Idom (\u00a9 Aitor Ortiz)\" data-rl_title=\"Reforma integral de la Torre Bizkaia \/ Idom (\u00a9 Aitor Ortiz)\" class=\"rl-gallery-link\" data-rl_caption=\"Reforma integral de la Torre Bizkaia \/ Idom (\u00a9 Aitor Ortiz)\" data-rel=\"lightbox-gallery-3\"><img loading=\"lazy\" decoding=\"async\" width=\"150\" height=\"150\" src=\"https:\/\/www.arquimaster.com.ar\/web\/wp-content\/uploads\/2021\/08\/reforma_torre_bizkaia40-150x150.jpg\" class=\"attachment-thumbnail size-thumbnail\" alt=\"Reforma integral de la Torre Bizkaia \/ Idom\" aria-describedby=\"gallery-3-66758\" \/><\/a>\n\t\t\t<\/div>\n\t\t\t\t<figcaption class='wp-caption-text gallery-caption' id='gallery-3-66758'>\n\t\t\t\tReforma integral de la Torre Bizkaia \/ Idom (\u00a9 Aitor Ortiz)\n\t\t\t\t<\/figcaption><\/figure><figure class='gallery-item'>\n\t\t\t<div class='gallery-icon landscape'>\n\t\t\t\t<a href='https:\/\/www.arquimaster.com.ar\/web\/wp-content\/uploads\/2021\/08\/reforma_torre_bizkaia41.jpg' title=\"Reforma integral de la Torre Bizkaia \/ Idom (\u00a9 Aitor Ortiz)Reforma integral de la Torre Bizkaia \/ Idom (\u00a9 Aitor Ortiz)\" data-rl_title=\"Reforma integral de la Torre Bizkaia \/ Idom (\u00a9 Aitor Ortiz)Reforma integral de la Torre Bizkaia \/ Idom (\u00a9 Aitor Ortiz)\" class=\"rl-gallery-link\" data-rl_caption=\"Reforma integral de la Torre Bizkaia \/ Idom (\u00a9 Aitor Ortiz)Reforma integral de la Torre Bizkaia \/ Idom (\u00a9 Aitor Ortiz)\" data-rel=\"lightbox-gallery-3\"><img loading=\"lazy\" decoding=\"async\" width=\"150\" height=\"150\" src=\"https:\/\/www.arquimaster.com.ar\/web\/wp-content\/uploads\/2021\/08\/reforma_torre_bizkaia41-150x150.jpg\" class=\"attachment-thumbnail size-thumbnail\" alt=\"Reforma integral de la Torre Bizkaia \/ Idom\" aria-describedby=\"gallery-3-66759\" \/><\/a>\n\t\t\t<\/div>\n\t\t\t\t<figcaption class='wp-caption-text gallery-caption' id='gallery-3-66759'>\n\t\t\t\tReforma integral de la Torre Bizkaia \/ Idom (\u00a9 Aitor Ortiz)Reforma integral de la Torre Bizkaia \/ Idom (\u00a9 Aitor Ortiz)\n\t\t\t\t<\/figcaption><\/figure><figure class='gallery-item'>\n\t\t\t<div class='gallery-icon landscape'>\n\t\t\t\t<a href='https:\/\/www.arquimaster.com.ar\/web\/wp-content\/uploads\/2021\/08\/reforma_torre_bizkaia42.jpg' title=\"Reforma integral de la Torre Bizkaia \/ Idom (\u00a9 Aitor Ortiz)\" data-rl_title=\"Reforma integral de la Torre Bizkaia \/ Idom (\u00a9 Aitor Ortiz)\" class=\"rl-gallery-link\" data-rl_caption=\"Reforma integral de la Torre Bizkaia \/ Idom (\u00a9 Aitor Ortiz)\" data-rel=\"lightbox-gallery-3\"><img loading=\"lazy\" decoding=\"async\" width=\"150\" height=\"150\" src=\"https:\/\/www.arquimaster.com.ar\/web\/wp-content\/uploads\/2021\/08\/reforma_torre_bizkaia42-150x150.jpg\" class=\"attachment-thumbnail size-thumbnail\" alt=\"Reforma integral de la Torre Bizkaia \/ Idom\" aria-describedby=\"gallery-3-66760\" \/><\/a>\n\t\t\t<\/div>\n\t\t\t\t<figcaption class='wp-caption-text gallery-caption' id='gallery-3-66760'>\n\t\t\t\tReforma integral de la Torre Bizkaia \/ Idom (\u00a9 Aitor Ortiz)\n\t\t\t\t<\/figcaption><\/figure><figure class='gallery-item'>\n\t\t\t<div class='gallery-icon landscape'>\n\t\t\t\t<a href='https:\/\/www.arquimaster.com.ar\/web\/wp-content\/uploads\/2021\/08\/reforma_torre_bizkaia43.jpg' title=\"Reforma integral de la Torre Bizkaia \/ Idom (\u00a9 Aitor Ortiz)\" data-rl_title=\"Reforma integral de la Torre Bizkaia \/ Idom (\u00a9 Aitor Ortiz)\" class=\"rl-gallery-link\" data-rl_caption=\"Reforma integral de la Torre Bizkaia \/ Idom (\u00a9 Aitor Ortiz)\" data-rel=\"lightbox-gallery-3\"><img loading=\"lazy\" decoding=\"async\" width=\"150\" height=\"150\" src=\"https:\/\/www.arquimaster.com.ar\/web\/wp-content\/uploads\/2021\/08\/reforma_torre_bizkaia43-150x150.jpg\" class=\"attachment-thumbnail size-thumbnail\" alt=\"Reforma integral de la Torre Bizkaia \/ Idom\" aria-describedby=\"gallery-3-66761\" \/><\/a>\n\t\t\t<\/div>\n\t\t\t\t<figcaption class='wp-caption-text gallery-caption' id='gallery-3-66761'>\n\t\t\t\tReforma integral de la Torre Bizkaia \/ Idom (\u00a9 Aitor Ortiz)\n\t\t\t\t<\/figcaption><\/figure><figure class='gallery-item'>\n\t\t\t<div class='gallery-icon landscape'>\n\t\t\t\t<a href='https:\/\/www.arquimaster.com.ar\/web\/wp-content\/uploads\/2021\/08\/reforma_torre_bizkaia44.jpg' title=\"Reforma integral de la Torre Bizkaia \/ Idom (\u00a9 Aitor Ortiz)\" data-rl_title=\"Reforma integral de la Torre Bizkaia \/ Idom (\u00a9 Aitor Ortiz)\" class=\"rl-gallery-link\" data-rl_caption=\"Reforma integral de la Torre Bizkaia \/ Idom (\u00a9 Aitor Ortiz)\" data-rel=\"lightbox-gallery-3\"><img loading=\"lazy\" decoding=\"async\" width=\"150\" height=\"150\" src=\"https:\/\/www.arquimaster.com.ar\/web\/wp-content\/uploads\/2021\/08\/reforma_torre_bizkaia44-150x150.jpg\" class=\"attachment-thumbnail size-thumbnail\" alt=\"Reforma integral de la Torre Bizkaia \/ Idom\" aria-describedby=\"gallery-3-66762\" \/><\/a>\n\t\t\t<\/div>\n\t\t\t\t<figcaption class='wp-caption-text gallery-caption' id='gallery-3-66762'>\n\t\t\t\tReforma integral de la Torre Bizkaia \/ Idom (\u00a9 Aitor Ortiz)\n\t\t\t\t<\/figcaption><\/figure><figure class='gallery-item'>\n\t\t\t<div class='gallery-icon portrait'>\n\t\t\t\t<a href='https:\/\/www.arquimaster.com.ar\/web\/wp-content\/uploads\/2021\/08\/reforma_torre_bizkaia45.jpg' title=\"Reforma integral de la Torre Bizkaia \/ Idom (\u00a9 Aitor Ortiz)\" data-rl_title=\"Reforma integral de la Torre Bizkaia \/ Idom (\u00a9 Aitor Ortiz)\" class=\"rl-gallery-link\" data-rl_caption=\"Reforma integral de la Torre Bizkaia \/ Idom (\u00a9 Aitor Ortiz)\" data-rel=\"lightbox-gallery-3\"><img loading=\"lazy\" decoding=\"async\" width=\"150\" height=\"150\" src=\"https:\/\/www.arquimaster.com.ar\/web\/wp-content\/uploads\/2021\/08\/reforma_torre_bizkaia45-150x150.jpg\" class=\"attachment-thumbnail size-thumbnail\" alt=\"Reforma integral de la Torre Bizkaia \/ Idom\" aria-describedby=\"gallery-3-66763\" \/><\/a>\n\t\t\t<\/div>\n\t\t\t\t<figcaption class='wp-caption-text gallery-caption' id='gallery-3-66763'>\n\t\t\t\tReforma integral de la Torre Bizkaia \/ Idom (\u00a9 Aitor Ortiz)\n\t\t\t\t<\/figcaption><\/figure>\n\t\t<\/div>\n\n<p>La fachada original estaba compuesta principalmente por un muro cortina (sistema stick) con montantes y travesa\u00f1os de aluminio. Este muro cortina intercalaba pa\u00f1os acristalados y m\u00f3dulos ciegos. Los pa\u00f1os acristalados, que supon\u00edan un 40% de la superficie de la fachada, estaban compuestos principalmente por vidrios con c\u00e1mara de 2,4 m de ancho por 2,2 m de alto, si bien en el cuerpo bajo y coronaci\u00f3n de la torre dispon\u00eda de vidrios de menores dimensiones donde la modulaci\u00f3n era de 1,2 m de ancho por 2,2 m de alto. El tipo de vidrio instalado originalmente se denominaba comercialmente como \u201cpink-rosa\u201d que proporcionaban el color caracter\u00edstico del edificio, especialmente en d\u00edas nublados.<\/p>\n<p>Los m\u00f3dulos ciegos estaban formados por un panel s\u00e1ndwich sin apenas aislamiento y que dispon\u00eda en su cara exterior de un panel de aluminio fundido a efectos exclusivamente decorativos. Este panel estaba separado unos cent\u00edmetros del panel s\u00e1ndwich, sujet\u00e1ndose en sus 4 extremos con fijaciones puntuales. En las zonas ciegas del edificio, tras el n\u00facleo de ascensores y escalera de emergencia, la fachada estaba compuesta por una fachada de f\u00e1brica sin aislamiento, donde tambi\u00e9n se instalaron paneles de aluminio fundido decorativo, que se atornillaron directamente al cierre de alba\u00f1iler\u00eda.<\/p>\n<div id='gallery-4' class='gallery galleryid-66717 gallery-columns-3 gallery-size-thumbnail'><figure class='gallery-item'>\n\t\t\t<div class='gallery-icon landscape'>\n\t\t\t\t<a href='https:\/\/www.arquimaster.com.ar\/web\/wp-content\/uploads\/2021\/08\/reforma_torre_bizkaia46.jpg' title=\"Reforma integral de la Torre Bizkaia \/ Idom (\u00a9 Aitor Ortiz)\" data-rl_title=\"Reforma integral de la Torre Bizkaia \/ Idom (\u00a9 Aitor Ortiz)\" class=\"rl-gallery-link\" data-rl_caption=\"Reforma integral de la Torre Bizkaia \/ Idom (\u00a9 Aitor Ortiz)\" data-rel=\"lightbox-gallery-4\"><img loading=\"lazy\" decoding=\"async\" width=\"150\" height=\"150\" src=\"https:\/\/www.arquimaster.com.ar\/web\/wp-content\/uploads\/2021\/08\/reforma_torre_bizkaia46-150x150.jpg\" class=\"attachment-thumbnail size-thumbnail\" alt=\"Reforma integral de la Torre Bizkaia \/ Idom\" aria-describedby=\"gallery-4-66764\" \/><\/a>\n\t\t\t<\/div>\n\t\t\t\t<figcaption class='wp-caption-text gallery-caption' id='gallery-4-66764'>\n\t\t\t\tReforma integral de la Torre Bizkaia \/ Idom (\u00a9 Aitor Ortiz)\n\t\t\t\t<\/figcaption><\/figure><figure class='gallery-item'>\n\t\t\t<div class='gallery-icon landscape'>\n\t\t\t\t<a href='https:\/\/www.arquimaster.com.ar\/web\/wp-content\/uploads\/2021\/08\/reforma_torre_bizkaia47.jpg' title=\"Reforma integral de la Torre Bizkaia \/ Idom (\u00a9 Aitor Ortiz)\" data-rl_title=\"Reforma integral de la Torre Bizkaia \/ Idom (\u00a9 Aitor Ortiz)\" class=\"rl-gallery-link\" data-rl_caption=\"Reforma integral de la Torre Bizkaia \/ Idom (\u00a9 Aitor Ortiz)\" data-rel=\"lightbox-gallery-4\"><img loading=\"lazy\" decoding=\"async\" width=\"150\" height=\"150\" src=\"https:\/\/www.arquimaster.com.ar\/web\/wp-content\/uploads\/2021\/08\/reforma_torre_bizkaia47-150x150.jpg\" class=\"attachment-thumbnail size-thumbnail\" alt=\"Reforma integral de la Torre Bizkaia \/ Idom\" aria-describedby=\"gallery-4-66765\" \/><\/a>\n\t\t\t<\/div>\n\t\t\t\t<figcaption class='wp-caption-text gallery-caption' id='gallery-4-66765'>\n\t\t\t\tReforma integral de la Torre Bizkaia \/ Idom (\u00a9 Aitor Ortiz)\n\t\t\t\t<\/figcaption><\/figure><figure class='gallery-item'>\n\t\t\t<div class='gallery-icon landscape'>\n\t\t\t\t<a href='https:\/\/www.arquimaster.com.ar\/web\/wp-content\/uploads\/2021\/08\/reforma_torre_bizkaia48.jpg' title=\"Reforma integral de la Torre Bizkaia \/ Idom (\u00a9 Aitor Ortiz)\" data-rl_title=\"Reforma integral de la Torre Bizkaia \/ Idom (\u00a9 Aitor Ortiz)\" class=\"rl-gallery-link\" data-rl_caption=\"Reforma integral de la Torre Bizkaia \/ Idom (\u00a9 Aitor Ortiz)\" data-rel=\"lightbox-gallery-4\"><img loading=\"lazy\" decoding=\"async\" width=\"150\" height=\"150\" src=\"https:\/\/www.arquimaster.com.ar\/web\/wp-content\/uploads\/2021\/08\/reforma_torre_bizkaia48-150x150.jpg\" class=\"attachment-thumbnail size-thumbnail\" alt=\"Reforma integral de la Torre Bizkaia \/ Idom\" aria-describedby=\"gallery-4-66766\" \/><\/a>\n\t\t\t<\/div>\n\t\t\t\t<figcaption class='wp-caption-text gallery-caption' id='gallery-4-66766'>\n\t\t\t\tReforma integral de la Torre Bizkaia \/ Idom (\u00a9 Aitor Ortiz)\n\t\t\t\t<\/figcaption><\/figure><figure class='gallery-item'>\n\t\t\t<div class='gallery-icon landscape'>\n\t\t\t\t<a href='https:\/\/www.arquimaster.com.ar\/web\/wp-content\/uploads\/2021\/08\/reforma_torre_bizkaia49.jpg' title=\"Reforma integral de la Torre Bizkaia \/ Idom (\u00a9 Aitor Ortiz)\" data-rl_title=\"Reforma integral de la Torre Bizkaia \/ Idom (\u00a9 Aitor Ortiz)\" class=\"rl-gallery-link\" data-rl_caption=\"Reforma integral de la Torre Bizkaia \/ Idom (\u00a9 Aitor Ortiz)\" data-rel=\"lightbox-gallery-4\"><img loading=\"lazy\" decoding=\"async\" width=\"150\" height=\"150\" src=\"https:\/\/www.arquimaster.com.ar\/web\/wp-content\/uploads\/2021\/08\/reforma_torre_bizkaia49-150x150.jpg\" class=\"attachment-thumbnail size-thumbnail\" alt=\"Reforma integral de la Torre Bizkaia \/ Idom\" aria-describedby=\"gallery-4-66767\" \/><\/a>\n\t\t\t<\/div>\n\t\t\t\t<figcaption class='wp-caption-text gallery-caption' id='gallery-4-66767'>\n\t\t\t\tReforma integral de la Torre Bizkaia \/ Idom (\u00a9 Aitor Ortiz)\n\t\t\t\t<\/figcaption><\/figure><figure class='gallery-item'>\n\t\t\t<div class='gallery-icon landscape'>\n\t\t\t\t<a href='https:\/\/www.arquimaster.com.ar\/web\/wp-content\/uploads\/2021\/08\/reforma_torre_bizkaia50.jpg' title=\"Reforma integral de la Torre Bizkaia \/ Idom (\u00a9 Aitor Ortiz)\" data-rl_title=\"Reforma integral de la Torre Bizkaia \/ Idom (\u00a9 Aitor Ortiz)\" class=\"rl-gallery-link\" data-rl_caption=\"Reforma integral de la Torre Bizkaia \/ Idom (\u00a9 Aitor Ortiz)\" data-rel=\"lightbox-gallery-4\"><img loading=\"lazy\" decoding=\"async\" width=\"150\" height=\"150\" src=\"https:\/\/www.arquimaster.com.ar\/web\/wp-content\/uploads\/2021\/08\/reforma_torre_bizkaia50-150x150.jpg\" class=\"attachment-thumbnail size-thumbnail\" alt=\"Reforma integral de la Torre Bizkaia \/ Idom\" aria-describedby=\"gallery-4-66768\" \/><\/a>\n\t\t\t<\/div>\n\t\t\t\t<figcaption class='wp-caption-text gallery-caption' id='gallery-4-66768'>\n\t\t\t\tReforma integral de la Torre Bizkaia \/ Idom (\u00a9 Aitor Ortiz)\n\t\t\t\t<\/figcaption><\/figure><figure class='gallery-item'>\n\t\t\t<div class='gallery-icon portrait'>\n\t\t\t\t<a href='https:\/\/www.arquimaster.com.ar\/web\/wp-content\/uploads\/2021\/08\/reforma_torre_bizkaia51.jpg' title=\"Reforma integral de la Torre Bizkaia \/ Idom (\u00a9 Aitor Ortiz)\" data-rl_title=\"Reforma integral de la Torre Bizkaia \/ Idom (\u00a9 Aitor Ortiz)\" class=\"rl-gallery-link\" data-rl_caption=\"Reforma integral de la Torre Bizkaia \/ Idom (\u00a9 Aitor Ortiz)\" data-rel=\"lightbox-gallery-4\"><img loading=\"lazy\" decoding=\"async\" width=\"150\" height=\"150\" src=\"https:\/\/www.arquimaster.com.ar\/web\/wp-content\/uploads\/2021\/08\/reforma_torre_bizkaia51-150x150.jpg\" class=\"attachment-thumbnail size-thumbnail\" alt=\"Reforma integral de la Torre Bizkaia \/ Idom\" aria-describedby=\"gallery-4-66769\" \/><\/a>\n\t\t\t<\/div>\n\t\t\t\t<figcaption class='wp-caption-text gallery-caption' id='gallery-4-66769'>\n\t\t\t\tReforma integral de la Torre Bizkaia \/ Idom (\u00a9 Aitor Ortiz)\n\t\t\t\t<\/figcaption><\/figure><figure class='gallery-item'>\n\t\t\t<div class='gallery-icon portrait'>\n\t\t\t\t<a href='https:\/\/www.arquimaster.com.ar\/web\/wp-content\/uploads\/2021\/08\/reforma_torre_bizkaia52.jpg' title=\"Reforma integral de la Torre Bizkaia \/ Idom (\u00a9 Aitor Ortiz)\" data-rl_title=\"Reforma integral de la Torre Bizkaia \/ Idom (\u00a9 Aitor Ortiz)\" class=\"rl-gallery-link\" data-rl_caption=\"Reforma integral de la Torre Bizkaia \/ Idom (\u00a9 Aitor Ortiz)\" data-rel=\"lightbox-gallery-4\"><img loading=\"lazy\" decoding=\"async\" width=\"150\" height=\"150\" src=\"https:\/\/www.arquimaster.com.ar\/web\/wp-content\/uploads\/2021\/08\/reforma_torre_bizkaia52-150x150.jpg\" class=\"attachment-thumbnail size-thumbnail\" alt=\"Reforma integral de la Torre Bizkaia \/ Idom\" aria-describedby=\"gallery-4-66770\" \/><\/a>\n\t\t\t<\/div>\n\t\t\t\t<figcaption class='wp-caption-text gallery-caption' id='gallery-4-66770'>\n\t\t\t\tReforma integral de la Torre Bizkaia \/ Idom (\u00a9 Aitor Ortiz)\n\t\t\t\t<\/figcaption><\/figure><figure class='gallery-item'>\n\t\t\t<div class='gallery-icon landscape'>\n\t\t\t\t<a href='https:\/\/www.arquimaster.com.ar\/web\/wp-content\/uploads\/2021\/08\/reforma_torre_bizkaia53.jpg' title=\"Reforma integral de la Torre Bizkaia \/ Idom (planta baja)\" data-rl_title=\"Reforma integral de la Torre Bizkaia \/ Idom (planta baja)\" class=\"rl-gallery-link\" data-rl_caption=\"Reforma integral de la Torre Bizkaia \/ Idom (planta baja)\" data-rel=\"lightbox-gallery-4\"><img loading=\"lazy\" decoding=\"async\" width=\"150\" height=\"150\" src=\"https:\/\/www.arquimaster.com.ar\/web\/wp-content\/uploads\/2021\/08\/reforma_torre_bizkaia53-150x150.jpg\" class=\"attachment-thumbnail size-thumbnail\" alt=\"Reforma integral de la Torre Bizkaia \/ Idom\" aria-describedby=\"gallery-4-66771\" \/><\/a>\n\t\t\t<\/div>\n\t\t\t\t<figcaption class='wp-caption-text gallery-caption' id='gallery-4-66771'>\n\t\t\t\tReforma integral de la Torre Bizkaia \/ Idom (planta baja)\n\t\t\t\t<\/figcaption><\/figure><figure class='gallery-item'>\n\t\t\t<div class='gallery-icon landscape'>\n\t\t\t\t<a href='https:\/\/www.arquimaster.com.ar\/web\/wp-content\/uploads\/2021\/08\/reforma_torre_bizkaia54.jpg' title=\"Reforma integral de la Torre Bizkaia \/ Idom (planta nivel 1)\" data-rl_title=\"Reforma integral de la Torre Bizkaia \/ Idom (planta nivel 1)\" class=\"rl-gallery-link\" data-rl_caption=\"Reforma integral de la Torre Bizkaia \/ Idom (planta nivel 1)\" data-rel=\"lightbox-gallery-4\"><img loading=\"lazy\" decoding=\"async\" width=\"150\" height=\"150\" src=\"https:\/\/www.arquimaster.com.ar\/web\/wp-content\/uploads\/2021\/08\/reforma_torre_bizkaia54-150x150.jpg\" class=\"attachment-thumbnail size-thumbnail\" alt=\"Reforma integral de la Torre Bizkaia \/ Idom\" aria-describedby=\"gallery-4-66772\" \/><\/a>\n\t\t\t<\/div>\n\t\t\t\t<figcaption class='wp-caption-text gallery-caption' id='gallery-4-66772'>\n\t\t\t\tReforma integral de la Torre Bizkaia \/ Idom (planta nivel 1)\n\t\t\t\t<\/figcaption><\/figure><figure class='gallery-item'>\n\t\t\t<div class='gallery-icon landscape'>\n\t\t\t\t<a href='https:\/\/www.arquimaster.com.ar\/web\/wp-content\/uploads\/2021\/08\/reforma_torre_bizkaia55.jpg' title=\"Reforma integral de la Torre Bizkaia \/ Idom (planta nivel 2-4)\" data-rl_title=\"Reforma integral de la Torre Bizkaia \/ Idom (planta nivel 2-4)\" class=\"rl-gallery-link\" data-rl_caption=\"Reforma integral de la Torre Bizkaia \/ Idom (planta nivel 2-4)\" data-rel=\"lightbox-gallery-4\"><img loading=\"lazy\" decoding=\"async\" width=\"150\" height=\"150\" src=\"https:\/\/www.arquimaster.com.ar\/web\/wp-content\/uploads\/2021\/08\/reforma_torre_bizkaia55-150x150.jpg\" class=\"attachment-thumbnail size-thumbnail\" alt=\"Reforma integral de la Torre Bizkaia \/ Idom\" aria-describedby=\"gallery-4-66773\" \/><\/a>\n\t\t\t<\/div>\n\t\t\t\t<figcaption class='wp-caption-text gallery-caption' id='gallery-4-66773'>\n\t\t\t\tReforma integral de la Torre Bizkaia \/ Idom (planta nivel 2-4)\n\t\t\t\t<\/figcaption><\/figure><figure class='gallery-item'>\n\t\t\t<div class='gallery-icon landscape'>\n\t\t\t\t<a href='https:\/\/www.arquimaster.com.ar\/web\/wp-content\/uploads\/2021\/08\/reforma_torre_bizkaia56.jpg' title=\"Reforma integral de la Torre Bizkaia \/ Idom (planta nivel 5)\" data-rl_title=\"Reforma integral de la Torre Bizkaia \/ Idom (planta nivel 5)\" class=\"rl-gallery-link\" data-rl_caption=\"Reforma integral de la Torre Bizkaia \/ Idom (planta nivel 5)\" data-rel=\"lightbox-gallery-4\"><img loading=\"lazy\" decoding=\"async\" width=\"150\" height=\"150\" src=\"https:\/\/www.arquimaster.com.ar\/web\/wp-content\/uploads\/2021\/08\/reforma_torre_bizkaia56-150x150.jpg\" class=\"attachment-thumbnail size-thumbnail\" alt=\"Reforma integral de la Torre Bizkaia \/ Idom\" aria-describedby=\"gallery-4-66774\" \/><\/a>\n\t\t\t<\/div>\n\t\t\t\t<figcaption class='wp-caption-text gallery-caption' id='gallery-4-66774'>\n\t\t\t\tReforma integral de la Torre Bizkaia \/ Idom (planta nivel 5)\n\t\t\t\t<\/figcaption><\/figure><figure class='gallery-item'>\n\t\t\t<div class='gallery-icon landscape'>\n\t\t\t\t<a href='https:\/\/www.arquimaster.com.ar\/web\/wp-content\/uploads\/2021\/08\/reforma_torre_bizkaia57.jpg' title=\"Reforma integral de la Torre Bizkaia \/ Idom (planta nivel 6)\" data-rl_title=\"Reforma integral de la Torre Bizkaia \/ Idom (planta nivel 6)\" class=\"rl-gallery-link\" data-rl_caption=\"Reforma integral de la Torre Bizkaia \/ Idom (planta nivel 6)\" data-rel=\"lightbox-gallery-4\"><img loading=\"lazy\" decoding=\"async\" width=\"150\" height=\"150\" src=\"https:\/\/www.arquimaster.com.ar\/web\/wp-content\/uploads\/2021\/08\/reforma_torre_bizkaia57-150x150.jpg\" class=\"attachment-thumbnail size-thumbnail\" alt=\"Reforma integral de la Torre Bizkaia \/ Idom\" aria-describedby=\"gallery-4-66775\" \/><\/a>\n\t\t\t<\/div>\n\t\t\t\t<figcaption class='wp-caption-text gallery-caption' id='gallery-4-66775'>\n\t\t\t\tReforma integral de la Torre Bizkaia \/ Idom (planta nivel 6)\n\t\t\t\t<\/figcaption><\/figure><figure class='gallery-item'>\n\t\t\t<div class='gallery-icon landscape'>\n\t\t\t\t<a href='https:\/\/www.arquimaster.com.ar\/web\/wp-content\/uploads\/2021\/08\/reforma_torre_bizkaia58.jpg' title=\"Reforma integral de la Torre Bizkaia \/ Idom (planta nivel 7)\" data-rl_title=\"Reforma integral de la Torre Bizkaia \/ Idom (planta nivel 7)\" class=\"rl-gallery-link\" data-rl_caption=\"Reforma integral de la Torre Bizkaia \/ Idom (planta nivel 7)\" data-rel=\"lightbox-gallery-4\"><img loading=\"lazy\" decoding=\"async\" width=\"150\" height=\"150\" src=\"https:\/\/www.arquimaster.com.ar\/web\/wp-content\/uploads\/2021\/08\/reforma_torre_bizkaia58-150x150.jpg\" class=\"attachment-thumbnail size-thumbnail\" alt=\"Reforma integral de la Torre Bizkaia \/ Idom\" aria-describedby=\"gallery-4-66776\" \/><\/a>\n\t\t\t<\/div>\n\t\t\t\t<figcaption class='wp-caption-text gallery-caption' id='gallery-4-66776'>\n\t\t\t\tReforma integral de la Torre Bizkaia \/ Idom (planta nivel 7)\n\t\t\t\t<\/figcaption><\/figure><figure class='gallery-item'>\n\t\t\t<div class='gallery-icon landscape'>\n\t\t\t\t<a href='https:\/\/www.arquimaster.com.ar\/web\/wp-content\/uploads\/2021\/08\/reforma_torre_bizkaia59.jpg' title=\"Reforma integral de la Torre Bizkaia \/ Idom (planta nivel 8-18)\" data-rl_title=\"Reforma integral de la Torre Bizkaia \/ Idom (planta nivel 8-18)\" class=\"rl-gallery-link\" data-rl_caption=\"Reforma integral de la Torre Bizkaia \/ Idom (planta nivel 8-18)\" data-rel=\"lightbox-gallery-4\"><img loading=\"lazy\" decoding=\"async\" width=\"150\" height=\"150\" src=\"https:\/\/www.arquimaster.com.ar\/web\/wp-content\/uploads\/2021\/08\/reforma_torre_bizkaia59-150x150.jpg\" class=\"attachment-thumbnail size-thumbnail\" alt=\"Reforma integral de la Torre Bizkaia \/ Idom\" aria-describedby=\"gallery-4-66777\" \/><\/a>\n\t\t\t<\/div>\n\t\t\t\t<figcaption class='wp-caption-text gallery-caption' id='gallery-4-66777'>\n\t\t\t\tReforma integral de la Torre Bizkaia \/ Idom (planta nivel 8-18)\n\t\t\t\t<\/figcaption><\/figure><figure class='gallery-item'>\n\t\t\t<div class='gallery-icon landscape'>\n\t\t\t\t<a href='https:\/\/www.arquimaster.com.ar\/web\/wp-content\/uploads\/2021\/08\/reforma_torre_bizkaia60.jpg' title=\"Reforma integral de la Torre Bizkaia \/ Idom (planta nivel 10-16)\" data-rl_title=\"Reforma integral de la Torre Bizkaia \/ Idom (planta nivel 10-16)\" class=\"rl-gallery-link\" data-rl_caption=\"Reforma integral de la Torre Bizkaia \/ Idom (planta nivel 10-16)\" data-rel=\"lightbox-gallery-4\"><img loading=\"lazy\" decoding=\"async\" width=\"150\" height=\"150\" src=\"https:\/\/www.arquimaster.com.ar\/web\/wp-content\/uploads\/2021\/08\/reforma_torre_bizkaia60-150x150.jpg\" class=\"attachment-thumbnail size-thumbnail\" alt=\"Reforma integral de la Torre Bizkaia \/ Idom\" aria-describedby=\"gallery-4-66778\" \/><\/a>\n\t\t\t<\/div>\n\t\t\t\t<figcaption class='wp-caption-text gallery-caption' id='gallery-4-66778'>\n\t\t\t\tReforma integral de la Torre Bizkaia \/ Idom (planta nivel 10-16)\n\t\t\t\t<\/figcaption><\/figure><figure class='gallery-item'>\n\t\t\t<div class='gallery-icon landscape'>\n\t\t\t\t<a href='https:\/\/www.arquimaster.com.ar\/web\/wp-content\/uploads\/2021\/08\/reforma_torre_bizkaia61.jpg' title=\"Reforma integral de la Torre Bizkaia \/ Idom (planta nivel 19)\" data-rl_title=\"Reforma integral de la Torre Bizkaia \/ Idom (planta nivel 19)\" class=\"rl-gallery-link\" data-rl_caption=\"Reforma integral de la Torre Bizkaia \/ Idom (planta nivel 19)\" data-rel=\"lightbox-gallery-4\"><img loading=\"lazy\" decoding=\"async\" width=\"150\" height=\"150\" src=\"https:\/\/www.arquimaster.com.ar\/web\/wp-content\/uploads\/2021\/08\/reforma_torre_bizkaia61-150x150.jpg\" class=\"attachment-thumbnail size-thumbnail\" alt=\"Reforma integral de la Torre Bizkaia \/ Idom\" aria-describedby=\"gallery-4-66779\" \/><\/a>\n\t\t\t<\/div>\n\t\t\t\t<figcaption class='wp-caption-text gallery-caption' id='gallery-4-66779'>\n\t\t\t\tReforma integral de la Torre Bizkaia \/ Idom (planta nivel 19)\n\t\t\t\t<\/figcaption><\/figure><figure class='gallery-item'>\n\t\t\t<div class='gallery-icon landscape'>\n\t\t\t\t<a href='https:\/\/www.arquimaster.com.ar\/web\/wp-content\/uploads\/2021\/08\/reforma_torre_bizkaia62.jpg' title=\"Reforma integral de la Torre Bizkaia \/ Idom (planta nivel 20)\" data-rl_title=\"Reforma integral de la Torre Bizkaia \/ Idom (planta nivel 20)\" class=\"rl-gallery-link\" data-rl_caption=\"Reforma integral de la Torre Bizkaia \/ Idom (planta nivel 20)\" data-rel=\"lightbox-gallery-4\"><img loading=\"lazy\" decoding=\"async\" width=\"150\" height=\"150\" src=\"https:\/\/www.arquimaster.com.ar\/web\/wp-content\/uploads\/2021\/08\/reforma_torre_bizkaia62-150x150.jpg\" class=\"attachment-thumbnail size-thumbnail\" alt=\"Reforma integral de la Torre Bizkaia \/ Idom\" aria-describedby=\"gallery-4-66780\" \/><\/a>\n\t\t\t<\/div>\n\t\t\t\t<figcaption class='wp-caption-text gallery-caption' id='gallery-4-66780'>\n\t\t\t\tReforma integral de la Torre Bizkaia \/ Idom (planta nivel 20)\n\t\t\t\t<\/figcaption><\/figure><figure class='gallery-item'>\n\t\t\t<div class='gallery-icon landscape'>\n\t\t\t\t<a href='https:\/\/www.arquimaster.com.ar\/web\/wp-content\/uploads\/2021\/08\/reforma_torre_bizkaia63.jpg' title=\"Reforma integral de la Torre Bizkaia \/ Idom (planta nivel 21)\" data-rl_title=\"Reforma integral de la Torre Bizkaia \/ Idom (planta nivel 21)\" class=\"rl-gallery-link\" data-rl_caption=\"Reforma integral de la Torre Bizkaia \/ Idom (planta nivel 21)\" data-rel=\"lightbox-gallery-4\"><img loading=\"lazy\" decoding=\"async\" width=\"150\" height=\"150\" src=\"https:\/\/www.arquimaster.com.ar\/web\/wp-content\/uploads\/2021\/08\/reforma_torre_bizkaia63-150x150.jpg\" class=\"attachment-thumbnail size-thumbnail\" alt=\"Reforma integral de la Torre Bizkaia \/ Idom\" aria-describedby=\"gallery-4-66781\" \/><\/a>\n\t\t\t<\/div>\n\t\t\t\t<figcaption class='wp-caption-text gallery-caption' id='gallery-4-66781'>\n\t\t\t\tReforma integral de la Torre Bizkaia \/ Idom (planta nivel 21)\n\t\t\t\t<\/figcaption><\/figure><figure class='gallery-item'>\n\t\t\t<div class='gallery-icon landscape'>\n\t\t\t\t<a href='https:\/\/www.arquimaster.com.ar\/web\/wp-content\/uploads\/2021\/08\/reforma_torre_bizkaia64.jpg' title=\"Reforma integral de la Torre Bizkaia \/ Idom (planta s\u00f3tano nivel -1)\" data-rl_title=\"Reforma integral de la Torre Bizkaia \/ Idom (planta s\u00f3tano nivel -1)\" class=\"rl-gallery-link\" data-rl_caption=\"Reforma integral de la Torre Bizkaia \/ Idom (planta s\u00f3tano nivel -1)\" data-rel=\"lightbox-gallery-4\"><img loading=\"lazy\" decoding=\"async\" width=\"150\" height=\"150\" src=\"https:\/\/www.arquimaster.com.ar\/web\/wp-content\/uploads\/2021\/08\/reforma_torre_bizkaia64-150x150.jpg\" class=\"attachment-thumbnail size-thumbnail\" alt=\"Reforma integral de la Torre Bizkaia \/ Idom\" aria-describedby=\"gallery-4-66782\" \/><\/a>\n\t\t\t<\/div>\n\t\t\t\t<figcaption class='wp-caption-text gallery-caption' id='gallery-4-66782'>\n\t\t\t\tReforma integral de la Torre Bizkaia \/ Idom (planta s\u00f3tano nivel -1)\n\t\t\t\t<\/figcaption><\/figure><figure class='gallery-item'>\n\t\t\t<div class='gallery-icon landscape'>\n\t\t\t\t<a href='https:\/\/www.arquimaster.com.ar\/web\/wp-content\/uploads\/2021\/08\/reforma_torre_bizkaia65.jpg' title=\"Reforma integral de la Torre Bizkaia \/ Idom (planta s\u00f3tano nivel -2)\" data-rl_title=\"Reforma integral de la Torre Bizkaia \/ Idom (planta s\u00f3tano nivel -2)\" class=\"rl-gallery-link\" data-rl_caption=\"Reforma integral de la Torre Bizkaia \/ Idom (planta s\u00f3tano nivel -2)\" data-rel=\"lightbox-gallery-4\"><img loading=\"lazy\" decoding=\"async\" width=\"150\" height=\"150\" src=\"https:\/\/www.arquimaster.com.ar\/web\/wp-content\/uploads\/2021\/08\/reforma_torre_bizkaia65-150x150.jpg\" class=\"attachment-thumbnail size-thumbnail\" alt=\"Reforma integral de la Torre Bizkaia \/ Idom\" aria-describedby=\"gallery-4-66783\" \/><\/a>\n\t\t\t<\/div>\n\t\t\t\t<figcaption class='wp-caption-text gallery-caption' id='gallery-4-66783'>\n\t\t\t\tReforma integral de la Torre Bizkaia \/ Idom (planta s\u00f3tano nivel -2)\n\t\t\t\t<\/figcaption><\/figure><figure class='gallery-item'>\n\t\t\t<div class='gallery-icon landscape'>\n\t\t\t\t<a href='https:\/\/www.arquimaster.com.ar\/web\/wp-content\/uploads\/2021\/08\/reforma_torre_bizkaia66.jpg' title=\"Reforma integral de la Torre Bizkaia \/ Idom (planta s\u00f3tano nivel -3)\" data-rl_title=\"Reforma integral de la Torre Bizkaia \/ Idom (planta s\u00f3tano nivel -3)\" class=\"rl-gallery-link\" data-rl_caption=\"Reforma integral de la Torre Bizkaia \/ Idom (planta s\u00f3tano nivel -3)\" data-rel=\"lightbox-gallery-4\"><img loading=\"lazy\" decoding=\"async\" width=\"150\" height=\"150\" src=\"https:\/\/www.arquimaster.com.ar\/web\/wp-content\/uploads\/2021\/08\/reforma_torre_bizkaia66-150x150.jpg\" class=\"attachment-thumbnail size-thumbnail\" alt=\"Reforma integral de la Torre Bizkaia \/ Idom\" aria-describedby=\"gallery-4-66784\" \/><\/a>\n\t\t\t<\/div>\n\t\t\t\t<figcaption class='wp-caption-text gallery-caption' id='gallery-4-66784'>\n\t\t\t\tReforma integral de la Torre Bizkaia \/ Idom (planta s\u00f3tano nivel -3)\n\t\t\t\t<\/figcaption><\/figure><figure class='gallery-item'>\n\t\t\t<div class='gallery-icon landscape'>\n\t\t\t\t<a href='https:\/\/www.arquimaster.com.ar\/web\/wp-content\/uploads\/2021\/08\/reforma_torre_bizkaia67.jpg' title=\"Reforma integral de la Torre Bizkaia \/ Idom (emplazamiento)\" data-rl_title=\"Reforma integral de la Torre Bizkaia \/ Idom (emplazamiento)\" class=\"rl-gallery-link\" data-rl_caption=\"Reforma integral de la Torre Bizkaia \/ Idom (emplazamiento)\" data-rel=\"lightbox-gallery-4\"><img loading=\"lazy\" decoding=\"async\" width=\"150\" height=\"150\" src=\"https:\/\/www.arquimaster.com.ar\/web\/wp-content\/uploads\/2021\/08\/reforma_torre_bizkaia67-150x150.jpg\" class=\"attachment-thumbnail size-thumbnail\" alt=\"Reforma integral de la Torre Bizkaia \/ Idom\" aria-describedby=\"gallery-4-66785\" \/><\/a>\n\t\t\t<\/div>\n\t\t\t\t<figcaption class='wp-caption-text gallery-caption' id='gallery-4-66785'>\n\t\t\t\tReforma integral de la Torre Bizkaia \/ Idom (emplazamiento)\n\t\t\t\t<\/figcaption><\/figure><figure class='gallery-item'>\n\t\t\t<div class='gallery-icon portrait'>\n\t\t\t\t<a href='https:\/\/www.arquimaster.com.ar\/web\/wp-content\/uploads\/2021\/08\/reforma_torre_bizkaia68.jpg' title=\"Reforma integral de la Torre Bizkaia \/ Idom (corte)\" data-rl_title=\"Reforma integral de la Torre Bizkaia \/ Idom (corte)\" class=\"rl-gallery-link\" data-rl_caption=\"Reforma integral de la Torre Bizkaia \/ Idom (corte)\" data-rel=\"lightbox-gallery-4\"><img loading=\"lazy\" decoding=\"async\" width=\"150\" height=\"150\" src=\"https:\/\/www.arquimaster.com.ar\/web\/wp-content\/uploads\/2021\/08\/reforma_torre_bizkaia68-150x150.jpg\" class=\"attachment-thumbnail size-thumbnail\" alt=\"Reforma integral de la Torre Bizkaia \/ Idom\" aria-describedby=\"gallery-4-66786\" \/><\/a>\n\t\t\t<\/div>\n\t\t\t\t<figcaption class='wp-caption-text gallery-caption' id='gallery-4-66786'>\n\t\t\t\tReforma integral de la Torre Bizkaia \/ Idom (corte)\n\t\t\t\t<\/figcaption><\/figure><figure class='gallery-item'>\n\t\t\t<div class='gallery-icon portrait'>\n\t\t\t\t<a href='https:\/\/www.arquimaster.com.ar\/web\/wp-content\/uploads\/2021\/08\/reforma_torre_bizkaia69.jpg' title=\"Reforma integral de la Torre Bizkaia \/ Idom (vista)\" data-rl_title=\"Reforma integral de la Torre Bizkaia \/ Idom (vista)\" class=\"rl-gallery-link\" data-rl_caption=\"Reforma integral de la Torre Bizkaia \/ Idom (vista)\" data-rel=\"lightbox-gallery-4\"><img loading=\"lazy\" decoding=\"async\" width=\"150\" height=\"150\" src=\"https:\/\/www.arquimaster.com.ar\/web\/wp-content\/uploads\/2021\/08\/reforma_torre_bizkaia69-150x150.jpg\" class=\"attachment-thumbnail size-thumbnail\" alt=\"Reforma integral de la Torre Bizkaia \/ Idom\" aria-describedby=\"gallery-4-66787\" \/><\/a>\n\t\t\t<\/div>\n\t\t\t\t<figcaption class='wp-caption-text gallery-caption' id='gallery-4-66787'>\n\t\t\t\tReforma integral de la Torre Bizkaia \/ Idom (vista)\n\t\t\t\t<\/figcaption><\/figure><figure class='gallery-item'>\n\t\t\t<div class='gallery-icon portrait'>\n\t\t\t\t<a href='https:\/\/www.arquimaster.com.ar\/web\/wp-content\/uploads\/2021\/08\/reforma_torre_bizkaia70.jpg' title=\"Reforma integral de la Torre Bizkaia \/ Idom (vista)\" data-rl_title=\"Reforma integral de la Torre Bizkaia \/ Idom (vista)\" class=\"rl-gallery-link\" data-rl_caption=\"Reforma integral de la Torre Bizkaia \/ Idom (vista)\" data-rel=\"lightbox-gallery-4\"><img loading=\"lazy\" decoding=\"async\" width=\"150\" height=\"150\" src=\"https:\/\/www.arquimaster.com.ar\/web\/wp-content\/uploads\/2021\/08\/reforma_torre_bizkaia70-150x150.jpg\" class=\"attachment-thumbnail size-thumbnail\" alt=\"Reforma integral de la Torre Bizkaia \/ Idom\" aria-describedby=\"gallery-4-66788\" \/><\/a>\n\t\t\t<\/div>\n\t\t\t\t<figcaption class='wp-caption-text gallery-caption' id='gallery-4-66788'>\n\t\t\t\tReforma integral de la Torre Bizkaia \/ Idom (vista)\n\t\t\t\t<\/figcaption><\/figure><figure class='gallery-item'>\n\t\t\t<div class='gallery-icon portrait'>\n\t\t\t\t<a href='https:\/\/www.arquimaster.com.ar\/web\/wp-content\/uploads\/2021\/08\/reforma_torre_bizkaia71.jpg' title=\"Reforma integral de la Torre Bizkaia \/ Idom (vista)\" data-rl_title=\"Reforma integral de la Torre Bizkaia \/ Idom (vista)\" class=\"rl-gallery-link\" data-rl_caption=\"Reforma integral de la Torre Bizkaia \/ Idom (vista)\" data-rel=\"lightbox-gallery-4\"><img loading=\"lazy\" decoding=\"async\" width=\"150\" height=\"150\" src=\"https:\/\/www.arquimaster.com.ar\/web\/wp-content\/uploads\/2021\/08\/reforma_torre_bizkaia71-150x150.jpg\" class=\"attachment-thumbnail size-thumbnail\" alt=\"Reforma integral de la Torre Bizkaia \/ Idom\" aria-describedby=\"gallery-4-66789\" \/><\/a>\n\t\t\t<\/div>\n\t\t\t\t<figcaption class='wp-caption-text gallery-caption' id='gallery-4-66789'>\n\t\t\t\tReforma integral de la Torre Bizkaia \/ Idom (vista)\n\t\t\t\t<\/figcaption><\/figure><figure class='gallery-item'>\n\t\t\t<div class='gallery-icon landscape'>\n\t\t\t\t<a href='https:\/\/www.arquimaster.com.ar\/web\/wp-content\/uploads\/2021\/08\/reforma_torre_bizkaia72.jpg' title=\"Reforma integral de la Torre Bizkaia \/ Idom (render)\" data-rl_title=\"Reforma integral de la Torre Bizkaia \/ Idom (render)\" class=\"rl-gallery-link\" data-rl_caption=\"Reforma integral de la Torre Bizkaia \/ Idom (render)\" data-rel=\"lightbox-gallery-4\"><img loading=\"lazy\" decoding=\"async\" width=\"150\" height=\"150\" src=\"https:\/\/www.arquimaster.com.ar\/web\/wp-content\/uploads\/2021\/08\/reforma_torre_bizkaia72-150x150.jpg\" class=\"attachment-thumbnail size-thumbnail\" alt=\"Reforma integral de la Torre Bizkaia \/ Idom\" aria-describedby=\"gallery-4-66790\" \/><\/a>\n\t\t\t<\/div>\n\t\t\t\t<figcaption class='wp-caption-text gallery-caption' id='gallery-4-66790'>\n\t\t\t\tReforma integral de la Torre Bizkaia \/ Idom (render)\n\t\t\t\t<\/figcaption><\/figure><figure class='gallery-item'>\n\t\t\t<div class='gallery-icon landscape'>\n\t\t\t\t<a href='https:\/\/www.arquimaster.com.ar\/web\/wp-content\/uploads\/2021\/08\/reforma_torre_bizkaia73.jpg' title=\"Reforma integral de la Torre Bizkaia \/ Idom (render)\" data-rl_title=\"Reforma integral de la Torre Bizkaia \/ Idom (render)\" class=\"rl-gallery-link\" data-rl_caption=\"Reforma integral de la Torre Bizkaia \/ Idom (render)\" data-rel=\"lightbox-gallery-4\"><img loading=\"lazy\" decoding=\"async\" width=\"150\" height=\"150\" src=\"https:\/\/www.arquimaster.com.ar\/web\/wp-content\/uploads\/2021\/08\/reforma_torre_bizkaia73-150x150.jpg\" class=\"attachment-thumbnail size-thumbnail\" alt=\"Reforma integral de la Torre Bizkaia \/ Idom\" aria-describedby=\"gallery-4-66791\" \/><\/a>\n\t\t\t<\/div>\n\t\t\t\t<figcaption class='wp-caption-text gallery-caption' id='gallery-4-66791'>\n\t\t\t\tReforma integral de la Torre Bizkaia \/ Idom (render)\n\t\t\t\t<\/figcaption><\/figure><figure class='gallery-item'>\n\t\t\t<div class='gallery-icon landscape'>\n\t\t\t\t<a href='https:\/\/www.arquimaster.com.ar\/web\/wp-content\/uploads\/2021\/08\/reforma_torre_bizkaia74.jpg' title=\"Reforma integral de la Torre Bizkaia \/ Idom (render)\" data-rl_title=\"Reforma integral de la Torre Bizkaia \/ Idom (render)\" class=\"rl-gallery-link\" data-rl_caption=\"Reforma integral de la Torre Bizkaia \/ Idom (render)\" data-rel=\"lightbox-gallery-4\"><img loading=\"lazy\" decoding=\"async\" width=\"150\" height=\"150\" src=\"https:\/\/www.arquimaster.com.ar\/web\/wp-content\/uploads\/2021\/08\/reforma_torre_bizkaia74-150x150.jpg\" class=\"attachment-thumbnail size-thumbnail\" alt=\"Reforma integral de la Torre Bizkaia \/ Idom\" aria-describedby=\"gallery-4-66792\" \/><\/a>\n\t\t\t<\/div>\n\t\t\t\t<figcaption class='wp-caption-text gallery-caption' id='gallery-4-66792'>\n\t\t\t\tReforma integral de la Torre Bizkaia \/ Idom (render)\n\t\t\t\t<\/figcaption><\/figure>\n\t\t<\/div>\n\n<p>En ambos casos, estas fijaciones no permit\u00edan la dilataci\u00f3n del material que se deformaba para poder absorber los esfuerzos por los cambios de temperatura. Por lo tanto, tras 50 a\u00f1os, las placas presentaban numerosas patolog\u00edas, con alabeos y abombamientos considerables, as\u00ed como fisuras fruto de la imposibilidad de una libre dilataci\u00f3n. Debido a la contaminaci\u00f3n, especialmente en sus primeros a\u00f1os de vida en un Bilbao industrial, las placas de aluminio hab\u00edan perdido su brillo y color natural del aluminio, quedando recubierto por una p\u00e1tina oscura de un tono negruzco.<\/p>\n<p>Al no existir constancia del proceso constructivo sobre la ejecuci\u00f3n de los paneles de aluminio, se visitaron f\u00e1bricas de fundici\u00f3n de aluminio, donde se pudo concluir que el vertido del aluminio fundido se produjo sobre un molde de arena qu\u00edmica sin tapar, de tal manera que las rugosidades de su cara vista se produjeron por las retracciones del aluminio al solidificarse en contacto con el aire. Son estas rugosidades y vibraciones las que confieren a la placa su principal caracter\u00edstica formal y expresiva (lo que en una fundici\u00f3n ser\u00eda la cara mala de la pieza).<\/p>\n<p>La fachada original sufri\u00f3 una importante reforma en los a\u00f1os 80, con la sustituci\u00f3n de la pr\u00e1ctica totalidad de los vidrios del edificio por problemas de dilataciones en el conjunto de fachada, que incluso supuso la ca\u00edda de varios m\u00f3dulos acristalados a la calle. Los nuevos vidrios se colocaron sobre una carpinter\u00eda de aluminio color bronce adosada al muro cortina original y sujeto exclusivamente con silicona estructural. Se mantuvieron los vidrios originales de las 6 primeras plantas de la calle Gran V\u00eda, por lo que se pudo comprobar las diferencias entre los vidrios originales de un color m\u00e1s ros\u00e1ceo y los instalados en los a\u00f1os 80 de un color m\u00e1s anaranjado. En ambos casos, la capa de control solar que disponen hac\u00eda que la percepci\u00f3n de estos y su tonalidad variase en funci\u00f3n de la hora y la incidencia de los rayos solares.<\/p>\n<p>Gracias a que persistieron algunos de los vidrios originales en la fachada de Gran V\u00eda, estos pudieron ser desmontados y enviados a taller para reproducir exactamente su color inicial, fabricando la capa de control solar con un magnetr\u00f3n de \u00faltima generaci\u00f3n. El resultado final ha sido una fachada id\u00e9ntica a la original, pero muy diferente a la imagen a la que ofrec\u00eda el edificio de manera previa a la rehabilitaci\u00f3n.<\/p>\n<p>En planta baja, los pilares de fachada se han trasdosado con un m\u00e1rmol id\u00e9ntico al original y los pa\u00f1os entre estos se han cerrado con vidrios de grandes dimensiones y perfiler\u00eda oculta que se adecuan a las nuevas necesidades y que tratan de evitan restar protagonismo a la fachada. La entrada a la zona comercial se produce en el frente p\u00fablico de la plaza, con una estrategia similar a la de los escaparates. El acceso a la zona administrativa se produce a trav\u00e9s de la calle gran v\u00eda, al igual que ocurr\u00eda de manera previa a la rehabilitaci\u00f3n, pero con un vest\u00edbulo de menores dimensiones ya que la mayor superficie de la planta baja se ha destinado a superficie comercial.<\/p>\n<p>Interiormente, pr\u00e1cticamente no quedaban elementos originales destacables, al haber sufrido el edificio numerosas reformas interiores a lo largo de su vida, por lo que la actuaci\u00f3n a realizar era completamente libre. Proyectar una entrada acorde a la torre fue otro de los retos del proyecto, especialmente por la geometr\u00eda del espacio existente, estrecho y alargado que podr\u00eda generar un efecto t\u00fanel. Adem\u00e1s, en este espacio pr\u00f3ximo a la calle deb\u00edan confluir tres salidas de evacuaci\u00f3n y el acceso a dos montacargas del local comercial, dos cajeros autom\u00e1ticos y el acceso al local de mantenimiento de estos. Por este motivo se decidi\u00f3 dividir este vest\u00edbulo en dos zonas, una exterior a modo de zagu\u00e1n donde confluyen los espacios anteriormente descritos y despu\u00e9s el vest\u00edbulo propiamente dicho con su \u00e1rea de recepci\u00f3n, bloque de ascensores y sala de espera.<\/p>\n<p>La estrategia se centr\u00f3 en integrar y disimular todos los elementos existentes en las paredes, en especial las puertas. Para ello se dise\u00f1\u00f3 una chapa grecada, de secci\u00f3n cuadrada, que ocultaba bisagras, juntas y herrajes de las puertas ofreciendo una imagen limpia de este espacio. Esta chapa se coloc\u00f3 tanto en techo y paredes, utilizando acero un lacado en blanco en el interior y aluminio anodizado en el zagu\u00e1n exterior.<\/p>\n<p>En el suelo interior se instal\u00f3 un m\u00e1rmol blanco estremoz, para que junto con la chapa grecada blanca se configurara un espacio interior aparentemente muy luminoso que disimulase la profundidad de su ubicaci\u00f3n. En el suelo exterior se instal\u00f3 con un granito abujardado similar al original para que junto con el aluminio anodizado se configurara un anillo gris que potenciara a\u00fan m\u00e1s el blanco interior. El m\u00e1rmol blanco del suelo, alistonado siguiendo el ritmo y configuraci\u00f3n de las grecas de la chapa, tambi\u00e9n se coloc\u00f3 en la mitad inferior del pa\u00f1o donde se ubica la recepci\u00f3n, para formar el mueble de esta zona y enmarcar el acceso a la sala de espera.<\/p>\n<p>La sala de espera se configura con m\u00e1rmol verde id\u00e9ntico a los pilares exteriores, tanto en suelo paredes y techo y al que se accede a trav\u00e9s de un pasillo de m\u00e1rmol estremoz blanco tambi\u00e9n en suelo, paredes y techo. Los encuentros se han llevado a las esquinas y diagonales para generar distintas lecturas geom\u00e9tricas y formales del espacio. En \u00faltimo lugar, se encuentra el n\u00facleo de ascensores configurado como un bloque dorado formado por paneles de acero inoxidable oro, como gui\u00f1o al edificio que fue la sede de uno de los bancos m\u00e1s importantes de Europa. Por el contrario, los vest\u00edbulos de ascensores del resto de plantas se han configurado como cajas blancas con chapa perforada con velo fonoabsorbente en paredes y un suelo gris, de terrazo micrograno o mortero autonivelante seg\u00fan zonas.<\/p>\n<p>Las plantas de oficinas se han dise\u00f1ado bajo el concepto Core and Shell y disponen de todas las dotaciones de instalaciones a pie de local a excepci\u00f3n de la instalaci\u00f3n de protecci\u00f3n contra incendios que ha sido completamente instalada. En el suelo se ha colocado un falso suelo met\u00e1lico dejando la estructura de hormig\u00f3n vista. Otro elemento que ha sido completamente acabado son los ba\u00f1os, realizados con terrazo micrograno envejecido en paredes y suelo, y la divisi\u00f3n de cabinas se ha realizado con tableros fen\u00f3licos color negro. En las c\u00e1maras acorazadas se generado unas salas de car\u00e1cter especial, manteni\u00e9ndose las puertas acorazadas y puesto en valor los muros de hormig\u00f3n originales abujard\u00e1ndolos. Se han complementado estos espacios con elementos c\u00e1lidos como moquetas, madera y lamas fonoabsorbentes de fieltro o paneles de chapa perforada tambi\u00e9n fonoabsorbentes, tratando de no perder por completo el car\u00e1cter original del edificio.<\/p>\n<p><strong>Ficha t\u00e9cnica<\/strong><br \/>Nombre: Reforma integral de la torre Bizkaia<br \/>Ubicaci\u00f3n: Gran V\u00eda 1, Bilbao, Bizkaia<br \/>Proyectista: IDOM<br \/>Director de Proyecto: Gonzalo Carro<br \/>Arquitecto responsable: Gonzalo Carro<br \/>Arquitectos colaboradores: Fernando Garrido, Ignacio Angulo, Cristina Jodar, Patxi Matute<br \/>Gesti\u00f3n del Proyecto: Gonzalo Carro<br \/>Costes: Gontzal Martinez, Agurtzane Insa, Sergio Llamosas, Jose Andoni Aguirre; Francisco Javier Ruiz de Prada<br \/>Estructuras: Natalia Sagasti, Gorka Viguri, Pedro Ni\u00f1o<br \/>Climatizaci\u00f3n: Lorena Mu\u00f1oz, Unai Ugalde, Mikel Bilbao, Diego Zarranz<br \/>Fontaner\u00eda y Saneamiento: Alberto Ribacoba, Mikel Bilbao, Diego Zarranz<br \/>Electricidad: Miguel Garcia, Mikel Bilbao, Diego Zarranz<br \/>Iluminaci\u00f3n: Miguel Garcia, Diego Zarranz, Luz Bilbao<br \/>Protecci\u00f3n contra incendios: Mikel Bilbao, Lucas Legay, Diego Zarranz<br \/>Gesti\u00f3n T\u00e9cnica Centralizada: Veronica Menoyo, Monica Muro<br \/>Ac\u00fastica: Sara Benito, Angela Lorenzo<br \/>Sostenibilidad: Blas Beristain, Eduardo Tello, Amaia Lastra<br \/>Certificaci\u00f3n LEED: Amaia Lastra, I\u00f1igo Aguirre<br \/>Administrativos: Sonia L\u00f3pez, Carmen De Castro<br \/>Direcci\u00f3n de Obra: Gonzalo Carro<br \/>Direcci\u00f3n de ejecuci\u00f3n de Obra: Gontzal Martinez, Agurtzane Insa, Jose Andoni Aguirre<br \/>Gesti\u00f3n de Obra: Gonzalo Carro<br \/>Constructor: BYCAM<br \/>Cliente: AG TL\u00a0<br \/>Sector de trabajo: Oficinas y Sedes Corporativas<br \/>Tipo de servicio: Misi\u00f3n completa integrada <br \/>Tipo de intervenci\u00f3n: Rehabilitaci\u00f3n<br \/>Inversi\u00f3n (PEC sin IVA): 35,70 MM de Euros<br \/>Superficie aproximada: 30.400 m2<br \/>Fecha de proyecto: 2016-2019<br \/>Fecha de obra: 2016-2021<br \/>Fotograf\u00edas: Aitor Ortiz<\/p>\n<p><strong>Contacto<\/strong><br \/><a href=\"https:\/\/ww.idom.com\" target=\"_blank\" rel=\"noopener\">https:\/\/ww.idom.com<\/a><\/p>\n\n\n<div style=\"height:20px\" aria-hidden=\"true\" class=\"wp-block-spacer\"><\/div>\n\n\n<p><strong><em>English version<\/em><\/strong><\/p>\n<p><strong><em>Integral reform of the Bizkaia Tower<\/em><\/strong><\/p>\n<p><em>Integral reform, change of fa\u00e7ade and structural adaptation of the Bizkaia tower on Gran V\u00eda 1 in Bilbao.<\/em><\/p>\n<p><em>The Bizkaia tower, located at number 1 Gran V\u00eda street in Bilbao, is a building whose construction ended in 1969. It was originally intended for office use, housing the headquarters of the Bilbao Vizcaya bank. The building has an area of 30,400m2 divided into three basements and 22 floors above ground, in all a height of close to 90m.<\/em><\/p>\n<p><em>50 years after its construction, an integral reform of the building has been carried out that has allowed the has allowed commercial use on the first 6 floors, keeping the rest of the spaces for office use (65% of the total area).<\/em><\/p>\n<p><em>Given the state of the building, it was necessary to completely empty it, keeping only the structure to undertake a comprehensive reconstruction.<\/em><\/p>\n<p><em>The building&#8217;s structure, made up of metal pillars and beams that according to the original project memory were covered with concrete for fire, have also been reformed with generalized reinforcements on the commercial floors and on the office floors where public use is foreseen. With the exception of the central block of elevators and stairs in the tower, the rest of the communication cores have been demolished and their gaps closed, to generate other locations with greater capacity that ensure the evacuation of the building as a whole.<\/em><\/p>\n<p><em>Other far-reaching structural changes have been undertaken as a result of functional conditioning factors in the commercial area, such as the implantation of an opening that connects 5 floors of the building with escalators and that has required the elimination of one of the building&#8217;s main beams. This has meant the need to generate new bracing elements, to ensure a correct transmission of loads and horizontal forces that are produced as a result of the new configuration.<\/em><\/p>\n<p><em>Another key aspect of the reform has focused on the facade of the building, protected by municipal regulations. Prior to commencing with the drafting of the fa\u00e7ade construction project, research and data collection work was carried out to be able to build a fa\u00e7ade with identical characteristics as the original, correcting the modifications that the building had undergone over the years.<\/em><\/p>\n<p><em>The original fa\u00e7ade consisted mainly of a curtain wall (stick system) with aluminum mullions and transoms. This curtain wall interspersed glazed panels and blind modules. The glazed panels, which accounted for 40% of the surface of the fa\u00e7ade, were mainly composed of glass with a chamber 2.4 m wide by 2.2 m high, although in the lower body and top of the tower it had smaller sized glass sections, 1.2 m wide by 2.2 m high. The type of glass originally installed was commercially called \u00abpink-rose\u00bb which provided the characteristic color of the building, especially on cloudy days.<\/em><\/p>\n<p><em>The blank modules were made up of a sandwich panel with hardly any insulation and which had a cast aluminum panel on its outer face for exclusively decorative purposes. This panel was separated a few centimeters from the sandwich panel, held at its 4 ends with specific fixings. In the blind areas of the building, behind the elevator core and emergency staircase, the fa\u00e7ade consisted of a non-insulated factory fa\u00e7ade, where decorative cast aluminum panels were also installed, which were screwed directly to the masonry closure. In both cases, these fixings did not allow the deforming material to expand in order to absorb the stresses caused by changes in temperature. Therefore, after 50 years, the plates presented numerous pathologies, with considerable warping and bulging, as well as cracks resulting from the impossibility of free dilation. Due to pollution, especially in its first years of life in an industrial Bilbao, the aluminum plates had lost their brightness and natural color of aluminum, being covered by a dark patina of a blackish tone.<\/em><\/p>\n<p><em>As there was no record of the construction process on the execution of the aluminum panels, aluminum smelting factories were visited, where it was concluded that the molten aluminum was poured onto an uncovered chemical sand mold, in such a way that the roughness of its visible face was produced by the retractions of the aluminum when solidifying in contact with the air. It is this roughness and vibrations that give the plate its main formal and expressive characteristic (which in a foundry would be the bad side of the piece).<\/em><\/p>\n<p><em>The original fa\u00e7ade underwent a major reform in the 1980s, with the replacement of practically all of the building&#8217;s glass due to expansion problems in the fa\u00e7ade assembly, which led to several glazed modules falling onto the street. The new glass was placed on a bronze-colored aluminum carpentry attached to the original curtain wall and secured exclusively with structural silicone. The original glass of the first 6 floors of Gran Via street was kept, so it was possible to verify the differences between the original glass of a more pinkish color and those installed in the 80s with a more orange color. In both cases, the layer of solar control that they have made the perception of these and their tonality vary depending on the time and the incidence of solar rays.<\/em><\/p>\n<p><em>Given that some of the original glass remained on the Gran V\u00eda fa\u00e7ade, it could be used to exactly reproduce the original color, manufacturing the solar control layer with a state-of-the-art magnetron. The end result has been a fa\u00e7ade identical to the original, but very different from the image that the building offered prior to renovation.<\/em><\/p>\n<p><em>On the ground floor, the fa\u00e7ade pillars have been covered with marble, identical to the original and the panels between them have been closed with large glass and hidden profiles that avoid detracting from the fa\u00e7ade. The entrance to the commercial zone is from the public square in front of the building. Access to the office area is through Gran Via street, as was the case prior to the renovation. The lobby is smaller lobby as the space of ??the ground floor has been given over to commercial space.<\/em><\/p>\n<p><em>Inside, there were practically no outstanding original elements, as the building had undergone numerous interior renovations throughout its life. Designing an entrance according to the tower was another challenge of the project, especially given the geometry of the existing, narrow and elongated space that could generate a tunnel effect. In addition, in this space beside the street, there are three evacuation exits and access to two service elevators for the commercial premises, two ATMs and access for maintenance. For this reason, it was decided to divide this lobby into two areas, one outside as a hallway where the spaces described above converge and then the lobby itself with its reception area, elevator block and waiting room.<\/em><\/p>\n<p><em>The strategy focused on integrating and concealing all the existing elements on the walls, especially the doors. For this, a square section corrugated sheet was designed, which concealed the hinges, joints and fittings of the doors, offering a clean image of this space. This sheeting was placed both on the ceiling and on the walls, using white lacquered steel on the inside and anodized aluminum on the outside hallway.<\/em><\/p>\n<p><em>On the interior floor, white marble was installed, therefore, together with the white corrugated sheet a very bright interior space has been configured. Bush hammered granite has been used on the exterior floor, and together with the anodized aluminum, forms a gray ring that further enhances the interior white. The white marble of the floor, laid out following the rhythm and configuration of the frets, was also placed in the lower half of the reception panel, to form the furniture in this area and frame the access to the waiting room. Green marble is used in the waiting room, identical to the exterior pillars, both on the floor, walls and ceiling and which is accessed through a corridor with Estremoz white marble on the floor, walls and ceiling. The encounters have been taken to the corners and diagonals to generate different geometric and formal readings of the space. Lastly, there is the elevator core configured as a golden block formed by gold stainless steel panels, as a nod to the building that was the headquarters of one of the most important banks in Europe. On the contrary, the elevator lobbies of the rest of the floors have been configured as white boxes with perforated sheet metal with sound-absorbing sheets on the walls and a gray floor, made of micrograin terrazzo or self-leveling mortar.<\/em><\/p>\n<p><em>The office floors have been designed using the Core and Shell concept and all the installations are close and ready to be connected, except for the fire protection installation that has been completely installed. In the original vaults, rooms of a special character were created, keeping the armored doors and enhancing the original concrete walls. These spaces have been complemented with warm elements such as carpeting, wood and sound absorbing felt slats or perforated sheet metal panels, trying not to completely lose the original character of the building.<\/em><\/p>\n<div style=\"font-size: 0px; height: 0px; line-height: 0px; margin: 0; padding: 0; clear: both;\"><\/div><div style=\"margin-top: 0px; margin-bottom: 0px;\" class=\"sharethis-inline-share-buttons\" ><\/div>","protected":false},"excerpt":{"rendered":"<p>Vaciado completo del edificio manteniendo \u00fanicamente la estructura&#8230;<\/p>\n","protected":false},"author":1,"featured_media":66718,"comment_status":"closed","ping_status":"closed","sticky":false,"template":"","format":"standard","meta":{"_uag_custom_page_level_css":"","footnotes":""},"categories":[76,1],"tags":[1233,1362,2520,2524,3766,1506,6506,1467,255,2594],"class_list":["post-66717","post","type-post","status-publish","format-standard","has-post-thumbnail","hentry","category-arquitectura-corporativa","category-proyecto","tag-arquitectura-comercial-2","tag-arquitectura-corporativa-2","tag-bilbao","tag-bizkaia","tag-edificio-administrativo","tag-edificio-corporativo","tag-edificio-de-oficinas","tag-idom","tag-oficinas","tag-torre-de-oficinas","generate-columns","tablet-grid-50","mobile-grid-100","grid-parent","grid-50"],"yoast_head":"<!-- This site is optimized with the Yoast SEO plugin v27.3 - https:\/\/yoast.com\/product\/yoast-seo-wordpress\/ -->\n<title>Reforma integral de la Torre Bizkaia \/ IDOM - Arquimaster<\/title>\n<meta name=\"description\" content=\"Dado el estado del edificio fue necesario un vaciado completo del mismo, manteniendo \u00fanicamente la estructura para acometer una reconstrucci\u00f3n integral.\" \/>\n<meta name=\"robots\" content=\"index, follow, max-snippet:-1, max-image-preview:large, max-video-preview:-1\" \/>\n<link rel=\"canonical\" href=\"https:\/\/www.arquimaster.com.ar\/web\/reforma-integral-de-la-torre-bizkaia-idom\/\" \/>\n<meta property=\"og:locale\" content=\"es_ES\" \/>\n<meta property=\"og:type\" content=\"article\" \/>\n<meta property=\"og:title\" content=\"Reforma integral de la Torre Bizkaia \/ Idom\" \/>\n<meta property=\"og:description\" content=\"Dado el estado del edificio fue necesario un vaciado completo del mismo, manteniendo \u00fanicamente la estructura para acometer una reconstrucci\u00f3n integral.\" \/>\n<meta property=\"og:url\" content=\"https:\/\/www.arquimaster.com.ar\/web\/reforma-integral-de-la-torre-bizkaia-idom\/\" \/>\n<meta property=\"og:site_name\" content=\"Arquimaster\" \/>\n<meta property=\"article:publisher\" content=\"http:\/\/www.facebook.com\/ARQUIMASTER.com.ar\" \/>\n<meta property=\"article:published_time\" content=\"2021-08-06T00:00:50+00:00\" \/>\n<meta property=\"article:modified_time\" content=\"2022-05-06T18:36:38+00:00\" \/>\n<meta property=\"og:image\" content=\"https:\/\/www.arquimaster.com.ar\/web\/wp-content\/uploads\/2021\/08\/reforma_torre_bizkaia_slide.jpg\" \/>\n\t<meta property=\"og:image:width\" content=\"698\" \/>\n\t<meta property=\"og:image:height\" content=\"364\" \/>\n\t<meta property=\"og:image:type\" content=\"image\/jpeg\" \/>\n<meta name=\"author\" content=\"Arquimaster\" \/>\n<meta name=\"twitter:card\" content=\"summary_large_image\" \/>\n<meta name=\"twitter:title\" content=\"Reforma integral de la Torre Bizkaia \/ Idom\" \/>\n<meta name=\"twitter:description\" content=\"Dado el estado del edificio fue necesario un vaciado completo del mismo, manteniendo \u00fanicamente la estructura para acometer una reconstrucci\u00f3n integral.\" \/>\n<meta name=\"twitter:image\" content=\"https:\/\/www.arquimaster.com.ar\/web\/wp-content\/uploads\/2021\/08\/reforma_torre_bizkaia_slide.jpg\" \/>\n<meta name=\"twitter:creator\" content=\"@arquimaster\" \/>\n<meta name=\"twitter:site\" content=\"@arquimaster\" \/>\n<meta name=\"twitter:label1\" content=\"Escrito por\" \/>\n\t<meta name=\"twitter:data1\" content=\"Arquimaster\" \/>\n\t<meta name=\"twitter:label2\" content=\"Tiempo de lectura\" \/>\n\t<meta name=\"twitter:data2\" content=\"16 minutos\" \/>\n<script type=\"application\/ld+json\" class=\"yoast-schema-graph\">{\"@context\":\"https:\\\/\\\/schema.org\",\"@graph\":[{\"@type\":\"Article\",\"@id\":\"https:\\\/\\\/www.arquimaster.com.ar\\\/web\\\/reforma-integral-de-la-torre-bizkaia-idom\\\/#article\",\"isPartOf\":{\"@id\":\"https:\\\/\\\/www.arquimaster.com.ar\\\/web\\\/reforma-integral-de-la-torre-bizkaia-idom\\\/\"},\"author\":{\"name\":\"Arquimaster\",\"@id\":\"https:\\\/\\\/www.arquimaster.com.ar\\\/web\\\/#\\\/schema\\\/person\\\/359e9f7c00193fcde068e0dd2ceb0028\"},\"headline\":\"Reforma integral de la Torre Bizkaia \\\/ IDOM\",\"datePublished\":\"2021-08-06T00:00:50+00:00\",\"dateModified\":\"2022-05-06T18:36:38+00:00\",\"mainEntityOfPage\":{\"@id\":\"https:\\\/\\\/www.arquimaster.com.ar\\\/web\\\/reforma-integral-de-la-torre-bizkaia-idom\\\/\"},\"wordCount\":3618,\"publisher\":{\"@id\":\"https:\\\/\\\/www.arquimaster.com.ar\\\/web\\\/#organization\"},\"image\":{\"@id\":\"https:\\\/\\\/www.arquimaster.com.ar\\\/web\\\/reforma-integral-de-la-torre-bizkaia-idom\\\/#primaryimage\"},\"thumbnailUrl\":\"https:\\\/\\\/www.arquimaster.com.ar\\\/web\\\/wp-content\\\/uploads\\\/2021\\\/08\\\/reforma_torre_bizkaia_slide.jpg\",\"keywords\":[\"arquitectura comercial\",\"arquitectura corporativa\",\"Bilbao\",\"Bizkaia\",\"edificio administrativo\",\"edificio corporativo\",\"edificio de oficinas\",\"IDOM\",\"oficinas\",\"torre de oficinas\"],\"articleSection\":[\"Arquitectura corporativa\",\"Proyecto\"],\"inLanguage\":\"es\"},{\"@type\":\"WebPage\",\"@id\":\"https:\\\/\\\/www.arquimaster.com.ar\\\/web\\\/reforma-integral-de-la-torre-bizkaia-idom\\\/\",\"url\":\"https:\\\/\\\/www.arquimaster.com.ar\\\/web\\\/reforma-integral-de-la-torre-bizkaia-idom\\\/\",\"name\":\"Reforma integral de la Torre Bizkaia \\\/ IDOM - Arquimaster\",\"isPartOf\":{\"@id\":\"https:\\\/\\\/www.arquimaster.com.ar\\\/web\\\/#website\"},\"primaryImageOfPage\":{\"@id\":\"https:\\\/\\\/www.arquimaster.com.ar\\\/web\\\/reforma-integral-de-la-torre-bizkaia-idom\\\/#primaryimage\"},\"image\":{\"@id\":\"https:\\\/\\\/www.arquimaster.com.ar\\\/web\\\/reforma-integral-de-la-torre-bizkaia-idom\\\/#primaryimage\"},\"thumbnailUrl\":\"https:\\\/\\\/www.arquimaster.com.ar\\\/web\\\/wp-content\\\/uploads\\\/2021\\\/08\\\/reforma_torre_bizkaia_slide.jpg\",\"datePublished\":\"2021-08-06T00:00:50+00:00\",\"dateModified\":\"2022-05-06T18:36:38+00:00\",\"description\":\"Dado el estado del edificio fue necesario un vaciado completo del mismo, manteniendo \u00fanicamente la estructura para acometer una reconstrucci\u00f3n integral.\",\"breadcrumb\":{\"@id\":\"https:\\\/\\\/www.arquimaster.com.ar\\\/web\\\/reforma-integral-de-la-torre-bizkaia-idom\\\/#breadcrumb\"},\"inLanguage\":\"es\",\"potentialAction\":[{\"@type\":\"ReadAction\",\"target\":[\"https:\\\/\\\/www.arquimaster.com.ar\\\/web\\\/reforma-integral-de-la-torre-bizkaia-idom\\\/\"]}]},{\"@type\":\"ImageObject\",\"inLanguage\":\"es\",\"@id\":\"https:\\\/\\\/www.arquimaster.com.ar\\\/web\\\/reforma-integral-de-la-torre-bizkaia-idom\\\/#primaryimage\",\"url\":\"https:\\\/\\\/www.arquimaster.com.ar\\\/web\\\/wp-content\\\/uploads\\\/2021\\\/08\\\/reforma_torre_bizkaia_slide.jpg\",\"contentUrl\":\"https:\\\/\\\/www.arquimaster.com.ar\\\/web\\\/wp-content\\\/uploads\\\/2021\\\/08\\\/reforma_torre_bizkaia_slide.jpg\",\"width\":698,\"height\":364,\"caption\":\"Reforma integral de la Torre Bizkaia \\\/ Idom\"},{\"@type\":\"BreadcrumbList\",\"@id\":\"https:\\\/\\\/www.arquimaster.com.ar\\\/web\\\/reforma-integral-de-la-torre-bizkaia-idom\\\/#breadcrumb\",\"itemListElement\":[{\"@type\":\"ListItem\",\"position\":1,\"name\":\"Portada\",\"item\":\"https:\\\/\\\/www.arquimaster.com.ar\\\/web\\\/\"},{\"@type\":\"ListItem\",\"position\":2,\"name\":\"Reforma integral de la Torre Bizkaia \\\/ IDOM\"}]},{\"@type\":\"WebSite\",\"@id\":\"https:\\\/\\\/www.arquimaster.com.ar\\\/web\\\/#website\",\"url\":\"https:\\\/\\\/www.arquimaster.com.ar\\\/web\\\/\",\"name\":\"Arquimaster\",\"description\":\"Web de arquitectura, dise\u00f1o y construccion\",\"publisher\":{\"@id\":\"https:\\\/\\\/www.arquimaster.com.ar\\\/web\\\/#organization\"},\"potentialAction\":[{\"@type\":\"SearchAction\",\"target\":{\"@type\":\"EntryPoint\",\"urlTemplate\":\"https:\\\/\\\/www.arquimaster.com.ar\\\/web\\\/?s={search_term_string}\"},\"query-input\":{\"@type\":\"PropertyValueSpecification\",\"valueRequired\":true,\"valueName\":\"search_term_string\"}}],\"inLanguage\":\"es\"},{\"@type\":\"Organization\",\"@id\":\"https:\\\/\\\/www.arquimaster.com.ar\\\/web\\\/#organization\",\"name\":\"Arquimaster\",\"url\":\"https:\\\/\\\/www.arquimaster.com.ar\\\/web\\\/\",\"logo\":{\"@type\":\"ImageObject\",\"inLanguage\":\"es\",\"@id\":\"https:\\\/\\\/www.arquimaster.com.ar\\\/web\\\/#\\\/schema\\\/logo\\\/image\\\/\",\"url\":\"https:\\\/\\\/www.arquimaster.com.ar\\\/web\\\/wp-content\\\/uploads\\\/2022\\\/06\\\/arquimaster.png\",\"contentUrl\":\"https:\\\/\\\/www.arquimaster.com.ar\\\/web\\\/wp-content\\\/uploads\\\/2022\\\/06\\\/arquimaster.png\",\"width\":594,\"height\":78,\"caption\":\"Arquimaster\"},\"image\":{\"@id\":\"https:\\\/\\\/www.arquimaster.com.ar\\\/web\\\/#\\\/schema\\\/logo\\\/image\\\/\"},\"sameAs\":[\"http:\\\/\\\/www.facebook.com\\\/ARQUIMASTER.com.ar\",\"https:\\\/\\\/x.com\\\/arquimaster\",\"https:\\\/\\\/www.instagram.com\\\/arquimasterblog\\\/\",\"https:\\\/\\\/www.linkedin.com\\\/company\\\/arquimaster\",\"https:\\\/\\\/www.pinterest.com\\\/arquimaster\",\"https:\\\/\\\/t.me\\\/arquimaster\"]},{\"@type\":\"Person\",\"@id\":\"https:\\\/\\\/www.arquimaster.com.ar\\\/web\\\/#\\\/schema\\\/person\\\/359e9f7c00193fcde068e0dd2ceb0028\",\"name\":\"Arquimaster\"}]}<\/script>\n<!-- \/ Yoast SEO plugin. -->","yoast_head_json":{"title":"Reforma integral de la Torre Bizkaia \/ IDOM - Arquimaster","description":"Dado el estado del edificio fue necesario un vaciado completo del mismo, manteniendo \u00fanicamente la estructura para acometer una reconstrucci\u00f3n integral.","robots":{"index":"index","follow":"follow","max-snippet":"max-snippet:-1","max-image-preview":"max-image-preview:large","max-video-preview":"max-video-preview:-1"},"canonical":"https:\/\/www.arquimaster.com.ar\/web\/reforma-integral-de-la-torre-bizkaia-idom\/","og_locale":"es_ES","og_type":"article","og_title":"Reforma integral de la Torre Bizkaia \/ Idom","og_description":"Dado el estado del edificio fue necesario un vaciado completo del mismo, manteniendo \u00fanicamente la estructura para acometer una reconstrucci\u00f3n integral.","og_url":"https:\/\/www.arquimaster.com.ar\/web\/reforma-integral-de-la-torre-bizkaia-idom\/","og_site_name":"Arquimaster","article_publisher":"http:\/\/www.facebook.com\/ARQUIMASTER.com.ar","article_published_time":"2021-08-06T00:00:50+00:00","article_modified_time":"2022-05-06T18:36:38+00:00","og_image":[{"width":698,"height":364,"url":"https:\/\/www.arquimaster.com.ar\/web\/wp-content\/uploads\/2021\/08\/reforma_torre_bizkaia_slide.jpg","type":"image\/jpeg"}],"author":"Arquimaster","twitter_card":"summary_large_image","twitter_title":"Reforma integral de la Torre Bizkaia \/ Idom","twitter_description":"Dado el estado del edificio fue necesario un vaciado completo del mismo, manteniendo \u00fanicamente la estructura para acometer una reconstrucci\u00f3n integral.","twitter_image":"https:\/\/www.arquimaster.com.ar\/web\/wp-content\/uploads\/2021\/08\/reforma_torre_bizkaia_slide.jpg","twitter_creator":"@arquimaster","twitter_site":"@arquimaster","twitter_misc":{"Escrito por":"Arquimaster","Tiempo de lectura":"16 minutos"},"schema":{"@context":"https:\/\/schema.org","@graph":[{"@type":"Article","@id":"https:\/\/www.arquimaster.com.ar\/web\/reforma-integral-de-la-torre-bizkaia-idom\/#article","isPartOf":{"@id":"https:\/\/www.arquimaster.com.ar\/web\/reforma-integral-de-la-torre-bizkaia-idom\/"},"author":{"name":"Arquimaster","@id":"https:\/\/www.arquimaster.com.ar\/web\/#\/schema\/person\/359e9f7c00193fcde068e0dd2ceb0028"},"headline":"Reforma integral de la Torre Bizkaia \/ IDOM","datePublished":"2021-08-06T00:00:50+00:00","dateModified":"2022-05-06T18:36:38+00:00","mainEntityOfPage":{"@id":"https:\/\/www.arquimaster.com.ar\/web\/reforma-integral-de-la-torre-bizkaia-idom\/"},"wordCount":3618,"publisher":{"@id":"https:\/\/www.arquimaster.com.ar\/web\/#organization"},"image":{"@id":"https:\/\/www.arquimaster.com.ar\/web\/reforma-integral-de-la-torre-bizkaia-idom\/#primaryimage"},"thumbnailUrl":"https:\/\/www.arquimaster.com.ar\/web\/wp-content\/uploads\/2021\/08\/reforma_torre_bizkaia_slide.jpg","keywords":["arquitectura comercial","arquitectura corporativa","Bilbao","Bizkaia","edificio administrativo","edificio corporativo","edificio de oficinas","IDOM","oficinas","torre de oficinas"],"articleSection":["Arquitectura corporativa","Proyecto"],"inLanguage":"es"},{"@type":"WebPage","@id":"https:\/\/www.arquimaster.com.ar\/web\/reforma-integral-de-la-torre-bizkaia-idom\/","url":"https:\/\/www.arquimaster.com.ar\/web\/reforma-integral-de-la-torre-bizkaia-idom\/","name":"Reforma integral de la Torre Bizkaia \/ IDOM - Arquimaster","isPartOf":{"@id":"https:\/\/www.arquimaster.com.ar\/web\/#website"},"primaryImageOfPage":{"@id":"https:\/\/www.arquimaster.com.ar\/web\/reforma-integral-de-la-torre-bizkaia-idom\/#primaryimage"},"image":{"@id":"https:\/\/www.arquimaster.com.ar\/web\/reforma-integral-de-la-torre-bizkaia-idom\/#primaryimage"},"thumbnailUrl":"https:\/\/www.arquimaster.com.ar\/web\/wp-content\/uploads\/2021\/08\/reforma_torre_bizkaia_slide.jpg","datePublished":"2021-08-06T00:00:50+00:00","dateModified":"2022-05-06T18:36:38+00:00","description":"Dado el estado del edificio fue necesario un vaciado completo del mismo, manteniendo \u00fanicamente la estructura para acometer una reconstrucci\u00f3n integral.","breadcrumb":{"@id":"https:\/\/www.arquimaster.com.ar\/web\/reforma-integral-de-la-torre-bizkaia-idom\/#breadcrumb"},"inLanguage":"es","potentialAction":[{"@type":"ReadAction","target":["https:\/\/www.arquimaster.com.ar\/web\/reforma-integral-de-la-torre-bizkaia-idom\/"]}]},{"@type":"ImageObject","inLanguage":"es","@id":"https:\/\/www.arquimaster.com.ar\/web\/reforma-integral-de-la-torre-bizkaia-idom\/#primaryimage","url":"https:\/\/www.arquimaster.com.ar\/web\/wp-content\/uploads\/2021\/08\/reforma_torre_bizkaia_slide.jpg","contentUrl":"https:\/\/www.arquimaster.com.ar\/web\/wp-content\/uploads\/2021\/08\/reforma_torre_bizkaia_slide.jpg","width":698,"height":364,"caption":"Reforma integral de la Torre Bizkaia \/ Idom"},{"@type":"BreadcrumbList","@id":"https:\/\/www.arquimaster.com.ar\/web\/reforma-integral-de-la-torre-bizkaia-idom\/#breadcrumb","itemListElement":[{"@type":"ListItem","position":1,"name":"Portada","item":"https:\/\/www.arquimaster.com.ar\/web\/"},{"@type":"ListItem","position":2,"name":"Reforma integral de la Torre Bizkaia \/ IDOM"}]},{"@type":"WebSite","@id":"https:\/\/www.arquimaster.com.ar\/web\/#website","url":"https:\/\/www.arquimaster.com.ar\/web\/","name":"Arquimaster","description":"Web de arquitectura, dise\u00f1o y construccion","publisher":{"@id":"https:\/\/www.arquimaster.com.ar\/web\/#organization"},"potentialAction":[{"@type":"SearchAction","target":{"@type":"EntryPoint","urlTemplate":"https:\/\/www.arquimaster.com.ar\/web\/?s={search_term_string}"},"query-input":{"@type":"PropertyValueSpecification","valueRequired":true,"valueName":"search_term_string"}}],"inLanguage":"es"},{"@type":"Organization","@id":"https:\/\/www.arquimaster.com.ar\/web\/#organization","name":"Arquimaster","url":"https:\/\/www.arquimaster.com.ar\/web\/","logo":{"@type":"ImageObject","inLanguage":"es","@id":"https:\/\/www.arquimaster.com.ar\/web\/#\/schema\/logo\/image\/","url":"https:\/\/www.arquimaster.com.ar\/web\/wp-content\/uploads\/2022\/06\/arquimaster.png","contentUrl":"https:\/\/www.arquimaster.com.ar\/web\/wp-content\/uploads\/2022\/06\/arquimaster.png","width":594,"height":78,"caption":"Arquimaster"},"image":{"@id":"https:\/\/www.arquimaster.com.ar\/web\/#\/schema\/logo\/image\/"},"sameAs":["http:\/\/www.facebook.com\/ARQUIMASTER.com.ar","https:\/\/x.com\/arquimaster","https:\/\/www.instagram.com\/arquimasterblog\/","https:\/\/www.linkedin.com\/company\/arquimaster","https:\/\/www.pinterest.com\/arquimaster","https:\/\/t.me\/arquimaster"]},{"@type":"Person","@id":"https:\/\/www.arquimaster.com.ar\/web\/#\/schema\/person\/359e9f7c00193fcde068e0dd2ceb0028","name":"Arquimaster"}]}},"uagb_featured_image_src":{"full":["https:\/\/www.arquimaster.com.ar\/web\/wp-content\/uploads\/2021\/08\/reforma_torre_bizkaia_slide.jpg",698,364,false],"thumbnail":["https:\/\/www.arquimaster.com.ar\/web\/wp-content\/uploads\/2021\/08\/reforma_torre_bizkaia_slide-150x150.jpg",150,150,true],"medium":["https:\/\/www.arquimaster.com.ar\/web\/wp-content\/uploads\/2021\/08\/reforma_torre_bizkaia_slide.jpg",698,364,false],"medium_large":["https:\/\/www.arquimaster.com.ar\/web\/wp-content\/uploads\/2021\/08\/reforma_torre_bizkaia_slide.jpg",698,364,false],"large":["https:\/\/www.arquimaster.com.ar\/web\/wp-content\/uploads\/2021\/08\/reforma_torre_bizkaia_slide.jpg",698,364,false],"1536x1536":["https:\/\/www.arquimaster.com.ar\/web\/wp-content\/uploads\/2021\/08\/reforma_torre_bizkaia_slide.jpg",698,364,false],"2048x2048":["https:\/\/www.arquimaster.com.ar\/web\/wp-content\/uploads\/2021\/08\/reforma_torre_bizkaia_slide.jpg",698,364,false]},"uagb_author_info":{"display_name":"Arquimaster","author_link":"https:\/\/www.arquimaster.com.ar\/web\/author\/arquimaster\/"},"uagb_comment_info":0,"uagb_excerpt":"Vaciado completo del edificio manteniendo \u00fanicamente la estructura...","_links":{"self":[{"href":"https:\/\/www.arquimaster.com.ar\/web\/wp-json\/wp\/v2\/posts\/66717","targetHints":{"allow":["GET"]}}],"collection":[{"href":"https:\/\/www.arquimaster.com.ar\/web\/wp-json\/wp\/v2\/posts"}],"about":[{"href":"https:\/\/www.arquimaster.com.ar\/web\/wp-json\/wp\/v2\/types\/post"}],"author":[{"embeddable":true,"href":"https:\/\/www.arquimaster.com.ar\/web\/wp-json\/wp\/v2\/users\/1"}],"replies":[{"embeddable":true,"href":"https:\/\/www.arquimaster.com.ar\/web\/wp-json\/wp\/v2\/comments?post=66717"}],"version-history":[{"count":3,"href":"https:\/\/www.arquimaster.com.ar\/web\/wp-json\/wp\/v2\/posts\/66717\/revisions"}],"predecessor-version":[{"id":70215,"href":"https:\/\/www.arquimaster.com.ar\/web\/wp-json\/wp\/v2\/posts\/66717\/revisions\/70215"}],"wp:featuredmedia":[{"embeddable":true,"href":"https:\/\/www.arquimaster.com.ar\/web\/wp-json\/wp\/v2\/media\/66718"}],"wp:attachment":[{"href":"https:\/\/www.arquimaster.com.ar\/web\/wp-json\/wp\/v2\/media?parent=66717"}],"wp:term":[{"taxonomy":"category","embeddable":true,"href":"https:\/\/www.arquimaster.com.ar\/web\/wp-json\/wp\/v2\/categories?post=66717"},{"taxonomy":"post_tag","embeddable":true,"href":"https:\/\/www.arquimaster.com.ar\/web\/wp-json\/wp\/v2\/tags?post=66717"}],"curies":[{"name":"wp","href":"https:\/\/api.w.org\/{rel}","templated":true}]}}