{"id":6683,"date":"2014-05-02T03:45:03","date_gmt":"2014-05-02T03:45:03","guid":{"rendered":"http:\/\/www.arquimaster.com.ar\/web\/?p=6683"},"modified":"2014-05-02T00:19:53","modified_gmt":"2014-05-02T00:19:53","slug":"estudio-en-el-puerto-de-navacerrada-beriot-bernardini-arquitectos","status":"publish","type":"post","link":"https:\/\/www.arquimaster.com.ar\/web\/estudio-en-el-puerto-de-navacerrada-beriot-bernardini-arquitectos\/","title":{"rendered":"Estudio en el Puerto de Navacerrada \/ Beriot Bernardini Arquitectos"},"content":{"rendered":"<div style=\"margin-top: 0px; margin-bottom: 0px;\" class=\"sharethis-inline-share-buttons\" ><\/div><div class=\"b812932af2e751442846f039925109de\" data-index=\"1\" style=\"float: none; margin:25px 0 25px 0; text-align:center;\">\n<script async src=\"https:\/\/pagead2.googlesyndication.com\/pagead\/js\/adsbygoogle.js\"><\/script>\r\n<!-- Arquimaster (superior) -->\r\n<ins class=\"adsbygoogle\"\r\n     style=\"display:block\"\r\n     data-ad-client=\"ca-pub-6351072698456832\"\r\n     data-ad-slot=\"6455489680\"\r\n     data-ad-format=\"auto\"\r\n     data-full-width-responsive=\"true\"><\/ins>\r\n<script>\r\n     (adsbygoogle = window.adsbygoogle || []).push({});\r\n<\/script>\n<\/div>\n<p><strong>Estudio en el Puerto de Navacerrada<\/strong> (Madrid, Espa\u00f1a) por <strong>Beriot Bernardini Arquitectos<\/strong>. El proyecto acomete la reforma de un estudio en el puerto de monta\u00f1a de Navacerrada, Madrid, de 25 m2 de superficie.<\/p>\n<div id='gallery-1' class='gallery galleryid-6683 gallery-columns-3 gallery-size-thumbnail'><figure class='gallery-item'>\n\t\t\t<div class='gallery-icon landscape'>\n\t\t\t\t<a href='https:\/\/www.arquimaster.com.ar\/web\/wp-content\/uploads\/2014\/05\/refugio_navacerrada1.jpg' title=\"Estudio en el Puerto de Navacerrada \/ Beriot Bernardini Arquitectos (\u00a9 Yen Chen)\" data-rl_title=\"Estudio en el Puerto de Navacerrada \/ Beriot Bernardini Arquitectos (\u00a9 Yen Chen)\" class=\"rl-gallery-link\" data-rl_caption=\"Estudio en el Puerto de Navacerrada \/ Beriot Bernardini Arquitectos (\u00a9 Yen Chen)\" data-rel=\"lightbox-gallery-1\"><img loading=\"lazy\" decoding=\"async\" width=\"150\" height=\"150\" src=\"https:\/\/www.arquimaster.com.ar\/web\/wp-content\/uploads\/2014\/05\/refugio_navacerrada1-150x150.jpg\" class=\"attachment-thumbnail size-thumbnail\" alt=\"\" aria-describedby=\"gallery-1-6685\" srcset=\"https:\/\/www.arquimaster.com.ar\/web\/wp-content\/uploads\/2014\/05\/refugio_navacerrada1-150x150.jpg 150w, https:\/\/www.arquimaster.com.ar\/web\/wp-content\/uploads\/2014\/05\/refugio_navacerrada1-50x50.jpg 50w, https:\/\/www.arquimaster.com.ar\/web\/wp-content\/uploads\/2014\/05\/refugio_navacerrada1-125x125.jpg 125w\" sizes=\"auto, (max-width: 150px) 100vw, 150px\" \/><\/a>\n\t\t\t<\/div>\n\t\t\t\t<figcaption class='wp-caption-text gallery-caption' id='gallery-1-6685'>\n\t\t\t\tEstudio en el Puerto de Navacerrada \/ Beriot Bernardini Arquitectos (\u00a9 Yen Chen)\n\t\t\t\t<\/figcaption><\/figure><figure class='gallery-item'>\n\t\t\t<div class='gallery-icon landscape'>\n\t\t\t\t<a href='https:\/\/www.arquimaster.com.ar\/web\/wp-content\/uploads\/2014\/05\/refugio_navacerrada2.jpg' title=\"Estudio en el Puerto de Navacerrada \/ Beriot Bernardini Arquitectos (\u00a9 Yen Chen)\" data-rl_title=\"Estudio en el Puerto de Navacerrada \/ Beriot Bernardini Arquitectos (\u00a9 Yen Chen)\" class=\"rl-gallery-link\" data-rl_caption=\"Estudio en el Puerto de Navacerrada \/ Beriot Bernardini Arquitectos (\u00a9 Yen Chen)\" data-rel=\"lightbox-gallery-1\"><img loading=\"lazy\" decoding=\"async\" width=\"150\" height=\"150\" src=\"https:\/\/www.arquimaster.com.ar\/web\/wp-content\/uploads\/2014\/05\/refugio_navacerrada2-150x150.jpg\" class=\"attachment-thumbnail size-thumbnail\" alt=\"\" aria-describedby=\"gallery-1-6686\" srcset=\"https:\/\/www.arquimaster.com.ar\/web\/wp-content\/uploads\/2014\/05\/refugio_navacerrada2-150x150.jpg 150w, https:\/\/www.arquimaster.com.ar\/web\/wp-content\/uploads\/2014\/05\/refugio_navacerrada2-50x50.jpg 50w, https:\/\/www.arquimaster.com.ar\/web\/wp-content\/uploads\/2014\/05\/refugio_navacerrada2-125x125.jpg 125w\" sizes=\"auto, (max-width: 150px) 100vw, 150px\" \/><\/a>\n\t\t\t<\/div>\n\t\t\t\t<figcaption class='wp-caption-text gallery-caption' id='gallery-1-6686'>\n\t\t\t\tEstudio en el Puerto de Navacerrada \/ Beriot Bernardini Arquitectos (\u00a9 Yen Chen)\n\t\t\t\t<\/figcaption><\/figure><figure class='gallery-item'>\n\t\t\t<div class='gallery-icon landscape'>\n\t\t\t\t<a href='https:\/\/www.arquimaster.com.ar\/web\/wp-content\/uploads\/2014\/05\/refugio_navacerrada3.jpg' title=\"Estudio en el Puerto de Navacerrada \/ Beriot Bernardini Arquitectos (\u00a9 Yen Chen)\" data-rl_title=\"Estudio en el Puerto de Navacerrada \/ Beriot Bernardini Arquitectos (\u00a9 Yen Chen)\" class=\"rl-gallery-link\" data-rl_caption=\"Estudio en el Puerto de Navacerrada \/ Beriot Bernardini Arquitectos (\u00a9 Yen Chen)\" data-rel=\"lightbox-gallery-1\"><img loading=\"lazy\" decoding=\"async\" width=\"150\" height=\"150\" src=\"https:\/\/www.arquimaster.com.ar\/web\/wp-content\/uploads\/2014\/05\/refugio_navacerrada3-150x150.jpg\" class=\"attachment-thumbnail size-thumbnail\" alt=\"\" aria-describedby=\"gallery-1-6687\" srcset=\"https:\/\/www.arquimaster.com.ar\/web\/wp-content\/uploads\/2014\/05\/refugio_navacerrada3-150x150.jpg 150w, https:\/\/www.arquimaster.com.ar\/web\/wp-content\/uploads\/2014\/05\/refugio_navacerrada3-50x50.jpg 50w, https:\/\/www.arquimaster.com.ar\/web\/wp-content\/uploads\/2014\/05\/refugio_navacerrada3-125x125.jpg 125w\" sizes=\"auto, (max-width: 150px) 100vw, 150px\" \/><\/a>\n\t\t\t<\/div>\n\t\t\t\t<figcaption class='wp-caption-text gallery-caption' id='gallery-1-6687'>\n\t\t\t\tEstudio en el Puerto de Navacerrada \/ Beriot Bernardini Arquitectos (\u00a9 Yen Chen)\n\t\t\t\t<\/figcaption><\/figure><figure class='gallery-item'>\n\t\t\t<div class='gallery-icon landscape'>\n\t\t\t\t<a href='https:\/\/www.arquimaster.com.ar\/web\/wp-content\/uploads\/2014\/05\/refugio_navacerrada4.jpg' title=\"Estudio en el Puerto de Navacerrada \/ Beriot Bernardini Arquitectos (\u00a9 Yen Chen)\" data-rl_title=\"Estudio en el Puerto de Navacerrada \/ Beriot Bernardini Arquitectos (\u00a9 Yen Chen)\" class=\"rl-gallery-link\" data-rl_caption=\"Estudio en el Puerto de Navacerrada \/ Beriot Bernardini Arquitectos (\u00a9 Yen Chen)\" data-rel=\"lightbox-gallery-1\"><img loading=\"lazy\" decoding=\"async\" width=\"150\" height=\"150\" src=\"https:\/\/www.arquimaster.com.ar\/web\/wp-content\/uploads\/2014\/05\/refugio_navacerrada4-150x150.jpg\" class=\"attachment-thumbnail size-thumbnail\" alt=\"\" aria-describedby=\"gallery-1-6688\" srcset=\"https:\/\/www.arquimaster.com.ar\/web\/wp-content\/uploads\/2014\/05\/refugio_navacerrada4-150x150.jpg 150w, https:\/\/www.arquimaster.com.ar\/web\/wp-content\/uploads\/2014\/05\/refugio_navacerrada4-50x50.jpg 50w, https:\/\/www.arquimaster.com.ar\/web\/wp-content\/uploads\/2014\/05\/refugio_navacerrada4-125x125.jpg 125w\" sizes=\"auto, (max-width: 150px) 100vw, 150px\" \/><\/a>\n\t\t\t<\/div>\n\t\t\t\t<figcaption class='wp-caption-text gallery-caption' id='gallery-1-6688'>\n\t\t\t\tEstudio en el Puerto de Navacerrada \/ Beriot Bernardini Arquitectos (\u00a9 Yen Chen)\n\t\t\t\t<\/figcaption><\/figure><figure class='gallery-item'>\n\t\t\t<div class='gallery-icon landscape'>\n\t\t\t\t<a href='https:\/\/www.arquimaster.com.ar\/web\/wp-content\/uploads\/2014\/05\/refugio_navacerrada5.jpg' title=\"Estudio en el Puerto de Navacerrada \/ Beriot Bernardini Arquitectos (\u00a9 Yen Chen)\" data-rl_title=\"Estudio en el Puerto de Navacerrada \/ Beriot Bernardini Arquitectos (\u00a9 Yen Chen)\" class=\"rl-gallery-link\" data-rl_caption=\"Estudio en el Puerto de Navacerrada \/ Beriot Bernardini Arquitectos (\u00a9 Yen Chen)\" data-rel=\"lightbox-gallery-1\"><img loading=\"lazy\" decoding=\"async\" width=\"150\" height=\"150\" src=\"https:\/\/www.arquimaster.com.ar\/web\/wp-content\/uploads\/2014\/05\/refugio_navacerrada5-150x150.jpg\" class=\"attachment-thumbnail size-thumbnail\" alt=\"\" aria-describedby=\"gallery-1-6689\" srcset=\"https:\/\/www.arquimaster.com.ar\/web\/wp-content\/uploads\/2014\/05\/refugio_navacerrada5-150x150.jpg 150w, https:\/\/www.arquimaster.com.ar\/web\/wp-content\/uploads\/2014\/05\/refugio_navacerrada5-50x50.jpg 50w, https:\/\/www.arquimaster.com.ar\/web\/wp-content\/uploads\/2014\/05\/refugio_navacerrada5-125x125.jpg 125w\" sizes=\"auto, (max-width: 150px) 100vw, 150px\" \/><\/a>\n\t\t\t<\/div>\n\t\t\t\t<figcaption class='wp-caption-text gallery-caption' id='gallery-1-6689'>\n\t\t\t\tEstudio en el Puerto de Navacerrada \/ Beriot Bernardini Arquitectos (\u00a9 Yen Chen)\n\t\t\t\t<\/figcaption><\/figure><figure class='gallery-item'>\n\t\t\t<div class='gallery-icon landscape'>\n\t\t\t\t<a href='https:\/\/www.arquimaster.com.ar\/web\/wp-content\/uploads\/2014\/05\/refugio_navacerrada6.jpg' title=\"Estudio en el Puerto de Navacerrada \/ Beriot Bernardini Arquitectos (\u00a9 Yen Chen)\" data-rl_title=\"Estudio en el Puerto de Navacerrada \/ Beriot Bernardini Arquitectos (\u00a9 Yen Chen)\" class=\"rl-gallery-link\" data-rl_caption=\"Estudio en el Puerto de Navacerrada \/ Beriot Bernardini Arquitectos (\u00a9 Yen Chen)\" data-rel=\"lightbox-gallery-1\"><img loading=\"lazy\" decoding=\"async\" width=\"150\" height=\"150\" src=\"https:\/\/www.arquimaster.com.ar\/web\/wp-content\/uploads\/2014\/05\/refugio_navacerrada6-150x150.jpg\" class=\"attachment-thumbnail size-thumbnail\" alt=\"\" aria-describedby=\"gallery-1-6690\" srcset=\"https:\/\/www.arquimaster.com.ar\/web\/wp-content\/uploads\/2014\/05\/refugio_navacerrada6-150x150.jpg 150w, https:\/\/www.arquimaster.com.ar\/web\/wp-content\/uploads\/2014\/05\/refugio_navacerrada6-50x50.jpg 50w, https:\/\/www.arquimaster.com.ar\/web\/wp-content\/uploads\/2014\/05\/refugio_navacerrada6-125x125.jpg 125w\" sizes=\"auto, (max-width: 150px) 100vw, 150px\" \/><\/a>\n\t\t\t<\/div>\n\t\t\t\t<figcaption class='wp-caption-text gallery-caption' id='gallery-1-6690'>\n\t\t\t\tEstudio en el Puerto de Navacerrada \/ Beriot Bernardini Arquitectos (\u00a9 Yen Chen)\n\t\t\t\t<\/figcaption><\/figure><figure class='gallery-item'>\n\t\t\t<div class='gallery-icon portrait'>\n\t\t\t\t<a href='https:\/\/www.arquimaster.com.ar\/web\/wp-content\/uploads\/2014\/05\/refugio_navacerrada7.jpg' title=\"Estudio en el Puerto de Navacerrada \/ Beriot Bernardini Arquitectos (\u00a9 Yen Chen)\" data-rl_title=\"Estudio en el Puerto de Navacerrada \/ Beriot Bernardini Arquitectos (\u00a9 Yen Chen)\" class=\"rl-gallery-link\" data-rl_caption=\"Estudio en el Puerto de Navacerrada \/ Beriot Bernardini Arquitectos (\u00a9 Yen Chen)\" data-rel=\"lightbox-gallery-1\"><img loading=\"lazy\" decoding=\"async\" width=\"150\" height=\"150\" src=\"https:\/\/www.arquimaster.com.ar\/web\/wp-content\/uploads\/2014\/05\/refugio_navacerrada7-150x150.jpg\" class=\"attachment-thumbnail size-thumbnail\" alt=\"\" aria-describedby=\"gallery-1-6691\" srcset=\"https:\/\/www.arquimaster.com.ar\/web\/wp-content\/uploads\/2014\/05\/refugio_navacerrada7-150x150.jpg 150w, https:\/\/www.arquimaster.com.ar\/web\/wp-content\/uploads\/2014\/05\/refugio_navacerrada7-50x50.jpg 50w, https:\/\/www.arquimaster.com.ar\/web\/wp-content\/uploads\/2014\/05\/refugio_navacerrada7-125x125.jpg 125w\" sizes=\"auto, (max-width: 150px) 100vw, 150px\" \/><\/a>\n\t\t\t<\/div>\n\t\t\t\t<figcaption class='wp-caption-text gallery-caption' id='gallery-1-6691'>\n\t\t\t\tEstudio en el Puerto de Navacerrada \/ Beriot Bernardini Arquitectos (\u00a9 Yen Chen)\n\t\t\t\t<\/figcaption><\/figure><figure class='gallery-item'>\n\t\t\t<div class='gallery-icon portrait'>\n\t\t\t\t<a href='https:\/\/www.arquimaster.com.ar\/web\/wp-content\/uploads\/2014\/05\/refugio_navacerrada8.jpg' title=\"Estudio en el Puerto de Navacerrada \/ Beriot Bernardini Arquitectos (\u00a9 Yen Chen)\" data-rl_title=\"Estudio en el Puerto de Navacerrada \/ Beriot Bernardini Arquitectos (\u00a9 Yen Chen)\" class=\"rl-gallery-link\" data-rl_caption=\"Estudio en el Puerto de Navacerrada \/ Beriot Bernardini Arquitectos (\u00a9 Yen Chen)\" data-rel=\"lightbox-gallery-1\"><img loading=\"lazy\" decoding=\"async\" width=\"150\" height=\"150\" src=\"https:\/\/www.arquimaster.com.ar\/web\/wp-content\/uploads\/2014\/05\/refugio_navacerrada8-150x150.jpg\" class=\"attachment-thumbnail size-thumbnail\" alt=\"\" aria-describedby=\"gallery-1-6692\" srcset=\"https:\/\/www.arquimaster.com.ar\/web\/wp-content\/uploads\/2014\/05\/refugio_navacerrada8-150x150.jpg 150w, https:\/\/www.arquimaster.com.ar\/web\/wp-content\/uploads\/2014\/05\/refugio_navacerrada8-50x50.jpg 50w, https:\/\/www.arquimaster.com.ar\/web\/wp-content\/uploads\/2014\/05\/refugio_navacerrada8-125x125.jpg 125w\" sizes=\"auto, (max-width: 150px) 100vw, 150px\" \/><\/a>\n\t\t\t<\/div>\n\t\t\t\t<figcaption class='wp-caption-text gallery-caption' id='gallery-1-6692'>\n\t\t\t\tEstudio en el Puerto de Navacerrada \/ Beriot Bernardini Arquitectos (\u00a9 Yen Chen)\n\t\t\t\t<\/figcaption><\/figure><figure class='gallery-item'>\n\t\t\t<div class='gallery-icon portrait'>\n\t\t\t\t<a href='https:\/\/www.arquimaster.com.ar\/web\/wp-content\/uploads\/2014\/05\/refugio_navacerrada9.jpg' title=\"Estudio en el Puerto de Navacerrada \/ Beriot Bernardini Arquitectos (\u00a9 Yen Chen)\" data-rl_title=\"Estudio en el Puerto de Navacerrada \/ Beriot Bernardini Arquitectos (\u00a9 Yen Chen)\" class=\"rl-gallery-link\" data-rl_caption=\"Estudio en el Puerto de Navacerrada \/ Beriot Bernardini Arquitectos (\u00a9 Yen Chen)\" data-rel=\"lightbox-gallery-1\"><img loading=\"lazy\" decoding=\"async\" width=\"150\" height=\"150\" src=\"https:\/\/www.arquimaster.com.ar\/web\/wp-content\/uploads\/2014\/05\/refugio_navacerrada9-150x150.jpg\" class=\"attachment-thumbnail size-thumbnail\" alt=\"\" aria-describedby=\"gallery-1-6693\" srcset=\"https:\/\/www.arquimaster.com.ar\/web\/wp-content\/uploads\/2014\/05\/refugio_navacerrada9-150x150.jpg 150w, https:\/\/www.arquimaster.com.ar\/web\/wp-content\/uploads\/2014\/05\/refugio_navacerrada9-50x50.jpg 50w, https:\/\/www.arquimaster.com.ar\/web\/wp-content\/uploads\/2014\/05\/refugio_navacerrada9-125x125.jpg 125w\" sizes=\"auto, (max-width: 150px) 100vw, 150px\" \/><\/a>\n\t\t\t<\/div>\n\t\t\t\t<figcaption class='wp-caption-text gallery-caption' id='gallery-1-6693'>\n\t\t\t\tEstudio en el Puerto de Navacerrada \/ Beriot Bernardini Arquitectos (\u00a9 Yen Chen)\n\t\t\t\t<\/figcaption><\/figure><figure class='gallery-item'>\n\t\t\t<div class='gallery-icon landscape'>\n\t\t\t\t<a href='https:\/\/www.arquimaster.com.ar\/web\/wp-content\/uploads\/2014\/05\/refugio_navacerrada10.jpg' title=\"Estudio en el Puerto de Navacerrada \/ Beriot Bernardini Arquitectos (\u00a9 Yen Chen)\" data-rl_title=\"Estudio en el Puerto de Navacerrada \/ Beriot Bernardini Arquitectos (\u00a9 Yen Chen)\" class=\"rl-gallery-link\" data-rl_caption=\"Estudio en el Puerto de Navacerrada \/ Beriot Bernardini Arquitectos (\u00a9 Yen Chen)\" data-rel=\"lightbox-gallery-1\"><img loading=\"lazy\" decoding=\"async\" width=\"150\" height=\"150\" src=\"https:\/\/www.arquimaster.com.ar\/web\/wp-content\/uploads\/2014\/05\/refugio_navacerrada10-150x150.jpg\" class=\"attachment-thumbnail size-thumbnail\" alt=\"\" aria-describedby=\"gallery-1-6694\" srcset=\"https:\/\/www.arquimaster.com.ar\/web\/wp-content\/uploads\/2014\/05\/refugio_navacerrada10-150x150.jpg 150w, https:\/\/www.arquimaster.com.ar\/web\/wp-content\/uploads\/2014\/05\/refugio_navacerrada10-50x50.jpg 50w, https:\/\/www.arquimaster.com.ar\/web\/wp-content\/uploads\/2014\/05\/refugio_navacerrada10-125x125.jpg 125w\" sizes=\"auto, (max-width: 150px) 100vw, 150px\" \/><\/a>\n\t\t\t<\/div>\n\t\t\t\t<figcaption class='wp-caption-text gallery-caption' id='gallery-1-6694'>\n\t\t\t\tEstudio en el Puerto de Navacerrada \/ Beriot Bernardini Arquitectos (\u00a9 Yen Chen)\n\t\t\t\t<\/figcaption><\/figure><figure class='gallery-item'>\n\t\t\t<div class='gallery-icon landscape'>\n\t\t\t\t<a href='https:\/\/www.arquimaster.com.ar\/web\/wp-content\/uploads\/2014\/05\/refugio_navacerrada11.jpg' title=\"Estudio en el Puerto de Navacerrada \/ Beriot Bernardini Arquitectos (\u00a9 Yen Chen)\" data-rl_title=\"Estudio en el Puerto de Navacerrada \/ Beriot Bernardini Arquitectos (\u00a9 Yen Chen)\" class=\"rl-gallery-link\" data-rl_caption=\"Estudio en el Puerto de Navacerrada \/ Beriot Bernardini Arquitectos (\u00a9 Yen Chen)\" data-rel=\"lightbox-gallery-1\"><img loading=\"lazy\" decoding=\"async\" width=\"150\" height=\"150\" src=\"https:\/\/www.arquimaster.com.ar\/web\/wp-content\/uploads\/2014\/05\/refugio_navacerrada11-150x150.jpg\" class=\"attachment-thumbnail size-thumbnail\" alt=\"\" aria-describedby=\"gallery-1-6695\" srcset=\"https:\/\/www.arquimaster.com.ar\/web\/wp-content\/uploads\/2014\/05\/refugio_navacerrada11-150x150.jpg 150w, https:\/\/www.arquimaster.com.ar\/web\/wp-content\/uploads\/2014\/05\/refugio_navacerrada11-50x50.jpg 50w, https:\/\/www.arquimaster.com.ar\/web\/wp-content\/uploads\/2014\/05\/refugio_navacerrada11-125x125.jpg 125w\" sizes=\"auto, (max-width: 150px) 100vw, 150px\" \/><\/a>\n\t\t\t<\/div>\n\t\t\t\t<figcaption class='wp-caption-text gallery-caption' id='gallery-1-6695'>\n\t\t\t\tEstudio en el Puerto de Navacerrada \/ Beriot Bernardini Arquitectos (\u00a9 Yen Chen)\n\t\t\t\t<\/figcaption><\/figure><figure class='gallery-item'>\n\t\t\t<div class='gallery-icon landscape'>\n\t\t\t\t<a href='https:\/\/www.arquimaster.com.ar\/web\/wp-content\/uploads\/2014\/05\/refugio_navacerrada12.jpg' title=\"Estudio en el Puerto de Navacerrada \/ Beriot Bernardini Arquitectos (\u00a9 Yen Chen)\" data-rl_title=\"Estudio en el Puerto de Navacerrada \/ Beriot Bernardini Arquitectos (\u00a9 Yen Chen)\" class=\"rl-gallery-link\" data-rl_caption=\"Estudio en el Puerto de Navacerrada \/ Beriot Bernardini Arquitectos (\u00a9 Yen Chen)\" data-rel=\"lightbox-gallery-1\"><img loading=\"lazy\" decoding=\"async\" width=\"150\" height=\"150\" src=\"https:\/\/www.arquimaster.com.ar\/web\/wp-content\/uploads\/2014\/05\/refugio_navacerrada12-150x150.jpg\" class=\"attachment-thumbnail size-thumbnail\" alt=\"\" aria-describedby=\"gallery-1-6696\" srcset=\"https:\/\/www.arquimaster.com.ar\/web\/wp-content\/uploads\/2014\/05\/refugio_navacerrada12-150x150.jpg 150w, https:\/\/www.arquimaster.com.ar\/web\/wp-content\/uploads\/2014\/05\/refugio_navacerrada12-50x50.jpg 50w, https:\/\/www.arquimaster.com.ar\/web\/wp-content\/uploads\/2014\/05\/refugio_navacerrada12-125x125.jpg 125w\" sizes=\"auto, (max-width: 150px) 100vw, 150px\" \/><\/a>\n\t\t\t<\/div>\n\t\t\t\t<figcaption class='wp-caption-text gallery-caption' id='gallery-1-6696'>\n\t\t\t\tEstudio en el Puerto de Navacerrada \/ Beriot Bernardini Arquitectos (\u00a9 Yen Chen)\n\t\t\t\t<\/figcaption><\/figure><figure class='gallery-item'>\n\t\t\t<div class='gallery-icon portrait'>\n\t\t\t\t<a href='https:\/\/www.arquimaster.com.ar\/web\/wp-content\/uploads\/2014\/05\/refugio_navacerrada13.jpg' title=\"Estudio en el Puerto de Navacerrada \/ Beriot Bernardini Arquitectos (\u00a9 Yen Chen)\" data-rl_title=\"Estudio en el Puerto de Navacerrada \/ Beriot Bernardini Arquitectos (\u00a9 Yen Chen)\" class=\"rl-gallery-link\" data-rl_caption=\"Estudio en el Puerto de Navacerrada \/ Beriot Bernardini Arquitectos (\u00a9 Yen Chen)\" data-rel=\"lightbox-gallery-1\"><img loading=\"lazy\" decoding=\"async\" width=\"150\" height=\"150\" src=\"https:\/\/www.arquimaster.com.ar\/web\/wp-content\/uploads\/2014\/05\/refugio_navacerrada13-150x150.jpg\" class=\"attachment-thumbnail size-thumbnail\" alt=\"\" aria-describedby=\"gallery-1-6697\" srcset=\"https:\/\/www.arquimaster.com.ar\/web\/wp-content\/uploads\/2014\/05\/refugio_navacerrada13-150x150.jpg 150w, https:\/\/www.arquimaster.com.ar\/web\/wp-content\/uploads\/2014\/05\/refugio_navacerrada13-50x50.jpg 50w, https:\/\/www.arquimaster.com.ar\/web\/wp-content\/uploads\/2014\/05\/refugio_navacerrada13-125x125.jpg 125w\" sizes=\"auto, (max-width: 150px) 100vw, 150px\" \/><\/a>\n\t\t\t<\/div>\n\t\t\t\t<figcaption class='wp-caption-text gallery-caption' id='gallery-1-6697'>\n\t\t\t\tEstudio en el Puerto de Navacerrada \/ Beriot Bernardini Arquitectos (\u00a9 Yen Chen)\n\t\t\t\t<\/figcaption><\/figure><figure class='gallery-item'>\n\t\t\t<div class='gallery-icon landscape'>\n\t\t\t\t<a href='https:\/\/www.arquimaster.com.ar\/web\/wp-content\/uploads\/2014\/05\/refugio_navacerrada14.jpg' title=\"Estudio en el Puerto de Navacerrada \/ Beriot Bernardini Arquitectos (\u00a9 Yen Chen)\" data-rl_title=\"Estudio en el Puerto de Navacerrada \/ Beriot Bernardini Arquitectos (\u00a9 Yen Chen)\" class=\"rl-gallery-link\" data-rl_caption=\"Estudio en el Puerto de Navacerrada \/ Beriot Bernardini Arquitectos (\u00a9 Yen Chen)\" data-rel=\"lightbox-gallery-1\"><img loading=\"lazy\" decoding=\"async\" width=\"150\" height=\"150\" src=\"https:\/\/www.arquimaster.com.ar\/web\/wp-content\/uploads\/2014\/05\/refugio_navacerrada14-150x150.jpg\" class=\"attachment-thumbnail size-thumbnail\" alt=\"\" aria-describedby=\"gallery-1-6698\" srcset=\"https:\/\/www.arquimaster.com.ar\/web\/wp-content\/uploads\/2014\/05\/refugio_navacerrada14-150x150.jpg 150w, https:\/\/www.arquimaster.com.ar\/web\/wp-content\/uploads\/2014\/05\/refugio_navacerrada14-50x50.jpg 50w, https:\/\/www.arquimaster.com.ar\/web\/wp-content\/uploads\/2014\/05\/refugio_navacerrada14-125x125.jpg 125w\" sizes=\"auto, (max-width: 150px) 100vw, 150px\" \/><\/a>\n\t\t\t<\/div>\n\t\t\t\t<figcaption class='wp-caption-text gallery-caption' id='gallery-1-6698'>\n\t\t\t\tEstudio en el Puerto de Navacerrada \/ Beriot Bernardini Arquitectos (\u00a9 Yen Chen)\n\t\t\t\t<\/figcaption><\/figure><figure class='gallery-item'>\n\t\t\t<div class='gallery-icon portrait'>\n\t\t\t\t<a href='https:\/\/www.arquimaster.com.ar\/web\/wp-content\/uploads\/2014\/05\/refugio_navacerrada15.jpg' title=\"Estudio en el Puerto de Navacerrada \/ Beriot Bernardini Arquitectos (\u00a9 Yen Chen)\" data-rl_title=\"Estudio en el Puerto de Navacerrada \/ Beriot Bernardini Arquitectos (\u00a9 Yen Chen)\" class=\"rl-gallery-link\" data-rl_caption=\"Estudio en el Puerto de Navacerrada \/ Beriot Bernardini Arquitectos (\u00a9 Yen Chen)\" data-rel=\"lightbox-gallery-1\"><img loading=\"lazy\" decoding=\"async\" width=\"150\" height=\"150\" src=\"https:\/\/www.arquimaster.com.ar\/web\/wp-content\/uploads\/2014\/05\/refugio_navacerrada15-150x150.jpg\" class=\"attachment-thumbnail size-thumbnail\" alt=\"\" aria-describedby=\"gallery-1-6699\" srcset=\"https:\/\/www.arquimaster.com.ar\/web\/wp-content\/uploads\/2014\/05\/refugio_navacerrada15-150x150.jpg 150w, https:\/\/www.arquimaster.com.ar\/web\/wp-content\/uploads\/2014\/05\/refugio_navacerrada15-50x50.jpg 50w, https:\/\/www.arquimaster.com.ar\/web\/wp-content\/uploads\/2014\/05\/refugio_navacerrada15-125x125.jpg 125w\" sizes=\"auto, (max-width: 150px) 100vw, 150px\" \/><\/a>\n\t\t\t<\/div>\n\t\t\t\t<figcaption class='wp-caption-text gallery-caption' id='gallery-1-6699'>\n\t\t\t\tEstudio en el Puerto de Navacerrada \/ Beriot Bernardini Arquitectos (\u00a9 Yen Chen)\n\t\t\t\t<\/figcaption><\/figure><figure class='gallery-item'>\n\t\t\t<div class='gallery-icon portrait'>\n\t\t\t\t<a href='https:\/\/www.arquimaster.com.ar\/web\/wp-content\/uploads\/2014\/05\/refugio_navacerrada16.jpg' title=\"Estudio en el Puerto de Navacerrada \/ Beriot Bernardini Arquitectos (\u00a9 Yen Chen)\" data-rl_title=\"Estudio en el Puerto de Navacerrada \/ Beriot Bernardini Arquitectos (\u00a9 Yen Chen)\" class=\"rl-gallery-link\" data-rl_caption=\"Estudio en el Puerto de Navacerrada \/ Beriot Bernardini Arquitectos (\u00a9 Yen Chen)\" data-rel=\"lightbox-gallery-1\"><img loading=\"lazy\" decoding=\"async\" width=\"150\" height=\"150\" src=\"https:\/\/www.arquimaster.com.ar\/web\/wp-content\/uploads\/2014\/05\/refugio_navacerrada16-150x150.jpg\" class=\"attachment-thumbnail size-thumbnail\" alt=\"\" aria-describedby=\"gallery-1-6700\" srcset=\"https:\/\/www.arquimaster.com.ar\/web\/wp-content\/uploads\/2014\/05\/refugio_navacerrada16-150x150.jpg 150w, https:\/\/www.arquimaster.com.ar\/web\/wp-content\/uploads\/2014\/05\/refugio_navacerrada16-50x50.jpg 50w, https:\/\/www.arquimaster.com.ar\/web\/wp-content\/uploads\/2014\/05\/refugio_navacerrada16-125x125.jpg 125w\" sizes=\"auto, (max-width: 150px) 100vw, 150px\" \/><\/a>\n\t\t\t<\/div>\n\t\t\t\t<figcaption class='wp-caption-text gallery-caption' id='gallery-1-6700'>\n\t\t\t\tEstudio en el Puerto de Navacerrada \/ Beriot Bernardini Arquitectos (\u00a9 Yen Chen)\n\t\t\t\t<\/figcaption><\/figure><figure class='gallery-item'>\n\t\t\t<div class='gallery-icon landscape'>\n\t\t\t\t<a href='https:\/\/www.arquimaster.com.ar\/web\/wp-content\/uploads\/2014\/05\/refugio_navacerrada17.jpg' title=\"Estudio en el Puerto de Navacerrada \/ Beriot Bernardini Arquitectos (planta)\" data-rl_title=\"Estudio en el Puerto de Navacerrada \/ Beriot Bernardini Arquitectos (planta)\" class=\"rl-gallery-link\" data-rl_caption=\"Estudio en el Puerto de Navacerrada \/ Beriot Bernardini Arquitectos (planta)\" data-rel=\"lightbox-gallery-1\"><img loading=\"lazy\" decoding=\"async\" width=\"150\" height=\"150\" src=\"https:\/\/www.arquimaster.com.ar\/web\/wp-content\/uploads\/2014\/05\/refugio_navacerrada17-150x150.jpg\" class=\"attachment-thumbnail size-thumbnail\" alt=\"\" aria-describedby=\"gallery-1-6701\" srcset=\"https:\/\/www.arquimaster.com.ar\/web\/wp-content\/uploads\/2014\/05\/refugio_navacerrada17-150x150.jpg 150w, https:\/\/www.arquimaster.com.ar\/web\/wp-content\/uploads\/2014\/05\/refugio_navacerrada17-50x50.jpg 50w, https:\/\/www.arquimaster.com.ar\/web\/wp-content\/uploads\/2014\/05\/refugio_navacerrada17-125x125.jpg 125w\" sizes=\"auto, (max-width: 150px) 100vw, 150px\" \/><\/a>\n\t\t\t<\/div>\n\t\t\t\t<figcaption class='wp-caption-text gallery-caption' id='gallery-1-6701'>\n\t\t\t\tEstudio en el Puerto de Navacerrada \/ Beriot Bernardini Arquitectos (planta)\n\t\t\t\t<\/figcaption><\/figure><figure class='gallery-item'>\n\t\t\t<div class='gallery-icon landscape'>\n\t\t\t\t<a href='https:\/\/www.arquimaster.com.ar\/web\/wp-content\/uploads\/2014\/05\/refugio_navacerrada18.jpg' title=\"Estudio en el Puerto de Navacerrada \/ Beriot Bernardini Arquitectos (corte longitudinal)\" data-rl_title=\"Estudio en el Puerto de Navacerrada \/ Beriot Bernardini Arquitectos (corte longitudinal)\" class=\"rl-gallery-link\" data-rl_caption=\"Estudio en el Puerto de Navacerrada \/ Beriot Bernardini Arquitectos (corte longitudinal)\" data-rel=\"lightbox-gallery-1\"><img loading=\"lazy\" decoding=\"async\" width=\"150\" height=\"150\" src=\"https:\/\/www.arquimaster.com.ar\/web\/wp-content\/uploads\/2014\/05\/refugio_navacerrada18-150x150.jpg\" class=\"attachment-thumbnail size-thumbnail\" alt=\"\" aria-describedby=\"gallery-1-6702\" srcset=\"https:\/\/www.arquimaster.com.ar\/web\/wp-content\/uploads\/2014\/05\/refugio_navacerrada18-150x150.jpg 150w, https:\/\/www.arquimaster.com.ar\/web\/wp-content\/uploads\/2014\/05\/refugio_navacerrada18-50x50.jpg 50w, https:\/\/www.arquimaster.com.ar\/web\/wp-content\/uploads\/2014\/05\/refugio_navacerrada18-125x125.jpg 125w\" sizes=\"auto, (max-width: 150px) 100vw, 150px\" \/><\/a>\n\t\t\t<\/div>\n\t\t\t\t<figcaption class='wp-caption-text gallery-caption' id='gallery-1-6702'>\n\t\t\t\tEstudio en el Puerto de Navacerrada \/ Beriot Bernardini Arquitectos (corte longitudinal)\n\t\t\t\t<\/figcaption><\/figure><figure class='gallery-item'>\n\t\t\t<div class='gallery-icon landscape'>\n\t\t\t\t<a href='https:\/\/www.arquimaster.com.ar\/web\/wp-content\/uploads\/2014\/05\/refugio_navacerrada19.jpg' title=\"Estudio en el Puerto de Navacerrada \/ Beriot Bernardini Arquitectos (corte transversal)\" data-rl_title=\"Estudio en el Puerto de Navacerrada \/ Beriot Bernardini Arquitectos (corte transversal)\" class=\"rl-gallery-link\" data-rl_caption=\"Estudio en el Puerto de Navacerrada \/ Beriot Bernardini Arquitectos (corte transversal)\" data-rel=\"lightbox-gallery-1\"><img loading=\"lazy\" decoding=\"async\" width=\"150\" height=\"150\" src=\"https:\/\/www.arquimaster.com.ar\/web\/wp-content\/uploads\/2014\/05\/refugio_navacerrada19-150x150.jpg\" class=\"attachment-thumbnail size-thumbnail\" alt=\"\" aria-describedby=\"gallery-1-6703\" srcset=\"https:\/\/www.arquimaster.com.ar\/web\/wp-content\/uploads\/2014\/05\/refugio_navacerrada19-150x150.jpg 150w, https:\/\/www.arquimaster.com.ar\/web\/wp-content\/uploads\/2014\/05\/refugio_navacerrada19-50x50.jpg 50w, https:\/\/www.arquimaster.com.ar\/web\/wp-content\/uploads\/2014\/05\/refugio_navacerrada19-125x125.jpg 125w\" sizes=\"auto, (max-width: 150px) 100vw, 150px\" \/><\/a>\n\t\t\t<\/div>\n\t\t\t\t<figcaption class='wp-caption-text gallery-caption' id='gallery-1-6703'>\n\t\t\t\tEstudio en el Puerto de Navacerrada \/ Beriot Bernardini Arquitectos (corte transversal)\n\t\t\t\t<\/figcaption><\/figure><figure class='gallery-item'>\n\t\t\t<div class='gallery-icon portrait'>\n\t\t\t\t<a href='https:\/\/www.arquimaster.com.ar\/web\/wp-content\/uploads\/2014\/05\/refugio_navacerrada20.jpg' title=\"Estudio en el Puerto de Navacerrada \/ Beriot Bernardini Arquitectos (perspectiva)\" data-rl_title=\"Estudio en el Puerto de Navacerrada \/ Beriot Bernardini Arquitectos (perspectiva)\" class=\"rl-gallery-link\" data-rl_caption=\"Estudio en el Puerto de Navacerrada \/ Beriot Bernardini Arquitectos (perspectiva)\" data-rel=\"lightbox-gallery-1\"><img loading=\"lazy\" decoding=\"async\" width=\"150\" height=\"150\" src=\"https:\/\/www.arquimaster.com.ar\/web\/wp-content\/uploads\/2014\/05\/refugio_navacerrada20-150x150.jpg\" class=\"attachment-thumbnail size-thumbnail\" alt=\"\" aria-describedby=\"gallery-1-6704\" srcset=\"https:\/\/www.arquimaster.com.ar\/web\/wp-content\/uploads\/2014\/05\/refugio_navacerrada20-150x150.jpg 150w, https:\/\/www.arquimaster.com.ar\/web\/wp-content\/uploads\/2014\/05\/refugio_navacerrada20-50x50.jpg 50w, https:\/\/www.arquimaster.com.ar\/web\/wp-content\/uploads\/2014\/05\/refugio_navacerrada20-125x125.jpg 125w\" sizes=\"auto, (max-width: 150px) 100vw, 150px\" \/><\/a>\n\t\t\t<\/div>\n\t\t\t\t<figcaption class='wp-caption-text gallery-caption' id='gallery-1-6704'>\n\t\t\t\tEstudio en el Puerto de Navacerrada \/ Beriot Bernardini Arquitectos (perspectiva)\n\t\t\t\t<\/figcaption><\/figure><figure class='gallery-item'>\n\t\t\t<div class='gallery-icon landscape'>\n\t\t\t\t<a href='https:\/\/www.arquimaster.com.ar\/web\/wp-content\/uploads\/2014\/05\/refugio_navacerrada21.jpg' title=\"Estudio en el Puerto de Navacerrada \/ Beriot Bernardini Arquitectos (perspectiva)\" data-rl_title=\"Estudio en el Puerto de Navacerrada \/ Beriot Bernardini Arquitectos (perspectiva)\" class=\"rl-gallery-link\" data-rl_caption=\"Estudio en el Puerto de Navacerrada \/ Beriot Bernardini Arquitectos (perspectiva)\" data-rel=\"lightbox-gallery-1\"><img loading=\"lazy\" decoding=\"async\" width=\"150\" height=\"150\" src=\"https:\/\/www.arquimaster.com.ar\/web\/wp-content\/uploads\/2014\/05\/refugio_navacerrada21-150x150.jpg\" class=\"attachment-thumbnail size-thumbnail\" alt=\"\" aria-describedby=\"gallery-1-6705\" srcset=\"https:\/\/www.arquimaster.com.ar\/web\/wp-content\/uploads\/2014\/05\/refugio_navacerrada21-150x150.jpg 150w, https:\/\/www.arquimaster.com.ar\/web\/wp-content\/uploads\/2014\/05\/refugio_navacerrada21-50x50.jpg 50w, https:\/\/www.arquimaster.com.ar\/web\/wp-content\/uploads\/2014\/05\/refugio_navacerrada21-125x125.jpg 125w\" sizes=\"auto, (max-width: 150px) 100vw, 150px\" \/><\/a>\n\t\t\t<\/div>\n\t\t\t\t<figcaption class='wp-caption-text gallery-caption' id='gallery-1-6705'>\n\t\t\t\tEstudio en el Puerto de Navacerrada \/ Beriot Bernardini Arquitectos (perspectiva)\n\t\t\t\t<\/figcaption><\/figure>\n\t\t<\/div>\n\n<p>El espacio de la vivienda se despeja por entero excepto por un peque\u00f1o n\u00facleo de aseo, insertando luego \u00fanicamente dos cajas de madera de pino oreg\u00f3n que recogen y definen los usos de estar y dormir.<\/p>\n<p>La caja de estar modifica su geometr\u00eda para enmarcar el paisaje de la monta\u00f1a tras la gran ventana.<\/p>\n<p>La caja de dormir recoge una cama doble y otra sencilla superpuesta, y puede cerrarse como una tienda de campa\u00f1a cuando a\u00fan no se ha calentado la vivienda.<\/p>\n<p>El suelo de lin\u00f3leo negro resalta la presencia de las cajas en el espacio vac\u00edo, y una mesa abatible contra la caja de dormir define el comedor en el espacio entre ambas.<\/p>\n<p>Una larga cortina oculta una banda longitudinal dedicada a cocina y almacenamiento.<\/p>\n<p><strong>Ficha tecnica<\/strong><br \/>\nNombre: Estudio en el Puerto de Navacerrada<br \/>\nUbicacion: Madrid, Espa\u00f1a<br \/>\nArquitectos: Beriot Bernardini Arquitectos<br \/>\nSuperficie: 25 m2<br \/>\nFotograf\u00edas: Yen Chen<\/p>\n<p><strong>Contacto:<\/strong> <a title=\"Beriot Bernardini Arquitectos\" href=\"http:\/\/www.beriotbernardini.net\" target=\"_blank\">http:\/\/www.beriotbernardini.net<\/a><\/p>\n<p>&nbsp;<\/p>\n<p><em><strong>English version<\/strong><\/em><\/p>\n<p><em><strong>Studio in a mountain resort<\/strong><\/em><\/p>\n<p><em>The project handles the conversion of a 25 sq-m apartment in a mountain resort near Madrid.<\/em><\/p>\n<p><em>The apartment is cleared completely except for a small bathroom, then inserting into the empty space two wooden boxes for living and sleeping.<\/em><\/p>\n<p><em>The living box modifies its geometry to frame the mountain landscape through the long window.<\/em><\/p>\n<p><em>The sleeping box houses a double bed and a single one above it, and can be closed like a sleeping tent when the apartment is still cold.<\/em><\/p>\n<p><em>A black linoleum floor outlines the presence of the boxes in the empty space, and a foldable table against the sleeping box defines the dining space between them.<\/em><\/p>\n<p><em>A long curtain hides a band dedicated to kitchen and storage.<\/em><\/p>\n\n<div style=\"font-size: 0px; height: 0px; line-height: 0px; margin: 0; padding: 0; clear: both;\"><\/div><div style=\"margin-top: 0px; margin-bottom: 0px;\" class=\"sharethis-inline-share-buttons\" ><\/div>","protected":false},"excerpt":{"rendered":"<p>Reforma de un estudio en un puerto de monta\u00f1a, enmarcando el paisaje tras una gran ventana&#8230;<\/p>\n","protected":false},"author":1,"featured_media":6684,"comment_status":"closed","ping_status":"closed","sticky":false,"template":"","format":"standard","meta":{"_uag_custom_page_level_css":"","footnotes":""},"categories":[79,1],"tags":[869,104,1711,968,441,1713,1710,1043,1709,1712],"class_list":["post-6683","post","type-post","status-publish","format-standard","has-post-thumbnail","hentry","category-departamentos","category-proyecto","tag-beriot-bernardini-arquitectos","tag-espana","tag-estudio","tag-loft","tag-madrid","tag-puerto-de-montana","tag-puerto-de-navacerrada","tag-reforma-de-vivienda","tag-refugio","tag-studio","generate-columns","tablet-grid-50","mobile-grid-100","grid-parent","grid-50"],"yoast_head":"<!-- This site is optimized with the Yoast SEO plugin v27.3 - https:\/\/yoast.com\/product\/yoast-seo-wordpress\/ -->\n<title>Estudio en el Puerto de Navacerrada \/ Beriot Bernardini Arquitectos - Arquimaster<\/title>\n<meta name=\"robots\" content=\"index, follow, max-snippet:-1, max-image-preview:large, max-video-preview:-1\" \/>\n<link rel=\"canonical\" href=\"https:\/\/www.arquimaster.com.ar\/web\/estudio-en-el-puerto-de-navacerrada-beriot-bernardini-arquitectos\/\" \/>\n<meta property=\"og:locale\" content=\"es_ES\" \/>\n<meta property=\"og:type\" content=\"article\" \/>\n<meta property=\"og:title\" content=\"Estudio en el Puerto de Navacerrada \/ Beriot Bernardini Arquitectos - Arquimaster\" \/>\n<meta property=\"og:description\" content=\"Reforma de un estudio en un puerto de monta\u00f1a, enmarcando el paisaje tras una gran ventana...\" \/>\n<meta property=\"og:url\" content=\"https:\/\/www.arquimaster.com.ar\/web\/estudio-en-el-puerto-de-navacerrada-beriot-bernardini-arquitectos\/\" \/>\n<meta property=\"og:site_name\" content=\"Arquimaster\" \/>\n<meta property=\"article:publisher\" content=\"http:\/\/www.facebook.com\/ARQUIMASTER.com.ar\" \/>\n<meta property=\"article:published_time\" content=\"2014-05-02T03:45:03+00:00\" \/>\n<meta property=\"og:image\" content=\"https:\/\/www.arquimaster.com.ar\/web\/wp-content\/uploads\/2014\/05\/refugio_navacerrada_slide.jpg\" \/>\n\t<meta property=\"og:image:width\" content=\"642\" \/>\n\t<meta property=\"og:image:height\" content=\"336\" \/>\n\t<meta property=\"og:image:type\" content=\"image\/jpeg\" \/>\n<meta name=\"author\" content=\"Arquimaster\" \/>\n<meta name=\"twitter:card\" content=\"summary_large_image\" \/>\n<meta name=\"twitter:creator\" content=\"@arquimaster\" \/>\n<meta name=\"twitter:site\" content=\"@arquimaster\" \/>\n<meta name=\"twitter:label1\" content=\"Escrito por\" \/>\n\t<meta name=\"twitter:data1\" content=\"Arquimaster\" \/>\n\t<meta name=\"twitter:label2\" content=\"Tiempo de lectura\" \/>\n\t<meta name=\"twitter:data2\" content=\"2 minutos\" \/>\n<script type=\"application\/ld+json\" class=\"yoast-schema-graph\">{\"@context\":\"https:\\\/\\\/schema.org\",\"@graph\":[{\"@type\":\"Article\",\"@id\":\"https:\\\/\\\/www.arquimaster.com.ar\\\/web\\\/estudio-en-el-puerto-de-navacerrada-beriot-bernardini-arquitectos\\\/#article\",\"isPartOf\":{\"@id\":\"https:\\\/\\\/www.arquimaster.com.ar\\\/web\\\/estudio-en-el-puerto-de-navacerrada-beriot-bernardini-arquitectos\\\/\"},\"author\":{\"name\":\"Arquimaster\",\"@id\":\"https:\\\/\\\/www.arquimaster.com.ar\\\/web\\\/#\\\/schema\\\/person\\\/359e9f7c00193fcde068e0dd2ceb0028\"},\"headline\":\"Estudio en el Puerto de Navacerrada \\\/ Beriot Bernardini Arquitectos\",\"datePublished\":\"2014-05-02T03:45:03+00:00\",\"mainEntityOfPage\":{\"@id\":\"https:\\\/\\\/www.arquimaster.com.ar\\\/web\\\/estudio-en-el-puerto-de-navacerrada-beriot-bernardini-arquitectos\\\/\"},\"wordCount\":337,\"publisher\":{\"@id\":\"https:\\\/\\\/www.arquimaster.com.ar\\\/web\\\/#organization\"},\"image\":{\"@id\":\"https:\\\/\\\/www.arquimaster.com.ar\\\/web\\\/estudio-en-el-puerto-de-navacerrada-beriot-bernardini-arquitectos\\\/#primaryimage\"},\"thumbnailUrl\":\"https:\\\/\\\/www.arquimaster.com.ar\\\/web\\\/wp-content\\\/uploads\\\/2014\\\/05\\\/refugio_navacerrada_slide.jpg\",\"keywords\":[\"Beriot Bernardini Arquitectos\",\"Espa\u00f1a\",\"estudio\",\"loft\",\"Madrid\",\"puerto de monta\u00f1a\",\"Puerto de Navacerrada\",\"reforma de vivienda\",\"refugio\",\"studio\"],\"articleSection\":[\"Departamentos y Lofts\",\"Proyecto\"],\"inLanguage\":\"es\"},{\"@type\":\"WebPage\",\"@id\":\"https:\\\/\\\/www.arquimaster.com.ar\\\/web\\\/estudio-en-el-puerto-de-navacerrada-beriot-bernardini-arquitectos\\\/\",\"url\":\"https:\\\/\\\/www.arquimaster.com.ar\\\/web\\\/estudio-en-el-puerto-de-navacerrada-beriot-bernardini-arquitectos\\\/\",\"name\":\"Estudio en el Puerto de Navacerrada \\\/ Beriot Bernardini Arquitectos - Arquimaster\",\"isPartOf\":{\"@id\":\"https:\\\/\\\/www.arquimaster.com.ar\\\/web\\\/#website\"},\"primaryImageOfPage\":{\"@id\":\"https:\\\/\\\/www.arquimaster.com.ar\\\/web\\\/estudio-en-el-puerto-de-navacerrada-beriot-bernardini-arquitectos\\\/#primaryimage\"},\"image\":{\"@id\":\"https:\\\/\\\/www.arquimaster.com.ar\\\/web\\\/estudio-en-el-puerto-de-navacerrada-beriot-bernardini-arquitectos\\\/#primaryimage\"},\"thumbnailUrl\":\"https:\\\/\\\/www.arquimaster.com.ar\\\/web\\\/wp-content\\\/uploads\\\/2014\\\/05\\\/refugio_navacerrada_slide.jpg\",\"datePublished\":\"2014-05-02T03:45:03+00:00\",\"breadcrumb\":{\"@id\":\"https:\\\/\\\/www.arquimaster.com.ar\\\/web\\\/estudio-en-el-puerto-de-navacerrada-beriot-bernardini-arquitectos\\\/#breadcrumb\"},\"inLanguage\":\"es\",\"potentialAction\":[{\"@type\":\"ReadAction\",\"target\":[\"https:\\\/\\\/www.arquimaster.com.ar\\\/web\\\/estudio-en-el-puerto-de-navacerrada-beriot-bernardini-arquitectos\\\/\"]}]},{\"@type\":\"ImageObject\",\"inLanguage\":\"es\",\"@id\":\"https:\\\/\\\/www.arquimaster.com.ar\\\/web\\\/estudio-en-el-puerto-de-navacerrada-beriot-bernardini-arquitectos\\\/#primaryimage\",\"url\":\"https:\\\/\\\/www.arquimaster.com.ar\\\/web\\\/wp-content\\\/uploads\\\/2014\\\/05\\\/refugio_navacerrada_slide.jpg\",\"contentUrl\":\"https:\\\/\\\/www.arquimaster.com.ar\\\/web\\\/wp-content\\\/uploads\\\/2014\\\/05\\\/refugio_navacerrada_slide.jpg\",\"width\":642,\"height\":336},{\"@type\":\"BreadcrumbList\",\"@id\":\"https:\\\/\\\/www.arquimaster.com.ar\\\/web\\\/estudio-en-el-puerto-de-navacerrada-beriot-bernardini-arquitectos\\\/#breadcrumb\",\"itemListElement\":[{\"@type\":\"ListItem\",\"position\":1,\"name\":\"Portada\",\"item\":\"https:\\\/\\\/www.arquimaster.com.ar\\\/web\\\/\"},{\"@type\":\"ListItem\",\"position\":2,\"name\":\"Estudio en el Puerto de Navacerrada \\\/ Beriot Bernardini Arquitectos\"}]},{\"@type\":\"WebSite\",\"@id\":\"https:\\\/\\\/www.arquimaster.com.ar\\\/web\\\/#website\",\"url\":\"https:\\\/\\\/www.arquimaster.com.ar\\\/web\\\/\",\"name\":\"Arquimaster\",\"description\":\"Web de arquitectura, dise\u00f1o y construccion\",\"publisher\":{\"@id\":\"https:\\\/\\\/www.arquimaster.com.ar\\\/web\\\/#organization\"},\"potentialAction\":[{\"@type\":\"SearchAction\",\"target\":{\"@type\":\"EntryPoint\",\"urlTemplate\":\"https:\\\/\\\/www.arquimaster.com.ar\\\/web\\\/?s={search_term_string}\"},\"query-input\":{\"@type\":\"PropertyValueSpecification\",\"valueRequired\":true,\"valueName\":\"search_term_string\"}}],\"inLanguage\":\"es\"},{\"@type\":\"Organization\",\"@id\":\"https:\\\/\\\/www.arquimaster.com.ar\\\/web\\\/#organization\",\"name\":\"Arquimaster\",\"url\":\"https:\\\/\\\/www.arquimaster.com.ar\\\/web\\\/\",\"logo\":{\"@type\":\"ImageObject\",\"inLanguage\":\"es\",\"@id\":\"https:\\\/\\\/www.arquimaster.com.ar\\\/web\\\/#\\\/schema\\\/logo\\\/image\\\/\",\"url\":\"https:\\\/\\\/www.arquimaster.com.ar\\\/web\\\/wp-content\\\/uploads\\\/2022\\\/06\\\/arquimaster.png\",\"contentUrl\":\"https:\\\/\\\/www.arquimaster.com.ar\\\/web\\\/wp-content\\\/uploads\\\/2022\\\/06\\\/arquimaster.png\",\"width\":594,\"height\":78,\"caption\":\"Arquimaster\"},\"image\":{\"@id\":\"https:\\\/\\\/www.arquimaster.com.ar\\\/web\\\/#\\\/schema\\\/logo\\\/image\\\/\"},\"sameAs\":[\"http:\\\/\\\/www.facebook.com\\\/ARQUIMASTER.com.ar\",\"https:\\\/\\\/x.com\\\/arquimaster\",\"https:\\\/\\\/www.instagram.com\\\/arquimasterblog\\\/\",\"https:\\\/\\\/www.linkedin.com\\\/company\\\/arquimaster\",\"https:\\\/\\\/www.pinterest.com\\\/arquimaster\",\"https:\\\/\\\/t.me\\\/arquimaster\"]},{\"@type\":\"Person\",\"@id\":\"https:\\\/\\\/www.arquimaster.com.ar\\\/web\\\/#\\\/schema\\\/person\\\/359e9f7c00193fcde068e0dd2ceb0028\",\"name\":\"Arquimaster\"}]}<\/script>\n<!-- \/ Yoast SEO plugin. -->","yoast_head_json":{"title":"Estudio en el Puerto de Navacerrada \/ Beriot Bernardini Arquitectos - Arquimaster","robots":{"index":"index","follow":"follow","max-snippet":"max-snippet:-1","max-image-preview":"max-image-preview:large","max-video-preview":"max-video-preview:-1"},"canonical":"https:\/\/www.arquimaster.com.ar\/web\/estudio-en-el-puerto-de-navacerrada-beriot-bernardini-arquitectos\/","og_locale":"es_ES","og_type":"article","og_title":"Estudio en el Puerto de Navacerrada \/ Beriot Bernardini Arquitectos - Arquimaster","og_description":"Reforma de un estudio en un puerto de monta\u00f1a, enmarcando el paisaje tras una gran ventana...","og_url":"https:\/\/www.arquimaster.com.ar\/web\/estudio-en-el-puerto-de-navacerrada-beriot-bernardini-arquitectos\/","og_site_name":"Arquimaster","article_publisher":"http:\/\/www.facebook.com\/ARQUIMASTER.com.ar","article_published_time":"2014-05-02T03:45:03+00:00","og_image":[{"width":642,"height":336,"url":"https:\/\/www.arquimaster.com.ar\/web\/wp-content\/uploads\/2014\/05\/refugio_navacerrada_slide.jpg","type":"image\/jpeg"}],"author":"Arquimaster","twitter_card":"summary_large_image","twitter_creator":"@arquimaster","twitter_site":"@arquimaster","twitter_misc":{"Escrito por":"Arquimaster","Tiempo de lectura":"2 minutos"},"schema":{"@context":"https:\/\/schema.org","@graph":[{"@type":"Article","@id":"https:\/\/www.arquimaster.com.ar\/web\/estudio-en-el-puerto-de-navacerrada-beriot-bernardini-arquitectos\/#article","isPartOf":{"@id":"https:\/\/www.arquimaster.com.ar\/web\/estudio-en-el-puerto-de-navacerrada-beriot-bernardini-arquitectos\/"},"author":{"name":"Arquimaster","@id":"https:\/\/www.arquimaster.com.ar\/web\/#\/schema\/person\/359e9f7c00193fcde068e0dd2ceb0028"},"headline":"Estudio en el Puerto de Navacerrada \/ Beriot Bernardini Arquitectos","datePublished":"2014-05-02T03:45:03+00:00","mainEntityOfPage":{"@id":"https:\/\/www.arquimaster.com.ar\/web\/estudio-en-el-puerto-de-navacerrada-beriot-bernardini-arquitectos\/"},"wordCount":337,"publisher":{"@id":"https:\/\/www.arquimaster.com.ar\/web\/#organization"},"image":{"@id":"https:\/\/www.arquimaster.com.ar\/web\/estudio-en-el-puerto-de-navacerrada-beriot-bernardini-arquitectos\/#primaryimage"},"thumbnailUrl":"https:\/\/www.arquimaster.com.ar\/web\/wp-content\/uploads\/2014\/05\/refugio_navacerrada_slide.jpg","keywords":["Beriot Bernardini Arquitectos","Espa\u00f1a","estudio","loft","Madrid","puerto de monta\u00f1a","Puerto de Navacerrada","reforma de vivienda","refugio","studio"],"articleSection":["Departamentos y Lofts","Proyecto"],"inLanguage":"es"},{"@type":"WebPage","@id":"https:\/\/www.arquimaster.com.ar\/web\/estudio-en-el-puerto-de-navacerrada-beriot-bernardini-arquitectos\/","url":"https:\/\/www.arquimaster.com.ar\/web\/estudio-en-el-puerto-de-navacerrada-beriot-bernardini-arquitectos\/","name":"Estudio en el Puerto de Navacerrada \/ Beriot Bernardini Arquitectos - Arquimaster","isPartOf":{"@id":"https:\/\/www.arquimaster.com.ar\/web\/#website"},"primaryImageOfPage":{"@id":"https:\/\/www.arquimaster.com.ar\/web\/estudio-en-el-puerto-de-navacerrada-beriot-bernardini-arquitectos\/#primaryimage"},"image":{"@id":"https:\/\/www.arquimaster.com.ar\/web\/estudio-en-el-puerto-de-navacerrada-beriot-bernardini-arquitectos\/#primaryimage"},"thumbnailUrl":"https:\/\/www.arquimaster.com.ar\/web\/wp-content\/uploads\/2014\/05\/refugio_navacerrada_slide.jpg","datePublished":"2014-05-02T03:45:03+00:00","breadcrumb":{"@id":"https:\/\/www.arquimaster.com.ar\/web\/estudio-en-el-puerto-de-navacerrada-beriot-bernardini-arquitectos\/#breadcrumb"},"inLanguage":"es","potentialAction":[{"@type":"ReadAction","target":["https:\/\/www.arquimaster.com.ar\/web\/estudio-en-el-puerto-de-navacerrada-beriot-bernardini-arquitectos\/"]}]},{"@type":"ImageObject","inLanguage":"es","@id":"https:\/\/www.arquimaster.com.ar\/web\/estudio-en-el-puerto-de-navacerrada-beriot-bernardini-arquitectos\/#primaryimage","url":"https:\/\/www.arquimaster.com.ar\/web\/wp-content\/uploads\/2014\/05\/refugio_navacerrada_slide.jpg","contentUrl":"https:\/\/www.arquimaster.com.ar\/web\/wp-content\/uploads\/2014\/05\/refugio_navacerrada_slide.jpg","width":642,"height":336},{"@type":"BreadcrumbList","@id":"https:\/\/www.arquimaster.com.ar\/web\/estudio-en-el-puerto-de-navacerrada-beriot-bernardini-arquitectos\/#breadcrumb","itemListElement":[{"@type":"ListItem","position":1,"name":"Portada","item":"https:\/\/www.arquimaster.com.ar\/web\/"},{"@type":"ListItem","position":2,"name":"Estudio en el Puerto de Navacerrada \/ Beriot Bernardini Arquitectos"}]},{"@type":"WebSite","@id":"https:\/\/www.arquimaster.com.ar\/web\/#website","url":"https:\/\/www.arquimaster.com.ar\/web\/","name":"Arquimaster","description":"Web de arquitectura, dise\u00f1o y construccion","publisher":{"@id":"https:\/\/www.arquimaster.com.ar\/web\/#organization"},"potentialAction":[{"@type":"SearchAction","target":{"@type":"EntryPoint","urlTemplate":"https:\/\/www.arquimaster.com.ar\/web\/?s={search_term_string}"},"query-input":{"@type":"PropertyValueSpecification","valueRequired":true,"valueName":"search_term_string"}}],"inLanguage":"es"},{"@type":"Organization","@id":"https:\/\/www.arquimaster.com.ar\/web\/#organization","name":"Arquimaster","url":"https:\/\/www.arquimaster.com.ar\/web\/","logo":{"@type":"ImageObject","inLanguage":"es","@id":"https:\/\/www.arquimaster.com.ar\/web\/#\/schema\/logo\/image\/","url":"https:\/\/www.arquimaster.com.ar\/web\/wp-content\/uploads\/2022\/06\/arquimaster.png","contentUrl":"https:\/\/www.arquimaster.com.ar\/web\/wp-content\/uploads\/2022\/06\/arquimaster.png","width":594,"height":78,"caption":"Arquimaster"},"image":{"@id":"https:\/\/www.arquimaster.com.ar\/web\/#\/schema\/logo\/image\/"},"sameAs":["http:\/\/www.facebook.com\/ARQUIMASTER.com.ar","https:\/\/x.com\/arquimaster","https:\/\/www.instagram.com\/arquimasterblog\/","https:\/\/www.linkedin.com\/company\/arquimaster","https:\/\/www.pinterest.com\/arquimaster","https:\/\/t.me\/arquimaster"]},{"@type":"Person","@id":"https:\/\/www.arquimaster.com.ar\/web\/#\/schema\/person\/359e9f7c00193fcde068e0dd2ceb0028","name":"Arquimaster"}]}},"uagb_featured_image_src":{"full":["https:\/\/www.arquimaster.com.ar\/web\/wp-content\/uploads\/2014\/05\/refugio_navacerrada_slide.jpg",642,336,false],"thumbnail":["https:\/\/www.arquimaster.com.ar\/web\/wp-content\/uploads\/2014\/05\/refugio_navacerrada_slide-150x150.jpg",150,150,true],"medium":["https:\/\/www.arquimaster.com.ar\/web\/wp-content\/uploads\/2014\/05\/refugio_navacerrada_slide-300x157.jpg",300,157,true],"medium_large":["https:\/\/www.arquimaster.com.ar\/web\/wp-content\/uploads\/2014\/05\/refugio_navacerrada_slide.jpg",642,336,false],"large":["https:\/\/www.arquimaster.com.ar\/web\/wp-content\/uploads\/2014\/05\/refugio_navacerrada_slide.jpg",642,336,false],"1536x1536":["https:\/\/www.arquimaster.com.ar\/web\/wp-content\/uploads\/2014\/05\/refugio_navacerrada_slide.jpg",642,336,false],"2048x2048":["https:\/\/www.arquimaster.com.ar\/web\/wp-content\/uploads\/2014\/05\/refugio_navacerrada_slide.jpg",642,336,false]},"uagb_author_info":{"display_name":"Arquimaster","author_link":"https:\/\/www.arquimaster.com.ar\/web\/author\/arquimaster\/"},"uagb_comment_info":0,"uagb_excerpt":"Reforma de un estudio en un puerto de monta\u00f1a, enmarcando el paisaje tras una gran ventana...","_links":{"self":[{"href":"https:\/\/www.arquimaster.com.ar\/web\/wp-json\/wp\/v2\/posts\/6683","targetHints":{"allow":["GET"]}}],"collection":[{"href":"https:\/\/www.arquimaster.com.ar\/web\/wp-json\/wp\/v2\/posts"}],"about":[{"href":"https:\/\/www.arquimaster.com.ar\/web\/wp-json\/wp\/v2\/types\/post"}],"author":[{"embeddable":true,"href":"https:\/\/www.arquimaster.com.ar\/web\/wp-json\/wp\/v2\/users\/1"}],"replies":[{"embeddable":true,"href":"https:\/\/www.arquimaster.com.ar\/web\/wp-json\/wp\/v2\/comments?post=6683"}],"version-history":[{"count":0,"href":"https:\/\/www.arquimaster.com.ar\/web\/wp-json\/wp\/v2\/posts\/6683\/revisions"}],"wp:featuredmedia":[{"embeddable":true,"href":"https:\/\/www.arquimaster.com.ar\/web\/wp-json\/wp\/v2\/media\/6684"}],"wp:attachment":[{"href":"https:\/\/www.arquimaster.com.ar\/web\/wp-json\/wp\/v2\/media?parent=6683"}],"wp:term":[{"taxonomy":"category","embeddable":true,"href":"https:\/\/www.arquimaster.com.ar\/web\/wp-json\/wp\/v2\/categories?post=6683"},{"taxonomy":"post_tag","embeddable":true,"href":"https:\/\/www.arquimaster.com.ar\/web\/wp-json\/wp\/v2\/tags?post=6683"}],"curies":[{"name":"wp","href":"https:\/\/api.w.org\/{rel}","templated":true}]}}