{"id":66943,"date":"2021-08-26T13:45:13","date_gmt":"2021-08-26T16:45:13","guid":{"rendered":"https:\/\/www.arquimaster.com.ar\/web\/?p=66943"},"modified":"2022-05-09T16:10:25","modified_gmt":"2022-05-09T19:10:25","slug":"casa-mm-estudio-pka","status":"publish","type":"post","link":"https:\/\/www.arquimaster.com.ar\/web\/casa-mm-estudio-pka\/","title":{"rendered":"Casa M&#038;M \/ Estudio PKa"},"content":{"rendered":"<div style=\"margin-top: 0px; margin-bottom: 0px;\" class=\"sharethis-inline-share-buttons\" ><\/div><div class=\"b812932af2e751442846f039925109de\" data-index=\"1\" style=\"float: none; margin:25px 0 25px 0; text-align:center;\">\n<script async src=\"https:\/\/pagead2.googlesyndication.com\/pagead\/js\/adsbygoogle.js\"><\/script>\r\n<!-- Arquimaster (superior) -->\r\n<ins class=\"adsbygoogle\"\r\n     style=\"display:block\"\r\n     data-ad-client=\"ca-pub-6351072698456832\"\r\n     data-ad-slot=\"6455489680\"\r\n     data-ad-format=\"auto\"\r\n     data-full-width-responsive=\"true\"><\/ins>\r\n<script>\r\n     (adsbygoogle = window.adsbygoogle || []).push({});\r\n<\/script>\n<\/div>\n<p><strong>Casa M&amp;M<\/strong> (Tigre, Pcia. de Buenos Aires, Argentina) por <strong>Estudio PKa<\/strong>. Situada en el barrio Santa Teresa, Tigre, Provincia de Buenos Aires con visuales a la laguna, Casa M&amp;M se proyecta a partir de un volumen s\u00f3lido, calado y con un manejo del control de la luz.<\/p>\n<p>La idea parte de un gran lleno al que se le generan diferentes situaciones de vac\u00edo. Es un volumen puro el cual se intervino a partir de la substracci\u00f3n siempre considerando la orientaci\u00f3n como un elemento fundamental. A estas diversas operaciones se las potencia mediante diferentes sistemas, en la contra fachada se utilizan los postigos, en el lateral se hace uso de parasoles y en la fachada una ventana corrida acorde a la orientaci\u00f3n.<\/p>\n<div id='gallery-1' class='gallery galleryid-66943 gallery-columns-3 gallery-size-thumbnail'><figure class='gallery-item'>\n\t\t\t<div class='gallery-icon landscape'>\n\t\t\t\t<a href='https:\/\/www.arquimaster.com.ar\/web\/wp-content\/uploads\/2021\/08\/casa_mym1.jpg' title=\"Casa M&amp;M \/ Estudio PKa (\u00a9 Alejandro Peral)\" data-rl_title=\"Casa M&amp;M \/ Estudio PKa (\u00a9 Alejandro Peral)\" class=\"rl-gallery-link\" data-rl_caption=\"Casa M&amp;M \/ Estudio PKa (\u00a9 Alejandro Peral)\" data-rel=\"lightbox-gallery-1\"><img loading=\"lazy\" decoding=\"async\" width=\"150\" height=\"150\" src=\"https:\/\/www.arquimaster.com.ar\/web\/wp-content\/uploads\/2021\/08\/casa_mym1-150x150.jpg\" class=\"attachment-thumbnail size-thumbnail\" alt=\"Casa M&amp;M \/ Estudio PKa\" aria-describedby=\"gallery-1-66945\" \/><\/a>\n\t\t\t<\/div>\n\t\t\t\t<figcaption class='wp-caption-text gallery-caption' id='gallery-1-66945'>\n\t\t\t\tCasa M&#038;M \/ Estudio PKa (\u00a9 Alejandro Peral)\n\t\t\t\t<\/figcaption><\/figure><figure class='gallery-item'>\n\t\t\t<div class='gallery-icon portrait'>\n\t\t\t\t<a href='https:\/\/www.arquimaster.com.ar\/web\/wp-content\/uploads\/2021\/08\/casa_mym2.jpg' title=\"Casa M&amp;M \/ Estudio PKa (\u00a9 Alejandro Peral)\" data-rl_title=\"Casa M&amp;M \/ Estudio PKa (\u00a9 Alejandro Peral)\" class=\"rl-gallery-link\" data-rl_caption=\"Casa M&amp;M \/ Estudio PKa (\u00a9 Alejandro Peral)\" data-rel=\"lightbox-gallery-1\"><img loading=\"lazy\" decoding=\"async\" width=\"150\" height=\"150\" src=\"https:\/\/www.arquimaster.com.ar\/web\/wp-content\/uploads\/2021\/08\/casa_mym2-150x150.jpg\" class=\"attachment-thumbnail size-thumbnail\" alt=\"Casa M&amp;M \/ Estudio PKa\" aria-describedby=\"gallery-1-66946\" \/><\/a>\n\t\t\t<\/div>\n\t\t\t\t<figcaption class='wp-caption-text gallery-caption' id='gallery-1-66946'>\n\t\t\t\tCasa M&#038;M \/ Estudio PKa (\u00a9 Alejandro Peral)\n\t\t\t\t<\/figcaption><\/figure><figure class='gallery-item'>\n\t\t\t<div class='gallery-icon landscape'>\n\t\t\t\t<a href='https:\/\/www.arquimaster.com.ar\/web\/wp-content\/uploads\/2021\/08\/casa_mym3.jpg' title=\"Casa M&amp;M \/ Estudio PKa (\u00a9 Alejandro Peral)\" data-rl_title=\"Casa M&amp;M \/ Estudio PKa (\u00a9 Alejandro Peral)\" class=\"rl-gallery-link\" data-rl_caption=\"Casa M&amp;M \/ Estudio PKa (\u00a9 Alejandro Peral)\" data-rel=\"lightbox-gallery-1\"><img loading=\"lazy\" decoding=\"async\" width=\"150\" height=\"150\" src=\"https:\/\/www.arquimaster.com.ar\/web\/wp-content\/uploads\/2021\/08\/casa_mym3-150x150.jpg\" class=\"attachment-thumbnail size-thumbnail\" alt=\"Casa M&amp;M \/ Estudio PKa\" aria-describedby=\"gallery-1-66947\" \/><\/a>\n\t\t\t<\/div>\n\t\t\t\t<figcaption class='wp-caption-text gallery-caption' id='gallery-1-66947'>\n\t\t\t\tCasa M&#038;M \/ Estudio PKa (\u00a9 Alejandro Peral)\n\t\t\t\t<\/figcaption><\/figure><figure class='gallery-item'>\n\t\t\t<div class='gallery-icon landscape'>\n\t\t\t\t<a href='https:\/\/www.arquimaster.com.ar\/web\/wp-content\/uploads\/2021\/08\/casa_mym4.jpg' title=\"Casa M&amp;M \/ Estudio PKa (\u00a9 Alejandro Peral)\" data-rl_title=\"Casa M&amp;M \/ Estudio PKa (\u00a9 Alejandro Peral)\" class=\"rl-gallery-link\" data-rl_caption=\"Casa M&amp;M \/ Estudio PKa (\u00a9 Alejandro Peral)\" data-rel=\"lightbox-gallery-1\"><img loading=\"lazy\" decoding=\"async\" width=\"150\" height=\"150\" src=\"https:\/\/www.arquimaster.com.ar\/web\/wp-content\/uploads\/2021\/08\/casa_mym4-150x150.jpg\" class=\"attachment-thumbnail size-thumbnail\" alt=\"Casa M&amp;M \/ Estudio PKa\" aria-describedby=\"gallery-1-66948\" \/><\/a>\n\t\t\t<\/div>\n\t\t\t\t<figcaption class='wp-caption-text gallery-caption' id='gallery-1-66948'>\n\t\t\t\tCasa M&#038;M \/ Estudio PKa (\u00a9 Alejandro Peral)\n\t\t\t\t<\/figcaption><\/figure><figure class='gallery-item'>\n\t\t\t<div class='gallery-icon landscape'>\n\t\t\t\t<a href='https:\/\/www.arquimaster.com.ar\/web\/wp-content\/uploads\/2021\/08\/casa_mym5.jpg' title=\"Casa M&amp;M \/ Estudio PKa (\u00a9 Alejandro Peral)\" data-rl_title=\"Casa M&amp;M \/ Estudio PKa (\u00a9 Alejandro Peral)\" class=\"rl-gallery-link\" data-rl_caption=\"Casa M&amp;M \/ Estudio PKa (\u00a9 Alejandro Peral)\" data-rel=\"lightbox-gallery-1\"><img loading=\"lazy\" decoding=\"async\" width=\"150\" height=\"150\" src=\"https:\/\/www.arquimaster.com.ar\/web\/wp-content\/uploads\/2021\/08\/casa_mym5-150x150.jpg\" class=\"attachment-thumbnail size-thumbnail\" alt=\"Casa M&amp;M \/ Estudio PKa\" aria-describedby=\"gallery-1-66949\" \/><\/a>\n\t\t\t<\/div>\n\t\t\t\t<figcaption class='wp-caption-text gallery-caption' id='gallery-1-66949'>\n\t\t\t\tCasa M&#038;M \/ Estudio PKa (\u00a9 Alejandro Peral)\n\t\t\t\t<\/figcaption><\/figure><figure class='gallery-item'>\n\t\t\t<div class='gallery-icon landscape'>\n\t\t\t\t<a href='https:\/\/www.arquimaster.com.ar\/web\/wp-content\/uploads\/2021\/08\/casa_mym6.jpg' title=\"Casa M&amp;M \/ Estudio PKa (\u00a9 Alejandro Peral)\" data-rl_title=\"Casa M&amp;M \/ Estudio PKa (\u00a9 Alejandro Peral)\" class=\"rl-gallery-link\" data-rl_caption=\"Casa M&amp;M \/ Estudio PKa (\u00a9 Alejandro Peral)\" data-rel=\"lightbox-gallery-1\"><img loading=\"lazy\" decoding=\"async\" width=\"150\" height=\"150\" src=\"https:\/\/www.arquimaster.com.ar\/web\/wp-content\/uploads\/2021\/08\/casa_mym6-150x150.jpg\" class=\"attachment-thumbnail size-thumbnail\" alt=\"Casa M&amp;M \/ Estudio PKa\" aria-describedby=\"gallery-1-66950\" \/><\/a>\n\t\t\t<\/div>\n\t\t\t\t<figcaption class='wp-caption-text gallery-caption' id='gallery-1-66950'>\n\t\t\t\tCasa M&#038;M \/ Estudio PKa (\u00a9 Alejandro Peral)\n\t\t\t\t<\/figcaption><\/figure><figure class='gallery-item'>\n\t\t\t<div class='gallery-icon landscape'>\n\t\t\t\t<a href='https:\/\/www.arquimaster.com.ar\/web\/wp-content\/uploads\/2021\/08\/casa_mym7.jpg' title=\"Casa M&amp;M \/ Estudio PKa (\u00a9 Alejandro Peral)\" data-rl_title=\"Casa M&amp;M \/ Estudio PKa (\u00a9 Alejandro Peral)\" class=\"rl-gallery-link\" data-rl_caption=\"Casa M&amp;M \/ Estudio PKa (\u00a9 Alejandro Peral)\" data-rel=\"lightbox-gallery-1\"><img loading=\"lazy\" decoding=\"async\" width=\"150\" height=\"150\" src=\"https:\/\/www.arquimaster.com.ar\/web\/wp-content\/uploads\/2021\/08\/casa_mym7-150x150.jpg\" class=\"attachment-thumbnail size-thumbnail\" alt=\"Casa M&amp;M \/ Estudio PKa\" aria-describedby=\"gallery-1-66951\" \/><\/a>\n\t\t\t<\/div>\n\t\t\t\t<figcaption class='wp-caption-text gallery-caption' id='gallery-1-66951'>\n\t\t\t\tCasa M&#038;M \/ Estudio PKa (\u00a9 Alejandro Peral)\n\t\t\t\t<\/figcaption><\/figure><figure class='gallery-item'>\n\t\t\t<div class='gallery-icon landscape'>\n\t\t\t\t<a href='https:\/\/www.arquimaster.com.ar\/web\/wp-content\/uploads\/2021\/08\/casa_mym8.jpg' title=\"Casa M&amp;M \/ Estudio PKa (\u00a9 Alejandro Peral)\" data-rl_title=\"Casa M&amp;M \/ Estudio PKa (\u00a9 Alejandro Peral)\" class=\"rl-gallery-link\" data-rl_caption=\"Casa M&amp;M \/ Estudio PKa (\u00a9 Alejandro Peral)\" data-rel=\"lightbox-gallery-1\"><img loading=\"lazy\" decoding=\"async\" width=\"150\" height=\"150\" src=\"https:\/\/www.arquimaster.com.ar\/web\/wp-content\/uploads\/2021\/08\/casa_mym8-150x150.jpg\" class=\"attachment-thumbnail size-thumbnail\" alt=\"Casa M&amp;M \/ Estudio PKa\" aria-describedby=\"gallery-1-66952\" \/><\/a>\n\t\t\t<\/div>\n\t\t\t\t<figcaption class='wp-caption-text gallery-caption' id='gallery-1-66952'>\n\t\t\t\tCasa M&#038;M \/ Estudio PKa (\u00a9 Alejandro Peral)\n\t\t\t\t<\/figcaption><\/figure><figure class='gallery-item'>\n\t\t\t<div class='gallery-icon landscape'>\n\t\t\t\t<a href='https:\/\/www.arquimaster.com.ar\/web\/wp-content\/uploads\/2021\/08\/casa_mym9.jpg' title=\"Casa M&amp;M \/ Estudio PKa (\u00a9 Alejandro Peral)\" data-rl_title=\"Casa M&amp;M \/ Estudio PKa (\u00a9 Alejandro Peral)\" class=\"rl-gallery-link\" data-rl_caption=\"Casa M&amp;M \/ Estudio PKa (\u00a9 Alejandro Peral)\" data-rel=\"lightbox-gallery-1\"><img loading=\"lazy\" decoding=\"async\" width=\"150\" height=\"150\" src=\"https:\/\/www.arquimaster.com.ar\/web\/wp-content\/uploads\/2021\/08\/casa_mym9-150x150.jpg\" class=\"attachment-thumbnail size-thumbnail\" alt=\"Casa M&amp;M \/ Estudio PKa\" aria-describedby=\"gallery-1-66953\" \/><\/a>\n\t\t\t<\/div>\n\t\t\t\t<figcaption class='wp-caption-text gallery-caption' id='gallery-1-66953'>\n\t\t\t\tCasa M&#038;M \/ Estudio PKa (\u00a9 Alejandro Peral)\n\t\t\t\t<\/figcaption><\/figure><figure class='gallery-item'>\n\t\t\t<div class='gallery-icon portrait'>\n\t\t\t\t<a href='https:\/\/www.arquimaster.com.ar\/web\/wp-content\/uploads\/2021\/08\/casa_mym10.jpg' title=\"Casa M&amp;M \/ Estudio PKa (\u00a9 Alejandro Peral)\" data-rl_title=\"Casa M&amp;M \/ Estudio PKa (\u00a9 Alejandro Peral)\" class=\"rl-gallery-link\" data-rl_caption=\"Casa M&amp;M \/ Estudio PKa (\u00a9 Alejandro Peral)\" data-rel=\"lightbox-gallery-1\"><img loading=\"lazy\" decoding=\"async\" width=\"150\" height=\"150\" src=\"https:\/\/www.arquimaster.com.ar\/web\/wp-content\/uploads\/2021\/08\/casa_mym10-150x150.jpg\" class=\"attachment-thumbnail size-thumbnail\" alt=\"Casa M&amp;M \/ Estudio PKa\" aria-describedby=\"gallery-1-66954\" \/><\/a>\n\t\t\t<\/div>\n\t\t\t\t<figcaption class='wp-caption-text gallery-caption' id='gallery-1-66954'>\n\t\t\t\tCasa M&#038;M \/ Estudio PKa (\u00a9 Alejandro Peral)\n\t\t\t\t<\/figcaption><\/figure><figure class='gallery-item'>\n\t\t\t<div class='gallery-icon landscape'>\n\t\t\t\t<a href='https:\/\/www.arquimaster.com.ar\/web\/wp-content\/uploads\/2021\/08\/casa_mym11.jpg' title=\"Casa M&amp;M \/ Estudio PKa (\u00a9 Alejandro Peral)\" data-rl_title=\"Casa M&amp;M \/ Estudio PKa (\u00a9 Alejandro Peral)\" class=\"rl-gallery-link\" data-rl_caption=\"Casa M&amp;M \/ Estudio PKa (\u00a9 Alejandro Peral)\" data-rel=\"lightbox-gallery-1\"><img loading=\"lazy\" decoding=\"async\" width=\"150\" height=\"150\" src=\"https:\/\/www.arquimaster.com.ar\/web\/wp-content\/uploads\/2021\/08\/casa_mym11-150x150.jpg\" class=\"attachment-thumbnail size-thumbnail\" alt=\"Casa M&amp;M \/ Estudio PKa\" aria-describedby=\"gallery-1-66955\" \/><\/a>\n\t\t\t<\/div>\n\t\t\t\t<figcaption class='wp-caption-text gallery-caption' id='gallery-1-66955'>\n\t\t\t\tCasa M&#038;M \/ Estudio PKa (\u00a9 Alejandro Peral)\n\t\t\t\t<\/figcaption><\/figure><figure class='gallery-item'>\n\t\t\t<div class='gallery-icon portrait'>\n\t\t\t\t<a href='https:\/\/www.arquimaster.com.ar\/web\/wp-content\/uploads\/2021\/08\/casa_mym12.jpg' title=\"Casa M&amp;M \/ Estudio PKa (\u00a9 Alejandro Peral)\" data-rl_title=\"Casa M&amp;M \/ Estudio PKa (\u00a9 Alejandro Peral)\" class=\"rl-gallery-link\" data-rl_caption=\"Casa M&amp;M \/ Estudio PKa (\u00a9 Alejandro Peral)\" data-rel=\"lightbox-gallery-1\"><img loading=\"lazy\" decoding=\"async\" width=\"150\" height=\"150\" src=\"https:\/\/www.arquimaster.com.ar\/web\/wp-content\/uploads\/2021\/08\/casa_mym12-150x150.jpg\" class=\"attachment-thumbnail size-thumbnail\" alt=\"Casa M&amp;M \/ Estudio PKa\" aria-describedby=\"gallery-1-66956\" \/><\/a>\n\t\t\t<\/div>\n\t\t\t\t<figcaption class='wp-caption-text gallery-caption' id='gallery-1-66956'>\n\t\t\t\tCasa M&#038;M \/ Estudio PKa (\u00a9 Alejandro Peral)\n\t\t\t\t<\/figcaption><\/figure><figure class='gallery-item'>\n\t\t\t<div class='gallery-icon portrait'>\n\t\t\t\t<a href='https:\/\/www.arquimaster.com.ar\/web\/wp-content\/uploads\/2021\/08\/casa_mym13.jpg' title=\"Casa M&amp;M \/ Estudio PKa (\u00a9 Alejandro Peral)\" data-rl_title=\"Casa M&amp;M \/ Estudio PKa (\u00a9 Alejandro Peral)\" class=\"rl-gallery-link\" data-rl_caption=\"Casa M&amp;M \/ Estudio PKa (\u00a9 Alejandro Peral)\" data-rel=\"lightbox-gallery-1\"><img loading=\"lazy\" decoding=\"async\" width=\"150\" height=\"150\" src=\"https:\/\/www.arquimaster.com.ar\/web\/wp-content\/uploads\/2021\/08\/casa_mym13-150x150.jpg\" class=\"attachment-thumbnail size-thumbnail\" alt=\"Casa M&amp;M \/ Estudio PKa\" aria-describedby=\"gallery-1-66957\" \/><\/a>\n\t\t\t<\/div>\n\t\t\t\t<figcaption class='wp-caption-text gallery-caption' id='gallery-1-66957'>\n\t\t\t\tCasa M&#038;M \/ Estudio PKa (\u00a9 Alejandro Peral)\n\t\t\t\t<\/figcaption><\/figure><figure class='gallery-item'>\n\t\t\t<div class='gallery-icon portrait'>\n\t\t\t\t<a href='https:\/\/www.arquimaster.com.ar\/web\/wp-content\/uploads\/2021\/08\/casa_mym14.jpg' title=\"Casa M&amp;M \/ Estudio PKa (\u00a9 Alejandro Peral)\" data-rl_title=\"Casa M&amp;M \/ Estudio PKa (\u00a9 Alejandro Peral)\" class=\"rl-gallery-link\" data-rl_caption=\"Casa M&amp;M \/ Estudio PKa (\u00a9 Alejandro Peral)\" data-rel=\"lightbox-gallery-1\"><img loading=\"lazy\" decoding=\"async\" width=\"150\" height=\"150\" src=\"https:\/\/www.arquimaster.com.ar\/web\/wp-content\/uploads\/2021\/08\/casa_mym14-150x150.jpg\" class=\"attachment-thumbnail size-thumbnail\" alt=\"Casa M&amp;M \/ Estudio PKa\" aria-describedby=\"gallery-1-66958\" \/><\/a>\n\t\t\t<\/div>\n\t\t\t\t<figcaption class='wp-caption-text gallery-caption' id='gallery-1-66958'>\n\t\t\t\tCasa M&#038;M \/ Estudio PKa (\u00a9 Alejandro Peral)\n\t\t\t\t<\/figcaption><\/figure><figure class='gallery-item'>\n\t\t\t<div class='gallery-icon landscape'>\n\t\t\t\t<a href='https:\/\/www.arquimaster.com.ar\/web\/wp-content\/uploads\/2021\/08\/casa_mym15.jpg' title=\"Casa M&amp;M \/ Estudio PKa (\u00a9 Alejandro Peral)\" data-rl_title=\"Casa M&amp;M \/ Estudio PKa (\u00a9 Alejandro Peral)\" class=\"rl-gallery-link\" data-rl_caption=\"Casa M&amp;M \/ Estudio PKa (\u00a9 Alejandro Peral)\" data-rel=\"lightbox-gallery-1\"><img loading=\"lazy\" decoding=\"async\" width=\"150\" height=\"150\" src=\"https:\/\/www.arquimaster.com.ar\/web\/wp-content\/uploads\/2021\/08\/casa_mym15-150x150.jpg\" class=\"attachment-thumbnail size-thumbnail\" alt=\"Casa M&amp;M \/ Estudio PKa\" aria-describedby=\"gallery-1-66959\" \/><\/a>\n\t\t\t<\/div>\n\t\t\t\t<figcaption class='wp-caption-text gallery-caption' id='gallery-1-66959'>\n\t\t\t\tCasa M&#038;M \/ Estudio PKa (\u00a9 Alejandro Peral)\n\t\t\t\t<\/figcaption><\/figure><figure class='gallery-item'>\n\t\t\t<div class='gallery-icon landscape'>\n\t\t\t\t<a href='https:\/\/www.arquimaster.com.ar\/web\/wp-content\/uploads\/2021\/08\/casa_mym16.jpg' title=\"Casa M&amp;M \/ Estudio PKa (\u00a9 Alejandro Peral)\" data-rl_title=\"Casa M&amp;M \/ Estudio PKa (\u00a9 Alejandro Peral)\" class=\"rl-gallery-link\" data-rl_caption=\"Casa M&amp;M \/ Estudio PKa (\u00a9 Alejandro Peral)\" data-rel=\"lightbox-gallery-1\"><img loading=\"lazy\" decoding=\"async\" width=\"150\" height=\"150\" src=\"https:\/\/www.arquimaster.com.ar\/web\/wp-content\/uploads\/2021\/08\/casa_mym16-150x150.jpg\" class=\"attachment-thumbnail size-thumbnail\" alt=\"Casa M&amp;M \/ Estudio PKa\" aria-describedby=\"gallery-1-66960\" \/><\/a>\n\t\t\t<\/div>\n\t\t\t\t<figcaption class='wp-caption-text gallery-caption' id='gallery-1-66960'>\n\t\t\t\tCasa M&#038;M \/ Estudio PKa (\u00a9 Alejandro Peral)\n\t\t\t\t<\/figcaption><\/figure><figure class='gallery-item'>\n\t\t\t<div class='gallery-icon portrait'>\n\t\t\t\t<a href='https:\/\/www.arquimaster.com.ar\/web\/wp-content\/uploads\/2021\/08\/casa_mym17.jpg' title=\"Casa M&amp;M \/ Estudio PKa (\u00a9 Alejandro Peral)\" data-rl_title=\"Casa M&amp;M \/ Estudio PKa (\u00a9 Alejandro Peral)\" class=\"rl-gallery-link\" data-rl_caption=\"Casa M&amp;M \/ Estudio PKa (\u00a9 Alejandro Peral)\" data-rel=\"lightbox-gallery-1\"><img loading=\"lazy\" decoding=\"async\" width=\"150\" height=\"150\" src=\"https:\/\/www.arquimaster.com.ar\/web\/wp-content\/uploads\/2021\/08\/casa_mym17-150x150.jpg\" class=\"attachment-thumbnail size-thumbnail\" alt=\"Casa M&amp;M \/ Estudio PKa\" aria-describedby=\"gallery-1-66961\" \/><\/a>\n\t\t\t<\/div>\n\t\t\t\t<figcaption class='wp-caption-text gallery-caption' id='gallery-1-66961'>\n\t\t\t\tCasa M&#038;M \/ Estudio PKa (\u00a9 Alejandro Peral)\n\t\t\t\t<\/figcaption><\/figure><figure class='gallery-item'>\n\t\t\t<div class='gallery-icon portrait'>\n\t\t\t\t<a href='https:\/\/www.arquimaster.com.ar\/web\/wp-content\/uploads\/2021\/08\/casa_mym18.jpg' title=\"Casa M&amp;M \/ Estudio PKa (\u00a9 Alejandro Peral)\" data-rl_title=\"Casa M&amp;M \/ Estudio PKa (\u00a9 Alejandro Peral)\" class=\"rl-gallery-link\" data-rl_caption=\"Casa M&amp;M \/ Estudio PKa (\u00a9 Alejandro Peral)\" data-rel=\"lightbox-gallery-1\"><img loading=\"lazy\" decoding=\"async\" width=\"150\" height=\"150\" src=\"https:\/\/www.arquimaster.com.ar\/web\/wp-content\/uploads\/2021\/08\/casa_mym18-150x150.jpg\" class=\"attachment-thumbnail size-thumbnail\" alt=\"Casa M&amp;M \/ Estudio PKa\" aria-describedby=\"gallery-1-66962\" \/><\/a>\n\t\t\t<\/div>\n\t\t\t\t<figcaption class='wp-caption-text gallery-caption' id='gallery-1-66962'>\n\t\t\t\tCasa M&#038;M \/ Estudio PKa (\u00a9 Alejandro Peral)\n\t\t\t\t<\/figcaption><\/figure><figure class='gallery-item'>\n\t\t\t<div class='gallery-icon portrait'>\n\t\t\t\t<a href='https:\/\/www.arquimaster.com.ar\/web\/wp-content\/uploads\/2021\/08\/casa_mym19.jpg' title=\"Casa M&amp;M \/ Estudio PKa (\u00a9 Alejandro Peral)\" data-rl_title=\"Casa M&amp;M \/ Estudio PKa (\u00a9 Alejandro Peral)\" class=\"rl-gallery-link\" data-rl_caption=\"Casa M&amp;M \/ Estudio PKa (\u00a9 Alejandro Peral)\" data-rel=\"lightbox-gallery-1\"><img loading=\"lazy\" decoding=\"async\" width=\"150\" height=\"150\" src=\"https:\/\/www.arquimaster.com.ar\/web\/wp-content\/uploads\/2021\/08\/casa_mym19-150x150.jpg\" class=\"attachment-thumbnail size-thumbnail\" alt=\"Casa M&amp;M \/ Estudio PKa\" aria-describedby=\"gallery-1-66963\" \/><\/a>\n\t\t\t<\/div>\n\t\t\t\t<figcaption class='wp-caption-text gallery-caption' id='gallery-1-66963'>\n\t\t\t\tCasa M&#038;M \/ Estudio PKa (\u00a9 Alejandro Peral)\n\t\t\t\t<\/figcaption><\/figure><figure class='gallery-item'>\n\t\t\t<div class='gallery-icon portrait'>\n\t\t\t\t<a href='https:\/\/www.arquimaster.com.ar\/web\/wp-content\/uploads\/2021\/08\/casa_mym20.jpg' title=\"Casa M&amp;M \/ Estudio PKa (\u00a9 Alejandro Peral)\" data-rl_title=\"Casa M&amp;M \/ Estudio PKa (\u00a9 Alejandro Peral)\" class=\"rl-gallery-link\" data-rl_caption=\"Casa M&amp;M \/ Estudio PKa (\u00a9 Alejandro Peral)\" data-rel=\"lightbox-gallery-1\"><img loading=\"lazy\" decoding=\"async\" width=\"150\" height=\"150\" src=\"https:\/\/www.arquimaster.com.ar\/web\/wp-content\/uploads\/2021\/08\/casa_mym20-150x150.jpg\" class=\"attachment-thumbnail size-thumbnail\" alt=\"Casa M&amp;M \/ Estudio PKa\" aria-describedby=\"gallery-1-66964\" \/><\/a>\n\t\t\t<\/div>\n\t\t\t\t<figcaption class='wp-caption-text gallery-caption' id='gallery-1-66964'>\n\t\t\t\tCasa M&#038;M \/ Estudio PKa (\u00a9 Alejandro Peral)\n\t\t\t\t<\/figcaption><\/figure><figure class='gallery-item'>\n\t\t\t<div class='gallery-icon portrait'>\n\t\t\t\t<a href='https:\/\/www.arquimaster.com.ar\/web\/wp-content\/uploads\/2021\/08\/casa_mym21.jpg' title=\"Casa M&amp;M \/ Estudio PKa (\u00a9 Alejandro Peral)\" data-rl_title=\"Casa M&amp;M \/ Estudio PKa (\u00a9 Alejandro Peral)\" class=\"rl-gallery-link\" data-rl_caption=\"Casa M&amp;M \/ Estudio PKa (\u00a9 Alejandro Peral)\" data-rel=\"lightbox-gallery-1\"><img loading=\"lazy\" decoding=\"async\" width=\"150\" height=\"150\" src=\"https:\/\/www.arquimaster.com.ar\/web\/wp-content\/uploads\/2021\/08\/casa_mym21-150x150.jpg\" class=\"attachment-thumbnail size-thumbnail\" alt=\"Casa M&amp;M \/ Estudio PKa\" aria-describedby=\"gallery-1-66965\" \/><\/a>\n\t\t\t<\/div>\n\t\t\t\t<figcaption class='wp-caption-text gallery-caption' id='gallery-1-66965'>\n\t\t\t\tCasa M&#038;M \/ Estudio PKa (\u00a9 Alejandro Peral)\n\t\t\t\t<\/figcaption><\/figure><figure class='gallery-item'>\n\t\t\t<div class='gallery-icon landscape'>\n\t\t\t\t<a href='https:\/\/www.arquimaster.com.ar\/web\/wp-content\/uploads\/2021\/08\/casa_mym22.jpg' title=\"Casa M&amp;M \/ Estudio PKa (\u00a9 Alejandro Peral)\" data-rl_title=\"Casa M&amp;M \/ Estudio PKa (\u00a9 Alejandro Peral)\" class=\"rl-gallery-link\" data-rl_caption=\"Casa M&amp;M \/ Estudio PKa (\u00a9 Alejandro Peral)\" data-rel=\"lightbox-gallery-1\"><img loading=\"lazy\" decoding=\"async\" width=\"150\" height=\"150\" src=\"https:\/\/www.arquimaster.com.ar\/web\/wp-content\/uploads\/2021\/08\/casa_mym22-150x150.jpg\" class=\"attachment-thumbnail size-thumbnail\" alt=\"Casa M&amp;M \/ Estudio PKa\" aria-describedby=\"gallery-1-66966\" \/><\/a>\n\t\t\t<\/div>\n\t\t\t\t<figcaption class='wp-caption-text gallery-caption' id='gallery-1-66966'>\n\t\t\t\tCasa M&#038;M \/ Estudio PKa (\u00a9 Alejandro Peral)\n\t\t\t\t<\/figcaption><\/figure><figure class='gallery-item'>\n\t\t\t<div class='gallery-icon portrait'>\n\t\t\t\t<a href='https:\/\/www.arquimaster.com.ar\/web\/wp-content\/uploads\/2021\/08\/casa_mym23.jpg' title=\"Casa M&amp;M \/ Estudio PKa (\u00a9 Alejandro Peral)\" data-rl_title=\"Casa M&amp;M \/ Estudio PKa (\u00a9 Alejandro Peral)\" class=\"rl-gallery-link\" data-rl_caption=\"Casa M&amp;M \/ Estudio PKa (\u00a9 Alejandro Peral)\" data-rel=\"lightbox-gallery-1\"><img loading=\"lazy\" decoding=\"async\" width=\"150\" height=\"150\" src=\"https:\/\/www.arquimaster.com.ar\/web\/wp-content\/uploads\/2021\/08\/casa_mym23-150x150.jpg\" class=\"attachment-thumbnail size-thumbnail\" alt=\"Casa M&amp;M \/ Estudio PKa\" aria-describedby=\"gallery-1-66967\" \/><\/a>\n\t\t\t<\/div>\n\t\t\t\t<figcaption class='wp-caption-text gallery-caption' id='gallery-1-66967'>\n\t\t\t\tCasa M&#038;M \/ Estudio PKa (\u00a9 Alejandro Peral)\n\t\t\t\t<\/figcaption><\/figure><figure class='gallery-item'>\n\t\t\t<div class='gallery-icon landscape'>\n\t\t\t\t<a href='https:\/\/www.arquimaster.com.ar\/web\/wp-content\/uploads\/2021\/08\/casa_mym24.jpg' title=\"Casa M&amp;M \/ Estudio PKa (\u00a9 Alejandro Peral)\" data-rl_title=\"Casa M&amp;M \/ Estudio PKa (\u00a9 Alejandro Peral)\" class=\"rl-gallery-link\" data-rl_caption=\"Casa M&amp;M \/ Estudio PKa (\u00a9 Alejandro Peral)\" data-rel=\"lightbox-gallery-1\"><img loading=\"lazy\" decoding=\"async\" width=\"150\" height=\"150\" src=\"https:\/\/www.arquimaster.com.ar\/web\/wp-content\/uploads\/2021\/08\/casa_mym24-150x150.jpg\" class=\"attachment-thumbnail size-thumbnail\" alt=\"Casa M&amp;M \/ Estudio PKa\" aria-describedby=\"gallery-1-66968\" \/><\/a>\n\t\t\t<\/div>\n\t\t\t\t<figcaption class='wp-caption-text gallery-caption' id='gallery-1-66968'>\n\t\t\t\tCasa M&#038;M \/ Estudio PKa (\u00a9 Alejandro Peral)\n\t\t\t\t<\/figcaption><\/figure>\n\t\t<\/div>\n\n<p>Casa M&amp;M se desarrolla en dos plantas, buscando en todo momento apertura y relaci\u00f3n con el entorno. La fachada de la vivienda posee una ventana orientada al este y su contra fachada es de orientaci\u00f3n oeste, por ende mantiene incidencia solar a lo largo de todo el d\u00eda, con lo cual ese macizo posee diferentes perforaciones para que se las pueda cerrar.<\/p>\n<p>En la planta alta se decidi\u00f3 que sea un macizo completo cuando se cierra, para mantener la privacidad con respecto a la luz y en la planta baja se proyect\u00f3 como una pseudo perforaci\u00f3n con lo cual al cerrarse estos postigos permiten el paso de la luz m\u00e1s controlada.<\/p>\n<p>El mayor desaf\u00edo que enfrentamos al proyectar y construir esta casa fue resolver un programa sencillo generando espacialidad y aprovechando todas sus orientaciones.<\/p>\n<p>El patio interior que capta la luz principal de la casa tiene orientaci\u00f3n norte, es el calado m\u00e1s importante y el eje rector de la misma siendo un patio vertical que hace una perforaci\u00f3n en el macizo de la parte superior hacia el suelo, al cual se le incorpor\u00f3 el verde. Toda la casa fue pensada en funci\u00f3n de sus vistas con respecto a la incorporaci\u00f3n del verde.<\/p>\n<p>La vivienda es percibida como algo compacto, el volumen macizo se busc\u00f3 que sea lo m\u00e1s puro posible y que las intervenciones accesorias tales como postigos y parasoles fueran org\u00e1nicas, es por esto que en la constituci\u00f3n material de la vivienda predomina mucho la madera, material noble que le otorga calidez y naturalidad a toda la casa.<\/p>\n<p><strong>Ficha t\u00e9cnica<\/strong><br \/>\nNombre: Casa M&amp;M<br \/>\nUbicaci\u00f3n: Barrio Santa Teresa, Tigre, Pcia. de Buenos Aires, Argentina<br \/>\nOficina de Arquitectura: Estudio PKa<br \/>\nArquitectos a cargo: Arq. Ignacio Pessagno, Arq. Lilian Kandus<br \/>\nEquipo de proyecto: Arq. Lilian Kandus, Arq. Ignacio Pessagno, Arq. Lucila L\u00f3pez, Arq. Denise Andreoli, Arq. Bel\u00e9n Luna Crook, Arq. Milagros Caride, Arq. Belen Lopez Astrada, Arq. Vanesa Rol\u00f3n, Denise Bardelli, Melany D&#8217;angelo, Sofia Vier Abinet<br \/>\nEquipo de Obra: Arq. Pablo Martinelli, Arq. Javier Orts<br \/>\nC\u00e1lculo estructural: Ing. Jos\u00e9 Luis Pisani<br \/>\nSuperficie construida: 415 m2<br \/>\nA\u00f1o t\u00e9rmino construcci\u00f3n: 2020-2021<br \/>\nFotograf\u00eda: <a href=\"http:\/\/www.alejandroperal.net\/\" target=\"_blank\" rel=\"noopener\">Alejandro Peral<\/a><\/p>\n<p><strong>Contacto<\/strong><br \/>\n<a href=\"https:\/\/www.estudiopka.com.ar\" target=\"_blank\" rel=\"noopener\">https:\/\/www.estudiopka.com.ar<\/a><br \/>\nInstagram: @estudiopka<\/p>\n\n<div style=\"font-size: 0px; height: 0px; line-height: 0px; margin: 0; padding: 0; clear: both;\"><\/div><div style=\"margin-top: 0px; margin-bottom: 0px;\" class=\"sharethis-inline-share-buttons\" ><\/div>","protected":false},"excerpt":{"rendered":"<p>Se proyecta a partir de un volumen s\u00f3lido, calado y con un manejo del control de la luz&#8230;<\/p>\n","protected":false},"author":1,"featured_media":66944,"comment_status":"closed","ping_status":"closed","sticky":false,"template":"","format":"standard","meta":{"_uag_custom_page_level_css":"","footnotes":""},"categories":[1,83],"tags":[16,847,3321,3322,3323,945,254],"class_list":["post-66943","post","type-post","status-publish","format-standard","has-post-thumbnail","hentry","category-proyecto","category-vivienda-unifamiliar","tag-buenos-aires","tag-casa-en-barrio-cerrado","tag-estudio-pka","tag-ignacio-pessagno","tag-lilian-kandus","tag-tigre","tag-vivienda-unifamiliar-2","generate-columns","tablet-grid-50","mobile-grid-100","grid-parent","grid-50"],"yoast_head":"<!-- This site is optimized with the Yoast SEO plugin v27.3 - https:\/\/yoast.com\/product\/yoast-seo-wordpress\/ -->\n<title>Casa M&amp;M \/ Estudio PKa - Arquimaster<\/title>\n<meta name=\"description\" content=\"La casa se proyecta a partir de un volumen s\u00f3lido, calado y con un manejo del control de la luz.\" \/>\n<meta name=\"robots\" content=\"index, follow, max-snippet:-1, max-image-preview:large, max-video-preview:-1\" \/>\n<link rel=\"canonical\" href=\"https:\/\/www.arquimaster.com.ar\/web\/casa-mm-estudio-pka\/\" \/>\n<meta property=\"og:locale\" content=\"es_ES\" \/>\n<meta property=\"og:type\" content=\"article\" \/>\n<meta property=\"og:title\" content=\"Casa M&amp;M \/ Estudio PKa\" \/>\n<meta property=\"og:description\" content=\"La casa se proyecta a partir de un volumen s\u00f3lido, calado y con un manejo del control de la luz.\" \/>\n<meta property=\"og:url\" content=\"https:\/\/www.arquimaster.com.ar\/web\/casa-mm-estudio-pka\/\" \/>\n<meta property=\"og:site_name\" content=\"Arquimaster\" \/>\n<meta property=\"article:publisher\" content=\"http:\/\/www.facebook.com\/ARQUIMASTER.com.ar\" \/>\n<meta property=\"article:published_time\" content=\"2021-08-26T16:45:13+00:00\" \/>\n<meta property=\"article:modified_time\" content=\"2022-05-09T19:10:25+00:00\" \/>\n<meta property=\"og:image\" content=\"https:\/\/www.arquimaster.com.ar\/web\/wp-content\/uploads\/2021\/08\/casa_mym_slide.jpg\" \/>\n\t<meta property=\"og:image:width\" content=\"698\" \/>\n\t<meta property=\"og:image:height\" content=\"364\" \/>\n\t<meta property=\"og:image:type\" content=\"image\/jpeg\" \/>\n<meta name=\"author\" content=\"Arquimaster\" \/>\n<meta name=\"twitter:card\" content=\"summary_large_image\" \/>\n<meta name=\"twitter:title\" content=\"Casa M&amp;M \/ Estudio PKa\" \/>\n<meta name=\"twitter:description\" content=\"La casa se proyecta a partir de un volumen s\u00f3lido, calado y con un manejo del control de la luz.\" \/>\n<meta name=\"twitter:image\" content=\"https:\/\/www.arquimaster.com.ar\/web\/wp-content\/uploads\/2021\/08\/casa_mym_slide.jpg\" \/>\n<meta name=\"twitter:creator\" content=\"@arquimaster\" \/>\n<meta name=\"twitter:site\" content=\"@arquimaster\" \/>\n<meta name=\"twitter:label1\" content=\"Escrito por\" \/>\n\t<meta name=\"twitter:data1\" content=\"Arquimaster\" \/>\n\t<meta name=\"twitter:label2\" content=\"Tiempo de lectura\" \/>\n\t<meta name=\"twitter:data2\" content=\"3 minutos\" \/>\n<script type=\"application\/ld+json\" class=\"yoast-schema-graph\">{\"@context\":\"https:\\\/\\\/schema.org\",\"@graph\":[{\"@type\":\"Article\",\"@id\":\"https:\\\/\\\/www.arquimaster.com.ar\\\/web\\\/casa-mm-estudio-pka\\\/#article\",\"isPartOf\":{\"@id\":\"https:\\\/\\\/www.arquimaster.com.ar\\\/web\\\/casa-mm-estudio-pka\\\/\"},\"author\":{\"name\":\"Arquimaster\",\"@id\":\"https:\\\/\\\/www.arquimaster.com.ar\\\/web\\\/#\\\/schema\\\/person\\\/359e9f7c00193fcde068e0dd2ceb0028\"},\"headline\":\"Casa M&#038;M \\\/ Estudio PKa\",\"datePublished\":\"2021-08-26T16:45:13+00:00\",\"dateModified\":\"2022-05-09T19:10:25+00:00\",\"mainEntityOfPage\":{\"@id\":\"https:\\\/\\\/www.arquimaster.com.ar\\\/web\\\/casa-mm-estudio-pka\\\/\"},\"wordCount\":525,\"publisher\":{\"@id\":\"https:\\\/\\\/www.arquimaster.com.ar\\\/web\\\/#organization\"},\"image\":{\"@id\":\"https:\\\/\\\/www.arquimaster.com.ar\\\/web\\\/casa-mm-estudio-pka\\\/#primaryimage\"},\"thumbnailUrl\":\"https:\\\/\\\/www.arquimaster.com.ar\\\/web\\\/wp-content\\\/uploads\\\/2021\\\/08\\\/casa_mym_slide.jpg\",\"keywords\":[\"Buenos Aires\",\"casa en barrio cerrado\",\"Estudio Pka\",\"Ignacio Pessagno\",\"Lilian Kandus\",\"Tigre\",\"vivienda unifamiliar\"],\"articleSection\":[\"Proyecto\",\"Vivienda unifamiliar y PH\"],\"inLanguage\":\"es\"},{\"@type\":\"WebPage\",\"@id\":\"https:\\\/\\\/www.arquimaster.com.ar\\\/web\\\/casa-mm-estudio-pka\\\/\",\"url\":\"https:\\\/\\\/www.arquimaster.com.ar\\\/web\\\/casa-mm-estudio-pka\\\/\",\"name\":\"Casa M&M \\\/ Estudio PKa - Arquimaster\",\"isPartOf\":{\"@id\":\"https:\\\/\\\/www.arquimaster.com.ar\\\/web\\\/#website\"},\"primaryImageOfPage\":{\"@id\":\"https:\\\/\\\/www.arquimaster.com.ar\\\/web\\\/casa-mm-estudio-pka\\\/#primaryimage\"},\"image\":{\"@id\":\"https:\\\/\\\/www.arquimaster.com.ar\\\/web\\\/casa-mm-estudio-pka\\\/#primaryimage\"},\"thumbnailUrl\":\"https:\\\/\\\/www.arquimaster.com.ar\\\/web\\\/wp-content\\\/uploads\\\/2021\\\/08\\\/casa_mym_slide.jpg\",\"datePublished\":\"2021-08-26T16:45:13+00:00\",\"dateModified\":\"2022-05-09T19:10:25+00:00\",\"description\":\"La casa se proyecta a partir de un volumen s\u00f3lido, calado y con un manejo del control de la luz.\",\"breadcrumb\":{\"@id\":\"https:\\\/\\\/www.arquimaster.com.ar\\\/web\\\/casa-mm-estudio-pka\\\/#breadcrumb\"},\"inLanguage\":\"es\",\"potentialAction\":[{\"@type\":\"ReadAction\",\"target\":[\"https:\\\/\\\/www.arquimaster.com.ar\\\/web\\\/casa-mm-estudio-pka\\\/\"]}]},{\"@type\":\"ImageObject\",\"inLanguage\":\"es\",\"@id\":\"https:\\\/\\\/www.arquimaster.com.ar\\\/web\\\/casa-mm-estudio-pka\\\/#primaryimage\",\"url\":\"https:\\\/\\\/www.arquimaster.com.ar\\\/web\\\/wp-content\\\/uploads\\\/2021\\\/08\\\/casa_mym_slide.jpg\",\"contentUrl\":\"https:\\\/\\\/www.arquimaster.com.ar\\\/web\\\/wp-content\\\/uploads\\\/2021\\\/08\\\/casa_mym_slide.jpg\",\"width\":698,\"height\":364,\"caption\":\"Casa M&M \\\/ Estudio PKa\"},{\"@type\":\"BreadcrumbList\",\"@id\":\"https:\\\/\\\/www.arquimaster.com.ar\\\/web\\\/casa-mm-estudio-pka\\\/#breadcrumb\",\"itemListElement\":[{\"@type\":\"ListItem\",\"position\":1,\"name\":\"Portada\",\"item\":\"https:\\\/\\\/www.arquimaster.com.ar\\\/web\\\/\"},{\"@type\":\"ListItem\",\"position\":2,\"name\":\"Casa M&#038;M \\\/ Estudio PKa\"}]},{\"@type\":\"WebSite\",\"@id\":\"https:\\\/\\\/www.arquimaster.com.ar\\\/web\\\/#website\",\"url\":\"https:\\\/\\\/www.arquimaster.com.ar\\\/web\\\/\",\"name\":\"Arquimaster\",\"description\":\"Web de arquitectura, dise\u00f1o y construccion\",\"publisher\":{\"@id\":\"https:\\\/\\\/www.arquimaster.com.ar\\\/web\\\/#organization\"},\"potentialAction\":[{\"@type\":\"SearchAction\",\"target\":{\"@type\":\"EntryPoint\",\"urlTemplate\":\"https:\\\/\\\/www.arquimaster.com.ar\\\/web\\\/?s={search_term_string}\"},\"query-input\":{\"@type\":\"PropertyValueSpecification\",\"valueRequired\":true,\"valueName\":\"search_term_string\"}}],\"inLanguage\":\"es\"},{\"@type\":\"Organization\",\"@id\":\"https:\\\/\\\/www.arquimaster.com.ar\\\/web\\\/#organization\",\"name\":\"Arquimaster\",\"url\":\"https:\\\/\\\/www.arquimaster.com.ar\\\/web\\\/\",\"logo\":{\"@type\":\"ImageObject\",\"inLanguage\":\"es\",\"@id\":\"https:\\\/\\\/www.arquimaster.com.ar\\\/web\\\/#\\\/schema\\\/logo\\\/image\\\/\",\"url\":\"https:\\\/\\\/www.arquimaster.com.ar\\\/web\\\/wp-content\\\/uploads\\\/2022\\\/06\\\/arquimaster.png\",\"contentUrl\":\"https:\\\/\\\/www.arquimaster.com.ar\\\/web\\\/wp-content\\\/uploads\\\/2022\\\/06\\\/arquimaster.png\",\"width\":594,\"height\":78,\"caption\":\"Arquimaster\"},\"image\":{\"@id\":\"https:\\\/\\\/www.arquimaster.com.ar\\\/web\\\/#\\\/schema\\\/logo\\\/image\\\/\"},\"sameAs\":[\"http:\\\/\\\/www.facebook.com\\\/ARQUIMASTER.com.ar\",\"https:\\\/\\\/x.com\\\/arquimaster\",\"https:\\\/\\\/www.instagram.com\\\/arquimasterblog\\\/\",\"https:\\\/\\\/www.linkedin.com\\\/company\\\/arquimaster\",\"https:\\\/\\\/www.pinterest.com\\\/arquimaster\",\"https:\\\/\\\/t.me\\\/arquimaster\"]},{\"@type\":\"Person\",\"@id\":\"https:\\\/\\\/www.arquimaster.com.ar\\\/web\\\/#\\\/schema\\\/person\\\/359e9f7c00193fcde068e0dd2ceb0028\",\"name\":\"Arquimaster\"}]}<\/script>\n<!-- \/ Yoast SEO plugin. -->","yoast_head_json":{"title":"Casa M&M \/ Estudio PKa - Arquimaster","description":"La casa se proyecta a partir de un volumen s\u00f3lido, calado y con un manejo del control de la luz.","robots":{"index":"index","follow":"follow","max-snippet":"max-snippet:-1","max-image-preview":"max-image-preview:large","max-video-preview":"max-video-preview:-1"},"canonical":"https:\/\/www.arquimaster.com.ar\/web\/casa-mm-estudio-pka\/","og_locale":"es_ES","og_type":"article","og_title":"Casa M&M \/ Estudio PKa","og_description":"La casa se proyecta a partir de un volumen s\u00f3lido, calado y con un manejo del control de la luz.","og_url":"https:\/\/www.arquimaster.com.ar\/web\/casa-mm-estudio-pka\/","og_site_name":"Arquimaster","article_publisher":"http:\/\/www.facebook.com\/ARQUIMASTER.com.ar","article_published_time":"2021-08-26T16:45:13+00:00","article_modified_time":"2022-05-09T19:10:25+00:00","og_image":[{"width":698,"height":364,"url":"https:\/\/www.arquimaster.com.ar\/web\/wp-content\/uploads\/2021\/08\/casa_mym_slide.jpg","type":"image\/jpeg"}],"author":"Arquimaster","twitter_card":"summary_large_image","twitter_title":"Casa M&M \/ Estudio PKa","twitter_description":"La casa se proyecta a partir de un volumen s\u00f3lido, calado y con un manejo del control de la luz.","twitter_image":"https:\/\/www.arquimaster.com.ar\/web\/wp-content\/uploads\/2021\/08\/casa_mym_slide.jpg","twitter_creator":"@arquimaster","twitter_site":"@arquimaster","twitter_misc":{"Escrito por":"Arquimaster","Tiempo de lectura":"3 minutos"},"schema":{"@context":"https:\/\/schema.org","@graph":[{"@type":"Article","@id":"https:\/\/www.arquimaster.com.ar\/web\/casa-mm-estudio-pka\/#article","isPartOf":{"@id":"https:\/\/www.arquimaster.com.ar\/web\/casa-mm-estudio-pka\/"},"author":{"name":"Arquimaster","@id":"https:\/\/www.arquimaster.com.ar\/web\/#\/schema\/person\/359e9f7c00193fcde068e0dd2ceb0028"},"headline":"Casa M&#038;M \/ Estudio PKa","datePublished":"2021-08-26T16:45:13+00:00","dateModified":"2022-05-09T19:10:25+00:00","mainEntityOfPage":{"@id":"https:\/\/www.arquimaster.com.ar\/web\/casa-mm-estudio-pka\/"},"wordCount":525,"publisher":{"@id":"https:\/\/www.arquimaster.com.ar\/web\/#organization"},"image":{"@id":"https:\/\/www.arquimaster.com.ar\/web\/casa-mm-estudio-pka\/#primaryimage"},"thumbnailUrl":"https:\/\/www.arquimaster.com.ar\/web\/wp-content\/uploads\/2021\/08\/casa_mym_slide.jpg","keywords":["Buenos Aires","casa en barrio cerrado","Estudio Pka","Ignacio Pessagno","Lilian Kandus","Tigre","vivienda unifamiliar"],"articleSection":["Proyecto","Vivienda unifamiliar y PH"],"inLanguage":"es"},{"@type":"WebPage","@id":"https:\/\/www.arquimaster.com.ar\/web\/casa-mm-estudio-pka\/","url":"https:\/\/www.arquimaster.com.ar\/web\/casa-mm-estudio-pka\/","name":"Casa M&M \/ Estudio PKa - Arquimaster","isPartOf":{"@id":"https:\/\/www.arquimaster.com.ar\/web\/#website"},"primaryImageOfPage":{"@id":"https:\/\/www.arquimaster.com.ar\/web\/casa-mm-estudio-pka\/#primaryimage"},"image":{"@id":"https:\/\/www.arquimaster.com.ar\/web\/casa-mm-estudio-pka\/#primaryimage"},"thumbnailUrl":"https:\/\/www.arquimaster.com.ar\/web\/wp-content\/uploads\/2021\/08\/casa_mym_slide.jpg","datePublished":"2021-08-26T16:45:13+00:00","dateModified":"2022-05-09T19:10:25+00:00","description":"La casa se proyecta a partir de un volumen s\u00f3lido, calado y con un manejo del control de la luz.","breadcrumb":{"@id":"https:\/\/www.arquimaster.com.ar\/web\/casa-mm-estudio-pka\/#breadcrumb"},"inLanguage":"es","potentialAction":[{"@type":"ReadAction","target":["https:\/\/www.arquimaster.com.ar\/web\/casa-mm-estudio-pka\/"]}]},{"@type":"ImageObject","inLanguage":"es","@id":"https:\/\/www.arquimaster.com.ar\/web\/casa-mm-estudio-pka\/#primaryimage","url":"https:\/\/www.arquimaster.com.ar\/web\/wp-content\/uploads\/2021\/08\/casa_mym_slide.jpg","contentUrl":"https:\/\/www.arquimaster.com.ar\/web\/wp-content\/uploads\/2021\/08\/casa_mym_slide.jpg","width":698,"height":364,"caption":"Casa M&M \/ Estudio PKa"},{"@type":"BreadcrumbList","@id":"https:\/\/www.arquimaster.com.ar\/web\/casa-mm-estudio-pka\/#breadcrumb","itemListElement":[{"@type":"ListItem","position":1,"name":"Portada","item":"https:\/\/www.arquimaster.com.ar\/web\/"},{"@type":"ListItem","position":2,"name":"Casa M&#038;M \/ Estudio PKa"}]},{"@type":"WebSite","@id":"https:\/\/www.arquimaster.com.ar\/web\/#website","url":"https:\/\/www.arquimaster.com.ar\/web\/","name":"Arquimaster","description":"Web de arquitectura, dise\u00f1o y construccion","publisher":{"@id":"https:\/\/www.arquimaster.com.ar\/web\/#organization"},"potentialAction":[{"@type":"SearchAction","target":{"@type":"EntryPoint","urlTemplate":"https:\/\/www.arquimaster.com.ar\/web\/?s={search_term_string}"},"query-input":{"@type":"PropertyValueSpecification","valueRequired":true,"valueName":"search_term_string"}}],"inLanguage":"es"},{"@type":"Organization","@id":"https:\/\/www.arquimaster.com.ar\/web\/#organization","name":"Arquimaster","url":"https:\/\/www.arquimaster.com.ar\/web\/","logo":{"@type":"ImageObject","inLanguage":"es","@id":"https:\/\/www.arquimaster.com.ar\/web\/#\/schema\/logo\/image\/","url":"https:\/\/www.arquimaster.com.ar\/web\/wp-content\/uploads\/2022\/06\/arquimaster.png","contentUrl":"https:\/\/www.arquimaster.com.ar\/web\/wp-content\/uploads\/2022\/06\/arquimaster.png","width":594,"height":78,"caption":"Arquimaster"},"image":{"@id":"https:\/\/www.arquimaster.com.ar\/web\/#\/schema\/logo\/image\/"},"sameAs":["http:\/\/www.facebook.com\/ARQUIMASTER.com.ar","https:\/\/x.com\/arquimaster","https:\/\/www.instagram.com\/arquimasterblog\/","https:\/\/www.linkedin.com\/company\/arquimaster","https:\/\/www.pinterest.com\/arquimaster","https:\/\/t.me\/arquimaster"]},{"@type":"Person","@id":"https:\/\/www.arquimaster.com.ar\/web\/#\/schema\/person\/359e9f7c00193fcde068e0dd2ceb0028","name":"Arquimaster"}]}},"uagb_featured_image_src":{"full":["https:\/\/www.arquimaster.com.ar\/web\/wp-content\/uploads\/2021\/08\/casa_mym_slide.jpg",698,364,false],"thumbnail":["https:\/\/www.arquimaster.com.ar\/web\/wp-content\/uploads\/2021\/08\/casa_mym_slide-150x150.jpg",150,150,true],"medium":["https:\/\/www.arquimaster.com.ar\/web\/wp-content\/uploads\/2021\/08\/casa_mym_slide.jpg",698,364,false],"medium_large":["https:\/\/www.arquimaster.com.ar\/web\/wp-content\/uploads\/2021\/08\/casa_mym_slide.jpg",698,364,false],"large":["https:\/\/www.arquimaster.com.ar\/web\/wp-content\/uploads\/2021\/08\/casa_mym_slide.jpg",698,364,false],"1536x1536":["https:\/\/www.arquimaster.com.ar\/web\/wp-content\/uploads\/2021\/08\/casa_mym_slide.jpg",698,364,false],"2048x2048":["https:\/\/www.arquimaster.com.ar\/web\/wp-content\/uploads\/2021\/08\/casa_mym_slide.jpg",698,364,false]},"uagb_author_info":{"display_name":"Arquimaster","author_link":"https:\/\/www.arquimaster.com.ar\/web\/author\/arquimaster\/"},"uagb_comment_info":0,"uagb_excerpt":"Se proyecta a partir de un volumen s\u00f3lido, calado y con un manejo del control de la luz...","_links":{"self":[{"href":"https:\/\/www.arquimaster.com.ar\/web\/wp-json\/wp\/v2\/posts\/66943","targetHints":{"allow":["GET"]}}],"collection":[{"href":"https:\/\/www.arquimaster.com.ar\/web\/wp-json\/wp\/v2\/posts"}],"about":[{"href":"https:\/\/www.arquimaster.com.ar\/web\/wp-json\/wp\/v2\/types\/post"}],"author":[{"embeddable":true,"href":"https:\/\/www.arquimaster.com.ar\/web\/wp-json\/wp\/v2\/users\/1"}],"replies":[{"embeddable":true,"href":"https:\/\/www.arquimaster.com.ar\/web\/wp-json\/wp\/v2\/comments?post=66943"}],"version-history":[{"count":1,"href":"https:\/\/www.arquimaster.com.ar\/web\/wp-json\/wp\/v2\/posts\/66943\/revisions"}],"predecessor-version":[{"id":66969,"href":"https:\/\/www.arquimaster.com.ar\/web\/wp-json\/wp\/v2\/posts\/66943\/revisions\/66969"}],"wp:featuredmedia":[{"embeddable":true,"href":"https:\/\/www.arquimaster.com.ar\/web\/wp-json\/wp\/v2\/media\/66944"}],"wp:attachment":[{"href":"https:\/\/www.arquimaster.com.ar\/web\/wp-json\/wp\/v2\/media?parent=66943"}],"wp:term":[{"taxonomy":"category","embeddable":true,"href":"https:\/\/www.arquimaster.com.ar\/web\/wp-json\/wp\/v2\/categories?post=66943"},{"taxonomy":"post_tag","embeddable":true,"href":"https:\/\/www.arquimaster.com.ar\/web\/wp-json\/wp\/v2\/tags?post=66943"}],"curies":[{"name":"wp","href":"https:\/\/api.w.org\/{rel}","templated":true}]}}