{"id":67038,"date":"2021-08-20T04:14:00","date_gmt":"2021-08-20T07:14:00","guid":{"rendered":"https:\/\/www.arquimaster.com.ar\/web\/?p=67038"},"modified":"2025-07-24T23:48:35","modified_gmt":"2025-07-25T02:48:35","slug":"tres-jovenes-cordobesas-fueron-premiadas-en-una-nueva-edicion-de-los-lafargeholcim-awards","status":"publish","type":"post","link":"https:\/\/www.arquimaster.com.ar\/web\/tres-jovenes-cordobesas-fueron-premiadas-en-una-nueva-edicion-de-los-lafargeholcim-awards\/","title":{"rendered":"Tres j\u00f3venes cordobesas fueron premiadas en una nueva edici\u00f3n de los LafargeHolcim Awards"},"content":{"rendered":"<div style=\"margin-top: 0px; margin-bottom: 0px;\" class=\"sharethis-inline-share-buttons\" ><\/div><div class=\"b812932af2e751442846f039925109de\" data-index=\"1\" style=\"float: none; margin:25px 0 25px 0; text-align:center;\">\n<script async src=\"https:\/\/pagead2.googlesyndication.com\/pagead\/js\/adsbygoogle.js\"><\/script>\r\n<!-- Arquimaster (superior) -->\r\n<ins class=\"adsbygoogle\"\r\n     style=\"display:block\"\r\n     data-ad-client=\"ca-pub-6351072698456832\"\r\n     data-ad-slot=\"6455489680\"\r\n     data-ad-format=\"auto\"\r\n     data-full-width-responsive=\"true\"><\/ins>\r\n<script>\r\n     (adsbygoogle = window.adsbygoogle || []).push({});\r\n<\/script>\n<\/div>\n<h3><em><strong>El certamen premia los proyectos que otorgan soluciones inteligentes para ciudades y entornos urbanizados. El tema principal fue: soluciones sustentables para el problema urgente del agua.<\/strong><\/em><\/h3>\n<p>Las estudiantes de arquitectura, de la Universidad Nacional de C\u00f3rdoba,<strong> Gimena Ponce Abba, Florencia Ruiz Cabello y Rosario Ruiz Cabello<\/strong> lograron el 2<strong>\u00ba premio en la categor\u00eda \u00abNext Generation\u00bb de los premios \u00abLafargeHolcim Awards\u00bb<\/strong>, la competencia m\u00e1s importante a nivel mundial sobre dise\u00f1o sustentable.<\/p>\n<div id='gallery-1' class='gallery galleryid-67038 gallery-columns-3 gallery-size-thumbnail'><figure class='gallery-item'>\n\t\t\t<div class='gallery-icon landscape'>\n\t\t\t\t<a href='https:\/\/www.arquimaster.com.ar\/web\/wp-content\/uploads\/2021\/08\/ganadores_lafargeholcim1.jpg' title=\"Tres j\u00f3venes cordobesas fueron premiadas en una nueva edici\u00f3n de los LafargeHolcim Awards\" data-rl_title=\"Tres j\u00f3venes cordobesas fueron premiadas en una nueva edici\u00f3n de los LafargeHolcim Awards\" class=\"rl-gallery-link\" data-rl_caption=\"Tres j\u00f3venes cordobesas fueron premiadas en una nueva edici\u00f3n de los LafargeHolcim Awards\" data-rel=\"lightbox-gallery-1\"><img loading=\"lazy\" decoding=\"async\" width=\"150\" height=\"150\" src=\"https:\/\/www.arquimaster.com.ar\/web\/wp-content\/uploads\/2021\/08\/ganadores_lafargeholcim1-150x150.jpg\" class=\"attachment-thumbnail size-thumbnail\" alt=\"Tres j\u00f3venes cordobesas fueron premiadas en una nueva edici\u00f3n de los LafargeHolcim Awards\" aria-describedby=\"gallery-1-67040\" srcset=\"https:\/\/www.arquimaster.com.ar\/web\/wp-content\/uploads\/2021\/08\/ganadores_lafargeholcim1-150x150.jpg 150w, https:\/\/www.arquimaster.com.ar\/web\/wp-content\/uploads\/2021\/08\/ganadores_lafargeholcim1-768x768.jpg 768w, https:\/\/www.arquimaster.com.ar\/web\/wp-content\/uploads\/2021\/08\/ganadores_lafargeholcim1.jpg 1500w\" sizes=\"auto, (max-width: 150px) 100vw, 150px\" \/><\/a>\n\t\t\t<\/div>\n\t\t\t\t<figcaption class='wp-caption-text gallery-caption' id='gallery-1-67040'>\n\t\t\t\tTres j\u00f3venes cordobesas fueron premiadas en una nueva edici\u00f3n de los LafargeHolcim Awards\n\t\t\t\t<\/figcaption><\/figure><figure class='gallery-item'>\n\t\t\t<div class='gallery-icon landscape'>\n\t\t\t\t<a href='https:\/\/www.arquimaster.com.ar\/web\/wp-content\/uploads\/2021\/08\/ganadores_lafargeholcim2.jpg' title=\"Tres j\u00f3venes cordobesas fueron premiadas en una nueva edici\u00f3n de los LafargeHolcim Awards\" data-rl_title=\"Tres j\u00f3venes cordobesas fueron premiadas en una nueva edici\u00f3n de los LafargeHolcim Awards\" class=\"rl-gallery-link\" data-rl_caption=\"Tres j\u00f3venes cordobesas fueron premiadas en una nueva edici\u00f3n de los LafargeHolcim Awards\" data-rel=\"lightbox-gallery-1\"><img loading=\"lazy\" decoding=\"async\" width=\"150\" height=\"150\" src=\"https:\/\/www.arquimaster.com.ar\/web\/wp-content\/uploads\/2021\/08\/ganadores_lafargeholcim2-150x150.jpg\" class=\"attachment-thumbnail size-thumbnail\" alt=\"Tres j\u00f3venes cordobesas fueron premiadas en una nueva edici\u00f3n de los LafargeHolcim Awards\" aria-describedby=\"gallery-1-67041\" \/><\/a>\n\t\t\t<\/div>\n\t\t\t\t<figcaption class='wp-caption-text gallery-caption' id='gallery-1-67041'>\n\t\t\t\tTres j\u00f3venes cordobesas fueron premiadas en una nueva edici\u00f3n de los LafargeHolcim Awards\n\t\t\t\t<\/figcaption><\/figure><figure class='gallery-item'>\n\t\t\t<div class='gallery-icon landscape'>\n\t\t\t\t<a href='https:\/\/www.arquimaster.com.ar\/web\/wp-content\/uploads\/2021\/08\/ganadores_lafargeholcim3.jpg' title=\"Tres j\u00f3venes cordobesas fueron premiadas en una nueva edici\u00f3n de los LafargeHolcim Awards\" data-rl_title=\"Tres j\u00f3venes cordobesas fueron premiadas en una nueva edici\u00f3n de los LafargeHolcim Awards\" class=\"rl-gallery-link\" data-rl_caption=\"Tres j\u00f3venes cordobesas fueron premiadas en una nueva edici\u00f3n de los LafargeHolcim Awards\" data-rel=\"lightbox-gallery-1\"><img loading=\"lazy\" decoding=\"async\" width=\"150\" height=\"150\" src=\"https:\/\/www.arquimaster.com.ar\/web\/wp-content\/uploads\/2021\/08\/ganadores_lafargeholcim3-150x150.jpg\" class=\"attachment-thumbnail size-thumbnail\" alt=\"Tres j\u00f3venes cordobesas fueron premiadas en una nueva edici\u00f3n de los LafargeHolcim Awards\" aria-describedby=\"gallery-1-67042\" \/><\/a>\n\t\t\t<\/div>\n\t\t\t\t<figcaption class='wp-caption-text gallery-caption' id='gallery-1-67042'>\n\t\t\t\tTres j\u00f3venes cordobesas fueron premiadas en una nueva edici\u00f3n de los LafargeHolcim Awards\n\t\t\t\t<\/figcaption><\/figure>\n\t\t<\/div>\n\n<p>En la categor\u00eda \u00abNext Generation\u00bb se reconocen conceptos visionarios e ideas audaces creadas por estudiantes y j\u00f3venes profesionales de hasta 30 a\u00f1os de edad. Por tal motivo, las estudiantes cordobesas presentaron el <strong>proyecto de infraestructura urbana para recreaci\u00f3n y mitigaci\u00f3n de inundaciones en Resistencia -Chaco-<\/strong>, mediante el manejo h\u00eddrico que transforma el agua de estos desastres naturales en un recurso para la comunidad. El sesenta por ciento de la ciudad de Resistencia se inunda a la hora de comenzar a recibir la ca\u00edda repentina de grandes lluvias.<\/p>\n<p>El proyecto de Ponce Abba y las hermanas Ruiz Cabello, muestra c\u00f3mo es posible mitigar esas inundaciones. <em>\u00abNuestra soluci\u00f3n incluye arquitectura, ingenier\u00eda, dise\u00f1o paisaj\u00edstico, dise\u00f1o urbano y ecolog\u00eda\u00bb<\/em>, destaca Mar\u00eda Rosario Ruiz Cabello. La propuesta reinterpreta el concepto y el rol de la infraestructura h\u00eddrica en el contexto urbano y propone la instalaci\u00f3n de un sistema de cuencas de captaci\u00f3n en grandes terrenos bald\u00edos dentro de la trama urbana. All\u00ed, se propone introducir instalaciones para la realizaci\u00f3n de actividades sociales, culturales, deportivas y c\u00edvicas.<\/p>\n<p>Dependiendo del nivel del agua, estas plataformas tambi\u00e9n pueden captar, almacenar, y trasladar el agua de tormenta, a trav\u00e9s de un proceso de tratamiento natural. Un cintur\u00f3n verde forma una zona de transici\u00f3n entre las instalaciones de retenci\u00f3n de agua y el entramado urbano colindante. <em>\u00abLo que resulta impactante de este concepto es que es generalizable\u00bb<\/em>, se\u00f1al\u00f3 <strong>Marilyne Andersen<\/strong> (Profesora de Tecnolog\u00edas de Construcci\u00f3n Sustentable, EPFL Lausana, Suiza). Y agreg\u00f3:<em> \u00abEl proyecto no lucha contra la inundaci\u00f3n tratando de impedir el avance del agua, sino que trabaja con la din\u00e1mica del agua y la transforma en algo positivo\u00bb<\/em>. El enfoque multidisciplinario necesario para lograr este resultado impresion\u00f3 fuertemente al jurado.<\/p>\n<p>En la regi\u00f3n de Latinoam\u00e9rica, cuatro proyectos provenientes de Brasil, Argentina, M\u00e9xico y Colombia se destacaron por su sensibilidad en el abordaje de aspectos fundamentales de la sustentabilidad. Por ese motivo, cada 3 a\u00f1os se celebra esta competencia en cinco regiones del planeta y luego a nivel global. Los premios econ\u00f3micos que se entregan ascienden a los 2 millones de d\u00f3lares. Adem\u00e1s del premio en dinero, cada ganador recibe un trofeo personalizado que representa al Modulor, del arquitecto suizo Le Corbusier. La base del trofeo est\u00e1 hecha de ECOPact, el hormig\u00f3n con bajo contenido de carbono de Grupo Holcim.<\/p>\n<p>La cantidad de proyectos inscriptos en la competencia demuestra la importancia actual sobre los problemas de la sustentabilidad para los especialistas de los campos de la arquitectura, la ingenier\u00eda, la planificaci\u00f3n urbana, la ciencia de los materiales, la tecnolog\u00eda de la construcci\u00f3n y otras disciplinas afines: Se presentaron 4.742 proyectos de 134 pa\u00edses. Los jurados dedicaron un total de m\u00e1s de 100 horas al estudio y la clasificaci\u00f3n de los ganadores en las categor\u00edas principales y en la Next Generation. En este proceso, se valieron de las Cinco Metas para la Construcci\u00f3n Sustentable con las que la Fundaci\u00f3n LafargeHolcim eval\u00faa la sustentabilidad.<\/p>\n<p>El tema de la sustentabilidad en la construcci\u00f3n reviste una importancia primordial debido a que las actividades relacionadas con la construcci\u00f3n y el mantenimiento de edificios representan el 40 por ciento del consumo de materiales y energ\u00eda en el mundo. En el contexto del cambio clim\u00e1tico y la disminuci\u00f3n en la disponibilidad de recursos, se hacen necesarios nuevos enfoques en toda la cadena de valor de la industria de la construcci\u00f3n. El objetivo de los LafargeHolcim Awards es el desarrollo y la aplicaci\u00f3n de estos nuevos enfoques.<\/p>\n<h3><strong>Los ganadores de la categor\u00eda principal ser\u00e1n anunciados en noviembre<\/strong><\/h3>\n<p>Los 21 ganadores de la categor\u00eda Next Generation a nivel mundial ser\u00e1n presentados de modo virtual, mientras que los proyectos ganadores y sus autores en la categor\u00eda principal ser\u00e1n premiados en una ceremonia h\u00edbrida en la Bienal Internacional de Arquitectura de Venecia a mediados de noviembre de 2021. En este evento, se distinguir\u00e1 a los 33 ganadores regionales y se anunciar\u00e1n los ganadores de los LafargeHolcim Awards de Oro, Plata y Bronce.<\/p>\n<h3><strong>\u00bfQu\u00e9 son los LafargeHolcim Awards?<\/strong><\/h3>\n<p>La competencia LafargeHolcim Awards se trata de algo m\u00e1s que s\u00f3lo premiar edificios hermosos. Se destaca como la competencia de dise\u00f1o sustentable m\u00e1s importante del mundo. Las normas de esta competencia son tan exigentes como el fin mismo de la sustentabilidad. Los proyectos que participan deben encontrarse en una avanzada etapa de dise\u00f1o, no deben ser obras finalizadas. Se buscan dise\u00f1os que superen los est\u00e1ndares actuales, que exhiban respuestas sustentables a los problemas tecnol\u00f3gicos, ambientales, socioecon\u00f3micos y culturales que afectan el mundo de la construcci\u00f3n contempor\u00e1nea, y propongan soluciones visionarias, nuevas, y distintas a las formas de construir.<\/p>\n<p><strong>Acerca de Holcim Argentina<\/strong><br \/>\nHolcim Argentina pertenece al Grupo Holcim y es l\u00edder en la industria de la construcci\u00f3n en la producci\u00f3n de cemento, hormig\u00f3n elaborado, agregados p\u00e9treos y servicios de construcci\u00f3n. Con 90 a\u00f1os de trayectoria en Argentina, Holcim emplea a m\u00e1s de 1.000 colaboradores y posee una amplia cobertura del territorio nacional.Cuenta con cuatro plantas de cemento ubicadas en las provincias de C\u00f3rdoba, Mendoza, Jujuy, y Buenos Aires. Asimismo cuenta con plantas fijas y m\u00f3viles de hormig\u00f3n elaborado; una planta de agregados p\u00e9treos y otra de coprocesamiento de residuos industriales llamada Geocycle. Disensa es el nombre de la red de corralones de la empresa que cuenta con m\u00e1s de 400 puntos de venta distribuidos en todo el pa\u00eds. A su vez, cuenta con Fundaci\u00f3n Holcim Argentina que lleva m\u00e1s de 30 a\u00f1os de trayectoria en el pa\u00eds, a trav\u00e9s de la cual la compa\u00f1\u00eda capitaliza la inversi\u00f3n social.<\/p>\n\n<div style=\"font-size: 0px; height: 0px; line-height: 0px; margin: 0; padding: 0; clear: both;\"><\/div><div style=\"margin-top: 0px; margin-bottom: 0px;\" class=\"sharethis-inline-share-buttons\" ><\/div>","protected":false},"excerpt":{"rendered":"<p>Proyectos que otorgan soluciones inteligentes para ciudades y entornos urbanizados&#8230;<\/p>\n","protected":false},"author":1,"featured_media":67039,"comment_status":"closed","ping_status":"closed","sticky":false,"template":"","format":"standard","meta":{"_uag_custom_page_level_css":"","footnotes":""},"categories":[70,68],"tags":[181,7256,7258,7255,4109,7254,4110,102,7257,554],"class_list":["post-67038","post","type-post","status-publish","format-standard","has-post-thumbnail","hentry","category-noticias-arquitectura","category-novedades","tag-diseno-sustentable","tag-florencia-ruiz-cabello","tag-fundacion-lafargeholcim","tag-gimena-ponce-abba","tag-lafargeholcim-awards","tag-next-generation","tag-premios-lafargeholcim","tag-resultados-de-concursos","tag-rosario-ruiz-cabello","tag-sustentabilidad","generate-columns","tablet-grid-50","mobile-grid-100","grid-parent","grid-50"],"yoast_head":"<!-- This site is optimized with the Yoast SEO plugin v27.3 - https:\/\/yoast.com\/product\/yoast-seo-wordpress\/ -->\n<title>Tres j\u00f3venes cordobesas fueron premiadas en una nueva edici\u00f3n de los LafargeHolcim Awards - Arquimaster<\/title>\n<meta name=\"description\" content=\"El certamen premia los proyectos que otorgan soluciones inteligentes para ciudades y entornos urbanizados.\" \/>\n<meta name=\"robots\" content=\"index, follow, max-snippet:-1, max-image-preview:large, max-video-preview:-1\" \/>\n<link rel=\"canonical\" href=\"https:\/\/www.arquimaster.com.ar\/web\/tres-jovenes-cordobesas-fueron-premiadas-en-una-nueva-edicion-de-los-lafargeholcim-awards\/\" \/>\n<meta property=\"og:locale\" content=\"es_ES\" \/>\n<meta property=\"og:type\" content=\"article\" \/>\n<meta property=\"og:title\" content=\"Tres j\u00f3venes cordobesas fueron premiadas en una nueva edici\u00f3n de los LafargeHolcim Awards\" \/>\n<meta property=\"og:description\" content=\"El certamen premia los proyectos que otorgan soluciones inteligentes para ciudades y entornos urbanizados.\" \/>\n<meta property=\"og:url\" content=\"https:\/\/www.arquimaster.com.ar\/web\/tres-jovenes-cordobesas-fueron-premiadas-en-una-nueva-edicion-de-los-lafargeholcim-awards\/\" \/>\n<meta property=\"og:site_name\" content=\"Arquimaster\" \/>\n<meta property=\"article:publisher\" content=\"http:\/\/www.facebook.com\/ARQUIMASTER.com.ar\" \/>\n<meta property=\"article:published_time\" content=\"2021-08-20T07:14:00+00:00\" \/>\n<meta property=\"article:modified_time\" content=\"2025-07-25T02:48:35+00:00\" \/>\n<meta property=\"og:image\" content=\"https:\/\/www.arquimaster.com.ar\/web\/wp-content\/uploads\/2021\/08\/ganadores_lafargeholcim_slide.jpg\" \/>\n\t<meta property=\"og:image:width\" content=\"698\" \/>\n\t<meta property=\"og:image:height\" content=\"364\" \/>\n\t<meta property=\"og:image:type\" content=\"image\/jpeg\" \/>\n<meta name=\"author\" content=\"Arquimaster\" \/>\n<meta name=\"twitter:card\" content=\"summary_large_image\" \/>\n<meta name=\"twitter:title\" content=\"Tres j\u00f3venes cordobesas fueron premiadas en una nueva edici\u00f3n de los LafargeHolcim Awards\" \/>\n<meta name=\"twitter:description\" content=\"El certamen premia los proyectos que otorgan soluciones inteligentes para ciudades y entornos urbanizados.\" \/>\n<meta name=\"twitter:image\" content=\"https:\/\/www.arquimaster.com.ar\/web\/wp-content\/uploads\/2021\/08\/ganadores_lafargeholcim_slide.jpg\" \/>\n<meta name=\"twitter:creator\" content=\"@arquimaster\" \/>\n<meta name=\"twitter:site\" content=\"@arquimaster\" \/>\n<meta name=\"twitter:label1\" content=\"Escrito por\" \/>\n\t<meta name=\"twitter:data1\" content=\"Arquimaster\" \/>\n\t<meta name=\"twitter:label2\" content=\"Tiempo de lectura\" \/>\n\t<meta name=\"twitter:data2\" content=\"5 minutos\" \/>\n<script type=\"application\/ld+json\" class=\"yoast-schema-graph\">{\"@context\":\"https:\\\/\\\/schema.org\",\"@graph\":[{\"@type\":\"Article\",\"@id\":\"https:\\\/\\\/www.arquimaster.com.ar\\\/web\\\/tres-jovenes-cordobesas-fueron-premiadas-en-una-nueva-edicion-de-los-lafargeholcim-awards\\\/#article\",\"isPartOf\":{\"@id\":\"https:\\\/\\\/www.arquimaster.com.ar\\\/web\\\/tres-jovenes-cordobesas-fueron-premiadas-en-una-nueva-edicion-de-los-lafargeholcim-awards\\\/\"},\"author\":{\"name\":\"Arquimaster\",\"@id\":\"https:\\\/\\\/www.arquimaster.com.ar\\\/web\\\/#\\\/schema\\\/person\\\/359e9f7c00193fcde068e0dd2ceb0028\"},\"headline\":\"Tres j\u00f3venes cordobesas fueron premiadas en una nueva edici\u00f3n de los LafargeHolcim Awards\",\"datePublished\":\"2021-08-20T07:14:00+00:00\",\"dateModified\":\"2025-07-25T02:48:35+00:00\",\"mainEntityOfPage\":{\"@id\":\"https:\\\/\\\/www.arquimaster.com.ar\\\/web\\\/tres-jovenes-cordobesas-fueron-premiadas-en-una-nueva-edicion-de-los-lafargeholcim-awards\\\/\"},\"wordCount\":1080,\"publisher\":{\"@id\":\"https:\\\/\\\/www.arquimaster.com.ar\\\/web\\\/#organization\"},\"image\":{\"@id\":\"https:\\\/\\\/www.arquimaster.com.ar\\\/web\\\/tres-jovenes-cordobesas-fueron-premiadas-en-una-nueva-edicion-de-los-lafargeholcim-awards\\\/#primaryimage\"},\"thumbnailUrl\":\"https:\\\/\\\/www.arquimaster.com.ar\\\/web\\\/wp-content\\\/uploads\\\/2021\\\/08\\\/ganadores_lafargeholcim_slide.jpg\",\"keywords\":[\"dise\u00f1o sustentable\",\"Florencia Ruiz Cabello\",\"Fundaci\u00f3n LafargeHolcim\",\"Gimena Ponce Abba\",\"LafargeHolcim Awards\",\"Next Generation\",\"Premios LafargeHolcim\",\"resultados de concursos\",\"Rosario Ruiz Cabello\",\"sustentabilidad\"],\"articleSection\":[\"Noticias de arquitectura y dise\u00f1o\",\"Novedades\"],\"inLanguage\":\"es\"},{\"@type\":\"WebPage\",\"@id\":\"https:\\\/\\\/www.arquimaster.com.ar\\\/web\\\/tres-jovenes-cordobesas-fueron-premiadas-en-una-nueva-edicion-de-los-lafargeholcim-awards\\\/\",\"url\":\"https:\\\/\\\/www.arquimaster.com.ar\\\/web\\\/tres-jovenes-cordobesas-fueron-premiadas-en-una-nueva-edicion-de-los-lafargeholcim-awards\\\/\",\"name\":\"Tres j\u00f3venes cordobesas fueron premiadas en una nueva edici\u00f3n de los LafargeHolcim Awards - Arquimaster\",\"isPartOf\":{\"@id\":\"https:\\\/\\\/www.arquimaster.com.ar\\\/web\\\/#website\"},\"primaryImageOfPage\":{\"@id\":\"https:\\\/\\\/www.arquimaster.com.ar\\\/web\\\/tres-jovenes-cordobesas-fueron-premiadas-en-una-nueva-edicion-de-los-lafargeholcim-awards\\\/#primaryimage\"},\"image\":{\"@id\":\"https:\\\/\\\/www.arquimaster.com.ar\\\/web\\\/tres-jovenes-cordobesas-fueron-premiadas-en-una-nueva-edicion-de-los-lafargeholcim-awards\\\/#primaryimage\"},\"thumbnailUrl\":\"https:\\\/\\\/www.arquimaster.com.ar\\\/web\\\/wp-content\\\/uploads\\\/2021\\\/08\\\/ganadores_lafargeholcim_slide.jpg\",\"datePublished\":\"2021-08-20T07:14:00+00:00\",\"dateModified\":\"2025-07-25T02:48:35+00:00\",\"description\":\"El certamen premia los proyectos que otorgan soluciones inteligentes para ciudades y entornos urbanizados.\",\"breadcrumb\":{\"@id\":\"https:\\\/\\\/www.arquimaster.com.ar\\\/web\\\/tres-jovenes-cordobesas-fueron-premiadas-en-una-nueva-edicion-de-los-lafargeholcim-awards\\\/#breadcrumb\"},\"inLanguage\":\"es\",\"potentialAction\":[{\"@type\":\"ReadAction\",\"target\":[\"https:\\\/\\\/www.arquimaster.com.ar\\\/web\\\/tres-jovenes-cordobesas-fueron-premiadas-en-una-nueva-edicion-de-los-lafargeholcim-awards\\\/\"]}]},{\"@type\":\"ImageObject\",\"inLanguage\":\"es\",\"@id\":\"https:\\\/\\\/www.arquimaster.com.ar\\\/web\\\/tres-jovenes-cordobesas-fueron-premiadas-en-una-nueva-edicion-de-los-lafargeholcim-awards\\\/#primaryimage\",\"url\":\"https:\\\/\\\/www.arquimaster.com.ar\\\/web\\\/wp-content\\\/uploads\\\/2021\\\/08\\\/ganadores_lafargeholcim_slide.jpg\",\"contentUrl\":\"https:\\\/\\\/www.arquimaster.com.ar\\\/web\\\/wp-content\\\/uploads\\\/2021\\\/08\\\/ganadores_lafargeholcim_slide.jpg\",\"width\":698,\"height\":364,\"caption\":\"Tres j\u00f3venes cordobesas fueron premiadas en una nueva edici\u00f3n de los LafargeHolcim Awards\"},{\"@type\":\"BreadcrumbList\",\"@id\":\"https:\\\/\\\/www.arquimaster.com.ar\\\/web\\\/tres-jovenes-cordobesas-fueron-premiadas-en-una-nueva-edicion-de-los-lafargeholcim-awards\\\/#breadcrumb\",\"itemListElement\":[{\"@type\":\"ListItem\",\"position\":1,\"name\":\"Portada\",\"item\":\"https:\\\/\\\/www.arquimaster.com.ar\\\/web\\\/\"},{\"@type\":\"ListItem\",\"position\":2,\"name\":\"Tres j\u00f3venes cordobesas fueron premiadas en una nueva edici\u00f3n de los LafargeHolcim Awards\"}]},{\"@type\":\"WebSite\",\"@id\":\"https:\\\/\\\/www.arquimaster.com.ar\\\/web\\\/#website\",\"url\":\"https:\\\/\\\/www.arquimaster.com.ar\\\/web\\\/\",\"name\":\"Arquimaster\",\"description\":\"Web de arquitectura, dise\u00f1o y construccion\",\"publisher\":{\"@id\":\"https:\\\/\\\/www.arquimaster.com.ar\\\/web\\\/#organization\"},\"potentialAction\":[{\"@type\":\"SearchAction\",\"target\":{\"@type\":\"EntryPoint\",\"urlTemplate\":\"https:\\\/\\\/www.arquimaster.com.ar\\\/web\\\/?s={search_term_string}\"},\"query-input\":{\"@type\":\"PropertyValueSpecification\",\"valueRequired\":true,\"valueName\":\"search_term_string\"}}],\"inLanguage\":\"es\"},{\"@type\":\"Organization\",\"@id\":\"https:\\\/\\\/www.arquimaster.com.ar\\\/web\\\/#organization\",\"name\":\"Arquimaster\",\"url\":\"https:\\\/\\\/www.arquimaster.com.ar\\\/web\\\/\",\"logo\":{\"@type\":\"ImageObject\",\"inLanguage\":\"es\",\"@id\":\"https:\\\/\\\/www.arquimaster.com.ar\\\/web\\\/#\\\/schema\\\/logo\\\/image\\\/\",\"url\":\"https:\\\/\\\/www.arquimaster.com.ar\\\/web\\\/wp-content\\\/uploads\\\/2022\\\/06\\\/arquimaster.png\",\"contentUrl\":\"https:\\\/\\\/www.arquimaster.com.ar\\\/web\\\/wp-content\\\/uploads\\\/2022\\\/06\\\/arquimaster.png\",\"width\":594,\"height\":78,\"caption\":\"Arquimaster\"},\"image\":{\"@id\":\"https:\\\/\\\/www.arquimaster.com.ar\\\/web\\\/#\\\/schema\\\/logo\\\/image\\\/\"},\"sameAs\":[\"http:\\\/\\\/www.facebook.com\\\/ARQUIMASTER.com.ar\",\"https:\\\/\\\/x.com\\\/arquimaster\",\"https:\\\/\\\/www.instagram.com\\\/arquimasterblog\\\/\",\"https:\\\/\\\/www.linkedin.com\\\/company\\\/arquimaster\",\"https:\\\/\\\/www.pinterest.com\\\/arquimaster\",\"https:\\\/\\\/t.me\\\/arquimaster\"]},{\"@type\":\"Person\",\"@id\":\"https:\\\/\\\/www.arquimaster.com.ar\\\/web\\\/#\\\/schema\\\/person\\\/359e9f7c00193fcde068e0dd2ceb0028\",\"name\":\"Arquimaster\"}]}<\/script>\n<!-- \/ Yoast SEO plugin. -->","yoast_head_json":{"title":"Tres j\u00f3venes cordobesas fueron premiadas en una nueva edici\u00f3n de los LafargeHolcim Awards - Arquimaster","description":"El certamen premia los proyectos que otorgan soluciones inteligentes para ciudades y entornos urbanizados.","robots":{"index":"index","follow":"follow","max-snippet":"max-snippet:-1","max-image-preview":"max-image-preview:large","max-video-preview":"max-video-preview:-1"},"canonical":"https:\/\/www.arquimaster.com.ar\/web\/tres-jovenes-cordobesas-fueron-premiadas-en-una-nueva-edicion-de-los-lafargeholcim-awards\/","og_locale":"es_ES","og_type":"article","og_title":"Tres j\u00f3venes cordobesas fueron premiadas en una nueva edici\u00f3n de los LafargeHolcim Awards","og_description":"El certamen premia los proyectos que otorgan soluciones inteligentes para ciudades y entornos urbanizados.","og_url":"https:\/\/www.arquimaster.com.ar\/web\/tres-jovenes-cordobesas-fueron-premiadas-en-una-nueva-edicion-de-los-lafargeholcim-awards\/","og_site_name":"Arquimaster","article_publisher":"http:\/\/www.facebook.com\/ARQUIMASTER.com.ar","article_published_time":"2021-08-20T07:14:00+00:00","article_modified_time":"2025-07-25T02:48:35+00:00","og_image":[{"width":698,"height":364,"url":"https:\/\/www.arquimaster.com.ar\/web\/wp-content\/uploads\/2021\/08\/ganadores_lafargeholcim_slide.jpg","type":"image\/jpeg"}],"author":"Arquimaster","twitter_card":"summary_large_image","twitter_title":"Tres j\u00f3venes cordobesas fueron premiadas en una nueva edici\u00f3n de los LafargeHolcim Awards","twitter_description":"El certamen premia los proyectos que otorgan soluciones inteligentes para ciudades y entornos urbanizados.","twitter_image":"https:\/\/www.arquimaster.com.ar\/web\/wp-content\/uploads\/2021\/08\/ganadores_lafargeholcim_slide.jpg","twitter_creator":"@arquimaster","twitter_site":"@arquimaster","twitter_misc":{"Escrito por":"Arquimaster","Tiempo de lectura":"5 minutos"},"schema":{"@context":"https:\/\/schema.org","@graph":[{"@type":"Article","@id":"https:\/\/www.arquimaster.com.ar\/web\/tres-jovenes-cordobesas-fueron-premiadas-en-una-nueva-edicion-de-los-lafargeholcim-awards\/#article","isPartOf":{"@id":"https:\/\/www.arquimaster.com.ar\/web\/tres-jovenes-cordobesas-fueron-premiadas-en-una-nueva-edicion-de-los-lafargeholcim-awards\/"},"author":{"name":"Arquimaster","@id":"https:\/\/www.arquimaster.com.ar\/web\/#\/schema\/person\/359e9f7c00193fcde068e0dd2ceb0028"},"headline":"Tres j\u00f3venes cordobesas fueron premiadas en una nueva edici\u00f3n de los LafargeHolcim Awards","datePublished":"2021-08-20T07:14:00+00:00","dateModified":"2025-07-25T02:48:35+00:00","mainEntityOfPage":{"@id":"https:\/\/www.arquimaster.com.ar\/web\/tres-jovenes-cordobesas-fueron-premiadas-en-una-nueva-edicion-de-los-lafargeholcim-awards\/"},"wordCount":1080,"publisher":{"@id":"https:\/\/www.arquimaster.com.ar\/web\/#organization"},"image":{"@id":"https:\/\/www.arquimaster.com.ar\/web\/tres-jovenes-cordobesas-fueron-premiadas-en-una-nueva-edicion-de-los-lafargeholcim-awards\/#primaryimage"},"thumbnailUrl":"https:\/\/www.arquimaster.com.ar\/web\/wp-content\/uploads\/2021\/08\/ganadores_lafargeholcim_slide.jpg","keywords":["dise\u00f1o sustentable","Florencia Ruiz Cabello","Fundaci\u00f3n LafargeHolcim","Gimena Ponce Abba","LafargeHolcim Awards","Next Generation","Premios LafargeHolcim","resultados de concursos","Rosario Ruiz Cabello","sustentabilidad"],"articleSection":["Noticias de arquitectura y dise\u00f1o","Novedades"],"inLanguage":"es"},{"@type":"WebPage","@id":"https:\/\/www.arquimaster.com.ar\/web\/tres-jovenes-cordobesas-fueron-premiadas-en-una-nueva-edicion-de-los-lafargeholcim-awards\/","url":"https:\/\/www.arquimaster.com.ar\/web\/tres-jovenes-cordobesas-fueron-premiadas-en-una-nueva-edicion-de-los-lafargeholcim-awards\/","name":"Tres j\u00f3venes cordobesas fueron premiadas en una nueva edici\u00f3n de los LafargeHolcim Awards - Arquimaster","isPartOf":{"@id":"https:\/\/www.arquimaster.com.ar\/web\/#website"},"primaryImageOfPage":{"@id":"https:\/\/www.arquimaster.com.ar\/web\/tres-jovenes-cordobesas-fueron-premiadas-en-una-nueva-edicion-de-los-lafargeholcim-awards\/#primaryimage"},"image":{"@id":"https:\/\/www.arquimaster.com.ar\/web\/tres-jovenes-cordobesas-fueron-premiadas-en-una-nueva-edicion-de-los-lafargeholcim-awards\/#primaryimage"},"thumbnailUrl":"https:\/\/www.arquimaster.com.ar\/web\/wp-content\/uploads\/2021\/08\/ganadores_lafargeholcim_slide.jpg","datePublished":"2021-08-20T07:14:00+00:00","dateModified":"2025-07-25T02:48:35+00:00","description":"El certamen premia los proyectos que otorgan soluciones inteligentes para ciudades y entornos urbanizados.","breadcrumb":{"@id":"https:\/\/www.arquimaster.com.ar\/web\/tres-jovenes-cordobesas-fueron-premiadas-en-una-nueva-edicion-de-los-lafargeholcim-awards\/#breadcrumb"},"inLanguage":"es","potentialAction":[{"@type":"ReadAction","target":["https:\/\/www.arquimaster.com.ar\/web\/tres-jovenes-cordobesas-fueron-premiadas-en-una-nueva-edicion-de-los-lafargeholcim-awards\/"]}]},{"@type":"ImageObject","inLanguage":"es","@id":"https:\/\/www.arquimaster.com.ar\/web\/tres-jovenes-cordobesas-fueron-premiadas-en-una-nueva-edicion-de-los-lafargeholcim-awards\/#primaryimage","url":"https:\/\/www.arquimaster.com.ar\/web\/wp-content\/uploads\/2021\/08\/ganadores_lafargeholcim_slide.jpg","contentUrl":"https:\/\/www.arquimaster.com.ar\/web\/wp-content\/uploads\/2021\/08\/ganadores_lafargeholcim_slide.jpg","width":698,"height":364,"caption":"Tres j\u00f3venes cordobesas fueron premiadas en una nueva edici\u00f3n de los LafargeHolcim Awards"},{"@type":"BreadcrumbList","@id":"https:\/\/www.arquimaster.com.ar\/web\/tres-jovenes-cordobesas-fueron-premiadas-en-una-nueva-edicion-de-los-lafargeholcim-awards\/#breadcrumb","itemListElement":[{"@type":"ListItem","position":1,"name":"Portada","item":"https:\/\/www.arquimaster.com.ar\/web\/"},{"@type":"ListItem","position":2,"name":"Tres j\u00f3venes cordobesas fueron premiadas en una nueva edici\u00f3n de los LafargeHolcim Awards"}]},{"@type":"WebSite","@id":"https:\/\/www.arquimaster.com.ar\/web\/#website","url":"https:\/\/www.arquimaster.com.ar\/web\/","name":"Arquimaster","description":"Web de arquitectura, dise\u00f1o y construccion","publisher":{"@id":"https:\/\/www.arquimaster.com.ar\/web\/#organization"},"potentialAction":[{"@type":"SearchAction","target":{"@type":"EntryPoint","urlTemplate":"https:\/\/www.arquimaster.com.ar\/web\/?s={search_term_string}"},"query-input":{"@type":"PropertyValueSpecification","valueRequired":true,"valueName":"search_term_string"}}],"inLanguage":"es"},{"@type":"Organization","@id":"https:\/\/www.arquimaster.com.ar\/web\/#organization","name":"Arquimaster","url":"https:\/\/www.arquimaster.com.ar\/web\/","logo":{"@type":"ImageObject","inLanguage":"es","@id":"https:\/\/www.arquimaster.com.ar\/web\/#\/schema\/logo\/image\/","url":"https:\/\/www.arquimaster.com.ar\/web\/wp-content\/uploads\/2022\/06\/arquimaster.png","contentUrl":"https:\/\/www.arquimaster.com.ar\/web\/wp-content\/uploads\/2022\/06\/arquimaster.png","width":594,"height":78,"caption":"Arquimaster"},"image":{"@id":"https:\/\/www.arquimaster.com.ar\/web\/#\/schema\/logo\/image\/"},"sameAs":["http:\/\/www.facebook.com\/ARQUIMASTER.com.ar","https:\/\/x.com\/arquimaster","https:\/\/www.instagram.com\/arquimasterblog\/","https:\/\/www.linkedin.com\/company\/arquimaster","https:\/\/www.pinterest.com\/arquimaster","https:\/\/t.me\/arquimaster"]},{"@type":"Person","@id":"https:\/\/www.arquimaster.com.ar\/web\/#\/schema\/person\/359e9f7c00193fcde068e0dd2ceb0028","name":"Arquimaster"}]}},"uagb_featured_image_src":{"full":["https:\/\/www.arquimaster.com.ar\/web\/wp-content\/uploads\/2021\/08\/ganadores_lafargeholcim_slide.jpg",698,364,false],"thumbnail":["https:\/\/www.arquimaster.com.ar\/web\/wp-content\/uploads\/2021\/08\/ganadores_lafargeholcim_slide-150x150.jpg",150,150,true],"medium":["https:\/\/www.arquimaster.com.ar\/web\/wp-content\/uploads\/2021\/08\/ganadores_lafargeholcim_slide.jpg",698,364,false],"medium_large":["https:\/\/www.arquimaster.com.ar\/web\/wp-content\/uploads\/2021\/08\/ganadores_lafargeholcim_slide.jpg",698,364,false],"large":["https:\/\/www.arquimaster.com.ar\/web\/wp-content\/uploads\/2021\/08\/ganadores_lafargeholcim_slide.jpg",698,364,false],"1536x1536":["https:\/\/www.arquimaster.com.ar\/web\/wp-content\/uploads\/2021\/08\/ganadores_lafargeholcim_slide.jpg",698,364,false],"2048x2048":["https:\/\/www.arquimaster.com.ar\/web\/wp-content\/uploads\/2021\/08\/ganadores_lafargeholcim_slide.jpg",698,364,false]},"uagb_author_info":{"display_name":"Arquimaster","author_link":"https:\/\/www.arquimaster.com.ar\/web\/author\/arquimaster\/"},"uagb_comment_info":0,"uagb_excerpt":"Proyectos que otorgan soluciones inteligentes para ciudades y entornos urbanizados...","_links":{"self":[{"href":"https:\/\/www.arquimaster.com.ar\/web\/wp-json\/wp\/v2\/posts\/67038","targetHints":{"allow":["GET"]}}],"collection":[{"href":"https:\/\/www.arquimaster.com.ar\/web\/wp-json\/wp\/v2\/posts"}],"about":[{"href":"https:\/\/www.arquimaster.com.ar\/web\/wp-json\/wp\/v2\/types\/post"}],"author":[{"embeddable":true,"href":"https:\/\/www.arquimaster.com.ar\/web\/wp-json\/wp\/v2\/users\/1"}],"replies":[{"embeddable":true,"href":"https:\/\/www.arquimaster.com.ar\/web\/wp-json\/wp\/v2\/comments?post=67038"}],"version-history":[{"count":2,"href":"https:\/\/www.arquimaster.com.ar\/web\/wp-json\/wp\/v2\/posts\/67038\/revisions"}],"predecessor-version":[{"id":85232,"href":"https:\/\/www.arquimaster.com.ar\/web\/wp-json\/wp\/v2\/posts\/67038\/revisions\/85232"}],"wp:featuredmedia":[{"embeddable":true,"href":"https:\/\/www.arquimaster.com.ar\/web\/wp-json\/wp\/v2\/media\/67039"}],"wp:attachment":[{"href":"https:\/\/www.arquimaster.com.ar\/web\/wp-json\/wp\/v2\/media?parent=67038"}],"wp:term":[{"taxonomy":"category","embeddable":true,"href":"https:\/\/www.arquimaster.com.ar\/web\/wp-json\/wp\/v2\/categories?post=67038"},{"taxonomy":"post_tag","embeddable":true,"href":"https:\/\/www.arquimaster.com.ar\/web\/wp-json\/wp\/v2\/tags?post=67038"}],"curies":[{"name":"wp","href":"https:\/\/api.w.org\/{rel}","templated":true}]}}