{"id":67210,"date":"2021-09-09T15:24:00","date_gmt":"2021-09-09T18:24:00","guid":{"rendered":"https:\/\/www.arquimaster.com.ar\/web\/?p=67210"},"modified":"2022-04-09T14:28:47","modified_gmt":"2022-04-09T17:28:47","slug":"edificio-del-concejo-deliberante-y-registro-civil-de-general-pico-atelier-lange-monteagudo-zamora-pilcic-arquitectos","status":"publish","type":"post","link":"https:\/\/www.arquimaster.com.ar\/web\/edificio-del-concejo-deliberante-y-registro-civil-de-general-pico-atelier-lange-monteagudo-zamora-pilcic-arquitectos\/","title":{"rendered":"Edificio del Concejo Deliberante y Registro Civil de General Pico \/ Atelier Lange Monteagudo + Zamora Pilcic Arquitectos"},"content":{"rendered":"<div style=\"margin-top: 0px; margin-bottom: 0px;\" class=\"sharethis-inline-share-buttons\" ><\/div><div class=\"b812932af2e751442846f039925109de\" data-index=\"1\" style=\"float: none; margin:25px 0 25px 0; text-align:center;\">\n<script async src=\"https:\/\/pagead2.googlesyndication.com\/pagead\/js\/adsbygoogle.js\"><\/script>\r\n<!-- Arquimaster (superior) -->\r\n<ins class=\"adsbygoogle\"\r\n     style=\"display:block\"\r\n     data-ad-client=\"ca-pub-6351072698456832\"\r\n     data-ad-slot=\"6455489680\"\r\n     data-ad-format=\"auto\"\r\n     data-full-width-responsive=\"true\"><\/ins>\r\n<script>\r\n     (adsbygoogle = window.adsbygoogle || []).push({});\r\n<\/script>\n<\/div>\n<p><strong>Edificio del Concejo Deliberante y Registro Civil de General Pico<\/strong> (Pcia. de La Pampa, Argentina) por <strong>Atelier Lange Monteagudo + Zamora Pilcic Arquitectos<\/strong>. Un edificio P\u00fablico, creemos, siempre es una oportunidad para \u00abhacer ciudad\u00bb. Aportar algo m\u00e1s trascendente, desde el punto de vista urbano, que solo resolver eficientemente una funci\u00f3n espec\u00edfica con unas l\u00edneas m\u00e1s o menos bellas.<\/p>\n<p>El edificio se implanta en el centro de la ciudad de General Pico, en la intersecci\u00f3n de las calles 24 y 13, lindante hacia el Noroeste con el edificio Medano (Centro cultural y de usos varios). Viene a reforzar el tri\u00e1ngulo urbano que forma con el Microcentro Peatonal (\u00e1rea comercial) y la Plaza San Mart\u00edn (centro c\u00edvico-hist\u00f3rico), transform\u00e1ndose, junto con Medano, en un nuevo \u00abatractor\u00bb que completa y complementa el eje formado entre lo comercial y lo c\u00edvico (Calle 20) con nuevos vectores (Calle 13 y Calle 11). Intentando comprender estas din\u00e1micas, la \u00abforma\u00bb del edificio busca remarcar y responder a estas ideas.<\/p>\n<div id='gallery-1' class='gallery galleryid-67210 gallery-columns-3 gallery-size-thumbnail'><figure class='gallery-item'>\n\t\t\t<div class='gallery-icon landscape'>\n\t\t\t\t<a href='https:\/\/www.arquimaster.com.ar\/web\/wp-content\/uploads\/2021\/09\/concejo_deliberante_general_pico1.jpg' title=\"Edificio del Concejo Deliberante y Registro Civil de General Pico \/ Atelier Lange Monteagudo + Zamora Pilcic Arquitectos\" data-rl_title=\"Edificio del Concejo Deliberante y Registro Civil de General Pico \/ Atelier Lange Monteagudo + Zamora Pilcic Arquitectos\" class=\"rl-gallery-link\" data-rl_caption=\"Edificio del Concejo Deliberante y Registro Civil de General Pico \/ Atelier Lange Monteagudo + Zamora Pilcic Arquitectos\" data-rel=\"lightbox-gallery-1\"><img loading=\"lazy\" decoding=\"async\" width=\"150\" height=\"150\" src=\"https:\/\/www.arquimaster.com.ar\/web\/wp-content\/uploads\/2021\/09\/concejo_deliberante_general_pico1-150x150.jpg\" class=\"attachment-thumbnail size-thumbnail\" alt=\"Edificio del Concejo Deliberante y Registro Civil de General Pico \/ Atelier Lange Monteagudo + Zamora Pilcic Arquitectos\" aria-describedby=\"gallery-1-67212\" \/><\/a>\n\t\t\t<\/div>\n\t\t\t\t<figcaption class='wp-caption-text gallery-caption' id='gallery-1-67212'>\n\t\t\t\tEdificio del Concejo Deliberante y Registro Civil de General Pico \/ Atelier Lange Monteagudo + Zamora Pilcic Arquitectos\n\t\t\t\t<\/figcaption><\/figure><figure class='gallery-item'>\n\t\t\t<div class='gallery-icon landscape'>\n\t\t\t\t<a href='https:\/\/www.arquimaster.com.ar\/web\/wp-content\/uploads\/2021\/09\/concejo_deliberante_general_pico2.jpg' title=\"Edificio del Concejo Deliberante y Registro Civil de General Pico \/ Atelier Lange Monteagudo + Zamora Pilcic Arquitectos\" data-rl_title=\"Edificio del Concejo Deliberante y Registro Civil de General Pico \/ Atelier Lange Monteagudo + Zamora Pilcic Arquitectos\" class=\"rl-gallery-link\" data-rl_caption=\"Edificio del Concejo Deliberante y Registro Civil de General Pico \/ Atelier Lange Monteagudo + Zamora Pilcic Arquitectos\" data-rel=\"lightbox-gallery-1\"><img loading=\"lazy\" decoding=\"async\" width=\"150\" height=\"150\" src=\"https:\/\/www.arquimaster.com.ar\/web\/wp-content\/uploads\/2021\/09\/concejo_deliberante_general_pico2-150x150.jpg\" class=\"attachment-thumbnail size-thumbnail\" alt=\"Edificio del Concejo Deliberante y Registro Civil de General Pico \/ Atelier Lange Monteagudo + Zamora Pilcic Arquitectos\" aria-describedby=\"gallery-1-67213\" \/><\/a>\n\t\t\t<\/div>\n\t\t\t\t<figcaption class='wp-caption-text gallery-caption' id='gallery-1-67213'>\n\t\t\t\tEdificio del Concejo Deliberante y Registro Civil de General Pico \/ Atelier Lange Monteagudo + Zamora Pilcic Arquitectos\n\t\t\t\t<\/figcaption><\/figure><figure class='gallery-item'>\n\t\t\t<div class='gallery-icon landscape'>\n\t\t\t\t<a href='https:\/\/www.arquimaster.com.ar\/web\/wp-content\/uploads\/2021\/09\/concejo_deliberante_general_pico3.jpg' title=\"Edificio del Concejo Deliberante y Registro Civil de General Pico \/ Atelier Lange Monteagudo + Zamora Pilcic Arquitectos\" data-rl_title=\"Edificio del Concejo Deliberante y Registro Civil de General Pico \/ Atelier Lange Monteagudo + Zamora Pilcic Arquitectos\" class=\"rl-gallery-link\" data-rl_caption=\"Edificio del Concejo Deliberante y Registro Civil de General Pico \/ Atelier Lange Monteagudo + Zamora Pilcic Arquitectos\" data-rel=\"lightbox-gallery-1\"><img loading=\"lazy\" decoding=\"async\" width=\"150\" height=\"150\" src=\"https:\/\/www.arquimaster.com.ar\/web\/wp-content\/uploads\/2021\/09\/concejo_deliberante_general_pico3-150x150.jpg\" class=\"attachment-thumbnail size-thumbnail\" alt=\"Edificio del Concejo Deliberante y Registro Civil de General Pico \/ Atelier Lange Monteagudo + Zamora Pilcic Arquitectos\" aria-describedby=\"gallery-1-67214\" \/><\/a>\n\t\t\t<\/div>\n\t\t\t\t<figcaption class='wp-caption-text gallery-caption' id='gallery-1-67214'>\n\t\t\t\tEdificio del Concejo Deliberante y Registro Civil de General Pico \/ Atelier Lange Monteagudo + Zamora Pilcic Arquitectos\n\t\t\t\t<\/figcaption><\/figure><figure class='gallery-item'>\n\t\t\t<div class='gallery-icon landscape'>\n\t\t\t\t<a href='https:\/\/www.arquimaster.com.ar\/web\/wp-content\/uploads\/2021\/09\/concejo_deliberante_general_pico4.jpg' title=\"Edificio del Concejo Deliberante y Registro Civil de General Pico \/ Atelier Lange Monteagudo + Zamora Pilcic Arquitectos\" data-rl_title=\"Edificio del Concejo Deliberante y Registro Civil de General Pico \/ Atelier Lange Monteagudo + Zamora Pilcic Arquitectos\" class=\"rl-gallery-link\" data-rl_caption=\"Edificio del Concejo Deliberante y Registro Civil de General Pico \/ Atelier Lange Monteagudo + Zamora Pilcic Arquitectos\" data-rel=\"lightbox-gallery-1\"><img loading=\"lazy\" decoding=\"async\" width=\"150\" height=\"150\" src=\"https:\/\/www.arquimaster.com.ar\/web\/wp-content\/uploads\/2021\/09\/concejo_deliberante_general_pico4-150x150.jpg\" class=\"attachment-thumbnail size-thumbnail\" alt=\"Edificio del Concejo Deliberante y Registro Civil de General Pico \/ Atelier Lange Monteagudo + Zamora Pilcic Arquitectos\" aria-describedby=\"gallery-1-67215\" \/><\/a>\n\t\t\t<\/div>\n\t\t\t\t<figcaption class='wp-caption-text gallery-caption' id='gallery-1-67215'>\n\t\t\t\tEdificio del Concejo Deliberante y Registro Civil de General Pico \/ Atelier Lange Monteagudo + Zamora Pilcic Arquitectos\n\t\t\t\t<\/figcaption><\/figure><figure class='gallery-item'>\n\t\t\t<div class='gallery-icon landscape'>\n\t\t\t\t<a href='https:\/\/www.arquimaster.com.ar\/web\/wp-content\/uploads\/2021\/09\/concejo_deliberante_general_pico5.jpg' title=\"Edificio del Concejo Deliberante y Registro Civil de General Pico \/ Atelier Lange Monteagudo + Zamora Pilcic Arquitectos\" data-rl_title=\"Edificio del Concejo Deliberante y Registro Civil de General Pico \/ Atelier Lange Monteagudo + Zamora Pilcic Arquitectos\" class=\"rl-gallery-link\" data-rl_caption=\"Edificio del Concejo Deliberante y Registro Civil de General Pico \/ Atelier Lange Monteagudo + Zamora Pilcic Arquitectos\" data-rel=\"lightbox-gallery-1\"><img loading=\"lazy\" decoding=\"async\" width=\"150\" height=\"150\" src=\"https:\/\/www.arquimaster.com.ar\/web\/wp-content\/uploads\/2021\/09\/concejo_deliberante_general_pico5-150x150.jpg\" class=\"attachment-thumbnail size-thumbnail\" alt=\"Edificio del Concejo Deliberante y Registro Civil de General Pico \/ Atelier Lange Monteagudo + Zamora Pilcic Arquitectos\" aria-describedby=\"gallery-1-67216\" \/><\/a>\n\t\t\t<\/div>\n\t\t\t\t<figcaption class='wp-caption-text gallery-caption' id='gallery-1-67216'>\n\t\t\t\tEdificio del Concejo Deliberante y Registro Civil de General Pico \/ Atelier Lange Monteagudo + Zamora Pilcic Arquitectos\n\t\t\t\t<\/figcaption><\/figure><figure class='gallery-item'>\n\t\t\t<div class='gallery-icon landscape'>\n\t\t\t\t<a href='https:\/\/www.arquimaster.com.ar\/web\/wp-content\/uploads\/2021\/09\/concejo_deliberante_general_pico6.jpg' title=\"Edificio del Concejo Deliberante y Registro Civil de General Pico \/ Atelier Lange Monteagudo + Zamora Pilcic Arquitectos\" data-rl_title=\"Edificio del Concejo Deliberante y Registro Civil de General Pico \/ Atelier Lange Monteagudo + Zamora Pilcic Arquitectos\" class=\"rl-gallery-link\" data-rl_caption=\"Edificio del Concejo Deliberante y Registro Civil de General Pico \/ Atelier Lange Monteagudo + Zamora Pilcic Arquitectos\" data-rel=\"lightbox-gallery-1\"><img loading=\"lazy\" decoding=\"async\" width=\"150\" height=\"150\" src=\"https:\/\/www.arquimaster.com.ar\/web\/wp-content\/uploads\/2021\/09\/concejo_deliberante_general_pico6-150x150.jpg\" class=\"attachment-thumbnail size-thumbnail\" alt=\"Edificio del Concejo Deliberante y Registro Civil de General Pico \/ Atelier Lange Monteagudo + Zamora Pilcic Arquitectos\" aria-describedby=\"gallery-1-67217\" \/><\/a>\n\t\t\t<\/div>\n\t\t\t\t<figcaption class='wp-caption-text gallery-caption' id='gallery-1-67217'>\n\t\t\t\tEdificio del Concejo Deliberante y Registro Civil de General Pico \/ Atelier Lange Monteagudo + Zamora Pilcic Arquitectos\n\t\t\t\t<\/figcaption><\/figure><figure class='gallery-item'>\n\t\t\t<div class='gallery-icon landscape'>\n\t\t\t\t<a href='https:\/\/www.arquimaster.com.ar\/web\/wp-content\/uploads\/2021\/09\/concejo_deliberante_general_pico7.jpg' title=\"Edificio del Concejo Deliberante y Registro Civil de General Pico \/ Atelier Lange Monteagudo + Zamora Pilcic Arquitectos\" data-rl_title=\"Edificio del Concejo Deliberante y Registro Civil de General Pico \/ Atelier Lange Monteagudo + Zamora Pilcic Arquitectos\" class=\"rl-gallery-link\" data-rl_caption=\"Edificio del Concejo Deliberante y Registro Civil de General Pico \/ Atelier Lange Monteagudo + Zamora Pilcic Arquitectos\" data-rel=\"lightbox-gallery-1\"><img loading=\"lazy\" decoding=\"async\" width=\"150\" height=\"150\" src=\"https:\/\/www.arquimaster.com.ar\/web\/wp-content\/uploads\/2021\/09\/concejo_deliberante_general_pico7-150x150.jpg\" class=\"attachment-thumbnail size-thumbnail\" alt=\"Edificio del Concejo Deliberante y Registro Civil de General Pico \/ Atelier Lange Monteagudo + Zamora Pilcic Arquitectos\" aria-describedby=\"gallery-1-67218\" \/><\/a>\n\t\t\t<\/div>\n\t\t\t\t<figcaption class='wp-caption-text gallery-caption' id='gallery-1-67218'>\n\t\t\t\tEdificio del Concejo Deliberante y Registro Civil de General Pico \/ Atelier Lange Monteagudo + Zamora Pilcic Arquitectos\n\t\t\t\t<\/figcaption><\/figure><figure class='gallery-item'>\n\t\t\t<div class='gallery-icon landscape'>\n\t\t\t\t<a href='https:\/\/www.arquimaster.com.ar\/web\/wp-content\/uploads\/2021\/09\/concejo_deliberante_general_pico8.jpg' title=\"Edificio del Concejo Deliberante y Registro Civil de General Pico \/ Atelier Lange Monteagudo + Zamora Pilcic Arquitectos\" data-rl_title=\"Edificio del Concejo Deliberante y Registro Civil de General Pico \/ Atelier Lange Monteagudo + Zamora Pilcic Arquitectos\" class=\"rl-gallery-link\" data-rl_caption=\"Edificio del Concejo Deliberante y Registro Civil de General Pico \/ Atelier Lange Monteagudo + Zamora Pilcic Arquitectos\" data-rel=\"lightbox-gallery-1\"><img loading=\"lazy\" decoding=\"async\" width=\"150\" height=\"150\" src=\"https:\/\/www.arquimaster.com.ar\/web\/wp-content\/uploads\/2021\/09\/concejo_deliberante_general_pico8-150x150.jpg\" class=\"attachment-thumbnail size-thumbnail\" alt=\"Edificio del Concejo Deliberante y Registro Civil de General Pico \/ Atelier Lange Monteagudo + Zamora Pilcic Arquitectos\" aria-describedby=\"gallery-1-67219\" \/><\/a>\n\t\t\t<\/div>\n\t\t\t\t<figcaption class='wp-caption-text gallery-caption' id='gallery-1-67219'>\n\t\t\t\tEdificio del Concejo Deliberante y Registro Civil de General Pico \/ Atelier Lange Monteagudo + Zamora Pilcic Arquitectos\n\t\t\t\t<\/figcaption><\/figure><figure class='gallery-item'>\n\t\t\t<div class='gallery-icon landscape'>\n\t\t\t\t<a href='https:\/\/www.arquimaster.com.ar\/web\/wp-content\/uploads\/2021\/09\/concejo_deliberante_general_pico9.jpg' title=\"Edificio del Concejo Deliberante y Registro Civil de General Pico \/ Atelier Lange Monteagudo + Zamora Pilcic Arquitectos\" data-rl_title=\"Edificio del Concejo Deliberante y Registro Civil de General Pico \/ Atelier Lange Monteagudo + Zamora Pilcic Arquitectos\" class=\"rl-gallery-link\" data-rl_caption=\"Edificio del Concejo Deliberante y Registro Civil de General Pico \/ Atelier Lange Monteagudo + Zamora Pilcic Arquitectos\" data-rel=\"lightbox-gallery-1\"><img loading=\"lazy\" decoding=\"async\" width=\"150\" height=\"150\" src=\"https:\/\/www.arquimaster.com.ar\/web\/wp-content\/uploads\/2021\/09\/concejo_deliberante_general_pico9-150x150.jpg\" class=\"attachment-thumbnail size-thumbnail\" alt=\"Edificio del Concejo Deliberante y Registro Civil de General Pico \/ Atelier Lange Monteagudo + Zamora Pilcic Arquitectos\" aria-describedby=\"gallery-1-67220\" \/><\/a>\n\t\t\t<\/div>\n\t\t\t\t<figcaption class='wp-caption-text gallery-caption' id='gallery-1-67220'>\n\t\t\t\tEdificio del Concejo Deliberante y Registro Civil de General Pico \/ Atelier Lange Monteagudo + Zamora Pilcic Arquitectos\n\t\t\t\t<\/figcaption><\/figure><figure class='gallery-item'>\n\t\t\t<div class='gallery-icon landscape'>\n\t\t\t\t<a href='https:\/\/www.arquimaster.com.ar\/web\/wp-content\/uploads\/2021\/09\/concejo_deliberante_general_pico10.jpg' title=\"Edificio del Concejo Deliberante y Registro Civil de General Pico \/ Atelier Lange Monteagudo + Zamora Pilcic Arquitectos\" data-rl_title=\"Edificio del Concejo Deliberante y Registro Civil de General Pico \/ Atelier Lange Monteagudo + Zamora Pilcic Arquitectos\" class=\"rl-gallery-link\" data-rl_caption=\"Edificio del Concejo Deliberante y Registro Civil de General Pico \/ Atelier Lange Monteagudo + Zamora Pilcic Arquitectos\" data-rel=\"lightbox-gallery-1\"><img loading=\"lazy\" decoding=\"async\" width=\"150\" height=\"150\" src=\"https:\/\/www.arquimaster.com.ar\/web\/wp-content\/uploads\/2021\/09\/concejo_deliberante_general_pico10-150x150.jpg\" class=\"attachment-thumbnail size-thumbnail\" alt=\"Edificio del Concejo Deliberante y Registro Civil de General Pico \/ Atelier Lange Monteagudo + Zamora Pilcic Arquitectos\" aria-describedby=\"gallery-1-67221\" \/><\/a>\n\t\t\t<\/div>\n\t\t\t\t<figcaption class='wp-caption-text gallery-caption' id='gallery-1-67221'>\n\t\t\t\tEdificio del Concejo Deliberante y Registro Civil de General Pico \/ Atelier Lange Monteagudo + Zamora Pilcic Arquitectos\n\t\t\t\t<\/figcaption><\/figure><figure class='gallery-item'>\n\t\t\t<div class='gallery-icon landscape'>\n\t\t\t\t<a href='https:\/\/www.arquimaster.com.ar\/web\/wp-content\/uploads\/2021\/09\/concejo_deliberante_general_pico11.jpg' title=\"Edificio del Concejo Deliberante y Registro Civil de General Pico \/ Atelier Lange Monteagudo + Zamora Pilcic Arquitectos\" data-rl_title=\"Edificio del Concejo Deliberante y Registro Civil de General Pico \/ Atelier Lange Monteagudo + Zamora Pilcic Arquitectos\" class=\"rl-gallery-link\" data-rl_caption=\"Edificio del Concejo Deliberante y Registro Civil de General Pico \/ Atelier Lange Monteagudo + Zamora Pilcic Arquitectos\" data-rel=\"lightbox-gallery-1\"><img loading=\"lazy\" decoding=\"async\" width=\"150\" height=\"150\" src=\"https:\/\/www.arquimaster.com.ar\/web\/wp-content\/uploads\/2021\/09\/concejo_deliberante_general_pico11-150x150.jpg\" class=\"attachment-thumbnail size-thumbnail\" alt=\"Edificio del Concejo Deliberante y Registro Civil de General Pico \/ Atelier Lange Monteagudo + Zamora Pilcic Arquitectos\" aria-describedby=\"gallery-1-67222\" \/><\/a>\n\t\t\t<\/div>\n\t\t\t\t<figcaption class='wp-caption-text gallery-caption' id='gallery-1-67222'>\n\t\t\t\tEdificio del Concejo Deliberante y Registro Civil de General Pico \/ Atelier Lange Monteagudo + Zamora Pilcic Arquitectos\n\t\t\t\t<\/figcaption><\/figure><figure class='gallery-item'>\n\t\t\t<div class='gallery-icon portrait'>\n\t\t\t\t<a href='https:\/\/www.arquimaster.com.ar\/web\/wp-content\/uploads\/2021\/09\/concejo_deliberante_general_pico12.jpg' title=\"Edificio del Concejo Deliberante y Registro Civil de General Pico \/ Atelier Lange Monteagudo + Zamora Pilcic Arquitectos\" data-rl_title=\"Edificio del Concejo Deliberante y Registro Civil de General Pico \/ Atelier Lange Monteagudo + Zamora Pilcic Arquitectos\" class=\"rl-gallery-link\" data-rl_caption=\"Edificio del Concejo Deliberante y Registro Civil de General Pico \/ Atelier Lange Monteagudo + Zamora Pilcic Arquitectos\" data-rel=\"lightbox-gallery-1\"><img loading=\"lazy\" decoding=\"async\" width=\"150\" height=\"150\" src=\"https:\/\/www.arquimaster.com.ar\/web\/wp-content\/uploads\/2021\/09\/concejo_deliberante_general_pico12-150x150.jpg\" class=\"attachment-thumbnail size-thumbnail\" alt=\"Edificio del Concejo Deliberante y Registro Civil de General Pico \/ Atelier Lange Monteagudo + Zamora Pilcic Arquitectos\" aria-describedby=\"gallery-1-67223\" \/><\/a>\n\t\t\t<\/div>\n\t\t\t\t<figcaption class='wp-caption-text gallery-caption' id='gallery-1-67223'>\n\t\t\t\tEdificio del Concejo Deliberante y Registro Civil de General Pico \/ Atelier Lange Monteagudo + Zamora Pilcic Arquitectos\n\t\t\t\t<\/figcaption><\/figure><figure class='gallery-item'>\n\t\t\t<div class='gallery-icon landscape'>\n\t\t\t\t<a href='https:\/\/www.arquimaster.com.ar\/web\/wp-content\/uploads\/2021\/09\/concejo_deliberante_general_pico13.jpg' title=\"Edificio del Concejo Deliberante y Registro Civil de General Pico \/ Atelier Lange Monteagudo + Zamora Pilcic Arquitectos\" data-rl_title=\"Edificio del Concejo Deliberante y Registro Civil de General Pico \/ Atelier Lange Monteagudo + Zamora Pilcic Arquitectos\" class=\"rl-gallery-link\" data-rl_caption=\"Edificio del Concejo Deliberante y Registro Civil de General Pico \/ Atelier Lange Monteagudo + Zamora Pilcic Arquitectos\" data-rel=\"lightbox-gallery-1\"><img loading=\"lazy\" decoding=\"async\" width=\"150\" height=\"150\" src=\"https:\/\/www.arquimaster.com.ar\/web\/wp-content\/uploads\/2021\/09\/concejo_deliberante_general_pico13-150x150.jpg\" class=\"attachment-thumbnail size-thumbnail\" alt=\"Edificio del Concejo Deliberante y Registro Civil de General Pico \/ Atelier Lange Monteagudo + Zamora Pilcic Arquitectos\" aria-describedby=\"gallery-1-67224\" \/><\/a>\n\t\t\t<\/div>\n\t\t\t\t<figcaption class='wp-caption-text gallery-caption' id='gallery-1-67224'>\n\t\t\t\tEdificio del Concejo Deliberante y Registro Civil de General Pico \/ Atelier Lange Monteagudo + Zamora Pilcic Arquitectos\n\t\t\t\t<\/figcaption><\/figure><figure class='gallery-item'>\n\t\t\t<div class='gallery-icon landscape'>\n\t\t\t\t<a href='https:\/\/www.arquimaster.com.ar\/web\/wp-content\/uploads\/2021\/09\/concejo_deliberante_general_pico14.jpg' title=\"Edificio del Concejo Deliberante y Registro Civil de General Pico \/ Atelier Lange Monteagudo + Zamora Pilcic Arquitectos\" data-rl_title=\"Edificio del Concejo Deliberante y Registro Civil de General Pico \/ Atelier Lange Monteagudo + Zamora Pilcic Arquitectos\" class=\"rl-gallery-link\" data-rl_caption=\"Edificio del Concejo Deliberante y Registro Civil de General Pico \/ Atelier Lange Monteagudo + Zamora Pilcic Arquitectos\" data-rel=\"lightbox-gallery-1\"><img loading=\"lazy\" decoding=\"async\" width=\"150\" height=\"150\" src=\"https:\/\/www.arquimaster.com.ar\/web\/wp-content\/uploads\/2021\/09\/concejo_deliberante_general_pico14-150x150.jpg\" class=\"attachment-thumbnail size-thumbnail\" alt=\"Edificio del Concejo Deliberante y Registro Civil de General Pico \/ Atelier Lange Monteagudo + Zamora Pilcic Arquitectos\" aria-describedby=\"gallery-1-67225\" \/><\/a>\n\t\t\t<\/div>\n\t\t\t\t<figcaption class='wp-caption-text gallery-caption' id='gallery-1-67225'>\n\t\t\t\tEdificio del Concejo Deliberante y Registro Civil de General Pico \/ Atelier Lange Monteagudo + Zamora Pilcic Arquitectos\n\t\t\t\t<\/figcaption><\/figure><figure class='gallery-item'>\n\t\t\t<div class='gallery-icon landscape'>\n\t\t\t\t<a href='https:\/\/www.arquimaster.com.ar\/web\/wp-content\/uploads\/2021\/09\/concejo_deliberante_general_pico15.jpg' title=\"Edificio del Concejo Deliberante y Registro Civil de General Pico \/ Atelier Lange Monteagudo + Zamora Pilcic Arquitectos\" data-rl_title=\"Edificio del Concejo Deliberante y Registro Civil de General Pico \/ Atelier Lange Monteagudo + Zamora Pilcic Arquitectos\" class=\"rl-gallery-link\" data-rl_caption=\"Edificio del Concejo Deliberante y Registro Civil de General Pico \/ Atelier Lange Monteagudo + Zamora Pilcic Arquitectos\" data-rel=\"lightbox-gallery-1\"><img loading=\"lazy\" decoding=\"async\" width=\"150\" height=\"150\" src=\"https:\/\/www.arquimaster.com.ar\/web\/wp-content\/uploads\/2021\/09\/concejo_deliberante_general_pico15-150x150.jpg\" class=\"attachment-thumbnail size-thumbnail\" alt=\"Edificio del Concejo Deliberante y Registro Civil de General Pico \/ Atelier Lange Monteagudo + Zamora Pilcic Arquitectos\" aria-describedby=\"gallery-1-67226\" \/><\/a>\n\t\t\t<\/div>\n\t\t\t\t<figcaption class='wp-caption-text gallery-caption' id='gallery-1-67226'>\n\t\t\t\tEdificio del Concejo Deliberante y Registro Civil de General Pico \/ Atelier Lange Monteagudo + Zamora Pilcic Arquitectos\n\t\t\t\t<\/figcaption><\/figure><figure class='gallery-item'>\n\t\t\t<div class='gallery-icon landscape'>\n\t\t\t\t<a href='https:\/\/www.arquimaster.com.ar\/web\/wp-content\/uploads\/2021\/09\/concejo_deliberante_general_pico16.jpg' title=\"Edificio del Concejo Deliberante y Registro Civil de General Pico \/ Atelier Lange Monteagudo + Zamora Pilcic Arquitectos\" data-rl_title=\"Edificio del Concejo Deliberante y Registro Civil de General Pico \/ Atelier Lange Monteagudo + Zamora Pilcic Arquitectos\" class=\"rl-gallery-link\" data-rl_caption=\"Edificio del Concejo Deliberante y Registro Civil de General Pico \/ Atelier Lange Monteagudo + Zamora Pilcic Arquitectos\" data-rel=\"lightbox-gallery-1\"><img loading=\"lazy\" decoding=\"async\" width=\"150\" height=\"150\" src=\"https:\/\/www.arquimaster.com.ar\/web\/wp-content\/uploads\/2021\/09\/concejo_deliberante_general_pico16-150x150.jpg\" class=\"attachment-thumbnail size-thumbnail\" alt=\"Edificio del Concejo Deliberante y Registro Civil de General Pico \/ Atelier Lange Monteagudo + Zamora Pilcic Arquitectos\" aria-describedby=\"gallery-1-67227\" \/><\/a>\n\t\t\t<\/div>\n\t\t\t\t<figcaption class='wp-caption-text gallery-caption' id='gallery-1-67227'>\n\t\t\t\tEdificio del Concejo Deliberante y Registro Civil de General Pico \/ Atelier Lange Monteagudo + Zamora Pilcic Arquitectos\n\t\t\t\t<\/figcaption><\/figure><figure class='gallery-item'>\n\t\t\t<div class='gallery-icon landscape'>\n\t\t\t\t<a href='https:\/\/www.arquimaster.com.ar\/web\/wp-content\/uploads\/2021\/09\/concejo_deliberante_general_pico17.jpg' title=\"Edificio del Concejo Deliberante y Registro Civil de General Pico \/ Atelier Lange Monteagudo + Zamora Pilcic Arquitectos (implantaci\u00f3n)\" data-rl_title=\"Edificio del Concejo Deliberante y Registro Civil de General Pico \/ Atelier Lange Monteagudo + Zamora Pilcic Arquitectos (implantaci\u00f3n)\" class=\"rl-gallery-link\" data-rl_caption=\"Edificio del Concejo Deliberante y Registro Civil de General Pico \/ Atelier Lange Monteagudo + Zamora Pilcic Arquitectos (implantaci\u00f3n)\" data-rel=\"lightbox-gallery-1\"><img loading=\"lazy\" decoding=\"async\" width=\"150\" height=\"150\" src=\"https:\/\/www.arquimaster.com.ar\/web\/wp-content\/uploads\/2021\/09\/concejo_deliberante_general_pico17-150x150.jpg\" class=\"attachment-thumbnail size-thumbnail\" alt=\"Edificio del Concejo Deliberante y Registro Civil de General Pico \/ Atelier Lange Monteagudo + Zamora Pilcic Arquitectos\" aria-describedby=\"gallery-1-67228\" \/><\/a>\n\t\t\t<\/div>\n\t\t\t\t<figcaption class='wp-caption-text gallery-caption' id='gallery-1-67228'>\n\t\t\t\tEdificio del Concejo Deliberante y Registro Civil de General Pico \/ Atelier Lange Monteagudo + Zamora Pilcic Arquitectos (implantaci\u00f3n)\n\t\t\t\t<\/figcaption><\/figure><figure class='gallery-item'>\n\t\t\t<div class='gallery-icon landscape'>\n\t\t\t\t<a href='https:\/\/www.arquimaster.com.ar\/web\/wp-content\/uploads\/2021\/09\/concejo_deliberante_general_pico18.jpg' title=\"Edificio del Concejo Deliberante y Registro Civil de General Pico \/ Atelier Lange Monteagudo + Zamora Pilcic Arquitectos (planta baja)\" data-rl_title=\"Edificio del Concejo Deliberante y Registro Civil de General Pico \/ Atelier Lange Monteagudo + Zamora Pilcic Arquitectos (planta baja)\" class=\"rl-gallery-link\" data-rl_caption=\"Edificio del Concejo Deliberante y Registro Civil de General Pico \/ Atelier Lange Monteagudo + Zamora Pilcic Arquitectos (planta baja)\" data-rel=\"lightbox-gallery-1\"><img loading=\"lazy\" decoding=\"async\" width=\"150\" height=\"150\" src=\"https:\/\/www.arquimaster.com.ar\/web\/wp-content\/uploads\/2021\/09\/concejo_deliberante_general_pico18-150x150.jpg\" class=\"attachment-thumbnail size-thumbnail\" alt=\"Edificio del Concejo Deliberante y Registro Civil de General Pico \/ Atelier Lange Monteagudo + Zamora Pilcic Arquitectos\" aria-describedby=\"gallery-1-67229\" \/><\/a>\n\t\t\t<\/div>\n\t\t\t\t<figcaption class='wp-caption-text gallery-caption' id='gallery-1-67229'>\n\t\t\t\tEdificio del Concejo Deliberante y Registro Civil de General Pico \/ Atelier Lange Monteagudo + Zamora Pilcic Arquitectos (planta baja)\n\t\t\t\t<\/figcaption><\/figure><figure class='gallery-item'>\n\t\t\t<div class='gallery-icon landscape'>\n\t\t\t\t<a href='https:\/\/www.arquimaster.com.ar\/web\/wp-content\/uploads\/2021\/09\/concejo_deliberante_general_pico19.jpg' title=\"Edificio del Concejo Deliberante y Registro Civil de General Pico \/ Atelier Lange Monteagudo + Zamora Pilcic Arquitectos (planta primera)\" data-rl_title=\"Edificio del Concejo Deliberante y Registro Civil de General Pico \/ Atelier Lange Monteagudo + Zamora Pilcic Arquitectos (planta primera)\" class=\"rl-gallery-link\" data-rl_caption=\"Edificio del Concejo Deliberante y Registro Civil de General Pico \/ Atelier Lange Monteagudo + Zamora Pilcic Arquitectos (planta primera)\" data-rel=\"lightbox-gallery-1\"><img loading=\"lazy\" decoding=\"async\" width=\"150\" height=\"150\" src=\"https:\/\/www.arquimaster.com.ar\/web\/wp-content\/uploads\/2021\/09\/concejo_deliberante_general_pico19-150x150.jpg\" class=\"attachment-thumbnail size-thumbnail\" alt=\"Edificio del Concejo Deliberante y Registro Civil de General Pico \/ Atelier Lange Monteagudo + Zamora Pilcic Arquitectos\" aria-describedby=\"gallery-1-67230\" \/><\/a>\n\t\t\t<\/div>\n\t\t\t\t<figcaption class='wp-caption-text gallery-caption' id='gallery-1-67230'>\n\t\t\t\tEdificio del Concejo Deliberante y Registro Civil de General Pico \/ Atelier Lange Monteagudo + Zamora Pilcic Arquitectos (planta primera)\n\t\t\t\t<\/figcaption><\/figure><figure class='gallery-item'>\n\t\t\t<div class='gallery-icon landscape'>\n\t\t\t\t<a href='https:\/\/www.arquimaster.com.ar\/web\/wp-content\/uploads\/2021\/09\/concejo_deliberante_general_pico20.jpg' title=\"Edificio del Concejo Deliberante y Registro Civil de General Pico \/ Atelier Lange Monteagudo + Zamora Pilcic Arquitectos (planta segunda)\" data-rl_title=\"Edificio del Concejo Deliberante y Registro Civil de General Pico \/ Atelier Lange Monteagudo + Zamora Pilcic Arquitectos (planta segunda)\" class=\"rl-gallery-link\" data-rl_caption=\"Edificio del Concejo Deliberante y Registro Civil de General Pico \/ Atelier Lange Monteagudo + Zamora Pilcic Arquitectos (planta segunda)\" data-rel=\"lightbox-gallery-1\"><img loading=\"lazy\" decoding=\"async\" width=\"150\" height=\"150\" src=\"https:\/\/www.arquimaster.com.ar\/web\/wp-content\/uploads\/2021\/09\/concejo_deliberante_general_pico20-150x150.jpg\" class=\"attachment-thumbnail size-thumbnail\" alt=\"Edificio del Concejo Deliberante y Registro Civil de General Pico \/ Atelier Lange Monteagudo + Zamora Pilcic Arquitectos\" aria-describedby=\"gallery-1-67231\" \/><\/a>\n\t\t\t<\/div>\n\t\t\t\t<figcaption class='wp-caption-text gallery-caption' id='gallery-1-67231'>\n\t\t\t\tEdificio del Concejo Deliberante y Registro Civil de General Pico \/ Atelier Lange Monteagudo + Zamora Pilcic Arquitectos (planta segunda)\n\t\t\t\t<\/figcaption><\/figure><figure class='gallery-item'>\n\t\t\t<div class='gallery-icon landscape'>\n\t\t\t\t<a href='https:\/\/www.arquimaster.com.ar\/web\/wp-content\/uploads\/2021\/09\/concejo_deliberante_general_pico21.jpg' title=\"Edificio del Concejo Deliberante y Registro Civil de General Pico \/ Atelier Lange Monteagudo + Zamora Pilcic Arquitectos (planta de techos)\" data-rl_title=\"Edificio del Concejo Deliberante y Registro Civil de General Pico \/ Atelier Lange Monteagudo + Zamora Pilcic Arquitectos (planta de techos)\" class=\"rl-gallery-link\" data-rl_caption=\"Edificio del Concejo Deliberante y Registro Civil de General Pico \/ Atelier Lange Monteagudo + Zamora Pilcic Arquitectos (planta de techos)\" data-rel=\"lightbox-gallery-1\"><img loading=\"lazy\" decoding=\"async\" width=\"150\" height=\"150\" src=\"https:\/\/www.arquimaster.com.ar\/web\/wp-content\/uploads\/2021\/09\/concejo_deliberante_general_pico21-150x150.jpg\" class=\"attachment-thumbnail size-thumbnail\" alt=\"Edificio del Concejo Deliberante y Registro Civil de General Pico \/ Atelier Lange Monteagudo + Zamora Pilcic Arquitectos\" aria-describedby=\"gallery-1-67232\" \/><\/a>\n\t\t\t<\/div>\n\t\t\t\t<figcaption class='wp-caption-text gallery-caption' id='gallery-1-67232'>\n\t\t\t\tEdificio del Concejo Deliberante y Registro Civil de General Pico \/ Atelier Lange Monteagudo + Zamora Pilcic Arquitectos (planta de techos)\n\t\t\t\t<\/figcaption><\/figure><figure class='gallery-item'>\n\t\t\t<div class='gallery-icon landscape'>\n\t\t\t\t<a href='https:\/\/www.arquimaster.com.ar\/web\/wp-content\/uploads\/2021\/09\/concejo_deliberante_general_pico22.jpg' title=\"Edificio del Concejo Deliberante y Registro Civil de General Pico \/ Atelier Lange Monteagudo + Zamora Pilcic Arquitectos (corte transversal)\" data-rl_title=\"Edificio del Concejo Deliberante y Registro Civil de General Pico \/ Atelier Lange Monteagudo + Zamora Pilcic Arquitectos (corte transversal)\" class=\"rl-gallery-link\" data-rl_caption=\"Edificio del Concejo Deliberante y Registro Civil de General Pico \/ Atelier Lange Monteagudo + Zamora Pilcic Arquitectos (corte transversal)\" data-rel=\"lightbox-gallery-1\"><img loading=\"lazy\" decoding=\"async\" width=\"150\" height=\"150\" src=\"https:\/\/www.arquimaster.com.ar\/web\/wp-content\/uploads\/2021\/09\/concejo_deliberante_general_pico22-150x150.jpg\" class=\"attachment-thumbnail size-thumbnail\" alt=\"Edificio del Concejo Deliberante y Registro Civil de General Pico \/ Atelier Lange Monteagudo + Zamora Pilcic Arquitectos\" aria-describedby=\"gallery-1-67233\" \/><\/a>\n\t\t\t<\/div>\n\t\t\t\t<figcaption class='wp-caption-text gallery-caption' id='gallery-1-67233'>\n\t\t\t\tEdificio del Concejo Deliberante y Registro Civil de General Pico \/ Atelier Lange Monteagudo + Zamora Pilcic Arquitectos (corte transversal)\n\t\t\t\t<\/figcaption><\/figure><figure class='gallery-item'>\n\t\t\t<div class='gallery-icon landscape'>\n\t\t\t\t<a href='https:\/\/www.arquimaster.com.ar\/web\/wp-content\/uploads\/2021\/09\/concejo_deliberante_general_pico23.jpg' title=\"Edificio del Concejo Deliberante y Registro Civil de General Pico \/ Atelier Lange Monteagudo + Zamora Pilcic Arquitectos (corte longitudinal)\" data-rl_title=\"Edificio del Concejo Deliberante y Registro Civil de General Pico \/ Atelier Lange Monteagudo + Zamora Pilcic Arquitectos (corte longitudinal)\" class=\"rl-gallery-link\" data-rl_caption=\"Edificio del Concejo Deliberante y Registro Civil de General Pico \/ Atelier Lange Monteagudo + Zamora Pilcic Arquitectos (corte longitudinal)\" data-rel=\"lightbox-gallery-1\"><img loading=\"lazy\" decoding=\"async\" width=\"150\" height=\"150\" src=\"https:\/\/www.arquimaster.com.ar\/web\/wp-content\/uploads\/2021\/09\/concejo_deliberante_general_pico23-150x150.jpg\" class=\"attachment-thumbnail size-thumbnail\" alt=\"Edificio del Concejo Deliberante y Registro Civil de General Pico \/ Atelier Lange Monteagudo + Zamora Pilcic Arquitectos\" aria-describedby=\"gallery-1-67234\" \/><\/a>\n\t\t\t<\/div>\n\t\t\t\t<figcaption class='wp-caption-text gallery-caption' id='gallery-1-67234'>\n\t\t\t\tEdificio del Concejo Deliberante y Registro Civil de General Pico \/ Atelier Lange Monteagudo + Zamora Pilcic Arquitectos (corte longitudinal)\n\t\t\t\t<\/figcaption><\/figure><figure class='gallery-item'>\n\t\t\t<div class='gallery-icon landscape'>\n\t\t\t\t<a href='https:\/\/www.arquimaster.com.ar\/web\/wp-content\/uploads\/2021\/09\/concejo_deliberante_general_pico24.jpg' title=\"Edificio del Concejo Deliberante y Registro Civil de General Pico \/ Atelier Lange Monteagudo + Zamora Pilcic Arquitectos (vista Calle 24)\" data-rl_title=\"Edificio del Concejo Deliberante y Registro Civil de General Pico \/ Atelier Lange Monteagudo + Zamora Pilcic Arquitectos (vista Calle 24)\" class=\"rl-gallery-link\" data-rl_caption=\"Edificio del Concejo Deliberante y Registro Civil de General Pico \/ Atelier Lange Monteagudo + Zamora Pilcic Arquitectos (vista Calle 24)\" data-rel=\"lightbox-gallery-1\"><img loading=\"lazy\" decoding=\"async\" width=\"150\" height=\"150\" src=\"https:\/\/www.arquimaster.com.ar\/web\/wp-content\/uploads\/2021\/09\/concejo_deliberante_general_pico24-150x150.jpg\" class=\"attachment-thumbnail size-thumbnail\" alt=\"Edificio del Concejo Deliberante y Registro Civil de General Pico \/ Atelier Lange Monteagudo + Zamora Pilcic Arquitectos\" aria-describedby=\"gallery-1-67235\" \/><\/a>\n\t\t\t<\/div>\n\t\t\t\t<figcaption class='wp-caption-text gallery-caption' id='gallery-1-67235'>\n\t\t\t\tEdificio del Concejo Deliberante y Registro Civil de General Pico \/ Atelier Lange Monteagudo + Zamora Pilcic Arquitectos (vista Calle 24)\n\t\t\t\t<\/figcaption><\/figure><figure class='gallery-item'>\n\t\t\t<div class='gallery-icon landscape'>\n\t\t\t\t<a href='https:\/\/www.arquimaster.com.ar\/web\/wp-content\/uploads\/2021\/09\/concejo_deliberante_general_pico25.jpg' title=\"Edificio del Concejo Deliberante y Registro Civil de General Pico \/ Atelier Lange Monteagudo + Zamora Pilcic Arquitectos (vista Calle 13)\" data-rl_title=\"Edificio del Concejo Deliberante y Registro Civil de General Pico \/ Atelier Lange Monteagudo + Zamora Pilcic Arquitectos (vista Calle 13)\" class=\"rl-gallery-link\" data-rl_caption=\"Edificio del Concejo Deliberante y Registro Civil de General Pico \/ Atelier Lange Monteagudo + Zamora Pilcic Arquitectos (vista Calle 13)\" data-rel=\"lightbox-gallery-1\"><img loading=\"lazy\" decoding=\"async\" width=\"150\" height=\"150\" src=\"https:\/\/www.arquimaster.com.ar\/web\/wp-content\/uploads\/2021\/09\/concejo_deliberante_general_pico25-150x150.jpg\" class=\"attachment-thumbnail size-thumbnail\" alt=\"Edificio del Concejo Deliberante y Registro Civil de General Pico \/ Atelier Lange Monteagudo + Zamora Pilcic Arquitectos\" aria-describedby=\"gallery-1-67236\" \/><\/a>\n\t\t\t<\/div>\n\t\t\t\t<figcaption class='wp-caption-text gallery-caption' id='gallery-1-67236'>\n\t\t\t\tEdificio del Concejo Deliberante y Registro Civil de General Pico \/ Atelier Lange Monteagudo + Zamora Pilcic Arquitectos (vista Calle 13)\n\t\t\t\t<\/figcaption><\/figure><figure class='gallery-item'>\n\t\t\t<div class='gallery-icon portrait'>\n\t\t\t\t<a href='https:\/\/www.arquimaster.com.ar\/web\/wp-content\/uploads\/2021\/09\/concejo_deliberante_general_pico26.jpg' title=\"Edificio del Concejo Deliberante y Registro Civil de General Pico \/ Atelier Lange Monteagudo + Zamora Pilcic Arquitectos (detalle)\" data-rl_title=\"Edificio del Concejo Deliberante y Registro Civil de General Pico \/ Atelier Lange Monteagudo + Zamora Pilcic Arquitectos (detalle)\" class=\"rl-gallery-link\" data-rl_caption=\"Edificio del Concejo Deliberante y Registro Civil de General Pico \/ Atelier Lange Monteagudo + Zamora Pilcic Arquitectos (detalle)\" data-rel=\"lightbox-gallery-1\"><img loading=\"lazy\" decoding=\"async\" width=\"150\" height=\"150\" src=\"https:\/\/www.arquimaster.com.ar\/web\/wp-content\/uploads\/2021\/09\/concejo_deliberante_general_pico26-150x150.jpg\" class=\"attachment-thumbnail size-thumbnail\" alt=\"Edificio del Concejo Deliberante y Registro Civil de General Pico \/ Atelier Lange Monteagudo + Zamora Pilcic Arquitectos\" aria-describedby=\"gallery-1-67237\" \/><\/a>\n\t\t\t<\/div>\n\t\t\t\t<figcaption class='wp-caption-text gallery-caption' id='gallery-1-67237'>\n\t\t\t\tEdificio del Concejo Deliberante y Registro Civil de General Pico \/ Atelier Lange Monteagudo + Zamora Pilcic Arquitectos (detalle)\n\t\t\t\t<\/figcaption><\/figure><figure class='gallery-item'>\n\t\t\t<div class='gallery-icon portrait'>\n\t\t\t\t<a href='https:\/\/www.arquimaster.com.ar\/web\/wp-content\/uploads\/2021\/09\/concejo_deliberante_general_pico27.jpg' title=\"Edificio del Concejo Deliberante y Registro Civil de General Pico \/ Atelier Lange Monteagudo + Zamora Pilcic Arquitectos (detalle)\" data-rl_title=\"Edificio del Concejo Deliberante y Registro Civil de General Pico \/ Atelier Lange Monteagudo + Zamora Pilcic Arquitectos (detalle)\" class=\"rl-gallery-link\" data-rl_caption=\"Edificio del Concejo Deliberante y Registro Civil de General Pico \/ Atelier Lange Monteagudo + Zamora Pilcic Arquitectos (detalle)\" data-rel=\"lightbox-gallery-1\"><img loading=\"lazy\" decoding=\"async\" width=\"150\" height=\"150\" src=\"https:\/\/www.arquimaster.com.ar\/web\/wp-content\/uploads\/2021\/09\/concejo_deliberante_general_pico27-150x150.jpg\" class=\"attachment-thumbnail size-thumbnail\" alt=\"Edificio del Concejo Deliberante y Registro Civil de General Pico \/ Atelier Lange Monteagudo + Zamora Pilcic Arquitectos\" aria-describedby=\"gallery-1-67238\" \/><\/a>\n\t\t\t<\/div>\n\t\t\t\t<figcaption class='wp-caption-text gallery-caption' id='gallery-1-67238'>\n\t\t\t\tEdificio del Concejo Deliberante y Registro Civil de General Pico \/ Atelier Lange Monteagudo + Zamora Pilcic Arquitectos (detalle)\n\t\t\t\t<\/figcaption><\/figure><figure class='gallery-item'>\n\t\t\t<div class='gallery-icon portrait'>\n\t\t\t\t<a href='https:\/\/www.arquimaster.com.ar\/web\/wp-content\/uploads\/2021\/09\/concejo_deliberante_general_pico28.jpg' title=\"Edificio del Concejo Deliberante y Registro Civil de General Pico \/ Atelier Lange Monteagudo + Zamora Pilcic Arquitectos (detalle)\" data-rl_title=\"Edificio del Concejo Deliberante y Registro Civil de General Pico \/ Atelier Lange Monteagudo + Zamora Pilcic Arquitectos (detalle)\" class=\"rl-gallery-link\" data-rl_caption=\"Edificio del Concejo Deliberante y Registro Civil de General Pico \/ Atelier Lange Monteagudo + Zamora Pilcic Arquitectos (detalle)\" data-rel=\"lightbox-gallery-1\"><img loading=\"lazy\" decoding=\"async\" width=\"150\" height=\"150\" src=\"https:\/\/www.arquimaster.com.ar\/web\/wp-content\/uploads\/2021\/09\/concejo_deliberante_general_pico28-150x150.jpg\" class=\"attachment-thumbnail size-thumbnail\" alt=\"Edificio del Concejo Deliberante y Registro Civil de General Pico \/ Atelier Lange Monteagudo + Zamora Pilcic Arquitectos\" aria-describedby=\"gallery-1-67239\" \/><\/a>\n\t\t\t<\/div>\n\t\t\t\t<figcaption class='wp-caption-text gallery-caption' id='gallery-1-67239'>\n\t\t\t\tEdificio del Concejo Deliberante y Registro Civil de General Pico \/ Atelier Lange Monteagudo + Zamora Pilcic Arquitectos (detalle)\n\t\t\t\t<\/figcaption><\/figure><figure class='gallery-item'>\n\t\t\t<div class='gallery-icon portrait'>\n\t\t\t\t<a href='https:\/\/www.arquimaster.com.ar\/web\/wp-content\/uploads\/2021\/09\/concejo_deliberante_general_pico29.jpg' title=\"Edificio del Concejo Deliberante y Registro Civil de General Pico \/ Atelier Lange Monteagudo + Zamora Pilcic Arquitectos (detalle)\" data-rl_title=\"Edificio del Concejo Deliberante y Registro Civil de General Pico \/ Atelier Lange Monteagudo + Zamora Pilcic Arquitectos (detalle)\" class=\"rl-gallery-link\" data-rl_caption=\"Edificio del Concejo Deliberante y Registro Civil de General Pico \/ Atelier Lange Monteagudo + Zamora Pilcic Arquitectos (detalle)\" data-rel=\"lightbox-gallery-1\"><img loading=\"lazy\" decoding=\"async\" width=\"150\" height=\"150\" src=\"https:\/\/www.arquimaster.com.ar\/web\/wp-content\/uploads\/2021\/09\/concejo_deliberante_general_pico29-150x150.jpg\" class=\"attachment-thumbnail size-thumbnail\" alt=\"Edificio del Concejo Deliberante y Registro Civil de General Pico \/ Atelier Lange Monteagudo + Zamora Pilcic Arquitectos\" aria-describedby=\"gallery-1-67240\" \/><\/a>\n\t\t\t<\/div>\n\t\t\t\t<figcaption class='wp-caption-text gallery-caption' id='gallery-1-67240'>\n\t\t\t\tEdificio del Concejo Deliberante y Registro Civil de General Pico \/ Atelier Lange Monteagudo + Zamora Pilcic Arquitectos (detalle)\n\t\t\t\t<\/figcaption><\/figure><figure class='gallery-item'>\n\t\t\t<div class='gallery-icon portrait'>\n\t\t\t\t<a href='https:\/\/www.arquimaster.com.ar\/web\/wp-content\/uploads\/2021\/09\/concejo_deliberante_general_pico30.jpg' title=\"Edificio del Concejo Deliberante y Registro Civil de General Pico \/ Atelier Lange Monteagudo + Zamora Pilcic Arquitectos (esquemas)\" data-rl_title=\"Edificio del Concejo Deliberante y Registro Civil de General Pico \/ Atelier Lange Monteagudo + Zamora Pilcic Arquitectos (esquemas)\" class=\"rl-gallery-link\" data-rl_caption=\"Edificio del Concejo Deliberante y Registro Civil de General Pico \/ Atelier Lange Monteagudo + Zamora Pilcic Arquitectos (esquemas)\" data-rel=\"lightbox-gallery-1\"><img loading=\"lazy\" decoding=\"async\" width=\"150\" height=\"150\" src=\"https:\/\/www.arquimaster.com.ar\/web\/wp-content\/uploads\/2021\/09\/concejo_deliberante_general_pico30-150x150.jpg\" class=\"attachment-thumbnail size-thumbnail\" alt=\"Edificio del Concejo Deliberante y Registro Civil de General Pico \/ Atelier Lange Monteagudo + Zamora Pilcic Arquitectos\" aria-describedby=\"gallery-1-67241\" \/><\/a>\n\t\t\t<\/div>\n\t\t\t\t<figcaption class='wp-caption-text gallery-caption' id='gallery-1-67241'>\n\t\t\t\tEdificio del Concejo Deliberante y Registro Civil de General Pico \/ Atelier Lange Monteagudo + Zamora Pilcic Arquitectos (esquemas)\n\t\t\t\t<\/figcaption><\/figure>\n\t\t<\/div>\n\n<p>En el predio funcionaba ya el antiguo edificio del Concejo Deliberante de la ciudad y, tambi\u00e9n, la vieja Terminal de \u00d3mnibus antes de su traslado a la periferia de la ciudad. Todas estas construcciones se demolieron para acomodar el nuevo edificio, excepto la cubierta primigenia de la antigua terminal en el centro geom\u00e9trico del terreno, una rotonda de hormig\u00f3n (circa 1970) sostenida por columnas met\u00e1licas y con una cubierta plegada en zigzag que se incorpor\u00f3 al nuevo proyecto, transform\u00e1ndose esta decisi\u00f3n proyectual en la ordenadora interna del posterior dise\u00f1o tanto funcional como morfol\u00f3gicamente. Un volumen que se vac\u00eda y se gesta desde su centro que pre-exist\u00eda.<\/p>\n<p>Mantener la vieja cubierta, para nosotros, es el inicio de todo. La vieja Terminal fue un hito construido fuerte en una ciudad (o ciudades) en donde no abundan. Nosotros como profesionales locales cre\u00edmos fundamental conservar el \u00abobjeto\u00bb original y m\u00e1s puro formalmente (dise\u00f1ado por el arquitecto Santiago Swinnen) e incorporarla al nuevo proyecto aunque esto implicara restricciones funcionales que debimos solucionar. Nuestra cualidad de \u00abpiquenses\u00bb, actuales habitantes de la ciudad, y convencidos de la necesidad de la conservaci\u00f3n del patrimonio construido, nos demandaba tal decisi\u00f3n.<\/p>\n<p>Si bien las construcciones se manifiestan como un gran complejo edilicio unitario, albergar\u00e1 dos edificios totalmente independientes, articulados por la plaza p\u00fablica de acceso, el vac\u00edo central bajo la vieja rotonda recuperada. Hacia la calle 13, el edificio sede del Registro Civil y, hacia la medianera lindante con el edificio Medano, la nueva sede del Honorable Concejo Deliberante de la Ciudad.<\/p>\n<p>En respuesta a la implantaci\u00f3n cercana, la forma se plantea como un bloque que reconstruye la manzana y remarca, con sus tres niveles constantes, el car\u00e1cter de corredores de las Calles 24 y 13 y, a la vez, abre una gran \u00abpuerta\u00bb hacia la esquina y tambi\u00e9n una recova que discurre desde el edificio Medano sobre la calle 24. El p\u00fablico, que llega desde esta recova o desde la esquina-puerta, penetra hacia el centro del terreno bajo la rotonda para as\u00ed acceder por dos ingresos independientes a cada edificio.<\/p>\n<p>Materialmente es una gran c\u00e1scara de hormig\u00f3n visto permeable hacia la Calle 24 y, una piel de vidrio hacia el interior, mirando al gran patio\/plaza central definido bajo y alrededor de la rotonda hist\u00f3rica.<\/p>\n<p>Funcionalmente, ambas reparticiones son an\u00e1logas. Se ingresa desde la plaza a trav\u00e9s de p\u00f3rticos de hormig\u00f3n que desembocan en halls de triple altura, contiguos a los n\u00facleos verticales y escaleras p\u00fablicas, que articulan las funciones a su alrededor: grandes plantas libres y flexibles, con divisiones livianas y reubicables, pisos t\u00e9cnicos y cielorrasos desmontables en las \u00e1reas destinadas a oficinas y concejales y dos grandes espacios de doble altura, uno en cada edificio; la gran Sala de Sesiones y el espacio del S.U.M. del Registro Civil; espacios estos con cielorrasos vistos de Hormig\u00f3n y revestimientos ac\u00fasticos de madera en sus muros.<\/p>\n<p><em>El <strong>Plegado de Hormig\u00f3n<\/strong> es el inicio. <\/em><br \/>\n<em>Lo dejamos por el recuerdo&#8230; por la identidad construida&#8230;<\/em><br \/>\n<em>por la nostalgia de viejas vivencias que se transforman en un nuevo espacio&#8230;<\/em><br \/>\n<em>que se superpone al viejo y lo hace m\u00e1s denso.<\/em><br \/>\n<em>Originalmente distribu\u00eda pasajeros que llegaban o que se iban.<\/em><br \/>\n<em>Esta funci\u00f3n se traspola y resuelve los accesos de nuestros edificios&#8230; que en realidad es uno.<\/em><br \/>\n<em>Lo preexistente as\u00ed, se torna en el coraz\u00f3n de lo nuevo, el patio&#8230;<\/em><\/p>\n<p><em>El <strong>Patio<\/strong> contiene, abraza&#8230; las actividades se tornan a \u00e9l; se reconocen y definen&#8230; para los que llegan y ven, como para los que est\u00e1n dentro y re-descubren el edificio a trav\u00e9s del \u00e1rbol del vac\u00edo interior. <\/em><em>Tambi\u00e9n es plaza p\u00fablica y urbana, lugar de reuni\u00f3n, pero acotada y definida&#8230; protegida del ruido y el viento, desde donde todos pueden ver las funciones y actividades.<\/em><\/p>\n<p><em>El <strong>Edificio<\/strong> copia la altura de lo contiguo; abre \u00abojos\u00bb para mirar hacia afuera; se perfora por la recova para dar continuidad a caminos que ya hay; se \u00abcorre\u00bb para acentuar la sala de sesiones.<\/em><br \/>\n<em>Siempre recompone y consolida la manzana&#8230; pero una cisura de toda la altura deja entrever y espiar el vac\u00edo. Es acceso y ventana urbana.<\/em><\/p>\n<p><strong>Ficha t\u00e9cnica<\/strong><br \/>\nNombre: Edificio del Concejo Deliberante y Registro Civil de General Pico<br \/>\nUbicaci\u00f3n: Esquina de Calles 24 y 13, General Pico, Pcia. de La Pampa, Argentina<br \/>\nAutores del proyecto: Estudios Asociados Atelier Lange Monteagudo (Ing. Civil Miguel Lange y Arq. Alejandro Monteagudo) y Zamora Pilcic Arquitectos (Arq. Ayel\u00e9n Pilcic y Arq. Ramiro Zamora)<br \/>\nConstrucci\u00f3n: Balent Construcciones<br \/>\nComitente: Gobierno de la Provincia de la Pampa<br \/>\nSuperficie del Proyecto: 3000 m2<br \/>\nFecha Inicio Obra: 07\/2018<br \/>\nFecha Finalizaci\u00f3n de Obra: 09\/2020<\/p>\n<p><strong>Contacto<\/strong><br \/>\n<a href=\"https:\/\/www.zamorapilcic.com\" target=\"_blank\" rel=\"noopener\">https:\/\/www.zamorapilcic.com<\/a><\/p>\n\n<div style=\"font-size: 0px; height: 0px; line-height: 0px; margin: 0; padding: 0; clear: both;\"><\/div><div style=\"margin-top: 0px; margin-bottom: 0px;\" class=\"sharethis-inline-share-buttons\" ><\/div>","protected":false},"excerpt":{"rendered":"<p>Materialmente es una gran c\u00e1scara de hormig\u00f3n visto permeable hacia la calle&#8230;<\/p>\n","protected":false},"author":1,"featured_media":67211,"comment_status":"closed","ping_status":"closed","sticky":false,"template":"","format":"standard","meta":{"_uag_custom_page_level_css":"","footnotes":""},"categories":[3767,1],"tags":[7275,5885,7274,7277,7273,7280,7272,1174,2621,7278,7279,7276],"class_list":["post-67210","post","type-post","status-publish","format-standard","has-post-thumbnail","hentry","category-arquitectura-institucional","category-proyecto","tag-alejandro-monteagudo","tag-arquitectura-institucional","tag-atelier-lange-monteagudo","tag-ayelen-pilcic","tag-concejo-deliberante","tag-edificio-publico","tag-general-pico","tag-hormigon-armado","tag-la-pampa","tag-miguel-lange","tag-ramiro-zamora","tag-zamora-pilcic-arquitectos","generate-columns","tablet-grid-50","mobile-grid-100","grid-parent","grid-50"],"yoast_head":"<!-- This site is optimized with the Yoast SEO plugin v27.3 - https:\/\/yoast.com\/product\/yoast-seo-wordpress\/ -->\n<title>Edificio del Concejo Deliberante y Registro Civil de General Pico \/ Atelier Lange Monteagudo + Zamora Pilcic Arquitectos - Arquimaster<\/title>\n<meta name=\"description\" content=\"Materialmente es una gran c\u00e1scara de hormig\u00f3n visto permeable hacia la calle y una piel de vidrio hacia el interior.\" \/>\n<meta name=\"robots\" content=\"index, follow, max-snippet:-1, max-image-preview:large, max-video-preview:-1\" \/>\n<link rel=\"canonical\" href=\"https:\/\/www.arquimaster.com.ar\/web\/edificio-del-concejo-deliberante-y-registro-civil-de-general-pico-atelier-lange-monteagudo-zamora-pilcic-arquitectos\/\" \/>\n<meta property=\"og:locale\" content=\"es_ES\" \/>\n<meta property=\"og:type\" content=\"article\" \/>\n<meta property=\"og:title\" content=\"Edificio del Concejo Deliberante y Registro Civil de General Pico \/ Atelier Lange Monteagudo + Zamora Pilcic Arquitectos\" \/>\n<meta property=\"og:description\" content=\"Materialmente es una gran c\u00e1scara de hormig\u00f3n visto permeable hacia la calle y una piel de vidrio hacia el interior.\" \/>\n<meta property=\"og:url\" content=\"https:\/\/www.arquimaster.com.ar\/web\/edificio-del-concejo-deliberante-y-registro-civil-de-general-pico-atelier-lange-monteagudo-zamora-pilcic-arquitectos\/\" \/>\n<meta property=\"og:site_name\" content=\"Arquimaster\" \/>\n<meta property=\"article:publisher\" content=\"http:\/\/www.facebook.com\/ARQUIMASTER.com.ar\" \/>\n<meta property=\"article:published_time\" content=\"2021-09-09T18:24:00+00:00\" \/>\n<meta property=\"article:modified_time\" content=\"2022-04-09T17:28:47+00:00\" \/>\n<meta property=\"og:image\" content=\"https:\/\/www.arquimaster.com.ar\/web\/wp-content\/uploads\/2021\/09\/concejo_deliberante_general_pico_slide.jpg\" \/>\n\t<meta property=\"og:image:width\" content=\"698\" \/>\n\t<meta property=\"og:image:height\" content=\"364\" \/>\n\t<meta property=\"og:image:type\" content=\"image\/jpeg\" \/>\n<meta name=\"author\" content=\"Arquimaster\" \/>\n<meta name=\"twitter:card\" content=\"summary_large_image\" \/>\n<meta name=\"twitter:title\" content=\"Edificio del Concejo Deliberante y Registro Civil de General Pico \/ Atelier Lange Monteagudo + Zamora Pilcic Arquitectos\" \/>\n<meta name=\"twitter:description\" content=\"Materialmente es una gran c\u00e1scara de hormig\u00f3n visto permeable hacia la calle y una piel de vidrio hacia el interior.\" \/>\n<meta name=\"twitter:image\" content=\"https:\/\/www.arquimaster.com.ar\/web\/wp-content\/uploads\/2021\/09\/concejo_deliberante_general_pico_slide.jpg\" \/>\n<meta name=\"twitter:creator\" content=\"@arquimaster\" \/>\n<meta name=\"twitter:site\" content=\"@arquimaster\" \/>\n<meta name=\"twitter:label1\" content=\"Escrito por\" \/>\n\t<meta name=\"twitter:data1\" content=\"Arquimaster\" \/>\n\t<meta name=\"twitter:label2\" content=\"Tiempo de lectura\" \/>\n\t<meta name=\"twitter:data2\" content=\"5 minutos\" \/>\n<script type=\"application\/ld+json\" class=\"yoast-schema-graph\">{\"@context\":\"https:\\\/\\\/schema.org\",\"@graph\":[{\"@type\":\"Article\",\"@id\":\"https:\\\/\\\/www.arquimaster.com.ar\\\/web\\\/edificio-del-concejo-deliberante-y-registro-civil-de-general-pico-atelier-lange-monteagudo-zamora-pilcic-arquitectos\\\/#article\",\"isPartOf\":{\"@id\":\"https:\\\/\\\/www.arquimaster.com.ar\\\/web\\\/edificio-del-concejo-deliberante-y-registro-civil-de-general-pico-atelier-lange-monteagudo-zamora-pilcic-arquitectos\\\/\"},\"author\":{\"name\":\"Arquimaster\",\"@id\":\"https:\\\/\\\/www.arquimaster.com.ar\\\/web\\\/#\\\/schema\\\/person\\\/359e9f7c00193fcde068e0dd2ceb0028\"},\"headline\":\"Edificio del Concejo Deliberante y Registro Civil de General Pico \\\/ Atelier Lange Monteagudo + Zamora Pilcic Arquitectos\",\"datePublished\":\"2021-09-09T18:24:00+00:00\",\"dateModified\":\"2022-04-09T17:28:47+00:00\",\"mainEntityOfPage\":{\"@id\":\"https:\\\/\\\/www.arquimaster.com.ar\\\/web\\\/edificio-del-concejo-deliberante-y-registro-civil-de-general-pico-atelier-lange-monteagudo-zamora-pilcic-arquitectos\\\/\"},\"wordCount\":991,\"publisher\":{\"@id\":\"https:\\\/\\\/www.arquimaster.com.ar\\\/web\\\/#organization\"},\"image\":{\"@id\":\"https:\\\/\\\/www.arquimaster.com.ar\\\/web\\\/edificio-del-concejo-deliberante-y-registro-civil-de-general-pico-atelier-lange-monteagudo-zamora-pilcic-arquitectos\\\/#primaryimage\"},\"thumbnailUrl\":\"https:\\\/\\\/www.arquimaster.com.ar\\\/web\\\/wp-content\\\/uploads\\\/2021\\\/09\\\/concejo_deliberante_general_pico_slide.jpg\",\"keywords\":[\"Alejandro Monteagudo\",\"arquitectura institucional\",\"Atelier Lange Monteagudo\",\"Ayel\u00e9n Pilcic\",\"concejo deliberante\",\"edificio p\u00fablico\",\"General Pico\",\"hormig\u00f3n armado\",\"La Pampa\",\"Miguel Lange\",\"Ramiro Zamora\",\"Zamora Pilcic Arquitectos\"],\"articleSection\":[\"Arquitectura institucional\",\"Proyecto\"],\"inLanguage\":\"es\"},{\"@type\":\"WebPage\",\"@id\":\"https:\\\/\\\/www.arquimaster.com.ar\\\/web\\\/edificio-del-concejo-deliberante-y-registro-civil-de-general-pico-atelier-lange-monteagudo-zamora-pilcic-arquitectos\\\/\",\"url\":\"https:\\\/\\\/www.arquimaster.com.ar\\\/web\\\/edificio-del-concejo-deliberante-y-registro-civil-de-general-pico-atelier-lange-monteagudo-zamora-pilcic-arquitectos\\\/\",\"name\":\"Edificio del Concejo Deliberante y Registro Civil de General Pico \\\/ Atelier Lange Monteagudo + Zamora Pilcic Arquitectos - Arquimaster\",\"isPartOf\":{\"@id\":\"https:\\\/\\\/www.arquimaster.com.ar\\\/web\\\/#website\"},\"primaryImageOfPage\":{\"@id\":\"https:\\\/\\\/www.arquimaster.com.ar\\\/web\\\/edificio-del-concejo-deliberante-y-registro-civil-de-general-pico-atelier-lange-monteagudo-zamora-pilcic-arquitectos\\\/#primaryimage\"},\"image\":{\"@id\":\"https:\\\/\\\/www.arquimaster.com.ar\\\/web\\\/edificio-del-concejo-deliberante-y-registro-civil-de-general-pico-atelier-lange-monteagudo-zamora-pilcic-arquitectos\\\/#primaryimage\"},\"thumbnailUrl\":\"https:\\\/\\\/www.arquimaster.com.ar\\\/web\\\/wp-content\\\/uploads\\\/2021\\\/09\\\/concejo_deliberante_general_pico_slide.jpg\",\"datePublished\":\"2021-09-09T18:24:00+00:00\",\"dateModified\":\"2022-04-09T17:28:47+00:00\",\"description\":\"Materialmente es una gran c\u00e1scara de hormig\u00f3n visto permeable hacia la calle y una piel de vidrio hacia el interior.\",\"breadcrumb\":{\"@id\":\"https:\\\/\\\/www.arquimaster.com.ar\\\/web\\\/edificio-del-concejo-deliberante-y-registro-civil-de-general-pico-atelier-lange-monteagudo-zamora-pilcic-arquitectos\\\/#breadcrumb\"},\"inLanguage\":\"es\",\"potentialAction\":[{\"@type\":\"ReadAction\",\"target\":[\"https:\\\/\\\/www.arquimaster.com.ar\\\/web\\\/edificio-del-concejo-deliberante-y-registro-civil-de-general-pico-atelier-lange-monteagudo-zamora-pilcic-arquitectos\\\/\"]}]},{\"@type\":\"ImageObject\",\"inLanguage\":\"es\",\"@id\":\"https:\\\/\\\/www.arquimaster.com.ar\\\/web\\\/edificio-del-concejo-deliberante-y-registro-civil-de-general-pico-atelier-lange-monteagudo-zamora-pilcic-arquitectos\\\/#primaryimage\",\"url\":\"https:\\\/\\\/www.arquimaster.com.ar\\\/web\\\/wp-content\\\/uploads\\\/2021\\\/09\\\/concejo_deliberante_general_pico_slide.jpg\",\"contentUrl\":\"https:\\\/\\\/www.arquimaster.com.ar\\\/web\\\/wp-content\\\/uploads\\\/2021\\\/09\\\/concejo_deliberante_general_pico_slide.jpg\",\"width\":698,\"height\":364,\"caption\":\"Edificio del Concejo Deliberante y Registro Civil de General Pico \\\/ Atelier Lange Monteagudo + Zamora Pilcic Arquitectos\"},{\"@type\":\"BreadcrumbList\",\"@id\":\"https:\\\/\\\/www.arquimaster.com.ar\\\/web\\\/edificio-del-concejo-deliberante-y-registro-civil-de-general-pico-atelier-lange-monteagudo-zamora-pilcic-arquitectos\\\/#breadcrumb\",\"itemListElement\":[{\"@type\":\"ListItem\",\"position\":1,\"name\":\"Portada\",\"item\":\"https:\\\/\\\/www.arquimaster.com.ar\\\/web\\\/\"},{\"@type\":\"ListItem\",\"position\":2,\"name\":\"Edificio del Concejo Deliberante y Registro Civil de General Pico \\\/ Atelier Lange Monteagudo + Zamora Pilcic Arquitectos\"}]},{\"@type\":\"WebSite\",\"@id\":\"https:\\\/\\\/www.arquimaster.com.ar\\\/web\\\/#website\",\"url\":\"https:\\\/\\\/www.arquimaster.com.ar\\\/web\\\/\",\"name\":\"Arquimaster\",\"description\":\"Web de arquitectura, dise\u00f1o y construccion\",\"publisher\":{\"@id\":\"https:\\\/\\\/www.arquimaster.com.ar\\\/web\\\/#organization\"},\"potentialAction\":[{\"@type\":\"SearchAction\",\"target\":{\"@type\":\"EntryPoint\",\"urlTemplate\":\"https:\\\/\\\/www.arquimaster.com.ar\\\/web\\\/?s={search_term_string}\"},\"query-input\":{\"@type\":\"PropertyValueSpecification\",\"valueRequired\":true,\"valueName\":\"search_term_string\"}}],\"inLanguage\":\"es\"},{\"@type\":\"Organization\",\"@id\":\"https:\\\/\\\/www.arquimaster.com.ar\\\/web\\\/#organization\",\"name\":\"Arquimaster\",\"url\":\"https:\\\/\\\/www.arquimaster.com.ar\\\/web\\\/\",\"logo\":{\"@type\":\"ImageObject\",\"inLanguage\":\"es\",\"@id\":\"https:\\\/\\\/www.arquimaster.com.ar\\\/web\\\/#\\\/schema\\\/logo\\\/image\\\/\",\"url\":\"https:\\\/\\\/www.arquimaster.com.ar\\\/web\\\/wp-content\\\/uploads\\\/2022\\\/06\\\/arquimaster.png\",\"contentUrl\":\"https:\\\/\\\/www.arquimaster.com.ar\\\/web\\\/wp-content\\\/uploads\\\/2022\\\/06\\\/arquimaster.png\",\"width\":594,\"height\":78,\"caption\":\"Arquimaster\"},\"image\":{\"@id\":\"https:\\\/\\\/www.arquimaster.com.ar\\\/web\\\/#\\\/schema\\\/logo\\\/image\\\/\"},\"sameAs\":[\"http:\\\/\\\/www.facebook.com\\\/ARQUIMASTER.com.ar\",\"https:\\\/\\\/x.com\\\/arquimaster\",\"https:\\\/\\\/www.instagram.com\\\/arquimasterblog\\\/\",\"https:\\\/\\\/www.linkedin.com\\\/company\\\/arquimaster\",\"https:\\\/\\\/www.pinterest.com\\\/arquimaster\",\"https:\\\/\\\/t.me\\\/arquimaster\"]},{\"@type\":\"Person\",\"@id\":\"https:\\\/\\\/www.arquimaster.com.ar\\\/web\\\/#\\\/schema\\\/person\\\/359e9f7c00193fcde068e0dd2ceb0028\",\"name\":\"Arquimaster\"}]}<\/script>\n<!-- \/ Yoast SEO plugin. -->","yoast_head_json":{"title":"Edificio del Concejo Deliberante y Registro Civil de General Pico \/ Atelier Lange Monteagudo + Zamora Pilcic Arquitectos - Arquimaster","description":"Materialmente es una gran c\u00e1scara de hormig\u00f3n visto permeable hacia la calle y una piel de vidrio hacia el interior.","robots":{"index":"index","follow":"follow","max-snippet":"max-snippet:-1","max-image-preview":"max-image-preview:large","max-video-preview":"max-video-preview:-1"},"canonical":"https:\/\/www.arquimaster.com.ar\/web\/edificio-del-concejo-deliberante-y-registro-civil-de-general-pico-atelier-lange-monteagudo-zamora-pilcic-arquitectos\/","og_locale":"es_ES","og_type":"article","og_title":"Edificio del Concejo Deliberante y Registro Civil de General Pico \/ Atelier Lange Monteagudo + Zamora Pilcic Arquitectos","og_description":"Materialmente es una gran c\u00e1scara de hormig\u00f3n visto permeable hacia la calle y una piel de vidrio hacia el interior.","og_url":"https:\/\/www.arquimaster.com.ar\/web\/edificio-del-concejo-deliberante-y-registro-civil-de-general-pico-atelier-lange-monteagudo-zamora-pilcic-arquitectos\/","og_site_name":"Arquimaster","article_publisher":"http:\/\/www.facebook.com\/ARQUIMASTER.com.ar","article_published_time":"2021-09-09T18:24:00+00:00","article_modified_time":"2022-04-09T17:28:47+00:00","og_image":[{"width":698,"height":364,"url":"https:\/\/www.arquimaster.com.ar\/web\/wp-content\/uploads\/2021\/09\/concejo_deliberante_general_pico_slide.jpg","type":"image\/jpeg"}],"author":"Arquimaster","twitter_card":"summary_large_image","twitter_title":"Edificio del Concejo Deliberante y Registro Civil de General Pico \/ Atelier Lange Monteagudo + Zamora Pilcic Arquitectos","twitter_description":"Materialmente es una gran c\u00e1scara de hormig\u00f3n visto permeable hacia la calle y una piel de vidrio hacia el interior.","twitter_image":"https:\/\/www.arquimaster.com.ar\/web\/wp-content\/uploads\/2021\/09\/concejo_deliberante_general_pico_slide.jpg","twitter_creator":"@arquimaster","twitter_site":"@arquimaster","twitter_misc":{"Escrito por":"Arquimaster","Tiempo de lectura":"5 minutos"},"schema":{"@context":"https:\/\/schema.org","@graph":[{"@type":"Article","@id":"https:\/\/www.arquimaster.com.ar\/web\/edificio-del-concejo-deliberante-y-registro-civil-de-general-pico-atelier-lange-monteagudo-zamora-pilcic-arquitectos\/#article","isPartOf":{"@id":"https:\/\/www.arquimaster.com.ar\/web\/edificio-del-concejo-deliberante-y-registro-civil-de-general-pico-atelier-lange-monteagudo-zamora-pilcic-arquitectos\/"},"author":{"name":"Arquimaster","@id":"https:\/\/www.arquimaster.com.ar\/web\/#\/schema\/person\/359e9f7c00193fcde068e0dd2ceb0028"},"headline":"Edificio del Concejo Deliberante y Registro Civil de General Pico \/ Atelier Lange Monteagudo + Zamora Pilcic Arquitectos","datePublished":"2021-09-09T18:24:00+00:00","dateModified":"2022-04-09T17:28:47+00:00","mainEntityOfPage":{"@id":"https:\/\/www.arquimaster.com.ar\/web\/edificio-del-concejo-deliberante-y-registro-civil-de-general-pico-atelier-lange-monteagudo-zamora-pilcic-arquitectos\/"},"wordCount":991,"publisher":{"@id":"https:\/\/www.arquimaster.com.ar\/web\/#organization"},"image":{"@id":"https:\/\/www.arquimaster.com.ar\/web\/edificio-del-concejo-deliberante-y-registro-civil-de-general-pico-atelier-lange-monteagudo-zamora-pilcic-arquitectos\/#primaryimage"},"thumbnailUrl":"https:\/\/www.arquimaster.com.ar\/web\/wp-content\/uploads\/2021\/09\/concejo_deliberante_general_pico_slide.jpg","keywords":["Alejandro Monteagudo","arquitectura institucional","Atelier Lange Monteagudo","Ayel\u00e9n Pilcic","concejo deliberante","edificio p\u00fablico","General Pico","hormig\u00f3n armado","La Pampa","Miguel Lange","Ramiro Zamora","Zamora Pilcic Arquitectos"],"articleSection":["Arquitectura institucional","Proyecto"],"inLanguage":"es"},{"@type":"WebPage","@id":"https:\/\/www.arquimaster.com.ar\/web\/edificio-del-concejo-deliberante-y-registro-civil-de-general-pico-atelier-lange-monteagudo-zamora-pilcic-arquitectos\/","url":"https:\/\/www.arquimaster.com.ar\/web\/edificio-del-concejo-deliberante-y-registro-civil-de-general-pico-atelier-lange-monteagudo-zamora-pilcic-arquitectos\/","name":"Edificio del Concejo Deliberante y Registro Civil de General Pico \/ Atelier Lange Monteagudo + Zamora Pilcic Arquitectos - Arquimaster","isPartOf":{"@id":"https:\/\/www.arquimaster.com.ar\/web\/#website"},"primaryImageOfPage":{"@id":"https:\/\/www.arquimaster.com.ar\/web\/edificio-del-concejo-deliberante-y-registro-civil-de-general-pico-atelier-lange-monteagudo-zamora-pilcic-arquitectos\/#primaryimage"},"image":{"@id":"https:\/\/www.arquimaster.com.ar\/web\/edificio-del-concejo-deliberante-y-registro-civil-de-general-pico-atelier-lange-monteagudo-zamora-pilcic-arquitectos\/#primaryimage"},"thumbnailUrl":"https:\/\/www.arquimaster.com.ar\/web\/wp-content\/uploads\/2021\/09\/concejo_deliberante_general_pico_slide.jpg","datePublished":"2021-09-09T18:24:00+00:00","dateModified":"2022-04-09T17:28:47+00:00","description":"Materialmente es una gran c\u00e1scara de hormig\u00f3n visto permeable hacia la calle y una piel de vidrio hacia el interior.","breadcrumb":{"@id":"https:\/\/www.arquimaster.com.ar\/web\/edificio-del-concejo-deliberante-y-registro-civil-de-general-pico-atelier-lange-monteagudo-zamora-pilcic-arquitectos\/#breadcrumb"},"inLanguage":"es","potentialAction":[{"@type":"ReadAction","target":["https:\/\/www.arquimaster.com.ar\/web\/edificio-del-concejo-deliberante-y-registro-civil-de-general-pico-atelier-lange-monteagudo-zamora-pilcic-arquitectos\/"]}]},{"@type":"ImageObject","inLanguage":"es","@id":"https:\/\/www.arquimaster.com.ar\/web\/edificio-del-concejo-deliberante-y-registro-civil-de-general-pico-atelier-lange-monteagudo-zamora-pilcic-arquitectos\/#primaryimage","url":"https:\/\/www.arquimaster.com.ar\/web\/wp-content\/uploads\/2021\/09\/concejo_deliberante_general_pico_slide.jpg","contentUrl":"https:\/\/www.arquimaster.com.ar\/web\/wp-content\/uploads\/2021\/09\/concejo_deliberante_general_pico_slide.jpg","width":698,"height":364,"caption":"Edificio del Concejo Deliberante y Registro Civil de General Pico \/ Atelier Lange Monteagudo + Zamora Pilcic Arquitectos"},{"@type":"BreadcrumbList","@id":"https:\/\/www.arquimaster.com.ar\/web\/edificio-del-concejo-deliberante-y-registro-civil-de-general-pico-atelier-lange-monteagudo-zamora-pilcic-arquitectos\/#breadcrumb","itemListElement":[{"@type":"ListItem","position":1,"name":"Portada","item":"https:\/\/www.arquimaster.com.ar\/web\/"},{"@type":"ListItem","position":2,"name":"Edificio del Concejo Deliberante y Registro Civil de General Pico \/ Atelier Lange Monteagudo + Zamora Pilcic Arquitectos"}]},{"@type":"WebSite","@id":"https:\/\/www.arquimaster.com.ar\/web\/#website","url":"https:\/\/www.arquimaster.com.ar\/web\/","name":"Arquimaster","description":"Web de arquitectura, dise\u00f1o y construccion","publisher":{"@id":"https:\/\/www.arquimaster.com.ar\/web\/#organization"},"potentialAction":[{"@type":"SearchAction","target":{"@type":"EntryPoint","urlTemplate":"https:\/\/www.arquimaster.com.ar\/web\/?s={search_term_string}"},"query-input":{"@type":"PropertyValueSpecification","valueRequired":true,"valueName":"search_term_string"}}],"inLanguage":"es"},{"@type":"Organization","@id":"https:\/\/www.arquimaster.com.ar\/web\/#organization","name":"Arquimaster","url":"https:\/\/www.arquimaster.com.ar\/web\/","logo":{"@type":"ImageObject","inLanguage":"es","@id":"https:\/\/www.arquimaster.com.ar\/web\/#\/schema\/logo\/image\/","url":"https:\/\/www.arquimaster.com.ar\/web\/wp-content\/uploads\/2022\/06\/arquimaster.png","contentUrl":"https:\/\/www.arquimaster.com.ar\/web\/wp-content\/uploads\/2022\/06\/arquimaster.png","width":594,"height":78,"caption":"Arquimaster"},"image":{"@id":"https:\/\/www.arquimaster.com.ar\/web\/#\/schema\/logo\/image\/"},"sameAs":["http:\/\/www.facebook.com\/ARQUIMASTER.com.ar","https:\/\/x.com\/arquimaster","https:\/\/www.instagram.com\/arquimasterblog\/","https:\/\/www.linkedin.com\/company\/arquimaster","https:\/\/www.pinterest.com\/arquimaster","https:\/\/t.me\/arquimaster"]},{"@type":"Person","@id":"https:\/\/www.arquimaster.com.ar\/web\/#\/schema\/person\/359e9f7c00193fcde068e0dd2ceb0028","name":"Arquimaster"}]}},"uagb_featured_image_src":{"full":["https:\/\/www.arquimaster.com.ar\/web\/wp-content\/uploads\/2021\/09\/concejo_deliberante_general_pico_slide.jpg",698,364,false],"thumbnail":["https:\/\/www.arquimaster.com.ar\/web\/wp-content\/uploads\/2021\/09\/concejo_deliberante_general_pico_slide-150x150.jpg",150,150,true],"medium":["https:\/\/www.arquimaster.com.ar\/web\/wp-content\/uploads\/2021\/09\/concejo_deliberante_general_pico_slide.jpg",698,364,false],"medium_large":["https:\/\/www.arquimaster.com.ar\/web\/wp-content\/uploads\/2021\/09\/concejo_deliberante_general_pico_slide.jpg",698,364,false],"large":["https:\/\/www.arquimaster.com.ar\/web\/wp-content\/uploads\/2021\/09\/concejo_deliberante_general_pico_slide.jpg",698,364,false],"1536x1536":["https:\/\/www.arquimaster.com.ar\/web\/wp-content\/uploads\/2021\/09\/concejo_deliberante_general_pico_slide.jpg",698,364,false],"2048x2048":["https:\/\/www.arquimaster.com.ar\/web\/wp-content\/uploads\/2021\/09\/concejo_deliberante_general_pico_slide.jpg",698,364,false]},"uagb_author_info":{"display_name":"Arquimaster","author_link":"https:\/\/www.arquimaster.com.ar\/web\/author\/arquimaster\/"},"uagb_comment_info":0,"uagb_excerpt":"Materialmente es una gran c\u00e1scara de hormig\u00f3n visto permeable hacia la calle...","_links":{"self":[{"href":"https:\/\/www.arquimaster.com.ar\/web\/wp-json\/wp\/v2\/posts\/67210","targetHints":{"allow":["GET"]}}],"collection":[{"href":"https:\/\/www.arquimaster.com.ar\/web\/wp-json\/wp\/v2\/posts"}],"about":[{"href":"https:\/\/www.arquimaster.com.ar\/web\/wp-json\/wp\/v2\/types\/post"}],"author":[{"embeddable":true,"href":"https:\/\/www.arquimaster.com.ar\/web\/wp-json\/wp\/v2\/users\/1"}],"replies":[{"embeddable":true,"href":"https:\/\/www.arquimaster.com.ar\/web\/wp-json\/wp\/v2\/comments?post=67210"}],"version-history":[{"count":1,"href":"https:\/\/www.arquimaster.com.ar\/web\/wp-json\/wp\/v2\/posts\/67210\/revisions"}],"predecessor-version":[{"id":67242,"href":"https:\/\/www.arquimaster.com.ar\/web\/wp-json\/wp\/v2\/posts\/67210\/revisions\/67242"}],"wp:featuredmedia":[{"embeddable":true,"href":"https:\/\/www.arquimaster.com.ar\/web\/wp-json\/wp\/v2\/media\/67211"}],"wp:attachment":[{"href":"https:\/\/www.arquimaster.com.ar\/web\/wp-json\/wp\/v2\/media?parent=67210"}],"wp:term":[{"taxonomy":"category","embeddable":true,"href":"https:\/\/www.arquimaster.com.ar\/web\/wp-json\/wp\/v2\/categories?post=67210"},{"taxonomy":"post_tag","embeddable":true,"href":"https:\/\/www.arquimaster.com.ar\/web\/wp-json\/wp\/v2\/tags?post=67210"}],"curies":[{"name":"wp","href":"https:\/\/api.w.org\/{rel}","templated":true}]}}