{"id":67383,"date":"2021-09-16T17:43:47","date_gmt":"2021-09-16T20:43:47","guid":{"rendered":"https:\/\/www.arquimaster.com.ar\/web\/?p=67383"},"modified":"2022-06-22T16:19:03","modified_gmt":"2022-06-22T19:19:03","slug":"casa-emme-emme-filippo-bombace","status":"publish","type":"post","link":"https:\/\/www.arquimaster.com.ar\/web\/casa-emme-emme-filippo-bombace\/","title":{"rendered":"Casa Emme-Emme \/ Filippo Bombace"},"content":{"rendered":"<div style=\"margin-top: 0px; margin-bottom: 0px;\" class=\"sharethis-inline-share-buttons\" ><\/div><div class=\"b812932af2e751442846f039925109de\" data-index=\"1\" style=\"float: none; margin:25px 0 25px 0; text-align:center;\">\n<script async src=\"https:\/\/pagead2.googlesyndication.com\/pagead\/js\/adsbygoogle.js\"><\/script>\r\n<!-- Arquimaster (superior) -->\r\n<ins class=\"adsbygoogle\"\r\n     style=\"display:block\"\r\n     data-ad-client=\"ca-pub-6351072698456832\"\r\n     data-ad-slot=\"6455489680\"\r\n     data-ad-format=\"auto\"\r\n     data-full-width-responsive=\"true\"><\/ins>\r\n<script>\r\n     (adsbygoogle = window.adsbygoogle || []).push({});\r\n<\/script>\n<\/div>\n<p><strong>Casa Emme-Emme<\/strong> (Roma, Italia) por <strong>Filippo Bombace<\/strong>. La necesidad de configurar el nuevo hogar seg\u00fan un lenguaje contempor\u00e1neo, limpio y natural, pero no exasperado, constituye el objetivo de la reforma de un hermoso \u00e1tico para una pareja de Clientes que se retrata as\u00ed una espacialidad sobria, elegante y lineal, sin implementar cualquier tipo de distorsi\u00f3n distributiva, por el contrario respetando la disposici\u00f3n ya existente de las zonas de d\u00eda y de noche, s\u00f3lo retocada para unas precisas mejoras.<\/p>\n<div id='gallery-1' class='gallery galleryid-67383 gallery-columns-3 gallery-size-thumbnail'><figure class='gallery-item'>\n\t\t\t<div class='gallery-icon landscape'>\n\t\t\t\t<a href='https:\/\/www.arquimaster.com.ar\/web\/wp-content\/uploads\/2021\/09\/casa_emme_emme1.jpg' title=\"Casa Emme-Emme \/ Filippo Bombace (\u00a9 Serena Eller)\" data-rl_title=\"Casa Emme-Emme \/ Filippo Bombace (\u00a9 Serena Eller)\" class=\"rl-gallery-link\" data-rl_caption=\"Casa Emme-Emme \/ Filippo Bombace (\u00a9 Serena Eller)\" data-rel=\"lightbox-gallery-1\"><img loading=\"lazy\" decoding=\"async\" width=\"150\" height=\"150\" src=\"https:\/\/www.arquimaster.com.ar\/web\/wp-content\/uploads\/2021\/09\/casa_emme_emme1-150x150.jpg\" class=\"attachment-thumbnail size-thumbnail\" alt=\"Casa Emme-Emme \/ Filippo Bombace\" aria-describedby=\"gallery-1-67385\" \/><\/a>\n\t\t\t<\/div>\n\t\t\t\t<figcaption class='wp-caption-text gallery-caption' id='gallery-1-67385'>\n\t\t\t\tCasa Emme-Emme \/ Filippo Bombace (\u00a9 Serena Eller)\n\t\t\t\t<\/figcaption><\/figure><figure class='gallery-item'>\n\t\t\t<div class='gallery-icon landscape'>\n\t\t\t\t<a href='https:\/\/www.arquimaster.com.ar\/web\/wp-content\/uploads\/2021\/09\/casa_emme_emme2.jpg' title=\"Casa Emme-Emme \/ Filippo Bombace (\u00a9 Serena Eller)\" data-rl_title=\"Casa Emme-Emme \/ Filippo Bombace (\u00a9 Serena Eller)\" class=\"rl-gallery-link\" data-rl_caption=\"Casa Emme-Emme \/ Filippo Bombace (\u00a9 Serena Eller)\" data-rel=\"lightbox-gallery-1\"><img loading=\"lazy\" decoding=\"async\" width=\"150\" height=\"150\" src=\"https:\/\/www.arquimaster.com.ar\/web\/wp-content\/uploads\/2021\/09\/casa_emme_emme2-150x150.jpg\" class=\"attachment-thumbnail size-thumbnail\" alt=\"Casa Emme-Emme \/ Filippo Bombace\" aria-describedby=\"gallery-1-67386\" \/><\/a>\n\t\t\t<\/div>\n\t\t\t\t<figcaption class='wp-caption-text gallery-caption' id='gallery-1-67386'>\n\t\t\t\tCasa Emme-Emme \/ Filippo Bombace (\u00a9 Serena Eller)\n\t\t\t\t<\/figcaption><\/figure><figure class='gallery-item'>\n\t\t\t<div class='gallery-icon portrait'>\n\t\t\t\t<a href='https:\/\/www.arquimaster.com.ar\/web\/wp-content\/uploads\/2021\/09\/casa_emme_emme3.jpg' title=\"Casa Emme-Emme \/ Filippo Bombace (\u00a9 Serena Eller)\" data-rl_title=\"Casa Emme-Emme \/ Filippo Bombace (\u00a9 Serena Eller)\" class=\"rl-gallery-link\" data-rl_caption=\"Casa Emme-Emme \/ Filippo Bombace (\u00a9 Serena Eller)\" data-rel=\"lightbox-gallery-1\"><img loading=\"lazy\" decoding=\"async\" width=\"150\" height=\"150\" src=\"https:\/\/www.arquimaster.com.ar\/web\/wp-content\/uploads\/2021\/09\/casa_emme_emme3-150x150.jpg\" class=\"attachment-thumbnail size-thumbnail\" alt=\"Casa Emme-Emme \/ Filippo Bombace\" aria-describedby=\"gallery-1-67387\" \/><\/a>\n\t\t\t<\/div>\n\t\t\t\t<figcaption class='wp-caption-text gallery-caption' id='gallery-1-67387'>\n\t\t\t\tCasa Emme-Emme \/ Filippo Bombace (\u00a9 Serena Eller)\n\t\t\t\t<\/figcaption><\/figure><figure class='gallery-item'>\n\t\t\t<div class='gallery-icon landscape'>\n\t\t\t\t<a href='https:\/\/www.arquimaster.com.ar\/web\/wp-content\/uploads\/2021\/09\/casa_emme_emme4.jpg' title=\"Casa Emme-Emme \/ Filippo Bombace (\u00a9 Serena Eller)\" data-rl_title=\"Casa Emme-Emme \/ Filippo Bombace (\u00a9 Serena Eller)\" class=\"rl-gallery-link\" data-rl_caption=\"Casa Emme-Emme \/ Filippo Bombace (\u00a9 Serena Eller)\" data-rel=\"lightbox-gallery-1\"><img loading=\"lazy\" decoding=\"async\" width=\"150\" height=\"150\" src=\"https:\/\/www.arquimaster.com.ar\/web\/wp-content\/uploads\/2021\/09\/casa_emme_emme4-150x150.jpg\" class=\"attachment-thumbnail size-thumbnail\" alt=\"Casa Emme-Emme \/ Filippo Bombace\" aria-describedby=\"gallery-1-67388\" \/><\/a>\n\t\t\t<\/div>\n\t\t\t\t<figcaption class='wp-caption-text gallery-caption' id='gallery-1-67388'>\n\t\t\t\tCasa Emme-Emme \/ Filippo Bombace (\u00a9 Serena Eller)\n\t\t\t\t<\/figcaption><\/figure><figure class='gallery-item'>\n\t\t\t<div class='gallery-icon portrait'>\n\t\t\t\t<a href='https:\/\/www.arquimaster.com.ar\/web\/wp-content\/uploads\/2021\/09\/casa_emme_emme5.jpg' title=\"Casa Emme-Emme \/ Filippo Bombace (\u00a9 Serena Eller)\" data-rl_title=\"Casa Emme-Emme \/ Filippo Bombace (\u00a9 Serena Eller)\" class=\"rl-gallery-link\" data-rl_caption=\"Casa Emme-Emme \/ Filippo Bombace (\u00a9 Serena Eller)\" data-rel=\"lightbox-gallery-1\"><img loading=\"lazy\" decoding=\"async\" width=\"150\" height=\"150\" src=\"https:\/\/www.arquimaster.com.ar\/web\/wp-content\/uploads\/2021\/09\/casa_emme_emme5-150x150.jpg\" class=\"attachment-thumbnail size-thumbnail\" alt=\"Casa Emme-Emme \/ Filippo Bombace\" aria-describedby=\"gallery-1-67389\" \/><\/a>\n\t\t\t<\/div>\n\t\t\t\t<figcaption class='wp-caption-text gallery-caption' id='gallery-1-67389'>\n\t\t\t\tCasa Emme-Emme \/ Filippo Bombace (\u00a9 Serena Eller)\n\t\t\t\t<\/figcaption><\/figure><figure class='gallery-item'>\n\t\t\t<div class='gallery-icon portrait'>\n\t\t\t\t<a href='https:\/\/www.arquimaster.com.ar\/web\/wp-content\/uploads\/2021\/09\/casa_emme_emme6.jpg' title=\"Casa Emme-Emme \/ Filippo Bombace (\u00a9 Serena Eller)\" data-rl_title=\"Casa Emme-Emme \/ Filippo Bombace (\u00a9 Serena Eller)\" class=\"rl-gallery-link\" data-rl_caption=\"Casa Emme-Emme \/ Filippo Bombace (\u00a9 Serena Eller)\" data-rel=\"lightbox-gallery-1\"><img loading=\"lazy\" decoding=\"async\" width=\"150\" height=\"150\" src=\"https:\/\/www.arquimaster.com.ar\/web\/wp-content\/uploads\/2021\/09\/casa_emme_emme6-150x150.jpg\" class=\"attachment-thumbnail size-thumbnail\" alt=\"Casa Emme-Emme \/ Filippo Bombace\" aria-describedby=\"gallery-1-67390\" \/><\/a>\n\t\t\t<\/div>\n\t\t\t\t<figcaption class='wp-caption-text gallery-caption' id='gallery-1-67390'>\n\t\t\t\tCasa Emme-Emme \/ Filippo Bombace (\u00a9 Serena Eller)\n\t\t\t\t<\/figcaption><\/figure><figure class='gallery-item'>\n\t\t\t<div class='gallery-icon portrait'>\n\t\t\t\t<a href='https:\/\/www.arquimaster.com.ar\/web\/wp-content\/uploads\/2021\/09\/casa_emme_emme7.jpg' title=\"Casa Emme-Emme \/ Filippo Bombace (\u00a9 Serena Eller)\" data-rl_title=\"Casa Emme-Emme \/ Filippo Bombace (\u00a9 Serena Eller)\" class=\"rl-gallery-link\" data-rl_caption=\"Casa Emme-Emme \/ Filippo Bombace (\u00a9 Serena Eller)\" data-rel=\"lightbox-gallery-1\"><img loading=\"lazy\" decoding=\"async\" width=\"150\" height=\"150\" src=\"https:\/\/www.arquimaster.com.ar\/web\/wp-content\/uploads\/2021\/09\/casa_emme_emme7-150x150.jpg\" class=\"attachment-thumbnail size-thumbnail\" alt=\"Casa Emme-Emme \/ Filippo Bombace\" aria-describedby=\"gallery-1-67391\" \/><\/a>\n\t\t\t<\/div>\n\t\t\t\t<figcaption class='wp-caption-text gallery-caption' id='gallery-1-67391'>\n\t\t\t\tCasa Emme-Emme \/ Filippo Bombace (\u00a9 Serena Eller)\n\t\t\t\t<\/figcaption><\/figure><figure class='gallery-item'>\n\t\t\t<div class='gallery-icon portrait'>\n\t\t\t\t<a href='https:\/\/www.arquimaster.com.ar\/web\/wp-content\/uploads\/2021\/09\/casa_emme_emme8.jpg' title=\"Casa Emme-Emme \/ Filippo Bombace (\u00a9 Serena Eller)\" data-rl_title=\"Casa Emme-Emme \/ Filippo Bombace (\u00a9 Serena Eller)\" class=\"rl-gallery-link\" data-rl_caption=\"Casa Emme-Emme \/ Filippo Bombace (\u00a9 Serena Eller)\" data-rel=\"lightbox-gallery-1\"><img loading=\"lazy\" decoding=\"async\" width=\"150\" height=\"150\" src=\"https:\/\/www.arquimaster.com.ar\/web\/wp-content\/uploads\/2021\/09\/casa_emme_emme8-150x150.jpg\" class=\"attachment-thumbnail size-thumbnail\" alt=\"Casa Emme-Emme \/ Filippo Bombace\" aria-describedby=\"gallery-1-67392\" \/><\/a>\n\t\t\t<\/div>\n\t\t\t\t<figcaption class='wp-caption-text gallery-caption' id='gallery-1-67392'>\n\t\t\t\tCasa Emme-Emme \/ Filippo Bombace (\u00a9 Serena Eller)\n\t\t\t\t<\/figcaption><\/figure><figure class='gallery-item'>\n\t\t\t<div class='gallery-icon landscape'>\n\t\t\t\t<a href='https:\/\/www.arquimaster.com.ar\/web\/wp-content\/uploads\/2021\/09\/casa_emme_emme9.jpg' title=\"Casa Emme-Emme \/ Filippo Bombace (\u00a9 Serena Eller)\" data-rl_title=\"Casa Emme-Emme \/ Filippo Bombace (\u00a9 Serena Eller)\" class=\"rl-gallery-link\" data-rl_caption=\"Casa Emme-Emme \/ Filippo Bombace (\u00a9 Serena Eller)\" data-rel=\"lightbox-gallery-1\"><img loading=\"lazy\" decoding=\"async\" width=\"150\" height=\"150\" src=\"https:\/\/www.arquimaster.com.ar\/web\/wp-content\/uploads\/2021\/09\/casa_emme_emme9-150x150.jpg\" class=\"attachment-thumbnail size-thumbnail\" alt=\"Casa Emme-Emme \/ Filippo Bombace\" aria-describedby=\"gallery-1-67393\" \/><\/a>\n\t\t\t<\/div>\n\t\t\t\t<figcaption class='wp-caption-text gallery-caption' id='gallery-1-67393'>\n\t\t\t\tCasa Emme-Emme \/ Filippo Bombace (\u00a9 Serena Eller)\n\t\t\t\t<\/figcaption><\/figure><figure class='gallery-item'>\n\t\t\t<div class='gallery-icon portrait'>\n\t\t\t\t<a href='https:\/\/www.arquimaster.com.ar\/web\/wp-content\/uploads\/2021\/09\/casa_emme_emme10.jpg' title=\"Casa Emme-Emme \/ Filippo Bombace (\u00a9 Serena Eller)\" data-rl_title=\"Casa Emme-Emme \/ Filippo Bombace (\u00a9 Serena Eller)\" class=\"rl-gallery-link\" data-rl_caption=\"Casa Emme-Emme \/ Filippo Bombace (\u00a9 Serena Eller)\" data-rel=\"lightbox-gallery-1\"><img loading=\"lazy\" decoding=\"async\" width=\"150\" height=\"150\" src=\"https:\/\/www.arquimaster.com.ar\/web\/wp-content\/uploads\/2021\/09\/casa_emme_emme10-150x150.jpg\" class=\"attachment-thumbnail size-thumbnail\" alt=\"Casa Emme-Emme \/ Filippo Bombace\" aria-describedby=\"gallery-1-67394\" \/><\/a>\n\t\t\t<\/div>\n\t\t\t\t<figcaption class='wp-caption-text gallery-caption' id='gallery-1-67394'>\n\t\t\t\tCasa Emme-Emme \/ Filippo Bombace (\u00a9 Serena Eller)\n\t\t\t\t<\/figcaption><\/figure><figure class='gallery-item'>\n\t\t\t<div class='gallery-icon portrait'>\n\t\t\t\t<a href='https:\/\/www.arquimaster.com.ar\/web\/wp-content\/uploads\/2021\/09\/casa_emme_emme11.jpg' title=\"Casa Emme-Emme \/ Filippo Bombace (\u00a9 Serena Eller)\" data-rl_title=\"Casa Emme-Emme \/ Filippo Bombace (\u00a9 Serena Eller)\" class=\"rl-gallery-link\" data-rl_caption=\"Casa Emme-Emme \/ Filippo Bombace (\u00a9 Serena Eller)\" data-rel=\"lightbox-gallery-1\"><img loading=\"lazy\" decoding=\"async\" width=\"150\" height=\"150\" src=\"https:\/\/www.arquimaster.com.ar\/web\/wp-content\/uploads\/2021\/09\/casa_emme_emme11-150x150.jpg\" class=\"attachment-thumbnail size-thumbnail\" alt=\"Casa Emme-Emme \/ Filippo Bombace\" aria-describedby=\"gallery-1-67395\" \/><\/a>\n\t\t\t<\/div>\n\t\t\t\t<figcaption class='wp-caption-text gallery-caption' id='gallery-1-67395'>\n\t\t\t\tCasa Emme-Emme \/ Filippo Bombace (\u00a9 Serena Eller)\n\t\t\t\t<\/figcaption><\/figure><figure class='gallery-item'>\n\t\t\t<div class='gallery-icon landscape'>\n\t\t\t\t<a href='https:\/\/www.arquimaster.com.ar\/web\/wp-content\/uploads\/2021\/09\/casa_emme_emme12.jpg' title=\"Casa Emme-Emme \/ Filippo Bombace (\u00a9 Serena Eller)\" data-rl_title=\"Casa Emme-Emme \/ Filippo Bombace (\u00a9 Serena Eller)\" class=\"rl-gallery-link\" data-rl_caption=\"Casa Emme-Emme \/ Filippo Bombace (\u00a9 Serena Eller)\" data-rel=\"lightbox-gallery-1\"><img loading=\"lazy\" decoding=\"async\" width=\"150\" height=\"150\" src=\"https:\/\/www.arquimaster.com.ar\/web\/wp-content\/uploads\/2021\/09\/casa_emme_emme12-150x150.jpg\" class=\"attachment-thumbnail size-thumbnail\" alt=\"Casa Emme-Emme \/ Filippo Bombace\" aria-describedby=\"gallery-1-67396\" \/><\/a>\n\t\t\t<\/div>\n\t\t\t\t<figcaption class='wp-caption-text gallery-caption' id='gallery-1-67396'>\n\t\t\t\tCasa Emme-Emme \/ Filippo Bombace (\u00a9 Serena Eller)\n\t\t\t\t<\/figcaption><\/figure><figure class='gallery-item'>\n\t\t\t<div class='gallery-icon portrait'>\n\t\t\t\t<a href='https:\/\/www.arquimaster.com.ar\/web\/wp-content\/uploads\/2021\/09\/casa_emme_emme13.jpg' title=\"Casa Emme-Emme \/ Filippo Bombace (\u00a9 Serena Eller)\" data-rl_title=\"Casa Emme-Emme \/ Filippo Bombace (\u00a9 Serena Eller)\" class=\"rl-gallery-link\" data-rl_caption=\"Casa Emme-Emme \/ Filippo Bombace (\u00a9 Serena Eller)\" data-rel=\"lightbox-gallery-1\"><img loading=\"lazy\" decoding=\"async\" width=\"150\" height=\"150\" src=\"https:\/\/www.arquimaster.com.ar\/web\/wp-content\/uploads\/2021\/09\/casa_emme_emme13-150x150.jpg\" class=\"attachment-thumbnail size-thumbnail\" alt=\"Casa Emme-Emme \/ Filippo Bombace\" aria-describedby=\"gallery-1-67397\" \/><\/a>\n\t\t\t<\/div>\n\t\t\t\t<figcaption class='wp-caption-text gallery-caption' id='gallery-1-67397'>\n\t\t\t\tCasa Emme-Emme \/ Filippo Bombace (\u00a9 Serena Eller)\n\t\t\t\t<\/figcaption><\/figure><figure class='gallery-item'>\n\t\t\t<div class='gallery-icon portrait'>\n\t\t\t\t<a href='https:\/\/www.arquimaster.com.ar\/web\/wp-content\/uploads\/2021\/09\/casa_emme_emme14.jpg' title=\"Casa Emme-Emme \/ Filippo Bombace (\u00a9 Serena Eller)\" data-rl_title=\"Casa Emme-Emme \/ Filippo Bombace (\u00a9 Serena Eller)\" class=\"rl-gallery-link\" data-rl_caption=\"Casa Emme-Emme \/ Filippo Bombace (\u00a9 Serena Eller)\" data-rel=\"lightbox-gallery-1\"><img loading=\"lazy\" decoding=\"async\" width=\"150\" height=\"150\" src=\"https:\/\/www.arquimaster.com.ar\/web\/wp-content\/uploads\/2021\/09\/casa_emme_emme14-150x150.jpg\" class=\"attachment-thumbnail size-thumbnail\" alt=\"Casa Emme-Emme \/ Filippo Bombace\" aria-describedby=\"gallery-1-67398\" \/><\/a>\n\t\t\t<\/div>\n\t\t\t\t<figcaption class='wp-caption-text gallery-caption' id='gallery-1-67398'>\n\t\t\t\tCasa Emme-Emme \/ Filippo Bombace (\u00a9 Serena Eller)\n\t\t\t\t<\/figcaption><\/figure><figure class='gallery-item'>\n\t\t\t<div class='gallery-icon landscape'>\n\t\t\t\t<a href='https:\/\/www.arquimaster.com.ar\/web\/wp-content\/uploads\/2021\/09\/casa_emme_emme15.jpg' title=\"Casa Emme-Emme \/ Filippo Bombace (\u00a9 Serena Eller)\" data-rl_title=\"Casa Emme-Emme \/ Filippo Bombace (\u00a9 Serena Eller)\" class=\"rl-gallery-link\" data-rl_caption=\"Casa Emme-Emme \/ Filippo Bombace (\u00a9 Serena Eller)\" data-rel=\"lightbox-gallery-1\"><img loading=\"lazy\" decoding=\"async\" width=\"150\" height=\"150\" src=\"https:\/\/www.arquimaster.com.ar\/web\/wp-content\/uploads\/2021\/09\/casa_emme_emme15-150x150.jpg\" class=\"attachment-thumbnail size-thumbnail\" alt=\"Casa Emme-Emme \/ Filippo Bombace\" aria-describedby=\"gallery-1-67399\" \/><\/a>\n\t\t\t<\/div>\n\t\t\t\t<figcaption class='wp-caption-text gallery-caption' id='gallery-1-67399'>\n\t\t\t\tCasa Emme-Emme \/ Filippo Bombace (\u00a9 Serena Eller)\n\t\t\t\t<\/figcaption><\/figure><figure class='gallery-item'>\n\t\t\t<div class='gallery-icon portrait'>\n\t\t\t\t<a href='https:\/\/www.arquimaster.com.ar\/web\/wp-content\/uploads\/2021\/09\/casa_emme_emme16.jpg' title=\"Casa Emme-Emme \/ Filippo Bombace (\u00a9 Serena Eller)\" data-rl_title=\"Casa Emme-Emme \/ Filippo Bombace (\u00a9 Serena Eller)\" class=\"rl-gallery-link\" data-rl_caption=\"Casa Emme-Emme \/ Filippo Bombace (\u00a9 Serena Eller)\" data-rel=\"lightbox-gallery-1\"><img loading=\"lazy\" decoding=\"async\" width=\"150\" height=\"150\" src=\"https:\/\/www.arquimaster.com.ar\/web\/wp-content\/uploads\/2021\/09\/casa_emme_emme16-150x150.jpg\" class=\"attachment-thumbnail size-thumbnail\" alt=\"Casa Emme-Emme \/ Filippo Bombace\" aria-describedby=\"gallery-1-67400\" \/><\/a>\n\t\t\t<\/div>\n\t\t\t\t<figcaption class='wp-caption-text gallery-caption' id='gallery-1-67400'>\n\t\t\t\tCasa Emme-Emme \/ Filippo Bombace (\u00a9 Serena Eller)\n\t\t\t\t<\/figcaption><\/figure><figure class='gallery-item'>\n\t\t\t<div class='gallery-icon portrait'>\n\t\t\t\t<a href='https:\/\/www.arquimaster.com.ar\/web\/wp-content\/uploads\/2021\/09\/casa_emme_emme17.jpg' title=\"Casa Emme-Emme \/ Filippo Bombace (\u00a9 Serena Eller)\" data-rl_title=\"Casa Emme-Emme \/ Filippo Bombace (\u00a9 Serena Eller)\" class=\"rl-gallery-link\" data-rl_caption=\"Casa Emme-Emme \/ Filippo Bombace (\u00a9 Serena Eller)\" data-rel=\"lightbox-gallery-1\"><img loading=\"lazy\" decoding=\"async\" width=\"150\" height=\"150\" src=\"https:\/\/www.arquimaster.com.ar\/web\/wp-content\/uploads\/2021\/09\/casa_emme_emme17-150x150.jpg\" class=\"attachment-thumbnail size-thumbnail\" alt=\"Casa Emme-Emme \/ Filippo Bombace\" aria-describedby=\"gallery-1-67401\" \/><\/a>\n\t\t\t<\/div>\n\t\t\t\t<figcaption class='wp-caption-text gallery-caption' id='gallery-1-67401'>\n\t\t\t\tCasa Emme-Emme \/ Filippo Bombace (\u00a9 Serena Eller)\n\t\t\t\t<\/figcaption><\/figure><figure class='gallery-item'>\n\t\t\t<div class='gallery-icon landscape'>\n\t\t\t\t<a href='https:\/\/www.arquimaster.com.ar\/web\/wp-content\/uploads\/2021\/09\/casa_emme_emme18.jpg' title=\"Casa Emme-Emme \/ Filippo Bombace (\u00a9 Serena Eller)\" data-rl_title=\"Casa Emme-Emme \/ Filippo Bombace (\u00a9 Serena Eller)\" class=\"rl-gallery-link\" data-rl_caption=\"Casa Emme-Emme \/ Filippo Bombace (\u00a9 Serena Eller)\" data-rel=\"lightbox-gallery-1\"><img loading=\"lazy\" decoding=\"async\" width=\"150\" height=\"150\" src=\"https:\/\/www.arquimaster.com.ar\/web\/wp-content\/uploads\/2021\/09\/casa_emme_emme18-150x150.jpg\" class=\"attachment-thumbnail size-thumbnail\" alt=\"Casa Emme-Emme \/ Filippo Bombace\" aria-describedby=\"gallery-1-67402\" \/><\/a>\n\t\t\t<\/div>\n\t\t\t\t<figcaption class='wp-caption-text gallery-caption' id='gallery-1-67402'>\n\t\t\t\tCasa Emme-Emme \/ Filippo Bombace (\u00a9 Serena Eller)\n\t\t\t\t<\/figcaption><\/figure><figure class='gallery-item'>\n\t\t\t<div class='gallery-icon portrait'>\n\t\t\t\t<a href='https:\/\/www.arquimaster.com.ar\/web\/wp-content\/uploads\/2021\/09\/casa_emme_emme19.jpg' title=\"Casa Emme-Emme \/ Filippo Bombace (\u00a9 Serena Eller)\" data-rl_title=\"Casa Emme-Emme \/ Filippo Bombace (\u00a9 Serena Eller)\" class=\"rl-gallery-link\" data-rl_caption=\"Casa Emme-Emme \/ Filippo Bombace (\u00a9 Serena Eller)\" data-rel=\"lightbox-gallery-1\"><img loading=\"lazy\" decoding=\"async\" width=\"150\" height=\"150\" src=\"https:\/\/www.arquimaster.com.ar\/web\/wp-content\/uploads\/2021\/09\/casa_emme_emme19-150x150.jpg\" class=\"attachment-thumbnail size-thumbnail\" alt=\"Casa Emme-Emme \/ Filippo Bombace\" aria-describedby=\"gallery-1-67403\" \/><\/a>\n\t\t\t<\/div>\n\t\t\t\t<figcaption class='wp-caption-text gallery-caption' id='gallery-1-67403'>\n\t\t\t\tCasa Emme-Emme \/ Filippo Bombace (\u00a9 Serena Eller)\n\t\t\t\t<\/figcaption><\/figure><figure class='gallery-item'>\n\t\t\t<div class='gallery-icon portrait'>\n\t\t\t\t<a href='https:\/\/www.arquimaster.com.ar\/web\/wp-content\/uploads\/2021\/09\/casa_emme_emme20.jpg' title=\"Casa Emme-Emme \/ Filippo Bombace (\u00a9 Serena Eller)\" data-rl_title=\"Casa Emme-Emme \/ Filippo Bombace (\u00a9 Serena Eller)\" class=\"rl-gallery-link\" data-rl_caption=\"Casa Emme-Emme \/ Filippo Bombace (\u00a9 Serena Eller)\" data-rel=\"lightbox-gallery-1\"><img loading=\"lazy\" decoding=\"async\" width=\"150\" height=\"150\" src=\"https:\/\/www.arquimaster.com.ar\/web\/wp-content\/uploads\/2021\/09\/casa_emme_emme20-150x150.jpg\" class=\"attachment-thumbnail size-thumbnail\" alt=\"Casa Emme-Emme \/ Filippo Bombace\" aria-describedby=\"gallery-1-67404\" \/><\/a>\n\t\t\t<\/div>\n\t\t\t\t<figcaption class='wp-caption-text gallery-caption' id='gallery-1-67404'>\n\t\t\t\tCasa Emme-Emme \/ Filippo Bombace (\u00a9 Serena Eller)\n\t\t\t\t<\/figcaption><\/figure><figure class='gallery-item'>\n\t\t\t<div class='gallery-icon portrait'>\n\t\t\t\t<a href='https:\/\/www.arquimaster.com.ar\/web\/wp-content\/uploads\/2021\/09\/casa_emme_emme21.jpg' title=\"Casa Emme-Emme \/ Filippo Bombace (\u00a9 Serena Eller)\" data-rl_title=\"Casa Emme-Emme \/ Filippo Bombace (\u00a9 Serena Eller)\" class=\"rl-gallery-link\" data-rl_caption=\"Casa Emme-Emme \/ Filippo Bombace (\u00a9 Serena Eller)\" data-rel=\"lightbox-gallery-1\"><img loading=\"lazy\" decoding=\"async\" width=\"150\" height=\"150\" src=\"https:\/\/www.arquimaster.com.ar\/web\/wp-content\/uploads\/2021\/09\/casa_emme_emme21-150x150.jpg\" class=\"attachment-thumbnail size-thumbnail\" alt=\"Casa Emme-Emme \/ Filippo Bombace\" aria-describedby=\"gallery-1-67405\" \/><\/a>\n\t\t\t<\/div>\n\t\t\t\t<figcaption class='wp-caption-text gallery-caption' id='gallery-1-67405'>\n\t\t\t\tCasa Emme-Emme \/ Filippo Bombace (\u00a9 Serena Eller)\n\t\t\t\t<\/figcaption><\/figure><figure class='gallery-item'>\n\t\t\t<div class='gallery-icon portrait'>\n\t\t\t\t<a href='https:\/\/www.arquimaster.com.ar\/web\/wp-content\/uploads\/2021\/09\/casa_emme_emme22.jpg' title=\"Casa Emme-Emme \/ Filippo Bombace (\u00a9 Serena Eller)\" data-rl_title=\"Casa Emme-Emme \/ Filippo Bombace (\u00a9 Serena Eller)\" class=\"rl-gallery-link\" data-rl_caption=\"Casa Emme-Emme \/ Filippo Bombace (\u00a9 Serena Eller)\" data-rel=\"lightbox-gallery-1\"><img loading=\"lazy\" decoding=\"async\" width=\"150\" height=\"150\" src=\"https:\/\/www.arquimaster.com.ar\/web\/wp-content\/uploads\/2021\/09\/casa_emme_emme22-150x150.jpg\" class=\"attachment-thumbnail size-thumbnail\" alt=\"Casa Emme-Emme \/ Filippo Bombace\" aria-describedby=\"gallery-1-67406\" \/><\/a>\n\t\t\t<\/div>\n\t\t\t\t<figcaption class='wp-caption-text gallery-caption' id='gallery-1-67406'>\n\t\t\t\tCasa Emme-Emme \/ Filippo Bombace (\u00a9 Serena Eller)\n\t\t\t\t<\/figcaption><\/figure><figure class='gallery-item'>\n\t\t\t<div class='gallery-icon portrait'>\n\t\t\t\t<a href='https:\/\/www.arquimaster.com.ar\/web\/wp-content\/uploads\/2021\/09\/casa_emme_emme23.jpg' title=\"Casa Emme-Emme \/ Filippo Bombace (\u00a9 Serena Eller)\" data-rl_title=\"Casa Emme-Emme \/ Filippo Bombace (\u00a9 Serena Eller)\" class=\"rl-gallery-link\" data-rl_caption=\"Casa Emme-Emme \/ Filippo Bombace (\u00a9 Serena Eller)\" data-rel=\"lightbox-gallery-1\"><img loading=\"lazy\" decoding=\"async\" width=\"150\" height=\"150\" src=\"https:\/\/www.arquimaster.com.ar\/web\/wp-content\/uploads\/2021\/09\/casa_emme_emme23-150x150.jpg\" class=\"attachment-thumbnail size-thumbnail\" alt=\"Casa Emme-Emme \/ Filippo Bombace\" aria-describedby=\"gallery-1-67407\" \/><\/a>\n\t\t\t<\/div>\n\t\t\t\t<figcaption class='wp-caption-text gallery-caption' id='gallery-1-67407'>\n\t\t\t\tCasa Emme-Emme \/ Filippo Bombace (\u00a9 Serena Eller)\n\t\t\t\t<\/figcaption><\/figure>\n\t\t<\/div>\n\n<p>La entrada se caracteriza por una boiserie lacada en gris que amalgama la puerta de entrada en una parcela de poca profundidad para reparar la cubierta del radiador adyacente en un solo dise\u00f1o y da a la gran sala de estar, configurada con una composici\u00f3n de sof\u00e1 desde el centro de la sala de servicio y un gran mueble de TV de pared; de ah\u00ed se &#8216;desliza&#8217; suavemente hacia el comedor, con la mesa-sillas y el aparador en roble.<\/p>\n<p>A su vez, el \u00e1rea de almuerzo tambi\u00e9n est\u00e1 en comunicaci\u00f3n directa con la cocina, retratada con una pen\u00ednsula llamativa para responder a la solicitud de &#8216;plano de trabajo&#8217; expresada por el Cliente; el panel en acabado espejo, colocado para delimitar la parte trasera de la propia pen\u00ednsula, ayuda a aligerarla, haciendo que la gran tapa de roble te\u00f1ido de oscuro se eleve pr\u00e1cticamente de la nada.<\/p>\n<p>Luego, el pasillo da acceso a trav\u00e9s de puertas invisibles, primero al lavadero, luego al ba\u00f1o de visitas, donde una pared de vidrio completa garantiza la cantidad adecuada de luz natural incluso en ausencia de una ventana real, y luego al dormitorio.<\/p>\n<p>Este, dotado de ba\u00f1o propio (acondicionado con lavabo, sanitarios, plato de ducha muy c\u00f3modo y ba\u00f1era en el centro de la habitaci\u00f3n) permite pasar por el armario para acceder a la cama propiamente dicha, convenientemente apartada.<\/p>\n<p>Un suelo de parquet c\u00e1lido caracteriza toda la casa, a excepci\u00f3n del \u00e1rea operativa de la cocina y los ba\u00f1os, pavimentada con un pr\u00e1ctico gres porcel\u00e1nico.<\/p>\n<p>El gris medio, elegido como el &#8216;color&#8217; de la reforma, subraya los episodios arquitect\u00f3nicos adecuados (tabiques, velos o paredes enteras), articulando el espacio de forma geom\u00e9trica en esa larga perspectiva visual que atraviesa todo el apartamento, penetrando desde el \u00e1rea del sal\u00f3n, a trav\u00e9s del comedor y luego la cocina, hasta la galer\u00eda del estudio; es aqu\u00ed donde Camilla, la gata de la casa, se acurruca en el sill\u00f3n de cuerda, bajo los rayos del sol.<\/p>\n<p><strong>Ficha t\u00e9cnica<\/strong><br \/>Nombre: Casa Emme-Emme<br \/>Ubicaci\u00f3n: Roma, Italia<br \/>Proyectista: Architetto Filippo Bombace<br \/>Textos: Filippo Bombace<br \/>Superficie: 130 m2<br \/>Fotograf\u00edas: Serena Eller<\/p>\n<p><strong>Contacto<\/strong><br \/><a href=\"https:\/\/www.filippobombace.com\" target=\"_blank\" rel=\"noopener\">https:\/\/www.filippobombace.com<\/a><\/p>\n\n\n<div style=\"height:20px\" aria-hidden=\"true\" class=\"wp-block-spacer\"><\/div>\n\n\n<p><strong><em>English version<\/em><\/strong><\/p>\n<p><em>The need to configure the new home according to a contemporary, clean and natural language, but not exasperated, constitutes the objective of the renovation of a beautiful penthouse for a couple of Clients for whom a sober and elegant spatiality is thus portrayed, without implementing any kind of distributional distortion, on the contrary respecting the existing arrangement of the day and night areas, only retouched for some specific improvements.<\/em><\/p>\n<p><em>The entrance is characterized by a gray lacquered boiserie that amalgamates the entrance door in a texture of shallow depths to mend also the adjacent radiator cover in a single design and overlooks the large living room, set up with an island sofa composition serving the large equipped wall; from this you &#8216;slip&#8217; smoothly into the dining area, with the oak table, chairs and sideboard set.<\/em><\/p>\n<p><em>In turn, the lunch is also in direct communication with the kitchen, portrayed with a striking peninsula to satisfy the request for &#8216;worktops&#8217; expressed by the Client; the panel in mirror finish, placed to define the back of the peninsula itself, helps to lighten this, making the large top in dark stained oak virtually leaven to nothing.<\/em><\/p>\n<p><em>The refrigerator and oven columns are positioned on the bottom of the work area, while a glass slot reveals the studio room behind it, flooded with light by the large windows.<\/em><\/p>\n<p><em>The corridor then gives access through invisible doors, first to the laundry room, then to the guest bathroom &#8211; where an entire glass wall guarantees the right amount of natural light even in the absence of a real window &#8211; and then to the bedroom suite. This, equipped with its own bathroom (with sink, sanitary fixtures, a very comfortable shower tray and a bathtub in the center of the room) allows passing through the wardrobe area to access to the actual bed area, so suitably secluded.<\/em><\/p>\n<p><em>A warm parquet flooring characterizes the whole house, with the exception of the kitchen and the bathrooms, paved with a practical porcelain stoneware.<\/em><\/p>\n<p><em>The medium gray, chosen as the &#8216;color&#8217; of the intervention, underlines the appropriate architectural episodes (partitions, plasterboard panel or entire walls) articulating the space in a geometric way in that long visual perspective that cuts through the entire apartment, penetrating it from the lounge area, through lunch and then the kitchen, up to the study; it is here that Camilla, the cat of the house, crouches on the rope armchair, in the rays of the sun.<\/em><\/p>\n\n\n<div style=\"height:20px\" aria-hidden=\"true\" class=\"wp-block-spacer\"><\/div>\n\n\n<p><strong><em>Versione in italiano<\/em><\/strong><\/p>\n<p><em>La necessit\u00e0 di configurare la nuova abitazione secondo un linguaggio contemporaneo, pulito e naturale, ma non esasperato, costituisce l&#8217;obiettivo dell&#8217;intervento di ristrutturazione di un bell&#8217;attico per una coppia di Committenti cui viene ritratta cos\u00ec una spazialit\u00e0 sobria, elegante e lineare, senza mettere in atto alcun tipo di stravolgimento distributivo, rispettando anzi la disposizione gi\u00e0 in essere delle zone giorno e notte, solo ritoccate per alcuni puntuali perfezionamenti.<\/em><\/p>\n<p><em>L&#8217;ingresso risulta caratterizzato da una boiserie in laccato grigio che amalgama il portoncino di ingresso in una trama di bassofondi a ricucire in un unico disegno anche l&#8217;adiacente copritermosifone e prospetta sull&#8217;ampio soggiorno, allestito con una composizione divano da centro stanza a servizio della grande parete attrezzata TV; da questo si &#8216;scivola&#8217; in maniera fluida nella zona pranzo, con il set tavolo-sedie e credenza in rovere.<\/em><\/p>\n<p><em>A sua volta il pranzo risulta in diretta comunicazione anche con la cucina, ritratta con un&#8217;eclatante penisola ad assetare la richiesta di &#8216;piani di lavoro&#8217; espressa dalla Committente; il pannello in finitura a specchio posto a definire lo schienale della stessa penisola, concorre ad alleggerire questa, facendo virtualmente lievitare sul nulla il grande top in rovere tinto scuro.<\/em><\/p>\n<p><em>Sul fondale della zona di lavoro si posizionano invece le colonne frigo e forno, mentre un&#8217;asola in vetro rivela il retrostante locale studio, inondato di luce dall&#8217;ampia finestratura.<\/em><\/p>\n<p><em>Il corridoio da accesso poi tramite delle porte del tipo invisibile, prima alla lavanderia, quindi al bagno ospiti &#8211; dove una intera parete vetrata garantisce pur nella mancanza di una vera finestra il giusto apporto di luce naturale &#8211; e quindi alla suite letto. Questa, dotata di un proprio bagno (allestito con lavabo, sanitari, un comodissimo piatto doccia e una vasca da centro stanza) permette transitando nel guardaroba di accedere alla parte letto vera e propria, cos\u00ec opportunamente appartata.<\/em><\/p>\n<p><em>Una calda pavimentazione in parquet caratterizza tutta l&#8217;abitazione, fatta salva la zona operativa del locale cucina e i bagni, pavimentati con un pratico gres porcellanato.<\/em><\/p>\n<p><em>Il grigio medio, eletto a &#8216;colore&#8217; dell&#8217;intervento, sottolinea gli opportuni episodi architettonici (setti, velette o intere pareti), scandendo lo spazio in maniera geometrica in quella lunga prospettiva visiva che taglia tutto l&#8217;appartamento, penetrandolo dalla zona salotto, attraverso il pranzo e quindi la cucina, fino alla veranda studio; \u00e8 qui che Camilla, la gatta di casa, si accovaccia sulla poltrona in corda, ai raggi del sole.<\/em><\/p>\n<div style=\"font-size: 0px; height: 0px; line-height: 0px; margin: 0; padding: 0; clear: both;\"><\/div><div style=\"margin-top: 0px; margin-bottom: 0px;\" class=\"sharethis-inline-share-buttons\" ><\/div>","protected":false},"excerpt":{"rendered":"<p>Un lenguaje contempor\u00e1neo, limpio y natural constituye el objetivo de la reforma&#8230;<\/p>\n","protected":false},"author":1,"featured_media":67384,"comment_status":"closed","ping_status":"closed","sticky":false,"template":"","format":"standard","meta":{"_uag_custom_page_level_css":"","footnotes":""},"categories":[79,1],"tags":[5581,249,4156,396,6485,1043,22],"class_list":["post-67383","post","type-post","status-publish","format-standard","has-post-thumbnail","hentry","category-departamentos","category-proyecto","tag-apartamento","tag-departamento","tag-filippo-bombace","tag-italia","tag-reforma-de-apartamento","tag-reforma-de-vivienda","tag-roma","generate-columns","tablet-grid-50","mobile-grid-100","grid-parent","grid-50"],"yoast_head":"<!-- This site is optimized with the Yoast SEO plugin v27.3 - https:\/\/yoast.com\/product\/yoast-seo-wordpress\/ -->\n<title>Casa Emme-Emme \/ Filippo Bombace - Arquimaster<\/title>\n<meta name=\"description\" content=\"Un lenguaje contempor\u00e1neo, limpio y natural, pero no exasperado, constituye el objetivo de la reforma de un hermoso \u00e1tico.\" \/>\n<meta name=\"robots\" content=\"index, follow, max-snippet:-1, max-image-preview:large, max-video-preview:-1\" \/>\n<link rel=\"canonical\" href=\"https:\/\/www.arquimaster.com.ar\/web\/casa-emme-emme-filippo-bombace\/\" \/>\n<meta property=\"og:locale\" content=\"es_ES\" \/>\n<meta property=\"og:type\" content=\"article\" \/>\n<meta property=\"og:title\" content=\"Casa Emme-Emme \/ Filippo Bombace\" \/>\n<meta property=\"og:description\" content=\"Un lenguaje contempor\u00e1neo, limpio y natural, pero no exasperado, constituye el objetivo de la reforma de un hermoso \u00e1tico.\" \/>\n<meta property=\"og:url\" content=\"https:\/\/www.arquimaster.com.ar\/web\/casa-emme-emme-filippo-bombace\/\" \/>\n<meta property=\"og:site_name\" content=\"Arquimaster\" \/>\n<meta property=\"article:publisher\" content=\"http:\/\/www.facebook.com\/ARQUIMASTER.com.ar\" \/>\n<meta property=\"article:published_time\" content=\"2021-09-16T20:43:47+00:00\" \/>\n<meta property=\"article:modified_time\" content=\"2022-06-22T19:19:03+00:00\" \/>\n<meta property=\"og:image\" content=\"https:\/\/www.arquimaster.com.ar\/web\/wp-content\/uploads\/2021\/09\/casa_emme_emme_slide.jpg\" \/>\n\t<meta property=\"og:image:width\" content=\"698\" \/>\n\t<meta property=\"og:image:height\" content=\"364\" \/>\n\t<meta property=\"og:image:type\" content=\"image\/jpeg\" \/>\n<meta name=\"author\" content=\"Arquimaster\" \/>\n<meta name=\"twitter:card\" content=\"summary_large_image\" \/>\n<meta name=\"twitter:title\" content=\"Casa Emme-Emme \/ Filippo Bombace\" \/>\n<meta name=\"twitter:description\" content=\"Un lenguaje contempor\u00e1neo, limpio y natural, pero no exasperado, constituye el objetivo de la reforma de un hermoso \u00e1tico.\" \/>\n<meta name=\"twitter:image\" content=\"https:\/\/www.arquimaster.com.ar\/web\/wp-content\/uploads\/2021\/09\/casa_emme_emme_slide.jpg\" \/>\n<meta name=\"twitter:creator\" content=\"@arquimaster\" \/>\n<meta name=\"twitter:site\" content=\"@arquimaster\" \/>\n<meta name=\"twitter:label1\" content=\"Escrito por\" \/>\n\t<meta name=\"twitter:data1\" content=\"Arquimaster\" \/>\n\t<meta name=\"twitter:label2\" content=\"Tiempo de lectura\" \/>\n\t<meta name=\"twitter:data2\" content=\"6 minutos\" \/>\n<script type=\"application\/ld+json\" class=\"yoast-schema-graph\">{\"@context\":\"https:\\\/\\\/schema.org\",\"@graph\":[{\"@type\":\"Article\",\"@id\":\"https:\\\/\\\/www.arquimaster.com.ar\\\/web\\\/casa-emme-emme-filippo-bombace\\\/#article\",\"isPartOf\":{\"@id\":\"https:\\\/\\\/www.arquimaster.com.ar\\\/web\\\/casa-emme-emme-filippo-bombace\\\/\"},\"author\":{\"name\":\"Arquimaster\",\"@id\":\"https:\\\/\\\/www.arquimaster.com.ar\\\/web\\\/#\\\/schema\\\/person\\\/359e9f7c00193fcde068e0dd2ceb0028\"},\"headline\":\"Casa Emme-Emme \\\/ Filippo Bombace\",\"datePublished\":\"2021-09-16T20:43:47+00:00\",\"dateModified\":\"2022-06-22T19:19:03+00:00\",\"mainEntityOfPage\":{\"@id\":\"https:\\\/\\\/www.arquimaster.com.ar\\\/web\\\/casa-emme-emme-filippo-bombace\\\/\"},\"wordCount\":1279,\"publisher\":{\"@id\":\"https:\\\/\\\/www.arquimaster.com.ar\\\/web\\\/#organization\"},\"image\":{\"@id\":\"https:\\\/\\\/www.arquimaster.com.ar\\\/web\\\/casa-emme-emme-filippo-bombace\\\/#primaryimage\"},\"thumbnailUrl\":\"https:\\\/\\\/www.arquimaster.com.ar\\\/web\\\/wp-content\\\/uploads\\\/2021\\\/09\\\/casa_emme_emme_slide.jpg\",\"keywords\":[\"apartamento\",\"departamento\",\"Filippo Bombace\",\"Italia\",\"reforma de apartamento\",\"reforma de vivienda\",\"Roma\"],\"articleSection\":[\"Departamentos y Lofts\",\"Proyecto\"],\"inLanguage\":\"es\"},{\"@type\":\"WebPage\",\"@id\":\"https:\\\/\\\/www.arquimaster.com.ar\\\/web\\\/casa-emme-emme-filippo-bombace\\\/\",\"url\":\"https:\\\/\\\/www.arquimaster.com.ar\\\/web\\\/casa-emme-emme-filippo-bombace\\\/\",\"name\":\"Casa Emme-Emme \\\/ Filippo Bombace - Arquimaster\",\"isPartOf\":{\"@id\":\"https:\\\/\\\/www.arquimaster.com.ar\\\/web\\\/#website\"},\"primaryImageOfPage\":{\"@id\":\"https:\\\/\\\/www.arquimaster.com.ar\\\/web\\\/casa-emme-emme-filippo-bombace\\\/#primaryimage\"},\"image\":{\"@id\":\"https:\\\/\\\/www.arquimaster.com.ar\\\/web\\\/casa-emme-emme-filippo-bombace\\\/#primaryimage\"},\"thumbnailUrl\":\"https:\\\/\\\/www.arquimaster.com.ar\\\/web\\\/wp-content\\\/uploads\\\/2021\\\/09\\\/casa_emme_emme_slide.jpg\",\"datePublished\":\"2021-09-16T20:43:47+00:00\",\"dateModified\":\"2022-06-22T19:19:03+00:00\",\"description\":\"Un lenguaje contempor\u00e1neo, limpio y natural, pero no exasperado, constituye el objetivo de la reforma de un hermoso \u00e1tico.\",\"breadcrumb\":{\"@id\":\"https:\\\/\\\/www.arquimaster.com.ar\\\/web\\\/casa-emme-emme-filippo-bombace\\\/#breadcrumb\"},\"inLanguage\":\"es\",\"potentialAction\":[{\"@type\":\"ReadAction\",\"target\":[\"https:\\\/\\\/www.arquimaster.com.ar\\\/web\\\/casa-emme-emme-filippo-bombace\\\/\"]}]},{\"@type\":\"ImageObject\",\"inLanguage\":\"es\",\"@id\":\"https:\\\/\\\/www.arquimaster.com.ar\\\/web\\\/casa-emme-emme-filippo-bombace\\\/#primaryimage\",\"url\":\"https:\\\/\\\/www.arquimaster.com.ar\\\/web\\\/wp-content\\\/uploads\\\/2021\\\/09\\\/casa_emme_emme_slide.jpg\",\"contentUrl\":\"https:\\\/\\\/www.arquimaster.com.ar\\\/web\\\/wp-content\\\/uploads\\\/2021\\\/09\\\/casa_emme_emme_slide.jpg\",\"width\":698,\"height\":364,\"caption\":\"Casa Emme-Emme \\\/ Filippo Bombace\"},{\"@type\":\"BreadcrumbList\",\"@id\":\"https:\\\/\\\/www.arquimaster.com.ar\\\/web\\\/casa-emme-emme-filippo-bombace\\\/#breadcrumb\",\"itemListElement\":[{\"@type\":\"ListItem\",\"position\":1,\"name\":\"Portada\",\"item\":\"https:\\\/\\\/www.arquimaster.com.ar\\\/web\\\/\"},{\"@type\":\"ListItem\",\"position\":2,\"name\":\"Casa Emme-Emme \\\/ Filippo Bombace\"}]},{\"@type\":\"WebSite\",\"@id\":\"https:\\\/\\\/www.arquimaster.com.ar\\\/web\\\/#website\",\"url\":\"https:\\\/\\\/www.arquimaster.com.ar\\\/web\\\/\",\"name\":\"Arquimaster\",\"description\":\"Web de arquitectura, dise\u00f1o y construccion\",\"publisher\":{\"@id\":\"https:\\\/\\\/www.arquimaster.com.ar\\\/web\\\/#organization\"},\"potentialAction\":[{\"@type\":\"SearchAction\",\"target\":{\"@type\":\"EntryPoint\",\"urlTemplate\":\"https:\\\/\\\/www.arquimaster.com.ar\\\/web\\\/?s={search_term_string}\"},\"query-input\":{\"@type\":\"PropertyValueSpecification\",\"valueRequired\":true,\"valueName\":\"search_term_string\"}}],\"inLanguage\":\"es\"},{\"@type\":\"Organization\",\"@id\":\"https:\\\/\\\/www.arquimaster.com.ar\\\/web\\\/#organization\",\"name\":\"Arquimaster\",\"url\":\"https:\\\/\\\/www.arquimaster.com.ar\\\/web\\\/\",\"logo\":{\"@type\":\"ImageObject\",\"inLanguage\":\"es\",\"@id\":\"https:\\\/\\\/www.arquimaster.com.ar\\\/web\\\/#\\\/schema\\\/logo\\\/image\\\/\",\"url\":\"https:\\\/\\\/www.arquimaster.com.ar\\\/web\\\/wp-content\\\/uploads\\\/2022\\\/06\\\/arquimaster.png\",\"contentUrl\":\"https:\\\/\\\/www.arquimaster.com.ar\\\/web\\\/wp-content\\\/uploads\\\/2022\\\/06\\\/arquimaster.png\",\"width\":594,\"height\":78,\"caption\":\"Arquimaster\"},\"image\":{\"@id\":\"https:\\\/\\\/www.arquimaster.com.ar\\\/web\\\/#\\\/schema\\\/logo\\\/image\\\/\"},\"sameAs\":[\"http:\\\/\\\/www.facebook.com\\\/ARQUIMASTER.com.ar\",\"https:\\\/\\\/x.com\\\/arquimaster\",\"https:\\\/\\\/www.instagram.com\\\/arquimasterblog\\\/\",\"https:\\\/\\\/www.linkedin.com\\\/company\\\/arquimaster\",\"https:\\\/\\\/www.pinterest.com\\\/arquimaster\",\"https:\\\/\\\/t.me\\\/arquimaster\"]},{\"@type\":\"Person\",\"@id\":\"https:\\\/\\\/www.arquimaster.com.ar\\\/web\\\/#\\\/schema\\\/person\\\/359e9f7c00193fcde068e0dd2ceb0028\",\"name\":\"Arquimaster\"}]}<\/script>\n<!-- \/ Yoast SEO plugin. -->","yoast_head_json":{"title":"Casa Emme-Emme \/ Filippo Bombace - Arquimaster","description":"Un lenguaje contempor\u00e1neo, limpio y natural, pero no exasperado, constituye el objetivo de la reforma de un hermoso \u00e1tico.","robots":{"index":"index","follow":"follow","max-snippet":"max-snippet:-1","max-image-preview":"max-image-preview:large","max-video-preview":"max-video-preview:-1"},"canonical":"https:\/\/www.arquimaster.com.ar\/web\/casa-emme-emme-filippo-bombace\/","og_locale":"es_ES","og_type":"article","og_title":"Casa Emme-Emme \/ Filippo Bombace","og_description":"Un lenguaje contempor\u00e1neo, limpio y natural, pero no exasperado, constituye el objetivo de la reforma de un hermoso \u00e1tico.","og_url":"https:\/\/www.arquimaster.com.ar\/web\/casa-emme-emme-filippo-bombace\/","og_site_name":"Arquimaster","article_publisher":"http:\/\/www.facebook.com\/ARQUIMASTER.com.ar","article_published_time":"2021-09-16T20:43:47+00:00","article_modified_time":"2022-06-22T19:19:03+00:00","og_image":[{"width":698,"height":364,"url":"https:\/\/www.arquimaster.com.ar\/web\/wp-content\/uploads\/2021\/09\/casa_emme_emme_slide.jpg","type":"image\/jpeg"}],"author":"Arquimaster","twitter_card":"summary_large_image","twitter_title":"Casa Emme-Emme \/ Filippo Bombace","twitter_description":"Un lenguaje contempor\u00e1neo, limpio y natural, pero no exasperado, constituye el objetivo de la reforma de un hermoso \u00e1tico.","twitter_image":"https:\/\/www.arquimaster.com.ar\/web\/wp-content\/uploads\/2021\/09\/casa_emme_emme_slide.jpg","twitter_creator":"@arquimaster","twitter_site":"@arquimaster","twitter_misc":{"Escrito por":"Arquimaster","Tiempo de lectura":"6 minutos"},"schema":{"@context":"https:\/\/schema.org","@graph":[{"@type":"Article","@id":"https:\/\/www.arquimaster.com.ar\/web\/casa-emme-emme-filippo-bombace\/#article","isPartOf":{"@id":"https:\/\/www.arquimaster.com.ar\/web\/casa-emme-emme-filippo-bombace\/"},"author":{"name":"Arquimaster","@id":"https:\/\/www.arquimaster.com.ar\/web\/#\/schema\/person\/359e9f7c00193fcde068e0dd2ceb0028"},"headline":"Casa Emme-Emme \/ Filippo Bombace","datePublished":"2021-09-16T20:43:47+00:00","dateModified":"2022-06-22T19:19:03+00:00","mainEntityOfPage":{"@id":"https:\/\/www.arquimaster.com.ar\/web\/casa-emme-emme-filippo-bombace\/"},"wordCount":1279,"publisher":{"@id":"https:\/\/www.arquimaster.com.ar\/web\/#organization"},"image":{"@id":"https:\/\/www.arquimaster.com.ar\/web\/casa-emme-emme-filippo-bombace\/#primaryimage"},"thumbnailUrl":"https:\/\/www.arquimaster.com.ar\/web\/wp-content\/uploads\/2021\/09\/casa_emme_emme_slide.jpg","keywords":["apartamento","departamento","Filippo Bombace","Italia","reforma de apartamento","reforma de vivienda","Roma"],"articleSection":["Departamentos y Lofts","Proyecto"],"inLanguage":"es"},{"@type":"WebPage","@id":"https:\/\/www.arquimaster.com.ar\/web\/casa-emme-emme-filippo-bombace\/","url":"https:\/\/www.arquimaster.com.ar\/web\/casa-emme-emme-filippo-bombace\/","name":"Casa Emme-Emme \/ Filippo Bombace - Arquimaster","isPartOf":{"@id":"https:\/\/www.arquimaster.com.ar\/web\/#website"},"primaryImageOfPage":{"@id":"https:\/\/www.arquimaster.com.ar\/web\/casa-emme-emme-filippo-bombace\/#primaryimage"},"image":{"@id":"https:\/\/www.arquimaster.com.ar\/web\/casa-emme-emme-filippo-bombace\/#primaryimage"},"thumbnailUrl":"https:\/\/www.arquimaster.com.ar\/web\/wp-content\/uploads\/2021\/09\/casa_emme_emme_slide.jpg","datePublished":"2021-09-16T20:43:47+00:00","dateModified":"2022-06-22T19:19:03+00:00","description":"Un lenguaje contempor\u00e1neo, limpio y natural, pero no exasperado, constituye el objetivo de la reforma de un hermoso \u00e1tico.","breadcrumb":{"@id":"https:\/\/www.arquimaster.com.ar\/web\/casa-emme-emme-filippo-bombace\/#breadcrumb"},"inLanguage":"es","potentialAction":[{"@type":"ReadAction","target":["https:\/\/www.arquimaster.com.ar\/web\/casa-emme-emme-filippo-bombace\/"]}]},{"@type":"ImageObject","inLanguage":"es","@id":"https:\/\/www.arquimaster.com.ar\/web\/casa-emme-emme-filippo-bombace\/#primaryimage","url":"https:\/\/www.arquimaster.com.ar\/web\/wp-content\/uploads\/2021\/09\/casa_emme_emme_slide.jpg","contentUrl":"https:\/\/www.arquimaster.com.ar\/web\/wp-content\/uploads\/2021\/09\/casa_emme_emme_slide.jpg","width":698,"height":364,"caption":"Casa Emme-Emme \/ Filippo Bombace"},{"@type":"BreadcrumbList","@id":"https:\/\/www.arquimaster.com.ar\/web\/casa-emme-emme-filippo-bombace\/#breadcrumb","itemListElement":[{"@type":"ListItem","position":1,"name":"Portada","item":"https:\/\/www.arquimaster.com.ar\/web\/"},{"@type":"ListItem","position":2,"name":"Casa Emme-Emme \/ Filippo Bombace"}]},{"@type":"WebSite","@id":"https:\/\/www.arquimaster.com.ar\/web\/#website","url":"https:\/\/www.arquimaster.com.ar\/web\/","name":"Arquimaster","description":"Web de arquitectura, dise\u00f1o y construccion","publisher":{"@id":"https:\/\/www.arquimaster.com.ar\/web\/#organization"},"potentialAction":[{"@type":"SearchAction","target":{"@type":"EntryPoint","urlTemplate":"https:\/\/www.arquimaster.com.ar\/web\/?s={search_term_string}"},"query-input":{"@type":"PropertyValueSpecification","valueRequired":true,"valueName":"search_term_string"}}],"inLanguage":"es"},{"@type":"Organization","@id":"https:\/\/www.arquimaster.com.ar\/web\/#organization","name":"Arquimaster","url":"https:\/\/www.arquimaster.com.ar\/web\/","logo":{"@type":"ImageObject","inLanguage":"es","@id":"https:\/\/www.arquimaster.com.ar\/web\/#\/schema\/logo\/image\/","url":"https:\/\/www.arquimaster.com.ar\/web\/wp-content\/uploads\/2022\/06\/arquimaster.png","contentUrl":"https:\/\/www.arquimaster.com.ar\/web\/wp-content\/uploads\/2022\/06\/arquimaster.png","width":594,"height":78,"caption":"Arquimaster"},"image":{"@id":"https:\/\/www.arquimaster.com.ar\/web\/#\/schema\/logo\/image\/"},"sameAs":["http:\/\/www.facebook.com\/ARQUIMASTER.com.ar","https:\/\/x.com\/arquimaster","https:\/\/www.instagram.com\/arquimasterblog\/","https:\/\/www.linkedin.com\/company\/arquimaster","https:\/\/www.pinterest.com\/arquimaster","https:\/\/t.me\/arquimaster"]},{"@type":"Person","@id":"https:\/\/www.arquimaster.com.ar\/web\/#\/schema\/person\/359e9f7c00193fcde068e0dd2ceb0028","name":"Arquimaster"}]}},"uagb_featured_image_src":{"full":["https:\/\/www.arquimaster.com.ar\/web\/wp-content\/uploads\/2021\/09\/casa_emme_emme_slide.jpg",698,364,false],"thumbnail":["https:\/\/www.arquimaster.com.ar\/web\/wp-content\/uploads\/2021\/09\/casa_emme_emme_slide-150x150.jpg",150,150,true],"medium":["https:\/\/www.arquimaster.com.ar\/web\/wp-content\/uploads\/2021\/09\/casa_emme_emme_slide.jpg",698,364,false],"medium_large":["https:\/\/www.arquimaster.com.ar\/web\/wp-content\/uploads\/2021\/09\/casa_emme_emme_slide.jpg",698,364,false],"large":["https:\/\/www.arquimaster.com.ar\/web\/wp-content\/uploads\/2021\/09\/casa_emme_emme_slide.jpg",698,364,false],"1536x1536":["https:\/\/www.arquimaster.com.ar\/web\/wp-content\/uploads\/2021\/09\/casa_emme_emme_slide.jpg",698,364,false],"2048x2048":["https:\/\/www.arquimaster.com.ar\/web\/wp-content\/uploads\/2021\/09\/casa_emme_emme_slide.jpg",698,364,false]},"uagb_author_info":{"display_name":"Arquimaster","author_link":"https:\/\/www.arquimaster.com.ar\/web\/author\/arquimaster\/"},"uagb_comment_info":0,"uagb_excerpt":"Un lenguaje contempor\u00e1neo, limpio y natural constituye el objetivo de la reforma...","_links":{"self":[{"href":"https:\/\/www.arquimaster.com.ar\/web\/wp-json\/wp\/v2\/posts\/67383","targetHints":{"allow":["GET"]}}],"collection":[{"href":"https:\/\/www.arquimaster.com.ar\/web\/wp-json\/wp\/v2\/posts"}],"about":[{"href":"https:\/\/www.arquimaster.com.ar\/web\/wp-json\/wp\/v2\/types\/post"}],"author":[{"embeddable":true,"href":"https:\/\/www.arquimaster.com.ar\/web\/wp-json\/wp\/v2\/users\/1"}],"replies":[{"embeddable":true,"href":"https:\/\/www.arquimaster.com.ar\/web\/wp-json\/wp\/v2\/comments?post=67383"}],"version-history":[{"count":2,"href":"https:\/\/www.arquimaster.com.ar\/web\/wp-json\/wp\/v2\/posts\/67383\/revisions"}],"predecessor-version":[{"id":70900,"href":"https:\/\/www.arquimaster.com.ar\/web\/wp-json\/wp\/v2\/posts\/67383\/revisions\/70900"}],"wp:featuredmedia":[{"embeddable":true,"href":"https:\/\/www.arquimaster.com.ar\/web\/wp-json\/wp\/v2\/media\/67384"}],"wp:attachment":[{"href":"https:\/\/www.arquimaster.com.ar\/web\/wp-json\/wp\/v2\/media?parent=67383"}],"wp:term":[{"taxonomy":"category","embeddable":true,"href":"https:\/\/www.arquimaster.com.ar\/web\/wp-json\/wp\/v2\/categories?post=67383"},{"taxonomy":"post_tag","embeddable":true,"href":"https:\/\/www.arquimaster.com.ar\/web\/wp-json\/wp\/v2\/tags?post=67383"}],"curies":[{"name":"wp","href":"https:\/\/api.w.org\/{rel}","templated":true}]}}