{"id":67409,"date":"2021-09-16T17:54:20","date_gmt":"2021-09-16T20:54:20","guid":{"rendered":"https:\/\/www.arquimaster.com.ar\/web\/?p=67409"},"modified":"2022-06-14T16:32:47","modified_gmt":"2022-06-14T19:32:47","slug":"casa-gp-own-felipe-caboclo-arquitectura","status":"publish","type":"post","link":"https:\/\/www.arquimaster.com.ar\/web\/casa-gp-own-felipe-caboclo-arquitectura\/","title":{"rendered":"Casa GP \/ OWN + Felipe Caboclo Arquitectura"},"content":{"rendered":"<div style=\"margin-top: 0px; margin-bottom: 0px;\" class=\"sharethis-inline-share-buttons\" ><\/div><div class=\"b812932af2e751442846f039925109de\" data-index=\"1\" style=\"float: none; margin:25px 0 25px 0; text-align:center;\">\n<script async src=\"https:\/\/pagead2.googlesyndication.com\/pagead\/js\/adsbygoogle.js\"><\/script>\r\n<!-- Arquimaster (superior) -->\r\n<ins class=\"adsbygoogle\"\r\n     style=\"display:block\"\r\n     data-ad-client=\"ca-pub-6351072698456832\"\r\n     data-ad-slot=\"6455489680\"\r\n     data-ad-format=\"auto\"\r\n     data-full-width-responsive=\"true\"><\/ins>\r\n<script>\r\n     (adsbygoogle = window.adsbygoogle || []).push({});\r\n<\/script>\n<\/div>\n<p><strong>Casa GP<\/strong> (M\u00e9rida, Yucat\u00e1n, M\u00e9xico) por <strong>OWN + Felipe Caboclo Arquitectura<\/strong>. Ubicado en el Club de Golf Yucat\u00e1n \u00abCountry Club\u00bb en la pen\u00ednsula de Yucat\u00e1n, el proyecto nace de una colaboraci\u00f3n entre despachos amigos los cuales tienen una manera de proyectar muy similar. Con una geometr\u00eda simple y limpia, se desarrolla un proyecto que gira en torno al habitar el exterior desde cualquier punto de la casa, siendo las terrazas un punto primordial del proyecto. La transparencia y la privacidad fueron los factores a considerar a la hora de dise\u00f1ar el proyecto. Con grandes vistas hacia el campo del golf y los magn\u00edficos \u00e1rboles existentes en el entorno.<\/p>\n<div id='gallery-1' class='gallery galleryid-67409 gallery-columns-3 gallery-size-thumbnail'><figure class='gallery-item'>\n\t\t\t<div class='gallery-icon landscape'>\n\t\t\t\t<a href='https:\/\/www.arquimaster.com.ar\/web\/wp-content\/uploads\/2021\/09\/casa_gp1.jpg' title=\"Casa GP \/ OWN + Felipe Caboclo Arquitectura (\u00a9 Manolo R. Sol\u00eds)\" data-rl_title=\"Casa GP \/ OWN + Felipe Caboclo Arquitectura (\u00a9 Manolo R. Sol\u00eds)\" class=\"rl-gallery-link\" data-rl_caption=\"Casa GP \/ OWN + Felipe Caboclo Arquitectura (\u00a9 Manolo R. Sol\u00eds)\" data-rel=\"lightbox-gallery-1\"><img loading=\"lazy\" decoding=\"async\" width=\"150\" height=\"150\" src=\"https:\/\/www.arquimaster.com.ar\/web\/wp-content\/uploads\/2021\/09\/casa_gp1-150x150.jpg\" class=\"attachment-thumbnail size-thumbnail\" alt=\"Casa GP \/ OWN + Felipe Caboclo Arquitectura\" aria-describedby=\"gallery-1-67411\" \/><\/a>\n\t\t\t<\/div>\n\t\t\t\t<figcaption class='wp-caption-text gallery-caption' id='gallery-1-67411'>\n\t\t\t\tCasa GP \/ OWN + Felipe Caboclo Arquitectura (\u00a9 Manolo R. Sol\u00eds)\n\t\t\t\t<\/figcaption><\/figure><figure class='gallery-item'>\n\t\t\t<div class='gallery-icon portrait'>\n\t\t\t\t<a href='https:\/\/www.arquimaster.com.ar\/web\/wp-content\/uploads\/2021\/09\/casa_gp2.jpg' title=\"Casa GP \/ OWN + Felipe Caboclo Arquitectura (\u00a9 Manolo R. Sol\u00eds)\" data-rl_title=\"Casa GP \/ OWN + Felipe Caboclo Arquitectura (\u00a9 Manolo R. Sol\u00eds)\" class=\"rl-gallery-link\" data-rl_caption=\"Casa GP \/ OWN + Felipe Caboclo Arquitectura (\u00a9 Manolo R. Sol\u00eds)\" data-rel=\"lightbox-gallery-1\"><img loading=\"lazy\" decoding=\"async\" width=\"150\" height=\"150\" src=\"https:\/\/www.arquimaster.com.ar\/web\/wp-content\/uploads\/2021\/09\/casa_gp2-150x150.jpg\" class=\"attachment-thumbnail size-thumbnail\" alt=\"Casa GP \/ OWN + Felipe Caboclo Arquitectura\" aria-describedby=\"gallery-1-67412\" \/><\/a>\n\t\t\t<\/div>\n\t\t\t\t<figcaption class='wp-caption-text gallery-caption' id='gallery-1-67412'>\n\t\t\t\tCasa GP \/ OWN + Felipe Caboclo Arquitectura (\u00a9 Manolo R. Sol\u00eds)\n\t\t\t\t<\/figcaption><\/figure><figure class='gallery-item'>\n\t\t\t<div class='gallery-icon portrait'>\n\t\t\t\t<a href='https:\/\/www.arquimaster.com.ar\/web\/wp-content\/uploads\/2021\/09\/casa_gp3.jpg' title=\"Casa GP \/ OWN + Felipe Caboclo Arquitectura (\u00a9 Manolo R. Sol\u00eds)\" data-rl_title=\"Casa GP \/ OWN + Felipe Caboclo Arquitectura (\u00a9 Manolo R. Sol\u00eds)\" class=\"rl-gallery-link\" data-rl_caption=\"Casa GP \/ OWN + Felipe Caboclo Arquitectura (\u00a9 Manolo R. Sol\u00eds)\" data-rel=\"lightbox-gallery-1\"><img loading=\"lazy\" decoding=\"async\" width=\"150\" height=\"150\" src=\"https:\/\/www.arquimaster.com.ar\/web\/wp-content\/uploads\/2021\/09\/casa_gp3-150x150.jpg\" class=\"attachment-thumbnail size-thumbnail\" alt=\"Casa GP \/ OWN + Felipe Caboclo Arquitectura\" aria-describedby=\"gallery-1-67413\" \/><\/a>\n\t\t\t<\/div>\n\t\t\t\t<figcaption class='wp-caption-text gallery-caption' id='gallery-1-67413'>\n\t\t\t\tCasa GP \/ OWN + Felipe Caboclo Arquitectura (\u00a9 Manolo R. Sol\u00eds)\n\t\t\t\t<\/figcaption><\/figure><figure class='gallery-item'>\n\t\t\t<div class='gallery-icon portrait'>\n\t\t\t\t<a href='https:\/\/www.arquimaster.com.ar\/web\/wp-content\/uploads\/2021\/09\/casa_gp4.jpg' title=\"Casa GP \/ OWN + Felipe Caboclo Arquitectura (\u00a9 Manolo R. Sol\u00eds)\" data-rl_title=\"Casa GP \/ OWN + Felipe Caboclo Arquitectura (\u00a9 Manolo R. Sol\u00eds)\" class=\"rl-gallery-link\" data-rl_caption=\"Casa GP \/ OWN + Felipe Caboclo Arquitectura (\u00a9 Manolo R. Sol\u00eds)\" data-rel=\"lightbox-gallery-1\"><img loading=\"lazy\" decoding=\"async\" width=\"150\" height=\"150\" src=\"https:\/\/www.arquimaster.com.ar\/web\/wp-content\/uploads\/2021\/09\/casa_gp4-150x150.jpg\" class=\"attachment-thumbnail size-thumbnail\" alt=\"Casa GP \/ OWN + Felipe Caboclo Arquitectura\" aria-describedby=\"gallery-1-67414\" \/><\/a>\n\t\t\t<\/div>\n\t\t\t\t<figcaption class='wp-caption-text gallery-caption' id='gallery-1-67414'>\n\t\t\t\tCasa GP \/ OWN + Felipe Caboclo Arquitectura (\u00a9 Manolo R. Sol\u00eds)\n\t\t\t\t<\/figcaption><\/figure><figure class='gallery-item'>\n\t\t\t<div class='gallery-icon portrait'>\n\t\t\t\t<a href='https:\/\/www.arquimaster.com.ar\/web\/wp-content\/uploads\/2021\/09\/casa_gp5.jpg' title=\"Casa GP \/ OWN + Felipe Caboclo Arquitectura (\u00a9 Manolo R. Sol\u00eds)\" data-rl_title=\"Casa GP \/ OWN + Felipe Caboclo Arquitectura (\u00a9 Manolo R. Sol\u00eds)\" class=\"rl-gallery-link\" data-rl_caption=\"Casa GP \/ OWN + Felipe Caboclo Arquitectura (\u00a9 Manolo R. Sol\u00eds)\" data-rel=\"lightbox-gallery-1\"><img loading=\"lazy\" decoding=\"async\" width=\"150\" height=\"150\" src=\"https:\/\/www.arquimaster.com.ar\/web\/wp-content\/uploads\/2021\/09\/casa_gp5-150x150.jpg\" class=\"attachment-thumbnail size-thumbnail\" alt=\"Casa GP \/ OWN + Felipe Caboclo Arquitectura\" aria-describedby=\"gallery-1-67415\" \/><\/a>\n\t\t\t<\/div>\n\t\t\t\t<figcaption class='wp-caption-text gallery-caption' id='gallery-1-67415'>\n\t\t\t\tCasa GP \/ OWN + Felipe Caboclo Arquitectura (\u00a9 Manolo R. Sol\u00eds)\n\t\t\t\t<\/figcaption><\/figure><figure class='gallery-item'>\n\t\t\t<div class='gallery-icon landscape'>\n\t\t\t\t<a href='https:\/\/www.arquimaster.com.ar\/web\/wp-content\/uploads\/2021\/09\/casa_gp6.jpg' title=\"Casa GP \/ OWN + Felipe Caboclo Arquitectura (\u00a9 Manolo R. Sol\u00eds)\" data-rl_title=\"Casa GP \/ OWN + Felipe Caboclo Arquitectura (\u00a9 Manolo R. Sol\u00eds)\" class=\"rl-gallery-link\" data-rl_caption=\"Casa GP \/ OWN + Felipe Caboclo Arquitectura (\u00a9 Manolo R. Sol\u00eds)\" data-rel=\"lightbox-gallery-1\"><img loading=\"lazy\" decoding=\"async\" width=\"150\" height=\"150\" src=\"https:\/\/www.arquimaster.com.ar\/web\/wp-content\/uploads\/2021\/09\/casa_gp6-150x150.jpg\" class=\"attachment-thumbnail size-thumbnail\" alt=\"Casa GP \/ OWN + Felipe Caboclo Arquitectura\" aria-describedby=\"gallery-1-67416\" \/><\/a>\n\t\t\t<\/div>\n\t\t\t\t<figcaption class='wp-caption-text gallery-caption' id='gallery-1-67416'>\n\t\t\t\tCasa GP \/ OWN + Felipe Caboclo Arquitectura (\u00a9 Manolo R. Sol\u00eds)\n\t\t\t\t<\/figcaption><\/figure><figure class='gallery-item'>\n\t\t\t<div class='gallery-icon portrait'>\n\t\t\t\t<a href='https:\/\/www.arquimaster.com.ar\/web\/wp-content\/uploads\/2021\/09\/casa_gp7.jpg' title=\"Casa GP \/ OWN + Felipe Caboclo Arquitectura (\u00a9 Manolo R. Sol\u00eds)\" data-rl_title=\"Casa GP \/ OWN + Felipe Caboclo Arquitectura (\u00a9 Manolo R. Sol\u00eds)\" class=\"rl-gallery-link\" data-rl_caption=\"Casa GP \/ OWN + Felipe Caboclo Arquitectura (\u00a9 Manolo R. Sol\u00eds)\" data-rel=\"lightbox-gallery-1\"><img loading=\"lazy\" decoding=\"async\" width=\"150\" height=\"150\" src=\"https:\/\/www.arquimaster.com.ar\/web\/wp-content\/uploads\/2021\/09\/casa_gp7-150x150.jpg\" class=\"attachment-thumbnail size-thumbnail\" alt=\"Casa GP \/ OWN + Felipe Caboclo Arquitectura\" aria-describedby=\"gallery-1-67417\" \/><\/a>\n\t\t\t<\/div>\n\t\t\t\t<figcaption class='wp-caption-text gallery-caption' id='gallery-1-67417'>\n\t\t\t\tCasa GP \/ OWN + Felipe Caboclo Arquitectura (\u00a9 Manolo R. Sol\u00eds)\n\t\t\t\t<\/figcaption><\/figure><figure class='gallery-item'>\n\t\t\t<div class='gallery-icon landscape'>\n\t\t\t\t<a href='https:\/\/www.arquimaster.com.ar\/web\/wp-content\/uploads\/2021\/09\/casa_gp8.jpg' title=\"Casa GP \/ OWN + Felipe Caboclo Arquitectura (\u00a9 Manolo R. Sol\u00eds)\" data-rl_title=\"Casa GP \/ OWN + Felipe Caboclo Arquitectura (\u00a9 Manolo R. Sol\u00eds)\" class=\"rl-gallery-link\" data-rl_caption=\"Casa GP \/ OWN + Felipe Caboclo Arquitectura (\u00a9 Manolo R. Sol\u00eds)\" data-rel=\"lightbox-gallery-1\"><img loading=\"lazy\" decoding=\"async\" width=\"150\" height=\"150\" src=\"https:\/\/www.arquimaster.com.ar\/web\/wp-content\/uploads\/2021\/09\/casa_gp8-150x150.jpg\" class=\"attachment-thumbnail size-thumbnail\" alt=\"Casa GP \/ OWN + Felipe Caboclo Arquitectura\" aria-describedby=\"gallery-1-67418\" \/><\/a>\n\t\t\t<\/div>\n\t\t\t\t<figcaption class='wp-caption-text gallery-caption' id='gallery-1-67418'>\n\t\t\t\tCasa GP \/ OWN + Felipe Caboclo Arquitectura (\u00a9 Manolo R. Sol\u00eds)\n\t\t\t\t<\/figcaption><\/figure><figure class='gallery-item'>\n\t\t\t<div class='gallery-icon landscape'>\n\t\t\t\t<a href='https:\/\/www.arquimaster.com.ar\/web\/wp-content\/uploads\/2021\/09\/casa_gp9.jpg' title=\"Casa GP \/ OWN + Felipe Caboclo Arquitectura (\u00a9 Manolo R. Sol\u00eds)\" data-rl_title=\"Casa GP \/ OWN + Felipe Caboclo Arquitectura (\u00a9 Manolo R. Sol\u00eds)\" class=\"rl-gallery-link\" data-rl_caption=\"Casa GP \/ OWN + Felipe Caboclo Arquitectura (\u00a9 Manolo R. Sol\u00eds)\" data-rel=\"lightbox-gallery-1\"><img loading=\"lazy\" decoding=\"async\" width=\"150\" height=\"150\" src=\"https:\/\/www.arquimaster.com.ar\/web\/wp-content\/uploads\/2021\/09\/casa_gp9-150x150.jpg\" class=\"attachment-thumbnail size-thumbnail\" alt=\"Casa GP \/ OWN + Felipe Caboclo Arquitectura\" aria-describedby=\"gallery-1-67419\" \/><\/a>\n\t\t\t<\/div>\n\t\t\t\t<figcaption class='wp-caption-text gallery-caption' id='gallery-1-67419'>\n\t\t\t\tCasa GP \/ OWN + Felipe Caboclo Arquitectura (\u00a9 Manolo R. Sol\u00eds)\n\t\t\t\t<\/figcaption><\/figure><figure class='gallery-item'>\n\t\t\t<div class='gallery-icon portrait'>\n\t\t\t\t<a href='https:\/\/www.arquimaster.com.ar\/web\/wp-content\/uploads\/2021\/09\/casa_gp10.jpg' title=\"Casa GP \/ OWN + Felipe Caboclo Arquitectura (\u00a9 Manolo R. Sol\u00eds)\" data-rl_title=\"Casa GP \/ OWN + Felipe Caboclo Arquitectura (\u00a9 Manolo R. Sol\u00eds)\" class=\"rl-gallery-link\" data-rl_caption=\"Casa GP \/ OWN + Felipe Caboclo Arquitectura (\u00a9 Manolo R. Sol\u00eds)\" data-rel=\"lightbox-gallery-1\"><img loading=\"lazy\" decoding=\"async\" width=\"150\" height=\"150\" src=\"https:\/\/www.arquimaster.com.ar\/web\/wp-content\/uploads\/2021\/09\/casa_gp10-150x150.jpg\" class=\"attachment-thumbnail size-thumbnail\" alt=\"Casa GP \/ OWN + Felipe Caboclo Arquitectura\" aria-describedby=\"gallery-1-67420\" \/><\/a>\n\t\t\t<\/div>\n\t\t\t\t<figcaption class='wp-caption-text gallery-caption' id='gallery-1-67420'>\n\t\t\t\tCasa GP \/ OWN + Felipe Caboclo Arquitectura (\u00a9 Manolo R. Sol\u00eds)\n\t\t\t\t<\/figcaption><\/figure><figure class='gallery-item'>\n\t\t\t<div class='gallery-icon portrait'>\n\t\t\t\t<a href='https:\/\/www.arquimaster.com.ar\/web\/wp-content\/uploads\/2021\/09\/casa_gp11.jpg' title=\"Casa GP \/ OWN + Felipe Caboclo Arquitectura (\u00a9 Manolo R. Sol\u00eds)\" data-rl_title=\"Casa GP \/ OWN + Felipe Caboclo Arquitectura (\u00a9 Manolo R. Sol\u00eds)\" class=\"rl-gallery-link\" data-rl_caption=\"Casa GP \/ OWN + Felipe Caboclo Arquitectura (\u00a9 Manolo R. Sol\u00eds)\" data-rel=\"lightbox-gallery-1\"><img loading=\"lazy\" decoding=\"async\" width=\"150\" height=\"150\" src=\"https:\/\/www.arquimaster.com.ar\/web\/wp-content\/uploads\/2021\/09\/casa_gp11-150x150.jpg\" class=\"attachment-thumbnail size-thumbnail\" alt=\"Casa GP \/ OWN + Felipe Caboclo Arquitectura\" aria-describedby=\"gallery-1-67421\" \/><\/a>\n\t\t\t<\/div>\n\t\t\t\t<figcaption class='wp-caption-text gallery-caption' id='gallery-1-67421'>\n\t\t\t\tCasa GP \/ OWN + Felipe Caboclo Arquitectura (\u00a9 Manolo R. Sol\u00eds)\n\t\t\t\t<\/figcaption><\/figure><figure class='gallery-item'>\n\t\t\t<div class='gallery-icon landscape'>\n\t\t\t\t<a href='https:\/\/www.arquimaster.com.ar\/web\/wp-content\/uploads\/2021\/09\/casa_gp12.jpg' title=\"Casa GP \/ OWN + Felipe Caboclo Arquitectura (\u00a9 Manolo R. Sol\u00eds)\" data-rl_title=\"Casa GP \/ OWN + Felipe Caboclo Arquitectura (\u00a9 Manolo R. Sol\u00eds)\" class=\"rl-gallery-link\" data-rl_caption=\"Casa GP \/ OWN + Felipe Caboclo Arquitectura (\u00a9 Manolo R. Sol\u00eds)\" data-rel=\"lightbox-gallery-1\"><img loading=\"lazy\" decoding=\"async\" width=\"150\" height=\"150\" src=\"https:\/\/www.arquimaster.com.ar\/web\/wp-content\/uploads\/2021\/09\/casa_gp12-150x150.jpg\" class=\"attachment-thumbnail size-thumbnail\" alt=\"Casa GP \/ OWN + Felipe Caboclo Arquitectura\" aria-describedby=\"gallery-1-67422\" \/><\/a>\n\t\t\t<\/div>\n\t\t\t\t<figcaption class='wp-caption-text gallery-caption' id='gallery-1-67422'>\n\t\t\t\tCasa GP \/ OWN + Felipe Caboclo Arquitectura (\u00a9 Manolo R. Sol\u00eds)\n\t\t\t\t<\/figcaption><\/figure><figure class='gallery-item'>\n\t\t\t<div class='gallery-icon landscape'>\n\t\t\t\t<a href='https:\/\/www.arquimaster.com.ar\/web\/wp-content\/uploads\/2021\/09\/casa_gp13.jpg' title=\"Casa GP \/ OWN + Felipe Caboclo Arquitectura (\u00a9 Manolo R. Sol\u00eds)\" data-rl_title=\"Casa GP \/ OWN + Felipe Caboclo Arquitectura (\u00a9 Manolo R. Sol\u00eds)\" class=\"rl-gallery-link\" data-rl_caption=\"Casa GP \/ OWN + Felipe Caboclo Arquitectura (\u00a9 Manolo R. Sol\u00eds)\" data-rel=\"lightbox-gallery-1\"><img loading=\"lazy\" decoding=\"async\" width=\"150\" height=\"150\" src=\"https:\/\/www.arquimaster.com.ar\/web\/wp-content\/uploads\/2021\/09\/casa_gp13-150x150.jpg\" class=\"attachment-thumbnail size-thumbnail\" alt=\"Casa GP \/ OWN + Felipe Caboclo Arquitectura\" aria-describedby=\"gallery-1-67423\" \/><\/a>\n\t\t\t<\/div>\n\t\t\t\t<figcaption class='wp-caption-text gallery-caption' id='gallery-1-67423'>\n\t\t\t\tCasa GP \/ OWN + Felipe Caboclo Arquitectura (\u00a9 Manolo R. Sol\u00eds)\n\t\t\t\t<\/figcaption><\/figure><figure class='gallery-item'>\n\t\t\t<div class='gallery-icon landscape'>\n\t\t\t\t<a href='https:\/\/www.arquimaster.com.ar\/web\/wp-content\/uploads\/2021\/09\/casa_gp14.jpg' title=\"Casa GP \/ OWN + Felipe Caboclo Arquitectura (\u00a9 Manolo R. Sol\u00eds)\" data-rl_title=\"Casa GP \/ OWN + Felipe Caboclo Arquitectura (\u00a9 Manolo R. Sol\u00eds)\" class=\"rl-gallery-link\" data-rl_caption=\"Casa GP \/ OWN + Felipe Caboclo Arquitectura (\u00a9 Manolo R. Sol\u00eds)\" data-rel=\"lightbox-gallery-1\"><img loading=\"lazy\" decoding=\"async\" width=\"150\" height=\"150\" src=\"https:\/\/www.arquimaster.com.ar\/web\/wp-content\/uploads\/2021\/09\/casa_gp14-150x150.jpg\" class=\"attachment-thumbnail size-thumbnail\" alt=\"Casa GP \/ OWN + Felipe Caboclo Arquitectura\" aria-describedby=\"gallery-1-67424\" \/><\/a>\n\t\t\t<\/div>\n\t\t\t\t<figcaption class='wp-caption-text gallery-caption' id='gallery-1-67424'>\n\t\t\t\tCasa GP \/ OWN + Felipe Caboclo Arquitectura (\u00a9 Manolo R. Sol\u00eds)\n\t\t\t\t<\/figcaption><\/figure><figure class='gallery-item'>\n\t\t\t<div class='gallery-icon portrait'>\n\t\t\t\t<a href='https:\/\/www.arquimaster.com.ar\/web\/wp-content\/uploads\/2021\/09\/casa_gp15.jpg' title=\"Casa GP \/ OWN + Felipe Caboclo Arquitectura (\u00a9 Manolo R. Sol\u00eds)\" data-rl_title=\"Casa GP \/ OWN + Felipe Caboclo Arquitectura (\u00a9 Manolo R. Sol\u00eds)\" class=\"rl-gallery-link\" data-rl_caption=\"Casa GP \/ OWN + Felipe Caboclo Arquitectura (\u00a9 Manolo R. Sol\u00eds)\" data-rel=\"lightbox-gallery-1\"><img loading=\"lazy\" decoding=\"async\" width=\"150\" height=\"150\" src=\"https:\/\/www.arquimaster.com.ar\/web\/wp-content\/uploads\/2021\/09\/casa_gp15-150x150.jpg\" class=\"attachment-thumbnail size-thumbnail\" alt=\"Casa GP \/ OWN + Felipe Caboclo Arquitectura\" aria-describedby=\"gallery-1-67425\" \/><\/a>\n\t\t\t<\/div>\n\t\t\t\t<figcaption class='wp-caption-text gallery-caption' id='gallery-1-67425'>\n\t\t\t\tCasa GP \/ OWN + Felipe Caboclo Arquitectura (\u00a9 Manolo R. Sol\u00eds)\n\t\t\t\t<\/figcaption><\/figure><figure class='gallery-item'>\n\t\t\t<div class='gallery-icon portrait'>\n\t\t\t\t<a href='https:\/\/www.arquimaster.com.ar\/web\/wp-content\/uploads\/2021\/09\/casa_gp16.jpg' title=\"Casa GP \/ OWN + Felipe Caboclo Arquitectura (\u00a9 Manolo R. Sol\u00eds)\" data-rl_title=\"Casa GP \/ OWN + Felipe Caboclo Arquitectura (\u00a9 Manolo R. Sol\u00eds)\" class=\"rl-gallery-link\" data-rl_caption=\"Casa GP \/ OWN + Felipe Caboclo Arquitectura (\u00a9 Manolo R. Sol\u00eds)\" data-rel=\"lightbox-gallery-1\"><img loading=\"lazy\" decoding=\"async\" width=\"150\" height=\"150\" src=\"https:\/\/www.arquimaster.com.ar\/web\/wp-content\/uploads\/2021\/09\/casa_gp16-150x150.jpg\" class=\"attachment-thumbnail size-thumbnail\" alt=\"Casa GP \/ OWN + Felipe Caboclo Arquitectura\" aria-describedby=\"gallery-1-67426\" \/><\/a>\n\t\t\t<\/div>\n\t\t\t\t<figcaption class='wp-caption-text gallery-caption' id='gallery-1-67426'>\n\t\t\t\tCasa GP \/ OWN + Felipe Caboclo Arquitectura (\u00a9 Manolo R. Sol\u00eds)\n\t\t\t\t<\/figcaption><\/figure><figure class='gallery-item'>\n\t\t\t<div class='gallery-icon landscape'>\n\t\t\t\t<a href='https:\/\/www.arquimaster.com.ar\/web\/wp-content\/uploads\/2021\/09\/casa_gp17.jpg' title=\"Casa GP \/ OWN + Felipe Caboclo Arquitectura (\u00a9 Manolo R. Sol\u00eds)\" data-rl_title=\"Casa GP \/ OWN + Felipe Caboclo Arquitectura (\u00a9 Manolo R. Sol\u00eds)\" class=\"rl-gallery-link\" data-rl_caption=\"Casa GP \/ OWN + Felipe Caboclo Arquitectura (\u00a9 Manolo R. Sol\u00eds)\" data-rel=\"lightbox-gallery-1\"><img loading=\"lazy\" decoding=\"async\" width=\"150\" height=\"150\" src=\"https:\/\/www.arquimaster.com.ar\/web\/wp-content\/uploads\/2021\/09\/casa_gp17-150x150.jpg\" class=\"attachment-thumbnail size-thumbnail\" alt=\"Casa GP \/ OWN + Felipe Caboclo Arquitectura\" aria-describedby=\"gallery-1-67427\" \/><\/a>\n\t\t\t<\/div>\n\t\t\t\t<figcaption class='wp-caption-text gallery-caption' id='gallery-1-67427'>\n\t\t\t\tCasa GP \/ OWN + Felipe Caboclo Arquitectura (\u00a9 Manolo R. Sol\u00eds)\n\t\t\t\t<\/figcaption><\/figure><figure class='gallery-item'>\n\t\t\t<div class='gallery-icon landscape'>\n\t\t\t\t<a href='https:\/\/www.arquimaster.com.ar\/web\/wp-content\/uploads\/2021\/09\/casa_gp18.jpg' title=\"Casa GP \/ OWN + Felipe Caboclo Arquitectura (\u00a9 Manolo R. Sol\u00eds)\" data-rl_title=\"Casa GP \/ OWN + Felipe Caboclo Arquitectura (\u00a9 Manolo R. Sol\u00eds)\" class=\"rl-gallery-link\" data-rl_caption=\"Casa GP \/ OWN + Felipe Caboclo Arquitectura (\u00a9 Manolo R. Sol\u00eds)\" data-rel=\"lightbox-gallery-1\"><img loading=\"lazy\" decoding=\"async\" width=\"150\" height=\"150\" src=\"https:\/\/www.arquimaster.com.ar\/web\/wp-content\/uploads\/2021\/09\/casa_gp18-150x150.jpg\" class=\"attachment-thumbnail size-thumbnail\" alt=\"Casa GP \/ OWN + Felipe Caboclo Arquitectura\" aria-describedby=\"gallery-1-67428\" \/><\/a>\n\t\t\t<\/div>\n\t\t\t\t<figcaption class='wp-caption-text gallery-caption' id='gallery-1-67428'>\n\t\t\t\tCasa GP \/ OWN + Felipe Caboclo Arquitectura (\u00a9 Manolo R. Sol\u00eds)\n\t\t\t\t<\/figcaption><\/figure><figure class='gallery-item'>\n\t\t\t<div class='gallery-icon landscape'>\n\t\t\t\t<a href='https:\/\/www.arquimaster.com.ar\/web\/wp-content\/uploads\/2021\/09\/casa_gp19.jpg' title=\"Casa GP \/ OWN + Felipe Caboclo Arquitectura (\u00a9 Manolo R. Sol\u00eds)\" data-rl_title=\"Casa GP \/ OWN + Felipe Caboclo Arquitectura (\u00a9 Manolo R. Sol\u00eds)\" class=\"rl-gallery-link\" data-rl_caption=\"Casa GP \/ OWN + Felipe Caboclo Arquitectura (\u00a9 Manolo R. Sol\u00eds)\" data-rel=\"lightbox-gallery-1\"><img loading=\"lazy\" decoding=\"async\" width=\"150\" height=\"150\" src=\"https:\/\/www.arquimaster.com.ar\/web\/wp-content\/uploads\/2021\/09\/casa_gp19-150x150.jpg\" class=\"attachment-thumbnail size-thumbnail\" alt=\"Casa GP \/ OWN + Felipe Caboclo Arquitectura\" aria-describedby=\"gallery-1-67429\" \/><\/a>\n\t\t\t<\/div>\n\t\t\t\t<figcaption class='wp-caption-text gallery-caption' id='gallery-1-67429'>\n\t\t\t\tCasa GP \/ OWN + Felipe Caboclo Arquitectura (\u00a9 Manolo R. Sol\u00eds)\n\t\t\t\t<\/figcaption><\/figure><figure class='gallery-item'>\n\t\t\t<div class='gallery-icon landscape'>\n\t\t\t\t<a href='https:\/\/www.arquimaster.com.ar\/web\/wp-content\/uploads\/2021\/09\/casa_gp20.jpg' title=\"Casa GP \/ OWN + Felipe Caboclo Arquitectura (\u00a9 Manolo R. Sol\u00eds)\" data-rl_title=\"Casa GP \/ OWN + Felipe Caboclo Arquitectura (\u00a9 Manolo R. Sol\u00eds)\" class=\"rl-gallery-link\" data-rl_caption=\"Casa GP \/ OWN + Felipe Caboclo Arquitectura (\u00a9 Manolo R. Sol\u00eds)\" data-rel=\"lightbox-gallery-1\"><img loading=\"lazy\" decoding=\"async\" width=\"150\" height=\"150\" src=\"https:\/\/www.arquimaster.com.ar\/web\/wp-content\/uploads\/2021\/09\/casa_gp20-150x150.jpg\" class=\"attachment-thumbnail size-thumbnail\" alt=\"Casa GP \/ OWN + Felipe Caboclo Arquitectura\" aria-describedby=\"gallery-1-67430\" \/><\/a>\n\t\t\t<\/div>\n\t\t\t\t<figcaption class='wp-caption-text gallery-caption' id='gallery-1-67430'>\n\t\t\t\tCasa GP \/ OWN + Felipe Caboclo Arquitectura (\u00a9 Manolo R. Sol\u00eds)\n\t\t\t\t<\/figcaption><\/figure><figure class='gallery-item'>\n\t\t\t<div class='gallery-icon landscape'>\n\t\t\t\t<a href='https:\/\/www.arquimaster.com.ar\/web\/wp-content\/uploads\/2021\/09\/casa_gp21.jpg' title=\"Casa GP \/ OWN + Felipe Caboclo Arquitectura (\u00a9 Manolo R. Sol\u00eds)\" data-rl_title=\"Casa GP \/ OWN + Felipe Caboclo Arquitectura (\u00a9 Manolo R. Sol\u00eds)\" class=\"rl-gallery-link\" data-rl_caption=\"Casa GP \/ OWN + Felipe Caboclo Arquitectura (\u00a9 Manolo R. Sol\u00eds)\" data-rel=\"lightbox-gallery-1\"><img loading=\"lazy\" decoding=\"async\" width=\"150\" height=\"150\" src=\"https:\/\/www.arquimaster.com.ar\/web\/wp-content\/uploads\/2021\/09\/casa_gp21-150x150.jpg\" class=\"attachment-thumbnail size-thumbnail\" alt=\"Casa GP \/ OWN + Felipe Caboclo Arquitectura\" aria-describedby=\"gallery-1-67431\" \/><\/a>\n\t\t\t<\/div>\n\t\t\t\t<figcaption class='wp-caption-text gallery-caption' id='gallery-1-67431'>\n\t\t\t\tCasa GP \/ OWN + Felipe Caboclo Arquitectura (\u00a9 Manolo R. Sol\u00eds)\n\t\t\t\t<\/figcaption><\/figure><figure class='gallery-item'>\n\t\t\t<div class='gallery-icon landscape'>\n\t\t\t\t<a href='https:\/\/www.arquimaster.com.ar\/web\/wp-content\/uploads\/2021\/09\/casa_gp22.jpg' title=\"Casa GP \/ OWN + Felipe Caboclo Arquitectura (\u00a9 Manolo R. Sol\u00eds)\" data-rl_title=\"Casa GP \/ OWN + Felipe Caboclo Arquitectura (\u00a9 Manolo R. Sol\u00eds)\" class=\"rl-gallery-link\" data-rl_caption=\"Casa GP \/ OWN + Felipe Caboclo Arquitectura (\u00a9 Manolo R. Sol\u00eds)\" data-rel=\"lightbox-gallery-1\"><img loading=\"lazy\" decoding=\"async\" width=\"150\" height=\"150\" src=\"https:\/\/www.arquimaster.com.ar\/web\/wp-content\/uploads\/2021\/09\/casa_gp22-150x150.jpg\" class=\"attachment-thumbnail size-thumbnail\" alt=\"Casa GP \/ OWN + Felipe Caboclo Arquitectura\" aria-describedby=\"gallery-1-67432\" \/><\/a>\n\t\t\t<\/div>\n\t\t\t\t<figcaption class='wp-caption-text gallery-caption' id='gallery-1-67432'>\n\t\t\t\tCasa GP \/ OWN + Felipe Caboclo Arquitectura (\u00a9 Manolo R. Sol\u00eds)\n\t\t\t\t<\/figcaption><\/figure><figure class='gallery-item'>\n\t\t\t<div class='gallery-icon landscape'>\n\t\t\t\t<a href='https:\/\/www.arquimaster.com.ar\/web\/wp-content\/uploads\/2021\/09\/casa_gp23.jpg' title=\"Casa GP \/ OWN + Felipe Caboclo Arquitectura (\u00a9 Manolo R. Sol\u00eds)\" data-rl_title=\"Casa GP \/ OWN + Felipe Caboclo Arquitectura (\u00a9 Manolo R. Sol\u00eds)\" class=\"rl-gallery-link\" data-rl_caption=\"Casa GP \/ OWN + Felipe Caboclo Arquitectura (\u00a9 Manolo R. Sol\u00eds)\" data-rel=\"lightbox-gallery-1\"><img loading=\"lazy\" decoding=\"async\" width=\"150\" height=\"150\" src=\"https:\/\/www.arquimaster.com.ar\/web\/wp-content\/uploads\/2021\/09\/casa_gp23-150x150.jpg\" class=\"attachment-thumbnail size-thumbnail\" alt=\"Casa GP \/ OWN + Felipe Caboclo Arquitectura\" aria-describedby=\"gallery-1-67433\" \/><\/a>\n\t\t\t<\/div>\n\t\t\t\t<figcaption class='wp-caption-text gallery-caption' id='gallery-1-67433'>\n\t\t\t\tCasa GP \/ OWN + Felipe Caboclo Arquitectura (\u00a9 Manolo R. Sol\u00eds)\n\t\t\t\t<\/figcaption><\/figure><figure class='gallery-item'>\n\t\t\t<div class='gallery-icon landscape'>\n\t\t\t\t<a href='https:\/\/www.arquimaster.com.ar\/web\/wp-content\/uploads\/2021\/09\/casa_gp24.jpg' title=\"Casa GP \/ OWN + Felipe Caboclo Arquitectura (\u00a9 Manolo R. Sol\u00eds)\" data-rl_title=\"Casa GP \/ OWN + Felipe Caboclo Arquitectura (\u00a9 Manolo R. Sol\u00eds)\" class=\"rl-gallery-link\" data-rl_caption=\"Casa GP \/ OWN + Felipe Caboclo Arquitectura (\u00a9 Manolo R. Sol\u00eds)\" data-rel=\"lightbox-gallery-1\"><img loading=\"lazy\" decoding=\"async\" width=\"150\" height=\"150\" src=\"https:\/\/www.arquimaster.com.ar\/web\/wp-content\/uploads\/2021\/09\/casa_gp24-150x150.jpg\" class=\"attachment-thumbnail size-thumbnail\" alt=\"Casa GP \/ OWN + Felipe Caboclo Arquitectura\" aria-describedby=\"gallery-1-67434\" \/><\/a>\n\t\t\t<\/div>\n\t\t\t\t<figcaption class='wp-caption-text gallery-caption' id='gallery-1-67434'>\n\t\t\t\tCasa GP \/ OWN + Felipe Caboclo Arquitectura (\u00a9 Manolo R. Sol\u00eds)\n\t\t\t\t<\/figcaption><\/figure><figure class='gallery-item'>\n\t\t\t<div class='gallery-icon landscape'>\n\t\t\t\t<a href='https:\/\/www.arquimaster.com.ar\/web\/wp-content\/uploads\/2021\/09\/casa_gp25.jpg' title=\"Casa GP \/ OWN + Felipe Caboclo Arquitectura (\u00a9 Manolo R. Sol\u00eds)\" data-rl_title=\"Casa GP \/ OWN + Felipe Caboclo Arquitectura (\u00a9 Manolo R. Sol\u00eds)\" class=\"rl-gallery-link\" data-rl_caption=\"Casa GP \/ OWN + Felipe Caboclo Arquitectura (\u00a9 Manolo R. Sol\u00eds)\" data-rel=\"lightbox-gallery-1\"><img loading=\"lazy\" decoding=\"async\" width=\"150\" height=\"150\" src=\"https:\/\/www.arquimaster.com.ar\/web\/wp-content\/uploads\/2021\/09\/casa_gp25-150x150.jpg\" class=\"attachment-thumbnail size-thumbnail\" alt=\"Casa GP \/ OWN + Felipe Caboclo Arquitectura\" aria-describedby=\"gallery-1-67435\" \/><\/a>\n\t\t\t<\/div>\n\t\t\t\t<figcaption class='wp-caption-text gallery-caption' id='gallery-1-67435'>\n\t\t\t\tCasa GP \/ OWN + Felipe Caboclo Arquitectura (\u00a9 Manolo R. Sol\u00eds)\n\t\t\t\t<\/figcaption><\/figure><figure class='gallery-item'>\n\t\t\t<div class='gallery-icon portrait'>\n\t\t\t\t<a href='https:\/\/www.arquimaster.com.ar\/web\/wp-content\/uploads\/2021\/09\/casa_gp26.jpg' title=\"Casa GP \/ OWN + Felipe Caboclo Arquitectura (\u00a9 Manolo R. Sol\u00eds)\" data-rl_title=\"Casa GP \/ OWN + Felipe Caboclo Arquitectura (\u00a9 Manolo R. Sol\u00eds)\" class=\"rl-gallery-link\" data-rl_caption=\"Casa GP \/ OWN + Felipe Caboclo Arquitectura (\u00a9 Manolo R. Sol\u00eds)\" data-rel=\"lightbox-gallery-1\"><img loading=\"lazy\" decoding=\"async\" width=\"150\" height=\"150\" src=\"https:\/\/www.arquimaster.com.ar\/web\/wp-content\/uploads\/2021\/09\/casa_gp26-150x150.jpg\" class=\"attachment-thumbnail size-thumbnail\" alt=\"Casa GP \/ OWN + Felipe Caboclo Arquitectura\" aria-describedby=\"gallery-1-67436\" \/><\/a>\n\t\t\t<\/div>\n\t\t\t\t<figcaption class='wp-caption-text gallery-caption' id='gallery-1-67436'>\n\t\t\t\tCasa GP \/ OWN + Felipe Caboclo Arquitectura (\u00a9 Manolo R. Sol\u00eds)\n\t\t\t\t<\/figcaption><\/figure><figure class='gallery-item'>\n\t\t\t<div class='gallery-icon landscape'>\n\t\t\t\t<a href='https:\/\/www.arquimaster.com.ar\/web\/wp-content\/uploads\/2021\/09\/casa_gp27.jpg' title=\"Casa GP \/ OWN + Felipe Caboclo Arquitectura (\u00a9 Manolo R. Sol\u00eds)\" data-rl_title=\"Casa GP \/ OWN + Felipe Caboclo Arquitectura (\u00a9 Manolo R. Sol\u00eds)\" class=\"rl-gallery-link\" data-rl_caption=\"Casa GP \/ OWN + Felipe Caboclo Arquitectura (\u00a9 Manolo R. Sol\u00eds)\" data-rel=\"lightbox-gallery-1\"><img loading=\"lazy\" decoding=\"async\" width=\"150\" height=\"150\" src=\"https:\/\/www.arquimaster.com.ar\/web\/wp-content\/uploads\/2021\/09\/casa_gp27-150x150.jpg\" class=\"attachment-thumbnail size-thumbnail\" alt=\"Casa GP \/ OWN + Felipe Caboclo Arquitectura\" aria-describedby=\"gallery-1-67437\" \/><\/a>\n\t\t\t<\/div>\n\t\t\t\t<figcaption class='wp-caption-text gallery-caption' id='gallery-1-67437'>\n\t\t\t\tCasa GP \/ OWN + Felipe Caboclo Arquitectura (\u00a9 Manolo R. Sol\u00eds)\n\t\t\t\t<\/figcaption><\/figure><figure class='gallery-item'>\n\t\t\t<div class='gallery-icon landscape'>\n\t\t\t\t<a href='https:\/\/www.arquimaster.com.ar\/web\/wp-content\/uploads\/2021\/09\/casa_gp28.jpg' title=\"Casa GP \/ OWN + Felipe Caboclo Arquitectura (\u00a9 Manolo R. Sol\u00eds)\" data-rl_title=\"Casa GP \/ OWN + Felipe Caboclo Arquitectura (\u00a9 Manolo R. Sol\u00eds)\" class=\"rl-gallery-link\" data-rl_caption=\"Casa GP \/ OWN + Felipe Caboclo Arquitectura (\u00a9 Manolo R. Sol\u00eds)\" data-rel=\"lightbox-gallery-1\"><img loading=\"lazy\" decoding=\"async\" width=\"150\" height=\"150\" src=\"https:\/\/www.arquimaster.com.ar\/web\/wp-content\/uploads\/2021\/09\/casa_gp28-150x150.jpg\" class=\"attachment-thumbnail size-thumbnail\" alt=\"Casa GP \/ OWN + Felipe Caboclo Arquitectura\" aria-describedby=\"gallery-1-67438\" \/><\/a>\n\t\t\t<\/div>\n\t\t\t\t<figcaption class='wp-caption-text gallery-caption' id='gallery-1-67438'>\n\t\t\t\tCasa GP \/ OWN + Felipe Caboclo Arquitectura (\u00a9 Manolo R. Sol\u00eds)\n\t\t\t\t<\/figcaption><\/figure>\n\t\t<\/div>\n\n<p>El dise\u00f1o del proyecto sigue una l\u00ednea de dise\u00f1o sustentable y bioclim\u00e1tico, con un an\u00e1lisis previo de la climatolog\u00eda y orientaciones de los elementos naturales locales, utilizando los mismos para beneficio del consumo energ\u00e9tico del proyecto y el bienestar de los habitantes.<\/p>\n<p>El proyecto se orienta el norte en su mayor\u00eda para recibir la mayor iluminaci\u00f3n natural, por medio de ventanales de piso a techo, mismos que son cubiertos por una fachada din\u00e1mica generada por paneles de louvers amaderados la cual permite generar privacidad cuando se requiere, y a su vez abrirse a las vistas del campo, desde la intimidad de cada espacio.<\/p>\n<p>Los alerones en la losa de las rec\u00e1maras, mismas que sirven como chimeneas de extracci\u00f3n de aire caliente, ayudan a iluminar de manera natural cada espacio y a disminuir la temperatura interior, generando espacios con ventilaci\u00f3n fresca y oxigenada, disminuyendo el uso de aires acondicionados a lo largo del a\u00f1o.<\/p>\n<p>La paleta de materiales seleccionados para el proyecto (Concreto, Madera, Acero y Cristal) genera un ambiente elegante y sutil los cuales crean un ambiente de tranquilidad y paz en los espacios, generando un mayor bienestar de los usuarios.<\/p>\n<p>El primer nivel se proyecta como planta libre dividida por paneles de madera corredizos, para generar privacidad en los espacios de cocina, y \u00e1rea de televisi\u00f3n. Los cuales se integran por medio de la terraza y alberca, la cual corresponde a la geometr\u00eda de la terraza en segundo nivel.<\/p>\n<p>El segundo nivel se proyecta como un \u00e1rea privada, el cual se utiliza para contener las 4 habitaciones y un family room, mismas que est\u00e1n unidas por una terraza perimetral, dotando a cada espacio con una relaci\u00f3n interior\/exterior, buscando siempre el aspecto biofilico en el habitar cotidiano.<\/p>\n<p><strong>Ficha t\u00e9cnica<\/strong><br \/>Nombre: Casa GP<br \/>Ubicaci\u00f3n: M\u00e9rida, Yucat\u00e1n, M\u00e9xico<br \/>Arquitectura: OWN + Felipe Caboclo Arquitectura (Arq. Luis Fernando Garc\u00eda O., Arq. Patricia Rios Mu\u00f1oz, Arq. Felipe Caboclo)<br \/>Superficie de terreno: 795 m2<br \/>Superficie construida: 560 m2<br \/>A\u00f1o: 2020<br \/>Fotograf\u00eda: <a href=\"https:\/\/www.manolorsolis.com\" target=\"_blank\" rel=\"noopener\">Manolo R. Sol\u00eds<\/a><\/p>\n<p><strong>Contacto<\/strong><br \/><a href=\"https:\/\/www.thisisown.com\" target=\"_blank\" rel=\"noopener\">https:\/\/www.thisisown.com<\/a><br \/>Instagram: @thisisown_<br \/><a href=\"https:\/\/www.felipecaboclo.com.br\" target=\"_blank\" rel=\"noopener\">https:\/\/www.felipecaboclo.com.br<\/a><br \/>Instagram: @felipe_caboclo_arquitetura<\/p>\n\n\n<div style=\"height:20px\" aria-hidden=\"true\" class=\"wp-block-spacer\"><\/div>\n\n\n<p><strong><em>English version<\/em><\/strong><\/p>\n<p><em>Located in the Yucat\u00e1n Golf Club \u00abCountry Club\u00bb in the Yucat\u00e1n peninsula.<\/em><\/p>\n<p><em>The project was born from a collaboration between friendly firms that have a very similar way of projecting. With simple and clean geometry, a project is developed that revolves around inhabiting the exterior from any point of the house, with the terraces being a main point of the project. Transparency and privacy were the factors to consider when designing the project. With great views of the golf course and the magnificent surrounding trees existing in the environment.<\/em><\/p>\n<p><em>The design of the project follows a line of sustainable and bioclimatic design, with a previous analysis of the climatology and orientations of the local natural elements, using them to benefit the energy consumption of the project and the well-being of the inhabitants.<\/em><\/p>\n<p><em>The project is oriented to the north, for the most part, to receive the most natural lighting, through floor-to-ceiling windows, which are covered by a dynamic facade generated by woody shutter panels that allow generating privacy when required, and for own account. Once open to the views of the field, from the privacy of each space.<\/em><\/p>\n<p><em>The ailerons on the slab of the bedrooms, which serve as hot air extraction chimneys, help to naturally illuminate each space and reduce the interior temperature, generating spaces with fresh and oxygenated ventilation, reducing the number of air conditioners throughout the year.<\/em><\/p>\n<p><em>The palette of materials selected for the project (Concrete, Wood, Steel and Glass) generates an elegant and subtle environment that creates an atmosphere of tranquility and peace in the spaces, generating greater welfare of users.<\/em><\/p>\n<p><em>The first level is projected as an open plan divided by sliding wooden panels, to generate privacy in the kitchen and television area. Which are integrated through the terrace and the pool, which corresponds to the geometry of the terrace on the second level.<\/em><\/p>\n<p><em>The second level is projected as a private area, which is used to contain the 4 rooms and a family room, which are joined by a perimeter terrace providing each space with an interior \/ exterior relationship, always looking for the biophilic aspect in daily living.<\/em><\/p>\n<div style=\"font-size: 0px; height: 0px; line-height: 0px; margin: 0; padding: 0; clear: both;\"><\/div><div style=\"margin-top: 0px; margin-bottom: 0px;\" class=\"sharethis-inline-share-buttons\" ><\/div>","protected":false},"excerpt":{"rendered":"<p>Con una geometr\u00eda simple y limpia, el proyecto gira en torno al habitar el exterior&#8230;<\/p>\n","protected":false},"author":1,"featured_media":67410,"comment_status":"closed","ping_status":"closed","sticky":false,"template":"","format":"standard","meta":{"_uag_custom_page_level_css":"","footnotes":""},"categories":[1,83],"tags":[7290,7287,7288,3256,24,7286,7289,254,3257],"class_list":["post-67409","post","type-post","status-publish","format-standard","has-post-thumbnail","hentry","category-proyecto","category-vivienda-unifamiliar","tag-felipe-caboclo","tag-felipe-caboclo-arquitectura","tag-luis-fernando-garcia","tag-merida","tag-mexico","tag-own","tag-patricia-rios-munoz","tag-vivienda-unifamiliar-2","tag-yucatan","generate-columns","tablet-grid-50","mobile-grid-100","grid-parent","grid-50"],"yoast_head":"<!-- This site is optimized with the Yoast SEO plugin v27.3 - https:\/\/yoast.com\/product\/yoast-seo-wordpress\/ -->\n<title>Casa GP \/ OWN + Felipe Caboclo Arquitectura - Arquimaster<\/title>\n<meta name=\"description\" content=\"Con una geometr\u00eda simple y limpia, el proyecto gira en torno al habitar el exterior desde cualquier punto de la casa, siendo las terrazas un punto primordial.\" \/>\n<meta name=\"robots\" content=\"index, follow, max-snippet:-1, max-image-preview:large, max-video-preview:-1\" \/>\n<link rel=\"canonical\" href=\"https:\/\/www.arquimaster.com.ar\/web\/casa-gp-own-felipe-caboclo-arquitectura\/\" \/>\n<meta property=\"og:locale\" content=\"es_ES\" \/>\n<meta property=\"og:type\" content=\"article\" \/>\n<meta property=\"og:title\" content=\"Casa GP \/ OWN + Felipe Caboclo Arquitectura\" \/>\n<meta property=\"og:description\" content=\"Con una geometr\u00eda simple y limpia, el proyecto gira en torno al habitar el exterior desde cualquier punto de la casa, siendo las terrazas un punto primordial.\" \/>\n<meta property=\"og:url\" content=\"https:\/\/www.arquimaster.com.ar\/web\/casa-gp-own-felipe-caboclo-arquitectura\/\" \/>\n<meta property=\"og:site_name\" content=\"Arquimaster\" \/>\n<meta property=\"article:publisher\" content=\"http:\/\/www.facebook.com\/ARQUIMASTER.com.ar\" \/>\n<meta property=\"article:published_time\" content=\"2021-09-16T20:54:20+00:00\" \/>\n<meta property=\"article:modified_time\" content=\"2022-06-14T19:32:47+00:00\" \/>\n<meta property=\"og:image\" content=\"https:\/\/www.arquimaster.com.ar\/web\/wp-content\/uploads\/2021\/09\/casa_gp_slide.jpg\" \/>\n\t<meta property=\"og:image:width\" content=\"698\" \/>\n\t<meta property=\"og:image:height\" content=\"364\" \/>\n\t<meta property=\"og:image:type\" content=\"image\/jpeg\" \/>\n<meta name=\"author\" content=\"Arquimaster\" \/>\n<meta name=\"twitter:card\" content=\"summary_large_image\" \/>\n<meta name=\"twitter:title\" content=\"Casa GP \/ OWN + Felipe Caboclo Arquitectura\" \/>\n<meta name=\"twitter:description\" content=\"Con una geometr\u00eda simple y limpia, el proyecto gira en torno al habitar el exterior desde cualquier punto de la casa, siendo las terrazas un punto primordial.\" \/>\n<meta name=\"twitter:image\" content=\"https:\/\/www.arquimaster.com.ar\/web\/wp-content\/uploads\/2021\/09\/casa_gp_slide.jpg\" \/>\n<meta name=\"twitter:creator\" content=\"@arquimaster\" \/>\n<meta name=\"twitter:site\" content=\"@arquimaster\" \/>\n<meta name=\"twitter:label1\" content=\"Escrito por\" \/>\n\t<meta name=\"twitter:data1\" content=\"Arquimaster\" \/>\n\t<meta name=\"twitter:label2\" content=\"Tiempo de lectura\" \/>\n\t<meta name=\"twitter:data2\" content=\"4 minutos\" \/>\n<script type=\"application\/ld+json\" class=\"yoast-schema-graph\">{\"@context\":\"https:\\\/\\\/schema.org\",\"@graph\":[{\"@type\":\"Article\",\"@id\":\"https:\\\/\\\/www.arquimaster.com.ar\\\/web\\\/casa-gp-own-felipe-caboclo-arquitectura\\\/#article\",\"isPartOf\":{\"@id\":\"https:\\\/\\\/www.arquimaster.com.ar\\\/web\\\/casa-gp-own-felipe-caboclo-arquitectura\\\/\"},\"author\":{\"name\":\"Arquimaster\",\"@id\":\"https:\\\/\\\/www.arquimaster.com.ar\\\/web\\\/#\\\/schema\\\/person\\\/359e9f7c00193fcde068e0dd2ceb0028\"},\"headline\":\"Casa GP \\\/ OWN + Felipe Caboclo Arquitectura\",\"datePublished\":\"2021-09-16T20:54:20+00:00\",\"dateModified\":\"2022-06-14T19:32:47+00:00\",\"mainEntityOfPage\":{\"@id\":\"https:\\\/\\\/www.arquimaster.com.ar\\\/web\\\/casa-gp-own-felipe-caboclo-arquitectura\\\/\"},\"wordCount\":851,\"publisher\":{\"@id\":\"https:\\\/\\\/www.arquimaster.com.ar\\\/web\\\/#organization\"},\"image\":{\"@id\":\"https:\\\/\\\/www.arquimaster.com.ar\\\/web\\\/casa-gp-own-felipe-caboclo-arquitectura\\\/#primaryimage\"},\"thumbnailUrl\":\"https:\\\/\\\/www.arquimaster.com.ar\\\/web\\\/wp-content\\\/uploads\\\/2021\\\/09\\\/casa_gp_slide.jpg\",\"keywords\":[\"Felipe Caboclo\",\"Felipe Caboclo Arquitectura\",\"Luis Fernando Garc\u00eda\",\"Merida\",\"Mexico\",\"OWN\",\"Patricia Rios Mu\u00f1oz\",\"vivienda unifamiliar\",\"Yucatan\"],\"articleSection\":[\"Proyecto\",\"Vivienda unifamiliar y PH\"],\"inLanguage\":\"es\"},{\"@type\":\"WebPage\",\"@id\":\"https:\\\/\\\/www.arquimaster.com.ar\\\/web\\\/casa-gp-own-felipe-caboclo-arquitectura\\\/\",\"url\":\"https:\\\/\\\/www.arquimaster.com.ar\\\/web\\\/casa-gp-own-felipe-caboclo-arquitectura\\\/\",\"name\":\"Casa GP \\\/ OWN + Felipe Caboclo Arquitectura - Arquimaster\",\"isPartOf\":{\"@id\":\"https:\\\/\\\/www.arquimaster.com.ar\\\/web\\\/#website\"},\"primaryImageOfPage\":{\"@id\":\"https:\\\/\\\/www.arquimaster.com.ar\\\/web\\\/casa-gp-own-felipe-caboclo-arquitectura\\\/#primaryimage\"},\"image\":{\"@id\":\"https:\\\/\\\/www.arquimaster.com.ar\\\/web\\\/casa-gp-own-felipe-caboclo-arquitectura\\\/#primaryimage\"},\"thumbnailUrl\":\"https:\\\/\\\/www.arquimaster.com.ar\\\/web\\\/wp-content\\\/uploads\\\/2021\\\/09\\\/casa_gp_slide.jpg\",\"datePublished\":\"2021-09-16T20:54:20+00:00\",\"dateModified\":\"2022-06-14T19:32:47+00:00\",\"description\":\"Con una geometr\u00eda simple y limpia, el proyecto gira en torno al habitar el exterior desde cualquier punto de la casa, siendo las terrazas un punto primordial.\",\"breadcrumb\":{\"@id\":\"https:\\\/\\\/www.arquimaster.com.ar\\\/web\\\/casa-gp-own-felipe-caboclo-arquitectura\\\/#breadcrumb\"},\"inLanguage\":\"es\",\"potentialAction\":[{\"@type\":\"ReadAction\",\"target\":[\"https:\\\/\\\/www.arquimaster.com.ar\\\/web\\\/casa-gp-own-felipe-caboclo-arquitectura\\\/\"]}]},{\"@type\":\"ImageObject\",\"inLanguage\":\"es\",\"@id\":\"https:\\\/\\\/www.arquimaster.com.ar\\\/web\\\/casa-gp-own-felipe-caboclo-arquitectura\\\/#primaryimage\",\"url\":\"https:\\\/\\\/www.arquimaster.com.ar\\\/web\\\/wp-content\\\/uploads\\\/2021\\\/09\\\/casa_gp_slide.jpg\",\"contentUrl\":\"https:\\\/\\\/www.arquimaster.com.ar\\\/web\\\/wp-content\\\/uploads\\\/2021\\\/09\\\/casa_gp_slide.jpg\",\"width\":698,\"height\":364,\"caption\":\"Casa GP \\\/ OWN + Felipe Caboclo Arquitectura\"},{\"@type\":\"BreadcrumbList\",\"@id\":\"https:\\\/\\\/www.arquimaster.com.ar\\\/web\\\/casa-gp-own-felipe-caboclo-arquitectura\\\/#breadcrumb\",\"itemListElement\":[{\"@type\":\"ListItem\",\"position\":1,\"name\":\"Portada\",\"item\":\"https:\\\/\\\/www.arquimaster.com.ar\\\/web\\\/\"},{\"@type\":\"ListItem\",\"position\":2,\"name\":\"Casa GP \\\/ OWN + Felipe Caboclo Arquitectura\"}]},{\"@type\":\"WebSite\",\"@id\":\"https:\\\/\\\/www.arquimaster.com.ar\\\/web\\\/#website\",\"url\":\"https:\\\/\\\/www.arquimaster.com.ar\\\/web\\\/\",\"name\":\"Arquimaster\",\"description\":\"Web de arquitectura, dise\u00f1o y construccion\",\"publisher\":{\"@id\":\"https:\\\/\\\/www.arquimaster.com.ar\\\/web\\\/#organization\"},\"potentialAction\":[{\"@type\":\"SearchAction\",\"target\":{\"@type\":\"EntryPoint\",\"urlTemplate\":\"https:\\\/\\\/www.arquimaster.com.ar\\\/web\\\/?s={search_term_string}\"},\"query-input\":{\"@type\":\"PropertyValueSpecification\",\"valueRequired\":true,\"valueName\":\"search_term_string\"}}],\"inLanguage\":\"es\"},{\"@type\":\"Organization\",\"@id\":\"https:\\\/\\\/www.arquimaster.com.ar\\\/web\\\/#organization\",\"name\":\"Arquimaster\",\"url\":\"https:\\\/\\\/www.arquimaster.com.ar\\\/web\\\/\",\"logo\":{\"@type\":\"ImageObject\",\"inLanguage\":\"es\",\"@id\":\"https:\\\/\\\/www.arquimaster.com.ar\\\/web\\\/#\\\/schema\\\/logo\\\/image\\\/\",\"url\":\"https:\\\/\\\/www.arquimaster.com.ar\\\/web\\\/wp-content\\\/uploads\\\/2022\\\/06\\\/arquimaster.png\",\"contentUrl\":\"https:\\\/\\\/www.arquimaster.com.ar\\\/web\\\/wp-content\\\/uploads\\\/2022\\\/06\\\/arquimaster.png\",\"width\":594,\"height\":78,\"caption\":\"Arquimaster\"},\"image\":{\"@id\":\"https:\\\/\\\/www.arquimaster.com.ar\\\/web\\\/#\\\/schema\\\/logo\\\/image\\\/\"},\"sameAs\":[\"http:\\\/\\\/www.facebook.com\\\/ARQUIMASTER.com.ar\",\"https:\\\/\\\/x.com\\\/arquimaster\",\"https:\\\/\\\/www.instagram.com\\\/arquimasterblog\\\/\",\"https:\\\/\\\/www.linkedin.com\\\/company\\\/arquimaster\",\"https:\\\/\\\/www.pinterest.com\\\/arquimaster\",\"https:\\\/\\\/t.me\\\/arquimaster\"]},{\"@type\":\"Person\",\"@id\":\"https:\\\/\\\/www.arquimaster.com.ar\\\/web\\\/#\\\/schema\\\/person\\\/359e9f7c00193fcde068e0dd2ceb0028\",\"name\":\"Arquimaster\"}]}<\/script>\n<!-- \/ Yoast SEO plugin. -->","yoast_head_json":{"title":"Casa GP \/ OWN + Felipe Caboclo Arquitectura - Arquimaster","description":"Con una geometr\u00eda simple y limpia, el proyecto gira en torno al habitar el exterior desde cualquier punto de la casa, siendo las terrazas un punto primordial.","robots":{"index":"index","follow":"follow","max-snippet":"max-snippet:-1","max-image-preview":"max-image-preview:large","max-video-preview":"max-video-preview:-1"},"canonical":"https:\/\/www.arquimaster.com.ar\/web\/casa-gp-own-felipe-caboclo-arquitectura\/","og_locale":"es_ES","og_type":"article","og_title":"Casa GP \/ OWN + Felipe Caboclo Arquitectura","og_description":"Con una geometr\u00eda simple y limpia, el proyecto gira en torno al habitar el exterior desde cualquier punto de la casa, siendo las terrazas un punto primordial.","og_url":"https:\/\/www.arquimaster.com.ar\/web\/casa-gp-own-felipe-caboclo-arquitectura\/","og_site_name":"Arquimaster","article_publisher":"http:\/\/www.facebook.com\/ARQUIMASTER.com.ar","article_published_time":"2021-09-16T20:54:20+00:00","article_modified_time":"2022-06-14T19:32:47+00:00","og_image":[{"width":698,"height":364,"url":"https:\/\/www.arquimaster.com.ar\/web\/wp-content\/uploads\/2021\/09\/casa_gp_slide.jpg","type":"image\/jpeg"}],"author":"Arquimaster","twitter_card":"summary_large_image","twitter_title":"Casa GP \/ OWN + Felipe Caboclo Arquitectura","twitter_description":"Con una geometr\u00eda simple y limpia, el proyecto gira en torno al habitar el exterior desde cualquier punto de la casa, siendo las terrazas un punto primordial.","twitter_image":"https:\/\/www.arquimaster.com.ar\/web\/wp-content\/uploads\/2021\/09\/casa_gp_slide.jpg","twitter_creator":"@arquimaster","twitter_site":"@arquimaster","twitter_misc":{"Escrito por":"Arquimaster","Tiempo de lectura":"4 minutos"},"schema":{"@context":"https:\/\/schema.org","@graph":[{"@type":"Article","@id":"https:\/\/www.arquimaster.com.ar\/web\/casa-gp-own-felipe-caboclo-arquitectura\/#article","isPartOf":{"@id":"https:\/\/www.arquimaster.com.ar\/web\/casa-gp-own-felipe-caboclo-arquitectura\/"},"author":{"name":"Arquimaster","@id":"https:\/\/www.arquimaster.com.ar\/web\/#\/schema\/person\/359e9f7c00193fcde068e0dd2ceb0028"},"headline":"Casa GP \/ OWN + Felipe Caboclo Arquitectura","datePublished":"2021-09-16T20:54:20+00:00","dateModified":"2022-06-14T19:32:47+00:00","mainEntityOfPage":{"@id":"https:\/\/www.arquimaster.com.ar\/web\/casa-gp-own-felipe-caboclo-arquitectura\/"},"wordCount":851,"publisher":{"@id":"https:\/\/www.arquimaster.com.ar\/web\/#organization"},"image":{"@id":"https:\/\/www.arquimaster.com.ar\/web\/casa-gp-own-felipe-caboclo-arquitectura\/#primaryimage"},"thumbnailUrl":"https:\/\/www.arquimaster.com.ar\/web\/wp-content\/uploads\/2021\/09\/casa_gp_slide.jpg","keywords":["Felipe Caboclo","Felipe Caboclo Arquitectura","Luis Fernando Garc\u00eda","Merida","Mexico","OWN","Patricia Rios Mu\u00f1oz","vivienda unifamiliar","Yucatan"],"articleSection":["Proyecto","Vivienda unifamiliar y PH"],"inLanguage":"es"},{"@type":"WebPage","@id":"https:\/\/www.arquimaster.com.ar\/web\/casa-gp-own-felipe-caboclo-arquitectura\/","url":"https:\/\/www.arquimaster.com.ar\/web\/casa-gp-own-felipe-caboclo-arquitectura\/","name":"Casa GP \/ OWN + Felipe Caboclo Arquitectura - Arquimaster","isPartOf":{"@id":"https:\/\/www.arquimaster.com.ar\/web\/#website"},"primaryImageOfPage":{"@id":"https:\/\/www.arquimaster.com.ar\/web\/casa-gp-own-felipe-caboclo-arquitectura\/#primaryimage"},"image":{"@id":"https:\/\/www.arquimaster.com.ar\/web\/casa-gp-own-felipe-caboclo-arquitectura\/#primaryimage"},"thumbnailUrl":"https:\/\/www.arquimaster.com.ar\/web\/wp-content\/uploads\/2021\/09\/casa_gp_slide.jpg","datePublished":"2021-09-16T20:54:20+00:00","dateModified":"2022-06-14T19:32:47+00:00","description":"Con una geometr\u00eda simple y limpia, el proyecto gira en torno al habitar el exterior desde cualquier punto de la casa, siendo las terrazas un punto primordial.","breadcrumb":{"@id":"https:\/\/www.arquimaster.com.ar\/web\/casa-gp-own-felipe-caboclo-arquitectura\/#breadcrumb"},"inLanguage":"es","potentialAction":[{"@type":"ReadAction","target":["https:\/\/www.arquimaster.com.ar\/web\/casa-gp-own-felipe-caboclo-arquitectura\/"]}]},{"@type":"ImageObject","inLanguage":"es","@id":"https:\/\/www.arquimaster.com.ar\/web\/casa-gp-own-felipe-caboclo-arquitectura\/#primaryimage","url":"https:\/\/www.arquimaster.com.ar\/web\/wp-content\/uploads\/2021\/09\/casa_gp_slide.jpg","contentUrl":"https:\/\/www.arquimaster.com.ar\/web\/wp-content\/uploads\/2021\/09\/casa_gp_slide.jpg","width":698,"height":364,"caption":"Casa GP \/ OWN + Felipe Caboclo Arquitectura"},{"@type":"BreadcrumbList","@id":"https:\/\/www.arquimaster.com.ar\/web\/casa-gp-own-felipe-caboclo-arquitectura\/#breadcrumb","itemListElement":[{"@type":"ListItem","position":1,"name":"Portada","item":"https:\/\/www.arquimaster.com.ar\/web\/"},{"@type":"ListItem","position":2,"name":"Casa GP \/ OWN + Felipe Caboclo Arquitectura"}]},{"@type":"WebSite","@id":"https:\/\/www.arquimaster.com.ar\/web\/#website","url":"https:\/\/www.arquimaster.com.ar\/web\/","name":"Arquimaster","description":"Web de arquitectura, dise\u00f1o y construccion","publisher":{"@id":"https:\/\/www.arquimaster.com.ar\/web\/#organization"},"potentialAction":[{"@type":"SearchAction","target":{"@type":"EntryPoint","urlTemplate":"https:\/\/www.arquimaster.com.ar\/web\/?s={search_term_string}"},"query-input":{"@type":"PropertyValueSpecification","valueRequired":true,"valueName":"search_term_string"}}],"inLanguage":"es"},{"@type":"Organization","@id":"https:\/\/www.arquimaster.com.ar\/web\/#organization","name":"Arquimaster","url":"https:\/\/www.arquimaster.com.ar\/web\/","logo":{"@type":"ImageObject","inLanguage":"es","@id":"https:\/\/www.arquimaster.com.ar\/web\/#\/schema\/logo\/image\/","url":"https:\/\/www.arquimaster.com.ar\/web\/wp-content\/uploads\/2022\/06\/arquimaster.png","contentUrl":"https:\/\/www.arquimaster.com.ar\/web\/wp-content\/uploads\/2022\/06\/arquimaster.png","width":594,"height":78,"caption":"Arquimaster"},"image":{"@id":"https:\/\/www.arquimaster.com.ar\/web\/#\/schema\/logo\/image\/"},"sameAs":["http:\/\/www.facebook.com\/ARQUIMASTER.com.ar","https:\/\/x.com\/arquimaster","https:\/\/www.instagram.com\/arquimasterblog\/","https:\/\/www.linkedin.com\/company\/arquimaster","https:\/\/www.pinterest.com\/arquimaster","https:\/\/t.me\/arquimaster"]},{"@type":"Person","@id":"https:\/\/www.arquimaster.com.ar\/web\/#\/schema\/person\/359e9f7c00193fcde068e0dd2ceb0028","name":"Arquimaster"}]}},"uagb_featured_image_src":{"full":["https:\/\/www.arquimaster.com.ar\/web\/wp-content\/uploads\/2021\/09\/casa_gp_slide.jpg",698,364,false],"thumbnail":["https:\/\/www.arquimaster.com.ar\/web\/wp-content\/uploads\/2021\/09\/casa_gp_slide-150x150.jpg",150,150,true],"medium":["https:\/\/www.arquimaster.com.ar\/web\/wp-content\/uploads\/2021\/09\/casa_gp_slide.jpg",698,364,false],"medium_large":["https:\/\/www.arquimaster.com.ar\/web\/wp-content\/uploads\/2021\/09\/casa_gp_slide.jpg",698,364,false],"large":["https:\/\/www.arquimaster.com.ar\/web\/wp-content\/uploads\/2021\/09\/casa_gp_slide.jpg",698,364,false],"1536x1536":["https:\/\/www.arquimaster.com.ar\/web\/wp-content\/uploads\/2021\/09\/casa_gp_slide.jpg",698,364,false],"2048x2048":["https:\/\/www.arquimaster.com.ar\/web\/wp-content\/uploads\/2021\/09\/casa_gp_slide.jpg",698,364,false]},"uagb_author_info":{"display_name":"Arquimaster","author_link":"https:\/\/www.arquimaster.com.ar\/web\/author\/arquimaster\/"},"uagb_comment_info":0,"uagb_excerpt":"Con una geometr\u00eda simple y limpia, el proyecto gira en torno al habitar el exterior...","_links":{"self":[{"href":"https:\/\/www.arquimaster.com.ar\/web\/wp-json\/wp\/v2\/posts\/67409","targetHints":{"allow":["GET"]}}],"collection":[{"href":"https:\/\/www.arquimaster.com.ar\/web\/wp-json\/wp\/v2\/posts"}],"about":[{"href":"https:\/\/www.arquimaster.com.ar\/web\/wp-json\/wp\/v2\/types\/post"}],"author":[{"embeddable":true,"href":"https:\/\/www.arquimaster.com.ar\/web\/wp-json\/wp\/v2\/users\/1"}],"replies":[{"embeddable":true,"href":"https:\/\/www.arquimaster.com.ar\/web\/wp-json\/wp\/v2\/comments?post=67409"}],"version-history":[{"count":2,"href":"https:\/\/www.arquimaster.com.ar\/web\/wp-json\/wp\/v2\/posts\/67409\/revisions"}],"predecessor-version":[{"id":70493,"href":"https:\/\/www.arquimaster.com.ar\/web\/wp-json\/wp\/v2\/posts\/67409\/revisions\/70493"}],"wp:featuredmedia":[{"embeddable":true,"href":"https:\/\/www.arquimaster.com.ar\/web\/wp-json\/wp\/v2\/media\/67410"}],"wp:attachment":[{"href":"https:\/\/www.arquimaster.com.ar\/web\/wp-json\/wp\/v2\/media?parent=67409"}],"wp:term":[{"taxonomy":"category","embeddable":true,"href":"https:\/\/www.arquimaster.com.ar\/web\/wp-json\/wp\/v2\/categories?post=67409"},{"taxonomy":"post_tag","embeddable":true,"href":"https:\/\/www.arquimaster.com.ar\/web\/wp-json\/wp\/v2\/tags?post=67409"}],"curies":[{"name":"wp","href":"https:\/\/api.w.org\/{rel}","templated":true}]}}