{"id":67474,"date":"2021-10-06T20:25:02","date_gmt":"2021-10-06T23:25:02","guid":{"rendered":"https:\/\/www.arquimaster.com.ar\/web\/?p=67474"},"modified":"2022-06-19T16:34:30","modified_gmt":"2022-06-19T19:34:30","slug":"edificio-de-oficinas-honduras-5550-forcinito-arquitectos","status":"publish","type":"post","link":"https:\/\/www.arquimaster.com.ar\/web\/edificio-de-oficinas-honduras-5550-forcinito-arquitectos\/","title":{"rendered":"Edificio de oficinas Honduras 5550 \/ Forcinito Arquitectos"},"content":{"rendered":"<div style=\"margin-top: 0px; margin-bottom: 0px;\" class=\"sharethis-inline-share-buttons\" ><\/div><div class=\"b812932af2e751442846f039925109de\" data-index=\"1\" style=\"float: none; margin:25px 0 25px 0; text-align:center;\">\n<script async src=\"https:\/\/pagead2.googlesyndication.com\/pagead\/js\/adsbygoogle.js\"><\/script>\r\n<!-- Arquimaster (superior) -->\r\n<ins class=\"adsbygoogle\"\r\n     style=\"display:block\"\r\n     data-ad-client=\"ca-pub-6351072698456832\"\r\n     data-ad-slot=\"6455489680\"\r\n     data-ad-format=\"auto\"\r\n     data-full-width-responsive=\"true\"><\/ins>\r\n<script>\r\n     (adsbygoogle = window.adsbygoogle || []).push({});\r\n<\/script>\n<\/div>\n<p><strong>Edificio de oficinas Honduras 5550<\/strong> (Palermo, Ciudad de Buenos Aires, Argentina) por <strong>Forcinito Arquitectos.<\/strong> Ubicado en el coraz\u00f3n de Palermo Hollywood, este edificio de gran frente sobre la calle Honduras, resuelve un programa de oficinas y local comercial con una propuesta respetuosa de la escala tradicional del barrio.<\/p>\n<div id='gallery-1' class='gallery galleryid-67474 gallery-columns-3 gallery-size-thumbnail'><figure class='gallery-item'>\n\t\t\t<div class='gallery-icon landscape'>\n\t\t\t\t<a href='https:\/\/www.arquimaster.com.ar\/web\/wp-content\/uploads\/2021\/10\/edificio_honduras16.jpg' title=\"Edificio de oficinas Honduras 5550 \/ Forcinito Arquitectos (\u00a9 Albano Garcia)\" data-rl_title=\"Edificio de oficinas Honduras 5550 \/ Forcinito Arquitectos (\u00a9 Albano Garcia)\" class=\"rl-gallery-link\" data-rl_caption=\"Edificio de oficinas Honduras 5550 \/ Forcinito Arquitectos (\u00a9 Albano Garcia)\" data-rel=\"lightbox-gallery-1\"><img loading=\"lazy\" decoding=\"async\" width=\"150\" height=\"150\" src=\"https:\/\/www.arquimaster.com.ar\/web\/wp-content\/uploads\/2021\/10\/edificio_honduras16-150x150.jpg\" class=\"attachment-thumbnail size-thumbnail\" alt=\"Edificio de oficinas Honduras 5550 \/ Forcinito Arquitectos\" aria-describedby=\"gallery-1-67491\" \/><\/a>\n\t\t\t<\/div>\n\t\t\t\t<figcaption class='wp-caption-text gallery-caption' id='gallery-1-67491'>\n\t\t\t\tEdificio de oficinas Honduras 5550 \/ Forcinito Arquitectos (\u00a9 Albano Garcia)\n\t\t\t\t<\/figcaption><\/figure><figure class='gallery-item'>\n\t\t\t<div class='gallery-icon landscape'>\n\t\t\t\t<a href='https:\/\/www.arquimaster.com.ar\/web\/wp-content\/uploads\/2021\/10\/edificio_honduras17.jpg' title=\"Edificio de oficinas Honduras 5550 \/ Forcinito Arquitectos (\u00a9 Albano Garcia)\" data-rl_title=\"Edificio de oficinas Honduras 5550 \/ Forcinito Arquitectos (\u00a9 Albano Garcia)\" class=\"rl-gallery-link\" data-rl_caption=\"Edificio de oficinas Honduras 5550 \/ Forcinito Arquitectos (\u00a9 Albano Garcia)\" data-rel=\"lightbox-gallery-1\"><img loading=\"lazy\" decoding=\"async\" width=\"150\" height=\"150\" src=\"https:\/\/www.arquimaster.com.ar\/web\/wp-content\/uploads\/2021\/10\/edificio_honduras17-150x150.jpg\" class=\"attachment-thumbnail size-thumbnail\" alt=\"Edificio de oficinas Honduras 5550 \/ Forcinito Arquitectos\" aria-describedby=\"gallery-1-67492\" \/><\/a>\n\t\t\t<\/div>\n\t\t\t\t<figcaption class='wp-caption-text gallery-caption' id='gallery-1-67492'>\n\t\t\t\tEdificio de oficinas Honduras 5550 \/ Forcinito Arquitectos (\u00a9 Albano Garcia)\n\t\t\t\t<\/figcaption><\/figure><figure class='gallery-item'>\n\t\t\t<div class='gallery-icon portrait'>\n\t\t\t\t<a href='https:\/\/www.arquimaster.com.ar\/web\/wp-content\/uploads\/2021\/10\/edificio_honduras1.jpg' title=\"Edificio de oficinas Honduras 5550 \/ Forcinito Arquitectos (\u00a9 Albano Garcia)\" data-rl_title=\"Edificio de oficinas Honduras 5550 \/ Forcinito Arquitectos (\u00a9 Albano Garcia)\" class=\"rl-gallery-link\" data-rl_caption=\"Edificio de oficinas Honduras 5550 \/ Forcinito Arquitectos (\u00a9 Albano Garcia)\" data-rel=\"lightbox-gallery-1\"><img loading=\"lazy\" decoding=\"async\" width=\"150\" height=\"150\" src=\"https:\/\/www.arquimaster.com.ar\/web\/wp-content\/uploads\/2021\/10\/edificio_honduras1-150x150.jpg\" class=\"attachment-thumbnail size-thumbnail\" alt=\"Edificio de oficinas Honduras 5550 \/ Forcinito Arquitectos\" aria-describedby=\"gallery-1-67476\" \/><\/a>\n\t\t\t<\/div>\n\t\t\t\t<figcaption class='wp-caption-text gallery-caption' id='gallery-1-67476'>\n\t\t\t\tEdificio de oficinas Honduras 5550 \/ Forcinito Arquitectos (\u00a9 Albano Garcia)\n\t\t\t\t<\/figcaption><\/figure><figure class='gallery-item'>\n\t\t\t<div class='gallery-icon portrait'>\n\t\t\t\t<a href='https:\/\/www.arquimaster.com.ar\/web\/wp-content\/uploads\/2021\/10\/edificio_honduras2.jpg' title=\"Edificio de oficinas Honduras 5550 \/ Forcinito Arquitectos (\u00a9 Albano Garcia)\" data-rl_title=\"Edificio de oficinas Honduras 5550 \/ Forcinito Arquitectos (\u00a9 Albano Garcia)\" class=\"rl-gallery-link\" data-rl_caption=\"Edificio de oficinas Honduras 5550 \/ Forcinito Arquitectos (\u00a9 Albano Garcia)\" data-rel=\"lightbox-gallery-1\"><img loading=\"lazy\" decoding=\"async\" width=\"150\" height=\"150\" src=\"https:\/\/www.arquimaster.com.ar\/web\/wp-content\/uploads\/2021\/10\/edificio_honduras2-150x150.jpg\" class=\"attachment-thumbnail size-thumbnail\" alt=\"Edificio de oficinas Honduras 5550 \/ Forcinito Arquitectos\" aria-describedby=\"gallery-1-67477\" \/><\/a>\n\t\t\t<\/div>\n\t\t\t\t<figcaption class='wp-caption-text gallery-caption' id='gallery-1-67477'>\n\t\t\t\tEdificio de oficinas Honduras 5550 \/ Forcinito Arquitectos (\u00a9 Albano Garcia)\n\t\t\t\t<\/figcaption><\/figure><figure class='gallery-item'>\n\t\t\t<div class='gallery-icon landscape'>\n\t\t\t\t<a href='https:\/\/www.arquimaster.com.ar\/web\/wp-content\/uploads\/2021\/10\/edificio_honduras3.jpg' title=\"Edificio de oficinas Honduras 5550 \/ Forcinito Arquitectos (\u00a9 Albano Garcia)\" data-rl_title=\"Edificio de oficinas Honduras 5550 \/ Forcinito Arquitectos (\u00a9 Albano Garcia)\" class=\"rl-gallery-link\" data-rl_caption=\"Edificio de oficinas Honduras 5550 \/ Forcinito Arquitectos (\u00a9 Albano Garcia)\" data-rel=\"lightbox-gallery-1\"><img loading=\"lazy\" decoding=\"async\" width=\"150\" height=\"150\" src=\"https:\/\/www.arquimaster.com.ar\/web\/wp-content\/uploads\/2021\/10\/edificio_honduras3-150x150.jpg\" class=\"attachment-thumbnail size-thumbnail\" alt=\"Edificio de oficinas Honduras 5550 \/ Forcinito Arquitectos\" aria-describedby=\"gallery-1-67478\" \/><\/a>\n\t\t\t<\/div>\n\t\t\t\t<figcaption class='wp-caption-text gallery-caption' id='gallery-1-67478'>\n\t\t\t\tEdificio de oficinas Honduras 5550 \/ Forcinito Arquitectos (\u00a9 Albano Garcia)\n\t\t\t\t<\/figcaption><\/figure><figure class='gallery-item'>\n\t\t\t<div class='gallery-icon landscape'>\n\t\t\t\t<a href='https:\/\/www.arquimaster.com.ar\/web\/wp-content\/uploads\/2021\/10\/edificio_honduras4.jpg' title=\"Edificio de oficinas Honduras 5550 \/ Forcinito Arquitectos (\u00a9 Albano Garcia)\" data-rl_title=\"Edificio de oficinas Honduras 5550 \/ Forcinito Arquitectos (\u00a9 Albano Garcia)\" class=\"rl-gallery-link\" data-rl_caption=\"Edificio de oficinas Honduras 5550 \/ Forcinito Arquitectos (\u00a9 Albano Garcia)\" data-rel=\"lightbox-gallery-1\"><img loading=\"lazy\" decoding=\"async\" width=\"150\" height=\"150\" src=\"https:\/\/www.arquimaster.com.ar\/web\/wp-content\/uploads\/2021\/10\/edificio_honduras4-150x150.jpg\" class=\"attachment-thumbnail size-thumbnail\" alt=\"Edificio de oficinas Honduras 5550 \/ Forcinito Arquitectos\" aria-describedby=\"gallery-1-67479\" \/><\/a>\n\t\t\t<\/div>\n\t\t\t\t<figcaption class='wp-caption-text gallery-caption' id='gallery-1-67479'>\n\t\t\t\tEdificio de oficinas Honduras 5550 \/ Forcinito Arquitectos (\u00a9 Albano Garcia)\n\t\t\t\t<\/figcaption><\/figure><figure class='gallery-item'>\n\t\t\t<div class='gallery-icon landscape'>\n\t\t\t\t<a href='https:\/\/www.arquimaster.com.ar\/web\/wp-content\/uploads\/2021\/10\/edificio_honduras5.jpg' title=\"Edificio de oficinas Honduras 5550 \/ Forcinito Arquitectos (\u00a9 Albano Garcia)\" data-rl_title=\"Edificio de oficinas Honduras 5550 \/ Forcinito Arquitectos (\u00a9 Albano Garcia)\" class=\"rl-gallery-link\" data-rl_caption=\"Edificio de oficinas Honduras 5550 \/ Forcinito Arquitectos (\u00a9 Albano Garcia)\" data-rel=\"lightbox-gallery-1\"><img loading=\"lazy\" decoding=\"async\" width=\"150\" height=\"150\" src=\"https:\/\/www.arquimaster.com.ar\/web\/wp-content\/uploads\/2021\/10\/edificio_honduras5-150x150.jpg\" class=\"attachment-thumbnail size-thumbnail\" alt=\"Edificio de oficinas Honduras 5550 \/ Forcinito Arquitectos\" aria-describedby=\"gallery-1-67480\" \/><\/a>\n\t\t\t<\/div>\n\t\t\t\t<figcaption class='wp-caption-text gallery-caption' id='gallery-1-67480'>\n\t\t\t\tEdificio de oficinas Honduras 5550 \/ Forcinito Arquitectos (\u00a9 Albano Garcia)\n\t\t\t\t<\/figcaption><\/figure><figure class='gallery-item'>\n\t\t\t<div class='gallery-icon portrait'>\n\t\t\t\t<a href='https:\/\/www.arquimaster.com.ar\/web\/wp-content\/uploads\/2021\/10\/edificio_honduras6.jpg' title=\"Edificio de oficinas Honduras 5550 \/ Forcinito Arquitectos (\u00a9 Albano Garcia)\" data-rl_title=\"Edificio de oficinas Honduras 5550 \/ Forcinito Arquitectos (\u00a9 Albano Garcia)\" class=\"rl-gallery-link\" data-rl_caption=\"Edificio de oficinas Honduras 5550 \/ Forcinito Arquitectos (\u00a9 Albano Garcia)\" data-rel=\"lightbox-gallery-1\"><img loading=\"lazy\" decoding=\"async\" width=\"150\" height=\"150\" src=\"https:\/\/www.arquimaster.com.ar\/web\/wp-content\/uploads\/2021\/10\/edificio_honduras6-150x150.jpg\" class=\"attachment-thumbnail size-thumbnail\" alt=\"Edificio de oficinas Honduras 5550 \/ Forcinito Arquitectos\" aria-describedby=\"gallery-1-67481\" \/><\/a>\n\t\t\t<\/div>\n\t\t\t\t<figcaption class='wp-caption-text gallery-caption' id='gallery-1-67481'>\n\t\t\t\tEdificio de oficinas Honduras 5550 \/ Forcinito Arquitectos (\u00a9 Albano Garcia)\n\t\t\t\t<\/figcaption><\/figure><figure class='gallery-item'>\n\t\t\t<div class='gallery-icon landscape'>\n\t\t\t\t<a href='https:\/\/www.arquimaster.com.ar\/web\/wp-content\/uploads\/2021\/10\/edificio_honduras7.jpg' title=\"Edificio de oficinas Honduras 5550 \/ Forcinito Arquitectos (\u00a9 Albano Garcia)\" data-rl_title=\"Edificio de oficinas Honduras 5550 \/ Forcinito Arquitectos (\u00a9 Albano Garcia)\" class=\"rl-gallery-link\" data-rl_caption=\"Edificio de oficinas Honduras 5550 \/ Forcinito Arquitectos (\u00a9 Albano Garcia)\" data-rel=\"lightbox-gallery-1\"><img loading=\"lazy\" decoding=\"async\" width=\"150\" height=\"150\" src=\"https:\/\/www.arquimaster.com.ar\/web\/wp-content\/uploads\/2021\/10\/edificio_honduras7-150x150.jpg\" class=\"attachment-thumbnail size-thumbnail\" alt=\"Edificio de oficinas Honduras 5550 \/ Forcinito Arquitectos\" aria-describedby=\"gallery-1-67482\" \/><\/a>\n\t\t\t<\/div>\n\t\t\t\t<figcaption class='wp-caption-text gallery-caption' id='gallery-1-67482'>\n\t\t\t\tEdificio de oficinas Honduras 5550 \/ Forcinito Arquitectos (\u00a9 Albano Garcia)\n\t\t\t\t<\/figcaption><\/figure><figure class='gallery-item'>\n\t\t\t<div class='gallery-icon portrait'>\n\t\t\t\t<a href='https:\/\/www.arquimaster.com.ar\/web\/wp-content\/uploads\/2021\/10\/edificio_honduras8.jpg' title=\"Edificio de oficinas Honduras 5550 \/ Forcinito Arquitectos (\u00a9 Albano Garcia)\" data-rl_title=\"Edificio de oficinas Honduras 5550 \/ Forcinito Arquitectos (\u00a9 Albano Garcia)\" class=\"rl-gallery-link\" data-rl_caption=\"Edificio de oficinas Honduras 5550 \/ Forcinito Arquitectos (\u00a9 Albano Garcia)\" data-rel=\"lightbox-gallery-1\"><img loading=\"lazy\" decoding=\"async\" width=\"150\" height=\"150\" src=\"https:\/\/www.arquimaster.com.ar\/web\/wp-content\/uploads\/2021\/10\/edificio_honduras8-150x150.jpg\" class=\"attachment-thumbnail size-thumbnail\" alt=\"Edificio de oficinas Honduras 5550 \/ Forcinito Arquitectos\" aria-describedby=\"gallery-1-67483\" \/><\/a>\n\t\t\t<\/div>\n\t\t\t\t<figcaption class='wp-caption-text gallery-caption' id='gallery-1-67483'>\n\t\t\t\tEdificio de oficinas Honduras 5550 \/ Forcinito Arquitectos (\u00a9 Albano Garcia)\n\t\t\t\t<\/figcaption><\/figure><figure class='gallery-item'>\n\t\t\t<div class='gallery-icon portrait'>\n\t\t\t\t<a href='https:\/\/www.arquimaster.com.ar\/web\/wp-content\/uploads\/2021\/10\/edificio_honduras9.jpg' title=\"Edificio de oficinas Honduras 5550 \/ Forcinito Arquitectos (\u00a9 Albano Garcia)\" data-rl_title=\"Edificio de oficinas Honduras 5550 \/ Forcinito Arquitectos (\u00a9 Albano Garcia)\" class=\"rl-gallery-link\" data-rl_caption=\"Edificio de oficinas Honduras 5550 \/ Forcinito Arquitectos (\u00a9 Albano Garcia)\" data-rel=\"lightbox-gallery-1\"><img loading=\"lazy\" decoding=\"async\" width=\"150\" height=\"150\" src=\"https:\/\/www.arquimaster.com.ar\/web\/wp-content\/uploads\/2021\/10\/edificio_honduras9-150x150.jpg\" class=\"attachment-thumbnail size-thumbnail\" alt=\"Edificio de oficinas Honduras 5550 \/ Forcinito Arquitectos\" aria-describedby=\"gallery-1-67484\" \/><\/a>\n\t\t\t<\/div>\n\t\t\t\t<figcaption class='wp-caption-text gallery-caption' id='gallery-1-67484'>\n\t\t\t\tEdificio de oficinas Honduras 5550 \/ Forcinito Arquitectos (\u00a9 Albano Garcia)\n\t\t\t\t<\/figcaption><\/figure><figure class='gallery-item'>\n\t\t\t<div class='gallery-icon portrait'>\n\t\t\t\t<a href='https:\/\/www.arquimaster.com.ar\/web\/wp-content\/uploads\/2021\/10\/edificio_honduras10.jpg' title=\"Edificio de oficinas Honduras 5550 \/ Forcinito Arquitectos (\u00a9 Albano Garcia)\" data-rl_title=\"Edificio de oficinas Honduras 5550 \/ Forcinito Arquitectos (\u00a9 Albano Garcia)\" class=\"rl-gallery-link\" data-rl_caption=\"Edificio de oficinas Honduras 5550 \/ Forcinito Arquitectos (\u00a9 Albano Garcia)\" data-rel=\"lightbox-gallery-1\"><img loading=\"lazy\" decoding=\"async\" width=\"150\" height=\"150\" src=\"https:\/\/www.arquimaster.com.ar\/web\/wp-content\/uploads\/2021\/10\/edificio_honduras10-150x150.jpg\" class=\"attachment-thumbnail size-thumbnail\" alt=\"Edificio de oficinas Honduras 5550 \/ Forcinito Arquitectos\" aria-describedby=\"gallery-1-67485\" \/><\/a>\n\t\t\t<\/div>\n\t\t\t\t<figcaption class='wp-caption-text gallery-caption' id='gallery-1-67485'>\n\t\t\t\tEdificio de oficinas Honduras 5550 \/ Forcinito Arquitectos (\u00a9 Albano Garcia)\n\t\t\t\t<\/figcaption><\/figure><figure class='gallery-item'>\n\t\t\t<div class='gallery-icon landscape'>\n\t\t\t\t<a href='https:\/\/www.arquimaster.com.ar\/web\/wp-content\/uploads\/2021\/10\/edificio_honduras11.jpg' title=\"Edificio de oficinas Honduras 5550 \/ Forcinito Arquitectos (\u00a9 Albano Garcia)\" data-rl_title=\"Edificio de oficinas Honduras 5550 \/ Forcinito Arquitectos (\u00a9 Albano Garcia)\" class=\"rl-gallery-link\" data-rl_caption=\"Edificio de oficinas Honduras 5550 \/ Forcinito Arquitectos (\u00a9 Albano Garcia)\" data-rel=\"lightbox-gallery-1\"><img loading=\"lazy\" decoding=\"async\" width=\"150\" height=\"150\" src=\"https:\/\/www.arquimaster.com.ar\/web\/wp-content\/uploads\/2021\/10\/edificio_honduras11-150x150.jpg\" class=\"attachment-thumbnail size-thumbnail\" alt=\"Edificio de oficinas Honduras 5550 \/ Forcinito Arquitectos\" aria-describedby=\"gallery-1-67486\" \/><\/a>\n\t\t\t<\/div>\n\t\t\t\t<figcaption class='wp-caption-text gallery-caption' id='gallery-1-67486'>\n\t\t\t\tEdificio de oficinas Honduras 5550 \/ Forcinito Arquitectos (\u00a9 Albano Garcia)\n\t\t\t\t<\/figcaption><\/figure><figure class='gallery-item'>\n\t\t\t<div class='gallery-icon landscape'>\n\t\t\t\t<a href='https:\/\/www.arquimaster.com.ar\/web\/wp-content\/uploads\/2021\/10\/edificio_honduras12.jpg' title=\"Edificio de oficinas Honduras 5550 \/ Forcinito Arquitectos (\u00a9 Albano Garcia)\" data-rl_title=\"Edificio de oficinas Honduras 5550 \/ Forcinito Arquitectos (\u00a9 Albano Garcia)\" class=\"rl-gallery-link\" data-rl_caption=\"Edificio de oficinas Honduras 5550 \/ Forcinito Arquitectos (\u00a9 Albano Garcia)\" data-rel=\"lightbox-gallery-1\"><img loading=\"lazy\" decoding=\"async\" width=\"150\" height=\"150\" src=\"https:\/\/www.arquimaster.com.ar\/web\/wp-content\/uploads\/2021\/10\/edificio_honduras12-150x150.jpg\" class=\"attachment-thumbnail size-thumbnail\" alt=\"Edificio de oficinas Honduras 5550 \/ Forcinito Arquitectos\" aria-describedby=\"gallery-1-67487\" \/><\/a>\n\t\t\t<\/div>\n\t\t\t\t<figcaption class='wp-caption-text gallery-caption' id='gallery-1-67487'>\n\t\t\t\tEdificio de oficinas Honduras 5550 \/ Forcinito Arquitectos (\u00a9 Albano Garcia)\n\t\t\t\t<\/figcaption><\/figure><figure class='gallery-item'>\n\t\t\t<div class='gallery-icon portrait'>\n\t\t\t\t<a href='https:\/\/www.arquimaster.com.ar\/web\/wp-content\/uploads\/2021\/10\/edificio_honduras13.jpg' title=\"Edificio de oficinas Honduras 5550 \/ Forcinito Arquitectos (\u00a9 Albano Garcia)\" data-rl_title=\"Edificio de oficinas Honduras 5550 \/ Forcinito Arquitectos (\u00a9 Albano Garcia)\" class=\"rl-gallery-link\" data-rl_caption=\"Edificio de oficinas Honduras 5550 \/ Forcinito Arquitectos (\u00a9 Albano Garcia)\" data-rel=\"lightbox-gallery-1\"><img loading=\"lazy\" decoding=\"async\" width=\"150\" height=\"150\" src=\"https:\/\/www.arquimaster.com.ar\/web\/wp-content\/uploads\/2021\/10\/edificio_honduras13-150x150.jpg\" class=\"attachment-thumbnail size-thumbnail\" alt=\"Edificio de oficinas Honduras 5550 \/ Forcinito Arquitectos\" aria-describedby=\"gallery-1-67488\" \/><\/a>\n\t\t\t<\/div>\n\t\t\t\t<figcaption class='wp-caption-text gallery-caption' id='gallery-1-67488'>\n\t\t\t\tEdificio de oficinas Honduras 5550 \/ Forcinito Arquitectos (\u00a9 Albano Garcia)\n\t\t\t\t<\/figcaption><\/figure><figure class='gallery-item'>\n\t\t\t<div class='gallery-icon landscape'>\n\t\t\t\t<a href='https:\/\/www.arquimaster.com.ar\/web\/wp-content\/uploads\/2021\/10\/edificio_honduras14.jpg' title=\"Edificio de oficinas Honduras 5550 \/ Forcinito Arquitectos (\u00a9 Albano Garcia)\" data-rl_title=\"Edificio de oficinas Honduras 5550 \/ Forcinito Arquitectos (\u00a9 Albano Garcia)\" class=\"rl-gallery-link\" data-rl_caption=\"Edificio de oficinas Honduras 5550 \/ Forcinito Arquitectos (\u00a9 Albano Garcia)\" data-rel=\"lightbox-gallery-1\"><img loading=\"lazy\" decoding=\"async\" width=\"150\" height=\"150\" src=\"https:\/\/www.arquimaster.com.ar\/web\/wp-content\/uploads\/2021\/10\/edificio_honduras14-150x150.jpg\" class=\"attachment-thumbnail size-thumbnail\" alt=\"Edificio de oficinas Honduras 5550 \/ Forcinito Arquitectos\" aria-describedby=\"gallery-1-67489\" \/><\/a>\n\t\t\t<\/div>\n\t\t\t\t<figcaption class='wp-caption-text gallery-caption' id='gallery-1-67489'>\n\t\t\t\tEdificio de oficinas Honduras 5550 \/ Forcinito Arquitectos (\u00a9 Albano Garcia)\n\t\t\t\t<\/figcaption><\/figure><figure class='gallery-item'>\n\t\t\t<div class='gallery-icon landscape'>\n\t\t\t\t<a href='https:\/\/www.arquimaster.com.ar\/web\/wp-content\/uploads\/2021\/10\/edificio_honduras15.jpg' title=\"Edificio de oficinas Honduras 5550 \/ Forcinito Arquitectos (\u00a9 Albano Garcia)\" data-rl_title=\"Edificio de oficinas Honduras 5550 \/ Forcinito Arquitectos (\u00a9 Albano Garcia)\" class=\"rl-gallery-link\" data-rl_caption=\"Edificio de oficinas Honduras 5550 \/ Forcinito Arquitectos (\u00a9 Albano Garcia)\" data-rel=\"lightbox-gallery-1\"><img loading=\"lazy\" decoding=\"async\" width=\"150\" height=\"150\" src=\"https:\/\/www.arquimaster.com.ar\/web\/wp-content\/uploads\/2021\/10\/edificio_honduras15-150x150.jpg\" class=\"attachment-thumbnail size-thumbnail\" alt=\"Edificio de oficinas Honduras 5550 \/ Forcinito Arquitectos\" aria-describedby=\"gallery-1-67490\" \/><\/a>\n\t\t\t<\/div>\n\t\t\t\t<figcaption class='wp-caption-text gallery-caption' id='gallery-1-67490'>\n\t\t\t\tEdificio de oficinas Honduras 5550 \/ Forcinito Arquitectos (\u00a9 Albano Garcia)\n\t\t\t\t<\/figcaption><\/figure><figure class='gallery-item'>\n\t\t\t<div class='gallery-icon landscape'>\n\t\t\t\t<a href='https:\/\/www.arquimaster.com.ar\/web\/wp-content\/uploads\/2021\/10\/edificio_honduras18.jpg' title=\"Edificio de oficinas Honduras 5550 \/ Forcinito Arquitectos (implantacion)\" data-rl_title=\"Edificio de oficinas Honduras 5550 \/ Forcinito Arquitectos (implantacion)\" class=\"rl-gallery-link\" data-rl_caption=\"Edificio de oficinas Honduras 5550 \/ Forcinito Arquitectos (implantacion)\" data-rel=\"lightbox-gallery-1\"><img loading=\"lazy\" decoding=\"async\" width=\"150\" height=\"150\" src=\"https:\/\/www.arquimaster.com.ar\/web\/wp-content\/uploads\/2021\/10\/edificio_honduras18-150x150.jpg\" class=\"attachment-thumbnail size-thumbnail\" alt=\"Edificio de oficinas Honduras 5550 \/ Forcinito Arquitectos\" aria-describedby=\"gallery-1-67493\" \/><\/a>\n\t\t\t<\/div>\n\t\t\t\t<figcaption class='wp-caption-text gallery-caption' id='gallery-1-67493'>\n\t\t\t\tEdificio de oficinas Honduras 5550 \/ Forcinito Arquitectos (implantacion)\n\t\t\t\t<\/figcaption><\/figure><figure class='gallery-item'>\n\t\t\t<div class='gallery-icon landscape'>\n\t\t\t\t<a href='https:\/\/www.arquimaster.com.ar\/web\/wp-content\/uploads\/2021\/10\/edificio_honduras19.jpg' title=\"Edificio de oficinas Honduras 5550 \/ Forcinito Arquitectos (planta subsuelo)\" data-rl_title=\"Edificio de oficinas Honduras 5550 \/ Forcinito Arquitectos (planta subsuelo)\" class=\"rl-gallery-link\" data-rl_caption=\"Edificio de oficinas Honduras 5550 \/ Forcinito Arquitectos (planta subsuelo)\" data-rel=\"lightbox-gallery-1\"><img loading=\"lazy\" decoding=\"async\" width=\"150\" height=\"150\" src=\"https:\/\/www.arquimaster.com.ar\/web\/wp-content\/uploads\/2021\/10\/edificio_honduras19-150x150.jpg\" class=\"attachment-thumbnail size-thumbnail\" alt=\"Edificio de oficinas Honduras 5550 \/ Forcinito Arquitectos\" aria-describedby=\"gallery-1-67494\" \/><\/a>\n\t\t\t<\/div>\n\t\t\t\t<figcaption class='wp-caption-text gallery-caption' id='gallery-1-67494'>\n\t\t\t\tEdificio de oficinas Honduras 5550 \/ Forcinito Arquitectos (planta subsuelo)\n\t\t\t\t<\/figcaption><\/figure><figure class='gallery-item'>\n\t\t\t<div class='gallery-icon landscape'>\n\t\t\t\t<a href='https:\/\/www.arquimaster.com.ar\/web\/wp-content\/uploads\/2021\/10\/edificio_honduras20.jpg' title=\"Edificio de oficinas Honduras 5550 \/ Forcinito Arquitectos (planta baja)\" data-rl_title=\"Edificio de oficinas Honduras 5550 \/ Forcinito Arquitectos (planta baja)\" class=\"rl-gallery-link\" data-rl_caption=\"Edificio de oficinas Honduras 5550 \/ Forcinito Arquitectos (planta baja)\" data-rel=\"lightbox-gallery-1\"><img loading=\"lazy\" decoding=\"async\" width=\"150\" height=\"150\" src=\"https:\/\/www.arquimaster.com.ar\/web\/wp-content\/uploads\/2021\/10\/edificio_honduras20-150x150.jpg\" class=\"attachment-thumbnail size-thumbnail\" alt=\"Edificio de oficinas Honduras 5550 \/ Forcinito Arquitectos\" aria-describedby=\"gallery-1-67495\" \/><\/a>\n\t\t\t<\/div>\n\t\t\t\t<figcaption class='wp-caption-text gallery-caption' id='gallery-1-67495'>\n\t\t\t\tEdificio de oficinas Honduras 5550 \/ Forcinito Arquitectos (planta baja)\n\t\t\t\t<\/figcaption><\/figure><figure class='gallery-item'>\n\t\t\t<div class='gallery-icon landscape'>\n\t\t\t\t<a href='https:\/\/www.arquimaster.com.ar\/web\/wp-content\/uploads\/2021\/10\/edificio_honduras21.jpg' title=\"Edificio de oficinas Honduras 5550 \/ Forcinito Arquitectos (planta entrepiso)\" data-rl_title=\"Edificio de oficinas Honduras 5550 \/ Forcinito Arquitectos (planta entrepiso)\" class=\"rl-gallery-link\" data-rl_caption=\"Edificio de oficinas Honduras 5550 \/ Forcinito Arquitectos (planta entrepiso)\" data-rel=\"lightbox-gallery-1\"><img loading=\"lazy\" decoding=\"async\" width=\"150\" height=\"150\" src=\"https:\/\/www.arquimaster.com.ar\/web\/wp-content\/uploads\/2021\/10\/edificio_honduras21-150x150.jpg\" class=\"attachment-thumbnail size-thumbnail\" alt=\"Edificio de oficinas Honduras 5550 \/ Forcinito Arquitectos\" aria-describedby=\"gallery-1-67496\" \/><\/a>\n\t\t\t<\/div>\n\t\t\t\t<figcaption class='wp-caption-text gallery-caption' id='gallery-1-67496'>\n\t\t\t\tEdificio de oficinas Honduras 5550 \/ Forcinito Arquitectos (planta entrepiso)\n\t\t\t\t<\/figcaption><\/figure><figure class='gallery-item'>\n\t\t\t<div class='gallery-icon landscape'>\n\t\t\t\t<a href='https:\/\/www.arquimaster.com.ar\/web\/wp-content\/uploads\/2021\/10\/edificio_honduras22.jpg' title=\"Edificio de oficinas Honduras 5550 \/ Forcinito Arquitectos (planta tipo)\" data-rl_title=\"Edificio de oficinas Honduras 5550 \/ Forcinito Arquitectos (planta tipo)\" class=\"rl-gallery-link\" data-rl_caption=\"Edificio de oficinas Honduras 5550 \/ Forcinito Arquitectos (planta tipo)\" data-rel=\"lightbox-gallery-1\"><img loading=\"lazy\" decoding=\"async\" width=\"150\" height=\"150\" src=\"https:\/\/www.arquimaster.com.ar\/web\/wp-content\/uploads\/2021\/10\/edificio_honduras22-150x150.jpg\" class=\"attachment-thumbnail size-thumbnail\" alt=\"Edificio de oficinas Honduras 5550 \/ Forcinito Arquitectos\" aria-describedby=\"gallery-1-67497\" \/><\/a>\n\t\t\t<\/div>\n\t\t\t\t<figcaption class='wp-caption-text gallery-caption' id='gallery-1-67497'>\n\t\t\t\tEdificio de oficinas Honduras 5550 \/ Forcinito Arquitectos (planta tipo)\n\t\t\t\t<\/figcaption><\/figure><figure class='gallery-item'>\n\t\t\t<div class='gallery-icon landscape'>\n\t\t\t\t<a href='https:\/\/www.arquimaster.com.ar\/web\/wp-content\/uploads\/2021\/10\/edificio_honduras23.jpg' title=\"Edificio de oficinas Honduras 5550 \/ Forcinito Arquitectos (planta 6\u00ba piso)\" data-rl_title=\"Edificio de oficinas Honduras 5550 \/ Forcinito Arquitectos (planta 6\u00ba piso)\" class=\"rl-gallery-link\" data-rl_caption=\"Edificio de oficinas Honduras 5550 \/ Forcinito Arquitectos (planta 6\u00ba piso)\" data-rel=\"lightbox-gallery-1\"><img loading=\"lazy\" decoding=\"async\" width=\"150\" height=\"150\" src=\"https:\/\/www.arquimaster.com.ar\/web\/wp-content\/uploads\/2021\/10\/edificio_honduras23-150x150.jpg\" class=\"attachment-thumbnail size-thumbnail\" alt=\"Edificio de oficinas Honduras 5550 \/ Forcinito Arquitectos\" aria-describedby=\"gallery-1-67498\" \/><\/a>\n\t\t\t<\/div>\n\t\t\t\t<figcaption class='wp-caption-text gallery-caption' id='gallery-1-67498'>\n\t\t\t\tEdificio de oficinas Honduras 5550 \/ Forcinito Arquitectos (planta 6\u00ba piso)\n\t\t\t\t<\/figcaption><\/figure><figure class='gallery-item'>\n\t\t\t<div class='gallery-icon landscape'>\n\t\t\t\t<a href='https:\/\/www.arquimaster.com.ar\/web\/wp-content\/uploads\/2021\/10\/edificio_honduras24.jpg' title=\"Edificio de oficinas Honduras 5550 \/ Forcinito Arquitectos (planta 7\u00ba piso)\" data-rl_title=\"Edificio de oficinas Honduras 5550 \/ Forcinito Arquitectos (planta 7\u00ba piso)\" class=\"rl-gallery-link\" data-rl_caption=\"Edificio de oficinas Honduras 5550 \/ Forcinito Arquitectos (planta 7\u00ba piso)\" data-rel=\"lightbox-gallery-1\"><img loading=\"lazy\" decoding=\"async\" width=\"150\" height=\"150\" src=\"https:\/\/www.arquimaster.com.ar\/web\/wp-content\/uploads\/2021\/10\/edificio_honduras24-150x150.jpg\" class=\"attachment-thumbnail size-thumbnail\" alt=\"Edificio de oficinas Honduras 5550 \/ Forcinito Arquitectos\" aria-describedby=\"gallery-1-67499\" \/><\/a>\n\t\t\t<\/div>\n\t\t\t\t<figcaption class='wp-caption-text gallery-caption' id='gallery-1-67499'>\n\t\t\t\tEdificio de oficinas Honduras 5550 \/ Forcinito Arquitectos (planta 7\u00ba piso)\n\t\t\t\t<\/figcaption><\/figure><figure class='gallery-item'>\n\t\t\t<div class='gallery-icon landscape'>\n\t\t\t\t<a href='https:\/\/www.arquimaster.com.ar\/web\/wp-content\/uploads\/2021\/10\/edificio_honduras25.jpg' title=\"Edificio de oficinas Honduras 5550 \/ Forcinito Arquitectos (corte)\" data-rl_title=\"Edificio de oficinas Honduras 5550 \/ Forcinito Arquitectos (corte)\" class=\"rl-gallery-link\" data-rl_caption=\"Edificio de oficinas Honduras 5550 \/ Forcinito Arquitectos (corte)\" data-rel=\"lightbox-gallery-1\"><img loading=\"lazy\" decoding=\"async\" width=\"150\" height=\"150\" src=\"https:\/\/www.arquimaster.com.ar\/web\/wp-content\/uploads\/2021\/10\/edificio_honduras25-150x150.jpg\" class=\"attachment-thumbnail size-thumbnail\" alt=\"Edificio de oficinas Honduras 5550 \/ Forcinito Arquitectos\" aria-describedby=\"gallery-1-67500\" \/><\/a>\n\t\t\t<\/div>\n\t\t\t\t<figcaption class='wp-caption-text gallery-caption' id='gallery-1-67500'>\n\t\t\t\tEdificio de oficinas Honduras 5550 \/ Forcinito Arquitectos (corte)\n\t\t\t\t<\/figcaption><\/figure><figure class='gallery-item'>\n\t\t\t<div class='gallery-icon landscape'>\n\t\t\t\t<a href='https:\/\/www.arquimaster.com.ar\/web\/wp-content\/uploads\/2021\/10\/edificio_honduras26.jpg' title=\"Edificio de oficinas Honduras 5550 \/ Forcinito Arquitectos (corte)\" data-rl_title=\"Edificio de oficinas Honduras 5550 \/ Forcinito Arquitectos (corte)\" class=\"rl-gallery-link\" data-rl_caption=\"Edificio de oficinas Honduras 5550 \/ Forcinito Arquitectos (corte)\" data-rel=\"lightbox-gallery-1\"><img loading=\"lazy\" decoding=\"async\" width=\"150\" height=\"150\" src=\"https:\/\/www.arquimaster.com.ar\/web\/wp-content\/uploads\/2021\/10\/edificio_honduras26-150x150.jpg\" class=\"attachment-thumbnail size-thumbnail\" alt=\"Edificio de oficinas Honduras 5550 \/ Forcinito Arquitectos\" aria-describedby=\"gallery-1-67501\" \/><\/a>\n\t\t\t<\/div>\n\t\t\t\t<figcaption class='wp-caption-text gallery-caption' id='gallery-1-67501'>\n\t\t\t\tEdificio de oficinas Honduras 5550 \/ Forcinito Arquitectos (corte)\n\t\t\t\t<\/figcaption><\/figure><figure class='gallery-item'>\n\t\t\t<div class='gallery-icon landscape'>\n\t\t\t\t<a href='https:\/\/www.arquimaster.com.ar\/web\/wp-content\/uploads\/2021\/10\/edificio_honduras27.jpg' title=\"Edificio de oficinas Honduras 5550 \/ Forcinito Arquitectos (corte)\" data-rl_title=\"Edificio de oficinas Honduras 5550 \/ Forcinito Arquitectos (corte)\" class=\"rl-gallery-link\" data-rl_caption=\"Edificio de oficinas Honduras 5550 \/ Forcinito Arquitectos (corte)\" data-rel=\"lightbox-gallery-1\"><img loading=\"lazy\" decoding=\"async\" width=\"150\" height=\"150\" src=\"https:\/\/www.arquimaster.com.ar\/web\/wp-content\/uploads\/2021\/10\/edificio_honduras27-150x150.jpg\" class=\"attachment-thumbnail size-thumbnail\" alt=\"Edificio de oficinas Honduras 5550 \/ Forcinito Arquitectos\" aria-describedby=\"gallery-1-67502\" \/><\/a>\n\t\t\t<\/div>\n\t\t\t\t<figcaption class='wp-caption-text gallery-caption' id='gallery-1-67502'>\n\t\t\t\tEdificio de oficinas Honduras 5550 \/ Forcinito Arquitectos (corte)\n\t\t\t\t<\/figcaption><\/figure><figure class='gallery-item'>\n\t\t\t<div class='gallery-icon portrait'>\n\t\t\t\t<a href='https:\/\/www.arquimaster.com.ar\/web\/wp-content\/uploads\/2021\/10\/edificio_honduras28.jpg' title=\"Edificio de oficinas Honduras 5550 \/ Forcinito Arquitectos (corte)\" data-rl_title=\"Edificio de oficinas Honduras 5550 \/ Forcinito Arquitectos (corte)\" class=\"rl-gallery-link\" data-rl_caption=\"Edificio de oficinas Honduras 5550 \/ Forcinito Arquitectos (corte)\" data-rel=\"lightbox-gallery-1\"><img loading=\"lazy\" decoding=\"async\" width=\"150\" height=\"150\" src=\"https:\/\/www.arquimaster.com.ar\/web\/wp-content\/uploads\/2021\/10\/edificio_honduras28-150x150.jpg\" class=\"attachment-thumbnail size-thumbnail\" alt=\"Edificio de oficinas Honduras 5550 \/ Forcinito Arquitectos\" aria-describedby=\"gallery-1-67503\" \/><\/a>\n\t\t\t<\/div>\n\t\t\t\t<figcaption class='wp-caption-text gallery-caption' id='gallery-1-67503'>\n\t\t\t\tEdificio de oficinas Honduras 5550 \/ Forcinito Arquitectos (corte)\n\t\t\t\t<\/figcaption><\/figure><figure class='gallery-item'>\n\t\t\t<div class='gallery-icon landscape'>\n\t\t\t\t<a href='https:\/\/www.arquimaster.com.ar\/web\/wp-content\/uploads\/2021\/10\/edificio_honduras29.jpg' title=\"Edificio de oficinas Honduras 5550 \/ Forcinito Arquitectos (vista)\" data-rl_title=\"Edificio de oficinas Honduras 5550 \/ Forcinito Arquitectos (vista)\" class=\"rl-gallery-link\" data-rl_caption=\"Edificio de oficinas Honduras 5550 \/ Forcinito Arquitectos (vista)\" data-rel=\"lightbox-gallery-1\"><img loading=\"lazy\" decoding=\"async\" width=\"150\" height=\"150\" src=\"https:\/\/www.arquimaster.com.ar\/web\/wp-content\/uploads\/2021\/10\/edificio_honduras29-150x150.jpg\" class=\"attachment-thumbnail size-thumbnail\" alt=\"Edificio de oficinas Honduras 5550 \/ Forcinito Arquitectos\" aria-describedby=\"gallery-1-67504\" \/><\/a>\n\t\t\t<\/div>\n\t\t\t\t<figcaption class='wp-caption-text gallery-caption' id='gallery-1-67504'>\n\t\t\t\tEdificio de oficinas Honduras 5550 \/ Forcinito Arquitectos (vista)\n\t\t\t\t<\/figcaption><\/figure><figure class='gallery-item'>\n\t\t\t<div class='gallery-icon landscape'>\n\t\t\t\t<a href='https:\/\/www.arquimaster.com.ar\/web\/wp-content\/uploads\/2021\/10\/edificio_honduras30.jpg' title=\"Edificio de oficinas Honduras 5550 \/ Forcinito Arquitectos (axonometria)\" data-rl_title=\"Edificio de oficinas Honduras 5550 \/ Forcinito Arquitectos (axonometria)\" class=\"rl-gallery-link\" data-rl_caption=\"Edificio de oficinas Honduras 5550 \/ Forcinito Arquitectos (axonometria)\" data-rel=\"lightbox-gallery-1\"><img loading=\"lazy\" decoding=\"async\" width=\"150\" height=\"150\" src=\"https:\/\/www.arquimaster.com.ar\/web\/wp-content\/uploads\/2021\/10\/edificio_honduras30-150x150.jpg\" class=\"attachment-thumbnail size-thumbnail\" alt=\"Edificio de oficinas Honduras 5550 \/ Forcinito Arquitectos\" aria-describedby=\"gallery-1-67505\" \/><\/a>\n\t\t\t<\/div>\n\t\t\t\t<figcaption class='wp-caption-text gallery-caption' id='gallery-1-67505'>\n\t\t\t\tEdificio de oficinas Honduras 5550 \/ Forcinito Arquitectos (axonometria)\n\t\t\t\t<\/figcaption><\/figure>\n\t\t<\/div>\n\n<p>Las plantas superiores est\u00e1n resueltas con c\u00e9lulas de trabajo en doble cruj\u00eda, hacia el frente y el contrafrente, con un retiro que genera una doble fachada que da respuesta a aspectos funcionales y clim\u00e1ticos.<\/p>\n<p>En dichas expansiones es posible la vegetaci\u00f3n, propiciando el encuentro, adem\u00e1s de mejorar las condiciones de trabajo al tamizar la incidencia solar y sonora del exterior.<\/p>\n<p>En esa b\u00fasqueda, parasoles de vidrio m\u00f3viles que se adaptan al desplazamiento del sol, configuran dentro de unos marcos de hormig\u00f3n visto, un ritmo y modulaci\u00f3n a la fachada con una mirada contempor\u00e1nea.<\/p>\n<p>El edificio trabaja inteligentemente el corte, desarrollando un nivel de acceso integrado a los subsuelos ampliando las superficies de cocheras hacia el fondo del solar.<\/p>\n<p>Finalmente, los retiros por c\u00f3digo de los \u00faltimos dos niveles permiten coronar ese gran marco de hormig\u00f3n con vegetaci\u00f3n, y dotar a esos niveles de un criterio formal m\u00e1s silencioso y criterioso con su ubicaci\u00f3n en el edificio.<\/p>\n<p><strong>Ficha t\u00e9cnica<\/strong><br \/>Nombre: Edificio de oficinas Honduras 5550<br \/>Ubicaci\u00f3n: Honduras 5550, Palermo, Ciudad de Buenos Aires, Argentina<br \/>Autor: Mart\u00edn Forcinito<br \/>Coautores: Fernando Camps, Estudio Aisenson, Teodoro Tenenbaum<br \/>Colaboradores: Laura Garcia Bo, Leonardo Buffa<br \/>Cantidad de UFS: 55<br \/>Tipolog\u00edas: Oficinas<br \/>Superficie: 8.468 m2 (construida)<br \/>A\u00f1o de finalizaci\u00f3n: 2014<br \/>Fotograf\u00edas: Albano Garcia<\/p>\n<p><strong>Contacto<\/strong><br \/><a href=\"https:\/\/www.forcinitoarqs.com\/\" target=\"_blank\" rel=\"noopener\">https:\/\/www.forcinitoarqs.com\/<\/a><\/p>\n\n\n<div style=\"height:20px\" aria-hidden=\"true\" class=\"wp-block-spacer\"><\/div>\n\n\n<p><strong><em>English version<\/em><\/strong><\/p>\n<p><em>Located in the heart of Palermo Hollywood, this large-fronted building on Honduras Street, solves a program of offices and commercial premises with a proposal that respects the traditional scale of the neighborhood.<\/em><\/p>\n<p><em>The upper floors are resolved with work cells in double bay, towards the front and the quiet part of the building, with a retreat that generates a double facade that responds to functional and climatic aspects.<\/em><\/p>\n<p><em>In these expansions, vegetation is possible, promoting the encounter, in addition to improving the working conditions by sifting the solar and noise incidence from the outside.In this search, mobile glass parasols that adapt to the movement of the sun, configure within frames of exposed concrete, a rhythm and modulation to the facade with a contemporary look.<\/em><\/p>\n<p><em>The building intelligently works the cut, developing an integrated access level to the subfloors, expanding the garage surfaces towards the bottom of the site.<\/em><\/p>\n<p><em>Finally, the retreats by code of the last two levels make it possible to crown this large concrete frame with vegetation, and provide those levels with a more silent and judicious formal criterion with their location in the building.<\/em><\/p>\n<div style=\"font-size: 0px; height: 0px; line-height: 0px; margin: 0; padding: 0; clear: both;\"><\/div><div style=\"margin-top: 0px; margin-bottom: 0px;\" class=\"sharethis-inline-share-buttons\" ><\/div>","protected":false},"excerpt":{"rendered":"<p>Parasoles de vidrio m\u00f3viles se adaptan al desplazamiento del sol&#8230;<\/p>\n","protected":false},"author":1,"featured_media":67475,"comment_status":"closed","ping_status":"closed","sticky":false,"template":"","format":"standard","meta":{"_uag_custom_page_level_css":"","footnotes":""},"categories":[76,1],"tags":[762,1362,16,1506,6506,3850,7194,7192,1513,7193,297,2989],"class_list":["post-67474","post","type-post","status-publish","format-standard","has-post-thumbnail","hentry","category-arquitectura-corporativa","category-proyecto","tag-aisenson","tag-arquitectura-corporativa-2","tag-buenos-aires","tag-edificio-corporativo","tag-edificio-de-oficinas","tag-estudio-aisenson","tag-fernando-camps","tag-forcinito-arquitectos","tag-local-comercial","tag-martin-forcinito","tag-palermo","tag-palermo-hollywood","generate-columns","tablet-grid-50","mobile-grid-100","grid-parent","grid-50"],"yoast_head":"<!-- This site is optimized with the Yoast SEO plugin v27.3 - https:\/\/yoast.com\/product\/yoast-seo-wordpress\/ -->\n<title>Edificio de oficinas Honduras 5550 \/ Forcinito Arquitectos - Arquimaster<\/title>\n<meta name=\"description\" content=\"Parasoles de vidrio m\u00f3viles que se adaptan al desplazamiento del sol configuran un ritmo y modulaci\u00f3n con una mirada contempor\u00e1nea.\" \/>\n<meta name=\"robots\" content=\"index, follow, max-snippet:-1, max-image-preview:large, max-video-preview:-1\" \/>\n<link rel=\"canonical\" href=\"https:\/\/www.arquimaster.com.ar\/web\/edificio-de-oficinas-honduras-5550-forcinito-arquitectos\/\" \/>\n<meta property=\"og:locale\" content=\"es_ES\" \/>\n<meta property=\"og:type\" content=\"article\" \/>\n<meta property=\"og:title\" content=\"Edificio de oficinas Honduras 5550 \/ Forcinito Arquitectos\" \/>\n<meta property=\"og:description\" content=\"Parasoles de vidrio m\u00f3viles que se adaptan al desplazamiento del sol configuran un ritmo y modulaci\u00f3n con una mirada contempor\u00e1nea.\" \/>\n<meta property=\"og:url\" content=\"https:\/\/www.arquimaster.com.ar\/web\/edificio-de-oficinas-honduras-5550-forcinito-arquitectos\/\" \/>\n<meta property=\"og:site_name\" content=\"Arquimaster\" \/>\n<meta property=\"article:publisher\" content=\"http:\/\/www.facebook.com\/ARQUIMASTER.com.ar\" \/>\n<meta property=\"article:published_time\" content=\"2021-10-06T23:25:02+00:00\" \/>\n<meta property=\"article:modified_time\" content=\"2022-06-19T19:34:30+00:00\" \/>\n<meta property=\"og:image\" content=\"https:\/\/www.arquimaster.com.ar\/web\/wp-content\/uploads\/2021\/10\/edificio_honduras_slide.jpg\" \/>\n\t<meta property=\"og:image:width\" content=\"698\" \/>\n\t<meta property=\"og:image:height\" content=\"364\" \/>\n\t<meta property=\"og:image:type\" content=\"image\/jpeg\" \/>\n<meta name=\"author\" content=\"Arquimaster\" \/>\n<meta name=\"twitter:card\" content=\"summary_large_image\" \/>\n<meta name=\"twitter:title\" content=\"Edificio de oficinas Honduras 5550 \/ Forcinito Arquitectos\" \/>\n<meta name=\"twitter:description\" content=\"Parasoles de vidrio m\u00f3viles que se adaptan al desplazamiento del sol configuran un ritmo y modulaci\u00f3n con una mirada contempor\u00e1nea.\" \/>\n<meta name=\"twitter:image\" content=\"https:\/\/www.arquimaster.com.ar\/web\/wp-content\/uploads\/2021\/10\/edificio_honduras_slide.jpg\" \/>\n<meta name=\"twitter:creator\" content=\"@arquimaster\" \/>\n<meta name=\"twitter:site\" content=\"@arquimaster\" \/>\n<meta name=\"twitter:label1\" content=\"Escrito por\" \/>\n\t<meta name=\"twitter:data1\" content=\"Arquimaster\" \/>\n\t<meta name=\"twitter:label2\" content=\"Tiempo de lectura\" \/>\n\t<meta name=\"twitter:data2\" content=\"3 minutos\" \/>\n<script type=\"application\/ld+json\" class=\"yoast-schema-graph\">{\"@context\":\"https:\\\/\\\/schema.org\",\"@graph\":[{\"@type\":\"Article\",\"@id\":\"https:\\\/\\\/www.arquimaster.com.ar\\\/web\\\/edificio-de-oficinas-honduras-5550-forcinito-arquitectos\\\/#article\",\"isPartOf\":{\"@id\":\"https:\\\/\\\/www.arquimaster.com.ar\\\/web\\\/edificio-de-oficinas-honduras-5550-forcinito-arquitectos\\\/\"},\"author\":{\"name\":\"Arquimaster\",\"@id\":\"https:\\\/\\\/www.arquimaster.com.ar\\\/web\\\/#\\\/schema\\\/person\\\/359e9f7c00193fcde068e0dd2ceb0028\"},\"headline\":\"Edificio de oficinas Honduras 5550 \\\/ Forcinito Arquitectos\",\"datePublished\":\"2021-10-06T23:25:02+00:00\",\"dateModified\":\"2022-06-19T19:34:30+00:00\",\"mainEntityOfPage\":{\"@id\":\"https:\\\/\\\/www.arquimaster.com.ar\\\/web\\\/edificio-de-oficinas-honduras-5550-forcinito-arquitectos\\\/\"},\"wordCount\":472,\"publisher\":{\"@id\":\"https:\\\/\\\/www.arquimaster.com.ar\\\/web\\\/#organization\"},\"image\":{\"@id\":\"https:\\\/\\\/www.arquimaster.com.ar\\\/web\\\/edificio-de-oficinas-honduras-5550-forcinito-arquitectos\\\/#primaryimage\"},\"thumbnailUrl\":\"https:\\\/\\\/www.arquimaster.com.ar\\\/web\\\/wp-content\\\/uploads\\\/2021\\\/10\\\/edificio_honduras_slide.jpg\",\"keywords\":[\"Aisenson\",\"arquitectura corporativa\",\"Buenos Aires\",\"edificio corporativo\",\"edificio de oficinas\",\"Estudio Aisenson\",\"Fernando Camps\",\"Forcinito Arquitectos\",\"locales comerciales\",\"Martin Forcinito\",\"Palermo\",\"Palermo Hollywood\"],\"articleSection\":[\"Arquitectura corporativa\",\"Proyecto\"],\"inLanguage\":\"es\"},{\"@type\":\"WebPage\",\"@id\":\"https:\\\/\\\/www.arquimaster.com.ar\\\/web\\\/edificio-de-oficinas-honduras-5550-forcinito-arquitectos\\\/\",\"url\":\"https:\\\/\\\/www.arquimaster.com.ar\\\/web\\\/edificio-de-oficinas-honduras-5550-forcinito-arquitectos\\\/\",\"name\":\"Edificio de oficinas Honduras 5550 \\\/ Forcinito Arquitectos - Arquimaster\",\"isPartOf\":{\"@id\":\"https:\\\/\\\/www.arquimaster.com.ar\\\/web\\\/#website\"},\"primaryImageOfPage\":{\"@id\":\"https:\\\/\\\/www.arquimaster.com.ar\\\/web\\\/edificio-de-oficinas-honduras-5550-forcinito-arquitectos\\\/#primaryimage\"},\"image\":{\"@id\":\"https:\\\/\\\/www.arquimaster.com.ar\\\/web\\\/edificio-de-oficinas-honduras-5550-forcinito-arquitectos\\\/#primaryimage\"},\"thumbnailUrl\":\"https:\\\/\\\/www.arquimaster.com.ar\\\/web\\\/wp-content\\\/uploads\\\/2021\\\/10\\\/edificio_honduras_slide.jpg\",\"datePublished\":\"2021-10-06T23:25:02+00:00\",\"dateModified\":\"2022-06-19T19:34:30+00:00\",\"description\":\"Parasoles de vidrio m\u00f3viles que se adaptan al desplazamiento del sol configuran un ritmo y modulaci\u00f3n con una mirada contempor\u00e1nea.\",\"breadcrumb\":{\"@id\":\"https:\\\/\\\/www.arquimaster.com.ar\\\/web\\\/edificio-de-oficinas-honduras-5550-forcinito-arquitectos\\\/#breadcrumb\"},\"inLanguage\":\"es\",\"potentialAction\":[{\"@type\":\"ReadAction\",\"target\":[\"https:\\\/\\\/www.arquimaster.com.ar\\\/web\\\/edificio-de-oficinas-honduras-5550-forcinito-arquitectos\\\/\"]}]},{\"@type\":\"ImageObject\",\"inLanguage\":\"es\",\"@id\":\"https:\\\/\\\/www.arquimaster.com.ar\\\/web\\\/edificio-de-oficinas-honduras-5550-forcinito-arquitectos\\\/#primaryimage\",\"url\":\"https:\\\/\\\/www.arquimaster.com.ar\\\/web\\\/wp-content\\\/uploads\\\/2021\\\/10\\\/edificio_honduras_slide.jpg\",\"contentUrl\":\"https:\\\/\\\/www.arquimaster.com.ar\\\/web\\\/wp-content\\\/uploads\\\/2021\\\/10\\\/edificio_honduras_slide.jpg\",\"width\":698,\"height\":364,\"caption\":\"Edificio de oficinas Honduras 5550 \\\/ Forcinito Arquitectos\"},{\"@type\":\"BreadcrumbList\",\"@id\":\"https:\\\/\\\/www.arquimaster.com.ar\\\/web\\\/edificio-de-oficinas-honduras-5550-forcinito-arquitectos\\\/#breadcrumb\",\"itemListElement\":[{\"@type\":\"ListItem\",\"position\":1,\"name\":\"Portada\",\"item\":\"https:\\\/\\\/www.arquimaster.com.ar\\\/web\\\/\"},{\"@type\":\"ListItem\",\"position\":2,\"name\":\"Edificio de oficinas Honduras 5550 \\\/ Forcinito Arquitectos\"}]},{\"@type\":\"WebSite\",\"@id\":\"https:\\\/\\\/www.arquimaster.com.ar\\\/web\\\/#website\",\"url\":\"https:\\\/\\\/www.arquimaster.com.ar\\\/web\\\/\",\"name\":\"Arquimaster\",\"description\":\"Web de arquitectura, dise\u00f1o y construccion\",\"publisher\":{\"@id\":\"https:\\\/\\\/www.arquimaster.com.ar\\\/web\\\/#organization\"},\"potentialAction\":[{\"@type\":\"SearchAction\",\"target\":{\"@type\":\"EntryPoint\",\"urlTemplate\":\"https:\\\/\\\/www.arquimaster.com.ar\\\/web\\\/?s={search_term_string}\"},\"query-input\":{\"@type\":\"PropertyValueSpecification\",\"valueRequired\":true,\"valueName\":\"search_term_string\"}}],\"inLanguage\":\"es\"},{\"@type\":\"Organization\",\"@id\":\"https:\\\/\\\/www.arquimaster.com.ar\\\/web\\\/#organization\",\"name\":\"Arquimaster\",\"url\":\"https:\\\/\\\/www.arquimaster.com.ar\\\/web\\\/\",\"logo\":{\"@type\":\"ImageObject\",\"inLanguage\":\"es\",\"@id\":\"https:\\\/\\\/www.arquimaster.com.ar\\\/web\\\/#\\\/schema\\\/logo\\\/image\\\/\",\"url\":\"https:\\\/\\\/www.arquimaster.com.ar\\\/web\\\/wp-content\\\/uploads\\\/2022\\\/06\\\/arquimaster.png\",\"contentUrl\":\"https:\\\/\\\/www.arquimaster.com.ar\\\/web\\\/wp-content\\\/uploads\\\/2022\\\/06\\\/arquimaster.png\",\"width\":594,\"height\":78,\"caption\":\"Arquimaster\"},\"image\":{\"@id\":\"https:\\\/\\\/www.arquimaster.com.ar\\\/web\\\/#\\\/schema\\\/logo\\\/image\\\/\"},\"sameAs\":[\"http:\\\/\\\/www.facebook.com\\\/ARQUIMASTER.com.ar\",\"https:\\\/\\\/x.com\\\/arquimaster\",\"https:\\\/\\\/www.instagram.com\\\/arquimasterblog\\\/\",\"https:\\\/\\\/www.linkedin.com\\\/company\\\/arquimaster\",\"https:\\\/\\\/www.pinterest.com\\\/arquimaster\",\"https:\\\/\\\/t.me\\\/arquimaster\"]},{\"@type\":\"Person\",\"@id\":\"https:\\\/\\\/www.arquimaster.com.ar\\\/web\\\/#\\\/schema\\\/person\\\/359e9f7c00193fcde068e0dd2ceb0028\",\"name\":\"Arquimaster\"}]}<\/script>\n<!-- \/ Yoast SEO plugin. -->","yoast_head_json":{"title":"Edificio de oficinas Honduras 5550 \/ Forcinito Arquitectos - Arquimaster","description":"Parasoles de vidrio m\u00f3viles que se adaptan al desplazamiento del sol configuran un ritmo y modulaci\u00f3n con una mirada contempor\u00e1nea.","robots":{"index":"index","follow":"follow","max-snippet":"max-snippet:-1","max-image-preview":"max-image-preview:large","max-video-preview":"max-video-preview:-1"},"canonical":"https:\/\/www.arquimaster.com.ar\/web\/edificio-de-oficinas-honduras-5550-forcinito-arquitectos\/","og_locale":"es_ES","og_type":"article","og_title":"Edificio de oficinas Honduras 5550 \/ Forcinito Arquitectos","og_description":"Parasoles de vidrio m\u00f3viles que se adaptan al desplazamiento del sol configuran un ritmo y modulaci\u00f3n con una mirada contempor\u00e1nea.","og_url":"https:\/\/www.arquimaster.com.ar\/web\/edificio-de-oficinas-honduras-5550-forcinito-arquitectos\/","og_site_name":"Arquimaster","article_publisher":"http:\/\/www.facebook.com\/ARQUIMASTER.com.ar","article_published_time":"2021-10-06T23:25:02+00:00","article_modified_time":"2022-06-19T19:34:30+00:00","og_image":[{"width":698,"height":364,"url":"https:\/\/www.arquimaster.com.ar\/web\/wp-content\/uploads\/2021\/10\/edificio_honduras_slide.jpg","type":"image\/jpeg"}],"author":"Arquimaster","twitter_card":"summary_large_image","twitter_title":"Edificio de oficinas Honduras 5550 \/ Forcinito Arquitectos","twitter_description":"Parasoles de vidrio m\u00f3viles que se adaptan al desplazamiento del sol configuran un ritmo y modulaci\u00f3n con una mirada contempor\u00e1nea.","twitter_image":"https:\/\/www.arquimaster.com.ar\/web\/wp-content\/uploads\/2021\/10\/edificio_honduras_slide.jpg","twitter_creator":"@arquimaster","twitter_site":"@arquimaster","twitter_misc":{"Escrito por":"Arquimaster","Tiempo de lectura":"3 minutos"},"schema":{"@context":"https:\/\/schema.org","@graph":[{"@type":"Article","@id":"https:\/\/www.arquimaster.com.ar\/web\/edificio-de-oficinas-honduras-5550-forcinito-arquitectos\/#article","isPartOf":{"@id":"https:\/\/www.arquimaster.com.ar\/web\/edificio-de-oficinas-honduras-5550-forcinito-arquitectos\/"},"author":{"name":"Arquimaster","@id":"https:\/\/www.arquimaster.com.ar\/web\/#\/schema\/person\/359e9f7c00193fcde068e0dd2ceb0028"},"headline":"Edificio de oficinas Honduras 5550 \/ Forcinito Arquitectos","datePublished":"2021-10-06T23:25:02+00:00","dateModified":"2022-06-19T19:34:30+00:00","mainEntityOfPage":{"@id":"https:\/\/www.arquimaster.com.ar\/web\/edificio-de-oficinas-honduras-5550-forcinito-arquitectos\/"},"wordCount":472,"publisher":{"@id":"https:\/\/www.arquimaster.com.ar\/web\/#organization"},"image":{"@id":"https:\/\/www.arquimaster.com.ar\/web\/edificio-de-oficinas-honduras-5550-forcinito-arquitectos\/#primaryimage"},"thumbnailUrl":"https:\/\/www.arquimaster.com.ar\/web\/wp-content\/uploads\/2021\/10\/edificio_honduras_slide.jpg","keywords":["Aisenson","arquitectura corporativa","Buenos Aires","edificio corporativo","edificio de oficinas","Estudio Aisenson","Fernando Camps","Forcinito Arquitectos","locales comerciales","Martin Forcinito","Palermo","Palermo Hollywood"],"articleSection":["Arquitectura corporativa","Proyecto"],"inLanguage":"es"},{"@type":"WebPage","@id":"https:\/\/www.arquimaster.com.ar\/web\/edificio-de-oficinas-honduras-5550-forcinito-arquitectos\/","url":"https:\/\/www.arquimaster.com.ar\/web\/edificio-de-oficinas-honduras-5550-forcinito-arquitectos\/","name":"Edificio de oficinas Honduras 5550 \/ Forcinito Arquitectos - Arquimaster","isPartOf":{"@id":"https:\/\/www.arquimaster.com.ar\/web\/#website"},"primaryImageOfPage":{"@id":"https:\/\/www.arquimaster.com.ar\/web\/edificio-de-oficinas-honduras-5550-forcinito-arquitectos\/#primaryimage"},"image":{"@id":"https:\/\/www.arquimaster.com.ar\/web\/edificio-de-oficinas-honduras-5550-forcinito-arquitectos\/#primaryimage"},"thumbnailUrl":"https:\/\/www.arquimaster.com.ar\/web\/wp-content\/uploads\/2021\/10\/edificio_honduras_slide.jpg","datePublished":"2021-10-06T23:25:02+00:00","dateModified":"2022-06-19T19:34:30+00:00","description":"Parasoles de vidrio m\u00f3viles que se adaptan al desplazamiento del sol configuran un ritmo y modulaci\u00f3n con una mirada contempor\u00e1nea.","breadcrumb":{"@id":"https:\/\/www.arquimaster.com.ar\/web\/edificio-de-oficinas-honduras-5550-forcinito-arquitectos\/#breadcrumb"},"inLanguage":"es","potentialAction":[{"@type":"ReadAction","target":["https:\/\/www.arquimaster.com.ar\/web\/edificio-de-oficinas-honduras-5550-forcinito-arquitectos\/"]}]},{"@type":"ImageObject","inLanguage":"es","@id":"https:\/\/www.arquimaster.com.ar\/web\/edificio-de-oficinas-honduras-5550-forcinito-arquitectos\/#primaryimage","url":"https:\/\/www.arquimaster.com.ar\/web\/wp-content\/uploads\/2021\/10\/edificio_honduras_slide.jpg","contentUrl":"https:\/\/www.arquimaster.com.ar\/web\/wp-content\/uploads\/2021\/10\/edificio_honduras_slide.jpg","width":698,"height":364,"caption":"Edificio de oficinas Honduras 5550 \/ Forcinito Arquitectos"},{"@type":"BreadcrumbList","@id":"https:\/\/www.arquimaster.com.ar\/web\/edificio-de-oficinas-honduras-5550-forcinito-arquitectos\/#breadcrumb","itemListElement":[{"@type":"ListItem","position":1,"name":"Portada","item":"https:\/\/www.arquimaster.com.ar\/web\/"},{"@type":"ListItem","position":2,"name":"Edificio de oficinas Honduras 5550 \/ Forcinito Arquitectos"}]},{"@type":"WebSite","@id":"https:\/\/www.arquimaster.com.ar\/web\/#website","url":"https:\/\/www.arquimaster.com.ar\/web\/","name":"Arquimaster","description":"Web de arquitectura, dise\u00f1o y construccion","publisher":{"@id":"https:\/\/www.arquimaster.com.ar\/web\/#organization"},"potentialAction":[{"@type":"SearchAction","target":{"@type":"EntryPoint","urlTemplate":"https:\/\/www.arquimaster.com.ar\/web\/?s={search_term_string}"},"query-input":{"@type":"PropertyValueSpecification","valueRequired":true,"valueName":"search_term_string"}}],"inLanguage":"es"},{"@type":"Organization","@id":"https:\/\/www.arquimaster.com.ar\/web\/#organization","name":"Arquimaster","url":"https:\/\/www.arquimaster.com.ar\/web\/","logo":{"@type":"ImageObject","inLanguage":"es","@id":"https:\/\/www.arquimaster.com.ar\/web\/#\/schema\/logo\/image\/","url":"https:\/\/www.arquimaster.com.ar\/web\/wp-content\/uploads\/2022\/06\/arquimaster.png","contentUrl":"https:\/\/www.arquimaster.com.ar\/web\/wp-content\/uploads\/2022\/06\/arquimaster.png","width":594,"height":78,"caption":"Arquimaster"},"image":{"@id":"https:\/\/www.arquimaster.com.ar\/web\/#\/schema\/logo\/image\/"},"sameAs":["http:\/\/www.facebook.com\/ARQUIMASTER.com.ar","https:\/\/x.com\/arquimaster","https:\/\/www.instagram.com\/arquimasterblog\/","https:\/\/www.linkedin.com\/company\/arquimaster","https:\/\/www.pinterest.com\/arquimaster","https:\/\/t.me\/arquimaster"]},{"@type":"Person","@id":"https:\/\/www.arquimaster.com.ar\/web\/#\/schema\/person\/359e9f7c00193fcde068e0dd2ceb0028","name":"Arquimaster"}]}},"uagb_featured_image_src":{"full":["https:\/\/www.arquimaster.com.ar\/web\/wp-content\/uploads\/2021\/10\/edificio_honduras_slide.jpg",698,364,false],"thumbnail":["https:\/\/www.arquimaster.com.ar\/web\/wp-content\/uploads\/2021\/10\/edificio_honduras_slide-150x150.jpg",150,150,true],"medium":["https:\/\/www.arquimaster.com.ar\/web\/wp-content\/uploads\/2021\/10\/edificio_honduras_slide.jpg",698,364,false],"medium_large":["https:\/\/www.arquimaster.com.ar\/web\/wp-content\/uploads\/2021\/10\/edificio_honduras_slide.jpg",698,364,false],"large":["https:\/\/www.arquimaster.com.ar\/web\/wp-content\/uploads\/2021\/10\/edificio_honduras_slide.jpg",698,364,false],"1536x1536":["https:\/\/www.arquimaster.com.ar\/web\/wp-content\/uploads\/2021\/10\/edificio_honduras_slide.jpg",698,364,false],"2048x2048":["https:\/\/www.arquimaster.com.ar\/web\/wp-content\/uploads\/2021\/10\/edificio_honduras_slide.jpg",698,364,false]},"uagb_author_info":{"display_name":"Arquimaster","author_link":"https:\/\/www.arquimaster.com.ar\/web\/author\/arquimaster\/"},"uagb_comment_info":0,"uagb_excerpt":"Parasoles de vidrio m\u00f3viles se adaptan al desplazamiento del sol...","_links":{"self":[{"href":"https:\/\/www.arquimaster.com.ar\/web\/wp-json\/wp\/v2\/posts\/67474","targetHints":{"allow":["GET"]}}],"collection":[{"href":"https:\/\/www.arquimaster.com.ar\/web\/wp-json\/wp\/v2\/posts"}],"about":[{"href":"https:\/\/www.arquimaster.com.ar\/web\/wp-json\/wp\/v2\/types\/post"}],"author":[{"embeddable":true,"href":"https:\/\/www.arquimaster.com.ar\/web\/wp-json\/wp\/v2\/users\/1"}],"replies":[{"embeddable":true,"href":"https:\/\/www.arquimaster.com.ar\/web\/wp-json\/wp\/v2\/comments?post=67474"}],"version-history":[{"count":5,"href":"https:\/\/www.arquimaster.com.ar\/web\/wp-json\/wp\/v2\/posts\/67474\/revisions"}],"predecessor-version":[{"id":70818,"href":"https:\/\/www.arquimaster.com.ar\/web\/wp-json\/wp\/v2\/posts\/67474\/revisions\/70818"}],"wp:featuredmedia":[{"embeddable":true,"href":"https:\/\/www.arquimaster.com.ar\/web\/wp-json\/wp\/v2\/media\/67475"}],"wp:attachment":[{"href":"https:\/\/www.arquimaster.com.ar\/web\/wp-json\/wp\/v2\/media?parent=67474"}],"wp:term":[{"taxonomy":"category","embeddable":true,"href":"https:\/\/www.arquimaster.com.ar\/web\/wp-json\/wp\/v2\/categories?post=67474"},{"taxonomy":"post_tag","embeddable":true,"href":"https:\/\/www.arquimaster.com.ar\/web\/wp-json\/wp\/v2\/tags?post=67474"}],"curies":[{"name":"wp","href":"https:\/\/api.w.org\/{rel}","templated":true}]}}