{"id":67508,"date":"2021-10-06T20:45:06","date_gmt":"2021-10-06T23:45:06","guid":{"rendered":"https:\/\/www.arquimaster.com.ar\/web\/?p=67508"},"modified":"2022-06-20T17:46:05","modified_gmt":"2022-06-20T20:46:05","slug":"restaurante-ritmo-formentera-destudio-arquitectura","status":"publish","type":"post","link":"https:\/\/www.arquimaster.com.ar\/web\/restaurante-ritmo-formentera-destudio-arquitectura\/","title":{"rendered":"Restaurante Ritmo Formentera \/ Destudio Arquitectura"},"content":{"rendered":"<div style=\"margin-top: 0px; margin-bottom: 0px;\" class=\"sharethis-inline-share-buttons\" ><\/div><div class=\"b812932af2e751442846f039925109de\" data-index=\"1\" style=\"float: none; margin:25px 0 25px 0; text-align:center;\">\n<script async src=\"https:\/\/pagead2.googlesyndication.com\/pagead\/js\/adsbygoogle.js\"><\/script>\r\n<!-- Arquimaster (superior) -->\r\n<ins class=\"adsbygoogle\"\r\n     style=\"display:block\"\r\n     data-ad-client=\"ca-pub-6351072698456832\"\r\n     data-ad-slot=\"6455489680\"\r\n     data-ad-format=\"auto\"\r\n     data-full-width-responsive=\"true\"><\/ins>\r\n<script>\r\n     (adsbygoogle = window.adsbygoogle || []).push({});\r\n<\/script>\n<\/div>\n<p><strong>Restaurante Ritmo Formentera<\/strong> (Sant Ferran de ses Roques, Formentera, Islas Baleares, Espa\u00f1a) por <strong>Destudio Arquitectura<\/strong>. Despu\u00e9s de pasar el d\u00eda en las paradis\u00edacas playas de la isla de Formentera, Ritmo se piensa como el espacio al que acudir para disfrutar relajadamente de una maravillosa puesta de sol y animarse a medida que la noche mediterr\u00e1nea va tomando protagonismo.<\/p>\n<div id='gallery-1' class='gallery galleryid-67508 gallery-columns-3 gallery-size-thumbnail'><figure class='gallery-item'>\n\t\t\t<div class='gallery-icon landscape'>\n\t\t\t\t<a href='https:\/\/www.arquimaster.com.ar\/web\/wp-content\/uploads\/2021\/10\/restaurante_ritmo1.jpg' title=\"Restaurante Ritmo Formentera \/ Destudio Arquitectura (\u00a9 Luca Feller)\" data-rl_title=\"Restaurante Ritmo Formentera \/ Destudio Arquitectura (\u00a9 Luca Feller)\" class=\"rl-gallery-link\" data-rl_caption=\"Restaurante Ritmo Formentera \/ Destudio Arquitectura (\u00a9 Luca Feller)\" data-rel=\"lightbox-gallery-1\"><img loading=\"lazy\" decoding=\"async\" width=\"150\" height=\"150\" src=\"https:\/\/www.arquimaster.com.ar\/web\/wp-content\/uploads\/2021\/10\/restaurante_ritmo1-150x150.jpg\" class=\"attachment-thumbnail size-thumbnail\" alt=\"Restaurante Ritmo Formentera \/ Destudio Arquitectura\" aria-describedby=\"gallery-1-67516\" \/><\/a>\n\t\t\t<\/div>\n\t\t\t\t<figcaption class='wp-caption-text gallery-caption' id='gallery-1-67516'>\n\t\t\t\tRestaurante Ritmo Formentera \/ Destudio Arquitectura (\u00a9 Luca Feller)\n\t\t\t\t<\/figcaption><\/figure><figure class='gallery-item'>\n\t\t\t<div class='gallery-icon portrait'>\n\t\t\t\t<a href='https:\/\/www.arquimaster.com.ar\/web\/wp-content\/uploads\/2021\/10\/restaurante_ritmo2.jpg' title=\"Restaurante Ritmo Formentera \/ Destudio Arquitectura (\u00a9 Luca Feller)\" data-rl_title=\"Restaurante Ritmo Formentera \/ Destudio Arquitectura (\u00a9 Luca Feller)\" class=\"rl-gallery-link\" data-rl_caption=\"Restaurante Ritmo Formentera \/ Destudio Arquitectura (\u00a9 Luca Feller)\" data-rel=\"lightbox-gallery-1\"><img loading=\"lazy\" decoding=\"async\" width=\"150\" height=\"150\" src=\"https:\/\/www.arquimaster.com.ar\/web\/wp-content\/uploads\/2021\/10\/restaurante_ritmo2-150x150.jpg\" class=\"attachment-thumbnail size-thumbnail\" alt=\"Restaurante Ritmo Formentera \/ Destudio Arquitectura\" aria-describedby=\"gallery-1-67517\" \/><\/a>\n\t\t\t<\/div>\n\t\t\t\t<figcaption class='wp-caption-text gallery-caption' id='gallery-1-67517'>\n\t\t\t\tRestaurante Ritmo Formentera \/ Destudio Arquitectura (\u00a9 Luca Feller)\n\t\t\t\t<\/figcaption><\/figure><figure class='gallery-item'>\n\t\t\t<div class='gallery-icon portrait'>\n\t\t\t\t<a href='https:\/\/www.arquimaster.com.ar\/web\/wp-content\/uploads\/2021\/10\/restaurante_ritmo3.jpg' title=\"Restaurante Ritmo Formentera \/ Destudio Arquitectura (\u00a9 Luca Feller)\" data-rl_title=\"Restaurante Ritmo Formentera \/ Destudio Arquitectura (\u00a9 Luca Feller)\" class=\"rl-gallery-link\" data-rl_caption=\"Restaurante Ritmo Formentera \/ Destudio Arquitectura (\u00a9 Luca Feller)\" data-rel=\"lightbox-gallery-1\"><img loading=\"lazy\" decoding=\"async\" width=\"150\" height=\"150\" src=\"https:\/\/www.arquimaster.com.ar\/web\/wp-content\/uploads\/2021\/10\/restaurante_ritmo3-150x150.jpg\" class=\"attachment-thumbnail size-thumbnail\" alt=\"Restaurante Ritmo Formentera \/ Destudio Arquitectura\" aria-describedby=\"gallery-1-67518\" \/><\/a>\n\t\t\t<\/div>\n\t\t\t\t<figcaption class='wp-caption-text gallery-caption' id='gallery-1-67518'>\n\t\t\t\tRestaurante Ritmo Formentera \/ Destudio Arquitectura (\u00a9 Luca Feller)\n\t\t\t\t<\/figcaption><\/figure><figure class='gallery-item'>\n\t\t\t<div class='gallery-icon landscape'>\n\t\t\t\t<a href='https:\/\/www.arquimaster.com.ar\/web\/wp-content\/uploads\/2021\/10\/restaurante_ritmo4.jpg' title=\"Restaurante Ritmo Formentera \/ Destudio Arquitectura (\u00a9 Luca Feller)\" data-rl_title=\"Restaurante Ritmo Formentera \/ Destudio Arquitectura (\u00a9 Luca Feller)\" class=\"rl-gallery-link\" data-rl_caption=\"Restaurante Ritmo Formentera \/ Destudio Arquitectura (\u00a9 Luca Feller)\" data-rel=\"lightbox-gallery-1\"><img loading=\"lazy\" decoding=\"async\" width=\"150\" height=\"150\" src=\"https:\/\/www.arquimaster.com.ar\/web\/wp-content\/uploads\/2021\/10\/restaurante_ritmo4-150x150.jpg\" class=\"attachment-thumbnail size-thumbnail\" alt=\"Restaurante Ritmo Formentera \/ Destudio Arquitectura\" aria-describedby=\"gallery-1-67519\" \/><\/a>\n\t\t\t<\/div>\n\t\t\t\t<figcaption class='wp-caption-text gallery-caption' id='gallery-1-67519'>\n\t\t\t\tRestaurante Ritmo Formentera \/ Destudio Arquitectura (\u00a9 Luca Feller)\n\t\t\t\t<\/figcaption><\/figure><figure class='gallery-item'>\n\t\t\t<div class='gallery-icon landscape'>\n\t\t\t\t<a href='https:\/\/www.arquimaster.com.ar\/web\/wp-content\/uploads\/2021\/10\/restaurante_ritmo5.jpg' title=\"Restaurante Ritmo Formentera \/ Destudio Arquitectura (\u00a9 Luca Feller)\" data-rl_title=\"Restaurante Ritmo Formentera \/ Destudio Arquitectura (\u00a9 Luca Feller)\" class=\"rl-gallery-link\" data-rl_caption=\"Restaurante Ritmo Formentera \/ Destudio Arquitectura (\u00a9 Luca Feller)\" data-rel=\"lightbox-gallery-1\"><img loading=\"lazy\" decoding=\"async\" width=\"150\" height=\"150\" src=\"https:\/\/www.arquimaster.com.ar\/web\/wp-content\/uploads\/2021\/10\/restaurante_ritmo5-150x150.jpg\" class=\"attachment-thumbnail size-thumbnail\" alt=\"Restaurante Ritmo Formentera \/ Destudio Arquitectura\" aria-describedby=\"gallery-1-67520\" \/><\/a>\n\t\t\t<\/div>\n\t\t\t\t<figcaption class='wp-caption-text gallery-caption' id='gallery-1-67520'>\n\t\t\t\tRestaurante Ritmo Formentera \/ Destudio Arquitectura (\u00a9 Luca Feller)\n\t\t\t\t<\/figcaption><\/figure><figure class='gallery-item'>\n\t\t\t<div class='gallery-icon portrait'>\n\t\t\t\t<a href='https:\/\/www.arquimaster.com.ar\/web\/wp-content\/uploads\/2021\/10\/restaurante_ritmo6.jpg' title=\"Restaurante Ritmo Formentera \/ Destudio Arquitectura (\u00a9 Luca Feller)\" data-rl_title=\"Restaurante Ritmo Formentera \/ Destudio Arquitectura (\u00a9 Luca Feller)\" class=\"rl-gallery-link\" data-rl_caption=\"Restaurante Ritmo Formentera \/ Destudio Arquitectura (\u00a9 Luca Feller)\" data-rel=\"lightbox-gallery-1\"><img loading=\"lazy\" decoding=\"async\" width=\"150\" height=\"150\" src=\"https:\/\/www.arquimaster.com.ar\/web\/wp-content\/uploads\/2021\/10\/restaurante_ritmo6-150x150.jpg\" class=\"attachment-thumbnail size-thumbnail\" alt=\"Restaurante Ritmo Formentera \/ Destudio Arquitectura\" aria-describedby=\"gallery-1-67521\" \/><\/a>\n\t\t\t<\/div>\n\t\t\t\t<figcaption class='wp-caption-text gallery-caption' id='gallery-1-67521'>\n\t\t\t\tRestaurante Ritmo Formentera \/ Destudio Arquitectura (\u00a9 Luca Feller)\n\t\t\t\t<\/figcaption><\/figure><figure class='gallery-item'>\n\t\t\t<div class='gallery-icon landscape'>\n\t\t\t\t<a href='https:\/\/www.arquimaster.com.ar\/web\/wp-content\/uploads\/2021\/10\/restaurante_ritmo7.jpg' title=\"Restaurante Ritmo Formentera \/ Destudio Arquitectura (\u00a9 Luca Feller)\" data-rl_title=\"Restaurante Ritmo Formentera \/ Destudio Arquitectura (\u00a9 Luca Feller)\" class=\"rl-gallery-link\" data-rl_caption=\"Restaurante Ritmo Formentera \/ Destudio Arquitectura (\u00a9 Luca Feller)\" data-rel=\"lightbox-gallery-1\"><img loading=\"lazy\" decoding=\"async\" width=\"150\" height=\"150\" src=\"https:\/\/www.arquimaster.com.ar\/web\/wp-content\/uploads\/2021\/10\/restaurante_ritmo7-150x150.jpg\" class=\"attachment-thumbnail size-thumbnail\" alt=\"Restaurante Ritmo Formentera \/ Destudio Arquitectura\" aria-describedby=\"gallery-1-67522\" \/><\/a>\n\t\t\t<\/div>\n\t\t\t\t<figcaption class='wp-caption-text gallery-caption' id='gallery-1-67522'>\n\t\t\t\tRestaurante Ritmo Formentera \/ Destudio Arquitectura (\u00a9 Luca Feller)\n\t\t\t\t<\/figcaption><\/figure><figure class='gallery-item'>\n\t\t\t<div class='gallery-icon landscape'>\n\t\t\t\t<a href='https:\/\/www.arquimaster.com.ar\/web\/wp-content\/uploads\/2021\/10\/restaurante_ritmo8.jpg' title=\"Restaurante Ritmo Formentera \/ Destudio Arquitectura (\u00a9 Luca Feller)\" data-rl_title=\"Restaurante Ritmo Formentera \/ Destudio Arquitectura (\u00a9 Luca Feller)\" class=\"rl-gallery-link\" data-rl_caption=\"Restaurante Ritmo Formentera \/ Destudio Arquitectura (\u00a9 Luca Feller)\" data-rel=\"lightbox-gallery-1\"><img loading=\"lazy\" decoding=\"async\" width=\"150\" height=\"150\" src=\"https:\/\/www.arquimaster.com.ar\/web\/wp-content\/uploads\/2021\/10\/restaurante_ritmo8-150x150.jpg\" class=\"attachment-thumbnail size-thumbnail\" alt=\"Restaurante Ritmo Formentera \/ Destudio Arquitectura\" aria-describedby=\"gallery-1-67523\" \/><\/a>\n\t\t\t<\/div>\n\t\t\t\t<figcaption class='wp-caption-text gallery-caption' id='gallery-1-67523'>\n\t\t\t\tRestaurante Ritmo Formentera \/ Destudio Arquitectura (\u00a9 Luca Feller)\n\t\t\t\t<\/figcaption><\/figure><figure class='gallery-item'>\n\t\t\t<div class='gallery-icon landscape'>\n\t\t\t\t<a href='https:\/\/www.arquimaster.com.ar\/web\/wp-content\/uploads\/2021\/10\/restaurante_ritmo9.jpg' title=\"Restaurante Ritmo Formentera \/ Destudio Arquitectura (\u00a9 Luca Feller)\" data-rl_title=\"Restaurante Ritmo Formentera \/ Destudio Arquitectura (\u00a9 Luca Feller)\" class=\"rl-gallery-link\" data-rl_caption=\"Restaurante Ritmo Formentera \/ Destudio Arquitectura (\u00a9 Luca Feller)\" data-rel=\"lightbox-gallery-1\"><img loading=\"lazy\" decoding=\"async\" width=\"150\" height=\"150\" src=\"https:\/\/www.arquimaster.com.ar\/web\/wp-content\/uploads\/2021\/10\/restaurante_ritmo9-150x150.jpg\" class=\"attachment-thumbnail size-thumbnail\" alt=\"Restaurante Ritmo Formentera \/ Destudio Arquitectura\" aria-describedby=\"gallery-1-67524\" \/><\/a>\n\t\t\t<\/div>\n\t\t\t\t<figcaption class='wp-caption-text gallery-caption' id='gallery-1-67524'>\n\t\t\t\tRestaurante Ritmo Formentera \/ Destudio Arquitectura (\u00a9 Luca Feller)\n\t\t\t\t<\/figcaption><\/figure><figure class='gallery-item'>\n\t\t\t<div class='gallery-icon landscape'>\n\t\t\t\t<a href='https:\/\/www.arquimaster.com.ar\/web\/wp-content\/uploads\/2021\/10\/restaurante_ritmo10.jpg' title=\"Restaurante Ritmo Formentera \/ Destudio Arquitectura (\u00a9 Luca Feller)\" data-rl_title=\"Restaurante Ritmo Formentera \/ Destudio Arquitectura (\u00a9 Luca Feller)\" class=\"rl-gallery-link\" data-rl_caption=\"Restaurante Ritmo Formentera \/ Destudio Arquitectura (\u00a9 Luca Feller)\" data-rel=\"lightbox-gallery-1\"><img loading=\"lazy\" decoding=\"async\" width=\"150\" height=\"150\" src=\"https:\/\/www.arquimaster.com.ar\/web\/wp-content\/uploads\/2021\/10\/restaurante_ritmo10-150x150.jpg\" class=\"attachment-thumbnail size-thumbnail\" alt=\"Restaurante Ritmo Formentera \/ Destudio Arquitectura\" aria-describedby=\"gallery-1-67525\" \/><\/a>\n\t\t\t<\/div>\n\t\t\t\t<figcaption class='wp-caption-text gallery-caption' id='gallery-1-67525'>\n\t\t\t\tRestaurante Ritmo Formentera \/ Destudio Arquitectura (\u00a9 Luca Feller)\n\t\t\t\t<\/figcaption><\/figure><figure class='gallery-item'>\n\t\t\t<div class='gallery-icon landscape'>\n\t\t\t\t<a href='https:\/\/www.arquimaster.com.ar\/web\/wp-content\/uploads\/2021\/10\/restaurante_ritmo11.jpg' title=\"Restaurante Ritmo Formentera \/ Destudio Arquitectura (\u00a9 Luca Feller)\" data-rl_title=\"Restaurante Ritmo Formentera \/ Destudio Arquitectura (\u00a9 Luca Feller)\" class=\"rl-gallery-link\" data-rl_caption=\"Restaurante Ritmo Formentera \/ Destudio Arquitectura (\u00a9 Luca Feller)\" data-rel=\"lightbox-gallery-1\"><img loading=\"lazy\" decoding=\"async\" width=\"150\" height=\"150\" src=\"https:\/\/www.arquimaster.com.ar\/web\/wp-content\/uploads\/2021\/10\/restaurante_ritmo11-150x150.jpg\" class=\"attachment-thumbnail size-thumbnail\" alt=\"Restaurante Ritmo Formentera \/ Destudio Arquitectura\" aria-describedby=\"gallery-1-67526\" \/><\/a>\n\t\t\t<\/div>\n\t\t\t\t<figcaption class='wp-caption-text gallery-caption' id='gallery-1-67526'>\n\t\t\t\tRestaurante Ritmo Formentera \/ Destudio Arquitectura (\u00a9 Luca Feller)\n\t\t\t\t<\/figcaption><\/figure><figure class='gallery-item'>\n\t\t\t<div class='gallery-icon portrait'>\n\t\t\t\t<a href='https:\/\/www.arquimaster.com.ar\/web\/wp-content\/uploads\/2021\/10\/restaurante_ritmo12.jpg' title=\"Restaurante Ritmo Formentera \/ Destudio Arquitectura (\u00a9 Luca Feller)\" data-rl_title=\"Restaurante Ritmo Formentera \/ Destudio Arquitectura (\u00a9 Luca Feller)\" class=\"rl-gallery-link\" data-rl_caption=\"Restaurante Ritmo Formentera \/ Destudio Arquitectura (\u00a9 Luca Feller)\" data-rel=\"lightbox-gallery-1\"><img loading=\"lazy\" decoding=\"async\" width=\"150\" height=\"150\" src=\"https:\/\/www.arquimaster.com.ar\/web\/wp-content\/uploads\/2021\/10\/restaurante_ritmo12-150x150.jpg\" class=\"attachment-thumbnail size-thumbnail\" alt=\"Restaurante Ritmo Formentera \/ Destudio Arquitectura\" aria-describedby=\"gallery-1-67527\" \/><\/a>\n\t\t\t<\/div>\n\t\t\t\t<figcaption class='wp-caption-text gallery-caption' id='gallery-1-67527'>\n\t\t\t\tRestaurante Ritmo Formentera \/ Destudio Arquitectura (\u00a9 Luca Feller)\n\t\t\t\t<\/figcaption><\/figure><figure class='gallery-item'>\n\t\t\t<div class='gallery-icon portrait'>\n\t\t\t\t<a href='https:\/\/www.arquimaster.com.ar\/web\/wp-content\/uploads\/2021\/10\/restaurante_ritmo13.jpg' title=\"Restaurante Ritmo Formentera \/ Destudio Arquitectura (\u00a9 Luca Feller)\" data-rl_title=\"Restaurante Ritmo Formentera \/ Destudio Arquitectura (\u00a9 Luca Feller)\" class=\"rl-gallery-link\" data-rl_caption=\"Restaurante Ritmo Formentera \/ Destudio Arquitectura (\u00a9 Luca Feller)\" data-rel=\"lightbox-gallery-1\"><img loading=\"lazy\" decoding=\"async\" width=\"150\" height=\"150\" src=\"https:\/\/www.arquimaster.com.ar\/web\/wp-content\/uploads\/2021\/10\/restaurante_ritmo13-150x150.jpg\" class=\"attachment-thumbnail size-thumbnail\" alt=\"Restaurante Ritmo Formentera \/ Destudio Arquitectura\" aria-describedby=\"gallery-1-67528\" \/><\/a>\n\t\t\t<\/div>\n\t\t\t\t<figcaption class='wp-caption-text gallery-caption' id='gallery-1-67528'>\n\t\t\t\tRestaurante Ritmo Formentera \/ Destudio Arquitectura (\u00a9 Luca Feller)\n\t\t\t\t<\/figcaption><\/figure><figure class='gallery-item'>\n\t\t\t<div class='gallery-icon portrait'>\n\t\t\t\t<a href='https:\/\/www.arquimaster.com.ar\/web\/wp-content\/uploads\/2021\/10\/restaurante_ritmo14.jpg' title=\"Restaurante Ritmo Formentera \/ Destudio Arquitectura (\u00a9 Luca Feller)\" data-rl_title=\"Restaurante Ritmo Formentera \/ Destudio Arquitectura (\u00a9 Luca Feller)\" class=\"rl-gallery-link\" data-rl_caption=\"Restaurante Ritmo Formentera \/ Destudio Arquitectura (\u00a9 Luca Feller)\" data-rel=\"lightbox-gallery-1\"><img loading=\"lazy\" decoding=\"async\" width=\"150\" height=\"150\" src=\"https:\/\/www.arquimaster.com.ar\/web\/wp-content\/uploads\/2021\/10\/restaurante_ritmo14-150x150.jpg\" class=\"attachment-thumbnail size-thumbnail\" alt=\"Restaurante Ritmo Formentera \/ Destudio Arquitectura\" aria-describedby=\"gallery-1-67529\" \/><\/a>\n\t\t\t<\/div>\n\t\t\t\t<figcaption class='wp-caption-text gallery-caption' id='gallery-1-67529'>\n\t\t\t\tRestaurante Ritmo Formentera \/ Destudio Arquitectura (\u00a9 Luca Feller)\n\t\t\t\t<\/figcaption><\/figure><figure class='gallery-item'>\n\t\t\t<div class='gallery-icon landscape'>\n\t\t\t\t<a href='https:\/\/www.arquimaster.com.ar\/web\/wp-content\/uploads\/2021\/10\/restaurante_ritmo15.jpg' title=\"Restaurante Ritmo Formentera \/ Destudio Arquitectura (\u00a9 Luca Feller)\" data-rl_title=\"Restaurante Ritmo Formentera \/ Destudio Arquitectura (\u00a9 Luca Feller)\" class=\"rl-gallery-link\" data-rl_caption=\"Restaurante Ritmo Formentera \/ Destudio Arquitectura (\u00a9 Luca Feller)\" data-rel=\"lightbox-gallery-1\"><img loading=\"lazy\" decoding=\"async\" width=\"150\" height=\"150\" src=\"https:\/\/www.arquimaster.com.ar\/web\/wp-content\/uploads\/2021\/10\/restaurante_ritmo15-150x150.jpg\" class=\"attachment-thumbnail size-thumbnail\" alt=\"Restaurante Ritmo Formentera \/ Destudio Arquitectura\" aria-describedby=\"gallery-1-67530\" \/><\/a>\n\t\t\t<\/div>\n\t\t\t\t<figcaption class='wp-caption-text gallery-caption' id='gallery-1-67530'>\n\t\t\t\tRestaurante Ritmo Formentera \/ Destudio Arquitectura (\u00a9 Luca Feller)\n\t\t\t\t<\/figcaption><\/figure><figure class='gallery-item'>\n\t\t\t<div class='gallery-icon landscape'>\n\t\t\t\t<a href='https:\/\/www.arquimaster.com.ar\/web\/wp-content\/uploads\/2021\/10\/restaurante_ritmo16.jpg' title=\"Restaurante Ritmo Formentera \/ Destudio Arquitectura (\u00a9 Luca Feller)\" data-rl_title=\"Restaurante Ritmo Formentera \/ Destudio Arquitectura (\u00a9 Luca Feller)\" class=\"rl-gallery-link\" data-rl_caption=\"Restaurante Ritmo Formentera \/ Destudio Arquitectura (\u00a9 Luca Feller)\" data-rel=\"lightbox-gallery-1\"><img loading=\"lazy\" decoding=\"async\" width=\"150\" height=\"150\" src=\"https:\/\/www.arquimaster.com.ar\/web\/wp-content\/uploads\/2021\/10\/restaurante_ritmo16-150x150.jpg\" class=\"attachment-thumbnail size-thumbnail\" alt=\"Restaurante Ritmo Formentera \/ Destudio Arquitectura\" aria-describedby=\"gallery-1-67531\" \/><\/a>\n\t\t\t<\/div>\n\t\t\t\t<figcaption class='wp-caption-text gallery-caption' id='gallery-1-67531'>\n\t\t\t\tRestaurante Ritmo Formentera \/ Destudio Arquitectura (\u00a9 Luca Feller)\n\t\t\t\t<\/figcaption><\/figure><figure class='gallery-item'>\n\t\t\t<div class='gallery-icon landscape'>\n\t\t\t\t<a href='https:\/\/www.arquimaster.com.ar\/web\/wp-content\/uploads\/2021\/10\/restaurante_ritmo17.jpg' title=\"Restaurante Ritmo Formentera \/ Destudio Arquitectura (\u00a9 Luca Feller)\" data-rl_title=\"Restaurante Ritmo Formentera \/ Destudio Arquitectura (\u00a9 Luca Feller)\" class=\"rl-gallery-link\" data-rl_caption=\"Restaurante Ritmo Formentera \/ Destudio Arquitectura (\u00a9 Luca Feller)\" data-rel=\"lightbox-gallery-1\"><img loading=\"lazy\" decoding=\"async\" width=\"150\" height=\"150\" src=\"https:\/\/www.arquimaster.com.ar\/web\/wp-content\/uploads\/2021\/10\/restaurante_ritmo17-150x150.jpg\" class=\"attachment-thumbnail size-thumbnail\" alt=\"Restaurante Ritmo Formentera \/ Destudio Arquitectura\" aria-describedby=\"gallery-1-67532\" \/><\/a>\n\t\t\t<\/div>\n\t\t\t\t<figcaption class='wp-caption-text gallery-caption' id='gallery-1-67532'>\n\t\t\t\tRestaurante Ritmo Formentera \/ Destudio Arquitectura (\u00a9 Luca Feller)\n\t\t\t\t<\/figcaption><\/figure><figure class='gallery-item'>\n\t\t\t<div class='gallery-icon landscape'>\n\t\t\t\t<a href='https:\/\/www.arquimaster.com.ar\/web\/wp-content\/uploads\/2021\/10\/restaurante_ritmo18.jpg' title=\"Restaurante Ritmo Formentera \/ Destudio Arquitectura (\u00a9 Luca Feller)\" data-rl_title=\"Restaurante Ritmo Formentera \/ Destudio Arquitectura (\u00a9 Luca Feller)\" class=\"rl-gallery-link\" data-rl_caption=\"Restaurante Ritmo Formentera \/ Destudio Arquitectura (\u00a9 Luca Feller)\" data-rel=\"lightbox-gallery-1\"><img loading=\"lazy\" decoding=\"async\" width=\"150\" height=\"150\" src=\"https:\/\/www.arquimaster.com.ar\/web\/wp-content\/uploads\/2021\/10\/restaurante_ritmo18-150x150.jpg\" class=\"attachment-thumbnail size-thumbnail\" alt=\"Restaurante Ritmo Formentera \/ Destudio Arquitectura\" aria-describedby=\"gallery-1-67533\" \/><\/a>\n\t\t\t<\/div>\n\t\t\t\t<figcaption class='wp-caption-text gallery-caption' id='gallery-1-67533'>\n\t\t\t\tRestaurante Ritmo Formentera \/ Destudio Arquitectura (\u00a9 Luca Feller)\n\t\t\t\t<\/figcaption><\/figure><figure class='gallery-item'>\n\t\t\t<div class='gallery-icon portrait'>\n\t\t\t\t<a href='https:\/\/www.arquimaster.com.ar\/web\/wp-content\/uploads\/2021\/10\/restaurante_ritmo19.jpg' title=\"Restaurante Ritmo Formentera \/ Destudio Arquitectura (\u00a9 Luca Feller)\" data-rl_title=\"Restaurante Ritmo Formentera \/ Destudio Arquitectura (\u00a9 Luca Feller)\" class=\"rl-gallery-link\" data-rl_caption=\"Restaurante Ritmo Formentera \/ Destudio Arquitectura (\u00a9 Luca Feller)\" data-rel=\"lightbox-gallery-1\"><img loading=\"lazy\" decoding=\"async\" width=\"150\" height=\"150\" src=\"https:\/\/www.arquimaster.com.ar\/web\/wp-content\/uploads\/2021\/10\/restaurante_ritmo19-150x150.jpg\" class=\"attachment-thumbnail size-thumbnail\" alt=\"Restaurante Ritmo Formentera \/ Destudio Arquitectura\" aria-describedby=\"gallery-1-67534\" \/><\/a>\n\t\t\t<\/div>\n\t\t\t\t<figcaption class='wp-caption-text gallery-caption' id='gallery-1-67534'>\n\t\t\t\tRestaurante Ritmo Formentera \/ Destudio Arquitectura (\u00a9 Luca Feller)\n\t\t\t\t<\/figcaption><\/figure><figure class='gallery-item'>\n\t\t\t<div class='gallery-icon portrait'>\n\t\t\t\t<a href='https:\/\/www.arquimaster.com.ar\/web\/wp-content\/uploads\/2021\/10\/restaurante_ritmo20.jpg' title=\"Restaurante Ritmo Formentera \/ Destudio Arquitectura (\u00a9 Luca Feller)\" data-rl_title=\"Restaurante Ritmo Formentera \/ Destudio Arquitectura (\u00a9 Luca Feller)\" class=\"rl-gallery-link\" data-rl_caption=\"Restaurante Ritmo Formentera \/ Destudio Arquitectura (\u00a9 Luca Feller)\" data-rel=\"lightbox-gallery-1\"><img loading=\"lazy\" decoding=\"async\" width=\"150\" height=\"150\" src=\"https:\/\/www.arquimaster.com.ar\/web\/wp-content\/uploads\/2021\/10\/restaurante_ritmo20-150x150.jpg\" class=\"attachment-thumbnail size-thumbnail\" alt=\"Restaurante Ritmo Formentera \/ Destudio Arquitectura\" aria-describedby=\"gallery-1-67535\" \/><\/a>\n\t\t\t<\/div>\n\t\t\t\t<figcaption class='wp-caption-text gallery-caption' id='gallery-1-67535'>\n\t\t\t\tRestaurante Ritmo Formentera \/ Destudio Arquitectura (\u00a9 Luca Feller)\n\t\t\t\t<\/figcaption><\/figure><figure class='gallery-item'>\n\t\t\t<div class='gallery-icon portrait'>\n\t\t\t\t<a href='https:\/\/www.arquimaster.com.ar\/web\/wp-content\/uploads\/2021\/10\/restaurante_ritmo21.jpg' title=\"Restaurante Ritmo Formentera \/ Destudio Arquitectura (\u00a9 Luca Feller)\" data-rl_title=\"Restaurante Ritmo Formentera \/ Destudio Arquitectura (\u00a9 Luca Feller)\" class=\"rl-gallery-link\" data-rl_caption=\"Restaurante Ritmo Formentera \/ Destudio Arquitectura (\u00a9 Luca Feller)\" data-rel=\"lightbox-gallery-1\"><img loading=\"lazy\" decoding=\"async\" width=\"150\" height=\"150\" src=\"https:\/\/www.arquimaster.com.ar\/web\/wp-content\/uploads\/2021\/10\/restaurante_ritmo21-150x150.jpg\" class=\"attachment-thumbnail size-thumbnail\" alt=\"Restaurante Ritmo Formentera \/ Destudio Arquitectura\" aria-describedby=\"gallery-1-67536\" \/><\/a>\n\t\t\t<\/div>\n\t\t\t\t<figcaption class='wp-caption-text gallery-caption' id='gallery-1-67536'>\n\t\t\t\tRestaurante Ritmo Formentera \/ Destudio Arquitectura (\u00a9 Luca Feller)\n\t\t\t\t<\/figcaption><\/figure><figure class='gallery-item'>\n\t\t\t<div class='gallery-icon portrait'>\n\t\t\t\t<a href='https:\/\/www.arquimaster.com.ar\/web\/wp-content\/uploads\/2021\/10\/restaurante_ritmo22.jpg' title=\"Restaurante Ritmo Formentera \/ Destudio Arquitectura (\u00a9 Luca Feller)\" data-rl_title=\"Restaurante Ritmo Formentera \/ Destudio Arquitectura (\u00a9 Luca Feller)\" class=\"rl-gallery-link\" data-rl_caption=\"Restaurante Ritmo Formentera \/ Destudio Arquitectura (\u00a9 Luca Feller)\" data-rel=\"lightbox-gallery-1\"><img loading=\"lazy\" decoding=\"async\" width=\"150\" height=\"150\" src=\"https:\/\/www.arquimaster.com.ar\/web\/wp-content\/uploads\/2021\/10\/restaurante_ritmo22-150x150.jpg\" class=\"attachment-thumbnail size-thumbnail\" alt=\"Restaurante Ritmo Formentera \/ Destudio Arquitectura\" aria-describedby=\"gallery-1-67537\" \/><\/a>\n\t\t\t<\/div>\n\t\t\t\t<figcaption class='wp-caption-text gallery-caption' id='gallery-1-67537'>\n\t\t\t\tRestaurante Ritmo Formentera \/ Destudio Arquitectura (\u00a9 Luca Feller)\n\t\t\t\t<\/figcaption><\/figure><figure class='gallery-item'>\n\t\t\t<div class='gallery-icon portrait'>\n\t\t\t\t<a href='https:\/\/www.arquimaster.com.ar\/web\/wp-content\/uploads\/2021\/10\/restaurante_ritmo23.jpg' title=\"Restaurante Ritmo Formentera \/ Destudio Arquitectura (\u00a9 Luca Feller)\" data-rl_title=\"Restaurante Ritmo Formentera \/ Destudio Arquitectura (\u00a9 Luca Feller)\" class=\"rl-gallery-link\" data-rl_caption=\"Restaurante Ritmo Formentera \/ Destudio Arquitectura (\u00a9 Luca Feller)\" data-rel=\"lightbox-gallery-1\"><img loading=\"lazy\" decoding=\"async\" width=\"150\" height=\"150\" src=\"https:\/\/www.arquimaster.com.ar\/web\/wp-content\/uploads\/2021\/10\/restaurante_ritmo23-150x150.jpg\" class=\"attachment-thumbnail size-thumbnail\" alt=\"Restaurante Ritmo Formentera \/ Destudio Arquitectura\" aria-describedby=\"gallery-1-67538\" \/><\/a>\n\t\t\t<\/div>\n\t\t\t\t<figcaption class='wp-caption-text gallery-caption' id='gallery-1-67538'>\n\t\t\t\tRestaurante Ritmo Formentera \/ Destudio Arquitectura (\u00a9 Luca Feller)\n\t\t\t\t<\/figcaption><\/figure><figure class='gallery-item'>\n\t\t\t<div class='gallery-icon portrait'>\n\t\t\t\t<a href='https:\/\/www.arquimaster.com.ar\/web\/wp-content\/uploads\/2021\/10\/restaurante_ritmo24.jpg' title=\"Restaurante Ritmo Formentera \/ Destudio Arquitectura (\u00a9 Luca Feller)\" data-rl_title=\"Restaurante Ritmo Formentera \/ Destudio Arquitectura (\u00a9 Luca Feller)\" class=\"rl-gallery-link\" data-rl_caption=\"Restaurante Ritmo Formentera \/ Destudio Arquitectura (\u00a9 Luca Feller)\" data-rel=\"lightbox-gallery-1\"><img loading=\"lazy\" decoding=\"async\" width=\"150\" height=\"150\" src=\"https:\/\/www.arquimaster.com.ar\/web\/wp-content\/uploads\/2021\/10\/restaurante_ritmo24-150x150.jpg\" class=\"attachment-thumbnail size-thumbnail\" alt=\"Restaurante Ritmo Formentera \/ Destudio Arquitectura\" aria-describedby=\"gallery-1-67539\" \/><\/a>\n\t\t\t<\/div>\n\t\t\t\t<figcaption class='wp-caption-text gallery-caption' id='gallery-1-67539'>\n\t\t\t\tRestaurante Ritmo Formentera \/ Destudio Arquitectura (\u00a9 Luca Feller)\n\t\t\t\t<\/figcaption><\/figure><figure class='gallery-item'>\n\t\t\t<div class='gallery-icon landscape'>\n\t\t\t\t<a href='https:\/\/www.arquimaster.com.ar\/web\/wp-content\/uploads\/2021\/10\/restaurante_ritmo25.jpg' title=\"Restaurante Ritmo Formentera \/ Destudio Arquitectura (\u00a9 Luca Feller)\" data-rl_title=\"Restaurante Ritmo Formentera \/ Destudio Arquitectura (\u00a9 Luca Feller)\" class=\"rl-gallery-link\" data-rl_caption=\"Restaurante Ritmo Formentera \/ Destudio Arquitectura (\u00a9 Luca Feller)\" data-rel=\"lightbox-gallery-1\"><img loading=\"lazy\" decoding=\"async\" width=\"150\" height=\"150\" src=\"https:\/\/www.arquimaster.com.ar\/web\/wp-content\/uploads\/2021\/10\/restaurante_ritmo25-150x150.jpg\" class=\"attachment-thumbnail size-thumbnail\" alt=\"Restaurante Ritmo Formentera \/ Destudio Arquitectura\" aria-describedby=\"gallery-1-67540\" \/><\/a>\n\t\t\t<\/div>\n\t\t\t\t<figcaption class='wp-caption-text gallery-caption' id='gallery-1-67540'>\n\t\t\t\tRestaurante Ritmo Formentera \/ Destudio Arquitectura (\u00a9 Luca Feller)\n\t\t\t\t<\/figcaption><\/figure><figure class='gallery-item'>\n\t\t\t<div class='gallery-icon landscape'>\n\t\t\t\t<a href='https:\/\/www.arquimaster.com.ar\/web\/wp-content\/uploads\/2021\/10\/restaurante_ritmo26.jpg' title=\"Restaurante Ritmo Formentera \/ Destudio Arquitectura (\u00a9 Luca Feller)\" data-rl_title=\"Restaurante Ritmo Formentera \/ Destudio Arquitectura (\u00a9 Luca Feller)\" class=\"rl-gallery-link\" data-rl_caption=\"Restaurante Ritmo Formentera \/ Destudio Arquitectura (\u00a9 Luca Feller)\" data-rel=\"lightbox-gallery-1\"><img loading=\"lazy\" decoding=\"async\" width=\"150\" height=\"150\" src=\"https:\/\/www.arquimaster.com.ar\/web\/wp-content\/uploads\/2021\/10\/restaurante_ritmo26-150x150.jpg\" class=\"attachment-thumbnail size-thumbnail\" alt=\"Restaurante Ritmo Formentera \/ Destudio Arquitectura\" aria-describedby=\"gallery-1-67541\" \/><\/a>\n\t\t\t<\/div>\n\t\t\t\t<figcaption class='wp-caption-text gallery-caption' id='gallery-1-67541'>\n\t\t\t\tRestaurante Ritmo Formentera \/ Destudio Arquitectura (\u00a9 Luca Feller)\n\t\t\t\t<\/figcaption><\/figure><figure class='gallery-item'>\n\t\t\t<div class='gallery-icon portrait'>\n\t\t\t\t<a href='https:\/\/www.arquimaster.com.ar\/web\/wp-content\/uploads\/2021\/10\/restaurante_ritmo27.jpg' title=\"Restaurante Ritmo Formentera \/ Destudio Arquitectura (\u00a9 Luca Feller)\" data-rl_title=\"Restaurante Ritmo Formentera \/ Destudio Arquitectura (\u00a9 Luca Feller)\" class=\"rl-gallery-link\" data-rl_caption=\"Restaurante Ritmo Formentera \/ Destudio Arquitectura (\u00a9 Luca Feller)\" data-rel=\"lightbox-gallery-1\"><img loading=\"lazy\" decoding=\"async\" width=\"150\" height=\"150\" src=\"https:\/\/www.arquimaster.com.ar\/web\/wp-content\/uploads\/2021\/10\/restaurante_ritmo27-150x150.jpg\" class=\"attachment-thumbnail size-thumbnail\" alt=\"Restaurante Ritmo Formentera \/ Destudio Arquitectura\" aria-describedby=\"gallery-1-67542\" \/><\/a>\n\t\t\t<\/div>\n\t\t\t\t<figcaption class='wp-caption-text gallery-caption' id='gallery-1-67542'>\n\t\t\t\tRestaurante Ritmo Formentera \/ Destudio Arquitectura (\u00a9 Luca Feller)\n\t\t\t\t<\/figcaption><\/figure><figure class='gallery-item'>\n\t\t\t<div class='gallery-icon landscape'>\n\t\t\t\t<a href='https:\/\/www.arquimaster.com.ar\/web\/wp-content\/uploads\/2021\/10\/restaurante_ritmo28.jpg' title=\"Restaurante Ritmo Formentera \/ Destudio Arquitectura (planta baja)\" data-rl_title=\"Restaurante Ritmo Formentera \/ Destudio Arquitectura (planta baja)\" class=\"rl-gallery-link\" data-rl_caption=\"Restaurante Ritmo Formentera \/ Destudio Arquitectura (planta baja)\" data-rel=\"lightbox-gallery-1\"><img loading=\"lazy\" decoding=\"async\" width=\"150\" height=\"150\" src=\"https:\/\/www.arquimaster.com.ar\/web\/wp-content\/uploads\/2021\/10\/restaurante_ritmo28-150x150.jpg\" class=\"attachment-thumbnail size-thumbnail\" alt=\"Restaurante Ritmo Formentera \/ Destudio Arquitectura\" aria-describedby=\"gallery-1-67543\" \/><\/a>\n\t\t\t<\/div>\n\t\t\t\t<figcaption class='wp-caption-text gallery-caption' id='gallery-1-67543'>\n\t\t\t\tRestaurante Ritmo Formentera \/ Destudio Arquitectura (planta baja)\n\t\t\t\t<\/figcaption><\/figure><figure class='gallery-item'>\n\t\t\t<div class='gallery-icon landscape'>\n\t\t\t\t<a href='https:\/\/www.arquimaster.com.ar\/web\/wp-content\/uploads\/2021\/10\/restaurante_ritmo29.jpg' title=\"Restaurante Ritmo Formentera \/ Destudio Arquitectura (planta alta)\" data-rl_title=\"Restaurante Ritmo Formentera \/ Destudio Arquitectura (planta alta)\" class=\"rl-gallery-link\" data-rl_caption=\"Restaurante Ritmo Formentera \/ Destudio Arquitectura (planta alta)\" data-rel=\"lightbox-gallery-1\"><img loading=\"lazy\" decoding=\"async\" width=\"150\" height=\"150\" src=\"https:\/\/www.arquimaster.com.ar\/web\/wp-content\/uploads\/2021\/10\/restaurante_ritmo29-150x150.jpg\" class=\"attachment-thumbnail size-thumbnail\" alt=\"Restaurante Ritmo Formentera \/ Destudio Arquitectura\" aria-describedby=\"gallery-1-67544\" \/><\/a>\n\t\t\t<\/div>\n\t\t\t\t<figcaption class='wp-caption-text gallery-caption' id='gallery-1-67544'>\n\t\t\t\tRestaurante Ritmo Formentera \/ Destudio Arquitectura (planta alta)\n\t\t\t\t<\/figcaption><\/figure>\n\t\t<\/div>\n\n<p>El local est\u00e1 situado en el centro neur\u00e1lgico de la isla y cuenta con la particularidad de ser un edifico exento, lo que le dota de una magn\u00edfica presencia desde varios puntos de vista.<\/p>\n<p>El proyecto de rehabilitaci\u00f3n del edificio se centr\u00f3 en eliminar palimpsestos y subrayar las arcadas de medio punto como el elemento caracter\u00edstico del edificio.<\/p>\n<p>Esta actuaci\u00f3n tuvo tambi\u00e9n el objetivo de habilitar la cubierta en desuso e integrar el edificio en el entorno mediterr\u00e1neo mediante el revestimiento de cal en toda la envolvente.<\/p>\n<p>Interiormente, el restaurante cuenta con una terraza en planta baja elevada sobre el nivel de la calle, a la que se le ha dado un tratamiento m\u00e1s urbano y sobre la que existe la intenci\u00f3n de prolongarla hacia el interior de la planta maximizando la apertura de huecos de fachada y unificando el pavimento de ambas zonas.<\/p>\n<p>La paleta de materiales empleados en el interior responde al car\u00e1cter de la isla: solo se permite el uso de materiales naturales y t\u00edpicamente mediterr\u00e1neos como el barro, la madera, el yute, el terrazo o el mimbre.<\/p>\n<p>Estos materiales est\u00e1n presentes desde el pavimento (que con sus l\u00fadicos despieces participa en las fiestas de los comensales) hasta el techo (donde paneles de mimbre cumplen funciones ac\u00fastica y decorativa) pasando por la decoraci\u00f3n.<\/p>\n<p>Como parte de la experiencia del cliente, se presta especial atenci\u00f3n a los aseos, tamizados tras una celos\u00eda de barro, donde los arcos de medio punto vuelven a estar presentes en los espejos. El gran protagonista de este espacio es un gran lavamanos corrido a modo de abrevadero, realizado en terrazo, que al ser com\u00fan obliga a interactuar a sus usuarios.<\/p>\n<p>En la planta superior se instala una gran p\u00e9rgola realizada con madera de casta\u00f1o y eucalipto, presente en muchas de las cercanas playas de la isla.<\/p>\n<p>Con ella, se tamiza la entrada del sol y se refuerza la presencia mediterr\u00e1nea. La decoraci\u00f3n repite de nuevo el leitmotiv del empleo natural en materiales y tambi\u00e9n en colores (terracota, aguamar&#8230;).<\/p>\n<p>Es esta planta la que cuenta con las mejores vistas de la puesta de sol desde el centro de la isla y es en ella donde se proyecta un juego de luces y m\u00fasica para, desde ese atardecer, animar el ritmo de la noche.<\/p>\n<p><strong>Ficha t\u00e9cnica<\/strong><br \/>\nNombre: Restaurante Ritmo Formentera<br \/>\nUbicaci\u00f3n: Sant Ferran de ses Roques, Formentera, Islas Baleares, Espa\u00f1a<br \/>\nProyectistas: Destudio Arquitectura<br \/>\nFecha: 2021<br \/>\nFotograf\u00edas: <a href=\"http:\/\/www.lucafeller.com\/\" target=\"_blank\" rel=\"noopener\">Luca Feller<\/a><\/p>\n<p><strong>Contacto<\/strong><br \/>\n<a href=\"https:\/\/www.destudio.es\/\" target=\"_blank\" rel=\"noopener\">https:\/\/www.destudio.es\/<\/a><\/p>\n\n<div style=\"font-size: 0px; height: 0px; line-height: 0px; margin: 0; padding: 0; clear: both;\"><\/div><div style=\"margin-top: 0px; margin-bottom: 0px;\" class=\"sharethis-inline-share-buttons\" ><\/div>","protected":false},"excerpt":{"rendered":"<p>La rehabilitaci\u00f3n subraya las arcadas de medio punto como el elemento&#8230;<\/p>\n","protected":false},"author":1,"featured_media":67509,"comment_status":"closed","ping_status":"closed","sticky":false,"template":"","format":"standard","meta":{"_uag_custom_page_level_css":"","footnotes":""},"categories":[75,1],"tags":[1233,7048,7049,104,7281,962,257,7292],"class_list":["post-67508","post","type-post","status-publish","format-standard","has-post-thumbnail","hentry","category-arquitectura-comercial","category-proyecto","tag-arquitectura-comercial-2","tag-destudio","tag-destudio-arquitectura","tag-espana","tag-formentera","tag-islas-baleares","tag-restaurante","tag-sant-ferran-de-ses-roques","generate-columns","tablet-grid-50","mobile-grid-100","grid-parent","grid-50"],"yoast_head":"<!-- This site is optimized with the Yoast SEO plugin v27.3 - https:\/\/yoast.com\/product\/yoast-seo-wordpress\/ -->\n<title>Restaurante Ritmo Formentera \/ Destudio Arquitectura - Arquimaster<\/title>\n<meta name=\"description\" content=\"El proyecto de rehabilitaci\u00f3n subraya las arcadas de medio punto como el elemento caracter\u00edstico del edificio.\" \/>\n<meta name=\"robots\" content=\"index, follow, max-snippet:-1, max-image-preview:large, max-video-preview:-1\" \/>\n<link rel=\"canonical\" href=\"https:\/\/www.arquimaster.com.ar\/web\/restaurante-ritmo-formentera-destudio-arquitectura\/\" \/>\n<meta property=\"og:locale\" content=\"es_ES\" \/>\n<meta property=\"og:type\" content=\"article\" \/>\n<meta property=\"og:title\" content=\"Restaurante Ritmo Formentera \/ Destudio Arquitectura\" \/>\n<meta property=\"og:description\" content=\"El proyecto de rehabilitaci\u00f3n subraya las arcadas de medio punto como el elemento caracter\u00edstico del edificio.\" \/>\n<meta property=\"og:url\" content=\"https:\/\/www.arquimaster.com.ar\/web\/restaurante-ritmo-formentera-destudio-arquitectura\/\" \/>\n<meta property=\"og:site_name\" content=\"Arquimaster\" \/>\n<meta property=\"article:publisher\" content=\"http:\/\/www.facebook.com\/ARQUIMASTER.com.ar\" \/>\n<meta property=\"article:published_time\" content=\"2021-10-06T23:45:06+00:00\" \/>\n<meta property=\"article:modified_time\" content=\"2022-06-20T20:46:05+00:00\" \/>\n<meta property=\"og:image\" content=\"https:\/\/www.arquimaster.com.ar\/web\/wp-content\/uploads\/2021\/10\/restaurante_ritmo_slide.jpg\" \/>\n\t<meta property=\"og:image:width\" content=\"698\" \/>\n\t<meta property=\"og:image:height\" content=\"364\" \/>\n\t<meta property=\"og:image:type\" content=\"image\/jpeg\" \/>\n<meta name=\"author\" content=\"Arquimaster\" \/>\n<meta name=\"twitter:card\" content=\"summary_large_image\" \/>\n<meta name=\"twitter:title\" content=\"Restaurante Ritmo Formentera \/ Destudio Arquitectura\" \/>\n<meta name=\"twitter:description\" content=\"El proyecto de rehabilitaci\u00f3n subraya las arcadas de medio punto como el elemento caracter\u00edstico del edificio.\" \/>\n<meta name=\"twitter:image\" content=\"https:\/\/www.arquimaster.com.ar\/web\/wp-content\/uploads\/2021\/10\/restaurante_ritmo_slide.jpg\" \/>\n<meta name=\"twitter:creator\" content=\"@arquimaster\" \/>\n<meta name=\"twitter:site\" content=\"@arquimaster\" \/>\n<meta name=\"twitter:label1\" content=\"Escrito por\" \/>\n\t<meta name=\"twitter:data1\" content=\"Arquimaster\" \/>\n\t<meta name=\"twitter:label2\" content=\"Tiempo de lectura\" \/>\n\t<meta name=\"twitter:data2\" content=\"3 minutos\" \/>\n<script type=\"application\/ld+json\" class=\"yoast-schema-graph\">{\"@context\":\"https:\\\/\\\/schema.org\",\"@graph\":[{\"@type\":\"Article\",\"@id\":\"https:\\\/\\\/www.arquimaster.com.ar\\\/web\\\/restaurante-ritmo-formentera-destudio-arquitectura\\\/#article\",\"isPartOf\":{\"@id\":\"https:\\\/\\\/www.arquimaster.com.ar\\\/web\\\/restaurante-ritmo-formentera-destudio-arquitectura\\\/\"},\"author\":{\"name\":\"Arquimaster\",\"@id\":\"https:\\\/\\\/www.arquimaster.com.ar\\\/web\\\/#\\\/schema\\\/person\\\/359e9f7c00193fcde068e0dd2ceb0028\"},\"headline\":\"Restaurante Ritmo Formentera \\\/ Destudio Arquitectura\",\"datePublished\":\"2021-10-06T23:45:06+00:00\",\"dateModified\":\"2022-06-20T20:46:05+00:00\",\"mainEntityOfPage\":{\"@id\":\"https:\\\/\\\/www.arquimaster.com.ar\\\/web\\\/restaurante-ritmo-formentera-destudio-arquitectura\\\/\"},\"wordCount\":508,\"publisher\":{\"@id\":\"https:\\\/\\\/www.arquimaster.com.ar\\\/web\\\/#organization\"},\"image\":{\"@id\":\"https:\\\/\\\/www.arquimaster.com.ar\\\/web\\\/restaurante-ritmo-formentera-destudio-arquitectura\\\/#primaryimage\"},\"thumbnailUrl\":\"https:\\\/\\\/www.arquimaster.com.ar\\\/web\\\/wp-content\\\/uploads\\\/2021\\\/10\\\/restaurante_ritmo_slide.jpg\",\"keywords\":[\"arquitectura comercial\",\"Destudio\",\"Destudio Arquitectura\",\"Espa\u00f1a\",\"Formentera\",\"Islas Baleares\",\"restaurante\",\"Sant Ferran de ses Roques\"],\"articleSection\":[\"Arquitectura comercial\",\"Proyecto\"],\"inLanguage\":\"es\"},{\"@type\":\"WebPage\",\"@id\":\"https:\\\/\\\/www.arquimaster.com.ar\\\/web\\\/restaurante-ritmo-formentera-destudio-arquitectura\\\/\",\"url\":\"https:\\\/\\\/www.arquimaster.com.ar\\\/web\\\/restaurante-ritmo-formentera-destudio-arquitectura\\\/\",\"name\":\"Restaurante Ritmo Formentera \\\/ Destudio Arquitectura - Arquimaster\",\"isPartOf\":{\"@id\":\"https:\\\/\\\/www.arquimaster.com.ar\\\/web\\\/#website\"},\"primaryImageOfPage\":{\"@id\":\"https:\\\/\\\/www.arquimaster.com.ar\\\/web\\\/restaurante-ritmo-formentera-destudio-arquitectura\\\/#primaryimage\"},\"image\":{\"@id\":\"https:\\\/\\\/www.arquimaster.com.ar\\\/web\\\/restaurante-ritmo-formentera-destudio-arquitectura\\\/#primaryimage\"},\"thumbnailUrl\":\"https:\\\/\\\/www.arquimaster.com.ar\\\/web\\\/wp-content\\\/uploads\\\/2021\\\/10\\\/restaurante_ritmo_slide.jpg\",\"datePublished\":\"2021-10-06T23:45:06+00:00\",\"dateModified\":\"2022-06-20T20:46:05+00:00\",\"description\":\"El proyecto de rehabilitaci\u00f3n subraya las arcadas de medio punto como el elemento caracter\u00edstico del edificio.\",\"breadcrumb\":{\"@id\":\"https:\\\/\\\/www.arquimaster.com.ar\\\/web\\\/restaurante-ritmo-formentera-destudio-arquitectura\\\/#breadcrumb\"},\"inLanguage\":\"es\",\"potentialAction\":[{\"@type\":\"ReadAction\",\"target\":[\"https:\\\/\\\/www.arquimaster.com.ar\\\/web\\\/restaurante-ritmo-formentera-destudio-arquitectura\\\/\"]}]},{\"@type\":\"ImageObject\",\"inLanguage\":\"es\",\"@id\":\"https:\\\/\\\/www.arquimaster.com.ar\\\/web\\\/restaurante-ritmo-formentera-destudio-arquitectura\\\/#primaryimage\",\"url\":\"https:\\\/\\\/www.arquimaster.com.ar\\\/web\\\/wp-content\\\/uploads\\\/2021\\\/10\\\/restaurante_ritmo_slide.jpg\",\"contentUrl\":\"https:\\\/\\\/www.arquimaster.com.ar\\\/web\\\/wp-content\\\/uploads\\\/2021\\\/10\\\/restaurante_ritmo_slide.jpg\",\"width\":698,\"height\":364,\"caption\":\"Restaurante Ritmo Formentera \\\/ Destudio Arquitectura\"},{\"@type\":\"BreadcrumbList\",\"@id\":\"https:\\\/\\\/www.arquimaster.com.ar\\\/web\\\/restaurante-ritmo-formentera-destudio-arquitectura\\\/#breadcrumb\",\"itemListElement\":[{\"@type\":\"ListItem\",\"position\":1,\"name\":\"Portada\",\"item\":\"https:\\\/\\\/www.arquimaster.com.ar\\\/web\\\/\"},{\"@type\":\"ListItem\",\"position\":2,\"name\":\"Restaurante Ritmo Formentera \\\/ Destudio Arquitectura\"}]},{\"@type\":\"WebSite\",\"@id\":\"https:\\\/\\\/www.arquimaster.com.ar\\\/web\\\/#website\",\"url\":\"https:\\\/\\\/www.arquimaster.com.ar\\\/web\\\/\",\"name\":\"Arquimaster\",\"description\":\"Web de arquitectura, dise\u00f1o y construccion\",\"publisher\":{\"@id\":\"https:\\\/\\\/www.arquimaster.com.ar\\\/web\\\/#organization\"},\"potentialAction\":[{\"@type\":\"SearchAction\",\"target\":{\"@type\":\"EntryPoint\",\"urlTemplate\":\"https:\\\/\\\/www.arquimaster.com.ar\\\/web\\\/?s={search_term_string}\"},\"query-input\":{\"@type\":\"PropertyValueSpecification\",\"valueRequired\":true,\"valueName\":\"search_term_string\"}}],\"inLanguage\":\"es\"},{\"@type\":\"Organization\",\"@id\":\"https:\\\/\\\/www.arquimaster.com.ar\\\/web\\\/#organization\",\"name\":\"Arquimaster\",\"url\":\"https:\\\/\\\/www.arquimaster.com.ar\\\/web\\\/\",\"logo\":{\"@type\":\"ImageObject\",\"inLanguage\":\"es\",\"@id\":\"https:\\\/\\\/www.arquimaster.com.ar\\\/web\\\/#\\\/schema\\\/logo\\\/image\\\/\",\"url\":\"https:\\\/\\\/www.arquimaster.com.ar\\\/web\\\/wp-content\\\/uploads\\\/2022\\\/06\\\/arquimaster.png\",\"contentUrl\":\"https:\\\/\\\/www.arquimaster.com.ar\\\/web\\\/wp-content\\\/uploads\\\/2022\\\/06\\\/arquimaster.png\",\"width\":594,\"height\":78,\"caption\":\"Arquimaster\"},\"image\":{\"@id\":\"https:\\\/\\\/www.arquimaster.com.ar\\\/web\\\/#\\\/schema\\\/logo\\\/image\\\/\"},\"sameAs\":[\"http:\\\/\\\/www.facebook.com\\\/ARQUIMASTER.com.ar\",\"https:\\\/\\\/x.com\\\/arquimaster\",\"https:\\\/\\\/www.instagram.com\\\/arquimasterblog\\\/\",\"https:\\\/\\\/www.linkedin.com\\\/company\\\/arquimaster\",\"https:\\\/\\\/www.pinterest.com\\\/arquimaster\",\"https:\\\/\\\/t.me\\\/arquimaster\"]},{\"@type\":\"Person\",\"@id\":\"https:\\\/\\\/www.arquimaster.com.ar\\\/web\\\/#\\\/schema\\\/person\\\/359e9f7c00193fcde068e0dd2ceb0028\",\"name\":\"Arquimaster\"}]}<\/script>\n<!-- \/ Yoast SEO plugin. -->","yoast_head_json":{"title":"Restaurante Ritmo Formentera \/ Destudio Arquitectura - Arquimaster","description":"El proyecto de rehabilitaci\u00f3n subraya las arcadas de medio punto como el elemento caracter\u00edstico del edificio.","robots":{"index":"index","follow":"follow","max-snippet":"max-snippet:-1","max-image-preview":"max-image-preview:large","max-video-preview":"max-video-preview:-1"},"canonical":"https:\/\/www.arquimaster.com.ar\/web\/restaurante-ritmo-formentera-destudio-arquitectura\/","og_locale":"es_ES","og_type":"article","og_title":"Restaurante Ritmo Formentera \/ Destudio Arquitectura","og_description":"El proyecto de rehabilitaci\u00f3n subraya las arcadas de medio punto como el elemento caracter\u00edstico del edificio.","og_url":"https:\/\/www.arquimaster.com.ar\/web\/restaurante-ritmo-formentera-destudio-arquitectura\/","og_site_name":"Arquimaster","article_publisher":"http:\/\/www.facebook.com\/ARQUIMASTER.com.ar","article_published_time":"2021-10-06T23:45:06+00:00","article_modified_time":"2022-06-20T20:46:05+00:00","og_image":[{"width":698,"height":364,"url":"https:\/\/www.arquimaster.com.ar\/web\/wp-content\/uploads\/2021\/10\/restaurante_ritmo_slide.jpg","type":"image\/jpeg"}],"author":"Arquimaster","twitter_card":"summary_large_image","twitter_title":"Restaurante Ritmo Formentera \/ Destudio Arquitectura","twitter_description":"El proyecto de rehabilitaci\u00f3n subraya las arcadas de medio punto como el elemento caracter\u00edstico del edificio.","twitter_image":"https:\/\/www.arquimaster.com.ar\/web\/wp-content\/uploads\/2021\/10\/restaurante_ritmo_slide.jpg","twitter_creator":"@arquimaster","twitter_site":"@arquimaster","twitter_misc":{"Escrito por":"Arquimaster","Tiempo de lectura":"3 minutos"},"schema":{"@context":"https:\/\/schema.org","@graph":[{"@type":"Article","@id":"https:\/\/www.arquimaster.com.ar\/web\/restaurante-ritmo-formentera-destudio-arquitectura\/#article","isPartOf":{"@id":"https:\/\/www.arquimaster.com.ar\/web\/restaurante-ritmo-formentera-destudio-arquitectura\/"},"author":{"name":"Arquimaster","@id":"https:\/\/www.arquimaster.com.ar\/web\/#\/schema\/person\/359e9f7c00193fcde068e0dd2ceb0028"},"headline":"Restaurante Ritmo Formentera \/ Destudio Arquitectura","datePublished":"2021-10-06T23:45:06+00:00","dateModified":"2022-06-20T20:46:05+00:00","mainEntityOfPage":{"@id":"https:\/\/www.arquimaster.com.ar\/web\/restaurante-ritmo-formentera-destudio-arquitectura\/"},"wordCount":508,"publisher":{"@id":"https:\/\/www.arquimaster.com.ar\/web\/#organization"},"image":{"@id":"https:\/\/www.arquimaster.com.ar\/web\/restaurante-ritmo-formentera-destudio-arquitectura\/#primaryimage"},"thumbnailUrl":"https:\/\/www.arquimaster.com.ar\/web\/wp-content\/uploads\/2021\/10\/restaurante_ritmo_slide.jpg","keywords":["arquitectura comercial","Destudio","Destudio Arquitectura","Espa\u00f1a","Formentera","Islas Baleares","restaurante","Sant Ferran de ses Roques"],"articleSection":["Arquitectura comercial","Proyecto"],"inLanguage":"es"},{"@type":"WebPage","@id":"https:\/\/www.arquimaster.com.ar\/web\/restaurante-ritmo-formentera-destudio-arquitectura\/","url":"https:\/\/www.arquimaster.com.ar\/web\/restaurante-ritmo-formentera-destudio-arquitectura\/","name":"Restaurante Ritmo Formentera \/ Destudio Arquitectura - Arquimaster","isPartOf":{"@id":"https:\/\/www.arquimaster.com.ar\/web\/#website"},"primaryImageOfPage":{"@id":"https:\/\/www.arquimaster.com.ar\/web\/restaurante-ritmo-formentera-destudio-arquitectura\/#primaryimage"},"image":{"@id":"https:\/\/www.arquimaster.com.ar\/web\/restaurante-ritmo-formentera-destudio-arquitectura\/#primaryimage"},"thumbnailUrl":"https:\/\/www.arquimaster.com.ar\/web\/wp-content\/uploads\/2021\/10\/restaurante_ritmo_slide.jpg","datePublished":"2021-10-06T23:45:06+00:00","dateModified":"2022-06-20T20:46:05+00:00","description":"El proyecto de rehabilitaci\u00f3n subraya las arcadas de medio punto como el elemento caracter\u00edstico del edificio.","breadcrumb":{"@id":"https:\/\/www.arquimaster.com.ar\/web\/restaurante-ritmo-formentera-destudio-arquitectura\/#breadcrumb"},"inLanguage":"es","potentialAction":[{"@type":"ReadAction","target":["https:\/\/www.arquimaster.com.ar\/web\/restaurante-ritmo-formentera-destudio-arquitectura\/"]}]},{"@type":"ImageObject","inLanguage":"es","@id":"https:\/\/www.arquimaster.com.ar\/web\/restaurante-ritmo-formentera-destudio-arquitectura\/#primaryimage","url":"https:\/\/www.arquimaster.com.ar\/web\/wp-content\/uploads\/2021\/10\/restaurante_ritmo_slide.jpg","contentUrl":"https:\/\/www.arquimaster.com.ar\/web\/wp-content\/uploads\/2021\/10\/restaurante_ritmo_slide.jpg","width":698,"height":364,"caption":"Restaurante Ritmo Formentera \/ Destudio Arquitectura"},{"@type":"BreadcrumbList","@id":"https:\/\/www.arquimaster.com.ar\/web\/restaurante-ritmo-formentera-destudio-arquitectura\/#breadcrumb","itemListElement":[{"@type":"ListItem","position":1,"name":"Portada","item":"https:\/\/www.arquimaster.com.ar\/web\/"},{"@type":"ListItem","position":2,"name":"Restaurante Ritmo Formentera \/ Destudio Arquitectura"}]},{"@type":"WebSite","@id":"https:\/\/www.arquimaster.com.ar\/web\/#website","url":"https:\/\/www.arquimaster.com.ar\/web\/","name":"Arquimaster","description":"Web de arquitectura, dise\u00f1o y construccion","publisher":{"@id":"https:\/\/www.arquimaster.com.ar\/web\/#organization"},"potentialAction":[{"@type":"SearchAction","target":{"@type":"EntryPoint","urlTemplate":"https:\/\/www.arquimaster.com.ar\/web\/?s={search_term_string}"},"query-input":{"@type":"PropertyValueSpecification","valueRequired":true,"valueName":"search_term_string"}}],"inLanguage":"es"},{"@type":"Organization","@id":"https:\/\/www.arquimaster.com.ar\/web\/#organization","name":"Arquimaster","url":"https:\/\/www.arquimaster.com.ar\/web\/","logo":{"@type":"ImageObject","inLanguage":"es","@id":"https:\/\/www.arquimaster.com.ar\/web\/#\/schema\/logo\/image\/","url":"https:\/\/www.arquimaster.com.ar\/web\/wp-content\/uploads\/2022\/06\/arquimaster.png","contentUrl":"https:\/\/www.arquimaster.com.ar\/web\/wp-content\/uploads\/2022\/06\/arquimaster.png","width":594,"height":78,"caption":"Arquimaster"},"image":{"@id":"https:\/\/www.arquimaster.com.ar\/web\/#\/schema\/logo\/image\/"},"sameAs":["http:\/\/www.facebook.com\/ARQUIMASTER.com.ar","https:\/\/x.com\/arquimaster","https:\/\/www.instagram.com\/arquimasterblog\/","https:\/\/www.linkedin.com\/company\/arquimaster","https:\/\/www.pinterest.com\/arquimaster","https:\/\/t.me\/arquimaster"]},{"@type":"Person","@id":"https:\/\/www.arquimaster.com.ar\/web\/#\/schema\/person\/359e9f7c00193fcde068e0dd2ceb0028","name":"Arquimaster"}]}},"uagb_featured_image_src":{"full":["https:\/\/www.arquimaster.com.ar\/web\/wp-content\/uploads\/2021\/10\/restaurante_ritmo_slide.jpg",698,364,false],"thumbnail":["https:\/\/www.arquimaster.com.ar\/web\/wp-content\/uploads\/2021\/10\/restaurante_ritmo_slide-150x150.jpg",150,150,true],"medium":["https:\/\/www.arquimaster.com.ar\/web\/wp-content\/uploads\/2021\/10\/restaurante_ritmo_slide.jpg",698,364,false],"medium_large":["https:\/\/www.arquimaster.com.ar\/web\/wp-content\/uploads\/2021\/10\/restaurante_ritmo_slide.jpg",698,364,false],"large":["https:\/\/www.arquimaster.com.ar\/web\/wp-content\/uploads\/2021\/10\/restaurante_ritmo_slide.jpg",698,364,false],"1536x1536":["https:\/\/www.arquimaster.com.ar\/web\/wp-content\/uploads\/2021\/10\/restaurante_ritmo_slide.jpg",698,364,false],"2048x2048":["https:\/\/www.arquimaster.com.ar\/web\/wp-content\/uploads\/2021\/10\/restaurante_ritmo_slide.jpg",698,364,false]},"uagb_author_info":{"display_name":"Arquimaster","author_link":"https:\/\/www.arquimaster.com.ar\/web\/author\/arquimaster\/"},"uagb_comment_info":0,"uagb_excerpt":"La rehabilitaci\u00f3n subraya las arcadas de medio punto como el elemento...","_links":{"self":[{"href":"https:\/\/www.arquimaster.com.ar\/web\/wp-json\/wp\/v2\/posts\/67508","targetHints":{"allow":["GET"]}}],"collection":[{"href":"https:\/\/www.arquimaster.com.ar\/web\/wp-json\/wp\/v2\/posts"}],"about":[{"href":"https:\/\/www.arquimaster.com.ar\/web\/wp-json\/wp\/v2\/types\/post"}],"author":[{"embeddable":true,"href":"https:\/\/www.arquimaster.com.ar\/web\/wp-json\/wp\/v2\/users\/1"}],"replies":[{"embeddable":true,"href":"https:\/\/www.arquimaster.com.ar\/web\/wp-json\/wp\/v2\/comments?post=67508"}],"version-history":[{"count":3,"href":"https:\/\/www.arquimaster.com.ar\/web\/wp-json\/wp\/v2\/posts\/67508\/revisions"}],"predecessor-version":[{"id":67546,"href":"https:\/\/www.arquimaster.com.ar\/web\/wp-json\/wp\/v2\/posts\/67508\/revisions\/67546"}],"wp:featuredmedia":[{"embeddable":true,"href":"https:\/\/www.arquimaster.com.ar\/web\/wp-json\/wp\/v2\/media\/67509"}],"wp:attachment":[{"href":"https:\/\/www.arquimaster.com.ar\/web\/wp-json\/wp\/v2\/media?parent=67508"}],"wp:term":[{"taxonomy":"category","embeddable":true,"href":"https:\/\/www.arquimaster.com.ar\/web\/wp-json\/wp\/v2\/categories?post=67508"},{"taxonomy":"post_tag","embeddable":true,"href":"https:\/\/www.arquimaster.com.ar\/web\/wp-json\/wp\/v2\/tags?post=67508"}],"curies":[{"name":"wp","href":"https:\/\/api.w.org\/{rel}","templated":true}]}}