{"id":67991,"date":"2021-11-24T14:27:03","date_gmt":"2021-11-24T17:27:03","guid":{"rendered":"https:\/\/www.arquimaster.com.ar\/web\/?p=67991"},"modified":"2022-07-19T17:33:56","modified_gmt":"2022-07-19T20:33:56","slug":"casa-e-estudio-pka","status":"publish","type":"post","link":"https:\/\/www.arquimaster.com.ar\/web\/casa-e-estudio-pka\/","title":{"rendered":"Casa E \/ Estudio PKa"},"content":{"rendered":"<div style=\"margin-top: 0px; margin-bottom: 0px;\" class=\"sharethis-inline-share-buttons\" ><\/div><div class=\"b812932af2e751442846f039925109de\" data-index=\"1\" style=\"float: none; margin:25px 0 25px 0; text-align:center;\">\n<script async src=\"https:\/\/pagead2.googlesyndication.com\/pagead\/js\/adsbygoogle.js\"><\/script>\r\n<!-- Arquimaster (superior) -->\r\n<ins class=\"adsbygoogle\"\r\n     style=\"display:block\"\r\n     data-ad-client=\"ca-pub-6351072698456832\"\r\n     data-ad-slot=\"6455489680\"\r\n     data-ad-format=\"auto\"\r\n     data-full-width-responsive=\"true\"><\/ins>\r\n<script>\r\n     (adsbygoogle = window.adsbygoogle || []).push({});\r\n<\/script>\n<\/div>\n<p><strong>Casa E<\/strong> (Barrio Isla del sol, Tigre, Pcia. de Buenos Aires, Argentina) por <strong>Estudio PKa<\/strong>. La casa se implanta y convive con la normativa del lugar. A la hora de proyectarla nos enfrentamos a un terreno de esquina, con una tipolog\u00eda at\u00edpica dentro de las implantaciones que se trabajan normalmente en el estudio.<\/p>\n<p>Decidimos un dise\u00f1o partiendo de una barra en L ubicada a contraposici\u00f3n de la esquina, que en lugar de tener la forma de la misma, configura dos jardines, uno lateral interno que envuelve la barra y otro exterior.<\/p>\n<div id='gallery-1' class='gallery galleryid-67991 gallery-columns-3 gallery-size-thumbnail'><figure class='gallery-item'>\n\t\t\t<div class='gallery-icon landscape'>\n\t\t\t\t<a href='https:\/\/www.arquimaster.com.ar\/web\/wp-content\/uploads\/2021\/11\/casa_e1.jpg' title=\"Casa E \/ Estudio PKa (\u00a9 Alejandro Peral)\" data-rl_title=\"Casa E \/ Estudio PKa (\u00a9 Alejandro Peral)\" class=\"rl-gallery-link\" data-rl_caption=\"Casa E \/ Estudio PKa (\u00a9 Alejandro Peral)\" data-rel=\"lightbox-gallery-1\"><img loading=\"lazy\" decoding=\"async\" width=\"150\" height=\"150\" src=\"https:\/\/www.arquimaster.com.ar\/web\/wp-content\/uploads\/2021\/11\/casa_e1-150x150.jpg\" class=\"attachment-thumbnail size-thumbnail\" alt=\"Casa E \/ Estudio PKa\" aria-describedby=\"gallery-1-67993\" \/><\/a>\n\t\t\t<\/div>\n\t\t\t\t<figcaption class='wp-caption-text gallery-caption' id='gallery-1-67993'>\n\t\t\t\tCasa E \/ Estudio PKa (\u00a9 Alejandro Peral)\n\t\t\t\t<\/figcaption><\/figure><figure class='gallery-item'>\n\t\t\t<div class='gallery-icon landscape'>\n\t\t\t\t<a href='https:\/\/www.arquimaster.com.ar\/web\/wp-content\/uploads\/2021\/11\/casa_e2.jpg' title=\"Casa E \/ Estudio PKa (\u00a9 Alejandro Peral)\" data-rl_title=\"Casa E \/ Estudio PKa (\u00a9 Alejandro Peral)\" class=\"rl-gallery-link\" data-rl_caption=\"Casa E \/ Estudio PKa (\u00a9 Alejandro Peral)\" data-rel=\"lightbox-gallery-1\"><img loading=\"lazy\" decoding=\"async\" width=\"150\" height=\"150\" src=\"https:\/\/www.arquimaster.com.ar\/web\/wp-content\/uploads\/2021\/11\/casa_e2-150x150.jpg\" class=\"attachment-thumbnail size-thumbnail\" alt=\"Casa E \/ Estudio PKa\" aria-describedby=\"gallery-1-67994\" \/><\/a>\n\t\t\t<\/div>\n\t\t\t\t<figcaption class='wp-caption-text gallery-caption' id='gallery-1-67994'>\n\t\t\t\tCasa E \/ Estudio PKa (\u00a9 Alejandro Peral)\n\t\t\t\t<\/figcaption><\/figure><figure class='gallery-item'>\n\t\t\t<div class='gallery-icon portrait'>\n\t\t\t\t<a href='https:\/\/www.arquimaster.com.ar\/web\/wp-content\/uploads\/2021\/11\/casa_e3.jpg' title=\"Casa E \/ Estudio PKa (\u00a9 Alejandro Peral)\" data-rl_title=\"Casa E \/ Estudio PKa (\u00a9 Alejandro Peral)\" class=\"rl-gallery-link\" data-rl_caption=\"Casa E \/ Estudio PKa (\u00a9 Alejandro Peral)\" data-rel=\"lightbox-gallery-1\"><img loading=\"lazy\" decoding=\"async\" width=\"150\" height=\"150\" src=\"https:\/\/www.arquimaster.com.ar\/web\/wp-content\/uploads\/2021\/11\/casa_e3-150x150.jpg\" class=\"attachment-thumbnail size-thumbnail\" alt=\"Casa E \/ Estudio PKa\" aria-describedby=\"gallery-1-67995\" \/><\/a>\n\t\t\t<\/div>\n\t\t\t\t<figcaption class='wp-caption-text gallery-caption' id='gallery-1-67995'>\n\t\t\t\tCasa E \/ Estudio PKa (\u00a9 Alejandro Peral)\n\t\t\t\t<\/figcaption><\/figure><figure class='gallery-item'>\n\t\t\t<div class='gallery-icon portrait'>\n\t\t\t\t<a href='https:\/\/www.arquimaster.com.ar\/web\/wp-content\/uploads\/2021\/11\/casa_e4.jpg' title=\"Casa E \/ Estudio PKa (\u00a9 Alejandro Peral)\" data-rl_title=\"Casa E \/ Estudio PKa (\u00a9 Alejandro Peral)\" class=\"rl-gallery-link\" data-rl_caption=\"Casa E \/ Estudio PKa (\u00a9 Alejandro Peral)\" data-rel=\"lightbox-gallery-1\"><img loading=\"lazy\" decoding=\"async\" width=\"150\" height=\"150\" src=\"https:\/\/www.arquimaster.com.ar\/web\/wp-content\/uploads\/2021\/11\/casa_e4-150x150.jpg\" class=\"attachment-thumbnail size-thumbnail\" alt=\"Casa E \/ Estudio PKa\" aria-describedby=\"gallery-1-67996\" \/><\/a>\n\t\t\t<\/div>\n\t\t\t\t<figcaption class='wp-caption-text gallery-caption' id='gallery-1-67996'>\n\t\t\t\tCasa E \/ Estudio PKa (\u00a9 Alejandro Peral)\n\t\t\t\t<\/figcaption><\/figure><figure class='gallery-item'>\n\t\t\t<div class='gallery-icon portrait'>\n\t\t\t\t<a href='https:\/\/www.arquimaster.com.ar\/web\/wp-content\/uploads\/2021\/11\/casa_e5.jpg' title=\"Casa E \/ Estudio PKa (\u00a9 Alejandro Peral)\" data-rl_title=\"Casa E \/ Estudio PKa (\u00a9 Alejandro Peral)\" class=\"rl-gallery-link\" data-rl_caption=\"Casa E \/ Estudio PKa (\u00a9 Alejandro Peral)\" data-rel=\"lightbox-gallery-1\"><img loading=\"lazy\" decoding=\"async\" width=\"150\" height=\"150\" src=\"https:\/\/www.arquimaster.com.ar\/web\/wp-content\/uploads\/2021\/11\/casa_e5-150x150.jpg\" class=\"attachment-thumbnail size-thumbnail\" alt=\"Casa E \/ Estudio PKa\" aria-describedby=\"gallery-1-67997\" \/><\/a>\n\t\t\t<\/div>\n\t\t\t\t<figcaption class='wp-caption-text gallery-caption' id='gallery-1-67997'>\n\t\t\t\tCasa E \/ Estudio PKa (\u00a9 Alejandro Peral)\n\t\t\t\t<\/figcaption><\/figure><figure class='gallery-item'>\n\t\t\t<div class='gallery-icon portrait'>\n\t\t\t\t<a href='https:\/\/www.arquimaster.com.ar\/web\/wp-content\/uploads\/2021\/11\/casa_e6.jpg' title=\"Casa E \/ Estudio PKa (\u00a9 Alejandro Peral)\" data-rl_title=\"Casa E \/ Estudio PKa (\u00a9 Alejandro Peral)\" class=\"rl-gallery-link\" data-rl_caption=\"Casa E \/ Estudio PKa (\u00a9 Alejandro Peral)\" data-rel=\"lightbox-gallery-1\"><img loading=\"lazy\" decoding=\"async\" width=\"150\" height=\"150\" src=\"https:\/\/www.arquimaster.com.ar\/web\/wp-content\/uploads\/2021\/11\/casa_e6-150x150.jpg\" class=\"attachment-thumbnail size-thumbnail\" alt=\"Casa E \/ Estudio PKa\" aria-describedby=\"gallery-1-67998\" \/><\/a>\n\t\t\t<\/div>\n\t\t\t\t<figcaption class='wp-caption-text gallery-caption' id='gallery-1-67998'>\n\t\t\t\tCasa E \/ Estudio PKa (\u00a9 Alejandro Peral)\n\t\t\t\t<\/figcaption><\/figure><figure class='gallery-item'>\n\t\t\t<div class='gallery-icon portrait'>\n\t\t\t\t<a href='https:\/\/www.arquimaster.com.ar\/web\/wp-content\/uploads\/2021\/11\/casa_e7.jpg' title=\"Casa E \/ Estudio PKa (\u00a9 Alejandro Peral)\" data-rl_title=\"Casa E \/ Estudio PKa (\u00a9 Alejandro Peral)\" class=\"rl-gallery-link\" data-rl_caption=\"Casa E \/ Estudio PKa (\u00a9 Alejandro Peral)\" data-rel=\"lightbox-gallery-1\"><img loading=\"lazy\" decoding=\"async\" width=\"150\" height=\"150\" src=\"https:\/\/www.arquimaster.com.ar\/web\/wp-content\/uploads\/2021\/11\/casa_e7-150x150.jpg\" class=\"attachment-thumbnail size-thumbnail\" alt=\"Casa E \/ Estudio PKa\" aria-describedby=\"gallery-1-67999\" \/><\/a>\n\t\t\t<\/div>\n\t\t\t\t<figcaption class='wp-caption-text gallery-caption' id='gallery-1-67999'>\n\t\t\t\tCasa E \/ Estudio PKa (\u00a9 Alejandro Peral)\n\t\t\t\t<\/figcaption><\/figure><figure class='gallery-item'>\n\t\t\t<div class='gallery-icon portrait'>\n\t\t\t\t<a href='https:\/\/www.arquimaster.com.ar\/web\/wp-content\/uploads\/2021\/11\/casa_e8.jpg' title=\"Casa E \/ Estudio PKa (\u00a9 Alejandro Peral)\" data-rl_title=\"Casa E \/ Estudio PKa (\u00a9 Alejandro Peral)\" class=\"rl-gallery-link\" data-rl_caption=\"Casa E \/ Estudio PKa (\u00a9 Alejandro Peral)\" data-rel=\"lightbox-gallery-1\"><img loading=\"lazy\" decoding=\"async\" width=\"150\" height=\"150\" src=\"https:\/\/www.arquimaster.com.ar\/web\/wp-content\/uploads\/2021\/11\/casa_e8-150x150.jpg\" class=\"attachment-thumbnail size-thumbnail\" alt=\"Casa E \/ Estudio PKa\" aria-describedby=\"gallery-1-68000\" \/><\/a>\n\t\t\t<\/div>\n\t\t\t\t<figcaption class='wp-caption-text gallery-caption' id='gallery-1-68000'>\n\t\t\t\tCasa E \/ Estudio PKa (\u00a9 Alejandro Peral)\n\t\t\t\t<\/figcaption><\/figure><figure class='gallery-item'>\n\t\t\t<div class='gallery-icon landscape'>\n\t\t\t\t<a href='https:\/\/www.arquimaster.com.ar\/web\/wp-content\/uploads\/2021\/11\/casa_e9.jpg' title=\"Casa E \/ Estudio PKa (\u00a9 Alejandro Peral)\" data-rl_title=\"Casa E \/ Estudio PKa (\u00a9 Alejandro Peral)\" class=\"rl-gallery-link\" data-rl_caption=\"Casa E \/ Estudio PKa (\u00a9 Alejandro Peral)\" data-rel=\"lightbox-gallery-1\"><img loading=\"lazy\" decoding=\"async\" width=\"150\" height=\"150\" src=\"https:\/\/www.arquimaster.com.ar\/web\/wp-content\/uploads\/2021\/11\/casa_e9-150x150.jpg\" class=\"attachment-thumbnail size-thumbnail\" alt=\"Casa E \/ Estudio PKa\" aria-describedby=\"gallery-1-68001\" \/><\/a>\n\t\t\t<\/div>\n\t\t\t\t<figcaption class='wp-caption-text gallery-caption' id='gallery-1-68001'>\n\t\t\t\tCasa E \/ Estudio PKa (\u00a9 Alejandro Peral)\n\t\t\t\t<\/figcaption><\/figure><figure class='gallery-item'>\n\t\t\t<div class='gallery-icon portrait'>\n\t\t\t\t<a href='https:\/\/www.arquimaster.com.ar\/web\/wp-content\/uploads\/2021\/11\/casa_e10.jpg' title=\"Casa E \/ Estudio PKa (\u00a9 Alejandro Peral)\" data-rl_title=\"Casa E \/ Estudio PKa (\u00a9 Alejandro Peral)\" class=\"rl-gallery-link\" data-rl_caption=\"Casa E \/ Estudio PKa (\u00a9 Alejandro Peral)\" data-rel=\"lightbox-gallery-1\"><img loading=\"lazy\" decoding=\"async\" width=\"150\" height=\"150\" src=\"https:\/\/www.arquimaster.com.ar\/web\/wp-content\/uploads\/2021\/11\/casa_e10-150x150.jpg\" class=\"attachment-thumbnail size-thumbnail\" alt=\"Casa E \/ Estudio PKa\" aria-describedby=\"gallery-1-68002\" \/><\/a>\n\t\t\t<\/div>\n\t\t\t\t<figcaption class='wp-caption-text gallery-caption' id='gallery-1-68002'>\n\t\t\t\tCasa E \/ Estudio PKa (\u00a9 Alejandro Peral)\n\t\t\t\t<\/figcaption><\/figure><figure class='gallery-item'>\n\t\t\t<div class='gallery-icon portrait'>\n\t\t\t\t<a href='https:\/\/www.arquimaster.com.ar\/web\/wp-content\/uploads\/2021\/11\/casa_e11.jpg' title=\"Casa E \/ Estudio PKa (\u00a9 Alejandro Peral)\" data-rl_title=\"Casa E \/ Estudio PKa (\u00a9 Alejandro Peral)\" class=\"rl-gallery-link\" data-rl_caption=\"Casa E \/ Estudio PKa (\u00a9 Alejandro Peral)\" data-rel=\"lightbox-gallery-1\"><img loading=\"lazy\" decoding=\"async\" width=\"150\" height=\"150\" src=\"https:\/\/www.arquimaster.com.ar\/web\/wp-content\/uploads\/2021\/11\/casa_e11-150x150.jpg\" class=\"attachment-thumbnail size-thumbnail\" alt=\"Casa E \/ Estudio PKa\" aria-describedby=\"gallery-1-68003\" \/><\/a>\n\t\t\t<\/div>\n\t\t\t\t<figcaption class='wp-caption-text gallery-caption' id='gallery-1-68003'>\n\t\t\t\tCasa E \/ Estudio PKa (\u00a9 Alejandro Peral)\n\t\t\t\t<\/figcaption><\/figure><figure class='gallery-item'>\n\t\t\t<div class='gallery-icon portrait'>\n\t\t\t\t<a href='https:\/\/www.arquimaster.com.ar\/web\/wp-content\/uploads\/2021\/11\/casa_e12.jpg' title=\"Casa E \/ Estudio PKa (\u00a9 Alejandro Peral)\" data-rl_title=\"Casa E \/ Estudio PKa (\u00a9 Alejandro Peral)\" class=\"rl-gallery-link\" data-rl_caption=\"Casa E \/ Estudio PKa (\u00a9 Alejandro Peral)\" data-rel=\"lightbox-gallery-1\"><img loading=\"lazy\" decoding=\"async\" width=\"150\" height=\"150\" src=\"https:\/\/www.arquimaster.com.ar\/web\/wp-content\/uploads\/2021\/11\/casa_e12-150x150.jpg\" class=\"attachment-thumbnail size-thumbnail\" alt=\"Casa E \/ Estudio PKa\" aria-describedby=\"gallery-1-68004\" \/><\/a>\n\t\t\t<\/div>\n\t\t\t\t<figcaption class='wp-caption-text gallery-caption' id='gallery-1-68004'>\n\t\t\t\tCasa E \/ Estudio PKa (\u00a9 Alejandro Peral)\n\t\t\t\t<\/figcaption><\/figure><figure class='gallery-item'>\n\t\t\t<div class='gallery-icon portrait'>\n\t\t\t\t<a href='https:\/\/www.arquimaster.com.ar\/web\/wp-content\/uploads\/2021\/11\/casa_e13.jpg' title=\"Casa E \/ Estudio PKa (\u00a9 Alejandro Peral)\" data-rl_title=\"Casa E \/ Estudio PKa (\u00a9 Alejandro Peral)\" class=\"rl-gallery-link\" data-rl_caption=\"Casa E \/ Estudio PKa (\u00a9 Alejandro Peral)\" data-rel=\"lightbox-gallery-1\"><img loading=\"lazy\" decoding=\"async\" width=\"150\" height=\"150\" src=\"https:\/\/www.arquimaster.com.ar\/web\/wp-content\/uploads\/2021\/11\/casa_e13-150x150.jpg\" class=\"attachment-thumbnail size-thumbnail\" alt=\"Casa E \/ Estudio PKa\" aria-describedby=\"gallery-1-68005\" \/><\/a>\n\t\t\t<\/div>\n\t\t\t\t<figcaption class='wp-caption-text gallery-caption' id='gallery-1-68005'>\n\t\t\t\tCasa E \/ Estudio PKa (\u00a9 Alejandro Peral)\n\t\t\t\t<\/figcaption><\/figure><figure class='gallery-item'>\n\t\t\t<div class='gallery-icon portrait'>\n\t\t\t\t<a href='https:\/\/www.arquimaster.com.ar\/web\/wp-content\/uploads\/2021\/11\/casa_e14.jpg' title=\"Casa E \/ Estudio PKa (\u00a9 Alejandro Peral)\" data-rl_title=\"Casa E \/ Estudio PKa (\u00a9 Alejandro Peral)\" class=\"rl-gallery-link\" data-rl_caption=\"Casa E \/ Estudio PKa (\u00a9 Alejandro Peral)\" data-rel=\"lightbox-gallery-1\"><img loading=\"lazy\" decoding=\"async\" width=\"150\" height=\"150\" src=\"https:\/\/www.arquimaster.com.ar\/web\/wp-content\/uploads\/2021\/11\/casa_e14-150x150.jpg\" class=\"attachment-thumbnail size-thumbnail\" alt=\"Casa E \/ Estudio PKa\" aria-describedby=\"gallery-1-68006\" \/><\/a>\n\t\t\t<\/div>\n\t\t\t\t<figcaption class='wp-caption-text gallery-caption' id='gallery-1-68006'>\n\t\t\t\tCasa E \/ Estudio PKa (\u00a9 Alejandro Peral)\n\t\t\t\t<\/figcaption><\/figure><figure class='gallery-item'>\n\t\t\t<div class='gallery-icon portrait'>\n\t\t\t\t<a href='https:\/\/www.arquimaster.com.ar\/web\/wp-content\/uploads\/2021\/11\/casa_e15.jpg' title=\"Casa E \/ Estudio PKa (\u00a9 Alejandro Peral)\" data-rl_title=\"Casa E \/ Estudio PKa (\u00a9 Alejandro Peral)\" class=\"rl-gallery-link\" data-rl_caption=\"Casa E \/ Estudio PKa (\u00a9 Alejandro Peral)\" data-rel=\"lightbox-gallery-1\"><img loading=\"lazy\" decoding=\"async\" width=\"150\" height=\"150\" src=\"https:\/\/www.arquimaster.com.ar\/web\/wp-content\/uploads\/2021\/11\/casa_e15-150x150.jpg\" class=\"attachment-thumbnail size-thumbnail\" alt=\"Casa E \/ Estudio PKa\" aria-describedby=\"gallery-1-68007\" \/><\/a>\n\t\t\t<\/div>\n\t\t\t\t<figcaption class='wp-caption-text gallery-caption' id='gallery-1-68007'>\n\t\t\t\tCasa E \/ Estudio PKa (\u00a9 Alejandro Peral)\n\t\t\t\t<\/figcaption><\/figure><figure class='gallery-item'>\n\t\t\t<div class='gallery-icon portrait'>\n\t\t\t\t<a href='https:\/\/www.arquimaster.com.ar\/web\/wp-content\/uploads\/2021\/11\/casa_e16.jpg' title=\"Casa E \/ Estudio PKa (\u00a9 Alejandro Peral)\" data-rl_title=\"Casa E \/ Estudio PKa (\u00a9 Alejandro Peral)\" class=\"rl-gallery-link\" data-rl_caption=\"Casa E \/ Estudio PKa (\u00a9 Alejandro Peral)\" data-rel=\"lightbox-gallery-1\"><img loading=\"lazy\" decoding=\"async\" width=\"150\" height=\"150\" src=\"https:\/\/www.arquimaster.com.ar\/web\/wp-content\/uploads\/2021\/11\/casa_e16-150x150.jpg\" class=\"attachment-thumbnail size-thumbnail\" alt=\"Casa E \/ Estudio PKa\" aria-describedby=\"gallery-1-68009\" \/><\/a>\n\t\t\t<\/div>\n\t\t\t\t<figcaption class='wp-caption-text gallery-caption' id='gallery-1-68009'>\n\t\t\t\tCasa E \/ Estudio PKa (\u00a9 Alejandro Peral)\n\t\t\t\t<\/figcaption><\/figure><figure class='gallery-item'>\n\t\t\t<div class='gallery-icon portrait'>\n\t\t\t\t<a href='https:\/\/www.arquimaster.com.ar\/web\/wp-content\/uploads\/2021\/11\/casa_e17.jpg' title=\"Casa E \/ Estudio PKa (\u00a9 Alejandro Peral)\" data-rl_title=\"Casa E \/ Estudio PKa (\u00a9 Alejandro Peral)\" class=\"rl-gallery-link\" data-rl_caption=\"Casa E \/ Estudio PKa (\u00a9 Alejandro Peral)\" data-rel=\"lightbox-gallery-1\"><img loading=\"lazy\" decoding=\"async\" width=\"150\" height=\"150\" src=\"https:\/\/www.arquimaster.com.ar\/web\/wp-content\/uploads\/2021\/11\/casa_e17-150x150.jpg\" class=\"attachment-thumbnail size-thumbnail\" alt=\"Casa E \/ Estudio PKa\" aria-describedby=\"gallery-1-68010\" \/><\/a>\n\t\t\t<\/div>\n\t\t\t\t<figcaption class='wp-caption-text gallery-caption' id='gallery-1-68010'>\n\t\t\t\tCasa E \/ Estudio PKa (\u00a9 Alejandro Peral)\n\t\t\t\t<\/figcaption><\/figure><figure class='gallery-item'>\n\t\t\t<div class='gallery-icon landscape'>\n\t\t\t\t<a href='https:\/\/www.arquimaster.com.ar\/web\/wp-content\/uploads\/2021\/11\/casa_e18.jpg' title=\"Casa E \/ Estudio PKa (\u00a9 Alejandro Peral)\" data-rl_title=\"Casa E \/ Estudio PKa (\u00a9 Alejandro Peral)\" class=\"rl-gallery-link\" data-rl_caption=\"Casa E \/ Estudio PKa (\u00a9 Alejandro Peral)\" data-rel=\"lightbox-gallery-1\"><img loading=\"lazy\" decoding=\"async\" width=\"150\" height=\"150\" src=\"https:\/\/www.arquimaster.com.ar\/web\/wp-content\/uploads\/2021\/11\/casa_e18-150x150.jpg\" class=\"attachment-thumbnail size-thumbnail\" alt=\"Casa E \/ Estudio PKa\" aria-describedby=\"gallery-1-68011\" \/><\/a>\n\t\t\t<\/div>\n\t\t\t\t<figcaption class='wp-caption-text gallery-caption' id='gallery-1-68011'>\n\t\t\t\tCasa E \/ Estudio PKa (\u00a9 Alejandro Peral)\n\t\t\t\t<\/figcaption><\/figure><figure class='gallery-item'>\n\t\t\t<div class='gallery-icon landscape'>\n\t\t\t\t<a href='https:\/\/www.arquimaster.com.ar\/web\/wp-content\/uploads\/2021\/11\/casa_e19.jpg' title=\"Casa E \/ Estudio PKa (\u00a9 Alejandro Peral)\" data-rl_title=\"Casa E \/ Estudio PKa (\u00a9 Alejandro Peral)\" class=\"rl-gallery-link\" data-rl_caption=\"Casa E \/ Estudio PKa (\u00a9 Alejandro Peral)\" data-rel=\"lightbox-gallery-1\"><img loading=\"lazy\" decoding=\"async\" width=\"150\" height=\"150\" src=\"https:\/\/www.arquimaster.com.ar\/web\/wp-content\/uploads\/2021\/11\/casa_e19-150x150.jpg\" class=\"attachment-thumbnail size-thumbnail\" alt=\"Casa E \/ Estudio PKa\" aria-describedby=\"gallery-1-68012\" \/><\/a>\n\t\t\t<\/div>\n\t\t\t\t<figcaption class='wp-caption-text gallery-caption' id='gallery-1-68012'>\n\t\t\t\tCasa E \/ Estudio PKa (\u00a9 Alejandro Peral)\n\t\t\t\t<\/figcaption><\/figure><figure class='gallery-item'>\n\t\t\t<div class='gallery-icon landscape'>\n\t\t\t\t<a href='https:\/\/www.arquimaster.com.ar\/web\/wp-content\/uploads\/2021\/11\/casa_e20.jpg' title=\"Casa E \/ Estudio PKa (\u00a9 Alejandro Peral)\" data-rl_title=\"Casa E \/ Estudio PKa (\u00a9 Alejandro Peral)\" class=\"rl-gallery-link\" data-rl_caption=\"Casa E \/ Estudio PKa (\u00a9 Alejandro Peral)\" data-rel=\"lightbox-gallery-1\"><img loading=\"lazy\" decoding=\"async\" width=\"150\" height=\"150\" src=\"https:\/\/www.arquimaster.com.ar\/web\/wp-content\/uploads\/2021\/11\/casa_e20-150x150.jpg\" class=\"attachment-thumbnail size-thumbnail\" alt=\"Casa E \/ Estudio PKa\" aria-describedby=\"gallery-1-68013\" \/><\/a>\n\t\t\t<\/div>\n\t\t\t\t<figcaption class='wp-caption-text gallery-caption' id='gallery-1-68013'>\n\t\t\t\tCasa E \/ Estudio PKa (\u00a9 Alejandro Peral)\n\t\t\t\t<\/figcaption><\/figure><figure class='gallery-item'>\n\t\t\t<div class='gallery-icon portrait'>\n\t\t\t\t<a href='https:\/\/www.arquimaster.com.ar\/web\/wp-content\/uploads\/2021\/11\/casa_e21.jpg' title=\"Casa E \/ Estudio PKa (\u00a9 Alejandro Peral)\" data-rl_title=\"Casa E \/ Estudio PKa (\u00a9 Alejandro Peral)\" class=\"rl-gallery-link\" data-rl_caption=\"Casa E \/ Estudio PKa (\u00a9 Alejandro Peral)\" data-rel=\"lightbox-gallery-1\"><img loading=\"lazy\" decoding=\"async\" width=\"150\" height=\"150\" src=\"https:\/\/www.arquimaster.com.ar\/web\/wp-content\/uploads\/2021\/11\/casa_e21-150x150.jpg\" class=\"attachment-thumbnail size-thumbnail\" alt=\"Casa E \/ Estudio PKa\" aria-describedby=\"gallery-1-68014\" \/><\/a>\n\t\t\t<\/div>\n\t\t\t\t<figcaption class='wp-caption-text gallery-caption' id='gallery-1-68014'>\n\t\t\t\tCasa E \/ Estudio PKa (\u00a9 Alejandro Peral)\n\t\t\t\t<\/figcaption><\/figure><figure class='gallery-item'>\n\t\t\t<div class='gallery-icon portrait'>\n\t\t\t\t<a href='https:\/\/www.arquimaster.com.ar\/web\/wp-content\/uploads\/2021\/11\/casa_e22.jpg' title=\"Casa E \/ Estudio PKa (\u00a9 Alejandro Peral)\" data-rl_title=\"Casa E \/ Estudio PKa (\u00a9 Alejandro Peral)\" class=\"rl-gallery-link\" data-rl_caption=\"Casa E \/ Estudio PKa (\u00a9 Alejandro Peral)\" data-rel=\"lightbox-gallery-1\"><img loading=\"lazy\" decoding=\"async\" width=\"150\" height=\"150\" src=\"https:\/\/www.arquimaster.com.ar\/web\/wp-content\/uploads\/2021\/11\/casa_e22-150x150.jpg\" class=\"attachment-thumbnail size-thumbnail\" alt=\"Casa E \/ Estudio PKa\" aria-describedby=\"gallery-1-68015\" \/><\/a>\n\t\t\t<\/div>\n\t\t\t\t<figcaption class='wp-caption-text gallery-caption' id='gallery-1-68015'>\n\t\t\t\tCasa E \/ Estudio PKa (\u00a9 Alejandro Peral)\n\t\t\t\t<\/figcaption><\/figure><figure class='gallery-item'>\n\t\t\t<div class='gallery-icon portrait'>\n\t\t\t\t<a href='https:\/\/www.arquimaster.com.ar\/web\/wp-content\/uploads\/2021\/11\/casa_e23.jpg' title=\"Casa E \/ Estudio PKa (\u00a9 Alejandro Peral)\" data-rl_title=\"Casa E \/ Estudio PKa (\u00a9 Alejandro Peral)\" class=\"rl-gallery-link\" data-rl_caption=\"Casa E \/ Estudio PKa (\u00a9 Alejandro Peral)\" data-rel=\"lightbox-gallery-1\"><img loading=\"lazy\" decoding=\"async\" width=\"150\" height=\"150\" src=\"https:\/\/www.arquimaster.com.ar\/web\/wp-content\/uploads\/2021\/11\/casa_e23-150x150.jpg\" class=\"attachment-thumbnail size-thumbnail\" alt=\"Casa E \/ Estudio PKa\" aria-describedby=\"gallery-1-68016\" \/><\/a>\n\t\t\t<\/div>\n\t\t\t\t<figcaption class='wp-caption-text gallery-caption' id='gallery-1-68016'>\n\t\t\t\tCasa E \/ Estudio PKa (\u00a9 Alejandro Peral)\n\t\t\t\t<\/figcaption><\/figure><figure class='gallery-item'>\n\t\t\t<div class='gallery-icon portrait'>\n\t\t\t\t<a href='https:\/\/www.arquimaster.com.ar\/web\/wp-content\/uploads\/2021\/11\/casa_e24.jpg' title=\"Casa E \/ Estudio PKa (\u00a9 Alejandro Peral)\" data-rl_title=\"Casa E \/ Estudio PKa (\u00a9 Alejandro Peral)\" class=\"rl-gallery-link\" data-rl_caption=\"Casa E \/ Estudio PKa (\u00a9 Alejandro Peral)\" data-rel=\"lightbox-gallery-1\"><img loading=\"lazy\" decoding=\"async\" width=\"150\" height=\"150\" src=\"https:\/\/www.arquimaster.com.ar\/web\/wp-content\/uploads\/2021\/11\/casa_e24-150x150.jpg\" class=\"attachment-thumbnail size-thumbnail\" alt=\"Casa E \/ Estudio PKa\" aria-describedby=\"gallery-1-68017\" \/><\/a>\n\t\t\t<\/div>\n\t\t\t\t<figcaption class='wp-caption-text gallery-caption' id='gallery-1-68017'>\n\t\t\t\tCasa E \/ Estudio PKa (\u00a9 Alejandro Peral)\n\t\t\t\t<\/figcaption><\/figure><figure class='gallery-item'>\n\t\t\t<div class='gallery-icon landscape'>\n\t\t\t\t<a href='https:\/\/www.arquimaster.com.ar\/web\/wp-content\/uploads\/2021\/11\/casa_e25.jpg' title=\"Casa E \/ Estudio PKa (\u00a9 Alejandro Peral)\" data-rl_title=\"Casa E \/ Estudio PKa (\u00a9 Alejandro Peral)\" class=\"rl-gallery-link\" data-rl_caption=\"Casa E \/ Estudio PKa (\u00a9 Alejandro Peral)\" data-rel=\"lightbox-gallery-1\"><img loading=\"lazy\" decoding=\"async\" width=\"150\" height=\"150\" src=\"https:\/\/www.arquimaster.com.ar\/web\/wp-content\/uploads\/2021\/11\/casa_e25-150x150.jpg\" class=\"attachment-thumbnail size-thumbnail\" alt=\"Casa E \/ Estudio PKa\" aria-describedby=\"gallery-1-68018\" \/><\/a>\n\t\t\t<\/div>\n\t\t\t\t<figcaption class='wp-caption-text gallery-caption' id='gallery-1-68018'>\n\t\t\t\tCasa E \/ Estudio PKa (\u00a9 Alejandro Peral)\n\t\t\t\t<\/figcaption><\/figure><figure class='gallery-item'>\n\t\t\t<div class='gallery-icon portrait'>\n\t\t\t\t<a href='https:\/\/www.arquimaster.com.ar\/web\/wp-content\/uploads\/2021\/11\/casa_e26.jpg' title=\"Casa E \/ Estudio PKa (\u00a9 Alejandro Peral)\" data-rl_title=\"Casa E \/ Estudio PKa (\u00a9 Alejandro Peral)\" class=\"rl-gallery-link\" data-rl_caption=\"Casa E \/ Estudio PKa (\u00a9 Alejandro Peral)\" data-rel=\"lightbox-gallery-1\"><img loading=\"lazy\" decoding=\"async\" width=\"150\" height=\"150\" src=\"https:\/\/www.arquimaster.com.ar\/web\/wp-content\/uploads\/2021\/11\/casa_e26-150x150.jpg\" class=\"attachment-thumbnail size-thumbnail\" alt=\"Casa E \/ Estudio PKa\" aria-describedby=\"gallery-1-68019\" \/><\/a>\n\t\t\t<\/div>\n\t\t\t\t<figcaption class='wp-caption-text gallery-caption' id='gallery-1-68019'>\n\t\t\t\tCasa E \/ Estudio PKa (\u00a9 Alejandro Peral)\n\t\t\t\t<\/figcaption><\/figure><figure class='gallery-item'>\n\t\t\t<div class='gallery-icon portrait'>\n\t\t\t\t<a href='https:\/\/www.arquimaster.com.ar\/web\/wp-content\/uploads\/2021\/11\/casa_e27.jpg' title=\"Casa E \/ Estudio PKa (\u00a9 Alejandro Peral)\" data-rl_title=\"Casa E \/ Estudio PKa (\u00a9 Alejandro Peral)\" class=\"rl-gallery-link\" data-rl_caption=\"Casa E \/ Estudio PKa (\u00a9 Alejandro Peral)\" data-rel=\"lightbox-gallery-1\"><img loading=\"lazy\" decoding=\"async\" width=\"150\" height=\"150\" src=\"https:\/\/www.arquimaster.com.ar\/web\/wp-content\/uploads\/2021\/11\/casa_e27-150x150.jpg\" class=\"attachment-thumbnail size-thumbnail\" alt=\"Casa E \/ Estudio PKa\" aria-describedby=\"gallery-1-68020\" \/><\/a>\n\t\t\t<\/div>\n\t\t\t\t<figcaption class='wp-caption-text gallery-caption' id='gallery-1-68020'>\n\t\t\t\tCasa E \/ Estudio PKa (\u00a9 Alejandro Peral)\n\t\t\t\t<\/figcaption><\/figure><figure class='gallery-item'>\n\t\t\t<div class='gallery-icon portrait'>\n\t\t\t\t<a href='https:\/\/www.arquimaster.com.ar\/web\/wp-content\/uploads\/2021\/11\/casa_e28.jpg' title=\"Casa E \/ Estudio PKa (\u00a9 Alejandro Peral)\" data-rl_title=\"Casa E \/ Estudio PKa (\u00a9 Alejandro Peral)\" class=\"rl-gallery-link\" data-rl_caption=\"Casa E \/ Estudio PKa (\u00a9 Alejandro Peral)\" data-rel=\"lightbox-gallery-1\"><img loading=\"lazy\" decoding=\"async\" width=\"150\" height=\"150\" src=\"https:\/\/www.arquimaster.com.ar\/web\/wp-content\/uploads\/2021\/11\/casa_e28-150x150.jpg\" class=\"attachment-thumbnail size-thumbnail\" alt=\"Casa E \/ Estudio PKa\" aria-describedby=\"gallery-1-68021\" \/><\/a>\n\t\t\t<\/div>\n\t\t\t\t<figcaption class='wp-caption-text gallery-caption' id='gallery-1-68021'>\n\t\t\t\tCasa E \/ Estudio PKa (\u00a9 Alejandro Peral)\n\t\t\t\t<\/figcaption><\/figure><figure class='gallery-item'>\n\t\t\t<div class='gallery-icon portrait'>\n\t\t\t\t<a href='https:\/\/www.arquimaster.com.ar\/web\/wp-content\/uploads\/2021\/11\/casa_e29.jpg' title=\"Casa E \/ Estudio PKa (\u00a9 Alejandro Peral)\" data-rl_title=\"Casa E \/ Estudio PKa (\u00a9 Alejandro Peral)\" class=\"rl-gallery-link\" data-rl_caption=\"Casa E \/ Estudio PKa (\u00a9 Alejandro Peral)\" data-rel=\"lightbox-gallery-1\"><img loading=\"lazy\" decoding=\"async\" width=\"150\" height=\"150\" src=\"https:\/\/www.arquimaster.com.ar\/web\/wp-content\/uploads\/2021\/11\/casa_e29-150x150.jpg\" class=\"attachment-thumbnail size-thumbnail\" alt=\"Casa E \/ Estudio PKa\" aria-describedby=\"gallery-1-68022\" \/><\/a>\n\t\t\t<\/div>\n\t\t\t\t<figcaption class='wp-caption-text gallery-caption' id='gallery-1-68022'>\n\t\t\t\tCasa E \/ Estudio PKa (\u00a9 Alejandro Peral)\n\t\t\t\t<\/figcaption><\/figure><figure class='gallery-item'>\n\t\t\t<div class='gallery-icon landscape'>\n\t\t\t\t<a href='https:\/\/www.arquimaster.com.ar\/web\/wp-content\/uploads\/2021\/11\/casa_e30.jpg' title=\"Casa E \/ Estudio PKa (\u00a9 Alejandro Peral)\" data-rl_title=\"Casa E \/ Estudio PKa (\u00a9 Alejandro Peral)\" class=\"rl-gallery-link\" data-rl_caption=\"Casa E \/ Estudio PKa (\u00a9 Alejandro Peral)\" data-rel=\"lightbox-gallery-1\"><img loading=\"lazy\" decoding=\"async\" width=\"150\" height=\"150\" src=\"https:\/\/www.arquimaster.com.ar\/web\/wp-content\/uploads\/2021\/11\/casa_e30-150x150.jpg\" class=\"attachment-thumbnail size-thumbnail\" alt=\"Casa E \/ Estudio PKa\" aria-describedby=\"gallery-1-68023\" \/><\/a>\n\t\t\t<\/div>\n\t\t\t\t<figcaption class='wp-caption-text gallery-caption' id='gallery-1-68023'>\n\t\t\t\tCasa E \/ Estudio PKa (\u00a9 Alejandro Peral)\n\t\t\t\t<\/figcaption><\/figure><figure class='gallery-item'>\n\t\t\t<div class='gallery-icon portrait'>\n\t\t\t\t<a href='https:\/\/www.arquimaster.com.ar\/web\/wp-content\/uploads\/2021\/11\/casa_e31.jpg' title=\"Casa E \/ Estudio PKa (\u00a9 Alejandro Peral)\" data-rl_title=\"Casa E \/ Estudio PKa (\u00a9 Alejandro Peral)\" class=\"rl-gallery-link\" data-rl_caption=\"Casa E \/ Estudio PKa (\u00a9 Alejandro Peral)\" data-rel=\"lightbox-gallery-1\"><img loading=\"lazy\" decoding=\"async\" width=\"150\" height=\"150\" src=\"https:\/\/www.arquimaster.com.ar\/web\/wp-content\/uploads\/2021\/11\/casa_e31-150x150.jpg\" class=\"attachment-thumbnail size-thumbnail\" alt=\"Casa E \/ Estudio PKa\" aria-describedby=\"gallery-1-68024\" \/><\/a>\n\t\t\t<\/div>\n\t\t\t\t<figcaption class='wp-caption-text gallery-caption' id='gallery-1-68024'>\n\t\t\t\tCasa E \/ Estudio PKa (\u00a9 Alejandro Peral)\n\t\t\t\t<\/figcaption><\/figure><figure class='gallery-item'>\n\t\t\t<div class='gallery-icon landscape'>\n\t\t\t\t<a href='https:\/\/www.arquimaster.com.ar\/web\/wp-content\/uploads\/2021\/11\/casa_e32.jpg' title=\"Casa E \/ Estudio PKa (\u00a9 Alejandro Peral)\" data-rl_title=\"Casa E \/ Estudio PKa (\u00a9 Alejandro Peral)\" class=\"rl-gallery-link\" data-rl_caption=\"Casa E \/ Estudio PKa (\u00a9 Alejandro Peral)\" data-rel=\"lightbox-gallery-1\"><img loading=\"lazy\" decoding=\"async\" width=\"150\" height=\"150\" src=\"https:\/\/www.arquimaster.com.ar\/web\/wp-content\/uploads\/2021\/11\/casa_e32-150x150.jpg\" class=\"attachment-thumbnail size-thumbnail\" alt=\"Casa E \/ Estudio PKa\" aria-describedby=\"gallery-1-68025\" \/><\/a>\n\t\t\t<\/div>\n\t\t\t\t<figcaption class='wp-caption-text gallery-caption' id='gallery-1-68025'>\n\t\t\t\tCasa E \/ Estudio PKa (\u00a9 Alejandro Peral)\n\t\t\t\t<\/figcaption><\/figure><figure class='gallery-item'>\n\t\t\t<div class='gallery-icon landscape'>\n\t\t\t\t<a href='https:\/\/www.arquimaster.com.ar\/web\/wp-content\/uploads\/2021\/11\/casa_e33.jpg' title=\"Casa E \/ Estudio PKa (\u00a9 Alejandro Peral)\" data-rl_title=\"Casa E \/ Estudio PKa (\u00a9 Alejandro Peral)\" class=\"rl-gallery-link\" data-rl_caption=\"Casa E \/ Estudio PKa (\u00a9 Alejandro Peral)\" data-rel=\"lightbox-gallery-1\"><img loading=\"lazy\" decoding=\"async\" width=\"150\" height=\"150\" src=\"https:\/\/www.arquimaster.com.ar\/web\/wp-content\/uploads\/2021\/11\/casa_e33-150x150.jpg\" class=\"attachment-thumbnail size-thumbnail\" alt=\"Casa E \/ Estudio PKa\" aria-describedby=\"gallery-1-68026\" \/><\/a>\n\t\t\t<\/div>\n\t\t\t\t<figcaption class='wp-caption-text gallery-caption' id='gallery-1-68026'>\n\t\t\t\tCasa E \/ Estudio PKa (\u00a9 Alejandro Peral)\n\t\t\t\t<\/figcaption><\/figure><figure class='gallery-item'>\n\t\t\t<div class='gallery-icon portrait'>\n\t\t\t\t<a href='https:\/\/www.arquimaster.com.ar\/web\/wp-content\/uploads\/2021\/11\/casa_e34.jpg' title=\"Casa E \/ Estudio PKa (\u00a9 Alejandro Peral)\" data-rl_title=\"Casa E \/ Estudio PKa (\u00a9 Alejandro Peral)\" class=\"rl-gallery-link\" data-rl_caption=\"Casa E \/ Estudio PKa (\u00a9 Alejandro Peral)\" data-rel=\"lightbox-gallery-1\"><img loading=\"lazy\" decoding=\"async\" width=\"150\" height=\"150\" src=\"https:\/\/www.arquimaster.com.ar\/web\/wp-content\/uploads\/2021\/11\/casa_e34-150x150.jpg\" class=\"attachment-thumbnail size-thumbnail\" alt=\"Casa E \/ Estudio PKa\" aria-describedby=\"gallery-1-68027\" \/><\/a>\n\t\t\t<\/div>\n\t\t\t\t<figcaption class='wp-caption-text gallery-caption' id='gallery-1-68027'>\n\t\t\t\tCasa E \/ Estudio PKa (\u00a9 Alejandro Peral)\n\t\t\t\t<\/figcaption><\/figure><figure class='gallery-item'>\n\t\t\t<div class='gallery-icon landscape'>\n\t\t\t\t<a href='https:\/\/www.arquimaster.com.ar\/web\/wp-content\/uploads\/2021\/11\/casa_e35.jpg' title=\"Casa E \/ Estudio PKa (\u00a9 Alejandro Peral)\" data-rl_title=\"Casa E \/ Estudio PKa (\u00a9 Alejandro Peral)\" class=\"rl-gallery-link\" data-rl_caption=\"Casa E \/ Estudio PKa (\u00a9 Alejandro Peral)\" data-rel=\"lightbox-gallery-1\"><img loading=\"lazy\" decoding=\"async\" width=\"150\" height=\"150\" src=\"https:\/\/www.arquimaster.com.ar\/web\/wp-content\/uploads\/2021\/11\/casa_e35-150x150.jpg\" class=\"attachment-thumbnail size-thumbnail\" alt=\"Casa E \/ Estudio PKa\" aria-describedby=\"gallery-1-68028\" \/><\/a>\n\t\t\t<\/div>\n\t\t\t\t<figcaption class='wp-caption-text gallery-caption' id='gallery-1-68028'>\n\t\t\t\tCasa E \/ Estudio PKa (\u00a9 Alejandro Peral)\n\t\t\t\t<\/figcaption><\/figure><figure class='gallery-item'>\n\t\t\t<div class='gallery-icon portrait'>\n\t\t\t\t<a href='https:\/\/www.arquimaster.com.ar\/web\/wp-content\/uploads\/2021\/11\/casa_e36.jpg' title=\"Casa E \/ Estudio PKa (\u00a9 Alejandro Peral)\" data-rl_title=\"Casa E \/ Estudio PKa (\u00a9 Alejandro Peral)\" class=\"rl-gallery-link\" data-rl_caption=\"Casa E \/ Estudio PKa (\u00a9 Alejandro Peral)\" data-rel=\"lightbox-gallery-1\"><img loading=\"lazy\" decoding=\"async\" width=\"150\" height=\"150\" src=\"https:\/\/www.arquimaster.com.ar\/web\/wp-content\/uploads\/2021\/11\/casa_e36-150x150.jpg\" class=\"attachment-thumbnail size-thumbnail\" alt=\"Casa E \/ Estudio PKa\" aria-describedby=\"gallery-1-68029\" \/><\/a>\n\t\t\t<\/div>\n\t\t\t\t<figcaption class='wp-caption-text gallery-caption' id='gallery-1-68029'>\n\t\t\t\tCasa E \/ Estudio PKa (\u00a9 Alejandro Peral)\n\t\t\t\t<\/figcaption><\/figure><figure class='gallery-item'>\n\t\t\t<div class='gallery-icon landscape'>\n\t\t\t\t<a href='https:\/\/www.arquimaster.com.ar\/web\/wp-content\/uploads\/2021\/11\/casa_e37.jpg' title=\"Casa E \/ Estudio PKa (\u00a9 Alejandro Peral)\" data-rl_title=\"Casa E \/ Estudio PKa (\u00a9 Alejandro Peral)\" class=\"rl-gallery-link\" data-rl_caption=\"Casa E \/ Estudio PKa (\u00a9 Alejandro Peral)\" data-rel=\"lightbox-gallery-1\"><img loading=\"lazy\" decoding=\"async\" width=\"150\" height=\"150\" src=\"https:\/\/www.arquimaster.com.ar\/web\/wp-content\/uploads\/2021\/11\/casa_e37-150x150.jpg\" class=\"attachment-thumbnail size-thumbnail\" alt=\"Casa E \/ Estudio PKa\" aria-describedby=\"gallery-1-68030\" \/><\/a>\n\t\t\t<\/div>\n\t\t\t\t<figcaption class='wp-caption-text gallery-caption' id='gallery-1-68030'>\n\t\t\t\tCasa E \/ Estudio PKa (\u00a9 Alejandro Peral)\n\t\t\t\t<\/figcaption><\/figure><figure class='gallery-item'>\n\t\t\t<div class='gallery-icon portrait'>\n\t\t\t\t<a href='https:\/\/www.arquimaster.com.ar\/web\/wp-content\/uploads\/2021\/11\/casa_e38.jpg' title=\"Casa E \/ Estudio PKa (\u00a9 Alejandro Peral)\" data-rl_title=\"Casa E \/ Estudio PKa (\u00a9 Alejandro Peral)\" class=\"rl-gallery-link\" data-rl_caption=\"Casa E \/ Estudio PKa (\u00a9 Alejandro Peral)\" data-rel=\"lightbox-gallery-1\"><img loading=\"lazy\" decoding=\"async\" width=\"150\" height=\"150\" src=\"https:\/\/www.arquimaster.com.ar\/web\/wp-content\/uploads\/2021\/11\/casa_e38-150x150.jpg\" class=\"attachment-thumbnail size-thumbnail\" alt=\"Casa E \/ Estudio PKa\" aria-describedby=\"gallery-1-68031\" \/><\/a>\n\t\t\t<\/div>\n\t\t\t\t<figcaption class='wp-caption-text gallery-caption' id='gallery-1-68031'>\n\t\t\t\tCasa E \/ Estudio PKa (\u00a9 Alejandro Peral)\n\t\t\t\t<\/figcaption><\/figure>\n\t\t<\/div>\n\n<p>Ambos patios toman las mejores orientaciones del terreno y generan que los espacios de uso com\u00fan est\u00e9n rodeados de vegetaci\u00f3n.<\/p>\n<p>La casa se desarrolla en dos plantas, el volumen de planta baja est\u00e1 compuesto por materiales nobles como la madera que otorga calidez y en la planta alta un volumen m\u00e1s pesado de hormig\u00f3n.<\/p>\n<p>Ambos vol\u00famenes se trabajaron a partir de diferentes perforaciones que conforman llenos vac\u00edos, aportando un vac\u00edo hacia el norte con respecto al patio.<\/p>\n<p>La obra fue proyectada pensando en una relaci\u00f3n m\u00e1s introvertida hacia la calle y abri\u00e9ndose hacia el interior y la naturaleza.<\/p>\n<p>Realzando su relaci\u00f3n con el verde, posee dos ventanas en forma de ojos que sobresalen, los cuales enfocan hacia la mayor cantidad de verde alrededor, captando no s\u00f3lo la mejor luz sino las mejores visuales, relacionadas a los arboles existentes en el terreno.<\/p>\n<p><strong>Ficha t\u00e9cnica<\/strong><br \/>\nNombre: Casa E<br \/>\nUbicaci\u00f3n: Barrio Isla del sol, Tigre, Pcia. de Buenos Aires, Argentina<br \/>\nOficina de Arquitectura: Estudio PKa<br \/>\nArquitectos a cargo: Arq. Ignacio Pessagno, Arq. Lilian Kandus<br \/>\nEquipo de proyecto: Arq. Lilian Kandus, Arq. Ignacio Pessagno, Arq. Lucila L\u00f3pez, Arq. Denise Andreoli, Arq. Bel\u00e9n Luna Crook, Arq. Milagros Caride, Arq. Belen Lopez Astrada, Arq. Vanesa Rol\u00f3n, Denise Bardelli, Melany D&#8217;angelo, Sofia Vier Abinet<br \/>\nEquipo de Obra: Arq. Pablo Martinelli, Arq. Javier Orts<br \/>\nC\u00e1lculo estructural: Ing. Jos\u00e9 Luis Pisani<br \/>\nSuperficie construida: 288 m2<br \/>\nA\u00f1o t\u00e9rmino construcci\u00f3n: 2019-2020<br \/>\nFot\u00f3grafo: Alejandro Peral<\/p>\n<p><strong>Contacto<\/strong><br \/>\n<a href=\"https:\/\/www.estudiopka.com.ar\" target=\"_blank\" rel=\"noopener\">https:\/\/www.estudiopka.com.ar<\/a><br \/>\nInstagram: @estudiopka<\/p>\n\n<div style=\"font-size: 0px; height: 0px; line-height: 0px; margin: 0; padding: 0; clear: both;\"><\/div><div style=\"margin-top: 0px; margin-bottom: 0px;\" class=\"sharethis-inline-share-buttons\" ><\/div>","protected":false},"excerpt":{"rendered":"<p>Una barra en L configura dos jardines, uno lateral interno y otro exterior&#8230;<\/p>\n","protected":false},"author":1,"featured_media":67992,"comment_status":"closed","ping_status":"closed","sticky":false,"template":"","format":"standard","meta":{"_uag_custom_page_level_css":"","footnotes":""},"categories":[1,83],"tags":[16,847,3321,3322,3323,945,254],"class_list":["post-67991","post","type-post","status-publish","format-standard","has-post-thumbnail","hentry","category-proyecto","category-vivienda-unifamiliar","tag-buenos-aires","tag-casa-en-barrio-cerrado","tag-estudio-pka","tag-ignacio-pessagno","tag-lilian-kandus","tag-tigre","tag-vivienda-unifamiliar-2","generate-columns","tablet-grid-50","mobile-grid-100","grid-parent","grid-50"],"yoast_head":"<!-- This site is optimized with the Yoast SEO plugin v27.3 - https:\/\/yoast.com\/product\/yoast-seo-wordpress\/ -->\n<title>Casa E \/ Estudio PKa - Arquimaster<\/title>\n<meta name=\"description\" content=\"El dise\u00f1o parte de una barra en L que configura dos jardines, uno lateral interno que envuelve la barra y otro exterior.\" \/>\n<meta name=\"robots\" content=\"index, follow, max-snippet:-1, max-image-preview:large, max-video-preview:-1\" \/>\n<link rel=\"canonical\" href=\"https:\/\/www.arquimaster.com.ar\/web\/casa-e-estudio-pka\/\" \/>\n<meta property=\"og:locale\" content=\"es_ES\" \/>\n<meta property=\"og:type\" content=\"article\" \/>\n<meta property=\"og:title\" content=\"Casa E \/ Estudio PKa\" \/>\n<meta property=\"og:description\" content=\"El dise\u00f1o parte de una barra en L que configura dos jardines, uno lateral interno que envuelve la barra y otro exterior.\" \/>\n<meta property=\"og:url\" content=\"https:\/\/www.arquimaster.com.ar\/web\/casa-e-estudio-pka\/\" \/>\n<meta property=\"og:site_name\" content=\"Arquimaster\" \/>\n<meta property=\"article:publisher\" content=\"http:\/\/www.facebook.com\/ARQUIMASTER.com.ar\" \/>\n<meta property=\"article:published_time\" content=\"2021-11-24T17:27:03+00:00\" \/>\n<meta property=\"article:modified_time\" content=\"2022-07-19T20:33:56+00:00\" \/>\n<meta property=\"og:image\" content=\"https:\/\/www.arquimaster.com.ar\/web\/wp-content\/uploads\/2021\/11\/casa_e_slide.jpg\" \/>\n\t<meta property=\"og:image:width\" content=\"698\" \/>\n\t<meta property=\"og:image:height\" content=\"364\" \/>\n\t<meta property=\"og:image:type\" content=\"image\/jpeg\" \/>\n<meta name=\"author\" content=\"Arquimaster\" \/>\n<meta name=\"twitter:card\" content=\"summary_large_image\" \/>\n<meta name=\"twitter:title\" content=\"Casa E \/ Estudio PKa\" \/>\n<meta name=\"twitter:description\" content=\"El dise\u00f1o parte de una barra en L que configura dos jardines, uno lateral interno que envuelve la barra y otro exterior.\" \/>\n<meta name=\"twitter:image\" content=\"https:\/\/www.arquimaster.com.ar\/web\/wp-content\/uploads\/2021\/11\/casa_e_slide.jpg\" \/>\n<meta name=\"twitter:creator\" content=\"@arquimaster\" \/>\n<meta name=\"twitter:site\" content=\"@arquimaster\" \/>\n<meta name=\"twitter:label1\" content=\"Escrito por\" \/>\n\t<meta name=\"twitter:data1\" content=\"Arquimaster\" \/>\n\t<meta name=\"twitter:label2\" content=\"Tiempo de lectura\" \/>\n\t<meta name=\"twitter:data2\" content=\"2 minutos\" \/>\n<script type=\"application\/ld+json\" class=\"yoast-schema-graph\">{\"@context\":\"https:\\\/\\\/schema.org\",\"@graph\":[{\"@type\":\"Article\",\"@id\":\"https:\\\/\\\/www.arquimaster.com.ar\\\/web\\\/casa-e-estudio-pka\\\/#article\",\"isPartOf\":{\"@id\":\"https:\\\/\\\/www.arquimaster.com.ar\\\/web\\\/casa-e-estudio-pka\\\/\"},\"author\":{\"name\":\"Arquimaster\",\"@id\":\"https:\\\/\\\/www.arquimaster.com.ar\\\/web\\\/#\\\/schema\\\/person\\\/359e9f7c00193fcde068e0dd2ceb0028\"},\"headline\":\"Casa E \\\/ Estudio PKa\",\"datePublished\":\"2021-11-24T17:27:03+00:00\",\"dateModified\":\"2022-07-19T20:33:56+00:00\",\"mainEntityOfPage\":{\"@id\":\"https:\\\/\\\/www.arquimaster.com.ar\\\/web\\\/casa-e-estudio-pka\\\/\"},\"wordCount\":367,\"publisher\":{\"@id\":\"https:\\\/\\\/www.arquimaster.com.ar\\\/web\\\/#organization\"},\"image\":{\"@id\":\"https:\\\/\\\/www.arquimaster.com.ar\\\/web\\\/casa-e-estudio-pka\\\/#primaryimage\"},\"thumbnailUrl\":\"https:\\\/\\\/www.arquimaster.com.ar\\\/web\\\/wp-content\\\/uploads\\\/2021\\\/11\\\/casa_e_slide.jpg\",\"keywords\":[\"Buenos Aires\",\"casa en barrio cerrado\",\"Estudio Pka\",\"Ignacio Pessagno\",\"Lilian Kandus\",\"Tigre\",\"vivienda unifamiliar\"],\"articleSection\":[\"Proyecto\",\"Vivienda unifamiliar y PH\"],\"inLanguage\":\"es\"},{\"@type\":\"WebPage\",\"@id\":\"https:\\\/\\\/www.arquimaster.com.ar\\\/web\\\/casa-e-estudio-pka\\\/\",\"url\":\"https:\\\/\\\/www.arquimaster.com.ar\\\/web\\\/casa-e-estudio-pka\\\/\",\"name\":\"Casa E \\\/ Estudio PKa - Arquimaster\",\"isPartOf\":{\"@id\":\"https:\\\/\\\/www.arquimaster.com.ar\\\/web\\\/#website\"},\"primaryImageOfPage\":{\"@id\":\"https:\\\/\\\/www.arquimaster.com.ar\\\/web\\\/casa-e-estudio-pka\\\/#primaryimage\"},\"image\":{\"@id\":\"https:\\\/\\\/www.arquimaster.com.ar\\\/web\\\/casa-e-estudio-pka\\\/#primaryimage\"},\"thumbnailUrl\":\"https:\\\/\\\/www.arquimaster.com.ar\\\/web\\\/wp-content\\\/uploads\\\/2021\\\/11\\\/casa_e_slide.jpg\",\"datePublished\":\"2021-11-24T17:27:03+00:00\",\"dateModified\":\"2022-07-19T20:33:56+00:00\",\"description\":\"El dise\u00f1o parte de una barra en L que configura dos jardines, uno lateral interno que envuelve la barra y otro exterior.\",\"breadcrumb\":{\"@id\":\"https:\\\/\\\/www.arquimaster.com.ar\\\/web\\\/casa-e-estudio-pka\\\/#breadcrumb\"},\"inLanguage\":\"es\",\"potentialAction\":[{\"@type\":\"ReadAction\",\"target\":[\"https:\\\/\\\/www.arquimaster.com.ar\\\/web\\\/casa-e-estudio-pka\\\/\"]}]},{\"@type\":\"ImageObject\",\"inLanguage\":\"es\",\"@id\":\"https:\\\/\\\/www.arquimaster.com.ar\\\/web\\\/casa-e-estudio-pka\\\/#primaryimage\",\"url\":\"https:\\\/\\\/www.arquimaster.com.ar\\\/web\\\/wp-content\\\/uploads\\\/2021\\\/11\\\/casa_e_slide.jpg\",\"contentUrl\":\"https:\\\/\\\/www.arquimaster.com.ar\\\/web\\\/wp-content\\\/uploads\\\/2021\\\/11\\\/casa_e_slide.jpg\",\"width\":698,\"height\":364,\"caption\":\"Casa E \\\/ Estudio PKa\"},{\"@type\":\"BreadcrumbList\",\"@id\":\"https:\\\/\\\/www.arquimaster.com.ar\\\/web\\\/casa-e-estudio-pka\\\/#breadcrumb\",\"itemListElement\":[{\"@type\":\"ListItem\",\"position\":1,\"name\":\"Portada\",\"item\":\"https:\\\/\\\/www.arquimaster.com.ar\\\/web\\\/\"},{\"@type\":\"ListItem\",\"position\":2,\"name\":\"Casa E \\\/ Estudio PKa\"}]},{\"@type\":\"WebSite\",\"@id\":\"https:\\\/\\\/www.arquimaster.com.ar\\\/web\\\/#website\",\"url\":\"https:\\\/\\\/www.arquimaster.com.ar\\\/web\\\/\",\"name\":\"Arquimaster\",\"description\":\"Web de arquitectura, dise\u00f1o y construccion\",\"publisher\":{\"@id\":\"https:\\\/\\\/www.arquimaster.com.ar\\\/web\\\/#organization\"},\"potentialAction\":[{\"@type\":\"SearchAction\",\"target\":{\"@type\":\"EntryPoint\",\"urlTemplate\":\"https:\\\/\\\/www.arquimaster.com.ar\\\/web\\\/?s={search_term_string}\"},\"query-input\":{\"@type\":\"PropertyValueSpecification\",\"valueRequired\":true,\"valueName\":\"search_term_string\"}}],\"inLanguage\":\"es\"},{\"@type\":\"Organization\",\"@id\":\"https:\\\/\\\/www.arquimaster.com.ar\\\/web\\\/#organization\",\"name\":\"Arquimaster\",\"url\":\"https:\\\/\\\/www.arquimaster.com.ar\\\/web\\\/\",\"logo\":{\"@type\":\"ImageObject\",\"inLanguage\":\"es\",\"@id\":\"https:\\\/\\\/www.arquimaster.com.ar\\\/web\\\/#\\\/schema\\\/logo\\\/image\\\/\",\"url\":\"https:\\\/\\\/www.arquimaster.com.ar\\\/web\\\/wp-content\\\/uploads\\\/2022\\\/06\\\/arquimaster.png\",\"contentUrl\":\"https:\\\/\\\/www.arquimaster.com.ar\\\/web\\\/wp-content\\\/uploads\\\/2022\\\/06\\\/arquimaster.png\",\"width\":594,\"height\":78,\"caption\":\"Arquimaster\"},\"image\":{\"@id\":\"https:\\\/\\\/www.arquimaster.com.ar\\\/web\\\/#\\\/schema\\\/logo\\\/image\\\/\"},\"sameAs\":[\"http:\\\/\\\/www.facebook.com\\\/ARQUIMASTER.com.ar\",\"https:\\\/\\\/x.com\\\/arquimaster\",\"https:\\\/\\\/www.instagram.com\\\/arquimasterblog\\\/\",\"https:\\\/\\\/www.linkedin.com\\\/company\\\/arquimaster\",\"https:\\\/\\\/www.pinterest.com\\\/arquimaster\",\"https:\\\/\\\/t.me\\\/arquimaster\"]},{\"@type\":\"Person\",\"@id\":\"https:\\\/\\\/www.arquimaster.com.ar\\\/web\\\/#\\\/schema\\\/person\\\/359e9f7c00193fcde068e0dd2ceb0028\",\"name\":\"Arquimaster\"}]}<\/script>\n<!-- \/ Yoast SEO plugin. -->","yoast_head_json":{"title":"Casa E \/ Estudio PKa - Arquimaster","description":"El dise\u00f1o parte de una barra en L que configura dos jardines, uno lateral interno que envuelve la barra y otro exterior.","robots":{"index":"index","follow":"follow","max-snippet":"max-snippet:-1","max-image-preview":"max-image-preview:large","max-video-preview":"max-video-preview:-1"},"canonical":"https:\/\/www.arquimaster.com.ar\/web\/casa-e-estudio-pka\/","og_locale":"es_ES","og_type":"article","og_title":"Casa E \/ Estudio PKa","og_description":"El dise\u00f1o parte de una barra en L que configura dos jardines, uno lateral interno que envuelve la barra y otro exterior.","og_url":"https:\/\/www.arquimaster.com.ar\/web\/casa-e-estudio-pka\/","og_site_name":"Arquimaster","article_publisher":"http:\/\/www.facebook.com\/ARQUIMASTER.com.ar","article_published_time":"2021-11-24T17:27:03+00:00","article_modified_time":"2022-07-19T20:33:56+00:00","og_image":[{"width":698,"height":364,"url":"https:\/\/www.arquimaster.com.ar\/web\/wp-content\/uploads\/2021\/11\/casa_e_slide.jpg","type":"image\/jpeg"}],"author":"Arquimaster","twitter_card":"summary_large_image","twitter_title":"Casa E \/ Estudio PKa","twitter_description":"El dise\u00f1o parte de una barra en L que configura dos jardines, uno lateral interno que envuelve la barra y otro exterior.","twitter_image":"https:\/\/www.arquimaster.com.ar\/web\/wp-content\/uploads\/2021\/11\/casa_e_slide.jpg","twitter_creator":"@arquimaster","twitter_site":"@arquimaster","twitter_misc":{"Escrito por":"Arquimaster","Tiempo de lectura":"2 minutos"},"schema":{"@context":"https:\/\/schema.org","@graph":[{"@type":"Article","@id":"https:\/\/www.arquimaster.com.ar\/web\/casa-e-estudio-pka\/#article","isPartOf":{"@id":"https:\/\/www.arquimaster.com.ar\/web\/casa-e-estudio-pka\/"},"author":{"name":"Arquimaster","@id":"https:\/\/www.arquimaster.com.ar\/web\/#\/schema\/person\/359e9f7c00193fcde068e0dd2ceb0028"},"headline":"Casa E \/ Estudio PKa","datePublished":"2021-11-24T17:27:03+00:00","dateModified":"2022-07-19T20:33:56+00:00","mainEntityOfPage":{"@id":"https:\/\/www.arquimaster.com.ar\/web\/casa-e-estudio-pka\/"},"wordCount":367,"publisher":{"@id":"https:\/\/www.arquimaster.com.ar\/web\/#organization"},"image":{"@id":"https:\/\/www.arquimaster.com.ar\/web\/casa-e-estudio-pka\/#primaryimage"},"thumbnailUrl":"https:\/\/www.arquimaster.com.ar\/web\/wp-content\/uploads\/2021\/11\/casa_e_slide.jpg","keywords":["Buenos Aires","casa en barrio cerrado","Estudio Pka","Ignacio Pessagno","Lilian Kandus","Tigre","vivienda unifamiliar"],"articleSection":["Proyecto","Vivienda unifamiliar y PH"],"inLanguage":"es"},{"@type":"WebPage","@id":"https:\/\/www.arquimaster.com.ar\/web\/casa-e-estudio-pka\/","url":"https:\/\/www.arquimaster.com.ar\/web\/casa-e-estudio-pka\/","name":"Casa E \/ Estudio PKa - Arquimaster","isPartOf":{"@id":"https:\/\/www.arquimaster.com.ar\/web\/#website"},"primaryImageOfPage":{"@id":"https:\/\/www.arquimaster.com.ar\/web\/casa-e-estudio-pka\/#primaryimage"},"image":{"@id":"https:\/\/www.arquimaster.com.ar\/web\/casa-e-estudio-pka\/#primaryimage"},"thumbnailUrl":"https:\/\/www.arquimaster.com.ar\/web\/wp-content\/uploads\/2021\/11\/casa_e_slide.jpg","datePublished":"2021-11-24T17:27:03+00:00","dateModified":"2022-07-19T20:33:56+00:00","description":"El dise\u00f1o parte de una barra en L que configura dos jardines, uno lateral interno que envuelve la barra y otro exterior.","breadcrumb":{"@id":"https:\/\/www.arquimaster.com.ar\/web\/casa-e-estudio-pka\/#breadcrumb"},"inLanguage":"es","potentialAction":[{"@type":"ReadAction","target":["https:\/\/www.arquimaster.com.ar\/web\/casa-e-estudio-pka\/"]}]},{"@type":"ImageObject","inLanguage":"es","@id":"https:\/\/www.arquimaster.com.ar\/web\/casa-e-estudio-pka\/#primaryimage","url":"https:\/\/www.arquimaster.com.ar\/web\/wp-content\/uploads\/2021\/11\/casa_e_slide.jpg","contentUrl":"https:\/\/www.arquimaster.com.ar\/web\/wp-content\/uploads\/2021\/11\/casa_e_slide.jpg","width":698,"height":364,"caption":"Casa E \/ Estudio PKa"},{"@type":"BreadcrumbList","@id":"https:\/\/www.arquimaster.com.ar\/web\/casa-e-estudio-pka\/#breadcrumb","itemListElement":[{"@type":"ListItem","position":1,"name":"Portada","item":"https:\/\/www.arquimaster.com.ar\/web\/"},{"@type":"ListItem","position":2,"name":"Casa E \/ Estudio PKa"}]},{"@type":"WebSite","@id":"https:\/\/www.arquimaster.com.ar\/web\/#website","url":"https:\/\/www.arquimaster.com.ar\/web\/","name":"Arquimaster","description":"Web de arquitectura, dise\u00f1o y construccion","publisher":{"@id":"https:\/\/www.arquimaster.com.ar\/web\/#organization"},"potentialAction":[{"@type":"SearchAction","target":{"@type":"EntryPoint","urlTemplate":"https:\/\/www.arquimaster.com.ar\/web\/?s={search_term_string}"},"query-input":{"@type":"PropertyValueSpecification","valueRequired":true,"valueName":"search_term_string"}}],"inLanguage":"es"},{"@type":"Organization","@id":"https:\/\/www.arquimaster.com.ar\/web\/#organization","name":"Arquimaster","url":"https:\/\/www.arquimaster.com.ar\/web\/","logo":{"@type":"ImageObject","inLanguage":"es","@id":"https:\/\/www.arquimaster.com.ar\/web\/#\/schema\/logo\/image\/","url":"https:\/\/www.arquimaster.com.ar\/web\/wp-content\/uploads\/2022\/06\/arquimaster.png","contentUrl":"https:\/\/www.arquimaster.com.ar\/web\/wp-content\/uploads\/2022\/06\/arquimaster.png","width":594,"height":78,"caption":"Arquimaster"},"image":{"@id":"https:\/\/www.arquimaster.com.ar\/web\/#\/schema\/logo\/image\/"},"sameAs":["http:\/\/www.facebook.com\/ARQUIMASTER.com.ar","https:\/\/x.com\/arquimaster","https:\/\/www.instagram.com\/arquimasterblog\/","https:\/\/www.linkedin.com\/company\/arquimaster","https:\/\/www.pinterest.com\/arquimaster","https:\/\/t.me\/arquimaster"]},{"@type":"Person","@id":"https:\/\/www.arquimaster.com.ar\/web\/#\/schema\/person\/359e9f7c00193fcde068e0dd2ceb0028","name":"Arquimaster"}]}},"uagb_featured_image_src":{"full":["https:\/\/www.arquimaster.com.ar\/web\/wp-content\/uploads\/2021\/11\/casa_e_slide.jpg",698,364,false],"thumbnail":["https:\/\/www.arquimaster.com.ar\/web\/wp-content\/uploads\/2021\/11\/casa_e_slide-150x150.jpg",150,150,true],"medium":["https:\/\/www.arquimaster.com.ar\/web\/wp-content\/uploads\/2021\/11\/casa_e_slide.jpg",698,364,false],"medium_large":["https:\/\/www.arquimaster.com.ar\/web\/wp-content\/uploads\/2021\/11\/casa_e_slide.jpg",698,364,false],"large":["https:\/\/www.arquimaster.com.ar\/web\/wp-content\/uploads\/2021\/11\/casa_e_slide.jpg",698,364,false],"1536x1536":["https:\/\/www.arquimaster.com.ar\/web\/wp-content\/uploads\/2021\/11\/casa_e_slide.jpg",698,364,false],"2048x2048":["https:\/\/www.arquimaster.com.ar\/web\/wp-content\/uploads\/2021\/11\/casa_e_slide.jpg",698,364,false]},"uagb_author_info":{"display_name":"Arquimaster","author_link":"https:\/\/www.arquimaster.com.ar\/web\/author\/arquimaster\/"},"uagb_comment_info":0,"uagb_excerpt":"Una barra en L configura dos jardines, uno lateral interno y otro exterior...","_links":{"self":[{"href":"https:\/\/www.arquimaster.com.ar\/web\/wp-json\/wp\/v2\/posts\/67991","targetHints":{"allow":["GET"]}}],"collection":[{"href":"https:\/\/www.arquimaster.com.ar\/web\/wp-json\/wp\/v2\/posts"}],"about":[{"href":"https:\/\/www.arquimaster.com.ar\/web\/wp-json\/wp\/v2\/types\/post"}],"author":[{"embeddable":true,"href":"https:\/\/www.arquimaster.com.ar\/web\/wp-json\/wp\/v2\/users\/1"}],"replies":[{"embeddable":true,"href":"https:\/\/www.arquimaster.com.ar\/web\/wp-json\/wp\/v2\/comments?post=67991"}],"version-history":[{"count":1,"href":"https:\/\/www.arquimaster.com.ar\/web\/wp-json\/wp\/v2\/posts\/67991\/revisions"}],"predecessor-version":[{"id":68032,"href":"https:\/\/www.arquimaster.com.ar\/web\/wp-json\/wp\/v2\/posts\/67991\/revisions\/68032"}],"wp:featuredmedia":[{"embeddable":true,"href":"https:\/\/www.arquimaster.com.ar\/web\/wp-json\/wp\/v2\/media\/67992"}],"wp:attachment":[{"href":"https:\/\/www.arquimaster.com.ar\/web\/wp-json\/wp\/v2\/media?parent=67991"}],"wp:term":[{"taxonomy":"category","embeddable":true,"href":"https:\/\/www.arquimaster.com.ar\/web\/wp-json\/wp\/v2\/categories?post=67991"},{"taxonomy":"post_tag","embeddable":true,"href":"https:\/\/www.arquimaster.com.ar\/web\/wp-json\/wp\/v2\/tags?post=67991"}],"curies":[{"name":"wp","href":"https:\/\/api.w.org\/{rel}","templated":true}]}}