{"id":6827,"date":"2014-05-09T03:15:09","date_gmt":"2014-05-09T03:15:09","guid":{"rendered":"http:\/\/www.arquimaster.com.ar\/web\/?p=6827"},"modified":"2014-05-09T01:04:05","modified_gmt":"2014-05-09T01:04:05","slug":"rehabilitacion-de-edificio-atocha-beriot-bernardini-arquitectos","status":"publish","type":"post","link":"https:\/\/www.arquimaster.com.ar\/web\/rehabilitacion-de-edificio-atocha-beriot-bernardini-arquitectos\/","title":{"rendered":"Rehabilitaci\u00f3n de edificio Atocha \/ Beriot Bernardini Arquitectos"},"content":{"rendered":"<div style=\"margin-top: 0px; margin-bottom: 0px;\" class=\"sharethis-inline-share-buttons\" ><\/div><div class=\"b812932af2e751442846f039925109de\" data-index=\"1\" style=\"float: none; margin:25px 0 25px 0; text-align:center;\">\n<script async src=\"https:\/\/pagead2.googlesyndication.com\/pagead\/js\/adsbygoogle.js\"><\/script>\r\n<!-- Arquimaster (superior) -->\r\n<ins class=\"adsbygoogle\"\r\n     style=\"display:block\"\r\n     data-ad-client=\"ca-pub-6351072698456832\"\r\n     data-ad-slot=\"6455489680\"\r\n     data-ad-format=\"auto\"\r\n     data-full-width-responsive=\"true\"><\/ins>\r\n<script>\r\n     (adsbygoogle = window.adsbygoogle || []).push({});\r\n<\/script>\n<\/div>\n<p><strong>Rehabilitaci\u00f3n de edificio Atocha<\/strong> (Madrid, Espa\u00f1a) por <strong>Beriot Bernardini Arquitectos<\/strong>. Rehabilitaci\u00f3n de un edificio del a\u00f1o 1775 para la realizaci\u00f3n de 16 viviendas y 4 locales comerciales de una superficie total de 2400 m2, situado en la calle Atocha en Madrid.<\/p>\n<div id='gallery-1' class='gallery galleryid-6827 gallery-columns-3 gallery-size-thumbnail'><figure class='gallery-item'>\n\t\t\t<div class='gallery-icon landscape'>\n\t\t\t\t<a href='https:\/\/www.arquimaster.com.ar\/web\/wp-content\/uploads\/2014\/05\/rehabilitacion_atocha1.jpg' title=\"Rehabilitaci\u00f3n de edificio Atocha \/ Beriot Bernardini Arquitectos\" data-rl_title=\"Rehabilitaci\u00f3n de edificio Atocha \/ Beriot Bernardini Arquitectos\" class=\"rl-gallery-link\" data-rl_caption=\"Rehabilitaci\u00f3n de edificio Atocha \/ Beriot Bernardini Arquitectos\" data-rel=\"lightbox-gallery-1\"><img loading=\"lazy\" decoding=\"async\" width=\"150\" height=\"150\" src=\"https:\/\/www.arquimaster.com.ar\/web\/wp-content\/uploads\/2014\/05\/rehabilitacion_atocha1-150x150.jpg\" class=\"attachment-thumbnail size-thumbnail\" alt=\"\" aria-describedby=\"gallery-1-6829\" srcset=\"https:\/\/www.arquimaster.com.ar\/web\/wp-content\/uploads\/2014\/05\/rehabilitacion_atocha1-150x150.jpg 150w, https:\/\/www.arquimaster.com.ar\/web\/wp-content\/uploads\/2014\/05\/rehabilitacion_atocha1-50x50.jpg 50w, https:\/\/www.arquimaster.com.ar\/web\/wp-content\/uploads\/2014\/05\/rehabilitacion_atocha1-125x125.jpg 125w\" sizes=\"auto, (max-width: 150px) 100vw, 150px\" \/><\/a>\n\t\t\t<\/div>\n\t\t\t\t<figcaption class='wp-caption-text gallery-caption' id='gallery-1-6829'>\n\t\t\t\tRehabilitaci\u00f3n de edificio Atocha \/ Beriot Bernardini Arquitectos\n\t\t\t\t<\/figcaption><\/figure><figure class='gallery-item'>\n\t\t\t<div class='gallery-icon landscape'>\n\t\t\t\t<a href='https:\/\/www.arquimaster.com.ar\/web\/wp-content\/uploads\/2014\/05\/rehabilitacion_atocha2.jpg' title=\"Rehabilitaci\u00f3n de edificio Atocha \/ Beriot Bernardini Arquitectos\" data-rl_title=\"Rehabilitaci\u00f3n de edificio Atocha \/ Beriot Bernardini Arquitectos\" class=\"rl-gallery-link\" data-rl_caption=\"Rehabilitaci\u00f3n de edificio Atocha \/ Beriot Bernardini Arquitectos\" data-rel=\"lightbox-gallery-1\"><img loading=\"lazy\" decoding=\"async\" width=\"150\" height=\"150\" src=\"https:\/\/www.arquimaster.com.ar\/web\/wp-content\/uploads\/2014\/05\/rehabilitacion_atocha2-150x150.jpg\" class=\"attachment-thumbnail size-thumbnail\" alt=\"\" aria-describedby=\"gallery-1-6830\" srcset=\"https:\/\/www.arquimaster.com.ar\/web\/wp-content\/uploads\/2014\/05\/rehabilitacion_atocha2-150x150.jpg 150w, https:\/\/www.arquimaster.com.ar\/web\/wp-content\/uploads\/2014\/05\/rehabilitacion_atocha2-50x50.jpg 50w, https:\/\/www.arquimaster.com.ar\/web\/wp-content\/uploads\/2014\/05\/rehabilitacion_atocha2-125x125.jpg 125w\" sizes=\"auto, (max-width: 150px) 100vw, 150px\" \/><\/a>\n\t\t\t<\/div>\n\t\t\t\t<figcaption class='wp-caption-text gallery-caption' id='gallery-1-6830'>\n\t\t\t\tRehabilitaci\u00f3n de edificio Atocha \/ Beriot Bernardini Arquitectos\n\t\t\t\t<\/figcaption><\/figure><figure class='gallery-item'>\n\t\t\t<div class='gallery-icon landscape'>\n\t\t\t\t<a href='https:\/\/www.arquimaster.com.ar\/web\/wp-content\/uploads\/2014\/05\/rehabilitacion_atocha3.jpg' title=\"Rehabilitaci\u00f3n de edificio Atocha \/ Beriot Bernardini Arquitectos\" data-rl_title=\"Rehabilitaci\u00f3n de edificio Atocha \/ Beriot Bernardini Arquitectos\" class=\"rl-gallery-link\" data-rl_caption=\"Rehabilitaci\u00f3n de edificio Atocha \/ Beriot Bernardini Arquitectos\" data-rel=\"lightbox-gallery-1\"><img loading=\"lazy\" decoding=\"async\" width=\"150\" height=\"150\" src=\"https:\/\/www.arquimaster.com.ar\/web\/wp-content\/uploads\/2014\/05\/rehabilitacion_atocha3-150x150.jpg\" class=\"attachment-thumbnail size-thumbnail\" alt=\"\" aria-describedby=\"gallery-1-6831\" srcset=\"https:\/\/www.arquimaster.com.ar\/web\/wp-content\/uploads\/2014\/05\/rehabilitacion_atocha3-150x150.jpg 150w, https:\/\/www.arquimaster.com.ar\/web\/wp-content\/uploads\/2014\/05\/rehabilitacion_atocha3-50x50.jpg 50w, https:\/\/www.arquimaster.com.ar\/web\/wp-content\/uploads\/2014\/05\/rehabilitacion_atocha3-125x125.jpg 125w\" sizes=\"auto, (max-width: 150px) 100vw, 150px\" \/><\/a>\n\t\t\t<\/div>\n\t\t\t\t<figcaption class='wp-caption-text gallery-caption' id='gallery-1-6831'>\n\t\t\t\tRehabilitaci\u00f3n de edificio Atocha \/ Beriot Bernardini Arquitectos\n\t\t\t\t<\/figcaption><\/figure><figure class='gallery-item'>\n\t\t\t<div class='gallery-icon landscape'>\n\t\t\t\t<a href='https:\/\/www.arquimaster.com.ar\/web\/wp-content\/uploads\/2014\/05\/rehabilitacion_atocha4.jpg' title=\"Rehabilitaci\u00f3n de edificio Atocha \/ Beriot Bernardini Arquitectos\" data-rl_title=\"Rehabilitaci\u00f3n de edificio Atocha \/ Beriot Bernardini Arquitectos\" class=\"rl-gallery-link\" data-rl_caption=\"Rehabilitaci\u00f3n de edificio Atocha \/ Beriot Bernardini Arquitectos\" data-rel=\"lightbox-gallery-1\"><img loading=\"lazy\" decoding=\"async\" width=\"150\" height=\"150\" src=\"https:\/\/www.arquimaster.com.ar\/web\/wp-content\/uploads\/2014\/05\/rehabilitacion_atocha4-150x150.jpg\" class=\"attachment-thumbnail size-thumbnail\" alt=\"\" aria-describedby=\"gallery-1-6832\" srcset=\"https:\/\/www.arquimaster.com.ar\/web\/wp-content\/uploads\/2014\/05\/rehabilitacion_atocha4-150x150.jpg 150w, https:\/\/www.arquimaster.com.ar\/web\/wp-content\/uploads\/2014\/05\/rehabilitacion_atocha4-50x50.jpg 50w, https:\/\/www.arquimaster.com.ar\/web\/wp-content\/uploads\/2014\/05\/rehabilitacion_atocha4-125x125.jpg 125w\" sizes=\"auto, (max-width: 150px) 100vw, 150px\" \/><\/a>\n\t\t\t<\/div>\n\t\t\t\t<figcaption class='wp-caption-text gallery-caption' id='gallery-1-6832'>\n\t\t\t\tRehabilitaci\u00f3n de edificio Atocha \/ Beriot Bernardini Arquitectos\n\t\t\t\t<\/figcaption><\/figure><figure class='gallery-item'>\n\t\t\t<div class='gallery-icon landscape'>\n\t\t\t\t<a href='https:\/\/www.arquimaster.com.ar\/web\/wp-content\/uploads\/2014\/05\/rehabilitacion_atocha5.jpg' title=\"Rehabilitaci\u00f3n de edificio Atocha \/ Beriot Bernardini Arquitectos\" data-rl_title=\"Rehabilitaci\u00f3n de edificio Atocha \/ Beriot Bernardini Arquitectos\" class=\"rl-gallery-link\" data-rl_caption=\"Rehabilitaci\u00f3n de edificio Atocha \/ Beriot Bernardini Arquitectos\" data-rel=\"lightbox-gallery-1\"><img loading=\"lazy\" decoding=\"async\" width=\"150\" height=\"150\" src=\"https:\/\/www.arquimaster.com.ar\/web\/wp-content\/uploads\/2014\/05\/rehabilitacion_atocha5-150x150.jpg\" class=\"attachment-thumbnail size-thumbnail\" alt=\"\" aria-describedby=\"gallery-1-6833\" srcset=\"https:\/\/www.arquimaster.com.ar\/web\/wp-content\/uploads\/2014\/05\/rehabilitacion_atocha5-150x150.jpg 150w, https:\/\/www.arquimaster.com.ar\/web\/wp-content\/uploads\/2014\/05\/rehabilitacion_atocha5-50x50.jpg 50w, https:\/\/www.arquimaster.com.ar\/web\/wp-content\/uploads\/2014\/05\/rehabilitacion_atocha5-125x125.jpg 125w\" sizes=\"auto, (max-width: 150px) 100vw, 150px\" \/><\/a>\n\t\t\t<\/div>\n\t\t\t\t<figcaption class='wp-caption-text gallery-caption' id='gallery-1-6833'>\n\t\t\t\tRehabilitaci\u00f3n de edificio Atocha \/ Beriot Bernardini Arquitectos\n\t\t\t\t<\/figcaption><\/figure><figure class='gallery-item'>\n\t\t\t<div class='gallery-icon landscape'>\n\t\t\t\t<a href='https:\/\/www.arquimaster.com.ar\/web\/wp-content\/uploads\/2014\/05\/rehabilitacion_atocha6.jpg' title=\"Rehabilitaci\u00f3n de edificio Atocha \/ Beriot Bernardini Arquitectos\" data-rl_title=\"Rehabilitaci\u00f3n de edificio Atocha \/ Beriot Bernardini Arquitectos\" class=\"rl-gallery-link\" data-rl_caption=\"Rehabilitaci\u00f3n de edificio Atocha \/ Beriot Bernardini Arquitectos\" data-rel=\"lightbox-gallery-1\"><img loading=\"lazy\" decoding=\"async\" width=\"150\" height=\"150\" src=\"https:\/\/www.arquimaster.com.ar\/web\/wp-content\/uploads\/2014\/05\/rehabilitacion_atocha6-150x150.jpg\" class=\"attachment-thumbnail size-thumbnail\" alt=\"\" aria-describedby=\"gallery-1-6834\" srcset=\"https:\/\/www.arquimaster.com.ar\/web\/wp-content\/uploads\/2014\/05\/rehabilitacion_atocha6-150x150.jpg 150w, https:\/\/www.arquimaster.com.ar\/web\/wp-content\/uploads\/2014\/05\/rehabilitacion_atocha6-50x50.jpg 50w, https:\/\/www.arquimaster.com.ar\/web\/wp-content\/uploads\/2014\/05\/rehabilitacion_atocha6-125x125.jpg 125w\" sizes=\"auto, (max-width: 150px) 100vw, 150px\" \/><\/a>\n\t\t\t<\/div>\n\t\t\t\t<figcaption class='wp-caption-text gallery-caption' id='gallery-1-6834'>\n\t\t\t\tRehabilitaci\u00f3n de edificio Atocha \/ Beriot Bernardini Arquitectos\n\t\t\t\t<\/figcaption><\/figure><figure class='gallery-item'>\n\t\t\t<div class='gallery-icon landscape'>\n\t\t\t\t<a href='https:\/\/www.arquimaster.com.ar\/web\/wp-content\/uploads\/2014\/05\/rehabilitacion_atocha7.jpg' title=\"Rehabilitaci\u00f3n de edificio Atocha \/ Beriot Bernardini Arquitectos\" data-rl_title=\"Rehabilitaci\u00f3n de edificio Atocha \/ Beriot Bernardini Arquitectos\" class=\"rl-gallery-link\" data-rl_caption=\"Rehabilitaci\u00f3n de edificio Atocha \/ Beriot Bernardini Arquitectos\" data-rel=\"lightbox-gallery-1\"><img loading=\"lazy\" decoding=\"async\" width=\"150\" height=\"150\" src=\"https:\/\/www.arquimaster.com.ar\/web\/wp-content\/uploads\/2014\/05\/rehabilitacion_atocha7-150x150.jpg\" class=\"attachment-thumbnail size-thumbnail\" alt=\"\" aria-describedby=\"gallery-1-6835\" srcset=\"https:\/\/www.arquimaster.com.ar\/web\/wp-content\/uploads\/2014\/05\/rehabilitacion_atocha7-150x150.jpg 150w, https:\/\/www.arquimaster.com.ar\/web\/wp-content\/uploads\/2014\/05\/rehabilitacion_atocha7-50x50.jpg 50w, https:\/\/www.arquimaster.com.ar\/web\/wp-content\/uploads\/2014\/05\/rehabilitacion_atocha7-125x125.jpg 125w\" sizes=\"auto, (max-width: 150px) 100vw, 150px\" \/><\/a>\n\t\t\t<\/div>\n\t\t\t\t<figcaption class='wp-caption-text gallery-caption' id='gallery-1-6835'>\n\t\t\t\tRehabilitaci\u00f3n de edificio Atocha \/ Beriot Bernardini Arquitectos\n\t\t\t\t<\/figcaption><\/figure><figure class='gallery-item'>\n\t\t\t<div class='gallery-icon portrait'>\n\t\t\t\t<a href='https:\/\/www.arquimaster.com.ar\/web\/wp-content\/uploads\/2014\/05\/rehabilitacion_atocha8.jpg' title=\"Rehabilitaci\u00f3n de edificio Atocha \/ Beriot Bernardini Arquitectos\" data-rl_title=\"Rehabilitaci\u00f3n de edificio Atocha \/ Beriot Bernardini Arquitectos\" class=\"rl-gallery-link\" data-rl_caption=\"Rehabilitaci\u00f3n de edificio Atocha \/ Beriot Bernardini Arquitectos\" data-rel=\"lightbox-gallery-1\"><img loading=\"lazy\" decoding=\"async\" width=\"150\" height=\"150\" src=\"https:\/\/www.arquimaster.com.ar\/web\/wp-content\/uploads\/2014\/05\/rehabilitacion_atocha8-150x150.jpg\" class=\"attachment-thumbnail size-thumbnail\" alt=\"\" aria-describedby=\"gallery-1-6836\" srcset=\"https:\/\/www.arquimaster.com.ar\/web\/wp-content\/uploads\/2014\/05\/rehabilitacion_atocha8-150x150.jpg 150w, https:\/\/www.arquimaster.com.ar\/web\/wp-content\/uploads\/2014\/05\/rehabilitacion_atocha8-50x50.jpg 50w, https:\/\/www.arquimaster.com.ar\/web\/wp-content\/uploads\/2014\/05\/rehabilitacion_atocha8-125x125.jpg 125w\" sizes=\"auto, (max-width: 150px) 100vw, 150px\" \/><\/a>\n\t\t\t<\/div>\n\t\t\t\t<figcaption class='wp-caption-text gallery-caption' id='gallery-1-6836'>\n\t\t\t\tRehabilitaci\u00f3n de edificio Atocha \/ Beriot Bernardini Arquitectos\n\t\t\t\t<\/figcaption><\/figure><figure class='gallery-item'>\n\t\t\t<div class='gallery-icon landscape'>\n\t\t\t\t<a href='https:\/\/www.arquimaster.com.ar\/web\/wp-content\/uploads\/2014\/05\/rehabilitacion_atocha9.jpg' title=\"Rehabilitaci\u00f3n de edificio Atocha \/ Beriot Bernardini Arquitectos\" data-rl_title=\"Rehabilitaci\u00f3n de edificio Atocha \/ Beriot Bernardini Arquitectos\" class=\"rl-gallery-link\" data-rl_caption=\"Rehabilitaci\u00f3n de edificio Atocha \/ Beriot Bernardini Arquitectos\" data-rel=\"lightbox-gallery-1\"><img loading=\"lazy\" decoding=\"async\" width=\"150\" height=\"150\" src=\"https:\/\/www.arquimaster.com.ar\/web\/wp-content\/uploads\/2014\/05\/rehabilitacion_atocha9-150x150.jpg\" class=\"attachment-thumbnail size-thumbnail\" alt=\"\" aria-describedby=\"gallery-1-6837\" srcset=\"https:\/\/www.arquimaster.com.ar\/web\/wp-content\/uploads\/2014\/05\/rehabilitacion_atocha9-150x150.jpg 150w, https:\/\/www.arquimaster.com.ar\/web\/wp-content\/uploads\/2014\/05\/rehabilitacion_atocha9-50x50.jpg 50w, https:\/\/www.arquimaster.com.ar\/web\/wp-content\/uploads\/2014\/05\/rehabilitacion_atocha9-125x125.jpg 125w\" sizes=\"auto, (max-width: 150px) 100vw, 150px\" \/><\/a>\n\t\t\t<\/div>\n\t\t\t\t<figcaption class='wp-caption-text gallery-caption' id='gallery-1-6837'>\n\t\t\t\tRehabilitaci\u00f3n de edificio Atocha \/ Beriot Bernardini Arquitectos\n\t\t\t\t<\/figcaption><\/figure><figure class='gallery-item'>\n\t\t\t<div class='gallery-icon landscape'>\n\t\t\t\t<a href='https:\/\/www.arquimaster.com.ar\/web\/wp-content\/uploads\/2014\/05\/rehabilitacion_atocha10.jpg' title=\"Rehabilitaci\u00f3n de edificio Atocha \/ Beriot Bernardini Arquitectos\" data-rl_title=\"Rehabilitaci\u00f3n de edificio Atocha \/ Beriot Bernardini Arquitectos\" class=\"rl-gallery-link\" data-rl_caption=\"Rehabilitaci\u00f3n de edificio Atocha \/ Beriot Bernardini Arquitectos\" data-rel=\"lightbox-gallery-1\"><img loading=\"lazy\" decoding=\"async\" width=\"150\" height=\"150\" src=\"https:\/\/www.arquimaster.com.ar\/web\/wp-content\/uploads\/2014\/05\/rehabilitacion_atocha10-150x150.jpg\" class=\"attachment-thumbnail size-thumbnail\" alt=\"\" aria-describedby=\"gallery-1-6838\" srcset=\"https:\/\/www.arquimaster.com.ar\/web\/wp-content\/uploads\/2014\/05\/rehabilitacion_atocha10-150x150.jpg 150w, https:\/\/www.arquimaster.com.ar\/web\/wp-content\/uploads\/2014\/05\/rehabilitacion_atocha10-50x50.jpg 50w, https:\/\/www.arquimaster.com.ar\/web\/wp-content\/uploads\/2014\/05\/rehabilitacion_atocha10-125x125.jpg 125w\" sizes=\"auto, (max-width: 150px) 100vw, 150px\" \/><\/a>\n\t\t\t<\/div>\n\t\t\t\t<figcaption class='wp-caption-text gallery-caption' id='gallery-1-6838'>\n\t\t\t\tRehabilitaci\u00f3n de edificio Atocha \/ Beriot Bernardini Arquitectos\n\t\t\t\t<\/figcaption><\/figure><figure class='gallery-item'>\n\t\t\t<div class='gallery-icon landscape'>\n\t\t\t\t<a href='https:\/\/www.arquimaster.com.ar\/web\/wp-content\/uploads\/2014\/05\/rehabilitacion_atocha11.jpg' title=\"Rehabilitaci\u00f3n de edificio Atocha \/ Beriot Bernardini Arquitectos\" data-rl_title=\"Rehabilitaci\u00f3n de edificio Atocha \/ Beriot Bernardini Arquitectos\" class=\"rl-gallery-link\" data-rl_caption=\"Rehabilitaci\u00f3n de edificio Atocha \/ Beriot Bernardini Arquitectos\" data-rel=\"lightbox-gallery-1\"><img loading=\"lazy\" decoding=\"async\" width=\"150\" height=\"150\" src=\"https:\/\/www.arquimaster.com.ar\/web\/wp-content\/uploads\/2014\/05\/rehabilitacion_atocha11-150x150.jpg\" class=\"attachment-thumbnail size-thumbnail\" alt=\"\" aria-describedby=\"gallery-1-6839\" srcset=\"https:\/\/www.arquimaster.com.ar\/web\/wp-content\/uploads\/2014\/05\/rehabilitacion_atocha11-150x150.jpg 150w, https:\/\/www.arquimaster.com.ar\/web\/wp-content\/uploads\/2014\/05\/rehabilitacion_atocha11-50x50.jpg 50w, https:\/\/www.arquimaster.com.ar\/web\/wp-content\/uploads\/2014\/05\/rehabilitacion_atocha11-125x125.jpg 125w\" sizes=\"auto, (max-width: 150px) 100vw, 150px\" \/><\/a>\n\t\t\t<\/div>\n\t\t\t\t<figcaption class='wp-caption-text gallery-caption' id='gallery-1-6839'>\n\t\t\t\tRehabilitaci\u00f3n de edificio Atocha \/ Beriot Bernardini Arquitectos\n\t\t\t\t<\/figcaption><\/figure><figure class='gallery-item'>\n\t\t\t<div class='gallery-icon portrait'>\n\t\t\t\t<a href='https:\/\/www.arquimaster.com.ar\/web\/wp-content\/uploads\/2014\/05\/rehabilitacion_atocha12.jpg' title=\"Rehabilitaci\u00f3n de edificio Atocha \/ Beriot Bernardini Arquitectos\" data-rl_title=\"Rehabilitaci\u00f3n de edificio Atocha \/ Beriot Bernardini Arquitectos\" class=\"rl-gallery-link\" data-rl_caption=\"Rehabilitaci\u00f3n de edificio Atocha \/ Beriot Bernardini Arquitectos\" data-rel=\"lightbox-gallery-1\"><img loading=\"lazy\" decoding=\"async\" width=\"150\" height=\"150\" src=\"https:\/\/www.arquimaster.com.ar\/web\/wp-content\/uploads\/2014\/05\/rehabilitacion_atocha12-150x150.jpg\" class=\"attachment-thumbnail size-thumbnail\" alt=\"\" aria-describedby=\"gallery-1-6840\" srcset=\"https:\/\/www.arquimaster.com.ar\/web\/wp-content\/uploads\/2014\/05\/rehabilitacion_atocha12-150x150.jpg 150w, https:\/\/www.arquimaster.com.ar\/web\/wp-content\/uploads\/2014\/05\/rehabilitacion_atocha12-50x50.jpg 50w, https:\/\/www.arquimaster.com.ar\/web\/wp-content\/uploads\/2014\/05\/rehabilitacion_atocha12-125x125.jpg 125w\" sizes=\"auto, (max-width: 150px) 100vw, 150px\" \/><\/a>\n\t\t\t<\/div>\n\t\t\t\t<figcaption class='wp-caption-text gallery-caption' id='gallery-1-6840'>\n\t\t\t\tRehabilitaci\u00f3n de edificio Atocha \/ Beriot Bernardini Arquitectos\n\t\t\t\t<\/figcaption><\/figure><figure class='gallery-item'>\n\t\t\t<div class='gallery-icon portrait'>\n\t\t\t\t<a href='https:\/\/www.arquimaster.com.ar\/web\/wp-content\/uploads\/2014\/05\/rehabilitacion_atocha13.jpg' title=\"Rehabilitaci\u00f3n de edificio Atocha \/ Beriot Bernardini Arquitectos\" data-rl_title=\"Rehabilitaci\u00f3n de edificio Atocha \/ Beriot Bernardini Arquitectos\" class=\"rl-gallery-link\" data-rl_caption=\"Rehabilitaci\u00f3n de edificio Atocha \/ Beriot Bernardini Arquitectos\" data-rel=\"lightbox-gallery-1\"><img loading=\"lazy\" decoding=\"async\" width=\"150\" height=\"150\" src=\"https:\/\/www.arquimaster.com.ar\/web\/wp-content\/uploads\/2014\/05\/rehabilitacion_atocha13-150x150.jpg\" class=\"attachment-thumbnail size-thumbnail\" alt=\"\" aria-describedby=\"gallery-1-6841\" srcset=\"https:\/\/www.arquimaster.com.ar\/web\/wp-content\/uploads\/2014\/05\/rehabilitacion_atocha13-150x150.jpg 150w, https:\/\/www.arquimaster.com.ar\/web\/wp-content\/uploads\/2014\/05\/rehabilitacion_atocha13-50x50.jpg 50w, https:\/\/www.arquimaster.com.ar\/web\/wp-content\/uploads\/2014\/05\/rehabilitacion_atocha13-125x125.jpg 125w\" sizes=\"auto, (max-width: 150px) 100vw, 150px\" \/><\/a>\n\t\t\t<\/div>\n\t\t\t\t<figcaption class='wp-caption-text gallery-caption' id='gallery-1-6841'>\n\t\t\t\tRehabilitaci\u00f3n de edificio Atocha \/ Beriot Bernardini Arquitectos\n\t\t\t\t<\/figcaption><\/figure><figure class='gallery-item'>\n\t\t\t<div class='gallery-icon landscape'>\n\t\t\t\t<a href='https:\/\/www.arquimaster.com.ar\/web\/wp-content\/uploads\/2014\/05\/rehabilitacion_atocha14.jpg' title=\"Rehabilitaci\u00f3n de edificio Atocha \/ Beriot Bernardini Arquitectos\" data-rl_title=\"Rehabilitaci\u00f3n de edificio Atocha \/ Beriot Bernardini Arquitectos\" class=\"rl-gallery-link\" data-rl_caption=\"Rehabilitaci\u00f3n de edificio Atocha \/ Beriot Bernardini Arquitectos\" data-rel=\"lightbox-gallery-1\"><img loading=\"lazy\" decoding=\"async\" width=\"150\" height=\"150\" src=\"https:\/\/www.arquimaster.com.ar\/web\/wp-content\/uploads\/2014\/05\/rehabilitacion_atocha14-150x150.jpg\" class=\"attachment-thumbnail size-thumbnail\" alt=\"\" aria-describedby=\"gallery-1-6842\" srcset=\"https:\/\/www.arquimaster.com.ar\/web\/wp-content\/uploads\/2014\/05\/rehabilitacion_atocha14-150x150.jpg 150w, https:\/\/www.arquimaster.com.ar\/web\/wp-content\/uploads\/2014\/05\/rehabilitacion_atocha14-50x50.jpg 50w, https:\/\/www.arquimaster.com.ar\/web\/wp-content\/uploads\/2014\/05\/rehabilitacion_atocha14-125x125.jpg 125w\" sizes=\"auto, (max-width: 150px) 100vw, 150px\" \/><\/a>\n\t\t\t<\/div>\n\t\t\t\t<figcaption class='wp-caption-text gallery-caption' id='gallery-1-6842'>\n\t\t\t\tRehabilitaci\u00f3n de edificio Atocha \/ Beriot Bernardini Arquitectos\n\t\t\t\t<\/figcaption><\/figure><figure class='gallery-item'>\n\t\t\t<div class='gallery-icon landscape'>\n\t\t\t\t<a href='https:\/\/www.arquimaster.com.ar\/web\/wp-content\/uploads\/2014\/05\/rehabilitacion_atocha15.jpg' title=\"Rehabilitaci\u00f3n de edificio Atocha \/ Beriot Bernardini Arquitectos\" data-rl_title=\"Rehabilitaci\u00f3n de edificio Atocha \/ Beriot Bernardini Arquitectos\" class=\"rl-gallery-link\" data-rl_caption=\"Rehabilitaci\u00f3n de edificio Atocha \/ Beriot Bernardini Arquitectos\" data-rel=\"lightbox-gallery-1\"><img loading=\"lazy\" decoding=\"async\" width=\"150\" height=\"150\" src=\"https:\/\/www.arquimaster.com.ar\/web\/wp-content\/uploads\/2014\/05\/rehabilitacion_atocha15-150x150.jpg\" class=\"attachment-thumbnail size-thumbnail\" alt=\"\" aria-describedby=\"gallery-1-6843\" srcset=\"https:\/\/www.arquimaster.com.ar\/web\/wp-content\/uploads\/2014\/05\/rehabilitacion_atocha15-150x150.jpg 150w, https:\/\/www.arquimaster.com.ar\/web\/wp-content\/uploads\/2014\/05\/rehabilitacion_atocha15-50x50.jpg 50w, https:\/\/www.arquimaster.com.ar\/web\/wp-content\/uploads\/2014\/05\/rehabilitacion_atocha15-125x125.jpg 125w\" sizes=\"auto, (max-width: 150px) 100vw, 150px\" \/><\/a>\n\t\t\t<\/div>\n\t\t\t\t<figcaption class='wp-caption-text gallery-caption' id='gallery-1-6843'>\n\t\t\t\tRehabilitaci\u00f3n de edificio Atocha \/ Beriot Bernardini Arquitectos\n\t\t\t\t<\/figcaption><\/figure><figure class='gallery-item'>\n\t\t\t<div class='gallery-icon landscape'>\n\t\t\t\t<a href='https:\/\/www.arquimaster.com.ar\/web\/wp-content\/uploads\/2014\/05\/rehabilitacion_atocha16.jpg' title=\"Rehabilitaci\u00f3n de edificio Atocha \/ Beriot Bernardini Arquitectos\" data-rl_title=\"Rehabilitaci\u00f3n de edificio Atocha \/ Beriot Bernardini Arquitectos\" class=\"rl-gallery-link\" data-rl_caption=\"Rehabilitaci\u00f3n de edificio Atocha \/ Beriot Bernardini Arquitectos\" data-rel=\"lightbox-gallery-1\"><img loading=\"lazy\" decoding=\"async\" width=\"150\" height=\"150\" src=\"https:\/\/www.arquimaster.com.ar\/web\/wp-content\/uploads\/2014\/05\/rehabilitacion_atocha16-150x150.jpg\" class=\"attachment-thumbnail size-thumbnail\" alt=\"\" aria-describedby=\"gallery-1-6844\" srcset=\"https:\/\/www.arquimaster.com.ar\/web\/wp-content\/uploads\/2014\/05\/rehabilitacion_atocha16-150x150.jpg 150w, https:\/\/www.arquimaster.com.ar\/web\/wp-content\/uploads\/2014\/05\/rehabilitacion_atocha16-50x50.jpg 50w, https:\/\/www.arquimaster.com.ar\/web\/wp-content\/uploads\/2014\/05\/rehabilitacion_atocha16-125x125.jpg 125w\" sizes=\"auto, (max-width: 150px) 100vw, 150px\" \/><\/a>\n\t\t\t<\/div>\n\t\t\t\t<figcaption class='wp-caption-text gallery-caption' id='gallery-1-6844'>\n\t\t\t\tRehabilitaci\u00f3n de edificio Atocha \/ Beriot Bernardini Arquitectos\n\t\t\t\t<\/figcaption><\/figure><figure class='gallery-item'>\n\t\t\t<div class='gallery-icon portrait'>\n\t\t\t\t<a href='https:\/\/www.arquimaster.com.ar\/web\/wp-content\/uploads\/2014\/05\/rehabilitacion_atocha17.jpg' title=\"Rehabilitaci\u00f3n de edificio Atocha \/ Beriot Bernardini Arquitectos\" data-rl_title=\"Rehabilitaci\u00f3n de edificio Atocha \/ Beriot Bernardini Arquitectos\" class=\"rl-gallery-link\" data-rl_caption=\"Rehabilitaci\u00f3n de edificio Atocha \/ Beriot Bernardini Arquitectos\" data-rel=\"lightbox-gallery-1\"><img loading=\"lazy\" decoding=\"async\" width=\"150\" height=\"150\" src=\"https:\/\/www.arquimaster.com.ar\/web\/wp-content\/uploads\/2014\/05\/rehabilitacion_atocha17-150x150.jpg\" class=\"attachment-thumbnail size-thumbnail\" alt=\"\" aria-describedby=\"gallery-1-6845\" srcset=\"https:\/\/www.arquimaster.com.ar\/web\/wp-content\/uploads\/2014\/05\/rehabilitacion_atocha17-150x150.jpg 150w, https:\/\/www.arquimaster.com.ar\/web\/wp-content\/uploads\/2014\/05\/rehabilitacion_atocha17-50x50.jpg 50w, https:\/\/www.arquimaster.com.ar\/web\/wp-content\/uploads\/2014\/05\/rehabilitacion_atocha17-125x125.jpg 125w\" sizes=\"auto, (max-width: 150px) 100vw, 150px\" \/><\/a>\n\t\t\t<\/div>\n\t\t\t\t<figcaption class='wp-caption-text gallery-caption' id='gallery-1-6845'>\n\t\t\t\tRehabilitaci\u00f3n de edificio Atocha \/ Beriot Bernardini Arquitectos\n\t\t\t\t<\/figcaption><\/figure><figure class='gallery-item'>\n\t\t\t<div class='gallery-icon portrait'>\n\t\t\t\t<a href='https:\/\/www.arquimaster.com.ar\/web\/wp-content\/uploads\/2014\/05\/rehabilitacion_atocha18.jpg' title=\"Rehabilitaci\u00f3n de edificio Atocha \/ Beriot Bernardini Arquitectos\" data-rl_title=\"Rehabilitaci\u00f3n de edificio Atocha \/ Beriot Bernardini Arquitectos\" class=\"rl-gallery-link\" data-rl_caption=\"Rehabilitaci\u00f3n de edificio Atocha \/ Beriot Bernardini Arquitectos\" data-rel=\"lightbox-gallery-1\"><img loading=\"lazy\" decoding=\"async\" width=\"150\" height=\"150\" src=\"https:\/\/www.arquimaster.com.ar\/web\/wp-content\/uploads\/2014\/05\/rehabilitacion_atocha18-150x150.jpg\" class=\"attachment-thumbnail size-thumbnail\" alt=\"\" aria-describedby=\"gallery-1-6846\" srcset=\"https:\/\/www.arquimaster.com.ar\/web\/wp-content\/uploads\/2014\/05\/rehabilitacion_atocha18-150x150.jpg 150w, https:\/\/www.arquimaster.com.ar\/web\/wp-content\/uploads\/2014\/05\/rehabilitacion_atocha18-50x50.jpg 50w, https:\/\/www.arquimaster.com.ar\/web\/wp-content\/uploads\/2014\/05\/rehabilitacion_atocha18-125x125.jpg 125w\" sizes=\"auto, (max-width: 150px) 100vw, 150px\" \/><\/a>\n\t\t\t<\/div>\n\t\t\t\t<figcaption class='wp-caption-text gallery-caption' id='gallery-1-6846'>\n\t\t\t\tRehabilitaci\u00f3n de edificio Atocha \/ Beriot Bernardini Arquitectos\n\t\t\t\t<\/figcaption><\/figure><figure class='gallery-item'>\n\t\t\t<div class='gallery-icon portrait'>\n\t\t\t\t<a href='https:\/\/www.arquimaster.com.ar\/web\/wp-content\/uploads\/2014\/05\/rehabilitacion_atocha19.jpg' title=\"Rehabilitaci\u00f3n de edificio Atocha \/ Beriot Bernardini Arquitectos\" data-rl_title=\"Rehabilitaci\u00f3n de edificio Atocha \/ Beriot Bernardini Arquitectos\" class=\"rl-gallery-link\" data-rl_caption=\"Rehabilitaci\u00f3n de edificio Atocha \/ Beriot Bernardini Arquitectos\" data-rel=\"lightbox-gallery-1\"><img loading=\"lazy\" decoding=\"async\" width=\"150\" height=\"150\" src=\"https:\/\/www.arquimaster.com.ar\/web\/wp-content\/uploads\/2014\/05\/rehabilitacion_atocha19-150x150.jpg\" class=\"attachment-thumbnail size-thumbnail\" alt=\"\" aria-describedby=\"gallery-1-6847\" srcset=\"https:\/\/www.arquimaster.com.ar\/web\/wp-content\/uploads\/2014\/05\/rehabilitacion_atocha19-150x150.jpg 150w, https:\/\/www.arquimaster.com.ar\/web\/wp-content\/uploads\/2014\/05\/rehabilitacion_atocha19-50x50.jpg 50w, https:\/\/www.arquimaster.com.ar\/web\/wp-content\/uploads\/2014\/05\/rehabilitacion_atocha19-125x125.jpg 125w\" sizes=\"auto, (max-width: 150px) 100vw, 150px\" \/><\/a>\n\t\t\t<\/div>\n\t\t\t\t<figcaption class='wp-caption-text gallery-caption' id='gallery-1-6847'>\n\t\t\t\tRehabilitaci\u00f3n de edificio Atocha \/ Beriot Bernardini Arquitectos\n\t\t\t\t<\/figcaption><\/figure><figure class='gallery-item'>\n\t\t\t<div class='gallery-icon portrait'>\n\t\t\t\t<a href='https:\/\/www.arquimaster.com.ar\/web\/wp-content\/uploads\/2014\/05\/rehabilitacion_atocha20.jpg' title=\"Rehabilitaci\u00f3n de edificio Atocha \/ Beriot Bernardini Arquitectos\" data-rl_title=\"Rehabilitaci\u00f3n de edificio Atocha \/ Beriot Bernardini Arquitectos\" class=\"rl-gallery-link\" data-rl_caption=\"Rehabilitaci\u00f3n de edificio Atocha \/ Beriot Bernardini Arquitectos\" data-rel=\"lightbox-gallery-1\"><img loading=\"lazy\" decoding=\"async\" width=\"150\" height=\"150\" src=\"https:\/\/www.arquimaster.com.ar\/web\/wp-content\/uploads\/2014\/05\/rehabilitacion_atocha20-150x150.jpg\" class=\"attachment-thumbnail size-thumbnail\" alt=\"\" aria-describedby=\"gallery-1-6848\" srcset=\"https:\/\/www.arquimaster.com.ar\/web\/wp-content\/uploads\/2014\/05\/rehabilitacion_atocha20-150x150.jpg 150w, https:\/\/www.arquimaster.com.ar\/web\/wp-content\/uploads\/2014\/05\/rehabilitacion_atocha20-50x50.jpg 50w, https:\/\/www.arquimaster.com.ar\/web\/wp-content\/uploads\/2014\/05\/rehabilitacion_atocha20-125x125.jpg 125w\" sizes=\"auto, (max-width: 150px) 100vw, 150px\" \/><\/a>\n\t\t\t<\/div>\n\t\t\t\t<figcaption class='wp-caption-text gallery-caption' id='gallery-1-6848'>\n\t\t\t\tRehabilitaci\u00f3n de edificio Atocha \/ Beriot Bernardini Arquitectos\n\t\t\t\t<\/figcaption><\/figure><figure class='gallery-item'>\n\t\t\t<div class='gallery-icon portrait'>\n\t\t\t\t<a href='https:\/\/www.arquimaster.com.ar\/web\/wp-content\/uploads\/2014\/05\/rehabilitacion_atocha21.jpg' title=\"Rehabilitaci\u00f3n de edificio Atocha \/ Beriot Bernardini Arquitectos\" data-rl_title=\"Rehabilitaci\u00f3n de edificio Atocha \/ Beriot Bernardini Arquitectos\" class=\"rl-gallery-link\" data-rl_caption=\"Rehabilitaci\u00f3n de edificio Atocha \/ Beriot Bernardini Arquitectos\" data-rel=\"lightbox-gallery-1\"><img loading=\"lazy\" decoding=\"async\" width=\"150\" height=\"150\" src=\"https:\/\/www.arquimaster.com.ar\/web\/wp-content\/uploads\/2014\/05\/rehabilitacion_atocha21-150x150.jpg\" class=\"attachment-thumbnail size-thumbnail\" alt=\"\" aria-describedby=\"gallery-1-6849\" srcset=\"https:\/\/www.arquimaster.com.ar\/web\/wp-content\/uploads\/2014\/05\/rehabilitacion_atocha21-150x150.jpg 150w, https:\/\/www.arquimaster.com.ar\/web\/wp-content\/uploads\/2014\/05\/rehabilitacion_atocha21-50x50.jpg 50w, https:\/\/www.arquimaster.com.ar\/web\/wp-content\/uploads\/2014\/05\/rehabilitacion_atocha21-125x125.jpg 125w\" sizes=\"auto, (max-width: 150px) 100vw, 150px\" \/><\/a>\n\t\t\t<\/div>\n\t\t\t\t<figcaption class='wp-caption-text gallery-caption' id='gallery-1-6849'>\n\t\t\t\tRehabilitaci\u00f3n de edificio Atocha \/ Beriot Bernardini Arquitectos\n\t\t\t\t<\/figcaption><\/figure><figure class='gallery-item'>\n\t\t\t<div class='gallery-icon portrait'>\n\t\t\t\t<a href='https:\/\/www.arquimaster.com.ar\/web\/wp-content\/uploads\/2014\/05\/rehabilitacion_atocha22.jpg' title=\"Rehabilitaci\u00f3n de edificio Atocha \/ Beriot Bernardini Arquitectos\" data-rl_title=\"Rehabilitaci\u00f3n de edificio Atocha \/ Beriot Bernardini Arquitectos\" class=\"rl-gallery-link\" data-rl_caption=\"Rehabilitaci\u00f3n de edificio Atocha \/ Beriot Bernardini Arquitectos\" data-rel=\"lightbox-gallery-1\"><img loading=\"lazy\" decoding=\"async\" width=\"150\" height=\"150\" src=\"https:\/\/www.arquimaster.com.ar\/web\/wp-content\/uploads\/2014\/05\/rehabilitacion_atocha22-150x150.jpg\" class=\"attachment-thumbnail size-thumbnail\" alt=\"\" aria-describedby=\"gallery-1-6850\" srcset=\"https:\/\/www.arquimaster.com.ar\/web\/wp-content\/uploads\/2014\/05\/rehabilitacion_atocha22-150x150.jpg 150w, https:\/\/www.arquimaster.com.ar\/web\/wp-content\/uploads\/2014\/05\/rehabilitacion_atocha22-50x50.jpg 50w, https:\/\/www.arquimaster.com.ar\/web\/wp-content\/uploads\/2014\/05\/rehabilitacion_atocha22-125x125.jpg 125w\" sizes=\"auto, (max-width: 150px) 100vw, 150px\" \/><\/a>\n\t\t\t<\/div>\n\t\t\t\t<figcaption class='wp-caption-text gallery-caption' id='gallery-1-6850'>\n\t\t\t\tRehabilitaci\u00f3n de edificio Atocha \/ Beriot Bernardini Arquitectos\n\t\t\t\t<\/figcaption><\/figure><figure class='gallery-item'>\n\t\t\t<div class='gallery-icon landscape'>\n\t\t\t\t<a href='https:\/\/www.arquimaster.com.ar\/web\/wp-content\/uploads\/2014\/05\/rehabilitacion_atocha23.jpg' title=\"Rehabilitaci\u00f3n de edificio Atocha \/ Beriot Bernardini Arquitectos\" data-rl_title=\"Rehabilitaci\u00f3n de edificio Atocha \/ Beriot Bernardini Arquitectos\" class=\"rl-gallery-link\" data-rl_caption=\"Rehabilitaci\u00f3n de edificio Atocha \/ Beriot Bernardini Arquitectos\" data-rel=\"lightbox-gallery-1\"><img loading=\"lazy\" decoding=\"async\" width=\"150\" height=\"150\" src=\"https:\/\/www.arquimaster.com.ar\/web\/wp-content\/uploads\/2014\/05\/rehabilitacion_atocha23-150x150.jpg\" class=\"attachment-thumbnail size-thumbnail\" alt=\"\" aria-describedby=\"gallery-1-6851\" srcset=\"https:\/\/www.arquimaster.com.ar\/web\/wp-content\/uploads\/2014\/05\/rehabilitacion_atocha23-150x150.jpg 150w, https:\/\/www.arquimaster.com.ar\/web\/wp-content\/uploads\/2014\/05\/rehabilitacion_atocha23-50x50.jpg 50w, https:\/\/www.arquimaster.com.ar\/web\/wp-content\/uploads\/2014\/05\/rehabilitacion_atocha23-125x125.jpg 125w\" sizes=\"auto, (max-width: 150px) 100vw, 150px\" \/><\/a>\n\t\t\t<\/div>\n\t\t\t\t<figcaption class='wp-caption-text gallery-caption' id='gallery-1-6851'>\n\t\t\t\tRehabilitaci\u00f3n de edificio Atocha \/ Beriot Bernardini Arquitectos\n\t\t\t\t<\/figcaption><\/figure><figure class='gallery-item'>\n\t\t\t<div class='gallery-icon landscape'>\n\t\t\t\t<a href='https:\/\/www.arquimaster.com.ar\/web\/wp-content\/uploads\/2014\/05\/rehabilitacion_atocha24.jpg' title=\"Rehabilitaci\u00f3n de edificio Atocha \/ Beriot Bernardini Arquitectos\" data-rl_title=\"Rehabilitaci\u00f3n de edificio Atocha \/ Beriot Bernardini Arquitectos\" class=\"rl-gallery-link\" data-rl_caption=\"Rehabilitaci\u00f3n de edificio Atocha \/ Beriot Bernardini Arquitectos\" data-rel=\"lightbox-gallery-1\"><img loading=\"lazy\" decoding=\"async\" width=\"150\" height=\"150\" src=\"https:\/\/www.arquimaster.com.ar\/web\/wp-content\/uploads\/2014\/05\/rehabilitacion_atocha24-150x150.jpg\" class=\"attachment-thumbnail size-thumbnail\" alt=\"\" aria-describedby=\"gallery-1-6852\" srcset=\"https:\/\/www.arquimaster.com.ar\/web\/wp-content\/uploads\/2014\/05\/rehabilitacion_atocha24-150x150.jpg 150w, https:\/\/www.arquimaster.com.ar\/web\/wp-content\/uploads\/2014\/05\/rehabilitacion_atocha24-50x50.jpg 50w, https:\/\/www.arquimaster.com.ar\/web\/wp-content\/uploads\/2014\/05\/rehabilitacion_atocha24-125x125.jpg 125w\" sizes=\"auto, (max-width: 150px) 100vw, 150px\" \/><\/a>\n\t\t\t<\/div>\n\t\t\t\t<figcaption class='wp-caption-text gallery-caption' id='gallery-1-6852'>\n\t\t\t\tRehabilitaci\u00f3n de edificio Atocha \/ Beriot Bernardini Arquitectos\n\t\t\t\t<\/figcaption><\/figure><figure class='gallery-item'>\n\t\t\t<div class='gallery-icon portrait'>\n\t\t\t\t<a href='https:\/\/www.arquimaster.com.ar\/web\/wp-content\/uploads\/2014\/05\/rehabilitacion_atocha25.jpg' title=\"Rehabilitaci\u00f3n de edificio Atocha \/ Beriot Bernardini Arquitectos\" data-rl_title=\"Rehabilitaci\u00f3n de edificio Atocha \/ Beriot Bernardini Arquitectos\" class=\"rl-gallery-link\" data-rl_caption=\"Rehabilitaci\u00f3n de edificio Atocha \/ Beriot Bernardini Arquitectos\" data-rel=\"lightbox-gallery-1\"><img loading=\"lazy\" decoding=\"async\" width=\"150\" height=\"150\" src=\"https:\/\/www.arquimaster.com.ar\/web\/wp-content\/uploads\/2014\/05\/rehabilitacion_atocha25-150x150.jpg\" class=\"attachment-thumbnail size-thumbnail\" alt=\"\" aria-describedby=\"gallery-1-6853\" srcset=\"https:\/\/www.arquimaster.com.ar\/web\/wp-content\/uploads\/2014\/05\/rehabilitacion_atocha25-150x150.jpg 150w, https:\/\/www.arquimaster.com.ar\/web\/wp-content\/uploads\/2014\/05\/rehabilitacion_atocha25-50x50.jpg 50w, https:\/\/www.arquimaster.com.ar\/web\/wp-content\/uploads\/2014\/05\/rehabilitacion_atocha25-125x125.jpg 125w\" sizes=\"auto, (max-width: 150px) 100vw, 150px\" \/><\/a>\n\t\t\t<\/div>\n\t\t\t\t<figcaption class='wp-caption-text gallery-caption' id='gallery-1-6853'>\n\t\t\t\tRehabilitaci\u00f3n de edificio Atocha \/ Beriot Bernardini Arquitectos\n\t\t\t\t<\/figcaption><\/figure><figure class='gallery-item'>\n\t\t\t<div class='gallery-icon portrait'>\n\t\t\t\t<a href='https:\/\/www.arquimaster.com.ar\/web\/wp-content\/uploads\/2014\/05\/rehabilitacion_atocha26.jpg' title=\"Rehabilitaci\u00f3n de edificio Atocha \/ Beriot Bernardini Arquitectos\" data-rl_title=\"Rehabilitaci\u00f3n de edificio Atocha \/ Beriot Bernardini Arquitectos\" class=\"rl-gallery-link\" data-rl_caption=\"Rehabilitaci\u00f3n de edificio Atocha \/ Beriot Bernardini Arquitectos\" data-rel=\"lightbox-gallery-1\"><img loading=\"lazy\" decoding=\"async\" width=\"150\" height=\"150\" src=\"https:\/\/www.arquimaster.com.ar\/web\/wp-content\/uploads\/2014\/05\/rehabilitacion_atocha26-150x150.jpg\" class=\"attachment-thumbnail size-thumbnail\" alt=\"\" aria-describedby=\"gallery-1-6854\" srcset=\"https:\/\/www.arquimaster.com.ar\/web\/wp-content\/uploads\/2014\/05\/rehabilitacion_atocha26-150x150.jpg 150w, https:\/\/www.arquimaster.com.ar\/web\/wp-content\/uploads\/2014\/05\/rehabilitacion_atocha26-50x50.jpg 50w, https:\/\/www.arquimaster.com.ar\/web\/wp-content\/uploads\/2014\/05\/rehabilitacion_atocha26-125x125.jpg 125w\" sizes=\"auto, (max-width: 150px) 100vw, 150px\" \/><\/a>\n\t\t\t<\/div>\n\t\t\t\t<figcaption class='wp-caption-text gallery-caption' id='gallery-1-6854'>\n\t\t\t\tRehabilitaci\u00f3n de edificio Atocha \/ Beriot Bernardini Arquitectos\n\t\t\t\t<\/figcaption><\/figure><figure class='gallery-item'>\n\t\t\t<div class='gallery-icon portrait'>\n\t\t\t\t<a href='https:\/\/www.arquimaster.com.ar\/web\/wp-content\/uploads\/2014\/05\/rehabilitacion_atocha27.jpg' title=\"Rehabilitaci\u00f3n de edificio Atocha \/ Beriot Bernardini Arquitectos\" data-rl_title=\"Rehabilitaci\u00f3n de edificio Atocha \/ Beriot Bernardini Arquitectos\" class=\"rl-gallery-link\" data-rl_caption=\"Rehabilitaci\u00f3n de edificio Atocha \/ Beriot Bernardini Arquitectos\" data-rel=\"lightbox-gallery-1\"><img loading=\"lazy\" decoding=\"async\" width=\"150\" height=\"150\" src=\"https:\/\/www.arquimaster.com.ar\/web\/wp-content\/uploads\/2014\/05\/rehabilitacion_atocha27-150x150.jpg\" class=\"attachment-thumbnail size-thumbnail\" alt=\"\" aria-describedby=\"gallery-1-6855\" srcset=\"https:\/\/www.arquimaster.com.ar\/web\/wp-content\/uploads\/2014\/05\/rehabilitacion_atocha27-150x150.jpg 150w, https:\/\/www.arquimaster.com.ar\/web\/wp-content\/uploads\/2014\/05\/rehabilitacion_atocha27-50x50.jpg 50w, https:\/\/www.arquimaster.com.ar\/web\/wp-content\/uploads\/2014\/05\/rehabilitacion_atocha27-125x125.jpg 125w\" sizes=\"auto, (max-width: 150px) 100vw, 150px\" \/><\/a>\n\t\t\t<\/div>\n\t\t\t\t<figcaption class='wp-caption-text gallery-caption' id='gallery-1-6855'>\n\t\t\t\tRehabilitaci\u00f3n de edificio Atocha \/ Beriot Bernardini Arquitectos\n\t\t\t\t<\/figcaption><\/figure><figure class='gallery-item'>\n\t\t\t<div class='gallery-icon landscape'>\n\t\t\t\t<a href='https:\/\/www.arquimaster.com.ar\/web\/wp-content\/uploads\/2014\/05\/rehabilitacion_atocha28.jpg' title=\"Rehabilitaci\u00f3n de edificio Atocha \/ Beriot Bernardini Arquitectos\" data-rl_title=\"Rehabilitaci\u00f3n de edificio Atocha \/ Beriot Bernardini Arquitectos\" class=\"rl-gallery-link\" data-rl_caption=\"Rehabilitaci\u00f3n de edificio Atocha \/ Beriot Bernardini Arquitectos\" data-rel=\"lightbox-gallery-1\"><img loading=\"lazy\" decoding=\"async\" width=\"150\" height=\"150\" src=\"https:\/\/www.arquimaster.com.ar\/web\/wp-content\/uploads\/2014\/05\/rehabilitacion_atocha28-150x150.jpg\" class=\"attachment-thumbnail size-thumbnail\" alt=\"\" aria-describedby=\"gallery-1-6856\" srcset=\"https:\/\/www.arquimaster.com.ar\/web\/wp-content\/uploads\/2014\/05\/rehabilitacion_atocha28-150x150.jpg 150w, https:\/\/www.arquimaster.com.ar\/web\/wp-content\/uploads\/2014\/05\/rehabilitacion_atocha28-50x50.jpg 50w, https:\/\/www.arquimaster.com.ar\/web\/wp-content\/uploads\/2014\/05\/rehabilitacion_atocha28-125x125.jpg 125w\" sizes=\"auto, (max-width: 150px) 100vw, 150px\" \/><\/a>\n\t\t\t<\/div>\n\t\t\t\t<figcaption class='wp-caption-text gallery-caption' id='gallery-1-6856'>\n\t\t\t\tRehabilitaci\u00f3n de edificio Atocha \/ Beriot Bernardini Arquitectos\n\t\t\t\t<\/figcaption><\/figure><figure class='gallery-item'>\n\t\t\t<div class='gallery-icon portrait'>\n\t\t\t\t<a href='https:\/\/www.arquimaster.com.ar\/web\/wp-content\/uploads\/2014\/05\/rehabilitacion_atocha29.jpg' title=\"Rehabilitaci\u00f3n de edificio Atocha \/ Beriot Bernardini Arquitectos\" data-rl_title=\"Rehabilitaci\u00f3n de edificio Atocha \/ Beriot Bernardini Arquitectos\" class=\"rl-gallery-link\" data-rl_caption=\"Rehabilitaci\u00f3n de edificio Atocha \/ Beriot Bernardini Arquitectos\" data-rel=\"lightbox-gallery-1\"><img loading=\"lazy\" decoding=\"async\" width=\"150\" height=\"150\" src=\"https:\/\/www.arquimaster.com.ar\/web\/wp-content\/uploads\/2014\/05\/rehabilitacion_atocha29-150x150.jpg\" class=\"attachment-thumbnail size-thumbnail\" alt=\"\" aria-describedby=\"gallery-1-6857\" srcset=\"https:\/\/www.arquimaster.com.ar\/web\/wp-content\/uploads\/2014\/05\/rehabilitacion_atocha29-150x150.jpg 150w, https:\/\/www.arquimaster.com.ar\/web\/wp-content\/uploads\/2014\/05\/rehabilitacion_atocha29-50x50.jpg 50w, https:\/\/www.arquimaster.com.ar\/web\/wp-content\/uploads\/2014\/05\/rehabilitacion_atocha29-125x125.jpg 125w\" sizes=\"auto, (max-width: 150px) 100vw, 150px\" \/><\/a>\n\t\t\t<\/div>\n\t\t\t\t<figcaption class='wp-caption-text gallery-caption' id='gallery-1-6857'>\n\t\t\t\tRehabilitaci\u00f3n de edificio Atocha \/ Beriot Bernardini Arquitectos\n\t\t\t\t<\/figcaption><\/figure><figure class='gallery-item'>\n\t\t\t<div class='gallery-icon landscape'>\n\t\t\t\t<a href='https:\/\/www.arquimaster.com.ar\/web\/wp-content\/uploads\/2014\/05\/rehabilitacion_atocha30.jpg' title=\"Rehabilitaci\u00f3n de edificio Atocha \/ Beriot Bernardini Arquitectos\" data-rl_title=\"Rehabilitaci\u00f3n de edificio Atocha \/ Beriot Bernardini Arquitectos\" class=\"rl-gallery-link\" data-rl_caption=\"Rehabilitaci\u00f3n de edificio Atocha \/ Beriot Bernardini Arquitectos\" data-rel=\"lightbox-gallery-1\"><img loading=\"lazy\" decoding=\"async\" width=\"150\" height=\"150\" src=\"https:\/\/www.arquimaster.com.ar\/web\/wp-content\/uploads\/2014\/05\/rehabilitacion_atocha30-150x150.jpg\" class=\"attachment-thumbnail size-thumbnail\" alt=\"\" aria-describedby=\"gallery-1-6858\" srcset=\"https:\/\/www.arquimaster.com.ar\/web\/wp-content\/uploads\/2014\/05\/rehabilitacion_atocha30-150x150.jpg 150w, https:\/\/www.arquimaster.com.ar\/web\/wp-content\/uploads\/2014\/05\/rehabilitacion_atocha30-50x50.jpg 50w, https:\/\/www.arquimaster.com.ar\/web\/wp-content\/uploads\/2014\/05\/rehabilitacion_atocha30-125x125.jpg 125w\" sizes=\"auto, (max-width: 150px) 100vw, 150px\" \/><\/a>\n\t\t\t<\/div>\n\t\t\t\t<figcaption class='wp-caption-text gallery-caption' id='gallery-1-6858'>\n\t\t\t\tRehabilitaci\u00f3n de edificio Atocha \/ Beriot Bernardini Arquitectos\n\t\t\t\t<\/figcaption><\/figure><figure class='gallery-item'>\n\t\t\t<div class='gallery-icon landscape'>\n\t\t\t\t<a href='https:\/\/www.arquimaster.com.ar\/web\/wp-content\/uploads\/2014\/05\/rehabilitacion_atocha31.jpg' title=\"Rehabilitaci\u00f3n de edificio Atocha \/ Beriot Bernardini Arquitectos\" data-rl_title=\"Rehabilitaci\u00f3n de edificio Atocha \/ Beriot Bernardini Arquitectos\" class=\"rl-gallery-link\" data-rl_caption=\"Rehabilitaci\u00f3n de edificio Atocha \/ Beriot Bernardini Arquitectos\" data-rel=\"lightbox-gallery-1\"><img loading=\"lazy\" decoding=\"async\" width=\"150\" height=\"150\" src=\"https:\/\/www.arquimaster.com.ar\/web\/wp-content\/uploads\/2014\/05\/rehabilitacion_atocha31-150x150.jpg\" class=\"attachment-thumbnail size-thumbnail\" alt=\"\" aria-describedby=\"gallery-1-6859\" srcset=\"https:\/\/www.arquimaster.com.ar\/web\/wp-content\/uploads\/2014\/05\/rehabilitacion_atocha31-150x150.jpg 150w, https:\/\/www.arquimaster.com.ar\/web\/wp-content\/uploads\/2014\/05\/rehabilitacion_atocha31-50x50.jpg 50w, https:\/\/www.arquimaster.com.ar\/web\/wp-content\/uploads\/2014\/05\/rehabilitacion_atocha31-125x125.jpg 125w\" sizes=\"auto, (max-width: 150px) 100vw, 150px\" \/><\/a>\n\t\t\t<\/div>\n\t\t\t\t<figcaption class='wp-caption-text gallery-caption' id='gallery-1-6859'>\n\t\t\t\tRehabilitaci\u00f3n de edificio Atocha \/ Beriot Bernardini Arquitectos\n\t\t\t\t<\/figcaption><\/figure><figure class='gallery-item'>\n\t\t\t<div class='gallery-icon portrait'>\n\t\t\t\t<a href='https:\/\/www.arquimaster.com.ar\/web\/wp-content\/uploads\/2014\/05\/rehabilitacion_atocha32.jpg' title=\"Rehabilitaci\u00f3n de edificio Atocha \/ Beriot Bernardini Arquitectos\" data-rl_title=\"Rehabilitaci\u00f3n de edificio Atocha \/ Beriot Bernardini Arquitectos\" class=\"rl-gallery-link\" data-rl_caption=\"Rehabilitaci\u00f3n de edificio Atocha \/ Beriot Bernardini Arquitectos\" data-rel=\"lightbox-gallery-1\"><img loading=\"lazy\" decoding=\"async\" width=\"150\" height=\"150\" src=\"https:\/\/www.arquimaster.com.ar\/web\/wp-content\/uploads\/2014\/05\/rehabilitacion_atocha32-150x150.jpg\" class=\"attachment-thumbnail size-thumbnail\" alt=\"\" aria-describedby=\"gallery-1-6860\" srcset=\"https:\/\/www.arquimaster.com.ar\/web\/wp-content\/uploads\/2014\/05\/rehabilitacion_atocha32-150x150.jpg 150w, https:\/\/www.arquimaster.com.ar\/web\/wp-content\/uploads\/2014\/05\/rehabilitacion_atocha32-50x50.jpg 50w, https:\/\/www.arquimaster.com.ar\/web\/wp-content\/uploads\/2014\/05\/rehabilitacion_atocha32-125x125.jpg 125w\" sizes=\"auto, (max-width: 150px) 100vw, 150px\" \/><\/a>\n\t\t\t<\/div>\n\t\t\t\t<figcaption class='wp-caption-text gallery-caption' id='gallery-1-6860'>\n\t\t\t\tRehabilitaci\u00f3n de edificio Atocha \/ Beriot Bernardini Arquitectos\n\t\t\t\t<\/figcaption><\/figure><figure class='gallery-item'>\n\t\t\t<div class='gallery-icon landscape'>\n\t\t\t\t<a href='https:\/\/www.arquimaster.com.ar\/web\/wp-content\/uploads\/2014\/05\/rehabilitacion_atocha33.jpg' title=\"Rehabilitaci\u00f3n de edificio Atocha \/ Beriot Bernardini Arquitectos\" data-rl_title=\"Rehabilitaci\u00f3n de edificio Atocha \/ Beriot Bernardini Arquitectos\" class=\"rl-gallery-link\" data-rl_caption=\"Rehabilitaci\u00f3n de edificio Atocha \/ Beriot Bernardini Arquitectos\" data-rel=\"lightbox-gallery-1\"><img loading=\"lazy\" decoding=\"async\" width=\"150\" height=\"150\" src=\"https:\/\/www.arquimaster.com.ar\/web\/wp-content\/uploads\/2014\/05\/rehabilitacion_atocha33-150x150.jpg\" class=\"attachment-thumbnail size-thumbnail\" alt=\"\" aria-describedby=\"gallery-1-6861\" srcset=\"https:\/\/www.arquimaster.com.ar\/web\/wp-content\/uploads\/2014\/05\/rehabilitacion_atocha33-150x150.jpg 150w, https:\/\/www.arquimaster.com.ar\/web\/wp-content\/uploads\/2014\/05\/rehabilitacion_atocha33-50x50.jpg 50w, https:\/\/www.arquimaster.com.ar\/web\/wp-content\/uploads\/2014\/05\/rehabilitacion_atocha33-125x125.jpg 125w\" sizes=\"auto, (max-width: 150px) 100vw, 150px\" \/><\/a>\n\t\t\t<\/div>\n\t\t\t\t<figcaption class='wp-caption-text gallery-caption' id='gallery-1-6861'>\n\t\t\t\tRehabilitaci\u00f3n de edificio Atocha \/ Beriot Bernardini Arquitectos\n\t\t\t\t<\/figcaption><\/figure><figure class='gallery-item'>\n\t\t\t<div class='gallery-icon landscape'>\n\t\t\t\t<a href='https:\/\/www.arquimaster.com.ar\/web\/wp-content\/uploads\/2014\/05\/rehabilitacion_atocha34.jpg' title=\"Rehabilitaci\u00f3n de edificio Atocha \/ Beriot Bernardini Arquitectos (planta 2\u00ba piso edificio)\" data-rl_title=\"Rehabilitaci\u00f3n de edificio Atocha \/ Beriot Bernardini Arquitectos (planta 2\u00ba piso edificio)\" class=\"rl-gallery-link\" data-rl_caption=\"Rehabilitaci\u00f3n de edificio Atocha \/ Beriot Bernardini Arquitectos (planta 2\u00ba piso edificio)\" data-rel=\"lightbox-gallery-1\"><img loading=\"lazy\" decoding=\"async\" width=\"150\" height=\"150\" src=\"https:\/\/www.arquimaster.com.ar\/web\/wp-content\/uploads\/2014\/05\/rehabilitacion_atocha34-150x150.jpg\" class=\"attachment-thumbnail size-thumbnail\" alt=\"\" aria-describedby=\"gallery-1-6862\" srcset=\"https:\/\/www.arquimaster.com.ar\/web\/wp-content\/uploads\/2014\/05\/rehabilitacion_atocha34-150x150.jpg 150w, https:\/\/www.arquimaster.com.ar\/web\/wp-content\/uploads\/2014\/05\/rehabilitacion_atocha34-50x50.jpg 50w, https:\/\/www.arquimaster.com.ar\/web\/wp-content\/uploads\/2014\/05\/rehabilitacion_atocha34-125x125.jpg 125w\" sizes=\"auto, (max-width: 150px) 100vw, 150px\" \/><\/a>\n\t\t\t<\/div>\n\t\t\t\t<figcaption class='wp-caption-text gallery-caption' id='gallery-1-6862'>\n\t\t\t\tRehabilitaci\u00f3n de edificio Atocha \/ Beriot Bernardini Arquitectos (planta 2\u00ba piso edificio)\n\t\t\t\t<\/figcaption><\/figure><figure class='gallery-item'>\n\t\t\t<div class='gallery-icon landscape'>\n\t\t\t\t<a href='https:\/\/www.arquimaster.com.ar\/web\/wp-content\/uploads\/2014\/05\/rehabilitacion_atocha35.jpg' title=\"Rehabilitaci\u00f3n de edificio Atocha \/ Beriot Bernardini Arquitectos (planta departamento 1\u00ba C)\" data-rl_title=\"Rehabilitaci\u00f3n de edificio Atocha \/ Beriot Bernardini Arquitectos (planta departamento 1\u00ba C)\" class=\"rl-gallery-link\" data-rl_caption=\"Rehabilitaci\u00f3n de edificio Atocha \/ Beriot Bernardini Arquitectos (planta departamento 1\u00ba C)\" data-rel=\"lightbox-gallery-1\"><img loading=\"lazy\" decoding=\"async\" width=\"150\" height=\"150\" src=\"https:\/\/www.arquimaster.com.ar\/web\/wp-content\/uploads\/2014\/05\/rehabilitacion_atocha35-150x150.jpg\" class=\"attachment-thumbnail size-thumbnail\" alt=\"\" aria-describedby=\"gallery-1-6863\" srcset=\"https:\/\/www.arquimaster.com.ar\/web\/wp-content\/uploads\/2014\/05\/rehabilitacion_atocha35-150x150.jpg 150w, https:\/\/www.arquimaster.com.ar\/web\/wp-content\/uploads\/2014\/05\/rehabilitacion_atocha35-50x50.jpg 50w, https:\/\/www.arquimaster.com.ar\/web\/wp-content\/uploads\/2014\/05\/rehabilitacion_atocha35-125x125.jpg 125w\" sizes=\"auto, (max-width: 150px) 100vw, 150px\" \/><\/a>\n\t\t\t<\/div>\n\t\t\t\t<figcaption class='wp-caption-text gallery-caption' id='gallery-1-6863'>\n\t\t\t\tRehabilitaci\u00f3n de edificio Atocha \/ Beriot Bernardini Arquitectos (planta departamento 1\u00ba C)\n\t\t\t\t<\/figcaption><\/figure><figure class='gallery-item'>\n\t\t\t<div class='gallery-icon landscape'>\n\t\t\t\t<a href='https:\/\/www.arquimaster.com.ar\/web\/wp-content\/uploads\/2014\/05\/rehabilitacion_atocha36.jpg' title=\"Rehabilitaci\u00f3n de edificio Atocha \/ Beriot Bernardini Arquitectos (corte)\" data-rl_title=\"Rehabilitaci\u00f3n de edificio Atocha \/ Beriot Bernardini Arquitectos (corte)\" class=\"rl-gallery-link\" data-rl_caption=\"Rehabilitaci\u00f3n de edificio Atocha \/ Beriot Bernardini Arquitectos (corte)\" data-rel=\"lightbox-gallery-1\"><img loading=\"lazy\" decoding=\"async\" width=\"150\" height=\"150\" src=\"https:\/\/www.arquimaster.com.ar\/web\/wp-content\/uploads\/2014\/05\/rehabilitacion_atocha36-150x150.jpg\" class=\"attachment-thumbnail size-thumbnail\" alt=\"\" aria-describedby=\"gallery-1-6864\" srcset=\"https:\/\/www.arquimaster.com.ar\/web\/wp-content\/uploads\/2014\/05\/rehabilitacion_atocha36-150x150.jpg 150w, https:\/\/www.arquimaster.com.ar\/web\/wp-content\/uploads\/2014\/05\/rehabilitacion_atocha36-50x50.jpg 50w, https:\/\/www.arquimaster.com.ar\/web\/wp-content\/uploads\/2014\/05\/rehabilitacion_atocha36-125x125.jpg 125w\" sizes=\"auto, (max-width: 150px) 100vw, 150px\" \/><\/a>\n\t\t\t<\/div>\n\t\t\t\t<figcaption class='wp-caption-text gallery-caption' id='gallery-1-6864'>\n\t\t\t\tRehabilitaci\u00f3n de edificio Atocha \/ Beriot Bernardini Arquitectos (corte)\n\t\t\t\t<\/figcaption><\/figure><figure class='gallery-item'>\n\t\t\t<div class='gallery-icon landscape'>\n\t\t\t\t<a href='https:\/\/www.arquimaster.com.ar\/web\/wp-content\/uploads\/2014\/05\/rehabilitacion_atocha37.jpg' title=\"Rehabilitaci\u00f3n de edificio Atocha \/ Beriot Bernardini Arquitectos (corte)\" data-rl_title=\"Rehabilitaci\u00f3n de edificio Atocha \/ Beriot Bernardini Arquitectos (corte)\" class=\"rl-gallery-link\" data-rl_caption=\"Rehabilitaci\u00f3n de edificio Atocha \/ Beriot Bernardini Arquitectos (corte)\" data-rel=\"lightbox-gallery-1\"><img loading=\"lazy\" decoding=\"async\" width=\"150\" height=\"150\" src=\"https:\/\/www.arquimaster.com.ar\/web\/wp-content\/uploads\/2014\/05\/rehabilitacion_atocha37-150x150.jpg\" class=\"attachment-thumbnail size-thumbnail\" alt=\"\" aria-describedby=\"gallery-1-6865\" srcset=\"https:\/\/www.arquimaster.com.ar\/web\/wp-content\/uploads\/2014\/05\/rehabilitacion_atocha37-150x150.jpg 150w, https:\/\/www.arquimaster.com.ar\/web\/wp-content\/uploads\/2014\/05\/rehabilitacion_atocha37-50x50.jpg 50w, https:\/\/www.arquimaster.com.ar\/web\/wp-content\/uploads\/2014\/05\/rehabilitacion_atocha37-125x125.jpg 125w\" sizes=\"auto, (max-width: 150px) 100vw, 150px\" \/><\/a>\n\t\t\t<\/div>\n\t\t\t\t<figcaption class='wp-caption-text gallery-caption' id='gallery-1-6865'>\n\t\t\t\tRehabilitaci\u00f3n de edificio Atocha \/ Beriot Bernardini Arquitectos (corte)\n\t\t\t\t<\/figcaption><\/figure>\n\t\t<\/div>\n\n<p>La clave funcional del proyecto es la incorporaci\u00f3n de un segundo n\u00facleo de comunicaci\u00f3n vertical, que permite una distribuci\u00f3n \u00f3ptima de las viviendas en planta ajust\u00e1ndolas al tama\u00f1o m\u00ednimo permitido por el grado de protecci\u00f3n del edificio.<\/p>\n<p>Las viviendas se conforman desde el n\u00facleo de usos (cocina, ba\u00f1o y armarios) que jerarquiza distintos sectores y los relaciona entre ellos, conformando las viviendas como recorridos abiertos continuos a su alrededor.<\/p>\n<p>En planta tercera, la eliminaci\u00f3n de un tramo de cubierta permite crear terrazas que desahogan el car\u00e1cter interior habitual en buhardillas.<\/p>\n<p>Los forjados, con madera en buen estado, pero con resistencia insuficiente, se refuerzan mediante una capa colaborante de hormig\u00f3n aligerado, ofreciendo una soluci\u00f3n de refuerzo muy econ\u00f3mico que permite conservar las vigas vistas y ganar altura libre.<\/p>\n<p><strong>Ficha tecnica<\/strong><br \/>\nNombre: Rehabilitaci\u00f3n de edificio Atocha<br \/>\nUbicacion: calle Atocha, Madrid, Espa\u00f1a<br \/>\nArquitectos: Beriot Bernardini Arquitectos<br \/>\nPrograma: 16 viviendas y 4 locales comerciales<br \/>\nSuperficie total: 2400 m2<br \/>\nFotografias: Yen Chen \/ Promotora Gavir<\/p>\n<p><strong>Contacto:<\/strong> <a title=\"Beriot Bernardini Arquitectos\" href=\"http:\/\/www.beriotbernardini.net\" target=\"_blank\">http:\/\/www.beriotbernardini.net<\/a><\/p>\n\n<div style=\"font-size: 0px; height: 0px; line-height: 0px; margin: 0; padding: 0; clear: both;\"><\/div><div style=\"margin-top: 0px; margin-bottom: 0px;\" class=\"sharethis-inline-share-buttons\" ><\/div>","protected":false},"excerpt":{"rendered":"<p>Rehabilitaci\u00f3n de un edificio del a\u00f1o 1775 para la realizaci\u00f3n de viviendas y locales comerciales&#8230;<\/p>\n","protected":false},"author":1,"featured_media":6828,"comment_status":"closed","ping_status":"closed","sticky":false,"template":"","format":"standard","meta":{"_uag_custom_page_level_css":"","footnotes":""},"categories":[80,1,82],"tags":[1758,869,87,104,441,680],"class_list":["post-6827","post","type-post","status-publish","format-standard","has-post-thumbnail","hentry","category-edificio-viviendas","category-proyecto","category-rehabilitaciones","tag-atocha","tag-beriot-bernardini-arquitectos","tag-edificio-de-viviendas","tag-espana","tag-madrid","tag-rehabilitacion","generate-columns","tablet-grid-50","mobile-grid-100","grid-parent","grid-50"],"yoast_head":"<!-- This site is optimized with the Yoast SEO plugin v27.3 - https:\/\/yoast.com\/product\/yoast-seo-wordpress\/ -->\n<title>Rehabilitaci\u00f3n de edificio Atocha \/ Beriot Bernardini Arquitectos - Arquimaster<\/title>\n<meta name=\"robots\" content=\"index, follow, max-snippet:-1, max-image-preview:large, max-video-preview:-1\" \/>\n<link rel=\"canonical\" href=\"https:\/\/www.arquimaster.com.ar\/web\/rehabilitacion-de-edificio-atocha-beriot-bernardini-arquitectos\/\" \/>\n<meta property=\"og:locale\" content=\"es_ES\" \/>\n<meta property=\"og:type\" content=\"article\" \/>\n<meta property=\"og:title\" content=\"Rehabilitaci\u00f3n de edificio Atocha \/ Beriot Bernardini Arquitectos - Arquimaster\" \/>\n<meta property=\"og:description\" content=\"Rehabilitaci\u00f3n de un edificio del a\u00f1o 1775 para la realizaci\u00f3n de viviendas y locales comerciales...\" \/>\n<meta property=\"og:url\" content=\"https:\/\/www.arquimaster.com.ar\/web\/rehabilitacion-de-edificio-atocha-beriot-bernardini-arquitectos\/\" \/>\n<meta property=\"og:site_name\" content=\"Arquimaster\" \/>\n<meta property=\"article:publisher\" content=\"http:\/\/www.facebook.com\/ARQUIMASTER.com.ar\" \/>\n<meta property=\"article:published_time\" content=\"2014-05-09T03:15:09+00:00\" \/>\n<meta property=\"og:image\" content=\"https:\/\/www.arquimaster.com.ar\/web\/wp-content\/uploads\/2014\/05\/rehabilitacion_atocha_slide.jpg\" \/>\n\t<meta property=\"og:image:width\" content=\"642\" \/>\n\t<meta property=\"og:image:height\" content=\"336\" \/>\n\t<meta property=\"og:image:type\" content=\"image\/jpeg\" \/>\n<meta name=\"author\" content=\"Arquimaster\" \/>\n<meta name=\"twitter:card\" content=\"summary_large_image\" \/>\n<meta name=\"twitter:creator\" content=\"@arquimaster\" \/>\n<meta name=\"twitter:site\" content=\"@arquimaster\" \/>\n<meta name=\"twitter:label1\" content=\"Escrito por\" \/>\n\t<meta name=\"twitter:data1\" content=\"Arquimaster\" \/>\n\t<meta name=\"twitter:label2\" content=\"Tiempo de lectura\" \/>\n\t<meta name=\"twitter:data2\" content=\"1 minuto\" \/>\n<script type=\"application\/ld+json\" class=\"yoast-schema-graph\">{\"@context\":\"https:\\\/\\\/schema.org\",\"@graph\":[{\"@type\":\"Article\",\"@id\":\"https:\\\/\\\/www.arquimaster.com.ar\\\/web\\\/rehabilitacion-de-edificio-atocha-beriot-bernardini-arquitectos\\\/#article\",\"isPartOf\":{\"@id\":\"https:\\\/\\\/www.arquimaster.com.ar\\\/web\\\/rehabilitacion-de-edificio-atocha-beriot-bernardini-arquitectos\\\/\"},\"author\":{\"name\":\"Arquimaster\",\"@id\":\"https:\\\/\\\/www.arquimaster.com.ar\\\/web\\\/#\\\/schema\\\/person\\\/359e9f7c00193fcde068e0dd2ceb0028\"},\"headline\":\"Rehabilitaci\u00f3n de edificio Atocha \\\/ Beriot Bernardini Arquitectos\",\"datePublished\":\"2014-05-09T03:15:09+00:00\",\"mainEntityOfPage\":{\"@id\":\"https:\\\/\\\/www.arquimaster.com.ar\\\/web\\\/rehabilitacion-de-edificio-atocha-beriot-bernardini-arquitectos\\\/\"},\"wordCount\":232,\"publisher\":{\"@id\":\"https:\\\/\\\/www.arquimaster.com.ar\\\/web\\\/#organization\"},\"image\":{\"@id\":\"https:\\\/\\\/www.arquimaster.com.ar\\\/web\\\/rehabilitacion-de-edificio-atocha-beriot-bernardini-arquitectos\\\/#primaryimage\"},\"thumbnailUrl\":\"https:\\\/\\\/www.arquimaster.com.ar\\\/web\\\/wp-content\\\/uploads\\\/2014\\\/05\\\/rehabilitacion_atocha_slide.jpg\",\"keywords\":[\"Atocha\",\"Beriot Bernardini Arquitectos\",\"edificio de viviendas\",\"Espa\u00f1a\",\"Madrid\",\"rehabilitaci\u00f3n\"],\"articleSection\":[\"Edificios de viviendas\",\"Proyecto\",\"Rehabilitaciones y ampliaciones\"],\"inLanguage\":\"es\"},{\"@type\":\"WebPage\",\"@id\":\"https:\\\/\\\/www.arquimaster.com.ar\\\/web\\\/rehabilitacion-de-edificio-atocha-beriot-bernardini-arquitectos\\\/\",\"url\":\"https:\\\/\\\/www.arquimaster.com.ar\\\/web\\\/rehabilitacion-de-edificio-atocha-beriot-bernardini-arquitectos\\\/\",\"name\":\"Rehabilitaci\u00f3n de edificio Atocha \\\/ Beriot Bernardini Arquitectos - Arquimaster\",\"isPartOf\":{\"@id\":\"https:\\\/\\\/www.arquimaster.com.ar\\\/web\\\/#website\"},\"primaryImageOfPage\":{\"@id\":\"https:\\\/\\\/www.arquimaster.com.ar\\\/web\\\/rehabilitacion-de-edificio-atocha-beriot-bernardini-arquitectos\\\/#primaryimage\"},\"image\":{\"@id\":\"https:\\\/\\\/www.arquimaster.com.ar\\\/web\\\/rehabilitacion-de-edificio-atocha-beriot-bernardini-arquitectos\\\/#primaryimage\"},\"thumbnailUrl\":\"https:\\\/\\\/www.arquimaster.com.ar\\\/web\\\/wp-content\\\/uploads\\\/2014\\\/05\\\/rehabilitacion_atocha_slide.jpg\",\"datePublished\":\"2014-05-09T03:15:09+00:00\",\"breadcrumb\":{\"@id\":\"https:\\\/\\\/www.arquimaster.com.ar\\\/web\\\/rehabilitacion-de-edificio-atocha-beriot-bernardini-arquitectos\\\/#breadcrumb\"},\"inLanguage\":\"es\",\"potentialAction\":[{\"@type\":\"ReadAction\",\"target\":[\"https:\\\/\\\/www.arquimaster.com.ar\\\/web\\\/rehabilitacion-de-edificio-atocha-beriot-bernardini-arquitectos\\\/\"]}]},{\"@type\":\"ImageObject\",\"inLanguage\":\"es\",\"@id\":\"https:\\\/\\\/www.arquimaster.com.ar\\\/web\\\/rehabilitacion-de-edificio-atocha-beriot-bernardini-arquitectos\\\/#primaryimage\",\"url\":\"https:\\\/\\\/www.arquimaster.com.ar\\\/web\\\/wp-content\\\/uploads\\\/2014\\\/05\\\/rehabilitacion_atocha_slide.jpg\",\"contentUrl\":\"https:\\\/\\\/www.arquimaster.com.ar\\\/web\\\/wp-content\\\/uploads\\\/2014\\\/05\\\/rehabilitacion_atocha_slide.jpg\",\"width\":642,\"height\":336},{\"@type\":\"BreadcrumbList\",\"@id\":\"https:\\\/\\\/www.arquimaster.com.ar\\\/web\\\/rehabilitacion-de-edificio-atocha-beriot-bernardini-arquitectos\\\/#breadcrumb\",\"itemListElement\":[{\"@type\":\"ListItem\",\"position\":1,\"name\":\"Portada\",\"item\":\"https:\\\/\\\/www.arquimaster.com.ar\\\/web\\\/\"},{\"@type\":\"ListItem\",\"position\":2,\"name\":\"Rehabilitaci\u00f3n de edificio Atocha \\\/ Beriot Bernardini Arquitectos\"}]},{\"@type\":\"WebSite\",\"@id\":\"https:\\\/\\\/www.arquimaster.com.ar\\\/web\\\/#website\",\"url\":\"https:\\\/\\\/www.arquimaster.com.ar\\\/web\\\/\",\"name\":\"Arquimaster\",\"description\":\"Web de arquitectura, dise\u00f1o y construccion\",\"publisher\":{\"@id\":\"https:\\\/\\\/www.arquimaster.com.ar\\\/web\\\/#organization\"},\"potentialAction\":[{\"@type\":\"SearchAction\",\"target\":{\"@type\":\"EntryPoint\",\"urlTemplate\":\"https:\\\/\\\/www.arquimaster.com.ar\\\/web\\\/?s={search_term_string}\"},\"query-input\":{\"@type\":\"PropertyValueSpecification\",\"valueRequired\":true,\"valueName\":\"search_term_string\"}}],\"inLanguage\":\"es\"},{\"@type\":\"Organization\",\"@id\":\"https:\\\/\\\/www.arquimaster.com.ar\\\/web\\\/#organization\",\"name\":\"Arquimaster\",\"url\":\"https:\\\/\\\/www.arquimaster.com.ar\\\/web\\\/\",\"logo\":{\"@type\":\"ImageObject\",\"inLanguage\":\"es\",\"@id\":\"https:\\\/\\\/www.arquimaster.com.ar\\\/web\\\/#\\\/schema\\\/logo\\\/image\\\/\",\"url\":\"https:\\\/\\\/www.arquimaster.com.ar\\\/web\\\/wp-content\\\/uploads\\\/2022\\\/06\\\/arquimaster.png\",\"contentUrl\":\"https:\\\/\\\/www.arquimaster.com.ar\\\/web\\\/wp-content\\\/uploads\\\/2022\\\/06\\\/arquimaster.png\",\"width\":594,\"height\":78,\"caption\":\"Arquimaster\"},\"image\":{\"@id\":\"https:\\\/\\\/www.arquimaster.com.ar\\\/web\\\/#\\\/schema\\\/logo\\\/image\\\/\"},\"sameAs\":[\"http:\\\/\\\/www.facebook.com\\\/ARQUIMASTER.com.ar\",\"https:\\\/\\\/x.com\\\/arquimaster\",\"https:\\\/\\\/www.instagram.com\\\/arquimasterblog\\\/\",\"https:\\\/\\\/www.linkedin.com\\\/company\\\/arquimaster\",\"https:\\\/\\\/www.pinterest.com\\\/arquimaster\",\"https:\\\/\\\/t.me\\\/arquimaster\"]},{\"@type\":\"Person\",\"@id\":\"https:\\\/\\\/www.arquimaster.com.ar\\\/web\\\/#\\\/schema\\\/person\\\/359e9f7c00193fcde068e0dd2ceb0028\",\"name\":\"Arquimaster\"}]}<\/script>\n<!-- \/ Yoast SEO plugin. -->","yoast_head_json":{"title":"Rehabilitaci\u00f3n de edificio Atocha \/ Beriot Bernardini Arquitectos - Arquimaster","robots":{"index":"index","follow":"follow","max-snippet":"max-snippet:-1","max-image-preview":"max-image-preview:large","max-video-preview":"max-video-preview:-1"},"canonical":"https:\/\/www.arquimaster.com.ar\/web\/rehabilitacion-de-edificio-atocha-beriot-bernardini-arquitectos\/","og_locale":"es_ES","og_type":"article","og_title":"Rehabilitaci\u00f3n de edificio Atocha \/ Beriot Bernardini Arquitectos - Arquimaster","og_description":"Rehabilitaci\u00f3n de un edificio del a\u00f1o 1775 para la realizaci\u00f3n de viviendas y locales comerciales...","og_url":"https:\/\/www.arquimaster.com.ar\/web\/rehabilitacion-de-edificio-atocha-beriot-bernardini-arquitectos\/","og_site_name":"Arquimaster","article_publisher":"http:\/\/www.facebook.com\/ARQUIMASTER.com.ar","article_published_time":"2014-05-09T03:15:09+00:00","og_image":[{"width":642,"height":336,"url":"https:\/\/www.arquimaster.com.ar\/web\/wp-content\/uploads\/2014\/05\/rehabilitacion_atocha_slide.jpg","type":"image\/jpeg"}],"author":"Arquimaster","twitter_card":"summary_large_image","twitter_creator":"@arquimaster","twitter_site":"@arquimaster","twitter_misc":{"Escrito por":"Arquimaster","Tiempo de lectura":"1 minuto"},"schema":{"@context":"https:\/\/schema.org","@graph":[{"@type":"Article","@id":"https:\/\/www.arquimaster.com.ar\/web\/rehabilitacion-de-edificio-atocha-beriot-bernardini-arquitectos\/#article","isPartOf":{"@id":"https:\/\/www.arquimaster.com.ar\/web\/rehabilitacion-de-edificio-atocha-beriot-bernardini-arquitectos\/"},"author":{"name":"Arquimaster","@id":"https:\/\/www.arquimaster.com.ar\/web\/#\/schema\/person\/359e9f7c00193fcde068e0dd2ceb0028"},"headline":"Rehabilitaci\u00f3n de edificio Atocha \/ Beriot Bernardini Arquitectos","datePublished":"2014-05-09T03:15:09+00:00","mainEntityOfPage":{"@id":"https:\/\/www.arquimaster.com.ar\/web\/rehabilitacion-de-edificio-atocha-beriot-bernardini-arquitectos\/"},"wordCount":232,"publisher":{"@id":"https:\/\/www.arquimaster.com.ar\/web\/#organization"},"image":{"@id":"https:\/\/www.arquimaster.com.ar\/web\/rehabilitacion-de-edificio-atocha-beriot-bernardini-arquitectos\/#primaryimage"},"thumbnailUrl":"https:\/\/www.arquimaster.com.ar\/web\/wp-content\/uploads\/2014\/05\/rehabilitacion_atocha_slide.jpg","keywords":["Atocha","Beriot Bernardini Arquitectos","edificio de viviendas","Espa\u00f1a","Madrid","rehabilitaci\u00f3n"],"articleSection":["Edificios de viviendas","Proyecto","Rehabilitaciones y ampliaciones"],"inLanguage":"es"},{"@type":"WebPage","@id":"https:\/\/www.arquimaster.com.ar\/web\/rehabilitacion-de-edificio-atocha-beriot-bernardini-arquitectos\/","url":"https:\/\/www.arquimaster.com.ar\/web\/rehabilitacion-de-edificio-atocha-beriot-bernardini-arquitectos\/","name":"Rehabilitaci\u00f3n de edificio Atocha \/ Beriot Bernardini Arquitectos - Arquimaster","isPartOf":{"@id":"https:\/\/www.arquimaster.com.ar\/web\/#website"},"primaryImageOfPage":{"@id":"https:\/\/www.arquimaster.com.ar\/web\/rehabilitacion-de-edificio-atocha-beriot-bernardini-arquitectos\/#primaryimage"},"image":{"@id":"https:\/\/www.arquimaster.com.ar\/web\/rehabilitacion-de-edificio-atocha-beriot-bernardini-arquitectos\/#primaryimage"},"thumbnailUrl":"https:\/\/www.arquimaster.com.ar\/web\/wp-content\/uploads\/2014\/05\/rehabilitacion_atocha_slide.jpg","datePublished":"2014-05-09T03:15:09+00:00","breadcrumb":{"@id":"https:\/\/www.arquimaster.com.ar\/web\/rehabilitacion-de-edificio-atocha-beriot-bernardini-arquitectos\/#breadcrumb"},"inLanguage":"es","potentialAction":[{"@type":"ReadAction","target":["https:\/\/www.arquimaster.com.ar\/web\/rehabilitacion-de-edificio-atocha-beriot-bernardini-arquitectos\/"]}]},{"@type":"ImageObject","inLanguage":"es","@id":"https:\/\/www.arquimaster.com.ar\/web\/rehabilitacion-de-edificio-atocha-beriot-bernardini-arquitectos\/#primaryimage","url":"https:\/\/www.arquimaster.com.ar\/web\/wp-content\/uploads\/2014\/05\/rehabilitacion_atocha_slide.jpg","contentUrl":"https:\/\/www.arquimaster.com.ar\/web\/wp-content\/uploads\/2014\/05\/rehabilitacion_atocha_slide.jpg","width":642,"height":336},{"@type":"BreadcrumbList","@id":"https:\/\/www.arquimaster.com.ar\/web\/rehabilitacion-de-edificio-atocha-beriot-bernardini-arquitectos\/#breadcrumb","itemListElement":[{"@type":"ListItem","position":1,"name":"Portada","item":"https:\/\/www.arquimaster.com.ar\/web\/"},{"@type":"ListItem","position":2,"name":"Rehabilitaci\u00f3n de edificio Atocha \/ Beriot Bernardini Arquitectos"}]},{"@type":"WebSite","@id":"https:\/\/www.arquimaster.com.ar\/web\/#website","url":"https:\/\/www.arquimaster.com.ar\/web\/","name":"Arquimaster","description":"Web de arquitectura, dise\u00f1o y construccion","publisher":{"@id":"https:\/\/www.arquimaster.com.ar\/web\/#organization"},"potentialAction":[{"@type":"SearchAction","target":{"@type":"EntryPoint","urlTemplate":"https:\/\/www.arquimaster.com.ar\/web\/?s={search_term_string}"},"query-input":{"@type":"PropertyValueSpecification","valueRequired":true,"valueName":"search_term_string"}}],"inLanguage":"es"},{"@type":"Organization","@id":"https:\/\/www.arquimaster.com.ar\/web\/#organization","name":"Arquimaster","url":"https:\/\/www.arquimaster.com.ar\/web\/","logo":{"@type":"ImageObject","inLanguage":"es","@id":"https:\/\/www.arquimaster.com.ar\/web\/#\/schema\/logo\/image\/","url":"https:\/\/www.arquimaster.com.ar\/web\/wp-content\/uploads\/2022\/06\/arquimaster.png","contentUrl":"https:\/\/www.arquimaster.com.ar\/web\/wp-content\/uploads\/2022\/06\/arquimaster.png","width":594,"height":78,"caption":"Arquimaster"},"image":{"@id":"https:\/\/www.arquimaster.com.ar\/web\/#\/schema\/logo\/image\/"},"sameAs":["http:\/\/www.facebook.com\/ARQUIMASTER.com.ar","https:\/\/x.com\/arquimaster","https:\/\/www.instagram.com\/arquimasterblog\/","https:\/\/www.linkedin.com\/company\/arquimaster","https:\/\/www.pinterest.com\/arquimaster","https:\/\/t.me\/arquimaster"]},{"@type":"Person","@id":"https:\/\/www.arquimaster.com.ar\/web\/#\/schema\/person\/359e9f7c00193fcde068e0dd2ceb0028","name":"Arquimaster"}]}},"uagb_featured_image_src":{"full":["https:\/\/www.arquimaster.com.ar\/web\/wp-content\/uploads\/2014\/05\/rehabilitacion_atocha_slide.jpg",642,336,false],"thumbnail":["https:\/\/www.arquimaster.com.ar\/web\/wp-content\/uploads\/2014\/05\/rehabilitacion_atocha_slide-150x150.jpg",150,150,true],"medium":["https:\/\/www.arquimaster.com.ar\/web\/wp-content\/uploads\/2014\/05\/rehabilitacion_atocha_slide-300x157.jpg",300,157,true],"medium_large":["https:\/\/www.arquimaster.com.ar\/web\/wp-content\/uploads\/2014\/05\/rehabilitacion_atocha_slide.jpg",642,336,false],"large":["https:\/\/www.arquimaster.com.ar\/web\/wp-content\/uploads\/2014\/05\/rehabilitacion_atocha_slide.jpg",642,336,false],"1536x1536":["https:\/\/www.arquimaster.com.ar\/web\/wp-content\/uploads\/2014\/05\/rehabilitacion_atocha_slide.jpg",642,336,false],"2048x2048":["https:\/\/www.arquimaster.com.ar\/web\/wp-content\/uploads\/2014\/05\/rehabilitacion_atocha_slide.jpg",642,336,false]},"uagb_author_info":{"display_name":"Arquimaster","author_link":"https:\/\/www.arquimaster.com.ar\/web\/author\/arquimaster\/"},"uagb_comment_info":0,"uagb_excerpt":"Rehabilitaci\u00f3n de un edificio del a\u00f1o 1775 para la realizaci\u00f3n de viviendas y locales comerciales...","_links":{"self":[{"href":"https:\/\/www.arquimaster.com.ar\/web\/wp-json\/wp\/v2\/posts\/6827","targetHints":{"allow":["GET"]}}],"collection":[{"href":"https:\/\/www.arquimaster.com.ar\/web\/wp-json\/wp\/v2\/posts"}],"about":[{"href":"https:\/\/www.arquimaster.com.ar\/web\/wp-json\/wp\/v2\/types\/post"}],"author":[{"embeddable":true,"href":"https:\/\/www.arquimaster.com.ar\/web\/wp-json\/wp\/v2\/users\/1"}],"replies":[{"embeddable":true,"href":"https:\/\/www.arquimaster.com.ar\/web\/wp-json\/wp\/v2\/comments?post=6827"}],"version-history":[{"count":0,"href":"https:\/\/www.arquimaster.com.ar\/web\/wp-json\/wp\/v2\/posts\/6827\/revisions"}],"wp:featuredmedia":[{"embeddable":true,"href":"https:\/\/www.arquimaster.com.ar\/web\/wp-json\/wp\/v2\/media\/6828"}],"wp:attachment":[{"href":"https:\/\/www.arquimaster.com.ar\/web\/wp-json\/wp\/v2\/media?parent=6827"}],"wp:term":[{"taxonomy":"category","embeddable":true,"href":"https:\/\/www.arquimaster.com.ar\/web\/wp-json\/wp\/v2\/categories?post=6827"},{"taxonomy":"post_tag","embeddable":true,"href":"https:\/\/www.arquimaster.com.ar\/web\/wp-json\/wp\/v2\/tags?post=6827"}],"curies":[{"name":"wp","href":"https:\/\/api.w.org\/{rel}","templated":true}]}}