{"id":68399,"date":"2022-01-27T21:11:11","date_gmt":"2022-01-28T00:11:11","guid":{"rendered":"https:\/\/www.arquimaster.com.ar\/web\/?p=68399"},"modified":"2022-07-25T19:31:03","modified_gmt":"2022-07-25T22:31:03","slug":"vivienda-en-pilar-el-poema-del-arbol-arq-juan-citroni","status":"publish","type":"post","link":"https:\/\/www.arquimaster.com.ar\/web\/vivienda-en-pilar-el-poema-del-arbol-arq-juan-citroni\/","title":{"rendered":"Vivienda en Pilar (El poema del \u00e1rbol) \/ Arq. Juan Citroni"},"content":{"rendered":"<div style=\"margin-top: 0px; margin-bottom: 0px;\" class=\"sharethis-inline-share-buttons\" ><\/div><div class=\"b812932af2e751442846f039925109de\" data-index=\"1\" style=\"float: none; margin:25px 0 25px 0; text-align:center;\">\n<script async src=\"https:\/\/pagead2.googlesyndication.com\/pagead\/js\/adsbygoogle.js\"><\/script>\r\n<!-- Arquimaster (superior) -->\r\n<ins class=\"adsbygoogle\"\r\n     style=\"display:block\"\r\n     data-ad-client=\"ca-pub-6351072698456832\"\r\n     data-ad-slot=\"6455489680\"\r\n     data-ad-format=\"auto\"\r\n     data-full-width-responsive=\"true\"><\/ins>\r\n<script>\r\n     (adsbygoogle = window.adsbygoogle || []).push({});\r\n<\/script>\n<\/div>\n<p><strong>Vivienda en Pilar<\/strong> (El poema del \u00e1rbol) (Pilar, Pcia. de Buenos Aires, Argentina) por <strong>Arq. Juan Citroni<\/strong>. El terreno es atravesado por una hilera de grandes Eucaliptus, que forma parte de un camino perteneciente a una antigua estancia. Si bien el lugar pertenece a una urbanizaci\u00f3n cerrada, nos enfrentamos a disyuntivas como el modo de resolver el contacto con el paisaje natural sin la p\u00e9rdida de privacidad.<\/p>\n<div id='gallery-1' class='gallery galleryid-68399 gallery-columns-3 gallery-size-thumbnail'><figure class='gallery-item'>\n\t\t\t<div class='gallery-icon landscape'>\n\t\t\t\t<a href='https:\/\/www.arquimaster.com.ar\/web\/wp-content\/uploads\/2022\/01\/vivienda_poema_arbol1.jpg' title=\"Vivienda en Pilar (El poema del \u00e1rbol) \/ Arq. Juan Citroni (\u00a9 Daniela Mac Adden)\" data-rl_title=\"Vivienda en Pilar (El poema del \u00e1rbol) \/ Arq. Juan Citroni (\u00a9 Daniela Mac Adden)\" class=\"rl-gallery-link\" data-rl_caption=\"Vivienda en Pilar (El poema del \u00e1rbol) \/ Arq. Juan Citroni (\u00a9 Daniela Mac Adden)\" data-rel=\"lightbox-gallery-1\"><img loading=\"lazy\" decoding=\"async\" width=\"150\" height=\"150\" src=\"https:\/\/www.arquimaster.com.ar\/web\/wp-content\/uploads\/2022\/01\/vivienda_poema_arbol1-150x150.jpg\" class=\"attachment-thumbnail size-thumbnail\" alt=\"Vivienda en Pilar (El poema del \u00e1rbol) \/ Arq. Juan Citroni\" aria-describedby=\"gallery-1-68401\" srcset=\"https:\/\/www.arquimaster.com.ar\/web\/wp-content\/uploads\/2022\/01\/vivienda_poema_arbol1-150x150.jpg 150w, https:\/\/www.arquimaster.com.ar\/web\/wp-content\/uploads\/2022\/01\/vivienda_poema_arbol1-768x768.jpg 768w, https:\/\/www.arquimaster.com.ar\/web\/wp-content\/uploads\/2022\/01\/vivienda_poema_arbol1.jpg 1500w\" sizes=\"auto, (max-width: 150px) 100vw, 150px\" \/><\/a>\n\t\t\t<\/div>\n\t\t\t\t<figcaption class='wp-caption-text gallery-caption' id='gallery-1-68401'>\n\t\t\t\tVivienda en Pilar (El poema del \u00e1rbol) \/ Arq. Juan Citroni (\u00a9 Daniela Mac Adden)\n\t\t\t\t<\/figcaption><\/figure><figure class='gallery-item'>\n\t\t\t<div class='gallery-icon portrait'>\n\t\t\t\t<a href='https:\/\/www.arquimaster.com.ar\/web\/wp-content\/uploads\/2022\/01\/vivienda_poema_arbol2.jpg' title=\"Vivienda en Pilar (El poema del \u00e1rbol) \/ Arq. Juan Citroni (\u00a9 Daniela Mac Adden)\" data-rl_title=\"Vivienda en Pilar (El poema del \u00e1rbol) \/ Arq. Juan Citroni (\u00a9 Daniela Mac Adden)\" class=\"rl-gallery-link\" data-rl_caption=\"Vivienda en Pilar (El poema del \u00e1rbol) \/ Arq. Juan Citroni (\u00a9 Daniela Mac Adden)\" data-rel=\"lightbox-gallery-1\"><img loading=\"lazy\" decoding=\"async\" width=\"150\" height=\"150\" src=\"https:\/\/www.arquimaster.com.ar\/web\/wp-content\/uploads\/2022\/01\/vivienda_poema_arbol2-150x150.jpg\" class=\"attachment-thumbnail size-thumbnail\" alt=\"Vivienda en Pilar (El poema del \u00e1rbol) \/ Arq. Juan Citroni\" aria-describedby=\"gallery-1-68402\" \/><\/a>\n\t\t\t<\/div>\n\t\t\t\t<figcaption class='wp-caption-text gallery-caption' id='gallery-1-68402'>\n\t\t\t\tVivienda en Pilar (El poema del \u00e1rbol) \/ Arq. Juan Citroni (\u00a9 Daniela Mac Adden)\n\t\t\t\t<\/figcaption><\/figure><figure class='gallery-item'>\n\t\t\t<div class='gallery-icon landscape'>\n\t\t\t\t<a href='https:\/\/www.arquimaster.com.ar\/web\/wp-content\/uploads\/2022\/01\/vivienda_poema_arbol3.jpg' title=\"Vivienda en Pilar (El poema del \u00e1rbol) \/ Arq. Juan Citroni (\u00a9 Daniela Mac Adden)\" data-rl_title=\"Vivienda en Pilar (El poema del \u00e1rbol) \/ Arq. Juan Citroni (\u00a9 Daniela Mac Adden)\" class=\"rl-gallery-link\" data-rl_caption=\"Vivienda en Pilar (El poema del \u00e1rbol) \/ Arq. Juan Citroni (\u00a9 Daniela Mac Adden)\" data-rel=\"lightbox-gallery-1\"><img loading=\"lazy\" decoding=\"async\" width=\"150\" height=\"150\" src=\"https:\/\/www.arquimaster.com.ar\/web\/wp-content\/uploads\/2022\/01\/vivienda_poema_arbol3-150x150.jpg\" class=\"attachment-thumbnail size-thumbnail\" alt=\"Vivienda en Pilar (El poema del \u00e1rbol) \/ Arq. Juan Citroni\" aria-describedby=\"gallery-1-68403\" \/><\/a>\n\t\t\t<\/div>\n\t\t\t\t<figcaption class='wp-caption-text gallery-caption' id='gallery-1-68403'>\n\t\t\t\tVivienda en Pilar (El poema del \u00e1rbol) \/ Arq. Juan Citroni (\u00a9 Daniela Mac Adden)\n\t\t\t\t<\/figcaption><\/figure><figure class='gallery-item'>\n\t\t\t<div class='gallery-icon portrait'>\n\t\t\t\t<a href='https:\/\/www.arquimaster.com.ar\/web\/wp-content\/uploads\/2022\/01\/vivienda_poema_arbol4.jpg' title=\"Vivienda en Pilar (El poema del \u00e1rbol) \/ Arq. Juan Citroni (\u00a9 Daniela Mac Adden)\" data-rl_title=\"Vivienda en Pilar (El poema del \u00e1rbol) \/ Arq. Juan Citroni (\u00a9 Daniela Mac Adden)\" class=\"rl-gallery-link\" data-rl_caption=\"Vivienda en Pilar (El poema del \u00e1rbol) \/ Arq. Juan Citroni (\u00a9 Daniela Mac Adden)\" data-rel=\"lightbox-gallery-1\"><img loading=\"lazy\" decoding=\"async\" width=\"150\" height=\"150\" src=\"https:\/\/www.arquimaster.com.ar\/web\/wp-content\/uploads\/2022\/01\/vivienda_poema_arbol4-150x150.jpg\" class=\"attachment-thumbnail size-thumbnail\" alt=\"Vivienda en Pilar (El poema del \u00e1rbol) \/ Arq. Juan Citroni\" aria-describedby=\"gallery-1-68404\" \/><\/a>\n\t\t\t<\/div>\n\t\t\t\t<figcaption class='wp-caption-text gallery-caption' id='gallery-1-68404'>\n\t\t\t\tVivienda en Pilar (El poema del \u00e1rbol) \/ Arq. Juan Citroni (\u00a9 Daniela Mac Adden)\n\t\t\t\t<\/figcaption><\/figure><figure class='gallery-item'>\n\t\t\t<div class='gallery-icon landscape'>\n\t\t\t\t<a href='https:\/\/www.arquimaster.com.ar\/web\/wp-content\/uploads\/2022\/01\/vivienda_poema_arbol5.jpg' title=\"Vivienda en Pilar (El poema del \u00e1rbol) \/ Arq. Juan Citroni (\u00a9 Daniela Mac Adden)\" data-rl_title=\"Vivienda en Pilar (El poema del \u00e1rbol) \/ Arq. Juan Citroni (\u00a9 Daniela Mac Adden)\" class=\"rl-gallery-link\" data-rl_caption=\"Vivienda en Pilar (El poema del \u00e1rbol) \/ Arq. Juan Citroni (\u00a9 Daniela Mac Adden)\" data-rel=\"lightbox-gallery-1\"><img loading=\"lazy\" decoding=\"async\" width=\"150\" height=\"150\" src=\"https:\/\/www.arquimaster.com.ar\/web\/wp-content\/uploads\/2022\/01\/vivienda_poema_arbol5-150x150.jpg\" class=\"attachment-thumbnail size-thumbnail\" alt=\"Vivienda en Pilar (El poema del \u00e1rbol) \/ Arq. Juan Citroni\" aria-describedby=\"gallery-1-68405\" \/><\/a>\n\t\t\t<\/div>\n\t\t\t\t<figcaption class='wp-caption-text gallery-caption' id='gallery-1-68405'>\n\t\t\t\tVivienda en Pilar (El poema del \u00e1rbol) \/ Arq. Juan Citroni (\u00a9 Daniela Mac Adden)\n\t\t\t\t<\/figcaption><\/figure><figure class='gallery-item'>\n\t\t\t<div class='gallery-icon landscape'>\n\t\t\t\t<a href='https:\/\/www.arquimaster.com.ar\/web\/wp-content\/uploads\/2022\/01\/vivienda_poema_arbol6.jpg' title=\"Vivienda en Pilar (El poema del \u00e1rbol) \/ Arq. Juan Citroni (\u00a9 Daniela Mac Adden)\" data-rl_title=\"Vivienda en Pilar (El poema del \u00e1rbol) \/ Arq. Juan Citroni (\u00a9 Daniela Mac Adden)\" class=\"rl-gallery-link\" data-rl_caption=\"Vivienda en Pilar (El poema del \u00e1rbol) \/ Arq. Juan Citroni (\u00a9 Daniela Mac Adden)\" data-rel=\"lightbox-gallery-1\"><img loading=\"lazy\" decoding=\"async\" width=\"150\" height=\"150\" src=\"https:\/\/www.arquimaster.com.ar\/web\/wp-content\/uploads\/2022\/01\/vivienda_poema_arbol6-150x150.jpg\" class=\"attachment-thumbnail size-thumbnail\" alt=\"Vivienda en Pilar (El poema del \u00e1rbol) \/ Arq. Juan Citroni\" aria-describedby=\"gallery-1-68406\" \/><\/a>\n\t\t\t<\/div>\n\t\t\t\t<figcaption class='wp-caption-text gallery-caption' id='gallery-1-68406'>\n\t\t\t\tVivienda en Pilar (El poema del \u00e1rbol) \/ Arq. Juan Citroni (\u00a9 Daniela Mac Adden)\n\t\t\t\t<\/figcaption><\/figure><figure class='gallery-item'>\n\t\t\t<div class='gallery-icon landscape'>\n\t\t\t\t<a href='https:\/\/www.arquimaster.com.ar\/web\/wp-content\/uploads\/2022\/01\/vivienda_poema_arbol7.jpg' title=\"Vivienda en Pilar (El poema del \u00e1rbol) \/ Arq. Juan Citroni (\u00a9 Daniela Mac Adden)\" data-rl_title=\"Vivienda en Pilar (El poema del \u00e1rbol) \/ Arq. Juan Citroni (\u00a9 Daniela Mac Adden)\" class=\"rl-gallery-link\" data-rl_caption=\"Vivienda en Pilar (El poema del \u00e1rbol) \/ Arq. Juan Citroni (\u00a9 Daniela Mac Adden)\" data-rel=\"lightbox-gallery-1\"><img loading=\"lazy\" decoding=\"async\" width=\"150\" height=\"150\" src=\"https:\/\/www.arquimaster.com.ar\/web\/wp-content\/uploads\/2022\/01\/vivienda_poema_arbol7-150x150.jpg\" class=\"attachment-thumbnail size-thumbnail\" alt=\"Vivienda en Pilar (El poema del \u00e1rbol) \/ Arq. Juan Citroni\" aria-describedby=\"gallery-1-68407\" \/><\/a>\n\t\t\t<\/div>\n\t\t\t\t<figcaption class='wp-caption-text gallery-caption' id='gallery-1-68407'>\n\t\t\t\tVivienda en Pilar (El poema del \u00e1rbol) \/ Arq. Juan Citroni (\u00a9 Daniela Mac Adden)\n\t\t\t\t<\/figcaption><\/figure><figure class='gallery-item'>\n\t\t\t<div class='gallery-icon landscape'>\n\t\t\t\t<a href='https:\/\/www.arquimaster.com.ar\/web\/wp-content\/uploads\/2022\/01\/vivienda_poema_arbol8.jpg' title=\"Vivienda en Pilar (El poema del \u00e1rbol) \/ Arq. Juan Citroni (\u00a9 Daniela Mac Adden)\" data-rl_title=\"Vivienda en Pilar (El poema del \u00e1rbol) \/ Arq. Juan Citroni (\u00a9 Daniela Mac Adden)\" class=\"rl-gallery-link\" data-rl_caption=\"Vivienda en Pilar (El poema del \u00e1rbol) \/ Arq. Juan Citroni (\u00a9 Daniela Mac Adden)\" data-rel=\"lightbox-gallery-1\"><img loading=\"lazy\" decoding=\"async\" width=\"150\" height=\"150\" src=\"https:\/\/www.arquimaster.com.ar\/web\/wp-content\/uploads\/2022\/01\/vivienda_poema_arbol8-150x150.jpg\" class=\"attachment-thumbnail size-thumbnail\" alt=\"Vivienda en Pilar (El poema del \u00e1rbol) \/ Arq. Juan Citroni\" aria-describedby=\"gallery-1-68408\" \/><\/a>\n\t\t\t<\/div>\n\t\t\t\t<figcaption class='wp-caption-text gallery-caption' id='gallery-1-68408'>\n\t\t\t\tVivienda en Pilar (El poema del \u00e1rbol) \/ Arq. Juan Citroni (\u00a9 Daniela Mac Adden)\n\t\t\t\t<\/figcaption><\/figure><figure class='gallery-item'>\n\t\t\t<div class='gallery-icon landscape'>\n\t\t\t\t<a href='https:\/\/www.arquimaster.com.ar\/web\/wp-content\/uploads\/2022\/01\/vivienda_poema_arbol9.jpg' title=\"Vivienda en Pilar (El poema del \u00e1rbol) \/ Arq. Juan Citroni (\u00a9 Daniela Mac Adden)\" data-rl_title=\"Vivienda en Pilar (El poema del \u00e1rbol) \/ Arq. Juan Citroni (\u00a9 Daniela Mac Adden)\" class=\"rl-gallery-link\" data-rl_caption=\"Vivienda en Pilar (El poema del \u00e1rbol) \/ Arq. Juan Citroni (\u00a9 Daniela Mac Adden)\" data-rel=\"lightbox-gallery-1\"><img loading=\"lazy\" decoding=\"async\" width=\"150\" height=\"150\" src=\"https:\/\/www.arquimaster.com.ar\/web\/wp-content\/uploads\/2022\/01\/vivienda_poema_arbol9-150x150.jpg\" class=\"attachment-thumbnail size-thumbnail\" alt=\"Vivienda en Pilar (El poema del \u00e1rbol) \/ Arq. Juan Citroni\" aria-describedby=\"gallery-1-68409\" \/><\/a>\n\t\t\t<\/div>\n\t\t\t\t<figcaption class='wp-caption-text gallery-caption' id='gallery-1-68409'>\n\t\t\t\tVivienda en Pilar (El poema del \u00e1rbol) \/ Arq. Juan Citroni (\u00a9 Daniela Mac Adden)\n\t\t\t\t<\/figcaption><\/figure><figure class='gallery-item'>\n\t\t\t<div class='gallery-icon landscape'>\n\t\t\t\t<a href='https:\/\/www.arquimaster.com.ar\/web\/wp-content\/uploads\/2022\/01\/vivienda_poema_arbol10.jpg' title=\"Vivienda en Pilar (El poema del \u00e1rbol) \/ Arq. Juan Citroni (\u00a9 Daniela Mac Adden)\" data-rl_title=\"Vivienda en Pilar (El poema del \u00e1rbol) \/ Arq. Juan Citroni (\u00a9 Daniela Mac Adden)\" class=\"rl-gallery-link\" data-rl_caption=\"Vivienda en Pilar (El poema del \u00e1rbol) \/ Arq. Juan Citroni (\u00a9 Daniela Mac Adden)\" data-rel=\"lightbox-gallery-1\"><img loading=\"lazy\" decoding=\"async\" width=\"150\" height=\"150\" src=\"https:\/\/www.arquimaster.com.ar\/web\/wp-content\/uploads\/2022\/01\/vivienda_poema_arbol10-150x150.jpg\" class=\"attachment-thumbnail size-thumbnail\" alt=\"Vivienda en Pilar (El poema del \u00e1rbol) \/ Arq. Juan Citroni\" aria-describedby=\"gallery-1-68410\" srcset=\"https:\/\/www.arquimaster.com.ar\/web\/wp-content\/uploads\/2022\/01\/vivienda_poema_arbol10-150x150.jpg 150w, https:\/\/www.arquimaster.com.ar\/web\/wp-content\/uploads\/2022\/01\/vivienda_poema_arbol10-768x768.jpg 768w, https:\/\/www.arquimaster.com.ar\/web\/wp-content\/uploads\/2022\/01\/vivienda_poema_arbol10.jpg 1500w\" sizes=\"auto, (max-width: 150px) 100vw, 150px\" \/><\/a>\n\t\t\t<\/div>\n\t\t\t\t<figcaption class='wp-caption-text gallery-caption' id='gallery-1-68410'>\n\t\t\t\tVivienda en Pilar (El poema del \u00e1rbol) \/ Arq. Juan Citroni (\u00a9 Daniela Mac Adden)\n\t\t\t\t<\/figcaption><\/figure><figure class='gallery-item'>\n\t\t\t<div class='gallery-icon portrait'>\n\t\t\t\t<a href='https:\/\/www.arquimaster.com.ar\/web\/wp-content\/uploads\/2022\/01\/vivienda_poema_arbol11.jpg' title=\"Vivienda en Pilar (El poema del \u00e1rbol) \/ Arq. Juan Citroni (\u00a9 Daniela Mac Adden)\" data-rl_title=\"Vivienda en Pilar (El poema del \u00e1rbol) \/ Arq. Juan Citroni (\u00a9 Daniela Mac Adden)\" class=\"rl-gallery-link\" data-rl_caption=\"Vivienda en Pilar (El poema del \u00e1rbol) \/ Arq. Juan Citroni (\u00a9 Daniela Mac Adden)\" data-rel=\"lightbox-gallery-1\"><img loading=\"lazy\" decoding=\"async\" width=\"150\" height=\"150\" src=\"https:\/\/www.arquimaster.com.ar\/web\/wp-content\/uploads\/2022\/01\/vivienda_poema_arbol11-150x150.jpg\" class=\"attachment-thumbnail size-thumbnail\" alt=\"Vivienda en Pilar (El poema del \u00e1rbol) \/ Arq. Juan Citroni\" aria-describedby=\"gallery-1-68411\" \/><\/a>\n\t\t\t<\/div>\n\t\t\t\t<figcaption class='wp-caption-text gallery-caption' id='gallery-1-68411'>\n\t\t\t\tVivienda en Pilar (El poema del \u00e1rbol) \/ Arq. Juan Citroni (\u00a9 Daniela Mac Adden)\n\t\t\t\t<\/figcaption><\/figure><figure class='gallery-item'>\n\t\t\t<div class='gallery-icon portrait'>\n\t\t\t\t<a href='https:\/\/www.arquimaster.com.ar\/web\/wp-content\/uploads\/2022\/01\/vivienda_poema_arbol12.jpg' title=\"Vivienda en Pilar (El poema del \u00e1rbol) \/ Arq. Juan Citroni (\u00a9 Daniela Mac Adden)\" data-rl_title=\"Vivienda en Pilar (El poema del \u00e1rbol) \/ Arq. Juan Citroni (\u00a9 Daniela Mac Adden)\" class=\"rl-gallery-link\" data-rl_caption=\"Vivienda en Pilar (El poema del \u00e1rbol) \/ Arq. Juan Citroni (\u00a9 Daniela Mac Adden)\" data-rel=\"lightbox-gallery-1\"><img loading=\"lazy\" decoding=\"async\" width=\"150\" height=\"150\" src=\"https:\/\/www.arquimaster.com.ar\/web\/wp-content\/uploads\/2022\/01\/vivienda_poema_arbol12-150x150.jpg\" class=\"attachment-thumbnail size-thumbnail\" alt=\"Vivienda en Pilar (El poema del \u00e1rbol) \/ Arq. Juan Citroni\" aria-describedby=\"gallery-1-68412\" \/><\/a>\n\t\t\t<\/div>\n\t\t\t\t<figcaption class='wp-caption-text gallery-caption' id='gallery-1-68412'>\n\t\t\t\tVivienda en Pilar (El poema del \u00e1rbol) \/ Arq. Juan Citroni (\u00a9 Daniela Mac Adden)\n\t\t\t\t<\/figcaption><\/figure><figure class='gallery-item'>\n\t\t\t<div class='gallery-icon landscape'>\n\t\t\t\t<a href='https:\/\/www.arquimaster.com.ar\/web\/wp-content\/uploads\/2022\/01\/vivienda_poema_arbol13.jpg' title=\"Vivienda en Pilar (El poema del \u00e1rbol) \/ Arq. Juan Citroni (\u00a9 Daniela Mac Adden)\" data-rl_title=\"Vivienda en Pilar (El poema del \u00e1rbol) \/ Arq. Juan Citroni (\u00a9 Daniela Mac Adden)\" class=\"rl-gallery-link\" data-rl_caption=\"Vivienda en Pilar (El poema del \u00e1rbol) \/ Arq. Juan Citroni (\u00a9 Daniela Mac Adden)\" data-rel=\"lightbox-gallery-1\"><img loading=\"lazy\" decoding=\"async\" width=\"150\" height=\"150\" src=\"https:\/\/www.arquimaster.com.ar\/web\/wp-content\/uploads\/2022\/01\/vivienda_poema_arbol13-150x150.jpg\" class=\"attachment-thumbnail size-thumbnail\" alt=\"Vivienda en Pilar (El poema del \u00e1rbol) \/ Arq. Juan Citroni\" aria-describedby=\"gallery-1-68413\" \/><\/a>\n\t\t\t<\/div>\n\t\t\t\t<figcaption class='wp-caption-text gallery-caption' id='gallery-1-68413'>\n\t\t\t\tVivienda en Pilar (El poema del \u00e1rbol) \/ Arq. Juan Citroni (\u00a9 Daniela Mac Adden)\n\t\t\t\t<\/figcaption><\/figure><figure class='gallery-item'>\n\t\t\t<div class='gallery-icon landscape'>\n\t\t\t\t<a href='https:\/\/www.arquimaster.com.ar\/web\/wp-content\/uploads\/2022\/01\/vivienda_poema_arbol14.jpg' title=\"Vivienda en Pilar (El poema del \u00e1rbol) \/ Arq. Juan Citroni (\u00a9 Daniela Mac Adden)\" data-rl_title=\"Vivienda en Pilar (El poema del \u00e1rbol) \/ Arq. Juan Citroni (\u00a9 Daniela Mac Adden)\" class=\"rl-gallery-link\" data-rl_caption=\"Vivienda en Pilar (El poema del \u00e1rbol) \/ Arq. Juan Citroni (\u00a9 Daniela Mac Adden)\" data-rel=\"lightbox-gallery-1\"><img loading=\"lazy\" decoding=\"async\" width=\"150\" height=\"150\" src=\"https:\/\/www.arquimaster.com.ar\/web\/wp-content\/uploads\/2022\/01\/vivienda_poema_arbol14-150x150.jpg\" class=\"attachment-thumbnail size-thumbnail\" alt=\"Vivienda en Pilar (El poema del \u00e1rbol) \/ Arq. Juan Citroni\" aria-describedby=\"gallery-1-68414\" \/><\/a>\n\t\t\t<\/div>\n\t\t\t\t<figcaption class='wp-caption-text gallery-caption' id='gallery-1-68414'>\n\t\t\t\tVivienda en Pilar (El poema del \u00e1rbol) \/ Arq. Juan Citroni (\u00a9 Daniela Mac Adden)\n\t\t\t\t<\/figcaption><\/figure><figure class='gallery-item'>\n\t\t\t<div class='gallery-icon portrait'>\n\t\t\t\t<a href='https:\/\/www.arquimaster.com.ar\/web\/wp-content\/uploads\/2022\/01\/vivienda_poema_arbol15.jpg' title=\"Vivienda en Pilar (El poema del \u00e1rbol) \/ Arq. Juan Citroni (\u00a9 Daniela Mac Adden)\" data-rl_title=\"Vivienda en Pilar (El poema del \u00e1rbol) \/ Arq. Juan Citroni (\u00a9 Daniela Mac Adden)\" class=\"rl-gallery-link\" data-rl_caption=\"Vivienda en Pilar (El poema del \u00e1rbol) \/ Arq. Juan Citroni (\u00a9 Daniela Mac Adden)\" data-rel=\"lightbox-gallery-1\"><img loading=\"lazy\" decoding=\"async\" width=\"150\" height=\"150\" src=\"https:\/\/www.arquimaster.com.ar\/web\/wp-content\/uploads\/2022\/01\/vivienda_poema_arbol15-150x150.jpg\" class=\"attachment-thumbnail size-thumbnail\" alt=\"Vivienda en Pilar (El poema del \u00e1rbol) \/ Arq. Juan Citroni\" aria-describedby=\"gallery-1-68415\" \/><\/a>\n\t\t\t<\/div>\n\t\t\t\t<figcaption class='wp-caption-text gallery-caption' id='gallery-1-68415'>\n\t\t\t\tVivienda en Pilar (El poema del \u00e1rbol) \/ Arq. Juan Citroni (\u00a9 Daniela Mac Adden)\n\t\t\t\t<\/figcaption><\/figure><figure class='gallery-item'>\n\t\t\t<div class='gallery-icon landscape'>\n\t\t\t\t<a href='https:\/\/www.arquimaster.com.ar\/web\/wp-content\/uploads\/2022\/01\/vivienda_poema_arbol16.jpg' title=\"Vivienda en Pilar (El poema del \u00e1rbol) \/ Arq. Juan Citroni (\u00a9 Daniela Mac Adden)\" data-rl_title=\"Vivienda en Pilar (El poema del \u00e1rbol) \/ Arq. Juan Citroni (\u00a9 Daniela Mac Adden)\" class=\"rl-gallery-link\" data-rl_caption=\"Vivienda en Pilar (El poema del \u00e1rbol) \/ Arq. Juan Citroni (\u00a9 Daniela Mac Adden)\" data-rel=\"lightbox-gallery-1\"><img loading=\"lazy\" decoding=\"async\" width=\"150\" height=\"150\" src=\"https:\/\/www.arquimaster.com.ar\/web\/wp-content\/uploads\/2022\/01\/vivienda_poema_arbol16-150x150.jpg\" class=\"attachment-thumbnail size-thumbnail\" alt=\"Vivienda en Pilar (El poema del \u00e1rbol) \/ Arq. Juan Citroni\" aria-describedby=\"gallery-1-68416\" \/><\/a>\n\t\t\t<\/div>\n\t\t\t\t<figcaption class='wp-caption-text gallery-caption' id='gallery-1-68416'>\n\t\t\t\tVivienda en Pilar (El poema del \u00e1rbol) \/ Arq. Juan Citroni (\u00a9 Daniela Mac Adden)\n\t\t\t\t<\/figcaption><\/figure><figure class='gallery-item'>\n\t\t\t<div class='gallery-icon portrait'>\n\t\t\t\t<a href='https:\/\/www.arquimaster.com.ar\/web\/wp-content\/uploads\/2022\/01\/vivienda_poema_arbol17.jpg' title=\"Vivienda en Pilar (El poema del \u00e1rbol) \/ Arq. Juan Citroni (\u00a9 Daniela Mac Adden)\" data-rl_title=\"Vivienda en Pilar (El poema del \u00e1rbol) \/ Arq. Juan Citroni (\u00a9 Daniela Mac Adden)\" class=\"rl-gallery-link\" data-rl_caption=\"Vivienda en Pilar (El poema del \u00e1rbol) \/ Arq. Juan Citroni (\u00a9 Daniela Mac Adden)\" data-rel=\"lightbox-gallery-1\"><img loading=\"lazy\" decoding=\"async\" width=\"150\" height=\"150\" src=\"https:\/\/www.arquimaster.com.ar\/web\/wp-content\/uploads\/2022\/01\/vivienda_poema_arbol17-150x150.jpg\" class=\"attachment-thumbnail size-thumbnail\" alt=\"Vivienda en Pilar (El poema del \u00e1rbol) \/ Arq. Juan Citroni\" aria-describedby=\"gallery-1-68417\" \/><\/a>\n\t\t\t<\/div>\n\t\t\t\t<figcaption class='wp-caption-text gallery-caption' id='gallery-1-68417'>\n\t\t\t\tVivienda en Pilar (El poema del \u00e1rbol) \/ Arq. Juan Citroni (\u00a9 Daniela Mac Adden)\n\t\t\t\t<\/figcaption><\/figure><figure class='gallery-item'>\n\t\t\t<div class='gallery-icon portrait'>\n\t\t\t\t<a href='https:\/\/www.arquimaster.com.ar\/web\/wp-content\/uploads\/2022\/01\/vivienda_poema_arbol18.jpg' title=\"Vivienda en Pilar (El poema del \u00e1rbol) \/ Arq. Juan Citroni (\u00a9 Daniela Mac Adden)\" data-rl_title=\"Vivienda en Pilar (El poema del \u00e1rbol) \/ Arq. Juan Citroni (\u00a9 Daniela Mac Adden)\" class=\"rl-gallery-link\" data-rl_caption=\"Vivienda en Pilar (El poema del \u00e1rbol) \/ Arq. Juan Citroni (\u00a9 Daniela Mac Adden)\" data-rel=\"lightbox-gallery-1\"><img loading=\"lazy\" decoding=\"async\" width=\"150\" height=\"150\" src=\"https:\/\/www.arquimaster.com.ar\/web\/wp-content\/uploads\/2022\/01\/vivienda_poema_arbol18-150x150.jpg\" class=\"attachment-thumbnail size-thumbnail\" alt=\"Vivienda en Pilar (El poema del \u00e1rbol) \/ Arq. Juan Citroni\" aria-describedby=\"gallery-1-68418\" \/><\/a>\n\t\t\t<\/div>\n\t\t\t\t<figcaption class='wp-caption-text gallery-caption' id='gallery-1-68418'>\n\t\t\t\tVivienda en Pilar (El poema del \u00e1rbol) \/ Arq. Juan Citroni (\u00a9 Daniela Mac Adden)\n\t\t\t\t<\/figcaption><\/figure><figure class='gallery-item'>\n\t\t\t<div class='gallery-icon landscape'>\n\t\t\t\t<a href='https:\/\/www.arquimaster.com.ar\/web\/wp-content\/uploads\/2022\/01\/vivienda_poema_arbol19.jpg' title=\"Vivienda en Pilar (El poema del \u00e1rbol) \/ Arq. Juan Citroni (\u00a9 Daniela Mac Adden)\" data-rl_title=\"Vivienda en Pilar (El poema del \u00e1rbol) \/ Arq. Juan Citroni (\u00a9 Daniela Mac Adden)\" class=\"rl-gallery-link\" data-rl_caption=\"Vivienda en Pilar (El poema del \u00e1rbol) \/ Arq. Juan Citroni (\u00a9 Daniela Mac Adden)\" data-rel=\"lightbox-gallery-1\"><img loading=\"lazy\" decoding=\"async\" width=\"150\" height=\"150\" src=\"https:\/\/www.arquimaster.com.ar\/web\/wp-content\/uploads\/2022\/01\/vivienda_poema_arbol19-150x150.jpg\" class=\"attachment-thumbnail size-thumbnail\" alt=\"Vivienda en Pilar (El poema del \u00e1rbol) \/ Arq. Juan Citroni\" aria-describedby=\"gallery-1-68419\" \/><\/a>\n\t\t\t<\/div>\n\t\t\t\t<figcaption class='wp-caption-text gallery-caption' id='gallery-1-68419'>\n\t\t\t\tVivienda en Pilar (El poema del \u00e1rbol) \/ Arq. Juan Citroni (\u00a9 Daniela Mac Adden)\n\t\t\t\t<\/figcaption><\/figure><figure class='gallery-item'>\n\t\t\t<div class='gallery-icon landscape'>\n\t\t\t\t<a href='https:\/\/www.arquimaster.com.ar\/web\/wp-content\/uploads\/2022\/01\/vivienda_poema_arbol20.jpg' title=\"Vivienda en Pilar (El poema del \u00e1rbol) \/ Arq. Juan Citroni (\u00a9 Daniela Mac Adden)\" data-rl_title=\"Vivienda en Pilar (El poema del \u00e1rbol) \/ Arq. Juan Citroni (\u00a9 Daniela Mac Adden)\" class=\"rl-gallery-link\" data-rl_caption=\"Vivienda en Pilar (El poema del \u00e1rbol) \/ Arq. Juan Citroni (\u00a9 Daniela Mac Adden)\" data-rel=\"lightbox-gallery-1\"><img loading=\"lazy\" decoding=\"async\" width=\"150\" height=\"150\" src=\"https:\/\/www.arquimaster.com.ar\/web\/wp-content\/uploads\/2022\/01\/vivienda_poema_arbol20-150x150.jpg\" class=\"attachment-thumbnail size-thumbnail\" alt=\"Vivienda en Pilar (El poema del \u00e1rbol) \/ Arq. Juan Citroni\" aria-describedby=\"gallery-1-68420\" \/><\/a>\n\t\t\t<\/div>\n\t\t\t\t<figcaption class='wp-caption-text gallery-caption' id='gallery-1-68420'>\n\t\t\t\tVivienda en Pilar (El poema del \u00e1rbol) \/ Arq. Juan Citroni (\u00a9 Daniela Mac Adden)\n\t\t\t\t<\/figcaption><\/figure><figure class='gallery-item'>\n\t\t\t<div class='gallery-icon landscape'>\n\t\t\t\t<a href='https:\/\/www.arquimaster.com.ar\/web\/wp-content\/uploads\/2022\/01\/vivienda_poema_arbol21.jpg' title=\"Vivienda en Pilar (El poema del \u00e1rbol) \/ Arq. Juan Citroni (\u00a9 Daniela Mac Adden)\" data-rl_title=\"Vivienda en Pilar (El poema del \u00e1rbol) \/ Arq. Juan Citroni (\u00a9 Daniela Mac Adden)\" class=\"rl-gallery-link\" data-rl_caption=\"Vivienda en Pilar (El poema del \u00e1rbol) \/ Arq. Juan Citroni (\u00a9 Daniela Mac Adden)\" data-rel=\"lightbox-gallery-1\"><img loading=\"lazy\" decoding=\"async\" width=\"150\" height=\"150\" src=\"https:\/\/www.arquimaster.com.ar\/web\/wp-content\/uploads\/2022\/01\/vivienda_poema_arbol21-150x150.jpg\" class=\"attachment-thumbnail size-thumbnail\" alt=\"Vivienda en Pilar (El poema del \u00e1rbol) \/ Arq. Juan Citroni\" aria-describedby=\"gallery-1-68421\" \/><\/a>\n\t\t\t<\/div>\n\t\t\t\t<figcaption class='wp-caption-text gallery-caption' id='gallery-1-68421'>\n\t\t\t\tVivienda en Pilar (El poema del \u00e1rbol) \/ Arq. Juan Citroni (\u00a9 Daniela Mac Adden)\n\t\t\t\t<\/figcaption><\/figure><figure class='gallery-item'>\n\t\t\t<div class='gallery-icon landscape'>\n\t\t\t\t<a href='https:\/\/www.arquimaster.com.ar\/web\/wp-content\/uploads\/2022\/01\/vivienda_poema_arbol22.jpg' title=\"Vivienda en Pilar (El poema del \u00e1rbol) \/ Arq. Juan Citroni (\u00a9 Daniela Mac Adden)\" data-rl_title=\"Vivienda en Pilar (El poema del \u00e1rbol) \/ Arq. Juan Citroni (\u00a9 Daniela Mac Adden)\" class=\"rl-gallery-link\" data-rl_caption=\"Vivienda en Pilar (El poema del \u00e1rbol) \/ Arq. Juan Citroni (\u00a9 Daniela Mac Adden)\" data-rel=\"lightbox-gallery-1\"><img loading=\"lazy\" decoding=\"async\" width=\"150\" height=\"150\" src=\"https:\/\/www.arquimaster.com.ar\/web\/wp-content\/uploads\/2022\/01\/vivienda_poema_arbol22-150x150.jpg\" class=\"attachment-thumbnail size-thumbnail\" alt=\"Vivienda en Pilar (El poema del \u00e1rbol) \/ Arq. Juan Citroni\" aria-describedby=\"gallery-1-68422\" \/><\/a>\n\t\t\t<\/div>\n\t\t\t\t<figcaption class='wp-caption-text gallery-caption' id='gallery-1-68422'>\n\t\t\t\tVivienda en Pilar (El poema del \u00e1rbol) \/ Arq. Juan Citroni (\u00a9 Daniela Mac Adden)\n\t\t\t\t<\/figcaption><\/figure><figure class='gallery-item'>\n\t\t\t<div class='gallery-icon landscape'>\n\t\t\t\t<a href='https:\/\/www.arquimaster.com.ar\/web\/wp-content\/uploads\/2022\/01\/vivienda_poema_arbol23.jpg' title=\"Vivienda en Pilar (El poema del \u00e1rbol) \/ Arq. Juan Citroni (\u00a9 Daniela Mac Adden)\" data-rl_title=\"Vivienda en Pilar (El poema del \u00e1rbol) \/ Arq. Juan Citroni (\u00a9 Daniela Mac Adden)\" class=\"rl-gallery-link\" data-rl_caption=\"Vivienda en Pilar (El poema del \u00e1rbol) \/ Arq. Juan Citroni (\u00a9 Daniela Mac Adden)\" data-rel=\"lightbox-gallery-1\"><img loading=\"lazy\" decoding=\"async\" width=\"150\" height=\"150\" src=\"https:\/\/www.arquimaster.com.ar\/web\/wp-content\/uploads\/2022\/01\/vivienda_poema_arbol23-150x150.jpg\" class=\"attachment-thumbnail size-thumbnail\" alt=\"Vivienda en Pilar (El poema del \u00e1rbol) \/ Arq. Juan Citroni\" aria-describedby=\"gallery-1-68423\" \/><\/a>\n\t\t\t<\/div>\n\t\t\t\t<figcaption class='wp-caption-text gallery-caption' id='gallery-1-68423'>\n\t\t\t\tVivienda en Pilar (El poema del \u00e1rbol) \/ Arq. Juan Citroni (\u00a9 Daniela Mac Adden)\n\t\t\t\t<\/figcaption><\/figure><figure class='gallery-item'>\n\t\t\t<div class='gallery-icon landscape'>\n\t\t\t\t<a href='https:\/\/www.arquimaster.com.ar\/web\/wp-content\/uploads\/2022\/01\/vivienda_poema_arbol24.jpg' title=\"Vivienda en Pilar (El poema del \u00e1rbol) \/ Arq. Juan Citroni (\u00a9 Daniela Mac Adden)\" data-rl_title=\"Vivienda en Pilar (El poema del \u00e1rbol) \/ Arq. Juan Citroni (\u00a9 Daniela Mac Adden)\" class=\"rl-gallery-link\" data-rl_caption=\"Vivienda en Pilar (El poema del \u00e1rbol) \/ Arq. Juan Citroni (\u00a9 Daniela Mac Adden)\" data-rel=\"lightbox-gallery-1\"><img loading=\"lazy\" decoding=\"async\" width=\"150\" height=\"150\" src=\"https:\/\/www.arquimaster.com.ar\/web\/wp-content\/uploads\/2022\/01\/vivienda_poema_arbol24-150x150.jpg\" class=\"attachment-thumbnail size-thumbnail\" alt=\"Vivienda en Pilar (El poema del \u00e1rbol) \/ Arq. Juan Citroni\" aria-describedby=\"gallery-1-68424\" \/><\/a>\n\t\t\t<\/div>\n\t\t\t\t<figcaption class='wp-caption-text gallery-caption' id='gallery-1-68424'>\n\t\t\t\tVivienda en Pilar (El poema del \u00e1rbol) \/ Arq. Juan Citroni (\u00a9 Daniela Mac Adden)\n\t\t\t\t<\/figcaption><\/figure><figure class='gallery-item'>\n\t\t\t<div class='gallery-icon landscape'>\n\t\t\t\t<a href='https:\/\/www.arquimaster.com.ar\/web\/wp-content\/uploads\/2022\/01\/vivienda_poema_arbol25.jpg' title=\"Vivienda en Pilar (El poema del \u00e1rbol) \/ Arq. Juan Citroni (\u00a9 Daniela Mac Adden)\" data-rl_title=\"Vivienda en Pilar (El poema del \u00e1rbol) \/ Arq. Juan Citroni (\u00a9 Daniela Mac Adden)\" class=\"rl-gallery-link\" data-rl_caption=\"Vivienda en Pilar (El poema del \u00e1rbol) \/ Arq. Juan Citroni (\u00a9 Daniela Mac Adden)\" data-rel=\"lightbox-gallery-1\"><img loading=\"lazy\" decoding=\"async\" width=\"150\" height=\"150\" src=\"https:\/\/www.arquimaster.com.ar\/web\/wp-content\/uploads\/2022\/01\/vivienda_poema_arbol25-150x150.jpg\" class=\"attachment-thumbnail size-thumbnail\" alt=\"Vivienda en Pilar (El poema del \u00e1rbol) \/ Arq. Juan Citroni\" aria-describedby=\"gallery-1-68425\" \/><\/a>\n\t\t\t<\/div>\n\t\t\t\t<figcaption class='wp-caption-text gallery-caption' id='gallery-1-68425'>\n\t\t\t\tVivienda en Pilar (El poema del \u00e1rbol) \/ Arq. Juan Citroni (\u00a9 Daniela Mac Adden)\n\t\t\t\t<\/figcaption><\/figure><figure class='gallery-item'>\n\t\t\t<div class='gallery-icon portrait'>\n\t\t\t\t<a href='https:\/\/www.arquimaster.com.ar\/web\/wp-content\/uploads\/2022\/01\/vivienda_poema_arbol26.jpg' title=\"Vivienda en Pilar (El poema del \u00e1rbol) \/ Arq. Juan Citroni (\u00a9 Daniela Mac Adden)\" data-rl_title=\"Vivienda en Pilar (El poema del \u00e1rbol) \/ Arq. Juan Citroni (\u00a9 Daniela Mac Adden)\" class=\"rl-gallery-link\" data-rl_caption=\"Vivienda en Pilar (El poema del \u00e1rbol) \/ Arq. Juan Citroni (\u00a9 Daniela Mac Adden)\" data-rel=\"lightbox-gallery-1\"><img loading=\"lazy\" decoding=\"async\" width=\"150\" height=\"150\" src=\"https:\/\/www.arquimaster.com.ar\/web\/wp-content\/uploads\/2022\/01\/vivienda_poema_arbol26-150x150.jpg\" class=\"attachment-thumbnail size-thumbnail\" alt=\"Vivienda en Pilar (El poema del \u00e1rbol) \/ Arq. Juan Citroni\" aria-describedby=\"gallery-1-68426\" \/><\/a>\n\t\t\t<\/div>\n\t\t\t\t<figcaption class='wp-caption-text gallery-caption' id='gallery-1-68426'>\n\t\t\t\tVivienda en Pilar (El poema del \u00e1rbol) \/ Arq. Juan Citroni (\u00a9 Daniela Mac Adden)\n\t\t\t\t<\/figcaption><\/figure><figure class='gallery-item'>\n\t\t\t<div class='gallery-icon landscape'>\n\t\t\t\t<a href='https:\/\/www.arquimaster.com.ar\/web\/wp-content\/uploads\/2022\/01\/vivienda_poema_arbol27.jpg' title=\"Vivienda en Pilar (El poema del \u00e1rbol) \/ Arq. Juan Citroni (\u00a9 Daniela Mac Adden)\" data-rl_title=\"Vivienda en Pilar (El poema del \u00e1rbol) \/ Arq. Juan Citroni (\u00a9 Daniela Mac Adden)\" class=\"rl-gallery-link\" data-rl_caption=\"Vivienda en Pilar (El poema del \u00e1rbol) \/ Arq. Juan Citroni (\u00a9 Daniela Mac Adden)\" data-rel=\"lightbox-gallery-1\"><img loading=\"lazy\" decoding=\"async\" width=\"150\" height=\"150\" src=\"https:\/\/www.arquimaster.com.ar\/web\/wp-content\/uploads\/2022\/01\/vivienda_poema_arbol27-150x150.jpg\" class=\"attachment-thumbnail size-thumbnail\" alt=\"Vivienda en Pilar (El poema del \u00e1rbol) \/ Arq. Juan Citroni\" aria-describedby=\"gallery-1-68427\" \/><\/a>\n\t\t\t<\/div>\n\t\t\t\t<figcaption class='wp-caption-text gallery-caption' id='gallery-1-68427'>\n\t\t\t\tVivienda en Pilar (El poema del \u00e1rbol) \/ Arq. Juan Citroni (\u00a9 Daniela Mac Adden)\n\t\t\t\t<\/figcaption><\/figure><figure class='gallery-item'>\n\t\t\t<div class='gallery-icon landscape'>\n\t\t\t\t<a href='https:\/\/www.arquimaster.com.ar\/web\/wp-content\/uploads\/2022\/01\/vivienda_poema_arbol28.jpg' title=\"Vivienda en Pilar (El poema del \u00e1rbol) \/ Arq. Juan Citroni (\u00a9 Daniela Mac Adden)\" data-rl_title=\"Vivienda en Pilar (El poema del \u00e1rbol) \/ Arq. Juan Citroni (\u00a9 Daniela Mac Adden)\" class=\"rl-gallery-link\" data-rl_caption=\"Vivienda en Pilar (El poema del \u00e1rbol) \/ Arq. Juan Citroni (\u00a9 Daniela Mac Adden)\" data-rel=\"lightbox-gallery-1\"><img loading=\"lazy\" decoding=\"async\" width=\"150\" height=\"150\" src=\"https:\/\/www.arquimaster.com.ar\/web\/wp-content\/uploads\/2022\/01\/vivienda_poema_arbol28-150x150.jpg\" class=\"attachment-thumbnail size-thumbnail\" alt=\"Vivienda en Pilar (El poema del \u00e1rbol) \/ Arq. Juan Citroni\" aria-describedby=\"gallery-1-68428\" \/><\/a>\n\t\t\t<\/div>\n\t\t\t\t<figcaption class='wp-caption-text gallery-caption' id='gallery-1-68428'>\n\t\t\t\tVivienda en Pilar (El poema del \u00e1rbol) \/ Arq. Juan Citroni (\u00a9 Daniela Mac Adden)\n\t\t\t\t<\/figcaption><\/figure><figure class='gallery-item'>\n\t\t\t<div class='gallery-icon landscape'>\n\t\t\t\t<a href='https:\/\/www.arquimaster.com.ar\/web\/wp-content\/uploads\/2022\/01\/vivienda_poema_arbol29.jpg' title=\"Vivienda en Pilar (El poema del \u00e1rbol) \/ Arq. Juan Citroni (\u00a9 Daniela Mac Adden)\" data-rl_title=\"Vivienda en Pilar (El poema del \u00e1rbol) \/ Arq. Juan Citroni (\u00a9 Daniela Mac Adden)\" class=\"rl-gallery-link\" data-rl_caption=\"Vivienda en Pilar (El poema del \u00e1rbol) \/ Arq. Juan Citroni (\u00a9 Daniela Mac Adden)\" data-rel=\"lightbox-gallery-1\"><img loading=\"lazy\" decoding=\"async\" width=\"150\" height=\"150\" src=\"https:\/\/www.arquimaster.com.ar\/web\/wp-content\/uploads\/2022\/01\/vivienda_poema_arbol29-150x150.jpg\" class=\"attachment-thumbnail size-thumbnail\" alt=\"Vivienda en Pilar (El poema del \u00e1rbol) \/ Arq. Juan Citroni\" aria-describedby=\"gallery-1-68429\" \/><\/a>\n\t\t\t<\/div>\n\t\t\t\t<figcaption class='wp-caption-text gallery-caption' id='gallery-1-68429'>\n\t\t\t\tVivienda en Pilar (El poema del \u00e1rbol) \/ Arq. Juan Citroni (\u00a9 Daniela Mac Adden)\n\t\t\t\t<\/figcaption><\/figure><figure class='gallery-item'>\n\t\t\t<div class='gallery-icon portrait'>\n\t\t\t\t<a href='https:\/\/www.arquimaster.com.ar\/web\/wp-content\/uploads\/2022\/01\/vivienda_poema_arbol30.jpg' title=\"Vivienda en Pilar (El poema del \u00e1rbol) \/ Arq. Juan Citroni (\u00a9 Daniela Mac Adden)\" data-rl_title=\"Vivienda en Pilar (El poema del \u00e1rbol) \/ Arq. Juan Citroni (\u00a9 Daniela Mac Adden)\" class=\"rl-gallery-link\" data-rl_caption=\"Vivienda en Pilar (El poema del \u00e1rbol) \/ Arq. Juan Citroni (\u00a9 Daniela Mac Adden)\" data-rel=\"lightbox-gallery-1\"><img loading=\"lazy\" decoding=\"async\" width=\"150\" height=\"150\" src=\"https:\/\/www.arquimaster.com.ar\/web\/wp-content\/uploads\/2022\/01\/vivienda_poema_arbol30-150x150.jpg\" class=\"attachment-thumbnail size-thumbnail\" alt=\"Vivienda en Pilar (El poema del \u00e1rbol) \/ Arq. Juan Citroni\" aria-describedby=\"gallery-1-68430\" \/><\/a>\n\t\t\t<\/div>\n\t\t\t\t<figcaption class='wp-caption-text gallery-caption' id='gallery-1-68430'>\n\t\t\t\tVivienda en Pilar (El poema del \u00e1rbol) \/ Arq. Juan Citroni (\u00a9 Daniela Mac Adden)\n\t\t\t\t<\/figcaption><\/figure><figure class='gallery-item'>\n\t\t\t<div class='gallery-icon portrait'>\n\t\t\t\t<a href='https:\/\/www.arquimaster.com.ar\/web\/wp-content\/uploads\/2022\/01\/vivienda_poema_arbol31.jpg' title=\"Vivienda en Pilar (El poema del \u00e1rbol) \/ Arq. Juan Citroni (\u00a9 Daniela Mac Adden) (proyectista)\" data-rl_title=\"Vivienda en Pilar (El poema del \u00e1rbol) \/ Arq. Juan Citroni (\u00a9 Daniela Mac Adden) (proyectista)\" class=\"rl-gallery-link\" data-rl_caption=\"Vivienda en Pilar (El poema del \u00e1rbol) \/ Arq. Juan Citroni (\u00a9 Daniela Mac Adden) (proyectista)\" data-rel=\"lightbox-gallery-1\"><img loading=\"lazy\" decoding=\"async\" width=\"150\" height=\"150\" src=\"https:\/\/www.arquimaster.com.ar\/web\/wp-content\/uploads\/2022\/01\/vivienda_poema_arbol31-150x150.jpg\" class=\"attachment-thumbnail size-thumbnail\" alt=\"Vivienda en Pilar (El poema del \u00e1rbol) \/ Arq. Juan Citroni\" aria-describedby=\"gallery-1-68431\" \/><\/a>\n\t\t\t<\/div>\n\t\t\t\t<figcaption class='wp-caption-text gallery-caption' id='gallery-1-68431'>\n\t\t\t\tVivienda en Pilar (El poema del \u00e1rbol) \/ Arq. Juan Citroni (\u00a9 Daniela Mac Adden) (proyectista)\n\t\t\t\t<\/figcaption><\/figure><figure class='gallery-item'>\n\t\t\t<div class='gallery-icon landscape'>\n\t\t\t\t<a href='https:\/\/www.arquimaster.com.ar\/web\/wp-content\/uploads\/2022\/01\/vivienda_poema_arbol32.jpg' title=\"Vivienda en Pilar (El poema del \u00e1rbol) \/ Arq. Juan Citroni (planta)\" data-rl_title=\"Vivienda en Pilar (El poema del \u00e1rbol) \/ Arq. Juan Citroni (planta)\" class=\"rl-gallery-link\" data-rl_caption=\"Vivienda en Pilar (El poema del \u00e1rbol) \/ Arq. Juan Citroni (planta)\" data-rel=\"lightbox-gallery-1\"><img loading=\"lazy\" decoding=\"async\" width=\"150\" height=\"150\" src=\"https:\/\/www.arquimaster.com.ar\/web\/wp-content\/uploads\/2022\/01\/vivienda_poema_arbol32-150x150.jpg\" class=\"attachment-thumbnail size-thumbnail\" alt=\"Vivienda en Pilar (El poema del \u00e1rbol) \/ Arq. Juan Citroni\" aria-describedby=\"gallery-1-68432\" \/><\/a>\n\t\t\t<\/div>\n\t\t\t\t<figcaption class='wp-caption-text gallery-caption' id='gallery-1-68432'>\n\t\t\t\tVivienda en Pilar (El poema del \u00e1rbol) \/ Arq. Juan Citroni (planta)\n\t\t\t\t<\/figcaption><\/figure><figure class='gallery-item'>\n\t\t\t<div class='gallery-icon landscape'>\n\t\t\t\t<a href='https:\/\/www.arquimaster.com.ar\/web\/wp-content\/uploads\/2022\/01\/vivienda_poema_arbol33.jpg' title=\"Vivienda en Pilar (El poema del \u00e1rbol) \/ Arq. Juan Citroni (cortes)\" data-rl_title=\"Vivienda en Pilar (El poema del \u00e1rbol) \/ Arq. Juan Citroni (cortes)\" class=\"rl-gallery-link\" data-rl_caption=\"Vivienda en Pilar (El poema del \u00e1rbol) \/ Arq. Juan Citroni (cortes)\" data-rel=\"lightbox-gallery-1\"><img loading=\"lazy\" decoding=\"async\" width=\"150\" height=\"150\" src=\"https:\/\/www.arquimaster.com.ar\/web\/wp-content\/uploads\/2022\/01\/vivienda_poema_arbol33-150x150.jpg\" class=\"attachment-thumbnail size-thumbnail\" alt=\"Vivienda en Pilar (El poema del \u00e1rbol) \/ Arq. Juan Citroni\" aria-describedby=\"gallery-1-68433\" \/><\/a>\n\t\t\t<\/div>\n\t\t\t\t<figcaption class='wp-caption-text gallery-caption' id='gallery-1-68433'>\n\t\t\t\tVivienda en Pilar (El poema del \u00e1rbol) \/ Arq. Juan Citroni (cortes)\n\t\t\t\t<\/figcaption><\/figure><figure class='gallery-item'>\n\t\t\t<div class='gallery-icon landscape'>\n\t\t\t\t<a href='https:\/\/www.arquimaster.com.ar\/web\/wp-content\/uploads\/2022\/01\/vivienda_poema_arbol34.jpg' title=\"Vivienda en Pilar (El poema del \u00e1rbol) \/ Arq. Juan Citroni\" data-rl_title=\"Vivienda en Pilar (El poema del \u00e1rbol) \/ Arq. Juan Citroni\" class=\"rl-gallery-link\" data-rl_caption=\"Vivienda en Pilar (El poema del \u00e1rbol) \/ Arq. Juan Citroni\" data-rel=\"lightbox-gallery-1\"><img loading=\"lazy\" decoding=\"async\" width=\"150\" height=\"150\" src=\"https:\/\/www.arquimaster.com.ar\/web\/wp-content\/uploads\/2022\/01\/vivienda_poema_arbol34-150x150.jpg\" class=\"attachment-thumbnail size-thumbnail\" alt=\"Vivienda en Pilar (El poema del \u00e1rbol) \/ Arq. Juan Citroni\" aria-describedby=\"gallery-1-68434\" \/><\/a>\n\t\t\t<\/div>\n\t\t\t\t<figcaption class='wp-caption-text gallery-caption' id='gallery-1-68434'>\n\t\t\t\tVivienda en Pilar (El poema del \u00e1rbol) \/ Arq. Juan Citroni\n\t\t\t\t<\/figcaption><\/figure><figure class='gallery-item'>\n\t\t\t<div class='gallery-icon landscape'>\n\t\t\t\t<a href='https:\/\/www.arquimaster.com.ar\/web\/wp-content\/uploads\/2022\/01\/vivienda_poema_arbol35.jpg' title=\"Vivienda en Pilar (El poema del \u00e1rbol) \/ Arq. Juan Citroni\" data-rl_title=\"Vivienda en Pilar (El poema del \u00e1rbol) \/ Arq. Juan Citroni\" class=\"rl-gallery-link\" data-rl_caption=\"Vivienda en Pilar (El poema del \u00e1rbol) \/ Arq. Juan Citroni\" data-rel=\"lightbox-gallery-1\"><img loading=\"lazy\" decoding=\"async\" width=\"150\" height=\"150\" src=\"https:\/\/www.arquimaster.com.ar\/web\/wp-content\/uploads\/2022\/01\/vivienda_poema_arbol35-150x150.jpg\" class=\"attachment-thumbnail size-thumbnail\" alt=\"Vivienda en Pilar (El poema del \u00e1rbol) \/ Arq. Juan Citroni\" aria-describedby=\"gallery-1-68435\" \/><\/a>\n\t\t\t<\/div>\n\t\t\t\t<figcaption class='wp-caption-text gallery-caption' id='gallery-1-68435'>\n\t\t\t\tVivienda en Pilar (El poema del \u00e1rbol) \/ Arq. Juan Citroni\n\t\t\t\t<\/figcaption><\/figure><figure class='gallery-item'>\n\t\t\t<div class='gallery-icon landscape'>\n\t\t\t\t<a href='https:\/\/www.arquimaster.com.ar\/web\/wp-content\/uploads\/2022\/01\/vivienda_poema_arbol36.jpg' title=\"Vivienda en Pilar (El poema del \u00e1rbol) \/ Arq. Juan Citroni\" data-rl_title=\"Vivienda en Pilar (El poema del \u00e1rbol) \/ Arq. Juan Citroni\" class=\"rl-gallery-link\" data-rl_caption=\"Vivienda en Pilar (El poema del \u00e1rbol) \/ Arq. Juan Citroni\" data-rel=\"lightbox-gallery-1\"><img loading=\"lazy\" decoding=\"async\" width=\"150\" height=\"150\" src=\"https:\/\/www.arquimaster.com.ar\/web\/wp-content\/uploads\/2022\/01\/vivienda_poema_arbol36-150x150.jpg\" class=\"attachment-thumbnail size-thumbnail\" alt=\"Vivienda en Pilar (El poema del \u00e1rbol) \/ Arq. Juan Citroni\" aria-describedby=\"gallery-1-68436\" \/><\/a>\n\t\t\t<\/div>\n\t\t\t\t<figcaption class='wp-caption-text gallery-caption' id='gallery-1-68436'>\n\t\t\t\tVivienda en Pilar (El poema del \u00e1rbol) \/ Arq. Juan Citroni\n\t\t\t\t<\/figcaption><\/figure><figure class='gallery-item'>\n\t\t\t<div class='gallery-icon landscape'>\n\t\t\t\t<a href='https:\/\/www.arquimaster.com.ar\/web\/wp-content\/uploads\/2022\/01\/vivienda_poema_arbol37.jpg' title=\"Vivienda en Pilar (El poema del \u00e1rbol) \/ Arq. Juan Citroni\" data-rl_title=\"Vivienda en Pilar (El poema del \u00e1rbol) \/ Arq. Juan Citroni\" class=\"rl-gallery-link\" data-rl_caption=\"Vivienda en Pilar (El poema del \u00e1rbol) \/ Arq. Juan Citroni\" data-rel=\"lightbox-gallery-1\"><img loading=\"lazy\" decoding=\"async\" width=\"150\" height=\"150\" src=\"https:\/\/www.arquimaster.com.ar\/web\/wp-content\/uploads\/2022\/01\/vivienda_poema_arbol37-150x150.jpg\" class=\"attachment-thumbnail size-thumbnail\" alt=\"Vivienda en Pilar (El poema del \u00e1rbol) \/ Arq. Juan Citroni\" aria-describedby=\"gallery-1-68437\" \/><\/a>\n\t\t\t<\/div>\n\t\t\t\t<figcaption class='wp-caption-text gallery-caption' id='gallery-1-68437'>\n\t\t\t\tVivienda en Pilar (El poema del \u00e1rbol) \/ Arq. Juan Citroni\n\t\t\t\t<\/figcaption><\/figure><figure class='gallery-item'>\n\t\t\t<div class='gallery-icon landscape'>\n\t\t\t\t<a href='https:\/\/www.arquimaster.com.ar\/web\/wp-content\/uploads\/2022\/01\/vivienda_poema_arbol38.jpg' title=\"Vivienda en Pilar (El poema del \u00e1rbol) \/ Arq. Juan Citroni\" data-rl_title=\"Vivienda en Pilar (El poema del \u00e1rbol) \/ Arq. Juan Citroni\" class=\"rl-gallery-link\" data-rl_caption=\"Vivienda en Pilar (El poema del \u00e1rbol) \/ Arq. Juan Citroni\" data-rel=\"lightbox-gallery-1\"><img loading=\"lazy\" decoding=\"async\" width=\"150\" height=\"150\" src=\"https:\/\/www.arquimaster.com.ar\/web\/wp-content\/uploads\/2022\/01\/vivienda_poema_arbol38-150x150.jpg\" class=\"attachment-thumbnail size-thumbnail\" alt=\"Vivienda en Pilar (El poema del \u00e1rbol) \/ Arq. Juan Citroni\" aria-describedby=\"gallery-1-68438\" \/><\/a>\n\t\t\t<\/div>\n\t\t\t\t<figcaption class='wp-caption-text gallery-caption' id='gallery-1-68438'>\n\t\t\t\tVivienda en Pilar (El poema del \u00e1rbol) \/ Arq. Juan Citroni\n\t\t\t\t<\/figcaption><\/figure><figure class='gallery-item'>\n\t\t\t<div class='gallery-icon landscape'>\n\t\t\t\t<a href='https:\/\/www.arquimaster.com.ar\/web\/wp-content\/uploads\/2022\/01\/vivienda_poema_arbol39.jpg' title=\"Vivienda en Pilar (El poema del \u00e1rbol) \/ Arq. Juan Citroni\" data-rl_title=\"Vivienda en Pilar (El poema del \u00e1rbol) \/ Arq. Juan Citroni\" class=\"rl-gallery-link\" data-rl_caption=\"Vivienda en Pilar (El poema del \u00e1rbol) \/ Arq. Juan Citroni\" data-rel=\"lightbox-gallery-1\"><img loading=\"lazy\" decoding=\"async\" width=\"150\" height=\"150\" src=\"https:\/\/www.arquimaster.com.ar\/web\/wp-content\/uploads\/2022\/01\/vivienda_poema_arbol39-150x150.jpg\" class=\"attachment-thumbnail size-thumbnail\" alt=\"Vivienda en Pilar (El poema del \u00e1rbol) \/ Arq. Juan Citroni\" aria-describedby=\"gallery-1-68439\" \/><\/a>\n\t\t\t<\/div>\n\t\t\t\t<figcaption class='wp-caption-text gallery-caption' id='gallery-1-68439'>\n\t\t\t\tVivienda en Pilar (El poema del \u00e1rbol) \/ Arq. Juan Citroni\n\t\t\t\t<\/figcaption><\/figure><figure class='gallery-item'>\n\t\t\t<div class='gallery-icon landscape'>\n\t\t\t\t<a href='https:\/\/www.arquimaster.com.ar\/web\/wp-content\/uploads\/2022\/01\/vivienda_poema_arbol40.jpg' title=\"Vivienda en Pilar (El poema del \u00e1rbol) \/ Arq. Juan Citroni\" data-rl_title=\"Vivienda en Pilar (El poema del \u00e1rbol) \/ Arq. Juan Citroni\" class=\"rl-gallery-link\" data-rl_caption=\"Vivienda en Pilar (El poema del \u00e1rbol) \/ Arq. Juan Citroni\" data-rel=\"lightbox-gallery-1\"><img loading=\"lazy\" decoding=\"async\" width=\"150\" height=\"150\" src=\"https:\/\/www.arquimaster.com.ar\/web\/wp-content\/uploads\/2022\/01\/vivienda_poema_arbol40-150x150.jpg\" class=\"attachment-thumbnail size-thumbnail\" alt=\"Vivienda en Pilar (El poema del \u00e1rbol) \/ Arq. Juan Citroni\" aria-describedby=\"gallery-1-68440\" \/><\/a>\n\t\t\t<\/div>\n\t\t\t\t<figcaption class='wp-caption-text gallery-caption' id='gallery-1-68440'>\n\t\t\t\tVivienda en Pilar (El poema del \u00e1rbol) \/ Arq. Juan Citroni\n\t\t\t\t<\/figcaption><\/figure><figure class='gallery-item'>\n\t\t\t<div class='gallery-icon landscape'>\n\t\t\t\t<a href='https:\/\/www.arquimaster.com.ar\/web\/wp-content\/uploads\/2022\/01\/vivienda_poema_arbol41.jpg' title=\"Vivienda en Pilar (El poema del \u00e1rbol) \/ Arq. Juan Citroni\" data-rl_title=\"Vivienda en Pilar (El poema del \u00e1rbol) \/ Arq. Juan Citroni\" class=\"rl-gallery-link\" data-rl_caption=\"Vivienda en Pilar (El poema del \u00e1rbol) \/ Arq. Juan Citroni\" data-rel=\"lightbox-gallery-1\"><img loading=\"lazy\" decoding=\"async\" width=\"150\" height=\"150\" src=\"https:\/\/www.arquimaster.com.ar\/web\/wp-content\/uploads\/2022\/01\/vivienda_poema_arbol41-150x150.jpg\" class=\"attachment-thumbnail size-thumbnail\" alt=\"Vivienda en Pilar (El poema del \u00e1rbol) \/ Arq. Juan Citroni\" aria-describedby=\"gallery-1-68441\" \/><\/a>\n\t\t\t<\/div>\n\t\t\t\t<figcaption class='wp-caption-text gallery-caption' id='gallery-1-68441'>\n\t\t\t\tVivienda en Pilar (El poema del \u00e1rbol) \/ Arq. Juan Citroni\n\t\t\t\t<\/figcaption><\/figure><figure class='gallery-item'>\n\t\t\t<div class='gallery-icon landscape'>\n\t\t\t\t<a href='https:\/\/www.arquimaster.com.ar\/web\/wp-content\/uploads\/2022\/01\/vivienda_poema_arbol42.jpg' title=\"Vivienda en Pilar (El poema del \u00e1rbol) \/ Arq. Juan Citroni\" data-rl_title=\"Vivienda en Pilar (El poema del \u00e1rbol) \/ Arq. Juan Citroni\" class=\"rl-gallery-link\" data-rl_caption=\"Vivienda en Pilar (El poema del \u00e1rbol) \/ Arq. Juan Citroni\" data-rel=\"lightbox-gallery-1\"><img loading=\"lazy\" decoding=\"async\" width=\"150\" height=\"150\" src=\"https:\/\/www.arquimaster.com.ar\/web\/wp-content\/uploads\/2022\/01\/vivienda_poema_arbol42-150x150.jpg\" class=\"attachment-thumbnail size-thumbnail\" alt=\"Vivienda en Pilar (El poema del \u00e1rbol) \/ Arq. Juan Citroni\" aria-describedby=\"gallery-1-68442\" \/><\/a>\n\t\t\t<\/div>\n\t\t\t\t<figcaption class='wp-caption-text gallery-caption' id='gallery-1-68442'>\n\t\t\t\tVivienda en Pilar (El poema del \u00e1rbol) \/ Arq. Juan Citroni\n\t\t\t\t<\/figcaption><\/figure><figure class='gallery-item'>\n\t\t\t<div class='gallery-icon portrait'>\n\t\t\t\t<a href='https:\/\/www.arquimaster.com.ar\/web\/wp-content\/uploads\/2022\/01\/vivienda_poema_arbol43.jpg' title=\"Vivienda en Pilar (El poema del \u00e1rbol) \/ Arq. Juan Citroni\" data-rl_title=\"Vivienda en Pilar (El poema del \u00e1rbol) \/ Arq. Juan Citroni\" class=\"rl-gallery-link\" data-rl_caption=\"Vivienda en Pilar (El poema del \u00e1rbol) \/ Arq. Juan Citroni\" data-rel=\"lightbox-gallery-1\"><img loading=\"lazy\" decoding=\"async\" width=\"150\" height=\"150\" src=\"https:\/\/www.arquimaster.com.ar\/web\/wp-content\/uploads\/2022\/01\/vivienda_poema_arbol43-150x150.jpg\" class=\"attachment-thumbnail size-thumbnail\" alt=\"Vivienda en Pilar (El poema del \u00e1rbol) \/ Arq. Juan Citroni\" aria-describedby=\"gallery-1-68443\" \/><\/a>\n\t\t\t<\/div>\n\t\t\t\t<figcaption class='wp-caption-text gallery-caption' id='gallery-1-68443'>\n\t\t\t\tVivienda en Pilar (El poema del \u00e1rbol) \/ Arq. Juan Citroni\n\t\t\t\t<\/figcaption><\/figure><figure class='gallery-item'>\n\t\t\t<div class='gallery-icon landscape'>\n\t\t\t\t<a href='https:\/\/www.arquimaster.com.ar\/web\/wp-content\/uploads\/2022\/01\/vivienda_poema_arbol44.jpg' title=\"Vivienda en Pilar (El poema del \u00e1rbol) \/ Arq. Juan Citroni\" data-rl_title=\"Vivienda en Pilar (El poema del \u00e1rbol) \/ Arq. Juan Citroni\" class=\"rl-gallery-link\" data-rl_caption=\"Vivienda en Pilar (El poema del \u00e1rbol) \/ Arq. Juan Citroni\" data-rel=\"lightbox-gallery-1\"><img loading=\"lazy\" decoding=\"async\" width=\"150\" height=\"150\" src=\"https:\/\/www.arquimaster.com.ar\/web\/wp-content\/uploads\/2022\/01\/vivienda_poema_arbol44-150x150.jpg\" class=\"attachment-thumbnail size-thumbnail\" alt=\"Vivienda en Pilar (El poema del \u00e1rbol) \/ Arq. Juan Citroni\" aria-describedby=\"gallery-1-68444\" \/><\/a>\n\t\t\t<\/div>\n\t\t\t\t<figcaption class='wp-caption-text gallery-caption' id='gallery-1-68444'>\n\t\t\t\tVivienda en Pilar (El poema del \u00e1rbol) \/ Arq. Juan Citroni\n\t\t\t\t<\/figcaption><\/figure><figure class='gallery-item'>\n\t\t\t<div class='gallery-icon portrait'>\n\t\t\t\t<a href='https:\/\/www.arquimaster.com.ar\/web\/wp-content\/uploads\/2022\/01\/vivienda_poema_arbol45.jpg' title=\"Vivienda en Pilar (El poema del \u00e1rbol) \/ Arq. Juan Citroni\" data-rl_title=\"Vivienda en Pilar (El poema del \u00e1rbol) \/ Arq. Juan Citroni\" class=\"rl-gallery-link\" data-rl_caption=\"Vivienda en Pilar (El poema del \u00e1rbol) \/ Arq. Juan Citroni\" data-rel=\"lightbox-gallery-1\"><img loading=\"lazy\" decoding=\"async\" width=\"150\" height=\"150\" src=\"https:\/\/www.arquimaster.com.ar\/web\/wp-content\/uploads\/2022\/01\/vivienda_poema_arbol45-150x150.jpg\" class=\"attachment-thumbnail size-thumbnail\" alt=\"Vivienda en Pilar (El poema del \u00e1rbol) \/ Arq. Juan Citroni\" aria-describedby=\"gallery-1-68445\" \/><\/a>\n\t\t\t<\/div>\n\t\t\t\t<figcaption class='wp-caption-text gallery-caption' id='gallery-1-68445'>\n\t\t\t\tVivienda en Pilar (El poema del \u00e1rbol) \/ Arq. Juan Citroni\n\t\t\t\t<\/figcaption><\/figure><figure class='gallery-item'>\n\t\t\t<div class='gallery-icon landscape'>\n\t\t\t\t<a href='https:\/\/www.arquimaster.com.ar\/web\/wp-content\/uploads\/2022\/01\/vivienda_poema_arbol46.jpg' title=\"Vivienda en Pilar (El poema del \u00e1rbol) \/ Arq. Juan Citroni\" data-rl_title=\"Vivienda en Pilar (El poema del \u00e1rbol) \/ Arq. Juan Citroni\" class=\"rl-gallery-link\" data-rl_caption=\"Vivienda en Pilar (El poema del \u00e1rbol) \/ Arq. Juan Citroni\" data-rel=\"lightbox-gallery-1\"><img loading=\"lazy\" decoding=\"async\" width=\"150\" height=\"150\" src=\"https:\/\/www.arquimaster.com.ar\/web\/wp-content\/uploads\/2022\/01\/vivienda_poema_arbol46-150x150.jpg\" class=\"attachment-thumbnail size-thumbnail\" alt=\"Vivienda en Pilar (El poema del \u00e1rbol) \/ Arq. Juan Citroni\" aria-describedby=\"gallery-1-68446\" \/><\/a>\n\t\t\t<\/div>\n\t\t\t\t<figcaption class='wp-caption-text gallery-caption' id='gallery-1-68446'>\n\t\t\t\tVivienda en Pilar (El poema del \u00e1rbol) \/ Arq. Juan Citroni\n\t\t\t\t<\/figcaption><\/figure><figure class='gallery-item'>\n\t\t\t<div class='gallery-icon portrait'>\n\t\t\t\t<a href='https:\/\/www.arquimaster.com.ar\/web\/wp-content\/uploads\/2022\/01\/vivienda_poema_arbol47.jpg' title=\"Vivienda en Pilar (El poema del \u00e1rbol) \/ Arq. Juan Citroni\" data-rl_title=\"Vivienda en Pilar (El poema del \u00e1rbol) \/ Arq. Juan Citroni\" class=\"rl-gallery-link\" data-rl_caption=\"Vivienda en Pilar (El poema del \u00e1rbol) \/ Arq. Juan Citroni\" data-rel=\"lightbox-gallery-1\"><img loading=\"lazy\" decoding=\"async\" width=\"150\" height=\"150\" src=\"https:\/\/www.arquimaster.com.ar\/web\/wp-content\/uploads\/2022\/01\/vivienda_poema_arbol47-150x150.jpg\" class=\"attachment-thumbnail size-thumbnail\" alt=\"Vivienda en Pilar (El poema del \u00e1rbol) \/ Arq. Juan Citroni\" aria-describedby=\"gallery-1-68447\" \/><\/a>\n\t\t\t<\/div>\n\t\t\t\t<figcaption class='wp-caption-text gallery-caption' id='gallery-1-68447'>\n\t\t\t\tVivienda en Pilar (El poema del \u00e1rbol) \/ Arq. Juan Citroni\n\t\t\t\t<\/figcaption><\/figure><figure class='gallery-item'>\n\t\t\t<div class='gallery-icon portrait'>\n\t\t\t\t<a href='https:\/\/www.arquimaster.com.ar\/web\/wp-content\/uploads\/2022\/01\/vivienda_poema_arbol48.jpg' title=\"Vivienda en Pilar (El poema del \u00e1rbol) \/ Arq. Juan Citroni\" data-rl_title=\"Vivienda en Pilar (El poema del \u00e1rbol) \/ Arq. Juan Citroni\" class=\"rl-gallery-link\" data-rl_caption=\"Vivienda en Pilar (El poema del \u00e1rbol) \/ Arq. Juan Citroni\" data-rel=\"lightbox-gallery-1\"><img loading=\"lazy\" decoding=\"async\" width=\"150\" height=\"150\" src=\"https:\/\/www.arquimaster.com.ar\/web\/wp-content\/uploads\/2022\/01\/vivienda_poema_arbol48-150x150.jpg\" class=\"attachment-thumbnail size-thumbnail\" alt=\"Vivienda en Pilar (El poema del \u00e1rbol) \/ Arq. Juan Citroni\" aria-describedby=\"gallery-1-68448\" \/><\/a>\n\t\t\t<\/div>\n\t\t\t\t<figcaption class='wp-caption-text gallery-caption' id='gallery-1-68448'>\n\t\t\t\tVivienda en Pilar (El poema del \u00e1rbol) \/ Arq. Juan Citroni\n\t\t\t\t<\/figcaption><\/figure><figure class='gallery-item'>\n\t\t\t<div class='gallery-icon landscape'>\n\t\t\t\t<a href='https:\/\/www.arquimaster.com.ar\/web\/wp-content\/uploads\/2022\/01\/vivienda_poema_arbol49.jpg' title=\"Vivienda en Pilar (El poema del \u00e1rbol) \/ Arq. Juan Citroni\" data-rl_title=\"Vivienda en Pilar (El poema del \u00e1rbol) \/ Arq. Juan Citroni\" class=\"rl-gallery-link\" data-rl_caption=\"Vivienda en Pilar (El poema del \u00e1rbol) \/ Arq. Juan Citroni\" data-rel=\"lightbox-gallery-1\"><img loading=\"lazy\" decoding=\"async\" width=\"150\" height=\"150\" src=\"https:\/\/www.arquimaster.com.ar\/web\/wp-content\/uploads\/2022\/01\/vivienda_poema_arbol49-150x150.jpg\" class=\"attachment-thumbnail size-thumbnail\" alt=\"Vivienda en Pilar (El poema del \u00e1rbol) \/ Arq. Juan Citroni\" aria-describedby=\"gallery-1-68449\" \/><\/a>\n\t\t\t<\/div>\n\t\t\t\t<figcaption class='wp-caption-text gallery-caption' id='gallery-1-68449'>\n\t\t\t\tVivienda en Pilar (El poema del \u00e1rbol) \/ Arq. Juan Citroni\n\t\t\t\t<\/figcaption><\/figure><figure class='gallery-item'>\n\t\t\t<div class='gallery-icon portrait'>\n\t\t\t\t<a href='https:\/\/www.arquimaster.com.ar\/web\/wp-content\/uploads\/2022\/01\/vivienda_poema_arbol50.jpg' title=\"Vivienda en Pilar (El poema del \u00e1rbol) \/ Arq. Juan Citroni\" data-rl_title=\"Vivienda en Pilar (El poema del \u00e1rbol) \/ Arq. Juan Citroni\" class=\"rl-gallery-link\" data-rl_caption=\"Vivienda en Pilar (El poema del \u00e1rbol) \/ Arq. Juan Citroni\" data-rel=\"lightbox-gallery-1\"><img loading=\"lazy\" decoding=\"async\" width=\"150\" height=\"150\" src=\"https:\/\/www.arquimaster.com.ar\/web\/wp-content\/uploads\/2022\/01\/vivienda_poema_arbol50-150x150.jpg\" class=\"attachment-thumbnail size-thumbnail\" alt=\"Vivienda en Pilar (El poema del \u00e1rbol) \/ Arq. Juan Citroni\" aria-describedby=\"gallery-1-68450\" \/><\/a>\n\t\t\t<\/div>\n\t\t\t\t<figcaption class='wp-caption-text gallery-caption' id='gallery-1-68450'>\n\t\t\t\tVivienda en Pilar (El poema del \u00e1rbol) \/ Arq. Juan Citroni\n\t\t\t\t<\/figcaption><\/figure><figure class='gallery-item'>\n\t\t\t<div class='gallery-icon portrait'>\n\t\t\t\t<a href='https:\/\/www.arquimaster.com.ar\/web\/wp-content\/uploads\/2022\/01\/vivienda_poema_arbol51.jpg' title=\"Vivienda en Pilar (El poema del \u00e1rbol) \/ Arq. Juan Citroni\" data-rl_title=\"Vivienda en Pilar (El poema del \u00e1rbol) \/ Arq. Juan Citroni\" class=\"rl-gallery-link\" data-rl_caption=\"Vivienda en Pilar (El poema del \u00e1rbol) \/ Arq. Juan Citroni\" data-rel=\"lightbox-gallery-1\"><img loading=\"lazy\" decoding=\"async\" width=\"150\" height=\"150\" src=\"https:\/\/www.arquimaster.com.ar\/web\/wp-content\/uploads\/2022\/01\/vivienda_poema_arbol51-150x150.jpg\" class=\"attachment-thumbnail size-thumbnail\" alt=\"Vivienda en Pilar (El poema del \u00e1rbol) \/ Arq. Juan Citroni\" aria-describedby=\"gallery-1-68451\" \/><\/a>\n\t\t\t<\/div>\n\t\t\t\t<figcaption class='wp-caption-text gallery-caption' id='gallery-1-68451'>\n\t\t\t\tVivienda en Pilar (El poema del \u00e1rbol) \/ Arq. Juan Citroni\n\t\t\t\t<\/figcaption><\/figure><figure class='gallery-item'>\n\t\t\t<div class='gallery-icon landscape'>\n\t\t\t\t<a href='https:\/\/www.arquimaster.com.ar\/web\/wp-content\/uploads\/2022\/01\/vivienda_poema_arbol52.jpg' title=\"Vivienda en Pilar (El poema del \u00e1rbol) \/ Arq. Juan Citroni\" data-rl_title=\"Vivienda en Pilar (El poema del \u00e1rbol) \/ Arq. Juan Citroni\" class=\"rl-gallery-link\" data-rl_caption=\"Vivienda en Pilar (El poema del \u00e1rbol) \/ Arq. Juan Citroni\" data-rel=\"lightbox-gallery-1\"><img loading=\"lazy\" decoding=\"async\" width=\"150\" height=\"150\" src=\"https:\/\/www.arquimaster.com.ar\/web\/wp-content\/uploads\/2022\/01\/vivienda_poema_arbol52-150x150.jpg\" class=\"attachment-thumbnail size-thumbnail\" alt=\"Vivienda en Pilar (El poema del \u00e1rbol) \/ Arq. Juan Citroni\" aria-describedby=\"gallery-1-68452\" srcset=\"https:\/\/www.arquimaster.com.ar\/web\/wp-content\/uploads\/2022\/01\/vivienda_poema_arbol52-150x150.jpg 150w, https:\/\/www.arquimaster.com.ar\/web\/wp-content\/uploads\/2022\/01\/vivienda_poema_arbol52-768x768.jpg 768w, https:\/\/www.arquimaster.com.ar\/web\/wp-content\/uploads\/2022\/01\/vivienda_poema_arbol52.jpg 1500w\" sizes=\"auto, (max-width: 150px) 100vw, 150px\" \/><\/a>\n\t\t\t<\/div>\n\t\t\t\t<figcaption class='wp-caption-text gallery-caption' id='gallery-1-68452'>\n\t\t\t\tVivienda en Pilar (El poema del \u00e1rbol) \/ Arq. Juan Citroni\n\t\t\t\t<\/figcaption><\/figure><figure class='gallery-item'>\n\t\t\t<div class='gallery-icon landscape'>\n\t\t\t\t<a href='https:\/\/www.arquimaster.com.ar\/web\/wp-content\/uploads\/2022\/01\/vivienda_poema_arbol53.jpg' title=\"Vivienda en Pilar (El poema del \u00e1rbol) \/ Arq. Juan Citroni\" data-rl_title=\"Vivienda en Pilar (El poema del \u00e1rbol) \/ Arq. Juan Citroni\" class=\"rl-gallery-link\" data-rl_caption=\"Vivienda en Pilar (El poema del \u00e1rbol) \/ Arq. Juan Citroni\" data-rel=\"lightbox-gallery-1\"><img loading=\"lazy\" decoding=\"async\" width=\"150\" height=\"150\" src=\"https:\/\/www.arquimaster.com.ar\/web\/wp-content\/uploads\/2022\/01\/vivienda_poema_arbol53-150x150.jpg\" class=\"attachment-thumbnail size-thumbnail\" alt=\"Vivienda en Pilar (El poema del \u00e1rbol) \/ Arq. Juan Citroni\" aria-describedby=\"gallery-1-68453\" srcset=\"https:\/\/www.arquimaster.com.ar\/web\/wp-content\/uploads\/2022\/01\/vivienda_poema_arbol53-150x150.jpg 150w, https:\/\/www.arquimaster.com.ar\/web\/wp-content\/uploads\/2022\/01\/vivienda_poema_arbol53-768x768.jpg 768w, https:\/\/www.arquimaster.com.ar\/web\/wp-content\/uploads\/2022\/01\/vivienda_poema_arbol53.jpg 1500w\" sizes=\"auto, (max-width: 150px) 100vw, 150px\" \/><\/a>\n\t\t\t<\/div>\n\t\t\t\t<figcaption class='wp-caption-text gallery-caption' id='gallery-1-68453'>\n\t\t\t\tVivienda en Pilar (El poema del \u00e1rbol) \/ Arq. Juan Citroni\n\t\t\t\t<\/figcaption><\/figure><figure class='gallery-item'>\n\t\t\t<div class='gallery-icon landscape'>\n\t\t\t\t<a href='https:\/\/www.arquimaster.com.ar\/web\/wp-content\/uploads\/2022\/01\/vivienda_poema_arbol54.jpg' title=\"Vivienda en Pilar (El poema del \u00e1rbol) \/ Arq. Juan Citroni\" data-rl_title=\"Vivienda en Pilar (El poema del \u00e1rbol) \/ Arq. Juan Citroni\" class=\"rl-gallery-link\" data-rl_caption=\"Vivienda en Pilar (El poema del \u00e1rbol) \/ Arq. Juan Citroni\" data-rel=\"lightbox-gallery-1\"><img loading=\"lazy\" decoding=\"async\" width=\"150\" height=\"150\" src=\"https:\/\/www.arquimaster.com.ar\/web\/wp-content\/uploads\/2022\/01\/vivienda_poema_arbol54-150x150.jpg\" class=\"attachment-thumbnail size-thumbnail\" alt=\"Vivienda en Pilar (El poema del \u00e1rbol) \/ Arq. Juan Citroni\" aria-describedby=\"gallery-1-68454\" srcset=\"https:\/\/www.arquimaster.com.ar\/web\/wp-content\/uploads\/2022\/01\/vivienda_poema_arbol54-150x150.jpg 150w, https:\/\/www.arquimaster.com.ar\/web\/wp-content\/uploads\/2022\/01\/vivienda_poema_arbol54-768x768.jpg 768w, https:\/\/www.arquimaster.com.ar\/web\/wp-content\/uploads\/2022\/01\/vivienda_poema_arbol54.jpg 1500w\" sizes=\"auto, (max-width: 150px) 100vw, 150px\" \/><\/a>\n\t\t\t<\/div>\n\t\t\t\t<figcaption class='wp-caption-text gallery-caption' id='gallery-1-68454'>\n\t\t\t\tVivienda en Pilar (El poema del \u00e1rbol) \/ Arq. Juan Citroni\n\t\t\t\t<\/figcaption><\/figure><figure class='gallery-item'>\n\t\t\t<div class='gallery-icon landscape'>\n\t\t\t\t<a href='https:\/\/www.arquimaster.com.ar\/web\/wp-content\/uploads\/2022\/01\/vivienda_poema_arbol55.jpg' title=\"Vivienda en Pilar (El poema del \u00e1rbol) \/ Arq. Juan Citroni\" data-rl_title=\"Vivienda en Pilar (El poema del \u00e1rbol) \/ Arq. Juan Citroni\" class=\"rl-gallery-link\" data-rl_caption=\"Vivienda en Pilar (El poema del \u00e1rbol) \/ Arq. Juan Citroni\" data-rel=\"lightbox-gallery-1\"><img loading=\"lazy\" decoding=\"async\" width=\"150\" height=\"150\" src=\"https:\/\/www.arquimaster.com.ar\/web\/wp-content\/uploads\/2022\/01\/vivienda_poema_arbol55-150x150.jpg\" class=\"attachment-thumbnail size-thumbnail\" alt=\"Vivienda en Pilar (El poema del \u00e1rbol) \/ Arq. Juan Citroni\" aria-describedby=\"gallery-1-68455\" srcset=\"https:\/\/www.arquimaster.com.ar\/web\/wp-content\/uploads\/2022\/01\/vivienda_poema_arbol55-150x150.jpg 150w, https:\/\/www.arquimaster.com.ar\/web\/wp-content\/uploads\/2022\/01\/vivienda_poema_arbol55-768x768.jpg 768w, https:\/\/www.arquimaster.com.ar\/web\/wp-content\/uploads\/2022\/01\/vivienda_poema_arbol55.jpg 1500w\" sizes=\"auto, (max-width: 150px) 100vw, 150px\" \/><\/a>\n\t\t\t<\/div>\n\t\t\t\t<figcaption class='wp-caption-text gallery-caption' id='gallery-1-68455'>\n\t\t\t\tVivienda en Pilar (El poema del \u00e1rbol) \/ Arq. Juan Citroni\n\t\t\t\t<\/figcaption><\/figure><figure class='gallery-item'>\n\t\t\t<div class='gallery-icon landscape'>\n\t\t\t\t<a href='https:\/\/www.arquimaster.com.ar\/web\/wp-content\/uploads\/2022\/01\/vivienda_poema_arbol56.jpg' title=\"Vivienda en Pilar (El poema del \u00e1rbol) \/ Arq. Juan Citroni\" data-rl_title=\"Vivienda en Pilar (El poema del \u00e1rbol) \/ Arq. Juan Citroni\" class=\"rl-gallery-link\" data-rl_caption=\"Vivienda en Pilar (El poema del \u00e1rbol) \/ Arq. Juan Citroni\" data-rel=\"lightbox-gallery-1\"><img loading=\"lazy\" decoding=\"async\" width=\"150\" height=\"150\" src=\"https:\/\/www.arquimaster.com.ar\/web\/wp-content\/uploads\/2022\/01\/vivienda_poema_arbol56-150x150.jpg\" class=\"attachment-thumbnail size-thumbnail\" alt=\"Vivienda en Pilar (El poema del \u00e1rbol) \/ Arq. Juan Citroni\" aria-describedby=\"gallery-1-68456\" srcset=\"https:\/\/www.arquimaster.com.ar\/web\/wp-content\/uploads\/2022\/01\/vivienda_poema_arbol56-150x150.jpg 150w, https:\/\/www.arquimaster.com.ar\/web\/wp-content\/uploads\/2022\/01\/vivienda_poema_arbol56-768x768.jpg 768w, https:\/\/www.arquimaster.com.ar\/web\/wp-content\/uploads\/2022\/01\/vivienda_poema_arbol56.jpg 1500w\" sizes=\"auto, (max-width: 150px) 100vw, 150px\" \/><\/a>\n\t\t\t<\/div>\n\t\t\t\t<figcaption class='wp-caption-text gallery-caption' id='gallery-1-68456'>\n\t\t\t\tVivienda en Pilar (El poema del \u00e1rbol) \/ Arq. Juan Citroni\n\t\t\t\t<\/figcaption><\/figure><figure class='gallery-item'>\n\t\t\t<div class='gallery-icon landscape'>\n\t\t\t\t<a href='https:\/\/www.arquimaster.com.ar\/web\/wp-content\/uploads\/2022\/01\/vivienda_poema_arbol57.jpg' title=\"Vivienda en Pilar (El poema del \u00e1rbol) \/ Arq. Juan Citroni\" data-rl_title=\"Vivienda en Pilar (El poema del \u00e1rbol) \/ Arq. Juan Citroni\" class=\"rl-gallery-link\" data-rl_caption=\"Vivienda en Pilar (El poema del \u00e1rbol) \/ Arq. Juan Citroni\" data-rel=\"lightbox-gallery-1\"><img loading=\"lazy\" decoding=\"async\" width=\"150\" height=\"150\" src=\"https:\/\/www.arquimaster.com.ar\/web\/wp-content\/uploads\/2022\/01\/vivienda_poema_arbol57-150x150.jpg\" class=\"attachment-thumbnail size-thumbnail\" alt=\"Vivienda en Pilar (El poema del \u00e1rbol) \/ Arq. Juan Citroni\" aria-describedby=\"gallery-1-68457\" srcset=\"https:\/\/www.arquimaster.com.ar\/web\/wp-content\/uploads\/2022\/01\/vivienda_poema_arbol57-150x150.jpg 150w, https:\/\/www.arquimaster.com.ar\/web\/wp-content\/uploads\/2022\/01\/vivienda_poema_arbol57-768x768.jpg 768w, https:\/\/www.arquimaster.com.ar\/web\/wp-content\/uploads\/2022\/01\/vivienda_poema_arbol57.jpg 1500w\" sizes=\"auto, (max-width: 150px) 100vw, 150px\" \/><\/a>\n\t\t\t<\/div>\n\t\t\t\t<figcaption class='wp-caption-text gallery-caption' id='gallery-1-68457'>\n\t\t\t\tVivienda en Pilar (El poema del \u00e1rbol) \/ Arq. Juan Citroni\n\t\t\t\t<\/figcaption><\/figure><figure class='gallery-item'>\n\t\t\t<div class='gallery-icon landscape'>\n\t\t\t\t<a href='https:\/\/www.arquimaster.com.ar\/web\/wp-content\/uploads\/2022\/01\/vivienda_poema_arbol58.jpg' title=\"Vivienda en Pilar (El poema del \u00e1rbol) \/ Arq. Juan Citroni\" data-rl_title=\"Vivienda en Pilar (El poema del \u00e1rbol) \/ Arq. Juan Citroni\" class=\"rl-gallery-link\" data-rl_caption=\"Vivienda en Pilar (El poema del \u00e1rbol) \/ Arq. Juan Citroni\" data-rel=\"lightbox-gallery-1\"><img loading=\"lazy\" decoding=\"async\" width=\"150\" height=\"150\" src=\"https:\/\/www.arquimaster.com.ar\/web\/wp-content\/uploads\/2022\/01\/vivienda_poema_arbol58-150x150.jpg\" class=\"attachment-thumbnail size-thumbnail\" alt=\"Vivienda en Pilar (El poema del \u00e1rbol) \/ Arq. Juan Citroni\" aria-describedby=\"gallery-1-68458\" srcset=\"https:\/\/www.arquimaster.com.ar\/web\/wp-content\/uploads\/2022\/01\/vivienda_poema_arbol58-150x150.jpg 150w, https:\/\/www.arquimaster.com.ar\/web\/wp-content\/uploads\/2022\/01\/vivienda_poema_arbol58-768x768.jpg 768w, https:\/\/www.arquimaster.com.ar\/web\/wp-content\/uploads\/2022\/01\/vivienda_poema_arbol58.jpg 1500w\" sizes=\"auto, (max-width: 150px) 100vw, 150px\" \/><\/a>\n\t\t\t<\/div>\n\t\t\t\t<figcaption class='wp-caption-text gallery-caption' id='gallery-1-68458'>\n\t\t\t\tVivienda en Pilar (El poema del \u00e1rbol) \/ Arq. Juan Citroni\n\t\t\t\t<\/figcaption><\/figure>\n\t\t<\/div>\n\n<p>A su vez, la preexistencia de un grupo de \u00e1rboles aut\u00f3ctonos en el terreno fue el punto de partida y oportunidad para plantear la propuesta. Dada estas condiciones, el planteo radica en la tensi\u00f3n entre lo abierto y lo cerrado, lo expuesto y lo privado.<\/p>\n<p>Hacia la calle se propone un muro que le otorga privacidad a la vivienda, al mismo tiempo de envolver, junto a la casa, el patio frontal. Es decir, en lugar de implantarse en su propio jard\u00edn, encierra un jard\u00edn interior que incluye \u00e1rboles.<\/p>\n<p>El patio toma la misma dimensi\u00f3n del living-comedor, pero en un \u00e1mbito exterior, y que con un trabajo de muros y de extensi\u00f3n del sistema estructural de alg\u00fan modo se integra la experiencia del habitar el exterior como una interioridad; difuminando los l\u00edmites que en la modernidad se determinaban hasta d\u00f3nde llega el muro y la carpinter\u00eda.<\/p>\n<p>El mismo, hace presente el espacio exterior de manera casi abstracta. No conecta con el paisaje existente, sino lo enmarca y genera su propio paisaje. Es un lugar ambiguo, una habitaci\u00f3n vac\u00eda para ser vista.<\/p>\n<p>A su vez, busca progresar los principios del espacio pict\u00f3rico neopl\u00e1stico en una matriz tridimensional, revelando su arquitectura como la interacci\u00f3n dial\u00e9ctica entre elementos contenidos en una cuadricula cartesiana.<\/p>\n<p>En cambio, el programa cl\u00e1sico de vivienda se plantea en una tira, se organiza la circulaci\u00f3n siempre del mismo lado y el programa hacia el otro buscando siempre la mejor orientaci\u00f3n. El \u00e1rea privada est\u00e1 orientada al norte, y en la intersecci\u00f3n entre \u00e9ste y el \u00e1rea social, se encuentra la cocina.<\/p>\n<p>A su vez, los Eucaliptos son los encargados de tamizar la luz solar, y que adem\u00e1s junto a los elementos estructurales que se entrecruzan, brindan privacidad al interior de la vivienda.<\/p>\n\n\n<div style=\"height:20px\" aria-hidden=\"true\" class=\"wp-block-spacer\"><\/div>\n\n\n\n<p class=\"has-background\" style=\"background-color:#eaeaea\"><strong>Ficha t\u00e9cnica<\/strong><br>Nombre: El poema del \u00e1rbol<br>Ubicaci\u00f3n: Barrio Santa Elena, Pilar del Este, Pilar, Pcia. de Buenos Aires, Argentina<br>Proyecto: Arq. Juan Citroni<br>Colaboradores: Juan Luis Chiapino, Agustina Bordoy<br>Fotograf\u00edas: Daniela Mac Adden<br>A\u00f1o: 2021<\/p>\n\n\n\n<div style=\"height:40px\" aria-hidden=\"true\" class=\"wp-block-spacer\"><\/div>\n\n\n\n<p><\/p>\n\n<div style=\"font-size: 0px; height: 0px; line-height: 0px; margin: 0; padding: 0; clear: both;\"><\/div><div style=\"margin-top: 0px; margin-bottom: 0px;\" class=\"sharethis-inline-share-buttons\" ><\/div>","protected":false},"excerpt":{"rendered":"<p>La preexistencia de un grupo de \u00e1rboles aut\u00f3ctonos fue el punto de partida&#8230;<\/p>\n","protected":false},"author":1,"featured_media":68400,"comment_status":"closed","ping_status":"closed","sticky":false,"template":"","format":"standard","meta":{"_uag_custom_page_level_css":"","footnotes":""},"categories":[1,83],"tags":[16,847,7330,651,254],"class_list":["post-68399","post","type-post","status-publish","format-standard","has-post-thumbnail","hentry","category-proyecto","category-vivienda-unifamiliar","tag-buenos-aires","tag-casa-en-barrio-cerrado","tag-juan-citroni","tag-pilar","tag-vivienda-unifamiliar-2","generate-columns","tablet-grid-50","mobile-grid-100","grid-parent","grid-50"],"yoast_head":"<!-- This site is optimized with the Yoast SEO plugin v27.3 - https:\/\/yoast.com\/product\/yoast-seo-wordpress\/ -->\n<title>Vivienda en Pilar (El poema del \u00e1rbol) \/ Arq. Juan Citroni - Arquimaster<\/title>\n<meta name=\"robots\" content=\"index, follow, max-snippet:-1, max-image-preview:large, max-video-preview:-1\" \/>\n<link rel=\"canonical\" href=\"https:\/\/www.arquimaster.com.ar\/web\/vivienda-en-pilar-el-poema-del-arbol-arq-juan-citroni\/\" \/>\n<meta property=\"og:locale\" content=\"es_ES\" \/>\n<meta property=\"og:type\" content=\"article\" \/>\n<meta property=\"og:title\" content=\"Vivienda en Pilar (El poema del \u00e1rbol) \/ Arq. Juan Citroni - Arquimaster\" \/>\n<meta property=\"og:description\" content=\"La preexistencia de un grupo de \u00e1rboles aut\u00f3ctonos fue el punto de partida...\" \/>\n<meta property=\"og:url\" content=\"https:\/\/www.arquimaster.com.ar\/web\/vivienda-en-pilar-el-poema-del-arbol-arq-juan-citroni\/\" \/>\n<meta property=\"og:site_name\" content=\"Arquimaster\" \/>\n<meta property=\"article:publisher\" content=\"http:\/\/www.facebook.com\/ARQUIMASTER.com.ar\" \/>\n<meta property=\"article:published_time\" content=\"2022-01-28T00:11:11+00:00\" \/>\n<meta property=\"article:modified_time\" content=\"2022-07-25T22:31:03+00:00\" \/>\n<meta property=\"og:image\" content=\"https:\/\/www.arquimaster.com.ar\/web\/wp-content\/uploads\/2022\/01\/vivienda_poema_arbol_slide.jpg\" \/>\n\t<meta property=\"og:image:width\" content=\"698\" \/>\n\t<meta property=\"og:image:height\" content=\"364\" \/>\n\t<meta property=\"og:image:type\" content=\"image\/jpeg\" \/>\n<meta name=\"author\" content=\"Arquimaster\" \/>\n<meta name=\"twitter:card\" content=\"summary_large_image\" \/>\n<meta name=\"twitter:creator\" content=\"@arquimaster\" \/>\n<meta name=\"twitter:site\" content=\"@arquimaster\" \/>\n<meta name=\"twitter:label1\" content=\"Escrito por\" \/>\n\t<meta name=\"twitter:data1\" content=\"Arquimaster\" \/>\n\t<meta name=\"twitter:label2\" content=\"Tiempo de lectura\" \/>\n\t<meta name=\"twitter:data2\" content=\"2 minutos\" \/>\n<script type=\"application\/ld+json\" class=\"yoast-schema-graph\">{\"@context\":\"https:\\\/\\\/schema.org\",\"@graph\":[{\"@type\":\"Article\",\"@id\":\"https:\\\/\\\/www.arquimaster.com.ar\\\/web\\\/vivienda-en-pilar-el-poema-del-arbol-arq-juan-citroni\\\/#article\",\"isPartOf\":{\"@id\":\"https:\\\/\\\/www.arquimaster.com.ar\\\/web\\\/vivienda-en-pilar-el-poema-del-arbol-arq-juan-citroni\\\/\"},\"author\":{\"name\":\"Arquimaster\",\"@id\":\"https:\\\/\\\/www.arquimaster.com.ar\\\/web\\\/#\\\/schema\\\/person\\\/359e9f7c00193fcde068e0dd2ceb0028\"},\"headline\":\"Vivienda en Pilar (El poema del \u00e1rbol) \\\/ Arq. Juan Citroni\",\"datePublished\":\"2022-01-28T00:11:11+00:00\",\"dateModified\":\"2022-07-25T22:31:03+00:00\",\"mainEntityOfPage\":{\"@id\":\"https:\\\/\\\/www.arquimaster.com.ar\\\/web\\\/vivienda-en-pilar-el-poema-del-arbol-arq-juan-citroni\\\/\"},\"wordCount\":430,\"publisher\":{\"@id\":\"https:\\\/\\\/www.arquimaster.com.ar\\\/web\\\/#organization\"},\"image\":{\"@id\":\"https:\\\/\\\/www.arquimaster.com.ar\\\/web\\\/vivienda-en-pilar-el-poema-del-arbol-arq-juan-citroni\\\/#primaryimage\"},\"thumbnailUrl\":\"https:\\\/\\\/www.arquimaster.com.ar\\\/web\\\/wp-content\\\/uploads\\\/2022\\\/01\\\/vivienda_poema_arbol_slide.jpg\",\"keywords\":[\"Buenos Aires\",\"casa en barrio cerrado\",\"Juan Citroni\",\"Pilar\",\"vivienda unifamiliar\"],\"articleSection\":[\"Proyecto\",\"Vivienda unifamiliar y PH\"],\"inLanguage\":\"es\"},{\"@type\":\"WebPage\",\"@id\":\"https:\\\/\\\/www.arquimaster.com.ar\\\/web\\\/vivienda-en-pilar-el-poema-del-arbol-arq-juan-citroni\\\/\",\"url\":\"https:\\\/\\\/www.arquimaster.com.ar\\\/web\\\/vivienda-en-pilar-el-poema-del-arbol-arq-juan-citroni\\\/\",\"name\":\"Vivienda en Pilar (El poema del \u00e1rbol) \\\/ Arq. Juan Citroni - Arquimaster\",\"isPartOf\":{\"@id\":\"https:\\\/\\\/www.arquimaster.com.ar\\\/web\\\/#website\"},\"primaryImageOfPage\":{\"@id\":\"https:\\\/\\\/www.arquimaster.com.ar\\\/web\\\/vivienda-en-pilar-el-poema-del-arbol-arq-juan-citroni\\\/#primaryimage\"},\"image\":{\"@id\":\"https:\\\/\\\/www.arquimaster.com.ar\\\/web\\\/vivienda-en-pilar-el-poema-del-arbol-arq-juan-citroni\\\/#primaryimage\"},\"thumbnailUrl\":\"https:\\\/\\\/www.arquimaster.com.ar\\\/web\\\/wp-content\\\/uploads\\\/2022\\\/01\\\/vivienda_poema_arbol_slide.jpg\",\"datePublished\":\"2022-01-28T00:11:11+00:00\",\"dateModified\":\"2022-07-25T22:31:03+00:00\",\"breadcrumb\":{\"@id\":\"https:\\\/\\\/www.arquimaster.com.ar\\\/web\\\/vivienda-en-pilar-el-poema-del-arbol-arq-juan-citroni\\\/#breadcrumb\"},\"inLanguage\":\"es\",\"potentialAction\":[{\"@type\":\"ReadAction\",\"target\":[\"https:\\\/\\\/www.arquimaster.com.ar\\\/web\\\/vivienda-en-pilar-el-poema-del-arbol-arq-juan-citroni\\\/\"]}]},{\"@type\":\"ImageObject\",\"inLanguage\":\"es\",\"@id\":\"https:\\\/\\\/www.arquimaster.com.ar\\\/web\\\/vivienda-en-pilar-el-poema-del-arbol-arq-juan-citroni\\\/#primaryimage\",\"url\":\"https:\\\/\\\/www.arquimaster.com.ar\\\/web\\\/wp-content\\\/uploads\\\/2022\\\/01\\\/vivienda_poema_arbol_slide.jpg\",\"contentUrl\":\"https:\\\/\\\/www.arquimaster.com.ar\\\/web\\\/wp-content\\\/uploads\\\/2022\\\/01\\\/vivienda_poema_arbol_slide.jpg\",\"width\":698,\"height\":364,\"caption\":\"Vivienda en Pilar (El poema del \u00e1rbol) \\\/ Arq. Juan Citroni\"},{\"@type\":\"BreadcrumbList\",\"@id\":\"https:\\\/\\\/www.arquimaster.com.ar\\\/web\\\/vivienda-en-pilar-el-poema-del-arbol-arq-juan-citroni\\\/#breadcrumb\",\"itemListElement\":[{\"@type\":\"ListItem\",\"position\":1,\"name\":\"Portada\",\"item\":\"https:\\\/\\\/www.arquimaster.com.ar\\\/web\\\/\"},{\"@type\":\"ListItem\",\"position\":2,\"name\":\"Vivienda en Pilar (El poema del \u00e1rbol) \\\/ Arq. Juan Citroni\"}]},{\"@type\":\"WebSite\",\"@id\":\"https:\\\/\\\/www.arquimaster.com.ar\\\/web\\\/#website\",\"url\":\"https:\\\/\\\/www.arquimaster.com.ar\\\/web\\\/\",\"name\":\"Arquimaster\",\"description\":\"Web de arquitectura, dise\u00f1o y construccion\",\"publisher\":{\"@id\":\"https:\\\/\\\/www.arquimaster.com.ar\\\/web\\\/#organization\"},\"potentialAction\":[{\"@type\":\"SearchAction\",\"target\":{\"@type\":\"EntryPoint\",\"urlTemplate\":\"https:\\\/\\\/www.arquimaster.com.ar\\\/web\\\/?s={search_term_string}\"},\"query-input\":{\"@type\":\"PropertyValueSpecification\",\"valueRequired\":true,\"valueName\":\"search_term_string\"}}],\"inLanguage\":\"es\"},{\"@type\":\"Organization\",\"@id\":\"https:\\\/\\\/www.arquimaster.com.ar\\\/web\\\/#organization\",\"name\":\"Arquimaster\",\"url\":\"https:\\\/\\\/www.arquimaster.com.ar\\\/web\\\/\",\"logo\":{\"@type\":\"ImageObject\",\"inLanguage\":\"es\",\"@id\":\"https:\\\/\\\/www.arquimaster.com.ar\\\/web\\\/#\\\/schema\\\/logo\\\/image\\\/\",\"url\":\"https:\\\/\\\/www.arquimaster.com.ar\\\/web\\\/wp-content\\\/uploads\\\/2022\\\/06\\\/arquimaster.png\",\"contentUrl\":\"https:\\\/\\\/www.arquimaster.com.ar\\\/web\\\/wp-content\\\/uploads\\\/2022\\\/06\\\/arquimaster.png\",\"width\":594,\"height\":78,\"caption\":\"Arquimaster\"},\"image\":{\"@id\":\"https:\\\/\\\/www.arquimaster.com.ar\\\/web\\\/#\\\/schema\\\/logo\\\/image\\\/\"},\"sameAs\":[\"http:\\\/\\\/www.facebook.com\\\/ARQUIMASTER.com.ar\",\"https:\\\/\\\/x.com\\\/arquimaster\",\"https:\\\/\\\/www.instagram.com\\\/arquimasterblog\\\/\",\"https:\\\/\\\/www.linkedin.com\\\/company\\\/arquimaster\",\"https:\\\/\\\/www.pinterest.com\\\/arquimaster\",\"https:\\\/\\\/t.me\\\/arquimaster\"]},{\"@type\":\"Person\",\"@id\":\"https:\\\/\\\/www.arquimaster.com.ar\\\/web\\\/#\\\/schema\\\/person\\\/359e9f7c00193fcde068e0dd2ceb0028\",\"name\":\"Arquimaster\"}]}<\/script>\n<!-- \/ Yoast SEO plugin. -->","yoast_head_json":{"title":"Vivienda en Pilar (El poema del \u00e1rbol) \/ Arq. Juan Citroni - Arquimaster","robots":{"index":"index","follow":"follow","max-snippet":"max-snippet:-1","max-image-preview":"max-image-preview:large","max-video-preview":"max-video-preview:-1"},"canonical":"https:\/\/www.arquimaster.com.ar\/web\/vivienda-en-pilar-el-poema-del-arbol-arq-juan-citroni\/","og_locale":"es_ES","og_type":"article","og_title":"Vivienda en Pilar (El poema del \u00e1rbol) \/ Arq. Juan Citroni - Arquimaster","og_description":"La preexistencia de un grupo de \u00e1rboles aut\u00f3ctonos fue el punto de partida...","og_url":"https:\/\/www.arquimaster.com.ar\/web\/vivienda-en-pilar-el-poema-del-arbol-arq-juan-citroni\/","og_site_name":"Arquimaster","article_publisher":"http:\/\/www.facebook.com\/ARQUIMASTER.com.ar","article_published_time":"2022-01-28T00:11:11+00:00","article_modified_time":"2022-07-25T22:31:03+00:00","og_image":[{"width":698,"height":364,"url":"https:\/\/www.arquimaster.com.ar\/web\/wp-content\/uploads\/2022\/01\/vivienda_poema_arbol_slide.jpg","type":"image\/jpeg"}],"author":"Arquimaster","twitter_card":"summary_large_image","twitter_creator":"@arquimaster","twitter_site":"@arquimaster","twitter_misc":{"Escrito por":"Arquimaster","Tiempo de lectura":"2 minutos"},"schema":{"@context":"https:\/\/schema.org","@graph":[{"@type":"Article","@id":"https:\/\/www.arquimaster.com.ar\/web\/vivienda-en-pilar-el-poema-del-arbol-arq-juan-citroni\/#article","isPartOf":{"@id":"https:\/\/www.arquimaster.com.ar\/web\/vivienda-en-pilar-el-poema-del-arbol-arq-juan-citroni\/"},"author":{"name":"Arquimaster","@id":"https:\/\/www.arquimaster.com.ar\/web\/#\/schema\/person\/359e9f7c00193fcde068e0dd2ceb0028"},"headline":"Vivienda en Pilar (El poema del \u00e1rbol) \/ Arq. Juan Citroni","datePublished":"2022-01-28T00:11:11+00:00","dateModified":"2022-07-25T22:31:03+00:00","mainEntityOfPage":{"@id":"https:\/\/www.arquimaster.com.ar\/web\/vivienda-en-pilar-el-poema-del-arbol-arq-juan-citroni\/"},"wordCount":430,"publisher":{"@id":"https:\/\/www.arquimaster.com.ar\/web\/#organization"},"image":{"@id":"https:\/\/www.arquimaster.com.ar\/web\/vivienda-en-pilar-el-poema-del-arbol-arq-juan-citroni\/#primaryimage"},"thumbnailUrl":"https:\/\/www.arquimaster.com.ar\/web\/wp-content\/uploads\/2022\/01\/vivienda_poema_arbol_slide.jpg","keywords":["Buenos Aires","casa en barrio cerrado","Juan Citroni","Pilar","vivienda unifamiliar"],"articleSection":["Proyecto","Vivienda unifamiliar y PH"],"inLanguage":"es"},{"@type":"WebPage","@id":"https:\/\/www.arquimaster.com.ar\/web\/vivienda-en-pilar-el-poema-del-arbol-arq-juan-citroni\/","url":"https:\/\/www.arquimaster.com.ar\/web\/vivienda-en-pilar-el-poema-del-arbol-arq-juan-citroni\/","name":"Vivienda en Pilar (El poema del \u00e1rbol) \/ Arq. Juan Citroni - Arquimaster","isPartOf":{"@id":"https:\/\/www.arquimaster.com.ar\/web\/#website"},"primaryImageOfPage":{"@id":"https:\/\/www.arquimaster.com.ar\/web\/vivienda-en-pilar-el-poema-del-arbol-arq-juan-citroni\/#primaryimage"},"image":{"@id":"https:\/\/www.arquimaster.com.ar\/web\/vivienda-en-pilar-el-poema-del-arbol-arq-juan-citroni\/#primaryimage"},"thumbnailUrl":"https:\/\/www.arquimaster.com.ar\/web\/wp-content\/uploads\/2022\/01\/vivienda_poema_arbol_slide.jpg","datePublished":"2022-01-28T00:11:11+00:00","dateModified":"2022-07-25T22:31:03+00:00","breadcrumb":{"@id":"https:\/\/www.arquimaster.com.ar\/web\/vivienda-en-pilar-el-poema-del-arbol-arq-juan-citroni\/#breadcrumb"},"inLanguage":"es","potentialAction":[{"@type":"ReadAction","target":["https:\/\/www.arquimaster.com.ar\/web\/vivienda-en-pilar-el-poema-del-arbol-arq-juan-citroni\/"]}]},{"@type":"ImageObject","inLanguage":"es","@id":"https:\/\/www.arquimaster.com.ar\/web\/vivienda-en-pilar-el-poema-del-arbol-arq-juan-citroni\/#primaryimage","url":"https:\/\/www.arquimaster.com.ar\/web\/wp-content\/uploads\/2022\/01\/vivienda_poema_arbol_slide.jpg","contentUrl":"https:\/\/www.arquimaster.com.ar\/web\/wp-content\/uploads\/2022\/01\/vivienda_poema_arbol_slide.jpg","width":698,"height":364,"caption":"Vivienda en Pilar (El poema del \u00e1rbol) \/ Arq. Juan Citroni"},{"@type":"BreadcrumbList","@id":"https:\/\/www.arquimaster.com.ar\/web\/vivienda-en-pilar-el-poema-del-arbol-arq-juan-citroni\/#breadcrumb","itemListElement":[{"@type":"ListItem","position":1,"name":"Portada","item":"https:\/\/www.arquimaster.com.ar\/web\/"},{"@type":"ListItem","position":2,"name":"Vivienda en Pilar (El poema del \u00e1rbol) \/ Arq. Juan Citroni"}]},{"@type":"WebSite","@id":"https:\/\/www.arquimaster.com.ar\/web\/#website","url":"https:\/\/www.arquimaster.com.ar\/web\/","name":"Arquimaster","description":"Web de arquitectura, dise\u00f1o y construccion","publisher":{"@id":"https:\/\/www.arquimaster.com.ar\/web\/#organization"},"potentialAction":[{"@type":"SearchAction","target":{"@type":"EntryPoint","urlTemplate":"https:\/\/www.arquimaster.com.ar\/web\/?s={search_term_string}"},"query-input":{"@type":"PropertyValueSpecification","valueRequired":true,"valueName":"search_term_string"}}],"inLanguage":"es"},{"@type":"Organization","@id":"https:\/\/www.arquimaster.com.ar\/web\/#organization","name":"Arquimaster","url":"https:\/\/www.arquimaster.com.ar\/web\/","logo":{"@type":"ImageObject","inLanguage":"es","@id":"https:\/\/www.arquimaster.com.ar\/web\/#\/schema\/logo\/image\/","url":"https:\/\/www.arquimaster.com.ar\/web\/wp-content\/uploads\/2022\/06\/arquimaster.png","contentUrl":"https:\/\/www.arquimaster.com.ar\/web\/wp-content\/uploads\/2022\/06\/arquimaster.png","width":594,"height":78,"caption":"Arquimaster"},"image":{"@id":"https:\/\/www.arquimaster.com.ar\/web\/#\/schema\/logo\/image\/"},"sameAs":["http:\/\/www.facebook.com\/ARQUIMASTER.com.ar","https:\/\/x.com\/arquimaster","https:\/\/www.instagram.com\/arquimasterblog\/","https:\/\/www.linkedin.com\/company\/arquimaster","https:\/\/www.pinterest.com\/arquimaster","https:\/\/t.me\/arquimaster"]},{"@type":"Person","@id":"https:\/\/www.arquimaster.com.ar\/web\/#\/schema\/person\/359e9f7c00193fcde068e0dd2ceb0028","name":"Arquimaster"}]}},"uagb_featured_image_src":{"full":["https:\/\/www.arquimaster.com.ar\/web\/wp-content\/uploads\/2022\/01\/vivienda_poema_arbol_slide.jpg",698,364,false],"thumbnail":["https:\/\/www.arquimaster.com.ar\/web\/wp-content\/uploads\/2022\/01\/vivienda_poema_arbol_slide-150x150.jpg",150,150,true],"medium":["https:\/\/www.arquimaster.com.ar\/web\/wp-content\/uploads\/2022\/01\/vivienda_poema_arbol_slide.jpg",698,364,false],"medium_large":["https:\/\/www.arquimaster.com.ar\/web\/wp-content\/uploads\/2022\/01\/vivienda_poema_arbol_slide.jpg",698,364,false],"large":["https:\/\/www.arquimaster.com.ar\/web\/wp-content\/uploads\/2022\/01\/vivienda_poema_arbol_slide.jpg",698,364,false],"1536x1536":["https:\/\/www.arquimaster.com.ar\/web\/wp-content\/uploads\/2022\/01\/vivienda_poema_arbol_slide.jpg",698,364,false],"2048x2048":["https:\/\/www.arquimaster.com.ar\/web\/wp-content\/uploads\/2022\/01\/vivienda_poema_arbol_slide.jpg",698,364,false]},"uagb_author_info":{"display_name":"Arquimaster","author_link":"https:\/\/www.arquimaster.com.ar\/web\/author\/arquimaster\/"},"uagb_comment_info":0,"uagb_excerpt":"La preexistencia de un grupo de \u00e1rboles aut\u00f3ctonos fue el punto de partida...","_links":{"self":[{"href":"https:\/\/www.arquimaster.com.ar\/web\/wp-json\/wp\/v2\/posts\/68399","targetHints":{"allow":["GET"]}}],"collection":[{"href":"https:\/\/www.arquimaster.com.ar\/web\/wp-json\/wp\/v2\/posts"}],"about":[{"href":"https:\/\/www.arquimaster.com.ar\/web\/wp-json\/wp\/v2\/types\/post"}],"author":[{"embeddable":true,"href":"https:\/\/www.arquimaster.com.ar\/web\/wp-json\/wp\/v2\/users\/1"}],"replies":[{"embeddable":true,"href":"https:\/\/www.arquimaster.com.ar\/web\/wp-json\/wp\/v2\/comments?post=68399"}],"version-history":[{"count":4,"href":"https:\/\/www.arquimaster.com.ar\/web\/wp-json\/wp\/v2\/posts\/68399\/revisions"}],"predecessor-version":[{"id":71710,"href":"https:\/\/www.arquimaster.com.ar\/web\/wp-json\/wp\/v2\/posts\/68399\/revisions\/71710"}],"wp:featuredmedia":[{"embeddable":true,"href":"https:\/\/www.arquimaster.com.ar\/web\/wp-json\/wp\/v2\/media\/68400"}],"wp:attachment":[{"href":"https:\/\/www.arquimaster.com.ar\/web\/wp-json\/wp\/v2\/media?parent=68399"}],"wp:term":[{"taxonomy":"category","embeddable":true,"href":"https:\/\/www.arquimaster.com.ar\/web\/wp-json\/wp\/v2\/categories?post=68399"},{"taxonomy":"post_tag","embeddable":true,"href":"https:\/\/www.arquimaster.com.ar\/web\/wp-json\/wp\/v2\/tags?post=68399"}],"curies":[{"name":"wp","href":"https:\/\/api.w.org\/{rel}","templated":true}]}}