{"id":68662,"date":"2022-02-10T17:30:22","date_gmt":"2022-02-10T20:30:22","guid":{"rendered":"https:\/\/www.arquimaster.com.ar\/web\/?p=68662"},"modified":"2022-07-22T21:12:40","modified_gmt":"2022-07-23T00:12:40","slug":"la-mazmorra-mas-bonita-del-mundo-reforma-de-vivienda-en-catalunya-arq","status":"publish","type":"post","link":"https:\/\/www.arquimaster.com.ar\/web\/la-mazmorra-mas-bonita-del-mundo-reforma-de-vivienda-en-catalunya-arq\/","title":{"rendered":"La mazmorra m\u00e1s bonita del mundo (reforma de vivienda en Catalunya) \/ Arq+"},"content":{"rendered":"<div style=\"margin-top: 0px; margin-bottom: 0px;\" class=\"sharethis-inline-share-buttons\" ><\/div><div class=\"b812932af2e751442846f039925109de\" data-index=\"1\" style=\"float: none; margin:25px 0 25px 0; text-align:center;\">\n<script async src=\"https:\/\/pagead2.googlesyndication.com\/pagead\/js\/adsbygoogle.js\"><\/script>\r\n<!-- Arquimaster (superior) -->\r\n<ins class=\"adsbygoogle\"\r\n     style=\"display:block\"\r\n     data-ad-client=\"ca-pub-6351072698456832\"\r\n     data-ad-slot=\"6455489680\"\r\n     data-ad-format=\"auto\"\r\n     data-full-width-responsive=\"true\"><\/ins>\r\n<script>\r\n     (adsbygoogle = window.adsbygoogle || []).push({});\r\n<\/script>\n<\/div>\n<p><strong>La mazmorra m\u00e1s bonita del mundo<\/strong> (reforma interior de vivienda unifamiliar en Catalunya) (Costa Catalana, Espa\u00f1a) por <strong>Arq+<\/strong> (Arq. Angel Rico Painceiras). El proyecto reforma la planta que da al jard\u00edn en una vivienda unifamiliar de la costa mediterr\u00e1nea.<\/p>\n<div id='gallery-1' class='gallery galleryid-68662 gallery-columns-3 gallery-size-thumbnail'><figure class='gallery-item'>\n\t\t\t<div class='gallery-icon landscape'>\n\t\t\t\t<a href='https:\/\/www.arquimaster.com.ar\/web\/wp-content\/uploads\/2022\/02\/vivienda_mazmorra1.jpg' title=\"La mazmorra m\u00e1s bonita del mundo (reforma de vivienda en Catalunya) \/ Arq+ (\u00a9 Roberto Feijoo)\" data-rl_title=\"La mazmorra m\u00e1s bonita del mundo (reforma de vivienda en Catalunya) \/ Arq+ (\u00a9 Roberto Feijoo)\" class=\"rl-gallery-link\" data-rl_caption=\"La mazmorra m\u00e1s bonita del mundo (reforma de vivienda en Catalunya) \/ Arq+ (\u00a9 Roberto Feijoo)\" data-rel=\"lightbox-gallery-1\"><img loading=\"lazy\" decoding=\"async\" width=\"150\" height=\"150\" src=\"https:\/\/www.arquimaster.com.ar\/web\/wp-content\/uploads\/2022\/02\/vivienda_mazmorra1-150x150.jpg\" class=\"attachment-thumbnail size-thumbnail\" alt=\"La mazmorra m\u00e1s bonita del mundo (reforma de vivienda en Catalunya) \/ Arq+\" aria-describedby=\"gallery-1-68664\" \/><\/a>\n\t\t\t<\/div>\n\t\t\t\t<figcaption class='wp-caption-text gallery-caption' id='gallery-1-68664'>\n\t\t\t\tLa mazmorra m\u00e1s bonita del mundo (reforma de vivienda en Catalunya) \/ Arq+ (\u00a9 Roberto Feijoo)\n\t\t\t\t<\/figcaption><\/figure><figure class='gallery-item'>\n\t\t\t<div class='gallery-icon landscape'>\n\t\t\t\t<a href='https:\/\/www.arquimaster.com.ar\/web\/wp-content\/uploads\/2022\/02\/vivienda_mazmorra2.jpg' title=\"La mazmorra m\u00e1s bonita del mundo (reforma de vivienda en Catalunya) \/ Arq+ (\u00a9 Roberto Feijoo)\" data-rl_title=\"La mazmorra m\u00e1s bonita del mundo (reforma de vivienda en Catalunya) \/ Arq+ (\u00a9 Roberto Feijoo)\" class=\"rl-gallery-link\" data-rl_caption=\"La mazmorra m\u00e1s bonita del mundo (reforma de vivienda en Catalunya) \/ Arq+ (\u00a9 Roberto Feijoo)\" data-rel=\"lightbox-gallery-1\"><img loading=\"lazy\" decoding=\"async\" width=\"150\" height=\"150\" src=\"https:\/\/www.arquimaster.com.ar\/web\/wp-content\/uploads\/2022\/02\/vivienda_mazmorra2-150x150.jpg\" class=\"attachment-thumbnail size-thumbnail\" alt=\"La mazmorra m\u00e1s bonita del mundo (reforma de vivienda en Catalunya) \/ Arq+\" aria-describedby=\"gallery-1-68665\" \/><\/a>\n\t\t\t<\/div>\n\t\t\t\t<figcaption class='wp-caption-text gallery-caption' id='gallery-1-68665'>\n\t\t\t\tLa mazmorra m\u00e1s bonita del mundo (reforma de vivienda en Catalunya) \/ Arq+ (\u00a9 Roberto Feijoo)\n\t\t\t\t<\/figcaption><\/figure><figure class='gallery-item'>\n\t\t\t<div class='gallery-icon landscape'>\n\t\t\t\t<a href='https:\/\/www.arquimaster.com.ar\/web\/wp-content\/uploads\/2022\/02\/vivienda_mazmorra3.jpg' title=\"La mazmorra m\u00e1s bonita del mundo (reforma de vivienda en Catalunya) \/ Arq+ (\u00a9 Roberto Feijoo)\" data-rl_title=\"La mazmorra m\u00e1s bonita del mundo (reforma de vivienda en Catalunya) \/ Arq+ (\u00a9 Roberto Feijoo)\" class=\"rl-gallery-link\" data-rl_caption=\"La mazmorra m\u00e1s bonita del mundo (reforma de vivienda en Catalunya) \/ Arq+ (\u00a9 Roberto Feijoo)\" data-rel=\"lightbox-gallery-1\"><img loading=\"lazy\" decoding=\"async\" width=\"150\" height=\"150\" src=\"https:\/\/www.arquimaster.com.ar\/web\/wp-content\/uploads\/2022\/02\/vivienda_mazmorra3-150x150.jpg\" class=\"attachment-thumbnail size-thumbnail\" alt=\"La mazmorra m\u00e1s bonita del mundo (reforma de vivienda en Catalunya) \/ Arq+\" aria-describedby=\"gallery-1-68666\" \/><\/a>\n\t\t\t<\/div>\n\t\t\t\t<figcaption class='wp-caption-text gallery-caption' id='gallery-1-68666'>\n\t\t\t\tLa mazmorra m\u00e1s bonita del mundo (reforma de vivienda en Catalunya) \/ Arq+ (\u00a9 Roberto Feijoo)\n\t\t\t\t<\/figcaption><\/figure><figure class='gallery-item'>\n\t\t\t<div class='gallery-icon landscape'>\n\t\t\t\t<a href='https:\/\/www.arquimaster.com.ar\/web\/wp-content\/uploads\/2022\/02\/vivienda_mazmorra4.jpg' title=\"La mazmorra m\u00e1s bonita del mundo (reforma de vivienda en Catalunya) \/ Arq+ (\u00a9 Roberto Feijoo)\" data-rl_title=\"La mazmorra m\u00e1s bonita del mundo (reforma de vivienda en Catalunya) \/ Arq+ (\u00a9 Roberto Feijoo)\" class=\"rl-gallery-link\" data-rl_caption=\"La mazmorra m\u00e1s bonita del mundo (reforma de vivienda en Catalunya) \/ Arq+ (\u00a9 Roberto Feijoo)\" data-rel=\"lightbox-gallery-1\"><img loading=\"lazy\" decoding=\"async\" width=\"150\" height=\"150\" src=\"https:\/\/www.arquimaster.com.ar\/web\/wp-content\/uploads\/2022\/02\/vivienda_mazmorra4-150x150.jpg\" class=\"attachment-thumbnail size-thumbnail\" alt=\"La mazmorra m\u00e1s bonita del mundo (reforma de vivienda en Catalunya) \/ Arq+\" aria-describedby=\"gallery-1-68667\" \/><\/a>\n\t\t\t<\/div>\n\t\t\t\t<figcaption class='wp-caption-text gallery-caption' id='gallery-1-68667'>\n\t\t\t\tLa mazmorra m\u00e1s bonita del mundo (reforma de vivienda en Catalunya) \/ Arq+ (\u00a9 Roberto Feijoo)\n\t\t\t\t<\/figcaption><\/figure><figure class='gallery-item'>\n\t\t\t<div class='gallery-icon landscape'>\n\t\t\t\t<a href='https:\/\/www.arquimaster.com.ar\/web\/wp-content\/uploads\/2022\/02\/vivienda_mazmorra5.jpg' title=\"La mazmorra m\u00e1s bonita del mundo (reforma de vivienda en Catalunya) \/ Arq+ (\u00a9 Roberto Feijoo)\" data-rl_title=\"La mazmorra m\u00e1s bonita del mundo (reforma de vivienda en Catalunya) \/ Arq+ (\u00a9 Roberto Feijoo)\" class=\"rl-gallery-link\" data-rl_caption=\"La mazmorra m\u00e1s bonita del mundo (reforma de vivienda en Catalunya) \/ Arq+ (\u00a9 Roberto Feijoo)\" data-rel=\"lightbox-gallery-1\"><img loading=\"lazy\" decoding=\"async\" width=\"150\" height=\"150\" src=\"https:\/\/www.arquimaster.com.ar\/web\/wp-content\/uploads\/2022\/02\/vivienda_mazmorra5-150x150.jpg\" class=\"attachment-thumbnail size-thumbnail\" alt=\"La mazmorra m\u00e1s bonita del mundo (reforma de vivienda en Catalunya) \/ Arq+\" aria-describedby=\"gallery-1-68668\" \/><\/a>\n\t\t\t<\/div>\n\t\t\t\t<figcaption class='wp-caption-text gallery-caption' id='gallery-1-68668'>\n\t\t\t\tLa mazmorra m\u00e1s bonita del mundo (reforma de vivienda en Catalunya) \/ Arq+ (\u00a9 Roberto Feijoo)\n\t\t\t\t<\/figcaption><\/figure><figure class='gallery-item'>\n\t\t\t<div class='gallery-icon landscape'>\n\t\t\t\t<a href='https:\/\/www.arquimaster.com.ar\/web\/wp-content\/uploads\/2022\/02\/vivienda_mazmorra6.jpg' title=\"La mazmorra m\u00e1s bonita del mundo (reforma de vivienda en Catalunya) \/ Arq+ (\u00a9 Roberto Feijoo)\" data-rl_title=\"La mazmorra m\u00e1s bonita del mundo (reforma de vivienda en Catalunya) \/ Arq+ (\u00a9 Roberto Feijoo)\" class=\"rl-gallery-link\" data-rl_caption=\"La mazmorra m\u00e1s bonita del mundo (reforma de vivienda en Catalunya) \/ Arq+ (\u00a9 Roberto Feijoo)\" data-rel=\"lightbox-gallery-1\"><img loading=\"lazy\" decoding=\"async\" width=\"150\" height=\"150\" src=\"https:\/\/www.arquimaster.com.ar\/web\/wp-content\/uploads\/2022\/02\/vivienda_mazmorra6-150x150.jpg\" class=\"attachment-thumbnail size-thumbnail\" alt=\"La mazmorra m\u00e1s bonita del mundo (reforma de vivienda en Catalunya) \/ Arq+\" aria-describedby=\"gallery-1-68669\" \/><\/a>\n\t\t\t<\/div>\n\t\t\t\t<figcaption class='wp-caption-text gallery-caption' id='gallery-1-68669'>\n\t\t\t\tLa mazmorra m\u00e1s bonita del mundo (reforma de vivienda en Catalunya) \/ Arq+ (\u00a9 Roberto Feijoo)\n\t\t\t\t<\/figcaption><\/figure><figure class='gallery-item'>\n\t\t\t<div class='gallery-icon landscape'>\n\t\t\t\t<a href='https:\/\/www.arquimaster.com.ar\/web\/wp-content\/uploads\/2022\/02\/vivienda_mazmorra7.jpg' title=\"La mazmorra m\u00e1s bonita del mundo (reforma de vivienda en Catalunya) \/ Arq+ (\u00a9 Roberto Feijoo)\" data-rl_title=\"La mazmorra m\u00e1s bonita del mundo (reforma de vivienda en Catalunya) \/ Arq+ (\u00a9 Roberto Feijoo)\" class=\"rl-gallery-link\" data-rl_caption=\"La mazmorra m\u00e1s bonita del mundo (reforma de vivienda en Catalunya) \/ Arq+ (\u00a9 Roberto Feijoo)\" data-rel=\"lightbox-gallery-1\"><img loading=\"lazy\" decoding=\"async\" width=\"150\" height=\"150\" src=\"https:\/\/www.arquimaster.com.ar\/web\/wp-content\/uploads\/2022\/02\/vivienda_mazmorra7-150x150.jpg\" class=\"attachment-thumbnail size-thumbnail\" alt=\"La mazmorra m\u00e1s bonita del mundo (reforma de vivienda en Catalunya) \/ Arq+\" aria-describedby=\"gallery-1-68670\" \/><\/a>\n\t\t\t<\/div>\n\t\t\t\t<figcaption class='wp-caption-text gallery-caption' id='gallery-1-68670'>\n\t\t\t\tLa mazmorra m\u00e1s bonita del mundo (reforma de vivienda en Catalunya) \/ Arq+ (\u00a9 Roberto Feijoo)\n\t\t\t\t<\/figcaption><\/figure><figure class='gallery-item'>\n\t\t\t<div class='gallery-icon landscape'>\n\t\t\t\t<a href='https:\/\/www.arquimaster.com.ar\/web\/wp-content\/uploads\/2022\/02\/vivienda_mazmorra8.jpg' title=\"La mazmorra m\u00e1s bonita del mundo (reforma de vivienda en Catalunya) \/ Arq+ (\u00a9 Roberto Feijoo)\" data-rl_title=\"La mazmorra m\u00e1s bonita del mundo (reforma de vivienda en Catalunya) \/ Arq+ (\u00a9 Roberto Feijoo)\" class=\"rl-gallery-link\" data-rl_caption=\"La mazmorra m\u00e1s bonita del mundo (reforma de vivienda en Catalunya) \/ Arq+ (\u00a9 Roberto Feijoo)\" data-rel=\"lightbox-gallery-1\"><img loading=\"lazy\" decoding=\"async\" width=\"150\" height=\"150\" src=\"https:\/\/www.arquimaster.com.ar\/web\/wp-content\/uploads\/2022\/02\/vivienda_mazmorra8-150x150.jpg\" class=\"attachment-thumbnail size-thumbnail\" alt=\"La mazmorra m\u00e1s bonita del mundo (reforma de vivienda en Catalunya) \/ Arq+\" aria-describedby=\"gallery-1-68671\" \/><\/a>\n\t\t\t<\/div>\n\t\t\t\t<figcaption class='wp-caption-text gallery-caption' id='gallery-1-68671'>\n\t\t\t\tLa mazmorra m\u00e1s bonita del mundo (reforma de vivienda en Catalunya) \/ Arq+ (\u00a9 Roberto Feijoo)\n\t\t\t\t<\/figcaption><\/figure><figure class='gallery-item'>\n\t\t\t<div class='gallery-icon landscape'>\n\t\t\t\t<a href='https:\/\/www.arquimaster.com.ar\/web\/wp-content\/uploads\/2022\/02\/vivienda_mazmorra9.jpg' title=\"La mazmorra m\u00e1s bonita del mundo (reforma de vivienda en Catalunya) \/ Arq+ (\u00a9 Roberto Feijoo)\" data-rl_title=\"La mazmorra m\u00e1s bonita del mundo (reforma de vivienda en Catalunya) \/ Arq+ (\u00a9 Roberto Feijoo)\" class=\"rl-gallery-link\" data-rl_caption=\"La mazmorra m\u00e1s bonita del mundo (reforma de vivienda en Catalunya) \/ Arq+ (\u00a9 Roberto Feijoo)\" data-rel=\"lightbox-gallery-1\"><img loading=\"lazy\" decoding=\"async\" width=\"150\" height=\"150\" src=\"https:\/\/www.arquimaster.com.ar\/web\/wp-content\/uploads\/2022\/02\/vivienda_mazmorra9-150x150.jpg\" class=\"attachment-thumbnail size-thumbnail\" alt=\"La mazmorra m\u00e1s bonita del mundo (reforma de vivienda en Catalunya) \/ Arq+\" aria-describedby=\"gallery-1-68672\" \/><\/a>\n\t\t\t<\/div>\n\t\t\t\t<figcaption class='wp-caption-text gallery-caption' id='gallery-1-68672'>\n\t\t\t\tLa mazmorra m\u00e1s bonita del mundo (reforma de vivienda en Catalunya) \/ Arq+ (\u00a9 Roberto Feijoo)\n\t\t\t\t<\/figcaption><\/figure><figure class='gallery-item'>\n\t\t\t<div class='gallery-icon landscape'>\n\t\t\t\t<a href='https:\/\/www.arquimaster.com.ar\/web\/wp-content\/uploads\/2022\/02\/vivienda_mazmorra10.jpg' title=\"La mazmorra m\u00e1s bonita del mundo (reforma de vivienda en Catalunya) \/ Arq+ (\u00a9 Roberto Feijoo)\" data-rl_title=\"La mazmorra m\u00e1s bonita del mundo (reforma de vivienda en Catalunya) \/ Arq+ (\u00a9 Roberto Feijoo)\" class=\"rl-gallery-link\" data-rl_caption=\"La mazmorra m\u00e1s bonita del mundo (reforma de vivienda en Catalunya) \/ Arq+ (\u00a9 Roberto Feijoo)\" data-rel=\"lightbox-gallery-1\"><img loading=\"lazy\" decoding=\"async\" width=\"150\" height=\"150\" src=\"https:\/\/www.arquimaster.com.ar\/web\/wp-content\/uploads\/2022\/02\/vivienda_mazmorra10-150x150.jpg\" class=\"attachment-thumbnail size-thumbnail\" alt=\"La mazmorra m\u00e1s bonita del mundo (reforma de vivienda en Catalunya) \/ Arq+\" aria-describedby=\"gallery-1-68673\" \/><\/a>\n\t\t\t<\/div>\n\t\t\t\t<figcaption class='wp-caption-text gallery-caption' id='gallery-1-68673'>\n\t\t\t\tLa mazmorra m\u00e1s bonita del mundo (reforma de vivienda en Catalunya) \/ Arq+ (\u00a9 Roberto Feijoo)\n\t\t\t\t<\/figcaption><\/figure><figure class='gallery-item'>\n\t\t\t<div class='gallery-icon landscape'>\n\t\t\t\t<a href='https:\/\/www.arquimaster.com.ar\/web\/wp-content\/uploads\/2022\/02\/vivienda_mazmorra11.jpg' title=\"La mazmorra m\u00e1s bonita del mundo (reforma de vivienda en Catalunya) \/ Arq+ (\u00a9 Roberto Feijoo)\" data-rl_title=\"La mazmorra m\u00e1s bonita del mundo (reforma de vivienda en Catalunya) \/ Arq+ (\u00a9 Roberto Feijoo)\" class=\"rl-gallery-link\" data-rl_caption=\"La mazmorra m\u00e1s bonita del mundo (reforma de vivienda en Catalunya) \/ Arq+ (\u00a9 Roberto Feijoo)\" data-rel=\"lightbox-gallery-1\"><img loading=\"lazy\" decoding=\"async\" width=\"150\" height=\"150\" src=\"https:\/\/www.arquimaster.com.ar\/web\/wp-content\/uploads\/2022\/02\/vivienda_mazmorra11-150x150.jpg\" class=\"attachment-thumbnail size-thumbnail\" alt=\"La mazmorra m\u00e1s bonita del mundo (reforma de vivienda en Catalunya) \/ Arq+\" aria-describedby=\"gallery-1-68674\" \/><\/a>\n\t\t\t<\/div>\n\t\t\t\t<figcaption class='wp-caption-text gallery-caption' id='gallery-1-68674'>\n\t\t\t\tLa mazmorra m\u00e1s bonita del mundo (reforma de vivienda en Catalunya) \/ Arq+ (\u00a9 Roberto Feijoo)\n\t\t\t\t<\/figcaption><\/figure><figure class='gallery-item'>\n\t\t\t<div class='gallery-icon landscape'>\n\t\t\t\t<a href='https:\/\/www.arquimaster.com.ar\/web\/wp-content\/uploads\/2022\/02\/vivienda_mazmorra12.jpg' title=\"La mazmorra m\u00e1s bonita del mundo (reforma de vivienda en Catalunya) \/ Arq+ (\u00a9 Roberto Feijoo)\" data-rl_title=\"La mazmorra m\u00e1s bonita del mundo (reforma de vivienda en Catalunya) \/ Arq+ (\u00a9 Roberto Feijoo)\" class=\"rl-gallery-link\" data-rl_caption=\"La mazmorra m\u00e1s bonita del mundo (reforma de vivienda en Catalunya) \/ Arq+ (\u00a9 Roberto Feijoo)\" data-rel=\"lightbox-gallery-1\"><img loading=\"lazy\" decoding=\"async\" width=\"150\" height=\"150\" src=\"https:\/\/www.arquimaster.com.ar\/web\/wp-content\/uploads\/2022\/02\/vivienda_mazmorra12-150x150.jpg\" class=\"attachment-thumbnail size-thumbnail\" alt=\"La mazmorra m\u00e1s bonita del mundo (reforma de vivienda en Catalunya) \/ Arq+\" aria-describedby=\"gallery-1-68675\" \/><\/a>\n\t\t\t<\/div>\n\t\t\t\t<figcaption class='wp-caption-text gallery-caption' id='gallery-1-68675'>\n\t\t\t\tLa mazmorra m\u00e1s bonita del mundo (reforma de vivienda en Catalunya) \/ Arq+ (\u00a9 Roberto Feijoo)\n\t\t\t\t<\/figcaption><\/figure><figure class='gallery-item'>\n\t\t\t<div class='gallery-icon landscape'>\n\t\t\t\t<a href='https:\/\/www.arquimaster.com.ar\/web\/wp-content\/uploads\/2022\/02\/vivienda_mazmorra13.jpg' title=\"La mazmorra m\u00e1s bonita del mundo (reforma de vivienda en Catalunya) \/ Arq+ (\u00a9 Roberto Feijoo)\" data-rl_title=\"La mazmorra m\u00e1s bonita del mundo (reforma de vivienda en Catalunya) \/ Arq+ (\u00a9 Roberto Feijoo)\" class=\"rl-gallery-link\" data-rl_caption=\"La mazmorra m\u00e1s bonita del mundo (reforma de vivienda en Catalunya) \/ Arq+ (\u00a9 Roberto Feijoo)\" data-rel=\"lightbox-gallery-1\"><img loading=\"lazy\" decoding=\"async\" width=\"150\" height=\"150\" src=\"https:\/\/www.arquimaster.com.ar\/web\/wp-content\/uploads\/2022\/02\/vivienda_mazmorra13-150x150.jpg\" class=\"attachment-thumbnail size-thumbnail\" alt=\"La mazmorra m\u00e1s bonita del mundo (reforma de vivienda en Catalunya) \/ Arq+\" aria-describedby=\"gallery-1-68676\" \/><\/a>\n\t\t\t<\/div>\n\t\t\t\t<figcaption class='wp-caption-text gallery-caption' id='gallery-1-68676'>\n\t\t\t\tLa mazmorra m\u00e1s bonita del mundo (reforma de vivienda en Catalunya) \/ Arq+ (\u00a9 Roberto Feijoo)\n\t\t\t\t<\/figcaption><\/figure><figure class='gallery-item'>\n\t\t\t<div class='gallery-icon landscape'>\n\t\t\t\t<a href='https:\/\/www.arquimaster.com.ar\/web\/wp-content\/uploads\/2022\/02\/vivienda_mazmorra14.jpg' title=\"La mazmorra m\u00e1s bonita del mundo (reforma de vivienda en Catalunya) \/ Arq+ (\u00a9 Roberto Feijoo)\" data-rl_title=\"La mazmorra m\u00e1s bonita del mundo (reforma de vivienda en Catalunya) \/ Arq+ (\u00a9 Roberto Feijoo)\" class=\"rl-gallery-link\" data-rl_caption=\"La mazmorra m\u00e1s bonita del mundo (reforma de vivienda en Catalunya) \/ Arq+ (\u00a9 Roberto Feijoo)\" data-rel=\"lightbox-gallery-1\"><img loading=\"lazy\" decoding=\"async\" width=\"150\" height=\"150\" src=\"https:\/\/www.arquimaster.com.ar\/web\/wp-content\/uploads\/2022\/02\/vivienda_mazmorra14-150x150.jpg\" class=\"attachment-thumbnail size-thumbnail\" alt=\"La mazmorra m\u00e1s bonita del mundo (reforma de vivienda en Catalunya) \/ Arq+\" aria-describedby=\"gallery-1-68677\" \/><\/a>\n\t\t\t<\/div>\n\t\t\t\t<figcaption class='wp-caption-text gallery-caption' id='gallery-1-68677'>\n\t\t\t\tLa mazmorra m\u00e1s bonita del mundo (reforma de vivienda en Catalunya) \/ Arq+ (\u00a9 Roberto Feijoo)\n\t\t\t\t<\/figcaption><\/figure><figure class='gallery-item'>\n\t\t\t<div class='gallery-icon landscape'>\n\t\t\t\t<a href='https:\/\/www.arquimaster.com.ar\/web\/wp-content\/uploads\/2022\/02\/vivienda_mazmorra15.jpg' title=\"La mazmorra m\u00e1s bonita del mundo (reforma de vivienda en Catalunya) \/ Arq+ (planta reforma)\" data-rl_title=\"La mazmorra m\u00e1s bonita del mundo (reforma de vivienda en Catalunya) \/ Arq+ (planta reforma)\" class=\"rl-gallery-link\" data-rl_caption=\"La mazmorra m\u00e1s bonita del mundo (reforma de vivienda en Catalunya) \/ Arq+ (planta reforma)\" data-rel=\"lightbox-gallery-1\"><img loading=\"lazy\" decoding=\"async\" width=\"150\" height=\"150\" src=\"https:\/\/www.arquimaster.com.ar\/web\/wp-content\/uploads\/2022\/02\/vivienda_mazmorra15-150x150.jpg\" class=\"attachment-thumbnail size-thumbnail\" alt=\"La mazmorra m\u00e1s bonita del mundo (reforma de vivienda en Catalunya) \/ Arq+\" aria-describedby=\"gallery-1-68678\" \/><\/a>\n\t\t\t<\/div>\n\t\t\t\t<figcaption class='wp-caption-text gallery-caption' id='gallery-1-68678'>\n\t\t\t\tLa mazmorra m\u00e1s bonita del mundo (reforma de vivienda en Catalunya) \/ Arq+ (planta reforma)\n\t\t\t\t<\/figcaption><\/figure><figure class='gallery-item'>\n\t\t\t<div class='gallery-icon landscape'>\n\t\t\t\t<a href='https:\/\/www.arquimaster.com.ar\/web\/wp-content\/uploads\/2022\/02\/vivienda_mazmorra16.jpg' title=\"La mazmorra m\u00e1s bonita del mundo (reforma de vivienda en Catalunya) \/ Arq+ (planta estado previo)\" data-rl_title=\"La mazmorra m\u00e1s bonita del mundo (reforma de vivienda en Catalunya) \/ Arq+ (planta estado previo)\" class=\"rl-gallery-link\" data-rl_caption=\"La mazmorra m\u00e1s bonita del mundo (reforma de vivienda en Catalunya) \/ Arq+ (planta estado previo)\" data-rel=\"lightbox-gallery-1\"><img loading=\"lazy\" decoding=\"async\" width=\"150\" height=\"150\" src=\"https:\/\/www.arquimaster.com.ar\/web\/wp-content\/uploads\/2022\/02\/vivienda_mazmorra16-150x150.jpg\" class=\"attachment-thumbnail size-thumbnail\" alt=\"La mazmorra m\u00e1s bonita del mundo (reforma de vivienda en Catalunya) \/ Arq+\" aria-describedby=\"gallery-1-68679\" \/><\/a>\n\t\t\t<\/div>\n\t\t\t\t<figcaption class='wp-caption-text gallery-caption' id='gallery-1-68679'>\n\t\t\t\tLa mazmorra m\u00e1s bonita del mundo (reforma de vivienda en Catalunya) \/ Arq+ (planta estado previo)\n\t\t\t\t<\/figcaption><\/figure>\n\t\t<\/div>\n\n<p>El programa se reparte entre un dormitorio para invitados -que hace las veces de peque\u00f1a sala de cine- y una oficina. La secci\u00f3n del cerramiento de madera esconde la carpinter\u00eda y deja el vidrio como \u00fanico elemento visible.<\/p>\n<p>En el interior, el proyecto acomoda bancadas, repisas, hornacinas y estanter\u00edas de madera que contribuyen a crear una sensaci\u00f3n de recogimiento mientras se contempla la l\u00ednea de horizonte del mar. Seg\u00fan el cliente, \u00abla mazmorra m\u00e1s bella del mundo\u00bb.<\/p>\n<p><strong>Menciones y Premios<\/strong><br>Seleccionado en la XIV Bienal Espa\u00f1ola de Arquitectura y Urbanismo (2018)<br>Nominaci\u00f3n a los Simon Architectural Prize 2018 (Simon_Fundaci\u00f3 Mies van der Rohe) (2018)<br>Seleccionado en los Premios Enor 2017 (Grupo ENOR) (2017)<br>Menci\u00f3n especial del Jurado de la X Bienal Alejandro de la Sota (Fundaci\u00f3n AdlS) (2017)<br>Nominaci\u00f3n a los Premios Mies Van Der Rohe 2015. (Fundaci\u00f3n Mies van der Rohe) (2015)<\/p>\n\n\n<div style=\"height:20px\" aria-hidden=\"true\" class=\"wp-block-spacer\"><\/div>\n\n\n\n<p class=\"has-background\" style=\"background-color:#eaeaea\"><strong>Ficha t\u00e9cnica<\/strong><br>Nombre: La mazmorra m\u00e1s bonita del mundo (reforma interior de vivienda unifamiliar)<br>Ubicaci\u00f3n: Costa Catalana, Espa\u00f1a<br>Despacho: Arq+<br>Arquitecto: Angel Rico Painceiras<br>Colaboradores: Carolo Losada Soto (E\u00b3 Arquitectos_C\u00e1lculo de estructuras)<br>Contratista principal: Drac Construccions S.L.<br>Carpintero madera: Perez Mora S.L.<br>Carpinteria Aluminio: Finestras Macrisal SL<br>Fotografias: Roberto Feijoo<br><br><strong>Contacto<\/strong><br><a href=\"https:\/\/www.arqmais.net\" target=\"_blank\" rel=\"noreferrer noopener\">https:\/\/www.arqmais.net<\/a><\/p>\n\n\n\n<div style=\"height:40px\" aria-hidden=\"true\" class=\"wp-block-spacer\"><\/div>\n\n\n<p><strong><em>English version<\/em><\/strong><\/p>\n<p><strong><em>The Most Beautiful Dungeon In The World<\/em><\/strong><br><em>Detached House Refurbishment in Catalunya (Spain)<\/em><\/p>\n<p><em>The project refurbishes the floor that overlooks the garden in a detached house on the Mediterranean coast. The programme is divide between a guests room, which is used as a small cinema room, and an office. The section of the wooden enclosure hides the carpentry and leaves the glass as the only visible element.<\/em><\/p>\n<p><em>In the interior, the project accommodates benches, shelves, niches and wooden shelves that contribute to creating a sensation of seclusion while contemplating the skyline of the sea. According to the client&#8217;s words: \u00abthe most beautiful dungeon in the world\u00bb.<\/em><\/p>\n\n\n<div style=\"height:20px\" aria-hidden=\"true\" class=\"wp-block-spacer\"><\/div>\n\n\n<p><strong><em>Vers\u00e3o em portugu\u00eas<\/em><\/strong><\/p>\n<p><strong><em>A Masmorra Mais Bela Do Mundo<\/em><\/strong><br><em>Reforma Interior en Catalunya (Espa\u00f1a)<\/em><\/p>\n<p><em>O proxecto reforma a planta que d\u00e1 ao xard\u00edn nunha vivenda unifamiliar da costa mediterr\u00e1nea. O programa rep\u00e1rtese entre un dormitorio para convidados -que funciona como pequena sala de cinema &#8211; e un escritorio. A secci\u00f3n do cerramento de madeira agocha a carpintar\u00eda de madeira e deixa o vidro como \u00fanico elemento visible.<\/em><\/p>\n<p><em>No interior, o proxecto acomoda bancadas, repisas, nichos e estantes de madeira que contribuen a xerar unha sensaci\u00f3n de recollemento mentres se contempla a li\u00f1a de horizonte do mar. Segundo o cliente, \u00aba masmorra mais bela do mundo\u00bb.<\/em><\/p>\n<div style=\"font-size: 0px; height: 0px; line-height: 0px; margin: 0; padding: 0; clear: both;\"><\/div><div style=\"margin-top: 0px; margin-bottom: 0px;\" class=\"sharethis-inline-share-buttons\" ><\/div>","protected":false},"excerpt":{"rendered":"<p>El proyecto reforma la planta que da al jard\u00edn en una vivienda de la costa mediterr\u00e1nea&#8230;<\/p>\n","protected":false},"author":1,"featured_media":68663,"comment_status":"closed","ping_status":"closed","sticky":false,"template":"","format":"standard","meta":{"_uag_custom_page_level_css":"","footnotes":""},"categories":[1,82],"tags":[7342,7341,7340,104,6695,6895,1043],"class_list":["post-68662","post","type-post","status-publish","format-standard","has-post-thumbnail","hentry","category-proyecto","category-rehabilitaciones","tag-angel-rico-painceiras","tag-arq","tag-cataluna","tag-espana","tag-mini-apartamento","tag-mini-casa","tag-reforma-de-vivienda","generate-columns","tablet-grid-50","mobile-grid-100","grid-parent","grid-50"],"yoast_head":"<!-- This site is optimized with the Yoast SEO plugin v27.3 - https:\/\/yoast.com\/product\/yoast-seo-wordpress\/ -->\n<title>La mazmorra m\u00e1s bonita del mundo (reforma de vivienda en Catalunya) \/ Arq+ - Arquimaster<\/title>\n<meta name=\"description\" content=\"El proyecto reforma la planta que da al jard\u00edn en una vivienda unifamiliar de la costa mediterr\u00e1nea.\" \/>\n<meta name=\"robots\" content=\"index, follow, max-snippet:-1, max-image-preview:large, max-video-preview:-1\" \/>\n<link rel=\"canonical\" href=\"https:\/\/www.arquimaster.com.ar\/web\/la-mazmorra-mas-bonita-del-mundo-reforma-de-vivienda-en-catalunya-arq\/\" \/>\n<meta property=\"og:locale\" content=\"es_ES\" \/>\n<meta property=\"og:type\" content=\"article\" \/>\n<meta property=\"og:title\" content=\"La mazmorra m\u00e1s bonita del mundo (reforma de vivienda en Catalunya) \/ Arq+\" \/>\n<meta property=\"og:description\" content=\"El proyecto reforma la planta que da al jard\u00edn en una vivienda unifamiliar de la costa mediterr\u00e1nea.\" \/>\n<meta property=\"og:url\" content=\"https:\/\/www.arquimaster.com.ar\/web\/la-mazmorra-mas-bonita-del-mundo-reforma-de-vivienda-en-catalunya-arq\/\" \/>\n<meta property=\"og:site_name\" content=\"Arquimaster\" \/>\n<meta property=\"article:publisher\" content=\"http:\/\/www.facebook.com\/ARQUIMASTER.com.ar\" \/>\n<meta property=\"article:published_time\" content=\"2022-02-10T20:30:22+00:00\" \/>\n<meta property=\"article:modified_time\" content=\"2022-07-23T00:12:40+00:00\" \/>\n<meta property=\"og:image\" content=\"https:\/\/www.arquimaster.com.ar\/web\/wp-content\/uploads\/2022\/02\/vivienda_mazmorra_slide.jpg\" \/>\n\t<meta property=\"og:image:width\" content=\"698\" \/>\n\t<meta property=\"og:image:height\" content=\"364\" \/>\n\t<meta property=\"og:image:type\" content=\"image\/jpeg\" \/>\n<meta name=\"author\" content=\"Arquimaster\" \/>\n<meta name=\"twitter:card\" content=\"summary_large_image\" \/>\n<meta name=\"twitter:title\" content=\"La mazmorra m\u00e1s bonita del mundo (reforma de vivienda en Catalunya) \/ Arq+\" \/>\n<meta name=\"twitter:description\" content=\"El proyecto reforma la planta que da al jard\u00edn en una vivienda unifamiliar de la costa mediterr\u00e1nea.\" \/>\n<meta name=\"twitter:image\" content=\"https:\/\/www.arquimaster.com.ar\/web\/wp-content\/uploads\/2022\/02\/vivienda_mazmorra_slide.jpg\" \/>\n<meta name=\"twitter:creator\" content=\"@arquimaster\" \/>\n<meta name=\"twitter:site\" content=\"@arquimaster\" \/>\n<meta name=\"twitter:label1\" content=\"Escrito por\" \/>\n\t<meta name=\"twitter:data1\" content=\"Arquimaster\" \/>\n\t<meta name=\"twitter:label2\" content=\"Tiempo de lectura\" \/>\n\t<meta name=\"twitter:data2\" content=\"3 minutos\" \/>\n<script type=\"application\/ld+json\" class=\"yoast-schema-graph\">{\"@context\":\"https:\\\/\\\/schema.org\",\"@graph\":[{\"@type\":\"Article\",\"@id\":\"https:\\\/\\\/www.arquimaster.com.ar\\\/web\\\/la-mazmorra-mas-bonita-del-mundo-reforma-de-vivienda-en-catalunya-arq\\\/#article\",\"isPartOf\":{\"@id\":\"https:\\\/\\\/www.arquimaster.com.ar\\\/web\\\/la-mazmorra-mas-bonita-del-mundo-reforma-de-vivienda-en-catalunya-arq\\\/\"},\"author\":{\"name\":\"Arquimaster\",\"@id\":\"https:\\\/\\\/www.arquimaster.com.ar\\\/web\\\/#\\\/schema\\\/person\\\/359e9f7c00193fcde068e0dd2ceb0028\"},\"headline\":\"La mazmorra m\u00e1s bonita del mundo (reforma de vivienda en Catalunya) \\\/ Arq+\",\"datePublished\":\"2022-02-10T20:30:22+00:00\",\"dateModified\":\"2022-07-23T00:12:40+00:00\",\"mainEntityOfPage\":{\"@id\":\"https:\\\/\\\/www.arquimaster.com.ar\\\/web\\\/la-mazmorra-mas-bonita-del-mundo-reforma-de-vivienda-en-catalunya-arq\\\/\"},\"wordCount\":494,\"publisher\":{\"@id\":\"https:\\\/\\\/www.arquimaster.com.ar\\\/web\\\/#organization\"},\"image\":{\"@id\":\"https:\\\/\\\/www.arquimaster.com.ar\\\/web\\\/la-mazmorra-mas-bonita-del-mundo-reforma-de-vivienda-en-catalunya-arq\\\/#primaryimage\"},\"thumbnailUrl\":\"https:\\\/\\\/www.arquimaster.com.ar\\\/web\\\/wp-content\\\/uploads\\\/2022\\\/02\\\/vivienda_mazmorra_slide.jpg\",\"keywords\":[\"Angel Rico Painceiras\",\"Arq+\",\"Catalu\u00f1a\",\"Espa\u00f1a\",\"mini apartamento\",\"mini casa\",\"reforma de vivienda\"],\"articleSection\":[\"Proyecto\",\"Rehabilitaciones y ampliaciones\"],\"inLanguage\":\"es\"},{\"@type\":\"WebPage\",\"@id\":\"https:\\\/\\\/www.arquimaster.com.ar\\\/web\\\/la-mazmorra-mas-bonita-del-mundo-reforma-de-vivienda-en-catalunya-arq\\\/\",\"url\":\"https:\\\/\\\/www.arquimaster.com.ar\\\/web\\\/la-mazmorra-mas-bonita-del-mundo-reforma-de-vivienda-en-catalunya-arq\\\/\",\"name\":\"La mazmorra m\u00e1s bonita del mundo (reforma de vivienda en Catalunya) \\\/ Arq+ - Arquimaster\",\"isPartOf\":{\"@id\":\"https:\\\/\\\/www.arquimaster.com.ar\\\/web\\\/#website\"},\"primaryImageOfPage\":{\"@id\":\"https:\\\/\\\/www.arquimaster.com.ar\\\/web\\\/la-mazmorra-mas-bonita-del-mundo-reforma-de-vivienda-en-catalunya-arq\\\/#primaryimage\"},\"image\":{\"@id\":\"https:\\\/\\\/www.arquimaster.com.ar\\\/web\\\/la-mazmorra-mas-bonita-del-mundo-reforma-de-vivienda-en-catalunya-arq\\\/#primaryimage\"},\"thumbnailUrl\":\"https:\\\/\\\/www.arquimaster.com.ar\\\/web\\\/wp-content\\\/uploads\\\/2022\\\/02\\\/vivienda_mazmorra_slide.jpg\",\"datePublished\":\"2022-02-10T20:30:22+00:00\",\"dateModified\":\"2022-07-23T00:12:40+00:00\",\"description\":\"El proyecto reforma la planta que da al jard\u00edn en una vivienda unifamiliar de la costa mediterr\u00e1nea.\",\"breadcrumb\":{\"@id\":\"https:\\\/\\\/www.arquimaster.com.ar\\\/web\\\/la-mazmorra-mas-bonita-del-mundo-reforma-de-vivienda-en-catalunya-arq\\\/#breadcrumb\"},\"inLanguage\":\"es\",\"potentialAction\":[{\"@type\":\"ReadAction\",\"target\":[\"https:\\\/\\\/www.arquimaster.com.ar\\\/web\\\/la-mazmorra-mas-bonita-del-mundo-reforma-de-vivienda-en-catalunya-arq\\\/\"]}]},{\"@type\":\"ImageObject\",\"inLanguage\":\"es\",\"@id\":\"https:\\\/\\\/www.arquimaster.com.ar\\\/web\\\/la-mazmorra-mas-bonita-del-mundo-reforma-de-vivienda-en-catalunya-arq\\\/#primaryimage\",\"url\":\"https:\\\/\\\/www.arquimaster.com.ar\\\/web\\\/wp-content\\\/uploads\\\/2022\\\/02\\\/vivienda_mazmorra_slide.jpg\",\"contentUrl\":\"https:\\\/\\\/www.arquimaster.com.ar\\\/web\\\/wp-content\\\/uploads\\\/2022\\\/02\\\/vivienda_mazmorra_slide.jpg\",\"width\":698,\"height\":364,\"caption\":\"La mazmorra m\u00e1s bonita del mundo (reforma de vivienda en Catalunya) \\\/ Arq+\"},{\"@type\":\"BreadcrumbList\",\"@id\":\"https:\\\/\\\/www.arquimaster.com.ar\\\/web\\\/la-mazmorra-mas-bonita-del-mundo-reforma-de-vivienda-en-catalunya-arq\\\/#breadcrumb\",\"itemListElement\":[{\"@type\":\"ListItem\",\"position\":1,\"name\":\"Portada\",\"item\":\"https:\\\/\\\/www.arquimaster.com.ar\\\/web\\\/\"},{\"@type\":\"ListItem\",\"position\":2,\"name\":\"La mazmorra m\u00e1s bonita del mundo (reforma de vivienda en Catalunya) \\\/ Arq+\"}]},{\"@type\":\"WebSite\",\"@id\":\"https:\\\/\\\/www.arquimaster.com.ar\\\/web\\\/#website\",\"url\":\"https:\\\/\\\/www.arquimaster.com.ar\\\/web\\\/\",\"name\":\"Arquimaster\",\"description\":\"Web de arquitectura, dise\u00f1o y construccion\",\"publisher\":{\"@id\":\"https:\\\/\\\/www.arquimaster.com.ar\\\/web\\\/#organization\"},\"potentialAction\":[{\"@type\":\"SearchAction\",\"target\":{\"@type\":\"EntryPoint\",\"urlTemplate\":\"https:\\\/\\\/www.arquimaster.com.ar\\\/web\\\/?s={search_term_string}\"},\"query-input\":{\"@type\":\"PropertyValueSpecification\",\"valueRequired\":true,\"valueName\":\"search_term_string\"}}],\"inLanguage\":\"es\"},{\"@type\":\"Organization\",\"@id\":\"https:\\\/\\\/www.arquimaster.com.ar\\\/web\\\/#organization\",\"name\":\"Arquimaster\",\"url\":\"https:\\\/\\\/www.arquimaster.com.ar\\\/web\\\/\",\"logo\":{\"@type\":\"ImageObject\",\"inLanguage\":\"es\",\"@id\":\"https:\\\/\\\/www.arquimaster.com.ar\\\/web\\\/#\\\/schema\\\/logo\\\/image\\\/\",\"url\":\"https:\\\/\\\/www.arquimaster.com.ar\\\/web\\\/wp-content\\\/uploads\\\/2022\\\/06\\\/arquimaster.png\",\"contentUrl\":\"https:\\\/\\\/www.arquimaster.com.ar\\\/web\\\/wp-content\\\/uploads\\\/2022\\\/06\\\/arquimaster.png\",\"width\":594,\"height\":78,\"caption\":\"Arquimaster\"},\"image\":{\"@id\":\"https:\\\/\\\/www.arquimaster.com.ar\\\/web\\\/#\\\/schema\\\/logo\\\/image\\\/\"},\"sameAs\":[\"http:\\\/\\\/www.facebook.com\\\/ARQUIMASTER.com.ar\",\"https:\\\/\\\/x.com\\\/arquimaster\",\"https:\\\/\\\/www.instagram.com\\\/arquimasterblog\\\/\",\"https:\\\/\\\/www.linkedin.com\\\/company\\\/arquimaster\",\"https:\\\/\\\/www.pinterest.com\\\/arquimaster\",\"https:\\\/\\\/t.me\\\/arquimaster\"]},{\"@type\":\"Person\",\"@id\":\"https:\\\/\\\/www.arquimaster.com.ar\\\/web\\\/#\\\/schema\\\/person\\\/359e9f7c00193fcde068e0dd2ceb0028\",\"name\":\"Arquimaster\"}]}<\/script>\n<!-- \/ Yoast SEO plugin. -->","yoast_head_json":{"title":"La mazmorra m\u00e1s bonita del mundo (reforma de vivienda en Catalunya) \/ Arq+ - Arquimaster","description":"El proyecto reforma la planta que da al jard\u00edn en una vivienda unifamiliar de la costa mediterr\u00e1nea.","robots":{"index":"index","follow":"follow","max-snippet":"max-snippet:-1","max-image-preview":"max-image-preview:large","max-video-preview":"max-video-preview:-1"},"canonical":"https:\/\/www.arquimaster.com.ar\/web\/la-mazmorra-mas-bonita-del-mundo-reforma-de-vivienda-en-catalunya-arq\/","og_locale":"es_ES","og_type":"article","og_title":"La mazmorra m\u00e1s bonita del mundo (reforma de vivienda en Catalunya) \/ Arq+","og_description":"El proyecto reforma la planta que da al jard\u00edn en una vivienda unifamiliar de la costa mediterr\u00e1nea.","og_url":"https:\/\/www.arquimaster.com.ar\/web\/la-mazmorra-mas-bonita-del-mundo-reforma-de-vivienda-en-catalunya-arq\/","og_site_name":"Arquimaster","article_publisher":"http:\/\/www.facebook.com\/ARQUIMASTER.com.ar","article_published_time":"2022-02-10T20:30:22+00:00","article_modified_time":"2022-07-23T00:12:40+00:00","og_image":[{"width":698,"height":364,"url":"https:\/\/www.arquimaster.com.ar\/web\/wp-content\/uploads\/2022\/02\/vivienda_mazmorra_slide.jpg","type":"image\/jpeg"}],"author":"Arquimaster","twitter_card":"summary_large_image","twitter_title":"La mazmorra m\u00e1s bonita del mundo (reforma de vivienda en Catalunya) \/ Arq+","twitter_description":"El proyecto reforma la planta que da al jard\u00edn en una vivienda unifamiliar de la costa mediterr\u00e1nea.","twitter_image":"https:\/\/www.arquimaster.com.ar\/web\/wp-content\/uploads\/2022\/02\/vivienda_mazmorra_slide.jpg","twitter_creator":"@arquimaster","twitter_site":"@arquimaster","twitter_misc":{"Escrito por":"Arquimaster","Tiempo de lectura":"3 minutos"},"schema":{"@context":"https:\/\/schema.org","@graph":[{"@type":"Article","@id":"https:\/\/www.arquimaster.com.ar\/web\/la-mazmorra-mas-bonita-del-mundo-reforma-de-vivienda-en-catalunya-arq\/#article","isPartOf":{"@id":"https:\/\/www.arquimaster.com.ar\/web\/la-mazmorra-mas-bonita-del-mundo-reforma-de-vivienda-en-catalunya-arq\/"},"author":{"name":"Arquimaster","@id":"https:\/\/www.arquimaster.com.ar\/web\/#\/schema\/person\/359e9f7c00193fcde068e0dd2ceb0028"},"headline":"La mazmorra m\u00e1s bonita del mundo (reforma de vivienda en Catalunya) \/ Arq+","datePublished":"2022-02-10T20:30:22+00:00","dateModified":"2022-07-23T00:12:40+00:00","mainEntityOfPage":{"@id":"https:\/\/www.arquimaster.com.ar\/web\/la-mazmorra-mas-bonita-del-mundo-reforma-de-vivienda-en-catalunya-arq\/"},"wordCount":494,"publisher":{"@id":"https:\/\/www.arquimaster.com.ar\/web\/#organization"},"image":{"@id":"https:\/\/www.arquimaster.com.ar\/web\/la-mazmorra-mas-bonita-del-mundo-reforma-de-vivienda-en-catalunya-arq\/#primaryimage"},"thumbnailUrl":"https:\/\/www.arquimaster.com.ar\/web\/wp-content\/uploads\/2022\/02\/vivienda_mazmorra_slide.jpg","keywords":["Angel Rico Painceiras","Arq+","Catalu\u00f1a","Espa\u00f1a","mini apartamento","mini casa","reforma de vivienda"],"articleSection":["Proyecto","Rehabilitaciones y ampliaciones"],"inLanguage":"es"},{"@type":"WebPage","@id":"https:\/\/www.arquimaster.com.ar\/web\/la-mazmorra-mas-bonita-del-mundo-reforma-de-vivienda-en-catalunya-arq\/","url":"https:\/\/www.arquimaster.com.ar\/web\/la-mazmorra-mas-bonita-del-mundo-reforma-de-vivienda-en-catalunya-arq\/","name":"La mazmorra m\u00e1s bonita del mundo (reforma de vivienda en Catalunya) \/ Arq+ - Arquimaster","isPartOf":{"@id":"https:\/\/www.arquimaster.com.ar\/web\/#website"},"primaryImageOfPage":{"@id":"https:\/\/www.arquimaster.com.ar\/web\/la-mazmorra-mas-bonita-del-mundo-reforma-de-vivienda-en-catalunya-arq\/#primaryimage"},"image":{"@id":"https:\/\/www.arquimaster.com.ar\/web\/la-mazmorra-mas-bonita-del-mundo-reforma-de-vivienda-en-catalunya-arq\/#primaryimage"},"thumbnailUrl":"https:\/\/www.arquimaster.com.ar\/web\/wp-content\/uploads\/2022\/02\/vivienda_mazmorra_slide.jpg","datePublished":"2022-02-10T20:30:22+00:00","dateModified":"2022-07-23T00:12:40+00:00","description":"El proyecto reforma la planta que da al jard\u00edn en una vivienda unifamiliar de la costa mediterr\u00e1nea.","breadcrumb":{"@id":"https:\/\/www.arquimaster.com.ar\/web\/la-mazmorra-mas-bonita-del-mundo-reforma-de-vivienda-en-catalunya-arq\/#breadcrumb"},"inLanguage":"es","potentialAction":[{"@type":"ReadAction","target":["https:\/\/www.arquimaster.com.ar\/web\/la-mazmorra-mas-bonita-del-mundo-reforma-de-vivienda-en-catalunya-arq\/"]}]},{"@type":"ImageObject","inLanguage":"es","@id":"https:\/\/www.arquimaster.com.ar\/web\/la-mazmorra-mas-bonita-del-mundo-reforma-de-vivienda-en-catalunya-arq\/#primaryimage","url":"https:\/\/www.arquimaster.com.ar\/web\/wp-content\/uploads\/2022\/02\/vivienda_mazmorra_slide.jpg","contentUrl":"https:\/\/www.arquimaster.com.ar\/web\/wp-content\/uploads\/2022\/02\/vivienda_mazmorra_slide.jpg","width":698,"height":364,"caption":"La mazmorra m\u00e1s bonita del mundo (reforma de vivienda en Catalunya) \/ Arq+"},{"@type":"BreadcrumbList","@id":"https:\/\/www.arquimaster.com.ar\/web\/la-mazmorra-mas-bonita-del-mundo-reforma-de-vivienda-en-catalunya-arq\/#breadcrumb","itemListElement":[{"@type":"ListItem","position":1,"name":"Portada","item":"https:\/\/www.arquimaster.com.ar\/web\/"},{"@type":"ListItem","position":2,"name":"La mazmorra m\u00e1s bonita del mundo (reforma de vivienda en Catalunya) \/ Arq+"}]},{"@type":"WebSite","@id":"https:\/\/www.arquimaster.com.ar\/web\/#website","url":"https:\/\/www.arquimaster.com.ar\/web\/","name":"Arquimaster","description":"Web de arquitectura, dise\u00f1o y construccion","publisher":{"@id":"https:\/\/www.arquimaster.com.ar\/web\/#organization"},"potentialAction":[{"@type":"SearchAction","target":{"@type":"EntryPoint","urlTemplate":"https:\/\/www.arquimaster.com.ar\/web\/?s={search_term_string}"},"query-input":{"@type":"PropertyValueSpecification","valueRequired":true,"valueName":"search_term_string"}}],"inLanguage":"es"},{"@type":"Organization","@id":"https:\/\/www.arquimaster.com.ar\/web\/#organization","name":"Arquimaster","url":"https:\/\/www.arquimaster.com.ar\/web\/","logo":{"@type":"ImageObject","inLanguage":"es","@id":"https:\/\/www.arquimaster.com.ar\/web\/#\/schema\/logo\/image\/","url":"https:\/\/www.arquimaster.com.ar\/web\/wp-content\/uploads\/2022\/06\/arquimaster.png","contentUrl":"https:\/\/www.arquimaster.com.ar\/web\/wp-content\/uploads\/2022\/06\/arquimaster.png","width":594,"height":78,"caption":"Arquimaster"},"image":{"@id":"https:\/\/www.arquimaster.com.ar\/web\/#\/schema\/logo\/image\/"},"sameAs":["http:\/\/www.facebook.com\/ARQUIMASTER.com.ar","https:\/\/x.com\/arquimaster","https:\/\/www.instagram.com\/arquimasterblog\/","https:\/\/www.linkedin.com\/company\/arquimaster","https:\/\/www.pinterest.com\/arquimaster","https:\/\/t.me\/arquimaster"]},{"@type":"Person","@id":"https:\/\/www.arquimaster.com.ar\/web\/#\/schema\/person\/359e9f7c00193fcde068e0dd2ceb0028","name":"Arquimaster"}]}},"uagb_featured_image_src":{"full":["https:\/\/www.arquimaster.com.ar\/web\/wp-content\/uploads\/2022\/02\/vivienda_mazmorra_slide.jpg",698,364,false],"thumbnail":["https:\/\/www.arquimaster.com.ar\/web\/wp-content\/uploads\/2022\/02\/vivienda_mazmorra_slide-150x150.jpg",150,150,true],"medium":["https:\/\/www.arquimaster.com.ar\/web\/wp-content\/uploads\/2022\/02\/vivienda_mazmorra_slide.jpg",698,364,false],"medium_large":["https:\/\/www.arquimaster.com.ar\/web\/wp-content\/uploads\/2022\/02\/vivienda_mazmorra_slide.jpg",698,364,false],"large":["https:\/\/www.arquimaster.com.ar\/web\/wp-content\/uploads\/2022\/02\/vivienda_mazmorra_slide.jpg",698,364,false],"1536x1536":["https:\/\/www.arquimaster.com.ar\/web\/wp-content\/uploads\/2022\/02\/vivienda_mazmorra_slide.jpg",698,364,false],"2048x2048":["https:\/\/www.arquimaster.com.ar\/web\/wp-content\/uploads\/2022\/02\/vivienda_mazmorra_slide.jpg",698,364,false]},"uagb_author_info":{"display_name":"Arquimaster","author_link":"https:\/\/www.arquimaster.com.ar\/web\/author\/arquimaster\/"},"uagb_comment_info":0,"uagb_excerpt":"El proyecto reforma la planta que da al jard\u00edn en una vivienda de la costa mediterr\u00e1nea...","_links":{"self":[{"href":"https:\/\/www.arquimaster.com.ar\/web\/wp-json\/wp\/v2\/posts\/68662","targetHints":{"allow":["GET"]}}],"collection":[{"href":"https:\/\/www.arquimaster.com.ar\/web\/wp-json\/wp\/v2\/posts"}],"about":[{"href":"https:\/\/www.arquimaster.com.ar\/web\/wp-json\/wp\/v2\/types\/post"}],"author":[{"embeddable":true,"href":"https:\/\/www.arquimaster.com.ar\/web\/wp-json\/wp\/v2\/users\/1"}],"replies":[{"embeddable":true,"href":"https:\/\/www.arquimaster.com.ar\/web\/wp-json\/wp\/v2\/comments?post=68662"}],"version-history":[{"count":2,"href":"https:\/\/www.arquimaster.com.ar\/web\/wp-json\/wp\/v2\/posts\/68662\/revisions"}],"predecessor-version":[{"id":71708,"href":"https:\/\/www.arquimaster.com.ar\/web\/wp-json\/wp\/v2\/posts\/68662\/revisions\/71708"}],"wp:featuredmedia":[{"embeddable":true,"href":"https:\/\/www.arquimaster.com.ar\/web\/wp-json\/wp\/v2\/media\/68663"}],"wp:attachment":[{"href":"https:\/\/www.arquimaster.com.ar\/web\/wp-json\/wp\/v2\/media?parent=68662"}],"wp:term":[{"taxonomy":"category","embeddable":true,"href":"https:\/\/www.arquimaster.com.ar\/web\/wp-json\/wp\/v2\/categories?post=68662"},{"taxonomy":"post_tag","embeddable":true,"href":"https:\/\/www.arquimaster.com.ar\/web\/wp-json\/wp\/v2\/tags?post=68662"}],"curies":[{"name":"wp","href":"https:\/\/api.w.org\/{rel}","templated":true}]}}