{"id":68681,"date":"2022-02-10T17:51:51","date_gmt":"2022-02-10T20:51:51","guid":{"rendered":"https:\/\/www.arquimaster.com.ar\/web\/?p=68681"},"modified":"2022-08-01T13:45:02","modified_gmt":"2022-08-01T16:45:02","slug":"torre-dimion-forcinito-arquitectos","status":"publish","type":"post","link":"https:\/\/www.arquimaster.com.ar\/web\/torre-dimion-forcinito-arquitectos\/","title":{"rendered":"Torre Dimion \/ Forcinito Arquitectos"},"content":{"rendered":"<div style=\"margin-top: 0px; margin-bottom: 0px;\" class=\"sharethis-inline-share-buttons\" ><\/div><div class=\"b812932af2e751442846f039925109de\" data-index=\"1\" style=\"float: none; margin:25px 0 25px 0; text-align:center;\">\n<script async src=\"https:\/\/pagead2.googlesyndication.com\/pagead\/js\/adsbygoogle.js\"><\/script>\r\n<!-- Arquimaster (superior) -->\r\n<ins class=\"adsbygoogle\"\r\n     style=\"display:block\"\r\n     data-ad-client=\"ca-pub-6351072698456832\"\r\n     data-ad-slot=\"6455489680\"\r\n     data-ad-format=\"auto\"\r\n     data-full-width-responsive=\"true\"><\/ins>\r\n<script>\r\n     (adsbygoogle = window.adsbygoogle || []).push({});\r\n<\/script>\n<\/div>\n<p><strong>Torre Dimion<\/strong> (Ciudad de Buenos Aires, Argentina) por <strong>Forcinito Arquitectos<\/strong>. El edificio est\u00e1 proyectado y dirigido por el estudio Forcinito Arquitectos y desarrollado por Dimion Real Estate. La conformaci\u00f3n volum\u00e9trica resulta de un profundo an\u00e1lisis del entorno y de la normativa urbana que lo define. Proyectado durante el per\u00edodo de transici\u00f3n del C\u00f3digo de Planeamiento Urbano (anterior) al C\u00f3digo Urban\u00edstico (vigente), la volumetr\u00eda responde a una combinaci\u00f3n tipol\u00f3gica. Ubicado en lo que anteriormente era la zonificaci\u00f3n C3II, los vol\u00famenes entre medianeras responden a las alturas m\u00e1ximas permitidas, disimiles entre ambas calles que conforman el predio. En la esquina, la torre se despega de las medianeras conformando un cuerpo independiente que respeta las alturas m\u00e1ximas de un volumen de per\u00edmetro libre. De esta forma, se consolida el perfil urbano entre medianeras sin disrupciones, a la vez que la torre exenta, conforma un hito en el barrio que materializa la esquina como un valor morfol\u00f3gico y simb\u00f3lico.<\/p>\n<div id='gallery-1' class='gallery galleryid-68681 gallery-columns-3 gallery-size-thumbnail'><figure class='gallery-item'>\n\t\t\t<div class='gallery-icon landscape'>\n\t\t\t\t<a href='https:\/\/www.arquimaster.com.ar\/web\/wp-content\/uploads\/2022\/02\/torre_dimion1.jpg' title=\"Torre Dimion \/ Forcinito Arquitectos (\u00a9 Albano Garcia)\" data-rl_title=\"Torre Dimion \/ Forcinito Arquitectos (\u00a9 Albano Garcia)\" class=\"rl-gallery-link\" data-rl_caption=\"Torre Dimion \/ Forcinito Arquitectos (\u00a9 Albano Garcia)\" data-rel=\"lightbox-gallery-1\"><img loading=\"lazy\" decoding=\"async\" width=\"150\" height=\"150\" src=\"https:\/\/www.arquimaster.com.ar\/web\/wp-content\/uploads\/2022\/02\/torre_dimion1-150x150.jpg\" class=\"attachment-thumbnail size-thumbnail\" alt=\"Torre Dimion \/ Forcinito Arquitectos\" aria-describedby=\"gallery-1-68683\" \/><\/a>\n\t\t\t<\/div>\n\t\t\t\t<figcaption class='wp-caption-text gallery-caption' id='gallery-1-68683'>\n\t\t\t\tTorre Dimion \/ Forcinito Arquitectos (\u00a9 Albano Garcia)\n\t\t\t\t<\/figcaption><\/figure><figure class='gallery-item'>\n\t\t\t<div class='gallery-icon portrait'>\n\t\t\t\t<a href='https:\/\/www.arquimaster.com.ar\/web\/wp-content\/uploads\/2022\/02\/torre_dimion2.jpg' title=\"Torre Dimion \/ Forcinito Arquitectos (\u00a9 Albano Garcia)\" data-rl_title=\"Torre Dimion \/ Forcinito Arquitectos (\u00a9 Albano Garcia)\" class=\"rl-gallery-link\" data-rl_caption=\"Torre Dimion \/ Forcinito Arquitectos (\u00a9 Albano Garcia)\" data-rel=\"lightbox-gallery-1\"><img loading=\"lazy\" decoding=\"async\" width=\"150\" height=\"150\" src=\"https:\/\/www.arquimaster.com.ar\/web\/wp-content\/uploads\/2022\/02\/torre_dimion2-150x150.jpg\" class=\"attachment-thumbnail size-thumbnail\" alt=\"Torre Dimion \/ Forcinito Arquitectos\" aria-describedby=\"gallery-1-68684\" \/><\/a>\n\t\t\t<\/div>\n\t\t\t\t<figcaption class='wp-caption-text gallery-caption' id='gallery-1-68684'>\n\t\t\t\tTorre Dimion \/ Forcinito Arquitectos (\u00a9 Albano Garcia)\n\t\t\t\t<\/figcaption><\/figure><figure class='gallery-item'>\n\t\t\t<div class='gallery-icon portrait'>\n\t\t\t\t<a href='https:\/\/www.arquimaster.com.ar\/web\/wp-content\/uploads\/2022\/02\/torre_dimion3.jpg' title=\"Torre Dimion \/ Forcinito Arquitectos (\u00a9 Albano Garcia)\" data-rl_title=\"Torre Dimion \/ Forcinito Arquitectos (\u00a9 Albano Garcia)\" class=\"rl-gallery-link\" data-rl_caption=\"Torre Dimion \/ Forcinito Arquitectos (\u00a9 Albano Garcia)\" data-rel=\"lightbox-gallery-1\"><img loading=\"lazy\" decoding=\"async\" width=\"150\" height=\"150\" src=\"https:\/\/www.arquimaster.com.ar\/web\/wp-content\/uploads\/2022\/02\/torre_dimion3-150x150.jpg\" class=\"attachment-thumbnail size-thumbnail\" alt=\"Torre Dimion \/ Forcinito Arquitectos\" aria-describedby=\"gallery-1-68685\" \/><\/a>\n\t\t\t<\/div>\n\t\t\t\t<figcaption class='wp-caption-text gallery-caption' id='gallery-1-68685'>\n\t\t\t\tTorre Dimion \/ Forcinito Arquitectos (\u00a9 Albano Garcia)\n\t\t\t\t<\/figcaption><\/figure><figure class='gallery-item'>\n\t\t\t<div class='gallery-icon landscape'>\n\t\t\t\t<a href='https:\/\/www.arquimaster.com.ar\/web\/wp-content\/uploads\/2022\/02\/torre_dimion4.jpg' title=\"Torre Dimion \/ Forcinito Arquitectos (\u00a9 Albano Garcia)\" data-rl_title=\"Torre Dimion \/ Forcinito Arquitectos (\u00a9 Albano Garcia)\" class=\"rl-gallery-link\" data-rl_caption=\"Torre Dimion \/ Forcinito Arquitectos (\u00a9 Albano Garcia)\" data-rel=\"lightbox-gallery-1\"><img loading=\"lazy\" decoding=\"async\" width=\"150\" height=\"150\" src=\"https:\/\/www.arquimaster.com.ar\/web\/wp-content\/uploads\/2022\/02\/torre_dimion4-150x150.jpg\" class=\"attachment-thumbnail size-thumbnail\" alt=\"Torre Dimion \/ Forcinito Arquitectos\" aria-describedby=\"gallery-1-68686\" \/><\/a>\n\t\t\t<\/div>\n\t\t\t\t<figcaption class='wp-caption-text gallery-caption' id='gallery-1-68686'>\n\t\t\t\tTorre Dimion \/ Forcinito Arquitectos (\u00a9 Albano Garcia)\n\t\t\t\t<\/figcaption><\/figure><figure class='gallery-item'>\n\t\t\t<div class='gallery-icon landscape'>\n\t\t\t\t<a href='https:\/\/www.arquimaster.com.ar\/web\/wp-content\/uploads\/2022\/02\/torre_dimion5.jpg' title=\"Torre Dimion \/ Forcinito Arquitectos (\u00a9 Albano Garcia)\" data-rl_title=\"Torre Dimion \/ Forcinito Arquitectos (\u00a9 Albano Garcia)\" class=\"rl-gallery-link\" data-rl_caption=\"Torre Dimion \/ Forcinito Arquitectos (\u00a9 Albano Garcia)\" data-rel=\"lightbox-gallery-1\"><img loading=\"lazy\" decoding=\"async\" width=\"150\" height=\"150\" src=\"https:\/\/www.arquimaster.com.ar\/web\/wp-content\/uploads\/2022\/02\/torre_dimion5-150x150.jpg\" class=\"attachment-thumbnail size-thumbnail\" alt=\"Torre Dimion \/ Forcinito Arquitectos\" aria-describedby=\"gallery-1-68687\" \/><\/a>\n\t\t\t<\/div>\n\t\t\t\t<figcaption class='wp-caption-text gallery-caption' id='gallery-1-68687'>\n\t\t\t\tTorre Dimion \/ Forcinito Arquitectos (\u00a9 Albano Garcia)\n\t\t\t\t<\/figcaption><\/figure><figure class='gallery-item'>\n\t\t\t<div class='gallery-icon landscape'>\n\t\t\t\t<a href='https:\/\/www.arquimaster.com.ar\/web\/wp-content\/uploads\/2022\/02\/torre_dimion6.jpg' title=\"Torre Dimion \/ Forcinito Arquitectos (\u00a9 Albano Garcia)\" data-rl_title=\"Torre Dimion \/ Forcinito Arquitectos (\u00a9 Albano Garcia)\" class=\"rl-gallery-link\" data-rl_caption=\"Torre Dimion \/ Forcinito Arquitectos (\u00a9 Albano Garcia)\" data-rel=\"lightbox-gallery-1\"><img loading=\"lazy\" decoding=\"async\" width=\"150\" height=\"150\" src=\"https:\/\/www.arquimaster.com.ar\/web\/wp-content\/uploads\/2022\/02\/torre_dimion6-150x150.jpg\" class=\"attachment-thumbnail size-thumbnail\" alt=\"Torre Dimion \/ Forcinito Arquitectos\" aria-describedby=\"gallery-1-68688\" \/><\/a>\n\t\t\t<\/div>\n\t\t\t\t<figcaption class='wp-caption-text gallery-caption' id='gallery-1-68688'>\n\t\t\t\tTorre Dimion \/ Forcinito Arquitectos (\u00a9 Albano Garcia)\n\t\t\t\t<\/figcaption><\/figure><figure class='gallery-item'>\n\t\t\t<div class='gallery-icon landscape'>\n\t\t\t\t<a href='https:\/\/www.arquimaster.com.ar\/web\/wp-content\/uploads\/2022\/02\/torre_dimion7.jpg' title=\"Torre Dimion \/ Forcinito Arquitectos (\u00a9 Albano Garcia)\" data-rl_title=\"Torre Dimion \/ Forcinito Arquitectos (\u00a9 Albano Garcia)\" class=\"rl-gallery-link\" data-rl_caption=\"Torre Dimion \/ Forcinito Arquitectos (\u00a9 Albano Garcia)\" data-rel=\"lightbox-gallery-1\"><img loading=\"lazy\" decoding=\"async\" width=\"150\" height=\"150\" src=\"https:\/\/www.arquimaster.com.ar\/web\/wp-content\/uploads\/2022\/02\/torre_dimion7-150x150.jpg\" class=\"attachment-thumbnail size-thumbnail\" alt=\"Torre Dimion \/ Forcinito Arquitectos\" aria-describedby=\"gallery-1-68689\" \/><\/a>\n\t\t\t<\/div>\n\t\t\t\t<figcaption class='wp-caption-text gallery-caption' id='gallery-1-68689'>\n\t\t\t\tTorre Dimion \/ Forcinito Arquitectos (\u00a9 Albano Garcia)\n\t\t\t\t<\/figcaption><\/figure><figure class='gallery-item'>\n\t\t\t<div class='gallery-icon portrait'>\n\t\t\t\t<a href='https:\/\/www.arquimaster.com.ar\/web\/wp-content\/uploads\/2022\/02\/torre_dimion8.jpg' title=\"Torre Dimion \/ Forcinito Arquitectos (\u00a9 Albano Garcia)\" data-rl_title=\"Torre Dimion \/ Forcinito Arquitectos (\u00a9 Albano Garcia)\" class=\"rl-gallery-link\" data-rl_caption=\"Torre Dimion \/ Forcinito Arquitectos (\u00a9 Albano Garcia)\" data-rel=\"lightbox-gallery-1\"><img loading=\"lazy\" decoding=\"async\" width=\"150\" height=\"150\" src=\"https:\/\/www.arquimaster.com.ar\/web\/wp-content\/uploads\/2022\/02\/torre_dimion8-150x150.jpg\" class=\"attachment-thumbnail size-thumbnail\" alt=\"Torre Dimion \/ Forcinito Arquitectos\" aria-describedby=\"gallery-1-68690\" \/><\/a>\n\t\t\t<\/div>\n\t\t\t\t<figcaption class='wp-caption-text gallery-caption' id='gallery-1-68690'>\n\t\t\t\tTorre Dimion \/ Forcinito Arquitectos (\u00a9 Albano Garcia)\n\t\t\t\t<\/figcaption><\/figure><figure class='gallery-item'>\n\t\t\t<div class='gallery-icon landscape'>\n\t\t\t\t<a href='https:\/\/www.arquimaster.com.ar\/web\/wp-content\/uploads\/2022\/02\/torre_dimion9.jpg' title=\"Torre Dimion \/ Forcinito Arquitectos (\u00a9 Albano Garcia)\" data-rl_title=\"Torre Dimion \/ Forcinito Arquitectos (\u00a9 Albano Garcia)\" class=\"rl-gallery-link\" data-rl_caption=\"Torre Dimion \/ Forcinito Arquitectos (\u00a9 Albano Garcia)\" data-rel=\"lightbox-gallery-1\"><img loading=\"lazy\" decoding=\"async\" width=\"150\" height=\"150\" src=\"https:\/\/www.arquimaster.com.ar\/web\/wp-content\/uploads\/2022\/02\/torre_dimion9-150x150.jpg\" class=\"attachment-thumbnail size-thumbnail\" alt=\"Torre Dimion \/ Forcinito Arquitectos\" aria-describedby=\"gallery-1-68691\" \/><\/a>\n\t\t\t<\/div>\n\t\t\t\t<figcaption class='wp-caption-text gallery-caption' id='gallery-1-68691'>\n\t\t\t\tTorre Dimion \/ Forcinito Arquitectos (\u00a9 Albano Garcia)\n\t\t\t\t<\/figcaption><\/figure><figure class='gallery-item'>\n\t\t\t<div class='gallery-icon landscape'>\n\t\t\t\t<a href='https:\/\/www.arquimaster.com.ar\/web\/wp-content\/uploads\/2022\/02\/torre_dimion10.jpg' title=\"Torre Dimion \/ Forcinito Arquitectos (\u00a9 Albano Garcia)\" data-rl_title=\"Torre Dimion \/ Forcinito Arquitectos (\u00a9 Albano Garcia)\" class=\"rl-gallery-link\" data-rl_caption=\"Torre Dimion \/ Forcinito Arquitectos (\u00a9 Albano Garcia)\" data-rel=\"lightbox-gallery-1\"><img loading=\"lazy\" decoding=\"async\" width=\"150\" height=\"150\" src=\"https:\/\/www.arquimaster.com.ar\/web\/wp-content\/uploads\/2022\/02\/torre_dimion10-150x150.jpg\" class=\"attachment-thumbnail size-thumbnail\" alt=\"Torre Dimion \/ Forcinito Arquitectos\" aria-describedby=\"gallery-1-68692\" \/><\/a>\n\t\t\t<\/div>\n\t\t\t\t<figcaption class='wp-caption-text gallery-caption' id='gallery-1-68692'>\n\t\t\t\tTorre Dimion \/ Forcinito Arquitectos (\u00a9 Albano Garcia)\n\t\t\t\t<\/figcaption><\/figure><figure class='gallery-item'>\n\t\t\t<div class='gallery-icon portrait'>\n\t\t\t\t<a href='https:\/\/www.arquimaster.com.ar\/web\/wp-content\/uploads\/2022\/02\/torre_dimion11.jpg' title=\"Torre Dimion \/ Forcinito Arquitectos (\u00a9 Albano Garcia)\" data-rl_title=\"Torre Dimion \/ Forcinito Arquitectos (\u00a9 Albano Garcia)\" class=\"rl-gallery-link\" data-rl_caption=\"Torre Dimion \/ Forcinito Arquitectos (\u00a9 Albano Garcia)\" data-rel=\"lightbox-gallery-1\"><img loading=\"lazy\" decoding=\"async\" width=\"150\" height=\"150\" src=\"https:\/\/www.arquimaster.com.ar\/web\/wp-content\/uploads\/2022\/02\/torre_dimion11-150x150.jpg\" class=\"attachment-thumbnail size-thumbnail\" alt=\"Torre Dimion \/ Forcinito Arquitectos\" aria-describedby=\"gallery-1-68693\" \/><\/a>\n\t\t\t<\/div>\n\t\t\t\t<figcaption class='wp-caption-text gallery-caption' id='gallery-1-68693'>\n\t\t\t\tTorre Dimion \/ Forcinito Arquitectos (\u00a9 Albano Garcia)\n\t\t\t\t<\/figcaption><\/figure><figure class='gallery-item'>\n\t\t\t<div class='gallery-icon landscape'>\n\t\t\t\t<a href='https:\/\/www.arquimaster.com.ar\/web\/wp-content\/uploads\/2022\/02\/torre_dimion12.jpg' title=\"Torre Dimion \/ Forcinito Arquitectos (\u00a9 Albano Garcia)\" data-rl_title=\"Torre Dimion \/ Forcinito Arquitectos (\u00a9 Albano Garcia)\" class=\"rl-gallery-link\" data-rl_caption=\"Torre Dimion \/ Forcinito Arquitectos (\u00a9 Albano Garcia)\" data-rel=\"lightbox-gallery-1\"><img loading=\"lazy\" decoding=\"async\" width=\"150\" height=\"150\" src=\"https:\/\/www.arquimaster.com.ar\/web\/wp-content\/uploads\/2022\/02\/torre_dimion12-150x150.jpg\" class=\"attachment-thumbnail size-thumbnail\" alt=\"Torre Dimion \/ Forcinito Arquitectos\" aria-describedby=\"gallery-1-68694\" \/><\/a>\n\t\t\t<\/div>\n\t\t\t\t<figcaption class='wp-caption-text gallery-caption' id='gallery-1-68694'>\n\t\t\t\tTorre Dimion \/ Forcinito Arquitectos (\u00a9 Albano Garcia)\n\t\t\t\t<\/figcaption><\/figure><figure class='gallery-item'>\n\t\t\t<div class='gallery-icon portrait'>\n\t\t\t\t<a href='https:\/\/www.arquimaster.com.ar\/web\/wp-content\/uploads\/2022\/02\/torre_dimion13.jpg' title=\"Torre Dimion \/ Forcinito Arquitectos (\u00a9 Albano Garcia)\" data-rl_title=\"Torre Dimion \/ Forcinito Arquitectos (\u00a9 Albano Garcia)\" class=\"rl-gallery-link\" data-rl_caption=\"Torre Dimion \/ Forcinito Arquitectos (\u00a9 Albano Garcia)\" data-rel=\"lightbox-gallery-1\"><img loading=\"lazy\" decoding=\"async\" width=\"150\" height=\"150\" src=\"https:\/\/www.arquimaster.com.ar\/web\/wp-content\/uploads\/2022\/02\/torre_dimion13-150x150.jpg\" class=\"attachment-thumbnail size-thumbnail\" alt=\"Torre Dimion \/ Forcinito Arquitectos\" aria-describedby=\"gallery-1-68695\" \/><\/a>\n\t\t\t<\/div>\n\t\t\t\t<figcaption class='wp-caption-text gallery-caption' id='gallery-1-68695'>\n\t\t\t\tTorre Dimion \/ Forcinito Arquitectos (\u00a9 Albano Garcia)\n\t\t\t\t<\/figcaption><\/figure><figure class='gallery-item'>\n\t\t\t<div class='gallery-icon landscape'>\n\t\t\t\t<a href='https:\/\/www.arquimaster.com.ar\/web\/wp-content\/uploads\/2022\/02\/torre_dimion14.jpg' title=\"Torre Dimion \/ Forcinito Arquitectos (\u00a9 Albano Garcia)\" data-rl_title=\"Torre Dimion \/ Forcinito Arquitectos (\u00a9 Albano Garcia)\" class=\"rl-gallery-link\" data-rl_caption=\"Torre Dimion \/ Forcinito Arquitectos (\u00a9 Albano Garcia)\" data-rel=\"lightbox-gallery-1\"><img loading=\"lazy\" decoding=\"async\" width=\"150\" height=\"150\" src=\"https:\/\/www.arquimaster.com.ar\/web\/wp-content\/uploads\/2022\/02\/torre_dimion14-150x150.jpg\" class=\"attachment-thumbnail size-thumbnail\" alt=\"Torre Dimion \/ Forcinito Arquitectos\" aria-describedby=\"gallery-1-68696\" \/><\/a>\n\t\t\t<\/div>\n\t\t\t\t<figcaption class='wp-caption-text gallery-caption' id='gallery-1-68696'>\n\t\t\t\tTorre Dimion \/ Forcinito Arquitectos (\u00a9 Albano Garcia)\n\t\t\t\t<\/figcaption><\/figure><figure class='gallery-item'>\n\t\t\t<div class='gallery-icon landscape'>\n\t\t\t\t<a href='https:\/\/www.arquimaster.com.ar\/web\/wp-content\/uploads\/2022\/02\/torre_dimion15.jpg' title=\"Torre Dimion \/ Forcinito Arquitectos (\u00a9 Albano Garcia)\" data-rl_title=\"Torre Dimion \/ Forcinito Arquitectos (\u00a9 Albano Garcia)\" class=\"rl-gallery-link\" data-rl_caption=\"Torre Dimion \/ Forcinito Arquitectos (\u00a9 Albano Garcia)\" data-rel=\"lightbox-gallery-1\"><img loading=\"lazy\" decoding=\"async\" width=\"150\" height=\"150\" src=\"https:\/\/www.arquimaster.com.ar\/web\/wp-content\/uploads\/2022\/02\/torre_dimion15-150x150.jpg\" class=\"attachment-thumbnail size-thumbnail\" alt=\"Torre Dimion \/ Forcinito Arquitectos\" aria-describedby=\"gallery-1-68697\" \/><\/a>\n\t\t\t<\/div>\n\t\t\t\t<figcaption class='wp-caption-text gallery-caption' id='gallery-1-68697'>\n\t\t\t\tTorre Dimion \/ Forcinito Arquitectos (\u00a9 Albano Garcia)\n\t\t\t\t<\/figcaption><\/figure><figure class='gallery-item'>\n\t\t\t<div class='gallery-icon landscape'>\n\t\t\t\t<a href='https:\/\/www.arquimaster.com.ar\/web\/wp-content\/uploads\/2022\/02\/torre_dimion16.jpg' title=\"Torre Dimion \/ Forcinito Arquitectos (\u00a9 Albano Garcia)\" data-rl_title=\"Torre Dimion \/ Forcinito Arquitectos (\u00a9 Albano Garcia)\" class=\"rl-gallery-link\" data-rl_caption=\"Torre Dimion \/ Forcinito Arquitectos (\u00a9 Albano Garcia)\" data-rel=\"lightbox-gallery-1\"><img loading=\"lazy\" decoding=\"async\" width=\"150\" height=\"150\" src=\"https:\/\/www.arquimaster.com.ar\/web\/wp-content\/uploads\/2022\/02\/torre_dimion16-150x150.jpg\" class=\"attachment-thumbnail size-thumbnail\" alt=\"Torre Dimion \/ Forcinito Arquitectos\" aria-describedby=\"gallery-1-68698\" \/><\/a>\n\t\t\t<\/div>\n\t\t\t\t<figcaption class='wp-caption-text gallery-caption' id='gallery-1-68698'>\n\t\t\t\tTorre Dimion \/ Forcinito Arquitectos (\u00a9 Albano Garcia)\n\t\t\t\t<\/figcaption><\/figure><figure class='gallery-item'>\n\t\t\t<div class='gallery-icon landscape'>\n\t\t\t\t<a href='https:\/\/www.arquimaster.com.ar\/web\/wp-content\/uploads\/2022\/02\/torre_dimion17.jpg' title=\"Torre Dimion \/ Forcinito Arquitectos (\u00a9 Albano Garcia)\" data-rl_title=\"Torre Dimion \/ Forcinito Arquitectos (\u00a9 Albano Garcia)\" class=\"rl-gallery-link\" data-rl_caption=\"Torre Dimion \/ Forcinito Arquitectos (\u00a9 Albano Garcia)\" data-rel=\"lightbox-gallery-1\"><img loading=\"lazy\" decoding=\"async\" width=\"150\" height=\"150\" src=\"https:\/\/www.arquimaster.com.ar\/web\/wp-content\/uploads\/2022\/02\/torre_dimion17-150x150.jpg\" class=\"attachment-thumbnail size-thumbnail\" alt=\"Torre Dimion \/ Forcinito Arquitectos\" aria-describedby=\"gallery-1-68699\" \/><\/a>\n\t\t\t<\/div>\n\t\t\t\t<figcaption class='wp-caption-text gallery-caption' id='gallery-1-68699'>\n\t\t\t\tTorre Dimion \/ Forcinito Arquitectos (\u00a9 Albano Garcia)\n\t\t\t\t<\/figcaption><\/figure><figure class='gallery-item'>\n\t\t\t<div class='gallery-icon landscape'>\n\t\t\t\t<a href='https:\/\/www.arquimaster.com.ar\/web\/wp-content\/uploads\/2022\/02\/torre_dimion18.jpg' title=\"Torre Dimion \/ Forcinito Arquitectos (\u00a9 Albano Garcia)\" data-rl_title=\"Torre Dimion \/ Forcinito Arquitectos (\u00a9 Albano Garcia)\" class=\"rl-gallery-link\" data-rl_caption=\"Torre Dimion \/ Forcinito Arquitectos (\u00a9 Albano Garcia)\" data-rel=\"lightbox-gallery-1\"><img loading=\"lazy\" decoding=\"async\" width=\"150\" height=\"150\" src=\"https:\/\/www.arquimaster.com.ar\/web\/wp-content\/uploads\/2022\/02\/torre_dimion18-150x150.jpg\" class=\"attachment-thumbnail size-thumbnail\" alt=\"Torre Dimion \/ Forcinito Arquitectos\" aria-describedby=\"gallery-1-68700\" \/><\/a>\n\t\t\t<\/div>\n\t\t\t\t<figcaption class='wp-caption-text gallery-caption' id='gallery-1-68700'>\n\t\t\t\tTorre Dimion \/ Forcinito Arquitectos (\u00a9 Albano Garcia)\n\t\t\t\t<\/figcaption><\/figure><figure class='gallery-item'>\n\t\t\t<div class='gallery-icon landscape'>\n\t\t\t\t<a href='https:\/\/www.arquimaster.com.ar\/web\/wp-content\/uploads\/2022\/02\/torre_dimion19.jpg' title=\"Torre Dimion \/ Forcinito Arquitectos (\u00a9 Albano Garcia)\" data-rl_title=\"Torre Dimion \/ Forcinito Arquitectos (\u00a9 Albano Garcia)\" class=\"rl-gallery-link\" data-rl_caption=\"Torre Dimion \/ Forcinito Arquitectos (\u00a9 Albano Garcia)\" data-rel=\"lightbox-gallery-1\"><img loading=\"lazy\" decoding=\"async\" width=\"150\" height=\"150\" src=\"https:\/\/www.arquimaster.com.ar\/web\/wp-content\/uploads\/2022\/02\/torre_dimion19-150x150.jpg\" class=\"attachment-thumbnail size-thumbnail\" alt=\"Torre Dimion \/ Forcinito Arquitectos\" aria-describedby=\"gallery-1-68701\" \/><\/a>\n\t\t\t<\/div>\n\t\t\t\t<figcaption class='wp-caption-text gallery-caption' id='gallery-1-68701'>\n\t\t\t\tTorre Dimion \/ Forcinito Arquitectos (\u00a9 Albano Garcia)\n\t\t\t\t<\/figcaption><\/figure><figure class='gallery-item'>\n\t\t\t<div class='gallery-icon landscape'>\n\t\t\t\t<a href='https:\/\/www.arquimaster.com.ar\/web\/wp-content\/uploads\/2022\/02\/torre_dimion20.jpg' title=\"Torre Dimion \/ Forcinito Arquitectos (\u00a9 Albano Garcia)\" data-rl_title=\"Torre Dimion \/ Forcinito Arquitectos (\u00a9 Albano Garcia)\" class=\"rl-gallery-link\" data-rl_caption=\"Torre Dimion \/ Forcinito Arquitectos (\u00a9 Albano Garcia)\" data-rel=\"lightbox-gallery-1\"><img loading=\"lazy\" decoding=\"async\" width=\"150\" height=\"150\" src=\"https:\/\/www.arquimaster.com.ar\/web\/wp-content\/uploads\/2022\/02\/torre_dimion20-150x150.jpg\" class=\"attachment-thumbnail size-thumbnail\" alt=\"Torre Dimion \/ Forcinito Arquitectos\" aria-describedby=\"gallery-1-68702\" \/><\/a>\n\t\t\t<\/div>\n\t\t\t\t<figcaption class='wp-caption-text gallery-caption' id='gallery-1-68702'>\n\t\t\t\tTorre Dimion \/ Forcinito Arquitectos (\u00a9 Albano Garcia)\n\t\t\t\t<\/figcaption><\/figure><figure class='gallery-item'>\n\t\t\t<div class='gallery-icon portrait'>\n\t\t\t\t<a href='https:\/\/www.arquimaster.com.ar\/web\/wp-content\/uploads\/2022\/02\/torre_dimion21.jpg' title=\"Torre Dimion \/ Forcinito Arquitectos (\u00a9 Albano Garcia)\" data-rl_title=\"Torre Dimion \/ Forcinito Arquitectos (\u00a9 Albano Garcia)\" class=\"rl-gallery-link\" data-rl_caption=\"Torre Dimion \/ Forcinito Arquitectos (\u00a9 Albano Garcia)\" data-rel=\"lightbox-gallery-1\"><img loading=\"lazy\" decoding=\"async\" width=\"150\" height=\"150\" src=\"https:\/\/www.arquimaster.com.ar\/web\/wp-content\/uploads\/2022\/02\/torre_dimion21-150x150.jpg\" class=\"attachment-thumbnail size-thumbnail\" alt=\"Torre Dimion \/ Forcinito Arquitectos\" aria-describedby=\"gallery-1-68703\" \/><\/a>\n\t\t\t<\/div>\n\t\t\t\t<figcaption class='wp-caption-text gallery-caption' id='gallery-1-68703'>\n\t\t\t\tTorre Dimion \/ Forcinito Arquitectos (\u00a9 Albano Garcia)\n\t\t\t\t<\/figcaption><\/figure><figure class='gallery-item'>\n\t\t\t<div class='gallery-icon landscape'>\n\t\t\t\t<a href='https:\/\/www.arquimaster.com.ar\/web\/wp-content\/uploads\/2022\/02\/torre_dimion22.jpg' title=\"Torre Dimion \/ Forcinito Arquitectos (\u00a9 Albano Garcia)\" data-rl_title=\"Torre Dimion \/ Forcinito Arquitectos (\u00a9 Albano Garcia)\" class=\"rl-gallery-link\" data-rl_caption=\"Torre Dimion \/ Forcinito Arquitectos (\u00a9 Albano Garcia)\" data-rel=\"lightbox-gallery-1\"><img loading=\"lazy\" decoding=\"async\" width=\"150\" height=\"150\" src=\"https:\/\/www.arquimaster.com.ar\/web\/wp-content\/uploads\/2022\/02\/torre_dimion22-150x150.jpg\" class=\"attachment-thumbnail size-thumbnail\" alt=\"Torre Dimion \/ Forcinito Arquitectos\" aria-describedby=\"gallery-1-68704\" \/><\/a>\n\t\t\t<\/div>\n\t\t\t\t<figcaption class='wp-caption-text gallery-caption' id='gallery-1-68704'>\n\t\t\t\tTorre Dimion \/ Forcinito Arquitectos (\u00a9 Albano Garcia)\n\t\t\t\t<\/figcaption><\/figure><figure class='gallery-item'>\n\t\t\t<div class='gallery-icon portrait'>\n\t\t\t\t<a href='https:\/\/www.arquimaster.com.ar\/web\/wp-content\/uploads\/2022\/02\/torre_dimion23.jpg' title=\"Torre Dimion \/ Forcinito Arquitectos (\u00a9 Albano Garcia)\" data-rl_title=\"Torre Dimion \/ Forcinito Arquitectos (\u00a9 Albano Garcia)\" class=\"rl-gallery-link\" data-rl_caption=\"Torre Dimion \/ Forcinito Arquitectos (\u00a9 Albano Garcia)\" data-rel=\"lightbox-gallery-1\"><img loading=\"lazy\" decoding=\"async\" width=\"150\" height=\"150\" src=\"https:\/\/www.arquimaster.com.ar\/web\/wp-content\/uploads\/2022\/02\/torre_dimion23-150x150.jpg\" class=\"attachment-thumbnail size-thumbnail\" alt=\"Torre Dimion \/ Forcinito Arquitectos\" aria-describedby=\"gallery-1-68705\" \/><\/a>\n\t\t\t<\/div>\n\t\t\t\t<figcaption class='wp-caption-text gallery-caption' id='gallery-1-68705'>\n\t\t\t\tTorre Dimion \/ Forcinito Arquitectos (\u00a9 Albano Garcia)\n\t\t\t\t<\/figcaption><\/figure><figure class='gallery-item'>\n\t\t\t<div class='gallery-icon landscape'>\n\t\t\t\t<a href='https:\/\/www.arquimaster.com.ar\/web\/wp-content\/uploads\/2022\/02\/torre_dimion24.jpg' title=\"Torre Dimion \/ Forcinito Arquitectos (\u00a9 Albano Garcia)\" data-rl_title=\"Torre Dimion \/ Forcinito Arquitectos (\u00a9 Albano Garcia)\" class=\"rl-gallery-link\" data-rl_caption=\"Torre Dimion \/ Forcinito Arquitectos (\u00a9 Albano Garcia)\" data-rel=\"lightbox-gallery-1\"><img loading=\"lazy\" decoding=\"async\" width=\"150\" height=\"150\" src=\"https:\/\/www.arquimaster.com.ar\/web\/wp-content\/uploads\/2022\/02\/torre_dimion24-150x150.jpg\" class=\"attachment-thumbnail size-thumbnail\" alt=\"Torre Dimion \/ Forcinito Arquitectos\" aria-describedby=\"gallery-1-68706\" \/><\/a>\n\t\t\t<\/div>\n\t\t\t\t<figcaption class='wp-caption-text gallery-caption' id='gallery-1-68706'>\n\t\t\t\tTorre Dimion \/ Forcinito Arquitectos (\u00a9 Albano Garcia)\n\t\t\t\t<\/figcaption><\/figure><figure class='gallery-item'>\n\t\t\t<div class='gallery-icon landscape'>\n\t\t\t\t<a href='https:\/\/www.arquimaster.com.ar\/web\/wp-content\/uploads\/2022\/02\/torre_dimion25.jpg' title=\"Torre Dimion \/ Forcinito Arquitectos (\u00a9 Albano Garcia)\" data-rl_title=\"Torre Dimion \/ Forcinito Arquitectos (\u00a9 Albano Garcia)\" class=\"rl-gallery-link\" data-rl_caption=\"Torre Dimion \/ Forcinito Arquitectos (\u00a9 Albano Garcia)\" data-rel=\"lightbox-gallery-1\"><img loading=\"lazy\" decoding=\"async\" width=\"150\" height=\"150\" src=\"https:\/\/www.arquimaster.com.ar\/web\/wp-content\/uploads\/2022\/02\/torre_dimion25-150x150.jpg\" class=\"attachment-thumbnail size-thumbnail\" alt=\"Torre Dimion \/ Forcinito Arquitectos\" aria-describedby=\"gallery-1-68707\" \/><\/a>\n\t\t\t<\/div>\n\t\t\t\t<figcaption class='wp-caption-text gallery-caption' id='gallery-1-68707'>\n\t\t\t\tTorre Dimion \/ Forcinito Arquitectos (\u00a9 Albano Garcia)\n\t\t\t\t<\/figcaption><\/figure><figure class='gallery-item'>\n\t\t\t<div class='gallery-icon portrait'>\n\t\t\t\t<a href='https:\/\/www.arquimaster.com.ar\/web\/wp-content\/uploads\/2022\/02\/torre_dimion26.jpg' title=\"Torre Dimion \/ Forcinito Arquitectos (\u00a9 Albano Garcia)\" data-rl_title=\"Torre Dimion \/ Forcinito Arquitectos (\u00a9 Albano Garcia)\" class=\"rl-gallery-link\" data-rl_caption=\"Torre Dimion \/ Forcinito Arquitectos (\u00a9 Albano Garcia)\" data-rel=\"lightbox-gallery-1\"><img loading=\"lazy\" decoding=\"async\" width=\"150\" height=\"150\" src=\"https:\/\/www.arquimaster.com.ar\/web\/wp-content\/uploads\/2022\/02\/torre_dimion26-150x150.jpg\" class=\"attachment-thumbnail size-thumbnail\" alt=\"Torre Dimion \/ Forcinito Arquitectos\" aria-describedby=\"gallery-1-68708\" \/><\/a>\n\t\t\t<\/div>\n\t\t\t\t<figcaption class='wp-caption-text gallery-caption' id='gallery-1-68708'>\n\t\t\t\tTorre Dimion \/ Forcinito Arquitectos (\u00a9 Albano Garcia)\n\t\t\t\t<\/figcaption><\/figure><figure class='gallery-item'>\n\t\t\t<div class='gallery-icon portrait'>\n\t\t\t\t<a href='https:\/\/www.arquimaster.com.ar\/web\/wp-content\/uploads\/2022\/02\/torre_dimion27.jpg' title=\"Torre Dimion \/ Forcinito Arquitectos (\u00a9 Albano Garcia)\" data-rl_title=\"Torre Dimion \/ Forcinito Arquitectos (\u00a9 Albano Garcia)\" class=\"rl-gallery-link\" data-rl_caption=\"Torre Dimion \/ Forcinito Arquitectos (\u00a9 Albano Garcia)\" data-rel=\"lightbox-gallery-1\"><img loading=\"lazy\" decoding=\"async\" width=\"150\" height=\"150\" src=\"https:\/\/www.arquimaster.com.ar\/web\/wp-content\/uploads\/2022\/02\/torre_dimion27-150x150.jpg\" class=\"attachment-thumbnail size-thumbnail\" alt=\"Torre Dimion \/ Forcinito Arquitectos\" aria-describedby=\"gallery-1-68709\" \/><\/a>\n\t\t\t<\/div>\n\t\t\t\t<figcaption class='wp-caption-text gallery-caption' id='gallery-1-68709'>\n\t\t\t\tTorre Dimion \/ Forcinito Arquitectos (\u00a9 Albano Garcia)\n\t\t\t\t<\/figcaption><\/figure><figure class='gallery-item'>\n\t\t\t<div class='gallery-icon landscape'>\n\t\t\t\t<a href='https:\/\/www.arquimaster.com.ar\/web\/wp-content\/uploads\/2022\/02\/torre_dimion28.jpg' title=\"Torre Dimion \/ Forcinito Arquitectos (\u00a9 Albano Garcia)\" data-rl_title=\"Torre Dimion \/ Forcinito Arquitectos (\u00a9 Albano Garcia)\" class=\"rl-gallery-link\" data-rl_caption=\"Torre Dimion \/ Forcinito Arquitectos (\u00a9 Albano Garcia)\" data-rel=\"lightbox-gallery-1\"><img loading=\"lazy\" decoding=\"async\" width=\"150\" height=\"150\" src=\"https:\/\/www.arquimaster.com.ar\/web\/wp-content\/uploads\/2022\/02\/torre_dimion28-150x150.jpg\" class=\"attachment-thumbnail size-thumbnail\" alt=\"Torre Dimion \/ Forcinito Arquitectos\" aria-describedby=\"gallery-1-68710\" \/><\/a>\n\t\t\t<\/div>\n\t\t\t\t<figcaption class='wp-caption-text gallery-caption' id='gallery-1-68710'>\n\t\t\t\tTorre Dimion \/ Forcinito Arquitectos (\u00a9 Albano Garcia)\n\t\t\t\t<\/figcaption><\/figure><figure class='gallery-item'>\n\t\t\t<div class='gallery-icon landscape'>\n\t\t\t\t<a href='https:\/\/www.arquimaster.com.ar\/web\/wp-content\/uploads\/2022\/02\/torre_dimion29.jpg' title=\"Torre Dimion \/ Forcinito Arquitectos (\u00a9 Albano Garcia)\" data-rl_title=\"Torre Dimion \/ Forcinito Arquitectos (\u00a9 Albano Garcia)\" class=\"rl-gallery-link\" data-rl_caption=\"Torre Dimion \/ Forcinito Arquitectos (\u00a9 Albano Garcia)\" data-rel=\"lightbox-gallery-1\"><img loading=\"lazy\" decoding=\"async\" width=\"150\" height=\"150\" src=\"https:\/\/www.arquimaster.com.ar\/web\/wp-content\/uploads\/2022\/02\/torre_dimion29-150x150.jpg\" class=\"attachment-thumbnail size-thumbnail\" alt=\"Torre Dimion \/ Forcinito Arquitectos\" aria-describedby=\"gallery-1-68711\" \/><\/a>\n\t\t\t<\/div>\n\t\t\t\t<figcaption class='wp-caption-text gallery-caption' id='gallery-1-68711'>\n\t\t\t\tTorre Dimion \/ Forcinito Arquitectos (\u00a9 Albano Garcia)\n\t\t\t\t<\/figcaption><\/figure><figure class='gallery-item'>\n\t\t\t<div class='gallery-icon landscape'>\n\t\t\t\t<a href='https:\/\/www.arquimaster.com.ar\/web\/wp-content\/uploads\/2022\/02\/torre_dimion30.jpg' title=\"Torre Dimion \/ Forcinito Arquitectos (\u00a9 Albano Garcia)\" data-rl_title=\"Torre Dimion \/ Forcinito Arquitectos (\u00a9 Albano Garcia)\" class=\"rl-gallery-link\" data-rl_caption=\"Torre Dimion \/ Forcinito Arquitectos (\u00a9 Albano Garcia)\" data-rel=\"lightbox-gallery-1\"><img loading=\"lazy\" decoding=\"async\" width=\"150\" height=\"150\" src=\"https:\/\/www.arquimaster.com.ar\/web\/wp-content\/uploads\/2022\/02\/torre_dimion30-150x150.jpg\" class=\"attachment-thumbnail size-thumbnail\" alt=\"Torre Dimion \/ Forcinito Arquitectos\" aria-describedby=\"gallery-1-68712\" \/><\/a>\n\t\t\t<\/div>\n\t\t\t\t<figcaption class='wp-caption-text gallery-caption' id='gallery-1-68712'>\n\t\t\t\tTorre Dimion \/ Forcinito Arquitectos (\u00a9 Albano Garcia)\n\t\t\t\t<\/figcaption><\/figure><figure class='gallery-item'>\n\t\t\t<div class='gallery-icon portrait'>\n\t\t\t\t<a href='https:\/\/www.arquimaster.com.ar\/web\/wp-content\/uploads\/2022\/02\/torre_dimion31.jpg' title=\"Torre Dimion \/ Forcinito Arquitectos (\u00a9 Albano Garcia)\" data-rl_title=\"Torre Dimion \/ Forcinito Arquitectos (\u00a9 Albano Garcia)\" class=\"rl-gallery-link\" data-rl_caption=\"Torre Dimion \/ Forcinito Arquitectos (\u00a9 Albano Garcia)\" data-rel=\"lightbox-gallery-1\"><img loading=\"lazy\" decoding=\"async\" width=\"150\" height=\"150\" src=\"https:\/\/www.arquimaster.com.ar\/web\/wp-content\/uploads\/2022\/02\/torre_dimion31-150x150.jpg\" class=\"attachment-thumbnail size-thumbnail\" alt=\"Torre Dimion \/ Forcinito Arquitectos\" aria-describedby=\"gallery-1-68713\" \/><\/a>\n\t\t\t<\/div>\n\t\t\t\t<figcaption class='wp-caption-text gallery-caption' id='gallery-1-68713'>\n\t\t\t\tTorre Dimion \/ Forcinito Arquitectos (\u00a9 Albano Garcia)\n\t\t\t\t<\/figcaption><\/figure><figure class='gallery-item'>\n\t\t\t<div class='gallery-icon portrait'>\n\t\t\t\t<a href='https:\/\/www.arquimaster.com.ar\/web\/wp-content\/uploads\/2022\/02\/torre_dimion32.jpg' title=\"Torre Dimion \/ Forcinito Arquitectos (\u00a9 Albano Garcia)\" data-rl_title=\"Torre Dimion \/ Forcinito Arquitectos (\u00a9 Albano Garcia)\" class=\"rl-gallery-link\" data-rl_caption=\"Torre Dimion \/ Forcinito Arquitectos (\u00a9 Albano Garcia)\" data-rel=\"lightbox-gallery-1\"><img loading=\"lazy\" decoding=\"async\" width=\"150\" height=\"150\" src=\"https:\/\/www.arquimaster.com.ar\/web\/wp-content\/uploads\/2022\/02\/torre_dimion32-150x150.jpg\" class=\"attachment-thumbnail size-thumbnail\" alt=\"Torre Dimion \/ Forcinito Arquitectos\" aria-describedby=\"gallery-1-68714\" \/><\/a>\n\t\t\t<\/div>\n\t\t\t\t<figcaption class='wp-caption-text gallery-caption' id='gallery-1-68714'>\n\t\t\t\tTorre Dimion \/ Forcinito Arquitectos (\u00a9 Albano Garcia)\n\t\t\t\t<\/figcaption><\/figure><figure class='gallery-item'>\n\t\t\t<div class='gallery-icon landscape'>\n\t\t\t\t<a href='https:\/\/www.arquimaster.com.ar\/web\/wp-content\/uploads\/2022\/02\/torre_dimion33.jpg' title=\"Torre Dimion \/ Forcinito Arquitectos (\u00a9 Albano Garcia)\" data-rl_title=\"Torre Dimion \/ Forcinito Arquitectos (\u00a9 Albano Garcia)\" class=\"rl-gallery-link\" data-rl_caption=\"Torre Dimion \/ Forcinito Arquitectos (\u00a9 Albano Garcia)\" data-rel=\"lightbox-gallery-1\"><img loading=\"lazy\" decoding=\"async\" width=\"150\" height=\"150\" src=\"https:\/\/www.arquimaster.com.ar\/web\/wp-content\/uploads\/2022\/02\/torre_dimion33-150x150.jpg\" class=\"attachment-thumbnail size-thumbnail\" alt=\"Torre Dimion \/ Forcinito Arquitectos\" aria-describedby=\"gallery-1-68715\" \/><\/a>\n\t\t\t<\/div>\n\t\t\t\t<figcaption class='wp-caption-text gallery-caption' id='gallery-1-68715'>\n\t\t\t\tTorre Dimion \/ Forcinito Arquitectos (\u00a9 Albano Garcia)\n\t\t\t\t<\/figcaption><\/figure><figure class='gallery-item'>\n\t\t\t<div class='gallery-icon landscape'>\n\t\t\t\t<a href='https:\/\/www.arquimaster.com.ar\/web\/wp-content\/uploads\/2022\/02\/torre_dimion34.jpg' title=\"Torre Dimion \/ Forcinito Arquitectos (\u00a9 Albano Garcia)\" data-rl_title=\"Torre Dimion \/ Forcinito Arquitectos (\u00a9 Albano Garcia)\" class=\"rl-gallery-link\" data-rl_caption=\"Torre Dimion \/ Forcinito Arquitectos (\u00a9 Albano Garcia)\" data-rel=\"lightbox-gallery-1\"><img loading=\"lazy\" decoding=\"async\" width=\"150\" height=\"150\" src=\"https:\/\/www.arquimaster.com.ar\/web\/wp-content\/uploads\/2022\/02\/torre_dimion34-150x150.jpg\" class=\"attachment-thumbnail size-thumbnail\" alt=\"Torre Dimion \/ Forcinito Arquitectos\" aria-describedby=\"gallery-1-68716\" \/><\/a>\n\t\t\t<\/div>\n\t\t\t\t<figcaption class='wp-caption-text gallery-caption' id='gallery-1-68716'>\n\t\t\t\tTorre Dimion \/ Forcinito Arquitectos (\u00a9 Albano Garcia)\n\t\t\t\t<\/figcaption><\/figure><figure class='gallery-item'>\n\t\t\t<div class='gallery-icon landscape'>\n\t\t\t\t<a href='https:\/\/www.arquimaster.com.ar\/web\/wp-content\/uploads\/2022\/02\/torre_dimion35.jpg' title=\"Torre Dimion \/ Forcinito Arquitectos (\u00a9 Albano Garcia)\" data-rl_title=\"Torre Dimion \/ Forcinito Arquitectos (\u00a9 Albano Garcia)\" class=\"rl-gallery-link\" data-rl_caption=\"Torre Dimion \/ Forcinito Arquitectos (\u00a9 Albano Garcia)\" data-rel=\"lightbox-gallery-1\"><img loading=\"lazy\" decoding=\"async\" width=\"150\" height=\"150\" src=\"https:\/\/www.arquimaster.com.ar\/web\/wp-content\/uploads\/2022\/02\/torre_dimion35-150x150.jpg\" class=\"attachment-thumbnail size-thumbnail\" alt=\"Torre Dimion \/ Forcinito Arquitectos\" aria-describedby=\"gallery-1-68717\" \/><\/a>\n\t\t\t<\/div>\n\t\t\t\t<figcaption class='wp-caption-text gallery-caption' id='gallery-1-68717'>\n\t\t\t\tTorre Dimion \/ Forcinito Arquitectos (\u00a9 Albano Garcia)\n\t\t\t\t<\/figcaption><\/figure><figure class='gallery-item'>\n\t\t\t<div class='gallery-icon landscape'>\n\t\t\t\t<a href='https:\/\/www.arquimaster.com.ar\/web\/wp-content\/uploads\/2022\/02\/torre_dimion36.jpg' title=\"Torre Dimion \/ Forcinito Arquitectos (\u00a9 Albano Garcia)\" data-rl_title=\"Torre Dimion \/ Forcinito Arquitectos (\u00a9 Albano Garcia)\" class=\"rl-gallery-link\" data-rl_caption=\"Torre Dimion \/ Forcinito Arquitectos (\u00a9 Albano Garcia)\" data-rel=\"lightbox-gallery-1\"><img loading=\"lazy\" decoding=\"async\" width=\"150\" height=\"150\" src=\"https:\/\/www.arquimaster.com.ar\/web\/wp-content\/uploads\/2022\/02\/torre_dimion36-150x150.jpg\" class=\"attachment-thumbnail size-thumbnail\" alt=\"Torre Dimion \/ Forcinito Arquitectos\" aria-describedby=\"gallery-1-68718\" \/><\/a>\n\t\t\t<\/div>\n\t\t\t\t<figcaption class='wp-caption-text gallery-caption' id='gallery-1-68718'>\n\t\t\t\tTorre Dimion \/ Forcinito Arquitectos (\u00a9 Albano Garcia)\n\t\t\t\t<\/figcaption><\/figure><figure class='gallery-item'>\n\t\t\t<div class='gallery-icon landscape'>\n\t\t\t\t<a href='https:\/\/www.arquimaster.com.ar\/web\/wp-content\/uploads\/2022\/02\/torre_dimion37.jpg' title=\"Torre Dimion \/ Forcinito Arquitectos (\u00a9 Albano Garcia)\" data-rl_title=\"Torre Dimion \/ Forcinito Arquitectos (\u00a9 Albano Garcia)\" class=\"rl-gallery-link\" data-rl_caption=\"Torre Dimion \/ Forcinito Arquitectos (\u00a9 Albano Garcia)\" data-rel=\"lightbox-gallery-1\"><img loading=\"lazy\" decoding=\"async\" width=\"150\" height=\"150\" src=\"https:\/\/www.arquimaster.com.ar\/web\/wp-content\/uploads\/2022\/02\/torre_dimion37-150x150.jpg\" class=\"attachment-thumbnail size-thumbnail\" alt=\"Torre Dimion \/ Forcinito Arquitectos\" aria-describedby=\"gallery-1-68719\" \/><\/a>\n\t\t\t<\/div>\n\t\t\t\t<figcaption class='wp-caption-text gallery-caption' id='gallery-1-68719'>\n\t\t\t\tTorre Dimion \/ Forcinito Arquitectos (\u00a9 Albano Garcia)\n\t\t\t\t<\/figcaption><\/figure><figure class='gallery-item'>\n\t\t\t<div class='gallery-icon landscape'>\n\t\t\t\t<a href='https:\/\/www.arquimaster.com.ar\/web\/wp-content\/uploads\/2022\/02\/torre_dimion38.jpg' title=\"Torre Dimion \/ Forcinito Arquitectos (\u00a9 Albano Garcia)\" data-rl_title=\"Torre Dimion \/ Forcinito Arquitectos (\u00a9 Albano Garcia)\" class=\"rl-gallery-link\" data-rl_caption=\"Torre Dimion \/ Forcinito Arquitectos (\u00a9 Albano Garcia)\" data-rel=\"lightbox-gallery-1\"><img loading=\"lazy\" decoding=\"async\" width=\"150\" height=\"150\" src=\"https:\/\/www.arquimaster.com.ar\/web\/wp-content\/uploads\/2022\/02\/torre_dimion38-150x150.jpg\" class=\"attachment-thumbnail size-thumbnail\" alt=\"Torre Dimion \/ Forcinito Arquitectos\" aria-describedby=\"gallery-1-68720\" \/><\/a>\n\t\t\t<\/div>\n\t\t\t\t<figcaption class='wp-caption-text gallery-caption' id='gallery-1-68720'>\n\t\t\t\tTorre Dimion \/ Forcinito Arquitectos (\u00a9 Albano Garcia)\n\t\t\t\t<\/figcaption><\/figure><figure class='gallery-item'>\n\t\t\t<div class='gallery-icon landscape'>\n\t\t\t\t<a href='https:\/\/www.arquimaster.com.ar\/web\/wp-content\/uploads\/2022\/02\/torre_dimion39.jpg' title=\"Torre Dimion \/ Forcinito Arquitectos (\u00a9 Albano Garcia)\" data-rl_title=\"Torre Dimion \/ Forcinito Arquitectos (\u00a9 Albano Garcia)\" class=\"rl-gallery-link\" data-rl_caption=\"Torre Dimion \/ Forcinito Arquitectos (\u00a9 Albano Garcia)\" data-rel=\"lightbox-gallery-1\"><img loading=\"lazy\" decoding=\"async\" width=\"150\" height=\"150\" src=\"https:\/\/www.arquimaster.com.ar\/web\/wp-content\/uploads\/2022\/02\/torre_dimion39-150x150.jpg\" class=\"attachment-thumbnail size-thumbnail\" alt=\"Torre Dimion \/ Forcinito Arquitectos\" aria-describedby=\"gallery-1-68721\" \/><\/a>\n\t\t\t<\/div>\n\t\t\t\t<figcaption class='wp-caption-text gallery-caption' id='gallery-1-68721'>\n\t\t\t\tTorre Dimion \/ Forcinito Arquitectos (\u00a9 Albano Garcia)\n\t\t\t\t<\/figcaption><\/figure><figure class='gallery-item'>\n\t\t\t<div class='gallery-icon landscape'>\n\t\t\t\t<a href='https:\/\/www.arquimaster.com.ar\/web\/wp-content\/uploads\/2022\/02\/torre_dimion40.jpg' title=\"Torre Dimion \/ Forcinito Arquitectos (\u00a9 Albano Garcia)\" data-rl_title=\"Torre Dimion \/ Forcinito Arquitectos (\u00a9 Albano Garcia)\" class=\"rl-gallery-link\" data-rl_caption=\"Torre Dimion \/ Forcinito Arquitectos (\u00a9 Albano Garcia)\" data-rel=\"lightbox-gallery-1\"><img loading=\"lazy\" decoding=\"async\" width=\"150\" height=\"150\" src=\"https:\/\/www.arquimaster.com.ar\/web\/wp-content\/uploads\/2022\/02\/torre_dimion40-150x150.jpg\" class=\"attachment-thumbnail size-thumbnail\" alt=\"Torre Dimion \/ Forcinito Arquitectos\" aria-describedby=\"gallery-1-68722\" \/><\/a>\n\t\t\t<\/div>\n\t\t\t\t<figcaption class='wp-caption-text gallery-caption' id='gallery-1-68722'>\n\t\t\t\tTorre Dimion \/ Forcinito Arquitectos (\u00a9 Albano Garcia)\n\t\t\t\t<\/figcaption><\/figure><figure class='gallery-item'>\n\t\t\t<div class='gallery-icon landscape'>\n\t\t\t\t<a href='https:\/\/www.arquimaster.com.ar\/web\/wp-content\/uploads\/2022\/02\/torre_dimion41.jpg' title=\"Torre Dimion \/ Forcinito Arquitectos (\u00a9 Albano Garcia)\" data-rl_title=\"Torre Dimion \/ Forcinito Arquitectos (\u00a9 Albano Garcia)\" class=\"rl-gallery-link\" data-rl_caption=\"Torre Dimion \/ Forcinito Arquitectos (\u00a9 Albano Garcia)\" data-rel=\"lightbox-gallery-1\"><img loading=\"lazy\" decoding=\"async\" width=\"150\" height=\"150\" src=\"https:\/\/www.arquimaster.com.ar\/web\/wp-content\/uploads\/2022\/02\/torre_dimion41-150x150.jpg\" class=\"attachment-thumbnail size-thumbnail\" alt=\"Torre Dimion \/ Forcinito Arquitectos\" aria-describedby=\"gallery-1-68723\" \/><\/a>\n\t\t\t<\/div>\n\t\t\t\t<figcaption class='wp-caption-text gallery-caption' id='gallery-1-68723'>\n\t\t\t\tTorre Dimion \/ Forcinito Arquitectos (\u00a9 Albano Garcia)\n\t\t\t\t<\/figcaption><\/figure><figure class='gallery-item'>\n\t\t\t<div class='gallery-icon portrait'>\n\t\t\t\t<a href='https:\/\/www.arquimaster.com.ar\/web\/wp-content\/uploads\/2022\/02\/torre_dimion42.jpg' title=\"Torre Dimion \/ Forcinito Arquitectos (\u00a9 Albano Garcia)\" data-rl_title=\"Torre Dimion \/ Forcinito Arquitectos (\u00a9 Albano Garcia)\" class=\"rl-gallery-link\" data-rl_caption=\"Torre Dimion \/ Forcinito Arquitectos (\u00a9 Albano Garcia)\" data-rel=\"lightbox-gallery-1\"><img loading=\"lazy\" decoding=\"async\" width=\"150\" height=\"150\" src=\"https:\/\/www.arquimaster.com.ar\/web\/wp-content\/uploads\/2022\/02\/torre_dimion42-150x150.jpg\" class=\"attachment-thumbnail size-thumbnail\" alt=\"Torre Dimion \/ Forcinito Arquitectos\" aria-describedby=\"gallery-1-68724\" \/><\/a>\n\t\t\t<\/div>\n\t\t\t\t<figcaption class='wp-caption-text gallery-caption' id='gallery-1-68724'>\n\t\t\t\tTorre Dimion \/ Forcinito Arquitectos (\u00a9 Albano Garcia)\n\t\t\t\t<\/figcaption><\/figure><figure class='gallery-item'>\n\t\t\t<div class='gallery-icon landscape'>\n\t\t\t\t<a href='https:\/\/www.arquimaster.com.ar\/web\/wp-content\/uploads\/2022\/02\/torre_dimion43.jpg' title=\"Torre Dimion \/ Forcinito Arquitectos (\u00a9 Albano Garcia)\" data-rl_title=\"Torre Dimion \/ Forcinito Arquitectos (\u00a9 Albano Garcia)\" class=\"rl-gallery-link\" data-rl_caption=\"Torre Dimion \/ Forcinito Arquitectos (\u00a9 Albano Garcia)\" data-rel=\"lightbox-gallery-1\"><img loading=\"lazy\" decoding=\"async\" width=\"150\" height=\"150\" src=\"https:\/\/www.arquimaster.com.ar\/web\/wp-content\/uploads\/2022\/02\/torre_dimion43-150x150.jpg\" class=\"attachment-thumbnail size-thumbnail\" alt=\"Torre Dimion \/ Forcinito Arquitectos\" aria-describedby=\"gallery-1-68725\" \/><\/a>\n\t\t\t<\/div>\n\t\t\t\t<figcaption class='wp-caption-text gallery-caption' id='gallery-1-68725'>\n\t\t\t\tTorre Dimion \/ Forcinito Arquitectos (\u00a9 Albano Garcia)\n\t\t\t\t<\/figcaption><\/figure><figure class='gallery-item'>\n\t\t\t<div class='gallery-icon landscape'>\n\t\t\t\t<a href='https:\/\/www.arquimaster.com.ar\/web\/wp-content\/uploads\/2022\/02\/torre_dimion44.jpg' title=\"Torre Dimion \/ Forcinito Arquitectos (\u00a9 Albano Garcia)\" data-rl_title=\"Torre Dimion \/ Forcinito Arquitectos (\u00a9 Albano Garcia)\" class=\"rl-gallery-link\" data-rl_caption=\"Torre Dimion \/ Forcinito Arquitectos (\u00a9 Albano Garcia)\" data-rel=\"lightbox-gallery-1\"><img loading=\"lazy\" decoding=\"async\" width=\"150\" height=\"150\" src=\"https:\/\/www.arquimaster.com.ar\/web\/wp-content\/uploads\/2022\/02\/torre_dimion44-150x150.jpg\" class=\"attachment-thumbnail size-thumbnail\" alt=\"Torre Dimion \/ Forcinito Arquitectos\" aria-describedby=\"gallery-1-68726\" \/><\/a>\n\t\t\t<\/div>\n\t\t\t\t<figcaption class='wp-caption-text gallery-caption' id='gallery-1-68726'>\n\t\t\t\tTorre Dimion \/ Forcinito Arquitectos (\u00a9 Albano Garcia)\n\t\t\t\t<\/figcaption><\/figure><figure class='gallery-item'>\n\t\t\t<div class='gallery-icon portrait'>\n\t\t\t\t<a href='https:\/\/www.arquimaster.com.ar\/web\/wp-content\/uploads\/2022\/02\/torre_dimion45.jpg' title=\"Torre Dimion \/ Forcinito Arquitectos (\u00a9 Albano Garcia)\" data-rl_title=\"Torre Dimion \/ Forcinito Arquitectos (\u00a9 Albano Garcia)\" class=\"rl-gallery-link\" data-rl_caption=\"Torre Dimion \/ Forcinito Arquitectos (\u00a9 Albano Garcia)\" data-rel=\"lightbox-gallery-1\"><img loading=\"lazy\" decoding=\"async\" width=\"150\" height=\"150\" src=\"https:\/\/www.arquimaster.com.ar\/web\/wp-content\/uploads\/2022\/02\/torre_dimion45-150x150.jpg\" class=\"attachment-thumbnail size-thumbnail\" alt=\"Torre Dimion \/ Forcinito Arquitectos\" aria-describedby=\"gallery-1-68727\" \/><\/a>\n\t\t\t<\/div>\n\t\t\t\t<figcaption class='wp-caption-text gallery-caption' id='gallery-1-68727'>\n\t\t\t\tTorre Dimion \/ Forcinito Arquitectos (\u00a9 Albano Garcia)\n\t\t\t\t<\/figcaption><\/figure><figure class='gallery-item'>\n\t\t\t<div class='gallery-icon portrait'>\n\t\t\t\t<a href='https:\/\/www.arquimaster.com.ar\/web\/wp-content\/uploads\/2022\/02\/torre_dimion46.jpg' title=\"Torre Dimion \/ Forcinito Arquitectos (\u00a9 Albano Garcia)\" data-rl_title=\"Torre Dimion \/ Forcinito Arquitectos (\u00a9 Albano Garcia)\" class=\"rl-gallery-link\" data-rl_caption=\"Torre Dimion \/ Forcinito Arquitectos (\u00a9 Albano Garcia)\" data-rel=\"lightbox-gallery-1\"><img loading=\"lazy\" decoding=\"async\" width=\"150\" height=\"150\" src=\"https:\/\/www.arquimaster.com.ar\/web\/wp-content\/uploads\/2022\/02\/torre_dimion46-150x150.jpg\" class=\"attachment-thumbnail size-thumbnail\" alt=\"Torre Dimion \/ Forcinito Arquitectos\" aria-describedby=\"gallery-1-68728\" \/><\/a>\n\t\t\t<\/div>\n\t\t\t\t<figcaption class='wp-caption-text gallery-caption' id='gallery-1-68728'>\n\t\t\t\tTorre Dimion \/ Forcinito Arquitectos (\u00a9 Albano Garcia)\n\t\t\t\t<\/figcaption><\/figure><figure class='gallery-item'>\n\t\t\t<div class='gallery-icon landscape'>\n\t\t\t\t<a href='https:\/\/www.arquimaster.com.ar\/web\/wp-content\/uploads\/2022\/02\/torre_dimion47.jpg' title=\"Torre Dimion \/ Forcinito Arquitectos (\u00a9 Albano Garcia)\" data-rl_title=\"Torre Dimion \/ Forcinito Arquitectos (\u00a9 Albano Garcia)\" class=\"rl-gallery-link\" data-rl_caption=\"Torre Dimion \/ Forcinito Arquitectos (\u00a9 Albano Garcia)\" data-rel=\"lightbox-gallery-1\"><img loading=\"lazy\" decoding=\"async\" width=\"150\" height=\"150\" src=\"https:\/\/www.arquimaster.com.ar\/web\/wp-content\/uploads\/2022\/02\/torre_dimion47-150x150.jpg\" class=\"attachment-thumbnail size-thumbnail\" alt=\"Torre Dimion \/ Forcinito Arquitectos\" aria-describedby=\"gallery-1-68729\" \/><\/a>\n\t\t\t<\/div>\n\t\t\t\t<figcaption class='wp-caption-text gallery-caption' id='gallery-1-68729'>\n\t\t\t\tTorre Dimion \/ Forcinito Arquitectos (\u00a9 Albano Garcia)\n\t\t\t\t<\/figcaption><\/figure><figure class='gallery-item'>\n\t\t\t<div class='gallery-icon landscape'>\n\t\t\t\t<a href='https:\/\/www.arquimaster.com.ar\/web\/wp-content\/uploads\/2022\/02\/torre_dimion48.jpg' title=\"Torre Dimion \/ Forcinito Arquitectos (\u00a9 Albano Garcia)\" data-rl_title=\"Torre Dimion \/ Forcinito Arquitectos (\u00a9 Albano Garcia)\" class=\"rl-gallery-link\" data-rl_caption=\"Torre Dimion \/ Forcinito Arquitectos (\u00a9 Albano Garcia)\" data-rel=\"lightbox-gallery-1\"><img loading=\"lazy\" decoding=\"async\" width=\"150\" height=\"150\" src=\"https:\/\/www.arquimaster.com.ar\/web\/wp-content\/uploads\/2022\/02\/torre_dimion48-150x150.jpg\" class=\"attachment-thumbnail size-thumbnail\" alt=\"Torre Dimion \/ Forcinito Arquitectos\" aria-describedby=\"gallery-1-68730\" \/><\/a>\n\t\t\t<\/div>\n\t\t\t\t<figcaption class='wp-caption-text gallery-caption' id='gallery-1-68730'>\n\t\t\t\tTorre Dimion \/ Forcinito Arquitectos (\u00a9 Albano Garcia)\n\t\t\t\t<\/figcaption><\/figure><figure class='gallery-item'>\n\t\t\t<div class='gallery-icon landscape'>\n\t\t\t\t<a href='https:\/\/www.arquimaster.com.ar\/web\/wp-content\/uploads\/2022\/02\/torre_dimion49.jpg' title=\"Torre Dimion \/ Forcinito Arquitectos (\u00a9 Albano Garcia)\" data-rl_title=\"Torre Dimion \/ Forcinito Arquitectos (\u00a9 Albano Garcia)\" class=\"rl-gallery-link\" data-rl_caption=\"Torre Dimion \/ Forcinito Arquitectos (\u00a9 Albano Garcia)\" data-rel=\"lightbox-gallery-1\"><img loading=\"lazy\" decoding=\"async\" width=\"150\" height=\"150\" src=\"https:\/\/www.arquimaster.com.ar\/web\/wp-content\/uploads\/2022\/02\/torre_dimion49-150x150.jpg\" class=\"attachment-thumbnail size-thumbnail\" alt=\"Torre Dimion \/ Forcinito Arquitectos\" aria-describedby=\"gallery-1-68731\" \/><\/a>\n\t\t\t<\/div>\n\t\t\t\t<figcaption class='wp-caption-text gallery-caption' id='gallery-1-68731'>\n\t\t\t\tTorre Dimion \/ Forcinito Arquitectos (\u00a9 Albano Garcia)\n\t\t\t\t<\/figcaption><\/figure><figure class='gallery-item'>\n\t\t\t<div class='gallery-icon portrait'>\n\t\t\t\t<a href='https:\/\/www.arquimaster.com.ar\/web\/wp-content\/uploads\/2022\/02\/torre_dimion50.jpg' title=\"Torre Dimion \/ Forcinito Arquitectos (\u00a9 Albano Garcia)\" data-rl_title=\"Torre Dimion \/ Forcinito Arquitectos (\u00a9 Albano Garcia)\" class=\"rl-gallery-link\" data-rl_caption=\"Torre Dimion \/ Forcinito Arquitectos (\u00a9 Albano Garcia)\" data-rel=\"lightbox-gallery-1\"><img loading=\"lazy\" decoding=\"async\" width=\"150\" height=\"150\" src=\"https:\/\/www.arquimaster.com.ar\/web\/wp-content\/uploads\/2022\/02\/torre_dimion50-150x150.jpg\" class=\"attachment-thumbnail size-thumbnail\" alt=\"Torre Dimion \/ Forcinito Arquitectos\" aria-describedby=\"gallery-1-68732\" \/><\/a>\n\t\t\t<\/div>\n\t\t\t\t<figcaption class='wp-caption-text gallery-caption' id='gallery-1-68732'>\n\t\t\t\tTorre Dimion \/ Forcinito Arquitectos (\u00a9 Albano Garcia)\n\t\t\t\t<\/figcaption><\/figure><figure class='gallery-item'>\n\t\t\t<div class='gallery-icon landscape'>\n\t\t\t\t<a href='https:\/\/www.arquimaster.com.ar\/web\/wp-content\/uploads\/2022\/02\/torre_dimion51.jpg' title=\"Torre Dimion \/ Forcinito Arquitectos (\u00a9 Albano Garcia)\" data-rl_title=\"Torre Dimion \/ Forcinito Arquitectos (\u00a9 Albano Garcia)\" class=\"rl-gallery-link\" data-rl_caption=\"Torre Dimion \/ Forcinito Arquitectos (\u00a9 Albano Garcia)\" data-rel=\"lightbox-gallery-1\"><img loading=\"lazy\" decoding=\"async\" width=\"150\" height=\"150\" src=\"https:\/\/www.arquimaster.com.ar\/web\/wp-content\/uploads\/2022\/02\/torre_dimion51-150x150.jpg\" class=\"attachment-thumbnail size-thumbnail\" alt=\"Torre Dimion \/ Forcinito Arquitectos\" aria-describedby=\"gallery-1-68733\" \/><\/a>\n\t\t\t<\/div>\n\t\t\t\t<figcaption class='wp-caption-text gallery-caption' id='gallery-1-68733'>\n\t\t\t\tTorre Dimion \/ Forcinito Arquitectos (\u00a9 Albano Garcia)\n\t\t\t\t<\/figcaption><\/figure><figure class='gallery-item'>\n\t\t\t<div class='gallery-icon landscape'>\n\t\t\t\t<a href='https:\/\/www.arquimaster.com.ar\/web\/wp-content\/uploads\/2022\/02\/torre_dimion52.jpg' title=\"Torre Dimion \/ Forcinito Arquitectos (planta baja)\" data-rl_title=\"Torre Dimion \/ Forcinito Arquitectos (planta baja)\" class=\"rl-gallery-link\" data-rl_caption=\"Torre Dimion \/ Forcinito Arquitectos (planta baja)\" data-rel=\"lightbox-gallery-1\"><img loading=\"lazy\" decoding=\"async\" width=\"150\" height=\"150\" src=\"https:\/\/www.arquimaster.com.ar\/web\/wp-content\/uploads\/2022\/02\/torre_dimion52-150x150.jpg\" class=\"attachment-thumbnail size-thumbnail\" alt=\"Torre Dimion \/ Forcinito Arquitectos\" aria-describedby=\"gallery-1-68734\" \/><\/a>\n\t\t\t<\/div>\n\t\t\t\t<figcaption class='wp-caption-text gallery-caption' id='gallery-1-68734'>\n\t\t\t\tTorre Dimion \/ Forcinito Arquitectos (planta baja)\n\t\t\t\t<\/figcaption><\/figure><figure class='gallery-item'>\n\t\t\t<div class='gallery-icon landscape'>\n\t\t\t\t<a href='https:\/\/www.arquimaster.com.ar\/web\/wp-content\/uploads\/2022\/02\/torre_dimion53.jpg' title=\"Torre Dimion \/ Forcinito Arquitectos (planta tipo)\" data-rl_title=\"Torre Dimion \/ Forcinito Arquitectos (planta tipo)\" class=\"rl-gallery-link\" data-rl_caption=\"Torre Dimion \/ Forcinito Arquitectos (planta tipo)\" data-rel=\"lightbox-gallery-1\"><img loading=\"lazy\" decoding=\"async\" width=\"150\" height=\"150\" src=\"https:\/\/www.arquimaster.com.ar\/web\/wp-content\/uploads\/2022\/02\/torre_dimion53-150x150.jpg\" class=\"attachment-thumbnail size-thumbnail\" alt=\"Torre Dimion \/ Forcinito Arquitectos\" aria-describedby=\"gallery-1-68735\" \/><\/a>\n\t\t\t<\/div>\n\t\t\t\t<figcaption class='wp-caption-text gallery-caption' id='gallery-1-68735'>\n\t\t\t\tTorre Dimion \/ Forcinito Arquitectos (planta tipo)\n\t\t\t\t<\/figcaption><\/figure><figure class='gallery-item'>\n\t\t\t<div class='gallery-icon landscape'>\n\t\t\t\t<a href='https:\/\/www.arquimaster.com.ar\/web\/wp-content\/uploads\/2022\/02\/torre_dimion54.jpg' title=\"Torre Dimion \/ Forcinito Arquitectos (planta torre)\" data-rl_title=\"Torre Dimion \/ Forcinito Arquitectos (planta torre)\" class=\"rl-gallery-link\" data-rl_caption=\"Torre Dimion \/ Forcinito Arquitectos (planta torre)\" data-rel=\"lightbox-gallery-1\"><img loading=\"lazy\" decoding=\"async\" width=\"150\" height=\"150\" src=\"https:\/\/www.arquimaster.com.ar\/web\/wp-content\/uploads\/2022\/02\/torre_dimion54-150x150.jpg\" class=\"attachment-thumbnail size-thumbnail\" alt=\"Torre Dimion \/ Forcinito Arquitectos\" aria-describedby=\"gallery-1-68736\" \/><\/a>\n\t\t\t<\/div>\n\t\t\t\t<figcaption class='wp-caption-text gallery-caption' id='gallery-1-68736'>\n\t\t\t\tTorre Dimion \/ Forcinito Arquitectos (planta torre)\n\t\t\t\t<\/figcaption><\/figure><figure class='gallery-item'>\n\t\t\t<div class='gallery-icon landscape'>\n\t\t\t\t<a href='https:\/\/www.arquimaster.com.ar\/web\/wp-content\/uploads\/2022\/02\/torre_dimion55.jpg' title=\"Torre Dimion \/ Forcinito Arquitectos (planta SUM)\" data-rl_title=\"Torre Dimion \/ Forcinito Arquitectos (planta SUM)\" class=\"rl-gallery-link\" data-rl_caption=\"Torre Dimion \/ Forcinito Arquitectos (planta SUM)\" data-rel=\"lightbox-gallery-1\"><img loading=\"lazy\" decoding=\"async\" width=\"150\" height=\"150\" src=\"https:\/\/www.arquimaster.com.ar\/web\/wp-content\/uploads\/2022\/02\/torre_dimion55-150x150.jpg\" class=\"attachment-thumbnail size-thumbnail\" alt=\"Torre Dimion \/ Forcinito Arquitectos\" aria-describedby=\"gallery-1-68737\" \/><\/a>\n\t\t\t<\/div>\n\t\t\t\t<figcaption class='wp-caption-text gallery-caption' id='gallery-1-68737'>\n\t\t\t\tTorre Dimion \/ Forcinito Arquitectos (planta SUM)\n\t\t\t\t<\/figcaption><\/figure><figure class='gallery-item'>\n\t\t\t<div class='gallery-icon landscape'>\n\t\t\t\t<a href='https:\/\/www.arquimaster.com.ar\/web\/wp-content\/uploads\/2022\/02\/torre_dimion56.jpg' title=\"Torre Dimion \/ Forcinito Arquitectos (cortes)\" data-rl_title=\"Torre Dimion \/ Forcinito Arquitectos (cortes)\" class=\"rl-gallery-link\" data-rl_caption=\"Torre Dimion \/ Forcinito Arquitectos (cortes)\" data-rel=\"lightbox-gallery-1\"><img loading=\"lazy\" decoding=\"async\" width=\"150\" height=\"150\" src=\"https:\/\/www.arquimaster.com.ar\/web\/wp-content\/uploads\/2022\/02\/torre_dimion56-150x150.jpg\" class=\"attachment-thumbnail size-thumbnail\" alt=\"Torre Dimion \/ Forcinito Arquitectos\" aria-describedby=\"gallery-1-68738\" \/><\/a>\n\t\t\t<\/div>\n\t\t\t\t<figcaption class='wp-caption-text gallery-caption' id='gallery-1-68738'>\n\t\t\t\tTorre Dimion \/ Forcinito Arquitectos (cortes)\n\t\t\t\t<\/figcaption><\/figure><figure class='gallery-item'>\n\t\t\t<div class='gallery-icon landscape'>\n\t\t\t\t<a href='https:\/\/www.arquimaster.com.ar\/web\/wp-content\/uploads\/2022\/02\/torre_dimion58.jpg' title=\"Torre Dimion \/ Forcinito Arquitectos (vistas)\" data-rl_title=\"Torre Dimion \/ Forcinito Arquitectos (vistas)\" class=\"rl-gallery-link\" data-rl_caption=\"Torre Dimion \/ Forcinito Arquitectos (vistas)\" data-rel=\"lightbox-gallery-1\"><img loading=\"lazy\" decoding=\"async\" width=\"150\" height=\"150\" src=\"https:\/\/www.arquimaster.com.ar\/web\/wp-content\/uploads\/2022\/02\/torre_dimion58-150x150.jpg\" class=\"attachment-thumbnail size-thumbnail\" alt=\"Torre Dimion \/ Forcinito Arquitectos\" aria-describedby=\"gallery-1-68740\" \/><\/a>\n\t\t\t<\/div>\n\t\t\t\t<figcaption class='wp-caption-text gallery-caption' id='gallery-1-68740'>\n\t\t\t\tTorre Dimion \/ Forcinito Arquitectos (vistas)\n\t\t\t\t<\/figcaption><\/figure><figure class='gallery-item'>\n\t\t\t<div class='gallery-icon landscape'>\n\t\t\t\t<a href='https:\/\/www.arquimaster.com.ar\/web\/wp-content\/uploads\/2022\/02\/torre_dimion60.jpg' title=\"Torre Dimion \/ Forcinito Arquitectos (axonometria)\" data-rl_title=\"Torre Dimion \/ Forcinito Arquitectos (axonometria)\" class=\"rl-gallery-link\" data-rl_caption=\"Torre Dimion \/ Forcinito Arquitectos (axonometria)\" data-rel=\"lightbox-gallery-1\"><img loading=\"lazy\" decoding=\"async\" width=\"150\" height=\"150\" src=\"https:\/\/www.arquimaster.com.ar\/web\/wp-content\/uploads\/2022\/02\/torre_dimion60-150x150.jpg\" class=\"attachment-thumbnail size-thumbnail\" alt=\"Torre Dimion \/ Forcinito Arquitectos\" aria-describedby=\"gallery-1-68742\" \/><\/a>\n\t\t\t<\/div>\n\t\t\t\t<figcaption class='wp-caption-text gallery-caption' id='gallery-1-68742'>\n\t\t\t\tTorre Dimion \/ Forcinito Arquitectos (axonometria)\n\t\t\t\t<\/figcaption><\/figure><figure class='gallery-item'>\n\t\t\t<div class='gallery-icon landscape'>\n\t\t\t\t<a href='https:\/\/www.arquimaster.com.ar\/web\/wp-content\/uploads\/2022\/02\/torre_dimion61.jpg' title=\"Torre Dimion \/ Forcinito Arquitectos (documentacion)\" data-rl_title=\"Torre Dimion \/ Forcinito Arquitectos (documentacion)\" class=\"rl-gallery-link\" data-rl_caption=\"Torre Dimion \/ Forcinito Arquitectos (documentacion)\" data-rel=\"lightbox-gallery-1\"><img loading=\"lazy\" decoding=\"async\" width=\"150\" height=\"150\" src=\"https:\/\/www.arquimaster.com.ar\/web\/wp-content\/uploads\/2022\/02\/torre_dimion61-150x150.jpg\" class=\"attachment-thumbnail size-thumbnail\" alt=\"Torre Dimion \/ Forcinito Arquitectos\" aria-describedby=\"gallery-1-68743\" \/><\/a>\n\t\t\t<\/div>\n\t\t\t\t<figcaption class='wp-caption-text gallery-caption' id='gallery-1-68743'>\n\t\t\t\tTorre Dimion \/ Forcinito Arquitectos (documentacion)\n\t\t\t\t<\/figcaption><\/figure><figure class='gallery-item'>\n\t\t\t<div class='gallery-icon landscape'>\n\t\t\t\t<a href='https:\/\/www.arquimaster.com.ar\/web\/wp-content\/uploads\/2022\/02\/torre_dimion62.jpg' title=\"Torre Dimion \/ Forcinito Arquitectos (documentacion)\" data-rl_title=\"Torre Dimion \/ Forcinito Arquitectos (documentacion)\" class=\"rl-gallery-link\" data-rl_caption=\"Torre Dimion \/ Forcinito Arquitectos (documentacion)\" data-rel=\"lightbox-gallery-1\"><img loading=\"lazy\" decoding=\"async\" width=\"150\" height=\"150\" src=\"https:\/\/www.arquimaster.com.ar\/web\/wp-content\/uploads\/2022\/02\/torre_dimion62-150x150.jpg\" class=\"attachment-thumbnail size-thumbnail\" alt=\"Torre Dimion \/ Forcinito Arquitectos\" aria-describedby=\"gallery-1-68744\" \/><\/a>\n\t\t\t<\/div>\n\t\t\t\t<figcaption class='wp-caption-text gallery-caption' id='gallery-1-68744'>\n\t\t\t\tTorre Dimion \/ Forcinito Arquitectos (documentacion)\n\t\t\t\t<\/figcaption><\/figure><figure class='gallery-item'>\n\t\t\t<div class='gallery-icon portrait'>\n\t\t\t\t<a href='https:\/\/www.arquimaster.com.ar\/web\/wp-content\/uploads\/2022\/02\/torre_dimion63.jpg' title=\"Torre Dimion \/ Forcinito Arquitectos (documentacion)\" data-rl_title=\"Torre Dimion \/ Forcinito Arquitectos (documentacion)\" class=\"rl-gallery-link\" data-rl_caption=\"Torre Dimion \/ Forcinito Arquitectos (documentacion)\" data-rel=\"lightbox-gallery-1\"><img loading=\"lazy\" decoding=\"async\" width=\"150\" height=\"150\" src=\"https:\/\/www.arquimaster.com.ar\/web\/wp-content\/uploads\/2022\/02\/torre_dimion63-150x150.jpg\" class=\"attachment-thumbnail size-thumbnail\" alt=\"Torre Dimion \/ Forcinito Arquitectos\" aria-describedby=\"gallery-1-68745\" \/><\/a>\n\t\t\t<\/div>\n\t\t\t\t<figcaption class='wp-caption-text gallery-caption' id='gallery-1-68745'>\n\t\t\t\tTorre Dimion \/ Forcinito Arquitectos (documentacion)\n\t\t\t\t<\/figcaption><\/figure><figure class='gallery-item'>\n\t\t\t<div class='gallery-icon portrait'>\n\t\t\t\t<a href='https:\/\/www.arquimaster.com.ar\/web\/wp-content\/uploads\/2022\/02\/torre_dimion64.jpg' title=\"Torre Dimion \/ Forcinito Arquitectos (render)\" data-rl_title=\"Torre Dimion \/ Forcinito Arquitectos (render)\" class=\"rl-gallery-link\" data-rl_caption=\"Torre Dimion \/ Forcinito Arquitectos (render)\" data-rel=\"lightbox-gallery-1\"><img loading=\"lazy\" decoding=\"async\" width=\"150\" height=\"150\" src=\"https:\/\/www.arquimaster.com.ar\/web\/wp-content\/uploads\/2022\/02\/torre_dimion64-150x150.jpg\" class=\"attachment-thumbnail size-thumbnail\" alt=\"Torre Dimion \/ Forcinito Arquitectos\" aria-describedby=\"gallery-1-68746\" \/><\/a>\n\t\t\t<\/div>\n\t\t\t\t<figcaption class='wp-caption-text gallery-caption' id='gallery-1-68746'>\n\t\t\t\tTorre Dimion \/ Forcinito Arquitectos (render)\n\t\t\t\t<\/figcaption><\/figure><figure class='gallery-item'>\n\t\t\t<div class='gallery-icon portrait'>\n\t\t\t\t<a href='https:\/\/www.arquimaster.com.ar\/web\/wp-content\/uploads\/2022\/02\/torre_dimion65.jpg' title=\"Torre Dimion \/ Forcinito Arquitectos (render)\" data-rl_title=\"Torre Dimion \/ Forcinito Arquitectos (render)\" class=\"rl-gallery-link\" data-rl_caption=\"Torre Dimion \/ Forcinito Arquitectos (render)\" data-rel=\"lightbox-gallery-1\"><img loading=\"lazy\" decoding=\"async\" width=\"150\" height=\"150\" src=\"https:\/\/www.arquimaster.com.ar\/web\/wp-content\/uploads\/2022\/02\/torre_dimion65-150x150.jpg\" class=\"attachment-thumbnail size-thumbnail\" alt=\"Torre Dimion \/ Forcinito Arquitectos\" aria-describedby=\"gallery-1-68747\" \/><\/a>\n\t\t\t<\/div>\n\t\t\t\t<figcaption class='wp-caption-text gallery-caption' id='gallery-1-68747'>\n\t\t\t\tTorre Dimion \/ Forcinito Arquitectos (render)\n\t\t\t\t<\/figcaption><\/figure><figure class='gallery-item'>\n\t\t\t<div class='gallery-icon landscape'>\n\t\t\t\t<a href='https:\/\/www.arquimaster.com.ar\/web\/wp-content\/uploads\/2022\/02\/torre_dimion66.jpg' title=\"Torre Dimion \/ Forcinito Arquitectos (render)\" data-rl_title=\"Torre Dimion \/ Forcinito Arquitectos (render)\" class=\"rl-gallery-link\" data-rl_caption=\"Torre Dimion \/ Forcinito Arquitectos (render)\" data-rel=\"lightbox-gallery-1\"><img loading=\"lazy\" decoding=\"async\" width=\"150\" height=\"150\" src=\"https:\/\/www.arquimaster.com.ar\/web\/wp-content\/uploads\/2022\/02\/torre_dimion66-150x150.jpg\" class=\"attachment-thumbnail size-thumbnail\" alt=\"Torre Dimion \/ Forcinito Arquitectos\" aria-describedby=\"gallery-1-68748\" \/><\/a>\n\t\t\t<\/div>\n\t\t\t\t<figcaption class='wp-caption-text gallery-caption' id='gallery-1-68748'>\n\t\t\t\tTorre Dimion \/ Forcinito Arquitectos (render)\n\t\t\t\t<\/figcaption><\/figure><figure class='gallery-item'>\n\t\t\t<div class='gallery-icon landscape'>\n\t\t\t\t<a href='https:\/\/www.arquimaster.com.ar\/web\/wp-content\/uploads\/2022\/02\/torre_dimion67.jpg' title=\"Torre Dimion \/ Forcinito Arquitectos (render)\" data-rl_title=\"Torre Dimion \/ Forcinito Arquitectos (render)\" class=\"rl-gallery-link\" data-rl_caption=\"Torre Dimion \/ Forcinito Arquitectos (render)\" data-rel=\"lightbox-gallery-1\"><img loading=\"lazy\" decoding=\"async\" width=\"150\" height=\"150\" src=\"https:\/\/www.arquimaster.com.ar\/web\/wp-content\/uploads\/2022\/02\/torre_dimion67-150x150.jpg\" class=\"attachment-thumbnail size-thumbnail\" alt=\"Torre Dimion \/ Forcinito Arquitectos\" aria-describedby=\"gallery-1-68749\" \/><\/a>\n\t\t\t<\/div>\n\t\t\t\t<figcaption class='wp-caption-text gallery-caption' id='gallery-1-68749'>\n\t\t\t\tTorre Dimion \/ Forcinito Arquitectos (render)\n\t\t\t\t<\/figcaption><\/figure><figure class='gallery-item'>\n\t\t\t<div class='gallery-icon landscape'>\n\t\t\t\t<a href='https:\/\/www.arquimaster.com.ar\/web\/wp-content\/uploads\/2022\/02\/torre_dimion68.jpg' title=\"Torre Dimion \/ Forcinito Arquitectos (render)\" data-rl_title=\"Torre Dimion \/ Forcinito Arquitectos (render)\" class=\"rl-gallery-link\" data-rl_caption=\"Torre Dimion \/ Forcinito Arquitectos (render)\" data-rel=\"lightbox-gallery-1\"><img loading=\"lazy\" decoding=\"async\" width=\"150\" height=\"150\" src=\"https:\/\/www.arquimaster.com.ar\/web\/wp-content\/uploads\/2022\/02\/torre_dimion68-150x150.jpg\" class=\"attachment-thumbnail size-thumbnail\" alt=\"Torre Dimion \/ Forcinito Arquitectos\" aria-describedby=\"gallery-1-68750\" \/><\/a>\n\t\t\t<\/div>\n\t\t\t\t<figcaption class='wp-caption-text gallery-caption' id='gallery-1-68750'>\n\t\t\t\tTorre Dimion \/ Forcinito Arquitectos (render)\n\t\t\t\t<\/figcaption><\/figure>\n\t\t<\/div>\n\n<p>La materialidad del edificio responde a las premisas geom\u00e9tricas descriptas. El basamento entre medianeras genera una piel de hormig\u00f3n visto calada en forma irregular, permitiendo las aberturas necesarias program\u00e1ticamente y brind\u00e1ndole escala al conjunto urbano.<\/p>\n<p>La torre se alza cristalina por encima de las placas caladas, resaltando su dise\u00f1o vertical. Los aventanamientos en ambos casos, escapan a las respuestas tradicionales. Las rajas en las placas caladas, resultan en ventanas verticales acordes a las necesidades program\u00e1ticas de los pisos bajos en la ciudad.<\/p>\n<p>En los pisos altos, la piel de vidrio resuelve la b\u00fasqueda de iluminaci\u00f3n y vistas, pero con caracter\u00edsticas residenciales, adaptando una t\u00e9cnica t\u00edpica de oficinas en una nueva tipolog\u00eda y resignific\u00e1ndola.<\/p>\n<p>La intersecci\u00f3n de ambos sistemas, resulta en una esquina abierta, convirtiendo a los balcones en parte de la arquitectura, en vez de las salientes apendiculares t\u00edpicas de los barrios porte\u00f1os. La placa de hormig\u00f3n desciende hasta media altura del nivel peatonal, colgando mediante un sistema de tensores en el hormig\u00f3n.<\/p>\n<p>De esta forma genera e invita al acceso y lo incorpora a la morfolog\u00eda general. Los balcones, el acceso y los aventanamientos resultan de la l\u00f3gica general del edificio, en vez de ser sus condicionantes. El remate se conforma con un volumen vidriado de mayor escala, que encuadra a la piscina cubierta, conformando amenities \u00fatiles todo el a\u00f1o, con vistas a toda la ciudad.<\/p>\n<p>El edificio cuenta con unidades premium de 3 y 4 ambientes con dependencia, con terminaciones y dise\u00f1o interior at\u00edpico en el barrio. Se dise\u00f1aron amenities de distinta envergadura, donde se destaca la mencionada piscina cubierta y climatizada en el \u00faltimo nivel, un sal\u00f3n de usos m\u00faltiples, kids club y gimnasio.<\/p>\n\n\n<div style=\"height:20px\" aria-hidden=\"true\" class=\"wp-block-spacer\"><\/div>\n\n\n\n<p class=\"has-background\" style=\"background-color:#eaeaea\"><strong>Ficha t\u00e9cnica<\/strong><br>Nombre: Torre Dimion<br>Ubicaci\u00f3n: Av. Boyac\u00e1 490, Ciudad de Buenos Aires, Argentina<br>Proyectista: Forcinito Arquitectos<br>Autor: Martin Forcinito<br>Arquitectos Asociados: Teodoro Tenenbaum<br>Direcci\u00f3n de Obra: Mariela Mu\u00f1oz<br>Equipo: Sergio Fernandez, Fernando Brunstein, Malena Villafa\u00f1e, Gustavo Grassano, Carlos Ramirez Matto, Gabriel Atach<br>Desarrolladora: <a href=\"https:\/\/www.dimion.com.ar\" target=\"_blank\" rel=\"noreferrer noopener\">Dimion Real Estate<\/a><br>Superficie construida: 4998 m2<br>Unidades funcionales: 24<br>Tipolog\u00eda: Edificio de viviendas<br>A\u00f1o finalizaci\u00f3n: 2021<br>Fotograf\u00edas: <a href=\"https:\/\/albanogarcia.com.ar\" target=\"_blank\" rel=\"noreferrer noopener\">Albano Garcia<\/a><br><br><strong>Contacto<\/strong><br><a href=\"https:\/\/www.forcinitoarqs.com\" target=\"_blank\" rel=\"noreferrer noopener\">https:\/\/www.forcinitoarqs.com<\/a><\/p>\n\n\n\n<div style=\"height:20px\" aria-hidden=\"true\" class=\"wp-block-spacer\"><\/div>\n\n\n<p><strong>Acerca de Forcinito Arquitectos<\/strong><br>Fundado hace 20 a\u00f1os, el estudio Martin Forcinito Arquitectos lleva adelante la producci\u00f3n de m\u00faltiples proyectos de arquitectura de diferentes envergaduras y tipolog\u00edas, pero siempre con un compromiso con el entorno natural y construido. A los primeros a\u00f1os del estudio con la obtenci\u00f3n de m\u00faltiples premios en concursos nacionales e internacionales, le sigui\u00f3 una etapa de desarrollo de edificios de peque\u00f1a y mediana escala en la Ciudad de Buenos Aires. Con el tiempo, estos proyectos fueron creciendo en importancia, consolid\u00e1ndose en grandes complejos de vivienda, en los cuales los ineludibles requerimientos comerciales conviven con una b\u00fasqueda arquitect\u00f3nica y la relaci\u00f3n armoniosa con el entorno natural. Entre otros se destacan los complejos El Reflejo y La Mansa, ambos en Nordelta.<\/p>\n<p>Paralelamente a estos proyectos, se desarrollaron proyectos urban\u00edsticos en diferentes puntos del pa\u00eds, as\u00ed como la concreci\u00f3n de edificios de viviendas y oficinas en la Ciudad de Buenos Aires. La experiencia proyectual obtenida en estos a\u00f1os, tambi\u00e9n abri\u00f3 la posibilidad de participar en un concurso privado con el fin de definir la implantaci\u00f3n y el proyecto de un hotel boutique en Futaleuf\u00fa, Chile: Uman Lodge, la primera obra fuera de la Argentina del Estudio.<\/p>\n<p>El estudio vive en su presente una nueva etapa, en la cual las obras se desarrollan con un profundo estudio de la ciudad, de su crecimiento y de su configuraci\u00f3n urban\u00edstica, respetando el entorno construido, con la intenci\u00f3n de participar positivamente en la consolidaci\u00f3n de un tejido sustentable en t\u00e9rminos urban\u00edsticos y arquitect\u00f3nicos. Este objetivo se consolida mediante un profundo estudio del C\u00f3digo Urban\u00edstico, de la implantaci\u00f3n de sus proyectos, de sus limitantes y sus posibilidades, determinando as\u00ed, las volumetr\u00edas resultantes. De igual manera, el Estudio tiene como premisa la generaci\u00f3n de espacios que beneficien a los futuros usuarios de sus proyectos, buscando siempre generar una experiencia \u00fanica en el acto de habitar.<\/p>\n<p>A la vez, se considera siempre a la arquitectura como un acto de construcci\u00f3n real, lo que lleva a que los proyectos siempre se materialicen. Eso es posible gracias a un desarrollo meticuloso de los detalles, de las posibilidades de los materiales y de la tecnolog\u00eda disponible, desde el inicio hasta la obra concluida.<\/p>\n<p>Es importante destacar que a partir de los inevitables requerimientos comerciales, la implementaci\u00f3n de todo lo anterior produce que puedan convivir ambas referencias, tanto la comercial como la arquitect\u00f3nica, sin sacrificar los valores del Estudio.<\/p>\n<p>As\u00ed el estudio Mart\u00edn Forcinito Arquitectos se consolida como uno de los m\u00e1s prol\u00edficos dentro de una nueva generaci\u00f3n de arquitectos argentinos, donde se conciertan aspectos innegociables de arquitectura de calidad, la materializaci\u00f3n real y armoniosa con el entorno existente, junto a una optimizaci\u00f3n del c\u00f3digo urban\u00edstico y los aspectos comerciales.<\/p>\n\n\n<div style=\"height:40px\" aria-hidden=\"true\" class=\"wp-block-spacer\"><\/div>\n\n\n<p><strong><em>English version<\/em><\/strong><\/p>\n<p><em>In September of 2021, the Torre Dimion was inaugurated in 490 Boyac\u00e1 St., in the city of Buenos Aires, Argentina. The design and construction management were in charge of Forcinito Arquitectos studio, and developed by Dimion Real Estate.<\/em><\/p>\n<p><em>The volumetric conformation of this building results from a deep analysis of the environment and the urban regulations that define it. Designed during the transition period from the Urban Planning Code (previous) to the Urban Code (current), the volumetry responds to a typological combination. Located in what was previously the C3II zoning, the lower volume responds to the maximum permitted heights, dissimilar between the two streets that make up the property. At the corner, the tower detaches itself from the basement, forming an independent body that respects the maximum heights of a volume with a free perimeter. In this way, the urban profile in the lower volumes is consolidated without disruption, while the free-standing tower forms a landmark in the neighbourhood, that materializes the corner in a new morphological and symbolic value.<\/em><\/p>\n<p><em>The materiality of the building responds to the geometric premises described. The basement generates an irregularly exposed concrete skin, allowing the necessary openings programmatically, and providing scale to the urban complex. The tower rises crystalline above, highlighting its vertical design. The openings in both cases, escape the traditional responses. The slits in the openwork plates, result in vertical windows according to the programmatic needs of the lower floors in the city. On the upper floors, the glass skin solves the search for lighting and views, but with residential characteristics, adapting a typical office technique into a new typology and re-signifying it.<\/em><\/p>\n<p><em>The intersection of both systems results in an open corner, making the balconies part of the architecture, instead of the typical appendage projections of Buenos Aires neighborhoods. The concrete slab descends to the middle of the pedestrian level, hanging by means of a system of tensioners in the concrete. In this way, it generates and invites access and incorporates it into the general morphology. In this way, the balconies, the access and the windows are the result of the general logic of the building, instead of being its conditioning factors. The top of the building is made up of a larger-scale glazed volume, which frames the covered pool, forming useful amenities all year round, with views of the entire city.<\/em><\/p>\n<p><em>The building has premium units of 4 and 5 rooms, with details and atypical interior design in the neighborhood. Amenities of different sizes were designed, where the aforementioned covered and heated pool stands out on the last level, a multipurpose room, kids club and gym.<\/em><\/p>\n<div style=\"font-size: 0px; height: 0px; line-height: 0px; margin: 0; padding: 0; clear: both;\"><\/div><div style=\"margin-top: 0px; margin-bottom: 0px;\" class=\"sharethis-inline-share-buttons\" ><\/div>","protected":false},"excerpt":{"rendered":"<p>La torre se alza cristalina por encima de las placas caladas, resaltando su dise\u00f1o vertical&#8230;<\/p>\n","protected":false},"author":1,"featured_media":68682,"comment_status":"closed","ping_status":"closed","sticky":false,"template":"","format":"standard","meta":{"_uag_custom_page_level_css":"","footnotes":""},"categories":[80,1],"tags":[16,1062,7192,7193,7195,5768],"class_list":["post-68681","post","type-post","status-publish","format-standard","has-post-thumbnail","hentry","category-edificio-viviendas","category-proyecto","tag-buenos-aires","tag-caballito","tag-forcinito-arquitectos","tag-martin-forcinito","tag-teodoro-tenenbaum","tag-torre-de-viviendas","generate-columns","tablet-grid-50","mobile-grid-100","grid-parent","grid-50"],"yoast_head":"<!-- This site is optimized with the Yoast SEO plugin v27.3 - https:\/\/yoast.com\/product\/yoast-seo-wordpress\/ -->\n<title>Torre Dimion \/ Forcinito Arquitectos - Arquimaster<\/title>\n<meta name=\"description\" content=\"La torre se alza cristalina por encima de las placas caladas, resaltando su dise\u00f1o vertical.\" \/>\n<meta name=\"robots\" content=\"index, follow, max-snippet:-1, max-image-preview:large, max-video-preview:-1\" \/>\n<link rel=\"canonical\" href=\"https:\/\/www.arquimaster.com.ar\/web\/torre-dimion-forcinito-arquitectos\/\" \/>\n<meta property=\"og:locale\" content=\"es_ES\" \/>\n<meta property=\"og:type\" content=\"article\" \/>\n<meta property=\"og:title\" content=\"Torre Dimion \/ Forcinito Arquitectos\" \/>\n<meta property=\"og:description\" content=\"La torre se alza cristalina por encima de las placas caladas, resaltando su dise\u00f1o vertical.\" \/>\n<meta property=\"og:url\" content=\"https:\/\/www.arquimaster.com.ar\/web\/torre-dimion-forcinito-arquitectos\/\" \/>\n<meta property=\"og:site_name\" content=\"Arquimaster\" \/>\n<meta property=\"article:publisher\" content=\"http:\/\/www.facebook.com\/ARQUIMASTER.com.ar\" \/>\n<meta property=\"article:published_time\" content=\"2022-02-10T20:51:51+00:00\" \/>\n<meta property=\"article:modified_time\" content=\"2022-08-01T16:45:02+00:00\" \/>\n<meta property=\"og:image\" content=\"https:\/\/www.arquimaster.com.ar\/web\/wp-content\/uploads\/2022\/02\/torre_dimion_slide.jpg\" \/>\n\t<meta property=\"og:image:width\" content=\"698\" \/>\n\t<meta property=\"og:image:height\" content=\"364\" \/>\n\t<meta property=\"og:image:type\" content=\"image\/jpeg\" \/>\n<meta name=\"author\" content=\"Arquimaster\" \/>\n<meta name=\"twitter:card\" content=\"summary_large_image\" \/>\n<meta name=\"twitter:title\" content=\"Torre Dimion \/ Forcinito Arquitectos\" \/>\n<meta name=\"twitter:description\" content=\"La torre se alza cristalina por encima de las placas caladas, resaltando su dise\u00f1o vertical.\" \/>\n<meta name=\"twitter:image\" content=\"https:\/\/www.arquimaster.com.ar\/web\/wp-content\/uploads\/2022\/02\/torre_dimion_slide.jpg\" \/>\n<meta name=\"twitter:creator\" content=\"@arquimaster\" \/>\n<meta name=\"twitter:site\" content=\"@arquimaster\" \/>\n<meta name=\"twitter:label1\" content=\"Escrito por\" \/>\n\t<meta name=\"twitter:data1\" content=\"Arquimaster\" \/>\n\t<meta name=\"twitter:label2\" content=\"Tiempo de lectura\" \/>\n\t<meta name=\"twitter:data2\" content=\"7 minutos\" \/>\n<script type=\"application\/ld+json\" class=\"yoast-schema-graph\">{\"@context\":\"https:\\\/\\\/schema.org\",\"@graph\":[{\"@type\":\"Article\",\"@id\":\"https:\\\/\\\/www.arquimaster.com.ar\\\/web\\\/torre-dimion-forcinito-arquitectos\\\/#article\",\"isPartOf\":{\"@id\":\"https:\\\/\\\/www.arquimaster.com.ar\\\/web\\\/torre-dimion-forcinito-arquitectos\\\/\"},\"author\":{\"name\":\"Arquimaster\",\"@id\":\"https:\\\/\\\/www.arquimaster.com.ar\\\/web\\\/#\\\/schema\\\/person\\\/359e9f7c00193fcde068e0dd2ceb0028\"},\"headline\":\"Torre Dimion \\\/ Forcinito Arquitectos\",\"datePublished\":\"2022-02-10T20:51:51+00:00\",\"dateModified\":\"2022-08-01T16:45:02+00:00\",\"mainEntityOfPage\":{\"@id\":\"https:\\\/\\\/www.arquimaster.com.ar\\\/web\\\/torre-dimion-forcinito-arquitectos\\\/\"},\"wordCount\":1475,\"publisher\":{\"@id\":\"https:\\\/\\\/www.arquimaster.com.ar\\\/web\\\/#organization\"},\"image\":{\"@id\":\"https:\\\/\\\/www.arquimaster.com.ar\\\/web\\\/torre-dimion-forcinito-arquitectos\\\/#primaryimage\"},\"thumbnailUrl\":\"https:\\\/\\\/www.arquimaster.com.ar\\\/web\\\/wp-content\\\/uploads\\\/2022\\\/02\\\/torre_dimion_slide.jpg\",\"keywords\":[\"Buenos Aires\",\"Caballito\",\"Forcinito Arquitectos\",\"Martin Forcinito\",\"Teodoro Tenenbaum\",\"torre de viviendas\"],\"articleSection\":[\"Edificios de viviendas\",\"Proyecto\"],\"inLanguage\":\"es\"},{\"@type\":\"WebPage\",\"@id\":\"https:\\\/\\\/www.arquimaster.com.ar\\\/web\\\/torre-dimion-forcinito-arquitectos\\\/\",\"url\":\"https:\\\/\\\/www.arquimaster.com.ar\\\/web\\\/torre-dimion-forcinito-arquitectos\\\/\",\"name\":\"Torre Dimion \\\/ Forcinito Arquitectos - Arquimaster\",\"isPartOf\":{\"@id\":\"https:\\\/\\\/www.arquimaster.com.ar\\\/web\\\/#website\"},\"primaryImageOfPage\":{\"@id\":\"https:\\\/\\\/www.arquimaster.com.ar\\\/web\\\/torre-dimion-forcinito-arquitectos\\\/#primaryimage\"},\"image\":{\"@id\":\"https:\\\/\\\/www.arquimaster.com.ar\\\/web\\\/torre-dimion-forcinito-arquitectos\\\/#primaryimage\"},\"thumbnailUrl\":\"https:\\\/\\\/www.arquimaster.com.ar\\\/web\\\/wp-content\\\/uploads\\\/2022\\\/02\\\/torre_dimion_slide.jpg\",\"datePublished\":\"2022-02-10T20:51:51+00:00\",\"dateModified\":\"2022-08-01T16:45:02+00:00\",\"description\":\"La torre se alza cristalina por encima de las placas caladas, resaltando su dise\u00f1o vertical.\",\"breadcrumb\":{\"@id\":\"https:\\\/\\\/www.arquimaster.com.ar\\\/web\\\/torre-dimion-forcinito-arquitectos\\\/#breadcrumb\"},\"inLanguage\":\"es\",\"potentialAction\":[{\"@type\":\"ReadAction\",\"target\":[\"https:\\\/\\\/www.arquimaster.com.ar\\\/web\\\/torre-dimion-forcinito-arquitectos\\\/\"]}]},{\"@type\":\"ImageObject\",\"inLanguage\":\"es\",\"@id\":\"https:\\\/\\\/www.arquimaster.com.ar\\\/web\\\/torre-dimion-forcinito-arquitectos\\\/#primaryimage\",\"url\":\"https:\\\/\\\/www.arquimaster.com.ar\\\/web\\\/wp-content\\\/uploads\\\/2022\\\/02\\\/torre_dimion_slide.jpg\",\"contentUrl\":\"https:\\\/\\\/www.arquimaster.com.ar\\\/web\\\/wp-content\\\/uploads\\\/2022\\\/02\\\/torre_dimion_slide.jpg\",\"width\":698,\"height\":364,\"caption\":\"Torre Dimion \\\/ Forcinito Arquitectos\"},{\"@type\":\"BreadcrumbList\",\"@id\":\"https:\\\/\\\/www.arquimaster.com.ar\\\/web\\\/torre-dimion-forcinito-arquitectos\\\/#breadcrumb\",\"itemListElement\":[{\"@type\":\"ListItem\",\"position\":1,\"name\":\"Portada\",\"item\":\"https:\\\/\\\/www.arquimaster.com.ar\\\/web\\\/\"},{\"@type\":\"ListItem\",\"position\":2,\"name\":\"Torre Dimion \\\/ Forcinito Arquitectos\"}]},{\"@type\":\"WebSite\",\"@id\":\"https:\\\/\\\/www.arquimaster.com.ar\\\/web\\\/#website\",\"url\":\"https:\\\/\\\/www.arquimaster.com.ar\\\/web\\\/\",\"name\":\"Arquimaster\",\"description\":\"Web de arquitectura, dise\u00f1o y construccion\",\"publisher\":{\"@id\":\"https:\\\/\\\/www.arquimaster.com.ar\\\/web\\\/#organization\"},\"potentialAction\":[{\"@type\":\"SearchAction\",\"target\":{\"@type\":\"EntryPoint\",\"urlTemplate\":\"https:\\\/\\\/www.arquimaster.com.ar\\\/web\\\/?s={search_term_string}\"},\"query-input\":{\"@type\":\"PropertyValueSpecification\",\"valueRequired\":true,\"valueName\":\"search_term_string\"}}],\"inLanguage\":\"es\"},{\"@type\":\"Organization\",\"@id\":\"https:\\\/\\\/www.arquimaster.com.ar\\\/web\\\/#organization\",\"name\":\"Arquimaster\",\"url\":\"https:\\\/\\\/www.arquimaster.com.ar\\\/web\\\/\",\"logo\":{\"@type\":\"ImageObject\",\"inLanguage\":\"es\",\"@id\":\"https:\\\/\\\/www.arquimaster.com.ar\\\/web\\\/#\\\/schema\\\/logo\\\/image\\\/\",\"url\":\"https:\\\/\\\/www.arquimaster.com.ar\\\/web\\\/wp-content\\\/uploads\\\/2022\\\/06\\\/arquimaster.png\",\"contentUrl\":\"https:\\\/\\\/www.arquimaster.com.ar\\\/web\\\/wp-content\\\/uploads\\\/2022\\\/06\\\/arquimaster.png\",\"width\":594,\"height\":78,\"caption\":\"Arquimaster\"},\"image\":{\"@id\":\"https:\\\/\\\/www.arquimaster.com.ar\\\/web\\\/#\\\/schema\\\/logo\\\/image\\\/\"},\"sameAs\":[\"http:\\\/\\\/www.facebook.com\\\/ARQUIMASTER.com.ar\",\"https:\\\/\\\/x.com\\\/arquimaster\",\"https:\\\/\\\/www.instagram.com\\\/arquimasterblog\\\/\",\"https:\\\/\\\/www.linkedin.com\\\/company\\\/arquimaster\",\"https:\\\/\\\/www.pinterest.com\\\/arquimaster\",\"https:\\\/\\\/t.me\\\/arquimaster\"]},{\"@type\":\"Person\",\"@id\":\"https:\\\/\\\/www.arquimaster.com.ar\\\/web\\\/#\\\/schema\\\/person\\\/359e9f7c00193fcde068e0dd2ceb0028\",\"name\":\"Arquimaster\"}]}<\/script>\n<!-- \/ Yoast SEO plugin. -->","yoast_head_json":{"title":"Torre Dimion \/ Forcinito Arquitectos - Arquimaster","description":"La torre se alza cristalina por encima de las placas caladas, resaltando su dise\u00f1o vertical.","robots":{"index":"index","follow":"follow","max-snippet":"max-snippet:-1","max-image-preview":"max-image-preview:large","max-video-preview":"max-video-preview:-1"},"canonical":"https:\/\/www.arquimaster.com.ar\/web\/torre-dimion-forcinito-arquitectos\/","og_locale":"es_ES","og_type":"article","og_title":"Torre Dimion \/ Forcinito Arquitectos","og_description":"La torre se alza cristalina por encima de las placas caladas, resaltando su dise\u00f1o vertical.","og_url":"https:\/\/www.arquimaster.com.ar\/web\/torre-dimion-forcinito-arquitectos\/","og_site_name":"Arquimaster","article_publisher":"http:\/\/www.facebook.com\/ARQUIMASTER.com.ar","article_published_time":"2022-02-10T20:51:51+00:00","article_modified_time":"2022-08-01T16:45:02+00:00","og_image":[{"width":698,"height":364,"url":"https:\/\/www.arquimaster.com.ar\/web\/wp-content\/uploads\/2022\/02\/torre_dimion_slide.jpg","type":"image\/jpeg"}],"author":"Arquimaster","twitter_card":"summary_large_image","twitter_title":"Torre Dimion \/ Forcinito Arquitectos","twitter_description":"La torre se alza cristalina por encima de las placas caladas, resaltando su dise\u00f1o vertical.","twitter_image":"https:\/\/www.arquimaster.com.ar\/web\/wp-content\/uploads\/2022\/02\/torre_dimion_slide.jpg","twitter_creator":"@arquimaster","twitter_site":"@arquimaster","twitter_misc":{"Escrito por":"Arquimaster","Tiempo de lectura":"7 minutos"},"schema":{"@context":"https:\/\/schema.org","@graph":[{"@type":"Article","@id":"https:\/\/www.arquimaster.com.ar\/web\/torre-dimion-forcinito-arquitectos\/#article","isPartOf":{"@id":"https:\/\/www.arquimaster.com.ar\/web\/torre-dimion-forcinito-arquitectos\/"},"author":{"name":"Arquimaster","@id":"https:\/\/www.arquimaster.com.ar\/web\/#\/schema\/person\/359e9f7c00193fcde068e0dd2ceb0028"},"headline":"Torre Dimion \/ Forcinito Arquitectos","datePublished":"2022-02-10T20:51:51+00:00","dateModified":"2022-08-01T16:45:02+00:00","mainEntityOfPage":{"@id":"https:\/\/www.arquimaster.com.ar\/web\/torre-dimion-forcinito-arquitectos\/"},"wordCount":1475,"publisher":{"@id":"https:\/\/www.arquimaster.com.ar\/web\/#organization"},"image":{"@id":"https:\/\/www.arquimaster.com.ar\/web\/torre-dimion-forcinito-arquitectos\/#primaryimage"},"thumbnailUrl":"https:\/\/www.arquimaster.com.ar\/web\/wp-content\/uploads\/2022\/02\/torre_dimion_slide.jpg","keywords":["Buenos Aires","Caballito","Forcinito Arquitectos","Martin Forcinito","Teodoro Tenenbaum","torre de viviendas"],"articleSection":["Edificios de viviendas","Proyecto"],"inLanguage":"es"},{"@type":"WebPage","@id":"https:\/\/www.arquimaster.com.ar\/web\/torre-dimion-forcinito-arquitectos\/","url":"https:\/\/www.arquimaster.com.ar\/web\/torre-dimion-forcinito-arquitectos\/","name":"Torre Dimion \/ Forcinito Arquitectos - Arquimaster","isPartOf":{"@id":"https:\/\/www.arquimaster.com.ar\/web\/#website"},"primaryImageOfPage":{"@id":"https:\/\/www.arquimaster.com.ar\/web\/torre-dimion-forcinito-arquitectos\/#primaryimage"},"image":{"@id":"https:\/\/www.arquimaster.com.ar\/web\/torre-dimion-forcinito-arquitectos\/#primaryimage"},"thumbnailUrl":"https:\/\/www.arquimaster.com.ar\/web\/wp-content\/uploads\/2022\/02\/torre_dimion_slide.jpg","datePublished":"2022-02-10T20:51:51+00:00","dateModified":"2022-08-01T16:45:02+00:00","description":"La torre se alza cristalina por encima de las placas caladas, resaltando su dise\u00f1o vertical.","breadcrumb":{"@id":"https:\/\/www.arquimaster.com.ar\/web\/torre-dimion-forcinito-arquitectos\/#breadcrumb"},"inLanguage":"es","potentialAction":[{"@type":"ReadAction","target":["https:\/\/www.arquimaster.com.ar\/web\/torre-dimion-forcinito-arquitectos\/"]}]},{"@type":"ImageObject","inLanguage":"es","@id":"https:\/\/www.arquimaster.com.ar\/web\/torre-dimion-forcinito-arquitectos\/#primaryimage","url":"https:\/\/www.arquimaster.com.ar\/web\/wp-content\/uploads\/2022\/02\/torre_dimion_slide.jpg","contentUrl":"https:\/\/www.arquimaster.com.ar\/web\/wp-content\/uploads\/2022\/02\/torre_dimion_slide.jpg","width":698,"height":364,"caption":"Torre Dimion \/ Forcinito Arquitectos"},{"@type":"BreadcrumbList","@id":"https:\/\/www.arquimaster.com.ar\/web\/torre-dimion-forcinito-arquitectos\/#breadcrumb","itemListElement":[{"@type":"ListItem","position":1,"name":"Portada","item":"https:\/\/www.arquimaster.com.ar\/web\/"},{"@type":"ListItem","position":2,"name":"Torre Dimion \/ Forcinito Arquitectos"}]},{"@type":"WebSite","@id":"https:\/\/www.arquimaster.com.ar\/web\/#website","url":"https:\/\/www.arquimaster.com.ar\/web\/","name":"Arquimaster","description":"Web de arquitectura, dise\u00f1o y construccion","publisher":{"@id":"https:\/\/www.arquimaster.com.ar\/web\/#organization"},"potentialAction":[{"@type":"SearchAction","target":{"@type":"EntryPoint","urlTemplate":"https:\/\/www.arquimaster.com.ar\/web\/?s={search_term_string}"},"query-input":{"@type":"PropertyValueSpecification","valueRequired":true,"valueName":"search_term_string"}}],"inLanguage":"es"},{"@type":"Organization","@id":"https:\/\/www.arquimaster.com.ar\/web\/#organization","name":"Arquimaster","url":"https:\/\/www.arquimaster.com.ar\/web\/","logo":{"@type":"ImageObject","inLanguage":"es","@id":"https:\/\/www.arquimaster.com.ar\/web\/#\/schema\/logo\/image\/","url":"https:\/\/www.arquimaster.com.ar\/web\/wp-content\/uploads\/2022\/06\/arquimaster.png","contentUrl":"https:\/\/www.arquimaster.com.ar\/web\/wp-content\/uploads\/2022\/06\/arquimaster.png","width":594,"height":78,"caption":"Arquimaster"},"image":{"@id":"https:\/\/www.arquimaster.com.ar\/web\/#\/schema\/logo\/image\/"},"sameAs":["http:\/\/www.facebook.com\/ARQUIMASTER.com.ar","https:\/\/x.com\/arquimaster","https:\/\/www.instagram.com\/arquimasterblog\/","https:\/\/www.linkedin.com\/company\/arquimaster","https:\/\/www.pinterest.com\/arquimaster","https:\/\/t.me\/arquimaster"]},{"@type":"Person","@id":"https:\/\/www.arquimaster.com.ar\/web\/#\/schema\/person\/359e9f7c00193fcde068e0dd2ceb0028","name":"Arquimaster"}]}},"uagb_featured_image_src":{"full":["https:\/\/www.arquimaster.com.ar\/web\/wp-content\/uploads\/2022\/02\/torre_dimion_slide.jpg",698,364,false],"thumbnail":["https:\/\/www.arquimaster.com.ar\/web\/wp-content\/uploads\/2022\/02\/torre_dimion_slide-150x150.jpg",150,150,true],"medium":["https:\/\/www.arquimaster.com.ar\/web\/wp-content\/uploads\/2022\/02\/torre_dimion_slide.jpg",698,364,false],"medium_large":["https:\/\/www.arquimaster.com.ar\/web\/wp-content\/uploads\/2022\/02\/torre_dimion_slide.jpg",698,364,false],"large":["https:\/\/www.arquimaster.com.ar\/web\/wp-content\/uploads\/2022\/02\/torre_dimion_slide.jpg",698,364,false],"1536x1536":["https:\/\/www.arquimaster.com.ar\/web\/wp-content\/uploads\/2022\/02\/torre_dimion_slide.jpg",698,364,false],"2048x2048":["https:\/\/www.arquimaster.com.ar\/web\/wp-content\/uploads\/2022\/02\/torre_dimion_slide.jpg",698,364,false]},"uagb_author_info":{"display_name":"Arquimaster","author_link":"https:\/\/www.arquimaster.com.ar\/web\/author\/arquimaster\/"},"uagb_comment_info":0,"uagb_excerpt":"La torre se alza cristalina por encima de las placas caladas, resaltando su dise\u00f1o vertical...","_links":{"self":[{"href":"https:\/\/www.arquimaster.com.ar\/web\/wp-json\/wp\/v2\/posts\/68681","targetHints":{"allow":["GET"]}}],"collection":[{"href":"https:\/\/www.arquimaster.com.ar\/web\/wp-json\/wp\/v2\/posts"}],"about":[{"href":"https:\/\/www.arquimaster.com.ar\/web\/wp-json\/wp\/v2\/types\/post"}],"author":[{"embeddable":true,"href":"https:\/\/www.arquimaster.com.ar\/web\/wp-json\/wp\/v2\/users\/1"}],"replies":[{"embeddable":true,"href":"https:\/\/www.arquimaster.com.ar\/web\/wp-json\/wp\/v2\/comments?post=68681"}],"version-history":[{"count":3,"href":"https:\/\/www.arquimaster.com.ar\/web\/wp-json\/wp\/v2\/posts\/68681\/revisions"}],"predecessor-version":[{"id":71737,"href":"https:\/\/www.arquimaster.com.ar\/web\/wp-json\/wp\/v2\/posts\/68681\/revisions\/71737"}],"wp:featuredmedia":[{"embeddable":true,"href":"https:\/\/www.arquimaster.com.ar\/web\/wp-json\/wp\/v2\/media\/68682"}],"wp:attachment":[{"href":"https:\/\/www.arquimaster.com.ar\/web\/wp-json\/wp\/v2\/media?parent=68681"}],"wp:term":[{"taxonomy":"category","embeddable":true,"href":"https:\/\/www.arquimaster.com.ar\/web\/wp-json\/wp\/v2\/categories?post=68681"},{"taxonomy":"post_tag","embeddable":true,"href":"https:\/\/www.arquimaster.com.ar\/web\/wp-json\/wp\/v2\/tags?post=68681"}],"curies":[{"name":"wp","href":"https:\/\/api.w.org\/{rel}","templated":true}]}}