{"id":68796,"date":"2022-02-17T19:30:24","date_gmt":"2022-02-17T22:30:24","guid":{"rendered":"https:\/\/www.arquimaster.com.ar\/web\/?p=68796"},"modified":"2022-08-15T18:51:52","modified_gmt":"2022-08-15T21:51:52","slug":"oratorio-san-peregrino-asi-arquitectura","status":"publish","type":"post","link":"https:\/\/www.arquimaster.com.ar\/web\/oratorio-san-peregrino-asi-arquitectura\/","title":{"rendered":"Oratorio San Peregrino \/ AS\u00cd! Arquitectura"},"content":{"rendered":"<div style=\"margin-top: 0px; margin-bottom: 0px;\" class=\"sharethis-inline-share-buttons\" ><\/div><div class=\"b812932af2e751442846f039925109de\" data-index=\"1\" style=\"float: none; margin:25px 0 25px 0; text-align:center;\">\n<script async src=\"https:\/\/pagead2.googlesyndication.com\/pagead\/js\/adsbygoogle.js\"><\/script>\r\n<!-- Arquimaster (superior) -->\r\n<ins class=\"adsbygoogle\"\r\n     style=\"display:block\"\r\n     data-ad-client=\"ca-pub-6351072698456832\"\r\n     data-ad-slot=\"6455489680\"\r\n     data-ad-format=\"auto\"\r\n     data-full-width-responsive=\"true\"><\/ins>\r\n<script>\r\n     (adsbygoogle = window.adsbygoogle || []).push({});\r\n<\/script>\n<\/div>\n<p><strong>Oratorio San Peregrino<\/strong> (Paran\u00e1, Pcia. de Entre R\u00edos, Argentina) por <strong>AS\u00cd! Arquitectura<\/strong>. El proyecto se ubica en un sector urbano muy consolidado, sobre una calle de intenso tr\u00e1nsito al sur de la ciudad de Paran\u00e1. Inicialmente, el lugar era un \u00e1rea sin urbanizar y despoblada en la cual se erigi\u00f3 un templo peque\u00f1o, con techo a dos aguas y torre lateral. Luego, con el avance de los a\u00f1os, la ciudad creci\u00f3 y tambi\u00e9n su entorno inmediato construido. El templo inicial qued\u00f3 peque\u00f1o para la demanda que deb\u00eda satisfacer, y por ello se construye al lado un edificio m\u00e1s grande para ese fin. En una tercera etapa, se construy\u00f3 un sal\u00f3n parroquial, aulas y dem\u00e1s dependencias, y ante tal crecimiento, el peque\u00f1o templo inicial pasa a albergar los sanitarios para todo el conjunto, degradando su simbolismo y su historia. Frente a ello, la implantaci\u00f3n y la forma del Oratorio San Peregrino, busca reivindicar y revalorizar el simbolismo y el significado original. Por eso, se posiciona en el atrio del primer templo.<\/p>\n<div id='gallery-1' class='gallery galleryid-68796 gallery-columns-3 gallery-size-thumbnail'><figure class='gallery-item'>\n\t\t\t<div class='gallery-icon portrait'>\n\t\t\t\t<a href='https:\/\/www.arquimaster.com.ar\/web\/wp-content\/uploads\/2022\/02\/oratorio_san_peregrino1.jpg' title=\"Oratorio San Peregrino \/ AS\u00cd! Arquitectura (\u00a9 Ramiro Sosa)\" data-rl_title=\"Oratorio San Peregrino \/ AS\u00cd! Arquitectura (\u00a9 Ramiro Sosa)\" class=\"rl-gallery-link\" data-rl_caption=\"Oratorio San Peregrino \/ AS\u00cd! Arquitectura (\u00a9 Ramiro Sosa)\" data-rel=\"lightbox-gallery-1\"><img loading=\"lazy\" decoding=\"async\" width=\"150\" height=\"150\" src=\"https:\/\/www.arquimaster.com.ar\/web\/wp-content\/uploads\/2022\/02\/oratorio_san_peregrino1-150x150.jpg\" class=\"attachment-thumbnail size-thumbnail\" alt=\"Oratorio San Peregrino \/ AS\u00cd! Arquitectura\" aria-describedby=\"gallery-1-68798\" \/><\/a>\n\t\t\t<\/div>\n\t\t\t\t<figcaption class='wp-caption-text gallery-caption' id='gallery-1-68798'>\n\t\t\t\tOratorio San Peregrino \/ AS\u00cd! Arquitectura (\u00a9 Ramiro Sosa)\n\t\t\t\t<\/figcaption><\/figure><figure class='gallery-item'>\n\t\t\t<div class='gallery-icon landscape'>\n\t\t\t\t<a href='https:\/\/www.arquimaster.com.ar\/web\/wp-content\/uploads\/2022\/02\/oratorio_san_peregrino2.jpg' title=\"Oratorio San Peregrino \/ AS\u00cd! Arquitectura (\u00a9 Ramiro Sosa)\" data-rl_title=\"Oratorio San Peregrino \/ AS\u00cd! Arquitectura (\u00a9 Ramiro Sosa)\" class=\"rl-gallery-link\" data-rl_caption=\"Oratorio San Peregrino \/ AS\u00cd! Arquitectura (\u00a9 Ramiro Sosa)\" data-rel=\"lightbox-gallery-1\"><img loading=\"lazy\" decoding=\"async\" width=\"150\" height=\"150\" src=\"https:\/\/www.arquimaster.com.ar\/web\/wp-content\/uploads\/2022\/02\/oratorio_san_peregrino2-150x150.jpg\" class=\"attachment-thumbnail size-thumbnail\" alt=\"Oratorio San Peregrino \/ AS\u00cd! Arquitectura\" aria-describedby=\"gallery-1-68799\" \/><\/a>\n\t\t\t<\/div>\n\t\t\t\t<figcaption class='wp-caption-text gallery-caption' id='gallery-1-68799'>\n\t\t\t\tOratorio San Peregrino \/ AS\u00cd! Arquitectura (\u00a9 Ramiro Sosa)\n\t\t\t\t<\/figcaption><\/figure><figure class='gallery-item'>\n\t\t\t<div class='gallery-icon portrait'>\n\t\t\t\t<a href='https:\/\/www.arquimaster.com.ar\/web\/wp-content\/uploads\/2022\/02\/oratorio_san_peregrino3.jpg' title=\"Oratorio San Peregrino \/ AS\u00cd! Arquitectura (\u00a9 Ramiro Sosa)\" data-rl_title=\"Oratorio San Peregrino \/ AS\u00cd! Arquitectura (\u00a9 Ramiro Sosa)\" class=\"rl-gallery-link\" data-rl_caption=\"Oratorio San Peregrino \/ AS\u00cd! Arquitectura (\u00a9 Ramiro Sosa)\" data-rel=\"lightbox-gallery-1\"><img loading=\"lazy\" decoding=\"async\" width=\"150\" height=\"150\" src=\"https:\/\/www.arquimaster.com.ar\/web\/wp-content\/uploads\/2022\/02\/oratorio_san_peregrino3-150x150.jpg\" class=\"attachment-thumbnail size-thumbnail\" alt=\"Oratorio San Peregrino \/ AS\u00cd! Arquitectura\" aria-describedby=\"gallery-1-68800\" \/><\/a>\n\t\t\t<\/div>\n\t\t\t\t<figcaption class='wp-caption-text gallery-caption' id='gallery-1-68800'>\n\t\t\t\tOratorio San Peregrino \/ AS\u00cd! Arquitectura (\u00a9 Ramiro Sosa)\n\t\t\t\t<\/figcaption><\/figure><figure class='gallery-item'>\n\t\t\t<div class='gallery-icon portrait'>\n\t\t\t\t<a href='https:\/\/www.arquimaster.com.ar\/web\/wp-content\/uploads\/2022\/02\/oratorio_san_peregrino4.jpg' title=\"Oratorio San Peregrino \/ AS\u00cd! Arquitectura (\u00a9 Ramiro Sosa)\" data-rl_title=\"Oratorio San Peregrino \/ AS\u00cd! Arquitectura (\u00a9 Ramiro Sosa)\" class=\"rl-gallery-link\" data-rl_caption=\"Oratorio San Peregrino \/ AS\u00cd! Arquitectura (\u00a9 Ramiro Sosa)\" data-rel=\"lightbox-gallery-1\"><img loading=\"lazy\" decoding=\"async\" width=\"150\" height=\"150\" src=\"https:\/\/www.arquimaster.com.ar\/web\/wp-content\/uploads\/2022\/02\/oratorio_san_peregrino4-150x150.jpg\" class=\"attachment-thumbnail size-thumbnail\" alt=\"Oratorio San Peregrino \/ AS\u00cd! Arquitectura\" aria-describedby=\"gallery-1-68801\" \/><\/a>\n\t\t\t<\/div>\n\t\t\t\t<figcaption class='wp-caption-text gallery-caption' id='gallery-1-68801'>\n\t\t\t\tOratorio San Peregrino \/ AS\u00cd! Arquitectura (\u00a9 Ramiro Sosa)\n\t\t\t\t<\/figcaption><\/figure><figure class='gallery-item'>\n\t\t\t<div class='gallery-icon portrait'>\n\t\t\t\t<a href='https:\/\/www.arquimaster.com.ar\/web\/wp-content\/uploads\/2022\/02\/oratorio_san_peregrino5.jpg' title=\"Oratorio San Peregrino \/ AS\u00cd! Arquitectura (\u00a9 Ramiro Sosa)\" data-rl_title=\"Oratorio San Peregrino \/ AS\u00cd! Arquitectura (\u00a9 Ramiro Sosa)\" class=\"rl-gallery-link\" data-rl_caption=\"Oratorio San Peregrino \/ AS\u00cd! Arquitectura (\u00a9 Ramiro Sosa)\" data-rel=\"lightbox-gallery-1\"><img loading=\"lazy\" decoding=\"async\" width=\"150\" height=\"150\" src=\"https:\/\/www.arquimaster.com.ar\/web\/wp-content\/uploads\/2022\/02\/oratorio_san_peregrino5-150x150.jpg\" class=\"attachment-thumbnail size-thumbnail\" alt=\"Oratorio San Peregrino \/ AS\u00cd! Arquitectura\" aria-describedby=\"gallery-1-68802\" \/><\/a>\n\t\t\t<\/div>\n\t\t\t\t<figcaption class='wp-caption-text gallery-caption' id='gallery-1-68802'>\n\t\t\t\tOratorio San Peregrino \/ AS\u00cd! Arquitectura (\u00a9 Ramiro Sosa)\n\t\t\t\t<\/figcaption><\/figure><figure class='gallery-item'>\n\t\t\t<div class='gallery-icon portrait'>\n\t\t\t\t<a href='https:\/\/www.arquimaster.com.ar\/web\/wp-content\/uploads\/2022\/02\/oratorio_san_peregrino6.jpg' title=\"Oratorio San Peregrino \/ AS\u00cd! Arquitectura (\u00a9 Ramiro Sosa)\" data-rl_title=\"Oratorio San Peregrino \/ AS\u00cd! Arquitectura (\u00a9 Ramiro Sosa)\" class=\"rl-gallery-link\" data-rl_caption=\"Oratorio San Peregrino \/ AS\u00cd! Arquitectura (\u00a9 Ramiro Sosa)\" data-rel=\"lightbox-gallery-1\"><img loading=\"lazy\" decoding=\"async\" width=\"150\" height=\"150\" src=\"https:\/\/www.arquimaster.com.ar\/web\/wp-content\/uploads\/2022\/02\/oratorio_san_peregrino6-150x150.jpg\" class=\"attachment-thumbnail size-thumbnail\" alt=\"Oratorio San Peregrino \/ AS\u00cd! Arquitectura\" aria-describedby=\"gallery-1-68803\" \/><\/a>\n\t\t\t<\/div>\n\t\t\t\t<figcaption class='wp-caption-text gallery-caption' id='gallery-1-68803'>\n\t\t\t\tOratorio San Peregrino \/ AS\u00cd! Arquitectura (\u00a9 Ramiro Sosa)\n\t\t\t\t<\/figcaption><\/figure><figure class='gallery-item'>\n\t\t\t<div class='gallery-icon portrait'>\n\t\t\t\t<a href='https:\/\/www.arquimaster.com.ar\/web\/wp-content\/uploads\/2022\/02\/oratorio_san_peregrino7.jpg' title=\"Oratorio San Peregrino \/ AS\u00cd! Arquitectura (\u00a9 Ramiro Sosa)\" data-rl_title=\"Oratorio San Peregrino \/ AS\u00cd! Arquitectura (\u00a9 Ramiro Sosa)\" class=\"rl-gallery-link\" data-rl_caption=\"Oratorio San Peregrino \/ AS\u00cd! Arquitectura (\u00a9 Ramiro Sosa)\" data-rel=\"lightbox-gallery-1\"><img loading=\"lazy\" decoding=\"async\" width=\"150\" height=\"150\" src=\"https:\/\/www.arquimaster.com.ar\/web\/wp-content\/uploads\/2022\/02\/oratorio_san_peregrino7-150x150.jpg\" class=\"attachment-thumbnail size-thumbnail\" alt=\"Oratorio San Peregrino \/ AS\u00cd! Arquitectura\" aria-describedby=\"gallery-1-68804\" \/><\/a>\n\t\t\t<\/div>\n\t\t\t\t<figcaption class='wp-caption-text gallery-caption' id='gallery-1-68804'>\n\t\t\t\tOratorio San Peregrino \/ AS\u00cd! Arquitectura (\u00a9 Ramiro Sosa)\n\t\t\t\t<\/figcaption><\/figure><figure class='gallery-item'>\n\t\t\t<div class='gallery-icon portrait'>\n\t\t\t\t<a href='https:\/\/www.arquimaster.com.ar\/web\/wp-content\/uploads\/2022\/02\/oratorio_san_peregrino8.jpg' title=\"Oratorio San Peregrino \/ AS\u00cd! Arquitectura (\u00a9 Ramiro Sosa)\" data-rl_title=\"Oratorio San Peregrino \/ AS\u00cd! Arquitectura (\u00a9 Ramiro Sosa)\" class=\"rl-gallery-link\" data-rl_caption=\"Oratorio San Peregrino \/ AS\u00cd! Arquitectura (\u00a9 Ramiro Sosa)\" data-rel=\"lightbox-gallery-1\"><img loading=\"lazy\" decoding=\"async\" width=\"150\" height=\"150\" src=\"https:\/\/www.arquimaster.com.ar\/web\/wp-content\/uploads\/2022\/02\/oratorio_san_peregrino8-150x150.jpg\" class=\"attachment-thumbnail size-thumbnail\" alt=\"Oratorio San Peregrino \/ AS\u00cd! Arquitectura\" aria-describedby=\"gallery-1-68805\" \/><\/a>\n\t\t\t<\/div>\n\t\t\t\t<figcaption class='wp-caption-text gallery-caption' id='gallery-1-68805'>\n\t\t\t\tOratorio San Peregrino \/ AS\u00cd! Arquitectura (\u00a9 Ramiro Sosa)\n\t\t\t\t<\/figcaption><\/figure><figure class='gallery-item'>\n\t\t\t<div class='gallery-icon portrait'>\n\t\t\t\t<a href='https:\/\/www.arquimaster.com.ar\/web\/wp-content\/uploads\/2022\/02\/oratorio_san_peregrino9.jpg' title=\"Oratorio San Peregrino \/ AS\u00cd! Arquitectura (\u00a9 Ramiro Sosa)\" data-rl_title=\"Oratorio San Peregrino \/ AS\u00cd! Arquitectura (\u00a9 Ramiro Sosa)\" class=\"rl-gallery-link\" data-rl_caption=\"Oratorio San Peregrino \/ AS\u00cd! Arquitectura (\u00a9 Ramiro Sosa)\" data-rel=\"lightbox-gallery-1\"><img loading=\"lazy\" decoding=\"async\" width=\"150\" height=\"150\" src=\"https:\/\/www.arquimaster.com.ar\/web\/wp-content\/uploads\/2022\/02\/oratorio_san_peregrino9-150x150.jpg\" class=\"attachment-thumbnail size-thumbnail\" alt=\"Oratorio San Peregrino \/ AS\u00cd! Arquitectura\" aria-describedby=\"gallery-1-68806\" \/><\/a>\n\t\t\t<\/div>\n\t\t\t\t<figcaption class='wp-caption-text gallery-caption' id='gallery-1-68806'>\n\t\t\t\tOratorio San Peregrino \/ AS\u00cd! Arquitectura (\u00a9 Ramiro Sosa)\n\t\t\t\t<\/figcaption><\/figure><figure class='gallery-item'>\n\t\t\t<div class='gallery-icon portrait'>\n\t\t\t\t<a href='https:\/\/www.arquimaster.com.ar\/web\/wp-content\/uploads\/2022\/02\/oratorio_san_peregrino10.jpg' title=\"Oratorio San Peregrino \/ AS\u00cd! Arquitectura (\u00a9 Ramiro Sosa)\" data-rl_title=\"Oratorio San Peregrino \/ AS\u00cd! Arquitectura (\u00a9 Ramiro Sosa)\" class=\"rl-gallery-link\" data-rl_caption=\"Oratorio San Peregrino \/ AS\u00cd! Arquitectura (\u00a9 Ramiro Sosa)\" data-rel=\"lightbox-gallery-1\"><img loading=\"lazy\" decoding=\"async\" width=\"150\" height=\"150\" src=\"https:\/\/www.arquimaster.com.ar\/web\/wp-content\/uploads\/2022\/02\/oratorio_san_peregrino10-150x150.jpg\" class=\"attachment-thumbnail size-thumbnail\" alt=\"Oratorio San Peregrino \/ AS\u00cd! Arquitectura\" aria-describedby=\"gallery-1-68807\" \/><\/a>\n\t\t\t<\/div>\n\t\t\t\t<figcaption class='wp-caption-text gallery-caption' id='gallery-1-68807'>\n\t\t\t\tOratorio San Peregrino \/ AS\u00cd! Arquitectura (\u00a9 Ramiro Sosa)\n\t\t\t\t<\/figcaption><\/figure><figure class='gallery-item'>\n\t\t\t<div class='gallery-icon landscape'>\n\t\t\t\t<a href='https:\/\/www.arquimaster.com.ar\/web\/wp-content\/uploads\/2022\/02\/oratorio_san_peregrino11.jpg' title=\"Oratorio San Peregrino \/ AS\u00cd! Arquitectura (\u00a9 Ramiro Sosa)\" data-rl_title=\"Oratorio San Peregrino \/ AS\u00cd! Arquitectura (\u00a9 Ramiro Sosa)\" class=\"rl-gallery-link\" data-rl_caption=\"Oratorio San Peregrino \/ AS\u00cd! Arquitectura (\u00a9 Ramiro Sosa)\" data-rel=\"lightbox-gallery-1\"><img loading=\"lazy\" decoding=\"async\" width=\"150\" height=\"150\" src=\"https:\/\/www.arquimaster.com.ar\/web\/wp-content\/uploads\/2022\/02\/oratorio_san_peregrino11-150x150.jpg\" class=\"attachment-thumbnail size-thumbnail\" alt=\"Oratorio San Peregrino \/ AS\u00cd! Arquitectura\" aria-describedby=\"gallery-1-68808\" srcset=\"https:\/\/www.arquimaster.com.ar\/web\/wp-content\/uploads\/2022\/02\/oratorio_san_peregrino11-150x150.jpg 150w, https:\/\/www.arquimaster.com.ar\/web\/wp-content\/uploads\/2022\/02\/oratorio_san_peregrino11-768x768.jpg 768w, https:\/\/www.arquimaster.com.ar\/web\/wp-content\/uploads\/2022\/02\/oratorio_san_peregrino11.jpg 1500w\" sizes=\"auto, (max-width: 150px) 100vw, 150px\" \/><\/a>\n\t\t\t<\/div>\n\t\t\t\t<figcaption class='wp-caption-text gallery-caption' id='gallery-1-68808'>\n\t\t\t\tOratorio San Peregrino \/ AS\u00cd! Arquitectura (\u00a9 Ramiro Sosa)\n\t\t\t\t<\/figcaption><\/figure><figure class='gallery-item'>\n\t\t\t<div class='gallery-icon landscape'>\n\t\t\t\t<a href='https:\/\/www.arquimaster.com.ar\/web\/wp-content\/uploads\/2022\/02\/oratorio_san_peregrino12.jpg' title=\"Oratorio San Peregrino \/ AS\u00cd! Arquitectura (\u00a9 Ramiro Sosa)\" data-rl_title=\"Oratorio San Peregrino \/ AS\u00cd! Arquitectura (\u00a9 Ramiro Sosa)\" class=\"rl-gallery-link\" data-rl_caption=\"Oratorio San Peregrino \/ AS\u00cd! Arquitectura (\u00a9 Ramiro Sosa)\" data-rel=\"lightbox-gallery-1\"><img loading=\"lazy\" decoding=\"async\" width=\"150\" height=\"150\" src=\"https:\/\/www.arquimaster.com.ar\/web\/wp-content\/uploads\/2022\/02\/oratorio_san_peregrino12-150x150.jpg\" class=\"attachment-thumbnail size-thumbnail\" alt=\"Oratorio San Peregrino \/ AS\u00cd! Arquitectura\" aria-describedby=\"gallery-1-68809\" \/><\/a>\n\t\t\t<\/div>\n\t\t\t\t<figcaption class='wp-caption-text gallery-caption' id='gallery-1-68809'>\n\t\t\t\tOratorio San Peregrino \/ AS\u00cd! Arquitectura (\u00a9 Ramiro Sosa)\n\t\t\t\t<\/figcaption><\/figure><figure class='gallery-item'>\n\t\t\t<div class='gallery-icon portrait'>\n\t\t\t\t<a href='https:\/\/www.arquimaster.com.ar\/web\/wp-content\/uploads\/2022\/02\/oratorio_san_peregrino13.jpg' title=\"Oratorio San Peregrino \/ AS\u00cd! Arquitectura (\u00a9 Ramiro Sosa)\" data-rl_title=\"Oratorio San Peregrino \/ AS\u00cd! Arquitectura (\u00a9 Ramiro Sosa)\" class=\"rl-gallery-link\" data-rl_caption=\"Oratorio San Peregrino \/ AS\u00cd! Arquitectura (\u00a9 Ramiro Sosa)\" data-rel=\"lightbox-gallery-1\"><img loading=\"lazy\" decoding=\"async\" width=\"150\" height=\"150\" src=\"https:\/\/www.arquimaster.com.ar\/web\/wp-content\/uploads\/2022\/02\/oratorio_san_peregrino13-150x150.jpg\" class=\"attachment-thumbnail size-thumbnail\" alt=\"Oratorio San Peregrino \/ AS\u00cd! Arquitectura\" aria-describedby=\"gallery-1-68810\" \/><\/a>\n\t\t\t<\/div>\n\t\t\t\t<figcaption class='wp-caption-text gallery-caption' id='gallery-1-68810'>\n\t\t\t\tOratorio San Peregrino \/ AS\u00cd! Arquitectura (\u00a9 Ramiro Sosa)\n\t\t\t\t<\/figcaption><\/figure><figure class='gallery-item'>\n\t\t\t<div class='gallery-icon portrait'>\n\t\t\t\t<a href='https:\/\/www.arquimaster.com.ar\/web\/wp-content\/uploads\/2022\/02\/oratorio_san_peregrino14.jpg' title=\"Oratorio San Peregrino \/ AS\u00cd! Arquitectura (\u00a9 Ramiro Sosa)\" data-rl_title=\"Oratorio San Peregrino \/ AS\u00cd! Arquitectura (\u00a9 Ramiro Sosa)\" class=\"rl-gallery-link\" data-rl_caption=\"Oratorio San Peregrino \/ AS\u00cd! Arquitectura (\u00a9 Ramiro Sosa)\" data-rel=\"lightbox-gallery-1\"><img loading=\"lazy\" decoding=\"async\" width=\"150\" height=\"150\" src=\"https:\/\/www.arquimaster.com.ar\/web\/wp-content\/uploads\/2022\/02\/oratorio_san_peregrino14-150x150.jpg\" class=\"attachment-thumbnail size-thumbnail\" alt=\"Oratorio San Peregrino \/ AS\u00cd! Arquitectura\" aria-describedby=\"gallery-1-68811\" \/><\/a>\n\t\t\t<\/div>\n\t\t\t\t<figcaption class='wp-caption-text gallery-caption' id='gallery-1-68811'>\n\t\t\t\tOratorio San Peregrino \/ AS\u00cd! Arquitectura (\u00a9 Ramiro Sosa)\n\t\t\t\t<\/figcaption><\/figure><figure class='gallery-item'>\n\t\t\t<div class='gallery-icon portrait'>\n\t\t\t\t<a href='https:\/\/www.arquimaster.com.ar\/web\/wp-content\/uploads\/2022\/02\/oratorio_san_peregrino15.jpg' title=\"Oratorio San Peregrino \/ AS\u00cd! Arquitectura (\u00a9 Ramiro Sosa)\" data-rl_title=\"Oratorio San Peregrino \/ AS\u00cd! Arquitectura (\u00a9 Ramiro Sosa)\" class=\"rl-gallery-link\" data-rl_caption=\"Oratorio San Peregrino \/ AS\u00cd! Arquitectura (\u00a9 Ramiro Sosa)\" data-rel=\"lightbox-gallery-1\"><img loading=\"lazy\" decoding=\"async\" width=\"150\" height=\"150\" src=\"https:\/\/www.arquimaster.com.ar\/web\/wp-content\/uploads\/2022\/02\/oratorio_san_peregrino15-150x150.jpg\" class=\"attachment-thumbnail size-thumbnail\" alt=\"Oratorio San Peregrino \/ AS\u00cd! Arquitectura\" aria-describedby=\"gallery-1-68812\" \/><\/a>\n\t\t\t<\/div>\n\t\t\t\t<figcaption class='wp-caption-text gallery-caption' id='gallery-1-68812'>\n\t\t\t\tOratorio San Peregrino \/ AS\u00cd! Arquitectura (\u00a9 Ramiro Sosa)\n\t\t\t\t<\/figcaption><\/figure><figure class='gallery-item'>\n\t\t\t<div class='gallery-icon portrait'>\n\t\t\t\t<a href='https:\/\/www.arquimaster.com.ar\/web\/wp-content\/uploads\/2022\/02\/oratorio_san_peregrino16.jpg' title=\"Oratorio San Peregrino \/ AS\u00cd! Arquitectura (\u00a9 Ramiro Sosa)\" data-rl_title=\"Oratorio San Peregrino \/ AS\u00cd! Arquitectura (\u00a9 Ramiro Sosa)\" class=\"rl-gallery-link\" data-rl_caption=\"Oratorio San Peregrino \/ AS\u00cd! Arquitectura (\u00a9 Ramiro Sosa)\" data-rel=\"lightbox-gallery-1\"><img loading=\"lazy\" decoding=\"async\" width=\"150\" height=\"150\" src=\"https:\/\/www.arquimaster.com.ar\/web\/wp-content\/uploads\/2022\/02\/oratorio_san_peregrino16-150x150.jpg\" class=\"attachment-thumbnail size-thumbnail\" alt=\"Oratorio San Peregrino \/ AS\u00cd! Arquitectura\" aria-describedby=\"gallery-1-68813\" \/><\/a>\n\t\t\t<\/div>\n\t\t\t\t<figcaption class='wp-caption-text gallery-caption' id='gallery-1-68813'>\n\t\t\t\tOratorio San Peregrino \/ AS\u00cd! Arquitectura (\u00a9 Ramiro Sosa)\n\t\t\t\t<\/figcaption><\/figure><figure class='gallery-item'>\n\t\t\t<div class='gallery-icon portrait'>\n\t\t\t\t<a href='https:\/\/www.arquimaster.com.ar\/web\/wp-content\/uploads\/2022\/02\/oratorio_san_peregrino17.jpg' title=\"Oratorio San Peregrino \/ AS\u00cd! Arquitectura (\u00a9 Ramiro Sosa)\" data-rl_title=\"Oratorio San Peregrino \/ AS\u00cd! Arquitectura (\u00a9 Ramiro Sosa)\" class=\"rl-gallery-link\" data-rl_caption=\"Oratorio San Peregrino \/ AS\u00cd! Arquitectura (\u00a9 Ramiro Sosa)\" data-rel=\"lightbox-gallery-1\"><img loading=\"lazy\" decoding=\"async\" width=\"150\" height=\"150\" src=\"https:\/\/www.arquimaster.com.ar\/web\/wp-content\/uploads\/2022\/02\/oratorio_san_peregrino17-150x150.jpg\" class=\"attachment-thumbnail size-thumbnail\" alt=\"Oratorio San Peregrino \/ AS\u00cd! Arquitectura\" aria-describedby=\"gallery-1-68814\" \/><\/a>\n\t\t\t<\/div>\n\t\t\t\t<figcaption class='wp-caption-text gallery-caption' id='gallery-1-68814'>\n\t\t\t\tOratorio San Peregrino \/ AS\u00cd! Arquitectura (\u00a9 Ramiro Sosa)\n\t\t\t\t<\/figcaption><\/figure><figure class='gallery-item'>\n\t\t\t<div class='gallery-icon portrait'>\n\t\t\t\t<a href='https:\/\/www.arquimaster.com.ar\/web\/wp-content\/uploads\/2022\/02\/oratorio_san_peregrino18.jpg' title=\"Oratorio San Peregrino \/ AS\u00cd! Arquitectura (\u00a9 Ramiro Sosa)\" data-rl_title=\"Oratorio San Peregrino \/ AS\u00cd! Arquitectura (\u00a9 Ramiro Sosa)\" class=\"rl-gallery-link\" data-rl_caption=\"Oratorio San Peregrino \/ AS\u00cd! Arquitectura (\u00a9 Ramiro Sosa)\" data-rel=\"lightbox-gallery-1\"><img loading=\"lazy\" decoding=\"async\" width=\"150\" height=\"150\" src=\"https:\/\/www.arquimaster.com.ar\/web\/wp-content\/uploads\/2022\/02\/oratorio_san_peregrino18-150x150.jpg\" class=\"attachment-thumbnail size-thumbnail\" alt=\"Oratorio San Peregrino \/ AS\u00cd! Arquitectura\" aria-describedby=\"gallery-1-68815\" \/><\/a>\n\t\t\t<\/div>\n\t\t\t\t<figcaption class='wp-caption-text gallery-caption' id='gallery-1-68815'>\n\t\t\t\tOratorio San Peregrino \/ AS\u00cd! Arquitectura (\u00a9 Ramiro Sosa)\n\t\t\t\t<\/figcaption><\/figure><figure class='gallery-item'>\n\t\t\t<div class='gallery-icon portrait'>\n\t\t\t\t<a href='https:\/\/www.arquimaster.com.ar\/web\/wp-content\/uploads\/2022\/02\/oratorio_san_peregrino19.jpg' title=\"Oratorio San Peregrino \/ AS\u00cd! Arquitectura (\u00a9 Ramiro Sosa)\" data-rl_title=\"Oratorio San Peregrino \/ AS\u00cd! Arquitectura (\u00a9 Ramiro Sosa)\" class=\"rl-gallery-link\" data-rl_caption=\"Oratorio San Peregrino \/ AS\u00cd! Arquitectura (\u00a9 Ramiro Sosa)\" data-rel=\"lightbox-gallery-1\"><img loading=\"lazy\" decoding=\"async\" width=\"150\" height=\"150\" src=\"https:\/\/www.arquimaster.com.ar\/web\/wp-content\/uploads\/2022\/02\/oratorio_san_peregrino19-150x150.jpg\" class=\"attachment-thumbnail size-thumbnail\" alt=\"Oratorio San Peregrino \/ AS\u00cd! Arquitectura\" aria-describedby=\"gallery-1-68816\" \/><\/a>\n\t\t\t<\/div>\n\t\t\t\t<figcaption class='wp-caption-text gallery-caption' id='gallery-1-68816'>\n\t\t\t\tOratorio San Peregrino \/ AS\u00cd! Arquitectura (\u00a9 Ramiro Sosa)\n\t\t\t\t<\/figcaption><\/figure><figure class='gallery-item'>\n\t\t\t<div class='gallery-icon portrait'>\n\t\t\t\t<a href='https:\/\/www.arquimaster.com.ar\/web\/wp-content\/uploads\/2022\/02\/oratorio_san_peregrino20.jpg' title=\"Oratorio San Peregrino \/ AS\u00cd! Arquitectura (\u00a9 Ramiro Sosa)\" data-rl_title=\"Oratorio San Peregrino \/ AS\u00cd! Arquitectura (\u00a9 Ramiro Sosa)\" class=\"rl-gallery-link\" data-rl_caption=\"Oratorio San Peregrino \/ AS\u00cd! Arquitectura (\u00a9 Ramiro Sosa)\" data-rel=\"lightbox-gallery-1\"><img loading=\"lazy\" decoding=\"async\" width=\"150\" height=\"150\" src=\"https:\/\/www.arquimaster.com.ar\/web\/wp-content\/uploads\/2022\/02\/oratorio_san_peregrino20-150x150.jpg\" class=\"attachment-thumbnail size-thumbnail\" alt=\"Oratorio San Peregrino \/ AS\u00cd! Arquitectura\" aria-describedby=\"gallery-1-68817\" \/><\/a>\n\t\t\t<\/div>\n\t\t\t\t<figcaption class='wp-caption-text gallery-caption' id='gallery-1-68817'>\n\t\t\t\tOratorio San Peregrino \/ AS\u00cd! Arquitectura (\u00a9 Ramiro Sosa)\n\t\t\t\t<\/figcaption><\/figure><figure class='gallery-item'>\n\t\t\t<div class='gallery-icon landscape'>\n\t\t\t\t<a href='https:\/\/www.arquimaster.com.ar\/web\/wp-content\/uploads\/2022\/02\/oratorio_san_peregrino21.jpg' title=\"Oratorio San Peregrino \/ AS\u00cd! Arquitectura (\u00a9 Ramiro Sosa)\" data-rl_title=\"Oratorio San Peregrino \/ AS\u00cd! Arquitectura (\u00a9 Ramiro Sosa)\" class=\"rl-gallery-link\" data-rl_caption=\"Oratorio San Peregrino \/ AS\u00cd! Arquitectura (\u00a9 Ramiro Sosa)\" data-rel=\"lightbox-gallery-1\"><img loading=\"lazy\" decoding=\"async\" width=\"150\" height=\"150\" src=\"https:\/\/www.arquimaster.com.ar\/web\/wp-content\/uploads\/2022\/02\/oratorio_san_peregrino21-150x150.jpg\" class=\"attachment-thumbnail size-thumbnail\" alt=\"Oratorio San Peregrino \/ AS\u00cd! Arquitectura\" aria-describedby=\"gallery-1-68818\" srcset=\"https:\/\/www.arquimaster.com.ar\/web\/wp-content\/uploads\/2022\/02\/oratorio_san_peregrino21-150x150.jpg 150w, https:\/\/www.arquimaster.com.ar\/web\/wp-content\/uploads\/2022\/02\/oratorio_san_peregrino21-768x768.jpg 768w, https:\/\/www.arquimaster.com.ar\/web\/wp-content\/uploads\/2022\/02\/oratorio_san_peregrino21.jpg 1500w\" sizes=\"auto, (max-width: 150px) 100vw, 150px\" \/><\/a>\n\t\t\t<\/div>\n\t\t\t\t<figcaption class='wp-caption-text gallery-caption' id='gallery-1-68818'>\n\t\t\t\tOratorio San Peregrino \/ AS\u00cd! Arquitectura (\u00a9 Ramiro Sosa)\n\t\t\t\t<\/figcaption><\/figure><figure class='gallery-item'>\n\t\t\t<div class='gallery-icon portrait'>\n\t\t\t\t<a href='https:\/\/www.arquimaster.com.ar\/web\/wp-content\/uploads\/2022\/02\/oratorio_san_peregrino22.jpg' title=\"Oratorio San Peregrino \/ AS\u00cd! Arquitectura (\u00a9 Ramiro Sosa)\" data-rl_title=\"Oratorio San Peregrino \/ AS\u00cd! Arquitectura (\u00a9 Ramiro Sosa)\" class=\"rl-gallery-link\" data-rl_caption=\"Oratorio San Peregrino \/ AS\u00cd! Arquitectura (\u00a9 Ramiro Sosa)\" data-rel=\"lightbox-gallery-1\"><img loading=\"lazy\" decoding=\"async\" width=\"150\" height=\"150\" src=\"https:\/\/www.arquimaster.com.ar\/web\/wp-content\/uploads\/2022\/02\/oratorio_san_peregrino22-150x150.jpg\" class=\"attachment-thumbnail size-thumbnail\" alt=\"Oratorio San Peregrino \/ AS\u00cd! Arquitectura\" aria-describedby=\"gallery-1-68819\" \/><\/a>\n\t\t\t<\/div>\n\t\t\t\t<figcaption class='wp-caption-text gallery-caption' id='gallery-1-68819'>\n\t\t\t\tOratorio San Peregrino \/ AS\u00cd! Arquitectura (\u00a9 Ramiro Sosa)\n\t\t\t\t<\/figcaption><\/figure><figure class='gallery-item'>\n\t\t\t<div class='gallery-icon portrait'>\n\t\t\t\t<a href='https:\/\/www.arquimaster.com.ar\/web\/wp-content\/uploads\/2022\/02\/oratorio_san_peregrino23.jpg' title=\"Oratorio San Peregrino \/ AS\u00cd! Arquitectura (\u00a9 Ramiro Sosa)\" data-rl_title=\"Oratorio San Peregrino \/ AS\u00cd! Arquitectura (\u00a9 Ramiro Sosa)\" class=\"rl-gallery-link\" data-rl_caption=\"Oratorio San Peregrino \/ AS\u00cd! Arquitectura (\u00a9 Ramiro Sosa)\" data-rel=\"lightbox-gallery-1\"><img loading=\"lazy\" decoding=\"async\" width=\"150\" height=\"150\" src=\"https:\/\/www.arquimaster.com.ar\/web\/wp-content\/uploads\/2022\/02\/oratorio_san_peregrino23-150x150.jpg\" class=\"attachment-thumbnail size-thumbnail\" alt=\"Oratorio San Peregrino \/ AS\u00cd! Arquitectura\" aria-describedby=\"gallery-1-68820\" \/><\/a>\n\t\t\t<\/div>\n\t\t\t\t<figcaption class='wp-caption-text gallery-caption' id='gallery-1-68820'>\n\t\t\t\tOratorio San Peregrino \/ AS\u00cd! Arquitectura (\u00a9 Ramiro Sosa)\n\t\t\t\t<\/figcaption><\/figure><figure class='gallery-item'>\n\t\t\t<div class='gallery-icon portrait'>\n\t\t\t\t<a href='https:\/\/www.arquimaster.com.ar\/web\/wp-content\/uploads\/2022\/02\/oratorio_san_peregrino24.jpg' title=\"Oratorio San Peregrino \/ AS\u00cd! Arquitectura (\u00a9 Ramiro Sosa)\" data-rl_title=\"Oratorio San Peregrino \/ AS\u00cd! Arquitectura (\u00a9 Ramiro Sosa)\" class=\"rl-gallery-link\" data-rl_caption=\"Oratorio San Peregrino \/ AS\u00cd! Arquitectura (\u00a9 Ramiro Sosa)\" data-rel=\"lightbox-gallery-1\"><img loading=\"lazy\" decoding=\"async\" width=\"150\" height=\"150\" src=\"https:\/\/www.arquimaster.com.ar\/web\/wp-content\/uploads\/2022\/02\/oratorio_san_peregrino24-150x150.jpg\" class=\"attachment-thumbnail size-thumbnail\" alt=\"Oratorio San Peregrino \/ AS\u00cd! Arquitectura\" aria-describedby=\"gallery-1-68821\" \/><\/a>\n\t\t\t<\/div>\n\t\t\t\t<figcaption class='wp-caption-text gallery-caption' id='gallery-1-68821'>\n\t\t\t\tOratorio San Peregrino \/ AS\u00cd! Arquitectura (\u00a9 Ramiro Sosa)\n\t\t\t\t<\/figcaption><\/figure><figure class='gallery-item'>\n\t\t\t<div class='gallery-icon landscape'>\n\t\t\t\t<a href='https:\/\/www.arquimaster.com.ar\/web\/wp-content\/uploads\/2022\/02\/oratorio_san_peregrino25.jpg' title=\"Oratorio San Peregrino \/ AS\u00cd! Arquitectura (\u00a9 Ramiro Sosa)\" data-rl_title=\"Oratorio San Peregrino \/ AS\u00cd! Arquitectura (\u00a9 Ramiro Sosa)\" class=\"rl-gallery-link\" data-rl_caption=\"Oratorio San Peregrino \/ AS\u00cd! Arquitectura (\u00a9 Ramiro Sosa)\" data-rel=\"lightbox-gallery-1\"><img loading=\"lazy\" decoding=\"async\" width=\"150\" height=\"150\" src=\"https:\/\/www.arquimaster.com.ar\/web\/wp-content\/uploads\/2022\/02\/oratorio_san_peregrino25-150x150.jpg\" class=\"attachment-thumbnail size-thumbnail\" alt=\"Oratorio San Peregrino \/ AS\u00cd! Arquitectura\" aria-describedby=\"gallery-1-68822\" \/><\/a>\n\t\t\t<\/div>\n\t\t\t\t<figcaption class='wp-caption-text gallery-caption' id='gallery-1-68822'>\n\t\t\t\tOratorio San Peregrino \/ AS\u00cd! Arquitectura (\u00a9 Ramiro Sosa)\n\t\t\t\t<\/figcaption><\/figure><figure class='gallery-item'>\n\t\t\t<div class='gallery-icon portrait'>\n\t\t\t\t<a href='https:\/\/www.arquimaster.com.ar\/web\/wp-content\/uploads\/2022\/02\/oratorio_san_peregrino26.jpg' title=\"Oratorio San Peregrino \/ AS\u00cd! Arquitectura (\u00a9 Ramiro Sosa)\" data-rl_title=\"Oratorio San Peregrino \/ AS\u00cd! Arquitectura (\u00a9 Ramiro Sosa)\" class=\"rl-gallery-link\" data-rl_caption=\"Oratorio San Peregrino \/ AS\u00cd! Arquitectura (\u00a9 Ramiro Sosa)\" data-rel=\"lightbox-gallery-1\"><img loading=\"lazy\" decoding=\"async\" width=\"150\" height=\"150\" src=\"https:\/\/www.arquimaster.com.ar\/web\/wp-content\/uploads\/2022\/02\/oratorio_san_peregrino26-150x150.jpg\" class=\"attachment-thumbnail size-thumbnail\" alt=\"Oratorio San Peregrino \/ AS\u00cd! Arquitectura\" aria-describedby=\"gallery-1-68823\" \/><\/a>\n\t\t\t<\/div>\n\t\t\t\t<figcaption class='wp-caption-text gallery-caption' id='gallery-1-68823'>\n\t\t\t\tOratorio San Peregrino \/ AS\u00cd! Arquitectura (\u00a9 Ramiro Sosa)\n\t\t\t\t<\/figcaption><\/figure><figure class='gallery-item'>\n\t\t\t<div class='gallery-icon portrait'>\n\t\t\t\t<a href='https:\/\/www.arquimaster.com.ar\/web\/wp-content\/uploads\/2022\/02\/oratorio_san_peregrino27.jpg' title=\"Oratorio San Peregrino \/ AS\u00cd! Arquitectura (\u00a9 Ramiro Sosa)\" data-rl_title=\"Oratorio San Peregrino \/ AS\u00cd! Arquitectura (\u00a9 Ramiro Sosa)\" class=\"rl-gallery-link\" data-rl_caption=\"Oratorio San Peregrino \/ AS\u00cd! Arquitectura (\u00a9 Ramiro Sosa)\" data-rel=\"lightbox-gallery-1\"><img loading=\"lazy\" decoding=\"async\" width=\"150\" height=\"150\" src=\"https:\/\/www.arquimaster.com.ar\/web\/wp-content\/uploads\/2022\/02\/oratorio_san_peregrino27-150x150.jpg\" class=\"attachment-thumbnail size-thumbnail\" alt=\"Oratorio San Peregrino \/ AS\u00cd! Arquitectura\" aria-describedby=\"gallery-1-68824\" \/><\/a>\n\t\t\t<\/div>\n\t\t\t\t<figcaption class='wp-caption-text gallery-caption' id='gallery-1-68824'>\n\t\t\t\tOratorio San Peregrino \/ AS\u00cd! Arquitectura (\u00a9 Ramiro Sosa)\n\t\t\t\t<\/figcaption><\/figure><figure class='gallery-item'>\n\t\t\t<div class='gallery-icon landscape'>\n\t\t\t\t<a href='https:\/\/www.arquimaster.com.ar\/web\/wp-content\/uploads\/2022\/02\/oratorio_san_peregrino28.jpg' title=\"Oratorio San Peregrino \/ AS\u00cd! Arquitectura (\u00a9 Ramiro Sosa)\" data-rl_title=\"Oratorio San Peregrino \/ AS\u00cd! Arquitectura (\u00a9 Ramiro Sosa)\" class=\"rl-gallery-link\" data-rl_caption=\"Oratorio San Peregrino \/ AS\u00cd! Arquitectura (\u00a9 Ramiro Sosa)\" data-rel=\"lightbox-gallery-1\"><img loading=\"lazy\" decoding=\"async\" width=\"150\" height=\"150\" src=\"https:\/\/www.arquimaster.com.ar\/web\/wp-content\/uploads\/2022\/02\/oratorio_san_peregrino28-150x150.jpg\" class=\"attachment-thumbnail size-thumbnail\" alt=\"Oratorio San Peregrino \/ AS\u00cd! Arquitectura\" aria-describedby=\"gallery-1-68825\" srcset=\"https:\/\/www.arquimaster.com.ar\/web\/wp-content\/uploads\/2022\/02\/oratorio_san_peregrino28-150x150.jpg 150w, https:\/\/www.arquimaster.com.ar\/web\/wp-content\/uploads\/2022\/02\/oratorio_san_peregrino28-768x768.jpg 768w, https:\/\/www.arquimaster.com.ar\/web\/wp-content\/uploads\/2022\/02\/oratorio_san_peregrino28.jpg 1500w\" sizes=\"auto, (max-width: 150px) 100vw, 150px\" \/><\/a>\n\t\t\t<\/div>\n\t\t\t\t<figcaption class='wp-caption-text gallery-caption' id='gallery-1-68825'>\n\t\t\t\tOratorio San Peregrino \/ AS\u00cd! Arquitectura (\u00a9 Ramiro Sosa)\n\t\t\t\t<\/figcaption><\/figure><figure class='gallery-item'>\n\t\t\t<div class='gallery-icon landscape'>\n\t\t\t\t<a href='https:\/\/www.arquimaster.com.ar\/web\/wp-content\/uploads\/2022\/02\/oratorio_san_peregrino29.jpg' title=\"Oratorio San Peregrino \/ AS\u00cd! Arquitectura (\u00a9 Ramiro Sosa)\" data-rl_title=\"Oratorio San Peregrino \/ AS\u00cd! Arquitectura (\u00a9 Ramiro Sosa)\" class=\"rl-gallery-link\" data-rl_caption=\"Oratorio San Peregrino \/ AS\u00cd! Arquitectura (\u00a9 Ramiro Sosa)\" data-rel=\"lightbox-gallery-1\"><img loading=\"lazy\" decoding=\"async\" width=\"150\" height=\"150\" src=\"https:\/\/www.arquimaster.com.ar\/web\/wp-content\/uploads\/2022\/02\/oratorio_san_peregrino29-150x150.jpg\" class=\"attachment-thumbnail size-thumbnail\" alt=\"Oratorio San Peregrino \/ AS\u00cd! Arquitectura\" aria-describedby=\"gallery-1-68826\" \/><\/a>\n\t\t\t<\/div>\n\t\t\t\t<figcaption class='wp-caption-text gallery-caption' id='gallery-1-68826'>\n\t\t\t\tOratorio San Peregrino \/ AS\u00cd! Arquitectura (\u00a9 Ramiro Sosa)\n\t\t\t\t<\/figcaption><\/figure><figure class='gallery-item'>\n\t\t\t<div class='gallery-icon portrait'>\n\t\t\t\t<a href='https:\/\/www.arquimaster.com.ar\/web\/wp-content\/uploads\/2022\/02\/oratorio_san_peregrino30.jpg' title=\"Oratorio San Peregrino \/ AS\u00cd! Arquitectura (\u00a9 Ramiro Sosa)\" data-rl_title=\"Oratorio San Peregrino \/ AS\u00cd! Arquitectura (\u00a9 Ramiro Sosa)\" class=\"rl-gallery-link\" data-rl_caption=\"Oratorio San Peregrino \/ AS\u00cd! Arquitectura (\u00a9 Ramiro Sosa)\" data-rel=\"lightbox-gallery-1\"><img loading=\"lazy\" decoding=\"async\" width=\"150\" height=\"150\" src=\"https:\/\/www.arquimaster.com.ar\/web\/wp-content\/uploads\/2022\/02\/oratorio_san_peregrino30-150x150.jpg\" class=\"attachment-thumbnail size-thumbnail\" alt=\"Oratorio San Peregrino \/ AS\u00cd! Arquitectura\" aria-describedby=\"gallery-1-68827\" \/><\/a>\n\t\t\t<\/div>\n\t\t\t\t<figcaption class='wp-caption-text gallery-caption' id='gallery-1-68827'>\n\t\t\t\tOratorio San Peregrino \/ AS\u00cd! Arquitectura (\u00a9 Ramiro Sosa)\n\t\t\t\t<\/figcaption><\/figure><figure class='gallery-item'>\n\t\t\t<div class='gallery-icon portrait'>\n\t\t\t\t<a href='https:\/\/www.arquimaster.com.ar\/web\/wp-content\/uploads\/2022\/02\/oratorio_san_peregrino31.jpg' title=\"Oratorio San Peregrino \/ AS\u00cd! Arquitectura (\u00a9 Ramiro Sosa)\" data-rl_title=\"Oratorio San Peregrino \/ AS\u00cd! Arquitectura (\u00a9 Ramiro Sosa)\" class=\"rl-gallery-link\" data-rl_caption=\"Oratorio San Peregrino \/ AS\u00cd! Arquitectura (\u00a9 Ramiro Sosa)\" data-rel=\"lightbox-gallery-1\"><img loading=\"lazy\" decoding=\"async\" width=\"150\" height=\"150\" src=\"https:\/\/www.arquimaster.com.ar\/web\/wp-content\/uploads\/2022\/02\/oratorio_san_peregrino31-150x150.jpg\" class=\"attachment-thumbnail size-thumbnail\" alt=\"Oratorio San Peregrino \/ AS\u00cd! Arquitectura\" aria-describedby=\"gallery-1-68828\" \/><\/a>\n\t\t\t<\/div>\n\t\t\t\t<figcaption class='wp-caption-text gallery-caption' id='gallery-1-68828'>\n\t\t\t\tOratorio San Peregrino \/ AS\u00cd! Arquitectura (\u00a9 Ramiro Sosa)\n\t\t\t\t<\/figcaption><\/figure><figure class='gallery-item'>\n\t\t\t<div class='gallery-icon portrait'>\n\t\t\t\t<a href='https:\/\/www.arquimaster.com.ar\/web\/wp-content\/uploads\/2022\/02\/oratorio_san_peregrino32.jpg' title=\"Oratorio San Peregrino \/ AS\u00cd! Arquitectura (\u00a9 Ramiro Sosa)\" data-rl_title=\"Oratorio San Peregrino \/ AS\u00cd! Arquitectura (\u00a9 Ramiro Sosa)\" class=\"rl-gallery-link\" data-rl_caption=\"Oratorio San Peregrino \/ AS\u00cd! Arquitectura (\u00a9 Ramiro Sosa)\" data-rel=\"lightbox-gallery-1\"><img loading=\"lazy\" decoding=\"async\" width=\"150\" height=\"150\" src=\"https:\/\/www.arquimaster.com.ar\/web\/wp-content\/uploads\/2022\/02\/oratorio_san_peregrino32-150x150.jpg\" class=\"attachment-thumbnail size-thumbnail\" alt=\"Oratorio San Peregrino \/ AS\u00cd! Arquitectura\" aria-describedby=\"gallery-1-68829\" \/><\/a>\n\t\t\t<\/div>\n\t\t\t\t<figcaption class='wp-caption-text gallery-caption' id='gallery-1-68829'>\n\t\t\t\tOratorio San Peregrino \/ AS\u00cd! Arquitectura (\u00a9 Ramiro Sosa)\n\t\t\t\t<\/figcaption><\/figure><figure class='gallery-item'>\n\t\t\t<div class='gallery-icon portrait'>\n\t\t\t\t<a href='https:\/\/www.arquimaster.com.ar\/web\/wp-content\/uploads\/2022\/02\/oratorio_san_peregrino33.jpg' title=\"Oratorio San Peregrino \/ AS\u00cd! Arquitectura (\u00a9 Ramiro Sosa)\" data-rl_title=\"Oratorio San Peregrino \/ AS\u00cd! Arquitectura (\u00a9 Ramiro Sosa)\" class=\"rl-gallery-link\" data-rl_caption=\"Oratorio San Peregrino \/ AS\u00cd! Arquitectura (\u00a9 Ramiro Sosa)\" data-rel=\"lightbox-gallery-1\"><img loading=\"lazy\" decoding=\"async\" width=\"150\" height=\"150\" src=\"https:\/\/www.arquimaster.com.ar\/web\/wp-content\/uploads\/2022\/02\/oratorio_san_peregrino33-150x150.jpg\" class=\"attachment-thumbnail size-thumbnail\" alt=\"Oratorio San Peregrino \/ AS\u00cd! Arquitectura\" aria-describedby=\"gallery-1-68830\" \/><\/a>\n\t\t\t<\/div>\n\t\t\t\t<figcaption class='wp-caption-text gallery-caption' id='gallery-1-68830'>\n\t\t\t\tOratorio San Peregrino \/ AS\u00cd! Arquitectura (\u00a9 Ramiro Sosa)\n\t\t\t\t<\/figcaption><\/figure><figure class='gallery-item'>\n\t\t\t<div class='gallery-icon portrait'>\n\t\t\t\t<a href='https:\/\/www.arquimaster.com.ar\/web\/wp-content\/uploads\/2022\/02\/oratorio_san_peregrino34.jpg' title=\"Oratorio San Peregrino \/ AS\u00cd! Arquitectura (\u00a9 Ramiro Sosa)\" data-rl_title=\"Oratorio San Peregrino \/ AS\u00cd! Arquitectura (\u00a9 Ramiro Sosa)\" class=\"rl-gallery-link\" data-rl_caption=\"Oratorio San Peregrino \/ AS\u00cd! Arquitectura (\u00a9 Ramiro Sosa)\" data-rel=\"lightbox-gallery-1\"><img loading=\"lazy\" decoding=\"async\" width=\"150\" height=\"150\" src=\"https:\/\/www.arquimaster.com.ar\/web\/wp-content\/uploads\/2022\/02\/oratorio_san_peregrino34-150x150.jpg\" class=\"attachment-thumbnail size-thumbnail\" alt=\"Oratorio San Peregrino \/ AS\u00cd! Arquitectura\" aria-describedby=\"gallery-1-68831\" \/><\/a>\n\t\t\t<\/div>\n\t\t\t\t<figcaption class='wp-caption-text gallery-caption' id='gallery-1-68831'>\n\t\t\t\tOratorio San Peregrino \/ AS\u00cd! Arquitectura (\u00a9 Ramiro Sosa)\n\t\t\t\t<\/figcaption><\/figure><figure class='gallery-item'>\n\t\t\t<div class='gallery-icon portrait'>\n\t\t\t\t<a href='https:\/\/www.arquimaster.com.ar\/web\/wp-content\/uploads\/2022\/02\/oratorio_san_peregrino35.jpg' title=\"Oratorio San Peregrino \/ AS\u00cd! Arquitectura (\u00a9 Ramiro Sosa)\" data-rl_title=\"Oratorio San Peregrino \/ AS\u00cd! Arquitectura (\u00a9 Ramiro Sosa)\" class=\"rl-gallery-link\" data-rl_caption=\"Oratorio San Peregrino \/ AS\u00cd! Arquitectura (\u00a9 Ramiro Sosa)\" data-rel=\"lightbox-gallery-1\"><img loading=\"lazy\" decoding=\"async\" width=\"150\" height=\"150\" src=\"https:\/\/www.arquimaster.com.ar\/web\/wp-content\/uploads\/2022\/02\/oratorio_san_peregrino35-150x150.jpg\" class=\"attachment-thumbnail size-thumbnail\" alt=\"Oratorio San Peregrino \/ AS\u00cd! Arquitectura\" aria-describedby=\"gallery-1-68832\" \/><\/a>\n\t\t\t<\/div>\n\t\t\t\t<figcaption class='wp-caption-text gallery-caption' id='gallery-1-68832'>\n\t\t\t\tOratorio San Peregrino \/ AS\u00cd! Arquitectura (\u00a9 Ramiro Sosa)\n\t\t\t\t<\/figcaption><\/figure><figure class='gallery-item'>\n\t\t\t<div class='gallery-icon portrait'>\n\t\t\t\t<a href='https:\/\/www.arquimaster.com.ar\/web\/wp-content\/uploads\/2022\/02\/oratorio_san_peregrino36.jpg' title=\"Oratorio San Peregrino \/ AS\u00cd! Arquitectura (\u00a9 Ramiro Sosa)\" data-rl_title=\"Oratorio San Peregrino \/ AS\u00cd! Arquitectura (\u00a9 Ramiro Sosa)\" class=\"rl-gallery-link\" data-rl_caption=\"Oratorio San Peregrino \/ AS\u00cd! Arquitectura (\u00a9 Ramiro Sosa)\" data-rel=\"lightbox-gallery-1\"><img loading=\"lazy\" decoding=\"async\" width=\"150\" height=\"150\" src=\"https:\/\/www.arquimaster.com.ar\/web\/wp-content\/uploads\/2022\/02\/oratorio_san_peregrino36-150x150.jpg\" class=\"attachment-thumbnail size-thumbnail\" alt=\"Oratorio San Peregrino \/ AS\u00cd! Arquitectura\" aria-describedby=\"gallery-1-68833\" \/><\/a>\n\t\t\t<\/div>\n\t\t\t\t<figcaption class='wp-caption-text gallery-caption' id='gallery-1-68833'>\n\t\t\t\tOratorio San Peregrino \/ AS\u00cd! Arquitectura (\u00a9 Ramiro Sosa)\n\t\t\t\t<\/figcaption><\/figure><figure class='gallery-item'>\n\t\t\t<div class='gallery-icon landscape'>\n\t\t\t\t<a href='https:\/\/www.arquimaster.com.ar\/web\/wp-content\/uploads\/2022\/02\/oratorio_san_peregrino37.jpg' title=\"Oratorio San Peregrino \/ AS\u00cd! Arquitectura (\u00a9 Ramiro Sosa)\" data-rl_title=\"Oratorio San Peregrino \/ AS\u00cd! Arquitectura (\u00a9 Ramiro Sosa)\" class=\"rl-gallery-link\" data-rl_caption=\"Oratorio San Peregrino \/ AS\u00cd! Arquitectura (\u00a9 Ramiro Sosa)\" data-rel=\"lightbox-gallery-1\"><img loading=\"lazy\" decoding=\"async\" width=\"150\" height=\"150\" src=\"https:\/\/www.arquimaster.com.ar\/web\/wp-content\/uploads\/2022\/02\/oratorio_san_peregrino37-150x150.jpg\" class=\"attachment-thumbnail size-thumbnail\" alt=\"Oratorio San Peregrino \/ AS\u00cd! Arquitectura\" aria-describedby=\"gallery-1-68834\" \/><\/a>\n\t\t\t<\/div>\n\t\t\t\t<figcaption class='wp-caption-text gallery-caption' id='gallery-1-68834'>\n\t\t\t\tOratorio San Peregrino \/ AS\u00cd! Arquitectura (\u00a9 Ramiro Sosa)\n\t\t\t\t<\/figcaption><\/figure><figure class='gallery-item'>\n\t\t\t<div class='gallery-icon portrait'>\n\t\t\t\t<a href='https:\/\/www.arquimaster.com.ar\/web\/wp-content\/uploads\/2022\/02\/oratorio_san_peregrino38.jpg' title=\"Oratorio San Peregrino \/ AS\u00cd! Arquitectura (\u00a9 Ramiro Sosa)\" data-rl_title=\"Oratorio San Peregrino \/ AS\u00cd! Arquitectura (\u00a9 Ramiro Sosa)\" class=\"rl-gallery-link\" data-rl_caption=\"Oratorio San Peregrino \/ AS\u00cd! Arquitectura (\u00a9 Ramiro Sosa)\" data-rel=\"lightbox-gallery-1\"><img loading=\"lazy\" decoding=\"async\" width=\"150\" height=\"150\" src=\"https:\/\/www.arquimaster.com.ar\/web\/wp-content\/uploads\/2022\/02\/oratorio_san_peregrino38-150x150.jpg\" class=\"attachment-thumbnail size-thumbnail\" alt=\"Oratorio San Peregrino \/ AS\u00cd! Arquitectura\" aria-describedby=\"gallery-1-68835\" \/><\/a>\n\t\t\t<\/div>\n\t\t\t\t<figcaption class='wp-caption-text gallery-caption' id='gallery-1-68835'>\n\t\t\t\tOratorio San Peregrino \/ AS\u00cd! Arquitectura (\u00a9 Ramiro Sosa)\n\t\t\t\t<\/figcaption><\/figure><figure class='gallery-item'>\n\t\t\t<div class='gallery-icon landscape'>\n\t\t\t\t<a href='https:\/\/www.arquimaster.com.ar\/web\/wp-content\/uploads\/2022\/02\/oratorio_san_peregrino39.jpg' title=\"Oratorio San Peregrino \/ AS\u00cd! Arquitectura (\u00a9 Ramiro Sosa)\" data-rl_title=\"Oratorio San Peregrino \/ AS\u00cd! Arquitectura (\u00a9 Ramiro Sosa)\" class=\"rl-gallery-link\" data-rl_caption=\"Oratorio San Peregrino \/ AS\u00cd! Arquitectura (\u00a9 Ramiro Sosa)\" data-rel=\"lightbox-gallery-1\"><img loading=\"lazy\" decoding=\"async\" width=\"150\" height=\"150\" src=\"https:\/\/www.arquimaster.com.ar\/web\/wp-content\/uploads\/2022\/02\/oratorio_san_peregrino39-150x150.jpg\" class=\"attachment-thumbnail size-thumbnail\" alt=\"Oratorio San Peregrino \/ AS\u00cd! Arquitectura\" aria-describedby=\"gallery-1-68836\" \/><\/a>\n\t\t\t<\/div>\n\t\t\t\t<figcaption class='wp-caption-text gallery-caption' id='gallery-1-68836'>\n\t\t\t\tOratorio San Peregrino \/ AS\u00cd! Arquitectura (\u00a9 Ramiro Sosa)\n\t\t\t\t<\/figcaption><\/figure><figure class='gallery-item'>\n\t\t\t<div class='gallery-icon landscape'>\n\t\t\t\t<a href='https:\/\/www.arquimaster.com.ar\/web\/wp-content\/uploads\/2022\/02\/oratorio_san_peregrino40.jpg' title=\"Oratorio San Peregrino \/ AS\u00cd! Arquitectura (\u00a9 Ramiro Sosa)\" data-rl_title=\"Oratorio San Peregrino \/ AS\u00cd! Arquitectura (\u00a9 Ramiro Sosa)\" class=\"rl-gallery-link\" data-rl_caption=\"Oratorio San Peregrino \/ AS\u00cd! Arquitectura (\u00a9 Ramiro Sosa)\" data-rel=\"lightbox-gallery-1\"><img loading=\"lazy\" decoding=\"async\" width=\"150\" height=\"150\" src=\"https:\/\/www.arquimaster.com.ar\/web\/wp-content\/uploads\/2022\/02\/oratorio_san_peregrino40-150x150.jpg\" class=\"attachment-thumbnail size-thumbnail\" alt=\"Oratorio San Peregrino \/ AS\u00cd! Arquitectura\" aria-describedby=\"gallery-1-68837\" \/><\/a>\n\t\t\t<\/div>\n\t\t\t\t<figcaption class='wp-caption-text gallery-caption' id='gallery-1-68837'>\n\t\t\t\tOratorio San Peregrino \/ AS\u00cd! Arquitectura (\u00a9 Ramiro Sosa)\n\t\t\t\t<\/figcaption><\/figure><figure class='gallery-item'>\n\t\t\t<div class='gallery-icon landscape'>\n\t\t\t\t<a href='https:\/\/www.arquimaster.com.ar\/web\/wp-content\/uploads\/2022\/02\/oratorio_san_peregrino41.jpg' title=\"Oratorio San Peregrino \/ AS\u00cd! Arquitectura (\u00a9 Ramiro Sosa) (proyectistas)\" data-rl_title=\"Oratorio San Peregrino \/ AS\u00cd! Arquitectura (\u00a9 Ramiro Sosa) (proyectistas)\" class=\"rl-gallery-link\" data-rl_caption=\"Oratorio San Peregrino \/ AS\u00cd! Arquitectura (\u00a9 Ramiro Sosa) (proyectistas)\" data-rel=\"lightbox-gallery-1\"><img loading=\"lazy\" decoding=\"async\" width=\"150\" height=\"150\" src=\"https:\/\/www.arquimaster.com.ar\/web\/wp-content\/uploads\/2022\/02\/oratorio_san_peregrino41-150x150.jpg\" class=\"attachment-thumbnail size-thumbnail\" alt=\"Oratorio San Peregrino \/ AS\u00cd! Arquitectura\" aria-describedby=\"gallery-1-68838\" \/><\/a>\n\t\t\t<\/div>\n\t\t\t\t<figcaption class='wp-caption-text gallery-caption' id='gallery-1-68838'>\n\t\t\t\tOratorio San Peregrino \/ AS\u00cd! Arquitectura (\u00a9 Ramiro Sosa) (proyectistas)\n\t\t\t\t<\/figcaption><\/figure><figure class='gallery-item'>\n\t\t\t<div class='gallery-icon landscape'>\n\t\t\t\t<a href='https:\/\/www.arquimaster.com.ar\/web\/wp-content\/uploads\/2022\/02\/oratorio_san_peregrino42.jpg' title=\"Oratorio San Peregrino \/ AS\u00cd! Arquitectura (planta)\" data-rl_title=\"Oratorio San Peregrino \/ AS\u00cd! Arquitectura (planta)\" class=\"rl-gallery-link\" data-rl_caption=\"Oratorio San Peregrino \/ AS\u00cd! Arquitectura (planta)\" data-rel=\"lightbox-gallery-1\"><img loading=\"lazy\" decoding=\"async\" width=\"150\" height=\"150\" src=\"https:\/\/www.arquimaster.com.ar\/web\/wp-content\/uploads\/2022\/02\/oratorio_san_peregrino42-150x150.jpg\" class=\"attachment-thumbnail size-thumbnail\" alt=\"Oratorio San Peregrino \/ AS\u00cd! Arquitectura\" aria-describedby=\"gallery-1-68839\" \/><\/a>\n\t\t\t<\/div>\n\t\t\t\t<figcaption class='wp-caption-text gallery-caption' id='gallery-1-68839'>\n\t\t\t\tOratorio San Peregrino \/ AS\u00cd! Arquitectura (planta)\n\t\t\t\t<\/figcaption><\/figure><figure class='gallery-item'>\n\t\t\t<div class='gallery-icon landscape'>\n\t\t\t\t<a href='https:\/\/www.arquimaster.com.ar\/web\/wp-content\/uploads\/2022\/02\/oratorio_san_peregrino43.jpg' title=\"Oratorio San Peregrino \/ AS\u00cd! Arquitectura (corte)\" data-rl_title=\"Oratorio San Peregrino \/ AS\u00cd! Arquitectura (corte)\" class=\"rl-gallery-link\" data-rl_caption=\"Oratorio San Peregrino \/ AS\u00cd! Arquitectura (corte)\" data-rel=\"lightbox-gallery-1\"><img loading=\"lazy\" decoding=\"async\" width=\"150\" height=\"150\" src=\"https:\/\/www.arquimaster.com.ar\/web\/wp-content\/uploads\/2022\/02\/oratorio_san_peregrino43-150x150.jpg\" class=\"attachment-thumbnail size-thumbnail\" alt=\"Oratorio San Peregrino \/ AS\u00cd! Arquitectura\" aria-describedby=\"gallery-1-68840\" \/><\/a>\n\t\t\t<\/div>\n\t\t\t\t<figcaption class='wp-caption-text gallery-caption' id='gallery-1-68840'>\n\t\t\t\tOratorio San Peregrino \/ AS\u00cd! Arquitectura (corte)\n\t\t\t\t<\/figcaption><\/figure><figure class='gallery-item'>\n\t\t\t<div class='gallery-icon landscape'>\n\t\t\t\t<a href='https:\/\/www.arquimaster.com.ar\/web\/wp-content\/uploads\/2022\/02\/oratorio_san_peregrino44.jpg' title=\"Oratorio San Peregrino \/ AS\u00cd! Arquitectura (fachada)\" data-rl_title=\"Oratorio San Peregrino \/ AS\u00cd! Arquitectura (fachada)\" class=\"rl-gallery-link\" data-rl_caption=\"Oratorio San Peregrino \/ AS\u00cd! Arquitectura (fachada)\" data-rel=\"lightbox-gallery-1\"><img loading=\"lazy\" decoding=\"async\" width=\"150\" height=\"150\" src=\"https:\/\/www.arquimaster.com.ar\/web\/wp-content\/uploads\/2022\/02\/oratorio_san_peregrino44-150x150.jpg\" class=\"attachment-thumbnail size-thumbnail\" alt=\"Oratorio San Peregrino \/ AS\u00cd! Arquitectura\" aria-describedby=\"gallery-1-68841\" \/><\/a>\n\t\t\t<\/div>\n\t\t\t\t<figcaption class='wp-caption-text gallery-caption' id='gallery-1-68841'>\n\t\t\t\tOratorio San Peregrino \/ AS\u00cd! Arquitectura (fachada)\n\t\t\t\t<\/figcaption><\/figure>\n\t\t<\/div>\n\n<p>La forma del oratorio, es una extensi\u00f3n hacia el frente de la forma del templo original con techo de dos pendientes, lo que busca simbolizar el crecimiento y la presencia en el barrio de la comunidad religiosa. La cubierta de dos pendientes se transforma en una sola, de manera de aumentar la escala, jerarquizar el nuevo acceso y darle una imagen m\u00e1s contempor\u00e1nea.<\/p>\n<p>Se recupera la torre original (sector donde \u00faltimamente funcionaba el ba\u00f1o para personas con capacidades diferentes) y se eleva su altura, lo que busca aludir al crecimiento espiritual de la comunidad. En el interior del oratorio, esta torre se abre al mismo mediante dinteles diagonales, para aumentar el espacio de uso e integrar los dos vol\u00famenes espaciales.<\/p>\n<p>El espacio interior, busca ser una pausa dentro del convulsionado ritmo de movimientos del entorno y de la vida diaria, para lo cual se busc\u00f3 recrear una atm\u00f3sfera de calma y paz. Un \u00e1mbito despojado, d\u00f3nde la luz sea la principal protagonista y los concurrentes encuentren recogimiento.<\/p>\n<p>Se resuelve con una c\u00e1scara que envuelve completamente este espacio y deja solamente una raja cenital para el ingreso de la luz natural, posicionada estrat\u00e9gicamente sobre la cruz y simbolizando la iluminaci\u00f3n espiritual. Se estudi\u00f3 el asoleamiento, logrando que ese ingreso de luz natural, se de la mayor cantidad de tiempo, tanto en horas del d\u00eda, como en meses del a\u00f1o.<\/p>\n<p>Adem\u00e1s de la luz, por esta apertura mencionada ingresa tambi\u00e9n la lluvia, pensada como inclemencias, que est\u00e1n presentes siempre en el camino del peregrino y frente a lo que el espacio espiritual del oratorio le brinda contenci\u00f3n.<\/p>\n<p>La materialidad intenta acompa\u00f1ar ese simbolismo de protecci\u00f3n que el oratorio provee, mediante una envolvente rustica de hormig\u00f3n, un piso p\u00e9treo en el espacio de uso, que intentan simbolizar un lugar de refugio para el peregrino. La torre se materializa en blanco liso, contrastando con lo anterior.<\/p>\n\n\n<div style=\"height:20px\" aria-hidden=\"true\" class=\"wp-block-spacer\"><\/div>\n\n\n\n<p class=\"has-background\" style=\"background-color:#eaeaea\"><strong>Ficha t\u00e9cnica<\/strong><br>Nombre: Oratorio San Peregrino<br>Ubicaci\u00f3n: Paran\u00e1, Pcia. de Entre R\u00edos, Argentina<br>Oficina de Arquitectura: AS\u00cd! Arquitectura<br>Arquitectos a Cargo:&nbsp;Arq. Adr\u00edan Peretti, Arq. Sebasti\u00e1n Cagliero, Arq. Iv\u00e1n Peker<br>Equipo de Dise\u00f1o:&nbsp;Arq. Adr\u00edan Peretti, Arq. Sebasti\u00e1n Cagliero, Arq. Iv\u00e1n Peker<br>Clientes: Parroquia Santo Domingo Savio, Paran\u00e1, Pcia. de Entre R\u00edos, Argentina<br>C\u00e1lculo estructural: Ing. Emmanuel Yones<br>Consultor\u00eda t\u00e9cnica: MMO Rub\u00e9n Grinovero<br>Colaboradores: Pbro. Walter Minigutti, Parroquia Santo Domingo Savio<br>Constructores: N\u00e9stor Ruiz D\u00edaz, Daniel Mendieta, El\u00edas Ruiz D\u00edaz, Juan Cruz Morantes, Joel Ignacio L\u00f3pez. Pablo Bregant (PB Soluciones), Maximiliano Bence (Herrer\u00edas MB), Arq. Ramira Pablo y Fernando Mengui (SEI Aberturas de Aluminio), Romina Spiedo (Studio Gr\u00e1fico Vector Paran\u00e1)<br>Superficie construida: 30 m2<br>A\u00f1o finalizaci\u00f3n construcci\u00f3n: 2021<br>Fotograf\u00eda: <a href=\"https:\/\/www.instagram.com\/ramirososafotografia\" target=\"_blank\" rel=\"noreferrer noopener\">Ramiro Sosa<\/a><br><br><strong>Contacto<\/strong><br><a href=\"https:\/\/www.asi-arquitectura.com\" target=\"_blank\" rel=\"noreferrer noopener\">https:\/\/www.asi-arquitectura.com<\/a><\/p>\n\n\n\n<div style=\"height:40px\" aria-hidden=\"true\" class=\"wp-block-spacer\"><\/div>\n\n\n<p><strong><em>English version<\/em><\/strong><\/p>\n<p><em>The project is located in a very consolidated urban sector, on a busy street south of the city of Paran\u00e1 (Entre R\u00edos, Argentina). Initially, the place was an undeveloped and depopulated area in which a small temple was erected, with a gabled roof and side tower. Then, as the years progressed, the city grew and so did its immediate surroundings.<\/em><\/p>\n<p><em>The initial temple became too small for the demand it had to satisfy, and therefore a larger building is built next to it for that purpose. In a third stage, a hall, classrooms and other facilities were built. Faced with such growth, the small initial temple started to house toilets for the whole complex, degrading its symbolism and history.<\/em><\/p>\n<p><em>Faced with this, the implantation and shape of the San Peregrino Oratory seeks to vindicate and revalue the symbolism and original meaning. That is why it is positioned in the atrium of the first temple.<\/em><\/p>\n<p><em>The form of the oratory is an extension towards the front of the form of the original temple with a roof of two slopes, which seeks to symbolize the growth and presence of the religious community in the neighborhood. The roof with two slopes is transformed into one, in order to increase the scale, prioritize the new access and give it a more contemporary image.<\/em><\/p>\n<p><em>The original tower is recovered (the sector where the disabled toilet recently worked) and its height is raised, which seeks to allude to the spiritual growth of the community. Inside the oratory, this tower opens onto it by means of diagonal lintels, to increase the space for use and integrate the two spatial volumes.<\/em><\/p>\n<p><em>The interior space seeks to be a pause within the convulsed rhythm of movements of the environment and of daily life, for which it was sought to recreate an atmosphere of calm and peace. A stripped-down area, where light is the main protagonist and those present find seclusion. It is resolved with a shell that completely envelops this space and leaves only a zenith slit for the entry of natural light, strategically positioned on the cross and symbolizing spiritual illumination. The sunlight was studied, ensuring that the entry of natural light was given the greatest amount of time, both in hours of the day and in months of the year.<\/em><\/p>\n<p><em>In addition to the light, the rain also enters through this opening, thought of as inclement weather, which is always present on the pilgrim&#8217;s path and in front of what the spiritual space of the oratory provides containment.<\/em><\/p>\n<p><em>The materiality tries to accompany that symbolism of protection that the oratory provides, through a rustic concrete envelope and a stone floor in the space of use, which try to symbolize a place of refuge for the pilgrim. The tower is materialized in plain white, contrasting with the above.<\/em><\/p>\n<div style=\"font-size: 0px; height: 0px; line-height: 0px; margin: 0; padding: 0; clear: both;\"><\/div><div style=\"margin-top: 0px; margin-bottom: 0px;\" class=\"sharethis-inline-share-buttons\" ><\/div>","protected":false},"excerpt":{"rendered":"<p>En el espacio interior se busc\u00f3 recrear una atm\u00f3sfera de calma y paz&#8230;<\/p>\n","protected":false},"author":1,"featured_media":68797,"comment_status":"closed","ping_status":"closed","sticky":false,"template":"","format":"standard","meta":{"_uag_custom_page_level_css":"","footnotes":""},"categories":[587,1],"tags":[7346,6250,7345,121,725,1176,1175,7348,7343,7344,7347],"class_list":["post-68796","post","type-post","status-publish","format-standard","has-post-thumbnail","hentry","category-arquitectura-religiosa","category-proyecto","tag-adrian-peretti","tag-arquitectura-religiosa","tag-asi-arquitectura","tag-entre-rios","tag-hormigon","tag-hormigon-a-la-vista","tag-hormigon-visto","tag-ivan-peker","tag-oratorio","tag-parana","tag-sebastian-cagliero","generate-columns","tablet-grid-50","mobile-grid-100","grid-parent","grid-50"],"yoast_head":"<!-- This site is optimized with the Yoast SEO plugin v27.3 - https:\/\/yoast.com\/product\/yoast-seo-wordpress\/ -->\n<title>Oratorio San Peregrino \/ AS\u00cd! Arquitectura - Arquimaster<\/title>\n<meta name=\"description\" content=\"El espacio interior busca ser una pausa dentro del convulsionado ritmo de movimientos del entorno y de la vida diaria, para lo cual se recrea una atm\u00f3sfera de calma y paz.\" \/>\n<meta name=\"robots\" content=\"index, follow, max-snippet:-1, max-image-preview:large, max-video-preview:-1\" \/>\n<link rel=\"canonical\" href=\"https:\/\/www.arquimaster.com.ar\/web\/oratorio-san-peregrino-asi-arquitectura\/\" \/>\n<meta property=\"og:locale\" content=\"es_ES\" \/>\n<meta property=\"og:type\" content=\"article\" \/>\n<meta property=\"og:title\" content=\"Oratorio San Peregrino \/ AS\u00cd! Arquitectura\" \/>\n<meta property=\"og:description\" content=\"El espacio interior busca ser una pausa dentro del convulsionado ritmo de movimientos del entorno y de la vida diaria, para lo cual se recrea una atm\u00f3sfera de calma y paz.\" \/>\n<meta property=\"og:url\" content=\"https:\/\/www.arquimaster.com.ar\/web\/oratorio-san-peregrino-asi-arquitectura\/\" \/>\n<meta property=\"og:site_name\" content=\"Arquimaster\" \/>\n<meta property=\"article:publisher\" content=\"http:\/\/www.facebook.com\/ARQUIMASTER.com.ar\" \/>\n<meta property=\"article:published_time\" content=\"2022-02-17T22:30:24+00:00\" \/>\n<meta property=\"article:modified_time\" content=\"2022-08-15T21:51:52+00:00\" \/>\n<meta property=\"og:image\" content=\"https:\/\/www.arquimaster.com.ar\/web\/wp-content\/uploads\/2022\/02\/oratorio_san_peregrino_slide.jpg\" \/>\n\t<meta property=\"og:image:width\" content=\"698\" \/>\n\t<meta property=\"og:image:height\" content=\"364\" \/>\n\t<meta property=\"og:image:type\" content=\"image\/jpeg\" \/>\n<meta name=\"author\" content=\"Arquimaster\" \/>\n<meta name=\"twitter:card\" content=\"summary_large_image\" \/>\n<meta name=\"twitter:title\" content=\"Oratorio San Peregrino \/ AS\u00cd! Arquitectura\" \/>\n<meta name=\"twitter:description\" content=\"El espacio interior busca ser una pausa dentro del convulsionado ritmo de movimientos del entorno y de la vida diaria, para lo cual se recrea una atm\u00f3sfera de calma y paz.\" \/>\n<meta name=\"twitter:image\" content=\"https:\/\/www.arquimaster.com.ar\/web\/wp-content\/uploads\/2022\/02\/oratorio_san_peregrino_slide.jpg\" \/>\n<meta name=\"twitter:creator\" content=\"@arquimaster\" \/>\n<meta name=\"twitter:site\" content=\"@arquimaster\" \/>\n<meta name=\"twitter:label1\" content=\"Escrito por\" \/>\n\t<meta name=\"twitter:data1\" content=\"Arquimaster\" \/>\n\t<meta name=\"twitter:label2\" content=\"Tiempo de lectura\" \/>\n\t<meta name=\"twitter:data2\" content=\"5 minutos\" \/>\n<script type=\"application\/ld+json\" class=\"yoast-schema-graph\">{\"@context\":\"https:\\\/\\\/schema.org\",\"@graph\":[{\"@type\":\"Article\",\"@id\":\"https:\\\/\\\/www.arquimaster.com.ar\\\/web\\\/oratorio-san-peregrino-asi-arquitectura\\\/#article\",\"isPartOf\":{\"@id\":\"https:\\\/\\\/www.arquimaster.com.ar\\\/web\\\/oratorio-san-peregrino-asi-arquitectura\\\/\"},\"author\":{\"name\":\"Arquimaster\",\"@id\":\"https:\\\/\\\/www.arquimaster.com.ar\\\/web\\\/#\\\/schema\\\/person\\\/359e9f7c00193fcde068e0dd2ceb0028\"},\"headline\":\"Oratorio San Peregrino \\\/ AS\u00cd! Arquitectura\",\"datePublished\":\"2022-02-17T22:30:24+00:00\",\"dateModified\":\"2022-08-15T21:51:52+00:00\",\"mainEntityOfPage\":{\"@id\":\"https:\\\/\\\/www.arquimaster.com.ar\\\/web\\\/oratorio-san-peregrino-asi-arquitectura\\\/\"},\"wordCount\":1140,\"publisher\":{\"@id\":\"https:\\\/\\\/www.arquimaster.com.ar\\\/web\\\/#organization\"},\"image\":{\"@id\":\"https:\\\/\\\/www.arquimaster.com.ar\\\/web\\\/oratorio-san-peregrino-asi-arquitectura\\\/#primaryimage\"},\"thumbnailUrl\":\"https:\\\/\\\/www.arquimaster.com.ar\\\/web\\\/wp-content\\\/uploads\\\/2022\\\/02\\\/oratorio_san_peregrino_slide.jpg\",\"keywords\":[\"Adrian Peretti\",\"arquitectura religiosa\",\"AS\u00cd! Arquitectura\",\"Entre Rios\",\"hormig\u00f3n\",\"hormig\u00f3n a la vista\",\"hormig\u00f3n visto\",\"Ivan Peker\",\"oratorio\",\"Paran\u00e1\",\"Sebastian Cagliero\"],\"articleSection\":[\"Arquitectura religiosa\",\"Proyecto\"],\"inLanguage\":\"es\"},{\"@type\":\"WebPage\",\"@id\":\"https:\\\/\\\/www.arquimaster.com.ar\\\/web\\\/oratorio-san-peregrino-asi-arquitectura\\\/\",\"url\":\"https:\\\/\\\/www.arquimaster.com.ar\\\/web\\\/oratorio-san-peregrino-asi-arquitectura\\\/\",\"name\":\"Oratorio San Peregrino \\\/ AS\u00cd! Arquitectura - Arquimaster\",\"isPartOf\":{\"@id\":\"https:\\\/\\\/www.arquimaster.com.ar\\\/web\\\/#website\"},\"primaryImageOfPage\":{\"@id\":\"https:\\\/\\\/www.arquimaster.com.ar\\\/web\\\/oratorio-san-peregrino-asi-arquitectura\\\/#primaryimage\"},\"image\":{\"@id\":\"https:\\\/\\\/www.arquimaster.com.ar\\\/web\\\/oratorio-san-peregrino-asi-arquitectura\\\/#primaryimage\"},\"thumbnailUrl\":\"https:\\\/\\\/www.arquimaster.com.ar\\\/web\\\/wp-content\\\/uploads\\\/2022\\\/02\\\/oratorio_san_peregrino_slide.jpg\",\"datePublished\":\"2022-02-17T22:30:24+00:00\",\"dateModified\":\"2022-08-15T21:51:52+00:00\",\"description\":\"El espacio interior busca ser una pausa dentro del convulsionado ritmo de movimientos del entorno y de la vida diaria, para lo cual se recrea una atm\u00f3sfera de calma y paz.\",\"breadcrumb\":{\"@id\":\"https:\\\/\\\/www.arquimaster.com.ar\\\/web\\\/oratorio-san-peregrino-asi-arquitectura\\\/#breadcrumb\"},\"inLanguage\":\"es\",\"potentialAction\":[{\"@type\":\"ReadAction\",\"target\":[\"https:\\\/\\\/www.arquimaster.com.ar\\\/web\\\/oratorio-san-peregrino-asi-arquitectura\\\/\"]}]},{\"@type\":\"ImageObject\",\"inLanguage\":\"es\",\"@id\":\"https:\\\/\\\/www.arquimaster.com.ar\\\/web\\\/oratorio-san-peregrino-asi-arquitectura\\\/#primaryimage\",\"url\":\"https:\\\/\\\/www.arquimaster.com.ar\\\/web\\\/wp-content\\\/uploads\\\/2022\\\/02\\\/oratorio_san_peregrino_slide.jpg\",\"contentUrl\":\"https:\\\/\\\/www.arquimaster.com.ar\\\/web\\\/wp-content\\\/uploads\\\/2022\\\/02\\\/oratorio_san_peregrino_slide.jpg\",\"width\":698,\"height\":364,\"caption\":\"Oratorio San Peregrino \\\/ AS\u00cd! Arquitectura\"},{\"@type\":\"BreadcrumbList\",\"@id\":\"https:\\\/\\\/www.arquimaster.com.ar\\\/web\\\/oratorio-san-peregrino-asi-arquitectura\\\/#breadcrumb\",\"itemListElement\":[{\"@type\":\"ListItem\",\"position\":1,\"name\":\"Portada\",\"item\":\"https:\\\/\\\/www.arquimaster.com.ar\\\/web\\\/\"},{\"@type\":\"ListItem\",\"position\":2,\"name\":\"Oratorio San Peregrino \\\/ AS\u00cd! Arquitectura\"}]},{\"@type\":\"WebSite\",\"@id\":\"https:\\\/\\\/www.arquimaster.com.ar\\\/web\\\/#website\",\"url\":\"https:\\\/\\\/www.arquimaster.com.ar\\\/web\\\/\",\"name\":\"Arquimaster\",\"description\":\"Web de arquitectura, dise\u00f1o y construccion\",\"publisher\":{\"@id\":\"https:\\\/\\\/www.arquimaster.com.ar\\\/web\\\/#organization\"},\"potentialAction\":[{\"@type\":\"SearchAction\",\"target\":{\"@type\":\"EntryPoint\",\"urlTemplate\":\"https:\\\/\\\/www.arquimaster.com.ar\\\/web\\\/?s={search_term_string}\"},\"query-input\":{\"@type\":\"PropertyValueSpecification\",\"valueRequired\":true,\"valueName\":\"search_term_string\"}}],\"inLanguage\":\"es\"},{\"@type\":\"Organization\",\"@id\":\"https:\\\/\\\/www.arquimaster.com.ar\\\/web\\\/#organization\",\"name\":\"Arquimaster\",\"url\":\"https:\\\/\\\/www.arquimaster.com.ar\\\/web\\\/\",\"logo\":{\"@type\":\"ImageObject\",\"inLanguage\":\"es\",\"@id\":\"https:\\\/\\\/www.arquimaster.com.ar\\\/web\\\/#\\\/schema\\\/logo\\\/image\\\/\",\"url\":\"https:\\\/\\\/www.arquimaster.com.ar\\\/web\\\/wp-content\\\/uploads\\\/2022\\\/06\\\/arquimaster.png\",\"contentUrl\":\"https:\\\/\\\/www.arquimaster.com.ar\\\/web\\\/wp-content\\\/uploads\\\/2022\\\/06\\\/arquimaster.png\",\"width\":594,\"height\":78,\"caption\":\"Arquimaster\"},\"image\":{\"@id\":\"https:\\\/\\\/www.arquimaster.com.ar\\\/web\\\/#\\\/schema\\\/logo\\\/image\\\/\"},\"sameAs\":[\"http:\\\/\\\/www.facebook.com\\\/ARQUIMASTER.com.ar\",\"https:\\\/\\\/x.com\\\/arquimaster\",\"https:\\\/\\\/www.instagram.com\\\/arquimasterblog\\\/\",\"https:\\\/\\\/www.linkedin.com\\\/company\\\/arquimaster\",\"https:\\\/\\\/www.pinterest.com\\\/arquimaster\",\"https:\\\/\\\/t.me\\\/arquimaster\"]},{\"@type\":\"Person\",\"@id\":\"https:\\\/\\\/www.arquimaster.com.ar\\\/web\\\/#\\\/schema\\\/person\\\/359e9f7c00193fcde068e0dd2ceb0028\",\"name\":\"Arquimaster\"}]}<\/script>\n<!-- \/ Yoast SEO plugin. -->","yoast_head_json":{"title":"Oratorio San Peregrino \/ AS\u00cd! Arquitectura - Arquimaster","description":"El espacio interior busca ser una pausa dentro del convulsionado ritmo de movimientos del entorno y de la vida diaria, para lo cual se recrea una atm\u00f3sfera de calma y paz.","robots":{"index":"index","follow":"follow","max-snippet":"max-snippet:-1","max-image-preview":"max-image-preview:large","max-video-preview":"max-video-preview:-1"},"canonical":"https:\/\/www.arquimaster.com.ar\/web\/oratorio-san-peregrino-asi-arquitectura\/","og_locale":"es_ES","og_type":"article","og_title":"Oratorio San Peregrino \/ AS\u00cd! Arquitectura","og_description":"El espacio interior busca ser una pausa dentro del convulsionado ritmo de movimientos del entorno y de la vida diaria, para lo cual se recrea una atm\u00f3sfera de calma y paz.","og_url":"https:\/\/www.arquimaster.com.ar\/web\/oratorio-san-peregrino-asi-arquitectura\/","og_site_name":"Arquimaster","article_publisher":"http:\/\/www.facebook.com\/ARQUIMASTER.com.ar","article_published_time":"2022-02-17T22:30:24+00:00","article_modified_time":"2022-08-15T21:51:52+00:00","og_image":[{"width":698,"height":364,"url":"https:\/\/www.arquimaster.com.ar\/web\/wp-content\/uploads\/2022\/02\/oratorio_san_peregrino_slide.jpg","type":"image\/jpeg"}],"author":"Arquimaster","twitter_card":"summary_large_image","twitter_title":"Oratorio San Peregrino \/ AS\u00cd! Arquitectura","twitter_description":"El espacio interior busca ser una pausa dentro del convulsionado ritmo de movimientos del entorno y de la vida diaria, para lo cual se recrea una atm\u00f3sfera de calma y paz.","twitter_image":"https:\/\/www.arquimaster.com.ar\/web\/wp-content\/uploads\/2022\/02\/oratorio_san_peregrino_slide.jpg","twitter_creator":"@arquimaster","twitter_site":"@arquimaster","twitter_misc":{"Escrito por":"Arquimaster","Tiempo de lectura":"5 minutos"},"schema":{"@context":"https:\/\/schema.org","@graph":[{"@type":"Article","@id":"https:\/\/www.arquimaster.com.ar\/web\/oratorio-san-peregrino-asi-arquitectura\/#article","isPartOf":{"@id":"https:\/\/www.arquimaster.com.ar\/web\/oratorio-san-peregrino-asi-arquitectura\/"},"author":{"name":"Arquimaster","@id":"https:\/\/www.arquimaster.com.ar\/web\/#\/schema\/person\/359e9f7c00193fcde068e0dd2ceb0028"},"headline":"Oratorio San Peregrino \/ AS\u00cd! Arquitectura","datePublished":"2022-02-17T22:30:24+00:00","dateModified":"2022-08-15T21:51:52+00:00","mainEntityOfPage":{"@id":"https:\/\/www.arquimaster.com.ar\/web\/oratorio-san-peregrino-asi-arquitectura\/"},"wordCount":1140,"publisher":{"@id":"https:\/\/www.arquimaster.com.ar\/web\/#organization"},"image":{"@id":"https:\/\/www.arquimaster.com.ar\/web\/oratorio-san-peregrino-asi-arquitectura\/#primaryimage"},"thumbnailUrl":"https:\/\/www.arquimaster.com.ar\/web\/wp-content\/uploads\/2022\/02\/oratorio_san_peregrino_slide.jpg","keywords":["Adrian Peretti","arquitectura religiosa","AS\u00cd! Arquitectura","Entre Rios","hormig\u00f3n","hormig\u00f3n a la vista","hormig\u00f3n visto","Ivan Peker","oratorio","Paran\u00e1","Sebastian Cagliero"],"articleSection":["Arquitectura religiosa","Proyecto"],"inLanguage":"es"},{"@type":"WebPage","@id":"https:\/\/www.arquimaster.com.ar\/web\/oratorio-san-peregrino-asi-arquitectura\/","url":"https:\/\/www.arquimaster.com.ar\/web\/oratorio-san-peregrino-asi-arquitectura\/","name":"Oratorio San Peregrino \/ AS\u00cd! Arquitectura - Arquimaster","isPartOf":{"@id":"https:\/\/www.arquimaster.com.ar\/web\/#website"},"primaryImageOfPage":{"@id":"https:\/\/www.arquimaster.com.ar\/web\/oratorio-san-peregrino-asi-arquitectura\/#primaryimage"},"image":{"@id":"https:\/\/www.arquimaster.com.ar\/web\/oratorio-san-peregrino-asi-arquitectura\/#primaryimage"},"thumbnailUrl":"https:\/\/www.arquimaster.com.ar\/web\/wp-content\/uploads\/2022\/02\/oratorio_san_peregrino_slide.jpg","datePublished":"2022-02-17T22:30:24+00:00","dateModified":"2022-08-15T21:51:52+00:00","description":"El espacio interior busca ser una pausa dentro del convulsionado ritmo de movimientos del entorno y de la vida diaria, para lo cual se recrea una atm\u00f3sfera de calma y paz.","breadcrumb":{"@id":"https:\/\/www.arquimaster.com.ar\/web\/oratorio-san-peregrino-asi-arquitectura\/#breadcrumb"},"inLanguage":"es","potentialAction":[{"@type":"ReadAction","target":["https:\/\/www.arquimaster.com.ar\/web\/oratorio-san-peregrino-asi-arquitectura\/"]}]},{"@type":"ImageObject","inLanguage":"es","@id":"https:\/\/www.arquimaster.com.ar\/web\/oratorio-san-peregrino-asi-arquitectura\/#primaryimage","url":"https:\/\/www.arquimaster.com.ar\/web\/wp-content\/uploads\/2022\/02\/oratorio_san_peregrino_slide.jpg","contentUrl":"https:\/\/www.arquimaster.com.ar\/web\/wp-content\/uploads\/2022\/02\/oratorio_san_peregrino_slide.jpg","width":698,"height":364,"caption":"Oratorio San Peregrino \/ AS\u00cd! Arquitectura"},{"@type":"BreadcrumbList","@id":"https:\/\/www.arquimaster.com.ar\/web\/oratorio-san-peregrino-asi-arquitectura\/#breadcrumb","itemListElement":[{"@type":"ListItem","position":1,"name":"Portada","item":"https:\/\/www.arquimaster.com.ar\/web\/"},{"@type":"ListItem","position":2,"name":"Oratorio San Peregrino \/ AS\u00cd! Arquitectura"}]},{"@type":"WebSite","@id":"https:\/\/www.arquimaster.com.ar\/web\/#website","url":"https:\/\/www.arquimaster.com.ar\/web\/","name":"Arquimaster","description":"Web de arquitectura, dise\u00f1o y construccion","publisher":{"@id":"https:\/\/www.arquimaster.com.ar\/web\/#organization"},"potentialAction":[{"@type":"SearchAction","target":{"@type":"EntryPoint","urlTemplate":"https:\/\/www.arquimaster.com.ar\/web\/?s={search_term_string}"},"query-input":{"@type":"PropertyValueSpecification","valueRequired":true,"valueName":"search_term_string"}}],"inLanguage":"es"},{"@type":"Organization","@id":"https:\/\/www.arquimaster.com.ar\/web\/#organization","name":"Arquimaster","url":"https:\/\/www.arquimaster.com.ar\/web\/","logo":{"@type":"ImageObject","inLanguage":"es","@id":"https:\/\/www.arquimaster.com.ar\/web\/#\/schema\/logo\/image\/","url":"https:\/\/www.arquimaster.com.ar\/web\/wp-content\/uploads\/2022\/06\/arquimaster.png","contentUrl":"https:\/\/www.arquimaster.com.ar\/web\/wp-content\/uploads\/2022\/06\/arquimaster.png","width":594,"height":78,"caption":"Arquimaster"},"image":{"@id":"https:\/\/www.arquimaster.com.ar\/web\/#\/schema\/logo\/image\/"},"sameAs":["http:\/\/www.facebook.com\/ARQUIMASTER.com.ar","https:\/\/x.com\/arquimaster","https:\/\/www.instagram.com\/arquimasterblog\/","https:\/\/www.linkedin.com\/company\/arquimaster","https:\/\/www.pinterest.com\/arquimaster","https:\/\/t.me\/arquimaster"]},{"@type":"Person","@id":"https:\/\/www.arquimaster.com.ar\/web\/#\/schema\/person\/359e9f7c00193fcde068e0dd2ceb0028","name":"Arquimaster"}]}},"uagb_featured_image_src":{"full":["https:\/\/www.arquimaster.com.ar\/web\/wp-content\/uploads\/2022\/02\/oratorio_san_peregrino_slide.jpg",698,364,false],"thumbnail":["https:\/\/www.arquimaster.com.ar\/web\/wp-content\/uploads\/2022\/02\/oratorio_san_peregrino_slide-150x150.jpg",150,150,true],"medium":["https:\/\/www.arquimaster.com.ar\/web\/wp-content\/uploads\/2022\/02\/oratorio_san_peregrino_slide.jpg",698,364,false],"medium_large":["https:\/\/www.arquimaster.com.ar\/web\/wp-content\/uploads\/2022\/02\/oratorio_san_peregrino_slide.jpg",698,364,false],"large":["https:\/\/www.arquimaster.com.ar\/web\/wp-content\/uploads\/2022\/02\/oratorio_san_peregrino_slide.jpg",698,364,false],"1536x1536":["https:\/\/www.arquimaster.com.ar\/web\/wp-content\/uploads\/2022\/02\/oratorio_san_peregrino_slide.jpg",698,364,false],"2048x2048":["https:\/\/www.arquimaster.com.ar\/web\/wp-content\/uploads\/2022\/02\/oratorio_san_peregrino_slide.jpg",698,364,false]},"uagb_author_info":{"display_name":"Arquimaster","author_link":"https:\/\/www.arquimaster.com.ar\/web\/author\/arquimaster\/"},"uagb_comment_info":0,"uagb_excerpt":"En el espacio interior se busc\u00f3 recrear una atm\u00f3sfera de calma y paz...","_links":{"self":[{"href":"https:\/\/www.arquimaster.com.ar\/web\/wp-json\/wp\/v2\/posts\/68796","targetHints":{"allow":["GET"]}}],"collection":[{"href":"https:\/\/www.arquimaster.com.ar\/web\/wp-json\/wp\/v2\/posts"}],"about":[{"href":"https:\/\/www.arquimaster.com.ar\/web\/wp-json\/wp\/v2\/types\/post"}],"author":[{"embeddable":true,"href":"https:\/\/www.arquimaster.com.ar\/web\/wp-json\/wp\/v2\/users\/1"}],"replies":[{"embeddable":true,"href":"https:\/\/www.arquimaster.com.ar\/web\/wp-json\/wp\/v2\/comments?post=68796"}],"version-history":[{"count":3,"href":"https:\/\/www.arquimaster.com.ar\/web\/wp-json\/wp\/v2\/posts\/68796\/revisions"}],"predecessor-version":[{"id":71943,"href":"https:\/\/www.arquimaster.com.ar\/web\/wp-json\/wp\/v2\/posts\/68796\/revisions\/71943"}],"wp:featuredmedia":[{"embeddable":true,"href":"https:\/\/www.arquimaster.com.ar\/web\/wp-json\/wp\/v2\/media\/68797"}],"wp:attachment":[{"href":"https:\/\/www.arquimaster.com.ar\/web\/wp-json\/wp\/v2\/media?parent=68796"}],"wp:term":[{"taxonomy":"category","embeddable":true,"href":"https:\/\/www.arquimaster.com.ar\/web\/wp-json\/wp\/v2\/categories?post=68796"},{"taxonomy":"post_tag","embeddable":true,"href":"https:\/\/www.arquimaster.com.ar\/web\/wp-json\/wp\/v2\/tags?post=68796"}],"curies":[{"name":"wp","href":"https:\/\/api.w.org\/{rel}","templated":true}]}}