{"id":69133,"date":"2022-03-10T12:48:52","date_gmt":"2022-03-10T15:48:52","guid":{"rendered":"https:\/\/www.arquimaster.com.ar\/web\/?p=69133"},"modified":"2022-08-17T17:26:50","modified_gmt":"2022-08-17T20:26:50","slug":"edificio-adamant-tijuana-mayer-hasbani","status":"publish","type":"post","link":"https:\/\/www.arquimaster.com.ar\/web\/edificio-adamant-tijuana-mayer-hasbani\/","title":{"rendered":"Edificio Adamant Tijuana \/ Mayer Hasbani"},"content":{"rendered":"<div style=\"margin-top: 0px; margin-bottom: 0px;\" class=\"sharethis-inline-share-buttons\" ><\/div><div class=\"b812932af2e751442846f039925109de\" data-index=\"1\" style=\"float: none; margin:25px 0 25px 0; text-align:center;\">\n<script async src=\"https:\/\/pagead2.googlesyndication.com\/pagead\/js\/adsbygoogle.js\"><\/script>\r\n<!-- Arquimaster (superior) -->\r\n<ins class=\"adsbygoogle\"\r\n     style=\"display:block\"\r\n     data-ad-client=\"ca-pub-6351072698456832\"\r\n     data-ad-slot=\"6455489680\"\r\n     data-ad-format=\"auto\"\r\n     data-full-width-responsive=\"true\"><\/ins>\r\n<script>\r\n     (adsbygoogle = window.adsbygoogle || []).push({});\r\n<\/script>\n<\/div>\n<p><strong>Edificio Adamant Tijuana<\/strong> (Tijuana, Estado de Baja California, M\u00e9xico) por <strong>Mayer Hasbani<\/strong>. Adamant Tijuana es un proyecto residencial multifamiliar que se postra como el remate de la calle y otorga al contexto urbano un elemento de presencia que hac\u00eda falta para consolidar la zona en Tijuana, Baja California dentro de su nuevo crecimiento. La curvatura de su terreno permite que el dise\u00f1o dibuje una torsi\u00f3n r\u00edtmica que contrasta con la ortogonalidad del resto de sus geometr\u00edas.<\/p>\n<div id='gallery-1' class='gallery galleryid-69133 gallery-columns-3 gallery-size-thumbnail'><figure class='gallery-item'>\n\t\t\t<div class='gallery-icon portrait'>\n\t\t\t\t<a href='https:\/\/www.arquimaster.com.ar\/web\/wp-content\/uploads\/2022\/03\/adamant_tijuana1.jpg' title=\"Edificio Adamant Tijuana \/ Mayer Hasbani (\u00a9 Onnis Luque)\" data-rl_title=\"Edificio Adamant Tijuana \/ Mayer Hasbani (\u00a9 Onnis Luque)\" class=\"rl-gallery-link\" data-rl_caption=\"Edificio Adamant Tijuana \/ Mayer Hasbani (\u00a9 Onnis Luque)\" data-rel=\"lightbox-gallery-1\"><img loading=\"lazy\" decoding=\"async\" width=\"150\" height=\"150\" src=\"https:\/\/www.arquimaster.com.ar\/web\/wp-content\/uploads\/2022\/03\/adamant_tijuana1-150x150.jpg\" class=\"attachment-thumbnail size-thumbnail\" alt=\"Edificio Adamant Tijuana \/ Mayer Hasbani\" aria-describedby=\"gallery-1-69135\" \/><\/a>\n\t\t\t<\/div>\n\t\t\t\t<figcaption class='wp-caption-text gallery-caption' id='gallery-1-69135'>\n\t\t\t\tEdificio Adamant Tijuana \/ Mayer Hasbani (\u00a9 Onnis Luque)\n\t\t\t\t<\/figcaption><\/figure><figure class='gallery-item'>\n\t\t\t<div class='gallery-icon portrait'>\n\t\t\t\t<a href='https:\/\/www.arquimaster.com.ar\/web\/wp-content\/uploads\/2022\/03\/adamant_tijuana2.jpg' title=\"Edificio Adamant Tijuana \/ Mayer Hasbani (\u00a9 Onnis Luque)\" data-rl_title=\"Edificio Adamant Tijuana \/ Mayer Hasbani (\u00a9 Onnis Luque)\" class=\"rl-gallery-link\" data-rl_caption=\"Edificio Adamant Tijuana \/ Mayer Hasbani (\u00a9 Onnis Luque)\" data-rel=\"lightbox-gallery-1\"><img loading=\"lazy\" decoding=\"async\" width=\"150\" height=\"150\" src=\"https:\/\/www.arquimaster.com.ar\/web\/wp-content\/uploads\/2022\/03\/adamant_tijuana2-150x150.jpg\" class=\"attachment-thumbnail size-thumbnail\" alt=\"Edificio Adamant Tijuana \/ Mayer Hasbani\" aria-describedby=\"gallery-1-69136\" \/><\/a>\n\t\t\t<\/div>\n\t\t\t\t<figcaption class='wp-caption-text gallery-caption' id='gallery-1-69136'>\n\t\t\t\tEdificio Adamant Tijuana \/ Mayer Hasbani (\u00a9 Onnis Luque)\n\t\t\t\t<\/figcaption><\/figure><figure class='gallery-item'>\n\t\t\t<div class='gallery-icon portrait'>\n\t\t\t\t<a href='https:\/\/www.arquimaster.com.ar\/web\/wp-content\/uploads\/2022\/03\/adamant_tijuana3.jpg' title=\"Edificio Adamant Tijuana \/ Mayer Hasbani (\u00a9 Onnis Luque)\" data-rl_title=\"Edificio Adamant Tijuana \/ Mayer Hasbani (\u00a9 Onnis Luque)\" class=\"rl-gallery-link\" data-rl_caption=\"Edificio Adamant Tijuana \/ Mayer Hasbani (\u00a9 Onnis Luque)\" data-rel=\"lightbox-gallery-1\"><img loading=\"lazy\" decoding=\"async\" width=\"150\" height=\"150\" src=\"https:\/\/www.arquimaster.com.ar\/web\/wp-content\/uploads\/2022\/03\/adamant_tijuana3-150x150.jpg\" class=\"attachment-thumbnail size-thumbnail\" alt=\"Edificio Adamant Tijuana \/ Mayer Hasbani\" aria-describedby=\"gallery-1-69137\" \/><\/a>\n\t\t\t<\/div>\n\t\t\t\t<figcaption class='wp-caption-text gallery-caption' id='gallery-1-69137'>\n\t\t\t\tEdificio Adamant Tijuana \/ Mayer Hasbani (\u00a9 Onnis Luque)\n\t\t\t\t<\/figcaption><\/figure><figure class='gallery-item'>\n\t\t\t<div class='gallery-icon portrait'>\n\t\t\t\t<a href='https:\/\/www.arquimaster.com.ar\/web\/wp-content\/uploads\/2022\/03\/adamant_tijuana4.jpg' title=\"Edificio Adamant Tijuana \/ Mayer Hasbani (\u00a9 Onnis Luque)\" data-rl_title=\"Edificio Adamant Tijuana \/ Mayer Hasbani (\u00a9 Onnis Luque)\" class=\"rl-gallery-link\" data-rl_caption=\"Edificio Adamant Tijuana \/ Mayer Hasbani (\u00a9 Onnis Luque)\" data-rel=\"lightbox-gallery-1\"><img loading=\"lazy\" decoding=\"async\" width=\"150\" height=\"150\" src=\"https:\/\/www.arquimaster.com.ar\/web\/wp-content\/uploads\/2022\/03\/adamant_tijuana4-150x150.jpg\" class=\"attachment-thumbnail size-thumbnail\" alt=\"Edificio Adamant Tijuana \/ Mayer Hasbani\" aria-describedby=\"gallery-1-69138\" \/><\/a>\n\t\t\t<\/div>\n\t\t\t\t<figcaption class='wp-caption-text gallery-caption' id='gallery-1-69138'>\n\t\t\t\tEdificio Adamant Tijuana \/ Mayer Hasbani (\u00a9 Onnis Luque)\n\t\t\t\t<\/figcaption><\/figure><figure class='gallery-item'>\n\t\t\t<div class='gallery-icon portrait'>\n\t\t\t\t<a href='https:\/\/www.arquimaster.com.ar\/web\/wp-content\/uploads\/2022\/03\/adamant_tijuana5.jpg' title=\"Edificio Adamant Tijuana \/ Mayer Hasbani (\u00a9 Onnis Luque)\" data-rl_title=\"Edificio Adamant Tijuana \/ Mayer Hasbani (\u00a9 Onnis Luque)\" class=\"rl-gallery-link\" data-rl_caption=\"Edificio Adamant Tijuana \/ Mayer Hasbani (\u00a9 Onnis Luque)\" data-rel=\"lightbox-gallery-1\"><img loading=\"lazy\" decoding=\"async\" width=\"150\" height=\"150\" src=\"https:\/\/www.arquimaster.com.ar\/web\/wp-content\/uploads\/2022\/03\/adamant_tijuana5-150x150.jpg\" class=\"attachment-thumbnail size-thumbnail\" alt=\"Edificio Adamant Tijuana \/ Mayer Hasbani\" aria-describedby=\"gallery-1-69139\" \/><\/a>\n\t\t\t<\/div>\n\t\t\t\t<figcaption class='wp-caption-text gallery-caption' id='gallery-1-69139'>\n\t\t\t\tEdificio Adamant Tijuana \/ Mayer Hasbani (\u00a9 Onnis Luque)\n\t\t\t\t<\/figcaption><\/figure><figure class='gallery-item'>\n\t\t\t<div class='gallery-icon landscape'>\n\t\t\t\t<a href='https:\/\/www.arquimaster.com.ar\/web\/wp-content\/uploads\/2022\/03\/adamant_tijuana6.jpg' title=\"Edificio Adamant Tijuana \/ Mayer Hasbani (\u00a9 Onnis Luque)\" data-rl_title=\"Edificio Adamant Tijuana \/ Mayer Hasbani (\u00a9 Onnis Luque)\" class=\"rl-gallery-link\" data-rl_caption=\"Edificio Adamant Tijuana \/ Mayer Hasbani (\u00a9 Onnis Luque)\" data-rel=\"lightbox-gallery-1\"><img loading=\"lazy\" decoding=\"async\" width=\"150\" height=\"150\" src=\"https:\/\/www.arquimaster.com.ar\/web\/wp-content\/uploads\/2022\/03\/adamant_tijuana6-150x150.jpg\" class=\"attachment-thumbnail size-thumbnail\" alt=\"Edificio Adamant Tijuana \/ Mayer Hasbani\" aria-describedby=\"gallery-1-69140\" \/><\/a>\n\t\t\t<\/div>\n\t\t\t\t<figcaption class='wp-caption-text gallery-caption' id='gallery-1-69140'>\n\t\t\t\tEdificio Adamant Tijuana \/ Mayer Hasbani (\u00a9 Onnis Luque)\n\t\t\t\t<\/figcaption><\/figure><figure class='gallery-item'>\n\t\t\t<div class='gallery-icon portrait'>\n\t\t\t\t<a href='https:\/\/www.arquimaster.com.ar\/web\/wp-content\/uploads\/2022\/03\/adamant_tijuana7.jpg' title=\"Edificio Adamant Tijuana \/ Mayer Hasbani (\u00a9 Onnis Luque)\" data-rl_title=\"Edificio Adamant Tijuana \/ Mayer Hasbani (\u00a9 Onnis Luque)\" class=\"rl-gallery-link\" data-rl_caption=\"Edificio Adamant Tijuana \/ Mayer Hasbani (\u00a9 Onnis Luque)\" data-rel=\"lightbox-gallery-1\"><img loading=\"lazy\" decoding=\"async\" width=\"150\" height=\"150\" src=\"https:\/\/www.arquimaster.com.ar\/web\/wp-content\/uploads\/2022\/03\/adamant_tijuana7-150x150.jpg\" class=\"attachment-thumbnail size-thumbnail\" alt=\"Edificio Adamant Tijuana \/ Mayer Hasbani\" aria-describedby=\"gallery-1-69141\" \/><\/a>\n\t\t\t<\/div>\n\t\t\t\t<figcaption class='wp-caption-text gallery-caption' id='gallery-1-69141'>\n\t\t\t\tEdificio Adamant Tijuana \/ Mayer Hasbani (\u00a9 Onnis Luque)\n\t\t\t\t<\/figcaption><\/figure><figure class='gallery-item'>\n\t\t\t<div class='gallery-icon landscape'>\n\t\t\t\t<a href='https:\/\/www.arquimaster.com.ar\/web\/wp-content\/uploads\/2022\/03\/adamant_tijuana8.jpg' title=\"Edificio Adamant Tijuana \/ Mayer Hasbani (\u00a9 Onnis Luque)\" data-rl_title=\"Edificio Adamant Tijuana \/ Mayer Hasbani (\u00a9 Onnis Luque)\" class=\"rl-gallery-link\" data-rl_caption=\"Edificio Adamant Tijuana \/ Mayer Hasbani (\u00a9 Onnis Luque)\" data-rel=\"lightbox-gallery-1\"><img loading=\"lazy\" decoding=\"async\" width=\"150\" height=\"150\" src=\"https:\/\/www.arquimaster.com.ar\/web\/wp-content\/uploads\/2022\/03\/adamant_tijuana8-150x150.jpg\" class=\"attachment-thumbnail size-thumbnail\" alt=\"Edificio Adamant Tijuana \/ Mayer Hasbani\" aria-describedby=\"gallery-1-69142\" \/><\/a>\n\t\t\t<\/div>\n\t\t\t\t<figcaption class='wp-caption-text gallery-caption' id='gallery-1-69142'>\n\t\t\t\tEdificio Adamant Tijuana \/ Mayer Hasbani (\u00a9 Onnis Luque)\n\t\t\t\t<\/figcaption><\/figure><figure class='gallery-item'>\n\t\t\t<div class='gallery-icon landscape'>\n\t\t\t\t<a href='https:\/\/www.arquimaster.com.ar\/web\/wp-content\/uploads\/2022\/03\/adamant_tijuana9.jpg' title=\"Edificio Adamant Tijuana \/ Mayer Hasbani (\u00a9 Onnis Luque)\" data-rl_title=\"Edificio Adamant Tijuana \/ Mayer Hasbani (\u00a9 Onnis Luque)\" class=\"rl-gallery-link\" data-rl_caption=\"Edificio Adamant Tijuana \/ Mayer Hasbani (\u00a9 Onnis Luque)\" data-rel=\"lightbox-gallery-1\"><img loading=\"lazy\" decoding=\"async\" width=\"150\" height=\"150\" src=\"https:\/\/www.arquimaster.com.ar\/web\/wp-content\/uploads\/2022\/03\/adamant_tijuana9-150x150.jpg\" class=\"attachment-thumbnail size-thumbnail\" alt=\"Edificio Adamant Tijuana \/ Mayer Hasbani\" aria-describedby=\"gallery-1-69143\" \/><\/a>\n\t\t\t<\/div>\n\t\t\t\t<figcaption class='wp-caption-text gallery-caption' id='gallery-1-69143'>\n\t\t\t\tEdificio Adamant Tijuana \/ Mayer Hasbani (\u00a9 Onnis Luque)\n\t\t\t\t<\/figcaption><\/figure><figure class='gallery-item'>\n\t\t\t<div class='gallery-icon portrait'>\n\t\t\t\t<a href='https:\/\/www.arquimaster.com.ar\/web\/wp-content\/uploads\/2022\/03\/adamant_tijuana10.jpg' title=\"Edificio Adamant Tijuana \/ Mayer Hasbani (\u00a9 Onnis Luque)\" data-rl_title=\"Edificio Adamant Tijuana \/ Mayer Hasbani (\u00a9 Onnis Luque)\" class=\"rl-gallery-link\" data-rl_caption=\"Edificio Adamant Tijuana \/ Mayer Hasbani (\u00a9 Onnis Luque)\" data-rel=\"lightbox-gallery-1\"><img loading=\"lazy\" decoding=\"async\" width=\"150\" height=\"150\" src=\"https:\/\/www.arquimaster.com.ar\/web\/wp-content\/uploads\/2022\/03\/adamant_tijuana10-150x150.jpg\" class=\"attachment-thumbnail size-thumbnail\" alt=\"Edificio Adamant Tijuana \/ Mayer Hasbani\" aria-describedby=\"gallery-1-69144\" \/><\/a>\n\t\t\t<\/div>\n\t\t\t\t<figcaption class='wp-caption-text gallery-caption' id='gallery-1-69144'>\n\t\t\t\tEdificio Adamant Tijuana \/ Mayer Hasbani (\u00a9 Onnis Luque)\n\t\t\t\t<\/figcaption><\/figure><figure class='gallery-item'>\n\t\t\t<div class='gallery-icon landscape'>\n\t\t\t\t<a href='https:\/\/www.arquimaster.com.ar\/web\/wp-content\/uploads\/2022\/03\/adamant_tijuana11.jpg' title=\"Edificio Adamant Tijuana \/ Mayer Hasbani (\u00a9 Onnis Luque)\" data-rl_title=\"Edificio Adamant Tijuana \/ Mayer Hasbani (\u00a9 Onnis Luque)\" class=\"rl-gallery-link\" data-rl_caption=\"Edificio Adamant Tijuana \/ Mayer Hasbani (\u00a9 Onnis Luque)\" data-rel=\"lightbox-gallery-1\"><img loading=\"lazy\" decoding=\"async\" width=\"150\" height=\"150\" src=\"https:\/\/www.arquimaster.com.ar\/web\/wp-content\/uploads\/2022\/03\/adamant_tijuana11-150x150.jpg\" class=\"attachment-thumbnail size-thumbnail\" alt=\"Edificio Adamant Tijuana \/ Mayer Hasbani\" aria-describedby=\"gallery-1-69145\" \/><\/a>\n\t\t\t<\/div>\n\t\t\t\t<figcaption class='wp-caption-text gallery-caption' id='gallery-1-69145'>\n\t\t\t\tEdificio Adamant Tijuana \/ Mayer Hasbani (\u00a9 Onnis Luque)\n\t\t\t\t<\/figcaption><\/figure><figure class='gallery-item'>\n\t\t\t<div class='gallery-icon portrait'>\n\t\t\t\t<a href='https:\/\/www.arquimaster.com.ar\/web\/wp-content\/uploads\/2022\/03\/adamant_tijuana12.jpg' title=\"Edificio Adamant Tijuana \/ Mayer Hasbani (\u00a9 Onnis Luque)\" data-rl_title=\"Edificio Adamant Tijuana \/ Mayer Hasbani (\u00a9 Onnis Luque)\" class=\"rl-gallery-link\" data-rl_caption=\"Edificio Adamant Tijuana \/ Mayer Hasbani (\u00a9 Onnis Luque)\" data-rel=\"lightbox-gallery-1\"><img loading=\"lazy\" decoding=\"async\" width=\"150\" height=\"150\" src=\"https:\/\/www.arquimaster.com.ar\/web\/wp-content\/uploads\/2022\/03\/adamant_tijuana12-150x150.jpg\" class=\"attachment-thumbnail size-thumbnail\" alt=\"Edificio Adamant Tijuana \/ Mayer Hasbani\" aria-describedby=\"gallery-1-69146\" \/><\/a>\n\t\t\t<\/div>\n\t\t\t\t<figcaption class='wp-caption-text gallery-caption' id='gallery-1-69146'>\n\t\t\t\tEdificio Adamant Tijuana \/ Mayer Hasbani (\u00a9 Onnis Luque)\n\t\t\t\t<\/figcaption><\/figure><figure class='gallery-item'>\n\t\t\t<div class='gallery-icon landscape'>\n\t\t\t\t<a href='https:\/\/www.arquimaster.com.ar\/web\/wp-content\/uploads\/2022\/03\/adamant_tijuana13.jpg' title=\"Edificio Adamant Tijuana \/ Mayer Hasbani (\u00a9 Onnis Luque)\" data-rl_title=\"Edificio Adamant Tijuana \/ Mayer Hasbani (\u00a9 Onnis Luque)\" class=\"rl-gallery-link\" data-rl_caption=\"Edificio Adamant Tijuana \/ Mayer Hasbani (\u00a9 Onnis Luque)\" data-rel=\"lightbox-gallery-1\"><img loading=\"lazy\" decoding=\"async\" width=\"150\" height=\"150\" src=\"https:\/\/www.arquimaster.com.ar\/web\/wp-content\/uploads\/2022\/03\/adamant_tijuana13-150x150.jpg\" class=\"attachment-thumbnail size-thumbnail\" alt=\"Edificio Adamant Tijuana \/ Mayer Hasbani\" aria-describedby=\"gallery-1-69147\" \/><\/a>\n\t\t\t<\/div>\n\t\t\t\t<figcaption class='wp-caption-text gallery-caption' id='gallery-1-69147'>\n\t\t\t\tEdificio Adamant Tijuana \/ Mayer Hasbani (\u00a9 Onnis Luque)\n\t\t\t\t<\/figcaption><\/figure><figure class='gallery-item'>\n\t\t\t<div class='gallery-icon landscape'>\n\t\t\t\t<a href='https:\/\/www.arquimaster.com.ar\/web\/wp-content\/uploads\/2022\/03\/adamant_tijuana14.jpg' title=\"Edificio Adamant Tijuana \/ Mayer Hasbani (\u00a9 Onnis Luque)\" data-rl_title=\"Edificio Adamant Tijuana \/ Mayer Hasbani (\u00a9 Onnis Luque)\" class=\"rl-gallery-link\" data-rl_caption=\"Edificio Adamant Tijuana \/ Mayer Hasbani (\u00a9 Onnis Luque)\" data-rel=\"lightbox-gallery-1\"><img loading=\"lazy\" decoding=\"async\" width=\"150\" height=\"150\" src=\"https:\/\/www.arquimaster.com.ar\/web\/wp-content\/uploads\/2022\/03\/adamant_tijuana14-150x150.jpg\" class=\"attachment-thumbnail size-thumbnail\" alt=\"Edificio Adamant Tijuana \/ Mayer Hasbani\" aria-describedby=\"gallery-1-69148\" \/><\/a>\n\t\t\t<\/div>\n\t\t\t\t<figcaption class='wp-caption-text gallery-caption' id='gallery-1-69148'>\n\t\t\t\tEdificio Adamant Tijuana \/ Mayer Hasbani (\u00a9 Onnis Luque)\n\t\t\t\t<\/figcaption><\/figure><figure class='gallery-item'>\n\t\t\t<div class='gallery-icon landscape'>\n\t\t\t\t<a href='https:\/\/www.arquimaster.com.ar\/web\/wp-content\/uploads\/2022\/03\/adamant_tijuana15.jpg' title=\"Edificio Adamant Tijuana \/ Mayer Hasbani (\u00a9 Onnis Luque)\" data-rl_title=\"Edificio Adamant Tijuana \/ Mayer Hasbani (\u00a9 Onnis Luque)\" class=\"rl-gallery-link\" data-rl_caption=\"Edificio Adamant Tijuana \/ Mayer Hasbani (\u00a9 Onnis Luque)\" data-rel=\"lightbox-gallery-1\"><img loading=\"lazy\" decoding=\"async\" width=\"150\" height=\"150\" src=\"https:\/\/www.arquimaster.com.ar\/web\/wp-content\/uploads\/2022\/03\/adamant_tijuana15-150x150.jpg\" class=\"attachment-thumbnail size-thumbnail\" alt=\"Edificio Adamant Tijuana \/ Mayer Hasbani\" aria-describedby=\"gallery-1-69149\" \/><\/a>\n\t\t\t<\/div>\n\t\t\t\t<figcaption class='wp-caption-text gallery-caption' id='gallery-1-69149'>\n\t\t\t\tEdificio Adamant Tijuana \/ Mayer Hasbani (\u00a9 Onnis Luque)\n\t\t\t\t<\/figcaption><\/figure><figure class='gallery-item'>\n\t\t\t<div class='gallery-icon portrait'>\n\t\t\t\t<a href='https:\/\/www.arquimaster.com.ar\/web\/wp-content\/uploads\/2022\/03\/adamant_tijuana16.jpg' title=\"Edificio Adamant Tijuana \/ Mayer Hasbani (\u00a9 Onnis Luque)\" data-rl_title=\"Edificio Adamant Tijuana \/ Mayer Hasbani (\u00a9 Onnis Luque)\" class=\"rl-gallery-link\" data-rl_caption=\"Edificio Adamant Tijuana \/ Mayer Hasbani (\u00a9 Onnis Luque)\" data-rel=\"lightbox-gallery-1\"><img loading=\"lazy\" decoding=\"async\" width=\"150\" height=\"150\" src=\"https:\/\/www.arquimaster.com.ar\/web\/wp-content\/uploads\/2022\/03\/adamant_tijuana16-150x150.jpg\" class=\"attachment-thumbnail size-thumbnail\" alt=\"Edificio Adamant Tijuana \/ Mayer Hasbani\" aria-describedby=\"gallery-1-69150\" \/><\/a>\n\t\t\t<\/div>\n\t\t\t\t<figcaption class='wp-caption-text gallery-caption' id='gallery-1-69150'>\n\t\t\t\tEdificio Adamant Tijuana \/ Mayer Hasbani (\u00a9 Onnis Luque)\n\t\t\t\t<\/figcaption><\/figure><figure class='gallery-item'>\n\t\t\t<div class='gallery-icon landscape'>\n\t\t\t\t<a href='https:\/\/www.arquimaster.com.ar\/web\/wp-content\/uploads\/2022\/03\/adamant_tijuana17.jpg' title=\"Edificio Adamant Tijuana \/ Mayer Hasbani (\u00a9 Onnis Luque)\" data-rl_title=\"Edificio Adamant Tijuana \/ Mayer Hasbani (\u00a9 Onnis Luque)\" class=\"rl-gallery-link\" data-rl_caption=\"Edificio Adamant Tijuana \/ Mayer Hasbani (\u00a9 Onnis Luque)\" data-rel=\"lightbox-gallery-1\"><img loading=\"lazy\" decoding=\"async\" width=\"150\" height=\"150\" src=\"https:\/\/www.arquimaster.com.ar\/web\/wp-content\/uploads\/2022\/03\/adamant_tijuana17-150x150.jpg\" class=\"attachment-thumbnail size-thumbnail\" alt=\"Edificio Adamant Tijuana \/ Mayer Hasbani\" aria-describedby=\"gallery-1-69151\" \/><\/a>\n\t\t\t<\/div>\n\t\t\t\t<figcaption class='wp-caption-text gallery-caption' id='gallery-1-69151'>\n\t\t\t\tEdificio Adamant Tijuana \/ Mayer Hasbani (\u00a9 Onnis Luque)\n\t\t\t\t<\/figcaption><\/figure><figure class='gallery-item'>\n\t\t\t<div class='gallery-icon landscape'>\n\t\t\t\t<a href='https:\/\/www.arquimaster.com.ar\/web\/wp-content\/uploads\/2022\/03\/adamant_tijuana18.jpg' title=\"Edificio Adamant Tijuana \/ Mayer Hasbani (\u00a9 Onnis Luque)\" data-rl_title=\"Edificio Adamant Tijuana \/ Mayer Hasbani (\u00a9 Onnis Luque)\" class=\"rl-gallery-link\" data-rl_caption=\"Edificio Adamant Tijuana \/ Mayer Hasbani (\u00a9 Onnis Luque)\" data-rel=\"lightbox-gallery-1\"><img loading=\"lazy\" decoding=\"async\" width=\"150\" height=\"150\" src=\"https:\/\/www.arquimaster.com.ar\/web\/wp-content\/uploads\/2022\/03\/adamant_tijuana18-150x150.jpg\" class=\"attachment-thumbnail size-thumbnail\" alt=\"Edificio Adamant Tijuana \/ Mayer Hasbani\" aria-describedby=\"gallery-1-69152\" \/><\/a>\n\t\t\t<\/div>\n\t\t\t\t<figcaption class='wp-caption-text gallery-caption' id='gallery-1-69152'>\n\t\t\t\tEdificio Adamant Tijuana \/ Mayer Hasbani (\u00a9 Onnis Luque)\n\t\t\t\t<\/figcaption><\/figure><figure class='gallery-item'>\n\t\t\t<div class='gallery-icon landscape'>\n\t\t\t\t<a href='https:\/\/www.arquimaster.com.ar\/web\/wp-content\/uploads\/2022\/03\/adamant_tijuana19.jpg' title=\"Edificio Adamant Tijuana \/ Mayer Hasbani (\u00a9 Onnis Luque)\" data-rl_title=\"Edificio Adamant Tijuana \/ Mayer Hasbani (\u00a9 Onnis Luque)\" class=\"rl-gallery-link\" data-rl_caption=\"Edificio Adamant Tijuana \/ Mayer Hasbani (\u00a9 Onnis Luque)\" data-rel=\"lightbox-gallery-1\"><img loading=\"lazy\" decoding=\"async\" width=\"150\" height=\"150\" src=\"https:\/\/www.arquimaster.com.ar\/web\/wp-content\/uploads\/2022\/03\/adamant_tijuana19-150x150.jpg\" class=\"attachment-thumbnail size-thumbnail\" alt=\"Edificio Adamant Tijuana \/ Mayer Hasbani\" aria-describedby=\"gallery-1-69153\" \/><\/a>\n\t\t\t<\/div>\n\t\t\t\t<figcaption class='wp-caption-text gallery-caption' id='gallery-1-69153'>\n\t\t\t\tEdificio Adamant Tijuana \/ Mayer Hasbani (\u00a9 Onnis Luque)\n\t\t\t\t<\/figcaption><\/figure><figure class='gallery-item'>\n\t\t\t<div class='gallery-icon landscape'>\n\t\t\t\t<a href='https:\/\/www.arquimaster.com.ar\/web\/wp-content\/uploads\/2022\/03\/adamant_tijuana20.jpg' title=\"Edificio Adamant Tijuana \/ Mayer Hasbani (planta nivel 5)\" data-rl_title=\"Edificio Adamant Tijuana \/ Mayer Hasbani (planta nivel 5)\" class=\"rl-gallery-link\" data-rl_caption=\"Edificio Adamant Tijuana \/ Mayer Hasbani (planta nivel 5)\" data-rel=\"lightbox-gallery-1\"><img loading=\"lazy\" decoding=\"async\" width=\"150\" height=\"150\" src=\"https:\/\/www.arquimaster.com.ar\/web\/wp-content\/uploads\/2022\/03\/adamant_tijuana20-150x150.jpg\" class=\"attachment-thumbnail size-thumbnail\" alt=\"Edificio Adamant Tijuana \/ Mayer Hasbani\" aria-describedby=\"gallery-1-69154\" \/><\/a>\n\t\t\t<\/div>\n\t\t\t\t<figcaption class='wp-caption-text gallery-caption' id='gallery-1-69154'>\n\t\t\t\tEdificio Adamant Tijuana \/ Mayer Hasbani (planta nivel 5)\n\t\t\t\t<\/figcaption><\/figure><figure class='gallery-item'>\n\t\t\t<div class='gallery-icon landscape'>\n\t\t\t\t<a href='https:\/\/www.arquimaster.com.ar\/web\/wp-content\/uploads\/2022\/03\/adamant_tijuana21.jpg' title=\"Edificio Adamant Tijuana \/ Mayer Hasbani (planta nivel 25)\" data-rl_title=\"Edificio Adamant Tijuana \/ Mayer Hasbani (planta nivel 25)\" class=\"rl-gallery-link\" data-rl_caption=\"Edificio Adamant Tijuana \/ Mayer Hasbani (planta nivel 25)\" data-rel=\"lightbox-gallery-1\"><img loading=\"lazy\" decoding=\"async\" width=\"150\" height=\"150\" src=\"https:\/\/www.arquimaster.com.ar\/web\/wp-content\/uploads\/2022\/03\/adamant_tijuana21-150x150.jpg\" class=\"attachment-thumbnail size-thumbnail\" alt=\"Edificio Adamant Tijuana \/ Mayer Hasbani\" aria-describedby=\"gallery-1-69155\" \/><\/a>\n\t\t\t<\/div>\n\t\t\t\t<figcaption class='wp-caption-text gallery-caption' id='gallery-1-69155'>\n\t\t\t\tEdificio Adamant Tijuana \/ Mayer Hasbani (planta nivel 25)\n\t\t\t\t<\/figcaption><\/figure><figure class='gallery-item'>\n\t\t\t<div class='gallery-icon landscape'>\n\t\t\t\t<a href='https:\/\/www.arquimaster.com.ar\/web\/wp-content\/uploads\/2022\/03\/adamant_tijuana22.jpg' title=\"Edificio Adamant Tijuana \/ Mayer Hasbani (corte)\" data-rl_title=\"Edificio Adamant Tijuana \/ Mayer Hasbani (corte)\" class=\"rl-gallery-link\" data-rl_caption=\"Edificio Adamant Tijuana \/ Mayer Hasbani (corte)\" data-rel=\"lightbox-gallery-1\"><img loading=\"lazy\" decoding=\"async\" width=\"150\" height=\"150\" src=\"https:\/\/www.arquimaster.com.ar\/web\/wp-content\/uploads\/2022\/03\/adamant_tijuana22-150x150.jpg\" class=\"attachment-thumbnail size-thumbnail\" alt=\"Edificio Adamant Tijuana \/ Mayer Hasbani\" aria-describedby=\"gallery-1-69156\" \/><\/a>\n\t\t\t<\/div>\n\t\t\t\t<figcaption class='wp-caption-text gallery-caption' id='gallery-1-69156'>\n\t\t\t\tEdificio Adamant Tijuana \/ Mayer Hasbani (corte)\n\t\t\t\t<\/figcaption><\/figure>\n\t\t<\/div>\n\n<p>Las condiciones de asoleamiento de la zona fueron cuidadosamente estudiadas para poder utilizar recursos sustentables como brisoleils, que amortiguaran el sol agreste del norte de la Rep\u00fablica Mexicana. Las proporciones del edificio caminan como camina el sol, de manera que los habitantes pueden asegurar las mejores temperaturas y condiciones clim\u00e1ticas sin recurrir al aire acondicionado, gracias al ejercicio de dise\u00f1o de parasoles y ventilaciones cruzadas.<\/p>\n<p>Adamant Tijuana ofrece un concepto residencial que apela al futuro y a las nuevas conformaciones de modelos de vida y necesidades de los habitantes. El proyecto cuenta con 200 departamentos que van desde los 36 m2 hasta los 160 m2 y ofrecen una posibilidad de 14 diferentes distribuciones en 25 niveles, estacionamiento, \u00e1reas p\u00fablicas para la convivencia y las amenidades m\u00e1s lujosas y equipadas. As\u00ed, los usuarios y habitantes pueden disfrutar de una vida privada y al mismo tiempo construir comunidad en las \u00e1reas p\u00fablicas que favorecen la convivencia entre los vecinos.<\/p>\n<p>A la torre de departamentos se accede a trav\u00e9s del motor lobby que representa la transici\u00f3n de la ciudad a la casa: se trata de un juego entre dos escalas y sensaciones, una plaza dura y una suave que marca estas dualidades arquitect\u00f3nicamente. El umbral de acceso a Adamant Tijuana es un generoso p\u00f3rtico que da la bienvenida al habitante y visitante.<\/p>\n<p>Las amenidades se encuentran en tercer nivel para poder extender al m\u00e1ximo el \u00e1rea p\u00fablica y desplantar la piscina por encima del estacionamiento, una piscina que permite disfrutar al m\u00e1ximo del clima y que tambi\u00e9n hace las veces de un elegante espejo de agua reflejando el poder\u00edo de la construcci\u00f3n que se desplanta por encima de ella.<\/p>\n<p>La volumetr\u00eda general del edificio est\u00e1 compuesta por la intersecci\u00f3n de las terrazas y parasoles haciendo una suerte de pichonera texturizada que genera proporciones elegantes y r\u00edtmicas que abrazan el complejo. El remate del edificio corona el complejo con un marco de concreto expresionista y elegante que desdibuja la partici\u00f3n geom\u00e9trica del edificio rompiendo el ritmo y consolidando el hito arquitect\u00f3nico.<\/p>\n<p>Esta partici\u00f3n de \u00e1ngulos cuidadosamente dise\u00f1ada arroja una terraza por departamento para que los habitantes no se sientan limitados dentro de cuatro paredes y puedan tener contacto tambi\u00e9n con el exterior, as\u00ed como las mejores vistas de la ciudad. Tambi\u00e9n as\u00ed tienen acceso a un espacio de esparcimiento propio que abre posibilidades de contemplaci\u00f3n del medioambiente.<\/p>\n<p>Adamant Tijuana mezcla en un mismo contenedor arquitect\u00f3nico lujo, practicidad y modernidad. Funciona para responder a las necesidades del habitante y procura al mismo tiempo dotarlo de bienestar y sentido de comunidad.<\/p>\n\n\n<div style=\"height:20px\" aria-hidden=\"true\" class=\"wp-block-spacer\"><\/div>\n\n\n\n<p class=\"has-background\" style=\"background-color:#eaeaea\"><strong>Ficha t\u00e9cnica<\/strong><br>Nombre: Adamant Tijuana<br>Ubicaci\u00f3n: Tijuana, Estado de Baja California, M\u00e9xico<br>Arquitecto a cargo: Mayer Hasbani<br>Equipo: Oliver Burgos, Fredy Angeles, Paola L\u00f3pez<br>Cliente: Milk Life Investments<br>Tipolog\u00eda: Multifamiliar<br>Construcci\u00f3n: Milk Life Investments<br>Estructura: AG2M<br>MEP: Jaza<br>Paisaje: DLC<br>Fachada: Vitro<br>Iluminaci\u00f3n: Sombra<br>Superficie: 24,500 m2<br>Fecha de Dise\u00f1o: 2017<br>Fecha de terminaci\u00f3n: 2019<br>Fotograf\u00eda: Onnis Luque<br><br><strong>Contacto<\/strong><br><a href=\"https:\/\/www.mayerhasbani.com\" target=\"_blank\" rel=\"noreferrer noopener\">https:\/\/www.mayerhasbani.com<\/a><\/p>\n\n\n\n<div style=\"height:40px\" aria-hidden=\"true\" class=\"wp-block-spacer\"><\/div>\n\n<div style=\"font-size: 0px; height: 0px; line-height: 0px; margin: 0; padding: 0; clear: both;\"><\/div><div style=\"margin-top: 0px; margin-bottom: 0px;\" class=\"sharethis-inline-share-buttons\" ><\/div>","protected":false},"excerpt":{"rendered":"<p>La volumetr\u00eda general est\u00e1 compuesta por la intersecci\u00f3n de las terrazas y parasoles&#8230;<\/p>\n","protected":false},"author":1,"featured_media":69134,"comment_status":"closed","ping_status":"closed","sticky":false,"template":"","format":"standard","meta":{"_uag_custom_page_level_css":"","footnotes":""},"categories":[80,1],"tags":[7366,87,6676,24,7365,5768,91],"class_list":["post-69133","post","type-post","status-publish","format-standard","has-post-thumbnail","hentry","category-edificio-viviendas","category-proyecto","tag-baja-california","tag-edificio-de-viviendas","tag-mayer-hasbani","tag-mexico","tag-tijuana","tag-torre-de-viviendas","tag-vivienda-multifamiliar","generate-columns","tablet-grid-50","mobile-grid-100","grid-parent","grid-50"],"yoast_head":"<!-- This site is optimized with the Yoast SEO plugin v27.3 - https:\/\/yoast.com\/product\/yoast-seo-wordpress\/ -->\n<title>Edificio Adamant Tijuana \/ Mayer Hasbani - Arquimaster<\/title>\n<meta name=\"description\" content=\"La volumetr\u00eda general del edificio de viviendas est\u00e1 compuesta por la intersecci\u00f3n de las terrazas y parasoles.\" \/>\n<meta name=\"robots\" content=\"index, follow, max-snippet:-1, max-image-preview:large, max-video-preview:-1\" \/>\n<link rel=\"canonical\" href=\"https:\/\/www.arquimaster.com.ar\/web\/edificio-adamant-tijuana-mayer-hasbani\/\" \/>\n<meta property=\"og:locale\" content=\"es_ES\" \/>\n<meta property=\"og:type\" content=\"article\" \/>\n<meta property=\"og:title\" content=\"Edificio Adamant Tijuana \/ Mayer Hasbani\" \/>\n<meta property=\"og:description\" content=\"La volumetr\u00eda general del edificio de viviendas est\u00e1 compuesta por la intersecci\u00f3n de las terrazas y parasoles.\" \/>\n<meta property=\"og:url\" content=\"https:\/\/www.arquimaster.com.ar\/web\/edificio-adamant-tijuana-mayer-hasbani\/\" \/>\n<meta property=\"og:site_name\" content=\"Arquimaster\" \/>\n<meta property=\"article:publisher\" content=\"http:\/\/www.facebook.com\/ARQUIMASTER.com.ar\" \/>\n<meta property=\"article:published_time\" content=\"2022-03-10T15:48:52+00:00\" \/>\n<meta property=\"article:modified_time\" content=\"2022-08-17T20:26:50+00:00\" \/>\n<meta property=\"og:image\" content=\"https:\/\/www.arquimaster.com.ar\/web\/wp-content\/uploads\/2022\/03\/adamant_tijuana_slide.jpg\" \/>\n\t<meta property=\"og:image:width\" content=\"698\" \/>\n\t<meta property=\"og:image:height\" content=\"364\" \/>\n\t<meta property=\"og:image:type\" content=\"image\/jpeg\" \/>\n<meta name=\"author\" content=\"Arquimaster\" \/>\n<meta name=\"twitter:card\" content=\"summary_large_image\" \/>\n<meta name=\"twitter:title\" content=\"Edificio Adamant Tijuana \/ Mayer Hasbani\" \/>\n<meta name=\"twitter:description\" content=\"La volumetr\u00eda general del edificio de viviendas est\u00e1 compuesta por la intersecci\u00f3n de las terrazas y parasoles.\" \/>\n<meta name=\"twitter:image\" content=\"https:\/\/www.arquimaster.com.ar\/web\/wp-content\/uploads\/2022\/03\/adamant_tijuana_slide.jpg\" \/>\n<meta name=\"twitter:creator\" content=\"@arquimaster\" \/>\n<meta name=\"twitter:site\" content=\"@arquimaster\" \/>\n<meta name=\"twitter:label1\" content=\"Escrito por\" \/>\n\t<meta name=\"twitter:data1\" content=\"Arquimaster\" \/>\n\t<meta name=\"twitter:label2\" content=\"Tiempo de lectura\" \/>\n\t<meta name=\"twitter:data2\" content=\"3 minutos\" \/>\n<script type=\"application\/ld+json\" class=\"yoast-schema-graph\">{\"@context\":\"https:\\\/\\\/schema.org\",\"@graph\":[{\"@type\":\"Article\",\"@id\":\"https:\\\/\\\/www.arquimaster.com.ar\\\/web\\\/edificio-adamant-tijuana-mayer-hasbani\\\/#article\",\"isPartOf\":{\"@id\":\"https:\\\/\\\/www.arquimaster.com.ar\\\/web\\\/edificio-adamant-tijuana-mayer-hasbani\\\/\"},\"author\":{\"name\":\"Arquimaster\",\"@id\":\"https:\\\/\\\/www.arquimaster.com.ar\\\/web\\\/#\\\/schema\\\/person\\\/359e9f7c00193fcde068e0dd2ceb0028\"},\"headline\":\"Edificio Adamant Tijuana \\\/ Mayer Hasbani\",\"datePublished\":\"2022-03-10T15:48:52+00:00\",\"dateModified\":\"2022-08-17T20:26:50+00:00\",\"mainEntityOfPage\":{\"@id\":\"https:\\\/\\\/www.arquimaster.com.ar\\\/web\\\/edificio-adamant-tijuana-mayer-hasbani\\\/\"},\"wordCount\":598,\"publisher\":{\"@id\":\"https:\\\/\\\/www.arquimaster.com.ar\\\/web\\\/#organization\"},\"image\":{\"@id\":\"https:\\\/\\\/www.arquimaster.com.ar\\\/web\\\/edificio-adamant-tijuana-mayer-hasbani\\\/#primaryimage\"},\"thumbnailUrl\":\"https:\\\/\\\/www.arquimaster.com.ar\\\/web\\\/wp-content\\\/uploads\\\/2022\\\/03\\\/adamant_tijuana_slide.jpg\",\"keywords\":[\"Baja California\",\"edificio de viviendas\",\"Mayer Hasbani\",\"Mexico\",\"Tijuana\",\"torre de viviendas\",\"vivienda multifamiliar\"],\"articleSection\":[\"Edificios de viviendas\",\"Proyecto\"],\"inLanguage\":\"es\"},{\"@type\":\"WebPage\",\"@id\":\"https:\\\/\\\/www.arquimaster.com.ar\\\/web\\\/edificio-adamant-tijuana-mayer-hasbani\\\/\",\"url\":\"https:\\\/\\\/www.arquimaster.com.ar\\\/web\\\/edificio-adamant-tijuana-mayer-hasbani\\\/\",\"name\":\"Edificio Adamant Tijuana \\\/ Mayer Hasbani - Arquimaster\",\"isPartOf\":{\"@id\":\"https:\\\/\\\/www.arquimaster.com.ar\\\/web\\\/#website\"},\"primaryImageOfPage\":{\"@id\":\"https:\\\/\\\/www.arquimaster.com.ar\\\/web\\\/edificio-adamant-tijuana-mayer-hasbani\\\/#primaryimage\"},\"image\":{\"@id\":\"https:\\\/\\\/www.arquimaster.com.ar\\\/web\\\/edificio-adamant-tijuana-mayer-hasbani\\\/#primaryimage\"},\"thumbnailUrl\":\"https:\\\/\\\/www.arquimaster.com.ar\\\/web\\\/wp-content\\\/uploads\\\/2022\\\/03\\\/adamant_tijuana_slide.jpg\",\"datePublished\":\"2022-03-10T15:48:52+00:00\",\"dateModified\":\"2022-08-17T20:26:50+00:00\",\"description\":\"La volumetr\u00eda general del edificio de viviendas est\u00e1 compuesta por la intersecci\u00f3n de las terrazas y parasoles.\",\"breadcrumb\":{\"@id\":\"https:\\\/\\\/www.arquimaster.com.ar\\\/web\\\/edificio-adamant-tijuana-mayer-hasbani\\\/#breadcrumb\"},\"inLanguage\":\"es\",\"potentialAction\":[{\"@type\":\"ReadAction\",\"target\":[\"https:\\\/\\\/www.arquimaster.com.ar\\\/web\\\/edificio-adamant-tijuana-mayer-hasbani\\\/\"]}]},{\"@type\":\"ImageObject\",\"inLanguage\":\"es\",\"@id\":\"https:\\\/\\\/www.arquimaster.com.ar\\\/web\\\/edificio-adamant-tijuana-mayer-hasbani\\\/#primaryimage\",\"url\":\"https:\\\/\\\/www.arquimaster.com.ar\\\/web\\\/wp-content\\\/uploads\\\/2022\\\/03\\\/adamant_tijuana_slide.jpg\",\"contentUrl\":\"https:\\\/\\\/www.arquimaster.com.ar\\\/web\\\/wp-content\\\/uploads\\\/2022\\\/03\\\/adamant_tijuana_slide.jpg\",\"width\":698,\"height\":364,\"caption\":\"Edificio Adamant Tijuana \\\/ Mayer Hasbani\"},{\"@type\":\"BreadcrumbList\",\"@id\":\"https:\\\/\\\/www.arquimaster.com.ar\\\/web\\\/edificio-adamant-tijuana-mayer-hasbani\\\/#breadcrumb\",\"itemListElement\":[{\"@type\":\"ListItem\",\"position\":1,\"name\":\"Portada\",\"item\":\"https:\\\/\\\/www.arquimaster.com.ar\\\/web\\\/\"},{\"@type\":\"ListItem\",\"position\":2,\"name\":\"Edificio Adamant Tijuana \\\/ Mayer Hasbani\"}]},{\"@type\":\"WebSite\",\"@id\":\"https:\\\/\\\/www.arquimaster.com.ar\\\/web\\\/#website\",\"url\":\"https:\\\/\\\/www.arquimaster.com.ar\\\/web\\\/\",\"name\":\"Arquimaster\",\"description\":\"Web de arquitectura, dise\u00f1o y construccion\",\"publisher\":{\"@id\":\"https:\\\/\\\/www.arquimaster.com.ar\\\/web\\\/#organization\"},\"potentialAction\":[{\"@type\":\"SearchAction\",\"target\":{\"@type\":\"EntryPoint\",\"urlTemplate\":\"https:\\\/\\\/www.arquimaster.com.ar\\\/web\\\/?s={search_term_string}\"},\"query-input\":{\"@type\":\"PropertyValueSpecification\",\"valueRequired\":true,\"valueName\":\"search_term_string\"}}],\"inLanguage\":\"es\"},{\"@type\":\"Organization\",\"@id\":\"https:\\\/\\\/www.arquimaster.com.ar\\\/web\\\/#organization\",\"name\":\"Arquimaster\",\"url\":\"https:\\\/\\\/www.arquimaster.com.ar\\\/web\\\/\",\"logo\":{\"@type\":\"ImageObject\",\"inLanguage\":\"es\",\"@id\":\"https:\\\/\\\/www.arquimaster.com.ar\\\/web\\\/#\\\/schema\\\/logo\\\/image\\\/\",\"url\":\"https:\\\/\\\/www.arquimaster.com.ar\\\/web\\\/wp-content\\\/uploads\\\/2022\\\/06\\\/arquimaster.png\",\"contentUrl\":\"https:\\\/\\\/www.arquimaster.com.ar\\\/web\\\/wp-content\\\/uploads\\\/2022\\\/06\\\/arquimaster.png\",\"width\":594,\"height\":78,\"caption\":\"Arquimaster\"},\"image\":{\"@id\":\"https:\\\/\\\/www.arquimaster.com.ar\\\/web\\\/#\\\/schema\\\/logo\\\/image\\\/\"},\"sameAs\":[\"http:\\\/\\\/www.facebook.com\\\/ARQUIMASTER.com.ar\",\"https:\\\/\\\/x.com\\\/arquimaster\",\"https:\\\/\\\/www.instagram.com\\\/arquimasterblog\\\/\",\"https:\\\/\\\/www.linkedin.com\\\/company\\\/arquimaster\",\"https:\\\/\\\/www.pinterest.com\\\/arquimaster\",\"https:\\\/\\\/t.me\\\/arquimaster\"]},{\"@type\":\"Person\",\"@id\":\"https:\\\/\\\/www.arquimaster.com.ar\\\/web\\\/#\\\/schema\\\/person\\\/359e9f7c00193fcde068e0dd2ceb0028\",\"name\":\"Arquimaster\"}]}<\/script>\n<!-- \/ Yoast SEO plugin. -->","yoast_head_json":{"title":"Edificio Adamant Tijuana \/ Mayer Hasbani - Arquimaster","description":"La volumetr\u00eda general del edificio de viviendas est\u00e1 compuesta por la intersecci\u00f3n de las terrazas y parasoles.","robots":{"index":"index","follow":"follow","max-snippet":"max-snippet:-1","max-image-preview":"max-image-preview:large","max-video-preview":"max-video-preview:-1"},"canonical":"https:\/\/www.arquimaster.com.ar\/web\/edificio-adamant-tijuana-mayer-hasbani\/","og_locale":"es_ES","og_type":"article","og_title":"Edificio Adamant Tijuana \/ Mayer Hasbani","og_description":"La volumetr\u00eda general del edificio de viviendas est\u00e1 compuesta por la intersecci\u00f3n de las terrazas y parasoles.","og_url":"https:\/\/www.arquimaster.com.ar\/web\/edificio-adamant-tijuana-mayer-hasbani\/","og_site_name":"Arquimaster","article_publisher":"http:\/\/www.facebook.com\/ARQUIMASTER.com.ar","article_published_time":"2022-03-10T15:48:52+00:00","article_modified_time":"2022-08-17T20:26:50+00:00","og_image":[{"width":698,"height":364,"url":"https:\/\/www.arquimaster.com.ar\/web\/wp-content\/uploads\/2022\/03\/adamant_tijuana_slide.jpg","type":"image\/jpeg"}],"author":"Arquimaster","twitter_card":"summary_large_image","twitter_title":"Edificio Adamant Tijuana \/ Mayer Hasbani","twitter_description":"La volumetr\u00eda general del edificio de viviendas est\u00e1 compuesta por la intersecci\u00f3n de las terrazas y parasoles.","twitter_image":"https:\/\/www.arquimaster.com.ar\/web\/wp-content\/uploads\/2022\/03\/adamant_tijuana_slide.jpg","twitter_creator":"@arquimaster","twitter_site":"@arquimaster","twitter_misc":{"Escrito por":"Arquimaster","Tiempo de lectura":"3 minutos"},"schema":{"@context":"https:\/\/schema.org","@graph":[{"@type":"Article","@id":"https:\/\/www.arquimaster.com.ar\/web\/edificio-adamant-tijuana-mayer-hasbani\/#article","isPartOf":{"@id":"https:\/\/www.arquimaster.com.ar\/web\/edificio-adamant-tijuana-mayer-hasbani\/"},"author":{"name":"Arquimaster","@id":"https:\/\/www.arquimaster.com.ar\/web\/#\/schema\/person\/359e9f7c00193fcde068e0dd2ceb0028"},"headline":"Edificio Adamant Tijuana \/ Mayer Hasbani","datePublished":"2022-03-10T15:48:52+00:00","dateModified":"2022-08-17T20:26:50+00:00","mainEntityOfPage":{"@id":"https:\/\/www.arquimaster.com.ar\/web\/edificio-adamant-tijuana-mayer-hasbani\/"},"wordCount":598,"publisher":{"@id":"https:\/\/www.arquimaster.com.ar\/web\/#organization"},"image":{"@id":"https:\/\/www.arquimaster.com.ar\/web\/edificio-adamant-tijuana-mayer-hasbani\/#primaryimage"},"thumbnailUrl":"https:\/\/www.arquimaster.com.ar\/web\/wp-content\/uploads\/2022\/03\/adamant_tijuana_slide.jpg","keywords":["Baja California","edificio de viviendas","Mayer Hasbani","Mexico","Tijuana","torre de viviendas","vivienda multifamiliar"],"articleSection":["Edificios de viviendas","Proyecto"],"inLanguage":"es"},{"@type":"WebPage","@id":"https:\/\/www.arquimaster.com.ar\/web\/edificio-adamant-tijuana-mayer-hasbani\/","url":"https:\/\/www.arquimaster.com.ar\/web\/edificio-adamant-tijuana-mayer-hasbani\/","name":"Edificio Adamant Tijuana \/ Mayer Hasbani - Arquimaster","isPartOf":{"@id":"https:\/\/www.arquimaster.com.ar\/web\/#website"},"primaryImageOfPage":{"@id":"https:\/\/www.arquimaster.com.ar\/web\/edificio-adamant-tijuana-mayer-hasbani\/#primaryimage"},"image":{"@id":"https:\/\/www.arquimaster.com.ar\/web\/edificio-adamant-tijuana-mayer-hasbani\/#primaryimage"},"thumbnailUrl":"https:\/\/www.arquimaster.com.ar\/web\/wp-content\/uploads\/2022\/03\/adamant_tijuana_slide.jpg","datePublished":"2022-03-10T15:48:52+00:00","dateModified":"2022-08-17T20:26:50+00:00","description":"La volumetr\u00eda general del edificio de viviendas est\u00e1 compuesta por la intersecci\u00f3n de las terrazas y parasoles.","breadcrumb":{"@id":"https:\/\/www.arquimaster.com.ar\/web\/edificio-adamant-tijuana-mayer-hasbani\/#breadcrumb"},"inLanguage":"es","potentialAction":[{"@type":"ReadAction","target":["https:\/\/www.arquimaster.com.ar\/web\/edificio-adamant-tijuana-mayer-hasbani\/"]}]},{"@type":"ImageObject","inLanguage":"es","@id":"https:\/\/www.arquimaster.com.ar\/web\/edificio-adamant-tijuana-mayer-hasbani\/#primaryimage","url":"https:\/\/www.arquimaster.com.ar\/web\/wp-content\/uploads\/2022\/03\/adamant_tijuana_slide.jpg","contentUrl":"https:\/\/www.arquimaster.com.ar\/web\/wp-content\/uploads\/2022\/03\/adamant_tijuana_slide.jpg","width":698,"height":364,"caption":"Edificio Adamant Tijuana \/ Mayer Hasbani"},{"@type":"BreadcrumbList","@id":"https:\/\/www.arquimaster.com.ar\/web\/edificio-adamant-tijuana-mayer-hasbani\/#breadcrumb","itemListElement":[{"@type":"ListItem","position":1,"name":"Portada","item":"https:\/\/www.arquimaster.com.ar\/web\/"},{"@type":"ListItem","position":2,"name":"Edificio Adamant Tijuana \/ Mayer Hasbani"}]},{"@type":"WebSite","@id":"https:\/\/www.arquimaster.com.ar\/web\/#website","url":"https:\/\/www.arquimaster.com.ar\/web\/","name":"Arquimaster","description":"Web de arquitectura, dise\u00f1o y construccion","publisher":{"@id":"https:\/\/www.arquimaster.com.ar\/web\/#organization"},"potentialAction":[{"@type":"SearchAction","target":{"@type":"EntryPoint","urlTemplate":"https:\/\/www.arquimaster.com.ar\/web\/?s={search_term_string}"},"query-input":{"@type":"PropertyValueSpecification","valueRequired":true,"valueName":"search_term_string"}}],"inLanguage":"es"},{"@type":"Organization","@id":"https:\/\/www.arquimaster.com.ar\/web\/#organization","name":"Arquimaster","url":"https:\/\/www.arquimaster.com.ar\/web\/","logo":{"@type":"ImageObject","inLanguage":"es","@id":"https:\/\/www.arquimaster.com.ar\/web\/#\/schema\/logo\/image\/","url":"https:\/\/www.arquimaster.com.ar\/web\/wp-content\/uploads\/2022\/06\/arquimaster.png","contentUrl":"https:\/\/www.arquimaster.com.ar\/web\/wp-content\/uploads\/2022\/06\/arquimaster.png","width":594,"height":78,"caption":"Arquimaster"},"image":{"@id":"https:\/\/www.arquimaster.com.ar\/web\/#\/schema\/logo\/image\/"},"sameAs":["http:\/\/www.facebook.com\/ARQUIMASTER.com.ar","https:\/\/x.com\/arquimaster","https:\/\/www.instagram.com\/arquimasterblog\/","https:\/\/www.linkedin.com\/company\/arquimaster","https:\/\/www.pinterest.com\/arquimaster","https:\/\/t.me\/arquimaster"]},{"@type":"Person","@id":"https:\/\/www.arquimaster.com.ar\/web\/#\/schema\/person\/359e9f7c00193fcde068e0dd2ceb0028","name":"Arquimaster"}]}},"uagb_featured_image_src":{"full":["https:\/\/www.arquimaster.com.ar\/web\/wp-content\/uploads\/2022\/03\/adamant_tijuana_slide.jpg",698,364,false],"thumbnail":["https:\/\/www.arquimaster.com.ar\/web\/wp-content\/uploads\/2022\/03\/adamant_tijuana_slide-150x150.jpg",150,150,true],"medium":["https:\/\/www.arquimaster.com.ar\/web\/wp-content\/uploads\/2022\/03\/adamant_tijuana_slide.jpg",698,364,false],"medium_large":["https:\/\/www.arquimaster.com.ar\/web\/wp-content\/uploads\/2022\/03\/adamant_tijuana_slide.jpg",698,364,false],"large":["https:\/\/www.arquimaster.com.ar\/web\/wp-content\/uploads\/2022\/03\/adamant_tijuana_slide.jpg",698,364,false],"1536x1536":["https:\/\/www.arquimaster.com.ar\/web\/wp-content\/uploads\/2022\/03\/adamant_tijuana_slide.jpg",698,364,false],"2048x2048":["https:\/\/www.arquimaster.com.ar\/web\/wp-content\/uploads\/2022\/03\/adamant_tijuana_slide.jpg",698,364,false]},"uagb_author_info":{"display_name":"Arquimaster","author_link":"https:\/\/www.arquimaster.com.ar\/web\/author\/arquimaster\/"},"uagb_comment_info":0,"uagb_excerpt":"La volumetr\u00eda general est\u00e1 compuesta por la intersecci\u00f3n de las terrazas y parasoles...","_links":{"self":[{"href":"https:\/\/www.arquimaster.com.ar\/web\/wp-json\/wp\/v2\/posts\/69133","targetHints":{"allow":["GET"]}}],"collection":[{"href":"https:\/\/www.arquimaster.com.ar\/web\/wp-json\/wp\/v2\/posts"}],"about":[{"href":"https:\/\/www.arquimaster.com.ar\/web\/wp-json\/wp\/v2\/types\/post"}],"author":[{"embeddable":true,"href":"https:\/\/www.arquimaster.com.ar\/web\/wp-json\/wp\/v2\/users\/1"}],"replies":[{"embeddable":true,"href":"https:\/\/www.arquimaster.com.ar\/web\/wp-json\/wp\/v2\/comments?post=69133"}],"version-history":[{"count":1,"href":"https:\/\/www.arquimaster.com.ar\/web\/wp-json\/wp\/v2\/posts\/69133\/revisions"}],"predecessor-version":[{"id":69157,"href":"https:\/\/www.arquimaster.com.ar\/web\/wp-json\/wp\/v2\/posts\/69133\/revisions\/69157"}],"wp:featuredmedia":[{"embeddable":true,"href":"https:\/\/www.arquimaster.com.ar\/web\/wp-json\/wp\/v2\/media\/69134"}],"wp:attachment":[{"href":"https:\/\/www.arquimaster.com.ar\/web\/wp-json\/wp\/v2\/media?parent=69133"}],"wp:term":[{"taxonomy":"category","embeddable":true,"href":"https:\/\/www.arquimaster.com.ar\/web\/wp-json\/wp\/v2\/categories?post=69133"},{"taxonomy":"post_tag","embeddable":true,"href":"https:\/\/www.arquimaster.com.ar\/web\/wp-json\/wp\/v2\/tags?post=69133"}],"curies":[{"name":"wp","href":"https:\/\/api.w.org\/{rel}","templated":true}]}}