{"id":69237,"date":"2022-03-17T17:48:48","date_gmt":"2022-03-17T20:48:48","guid":{"rendered":"https:\/\/www.arquimaster.com.ar\/web\/?p=69237"},"modified":"2022-08-24T17:19:33","modified_gmt":"2022-08-24T20:19:33","slug":"colegio-aldapeta-maria-ikastetxea-en-san-sebastian-idom","status":"publish","type":"post","link":"https:\/\/www.arquimaster.com.ar\/web\/colegio-aldapeta-maria-ikastetxea-en-san-sebastian-idom\/","title":{"rendered":"Colegio Aldapeta Mar\u00eda Ikastetxea en San Sebastian \/ IDOM"},"content":{"rendered":"<div style=\"margin-top: 0px; margin-bottom: 0px;\" class=\"sharethis-inline-share-buttons\" ><\/div><div class=\"b812932af2e751442846f039925109de\" data-index=\"1\" style=\"float: none; margin:25px 0 25px 0; text-align:center;\">\n<script async src=\"https:\/\/pagead2.googlesyndication.com\/pagead\/js\/adsbygoogle.js\"><\/script>\r\n<!-- Arquimaster (superior) -->\r\n<ins class=\"adsbygoogle\"\r\n     style=\"display:block\"\r\n     data-ad-client=\"ca-pub-6351072698456832\"\r\n     data-ad-slot=\"6455489680\"\r\n     data-ad-format=\"auto\"\r\n     data-full-width-responsive=\"true\"><\/ins>\r\n<script>\r\n     (adsbygoogle = window.adsbygoogle || []).push({});\r\n<\/script>\n<\/div>\n<p><strong>Colegio Aldapeta Mar\u00eda Ikastetxea en San Sebastian<\/strong> (Guipuzcoa, Pais Vasco, Espa\u00f1a) por <strong>IDOM<\/strong>. Situado en la calle Aldapeta Galtzada de la Ciudad de San Sebastian, el proyecto se ubica en una parcela de titularidad privada sobre un promontorio denominado alto de Aiete, desde el que se tienen vistas sobre la Bah\u00eda de La Concha. El proyecto contempla la ejecuci\u00f3n de un nuevo colegio de 18.000 m2 construidos que supone la sustituci\u00f3n completa del colegio inicial, que data de finales del siglo XIX, ya que el gran cambio hacia el que se encamina la educaci\u00f3n requiere de nuevos espacios apropiados para educar seg\u00fan los nuevos m\u00e9todos pedag\u00f3gicos.<\/p>\n<div id='gallery-1' class='gallery galleryid-69237 gallery-columns-3 gallery-size-thumbnail'><figure class='gallery-item'>\n\t\t\t<div class='gallery-icon landscape'>\n\t\t\t\t<a href='https:\/\/www.arquimaster.com.ar\/web\/wp-content\/uploads\/2022\/03\/colegio_aldapeta1.jpg' title=\"Colegio Aldapeta Mar\u00eda Ikastetxea en San Sebastian \/ IDOM (\u00a9 I\u00f1aki Bergera)\" data-rl_title=\"Colegio Aldapeta Mar\u00eda Ikastetxea en San Sebastian \/ IDOM (\u00a9 I\u00f1aki Bergera)\" class=\"rl-gallery-link\" data-rl_caption=\"Colegio Aldapeta Mar\u00eda Ikastetxea en San Sebastian \/ IDOM (\u00a9 I\u00f1aki Bergera)\" data-rel=\"lightbox-gallery-1\"><img loading=\"lazy\" decoding=\"async\" width=\"150\" height=\"150\" src=\"https:\/\/www.arquimaster.com.ar\/web\/wp-content\/uploads\/2022\/03\/colegio_aldapeta1-150x150.jpg\" class=\"attachment-thumbnail size-thumbnail\" alt=\"Colegio Aldapeta Mar\u00eda Ikastetxea en San Sebastian \/ IDOM\" aria-describedby=\"gallery-1-69239\" \/><\/a>\n\t\t\t<\/div>\n\t\t\t\t<figcaption class='wp-caption-text gallery-caption' id='gallery-1-69239'>\n\t\t\t\tColegio Aldapeta Mar\u00eda Ikastetxea en San Sebastian \/ IDOM (\u00a9 I\u00f1aki Bergera)\n\t\t\t\t<\/figcaption><\/figure><figure class='gallery-item'>\n\t\t\t<div class='gallery-icon portrait'>\n\t\t\t\t<a href='https:\/\/www.arquimaster.com.ar\/web\/wp-content\/uploads\/2022\/03\/colegio_aldapeta2.jpg' title=\"Colegio Aldapeta Mar\u00eda Ikastetxea en San Sebastian \/ IDOM (\u00a9 I\u00f1aki Bergera)\" data-rl_title=\"Colegio Aldapeta Mar\u00eda Ikastetxea en San Sebastian \/ IDOM (\u00a9 I\u00f1aki Bergera)\" class=\"rl-gallery-link\" data-rl_caption=\"Colegio Aldapeta Mar\u00eda Ikastetxea en San Sebastian \/ IDOM (\u00a9 I\u00f1aki Bergera)\" data-rel=\"lightbox-gallery-1\"><img loading=\"lazy\" decoding=\"async\" width=\"150\" height=\"150\" src=\"https:\/\/www.arquimaster.com.ar\/web\/wp-content\/uploads\/2022\/03\/colegio_aldapeta2-150x150.jpg\" class=\"attachment-thumbnail size-thumbnail\" alt=\"Colegio Aldapeta Mar\u00eda Ikastetxea en San Sebastian \/ IDOM\" aria-describedby=\"gallery-1-69240\" \/><\/a>\n\t\t\t<\/div>\n\t\t\t\t<figcaption class='wp-caption-text gallery-caption' id='gallery-1-69240'>\n\t\t\t\tColegio Aldapeta Mar\u00eda Ikastetxea en San Sebastian \/ IDOM (\u00a9 I\u00f1aki Bergera)\n\t\t\t\t<\/figcaption><\/figure><figure class='gallery-item'>\n\t\t\t<div class='gallery-icon landscape'>\n\t\t\t\t<a href='https:\/\/www.arquimaster.com.ar\/web\/wp-content\/uploads\/2022\/03\/colegio_aldapeta3.jpg' title=\"Colegio Aldapeta Mar\u00eda Ikastetxea en San Sebastian \/ IDOM (\u00a9 I\u00f1aki Bergera)\" data-rl_title=\"Colegio Aldapeta Mar\u00eda Ikastetxea en San Sebastian \/ IDOM (\u00a9 I\u00f1aki Bergera)\" class=\"rl-gallery-link\" data-rl_caption=\"Colegio Aldapeta Mar\u00eda Ikastetxea en San Sebastian \/ IDOM (\u00a9 I\u00f1aki Bergera)\" data-rel=\"lightbox-gallery-1\"><img loading=\"lazy\" decoding=\"async\" width=\"150\" height=\"150\" src=\"https:\/\/www.arquimaster.com.ar\/web\/wp-content\/uploads\/2022\/03\/colegio_aldapeta3-150x150.jpg\" class=\"attachment-thumbnail size-thumbnail\" alt=\"Colegio Aldapeta Mar\u00eda Ikastetxea en San Sebastian \/ IDOM\" aria-describedby=\"gallery-1-69241\" srcset=\"https:\/\/www.arquimaster.com.ar\/web\/wp-content\/uploads\/2022\/03\/colegio_aldapeta3-150x150.jpg 150w, https:\/\/www.arquimaster.com.ar\/web\/wp-content\/uploads\/2022\/03\/colegio_aldapeta3-768x768.jpg 768w, https:\/\/www.arquimaster.com.ar\/web\/wp-content\/uploads\/2022\/03\/colegio_aldapeta3.jpg 1500w\" sizes=\"auto, (max-width: 150px) 100vw, 150px\" \/><\/a>\n\t\t\t<\/div>\n\t\t\t\t<figcaption class='wp-caption-text gallery-caption' id='gallery-1-69241'>\n\t\t\t\tColegio Aldapeta Mar\u00eda Ikastetxea en San Sebastian \/ IDOM (\u00a9 I\u00f1aki Bergera)\n\t\t\t\t<\/figcaption><\/figure><figure class='gallery-item'>\n\t\t\t<div class='gallery-icon portrait'>\n\t\t\t\t<a href='https:\/\/www.arquimaster.com.ar\/web\/wp-content\/uploads\/2022\/03\/colegio_aldapeta4.jpg' title=\"Colegio Aldapeta Mar\u00eda Ikastetxea en San Sebastian \/ IDOM (\u00a9 I\u00f1aki Bergera)\" data-rl_title=\"Colegio Aldapeta Mar\u00eda Ikastetxea en San Sebastian \/ IDOM (\u00a9 I\u00f1aki Bergera)\" class=\"rl-gallery-link\" data-rl_caption=\"Colegio Aldapeta Mar\u00eda Ikastetxea en San Sebastian \/ IDOM (\u00a9 I\u00f1aki Bergera)\" data-rel=\"lightbox-gallery-1\"><img loading=\"lazy\" decoding=\"async\" width=\"150\" height=\"150\" src=\"https:\/\/www.arquimaster.com.ar\/web\/wp-content\/uploads\/2022\/03\/colegio_aldapeta4-150x150.jpg\" class=\"attachment-thumbnail size-thumbnail\" alt=\"Colegio Aldapeta Mar\u00eda Ikastetxea en San Sebastian \/ IDOM\" aria-describedby=\"gallery-1-69242\" \/><\/a>\n\t\t\t<\/div>\n\t\t\t\t<figcaption class='wp-caption-text gallery-caption' id='gallery-1-69242'>\n\t\t\t\tColegio Aldapeta Mar\u00eda Ikastetxea en San Sebastian \/ IDOM (\u00a9 I\u00f1aki Bergera)\n\t\t\t\t<\/figcaption><\/figure><figure class='gallery-item'>\n\t\t\t<div class='gallery-icon portrait'>\n\t\t\t\t<a href='https:\/\/www.arquimaster.com.ar\/web\/wp-content\/uploads\/2022\/03\/colegio_aldapeta5.jpg' title=\"Colegio Aldapeta Mar\u00eda Ikastetxea en San Sebastian \/ IDOM (\u00a9 I\u00f1aki Bergera)\" data-rl_title=\"Colegio Aldapeta Mar\u00eda Ikastetxea en San Sebastian \/ IDOM (\u00a9 I\u00f1aki Bergera)\" class=\"rl-gallery-link\" data-rl_caption=\"Colegio Aldapeta Mar\u00eda Ikastetxea en San Sebastian \/ IDOM (\u00a9 I\u00f1aki Bergera)\" data-rel=\"lightbox-gallery-1\"><img loading=\"lazy\" decoding=\"async\" width=\"150\" height=\"150\" src=\"https:\/\/www.arquimaster.com.ar\/web\/wp-content\/uploads\/2022\/03\/colegio_aldapeta5-150x150.jpg\" class=\"attachment-thumbnail size-thumbnail\" alt=\"Colegio Aldapeta Mar\u00eda Ikastetxea en San Sebastian \/ IDOM\" aria-describedby=\"gallery-1-69243\" \/><\/a>\n\t\t\t<\/div>\n\t\t\t\t<figcaption class='wp-caption-text gallery-caption' id='gallery-1-69243'>\n\t\t\t\tColegio Aldapeta Mar\u00eda Ikastetxea en San Sebastian \/ IDOM (\u00a9 I\u00f1aki Bergera)\n\t\t\t\t<\/figcaption><\/figure><figure class='gallery-item'>\n\t\t\t<div class='gallery-icon portrait'>\n\t\t\t\t<a href='https:\/\/www.arquimaster.com.ar\/web\/wp-content\/uploads\/2022\/03\/colegio_aldapeta6.jpg' title=\"Colegio Aldapeta Mar\u00eda Ikastetxea en San Sebastian \/ IDOM (\u00a9 I\u00f1aki Bergera)\" data-rl_title=\"Colegio Aldapeta Mar\u00eda Ikastetxea en San Sebastian \/ IDOM (\u00a9 I\u00f1aki Bergera)\" class=\"rl-gallery-link\" data-rl_caption=\"Colegio Aldapeta Mar\u00eda Ikastetxea en San Sebastian \/ IDOM (\u00a9 I\u00f1aki Bergera)\" data-rel=\"lightbox-gallery-1\"><img loading=\"lazy\" decoding=\"async\" width=\"150\" height=\"150\" src=\"https:\/\/www.arquimaster.com.ar\/web\/wp-content\/uploads\/2022\/03\/colegio_aldapeta6-150x150.jpg\" class=\"attachment-thumbnail size-thumbnail\" alt=\"Colegio Aldapeta Mar\u00eda Ikastetxea en San Sebastian \/ IDOM\" aria-describedby=\"gallery-1-69244\" \/><\/a>\n\t\t\t<\/div>\n\t\t\t\t<figcaption class='wp-caption-text gallery-caption' id='gallery-1-69244'>\n\t\t\t\tColegio Aldapeta Mar\u00eda Ikastetxea en San Sebastian \/ IDOM (\u00a9 I\u00f1aki Bergera)\n\t\t\t\t<\/figcaption><\/figure><figure class='gallery-item'>\n\t\t\t<div class='gallery-icon portrait'>\n\t\t\t\t<a href='https:\/\/www.arquimaster.com.ar\/web\/wp-content\/uploads\/2022\/03\/colegio_aldapeta7.jpg' title=\"Colegio Aldapeta Mar\u00eda Ikastetxea en San Sebastian \/ IDOM (\u00a9 I\u00f1aki Bergera)\" data-rl_title=\"Colegio Aldapeta Mar\u00eda Ikastetxea en San Sebastian \/ IDOM (\u00a9 I\u00f1aki Bergera)\" class=\"rl-gallery-link\" data-rl_caption=\"Colegio Aldapeta Mar\u00eda Ikastetxea en San Sebastian \/ IDOM (\u00a9 I\u00f1aki Bergera)\" data-rel=\"lightbox-gallery-1\"><img loading=\"lazy\" decoding=\"async\" width=\"150\" height=\"150\" src=\"https:\/\/www.arquimaster.com.ar\/web\/wp-content\/uploads\/2022\/03\/colegio_aldapeta7-150x150.jpg\" class=\"attachment-thumbnail size-thumbnail\" alt=\"Colegio Aldapeta Mar\u00eda Ikastetxea en San Sebastian \/ IDOM\" aria-describedby=\"gallery-1-69245\" \/><\/a>\n\t\t\t<\/div>\n\t\t\t\t<figcaption class='wp-caption-text gallery-caption' id='gallery-1-69245'>\n\t\t\t\tColegio Aldapeta Mar\u00eda Ikastetxea en San Sebastian \/ IDOM (\u00a9 I\u00f1aki Bergera)\n\t\t\t\t<\/figcaption><\/figure><figure class='gallery-item'>\n\t\t\t<div class='gallery-icon portrait'>\n\t\t\t\t<a href='https:\/\/www.arquimaster.com.ar\/web\/wp-content\/uploads\/2022\/03\/colegio_aldapeta8.jpg' title=\"Colegio Aldapeta Mar\u00eda Ikastetxea en San Sebastian \/ IDOM (\u00a9 I\u00f1aki Bergera)\" data-rl_title=\"Colegio Aldapeta Mar\u00eda Ikastetxea en San Sebastian \/ IDOM (\u00a9 I\u00f1aki Bergera)\" class=\"rl-gallery-link\" data-rl_caption=\"Colegio Aldapeta Mar\u00eda Ikastetxea en San Sebastian \/ IDOM (\u00a9 I\u00f1aki Bergera)\" data-rel=\"lightbox-gallery-1\"><img loading=\"lazy\" decoding=\"async\" width=\"150\" height=\"150\" src=\"https:\/\/www.arquimaster.com.ar\/web\/wp-content\/uploads\/2022\/03\/colegio_aldapeta8-150x150.jpg\" class=\"attachment-thumbnail size-thumbnail\" alt=\"Colegio Aldapeta Mar\u00eda Ikastetxea en San Sebastian \/ IDOM\" aria-describedby=\"gallery-1-69246\" \/><\/a>\n\t\t\t<\/div>\n\t\t\t\t<figcaption class='wp-caption-text gallery-caption' id='gallery-1-69246'>\n\t\t\t\tColegio Aldapeta Mar\u00eda Ikastetxea en San Sebastian \/ IDOM (\u00a9 I\u00f1aki Bergera)\n\t\t\t\t<\/figcaption><\/figure><figure class='gallery-item'>\n\t\t\t<div class='gallery-icon portrait'>\n\t\t\t\t<a href='https:\/\/www.arquimaster.com.ar\/web\/wp-content\/uploads\/2022\/03\/colegio_aldapeta9.jpg' title=\"Colegio Aldapeta Mar\u00eda Ikastetxea en San Sebastian \/ IDOM (\u00a9 I\u00f1aki Bergera)\" data-rl_title=\"Colegio Aldapeta Mar\u00eda Ikastetxea en San Sebastian \/ IDOM (\u00a9 I\u00f1aki Bergera)\" class=\"rl-gallery-link\" data-rl_caption=\"Colegio Aldapeta Mar\u00eda Ikastetxea en San Sebastian \/ IDOM (\u00a9 I\u00f1aki Bergera)\" data-rel=\"lightbox-gallery-1\"><img loading=\"lazy\" decoding=\"async\" width=\"150\" height=\"150\" src=\"https:\/\/www.arquimaster.com.ar\/web\/wp-content\/uploads\/2022\/03\/colegio_aldapeta9-150x150.jpg\" class=\"attachment-thumbnail size-thumbnail\" alt=\"Colegio Aldapeta Mar\u00eda Ikastetxea en San Sebastian \/ IDOM\" aria-describedby=\"gallery-1-69247\" \/><\/a>\n\t\t\t<\/div>\n\t\t\t\t<figcaption class='wp-caption-text gallery-caption' id='gallery-1-69247'>\n\t\t\t\tColegio Aldapeta Mar\u00eda Ikastetxea en San Sebastian \/ IDOM (\u00a9 I\u00f1aki Bergera)\n\t\t\t\t<\/figcaption><\/figure><figure class='gallery-item'>\n\t\t\t<div class='gallery-icon portrait'>\n\t\t\t\t<a href='https:\/\/www.arquimaster.com.ar\/web\/wp-content\/uploads\/2022\/03\/colegio_aldapeta10.jpg' title=\"Colegio Aldapeta Mar\u00eda Ikastetxea en San Sebastian \/ IDOM (\u00a9 I\u00f1aki Bergera)\" data-rl_title=\"Colegio Aldapeta Mar\u00eda Ikastetxea en San Sebastian \/ IDOM (\u00a9 I\u00f1aki Bergera)\" class=\"rl-gallery-link\" data-rl_caption=\"Colegio Aldapeta Mar\u00eda Ikastetxea en San Sebastian \/ IDOM (\u00a9 I\u00f1aki Bergera)\" data-rel=\"lightbox-gallery-1\"><img loading=\"lazy\" decoding=\"async\" width=\"150\" height=\"150\" src=\"https:\/\/www.arquimaster.com.ar\/web\/wp-content\/uploads\/2022\/03\/colegio_aldapeta10-150x150.jpg\" class=\"attachment-thumbnail size-thumbnail\" alt=\"Colegio Aldapeta Mar\u00eda Ikastetxea en San Sebastian \/ IDOM\" aria-describedby=\"gallery-1-69248\" \/><\/a>\n\t\t\t<\/div>\n\t\t\t\t<figcaption class='wp-caption-text gallery-caption' id='gallery-1-69248'>\n\t\t\t\tColegio Aldapeta Mar\u00eda Ikastetxea en San Sebastian \/ IDOM (\u00a9 I\u00f1aki Bergera)\n\t\t\t\t<\/figcaption><\/figure><figure class='gallery-item'>\n\t\t\t<div class='gallery-icon landscape'>\n\t\t\t\t<a href='https:\/\/www.arquimaster.com.ar\/web\/wp-content\/uploads\/2022\/03\/colegio_aldapeta11.jpg' title=\"Colegio Aldapeta Mar\u00eda Ikastetxea en San Sebastian \/ IDOM (\u00a9 I\u00f1aki Bergera)\" data-rl_title=\"Colegio Aldapeta Mar\u00eda Ikastetxea en San Sebastian \/ IDOM (\u00a9 I\u00f1aki Bergera)\" class=\"rl-gallery-link\" data-rl_caption=\"Colegio Aldapeta Mar\u00eda Ikastetxea en San Sebastian \/ IDOM (\u00a9 I\u00f1aki Bergera)\" data-rel=\"lightbox-gallery-1\"><img loading=\"lazy\" decoding=\"async\" width=\"150\" height=\"150\" src=\"https:\/\/www.arquimaster.com.ar\/web\/wp-content\/uploads\/2022\/03\/colegio_aldapeta11-150x150.jpg\" class=\"attachment-thumbnail size-thumbnail\" alt=\"Colegio Aldapeta Mar\u00eda Ikastetxea en San Sebastian \/ IDOM\" aria-describedby=\"gallery-1-69249\" \/><\/a>\n\t\t\t<\/div>\n\t\t\t\t<figcaption class='wp-caption-text gallery-caption' id='gallery-1-69249'>\n\t\t\t\tColegio Aldapeta Mar\u00eda Ikastetxea en San Sebastian \/ IDOM (\u00a9 I\u00f1aki Bergera)\n\t\t\t\t<\/figcaption><\/figure><figure class='gallery-item'>\n\t\t\t<div class='gallery-icon portrait'>\n\t\t\t\t<a href='https:\/\/www.arquimaster.com.ar\/web\/wp-content\/uploads\/2022\/03\/colegio_aldapeta12.jpg' title=\"Colegio Aldapeta Mar\u00eda Ikastetxea en San Sebastian \/ IDOM (\u00a9 I\u00f1aki Bergera)\" data-rl_title=\"Colegio Aldapeta Mar\u00eda Ikastetxea en San Sebastian \/ IDOM (\u00a9 I\u00f1aki Bergera)\" class=\"rl-gallery-link\" data-rl_caption=\"Colegio Aldapeta Mar\u00eda Ikastetxea en San Sebastian \/ IDOM (\u00a9 I\u00f1aki Bergera)\" data-rel=\"lightbox-gallery-1\"><img loading=\"lazy\" decoding=\"async\" width=\"150\" height=\"150\" src=\"https:\/\/www.arquimaster.com.ar\/web\/wp-content\/uploads\/2022\/03\/colegio_aldapeta12-150x150.jpg\" class=\"attachment-thumbnail size-thumbnail\" alt=\"Colegio Aldapeta Mar\u00eda Ikastetxea en San Sebastian \/ IDOM\" aria-describedby=\"gallery-1-69250\" \/><\/a>\n\t\t\t<\/div>\n\t\t\t\t<figcaption class='wp-caption-text gallery-caption' id='gallery-1-69250'>\n\t\t\t\tColegio Aldapeta Mar\u00eda Ikastetxea en San Sebastian \/ IDOM (\u00a9 I\u00f1aki Bergera)\n\t\t\t\t<\/figcaption><\/figure><figure class='gallery-item'>\n\t\t\t<div class='gallery-icon portrait'>\n\t\t\t\t<a href='https:\/\/www.arquimaster.com.ar\/web\/wp-content\/uploads\/2022\/03\/colegio_aldapeta13.jpg' title=\"Colegio Aldapeta Mar\u00eda Ikastetxea en San Sebastian \/ IDOM (\u00a9 I\u00f1aki Bergera)\" data-rl_title=\"Colegio Aldapeta Mar\u00eda Ikastetxea en San Sebastian \/ IDOM (\u00a9 I\u00f1aki Bergera)\" class=\"rl-gallery-link\" data-rl_caption=\"Colegio Aldapeta Mar\u00eda Ikastetxea en San Sebastian \/ IDOM (\u00a9 I\u00f1aki Bergera)\" data-rel=\"lightbox-gallery-1\"><img loading=\"lazy\" decoding=\"async\" width=\"150\" height=\"150\" src=\"https:\/\/www.arquimaster.com.ar\/web\/wp-content\/uploads\/2022\/03\/colegio_aldapeta13-150x150.jpg\" class=\"attachment-thumbnail size-thumbnail\" alt=\"Colegio Aldapeta Mar\u00eda Ikastetxea en San Sebastian \/ IDOM\" aria-describedby=\"gallery-1-69251\" \/><\/a>\n\t\t\t<\/div>\n\t\t\t\t<figcaption class='wp-caption-text gallery-caption' id='gallery-1-69251'>\n\t\t\t\tColegio Aldapeta Mar\u00eda Ikastetxea en San Sebastian \/ IDOM (\u00a9 I\u00f1aki Bergera)\n\t\t\t\t<\/figcaption><\/figure><figure class='gallery-item'>\n\t\t\t<div class='gallery-icon portrait'>\n\t\t\t\t<a href='https:\/\/www.arquimaster.com.ar\/web\/wp-content\/uploads\/2022\/03\/colegio_aldapeta14.jpg' title=\"Colegio Aldapeta Mar\u00eda Ikastetxea en San Sebastian \/ IDOM (\u00a9 I\u00f1aki Bergera)\" data-rl_title=\"Colegio Aldapeta Mar\u00eda Ikastetxea en San Sebastian \/ IDOM (\u00a9 I\u00f1aki Bergera)\" class=\"rl-gallery-link\" data-rl_caption=\"Colegio Aldapeta Mar\u00eda Ikastetxea en San Sebastian \/ IDOM (\u00a9 I\u00f1aki Bergera)\" data-rel=\"lightbox-gallery-1\"><img loading=\"lazy\" decoding=\"async\" width=\"150\" height=\"150\" src=\"https:\/\/www.arquimaster.com.ar\/web\/wp-content\/uploads\/2022\/03\/colegio_aldapeta14-150x150.jpg\" class=\"attachment-thumbnail size-thumbnail\" alt=\"Colegio Aldapeta Mar\u00eda Ikastetxea en San Sebastian \/ IDOM\" aria-describedby=\"gallery-1-69252\" \/><\/a>\n\t\t\t<\/div>\n\t\t\t\t<figcaption class='wp-caption-text gallery-caption' id='gallery-1-69252'>\n\t\t\t\tColegio Aldapeta Mar\u00eda Ikastetxea en San Sebastian \/ IDOM (\u00a9 I\u00f1aki Bergera)\n\t\t\t\t<\/figcaption><\/figure><figure class='gallery-item'>\n\t\t\t<div class='gallery-icon landscape'>\n\t\t\t\t<a href='https:\/\/www.arquimaster.com.ar\/web\/wp-content\/uploads\/2022\/03\/colegio_aldapeta15.jpg' title=\"Colegio Aldapeta Mar\u00eda Ikastetxea en San Sebastian \/ IDOM (\u00a9 I\u00f1aki Bergera)\" data-rl_title=\"Colegio Aldapeta Mar\u00eda Ikastetxea en San Sebastian \/ IDOM (\u00a9 I\u00f1aki Bergera)\" class=\"rl-gallery-link\" data-rl_caption=\"Colegio Aldapeta Mar\u00eda Ikastetxea en San Sebastian \/ IDOM (\u00a9 I\u00f1aki Bergera)\" data-rel=\"lightbox-gallery-1\"><img loading=\"lazy\" decoding=\"async\" width=\"150\" height=\"150\" src=\"https:\/\/www.arquimaster.com.ar\/web\/wp-content\/uploads\/2022\/03\/colegio_aldapeta15-150x150.jpg\" class=\"attachment-thumbnail size-thumbnail\" alt=\"Colegio Aldapeta Mar\u00eda Ikastetxea en San Sebastian \/ IDOM\" aria-describedby=\"gallery-1-69253\" \/><\/a>\n\t\t\t<\/div>\n\t\t\t\t<figcaption class='wp-caption-text gallery-caption' id='gallery-1-69253'>\n\t\t\t\tColegio Aldapeta Mar\u00eda Ikastetxea en San Sebastian \/ IDOM (\u00a9 I\u00f1aki Bergera)\n\t\t\t\t<\/figcaption><\/figure><figure class='gallery-item'>\n\t\t\t<div class='gallery-icon portrait'>\n\t\t\t\t<a href='https:\/\/www.arquimaster.com.ar\/web\/wp-content\/uploads\/2022\/03\/colegio_aldapeta16.jpg' title=\"Colegio Aldapeta Mar\u00eda Ikastetxea en San Sebastian \/ IDOM (\u00a9 I\u00f1aki Bergera)\" data-rl_title=\"Colegio Aldapeta Mar\u00eda Ikastetxea en San Sebastian \/ IDOM (\u00a9 I\u00f1aki Bergera)\" class=\"rl-gallery-link\" data-rl_caption=\"Colegio Aldapeta Mar\u00eda Ikastetxea en San Sebastian \/ IDOM (\u00a9 I\u00f1aki Bergera)\" data-rel=\"lightbox-gallery-1\"><img loading=\"lazy\" decoding=\"async\" width=\"150\" height=\"150\" src=\"https:\/\/www.arquimaster.com.ar\/web\/wp-content\/uploads\/2022\/03\/colegio_aldapeta16-150x150.jpg\" class=\"attachment-thumbnail size-thumbnail\" alt=\"Colegio Aldapeta Mar\u00eda Ikastetxea en San Sebastian \/ IDOM\" aria-describedby=\"gallery-1-69254\" \/><\/a>\n\t\t\t<\/div>\n\t\t\t\t<figcaption class='wp-caption-text gallery-caption' id='gallery-1-69254'>\n\t\t\t\tColegio Aldapeta Mar\u00eda Ikastetxea en San Sebastian \/ IDOM (\u00a9 I\u00f1aki Bergera)\n\t\t\t\t<\/figcaption><\/figure><figure class='gallery-item'>\n\t\t\t<div class='gallery-icon portrait'>\n\t\t\t\t<a href='https:\/\/www.arquimaster.com.ar\/web\/wp-content\/uploads\/2022\/03\/colegio_aldapeta17.jpg' title=\"Colegio Aldapeta Mar\u00eda Ikastetxea en San Sebastian \/ IDOM (\u00a9 I\u00f1aki Bergera)\" data-rl_title=\"Colegio Aldapeta Mar\u00eda Ikastetxea en San Sebastian \/ IDOM (\u00a9 I\u00f1aki Bergera)\" class=\"rl-gallery-link\" data-rl_caption=\"Colegio Aldapeta Mar\u00eda Ikastetxea en San Sebastian \/ IDOM (\u00a9 I\u00f1aki Bergera)\" data-rel=\"lightbox-gallery-1\"><img loading=\"lazy\" decoding=\"async\" width=\"150\" height=\"150\" src=\"https:\/\/www.arquimaster.com.ar\/web\/wp-content\/uploads\/2022\/03\/colegio_aldapeta17-150x150.jpg\" class=\"attachment-thumbnail size-thumbnail\" alt=\"Colegio Aldapeta Mar\u00eda Ikastetxea en San Sebastian \/ IDOM\" aria-describedby=\"gallery-1-69255\" \/><\/a>\n\t\t\t<\/div>\n\t\t\t\t<figcaption class='wp-caption-text gallery-caption' id='gallery-1-69255'>\n\t\t\t\tColegio Aldapeta Mar\u00eda Ikastetxea en San Sebastian \/ IDOM (\u00a9 I\u00f1aki Bergera)\n\t\t\t\t<\/figcaption><\/figure><figure class='gallery-item'>\n\t\t\t<div class='gallery-icon portrait'>\n\t\t\t\t<a href='https:\/\/www.arquimaster.com.ar\/web\/wp-content\/uploads\/2022\/03\/colegio_aldapeta18.jpg' title=\"Colegio Aldapeta Mar\u00eda Ikastetxea en San Sebastian \/ IDOM (\u00a9 I\u00f1aki Bergera)\" data-rl_title=\"Colegio Aldapeta Mar\u00eda Ikastetxea en San Sebastian \/ IDOM (\u00a9 I\u00f1aki Bergera)\" class=\"rl-gallery-link\" data-rl_caption=\"Colegio Aldapeta Mar\u00eda Ikastetxea en San Sebastian \/ IDOM (\u00a9 I\u00f1aki Bergera)\" data-rel=\"lightbox-gallery-1\"><img loading=\"lazy\" decoding=\"async\" width=\"150\" height=\"150\" src=\"https:\/\/www.arquimaster.com.ar\/web\/wp-content\/uploads\/2022\/03\/colegio_aldapeta18-150x150.jpg\" class=\"attachment-thumbnail size-thumbnail\" alt=\"Colegio Aldapeta Mar\u00eda Ikastetxea en San Sebastian \/ IDOM\" aria-describedby=\"gallery-1-69256\" \/><\/a>\n\t\t\t<\/div>\n\t\t\t\t<figcaption class='wp-caption-text gallery-caption' id='gallery-1-69256'>\n\t\t\t\tColegio Aldapeta Mar\u00eda Ikastetxea en San Sebastian \/ IDOM (\u00a9 I\u00f1aki Bergera)\n\t\t\t\t<\/figcaption><\/figure><figure class='gallery-item'>\n\t\t\t<div class='gallery-icon landscape'>\n\t\t\t\t<a href='https:\/\/www.arquimaster.com.ar\/web\/wp-content\/uploads\/2022\/03\/colegio_aldapeta19.jpg' title=\"Colegio Aldapeta Mar\u00eda Ikastetxea en San Sebastian \/ IDOM (\u00a9 I\u00f1aki Bergera)\" data-rl_title=\"Colegio Aldapeta Mar\u00eda Ikastetxea en San Sebastian \/ IDOM (\u00a9 I\u00f1aki Bergera)\" class=\"rl-gallery-link\" data-rl_caption=\"Colegio Aldapeta Mar\u00eda Ikastetxea en San Sebastian \/ IDOM (\u00a9 I\u00f1aki Bergera)\" data-rel=\"lightbox-gallery-1\"><img loading=\"lazy\" decoding=\"async\" width=\"150\" height=\"150\" src=\"https:\/\/www.arquimaster.com.ar\/web\/wp-content\/uploads\/2022\/03\/colegio_aldapeta19-150x150.jpg\" class=\"attachment-thumbnail size-thumbnail\" alt=\"Colegio Aldapeta Mar\u00eda Ikastetxea en San Sebastian \/ IDOM\" aria-describedby=\"gallery-1-69257\" \/><\/a>\n\t\t\t<\/div>\n\t\t\t\t<figcaption class='wp-caption-text gallery-caption' id='gallery-1-69257'>\n\t\t\t\tColegio Aldapeta Mar\u00eda Ikastetxea en San Sebastian \/ IDOM (\u00a9 I\u00f1aki Bergera)\n\t\t\t\t<\/figcaption><\/figure><figure class='gallery-item'>\n\t\t\t<div class='gallery-icon portrait'>\n\t\t\t\t<a href='https:\/\/www.arquimaster.com.ar\/web\/wp-content\/uploads\/2022\/03\/colegio_aldapeta20.jpg' title=\"Colegio Aldapeta Mar\u00eda Ikastetxea en San Sebastian \/ IDOM (\u00a9 I\u00f1aki Bergera)\" data-rl_title=\"Colegio Aldapeta Mar\u00eda Ikastetxea en San Sebastian \/ IDOM (\u00a9 I\u00f1aki Bergera)\" class=\"rl-gallery-link\" data-rl_caption=\"Colegio Aldapeta Mar\u00eda Ikastetxea en San Sebastian \/ IDOM (\u00a9 I\u00f1aki Bergera)\" data-rel=\"lightbox-gallery-1\"><img loading=\"lazy\" decoding=\"async\" width=\"150\" height=\"150\" src=\"https:\/\/www.arquimaster.com.ar\/web\/wp-content\/uploads\/2022\/03\/colegio_aldapeta20-150x150.jpg\" class=\"attachment-thumbnail size-thumbnail\" alt=\"Colegio Aldapeta Mar\u00eda Ikastetxea en San Sebastian \/ IDOM\" aria-describedby=\"gallery-1-69258\" \/><\/a>\n\t\t\t<\/div>\n\t\t\t\t<figcaption class='wp-caption-text gallery-caption' id='gallery-1-69258'>\n\t\t\t\tColegio Aldapeta Mar\u00eda Ikastetxea en San Sebastian \/ IDOM (\u00a9 I\u00f1aki Bergera)\n\t\t\t\t<\/figcaption><\/figure><figure class='gallery-item'>\n\t\t\t<div class='gallery-icon landscape'>\n\t\t\t\t<a href='https:\/\/www.arquimaster.com.ar\/web\/wp-content\/uploads\/2022\/03\/colegio_aldapeta21.jpg' title=\"Colegio Aldapeta Mar\u00eda Ikastetxea en San Sebastian \/ IDOM (\u00a9 I\u00f1aki Bergera)\" data-rl_title=\"Colegio Aldapeta Mar\u00eda Ikastetxea en San Sebastian \/ IDOM (\u00a9 I\u00f1aki Bergera)\" class=\"rl-gallery-link\" data-rl_caption=\"Colegio Aldapeta Mar\u00eda Ikastetxea en San Sebastian \/ IDOM (\u00a9 I\u00f1aki Bergera)\" data-rel=\"lightbox-gallery-1\"><img loading=\"lazy\" decoding=\"async\" width=\"150\" height=\"150\" src=\"https:\/\/www.arquimaster.com.ar\/web\/wp-content\/uploads\/2022\/03\/colegio_aldapeta21-150x150.jpg\" class=\"attachment-thumbnail size-thumbnail\" alt=\"Colegio Aldapeta Mar\u00eda Ikastetxea en San Sebastian \/ IDOM\" aria-describedby=\"gallery-1-69259\" \/><\/a>\n\t\t\t<\/div>\n\t\t\t\t<figcaption class='wp-caption-text gallery-caption' id='gallery-1-69259'>\n\t\t\t\tColegio Aldapeta Mar\u00eda Ikastetxea en San Sebastian \/ IDOM (\u00a9 I\u00f1aki Bergera)\n\t\t\t\t<\/figcaption><\/figure><figure class='gallery-item'>\n\t\t\t<div class='gallery-icon portrait'>\n\t\t\t\t<a href='https:\/\/www.arquimaster.com.ar\/web\/wp-content\/uploads\/2022\/03\/colegio_aldapeta22.jpg' title=\"Colegio Aldapeta Mar\u00eda Ikastetxea en San Sebastian \/ IDOM (\u00a9 I\u00f1aki Bergera)\" data-rl_title=\"Colegio Aldapeta Mar\u00eda Ikastetxea en San Sebastian \/ IDOM (\u00a9 I\u00f1aki Bergera)\" class=\"rl-gallery-link\" data-rl_caption=\"Colegio Aldapeta Mar\u00eda Ikastetxea en San Sebastian \/ IDOM (\u00a9 I\u00f1aki Bergera)\" data-rel=\"lightbox-gallery-1\"><img loading=\"lazy\" decoding=\"async\" width=\"150\" height=\"150\" src=\"https:\/\/www.arquimaster.com.ar\/web\/wp-content\/uploads\/2022\/03\/colegio_aldapeta22-150x150.jpg\" class=\"attachment-thumbnail size-thumbnail\" alt=\"Colegio Aldapeta Mar\u00eda Ikastetxea en San Sebastian \/ IDOM\" aria-describedby=\"gallery-1-69260\" \/><\/a>\n\t\t\t<\/div>\n\t\t\t\t<figcaption class='wp-caption-text gallery-caption' id='gallery-1-69260'>\n\t\t\t\tColegio Aldapeta Mar\u00eda Ikastetxea en San Sebastian \/ IDOM (\u00a9 I\u00f1aki Bergera)\n\t\t\t\t<\/figcaption><\/figure><figure class='gallery-item'>\n\t\t\t<div class='gallery-icon landscape'>\n\t\t\t\t<a href='https:\/\/www.arquimaster.com.ar\/web\/wp-content\/uploads\/2022\/03\/colegio_aldapeta23.jpg' title=\"Colegio Aldapeta Mar\u00eda Ikastetxea en San Sebastian \/ IDOM (\u00a9 I\u00f1aki Bergera)\" data-rl_title=\"Colegio Aldapeta Mar\u00eda Ikastetxea en San Sebastian \/ IDOM (\u00a9 I\u00f1aki Bergera)\" class=\"rl-gallery-link\" data-rl_caption=\"Colegio Aldapeta Mar\u00eda Ikastetxea en San Sebastian \/ IDOM (\u00a9 I\u00f1aki Bergera)\" data-rel=\"lightbox-gallery-1\"><img loading=\"lazy\" decoding=\"async\" width=\"150\" height=\"150\" src=\"https:\/\/www.arquimaster.com.ar\/web\/wp-content\/uploads\/2022\/03\/colegio_aldapeta23-150x150.jpg\" class=\"attachment-thumbnail size-thumbnail\" alt=\"Colegio Aldapeta Mar\u00eda Ikastetxea en San Sebastian \/ IDOM\" aria-describedby=\"gallery-1-69261\" \/><\/a>\n\t\t\t<\/div>\n\t\t\t\t<figcaption class='wp-caption-text gallery-caption' id='gallery-1-69261'>\n\t\t\t\tColegio Aldapeta Mar\u00eda Ikastetxea en San Sebastian \/ IDOM (\u00a9 I\u00f1aki Bergera)\n\t\t\t\t<\/figcaption><\/figure><figure class='gallery-item'>\n\t\t\t<div class='gallery-icon portrait'>\n\t\t\t\t<a href='https:\/\/www.arquimaster.com.ar\/web\/wp-content\/uploads\/2022\/03\/colegio_aldapeta24.jpg' title=\"Colegio Aldapeta Mar\u00eda Ikastetxea en San Sebastian \/ IDOM (\u00a9 I\u00f1aki Bergera)\" data-rl_title=\"Colegio Aldapeta Mar\u00eda Ikastetxea en San Sebastian \/ IDOM (\u00a9 I\u00f1aki Bergera)\" class=\"rl-gallery-link\" data-rl_caption=\"Colegio Aldapeta Mar\u00eda Ikastetxea en San Sebastian \/ IDOM (\u00a9 I\u00f1aki Bergera)\" data-rel=\"lightbox-gallery-1\"><img loading=\"lazy\" decoding=\"async\" width=\"150\" height=\"150\" src=\"https:\/\/www.arquimaster.com.ar\/web\/wp-content\/uploads\/2022\/03\/colegio_aldapeta24-150x150.jpg\" class=\"attachment-thumbnail size-thumbnail\" alt=\"Colegio Aldapeta Mar\u00eda Ikastetxea en San Sebastian \/ IDOM\" aria-describedby=\"gallery-1-69262\" \/><\/a>\n\t\t\t<\/div>\n\t\t\t\t<figcaption class='wp-caption-text gallery-caption' id='gallery-1-69262'>\n\t\t\t\tColegio Aldapeta Mar\u00eda Ikastetxea en San Sebastian \/ IDOM (\u00a9 I\u00f1aki Bergera)\n\t\t\t\t<\/figcaption><\/figure><figure class='gallery-item'>\n\t\t\t<div class='gallery-icon portrait'>\n\t\t\t\t<a href='https:\/\/www.arquimaster.com.ar\/web\/wp-content\/uploads\/2022\/03\/colegio_aldapeta25.jpg' title=\"Colegio Aldapeta Mar\u00eda Ikastetxea en San Sebastian \/ IDOM (\u00a9 I\u00f1aki Bergera)\" data-rl_title=\"Colegio Aldapeta Mar\u00eda Ikastetxea en San Sebastian \/ IDOM (\u00a9 I\u00f1aki Bergera)\" class=\"rl-gallery-link\" data-rl_caption=\"Colegio Aldapeta Mar\u00eda Ikastetxea en San Sebastian \/ IDOM (\u00a9 I\u00f1aki Bergera)\" data-rel=\"lightbox-gallery-1\"><img loading=\"lazy\" decoding=\"async\" width=\"150\" height=\"150\" src=\"https:\/\/www.arquimaster.com.ar\/web\/wp-content\/uploads\/2022\/03\/colegio_aldapeta25-150x150.jpg\" class=\"attachment-thumbnail size-thumbnail\" alt=\"Colegio Aldapeta Mar\u00eda Ikastetxea en San Sebastian \/ IDOM\" aria-describedby=\"gallery-1-69263\" \/><\/a>\n\t\t\t<\/div>\n\t\t\t\t<figcaption class='wp-caption-text gallery-caption' id='gallery-1-69263'>\n\t\t\t\tColegio Aldapeta Mar\u00eda Ikastetxea en San Sebastian \/ IDOM (\u00a9 I\u00f1aki Bergera)\n\t\t\t\t<\/figcaption><\/figure><figure class='gallery-item'>\n\t\t\t<div class='gallery-icon landscape'>\n\t\t\t\t<a href='https:\/\/www.arquimaster.com.ar\/web\/wp-content\/uploads\/2022\/03\/colegio_aldapeta26.jpg' title=\"Colegio Aldapeta Mar\u00eda Ikastetxea en San Sebastian \/ IDOM (\u00a9 I\u00f1aki Bergera)\" data-rl_title=\"Colegio Aldapeta Mar\u00eda Ikastetxea en San Sebastian \/ IDOM (\u00a9 I\u00f1aki Bergera)\" class=\"rl-gallery-link\" data-rl_caption=\"Colegio Aldapeta Mar\u00eda Ikastetxea en San Sebastian \/ IDOM (\u00a9 I\u00f1aki Bergera)\" data-rel=\"lightbox-gallery-1\"><img loading=\"lazy\" decoding=\"async\" width=\"150\" height=\"150\" src=\"https:\/\/www.arquimaster.com.ar\/web\/wp-content\/uploads\/2022\/03\/colegio_aldapeta26-150x150.jpg\" class=\"attachment-thumbnail size-thumbnail\" alt=\"Colegio Aldapeta Mar\u00eda Ikastetxea en San Sebastian \/ IDOM\" aria-describedby=\"gallery-1-69264\" \/><\/a>\n\t\t\t<\/div>\n\t\t\t\t<figcaption class='wp-caption-text gallery-caption' id='gallery-1-69264'>\n\t\t\t\tColegio Aldapeta Mar\u00eda Ikastetxea en San Sebastian \/ IDOM (\u00a9 I\u00f1aki Bergera)\n\t\t\t\t<\/figcaption><\/figure><figure class='gallery-item'>\n\t\t\t<div class='gallery-icon portrait'>\n\t\t\t\t<a href='https:\/\/www.arquimaster.com.ar\/web\/wp-content\/uploads\/2022\/03\/colegio_aldapeta27.jpg' title=\"Colegio Aldapeta Mar\u00eda Ikastetxea en San Sebastian \/ IDOM (\u00a9 I\u00f1aki Bergera)\" data-rl_title=\"Colegio Aldapeta Mar\u00eda Ikastetxea en San Sebastian \/ IDOM (\u00a9 I\u00f1aki Bergera)\" class=\"rl-gallery-link\" data-rl_caption=\"Colegio Aldapeta Mar\u00eda Ikastetxea en San Sebastian \/ IDOM (\u00a9 I\u00f1aki Bergera)\" data-rel=\"lightbox-gallery-1\"><img loading=\"lazy\" decoding=\"async\" width=\"150\" height=\"150\" src=\"https:\/\/www.arquimaster.com.ar\/web\/wp-content\/uploads\/2022\/03\/colegio_aldapeta27-150x150.jpg\" class=\"attachment-thumbnail size-thumbnail\" alt=\"Colegio Aldapeta Mar\u00eda Ikastetxea en San Sebastian \/ IDOM\" aria-describedby=\"gallery-1-69265\" \/><\/a>\n\t\t\t<\/div>\n\t\t\t\t<figcaption class='wp-caption-text gallery-caption' id='gallery-1-69265'>\n\t\t\t\tColegio Aldapeta Mar\u00eda Ikastetxea en San Sebastian \/ IDOM (\u00a9 I\u00f1aki Bergera)\n\t\t\t\t<\/figcaption><\/figure><figure class='gallery-item'>\n\t\t\t<div class='gallery-icon portrait'>\n\t\t\t\t<a href='https:\/\/www.arquimaster.com.ar\/web\/wp-content\/uploads\/2022\/03\/colegio_aldapeta28.jpg' title=\"Colegio Aldapeta Mar\u00eda Ikastetxea en San Sebastian \/ IDOM (\u00a9 I\u00f1aki Bergera)\" data-rl_title=\"Colegio Aldapeta Mar\u00eda Ikastetxea en San Sebastian \/ IDOM (\u00a9 I\u00f1aki Bergera)\" class=\"rl-gallery-link\" data-rl_caption=\"Colegio Aldapeta Mar\u00eda Ikastetxea en San Sebastian \/ IDOM (\u00a9 I\u00f1aki Bergera)\" data-rel=\"lightbox-gallery-1\"><img loading=\"lazy\" decoding=\"async\" width=\"150\" height=\"150\" src=\"https:\/\/www.arquimaster.com.ar\/web\/wp-content\/uploads\/2022\/03\/colegio_aldapeta28-150x150.jpg\" class=\"attachment-thumbnail size-thumbnail\" alt=\"Colegio Aldapeta Mar\u00eda Ikastetxea en San Sebastian \/ IDOM\" aria-describedby=\"gallery-1-69266\" \/><\/a>\n\t\t\t<\/div>\n\t\t\t\t<figcaption class='wp-caption-text gallery-caption' id='gallery-1-69266'>\n\t\t\t\tColegio Aldapeta Mar\u00eda Ikastetxea en San Sebastian \/ IDOM (\u00a9 I\u00f1aki Bergera)\n\t\t\t\t<\/figcaption><\/figure><figure class='gallery-item'>\n\t\t\t<div class='gallery-icon landscape'>\n\t\t\t\t<a href='https:\/\/www.arquimaster.com.ar\/web\/wp-content\/uploads\/2022\/03\/colegio_aldapeta29.jpg' title=\"Colegio Aldapeta Mar\u00eda Ikastetxea en San Sebastian \/ IDOM (\u00a9 I\u00f1aki Bergera)\" data-rl_title=\"Colegio Aldapeta Mar\u00eda Ikastetxea en San Sebastian \/ IDOM (\u00a9 I\u00f1aki Bergera)\" class=\"rl-gallery-link\" data-rl_caption=\"Colegio Aldapeta Mar\u00eda Ikastetxea en San Sebastian \/ IDOM (\u00a9 I\u00f1aki Bergera)\" data-rel=\"lightbox-gallery-1\"><img loading=\"lazy\" decoding=\"async\" width=\"150\" height=\"150\" src=\"https:\/\/www.arquimaster.com.ar\/web\/wp-content\/uploads\/2022\/03\/colegio_aldapeta29-150x150.jpg\" class=\"attachment-thumbnail size-thumbnail\" alt=\"Colegio Aldapeta Mar\u00eda Ikastetxea en San Sebastian \/ IDOM\" aria-describedby=\"gallery-1-69267\" \/><\/a>\n\t\t\t<\/div>\n\t\t\t\t<figcaption class='wp-caption-text gallery-caption' id='gallery-1-69267'>\n\t\t\t\tColegio Aldapeta Mar\u00eda Ikastetxea en San Sebastian \/ IDOM (\u00a9 I\u00f1aki Bergera)\n\t\t\t\t<\/figcaption><\/figure><figure class='gallery-item'>\n\t\t\t<div class='gallery-icon landscape'>\n\t\t\t\t<a href='https:\/\/www.arquimaster.com.ar\/web\/wp-content\/uploads\/2022\/03\/colegio_aldapeta30.jpg' title=\"Colegio Aldapeta Mar\u00eda Ikastetxea en San Sebastian \/ IDOM (\u00a9 I\u00f1aki Bergera)\" data-rl_title=\"Colegio Aldapeta Mar\u00eda Ikastetxea en San Sebastian \/ IDOM (\u00a9 I\u00f1aki Bergera)\" class=\"rl-gallery-link\" data-rl_caption=\"Colegio Aldapeta Mar\u00eda Ikastetxea en San Sebastian \/ IDOM (\u00a9 I\u00f1aki Bergera)\" data-rel=\"lightbox-gallery-1\"><img loading=\"lazy\" decoding=\"async\" width=\"150\" height=\"150\" src=\"https:\/\/www.arquimaster.com.ar\/web\/wp-content\/uploads\/2022\/03\/colegio_aldapeta30-150x150.jpg\" class=\"attachment-thumbnail size-thumbnail\" alt=\"Colegio Aldapeta Mar\u00eda Ikastetxea en San Sebastian \/ IDOM\" aria-describedby=\"gallery-1-69268\" \/><\/a>\n\t\t\t<\/div>\n\t\t\t\t<figcaption class='wp-caption-text gallery-caption' id='gallery-1-69268'>\n\t\t\t\tColegio Aldapeta Mar\u00eda Ikastetxea en San Sebastian \/ IDOM (\u00a9 I\u00f1aki Bergera)\n\t\t\t\t<\/figcaption><\/figure><figure class='gallery-item'>\n\t\t\t<div class='gallery-icon portrait'>\n\t\t\t\t<a href='https:\/\/www.arquimaster.com.ar\/web\/wp-content\/uploads\/2022\/03\/colegio_aldapeta31.jpg' title=\"Colegio Aldapeta Mar\u00eda Ikastetxea en San Sebastian \/ IDOM (\u00a9 I\u00f1aki Bergera)\" data-rl_title=\"Colegio Aldapeta Mar\u00eda Ikastetxea en San Sebastian \/ IDOM (\u00a9 I\u00f1aki Bergera)\" class=\"rl-gallery-link\" data-rl_caption=\"Colegio Aldapeta Mar\u00eda Ikastetxea en San Sebastian \/ IDOM (\u00a9 I\u00f1aki Bergera)\" data-rel=\"lightbox-gallery-1\"><img loading=\"lazy\" decoding=\"async\" width=\"150\" height=\"150\" src=\"https:\/\/www.arquimaster.com.ar\/web\/wp-content\/uploads\/2022\/03\/colegio_aldapeta31-150x150.jpg\" class=\"attachment-thumbnail size-thumbnail\" alt=\"Colegio Aldapeta Mar\u00eda Ikastetxea en San Sebastian \/ IDOM\" aria-describedby=\"gallery-1-69269\" \/><\/a>\n\t\t\t<\/div>\n\t\t\t\t<figcaption class='wp-caption-text gallery-caption' id='gallery-1-69269'>\n\t\t\t\tColegio Aldapeta Mar\u00eda Ikastetxea en San Sebastian \/ IDOM (\u00a9 I\u00f1aki Bergera)\n\t\t\t\t<\/figcaption><\/figure><figure class='gallery-item'>\n\t\t\t<div class='gallery-icon landscape'>\n\t\t\t\t<a href='https:\/\/www.arquimaster.com.ar\/web\/wp-content\/uploads\/2022\/03\/colegio_aldapeta32.jpg' title=\"Colegio Aldapeta Mar\u00eda Ikastetxea en San Sebastian \/ IDOM (\u00a9 I\u00f1aki Bergera)\" data-rl_title=\"Colegio Aldapeta Mar\u00eda Ikastetxea en San Sebastian \/ IDOM (\u00a9 I\u00f1aki Bergera)\" class=\"rl-gallery-link\" data-rl_caption=\"Colegio Aldapeta Mar\u00eda Ikastetxea en San Sebastian \/ IDOM (\u00a9 I\u00f1aki Bergera)\" data-rel=\"lightbox-gallery-1\"><img loading=\"lazy\" decoding=\"async\" width=\"150\" height=\"150\" src=\"https:\/\/www.arquimaster.com.ar\/web\/wp-content\/uploads\/2022\/03\/colegio_aldapeta32-150x150.jpg\" class=\"attachment-thumbnail size-thumbnail\" alt=\"Colegio Aldapeta Mar\u00eda Ikastetxea en San Sebastian \/ IDOM\" aria-describedby=\"gallery-1-69270\" \/><\/a>\n\t\t\t<\/div>\n\t\t\t\t<figcaption class='wp-caption-text gallery-caption' id='gallery-1-69270'>\n\t\t\t\tColegio Aldapeta Mar\u00eda Ikastetxea en San Sebastian \/ IDOM (\u00a9 I\u00f1aki Bergera)\n\t\t\t\t<\/figcaption><\/figure><figure class='gallery-item'>\n\t\t\t<div class='gallery-icon portrait'>\n\t\t\t\t<a href='https:\/\/www.arquimaster.com.ar\/web\/wp-content\/uploads\/2022\/03\/colegio_aldapeta33.jpg' title=\"Colegio Aldapeta Mar\u00eda Ikastetxea en San Sebastian \/ IDOM (\u00a9 I\u00f1aki Bergera)\" data-rl_title=\"Colegio Aldapeta Mar\u00eda Ikastetxea en San Sebastian \/ IDOM (\u00a9 I\u00f1aki Bergera)\" class=\"rl-gallery-link\" data-rl_caption=\"Colegio Aldapeta Mar\u00eda Ikastetxea en San Sebastian \/ IDOM (\u00a9 I\u00f1aki Bergera)\" data-rel=\"lightbox-gallery-1\"><img loading=\"lazy\" decoding=\"async\" width=\"150\" height=\"150\" src=\"https:\/\/www.arquimaster.com.ar\/web\/wp-content\/uploads\/2022\/03\/colegio_aldapeta33-150x150.jpg\" class=\"attachment-thumbnail size-thumbnail\" alt=\"Colegio Aldapeta Mar\u00eda Ikastetxea en San Sebastian \/ IDOM\" aria-describedby=\"gallery-1-69271\" \/><\/a>\n\t\t\t<\/div>\n\t\t\t\t<figcaption class='wp-caption-text gallery-caption' id='gallery-1-69271'>\n\t\t\t\tColegio Aldapeta Mar\u00eda Ikastetxea en San Sebastian \/ IDOM (\u00a9 I\u00f1aki Bergera)\n\t\t\t\t<\/figcaption><\/figure><figure class='gallery-item'>\n\t\t\t<div class='gallery-icon portrait'>\n\t\t\t\t<a href='https:\/\/www.arquimaster.com.ar\/web\/wp-content\/uploads\/2022\/03\/colegio_aldapeta34.jpg' title=\"Colegio Aldapeta Mar\u00eda Ikastetxea en San Sebastian \/ IDOM (\u00a9 I\u00f1aki Bergera)\" data-rl_title=\"Colegio Aldapeta Mar\u00eda Ikastetxea en San Sebastian \/ IDOM (\u00a9 I\u00f1aki Bergera)\" class=\"rl-gallery-link\" data-rl_caption=\"Colegio Aldapeta Mar\u00eda Ikastetxea en San Sebastian \/ IDOM (\u00a9 I\u00f1aki Bergera)\" data-rel=\"lightbox-gallery-1\"><img loading=\"lazy\" decoding=\"async\" width=\"150\" height=\"150\" src=\"https:\/\/www.arquimaster.com.ar\/web\/wp-content\/uploads\/2022\/03\/colegio_aldapeta34-150x150.jpg\" class=\"attachment-thumbnail size-thumbnail\" alt=\"Colegio Aldapeta Mar\u00eda Ikastetxea en San Sebastian \/ IDOM\" aria-describedby=\"gallery-1-69272\" \/><\/a>\n\t\t\t<\/div>\n\t\t\t\t<figcaption class='wp-caption-text gallery-caption' id='gallery-1-69272'>\n\t\t\t\tColegio Aldapeta Mar\u00eda Ikastetxea en San Sebastian \/ IDOM (\u00a9 I\u00f1aki Bergera)\n\t\t\t\t<\/figcaption><\/figure><figure class='gallery-item'>\n\t\t\t<div class='gallery-icon landscape'>\n\t\t\t\t<a href='https:\/\/www.arquimaster.com.ar\/web\/wp-content\/uploads\/2022\/03\/colegio_aldapeta35.jpg' title=\"Colegio Aldapeta Mar\u00eda Ikastetxea en San Sebastian \/ IDOM (\u00a9 I\u00f1aki Bergera)\" data-rl_title=\"Colegio Aldapeta Mar\u00eda Ikastetxea en San Sebastian \/ IDOM (\u00a9 I\u00f1aki Bergera)\" class=\"rl-gallery-link\" data-rl_caption=\"Colegio Aldapeta Mar\u00eda Ikastetxea en San Sebastian \/ IDOM (\u00a9 I\u00f1aki Bergera)\" data-rel=\"lightbox-gallery-1\"><img loading=\"lazy\" decoding=\"async\" width=\"150\" height=\"150\" src=\"https:\/\/www.arquimaster.com.ar\/web\/wp-content\/uploads\/2022\/03\/colegio_aldapeta35-150x150.jpg\" class=\"attachment-thumbnail size-thumbnail\" alt=\"Colegio Aldapeta Mar\u00eda Ikastetxea en San Sebastian \/ IDOM\" aria-describedby=\"gallery-1-69273\" \/><\/a>\n\t\t\t<\/div>\n\t\t\t\t<figcaption class='wp-caption-text gallery-caption' id='gallery-1-69273'>\n\t\t\t\tColegio Aldapeta Mar\u00eda Ikastetxea en San Sebastian \/ IDOM (\u00a9 I\u00f1aki Bergera)\n\t\t\t\t<\/figcaption><\/figure><figure class='gallery-item'>\n\t\t\t<div class='gallery-icon portrait'>\n\t\t\t\t<a href='https:\/\/www.arquimaster.com.ar\/web\/wp-content\/uploads\/2022\/03\/colegio_aldapeta36.jpg' title=\"Colegio Aldapeta Mar\u00eda Ikastetxea en San Sebastian \/ IDOM (\u00a9 I\u00f1aki Bergera)\" data-rl_title=\"Colegio Aldapeta Mar\u00eda Ikastetxea en San Sebastian \/ IDOM (\u00a9 I\u00f1aki Bergera)\" class=\"rl-gallery-link\" data-rl_caption=\"Colegio Aldapeta Mar\u00eda Ikastetxea en San Sebastian \/ IDOM (\u00a9 I\u00f1aki Bergera)\" data-rel=\"lightbox-gallery-1\"><img loading=\"lazy\" decoding=\"async\" width=\"150\" height=\"150\" src=\"https:\/\/www.arquimaster.com.ar\/web\/wp-content\/uploads\/2022\/03\/colegio_aldapeta36-150x150.jpg\" class=\"attachment-thumbnail size-thumbnail\" alt=\"Colegio Aldapeta Mar\u00eda Ikastetxea en San Sebastian \/ IDOM\" aria-describedby=\"gallery-1-69274\" \/><\/a>\n\t\t\t<\/div>\n\t\t\t\t<figcaption class='wp-caption-text gallery-caption' id='gallery-1-69274'>\n\t\t\t\tColegio Aldapeta Mar\u00eda Ikastetxea en San Sebastian \/ IDOM (\u00a9 I\u00f1aki Bergera)\n\t\t\t\t<\/figcaption><\/figure><figure class='gallery-item'>\n\t\t\t<div class='gallery-icon landscape'>\n\t\t\t\t<a href='https:\/\/www.arquimaster.com.ar\/web\/wp-content\/uploads\/2022\/03\/colegio_aldapeta37.jpg' title=\"Colegio Aldapeta Mar\u00eda Ikastetxea en San Sebastian \/ IDOM (\u00a9 I\u00f1aki Bergera)\" data-rl_title=\"Colegio Aldapeta Mar\u00eda Ikastetxea en San Sebastian \/ IDOM (\u00a9 I\u00f1aki Bergera)\" class=\"rl-gallery-link\" data-rl_caption=\"Colegio Aldapeta Mar\u00eda Ikastetxea en San Sebastian \/ IDOM (\u00a9 I\u00f1aki Bergera)\" data-rel=\"lightbox-gallery-1\"><img loading=\"lazy\" decoding=\"async\" width=\"150\" height=\"150\" src=\"https:\/\/www.arquimaster.com.ar\/web\/wp-content\/uploads\/2022\/03\/colegio_aldapeta37-150x150.jpg\" class=\"attachment-thumbnail size-thumbnail\" alt=\"Colegio Aldapeta Mar\u00eda Ikastetxea en San Sebastian \/ IDOM\" aria-describedby=\"gallery-1-69275\" \/><\/a>\n\t\t\t<\/div>\n\t\t\t\t<figcaption class='wp-caption-text gallery-caption' id='gallery-1-69275'>\n\t\t\t\tColegio Aldapeta Mar\u00eda Ikastetxea en San Sebastian \/ IDOM (\u00a9 I\u00f1aki Bergera)\n\t\t\t\t<\/figcaption><\/figure><figure class='gallery-item'>\n\t\t\t<div class='gallery-icon landscape'>\n\t\t\t\t<a href='https:\/\/www.arquimaster.com.ar\/web\/wp-content\/uploads\/2022\/03\/colegio_aldapeta38.jpg' title=\"Colegio Aldapeta Mar\u00eda Ikastetxea en San Sebastian \/ IDOM (\u00a9 I\u00f1aki Bergera)\" data-rl_title=\"Colegio Aldapeta Mar\u00eda Ikastetxea en San Sebastian \/ IDOM (\u00a9 I\u00f1aki Bergera)\" class=\"rl-gallery-link\" data-rl_caption=\"Colegio Aldapeta Mar\u00eda Ikastetxea en San Sebastian \/ IDOM (\u00a9 I\u00f1aki Bergera)\" data-rel=\"lightbox-gallery-1\"><img loading=\"lazy\" decoding=\"async\" width=\"150\" height=\"150\" src=\"https:\/\/www.arquimaster.com.ar\/web\/wp-content\/uploads\/2022\/03\/colegio_aldapeta38-150x150.jpg\" class=\"attachment-thumbnail size-thumbnail\" alt=\"Colegio Aldapeta Mar\u00eda Ikastetxea en San Sebastian \/ IDOM\" aria-describedby=\"gallery-1-69276\" \/><\/a>\n\t\t\t<\/div>\n\t\t\t\t<figcaption class='wp-caption-text gallery-caption' id='gallery-1-69276'>\n\t\t\t\tColegio Aldapeta Mar\u00eda Ikastetxea en San Sebastian \/ IDOM (\u00a9 I\u00f1aki Bergera)\n\t\t\t\t<\/figcaption><\/figure><figure class='gallery-item'>\n\t\t\t<div class='gallery-icon landscape'>\n\t\t\t\t<a href='https:\/\/www.arquimaster.com.ar\/web\/wp-content\/uploads\/2022\/03\/colegio_aldapeta39.jpg' title=\"Colegio Aldapeta Mar\u00eda Ikastetxea en San Sebastian \/ IDOM (\u00a9 I\u00f1aki Bergera)\" data-rl_title=\"Colegio Aldapeta Mar\u00eda Ikastetxea en San Sebastian \/ IDOM (\u00a9 I\u00f1aki Bergera)\" class=\"rl-gallery-link\" data-rl_caption=\"Colegio Aldapeta Mar\u00eda Ikastetxea en San Sebastian \/ IDOM (\u00a9 I\u00f1aki Bergera)\" data-rel=\"lightbox-gallery-1\"><img loading=\"lazy\" decoding=\"async\" width=\"150\" height=\"150\" src=\"https:\/\/www.arquimaster.com.ar\/web\/wp-content\/uploads\/2022\/03\/colegio_aldapeta39-150x150.jpg\" class=\"attachment-thumbnail size-thumbnail\" alt=\"Colegio Aldapeta Mar\u00eda Ikastetxea en San Sebastian \/ IDOM\" aria-describedby=\"gallery-1-69277\" \/><\/a>\n\t\t\t<\/div>\n\t\t\t\t<figcaption class='wp-caption-text gallery-caption' id='gallery-1-69277'>\n\t\t\t\tColegio Aldapeta Mar\u00eda Ikastetxea en San Sebastian \/ IDOM (\u00a9 I\u00f1aki Bergera)\n\t\t\t\t<\/figcaption><\/figure><figure class='gallery-item'>\n\t\t\t<div class='gallery-icon landscape'>\n\t\t\t\t<a href='https:\/\/www.arquimaster.com.ar\/web\/wp-content\/uploads\/2022\/03\/colegio_aldapeta40.jpg' title=\"Colegio Aldapeta Mar\u00eda Ikastetxea en San Sebastian \/ IDOM (\u00a9 I\u00f1aki Bergera)\" data-rl_title=\"Colegio Aldapeta Mar\u00eda Ikastetxea en San Sebastian \/ IDOM (\u00a9 I\u00f1aki Bergera)\" class=\"rl-gallery-link\" data-rl_caption=\"Colegio Aldapeta Mar\u00eda Ikastetxea en San Sebastian \/ IDOM (\u00a9 I\u00f1aki Bergera)\" data-rel=\"lightbox-gallery-1\"><img loading=\"lazy\" decoding=\"async\" width=\"150\" height=\"150\" src=\"https:\/\/www.arquimaster.com.ar\/web\/wp-content\/uploads\/2022\/03\/colegio_aldapeta40-150x150.jpg\" class=\"attachment-thumbnail size-thumbnail\" alt=\"Colegio Aldapeta Mar\u00eda Ikastetxea en San Sebastian \/ IDOM\" aria-describedby=\"gallery-1-69278\" \/><\/a>\n\t\t\t<\/div>\n\t\t\t\t<figcaption class='wp-caption-text gallery-caption' id='gallery-1-69278'>\n\t\t\t\tColegio Aldapeta Mar\u00eda Ikastetxea en San Sebastian \/ IDOM (\u00a9 I\u00f1aki Bergera)\n\t\t\t\t<\/figcaption><\/figure><figure class='gallery-item'>\n\t\t\t<div class='gallery-icon landscape'>\n\t\t\t\t<a href='https:\/\/www.arquimaster.com.ar\/web\/wp-content\/uploads\/2022\/03\/colegio_aldapeta41.jpg' title=\"Colegio Aldapeta Mar\u00eda Ikastetxea en San Sebastian \/ IDOM (\u00a9 I\u00f1aki Bergera)\" data-rl_title=\"Colegio Aldapeta Mar\u00eda Ikastetxea en San Sebastian \/ IDOM (\u00a9 I\u00f1aki Bergera)\" class=\"rl-gallery-link\" data-rl_caption=\"Colegio Aldapeta Mar\u00eda Ikastetxea en San Sebastian \/ IDOM (\u00a9 I\u00f1aki Bergera)\" data-rel=\"lightbox-gallery-1\"><img loading=\"lazy\" decoding=\"async\" width=\"150\" height=\"150\" src=\"https:\/\/www.arquimaster.com.ar\/web\/wp-content\/uploads\/2022\/03\/colegio_aldapeta41-150x150.jpg\" class=\"attachment-thumbnail size-thumbnail\" alt=\"Colegio Aldapeta Mar\u00eda Ikastetxea en San Sebastian \/ IDOM\" aria-describedby=\"gallery-1-69279\" \/><\/a>\n\t\t\t<\/div>\n\t\t\t\t<figcaption class='wp-caption-text gallery-caption' id='gallery-1-69279'>\n\t\t\t\tColegio Aldapeta Mar\u00eda Ikastetxea en San Sebastian \/ IDOM (\u00a9 I\u00f1aki Bergera)\n\t\t\t\t<\/figcaption><\/figure><figure class='gallery-item'>\n\t\t\t<div class='gallery-icon landscape'>\n\t\t\t\t<a href='https:\/\/www.arquimaster.com.ar\/web\/wp-content\/uploads\/2022\/03\/colegio_aldapeta42.jpg' title=\"Colegio Aldapeta Mar\u00eda Ikastetxea en San Sebastian \/ IDOM (\u00a9 I\u00f1aki Bergera)\" data-rl_title=\"Colegio Aldapeta Mar\u00eda Ikastetxea en San Sebastian \/ IDOM (\u00a9 I\u00f1aki Bergera)\" class=\"rl-gallery-link\" data-rl_caption=\"Colegio Aldapeta Mar\u00eda Ikastetxea en San Sebastian \/ IDOM (\u00a9 I\u00f1aki Bergera)\" data-rel=\"lightbox-gallery-1\"><img loading=\"lazy\" decoding=\"async\" width=\"150\" height=\"150\" src=\"https:\/\/www.arquimaster.com.ar\/web\/wp-content\/uploads\/2022\/03\/colegio_aldapeta42-150x150.jpg\" class=\"attachment-thumbnail size-thumbnail\" alt=\"Colegio Aldapeta Mar\u00eda Ikastetxea en San Sebastian \/ IDOM\" aria-describedby=\"gallery-1-69280\" \/><\/a>\n\t\t\t<\/div>\n\t\t\t\t<figcaption class='wp-caption-text gallery-caption' id='gallery-1-69280'>\n\t\t\t\tColegio Aldapeta Mar\u00eda Ikastetxea en San Sebastian \/ IDOM (\u00a9 I\u00f1aki Bergera)\n\t\t\t\t<\/figcaption><\/figure><figure class='gallery-item'>\n\t\t\t<div class='gallery-icon portrait'>\n\t\t\t\t<a href='https:\/\/www.arquimaster.com.ar\/web\/wp-content\/uploads\/2022\/03\/colegio_aldapeta43.jpg' title=\"Colegio Aldapeta Mar\u00eda Ikastetxea en San Sebastian \/ IDOM (\u00a9 I\u00f1aki Bergera)\" data-rl_title=\"Colegio Aldapeta Mar\u00eda Ikastetxea en San Sebastian \/ IDOM (\u00a9 I\u00f1aki Bergera)\" class=\"rl-gallery-link\" data-rl_caption=\"Colegio Aldapeta Mar\u00eda Ikastetxea en San Sebastian \/ IDOM (\u00a9 I\u00f1aki Bergera)\" data-rel=\"lightbox-gallery-1\"><img loading=\"lazy\" decoding=\"async\" width=\"150\" height=\"150\" src=\"https:\/\/www.arquimaster.com.ar\/web\/wp-content\/uploads\/2022\/03\/colegio_aldapeta43-150x150.jpg\" class=\"attachment-thumbnail size-thumbnail\" alt=\"Colegio Aldapeta Mar\u00eda Ikastetxea en San Sebastian \/ IDOM\" aria-describedby=\"gallery-1-69281\" \/><\/a>\n\t\t\t<\/div>\n\t\t\t\t<figcaption class='wp-caption-text gallery-caption' id='gallery-1-69281'>\n\t\t\t\tColegio Aldapeta Mar\u00eda Ikastetxea en San Sebastian \/ IDOM (\u00a9 I\u00f1aki Bergera)\n\t\t\t\t<\/figcaption><\/figure><figure class='gallery-item'>\n\t\t\t<div class='gallery-icon landscape'>\n\t\t\t\t<a href='https:\/\/www.arquimaster.com.ar\/web\/wp-content\/uploads\/2022\/03\/colegio_aldapeta44.jpg' title=\"Colegio Aldapeta Mar\u00eda Ikastetxea en San Sebastian \/ IDOM (emplazamiento)\" data-rl_title=\"Colegio Aldapeta Mar\u00eda Ikastetxea en San Sebastian \/ IDOM (emplazamiento)\" class=\"rl-gallery-link\" data-rl_caption=\"Colegio Aldapeta Mar\u00eda Ikastetxea en San Sebastian \/ IDOM (emplazamiento)\" data-rel=\"lightbox-gallery-1\"><img loading=\"lazy\" decoding=\"async\" width=\"150\" height=\"150\" src=\"https:\/\/www.arquimaster.com.ar\/web\/wp-content\/uploads\/2022\/03\/colegio_aldapeta44-150x150.jpg\" class=\"attachment-thumbnail size-thumbnail\" alt=\"Colegio Aldapeta Mar\u00eda Ikastetxea en San Sebastian \/ IDOM\" aria-describedby=\"gallery-1-69282\" \/><\/a>\n\t\t\t<\/div>\n\t\t\t\t<figcaption class='wp-caption-text gallery-caption' id='gallery-1-69282'>\n\t\t\t\tColegio Aldapeta Mar\u00eda Ikastetxea en San Sebastian \/ IDOM (emplazamiento)\n\t\t\t\t<\/figcaption><\/figure><figure class='gallery-item'>\n\t\t\t<div class='gallery-icon landscape'>\n\t\t\t\t<a href='https:\/\/www.arquimaster.com.ar\/web\/wp-content\/uploads\/2022\/03\/colegio_aldapeta45.jpg' title=\"Colegio Aldapeta Mar\u00eda Ikastetxea en San Sebastian \/ IDOM (planta)\" data-rl_title=\"Colegio Aldapeta Mar\u00eda Ikastetxea en San Sebastian \/ IDOM (planta)\" class=\"rl-gallery-link\" data-rl_caption=\"Colegio Aldapeta Mar\u00eda Ikastetxea en San Sebastian \/ IDOM (planta)\" data-rel=\"lightbox-gallery-1\"><img loading=\"lazy\" decoding=\"async\" width=\"150\" height=\"150\" src=\"https:\/\/www.arquimaster.com.ar\/web\/wp-content\/uploads\/2022\/03\/colegio_aldapeta45-150x150.jpg\" class=\"attachment-thumbnail size-thumbnail\" alt=\"Colegio Aldapeta Mar\u00eda Ikastetxea en San Sebastian \/ IDOM\" aria-describedby=\"gallery-1-69283\" \/><\/a>\n\t\t\t<\/div>\n\t\t\t\t<figcaption class='wp-caption-text gallery-caption' id='gallery-1-69283'>\n\t\t\t\tColegio Aldapeta Mar\u00eda Ikastetxea en San Sebastian \/ IDOM (planta)\n\t\t\t\t<\/figcaption><\/figure><figure class='gallery-item'>\n\t\t\t<div class='gallery-icon landscape'>\n\t\t\t\t<a href='https:\/\/www.arquimaster.com.ar\/web\/wp-content\/uploads\/2022\/03\/colegio_aldapeta46.jpg' title=\"Colegio Aldapeta Mar\u00eda Ikastetxea en San Sebastian \/ IDOM (planta)\" data-rl_title=\"Colegio Aldapeta Mar\u00eda Ikastetxea en San Sebastian \/ IDOM (planta)\" class=\"rl-gallery-link\" data-rl_caption=\"Colegio Aldapeta Mar\u00eda Ikastetxea en San Sebastian \/ IDOM (planta)\" data-rel=\"lightbox-gallery-1\"><img loading=\"lazy\" decoding=\"async\" width=\"150\" height=\"150\" src=\"https:\/\/www.arquimaster.com.ar\/web\/wp-content\/uploads\/2022\/03\/colegio_aldapeta46-150x150.jpg\" class=\"attachment-thumbnail size-thumbnail\" alt=\"Colegio Aldapeta Mar\u00eda Ikastetxea en San Sebastian \/ IDOM\" aria-describedby=\"gallery-1-69284\" \/><\/a>\n\t\t\t<\/div>\n\t\t\t\t<figcaption class='wp-caption-text gallery-caption' id='gallery-1-69284'>\n\t\t\t\tColegio Aldapeta Mar\u00eda Ikastetxea en San Sebastian \/ IDOM (planta)\n\t\t\t\t<\/figcaption><\/figure><figure class='gallery-item'>\n\t\t\t<div class='gallery-icon landscape'>\n\t\t\t\t<a href='https:\/\/www.arquimaster.com.ar\/web\/wp-content\/uploads\/2022\/03\/colegio_aldapeta47.jpg' title=\"Colegio Aldapeta Mar\u00eda Ikastetxea en San Sebastian \/ IDOM (planta)\" data-rl_title=\"Colegio Aldapeta Mar\u00eda Ikastetxea en San Sebastian \/ IDOM (planta)\" class=\"rl-gallery-link\" data-rl_caption=\"Colegio Aldapeta Mar\u00eda Ikastetxea en San Sebastian \/ IDOM (planta)\" data-rel=\"lightbox-gallery-1\"><img loading=\"lazy\" decoding=\"async\" width=\"150\" height=\"150\" src=\"https:\/\/www.arquimaster.com.ar\/web\/wp-content\/uploads\/2022\/03\/colegio_aldapeta47-150x150.jpg\" class=\"attachment-thumbnail size-thumbnail\" alt=\"Colegio Aldapeta Mar\u00eda Ikastetxea en San Sebastian \/ IDOM\" aria-describedby=\"gallery-1-69285\" \/><\/a>\n\t\t\t<\/div>\n\t\t\t\t<figcaption class='wp-caption-text gallery-caption' id='gallery-1-69285'>\n\t\t\t\tColegio Aldapeta Mar\u00eda Ikastetxea en San Sebastian \/ IDOM (planta)\n\t\t\t\t<\/figcaption><\/figure><figure class='gallery-item'>\n\t\t\t<div class='gallery-icon landscape'>\n\t\t\t\t<a href='https:\/\/www.arquimaster.com.ar\/web\/wp-content\/uploads\/2022\/03\/colegio_aldapeta48.jpg' title=\"Colegio Aldapeta Mar\u00eda Ikastetxea en San Sebastian \/ IDOM (planta)\" data-rl_title=\"Colegio Aldapeta Mar\u00eda Ikastetxea en San Sebastian \/ IDOM (planta)\" class=\"rl-gallery-link\" data-rl_caption=\"Colegio Aldapeta Mar\u00eda Ikastetxea en San Sebastian \/ IDOM (planta)\" data-rel=\"lightbox-gallery-1\"><img loading=\"lazy\" decoding=\"async\" width=\"150\" height=\"150\" src=\"https:\/\/www.arquimaster.com.ar\/web\/wp-content\/uploads\/2022\/03\/colegio_aldapeta48-150x150.jpg\" class=\"attachment-thumbnail size-thumbnail\" alt=\"Colegio Aldapeta Mar\u00eda Ikastetxea en San Sebastian \/ IDOM\" aria-describedby=\"gallery-1-69286\" \/><\/a>\n\t\t\t<\/div>\n\t\t\t\t<figcaption class='wp-caption-text gallery-caption' id='gallery-1-69286'>\n\t\t\t\tColegio Aldapeta Mar\u00eda Ikastetxea en San Sebastian \/ IDOM (planta)\n\t\t\t\t<\/figcaption><\/figure><figure class='gallery-item'>\n\t\t\t<div class='gallery-icon landscape'>\n\t\t\t\t<a href='https:\/\/www.arquimaster.com.ar\/web\/wp-content\/uploads\/2022\/03\/colegio_aldapeta49.jpg' title=\"Colegio Aldapeta Mar\u00eda Ikastetxea en San Sebastian \/ IDOM (planta)\" data-rl_title=\"Colegio Aldapeta Mar\u00eda Ikastetxea en San Sebastian \/ IDOM (planta)\" class=\"rl-gallery-link\" data-rl_caption=\"Colegio Aldapeta Mar\u00eda Ikastetxea en San Sebastian \/ IDOM (planta)\" data-rel=\"lightbox-gallery-1\"><img loading=\"lazy\" decoding=\"async\" width=\"150\" height=\"150\" src=\"https:\/\/www.arquimaster.com.ar\/web\/wp-content\/uploads\/2022\/03\/colegio_aldapeta49-150x150.jpg\" class=\"attachment-thumbnail size-thumbnail\" alt=\"Colegio Aldapeta Mar\u00eda Ikastetxea en San Sebastian \/ IDOM\" aria-describedby=\"gallery-1-69287\" \/><\/a>\n\t\t\t<\/div>\n\t\t\t\t<figcaption class='wp-caption-text gallery-caption' id='gallery-1-69287'>\n\t\t\t\tColegio Aldapeta Mar\u00eda Ikastetxea en San Sebastian \/ IDOM (planta)\n\t\t\t\t<\/figcaption><\/figure><figure class='gallery-item'>\n\t\t\t<div class='gallery-icon landscape'>\n\t\t\t\t<a href='https:\/\/www.arquimaster.com.ar\/web\/wp-content\/uploads\/2022\/03\/colegio_aldapeta50.jpg' title=\"Colegio Aldapeta Mar\u00eda Ikastetxea en San Sebastian \/ IDOM (planta)\" data-rl_title=\"Colegio Aldapeta Mar\u00eda Ikastetxea en San Sebastian \/ IDOM (planta)\" class=\"rl-gallery-link\" data-rl_caption=\"Colegio Aldapeta Mar\u00eda Ikastetxea en San Sebastian \/ IDOM (planta)\" data-rel=\"lightbox-gallery-1\"><img loading=\"lazy\" decoding=\"async\" width=\"150\" height=\"150\" src=\"https:\/\/www.arquimaster.com.ar\/web\/wp-content\/uploads\/2022\/03\/colegio_aldapeta50-150x150.jpg\" class=\"attachment-thumbnail size-thumbnail\" alt=\"Colegio Aldapeta Mar\u00eda Ikastetxea en San Sebastian \/ IDOM\" aria-describedby=\"gallery-1-69288\" \/><\/a>\n\t\t\t<\/div>\n\t\t\t\t<figcaption class='wp-caption-text gallery-caption' id='gallery-1-69288'>\n\t\t\t\tColegio Aldapeta Mar\u00eda Ikastetxea en San Sebastian \/ IDOM (planta)\n\t\t\t\t<\/figcaption><\/figure><figure class='gallery-item'>\n\t\t\t<div class='gallery-icon landscape'>\n\t\t\t\t<a href='https:\/\/www.arquimaster.com.ar\/web\/wp-content\/uploads\/2022\/03\/colegio_aldapeta51.jpg' title=\"Colegio Aldapeta Mar\u00eda Ikastetxea en San Sebastian \/ IDOM (planta)\" data-rl_title=\"Colegio Aldapeta Mar\u00eda Ikastetxea en San Sebastian \/ IDOM (planta)\" class=\"rl-gallery-link\" data-rl_caption=\"Colegio Aldapeta Mar\u00eda Ikastetxea en San Sebastian \/ IDOM (planta)\" data-rel=\"lightbox-gallery-1\"><img loading=\"lazy\" decoding=\"async\" width=\"150\" height=\"150\" src=\"https:\/\/www.arquimaster.com.ar\/web\/wp-content\/uploads\/2022\/03\/colegio_aldapeta51-150x150.jpg\" class=\"attachment-thumbnail size-thumbnail\" alt=\"Colegio Aldapeta Mar\u00eda Ikastetxea en San Sebastian \/ IDOM\" aria-describedby=\"gallery-1-69289\" \/><\/a>\n\t\t\t<\/div>\n\t\t\t\t<figcaption class='wp-caption-text gallery-caption' id='gallery-1-69289'>\n\t\t\t\tColegio Aldapeta Mar\u00eda Ikastetxea en San Sebastian \/ IDOM (planta)\n\t\t\t\t<\/figcaption><\/figure><figure class='gallery-item'>\n\t\t\t<div class='gallery-icon landscape'>\n\t\t\t\t<a href='https:\/\/www.arquimaster.com.ar\/web\/wp-content\/uploads\/2022\/03\/colegio_aldapeta52.jpg' title=\"Colegio Aldapeta Mar\u00eda Ikastetxea en San Sebastian \/ IDOM (planta)\" data-rl_title=\"Colegio Aldapeta Mar\u00eda Ikastetxea en San Sebastian \/ IDOM (planta)\" class=\"rl-gallery-link\" data-rl_caption=\"Colegio Aldapeta Mar\u00eda Ikastetxea en San Sebastian \/ IDOM (planta)\" data-rel=\"lightbox-gallery-1\"><img loading=\"lazy\" decoding=\"async\" width=\"150\" height=\"150\" src=\"https:\/\/www.arquimaster.com.ar\/web\/wp-content\/uploads\/2022\/03\/colegio_aldapeta52-150x150.jpg\" class=\"attachment-thumbnail size-thumbnail\" alt=\"Colegio Aldapeta Mar\u00eda Ikastetxea en San Sebastian \/ IDOM\" aria-describedby=\"gallery-1-69290\" \/><\/a>\n\t\t\t<\/div>\n\t\t\t\t<figcaption class='wp-caption-text gallery-caption' id='gallery-1-69290'>\n\t\t\t\tColegio Aldapeta Mar\u00eda Ikastetxea en San Sebastian \/ IDOM (planta)\n\t\t\t\t<\/figcaption><\/figure><figure class='gallery-item'>\n\t\t\t<div class='gallery-icon landscape'>\n\t\t\t\t<a href='https:\/\/www.arquimaster.com.ar\/web\/wp-content\/uploads\/2022\/03\/colegio_aldapeta53.jpg' title=\"Colegio Aldapeta Mar\u00eda Ikastetxea en San Sebastian \/ IDOM (planta)\" data-rl_title=\"Colegio Aldapeta Mar\u00eda Ikastetxea en San Sebastian \/ IDOM (planta)\" class=\"rl-gallery-link\" data-rl_caption=\"Colegio Aldapeta Mar\u00eda Ikastetxea en San Sebastian \/ IDOM (planta)\" data-rel=\"lightbox-gallery-1\"><img loading=\"lazy\" decoding=\"async\" width=\"150\" height=\"150\" src=\"https:\/\/www.arquimaster.com.ar\/web\/wp-content\/uploads\/2022\/03\/colegio_aldapeta53-150x150.jpg\" class=\"attachment-thumbnail size-thumbnail\" alt=\"Colegio Aldapeta Mar\u00eda Ikastetxea en San Sebastian \/ IDOM\" aria-describedby=\"gallery-1-69291\" \/><\/a>\n\t\t\t<\/div>\n\t\t\t\t<figcaption class='wp-caption-text gallery-caption' id='gallery-1-69291'>\n\t\t\t\tColegio Aldapeta Mar\u00eda Ikastetxea en San Sebastian \/ IDOM (planta)\n\t\t\t\t<\/figcaption><\/figure><figure class='gallery-item'>\n\t\t\t<div class='gallery-icon landscape'>\n\t\t\t\t<a href='https:\/\/www.arquimaster.com.ar\/web\/wp-content\/uploads\/2022\/03\/colegio_aldapeta54.jpg' title=\"Colegio Aldapeta Mar\u00eda Ikastetxea en San Sebastian \/ IDOM (cortes)\" data-rl_title=\"Colegio Aldapeta Mar\u00eda Ikastetxea en San Sebastian \/ IDOM (cortes)\" class=\"rl-gallery-link\" data-rl_caption=\"Colegio Aldapeta Mar\u00eda Ikastetxea en San Sebastian \/ IDOM (cortes)\" data-rel=\"lightbox-gallery-1\"><img loading=\"lazy\" decoding=\"async\" width=\"150\" height=\"150\" src=\"https:\/\/www.arquimaster.com.ar\/web\/wp-content\/uploads\/2022\/03\/colegio_aldapeta54-150x150.jpg\" class=\"attachment-thumbnail size-thumbnail\" alt=\"Colegio Aldapeta Mar\u00eda Ikastetxea en San Sebastian \/ IDOM\" aria-describedby=\"gallery-1-69292\" \/><\/a>\n\t\t\t<\/div>\n\t\t\t\t<figcaption class='wp-caption-text gallery-caption' id='gallery-1-69292'>\n\t\t\t\tColegio Aldapeta Mar\u00eda Ikastetxea en San Sebastian \/ IDOM (cortes)\n\t\t\t\t<\/figcaption><\/figure><figure class='gallery-item'>\n\t\t\t<div class='gallery-icon landscape'>\n\t\t\t\t<a href='https:\/\/www.arquimaster.com.ar\/web\/wp-content\/uploads\/2022\/03\/colegio_aldapeta55.jpg' title=\"Colegio Aldapeta Mar\u00eda Ikastetxea en San Sebastian \/ IDOM (cortes)\" data-rl_title=\"Colegio Aldapeta Mar\u00eda Ikastetxea en San Sebastian \/ IDOM (cortes)\" class=\"rl-gallery-link\" data-rl_caption=\"Colegio Aldapeta Mar\u00eda Ikastetxea en San Sebastian \/ IDOM (cortes)\" data-rel=\"lightbox-gallery-1\"><img loading=\"lazy\" decoding=\"async\" width=\"150\" height=\"150\" src=\"https:\/\/www.arquimaster.com.ar\/web\/wp-content\/uploads\/2022\/03\/colegio_aldapeta55-150x150.jpg\" class=\"attachment-thumbnail size-thumbnail\" alt=\"Colegio Aldapeta Mar\u00eda Ikastetxea en San Sebastian \/ IDOM\" aria-describedby=\"gallery-1-69293\" \/><\/a>\n\t\t\t<\/div>\n\t\t\t\t<figcaption class='wp-caption-text gallery-caption' id='gallery-1-69293'>\n\t\t\t\tColegio Aldapeta Mar\u00eda Ikastetxea en San Sebastian \/ IDOM (cortes)\n\t\t\t\t<\/figcaption><\/figure><figure class='gallery-item'>\n\t\t\t<div class='gallery-icon landscape'>\n\t\t\t\t<a href='https:\/\/www.arquimaster.com.ar\/web\/wp-content\/uploads\/2022\/03\/colegio_aldapeta57.jpg' title=\"Colegio Aldapeta Mar\u00eda Ikastetxea en San Sebastian \/ IDOM (cortes)\" data-rl_title=\"Colegio Aldapeta Mar\u00eda Ikastetxea en San Sebastian \/ IDOM (cortes)\" class=\"rl-gallery-link\" data-rl_caption=\"Colegio Aldapeta Mar\u00eda Ikastetxea en San Sebastian \/ IDOM (cortes)\" data-rel=\"lightbox-gallery-1\"><img loading=\"lazy\" decoding=\"async\" width=\"150\" height=\"150\" src=\"https:\/\/www.arquimaster.com.ar\/web\/wp-content\/uploads\/2022\/03\/colegio_aldapeta57-150x150.jpg\" class=\"attachment-thumbnail size-thumbnail\" alt=\"Colegio Aldapeta Mar\u00eda Ikastetxea en San Sebastian \/ IDOM\" aria-describedby=\"gallery-1-69295\" \/><\/a>\n\t\t\t<\/div>\n\t\t\t\t<figcaption class='wp-caption-text gallery-caption' id='gallery-1-69295'>\n\t\t\t\tColegio Aldapeta Mar\u00eda Ikastetxea en San Sebastian \/ IDOM (cortes)\n\t\t\t\t<\/figcaption><\/figure><figure class='gallery-item'>\n\t\t\t<div class='gallery-icon landscape'>\n\t\t\t\t<a href='https:\/\/www.arquimaster.com.ar\/web\/wp-content\/uploads\/2022\/03\/colegio_aldapeta58.jpg' title=\"Colegio Aldapeta Mar\u00eda Ikastetxea en San Sebastian \/ IDOM (cortes)\" data-rl_title=\"Colegio Aldapeta Mar\u00eda Ikastetxea en San Sebastian \/ IDOM (cortes)\" class=\"rl-gallery-link\" data-rl_caption=\"Colegio Aldapeta Mar\u00eda Ikastetxea en San Sebastian \/ IDOM (cortes)\" data-rel=\"lightbox-gallery-1\"><img loading=\"lazy\" decoding=\"async\" width=\"150\" height=\"150\" src=\"https:\/\/www.arquimaster.com.ar\/web\/wp-content\/uploads\/2022\/03\/colegio_aldapeta58-150x150.jpg\" class=\"attachment-thumbnail size-thumbnail\" alt=\"Colegio Aldapeta Mar\u00eda Ikastetxea en San Sebastian \/ IDOM\" aria-describedby=\"gallery-1-69296\" \/><\/a>\n\t\t\t<\/div>\n\t\t\t\t<figcaption class='wp-caption-text gallery-caption' id='gallery-1-69296'>\n\t\t\t\tColegio Aldapeta Mar\u00eda Ikastetxea en San Sebastian \/ IDOM (cortes)\n\t\t\t\t<\/figcaption><\/figure><figure class='gallery-item'>\n\t\t\t<div class='gallery-icon landscape'>\n\t\t\t\t<a href='https:\/\/www.arquimaster.com.ar\/web\/wp-content\/uploads\/2022\/03\/colegio_aldapeta56.jpg' title=\"Colegio Aldapeta Mar\u00eda Ikastetxea en San Sebastian \/ IDOM (vistas)\" data-rl_title=\"Colegio Aldapeta Mar\u00eda Ikastetxea en San Sebastian \/ IDOM (vistas)\" class=\"rl-gallery-link\" data-rl_caption=\"Colegio Aldapeta Mar\u00eda Ikastetxea en San Sebastian \/ IDOM (vistas)\" data-rel=\"lightbox-gallery-1\"><img loading=\"lazy\" decoding=\"async\" width=\"150\" height=\"150\" src=\"https:\/\/www.arquimaster.com.ar\/web\/wp-content\/uploads\/2022\/03\/colegio_aldapeta56-150x150.jpg\" class=\"attachment-thumbnail size-thumbnail\" alt=\"Colegio Aldapeta Mar\u00eda Ikastetxea en San Sebastian \/ IDOM\" aria-describedby=\"gallery-1-69294\" \/><\/a>\n\t\t\t<\/div>\n\t\t\t\t<figcaption class='wp-caption-text gallery-caption' id='gallery-1-69294'>\n\t\t\t\tColegio Aldapeta Mar\u00eda Ikastetxea en San Sebastian \/ IDOM (vistas)\n\t\t\t\t<\/figcaption><\/figure><figure class='gallery-item'>\n\t\t\t<div class='gallery-icon landscape'>\n\t\t\t\t<a href='https:\/\/www.arquimaster.com.ar\/web\/wp-content\/uploads\/2022\/03\/colegio_aldapeta59.jpg' title=\"Colegio Aldapeta Mar\u00eda Ikastetxea en San Sebastian \/ IDOM (vistas)\" data-rl_title=\"Colegio Aldapeta Mar\u00eda Ikastetxea en San Sebastian \/ IDOM (vistas)\" class=\"rl-gallery-link\" data-rl_caption=\"Colegio Aldapeta Mar\u00eda Ikastetxea en San Sebastian \/ IDOM (vistas)\" data-rel=\"lightbox-gallery-1\"><img loading=\"lazy\" decoding=\"async\" width=\"150\" height=\"150\" src=\"https:\/\/www.arquimaster.com.ar\/web\/wp-content\/uploads\/2022\/03\/colegio_aldapeta59-150x150.jpg\" class=\"attachment-thumbnail size-thumbnail\" alt=\"Colegio Aldapeta Mar\u00eda Ikastetxea en San Sebastian \/ IDOM\" aria-describedby=\"gallery-1-69297\" \/><\/a>\n\t\t\t<\/div>\n\t\t\t\t<figcaption class='wp-caption-text gallery-caption' id='gallery-1-69297'>\n\t\t\t\tColegio Aldapeta Mar\u00eda Ikastetxea en San Sebastian \/ IDOM (vistas)\n\t\t\t\t<\/figcaption><\/figure><figure class='gallery-item'>\n\t\t\t<div class='gallery-icon landscape'>\n\t\t\t\t<a href='https:\/\/www.arquimaster.com.ar\/web\/wp-content\/uploads\/2022\/03\/colegio_aldapeta60.jpg' title=\"Colegio Aldapeta Mar\u00eda Ikastetxea en San Sebastian \/ IDOM (vista a\u00e9rea)\" data-rl_title=\"Colegio Aldapeta Mar\u00eda Ikastetxea en San Sebastian \/ IDOM (vista a\u00e9rea)\" class=\"rl-gallery-link\" data-rl_caption=\"Colegio Aldapeta Mar\u00eda Ikastetxea en San Sebastian \/ IDOM (vista a\u00e9rea)\" data-rel=\"lightbox-gallery-1\"><img loading=\"lazy\" decoding=\"async\" width=\"150\" height=\"150\" src=\"https:\/\/www.arquimaster.com.ar\/web\/wp-content\/uploads\/2022\/03\/colegio_aldapeta60-150x150.jpg\" class=\"attachment-thumbnail size-thumbnail\" alt=\"Colegio Aldapeta Mar\u00eda Ikastetxea en San Sebastian \/ IDOM\" aria-describedby=\"gallery-1-69298\" \/><\/a>\n\t\t\t<\/div>\n\t\t\t\t<figcaption class='wp-caption-text gallery-caption' id='gallery-1-69298'>\n\t\t\t\tColegio Aldapeta Mar\u00eda Ikastetxea en San Sebastian \/ IDOM (vista a\u00e9rea)\n\t\t\t\t<\/figcaption><\/figure><figure class='gallery-item'>\n\t\t\t<div class='gallery-icon landscape'>\n\t\t\t\t<a href='https:\/\/www.arquimaster.com.ar\/web\/wp-content\/uploads\/2022\/03\/colegio_aldapeta61.jpg' title=\"Colegio Aldapeta Mar\u00eda Ikastetxea en San Sebastian \/ IDOM (vista a\u00e9rea)\" data-rl_title=\"Colegio Aldapeta Mar\u00eda Ikastetxea en San Sebastian \/ IDOM (vista a\u00e9rea)\" class=\"rl-gallery-link\" data-rl_caption=\"Colegio Aldapeta Mar\u00eda Ikastetxea en San Sebastian \/ IDOM (vista a\u00e9rea)\" data-rel=\"lightbox-gallery-1\"><img loading=\"lazy\" decoding=\"async\" width=\"150\" height=\"150\" src=\"https:\/\/www.arquimaster.com.ar\/web\/wp-content\/uploads\/2022\/03\/colegio_aldapeta61-150x150.jpg\" class=\"attachment-thumbnail size-thumbnail\" alt=\"Colegio Aldapeta Mar\u00eda Ikastetxea en San Sebastian \/ IDOM\" aria-describedby=\"gallery-1-69299\" \/><\/a>\n\t\t\t<\/div>\n\t\t\t\t<figcaption class='wp-caption-text gallery-caption' id='gallery-1-69299'>\n\t\t\t\tColegio Aldapeta Mar\u00eda Ikastetxea en San Sebastian \/ IDOM (vista a\u00e9rea)\n\t\t\t\t<\/figcaption><\/figure>\n\t\t<\/div>\n\n<p>El Colegio de Marianistas en San Sebasti\u00e1n tiene como objetivo implantar un nuevo modelo pedag\u00f3gico basado en modernas metodolog\u00edas educativas, adem\u00e1s de la apuesta por tecnolog\u00edas de la informaci\u00f3n como herramientas de apoyo a la educaci\u00f3n. Por esta raz\u00f3n Compa\u00f1\u00eda de Mar\u00eda decide demoler el antiguo colegio en aras de construir un colegio de nueva planta, adaptado a las nuevas herramientas, que permita maximizar las nuevas pr\u00e1cticas educativas.<\/p>\n<p>A su vez, el nuevo edificio deb\u00eda apostar tambi\u00e9n por las nuevas tecnolog\u00edas constructivas por lo que se le ha dotado de las m\u00e1ximas prestaciones para conseguir un edificio eficiente en su consumo, utilizando la energ\u00eda geot\u00e9rmica del solar maximizando la eficiencia energ\u00e9tica en su funcionamiento.<\/p>\n<p>El programa exig\u00eda la compatibilidad del uso de los edificios originales durante la ejecuci\u00f3n del nuevo equipamiento escolar, por lo que la construcci\u00f3n del nuevo colegio estuvo condicionada a que parte del colegio original se mantuviese en funcionamiento hasta que su alumnado pudiera ser trasladado a las nuevas dependencias. Por ello la volumetr\u00eda final del conjunto de la edificaci\u00f3n se ha visto condicionada por construcci\u00f3n en dos fases diferenciadas: aulario y espacios auxiliares.<\/p>\n<p>El proyecto responde a una l\u00f3gica del lugar desde la gran escala y desde la escala m\u00e1s pr\u00f3xima. En un solar de 9.972 m2 reconstruye la topograf\u00eda original del terreno utilizando el hormig\u00f3n entablillado como materia que reproduce la roca original del emplazamiento a modo de z\u00f3calo sobre el que flota un volumen de lamas m\u00e1s tecnol\u00f3gico.<\/p>\n<p>La propuesta hace uso de la luz natural como una herramienta que esculpe los espacios y utiliza la transparencia como garante de la continuidad espacial tanto interior como interior-exterior.<\/p>\n<p>La actividad casi fren\u00e9tica en los patios da paso a espacios de silencio, contemplaci\u00f3n y miradas cruzadas hacia el paisaje. La orientaci\u00f3n, en combinaci\u00f3n con el cerramiento de lamas de aluminio perforado del nuevo edificio, permite la presencia permanente del vac\u00edo de la playa de la Concha de San Sebasti\u00e1n.<\/p>\n<p>La parcela se sit\u00faa junto a la cuesta de Aldapeta y en continuidad con la calle Estella Lizarra y presenta una pendiente muy pronunciada, de entre el 6% y el 10%, que obliga al edificio a implantarse en varias plataformas y a distintos niveles de acceso.<\/p>\n<p>El edificio ocupa una posici\u00f3n dominante sobre la cuesta de Aldapeta y sobre la playa de la Concha, elev\u00e1ndose en ocho plantas. Procura la articulaci\u00f3n de los espacios propios del equipamiento educativo con el entorno urbano donde se sit\u00faa, enfatizando el car\u00e1cter p\u00fablico del edificio y generando en las plantas inferiores comunicaciones a diferentes plataformas y niveles que resuelven los accesos desde las diferentes rasantes del entorno.<\/p>\n<p>Este apilamiento de plataformas configura en el edificio un z\u00f3calo de hormig\u00f3n desde la planta s\u00f3tano, que sirve de acceso al aparcamiento y espacios de servicio, hasta la planta primera, cuya cubierta sirve de patio del colegio donde se ubican las pistas deportivas exteriores. Los usos en el z\u00f3calo se distribuyen mediante un espacio abierto central como patio de circulaci\u00f3n entre los diferentes usos y estancias.<\/p>\n<p>El z\u00f3calo de hormig\u00f3n reproduce conceptualmente la roca sobre la que se situ\u00f3 el edificio hist\u00f3rico que fue el primer colegio de la Congregaci\u00f3n en Espa\u00f1a.<\/p>\n<p>El acceso principal al colegio se realiza desde la cuesta de Aldapeta al norte del edificio, a trav\u00e9s del z\u00f3calo en planta baja, llegando al patio central. Desde este mismo vial se resuelve el acceso directo tanto a planta primera, a trav\u00e9s de la plaza de la iglesia, como hasta el patio superior de pistas deportivas, en planta segunda, a trav\u00e9s de dicha plaza y el grader\u00edo-escalera.<\/p>\n<p>El programa de necesidades del colegio incluye primaria, educaci\u00f3n secundaria obligatoria y bachillerato y exig\u00eda una separaci\u00f3n f\u00edsica y conceptual entre las aulas de primaria y las aulas de secundaria y bachillerato. Los espacios de primaria se desarrollan en dos plantas en torno al patio central del z\u00f3calo, cerrado en su lado norte por el acceso principal al colegio y el espacio de sal\u00f3n de actos e iglesia.<\/p>\n<p>Secundaria y bachillerato se organizan en 4 plantas alzadas por encima del z\u00f3calo, de manera que quedan separadas las circulaciones entre ciclos con el patio exterior de juegos en planta segunda.<\/p>\n<p>El patio de acceso se sit\u00faa en planta baja, en una posici\u00f3n central, y act\u00faa como colector con el polideportivo y como pieza articuladora del espacio que permite entender el funcionamiento del edificio en su conjunto. Este espacio se comporta como un claustro en el que espacios de circulaci\u00f3n se desarrollan en torno a \u00e9l, provocando la relaci\u00f3n interior-exterior.<\/p>\n<p>Por encima del z\u00f3calo, sobre la planta primera, se sit\u00faa el patio de juegos y emergen 4 vol\u00famenes correspondientes al aulario, el ambig\u00fa, la biblioteca y la iglesia.<\/p>\n<p>El patio de juego act\u00faa como elemento articulador en altura y como lugar de encuentro entre los espacios destinados a primaria y los espacios destinados a secundaria y bachillerato. En esta planta se sit\u00faan usos comunes como el comedor, que act\u00faa puntualmente como espacio multifuncional, la zona social, espacios para el profesorado o la biblioteca principal del colegio.<\/p>\n<p>El aulario de secundaria y bachillerato corresponde a un volumen en altura con dos n\u00facleos de comunicaci\u00f3n, situados cerca de los extremos, que permiten el acceso a una circulaci\u00f3n central y a aulas en ambos lados.<\/p>\n<p>El ambig\u00fa es un espacio cafeter\u00eda independiente del comedor. El volumen es de planta curva y acristalada con cubierta inclinada. La biblioteca adquiere entidad volum\u00e9trica independiente, pero es una prolongaci\u00f3n de la planta segunda hacia el exterior.<\/p>\n<p>La Iglesia, de volumetr\u00eda trapezoidal y desarrollada en un espacio de doble altura, emerge del z\u00f3calo de hormig\u00f3n junto al acceso principal, dominando la escena urbana junto con el volumen del aulario de secundaria y bachillerato que vuela 7 metros sobre el acceso para acoger y proteger la carga y descarga de autobuses.<\/p>\n<p>Finalmente, el edificio aulario de secundaria y bachillerato corona con la cubierta, que contiene un espacio multifuncional y los espacios destinados a la Comunidad Marianista, raz\u00f3n de ser de la comunidad educativa.<\/p>\n\n\n<div style=\"height:20px\" aria-hidden=\"true\" class=\"wp-block-spacer\"><\/div>\n\n\n\n<p class=\"has-background\" style=\"background-color:#eaeaea\"><strong>Ficha t\u00e9cnica<\/strong><br>Nombre: Colegio Aldapeta Mar\u00eda Ikastetxea en San Sebastian<br>Ubicaci\u00f3n: Calle Aldapeta 17, San Sebasti\u00e1n, Guipuzcoa, Pais Vasco, Espa\u00f1a<br>Director de Proyecto: Antonio Lor\u00e9n<br>Arquitecto responsable: Antonio Lor\u00e9n, Olatz Maestre<br>Arquitectos colaboradores: Hugo Valle<br>Gesti\u00f3n del Proyecto: Jos\u00e9 Francisco Mu\u00f1oz<br>Costes: Luis Mingarro<br>Estructuras: Fernando L\u00f3pez, Cristina Salavera<br>Climatizaci\u00f3n: Jorge Guill\u00e9n<br>Iluminaci\u00f3n: Fernando Catal\u00e1n<br>Agua: Jorge Guill\u00e9n<br>Electricidad: Fernando Catal\u00e1n<br>Protecci\u00f3n contra incendios: Jes\u00fas Sau<br>Telecomunicaciones: Diana L\u00f3pez<br>CAD: Ana Mel\u00fas<br>Direcci\u00f3n de Obra: Antonio Lor\u00e9n, Olatz Maestre<br>Direcci\u00f3n de Ejecuci\u00f3n de Obra: Luis Mingarro<br>Constructor: Amenabar\/Moyua<br>Superficie aproximada: 17,932.50 m2<br>PEM: 18,000,000 \u20ac<br>Fecha de proyecto: 24 meses 07-2015 al 07-2017<br>Fecha de obra: 47 meses 12-2016 al 10\/2019<br>Fotograf\u00edas: I\u00f1aki Bergera<br><br><strong>Contacto<\/strong><br><a href=\"https:\/\/www.idom.com\" target=\"_blank\" rel=\"noreferrer noopener\">https:\/\/www.idom.com<\/a><\/p>\n\n\n\n<div style=\"height:40px\" aria-hidden=\"true\" class=\"wp-block-spacer\"><\/div>\n\n\n<p><strong><em>English version<\/em><\/strong><\/p>\n<p><strong><em>Aldapeta Mar\u00eda Ikastetxea School in San Sebastian<\/em><\/strong><\/p>\n<p><em>The Aldapeta Mar\u00eda Ikastetxea School, located on Aldapeta Galtzada Street in the City of San Sebastian, is situated on a privately owned plot of land on a headland called Alto de Aiete, from which there are views over La Concha Bay.<\/em><\/p>\n<p><em>The project contemplates the execution of a new 18,000 m2 school, which involves the complete substitution of the original school, which dates from the end of the 19th century. The direction in which education is heading requires new appropriate spaces to educate according to new pedagogical methods. The Colegio de Marianistas in San Sebasti\u00e1n aims to implement a new pedagogical model based on modern educational methodologies, in addition to a commitment to information technologies as tools to support education. For this reason, Compa\u00f1\u00eda de Mar\u00eda decided to demolish the old school in order to build a new school, adapted to the new tools, which allows maximizing the new educational practices.<\/em><\/p>\n<p><em>At the same time, the new building has invested in new construction technologies, with ultimate features to achieve an efficient building in its consumption, using geothermal energy from the solar maximizing energy efficiency in its operation.<\/em><\/p>\n<p><em>The program required the compatibility of the use of the original buildings during the execution of the new school facility. So the construction of the new school was conditioned, in part, by the need to maintain the original school operational until its students could be transferred to the new premises. For this reason, the final volume of the building as a whole was constructed in two different phases: classrooms and auxiliary spaces.<\/em><\/p>\n<p><em>The project responds to a logic of the place from the large scale and from the closest scale. On a 9,972 m2 plot, the original topography of the land was reconstructed, using slatted concrete as a material that reproduces the original rock of the site as a plinth on which a more technological volume of slats floats.<\/em><\/p>\n<p><em>The proposal makes use of natural light as a tool that sculpts spaces and uses transparency as a guarantor of both interior and interior-exterior spatial continuity.<\/em><\/p>\n<p><em>The almost frenetic activity in the playgrounds gives way to spaces of silence, contemplation and gazes crossed towards the landscape. The orientation, in combination with the perforated aluminium slat cladding of the new building, allows the permanent presence of the La Concha beach in San Sebasti\u00e1n.<\/em><\/p>\n<p><em>The plot is located next to the Aldapeta slope and in continuity with Estella Lizarra street and has a very steep slope, between 6% and 10%, which forces the building to be installed on several platforms and at different access levels. The building occupies a dominant position on the Aldapeta slope and La Concha beach, rising eight floors. It seeks to articulate the spaces of the educational facility with the urban environment where it is located, emphasizing the public nature of the building and generating communications on the lower floors at different platforms and levels that resolve access from the different levels of the environment.<\/em><\/p>\n<p><em>This stacking of platforms configures a concrete plinth in the building from the basement, which serves as access to the car park and service spaces, to the first floor, whose roof serves as a school playground where the outdoor sports courts are located. The uses of the plinth are distributed through a central open space as a circulation patio between the different uses and rooms.<\/em><\/p>\n<p><em>The concrete plinth conceptually reproduces the rock on which the original historic building was located, the first school of the Congregation in Spain.<\/em><\/p>\n<p><em>The main access to the school is from the Aldapeta slope to the north of the building, through the plinth on the ground floor, reaching the central patio. From this same road, there is direct access both to the first floor, through the church square, and to the upper patio of sports courts, on the second floor, through said square and the grandstand-staircase.<\/em><\/p>\n<p><em>The needs program of the school includes primary, compulsory secondary education and baccalaureate and required a physical and conceptual separation between primary classrooms and secondary and baccalaureate classrooms. The primary spaces are developed on two floors around the central patio of the z\u00f3calo, closed on its north side by the main access to the school and the assembly hall and church space. Secondary and high school are organized on 4 floors raised above the plinth, so that the circulations between cycles are separated with the outdoor playground on the second floor.<\/em><\/p>\n<p><em>The access patio is located on the ground floor, in a central position, and acts as an intake collector with the sports centre and as an distribution piece of the space that allows the operation of the building as a whole to be understood. This space behaves like a cloister in which circulation spaces develop around it, causing the interior-exterior relationship.<\/em><\/p>\n<p><em>Above the plinth, on the first floor, is the playground and 4 volumes emerge corresponding to the classrooms, the ambig\u00fa (foyer), the library and the church.<\/em><\/p>\n<p><em>The playground acts as a distributing element in height and as a meeting place between the spaces for primary and those for secondary and high school. On this floor there are common uses such as the dining room, which occasionally acts as a multifunctional space, the social area, spaces for teachers or the school&#8217;s main library.<\/em><\/p>\n<p><em>The secondary and high school classrooms correspond to a volume in height with two communication cores, located near the ends, which allow access to a central circulation and classrooms on both sides.<\/em><\/p>\n<p><em>The ambigu is a cafeteria space independent from the dining room. The volume is curved and glazed with a sloping roof.<\/em><\/p>\n<p><em>The library acquires an independent volumetric entity, but it is an extension of the second floor towards the outside.<\/em><\/p>\n<p><em>The Church, with a trapezoidal volumetry and developed in a double-height space, emerges from the concrete plinth next to the main access, dominating the urban scene together with the volume of the secondary and high school classrooms that hangs 7 meters above the access to welcome and protect loading and unloading of buses.<\/em><\/p>\n<p><em>Finally, the secondary and high school classroom building crowns with the roof, which contains a multifunctional space and spaces for the Marianist Community, the educational community&#8217;s raison d&#8217;\u00eatre.<\/em><\/p>\n<div style=\"font-size: 0px; height: 0px; line-height: 0px; margin: 0; padding: 0; clear: both;\"><\/div><div style=\"margin-top: 0px; margin-bottom: 0px;\" class=\"sharethis-inline-share-buttons\" ><\/div>","protected":false},"excerpt":{"rendered":"<p>El edificio apuesta por las nuevas tecnolog\u00edas constructivas y la eficiencia energ\u00e9tica&#8230;<\/p>\n","protected":false},"author":1,"featured_media":69238,"comment_status":"closed","ping_status":"closed","sticky":false,"template":"","format":"standard","meta":{"_uag_custom_page_level_css":"","footnotes":""},"categories":[1465,1],"tags":[3309,7032,1472,129,606,1504,1467,1555,2378,1468,1440],"class_list":["post-69237","post","type-post","status-publish","format-standard","has-post-thumbnail","hentry","category-edificios-para-la-educacion","category-proyecto","tag-arquitectura-para-la-educacion","tag-colegios","tag-edificio-educativo","tag-eficiencia-energetica","tag-energia-geotermica","tag-escuela","tag-idom","tag-iluminacion-natural","tag-luz-natural","tag-pais-vasco","tag-san-sebastian","generate-columns","tablet-grid-50","mobile-grid-100","grid-parent","grid-50"],"yoast_head":"<!-- This site is optimized with the Yoast SEO plugin v27.3 - https:\/\/yoast.com\/product\/yoast-seo-wordpress\/ -->\n<title>Colegio Aldapeta Mar\u00eda Ikastetxea en San Sebastian \/ IDOM - Arquimaster<\/title>\n<meta name=\"description\" content=\"El edificio apuesta por las nuevas tecnolog\u00edas constructivas para conseguir un edificio eficiente en su consumo, utilizando la energ\u00eda geot\u00e9rmica del solar.\" \/>\n<meta name=\"robots\" content=\"index, follow, max-snippet:-1, max-image-preview:large, max-video-preview:-1\" \/>\n<link rel=\"canonical\" href=\"https:\/\/www.arquimaster.com.ar\/web\/colegio-aldapeta-maria-ikastetxea-en-san-sebastian-idom\/\" \/>\n<meta property=\"og:locale\" content=\"es_ES\" \/>\n<meta property=\"og:type\" content=\"article\" \/>\n<meta property=\"og:title\" content=\"Colegio Aldapeta Mar\u00eda Ikastetxea en San Sebastian \/ IDOM\" \/>\n<meta property=\"og:description\" content=\"El edificio apuesta por las nuevas tecnolog\u00edas constructivas para conseguir un edificio eficiente en su consumo, utilizando la energ\u00eda geot\u00e9rmica del solar.\" \/>\n<meta property=\"og:url\" content=\"https:\/\/www.arquimaster.com.ar\/web\/colegio-aldapeta-maria-ikastetxea-en-san-sebastian-idom\/\" \/>\n<meta property=\"og:site_name\" content=\"Arquimaster\" \/>\n<meta property=\"article:publisher\" content=\"http:\/\/www.facebook.com\/ARQUIMASTER.com.ar\" \/>\n<meta property=\"article:published_time\" content=\"2022-03-17T20:48:48+00:00\" \/>\n<meta property=\"article:modified_time\" content=\"2022-08-24T20:19:33+00:00\" \/>\n<meta property=\"og:image\" content=\"https:\/\/www.arquimaster.com.ar\/web\/wp-content\/uploads\/2022\/03\/colegio_aldapeta_slide.jpg\" \/>\n\t<meta property=\"og:image:width\" content=\"698\" \/>\n\t<meta property=\"og:image:height\" content=\"364\" \/>\n\t<meta property=\"og:image:type\" content=\"image\/jpeg\" \/>\n<meta name=\"author\" content=\"Arquimaster\" \/>\n<meta name=\"twitter:card\" content=\"summary_large_image\" \/>\n<meta name=\"twitter:title\" content=\"Colegio Aldapeta Mar\u00eda Ikastetxea en San Sebastian \/ IDOM\" \/>\n<meta name=\"twitter:description\" content=\"El edificio apuesta por las nuevas tecnolog\u00edas constructivas para conseguir un edificio eficiente en su consumo, utilizando la energ\u00eda geot\u00e9rmica del solar.\" \/>\n<meta name=\"twitter:image\" content=\"https:\/\/www.arquimaster.com.ar\/web\/wp-content\/uploads\/2022\/03\/colegio_aldapeta_slide.jpg\" \/>\n<meta name=\"twitter:creator\" content=\"@arquimaster\" \/>\n<meta name=\"twitter:site\" content=\"@arquimaster\" \/>\n<meta name=\"twitter:label1\" content=\"Escrito por\" \/>\n\t<meta name=\"twitter:data1\" content=\"Arquimaster\" \/>\n\t<meta name=\"twitter:label2\" content=\"Tiempo de lectura\" \/>\n\t<meta name=\"twitter:data2\" content=\"11 minutos\" \/>\n<script type=\"application\/ld+json\" class=\"yoast-schema-graph\">{\"@context\":\"https:\\\/\\\/schema.org\",\"@graph\":[{\"@type\":\"Article\",\"@id\":\"https:\\\/\\\/www.arquimaster.com.ar\\\/web\\\/colegio-aldapeta-maria-ikastetxea-en-san-sebastian-idom\\\/#article\",\"isPartOf\":{\"@id\":\"https:\\\/\\\/www.arquimaster.com.ar\\\/web\\\/colegio-aldapeta-maria-ikastetxea-en-san-sebastian-idom\\\/\"},\"author\":{\"name\":\"Arquimaster\",\"@id\":\"https:\\\/\\\/www.arquimaster.com.ar\\\/web\\\/#\\\/schema\\\/person\\\/359e9f7c00193fcde068e0dd2ceb0028\"},\"headline\":\"Colegio Aldapeta Mar\u00eda Ikastetxea en San Sebastian \\\/ IDOM\",\"datePublished\":\"2022-03-17T20:48:48+00:00\",\"dateModified\":\"2022-08-24T20:19:33+00:00\",\"mainEntityOfPage\":{\"@id\":\"https:\\\/\\\/www.arquimaster.com.ar\\\/web\\\/colegio-aldapeta-maria-ikastetxea-en-san-sebastian-idom\\\/\"},\"wordCount\":2370,\"publisher\":{\"@id\":\"https:\\\/\\\/www.arquimaster.com.ar\\\/web\\\/#organization\"},\"image\":{\"@id\":\"https:\\\/\\\/www.arquimaster.com.ar\\\/web\\\/colegio-aldapeta-maria-ikastetxea-en-san-sebastian-idom\\\/#primaryimage\"},\"thumbnailUrl\":\"https:\\\/\\\/www.arquimaster.com.ar\\\/web\\\/wp-content\\\/uploads\\\/2022\\\/03\\\/colegio_aldapeta_slide.jpg\",\"keywords\":[\"arquitectura para la educacion\",\"colegios\",\"edificio educativo\",\"eficiencia energ\u00e9tica\",\"energ\u00eda geot\u00e9rmica\",\"escuela\",\"IDOM\",\"iluminacion natural\",\"luz natural\",\"Pais Vasco\",\"San Sebasti\u00e1n\"],\"articleSection\":[\"Edificios para la educacion\",\"Proyecto\"],\"inLanguage\":\"es\"},{\"@type\":\"WebPage\",\"@id\":\"https:\\\/\\\/www.arquimaster.com.ar\\\/web\\\/colegio-aldapeta-maria-ikastetxea-en-san-sebastian-idom\\\/\",\"url\":\"https:\\\/\\\/www.arquimaster.com.ar\\\/web\\\/colegio-aldapeta-maria-ikastetxea-en-san-sebastian-idom\\\/\",\"name\":\"Colegio Aldapeta Mar\u00eda Ikastetxea en San Sebastian \\\/ IDOM - Arquimaster\",\"isPartOf\":{\"@id\":\"https:\\\/\\\/www.arquimaster.com.ar\\\/web\\\/#website\"},\"primaryImageOfPage\":{\"@id\":\"https:\\\/\\\/www.arquimaster.com.ar\\\/web\\\/colegio-aldapeta-maria-ikastetxea-en-san-sebastian-idom\\\/#primaryimage\"},\"image\":{\"@id\":\"https:\\\/\\\/www.arquimaster.com.ar\\\/web\\\/colegio-aldapeta-maria-ikastetxea-en-san-sebastian-idom\\\/#primaryimage\"},\"thumbnailUrl\":\"https:\\\/\\\/www.arquimaster.com.ar\\\/web\\\/wp-content\\\/uploads\\\/2022\\\/03\\\/colegio_aldapeta_slide.jpg\",\"datePublished\":\"2022-03-17T20:48:48+00:00\",\"dateModified\":\"2022-08-24T20:19:33+00:00\",\"description\":\"El edificio apuesta por las nuevas tecnolog\u00edas constructivas para conseguir un edificio eficiente en su consumo, utilizando la energ\u00eda geot\u00e9rmica del solar.\",\"breadcrumb\":{\"@id\":\"https:\\\/\\\/www.arquimaster.com.ar\\\/web\\\/colegio-aldapeta-maria-ikastetxea-en-san-sebastian-idom\\\/#breadcrumb\"},\"inLanguage\":\"es\",\"potentialAction\":[{\"@type\":\"ReadAction\",\"target\":[\"https:\\\/\\\/www.arquimaster.com.ar\\\/web\\\/colegio-aldapeta-maria-ikastetxea-en-san-sebastian-idom\\\/\"]}]},{\"@type\":\"ImageObject\",\"inLanguage\":\"es\",\"@id\":\"https:\\\/\\\/www.arquimaster.com.ar\\\/web\\\/colegio-aldapeta-maria-ikastetxea-en-san-sebastian-idom\\\/#primaryimage\",\"url\":\"https:\\\/\\\/www.arquimaster.com.ar\\\/web\\\/wp-content\\\/uploads\\\/2022\\\/03\\\/colegio_aldapeta_slide.jpg\",\"contentUrl\":\"https:\\\/\\\/www.arquimaster.com.ar\\\/web\\\/wp-content\\\/uploads\\\/2022\\\/03\\\/colegio_aldapeta_slide.jpg\",\"width\":698,\"height\":364,\"caption\":\"Colegio Aldapeta Mar\u00eda Ikastetxea en San Sebastian \\\/ IDOM\"},{\"@type\":\"BreadcrumbList\",\"@id\":\"https:\\\/\\\/www.arquimaster.com.ar\\\/web\\\/colegio-aldapeta-maria-ikastetxea-en-san-sebastian-idom\\\/#breadcrumb\",\"itemListElement\":[{\"@type\":\"ListItem\",\"position\":1,\"name\":\"Portada\",\"item\":\"https:\\\/\\\/www.arquimaster.com.ar\\\/web\\\/\"},{\"@type\":\"ListItem\",\"position\":2,\"name\":\"Colegio Aldapeta Mar\u00eda Ikastetxea en San Sebastian \\\/ IDOM\"}]},{\"@type\":\"WebSite\",\"@id\":\"https:\\\/\\\/www.arquimaster.com.ar\\\/web\\\/#website\",\"url\":\"https:\\\/\\\/www.arquimaster.com.ar\\\/web\\\/\",\"name\":\"Arquimaster\",\"description\":\"Web de arquitectura, dise\u00f1o y construccion\",\"publisher\":{\"@id\":\"https:\\\/\\\/www.arquimaster.com.ar\\\/web\\\/#organization\"},\"potentialAction\":[{\"@type\":\"SearchAction\",\"target\":{\"@type\":\"EntryPoint\",\"urlTemplate\":\"https:\\\/\\\/www.arquimaster.com.ar\\\/web\\\/?s={search_term_string}\"},\"query-input\":{\"@type\":\"PropertyValueSpecification\",\"valueRequired\":true,\"valueName\":\"search_term_string\"}}],\"inLanguage\":\"es\"},{\"@type\":\"Organization\",\"@id\":\"https:\\\/\\\/www.arquimaster.com.ar\\\/web\\\/#organization\",\"name\":\"Arquimaster\",\"url\":\"https:\\\/\\\/www.arquimaster.com.ar\\\/web\\\/\",\"logo\":{\"@type\":\"ImageObject\",\"inLanguage\":\"es\",\"@id\":\"https:\\\/\\\/www.arquimaster.com.ar\\\/web\\\/#\\\/schema\\\/logo\\\/image\\\/\",\"url\":\"https:\\\/\\\/www.arquimaster.com.ar\\\/web\\\/wp-content\\\/uploads\\\/2022\\\/06\\\/arquimaster.png\",\"contentUrl\":\"https:\\\/\\\/www.arquimaster.com.ar\\\/web\\\/wp-content\\\/uploads\\\/2022\\\/06\\\/arquimaster.png\",\"width\":594,\"height\":78,\"caption\":\"Arquimaster\"},\"image\":{\"@id\":\"https:\\\/\\\/www.arquimaster.com.ar\\\/web\\\/#\\\/schema\\\/logo\\\/image\\\/\"},\"sameAs\":[\"http:\\\/\\\/www.facebook.com\\\/ARQUIMASTER.com.ar\",\"https:\\\/\\\/x.com\\\/arquimaster\",\"https:\\\/\\\/www.instagram.com\\\/arquimasterblog\\\/\",\"https:\\\/\\\/www.linkedin.com\\\/company\\\/arquimaster\",\"https:\\\/\\\/www.pinterest.com\\\/arquimaster\",\"https:\\\/\\\/t.me\\\/arquimaster\"]},{\"@type\":\"Person\",\"@id\":\"https:\\\/\\\/www.arquimaster.com.ar\\\/web\\\/#\\\/schema\\\/person\\\/359e9f7c00193fcde068e0dd2ceb0028\",\"name\":\"Arquimaster\"}]}<\/script>\n<!-- \/ Yoast SEO plugin. -->","yoast_head_json":{"title":"Colegio Aldapeta Mar\u00eda Ikastetxea en San Sebastian \/ IDOM - Arquimaster","description":"El edificio apuesta por las nuevas tecnolog\u00edas constructivas para conseguir un edificio eficiente en su consumo, utilizando la energ\u00eda geot\u00e9rmica del solar.","robots":{"index":"index","follow":"follow","max-snippet":"max-snippet:-1","max-image-preview":"max-image-preview:large","max-video-preview":"max-video-preview:-1"},"canonical":"https:\/\/www.arquimaster.com.ar\/web\/colegio-aldapeta-maria-ikastetxea-en-san-sebastian-idom\/","og_locale":"es_ES","og_type":"article","og_title":"Colegio Aldapeta Mar\u00eda Ikastetxea en San Sebastian \/ IDOM","og_description":"El edificio apuesta por las nuevas tecnolog\u00edas constructivas para conseguir un edificio eficiente en su consumo, utilizando la energ\u00eda geot\u00e9rmica del solar.","og_url":"https:\/\/www.arquimaster.com.ar\/web\/colegio-aldapeta-maria-ikastetxea-en-san-sebastian-idom\/","og_site_name":"Arquimaster","article_publisher":"http:\/\/www.facebook.com\/ARQUIMASTER.com.ar","article_published_time":"2022-03-17T20:48:48+00:00","article_modified_time":"2022-08-24T20:19:33+00:00","og_image":[{"width":698,"height":364,"url":"https:\/\/www.arquimaster.com.ar\/web\/wp-content\/uploads\/2022\/03\/colegio_aldapeta_slide.jpg","type":"image\/jpeg"}],"author":"Arquimaster","twitter_card":"summary_large_image","twitter_title":"Colegio Aldapeta Mar\u00eda Ikastetxea en San Sebastian \/ IDOM","twitter_description":"El edificio apuesta por las nuevas tecnolog\u00edas constructivas para conseguir un edificio eficiente en su consumo, utilizando la energ\u00eda geot\u00e9rmica del solar.","twitter_image":"https:\/\/www.arquimaster.com.ar\/web\/wp-content\/uploads\/2022\/03\/colegio_aldapeta_slide.jpg","twitter_creator":"@arquimaster","twitter_site":"@arquimaster","twitter_misc":{"Escrito por":"Arquimaster","Tiempo de lectura":"11 minutos"},"schema":{"@context":"https:\/\/schema.org","@graph":[{"@type":"Article","@id":"https:\/\/www.arquimaster.com.ar\/web\/colegio-aldapeta-maria-ikastetxea-en-san-sebastian-idom\/#article","isPartOf":{"@id":"https:\/\/www.arquimaster.com.ar\/web\/colegio-aldapeta-maria-ikastetxea-en-san-sebastian-idom\/"},"author":{"name":"Arquimaster","@id":"https:\/\/www.arquimaster.com.ar\/web\/#\/schema\/person\/359e9f7c00193fcde068e0dd2ceb0028"},"headline":"Colegio Aldapeta Mar\u00eda Ikastetxea en San Sebastian \/ IDOM","datePublished":"2022-03-17T20:48:48+00:00","dateModified":"2022-08-24T20:19:33+00:00","mainEntityOfPage":{"@id":"https:\/\/www.arquimaster.com.ar\/web\/colegio-aldapeta-maria-ikastetxea-en-san-sebastian-idom\/"},"wordCount":2370,"publisher":{"@id":"https:\/\/www.arquimaster.com.ar\/web\/#organization"},"image":{"@id":"https:\/\/www.arquimaster.com.ar\/web\/colegio-aldapeta-maria-ikastetxea-en-san-sebastian-idom\/#primaryimage"},"thumbnailUrl":"https:\/\/www.arquimaster.com.ar\/web\/wp-content\/uploads\/2022\/03\/colegio_aldapeta_slide.jpg","keywords":["arquitectura para la educacion","colegios","edificio educativo","eficiencia energ\u00e9tica","energ\u00eda geot\u00e9rmica","escuela","IDOM","iluminacion natural","luz natural","Pais Vasco","San Sebasti\u00e1n"],"articleSection":["Edificios para la educacion","Proyecto"],"inLanguage":"es"},{"@type":"WebPage","@id":"https:\/\/www.arquimaster.com.ar\/web\/colegio-aldapeta-maria-ikastetxea-en-san-sebastian-idom\/","url":"https:\/\/www.arquimaster.com.ar\/web\/colegio-aldapeta-maria-ikastetxea-en-san-sebastian-idom\/","name":"Colegio Aldapeta Mar\u00eda Ikastetxea en San Sebastian \/ IDOM - Arquimaster","isPartOf":{"@id":"https:\/\/www.arquimaster.com.ar\/web\/#website"},"primaryImageOfPage":{"@id":"https:\/\/www.arquimaster.com.ar\/web\/colegio-aldapeta-maria-ikastetxea-en-san-sebastian-idom\/#primaryimage"},"image":{"@id":"https:\/\/www.arquimaster.com.ar\/web\/colegio-aldapeta-maria-ikastetxea-en-san-sebastian-idom\/#primaryimage"},"thumbnailUrl":"https:\/\/www.arquimaster.com.ar\/web\/wp-content\/uploads\/2022\/03\/colegio_aldapeta_slide.jpg","datePublished":"2022-03-17T20:48:48+00:00","dateModified":"2022-08-24T20:19:33+00:00","description":"El edificio apuesta por las nuevas tecnolog\u00edas constructivas para conseguir un edificio eficiente en su consumo, utilizando la energ\u00eda geot\u00e9rmica del solar.","breadcrumb":{"@id":"https:\/\/www.arquimaster.com.ar\/web\/colegio-aldapeta-maria-ikastetxea-en-san-sebastian-idom\/#breadcrumb"},"inLanguage":"es","potentialAction":[{"@type":"ReadAction","target":["https:\/\/www.arquimaster.com.ar\/web\/colegio-aldapeta-maria-ikastetxea-en-san-sebastian-idom\/"]}]},{"@type":"ImageObject","inLanguage":"es","@id":"https:\/\/www.arquimaster.com.ar\/web\/colegio-aldapeta-maria-ikastetxea-en-san-sebastian-idom\/#primaryimage","url":"https:\/\/www.arquimaster.com.ar\/web\/wp-content\/uploads\/2022\/03\/colegio_aldapeta_slide.jpg","contentUrl":"https:\/\/www.arquimaster.com.ar\/web\/wp-content\/uploads\/2022\/03\/colegio_aldapeta_slide.jpg","width":698,"height":364,"caption":"Colegio Aldapeta Mar\u00eda Ikastetxea en San Sebastian \/ IDOM"},{"@type":"BreadcrumbList","@id":"https:\/\/www.arquimaster.com.ar\/web\/colegio-aldapeta-maria-ikastetxea-en-san-sebastian-idom\/#breadcrumb","itemListElement":[{"@type":"ListItem","position":1,"name":"Portada","item":"https:\/\/www.arquimaster.com.ar\/web\/"},{"@type":"ListItem","position":2,"name":"Colegio Aldapeta Mar\u00eda Ikastetxea en San Sebastian \/ IDOM"}]},{"@type":"WebSite","@id":"https:\/\/www.arquimaster.com.ar\/web\/#website","url":"https:\/\/www.arquimaster.com.ar\/web\/","name":"Arquimaster","description":"Web de arquitectura, dise\u00f1o y construccion","publisher":{"@id":"https:\/\/www.arquimaster.com.ar\/web\/#organization"},"potentialAction":[{"@type":"SearchAction","target":{"@type":"EntryPoint","urlTemplate":"https:\/\/www.arquimaster.com.ar\/web\/?s={search_term_string}"},"query-input":{"@type":"PropertyValueSpecification","valueRequired":true,"valueName":"search_term_string"}}],"inLanguage":"es"},{"@type":"Organization","@id":"https:\/\/www.arquimaster.com.ar\/web\/#organization","name":"Arquimaster","url":"https:\/\/www.arquimaster.com.ar\/web\/","logo":{"@type":"ImageObject","inLanguage":"es","@id":"https:\/\/www.arquimaster.com.ar\/web\/#\/schema\/logo\/image\/","url":"https:\/\/www.arquimaster.com.ar\/web\/wp-content\/uploads\/2022\/06\/arquimaster.png","contentUrl":"https:\/\/www.arquimaster.com.ar\/web\/wp-content\/uploads\/2022\/06\/arquimaster.png","width":594,"height":78,"caption":"Arquimaster"},"image":{"@id":"https:\/\/www.arquimaster.com.ar\/web\/#\/schema\/logo\/image\/"},"sameAs":["http:\/\/www.facebook.com\/ARQUIMASTER.com.ar","https:\/\/x.com\/arquimaster","https:\/\/www.instagram.com\/arquimasterblog\/","https:\/\/www.linkedin.com\/company\/arquimaster","https:\/\/www.pinterest.com\/arquimaster","https:\/\/t.me\/arquimaster"]},{"@type":"Person","@id":"https:\/\/www.arquimaster.com.ar\/web\/#\/schema\/person\/359e9f7c00193fcde068e0dd2ceb0028","name":"Arquimaster"}]}},"uagb_featured_image_src":{"full":["https:\/\/www.arquimaster.com.ar\/web\/wp-content\/uploads\/2022\/03\/colegio_aldapeta_slide.jpg",698,364,false],"thumbnail":["https:\/\/www.arquimaster.com.ar\/web\/wp-content\/uploads\/2022\/03\/colegio_aldapeta_slide-150x150.jpg",150,150,true],"medium":["https:\/\/www.arquimaster.com.ar\/web\/wp-content\/uploads\/2022\/03\/colegio_aldapeta_slide.jpg",698,364,false],"medium_large":["https:\/\/www.arquimaster.com.ar\/web\/wp-content\/uploads\/2022\/03\/colegio_aldapeta_slide.jpg",698,364,false],"large":["https:\/\/www.arquimaster.com.ar\/web\/wp-content\/uploads\/2022\/03\/colegio_aldapeta_slide.jpg",698,364,false],"1536x1536":["https:\/\/www.arquimaster.com.ar\/web\/wp-content\/uploads\/2022\/03\/colegio_aldapeta_slide.jpg",698,364,false],"2048x2048":["https:\/\/www.arquimaster.com.ar\/web\/wp-content\/uploads\/2022\/03\/colegio_aldapeta_slide.jpg",698,364,false]},"uagb_author_info":{"display_name":"Arquimaster","author_link":"https:\/\/www.arquimaster.com.ar\/web\/author\/arquimaster\/"},"uagb_comment_info":0,"uagb_excerpt":"El edificio apuesta por las nuevas tecnolog\u00edas constructivas y la eficiencia energ\u00e9tica...","_links":{"self":[{"href":"https:\/\/www.arquimaster.com.ar\/web\/wp-json\/wp\/v2\/posts\/69237","targetHints":{"allow":["GET"]}}],"collection":[{"href":"https:\/\/www.arquimaster.com.ar\/web\/wp-json\/wp\/v2\/posts"}],"about":[{"href":"https:\/\/www.arquimaster.com.ar\/web\/wp-json\/wp\/v2\/types\/post"}],"author":[{"embeddable":true,"href":"https:\/\/www.arquimaster.com.ar\/web\/wp-json\/wp\/v2\/users\/1"}],"replies":[{"embeddable":true,"href":"https:\/\/www.arquimaster.com.ar\/web\/wp-json\/wp\/v2\/comments?post=69237"}],"version-history":[{"count":2,"href":"https:\/\/www.arquimaster.com.ar\/web\/wp-json\/wp\/v2\/posts\/69237\/revisions"}],"predecessor-version":[{"id":69333,"href":"https:\/\/www.arquimaster.com.ar\/web\/wp-json\/wp\/v2\/posts\/69237\/revisions\/69333"}],"wp:featuredmedia":[{"embeddable":true,"href":"https:\/\/www.arquimaster.com.ar\/web\/wp-json\/wp\/v2\/media\/69238"}],"wp:attachment":[{"href":"https:\/\/www.arquimaster.com.ar\/web\/wp-json\/wp\/v2\/media?parent=69237"}],"wp:term":[{"taxonomy":"category","embeddable":true,"href":"https:\/\/www.arquimaster.com.ar\/web\/wp-json\/wp\/v2\/categories?post=69237"},{"taxonomy":"post_tag","embeddable":true,"href":"https:\/\/www.arquimaster.com.ar\/web\/wp-json\/wp\/v2\/tags?post=69237"}],"curies":[{"name":"wp","href":"https:\/\/api.w.org\/{rel}","templated":true}]}}