{"id":6929,"date":"2014-05-10T21:10:58","date_gmt":"2014-05-10T21:10:58","guid":{"rendered":"http:\/\/www.arquimaster.com.ar\/web\/?p=6929"},"modified":"2026-03-28T19:49:31","modified_gmt":"2026-03-28T22:49:31","slug":"masisa-acompano-a-la-asociacion-amigos-del-museo-nacional-de-bellas-artes-en-el-proyecto-de-remodelacion-de-su-auditorio","status":"publish","type":"post","link":"https:\/\/www.arquimaster.com.ar\/web\/masisa-acompano-a-la-asociacion-amigos-del-museo-nacional-de-bellas-artes-en-el-proyecto-de-remodelacion-de-su-auditorio\/","title":{"rendered":"Masisa acompa\u00f1\u00f3 a la AAMNBA en el proyecto de remodelaci\u00f3n de su auditorio"},"content":{"rendered":"<div style=\"margin-top: 0px; margin-bottom: 0px;\" class=\"sharethis-inline-share-buttons\" ><\/div><div class=\"b812932af2e751442846f039925109de\" data-index=\"1\" style=\"float: none; margin:25px 0 25px 0; text-align:center;\">\n<script async src=\"https:\/\/pagead2.googlesyndication.com\/pagead\/js\/adsbygoogle.js\"><\/script>\r\n<!-- Arquimaster (superior) -->\r\n<ins class=\"adsbygoogle\"\r\n     style=\"display:block\"\r\n     data-ad-client=\"ca-pub-6351072698456832\"\r\n     data-ad-slot=\"6455489680\"\r\n     data-ad-format=\"auto\"\r\n     data-full-width-responsive=\"true\"><\/ins>\r\n<script>\r\n     (adsbygoogle = window.adsbygoogle || []).push({});\r\n<\/script>\n<\/div>\n<p><em><strong>La empresa refuerza su compromiso con los eventos culturales del pa\u00eds, a trav\u00e9s de la materializaci\u00f3n de esta iniciativa.<\/strong><\/em><\/p>\n<div id='gallery-1' class='gallery galleryid-6929 gallery-columns-3 gallery-size-thumbnail'><figure class='gallery-item'>\n\t\t\t<div class='gallery-icon landscape'>\n\t\t\t\t<a href='https:\/\/www.arquimaster.com.ar\/web\/wp-content\/uploads\/2014\/05\/auditorio_aamnba1.jpg' title=\"Masisa acompa\u00f1\u00f3 a la Asociaci\u00f3n Amigos del Museo Nacional de Bellas Artes en el proyecto de remodelaci\u00f3n de su auditorio\" data-rl_title=\"Masisa acompa\u00f1\u00f3 a la Asociaci\u00f3n Amigos del Museo Nacional de Bellas Artes en el proyecto de remodelaci\u00f3n de su auditorio\" class=\"rl-gallery-link\" data-rl_caption=\"Masisa acompa\u00f1\u00f3 a la Asociaci\u00f3n Amigos del Museo Nacional de Bellas Artes en el proyecto de remodelaci\u00f3n de su auditorio\" data-rel=\"lightbox-gallery-1\"><img loading=\"lazy\" decoding=\"async\" width=\"150\" height=\"150\" src=\"https:\/\/www.arquimaster.com.ar\/web\/wp-content\/uploads\/2014\/05\/auditorio_aamnba1-150x150.jpg\" class=\"attachment-thumbnail size-thumbnail\" alt=\"\" aria-describedby=\"gallery-1-6931\" srcset=\"https:\/\/www.arquimaster.com.ar\/web\/wp-content\/uploads\/2014\/05\/auditorio_aamnba1-150x150.jpg 150w, https:\/\/www.arquimaster.com.ar\/web\/wp-content\/uploads\/2014\/05\/auditorio_aamnba1-50x50.jpg 50w, https:\/\/www.arquimaster.com.ar\/web\/wp-content\/uploads\/2014\/05\/auditorio_aamnba1-125x125.jpg 125w\" sizes=\"auto, (max-width: 150px) 100vw, 150px\" \/><\/a>\n\t\t\t<\/div>\n\t\t\t\t<figcaption class='wp-caption-text gallery-caption' id='gallery-1-6931'>\n\t\t\t\tMasisa acompa\u00f1\u00f3 a la Asociaci\u00f3n Amigos del Museo Nacional de Bellas Artes en el proyecto de remodelaci\u00f3n de su auditorio\n\t\t\t\t<\/figcaption><\/figure><figure class='gallery-item'>\n\t\t\t<div class='gallery-icon landscape'>\n\t\t\t\t<a href='https:\/\/www.arquimaster.com.ar\/web\/wp-content\/uploads\/2014\/05\/auditorio_aamnba2.jpg' title=\"Masisa acompa\u00f1\u00f3 a la Asociaci\u00f3n Amigos del Museo Nacional de Bellas Artes en el proyecto de remodelaci\u00f3n de su auditorio\" data-rl_title=\"Masisa acompa\u00f1\u00f3 a la Asociaci\u00f3n Amigos del Museo Nacional de Bellas Artes en el proyecto de remodelaci\u00f3n de su auditorio\" class=\"rl-gallery-link\" data-rl_caption=\"Masisa acompa\u00f1\u00f3 a la Asociaci\u00f3n Amigos del Museo Nacional de Bellas Artes en el proyecto de remodelaci\u00f3n de su auditorio\" data-rel=\"lightbox-gallery-1\"><img loading=\"lazy\" decoding=\"async\" width=\"150\" height=\"150\" src=\"https:\/\/www.arquimaster.com.ar\/web\/wp-content\/uploads\/2014\/05\/auditorio_aamnba2-150x150.jpg\" class=\"attachment-thumbnail size-thumbnail\" alt=\"\" aria-describedby=\"gallery-1-6932\" srcset=\"https:\/\/www.arquimaster.com.ar\/web\/wp-content\/uploads\/2014\/05\/auditorio_aamnba2-150x150.jpg 150w, https:\/\/www.arquimaster.com.ar\/web\/wp-content\/uploads\/2014\/05\/auditorio_aamnba2-50x50.jpg 50w, https:\/\/www.arquimaster.com.ar\/web\/wp-content\/uploads\/2014\/05\/auditorio_aamnba2-125x125.jpg 125w\" sizes=\"auto, (max-width: 150px) 100vw, 150px\" \/><\/a>\n\t\t\t<\/div>\n\t\t\t\t<figcaption class='wp-caption-text gallery-caption' id='gallery-1-6932'>\n\t\t\t\tMasisa acompa\u00f1\u00f3 a la Asociaci\u00f3n Amigos del Museo Nacional de Bellas Artes en el proyecto de remodelaci\u00f3n de su auditorio\n\t\t\t\t<\/figcaption><\/figure><figure class='gallery-item'>\n\t\t\t<div class='gallery-icon landscape'>\n\t\t\t\t<a href='https:\/\/www.arquimaster.com.ar\/web\/wp-content\/uploads\/2014\/05\/auditorio_aamnba3.jpg' title=\"Masisa acompa\u00f1\u00f3 a la Asociaci\u00f3n Amigos del Museo Nacional de Bellas Artes en el proyecto de remodelaci\u00f3n de su auditorio\" data-rl_title=\"Masisa acompa\u00f1\u00f3 a la Asociaci\u00f3n Amigos del Museo Nacional de Bellas Artes en el proyecto de remodelaci\u00f3n de su auditorio\" class=\"rl-gallery-link\" data-rl_caption=\"Masisa acompa\u00f1\u00f3 a la Asociaci\u00f3n Amigos del Museo Nacional de Bellas Artes en el proyecto de remodelaci\u00f3n de su auditorio\" data-rel=\"lightbox-gallery-1\"><img loading=\"lazy\" decoding=\"async\" width=\"150\" height=\"150\" src=\"https:\/\/www.arquimaster.com.ar\/web\/wp-content\/uploads\/2014\/05\/auditorio_aamnba3-150x150.jpg\" class=\"attachment-thumbnail size-thumbnail\" alt=\"\" aria-describedby=\"gallery-1-6933\" srcset=\"https:\/\/www.arquimaster.com.ar\/web\/wp-content\/uploads\/2014\/05\/auditorio_aamnba3-150x150.jpg 150w, https:\/\/www.arquimaster.com.ar\/web\/wp-content\/uploads\/2014\/05\/auditorio_aamnba3-50x50.jpg 50w, https:\/\/www.arquimaster.com.ar\/web\/wp-content\/uploads\/2014\/05\/auditorio_aamnba3-125x125.jpg 125w\" sizes=\"auto, (max-width: 150px) 100vw, 150px\" \/><\/a>\n\t\t\t<\/div>\n\t\t\t\t<figcaption class='wp-caption-text gallery-caption' id='gallery-1-6933'>\n\t\t\t\tMasisa acompa\u00f1\u00f3 a la Asociaci\u00f3n Amigos del Museo Nacional de Bellas Artes en el proyecto de remodelaci\u00f3n de su auditorio\n\t\t\t\t<\/figcaption><\/figure>\n\t\t<\/div>\n\n<p><strong>Masisa Argentina<\/strong>, empresa l\u00edder en la producci\u00f3n de tableros de madera para muebles y arquitectura de interiores que promueve el desarrollo de eventos culturales del pa\u00eds, contribuy\u00f3 en la remodelaci\u00f3n del auditorio de la <strong>Asociaci\u00f3n Amigos del Museo Nacional de Bellas Artes<\/strong> con su caracter\u00edstico compromiso.<\/p>\n<p>Las importantes mejoras arquitect\u00f3nicas, ac\u00fasticas y t\u00e9cnicas convierten al auditorio de la Asociaci\u00f3n en un espacio \u00fanico para la realizaci\u00f3n de actividades educativas y culturales, que adem\u00e1s, presenta una nueva programaci\u00f3n de cine que se lanzar\u00e1 en la segunda mitad del a\u00f1o. Con nueva tecnolog\u00eda de audio e iluminaci\u00f3n y equipos de climatizaci\u00f3n restaurados, junto a una arquitectura moderna y confortable, el nuevo espacio responder\u00e1 a las demandas requeridas por el cada vez mayor n\u00famero de asistentes a las diferentes propuestas que ofrece la instituci\u00f3n. El nuevo Auditorio llevar\u00e1 el nombre \u00abNelly Arrieta de Blaquier\u00bb, en reconocimiento a su invalorable labor como presidente de la AAMNBA durante 34 a\u00f1os, y a su aporte, generosidad y compromiso con el desarrollo del arte y la cultura en la Argentina.<\/p>\n<p><em>\u00abDesde Masisa buscamos contribuir fuertemente al desarrollo cultural del pa\u00eds, ofreciendo oportunidades que potencien el esfuerzo de los actores involucrados en el sector\u00bb<\/em>, agreg\u00f3 <strong>Francisco Estruga<\/strong>, Gerente de Marketing de Masisa Argentina.<\/p>\n<p>La reforma, a cargo del arquitecto <strong>F\u00e9lix San Mart\u00edn<\/strong>, cont\u00f3 con la aplicaci\u00f3n de <strong>Fibromelamina Olmo Alpino Touch<\/strong> para el dise\u00f1o de su interior. Este dise\u00f1o maderado presenta un tono marr\u00f3n con una veta original, distinguido por aportar equilibrio y contraste entre color y textura.<\/p>\n<p>Esta propuesta se suma al auditorio creado para arteBA 2012 por el reconocido Arquitecto Clorindo Testa, el cual fue materializado por Masisa y revestido en su interior con el dise\u00f1o Fibromelamina Tweed Touch, una propuesta imitaci\u00f3n textil en tono vis\u00f3n, con apariencia irregular, suave al tacto y con textura abierta que brinda la elegancia y calidez que este espacio requiere. Al finalizar la feria el auditorio ser\u00e1 instalado definitivamente en el Museo de Arte Moderno de Buenos Aires (MAMBA) para que pueda ser disfrutado por todos sus visitantes.<\/p>\n<p><strong>Masisa en arteBA 2014<\/strong><br \/>\nPor segundo a\u00f1o consecutivo Masisa Argentina ser\u00e1 sponsor de una de las exposiciones m\u00e1s importantes de arte contempor\u00e1neo que se realizar\u00e1 del 23 al 26 de mayo de 2014 en el Predio Ferial de La Rural de Buenos Aires. All\u00ed, la compa\u00f1\u00eda estar\u00e1 presente a trav\u00e9s de la materializaci\u00f3n del auditorio dise\u00f1ado por Clorindo Testa, donde se llevar\u00e1 a cabo el Open Forum, ciclo de conferencias y paneles que se realiza de forma gratuita durante el desarrollo de la muestra.<\/p>\n<p><strong>Sobre Masisa<\/strong><br \/>\nMasisa Argentina es la compa\u00f1\u00eda l\u00edder del mercado en dise\u00f1os melam\u00ednicos. Posee una planta industrial en la ciudad de Concordia donde produce tableros de MDF, Aglomerado, Melaminas y Molduras. Todos los productos de Fibrof\u00e1cil de la compa\u00f1\u00eda poseen certificaci\u00f3n E1, que garantiza la baja emisi\u00f3n de formaldeh\u00eddo, y el certificado SCS que garantiza el porcentaje de materia prima renovable en su producci\u00f3n. Adem\u00e1s, en l\u00ednea con su compromiso por llevar a cabo una gesti\u00f3n basada en el triple resultado ambiental, social y econ\u00f3mico, Masisa Argentina es miembro del Green Building Argentina, y todos sus productos suman puntos para obtener la certificaci\u00f3n Leed.<\/p>\n\n<div style=\"font-size: 0px; height: 0px; line-height: 0px; margin: 0; padding: 0; clear: both;\"><\/div><div style=\"margin-top: 0px; margin-bottom: 0px;\" class=\"sharethis-inline-share-buttons\" ><\/div>","protected":false},"excerpt":{"rendered":"<p>Se aplic\u00f3 el producto Fibromelamina Olmo Alpino Touch para el dise\u00f1o de su interior&#8230;<\/p>\n","protected":false},"author":1,"featured_media":6930,"comment_status":"closed","ping_status":"closed","sticky":false,"template":"","format":"standard","meta":{"_uag_custom_page_level_css":"","footnotes":""},"categories":[40,64],"tags":[1789,1786,1784,1785,1790,1788,58,1724,1787],"class_list":["post-6929","post","type-post","status-publish","format-standard","has-post-thumbnail","hentry","category-construccion","category-empresas-construccion","tag-aamnba","tag-arteba","tag-asociacion-amigos-del-museo-nacional-de-bellas-artes","tag-auditorio","tag-fibromelamina","tag-mamba","tag-masisa","tag-masisa-argentina","tag-museo-de-arte-moderno-de-buenos-aires","generate-columns","tablet-grid-50","mobile-grid-100","grid-parent","grid-50"],"yoast_head":"<!-- This site is optimized with the Yoast SEO plugin v27.3 - https:\/\/yoast.com\/product\/yoast-seo-wordpress\/ -->\n<title>Masisa acompa\u00f1\u00f3 a la AAMNBA en el proyecto de remodelaci\u00f3n de su auditorio - Arquimaster<\/title>\n<meta name=\"robots\" content=\"index, follow, max-snippet:-1, max-image-preview:large, max-video-preview:-1\" \/>\n<link rel=\"canonical\" href=\"https:\/\/www.arquimaster.com.ar\/web\/masisa-acompano-a-la-asociacion-amigos-del-museo-nacional-de-bellas-artes-en-el-proyecto-de-remodelacion-de-su-auditorio\/\" \/>\n<meta property=\"og:locale\" content=\"es_ES\" \/>\n<meta property=\"og:type\" content=\"article\" \/>\n<meta property=\"og:title\" content=\"Masisa acompa\u00f1\u00f3 a la AAMNBA en el proyecto de remodelaci\u00f3n de su auditorio - Arquimaster\" \/>\n<meta property=\"og:description\" content=\"Se aplic\u00f3 el producto Fibromelamina Olmo Alpino Touch para el dise\u00f1o de su interior...\" \/>\n<meta property=\"og:url\" content=\"https:\/\/www.arquimaster.com.ar\/web\/masisa-acompano-a-la-asociacion-amigos-del-museo-nacional-de-bellas-artes-en-el-proyecto-de-remodelacion-de-su-auditorio\/\" \/>\n<meta property=\"og:site_name\" content=\"Arquimaster\" \/>\n<meta property=\"article:publisher\" content=\"http:\/\/www.facebook.com\/ARQUIMASTER.com.ar\" \/>\n<meta property=\"article:published_time\" content=\"2014-05-10T21:10:58+00:00\" \/>\n<meta property=\"article:modified_time\" content=\"2026-03-28T22:49:31+00:00\" \/>\n<meta property=\"og:image\" content=\"https:\/\/www.arquimaster.com.ar\/web\/wp-content\/uploads\/2014\/05\/auditorio_aamnba_slide.jpg\" \/>\n\t<meta property=\"og:image:width\" content=\"642\" \/>\n\t<meta property=\"og:image:height\" content=\"336\" \/>\n\t<meta property=\"og:image:type\" content=\"image\/jpeg\" \/>\n<meta name=\"author\" content=\"Arquimaster\" \/>\n<meta name=\"twitter:card\" content=\"summary_large_image\" \/>\n<meta name=\"twitter:creator\" content=\"@arquimaster\" \/>\n<meta name=\"twitter:site\" content=\"@arquimaster\" \/>\n<meta name=\"twitter:label1\" content=\"Escrito por\" \/>\n\t<meta name=\"twitter:data1\" content=\"Arquimaster\" \/>\n\t<meta name=\"twitter:label2\" content=\"Tiempo de lectura\" \/>\n\t<meta name=\"twitter:data2\" content=\"3 minutos\" \/>\n<script type=\"application\/ld+json\" class=\"yoast-schema-graph\">{\"@context\":\"https:\\\/\\\/schema.org\",\"@graph\":[{\"@type\":\"Article\",\"@id\":\"https:\\\/\\\/www.arquimaster.com.ar\\\/web\\\/masisa-acompano-a-la-asociacion-amigos-del-museo-nacional-de-bellas-artes-en-el-proyecto-de-remodelacion-de-su-auditorio\\\/#article\",\"isPartOf\":{\"@id\":\"https:\\\/\\\/www.arquimaster.com.ar\\\/web\\\/masisa-acompano-a-la-asociacion-amigos-del-museo-nacional-de-bellas-artes-en-el-proyecto-de-remodelacion-de-su-auditorio\\\/\"},\"author\":{\"name\":\"Arquimaster\",\"@id\":\"https:\\\/\\\/www.arquimaster.com.ar\\\/web\\\/#\\\/schema\\\/person\\\/359e9f7c00193fcde068e0dd2ceb0028\"},\"headline\":\"Masisa acompa\u00f1\u00f3 a la AAMNBA en el proyecto de remodelaci\u00f3n de su auditorio\",\"datePublished\":\"2014-05-10T21:10:58+00:00\",\"dateModified\":\"2026-03-28T22:49:31+00:00\",\"mainEntityOfPage\":{\"@id\":\"https:\\\/\\\/www.arquimaster.com.ar\\\/web\\\/masisa-acompano-a-la-asociacion-amigos-del-museo-nacional-de-bellas-artes-en-el-proyecto-de-remodelacion-de-su-auditorio\\\/\"},\"wordCount\":612,\"publisher\":{\"@id\":\"https:\\\/\\\/www.arquimaster.com.ar\\\/web\\\/#organization\"},\"image\":{\"@id\":\"https:\\\/\\\/www.arquimaster.com.ar\\\/web\\\/masisa-acompano-a-la-asociacion-amigos-del-museo-nacional-de-bellas-artes-en-el-proyecto-de-remodelacion-de-su-auditorio\\\/#primaryimage\"},\"thumbnailUrl\":\"https:\\\/\\\/www.arquimaster.com.ar\\\/web\\\/wp-content\\\/uploads\\\/2014\\\/05\\\/auditorio_aamnba_slide.jpg\",\"keywords\":[\"AAMNBA\",\"arteBA\",\"Asociaci\u00f3n Amigos del Museo Nacional de Bellas Artes\",\"auditorio\",\"fibromelamina\",\"MAMBA\",\"Masisa\",\"Masisa Argentina\",\"Museo de Arte Moderno de Buenos Aires\"],\"articleSection\":[\"Construccion\",\"Empresas de la construccion\"],\"inLanguage\":\"es\"},{\"@type\":\"WebPage\",\"@id\":\"https:\\\/\\\/www.arquimaster.com.ar\\\/web\\\/masisa-acompano-a-la-asociacion-amigos-del-museo-nacional-de-bellas-artes-en-el-proyecto-de-remodelacion-de-su-auditorio\\\/\",\"url\":\"https:\\\/\\\/www.arquimaster.com.ar\\\/web\\\/masisa-acompano-a-la-asociacion-amigos-del-museo-nacional-de-bellas-artes-en-el-proyecto-de-remodelacion-de-su-auditorio\\\/\",\"name\":\"Masisa acompa\u00f1\u00f3 a la AAMNBA en el proyecto de remodelaci\u00f3n de su auditorio - Arquimaster\",\"isPartOf\":{\"@id\":\"https:\\\/\\\/www.arquimaster.com.ar\\\/web\\\/#website\"},\"primaryImageOfPage\":{\"@id\":\"https:\\\/\\\/www.arquimaster.com.ar\\\/web\\\/masisa-acompano-a-la-asociacion-amigos-del-museo-nacional-de-bellas-artes-en-el-proyecto-de-remodelacion-de-su-auditorio\\\/#primaryimage\"},\"image\":{\"@id\":\"https:\\\/\\\/www.arquimaster.com.ar\\\/web\\\/masisa-acompano-a-la-asociacion-amigos-del-museo-nacional-de-bellas-artes-en-el-proyecto-de-remodelacion-de-su-auditorio\\\/#primaryimage\"},\"thumbnailUrl\":\"https:\\\/\\\/www.arquimaster.com.ar\\\/web\\\/wp-content\\\/uploads\\\/2014\\\/05\\\/auditorio_aamnba_slide.jpg\",\"datePublished\":\"2014-05-10T21:10:58+00:00\",\"dateModified\":\"2026-03-28T22:49:31+00:00\",\"breadcrumb\":{\"@id\":\"https:\\\/\\\/www.arquimaster.com.ar\\\/web\\\/masisa-acompano-a-la-asociacion-amigos-del-museo-nacional-de-bellas-artes-en-el-proyecto-de-remodelacion-de-su-auditorio\\\/#breadcrumb\"},\"inLanguage\":\"es\",\"potentialAction\":[{\"@type\":\"ReadAction\",\"target\":[\"https:\\\/\\\/www.arquimaster.com.ar\\\/web\\\/masisa-acompano-a-la-asociacion-amigos-del-museo-nacional-de-bellas-artes-en-el-proyecto-de-remodelacion-de-su-auditorio\\\/\"]}]},{\"@type\":\"ImageObject\",\"inLanguage\":\"es\",\"@id\":\"https:\\\/\\\/www.arquimaster.com.ar\\\/web\\\/masisa-acompano-a-la-asociacion-amigos-del-museo-nacional-de-bellas-artes-en-el-proyecto-de-remodelacion-de-su-auditorio\\\/#primaryimage\",\"url\":\"https:\\\/\\\/www.arquimaster.com.ar\\\/web\\\/wp-content\\\/uploads\\\/2014\\\/05\\\/auditorio_aamnba_slide.jpg\",\"contentUrl\":\"https:\\\/\\\/www.arquimaster.com.ar\\\/web\\\/wp-content\\\/uploads\\\/2014\\\/05\\\/auditorio_aamnba_slide.jpg\",\"width\":642,\"height\":336},{\"@type\":\"BreadcrumbList\",\"@id\":\"https:\\\/\\\/www.arquimaster.com.ar\\\/web\\\/masisa-acompano-a-la-asociacion-amigos-del-museo-nacional-de-bellas-artes-en-el-proyecto-de-remodelacion-de-su-auditorio\\\/#breadcrumb\",\"itemListElement\":[{\"@type\":\"ListItem\",\"position\":1,\"name\":\"Portada\",\"item\":\"https:\\\/\\\/www.arquimaster.com.ar\\\/web\\\/\"},{\"@type\":\"ListItem\",\"position\":2,\"name\":\"Masisa acompa\u00f1\u00f3 a la AAMNBA en el proyecto de remodelaci\u00f3n de su auditorio\"}]},{\"@type\":\"WebSite\",\"@id\":\"https:\\\/\\\/www.arquimaster.com.ar\\\/web\\\/#website\",\"url\":\"https:\\\/\\\/www.arquimaster.com.ar\\\/web\\\/\",\"name\":\"Arquimaster\",\"description\":\"Web de arquitectura, dise\u00f1o y construccion\",\"publisher\":{\"@id\":\"https:\\\/\\\/www.arquimaster.com.ar\\\/web\\\/#organization\"},\"potentialAction\":[{\"@type\":\"SearchAction\",\"target\":{\"@type\":\"EntryPoint\",\"urlTemplate\":\"https:\\\/\\\/www.arquimaster.com.ar\\\/web\\\/?s={search_term_string}\"},\"query-input\":{\"@type\":\"PropertyValueSpecification\",\"valueRequired\":true,\"valueName\":\"search_term_string\"}}],\"inLanguage\":\"es\"},{\"@type\":\"Organization\",\"@id\":\"https:\\\/\\\/www.arquimaster.com.ar\\\/web\\\/#organization\",\"name\":\"Arquimaster\",\"url\":\"https:\\\/\\\/www.arquimaster.com.ar\\\/web\\\/\",\"logo\":{\"@type\":\"ImageObject\",\"inLanguage\":\"es\",\"@id\":\"https:\\\/\\\/www.arquimaster.com.ar\\\/web\\\/#\\\/schema\\\/logo\\\/image\\\/\",\"url\":\"https:\\\/\\\/www.arquimaster.com.ar\\\/web\\\/wp-content\\\/uploads\\\/2022\\\/06\\\/arquimaster.png\",\"contentUrl\":\"https:\\\/\\\/www.arquimaster.com.ar\\\/web\\\/wp-content\\\/uploads\\\/2022\\\/06\\\/arquimaster.png\",\"width\":594,\"height\":78,\"caption\":\"Arquimaster\"},\"image\":{\"@id\":\"https:\\\/\\\/www.arquimaster.com.ar\\\/web\\\/#\\\/schema\\\/logo\\\/image\\\/\"},\"sameAs\":[\"http:\\\/\\\/www.facebook.com\\\/ARQUIMASTER.com.ar\",\"https:\\\/\\\/x.com\\\/arquimaster\",\"https:\\\/\\\/www.instagram.com\\\/arquimasterblog\\\/\",\"https:\\\/\\\/www.linkedin.com\\\/company\\\/arquimaster\",\"https:\\\/\\\/www.pinterest.com\\\/arquimaster\",\"https:\\\/\\\/t.me\\\/arquimaster\"]},{\"@type\":\"Person\",\"@id\":\"https:\\\/\\\/www.arquimaster.com.ar\\\/web\\\/#\\\/schema\\\/person\\\/359e9f7c00193fcde068e0dd2ceb0028\",\"name\":\"Arquimaster\"}]}<\/script>\n<!-- \/ Yoast SEO plugin. -->","yoast_head_json":{"title":"Masisa acompa\u00f1\u00f3 a la AAMNBA en el proyecto de remodelaci\u00f3n de su auditorio - Arquimaster","robots":{"index":"index","follow":"follow","max-snippet":"max-snippet:-1","max-image-preview":"max-image-preview:large","max-video-preview":"max-video-preview:-1"},"canonical":"https:\/\/www.arquimaster.com.ar\/web\/masisa-acompano-a-la-asociacion-amigos-del-museo-nacional-de-bellas-artes-en-el-proyecto-de-remodelacion-de-su-auditorio\/","og_locale":"es_ES","og_type":"article","og_title":"Masisa acompa\u00f1\u00f3 a la AAMNBA en el proyecto de remodelaci\u00f3n de su auditorio - Arquimaster","og_description":"Se aplic\u00f3 el producto Fibromelamina Olmo Alpino Touch para el dise\u00f1o de su interior...","og_url":"https:\/\/www.arquimaster.com.ar\/web\/masisa-acompano-a-la-asociacion-amigos-del-museo-nacional-de-bellas-artes-en-el-proyecto-de-remodelacion-de-su-auditorio\/","og_site_name":"Arquimaster","article_publisher":"http:\/\/www.facebook.com\/ARQUIMASTER.com.ar","article_published_time":"2014-05-10T21:10:58+00:00","article_modified_time":"2026-03-28T22:49:31+00:00","og_image":[{"width":642,"height":336,"url":"https:\/\/www.arquimaster.com.ar\/web\/wp-content\/uploads\/2014\/05\/auditorio_aamnba_slide.jpg","type":"image\/jpeg"}],"author":"Arquimaster","twitter_card":"summary_large_image","twitter_creator":"@arquimaster","twitter_site":"@arquimaster","twitter_misc":{"Escrito por":"Arquimaster","Tiempo de lectura":"3 minutos"},"schema":{"@context":"https:\/\/schema.org","@graph":[{"@type":"Article","@id":"https:\/\/www.arquimaster.com.ar\/web\/masisa-acompano-a-la-asociacion-amigos-del-museo-nacional-de-bellas-artes-en-el-proyecto-de-remodelacion-de-su-auditorio\/#article","isPartOf":{"@id":"https:\/\/www.arquimaster.com.ar\/web\/masisa-acompano-a-la-asociacion-amigos-del-museo-nacional-de-bellas-artes-en-el-proyecto-de-remodelacion-de-su-auditorio\/"},"author":{"name":"Arquimaster","@id":"https:\/\/www.arquimaster.com.ar\/web\/#\/schema\/person\/359e9f7c00193fcde068e0dd2ceb0028"},"headline":"Masisa acompa\u00f1\u00f3 a la AAMNBA en el proyecto de remodelaci\u00f3n de su auditorio","datePublished":"2014-05-10T21:10:58+00:00","dateModified":"2026-03-28T22:49:31+00:00","mainEntityOfPage":{"@id":"https:\/\/www.arquimaster.com.ar\/web\/masisa-acompano-a-la-asociacion-amigos-del-museo-nacional-de-bellas-artes-en-el-proyecto-de-remodelacion-de-su-auditorio\/"},"wordCount":612,"publisher":{"@id":"https:\/\/www.arquimaster.com.ar\/web\/#organization"},"image":{"@id":"https:\/\/www.arquimaster.com.ar\/web\/masisa-acompano-a-la-asociacion-amigos-del-museo-nacional-de-bellas-artes-en-el-proyecto-de-remodelacion-de-su-auditorio\/#primaryimage"},"thumbnailUrl":"https:\/\/www.arquimaster.com.ar\/web\/wp-content\/uploads\/2014\/05\/auditorio_aamnba_slide.jpg","keywords":["AAMNBA","arteBA","Asociaci\u00f3n Amigos del Museo Nacional de Bellas Artes","auditorio","fibromelamina","MAMBA","Masisa","Masisa Argentina","Museo de Arte Moderno de Buenos Aires"],"articleSection":["Construccion","Empresas de la construccion"],"inLanguage":"es"},{"@type":"WebPage","@id":"https:\/\/www.arquimaster.com.ar\/web\/masisa-acompano-a-la-asociacion-amigos-del-museo-nacional-de-bellas-artes-en-el-proyecto-de-remodelacion-de-su-auditorio\/","url":"https:\/\/www.arquimaster.com.ar\/web\/masisa-acompano-a-la-asociacion-amigos-del-museo-nacional-de-bellas-artes-en-el-proyecto-de-remodelacion-de-su-auditorio\/","name":"Masisa acompa\u00f1\u00f3 a la AAMNBA en el proyecto de remodelaci\u00f3n de su auditorio - Arquimaster","isPartOf":{"@id":"https:\/\/www.arquimaster.com.ar\/web\/#website"},"primaryImageOfPage":{"@id":"https:\/\/www.arquimaster.com.ar\/web\/masisa-acompano-a-la-asociacion-amigos-del-museo-nacional-de-bellas-artes-en-el-proyecto-de-remodelacion-de-su-auditorio\/#primaryimage"},"image":{"@id":"https:\/\/www.arquimaster.com.ar\/web\/masisa-acompano-a-la-asociacion-amigos-del-museo-nacional-de-bellas-artes-en-el-proyecto-de-remodelacion-de-su-auditorio\/#primaryimage"},"thumbnailUrl":"https:\/\/www.arquimaster.com.ar\/web\/wp-content\/uploads\/2014\/05\/auditorio_aamnba_slide.jpg","datePublished":"2014-05-10T21:10:58+00:00","dateModified":"2026-03-28T22:49:31+00:00","breadcrumb":{"@id":"https:\/\/www.arquimaster.com.ar\/web\/masisa-acompano-a-la-asociacion-amigos-del-museo-nacional-de-bellas-artes-en-el-proyecto-de-remodelacion-de-su-auditorio\/#breadcrumb"},"inLanguage":"es","potentialAction":[{"@type":"ReadAction","target":["https:\/\/www.arquimaster.com.ar\/web\/masisa-acompano-a-la-asociacion-amigos-del-museo-nacional-de-bellas-artes-en-el-proyecto-de-remodelacion-de-su-auditorio\/"]}]},{"@type":"ImageObject","inLanguage":"es","@id":"https:\/\/www.arquimaster.com.ar\/web\/masisa-acompano-a-la-asociacion-amigos-del-museo-nacional-de-bellas-artes-en-el-proyecto-de-remodelacion-de-su-auditorio\/#primaryimage","url":"https:\/\/www.arquimaster.com.ar\/web\/wp-content\/uploads\/2014\/05\/auditorio_aamnba_slide.jpg","contentUrl":"https:\/\/www.arquimaster.com.ar\/web\/wp-content\/uploads\/2014\/05\/auditorio_aamnba_slide.jpg","width":642,"height":336},{"@type":"BreadcrumbList","@id":"https:\/\/www.arquimaster.com.ar\/web\/masisa-acompano-a-la-asociacion-amigos-del-museo-nacional-de-bellas-artes-en-el-proyecto-de-remodelacion-de-su-auditorio\/#breadcrumb","itemListElement":[{"@type":"ListItem","position":1,"name":"Portada","item":"https:\/\/www.arquimaster.com.ar\/web\/"},{"@type":"ListItem","position":2,"name":"Masisa acompa\u00f1\u00f3 a la AAMNBA en el proyecto de remodelaci\u00f3n de su auditorio"}]},{"@type":"WebSite","@id":"https:\/\/www.arquimaster.com.ar\/web\/#website","url":"https:\/\/www.arquimaster.com.ar\/web\/","name":"Arquimaster","description":"Web de arquitectura, dise\u00f1o y construccion","publisher":{"@id":"https:\/\/www.arquimaster.com.ar\/web\/#organization"},"potentialAction":[{"@type":"SearchAction","target":{"@type":"EntryPoint","urlTemplate":"https:\/\/www.arquimaster.com.ar\/web\/?s={search_term_string}"},"query-input":{"@type":"PropertyValueSpecification","valueRequired":true,"valueName":"search_term_string"}}],"inLanguage":"es"},{"@type":"Organization","@id":"https:\/\/www.arquimaster.com.ar\/web\/#organization","name":"Arquimaster","url":"https:\/\/www.arquimaster.com.ar\/web\/","logo":{"@type":"ImageObject","inLanguage":"es","@id":"https:\/\/www.arquimaster.com.ar\/web\/#\/schema\/logo\/image\/","url":"https:\/\/www.arquimaster.com.ar\/web\/wp-content\/uploads\/2022\/06\/arquimaster.png","contentUrl":"https:\/\/www.arquimaster.com.ar\/web\/wp-content\/uploads\/2022\/06\/arquimaster.png","width":594,"height":78,"caption":"Arquimaster"},"image":{"@id":"https:\/\/www.arquimaster.com.ar\/web\/#\/schema\/logo\/image\/"},"sameAs":["http:\/\/www.facebook.com\/ARQUIMASTER.com.ar","https:\/\/x.com\/arquimaster","https:\/\/www.instagram.com\/arquimasterblog\/","https:\/\/www.linkedin.com\/company\/arquimaster","https:\/\/www.pinterest.com\/arquimaster","https:\/\/t.me\/arquimaster"]},{"@type":"Person","@id":"https:\/\/www.arquimaster.com.ar\/web\/#\/schema\/person\/359e9f7c00193fcde068e0dd2ceb0028","name":"Arquimaster"}]}},"uagb_featured_image_src":{"full":["https:\/\/www.arquimaster.com.ar\/web\/wp-content\/uploads\/2014\/05\/auditorio_aamnba_slide.jpg",642,336,false],"thumbnail":["https:\/\/www.arquimaster.com.ar\/web\/wp-content\/uploads\/2014\/05\/auditorio_aamnba_slide-150x150.jpg",150,150,true],"medium":["https:\/\/www.arquimaster.com.ar\/web\/wp-content\/uploads\/2014\/05\/auditorio_aamnba_slide-300x157.jpg",300,157,true],"medium_large":["https:\/\/www.arquimaster.com.ar\/web\/wp-content\/uploads\/2014\/05\/auditorio_aamnba_slide.jpg",642,336,false],"large":["https:\/\/www.arquimaster.com.ar\/web\/wp-content\/uploads\/2014\/05\/auditorio_aamnba_slide.jpg",642,336,false],"1536x1536":["https:\/\/www.arquimaster.com.ar\/web\/wp-content\/uploads\/2014\/05\/auditorio_aamnba_slide.jpg",642,336,false],"2048x2048":["https:\/\/www.arquimaster.com.ar\/web\/wp-content\/uploads\/2014\/05\/auditorio_aamnba_slide.jpg",642,336,false]},"uagb_author_info":{"display_name":"Arquimaster","author_link":"https:\/\/www.arquimaster.com.ar\/web\/author\/arquimaster\/"},"uagb_comment_info":0,"uagb_excerpt":"Se aplic\u00f3 el producto Fibromelamina Olmo Alpino Touch para el dise\u00f1o de su interior...","_links":{"self":[{"href":"https:\/\/www.arquimaster.com.ar\/web\/wp-json\/wp\/v2\/posts\/6929","targetHints":{"allow":["GET"]}}],"collection":[{"href":"https:\/\/www.arquimaster.com.ar\/web\/wp-json\/wp\/v2\/posts"}],"about":[{"href":"https:\/\/www.arquimaster.com.ar\/web\/wp-json\/wp\/v2\/types\/post"}],"author":[{"embeddable":true,"href":"https:\/\/www.arquimaster.com.ar\/web\/wp-json\/wp\/v2\/users\/1"}],"replies":[{"embeddable":true,"href":"https:\/\/www.arquimaster.com.ar\/web\/wp-json\/wp\/v2\/comments?post=6929"}],"version-history":[{"count":1,"href":"https:\/\/www.arquimaster.com.ar\/web\/wp-json\/wp\/v2\/posts\/6929\/revisions"}],"predecessor-version":[{"id":87999,"href":"https:\/\/www.arquimaster.com.ar\/web\/wp-json\/wp\/v2\/posts\/6929\/revisions\/87999"}],"wp:featuredmedia":[{"embeddable":true,"href":"https:\/\/www.arquimaster.com.ar\/web\/wp-json\/wp\/v2\/media\/6930"}],"wp:attachment":[{"href":"https:\/\/www.arquimaster.com.ar\/web\/wp-json\/wp\/v2\/media?parent=6929"}],"wp:term":[{"taxonomy":"category","embeddable":true,"href":"https:\/\/www.arquimaster.com.ar\/web\/wp-json\/wp\/v2\/categories?post=6929"},{"taxonomy":"post_tag","embeddable":true,"href":"https:\/\/www.arquimaster.com.ar\/web\/wp-json\/wp\/v2\/tags?post=6929"}],"curies":[{"name":"wp","href":"https:\/\/api.w.org\/{rel}","templated":true}]}}