{"id":69301,"date":"2022-03-17T17:59:34","date_gmt":"2022-03-17T20:59:34","guid":{"rendered":"https:\/\/www.arquimaster.com.ar\/web\/?p=69301"},"modified":"2022-09-02T15:17:30","modified_gmt":"2022-09-02T18:17:30","slug":"casa-reticular-taller-estilo-arquitectura","status":"publish","type":"post","link":"https:\/\/www.arquimaster.com.ar\/web\/casa-reticular-taller-estilo-arquitectura\/","title":{"rendered":"Casa Reticular \/ Taller Estilo Arquitectura"},"content":{"rendered":"<div style=\"margin-top: 0px; margin-bottom: 0px;\" class=\"sharethis-inline-share-buttons\" ><\/div><div class=\"b812932af2e751442846f039925109de\" data-index=\"1\" style=\"float: none; margin:25px 0 25px 0; text-align:center;\">\n<script async src=\"https:\/\/pagead2.googlesyndication.com\/pagead\/js\/adsbygoogle.js\"><\/script>\r\n<!-- Arquimaster (superior) -->\r\n<ins class=\"adsbygoogle\"\r\n     style=\"display:block\"\r\n     data-ad-client=\"ca-pub-6351072698456832\"\r\n     data-ad-slot=\"6455489680\"\r\n     data-ad-format=\"auto\"\r\n     data-full-width-responsive=\"true\"><\/ins>\r\n<script>\r\n     (adsbygoogle = window.adsbygoogle || []).push({});\r\n<\/script>\n<\/div>\n<p><strong>Casa Reticular<\/strong> (Mococh\u00e1, Yucat\u00e1n, M\u00e9xico) por <strong>Taller Estilo Arquitectura<\/strong>. Busca la conexi\u00f3n de la arquitectura con el mundo natural, una conexi\u00f3n donde el edificio abraza el paisaje y viceversa, una conexi\u00f3n donde la arquitectura se somete al entorno natural y este se entreteje en una ret\u00edcula que genera espacios abiertos y cerrados y permite que la vegetaci\u00f3n existente permanezca, se integre y se vuelva parte primordial de la nueva edificaci\u00f3n.<\/p>\n<div id='gallery-1' class='gallery galleryid-69301 gallery-columns-3 gallery-size-thumbnail'><figure class='gallery-item'>\n\t\t\t<div class='gallery-icon landscape'>\n\t\t\t\t<a href='https:\/\/www.arquimaster.com.ar\/web\/wp-content\/uploads\/2022\/03\/casa_reticular1.jpg' title=\"Casa Reticular \/ Taller Estilo Arquitectura (\u00a9 Tamara Uribe)\" data-rl_title=\"Casa Reticular \/ Taller Estilo Arquitectura (\u00a9 Tamara Uribe)\" class=\"rl-gallery-link\" data-rl_caption=\"Casa Reticular \/ Taller Estilo Arquitectura (\u00a9 Tamara Uribe)\" data-rel=\"lightbox-gallery-1\"><img loading=\"lazy\" decoding=\"async\" width=\"150\" height=\"150\" src=\"https:\/\/www.arquimaster.com.ar\/web\/wp-content\/uploads\/2022\/03\/casa_reticular1-150x150.jpg\" class=\"attachment-thumbnail size-thumbnail\" alt=\"Casa Reticular \/ Taller Estilo Arquitectura\" aria-describedby=\"gallery-1-69303\" \/><\/a>\n\t\t\t<\/div>\n\t\t\t\t<figcaption class='wp-caption-text gallery-caption' id='gallery-1-69303'>\n\t\t\t\tCasa Reticular \/ Taller Estilo Arquitectura (\u00a9 Tamara Uribe)\n\t\t\t\t<\/figcaption><\/figure><figure class='gallery-item'>\n\t\t\t<div class='gallery-icon landscape'>\n\t\t\t\t<a href='https:\/\/www.arquimaster.com.ar\/web\/wp-content\/uploads\/2022\/03\/casa_reticular2.jpg' title=\"Casa Reticular \/ Taller Estilo Arquitectura (\u00a9 Tamara Uribe)\" data-rl_title=\"Casa Reticular \/ Taller Estilo Arquitectura (\u00a9 Tamara Uribe)\" class=\"rl-gallery-link\" data-rl_caption=\"Casa Reticular \/ Taller Estilo Arquitectura (\u00a9 Tamara Uribe)\" data-rel=\"lightbox-gallery-1\"><img loading=\"lazy\" decoding=\"async\" width=\"150\" height=\"150\" src=\"https:\/\/www.arquimaster.com.ar\/web\/wp-content\/uploads\/2022\/03\/casa_reticular2-150x150.jpg\" class=\"attachment-thumbnail size-thumbnail\" alt=\"Casa Reticular \/ Taller Estilo Arquitectura\" aria-describedby=\"gallery-1-69304\" \/><\/a>\n\t\t\t<\/div>\n\t\t\t\t<figcaption class='wp-caption-text gallery-caption' id='gallery-1-69304'>\n\t\t\t\tCasa Reticular \/ Taller Estilo Arquitectura (\u00a9 Tamara Uribe)\n\t\t\t\t<\/figcaption><\/figure><figure class='gallery-item'>\n\t\t\t<div class='gallery-icon landscape'>\n\t\t\t\t<a href='https:\/\/www.arquimaster.com.ar\/web\/wp-content\/uploads\/2022\/03\/casa_reticular3.jpg' title=\"Casa Reticular \/ Taller Estilo Arquitectura (\u00a9 Tamara Uribe)\" data-rl_title=\"Casa Reticular \/ Taller Estilo Arquitectura (\u00a9 Tamara Uribe)\" class=\"rl-gallery-link\" data-rl_caption=\"Casa Reticular \/ Taller Estilo Arquitectura (\u00a9 Tamara Uribe)\" data-rel=\"lightbox-gallery-1\"><img loading=\"lazy\" decoding=\"async\" width=\"150\" height=\"150\" src=\"https:\/\/www.arquimaster.com.ar\/web\/wp-content\/uploads\/2022\/03\/casa_reticular3-150x150.jpg\" class=\"attachment-thumbnail size-thumbnail\" alt=\"Casa Reticular \/ Taller Estilo Arquitectura\" aria-describedby=\"gallery-1-69305\" \/><\/a>\n\t\t\t<\/div>\n\t\t\t\t<figcaption class='wp-caption-text gallery-caption' id='gallery-1-69305'>\n\t\t\t\tCasa Reticular \/ Taller Estilo Arquitectura (\u00a9 Tamara Uribe)\n\t\t\t\t<\/figcaption><\/figure><figure class='gallery-item'>\n\t\t\t<div class='gallery-icon landscape'>\n\t\t\t\t<a href='https:\/\/www.arquimaster.com.ar\/web\/wp-content\/uploads\/2022\/03\/casa_reticular4.jpg' title=\"Casa Reticular \/ Taller Estilo Arquitectura (\u00a9 Tamara Uribe)\" data-rl_title=\"Casa Reticular \/ Taller Estilo Arquitectura (\u00a9 Tamara Uribe)\" class=\"rl-gallery-link\" data-rl_caption=\"Casa Reticular \/ Taller Estilo Arquitectura (\u00a9 Tamara Uribe)\" data-rel=\"lightbox-gallery-1\"><img loading=\"lazy\" decoding=\"async\" width=\"150\" height=\"150\" src=\"https:\/\/www.arquimaster.com.ar\/web\/wp-content\/uploads\/2022\/03\/casa_reticular4-150x150.jpg\" class=\"attachment-thumbnail size-thumbnail\" alt=\"Casa Reticular \/ Taller Estilo Arquitectura\" aria-describedby=\"gallery-1-69306\" \/><\/a>\n\t\t\t<\/div>\n\t\t\t\t<figcaption class='wp-caption-text gallery-caption' id='gallery-1-69306'>\n\t\t\t\tCasa Reticular \/ Taller Estilo Arquitectura (\u00a9 Tamara Uribe)\n\t\t\t\t<\/figcaption><\/figure><figure class='gallery-item'>\n\t\t\t<div class='gallery-icon landscape'>\n\t\t\t\t<a href='https:\/\/www.arquimaster.com.ar\/web\/wp-content\/uploads\/2022\/03\/casa_reticular5.jpg' title=\"Casa Reticular \/ Taller Estilo Arquitectura (\u00a9 Tamara Uribe)\" data-rl_title=\"Casa Reticular \/ Taller Estilo Arquitectura (\u00a9 Tamara Uribe)\" class=\"rl-gallery-link\" data-rl_caption=\"Casa Reticular \/ Taller Estilo Arquitectura (\u00a9 Tamara Uribe)\" data-rel=\"lightbox-gallery-1\"><img loading=\"lazy\" decoding=\"async\" width=\"150\" height=\"150\" src=\"https:\/\/www.arquimaster.com.ar\/web\/wp-content\/uploads\/2022\/03\/casa_reticular5-150x150.jpg\" class=\"attachment-thumbnail size-thumbnail\" alt=\"Casa Reticular \/ Taller Estilo Arquitectura\" aria-describedby=\"gallery-1-69307\" \/><\/a>\n\t\t\t<\/div>\n\t\t\t\t<figcaption class='wp-caption-text gallery-caption' id='gallery-1-69307'>\n\t\t\t\tCasa Reticular \/ Taller Estilo Arquitectura (\u00a9 Tamara Uribe)\n\t\t\t\t<\/figcaption><\/figure><figure class='gallery-item'>\n\t\t\t<div class='gallery-icon landscape'>\n\t\t\t\t<a href='https:\/\/www.arquimaster.com.ar\/web\/wp-content\/uploads\/2022\/03\/casa_reticular6.jpg' title=\"Casa Reticular \/ Taller Estilo Arquitectura (\u00a9 Tamara Uribe)\" data-rl_title=\"Casa Reticular \/ Taller Estilo Arquitectura (\u00a9 Tamara Uribe)\" class=\"rl-gallery-link\" data-rl_caption=\"Casa Reticular \/ Taller Estilo Arquitectura (\u00a9 Tamara Uribe)\" data-rel=\"lightbox-gallery-1\"><img loading=\"lazy\" decoding=\"async\" width=\"150\" height=\"150\" src=\"https:\/\/www.arquimaster.com.ar\/web\/wp-content\/uploads\/2022\/03\/casa_reticular6-150x150.jpg\" class=\"attachment-thumbnail size-thumbnail\" alt=\"Casa Reticular \/ Taller Estilo Arquitectura\" aria-describedby=\"gallery-1-69308\" \/><\/a>\n\t\t\t<\/div>\n\t\t\t\t<figcaption class='wp-caption-text gallery-caption' id='gallery-1-69308'>\n\t\t\t\tCasa Reticular \/ Taller Estilo Arquitectura (\u00a9 Tamara Uribe)\n\t\t\t\t<\/figcaption><\/figure><figure class='gallery-item'>\n\t\t\t<div class='gallery-icon portrait'>\n\t\t\t\t<a href='https:\/\/www.arquimaster.com.ar\/web\/wp-content\/uploads\/2022\/03\/casa_reticular7.jpg' title=\"Casa Reticular \/ Taller Estilo Arquitectura (\u00a9 Tamara Uribe)\" data-rl_title=\"Casa Reticular \/ Taller Estilo Arquitectura (\u00a9 Tamara Uribe)\" class=\"rl-gallery-link\" data-rl_caption=\"Casa Reticular \/ Taller Estilo Arquitectura (\u00a9 Tamara Uribe)\" data-rel=\"lightbox-gallery-1\"><img loading=\"lazy\" decoding=\"async\" width=\"150\" height=\"150\" src=\"https:\/\/www.arquimaster.com.ar\/web\/wp-content\/uploads\/2022\/03\/casa_reticular7-150x150.jpg\" class=\"attachment-thumbnail size-thumbnail\" alt=\"Casa Reticular \/ Taller Estilo Arquitectura\" aria-describedby=\"gallery-1-69309\" \/><\/a>\n\t\t\t<\/div>\n\t\t\t\t<figcaption class='wp-caption-text gallery-caption' id='gallery-1-69309'>\n\t\t\t\tCasa Reticular \/ Taller Estilo Arquitectura (\u00a9 Tamara Uribe)\n\t\t\t\t<\/figcaption><\/figure><figure class='gallery-item'>\n\t\t\t<div class='gallery-icon landscape'>\n\t\t\t\t<a href='https:\/\/www.arquimaster.com.ar\/web\/wp-content\/uploads\/2022\/03\/casa_reticular8.jpg' title=\"Casa Reticular \/ Taller Estilo Arquitectura (\u00a9 Tamara Uribe)\" data-rl_title=\"Casa Reticular \/ Taller Estilo Arquitectura (\u00a9 Tamara Uribe)\" class=\"rl-gallery-link\" data-rl_caption=\"Casa Reticular \/ Taller Estilo Arquitectura (\u00a9 Tamara Uribe)\" data-rel=\"lightbox-gallery-1\"><img loading=\"lazy\" decoding=\"async\" width=\"150\" height=\"150\" src=\"https:\/\/www.arquimaster.com.ar\/web\/wp-content\/uploads\/2022\/03\/casa_reticular8-150x150.jpg\" class=\"attachment-thumbnail size-thumbnail\" alt=\"Casa Reticular \/ Taller Estilo Arquitectura\" aria-describedby=\"gallery-1-69310\" \/><\/a>\n\t\t\t<\/div>\n\t\t\t\t<figcaption class='wp-caption-text gallery-caption' id='gallery-1-69310'>\n\t\t\t\tCasa Reticular \/ Taller Estilo Arquitectura (\u00a9 Tamara Uribe)\n\t\t\t\t<\/figcaption><\/figure><figure class='gallery-item'>\n\t\t\t<div class='gallery-icon portrait'>\n\t\t\t\t<a href='https:\/\/www.arquimaster.com.ar\/web\/wp-content\/uploads\/2022\/03\/casa_reticular10.jpg' title=\"Casa Reticular \/ Taller Estilo Arquitectura (\u00a9 Tamara Uribe)\" data-rl_title=\"Casa Reticular \/ Taller Estilo Arquitectura (\u00a9 Tamara Uribe)\" class=\"rl-gallery-link\" data-rl_caption=\"Casa Reticular \/ Taller Estilo Arquitectura (\u00a9 Tamara Uribe)\" data-rel=\"lightbox-gallery-1\"><img loading=\"lazy\" decoding=\"async\" width=\"150\" height=\"150\" src=\"https:\/\/www.arquimaster.com.ar\/web\/wp-content\/uploads\/2022\/03\/casa_reticular10-150x150.jpg\" class=\"attachment-thumbnail size-thumbnail\" alt=\"Casa Reticular \/ Taller Estilo Arquitectura\" aria-describedby=\"gallery-1-69311\" \/><\/a>\n\t\t\t<\/div>\n\t\t\t\t<figcaption class='wp-caption-text gallery-caption' id='gallery-1-69311'>\n\t\t\t\tCasa Reticular \/ Taller Estilo Arquitectura (\u00a9 Tamara Uribe)\n\t\t\t\t<\/figcaption><\/figure><figure class='gallery-item'>\n\t\t\t<div class='gallery-icon landscape'>\n\t\t\t\t<a href='https:\/\/www.arquimaster.com.ar\/web\/wp-content\/uploads\/2022\/03\/casa_reticular11.jpg' title=\"Casa Reticular \/ Taller Estilo Arquitectura (\u00a9 Tamara Uribe)\" data-rl_title=\"Casa Reticular \/ Taller Estilo Arquitectura (\u00a9 Tamara Uribe)\" class=\"rl-gallery-link\" data-rl_caption=\"Casa Reticular \/ Taller Estilo Arquitectura (\u00a9 Tamara Uribe)\" data-rel=\"lightbox-gallery-1\"><img loading=\"lazy\" decoding=\"async\" width=\"150\" height=\"150\" src=\"https:\/\/www.arquimaster.com.ar\/web\/wp-content\/uploads\/2022\/03\/casa_reticular11-150x150.jpg\" class=\"attachment-thumbnail size-thumbnail\" alt=\"Casa Reticular \/ Taller Estilo Arquitectura\" aria-describedby=\"gallery-1-69312\" \/><\/a>\n\t\t\t<\/div>\n\t\t\t\t<figcaption class='wp-caption-text gallery-caption' id='gallery-1-69312'>\n\t\t\t\tCasa Reticular \/ Taller Estilo Arquitectura (\u00a9 Tamara Uribe)\n\t\t\t\t<\/figcaption><\/figure><figure class='gallery-item'>\n\t\t\t<div class='gallery-icon landscape'>\n\t\t\t\t<a href='https:\/\/www.arquimaster.com.ar\/web\/wp-content\/uploads\/2022\/03\/casa_reticular12.jpg' title=\"Casa Reticular \/ Taller Estilo Arquitectura (\u00a9 Tamara Uribe)\" data-rl_title=\"Casa Reticular \/ Taller Estilo Arquitectura (\u00a9 Tamara Uribe)\" class=\"rl-gallery-link\" data-rl_caption=\"Casa Reticular \/ Taller Estilo Arquitectura (\u00a9 Tamara Uribe)\" data-rel=\"lightbox-gallery-1\"><img loading=\"lazy\" decoding=\"async\" width=\"150\" height=\"150\" src=\"https:\/\/www.arquimaster.com.ar\/web\/wp-content\/uploads\/2022\/03\/casa_reticular12-150x150.jpg\" class=\"attachment-thumbnail size-thumbnail\" alt=\"Casa Reticular \/ Taller Estilo Arquitectura\" aria-describedby=\"gallery-1-69313\" \/><\/a>\n\t\t\t<\/div>\n\t\t\t\t<figcaption class='wp-caption-text gallery-caption' id='gallery-1-69313'>\n\t\t\t\tCasa Reticular \/ Taller Estilo Arquitectura (\u00a9 Tamara Uribe)\n\t\t\t\t<\/figcaption><\/figure><figure class='gallery-item'>\n\t\t\t<div class='gallery-icon portrait'>\n\t\t\t\t<a href='https:\/\/www.arquimaster.com.ar\/web\/wp-content\/uploads\/2022\/03\/casa_reticular13.jpg' title=\"Casa Reticular \/ Taller Estilo Arquitectura (\u00a9 Tamara Uribe)\" data-rl_title=\"Casa Reticular \/ Taller Estilo Arquitectura (\u00a9 Tamara Uribe)\" class=\"rl-gallery-link\" data-rl_caption=\"Casa Reticular \/ Taller Estilo Arquitectura (\u00a9 Tamara Uribe)\" data-rel=\"lightbox-gallery-1\"><img loading=\"lazy\" decoding=\"async\" width=\"150\" height=\"150\" src=\"https:\/\/www.arquimaster.com.ar\/web\/wp-content\/uploads\/2022\/03\/casa_reticular13-150x150.jpg\" class=\"attachment-thumbnail size-thumbnail\" alt=\"Casa Reticular \/ Taller Estilo Arquitectura\" aria-describedby=\"gallery-1-69314\" \/><\/a>\n\t\t\t<\/div>\n\t\t\t\t<figcaption class='wp-caption-text gallery-caption' id='gallery-1-69314'>\n\t\t\t\tCasa Reticular \/ Taller Estilo Arquitectura (\u00a9 Tamara Uribe)\n\t\t\t\t<\/figcaption><\/figure><figure class='gallery-item'>\n\t\t\t<div class='gallery-icon landscape'>\n\t\t\t\t<a href='https:\/\/www.arquimaster.com.ar\/web\/wp-content\/uploads\/2022\/03\/casa_reticular14.jpg' title=\"Casa Reticular \/ Taller Estilo Arquitectura (\u00a9 Tamara Uribe)\" data-rl_title=\"Casa Reticular \/ Taller Estilo Arquitectura (\u00a9 Tamara Uribe)\" class=\"rl-gallery-link\" data-rl_caption=\"Casa Reticular \/ Taller Estilo Arquitectura (\u00a9 Tamara Uribe)\" data-rel=\"lightbox-gallery-1\"><img loading=\"lazy\" decoding=\"async\" width=\"150\" height=\"150\" src=\"https:\/\/www.arquimaster.com.ar\/web\/wp-content\/uploads\/2022\/03\/casa_reticular14-150x150.jpg\" class=\"attachment-thumbnail size-thumbnail\" alt=\"Casa Reticular \/ Taller Estilo Arquitectura\" aria-describedby=\"gallery-1-69315\" \/><\/a>\n\t\t\t<\/div>\n\t\t\t\t<figcaption class='wp-caption-text gallery-caption' id='gallery-1-69315'>\n\t\t\t\tCasa Reticular \/ Taller Estilo Arquitectura (\u00a9 Tamara Uribe)\n\t\t\t\t<\/figcaption><\/figure><figure class='gallery-item'>\n\t\t\t<div class='gallery-icon portrait'>\n\t\t\t\t<a href='https:\/\/www.arquimaster.com.ar\/web\/wp-content\/uploads\/2022\/03\/casa_reticular15.jpg' title=\"Casa Reticular \/ Taller Estilo Arquitectura (\u00a9 Tamara Uribe)\" data-rl_title=\"Casa Reticular \/ Taller Estilo Arquitectura (\u00a9 Tamara Uribe)\" class=\"rl-gallery-link\" data-rl_caption=\"Casa Reticular \/ Taller Estilo Arquitectura (\u00a9 Tamara Uribe)\" data-rel=\"lightbox-gallery-1\"><img loading=\"lazy\" decoding=\"async\" width=\"150\" height=\"150\" src=\"https:\/\/www.arquimaster.com.ar\/web\/wp-content\/uploads\/2022\/03\/casa_reticular15-150x150.jpg\" class=\"attachment-thumbnail size-thumbnail\" alt=\"Casa Reticular \/ Taller Estilo Arquitectura\" aria-describedby=\"gallery-1-69316\" \/><\/a>\n\t\t\t<\/div>\n\t\t\t\t<figcaption class='wp-caption-text gallery-caption' id='gallery-1-69316'>\n\t\t\t\tCasa Reticular \/ Taller Estilo Arquitectura (\u00a9 Tamara Uribe)\n\t\t\t\t<\/figcaption><\/figure><figure class='gallery-item'>\n\t\t\t<div class='gallery-icon landscape'>\n\t\t\t\t<a href='https:\/\/www.arquimaster.com.ar\/web\/wp-content\/uploads\/2022\/03\/casa_reticular16.jpg' title=\"Casa Reticular \/ Taller Estilo Arquitectura (\u00a9 Tamara Uribe)\" data-rl_title=\"Casa Reticular \/ Taller Estilo Arquitectura (\u00a9 Tamara Uribe)\" class=\"rl-gallery-link\" data-rl_caption=\"Casa Reticular \/ Taller Estilo Arquitectura (\u00a9 Tamara Uribe)\" data-rel=\"lightbox-gallery-1\"><img loading=\"lazy\" decoding=\"async\" width=\"150\" height=\"150\" src=\"https:\/\/www.arquimaster.com.ar\/web\/wp-content\/uploads\/2022\/03\/casa_reticular16-150x150.jpg\" class=\"attachment-thumbnail size-thumbnail\" alt=\"Casa Reticular \/ Taller Estilo Arquitectura\" aria-describedby=\"gallery-1-69317\" \/><\/a>\n\t\t\t<\/div>\n\t\t\t\t<figcaption class='wp-caption-text gallery-caption' id='gallery-1-69317'>\n\t\t\t\tCasa Reticular \/ Taller Estilo Arquitectura (\u00a9 Tamara Uribe)\n\t\t\t\t<\/figcaption><\/figure><figure class='gallery-item'>\n\t\t\t<div class='gallery-icon landscape'>\n\t\t\t\t<a href='https:\/\/www.arquimaster.com.ar\/web\/wp-content\/uploads\/2022\/03\/casa_reticular17.jpg' title=\"Casa Reticular \/ Taller Estilo Arquitectura (maqueta)\" data-rl_title=\"Casa Reticular \/ Taller Estilo Arquitectura (maqueta)\" class=\"rl-gallery-link\" data-rl_caption=\"Casa Reticular \/ Taller Estilo Arquitectura (maqueta)\" data-rel=\"lightbox-gallery-1\"><img loading=\"lazy\" decoding=\"async\" width=\"150\" height=\"150\" src=\"https:\/\/www.arquimaster.com.ar\/web\/wp-content\/uploads\/2022\/03\/casa_reticular17-150x150.jpg\" class=\"attachment-thumbnail size-thumbnail\" alt=\"Casa Reticular \/ Taller Estilo Arquitectura\" aria-describedby=\"gallery-1-69318\" \/><\/a>\n\t\t\t<\/div>\n\t\t\t\t<figcaption class='wp-caption-text gallery-caption' id='gallery-1-69318'>\n\t\t\t\tCasa Reticular \/ Taller Estilo Arquitectura (maqueta)\n\t\t\t\t<\/figcaption><\/figure><figure class='gallery-item'>\n\t\t\t<div class='gallery-icon landscape'>\n\t\t\t\t<a href='https:\/\/www.arquimaster.com.ar\/web\/wp-content\/uploads\/2022\/03\/casa_reticular18.jpg' title=\"Casa Reticular \/ Taller Estilo Arquitectura (maqueta)\" data-rl_title=\"Casa Reticular \/ Taller Estilo Arquitectura (maqueta)\" class=\"rl-gallery-link\" data-rl_caption=\"Casa Reticular \/ Taller Estilo Arquitectura (maqueta)\" data-rel=\"lightbox-gallery-1\"><img loading=\"lazy\" decoding=\"async\" width=\"150\" height=\"150\" src=\"https:\/\/www.arquimaster.com.ar\/web\/wp-content\/uploads\/2022\/03\/casa_reticular18-150x150.jpg\" class=\"attachment-thumbnail size-thumbnail\" alt=\"Casa Reticular \/ Taller Estilo Arquitectura\" aria-describedby=\"gallery-1-69319\" \/><\/a>\n\t\t\t<\/div>\n\t\t\t\t<figcaption class='wp-caption-text gallery-caption' id='gallery-1-69319'>\n\t\t\t\tCasa Reticular \/ Taller Estilo Arquitectura (maqueta)\n\t\t\t\t<\/figcaption><\/figure><figure class='gallery-item'>\n\t\t\t<div class='gallery-icon landscape'>\n\t\t\t\t<a href='https:\/\/www.arquimaster.com.ar\/web\/wp-content\/uploads\/2022\/03\/casa_reticular20.jpg' title=\"Casa Reticular \/ Taller Estilo Arquitectura (planta baja)\" data-rl_title=\"Casa Reticular \/ Taller Estilo Arquitectura (planta baja)\" class=\"rl-gallery-link\" data-rl_caption=\"Casa Reticular \/ Taller Estilo Arquitectura (planta baja)\" data-rel=\"lightbox-gallery-1\"><img loading=\"lazy\" decoding=\"async\" width=\"150\" height=\"150\" src=\"https:\/\/www.arquimaster.com.ar\/web\/wp-content\/uploads\/2022\/03\/casa_reticular20-150x150.jpg\" class=\"attachment-thumbnail size-thumbnail\" alt=\"Casa Reticular \/ Taller Estilo Arquitectura\" aria-describedby=\"gallery-1-69321\" \/><\/a>\n\t\t\t<\/div>\n\t\t\t\t<figcaption class='wp-caption-text gallery-caption' id='gallery-1-69321'>\n\t\t\t\tCasa Reticular \/ Taller Estilo Arquitectura (planta baja)\n\t\t\t\t<\/figcaption><\/figure><figure class='gallery-item'>\n\t\t\t<div class='gallery-icon landscape'>\n\t\t\t\t<a href='https:\/\/www.arquimaster.com.ar\/web\/wp-content\/uploads\/2022\/03\/casa_reticular19.jpg' title=\"Casa Reticular \/ Taller Estilo Arquitectura (planta de techos)\" data-rl_title=\"Casa Reticular \/ Taller Estilo Arquitectura (planta de techos)\" class=\"rl-gallery-link\" data-rl_caption=\"Casa Reticular \/ Taller Estilo Arquitectura (planta de techos)\" data-rel=\"lightbox-gallery-1\"><img loading=\"lazy\" decoding=\"async\" width=\"150\" height=\"150\" src=\"https:\/\/www.arquimaster.com.ar\/web\/wp-content\/uploads\/2022\/03\/casa_reticular19-150x150.jpg\" class=\"attachment-thumbnail size-thumbnail\" alt=\"Casa Reticular \/ Taller Estilo Arquitectura\" aria-describedby=\"gallery-1-69320\" \/><\/a>\n\t\t\t<\/div>\n\t\t\t\t<figcaption class='wp-caption-text gallery-caption' id='gallery-1-69320'>\n\t\t\t\tCasa Reticular \/ Taller Estilo Arquitectura (planta de techos)\n\t\t\t\t<\/figcaption><\/figure><figure class='gallery-item'>\n\t\t\t<div class='gallery-icon landscape'>\n\t\t\t\t<a href='https:\/\/www.arquimaster.com.ar\/web\/wp-content\/uploads\/2022\/03\/casa_reticular21.jpg' title=\"Casa Reticular \/ Taller Estilo Arquitectura (corte)\" data-rl_title=\"Casa Reticular \/ Taller Estilo Arquitectura (corte)\" class=\"rl-gallery-link\" data-rl_caption=\"Casa Reticular \/ Taller Estilo Arquitectura (corte)\" data-rel=\"lightbox-gallery-1\"><img loading=\"lazy\" decoding=\"async\" width=\"150\" height=\"150\" src=\"https:\/\/www.arquimaster.com.ar\/web\/wp-content\/uploads\/2022\/03\/casa_reticular21-150x150.jpg\" class=\"attachment-thumbnail size-thumbnail\" alt=\"Casa Reticular \/ Taller Estilo Arquitectura\" aria-describedby=\"gallery-1-69322\" \/><\/a>\n\t\t\t<\/div>\n\t\t\t\t<figcaption class='wp-caption-text gallery-caption' id='gallery-1-69322'>\n\t\t\t\tCasa Reticular \/ Taller Estilo Arquitectura (corte)\n\t\t\t\t<\/figcaption><\/figure><figure class='gallery-item'>\n\t\t\t<div class='gallery-icon landscape'>\n\t\t\t\t<a href='https:\/\/www.arquimaster.com.ar\/web\/wp-content\/uploads\/2022\/03\/casa_reticular22.jpg' title=\"Casa Reticular \/ Taller Estilo Arquitectura (corte)\" data-rl_title=\"Casa Reticular \/ Taller Estilo Arquitectura (corte)\" class=\"rl-gallery-link\" data-rl_caption=\"Casa Reticular \/ Taller Estilo Arquitectura (corte)\" data-rel=\"lightbox-gallery-1\"><img loading=\"lazy\" decoding=\"async\" width=\"150\" height=\"150\" src=\"https:\/\/www.arquimaster.com.ar\/web\/wp-content\/uploads\/2022\/03\/casa_reticular22-150x150.jpg\" class=\"attachment-thumbnail size-thumbnail\" alt=\"Casa Reticular \/ Taller Estilo Arquitectura\" aria-describedby=\"gallery-1-69323\" \/><\/a>\n\t\t\t<\/div>\n\t\t\t\t<figcaption class='wp-caption-text gallery-caption' id='gallery-1-69323'>\n\t\t\t\tCasa Reticular \/ Taller Estilo Arquitectura (corte)\n\t\t\t\t<\/figcaption><\/figure><figure class='gallery-item'>\n\t\t\t<div class='gallery-icon landscape'>\n\t\t\t\t<a href='https:\/\/www.arquimaster.com.ar\/web\/wp-content\/uploads\/2022\/03\/casa_reticular23.jpg' title=\"Casa Reticular \/ Taller Estilo Arquitectura (corte)\" data-rl_title=\"Casa Reticular \/ Taller Estilo Arquitectura (corte)\" class=\"rl-gallery-link\" data-rl_caption=\"Casa Reticular \/ Taller Estilo Arquitectura (corte)\" data-rel=\"lightbox-gallery-1\"><img loading=\"lazy\" decoding=\"async\" width=\"150\" height=\"150\" src=\"https:\/\/www.arquimaster.com.ar\/web\/wp-content\/uploads\/2022\/03\/casa_reticular23-150x150.jpg\" class=\"attachment-thumbnail size-thumbnail\" alt=\"Casa Reticular \/ Taller Estilo Arquitectura\" aria-describedby=\"gallery-1-69324\" \/><\/a>\n\t\t\t<\/div>\n\t\t\t\t<figcaption class='wp-caption-text gallery-caption' id='gallery-1-69324'>\n\t\t\t\tCasa Reticular \/ Taller Estilo Arquitectura (corte)\n\t\t\t\t<\/figcaption><\/figure><figure class='gallery-item'>\n\t\t\t<div class='gallery-icon landscape'>\n\t\t\t\t<a href='https:\/\/www.arquimaster.com.ar\/web\/wp-content\/uploads\/2022\/03\/casa_reticular24.jpg' title=\"Casa Reticular \/ Taller Estilo Arquitectura (corte)\" data-rl_title=\"Casa Reticular \/ Taller Estilo Arquitectura (corte)\" class=\"rl-gallery-link\" data-rl_caption=\"Casa Reticular \/ Taller Estilo Arquitectura (corte)\" data-rel=\"lightbox-gallery-1\"><img loading=\"lazy\" decoding=\"async\" width=\"150\" height=\"150\" src=\"https:\/\/www.arquimaster.com.ar\/web\/wp-content\/uploads\/2022\/03\/casa_reticular24-150x150.jpg\" class=\"attachment-thumbnail size-thumbnail\" alt=\"Casa Reticular \/ Taller Estilo Arquitectura\" aria-describedby=\"gallery-1-69325\" \/><\/a>\n\t\t\t<\/div>\n\t\t\t\t<figcaption class='wp-caption-text gallery-caption' id='gallery-1-69325'>\n\t\t\t\tCasa Reticular \/ Taller Estilo Arquitectura (corte)\n\t\t\t\t<\/figcaption><\/figure><figure class='gallery-item'>\n\t\t\t<div class='gallery-icon landscape'>\n\t\t\t\t<a href='https:\/\/www.arquimaster.com.ar\/web\/wp-content\/uploads\/2022\/03\/casa_reticular25.jpg' title=\"Casa Reticular \/ Taller Estilo Arquitectura (vista)\" data-rl_title=\"Casa Reticular \/ Taller Estilo Arquitectura (vista)\" class=\"rl-gallery-link\" data-rl_caption=\"Casa Reticular \/ Taller Estilo Arquitectura (vista)\" data-rel=\"lightbox-gallery-1\"><img loading=\"lazy\" decoding=\"async\" width=\"150\" height=\"150\" src=\"https:\/\/www.arquimaster.com.ar\/web\/wp-content\/uploads\/2022\/03\/casa_reticular25-150x150.jpg\" class=\"attachment-thumbnail size-thumbnail\" alt=\"Casa Reticular \/ Taller Estilo Arquitectura\" aria-describedby=\"gallery-1-69326\" \/><\/a>\n\t\t\t<\/div>\n\t\t\t\t<figcaption class='wp-caption-text gallery-caption' id='gallery-1-69326'>\n\t\t\t\tCasa Reticular \/ Taller Estilo Arquitectura (vista)\n\t\t\t\t<\/figcaption><\/figure><figure class='gallery-item'>\n\t\t\t<div class='gallery-icon landscape'>\n\t\t\t\t<a href='https:\/\/www.arquimaster.com.ar\/web\/wp-content\/uploads\/2022\/03\/casa_reticular26.jpg' title=\"Casa Reticular \/ Taller Estilo Arquitectura (vista)\" data-rl_title=\"Casa Reticular \/ Taller Estilo Arquitectura (vista)\" class=\"rl-gallery-link\" data-rl_caption=\"Casa Reticular \/ Taller Estilo Arquitectura (vista)\" data-rel=\"lightbox-gallery-1\"><img loading=\"lazy\" decoding=\"async\" width=\"150\" height=\"150\" src=\"https:\/\/www.arquimaster.com.ar\/web\/wp-content\/uploads\/2022\/03\/casa_reticular26-150x150.jpg\" class=\"attachment-thumbnail size-thumbnail\" alt=\"Casa Reticular \/ Taller Estilo Arquitectura\" aria-describedby=\"gallery-1-69327\" \/><\/a>\n\t\t\t<\/div>\n\t\t\t\t<figcaption class='wp-caption-text gallery-caption' id='gallery-1-69327'>\n\t\t\t\tCasa Reticular \/ Taller Estilo Arquitectura (vista)\n\t\t\t\t<\/figcaption><\/figure><figure class='gallery-item'>\n\t\t\t<div class='gallery-icon landscape'>\n\t\t\t\t<a href='https:\/\/www.arquimaster.com.ar\/web\/wp-content\/uploads\/2022\/03\/casa_reticular27.jpg' title=\"Casa Reticular \/ Taller Estilo Arquitectura (vista)\" data-rl_title=\"Casa Reticular \/ Taller Estilo Arquitectura (vista)\" class=\"rl-gallery-link\" data-rl_caption=\"Casa Reticular \/ Taller Estilo Arquitectura (vista)\" data-rel=\"lightbox-gallery-1\"><img loading=\"lazy\" decoding=\"async\" width=\"150\" height=\"150\" src=\"https:\/\/www.arquimaster.com.ar\/web\/wp-content\/uploads\/2022\/03\/casa_reticular27-150x150.jpg\" class=\"attachment-thumbnail size-thumbnail\" alt=\"Casa Reticular \/ Taller Estilo Arquitectura\" aria-describedby=\"gallery-1-69328\" \/><\/a>\n\t\t\t<\/div>\n\t\t\t\t<figcaption class='wp-caption-text gallery-caption' id='gallery-1-69328'>\n\t\t\t\tCasa Reticular \/ Taller Estilo Arquitectura (vista)\n\t\t\t\t<\/figcaption><\/figure><figure class='gallery-item'>\n\t\t\t<div class='gallery-icon landscape'>\n\t\t\t\t<a href='https:\/\/www.arquimaster.com.ar\/web\/wp-content\/uploads\/2022\/03\/casa_reticular28.jpg' title=\"Casa Reticular \/ Taller Estilo Arquitectura (vista)\" data-rl_title=\"Casa Reticular \/ Taller Estilo Arquitectura (vista)\" class=\"rl-gallery-link\" data-rl_caption=\"Casa Reticular \/ Taller Estilo Arquitectura (vista)\" data-rel=\"lightbox-gallery-1\"><img loading=\"lazy\" decoding=\"async\" width=\"150\" height=\"150\" src=\"https:\/\/www.arquimaster.com.ar\/web\/wp-content\/uploads\/2022\/03\/casa_reticular28-150x150.jpg\" class=\"attachment-thumbnail size-thumbnail\" alt=\"Casa Reticular \/ Taller Estilo Arquitectura\" aria-describedby=\"gallery-1-69329\" \/><\/a>\n\t\t\t<\/div>\n\t\t\t\t<figcaption class='wp-caption-text gallery-caption' id='gallery-1-69329'>\n\t\t\t\tCasa Reticular \/ Taller Estilo Arquitectura (vista)\n\t\t\t\t<\/figcaption><\/figure>\n\t\t<\/div>\n\n<p>Una residencia alejada de la ciudad y dise\u00f1ada para una familia que busca olvidarse de la vida ajetreada de la ciudad y a cambio ganar la tranquilidad de la vida pac\u00edfica que le ofrece una comunidad rural ubicada a 20 minutos de la ciudad de M\u00e9rida.<\/p>\n<p>Enclavada en un vasto terreno de 15,000.00 m2 el proyecto se inscribe en un \u00e1rea de 610 m2 delimitados por una plataforma que se eleva 90 centimetros del terreno natural y define el \u00e1rea intervenida por la arquitectura, creando un universo propio, diferenciado del resto del contexto con un juego de muros que atrapan la vegetaci\u00f3n existente y que al mismo tiempo crea ventanas para enmarcar la belleza natural de sus alrededores.<\/p>\n<p>Los 3 vol\u00famenes con un tejido de trabes de concreto colado en sitio descansan sobre dicha plataforma generando un patio central que los vincula y da lugar al entorno domesticado donde conviven la vegetaci\u00f3n preexistente y la ret\u00edcula generadora del proyecto, es aqu\u00ed donde la vida al exterior de los habitantes transcurre en un ambiente \u00fanico, ya sea relaj\u00e1ndose en la piscina, disfrutando del bosque artificial y natural donde pueden colgar sus hamacas o simplemente escuchando el sonido natural de aves y las ramas de los arboles o el de la fuente que se ubica dentro del patio central.<\/p>\n<p>El programa arquitect\u00f3nico contempla en un solo nivel el \u00e1rea privada en el volumen oriente con 3 habitaciones y un cuarto de costura mientras que el volumen norte alberga el \u00e1rea com\u00fan con el recibidor, sala y comedor ligados al volumen poniente con la cocina, terraza, bar y \u00e1reas de servicio.<\/p>\n<p>La paleta de materiales conformada de piedra de la regi\u00f3n, aplanados de cemento bru\u00f1ido y pisos artesanales de pasta busca el aprovechamiento de los materiales existentes y los de proximidad, por supuesto complementado con grandes ventanales de aluminio y cristal que permiten transformar los espacios, de completamente cerrados a integrados con el entorno. Con algunas excepciones se usan materiales de mayor dureza tal es el caso de recubrimientos de mesetas de ba\u00f1os y cocinas donde se emplearon m\u00e1rmoles y granitos.<\/p>\n<p>La Casa Reticular es una casa de Campo que ofrece a sus habitantes un espacio que integra la vegetaci\u00f3n existente y la arquitectura contempor\u00e1nea respetuosa de la naturaleza y de las tradiciones, pero al mismo tiempo innovadora y que indica claramente que la arquitectura y la naturaleza pueden convivir sin imponerse la una a la otra.<\/p>\n\n\n<div style=\"height:20px\" aria-hidden=\"true\" class=\"wp-block-spacer\"><\/div>\n\n\n\n<p class=\"has-background\" style=\"background-color:#eaeaea\"><strong>Ficha t\u00e9cnica<\/strong><br>Nombre: Casa Reticular<br>Ubicaci\u00f3n: Mococh\u00e1, Yucat\u00e1n, M\u00e9xico<br>Arquitectura: Taller Estilo Arquitectura S. de R. L. de C. V.<br>Arq. V\u00edctor Alejandro Cruz Dom\u00ednguez, Arq. Iv\u00e1n Atahualpa Hern\u00e1ndez Salazar, Arq. Lu\u00eds Armando Estrada Aguilar<br>Construcci\u00f3n: Ing. Juan D\u00edaz Cab, Ing. Ra\u00fal Arcila Guardi\u00e1n<br>Estructura: Ing. Juan D\u00edaz Cab<br>Colaboradores: Arq. Emmanuel Torres Ram\u00edrez, Arq. Yahir Ortega Pantoja, Arq. Jorge Avalos Jim\u00e9nez<br>Maqueta: Arq. Emmanuel Torres Ram\u00edrez<br>\u00c1rea de construcci\u00f3n: 330 m2<br>A\u00f1o: 2021<br>Fotograf\u00eda: Tamara Uribe<br><br><strong>Contacto<\/strong><br><a href=\"https:\/\/www.tallerestiloarquitectura.com\" target=\"_blank\" rel=\"noreferrer noopener\">https:\/\/www.tallerestiloarquitectura.com<\/a><br>Instagram: Taller Estilo Arquitectura<br>Twitter: @Estiloarquitect<br>Facebook: Taller Estilo Arquitectura<\/p>\n\n\n\n<div style=\"height:40px\" aria-hidden=\"true\" class=\"wp-block-spacer\"><\/div>\n\n<div style=\"font-size: 0px; height: 0px; line-height: 0px; margin: 0; padding: 0; clear: both;\"><\/div><div style=\"margin-top: 0px; margin-bottom: 0px;\" class=\"sharethis-inline-share-buttons\" ><\/div>","protected":false},"excerpt":{"rendered":"<p>La casa busca la conexi\u00f3n de la arquitectura con el mundo natural&#8230;<\/p>\n","protected":false},"author":1,"featured_media":69302,"comment_status":"closed","ping_status":"closed","sticky":false,"template":"","format":"standard","meta":{"_uag_custom_page_level_css":"","footnotes":""},"categories":[1,251],"tags":[1048,2157,2156,4565,4566,24,7370,4563,4564,6471,3257],"class_list":["post-69301","post","type-post","status-publish","format-standard","has-post-thumbnail","hentry","category-proyecto","category-casas-de-playa","tag-casa-de-campo","tag-casa-de-descanso","tag-casa-de-fin-de-semana","tag-ivan-atahualpa-hernandez-salazar","tag-luis-armando-estrada-aguilar","tag-mexico","tag-mococha","tag-taller-estilo-arquitectura","tag-victor-alejandro-cruz-dominguez","tag-vivienda-no-permanente","tag-yucatan","generate-columns","tablet-grid-50","mobile-grid-100","grid-parent","grid-50"],"yoast_head":"<!-- This site is optimized with the Yoast SEO plugin v27.3 - https:\/\/yoast.com\/product\/yoast-seo-wordpress\/ -->\n<title>Casa Reticular \/ Taller Estilo Arquitectura - Arquimaster<\/title>\n<meta name=\"description\" content=\"Busca la conexi\u00f3n de la arquitectura con el mundo natural, una conexi\u00f3n donde el edificio abraza el paisaje y viceversa.\" \/>\n<meta name=\"robots\" content=\"index, follow, max-snippet:-1, max-image-preview:large, max-video-preview:-1\" \/>\n<link rel=\"canonical\" href=\"https:\/\/www.arquimaster.com.ar\/web\/casa-reticular-taller-estilo-arquitectura\/\" \/>\n<meta property=\"og:locale\" content=\"es_ES\" \/>\n<meta property=\"og:type\" content=\"article\" \/>\n<meta property=\"og:title\" content=\"Casa Reticular \/ Taller Estilo Arquitectura\" \/>\n<meta property=\"og:description\" content=\"Busca la conexi\u00f3n de la arquitectura con el mundo natural, una conexi\u00f3n donde el edificio abraza el paisaje y viceversa.\" \/>\n<meta property=\"og:url\" content=\"https:\/\/www.arquimaster.com.ar\/web\/casa-reticular-taller-estilo-arquitectura\/\" \/>\n<meta property=\"og:site_name\" content=\"Arquimaster\" \/>\n<meta property=\"article:publisher\" content=\"http:\/\/www.facebook.com\/ARQUIMASTER.com.ar\" \/>\n<meta property=\"article:published_time\" content=\"2022-03-17T20:59:34+00:00\" \/>\n<meta property=\"article:modified_time\" content=\"2022-09-02T18:17:30+00:00\" \/>\n<meta property=\"og:image\" content=\"https:\/\/www.arquimaster.com.ar\/web\/wp-content\/uploads\/2022\/03\/casa_reticular_slide.jpg\" \/>\n\t<meta property=\"og:image:width\" content=\"698\" \/>\n\t<meta property=\"og:image:height\" content=\"364\" \/>\n\t<meta property=\"og:image:type\" content=\"image\/jpeg\" \/>\n<meta name=\"author\" content=\"Arquimaster\" \/>\n<meta name=\"twitter:card\" content=\"summary_large_image\" \/>\n<meta name=\"twitter:title\" content=\"Casa Reticular \/ Taller Estilo Arquitectura\" \/>\n<meta name=\"twitter:description\" content=\"Busca la conexi\u00f3n de la arquitectura con el mundo natural, una conexi\u00f3n donde el edificio abraza el paisaje y viceversa.\" \/>\n<meta name=\"twitter:image\" content=\"https:\/\/www.arquimaster.com.ar\/web\/wp-content\/uploads\/2022\/03\/casa_reticular_slide.jpg\" \/>\n<meta name=\"twitter:creator\" content=\"@arquimaster\" \/>\n<meta name=\"twitter:site\" content=\"@arquimaster\" \/>\n<meta name=\"twitter:label1\" content=\"Escrito por\" \/>\n\t<meta name=\"twitter:data1\" content=\"Arquimaster\" \/>\n\t<meta name=\"twitter:label2\" content=\"Tiempo de lectura\" \/>\n\t<meta name=\"twitter:data2\" content=\"3 minutos\" \/>\n<script type=\"application\/ld+json\" class=\"yoast-schema-graph\">{\"@context\":\"https:\\\/\\\/schema.org\",\"@graph\":[{\"@type\":\"Article\",\"@id\":\"https:\\\/\\\/www.arquimaster.com.ar\\\/web\\\/casa-reticular-taller-estilo-arquitectura\\\/#article\",\"isPartOf\":{\"@id\":\"https:\\\/\\\/www.arquimaster.com.ar\\\/web\\\/casa-reticular-taller-estilo-arquitectura\\\/\"},\"author\":{\"name\":\"Arquimaster\",\"@id\":\"https:\\\/\\\/www.arquimaster.com.ar\\\/web\\\/#\\\/schema\\\/person\\\/359e9f7c00193fcde068e0dd2ceb0028\"},\"headline\":\"Casa Reticular \\\/ Taller Estilo Arquitectura\",\"datePublished\":\"2022-03-17T20:59:34+00:00\",\"dateModified\":\"2022-09-02T18:17:30+00:00\",\"mainEntityOfPage\":{\"@id\":\"https:\\\/\\\/www.arquimaster.com.ar\\\/web\\\/casa-reticular-taller-estilo-arquitectura\\\/\"},\"wordCount\":603,\"publisher\":{\"@id\":\"https:\\\/\\\/www.arquimaster.com.ar\\\/web\\\/#organization\"},\"image\":{\"@id\":\"https:\\\/\\\/www.arquimaster.com.ar\\\/web\\\/casa-reticular-taller-estilo-arquitectura\\\/#primaryimage\"},\"thumbnailUrl\":\"https:\\\/\\\/www.arquimaster.com.ar\\\/web\\\/wp-content\\\/uploads\\\/2022\\\/03\\\/casa_reticular_slide.jpg\",\"keywords\":[\"casa de campo\",\"casa de descanso\",\"casa de fin de semana\",\"Iv\u00e1n Atahualpa Hern\u00e1ndez Salazar\",\"Lu\u00eds Armando Estrada Aguilar\",\"Mexico\",\"Mococh\u00e1\",\"Taller Estilo Arquitectura\",\"V\u00edctor Alejandro Cruz Dom\u00ednguez\",\"vivienda no permanente\",\"Yucatan\"],\"articleSection\":[\"Proyecto\",\"Vivienda no permanente\"],\"inLanguage\":\"es\"},{\"@type\":\"WebPage\",\"@id\":\"https:\\\/\\\/www.arquimaster.com.ar\\\/web\\\/casa-reticular-taller-estilo-arquitectura\\\/\",\"url\":\"https:\\\/\\\/www.arquimaster.com.ar\\\/web\\\/casa-reticular-taller-estilo-arquitectura\\\/\",\"name\":\"Casa Reticular \\\/ Taller Estilo Arquitectura - Arquimaster\",\"isPartOf\":{\"@id\":\"https:\\\/\\\/www.arquimaster.com.ar\\\/web\\\/#website\"},\"primaryImageOfPage\":{\"@id\":\"https:\\\/\\\/www.arquimaster.com.ar\\\/web\\\/casa-reticular-taller-estilo-arquitectura\\\/#primaryimage\"},\"image\":{\"@id\":\"https:\\\/\\\/www.arquimaster.com.ar\\\/web\\\/casa-reticular-taller-estilo-arquitectura\\\/#primaryimage\"},\"thumbnailUrl\":\"https:\\\/\\\/www.arquimaster.com.ar\\\/web\\\/wp-content\\\/uploads\\\/2022\\\/03\\\/casa_reticular_slide.jpg\",\"datePublished\":\"2022-03-17T20:59:34+00:00\",\"dateModified\":\"2022-09-02T18:17:30+00:00\",\"description\":\"Busca la conexi\u00f3n de la arquitectura con el mundo natural, una conexi\u00f3n donde el edificio abraza el paisaje y viceversa.\",\"breadcrumb\":{\"@id\":\"https:\\\/\\\/www.arquimaster.com.ar\\\/web\\\/casa-reticular-taller-estilo-arquitectura\\\/#breadcrumb\"},\"inLanguage\":\"es\",\"potentialAction\":[{\"@type\":\"ReadAction\",\"target\":[\"https:\\\/\\\/www.arquimaster.com.ar\\\/web\\\/casa-reticular-taller-estilo-arquitectura\\\/\"]}]},{\"@type\":\"ImageObject\",\"inLanguage\":\"es\",\"@id\":\"https:\\\/\\\/www.arquimaster.com.ar\\\/web\\\/casa-reticular-taller-estilo-arquitectura\\\/#primaryimage\",\"url\":\"https:\\\/\\\/www.arquimaster.com.ar\\\/web\\\/wp-content\\\/uploads\\\/2022\\\/03\\\/casa_reticular_slide.jpg\",\"contentUrl\":\"https:\\\/\\\/www.arquimaster.com.ar\\\/web\\\/wp-content\\\/uploads\\\/2022\\\/03\\\/casa_reticular_slide.jpg\",\"width\":698,\"height\":364,\"caption\":\"Casa Reticular \\\/ Taller Estilo Arquitectura\"},{\"@type\":\"BreadcrumbList\",\"@id\":\"https:\\\/\\\/www.arquimaster.com.ar\\\/web\\\/casa-reticular-taller-estilo-arquitectura\\\/#breadcrumb\",\"itemListElement\":[{\"@type\":\"ListItem\",\"position\":1,\"name\":\"Portada\",\"item\":\"https:\\\/\\\/www.arquimaster.com.ar\\\/web\\\/\"},{\"@type\":\"ListItem\",\"position\":2,\"name\":\"Casa Reticular \\\/ Taller Estilo Arquitectura\"}]},{\"@type\":\"WebSite\",\"@id\":\"https:\\\/\\\/www.arquimaster.com.ar\\\/web\\\/#website\",\"url\":\"https:\\\/\\\/www.arquimaster.com.ar\\\/web\\\/\",\"name\":\"Arquimaster\",\"description\":\"Web de arquitectura, dise\u00f1o y construccion\",\"publisher\":{\"@id\":\"https:\\\/\\\/www.arquimaster.com.ar\\\/web\\\/#organization\"},\"potentialAction\":[{\"@type\":\"SearchAction\",\"target\":{\"@type\":\"EntryPoint\",\"urlTemplate\":\"https:\\\/\\\/www.arquimaster.com.ar\\\/web\\\/?s={search_term_string}\"},\"query-input\":{\"@type\":\"PropertyValueSpecification\",\"valueRequired\":true,\"valueName\":\"search_term_string\"}}],\"inLanguage\":\"es\"},{\"@type\":\"Organization\",\"@id\":\"https:\\\/\\\/www.arquimaster.com.ar\\\/web\\\/#organization\",\"name\":\"Arquimaster\",\"url\":\"https:\\\/\\\/www.arquimaster.com.ar\\\/web\\\/\",\"logo\":{\"@type\":\"ImageObject\",\"inLanguage\":\"es\",\"@id\":\"https:\\\/\\\/www.arquimaster.com.ar\\\/web\\\/#\\\/schema\\\/logo\\\/image\\\/\",\"url\":\"https:\\\/\\\/www.arquimaster.com.ar\\\/web\\\/wp-content\\\/uploads\\\/2022\\\/06\\\/arquimaster.png\",\"contentUrl\":\"https:\\\/\\\/www.arquimaster.com.ar\\\/web\\\/wp-content\\\/uploads\\\/2022\\\/06\\\/arquimaster.png\",\"width\":594,\"height\":78,\"caption\":\"Arquimaster\"},\"image\":{\"@id\":\"https:\\\/\\\/www.arquimaster.com.ar\\\/web\\\/#\\\/schema\\\/logo\\\/image\\\/\"},\"sameAs\":[\"http:\\\/\\\/www.facebook.com\\\/ARQUIMASTER.com.ar\",\"https:\\\/\\\/x.com\\\/arquimaster\",\"https:\\\/\\\/www.instagram.com\\\/arquimasterblog\\\/\",\"https:\\\/\\\/www.linkedin.com\\\/company\\\/arquimaster\",\"https:\\\/\\\/www.pinterest.com\\\/arquimaster\",\"https:\\\/\\\/t.me\\\/arquimaster\"]},{\"@type\":\"Person\",\"@id\":\"https:\\\/\\\/www.arquimaster.com.ar\\\/web\\\/#\\\/schema\\\/person\\\/359e9f7c00193fcde068e0dd2ceb0028\",\"name\":\"Arquimaster\"}]}<\/script>\n<!-- \/ Yoast SEO plugin. -->","yoast_head_json":{"title":"Casa Reticular \/ Taller Estilo Arquitectura - Arquimaster","description":"Busca la conexi\u00f3n de la arquitectura con el mundo natural, una conexi\u00f3n donde el edificio abraza el paisaje y viceversa.","robots":{"index":"index","follow":"follow","max-snippet":"max-snippet:-1","max-image-preview":"max-image-preview:large","max-video-preview":"max-video-preview:-1"},"canonical":"https:\/\/www.arquimaster.com.ar\/web\/casa-reticular-taller-estilo-arquitectura\/","og_locale":"es_ES","og_type":"article","og_title":"Casa Reticular \/ Taller Estilo Arquitectura","og_description":"Busca la conexi\u00f3n de la arquitectura con el mundo natural, una conexi\u00f3n donde el edificio abraza el paisaje y viceversa.","og_url":"https:\/\/www.arquimaster.com.ar\/web\/casa-reticular-taller-estilo-arquitectura\/","og_site_name":"Arquimaster","article_publisher":"http:\/\/www.facebook.com\/ARQUIMASTER.com.ar","article_published_time":"2022-03-17T20:59:34+00:00","article_modified_time":"2022-09-02T18:17:30+00:00","og_image":[{"width":698,"height":364,"url":"https:\/\/www.arquimaster.com.ar\/web\/wp-content\/uploads\/2022\/03\/casa_reticular_slide.jpg","type":"image\/jpeg"}],"author":"Arquimaster","twitter_card":"summary_large_image","twitter_title":"Casa Reticular \/ Taller Estilo Arquitectura","twitter_description":"Busca la conexi\u00f3n de la arquitectura con el mundo natural, una conexi\u00f3n donde el edificio abraza el paisaje y viceversa.","twitter_image":"https:\/\/www.arquimaster.com.ar\/web\/wp-content\/uploads\/2022\/03\/casa_reticular_slide.jpg","twitter_creator":"@arquimaster","twitter_site":"@arquimaster","twitter_misc":{"Escrito por":"Arquimaster","Tiempo de lectura":"3 minutos"},"schema":{"@context":"https:\/\/schema.org","@graph":[{"@type":"Article","@id":"https:\/\/www.arquimaster.com.ar\/web\/casa-reticular-taller-estilo-arquitectura\/#article","isPartOf":{"@id":"https:\/\/www.arquimaster.com.ar\/web\/casa-reticular-taller-estilo-arquitectura\/"},"author":{"name":"Arquimaster","@id":"https:\/\/www.arquimaster.com.ar\/web\/#\/schema\/person\/359e9f7c00193fcde068e0dd2ceb0028"},"headline":"Casa Reticular \/ Taller Estilo Arquitectura","datePublished":"2022-03-17T20:59:34+00:00","dateModified":"2022-09-02T18:17:30+00:00","mainEntityOfPage":{"@id":"https:\/\/www.arquimaster.com.ar\/web\/casa-reticular-taller-estilo-arquitectura\/"},"wordCount":603,"publisher":{"@id":"https:\/\/www.arquimaster.com.ar\/web\/#organization"},"image":{"@id":"https:\/\/www.arquimaster.com.ar\/web\/casa-reticular-taller-estilo-arquitectura\/#primaryimage"},"thumbnailUrl":"https:\/\/www.arquimaster.com.ar\/web\/wp-content\/uploads\/2022\/03\/casa_reticular_slide.jpg","keywords":["casa de campo","casa de descanso","casa de fin de semana","Iv\u00e1n Atahualpa Hern\u00e1ndez Salazar","Lu\u00eds Armando Estrada Aguilar","Mexico","Mococh\u00e1","Taller Estilo Arquitectura","V\u00edctor Alejandro Cruz Dom\u00ednguez","vivienda no permanente","Yucatan"],"articleSection":["Proyecto","Vivienda no permanente"],"inLanguage":"es"},{"@type":"WebPage","@id":"https:\/\/www.arquimaster.com.ar\/web\/casa-reticular-taller-estilo-arquitectura\/","url":"https:\/\/www.arquimaster.com.ar\/web\/casa-reticular-taller-estilo-arquitectura\/","name":"Casa Reticular \/ Taller Estilo Arquitectura - Arquimaster","isPartOf":{"@id":"https:\/\/www.arquimaster.com.ar\/web\/#website"},"primaryImageOfPage":{"@id":"https:\/\/www.arquimaster.com.ar\/web\/casa-reticular-taller-estilo-arquitectura\/#primaryimage"},"image":{"@id":"https:\/\/www.arquimaster.com.ar\/web\/casa-reticular-taller-estilo-arquitectura\/#primaryimage"},"thumbnailUrl":"https:\/\/www.arquimaster.com.ar\/web\/wp-content\/uploads\/2022\/03\/casa_reticular_slide.jpg","datePublished":"2022-03-17T20:59:34+00:00","dateModified":"2022-09-02T18:17:30+00:00","description":"Busca la conexi\u00f3n de la arquitectura con el mundo natural, una conexi\u00f3n donde el edificio abraza el paisaje y viceversa.","breadcrumb":{"@id":"https:\/\/www.arquimaster.com.ar\/web\/casa-reticular-taller-estilo-arquitectura\/#breadcrumb"},"inLanguage":"es","potentialAction":[{"@type":"ReadAction","target":["https:\/\/www.arquimaster.com.ar\/web\/casa-reticular-taller-estilo-arquitectura\/"]}]},{"@type":"ImageObject","inLanguage":"es","@id":"https:\/\/www.arquimaster.com.ar\/web\/casa-reticular-taller-estilo-arquitectura\/#primaryimage","url":"https:\/\/www.arquimaster.com.ar\/web\/wp-content\/uploads\/2022\/03\/casa_reticular_slide.jpg","contentUrl":"https:\/\/www.arquimaster.com.ar\/web\/wp-content\/uploads\/2022\/03\/casa_reticular_slide.jpg","width":698,"height":364,"caption":"Casa Reticular \/ Taller Estilo Arquitectura"},{"@type":"BreadcrumbList","@id":"https:\/\/www.arquimaster.com.ar\/web\/casa-reticular-taller-estilo-arquitectura\/#breadcrumb","itemListElement":[{"@type":"ListItem","position":1,"name":"Portada","item":"https:\/\/www.arquimaster.com.ar\/web\/"},{"@type":"ListItem","position":2,"name":"Casa Reticular \/ Taller Estilo Arquitectura"}]},{"@type":"WebSite","@id":"https:\/\/www.arquimaster.com.ar\/web\/#website","url":"https:\/\/www.arquimaster.com.ar\/web\/","name":"Arquimaster","description":"Web de arquitectura, dise\u00f1o y construccion","publisher":{"@id":"https:\/\/www.arquimaster.com.ar\/web\/#organization"},"potentialAction":[{"@type":"SearchAction","target":{"@type":"EntryPoint","urlTemplate":"https:\/\/www.arquimaster.com.ar\/web\/?s={search_term_string}"},"query-input":{"@type":"PropertyValueSpecification","valueRequired":true,"valueName":"search_term_string"}}],"inLanguage":"es"},{"@type":"Organization","@id":"https:\/\/www.arquimaster.com.ar\/web\/#organization","name":"Arquimaster","url":"https:\/\/www.arquimaster.com.ar\/web\/","logo":{"@type":"ImageObject","inLanguage":"es","@id":"https:\/\/www.arquimaster.com.ar\/web\/#\/schema\/logo\/image\/","url":"https:\/\/www.arquimaster.com.ar\/web\/wp-content\/uploads\/2022\/06\/arquimaster.png","contentUrl":"https:\/\/www.arquimaster.com.ar\/web\/wp-content\/uploads\/2022\/06\/arquimaster.png","width":594,"height":78,"caption":"Arquimaster"},"image":{"@id":"https:\/\/www.arquimaster.com.ar\/web\/#\/schema\/logo\/image\/"},"sameAs":["http:\/\/www.facebook.com\/ARQUIMASTER.com.ar","https:\/\/x.com\/arquimaster","https:\/\/www.instagram.com\/arquimasterblog\/","https:\/\/www.linkedin.com\/company\/arquimaster","https:\/\/www.pinterest.com\/arquimaster","https:\/\/t.me\/arquimaster"]},{"@type":"Person","@id":"https:\/\/www.arquimaster.com.ar\/web\/#\/schema\/person\/359e9f7c00193fcde068e0dd2ceb0028","name":"Arquimaster"}]}},"uagb_featured_image_src":{"full":["https:\/\/www.arquimaster.com.ar\/web\/wp-content\/uploads\/2022\/03\/casa_reticular_slide.jpg",698,364,false],"thumbnail":["https:\/\/www.arquimaster.com.ar\/web\/wp-content\/uploads\/2022\/03\/casa_reticular_slide-150x150.jpg",150,150,true],"medium":["https:\/\/www.arquimaster.com.ar\/web\/wp-content\/uploads\/2022\/03\/casa_reticular_slide.jpg",698,364,false],"medium_large":["https:\/\/www.arquimaster.com.ar\/web\/wp-content\/uploads\/2022\/03\/casa_reticular_slide.jpg",698,364,false],"large":["https:\/\/www.arquimaster.com.ar\/web\/wp-content\/uploads\/2022\/03\/casa_reticular_slide.jpg",698,364,false],"1536x1536":["https:\/\/www.arquimaster.com.ar\/web\/wp-content\/uploads\/2022\/03\/casa_reticular_slide.jpg",698,364,false],"2048x2048":["https:\/\/www.arquimaster.com.ar\/web\/wp-content\/uploads\/2022\/03\/casa_reticular_slide.jpg",698,364,false]},"uagb_author_info":{"display_name":"Arquimaster","author_link":"https:\/\/www.arquimaster.com.ar\/web\/author\/arquimaster\/"},"uagb_comment_info":0,"uagb_excerpt":"La casa busca la conexi\u00f3n de la arquitectura con el mundo natural...","_links":{"self":[{"href":"https:\/\/www.arquimaster.com.ar\/web\/wp-json\/wp\/v2\/posts\/69301","targetHints":{"allow":["GET"]}}],"collection":[{"href":"https:\/\/www.arquimaster.com.ar\/web\/wp-json\/wp\/v2\/posts"}],"about":[{"href":"https:\/\/www.arquimaster.com.ar\/web\/wp-json\/wp\/v2\/types\/post"}],"author":[{"embeddable":true,"href":"https:\/\/www.arquimaster.com.ar\/web\/wp-json\/wp\/v2\/users\/1"}],"replies":[{"embeddable":true,"href":"https:\/\/www.arquimaster.com.ar\/web\/wp-json\/wp\/v2\/comments?post=69301"}],"version-history":[{"count":2,"href":"https:\/\/www.arquimaster.com.ar\/web\/wp-json\/wp\/v2\/posts\/69301\/revisions"}],"predecessor-version":[{"id":69332,"href":"https:\/\/www.arquimaster.com.ar\/web\/wp-json\/wp\/v2\/posts\/69301\/revisions\/69332"}],"wp:featuredmedia":[{"embeddable":true,"href":"https:\/\/www.arquimaster.com.ar\/web\/wp-json\/wp\/v2\/media\/69302"}],"wp:attachment":[{"href":"https:\/\/www.arquimaster.com.ar\/web\/wp-json\/wp\/v2\/media?parent=69301"}],"wp:term":[{"taxonomy":"category","embeddable":true,"href":"https:\/\/www.arquimaster.com.ar\/web\/wp-json\/wp\/v2\/categories?post=69301"},{"taxonomy":"post_tag","embeddable":true,"href":"https:\/\/www.arquimaster.com.ar\/web\/wp-json\/wp\/v2\/tags?post=69301"}],"curies":[{"name":"wp","href":"https:\/\/api.w.org\/{rel}","templated":true}]}}