{"id":69341,"date":"2022-03-24T12:46:36","date_gmt":"2022-03-24T15:46:36","guid":{"rendered":"https:\/\/www.arquimaster.com.ar\/web\/?p=69341"},"modified":"2022-09-15T16:56:25","modified_gmt":"2022-09-15T19:56:25","slug":"vivienda-prensa-sin-titulo-arquitectura","status":"publish","type":"post","link":"https:\/\/www.arquimaster.com.ar\/web\/vivienda-prensa-sin-titulo-arquitectura\/","title":{"rendered":"Vivienda Prensa \/ Sin T\u00edtulo Arquitectura"},"content":{"rendered":"<div style=\"margin-top: 0px; margin-bottom: 0px;\" class=\"sharethis-inline-share-buttons\" ><\/div><div class=\"b812932af2e751442846f039925109de\" data-index=\"1\" style=\"float: none; margin:25px 0 25px 0; text-align:center;\">\n<script async src=\"https:\/\/pagead2.googlesyndication.com\/pagead\/js\/adsbygoogle.js\"><\/script>\r\n<!-- Arquimaster (superior) -->\r\n<ins class=\"adsbygoogle\"\r\n     style=\"display:block\"\r\n     data-ad-client=\"ca-pub-6351072698456832\"\r\n     data-ad-slot=\"6455489680\"\r\n     data-ad-format=\"auto\"\r\n     data-full-width-responsive=\"true\"><\/ins>\r\n<script>\r\n     (adsbygoogle = window.adsbygoogle || []).push({});\r\n<\/script>\n<\/div>\n<p><strong>Vivienda Prensa<\/strong> (Morelia, Michoac\u00e1n, M\u00e9xico) por <strong>Sin T\u00edtulo Arquitectura<\/strong>. Ubicada al sur de la ciudad de Morelia, Vivienda Prensa surge del anhelo pasado y presente de sus habitantes por tener un espacio de convivencia familiar y de descanso; se articula como un recept\u00e1culo de ambientes deseados, algunos vividos y otros imaginados. Tomando en cuenta su contexto, se abord\u00f3 la propuesta para aprovechar las caracter\u00edsticas de su entorno inmediato, sacando partida de su colindancia con un parque natural y de su elevaci\u00f3n natural del terreno.<\/p>\n<div id='gallery-1' class='gallery galleryid-69341 gallery-columns-3 gallery-size-thumbnail'><figure class='gallery-item'>\n\t\t\t<div class='gallery-icon landscape'>\n\t\t\t\t<a href='https:\/\/www.arquimaster.com.ar\/web\/wp-content\/uploads\/2022\/03\/vivienda_prensa1.jpg' title=\"Vivienda Prensa \/ Sin T\u00edtulo Arquitectura (\u00a9 Edson Contreras Ornelas)\" data-rl_title=\"Vivienda Prensa \/ Sin T\u00edtulo Arquitectura (\u00a9 Edson Contreras Ornelas)\" class=\"rl-gallery-link\" data-rl_caption=\"Vivienda Prensa \/ Sin T\u00edtulo Arquitectura (\u00a9 Edson Contreras Ornelas)\" data-rel=\"lightbox-gallery-1\"><img loading=\"lazy\" decoding=\"async\" width=\"150\" height=\"150\" src=\"https:\/\/www.arquimaster.com.ar\/web\/wp-content\/uploads\/2022\/03\/vivienda_prensa1-150x150.jpg\" class=\"attachment-thumbnail size-thumbnail\" alt=\"Vivienda Prensa \/ Sin T\u00edtulo Arquitectura\" aria-describedby=\"gallery-1-69343\" \/><\/a>\n\t\t\t<\/div>\n\t\t\t\t<figcaption class='wp-caption-text gallery-caption' id='gallery-1-69343'>\n\t\t\t\tVivienda Prensa \/ Sin T\u00edtulo Arquitectura (\u00a9 Edson Contreras Ornelas)\n\t\t\t\t<\/figcaption><\/figure><figure class='gallery-item'>\n\t\t\t<div class='gallery-icon landscape'>\n\t\t\t\t<a href='https:\/\/www.arquimaster.com.ar\/web\/wp-content\/uploads\/2022\/03\/vivienda_prensa2.jpg' title=\"Vivienda Prensa \/ Sin T\u00edtulo Arquitectura (\u00a9 Edson Contreras Ornelas)\" data-rl_title=\"Vivienda Prensa \/ Sin T\u00edtulo Arquitectura (\u00a9 Edson Contreras Ornelas)\" class=\"rl-gallery-link\" data-rl_caption=\"Vivienda Prensa \/ Sin T\u00edtulo Arquitectura (\u00a9 Edson Contreras Ornelas)\" data-rel=\"lightbox-gallery-1\"><img loading=\"lazy\" decoding=\"async\" width=\"150\" height=\"150\" src=\"https:\/\/www.arquimaster.com.ar\/web\/wp-content\/uploads\/2022\/03\/vivienda_prensa2-150x150.jpg\" class=\"attachment-thumbnail size-thumbnail\" alt=\"Vivienda Prensa \/ Sin T\u00edtulo Arquitectura\" aria-describedby=\"gallery-1-69344\" \/><\/a>\n\t\t\t<\/div>\n\t\t\t\t<figcaption class='wp-caption-text gallery-caption' id='gallery-1-69344'>\n\t\t\t\tVivienda Prensa \/ Sin T\u00edtulo Arquitectura (\u00a9 Edson Contreras Ornelas)\n\t\t\t\t<\/figcaption><\/figure><figure class='gallery-item'>\n\t\t\t<div class='gallery-icon portrait'>\n\t\t\t\t<a href='https:\/\/www.arquimaster.com.ar\/web\/wp-content\/uploads\/2022\/03\/vivienda_prensa3.jpg' title=\"Vivienda Prensa \/ Sin T\u00edtulo Arquitectura (\u00a9 Edson Contreras Ornelas)\" data-rl_title=\"Vivienda Prensa \/ Sin T\u00edtulo Arquitectura (\u00a9 Edson Contreras Ornelas)\" class=\"rl-gallery-link\" data-rl_caption=\"Vivienda Prensa \/ Sin T\u00edtulo Arquitectura (\u00a9 Edson Contreras Ornelas)\" data-rel=\"lightbox-gallery-1\"><img loading=\"lazy\" decoding=\"async\" width=\"150\" height=\"150\" src=\"https:\/\/www.arquimaster.com.ar\/web\/wp-content\/uploads\/2022\/03\/vivienda_prensa3-150x150.jpg\" class=\"attachment-thumbnail size-thumbnail\" alt=\"Vivienda Prensa \/ Sin T\u00edtulo Arquitectura\" aria-describedby=\"gallery-1-69345\" \/><\/a>\n\t\t\t<\/div>\n\t\t\t\t<figcaption class='wp-caption-text gallery-caption' id='gallery-1-69345'>\n\t\t\t\tVivienda Prensa \/ Sin T\u00edtulo Arquitectura (\u00a9 Edson Contreras Ornelas)\n\t\t\t\t<\/figcaption><\/figure><figure class='gallery-item'>\n\t\t\t<div class='gallery-icon landscape'>\n\t\t\t\t<a href='https:\/\/www.arquimaster.com.ar\/web\/wp-content\/uploads\/2022\/03\/vivienda_prensa4.jpg' title=\"Vivienda Prensa \/ Sin T\u00edtulo Arquitectura (\u00a9 Edson Contreras Ornelas)\" data-rl_title=\"Vivienda Prensa \/ Sin T\u00edtulo Arquitectura (\u00a9 Edson Contreras Ornelas)\" class=\"rl-gallery-link\" data-rl_caption=\"Vivienda Prensa \/ Sin T\u00edtulo Arquitectura (\u00a9 Edson Contreras Ornelas)\" data-rel=\"lightbox-gallery-1\"><img loading=\"lazy\" decoding=\"async\" width=\"150\" height=\"150\" src=\"https:\/\/www.arquimaster.com.ar\/web\/wp-content\/uploads\/2022\/03\/vivienda_prensa4-150x150.jpg\" class=\"attachment-thumbnail size-thumbnail\" alt=\"Vivienda Prensa \/ Sin T\u00edtulo Arquitectura\" aria-describedby=\"gallery-1-69346\" \/><\/a>\n\t\t\t<\/div>\n\t\t\t\t<figcaption class='wp-caption-text gallery-caption' id='gallery-1-69346'>\n\t\t\t\tVivienda Prensa \/ Sin T\u00edtulo Arquitectura (\u00a9 Edson Contreras Ornelas)\n\t\t\t\t<\/figcaption><\/figure><figure class='gallery-item'>\n\t\t\t<div class='gallery-icon landscape'>\n\t\t\t\t<a href='https:\/\/www.arquimaster.com.ar\/web\/wp-content\/uploads\/2022\/03\/vivienda_prensa5.jpg' title=\"Vivienda Prensa \/ Sin T\u00edtulo Arquitectura (\u00a9 Edson Contreras Ornelas)\" data-rl_title=\"Vivienda Prensa \/ Sin T\u00edtulo Arquitectura (\u00a9 Edson Contreras Ornelas)\" class=\"rl-gallery-link\" data-rl_caption=\"Vivienda Prensa \/ Sin T\u00edtulo Arquitectura (\u00a9 Edson Contreras Ornelas)\" data-rel=\"lightbox-gallery-1\"><img loading=\"lazy\" decoding=\"async\" width=\"150\" height=\"150\" src=\"https:\/\/www.arquimaster.com.ar\/web\/wp-content\/uploads\/2022\/03\/vivienda_prensa5-150x150.jpg\" class=\"attachment-thumbnail size-thumbnail\" alt=\"Vivienda Prensa \/ Sin T\u00edtulo Arquitectura\" aria-describedby=\"gallery-1-69347\" \/><\/a>\n\t\t\t<\/div>\n\t\t\t\t<figcaption class='wp-caption-text gallery-caption' id='gallery-1-69347'>\n\t\t\t\tVivienda Prensa \/ Sin T\u00edtulo Arquitectura (\u00a9 Edson Contreras Ornelas)\n\t\t\t\t<\/figcaption><\/figure><figure class='gallery-item'>\n\t\t\t<div class='gallery-icon portrait'>\n\t\t\t\t<a href='https:\/\/www.arquimaster.com.ar\/web\/wp-content\/uploads\/2022\/03\/vivienda_prensa6.jpg' title=\"Vivienda Prensa \/ Sin T\u00edtulo Arquitectura (\u00a9 Edson Contreras Ornelas)\" data-rl_title=\"Vivienda Prensa \/ Sin T\u00edtulo Arquitectura (\u00a9 Edson Contreras Ornelas)\" class=\"rl-gallery-link\" data-rl_caption=\"Vivienda Prensa \/ Sin T\u00edtulo Arquitectura (\u00a9 Edson Contreras Ornelas)\" data-rel=\"lightbox-gallery-1\"><img loading=\"lazy\" decoding=\"async\" width=\"150\" height=\"150\" src=\"https:\/\/www.arquimaster.com.ar\/web\/wp-content\/uploads\/2022\/03\/vivienda_prensa6-150x150.jpg\" class=\"attachment-thumbnail size-thumbnail\" alt=\"Vivienda Prensa \/ Sin T\u00edtulo Arquitectura\" aria-describedby=\"gallery-1-69348\" \/><\/a>\n\t\t\t<\/div>\n\t\t\t\t<figcaption class='wp-caption-text gallery-caption' id='gallery-1-69348'>\n\t\t\t\tVivienda Prensa \/ Sin T\u00edtulo Arquitectura (\u00a9 Edson Contreras Ornelas)\n\t\t\t\t<\/figcaption><\/figure><figure class='gallery-item'>\n\t\t\t<div class='gallery-icon portrait'>\n\t\t\t\t<a href='https:\/\/www.arquimaster.com.ar\/web\/wp-content\/uploads\/2022\/03\/vivienda_prensa7.jpg' title=\"Vivienda Prensa \/ Sin T\u00edtulo Arquitectura (\u00a9 Edson Contreras Ornelas)\" data-rl_title=\"Vivienda Prensa \/ Sin T\u00edtulo Arquitectura (\u00a9 Edson Contreras Ornelas)\" class=\"rl-gallery-link\" data-rl_caption=\"Vivienda Prensa \/ Sin T\u00edtulo Arquitectura (\u00a9 Edson Contreras Ornelas)\" data-rel=\"lightbox-gallery-1\"><img loading=\"lazy\" decoding=\"async\" width=\"150\" height=\"150\" src=\"https:\/\/www.arquimaster.com.ar\/web\/wp-content\/uploads\/2022\/03\/vivienda_prensa7-150x150.jpg\" class=\"attachment-thumbnail size-thumbnail\" alt=\"Vivienda Prensa \/ Sin T\u00edtulo Arquitectura\" aria-describedby=\"gallery-1-69349\" \/><\/a>\n\t\t\t<\/div>\n\t\t\t\t<figcaption class='wp-caption-text gallery-caption' id='gallery-1-69349'>\n\t\t\t\tVivienda Prensa \/ Sin T\u00edtulo Arquitectura (\u00a9 Edson Contreras Ornelas)\n\t\t\t\t<\/figcaption><\/figure><figure class='gallery-item'>\n\t\t\t<div class='gallery-icon portrait'>\n\t\t\t\t<a href='https:\/\/www.arquimaster.com.ar\/web\/wp-content\/uploads\/2022\/03\/vivienda_prensa8.jpg' title=\"Vivienda Prensa \/ Sin T\u00edtulo Arquitectura (\u00a9 Edson Contreras Ornelas)\" data-rl_title=\"Vivienda Prensa \/ Sin T\u00edtulo Arquitectura (\u00a9 Edson Contreras Ornelas)\" class=\"rl-gallery-link\" data-rl_caption=\"Vivienda Prensa \/ Sin T\u00edtulo Arquitectura (\u00a9 Edson Contreras Ornelas)\" data-rel=\"lightbox-gallery-1\"><img loading=\"lazy\" decoding=\"async\" width=\"150\" height=\"150\" src=\"https:\/\/www.arquimaster.com.ar\/web\/wp-content\/uploads\/2022\/03\/vivienda_prensa8-150x150.jpg\" class=\"attachment-thumbnail size-thumbnail\" alt=\"Vivienda Prensa \/ Sin T\u00edtulo Arquitectura\" aria-describedby=\"gallery-1-69350\" \/><\/a>\n\t\t\t<\/div>\n\t\t\t\t<figcaption class='wp-caption-text gallery-caption' id='gallery-1-69350'>\n\t\t\t\tVivienda Prensa \/ Sin T\u00edtulo Arquitectura (\u00a9 Edson Contreras Ornelas)\n\t\t\t\t<\/figcaption><\/figure><figure class='gallery-item'>\n\t\t\t<div class='gallery-icon portrait'>\n\t\t\t\t<a href='https:\/\/www.arquimaster.com.ar\/web\/wp-content\/uploads\/2022\/03\/vivienda_prensa9.jpg' title=\"Vivienda Prensa \/ Sin T\u00edtulo Arquitectura (\u00a9 Edson Contreras Ornelas)\" data-rl_title=\"Vivienda Prensa \/ Sin T\u00edtulo Arquitectura (\u00a9 Edson Contreras Ornelas)\" class=\"rl-gallery-link\" data-rl_caption=\"Vivienda Prensa \/ Sin T\u00edtulo Arquitectura (\u00a9 Edson Contreras Ornelas)\" data-rel=\"lightbox-gallery-1\"><img loading=\"lazy\" decoding=\"async\" width=\"150\" height=\"150\" src=\"https:\/\/www.arquimaster.com.ar\/web\/wp-content\/uploads\/2022\/03\/vivienda_prensa9-150x150.jpg\" class=\"attachment-thumbnail size-thumbnail\" alt=\"Vivienda Prensa \/ Sin T\u00edtulo Arquitectura\" aria-describedby=\"gallery-1-69351\" \/><\/a>\n\t\t\t<\/div>\n\t\t\t\t<figcaption class='wp-caption-text gallery-caption' id='gallery-1-69351'>\n\t\t\t\tVivienda Prensa \/ Sin T\u00edtulo Arquitectura (\u00a9 Edson Contreras Ornelas)\n\t\t\t\t<\/figcaption><\/figure><figure class='gallery-item'>\n\t\t\t<div class='gallery-icon landscape'>\n\t\t\t\t<a href='https:\/\/www.arquimaster.com.ar\/web\/wp-content\/uploads\/2022\/03\/vivienda_prensa10.jpg' title=\"Vivienda Prensa \/ Sin T\u00edtulo Arquitectura (\u00a9 Edson Contreras Ornelas)\" data-rl_title=\"Vivienda Prensa \/ Sin T\u00edtulo Arquitectura (\u00a9 Edson Contreras Ornelas)\" class=\"rl-gallery-link\" data-rl_caption=\"Vivienda Prensa \/ Sin T\u00edtulo Arquitectura (\u00a9 Edson Contreras Ornelas)\" data-rel=\"lightbox-gallery-1\"><img loading=\"lazy\" decoding=\"async\" width=\"150\" height=\"150\" src=\"https:\/\/www.arquimaster.com.ar\/web\/wp-content\/uploads\/2022\/03\/vivienda_prensa10-150x150.jpg\" class=\"attachment-thumbnail size-thumbnail\" alt=\"Vivienda Prensa \/ Sin T\u00edtulo Arquitectura\" aria-describedby=\"gallery-1-69352\" \/><\/a>\n\t\t\t<\/div>\n\t\t\t\t<figcaption class='wp-caption-text gallery-caption' id='gallery-1-69352'>\n\t\t\t\tVivienda Prensa \/ Sin T\u00edtulo Arquitectura (\u00a9 Edson Contreras Ornelas)\n\t\t\t\t<\/figcaption><\/figure><figure class='gallery-item'>\n\t\t\t<div class='gallery-icon portrait'>\n\t\t\t\t<a href='https:\/\/www.arquimaster.com.ar\/web\/wp-content\/uploads\/2022\/03\/vivienda_prensa11.jpg' title=\"Vivienda Prensa \/ Sin T\u00edtulo Arquitectura (\u00a9 Edson Contreras Ornelas)\" data-rl_title=\"Vivienda Prensa \/ Sin T\u00edtulo Arquitectura (\u00a9 Edson Contreras Ornelas)\" class=\"rl-gallery-link\" data-rl_caption=\"Vivienda Prensa \/ Sin T\u00edtulo Arquitectura (\u00a9 Edson Contreras Ornelas)\" data-rel=\"lightbox-gallery-1\"><img loading=\"lazy\" decoding=\"async\" width=\"150\" height=\"150\" src=\"https:\/\/www.arquimaster.com.ar\/web\/wp-content\/uploads\/2022\/03\/vivienda_prensa11-150x150.jpg\" class=\"attachment-thumbnail size-thumbnail\" alt=\"Vivienda Prensa \/ Sin T\u00edtulo Arquitectura\" aria-describedby=\"gallery-1-69353\" \/><\/a>\n\t\t\t<\/div>\n\t\t\t\t<figcaption class='wp-caption-text gallery-caption' id='gallery-1-69353'>\n\t\t\t\tVivienda Prensa \/ Sin T\u00edtulo Arquitectura (\u00a9 Edson Contreras Ornelas)\n\t\t\t\t<\/figcaption><\/figure><figure class='gallery-item'>\n\t\t\t<div class='gallery-icon portrait'>\n\t\t\t\t<a href='https:\/\/www.arquimaster.com.ar\/web\/wp-content\/uploads\/2022\/03\/vivienda_prensa12.jpg' title=\"Vivienda Prensa \/ Sin T\u00edtulo Arquitectura (\u00a9 Edson Contreras Ornelas)\" data-rl_title=\"Vivienda Prensa \/ Sin T\u00edtulo Arquitectura (\u00a9 Edson Contreras Ornelas)\" class=\"rl-gallery-link\" data-rl_caption=\"Vivienda Prensa \/ Sin T\u00edtulo Arquitectura (\u00a9 Edson Contreras Ornelas)\" data-rel=\"lightbox-gallery-1\"><img loading=\"lazy\" decoding=\"async\" width=\"150\" height=\"150\" src=\"https:\/\/www.arquimaster.com.ar\/web\/wp-content\/uploads\/2022\/03\/vivienda_prensa12-150x150.jpg\" class=\"attachment-thumbnail size-thumbnail\" alt=\"Vivienda Prensa \/ Sin T\u00edtulo Arquitectura\" aria-describedby=\"gallery-1-69354\" \/><\/a>\n\t\t\t<\/div>\n\t\t\t\t<figcaption class='wp-caption-text gallery-caption' id='gallery-1-69354'>\n\t\t\t\tVivienda Prensa \/ Sin T\u00edtulo Arquitectura (\u00a9 Edson Contreras Ornelas)\n\t\t\t\t<\/figcaption><\/figure><figure class='gallery-item'>\n\t\t\t<div class='gallery-icon landscape'>\n\t\t\t\t<a href='https:\/\/www.arquimaster.com.ar\/web\/wp-content\/uploads\/2022\/03\/vivienda_prensa13.jpg' title=\"Vivienda Prensa \/ Sin T\u00edtulo Arquitectura (\u00a9 Edson Contreras Ornelas)\" data-rl_title=\"Vivienda Prensa \/ Sin T\u00edtulo Arquitectura (\u00a9 Edson Contreras Ornelas)\" class=\"rl-gallery-link\" data-rl_caption=\"Vivienda Prensa \/ Sin T\u00edtulo Arquitectura (\u00a9 Edson Contreras Ornelas)\" data-rel=\"lightbox-gallery-1\"><img loading=\"lazy\" decoding=\"async\" width=\"150\" height=\"150\" src=\"https:\/\/www.arquimaster.com.ar\/web\/wp-content\/uploads\/2022\/03\/vivienda_prensa13-150x150.jpg\" class=\"attachment-thumbnail size-thumbnail\" alt=\"Vivienda Prensa \/ Sin T\u00edtulo Arquitectura\" aria-describedby=\"gallery-1-69355\" \/><\/a>\n\t\t\t<\/div>\n\t\t\t\t<figcaption class='wp-caption-text gallery-caption' id='gallery-1-69355'>\n\t\t\t\tVivienda Prensa \/ Sin T\u00edtulo Arquitectura (\u00a9 Edson Contreras Ornelas)\n\t\t\t\t<\/figcaption><\/figure><figure class='gallery-item'>\n\t\t\t<div class='gallery-icon landscape'>\n\t\t\t\t<a href='https:\/\/www.arquimaster.com.ar\/web\/wp-content\/uploads\/2022\/03\/vivienda_prensa14.jpg' title=\"Vivienda Prensa \/ Sin T\u00edtulo Arquitectura (\u00a9 Edson Contreras Ornelas)\" data-rl_title=\"Vivienda Prensa \/ Sin T\u00edtulo Arquitectura (\u00a9 Edson Contreras Ornelas)\" class=\"rl-gallery-link\" data-rl_caption=\"Vivienda Prensa \/ Sin T\u00edtulo Arquitectura (\u00a9 Edson Contreras Ornelas)\" data-rel=\"lightbox-gallery-1\"><img loading=\"lazy\" decoding=\"async\" width=\"150\" height=\"150\" src=\"https:\/\/www.arquimaster.com.ar\/web\/wp-content\/uploads\/2022\/03\/vivienda_prensa14-150x150.jpg\" class=\"attachment-thumbnail size-thumbnail\" alt=\"Vivienda Prensa \/ Sin T\u00edtulo Arquitectura\" aria-describedby=\"gallery-1-69356\" \/><\/a>\n\t\t\t<\/div>\n\t\t\t\t<figcaption class='wp-caption-text gallery-caption' id='gallery-1-69356'>\n\t\t\t\tVivienda Prensa \/ Sin T\u00edtulo Arquitectura (\u00a9 Edson Contreras Ornelas)\n\t\t\t\t<\/figcaption><\/figure><figure class='gallery-item'>\n\t\t\t<div class='gallery-icon landscape'>\n\t\t\t\t<a href='https:\/\/www.arquimaster.com.ar\/web\/wp-content\/uploads\/2022\/03\/vivienda_prensa15.jpg' title=\"Vivienda Prensa \/ Sin T\u00edtulo Arquitectura (\u00a9 Edson Contreras Ornelas)\" data-rl_title=\"Vivienda Prensa \/ Sin T\u00edtulo Arquitectura (\u00a9 Edson Contreras Ornelas)\" class=\"rl-gallery-link\" data-rl_caption=\"Vivienda Prensa \/ Sin T\u00edtulo Arquitectura (\u00a9 Edson Contreras Ornelas)\" data-rel=\"lightbox-gallery-1\"><img loading=\"lazy\" decoding=\"async\" width=\"150\" height=\"150\" src=\"https:\/\/www.arquimaster.com.ar\/web\/wp-content\/uploads\/2022\/03\/vivienda_prensa15-150x150.jpg\" class=\"attachment-thumbnail size-thumbnail\" alt=\"Vivienda Prensa \/ Sin T\u00edtulo Arquitectura\" aria-describedby=\"gallery-1-69357\" \/><\/a>\n\t\t\t<\/div>\n\t\t\t\t<figcaption class='wp-caption-text gallery-caption' id='gallery-1-69357'>\n\t\t\t\tVivienda Prensa \/ Sin T\u00edtulo Arquitectura (\u00a9 Edson Contreras Ornelas)\n\t\t\t\t<\/figcaption><\/figure><figure class='gallery-item'>\n\t\t\t<div class='gallery-icon portrait'>\n\t\t\t\t<a href='https:\/\/www.arquimaster.com.ar\/web\/wp-content\/uploads\/2022\/03\/vivienda_prensa16.jpg' title=\"Vivienda Prensa \/ Sin T\u00edtulo Arquitectura (\u00a9 Edson Contreras Ornelas)\" data-rl_title=\"Vivienda Prensa \/ Sin T\u00edtulo Arquitectura (\u00a9 Edson Contreras Ornelas)\" class=\"rl-gallery-link\" data-rl_caption=\"Vivienda Prensa \/ Sin T\u00edtulo Arquitectura (\u00a9 Edson Contreras Ornelas)\" data-rel=\"lightbox-gallery-1\"><img loading=\"lazy\" decoding=\"async\" width=\"150\" height=\"150\" src=\"https:\/\/www.arquimaster.com.ar\/web\/wp-content\/uploads\/2022\/03\/vivienda_prensa16-150x150.jpg\" class=\"attachment-thumbnail size-thumbnail\" alt=\"Vivienda Prensa \/ Sin T\u00edtulo Arquitectura\" aria-describedby=\"gallery-1-69358\" \/><\/a>\n\t\t\t<\/div>\n\t\t\t\t<figcaption class='wp-caption-text gallery-caption' id='gallery-1-69358'>\n\t\t\t\tVivienda Prensa \/ Sin T\u00edtulo Arquitectura (\u00a9 Edson Contreras Ornelas)\n\t\t\t\t<\/figcaption><\/figure><figure class='gallery-item'>\n\t\t\t<div class='gallery-icon portrait'>\n\t\t\t\t<a href='https:\/\/www.arquimaster.com.ar\/web\/wp-content\/uploads\/2022\/03\/vivienda_prensa17.jpg' title=\"Vivienda Prensa \/ Sin T\u00edtulo Arquitectura (\u00a9 Edson Contreras Ornelas)\" data-rl_title=\"Vivienda Prensa \/ Sin T\u00edtulo Arquitectura (\u00a9 Edson Contreras Ornelas)\" class=\"rl-gallery-link\" data-rl_caption=\"Vivienda Prensa \/ Sin T\u00edtulo Arquitectura (\u00a9 Edson Contreras Ornelas)\" data-rel=\"lightbox-gallery-1\"><img loading=\"lazy\" decoding=\"async\" width=\"150\" height=\"150\" src=\"https:\/\/www.arquimaster.com.ar\/web\/wp-content\/uploads\/2022\/03\/vivienda_prensa17-150x150.jpg\" class=\"attachment-thumbnail size-thumbnail\" alt=\"Vivienda Prensa \/ Sin T\u00edtulo Arquitectura\" aria-describedby=\"gallery-1-69359\" \/><\/a>\n\t\t\t<\/div>\n\t\t\t\t<figcaption class='wp-caption-text gallery-caption' id='gallery-1-69359'>\n\t\t\t\tVivienda Prensa \/ Sin T\u00edtulo Arquitectura (\u00a9 Edson Contreras Ornelas)\n\t\t\t\t<\/figcaption><\/figure><figure class='gallery-item'>\n\t\t\t<div class='gallery-icon landscape'>\n\t\t\t\t<a href='https:\/\/www.arquimaster.com.ar\/web\/wp-content\/uploads\/2022\/03\/vivienda_prensa18.jpg' title=\"Vivienda Prensa \/ Sin T\u00edtulo Arquitectura (\u00a9 Edson Contreras Ornelas)\" data-rl_title=\"Vivienda Prensa \/ Sin T\u00edtulo Arquitectura (\u00a9 Edson Contreras Ornelas)\" class=\"rl-gallery-link\" data-rl_caption=\"Vivienda Prensa \/ Sin T\u00edtulo Arquitectura (\u00a9 Edson Contreras Ornelas)\" data-rel=\"lightbox-gallery-1\"><img loading=\"lazy\" decoding=\"async\" width=\"150\" height=\"150\" src=\"https:\/\/www.arquimaster.com.ar\/web\/wp-content\/uploads\/2022\/03\/vivienda_prensa18-150x150.jpg\" class=\"attachment-thumbnail size-thumbnail\" alt=\"Vivienda Prensa \/ Sin T\u00edtulo Arquitectura\" aria-describedby=\"gallery-1-69360\" \/><\/a>\n\t\t\t<\/div>\n\t\t\t\t<figcaption class='wp-caption-text gallery-caption' id='gallery-1-69360'>\n\t\t\t\tVivienda Prensa \/ Sin T\u00edtulo Arquitectura (\u00a9 Edson Contreras Ornelas)\n\t\t\t\t<\/figcaption><\/figure><figure class='gallery-item'>\n\t\t\t<div class='gallery-icon portrait'>\n\t\t\t\t<a href='https:\/\/www.arquimaster.com.ar\/web\/wp-content\/uploads\/2022\/03\/vivienda_prensa19.jpg' title=\"Vivienda Prensa \/ Sin T\u00edtulo Arquitectura (implantaci\u00f3n)\" data-rl_title=\"Vivienda Prensa \/ Sin T\u00edtulo Arquitectura (implantaci\u00f3n)\" class=\"rl-gallery-link\" data-rl_caption=\"Vivienda Prensa \/ Sin T\u00edtulo Arquitectura (implantaci\u00f3n)\" data-rel=\"lightbox-gallery-1\"><img loading=\"lazy\" decoding=\"async\" width=\"150\" height=\"150\" src=\"https:\/\/www.arquimaster.com.ar\/web\/wp-content\/uploads\/2022\/03\/vivienda_prensa19-150x150.jpg\" class=\"attachment-thumbnail size-thumbnail\" alt=\"Vivienda Prensa \/ Sin T\u00edtulo Arquitectura\" aria-describedby=\"gallery-1-69361\" \/><\/a>\n\t\t\t<\/div>\n\t\t\t\t<figcaption class='wp-caption-text gallery-caption' id='gallery-1-69361'>\n\t\t\t\tVivienda Prensa \/ Sin T\u00edtulo Arquitectura (implantaci\u00f3n)\n\t\t\t\t<\/figcaption><\/figure><figure class='gallery-item'>\n\t\t\t<div class='gallery-icon portrait'>\n\t\t\t\t<a href='https:\/\/www.arquimaster.com.ar\/web\/wp-content\/uploads\/2022\/03\/vivienda_prensa21.jpg' title=\"Vivienda Prensa \/ Sin T\u00edtulo Arquitectura (planta baja)\" data-rl_title=\"Vivienda Prensa \/ Sin T\u00edtulo Arquitectura (planta baja)\" class=\"rl-gallery-link\" data-rl_caption=\"Vivienda Prensa \/ Sin T\u00edtulo Arquitectura (planta baja)\" data-rel=\"lightbox-gallery-1\"><img loading=\"lazy\" decoding=\"async\" width=\"150\" height=\"150\" src=\"https:\/\/www.arquimaster.com.ar\/web\/wp-content\/uploads\/2022\/03\/vivienda_prensa21-150x150.jpg\" class=\"attachment-thumbnail size-thumbnail\" alt=\"Vivienda Prensa \/ Sin T\u00edtulo Arquitectura\" aria-describedby=\"gallery-1-69363\" \/><\/a>\n\t\t\t<\/div>\n\t\t\t\t<figcaption class='wp-caption-text gallery-caption' id='gallery-1-69363'>\n\t\t\t\tVivienda Prensa \/ Sin T\u00edtulo Arquitectura (planta baja)\n\t\t\t\t<\/figcaption><\/figure><figure class='gallery-item'>\n\t\t\t<div class='gallery-icon portrait'>\n\t\t\t\t<a href='https:\/\/www.arquimaster.com.ar\/web\/wp-content\/uploads\/2022\/03\/vivienda_prensa20.jpg' title=\"Vivienda Prensa \/ Sin T\u00edtulo Arquitectura (planta alta)\" data-rl_title=\"Vivienda Prensa \/ Sin T\u00edtulo Arquitectura (planta alta)\" class=\"rl-gallery-link\" data-rl_caption=\"Vivienda Prensa \/ Sin T\u00edtulo Arquitectura (planta alta)\" data-rel=\"lightbox-gallery-1\"><img loading=\"lazy\" decoding=\"async\" width=\"150\" height=\"150\" src=\"https:\/\/www.arquimaster.com.ar\/web\/wp-content\/uploads\/2022\/03\/vivienda_prensa20-150x150.jpg\" class=\"attachment-thumbnail size-thumbnail\" alt=\"Vivienda Prensa \/ Sin T\u00edtulo Arquitectura\" aria-describedby=\"gallery-1-69362\" \/><\/a>\n\t\t\t<\/div>\n\t\t\t\t<figcaption class='wp-caption-text gallery-caption' id='gallery-1-69362'>\n\t\t\t\tVivienda Prensa \/ Sin T\u00edtulo Arquitectura (planta alta)\n\t\t\t\t<\/figcaption><\/figure><figure class='gallery-item'>\n\t\t\t<div class='gallery-icon landscape'>\n\t\t\t\t<a href='https:\/\/www.arquimaster.com.ar\/web\/wp-content\/uploads\/2022\/03\/vivienda_prensa22.jpg' title=\"Vivienda Prensa \/ Sin T\u00edtulo Arquitectura (corte)\" data-rl_title=\"Vivienda Prensa \/ Sin T\u00edtulo Arquitectura (corte)\" class=\"rl-gallery-link\" data-rl_caption=\"Vivienda Prensa \/ Sin T\u00edtulo Arquitectura (corte)\" data-rel=\"lightbox-gallery-1\"><img loading=\"lazy\" decoding=\"async\" width=\"150\" height=\"150\" src=\"https:\/\/www.arquimaster.com.ar\/web\/wp-content\/uploads\/2022\/03\/vivienda_prensa22-150x150.jpg\" class=\"attachment-thumbnail size-thumbnail\" alt=\"Vivienda Prensa \/ Sin T\u00edtulo Arquitectura\" aria-describedby=\"gallery-1-69364\" \/><\/a>\n\t\t\t<\/div>\n\t\t\t\t<figcaption class='wp-caption-text gallery-caption' id='gallery-1-69364'>\n\t\t\t\tVivienda Prensa \/ Sin T\u00edtulo Arquitectura (corte)\n\t\t\t\t<\/figcaption><\/figure><figure class='gallery-item'>\n\t\t\t<div class='gallery-icon landscape'>\n\t\t\t\t<a href='https:\/\/www.arquimaster.com.ar\/web\/wp-content\/uploads\/2022\/03\/vivienda_prensa23.jpg' title=\"Vivienda Prensa \/ Sin T\u00edtulo Arquitectura (corte)\" data-rl_title=\"Vivienda Prensa \/ Sin T\u00edtulo Arquitectura (corte)\" class=\"rl-gallery-link\" data-rl_caption=\"Vivienda Prensa \/ Sin T\u00edtulo Arquitectura (corte)\" data-rel=\"lightbox-gallery-1\"><img loading=\"lazy\" decoding=\"async\" width=\"150\" height=\"150\" src=\"https:\/\/www.arquimaster.com.ar\/web\/wp-content\/uploads\/2022\/03\/vivienda_prensa23-150x150.jpg\" class=\"attachment-thumbnail size-thumbnail\" alt=\"Vivienda Prensa \/ Sin T\u00edtulo Arquitectura\" aria-describedby=\"gallery-1-69365\" \/><\/a>\n\t\t\t<\/div>\n\t\t\t\t<figcaption class='wp-caption-text gallery-caption' id='gallery-1-69365'>\n\t\t\t\tVivienda Prensa \/ Sin T\u00edtulo Arquitectura (corte)\n\t\t\t\t<\/figcaption><\/figure><figure class='gallery-item'>\n\t\t\t<div class='gallery-icon landscape'>\n\t\t\t\t<a href='https:\/\/www.arquimaster.com.ar\/web\/wp-content\/uploads\/2022\/03\/vivienda_prensa24.jpg' title=\"Vivienda Prensa \/ Sin T\u00edtulo Arquitectura (fachada)\" data-rl_title=\"Vivienda Prensa \/ Sin T\u00edtulo Arquitectura (fachada)\" class=\"rl-gallery-link\" data-rl_caption=\"Vivienda Prensa \/ Sin T\u00edtulo Arquitectura (fachada)\" data-rel=\"lightbox-gallery-1\"><img loading=\"lazy\" decoding=\"async\" width=\"150\" height=\"150\" src=\"https:\/\/www.arquimaster.com.ar\/web\/wp-content\/uploads\/2022\/03\/vivienda_prensa24-150x150.jpg\" class=\"attachment-thumbnail size-thumbnail\" alt=\"Vivienda Prensa \/ Sin T\u00edtulo Arquitectura\" aria-describedby=\"gallery-1-69366\" \/><\/a>\n\t\t\t<\/div>\n\t\t\t\t<figcaption class='wp-caption-text gallery-caption' id='gallery-1-69366'>\n\t\t\t\tVivienda Prensa \/ Sin T\u00edtulo Arquitectura (fachada)\n\t\t\t\t<\/figcaption><\/figure><figure class='gallery-item'>\n\t\t\t<div class='gallery-icon landscape'>\n\t\t\t\t<a href='https:\/\/www.arquimaster.com.ar\/web\/wp-content\/uploads\/2022\/03\/vivienda_prensa25.jpg' title=\"Vivienda Prensa \/ Sin T\u00edtulo Arquitectura (axonometria)\" data-rl_title=\"Vivienda Prensa \/ Sin T\u00edtulo Arquitectura (axonometria)\" class=\"rl-gallery-link\" data-rl_caption=\"Vivienda Prensa \/ Sin T\u00edtulo Arquitectura (axonometria)\" data-rel=\"lightbox-gallery-1\"><img loading=\"lazy\" decoding=\"async\" width=\"150\" height=\"150\" src=\"https:\/\/www.arquimaster.com.ar\/web\/wp-content\/uploads\/2022\/03\/vivienda_prensa25-150x150.jpg\" class=\"attachment-thumbnail size-thumbnail\" alt=\"Vivienda Prensa \/ Sin T\u00edtulo Arquitectura\" aria-describedby=\"gallery-1-69367\" \/><\/a>\n\t\t\t<\/div>\n\t\t\t\t<figcaption class='wp-caption-text gallery-caption' id='gallery-1-69367'>\n\t\t\t\tVivienda Prensa \/ Sin T\u00edtulo Arquitectura (axonometria)\n\t\t\t\t<\/figcaption><\/figure>\n\t\t<\/div>\n\n<p>La intenci\u00f3n primaria del proyecto fue posarse de manera genuina sobre la topograf\u00eda inclinada del sitio, para ello se realizaron dos plataformas para adaptarse de la mejor manera a la silueta del terreno con una pendiente de 5 metros.<\/p>\n<p>Esta caracter\u00edstica fue la pauta para resolver la estructura de manera particular, donde la planta baja contiene parte del terreno y la planta alta se inserta y se sostiene en conjunto, la cual resalta en su fachada por la integraci\u00f3n de cubiertas inclinadas.<\/p>\n<p>Partiendo de lo anterior, el proyecto se desenvuelve en dos m\u00f3dulos, en el nivel de acceso se consideraron los servicios, \u00e1rea de cochera y la escalera; esta a su vez es una lucerna que permite iluminar y enmarcar el acceso peatonal a la segunda plataforma que es el nivel habitable.<\/p>\n<p>Al interior, se integraron los espacios esenciales para el ocio, espacios suficientes que se potencializan con una sensaci\u00f3n de amplitud debido a las diferentes alturas e inclinaciones que se experimentan en los diversos vol\u00famenes de la vivienda; as\u00ed como los v\u00ednculos hacia los patios que se abren al sur con los sonidos del bosque y al norte con vistas hacia la ciudad.<\/p>\n<p>La composici\u00f3n primaria de la vivienda se define como un n\u00facleo de interacci\u00f3n social, a partir de ello, las zonas de mayor privacidad (que son las dos rec\u00e1maras) se desarrollan en sentidos opuestos, norte y sur. Esta caracter\u00edstica, permite a los habitantes ejercer lo cotidiano al centro del espacio para posteriormente utilizar las habitaciones, sus mundos \u00edntimos.<\/p>\n<p>En cuesti\u00f3n de materialidad, se manifiestan contrastes en la apariencia interior y exterior. Por una parte, en la cara interior lo liso y neutro de los muros reciben la parota del mobiliario fijo, los reflejos del granito y el patr\u00f3n geom\u00e9trico del tapiz; y por otro lado en su expresi\u00f3n exterior revela lo contundente del recinto negro poroso utilizado en pavimentos y secciones de la fachada, contrastando con los tonos neutros y blancos que rigen el proyecto.<\/p>\n\n\n<div style=\"height:20px\" aria-hidden=\"true\" class=\"wp-block-spacer\"><\/div>\n\n\n\n<p class=\"has-background\" style=\"background-color:#eaeaea\"><strong>Ficha t\u00e9cnica<\/strong><br>Nombre: Vivienda Prensa<br>Ubicaci\u00f3n: Morelia, Michoac\u00e1n, M\u00e9xico<br>Oficina: Sin T\u00edtulo Arquitectura<br>Arquitecto a cargo: Luis Jacobo Villafuerte, Celia Granados Campos<br>Estructura: IE. Ingenier\u00eda Estructural<br>Iluminaci\u00f3n: MCA Integradores S.A. de C.V.<br>Superficie: 215 m2<br>A\u00f1o de terminaci\u00f3n: 2021<br>Comunicaci\u00f3n: Jorge Vences<br>Fotograf\u00edas: Edson Contreras Ornelas<br><br><strong>Contacto<\/strong><br><a href=\"https:\/\/www.sintitulo.com.mx\" target=\"_blank\" rel=\"noreferrer noopener\">https:\/\/www.sintitulo.com.mx<\/a><\/p>\n\n\n\n<div style=\"height:40px\" aria-hidden=\"true\" class=\"wp-block-spacer\"><\/div>\n\n<div style=\"font-size: 0px; height: 0px; line-height: 0px; margin: 0; padding: 0; clear: both;\"><\/div><div style=\"margin-top: 0px; margin-bottom: 0px;\" class=\"sharethis-inline-share-buttons\" ><\/div>","protected":false},"excerpt":{"rendered":"<p>Saca partido de su colindancia con un parque natural y la elevaci\u00f3n del terreno&#8230;<\/p>\n","protected":false},"author":1,"featured_media":69342,"comment_status":"closed","ping_status":"closed","sticky":false,"template":"","format":"standard","meta":{"_uag_custom_page_level_css":"","footnotes":""},"categories":[1,83],"tags":[6567,6568,24,6565,6564,6566,254],"class_list":["post-69341","post","type-post","status-publish","format-standard","has-post-thumbnail","hentry","category-proyecto","category-vivienda-unifamiliar","tag-celia-granados-campos","tag-luis-jacobo-villafuerte","tag-mexico","tag-michoacan","tag-morelia","tag-sin-titulo-arquitectura","tag-vivienda-unifamiliar-2","generate-columns","tablet-grid-50","mobile-grid-100","grid-parent","grid-50"],"yoast_head":"<!-- This site is optimized with the Yoast SEO plugin v27.3 - https:\/\/yoast.com\/product\/yoast-seo-wordpress\/ -->\n<title>Vivienda Prensa \/ Sin T\u00edtulo Arquitectura - Arquimaster<\/title>\n<meta name=\"description\" content=\"El proyecto saca partido de su colindancia con un parque natural y de su elevaci\u00f3n natural del terreno.\" \/>\n<meta name=\"robots\" content=\"index, follow, max-snippet:-1, max-image-preview:large, max-video-preview:-1\" \/>\n<link rel=\"canonical\" href=\"https:\/\/www.arquimaster.com.ar\/web\/vivienda-prensa-sin-titulo-arquitectura\/\" \/>\n<meta property=\"og:locale\" content=\"es_ES\" \/>\n<meta property=\"og:type\" content=\"article\" \/>\n<meta property=\"og:title\" content=\"Vivienda Prensa \/ Sin T\u00edtulo Arquitectura\" \/>\n<meta property=\"og:description\" content=\"El proyecto saca partido de su colindancia con un parque natural y de su elevaci\u00f3n natural del terreno.\" \/>\n<meta property=\"og:url\" content=\"https:\/\/www.arquimaster.com.ar\/web\/vivienda-prensa-sin-titulo-arquitectura\/\" \/>\n<meta property=\"og:site_name\" content=\"Arquimaster\" \/>\n<meta property=\"article:publisher\" content=\"http:\/\/www.facebook.com\/ARQUIMASTER.com.ar\" \/>\n<meta property=\"article:published_time\" content=\"2022-03-24T15:46:36+00:00\" \/>\n<meta property=\"article:modified_time\" content=\"2022-09-15T19:56:25+00:00\" \/>\n<meta property=\"og:image\" content=\"https:\/\/www.arquimaster.com.ar\/web\/wp-content\/uploads\/2022\/03\/vivienda_prensa_slide.jpg\" \/>\n\t<meta property=\"og:image:width\" content=\"698\" \/>\n\t<meta property=\"og:image:height\" content=\"364\" \/>\n\t<meta property=\"og:image:type\" content=\"image\/jpeg\" \/>\n<meta name=\"author\" content=\"Arquimaster\" \/>\n<meta name=\"twitter:card\" content=\"summary_large_image\" \/>\n<meta name=\"twitter:title\" content=\"Vivienda Prensa \/ Sin T\u00edtulo Arquitectura\" \/>\n<meta name=\"twitter:description\" content=\"El proyecto saca partido de su colindancia con un parque natural y de su elevaci\u00f3n natural del terreno.\" \/>\n<meta name=\"twitter:image\" content=\"https:\/\/www.arquimaster.com.ar\/web\/wp-content\/uploads\/2022\/03\/vivienda_prensa_slide.jpg\" \/>\n<meta name=\"twitter:creator\" content=\"@arquimaster\" \/>\n<meta name=\"twitter:site\" content=\"@arquimaster\" \/>\n<meta name=\"twitter:label1\" content=\"Escrito por\" \/>\n\t<meta name=\"twitter:data1\" content=\"Arquimaster\" \/>\n\t<meta name=\"twitter:label2\" content=\"Tiempo de lectura\" \/>\n\t<meta name=\"twitter:data2\" content=\"3 minutos\" \/>\n<script type=\"application\/ld+json\" class=\"yoast-schema-graph\">{\"@context\":\"https:\\\/\\\/schema.org\",\"@graph\":[{\"@type\":\"Article\",\"@id\":\"https:\\\/\\\/www.arquimaster.com.ar\\\/web\\\/vivienda-prensa-sin-titulo-arquitectura\\\/#article\",\"isPartOf\":{\"@id\":\"https:\\\/\\\/www.arquimaster.com.ar\\\/web\\\/vivienda-prensa-sin-titulo-arquitectura\\\/\"},\"author\":{\"name\":\"Arquimaster\",\"@id\":\"https:\\\/\\\/www.arquimaster.com.ar\\\/web\\\/#\\\/schema\\\/person\\\/359e9f7c00193fcde068e0dd2ceb0028\"},\"headline\":\"Vivienda Prensa \\\/ Sin T\u00edtulo Arquitectura\",\"datePublished\":\"2022-03-24T15:46:36+00:00\",\"dateModified\":\"2022-09-15T19:56:25+00:00\",\"mainEntityOfPage\":{\"@id\":\"https:\\\/\\\/www.arquimaster.com.ar\\\/web\\\/vivienda-prensa-sin-titulo-arquitectura\\\/\"},\"wordCount\":501,\"publisher\":{\"@id\":\"https:\\\/\\\/www.arquimaster.com.ar\\\/web\\\/#organization\"},\"image\":{\"@id\":\"https:\\\/\\\/www.arquimaster.com.ar\\\/web\\\/vivienda-prensa-sin-titulo-arquitectura\\\/#primaryimage\"},\"thumbnailUrl\":\"https:\\\/\\\/www.arquimaster.com.ar\\\/web\\\/wp-content\\\/uploads\\\/2022\\\/03\\\/vivienda_prensa_slide.jpg\",\"keywords\":[\"Celia Granados Campos\",\"Luis Jacobo Villafuerte\",\"Mexico\",\"Michoac\u00e1n\",\"Morelia\",\"Sin T\u00edtulo Arquitectura\",\"vivienda unifamiliar\"],\"articleSection\":[\"Proyecto\",\"Vivienda unifamiliar y PH\"],\"inLanguage\":\"es\"},{\"@type\":\"WebPage\",\"@id\":\"https:\\\/\\\/www.arquimaster.com.ar\\\/web\\\/vivienda-prensa-sin-titulo-arquitectura\\\/\",\"url\":\"https:\\\/\\\/www.arquimaster.com.ar\\\/web\\\/vivienda-prensa-sin-titulo-arquitectura\\\/\",\"name\":\"Vivienda Prensa \\\/ Sin T\u00edtulo Arquitectura - Arquimaster\",\"isPartOf\":{\"@id\":\"https:\\\/\\\/www.arquimaster.com.ar\\\/web\\\/#website\"},\"primaryImageOfPage\":{\"@id\":\"https:\\\/\\\/www.arquimaster.com.ar\\\/web\\\/vivienda-prensa-sin-titulo-arquitectura\\\/#primaryimage\"},\"image\":{\"@id\":\"https:\\\/\\\/www.arquimaster.com.ar\\\/web\\\/vivienda-prensa-sin-titulo-arquitectura\\\/#primaryimage\"},\"thumbnailUrl\":\"https:\\\/\\\/www.arquimaster.com.ar\\\/web\\\/wp-content\\\/uploads\\\/2022\\\/03\\\/vivienda_prensa_slide.jpg\",\"datePublished\":\"2022-03-24T15:46:36+00:00\",\"dateModified\":\"2022-09-15T19:56:25+00:00\",\"description\":\"El proyecto saca partido de su colindancia con un parque natural y de su elevaci\u00f3n natural del terreno.\",\"breadcrumb\":{\"@id\":\"https:\\\/\\\/www.arquimaster.com.ar\\\/web\\\/vivienda-prensa-sin-titulo-arquitectura\\\/#breadcrumb\"},\"inLanguage\":\"es\",\"potentialAction\":[{\"@type\":\"ReadAction\",\"target\":[\"https:\\\/\\\/www.arquimaster.com.ar\\\/web\\\/vivienda-prensa-sin-titulo-arquitectura\\\/\"]}]},{\"@type\":\"ImageObject\",\"inLanguage\":\"es\",\"@id\":\"https:\\\/\\\/www.arquimaster.com.ar\\\/web\\\/vivienda-prensa-sin-titulo-arquitectura\\\/#primaryimage\",\"url\":\"https:\\\/\\\/www.arquimaster.com.ar\\\/web\\\/wp-content\\\/uploads\\\/2022\\\/03\\\/vivienda_prensa_slide.jpg\",\"contentUrl\":\"https:\\\/\\\/www.arquimaster.com.ar\\\/web\\\/wp-content\\\/uploads\\\/2022\\\/03\\\/vivienda_prensa_slide.jpg\",\"width\":698,\"height\":364,\"caption\":\"Vivienda Prensa \\\/ Sin T\u00edtulo Arquitectura\"},{\"@type\":\"BreadcrumbList\",\"@id\":\"https:\\\/\\\/www.arquimaster.com.ar\\\/web\\\/vivienda-prensa-sin-titulo-arquitectura\\\/#breadcrumb\",\"itemListElement\":[{\"@type\":\"ListItem\",\"position\":1,\"name\":\"Portada\",\"item\":\"https:\\\/\\\/www.arquimaster.com.ar\\\/web\\\/\"},{\"@type\":\"ListItem\",\"position\":2,\"name\":\"Vivienda Prensa \\\/ Sin T\u00edtulo Arquitectura\"}]},{\"@type\":\"WebSite\",\"@id\":\"https:\\\/\\\/www.arquimaster.com.ar\\\/web\\\/#website\",\"url\":\"https:\\\/\\\/www.arquimaster.com.ar\\\/web\\\/\",\"name\":\"Arquimaster\",\"description\":\"Web de arquitectura, dise\u00f1o y construccion\",\"publisher\":{\"@id\":\"https:\\\/\\\/www.arquimaster.com.ar\\\/web\\\/#organization\"},\"potentialAction\":[{\"@type\":\"SearchAction\",\"target\":{\"@type\":\"EntryPoint\",\"urlTemplate\":\"https:\\\/\\\/www.arquimaster.com.ar\\\/web\\\/?s={search_term_string}\"},\"query-input\":{\"@type\":\"PropertyValueSpecification\",\"valueRequired\":true,\"valueName\":\"search_term_string\"}}],\"inLanguage\":\"es\"},{\"@type\":\"Organization\",\"@id\":\"https:\\\/\\\/www.arquimaster.com.ar\\\/web\\\/#organization\",\"name\":\"Arquimaster\",\"url\":\"https:\\\/\\\/www.arquimaster.com.ar\\\/web\\\/\",\"logo\":{\"@type\":\"ImageObject\",\"inLanguage\":\"es\",\"@id\":\"https:\\\/\\\/www.arquimaster.com.ar\\\/web\\\/#\\\/schema\\\/logo\\\/image\\\/\",\"url\":\"https:\\\/\\\/www.arquimaster.com.ar\\\/web\\\/wp-content\\\/uploads\\\/2022\\\/06\\\/arquimaster.png\",\"contentUrl\":\"https:\\\/\\\/www.arquimaster.com.ar\\\/web\\\/wp-content\\\/uploads\\\/2022\\\/06\\\/arquimaster.png\",\"width\":594,\"height\":78,\"caption\":\"Arquimaster\"},\"image\":{\"@id\":\"https:\\\/\\\/www.arquimaster.com.ar\\\/web\\\/#\\\/schema\\\/logo\\\/image\\\/\"},\"sameAs\":[\"http:\\\/\\\/www.facebook.com\\\/ARQUIMASTER.com.ar\",\"https:\\\/\\\/x.com\\\/arquimaster\",\"https:\\\/\\\/www.instagram.com\\\/arquimasterblog\\\/\",\"https:\\\/\\\/www.linkedin.com\\\/company\\\/arquimaster\",\"https:\\\/\\\/www.pinterest.com\\\/arquimaster\",\"https:\\\/\\\/t.me\\\/arquimaster\"]},{\"@type\":\"Person\",\"@id\":\"https:\\\/\\\/www.arquimaster.com.ar\\\/web\\\/#\\\/schema\\\/person\\\/359e9f7c00193fcde068e0dd2ceb0028\",\"name\":\"Arquimaster\"}]}<\/script>\n<!-- \/ Yoast SEO plugin. -->","yoast_head_json":{"title":"Vivienda Prensa \/ Sin T\u00edtulo Arquitectura - Arquimaster","description":"El proyecto saca partido de su colindancia con un parque natural y de su elevaci\u00f3n natural del terreno.","robots":{"index":"index","follow":"follow","max-snippet":"max-snippet:-1","max-image-preview":"max-image-preview:large","max-video-preview":"max-video-preview:-1"},"canonical":"https:\/\/www.arquimaster.com.ar\/web\/vivienda-prensa-sin-titulo-arquitectura\/","og_locale":"es_ES","og_type":"article","og_title":"Vivienda Prensa \/ Sin T\u00edtulo Arquitectura","og_description":"El proyecto saca partido de su colindancia con un parque natural y de su elevaci\u00f3n natural del terreno.","og_url":"https:\/\/www.arquimaster.com.ar\/web\/vivienda-prensa-sin-titulo-arquitectura\/","og_site_name":"Arquimaster","article_publisher":"http:\/\/www.facebook.com\/ARQUIMASTER.com.ar","article_published_time":"2022-03-24T15:46:36+00:00","article_modified_time":"2022-09-15T19:56:25+00:00","og_image":[{"width":698,"height":364,"url":"https:\/\/www.arquimaster.com.ar\/web\/wp-content\/uploads\/2022\/03\/vivienda_prensa_slide.jpg","type":"image\/jpeg"}],"author":"Arquimaster","twitter_card":"summary_large_image","twitter_title":"Vivienda Prensa \/ Sin T\u00edtulo Arquitectura","twitter_description":"El proyecto saca partido de su colindancia con un parque natural y de su elevaci\u00f3n natural del terreno.","twitter_image":"https:\/\/www.arquimaster.com.ar\/web\/wp-content\/uploads\/2022\/03\/vivienda_prensa_slide.jpg","twitter_creator":"@arquimaster","twitter_site":"@arquimaster","twitter_misc":{"Escrito por":"Arquimaster","Tiempo de lectura":"3 minutos"},"schema":{"@context":"https:\/\/schema.org","@graph":[{"@type":"Article","@id":"https:\/\/www.arquimaster.com.ar\/web\/vivienda-prensa-sin-titulo-arquitectura\/#article","isPartOf":{"@id":"https:\/\/www.arquimaster.com.ar\/web\/vivienda-prensa-sin-titulo-arquitectura\/"},"author":{"name":"Arquimaster","@id":"https:\/\/www.arquimaster.com.ar\/web\/#\/schema\/person\/359e9f7c00193fcde068e0dd2ceb0028"},"headline":"Vivienda Prensa \/ Sin T\u00edtulo Arquitectura","datePublished":"2022-03-24T15:46:36+00:00","dateModified":"2022-09-15T19:56:25+00:00","mainEntityOfPage":{"@id":"https:\/\/www.arquimaster.com.ar\/web\/vivienda-prensa-sin-titulo-arquitectura\/"},"wordCount":501,"publisher":{"@id":"https:\/\/www.arquimaster.com.ar\/web\/#organization"},"image":{"@id":"https:\/\/www.arquimaster.com.ar\/web\/vivienda-prensa-sin-titulo-arquitectura\/#primaryimage"},"thumbnailUrl":"https:\/\/www.arquimaster.com.ar\/web\/wp-content\/uploads\/2022\/03\/vivienda_prensa_slide.jpg","keywords":["Celia Granados Campos","Luis Jacobo Villafuerte","Mexico","Michoac\u00e1n","Morelia","Sin T\u00edtulo Arquitectura","vivienda unifamiliar"],"articleSection":["Proyecto","Vivienda unifamiliar y PH"],"inLanguage":"es"},{"@type":"WebPage","@id":"https:\/\/www.arquimaster.com.ar\/web\/vivienda-prensa-sin-titulo-arquitectura\/","url":"https:\/\/www.arquimaster.com.ar\/web\/vivienda-prensa-sin-titulo-arquitectura\/","name":"Vivienda Prensa \/ Sin T\u00edtulo Arquitectura - Arquimaster","isPartOf":{"@id":"https:\/\/www.arquimaster.com.ar\/web\/#website"},"primaryImageOfPage":{"@id":"https:\/\/www.arquimaster.com.ar\/web\/vivienda-prensa-sin-titulo-arquitectura\/#primaryimage"},"image":{"@id":"https:\/\/www.arquimaster.com.ar\/web\/vivienda-prensa-sin-titulo-arquitectura\/#primaryimage"},"thumbnailUrl":"https:\/\/www.arquimaster.com.ar\/web\/wp-content\/uploads\/2022\/03\/vivienda_prensa_slide.jpg","datePublished":"2022-03-24T15:46:36+00:00","dateModified":"2022-09-15T19:56:25+00:00","description":"El proyecto saca partido de su colindancia con un parque natural y de su elevaci\u00f3n natural del terreno.","breadcrumb":{"@id":"https:\/\/www.arquimaster.com.ar\/web\/vivienda-prensa-sin-titulo-arquitectura\/#breadcrumb"},"inLanguage":"es","potentialAction":[{"@type":"ReadAction","target":["https:\/\/www.arquimaster.com.ar\/web\/vivienda-prensa-sin-titulo-arquitectura\/"]}]},{"@type":"ImageObject","inLanguage":"es","@id":"https:\/\/www.arquimaster.com.ar\/web\/vivienda-prensa-sin-titulo-arquitectura\/#primaryimage","url":"https:\/\/www.arquimaster.com.ar\/web\/wp-content\/uploads\/2022\/03\/vivienda_prensa_slide.jpg","contentUrl":"https:\/\/www.arquimaster.com.ar\/web\/wp-content\/uploads\/2022\/03\/vivienda_prensa_slide.jpg","width":698,"height":364,"caption":"Vivienda Prensa \/ Sin T\u00edtulo Arquitectura"},{"@type":"BreadcrumbList","@id":"https:\/\/www.arquimaster.com.ar\/web\/vivienda-prensa-sin-titulo-arquitectura\/#breadcrumb","itemListElement":[{"@type":"ListItem","position":1,"name":"Portada","item":"https:\/\/www.arquimaster.com.ar\/web\/"},{"@type":"ListItem","position":2,"name":"Vivienda Prensa \/ Sin T\u00edtulo Arquitectura"}]},{"@type":"WebSite","@id":"https:\/\/www.arquimaster.com.ar\/web\/#website","url":"https:\/\/www.arquimaster.com.ar\/web\/","name":"Arquimaster","description":"Web de arquitectura, dise\u00f1o y construccion","publisher":{"@id":"https:\/\/www.arquimaster.com.ar\/web\/#organization"},"potentialAction":[{"@type":"SearchAction","target":{"@type":"EntryPoint","urlTemplate":"https:\/\/www.arquimaster.com.ar\/web\/?s={search_term_string}"},"query-input":{"@type":"PropertyValueSpecification","valueRequired":true,"valueName":"search_term_string"}}],"inLanguage":"es"},{"@type":"Organization","@id":"https:\/\/www.arquimaster.com.ar\/web\/#organization","name":"Arquimaster","url":"https:\/\/www.arquimaster.com.ar\/web\/","logo":{"@type":"ImageObject","inLanguage":"es","@id":"https:\/\/www.arquimaster.com.ar\/web\/#\/schema\/logo\/image\/","url":"https:\/\/www.arquimaster.com.ar\/web\/wp-content\/uploads\/2022\/06\/arquimaster.png","contentUrl":"https:\/\/www.arquimaster.com.ar\/web\/wp-content\/uploads\/2022\/06\/arquimaster.png","width":594,"height":78,"caption":"Arquimaster"},"image":{"@id":"https:\/\/www.arquimaster.com.ar\/web\/#\/schema\/logo\/image\/"},"sameAs":["http:\/\/www.facebook.com\/ARQUIMASTER.com.ar","https:\/\/x.com\/arquimaster","https:\/\/www.instagram.com\/arquimasterblog\/","https:\/\/www.linkedin.com\/company\/arquimaster","https:\/\/www.pinterest.com\/arquimaster","https:\/\/t.me\/arquimaster"]},{"@type":"Person","@id":"https:\/\/www.arquimaster.com.ar\/web\/#\/schema\/person\/359e9f7c00193fcde068e0dd2ceb0028","name":"Arquimaster"}]}},"uagb_featured_image_src":{"full":["https:\/\/www.arquimaster.com.ar\/web\/wp-content\/uploads\/2022\/03\/vivienda_prensa_slide.jpg",698,364,false],"thumbnail":["https:\/\/www.arquimaster.com.ar\/web\/wp-content\/uploads\/2022\/03\/vivienda_prensa_slide-150x150.jpg",150,150,true],"medium":["https:\/\/www.arquimaster.com.ar\/web\/wp-content\/uploads\/2022\/03\/vivienda_prensa_slide.jpg",698,364,false],"medium_large":["https:\/\/www.arquimaster.com.ar\/web\/wp-content\/uploads\/2022\/03\/vivienda_prensa_slide.jpg",698,364,false],"large":["https:\/\/www.arquimaster.com.ar\/web\/wp-content\/uploads\/2022\/03\/vivienda_prensa_slide.jpg",698,364,false],"1536x1536":["https:\/\/www.arquimaster.com.ar\/web\/wp-content\/uploads\/2022\/03\/vivienda_prensa_slide.jpg",698,364,false],"2048x2048":["https:\/\/www.arquimaster.com.ar\/web\/wp-content\/uploads\/2022\/03\/vivienda_prensa_slide.jpg",698,364,false]},"uagb_author_info":{"display_name":"Arquimaster","author_link":"https:\/\/www.arquimaster.com.ar\/web\/author\/arquimaster\/"},"uagb_comment_info":0,"uagb_excerpt":"Saca partido de su colindancia con un parque natural y la elevaci\u00f3n del terreno...","_links":{"self":[{"href":"https:\/\/www.arquimaster.com.ar\/web\/wp-json\/wp\/v2\/posts\/69341","targetHints":{"allow":["GET"]}}],"collection":[{"href":"https:\/\/www.arquimaster.com.ar\/web\/wp-json\/wp\/v2\/posts"}],"about":[{"href":"https:\/\/www.arquimaster.com.ar\/web\/wp-json\/wp\/v2\/types\/post"}],"author":[{"embeddable":true,"href":"https:\/\/www.arquimaster.com.ar\/web\/wp-json\/wp\/v2\/users\/1"}],"replies":[{"embeddable":true,"href":"https:\/\/www.arquimaster.com.ar\/web\/wp-json\/wp\/v2\/comments?post=69341"}],"version-history":[{"count":2,"href":"https:\/\/www.arquimaster.com.ar\/web\/wp-json\/wp\/v2\/posts\/69341\/revisions"}],"predecessor-version":[{"id":69369,"href":"https:\/\/www.arquimaster.com.ar\/web\/wp-json\/wp\/v2\/posts\/69341\/revisions\/69369"}],"wp:featuredmedia":[{"embeddable":true,"href":"https:\/\/www.arquimaster.com.ar\/web\/wp-json\/wp\/v2\/media\/69342"}],"wp:attachment":[{"href":"https:\/\/www.arquimaster.com.ar\/web\/wp-json\/wp\/v2\/media?parent=69341"}],"wp:term":[{"taxonomy":"category","embeddable":true,"href":"https:\/\/www.arquimaster.com.ar\/web\/wp-json\/wp\/v2\/categories?post=69341"},{"taxonomy":"post_tag","embeddable":true,"href":"https:\/\/www.arquimaster.com.ar\/web\/wp-json\/wp\/v2\/tags?post=69341"}],"curies":[{"name":"wp","href":"https:\/\/api.w.org\/{rel}","templated":true}]}}