{"id":6940,"date":"2014-05-11T17:41:21","date_gmt":"2014-05-11T17:41:21","guid":{"rendered":"http:\/\/www.arquimaster.com.ar\/web\/?p=6940"},"modified":"2026-03-28T19:38:59","modified_gmt":"2026-03-28T22:38:59","slug":"se-terminan-las-obras-de-puesta-en-valor-del-colegio-nacional-de-concepcion-del-uruguay","status":"publish","type":"post","link":"https:\/\/www.arquimaster.com.ar\/web\/se-terminan-las-obras-de-puesta-en-valor-del-colegio-nacional-de-concepcion-del-uruguay\/","title":{"rendered":"Se terminan las obras de puesta en valor del Colegio Nacional de Concepci\u00f3n del Uruguay"},"content":{"rendered":"<div style=\"margin-top: 0px; margin-bottom: 0px;\" class=\"sharethis-inline-share-buttons\" ><\/div><div class=\"b812932af2e751442846f039925109de\" data-index=\"1\" style=\"float: none; margin:25px 0 25px 0; text-align:center;\">\n<script async src=\"https:\/\/pagead2.googlesyndication.com\/pagead\/js\/adsbygoogle.js\"><\/script>\r\n<!-- Arquimaster (superior) -->\r\n<ins class=\"adsbygoogle\"\r\n     style=\"display:block\"\r\n     data-ad-client=\"ca-pub-6351072698456832\"\r\n     data-ad-slot=\"6455489680\"\r\n     data-ad-format=\"auto\"\r\n     data-full-width-responsive=\"true\"><\/ins>\r\n<script>\r\n     (adsbygoogle = window.adsbygoogle || []).push({});\r\n<\/script>\n<\/div>\n<p><em><strong>En mayo se prev\u00e9 la terminaci\u00f3n de las obras para la puesta en valor del Colegio Nacional Justo Jos\u00e9 de Urquiza, en Concepci\u00f3n del Uruguay, construido en 1849 y declarado Monumento Hist\u00f3rico Nacional. En este claustro, escenario de importantes pasajes de la historia argentina, se est\u00e1n renovando m\u00e1s de 7.000 m2 de revestimientos de fachadas, galer\u00edas y patios. La empresa Molinos Tarquini particip\u00f3 con sus productos en esta obra, as\u00ed como en la reciente intervenci\u00f3n de la Bas\u00edlica Inmaculada Concepci\u00f3n -cuyas tareas terminaron en diciembre \u00faltimo-. Ambos edificios vecinos se ubican frente a la plaza principal, constituyendo un conjunto de enorme valor patrimonial y tur\u00edstico de la ciudad entrerriana.<\/strong> <\/em><\/p>\n<div id='gallery-1' class='gallery galleryid-6940 gallery-columns-3 gallery-size-thumbnail'><figure class='gallery-item'>\n\t\t\t<div class='gallery-icon landscape'>\n\t\t\t\t<a href='https:\/\/www.arquimaster.com.ar\/web\/wp-content\/uploads\/2014\/05\/puesta_valor_colegio_nacional2.jpg' title=\"Se terminan las obras de puesta en valor del Colegio Nacional de Concepci\u00f3n del Uruguay\" data-rl_title=\"Se terminan las obras de puesta en valor del Colegio Nacional de Concepci\u00f3n del Uruguay\" class=\"rl-gallery-link\" data-rl_caption=\"Se terminan las obras de puesta en valor del Colegio Nacional de Concepci\u00f3n del Uruguay\" data-rel=\"lightbox-gallery-1\"><img loading=\"lazy\" decoding=\"async\" width=\"150\" height=\"150\" src=\"https:\/\/www.arquimaster.com.ar\/web\/wp-content\/uploads\/2014\/05\/puesta_valor_colegio_nacional2-150x150.jpg\" class=\"attachment-thumbnail size-thumbnail\" alt=\"\" aria-describedby=\"gallery-1-6945\" srcset=\"https:\/\/www.arquimaster.com.ar\/web\/wp-content\/uploads\/2014\/05\/puesta_valor_colegio_nacional2-150x150.jpg 150w, https:\/\/www.arquimaster.com.ar\/web\/wp-content\/uploads\/2014\/05\/puesta_valor_colegio_nacional2-50x50.jpg 50w, https:\/\/www.arquimaster.com.ar\/web\/wp-content\/uploads\/2014\/05\/puesta_valor_colegio_nacional2-125x125.jpg 125w\" sizes=\"auto, (max-width: 150px) 100vw, 150px\" \/><\/a>\n\t\t\t<\/div>\n\t\t\t\t<figcaption class='wp-caption-text gallery-caption' id='gallery-1-6945'>\n\t\t\t\tSe terminan las obras de puesta en valor del Colegio Nacional de Concepci\u00f3n del Uruguay\n\t\t\t\t<\/figcaption><\/figure><figure class='gallery-item'>\n\t\t\t<div class='gallery-icon landscape'>\n\t\t\t\t<a href='https:\/\/www.arquimaster.com.ar\/web\/wp-content\/uploads\/2014\/05\/puesta_valor_colegio_nacional12.jpg' title=\"Se terminan las obras de puesta en valor del Colegio Nacional de Concepci\u00f3n del Uruguay\" data-rl_title=\"Se terminan las obras de puesta en valor del Colegio Nacional de Concepci\u00f3n del Uruguay\" class=\"rl-gallery-link\" data-rl_caption=\"Se terminan las obras de puesta en valor del Colegio Nacional de Concepci\u00f3n del Uruguay\" data-rel=\"lightbox-gallery-1\"><img loading=\"lazy\" decoding=\"async\" width=\"150\" height=\"150\" src=\"https:\/\/www.arquimaster.com.ar\/web\/wp-content\/uploads\/2014\/05\/puesta_valor_colegio_nacional12-150x150.jpg\" class=\"attachment-thumbnail size-thumbnail\" alt=\"\" aria-describedby=\"gallery-1-6954\" srcset=\"https:\/\/www.arquimaster.com.ar\/web\/wp-content\/uploads\/2014\/05\/puesta_valor_colegio_nacional12-150x150.jpg 150w, https:\/\/www.arquimaster.com.ar\/web\/wp-content\/uploads\/2014\/05\/puesta_valor_colegio_nacional12-50x50.jpg 50w, https:\/\/www.arquimaster.com.ar\/web\/wp-content\/uploads\/2014\/05\/puesta_valor_colegio_nacional12-125x125.jpg 125w\" sizes=\"auto, (max-width: 150px) 100vw, 150px\" \/><\/a>\n\t\t\t<\/div>\n\t\t\t\t<figcaption class='wp-caption-text gallery-caption' id='gallery-1-6954'>\n\t\t\t\tSe terminan las obras de puesta en valor del Colegio Nacional de Concepci\u00f3n del Uruguay\n\t\t\t\t<\/figcaption><\/figure><figure class='gallery-item'>\n\t\t\t<div class='gallery-icon landscape'>\n\t\t\t\t<a href='https:\/\/www.arquimaster.com.ar\/web\/wp-content\/uploads\/2014\/05\/puesta_valor_colegio_nacional3.jpg' title=\"Se terminan las obras de puesta en valor del Colegio Nacional de Concepci\u00f3n del Uruguay\" data-rl_title=\"Se terminan las obras de puesta en valor del Colegio Nacional de Concepci\u00f3n del Uruguay\" class=\"rl-gallery-link\" data-rl_caption=\"Se terminan las obras de puesta en valor del Colegio Nacional de Concepci\u00f3n del Uruguay\" data-rel=\"lightbox-gallery-1\"><img loading=\"lazy\" decoding=\"async\" width=\"150\" height=\"150\" src=\"https:\/\/www.arquimaster.com.ar\/web\/wp-content\/uploads\/2014\/05\/puesta_valor_colegio_nacional3-150x150.jpg\" class=\"attachment-thumbnail size-thumbnail\" alt=\"\" aria-describedby=\"gallery-1-6946\" srcset=\"https:\/\/www.arquimaster.com.ar\/web\/wp-content\/uploads\/2014\/05\/puesta_valor_colegio_nacional3-150x150.jpg 150w, https:\/\/www.arquimaster.com.ar\/web\/wp-content\/uploads\/2014\/05\/puesta_valor_colegio_nacional3-50x50.jpg 50w, https:\/\/www.arquimaster.com.ar\/web\/wp-content\/uploads\/2014\/05\/puesta_valor_colegio_nacional3-125x125.jpg 125w\" sizes=\"auto, (max-width: 150px) 100vw, 150px\" \/><\/a>\n\t\t\t<\/div>\n\t\t\t\t<figcaption class='wp-caption-text gallery-caption' id='gallery-1-6946'>\n\t\t\t\tSe terminan las obras de puesta en valor del Colegio Nacional de Concepci\u00f3n del Uruguay\n\t\t\t\t<\/figcaption><\/figure><figure class='gallery-item'>\n\t\t\t<div class='gallery-icon landscape'>\n\t\t\t\t<a href='https:\/\/www.arquimaster.com.ar\/web\/wp-content\/uploads\/2014\/05\/puesta_valor_colegio_nacional4.jpg' title=\"Se terminan las obras de puesta en valor del Colegio Nacional de Concepci\u00f3n del Uruguay\" data-rl_title=\"Se terminan las obras de puesta en valor del Colegio Nacional de Concepci\u00f3n del Uruguay\" class=\"rl-gallery-link\" data-rl_caption=\"Se terminan las obras de puesta en valor del Colegio Nacional de Concepci\u00f3n del Uruguay\" data-rel=\"lightbox-gallery-1\"><img loading=\"lazy\" decoding=\"async\" width=\"150\" height=\"150\" src=\"https:\/\/www.arquimaster.com.ar\/web\/wp-content\/uploads\/2014\/05\/puesta_valor_colegio_nacional4-150x150.jpg\" class=\"attachment-thumbnail size-thumbnail\" alt=\"\" aria-describedby=\"gallery-1-6947\" srcset=\"https:\/\/www.arquimaster.com.ar\/web\/wp-content\/uploads\/2014\/05\/puesta_valor_colegio_nacional4-150x150.jpg 150w, https:\/\/www.arquimaster.com.ar\/web\/wp-content\/uploads\/2014\/05\/puesta_valor_colegio_nacional4-50x50.jpg 50w, https:\/\/www.arquimaster.com.ar\/web\/wp-content\/uploads\/2014\/05\/puesta_valor_colegio_nacional4-125x125.jpg 125w\" sizes=\"auto, (max-width: 150px) 100vw, 150px\" \/><\/a>\n\t\t\t<\/div>\n\t\t\t\t<figcaption class='wp-caption-text gallery-caption' id='gallery-1-6947'>\n\t\t\t\tSe terminan las obras de puesta en valor del Colegio Nacional de Concepci\u00f3n del Uruguay\n\t\t\t\t<\/figcaption><\/figure><figure class='gallery-item'>\n\t\t\t<div class='gallery-icon landscape'>\n\t\t\t\t<a href='https:\/\/www.arquimaster.com.ar\/web\/wp-content\/uploads\/2014\/05\/puesta_valor_colegio_nacional5.jpg' title=\"Se terminan las obras de puesta en valor del Colegio Nacional de Concepci\u00f3n del Uruguay\" data-rl_title=\"Se terminan las obras de puesta en valor del Colegio Nacional de Concepci\u00f3n del Uruguay\" class=\"rl-gallery-link\" data-rl_caption=\"Se terminan las obras de puesta en valor del Colegio Nacional de Concepci\u00f3n del Uruguay\" data-rel=\"lightbox-gallery-1\"><img loading=\"lazy\" decoding=\"async\" width=\"150\" height=\"150\" src=\"https:\/\/www.arquimaster.com.ar\/web\/wp-content\/uploads\/2014\/05\/puesta_valor_colegio_nacional5-150x150.jpg\" class=\"attachment-thumbnail size-thumbnail\" alt=\"\" aria-describedby=\"gallery-1-6948\" srcset=\"https:\/\/www.arquimaster.com.ar\/web\/wp-content\/uploads\/2014\/05\/puesta_valor_colegio_nacional5-150x150.jpg 150w, https:\/\/www.arquimaster.com.ar\/web\/wp-content\/uploads\/2014\/05\/puesta_valor_colegio_nacional5-50x50.jpg 50w, https:\/\/www.arquimaster.com.ar\/web\/wp-content\/uploads\/2014\/05\/puesta_valor_colegio_nacional5-125x125.jpg 125w\" sizes=\"auto, (max-width: 150px) 100vw, 150px\" \/><\/a>\n\t\t\t<\/div>\n\t\t\t\t<figcaption class='wp-caption-text gallery-caption' id='gallery-1-6948'>\n\t\t\t\tSe terminan las obras de puesta en valor del Colegio Nacional de Concepci\u00f3n del Uruguay\n\t\t\t\t<\/figcaption><\/figure><figure class='gallery-item'>\n\t\t\t<div class='gallery-icon portrait'>\n\t\t\t\t<a href='https:\/\/www.arquimaster.com.ar\/web\/wp-content\/uploads\/2014\/05\/puesta_valor_colegio_nacional6.jpg' title=\"Se terminan las obras de puesta en valor del Colegio Nacional de Concepci\u00f3n del Uruguay\" data-rl_title=\"Se terminan las obras de puesta en valor del Colegio Nacional de Concepci\u00f3n del Uruguay\" class=\"rl-gallery-link\" data-rl_caption=\"Se terminan las obras de puesta en valor del Colegio Nacional de Concepci\u00f3n del Uruguay\" data-rel=\"lightbox-gallery-1\"><img loading=\"lazy\" decoding=\"async\" width=\"150\" height=\"150\" src=\"https:\/\/www.arquimaster.com.ar\/web\/wp-content\/uploads\/2014\/05\/puesta_valor_colegio_nacional6-150x150.jpg\" class=\"attachment-thumbnail size-thumbnail\" alt=\"\" aria-describedby=\"gallery-1-6949\" srcset=\"https:\/\/www.arquimaster.com.ar\/web\/wp-content\/uploads\/2014\/05\/puesta_valor_colegio_nacional6-150x150.jpg 150w, https:\/\/www.arquimaster.com.ar\/web\/wp-content\/uploads\/2014\/05\/puesta_valor_colegio_nacional6-50x50.jpg 50w, https:\/\/www.arquimaster.com.ar\/web\/wp-content\/uploads\/2014\/05\/puesta_valor_colegio_nacional6-125x125.jpg 125w\" sizes=\"auto, (max-width: 150px) 100vw, 150px\" \/><\/a>\n\t\t\t<\/div>\n\t\t\t\t<figcaption class='wp-caption-text gallery-caption' id='gallery-1-6949'>\n\t\t\t\tSe terminan las obras de puesta en valor del Colegio Nacional de Concepci\u00f3n del Uruguay\n\t\t\t\t<\/figcaption><\/figure><figure class='gallery-item'>\n\t\t\t<div class='gallery-icon portrait'>\n\t\t\t\t<a href='https:\/\/www.arquimaster.com.ar\/web\/wp-content\/uploads\/2014\/05\/puesta_valor_colegio_nacional7.jpg' title=\"Se terminan las obras de puesta en valor del Colegio Nacional de Concepci\u00f3n del Uruguay\" data-rl_title=\"Se terminan las obras de puesta en valor del Colegio Nacional de Concepci\u00f3n del Uruguay\" class=\"rl-gallery-link\" data-rl_caption=\"Se terminan las obras de puesta en valor del Colegio Nacional de Concepci\u00f3n del Uruguay\" data-rel=\"lightbox-gallery-1\"><img loading=\"lazy\" decoding=\"async\" width=\"150\" height=\"150\" src=\"https:\/\/www.arquimaster.com.ar\/web\/wp-content\/uploads\/2014\/05\/puesta_valor_colegio_nacional7-150x150.jpg\" class=\"attachment-thumbnail size-thumbnail\" alt=\"\" aria-describedby=\"gallery-1-6950\" srcset=\"https:\/\/www.arquimaster.com.ar\/web\/wp-content\/uploads\/2014\/05\/puesta_valor_colegio_nacional7-150x150.jpg 150w, https:\/\/www.arquimaster.com.ar\/web\/wp-content\/uploads\/2014\/05\/puesta_valor_colegio_nacional7-50x50.jpg 50w, https:\/\/www.arquimaster.com.ar\/web\/wp-content\/uploads\/2014\/05\/puesta_valor_colegio_nacional7-125x125.jpg 125w\" sizes=\"auto, (max-width: 150px) 100vw, 150px\" \/><\/a>\n\t\t\t<\/div>\n\t\t\t\t<figcaption class='wp-caption-text gallery-caption' id='gallery-1-6950'>\n\t\t\t\tSe terminan las obras de puesta en valor del Colegio Nacional de Concepci\u00f3n del Uruguay\n\t\t\t\t<\/figcaption><\/figure><figure class='gallery-item'>\n\t\t\t<div class='gallery-icon portrait'>\n\t\t\t\t<a href='https:\/\/www.arquimaster.com.ar\/web\/wp-content\/uploads\/2014\/05\/puesta_valor_colegio_nacional8.jpg' title=\"Se terminan las obras de puesta en valor del Colegio Nacional de Concepci\u00f3n del Uruguay\" data-rl_title=\"Se terminan las obras de puesta en valor del Colegio Nacional de Concepci\u00f3n del Uruguay\" class=\"rl-gallery-link\" data-rl_caption=\"Se terminan las obras de puesta en valor del Colegio Nacional de Concepci\u00f3n del Uruguay\" data-rel=\"lightbox-gallery-1\"><img loading=\"lazy\" decoding=\"async\" width=\"150\" height=\"150\" src=\"https:\/\/www.arquimaster.com.ar\/web\/wp-content\/uploads\/2014\/05\/puesta_valor_colegio_nacional8-150x150.jpg\" class=\"attachment-thumbnail size-thumbnail\" alt=\"\" aria-describedby=\"gallery-1-6951\" srcset=\"https:\/\/www.arquimaster.com.ar\/web\/wp-content\/uploads\/2014\/05\/puesta_valor_colegio_nacional8-150x150.jpg 150w, https:\/\/www.arquimaster.com.ar\/web\/wp-content\/uploads\/2014\/05\/puesta_valor_colegio_nacional8-50x50.jpg 50w, https:\/\/www.arquimaster.com.ar\/web\/wp-content\/uploads\/2014\/05\/puesta_valor_colegio_nacional8-125x125.jpg 125w\" sizes=\"auto, (max-width: 150px) 100vw, 150px\" \/><\/a>\n\t\t\t<\/div>\n\t\t\t\t<figcaption class='wp-caption-text gallery-caption' id='gallery-1-6951'>\n\t\t\t\tSe terminan las obras de puesta en valor del Colegio Nacional de Concepci\u00f3n del Uruguay\n\t\t\t\t<\/figcaption><\/figure>\n\t\t<\/div>\n\n<p>En los \u00faltimos a\u00f1os se han concretado varias obras de restauraci\u00f3n y puesta en valor de importantes edificios p\u00fablicos de valor patrimonial en la ciudad de Concepci\u00f3n del Uruguay, Entre R\u00edos, como la Escuela Normal Mariano Moreno y la Bas\u00edlica Inmaculada Concepci\u00f3n. Adem\u00e1s, se est\u00e1n terminando para el mes de mayo de 2014 las obras en el Colegio Nacional Justo Jos\u00e9 de Urquiza, que consisten en la puesta en valor de su vasto frente hacia la plaza principal y calles vecinas, patios interiores y galer\u00edas del claustro, una obra que esperaba su turno desde la \u00faltima refacci\u00f3n y ampliaci\u00f3n realizada por 1942.<\/p>\n<p>Este edificio -declarado Monumento Hist\u00f3rico Nacional-, fue fundado por el Gral. Justo Jos\u00e9 de Urquiza en su mandato como gobernador de Entre R\u00edos, y terminado en 1849 bajo proyecto del arquitecto Pedro Renon. Es el colegio laico m\u00e1s antiguo del pa\u00eds y hoy es una de las atracciones tur\u00edsticas del circuito hist\u00f3rico que reconstruye la huella de Urquiza, junto con los palacios San Jos\u00e9 y Santa C\u00e1ndida. El Colegio fue escenario de varios pasajes de la historia nacional, como el enfrentamiento armado de 1852 entre la Confederaci\u00f3n Argentina y la provincia de Buenos Aires, donde uno de los cantones de defensa se organiz\u00f3 en el colegio. Posteriormente, luego del asesinato de Urquiza en abril de 1870, las fuerzas de Ricardo L\u00f3pez Jord\u00e1n atacaron la ciudad el 12 de julio de ese a\u00f1o, y otra vez el mirador se convirti\u00f3 en refugio y \u00faltimo basti\u00f3n de las tropas de la resistencia.<\/p>\n<p>N\u00e9stor Bourband, t\u00e9cnico en turismo a cargo de las visitas al Colegio, explica: <em>\u00abUrquiza cre\u00f3 esta instituci\u00f3n con clara visi\u00f3n de la incidencia de la ense\u00f1anza como medio de progreso, en una ciudad que por entonces tenia 2.500 habitantes y en el internado llegaban a alojarse hasta 420 alumnos que proven\u00edan de todo el pa\u00eds y pa\u00edses vecinos. Desde su inauguraci\u00f3n y sobre todo en el periodo de apogeo hasta los a\u00f1os &#8217;80, se convirti\u00f3 en el cuadro de honor de la ense\u00f1anza media argentina, junto al Nacional de Buenos Aires y al Colegio Monserrat de C\u00f3rdoba. En los claustros de Concepci\u00f3n del Uruguay se formaron en la carrera de literatura, destacados escritores como Olegario Andrade, Jose Sixto Alvarez -Fray Mocho-, Eduardo Wilde y Mart\u00edn Coronado. Varias generaciones de funcionarios destacados de nuestra historia fueron tambi\u00e9n alumnos, como tres presidentes de la Naci\u00f3n -Julio A. Roca, Victorino de la Plaza y Arturo Frondizi- y un presidente del Paraguay -Benigno Ferreyra- as\u00ed como gobernadores de varias provincias y ministros de la Corte Suprema de Justicia\u00bb<\/em>, concluye.<\/p>\n<p><strong>Las obras de puesta en valor <\/strong><\/p>\n<p>Las obras de puesta en valor comenzaron en agosto de 2013 y fueron encargadas por la Direcci\u00f3n General de Arquitectura de la Provincia de Entre R\u00edos, que depende de la Subsecretaria de Arquitectura y Construcciones a cargo de Alicia Benitez de Feltes. La licitaci\u00f3n fue adjudicada a la empresa constructora COPUL, cuya directora de obra es la Arq. Noelia Bilibio. Los trabajos de restauraci\u00f3n de frentes y revestimientos del Colegio Nacional fueron encomendados a la empresa de Revestimientos de Entre R\u00edos representante de Molinos Tarquini para esta provincia. Es una obra importante por la vastedad de las superficies, de m\u00e1s de 7.000 m2 de revestimientos, donde tambi\u00e9n se restauraron molduras y balaustres. Se utilizaron productos de \u00faltima generaci\u00f3n, con granulometr\u00eda s\u00edmil original, manteniendo siempre el esp\u00edritu de la fachada hist\u00f3rica. Para ello se hicieron cateos y se analiz\u00f3 la granulometr\u00eda y el color en el laboratorio de Molinos Tarquini en su planta de San Mart\u00edn, Prov. de Buenos Aires. El color de tonalidad rojiza era el favorito de Urquiza, utilizado como s\u00edmbolo crom\u00e1tico tradicional que se aplicaba a los uniformes de sus tropas como a los m\u00faltiples edificios que encargara en su gesti\u00f3n, como la Bas\u00edlica de Concepci\u00f3n del Uruguay o el Palacio San Jos\u00e9, su residencia rural. Tambi\u00e9n se han puesto en valor el sal\u00f3n de Actos Alejo Peiret, para 400 personas y la biblioteca Alberto Laroque con mobiliario en base a anaqueles de cedro y vidrio biselado, de m\u00e1s de 40.000 vol\u00famenes. En pocos meses m\u00e1s se terminar\u00e1n las obras de restauraci\u00f3n y estar\u00e1n nuevamente habilitados el Museo de Ciencias Naturales Pablo Lorentz y el Museo Historico Evocativo.<\/p>\n<p>La extensa fachada del Colegio Nacional, de una cuadra entera hacia la calle Urquiza, se enfrenta a la plaza principal y se completa con otro edificio de gran valor patrimonial recientemente restaurado, la vecina Bas\u00edlica Inmaculada Concepci\u00f3n. Este templo hab\u00eda sido encargado tambi\u00e9n por el presidente de la Confederaci\u00f3n Argentina y fue terminado en 1857. Las obras en la Bas\u00edlica fueron realizadas por el Gobierno de la Provincia de Entre R\u00edos, a trav\u00e9s de la Secretaria de Obras y Servicios P\u00fablicos y la Subsecretar\u00eda de Arquitectura y Construcciones, y tambi\u00e9n tuvo la participaci\u00f3n de la empresa de Jorge Galfrascoli, trabajando con productos de la l\u00ednea Restauro de Molinos Tarquini.<\/p>\n<p>Otras obras de valor patrimonial recientemente terminadas en Entre R\u00edos con productos de Molinos Tarquini son la Iglesia San Jos\u00e9 de Gualeguay -de 8.000 m2 de revestimiento-, el Banco Naci\u00f3n de Concordia -3.600 m2 de revestimiento Neo Par\u00eds proyectado- y la Municipalidad de Gualeguaych\u00fa. El Ing. Carlos Tarquini, directivo de Molinos Tarquini, concluye:<em> \u00abNuestra firma contin\u00faa aportando la experiencia de d\u00e9cadas en el desarrollo de productos especialmente concebidos para el patrimonio hist\u00f3rico. Estamos muy orgullosos de colaborar con la restauraci\u00f3n de varios de los valiosos edificios patrimoniales de la provincia de Entre R\u00edos y de estar presentes en todo el pa\u00eds\u00bb<\/em>.<\/p>\n<p>Las visitas al Colegio Nacional Justo Jos\u00e9 de Urquiza se pueden realizar los s\u00e1bados, domingos y feriados de 9 a 12 y de 16 a 19 horas.<\/p>\n\n<div style=\"font-size: 0px; height: 0px; line-height: 0px; margin: 0; padding: 0; clear: both;\"><\/div><div style=\"margin-top: 0px; margin-bottom: 0px;\" class=\"sharethis-inline-share-buttons\" ><\/div>","protected":false},"excerpt":{"rendered":"<p>Edificio construido en 1849 y declarado Monumento Hist\u00f3rico Nacional&#8230;<\/p>\n","protected":false},"author":1,"featured_media":6941,"comment_status":"closed","ping_status":"closed","sticky":false,"template":"","format":"standard","meta":{"_uag_custom_page_level_css":"","footnotes":""},"categories":[70,68],"tags":[1791,1792,121,418,1793,1226,912,364],"class_list":["post-6940","post","type-post","status-publish","format-standard","has-post-thumbnail","hentry","category-noticias-arquitectura","category-novedades","tag-colegio-nacional-justo-jose-de-urquiza","tag-concepcion-del-uruguay","tag-entre-rios","tag-molinos-tarquini","tag-monumento-historico-nacional","tag-patrimonio","tag-restauracion","tag-revestimientos","generate-columns","tablet-grid-50","mobile-grid-100","grid-parent","grid-50"],"yoast_head":"<!-- This site is optimized with the Yoast SEO plugin v27.3 - https:\/\/yoast.com\/product\/yoast-seo-wordpress\/ -->\n<title>Se terminan las obras de puesta en valor del Colegio Nacional de Concepci\u00f3n del Uruguay - Arquimaster<\/title>\n<meta name=\"robots\" content=\"index, follow, max-snippet:-1, max-image-preview:large, max-video-preview:-1\" \/>\n<link rel=\"canonical\" href=\"https:\/\/www.arquimaster.com.ar\/web\/se-terminan-las-obras-de-puesta-en-valor-del-colegio-nacional-de-concepcion-del-uruguay\/\" \/>\n<meta property=\"og:locale\" content=\"es_ES\" \/>\n<meta property=\"og:type\" content=\"article\" \/>\n<meta property=\"og:title\" content=\"Se terminan las obras de puesta en valor del Colegio Nacional de Concepci\u00f3n del Uruguay - Arquimaster\" \/>\n<meta property=\"og:description\" content=\"Edificio construido en 1849 y declarado Monumento Hist\u00f3rico Nacional...\" \/>\n<meta property=\"og:url\" content=\"https:\/\/www.arquimaster.com.ar\/web\/se-terminan-las-obras-de-puesta-en-valor-del-colegio-nacional-de-concepcion-del-uruguay\/\" \/>\n<meta property=\"og:site_name\" content=\"Arquimaster\" \/>\n<meta property=\"article:publisher\" content=\"http:\/\/www.facebook.com\/ARQUIMASTER.com.ar\" \/>\n<meta property=\"article:published_time\" content=\"2014-05-11T17:41:21+00:00\" \/>\n<meta property=\"article:modified_time\" content=\"2026-03-28T22:38:59+00:00\" \/>\n<meta property=\"og:image\" content=\"https:\/\/www.arquimaster.com.ar\/web\/wp-content\/uploads\/2014\/05\/puesta_valor_colegio_nacional_slide.jpg\" \/>\n\t<meta property=\"og:image:width\" content=\"642\" \/>\n\t<meta property=\"og:image:height\" content=\"336\" \/>\n\t<meta property=\"og:image:type\" content=\"image\/jpeg\" \/>\n<meta name=\"author\" content=\"Arquimaster\" \/>\n<meta name=\"twitter:card\" content=\"summary_large_image\" \/>\n<meta name=\"twitter:creator\" content=\"@arquimaster\" \/>\n<meta name=\"twitter:site\" content=\"@arquimaster\" \/>\n<meta name=\"twitter:label1\" content=\"Escrito por\" \/>\n\t<meta name=\"twitter:data1\" content=\"Arquimaster\" \/>\n\t<meta name=\"twitter:label2\" content=\"Tiempo de lectura\" \/>\n\t<meta name=\"twitter:data2\" content=\"6 minutos\" \/>\n<script type=\"application\/ld+json\" class=\"yoast-schema-graph\">{\"@context\":\"https:\\\/\\\/schema.org\",\"@graph\":[{\"@type\":\"Article\",\"@id\":\"https:\\\/\\\/www.arquimaster.com.ar\\\/web\\\/se-terminan-las-obras-de-puesta-en-valor-del-colegio-nacional-de-concepcion-del-uruguay\\\/#article\",\"isPartOf\":{\"@id\":\"https:\\\/\\\/www.arquimaster.com.ar\\\/web\\\/se-terminan-las-obras-de-puesta-en-valor-del-colegio-nacional-de-concepcion-del-uruguay\\\/\"},\"author\":{\"name\":\"Arquimaster\",\"@id\":\"https:\\\/\\\/www.arquimaster.com.ar\\\/web\\\/#\\\/schema\\\/person\\\/359e9f7c00193fcde068e0dd2ceb0028\"},\"headline\":\"Se terminan las obras de puesta en valor del Colegio Nacional de Concepci\u00f3n del Uruguay\",\"datePublished\":\"2014-05-11T17:41:21+00:00\",\"dateModified\":\"2026-03-28T22:38:59+00:00\",\"mainEntityOfPage\":{\"@id\":\"https:\\\/\\\/www.arquimaster.com.ar\\\/web\\\/se-terminan-las-obras-de-puesta-en-valor-del-colegio-nacional-de-concepcion-del-uruguay\\\/\"},\"wordCount\":1149,\"publisher\":{\"@id\":\"https:\\\/\\\/www.arquimaster.com.ar\\\/web\\\/#organization\"},\"image\":{\"@id\":\"https:\\\/\\\/www.arquimaster.com.ar\\\/web\\\/se-terminan-las-obras-de-puesta-en-valor-del-colegio-nacional-de-concepcion-del-uruguay\\\/#primaryimage\"},\"thumbnailUrl\":\"https:\\\/\\\/www.arquimaster.com.ar\\\/web\\\/wp-content\\\/uploads\\\/2014\\\/05\\\/puesta_valor_colegio_nacional_slide.jpg\",\"keywords\":[\"Colegio Nacional Justo Jos\u00e9 de Urquiza\",\"Concepci\u00f3n del Uruguay\",\"Entre Rios\",\"Molinos Tarquini\",\"Monumento Hist\u00f3rico Nacional\",\"patrimonio\",\"restauraci\u00f3n\",\"revestimientos\"],\"articleSection\":[\"Noticias de arquitectura y dise\u00f1o\",\"Novedades\"],\"inLanguage\":\"es\"},{\"@type\":\"WebPage\",\"@id\":\"https:\\\/\\\/www.arquimaster.com.ar\\\/web\\\/se-terminan-las-obras-de-puesta-en-valor-del-colegio-nacional-de-concepcion-del-uruguay\\\/\",\"url\":\"https:\\\/\\\/www.arquimaster.com.ar\\\/web\\\/se-terminan-las-obras-de-puesta-en-valor-del-colegio-nacional-de-concepcion-del-uruguay\\\/\",\"name\":\"Se terminan las obras de puesta en valor del Colegio Nacional de Concepci\u00f3n del Uruguay - Arquimaster\",\"isPartOf\":{\"@id\":\"https:\\\/\\\/www.arquimaster.com.ar\\\/web\\\/#website\"},\"primaryImageOfPage\":{\"@id\":\"https:\\\/\\\/www.arquimaster.com.ar\\\/web\\\/se-terminan-las-obras-de-puesta-en-valor-del-colegio-nacional-de-concepcion-del-uruguay\\\/#primaryimage\"},\"image\":{\"@id\":\"https:\\\/\\\/www.arquimaster.com.ar\\\/web\\\/se-terminan-las-obras-de-puesta-en-valor-del-colegio-nacional-de-concepcion-del-uruguay\\\/#primaryimage\"},\"thumbnailUrl\":\"https:\\\/\\\/www.arquimaster.com.ar\\\/web\\\/wp-content\\\/uploads\\\/2014\\\/05\\\/puesta_valor_colegio_nacional_slide.jpg\",\"datePublished\":\"2014-05-11T17:41:21+00:00\",\"dateModified\":\"2026-03-28T22:38:59+00:00\",\"breadcrumb\":{\"@id\":\"https:\\\/\\\/www.arquimaster.com.ar\\\/web\\\/se-terminan-las-obras-de-puesta-en-valor-del-colegio-nacional-de-concepcion-del-uruguay\\\/#breadcrumb\"},\"inLanguage\":\"es\",\"potentialAction\":[{\"@type\":\"ReadAction\",\"target\":[\"https:\\\/\\\/www.arquimaster.com.ar\\\/web\\\/se-terminan-las-obras-de-puesta-en-valor-del-colegio-nacional-de-concepcion-del-uruguay\\\/\"]}]},{\"@type\":\"ImageObject\",\"inLanguage\":\"es\",\"@id\":\"https:\\\/\\\/www.arquimaster.com.ar\\\/web\\\/se-terminan-las-obras-de-puesta-en-valor-del-colegio-nacional-de-concepcion-del-uruguay\\\/#primaryimage\",\"url\":\"https:\\\/\\\/www.arquimaster.com.ar\\\/web\\\/wp-content\\\/uploads\\\/2014\\\/05\\\/puesta_valor_colegio_nacional_slide.jpg\",\"contentUrl\":\"https:\\\/\\\/www.arquimaster.com.ar\\\/web\\\/wp-content\\\/uploads\\\/2014\\\/05\\\/puesta_valor_colegio_nacional_slide.jpg\",\"width\":642,\"height\":336},{\"@type\":\"BreadcrumbList\",\"@id\":\"https:\\\/\\\/www.arquimaster.com.ar\\\/web\\\/se-terminan-las-obras-de-puesta-en-valor-del-colegio-nacional-de-concepcion-del-uruguay\\\/#breadcrumb\",\"itemListElement\":[{\"@type\":\"ListItem\",\"position\":1,\"name\":\"Portada\",\"item\":\"https:\\\/\\\/www.arquimaster.com.ar\\\/web\\\/\"},{\"@type\":\"ListItem\",\"position\":2,\"name\":\"Se terminan las obras de puesta en valor del Colegio Nacional de Concepci\u00f3n del Uruguay\"}]},{\"@type\":\"WebSite\",\"@id\":\"https:\\\/\\\/www.arquimaster.com.ar\\\/web\\\/#website\",\"url\":\"https:\\\/\\\/www.arquimaster.com.ar\\\/web\\\/\",\"name\":\"Arquimaster\",\"description\":\"Web de arquitectura, dise\u00f1o y construccion\",\"publisher\":{\"@id\":\"https:\\\/\\\/www.arquimaster.com.ar\\\/web\\\/#organization\"},\"potentialAction\":[{\"@type\":\"SearchAction\",\"target\":{\"@type\":\"EntryPoint\",\"urlTemplate\":\"https:\\\/\\\/www.arquimaster.com.ar\\\/web\\\/?s={search_term_string}\"},\"query-input\":{\"@type\":\"PropertyValueSpecification\",\"valueRequired\":true,\"valueName\":\"search_term_string\"}}],\"inLanguage\":\"es\"},{\"@type\":\"Organization\",\"@id\":\"https:\\\/\\\/www.arquimaster.com.ar\\\/web\\\/#organization\",\"name\":\"Arquimaster\",\"url\":\"https:\\\/\\\/www.arquimaster.com.ar\\\/web\\\/\",\"logo\":{\"@type\":\"ImageObject\",\"inLanguage\":\"es\",\"@id\":\"https:\\\/\\\/www.arquimaster.com.ar\\\/web\\\/#\\\/schema\\\/logo\\\/image\\\/\",\"url\":\"https:\\\/\\\/www.arquimaster.com.ar\\\/web\\\/wp-content\\\/uploads\\\/2022\\\/06\\\/arquimaster.png\",\"contentUrl\":\"https:\\\/\\\/www.arquimaster.com.ar\\\/web\\\/wp-content\\\/uploads\\\/2022\\\/06\\\/arquimaster.png\",\"width\":594,\"height\":78,\"caption\":\"Arquimaster\"},\"image\":{\"@id\":\"https:\\\/\\\/www.arquimaster.com.ar\\\/web\\\/#\\\/schema\\\/logo\\\/image\\\/\"},\"sameAs\":[\"http:\\\/\\\/www.facebook.com\\\/ARQUIMASTER.com.ar\",\"https:\\\/\\\/x.com\\\/arquimaster\",\"https:\\\/\\\/www.instagram.com\\\/arquimasterblog\\\/\",\"https:\\\/\\\/www.linkedin.com\\\/company\\\/arquimaster\",\"https:\\\/\\\/www.pinterest.com\\\/arquimaster\",\"https:\\\/\\\/t.me\\\/arquimaster\"]},{\"@type\":\"Person\",\"@id\":\"https:\\\/\\\/www.arquimaster.com.ar\\\/web\\\/#\\\/schema\\\/person\\\/359e9f7c00193fcde068e0dd2ceb0028\",\"name\":\"Arquimaster\"}]}<\/script>\n<!-- \/ Yoast SEO plugin. -->","yoast_head_json":{"title":"Se terminan las obras de puesta en valor del Colegio Nacional de Concepci\u00f3n del Uruguay - Arquimaster","robots":{"index":"index","follow":"follow","max-snippet":"max-snippet:-1","max-image-preview":"max-image-preview:large","max-video-preview":"max-video-preview:-1"},"canonical":"https:\/\/www.arquimaster.com.ar\/web\/se-terminan-las-obras-de-puesta-en-valor-del-colegio-nacional-de-concepcion-del-uruguay\/","og_locale":"es_ES","og_type":"article","og_title":"Se terminan las obras de puesta en valor del Colegio Nacional de Concepci\u00f3n del Uruguay - Arquimaster","og_description":"Edificio construido en 1849 y declarado Monumento Hist\u00f3rico Nacional...","og_url":"https:\/\/www.arquimaster.com.ar\/web\/se-terminan-las-obras-de-puesta-en-valor-del-colegio-nacional-de-concepcion-del-uruguay\/","og_site_name":"Arquimaster","article_publisher":"http:\/\/www.facebook.com\/ARQUIMASTER.com.ar","article_published_time":"2014-05-11T17:41:21+00:00","article_modified_time":"2026-03-28T22:38:59+00:00","og_image":[{"width":642,"height":336,"url":"https:\/\/www.arquimaster.com.ar\/web\/wp-content\/uploads\/2014\/05\/puesta_valor_colegio_nacional_slide.jpg","type":"image\/jpeg"}],"author":"Arquimaster","twitter_card":"summary_large_image","twitter_creator":"@arquimaster","twitter_site":"@arquimaster","twitter_misc":{"Escrito por":"Arquimaster","Tiempo de lectura":"6 minutos"},"schema":{"@context":"https:\/\/schema.org","@graph":[{"@type":"Article","@id":"https:\/\/www.arquimaster.com.ar\/web\/se-terminan-las-obras-de-puesta-en-valor-del-colegio-nacional-de-concepcion-del-uruguay\/#article","isPartOf":{"@id":"https:\/\/www.arquimaster.com.ar\/web\/se-terminan-las-obras-de-puesta-en-valor-del-colegio-nacional-de-concepcion-del-uruguay\/"},"author":{"name":"Arquimaster","@id":"https:\/\/www.arquimaster.com.ar\/web\/#\/schema\/person\/359e9f7c00193fcde068e0dd2ceb0028"},"headline":"Se terminan las obras de puesta en valor del Colegio Nacional de Concepci\u00f3n del Uruguay","datePublished":"2014-05-11T17:41:21+00:00","dateModified":"2026-03-28T22:38:59+00:00","mainEntityOfPage":{"@id":"https:\/\/www.arquimaster.com.ar\/web\/se-terminan-las-obras-de-puesta-en-valor-del-colegio-nacional-de-concepcion-del-uruguay\/"},"wordCount":1149,"publisher":{"@id":"https:\/\/www.arquimaster.com.ar\/web\/#organization"},"image":{"@id":"https:\/\/www.arquimaster.com.ar\/web\/se-terminan-las-obras-de-puesta-en-valor-del-colegio-nacional-de-concepcion-del-uruguay\/#primaryimage"},"thumbnailUrl":"https:\/\/www.arquimaster.com.ar\/web\/wp-content\/uploads\/2014\/05\/puesta_valor_colegio_nacional_slide.jpg","keywords":["Colegio Nacional Justo Jos\u00e9 de Urquiza","Concepci\u00f3n del Uruguay","Entre Rios","Molinos Tarquini","Monumento Hist\u00f3rico Nacional","patrimonio","restauraci\u00f3n","revestimientos"],"articleSection":["Noticias de arquitectura y dise\u00f1o","Novedades"],"inLanguage":"es"},{"@type":"WebPage","@id":"https:\/\/www.arquimaster.com.ar\/web\/se-terminan-las-obras-de-puesta-en-valor-del-colegio-nacional-de-concepcion-del-uruguay\/","url":"https:\/\/www.arquimaster.com.ar\/web\/se-terminan-las-obras-de-puesta-en-valor-del-colegio-nacional-de-concepcion-del-uruguay\/","name":"Se terminan las obras de puesta en valor del Colegio Nacional de Concepci\u00f3n del Uruguay - Arquimaster","isPartOf":{"@id":"https:\/\/www.arquimaster.com.ar\/web\/#website"},"primaryImageOfPage":{"@id":"https:\/\/www.arquimaster.com.ar\/web\/se-terminan-las-obras-de-puesta-en-valor-del-colegio-nacional-de-concepcion-del-uruguay\/#primaryimage"},"image":{"@id":"https:\/\/www.arquimaster.com.ar\/web\/se-terminan-las-obras-de-puesta-en-valor-del-colegio-nacional-de-concepcion-del-uruguay\/#primaryimage"},"thumbnailUrl":"https:\/\/www.arquimaster.com.ar\/web\/wp-content\/uploads\/2014\/05\/puesta_valor_colegio_nacional_slide.jpg","datePublished":"2014-05-11T17:41:21+00:00","dateModified":"2026-03-28T22:38:59+00:00","breadcrumb":{"@id":"https:\/\/www.arquimaster.com.ar\/web\/se-terminan-las-obras-de-puesta-en-valor-del-colegio-nacional-de-concepcion-del-uruguay\/#breadcrumb"},"inLanguage":"es","potentialAction":[{"@type":"ReadAction","target":["https:\/\/www.arquimaster.com.ar\/web\/se-terminan-las-obras-de-puesta-en-valor-del-colegio-nacional-de-concepcion-del-uruguay\/"]}]},{"@type":"ImageObject","inLanguage":"es","@id":"https:\/\/www.arquimaster.com.ar\/web\/se-terminan-las-obras-de-puesta-en-valor-del-colegio-nacional-de-concepcion-del-uruguay\/#primaryimage","url":"https:\/\/www.arquimaster.com.ar\/web\/wp-content\/uploads\/2014\/05\/puesta_valor_colegio_nacional_slide.jpg","contentUrl":"https:\/\/www.arquimaster.com.ar\/web\/wp-content\/uploads\/2014\/05\/puesta_valor_colegio_nacional_slide.jpg","width":642,"height":336},{"@type":"BreadcrumbList","@id":"https:\/\/www.arquimaster.com.ar\/web\/se-terminan-las-obras-de-puesta-en-valor-del-colegio-nacional-de-concepcion-del-uruguay\/#breadcrumb","itemListElement":[{"@type":"ListItem","position":1,"name":"Portada","item":"https:\/\/www.arquimaster.com.ar\/web\/"},{"@type":"ListItem","position":2,"name":"Se terminan las obras de puesta en valor del Colegio Nacional de Concepci\u00f3n del Uruguay"}]},{"@type":"WebSite","@id":"https:\/\/www.arquimaster.com.ar\/web\/#website","url":"https:\/\/www.arquimaster.com.ar\/web\/","name":"Arquimaster","description":"Web de arquitectura, dise\u00f1o y construccion","publisher":{"@id":"https:\/\/www.arquimaster.com.ar\/web\/#organization"},"potentialAction":[{"@type":"SearchAction","target":{"@type":"EntryPoint","urlTemplate":"https:\/\/www.arquimaster.com.ar\/web\/?s={search_term_string}"},"query-input":{"@type":"PropertyValueSpecification","valueRequired":true,"valueName":"search_term_string"}}],"inLanguage":"es"},{"@type":"Organization","@id":"https:\/\/www.arquimaster.com.ar\/web\/#organization","name":"Arquimaster","url":"https:\/\/www.arquimaster.com.ar\/web\/","logo":{"@type":"ImageObject","inLanguage":"es","@id":"https:\/\/www.arquimaster.com.ar\/web\/#\/schema\/logo\/image\/","url":"https:\/\/www.arquimaster.com.ar\/web\/wp-content\/uploads\/2022\/06\/arquimaster.png","contentUrl":"https:\/\/www.arquimaster.com.ar\/web\/wp-content\/uploads\/2022\/06\/arquimaster.png","width":594,"height":78,"caption":"Arquimaster"},"image":{"@id":"https:\/\/www.arquimaster.com.ar\/web\/#\/schema\/logo\/image\/"},"sameAs":["http:\/\/www.facebook.com\/ARQUIMASTER.com.ar","https:\/\/x.com\/arquimaster","https:\/\/www.instagram.com\/arquimasterblog\/","https:\/\/www.linkedin.com\/company\/arquimaster","https:\/\/www.pinterest.com\/arquimaster","https:\/\/t.me\/arquimaster"]},{"@type":"Person","@id":"https:\/\/www.arquimaster.com.ar\/web\/#\/schema\/person\/359e9f7c00193fcde068e0dd2ceb0028","name":"Arquimaster"}]}},"uagb_featured_image_src":{"full":["https:\/\/www.arquimaster.com.ar\/web\/wp-content\/uploads\/2014\/05\/puesta_valor_colegio_nacional_slide.jpg",642,336,false],"thumbnail":["https:\/\/www.arquimaster.com.ar\/web\/wp-content\/uploads\/2014\/05\/puesta_valor_colegio_nacional_slide-150x150.jpg",150,150,true],"medium":["https:\/\/www.arquimaster.com.ar\/web\/wp-content\/uploads\/2014\/05\/puesta_valor_colegio_nacional_slide-300x157.jpg",300,157,true],"medium_large":["https:\/\/www.arquimaster.com.ar\/web\/wp-content\/uploads\/2014\/05\/puesta_valor_colegio_nacional_slide.jpg",642,336,false],"large":["https:\/\/www.arquimaster.com.ar\/web\/wp-content\/uploads\/2014\/05\/puesta_valor_colegio_nacional_slide.jpg",642,336,false],"1536x1536":["https:\/\/www.arquimaster.com.ar\/web\/wp-content\/uploads\/2014\/05\/puesta_valor_colegio_nacional_slide.jpg",642,336,false],"2048x2048":["https:\/\/www.arquimaster.com.ar\/web\/wp-content\/uploads\/2014\/05\/puesta_valor_colegio_nacional_slide.jpg",642,336,false]},"uagb_author_info":{"display_name":"Arquimaster","author_link":"https:\/\/www.arquimaster.com.ar\/web\/author\/arquimaster\/"},"uagb_comment_info":0,"uagb_excerpt":"Edificio construido en 1849 y declarado Monumento Hist\u00f3rico Nacional...","_links":{"self":[{"href":"https:\/\/www.arquimaster.com.ar\/web\/wp-json\/wp\/v2\/posts\/6940","targetHints":{"allow":["GET"]}}],"collection":[{"href":"https:\/\/www.arquimaster.com.ar\/web\/wp-json\/wp\/v2\/posts"}],"about":[{"href":"https:\/\/www.arquimaster.com.ar\/web\/wp-json\/wp\/v2\/types\/post"}],"author":[{"embeddable":true,"href":"https:\/\/www.arquimaster.com.ar\/web\/wp-json\/wp\/v2\/users\/1"}],"replies":[{"embeddable":true,"href":"https:\/\/www.arquimaster.com.ar\/web\/wp-json\/wp\/v2\/comments?post=6940"}],"version-history":[{"count":1,"href":"https:\/\/www.arquimaster.com.ar\/web\/wp-json\/wp\/v2\/posts\/6940\/revisions"}],"predecessor-version":[{"id":87997,"href":"https:\/\/www.arquimaster.com.ar\/web\/wp-json\/wp\/v2\/posts\/6940\/revisions\/87997"}],"wp:featuredmedia":[{"embeddable":true,"href":"https:\/\/www.arquimaster.com.ar\/web\/wp-json\/wp\/v2\/media\/6941"}],"wp:attachment":[{"href":"https:\/\/www.arquimaster.com.ar\/web\/wp-json\/wp\/v2\/media?parent=6940"}],"wp:term":[{"taxonomy":"category","embeddable":true,"href":"https:\/\/www.arquimaster.com.ar\/web\/wp-json\/wp\/v2\/categories?post=6940"},{"taxonomy":"post_tag","embeddable":true,"href":"https:\/\/www.arquimaster.com.ar\/web\/wp-json\/wp\/v2\/tags?post=6940"}],"curies":[{"name":"wp","href":"https:\/\/api.w.org\/{rel}","templated":true}]}}