{"id":69404,"date":"2022-03-24T13:24:03","date_gmt":"2022-03-24T16:24:03","guid":{"rendered":"https:\/\/www.arquimaster.com.ar\/web\/?p=69404"},"modified":"2022-09-07T18:29:02","modified_gmt":"2022-09-07T21:29:02","slug":"casa-graffiti-estudio-pka","status":"publish","type":"post","link":"https:\/\/www.arquimaster.com.ar\/web\/casa-graffiti-estudio-pka\/","title":{"rendered":"Casa Graffiti \/ Estudio PKa"},"content":{"rendered":"<div style=\"margin-top: 0px; margin-bottom: 0px;\" class=\"sharethis-inline-share-buttons\" ><\/div><div class=\"b812932af2e751442846f039925109de\" data-index=\"1\" style=\"float: none; margin:25px 0 25px 0; text-align:center;\">\n<script async src=\"https:\/\/pagead2.googlesyndication.com\/pagead\/js\/adsbygoogle.js\"><\/script>\r\n<!-- Arquimaster (superior) -->\r\n<ins class=\"adsbygoogle\"\r\n     style=\"display:block\"\r\n     data-ad-client=\"ca-pub-6351072698456832\"\r\n     data-ad-slot=\"6455489680\"\r\n     data-ad-format=\"auto\"\r\n     data-full-width-responsive=\"true\"><\/ins>\r\n<script>\r\n     (adsbygoogle = window.adsbygoogle || []).push({});\r\n<\/script>\n<\/div>\n<p><strong>Casa Graffiti<\/strong> (Tigre, Pcia. de Buenos Aires, Argentina) por <strong>Estudio PKa<\/strong>. La idea para esta vivienda unifamiliar parti\u00f3 de un gran volumen puro con caladuras, las cuales generan distintos patios y galer\u00edas que act\u00faan como fuelles verdes, permitiendo el ingreso de luz natural al interior de la casa. Se prioriz\u00f3 obtener una relaci\u00f3n exterior-interior flu\u00edda donde la arquitectura enmarca la naturaleza y dialoga con ella. Se desarrolla en dos plantas, buscando en todo momento obtener visuales hacia la laguna desde los distintos ambientes.<\/p>\n<div id='gallery-1' class='gallery galleryid-69404 gallery-columns-3 gallery-size-thumbnail'><figure class='gallery-item'>\n\t\t\t<div class='gallery-icon landscape'>\n\t\t\t\t<a href='https:\/\/www.arquimaster.com.ar\/web\/wp-content\/uploads\/2022\/03\/casa_graffiti1.jpg' title=\"Casa Graffiti \/ Estudio PKa (\u00a9 Alejandro Peral)\" data-rl_title=\"Casa Graffiti \/ Estudio PKa (\u00a9 Alejandro Peral)\" class=\"rl-gallery-link\" data-rl_caption=\"Casa Graffiti \/ Estudio PKa (\u00a9 Alejandro Peral)\" data-rel=\"lightbox-gallery-1\"><img loading=\"lazy\" decoding=\"async\" width=\"150\" height=\"150\" src=\"https:\/\/www.arquimaster.com.ar\/web\/wp-content\/uploads\/2022\/03\/casa_graffiti1-150x150.jpg\" class=\"attachment-thumbnail size-thumbnail\" alt=\"Casa Graffiti \/ Estudio PKa\" aria-describedby=\"gallery-1-69405\" \/><\/a>\n\t\t\t<\/div>\n\t\t\t\t<figcaption class='wp-caption-text gallery-caption' id='gallery-1-69405'>\n\t\t\t\tCasa Graffiti \/ Estudio PKa (\u00a9 Alejandro Peral)\n\t\t\t\t<\/figcaption><\/figure><figure class='gallery-item'>\n\t\t\t<div class='gallery-icon portrait'>\n\t\t\t\t<a href='https:\/\/www.arquimaster.com.ar\/web\/wp-content\/uploads\/2022\/03\/casa_graffiti2.jpg' title=\"Casa Graffiti \/ Estudio PKa (\u00a9 Alejandro Peral)\" data-rl_title=\"Casa Graffiti \/ Estudio PKa (\u00a9 Alejandro Peral)\" class=\"rl-gallery-link\" data-rl_caption=\"Casa Graffiti \/ Estudio PKa (\u00a9 Alejandro Peral)\" data-rel=\"lightbox-gallery-1\"><img loading=\"lazy\" decoding=\"async\" width=\"150\" height=\"150\" src=\"https:\/\/www.arquimaster.com.ar\/web\/wp-content\/uploads\/2022\/03\/casa_graffiti2-150x150.jpg\" class=\"attachment-thumbnail size-thumbnail\" alt=\"Casa Graffiti \/ Estudio PKa\" aria-describedby=\"gallery-1-69406\" \/><\/a>\n\t\t\t<\/div>\n\t\t\t\t<figcaption class='wp-caption-text gallery-caption' id='gallery-1-69406'>\n\t\t\t\tCasa Graffiti \/ Estudio PKa (\u00a9 Alejandro Peral)\n\t\t\t\t<\/figcaption><\/figure><figure class='gallery-item'>\n\t\t\t<div class='gallery-icon portrait'>\n\t\t\t\t<a href='https:\/\/www.arquimaster.com.ar\/web\/wp-content\/uploads\/2022\/03\/casa_graffiti3.jpg' title=\"Casa Graffiti \/ Estudio PKa (\u00a9 Alejandro Peral)\" data-rl_title=\"Casa Graffiti \/ Estudio PKa (\u00a9 Alejandro Peral)\" class=\"rl-gallery-link\" data-rl_caption=\"Casa Graffiti \/ Estudio PKa (\u00a9 Alejandro Peral)\" data-rel=\"lightbox-gallery-1\"><img loading=\"lazy\" decoding=\"async\" width=\"150\" height=\"150\" src=\"https:\/\/www.arquimaster.com.ar\/web\/wp-content\/uploads\/2022\/03\/casa_graffiti3-150x150.jpg\" class=\"attachment-thumbnail size-thumbnail\" alt=\"Casa Graffiti \/ Estudio PKa\" aria-describedby=\"gallery-1-69407\" \/><\/a>\n\t\t\t<\/div>\n\t\t\t\t<figcaption class='wp-caption-text gallery-caption' id='gallery-1-69407'>\n\t\t\t\tCasa Graffiti \/ Estudio PKa (\u00a9 Alejandro Peral)\n\t\t\t\t<\/figcaption><\/figure><figure class='gallery-item'>\n\t\t\t<div class='gallery-icon portrait'>\n\t\t\t\t<a href='https:\/\/www.arquimaster.com.ar\/web\/wp-content\/uploads\/2022\/03\/casa_graffiti4.jpg' title=\"Casa Graffiti \/ Estudio PKa (\u00a9 Alejandro Peral)\" data-rl_title=\"Casa Graffiti \/ Estudio PKa (\u00a9 Alejandro Peral)\" class=\"rl-gallery-link\" data-rl_caption=\"Casa Graffiti \/ Estudio PKa (\u00a9 Alejandro Peral)\" data-rel=\"lightbox-gallery-1\"><img loading=\"lazy\" decoding=\"async\" width=\"150\" height=\"150\" src=\"https:\/\/www.arquimaster.com.ar\/web\/wp-content\/uploads\/2022\/03\/casa_graffiti4-150x150.jpg\" class=\"attachment-thumbnail size-thumbnail\" alt=\"Casa Graffiti \/ Estudio PKa\" aria-describedby=\"gallery-1-69408\" \/><\/a>\n\t\t\t<\/div>\n\t\t\t\t<figcaption class='wp-caption-text gallery-caption' id='gallery-1-69408'>\n\t\t\t\tCasa Graffiti \/ Estudio PKa (\u00a9 Alejandro Peral)\n\t\t\t\t<\/figcaption><\/figure><figure class='gallery-item'>\n\t\t\t<div class='gallery-icon landscape'>\n\t\t\t\t<a href='https:\/\/www.arquimaster.com.ar\/web\/wp-content\/uploads\/2022\/03\/casa_graffiti5.jpg' title=\"Casa Graffiti \/ Estudio PKa (\u00a9 Alejandro Peral)\" data-rl_title=\"Casa Graffiti \/ Estudio PKa (\u00a9 Alejandro Peral)\" class=\"rl-gallery-link\" data-rl_caption=\"Casa Graffiti \/ Estudio PKa (\u00a9 Alejandro Peral)\" data-rel=\"lightbox-gallery-1\"><img loading=\"lazy\" decoding=\"async\" width=\"150\" height=\"150\" src=\"https:\/\/www.arquimaster.com.ar\/web\/wp-content\/uploads\/2022\/03\/casa_graffiti5-150x150.jpg\" class=\"attachment-thumbnail size-thumbnail\" alt=\"Casa Graffiti \/ Estudio PKa\" aria-describedby=\"gallery-1-69409\" \/><\/a>\n\t\t\t<\/div>\n\t\t\t\t<figcaption class='wp-caption-text gallery-caption' id='gallery-1-69409'>\n\t\t\t\tCasa Graffiti \/ Estudio PKa (\u00a9 Alejandro Peral)\n\t\t\t\t<\/figcaption><\/figure><figure class='gallery-item'>\n\t\t\t<div class='gallery-icon portrait'>\n\t\t\t\t<a href='https:\/\/www.arquimaster.com.ar\/web\/wp-content\/uploads\/2022\/03\/casa_graffiti6.jpg' title=\"Casa Graffiti \/ Estudio PKa (\u00a9 Alejandro Peral)\" data-rl_title=\"Casa Graffiti \/ Estudio PKa (\u00a9 Alejandro Peral)\" class=\"rl-gallery-link\" data-rl_caption=\"Casa Graffiti \/ Estudio PKa (\u00a9 Alejandro Peral)\" data-rel=\"lightbox-gallery-1\"><img loading=\"lazy\" decoding=\"async\" width=\"150\" height=\"150\" src=\"https:\/\/www.arquimaster.com.ar\/web\/wp-content\/uploads\/2022\/03\/casa_graffiti6-150x150.jpg\" class=\"attachment-thumbnail size-thumbnail\" alt=\"Casa Graffiti \/ Estudio PKa\" aria-describedby=\"gallery-1-69410\" \/><\/a>\n\t\t\t<\/div>\n\t\t\t\t<figcaption class='wp-caption-text gallery-caption' id='gallery-1-69410'>\n\t\t\t\tCasa Graffiti \/ Estudio PKa (\u00a9 Alejandro Peral)\n\t\t\t\t<\/figcaption><\/figure><figure class='gallery-item'>\n\t\t\t<div class='gallery-icon portrait'>\n\t\t\t\t<a href='https:\/\/www.arquimaster.com.ar\/web\/wp-content\/uploads\/2022\/03\/casa_graffiti7.jpg' title=\"Casa Graffiti \/ Estudio PKa (\u00a9 Alejandro Peral)\" data-rl_title=\"Casa Graffiti \/ Estudio PKa (\u00a9 Alejandro Peral)\" class=\"rl-gallery-link\" data-rl_caption=\"Casa Graffiti \/ Estudio PKa (\u00a9 Alejandro Peral)\" data-rel=\"lightbox-gallery-1\"><img loading=\"lazy\" decoding=\"async\" width=\"150\" height=\"150\" src=\"https:\/\/www.arquimaster.com.ar\/web\/wp-content\/uploads\/2022\/03\/casa_graffiti7-150x150.jpg\" class=\"attachment-thumbnail size-thumbnail\" alt=\"Casa Graffiti \/ Estudio PKa\" aria-describedby=\"gallery-1-69411\" \/><\/a>\n\t\t\t<\/div>\n\t\t\t\t<figcaption class='wp-caption-text gallery-caption' id='gallery-1-69411'>\n\t\t\t\tCasa Graffiti \/ Estudio PKa (\u00a9 Alejandro Peral)\n\t\t\t\t<\/figcaption><\/figure><figure class='gallery-item'>\n\t\t\t<div class='gallery-icon portrait'>\n\t\t\t\t<a href='https:\/\/www.arquimaster.com.ar\/web\/wp-content\/uploads\/2022\/03\/casa_graffiti8.jpg' title=\"Casa Graffiti \/ Estudio PKa (\u00a9 Alejandro Peral)\" data-rl_title=\"Casa Graffiti \/ Estudio PKa (\u00a9 Alejandro Peral)\" class=\"rl-gallery-link\" data-rl_caption=\"Casa Graffiti \/ Estudio PKa (\u00a9 Alejandro Peral)\" data-rel=\"lightbox-gallery-1\"><img loading=\"lazy\" decoding=\"async\" width=\"150\" height=\"150\" src=\"https:\/\/www.arquimaster.com.ar\/web\/wp-content\/uploads\/2022\/03\/casa_graffiti8-150x150.jpg\" class=\"attachment-thumbnail size-thumbnail\" alt=\"Casa Graffiti \/ Estudio PKa\" aria-describedby=\"gallery-1-69412\" \/><\/a>\n\t\t\t<\/div>\n\t\t\t\t<figcaption class='wp-caption-text gallery-caption' id='gallery-1-69412'>\n\t\t\t\tCasa Graffiti \/ Estudio PKa (\u00a9 Alejandro Peral)\n\t\t\t\t<\/figcaption><\/figure><figure class='gallery-item'>\n\t\t\t<div class='gallery-icon landscape'>\n\t\t\t\t<a href='https:\/\/www.arquimaster.com.ar\/web\/wp-content\/uploads\/2022\/03\/casa_graffiti9.jpg' title=\"Casa Graffiti \/ Estudio PKa (\u00a9 Alejandro Peral)\" data-rl_title=\"Casa Graffiti \/ Estudio PKa (\u00a9 Alejandro Peral)\" class=\"rl-gallery-link\" data-rl_caption=\"Casa Graffiti \/ Estudio PKa (\u00a9 Alejandro Peral)\" data-rel=\"lightbox-gallery-1\"><img loading=\"lazy\" decoding=\"async\" width=\"150\" height=\"150\" src=\"https:\/\/www.arquimaster.com.ar\/web\/wp-content\/uploads\/2022\/03\/casa_graffiti9-150x150.jpg\" class=\"attachment-thumbnail size-thumbnail\" alt=\"Casa Graffiti \/ Estudio PKa\" aria-describedby=\"gallery-1-69413\" \/><\/a>\n\t\t\t<\/div>\n\t\t\t\t<figcaption class='wp-caption-text gallery-caption' id='gallery-1-69413'>\n\t\t\t\tCasa Graffiti \/ Estudio PKa (\u00a9 Alejandro Peral)\n\t\t\t\t<\/figcaption><\/figure><figure class='gallery-item'>\n\t\t\t<div class='gallery-icon portrait'>\n\t\t\t\t<a href='https:\/\/www.arquimaster.com.ar\/web\/wp-content\/uploads\/2022\/03\/casa_graffiti10.jpg' title=\"Casa Graffiti \/ Estudio PKa (\u00a9 Alejandro Peral)\" data-rl_title=\"Casa Graffiti \/ Estudio PKa (\u00a9 Alejandro Peral)\" class=\"rl-gallery-link\" data-rl_caption=\"Casa Graffiti \/ Estudio PKa (\u00a9 Alejandro Peral)\" data-rel=\"lightbox-gallery-1\"><img loading=\"lazy\" decoding=\"async\" width=\"150\" height=\"150\" src=\"https:\/\/www.arquimaster.com.ar\/web\/wp-content\/uploads\/2022\/03\/casa_graffiti10-150x150.jpg\" class=\"attachment-thumbnail size-thumbnail\" alt=\"Casa Graffiti \/ Estudio PKa\" aria-describedby=\"gallery-1-69414\" \/><\/a>\n\t\t\t<\/div>\n\t\t\t\t<figcaption class='wp-caption-text gallery-caption' id='gallery-1-69414'>\n\t\t\t\tCasa Graffiti \/ Estudio PKa (\u00a9 Alejandro Peral)\n\t\t\t\t<\/figcaption><\/figure><figure class='gallery-item'>\n\t\t\t<div class='gallery-icon portrait'>\n\t\t\t\t<a href='https:\/\/www.arquimaster.com.ar\/web\/wp-content\/uploads\/2022\/03\/casa_graffiti11.jpg' title=\"Casa Graffiti \/ Estudio PKa (\u00a9 Alejandro Peral)\" data-rl_title=\"Casa Graffiti \/ Estudio PKa (\u00a9 Alejandro Peral)\" class=\"rl-gallery-link\" data-rl_caption=\"Casa Graffiti \/ Estudio PKa (\u00a9 Alejandro Peral)\" data-rel=\"lightbox-gallery-1\"><img loading=\"lazy\" decoding=\"async\" width=\"150\" height=\"150\" src=\"https:\/\/www.arquimaster.com.ar\/web\/wp-content\/uploads\/2022\/03\/casa_graffiti11-150x150.jpg\" class=\"attachment-thumbnail size-thumbnail\" alt=\"Casa Graffiti \/ Estudio PKa\" aria-describedby=\"gallery-1-69415\" \/><\/a>\n\t\t\t<\/div>\n\t\t\t\t<figcaption class='wp-caption-text gallery-caption' id='gallery-1-69415'>\n\t\t\t\tCasa Graffiti \/ Estudio PKa (\u00a9 Alejandro Peral)\n\t\t\t\t<\/figcaption><\/figure><figure class='gallery-item'>\n\t\t\t<div class='gallery-icon portrait'>\n\t\t\t\t<a href='https:\/\/www.arquimaster.com.ar\/web\/wp-content\/uploads\/2022\/03\/casa_graffiti12.jpg' title=\"Casa Graffiti \/ Estudio PKa (\u00a9 Alejandro Peral)\" data-rl_title=\"Casa Graffiti \/ Estudio PKa (\u00a9 Alejandro Peral)\" class=\"rl-gallery-link\" data-rl_caption=\"Casa Graffiti \/ Estudio PKa (\u00a9 Alejandro Peral)\" data-rel=\"lightbox-gallery-1\"><img loading=\"lazy\" decoding=\"async\" width=\"150\" height=\"150\" src=\"https:\/\/www.arquimaster.com.ar\/web\/wp-content\/uploads\/2022\/03\/casa_graffiti12-150x150.jpg\" class=\"attachment-thumbnail size-thumbnail\" alt=\"Casa Graffiti \/ Estudio PKa\" aria-describedby=\"gallery-1-69416\" \/><\/a>\n\t\t\t<\/div>\n\t\t\t\t<figcaption class='wp-caption-text gallery-caption' id='gallery-1-69416'>\n\t\t\t\tCasa Graffiti \/ Estudio PKa (\u00a9 Alejandro Peral)\n\t\t\t\t<\/figcaption><\/figure><figure class='gallery-item'>\n\t\t\t<div class='gallery-icon portrait'>\n\t\t\t\t<a href='https:\/\/www.arquimaster.com.ar\/web\/wp-content\/uploads\/2022\/03\/casa_graffiti13.jpg' title=\"Casa Graffiti \/ Estudio PKa (\u00a9 Alejandro Peral)\" data-rl_title=\"Casa Graffiti \/ Estudio PKa (\u00a9 Alejandro Peral)\" class=\"rl-gallery-link\" data-rl_caption=\"Casa Graffiti \/ Estudio PKa (\u00a9 Alejandro Peral)\" data-rel=\"lightbox-gallery-1\"><img loading=\"lazy\" decoding=\"async\" width=\"150\" height=\"150\" src=\"https:\/\/www.arquimaster.com.ar\/web\/wp-content\/uploads\/2022\/03\/casa_graffiti13-150x150.jpg\" class=\"attachment-thumbnail size-thumbnail\" alt=\"Casa Graffiti \/ Estudio PKa\" aria-describedby=\"gallery-1-69417\" \/><\/a>\n\t\t\t<\/div>\n\t\t\t\t<figcaption class='wp-caption-text gallery-caption' id='gallery-1-69417'>\n\t\t\t\tCasa Graffiti \/ Estudio PKa (\u00a9 Alejandro Peral)\n\t\t\t\t<\/figcaption><\/figure><figure class='gallery-item'>\n\t\t\t<div class='gallery-icon landscape'>\n\t\t\t\t<a href='https:\/\/www.arquimaster.com.ar\/web\/wp-content\/uploads\/2022\/03\/casa_graffiti14.jpg' title=\"Casa Graffiti \/ Estudio PKa (\u00a9 Alejandro Peral)\" data-rl_title=\"Casa Graffiti \/ Estudio PKa (\u00a9 Alejandro Peral)\" class=\"rl-gallery-link\" data-rl_caption=\"Casa Graffiti \/ Estudio PKa (\u00a9 Alejandro Peral)\" data-rel=\"lightbox-gallery-1\"><img loading=\"lazy\" decoding=\"async\" width=\"150\" height=\"150\" src=\"https:\/\/www.arquimaster.com.ar\/web\/wp-content\/uploads\/2022\/03\/casa_graffiti14-150x150.jpg\" class=\"attachment-thumbnail size-thumbnail\" alt=\"Casa Graffiti \/ Estudio PKa\" aria-describedby=\"gallery-1-69418\" \/><\/a>\n\t\t\t<\/div>\n\t\t\t\t<figcaption class='wp-caption-text gallery-caption' id='gallery-1-69418'>\n\t\t\t\tCasa Graffiti \/ Estudio PKa (\u00a9 Alejandro Peral)\n\t\t\t\t<\/figcaption><\/figure><figure class='gallery-item'>\n\t\t\t<div class='gallery-icon portrait'>\n\t\t\t\t<a href='https:\/\/www.arquimaster.com.ar\/web\/wp-content\/uploads\/2022\/03\/casa_graffiti15.jpg' title=\"Casa Graffiti \/ Estudio PKa (\u00a9 Alejandro Peral)\" data-rl_title=\"Casa Graffiti \/ Estudio PKa (\u00a9 Alejandro Peral)\" class=\"rl-gallery-link\" data-rl_caption=\"Casa Graffiti \/ Estudio PKa (\u00a9 Alejandro Peral)\" data-rel=\"lightbox-gallery-1\"><img loading=\"lazy\" decoding=\"async\" width=\"150\" height=\"150\" src=\"https:\/\/www.arquimaster.com.ar\/web\/wp-content\/uploads\/2022\/03\/casa_graffiti15-150x150.jpg\" class=\"attachment-thumbnail size-thumbnail\" alt=\"Casa Graffiti \/ Estudio PKa\" aria-describedby=\"gallery-1-69419\" \/><\/a>\n\t\t\t<\/div>\n\t\t\t\t<figcaption class='wp-caption-text gallery-caption' id='gallery-1-69419'>\n\t\t\t\tCasa Graffiti \/ Estudio PKa (\u00a9 Alejandro Peral)\n\t\t\t\t<\/figcaption><\/figure><figure class='gallery-item'>\n\t\t\t<div class='gallery-icon landscape'>\n\t\t\t\t<a href='https:\/\/www.arquimaster.com.ar\/web\/wp-content\/uploads\/2022\/03\/casa_graffiti16.jpg' title=\"Casa Graffiti \/ Estudio PKa (\u00a9 Alejandro Peral)\" data-rl_title=\"Casa Graffiti \/ Estudio PKa (\u00a9 Alejandro Peral)\" class=\"rl-gallery-link\" data-rl_caption=\"Casa Graffiti \/ Estudio PKa (\u00a9 Alejandro Peral)\" data-rel=\"lightbox-gallery-1\"><img loading=\"lazy\" decoding=\"async\" width=\"150\" height=\"150\" src=\"https:\/\/www.arquimaster.com.ar\/web\/wp-content\/uploads\/2022\/03\/casa_graffiti16-150x150.jpg\" class=\"attachment-thumbnail size-thumbnail\" alt=\"Casa Graffiti \/ Estudio PKa\" aria-describedby=\"gallery-1-69420\" \/><\/a>\n\t\t\t<\/div>\n\t\t\t\t<figcaption class='wp-caption-text gallery-caption' id='gallery-1-69420'>\n\t\t\t\tCasa Graffiti \/ Estudio PKa (\u00a9 Alejandro Peral)\n\t\t\t\t<\/figcaption><\/figure>\n\t\t<\/div>\n\n<p><strong>Contexto<\/strong><br>Situada en el Barrio Santa Teresa, Tigre, la vivienda tiene una relaci\u00f3n introvertida hacia la calle, con una fachada ciega conformada por un gran muro de chapa, ya que se busc\u00f3 que la apertura y la relaci\u00f3n con el entorno sea hacia la laguna, el sonido del agua y el contacto con la naturaleza.<\/p>\n<p><strong>Materia<\/strong><br>Se utiliz\u00f3 un sistema constructivo tradicional de muros dobles de mamposter\u00eda con c\u00e1mara de aire, losas de hormig\u00f3n y cielorraso suspendido. Las aberturas son de PVC con DVH, para proteger el interior del entorno y moderar las temperaturas, ya que la casa est\u00e1 en constante vinculo con el exterior.<\/p>\n<p>En la fachada principal se puede ver el gran muro de chapa de hierro de 12 mm, el cual se dej\u00f3 a la intemperie para que se oxidara, y luego se pint\u00f3 con un sellador incoloro para detener el proceso. Este panel le dio peso a la planta baja y permiti\u00f3 separar la vivienda de la calle, para luego abrirse hacia la laguna.<\/p>\n<p>En el balc\u00f3n de la suite principal y alrededor de la pileta se dispusieron decks cementicios at\u00e9rmicos que repiten la trama visual de listones de madera.<\/p>\n<p>Los canteros con vegetaci\u00f3n interior se hicieron durante la obra y est\u00e1n conectados a un canal pluvial exterior para tener drenaje. La p\u00e9rgola de hormig\u00f3n protege las ventanas de la suite principal del impacto del sol.<\/p>\n<p><strong>Vinculo<\/strong><br>Se prioriz\u00f3 el v\u00ednculo de la vivienda con la naturaleza y la laguna, siendo una de las cuestiones m\u00e1s importantes del proyecto. Estudiamos la forma de relacionarnos de manera directa con el entorno a partir de patios y galer\u00edas de distintas escalas y funciones. Comenzando con el patio de acceso, el cual nos lleva a sumergirnos en el verde para luego acceder a la vivienda. <br>Al ingresar nos encontramos con el patio central el cual est\u00e1 rodeado de vegetaci\u00f3n, configurado por paredes verdes, permite articular la casa generando visuales hacia la laguna desde las habitaciones. Un \u00faltimo patio configura la llegada de la escalera de planta alta y la circulaci\u00f3n.<\/p>\n<p><strong>Sistema<\/strong><br>Trabajamos en funci\u00f3n a un sistema de recorridos mediante patios, el cual conecta en todo momento la circulaci\u00f3n con la naturaleza brindando distintas situaciones. Partimos de un volumen puro en el cual se trabaja con sustracci\u00f3n de espacios, generando jardines que funcionan como fuelles verdes.<\/p>\n<p>La galer\u00eda exterior configura una terraza que brinda independencia del exterior. Siempre la casa est\u00e1 pensada desde afuera hacia adentro y de adentro hacia afuera en cuanto a la vinculaci\u00f3n con el entorno.<\/p>\n<p><strong>Investigaci\u00f3n<\/strong><br>Uno de los mayores desaf\u00edos que enfrentamos al proyectar y construir esta casa fue trabajar con un programa muy amplio en un terreno angosto y lograr que todos los ambientes, los cuales eran muchos ya que el usuario necesitaba tener un espacio de uso personal para el trabajo, tuvieran visuales hacia la laguna. Esto se pudo lograr mediante las distintas caladuras que configuran la vivienda.<\/p>\n\n\n<div style=\"height:20px\" aria-hidden=\"true\" class=\"wp-block-spacer\"><\/div>\n\n\n\n<p class=\"has-background\" style=\"background-color:#eaeaea\"><strong>Ficha t\u00e9cnica<\/strong><br>Nombre: Casa Graffiti<br>Ubicaci\u00f3n: Barrio Santa Teresa, Tigre, Pcia. de Buenos Aires, Argentina<br>Oficina de Arquitectura: Estudio PKa<br>Arquitecto a cargo: Arq. Ignacio Pessagno, Arq. Lilian Kandus<br>Colaboradores: Arq. Lucila L\u00f3pez, Arq. Denise Andreoli, Arq. Bel\u00e9n Luna Crook, Arq. Vanesa Rolon, Denise Bardelli, Melany D&#8217;angelo<br>Calculo estructural: Ing. Jose Luis Pisani<br>Construcci\u00f3n: Arq. Horacio C\u00e1ceres<br>Superficie construida: 300 m2<br>Fecha de construcci\u00f3n: 2015-2017<br>Fotograf\u00edas: Alejandro Peral<br><br><strong>Contacto<\/strong><br><a href=\"https:\/\/www.estudiopka.com.ar\" target=\"_blank\" rel=\"noreferrer noopener\">https:\/\/www.estudiopka.com.ar<\/a><br>Instagram: @estudiopka<\/p>\n\n\n\n<div style=\"height:20px\" aria-hidden=\"true\" class=\"wp-block-spacer\"><\/div>\n\n<div style=\"font-size: 0px; height: 0px; line-height: 0px; margin: 0; padding: 0; clear: both;\"><\/div><div style=\"margin-top: 0px; margin-bottom: 0px;\" class=\"sharethis-inline-share-buttons\" ><\/div>","protected":false},"excerpt":{"rendered":"<p>Patios y galer\u00edas que act\u00faan como fuelles verdes permiten el ingreso de luz natural&#8230;<\/p>\n","protected":false},"author":1,"featured_media":69421,"comment_status":"closed","ping_status":"closed","sticky":false,"template":"","format":"standard","meta":{"_uag_custom_page_level_css":"","footnotes":""},"categories":[1,83],"tags":[16,847,3321,3322,975,3323,976,945,254],"class_list":["post-69404","post","type-post","status-publish","format-standard","has-post-thumbnail","hentry","category-proyecto","category-vivienda-unifamiliar","tag-buenos-aires","tag-casa-en-barrio-cerrado","tag-estudio-pka","tag-ignacio-pessagno","tag-jardin-vertical","tag-lilian-kandus","tag-muro-verde","tag-tigre","tag-vivienda-unifamiliar-2","generate-columns","tablet-grid-50","mobile-grid-100","grid-parent","grid-50"],"yoast_head":"<!-- This site is optimized with the Yoast SEO plugin v27.3 - https:\/\/yoast.com\/product\/yoast-seo-wordpress\/ -->\n<title>Casa Graffiti \/ Estudio PKa - Arquimaster<\/title>\n<meta name=\"description\" content=\"La idea parte de un gran volumen puro con caladuras, las cuales generan distintos patios y galer\u00edas que act\u00faan como fuelles verdes, permitiendo el ingreso de luz natural.\" \/>\n<meta name=\"robots\" content=\"index, follow, max-snippet:-1, max-image-preview:large, max-video-preview:-1\" \/>\n<link rel=\"canonical\" href=\"https:\/\/www.arquimaster.com.ar\/web\/casa-graffiti-estudio-pka\/\" \/>\n<meta property=\"og:locale\" content=\"es_ES\" \/>\n<meta property=\"og:type\" content=\"article\" \/>\n<meta property=\"og:title\" content=\"Casa Graffiti \/ Estudio PKa\" \/>\n<meta property=\"og:description\" content=\"La idea parte de un gran volumen puro con caladuras, las cuales generan distintos patios y galer\u00edas que act\u00faan como fuelles verdes, permitiendo el ingreso de luz natural.\" \/>\n<meta property=\"og:url\" content=\"https:\/\/www.arquimaster.com.ar\/web\/casa-graffiti-estudio-pka\/\" \/>\n<meta property=\"og:site_name\" content=\"Arquimaster\" \/>\n<meta property=\"article:publisher\" content=\"http:\/\/www.facebook.com\/ARQUIMASTER.com.ar\" \/>\n<meta property=\"article:published_time\" content=\"2022-03-24T16:24:03+00:00\" \/>\n<meta property=\"article:modified_time\" content=\"2022-09-07T21:29:02+00:00\" \/>\n<meta property=\"og:image\" content=\"https:\/\/www.arquimaster.com.ar\/web\/wp-content\/uploads\/2022\/03\/casa_graffiti_slide.jpg\" \/>\n\t<meta property=\"og:image:width\" content=\"698\" \/>\n\t<meta property=\"og:image:height\" content=\"364\" \/>\n\t<meta property=\"og:image:type\" content=\"image\/jpeg\" \/>\n<meta name=\"author\" content=\"Arquimaster\" \/>\n<meta name=\"twitter:card\" content=\"summary_large_image\" \/>\n<meta name=\"twitter:title\" content=\"Casa Graffiti \/ Estudio PKa\" \/>\n<meta name=\"twitter:description\" content=\"La idea parte de un gran volumen puro con caladuras, las cuales generan distintos patios y galer\u00edas que act\u00faan como fuelles verdes, permitiendo el ingreso de luz natural.\" \/>\n<meta name=\"twitter:image\" content=\"https:\/\/www.arquimaster.com.ar\/web\/wp-content\/uploads\/2022\/03\/casa_graffiti_slide.jpg\" \/>\n<meta name=\"twitter:creator\" content=\"@arquimaster\" \/>\n<meta name=\"twitter:site\" content=\"@arquimaster\" \/>\n<meta name=\"twitter:label1\" content=\"Escrito por\" \/>\n\t<meta name=\"twitter:data1\" content=\"Arquimaster\" \/>\n\t<meta name=\"twitter:label2\" content=\"Tiempo de lectura\" \/>\n\t<meta name=\"twitter:data2\" content=\"3 minutos\" \/>\n<script type=\"application\/ld+json\" class=\"yoast-schema-graph\">{\"@context\":\"https:\\\/\\\/schema.org\",\"@graph\":[{\"@type\":\"Article\",\"@id\":\"https:\\\/\\\/www.arquimaster.com.ar\\\/web\\\/casa-graffiti-estudio-pka\\\/#article\",\"isPartOf\":{\"@id\":\"https:\\\/\\\/www.arquimaster.com.ar\\\/web\\\/casa-graffiti-estudio-pka\\\/\"},\"author\":{\"name\":\"Arquimaster\",\"@id\":\"https:\\\/\\\/www.arquimaster.com.ar\\\/web\\\/#\\\/schema\\\/person\\\/359e9f7c00193fcde068e0dd2ceb0028\"},\"headline\":\"Casa Graffiti \\\/ Estudio PKa\",\"datePublished\":\"2022-03-24T16:24:03+00:00\",\"dateModified\":\"2022-09-07T21:29:02+00:00\",\"mainEntityOfPage\":{\"@id\":\"https:\\\/\\\/www.arquimaster.com.ar\\\/web\\\/casa-graffiti-estudio-pka\\\/\"},\"wordCount\":680,\"publisher\":{\"@id\":\"https:\\\/\\\/www.arquimaster.com.ar\\\/web\\\/#organization\"},\"image\":{\"@id\":\"https:\\\/\\\/www.arquimaster.com.ar\\\/web\\\/casa-graffiti-estudio-pka\\\/#primaryimage\"},\"thumbnailUrl\":\"https:\\\/\\\/www.arquimaster.com.ar\\\/web\\\/wp-content\\\/uploads\\\/2022\\\/03\\\/casa_graffiti_slide.jpg\",\"keywords\":[\"Buenos Aires\",\"casa en barrio cerrado\",\"Estudio Pka\",\"Ignacio Pessagno\",\"jardin vertical\",\"Lilian Kandus\",\"muro verde\",\"Tigre\",\"vivienda unifamiliar\"],\"articleSection\":[\"Proyecto\",\"Vivienda unifamiliar y PH\"],\"inLanguage\":\"es\"},{\"@type\":\"WebPage\",\"@id\":\"https:\\\/\\\/www.arquimaster.com.ar\\\/web\\\/casa-graffiti-estudio-pka\\\/\",\"url\":\"https:\\\/\\\/www.arquimaster.com.ar\\\/web\\\/casa-graffiti-estudio-pka\\\/\",\"name\":\"Casa Graffiti \\\/ Estudio PKa - Arquimaster\",\"isPartOf\":{\"@id\":\"https:\\\/\\\/www.arquimaster.com.ar\\\/web\\\/#website\"},\"primaryImageOfPage\":{\"@id\":\"https:\\\/\\\/www.arquimaster.com.ar\\\/web\\\/casa-graffiti-estudio-pka\\\/#primaryimage\"},\"image\":{\"@id\":\"https:\\\/\\\/www.arquimaster.com.ar\\\/web\\\/casa-graffiti-estudio-pka\\\/#primaryimage\"},\"thumbnailUrl\":\"https:\\\/\\\/www.arquimaster.com.ar\\\/web\\\/wp-content\\\/uploads\\\/2022\\\/03\\\/casa_graffiti_slide.jpg\",\"datePublished\":\"2022-03-24T16:24:03+00:00\",\"dateModified\":\"2022-09-07T21:29:02+00:00\",\"description\":\"La idea parte de un gran volumen puro con caladuras, las cuales generan distintos patios y galer\u00edas que act\u00faan como fuelles verdes, permitiendo el ingreso de luz natural.\",\"breadcrumb\":{\"@id\":\"https:\\\/\\\/www.arquimaster.com.ar\\\/web\\\/casa-graffiti-estudio-pka\\\/#breadcrumb\"},\"inLanguage\":\"es\",\"potentialAction\":[{\"@type\":\"ReadAction\",\"target\":[\"https:\\\/\\\/www.arquimaster.com.ar\\\/web\\\/casa-graffiti-estudio-pka\\\/\"]}]},{\"@type\":\"ImageObject\",\"inLanguage\":\"es\",\"@id\":\"https:\\\/\\\/www.arquimaster.com.ar\\\/web\\\/casa-graffiti-estudio-pka\\\/#primaryimage\",\"url\":\"https:\\\/\\\/www.arquimaster.com.ar\\\/web\\\/wp-content\\\/uploads\\\/2022\\\/03\\\/casa_graffiti_slide.jpg\",\"contentUrl\":\"https:\\\/\\\/www.arquimaster.com.ar\\\/web\\\/wp-content\\\/uploads\\\/2022\\\/03\\\/casa_graffiti_slide.jpg\",\"width\":698,\"height\":364,\"caption\":\"Casa Graffiti \\\/ Estudio PKa\"},{\"@type\":\"BreadcrumbList\",\"@id\":\"https:\\\/\\\/www.arquimaster.com.ar\\\/web\\\/casa-graffiti-estudio-pka\\\/#breadcrumb\",\"itemListElement\":[{\"@type\":\"ListItem\",\"position\":1,\"name\":\"Portada\",\"item\":\"https:\\\/\\\/www.arquimaster.com.ar\\\/web\\\/\"},{\"@type\":\"ListItem\",\"position\":2,\"name\":\"Casa Graffiti \\\/ Estudio PKa\"}]},{\"@type\":\"WebSite\",\"@id\":\"https:\\\/\\\/www.arquimaster.com.ar\\\/web\\\/#website\",\"url\":\"https:\\\/\\\/www.arquimaster.com.ar\\\/web\\\/\",\"name\":\"Arquimaster\",\"description\":\"Web de arquitectura, dise\u00f1o y construccion\",\"publisher\":{\"@id\":\"https:\\\/\\\/www.arquimaster.com.ar\\\/web\\\/#organization\"},\"potentialAction\":[{\"@type\":\"SearchAction\",\"target\":{\"@type\":\"EntryPoint\",\"urlTemplate\":\"https:\\\/\\\/www.arquimaster.com.ar\\\/web\\\/?s={search_term_string}\"},\"query-input\":{\"@type\":\"PropertyValueSpecification\",\"valueRequired\":true,\"valueName\":\"search_term_string\"}}],\"inLanguage\":\"es\"},{\"@type\":\"Organization\",\"@id\":\"https:\\\/\\\/www.arquimaster.com.ar\\\/web\\\/#organization\",\"name\":\"Arquimaster\",\"url\":\"https:\\\/\\\/www.arquimaster.com.ar\\\/web\\\/\",\"logo\":{\"@type\":\"ImageObject\",\"inLanguage\":\"es\",\"@id\":\"https:\\\/\\\/www.arquimaster.com.ar\\\/web\\\/#\\\/schema\\\/logo\\\/image\\\/\",\"url\":\"https:\\\/\\\/www.arquimaster.com.ar\\\/web\\\/wp-content\\\/uploads\\\/2022\\\/06\\\/arquimaster.png\",\"contentUrl\":\"https:\\\/\\\/www.arquimaster.com.ar\\\/web\\\/wp-content\\\/uploads\\\/2022\\\/06\\\/arquimaster.png\",\"width\":594,\"height\":78,\"caption\":\"Arquimaster\"},\"image\":{\"@id\":\"https:\\\/\\\/www.arquimaster.com.ar\\\/web\\\/#\\\/schema\\\/logo\\\/image\\\/\"},\"sameAs\":[\"http:\\\/\\\/www.facebook.com\\\/ARQUIMASTER.com.ar\",\"https:\\\/\\\/x.com\\\/arquimaster\",\"https:\\\/\\\/www.instagram.com\\\/arquimasterblog\\\/\",\"https:\\\/\\\/www.linkedin.com\\\/company\\\/arquimaster\",\"https:\\\/\\\/www.pinterest.com\\\/arquimaster\",\"https:\\\/\\\/t.me\\\/arquimaster\"]},{\"@type\":\"Person\",\"@id\":\"https:\\\/\\\/www.arquimaster.com.ar\\\/web\\\/#\\\/schema\\\/person\\\/359e9f7c00193fcde068e0dd2ceb0028\",\"name\":\"Arquimaster\"}]}<\/script>\n<!-- \/ Yoast SEO plugin. -->","yoast_head_json":{"title":"Casa Graffiti \/ Estudio PKa - Arquimaster","description":"La idea parte de un gran volumen puro con caladuras, las cuales generan distintos patios y galer\u00edas que act\u00faan como fuelles verdes, permitiendo el ingreso de luz natural.","robots":{"index":"index","follow":"follow","max-snippet":"max-snippet:-1","max-image-preview":"max-image-preview:large","max-video-preview":"max-video-preview:-1"},"canonical":"https:\/\/www.arquimaster.com.ar\/web\/casa-graffiti-estudio-pka\/","og_locale":"es_ES","og_type":"article","og_title":"Casa Graffiti \/ Estudio PKa","og_description":"La idea parte de un gran volumen puro con caladuras, las cuales generan distintos patios y galer\u00edas que act\u00faan como fuelles verdes, permitiendo el ingreso de luz natural.","og_url":"https:\/\/www.arquimaster.com.ar\/web\/casa-graffiti-estudio-pka\/","og_site_name":"Arquimaster","article_publisher":"http:\/\/www.facebook.com\/ARQUIMASTER.com.ar","article_published_time":"2022-03-24T16:24:03+00:00","article_modified_time":"2022-09-07T21:29:02+00:00","og_image":[{"width":698,"height":364,"url":"https:\/\/www.arquimaster.com.ar\/web\/wp-content\/uploads\/2022\/03\/casa_graffiti_slide.jpg","type":"image\/jpeg"}],"author":"Arquimaster","twitter_card":"summary_large_image","twitter_title":"Casa Graffiti \/ Estudio PKa","twitter_description":"La idea parte de un gran volumen puro con caladuras, las cuales generan distintos patios y galer\u00edas que act\u00faan como fuelles verdes, permitiendo el ingreso de luz natural.","twitter_image":"https:\/\/www.arquimaster.com.ar\/web\/wp-content\/uploads\/2022\/03\/casa_graffiti_slide.jpg","twitter_creator":"@arquimaster","twitter_site":"@arquimaster","twitter_misc":{"Escrito por":"Arquimaster","Tiempo de lectura":"3 minutos"},"schema":{"@context":"https:\/\/schema.org","@graph":[{"@type":"Article","@id":"https:\/\/www.arquimaster.com.ar\/web\/casa-graffiti-estudio-pka\/#article","isPartOf":{"@id":"https:\/\/www.arquimaster.com.ar\/web\/casa-graffiti-estudio-pka\/"},"author":{"name":"Arquimaster","@id":"https:\/\/www.arquimaster.com.ar\/web\/#\/schema\/person\/359e9f7c00193fcde068e0dd2ceb0028"},"headline":"Casa Graffiti \/ Estudio PKa","datePublished":"2022-03-24T16:24:03+00:00","dateModified":"2022-09-07T21:29:02+00:00","mainEntityOfPage":{"@id":"https:\/\/www.arquimaster.com.ar\/web\/casa-graffiti-estudio-pka\/"},"wordCount":680,"publisher":{"@id":"https:\/\/www.arquimaster.com.ar\/web\/#organization"},"image":{"@id":"https:\/\/www.arquimaster.com.ar\/web\/casa-graffiti-estudio-pka\/#primaryimage"},"thumbnailUrl":"https:\/\/www.arquimaster.com.ar\/web\/wp-content\/uploads\/2022\/03\/casa_graffiti_slide.jpg","keywords":["Buenos Aires","casa en barrio cerrado","Estudio Pka","Ignacio Pessagno","jardin vertical","Lilian Kandus","muro verde","Tigre","vivienda unifamiliar"],"articleSection":["Proyecto","Vivienda unifamiliar y PH"],"inLanguage":"es"},{"@type":"WebPage","@id":"https:\/\/www.arquimaster.com.ar\/web\/casa-graffiti-estudio-pka\/","url":"https:\/\/www.arquimaster.com.ar\/web\/casa-graffiti-estudio-pka\/","name":"Casa Graffiti \/ Estudio PKa - Arquimaster","isPartOf":{"@id":"https:\/\/www.arquimaster.com.ar\/web\/#website"},"primaryImageOfPage":{"@id":"https:\/\/www.arquimaster.com.ar\/web\/casa-graffiti-estudio-pka\/#primaryimage"},"image":{"@id":"https:\/\/www.arquimaster.com.ar\/web\/casa-graffiti-estudio-pka\/#primaryimage"},"thumbnailUrl":"https:\/\/www.arquimaster.com.ar\/web\/wp-content\/uploads\/2022\/03\/casa_graffiti_slide.jpg","datePublished":"2022-03-24T16:24:03+00:00","dateModified":"2022-09-07T21:29:02+00:00","description":"La idea parte de un gran volumen puro con caladuras, las cuales generan distintos patios y galer\u00edas que act\u00faan como fuelles verdes, permitiendo el ingreso de luz natural.","breadcrumb":{"@id":"https:\/\/www.arquimaster.com.ar\/web\/casa-graffiti-estudio-pka\/#breadcrumb"},"inLanguage":"es","potentialAction":[{"@type":"ReadAction","target":["https:\/\/www.arquimaster.com.ar\/web\/casa-graffiti-estudio-pka\/"]}]},{"@type":"ImageObject","inLanguage":"es","@id":"https:\/\/www.arquimaster.com.ar\/web\/casa-graffiti-estudio-pka\/#primaryimage","url":"https:\/\/www.arquimaster.com.ar\/web\/wp-content\/uploads\/2022\/03\/casa_graffiti_slide.jpg","contentUrl":"https:\/\/www.arquimaster.com.ar\/web\/wp-content\/uploads\/2022\/03\/casa_graffiti_slide.jpg","width":698,"height":364,"caption":"Casa Graffiti \/ Estudio PKa"},{"@type":"BreadcrumbList","@id":"https:\/\/www.arquimaster.com.ar\/web\/casa-graffiti-estudio-pka\/#breadcrumb","itemListElement":[{"@type":"ListItem","position":1,"name":"Portada","item":"https:\/\/www.arquimaster.com.ar\/web\/"},{"@type":"ListItem","position":2,"name":"Casa Graffiti \/ Estudio PKa"}]},{"@type":"WebSite","@id":"https:\/\/www.arquimaster.com.ar\/web\/#website","url":"https:\/\/www.arquimaster.com.ar\/web\/","name":"Arquimaster","description":"Web de arquitectura, dise\u00f1o y construccion","publisher":{"@id":"https:\/\/www.arquimaster.com.ar\/web\/#organization"},"potentialAction":[{"@type":"SearchAction","target":{"@type":"EntryPoint","urlTemplate":"https:\/\/www.arquimaster.com.ar\/web\/?s={search_term_string}"},"query-input":{"@type":"PropertyValueSpecification","valueRequired":true,"valueName":"search_term_string"}}],"inLanguage":"es"},{"@type":"Organization","@id":"https:\/\/www.arquimaster.com.ar\/web\/#organization","name":"Arquimaster","url":"https:\/\/www.arquimaster.com.ar\/web\/","logo":{"@type":"ImageObject","inLanguage":"es","@id":"https:\/\/www.arquimaster.com.ar\/web\/#\/schema\/logo\/image\/","url":"https:\/\/www.arquimaster.com.ar\/web\/wp-content\/uploads\/2022\/06\/arquimaster.png","contentUrl":"https:\/\/www.arquimaster.com.ar\/web\/wp-content\/uploads\/2022\/06\/arquimaster.png","width":594,"height":78,"caption":"Arquimaster"},"image":{"@id":"https:\/\/www.arquimaster.com.ar\/web\/#\/schema\/logo\/image\/"},"sameAs":["http:\/\/www.facebook.com\/ARQUIMASTER.com.ar","https:\/\/x.com\/arquimaster","https:\/\/www.instagram.com\/arquimasterblog\/","https:\/\/www.linkedin.com\/company\/arquimaster","https:\/\/www.pinterest.com\/arquimaster","https:\/\/t.me\/arquimaster"]},{"@type":"Person","@id":"https:\/\/www.arquimaster.com.ar\/web\/#\/schema\/person\/359e9f7c00193fcde068e0dd2ceb0028","name":"Arquimaster"}]}},"uagb_featured_image_src":{"full":["https:\/\/www.arquimaster.com.ar\/web\/wp-content\/uploads\/2022\/03\/casa_graffiti_slide.jpg",698,364,false],"thumbnail":["https:\/\/www.arquimaster.com.ar\/web\/wp-content\/uploads\/2022\/03\/casa_graffiti_slide-150x150.jpg",150,150,true],"medium":["https:\/\/www.arquimaster.com.ar\/web\/wp-content\/uploads\/2022\/03\/casa_graffiti_slide.jpg",698,364,false],"medium_large":["https:\/\/www.arquimaster.com.ar\/web\/wp-content\/uploads\/2022\/03\/casa_graffiti_slide.jpg",698,364,false],"large":["https:\/\/www.arquimaster.com.ar\/web\/wp-content\/uploads\/2022\/03\/casa_graffiti_slide.jpg",698,364,false],"1536x1536":["https:\/\/www.arquimaster.com.ar\/web\/wp-content\/uploads\/2022\/03\/casa_graffiti_slide.jpg",698,364,false],"2048x2048":["https:\/\/www.arquimaster.com.ar\/web\/wp-content\/uploads\/2022\/03\/casa_graffiti_slide.jpg",698,364,false]},"uagb_author_info":{"display_name":"Arquimaster","author_link":"https:\/\/www.arquimaster.com.ar\/web\/author\/arquimaster\/"},"uagb_comment_info":0,"uagb_excerpt":"Patios y galer\u00edas que act\u00faan como fuelles verdes permiten el ingreso de luz natural...","_links":{"self":[{"href":"https:\/\/www.arquimaster.com.ar\/web\/wp-json\/wp\/v2\/posts\/69404","targetHints":{"allow":["GET"]}}],"collection":[{"href":"https:\/\/www.arquimaster.com.ar\/web\/wp-json\/wp\/v2\/posts"}],"about":[{"href":"https:\/\/www.arquimaster.com.ar\/web\/wp-json\/wp\/v2\/types\/post"}],"author":[{"embeddable":true,"href":"https:\/\/www.arquimaster.com.ar\/web\/wp-json\/wp\/v2\/users\/1"}],"replies":[{"embeddable":true,"href":"https:\/\/www.arquimaster.com.ar\/web\/wp-json\/wp\/v2\/comments?post=69404"}],"version-history":[{"count":2,"href":"https:\/\/www.arquimaster.com.ar\/web\/wp-json\/wp\/v2\/posts\/69404\/revisions"}],"predecessor-version":[{"id":69452,"href":"https:\/\/www.arquimaster.com.ar\/web\/wp-json\/wp\/v2\/posts\/69404\/revisions\/69452"}],"wp:featuredmedia":[{"embeddable":true,"href":"https:\/\/www.arquimaster.com.ar\/web\/wp-json\/wp\/v2\/media\/69421"}],"wp:attachment":[{"href":"https:\/\/www.arquimaster.com.ar\/web\/wp-json\/wp\/v2\/media?parent=69404"}],"wp:term":[{"taxonomy":"category","embeddable":true,"href":"https:\/\/www.arquimaster.com.ar\/web\/wp-json\/wp\/v2\/categories?post=69404"},{"taxonomy":"post_tag","embeddable":true,"href":"https:\/\/www.arquimaster.com.ar\/web\/wp-json\/wp\/v2\/tags?post=69404"}],"curies":[{"name":"wp","href":"https:\/\/api.w.org\/{rel}","templated":true}]}}