{"id":69505,"date":"2022-04-07T23:18:25","date_gmt":"2022-04-08T02:18:25","guid":{"rendered":"https:\/\/www.arquimaster.com.ar\/web\/?p=69505"},"modified":"2022-09-22T16:50:40","modified_gmt":"2022-09-22T19:50:40","slug":"vivienda-gt-grupo-culata-jovai","status":"publish","type":"post","link":"https:\/\/www.arquimaster.com.ar\/web\/vivienda-gt-grupo-culata-jovai\/","title":{"rendered":"Vivienda GT \/ Grupo Culata Jov\u00e1i"},"content":{"rendered":"<div style=\"margin-top: 0px; margin-bottom: 0px;\" class=\"sharethis-inline-share-buttons\" ><\/div><div class=\"b812932af2e751442846f039925109de\" data-index=\"1\" style=\"float: none; margin:25px 0 25px 0; text-align:center;\">\n<script async src=\"https:\/\/pagead2.googlesyndication.com\/pagead\/js\/adsbygoogle.js\"><\/script>\r\n<!-- Arquimaster (superior) -->\r\n<ins class=\"adsbygoogle\"\r\n     style=\"display:block\"\r\n     data-ad-client=\"ca-pub-6351072698456832\"\r\n     data-ad-slot=\"6455489680\"\r\n     data-ad-format=\"auto\"\r\n     data-full-width-responsive=\"true\"><\/ins>\r\n<script>\r\n     (adsbygoogle = window.adsbygoogle || []).push({});\r\n<\/script>\n<\/div>\n<p><strong>Vivienda GT<\/strong> (Asunci\u00f3n, Paraguay) por <strong>Grupo Culata Jov\u00e1i<\/strong>. Los modos de vivir son tan uniformes como infinitamente diversos. Cada familia y cada persona son universos \u00fanicos e irrepetibles, exactamente iguales a absolutamente todas las familias y personas de planeta.<\/p>\n<div id='gallery-1' class='gallery galleryid-69505 gallery-columns-3 gallery-size-thumbnail'><figure class='gallery-item'>\n\t\t\t<div class='gallery-icon landscape'>\n\t\t\t\t<a href='https:\/\/www.arquimaster.com.ar\/web\/wp-content\/uploads\/2022\/04\/vivienda_gt1.jpg' title=\"Vivienda GT \/ Grupo Culata Jov\u00e1i (\u00a9 Federico Cairoli)\" data-rl_title=\"Vivienda GT \/ Grupo Culata Jov\u00e1i (\u00a9 Federico Cairoli)\" class=\"rl-gallery-link\" data-rl_caption=\"Vivienda GT \/ Grupo Culata Jov\u00e1i (\u00a9 Federico Cairoli)\" data-rel=\"lightbox-gallery-1\"><img loading=\"lazy\" decoding=\"async\" width=\"150\" height=\"150\" src=\"https:\/\/www.arquimaster.com.ar\/web\/wp-content\/uploads\/2022\/04\/vivienda_gt1-150x150.jpg\" class=\"attachment-thumbnail size-thumbnail\" alt=\"Vivienda GT \/ Grupo Culata Jov\u00e1i\" aria-describedby=\"gallery-1-69507\" \/><\/a>\n\t\t\t<\/div>\n\t\t\t\t<figcaption class='wp-caption-text gallery-caption' id='gallery-1-69507'>\n\t\t\t\tVivienda GT \/ Grupo Culata Jov\u00e1i (\u00a9 Federico Cairoli)\n\t\t\t\t<\/figcaption><\/figure><figure class='gallery-item'>\n\t\t\t<div class='gallery-icon portrait'>\n\t\t\t\t<a href='https:\/\/www.arquimaster.com.ar\/web\/wp-content\/uploads\/2022\/04\/vivienda_gt2.jpg' title=\"Vivienda GT \/ Grupo Culata Jov\u00e1i (\u00a9 Federico Cairoli)\" data-rl_title=\"Vivienda GT \/ Grupo Culata Jov\u00e1i (\u00a9 Federico Cairoli)\" class=\"rl-gallery-link\" data-rl_caption=\"Vivienda GT \/ Grupo Culata Jov\u00e1i (\u00a9 Federico Cairoli)\" data-rel=\"lightbox-gallery-1\"><img loading=\"lazy\" decoding=\"async\" width=\"150\" height=\"150\" src=\"https:\/\/www.arquimaster.com.ar\/web\/wp-content\/uploads\/2022\/04\/vivienda_gt2-150x150.jpg\" class=\"attachment-thumbnail size-thumbnail\" alt=\"Vivienda GT \/ Grupo Culata Jov\u00e1i\" aria-describedby=\"gallery-1-69508\" \/><\/a>\n\t\t\t<\/div>\n\t\t\t\t<figcaption class='wp-caption-text gallery-caption' id='gallery-1-69508'>\n\t\t\t\tVivienda GT \/ Grupo Culata Jov\u00e1i (\u00a9 Federico Cairoli)\n\t\t\t\t<\/figcaption><\/figure><figure class='gallery-item'>\n\t\t\t<div class='gallery-icon portrait'>\n\t\t\t\t<a href='https:\/\/www.arquimaster.com.ar\/web\/wp-content\/uploads\/2022\/04\/vivienda_gt3.jpg' title=\"Vivienda GT \/ Grupo Culata Jov\u00e1i (\u00a9 Federico Cairoli)\" data-rl_title=\"Vivienda GT \/ Grupo Culata Jov\u00e1i (\u00a9 Federico Cairoli)\" class=\"rl-gallery-link\" data-rl_caption=\"Vivienda GT \/ Grupo Culata Jov\u00e1i (\u00a9 Federico Cairoli)\" data-rel=\"lightbox-gallery-1\"><img loading=\"lazy\" decoding=\"async\" width=\"150\" height=\"150\" src=\"https:\/\/www.arquimaster.com.ar\/web\/wp-content\/uploads\/2022\/04\/vivienda_gt3-150x150.jpg\" class=\"attachment-thumbnail size-thumbnail\" alt=\"Vivienda GT \/ Grupo Culata Jov\u00e1i\" aria-describedby=\"gallery-1-69509\" \/><\/a>\n\t\t\t<\/div>\n\t\t\t\t<figcaption class='wp-caption-text gallery-caption' id='gallery-1-69509'>\n\t\t\t\tVivienda GT \/ Grupo Culata Jov\u00e1i (\u00a9 Federico Cairoli)\n\t\t\t\t<\/figcaption><\/figure><figure class='gallery-item'>\n\t\t\t<div class='gallery-icon portrait'>\n\t\t\t\t<a href='https:\/\/www.arquimaster.com.ar\/web\/wp-content\/uploads\/2022\/04\/vivienda_gt4.jpg' title=\"Vivienda GT \/ Grupo Culata Jov\u00e1i (\u00a9 Federico Cairoli)\" data-rl_title=\"Vivienda GT \/ Grupo Culata Jov\u00e1i (\u00a9 Federico Cairoli)\" class=\"rl-gallery-link\" data-rl_caption=\"Vivienda GT \/ Grupo Culata Jov\u00e1i (\u00a9 Federico Cairoli)\" data-rel=\"lightbox-gallery-1\"><img loading=\"lazy\" decoding=\"async\" width=\"150\" height=\"150\" src=\"https:\/\/www.arquimaster.com.ar\/web\/wp-content\/uploads\/2022\/04\/vivienda_gt4-150x150.jpg\" class=\"attachment-thumbnail size-thumbnail\" alt=\"Vivienda GT \/ Grupo Culata Jov\u00e1i\" aria-describedby=\"gallery-1-69510\" \/><\/a>\n\t\t\t<\/div>\n\t\t\t\t<figcaption class='wp-caption-text gallery-caption' id='gallery-1-69510'>\n\t\t\t\tVivienda GT \/ Grupo Culata Jov\u00e1i (\u00a9 Federico Cairoli)\n\t\t\t\t<\/figcaption><\/figure><figure class='gallery-item'>\n\t\t\t<div class='gallery-icon landscape'>\n\t\t\t\t<a href='https:\/\/www.arquimaster.com.ar\/web\/wp-content\/uploads\/2022\/04\/vivienda_gt5.jpg' title=\"Vivienda GT \/ Grupo Culata Jov\u00e1i (\u00a9 Federico Cairoli)\" data-rl_title=\"Vivienda GT \/ Grupo Culata Jov\u00e1i (\u00a9 Federico Cairoli)\" class=\"rl-gallery-link\" data-rl_caption=\"Vivienda GT \/ Grupo Culata Jov\u00e1i (\u00a9 Federico Cairoli)\" data-rel=\"lightbox-gallery-1\"><img loading=\"lazy\" decoding=\"async\" width=\"150\" height=\"150\" src=\"https:\/\/www.arquimaster.com.ar\/web\/wp-content\/uploads\/2022\/04\/vivienda_gt5-150x150.jpg\" class=\"attachment-thumbnail size-thumbnail\" alt=\"Vivienda GT \/ Grupo Culata Jov\u00e1i\" aria-describedby=\"gallery-1-69511\" \/><\/a>\n\t\t\t<\/div>\n\t\t\t\t<figcaption class='wp-caption-text gallery-caption' id='gallery-1-69511'>\n\t\t\t\tVivienda GT \/ Grupo Culata Jov\u00e1i (\u00a9 Federico Cairoli)\n\t\t\t\t<\/figcaption><\/figure><figure class='gallery-item'>\n\t\t\t<div class='gallery-icon portrait'>\n\t\t\t\t<a href='https:\/\/www.arquimaster.com.ar\/web\/wp-content\/uploads\/2022\/04\/vivienda_gt6.jpg' title=\"Vivienda GT \/ Grupo Culata Jov\u00e1i (\u00a9 Federico Cairoli)\" data-rl_title=\"Vivienda GT \/ Grupo Culata Jov\u00e1i (\u00a9 Federico Cairoli)\" class=\"rl-gallery-link\" data-rl_caption=\"Vivienda GT \/ Grupo Culata Jov\u00e1i (\u00a9 Federico Cairoli)\" data-rel=\"lightbox-gallery-1\"><img loading=\"lazy\" decoding=\"async\" width=\"150\" height=\"150\" src=\"https:\/\/www.arquimaster.com.ar\/web\/wp-content\/uploads\/2022\/04\/vivienda_gt6-150x150.jpg\" class=\"attachment-thumbnail size-thumbnail\" alt=\"Vivienda GT \/ Grupo Culata Jov\u00e1i\" aria-describedby=\"gallery-1-69512\" \/><\/a>\n\t\t\t<\/div>\n\t\t\t\t<figcaption class='wp-caption-text gallery-caption' id='gallery-1-69512'>\n\t\t\t\tVivienda GT \/ Grupo Culata Jov\u00e1i (\u00a9 Federico Cairoli)\n\t\t\t\t<\/figcaption><\/figure><figure class='gallery-item'>\n\t\t\t<div class='gallery-icon portrait'>\n\t\t\t\t<a href='https:\/\/www.arquimaster.com.ar\/web\/wp-content\/uploads\/2022\/04\/vivienda_gt7.jpg' title=\"Vivienda GT \/ Grupo Culata Jov\u00e1i (\u00a9 Federico Cairoli)\" data-rl_title=\"Vivienda GT \/ Grupo Culata Jov\u00e1i (\u00a9 Federico Cairoli)\" class=\"rl-gallery-link\" data-rl_caption=\"Vivienda GT \/ Grupo Culata Jov\u00e1i (\u00a9 Federico Cairoli)\" data-rel=\"lightbox-gallery-1\"><img loading=\"lazy\" decoding=\"async\" width=\"150\" height=\"150\" src=\"https:\/\/www.arquimaster.com.ar\/web\/wp-content\/uploads\/2022\/04\/vivienda_gt7-150x150.jpg\" class=\"attachment-thumbnail size-thumbnail\" alt=\"Vivienda GT \/ Grupo Culata Jov\u00e1i\" aria-describedby=\"gallery-1-69513\" \/><\/a>\n\t\t\t<\/div>\n\t\t\t\t<figcaption class='wp-caption-text gallery-caption' id='gallery-1-69513'>\n\t\t\t\tVivienda GT \/ Grupo Culata Jov\u00e1i (\u00a9 Federico Cairoli)\n\t\t\t\t<\/figcaption><\/figure><figure class='gallery-item'>\n\t\t\t<div class='gallery-icon portrait'>\n\t\t\t\t<a href='https:\/\/www.arquimaster.com.ar\/web\/wp-content\/uploads\/2022\/04\/vivienda_gt8.jpg' title=\"Vivienda GT \/ Grupo Culata Jov\u00e1i (\u00a9 Federico Cairoli)\" data-rl_title=\"Vivienda GT \/ Grupo Culata Jov\u00e1i (\u00a9 Federico Cairoli)\" class=\"rl-gallery-link\" data-rl_caption=\"Vivienda GT \/ Grupo Culata Jov\u00e1i (\u00a9 Federico Cairoli)\" data-rel=\"lightbox-gallery-1\"><img loading=\"lazy\" decoding=\"async\" width=\"150\" height=\"150\" src=\"https:\/\/www.arquimaster.com.ar\/web\/wp-content\/uploads\/2022\/04\/vivienda_gt8-150x150.jpg\" class=\"attachment-thumbnail size-thumbnail\" alt=\"Vivienda GT \/ Grupo Culata Jov\u00e1i\" aria-describedby=\"gallery-1-69514\" \/><\/a>\n\t\t\t<\/div>\n\t\t\t\t<figcaption class='wp-caption-text gallery-caption' id='gallery-1-69514'>\n\t\t\t\tVivienda GT \/ Grupo Culata Jov\u00e1i (\u00a9 Federico Cairoli)\n\t\t\t\t<\/figcaption><\/figure><figure class='gallery-item'>\n\t\t\t<div class='gallery-icon portrait'>\n\t\t\t\t<a href='https:\/\/www.arquimaster.com.ar\/web\/wp-content\/uploads\/2022\/04\/vivienda_gt9.jpg' title=\"Vivienda GT \/ Grupo Culata Jov\u00e1i (\u00a9 Federico Cairoli)\" data-rl_title=\"Vivienda GT \/ Grupo Culata Jov\u00e1i (\u00a9 Federico Cairoli)\" class=\"rl-gallery-link\" data-rl_caption=\"Vivienda GT \/ Grupo Culata Jov\u00e1i (\u00a9 Federico Cairoli)\" data-rel=\"lightbox-gallery-1\"><img loading=\"lazy\" decoding=\"async\" width=\"150\" height=\"150\" src=\"https:\/\/www.arquimaster.com.ar\/web\/wp-content\/uploads\/2022\/04\/vivienda_gt9-150x150.jpg\" class=\"attachment-thumbnail size-thumbnail\" alt=\"Vivienda GT \/ Grupo Culata Jov\u00e1i\" aria-describedby=\"gallery-1-69515\" \/><\/a>\n\t\t\t<\/div>\n\t\t\t\t<figcaption class='wp-caption-text gallery-caption' id='gallery-1-69515'>\n\t\t\t\tVivienda GT \/ Grupo Culata Jov\u00e1i (\u00a9 Federico Cairoli)\n\t\t\t\t<\/figcaption><\/figure><figure class='gallery-item'>\n\t\t\t<div class='gallery-icon portrait'>\n\t\t\t\t<a href='https:\/\/www.arquimaster.com.ar\/web\/wp-content\/uploads\/2022\/04\/vivienda_gt10.jpg' title=\"Vivienda GT \/ Grupo Culata Jov\u00e1i (\u00a9 Federico Cairoli)\" data-rl_title=\"Vivienda GT \/ Grupo Culata Jov\u00e1i (\u00a9 Federico Cairoli)\" class=\"rl-gallery-link\" data-rl_caption=\"Vivienda GT \/ Grupo Culata Jov\u00e1i (\u00a9 Federico Cairoli)\" data-rel=\"lightbox-gallery-1\"><img loading=\"lazy\" decoding=\"async\" width=\"150\" height=\"150\" src=\"https:\/\/www.arquimaster.com.ar\/web\/wp-content\/uploads\/2022\/04\/vivienda_gt10-150x150.jpg\" class=\"attachment-thumbnail size-thumbnail\" alt=\"Vivienda GT \/ Grupo Culata Jov\u00e1i\" aria-describedby=\"gallery-1-69516\" \/><\/a>\n\t\t\t<\/div>\n\t\t\t\t<figcaption class='wp-caption-text gallery-caption' id='gallery-1-69516'>\n\t\t\t\tVivienda GT \/ Grupo Culata Jov\u00e1i (\u00a9 Federico Cairoli)\n\t\t\t\t<\/figcaption><\/figure><figure class='gallery-item'>\n\t\t\t<div class='gallery-icon portrait'>\n\t\t\t\t<a href='https:\/\/www.arquimaster.com.ar\/web\/wp-content\/uploads\/2022\/04\/vivienda_gt11.jpg' title=\"Vivienda GT \/ Grupo Culata Jov\u00e1i (\u00a9 Federico Cairoli)\" data-rl_title=\"Vivienda GT \/ Grupo Culata Jov\u00e1i (\u00a9 Federico Cairoli)\" class=\"rl-gallery-link\" data-rl_caption=\"Vivienda GT \/ Grupo Culata Jov\u00e1i (\u00a9 Federico Cairoli)\" data-rel=\"lightbox-gallery-1\"><img loading=\"lazy\" decoding=\"async\" width=\"150\" height=\"150\" src=\"https:\/\/www.arquimaster.com.ar\/web\/wp-content\/uploads\/2022\/04\/vivienda_gt11-150x150.jpg\" class=\"attachment-thumbnail size-thumbnail\" alt=\"Vivienda GT \/ Grupo Culata Jov\u00e1i\" aria-describedby=\"gallery-1-69517\" \/><\/a>\n\t\t\t<\/div>\n\t\t\t\t<figcaption class='wp-caption-text gallery-caption' id='gallery-1-69517'>\n\t\t\t\tVivienda GT \/ Grupo Culata Jov\u00e1i (\u00a9 Federico Cairoli)\n\t\t\t\t<\/figcaption><\/figure><figure class='gallery-item'>\n\t\t\t<div class='gallery-icon portrait'>\n\t\t\t\t<a href='https:\/\/www.arquimaster.com.ar\/web\/wp-content\/uploads\/2022\/04\/vivienda_gt12.jpg' title=\"Vivienda GT \/ Grupo Culata Jov\u00e1i (\u00a9 Federico Cairoli)\" data-rl_title=\"Vivienda GT \/ Grupo Culata Jov\u00e1i (\u00a9 Federico Cairoli)\" class=\"rl-gallery-link\" data-rl_caption=\"Vivienda GT \/ Grupo Culata Jov\u00e1i (\u00a9 Federico Cairoli)\" data-rel=\"lightbox-gallery-1\"><img loading=\"lazy\" decoding=\"async\" width=\"150\" height=\"150\" src=\"https:\/\/www.arquimaster.com.ar\/web\/wp-content\/uploads\/2022\/04\/vivienda_gt12-150x150.jpg\" class=\"attachment-thumbnail size-thumbnail\" alt=\"Vivienda GT \/ Grupo Culata Jov\u00e1i\" aria-describedby=\"gallery-1-69518\" \/><\/a>\n\t\t\t<\/div>\n\t\t\t\t<figcaption class='wp-caption-text gallery-caption' id='gallery-1-69518'>\n\t\t\t\tVivienda GT \/ Grupo Culata Jov\u00e1i (\u00a9 Federico Cairoli)\n\t\t\t\t<\/figcaption><\/figure><figure class='gallery-item'>\n\t\t\t<div class='gallery-icon portrait'>\n\t\t\t\t<a href='https:\/\/www.arquimaster.com.ar\/web\/wp-content\/uploads\/2022\/04\/vivienda_gt13.jpg' title=\"Vivienda GT \/ Grupo Culata Jov\u00e1i (\u00a9 Federico Cairoli)\" data-rl_title=\"Vivienda GT \/ Grupo Culata Jov\u00e1i (\u00a9 Federico Cairoli)\" class=\"rl-gallery-link\" data-rl_caption=\"Vivienda GT \/ Grupo Culata Jov\u00e1i (\u00a9 Federico Cairoli)\" data-rel=\"lightbox-gallery-1\"><img loading=\"lazy\" decoding=\"async\" width=\"150\" height=\"150\" src=\"https:\/\/www.arquimaster.com.ar\/web\/wp-content\/uploads\/2022\/04\/vivienda_gt13-150x150.jpg\" class=\"attachment-thumbnail size-thumbnail\" alt=\"Vivienda GT \/ Grupo Culata Jov\u00e1i\" aria-describedby=\"gallery-1-69519\" \/><\/a>\n\t\t\t<\/div>\n\t\t\t\t<figcaption class='wp-caption-text gallery-caption' id='gallery-1-69519'>\n\t\t\t\tVivienda GT \/ Grupo Culata Jov\u00e1i (\u00a9 Federico Cairoli)\n\t\t\t\t<\/figcaption><\/figure><figure class='gallery-item'>\n\t\t\t<div class='gallery-icon landscape'>\n\t\t\t\t<a href='https:\/\/www.arquimaster.com.ar\/web\/wp-content\/uploads\/2022\/04\/vivienda_gt14.jpg' title=\"Vivienda GT \/ Grupo Culata Jov\u00e1i (\u00a9 Federico Cairoli)\" data-rl_title=\"Vivienda GT \/ Grupo Culata Jov\u00e1i (\u00a9 Federico Cairoli)\" class=\"rl-gallery-link\" data-rl_caption=\"Vivienda GT \/ Grupo Culata Jov\u00e1i (\u00a9 Federico Cairoli)\" data-rel=\"lightbox-gallery-1\"><img loading=\"lazy\" decoding=\"async\" width=\"150\" height=\"150\" src=\"https:\/\/www.arquimaster.com.ar\/web\/wp-content\/uploads\/2022\/04\/vivienda_gt14-150x150.jpg\" class=\"attachment-thumbnail size-thumbnail\" alt=\"Vivienda GT \/ Grupo Culata Jov\u00e1i\" aria-describedby=\"gallery-1-69520\" \/><\/a>\n\t\t\t<\/div>\n\t\t\t\t<figcaption class='wp-caption-text gallery-caption' id='gallery-1-69520'>\n\t\t\t\tVivienda GT \/ Grupo Culata Jov\u00e1i (\u00a9 Federico Cairoli)\n\t\t\t\t<\/figcaption><\/figure><figure class='gallery-item'>\n\t\t\t<div class='gallery-icon portrait'>\n\t\t\t\t<a href='https:\/\/www.arquimaster.com.ar\/web\/wp-content\/uploads\/2022\/04\/vivienda_gt15.jpg' title=\"Vivienda GT \/ Grupo Culata Jov\u00e1i (\u00a9 Federico Cairoli)\" data-rl_title=\"Vivienda GT \/ Grupo Culata Jov\u00e1i (\u00a9 Federico Cairoli)\" class=\"rl-gallery-link\" data-rl_caption=\"Vivienda GT \/ Grupo Culata Jov\u00e1i (\u00a9 Federico Cairoli)\" data-rel=\"lightbox-gallery-1\"><img loading=\"lazy\" decoding=\"async\" width=\"150\" height=\"150\" src=\"https:\/\/www.arquimaster.com.ar\/web\/wp-content\/uploads\/2022\/04\/vivienda_gt15-150x150.jpg\" class=\"attachment-thumbnail size-thumbnail\" alt=\"Vivienda GT \/ Grupo Culata Jov\u00e1i\" aria-describedby=\"gallery-1-69521\" \/><\/a>\n\t\t\t<\/div>\n\t\t\t\t<figcaption class='wp-caption-text gallery-caption' id='gallery-1-69521'>\n\t\t\t\tVivienda GT \/ Grupo Culata Jov\u00e1i (\u00a9 Federico Cairoli)\n\t\t\t\t<\/figcaption><\/figure><figure class='gallery-item'>\n\t\t\t<div class='gallery-icon portrait'>\n\t\t\t\t<a href='https:\/\/www.arquimaster.com.ar\/web\/wp-content\/uploads\/2022\/04\/vivienda_gt16.jpg' title=\"Vivienda GT \/ Grupo Culata Jov\u00e1i (\u00a9 Federico Cairoli)\" data-rl_title=\"Vivienda GT \/ Grupo Culata Jov\u00e1i (\u00a9 Federico Cairoli)\" class=\"rl-gallery-link\" data-rl_caption=\"Vivienda GT \/ Grupo Culata Jov\u00e1i (\u00a9 Federico Cairoli)\" data-rel=\"lightbox-gallery-1\"><img loading=\"lazy\" decoding=\"async\" width=\"150\" height=\"150\" src=\"https:\/\/www.arquimaster.com.ar\/web\/wp-content\/uploads\/2022\/04\/vivienda_gt16-150x150.jpg\" class=\"attachment-thumbnail size-thumbnail\" alt=\"Vivienda GT \/ Grupo Culata Jov\u00e1i\" aria-describedby=\"gallery-1-69522\" \/><\/a>\n\t\t\t<\/div>\n\t\t\t\t<figcaption class='wp-caption-text gallery-caption' id='gallery-1-69522'>\n\t\t\t\tVivienda GT \/ Grupo Culata Jov\u00e1i (\u00a9 Federico Cairoli)\n\t\t\t\t<\/figcaption><\/figure><figure class='gallery-item'>\n\t\t\t<div class='gallery-icon portrait'>\n\t\t\t\t<a href='https:\/\/www.arquimaster.com.ar\/web\/wp-content\/uploads\/2022\/04\/vivienda_gt17.jpg' title=\"Vivienda GT \/ Grupo Culata Jov\u00e1i (\u00a9 Federico Cairoli)\" data-rl_title=\"Vivienda GT \/ Grupo Culata Jov\u00e1i (\u00a9 Federico Cairoli)\" class=\"rl-gallery-link\" data-rl_caption=\"Vivienda GT \/ Grupo Culata Jov\u00e1i (\u00a9 Federico Cairoli)\" data-rel=\"lightbox-gallery-1\"><img loading=\"lazy\" decoding=\"async\" width=\"150\" height=\"150\" src=\"https:\/\/www.arquimaster.com.ar\/web\/wp-content\/uploads\/2022\/04\/vivienda_gt17-150x150.jpg\" class=\"attachment-thumbnail size-thumbnail\" alt=\"Vivienda GT \/ Grupo Culata Jov\u00e1i\" aria-describedby=\"gallery-1-69523\" \/><\/a>\n\t\t\t<\/div>\n\t\t\t\t<figcaption class='wp-caption-text gallery-caption' id='gallery-1-69523'>\n\t\t\t\tVivienda GT \/ Grupo Culata Jov\u00e1i (\u00a9 Federico Cairoli)\n\t\t\t\t<\/figcaption><\/figure><figure class='gallery-item'>\n\t\t\t<div class='gallery-icon landscape'>\n\t\t\t\t<a href='https:\/\/www.arquimaster.com.ar\/web\/wp-content\/uploads\/2022\/04\/vivienda_gt18.jpg' title=\"Vivienda GT \/ Grupo Culata Jov\u00e1i (\u00a9 Federico Cairoli)\" data-rl_title=\"Vivienda GT \/ Grupo Culata Jov\u00e1i (\u00a9 Federico Cairoli)\" class=\"rl-gallery-link\" data-rl_caption=\"Vivienda GT \/ Grupo Culata Jov\u00e1i (\u00a9 Federico Cairoli)\" data-rel=\"lightbox-gallery-1\"><img loading=\"lazy\" decoding=\"async\" width=\"150\" height=\"150\" src=\"https:\/\/www.arquimaster.com.ar\/web\/wp-content\/uploads\/2022\/04\/vivienda_gt18-150x150.jpg\" class=\"attachment-thumbnail size-thumbnail\" alt=\"Vivienda GT \/ Grupo Culata Jov\u00e1i\" aria-describedby=\"gallery-1-69524\" \/><\/a>\n\t\t\t<\/div>\n\t\t\t\t<figcaption class='wp-caption-text gallery-caption' id='gallery-1-69524'>\n\t\t\t\tVivienda GT \/ Grupo Culata Jov\u00e1i (\u00a9 Federico Cairoli)\n\t\t\t\t<\/figcaption><\/figure><figure class='gallery-item'>\n\t\t\t<div class='gallery-icon portrait'>\n\t\t\t\t<a href='https:\/\/www.arquimaster.com.ar\/web\/wp-content\/uploads\/2022\/04\/vivienda_gt19.jpg' title=\"Vivienda GT \/ Grupo Culata Jov\u00e1i (\u00a9 Federico Cairoli)\" data-rl_title=\"Vivienda GT \/ Grupo Culata Jov\u00e1i (\u00a9 Federico Cairoli)\" class=\"rl-gallery-link\" data-rl_caption=\"Vivienda GT \/ Grupo Culata Jov\u00e1i (\u00a9 Federico Cairoli)\" data-rel=\"lightbox-gallery-1\"><img loading=\"lazy\" decoding=\"async\" width=\"150\" height=\"150\" src=\"https:\/\/www.arquimaster.com.ar\/web\/wp-content\/uploads\/2022\/04\/vivienda_gt19-150x150.jpg\" class=\"attachment-thumbnail size-thumbnail\" alt=\"Vivienda GT \/ Grupo Culata Jov\u00e1i\" aria-describedby=\"gallery-1-69525\" \/><\/a>\n\t\t\t<\/div>\n\t\t\t\t<figcaption class='wp-caption-text gallery-caption' id='gallery-1-69525'>\n\t\t\t\tVivienda GT \/ Grupo Culata Jov\u00e1i (\u00a9 Federico Cairoli)\n\t\t\t\t<\/figcaption><\/figure><figure class='gallery-item'>\n\t\t\t<div class='gallery-icon landscape'>\n\t\t\t\t<a href='https:\/\/www.arquimaster.com.ar\/web\/wp-content\/uploads\/2022\/04\/vivienda_gt20.jpg' title=\"Vivienda GT \/ Grupo Culata Jov\u00e1i (\u00a9 Federico Cairoli)\" data-rl_title=\"Vivienda GT \/ Grupo Culata Jov\u00e1i (\u00a9 Federico Cairoli)\" class=\"rl-gallery-link\" data-rl_caption=\"Vivienda GT \/ Grupo Culata Jov\u00e1i (\u00a9 Federico Cairoli)\" data-rel=\"lightbox-gallery-1\"><img loading=\"lazy\" decoding=\"async\" width=\"150\" height=\"150\" src=\"https:\/\/www.arquimaster.com.ar\/web\/wp-content\/uploads\/2022\/04\/vivienda_gt20-150x150.jpg\" class=\"attachment-thumbnail size-thumbnail\" alt=\"Vivienda GT \/ Grupo Culata Jov\u00e1i\" aria-describedby=\"gallery-1-69526\" \/><\/a>\n\t\t\t<\/div>\n\t\t\t\t<figcaption class='wp-caption-text gallery-caption' id='gallery-1-69526'>\n\t\t\t\tVivienda GT \/ Grupo Culata Jov\u00e1i (\u00a9 Federico Cairoli)\n\t\t\t\t<\/figcaption><\/figure><figure class='gallery-item'>\n\t\t\t<div class='gallery-icon landscape'>\n\t\t\t\t<a href='https:\/\/www.arquimaster.com.ar\/web\/wp-content\/uploads\/2022\/04\/vivienda_gt21.jpg' title=\"Vivienda GT \/ Grupo Culata Jov\u00e1i (\u00a9 Federico Cairoli)\" data-rl_title=\"Vivienda GT \/ Grupo Culata Jov\u00e1i (\u00a9 Federico Cairoli)\" class=\"rl-gallery-link\" data-rl_caption=\"Vivienda GT \/ Grupo Culata Jov\u00e1i (\u00a9 Federico Cairoli)\" data-rel=\"lightbox-gallery-1\"><img loading=\"lazy\" decoding=\"async\" width=\"150\" height=\"150\" src=\"https:\/\/www.arquimaster.com.ar\/web\/wp-content\/uploads\/2022\/04\/vivienda_gt21-150x150.jpg\" class=\"attachment-thumbnail size-thumbnail\" alt=\"Vivienda GT \/ Grupo Culata Jov\u00e1i\" aria-describedby=\"gallery-1-69527\" \/><\/a>\n\t\t\t<\/div>\n\t\t\t\t<figcaption class='wp-caption-text gallery-caption' id='gallery-1-69527'>\n\t\t\t\tVivienda GT \/ Grupo Culata Jov\u00e1i (\u00a9 Federico Cairoli)\n\t\t\t\t<\/figcaption><\/figure><figure class='gallery-item'>\n\t\t\t<div class='gallery-icon portrait'>\n\t\t\t\t<a href='https:\/\/www.arquimaster.com.ar\/web\/wp-content\/uploads\/2022\/04\/vivienda_gt22.jpg' title=\"Vivienda GT \/ Grupo Culata Jov\u00e1i (\u00a9 Federico Cairoli)\" data-rl_title=\"Vivienda GT \/ Grupo Culata Jov\u00e1i (\u00a9 Federico Cairoli)\" class=\"rl-gallery-link\" data-rl_caption=\"Vivienda GT \/ Grupo Culata Jov\u00e1i (\u00a9 Federico Cairoli)\" data-rel=\"lightbox-gallery-1\"><img loading=\"lazy\" decoding=\"async\" width=\"150\" height=\"150\" src=\"https:\/\/www.arquimaster.com.ar\/web\/wp-content\/uploads\/2022\/04\/vivienda_gt22-150x150.jpg\" class=\"attachment-thumbnail size-thumbnail\" alt=\"Vivienda GT \/ Grupo Culata Jov\u00e1i\" aria-describedby=\"gallery-1-69528\" \/><\/a>\n\t\t\t<\/div>\n\t\t\t\t<figcaption class='wp-caption-text gallery-caption' id='gallery-1-69528'>\n\t\t\t\tVivienda GT \/ Grupo Culata Jov\u00e1i (\u00a9 Federico Cairoli)\n\t\t\t\t<\/figcaption><\/figure><figure class='gallery-item'>\n\t\t\t<div class='gallery-icon portrait'>\n\t\t\t\t<a href='https:\/\/www.arquimaster.com.ar\/web\/wp-content\/uploads\/2022\/04\/vivienda_gt23.jpg' title=\"Vivienda GT \/ Grupo Culata Jov\u00e1i (\u00a9 Federico Cairoli)\" data-rl_title=\"Vivienda GT \/ Grupo Culata Jov\u00e1i (\u00a9 Federico Cairoli)\" class=\"rl-gallery-link\" data-rl_caption=\"Vivienda GT \/ Grupo Culata Jov\u00e1i (\u00a9 Federico Cairoli)\" data-rel=\"lightbox-gallery-1\"><img loading=\"lazy\" decoding=\"async\" width=\"150\" height=\"150\" src=\"https:\/\/www.arquimaster.com.ar\/web\/wp-content\/uploads\/2022\/04\/vivienda_gt23-150x150.jpg\" class=\"attachment-thumbnail size-thumbnail\" alt=\"Vivienda GT \/ Grupo Culata Jov\u00e1i\" aria-describedby=\"gallery-1-69529\" \/><\/a>\n\t\t\t<\/div>\n\t\t\t\t<figcaption class='wp-caption-text gallery-caption' id='gallery-1-69529'>\n\t\t\t\tVivienda GT \/ Grupo Culata Jov\u00e1i (\u00a9 Federico Cairoli)\n\t\t\t\t<\/figcaption><\/figure><figure class='gallery-item'>\n\t\t\t<div class='gallery-icon portrait'>\n\t\t\t\t<a href='https:\/\/www.arquimaster.com.ar\/web\/wp-content\/uploads\/2022\/04\/vivienda_gt24.jpg' title=\"Vivienda GT \/ Grupo Culata Jov\u00e1i (\u00a9 Federico Cairoli)\" data-rl_title=\"Vivienda GT \/ Grupo Culata Jov\u00e1i (\u00a9 Federico Cairoli)\" class=\"rl-gallery-link\" data-rl_caption=\"Vivienda GT \/ Grupo Culata Jov\u00e1i (\u00a9 Federico Cairoli)\" data-rel=\"lightbox-gallery-1\"><img loading=\"lazy\" decoding=\"async\" width=\"150\" height=\"150\" src=\"https:\/\/www.arquimaster.com.ar\/web\/wp-content\/uploads\/2022\/04\/vivienda_gt24-150x150.jpg\" class=\"attachment-thumbnail size-thumbnail\" alt=\"Vivienda GT \/ Grupo Culata Jov\u00e1i\" aria-describedby=\"gallery-1-69530\" \/><\/a>\n\t\t\t<\/div>\n\t\t\t\t<figcaption class='wp-caption-text gallery-caption' id='gallery-1-69530'>\n\t\t\t\tVivienda GT \/ Grupo Culata Jov\u00e1i (\u00a9 Federico Cairoli)\n\t\t\t\t<\/figcaption><\/figure><figure class='gallery-item'>\n\t\t\t<div class='gallery-icon portrait'>\n\t\t\t\t<a href='https:\/\/www.arquimaster.com.ar\/web\/wp-content\/uploads\/2022\/04\/vivienda_gt25.jpg' title=\"Vivienda GT \/ Grupo Culata Jov\u00e1i (\u00a9 Federico Cairoli)\" data-rl_title=\"Vivienda GT \/ Grupo Culata Jov\u00e1i (\u00a9 Federico Cairoli)\" class=\"rl-gallery-link\" data-rl_caption=\"Vivienda GT \/ Grupo Culata Jov\u00e1i (\u00a9 Federico Cairoli)\" data-rel=\"lightbox-gallery-1\"><img loading=\"lazy\" decoding=\"async\" width=\"150\" height=\"150\" src=\"https:\/\/www.arquimaster.com.ar\/web\/wp-content\/uploads\/2022\/04\/vivienda_gt25-150x150.jpg\" class=\"attachment-thumbnail size-thumbnail\" alt=\"Vivienda GT \/ Grupo Culata Jov\u00e1i\" aria-describedby=\"gallery-1-69531\" \/><\/a>\n\t\t\t<\/div>\n\t\t\t\t<figcaption class='wp-caption-text gallery-caption' id='gallery-1-69531'>\n\t\t\t\tVivienda GT \/ Grupo Culata Jov\u00e1i (\u00a9 Federico Cairoli)\n\t\t\t\t<\/figcaption><\/figure><figure class='gallery-item'>\n\t\t\t<div class='gallery-icon portrait'>\n\t\t\t\t<a href='https:\/\/www.arquimaster.com.ar\/web\/wp-content\/uploads\/2022\/04\/vivienda_gt26.jpg' title=\"Vivienda GT \/ Grupo Culata Jov\u00e1i (\u00a9 Federico Cairoli)\" data-rl_title=\"Vivienda GT \/ Grupo Culata Jov\u00e1i (\u00a9 Federico Cairoli)\" class=\"rl-gallery-link\" data-rl_caption=\"Vivienda GT \/ Grupo Culata Jov\u00e1i (\u00a9 Federico Cairoli)\" data-rel=\"lightbox-gallery-1\"><img loading=\"lazy\" decoding=\"async\" width=\"150\" height=\"150\" src=\"https:\/\/www.arquimaster.com.ar\/web\/wp-content\/uploads\/2022\/04\/vivienda_gt26-150x150.jpg\" class=\"attachment-thumbnail size-thumbnail\" alt=\"Vivienda GT \/ Grupo Culata Jov\u00e1i\" aria-describedby=\"gallery-1-69532\" \/><\/a>\n\t\t\t<\/div>\n\t\t\t\t<figcaption class='wp-caption-text gallery-caption' id='gallery-1-69532'>\n\t\t\t\tVivienda GT \/ Grupo Culata Jov\u00e1i (\u00a9 Federico Cairoli)\n\t\t\t\t<\/figcaption><\/figure><figure class='gallery-item'>\n\t\t\t<div class='gallery-icon portrait'>\n\t\t\t\t<a href='https:\/\/www.arquimaster.com.ar\/web\/wp-content\/uploads\/2022\/04\/vivienda_gt27.jpg' title=\"Vivienda GT \/ Grupo Culata Jov\u00e1i (\u00a9 Federico Cairoli)\" data-rl_title=\"Vivienda GT \/ Grupo Culata Jov\u00e1i (\u00a9 Federico Cairoli)\" class=\"rl-gallery-link\" data-rl_caption=\"Vivienda GT \/ Grupo Culata Jov\u00e1i (\u00a9 Federico Cairoli)\" data-rel=\"lightbox-gallery-1\"><img loading=\"lazy\" decoding=\"async\" width=\"150\" height=\"150\" src=\"https:\/\/www.arquimaster.com.ar\/web\/wp-content\/uploads\/2022\/04\/vivienda_gt27-150x150.jpg\" class=\"attachment-thumbnail size-thumbnail\" alt=\"Vivienda GT \/ Grupo Culata Jov\u00e1i\" aria-describedby=\"gallery-1-69533\" \/><\/a>\n\t\t\t<\/div>\n\t\t\t\t<figcaption class='wp-caption-text gallery-caption' id='gallery-1-69533'>\n\t\t\t\tVivienda GT \/ Grupo Culata Jov\u00e1i (\u00a9 Federico Cairoli)\n\t\t\t\t<\/figcaption><\/figure><figure class='gallery-item'>\n\t\t\t<div class='gallery-icon portrait'>\n\t\t\t\t<a href='https:\/\/www.arquimaster.com.ar\/web\/wp-content\/uploads\/2022\/04\/vivienda_gt28.jpg' title=\"Vivienda GT \/ Grupo Culata Jov\u00e1i (\u00a9 Federico Cairoli)\" data-rl_title=\"Vivienda GT \/ Grupo Culata Jov\u00e1i (\u00a9 Federico Cairoli)\" class=\"rl-gallery-link\" data-rl_caption=\"Vivienda GT \/ Grupo Culata Jov\u00e1i (\u00a9 Federico Cairoli)\" data-rel=\"lightbox-gallery-1\"><img loading=\"lazy\" decoding=\"async\" width=\"150\" height=\"150\" src=\"https:\/\/www.arquimaster.com.ar\/web\/wp-content\/uploads\/2022\/04\/vivienda_gt28-150x150.jpg\" class=\"attachment-thumbnail size-thumbnail\" alt=\"Vivienda GT \/ Grupo Culata Jov\u00e1i\" aria-describedby=\"gallery-1-69534\" \/><\/a>\n\t\t\t<\/div>\n\t\t\t\t<figcaption class='wp-caption-text gallery-caption' id='gallery-1-69534'>\n\t\t\t\tVivienda GT \/ Grupo Culata Jov\u00e1i (\u00a9 Federico Cairoli)\n\t\t\t\t<\/figcaption><\/figure><figure class='gallery-item'>\n\t\t\t<div class='gallery-icon portrait'>\n\t\t\t\t<a href='https:\/\/www.arquimaster.com.ar\/web\/wp-content\/uploads\/2022\/04\/vivienda_gt29.jpg' title=\"Vivienda GT \/ Grupo Culata Jov\u00e1i (\u00a9 Federico Cairoli)\" data-rl_title=\"Vivienda GT \/ Grupo Culata Jov\u00e1i (\u00a9 Federico Cairoli)\" class=\"rl-gallery-link\" data-rl_caption=\"Vivienda GT \/ Grupo Culata Jov\u00e1i (\u00a9 Federico Cairoli)\" data-rel=\"lightbox-gallery-1\"><img loading=\"lazy\" decoding=\"async\" width=\"150\" height=\"150\" src=\"https:\/\/www.arquimaster.com.ar\/web\/wp-content\/uploads\/2022\/04\/vivienda_gt29-150x150.jpg\" class=\"attachment-thumbnail size-thumbnail\" alt=\"Vivienda GT \/ Grupo Culata Jov\u00e1i\" aria-describedby=\"gallery-1-69535\" \/><\/a>\n\t\t\t<\/div>\n\t\t\t\t<figcaption class='wp-caption-text gallery-caption' id='gallery-1-69535'>\n\t\t\t\tVivienda GT \/ Grupo Culata Jov\u00e1i (\u00a9 Federico Cairoli)\n\t\t\t\t<\/figcaption><\/figure><figure class='gallery-item'>\n\t\t\t<div class='gallery-icon portrait'>\n\t\t\t\t<a href='https:\/\/www.arquimaster.com.ar\/web\/wp-content\/uploads\/2022\/04\/vivienda_gt30.jpg' title=\"Vivienda GT \/ Grupo Culata Jov\u00e1i (\u00a9 Federico Cairoli)\" data-rl_title=\"Vivienda GT \/ Grupo Culata Jov\u00e1i (\u00a9 Federico Cairoli)\" class=\"rl-gallery-link\" data-rl_caption=\"Vivienda GT \/ Grupo Culata Jov\u00e1i (\u00a9 Federico Cairoli)\" data-rel=\"lightbox-gallery-1\"><img loading=\"lazy\" decoding=\"async\" width=\"150\" height=\"150\" src=\"https:\/\/www.arquimaster.com.ar\/web\/wp-content\/uploads\/2022\/04\/vivienda_gt30-150x150.jpg\" class=\"attachment-thumbnail size-thumbnail\" alt=\"Vivienda GT \/ Grupo Culata Jov\u00e1i\" aria-describedby=\"gallery-1-69536\" \/><\/a>\n\t\t\t<\/div>\n\t\t\t\t<figcaption class='wp-caption-text gallery-caption' id='gallery-1-69536'>\n\t\t\t\tVivienda GT \/ Grupo Culata Jov\u00e1i (\u00a9 Federico Cairoli)\n\t\t\t\t<\/figcaption><\/figure><figure class='gallery-item'>\n\t\t\t<div class='gallery-icon portrait'>\n\t\t\t\t<a href='https:\/\/www.arquimaster.com.ar\/web\/wp-content\/uploads\/2022\/04\/vivienda_gt31.jpg' title=\"Vivienda GT \/ Grupo Culata Jov\u00e1i (\u00a9 Federico Cairoli)\" data-rl_title=\"Vivienda GT \/ Grupo Culata Jov\u00e1i (\u00a9 Federico Cairoli)\" class=\"rl-gallery-link\" data-rl_caption=\"Vivienda GT \/ Grupo Culata Jov\u00e1i (\u00a9 Federico Cairoli)\" data-rel=\"lightbox-gallery-1\"><img loading=\"lazy\" decoding=\"async\" width=\"150\" height=\"150\" src=\"https:\/\/www.arquimaster.com.ar\/web\/wp-content\/uploads\/2022\/04\/vivienda_gt31-150x150.jpg\" class=\"attachment-thumbnail size-thumbnail\" alt=\"Vivienda GT \/ Grupo Culata Jov\u00e1i\" aria-describedby=\"gallery-1-69537\" \/><\/a>\n\t\t\t<\/div>\n\t\t\t\t<figcaption class='wp-caption-text gallery-caption' id='gallery-1-69537'>\n\t\t\t\tVivienda GT \/ Grupo Culata Jov\u00e1i (\u00a9 Federico Cairoli)\n\t\t\t\t<\/figcaption><\/figure><figure class='gallery-item'>\n\t\t\t<div class='gallery-icon landscape'>\n\t\t\t\t<a href='https:\/\/www.arquimaster.com.ar\/web\/wp-content\/uploads\/2022\/04\/vivienda_gt32.jpg' title=\"Vivienda GT \/ Grupo Culata Jov\u00e1i (\u00a9 Federico Cairoli)\" data-rl_title=\"Vivienda GT \/ Grupo Culata Jov\u00e1i (\u00a9 Federico Cairoli)\" class=\"rl-gallery-link\" data-rl_caption=\"Vivienda GT \/ Grupo Culata Jov\u00e1i (\u00a9 Federico Cairoli)\" data-rel=\"lightbox-gallery-1\"><img loading=\"lazy\" decoding=\"async\" width=\"150\" height=\"150\" src=\"https:\/\/www.arquimaster.com.ar\/web\/wp-content\/uploads\/2022\/04\/vivienda_gt32-150x150.jpg\" class=\"attachment-thumbnail size-thumbnail\" alt=\"Vivienda GT \/ Grupo Culata Jov\u00e1i\" aria-describedby=\"gallery-1-69538\" \/><\/a>\n\t\t\t<\/div>\n\t\t\t\t<figcaption class='wp-caption-text gallery-caption' id='gallery-1-69538'>\n\t\t\t\tVivienda GT \/ Grupo Culata Jov\u00e1i (\u00a9 Federico Cairoli)\n\t\t\t\t<\/figcaption><\/figure><figure class='gallery-item'>\n\t\t\t<div class='gallery-icon portrait'>\n\t\t\t\t<a href='https:\/\/www.arquimaster.com.ar\/web\/wp-content\/uploads\/2022\/04\/vivienda_gt33.jpg' title=\"Vivienda GT \/ Grupo Culata Jov\u00e1i (\u00a9 Federico Cairoli)\" data-rl_title=\"Vivienda GT \/ Grupo Culata Jov\u00e1i (\u00a9 Federico Cairoli)\" class=\"rl-gallery-link\" data-rl_caption=\"Vivienda GT \/ Grupo Culata Jov\u00e1i (\u00a9 Federico Cairoli)\" data-rel=\"lightbox-gallery-1\"><img loading=\"lazy\" decoding=\"async\" width=\"150\" height=\"150\" src=\"https:\/\/www.arquimaster.com.ar\/web\/wp-content\/uploads\/2022\/04\/vivienda_gt33-150x150.jpg\" class=\"attachment-thumbnail size-thumbnail\" alt=\"Vivienda GT \/ Grupo Culata Jov\u00e1i\" aria-describedby=\"gallery-1-69539\" \/><\/a>\n\t\t\t<\/div>\n\t\t\t\t<figcaption class='wp-caption-text gallery-caption' id='gallery-1-69539'>\n\t\t\t\tVivienda GT \/ Grupo Culata Jov\u00e1i (\u00a9 Federico Cairoli)\n\t\t\t\t<\/figcaption><\/figure><figure class='gallery-item'>\n\t\t\t<div class='gallery-icon landscape'>\n\t\t\t\t<a href='https:\/\/www.arquimaster.com.ar\/web\/wp-content\/uploads\/2022\/04\/vivienda_gt34.jpg' title=\"Vivienda GT \/ Grupo Culata Jov\u00e1i (\u00a9 Federico Cairoli)\" data-rl_title=\"Vivienda GT \/ Grupo Culata Jov\u00e1i (\u00a9 Federico Cairoli)\" class=\"rl-gallery-link\" data-rl_caption=\"Vivienda GT \/ Grupo Culata Jov\u00e1i (\u00a9 Federico Cairoli)\" data-rel=\"lightbox-gallery-1\"><img loading=\"lazy\" decoding=\"async\" width=\"150\" height=\"150\" src=\"https:\/\/www.arquimaster.com.ar\/web\/wp-content\/uploads\/2022\/04\/vivienda_gt34-150x150.jpg\" class=\"attachment-thumbnail size-thumbnail\" alt=\"Vivienda GT \/ Grupo Culata Jov\u00e1i\" aria-describedby=\"gallery-1-69540\" srcset=\"https:\/\/www.arquimaster.com.ar\/web\/wp-content\/uploads\/2022\/04\/vivienda_gt34-150x150.jpg 150w, https:\/\/www.arquimaster.com.ar\/web\/wp-content\/uploads\/2022\/04\/vivienda_gt34-768x768.jpg 768w, https:\/\/www.arquimaster.com.ar\/web\/wp-content\/uploads\/2022\/04\/vivienda_gt34.jpg 1500w\" sizes=\"auto, (max-width: 150px) 100vw, 150px\" \/><\/a>\n\t\t\t<\/div>\n\t\t\t\t<figcaption class='wp-caption-text gallery-caption' id='gallery-1-69540'>\n\t\t\t\tVivienda GT \/ Grupo Culata Jov\u00e1i (\u00a9 Federico Cairoli)\n\t\t\t\t<\/figcaption><\/figure><figure class='gallery-item'>\n\t\t\t<div class='gallery-icon portrait'>\n\t\t\t\t<a href='https:\/\/www.arquimaster.com.ar\/web\/wp-content\/uploads\/2022\/04\/vivienda_gt35.jpg' title=\"Vivienda GT \/ Grupo Culata Jov\u00e1i (\u00a9 Federico Cairoli)\" data-rl_title=\"Vivienda GT \/ Grupo Culata Jov\u00e1i (\u00a9 Federico Cairoli)\" class=\"rl-gallery-link\" data-rl_caption=\"Vivienda GT \/ Grupo Culata Jov\u00e1i (\u00a9 Federico Cairoli)\" data-rel=\"lightbox-gallery-1\"><img loading=\"lazy\" decoding=\"async\" width=\"150\" height=\"150\" src=\"https:\/\/www.arquimaster.com.ar\/web\/wp-content\/uploads\/2022\/04\/vivienda_gt35-150x150.jpg\" class=\"attachment-thumbnail size-thumbnail\" alt=\"Vivienda GT \/ Grupo Culata Jov\u00e1i\" aria-describedby=\"gallery-1-69541\" \/><\/a>\n\t\t\t<\/div>\n\t\t\t\t<figcaption class='wp-caption-text gallery-caption' id='gallery-1-69541'>\n\t\t\t\tVivienda GT \/ Grupo Culata Jov\u00e1i (\u00a9 Federico Cairoli)\n\t\t\t\t<\/figcaption><\/figure><figure class='gallery-item'>\n\t\t\t<div class='gallery-icon landscape'>\n\t\t\t\t<a href='https:\/\/www.arquimaster.com.ar\/web\/wp-content\/uploads\/2022\/04\/vivienda_gt36.jpg' title=\"Vivienda GT \/ Grupo Culata Jov\u00e1i (\u00a9 Federico Cairoli)\" data-rl_title=\"Vivienda GT \/ Grupo Culata Jov\u00e1i (\u00a9 Federico Cairoli)\" class=\"rl-gallery-link\" data-rl_caption=\"Vivienda GT \/ Grupo Culata Jov\u00e1i (\u00a9 Federico Cairoli)\" data-rel=\"lightbox-gallery-1\"><img loading=\"lazy\" decoding=\"async\" width=\"150\" height=\"150\" src=\"https:\/\/www.arquimaster.com.ar\/web\/wp-content\/uploads\/2022\/04\/vivienda_gt36-150x150.jpg\" class=\"attachment-thumbnail size-thumbnail\" alt=\"Vivienda GT \/ Grupo Culata Jov\u00e1i\" aria-describedby=\"gallery-1-69542\" srcset=\"https:\/\/www.arquimaster.com.ar\/web\/wp-content\/uploads\/2022\/04\/vivienda_gt36-150x150.jpg 150w, https:\/\/www.arquimaster.com.ar\/web\/wp-content\/uploads\/2022\/04\/vivienda_gt36-768x768.jpg 768w, https:\/\/www.arquimaster.com.ar\/web\/wp-content\/uploads\/2022\/04\/vivienda_gt36.jpg 1500w\" sizes=\"auto, (max-width: 150px) 100vw, 150px\" \/><\/a>\n\t\t\t<\/div>\n\t\t\t\t<figcaption class='wp-caption-text gallery-caption' id='gallery-1-69542'>\n\t\t\t\tVivienda GT \/ Grupo Culata Jov\u00e1i (\u00a9 Federico Cairoli)\n\t\t\t\t<\/figcaption><\/figure><figure class='gallery-item'>\n\t\t\t<div class='gallery-icon portrait'>\n\t\t\t\t<a href='https:\/\/www.arquimaster.com.ar\/web\/wp-content\/uploads\/2022\/04\/vivienda_gt37.jpg' title=\"Vivienda GT \/ Grupo Culata Jov\u00e1i (planta baja)\" data-rl_title=\"Vivienda GT \/ Grupo Culata Jov\u00e1i (planta baja)\" class=\"rl-gallery-link\" data-rl_caption=\"Vivienda GT \/ Grupo Culata Jov\u00e1i (planta baja)\" data-rel=\"lightbox-gallery-1\"><img loading=\"lazy\" decoding=\"async\" width=\"150\" height=\"150\" src=\"https:\/\/www.arquimaster.com.ar\/web\/wp-content\/uploads\/2022\/04\/vivienda_gt37-150x150.jpg\" class=\"attachment-thumbnail size-thumbnail\" alt=\"Vivienda GT \/ Grupo Culata Jov\u00e1i\" aria-describedby=\"gallery-1-69543\" \/><\/a>\n\t\t\t<\/div>\n\t\t\t\t<figcaption class='wp-caption-text gallery-caption' id='gallery-1-69543'>\n\t\t\t\tVivienda GT \/ Grupo Culata Jov\u00e1i (planta baja)\n\t\t\t\t<\/figcaption><\/figure><figure class='gallery-item'>\n\t\t\t<div class='gallery-icon portrait'>\n\t\t\t\t<a href='https:\/\/www.arquimaster.com.ar\/web\/wp-content\/uploads\/2022\/04\/vivienda_gt38.jpg' title=\"Vivienda GT \/ Grupo Culata Jov\u00e1i (planta alta)\" data-rl_title=\"Vivienda GT \/ Grupo Culata Jov\u00e1i (planta alta)\" class=\"rl-gallery-link\" data-rl_caption=\"Vivienda GT \/ Grupo Culata Jov\u00e1i (planta alta)\" data-rel=\"lightbox-gallery-1\"><img loading=\"lazy\" decoding=\"async\" width=\"150\" height=\"150\" src=\"https:\/\/www.arquimaster.com.ar\/web\/wp-content\/uploads\/2022\/04\/vivienda_gt38-150x150.jpg\" class=\"attachment-thumbnail size-thumbnail\" alt=\"Vivienda GT \/ Grupo Culata Jov\u00e1i\" aria-describedby=\"gallery-1-69544\" \/><\/a>\n\t\t\t<\/div>\n\t\t\t\t<figcaption class='wp-caption-text gallery-caption' id='gallery-1-69544'>\n\t\t\t\tVivienda GT \/ Grupo Culata Jov\u00e1i (planta alta)\n\t\t\t\t<\/figcaption><\/figure><figure class='gallery-item'>\n\t\t\t<div class='gallery-icon landscape'>\n\t\t\t\t<a href='https:\/\/www.arquimaster.com.ar\/web\/wp-content\/uploads\/2022\/04\/vivienda_gt39.jpg' title=\"Vivienda GT \/ Grupo Culata Jov\u00e1i (corte)\" data-rl_title=\"Vivienda GT \/ Grupo Culata Jov\u00e1i (corte)\" class=\"rl-gallery-link\" data-rl_caption=\"Vivienda GT \/ Grupo Culata Jov\u00e1i (corte)\" data-rel=\"lightbox-gallery-1\"><img loading=\"lazy\" decoding=\"async\" width=\"150\" height=\"150\" src=\"https:\/\/www.arquimaster.com.ar\/web\/wp-content\/uploads\/2022\/04\/vivienda_gt39-150x150.jpg\" class=\"attachment-thumbnail size-thumbnail\" alt=\"Vivienda GT \/ Grupo Culata Jov\u00e1i\" aria-describedby=\"gallery-1-69545\" \/><\/a>\n\t\t\t<\/div>\n\t\t\t\t<figcaption class='wp-caption-text gallery-caption' id='gallery-1-69545'>\n\t\t\t\tVivienda GT \/ Grupo Culata Jov\u00e1i (corte)\n\t\t\t\t<\/figcaption><\/figure><figure class='gallery-item'>\n\t\t\t<div class='gallery-icon landscape'>\n\t\t\t\t<a href='https:\/\/www.arquimaster.com.ar\/web\/wp-content\/uploads\/2022\/04\/vivienda_gt40.jpg' title=\"Vivienda GT \/ Grupo Culata Jov\u00e1i (vista frente)\" data-rl_title=\"Vivienda GT \/ Grupo Culata Jov\u00e1i (vista frente)\" class=\"rl-gallery-link\" data-rl_caption=\"Vivienda GT \/ Grupo Culata Jov\u00e1i (vista frente)\" data-rel=\"lightbox-gallery-1\"><img loading=\"lazy\" decoding=\"async\" width=\"150\" height=\"150\" src=\"https:\/\/www.arquimaster.com.ar\/web\/wp-content\/uploads\/2022\/04\/vivienda_gt40-150x150.jpg\" class=\"attachment-thumbnail size-thumbnail\" alt=\"Vivienda GT \/ Grupo Culata Jov\u00e1i\" aria-describedby=\"gallery-1-69546\" \/><\/a>\n\t\t\t<\/div>\n\t\t\t\t<figcaption class='wp-caption-text gallery-caption' id='gallery-1-69546'>\n\t\t\t\tVivienda GT \/ Grupo Culata Jov\u00e1i (vista frente)\n\t\t\t\t<\/figcaption><\/figure><figure class='gallery-item'>\n\t\t\t<div class='gallery-icon landscape'>\n\t\t\t\t<a href='https:\/\/www.arquimaster.com.ar\/web\/wp-content\/uploads\/2022\/04\/vivienda_gt41.jpg' title=\"Vivienda GT \/ Grupo Culata Jov\u00e1i (vista posterior)\" data-rl_title=\"Vivienda GT \/ Grupo Culata Jov\u00e1i (vista posterior)\" class=\"rl-gallery-link\" data-rl_caption=\"Vivienda GT \/ Grupo Culata Jov\u00e1i (vista posterior)\" data-rel=\"lightbox-gallery-1\"><img loading=\"lazy\" decoding=\"async\" width=\"150\" height=\"150\" src=\"https:\/\/www.arquimaster.com.ar\/web\/wp-content\/uploads\/2022\/04\/vivienda_gt41-150x150.jpg\" class=\"attachment-thumbnail size-thumbnail\" alt=\"Vivienda GT \/ Grupo Culata Jov\u00e1i\" aria-describedby=\"gallery-1-69547\" \/><\/a>\n\t\t\t<\/div>\n\t\t\t\t<figcaption class='wp-caption-text gallery-caption' id='gallery-1-69547'>\n\t\t\t\tVivienda GT \/ Grupo Culata Jov\u00e1i (vista posterior)\n\t\t\t\t<\/figcaption><\/figure>\n\t\t<\/div>\n\n<p>El encargo en s\u00ed, el programa de una vivienda, resulta ser un ejercicio que permite reconocer, controlar y domar al ego del que la dise\u00f1a. Una oportunidad de entender que, no se trata del arquitecto y las posibilidades que orbitan la obra, sino que, por sobre todo, de las personas que la van a habitar.<\/p>\n<p>&#8211; \u00ab\u00bfTe acord\u00e1s que siempre te dije que alg\u00fan d\u00eda ibas a hacer mi casa? Bueno, parece que ese d\u00eda lleg\u00f3&#8230;\u00bb.<\/p>\n<p>Una pareja joven de amigos; personas bendecidas por el universo, que tienen como gu\u00eda de vida el disfrute, el trabajo, la sinceridad, la felicidad y el compartir con la gente querida. Un lugar de paz, descanso y celebraci\u00f3n. Una respuesta a una forma de vida.<\/p>\n<p>Una casa, una cosa, no ostentosa, coherente con vidas y las aspiraciones que corresponden.<\/p>\n<p>Y por \u00faltimo, pero con mucho \u00e9nfasis:<\/p>\n<p>&#8211; \u00abQueremos que los arquitectos se sientan orgullosos de esta casa, que la hagan como ellos creen que se debe hacer esta casa, que fluyan y hagan su obra\u00bb.<\/p>\n<p>Una contradicci\u00f3n muy grande cuando uno est\u00e1 convencido de que no se trata de uno mismo, pero a la vez una posibilidad enorme de fluir libremente y de proponer formas de hacer; un gran desaf\u00edo, un compromiso.<\/p>\n<p>Una vivienda entre linderos en una zona de transici\u00f3n en la ciudad de Asunci\u00f3n, en un terreno tipo de 12&#215;30 metros.<\/p>\n<p>Una construcci\u00f3n que se vale de las formas tradicionales y comunes del hacer, en cuanto a materiales y las formas de utilizarlos. Hormig\u00f3n armado y ladrillo como puntos de partida, para sumar desde ah\u00ed lo que el futuro habitante considere. Los materiales no son incorrectos en s\u00ed mismos, existen para ser utilizados.<\/p>\n<p>Esta casa signific\u00f3 explorar sobre los l\u00edmites de lo suficiente, entendiendo que esto no quiere decir que el lujo no es v\u00e1lido, sino que el lujo es posible gracias a un manejo eficiente de recursos disponibles.<\/p>\n\n\n<div style=\"height:20px\" aria-hidden=\"true\" class=\"wp-block-spacer\"><\/div>\n\n\n\n<p class=\"has-background\" style=\"background-color:#eaeaea\"><strong>Ficha t\u00e9cnica<\/strong><br>Nombre: Vivienda GT<br>Ubicaci\u00f3n: Asunci\u00f3n, Paraguay<br>Arquitectos: Grupo Culata Jov\u00e1i<br>Equipo de Proyecto: Miky Gonz\u00e1lez Merlo, Emmerick Braun Enciso, Mari\u00e1ngeles Gonz\u00e1lez, Camila Fern\u00e1ndez, Hassan Yaryes, Carlos Gim\u00e9nez, Gabriela Benegas<br>A\u00f1o: 2021<br>Fotograf\u00edas: Federico Cairoli<br><br><strong>Contacto<\/strong><br><a href=\"https:\/\/grupoculatajovai.com\" target=\"_blank\" rel=\"noreferrer noopener\">https:\/\/grupoculatajovai.com<\/a><\/p>\n\n\n\n<div style=\"height:40px\" aria-hidden=\"true\" class=\"wp-block-spacer\"><\/div>\n\n\n<p><strong><em>English version<\/em><\/strong><\/p>\n<p><em>Ways of life are as uniform as they are infinitely diverse. Each family and each person are unique and unrepeatable universes, exactly the same as absolutely every family and person on the planet.<\/em><\/p>\n<p><em>The commission itself, the program of a house, turns out to be an exercise that allows us to recognize, control and tame the ego of the person who designs it. An opportunity to understand that it is not about the architect and the possibilities that surround the work, but, above all, about the people who are going to inhabit it.<\/em><\/p>\n<p><em>&#8211; \u00abDo you remember that I always told you that one day you were going to build my house? Well, it seems that day has come&#8230;\u00bb.<\/em><\/p>\n<p><em>A young couple of friends, people blessed by the universe, whose life guides are enjoyment, work, sincerity, happiness and sharing with loved ones. A place for peace, rest and celebration. An answer to a way of life.<\/em><\/p>\n<p><em>A house, an object, not ostentatious, but consistent with the corresponding lives and aspirations.<\/em><\/p>\n<p><em>And finally, but with great emphasis:<\/em><\/p>\n<p><em>&#8211; \u00abWe want the architects to feel proud of this house, to do it as they believe this house should be done, following the flow of their work\u00bb.<\/em><\/p>\n<p><em>It is a very big contradiction when one is convinced that it is not about oneself but at the same time, one is confronted by an enormous possibility of flowing freely and of proposing ways of doing things. It is a great challenge, a great commitment.<\/em><\/p>\n<p><em>A house between boundaries in a transition zone in the city of Asunci\u00f3n, on a typical lot of 12&#215;30 meters.<\/em><\/p>\n<p><em>A construction that uses the traditional and common ways of building, in terms of materials and the ways of using them. Reinforced concrete and brick are used as starting points, adding from there what the future inhabitants desire. Materials are not wrong in themselves, they exist to be used.<\/em><\/p>\n<p><em>This house meant exploring the limits of what is sufficient, understanding that this does not mean that luxury is not valid, but rather that luxury is possible thanks to efficient management of available resources.<\/em><\/p>\n<div style=\"font-size: 0px; height: 0px; line-height: 0px; margin: 0; padding: 0; clear: both;\"><\/div><div style=\"margin-top: 0px; margin-bottom: 0px;\" class=\"sharethis-inline-share-buttons\" ><\/div>","protected":false},"excerpt":{"rendered":"<p>Una construcci\u00f3n que se vale de las formas tradicionales y comunes del hacer&#8230;<\/p>\n","protected":false},"author":1,"featured_media":69506,"comment_status":"closed","ping_status":"closed","sticky":false,"template":"","format":"standard","meta":{"_uag_custom_page_level_css":"","footnotes":""},"categories":[1,83],"tags":[1803,7373,7375,7377,7378,2869,7376,7372,2871,7374,93,254],"class_list":["post-69505","post","type-post","status-publish","format-standard","has-post-thumbnail","hentry","category-proyecto","category-vivienda-unifamiliar","tag-asuncion","tag-camila-fernandez","tag-carlos-gimenez","tag-emmerick-braun-enciso","tag-gabriela-benegas","tag-grupo-culata-jovai","tag-hassan-yaryes","tag-mariangeles-gonzalez","tag-miguel-angel-gonzalez-merlo","tag-miky-gonzalez-merlo","tag-paraguay","tag-vivienda-unifamiliar-2","generate-columns","tablet-grid-50","mobile-grid-100","grid-parent","grid-50"],"yoast_head":"<!-- This site is optimized with the Yoast SEO plugin v27.3 - https:\/\/yoast.com\/product\/yoast-seo-wordpress\/ -->\n<title>Vivienda GT \/ Grupo Culata Jov\u00e1i - Arquimaster<\/title>\n<meta name=\"description\" content=\"Una construcci\u00f3n que se vale de las formas tradicionales y comunes del hacer, en cuanto a materiales y las formas de utilizarlos.\" \/>\n<meta name=\"robots\" content=\"index, follow, max-snippet:-1, max-image-preview:large, max-video-preview:-1\" \/>\n<link rel=\"canonical\" href=\"https:\/\/www.arquimaster.com.ar\/web\/vivienda-gt-grupo-culata-jovai\/\" \/>\n<meta property=\"og:locale\" content=\"es_ES\" \/>\n<meta property=\"og:type\" content=\"article\" \/>\n<meta property=\"og:title\" content=\"Vivienda GT \/ Grupo Culata Jov\u00e1i\" \/>\n<meta property=\"og:description\" content=\"Una construcci\u00f3n que se vale de las formas tradicionales y comunes del hacer, en cuanto a materiales y las formas de utilizarlos.\" \/>\n<meta property=\"og:url\" content=\"https:\/\/www.arquimaster.com.ar\/web\/vivienda-gt-grupo-culata-jovai\/\" \/>\n<meta property=\"og:site_name\" content=\"Arquimaster\" \/>\n<meta property=\"article:publisher\" content=\"http:\/\/www.facebook.com\/ARQUIMASTER.com.ar\" \/>\n<meta property=\"article:published_time\" content=\"2022-04-08T02:18:25+00:00\" \/>\n<meta property=\"article:modified_time\" content=\"2022-09-22T19:50:40+00:00\" \/>\n<meta property=\"og:image\" content=\"https:\/\/www.arquimaster.com.ar\/web\/wp-content\/uploads\/2022\/04\/vivienda_gt_slide.jpg\" \/>\n\t<meta property=\"og:image:width\" content=\"698\" \/>\n\t<meta property=\"og:image:height\" content=\"364\" \/>\n\t<meta property=\"og:image:type\" content=\"image\/jpeg\" \/>\n<meta name=\"author\" content=\"Arquimaster\" \/>\n<meta name=\"twitter:card\" content=\"summary_large_image\" \/>\n<meta name=\"twitter:title\" content=\"Vivienda GT \/ Grupo Culata Jov\u00e1i\" \/>\n<meta name=\"twitter:description\" content=\"Una construcci\u00f3n que se vale de las formas tradicionales y comunes del hacer, en cuanto a materiales y las formas de utilizarlos.\" \/>\n<meta name=\"twitter:image\" content=\"https:\/\/www.arquimaster.com.ar\/web\/wp-content\/uploads\/2022\/04\/vivienda_gt_slide.jpg\" \/>\n<meta name=\"twitter:creator\" content=\"@arquimaster\" \/>\n<meta name=\"twitter:site\" content=\"@arquimaster\" \/>\n<meta name=\"twitter:label1\" content=\"Escrito por\" \/>\n\t<meta name=\"twitter:data1\" content=\"Arquimaster\" \/>\n\t<meta name=\"twitter:label2\" content=\"Tiempo de lectura\" \/>\n\t<meta name=\"twitter:data2\" content=\"4 minutos\" \/>\n<script type=\"application\/ld+json\" class=\"yoast-schema-graph\">{\"@context\":\"https:\\\/\\\/schema.org\",\"@graph\":[{\"@type\":\"Article\",\"@id\":\"https:\\\/\\\/www.arquimaster.com.ar\\\/web\\\/vivienda-gt-grupo-culata-jovai\\\/#article\",\"isPartOf\":{\"@id\":\"https:\\\/\\\/www.arquimaster.com.ar\\\/web\\\/vivienda-gt-grupo-culata-jovai\\\/\"},\"author\":{\"name\":\"Arquimaster\",\"@id\":\"https:\\\/\\\/www.arquimaster.com.ar\\\/web\\\/#\\\/schema\\\/person\\\/359e9f7c00193fcde068e0dd2ceb0028\"},\"headline\":\"Vivienda GT \\\/ Grupo Culata Jov\u00e1i\",\"datePublished\":\"2022-04-08T02:18:25+00:00\",\"dateModified\":\"2022-09-22T19:50:40+00:00\",\"mainEntityOfPage\":{\"@id\":\"https:\\\/\\\/www.arquimaster.com.ar\\\/web\\\/vivienda-gt-grupo-culata-jovai\\\/\"},\"wordCount\":785,\"publisher\":{\"@id\":\"https:\\\/\\\/www.arquimaster.com.ar\\\/web\\\/#organization\"},\"image\":{\"@id\":\"https:\\\/\\\/www.arquimaster.com.ar\\\/web\\\/vivienda-gt-grupo-culata-jovai\\\/#primaryimage\"},\"thumbnailUrl\":\"https:\\\/\\\/www.arquimaster.com.ar\\\/web\\\/wp-content\\\/uploads\\\/2022\\\/04\\\/vivienda_gt_slide.jpg\",\"keywords\":[\"Asuncion\",\"Camila Fern\u00e1ndez\",\"Carlos Gim\u00e9nez\",\"Emmerick Braun Enciso\",\"Gabriela Benegas\",\"Grupo Culata Jovai\",\"Hassan Yaryes\",\"Mari\u00e1ngeles Gonz\u00e1lez\",\"Miguel Angel Gonz\u00e1lez Merlo\",\"Miky Gonz\u00e1lez Merlo\",\"Paraguay\",\"vivienda unifamiliar\"],\"articleSection\":[\"Proyecto\",\"Vivienda unifamiliar y PH\"],\"inLanguage\":\"es\"},{\"@type\":\"WebPage\",\"@id\":\"https:\\\/\\\/www.arquimaster.com.ar\\\/web\\\/vivienda-gt-grupo-culata-jovai\\\/\",\"url\":\"https:\\\/\\\/www.arquimaster.com.ar\\\/web\\\/vivienda-gt-grupo-culata-jovai\\\/\",\"name\":\"Vivienda GT \\\/ Grupo Culata Jov\u00e1i - Arquimaster\",\"isPartOf\":{\"@id\":\"https:\\\/\\\/www.arquimaster.com.ar\\\/web\\\/#website\"},\"primaryImageOfPage\":{\"@id\":\"https:\\\/\\\/www.arquimaster.com.ar\\\/web\\\/vivienda-gt-grupo-culata-jovai\\\/#primaryimage\"},\"image\":{\"@id\":\"https:\\\/\\\/www.arquimaster.com.ar\\\/web\\\/vivienda-gt-grupo-culata-jovai\\\/#primaryimage\"},\"thumbnailUrl\":\"https:\\\/\\\/www.arquimaster.com.ar\\\/web\\\/wp-content\\\/uploads\\\/2022\\\/04\\\/vivienda_gt_slide.jpg\",\"datePublished\":\"2022-04-08T02:18:25+00:00\",\"dateModified\":\"2022-09-22T19:50:40+00:00\",\"description\":\"Una construcci\u00f3n que se vale de las formas tradicionales y comunes del hacer, en cuanto a materiales y las formas de utilizarlos.\",\"breadcrumb\":{\"@id\":\"https:\\\/\\\/www.arquimaster.com.ar\\\/web\\\/vivienda-gt-grupo-culata-jovai\\\/#breadcrumb\"},\"inLanguage\":\"es\",\"potentialAction\":[{\"@type\":\"ReadAction\",\"target\":[\"https:\\\/\\\/www.arquimaster.com.ar\\\/web\\\/vivienda-gt-grupo-culata-jovai\\\/\"]}]},{\"@type\":\"ImageObject\",\"inLanguage\":\"es\",\"@id\":\"https:\\\/\\\/www.arquimaster.com.ar\\\/web\\\/vivienda-gt-grupo-culata-jovai\\\/#primaryimage\",\"url\":\"https:\\\/\\\/www.arquimaster.com.ar\\\/web\\\/wp-content\\\/uploads\\\/2022\\\/04\\\/vivienda_gt_slide.jpg\",\"contentUrl\":\"https:\\\/\\\/www.arquimaster.com.ar\\\/web\\\/wp-content\\\/uploads\\\/2022\\\/04\\\/vivienda_gt_slide.jpg\",\"width\":698,\"height\":364,\"caption\":\"Vivienda GT \\\/ Grupo Culata Jov\u00e1i\"},{\"@type\":\"BreadcrumbList\",\"@id\":\"https:\\\/\\\/www.arquimaster.com.ar\\\/web\\\/vivienda-gt-grupo-culata-jovai\\\/#breadcrumb\",\"itemListElement\":[{\"@type\":\"ListItem\",\"position\":1,\"name\":\"Portada\",\"item\":\"https:\\\/\\\/www.arquimaster.com.ar\\\/web\\\/\"},{\"@type\":\"ListItem\",\"position\":2,\"name\":\"Vivienda GT \\\/ Grupo Culata Jov\u00e1i\"}]},{\"@type\":\"WebSite\",\"@id\":\"https:\\\/\\\/www.arquimaster.com.ar\\\/web\\\/#website\",\"url\":\"https:\\\/\\\/www.arquimaster.com.ar\\\/web\\\/\",\"name\":\"Arquimaster\",\"description\":\"Web de arquitectura, dise\u00f1o y construccion\",\"publisher\":{\"@id\":\"https:\\\/\\\/www.arquimaster.com.ar\\\/web\\\/#organization\"},\"potentialAction\":[{\"@type\":\"SearchAction\",\"target\":{\"@type\":\"EntryPoint\",\"urlTemplate\":\"https:\\\/\\\/www.arquimaster.com.ar\\\/web\\\/?s={search_term_string}\"},\"query-input\":{\"@type\":\"PropertyValueSpecification\",\"valueRequired\":true,\"valueName\":\"search_term_string\"}}],\"inLanguage\":\"es\"},{\"@type\":\"Organization\",\"@id\":\"https:\\\/\\\/www.arquimaster.com.ar\\\/web\\\/#organization\",\"name\":\"Arquimaster\",\"url\":\"https:\\\/\\\/www.arquimaster.com.ar\\\/web\\\/\",\"logo\":{\"@type\":\"ImageObject\",\"inLanguage\":\"es\",\"@id\":\"https:\\\/\\\/www.arquimaster.com.ar\\\/web\\\/#\\\/schema\\\/logo\\\/image\\\/\",\"url\":\"https:\\\/\\\/www.arquimaster.com.ar\\\/web\\\/wp-content\\\/uploads\\\/2022\\\/06\\\/arquimaster.png\",\"contentUrl\":\"https:\\\/\\\/www.arquimaster.com.ar\\\/web\\\/wp-content\\\/uploads\\\/2022\\\/06\\\/arquimaster.png\",\"width\":594,\"height\":78,\"caption\":\"Arquimaster\"},\"image\":{\"@id\":\"https:\\\/\\\/www.arquimaster.com.ar\\\/web\\\/#\\\/schema\\\/logo\\\/image\\\/\"},\"sameAs\":[\"http:\\\/\\\/www.facebook.com\\\/ARQUIMASTER.com.ar\",\"https:\\\/\\\/x.com\\\/arquimaster\",\"https:\\\/\\\/www.instagram.com\\\/arquimasterblog\\\/\",\"https:\\\/\\\/www.linkedin.com\\\/company\\\/arquimaster\",\"https:\\\/\\\/www.pinterest.com\\\/arquimaster\",\"https:\\\/\\\/t.me\\\/arquimaster\"]},{\"@type\":\"Person\",\"@id\":\"https:\\\/\\\/www.arquimaster.com.ar\\\/web\\\/#\\\/schema\\\/person\\\/359e9f7c00193fcde068e0dd2ceb0028\",\"name\":\"Arquimaster\"}]}<\/script>\n<!-- \/ Yoast SEO plugin. -->","yoast_head_json":{"title":"Vivienda GT \/ Grupo Culata Jov\u00e1i - Arquimaster","description":"Una construcci\u00f3n que se vale de las formas tradicionales y comunes del hacer, en cuanto a materiales y las formas de utilizarlos.","robots":{"index":"index","follow":"follow","max-snippet":"max-snippet:-1","max-image-preview":"max-image-preview:large","max-video-preview":"max-video-preview:-1"},"canonical":"https:\/\/www.arquimaster.com.ar\/web\/vivienda-gt-grupo-culata-jovai\/","og_locale":"es_ES","og_type":"article","og_title":"Vivienda GT \/ Grupo Culata Jov\u00e1i","og_description":"Una construcci\u00f3n que se vale de las formas tradicionales y comunes del hacer, en cuanto a materiales y las formas de utilizarlos.","og_url":"https:\/\/www.arquimaster.com.ar\/web\/vivienda-gt-grupo-culata-jovai\/","og_site_name":"Arquimaster","article_publisher":"http:\/\/www.facebook.com\/ARQUIMASTER.com.ar","article_published_time":"2022-04-08T02:18:25+00:00","article_modified_time":"2022-09-22T19:50:40+00:00","og_image":[{"width":698,"height":364,"url":"https:\/\/www.arquimaster.com.ar\/web\/wp-content\/uploads\/2022\/04\/vivienda_gt_slide.jpg","type":"image\/jpeg"}],"author":"Arquimaster","twitter_card":"summary_large_image","twitter_title":"Vivienda GT \/ Grupo Culata Jov\u00e1i","twitter_description":"Una construcci\u00f3n que se vale de las formas tradicionales y comunes del hacer, en cuanto a materiales y las formas de utilizarlos.","twitter_image":"https:\/\/www.arquimaster.com.ar\/web\/wp-content\/uploads\/2022\/04\/vivienda_gt_slide.jpg","twitter_creator":"@arquimaster","twitter_site":"@arquimaster","twitter_misc":{"Escrito por":"Arquimaster","Tiempo de lectura":"4 minutos"},"schema":{"@context":"https:\/\/schema.org","@graph":[{"@type":"Article","@id":"https:\/\/www.arquimaster.com.ar\/web\/vivienda-gt-grupo-culata-jovai\/#article","isPartOf":{"@id":"https:\/\/www.arquimaster.com.ar\/web\/vivienda-gt-grupo-culata-jovai\/"},"author":{"name":"Arquimaster","@id":"https:\/\/www.arquimaster.com.ar\/web\/#\/schema\/person\/359e9f7c00193fcde068e0dd2ceb0028"},"headline":"Vivienda GT \/ Grupo Culata Jov\u00e1i","datePublished":"2022-04-08T02:18:25+00:00","dateModified":"2022-09-22T19:50:40+00:00","mainEntityOfPage":{"@id":"https:\/\/www.arquimaster.com.ar\/web\/vivienda-gt-grupo-culata-jovai\/"},"wordCount":785,"publisher":{"@id":"https:\/\/www.arquimaster.com.ar\/web\/#organization"},"image":{"@id":"https:\/\/www.arquimaster.com.ar\/web\/vivienda-gt-grupo-culata-jovai\/#primaryimage"},"thumbnailUrl":"https:\/\/www.arquimaster.com.ar\/web\/wp-content\/uploads\/2022\/04\/vivienda_gt_slide.jpg","keywords":["Asuncion","Camila Fern\u00e1ndez","Carlos Gim\u00e9nez","Emmerick Braun Enciso","Gabriela Benegas","Grupo Culata Jovai","Hassan Yaryes","Mari\u00e1ngeles Gonz\u00e1lez","Miguel Angel Gonz\u00e1lez Merlo","Miky Gonz\u00e1lez Merlo","Paraguay","vivienda unifamiliar"],"articleSection":["Proyecto","Vivienda unifamiliar y PH"],"inLanguage":"es"},{"@type":"WebPage","@id":"https:\/\/www.arquimaster.com.ar\/web\/vivienda-gt-grupo-culata-jovai\/","url":"https:\/\/www.arquimaster.com.ar\/web\/vivienda-gt-grupo-culata-jovai\/","name":"Vivienda GT \/ Grupo Culata Jov\u00e1i - Arquimaster","isPartOf":{"@id":"https:\/\/www.arquimaster.com.ar\/web\/#website"},"primaryImageOfPage":{"@id":"https:\/\/www.arquimaster.com.ar\/web\/vivienda-gt-grupo-culata-jovai\/#primaryimage"},"image":{"@id":"https:\/\/www.arquimaster.com.ar\/web\/vivienda-gt-grupo-culata-jovai\/#primaryimage"},"thumbnailUrl":"https:\/\/www.arquimaster.com.ar\/web\/wp-content\/uploads\/2022\/04\/vivienda_gt_slide.jpg","datePublished":"2022-04-08T02:18:25+00:00","dateModified":"2022-09-22T19:50:40+00:00","description":"Una construcci\u00f3n que se vale de las formas tradicionales y comunes del hacer, en cuanto a materiales y las formas de utilizarlos.","breadcrumb":{"@id":"https:\/\/www.arquimaster.com.ar\/web\/vivienda-gt-grupo-culata-jovai\/#breadcrumb"},"inLanguage":"es","potentialAction":[{"@type":"ReadAction","target":["https:\/\/www.arquimaster.com.ar\/web\/vivienda-gt-grupo-culata-jovai\/"]}]},{"@type":"ImageObject","inLanguage":"es","@id":"https:\/\/www.arquimaster.com.ar\/web\/vivienda-gt-grupo-culata-jovai\/#primaryimage","url":"https:\/\/www.arquimaster.com.ar\/web\/wp-content\/uploads\/2022\/04\/vivienda_gt_slide.jpg","contentUrl":"https:\/\/www.arquimaster.com.ar\/web\/wp-content\/uploads\/2022\/04\/vivienda_gt_slide.jpg","width":698,"height":364,"caption":"Vivienda GT \/ Grupo Culata Jov\u00e1i"},{"@type":"BreadcrumbList","@id":"https:\/\/www.arquimaster.com.ar\/web\/vivienda-gt-grupo-culata-jovai\/#breadcrumb","itemListElement":[{"@type":"ListItem","position":1,"name":"Portada","item":"https:\/\/www.arquimaster.com.ar\/web\/"},{"@type":"ListItem","position":2,"name":"Vivienda GT \/ Grupo Culata Jov\u00e1i"}]},{"@type":"WebSite","@id":"https:\/\/www.arquimaster.com.ar\/web\/#website","url":"https:\/\/www.arquimaster.com.ar\/web\/","name":"Arquimaster","description":"Web de arquitectura, dise\u00f1o y construccion","publisher":{"@id":"https:\/\/www.arquimaster.com.ar\/web\/#organization"},"potentialAction":[{"@type":"SearchAction","target":{"@type":"EntryPoint","urlTemplate":"https:\/\/www.arquimaster.com.ar\/web\/?s={search_term_string}"},"query-input":{"@type":"PropertyValueSpecification","valueRequired":true,"valueName":"search_term_string"}}],"inLanguage":"es"},{"@type":"Organization","@id":"https:\/\/www.arquimaster.com.ar\/web\/#organization","name":"Arquimaster","url":"https:\/\/www.arquimaster.com.ar\/web\/","logo":{"@type":"ImageObject","inLanguage":"es","@id":"https:\/\/www.arquimaster.com.ar\/web\/#\/schema\/logo\/image\/","url":"https:\/\/www.arquimaster.com.ar\/web\/wp-content\/uploads\/2022\/06\/arquimaster.png","contentUrl":"https:\/\/www.arquimaster.com.ar\/web\/wp-content\/uploads\/2022\/06\/arquimaster.png","width":594,"height":78,"caption":"Arquimaster"},"image":{"@id":"https:\/\/www.arquimaster.com.ar\/web\/#\/schema\/logo\/image\/"},"sameAs":["http:\/\/www.facebook.com\/ARQUIMASTER.com.ar","https:\/\/x.com\/arquimaster","https:\/\/www.instagram.com\/arquimasterblog\/","https:\/\/www.linkedin.com\/company\/arquimaster","https:\/\/www.pinterest.com\/arquimaster","https:\/\/t.me\/arquimaster"]},{"@type":"Person","@id":"https:\/\/www.arquimaster.com.ar\/web\/#\/schema\/person\/359e9f7c00193fcde068e0dd2ceb0028","name":"Arquimaster"}]}},"uagb_featured_image_src":{"full":["https:\/\/www.arquimaster.com.ar\/web\/wp-content\/uploads\/2022\/04\/vivienda_gt_slide.jpg",698,364,false],"thumbnail":["https:\/\/www.arquimaster.com.ar\/web\/wp-content\/uploads\/2022\/04\/vivienda_gt_slide-150x150.jpg",150,150,true],"medium":["https:\/\/www.arquimaster.com.ar\/web\/wp-content\/uploads\/2022\/04\/vivienda_gt_slide.jpg",698,364,false],"medium_large":["https:\/\/www.arquimaster.com.ar\/web\/wp-content\/uploads\/2022\/04\/vivienda_gt_slide.jpg",698,364,false],"large":["https:\/\/www.arquimaster.com.ar\/web\/wp-content\/uploads\/2022\/04\/vivienda_gt_slide.jpg",698,364,false],"1536x1536":["https:\/\/www.arquimaster.com.ar\/web\/wp-content\/uploads\/2022\/04\/vivienda_gt_slide.jpg",698,364,false],"2048x2048":["https:\/\/www.arquimaster.com.ar\/web\/wp-content\/uploads\/2022\/04\/vivienda_gt_slide.jpg",698,364,false]},"uagb_author_info":{"display_name":"Arquimaster","author_link":"https:\/\/www.arquimaster.com.ar\/web\/author\/arquimaster\/"},"uagb_comment_info":0,"uagb_excerpt":"Una construcci\u00f3n que se vale de las formas tradicionales y comunes del hacer...","_links":{"self":[{"href":"https:\/\/www.arquimaster.com.ar\/web\/wp-json\/wp\/v2\/posts\/69505","targetHints":{"allow":["GET"]}}],"collection":[{"href":"https:\/\/www.arquimaster.com.ar\/web\/wp-json\/wp\/v2\/posts"}],"about":[{"href":"https:\/\/www.arquimaster.com.ar\/web\/wp-json\/wp\/v2\/types\/post"}],"author":[{"embeddable":true,"href":"https:\/\/www.arquimaster.com.ar\/web\/wp-json\/wp\/v2\/users\/1"}],"replies":[{"embeddable":true,"href":"https:\/\/www.arquimaster.com.ar\/web\/wp-json\/wp\/v2\/comments?post=69505"}],"version-history":[{"count":1,"href":"https:\/\/www.arquimaster.com.ar\/web\/wp-json\/wp\/v2\/posts\/69505\/revisions"}],"predecessor-version":[{"id":69548,"href":"https:\/\/www.arquimaster.com.ar\/web\/wp-json\/wp\/v2\/posts\/69505\/revisions\/69548"}],"wp:featuredmedia":[{"embeddable":true,"href":"https:\/\/www.arquimaster.com.ar\/web\/wp-json\/wp\/v2\/media\/69506"}],"wp:attachment":[{"href":"https:\/\/www.arquimaster.com.ar\/web\/wp-json\/wp\/v2\/media?parent=69505"}],"wp:term":[{"taxonomy":"category","embeddable":true,"href":"https:\/\/www.arquimaster.com.ar\/web\/wp-json\/wp\/v2\/categories?post=69505"},{"taxonomy":"post_tag","embeddable":true,"href":"https:\/\/www.arquimaster.com.ar\/web\/wp-json\/wp\/v2\/tags?post=69505"}],"curies":[{"name":"wp","href":"https:\/\/api.w.org\/{rel}","templated":true}]}}