{"id":6964,"date":"2014-05-11T22:04:30","date_gmt":"2014-05-11T22:04:30","guid":{"rendered":"http:\/\/www.arquimaster.com.ar\/web\/?p=6964"},"modified":"2026-03-28T19:42:13","modified_gmt":"2026-03-28T22:42:13","slug":"participacion-de-paraguay-en-la-14o-muestra-internacional-de-arquitectura-la-biennale-di-venezia","status":"publish","type":"post","link":"https:\/\/www.arquimaster.com.ar\/web\/participacion-de-paraguay-en-la-14o-muestra-internacional-de-arquitectura-la-biennale-di-venezia\/","title":{"rendered":"Participacion de Paraguay en la 14\u00ba Muestra Internacional de Arquitectura La Biennale di Venezia"},"content":{"rendered":"<div style=\"margin-top: 0px; margin-bottom: 0px;\" class=\"sharethis-inline-share-buttons\" ><\/div><div class=\"b812932af2e751442846f039925109de\" data-index=\"1\" style=\"float: none; margin:25px 0 25px 0; text-align:center;\">\n<script async src=\"https:\/\/pagead2.googlesyndication.com\/pagead\/js\/adsbygoogle.js\"><\/script>\r\n<!-- Arquimaster (superior) -->\r\n<ins class=\"adsbygoogle\"\r\n     style=\"display:block\"\r\n     data-ad-client=\"ca-pub-6351072698456832\"\r\n     data-ad-slot=\"6455489680\"\r\n     data-ad-format=\"auto\"\r\n     data-full-width-responsive=\"true\"><\/ins>\r\n<script>\r\n     (adsbygoogle = window.adsbygoogle || []).push({});\r\n<\/script>\n<\/div>\n<p><strong>Paraguay<\/strong> estara participando por primera vez en la 14\u00ba Muestra Internacional de Arquitectura en el marco de la <strong>Biennale di Venezia 2014<\/strong>.<\/p>\n<p>El proyecto <strong>Aqua Alta<\/strong> para el pabell\u00f3n de Paraguay tiene como idea conceptual el <strong>agua<\/strong> como elemento de identidad, asociando el significado y recursos de Paraguay e Italia. Se plantea como una experiencia de tecnolog\u00eda alternativa con un presupuesto reducido que busca el m\u00e1ximo resultado a nivel original-est\u00e9tico.<\/p>\n<p>La construcci\u00f3n del pabell\u00f3n a escala real se realizo bajo la direcci\u00f3n de <strong>Javier Corvalan<\/strong> + <strong>Colectivo Aqua Alta<\/strong> (Lukas Fuster, Francisco Tomboly, Sonia Carisimo, Sebastian Blanco, Nicolas Berger, Carlos Irigoitia, Fernando Szmuc, Laura Ferres, Katja Kostrencic, Oliviero Comincini, Joaquin Corvalan, Marco Ballarin, Simone Cadamuro, Andrea Castellani, Nicola Bedin, Jesus Pereira).<\/p>\n<div id='gallery-1' class='gallery galleryid-6964 gallery-columns-3 gallery-size-thumbnail'><figure class='gallery-item'>\n\t\t\t<div class='gallery-icon portrait'>\n\t\t\t\t<a href='https:\/\/www.arquimaster.com.ar\/web\/wp-content\/uploads\/2014\/05\/aqua_alta_paraguay1.jpg' title=\"Participacion de Paraguay en la 14\u00ba Muestra Internacional de Arquitectura La Biennale di Venezia\" data-rl_title=\"Participacion de Paraguay en la 14\u00ba Muestra Internacional de Arquitectura La Biennale di Venezia\" class=\"rl-gallery-link\" data-rl_caption=\"Participacion de Paraguay en la 14\u00ba Muestra Internacional de Arquitectura La Biennale di Venezia\" data-rel=\"lightbox-gallery-1\"><img loading=\"lazy\" decoding=\"async\" width=\"150\" height=\"150\" src=\"https:\/\/www.arquimaster.com.ar\/web\/wp-content\/uploads\/2014\/05\/aqua_alta_paraguay1-150x150.jpg\" class=\"attachment-thumbnail size-thumbnail\" alt=\"\" aria-describedby=\"gallery-1-6966\" srcset=\"https:\/\/www.arquimaster.com.ar\/web\/wp-content\/uploads\/2014\/05\/aqua_alta_paraguay1-150x150.jpg 150w, https:\/\/www.arquimaster.com.ar\/web\/wp-content\/uploads\/2014\/05\/aqua_alta_paraguay1-50x50.jpg 50w, https:\/\/www.arquimaster.com.ar\/web\/wp-content\/uploads\/2014\/05\/aqua_alta_paraguay1-125x125.jpg 125w\" sizes=\"auto, (max-width: 150px) 100vw, 150px\" \/><\/a>\n\t\t\t<\/div>\n\t\t\t\t<figcaption class='wp-caption-text gallery-caption' id='gallery-1-6966'>\n\t\t\t\tParticipacion de Paraguay en la 14\u00ba Muestra Internacional de Arquitectura La Biennale di Venezia\n\t\t\t\t<\/figcaption><\/figure><figure class='gallery-item'>\n\t\t\t<div class='gallery-icon landscape'>\n\t\t\t\t<a href='https:\/\/www.arquimaster.com.ar\/web\/wp-content\/uploads\/2014\/05\/aqua_alta_paraguay2.jpg' title=\"Participacion de Paraguay en la 14\u00ba Muestra Internacional de Arquitectura La Biennale di Venezia\" data-rl_title=\"Participacion de Paraguay en la 14\u00ba Muestra Internacional de Arquitectura La Biennale di Venezia\" class=\"rl-gallery-link\" data-rl_caption=\"Participacion de Paraguay en la 14\u00ba Muestra Internacional de Arquitectura La Biennale di Venezia\" data-rel=\"lightbox-gallery-1\"><img loading=\"lazy\" decoding=\"async\" width=\"150\" height=\"150\" src=\"https:\/\/www.arquimaster.com.ar\/web\/wp-content\/uploads\/2014\/05\/aqua_alta_paraguay2-150x150.jpg\" class=\"attachment-thumbnail size-thumbnail\" alt=\"\" aria-describedby=\"gallery-1-6967\" srcset=\"https:\/\/www.arquimaster.com.ar\/web\/wp-content\/uploads\/2014\/05\/aqua_alta_paraguay2-150x150.jpg 150w, https:\/\/www.arquimaster.com.ar\/web\/wp-content\/uploads\/2014\/05\/aqua_alta_paraguay2-50x50.jpg 50w, https:\/\/www.arquimaster.com.ar\/web\/wp-content\/uploads\/2014\/05\/aqua_alta_paraguay2-125x125.jpg 125w\" sizes=\"auto, (max-width: 150px) 100vw, 150px\" \/><\/a>\n\t\t\t<\/div>\n\t\t\t\t<figcaption class='wp-caption-text gallery-caption' id='gallery-1-6967'>\n\t\t\t\tParticipacion de Paraguay en la 14\u00ba Muestra Internacional de Arquitectura La Biennale di Venezia\n\t\t\t\t<\/figcaption><\/figure><figure class='gallery-item'>\n\t\t\t<div class='gallery-icon landscape'>\n\t\t\t\t<a href='https:\/\/www.arquimaster.com.ar\/web\/wp-content\/uploads\/2014\/05\/aqua_alta_paraguay3.jpg' title=\"Participacion de Paraguay en la 14\u00ba Muestra Internacional de Arquitectura La Biennale di Venezia\" data-rl_title=\"Participacion de Paraguay en la 14\u00ba Muestra Internacional de Arquitectura La Biennale di Venezia\" class=\"rl-gallery-link\" data-rl_caption=\"Participacion de Paraguay en la 14\u00ba Muestra Internacional de Arquitectura La Biennale di Venezia\" data-rel=\"lightbox-gallery-1\"><img loading=\"lazy\" decoding=\"async\" width=\"150\" height=\"150\" src=\"https:\/\/www.arquimaster.com.ar\/web\/wp-content\/uploads\/2014\/05\/aqua_alta_paraguay3-150x150.jpg\" class=\"attachment-thumbnail size-thumbnail\" alt=\"\" aria-describedby=\"gallery-1-6968\" srcset=\"https:\/\/www.arquimaster.com.ar\/web\/wp-content\/uploads\/2014\/05\/aqua_alta_paraguay3-150x150.jpg 150w, https:\/\/www.arquimaster.com.ar\/web\/wp-content\/uploads\/2014\/05\/aqua_alta_paraguay3-50x50.jpg 50w, https:\/\/www.arquimaster.com.ar\/web\/wp-content\/uploads\/2014\/05\/aqua_alta_paraguay3-125x125.jpg 125w\" sizes=\"auto, (max-width: 150px) 100vw, 150px\" \/><\/a>\n\t\t\t<\/div>\n\t\t\t\t<figcaption class='wp-caption-text gallery-caption' id='gallery-1-6968'>\n\t\t\t\tParticipacion de Paraguay en la 14\u00ba Muestra Internacional de Arquitectura La Biennale di Venezia\n\t\t\t\t<\/figcaption><\/figure><figure class='gallery-item'>\n\t\t\t<div class='gallery-icon landscape'>\n\t\t\t\t<a href='https:\/\/www.arquimaster.com.ar\/web\/wp-content\/uploads\/2014\/05\/aqua_alta_paraguay4.jpg' title=\"Participacion de Paraguay en la 14\u00ba Muestra Internacional de Arquitectura La Biennale di Venezia\" data-rl_title=\"Participacion de Paraguay en la 14\u00ba Muestra Internacional de Arquitectura La Biennale di Venezia\" class=\"rl-gallery-link\" data-rl_caption=\"Participacion de Paraguay en la 14\u00ba Muestra Internacional de Arquitectura La Biennale di Venezia\" data-rel=\"lightbox-gallery-1\"><img loading=\"lazy\" decoding=\"async\" width=\"150\" height=\"150\" src=\"https:\/\/www.arquimaster.com.ar\/web\/wp-content\/uploads\/2014\/05\/aqua_alta_paraguay4-150x150.jpg\" class=\"attachment-thumbnail size-thumbnail\" alt=\"\" aria-describedby=\"gallery-1-6969\" srcset=\"https:\/\/www.arquimaster.com.ar\/web\/wp-content\/uploads\/2014\/05\/aqua_alta_paraguay4-150x150.jpg 150w, https:\/\/www.arquimaster.com.ar\/web\/wp-content\/uploads\/2014\/05\/aqua_alta_paraguay4-50x50.jpg 50w, https:\/\/www.arquimaster.com.ar\/web\/wp-content\/uploads\/2014\/05\/aqua_alta_paraguay4-125x125.jpg 125w\" sizes=\"auto, (max-width: 150px) 100vw, 150px\" \/><\/a>\n\t\t\t<\/div>\n\t\t\t\t<figcaption class='wp-caption-text gallery-caption' id='gallery-1-6969'>\n\t\t\t\tParticipacion de Paraguay en la 14\u00ba Muestra Internacional de Arquitectura La Biennale di Venezia\n\t\t\t\t<\/figcaption><\/figure><figure class='gallery-item'>\n\t\t\t<div class='gallery-icon landscape'>\n\t\t\t\t<a href='https:\/\/www.arquimaster.com.ar\/web\/wp-content\/uploads\/2014\/05\/aqua_alta_paraguay5.jpg' title=\"Participacion de Paraguay en la 14\u00ba Muestra Internacional de Arquitectura La Biennale di Venezia\" data-rl_title=\"Participacion de Paraguay en la 14\u00ba Muestra Internacional de Arquitectura La Biennale di Venezia\" class=\"rl-gallery-link\" data-rl_caption=\"Participacion de Paraguay en la 14\u00ba Muestra Internacional de Arquitectura La Biennale di Venezia\" data-rel=\"lightbox-gallery-1\"><img loading=\"lazy\" decoding=\"async\" width=\"150\" height=\"150\" src=\"https:\/\/www.arquimaster.com.ar\/web\/wp-content\/uploads\/2014\/05\/aqua_alta_paraguay5-150x150.jpg\" class=\"attachment-thumbnail size-thumbnail\" alt=\"\" aria-describedby=\"gallery-1-6970\" srcset=\"https:\/\/www.arquimaster.com.ar\/web\/wp-content\/uploads\/2014\/05\/aqua_alta_paraguay5-150x150.jpg 150w, https:\/\/www.arquimaster.com.ar\/web\/wp-content\/uploads\/2014\/05\/aqua_alta_paraguay5-50x50.jpg 50w, https:\/\/www.arquimaster.com.ar\/web\/wp-content\/uploads\/2014\/05\/aqua_alta_paraguay5-125x125.jpg 125w\" sizes=\"auto, (max-width: 150px) 100vw, 150px\" \/><\/a>\n\t\t\t<\/div>\n\t\t\t\t<figcaption class='wp-caption-text gallery-caption' id='gallery-1-6970'>\n\t\t\t\tParticipacion de Paraguay en la 14\u00ba Muestra Internacional de Arquitectura La Biennale di Venezia\n\t\t\t\t<\/figcaption><\/figure><figure class='gallery-item'>\n\t\t\t<div class='gallery-icon landscape'>\n\t\t\t\t<a href='https:\/\/www.arquimaster.com.ar\/web\/wp-content\/uploads\/2014\/05\/aqua_alta_paraguay6.jpg' title=\"Participacion de Paraguay en la 14\u00ba Muestra Internacional de Arquitectura La Biennale di Venezia\" data-rl_title=\"Participacion de Paraguay en la 14\u00ba Muestra Internacional de Arquitectura La Biennale di Venezia\" class=\"rl-gallery-link\" data-rl_caption=\"Participacion de Paraguay en la 14\u00ba Muestra Internacional de Arquitectura La Biennale di Venezia\" data-rel=\"lightbox-gallery-1\"><img loading=\"lazy\" decoding=\"async\" width=\"150\" height=\"150\" src=\"https:\/\/www.arquimaster.com.ar\/web\/wp-content\/uploads\/2014\/05\/aqua_alta_paraguay6-150x150.jpg\" class=\"attachment-thumbnail size-thumbnail\" alt=\"\" aria-describedby=\"gallery-1-6971\" srcset=\"https:\/\/www.arquimaster.com.ar\/web\/wp-content\/uploads\/2014\/05\/aqua_alta_paraguay6-150x150.jpg 150w, https:\/\/www.arquimaster.com.ar\/web\/wp-content\/uploads\/2014\/05\/aqua_alta_paraguay6-50x50.jpg 50w, https:\/\/www.arquimaster.com.ar\/web\/wp-content\/uploads\/2014\/05\/aqua_alta_paraguay6-125x125.jpg 125w\" sizes=\"auto, (max-width: 150px) 100vw, 150px\" \/><\/a>\n\t\t\t<\/div>\n\t\t\t\t<figcaption class='wp-caption-text gallery-caption' id='gallery-1-6971'>\n\t\t\t\tParticipacion de Paraguay en la 14\u00ba Muestra Internacional de Arquitectura La Biennale di Venezia\n\t\t\t\t<\/figcaption><\/figure><figure class='gallery-item'>\n\t\t\t<div class='gallery-icon landscape'>\n\t\t\t\t<a href='https:\/\/www.arquimaster.com.ar\/web\/wp-content\/uploads\/2014\/05\/aqua_alta_paraguay7.jpg' title=\"Participacion de Paraguay en la 14\u00ba Muestra Internacional de Arquitectura La Biennale di Venezia\" data-rl_title=\"Participacion de Paraguay en la 14\u00ba Muestra Internacional de Arquitectura La Biennale di Venezia\" class=\"rl-gallery-link\" data-rl_caption=\"Participacion de Paraguay en la 14\u00ba Muestra Internacional de Arquitectura La Biennale di Venezia\" data-rel=\"lightbox-gallery-1\"><img loading=\"lazy\" decoding=\"async\" width=\"150\" height=\"150\" src=\"https:\/\/www.arquimaster.com.ar\/web\/wp-content\/uploads\/2014\/05\/aqua_alta_paraguay7-150x150.jpg\" class=\"attachment-thumbnail size-thumbnail\" alt=\"\" aria-describedby=\"gallery-1-6972\" srcset=\"https:\/\/www.arquimaster.com.ar\/web\/wp-content\/uploads\/2014\/05\/aqua_alta_paraguay7-150x150.jpg 150w, https:\/\/www.arquimaster.com.ar\/web\/wp-content\/uploads\/2014\/05\/aqua_alta_paraguay7-50x50.jpg 50w, https:\/\/www.arquimaster.com.ar\/web\/wp-content\/uploads\/2014\/05\/aqua_alta_paraguay7-125x125.jpg 125w\" sizes=\"auto, (max-width: 150px) 100vw, 150px\" \/><\/a>\n\t\t\t<\/div>\n\t\t\t\t<figcaption class='wp-caption-text gallery-caption' id='gallery-1-6972'>\n\t\t\t\tParticipacion de Paraguay en la 14\u00ba Muestra Internacional de Arquitectura La Biennale di Venezia\n\t\t\t\t<\/figcaption><\/figure><figure class='gallery-item'>\n\t\t\t<div class='gallery-icon landscape'>\n\t\t\t\t<a href='https:\/\/www.arquimaster.com.ar\/web\/wp-content\/uploads\/2014\/05\/aqua_alta_paraguay8.jpg' title=\"Participacion de Paraguay en la 14\u00ba Muestra Internacional de Arquitectura La Biennale di Venezia\" data-rl_title=\"Participacion de Paraguay en la 14\u00ba Muestra Internacional de Arquitectura La Biennale di Venezia\" class=\"rl-gallery-link\" data-rl_caption=\"Participacion de Paraguay en la 14\u00ba Muestra Internacional de Arquitectura La Biennale di Venezia\" data-rel=\"lightbox-gallery-1\"><img loading=\"lazy\" decoding=\"async\" width=\"150\" height=\"150\" src=\"https:\/\/www.arquimaster.com.ar\/web\/wp-content\/uploads\/2014\/05\/aqua_alta_paraguay8-150x150.jpg\" class=\"attachment-thumbnail size-thumbnail\" alt=\"\" aria-describedby=\"gallery-1-6973\" srcset=\"https:\/\/www.arquimaster.com.ar\/web\/wp-content\/uploads\/2014\/05\/aqua_alta_paraguay8-150x150.jpg 150w, https:\/\/www.arquimaster.com.ar\/web\/wp-content\/uploads\/2014\/05\/aqua_alta_paraguay8-50x50.jpg 50w, https:\/\/www.arquimaster.com.ar\/web\/wp-content\/uploads\/2014\/05\/aqua_alta_paraguay8-125x125.jpg 125w\" sizes=\"auto, (max-width: 150px) 100vw, 150px\" \/><\/a>\n\t\t\t<\/div>\n\t\t\t\t<figcaption class='wp-caption-text gallery-caption' id='gallery-1-6973'>\n\t\t\t\tParticipacion de Paraguay en la 14\u00ba Muestra Internacional de Arquitectura La Biennale di Venezia\n\t\t\t\t<\/figcaption><\/figure>\n\t\t<\/div>\n\n<p><strong>El Pabellon Aqua Alta<\/strong><br \/>\nTexto por Sergio Ruggeri (Curador)<\/p>\n<p>Partiendo de la cuesti\u00f3n conceptual que el tema de la Biennale de Arquitectura 2014 plantea sobre la Modernidad, el proyecto para el Pabell\u00f3n paraguayo propone una reflexi\u00f3n sobre la naturaleza misma de la modernidad en un contexto geogr\u00e1fico, social y econ\u00f3mico como el del Paraguay.<\/p>\n<p>Las profundas transformaciones en curso de la sociedad se deben principalmente al notorio desarrollo econ\u00f3mico y cultura, han permitido que la arquitectura se incorpore a esta construcci\u00f3n. A trav\u00e9s del ejercicio de la profesi\u00f3n arquitect\u00f3nica y la b\u00fasqueda acad\u00e9mica, se ha iniciado a difundir un pensamiento com\u00fan, una visi\u00f3n propia del objeto y de los medios a disposici\u00f3n, consciencia y un sentido de pertenencia.<\/p>\n<p>La modernidad es una tensi\u00f3n de superaci\u00f3n, una voluntad de cambio. En una sociedad donde los residuos son un problema y en particularmente en un contexto donde los medios son escasos, la arquitectura debe apuntar a obtener el mayor resultado con lo m\u00ednimo posible.<\/p>\n<p>Mediante una investigaci\u00f3n tecnol\u00f3gica, espacial y est\u00e9tica se logra una s\u00edntesis entre estructura, forma y funci\u00f3n, y como consecuencia una fuerte relaci\u00f3n con la materia, con la mano de obra, con los m\u00e9todos de construcci\u00f3n tradicionales y su l\u00f3gica, que apunta a cultivar esta condici\u00f3n de la Modernidad.<\/p>\n<p>El proyecto \u00abAqua Alta\u00bb realizado por un colectivo que transmite una experiencia participativa que ha desarrollado una idea conceptual y estructura donde el agua es el elemento de identidad (\u00abParaguay\u00bb en la lengua guaran\u00ed significa \u00abagua que va al mar\u00bb) adem\u00e1s es el elemento que hace de estructura transmitiendo su propio peso.<\/p>\n<p>La l\u00f3gica constructiva y estructural de manera rec\u00edproca hacen posible la forma. El modo en el cual los pesos se distribuyen y se transmiten las cargas al suelo, y las leyes del equilibrio se convierten en los fundamentos del proceso de dise\u00f1o. La construcci\u00f3n es el proyecto en s\u00ed.<\/p>\n<p><strong>T\u00edtulo:<\/strong> Aqua Alta (Acqua Alta\/Agua Alta\/Yapenu)<br \/>\n<strong>Proyecto del Pabell\u00f3n:<\/strong> Javier Corvalan + Colectivo Aqua Alta (Miembros del colectivo: Lukas Fuster, Francisco Tomboly, Sonia Carisimo, Sebastian Blanco, Nicolas Berger, Carlos Irigoitia, Fernando Szmuc, Laura Ferres, Katja Kostrencic, Oliviero Comincini, Joaquin Corvalan, Marco Ballarin, Simone Cadamuro, Andrea Castellani, Nicola Bedin, Jesus Pereira)<\/p>\n<p><strong>Sede:<\/strong> Liceo Artistico Statale Michelangelo Guggenheim, Dorsoduro 2613<br \/>\n<strong>Comisario:<\/strong> Giacomo Favilli<br \/>\n<strong>Comisario Adjunto:<\/strong> Maria Gloria Gutierrez<br \/>\n<strong>Curador:<\/strong> Sergio Ruggeri, Javier Rodriguez Alcala<br \/>\n<strong>Curador Adjunto:<\/strong> CC.SNC.PR<\/p>\n<p><iframe loading=\"lazy\" src=\"\/\/player.vimeo.com\/video\/89432765?portrait=0\" width=\"642\" height=\"361\" frameborder=\"0\" allowfullscreen=\"allowfullscreen\"><\/iframe><\/p>\n<p><strong>Fotos<\/strong><br \/>\n1) Titulo: Croquis de estudio Pabell\u00f3n Aqua Alta<br \/>\nAutor: Javier Corvalan<br \/>\nA\u00f1o: 2014<br \/>\nLugar: Luque, Paraguay<br \/>\nCopyright\/Creditos: Javier Corvalan<\/p>\n<p>2) Titulo: Plastico del Padiglione Aqua Alta, scala 1:20<br \/>\nAutor: Javier Corvalan<br \/>\nA\u00f1o: 2014<br \/>\nLugar: Luque, Paraguay<br \/>\nCopyright\/Creditos: Javier Corvalan<br \/>\nFotografo: Jes\u00fas Pereira<\/p>\n<p>3) Titulo: Plastico del Padiglione Aqua Alta, scala 1:5<br \/>\nAutor: Javier Corvalan, Lukas Fuster<br \/>\nA\u00f1o: 2014<br \/>\nLugar: Luque, Paraguay<br \/>\nCopyright\/Creditos: Javier Corvalan<br \/>\nFotografo: Jes\u00fas Pereira<\/p>\n<p>4) Titulo: Vista dall&#8217;alto del cerro. Puerto Casado-Puerto Celina<br \/>\nAutor: Guido Boggiani<br \/>\nA\u00f1o: ca. 1896<br \/>\nLugar: Chaco, Paraguay<br \/>\nCopyright\/Creditos: Reproducida en Guido Boggiani, Fot\u00f3grafo, de Pavel Fric y Yvonna Fricov\u00e1, Editorial Titanic, Praga, 1997<\/p>\n<p>5) Titulo: Workshop Aqua Alta. Participantes<br \/>\nAutor: Colectivo Aqua Alta<br \/>\nA\u00f1o: 2014<br \/>\nLugar: Asunci\u00f3n, Paraguay<br \/>\nCopyright\/Creditos: Colectivo Aqua Alta<br \/>\nFotografo: Jes\u00fas Pereira<\/p>\n<p>6) Titulo: Workshop Aqua Alta. Proceso<br \/>\nAutor: Colectivo Aqua Alta<br \/>\nA\u00f1o: 2014<br \/>\nLugar: Asunci\u00f3n, Paraguay<br \/>\nCopyright\/Creditos: Colectivo Aqua Alta<br \/>\nFotografo: Jes\u00fas Pereira<\/p>\n<p><strong><em>English version<\/em><\/strong><\/p>\n<p><strong><em>Aqua Alta<\/em><\/strong><br \/>\n<em>Paraguayan Pavilion at Venice Biennale<\/em><\/p>\n<p><em>Based on the concept that the Biennale of Architecture 2014 places Modernity, the project the Paraguayan Pavilion proposes a reflection on the nature of Modernity, in a geographic, social and economic context as the one of Paraguay. The profound transformations in society due to economic and cultural development, allowed the incorporation of architecture in this building.<\/em><\/p>\n<p><em>Through the exercise of the architectural profession and academic research, a common ideology started to spread, a vision of the object and the means, a conscience and a sense of belonging.<\/em><\/p>\n<p><em>Modernity is a state of overcoming, a willingness to change. In a society where waste is a problem, and particularly in a context with limited resources, architecture must look for a way to use the minimum amount of resources available and at the same time obtaining the maximum possible results.<\/em><\/p>\n<p><em>Through technological, spatial and aesthetic research tension transforms into a structure-function-form-synthesis, and as a result, through a strong relationship between material, manpower and traditional methods of construction and logic, the harvest of this condition of Modernity is sought.<\/em><\/p>\n<p><em>The Project of \u00abAqua Alta\u00bb designed by a group of people, through an active participatory experience, has developed a conceptual and structural idea in which water is the element of identity (Paraguay, in Guaran\u00ed means \u00abwater that runs towards the sea\u00bb) furthermore, it is the element that makes the structure possible, supporting it with its own weight.<\/em><\/p>\n<p><em>The form is a consequence of the constructive and structural logic.<\/em><\/p>\n<p><em>Equilibrium theories and the way in which weight is transmitted as a force to the ground are the basis of the design, the construction itself and the project.<\/em><\/p>\n\n<div style=\"font-size: 0px; height: 0px; line-height: 0px; margin: 0; padding: 0; clear: both;\"><\/div><div style=\"margin-top: 0px; margin-bottom: 0px;\" class=\"sharethis-inline-share-buttons\" ><\/div>","protected":false},"excerpt":{"rendered":"<p>El proyecto Aqua Alta tiene como idea conceptual el agua como elemento de identidad&#8230;<\/p>\n","protected":false},"author":1,"featured_media":6965,"comment_status":"closed","ping_status":"closed","sticky":false,"template":"","format":"standard","meta":{"_uag_custom_page_level_css":"","footnotes":""},"categories":[70,68],"tags":[320,1802,1803,467,1799,1800,1804,1798,93,1801],"class_list":["post-6964","post","type-post","status-publish","format-standard","has-post-thumbnail","hentry","category-noticias-arquitectura","category-novedades","tag-agua","tag-aqua-alta","tag-asuncion","tag-bienal","tag-bienal-de-venecia","tag-biennale-di-venezia","tag-javier-corvalan","tag-pabellon","tag-paraguay","tag-venecia","generate-columns","tablet-grid-50","mobile-grid-100","grid-parent","grid-50"],"yoast_head":"<!-- This site is optimized with the Yoast SEO plugin v27.3 - https:\/\/yoast.com\/product\/yoast-seo-wordpress\/ -->\n<title>Participacion de Paraguay en la 14\u00ba Muestra Internacional de Arquitectura La Biennale di Venezia - Arquimaster<\/title>\n<meta name=\"robots\" content=\"index, follow, max-snippet:-1, max-image-preview:large, max-video-preview:-1\" \/>\n<link rel=\"canonical\" href=\"https:\/\/www.arquimaster.com.ar\/web\/participacion-de-paraguay-en-la-14o-muestra-internacional-de-arquitectura-la-biennale-di-venezia\/\" \/>\n<meta property=\"og:locale\" content=\"es_ES\" \/>\n<meta property=\"og:type\" content=\"article\" \/>\n<meta property=\"og:title\" content=\"Participacion de Paraguay en la 14\u00ba Muestra Internacional de Arquitectura La Biennale di Venezia - Arquimaster\" \/>\n<meta property=\"og:description\" content=\"El proyecto Aqua Alta tiene como idea conceptual el agua como elemento de identidad...\" \/>\n<meta property=\"og:url\" content=\"https:\/\/www.arquimaster.com.ar\/web\/participacion-de-paraguay-en-la-14o-muestra-internacional-de-arquitectura-la-biennale-di-venezia\/\" \/>\n<meta property=\"og:site_name\" content=\"Arquimaster\" \/>\n<meta property=\"article:publisher\" content=\"http:\/\/www.facebook.com\/ARQUIMASTER.com.ar\" \/>\n<meta property=\"article:published_time\" content=\"2014-05-11T22:04:30+00:00\" \/>\n<meta property=\"article:modified_time\" content=\"2026-03-28T22:42:13+00:00\" \/>\n<meta property=\"og:image\" content=\"https:\/\/www.arquimaster.com.ar\/web\/wp-content\/uploads\/2014\/05\/aqua_alta_paraguay_slide.jpg\" \/>\n\t<meta property=\"og:image:width\" content=\"642\" \/>\n\t<meta property=\"og:image:height\" content=\"336\" \/>\n\t<meta property=\"og:image:type\" content=\"image\/jpeg\" \/>\n<meta name=\"author\" content=\"Arquimaster\" \/>\n<meta name=\"twitter:card\" content=\"summary_large_image\" \/>\n<meta name=\"twitter:creator\" content=\"@arquimaster\" \/>\n<meta name=\"twitter:site\" content=\"@arquimaster\" \/>\n<meta name=\"twitter:label1\" content=\"Escrito por\" \/>\n\t<meta name=\"twitter:data1\" content=\"Arquimaster\" \/>\n\t<meta name=\"twitter:label2\" content=\"Tiempo de lectura\" \/>\n\t<meta name=\"twitter:data2\" content=\"5 minutos\" \/>\n<script type=\"application\/ld+json\" class=\"yoast-schema-graph\">{\"@context\":\"https:\\\/\\\/schema.org\",\"@graph\":[{\"@type\":\"Article\",\"@id\":\"https:\\\/\\\/www.arquimaster.com.ar\\\/web\\\/participacion-de-paraguay-en-la-14o-muestra-internacional-de-arquitectura-la-biennale-di-venezia\\\/#article\",\"isPartOf\":{\"@id\":\"https:\\\/\\\/www.arquimaster.com.ar\\\/web\\\/participacion-de-paraguay-en-la-14o-muestra-internacional-de-arquitectura-la-biennale-di-venezia\\\/\"},\"author\":{\"name\":\"Arquimaster\",\"@id\":\"https:\\\/\\\/www.arquimaster.com.ar\\\/web\\\/#\\\/schema\\\/person\\\/359e9f7c00193fcde068e0dd2ceb0028\"},\"headline\":\"Participacion de Paraguay en la 14\u00ba Muestra Internacional de Arquitectura La Biennale di Venezia\",\"datePublished\":\"2014-05-11T22:04:30+00:00\",\"dateModified\":\"2026-03-28T22:42:13+00:00\",\"mainEntityOfPage\":{\"@id\":\"https:\\\/\\\/www.arquimaster.com.ar\\\/web\\\/participacion-de-paraguay-en-la-14o-muestra-internacional-de-arquitectura-la-biennale-di-venezia\\\/\"},\"wordCount\":995,\"publisher\":{\"@id\":\"https:\\\/\\\/www.arquimaster.com.ar\\\/web\\\/#organization\"},\"image\":{\"@id\":\"https:\\\/\\\/www.arquimaster.com.ar\\\/web\\\/participacion-de-paraguay-en-la-14o-muestra-internacional-de-arquitectura-la-biennale-di-venezia\\\/#primaryimage\"},\"thumbnailUrl\":\"https:\\\/\\\/www.arquimaster.com.ar\\\/web\\\/wp-content\\\/uploads\\\/2014\\\/05\\\/aqua_alta_paraguay_slide.jpg\",\"keywords\":[\"agua\",\"Aqua Alta\",\"Asuncion\",\"bienal\",\"Bienal de Venecia\",\"Biennale di Venezia\",\"Javier Corvalan\",\"pabellon\",\"Paraguay\",\"Venecia\"],\"articleSection\":[\"Noticias de arquitectura y dise\u00f1o\",\"Novedades\"],\"inLanguage\":\"es\"},{\"@type\":\"WebPage\",\"@id\":\"https:\\\/\\\/www.arquimaster.com.ar\\\/web\\\/participacion-de-paraguay-en-la-14o-muestra-internacional-de-arquitectura-la-biennale-di-venezia\\\/\",\"url\":\"https:\\\/\\\/www.arquimaster.com.ar\\\/web\\\/participacion-de-paraguay-en-la-14o-muestra-internacional-de-arquitectura-la-biennale-di-venezia\\\/\",\"name\":\"Participacion de Paraguay en la 14\u00ba Muestra Internacional de Arquitectura La Biennale di Venezia - Arquimaster\",\"isPartOf\":{\"@id\":\"https:\\\/\\\/www.arquimaster.com.ar\\\/web\\\/#website\"},\"primaryImageOfPage\":{\"@id\":\"https:\\\/\\\/www.arquimaster.com.ar\\\/web\\\/participacion-de-paraguay-en-la-14o-muestra-internacional-de-arquitectura-la-biennale-di-venezia\\\/#primaryimage\"},\"image\":{\"@id\":\"https:\\\/\\\/www.arquimaster.com.ar\\\/web\\\/participacion-de-paraguay-en-la-14o-muestra-internacional-de-arquitectura-la-biennale-di-venezia\\\/#primaryimage\"},\"thumbnailUrl\":\"https:\\\/\\\/www.arquimaster.com.ar\\\/web\\\/wp-content\\\/uploads\\\/2014\\\/05\\\/aqua_alta_paraguay_slide.jpg\",\"datePublished\":\"2014-05-11T22:04:30+00:00\",\"dateModified\":\"2026-03-28T22:42:13+00:00\",\"breadcrumb\":{\"@id\":\"https:\\\/\\\/www.arquimaster.com.ar\\\/web\\\/participacion-de-paraguay-en-la-14o-muestra-internacional-de-arquitectura-la-biennale-di-venezia\\\/#breadcrumb\"},\"inLanguage\":\"es\",\"potentialAction\":[{\"@type\":\"ReadAction\",\"target\":[\"https:\\\/\\\/www.arquimaster.com.ar\\\/web\\\/participacion-de-paraguay-en-la-14o-muestra-internacional-de-arquitectura-la-biennale-di-venezia\\\/\"]}]},{\"@type\":\"ImageObject\",\"inLanguage\":\"es\",\"@id\":\"https:\\\/\\\/www.arquimaster.com.ar\\\/web\\\/participacion-de-paraguay-en-la-14o-muestra-internacional-de-arquitectura-la-biennale-di-venezia\\\/#primaryimage\",\"url\":\"https:\\\/\\\/www.arquimaster.com.ar\\\/web\\\/wp-content\\\/uploads\\\/2014\\\/05\\\/aqua_alta_paraguay_slide.jpg\",\"contentUrl\":\"https:\\\/\\\/www.arquimaster.com.ar\\\/web\\\/wp-content\\\/uploads\\\/2014\\\/05\\\/aqua_alta_paraguay_slide.jpg\",\"width\":642,\"height\":336},{\"@type\":\"BreadcrumbList\",\"@id\":\"https:\\\/\\\/www.arquimaster.com.ar\\\/web\\\/participacion-de-paraguay-en-la-14o-muestra-internacional-de-arquitectura-la-biennale-di-venezia\\\/#breadcrumb\",\"itemListElement\":[{\"@type\":\"ListItem\",\"position\":1,\"name\":\"Portada\",\"item\":\"https:\\\/\\\/www.arquimaster.com.ar\\\/web\\\/\"},{\"@type\":\"ListItem\",\"position\":2,\"name\":\"Participacion de Paraguay en la 14\u00ba Muestra Internacional de Arquitectura La Biennale di Venezia\"}]},{\"@type\":\"WebSite\",\"@id\":\"https:\\\/\\\/www.arquimaster.com.ar\\\/web\\\/#website\",\"url\":\"https:\\\/\\\/www.arquimaster.com.ar\\\/web\\\/\",\"name\":\"Arquimaster\",\"description\":\"Web de arquitectura, dise\u00f1o y construccion\",\"publisher\":{\"@id\":\"https:\\\/\\\/www.arquimaster.com.ar\\\/web\\\/#organization\"},\"potentialAction\":[{\"@type\":\"SearchAction\",\"target\":{\"@type\":\"EntryPoint\",\"urlTemplate\":\"https:\\\/\\\/www.arquimaster.com.ar\\\/web\\\/?s={search_term_string}\"},\"query-input\":{\"@type\":\"PropertyValueSpecification\",\"valueRequired\":true,\"valueName\":\"search_term_string\"}}],\"inLanguage\":\"es\"},{\"@type\":\"Organization\",\"@id\":\"https:\\\/\\\/www.arquimaster.com.ar\\\/web\\\/#organization\",\"name\":\"Arquimaster\",\"url\":\"https:\\\/\\\/www.arquimaster.com.ar\\\/web\\\/\",\"logo\":{\"@type\":\"ImageObject\",\"inLanguage\":\"es\",\"@id\":\"https:\\\/\\\/www.arquimaster.com.ar\\\/web\\\/#\\\/schema\\\/logo\\\/image\\\/\",\"url\":\"https:\\\/\\\/www.arquimaster.com.ar\\\/web\\\/wp-content\\\/uploads\\\/2022\\\/06\\\/arquimaster.png\",\"contentUrl\":\"https:\\\/\\\/www.arquimaster.com.ar\\\/web\\\/wp-content\\\/uploads\\\/2022\\\/06\\\/arquimaster.png\",\"width\":594,\"height\":78,\"caption\":\"Arquimaster\"},\"image\":{\"@id\":\"https:\\\/\\\/www.arquimaster.com.ar\\\/web\\\/#\\\/schema\\\/logo\\\/image\\\/\"},\"sameAs\":[\"http:\\\/\\\/www.facebook.com\\\/ARQUIMASTER.com.ar\",\"https:\\\/\\\/x.com\\\/arquimaster\",\"https:\\\/\\\/www.instagram.com\\\/arquimasterblog\\\/\",\"https:\\\/\\\/www.linkedin.com\\\/company\\\/arquimaster\",\"https:\\\/\\\/www.pinterest.com\\\/arquimaster\",\"https:\\\/\\\/t.me\\\/arquimaster\"]},{\"@type\":\"Person\",\"@id\":\"https:\\\/\\\/www.arquimaster.com.ar\\\/web\\\/#\\\/schema\\\/person\\\/359e9f7c00193fcde068e0dd2ceb0028\",\"name\":\"Arquimaster\"}]}<\/script>\n<!-- \/ Yoast SEO plugin. -->","yoast_head_json":{"title":"Participacion de Paraguay en la 14\u00ba Muestra Internacional de Arquitectura La Biennale di Venezia - Arquimaster","robots":{"index":"index","follow":"follow","max-snippet":"max-snippet:-1","max-image-preview":"max-image-preview:large","max-video-preview":"max-video-preview:-1"},"canonical":"https:\/\/www.arquimaster.com.ar\/web\/participacion-de-paraguay-en-la-14o-muestra-internacional-de-arquitectura-la-biennale-di-venezia\/","og_locale":"es_ES","og_type":"article","og_title":"Participacion de Paraguay en la 14\u00ba Muestra Internacional de Arquitectura La Biennale di Venezia - Arquimaster","og_description":"El proyecto Aqua Alta tiene como idea conceptual el agua como elemento de identidad...","og_url":"https:\/\/www.arquimaster.com.ar\/web\/participacion-de-paraguay-en-la-14o-muestra-internacional-de-arquitectura-la-biennale-di-venezia\/","og_site_name":"Arquimaster","article_publisher":"http:\/\/www.facebook.com\/ARQUIMASTER.com.ar","article_published_time":"2014-05-11T22:04:30+00:00","article_modified_time":"2026-03-28T22:42:13+00:00","og_image":[{"width":642,"height":336,"url":"https:\/\/www.arquimaster.com.ar\/web\/wp-content\/uploads\/2014\/05\/aqua_alta_paraguay_slide.jpg","type":"image\/jpeg"}],"author":"Arquimaster","twitter_card":"summary_large_image","twitter_creator":"@arquimaster","twitter_site":"@arquimaster","twitter_misc":{"Escrito por":"Arquimaster","Tiempo de lectura":"5 minutos"},"schema":{"@context":"https:\/\/schema.org","@graph":[{"@type":"Article","@id":"https:\/\/www.arquimaster.com.ar\/web\/participacion-de-paraguay-en-la-14o-muestra-internacional-de-arquitectura-la-biennale-di-venezia\/#article","isPartOf":{"@id":"https:\/\/www.arquimaster.com.ar\/web\/participacion-de-paraguay-en-la-14o-muestra-internacional-de-arquitectura-la-biennale-di-venezia\/"},"author":{"name":"Arquimaster","@id":"https:\/\/www.arquimaster.com.ar\/web\/#\/schema\/person\/359e9f7c00193fcde068e0dd2ceb0028"},"headline":"Participacion de Paraguay en la 14\u00ba Muestra Internacional de Arquitectura La Biennale di Venezia","datePublished":"2014-05-11T22:04:30+00:00","dateModified":"2026-03-28T22:42:13+00:00","mainEntityOfPage":{"@id":"https:\/\/www.arquimaster.com.ar\/web\/participacion-de-paraguay-en-la-14o-muestra-internacional-de-arquitectura-la-biennale-di-venezia\/"},"wordCount":995,"publisher":{"@id":"https:\/\/www.arquimaster.com.ar\/web\/#organization"},"image":{"@id":"https:\/\/www.arquimaster.com.ar\/web\/participacion-de-paraguay-en-la-14o-muestra-internacional-de-arquitectura-la-biennale-di-venezia\/#primaryimage"},"thumbnailUrl":"https:\/\/www.arquimaster.com.ar\/web\/wp-content\/uploads\/2014\/05\/aqua_alta_paraguay_slide.jpg","keywords":["agua","Aqua Alta","Asuncion","bienal","Bienal de Venecia","Biennale di Venezia","Javier Corvalan","pabellon","Paraguay","Venecia"],"articleSection":["Noticias de arquitectura y dise\u00f1o","Novedades"],"inLanguage":"es"},{"@type":"WebPage","@id":"https:\/\/www.arquimaster.com.ar\/web\/participacion-de-paraguay-en-la-14o-muestra-internacional-de-arquitectura-la-biennale-di-venezia\/","url":"https:\/\/www.arquimaster.com.ar\/web\/participacion-de-paraguay-en-la-14o-muestra-internacional-de-arquitectura-la-biennale-di-venezia\/","name":"Participacion de Paraguay en la 14\u00ba Muestra Internacional de Arquitectura La Biennale di Venezia - Arquimaster","isPartOf":{"@id":"https:\/\/www.arquimaster.com.ar\/web\/#website"},"primaryImageOfPage":{"@id":"https:\/\/www.arquimaster.com.ar\/web\/participacion-de-paraguay-en-la-14o-muestra-internacional-de-arquitectura-la-biennale-di-venezia\/#primaryimage"},"image":{"@id":"https:\/\/www.arquimaster.com.ar\/web\/participacion-de-paraguay-en-la-14o-muestra-internacional-de-arquitectura-la-biennale-di-venezia\/#primaryimage"},"thumbnailUrl":"https:\/\/www.arquimaster.com.ar\/web\/wp-content\/uploads\/2014\/05\/aqua_alta_paraguay_slide.jpg","datePublished":"2014-05-11T22:04:30+00:00","dateModified":"2026-03-28T22:42:13+00:00","breadcrumb":{"@id":"https:\/\/www.arquimaster.com.ar\/web\/participacion-de-paraguay-en-la-14o-muestra-internacional-de-arquitectura-la-biennale-di-venezia\/#breadcrumb"},"inLanguage":"es","potentialAction":[{"@type":"ReadAction","target":["https:\/\/www.arquimaster.com.ar\/web\/participacion-de-paraguay-en-la-14o-muestra-internacional-de-arquitectura-la-biennale-di-venezia\/"]}]},{"@type":"ImageObject","inLanguage":"es","@id":"https:\/\/www.arquimaster.com.ar\/web\/participacion-de-paraguay-en-la-14o-muestra-internacional-de-arquitectura-la-biennale-di-venezia\/#primaryimage","url":"https:\/\/www.arquimaster.com.ar\/web\/wp-content\/uploads\/2014\/05\/aqua_alta_paraguay_slide.jpg","contentUrl":"https:\/\/www.arquimaster.com.ar\/web\/wp-content\/uploads\/2014\/05\/aqua_alta_paraguay_slide.jpg","width":642,"height":336},{"@type":"BreadcrumbList","@id":"https:\/\/www.arquimaster.com.ar\/web\/participacion-de-paraguay-en-la-14o-muestra-internacional-de-arquitectura-la-biennale-di-venezia\/#breadcrumb","itemListElement":[{"@type":"ListItem","position":1,"name":"Portada","item":"https:\/\/www.arquimaster.com.ar\/web\/"},{"@type":"ListItem","position":2,"name":"Participacion de Paraguay en la 14\u00ba Muestra Internacional de Arquitectura La Biennale di Venezia"}]},{"@type":"WebSite","@id":"https:\/\/www.arquimaster.com.ar\/web\/#website","url":"https:\/\/www.arquimaster.com.ar\/web\/","name":"Arquimaster","description":"Web de arquitectura, dise\u00f1o y construccion","publisher":{"@id":"https:\/\/www.arquimaster.com.ar\/web\/#organization"},"potentialAction":[{"@type":"SearchAction","target":{"@type":"EntryPoint","urlTemplate":"https:\/\/www.arquimaster.com.ar\/web\/?s={search_term_string}"},"query-input":{"@type":"PropertyValueSpecification","valueRequired":true,"valueName":"search_term_string"}}],"inLanguage":"es"},{"@type":"Organization","@id":"https:\/\/www.arquimaster.com.ar\/web\/#organization","name":"Arquimaster","url":"https:\/\/www.arquimaster.com.ar\/web\/","logo":{"@type":"ImageObject","inLanguage":"es","@id":"https:\/\/www.arquimaster.com.ar\/web\/#\/schema\/logo\/image\/","url":"https:\/\/www.arquimaster.com.ar\/web\/wp-content\/uploads\/2022\/06\/arquimaster.png","contentUrl":"https:\/\/www.arquimaster.com.ar\/web\/wp-content\/uploads\/2022\/06\/arquimaster.png","width":594,"height":78,"caption":"Arquimaster"},"image":{"@id":"https:\/\/www.arquimaster.com.ar\/web\/#\/schema\/logo\/image\/"},"sameAs":["http:\/\/www.facebook.com\/ARQUIMASTER.com.ar","https:\/\/x.com\/arquimaster","https:\/\/www.instagram.com\/arquimasterblog\/","https:\/\/www.linkedin.com\/company\/arquimaster","https:\/\/www.pinterest.com\/arquimaster","https:\/\/t.me\/arquimaster"]},{"@type":"Person","@id":"https:\/\/www.arquimaster.com.ar\/web\/#\/schema\/person\/359e9f7c00193fcde068e0dd2ceb0028","name":"Arquimaster"}]}},"uagb_featured_image_src":{"full":["https:\/\/www.arquimaster.com.ar\/web\/wp-content\/uploads\/2014\/05\/aqua_alta_paraguay_slide.jpg",642,336,false],"thumbnail":["https:\/\/www.arquimaster.com.ar\/web\/wp-content\/uploads\/2014\/05\/aqua_alta_paraguay_slide-150x150.jpg",150,150,true],"medium":["https:\/\/www.arquimaster.com.ar\/web\/wp-content\/uploads\/2014\/05\/aqua_alta_paraguay_slide-300x157.jpg",300,157,true],"medium_large":["https:\/\/www.arquimaster.com.ar\/web\/wp-content\/uploads\/2014\/05\/aqua_alta_paraguay_slide.jpg",642,336,false],"large":["https:\/\/www.arquimaster.com.ar\/web\/wp-content\/uploads\/2014\/05\/aqua_alta_paraguay_slide.jpg",642,336,false],"1536x1536":["https:\/\/www.arquimaster.com.ar\/web\/wp-content\/uploads\/2014\/05\/aqua_alta_paraguay_slide.jpg",642,336,false],"2048x2048":["https:\/\/www.arquimaster.com.ar\/web\/wp-content\/uploads\/2014\/05\/aqua_alta_paraguay_slide.jpg",642,336,false]},"uagb_author_info":{"display_name":"Arquimaster","author_link":"https:\/\/www.arquimaster.com.ar\/web\/author\/arquimaster\/"},"uagb_comment_info":0,"uagb_excerpt":"El proyecto Aqua Alta tiene como idea conceptual el agua como elemento de identidad...","_links":{"self":[{"href":"https:\/\/www.arquimaster.com.ar\/web\/wp-json\/wp\/v2\/posts\/6964","targetHints":{"allow":["GET"]}}],"collection":[{"href":"https:\/\/www.arquimaster.com.ar\/web\/wp-json\/wp\/v2\/posts"}],"about":[{"href":"https:\/\/www.arquimaster.com.ar\/web\/wp-json\/wp\/v2\/types\/post"}],"author":[{"embeddable":true,"href":"https:\/\/www.arquimaster.com.ar\/web\/wp-json\/wp\/v2\/users\/1"}],"replies":[{"embeddable":true,"href":"https:\/\/www.arquimaster.com.ar\/web\/wp-json\/wp\/v2\/comments?post=6964"}],"version-history":[{"count":1,"href":"https:\/\/www.arquimaster.com.ar\/web\/wp-json\/wp\/v2\/posts\/6964\/revisions"}],"predecessor-version":[{"id":87996,"href":"https:\/\/www.arquimaster.com.ar\/web\/wp-json\/wp\/v2\/posts\/6964\/revisions\/87996"}],"wp:featuredmedia":[{"embeddable":true,"href":"https:\/\/www.arquimaster.com.ar\/web\/wp-json\/wp\/v2\/media\/6965"}],"wp:attachment":[{"href":"https:\/\/www.arquimaster.com.ar\/web\/wp-json\/wp\/v2\/media?parent=6964"}],"wp:term":[{"taxonomy":"category","embeddable":true,"href":"https:\/\/www.arquimaster.com.ar\/web\/wp-json\/wp\/v2\/categories?post=6964"},{"taxonomy":"post_tag","embeddable":true,"href":"https:\/\/www.arquimaster.com.ar\/web\/wp-json\/wp\/v2\/tags?post=6964"}],"curies":[{"name":"wp","href":"https:\/\/api.w.org\/{rel}","templated":true}]}}