{"id":69655,"date":"2022-04-22T16:15:53","date_gmt":"2022-04-22T19:15:53","guid":{"rendered":"https:\/\/www.arquimaster.com.ar\/web\/?p=69655"},"modified":"2022-09-29T16:11:13","modified_gmt":"2022-09-29T19:11:13","slug":"casa-en-la-calle-muntanya-sau-taller-darquitectura","status":"publish","type":"post","link":"https:\/\/www.arquimaster.com.ar\/web\/casa-en-la-calle-muntanya-sau-taller-darquitectura\/","title":{"rendered":"Casa en la calle Muntanya \/ Sau Taller d&#8217;Arquitectura"},"content":{"rendered":"<div style=\"margin-top: 0px; margin-bottom: 0px;\" class=\"sharethis-inline-share-buttons\" ><\/div><div class=\"b812932af2e751442846f039925109de\" data-index=\"1\" style=\"float: none; margin:25px 0 25px 0; text-align:center;\">\n<script async src=\"https:\/\/pagead2.googlesyndication.com\/pagead\/js\/adsbygoogle.js\"><\/script>\r\n<!-- Arquimaster (superior) -->\r\n<ins class=\"adsbygoogle\"\r\n     style=\"display:block\"\r\n     data-ad-client=\"ca-pub-6351072698456832\"\r\n     data-ad-slot=\"6455489680\"\r\n     data-ad-format=\"auto\"\r\n     data-full-width-responsive=\"true\"><\/ins>\r\n<script>\r\n     (adsbygoogle = window.adsbygoogle || []).push({});\r\n<\/script>\n<\/div>\n<p><strong>Casa en la calle Muntanya<\/strong> (Girona, Espa\u00f1a) por <strong>Sau Taller d&#8217;Arquitectura<\/strong>. El proyecto se entiende desde la secci\u00f3n. Con la orientaci\u00f3n jugando a favor (patio a sur y calle a norte), y con el objetivo de dar respuesta a los requerimientos de accesibilidad en el patio y de soleamiento directo al m\u00e1ximo de estancias posibles, se plantea una casa en niveles intermedios y con una volumetr\u00eda escalonada.<\/p>\n<div id='gallery-1' class='gallery galleryid-69655 gallery-columns-3 gallery-size-thumbnail'><figure class='gallery-item'>\n\t\t\t<div class='gallery-icon landscape'>\n\t\t\t\t<a href='https:\/\/www.arquimaster.com.ar\/web\/wp-content\/uploads\/2022\/04\/casa_muntanya1.jpg' title=\"Casa en la calle Muntanya \/ Sau Taller d&#039;Arquitectura (\u00a9 Andr\u00e9s Flajszer)\" data-rl_title=\"Casa en la calle Muntanya \/ Sau Taller d&#039;Arquitectura (\u00a9 Andr\u00e9s Flajszer)\" class=\"rl-gallery-link\" data-rl_caption=\"Casa en la calle Muntanya \/ Sau Taller d&#039;Arquitectura (\u00a9 Andr\u00e9s Flajszer)\" data-rel=\"lightbox-gallery-1\"><img loading=\"lazy\" decoding=\"async\" width=\"150\" height=\"150\" src=\"https:\/\/www.arquimaster.com.ar\/web\/wp-content\/uploads\/2022\/04\/casa_muntanya1-150x150.jpg\" class=\"attachment-thumbnail size-thumbnail\" alt=\"Casa en la calle Muntanya \/ Sau Taller d&#039;Arquitectura\" aria-describedby=\"gallery-1-69657\" \/><\/a>\n\t\t\t<\/div>\n\t\t\t\t<figcaption class='wp-caption-text gallery-caption' id='gallery-1-69657'>\n\t\t\t\tCasa en la calle Muntanya \/ Sau Taller d&#8217;Arquitectura (\u00a9 Andr\u00e9s Flajszer)\n\t\t\t\t<\/figcaption><\/figure><figure class='gallery-item'>\n\t\t\t<div class='gallery-icon landscape'>\n\t\t\t\t<a href='https:\/\/www.arquimaster.com.ar\/web\/wp-content\/uploads\/2022\/04\/casa_muntanya2.jpg' title=\"Casa en la calle Muntanya \/ Sau Taller d&#039;Arquitectura (\u00a9 Andr\u00e9s Flajszer)\" data-rl_title=\"Casa en la calle Muntanya \/ Sau Taller d&#039;Arquitectura (\u00a9 Andr\u00e9s Flajszer)\" class=\"rl-gallery-link\" data-rl_caption=\"Casa en la calle Muntanya \/ Sau Taller d&#039;Arquitectura (\u00a9 Andr\u00e9s Flajszer)\" data-rel=\"lightbox-gallery-1\"><img loading=\"lazy\" decoding=\"async\" width=\"150\" height=\"150\" src=\"https:\/\/www.arquimaster.com.ar\/web\/wp-content\/uploads\/2022\/04\/casa_muntanya2-150x150.jpg\" class=\"attachment-thumbnail size-thumbnail\" alt=\"Casa en la calle Muntanya \/ Sau Taller d&#039;Arquitectura\" aria-describedby=\"gallery-1-69658\" \/><\/a>\n\t\t\t<\/div>\n\t\t\t\t<figcaption class='wp-caption-text gallery-caption' id='gallery-1-69658'>\n\t\t\t\tCasa en la calle Muntanya \/ Sau Taller d&#8217;Arquitectura (\u00a9 Andr\u00e9s Flajszer)\n\t\t\t\t<\/figcaption><\/figure><figure class='gallery-item'>\n\t\t\t<div class='gallery-icon portrait'>\n\t\t\t\t<a href='https:\/\/www.arquimaster.com.ar\/web\/wp-content\/uploads\/2022\/04\/casa_muntanya3.jpg' title=\"Casa en la calle Muntanya \/ Sau Taller d&#039;Arquitectura (\u00a9 Andr\u00e9s Flajszer)\" data-rl_title=\"Casa en la calle Muntanya \/ Sau Taller d&#039;Arquitectura (\u00a9 Andr\u00e9s Flajszer)\" class=\"rl-gallery-link\" data-rl_caption=\"Casa en la calle Muntanya \/ Sau Taller d&#039;Arquitectura (\u00a9 Andr\u00e9s Flajszer)\" data-rel=\"lightbox-gallery-1\"><img loading=\"lazy\" decoding=\"async\" width=\"150\" height=\"150\" src=\"https:\/\/www.arquimaster.com.ar\/web\/wp-content\/uploads\/2022\/04\/casa_muntanya3-150x150.jpg\" class=\"attachment-thumbnail size-thumbnail\" alt=\"Casa en la calle Muntanya \/ Sau Taller d&#039;Arquitectura\" aria-describedby=\"gallery-1-69659\" \/><\/a>\n\t\t\t<\/div>\n\t\t\t\t<figcaption class='wp-caption-text gallery-caption' id='gallery-1-69659'>\n\t\t\t\tCasa en la calle Muntanya \/ Sau Taller d&#8217;Arquitectura (\u00a9 Andr\u00e9s Flajszer)\n\t\t\t\t<\/figcaption><\/figure><figure class='gallery-item'>\n\t\t\t<div class='gallery-icon portrait'>\n\t\t\t\t<a href='https:\/\/www.arquimaster.com.ar\/web\/wp-content\/uploads\/2022\/04\/casa_muntanya4.jpg' title=\"Casa en la calle Muntanya \/ Sau Taller d&#039;Arquitectura (\u00a9 Andr\u00e9s Flajszer)\" data-rl_title=\"Casa en la calle Muntanya \/ Sau Taller d&#039;Arquitectura (\u00a9 Andr\u00e9s Flajszer)\" class=\"rl-gallery-link\" data-rl_caption=\"Casa en la calle Muntanya \/ Sau Taller d&#039;Arquitectura (\u00a9 Andr\u00e9s Flajszer)\" data-rel=\"lightbox-gallery-1\"><img loading=\"lazy\" decoding=\"async\" width=\"150\" height=\"150\" src=\"https:\/\/www.arquimaster.com.ar\/web\/wp-content\/uploads\/2022\/04\/casa_muntanya4-150x150.jpg\" class=\"attachment-thumbnail size-thumbnail\" alt=\"Casa en la calle Muntanya \/ Sau Taller d&#039;Arquitectura\" aria-describedby=\"gallery-1-69660\" \/><\/a>\n\t\t\t<\/div>\n\t\t\t\t<figcaption class='wp-caption-text gallery-caption' id='gallery-1-69660'>\n\t\t\t\tCasa en la calle Muntanya \/ Sau Taller d&#8217;Arquitectura (\u00a9 Andr\u00e9s Flajszer)\n\t\t\t\t<\/figcaption><\/figure><figure class='gallery-item'>\n\t\t\t<div class='gallery-icon portrait'>\n\t\t\t\t<a href='https:\/\/www.arquimaster.com.ar\/web\/wp-content\/uploads\/2022\/04\/casa_muntanya5.jpg' title=\"Casa en la calle Muntanya \/ Sau Taller d&#039;Arquitectura (\u00a9 Andr\u00e9s Flajszer)\" data-rl_title=\"Casa en la calle Muntanya \/ Sau Taller d&#039;Arquitectura (\u00a9 Andr\u00e9s Flajszer)\" class=\"rl-gallery-link\" data-rl_caption=\"Casa en la calle Muntanya \/ Sau Taller d&#039;Arquitectura (\u00a9 Andr\u00e9s Flajszer)\" data-rel=\"lightbox-gallery-1\"><img loading=\"lazy\" decoding=\"async\" width=\"150\" height=\"150\" src=\"https:\/\/www.arquimaster.com.ar\/web\/wp-content\/uploads\/2022\/04\/casa_muntanya5-150x150.jpg\" class=\"attachment-thumbnail size-thumbnail\" alt=\"Casa en la calle Muntanya \/ Sau Taller d&#039;Arquitectura\" aria-describedby=\"gallery-1-69661\" \/><\/a>\n\t\t\t<\/div>\n\t\t\t\t<figcaption class='wp-caption-text gallery-caption' id='gallery-1-69661'>\n\t\t\t\tCasa en la calle Muntanya \/ Sau Taller d&#8217;Arquitectura (\u00a9 Andr\u00e9s Flajszer)\n\t\t\t\t<\/figcaption><\/figure><figure class='gallery-item'>\n\t\t\t<div class='gallery-icon landscape'>\n\t\t\t\t<a href='https:\/\/www.arquimaster.com.ar\/web\/wp-content\/uploads\/2022\/04\/casa_muntanya6.jpg' title=\"Casa en la calle Muntanya \/ Sau Taller d&#039;Arquitectura (\u00a9 Andr\u00e9s Flajszer)\" data-rl_title=\"Casa en la calle Muntanya \/ Sau Taller d&#039;Arquitectura (\u00a9 Andr\u00e9s Flajszer)\" class=\"rl-gallery-link\" data-rl_caption=\"Casa en la calle Muntanya \/ Sau Taller d&#039;Arquitectura (\u00a9 Andr\u00e9s Flajszer)\" data-rel=\"lightbox-gallery-1\"><img loading=\"lazy\" decoding=\"async\" width=\"150\" height=\"150\" src=\"https:\/\/www.arquimaster.com.ar\/web\/wp-content\/uploads\/2022\/04\/casa_muntanya6-150x150.jpg\" class=\"attachment-thumbnail size-thumbnail\" alt=\"Casa en la calle Muntanya \/ Sau Taller d&#039;Arquitectura\" aria-describedby=\"gallery-1-69662\" \/><\/a>\n\t\t\t<\/div>\n\t\t\t\t<figcaption class='wp-caption-text gallery-caption' id='gallery-1-69662'>\n\t\t\t\tCasa en la calle Muntanya \/ Sau Taller d&#8217;Arquitectura (\u00a9 Andr\u00e9s Flajszer)\n\t\t\t\t<\/figcaption><\/figure><figure class='gallery-item'>\n\t\t\t<div class='gallery-icon portrait'>\n\t\t\t\t<a href='https:\/\/www.arquimaster.com.ar\/web\/wp-content\/uploads\/2022\/04\/casa_muntanya7.jpg' title=\"Casa en la calle Muntanya \/ Sau Taller d&#039;Arquitectura (\u00a9 Andr\u00e9s Flajszer)\" data-rl_title=\"Casa en la calle Muntanya \/ Sau Taller d&#039;Arquitectura (\u00a9 Andr\u00e9s Flajszer)\" class=\"rl-gallery-link\" data-rl_caption=\"Casa en la calle Muntanya \/ Sau Taller d&#039;Arquitectura (\u00a9 Andr\u00e9s Flajszer)\" data-rel=\"lightbox-gallery-1\"><img loading=\"lazy\" decoding=\"async\" width=\"150\" height=\"150\" src=\"https:\/\/www.arquimaster.com.ar\/web\/wp-content\/uploads\/2022\/04\/casa_muntanya7-150x150.jpg\" class=\"attachment-thumbnail size-thumbnail\" alt=\"Casa en la calle Muntanya \/ Sau Taller d&#039;Arquitectura\" aria-describedby=\"gallery-1-69663\" \/><\/a>\n\t\t\t<\/div>\n\t\t\t\t<figcaption class='wp-caption-text gallery-caption' id='gallery-1-69663'>\n\t\t\t\tCasa en la calle Muntanya \/ Sau Taller d&#8217;Arquitectura (\u00a9 Andr\u00e9s Flajszer)\n\t\t\t\t<\/figcaption><\/figure><figure class='gallery-item'>\n\t\t\t<div class='gallery-icon portrait'>\n\t\t\t\t<a href='https:\/\/www.arquimaster.com.ar\/web\/wp-content\/uploads\/2022\/04\/casa_muntanya8.jpg' title=\"Casa en la calle Muntanya \/ Sau Taller d&#039;Arquitectura (\u00a9 Andr\u00e9s Flajszer)\" data-rl_title=\"Casa en la calle Muntanya \/ Sau Taller d&#039;Arquitectura (\u00a9 Andr\u00e9s Flajszer)\" class=\"rl-gallery-link\" data-rl_caption=\"Casa en la calle Muntanya \/ Sau Taller d&#039;Arquitectura (\u00a9 Andr\u00e9s Flajszer)\" data-rel=\"lightbox-gallery-1\"><img loading=\"lazy\" decoding=\"async\" width=\"150\" height=\"150\" src=\"https:\/\/www.arquimaster.com.ar\/web\/wp-content\/uploads\/2022\/04\/casa_muntanya8-150x150.jpg\" class=\"attachment-thumbnail size-thumbnail\" alt=\"Casa en la calle Muntanya \/ Sau Taller d&#039;Arquitectura\" aria-describedby=\"gallery-1-69664\" \/><\/a>\n\t\t\t<\/div>\n\t\t\t\t<figcaption class='wp-caption-text gallery-caption' id='gallery-1-69664'>\n\t\t\t\tCasa en la calle Muntanya \/ Sau Taller d&#8217;Arquitectura (\u00a9 Andr\u00e9s Flajszer)\n\t\t\t\t<\/figcaption><\/figure><figure class='gallery-item'>\n\t\t\t<div class='gallery-icon portrait'>\n\t\t\t\t<a href='https:\/\/www.arquimaster.com.ar\/web\/wp-content\/uploads\/2022\/04\/casa_muntanya9.jpg' title=\"Casa en la calle Muntanya \/ Sau Taller d&#039;Arquitectura (\u00a9 Andr\u00e9s Flajszer)\" data-rl_title=\"Casa en la calle Muntanya \/ Sau Taller d&#039;Arquitectura (\u00a9 Andr\u00e9s Flajszer)\" class=\"rl-gallery-link\" data-rl_caption=\"Casa en la calle Muntanya \/ Sau Taller d&#039;Arquitectura (\u00a9 Andr\u00e9s Flajszer)\" data-rel=\"lightbox-gallery-1\"><img loading=\"lazy\" decoding=\"async\" width=\"150\" height=\"150\" src=\"https:\/\/www.arquimaster.com.ar\/web\/wp-content\/uploads\/2022\/04\/casa_muntanya9-150x150.jpg\" class=\"attachment-thumbnail size-thumbnail\" alt=\"Casa en la calle Muntanya \/ Sau Taller d&#039;Arquitectura\" aria-describedby=\"gallery-1-69665\" \/><\/a>\n\t\t\t<\/div>\n\t\t\t\t<figcaption class='wp-caption-text gallery-caption' id='gallery-1-69665'>\n\t\t\t\tCasa en la calle Muntanya \/ Sau Taller d&#8217;Arquitectura (\u00a9 Andr\u00e9s Flajszer)\n\t\t\t\t<\/figcaption><\/figure><figure class='gallery-item'>\n\t\t\t<div class='gallery-icon portrait'>\n\t\t\t\t<a href='https:\/\/www.arquimaster.com.ar\/web\/wp-content\/uploads\/2022\/04\/casa_muntanya10.jpg' title=\"Casa en la calle Muntanya \/ Sau Taller d&#039;Arquitectura (\u00a9 Andr\u00e9s Flajszer)\" data-rl_title=\"Casa en la calle Muntanya \/ Sau Taller d&#039;Arquitectura (\u00a9 Andr\u00e9s Flajszer)\" class=\"rl-gallery-link\" data-rl_caption=\"Casa en la calle Muntanya \/ Sau Taller d&#039;Arquitectura (\u00a9 Andr\u00e9s Flajszer)\" data-rel=\"lightbox-gallery-1\"><img loading=\"lazy\" decoding=\"async\" width=\"150\" height=\"150\" src=\"https:\/\/www.arquimaster.com.ar\/web\/wp-content\/uploads\/2022\/04\/casa_muntanya10-150x150.jpg\" class=\"attachment-thumbnail size-thumbnail\" alt=\"Casa en la calle Muntanya \/ Sau Taller d&#039;Arquitectura\" aria-describedby=\"gallery-1-69666\" \/><\/a>\n\t\t\t<\/div>\n\t\t\t\t<figcaption class='wp-caption-text gallery-caption' id='gallery-1-69666'>\n\t\t\t\tCasa en la calle Muntanya \/ Sau Taller d&#8217;Arquitectura (\u00a9 Andr\u00e9s Flajszer)\n\t\t\t\t<\/figcaption><\/figure><figure class='gallery-item'>\n\t\t\t<div class='gallery-icon landscape'>\n\t\t\t\t<a href='https:\/\/www.arquimaster.com.ar\/web\/wp-content\/uploads\/2022\/04\/casa_muntanya11.jpg' title=\"Casa en la calle Muntanya \/ Sau Taller d&#039;Arquitectura (\u00a9 Andr\u00e9s Flajszer)\" data-rl_title=\"Casa en la calle Muntanya \/ Sau Taller d&#039;Arquitectura (\u00a9 Andr\u00e9s Flajszer)\" class=\"rl-gallery-link\" data-rl_caption=\"Casa en la calle Muntanya \/ Sau Taller d&#039;Arquitectura (\u00a9 Andr\u00e9s Flajszer)\" data-rel=\"lightbox-gallery-1\"><img loading=\"lazy\" decoding=\"async\" width=\"150\" height=\"150\" src=\"https:\/\/www.arquimaster.com.ar\/web\/wp-content\/uploads\/2022\/04\/casa_muntanya11-150x150.jpg\" class=\"attachment-thumbnail size-thumbnail\" alt=\"Casa en la calle Muntanya \/ Sau Taller d&#039;Arquitectura\" aria-describedby=\"gallery-1-69667\" \/><\/a>\n\t\t\t<\/div>\n\t\t\t\t<figcaption class='wp-caption-text gallery-caption' id='gallery-1-69667'>\n\t\t\t\tCasa en la calle Muntanya \/ Sau Taller d&#8217;Arquitectura (\u00a9 Andr\u00e9s Flajszer)\n\t\t\t\t<\/figcaption><\/figure><figure class='gallery-item'>\n\t\t\t<div class='gallery-icon landscape'>\n\t\t\t\t<a href='https:\/\/www.arquimaster.com.ar\/web\/wp-content\/uploads\/2022\/04\/casa_muntanya12.jpg' title=\"Casa en la calle Muntanya \/ Sau Taller d&#039;Arquitectura (\u00a9 Andr\u00e9s Flajszer)\" data-rl_title=\"Casa en la calle Muntanya \/ Sau Taller d&#039;Arquitectura (\u00a9 Andr\u00e9s Flajszer)\" class=\"rl-gallery-link\" data-rl_caption=\"Casa en la calle Muntanya \/ Sau Taller d&#039;Arquitectura (\u00a9 Andr\u00e9s Flajszer)\" data-rel=\"lightbox-gallery-1\"><img loading=\"lazy\" decoding=\"async\" width=\"150\" height=\"150\" src=\"https:\/\/www.arquimaster.com.ar\/web\/wp-content\/uploads\/2022\/04\/casa_muntanya12-150x150.jpg\" class=\"attachment-thumbnail size-thumbnail\" alt=\"Casa en la calle Muntanya \/ Sau Taller d&#039;Arquitectura\" aria-describedby=\"gallery-1-69668\" \/><\/a>\n\t\t\t<\/div>\n\t\t\t\t<figcaption class='wp-caption-text gallery-caption' id='gallery-1-69668'>\n\t\t\t\tCasa en la calle Muntanya \/ Sau Taller d&#8217;Arquitectura (\u00a9 Andr\u00e9s Flajszer)\n\t\t\t\t<\/figcaption><\/figure><figure class='gallery-item'>\n\t\t\t<div class='gallery-icon portrait'>\n\t\t\t\t<a href='https:\/\/www.arquimaster.com.ar\/web\/wp-content\/uploads\/2022\/04\/casa_muntanya13.jpg' title=\"Casa en la calle Muntanya \/ Sau Taller d&#039;Arquitectura (\u00a9 Andr\u00e9s Flajszer)\" data-rl_title=\"Casa en la calle Muntanya \/ Sau Taller d&#039;Arquitectura (\u00a9 Andr\u00e9s Flajszer)\" class=\"rl-gallery-link\" data-rl_caption=\"Casa en la calle Muntanya \/ Sau Taller d&#039;Arquitectura (\u00a9 Andr\u00e9s Flajszer)\" data-rel=\"lightbox-gallery-1\"><img loading=\"lazy\" decoding=\"async\" width=\"150\" height=\"150\" src=\"https:\/\/www.arquimaster.com.ar\/web\/wp-content\/uploads\/2022\/04\/casa_muntanya13-150x150.jpg\" class=\"attachment-thumbnail size-thumbnail\" alt=\"Casa en la calle Muntanya \/ Sau Taller d&#039;Arquitectura\" aria-describedby=\"gallery-1-69669\" \/><\/a>\n\t\t\t<\/div>\n\t\t\t\t<figcaption class='wp-caption-text gallery-caption' id='gallery-1-69669'>\n\t\t\t\tCasa en la calle Muntanya \/ Sau Taller d&#8217;Arquitectura (\u00a9 Andr\u00e9s Flajszer)\n\t\t\t\t<\/figcaption><\/figure><figure class='gallery-item'>\n\t\t\t<div class='gallery-icon portrait'>\n\t\t\t\t<a href='https:\/\/www.arquimaster.com.ar\/web\/wp-content\/uploads\/2022\/04\/casa_muntanya14.jpg' title=\"Casa en la calle Muntanya \/ Sau Taller d&#039;Arquitectura (\u00a9 Andr\u00e9s Flajszer)\" data-rl_title=\"Casa en la calle Muntanya \/ Sau Taller d&#039;Arquitectura (\u00a9 Andr\u00e9s Flajszer)\" class=\"rl-gallery-link\" data-rl_caption=\"Casa en la calle Muntanya \/ Sau Taller d&#039;Arquitectura (\u00a9 Andr\u00e9s Flajszer)\" data-rel=\"lightbox-gallery-1\"><img loading=\"lazy\" decoding=\"async\" width=\"150\" height=\"150\" src=\"https:\/\/www.arquimaster.com.ar\/web\/wp-content\/uploads\/2022\/04\/casa_muntanya14-150x150.jpg\" class=\"attachment-thumbnail size-thumbnail\" alt=\"Casa en la calle Muntanya \/ Sau Taller d&#039;Arquitectura\" aria-describedby=\"gallery-1-69670\" \/><\/a>\n\t\t\t<\/div>\n\t\t\t\t<figcaption class='wp-caption-text gallery-caption' id='gallery-1-69670'>\n\t\t\t\tCasa en la calle Muntanya \/ Sau Taller d&#8217;Arquitectura (\u00a9 Andr\u00e9s Flajszer)\n\t\t\t\t<\/figcaption><\/figure><figure class='gallery-item'>\n\t\t\t<div class='gallery-icon portrait'>\n\t\t\t\t<a href='https:\/\/www.arquimaster.com.ar\/web\/wp-content\/uploads\/2022\/04\/casa_muntanya15.jpg' title=\"Casa en la calle Muntanya \/ Sau Taller d&#039;Arquitectura (\u00a9 Andr\u00e9s Flajszer)\" data-rl_title=\"Casa en la calle Muntanya \/ Sau Taller d&#039;Arquitectura (\u00a9 Andr\u00e9s Flajszer)\" class=\"rl-gallery-link\" data-rl_caption=\"Casa en la calle Muntanya \/ Sau Taller d&#039;Arquitectura (\u00a9 Andr\u00e9s Flajszer)\" data-rel=\"lightbox-gallery-1\"><img loading=\"lazy\" decoding=\"async\" width=\"150\" height=\"150\" src=\"https:\/\/www.arquimaster.com.ar\/web\/wp-content\/uploads\/2022\/04\/casa_muntanya15-150x150.jpg\" class=\"attachment-thumbnail size-thumbnail\" alt=\"Casa en la calle Muntanya \/ Sau Taller d&#039;Arquitectura\" aria-describedby=\"gallery-1-69671\" \/><\/a>\n\t\t\t<\/div>\n\t\t\t\t<figcaption class='wp-caption-text gallery-caption' id='gallery-1-69671'>\n\t\t\t\tCasa en la calle Muntanya \/ Sau Taller d&#8217;Arquitectura (\u00a9 Andr\u00e9s Flajszer)\n\t\t\t\t<\/figcaption><\/figure><figure class='gallery-item'>\n\t\t\t<div class='gallery-icon landscape'>\n\t\t\t\t<a href='https:\/\/www.arquimaster.com.ar\/web\/wp-content\/uploads\/2022\/04\/casa_muntanya16.jpg' title=\"Casa en la calle Muntanya \/ Sau Taller d&#039;Arquitectura (emplazamiento)\" data-rl_title=\"Casa en la calle Muntanya \/ Sau Taller d&#039;Arquitectura (emplazamiento)\" class=\"rl-gallery-link\" data-rl_caption=\"Casa en la calle Muntanya \/ Sau Taller d&#039;Arquitectura (emplazamiento)\" data-rel=\"lightbox-gallery-1\"><img loading=\"lazy\" decoding=\"async\" width=\"150\" height=\"150\" src=\"https:\/\/www.arquimaster.com.ar\/web\/wp-content\/uploads\/2022\/04\/casa_muntanya16-150x150.jpg\" class=\"attachment-thumbnail size-thumbnail\" alt=\"Casa en la calle Muntanya \/ Sau Taller d&#039;Arquitectura\" aria-describedby=\"gallery-1-69672\" \/><\/a>\n\t\t\t<\/div>\n\t\t\t\t<figcaption class='wp-caption-text gallery-caption' id='gallery-1-69672'>\n\t\t\t\tCasa en la calle Muntanya \/ Sau Taller d&#8217;Arquitectura (emplazamiento)\n\t\t\t\t<\/figcaption><\/figure><figure class='gallery-item'>\n\t\t\t<div class='gallery-icon portrait'>\n\t\t\t\t<a href='https:\/\/www.arquimaster.com.ar\/web\/wp-content\/uploads\/2022\/04\/casa_muntanya17.jpg' title=\"Casa en la calle Muntanya \/ Sau Taller d&#039;Arquitectura (planta baja con entorno)\" data-rl_title=\"Casa en la calle Muntanya \/ Sau Taller d&#039;Arquitectura (planta baja con entorno)\" class=\"rl-gallery-link\" data-rl_caption=\"Casa en la calle Muntanya \/ Sau Taller d&#039;Arquitectura (planta baja con entorno)\" data-rel=\"lightbox-gallery-1\"><img loading=\"lazy\" decoding=\"async\" width=\"150\" height=\"150\" src=\"https:\/\/www.arquimaster.com.ar\/web\/wp-content\/uploads\/2022\/04\/casa_muntanya17-150x150.jpg\" class=\"attachment-thumbnail size-thumbnail\" alt=\"Casa en la calle Muntanya \/ Sau Taller d&#039;Arquitectura\" aria-describedby=\"gallery-1-69673\" \/><\/a>\n\t\t\t<\/div>\n\t\t\t\t<figcaption class='wp-caption-text gallery-caption' id='gallery-1-69673'>\n\t\t\t\tCasa en la calle Muntanya \/ Sau Taller d&#8217;Arquitectura (planta baja con entorno)\n\t\t\t\t<\/figcaption><\/figure><figure class='gallery-item'>\n\t\t\t<div class='gallery-icon portrait'>\n\t\t\t\t<a href='https:\/\/www.arquimaster.com.ar\/web\/wp-content\/uploads\/2022\/04\/casa_muntanya18.jpg' title=\"Casa en la calle Muntanya \/ Sau Taller d&#039;Arquitectura (planta baja)\" data-rl_title=\"Casa en la calle Muntanya \/ Sau Taller d&#039;Arquitectura (planta baja)\" class=\"rl-gallery-link\" data-rl_caption=\"Casa en la calle Muntanya \/ Sau Taller d&#039;Arquitectura (planta baja)\" data-rel=\"lightbox-gallery-1\"><img loading=\"lazy\" decoding=\"async\" width=\"150\" height=\"150\" src=\"https:\/\/www.arquimaster.com.ar\/web\/wp-content\/uploads\/2022\/04\/casa_muntanya18-150x150.jpg\" class=\"attachment-thumbnail size-thumbnail\" alt=\"Casa en la calle Muntanya \/ Sau Taller d&#039;Arquitectura\" aria-describedby=\"gallery-1-69674\" \/><\/a>\n\t\t\t<\/div>\n\t\t\t\t<figcaption class='wp-caption-text gallery-caption' id='gallery-1-69674'>\n\t\t\t\tCasa en la calle Muntanya \/ Sau Taller d&#8217;Arquitectura (planta baja)\n\t\t\t\t<\/figcaption><\/figure><figure class='gallery-item'>\n\t\t\t<div class='gallery-icon portrait'>\n\t\t\t\t<a href='https:\/\/www.arquimaster.com.ar\/web\/wp-content\/uploads\/2022\/04\/casa_muntanya19.jpg' title=\"Casa en la calle Muntanya \/ Sau Taller d&#039;Arquitectura (planta alta)\" data-rl_title=\"Casa en la calle Muntanya \/ Sau Taller d&#039;Arquitectura (planta alta)\" class=\"rl-gallery-link\" data-rl_caption=\"Casa en la calle Muntanya \/ Sau Taller d&#039;Arquitectura (planta alta)\" data-rel=\"lightbox-gallery-1\"><img loading=\"lazy\" decoding=\"async\" width=\"150\" height=\"150\" src=\"https:\/\/www.arquimaster.com.ar\/web\/wp-content\/uploads\/2022\/04\/casa_muntanya19-150x150.jpg\" class=\"attachment-thumbnail size-thumbnail\" alt=\"Casa en la calle Muntanya \/ Sau Taller d&#039;Arquitectura\" aria-describedby=\"gallery-1-69675\" \/><\/a>\n\t\t\t<\/div>\n\t\t\t\t<figcaption class='wp-caption-text gallery-caption' id='gallery-1-69675'>\n\t\t\t\tCasa en la calle Muntanya \/ Sau Taller d&#8217;Arquitectura (planta alta)\n\t\t\t\t<\/figcaption><\/figure><figure class='gallery-item'>\n\t\t\t<div class='gallery-icon portrait'>\n\t\t\t\t<a href='https:\/\/www.arquimaster.com.ar\/web\/wp-content\/uploads\/2022\/04\/casa_muntanya20.jpg' title=\"Casa en la calle Muntanya \/ Sau Taller d&#039;Arquitectura (planta subsuelo)\" data-rl_title=\"Casa en la calle Muntanya \/ Sau Taller d&#039;Arquitectura (planta subsuelo)\" class=\"rl-gallery-link\" data-rl_caption=\"Casa en la calle Muntanya \/ Sau Taller d&#039;Arquitectura (planta subsuelo)\" data-rel=\"lightbox-gallery-1\"><img loading=\"lazy\" decoding=\"async\" width=\"150\" height=\"150\" src=\"https:\/\/www.arquimaster.com.ar\/web\/wp-content\/uploads\/2022\/04\/casa_muntanya20-150x150.jpg\" class=\"attachment-thumbnail size-thumbnail\" alt=\"Casa en la calle Muntanya \/ Sau Taller d&#039;Arquitectura\" aria-describedby=\"gallery-1-69676\" \/><\/a>\n\t\t\t<\/div>\n\t\t\t\t<figcaption class='wp-caption-text gallery-caption' id='gallery-1-69676'>\n\t\t\t\tCasa en la calle Muntanya \/ Sau Taller d&#8217;Arquitectura (planta subsuelo)\n\t\t\t\t<\/figcaption><\/figure><figure class='gallery-item'>\n\t\t\t<div class='gallery-icon landscape'>\n\t\t\t\t<a href='https:\/\/www.arquimaster.com.ar\/web\/wp-content\/uploads\/2022\/04\/casa_muntanya21.jpg' title=\"Casa en la calle Muntanya \/ Sau Taller d&#039;Arquitectura (corte)\" data-rl_title=\"Casa en la calle Muntanya \/ Sau Taller d&#039;Arquitectura (corte)\" class=\"rl-gallery-link\" data-rl_caption=\"Casa en la calle Muntanya \/ Sau Taller d&#039;Arquitectura (corte)\" data-rel=\"lightbox-gallery-1\"><img loading=\"lazy\" decoding=\"async\" width=\"150\" height=\"150\" src=\"https:\/\/www.arquimaster.com.ar\/web\/wp-content\/uploads\/2022\/04\/casa_muntanya21-150x150.jpg\" class=\"attachment-thumbnail size-thumbnail\" alt=\"Casa en la calle Muntanya \/ Sau Taller d&#039;Arquitectura\" aria-describedby=\"gallery-1-69677\" \/><\/a>\n\t\t\t<\/div>\n\t\t\t\t<figcaption class='wp-caption-text gallery-caption' id='gallery-1-69677'>\n\t\t\t\tCasa en la calle Muntanya \/ Sau Taller d&#8217;Arquitectura (corte)\n\t\t\t\t<\/figcaption><\/figure><figure class='gallery-item'>\n\t\t\t<div class='gallery-icon landscape'>\n\t\t\t\t<a href='https:\/\/www.arquimaster.com.ar\/web\/wp-content\/uploads\/2022\/04\/casa_muntanya22.jpg' title=\"Casa en la calle Muntanya \/ Sau Taller d&#039;Arquitectura (corte perspectivado)\" data-rl_title=\"Casa en la calle Muntanya \/ Sau Taller d&#039;Arquitectura (corte perspectivado)\" class=\"rl-gallery-link\" data-rl_caption=\"Casa en la calle Muntanya \/ Sau Taller d&#039;Arquitectura (corte perspectivado)\" data-rel=\"lightbox-gallery-1\"><img loading=\"lazy\" decoding=\"async\" width=\"150\" height=\"150\" src=\"https:\/\/www.arquimaster.com.ar\/web\/wp-content\/uploads\/2022\/04\/casa_muntanya22-150x150.jpg\" class=\"attachment-thumbnail size-thumbnail\" alt=\"Casa en la calle Muntanya \/ Sau Taller d&#039;Arquitectura\" aria-describedby=\"gallery-1-69678\" \/><\/a>\n\t\t\t<\/div>\n\t\t\t\t<figcaption class='wp-caption-text gallery-caption' id='gallery-1-69678'>\n\t\t\t\tCasa en la calle Muntanya \/ Sau Taller d&#8217;Arquitectura (corte perspectivado)\n\t\t\t\t<\/figcaption><\/figure><figure class='gallery-item'>\n\t\t\t<div class='gallery-icon landscape'>\n\t\t\t\t<a href='https:\/\/www.arquimaster.com.ar\/web\/wp-content\/uploads\/2022\/04\/casa_muntanya23.jpg' title=\"Casa en la calle Muntanya \/ Sau Taller d&#039;Arquitectura (vista frente)\" data-rl_title=\"Casa en la calle Muntanya \/ Sau Taller d&#039;Arquitectura (vista frente)\" class=\"rl-gallery-link\" data-rl_caption=\"Casa en la calle Muntanya \/ Sau Taller d&#039;Arquitectura (vista frente)\" data-rel=\"lightbox-gallery-1\"><img loading=\"lazy\" decoding=\"async\" width=\"150\" height=\"150\" src=\"https:\/\/www.arquimaster.com.ar\/web\/wp-content\/uploads\/2022\/04\/casa_muntanya23-150x150.jpg\" class=\"attachment-thumbnail size-thumbnail\" alt=\"Casa en la calle Muntanya \/ Sau Taller d&#039;Arquitectura\" aria-describedby=\"gallery-1-69679\" \/><\/a>\n\t\t\t<\/div>\n\t\t\t\t<figcaption class='wp-caption-text gallery-caption' id='gallery-1-69679'>\n\t\t\t\tCasa en la calle Muntanya \/ Sau Taller d&#8217;Arquitectura (vista frente)\n\t\t\t\t<\/figcaption><\/figure><figure class='gallery-item'>\n\t\t\t<div class='gallery-icon landscape'>\n\t\t\t\t<a href='https:\/\/www.arquimaster.com.ar\/web\/wp-content\/uploads\/2022\/04\/casa_muntanya24.jpg' title=\"Casa en la calle Muntanya \/ Sau Taller d&#039;Arquitectura (vista posterior)\" data-rl_title=\"Casa en la calle Muntanya \/ Sau Taller d&#039;Arquitectura (vista posterior)\" class=\"rl-gallery-link\" data-rl_caption=\"Casa en la calle Muntanya \/ Sau Taller d&#039;Arquitectura (vista posterior)\" data-rel=\"lightbox-gallery-1\"><img loading=\"lazy\" decoding=\"async\" width=\"150\" height=\"150\" src=\"https:\/\/www.arquimaster.com.ar\/web\/wp-content\/uploads\/2022\/04\/casa_muntanya24-150x150.jpg\" class=\"attachment-thumbnail size-thumbnail\" alt=\"Casa en la calle Muntanya \/ Sau Taller d&#039;Arquitectura\" aria-describedby=\"gallery-1-69680\" \/><\/a>\n\t\t\t<\/div>\n\t\t\t\t<figcaption class='wp-caption-text gallery-caption' id='gallery-1-69680'>\n\t\t\t\tCasa en la calle Muntanya \/ Sau Taller d&#8217;Arquitectura (vista posterior)\n\t\t\t\t<\/figcaption><\/figure>\n\t\t<\/div>\n\n<p>El programa funcional se organiza siguiendo estas premisas: El garaje, a cota calle, es la \u00fanica pieza que no tiene soleamineto directo aunque s\u00ed se ilumina cenitalmente a trav\u00e9s de la planta superior.<\/p>\n<p>La sala de estar-cocina-comedor, en la cota del patio, disfrutan del jard\u00edn y de un gran porche. Este es el espacio m\u00e1s alto de la casa, con una altura libre de 3,5 metros y unas grandes aperturas al patio que consiguen difuminar los l\u00edmites entre el interior y el exterior.<\/p>\n<p>Por encima de la sala de estar y a medio nivel por encima de la calle, encontramos la suite principal y otra habitaci\u00f3n. Ambas dan a un balc\u00f3n corrido que garantiza una peque\u00f1a salida al exterior.<\/p>\n<p>Finalmente, sobre el garaje, encontramos un espacio estudio vinculado a una gran terraza sol\u00e1rium. De este espacio cuelgan unas celdas que funcionan como peque\u00f1as extensiones del espacio principal.<\/p>\n<p>Las alturas libres responden a especificaciones propias del programa funcional. As\u00ed, la sala de estar-cocina-comedor (PB) y el estudio (P2) son dos espacios con alturas libres que superan los 3 metros. Estos dos espacios quedan muy vinculados a grandes espacios exteriores (el jard\u00edn y la terraza sol\u00e1rium) y la vida m\u00e1s p\u00fablica de la casa. En cambio, la suite y la habitaci\u00f3n de la primera planta tienen una altura de 2,5 metros. De este modo, se acota el espacio y se le da una vocaci\u00f3n m\u00e1s privada y recluida.<\/p>\n<p>Cada uno de los niveles queda retirado hacia atr\u00e1s respecto el inferior. Escalonando as\u00ed la secci\u00f3n, se garantiza luz y radiaci\u00f3n solar a todas las estancias, adem\u00e1s de dotar cada nivel de un espacio exterior.<\/p>\n<p>La sala de estar-cocina-comedor, queda vinculada al jard\u00edn y al uso diario; la suite, a un balc\u00f3n corrido de car\u00e1cter privado y \u00edntimo y el estudio, a una gran terraza sol\u00e1rium.<\/p>\n<p>Por otro lado, se centralizan todas las instalaciones y servicios en las medianeras y as\u00ed se liberan las fachadas y se garantiza el m\u00e1ximo de relaci\u00f3n con los espacios exteriores.<\/p>\n<p>La estructura vertical met\u00e1lica y los forjados de chapa colaborando permiten jugar con grandes luces y medios niveles. La chapa de los techo act\u00faa como difusor de luz reflej\u00e1ndola desde las fachadas hasta el interior de la casa.<\/p>\n<p>No hay revestimientos ni ornamentos, es decir, el espacio se deja en crudo: hormig\u00f3n, estructura met\u00e1lica y abedul. Una paleta de colores y materiales acotada con objetivo de generar un apoyo que permita al usuario adaptarlo y apropi\u00e1rselo en funci\u00f3n de sus necesidades.<\/p>\n\n\n<div style=\"height:20px\" aria-hidden=\"true\" class=\"wp-block-spacer\"><\/div>\n\n\n\n<p class=\"has-background\" style=\"background-color:#eaeaea\"><strong>Ficha t\u00e9cnica<\/strong><br>Nombre: Casa en la calle Muntanya<br>Ubicaci\u00f3n: Girona, Espa\u00f1a<br>Oficina de arquitectura: Sau Taller d&#8217;Arquitectura<br>Tipo de proyecto: Vivienda unifamiliar<br>Promotor: Privado<br>Superficie: 245 m2<br>A\u00f1o: 2021<br>Fotograf\u00edas: Andr\u00e9s Flajszer<br><br><strong>Contacto<\/strong><br><a href=\"https:\/\/www.sausl.com\" target=\"_blank\" rel=\"noreferrer noopener\">https:\/\/www.sausl.com<\/a><\/p>\n\n\n\n<div style=\"height:40px\" aria-hidden=\"true\" class=\"wp-block-spacer\"><\/div>\n\n\n<p><strong>Acerca del proyectista<\/strong><br>Sau Taller d&#8217;Arquitectura es un estudio de arquitectura multigeneracional y multidisciplinar nacido en Sant Joan de les Abadesses, Girona, y actualmente establecido tambi\u00e9n en Barcelona y Puigcerd\u00e0. Nuestra actividad profesional engloba proyectos de planeamiento, paisaje, arquitectura y dise\u00f1o de producto. El objectivo principal es dar una respuesta eficiente a los retos que plantea cada proyecto, haciendo de la funcionalidad y la racionalidad los pilares principales de nuestra pr\u00e1ctica profesional. La sencillez y la austeridad constructiva son un valor a\u00f1adido de nuestros proyetos. Proyectos comprometidos con el entorno y la tradici\u00f3n, concebidos para hacer m\u00e1s f\u00e1cil la vida de sus usuarios sin renunciar a la capacidad emotiva propia de la arquitectura. Entendemos el proyecto desde su globalidad. Asumiendo, entonces, aspectos primordiales como el c\u00e1lculo estructural, las instalaciones o el control energ\u00e9tico y clim\u00e1tico de nuestros proyectos y los introducimos desde el inicio del proceso del proyecto.<\/p>\n<div style=\"font-size: 0px; height: 0px; line-height: 0px; margin: 0; padding: 0; clear: both;\"><\/div><div style=\"margin-top: 0px; margin-bottom: 0px;\" class=\"sharethis-inline-share-buttons\" ><\/div>","protected":false},"excerpt":{"rendered":"<p>El proyecto se entiende desde la secci\u00f3n y la casa se plantea en niveles intermedios&#8230;<\/p>\n","protected":false},"author":1,"featured_media":69656,"comment_status":"closed","ping_status":"closed","sticky":false,"template":"","format":"standard","meta":{"_uag_custom_page_level_css":"","footnotes":""},"categories":[1,83],"tags":[104,7380,7324,254],"class_list":["post-69655","post","type-post","status-publish","format-standard","has-post-thumbnail","hentry","category-proyecto","category-vivienda-unifamiliar","tag-espana","tag-girona","tag-sau-taller-darquitectura","tag-vivienda-unifamiliar-2","generate-columns","tablet-grid-50","mobile-grid-100","grid-parent","grid-50"],"yoast_head":"<!-- This site is optimized with the Yoast SEO plugin v27.3 - https:\/\/yoast.com\/product\/yoast-seo-wordpress\/ -->\n<title>Casa en la calle Muntanya \/ Sau Taller d&#039;Arquitectura - Arquimaster<\/title>\n<meta name=\"description\" content=\"El proyecto se entiende desde la secci\u00f3n y la casa se plantea en niveles intermedios y con una volumetr\u00eda escalonada.\" \/>\n<meta name=\"robots\" content=\"index, follow, max-snippet:-1, max-image-preview:large, max-video-preview:-1\" \/>\n<link rel=\"canonical\" href=\"https:\/\/www.arquimaster.com.ar\/web\/casa-en-la-calle-muntanya-sau-taller-darquitectura\/\" \/>\n<meta property=\"og:locale\" content=\"es_ES\" \/>\n<meta property=\"og:type\" content=\"article\" \/>\n<meta property=\"og:title\" content=\"Casa en la calle Muntanya \/ Sau Taller d&#039;Arquitectura\" \/>\n<meta property=\"og:description\" content=\"El proyecto se entiende desde la secci\u00f3n y la casa se plantea en niveles intermedios y con una volumetr\u00eda escalonada.\" \/>\n<meta property=\"og:url\" content=\"https:\/\/www.arquimaster.com.ar\/web\/casa-en-la-calle-muntanya-sau-taller-darquitectura\/\" \/>\n<meta property=\"og:site_name\" content=\"Arquimaster\" \/>\n<meta property=\"article:publisher\" content=\"http:\/\/www.facebook.com\/ARQUIMASTER.com.ar\" \/>\n<meta property=\"article:published_time\" content=\"2022-04-22T19:15:53+00:00\" \/>\n<meta property=\"article:modified_time\" content=\"2022-09-29T19:11:13+00:00\" \/>\n<meta property=\"og:image\" content=\"https:\/\/www.arquimaster.com.ar\/web\/wp-content\/uploads\/2022\/04\/casa_muntanya_slide.jpg\" \/>\n\t<meta property=\"og:image:width\" content=\"698\" \/>\n\t<meta property=\"og:image:height\" content=\"364\" \/>\n\t<meta property=\"og:image:type\" content=\"image\/jpeg\" \/>\n<meta name=\"author\" content=\"Arquimaster\" \/>\n<meta name=\"twitter:card\" content=\"summary_large_image\" \/>\n<meta name=\"twitter:title\" content=\"Casa en la calle Muntanya \/ Sau Taller d&#039;Arquitectura\" \/>\n<meta name=\"twitter:description\" content=\"El proyecto se entiende desde la secci\u00f3n y la casa se plantea en niveles intermedios y con una volumetr\u00eda escalonada.\" \/>\n<meta name=\"twitter:image\" content=\"https:\/\/www.arquimaster.com.ar\/web\/wp-content\/uploads\/2022\/04\/casa_muntanya_slide.jpg\" \/>\n<meta name=\"twitter:creator\" content=\"@arquimaster\" \/>\n<meta name=\"twitter:site\" content=\"@arquimaster\" \/>\n<meta name=\"twitter:label1\" content=\"Escrito por\" \/>\n\t<meta name=\"twitter:data1\" content=\"Arquimaster\" \/>\n\t<meta name=\"twitter:label2\" content=\"Tiempo de lectura\" \/>\n\t<meta name=\"twitter:data2\" content=\"4 minutos\" \/>\n<script type=\"application\/ld+json\" class=\"yoast-schema-graph\">{\"@context\":\"https:\\\/\\\/schema.org\",\"@graph\":[{\"@type\":\"Article\",\"@id\":\"https:\\\/\\\/www.arquimaster.com.ar\\\/web\\\/casa-en-la-calle-muntanya-sau-taller-darquitectura\\\/#article\",\"isPartOf\":{\"@id\":\"https:\\\/\\\/www.arquimaster.com.ar\\\/web\\\/casa-en-la-calle-muntanya-sau-taller-darquitectura\\\/\"},\"author\":{\"name\":\"Arquimaster\",\"@id\":\"https:\\\/\\\/www.arquimaster.com.ar\\\/web\\\/#\\\/schema\\\/person\\\/359e9f7c00193fcde068e0dd2ceb0028\"},\"headline\":\"Casa en la calle Muntanya \\\/ Sau Taller d&#8217;Arquitectura\",\"datePublished\":\"2022-04-22T19:15:53+00:00\",\"dateModified\":\"2022-09-29T19:11:13+00:00\",\"mainEntityOfPage\":{\"@id\":\"https:\\\/\\\/www.arquimaster.com.ar\\\/web\\\/casa-en-la-calle-muntanya-sau-taller-darquitectura\\\/\"},\"wordCount\":725,\"publisher\":{\"@id\":\"https:\\\/\\\/www.arquimaster.com.ar\\\/web\\\/#organization\"},\"image\":{\"@id\":\"https:\\\/\\\/www.arquimaster.com.ar\\\/web\\\/casa-en-la-calle-muntanya-sau-taller-darquitectura\\\/#primaryimage\"},\"thumbnailUrl\":\"https:\\\/\\\/www.arquimaster.com.ar\\\/web\\\/wp-content\\\/uploads\\\/2022\\\/04\\\/casa_muntanya_slide.jpg\",\"keywords\":[\"Espa\u00f1a\",\"Girona\",\"Sau Taller d&#039;Arquitectura\",\"vivienda unifamiliar\"],\"articleSection\":[\"Proyecto\",\"Vivienda unifamiliar y PH\"],\"inLanguage\":\"es\"},{\"@type\":\"WebPage\",\"@id\":\"https:\\\/\\\/www.arquimaster.com.ar\\\/web\\\/casa-en-la-calle-muntanya-sau-taller-darquitectura\\\/\",\"url\":\"https:\\\/\\\/www.arquimaster.com.ar\\\/web\\\/casa-en-la-calle-muntanya-sau-taller-darquitectura\\\/\",\"name\":\"Casa en la calle Muntanya \\\/ Sau Taller d'Arquitectura - Arquimaster\",\"isPartOf\":{\"@id\":\"https:\\\/\\\/www.arquimaster.com.ar\\\/web\\\/#website\"},\"primaryImageOfPage\":{\"@id\":\"https:\\\/\\\/www.arquimaster.com.ar\\\/web\\\/casa-en-la-calle-muntanya-sau-taller-darquitectura\\\/#primaryimage\"},\"image\":{\"@id\":\"https:\\\/\\\/www.arquimaster.com.ar\\\/web\\\/casa-en-la-calle-muntanya-sau-taller-darquitectura\\\/#primaryimage\"},\"thumbnailUrl\":\"https:\\\/\\\/www.arquimaster.com.ar\\\/web\\\/wp-content\\\/uploads\\\/2022\\\/04\\\/casa_muntanya_slide.jpg\",\"datePublished\":\"2022-04-22T19:15:53+00:00\",\"dateModified\":\"2022-09-29T19:11:13+00:00\",\"description\":\"El proyecto se entiende desde la secci\u00f3n y la casa se plantea en niveles intermedios y con una volumetr\u00eda escalonada.\",\"breadcrumb\":{\"@id\":\"https:\\\/\\\/www.arquimaster.com.ar\\\/web\\\/casa-en-la-calle-muntanya-sau-taller-darquitectura\\\/#breadcrumb\"},\"inLanguage\":\"es\",\"potentialAction\":[{\"@type\":\"ReadAction\",\"target\":[\"https:\\\/\\\/www.arquimaster.com.ar\\\/web\\\/casa-en-la-calle-muntanya-sau-taller-darquitectura\\\/\"]}]},{\"@type\":\"ImageObject\",\"inLanguage\":\"es\",\"@id\":\"https:\\\/\\\/www.arquimaster.com.ar\\\/web\\\/casa-en-la-calle-muntanya-sau-taller-darquitectura\\\/#primaryimage\",\"url\":\"https:\\\/\\\/www.arquimaster.com.ar\\\/web\\\/wp-content\\\/uploads\\\/2022\\\/04\\\/casa_muntanya_slide.jpg\",\"contentUrl\":\"https:\\\/\\\/www.arquimaster.com.ar\\\/web\\\/wp-content\\\/uploads\\\/2022\\\/04\\\/casa_muntanya_slide.jpg\",\"width\":698,\"height\":364,\"caption\":\"Casa en la calle Muntanya \\\/ Sau Taller d'Arquitectura\"},{\"@type\":\"BreadcrumbList\",\"@id\":\"https:\\\/\\\/www.arquimaster.com.ar\\\/web\\\/casa-en-la-calle-muntanya-sau-taller-darquitectura\\\/#breadcrumb\",\"itemListElement\":[{\"@type\":\"ListItem\",\"position\":1,\"name\":\"Portada\",\"item\":\"https:\\\/\\\/www.arquimaster.com.ar\\\/web\\\/\"},{\"@type\":\"ListItem\",\"position\":2,\"name\":\"Casa en la calle Muntanya \\\/ Sau Taller d&#8217;Arquitectura\"}]},{\"@type\":\"WebSite\",\"@id\":\"https:\\\/\\\/www.arquimaster.com.ar\\\/web\\\/#website\",\"url\":\"https:\\\/\\\/www.arquimaster.com.ar\\\/web\\\/\",\"name\":\"Arquimaster\",\"description\":\"Web de arquitectura, dise\u00f1o y construccion\",\"publisher\":{\"@id\":\"https:\\\/\\\/www.arquimaster.com.ar\\\/web\\\/#organization\"},\"potentialAction\":[{\"@type\":\"SearchAction\",\"target\":{\"@type\":\"EntryPoint\",\"urlTemplate\":\"https:\\\/\\\/www.arquimaster.com.ar\\\/web\\\/?s={search_term_string}\"},\"query-input\":{\"@type\":\"PropertyValueSpecification\",\"valueRequired\":true,\"valueName\":\"search_term_string\"}}],\"inLanguage\":\"es\"},{\"@type\":\"Organization\",\"@id\":\"https:\\\/\\\/www.arquimaster.com.ar\\\/web\\\/#organization\",\"name\":\"Arquimaster\",\"url\":\"https:\\\/\\\/www.arquimaster.com.ar\\\/web\\\/\",\"logo\":{\"@type\":\"ImageObject\",\"inLanguage\":\"es\",\"@id\":\"https:\\\/\\\/www.arquimaster.com.ar\\\/web\\\/#\\\/schema\\\/logo\\\/image\\\/\",\"url\":\"https:\\\/\\\/www.arquimaster.com.ar\\\/web\\\/wp-content\\\/uploads\\\/2022\\\/06\\\/arquimaster.png\",\"contentUrl\":\"https:\\\/\\\/www.arquimaster.com.ar\\\/web\\\/wp-content\\\/uploads\\\/2022\\\/06\\\/arquimaster.png\",\"width\":594,\"height\":78,\"caption\":\"Arquimaster\"},\"image\":{\"@id\":\"https:\\\/\\\/www.arquimaster.com.ar\\\/web\\\/#\\\/schema\\\/logo\\\/image\\\/\"},\"sameAs\":[\"http:\\\/\\\/www.facebook.com\\\/ARQUIMASTER.com.ar\",\"https:\\\/\\\/x.com\\\/arquimaster\",\"https:\\\/\\\/www.instagram.com\\\/arquimasterblog\\\/\",\"https:\\\/\\\/www.linkedin.com\\\/company\\\/arquimaster\",\"https:\\\/\\\/www.pinterest.com\\\/arquimaster\",\"https:\\\/\\\/t.me\\\/arquimaster\"]},{\"@type\":\"Person\",\"@id\":\"https:\\\/\\\/www.arquimaster.com.ar\\\/web\\\/#\\\/schema\\\/person\\\/359e9f7c00193fcde068e0dd2ceb0028\",\"name\":\"Arquimaster\"}]}<\/script>\n<!-- \/ Yoast SEO plugin. -->","yoast_head_json":{"title":"Casa en la calle Muntanya \/ Sau Taller d'Arquitectura - Arquimaster","description":"El proyecto se entiende desde la secci\u00f3n y la casa se plantea en niveles intermedios y con una volumetr\u00eda escalonada.","robots":{"index":"index","follow":"follow","max-snippet":"max-snippet:-1","max-image-preview":"max-image-preview:large","max-video-preview":"max-video-preview:-1"},"canonical":"https:\/\/www.arquimaster.com.ar\/web\/casa-en-la-calle-muntanya-sau-taller-darquitectura\/","og_locale":"es_ES","og_type":"article","og_title":"Casa en la calle Muntanya \/ Sau Taller d'Arquitectura","og_description":"El proyecto se entiende desde la secci\u00f3n y la casa se plantea en niveles intermedios y con una volumetr\u00eda escalonada.","og_url":"https:\/\/www.arquimaster.com.ar\/web\/casa-en-la-calle-muntanya-sau-taller-darquitectura\/","og_site_name":"Arquimaster","article_publisher":"http:\/\/www.facebook.com\/ARQUIMASTER.com.ar","article_published_time":"2022-04-22T19:15:53+00:00","article_modified_time":"2022-09-29T19:11:13+00:00","og_image":[{"width":698,"height":364,"url":"https:\/\/www.arquimaster.com.ar\/web\/wp-content\/uploads\/2022\/04\/casa_muntanya_slide.jpg","type":"image\/jpeg"}],"author":"Arquimaster","twitter_card":"summary_large_image","twitter_title":"Casa en la calle Muntanya \/ Sau Taller d'Arquitectura","twitter_description":"El proyecto se entiende desde la secci\u00f3n y la casa se plantea en niveles intermedios y con una volumetr\u00eda escalonada.","twitter_image":"https:\/\/www.arquimaster.com.ar\/web\/wp-content\/uploads\/2022\/04\/casa_muntanya_slide.jpg","twitter_creator":"@arquimaster","twitter_site":"@arquimaster","twitter_misc":{"Escrito por":"Arquimaster","Tiempo de lectura":"4 minutos"},"schema":{"@context":"https:\/\/schema.org","@graph":[{"@type":"Article","@id":"https:\/\/www.arquimaster.com.ar\/web\/casa-en-la-calle-muntanya-sau-taller-darquitectura\/#article","isPartOf":{"@id":"https:\/\/www.arquimaster.com.ar\/web\/casa-en-la-calle-muntanya-sau-taller-darquitectura\/"},"author":{"name":"Arquimaster","@id":"https:\/\/www.arquimaster.com.ar\/web\/#\/schema\/person\/359e9f7c00193fcde068e0dd2ceb0028"},"headline":"Casa en la calle Muntanya \/ Sau Taller d&#8217;Arquitectura","datePublished":"2022-04-22T19:15:53+00:00","dateModified":"2022-09-29T19:11:13+00:00","mainEntityOfPage":{"@id":"https:\/\/www.arquimaster.com.ar\/web\/casa-en-la-calle-muntanya-sau-taller-darquitectura\/"},"wordCount":725,"publisher":{"@id":"https:\/\/www.arquimaster.com.ar\/web\/#organization"},"image":{"@id":"https:\/\/www.arquimaster.com.ar\/web\/casa-en-la-calle-muntanya-sau-taller-darquitectura\/#primaryimage"},"thumbnailUrl":"https:\/\/www.arquimaster.com.ar\/web\/wp-content\/uploads\/2022\/04\/casa_muntanya_slide.jpg","keywords":["Espa\u00f1a","Girona","Sau Taller d&#039;Arquitectura","vivienda unifamiliar"],"articleSection":["Proyecto","Vivienda unifamiliar y PH"],"inLanguage":"es"},{"@type":"WebPage","@id":"https:\/\/www.arquimaster.com.ar\/web\/casa-en-la-calle-muntanya-sau-taller-darquitectura\/","url":"https:\/\/www.arquimaster.com.ar\/web\/casa-en-la-calle-muntanya-sau-taller-darquitectura\/","name":"Casa en la calle Muntanya \/ Sau Taller d'Arquitectura - Arquimaster","isPartOf":{"@id":"https:\/\/www.arquimaster.com.ar\/web\/#website"},"primaryImageOfPage":{"@id":"https:\/\/www.arquimaster.com.ar\/web\/casa-en-la-calle-muntanya-sau-taller-darquitectura\/#primaryimage"},"image":{"@id":"https:\/\/www.arquimaster.com.ar\/web\/casa-en-la-calle-muntanya-sau-taller-darquitectura\/#primaryimage"},"thumbnailUrl":"https:\/\/www.arquimaster.com.ar\/web\/wp-content\/uploads\/2022\/04\/casa_muntanya_slide.jpg","datePublished":"2022-04-22T19:15:53+00:00","dateModified":"2022-09-29T19:11:13+00:00","description":"El proyecto se entiende desde la secci\u00f3n y la casa se plantea en niveles intermedios y con una volumetr\u00eda escalonada.","breadcrumb":{"@id":"https:\/\/www.arquimaster.com.ar\/web\/casa-en-la-calle-muntanya-sau-taller-darquitectura\/#breadcrumb"},"inLanguage":"es","potentialAction":[{"@type":"ReadAction","target":["https:\/\/www.arquimaster.com.ar\/web\/casa-en-la-calle-muntanya-sau-taller-darquitectura\/"]}]},{"@type":"ImageObject","inLanguage":"es","@id":"https:\/\/www.arquimaster.com.ar\/web\/casa-en-la-calle-muntanya-sau-taller-darquitectura\/#primaryimage","url":"https:\/\/www.arquimaster.com.ar\/web\/wp-content\/uploads\/2022\/04\/casa_muntanya_slide.jpg","contentUrl":"https:\/\/www.arquimaster.com.ar\/web\/wp-content\/uploads\/2022\/04\/casa_muntanya_slide.jpg","width":698,"height":364,"caption":"Casa en la calle Muntanya \/ Sau Taller d'Arquitectura"},{"@type":"BreadcrumbList","@id":"https:\/\/www.arquimaster.com.ar\/web\/casa-en-la-calle-muntanya-sau-taller-darquitectura\/#breadcrumb","itemListElement":[{"@type":"ListItem","position":1,"name":"Portada","item":"https:\/\/www.arquimaster.com.ar\/web\/"},{"@type":"ListItem","position":2,"name":"Casa en la calle Muntanya \/ Sau Taller d&#8217;Arquitectura"}]},{"@type":"WebSite","@id":"https:\/\/www.arquimaster.com.ar\/web\/#website","url":"https:\/\/www.arquimaster.com.ar\/web\/","name":"Arquimaster","description":"Web de arquitectura, dise\u00f1o y construccion","publisher":{"@id":"https:\/\/www.arquimaster.com.ar\/web\/#organization"},"potentialAction":[{"@type":"SearchAction","target":{"@type":"EntryPoint","urlTemplate":"https:\/\/www.arquimaster.com.ar\/web\/?s={search_term_string}"},"query-input":{"@type":"PropertyValueSpecification","valueRequired":true,"valueName":"search_term_string"}}],"inLanguage":"es"},{"@type":"Organization","@id":"https:\/\/www.arquimaster.com.ar\/web\/#organization","name":"Arquimaster","url":"https:\/\/www.arquimaster.com.ar\/web\/","logo":{"@type":"ImageObject","inLanguage":"es","@id":"https:\/\/www.arquimaster.com.ar\/web\/#\/schema\/logo\/image\/","url":"https:\/\/www.arquimaster.com.ar\/web\/wp-content\/uploads\/2022\/06\/arquimaster.png","contentUrl":"https:\/\/www.arquimaster.com.ar\/web\/wp-content\/uploads\/2022\/06\/arquimaster.png","width":594,"height":78,"caption":"Arquimaster"},"image":{"@id":"https:\/\/www.arquimaster.com.ar\/web\/#\/schema\/logo\/image\/"},"sameAs":["http:\/\/www.facebook.com\/ARQUIMASTER.com.ar","https:\/\/x.com\/arquimaster","https:\/\/www.instagram.com\/arquimasterblog\/","https:\/\/www.linkedin.com\/company\/arquimaster","https:\/\/www.pinterest.com\/arquimaster","https:\/\/t.me\/arquimaster"]},{"@type":"Person","@id":"https:\/\/www.arquimaster.com.ar\/web\/#\/schema\/person\/359e9f7c00193fcde068e0dd2ceb0028","name":"Arquimaster"}]}},"uagb_featured_image_src":{"full":["https:\/\/www.arquimaster.com.ar\/web\/wp-content\/uploads\/2022\/04\/casa_muntanya_slide.jpg",698,364,false],"thumbnail":["https:\/\/www.arquimaster.com.ar\/web\/wp-content\/uploads\/2022\/04\/casa_muntanya_slide-150x150.jpg",150,150,true],"medium":["https:\/\/www.arquimaster.com.ar\/web\/wp-content\/uploads\/2022\/04\/casa_muntanya_slide.jpg",698,364,false],"medium_large":["https:\/\/www.arquimaster.com.ar\/web\/wp-content\/uploads\/2022\/04\/casa_muntanya_slide.jpg",698,364,false],"large":["https:\/\/www.arquimaster.com.ar\/web\/wp-content\/uploads\/2022\/04\/casa_muntanya_slide.jpg",698,364,false],"1536x1536":["https:\/\/www.arquimaster.com.ar\/web\/wp-content\/uploads\/2022\/04\/casa_muntanya_slide.jpg",698,364,false],"2048x2048":["https:\/\/www.arquimaster.com.ar\/web\/wp-content\/uploads\/2022\/04\/casa_muntanya_slide.jpg",698,364,false]},"uagb_author_info":{"display_name":"Arquimaster","author_link":"https:\/\/www.arquimaster.com.ar\/web\/author\/arquimaster\/"},"uagb_comment_info":0,"uagb_excerpt":"El proyecto se entiende desde la secci\u00f3n y la casa se plantea en niveles intermedios...","_links":{"self":[{"href":"https:\/\/www.arquimaster.com.ar\/web\/wp-json\/wp\/v2\/posts\/69655","targetHints":{"allow":["GET"]}}],"collection":[{"href":"https:\/\/www.arquimaster.com.ar\/web\/wp-json\/wp\/v2\/posts"}],"about":[{"href":"https:\/\/www.arquimaster.com.ar\/web\/wp-json\/wp\/v2\/types\/post"}],"author":[{"embeddable":true,"href":"https:\/\/www.arquimaster.com.ar\/web\/wp-json\/wp\/v2\/users\/1"}],"replies":[{"embeddable":true,"href":"https:\/\/www.arquimaster.com.ar\/web\/wp-json\/wp\/v2\/comments?post=69655"}],"version-history":[{"count":2,"href":"https:\/\/www.arquimaster.com.ar\/web\/wp-json\/wp\/v2\/posts\/69655\/revisions"}],"predecessor-version":[{"id":72864,"href":"https:\/\/www.arquimaster.com.ar\/web\/wp-json\/wp\/v2\/posts\/69655\/revisions\/72864"}],"wp:featuredmedia":[{"embeddable":true,"href":"https:\/\/www.arquimaster.com.ar\/web\/wp-json\/wp\/v2\/media\/69656"}],"wp:attachment":[{"href":"https:\/\/www.arquimaster.com.ar\/web\/wp-json\/wp\/v2\/media?parent=69655"}],"wp:term":[{"taxonomy":"category","embeddable":true,"href":"https:\/\/www.arquimaster.com.ar\/web\/wp-json\/wp\/v2\/categories?post=69655"},{"taxonomy":"post_tag","embeddable":true,"href":"https:\/\/www.arquimaster.com.ar\/web\/wp-json\/wp\/v2\/tags?post=69655"}],"curies":[{"name":"wp","href":"https:\/\/api.w.org\/{rel}","templated":true}]}}