{"id":69683,"date":"2022-04-22T16:43:00","date_gmt":"2022-04-22T19:43:00","guid":{"rendered":"https:\/\/www.arquimaster.com.ar\/web\/?p=69683"},"modified":"2022-09-08T19:41:32","modified_gmt":"2022-09-08T22:41:32","slug":"spa-privado-en-tepoztlan-soler-orozco-arquitectos","status":"publish","type":"post","link":"https:\/\/www.arquimaster.com.ar\/web\/spa-privado-en-tepoztlan-soler-orozco-arquitectos\/","title":{"rendered":"Spa privado en Tepoztl\u00e1n \/ Soler Orozco Arquitectos"},"content":{"rendered":"<div style=\"margin-top: 0px; margin-bottom: 0px;\" class=\"sharethis-inline-share-buttons\" ><\/div><div class=\"b812932af2e751442846f039925109de\" data-index=\"1\" style=\"float: none; margin:25px 0 25px 0; text-align:center;\">\n<script async src=\"https:\/\/pagead2.googlesyndication.com\/pagead\/js\/adsbygoogle.js\"><\/script>\r\n<!-- Arquimaster (superior) -->\r\n<ins class=\"adsbygoogle\"\r\n     style=\"display:block\"\r\n     data-ad-client=\"ca-pub-6351072698456832\"\r\n     data-ad-slot=\"6455489680\"\r\n     data-ad-format=\"auto\"\r\n     data-full-width-responsive=\"true\"><\/ins>\r\n<script>\r\n     (adsbygoogle = window.adsbygoogle || []).push({});\r\n<\/script>\n<\/div>\n<p><strong>Spa privado en Tepoztl\u00e1n<\/strong> (Tepoztl\u00e1n, Morelos, M\u00e9xico) por <strong>Soler Orozco Arquitectos<\/strong>. Tepoztl\u00e1n goza de la reputaci\u00f3n de ser un lugar mistico, envuelto en historia precolombina, energ\u00edas creativas y curativas. El sitio esta rodeado por monta\u00f1as, un rio de temporal, verde interminable y vasto cielo. La vegetaci\u00f3n es abundante y el cerro del Tepozteco se oculta bajo el follaje a pesar de su imponente cercan\u00eda. A nivel del suelo, el calor y la humedad se sienten aun a la sombra de los \u00e1rboles.<\/p>\n<div id='gallery-1' class='gallery galleryid-69683 gallery-columns-3 gallery-size-thumbnail'><figure class='gallery-item'>\n\t\t\t<div class='gallery-icon landscape'>\n\t\t\t\t<a href='https:\/\/www.arquimaster.com.ar\/web\/wp-content\/uploads\/2022\/04\/spa_privado_tepoztlan1.jpg' title=\"Spa privado en Tepoztl\u00e1n \/ Soler Orozco Arquitectos (\u00a9 Jaime Navarro)\" data-rl_title=\"Spa privado en Tepoztl\u00e1n \/ Soler Orozco Arquitectos (\u00a9 Jaime Navarro)\" class=\"rl-gallery-link\" data-rl_caption=\"Spa privado en Tepoztl\u00e1n \/ Soler Orozco Arquitectos (\u00a9 Jaime Navarro)\" data-rel=\"lightbox-gallery-1\"><img loading=\"lazy\" decoding=\"async\" width=\"150\" height=\"150\" src=\"https:\/\/www.arquimaster.com.ar\/web\/wp-content\/uploads\/2022\/04\/spa_privado_tepoztlan1-150x150.jpg\" class=\"attachment-thumbnail size-thumbnail\" alt=\"Spa privado en Tepoztl\u00e1n \/ Soler Orozco Arquitectos\" aria-describedby=\"gallery-1-69685\" \/><\/a>\n\t\t\t<\/div>\n\t\t\t\t<figcaption class='wp-caption-text gallery-caption' id='gallery-1-69685'>\n\t\t\t\tSpa privado en Tepoztl\u00e1n \/ Soler Orozco Arquitectos (\u00a9 Jaime Navarro)\n\t\t\t\t<\/figcaption><\/figure><figure class='gallery-item'>\n\t\t\t<div class='gallery-icon landscape'>\n\t\t\t\t<a href='https:\/\/www.arquimaster.com.ar\/web\/wp-content\/uploads\/2022\/04\/spa_privado_tepoztlan2.jpg' title=\"Spa privado en Tepoztl\u00e1n \/ Soler Orozco Arquitectos (\u00a9 Jaime Navarro)\" data-rl_title=\"Spa privado en Tepoztl\u00e1n \/ Soler Orozco Arquitectos (\u00a9 Jaime Navarro)\" class=\"rl-gallery-link\" data-rl_caption=\"Spa privado en Tepoztl\u00e1n \/ Soler Orozco Arquitectos (\u00a9 Jaime Navarro)\" data-rel=\"lightbox-gallery-1\"><img loading=\"lazy\" decoding=\"async\" width=\"150\" height=\"150\" src=\"https:\/\/www.arquimaster.com.ar\/web\/wp-content\/uploads\/2022\/04\/spa_privado_tepoztlan2-150x150.jpg\" class=\"attachment-thumbnail size-thumbnail\" alt=\"Spa privado en Tepoztl\u00e1n \/ Soler Orozco Arquitectos\" aria-describedby=\"gallery-1-69686\" \/><\/a>\n\t\t\t<\/div>\n\t\t\t\t<figcaption class='wp-caption-text gallery-caption' id='gallery-1-69686'>\n\t\t\t\tSpa privado en Tepoztl\u00e1n \/ Soler Orozco Arquitectos (\u00a9 Jaime Navarro)\n\t\t\t\t<\/figcaption><\/figure><figure class='gallery-item'>\n\t\t\t<div class='gallery-icon landscape'>\n\t\t\t\t<a href='https:\/\/www.arquimaster.com.ar\/web\/wp-content\/uploads\/2022\/04\/spa_privado_tepoztlan3.jpg' title=\"Spa privado en Tepoztl\u00e1n \/ Soler Orozco Arquitectos (\u00a9 Jaime Navarro)\" data-rl_title=\"Spa privado en Tepoztl\u00e1n \/ Soler Orozco Arquitectos (\u00a9 Jaime Navarro)\" class=\"rl-gallery-link\" data-rl_caption=\"Spa privado en Tepoztl\u00e1n \/ Soler Orozco Arquitectos (\u00a9 Jaime Navarro)\" data-rel=\"lightbox-gallery-1\"><img loading=\"lazy\" decoding=\"async\" width=\"150\" height=\"150\" src=\"https:\/\/www.arquimaster.com.ar\/web\/wp-content\/uploads\/2022\/04\/spa_privado_tepoztlan3-150x150.jpg\" class=\"attachment-thumbnail size-thumbnail\" alt=\"Spa privado en Tepoztl\u00e1n \/ Soler Orozco Arquitectos\" aria-describedby=\"gallery-1-69687\" \/><\/a>\n\t\t\t<\/div>\n\t\t\t\t<figcaption class='wp-caption-text gallery-caption' id='gallery-1-69687'>\n\t\t\t\tSpa privado en Tepoztl\u00e1n \/ Soler Orozco Arquitectos (\u00a9 Jaime Navarro)\n\t\t\t\t<\/figcaption><\/figure><figure class='gallery-item'>\n\t\t\t<div class='gallery-icon landscape'>\n\t\t\t\t<a href='https:\/\/www.arquimaster.com.ar\/web\/wp-content\/uploads\/2022\/04\/spa_privado_tepoztlan4.jpg' title=\"Spa privado en Tepoztl\u00e1n \/ Soler Orozco Arquitectos (\u00a9 Jaime Navarro)\" data-rl_title=\"Spa privado en Tepoztl\u00e1n \/ Soler Orozco Arquitectos (\u00a9 Jaime Navarro)\" class=\"rl-gallery-link\" data-rl_caption=\"Spa privado en Tepoztl\u00e1n \/ Soler Orozco Arquitectos (\u00a9 Jaime Navarro)\" data-rel=\"lightbox-gallery-1\"><img loading=\"lazy\" decoding=\"async\" width=\"150\" height=\"150\" src=\"https:\/\/www.arquimaster.com.ar\/web\/wp-content\/uploads\/2022\/04\/spa_privado_tepoztlan4-150x150.jpg\" class=\"attachment-thumbnail size-thumbnail\" alt=\"Spa privado en Tepoztl\u00e1n \/ Soler Orozco Arquitectos\" aria-describedby=\"gallery-1-69688\" \/><\/a>\n\t\t\t<\/div>\n\t\t\t\t<figcaption class='wp-caption-text gallery-caption' id='gallery-1-69688'>\n\t\t\t\tSpa privado en Tepoztl\u00e1n \/ Soler Orozco Arquitectos (\u00a9 Jaime Navarro)\n\t\t\t\t<\/figcaption><\/figure><figure class='gallery-item'>\n\t\t\t<div class='gallery-icon landscape'>\n\t\t\t\t<a href='https:\/\/www.arquimaster.com.ar\/web\/wp-content\/uploads\/2022\/04\/spa_privado_tepoztlan6.jpg' title=\"Spa privado en Tepoztl\u00e1n \/ Soler Orozco Arquitectos (\u00a9 Jaime Navarro)\" data-rl_title=\"Spa privado en Tepoztl\u00e1n \/ Soler Orozco Arquitectos (\u00a9 Jaime Navarro)\" class=\"rl-gallery-link\" data-rl_caption=\"Spa privado en Tepoztl\u00e1n \/ Soler Orozco Arquitectos (\u00a9 Jaime Navarro)\" data-rel=\"lightbox-gallery-1\"><img loading=\"lazy\" decoding=\"async\" width=\"150\" height=\"150\" src=\"https:\/\/www.arquimaster.com.ar\/web\/wp-content\/uploads\/2022\/04\/spa_privado_tepoztlan6-150x150.jpg\" class=\"attachment-thumbnail size-thumbnail\" alt=\"Spa privado en Tepoztl\u00e1n \/ Soler Orozco Arquitectos\" aria-describedby=\"gallery-1-69689\" \/><\/a>\n\t\t\t<\/div>\n\t\t\t\t<figcaption class='wp-caption-text gallery-caption' id='gallery-1-69689'>\n\t\t\t\tSpa privado en Tepoztl\u00e1n \/ Soler Orozco Arquitectos (\u00a9 Jaime Navarro)\n\t\t\t\t<\/figcaption><\/figure><figure class='gallery-item'>\n\t\t\t<div class='gallery-icon landscape'>\n\t\t\t\t<a href='https:\/\/www.arquimaster.com.ar\/web\/wp-content\/uploads\/2022\/04\/spa_privado_tepoztlan7.jpg' title=\"Spa privado en Tepoztl\u00e1n \/ Soler Orozco Arquitectos (\u00a9 Jaime Navarro)\" data-rl_title=\"Spa privado en Tepoztl\u00e1n \/ Soler Orozco Arquitectos (\u00a9 Jaime Navarro)\" class=\"rl-gallery-link\" data-rl_caption=\"Spa privado en Tepoztl\u00e1n \/ Soler Orozco Arquitectos (\u00a9 Jaime Navarro)\" data-rel=\"lightbox-gallery-1\"><img loading=\"lazy\" decoding=\"async\" width=\"150\" height=\"150\" src=\"https:\/\/www.arquimaster.com.ar\/web\/wp-content\/uploads\/2022\/04\/spa_privado_tepoztlan7-150x150.jpg\" class=\"attachment-thumbnail size-thumbnail\" alt=\"Spa privado en Tepoztl\u00e1n \/ Soler Orozco Arquitectos\" aria-describedby=\"gallery-1-69690\" \/><\/a>\n\t\t\t<\/div>\n\t\t\t\t<figcaption class='wp-caption-text gallery-caption' id='gallery-1-69690'>\n\t\t\t\tSpa privado en Tepoztl\u00e1n \/ Soler Orozco Arquitectos (\u00a9 Jaime Navarro)\n\t\t\t\t<\/figcaption><\/figure><figure class='gallery-item'>\n\t\t\t<div class='gallery-icon landscape'>\n\t\t\t\t<a href='https:\/\/www.arquimaster.com.ar\/web\/wp-content\/uploads\/2022\/04\/spa_privado_tepoztlan8.jpg' title=\"Spa privado en Tepoztl\u00e1n \/ Soler Orozco Arquitectos (\u00a9 Jaime Navarro)\" data-rl_title=\"Spa privado en Tepoztl\u00e1n \/ Soler Orozco Arquitectos (\u00a9 Jaime Navarro)\" class=\"rl-gallery-link\" data-rl_caption=\"Spa privado en Tepoztl\u00e1n \/ Soler Orozco Arquitectos (\u00a9 Jaime Navarro)\" data-rel=\"lightbox-gallery-1\"><img loading=\"lazy\" decoding=\"async\" width=\"150\" height=\"150\" src=\"https:\/\/www.arquimaster.com.ar\/web\/wp-content\/uploads\/2022\/04\/spa_privado_tepoztlan8-150x150.jpg\" class=\"attachment-thumbnail size-thumbnail\" alt=\"Spa privado en Tepoztl\u00e1n \/ Soler Orozco Arquitectos\" aria-describedby=\"gallery-1-69691\" \/><\/a>\n\t\t\t<\/div>\n\t\t\t\t<figcaption class='wp-caption-text gallery-caption' id='gallery-1-69691'>\n\t\t\t\tSpa privado en Tepoztl\u00e1n \/ Soler Orozco Arquitectos (\u00a9 Jaime Navarro)\n\t\t\t\t<\/figcaption><\/figure><figure class='gallery-item'>\n\t\t\t<div class='gallery-icon landscape'>\n\t\t\t\t<a href='https:\/\/www.arquimaster.com.ar\/web\/wp-content\/uploads\/2022\/04\/spa_privado_tepoztlan9.jpg' title=\"Spa privado en Tepoztl\u00e1n \/ Soler Orozco Arquitectos (\u00a9 Jaime Navarro)\" data-rl_title=\"Spa privado en Tepoztl\u00e1n \/ Soler Orozco Arquitectos (\u00a9 Jaime Navarro)\" class=\"rl-gallery-link\" data-rl_caption=\"Spa privado en Tepoztl\u00e1n \/ Soler Orozco Arquitectos (\u00a9 Jaime Navarro)\" data-rel=\"lightbox-gallery-1\"><img loading=\"lazy\" decoding=\"async\" width=\"150\" height=\"150\" src=\"https:\/\/www.arquimaster.com.ar\/web\/wp-content\/uploads\/2022\/04\/spa_privado_tepoztlan9-150x150.jpg\" class=\"attachment-thumbnail size-thumbnail\" alt=\"Spa privado en Tepoztl\u00e1n \/ Soler Orozco Arquitectos\" aria-describedby=\"gallery-1-69692\" \/><\/a>\n\t\t\t<\/div>\n\t\t\t\t<figcaption class='wp-caption-text gallery-caption' id='gallery-1-69692'>\n\t\t\t\tSpa privado en Tepoztl\u00e1n \/ Soler Orozco Arquitectos (\u00a9 Jaime Navarro)\n\t\t\t\t<\/figcaption><\/figure><figure class='gallery-item'>\n\t\t\t<div class='gallery-icon landscape'>\n\t\t\t\t<a href='https:\/\/www.arquimaster.com.ar\/web\/wp-content\/uploads\/2022\/04\/spa_privado_tepoztlan10.jpg' title=\"Spa privado en Tepoztl\u00e1n \/ Soler Orozco Arquitectos (\u00a9 Jaime Navarro)\" data-rl_title=\"Spa privado en Tepoztl\u00e1n \/ Soler Orozco Arquitectos (\u00a9 Jaime Navarro)\" class=\"rl-gallery-link\" data-rl_caption=\"Spa privado en Tepoztl\u00e1n \/ Soler Orozco Arquitectos (\u00a9 Jaime Navarro)\" data-rel=\"lightbox-gallery-1\"><img loading=\"lazy\" decoding=\"async\" width=\"150\" height=\"150\" src=\"https:\/\/www.arquimaster.com.ar\/web\/wp-content\/uploads\/2022\/04\/spa_privado_tepoztlan10-150x150.jpg\" class=\"attachment-thumbnail size-thumbnail\" alt=\"Spa privado en Tepoztl\u00e1n \/ Soler Orozco Arquitectos\" aria-describedby=\"gallery-1-69693\" \/><\/a>\n\t\t\t<\/div>\n\t\t\t\t<figcaption class='wp-caption-text gallery-caption' id='gallery-1-69693'>\n\t\t\t\tSpa privado en Tepoztl\u00e1n \/ Soler Orozco Arquitectos (\u00a9 Jaime Navarro)\n\t\t\t\t<\/figcaption><\/figure><figure class='gallery-item'>\n\t\t\t<div class='gallery-icon landscape'>\n\t\t\t\t<a href='https:\/\/www.arquimaster.com.ar\/web\/wp-content\/uploads\/2022\/04\/spa_privado_tepoztlan11.jpg' title=\"Spa privado en Tepoztl\u00e1n \/ Soler Orozco Arquitectos (\u00a9 Jaime Navarro)\" data-rl_title=\"Spa privado en Tepoztl\u00e1n \/ Soler Orozco Arquitectos (\u00a9 Jaime Navarro)\" class=\"rl-gallery-link\" data-rl_caption=\"Spa privado en Tepoztl\u00e1n \/ Soler Orozco Arquitectos (\u00a9 Jaime Navarro)\" data-rel=\"lightbox-gallery-1\"><img loading=\"lazy\" decoding=\"async\" width=\"150\" height=\"150\" src=\"https:\/\/www.arquimaster.com.ar\/web\/wp-content\/uploads\/2022\/04\/spa_privado_tepoztlan11-150x150.jpg\" class=\"attachment-thumbnail size-thumbnail\" alt=\"Spa privado en Tepoztl\u00e1n \/ Soler Orozco Arquitectos\" aria-describedby=\"gallery-1-69694\" \/><\/a>\n\t\t\t<\/div>\n\t\t\t\t<figcaption class='wp-caption-text gallery-caption' id='gallery-1-69694'>\n\t\t\t\tSpa privado en Tepoztl\u00e1n \/ Soler Orozco Arquitectos (\u00a9 Jaime Navarro)\n\t\t\t\t<\/figcaption><\/figure><figure class='gallery-item'>\n\t\t\t<div class='gallery-icon landscape'>\n\t\t\t\t<a href='https:\/\/www.arquimaster.com.ar\/web\/wp-content\/uploads\/2022\/04\/spa_privado_tepoztlan12.jpg' title=\"Spa privado en Tepoztl\u00e1n \/ Soler Orozco Arquitectos (\u00a9 Jaime Navarro)\" data-rl_title=\"Spa privado en Tepoztl\u00e1n \/ Soler Orozco Arquitectos (\u00a9 Jaime Navarro)\" class=\"rl-gallery-link\" data-rl_caption=\"Spa privado en Tepoztl\u00e1n \/ Soler Orozco Arquitectos (\u00a9 Jaime Navarro)\" data-rel=\"lightbox-gallery-1\"><img loading=\"lazy\" decoding=\"async\" width=\"150\" height=\"150\" src=\"https:\/\/www.arquimaster.com.ar\/web\/wp-content\/uploads\/2022\/04\/spa_privado_tepoztlan12-150x150.jpg\" class=\"attachment-thumbnail size-thumbnail\" alt=\"Spa privado en Tepoztl\u00e1n \/ Soler Orozco Arquitectos\" aria-describedby=\"gallery-1-69695\" \/><\/a>\n\t\t\t<\/div>\n\t\t\t\t<figcaption class='wp-caption-text gallery-caption' id='gallery-1-69695'>\n\t\t\t\tSpa privado en Tepoztl\u00e1n \/ Soler Orozco Arquitectos (\u00a9 Jaime Navarro)\n\t\t\t\t<\/figcaption><\/figure><figure class='gallery-item'>\n\t\t\t<div class='gallery-icon portrait'>\n\t\t\t\t<a href='https:\/\/www.arquimaster.com.ar\/web\/wp-content\/uploads\/2022\/04\/spa_privado_tepoztlan13.jpg' title=\"Spa privado en Tepoztl\u00e1n \/ Soler Orozco Arquitectos (\u00a9 Jaime Navarro)\" data-rl_title=\"Spa privado en Tepoztl\u00e1n \/ Soler Orozco Arquitectos (\u00a9 Jaime Navarro)\" class=\"rl-gallery-link\" data-rl_caption=\"Spa privado en Tepoztl\u00e1n \/ Soler Orozco Arquitectos (\u00a9 Jaime Navarro)\" data-rel=\"lightbox-gallery-1\"><img loading=\"lazy\" decoding=\"async\" width=\"150\" height=\"150\" src=\"https:\/\/www.arquimaster.com.ar\/web\/wp-content\/uploads\/2022\/04\/spa_privado_tepoztlan13-150x150.jpg\" class=\"attachment-thumbnail size-thumbnail\" alt=\"Spa privado en Tepoztl\u00e1n \/ Soler Orozco Arquitectos\" aria-describedby=\"gallery-1-69696\" \/><\/a>\n\t\t\t<\/div>\n\t\t\t\t<figcaption class='wp-caption-text gallery-caption' id='gallery-1-69696'>\n\t\t\t\tSpa privado en Tepoztl\u00e1n \/ Soler Orozco Arquitectos (\u00a9 Jaime Navarro)\n\t\t\t\t<\/figcaption><\/figure><figure class='gallery-item'>\n\t\t\t<div class='gallery-icon landscape'>\n\t\t\t\t<a href='https:\/\/www.arquimaster.com.ar\/web\/wp-content\/uploads\/2022\/04\/spa_privado_tepoztlan14.jpg' title=\"Spa privado en Tepoztl\u00e1n \/ Soler Orozco Arquitectos (\u00a9 Jaime Navarro)\" data-rl_title=\"Spa privado en Tepoztl\u00e1n \/ Soler Orozco Arquitectos (\u00a9 Jaime Navarro)\" class=\"rl-gallery-link\" data-rl_caption=\"Spa privado en Tepoztl\u00e1n \/ Soler Orozco Arquitectos (\u00a9 Jaime Navarro)\" data-rel=\"lightbox-gallery-1\"><img loading=\"lazy\" decoding=\"async\" width=\"150\" height=\"150\" src=\"https:\/\/www.arquimaster.com.ar\/web\/wp-content\/uploads\/2022\/04\/spa_privado_tepoztlan14-150x150.jpg\" class=\"attachment-thumbnail size-thumbnail\" alt=\"Spa privado en Tepoztl\u00e1n \/ Soler Orozco Arquitectos\" aria-describedby=\"gallery-1-69697\" \/><\/a>\n\t\t\t<\/div>\n\t\t\t\t<figcaption class='wp-caption-text gallery-caption' id='gallery-1-69697'>\n\t\t\t\tSpa privado en Tepoztl\u00e1n \/ Soler Orozco Arquitectos (\u00a9 Jaime Navarro)\n\t\t\t\t<\/figcaption><\/figure><figure class='gallery-item'>\n\t\t\t<div class='gallery-icon portrait'>\n\t\t\t\t<a href='https:\/\/www.arquimaster.com.ar\/web\/wp-content\/uploads\/2022\/04\/spa_privado_tepoztlan15.jpg' title=\"Spa privado en Tepoztl\u00e1n \/ Soler Orozco Arquitectos (\u00a9 Jaime Navarro)\" data-rl_title=\"Spa privado en Tepoztl\u00e1n \/ Soler Orozco Arquitectos (\u00a9 Jaime Navarro)\" class=\"rl-gallery-link\" data-rl_caption=\"Spa privado en Tepoztl\u00e1n \/ Soler Orozco Arquitectos (\u00a9 Jaime Navarro)\" data-rel=\"lightbox-gallery-1\"><img loading=\"lazy\" decoding=\"async\" width=\"150\" height=\"150\" src=\"https:\/\/www.arquimaster.com.ar\/web\/wp-content\/uploads\/2022\/04\/spa_privado_tepoztlan15-150x150.jpg\" class=\"attachment-thumbnail size-thumbnail\" alt=\"Spa privado en Tepoztl\u00e1n \/ Soler Orozco Arquitectos\" aria-describedby=\"gallery-1-69698\" \/><\/a>\n\t\t\t<\/div>\n\t\t\t\t<figcaption class='wp-caption-text gallery-caption' id='gallery-1-69698'>\n\t\t\t\tSpa privado en Tepoztl\u00e1n \/ Soler Orozco Arquitectos (\u00a9 Jaime Navarro)\n\t\t\t\t<\/figcaption><\/figure><figure class='gallery-item'>\n\t\t\t<div class='gallery-icon landscape'>\n\t\t\t\t<a href='https:\/\/www.arquimaster.com.ar\/web\/wp-content\/uploads\/2022\/04\/spa_privado_tepoztlan16.jpg' title=\"Spa privado en Tepoztl\u00e1n \/ Soler Orozco Arquitectos (\u00a9 Jaime Navarro)\" data-rl_title=\"Spa privado en Tepoztl\u00e1n \/ Soler Orozco Arquitectos (\u00a9 Jaime Navarro)\" class=\"rl-gallery-link\" data-rl_caption=\"Spa privado en Tepoztl\u00e1n \/ Soler Orozco Arquitectos (\u00a9 Jaime Navarro)\" data-rel=\"lightbox-gallery-1\"><img loading=\"lazy\" decoding=\"async\" width=\"150\" height=\"150\" src=\"https:\/\/www.arquimaster.com.ar\/web\/wp-content\/uploads\/2022\/04\/spa_privado_tepoztlan16-150x150.jpg\" class=\"attachment-thumbnail size-thumbnail\" alt=\"Spa privado en Tepoztl\u00e1n \/ Soler Orozco Arquitectos\" aria-describedby=\"gallery-1-69699\" \/><\/a>\n\t\t\t<\/div>\n\t\t\t\t<figcaption class='wp-caption-text gallery-caption' id='gallery-1-69699'>\n\t\t\t\tSpa privado en Tepoztl\u00e1n \/ Soler Orozco Arquitectos (\u00a9 Jaime Navarro)\n\t\t\t\t<\/figcaption><\/figure><figure class='gallery-item'>\n\t\t\t<div class='gallery-icon landscape'>\n\t\t\t\t<a href='https:\/\/www.arquimaster.com.ar\/web\/wp-content\/uploads\/2022\/04\/spa_privado_tepoztlan17.jpg' title=\"Spa privado en Tepoztl\u00e1n \/ Soler Orozco Arquitectos (\u00a9 Jaime Navarro)\" data-rl_title=\"Spa privado en Tepoztl\u00e1n \/ Soler Orozco Arquitectos (\u00a9 Jaime Navarro)\" class=\"rl-gallery-link\" data-rl_caption=\"Spa privado en Tepoztl\u00e1n \/ Soler Orozco Arquitectos (\u00a9 Jaime Navarro)\" data-rel=\"lightbox-gallery-1\"><img loading=\"lazy\" decoding=\"async\" width=\"150\" height=\"150\" src=\"https:\/\/www.arquimaster.com.ar\/web\/wp-content\/uploads\/2022\/04\/spa_privado_tepoztlan17-150x150.jpg\" class=\"attachment-thumbnail size-thumbnail\" alt=\"Spa privado en Tepoztl\u00e1n \/ Soler Orozco Arquitectos\" aria-describedby=\"gallery-1-69700\" \/><\/a>\n\t\t\t<\/div>\n\t\t\t\t<figcaption class='wp-caption-text gallery-caption' id='gallery-1-69700'>\n\t\t\t\tSpa privado en Tepoztl\u00e1n \/ Soler Orozco Arquitectos (\u00a9 Jaime Navarro)\n\t\t\t\t<\/figcaption><\/figure><figure class='gallery-item'>\n\t\t\t<div class='gallery-icon landscape'>\n\t\t\t\t<a href='https:\/\/www.arquimaster.com.ar\/web\/wp-content\/uploads\/2022\/04\/spa_privado_tepoztlan18.jpg' title=\"Spa privado en Tepoztl\u00e1n \/ Soler Orozco Arquitectos (\u00a9 Jaime Navarro)\" data-rl_title=\"Spa privado en Tepoztl\u00e1n \/ Soler Orozco Arquitectos (\u00a9 Jaime Navarro)\" class=\"rl-gallery-link\" data-rl_caption=\"Spa privado en Tepoztl\u00e1n \/ Soler Orozco Arquitectos (\u00a9 Jaime Navarro)\" data-rel=\"lightbox-gallery-1\"><img loading=\"lazy\" decoding=\"async\" width=\"150\" height=\"150\" src=\"https:\/\/www.arquimaster.com.ar\/web\/wp-content\/uploads\/2022\/04\/spa_privado_tepoztlan18-150x150.jpg\" class=\"attachment-thumbnail size-thumbnail\" alt=\"Spa privado en Tepoztl\u00e1n \/ Soler Orozco Arquitectos\" aria-describedby=\"gallery-1-69701\" \/><\/a>\n\t\t\t<\/div>\n\t\t\t\t<figcaption class='wp-caption-text gallery-caption' id='gallery-1-69701'>\n\t\t\t\tSpa privado en Tepoztl\u00e1n \/ Soler Orozco Arquitectos (\u00a9 Jaime Navarro)\n\t\t\t\t<\/figcaption><\/figure><figure class='gallery-item'>\n\t\t\t<div class='gallery-icon landscape'>\n\t\t\t\t<a href='https:\/\/www.arquimaster.com.ar\/web\/wp-content\/uploads\/2022\/04\/spa_privado_tepoztlan19.jpg' title=\"Spa privado en Tepoztl\u00e1n \/ Soler Orozco Arquitectos (\u00a9 Jaime Navarro)\" data-rl_title=\"Spa privado en Tepoztl\u00e1n \/ Soler Orozco Arquitectos (\u00a9 Jaime Navarro)\" class=\"rl-gallery-link\" data-rl_caption=\"Spa privado en Tepoztl\u00e1n \/ Soler Orozco Arquitectos (\u00a9 Jaime Navarro)\" data-rel=\"lightbox-gallery-1\"><img loading=\"lazy\" decoding=\"async\" width=\"150\" height=\"150\" src=\"https:\/\/www.arquimaster.com.ar\/web\/wp-content\/uploads\/2022\/04\/spa_privado_tepoztlan19-150x150.jpg\" class=\"attachment-thumbnail size-thumbnail\" alt=\"Spa privado en Tepoztl\u00e1n \/ Soler Orozco Arquitectos\" aria-describedby=\"gallery-1-69702\" \/><\/a>\n\t\t\t<\/div>\n\t\t\t\t<figcaption class='wp-caption-text gallery-caption' id='gallery-1-69702'>\n\t\t\t\tSpa privado en Tepoztl\u00e1n \/ Soler Orozco Arquitectos (\u00a9 Jaime Navarro)\n\t\t\t\t<\/figcaption><\/figure><figure class='gallery-item'>\n\t\t\t<div class='gallery-icon portrait'>\n\t\t\t\t<a href='https:\/\/www.arquimaster.com.ar\/web\/wp-content\/uploads\/2022\/04\/spa_privado_tepoztlan20.jpg' title=\"Spa privado en Tepoztl\u00e1n \/ Soler Orozco Arquitectos (\u00a9 Juan Soler)\" data-rl_title=\"Spa privado en Tepoztl\u00e1n \/ Soler Orozco Arquitectos (\u00a9 Juan Soler)\" class=\"rl-gallery-link\" data-rl_caption=\"Spa privado en Tepoztl\u00e1n \/ Soler Orozco Arquitectos (\u00a9 Juan Soler)\" data-rel=\"lightbox-gallery-1\"><img loading=\"lazy\" decoding=\"async\" width=\"150\" height=\"150\" src=\"https:\/\/www.arquimaster.com.ar\/web\/wp-content\/uploads\/2022\/04\/spa_privado_tepoztlan20-150x150.jpg\" class=\"attachment-thumbnail size-thumbnail\" alt=\"Spa privado en Tepoztl\u00e1n \/ Soler Orozco Arquitectos\" aria-describedby=\"gallery-1-69703\" \/><\/a>\n\t\t\t<\/div>\n\t\t\t\t<figcaption class='wp-caption-text gallery-caption' id='gallery-1-69703'>\n\t\t\t\tSpa privado en Tepoztl\u00e1n \/ Soler Orozco Arquitectos (\u00a9 Juan Soler)\n\t\t\t\t<\/figcaption><\/figure><figure class='gallery-item'>\n\t\t\t<div class='gallery-icon portrait'>\n\t\t\t\t<a href='https:\/\/www.arquimaster.com.ar\/web\/wp-content\/uploads\/2022\/04\/spa_privado_tepoztlan24.jpg' title=\"Spa privado en Tepoztl\u00e1n \/ Soler Orozco Arquitectos (\u00a9 Juan Soler)\" data-rl_title=\"Spa privado en Tepoztl\u00e1n \/ Soler Orozco Arquitectos (\u00a9 Juan Soler)\" class=\"rl-gallery-link\" data-rl_caption=\"Spa privado en Tepoztl\u00e1n \/ Soler Orozco Arquitectos (\u00a9 Juan Soler)\" data-rel=\"lightbox-gallery-1\"><img loading=\"lazy\" decoding=\"async\" width=\"150\" height=\"150\" src=\"https:\/\/www.arquimaster.com.ar\/web\/wp-content\/uploads\/2022\/04\/spa_privado_tepoztlan24-150x150.jpg\" class=\"attachment-thumbnail size-thumbnail\" alt=\"Spa privado en Tepoztl\u00e1n \/ Soler Orozco Arquitectos\" aria-describedby=\"gallery-1-69707\" \/><\/a>\n\t\t\t<\/div>\n\t\t\t\t<figcaption class='wp-caption-text gallery-caption' id='gallery-1-69707'>\n\t\t\t\tSpa privado en Tepoztl\u00e1n \/ Soler Orozco Arquitectos (\u00a9 Juan Soler)\n\t\t\t\t<\/figcaption><\/figure><figure class='gallery-item'>\n\t\t\t<div class='gallery-icon portrait'>\n\t\t\t\t<a href='https:\/\/www.arquimaster.com.ar\/web\/wp-content\/uploads\/2022\/04\/spa_privado_tepoztlan21.jpg' title=\"Spa privado en Tepoztl\u00e1n \/ Soler Orozco Arquitectos (\u00a9 Jaime Navarro)\" data-rl_title=\"Spa privado en Tepoztl\u00e1n \/ Soler Orozco Arquitectos (\u00a9 Jaime Navarro)\" class=\"rl-gallery-link\" data-rl_caption=\"Spa privado en Tepoztl\u00e1n \/ Soler Orozco Arquitectos (\u00a9 Jaime Navarro)\" data-rel=\"lightbox-gallery-1\"><img loading=\"lazy\" decoding=\"async\" width=\"150\" height=\"150\" src=\"https:\/\/www.arquimaster.com.ar\/web\/wp-content\/uploads\/2022\/04\/spa_privado_tepoztlan21-150x150.jpg\" class=\"attachment-thumbnail size-thumbnail\" alt=\"Spa privado en Tepoztl\u00e1n \/ Soler Orozco Arquitectos\" aria-describedby=\"gallery-1-69704\" \/><\/a>\n\t\t\t<\/div>\n\t\t\t\t<figcaption class='wp-caption-text gallery-caption' id='gallery-1-69704'>\n\t\t\t\tSpa privado en Tepoztl\u00e1n \/ Soler Orozco Arquitectos (\u00a9 Jaime Navarro)\n\t\t\t\t<\/figcaption><\/figure><figure class='gallery-item'>\n\t\t\t<div class='gallery-icon landscape'>\n\t\t\t\t<a href='https:\/\/www.arquimaster.com.ar\/web\/wp-content\/uploads\/2022\/04\/spa_privado_tepoztlan22.jpg' title=\"Spa privado en Tepoztl\u00e1n \/ Soler Orozco Arquitectos (\u00a9 Jaime Navarro)\" data-rl_title=\"Spa privado en Tepoztl\u00e1n \/ Soler Orozco Arquitectos (\u00a9 Jaime Navarro)\" class=\"rl-gallery-link\" data-rl_caption=\"Spa privado en Tepoztl\u00e1n \/ Soler Orozco Arquitectos (\u00a9 Jaime Navarro)\" data-rel=\"lightbox-gallery-1\"><img loading=\"lazy\" decoding=\"async\" width=\"150\" height=\"150\" src=\"https:\/\/www.arquimaster.com.ar\/web\/wp-content\/uploads\/2022\/04\/spa_privado_tepoztlan22-150x150.jpg\" class=\"attachment-thumbnail size-thumbnail\" alt=\"Spa privado en Tepoztl\u00e1n \/ Soler Orozco Arquitectos\" aria-describedby=\"gallery-1-69705\" \/><\/a>\n\t\t\t<\/div>\n\t\t\t\t<figcaption class='wp-caption-text gallery-caption' id='gallery-1-69705'>\n\t\t\t\tSpa privado en Tepoztl\u00e1n \/ Soler Orozco Arquitectos (\u00a9 Jaime Navarro)\n\t\t\t\t<\/figcaption><\/figure><figure class='gallery-item'>\n\t\t\t<div class='gallery-icon portrait'>\n\t\t\t\t<a href='https:\/\/www.arquimaster.com.ar\/web\/wp-content\/uploads\/2022\/04\/spa_privado_tepoztlan23.jpg' title=\"Spa privado en Tepoztl\u00e1n \/ Soler Orozco Arquitectos (\u00a9 Jaime Navarro)\" data-rl_title=\"Spa privado en Tepoztl\u00e1n \/ Soler Orozco Arquitectos (\u00a9 Jaime Navarro)\" class=\"rl-gallery-link\" data-rl_caption=\"Spa privado en Tepoztl\u00e1n \/ Soler Orozco Arquitectos (\u00a9 Jaime Navarro)\" data-rel=\"lightbox-gallery-1\"><img loading=\"lazy\" decoding=\"async\" width=\"150\" height=\"150\" src=\"https:\/\/www.arquimaster.com.ar\/web\/wp-content\/uploads\/2022\/04\/spa_privado_tepoztlan23-150x150.jpg\" class=\"attachment-thumbnail size-thumbnail\" alt=\"Spa privado en Tepoztl\u00e1n \/ Soler Orozco Arquitectos\" aria-describedby=\"gallery-1-69706\" \/><\/a>\n\t\t\t<\/div>\n\t\t\t\t<figcaption class='wp-caption-text gallery-caption' id='gallery-1-69706'>\n\t\t\t\tSpa privado en Tepoztl\u00e1n \/ Soler Orozco Arquitectos (\u00a9 Jaime Navarro)\n\t\t\t\t<\/figcaption><\/figure><figure class='gallery-item'>\n\t\t\t<div class='gallery-icon portrait'>\n\t\t\t\t<a href='https:\/\/www.arquimaster.com.ar\/web\/wp-content\/uploads\/2022\/04\/spa_privado_tepoztlan25.jpg' title=\"Spa privado en Tepoztl\u00e1n \/ Soler Orozco Arquitectos (\u00a9 Jaime Navarro)\" data-rl_title=\"Spa privado en Tepoztl\u00e1n \/ Soler Orozco Arquitectos (\u00a9 Jaime Navarro)\" class=\"rl-gallery-link\" data-rl_caption=\"Spa privado en Tepoztl\u00e1n \/ Soler Orozco Arquitectos (\u00a9 Jaime Navarro)\" data-rel=\"lightbox-gallery-1\"><img loading=\"lazy\" decoding=\"async\" width=\"150\" height=\"150\" src=\"https:\/\/www.arquimaster.com.ar\/web\/wp-content\/uploads\/2022\/04\/spa_privado_tepoztlan25-150x150.jpg\" class=\"attachment-thumbnail size-thumbnail\" alt=\"Spa privado en Tepoztl\u00e1n \/ Soler Orozco Arquitectos\" aria-describedby=\"gallery-1-69708\" \/><\/a>\n\t\t\t<\/div>\n\t\t\t\t<figcaption class='wp-caption-text gallery-caption' id='gallery-1-69708'>\n\t\t\t\tSpa privado en Tepoztl\u00e1n \/ Soler Orozco Arquitectos (\u00a9 Jaime Navarro)\n\t\t\t\t<\/figcaption><\/figure><figure class='gallery-item'>\n\t\t\t<div class='gallery-icon portrait'>\n\t\t\t\t<a href='https:\/\/www.arquimaster.com.ar\/web\/wp-content\/uploads\/2022\/04\/spa_privado_tepoztlan26.jpg' title=\"Spa privado en Tepoztl\u00e1n \/ Soler Orozco Arquitectos (\u00a9 Jaime Navarro)\" data-rl_title=\"Spa privado en Tepoztl\u00e1n \/ Soler Orozco Arquitectos (\u00a9 Jaime Navarro)\" class=\"rl-gallery-link\" data-rl_caption=\"Spa privado en Tepoztl\u00e1n \/ Soler Orozco Arquitectos (\u00a9 Jaime Navarro)\" data-rel=\"lightbox-gallery-1\"><img loading=\"lazy\" decoding=\"async\" width=\"150\" height=\"150\" src=\"https:\/\/www.arquimaster.com.ar\/web\/wp-content\/uploads\/2022\/04\/spa_privado_tepoztlan26-150x150.jpg\" class=\"attachment-thumbnail size-thumbnail\" alt=\"Spa privado en Tepoztl\u00e1n \/ Soler Orozco Arquitectos\" aria-describedby=\"gallery-1-69709\" \/><\/a>\n\t\t\t<\/div>\n\t\t\t\t<figcaption class='wp-caption-text gallery-caption' id='gallery-1-69709'>\n\t\t\t\tSpa privado en Tepoztl\u00e1n \/ Soler Orozco Arquitectos (\u00a9 Jaime Navarro)\n\t\t\t\t<\/figcaption><\/figure><figure class='gallery-item'>\n\t\t\t<div class='gallery-icon landscape'>\n\t\t\t\t<a href='https:\/\/www.arquimaster.com.ar\/web\/wp-content\/uploads\/2022\/04\/spa_privado_tepoztlan27.jpg' title=\"Spa privado en Tepoztl\u00e1n \/ Soler Orozco Arquitectos (\u00a9 Jaime Navarro)\" data-rl_title=\"Spa privado en Tepoztl\u00e1n \/ Soler Orozco Arquitectos (\u00a9 Jaime Navarro)\" class=\"rl-gallery-link\" data-rl_caption=\"Spa privado en Tepoztl\u00e1n \/ Soler Orozco Arquitectos (\u00a9 Jaime Navarro)\" data-rel=\"lightbox-gallery-1\"><img loading=\"lazy\" decoding=\"async\" width=\"150\" height=\"150\" src=\"https:\/\/www.arquimaster.com.ar\/web\/wp-content\/uploads\/2022\/04\/spa_privado_tepoztlan27-150x150.jpg\" class=\"attachment-thumbnail size-thumbnail\" alt=\"Spa privado en Tepoztl\u00e1n \/ Soler Orozco Arquitectos\" aria-describedby=\"gallery-1-69710\" \/><\/a>\n\t\t\t<\/div>\n\t\t\t\t<figcaption class='wp-caption-text gallery-caption' id='gallery-1-69710'>\n\t\t\t\tSpa privado en Tepoztl\u00e1n \/ Soler Orozco Arquitectos (\u00a9 Jaime Navarro)\n\t\t\t\t<\/figcaption><\/figure><figure class='gallery-item'>\n\t\t\t<div class='gallery-icon landscape'>\n\t\t\t\t<a href='https:\/\/www.arquimaster.com.ar\/web\/wp-content\/uploads\/2022\/04\/spa_privado_tepoztlan28.jpg' title=\"Spa privado en Tepoztl\u00e1n \/ Soler Orozco Arquitectos (\u00a9 Jaime Navarro)\" data-rl_title=\"Spa privado en Tepoztl\u00e1n \/ Soler Orozco Arquitectos (\u00a9 Jaime Navarro)\" class=\"rl-gallery-link\" data-rl_caption=\"Spa privado en Tepoztl\u00e1n \/ Soler Orozco Arquitectos (\u00a9 Jaime Navarro)\" data-rel=\"lightbox-gallery-1\"><img loading=\"lazy\" decoding=\"async\" width=\"150\" height=\"150\" src=\"https:\/\/www.arquimaster.com.ar\/web\/wp-content\/uploads\/2022\/04\/spa_privado_tepoztlan28-150x150.jpg\" class=\"attachment-thumbnail size-thumbnail\" alt=\"Spa privado en Tepoztl\u00e1n \/ Soler Orozco Arquitectos\" aria-describedby=\"gallery-1-69711\" \/><\/a>\n\t\t\t<\/div>\n\t\t\t\t<figcaption class='wp-caption-text gallery-caption' id='gallery-1-69711'>\n\t\t\t\tSpa privado en Tepoztl\u00e1n \/ Soler Orozco Arquitectos (\u00a9 Jaime Navarro)\n\t\t\t\t<\/figcaption><\/figure><figure class='gallery-item'>\n\t\t\t<div class='gallery-icon portrait'>\n\t\t\t\t<a href='https:\/\/www.arquimaster.com.ar\/web\/wp-content\/uploads\/2022\/04\/spa_privado_tepoztlan29.jpg' title=\"Spa privado en Tepoztl\u00e1n \/ Soler Orozco Arquitectos (\u00a9 Jaime Navarro)\" data-rl_title=\"Spa privado en Tepoztl\u00e1n \/ Soler Orozco Arquitectos (\u00a9 Jaime Navarro)\" class=\"rl-gallery-link\" data-rl_caption=\"Spa privado en Tepoztl\u00e1n \/ Soler Orozco Arquitectos (\u00a9 Jaime Navarro)\" data-rel=\"lightbox-gallery-1\"><img loading=\"lazy\" decoding=\"async\" width=\"150\" height=\"150\" src=\"https:\/\/www.arquimaster.com.ar\/web\/wp-content\/uploads\/2022\/04\/spa_privado_tepoztlan29-150x150.jpg\" class=\"attachment-thumbnail size-thumbnail\" alt=\"Spa privado en Tepoztl\u00e1n \/ Soler Orozco Arquitectos\" aria-describedby=\"gallery-1-69712\" \/><\/a>\n\t\t\t<\/div>\n\t\t\t\t<figcaption class='wp-caption-text gallery-caption' id='gallery-1-69712'>\n\t\t\t\tSpa privado en Tepoztl\u00e1n \/ Soler Orozco Arquitectos (\u00a9 Jaime Navarro)\n\t\t\t\t<\/figcaption><\/figure><figure class='gallery-item'>\n\t\t\t<div class='gallery-icon portrait'>\n\t\t\t\t<a href='https:\/\/www.arquimaster.com.ar\/web\/wp-content\/uploads\/2022\/04\/spa_privado_tepoztlan30.jpg' title=\"Spa privado en Tepoztl\u00e1n \/ Soler Orozco Arquitectos (\u00a9 Jaime Navarro)\" data-rl_title=\"Spa privado en Tepoztl\u00e1n \/ Soler Orozco Arquitectos (\u00a9 Jaime Navarro)\" class=\"rl-gallery-link\" data-rl_caption=\"Spa privado en Tepoztl\u00e1n \/ Soler Orozco Arquitectos (\u00a9 Jaime Navarro)\" data-rel=\"lightbox-gallery-1\"><img loading=\"lazy\" decoding=\"async\" width=\"150\" height=\"150\" src=\"https:\/\/www.arquimaster.com.ar\/web\/wp-content\/uploads\/2022\/04\/spa_privado_tepoztlan30-150x150.jpg\" class=\"attachment-thumbnail size-thumbnail\" alt=\"Spa privado en Tepoztl\u00e1n \/ Soler Orozco Arquitectos\" aria-describedby=\"gallery-1-69713\" \/><\/a>\n\t\t\t<\/div>\n\t\t\t\t<figcaption class='wp-caption-text gallery-caption' id='gallery-1-69713'>\n\t\t\t\tSpa privado en Tepoztl\u00e1n \/ Soler Orozco Arquitectos (\u00a9 Jaime Navarro)\n\t\t\t\t<\/figcaption><\/figure><figure class='gallery-item'>\n\t\t\t<div class='gallery-icon portrait'>\n\t\t\t\t<a href='https:\/\/www.arquimaster.com.ar\/web\/wp-content\/uploads\/2022\/04\/spa_privado_tepoztlan31.jpg' title=\"Spa privado en Tepoztl\u00e1n \/ Soler Orozco Arquitectos (\u00a9 Jaime Navarro)\" data-rl_title=\"Spa privado en Tepoztl\u00e1n \/ Soler Orozco Arquitectos (\u00a9 Jaime Navarro)\" class=\"rl-gallery-link\" data-rl_caption=\"Spa privado en Tepoztl\u00e1n \/ Soler Orozco Arquitectos (\u00a9 Jaime Navarro)\" data-rel=\"lightbox-gallery-1\"><img loading=\"lazy\" decoding=\"async\" width=\"150\" height=\"150\" src=\"https:\/\/www.arquimaster.com.ar\/web\/wp-content\/uploads\/2022\/04\/spa_privado_tepoztlan31-150x150.jpg\" class=\"attachment-thumbnail size-thumbnail\" alt=\"Spa privado en Tepoztl\u00e1n \/ Soler Orozco Arquitectos\" aria-describedby=\"gallery-1-69714\" \/><\/a>\n\t\t\t<\/div>\n\t\t\t\t<figcaption class='wp-caption-text gallery-caption' id='gallery-1-69714'>\n\t\t\t\tSpa privado en Tepoztl\u00e1n \/ Soler Orozco Arquitectos (\u00a9 Jaime Navarro)\n\t\t\t\t<\/figcaption><\/figure><figure class='gallery-item'>\n\t\t\t<div class='gallery-icon landscape'>\n\t\t\t\t<a href='https:\/\/www.arquimaster.com.ar\/web\/wp-content\/uploads\/2022\/04\/spa_privado_tepoztlan32.jpg' title=\"Spa privado en Tepoztl\u00e1n \/ Soler Orozco Arquitectos (\u00a9 Jaime Navarro)\" data-rl_title=\"Spa privado en Tepoztl\u00e1n \/ Soler Orozco Arquitectos (\u00a9 Jaime Navarro)\" class=\"rl-gallery-link\" data-rl_caption=\"Spa privado en Tepoztl\u00e1n \/ Soler Orozco Arquitectos (\u00a9 Jaime Navarro)\" data-rel=\"lightbox-gallery-1\"><img loading=\"lazy\" decoding=\"async\" width=\"150\" height=\"150\" src=\"https:\/\/www.arquimaster.com.ar\/web\/wp-content\/uploads\/2022\/04\/spa_privado_tepoztlan32-150x150.jpg\" class=\"attachment-thumbnail size-thumbnail\" alt=\"Spa privado en Tepoztl\u00e1n \/ Soler Orozco Arquitectos\" aria-describedby=\"gallery-1-69715\" \/><\/a>\n\t\t\t<\/div>\n\t\t\t\t<figcaption class='wp-caption-text gallery-caption' id='gallery-1-69715'>\n\t\t\t\tSpa privado en Tepoztl\u00e1n \/ Soler Orozco Arquitectos (\u00a9 Jaime Navarro)\n\t\t\t\t<\/figcaption><\/figure><figure class='gallery-item'>\n\t\t\t<div class='gallery-icon landscape'>\n\t\t\t\t<a href='https:\/\/www.arquimaster.com.ar\/web\/wp-content\/uploads\/2022\/04\/spa_privado_tepoztlan33.jpg' title=\"Spa privado en Tepoztl\u00e1n \/ Soler Orozco Arquitectos (emplazamiento)\" data-rl_title=\"Spa privado en Tepoztl\u00e1n \/ Soler Orozco Arquitectos (emplazamiento)\" class=\"rl-gallery-link\" data-rl_caption=\"Spa privado en Tepoztl\u00e1n \/ Soler Orozco Arquitectos (emplazamiento)\" data-rel=\"lightbox-gallery-1\"><img loading=\"lazy\" decoding=\"async\" width=\"150\" height=\"150\" src=\"https:\/\/www.arquimaster.com.ar\/web\/wp-content\/uploads\/2022\/04\/spa_privado_tepoztlan33-150x150.jpg\" class=\"attachment-thumbnail size-thumbnail\" alt=\"Spa privado en Tepoztl\u00e1n \/ Soler Orozco Arquitectos\" aria-describedby=\"gallery-1-69716\" \/><\/a>\n\t\t\t<\/div>\n\t\t\t\t<figcaption class='wp-caption-text gallery-caption' id='gallery-1-69716'>\n\t\t\t\tSpa privado en Tepoztl\u00e1n \/ Soler Orozco Arquitectos (emplazamiento)\n\t\t\t\t<\/figcaption><\/figure><figure class='gallery-item'>\n\t\t\t<div class='gallery-icon landscape'>\n\t\t\t\t<a href='https:\/\/www.arquimaster.com.ar\/web\/wp-content\/uploads\/2022\/04\/spa_privado_tepoztlan34.jpg' title=\"Spa privado en Tepoztl\u00e1n \/ Soler Orozco Arquitectos (planta)\" data-rl_title=\"Spa privado en Tepoztl\u00e1n \/ Soler Orozco Arquitectos (planta)\" class=\"rl-gallery-link\" data-rl_caption=\"Spa privado en Tepoztl\u00e1n \/ Soler Orozco Arquitectos (planta)\" data-rel=\"lightbox-gallery-1\"><img loading=\"lazy\" decoding=\"async\" width=\"150\" height=\"150\" src=\"https:\/\/www.arquimaster.com.ar\/web\/wp-content\/uploads\/2022\/04\/spa_privado_tepoztlan34-150x150.jpg\" class=\"attachment-thumbnail size-thumbnail\" alt=\"Spa privado en Tepoztl\u00e1n \/ Soler Orozco Arquitectos\" aria-describedby=\"gallery-1-69717\" \/><\/a>\n\t\t\t<\/div>\n\t\t\t\t<figcaption class='wp-caption-text gallery-caption' id='gallery-1-69717'>\n\t\t\t\tSpa privado en Tepoztl\u00e1n \/ Soler Orozco Arquitectos (planta)\n\t\t\t\t<\/figcaption><\/figure><figure class='gallery-item'>\n\t\t\t<div class='gallery-icon landscape'>\n\t\t\t\t<a href='https:\/\/www.arquimaster.com.ar\/web\/wp-content\/uploads\/2022\/04\/spa_privado_tepoztlan35.jpg' title=\"Spa privado en Tepoztl\u00e1n \/ Soler Orozco Arquitectos (corte)\" data-rl_title=\"Spa privado en Tepoztl\u00e1n \/ Soler Orozco Arquitectos (corte)\" class=\"rl-gallery-link\" data-rl_caption=\"Spa privado en Tepoztl\u00e1n \/ Soler Orozco Arquitectos (corte)\" data-rel=\"lightbox-gallery-1\"><img loading=\"lazy\" decoding=\"async\" width=\"150\" height=\"150\" src=\"https:\/\/www.arquimaster.com.ar\/web\/wp-content\/uploads\/2022\/04\/spa_privado_tepoztlan35-150x150.jpg\" class=\"attachment-thumbnail size-thumbnail\" alt=\"Spa privado en Tepoztl\u00e1n \/ Soler Orozco Arquitectos\" aria-describedby=\"gallery-1-69718\" \/><\/a>\n\t\t\t<\/div>\n\t\t\t\t<figcaption class='wp-caption-text gallery-caption' id='gallery-1-69718'>\n\t\t\t\tSpa privado en Tepoztl\u00e1n \/ Soler Orozco Arquitectos (corte)\n\t\t\t\t<\/figcaption><\/figure><figure class='gallery-item'>\n\t\t\t<div class='gallery-icon landscape'>\n\t\t\t\t<a href='https:\/\/www.arquimaster.com.ar\/web\/wp-content\/uploads\/2022\/04\/spa_privado_tepoztlan36.jpg' title=\"Spa privado en Tepoztl\u00e1n \/ Soler Orozco Arquitectos (vista)\" data-rl_title=\"Spa privado en Tepoztl\u00e1n \/ Soler Orozco Arquitectos (vista)\" class=\"rl-gallery-link\" data-rl_caption=\"Spa privado en Tepoztl\u00e1n \/ Soler Orozco Arquitectos (vista)\" data-rel=\"lightbox-gallery-1\"><img loading=\"lazy\" decoding=\"async\" width=\"150\" height=\"150\" src=\"https:\/\/www.arquimaster.com.ar\/web\/wp-content\/uploads\/2022\/04\/spa_privado_tepoztlan36-150x150.jpg\" class=\"attachment-thumbnail size-thumbnail\" alt=\"Spa privado en Tepoztl\u00e1n \/ Soler Orozco Arquitectos\" aria-describedby=\"gallery-1-69719\" \/><\/a>\n\t\t\t<\/div>\n\t\t\t\t<figcaption class='wp-caption-text gallery-caption' id='gallery-1-69719'>\n\t\t\t\tSpa privado en Tepoztl\u00e1n \/ Soler Orozco Arquitectos (vista)\n\t\t\t\t<\/figcaption><\/figure>\n\t\t<\/div>\n\n<p>En todas direcciones las vistas son largas y el cielo es amplio, y por arriba de las copas puede verse cuando las nubes se acercan, d\u00f3nde llueve y d\u00f3nde no. Al meterse el sol, se enciende de naranja la cara poniente de \u00abla monta\u00f1a sagrada\u00bb durante breves minutos y al caer la noche, el cielo se llena de estrellas y se escucha la fauna nocturna.<\/p>\n<p>El cliente, intenso deportista, buscaba construir un lugar enclavado en este contexto, donde pudiera dedicarle tiempo al bienestar corporal y an\u00edmico.<\/p>\n<p>Ante todo, la premisa del proyecto fue integrarnos en el sitio sin afectar el paisaje haciendo desaparecer la arquitectura, reconociendo c\u00f3mo, seg\u00fan la temporada, tanto la sequia como la lluvia, transforman el paisaje.<\/p>\n<p>Formalmente se trata de un cono de piedra volc\u00e1nica, truncado por un plat\u00f3n vegetado encima, una forma sin bordes e imposible de asir o suponer en su integridad. Simb\u00f3licamente se trata de una procesi\u00f3n, que comienza entrando a la monta\u00f1a por un t\u00fanel, se circulando por los espacios para atender al cuerpo, y resurgir al otro lado por una escalinata y descubrir la abrumadora naturaleza desde otro plano.<\/p>\n<p>Propusimos una planta circular con espacios radiales en torno a un espacio central pr\u00e1cticamente vac\u00edo, que se ilumina cenitalmente por un lucernario redondo, por donde se cuela el sol y el agua. Ese lucernario es el centro del plat\u00f3n vegetado de 20 metros de di\u00e1metro, una suerte de impluvium, concentra el agua de lluvia y al entrar en el espacio, se filtra a las cisternas bajo tierra.<\/p>\n<p>El gimnasio, cuarto de masaje, vestidor, regaderas y ba\u00f1os, sauna y frigidarium, rodean al espacio central y completan el programa activo. Al subir por la escalera, el espacio se comprime y luego se abre por completo cuando sales. Ah\u00ed arriba, sobre el suelo, se siente correr el viento.<\/p>\n<p>El plat\u00f3n es un jard\u00edn que se funde con las copas de los \u00e1rboles. El programa superior es contemplativo: alrededor de un fuego o dentro de una tina de agua caliente, disfrutar el amanecer, el atardecer y la noche.<\/p>\n\n\n<div style=\"height:20px\" aria-hidden=\"true\" class=\"wp-block-spacer\"><\/div>\n\n\n\n<p class=\"has-background\" style=\"background-color:#eaeaea\"><strong>Ficha t\u00e9cnica<\/strong><br>Nombre: Spa privado en Tepoztl\u00e1n<br>Ubicaci\u00f3n: Tepoztl\u00e1n, Morelos, M\u00e9xico<br>Oficina de arquitectura: Soler Orozco Arquitectos<br>Equipo de Dise\u00f1o: Javier Sanchez, Juan Soler, Alan Orozco, Fernanda Leon, Ingrid Casas, Elena Annunziata<br>Proyecto estructural: Clinker Proyectos \/ Sergio Barrios<br>Proyecto de instalaciones: Amado Guevara, Oscar Z\u00e1rate<br>Dise\u00f1o de paisaje: Paar Taller<br>A\u00f1o: 2021<br>Foto: Jaime Navarro, Juan Soler, Alan Orozco<br><br><strong>Contacto<\/strong><br><a href=\"https:\/\/www.soa.mx\" target=\"_blank\" rel=\"noreferrer noopener\">https:\/\/www.soa.mx<\/a><br>Instagram: @soa.mx<\/p>\n\n\n\n<div style=\"height:40px\" aria-hidden=\"true\" class=\"wp-block-spacer\"><\/div>\n\n\n<p><strong>English version<\/strong><\/p>\n<p>Tepoztl\u00e1n enjoys a certain mystique for its pre-Hispanic past and its reputed creative and curative energies. Ensconced amid mountains and beneath a vast sky, the infinitely green valley also has a seasonal river flowing through it. The profuse vegetation covers the hills, concealing the Cerro del Tepozteco despite its imposing proximity. At ground level the warmth and humidity can be felt even in the shade of the trees.<\/p>\n<p>Panoramic views spread out in every direction. And above the tree canopies, in the wide-open sky, the approaching clouds reveal the location of rain showers. Dusk briefly bathes the west-facing \u00absacred mountain\u00bb in a warm orange glow as a prelude to nightfall when stars begin dotting the sky and the nocturnal fauna starts to sound.<\/p>\n<p>The client for this project -an avid athlete- wanted a house embedded within this setting as a space dedicated to improving people\u2019s physical and emotional wellbeing.<\/p>\n<p>As its guiding design principle, the spa needed to blend into the site without impinging on the landscape, keeping the architecture out of view and recognizing how the context changes between the dry and rainy seasons.<\/p>\n<p>The architectural form is based around a truncated cone of volcanic stone covered by a green roof-dish, a borderless shape that cannot be grasped as a whole. Symbolically the spa is a procession that begins by entering the mountain through a tunnel and circulating through the spaces to reach the main body, and emerging on the other side, with steps leading up to offer views of the awe-inspiring natural surroundings from another perspective.<\/p>\n<p>The circular floor plan has radial spaces around a central area left almost as a void, lit from above by a round skylight that lets sun and water filter through. This skylight occupies the center of the 20-meter-diameter green roof-dish that acts as a kind of impluvium to collect the rainwater that then filters down into the underground cisterns.<\/p>\n<p>The gym, massage room, lockers, showers and bathrooms, sauna and frigidarium are ranged around the central space and complete the active program. Upon climbing the stairs the space becomes compressed and then opens up completely, and a gentle breeze can be felt upon emerging outdoors. The green dish-roof merges into the surrounding tree canopies.<\/p>\n<p>The upper program is perfect for contemplation, a place where guests can enjoy dawn, dusk, and the night around an open fire or in a hot tub.<\/p>\n<div style=\"font-size: 0px; height: 0px; line-height: 0px; margin: 0; padding: 0; clear: both;\"><\/div><div style=\"margin-top: 0px; margin-bottom: 0px;\" class=\"sharethis-inline-share-buttons\" ><\/div>","protected":false},"excerpt":{"rendered":"<p>Un cono de piedra volc\u00e1nica, truncado por un plat\u00f3n vegetado encima&#8230;<\/p>\n","protected":false},"author":1,"featured_media":69684,"comment_status":"closed","ping_status":"closed","sticky":false,"template":"","format":"standard","meta":{"_uag_custom_page_level_css":"","footnotes":""},"categories":[77,1547,1],"tags":[7383,489,740,7387,7384,1766,7386,7382,7385,24,2187,7388,7381,1523,4276,339],"class_list":["post-69683","post","type-post","status-publish","format-standard","has-post-thumbnail","hentry","category-arquitectura-paisaje","category-edificios-para-la-recreacion","category-proyecto","tag-alan-orozco","tag-arquitectura-del-paisaje","tag-diseno-del-paisaje","tag-elena-annunziata","tag-fernanda-leon","tag-gimnasio","tag-ingrid-casas","tag-javier-sanchez","tag-juan-soler","tag-mexico","tag-morelos","tag-paar-taller","tag-soler-orozco-arquitectos","tag-spa","tag-tepoztlan","tag-wellness","generate-columns","tablet-grid-50","mobile-grid-100","grid-parent","grid-50"],"yoast_head":"<!-- This site is optimized with the Yoast SEO plugin v27.3 - https:\/\/yoast.com\/product\/yoast-seo-wordpress\/ -->\n<title>Spa privado en Tepoztl\u00e1n \/ Soler Orozco Arquitectos - Arquimaster<\/title>\n<meta name=\"description\" content=\"Un cono de piedra volc\u00e1nica, truncado por un plat\u00f3n vegetado encima, una forma sin bordes e imposible de asir o suponer en su integridad.\" \/>\n<meta name=\"robots\" content=\"index, follow, max-snippet:-1, max-image-preview:large, max-video-preview:-1\" \/>\n<link rel=\"canonical\" href=\"https:\/\/www.arquimaster.com.ar\/web\/spa-privado-en-tepoztlan-soler-orozco-arquitectos\/\" \/>\n<meta property=\"og:locale\" content=\"es_ES\" \/>\n<meta property=\"og:type\" content=\"article\" \/>\n<meta property=\"og:title\" content=\"Spa privado en Tepoztl\u00e1n \/ Soler Orozco Arquitectos\" \/>\n<meta property=\"og:description\" content=\"Un cono de piedra volc\u00e1nica, truncado por un plat\u00f3n vegetado encima, una forma sin bordes e imposible de asir o suponer en su integridad.\" \/>\n<meta property=\"og:url\" content=\"https:\/\/www.arquimaster.com.ar\/web\/spa-privado-en-tepoztlan-soler-orozco-arquitectos\/\" \/>\n<meta property=\"og:site_name\" content=\"Arquimaster\" \/>\n<meta property=\"article:publisher\" content=\"http:\/\/www.facebook.com\/ARQUIMASTER.com.ar\" \/>\n<meta property=\"article:published_time\" content=\"2022-04-22T19:43:00+00:00\" \/>\n<meta property=\"article:modified_time\" content=\"2022-09-08T22:41:32+00:00\" \/>\n<meta property=\"og:image\" content=\"https:\/\/www.arquimaster.com.ar\/web\/wp-content\/uploads\/2022\/04\/spa_privado_tepoztlan_slide.jpg\" \/>\n\t<meta property=\"og:image:width\" content=\"698\" \/>\n\t<meta property=\"og:image:height\" content=\"364\" \/>\n\t<meta property=\"og:image:type\" content=\"image\/jpeg\" \/>\n<meta name=\"author\" content=\"Arquimaster\" \/>\n<meta name=\"twitter:card\" content=\"summary_large_image\" \/>\n<meta name=\"twitter:title\" content=\"Spa privado en Tepoztl\u00e1n \/ Soler Orozco Arquitectos\" \/>\n<meta name=\"twitter:description\" content=\"Un cono de piedra volc\u00e1nica, truncado por un plat\u00f3n vegetado encima, una forma sin bordes e imposible de asir o suponer en su integridad.\" \/>\n<meta name=\"twitter:image\" content=\"https:\/\/www.arquimaster.com.ar\/web\/wp-content\/uploads\/2022\/04\/spa_privado_tepoztlan_slide.jpg\" \/>\n<meta name=\"twitter:creator\" content=\"@arquimaster\" \/>\n<meta name=\"twitter:site\" content=\"@arquimaster\" \/>\n<meta name=\"twitter:label1\" content=\"Escrito por\" \/>\n\t<meta name=\"twitter:data1\" content=\"Arquimaster\" \/>\n\t<meta name=\"twitter:label2\" content=\"Tiempo de lectura\" \/>\n\t<meta name=\"twitter:data2\" content=\"5 minutos\" \/>\n<script type=\"application\/ld+json\" class=\"yoast-schema-graph\">{\"@context\":\"https:\\\/\\\/schema.org\",\"@graph\":[{\"@type\":\"Article\",\"@id\":\"https:\\\/\\\/www.arquimaster.com.ar\\\/web\\\/spa-privado-en-tepoztlan-soler-orozco-arquitectos\\\/#article\",\"isPartOf\":{\"@id\":\"https:\\\/\\\/www.arquimaster.com.ar\\\/web\\\/spa-privado-en-tepoztlan-soler-orozco-arquitectos\\\/\"},\"author\":{\"name\":\"Arquimaster\",\"@id\":\"https:\\\/\\\/www.arquimaster.com.ar\\\/web\\\/#\\\/schema\\\/person\\\/359e9f7c00193fcde068e0dd2ceb0028\"},\"headline\":\"Spa privado en Tepoztl\u00e1n \\\/ Soler Orozco Arquitectos\",\"datePublished\":\"2022-04-22T19:43:00+00:00\",\"dateModified\":\"2022-09-08T22:41:32+00:00\",\"mainEntityOfPage\":{\"@id\":\"https:\\\/\\\/www.arquimaster.com.ar\\\/web\\\/spa-privado-en-tepoztlan-soler-orozco-arquitectos\\\/\"},\"wordCount\":932,\"publisher\":{\"@id\":\"https:\\\/\\\/www.arquimaster.com.ar\\\/web\\\/#organization\"},\"image\":{\"@id\":\"https:\\\/\\\/www.arquimaster.com.ar\\\/web\\\/spa-privado-en-tepoztlan-soler-orozco-arquitectos\\\/#primaryimage\"},\"thumbnailUrl\":\"https:\\\/\\\/www.arquimaster.com.ar\\\/web\\\/wp-content\\\/uploads\\\/2022\\\/04\\\/spa_privado_tepoztlan_slide.jpg\",\"keywords\":[\"Alan Orozco\",\"arquitectura del paisaje\",\"dise\u00f1o del paisaje\",\"Elena Annunziata\",\"Fernanda Leon\",\"gimnasio\",\"Ingrid Casas\",\"Javier Sanchez\",\"Juan Soler\",\"Mexico\",\"Morelos\",\"Paar Taller\",\"Soler Orozco Arquitectos\",\"spa\",\"Tepoztl\u00e1n\",\"wellness\"],\"articleSection\":[\"Arquitectura del paisaje\",\"Edificios para la recreacion\",\"Proyecto\"],\"inLanguage\":\"es\"},{\"@type\":\"WebPage\",\"@id\":\"https:\\\/\\\/www.arquimaster.com.ar\\\/web\\\/spa-privado-en-tepoztlan-soler-orozco-arquitectos\\\/\",\"url\":\"https:\\\/\\\/www.arquimaster.com.ar\\\/web\\\/spa-privado-en-tepoztlan-soler-orozco-arquitectos\\\/\",\"name\":\"Spa privado en Tepoztl\u00e1n \\\/ Soler Orozco Arquitectos - Arquimaster\",\"isPartOf\":{\"@id\":\"https:\\\/\\\/www.arquimaster.com.ar\\\/web\\\/#website\"},\"primaryImageOfPage\":{\"@id\":\"https:\\\/\\\/www.arquimaster.com.ar\\\/web\\\/spa-privado-en-tepoztlan-soler-orozco-arquitectos\\\/#primaryimage\"},\"image\":{\"@id\":\"https:\\\/\\\/www.arquimaster.com.ar\\\/web\\\/spa-privado-en-tepoztlan-soler-orozco-arquitectos\\\/#primaryimage\"},\"thumbnailUrl\":\"https:\\\/\\\/www.arquimaster.com.ar\\\/web\\\/wp-content\\\/uploads\\\/2022\\\/04\\\/spa_privado_tepoztlan_slide.jpg\",\"datePublished\":\"2022-04-22T19:43:00+00:00\",\"dateModified\":\"2022-09-08T22:41:32+00:00\",\"description\":\"Un cono de piedra volc\u00e1nica, truncado por un plat\u00f3n vegetado encima, una forma sin bordes e imposible de asir o suponer en su integridad.\",\"breadcrumb\":{\"@id\":\"https:\\\/\\\/www.arquimaster.com.ar\\\/web\\\/spa-privado-en-tepoztlan-soler-orozco-arquitectos\\\/#breadcrumb\"},\"inLanguage\":\"es\",\"potentialAction\":[{\"@type\":\"ReadAction\",\"target\":[\"https:\\\/\\\/www.arquimaster.com.ar\\\/web\\\/spa-privado-en-tepoztlan-soler-orozco-arquitectos\\\/\"]}]},{\"@type\":\"ImageObject\",\"inLanguage\":\"es\",\"@id\":\"https:\\\/\\\/www.arquimaster.com.ar\\\/web\\\/spa-privado-en-tepoztlan-soler-orozco-arquitectos\\\/#primaryimage\",\"url\":\"https:\\\/\\\/www.arquimaster.com.ar\\\/web\\\/wp-content\\\/uploads\\\/2022\\\/04\\\/spa_privado_tepoztlan_slide.jpg\",\"contentUrl\":\"https:\\\/\\\/www.arquimaster.com.ar\\\/web\\\/wp-content\\\/uploads\\\/2022\\\/04\\\/spa_privado_tepoztlan_slide.jpg\",\"width\":698,\"height\":364,\"caption\":\"Spa privado en Tepoztl\u00e1n \\\/ Soler Orozco Arquitectos\"},{\"@type\":\"BreadcrumbList\",\"@id\":\"https:\\\/\\\/www.arquimaster.com.ar\\\/web\\\/spa-privado-en-tepoztlan-soler-orozco-arquitectos\\\/#breadcrumb\",\"itemListElement\":[{\"@type\":\"ListItem\",\"position\":1,\"name\":\"Portada\",\"item\":\"https:\\\/\\\/www.arquimaster.com.ar\\\/web\\\/\"},{\"@type\":\"ListItem\",\"position\":2,\"name\":\"Spa privado en Tepoztl\u00e1n \\\/ Soler Orozco Arquitectos\"}]},{\"@type\":\"WebSite\",\"@id\":\"https:\\\/\\\/www.arquimaster.com.ar\\\/web\\\/#website\",\"url\":\"https:\\\/\\\/www.arquimaster.com.ar\\\/web\\\/\",\"name\":\"Arquimaster\",\"description\":\"Web de arquitectura, dise\u00f1o y construccion\",\"publisher\":{\"@id\":\"https:\\\/\\\/www.arquimaster.com.ar\\\/web\\\/#organization\"},\"potentialAction\":[{\"@type\":\"SearchAction\",\"target\":{\"@type\":\"EntryPoint\",\"urlTemplate\":\"https:\\\/\\\/www.arquimaster.com.ar\\\/web\\\/?s={search_term_string}\"},\"query-input\":{\"@type\":\"PropertyValueSpecification\",\"valueRequired\":true,\"valueName\":\"search_term_string\"}}],\"inLanguage\":\"es\"},{\"@type\":\"Organization\",\"@id\":\"https:\\\/\\\/www.arquimaster.com.ar\\\/web\\\/#organization\",\"name\":\"Arquimaster\",\"url\":\"https:\\\/\\\/www.arquimaster.com.ar\\\/web\\\/\",\"logo\":{\"@type\":\"ImageObject\",\"inLanguage\":\"es\",\"@id\":\"https:\\\/\\\/www.arquimaster.com.ar\\\/web\\\/#\\\/schema\\\/logo\\\/image\\\/\",\"url\":\"https:\\\/\\\/www.arquimaster.com.ar\\\/web\\\/wp-content\\\/uploads\\\/2022\\\/06\\\/arquimaster.png\",\"contentUrl\":\"https:\\\/\\\/www.arquimaster.com.ar\\\/web\\\/wp-content\\\/uploads\\\/2022\\\/06\\\/arquimaster.png\",\"width\":594,\"height\":78,\"caption\":\"Arquimaster\"},\"image\":{\"@id\":\"https:\\\/\\\/www.arquimaster.com.ar\\\/web\\\/#\\\/schema\\\/logo\\\/image\\\/\"},\"sameAs\":[\"http:\\\/\\\/www.facebook.com\\\/ARQUIMASTER.com.ar\",\"https:\\\/\\\/x.com\\\/arquimaster\",\"https:\\\/\\\/www.instagram.com\\\/arquimasterblog\\\/\",\"https:\\\/\\\/www.linkedin.com\\\/company\\\/arquimaster\",\"https:\\\/\\\/www.pinterest.com\\\/arquimaster\",\"https:\\\/\\\/t.me\\\/arquimaster\"]},{\"@type\":\"Person\",\"@id\":\"https:\\\/\\\/www.arquimaster.com.ar\\\/web\\\/#\\\/schema\\\/person\\\/359e9f7c00193fcde068e0dd2ceb0028\",\"name\":\"Arquimaster\"}]}<\/script>\n<!-- \/ Yoast SEO plugin. -->","yoast_head_json":{"title":"Spa privado en Tepoztl\u00e1n \/ Soler Orozco Arquitectos - Arquimaster","description":"Un cono de piedra volc\u00e1nica, truncado por un plat\u00f3n vegetado encima, una forma sin bordes e imposible de asir o suponer en su integridad.","robots":{"index":"index","follow":"follow","max-snippet":"max-snippet:-1","max-image-preview":"max-image-preview:large","max-video-preview":"max-video-preview:-1"},"canonical":"https:\/\/www.arquimaster.com.ar\/web\/spa-privado-en-tepoztlan-soler-orozco-arquitectos\/","og_locale":"es_ES","og_type":"article","og_title":"Spa privado en Tepoztl\u00e1n \/ Soler Orozco Arquitectos","og_description":"Un cono de piedra volc\u00e1nica, truncado por un plat\u00f3n vegetado encima, una forma sin bordes e imposible de asir o suponer en su integridad.","og_url":"https:\/\/www.arquimaster.com.ar\/web\/spa-privado-en-tepoztlan-soler-orozco-arquitectos\/","og_site_name":"Arquimaster","article_publisher":"http:\/\/www.facebook.com\/ARQUIMASTER.com.ar","article_published_time":"2022-04-22T19:43:00+00:00","article_modified_time":"2022-09-08T22:41:32+00:00","og_image":[{"width":698,"height":364,"url":"https:\/\/www.arquimaster.com.ar\/web\/wp-content\/uploads\/2022\/04\/spa_privado_tepoztlan_slide.jpg","type":"image\/jpeg"}],"author":"Arquimaster","twitter_card":"summary_large_image","twitter_title":"Spa privado en Tepoztl\u00e1n \/ Soler Orozco Arquitectos","twitter_description":"Un cono de piedra volc\u00e1nica, truncado por un plat\u00f3n vegetado encima, una forma sin bordes e imposible de asir o suponer en su integridad.","twitter_image":"https:\/\/www.arquimaster.com.ar\/web\/wp-content\/uploads\/2022\/04\/spa_privado_tepoztlan_slide.jpg","twitter_creator":"@arquimaster","twitter_site":"@arquimaster","twitter_misc":{"Escrito por":"Arquimaster","Tiempo de lectura":"5 minutos"},"schema":{"@context":"https:\/\/schema.org","@graph":[{"@type":"Article","@id":"https:\/\/www.arquimaster.com.ar\/web\/spa-privado-en-tepoztlan-soler-orozco-arquitectos\/#article","isPartOf":{"@id":"https:\/\/www.arquimaster.com.ar\/web\/spa-privado-en-tepoztlan-soler-orozco-arquitectos\/"},"author":{"name":"Arquimaster","@id":"https:\/\/www.arquimaster.com.ar\/web\/#\/schema\/person\/359e9f7c00193fcde068e0dd2ceb0028"},"headline":"Spa privado en Tepoztl\u00e1n \/ Soler Orozco Arquitectos","datePublished":"2022-04-22T19:43:00+00:00","dateModified":"2022-09-08T22:41:32+00:00","mainEntityOfPage":{"@id":"https:\/\/www.arquimaster.com.ar\/web\/spa-privado-en-tepoztlan-soler-orozco-arquitectos\/"},"wordCount":932,"publisher":{"@id":"https:\/\/www.arquimaster.com.ar\/web\/#organization"},"image":{"@id":"https:\/\/www.arquimaster.com.ar\/web\/spa-privado-en-tepoztlan-soler-orozco-arquitectos\/#primaryimage"},"thumbnailUrl":"https:\/\/www.arquimaster.com.ar\/web\/wp-content\/uploads\/2022\/04\/spa_privado_tepoztlan_slide.jpg","keywords":["Alan Orozco","arquitectura del paisaje","dise\u00f1o del paisaje","Elena Annunziata","Fernanda Leon","gimnasio","Ingrid Casas","Javier Sanchez","Juan Soler","Mexico","Morelos","Paar Taller","Soler Orozco Arquitectos","spa","Tepoztl\u00e1n","wellness"],"articleSection":["Arquitectura del paisaje","Edificios para la recreacion","Proyecto"],"inLanguage":"es"},{"@type":"WebPage","@id":"https:\/\/www.arquimaster.com.ar\/web\/spa-privado-en-tepoztlan-soler-orozco-arquitectos\/","url":"https:\/\/www.arquimaster.com.ar\/web\/spa-privado-en-tepoztlan-soler-orozco-arquitectos\/","name":"Spa privado en Tepoztl\u00e1n \/ Soler Orozco Arquitectos - Arquimaster","isPartOf":{"@id":"https:\/\/www.arquimaster.com.ar\/web\/#website"},"primaryImageOfPage":{"@id":"https:\/\/www.arquimaster.com.ar\/web\/spa-privado-en-tepoztlan-soler-orozco-arquitectos\/#primaryimage"},"image":{"@id":"https:\/\/www.arquimaster.com.ar\/web\/spa-privado-en-tepoztlan-soler-orozco-arquitectos\/#primaryimage"},"thumbnailUrl":"https:\/\/www.arquimaster.com.ar\/web\/wp-content\/uploads\/2022\/04\/spa_privado_tepoztlan_slide.jpg","datePublished":"2022-04-22T19:43:00+00:00","dateModified":"2022-09-08T22:41:32+00:00","description":"Un cono de piedra volc\u00e1nica, truncado por un plat\u00f3n vegetado encima, una forma sin bordes e imposible de asir o suponer en su integridad.","breadcrumb":{"@id":"https:\/\/www.arquimaster.com.ar\/web\/spa-privado-en-tepoztlan-soler-orozco-arquitectos\/#breadcrumb"},"inLanguage":"es","potentialAction":[{"@type":"ReadAction","target":["https:\/\/www.arquimaster.com.ar\/web\/spa-privado-en-tepoztlan-soler-orozco-arquitectos\/"]}]},{"@type":"ImageObject","inLanguage":"es","@id":"https:\/\/www.arquimaster.com.ar\/web\/spa-privado-en-tepoztlan-soler-orozco-arquitectos\/#primaryimage","url":"https:\/\/www.arquimaster.com.ar\/web\/wp-content\/uploads\/2022\/04\/spa_privado_tepoztlan_slide.jpg","contentUrl":"https:\/\/www.arquimaster.com.ar\/web\/wp-content\/uploads\/2022\/04\/spa_privado_tepoztlan_slide.jpg","width":698,"height":364,"caption":"Spa privado en Tepoztl\u00e1n \/ Soler Orozco Arquitectos"},{"@type":"BreadcrumbList","@id":"https:\/\/www.arquimaster.com.ar\/web\/spa-privado-en-tepoztlan-soler-orozco-arquitectos\/#breadcrumb","itemListElement":[{"@type":"ListItem","position":1,"name":"Portada","item":"https:\/\/www.arquimaster.com.ar\/web\/"},{"@type":"ListItem","position":2,"name":"Spa privado en Tepoztl\u00e1n \/ Soler Orozco Arquitectos"}]},{"@type":"WebSite","@id":"https:\/\/www.arquimaster.com.ar\/web\/#website","url":"https:\/\/www.arquimaster.com.ar\/web\/","name":"Arquimaster","description":"Web de arquitectura, dise\u00f1o y construccion","publisher":{"@id":"https:\/\/www.arquimaster.com.ar\/web\/#organization"},"potentialAction":[{"@type":"SearchAction","target":{"@type":"EntryPoint","urlTemplate":"https:\/\/www.arquimaster.com.ar\/web\/?s={search_term_string}"},"query-input":{"@type":"PropertyValueSpecification","valueRequired":true,"valueName":"search_term_string"}}],"inLanguage":"es"},{"@type":"Organization","@id":"https:\/\/www.arquimaster.com.ar\/web\/#organization","name":"Arquimaster","url":"https:\/\/www.arquimaster.com.ar\/web\/","logo":{"@type":"ImageObject","inLanguage":"es","@id":"https:\/\/www.arquimaster.com.ar\/web\/#\/schema\/logo\/image\/","url":"https:\/\/www.arquimaster.com.ar\/web\/wp-content\/uploads\/2022\/06\/arquimaster.png","contentUrl":"https:\/\/www.arquimaster.com.ar\/web\/wp-content\/uploads\/2022\/06\/arquimaster.png","width":594,"height":78,"caption":"Arquimaster"},"image":{"@id":"https:\/\/www.arquimaster.com.ar\/web\/#\/schema\/logo\/image\/"},"sameAs":["http:\/\/www.facebook.com\/ARQUIMASTER.com.ar","https:\/\/x.com\/arquimaster","https:\/\/www.instagram.com\/arquimasterblog\/","https:\/\/www.linkedin.com\/company\/arquimaster","https:\/\/www.pinterest.com\/arquimaster","https:\/\/t.me\/arquimaster"]},{"@type":"Person","@id":"https:\/\/www.arquimaster.com.ar\/web\/#\/schema\/person\/359e9f7c00193fcde068e0dd2ceb0028","name":"Arquimaster"}]}},"uagb_featured_image_src":{"full":["https:\/\/www.arquimaster.com.ar\/web\/wp-content\/uploads\/2022\/04\/spa_privado_tepoztlan_slide.jpg",698,364,false],"thumbnail":["https:\/\/www.arquimaster.com.ar\/web\/wp-content\/uploads\/2022\/04\/spa_privado_tepoztlan_slide-150x150.jpg",150,150,true],"medium":["https:\/\/www.arquimaster.com.ar\/web\/wp-content\/uploads\/2022\/04\/spa_privado_tepoztlan_slide.jpg",698,364,false],"medium_large":["https:\/\/www.arquimaster.com.ar\/web\/wp-content\/uploads\/2022\/04\/spa_privado_tepoztlan_slide.jpg",698,364,false],"large":["https:\/\/www.arquimaster.com.ar\/web\/wp-content\/uploads\/2022\/04\/spa_privado_tepoztlan_slide.jpg",698,364,false],"1536x1536":["https:\/\/www.arquimaster.com.ar\/web\/wp-content\/uploads\/2022\/04\/spa_privado_tepoztlan_slide.jpg",698,364,false],"2048x2048":["https:\/\/www.arquimaster.com.ar\/web\/wp-content\/uploads\/2022\/04\/spa_privado_tepoztlan_slide.jpg",698,364,false]},"uagb_author_info":{"display_name":"Arquimaster","author_link":"https:\/\/www.arquimaster.com.ar\/web\/author\/arquimaster\/"},"uagb_comment_info":0,"uagb_excerpt":"Un cono de piedra volc\u00e1nica, truncado por un plat\u00f3n vegetado encima...","_links":{"self":[{"href":"https:\/\/www.arquimaster.com.ar\/web\/wp-json\/wp\/v2\/posts\/69683","targetHints":{"allow":["GET"]}}],"collection":[{"href":"https:\/\/www.arquimaster.com.ar\/web\/wp-json\/wp\/v2\/posts"}],"about":[{"href":"https:\/\/www.arquimaster.com.ar\/web\/wp-json\/wp\/v2\/types\/post"}],"author":[{"embeddable":true,"href":"https:\/\/www.arquimaster.com.ar\/web\/wp-json\/wp\/v2\/users\/1"}],"replies":[{"embeddable":true,"href":"https:\/\/www.arquimaster.com.ar\/web\/wp-json\/wp\/v2\/comments?post=69683"}],"version-history":[{"count":2,"href":"https:\/\/www.arquimaster.com.ar\/web\/wp-json\/wp\/v2\/posts\/69683\/revisions"}],"predecessor-version":[{"id":69751,"href":"https:\/\/www.arquimaster.com.ar\/web\/wp-json\/wp\/v2\/posts\/69683\/revisions\/69751"}],"wp:featuredmedia":[{"embeddable":true,"href":"https:\/\/www.arquimaster.com.ar\/web\/wp-json\/wp\/v2\/media\/69684"}],"wp:attachment":[{"href":"https:\/\/www.arquimaster.com.ar\/web\/wp-json\/wp\/v2\/media?parent=69683"}],"wp:term":[{"taxonomy":"category","embeddable":true,"href":"https:\/\/www.arquimaster.com.ar\/web\/wp-json\/wp\/v2\/categories?post=69683"},{"taxonomy":"post_tag","embeddable":true,"href":"https:\/\/www.arquimaster.com.ar\/web\/wp-json\/wp\/v2\/tags?post=69683"}],"curies":[{"name":"wp","href":"https:\/\/api.w.org\/{rel}","templated":true}]}}