{"id":69721,"date":"2022-04-22T17:03:00","date_gmt":"2022-04-22T20:03:00","guid":{"rendered":"https:\/\/www.arquimaster.com.ar\/web\/?p=69721"},"modified":"2022-09-23T15:24:36","modified_gmt":"2022-09-23T18:24:36","slug":"casa-pau-besonias-almeida-arquitectos","status":"publish","type":"post","link":"https:\/\/www.arquimaster.com.ar\/web\/casa-pau-besonias-almeida-arquitectos\/","title":{"rendered":"Casa Pau \/ Beson\u00edas Almeida Arquitectos"},"content":{"rendered":"<div style=\"margin-top: 0px; margin-bottom: 0px;\" class=\"sharethis-inline-share-buttons\" ><\/div><div class=\"b812932af2e751442846f039925109de\" data-index=\"1\" style=\"float: none; margin:25px 0 25px 0; text-align:center;\">\n<script async src=\"https:\/\/pagead2.googlesyndication.com\/pagead\/js\/adsbygoogle.js\"><\/script>\r\n<!-- Arquimaster (superior) -->\r\n<ins class=\"adsbygoogle\"\r\n     style=\"display:block\"\r\n     data-ad-client=\"ca-pub-6351072698456832\"\r\n     data-ad-slot=\"6455489680\"\r\n     data-ad-format=\"auto\"\r\n     data-full-width-responsive=\"true\"><\/ins>\r\n<script>\r\n     (adsbygoogle = window.adsbygoogle || []).push({});\r\n<\/script>\n<\/div>\n<p><strong>Casa Pau<\/strong> (Hudson, Prov. de Buenos Aires, Argentina) por <strong>Beson\u00edas Almeida Arquitectos<\/strong>. Casa Pau esta ubicada en un barrio cerrado a 35 km de la ciudad de Buenos Aires. Se trata de una urbanizaci\u00f3n nueva, desarrollada en tierras de origen rural que, por su proximidad con el trazado de las autopistas, se han ido transformado en lugares aptos para vivir. En un lugar con muy pocas viviendas vecinas, con escasa vegetaci\u00f3n de origen y con una plantaci\u00f3n nueva a\u00fan muy incipiente, la casa ten\u00eda que ser pensada careciendo de todos los datos que aporta un barrio consolidado.<\/p>\n<div id='gallery-1' class='gallery galleryid-69721 gallery-columns-3 gallery-size-thumbnail'><figure class='gallery-item'>\n\t\t\t<div class='gallery-icon landscape'>\n\t\t\t\t<a href='https:\/\/www.arquimaster.com.ar\/web\/wp-content\/uploads\/2022\/04\/casa_pau1.jpg' title=\"Casa Pau \/ Beson\u00edas Almeida Arquitectos (\u00a9 Federico Kulekdjian)\" data-rl_title=\"Casa Pau \/ Beson\u00edas Almeida Arquitectos (\u00a9 Federico Kulekdjian)\" class=\"rl-gallery-link\" data-rl_caption=\"Casa Pau \/ Beson\u00edas Almeida Arquitectos (\u00a9 Federico Kulekdjian)\" data-rel=\"lightbox-gallery-1\"><img loading=\"lazy\" decoding=\"async\" width=\"150\" height=\"150\" src=\"https:\/\/www.arquimaster.com.ar\/web\/wp-content\/uploads\/2022\/04\/casa_pau1-150x150.jpg\" class=\"attachment-thumbnail size-thumbnail\" alt=\"Casa Pau \/ Beson\u00edas Almeida Arquitectos\" aria-describedby=\"gallery-1-69723\" \/><\/a>\n\t\t\t<\/div>\n\t\t\t\t<figcaption class='wp-caption-text gallery-caption' id='gallery-1-69723'>\n\t\t\t\tCasa Pau \/ Beson\u00edas Almeida Arquitectos (\u00a9 Federico Kulekdjian)\n\t\t\t\t<\/figcaption><\/figure><figure class='gallery-item'>\n\t\t\t<div class='gallery-icon landscape'>\n\t\t\t\t<a href='https:\/\/www.arquimaster.com.ar\/web\/wp-content\/uploads\/2022\/04\/casa_pau2.jpg' title=\"Casa Pau \/ Beson\u00edas Almeida Arquitectos (\u00a9 Federico Kulekdjian)\" data-rl_title=\"Casa Pau \/ Beson\u00edas Almeida Arquitectos (\u00a9 Federico Kulekdjian)\" class=\"rl-gallery-link\" data-rl_caption=\"Casa Pau \/ Beson\u00edas Almeida Arquitectos (\u00a9 Federico Kulekdjian)\" data-rel=\"lightbox-gallery-1\"><img loading=\"lazy\" decoding=\"async\" width=\"150\" height=\"150\" src=\"https:\/\/www.arquimaster.com.ar\/web\/wp-content\/uploads\/2022\/04\/casa_pau2-150x150.jpg\" class=\"attachment-thumbnail size-thumbnail\" alt=\"Casa Pau \/ Beson\u00edas Almeida Arquitectos\" aria-describedby=\"gallery-1-69724\" \/><\/a>\n\t\t\t<\/div>\n\t\t\t\t<figcaption class='wp-caption-text gallery-caption' id='gallery-1-69724'>\n\t\t\t\tCasa Pau \/ Beson\u00edas Almeida Arquitectos (\u00a9 Federico Kulekdjian)\n\t\t\t\t<\/figcaption><\/figure><figure class='gallery-item'>\n\t\t\t<div class='gallery-icon portrait'>\n\t\t\t\t<a href='https:\/\/www.arquimaster.com.ar\/web\/wp-content\/uploads\/2022\/04\/casa_pau3.jpg' title=\"Casa Pau \/ Beson\u00edas Almeida Arquitectos (\u00a9 Federico Kulekdjian)\" data-rl_title=\"Casa Pau \/ Beson\u00edas Almeida Arquitectos (\u00a9 Federico Kulekdjian)\" class=\"rl-gallery-link\" data-rl_caption=\"Casa Pau \/ Beson\u00edas Almeida Arquitectos (\u00a9 Federico Kulekdjian)\" data-rel=\"lightbox-gallery-1\"><img loading=\"lazy\" decoding=\"async\" width=\"150\" height=\"150\" src=\"https:\/\/www.arquimaster.com.ar\/web\/wp-content\/uploads\/2022\/04\/casa_pau3-150x150.jpg\" class=\"attachment-thumbnail size-thumbnail\" alt=\"Casa Pau \/ Beson\u00edas Almeida Arquitectos\" aria-describedby=\"gallery-1-69725\" \/><\/a>\n\t\t\t<\/div>\n\t\t\t\t<figcaption class='wp-caption-text gallery-caption' id='gallery-1-69725'>\n\t\t\t\tCasa Pau \/ Beson\u00edas Almeida Arquitectos (\u00a9 Federico Kulekdjian)\n\t\t\t\t<\/figcaption><\/figure><figure class='gallery-item'>\n\t\t\t<div class='gallery-icon portrait'>\n\t\t\t\t<a href='https:\/\/www.arquimaster.com.ar\/web\/wp-content\/uploads\/2022\/04\/casa_pau4.jpg' title=\"Casa Pau \/ Beson\u00edas Almeida Arquitectos (\u00a9 Federico Kulekdjian)\" data-rl_title=\"Casa Pau \/ Beson\u00edas Almeida Arquitectos (\u00a9 Federico Kulekdjian)\" class=\"rl-gallery-link\" data-rl_caption=\"Casa Pau \/ Beson\u00edas Almeida Arquitectos (\u00a9 Federico Kulekdjian)\" data-rel=\"lightbox-gallery-1\"><img loading=\"lazy\" decoding=\"async\" width=\"150\" height=\"150\" src=\"https:\/\/www.arquimaster.com.ar\/web\/wp-content\/uploads\/2022\/04\/casa_pau4-150x150.jpg\" class=\"attachment-thumbnail size-thumbnail\" alt=\"Casa Pau \/ Beson\u00edas Almeida Arquitectos\" aria-describedby=\"gallery-1-69726\" \/><\/a>\n\t\t\t<\/div>\n\t\t\t\t<figcaption class='wp-caption-text gallery-caption' id='gallery-1-69726'>\n\t\t\t\tCasa Pau \/ Beson\u00edas Almeida Arquitectos (\u00a9 Federico Kulekdjian)\n\t\t\t\t<\/figcaption><\/figure><figure class='gallery-item'>\n\t\t\t<div class='gallery-icon landscape'>\n\t\t\t\t<a href='https:\/\/www.arquimaster.com.ar\/web\/wp-content\/uploads\/2022\/04\/casa_pau5.jpg' title=\"Casa Pau \/ Beson\u00edas Almeida Arquitectos (\u00a9 Federico Kulekdjian)\" data-rl_title=\"Casa Pau \/ Beson\u00edas Almeida Arquitectos (\u00a9 Federico Kulekdjian)\" class=\"rl-gallery-link\" data-rl_caption=\"Casa Pau \/ Beson\u00edas Almeida Arquitectos (\u00a9 Federico Kulekdjian)\" data-rel=\"lightbox-gallery-1\"><img loading=\"lazy\" decoding=\"async\" width=\"150\" height=\"150\" src=\"https:\/\/www.arquimaster.com.ar\/web\/wp-content\/uploads\/2022\/04\/casa_pau5-150x150.jpg\" class=\"attachment-thumbnail size-thumbnail\" alt=\"Casa Pau \/ Beson\u00edas Almeida Arquitectos\" aria-describedby=\"gallery-1-69727\" \/><\/a>\n\t\t\t<\/div>\n\t\t\t\t<figcaption class='wp-caption-text gallery-caption' id='gallery-1-69727'>\n\t\t\t\tCasa Pau \/ Beson\u00edas Almeida Arquitectos (\u00a9 Federico Kulekdjian)\n\t\t\t\t<\/figcaption><\/figure><figure class='gallery-item'>\n\t\t\t<div class='gallery-icon landscape'>\n\t\t\t\t<a href='https:\/\/www.arquimaster.com.ar\/web\/wp-content\/uploads\/2022\/04\/casa_pau6.jpg' title=\"Casa Pau \/ Beson\u00edas Almeida Arquitectos (\u00a9 Hern\u00e1n de Almeida)\" data-rl_title=\"Casa Pau \/ Beson\u00edas Almeida Arquitectos (\u00a9 Hern\u00e1n de Almeida)\" class=\"rl-gallery-link\" data-rl_caption=\"Casa Pau \/ Beson\u00edas Almeida Arquitectos (\u00a9 Hern\u00e1n de Almeida)\" data-rel=\"lightbox-gallery-1\"><img loading=\"lazy\" decoding=\"async\" width=\"150\" height=\"150\" src=\"https:\/\/www.arquimaster.com.ar\/web\/wp-content\/uploads\/2022\/04\/casa_pau6-150x150.jpg\" class=\"attachment-thumbnail size-thumbnail\" alt=\"Casa Pau \/ Beson\u00edas Almeida Arquitectos\" aria-describedby=\"gallery-1-69728\" \/><\/a>\n\t\t\t<\/div>\n\t\t\t\t<figcaption class='wp-caption-text gallery-caption' id='gallery-1-69728'>\n\t\t\t\tCasa Pau \/ Beson\u00edas Almeida Arquitectos (\u00a9 Hern\u00e1n de Almeida)\n\t\t\t\t<\/figcaption><\/figure><figure class='gallery-item'>\n\t\t\t<div class='gallery-icon landscape'>\n\t\t\t\t<a href='https:\/\/www.arquimaster.com.ar\/web\/wp-content\/uploads\/2022\/04\/casa_pau7.jpg' title=\"Casa Pau \/ Beson\u00edas Almeida Arquitectos (\u00a9 Hern\u00e1n de Almeida)\" data-rl_title=\"Casa Pau \/ Beson\u00edas Almeida Arquitectos (\u00a9 Hern\u00e1n de Almeida)\" class=\"rl-gallery-link\" data-rl_caption=\"Casa Pau \/ Beson\u00edas Almeida Arquitectos (\u00a9 Hern\u00e1n de Almeida)\" data-rel=\"lightbox-gallery-1\"><img loading=\"lazy\" decoding=\"async\" width=\"150\" height=\"150\" src=\"https:\/\/www.arquimaster.com.ar\/web\/wp-content\/uploads\/2022\/04\/casa_pau7-150x150.jpg\" class=\"attachment-thumbnail size-thumbnail\" alt=\"Casa Pau \/ Beson\u00edas Almeida Arquitectos\" aria-describedby=\"gallery-1-69729\" \/><\/a>\n\t\t\t<\/div>\n\t\t\t\t<figcaption class='wp-caption-text gallery-caption' id='gallery-1-69729'>\n\t\t\t\tCasa Pau \/ Beson\u00edas Almeida Arquitectos (\u00a9 Hern\u00e1n de Almeida)\n\t\t\t\t<\/figcaption><\/figure><figure class='gallery-item'>\n\t\t\t<div class='gallery-icon landscape'>\n\t\t\t\t<a href='https:\/\/www.arquimaster.com.ar\/web\/wp-content\/uploads\/2022\/04\/casa_pau8.jpg' title=\"Casa Pau \/ Beson\u00edas Almeida Arquitectos (\u00a9 Hern\u00e1n de Almeida)\" data-rl_title=\"Casa Pau \/ Beson\u00edas Almeida Arquitectos (\u00a9 Hern\u00e1n de Almeida)\" class=\"rl-gallery-link\" data-rl_caption=\"Casa Pau \/ Beson\u00edas Almeida Arquitectos (\u00a9 Hern\u00e1n de Almeida)\" data-rel=\"lightbox-gallery-1\"><img loading=\"lazy\" decoding=\"async\" width=\"150\" height=\"150\" src=\"https:\/\/www.arquimaster.com.ar\/web\/wp-content\/uploads\/2022\/04\/casa_pau8-150x150.jpg\" class=\"attachment-thumbnail size-thumbnail\" alt=\"Casa Pau \/ Beson\u00edas Almeida Arquitectos\" aria-describedby=\"gallery-1-69730\" \/><\/a>\n\t\t\t<\/div>\n\t\t\t\t<figcaption class='wp-caption-text gallery-caption' id='gallery-1-69730'>\n\t\t\t\tCasa Pau \/ Beson\u00edas Almeida Arquitectos (\u00a9 Hern\u00e1n de Almeida)\n\t\t\t\t<\/figcaption><\/figure><figure class='gallery-item'>\n\t\t\t<div class='gallery-icon landscape'>\n\t\t\t\t<a href='https:\/\/www.arquimaster.com.ar\/web\/wp-content\/uploads\/2022\/04\/casa_pau9.jpg' title=\"Casa Pau \/ Beson\u00edas Almeida Arquitectos (\u00a9 Federico Kulekdjian)\" data-rl_title=\"Casa Pau \/ Beson\u00edas Almeida Arquitectos (\u00a9 Federico Kulekdjian)\" class=\"rl-gallery-link\" data-rl_caption=\"Casa Pau \/ Beson\u00edas Almeida Arquitectos (\u00a9 Federico Kulekdjian)\" data-rel=\"lightbox-gallery-1\"><img loading=\"lazy\" decoding=\"async\" width=\"150\" height=\"150\" src=\"https:\/\/www.arquimaster.com.ar\/web\/wp-content\/uploads\/2022\/04\/casa_pau9-150x150.jpg\" class=\"attachment-thumbnail size-thumbnail\" alt=\"Casa Pau \/ Beson\u00edas Almeida Arquitectos\" aria-describedby=\"gallery-1-69731\" \/><\/a>\n\t\t\t<\/div>\n\t\t\t\t<figcaption class='wp-caption-text gallery-caption' id='gallery-1-69731'>\n\t\t\t\tCasa Pau \/ Beson\u00edas Almeida Arquitectos (\u00a9 Federico Kulekdjian)\n\t\t\t\t<\/figcaption><\/figure><figure class='gallery-item'>\n\t\t\t<div class='gallery-icon landscape'>\n\t\t\t\t<a href='https:\/\/www.arquimaster.com.ar\/web\/wp-content\/uploads\/2022\/04\/casa_pau10.jpg' title=\"Casa Pau \/ Beson\u00edas Almeida Arquitectos (\u00a9 Federico Kulekdjian)\" data-rl_title=\"Casa Pau \/ Beson\u00edas Almeida Arquitectos (\u00a9 Federico Kulekdjian)\" class=\"rl-gallery-link\" data-rl_caption=\"Casa Pau \/ Beson\u00edas Almeida Arquitectos (\u00a9 Federico Kulekdjian)\" data-rel=\"lightbox-gallery-1\"><img loading=\"lazy\" decoding=\"async\" width=\"150\" height=\"150\" src=\"https:\/\/www.arquimaster.com.ar\/web\/wp-content\/uploads\/2022\/04\/casa_pau10-150x150.jpg\" class=\"attachment-thumbnail size-thumbnail\" alt=\"Casa Pau \/ Beson\u00edas Almeida Arquitectos\" aria-describedby=\"gallery-1-69732\" \/><\/a>\n\t\t\t<\/div>\n\t\t\t\t<figcaption class='wp-caption-text gallery-caption' id='gallery-1-69732'>\n\t\t\t\tCasa Pau \/ Beson\u00edas Almeida Arquitectos (\u00a9 Federico Kulekdjian)\n\t\t\t\t<\/figcaption><\/figure><figure class='gallery-item'>\n\t\t\t<div class='gallery-icon landscape'>\n\t\t\t\t<a href='https:\/\/www.arquimaster.com.ar\/web\/wp-content\/uploads\/2022\/04\/casa_pau11.jpg' title=\"Casa Pau \/ Beson\u00edas Almeida Arquitectos (\u00a9 Federico Kulekdjian)\" data-rl_title=\"Casa Pau \/ Beson\u00edas Almeida Arquitectos (\u00a9 Federico Kulekdjian)\" class=\"rl-gallery-link\" data-rl_caption=\"Casa Pau \/ Beson\u00edas Almeida Arquitectos (\u00a9 Federico Kulekdjian)\" data-rel=\"lightbox-gallery-1\"><img loading=\"lazy\" decoding=\"async\" width=\"150\" height=\"150\" src=\"https:\/\/www.arquimaster.com.ar\/web\/wp-content\/uploads\/2022\/04\/casa_pau11-150x150.jpg\" class=\"attachment-thumbnail size-thumbnail\" alt=\"Casa Pau \/ Beson\u00edas Almeida Arquitectos\" aria-describedby=\"gallery-1-69749\" \/><\/a>\n\t\t\t<\/div>\n\t\t\t\t<figcaption class='wp-caption-text gallery-caption' id='gallery-1-69749'>\n\t\t\t\tCasa Pau \/ Beson\u00edas Almeida Arquitectos (\u00a9 Federico Kulekdjian)\n\t\t\t\t<\/figcaption><\/figure><figure class='gallery-item'>\n\t\t\t<div class='gallery-icon portrait'>\n\t\t\t\t<a href='https:\/\/www.arquimaster.com.ar\/web\/wp-content\/uploads\/2022\/04\/casa_pau12.jpg' title=\"Casa Pau \/ Beson\u00edas Almeida Arquitectos (\u00a9 Hern\u00e1n de Almeida)\" data-rl_title=\"Casa Pau \/ Beson\u00edas Almeida Arquitectos (\u00a9 Hern\u00e1n de Almeida)\" class=\"rl-gallery-link\" data-rl_caption=\"Casa Pau \/ Beson\u00edas Almeida Arquitectos (\u00a9 Hern\u00e1n de Almeida)\" data-rel=\"lightbox-gallery-1\"><img loading=\"lazy\" decoding=\"async\" width=\"150\" height=\"150\" src=\"https:\/\/www.arquimaster.com.ar\/web\/wp-content\/uploads\/2022\/04\/casa_pau12-150x150.jpg\" class=\"attachment-thumbnail size-thumbnail\" alt=\"Casa Pau \/ Beson\u00edas Almeida Arquitectos\" aria-describedby=\"gallery-1-69733\" \/><\/a>\n\t\t\t<\/div>\n\t\t\t\t<figcaption class='wp-caption-text gallery-caption' id='gallery-1-69733'>\n\t\t\t\tCasa Pau \/ Beson\u00edas Almeida Arquitectos (\u00a9 Hern\u00e1n de Almeida)\n\t\t\t\t<\/figcaption><\/figure><figure class='gallery-item'>\n\t\t\t<div class='gallery-icon landscape'>\n\t\t\t\t<a href='https:\/\/www.arquimaster.com.ar\/web\/wp-content\/uploads\/2022\/04\/casa_pau13.jpg' title=\"Casa Pau \/ Beson\u00edas Almeida Arquitectos (\u00a9 Federico Kulekdjian)\" data-rl_title=\"Casa Pau \/ Beson\u00edas Almeida Arquitectos (\u00a9 Federico Kulekdjian)\" class=\"rl-gallery-link\" data-rl_caption=\"Casa Pau \/ Beson\u00edas Almeida Arquitectos (\u00a9 Federico Kulekdjian)\" data-rel=\"lightbox-gallery-1\"><img loading=\"lazy\" decoding=\"async\" width=\"150\" height=\"150\" src=\"https:\/\/www.arquimaster.com.ar\/web\/wp-content\/uploads\/2022\/04\/casa_pau13-150x150.jpg\" class=\"attachment-thumbnail size-thumbnail\" alt=\"Casa Pau \/ Beson\u00edas Almeida Arquitectos\" aria-describedby=\"gallery-1-69734\" \/><\/a>\n\t\t\t<\/div>\n\t\t\t\t<figcaption class='wp-caption-text gallery-caption' id='gallery-1-69734'>\n\t\t\t\tCasa Pau \/ Beson\u00edas Almeida Arquitectos (\u00a9 Federico Kulekdjian)\n\t\t\t\t<\/figcaption><\/figure><figure class='gallery-item'>\n\t\t\t<div class='gallery-icon landscape'>\n\t\t\t\t<a href='https:\/\/www.arquimaster.com.ar\/web\/wp-content\/uploads\/2022\/04\/casa_pau14.jpg' title=\"Casa Pau \/ Beson\u00edas Almeida Arquitectos (\u00a9 Federico Kulekdjian)\" data-rl_title=\"Casa Pau \/ Beson\u00edas Almeida Arquitectos (\u00a9 Federico Kulekdjian)\" class=\"rl-gallery-link\" data-rl_caption=\"Casa Pau \/ Beson\u00edas Almeida Arquitectos (\u00a9 Federico Kulekdjian)\" data-rel=\"lightbox-gallery-1\"><img loading=\"lazy\" decoding=\"async\" width=\"150\" height=\"150\" src=\"https:\/\/www.arquimaster.com.ar\/web\/wp-content\/uploads\/2022\/04\/casa_pau14-150x150.jpg\" class=\"attachment-thumbnail size-thumbnail\" alt=\"Casa Pau \/ Beson\u00edas Almeida Arquitectos\" aria-describedby=\"gallery-1-69735\" \/><\/a>\n\t\t\t<\/div>\n\t\t\t\t<figcaption class='wp-caption-text gallery-caption' id='gallery-1-69735'>\n\t\t\t\tCasa Pau \/ Beson\u00edas Almeida Arquitectos (\u00a9 Federico Kulekdjian)\n\t\t\t\t<\/figcaption><\/figure><figure class='gallery-item'>\n\t\t\t<div class='gallery-icon portrait'>\n\t\t\t\t<a href='https:\/\/www.arquimaster.com.ar\/web\/wp-content\/uploads\/2022\/04\/casa_pau15.jpg' title=\"Casa Pau \/ Beson\u00edas Almeida Arquitectos (\u00a9 Federico Kulekdjian)\" data-rl_title=\"Casa Pau \/ Beson\u00edas Almeida Arquitectos (\u00a9 Federico Kulekdjian)\" class=\"rl-gallery-link\" data-rl_caption=\"Casa Pau \/ Beson\u00edas Almeida Arquitectos (\u00a9 Federico Kulekdjian)\" data-rel=\"lightbox-gallery-1\"><img loading=\"lazy\" decoding=\"async\" width=\"150\" height=\"150\" src=\"https:\/\/www.arquimaster.com.ar\/web\/wp-content\/uploads\/2022\/04\/casa_pau15-150x150.jpg\" class=\"attachment-thumbnail size-thumbnail\" alt=\"Casa Pau \/ Beson\u00edas Almeida Arquitectos\" aria-describedby=\"gallery-1-69736\" \/><\/a>\n\t\t\t<\/div>\n\t\t\t\t<figcaption class='wp-caption-text gallery-caption' id='gallery-1-69736'>\n\t\t\t\tCasa Pau \/ Beson\u00edas Almeida Arquitectos (\u00a9 Federico Kulekdjian)\n\t\t\t\t<\/figcaption><\/figure><figure class='gallery-item'>\n\t\t\t<div class='gallery-icon landscape'>\n\t\t\t\t<a href='https:\/\/www.arquimaster.com.ar\/web\/wp-content\/uploads\/2022\/04\/casa_pau16.jpg' title=\"Casa Pau \/ Beson\u00edas Almeida Arquitectos (\u00a9 Hern\u00e1n de Almeida)\" data-rl_title=\"Casa Pau \/ Beson\u00edas Almeida Arquitectos (\u00a9 Hern\u00e1n de Almeida)\" class=\"rl-gallery-link\" data-rl_caption=\"Casa Pau \/ Beson\u00edas Almeida Arquitectos (\u00a9 Hern\u00e1n de Almeida)\" data-rel=\"lightbox-gallery-1\"><img loading=\"lazy\" decoding=\"async\" width=\"150\" height=\"150\" src=\"https:\/\/www.arquimaster.com.ar\/web\/wp-content\/uploads\/2022\/04\/casa_pau16-150x150.jpg\" class=\"attachment-thumbnail size-thumbnail\" alt=\"Casa Pau \/ Beson\u00edas Almeida Arquitectos\" aria-describedby=\"gallery-1-69737\" \/><\/a>\n\t\t\t<\/div>\n\t\t\t\t<figcaption class='wp-caption-text gallery-caption' id='gallery-1-69737'>\n\t\t\t\tCasa Pau \/ Beson\u00edas Almeida Arquitectos (\u00a9 Hern\u00e1n de Almeida)\n\t\t\t\t<\/figcaption><\/figure><figure class='gallery-item'>\n\t\t\t<div class='gallery-icon landscape'>\n\t\t\t\t<a href='https:\/\/www.arquimaster.com.ar\/web\/wp-content\/uploads\/2022\/04\/casa_pau17.jpg' title=\"Casa Pau \/ Beson\u00edas Almeida Arquitectos (\u00a9 Federico Kulekdjian)\" data-rl_title=\"Casa Pau \/ Beson\u00edas Almeida Arquitectos (\u00a9 Federico Kulekdjian)\" class=\"rl-gallery-link\" data-rl_caption=\"Casa Pau \/ Beson\u00edas Almeida Arquitectos (\u00a9 Federico Kulekdjian)\" data-rel=\"lightbox-gallery-1\"><img loading=\"lazy\" decoding=\"async\" width=\"150\" height=\"150\" src=\"https:\/\/www.arquimaster.com.ar\/web\/wp-content\/uploads\/2022\/04\/casa_pau17-150x150.jpg\" class=\"attachment-thumbnail size-thumbnail\" alt=\"Casa Pau \/ Beson\u00edas Almeida Arquitectos\" aria-describedby=\"gallery-1-69738\" \/><\/a>\n\t\t\t<\/div>\n\t\t\t\t<figcaption class='wp-caption-text gallery-caption' id='gallery-1-69738'>\n\t\t\t\tCasa Pau \/ Beson\u00edas Almeida Arquitectos (\u00a9 Federico Kulekdjian)\n\t\t\t\t<\/figcaption><\/figure><figure class='gallery-item'>\n\t\t\t<div class='gallery-icon landscape'>\n\t\t\t\t<a href='https:\/\/www.arquimaster.com.ar\/web\/wp-content\/uploads\/2022\/04\/casa_pau18.jpg' title=\"Casa Pau \/ Beson\u00edas Almeida Arquitectos (\u00a9 Federico Kulekdjian)\" data-rl_title=\"Casa Pau \/ Beson\u00edas Almeida Arquitectos (\u00a9 Federico Kulekdjian)\" class=\"rl-gallery-link\" data-rl_caption=\"Casa Pau \/ Beson\u00edas Almeida Arquitectos (\u00a9 Federico Kulekdjian)\" data-rel=\"lightbox-gallery-1\"><img loading=\"lazy\" decoding=\"async\" width=\"150\" height=\"150\" src=\"https:\/\/www.arquimaster.com.ar\/web\/wp-content\/uploads\/2022\/04\/casa_pau18-150x150.jpg\" class=\"attachment-thumbnail size-thumbnail\" alt=\"Casa Pau \/ Beson\u00edas Almeida Arquitectos\" aria-describedby=\"gallery-1-69739\" \/><\/a>\n\t\t\t<\/div>\n\t\t\t\t<figcaption class='wp-caption-text gallery-caption' id='gallery-1-69739'>\n\t\t\t\tCasa Pau \/ Beson\u00edas Almeida Arquitectos (\u00a9 Federico Kulekdjian)\n\t\t\t\t<\/figcaption><\/figure><figure class='gallery-item'>\n\t\t\t<div class='gallery-icon portrait'>\n\t\t\t\t<a href='https:\/\/www.arquimaster.com.ar\/web\/wp-content\/uploads\/2022\/04\/casa_pau19.jpg' title=\"Casa Pau \/ Beson\u00edas Almeida Arquitectos (\u00a9 Federico Kulekdjian)\" data-rl_title=\"Casa Pau \/ Beson\u00edas Almeida Arquitectos (\u00a9 Federico Kulekdjian)\" class=\"rl-gallery-link\" data-rl_caption=\"Casa Pau \/ Beson\u00edas Almeida Arquitectos (\u00a9 Federico Kulekdjian)\" data-rel=\"lightbox-gallery-1\"><img loading=\"lazy\" decoding=\"async\" width=\"150\" height=\"150\" src=\"https:\/\/www.arquimaster.com.ar\/web\/wp-content\/uploads\/2022\/04\/casa_pau19-150x150.jpg\" class=\"attachment-thumbnail size-thumbnail\" alt=\"Casa Pau \/ Beson\u00edas Almeida Arquitectos\" aria-describedby=\"gallery-1-69740\" \/><\/a>\n\t\t\t<\/div>\n\t\t\t\t<figcaption class='wp-caption-text gallery-caption' id='gallery-1-69740'>\n\t\t\t\tCasa Pau \/ Beson\u00edas Almeida Arquitectos (\u00a9 Federico Kulekdjian)\n\t\t\t\t<\/figcaption><\/figure><figure class='gallery-item'>\n\t\t\t<div class='gallery-icon landscape'>\n\t\t\t\t<a href='https:\/\/www.arquimaster.com.ar\/web\/wp-content\/uploads\/2022\/04\/casa_pau20.jpg' title=\"Casa Pau \/ Beson\u00edas Almeida Arquitectos (\u00a9 Federico Kulekdjian)\" data-rl_title=\"Casa Pau \/ Beson\u00edas Almeida Arquitectos (\u00a9 Federico Kulekdjian)\" class=\"rl-gallery-link\" data-rl_caption=\"Casa Pau \/ Beson\u00edas Almeida Arquitectos (\u00a9 Federico Kulekdjian)\" data-rel=\"lightbox-gallery-1\"><img loading=\"lazy\" decoding=\"async\" width=\"150\" height=\"150\" src=\"https:\/\/www.arquimaster.com.ar\/web\/wp-content\/uploads\/2022\/04\/casa_pau20-150x150.jpg\" class=\"attachment-thumbnail size-thumbnail\" alt=\"Casa Pau \/ Beson\u00edas Almeida Arquitectos\" aria-describedby=\"gallery-1-69741\" \/><\/a>\n\t\t\t<\/div>\n\t\t\t\t<figcaption class='wp-caption-text gallery-caption' id='gallery-1-69741'>\n\t\t\t\tCasa Pau \/ Beson\u00edas Almeida Arquitectos (\u00a9 Federico Kulekdjian)\n\t\t\t\t<\/figcaption><\/figure><figure class='gallery-item'>\n\t\t\t<div class='gallery-icon landscape'>\n\t\t\t\t<a href='https:\/\/www.arquimaster.com.ar\/web\/wp-content\/uploads\/2022\/04\/casa_pau21.jpg' title=\"Casa Pau \/ Beson\u00edas Almeida Arquitectos (\u00a9 Federico Kulekdjian)\" data-rl_title=\"Casa Pau \/ Beson\u00edas Almeida Arquitectos (\u00a9 Federico Kulekdjian)\" class=\"rl-gallery-link\" data-rl_caption=\"Casa Pau \/ Beson\u00edas Almeida Arquitectos (\u00a9 Federico Kulekdjian)\" data-rel=\"lightbox-gallery-1\"><img loading=\"lazy\" decoding=\"async\" width=\"150\" height=\"150\" src=\"https:\/\/www.arquimaster.com.ar\/web\/wp-content\/uploads\/2022\/04\/casa_pau21-150x150.jpg\" class=\"attachment-thumbnail size-thumbnail\" alt=\"Casa Pau \/ Beson\u00edas Almeida Arquitectos\" aria-describedby=\"gallery-1-69742\" \/><\/a>\n\t\t\t<\/div>\n\t\t\t\t<figcaption class='wp-caption-text gallery-caption' id='gallery-1-69742'>\n\t\t\t\tCasa Pau \/ Beson\u00edas Almeida Arquitectos (\u00a9 Federico Kulekdjian)\n\t\t\t\t<\/figcaption><\/figure><figure class='gallery-item'>\n\t\t\t<div class='gallery-icon landscape'>\n\t\t\t\t<a href='https:\/\/www.arquimaster.com.ar\/web\/wp-content\/uploads\/2022\/04\/casa_pau22.jpg' title=\"Casa Pau \/ Beson\u00edas Almeida Arquitectos (\u00a9 Federico Kulekdjian)\" data-rl_title=\"Casa Pau \/ Beson\u00edas Almeida Arquitectos (\u00a9 Federico Kulekdjian)\" class=\"rl-gallery-link\" data-rl_caption=\"Casa Pau \/ Beson\u00edas Almeida Arquitectos (\u00a9 Federico Kulekdjian)\" data-rel=\"lightbox-gallery-1\"><img loading=\"lazy\" decoding=\"async\" width=\"150\" height=\"150\" src=\"https:\/\/www.arquimaster.com.ar\/web\/wp-content\/uploads\/2022\/04\/casa_pau22-150x150.jpg\" class=\"attachment-thumbnail size-thumbnail\" alt=\"Casa Pau \/ Beson\u00edas Almeida Arquitectos\" aria-describedby=\"gallery-1-69743\" \/><\/a>\n\t\t\t<\/div>\n\t\t\t\t<figcaption class='wp-caption-text gallery-caption' id='gallery-1-69743'>\n\t\t\t\tCasa Pau \/ Beson\u00edas Almeida Arquitectos (\u00a9 Federico Kulekdjian)\n\t\t\t\t<\/figcaption><\/figure><figure class='gallery-item'>\n\t\t\t<div class='gallery-icon landscape'>\n\t\t\t\t<a href='https:\/\/www.arquimaster.com.ar\/web\/wp-content\/uploads\/2022\/04\/casa_pau23.jpg' title=\"Casa Pau \/ Beson\u00edas Almeida Arquitectos (\u00a9 Federico Kulekdjian)\" data-rl_title=\"Casa Pau \/ Beson\u00edas Almeida Arquitectos (\u00a9 Federico Kulekdjian)\" class=\"rl-gallery-link\" data-rl_caption=\"Casa Pau \/ Beson\u00edas Almeida Arquitectos (\u00a9 Federico Kulekdjian)\" data-rel=\"lightbox-gallery-1\"><img loading=\"lazy\" decoding=\"async\" width=\"150\" height=\"150\" src=\"https:\/\/www.arquimaster.com.ar\/web\/wp-content\/uploads\/2022\/04\/casa_pau23-150x150.jpg\" class=\"attachment-thumbnail size-thumbnail\" alt=\"Casa Pau \/ Beson\u00edas Almeida Arquitectos\" aria-describedby=\"gallery-1-69744\" \/><\/a>\n\t\t\t<\/div>\n\t\t\t\t<figcaption class='wp-caption-text gallery-caption' id='gallery-1-69744'>\n\t\t\t\tCasa Pau \/ Beson\u00edas Almeida Arquitectos (\u00a9 Federico Kulekdjian)\n\t\t\t\t<\/figcaption><\/figure><figure class='gallery-item'>\n\t\t\t<div class='gallery-icon landscape'>\n\t\t\t\t<a href='https:\/\/www.arquimaster.com.ar\/web\/wp-content\/uploads\/2022\/04\/casa_pau24.jpg' title=\"Casa Pau \/ Beson\u00edas Almeida Arquitectos (planta)\" data-rl_title=\"Casa Pau \/ Beson\u00edas Almeida Arquitectos (planta)\" class=\"rl-gallery-link\" data-rl_caption=\"Casa Pau \/ Beson\u00edas Almeida Arquitectos (planta)\" data-rel=\"lightbox-gallery-1\"><img loading=\"lazy\" decoding=\"async\" width=\"150\" height=\"150\" src=\"https:\/\/www.arquimaster.com.ar\/web\/wp-content\/uploads\/2022\/04\/casa_pau24-150x150.jpg\" class=\"attachment-thumbnail size-thumbnail\" alt=\"Casa Pau \/ Beson\u00edas Almeida Arquitectos\" aria-describedby=\"gallery-1-69745\" \/><\/a>\n\t\t\t<\/div>\n\t\t\t\t<figcaption class='wp-caption-text gallery-caption' id='gallery-1-69745'>\n\t\t\t\tCasa Pau \/ Beson\u00edas Almeida Arquitectos (planta)\n\t\t\t\t<\/figcaption><\/figure><figure class='gallery-item'>\n\t\t\t<div class='gallery-icon landscape'>\n\t\t\t\t<a href='https:\/\/www.arquimaster.com.ar\/web\/wp-content\/uploads\/2022\/04\/casa_pau25.jpg' title=\"Casa Pau \/ Beson\u00edas Almeida Arquitectos (corte)\" data-rl_title=\"Casa Pau \/ Beson\u00edas Almeida Arquitectos (corte)\" class=\"rl-gallery-link\" data-rl_caption=\"Casa Pau \/ Beson\u00edas Almeida Arquitectos (corte)\" data-rel=\"lightbox-gallery-1\"><img loading=\"lazy\" decoding=\"async\" width=\"150\" height=\"150\" src=\"https:\/\/www.arquimaster.com.ar\/web\/wp-content\/uploads\/2022\/04\/casa_pau25-150x150.jpg\" class=\"attachment-thumbnail size-thumbnail\" alt=\"Casa Pau \/ Beson\u00edas Almeida Arquitectos\" aria-describedby=\"gallery-1-69746\" \/><\/a>\n\t\t\t<\/div>\n\t\t\t\t<figcaption class='wp-caption-text gallery-caption' id='gallery-1-69746'>\n\t\t\t\tCasa Pau \/ Beson\u00edas Almeida Arquitectos (corte)\n\t\t\t\t<\/figcaption><\/figure><figure class='gallery-item'>\n\t\t\t<div class='gallery-icon landscape'>\n\t\t\t\t<a href='https:\/\/www.arquimaster.com.ar\/web\/wp-content\/uploads\/2022\/04\/casa_pau26.jpg' title=\"Casa Pau \/ Beson\u00edas Almeida Arquitectos (corte)\" data-rl_title=\"Casa Pau \/ Beson\u00edas Almeida Arquitectos (corte)\" class=\"rl-gallery-link\" data-rl_caption=\"Casa Pau \/ Beson\u00edas Almeida Arquitectos (corte)\" data-rel=\"lightbox-gallery-1\"><img loading=\"lazy\" decoding=\"async\" width=\"150\" height=\"150\" src=\"https:\/\/www.arquimaster.com.ar\/web\/wp-content\/uploads\/2022\/04\/casa_pau26-150x150.jpg\" class=\"attachment-thumbnail size-thumbnail\" alt=\"Casa Pau \/ Beson\u00edas Almeida Arquitectos\" aria-describedby=\"gallery-1-69747\" \/><\/a>\n\t\t\t<\/div>\n\t\t\t\t<figcaption class='wp-caption-text gallery-caption' id='gallery-1-69747'>\n\t\t\t\tCasa Pau \/ Beson\u00edas Almeida Arquitectos (corte)\n\t\t\t\t<\/figcaption><\/figure><figure class='gallery-item'>\n\t\t\t<div class='gallery-icon landscape'>\n\t\t\t\t<a href='https:\/\/www.arquimaster.com.ar\/web\/wp-content\/uploads\/2022\/04\/casa_pau27.jpg' title=\"Casa Pau \/ Beson\u00edas Almeida Arquitectos (corte)\" data-rl_title=\"Casa Pau \/ Beson\u00edas Almeida Arquitectos (corte)\" class=\"rl-gallery-link\" data-rl_caption=\"Casa Pau \/ Beson\u00edas Almeida Arquitectos (corte)\" data-rel=\"lightbox-gallery-1\"><img loading=\"lazy\" decoding=\"async\" width=\"150\" height=\"150\" src=\"https:\/\/www.arquimaster.com.ar\/web\/wp-content\/uploads\/2022\/04\/casa_pau27-150x150.jpg\" class=\"attachment-thumbnail size-thumbnail\" alt=\"Casa Pau \/ Beson\u00edas Almeida Arquitectos\" aria-describedby=\"gallery-1-69748\" \/><\/a>\n\t\t\t<\/div>\n\t\t\t\t<figcaption class='wp-caption-text gallery-caption' id='gallery-1-69748'>\n\t\t\t\tCasa Pau \/ Beson\u00edas Almeida Arquitectos (corte)\n\t\t\t\t<\/figcaption><\/figure>\n\t\t<\/div>\n\n<p><\/p>\n<p>El desaf\u00edo de este encargo fue entonces concebir una vivienda que ten\u00eda que empezar a jugar sola, sentando sus propias leyes, a la espera de un completamiento que, como est\u00e1 reglamentado en este tipo de urbanizaciones, alienta la proliferaci\u00f3n de objetos sueltos formalmente autistas rodeados de jardines.<\/p>\n<p>El lote, en forma de sector circular, presentaba el inconveniente de un frente muy angosto para acceder al mismo y contaba con la ventaja de que la apertura en abanico hacia el fondo linda con un espacio com\u00fan con unos pocos arboles aislados.<\/p>\n<p><strong>El encargo<\/strong><br>Los comitentes, un matrimonio con dos hijas j\u00f3venes, quer\u00edan una casa desarrollada totalmente en planta baja para asegurarse una estrecha relaci\u00f3n de todos los ambientes de la casa con el exterior.<\/p>\n<p>Necesitaban contar con un dormitorio principal con ba\u00f1o y gran vestidor, dos dormitorios para las hijas con un ba\u00f1o para compartir, un sector social de amplias dimensiones con la cocina integrada y, vinculada a \u00e9sta, el lavadero. Una galer\u00eda cubierta, con asador, vinculada a la cocina, y una cochera cubierta de medidas generosas para dos autom\u00f3viles, dos motos y varias bicicletas. <\/p>\n<p><strong>La propuesta<\/strong><br>La forma tan particular del lote es la que finalmente aporta la soluci\u00f3n: una tipolog\u00eda de casa de patio que replica en planta la forma del lote con sus retiros obligatorios logra resolver todos los temas requeridos.<\/p>\n<p>A trav\u00e9s de una estrecha abertura se accede a ese patio-jard\u00edn, n\u00facleo fundacional de esta vivienda, al que se vuelcan todos los ambientes, teniendo en cuenta que aquellos espacios necesitados de mayor intimidad lo hagan protegidos con pantallas construidas con tablas de madera de quebracho con orientaci\u00f3n regulable. Este sistema no s\u00f3lo permite la regulaci\u00f3n de las vistas, sino que protege de la incidencia del sol sobre los grandes ventanales.<\/p>\n<p>Un solado que atraviesa en diagonal todo el patio y se prolonga en la piscina marca el acceso y define dos sectores bien diferenciados. Hacia la izquierda, el de las actividades comunes y de servicio, y hacia la derecha el de los dormitorios. El comedor y el estar son los ambientes destacados, ya que hacen de puente entre el patio de ingreso y el fondo libre.<\/p>\n<p>El patio es el que provee vegetaci\u00f3n y luz a todos los ambientes. Las fachadas laterales se protegen de la vista de los vecinos con una serie de tabiques verticales de hormig\u00f3n. Hacia el fondo todos los ambientes se abren a trav\u00e9s de grandes ventanales protegidos por importantes aleros.<\/p>\n<p><strong>El tratamiento de la luz natural<\/strong><br>En todos los proyectos del estudio existe una atenci\u00f3n especial dirigida tanto a controlar la incidencia de los rayos solares sobre las superficies acristaladas como a aprovechar la luz natural como un material de proyecto que aporta riqueza a los espacios habitables.<\/p>\n<p>Se concibe a las aberturas como tales, no como elementos estandarizados con medidas y posiciones predeterminadas sino como horadados en las construcciones que, por supuesto, permitan ventilar e iluminar los ambientes, pero tambi\u00e9n dejar indefinida la relaci\u00f3n exterior-interior, enmarcar el paisaje, filtrar la luz, reflejarla en un muro, etc. Esas perforaciones son el resultado de las b\u00fasquedas particulares de cada proyecto y de las relaciones que se quieran establecer con su entorno espec\u00edfico.<\/p>\n<p>En este proyecto en particular, la forma y posici\u00f3n de las aberturas protegidas por los tabiques de hormig\u00f3n o las pantallas de madera van definiendo una multiplicidad de atmosferas cambiantes que buscan resaltar la espacialidad de los ambientes.<\/p>\n\n\n<div style=\"height:20px\" aria-hidden=\"true\" class=\"wp-block-spacer\"><\/div>\n\n\n\n<p class=\"has-background\" style=\"background-color:#eaeaea\"><strong>Ficha t\u00e9cnica<\/strong><br>Nombre: Casa Pau<br>Ubicaci\u00f3n: Hudson, Prov. de Buenos Aires, Argentina<br>Colaboradores: Arq. Micaela Salibe, Arq. Guido Galluppo, Hern\u00e1n de Almeida<br>Superficie construida: 223 m2<br>A\u00f1o de construcci\u00f3n: 2022<br>Fotos: Hern\u00e1n de Almeida y Federico Kulekdjian<br>Texto: Mar\u00eda Victoria Beson\u00edas<br><br><strong>Contacto<\/strong><br><a href=\"https:\/\/www.besoniasalmeida.com\" target=\"_blank\" rel=\"noreferrer noopener\">https:\/\/www.besoniasalmeida.com<\/a><\/p>\n\n\n\n<div style=\"height:40px\" aria-hidden=\"true\" class=\"wp-block-spacer\"><\/div>\n\n\n<p><strong><em>English version<\/em><\/strong><\/p>\n<p><strong><em>Pau House<\/em><\/strong><\/p>\n<p><strong><em>The place<\/em><\/strong><br><em>Casa Pau is located in a private neighborhood 35 km from the city of Buenos Aires. It is a new urbanization, developed in lands of rural origin that, due to its proximity to the freeways, have been transformed into places suitable for living.<br><\/em><br><em>In a place with very few neighboring houses, with little original vegetation and with a new plantation still very incipient, the house had to be designed lacking all the data provided by a consolidated neighborhood.<\/em><\/p>\n<p><em>The challenge of this commission was then to conceive a house that had to start playing on its own, setting its own laws, waiting for a completion that, as it is regulated in this type of urbanization, encourages the proliferation of detached and formally autistic objects surrounded by gardens.<\/em><\/p>\n<p><em>The lot, in the form of a circular sector, had the disadvantage of a very narrow front to access it and had the advantage that the fan-shaped opening towards the back bordered a common space with a few isolated trees.<\/em><\/p>\n<p><strong><em>The commission<\/em><\/strong><br><em>The clients, a married couple with two young daughters, wanted a house developed entirely on the ground floor to ensure a close relationship between all the rooms of the house and the exterior.<\/em><\/p>\n<p><em>They needed to have a master bedroom with bathroom and dressing room, two bedrooms for the daughters with a shared bathroom, a large social area with an integrated kitchen and, linked to it, a laundry room. A covered gallery, with barbecue, linked to the kitchen, and a generously sized covered garage for two cars, two motorcycles and several bicycles.<\/em><\/p>\n<p><strong><em>The proposal<\/em><\/strong><br><em>The particular shape of the lot is what finally provides the solution: a patio house typology that replicates in plan the shape of the lot with its mandatory setbacks manages to solve all the required issues.<\/em><\/p>\n<p><em>A narrow opening leads to the patio-garden, the foundational core of this house, to which all the rooms are directed, taking into account that those spaces that need more privacy are protected by screens made of quebracho wood boards with adjustable orientation. This system not only allows the regulation of the views, but also protects from the incidence of the sun on the large windows.<\/em><\/p>\n<p><em>A floor that diagonally crosses the entire patio and extends into the swimming pool marks the access and defines two distinct sectors. To the left, the common and service activities, and to the right, the bedrooms. The dining room and the living room are the most prominent rooms, as they act as a bridge between the entrance courtyard and the open backyard.<\/em><\/p>\n<p><em>The courtyard provides vegetation and light to all the rooms. The side facades are protected from the view of the neighbors with a series of vertical concrete partitions. Towards the back, all the rooms open up through large windows protected by large eaves.<\/em><\/p>\n<p><strong><em>The treatment of natural light<\/em><\/strong><br><em>In all of the studio\u2019s projects special attention is paid both to controlling the incidence of sunlight on the glazed surfaces and to taking advantage of natural light as a design material that adds richness to the living spaces.<\/em><\/p>\n<p><em>The openings are conceived as such, not as standardized elements with predetermined measurements and positions, but as perforations in the constructions that, of course, allow ventilating and illuminating the environments, but also to leave the exterior-interior relationship undefined, frame the landscape, filter the light, reflect it on a wall, etc. These perforations are the result of the particular searches of each project and the relationships that are to be established with their specific environment.<\/em><\/p>\n<p><em>In this particular project, the shape and position of the openings protected by the concrete partitions or the wooden screens define a multiplicity of changing atmospheres that seek to highlight the spatiality of the rooms.<\/em><\/p>\n<div style=\"font-size: 0px; height: 0px; line-height: 0px; margin: 0; padding: 0; clear: both;\"><\/div><div style=\"margin-top: 0px; margin-bottom: 0px;\" class=\"sharethis-inline-share-buttons\" ><\/div>","protected":false},"excerpt":{"rendered":"<p>La forma y posici\u00f3n de las aberturas van definiendo una multiplicidad de atmosferas&#8230;<\/p>\n","protected":false},"author":1,"featured_media":69722,"comment_status":"closed","ping_status":"closed","sticky":false,"template":"","format":"standard","meta":{"_uag_custom_page_level_css":"","footnotes":""},"categories":[1,83],"tags":[4282,3373,16,847,846,3376,1176,7389,701,3375,6900,254],"class_list":["post-69721","post","type-post","status-publish","format-standard","has-post-thumbnail","hentry","category-proyecto","category-vivienda-unifamiliar","tag-arquitectura-residencial","tag-besonias-almeida-arquitectos","tag-buenos-aires","tag-casa-en-barrio-cerrado","tag-casa-en-country","tag-guillermo-de-almeida","tag-hormigon-a-la-vista","tag-hudson","tag-madera","tag-maria-victoria-besonias","tag-vivienda-permanente","tag-vivienda-unifamiliar-2","generate-columns","tablet-grid-50","mobile-grid-100","grid-parent","grid-50"],"yoast_head":"<!-- This site is optimized with the Yoast SEO plugin v27.3 - https:\/\/yoast.com\/product\/yoast-seo-wordpress\/ -->\n<title>Casa Pau \/ Beson\u00edas Almeida Arquitectos - Arquimaster<\/title>\n<meta name=\"description\" content=\"La forma y posici\u00f3n de las aberturas protegidas por los tabiques de hormig\u00f3n o las pantallas de madera van definiendo una multiplicidad de atmosferas cambiantes.\" \/>\n<meta name=\"robots\" content=\"index, follow, max-snippet:-1, max-image-preview:large, max-video-preview:-1\" \/>\n<link rel=\"canonical\" href=\"https:\/\/www.arquimaster.com.ar\/web\/casa-pau-besonias-almeida-arquitectos\/\" \/>\n<meta property=\"og:locale\" content=\"es_ES\" \/>\n<meta property=\"og:type\" content=\"article\" \/>\n<meta property=\"og:title\" content=\"Casa Pau \/ Beson\u00edas Almeida Arquitectos\" \/>\n<meta property=\"og:description\" content=\"La forma y posici\u00f3n de las aberturas protegidas por los tabiques de hormig\u00f3n o las pantallas de madera van definiendo una multiplicidad de atmosferas cambiantes.\" \/>\n<meta property=\"og:url\" content=\"https:\/\/www.arquimaster.com.ar\/web\/casa-pau-besonias-almeida-arquitectos\/\" \/>\n<meta property=\"og:site_name\" content=\"Arquimaster\" \/>\n<meta property=\"article:publisher\" content=\"http:\/\/www.facebook.com\/ARQUIMASTER.com.ar\" \/>\n<meta property=\"article:published_time\" content=\"2022-04-22T20:03:00+00:00\" \/>\n<meta property=\"article:modified_time\" content=\"2022-09-23T18:24:36+00:00\" \/>\n<meta property=\"og:image\" content=\"https:\/\/www.arquimaster.com.ar\/web\/wp-content\/uploads\/2022\/04\/casa_pau_slide.jpg\" \/>\n\t<meta property=\"og:image:width\" content=\"698\" \/>\n\t<meta property=\"og:image:height\" content=\"364\" \/>\n\t<meta property=\"og:image:type\" content=\"image\/jpeg\" \/>\n<meta name=\"author\" content=\"Arquimaster\" \/>\n<meta name=\"twitter:card\" content=\"summary_large_image\" \/>\n<meta name=\"twitter:title\" content=\"Casa Pau \/ Beson\u00edas Almeida Arquitectos\" \/>\n<meta name=\"twitter:description\" content=\"La forma y posici\u00f3n de las aberturas protegidas por los tabiques de hormig\u00f3n o las pantallas de madera van definiendo una multiplicidad de atmosferas cambiantes.\" \/>\n<meta name=\"twitter:image\" content=\"https:\/\/www.arquimaster.com.ar\/web\/wp-content\/uploads\/2022\/04\/casa_pau_slide.jpg\" \/>\n<meta name=\"twitter:creator\" content=\"@arquimaster\" \/>\n<meta name=\"twitter:site\" content=\"@arquimaster\" \/>\n<meta name=\"twitter:label1\" content=\"Escrito por\" \/>\n\t<meta name=\"twitter:data1\" content=\"Arquimaster\" \/>\n\t<meta name=\"twitter:label2\" content=\"Tiempo de lectura\" \/>\n\t<meta name=\"twitter:data2\" content=\"7 minutos\" \/>\n<script type=\"application\/ld+json\" class=\"yoast-schema-graph\">{\"@context\":\"https:\\\/\\\/schema.org\",\"@graph\":[{\"@type\":\"Article\",\"@id\":\"https:\\\/\\\/www.arquimaster.com.ar\\\/web\\\/casa-pau-besonias-almeida-arquitectos\\\/#article\",\"isPartOf\":{\"@id\":\"https:\\\/\\\/www.arquimaster.com.ar\\\/web\\\/casa-pau-besonias-almeida-arquitectos\\\/\"},\"author\":{\"name\":\"Arquimaster\",\"@id\":\"https:\\\/\\\/www.arquimaster.com.ar\\\/web\\\/#\\\/schema\\\/person\\\/359e9f7c00193fcde068e0dd2ceb0028\"},\"headline\":\"Casa Pau \\\/ Beson\u00edas Almeida Arquitectos\",\"datePublished\":\"2022-04-22T20:03:00+00:00\",\"dateModified\":\"2022-09-23T18:24:36+00:00\",\"mainEntityOfPage\":{\"@id\":\"https:\\\/\\\/www.arquimaster.com.ar\\\/web\\\/casa-pau-besonias-almeida-arquitectos\\\/\"},\"wordCount\":1384,\"publisher\":{\"@id\":\"https:\\\/\\\/www.arquimaster.com.ar\\\/web\\\/#organization\"},\"image\":{\"@id\":\"https:\\\/\\\/www.arquimaster.com.ar\\\/web\\\/casa-pau-besonias-almeida-arquitectos\\\/#primaryimage\"},\"thumbnailUrl\":\"https:\\\/\\\/www.arquimaster.com.ar\\\/web\\\/wp-content\\\/uploads\\\/2022\\\/04\\\/casa_pau_slide.jpg\",\"keywords\":[\"arquitectura residencial\",\"Besonias Almeida Arquitectos\",\"Buenos Aires\",\"casa en barrio cerrado\",\"casa en country\",\"Guillermo de Almeida\",\"hormig\u00f3n a la vista\",\"Hudson\",\"madera\",\"Mar\u00eda Victoria Besonias\",\"vivienda permanente\",\"vivienda unifamiliar\"],\"articleSection\":[\"Proyecto\",\"Vivienda unifamiliar y PH\"],\"inLanguage\":\"es\"},{\"@type\":\"WebPage\",\"@id\":\"https:\\\/\\\/www.arquimaster.com.ar\\\/web\\\/casa-pau-besonias-almeida-arquitectos\\\/\",\"url\":\"https:\\\/\\\/www.arquimaster.com.ar\\\/web\\\/casa-pau-besonias-almeida-arquitectos\\\/\",\"name\":\"Casa Pau \\\/ Beson\u00edas Almeida Arquitectos - Arquimaster\",\"isPartOf\":{\"@id\":\"https:\\\/\\\/www.arquimaster.com.ar\\\/web\\\/#website\"},\"primaryImageOfPage\":{\"@id\":\"https:\\\/\\\/www.arquimaster.com.ar\\\/web\\\/casa-pau-besonias-almeida-arquitectos\\\/#primaryimage\"},\"image\":{\"@id\":\"https:\\\/\\\/www.arquimaster.com.ar\\\/web\\\/casa-pau-besonias-almeida-arquitectos\\\/#primaryimage\"},\"thumbnailUrl\":\"https:\\\/\\\/www.arquimaster.com.ar\\\/web\\\/wp-content\\\/uploads\\\/2022\\\/04\\\/casa_pau_slide.jpg\",\"datePublished\":\"2022-04-22T20:03:00+00:00\",\"dateModified\":\"2022-09-23T18:24:36+00:00\",\"description\":\"La forma y posici\u00f3n de las aberturas protegidas por los tabiques de hormig\u00f3n o las pantallas de madera van definiendo una multiplicidad de atmosferas cambiantes.\",\"breadcrumb\":{\"@id\":\"https:\\\/\\\/www.arquimaster.com.ar\\\/web\\\/casa-pau-besonias-almeida-arquitectos\\\/#breadcrumb\"},\"inLanguage\":\"es\",\"potentialAction\":[{\"@type\":\"ReadAction\",\"target\":[\"https:\\\/\\\/www.arquimaster.com.ar\\\/web\\\/casa-pau-besonias-almeida-arquitectos\\\/\"]}]},{\"@type\":\"ImageObject\",\"inLanguage\":\"es\",\"@id\":\"https:\\\/\\\/www.arquimaster.com.ar\\\/web\\\/casa-pau-besonias-almeida-arquitectos\\\/#primaryimage\",\"url\":\"https:\\\/\\\/www.arquimaster.com.ar\\\/web\\\/wp-content\\\/uploads\\\/2022\\\/04\\\/casa_pau_slide.jpg\",\"contentUrl\":\"https:\\\/\\\/www.arquimaster.com.ar\\\/web\\\/wp-content\\\/uploads\\\/2022\\\/04\\\/casa_pau_slide.jpg\",\"width\":698,\"height\":364,\"caption\":\"Casa Pau \\\/ Beson\u00edas Almeida Arquitectos\"},{\"@type\":\"BreadcrumbList\",\"@id\":\"https:\\\/\\\/www.arquimaster.com.ar\\\/web\\\/casa-pau-besonias-almeida-arquitectos\\\/#breadcrumb\",\"itemListElement\":[{\"@type\":\"ListItem\",\"position\":1,\"name\":\"Portada\",\"item\":\"https:\\\/\\\/www.arquimaster.com.ar\\\/web\\\/\"},{\"@type\":\"ListItem\",\"position\":2,\"name\":\"Casa Pau \\\/ Beson\u00edas Almeida Arquitectos\"}]},{\"@type\":\"WebSite\",\"@id\":\"https:\\\/\\\/www.arquimaster.com.ar\\\/web\\\/#website\",\"url\":\"https:\\\/\\\/www.arquimaster.com.ar\\\/web\\\/\",\"name\":\"Arquimaster\",\"description\":\"Web de arquitectura, dise\u00f1o y construccion\",\"publisher\":{\"@id\":\"https:\\\/\\\/www.arquimaster.com.ar\\\/web\\\/#organization\"},\"potentialAction\":[{\"@type\":\"SearchAction\",\"target\":{\"@type\":\"EntryPoint\",\"urlTemplate\":\"https:\\\/\\\/www.arquimaster.com.ar\\\/web\\\/?s={search_term_string}\"},\"query-input\":{\"@type\":\"PropertyValueSpecification\",\"valueRequired\":true,\"valueName\":\"search_term_string\"}}],\"inLanguage\":\"es\"},{\"@type\":\"Organization\",\"@id\":\"https:\\\/\\\/www.arquimaster.com.ar\\\/web\\\/#organization\",\"name\":\"Arquimaster\",\"url\":\"https:\\\/\\\/www.arquimaster.com.ar\\\/web\\\/\",\"logo\":{\"@type\":\"ImageObject\",\"inLanguage\":\"es\",\"@id\":\"https:\\\/\\\/www.arquimaster.com.ar\\\/web\\\/#\\\/schema\\\/logo\\\/image\\\/\",\"url\":\"https:\\\/\\\/www.arquimaster.com.ar\\\/web\\\/wp-content\\\/uploads\\\/2022\\\/06\\\/arquimaster.png\",\"contentUrl\":\"https:\\\/\\\/www.arquimaster.com.ar\\\/web\\\/wp-content\\\/uploads\\\/2022\\\/06\\\/arquimaster.png\",\"width\":594,\"height\":78,\"caption\":\"Arquimaster\"},\"image\":{\"@id\":\"https:\\\/\\\/www.arquimaster.com.ar\\\/web\\\/#\\\/schema\\\/logo\\\/image\\\/\"},\"sameAs\":[\"http:\\\/\\\/www.facebook.com\\\/ARQUIMASTER.com.ar\",\"https:\\\/\\\/x.com\\\/arquimaster\",\"https:\\\/\\\/www.instagram.com\\\/arquimasterblog\\\/\",\"https:\\\/\\\/www.linkedin.com\\\/company\\\/arquimaster\",\"https:\\\/\\\/www.pinterest.com\\\/arquimaster\",\"https:\\\/\\\/t.me\\\/arquimaster\"]},{\"@type\":\"Person\",\"@id\":\"https:\\\/\\\/www.arquimaster.com.ar\\\/web\\\/#\\\/schema\\\/person\\\/359e9f7c00193fcde068e0dd2ceb0028\",\"name\":\"Arquimaster\"}]}<\/script>\n<!-- \/ Yoast SEO plugin. -->","yoast_head_json":{"title":"Casa Pau \/ Beson\u00edas Almeida Arquitectos - Arquimaster","description":"La forma y posici\u00f3n de las aberturas protegidas por los tabiques de hormig\u00f3n o las pantallas de madera van definiendo una multiplicidad de atmosferas cambiantes.","robots":{"index":"index","follow":"follow","max-snippet":"max-snippet:-1","max-image-preview":"max-image-preview:large","max-video-preview":"max-video-preview:-1"},"canonical":"https:\/\/www.arquimaster.com.ar\/web\/casa-pau-besonias-almeida-arquitectos\/","og_locale":"es_ES","og_type":"article","og_title":"Casa Pau \/ Beson\u00edas Almeida Arquitectos","og_description":"La forma y posici\u00f3n de las aberturas protegidas por los tabiques de hormig\u00f3n o las pantallas de madera van definiendo una multiplicidad de atmosferas cambiantes.","og_url":"https:\/\/www.arquimaster.com.ar\/web\/casa-pau-besonias-almeida-arquitectos\/","og_site_name":"Arquimaster","article_publisher":"http:\/\/www.facebook.com\/ARQUIMASTER.com.ar","article_published_time":"2022-04-22T20:03:00+00:00","article_modified_time":"2022-09-23T18:24:36+00:00","og_image":[{"width":698,"height":364,"url":"https:\/\/www.arquimaster.com.ar\/web\/wp-content\/uploads\/2022\/04\/casa_pau_slide.jpg","type":"image\/jpeg"}],"author":"Arquimaster","twitter_card":"summary_large_image","twitter_title":"Casa Pau \/ Beson\u00edas Almeida Arquitectos","twitter_description":"La forma y posici\u00f3n de las aberturas protegidas por los tabiques de hormig\u00f3n o las pantallas de madera van definiendo una multiplicidad de atmosferas cambiantes.","twitter_image":"https:\/\/www.arquimaster.com.ar\/web\/wp-content\/uploads\/2022\/04\/casa_pau_slide.jpg","twitter_creator":"@arquimaster","twitter_site":"@arquimaster","twitter_misc":{"Escrito por":"Arquimaster","Tiempo de lectura":"7 minutos"},"schema":{"@context":"https:\/\/schema.org","@graph":[{"@type":"Article","@id":"https:\/\/www.arquimaster.com.ar\/web\/casa-pau-besonias-almeida-arquitectos\/#article","isPartOf":{"@id":"https:\/\/www.arquimaster.com.ar\/web\/casa-pau-besonias-almeida-arquitectos\/"},"author":{"name":"Arquimaster","@id":"https:\/\/www.arquimaster.com.ar\/web\/#\/schema\/person\/359e9f7c00193fcde068e0dd2ceb0028"},"headline":"Casa Pau \/ Beson\u00edas Almeida Arquitectos","datePublished":"2022-04-22T20:03:00+00:00","dateModified":"2022-09-23T18:24:36+00:00","mainEntityOfPage":{"@id":"https:\/\/www.arquimaster.com.ar\/web\/casa-pau-besonias-almeida-arquitectos\/"},"wordCount":1384,"publisher":{"@id":"https:\/\/www.arquimaster.com.ar\/web\/#organization"},"image":{"@id":"https:\/\/www.arquimaster.com.ar\/web\/casa-pau-besonias-almeida-arquitectos\/#primaryimage"},"thumbnailUrl":"https:\/\/www.arquimaster.com.ar\/web\/wp-content\/uploads\/2022\/04\/casa_pau_slide.jpg","keywords":["arquitectura residencial","Besonias Almeida Arquitectos","Buenos Aires","casa en barrio cerrado","casa en country","Guillermo de Almeida","hormig\u00f3n a la vista","Hudson","madera","Mar\u00eda Victoria Besonias","vivienda permanente","vivienda unifamiliar"],"articleSection":["Proyecto","Vivienda unifamiliar y PH"],"inLanguage":"es"},{"@type":"WebPage","@id":"https:\/\/www.arquimaster.com.ar\/web\/casa-pau-besonias-almeida-arquitectos\/","url":"https:\/\/www.arquimaster.com.ar\/web\/casa-pau-besonias-almeida-arquitectos\/","name":"Casa Pau \/ Beson\u00edas Almeida Arquitectos - Arquimaster","isPartOf":{"@id":"https:\/\/www.arquimaster.com.ar\/web\/#website"},"primaryImageOfPage":{"@id":"https:\/\/www.arquimaster.com.ar\/web\/casa-pau-besonias-almeida-arquitectos\/#primaryimage"},"image":{"@id":"https:\/\/www.arquimaster.com.ar\/web\/casa-pau-besonias-almeida-arquitectos\/#primaryimage"},"thumbnailUrl":"https:\/\/www.arquimaster.com.ar\/web\/wp-content\/uploads\/2022\/04\/casa_pau_slide.jpg","datePublished":"2022-04-22T20:03:00+00:00","dateModified":"2022-09-23T18:24:36+00:00","description":"La forma y posici\u00f3n de las aberturas protegidas por los tabiques de hormig\u00f3n o las pantallas de madera van definiendo una multiplicidad de atmosferas cambiantes.","breadcrumb":{"@id":"https:\/\/www.arquimaster.com.ar\/web\/casa-pau-besonias-almeida-arquitectos\/#breadcrumb"},"inLanguage":"es","potentialAction":[{"@type":"ReadAction","target":["https:\/\/www.arquimaster.com.ar\/web\/casa-pau-besonias-almeida-arquitectos\/"]}]},{"@type":"ImageObject","inLanguage":"es","@id":"https:\/\/www.arquimaster.com.ar\/web\/casa-pau-besonias-almeida-arquitectos\/#primaryimage","url":"https:\/\/www.arquimaster.com.ar\/web\/wp-content\/uploads\/2022\/04\/casa_pau_slide.jpg","contentUrl":"https:\/\/www.arquimaster.com.ar\/web\/wp-content\/uploads\/2022\/04\/casa_pau_slide.jpg","width":698,"height":364,"caption":"Casa Pau \/ Beson\u00edas Almeida Arquitectos"},{"@type":"BreadcrumbList","@id":"https:\/\/www.arquimaster.com.ar\/web\/casa-pau-besonias-almeida-arquitectos\/#breadcrumb","itemListElement":[{"@type":"ListItem","position":1,"name":"Portada","item":"https:\/\/www.arquimaster.com.ar\/web\/"},{"@type":"ListItem","position":2,"name":"Casa Pau \/ Beson\u00edas Almeida Arquitectos"}]},{"@type":"WebSite","@id":"https:\/\/www.arquimaster.com.ar\/web\/#website","url":"https:\/\/www.arquimaster.com.ar\/web\/","name":"Arquimaster","description":"Web de arquitectura, dise\u00f1o y construccion","publisher":{"@id":"https:\/\/www.arquimaster.com.ar\/web\/#organization"},"potentialAction":[{"@type":"SearchAction","target":{"@type":"EntryPoint","urlTemplate":"https:\/\/www.arquimaster.com.ar\/web\/?s={search_term_string}"},"query-input":{"@type":"PropertyValueSpecification","valueRequired":true,"valueName":"search_term_string"}}],"inLanguage":"es"},{"@type":"Organization","@id":"https:\/\/www.arquimaster.com.ar\/web\/#organization","name":"Arquimaster","url":"https:\/\/www.arquimaster.com.ar\/web\/","logo":{"@type":"ImageObject","inLanguage":"es","@id":"https:\/\/www.arquimaster.com.ar\/web\/#\/schema\/logo\/image\/","url":"https:\/\/www.arquimaster.com.ar\/web\/wp-content\/uploads\/2022\/06\/arquimaster.png","contentUrl":"https:\/\/www.arquimaster.com.ar\/web\/wp-content\/uploads\/2022\/06\/arquimaster.png","width":594,"height":78,"caption":"Arquimaster"},"image":{"@id":"https:\/\/www.arquimaster.com.ar\/web\/#\/schema\/logo\/image\/"},"sameAs":["http:\/\/www.facebook.com\/ARQUIMASTER.com.ar","https:\/\/x.com\/arquimaster","https:\/\/www.instagram.com\/arquimasterblog\/","https:\/\/www.linkedin.com\/company\/arquimaster","https:\/\/www.pinterest.com\/arquimaster","https:\/\/t.me\/arquimaster"]},{"@type":"Person","@id":"https:\/\/www.arquimaster.com.ar\/web\/#\/schema\/person\/359e9f7c00193fcde068e0dd2ceb0028","name":"Arquimaster"}]}},"uagb_featured_image_src":{"full":["https:\/\/www.arquimaster.com.ar\/web\/wp-content\/uploads\/2022\/04\/casa_pau_slide.jpg",698,364,false],"thumbnail":["https:\/\/www.arquimaster.com.ar\/web\/wp-content\/uploads\/2022\/04\/casa_pau_slide-150x150.jpg",150,150,true],"medium":["https:\/\/www.arquimaster.com.ar\/web\/wp-content\/uploads\/2022\/04\/casa_pau_slide.jpg",698,364,false],"medium_large":["https:\/\/www.arquimaster.com.ar\/web\/wp-content\/uploads\/2022\/04\/casa_pau_slide.jpg",698,364,false],"large":["https:\/\/www.arquimaster.com.ar\/web\/wp-content\/uploads\/2022\/04\/casa_pau_slide.jpg",698,364,false],"1536x1536":["https:\/\/www.arquimaster.com.ar\/web\/wp-content\/uploads\/2022\/04\/casa_pau_slide.jpg",698,364,false],"2048x2048":["https:\/\/www.arquimaster.com.ar\/web\/wp-content\/uploads\/2022\/04\/casa_pau_slide.jpg",698,364,false]},"uagb_author_info":{"display_name":"Arquimaster","author_link":"https:\/\/www.arquimaster.com.ar\/web\/author\/arquimaster\/"},"uagb_comment_info":0,"uagb_excerpt":"La forma y posici\u00f3n de las aberturas van definiendo una multiplicidad de atmosferas...","_links":{"self":[{"href":"https:\/\/www.arquimaster.com.ar\/web\/wp-json\/wp\/v2\/posts\/69721","targetHints":{"allow":["GET"]}}],"collection":[{"href":"https:\/\/www.arquimaster.com.ar\/web\/wp-json\/wp\/v2\/posts"}],"about":[{"href":"https:\/\/www.arquimaster.com.ar\/web\/wp-json\/wp\/v2\/types\/post"}],"author":[{"embeddable":true,"href":"https:\/\/www.arquimaster.com.ar\/web\/wp-json\/wp\/v2\/users\/1"}],"replies":[{"embeddable":true,"href":"https:\/\/www.arquimaster.com.ar\/web\/wp-json\/wp\/v2\/comments?post=69721"}],"version-history":[{"count":2,"href":"https:\/\/www.arquimaster.com.ar\/web\/wp-json\/wp\/v2\/posts\/69721\/revisions"}],"predecessor-version":[{"id":72861,"href":"https:\/\/www.arquimaster.com.ar\/web\/wp-json\/wp\/v2\/posts\/69721\/revisions\/72861"}],"wp:featuredmedia":[{"embeddable":true,"href":"https:\/\/www.arquimaster.com.ar\/web\/wp-json\/wp\/v2\/media\/69722"}],"wp:attachment":[{"href":"https:\/\/www.arquimaster.com.ar\/web\/wp-json\/wp\/v2\/media?parent=69721"}],"wp:term":[{"taxonomy":"category","embeddable":true,"href":"https:\/\/www.arquimaster.com.ar\/web\/wp-json\/wp\/v2\/categories?post=69721"},{"taxonomy":"post_tag","embeddable":true,"href":"https:\/\/www.arquimaster.com.ar\/web\/wp-json\/wp\/v2\/tags?post=69721"}],"curies":[{"name":"wp","href":"https:\/\/api.w.org\/{rel}","templated":true}]}}